{"id":163,"__str__":"Projeto de Lei Complementar n\u00ba 4 de 2021 - Cargos, empregos e fun\u00e7\u00f5es p\u00fablicas","link_detail_backend":"/materia/materiaassunto/163","metadata":{},"assunto":9,"materia":989}