{"id":1222,"__str__":"Indica\u00e7\u00e3o n\u00ba 260 de 2021","link_detail_backend":"/materia/1222","metadata":{},"numero":260,"ano":2021,"numero_protocolo":1740,"data_apresentacao":"2021-08-09","tipo_apresentacao":"E","data_publicacao":null,"numero_origem_externa":"","ano_origem_externa":null,"data_origem_externa":null,"apelido":"","dias_prazo":null,"data_fim_prazo":null,"em_tramitacao":true,"polemica":false,"objeto":"","complementar":false,"ementa":"Indico ao Exm\u00b0 Sr. Jos\u00e9 Elias Figueiredo, prefeito municipal, a necessidade da urbaniza\u00e7\u00e3o e arboriza\u00e7\u00e3o da Avenida Ribeir\u00e3o Santana.","indexacao":"","observacao":"","resultado":"","texto_original":"http://sapl.santanadavargem.mg.leg.br/media/sapl/public/materialegislativa/2021/1222/09-08-2021_indicacao_60_juninho_1.pdf","data_ultima_atualizacao":"2021-08-09T11:54:09.011170-03:00","ip":"131.72.47.20","ultima_edicao":"2021-08-09T11:54:09.010784-03:00","tipo":24,"regime_tramitacao":1,"tipo_origem_externa":null,"local_origem_externa":null,"user":24,"anexadas":[],"autores":[44]}