{"id":1607,"__str__":"Requerimento n\u00ba 1 de 2022","link_detail_backend":"/materia/1607","metadata":{},"numero":1,"ano":2022,"numero_protocolo":143,"data_apresentacao":"2022-01-31","tipo_apresentacao":"E","data_publicacao":null,"numero_origem_externa":"","ano_origem_externa":null,"data_origem_externa":null,"apelido":"","dias_prazo":null,"data_fim_prazo":null,"em_tramitacao":true,"polemica":false,"objeto":"","complementar":false,"ementa":"Requeiro de V.Ex\u00aa, nos termos do inciso XI do art. 38 do Regimento Interno, informa\u00e7\u00f5es de quando iniciar\u00e1 o retorno das aulas em per\u00edodo integral do \u201cProjeto Crian\u00e7as do Futuro\u201d .","indexacao":"","observacao":"","resultado":"","texto_original":"http://sapl.santanadavargem.mg.leg.br/media/sapl/public/materialegislativa/2022/1607/requerimento_2022_-_ronalthe.pdf","data_ultima_atualizacao":"2022-01-31T13:59:41.709625-03:00","ip":"131.72.47.3","ultima_edicao":"2022-01-31T13:59:41.709390-03:00","tipo":25,"regime_tramitacao":1,"tipo_origem_externa":null,"local_origem_externa":null,"user":24,"anexadas":[],"autores":[43]}