{"id":2675,"__str__":"Projeto de Lei Ordin\u00e1ria do Legislativo n\u00ba 8 de 2023","link_detail_backend":"/materia/2675","metadata":{},"numero":8,"ano":2023,"numero_protocolo":1110,"data_apresentacao":"2023-05-30","tipo_apresentacao":"E","data_publicacao":null,"numero_origem_externa":"","ano_origem_externa":null,"data_origem_externa":null,"apelido":"","dias_prazo":null,"data_fim_prazo":null,"em_tramitacao":false,"polemica":false,"objeto":"","complementar":false,"ementa":"Institui a semana da paz nas escolas municipais, estaduais e privadas no munic\u00edpio de Santana da Vargem e d\u00e1 outras provid\u00eancias","indexacao":"","observacao":"","resultado":"","texto_original":"http://sapl.santanadavargem.mg.leg.br/media/sapl/public/materialegislativa/2023/2675/projeto_de_lei_008.pdf","data_ultima_atualizacao":"2025-01-23T15:59:58.129985-03:00","ip":"131.72.46.25","ultima_edicao":"2023-05-30T10:11:03.548120-03:00","tipo":29,"regime_tramitacao":1,"tipo_origem_externa":null,"local_origem_externa":null,"user":24,"anexadas":[2719,2722],"autores":[5]}