{"id":2698,"__str__":"Requerimento n\u00ba 5 de 2023","link_detail_backend":"/materia/2698","metadata":{},"numero":5,"ano":2023,"numero_protocolo":1172,"data_apresentacao":"2023-06-05","tipo_apresentacao":"E","data_publicacao":null,"numero_origem_externa":"","ano_origem_externa":null,"data_origem_externa":null,"apelido":"","dias_prazo":null,"data_fim_prazo":null,"em_tramitacao":true,"polemica":false,"objeto":"","complementar":false,"ementa":"Requer do Exm\u00ba Sr. Jos\u00e9 Elias Figueiredo, prefeito municipal, informa\u00e7\u00f5es sobre as a\u00e7\u00f5es de conscientiza\u00e7\u00e3o que o poder executivo municipal realizou no dia mundial do meio ambiente (05/06)","indexacao":"","observacao":"","resultado":"","texto_original":"http://sapl.santanadavargem.mg.leg.br/media/sapl/public/materialegislativa/2023/2698/requerimeto_0523_juninho1.pdf","data_ultima_atualizacao":"2023-06-05T10:03:37.949165-03:00","ip":"131.72.46.25","ultima_edicao":"2023-06-05T10:03:37.948902-03:00","tipo":25,"regime_tramitacao":1,"tipo_origem_externa":null,"local_origem_externa":null,"user":24,"anexadas":[],"autores":[44]}