{"id":3272,"__str__":"Indica\u00e7\u00e3o n\u00ba 12 de 2024","link_detail_backend":"/materia/3272","metadata":{},"numero":12,"ano":2024,"numero_protocolo":403,"data_apresentacao":"2024-03-25","tipo_apresentacao":"E","data_publicacao":null,"numero_origem_externa":"","ano_origem_externa":null,"data_origem_externa":null,"apelido":"","dias_prazo":null,"data_fim_prazo":null,"em_tramitacao":true,"polemica":false,"objeto":"","complementar":false,"ementa":"Indico ao Exmo. Sr. Jos\u00e9 Elias Figueiredo, prefeito municipal, necessidade de realizar uma inspe\u00e7\u00e3o nos setores privados e p\u00fablicos do munic\u00edpio para verificar se os estabelecimentos j\u00e1 inseriram a placa de atendimento priorit\u00e1rio para os autistas","indexacao":"","observacao":"","resultado":"","texto_original":"http://sapl.santanadavargem.mg.leg.br/media/sapl/public/materialegislativa/2024/3272/indicacao_0924_juninho.pdf","data_ultima_atualizacao":"2024-03-25T10:13:32.196019-03:00","ip":"131.72.46.52","ultima_edicao":"2024-03-25T10:13:32.191669-03:00","tipo":24,"regime_tramitacao":1,"tipo_origem_externa":null,"local_origem_externa":null,"user":24,"anexadas":[],"autores":[44]}