{"headers": {"id": "ID", "ano": "Ano", "numero": "N\u00famero", "tipo__sigla": "Tipo Documento/Sigla", "tipo__descricao": "Tipo Documento/Descri\u00e7\u00e3o", "assunto": "Assunto"}, "results": [{"id": "1", "ano": "2018", "numero": "1", "tipo__sigla": "NFB", "tipo__descricao": "Nota Fiscal/boleto", "assunto": "ENCAMINHA NF N\u00b02018/975 PARA RESSARCIMENTO DE ESTACIONAMENTO NA CIDADE DE BH."}, {"id": "6", "ano": "2018", "numero": "1", "tipo__sigla": "MEM", "tipo__descricao": "Memorando", "assunto": "ENCAMINHA SOLICITA\u00c7\u00c3O DE AQUISI\u00c7\u00c3O DE CARTUCHOS PARA IMPRESSORA, POR RUITER SILVA DE OLIVEIRA."}, {"id": "12", "ano": "2018", "numero": "1", "tipo__sigla": "CERT", "tipo__descricao": "CERTIFICADO", "assunto": "Certificado CCAP"}, {"id": "17", "ano": "2018", "numero": "1", "tipo__sigla": "REV", "tipo__descricao": "Relat\u00f3rios de rodagem do ve\u00edculo e outros", "assunto": "Parte de di\u00e1ria do ve\u00edculo para levar servidor para Tr\u00eas Pontas e Varginha para realizar pesquisa de pre\u00e7o e levar intima\u00e7\u00e3o para ex-prefeito Vitor Eloy."}, {"id": "19", "ano": "2018", "numero": "1", "tipo__sigla": "OR", "tipo__descricao": "OF\u00cdCIOS RECEBIDOS", "assunto": "Solicita retirada do Projeto de Lei Complementar 033/2018"}, {"id": "21", "ano": "2018", "numero": "1", "tipo__sigla": "DEC", "tipo__descricao": "Declara\u00e7\u00e3o", "assunto": "Promo\u00e7\u00e3o autom\u00e1tica"}, {"id": "23", "ano": "2018", "numero": "1", "tipo__sigla": "SO", "tipo__descricao": "SOLICITA\u00c7\u00c3O", "assunto": "Renato T. Solicita c\u00f3pia de filmagens."}, {"id": "34", "ano": "2018", "numero": "1", "tipo__sigla": "AT", "tipo__descricao": "ATESTADO", "assunto": "Atestado M\u00e9dico Kainne J.-23/10/18"}, {"id": "35", "ano": "2018", "numero": "1", "tipo__sigla": "CHPA", "tipo__descricao": "CHAPA DE COMPOSI\u00c7\u00c3O DA MESA DIRETORA", "assunto": "Chapa para compor a mesa de 2019"}, {"id": "38", "ano": "2018", "numero": "1", "tipo__sigla": "OLIC", "tipo__descricao": "Of\u00edcio de Licita\u00e7\u00e3o", "assunto": "OF\u00cdCIO LICITA\u00c7\u00d5ES N\u00ba 09/2018"}, {"id": "52", "ano": "2018", "numero": "1", "tipo__sigla": "ATACL", "tipo__descricao": "Ata da Comiss\u00e3o de Licita\u00e7\u00e3o", "assunto": "DELIBERA\u00c7\u00c3O SOBRE ASSUNTOS PROPOSTOS NO OF\u00cdCIO 008/2018"}, {"id": "54", "ano": "2018", "numero": "1", "tipo__sigla": "PARE", "tipo__descricao": "PARECER", "assunto": "PARECER JUR\u00cdDICO PROJETO DE LEI N\u00ba 31/2018"}, {"id": "82", "ano": "2018", "numero": "1", "tipo__sigla": "OFEXP", "tipo__descricao": "Of\u00edcio Expedido", "assunto": "Encaminha projeto de lei 31 aprovado"}, {"id": "85", "ano": "2018", "numero": "1", "tipo__sigla": "ATACD", "tipo__descricao": "Ata da Comiss\u00e3o Disciplinar", "assunto": "ATA DE INSTALA\u00c7\u00c3O E INICIO DOS TRABALHOS"}, {"id": "86", "ano": "2018", "numero": "1", "tipo__sigla": "NOTCD", "tipo__descricao": "Notifica\u00e7\u00e3o da Comiss\u00e3o Disciplinar", "assunto": "NOTIFICA\u00c7\u00c3O: comunica instaura\u00e7\u00e3o de processo administrativo disciplinar"}, {"id": "99", "ano": "2018", "numero": "1", "tipo__sigla": "MCL", "tipo__descricao": "Memorando da Comiss\u00e3o de Licita\u00e7\u00e3o", "assunto": "Mem. Sec. obras e licita\u00e7\u00f5es 18/2018"}, {"id": "107", "ano": "2018", "numero": "1", "tipo__sigla": "DMP", "tipo__descricao": "Documentos de tribunais e do Minist\u00e9rio P\u00fablico", "assunto": "MP do Tribunal de Contas - requisita documentos e informa\u00e7\u00f5es"}, {"id": "113", "ano": "2018", "numero": "1", "tipo__sigla": "MLIC", "tipo__descricao": "Memorando de licita\u00e7\u00e3o", "assunto": "Especifica\u00e7\u00f5es t\u00e9cnicas/caracteriza\u00e7\u00e3o dos produtos e justificativas dos objetos da portaria 35/2018."}, {"id": "123", "ano": "2018", "numero": "1", "tipo__sigla": "ODC", "tipo__descricao": "Of\u00edcio/documento Cont\u00e1bil", "assunto": "RESPONDE O OF\u00cdCIO 736/2018/3\u00aa PJ-TP"}, {"id": "128", "ano": "2018", "numero": "1", "tipo__sigla": "DA", "tipo__descricao": "Documento Avulso", "assunto": "Termo de escolha do fornecedor e justificativa do pre\u00e7o do processo licitat\u00f3rio 06/2018 para compra de cartucho para impressora."}, {"id": "140", "ano": "2018", "numero": "1", "tipo__sigla": "TERM", "tipo__descricao": "Termos de licita\u00e7\u00e3o", "assunto": "TERMO DE ESCOLHA DO FORNECEDOR E JUSTIFICATIVA DO PRE\u00c7O."}, {"id": "11", "ano": "2018", "numero": "2", "tipo__sigla": "NFB", "tipo__descricao": "Nota Fiscal/boleto", "assunto": "notas fiscais para ressarcimento"}, {"id": "13", "ano": "2018", "numero": "2", "tipo__sigla": "CERT", "tipo__descricao": "CERTIFICADO", "assunto": "Certificado CCAP"}, {"id": "18", "ano": "2018", "numero": "2", "tipo__sigla": "REV", "tipo__descricao": "Relat\u00f3rios de rodagem do ve\u00edculo e outros", "assunto": "Parte de di\u00e1ria do Ve\u00edculo da C\u00e2mara"}, {"id": "36", "ano": "2018", "numero": "2", "tipo__sigla": "AT", "tipo__descricao": "ATESTADO", "assunto": "atestado medico Adriana"}, {"id": "39", "ano": "2018", "numero": "2", "tipo__sigla": "OR", "tipo__descricao": "OF\u00cdCIOS RECEBIDOS", "assunto": "ENCAMINHA OS BALANCETES CONT\u00c1BEIS"}, {"id": "42", "ano": "2018", "numero": "2", "tipo__sigla": "OLIC", "tipo__descricao": "Of\u00edcio de Licita\u00e7\u00e3o", "assunto": "Solicitar informa\u00e7\u00f5es de pre\u00e7os"}, {"id": "55", "ano": "2018", "numero": "2", "tipo__sigla": "PARE", "tipo__descricao": "PARECER", "assunto": "PARECER JUR\u00cdDICO PROJ. DE LEI 034/2018"}, {"id": "64", "ano": "2018", "numero": "2", "tipo__sigla": "SO", "tipo__descricao": "SOLICITA\u00c7\u00c3O", "assunto": "Requer abertura de processo administrativo - Adriana Rafael"}, {"id": "83", "ano": "2018", "numero": "2", "tipo__sigla": "OFEXP", "tipo__descricao": "Of\u00edcio Expedido", "assunto": "Convite para Audi\u00eancia Publica"}, {"id": "87", "ano": "2018", "numero": "2", "tipo__sigla": "NOTCD", "tipo__descricao": "Notifica\u00e7\u00e3o da Comiss\u00e3o Disciplinar", "assunto": "NOTIFICA\u00c7\u00c3O: comunica afastamento"}, {"id": "89", "ano": "2018", "numero": "2", "tipo__sigla": "ATACD", "tipo__descricao": "Ata da Comiss\u00e3o Disciplinar", "assunto": "DELIBERA\u00c7\u00c3O DE SIGILO"}, {"id": "91", "ano": "2018", "numero": "2", "tipo__sigla": "DEC", "tipo__descricao": "Declara\u00e7\u00e3o", "assunto": "DECLARA\u00c7\u00c3O DE COMPARECIMENTO TCEMG"}, {"id": "111", "ano": "2018", "numero": "2", "tipo__sigla": "DMP", "tipo__descricao": "Documentos de tribunais e do Minist\u00e9rio P\u00fablico", "assunto": "Noticia de Fato- Fazenda Santa Luzia"}, {"id": "122", "ano": "2018", "numero": "2", "tipo__sigla": "MCL", "tipo__descricao": "Memorando da Comiss\u00e3o de Licita\u00e7\u00e3o", "assunto": "Solicita\u00e7\u00e3o de parecer jur\u00eddico para o processo licitat\u00f3rio 08/2018."}, {"id": "20", "ano": "2018", "numero": "3", "tipo__sigla": "REV", "tipo__descricao": "Relat\u00f3rios de rodagem do ve\u00edculo e outros", "assunto": "Parte de di\u00e1ria de viagem \u00e0 receita federal."}, {"id": "25", "ano": "2018", "numero": "3", "tipo__sigla": "MEM", "tipo__descricao": "Memorando", "assunto": "Memorando de licita\u00e7\u00e3o"}, {"id": "40", "ano": "2018", "numero": "3", "tipo__sigla": "OR", "tipo__descricao": "OF\u00cdCIOS RECEBIDOS", "assunto": "Responde pedido de indica\u00e7\u00e3o"}, {"id": "43", "ano": "2018", "numero": "3", "tipo__sigla": "AT", "tipo__descricao": "ATESTADO", "assunto": "Atestado medico - Felipe Tom\u00e9"}, {"id": "53", "ano": "2018", "numero": "3", "tipo__sigla": "OLIC", "tipo__descricao": "Of\u00edcio de Licita\u00e7\u00e3o", "assunto": "SOLICITA PARECER JUR\u00cdDICO"}, {"id": "56", "ano": "2018", "numero": "3", "tipo__sigla": "PARE", "tipo__descricao": "PARECER", "assunto": "PARECER JUR\u00cdDICO PROJETO DE LEI COMPLEMENTAR N\u00ba 05/2018"}, {"id": "65", "ano": "2018", "numero": "3", "tipo__sigla": "SO", "tipo__descricao": "SOLICITA\u00c7\u00c3O", "assunto": "Requerimento - aus\u00eancia de marca\u00e7\u00e3o de ponto- Adriana Rafael"}, {"id": "84", "ano": "2018", "numero": "3", "tipo__sigla": "OFEXP", "tipo__descricao": "Of\u00edcio Expedido", "assunto": "Convite para Audi\u00eancia Publica"}, {"id": "88", "ano": "2018", "numero": "3", "tipo__sigla": "NOTCD", "tipo__descricao": "Notifica\u00e7\u00e3o da Comiss\u00e3o Disciplinar", "assunto": "NOTIFICA CONTROLE INTERNO"}, {"id": "116", "ano": "2018", "numero": "3", "tipo__sigla": "DMP", "tipo__descricao": "Documentos de tribunais e do Minist\u00e9rio P\u00fablico", "assunto": "Reitera requisi\u00e7\u00e3o contida no of\u00edcio n\u00ba 737/2018/3\u00aa PJ-TP"}, {"id": "130", "ano": "2018", "numero": "3", "tipo__sigla": "DEC", "tipo__descricao": "Declara\u00e7\u00e3o", "assunto": "DECLARA\u00c7\u00c3O- CONTROLE INTERNO"}, {"id": "139", "ano": "2018", "numero": "3", "tipo__sigla": "MCL", "tipo__descricao": "Memorando da Comiss\u00e3o de Licita\u00e7\u00e3o", "assunto": "Comiss\u00e3o de Licita\u00e7\u00e3o responde ao Of\u00edcio 07/2018 \u2013 delibera\u00e7\u00e3o da Comiss\u00e3o e encaminha parecer jur\u00eddico."}, {"id": "22", "ano": "2018", "numero": "4", "tipo__sigla": "REV", "tipo__descricao": "Relat\u00f3rios de rodagem do ve\u00edculo e outros", "assunto": "Relat\u00f3rio de viagem. Felipe Tom\u00e9. BH 09-11/10/2018"}, {"id": "32", "ano": "2018", "numero": "4", "tipo__sigla": "MEM", "tipo__descricao": "Memorando", "assunto": "Memorando . Sec. Obras e licita\u00e7\u00f5es-Ruiter Silva"}, {"id": "58", "ano": "2018", "numero": "4", "tipo__sigla": "PARE", "tipo__descricao": "PARECER", "assunto": "PARECER COMISS\u00c3O LEG. JUST. E REDA\u00c7\u00c3O FINAL - REQUERIMENTO DE INSTAURA\u00c7\u00c3O DE CPI - 24/10/2018"}, {"id": "59", "ano": "2018", "numero": "4", "tipo__sigla": "AT", "tipo__descricao": "ATESTADO", "assunto": "TRATAMENTO DENT\u00c1RIO - EMERSON SILVA"}, {"id": "72", "ano": "2018", "numero": "4", "tipo__sigla": "SO", "tipo__descricao": "SOLICITA\u00c7\u00c3O", "assunto": "Adriana solicita c\u00f3pia da filmagem da reuni\u00e3o ordin\u00e1ria do dia 13/11/2018"}, {"id": "109", "ano": "2018", "numero": "4", "tipo__sigla": "OLIC", "tipo__descricao": "Of\u00edcio de Licita\u00e7\u00e3o", "assunto": "Solicita nota de empenho"}, {"id": "112", "ano": "2018", "numero": "4", "tipo__sigla": "NOTCD", "tipo__descricao": "Notifica\u00e7\u00e3o da Comiss\u00e3o Disciplinar", "assunto": "DEGRAVA\u00c7\u00c3O - PROCESSO ADMINISTRATIVO 004/2018"}, {"id": "117", "ano": "2018", "numero": "4", "tipo__sigla": "DMP", "tipo__descricao": "Documentos de tribunais e do Minist\u00e9rio P\u00fablico", "assunto": "OF\u00cdCIO n\u00ba 737/2018/3\u00aaPJ-MG - \"VIAJANTE ERRANTE, PASSO SEM RUMO\""}, {"id": "24", "ano": "2018", "numero": "5", "tipo__sigla": "REV", "tipo__descricao": "Relat\u00f3rios de rodagem do ve\u00edculo e outros", "assunto": "Relat\u00f3rio de Viagem - colher assinatura do Presidente"}, {"id": "60", "ano": "2018", "numero": "5", "tipo__sigla": "AT", "tipo__descricao": "ATESTADO", "assunto": "DECLARA\u00c7\u00c3O MEDICA - LUIZ FELIPE"}, {"id": "92", "ano": "2018", "numero": "5", "tipo__sigla": "SO", "tipo__descricao": "SOLICITA\u00c7\u00c3O", "assunto": "Vereador Luiz Felipe solicita di\u00e1ria."}, {"id": "115", "ano": "2018", "numero": "5", "tipo__sigla": "OLIC", "tipo__descricao": "Of\u00edcio de Licita\u00e7\u00e3o", "assunto": "Presidente solicita cota\u00e7\u00e3o de pre\u00e7o de materiais de inox."}, {"id": "118", "ano": "2018", "numero": "5", "tipo__sigla": "DMP", "tipo__descricao": "Documentos de tribunais e do Minist\u00e9rio P\u00fablico", "assunto": "OF\u00cdCIO n\u00ba 736/2018/3\u00aaPJ-TP - \"\u00c1GUAS LIMPAS\""}, {"id": "136", "ano": "2018", "numero": "5", "tipo__sigla": "NOTCD", "tipo__descricao": "Notifica\u00e7\u00e3o da Comiss\u00e3o Disciplinar", "assunto": "Notifica\u00e7\u00e3o - Comiss\u00e3o de Processo Adm.Disciplinar"}, {"id": "30", "ano": "2018", "numero": "6", "tipo__sigla": "REV", "tipo__descricao": "Relat\u00f3rios de rodagem do ve\u00edculo e outros", "assunto": "Parte de diaria"}, {"id": "70", "ano": "2018", "numero": "6", "tipo__sigla": "AT", "tipo__descricao": "ATESTADO", "assunto": "Atestado m\u00e9dico de Adriana A. Rafael do dia 14/11/2018"}, {"id": "90", "ano": "2018", "numero": "6", "tipo__sigla": "PARE", "tipo__descricao": "PARECER", "assunto": "Parecer referente ao procedimento licitat\u00f3rio 006/2018 para aquisi\u00e7\u00e3o de cartuchos para as impressoras samsung e HP"}, {"id": "93", "ano": "2018", "numero": "6", "tipo__sigla": "SO", "tipo__descricao": "SOLICITA\u00c7\u00c3O", "assunto": "Solicita providencias a respeito do protocolo."}, {"id": "119", "ano": "2018", "numero": "6", "tipo__sigla": "DMP", "tipo__descricao": "Documentos de tribunais e do Minist\u00e9rio P\u00fablico", "assunto": "Reitera requisi\u00e7\u00e3o contida no of\u00edcio n\u00ba 736/2018/3\u00aa PJ-TP"}, {"id": "120", "ano": "2018", "numero": "6", "tipo__sigla": "OLIC", "tipo__descricao": "Of\u00edcio de Licita\u00e7\u00e3o", "assunto": "Solicita\u00e7\u00e3o de dota\u00e7\u00e3o or\u00e7ament\u00e1ria para compra dos objetos da portaria 035/2018"}, {"id": "137", "ano": "2018", "numero": "6", "tipo__sigla": "NOTCD", "tipo__descricao": "Notifica\u00e7\u00e3o da Comiss\u00e3o Disciplinar", "assunto": "Ata dos trabalhos da comiss\u00e3o adm. disciplinar"}, {"id": "31", "ano": "2018", "numero": "7", "tipo__sigla": "REV", "tipo__descricao": "Relat\u00f3rios de rodagem do ve\u00edculo e outros", "assunto": "Parte de di\u00e1ria -"}, {"id": "121", "ano": "2018", "numero": "7", "tipo__sigla": "OLIC", "tipo__descricao": "Of\u00edcio de Licita\u00e7\u00e3o", "assunto": "Presidente solicita delibera\u00e7\u00f5es da Comiss\u00e3o de licita\u00e7\u00e3o acerca do do procedimento licitat\u00f3rio de n\u00b0 08 aberto pela portaria  de n\u00famero 35/2018 de 04 de dezembro."}, {"id": "125", "ano": "2018", "numero": "7", "tipo__sigla": "DMP", "tipo__descricao": "Documentos de tribunais e do Minist\u00e9rio P\u00fablico", "assunto": "SOLICITA DOCUMENTOS REFERENTES AO CONTRADIT\u00d3RIO E  AMPLA DEFESA"}, {"id": "126", "ano": "2018", "numero": "7", "tipo__sigla": "PARE", "tipo__descricao": "PARECER", "assunto": "Parecer do projeto de lei 37 - concess\u00e3o de uso"}, {"id": "133", "ano": "2018", "numero": "7", "tipo__sigla": "SO", "tipo__descricao": "SOLICITA\u00c7\u00c3O", "assunto": "Advogado Marcelo de Souza Santos requer documenta\u00e7\u00e3o relativa ao Processo Administrativo 004/2018 - Processo Administrativo Disciplinar."}, {"id": "141", "ano": "2018", "numero": "7", "tipo__sigla": "NOTCD", "tipo__descricao": "Notifica\u00e7\u00e3o da Comiss\u00e3o Disciplinar", "assunto": "Notifica \u00e0 Sra. Adriana Aparecida Rafael, Auxiliar Legislativa e ao Sr. Marcelo de Souza Santos, procurador de Adriana Aparecida Rafaela, a comparecer \u00e0 C\u00e2mara Municipal de Santana da Vargem para receber o DVD que cont\u00e9m a c\u00f3pia de todo processo administrativo e a pasta funcional da servidora."}, {"id": "33", "ano": "2018", "numero": "8", "tipo__sigla": "REV", "tipo__descricao": "Relat\u00f3rios de rodagem do ve\u00edculo e outros", "assunto": "Relat\u00f3rio de Viagem"}, {"id": "134", "ano": "2018", "numero": "8", "tipo__sigla": "SO", "tipo__descricao": "SOLICITA\u00c7\u00c3O", "assunto": "Solicita autoriza\u00e7\u00e3o para constar no processo licitat\u00f3rio 08/2018 documentos entregues em 04 de dezembro."}, {"id": "138", "ano": "2018", "numero": "8", "tipo__sigla": "PARE", "tipo__descricao": "PARECER", "assunto": "PARECER JUR\u00cdDICO- LICITA\u00c7\u00c3O"}, {"id": "41", "ano": "2018", "numero": "9", "tipo__sigla": "REV", "tipo__descricao": "Relat\u00f3rios de rodagem do ve\u00edculo e outros", "assunto": "RELAT\u00d3RIO DE VIAGEM-BH-24-26/2018"}, {"id": "135", "ano": "2018", "numero": "9", "tipo__sigla": "SO", "tipo__descricao": "SOLICITA\u00c7\u00c3O", "assunto": "Solicita informa\u00e7\u00e3o a respeito do andamento dos processos licitat\u00f3rios"}, {"id": "147", "ano": "2018", "numero": "9", "tipo__sigla": "PARE", "tipo__descricao": "PARECER", "assunto": "Parecer Jur\u00eddico do Projeto de Lei Complementar 07-2018."}, {"id": "47", "ano": "2018", "numero": "10", "tipo__sigla": "REV", "tipo__descricao": "Relat\u00f3rios de rodagem do ve\u00edculo e outros", "assunto": "LEVAR SERVIDOR EM BOA ESPERAN\u00c7A - PROPOSTA DE OR\u00c7AMENTO"}, {"id": "48", "ano": "2018", "numero": "11", "tipo__sigla": "REV", "tipo__descricao": "Relat\u00f3rios de rodagem do ve\u00edculo e outros", "assunto": "PARTE DE DI\u00c1RIA - IDA AO F\u00d3RUM"}, {"id": "61", "ano": "2018", "numero": "12", "tipo__sigla": "REV", "tipo__descricao": "Relat\u00f3rios de rodagem do ve\u00edculo e outros", "assunto": "Relat\u00f3rio de viagem do dia 08 de novembro, viagem para Tr\u00eas Pontas."}, {"id": "95", "ano": "2018", "numero": "13", "tipo__sigla": "REV", "tipo__descricao": "Relat\u00f3rios de rodagem do ve\u00edculo e outros", "assunto": "Relat\u00f3rio de viagem  BH dia 23 de novembro de 2018"}, {"id": "97", "ano": "2018", "numero": "14", "tipo__sigla": "REV", "tipo__descricao": "Relat\u00f3rios de rodagem do ve\u00edculo e outros", "assunto": "Relat\u00f3rio de viagem - 27/11/2018"}, {"id": "98", "ano": "2018", "numero": "15", "tipo__sigla": "REV", "tipo__descricao": "Relat\u00f3rios de rodagem do ve\u00edculo e outros", "assunto": "relat\u00f3rio de viagem 29/11/2018"}, {"id": "105", "ano": "2018", "numero": "16", "tipo__sigla": "REV", "tipo__descricao": "Relat\u00f3rios de rodagem do ve\u00edculo e outros", "assunto": "Relat\u00f3rio de viagem 30/11/2018: Tr\u00eas Pontas pagar o consignado"}, {"id": "127", "ano": "2018", "numero": "17", "tipo__sigla": "REV", "tipo__descricao": "Relat\u00f3rios de rodagem do ve\u00edculo e outros", "assunto": "Relat\u00f3rio de viagem - Renault revis\u00e3o"}, {"id": "129", "ano": "2018", "numero": "18", "tipo__sigla": "REV", "tipo__descricao": "Relat\u00f3rios de rodagem do ve\u00edculo e outros", "assunto": "Relat\u00f3rio de viagem- buscar assinatura da Resolu\u00e7\u00e3o 03/2018"}, {"id": "142", "ano": "2018", "numero": "19", "tipo__sigla": "REV", "tipo__descricao": "Relat\u00f3rios de rodagem do ve\u00edculo e outros", "assunto": "Relat\u00f3rio de Viagem - Exame demissional na ACAPS"}, {"id": "143", "ano": "2018", "numero": "20", "tipo__sigla": "REV", "tipo__descricao": "Relat\u00f3rios de rodagem do ve\u00edculo e outros", "assunto": "Relat\u00f3rio de Viagem - Ir ao Minist\u00e9rio Publico 19/12/18"}, {"id": "144", "ano": "2018", "numero": "21", "tipo__sigla": "REV", "tipo__descricao": "Relat\u00f3rios de rodagem do ve\u00edculo e outros", "assunto": "Relat\u00f3rio de Viagem - Ir ao MP de Contas, BH- 20, 21/12/18"}, {"id": "145", "ano": "2018", "numero": "22", "tipo__sigla": "REV", "tipo__descricao": "Relat\u00f3rios de rodagem do ve\u00edculo e outros", "assunto": "Relat\u00f3rio de Viagem - Abastecer o carro"}, {"id": "149", "ano": "2018", "numero": "23", "tipo__sigla": "REV", "tipo__descricao": "Relat\u00f3rios de rodagem do ve\u00edculo e outros", "assunto": "Relat\u00f3rio de Viagem - pagar as consigna\u00e7\u00f5es e a ACAPS"}, {"id": "8", "ano": "2018", "numero": "25", "tipo__sigla": "COMDE", "tipo__descricao": "COMUNICADO/DESPACHO", "assunto": "Comunicado e solicita\u00e7\u00e3o.\r\ncomunica ocorrido."}, {"id": "9", "ano": "2018", "numero": "26", "tipo__sigla": "COMDE", "tipo__descricao": "COMUNICADO/DESPACHO", "assunto": "Comunicado e Solicita\u00e7\u00e3o\r\nComunica ocorrido"}, {"id": "10", "ano": "2018", "numero": "27", "tipo__sigla": "COMDE", "tipo__descricao": "COMUNICADO/DESPACHO", "assunto": "Comunicado e Solicita\u00e7\u00e3o\r\nComunica situa\u00e7\u00e3o do Org\u00e3o"}, {"id": "62", "ano": "2018", "numero": "28", "tipo__sigla": "COMDE", "tipo__descricao": "COMUNICADO/DESPACHO", "assunto": "COMUNICADO AO PRESIDENTE N\u00ba 24/2018 - CONTROLE INTERNO"}, {"id": "63", "ano": "2018", "numero": "29", "tipo__sigla": "COMDE", "tipo__descricao": "COMUNICADO/DESPACHO", "assunto": "REITERO COMUNICADO DE FALTAS - KAINNE JOANAS"}, {"id": "71", "ano": "2018", "numero": "30", "tipo__sigla": "COMDE", "tipo__descricao": "COMUNICADO/DESPACHO", "assunto": "Adriana A. Rafael faz comunicado esclarecendo sobre comunicado do controle interno 024/2018."}, {"id": "73", "ano": "2018", "numero": "31", "tipo__sigla": "COMDE", "tipo__descricao": "COMUNICADO/DESPACHO", "assunto": "COMUNICA ANEXOS SOLTOS NO PROJETO DE LEI N\u00ba 29/2018"}, {"id": "80", "ano": "2018", "numero": "32", "tipo__sigla": "COMDE", "tipo__descricao": "COMUNICADO/DESPACHO", "assunto": "COMUNICADO 26"}, {"id": "81", "ano": "2018", "numero": "33", "tipo__sigla": "COMDE", "tipo__descricao": "COMUNICADO/DESPACHO", "assunto": "Comunicado ao Presidente"}, {"id": "96", "ano": "2018", "numero": "34", "tipo__sigla": "COMDE", "tipo__descricao": "COMUNICADO/DESPACHO", "assunto": "Comunica Presidente"}, {"id": "100", "ano": "2018", "numero": "35", "tipo__sigla": "COMDE", "tipo__descricao": "COMUNICADO/DESPACHO", "assunto": "COMUNICADO 29- RESPONDE OFICIO DO JURIDICO"}, {"id": "106", "ano": "2018", "numero": "36", "tipo__sigla": "COMDE", "tipo__descricao": "COMUNICADO/DESPACHO", "assunto": "Comunicado 30 - Controle Interno"}, {"id": "146", "ano": "2018", "numero": "37", "tipo__sigla": "COMDE", "tipo__descricao": "COMUNICADO/DESPACHO", "assunto": "Solicita trocar capa do projeto de lei 31 que foi danificada"}, {"id": "148", "ano": "2018", "numero": "38", "tipo__sigla": "COMDE", "tipo__descricao": "COMUNICADO/DESPACHO", "assunto": "Comunicado sobre anula\u00e7\u00e3o de protocolo de n\u00famero 018/2018."}, {"id": "15", "ano": "2018", "numero": "47", "tipo__sigla": "OFP", "tipo__descricao": "Of\u00edcio da Procuradoria", "assunto": "Junta certificado de participa\u00e7\u00e3o no curso em BH"}, {"id": "14", "ano": "2018", "numero": "48", "tipo__sigla": "OFP", "tipo__descricao": "Of\u00edcio da Procuradoria", "assunto": "Informa e requer"}, {"id": "16", "ano": "2018", "numero": "49", "tipo__sigla": "OFP", "tipo__descricao": "Of\u00edcio da Procuradoria", "assunto": "Solicita a concess\u00e3o de 10 dias de ferias"}, {"id": "44", "ano": "2018", "numero": "51", "tipo__sigla": "OFP", "tipo__descricao": "Of\u00edcio da Procuradoria", "assunto": "Apurar causas das multas aplicadas \u00e0 C\u00e2mara"}, {"id": "45", "ano": "2018", "numero": "52", "tipo__sigla": "OFP", "tipo__descricao": "Of\u00edcio da Procuradoria", "assunto": "OFICIO PROCURADORIA - ANEXAR ATESTADO"}, {"id": "46", "ano": "2018", "numero": "53", "tipo__sigla": "OFP", "tipo__descricao": "Of\u00edcio da Procuradoria", "assunto": "OFICIO PROCURADORIA -"}, {"id": "78", "ano": "2018", "numero": "54", "tipo__sigla": "OFP", "tipo__descricao": "Of\u00edcio da Procuradoria", "assunto": "Solicita informa\u00e7\u00f5es de quest\u00f5es que necessitam analise jur\u00eddica."}, {"id": "110", "ano": "2018", "numero": "55", "tipo__sigla": "OFP", "tipo__descricao": "Of\u00edcio da Procuradoria", "assunto": "solicita aos servidores que respondam os oficios advindo do MP"}, {"id": "114", "ano": "2018", "numero": "56", "tipo__sigla": "OFP", "tipo__descricao": "Of\u00edcio da Procuradoria", "assunto": "Informando a Presid\u00eancia sobre a atitude do T\u00e9cnico em Contabilidade."}, {"id": "26", "ano": "2018", "numero": "57", "tipo__sigla": "MEM", "tipo__descricao": "Memorando", "assunto": "Viagem para BH dias 24, 25 e 26/10"}, {"id": "27", "ano": "2018", "numero": "58", "tipo__sigla": "MEM", "tipo__descricao": "Memorando", "assunto": "Viagem para BH dias 24, 25 e 26/10"}, {"id": "28", "ano": "2018", "numero": "59", "tipo__sigla": "MEM", "tipo__descricao": "Memorando", "assunto": "Viagem para BH dias 24, 25 e 26/10"}, {"id": "29", "ano": "2018", "numero": "60", "tipo__sigla": "MEM", "tipo__descricao": "Memorando", "assunto": "Viagem para BH dias 24, 25 e 26/10"}, {"id": "37", "ano": "2018", "numero": "61", "tipo__sigla": "MEM", "tipo__descricao": "Memorando", "assunto": "MEMORANDO DA COMISS\u00c3O DE LICITA\u00c7\u00c3O - 001/2018\r\nPROCESSO 06/2018"}, {"id": "49", "ano": "2018", "numero": "62", "tipo__sigla": "MEM", "tipo__descricao": "Memorando", "assunto": "Concess\u00e3o de di\u00e1rias."}, {"id": "50", "ano": "2018", "numero": "63", "tipo__sigla": "MEM", "tipo__descricao": "Memorando", "assunto": "Concess\u00e3o de di\u00e1rias. Memorando 62/2018 - Carlos Cezar"}, {"id": "51", "ano": "2018", "numero": "64", "tipo__sigla": "MEM", "tipo__descricao": "Memorando", "assunto": "Concess\u00e3o de di\u00e1rias. Memorando 60/2018 - motorista"}, {"id": "74", "ano": "2018", "numero": "65", "tipo__sigla": "MEM", "tipo__descricao": "Memorando", "assunto": "SOLICITA DI\u00c1RIA PARA REALIZAR CURSO DE LICITA\u00c7\u00d5ES E CONTRATO EM TR\u00caS CORA\u00c7\u00d5ES"}, {"id": "75", "ano": "2018", "numero": "66", "tipo__sigla": "MEM", "tipo__descricao": "Memorando", "assunto": "SOLICITA DI\u00c1RIA PARA REALIZAR CURSO DE LICITA\u00c7\u00d5ES E CONTRATO EM TR\u00caS CORA\u00c7\u00d5ES"}, {"id": "76", "ano": "2018", "numero": "67", "tipo__sigla": "MEM", "tipo__descricao": "Memorando", "assunto": "SOLICITA DI\u00c1RIA PARA REALIZAR CURSO DE LICITA\u00c7\u00d5ES E CONTRATO EM TR\u00caS CORA\u00c7\u00d5ES"}, {"id": "103", "ano": "2018", "numero": "68", "tipo__sigla": "MEM", "tipo__descricao": "Memorando", "assunto": "memorando - curso 05, 06 e 07 de dezembro"}, {"id": "104", "ano": "2018", "numero": "69", "tipo__sigla": "MEM", "tipo__descricao": "Memorando", "assunto": "memorando - curso 05, 06 e 07 de dezembro"}, {"id": "131", "ano": "2018", "numero": "70", "tipo__sigla": "MEM", "tipo__descricao": "Memorando", "assunto": "RESPONDE AO OF\u00cdCIO N\u00ba 55 DA PROCURADORIA LEGISLATIVA"}, {"id": "2", "ano": "2018", "numero": "175", "tipo__sigla": "OVC", "tipo__descricao": "Of\u00edcio de Vereador/Comiss\u00e3o", "assunto": "EM RESPOSTA AO OF\u00cdCIO 1052/2018 DA C\u00c2MARA DE NEPOMUCENO"}, {"id": "3", "ano": "2018", "numero": "176", "tipo__sigla": "OVC", "tipo__descricao": "Of\u00edcio de Vereador/Comiss\u00e3o", "assunto": "Encaminha of\u00edcio 304/2018 - Gabinete do Prefeito, em resposta ao of\u00edcio 169/2018 (Receita Corrente L\u00edquida)"}, {"id": "66", "ano": "2018", "numero": "177", "tipo__sigla": "OVC", "tipo__descricao": "Of\u00edcio de Vereador/Comiss\u00e3o", "assunto": "Requerimento - Solicita ao Prefeito disponibiliza\u00e7\u00e3o de servidor para ajudar nos trabalhos da C\u00e2mara at\u00e9 o fim do exerc\u00edcio de 2018."}, {"id": "79", "ano": "2018", "numero": "178", "tipo__sigla": "OVC", "tipo__descricao": "Of\u00edcio de Vereador/Comiss\u00e3o", "assunto": "Informa curso do Paramento Jovem e solicita di\u00e1ria."}, {"id": "57", "ano": "2018", "numero": "355", "tipo__sigla": "OR", "tipo__descricao": "OF\u00cdCIOS RECEBIDOS", "assunto": "RESPONDE REQUERIMENTO VEREADOR RODRIGO SCALIONI - OFICIO 355/2018"}, {"id": "69", "ano": "2018", "numero": "366", "tipo__sigla": "OR", "tipo__descricao": "OF\u00cdCIOS RECEBIDOS", "assunto": "Resposta ao Of\u00edcio 193/2018"}, {"id": "68", "ano": "2018", "numero": "376", "tipo__sigla": "OR", "tipo__descricao": "OF\u00cdCIOS RECEBIDOS", "assunto": "Resposta ao Of\u00edcio 201/2018 da C\u00e2mara Municipal"}, {"id": "67", "ano": "2018", "numero": "378", "tipo__sigla": "OR", "tipo__descricao": "OF\u00cdCIOS RECEBIDOS", "assunto": "Resposta ao Of\u00edcio 203/2018 - Of\u00edcio coordenarodia regional de Defesa do Patrim\u00f4nio P\u00fablico"}, {"id": "94", "ano": "2018", "numero": "379", "tipo__sigla": "OR", "tipo__descricao": "OF\u00cdCIOS RECEBIDOS", "assunto": "PENDENCIAS RECEITA FEDERAL"}, {"id": "102", "ano": "2018", "numero": "385", "tipo__sigla": "OR", "tipo__descricao": "OF\u00cdCIOS RECEBIDOS", "assunto": "Encaminha documento enviado por Advogado Gilmar Alves da Costa."}, {"id": "101", "ano": "2018", "numero": "386", "tipo__sigla": "OR", "tipo__descricao": "OF\u00cdCIOS RECEBIDOS", "assunto": "Prefeito solicita informa\u00e7\u00f5es acerta do tr\u00e2mite de Projetos de Lei de 2017 e 2018."}, {"id": "108", "ano": "2018", "numero": "387", "tipo__sigla": "OR", "tipo__descricao": "OF\u00cdCIOS RECEBIDOS", "assunto": "Encaminha projetos para corre\u00e7\u00e3o"}, {"id": "124", "ano": "2018", "numero": "388", "tipo__sigla": "OR", "tipo__descricao": "OF\u00cdCIOS RECEBIDOS", "assunto": "Solicita que seja retirado da pauta PL 038/2018"}, {"id": "132", "ano": "2018", "numero": "389", "tipo__sigla": "OR", "tipo__descricao": "OF\u00cdCIOS RECEBIDOS", "assunto": "Solicita 2 membros para compor o N\u00facleo Gestor do Plano de Saneamento B\u00e1sico do Munic\u00edpio de Santana da Vargem."}, {"id": "150", "ano": "2019", "numero": "1", "tipo__sigla": "REV", "tipo__descricao": "Relat\u00f3rios de rodagem do ve\u00edculo e outros", "assunto": "Relatorio de viajem de Emerson dia 2 de janeiro de 2019"}, {"id": "153", "ano": "2019", "numero": "1", "tipo__sigla": "PB", "tipo__descricao": "Projeto b\u00e1sico", "assunto": "Contrata\u00e7\u00e3o de servi\u00e7o de diarista aut\u00f4nomo de limpeza, higieniza\u00e7\u00e3o e prepara\u00e7\u00e3o de caf\u00e9."}, {"id": "154", "ano": "2019", "numero": "1", "tipo__sigla": "OLIC", "tipo__descricao": "Of\u00edcio de Licita\u00e7\u00e3o", "assunto": "Solicita cota\u00e7\u00e3o para contrata\u00e7\u00e3o de servi\u00e7o de diarista aut\u00f4nomo de limpeza, higieniza\u00e7\u00e3o e prepara\u00e7\u00e3o de caf\u00e9."}, {"id": "157", "ano": "2019", "numero": "1", "tipo__sigla": "ARO", "tipo__descricao": "ATAS DAS REUNI\u00d5ES ORDIN\u00c1RIAS", "assunto": "Ata da 39\u00aa reuni\u00e3o ordin\u00e1ria a qual deu posse ao novo presidente do ano de 2019."}, {"id": "158", "ano": "2019", "numero": "1", "tipo__sigla": "OFEXP", "tipo__descricao": "Of\u00edcio Expedido", "assunto": "Requerimento de registro de ata."}, {"id": "160", "ano": "2019", "numero": "1", "tipo__sigla": "AT", "tipo__descricao": "ATESTADO", "assunto": "Atestado medico da Senhora Silmara Girlene Honorio"}, {"id": "161", "ano": "2019", "numero": "1", "tipo__sigla": "SO", "tipo__descricao": "SOLICITA\u00c7\u00c3O", "assunto": "Contagem de tempo de servi\u00e7o como vereador"}, {"id": "165", "ano": "2019", "numero": "1", "tipo__sigla": "OR", "tipo__descricao": "OF\u00cdCIOS RECEBIDOS", "assunto": "Resposta ao Of\u00edcio 003-2019 e 004-2019"}, {"id": "171", "ano": "2019", "numero": "1", "tipo__sigla": "PARE", "tipo__descricao": "PARECER", "assunto": "Parecer de finan\u00e7as e or\u00e7amentos referente ao julgamento dos exercicios de 2015"}, {"id": "172", "ano": "2019", "numero": "1", "tipo__sigla": "COMDE", "tipo__descricao": "COMUNICADO/DESPACHO", "assunto": "Comunicado ao prefeito"}, {"id": "177", "ano": "2019", "numero": "1", "tipo__sigla": "TERM", "tipo__descricao": "Termos de licita\u00e7\u00e3o", "assunto": "Termo de refer\u00eancia para aquisi\u00e7\u00e3o de combust\u00edvel."}, {"id": "180", "ano": "2019", "numero": "1", "tipo__sigla": "MLIC", "tipo__descricao": "Memorando de licita\u00e7\u00e3o", "assunto": "Comiss\u00e3o de Licita\u00e7\u00e3o encaminha documentos ao presidente"}, {"id": "189", "ano": "2019", "numero": "1", "tipo__sigla": "ATACD", "tipo__descricao": "Ata da Comiss\u00e3o Disciplinar", "assunto": "Ata dos trabalhos da comiss\u00e3o administrativo disciplinar"}, {"id": "192", "ano": "2019", "numero": "1", "tipo__sigla": "ODC", "tipo__descricao": "Of\u00edcio/documento Cont\u00e1bil", "assunto": "Impacto or\u00e7ament\u00e1rio e financeiro do plano de cargos, carreiras e vencimentos dos servidores do poder legislativo"}, {"id": "194", "ano": "2019", "numero": "1", "tipo__sigla": "ATACL", "tipo__descricao": "Ata da Comiss\u00e3o de Licita\u00e7\u00e3o", "assunto": "Delibera sobre assuntos propostos no of\u00edcio 05/2019"}, {"id": "204", "ano": "2019", "numero": "1", "tipo__sigla": "MEM", "tipo__descricao": "Memorando", "assunto": "Solicita\u00e7\u00e3o de autoriza\u00e7\u00e3o para participar do CURSO de PREG\u00c3O - FORMA\u00c7\u00c3O DE PREGOEIROS oferecido pela AMM."}, {"id": "210", "ano": "2019", "numero": "1", "tipo__sigla": "DMP", "tipo__descricao": "Documentos de tribunais e do Minist\u00e9rio P\u00fablico", "assunto": "Procedimento preparat\u00f3rio n. MPMG-0694.19.000008-3"}, {"id": "240", "ano": "2019", "numero": "1", "tipo__sigla": "DEC", "tipo__descricao": "Declara\u00e7\u00e3o", "assunto": "Declara\u00e7\u00e3o para os devios de fins, processo n01/2018"}, {"id": "259", "ano": "2019", "numero": "1", "tipo__sigla": "CA", "tipo__descricao": "Contrato Administrativo", "assunto": "MINUTA DO CONTRATO DA ATA DE REGISTRO DE PRE\u00c7OS PROCESSO LICITAT\u00d3RIO N\u00ba 191/2018 PREGAO PRESENCIAL N\u00ba 074/2018"}, {"id": "281", "ano": "2019", "numero": "1", "tipo__sigla": "NOTCD", "tipo__descricao": "Notifica\u00e7\u00e3o da Comiss\u00e3o Disciplinar", "assunto": "Resposta \u00e0 solicita\u00e7\u00e3o do advogado a servidora Adriana Aparecida Rafael"}, {"id": "291", "ano": "2019", "numero": "1", "tipo__sigla": "CERT", "tipo__descricao": "CERTIFICADO", "assunto": "Forma\u00e7\u00e3o de pregoeiros"}, {"id": "319", "ano": "2019", "numero": "1", "tipo__sigla": "NFB", "tipo__descricao": "Nota Fiscal/boleto", "assunto": "Nota fiscal do APS"}, {"id": "350", "ano": "2019", "numero": "1", "tipo__sigla": "DPA", "tipo__descricao": "Documento de Processo Administrativo", "assunto": "Defesa administrativa"}, {"id": "351", "ano": "2019", "numero": "1", "tipo__sigla": "CERTD", "tipo__descricao": "CERTID\u00c3O", "assunto": "Certificar que o projeto de lei 013/2011, bem como a ata do dia 12 de abril de 2011, foram encaminhados na sua integralidade ao MPMG no dia 22/02/2019"}, {"id": "408", "ano": "2019", "numero": "1", "tipo__sigla": "OVC", "tipo__descricao": "Of\u00edcio de Vereador/Comiss\u00e3o", "assunto": "Pedido de informa\u00e7\u00f5es"}, {"id": "409", "ano": "2019", "numero": "1", "tipo__sigla": "ED", "tipo__descricao": "Edital", "assunto": "Edital 001/2019  para registro de pre\u00e7o para a aquisi\u00e7\u00e3o futura e eventual de minissalgados e minip\u00e3es de queijo, conforme especifica\u00e7\u00f5es contidas no Termo de Refer\u00eancia, anexo I do Edital."}, {"id": "440", "ano": "2019", "numero": "1", "tipo__sigla": "DA", "tipo__descricao": "Documento Avulso", "assunto": "Edital 001-2019  aquisi\u00e7\u00e3o de minissalgados e minip\u00e3es de queijo Retificado."}, {"id": "500", "ano": "2019", "numero": "1", "tipo__sigla": "OFP", "tipo__descricao": "Of\u00edcio da Procuradoria", "assunto": "Reuni\u00e3o de setores para responder o MP - Site C\u00e2mara."}, {"id": "546", "ano": "2019", "numero": "1", "tipo__sigla": "ARP", "tipo__descricao": "Ata de Registro de Pre\u00e7os", "assunto": "Ata de registro de Pre\u00e7os oriunda do preg\u00e3o presencial n\u00ba 01-2019 - aquisi\u00e7\u00e3o de minissalgados e minip\u00e3es de queijo para eventos."}, {"id": "605", "ano": "2019", "numero": "1", "tipo__sigla": "REDF", "tipo__descricao": "Reda\u00e7\u00e3o Final", "assunto": "Reda\u00e7\u00e3o Final Projeto de Lei 37"}, {"id": "698", "ano": "2019", "numero": "1", "tipo__sigla": "CTCE", "tipo__descricao": "Correspond\u00eancias do Tribunal de Contas de MG", "assunto": "Requisi\u00e7\u00e3o"}, {"id": "754", "ano": "2019", "numero": "1", "tipo__sigla": "RADM", "tipo__descricao": "Recurso Administrativo", "assunto": "Recurso Administrativo Yupnet"}, {"id": "785", "ano": "2019", "numero": "1", "tipo__sigla": "DRA", "tipo__descricao": "Decis\u00e3o de Recurso Administrativo", "assunto": "DECIS\u00c3O DO PREGOEIRO AO RECURSO IMPETRADO PELA EMPRESA YUPNET TELECOMUNICA\u00c7\u00d5ES LTDA"}, {"id": "801", "ano": "2019", "numero": "1", "tipo__sigla": "CO", "tipo__descricao": "Convite", "assunto": "Entrega da viatura da policia militar"}, {"id": "827", "ano": "2019", "numero": "1", "tipo__sigla": "ANEX", "tipo__descricao": "Anexo", "assunto": "Anexos"}, {"id": "990", "ano": "2019", "numero": "1", "tipo__sigla": "DCP", "tipo__descricao": "Documenta\u00e7\u00e3o de Concurso P\u00fablico", "assunto": "Proposta da Empresa Cespe"}, {"id": "1217", "ano": "2019", "numero": "1", "tipo__sigla": "CHPA", "tipo__descricao": "CHAPA DE COMPOSI\u00c7\u00c3O DA MESA DIRETORA", "assunto": "Chapa de composi\u00e7\u00e3o da Mesa Diretora 2020"}, {"id": "151", "ano": "2019", "numero": "2", "tipo__sigla": "REV", "tipo__descricao": "Relat\u00f3rios de rodagem do ve\u00edculo e outros", "assunto": "Relatorio de viajem-dia 2 de janeiro- levar o presidente no cartorio em tres pontas"}, {"id": "170", "ano": "2019", "numero": "2", "tipo__sigla": "OLIC", "tipo__descricao": "Of\u00edcio de Licita\u00e7\u00e3o", "assunto": "Solicita pre\u00e7o de gasolina e etanol a posto do Chico Barba."}, {"id": "173", "ano": "2019", "numero": "2", "tipo__sigla": "COMDE", "tipo__descricao": "COMUNICADO/DESPACHO", "assunto": "Reitera o Comunicado n\u00ba 31/2018"}, {"id": "182", "ano": "2019", "numero": "2", "tipo__sigla": "MCL", "tipo__descricao": "Memorando da Comiss\u00e3o de Licita\u00e7\u00e3o", "assunto": "responde ao oficio da sec. de licit. n\u00ba 08/2019"}, {"id": "193", "ano": "2019", "numero": "2", "tipo__sigla": "TERM", "tipo__descricao": "Termos de licita\u00e7\u00e3o", "assunto": "TERMO DE REFER\u00caNCIA \u2013 n\u00b0 002/2018 - Aquisi\u00e7\u00e3o de Placa de fibra mineral 62,5 cm 1,25 cm."}, {"id": "195", "ano": "2019", "numero": "2", "tipo__sigla": "PARE", "tipo__descricao": "PARECER", "assunto": "A C\u00e2mara Municipal de Santana da Vargem - MG almeja contratar pessoa f\u00edsica para prestar servi\u00e7o de diarista (limpeza, higieniza\u00e7\u00e3o e prepara\u00e7\u00e3o de caf\u00e9) durante o per\u00edodo em que a Auxiliar Administrativa est\u00e1 afastada (at\u00e9 o dia 22/01/2019)."}, {"id": "197", "ano": "2019", "numero": "2", "tipo__sigla": "MLIC", "tipo__descricao": "Memorando de licita\u00e7\u00e3o", "assunto": "Memorando Lic. 03/2019 - Encaminha documentos"}, {"id": "199", "ano": "2019", "numero": "2", "tipo__sigla": "ATACL", "tipo__descricao": "Ata da Comiss\u00e3o de Licita\u00e7\u00e3o", "assunto": "Ata para deliberar de assuntos propostos no oficio 16/2019"}, {"id": "219", "ano": "2019", "numero": "2", "tipo__sigla": "OR", "tipo__descricao": "OF\u00cdCIOS RECEBIDOS", "assunto": "Infomar a razao de teor do oficio n0022/2019/3 PJ-TP"}, {"id": "226", "ano": "2019", "numero": "2", "tipo__sigla": "DMP", "tipo__descricao": "Documentos de tribunais e do Minist\u00e9rio P\u00fablico", "assunto": "Comunica\u00e7\u00e3o do MP"}, {"id": "231", "ano": "2019", "numero": "2", "tipo__sigla": "ATACD", "tipo__descricao": "Ata da Comiss\u00e3o Disciplinar", "assunto": "ATA DA COMISS\u00c3O ADMINISTRATIVA DISCIPLINAR"}, {"id": "241", "ano": "2019", "numero": "2", "tipo__sigla": "DEC", "tipo__descricao": "Declara\u00e7\u00e3o", "assunto": "Certid\u00e3o solicitada pelo DR. Marcelo de Souza Santos"}, {"id": "242", "ano": "2019", "numero": "2", "tipo__sigla": "MEM", "tipo__descricao": "Memorando", "assunto": "Solicita\u00e7\u00e3o de di\u00e1ria para realiza\u00e7\u00e3o de curso de Preg\u00e3o nos dias 05 e 06 de fevereiro de 2019."}, {"id": "272", "ano": "2019", "numero": "2", "tipo__sigla": "AT", "tipo__descricao": "ATESTADO", "assunto": "Atestado M\u00e9dico"}, {"id": "294", "ano": "2019", "numero": "2", "tipo__sigla": "SO", "tipo__descricao": "SOLICITA\u00c7\u00c3O", "assunto": "Solicita ressarcimento"}, {"id": "312", "ano": "2019", "numero": "2", "tipo__sigla": "CERT", "tipo__descricao": "CERTIFICADO", "assunto": "Certificado Carlos Cezar Ribeiro"}, {"id": "413", "ano": "2019", "numero": "2", "tipo__sigla": "DPA", "tipo__descricao": "Documento de Processo Administrativo", "assunto": "Processo Administrativo"}, {"id": "430", "ano": "2019", "numero": "2", "tipo__sigla": "NFB", "tipo__descricao": "Nota Fiscal/boleto", "assunto": "Nota fiscal Paulo Henrique de Freitas"}, {"id": "434", "ano": "2019", "numero": "2", "tipo__sigla": "OVC", "tipo__descricao": "Of\u00edcio de Vereador/Comiss\u00e3o", "assunto": "Of\u00edcio da Comiss\u00e3o de Obras, Servi\u00e7os P\u00fablicos, Agroindustriais e Comercio"}, {"id": "475", "ano": "2019", "numero": "2", "tipo__sigla": "DA", "tipo__descricao": "Documento Avulso", "assunto": "Edital remarcando o dia do preg\u00e3o 001-2019 aquisi\u00e7\u00e3o de minissalgados e minip\u00e3es de queijo para nova data  dia 10/04/2019."}, {"id": "490", "ano": "2019", "numero": "2", "tipo__sigla": "ED", "tipo__descricao": "Edital", "assunto": "Edital referente ao Preg\u00e3o Presencial 002/2019 para aquisi\u00e7\u00e3o de material de expediente"}, {"id": "493", "ano": "2019", "numero": "2", "tipo__sigla": "PB", "tipo__descricao": "Projeto b\u00e1sico", "assunto": "O presente Projeto B\u00e1sico de n\u00b0002-2019 tem por objeto a contrata\u00e7\u00e3o de profissional PF ou PJ para prestar servi\u00e7o de conserto e manuten\u00e7\u00e3o no port\u00e3o eletr\u00f4nico da C\u00e2mara Municipal de Santana da Vargem, incluindo m\u00e3o de obra para instala\u00e7\u00e3o e todos os materiais necess\u00e1rios para o perfeito funcionamento do port\u00e3o eletr\u00f4nico, incluindo o motor novo, se n\u00e3o for poss\u00edvel a reutiliza\u00e7\u00e3o do atual, e controles remotos, conforme discriminado abaixo: 01 unid motor para port\u00e3o deslizante de 3,05m, 110/220V, 1/4 CV, com cremalheira de 3m; com 02 (duas) unidades de controle remoto."}, {"id": "541", "ano": "2019", "numero": "2", "tipo__sigla": "CA", "tipo__descricao": "Contrato Administrativo", "assunto": "Contrato referente \u00e0 minissalgado e minip\u00e3es de queijo"}, {"id": "779", "ano": "2019", "numero": "2", "tipo__sigla": "OFP", "tipo__descricao": "Of\u00edcio da Procuradoria", "assunto": "Sa\u00edda da comiss\u00e3o de licita\u00e7\u00e3o"}, {"id": "784", "ano": "2019", "numero": "2", "tipo__sigla": "RADM", "tipo__descricao": "Recurso Administrativo", "assunto": "Contra raz\u00e3o ao recurso apresentado pela YUP NET"}, {"id": "794", "ano": "2019", "numero": "2", "tipo__sigla": "CTCE", "tipo__descricao": "Correspond\u00eancias do Tribunal de Contas de MG", "assunto": "Requisi\u00e7\u00e3o"}, {"id": "834", "ano": "2019", "numero": "2", "tipo__sigla": "ARP", "tipo__descricao": "Ata de Registro de Pre\u00e7os", "assunto": "ATA DE REGISTRO DE PRE\u00c7OS C\u00c2MARA MUNICIPAL DE SANTANA DA VARGEM  ATA DE REGISTRO DE PRE\u00c7OS N.\u00ba 02-2019 para aquisi\u00e7\u00e3o de material de expediente."}, {"id": "919", "ano": "2019", "numero": "2", "tipo__sigla": "ODC", "tipo__descricao": "Of\u00edcio/documento Cont\u00e1bil", "assunto": "Impacto Or\u00e7ament\u00e1rio/ Lei complementar 03/2019"}, {"id": "953", "ano": "2019", "numero": "2", "tipo__sigla": "CO", "tipo__descricao": "Convite", "assunto": "Convite advindo do executivo - Campeonato Municipal de Futebol"}, {"id": "974", "ano": "2019", "numero": "2", "tipo__sigla": "ARO", "tipo__descricao": "ATAS DAS REUNI\u00d5ES ORDIN\u00c1RIAS", "assunto": "Ata da Audi\u00eancia Publica para discuss\u00e3o do projeto de Lei n\u00ba 07/2019 - REURB"}, {"id": "991", "ano": "2019", "numero": "2", "tipo__sigla": "DCP", "tipo__descricao": "Documenta\u00e7\u00e3o de Concurso P\u00fablico", "assunto": "Proposta da Empresa IBGP"}, {"id": "1257", "ano": "2019", "numero": "2", "tipo__sigla": "ANEX", "tipo__descricao": "Anexo", "assunto": "Or\u00e7amento do Legislativo"}, {"id": "155", "ano": "2019", "numero": "3", "tipo__sigla": "OFEXP", "tipo__descricao": "Of\u00edcio Expedido", "assunto": "SOLICITA INFORMA\u00c7\u00d5ES REFERENTES AO PROJETO DE LEI COMPLEMENTAR 02/2018"}, {"id": "159", "ano": "2019", "numero": "3", "tipo__sigla": "REV", "tipo__descricao": "Relat\u00f3rios de rodagem do ve\u00edculo e outros", "assunto": "Levar presidente da camara no cartorio para buscar ATA"}, {"id": "169", "ano": "2019", "numero": "3", "tipo__sigla": "OLIC", "tipo__descricao": "Of\u00edcio de Licita\u00e7\u00e3o", "assunto": "Solicita pre\u00e7o de gasolina e Etanol a APS."}, {"id": "196", "ano": "2019", "numero": "3", "tipo__sigla": "PARE", "tipo__descricao": "PARECER", "assunto": "A C\u00e2mara Municipal de Santana da Vargem - MG almeja contratar/adquirir placas de fibra mineral, na quantidade expressa abaixo, uma vez que a reposi\u00e7\u00e3o das mesmas \u00e9 necess\u00e1ria devido \u00e0 deteriora\u00e7\u00e3o do material pela umidade."}, {"id": "200", "ano": "2019", "numero": "3", "tipo__sigla": "MLIC", "tipo__descricao": "Memorando de licita\u00e7\u00e3o", "assunto": "Memorando Lic. 04/2019 - Encaminhar resposta do oficio 16/2019"}, {"id": "201", "ano": "2019", "numero": "3", "tipo__sigla": "ATACL", "tipo__descricao": "Ata da Comiss\u00e3o de Licita\u00e7\u00e3o", "assunto": "ata da comiss\u00e3o para deliberar sobre o vencedor a ser contratado pela adm publica"}, {"id": "202", "ano": "2019", "numero": "3", "tipo__sigla": "COMDE", "tipo__descricao": "COMUNICADO/DESPACHO", "assunto": "Comunicado n\u00ba 02/2019 - Solicita autoriza\u00e7\u00e3o"}, {"id": "214", "ano": "2019", "numero": "3", "tipo__sigla": "TERM", "tipo__descricao": "Termos de licita\u00e7\u00e3o", "assunto": "Termo de Refer\u00eancia n\u00ba 03/2019 - Processo 07/2019 Aquisi\u00e7\u00e3o de mini salgados e mini p\u00e3es de queijo"}, {"id": "221", "ano": "2019", "numero": "3", "tipo__sigla": "OR", "tipo__descricao": "OF\u00cdCIOS RECEBIDOS", "assunto": "Prestar informa\u00e7\u00f5es solicitadas, segue anexo a lei municipal n740/2001"}, {"id": "236", "ano": "2019", "numero": "3", "tipo__sigla": "MCL", "tipo__descricao": "Memorando da Comiss\u00e3o de Licita\u00e7\u00e3o", "assunto": "Memorando de Licita\u00e7\u00e3o n\u00ba 03/2019 - encaminha processo para emiss\u00e3o de parecer"}, {"id": "244", "ano": "2019", "numero": "3", "tipo__sigla": "MEM", "tipo__descricao": "Memorando", "assunto": "Solicita\u00e7\u00e3o ao Contador de emiss\u00e3o de di\u00e1ria aos servidores Tuillis e Ruiter para curso em Belo Horizonte nos dias 05 e 06 de fevereiro de 2019."}, {"id": "252", "ano": "2019", "numero": "3", "tipo__sigla": "ATACD", "tipo__descricao": "Ata da Comiss\u00e3o Disciplinar", "assunto": "Ata do dia 01/02/2019."}, {"id": "261", "ano": "2019", "numero": "3", "tipo__sigla": "DMP", "tipo__descricao": "Documentos de tribunais e do Minist\u00e9rio P\u00fablico", "assunto": "Ecaminho a C\u00e2mara de vereadores o of\u00edcio 9049/2019"}, {"id": "273", "ano": "2019", "numero": "3", "tipo__sigla": "AT", "tipo__descricao": "ATESTADO", "assunto": "Atestado M\u00e9dico"}, {"id": "310", "ano": "2019", "numero": "3", "tipo__sigla": "SO", "tipo__descricao": "SOLICITA\u00c7\u00c3O", "assunto": "Requer copia da lei de sess\u00e3o de direito de uso por 5 anos"}, {"id": "348", "ano": "2019", "numero": "3", "tipo__sigla": "CERT", "tipo__descricao": "CERTIFICADO", "assunto": "Certificado curso AMM"}, {"id": "419", "ano": "2019", "numero": "3", "tipo__sigla": "DEC", "tipo__descricao": "Declara\u00e7\u00e3o", "assunto": "Declaro para os devidos fins que Rodrigo Scalioni Brito, da C\u00e2mara Municipal de Santana da Vargem, portador da CI MG-5.896.717, e CPF 040.046.576-1, esteve nesta Corte no per\u00edodo de 13:23 \u00e0s 15:30 hrs na presente data, declarando ter comparecido ao Gabinete da Presid\u00eancia"}, {"id": "432", "ano": "2019", "numero": "3", "tipo__sigla": "DPA", "tipo__descricao": "Documento de Processo Administrativo", "assunto": "TERMO DE PRORROGA\u00c7\u00c3O DE PROCESSO ADMINISTRATIVO DISCIPLINAR Processo Administrativo Disciplinar n\u00b0 01/2018"}, {"id": "476", "ano": "2019", "numero": "3", "tipo__sigla": "DA", "tipo__descricao": "Documento Avulso", "assunto": "Documento solicitado pela comiss\u00e3o administrativa disciplinar"}, {"id": "501", "ano": "2019", "numero": "3", "tipo__sigla": "ED", "tipo__descricao": "Edital", "assunto": "EDITAL DE PREG\u00c3O PRESENCIAL N\u00ba 003/2019 - A C\u00e2mara Municipal de Santana da Vargem - MG, por interm\u00e9dio de seu Pregoeiro e Equipe de Apoio, designados pela Portaria de n\u00ba 15, de 09 de janeiro de 2019, tornam p\u00fablico e fazem comunicar aos interessados que realizar\u00e1 licita\u00e7\u00e3o na modalidade PREG\u00c3O PRESENCIAL, do tipo MENOR PRE\u00c7O, objetivando o REGISTRO DE PRE\u00c7OS para a aquisi\u00e7\u00e3o eventual e futura de g\u00eaneros aliment\u00edcios cuja descri\u00e7\u00e3o est\u00e1 contida no termo de refer\u00eancia 004-2019, sendo o anexo I do Edital."}, {"id": "518", "ano": "2019", "numero": "3", "tipo__sigla": "OVC", "tipo__descricao": "Of\u00edcio de Vereador/Comiss\u00e3o", "assunto": "Projeto de Lei N\u00b0 004/2019"}, {"id": "591", "ano": "2019", "numero": "3", "tipo__sigla": "NFB", "tipo__descricao": "Nota Fiscal/boleto", "assunto": "Nota fiscal de servi\u00e7os eletr\u00f4nica"}, {"id": "625", "ano": "2019", "numero": "3", "tipo__sigla": "REDF", "tipo__descricao": "Reda\u00e7\u00e3o Final", "assunto": "Reda\u00e7\u00e3o Final do Projeto de Lei n\u00ba 03/2018 que \"Disp\u00f5e sobre o plano de cargos, carreiras e vencimentos dos servidores do poder legislativo\""}, {"id": "662", "ano": "2019", "numero": "3", "tipo__sigla": "PB", "tipo__descricao": "Projeto b\u00e1sico", "assunto": "PROJETO B\u00c1SICO PARA CONTRATA\u00c7\u00c3O DE EMPRESA PARA PROVIMENTO DE ACESSO \u00c0 INTERNETE."}, {"id": "796", "ano": "2019", "numero": "3", "tipo__sigla": "CA", "tipo__descricao": "Contrato Administrativo", "assunto": "Contrato"}, {"id": "839", "ano": "2019", "numero": "3", "tipo__sigla": "OFP", "tipo__descricao": "Of\u00edcio da Procuradoria", "assunto": "Resposta \u00e0 defesa do Sr. Josino Silva - Cobran\u00e7a por aus\u00eancia em sess\u00e3o legislativa."}, {"id": "962", "ano": "2019", "numero": "3", "tipo__sigla": "CO", "tipo__descricao": "Convite", "assunto": "Sindicato dos Produtores Rurais"}, {"id": "994", "ano": "2019", "numero": "3", "tipo__sigla": "DCP", "tipo__descricao": "Documenta\u00e7\u00e3o de Concurso P\u00fablico", "assunto": "Relat\u00f3rio da Comiss\u00e3o Concurso P\u00fablico"}, {"id": "1034", "ano": "2019", "numero": "3", "tipo__sigla": "ARO", "tipo__descricao": "ATAS DAS REUNI\u00d5ES ORDIN\u00c1RIAS", "assunto": "24\u00ba Reuni\u00e3o Ordin\u00e1ria"}, {"id": "1070", "ano": "2019", "numero": "3", "tipo__sigla": "CTCE", "tipo__descricao": "Correspond\u00eancias do Tribunal de Contas de MG", "assunto": "Comunica o parecer pr\u00e9vio sobre as contas do munic\u00edpio."}, {"id": "1190", "ano": "2019", "numero": "3", "tipo__sigla": "ODC", "tipo__descricao": "Of\u00edcio/documento Cont\u00e1bil", "assunto": "DECLARA\u00c7\u00c3O DE DESPESA E RECURSOS PARA GASTO COM PESSOAL N\u00ba 001/2019. FINALIDADE: Auxilio Alimenta\u00e7\u00e3o dos Servidores P\u00fablicos do Poder Legislativo de Santana da Vargem - MG."}, {"id": "162", "ano": "2019", "numero": "4", "tipo__sigla": "OFEXP", "tipo__descricao": "Of\u00edcio Expedido", "assunto": "Solicita numera\u00e7\u00e3o de lei complementar."}, {"id": "166", "ano": "2019", "numero": "4", "tipo__sigla": "REV", "tipo__descricao": "Relat\u00f3rios de rodagem do ve\u00edculo e outros", "assunto": "Levar o funcionario Luiz Gustavo no posto APS e no posto Chico Barba para fazer pesquisa de pre\u00e7os de combustivel"}, {"id": "167", "ano": "2019", "numero": "4", "tipo__sigla": "OLIC", "tipo__descricao": "Of\u00edcio de Licita\u00e7\u00e3o", "assunto": "Contrata\u00e7\u00e3o de diarista aut\u00f4nomo de limpeza, higieniza\u00e7\u00e3o e prepara\u00e7\u00e3o do caf\u00e9"}, {"id": "208", "ano": "2019", "numero": "4", "tipo__sigla": "ATACL", "tipo__descricao": "Ata da Comiss\u00e3o de Licita\u00e7\u00e3o", "assunto": "Ata para deliberar sobre assuntos propostos P.L 10/2019"}, {"id": "222", "ano": "2019", "numero": "4", "tipo__sigla": "OR", "tipo__descricao": "OF\u00cdCIOS RECEBIDOS", "assunto": "Ata de ades\u00e3o de registro de pre\u00e7o do combustivel"}, {"id": "247", "ano": "2019", "numero": "4", "tipo__sigla": "MEM", "tipo__descricao": "Memorando", "assunto": "Solicita\u00e7\u00e3o de di\u00e1ria para motorista"}, {"id": "251", "ano": "2019", "numero": "4", "tipo__sigla": "COMDE", "tipo__descricao": "COMUNICADO/DESPACHO", "assunto": "CIta\u00e7\u00e3o para a servidora Adriana Aparecida Rafael"}, {"id": "269", "ano": "2019", "numero": "4", "tipo__sigla": "TERM", "tipo__descricao": "Termos de licita\u00e7\u00e3o", "assunto": "Termo de refer\u00eancia 004-2019 - objeto: aquisi\u00e7\u00e3o de g\u00eaneros aliment\u00edcios,conforme demanda, \u00e0 medida que houver necessidade."}, {"id": "282", "ano": "2019", "numero": "4", "tipo__sigla": "ATACD", "tipo__descricao": "Ata da Comiss\u00e3o Disciplinar", "assunto": "Processo administrativo disciplinar"}, {"id": "311", "ano": "2019", "numero": "4", "tipo__sigla": "AT", "tipo__descricao": "ATESTADO", "assunto": "Atestado Kainne Delfino"}, {"id": "321", "ano": "2019", "numero": "4", "tipo__sigla": "PARE", "tipo__descricao": "PARECER", "assunto": "Parecer jur\u00eddico ao Projeto de Lei Complementar 004/2018 - Cria\u00e7\u00e3o de novo plano de cargos e sal\u00e1rios no \u00e2mbito da C\u00e2mara Municipal de Santana da Vargem - MG."}, {"id": "381", "ano": "2019", "numero": "4", "tipo__sigla": "SO", "tipo__descricao": "SOLICITA\u00c7\u00c3O", "assunto": "Solicita\u00e7\u00e3o"}, {"id": "396", "ano": "2019", "numero": "4", "tipo__sigla": "DMP", "tipo__descricao": "Documentos de tribunais e do Minist\u00e9rio P\u00fablico", "assunto": "Inqu\u00e9rito Civil n\u00b0 MPMG-0694.18.000706-4"}, {"id": "426", "ano": "2019", "numero": "4", "tipo__sigla": "DEC", "tipo__descricao": "Declara\u00e7\u00e3o", "assunto": "Declaro para os devidos fins que Luiz Felipe Mendon\u00e7a Rodrigues, da C\u00e2mara Municipal Santana da Vargem< portador da CI MG-14.950.863, CPF 097.973.996.99, esteve nesta Corte no periodo de 13:23 hrs \u00e0s 15:30 hrs na presente data, declarando ter comparecido ao Gabinete da Presid\u00eancia"}, {"id": "449", "ano": "2019", "numero": "4", "tipo__sigla": "CERT", "tipo__descricao": "CERTIFICADO", "assunto": "Participou do curso Mesa Diretora-Fun\u00e7\u00f5es, atribui\u00e7\u00f5es, responsabilidades, implanta\u00e7\u00e3o, adequa\u00e7\u00e3o para os novos membros da mesa diretora"}, {"id": "489", "ano": "2019", "numero": "4", "tipo__sigla": "DPA", "tipo__descricao": "Documento de Processo Administrativo", "assunto": "Resposta\u00b4\u00e0 Defesa. Processo Administrativo Disciplinar 001-2018. A comiss\u00e3o de processo administrativo disciplinar, em aten\u00e7\u00e3o \u00e0 fls. 353/355, vem apresentar resposta a defesa preliminar e ao chamamento do feito \u00e0 ordem pelas raz\u00f5es de direito e de fato a seguir expostos."}, {"id": "522", "ano": "2019", "numero": "4", "tipo__sigla": "OVC", "tipo__descricao": "Of\u00edcio de Vereador/Comiss\u00e3o", "assunto": "Notifica\u00e7\u00e3o das contas do exerc\u00edcio de 2016 - Carlo Cezar"}, {"id": "559", "ano": "2019", "numero": "4", "tipo__sigla": "DA", "tipo__descricao": "Documento Avulso", "assunto": "Edital 002-2019 na modalidade PREG\u00c3O PRESENCIAL, do tipo MENOR PRE\u00c7O, objetivando o REGISTRO DE PRE\u00c7OS para a aquisi\u00e7\u00e3o eventual e futura de material de expediente."}, {"id": "570", "ano": "2019", "numero": "4", "tipo__sigla": "ED", "tipo__descricao": "Edital", "assunto": "Edital 004-2019  - objeto: aquisi\u00e7\u00e3o de produtos de limpeza e higiene e utilidades dom\u00e9sticas, conforme demanda, \u00e0 medida que houver necessidade, durante 12 (doze) meses consecutivos, para suprir \u00e0s necessidades de limpeza, higieniza\u00e7\u00e3o da C\u00e2mara Municipal de Santana da Vargem e tamb\u00e9m repor os utens\u00edlios dom\u00e9sticos."}, {"id": "639", "ano": "2019", "numero": "4", "tipo__sigla": "REDF", "tipo__descricao": "Reda\u00e7\u00e3o Final", "assunto": "Reda\u00e7\u00e3o Final do Projeto de Lei 05 de 2019"}, {"id": "984", "ano": "2019", "numero": "4", "tipo__sigla": "NFB", "tipo__descricao": "Nota Fiscal/boleto", "assunto": "Participa\u00e7\u00e3o do IV Congresso de Gest\u00e3o Publica em Belo Horizonte"}, {"id": "992", "ano": "2019", "numero": "4", "tipo__sigla": "PB", "tipo__descricao": "Projeto b\u00e1sico", "assunto": "Projeto B\u00e1sico Concurso P\u00fablico"}, {"id": "995", "ano": "2019", "numero": "4", "tipo__sigla": "DCP", "tipo__descricao": "Documenta\u00e7\u00e3o de Concurso P\u00fablico", "assunto": "Minuta do Contrato do Concurso P\u00fablico."}, {"id": "999", "ano": "2019", "numero": "4", "tipo__sigla": "OFP", "tipo__descricao": "Of\u00edcio da Procuradoria", "assunto": "Of\u00edcio solicitanto informa\u00e7\u00f5es do setor cont\u00e1bil - den\u00fancia falsidade ideol\u00f3gica"}, {"id": "1301", "ano": "2019", "numero": "4", "tipo__sigla": "CTCE", "tipo__descricao": "Correspond\u00eancias do Tribunal de Contas de MG", "assunto": "Of\u00edcio 21719/2019"}, {"id": "164", "ano": "2019", "numero": "5", "tipo__sigla": "OFEXP", "tipo__descricao": "Of\u00edcio Expedido", "assunto": "Informa Lei Complementar promulgada"}, {"id": "168", "ano": "2019", "numero": "5", "tipo__sigla": "OLIC", "tipo__descricao": "Of\u00edcio de Licita\u00e7\u00e3o", "assunto": "Encaminha os documentos constantes do processo n\u00ba 003/2019 para que esta Comiss\u00e3o possa deliberar nos assuntos."}, {"id": "190", "ano": "2019", "numero": "5", "tipo__sigla": "REV", "tipo__descricao": "Relat\u00f3rios de rodagem do ve\u00edculo e outros", "assunto": "Levar funcion\u00e1rio Gustavo nos com\u00e9rcios para fazer cota\u00e7\u00e3o de pre\u00e7os"}, {"id": "227", "ano": "2019", "numero": "5", "tipo__sigla": "OR", "tipo__descricao": "OF\u00cdCIOS RECEBIDOS", "assunto": "Em aten\u00e7\u00e3o ao oficio n 016/2019"}, {"id": "235", "ano": "2019", "numero": "5", "tipo__sigla": "ATACL", "tipo__descricao": "Ata da Comiss\u00e3o de Licita\u00e7\u00e3o", "assunto": "Ata - Processo licitat\u00f3rio n\u00ba 07/2019"}, {"id": "248", "ano": "2019", "numero": "5", "tipo__sigla": "MEM", "tipo__descricao": "Memorando", "assunto": "Menorando n\u00ba 05/2019 - Solicita\u00e7\u00e3o de diarias"}, {"id": "254", "ano": "2019", "numero": "5", "tipo__sigla": "COMDE", "tipo__descricao": "COMUNICADO/DESPACHO", "assunto": "Autoriza a abertura do cr\u00e9dito especial"}, {"id": "352", "ano": "2019", "numero": "5", "tipo__sigla": "PARE", "tipo__descricao": "PARECER", "assunto": "Referente ao exerc\u00edcio financeiro de 2016 (Vitor El\u00f3i)"}, {"id": "363", "ano": "2019", "numero": "5", "tipo__sigla": "TERM", "tipo__descricao": "Termos de licita\u00e7\u00e3o", "assunto": "Termo de Refer\u00eancia - Material de Expediente"}, {"id": "382", "ano": "2019", "numero": "5", "tipo__sigla": "AT", "tipo__descricao": "ATESTADO", "assunto": "Carlos Cezar protocola atestado m\u00e9dico para justificar falta na reuni\u00e3o do dia 12/03/19."}, {"id": "402", "ano": "2019", "numero": "5", "tipo__sigla": "ATACD", "tipo__descricao": "Ata da Comiss\u00e3o Disciplinar", "assunto": "Processo Administrativo Disciplinar n 01/2018."}, {"id": "403", "ano": "2019", "numero": "5", "tipo__sigla": "DMP", "tipo__descricao": "Documentos de tribunais e do Minist\u00e9rio P\u00fablico", "assunto": "Encaminha c\u00f3pia Noticia de Fato n\u00b0 MPMG-0694.19.000098-4"}, {"id": "450", "ano": "2019", "numero": "5", "tipo__sigla": "CERT", "tipo__descricao": "CERTIFICADO", "assunto": "Participou do III congresso de gest\u00e3o publica municipal"}, {"id": "457", "ano": "2019", "numero": "5", "tipo__sigla": "DEC", "tipo__descricao": "Declara\u00e7\u00e3o", "assunto": "Declara\u00e7\u00e3o Luiz Felipe Mendon\u00e7a Rodrigues"}, {"id": "481", "ano": "2019", "numero": "5", "tipo__sigla": "SO", "tipo__descricao": "SOLICITA\u00c7\u00c3O", "assunto": "Requerimento"}, {"id": "523", "ano": "2019", "numero": "5", "tipo__sigla": "OVC", "tipo__descricao": "Of\u00edcio de Vereador/Comiss\u00e3o", "assunto": "Notifica\u00e7\u00e3o das contas do exerc\u00edcio de 2016 - Luiz Felipe"}, {"id": "561", "ano": "2019", "numero": "5", "tipo__sigla": "DPA", "tipo__descricao": "Documento de Processo Administrativo", "assunto": "Processo Administrativo n\u00b0001/2018, raz\u00f5es finais"}, {"id": "575", "ano": "2019", "numero": "5", "tipo__sigla": "DA", "tipo__descricao": "Documento Avulso", "assunto": "Mo\u00e7\u00e3o de Aplausos"}, {"id": "603", "ano": "2019", "numero": "5", "tipo__sigla": "ED", "tipo__descricao": "Edital", "assunto": "Edital de PREG\u00c3O PRESENCIAL n\u00b0 005-2019, do tipo MENOR PRE\u00c7O, objetivando o REGISTRO DE PRE\u00c7OS para a aquisi\u00e7\u00e3o eventual e futura de produtos de panifica\u00e7\u00e3o, leite e derivados cuja descri\u00e7\u00e3o est\u00e1 contida no termo de refer\u00eancia 006-2019."}, {"id": "641", "ano": "2019", "numero": "5", "tipo__sigla": "REDF", "tipo__descricao": "Reda\u00e7\u00e3o Final", "assunto": "DISP\u00d5E SOBRE O PLANO DE CARGOS, CARREIRAS\r\nE VENCIMENTOS DOS SERVIDORES DO PODER\r\nLEGISLATIVO."}, {"id": "1029", "ano": "2019", "numero": "5", "tipo__sigla": "OFP", "tipo__descricao": "Of\u00edcio da Procuradoria", "assunto": "Resposta ao of\u00edcio 01/2019 Vereadora Silmara - Contrata\u00e7\u00f5es Excepcional por Interesse P\u00fablico."}, {"id": "1355", "ano": "2019", "numero": "5", "tipo__sigla": "DCP", "tipo__descricao": "Documenta\u00e7\u00e3o de Concurso P\u00fablico", "assunto": "Procedimento Preparat\u00f3rio n\u00ba MPMG-0694.19.000446-5"}, {"id": "174", "ano": "2019", "numero": "6", "tipo__sigla": "OFEXP", "tipo__descricao": "Of\u00edcio Expedido", "assunto": "Encaminha or\u00e7amento legislativo 2019"}, {"id": "205", "ano": "2019", "numero": "6", "tipo__sigla": "REV", "tipo__descricao": "Relat\u00f3rios de rodagem do ve\u00edculo e outros", "assunto": "Levar o fucionario Luiz Gustavo para levar cota\u00e7\u00e3o nos comercios Vargense"}, {"id": "249", "ano": "2019", "numero": "6", "tipo__sigla": "MEM", "tipo__descricao": "Memorando", "assunto": "SOLICITA CONFEC\u00c7\u00c3O DE DIARIA AO TECNICO EM CONTABILIDADE"}, {"id": "258", "ano": "2019", "numero": "6", "tipo__sigla": "OR", "tipo__descricao": "OF\u00cdCIOS RECEBIDOS", "assunto": "Solicita\u00e7\u00e3o de ades\u00e3o a carona ao processo N\u00ba 191/2018"}, {"id": "268", "ano": "2019", "numero": "6", "tipo__sigla": "COMDE", "tipo__descricao": "COMUNICADO/DESPACHO", "assunto": "Lei de Deiretizes Or\u00e7ament\u00e1rias (LDO) e Lei Or\u00e7ament\u00e1ria Anual (LOA) do ano 2020"}, {"id": "357", "ano": "2019", "numero": "6", "tipo__sigla": "PARE", "tipo__descricao": "PARECER", "assunto": "Parecer Jur\u00eddico sobre as contas do exerc\u00edcio financeiro de 2015."}, {"id": "364", "ano": "2019", "numero": "6", "tipo__sigla": "ATACL", "tipo__descricao": "Ata da Comiss\u00e3o de Licita\u00e7\u00e3o", "assunto": "ATA DA REUNI\u00c3O DA COMISS\u00c3O DE LICITA\u00c7\u00c3O DA C\u00c2MARA MUNICIPAL DE SANTANA DA VARGEM PARA DELIBERA\u00c7\u00c3O SOBRE ASSUNTOS PROPOSTOS NO OF\u00cdCIO 024/2019 - sobre o processo licitat\u00f3rio 001-2019  - g\u00eaneros aliment\u00edcios"}, {"id": "369", "ano": "2019", "numero": "6", "tipo__sigla": "TERM", "tipo__descricao": "Termos de licita\u00e7\u00e3o", "assunto": "Termo de Refer\u00eancia - Produtos de Panifica\u00e7\u00e3o"}, {"id": "441", "ano": "2019", "numero": "6", "tipo__sigla": "DMP", "tipo__descricao": "Documentos de tribunais e do Minist\u00e9rio P\u00fablico", "assunto": "Requisita as informa\u00e7\u00f5es Procedimentos Administrativo"}, {"id": "451", "ano": "2019", "numero": "6", "tipo__sigla": "CERT", "tipo__descricao": "CERTIFICADO", "assunto": "Participou do III congresso de gest\u00e3o publica municipal"}, {"id": "458", "ano": "2019", "numero": "6", "tipo__sigla": "DEC", "tipo__descricao": "Declara\u00e7\u00e3o", "assunto": "Declara\u00e7\u00e3o Felipe Tome Mota Silva"}, {"id": "471", "ano": "2019", "numero": "6", "tipo__sigla": "AT", "tipo__descricao": "ATESTADO", "assunto": "Atestado m\u00e9dico"}, {"id": "479", "ano": "2019", "numero": "6", "tipo__sigla": "ATACD", "tipo__descricao": "Ata da Comiss\u00e3o Disciplinar", "assunto": "Ata da reuni\u00e3o da Comiss\u00e3o administrativa disciplinar para tratar da renumera\u00e7\u00e3o das p\u00e1ginas."}, {"id": "482", "ano": "2019", "numero": "6", "tipo__sigla": "SO", "tipo__descricao": "SOLICITA\u00c7\u00c3O", "assunto": "Requerimento"}, {"id": "524", "ano": "2019", "numero": "6", "tipo__sigla": "OVC", "tipo__descricao": "Of\u00edcio de Vereador/Comiss\u00e3o", "assunto": "Notifica\u00e7\u00e3o das contas do exerc\u00edcio de 2016 - Expedito Alves"}, {"id": "573", "ano": "2019", "numero": "6", "tipo__sigla": "DPA", "tipo__descricao": "Documento de Processo Administrativo", "assunto": "Relat\u00f3rio Final do processo administrativo disciplinar 001/2018 - Processo 004/2018."}, {"id": "579", "ano": "2019", "numero": "6", "tipo__sigla": "DA", "tipo__descricao": "Documento Avulso", "assunto": "Edital 003-2019 9 (MODIFICADO) PREG\u00c3O PRESENCIAL, do tipo MENOR PRE\u00c7O, objetivando o REGISTRO DE PRE\u00c7OS para a aquisi\u00e7\u00e3o eventual e futura de g\u00eaneros aliment\u00edcios cuja descri\u00e7\u00e3o est\u00e1 contida no termo de refer\u00eancia 004-2019."}, {"id": "682", "ano": "2019", "numero": "6", "tipo__sigla": "ED", "tipo__descricao": "Edital", "assunto": "Edital Preg\u00e3o presencial para contrata\u00e7\u00e3o de Internet"}, {"id": "704", "ano": "2019", "numero": "6", "tipo__sigla": "REDF", "tipo__descricao": "Reda\u00e7\u00e3o Final", "assunto": "Reda\u00e7\u00e3o Final do Projeto de Lei 14 de 2019"}, {"id": "1035", "ano": "2019", "numero": "6", "tipo__sigla": "OFP", "tipo__descricao": "Of\u00edcio da Procuradoria", "assunto": "Solicitando esclarecimentos - Of\u00edcio 18 DPCV/2018"}, {"id": "1363", "ano": "2019", "numero": "6", "tipo__sigla": "DCP", "tipo__descricao": "Documenta\u00e7\u00e3o de Concurso P\u00fablico", "assunto": "Resultado dos pedidos de isen\u00e7\u00e3o."}, {"id": "175", "ano": "2019", "numero": "7", "tipo__sigla": "OFEXP", "tipo__descricao": "Of\u00edcio Expedido", "assunto": "Encaminha or\u00e7amento 2019 para a comiss\u00e3o de licita\u00e7\u00e3o"}, {"id": "176", "ano": "2019", "numero": "7", "tipo__sigla": "OLIC", "tipo__descricao": "Of\u00edcio de Licita\u00e7\u00e3o", "assunto": "Of\u00edcio obras/compras e licita\u00e7\u00f5es N\u00b0 007/2018"}, {"id": "207", "ano": "2019", "numero": "7", "tipo__sigla": "REV", "tipo__descricao": "Relat\u00f3rios de rodagem do ve\u00edculo e outros", "assunto": "Levar o presidente na Acaps"}, {"id": "250", "ano": "2019", "numero": "7", "tipo__sigla": "MEM", "tipo__descricao": "Memorando", "assunto": "solicita confec\u00e7\u00e3o de diaria ao tecnico em contabilidade"}, {"id": "271", "ano": "2019", "numero": "7", "tipo__sigla": "COMDE", "tipo__descricao": "COMUNICADO/DESPACHO", "assunto": "Vimos pelo presente informar e convocar para participa\u00e7\u00e3o de Reuni\u00e3o Ordin\u00e1ria da Comiss\u00e3o de Finan\u00e7as e Or\u00e7amentos, que acontecer\u00e1 no pr\u00f3ximo dia 18 de fevereiro de 2019, \u00e0s 18:30 horas, na sala de reuni\u00f5es da C\u00e2mara Municipal de Santana da Vargem."}, {"id": "358", "ano": "2019", "numero": "7", "tipo__sigla": "PARE", "tipo__descricao": "PARECER", "assunto": "Parecer Jur\u00eddico Revis\u00e3o Geral Anual 2019"}, {"id": "371", "ano": "2019", "numero": "7", "tipo__sigla": "OR", "tipo__descricao": "OF\u00cdCIOS RECEBIDOS", "assunto": "Comunica\u00e7\u00e3o referente a Escola Estadual Morro Cavado"}, {"id": "392", "ano": "2019", "numero": "7", "tipo__sigla": "TERM", "tipo__descricao": "Termos de licita\u00e7\u00e3o", "assunto": "Termo de Refer\u00eancia Produtos de Limpeza"}, {"id": "404", "ano": "2019", "numero": "7", "tipo__sigla": "ATACL", "tipo__descricao": "Ata da Comiss\u00e3o de Licita\u00e7\u00e3o", "assunto": "ATA DA REUNI\u00c3O DA COMISS\u00c3O DE LICITA\u00c7\u00c3O DA C\u00c2MARA MUNICIPAL DE SANTANA DA VARGEM PARA DELIBERA\u00c7\u00c3O SOBRE ASSUNTOS PROPOSTOS NO OF\u00cdCIO 022/2019  - aquisi\u00e7\u00e3o minissalgados processo licitat\u00f3rio 07/2019"}, {"id": "452", "ano": "2019", "numero": "7", "tipo__sigla": "CERT", "tipo__descricao": "CERTIFICADO", "assunto": "Participou do III congresso de gest\u00e3o publica municipal"}, {"id": "459", "ano": "2019", "numero": "7", "tipo__sigla": "DEC", "tipo__descricao": "Declara\u00e7\u00e3o", "assunto": "Declara\u00e7\u00e3o Luiz Felipe Mendon\u00e7a Rodrigues"}, {"id": "496", "ano": "2019", "numero": "7", "tipo__sigla": "DMP", "tipo__descricao": "Documentos de tribunais e do Minist\u00e9rio P\u00fablico", "assunto": "Requisi\u00e7\u00e3o"}, {"id": "504", "ano": "2019", "numero": "7", "tipo__sigla": "AT", "tipo__descricao": "ATESTADO", "assunto": "Atestado Medico - Silmara Girlaine Hon\u00f3rio"}, {"id": "515", "ano": "2019", "numero": "7", "tipo__sigla": "SO", "tipo__descricao": "SOLICITA\u00c7\u00c3O", "assunto": "Solicita\u00e7\u00e3o"}, {"id": "520", "ano": "2019", "numero": "7", "tipo__sigla": "ATACD", "tipo__descricao": "Ata da Comiss\u00e3o Disciplinar", "assunto": "Processo administrativo disciplinar 01/2018"}, {"id": "525", "ano": "2019", "numero": "7", "tipo__sigla": "OVC", "tipo__descricao": "Of\u00edcio de Vereador/Comiss\u00e3o", "assunto": "Notifica\u00e7\u00e3o das contas do exerc\u00edcio de 2016 - Silmara Girlaine"}, {"id": "574", "ano": "2019", "numero": "7", "tipo__sigla": "DPA", "tipo__descricao": "Documento de Processo Administrativo", "assunto": "ENVIO DE RELAT\u00d3RIO FINAL - Processo Administrativo Disciplinar n\u00ba 01/2018. Ao Sr. Presidente da C\u00e2mara Municipal de Santana da Vargem."}, {"id": "615", "ano": "2019", "numero": "7", "tipo__sigla": "DA", "tipo__descricao": "Documento Avulso", "assunto": "Certid\u00e3o: registro gerais"}, {"id": "683", "ano": "2019", "numero": "7", "tipo__sigla": "ED", "tipo__descricao": "Edital", "assunto": "Anexos referentes ao Edital do preg\u00e3o para contrata\u00e7\u00e3o de Internet"}, {"id": "743", "ano": "2019", "numero": "7", "tipo__sigla": "REDF", "tipo__descricao": "Reda\u00e7\u00e3o Final", "assunto": "Reda\u00e7\u00e3o Final Projeto de Lei 12 de 2019"}, {"id": "1036", "ano": "2019", "numero": "7", "tipo__sigla": "OFP", "tipo__descricao": "Of\u00edcio da Procuradoria", "assunto": "Of\u00edcio ao Motorista - Of\u00edcio n\u00ba 18 DPCSV/2018"}, {"id": "178", "ano": "2019", "numero": "8", "tipo__sigla": "OFEXP", "tipo__descricao": "Of\u00edcio Expedido", "assunto": "Solicita participa\u00e7\u00e3o em registro de pre\u00e7o para aquisi\u00e7\u00e3o de combust\u00edvel."}, {"id": "181", "ano": "2019", "numero": "8", "tipo__sigla": "OLIC", "tipo__descricao": "Of\u00edcio de Licita\u00e7\u00e3o", "assunto": "Presidente solicita da comiss\u00e3o de licita\u00e7\u00e3o a escolha do vencedor"}, {"id": "213", "ano": "2019", "numero": "8", "tipo__sigla": "REV", "tipo__descricao": "Relat\u00f3rios de rodagem do ve\u00edculo e outros", "assunto": "Levar o funcion\u00e1rio Gustavo nos com\u00e9rcios de Santana"}, {"id": "255", "ano": "2019", "numero": "8", "tipo__sigla": "MEM", "tipo__descricao": "Memorando", "assunto": "Complemento para o combustivel para as viagens a Belo Horizonte nos dias 6 e 8 de fevereiro"}, {"id": "278", "ano": "2019", "numero": "8", "tipo__sigla": "COMDE", "tipo__descricao": "COMUNICADO/DESPACHO", "assunto": "Ref - Oficio 209/2018"}, {"id": "378", "ano": "2019", "numero": "8", "tipo__sigla": "OR", "tipo__descricao": "OF\u00cdCIOS RECEBIDOS", "assunto": "Encaminha processo licitat\u00f3rio n\u00ba 191/2019"}, {"id": "383", "ano": "2019", "numero": "8", "tipo__sigla": "PARE", "tipo__descricao": "PARECER", "assunto": "Informa\u00e7\u00e3o"}, {"id": "453", "ano": "2019", "numero": "8", "tipo__sigla": "CERT", "tipo__descricao": "CERTIFICADO", "assunto": "Participou do III congresso de gest\u00e3o publica municipal"}, {"id": "516", "ano": "2019", "numero": "8", "tipo__sigla": "SO", "tipo__descricao": "SOLICITA\u00c7\u00c3O", "assunto": "Solicita\u00e7\u00e3o"}, {"id": "526", "ano": "2019", "numero": "8", "tipo__sigla": "OVC", "tipo__descricao": "Of\u00edcio de Vereador/Comiss\u00e3o", "assunto": "Notifica\u00e7\u00e3o das contas do exerc\u00edcio de 2016 - Vitor Eugenio"}, {"id": "548", "ano": "2019", "numero": "8", "tipo__sigla": "ATACL", "tipo__descricao": "Ata da Comiss\u00e3o de Licita\u00e7\u00e3o", "assunto": "Ata da sess\u00e3o de preg\u00e3o n\u00ba 001-2019 para aquisi\u00e7\u00e3o de minissalgados e minip\u00e3es de queijo de 10 de abril de 2019."}, {"id": "571", "ano": "2019", "numero": "8", "tipo__sigla": "DEC", "tipo__descricao": "Declara\u00e7\u00e3o", "assunto": "Atestado de comparecimento - Luiz Felipe"}, {"id": "582", "ano": "2019", "numero": "8", "tipo__sigla": "DPA", "tipo__descricao": "Documento de Processo Administrativo", "assunto": "Julgamento"}, {"id": "593", "ano": "2019", "numero": "8", "tipo__sigla": "DMP", "tipo__descricao": "Documentos de tribunais e do Minist\u00e9rio P\u00fablico", "assunto": "Comunica deferimento de dila\u00e7\u00e3o prazo para resposta - Oficio n\u00b0 202/2019/3\u00aa PJ - Procedimento Administrativo n\u00b0 MPMG-0694.17.000599-5"}, {"id": "690", "ano": "2019", "numero": "8", "tipo__sigla": "ED", "tipo__descricao": "Edital", "assunto": "EDITAL DE PREG\u00c3O PRESENCIAL N\u00b0 005/2019\r\nA C\u00e2mara Municipal de Santana da Vargem - MG, por interm\u00e9dio de seu Pregoeiro e\r\nEquipe de Apoio, designados pela Portaria de n\u00ba 15, de 09 de janeiro de 2019, tornam\r\np\u00fablico e fazem comunicar aos interessados que realizar\u00e1 licita\u00e7\u00e3o na modalidade\r\nPREG\u00c3O PRESENCIAL, do tipo MENOR PRE\u00c7O, objetivando o REGISTRO DE\r\nPRE\u00c7OS para a aquisi\u00e7\u00e3o eventual e futura de produtos de panifica\u00e7\u00e3o, leite e derivados\r\ncuja descri\u00e7\u00e3o est\u00e1 contida no termo de refer\u00eancia 006-2019, sendo o anexo I do Edital."}, {"id": "697", "ano": "2019", "numero": "8", "tipo__sigla": "AT", "tipo__descricao": "ATESTADO", "assunto": "Dedano que, Ruiter de Oliveira esteve ausente do trabalho no dia 15/05/2019 (de 15: \u00e0s 17:00) por motivo de doen\u00e7a"}, {"id": "768", "ano": "2019", "numero": "8", "tipo__sigla": "REDF", "tipo__descricao": "Reda\u00e7\u00e3o Final", "assunto": "Reda\u00e7\u00e3o Final Projeto de Lei 04/2019"}, {"id": "805", "ano": "2019", "numero": "8", "tipo__sigla": "DA", "tipo__descricao": "Documento Avulso", "assunto": "Oficio Yupnet"}, {"id": "811", "ano": "2019", "numero": "8", "tipo__sigla": "TERM", "tipo__descricao": "Termos de licita\u00e7\u00e3o", "assunto": "Especifica\u00e7\u00f5es e demais informa\u00e7\u00f5es para aquisi\u00e7\u00e3o de placas e medalhas para homenagens e o quadro do presidente."}, {"id": "1135", "ano": "2019", "numero": "8", "tipo__sigla": "OFP", "tipo__descricao": "Of\u00edcio da Procuradoria", "assunto": "Estabelece requisitos para a contrata\u00e7\u00e3o tempor\u00e1ria do Executivo"}, {"id": "183", "ano": "2019", "numero": "9", "tipo__sigla": "OLIC", "tipo__descricao": "Of\u00edcio de Licita\u00e7\u00e3o", "assunto": "Solicita aos mercados pesquisa de pre\u00e7o de g\u00eaneros aliment\u00edcios."}, {"id": "215", "ano": "2019", "numero": "9", "tipo__sigla": "REV", "tipo__descricao": "Relat\u00f3rios de rodagem do ve\u00edculo e outros", "assunto": "Levar o presidente Felipe no minist\u00e9rio publico"}, {"id": "263", "ano": "2019", "numero": "9", "tipo__sigla": "MEM", "tipo__descricao": "Memorando", "assunto": "Pagamento para despesa com supermercado- janeiro de 2019"}, {"id": "279", "ano": "2019", "numero": "9", "tipo__sigla": "COMDE", "tipo__descricao": "COMUNICADO/DESPACHO", "assunto": "001/2018 Adriana Rafael"}, {"id": "380", "ano": "2019", "numero": "9", "tipo__sigla": "OR", "tipo__descricao": "OF\u00cdCIOS RECEBIDOS", "assunto": "Responde of\u00edcio 14 e 17/2019"}, {"id": "394", "ano": "2019", "numero": "9", "tipo__sigla": "PARE", "tipo__descricao": "PARECER", "assunto": "Parecer sobre o projeto de lei 02 do Executivo - Cr\u00e9dito adicional especial - Recursos da Deputada Geisa Teixeira"}, {"id": "527", "ano": "2019", "numero": "9", "tipo__sigla": "OVC", "tipo__descricao": "Of\u00edcio de Vereador/Comiss\u00e3o", "assunto": "Notifica\u00e7\u00e3o das contas do exerc\u00edcio de 2016 - Marcos Roberto"}, {"id": "594", "ano": "2019", "numero": "9", "tipo__sigla": "DMP", "tipo__descricao": "Documentos de tribunais e do Minist\u00e9rio P\u00fablico", "assunto": "Procedimento Preparat\u00f3rio n\u00b0MPMG-0694.000364-2"}, {"id": "597", "ano": "2019", "numero": "9", "tipo__sigla": "SO", "tipo__descricao": "SOLICITA\u00c7\u00c3O", "assunto": "Requerimento"}, {"id": "618", "ano": "2019", "numero": "9", "tipo__sigla": "ATACL", "tipo__descricao": "Ata da Comiss\u00e3o de Licita\u00e7\u00e3o", "assunto": "Ata da sess\u00e3o de preg\u00e3o n\u00ba 002-2019 para aquisi\u00e7\u00e3o de Material de Expediente dia 02-05-2019."}, {"id": "622", "ano": "2019", "numero": "9", "tipo__sigla": "DPA", "tipo__descricao": "Documento de Processo Administrativo", "assunto": "Parecer da comiss\u00e3o sobre licita\u00e7\u00e3o de mini salgados e mini p\u00e3es de queijo."}, {"id": "629", "ano": "2019", "numero": "9", "tipo__sigla": "DEC", "tipo__descricao": "Declara\u00e7\u00e3o", "assunto": "Declara aus\u00eancia de manifesta\u00e7\u00e3o de resposta"}, {"id": "707", "ano": "2019", "numero": "9", "tipo__sigla": "ED", "tipo__descricao": "Edital", "assunto": "EDITAL  - PREG\u00c3O PRESENCIAL PARA AQUISI\u00c7\u00c3O DE MATERIAL DE EXPEDIENTE REFERENTE AO PROCESSO LICITAT\u00d3RIO N\u00b0005-2019"}, {"id": "818", "ano": "2019", "numero": "9", "tipo__sigla": "AT", "tipo__descricao": "ATESTADO", "assunto": "Atestado de comparecimento"}, {"id": "824", "ano": "2019", "numero": "9", "tipo__sigla": "CERT", "tipo__descricao": "CERTIFICADO", "assunto": "Certificado"}, {"id": "848", "ano": "2019", "numero": "9", "tipo__sigla": "TERM", "tipo__descricao": "Termos de licita\u00e7\u00e3o", "assunto": "Ratifica\u00e7\u00e3o de dispensa de licita\u00e7\u00e3o para aquisi\u00e7\u00e3o de g\u00eaneros aliment\u00edcios. FUNDAMENTO: Artigo 24, inciso V, da Lei 8.666/93."}, {"id": "899", "ano": "2019", "numero": "9", "tipo__sigla": "DA", "tipo__descricao": "Documento Avulso", "assunto": "Promulga\u00e7\u00e3o da Lei Complementar n\u00ba 16/2019"}, {"id": "960", "ano": "2019", "numero": "9", "tipo__sigla": "REDF", "tipo__descricao": "Reda\u00e7\u00e3o Final", "assunto": "Reda\u00e7\u00e3o Final Projeto de Lei Aux\u00edlio alimenta\u00e7\u00e3o"}, {"id": "184", "ano": "2019", "numero": "10", "tipo__sigla": "OLIC", "tipo__descricao": "Of\u00edcio de Licita\u00e7\u00e3o", "assunto": "Aquisi\u00e7\u00e3o de Placas de Fibra Mineral"}, {"id": "216", "ano": "2019", "numero": "10", "tipo__sigla": "REV", "tipo__descricao": "Relat\u00f3rios de rodagem do ve\u00edculo e outros", "assunto": "Levar a servidora Kainne no sindicato para colher assinatura da secret\u00e1ria Silmara"}, {"id": "264", "ano": "2019", "numero": "10", "tipo__sigla": "MEM", "tipo__descricao": "Memorando", "assunto": "Reabastecimento"}, {"id": "290", "ano": "2019", "numero": "10", "tipo__sigla": "COMDE", "tipo__descricao": "COMUNICADO/DESPACHO", "assunto": "Atendimento a recomenda\u00e7\u00e3o administrativa 02-2017 do MPMG e conforme a notifica\u00e7\u00e3o extrajudicial da c\u00e2mara municipal"}, {"id": "397", "ano": "2019", "numero": "10", "tipo__sigla": "OR", "tipo__descricao": "OF\u00cdCIOS RECEBIDOS", "assunto": "Secretaria de educa\u00e7\u00e3o solicita grava\u00e7\u00e3o da 4\u00aa sess\u00e3o ordin\u00e1ria da 3\u00aa sess\u00e3o legislativa da 14\u00aa legislatura."}, {"id": "485", "ano": "2019", "numero": "10", "tipo__sigla": "PARE", "tipo__descricao": "PARECER", "assunto": "Parecer Jur\u00eddico do Edital referente \u00e0 aquisi\u00e7\u00e3o de minissalgados e minip\u00e3es de queijo."}, {"id": "528", "ano": "2019", "numero": "10", "tipo__sigla": "OVC", "tipo__descricao": "Of\u00edcio de Vereador/Comiss\u00e3o", "assunto": "Notifica\u00e7\u00e3o das contas do exerc\u00edcio de 2016 - Jos\u00e9 Elias"}, {"id": "626", "ano": "2019", "numero": "10", "tipo__sigla": "ATACL", "tipo__descricao": "Ata da Comiss\u00e3o de Licita\u00e7\u00e3o", "assunto": "Ata da sess\u00e3o de preg\u00e3o n\u00ba 003-2019 para aquisi\u00e7\u00e3o de produtos de limpeza e higiene e utilidades dom\u00e9sticas."}, {"id": "664", "ano": "2019", "numero": "10", "tipo__sigla": "DPA", "tipo__descricao": "Documento de Processo Administrativo", "assunto": "Decis\u00e3o do Recurso do Processo Administrativo da ex-servidora Adriana Aparecida Rafael"}, {"id": "680", "ano": "2019", "numero": "10", "tipo__sigla": "SO", "tipo__descricao": "SOLICITA\u00c7\u00c3O", "assunto": "Requerimento"}, {"id": "681", "ano": "2019", "numero": "10", "tipo__sigla": "DMP", "tipo__descricao": "Documentos de tribunais e do Minist\u00e9rio P\u00fablico", "assunto": "Requisita informa\u00e7\u00f5es Inqu\u00e9rito Civil n\u00b0. MPMG-0694.16.000742-3"}, {"id": "771", "ano": "2019", "numero": "10", "tipo__sigla": "ED", "tipo__descricao": "Edital", "assunto": "Edital de licita\u00e7\u00e3o para PREG\u00c3O\tPRESENCIAL\tPARA\tAQUISI\u00c7\u00c3O\tDE\tMATERIAL\tDE\tEXPEDIENTE REFERENTE AO PROCESSO LICITAT\u00d3RIO N\u00b0005-2019 retificado."}, {"id": "850", "ano": "2019", "numero": "10", "tipo__sigla": "TERM", "tipo__descricao": "Termos de licita\u00e7\u00e3o", "assunto": "Termo de Ratifica\u00e7\u00e3o de Dispensa de licita\u00e7\u00e3o, AQUISI\u00c7\u00c3O DE PRODUTOS ALIMENT\u00cdCIOS. Panifica\u00e7\u00e3o."}, {"id": "870", "ano": "2019", "numero": "10", "tipo__sigla": "CERT", "tipo__descricao": "CERTIFICADO", "assunto": "PJ"}, {"id": "897", "ano": "2019", "numero": "10", "tipo__sigla": "AT", "tipo__descricao": "ATESTADO", "assunto": "Certid\u00e3o de comparecimento"}, {"id": "997", "ano": "2019", "numero": "10", "tipo__sigla": "DEC", "tipo__descricao": "Declara\u00e7\u00e3o", "assunto": "Declara\u00e7\u00e3o de comparecimento Luiz Felipe Mendon\u00e7a Rodrigues e Felipe Tom\u00e9 Mota e Silva no Instituto Brasileiro de Gest\u00e3o e Pesquisa"}, {"id": "1164", "ano": "2019", "numero": "10", "tipo__sigla": "REDF", "tipo__descricao": "Reda\u00e7\u00e3o Final", "assunto": "Reda\u00e7\u00e3o Final REURB"}, {"id": "1300", "ano": "2019", "numero": "10", "tipo__sigla": "DA", "tipo__descricao": "Documento Avulso", "assunto": "Planos de neg\u00f3cios\r\nNova loja e cafeteria Santana da Vargem"}, {"id": "185", "ano": "2019", "numero": "11", "tipo__sigla": "OLIC", "tipo__descricao": "Of\u00edcio de Licita\u00e7\u00e3o", "assunto": "Solicita\u00e7\u00e3o de pesquisa de pre\u00e7o de produtos de limpeza e material dom\u00e9stico."}, {"id": "206", "ano": "2019", "numero": "11", "tipo__sigla": "OFEXP", "tipo__descricao": "Of\u00edcio Expedido", "assunto": "Solicita informa\u00e7\u00f5es acerca dos pre\u00e7os salgados e mini salgados registrados ou praticados pela Administra\u00e7\u00e3o municipal"}, {"id": "224", "ano": "2019", "numero": "11", "tipo__sigla": "REV", "tipo__descricao": "Relat\u00f3rios de rodagem do ve\u00edculo e outros", "assunto": "Relatorio de viagem - 25/01/2019 - ir no sindicato colher assinatura"}, {"id": "262", "ano": "2019", "numero": "11", "tipo__sigla": "MEM", "tipo__descricao": "Memorando", "assunto": "Fui informada a pouco, a respeito de uma poss\u00edvel incompatibilidade entre um protocolo e a data de confec\u00e7\u00e3o de um documento."}, {"id": "297", "ano": "2019", "numero": "11", "tipo__sigla": "COMDE", "tipo__descricao": "COMUNICADO/DESPACHO", "assunto": "Pauta"}, {"id": "406", "ano": "2019", "numero": "11", "tipo__sigla": "OR", "tipo__descricao": "OF\u00cdCIOS RECEBIDOS", "assunto": "Estabelece os crit\u00e9rios objetivos para as contrata\u00e7\u00f5es"}, {"id": "529", "ano": "2019", "numero": "11", "tipo__sigla": "OVC", "tipo__descricao": "Of\u00edcio de Vereador/Comiss\u00e3o", "assunto": "Notifica\u00e7\u00e3o das contas do exerc\u00edcio de 2016 - Jo\u00e3o Martins"}, {"id": "532", "ano": "2019", "numero": "11", "tipo__sigla": "PARE", "tipo__descricao": "PARECER", "assunto": "Parecer Jur\u00eddico referente: Projeto de Lei de Concess\u00e3o de Uso com possibilidade de convers\u00e3o em doa\u00e7\u00e3o"}, {"id": "646", "ano": "2019", "numero": "11", "tipo__sigla": "ATACL", "tipo__descricao": "Ata da Comiss\u00e3o de Licita\u00e7\u00e3o", "assunto": "Ata do preg\u00e3o presencial 003-2019 do dia 06-05-2019 para aquisi\u00e7\u00e3o de g\u00eaneros aliment\u00edcios."}, {"id": "744", "ano": "2019", "numero": "11", "tipo__sigla": "DMP", "tipo__descricao": "Documentos de tribunais e do Minist\u00e9rio P\u00fablico", "assunto": "Comunica arquivamento Noticia de fato n\u00b0 MPMG-0694.17.000158-0"}, {"id": "833", "ano": "2019", "numero": "11", "tipo__sigla": "SO", "tipo__descricao": "SOLICITA\u00c7\u00c3O", "assunto": "Proposta para Subven\u00e7\u00e3o"}, {"id": "935", "ano": "2019", "numero": "11", "tipo__sigla": "CERT", "tipo__descricao": "CERTIFICADO", "assunto": "Instituto Rui Barbosa - IV Congresso de Gest\u00e3o Publica"}, {"id": "946", "ano": "2019", "numero": "11", "tipo__sigla": "TERM", "tipo__descricao": "Termos de licita\u00e7\u00e3o", "assunto": "Especifica\u00e7\u00f5es e demais informa\u00e7\u00f5es para aquisi\u00e7\u00e3o de uma porta de vidro fum\u00ea de 10 mm de espessura com 2m de altura e 1m de largura incluindo a instala\u00e7\u00e3o e materiais utilizados."}, {"id": "971", "ano": "2019", "numero": "11", "tipo__sigla": "AT", "tipo__descricao": "ATESTADO", "assunto": "Atestado de comparecimento"}, {"id": "1003", "ano": "2019", "numero": "11", "tipo__sigla": "DEC", "tipo__descricao": "Declara\u00e7\u00e3o", "assunto": "Declara\u00e7\u00e3o de comparecimento Luiz Felipe Mendon\u00e7a Rodrigues no Tribunal de Contas"}, {"id": "1145", "ano": "2019", "numero": "11", "tipo__sigla": "ED", "tipo__descricao": "Edital", "assunto": "Edital 001/2019. Concurso Publico C\u00e2mara Municipal de Santana da Vargem."}, {"id": "1179", "ano": "2019", "numero": "11", "tipo__sigla": "REDF", "tipo__descricao": "Reda\u00e7\u00e3o Final", "assunto": "Reda\u00e7\u00e3o final da Resolu\u00e7\u00e3o 02/2019 \"Altera o caput do art. 33 do regimento interno da C\u00e2mara de Santana da Vargem \u2013 MG.\""}, {"id": "1336", "ano": "2019", "numero": "11", "tipo__sigla": "DA", "tipo__descricao": "Documento Avulso", "assunto": "Indica\u00e7\u00e3o de propositura de lei munucipal"}, {"id": "186", "ano": "2019", "numero": "12", "tipo__sigla": "OLIC", "tipo__descricao": "Of\u00edcio de Licita\u00e7\u00e3o", "assunto": "Aquisi\u00e7\u00e3o de mini salgados e mini p\u00e3es de queijo para eventos"}, {"id": "209", "ano": "2019", "numero": "12", "tipo__sigla": "OFEXP", "tipo__descricao": "Of\u00edcio Expedido", "assunto": "Of\u00edcio n\u00ba 12/2019 - Solicita numera\u00e7\u00e3o de decreto para adequa\u00e7\u00e3o no legislativo e encaminha decreto"}, {"id": "225", "ano": "2019", "numero": "12", "tipo__sigla": "REV", "tipo__descricao": "Relat\u00f3rios de rodagem do ve\u00edculo e outros", "assunto": "Relatorio de viagem - 25/01/2019 - buscar recibo na ACAPS"}, {"id": "265", "ano": "2019", "numero": "12", "tipo__sigla": "MEM", "tipo__descricao": "Memorando", "assunto": "Aquisi\u00e7\u00e3o de gasolina"}, {"id": "298", "ano": "2019", "numero": "12", "tipo__sigla": "COMDE", "tipo__descricao": "COMUNICADO/DESPACHO", "assunto": "Presta\u00e7\u00e3o de contas do municipio"}, {"id": "414", "ano": "2019", "numero": "12", "tipo__sigla": "OR", "tipo__descricao": "OF\u00cdCIOS RECEBIDOS", "assunto": "Informa\u00e7\u00f5es ao oficio n 27/2019"}, {"id": "530", "ano": "2019", "numero": "12", "tipo__sigla": "OVC", "tipo__descricao": "Of\u00edcio de Vereador/Comiss\u00e3o", "assunto": "Notifica\u00e7\u00e3o das contas do exerc\u00edcio de 2016 - Renato Teodoro"}, {"id": "537", "ano": "2019", "numero": "12", "tipo__sigla": "PARE", "tipo__descricao": "PARECER", "assunto": "Parecer Jur\u00eddico referente ao Projeto de Lei que estabelece a instala\u00e7\u00e3o de grades em ag\u00eancias banc\u00e1rias e similares (que possuam caixa eletr\u00f4nico)."}, {"id": "687", "ano": "2019", "numero": "12", "tipo__sigla": "ATACL", "tipo__descricao": "Ata da Comiss\u00e3o de Licita\u00e7\u00e3o", "assunto": "Ata da sess\u00e3o de preg\u00e3o para aquisi\u00e7\u00e3o de produtos de panifica\u00e7\u00e3o, leite e derivados do dia 14 de maio de 2019."}, {"id": "745", "ano": "2019", "numero": "12", "tipo__sigla": "DMP", "tipo__descricao": "Documentos de tribunais e do Minist\u00e9rio P\u00fablico", "assunto": "Comunica arquivamento Noticia de fato n\u00b0 MPMG-0694.18.000381-6"}, {"id": "852", "ano": "2019", "numero": "12", "tipo__sigla": "SO", "tipo__descricao": "SOLICITA\u00c7\u00c3O", "assunto": "Solicita\u00e7\u00e3o de numeros 18, 19 e 20"}, {"id": "941", "ano": "2019", "numero": "12", "tipo__sigla": "CERT", "tipo__descricao": "CERTIFICADO", "assunto": "Instituto Rui Barbosa - \"Justi\u00e7a, Corrup\u00e7\u00e3o, \u00c9tica e Comprometimento como fator de desenvolvimento nos munic\u00edpios e controle eficaz no setor de compras\""}, {"id": "1006", "ano": "2019", "numero": "12", "tipo__sigla": "AT", "tipo__descricao": "ATESTADO", "assunto": "Atestado de comparecimento"}, {"id": "1169", "ano": "2019", "numero": "12", "tipo__sigla": "ED", "tipo__descricao": "Edital", "assunto": "Edital de aquisi\u00e7\u00e3o de material de infom\u00e1tica"}, {"id": "1170", "ano": "2019", "numero": "12", "tipo__sigla": "TERM", "tipo__descricao": "Termos de licita\u00e7\u00e3o", "assunto": "Termo de refer\u00eancia aquisi\u00e7\u00e3o de material de inform\u00e1tica"}, {"id": "1221", "ano": "2019", "numero": "12", "tipo__sigla": "REDF", "tipo__descricao": "Reda\u00e7\u00e3o Final", "assunto": "Reda\u00e7\u00e3o Final Projeto de Lei 27 de 2019"}, {"id": "1304", "ano": "2019", "numero": "12", "tipo__sigla": "DEC", "tipo__descricao": "Declara\u00e7\u00e3o", "assunto": "Declara\u00e7\u00e3o de comparecimento"}, {"id": "1337", "ano": "2019", "numero": "12", "tipo__sigla": "DA", "tipo__descricao": "Documento Avulso", "assunto": "CONSEP Finalidade e Constitui\u00e7\u00e3o"}, {"id": "187", "ano": "2019", "numero": "13", "tipo__sigla": "OLIC", "tipo__descricao": "Of\u00edcio de Licita\u00e7\u00e3o", "assunto": "Aquisi\u00e7\u00e3o de g\u00e1s"}, {"id": "217", "ano": "2019", "numero": "13", "tipo__sigla": "OFEXP", "tipo__descricao": "Of\u00edcio Expedido", "assunto": "Of\u00edcio 13/2019 - Notifica servidora Adriana Ap. Rafael"}, {"id": "237", "ano": "2019", "numero": "13", "tipo__sigla": "REV", "tipo__descricao": "Relat\u00f3rios de rodagem do ve\u00edculo e outros", "assunto": "Levar Ruitter e Gustavo para intimar a funcionaria Adriana e depois levar Kaine no sindicato para colher assinatura da secretaria no beco para fazer pagamento da Jamile e comercios"}, {"id": "266", "ano": "2019", "numero": "13", "tipo__sigla": "MEM", "tipo__descricao": "Memorando", "assunto": "Solicitar emiss\u00e3o de di\u00e1rias"}, {"id": "299", "ano": "2019", "numero": "13", "tipo__sigla": "COMDE", "tipo__descricao": "COMUNICADO/DESPACHO", "assunto": "Presta\u00e7\u00e3o deste municipio de 2015"}, {"id": "415", "ano": "2019", "numero": "13", "tipo__sigla": "OR", "tipo__descricao": "OF\u00cdCIOS RECEBIDOS", "assunto": "Informa\u00e7\u00f5es ao oficio n 46/2019"}, {"id": "531", "ano": "2019", "numero": "13", "tipo__sigla": "OVC", "tipo__descricao": "Of\u00edcio de Vereador/Comiss\u00e3o", "assunto": "Notifica\u00e7\u00e3o das contas do exerc\u00edcio de 2016 - Vitor"}, {"id": "563", "ano": "2019", "numero": "13", "tipo__sigla": "PARE", "tipo__descricao": "PARECER", "assunto": "Parecer Jur\u00eddico do Preg\u00e3o para aquisi\u00e7\u00e3o de combust\u00edvel."}, {"id": "717", "ano": "2019", "numero": "13", "tipo__sigla": "ATACL", "tipo__descricao": "Ata da Comiss\u00e3o de Licita\u00e7\u00e3o", "assunto": "Ata da sess\u00e3o do preg\u00e3o para aquisi\u00e7\u00e3o de produtos de limpeza, higiene e utilidades dom\u00e9sticas ocorrida no dia 22 de maio de 2019,"}, {"id": "746", "ano": "2019", "numero": "13", "tipo__sigla": "DMP", "tipo__descricao": "Documentos de tribunais e do Minist\u00e9rio P\u00fablico", "assunto": "Arquivamento do noticia de fato n\u00b0MPMG-0694.18.000381-6"}, {"id": "942", "ano": "2019", "numero": "13", "tipo__sigla": "CERT", "tipo__descricao": "CERTIFICADO", "assunto": "Instituto Rui Barbosa - \"Justi\u00e7a, Corrup\u00e7\u00e3o, \u00c9tica e Comprometimento como fator de desenvolvimento nos munic\u00edpios e controle eficaz no setor de compras\""}, {"id": "952", "ano": "2019", "numero": "13", "tipo__sigla": "SO", "tipo__descricao": "SOLICITA\u00c7\u00c3O", "assunto": "Solicita\u00e7\u00e3o da filmagem da reuni\u00e3o ordin\u00e1rio 14/08/219."}, {"id": "1052", "ano": "2019", "numero": "13", "tipo__sigla": "AT", "tipo__descricao": "ATESTADO", "assunto": "Atestado de comparecimento"}, {"id": "1244", "ano": "2019", "numero": "13", "tipo__sigla": "REDF", "tipo__descricao": "Reda\u00e7\u00e3o Final", "assunto": "Reda\u00e7\u00e3o Final Projeto de Lei Complementar 02 de 2019 do Legislativo"}, {"id": "1264", "ano": "2019", "numero": "13", "tipo__sigla": "ED", "tipo__descricao": "Edital", "assunto": "Edital de aquisi\u00e7\u00e3o de impressoras"}, {"id": "1265", "ano": "2019", "numero": "13", "tipo__sigla": "TERM", "tipo__descricao": "Termos de licita\u00e7\u00e3o", "assunto": "Termo de referencia impressoras"}, {"id": "188", "ano": "2019", "numero": "14", "tipo__sigla": "OLIC", "tipo__descricao": "Of\u00edcio de Licita\u00e7\u00e3o", "assunto": "Solicita dota\u00e7\u00e3o or\u00e7amentaria - Proc. Licit. 10/2019"}, {"id": "218", "ano": "2019", "numero": "14", "tipo__sigla": "OFEXP", "tipo__descricao": "Of\u00edcio Expedido", "assunto": "Of\u00edcio 14/2019 - Pedido de Informa\u00e7\u00f5es sobre o Processo Seletivo Simplificado"}, {"id": "238", "ano": "2019", "numero": "14", "tipo__sigla": "REV", "tipo__descricao": "Relat\u00f3rios de rodagem do ve\u00edculo e outros", "assunto": "Levar funcion\u00e1rio Ruitter na c\u00e2mara municipal de tr\u00eas pontas para reuni\u00e3o de polo do parlamento jovem"}, {"id": "267", "ano": "2019", "numero": "14", "tipo__sigla": "MEM", "tipo__descricao": "Memorando", "assunto": "Solicitar emiss\u00e3o de di\u00e1rias"}, {"id": "300", "ano": "2019", "numero": "14", "tipo__sigla": "COMDE", "tipo__descricao": "COMUNICADO/DESPACHO", "assunto": "Presta\u00e7\u00e3o deste municipio de 2015"}, {"id": "416", "ano": "2019", "numero": "14", "tipo__sigla": "OR", "tipo__descricao": "OF\u00cdCIOS RECEBIDOS", "assunto": "Informa\u00e7\u00f5es ao oficio n 33/2019"}, {"id": "555", "ano": "2019", "numero": "14", "tipo__sigla": "OVC", "tipo__descricao": "Of\u00edcio de Vereador/Comiss\u00e3o", "assunto": "Convoca\u00e7\u00e3o"}, {"id": "599", "ano": "2019", "numero": "14", "tipo__sigla": "PARE", "tipo__descricao": "PARECER", "assunto": "Parecer Jur\u00eddico referente ao Projeto de Lei Complementar que altera os artigos 2\u00ba, 3\u00ba, 7\u00ba e 9\u00ba da Lei 777 de 2002"}, {"id": "726", "ano": "2019", "numero": "14", "tipo__sigla": "ATACL", "tipo__descricao": "Ata da Comiss\u00e3o de Licita\u00e7\u00e3o", "assunto": "Ata da sess\u00e3o do dia 23 de maio de 2019 para aquisi\u00e7\u00e3o de g\u00eaneros aliment\u00edcios."}, {"id": "747", "ano": "2019", "numero": "14", "tipo__sigla": "DMP", "tipo__descricao": "Documentos de tribunais e do Minist\u00e9rio P\u00fablico", "assunto": "-Comunica arquivamento Noticia de fato n\u00b0 MPMG-0694.18.000750-2"}, {"id": "950", "ano": "2019", "numero": "14", "tipo__sigla": "CERT", "tipo__descricao": "CERTIFICADO", "assunto": "Instituto Rui Barbosa - \"Justi\u00e7a, Corrup\u00e7\u00e3o, \u00c9tica r comprometimento como fator de desenvolvimento nos munic\u00edpios e controle eficaz no setor de compras\""}, {"id": "967", "ano": "2019", "numero": "14", "tipo__sigla": "SO", "tipo__descricao": "SOLICITA\u00c7\u00c3O", "assunto": "Solicita Filmagem do dia 14/08/2019"}, {"id": "1073", "ano": "2019", "numero": "14", "tipo__sigla": "AT", "tipo__descricao": "ATESTADO", "assunto": "Atestado de acompanhamento"}, {"id": "1253", "ano": "2019", "numero": "14", "tipo__sigla": "REDF", "tipo__descricao": "Reda\u00e7\u00e3o Final", "assunto": "Reda\u00e7\u00e3o final projeto de lei 27 de 2019"}, {"id": "1342", "ano": "2019", "numero": "14", "tipo__sigla": "DA", "tipo__descricao": "Documento Avulso", "assunto": "Documentos Pessoais -  Diretores"}, {"id": "191", "ano": "2019", "numero": "15", "tipo__sigla": "OLIC", "tipo__descricao": "Of\u00edcio de Licita\u00e7\u00e3o", "assunto": "Solicita delibera\u00e7\u00f5es da Comiss\u00e3o de licita\u00e7\u00e3o acerca dos assuntos propostos"}, {"id": "220", "ano": "2019", "numero": "15", "tipo__sigla": "OFEXP", "tipo__descricao": "Of\u00edcio Expedido", "assunto": "Solicita  apoio do Interlegis para a hospedagem do E-mail Legislativo."}, {"id": "246", "ano": "2019", "numero": "15", "tipo__sigla": "REV", "tipo__descricao": "Relat\u00f3rios de rodagem do ve\u00edculo e outros", "assunto": "Levar a funcionaria kainne na caixa econ\u00f4mica federal para pagar consignado"}, {"id": "276", "ano": "2019", "numero": "15", "tipo__sigla": "MEM", "tipo__descricao": "Memorando", "assunto": "Solicita\u00e7\u00e3o"}, {"id": "301", "ano": "2019", "numero": "15", "tipo__sigla": "COMDE", "tipo__descricao": "COMUNICADO/DESPACHO", "assunto": "Presta\u00e7\u00e3o deste municipio de 2015"}, {"id": "556", "ano": "2019", "numero": "15", "tipo__sigla": "OVC", "tipo__descricao": "Of\u00edcio de Vereador/Comiss\u00e3o", "assunto": "Convoca\u00e7\u00e3o"}, {"id": "616", "ano": "2019", "numero": "15", "tipo__sigla": "PARE", "tipo__descricao": "PARECER", "assunto": "Disp\u00f5e sobre a aprecia\u00e7\u00e3o em 2\u00ba turno do Projeto de Lei 05/2019"}, {"id": "733", "ano": "2019", "numero": "15", "tipo__sigla": "ATACL", "tipo__descricao": "Ata da Comiss\u00e3o de Licita\u00e7\u00e3o", "assunto": "Ata do Preg\u00e3o Presencial para contrata\u00e7\u00e3o de servi\u00e7o de internet"}, {"id": "748", "ano": "2019", "numero": "15", "tipo__sigla": "DMP", "tipo__descricao": "Documentos de tribunais e do Minist\u00e9rio P\u00fablico", "assunto": "Oficio 440-2019"}, {"id": "957", "ano": "2019", "numero": "15", "tipo__sigla": "CERT", "tipo__descricao": "CERTIFICADO", "assunto": "II Encontro das Escolas Legislativas de Minas Gerais nos dias 04 e 05 de julho"}, {"id": "1078", "ano": "2019", "numero": "15", "tipo__sigla": "SO", "tipo__descricao": "SOLICITA\u00c7\u00c3O", "assunto": "Solicita que seja levado ao plen\u00e1rio um projeto de lei que visa tornar o CONSEP em entidade de utilidade publica."}, {"id": "1084", "ano": "2019", "numero": "15", "tipo__sigla": "AT", "tipo__descricao": "ATESTADO", "assunto": "atestado de comparecimento"}, {"id": "1321", "ano": "2019", "numero": "15", "tipo__sigla": "REDF", "tipo__descricao": "Reda\u00e7\u00e3o Final", "assunto": "Reda\u00e7\u00e3o final projeto de lei 29 de 2019"}, {"id": "1343", "ano": "2019", "numero": "15", "tipo__sigla": "DA", "tipo__descricao": "Documento Avulso", "assunto": "ATA DA ASSEMBLEIA - ELEI\u00c7\u00c3O ATUAL CONSELHO DE ADMINISTRA\u00c7\u00c3O"}, {"id": "198", "ano": "2019", "numero": "16", "tipo__sigla": "OLIC", "tipo__descricao": "Of\u00edcio de Licita\u00e7\u00e3o", "assunto": "Of\u00edcio 16/2019 - Solicita escolha do fornecedor"}, {"id": "223", "ano": "2019", "numero": "16", "tipo__sigla": "OFEXP", "tipo__descricao": "Of\u00edcio Expedido", "assunto": "Solicita c\u00f3pia da ata do certame oriundo do processo licitat\u00f3rio n\u00ba 191/2018 - preg\u00e3o presencial n\u00ba 074/2018 - registro de pre\u00e7o - menor pre\u00e7o por item"}, {"id": "253", "ano": "2019", "numero": "16", "tipo__sigla": "REV", "tipo__descricao": "Relat\u00f3rios de rodagem do ve\u00edculo e outros", "assunto": "Levar os funcionarios Kainne, Ruitter e Gustavo na casa da funcionaria Adriana Rafael para colher assinatura na cita\u00e7\u00e3o do processo 01/2019"}, {"id": "277", "ano": "2019", "numero": "16", "tipo__sigla": "MEM", "tipo__descricao": "Memorando", "assunto": "Solicita\u00e7\u00e3o"}, {"id": "302", "ano": "2019", "numero": "16", "tipo__sigla": "COMDE", "tipo__descricao": "COMUNICADO/DESPACHO", "assunto": "Presta\u00e7\u00e3o deste munic\u00edpio de 2015"}, {"id": "418", "ano": "2019", "numero": "16", "tipo__sigla": "OR", "tipo__descricao": "OF\u00cdCIOS RECEBIDOS", "assunto": "Informa\u00e7\u00f5es ao oficio n 45/2019"}, {"id": "576", "ano": "2019", "numero": "16", "tipo__sigla": "OVC", "tipo__descricao": "Of\u00edcio de Vereador/Comiss\u00e3o", "assunto": "Projeto de Lei N\u00b0 06-2019"}, {"id": "624", "ano": "2019", "numero": "16", "tipo__sigla": "PARE", "tipo__descricao": "PARECER", "assunto": "Parecer Jur\u00eddico - Projeto de Lei Executivo n\u00ba 04-2019 - Altera PPA e Autoriza abertura de cr\u00e9dito adicional especial."}, {"id": "749", "ano": "2019", "numero": "16", "tipo__sigla": "DMP", "tipo__descricao": "Documentos de tribunais e do Minist\u00e9rio P\u00fablico", "assunto": "Oficio 441/2019/3\u00aaPJ-TP"}, {"id": "766", "ano": "2019", "numero": "16", "tipo__sigla": "ATACL", "tipo__descricao": "Ata da Comiss\u00e3o de Licita\u00e7\u00e3o", "assunto": "Ata de escolha do fornecedor de bateria para o ve\u00edculo da C\u00e2mara Municipal."}, {"id": "1049", "ano": "2019", "numero": "16", "tipo__sigla": "CERT", "tipo__descricao": "CERTIFICADO", "assunto": "O papel dos \u00f3rg\u00e3os de controle no combate \u00e0 fraude e \u00e0 corrup\u00e7\u00e3o - G\u00eanesis"}, {"id": "1086", "ano": "2019", "numero": "16", "tipo__sigla": "AT", "tipo__descricao": "ATESTADO", "assunto": "Atestado de comparecimento"}, {"id": "1088", "ano": "2019", "numero": "16", "tipo__sigla": "SO", "tipo__descricao": "SOLICITA\u00c7\u00c3O", "assunto": "Solicita 10 dias de ferias"}, {"id": "1344", "ano": "2019", "numero": "16", "tipo__sigla": "DA", "tipo__descricao": "Documento Avulso", "assunto": "ATA DA ASSEMBLEIA - ELEI\u00c7\u00c3O ATUAL CONSELHO DE ADMINISTRA\u00c7\u00c3O"}, {"id": "1350", "ano": "2019", "numero": "16", "tipo__sigla": "REDF", "tipo__descricao": "Reda\u00e7\u00e3o Final", "assunto": "REDA\u00c7\u00c3O FINAL DO PROJETO DE LEI MUNICIPAL N\u00ba 22, DE 30 DE AGOSTO DE 2019\u201cESTIMA A RECEITA E FIXA A DESPESA DO MUNIC\u00cdPIO DE SANTANA DA VARGEM \u2013 MG PARA O EXERC\u00cdCIO FINANCEIRO DE 2020\u201d."}, {"id": "203", "ano": "2019", "numero": "17", "tipo__sigla": "OLIC", "tipo__descricao": "Of\u00edcio de Licita\u00e7\u00e3o", "assunto": "Of\u00edcio solicita \u00e0s empresas cota\u00e7\u00e3o de pre\u00e7o de materiais de expediente."}, {"id": "229", "ano": "2019", "numero": "17", "tipo__sigla": "OFEXP", "tipo__descricao": "Of\u00edcio Expedido", "assunto": "Pedido de Informa\u00e7\u00f5es sobre o Processo Seletivo Simplificado"}, {"id": "274", "ano": "2019", "numero": "17", "tipo__sigla": "REV", "tipo__descricao": "Relat\u00f3rios de rodagem do ve\u00edculo e outros", "assunto": "Viagem para BH"}, {"id": "286", "ano": "2019", "numero": "17", "tipo__sigla": "MEM", "tipo__descricao": "Memorando", "assunto": "Diaria para o motorista"}, {"id": "303", "ano": "2019", "numero": "17", "tipo__sigla": "COMDE", "tipo__descricao": "COMUNICADO/DESPACHO", "assunto": "Presta\u00e7\u00e3o de contas deste munic\u00edpio"}, {"id": "428", "ano": "2019", "numero": "17", "tipo__sigla": "OR", "tipo__descricao": "OF\u00cdCIOS RECEBIDOS", "assunto": "Informa\u00e7\u00f5es ao oficio n\u00b0 55/2019"}, {"id": "635", "ano": "2019", "numero": "17", "tipo__sigla": "OVC", "tipo__descricao": "Of\u00edcio de Vereador/Comiss\u00e3o", "assunto": "Projeto de Lei 10-2019"}, {"id": "636", "ano": "2019", "numero": "17", "tipo__sigla": "PARE", "tipo__descricao": "PARECER", "assunto": "Projeto de Lei N\u00b003/2019"}, {"id": "770", "ano": "2019", "numero": "17", "tipo__sigla": "ATACL", "tipo__descricao": "Ata da Comiss\u00e3o de Licita\u00e7\u00e3o", "assunto": "Ata da Comiss\u00e3o de licita\u00e7\u00e3o do dia 05 de junho de 2019\r\nNo dia 09 de janeiro de 2019, Abriu-se procedimento licitat\u00f3rio de n\u00b0 011/2019 para aquisi\u00e7\u00e3o de\r\ncontrata\u00e7\u00e3o de servi\u00e7os de manuten\u00e7\u00e3o de port\u00e3o eletr\u00f4nico"}, {"id": "775", "ano": "2019", "numero": "17", "tipo__sigla": "DMP", "tipo__descricao": "Documentos de tribunais e do Minist\u00e9rio P\u00fablico", "assunto": "Requisita informa\u00e7\u00f5es Inqu\u00e9rito Civil n\u00b0. MPMG- 0694.16.000742-3"}, {"id": "1050", "ano": "2019", "numero": "17", "tipo__sigla": "CERT", "tipo__descricao": "CERTIFICADO", "assunto": "O papel dos \u00f3rg\u00e3os de controle no combate \u00e0 fraude e \u00e0 corrup\u00e7\u00e3o - G\u00eanesis"}, {"id": "1101", "ano": "2019", "numero": "17", "tipo__sigla": "AT", "tipo__descricao": "ATESTADO", "assunto": "Atestado medico"}, {"id": "1119", "ano": "2019", "numero": "17", "tipo__sigla": "SO", "tipo__descricao": "SOLICITA\u00c7\u00c3O", "assunto": "Pedir copia da portaria que determinou a demiss\u00e3o da servidora Adriana Rafael"}, {"id": "1358", "ano": "2019", "numero": "17", "tipo__sigla": "DA", "tipo__descricao": "Documento Avulso", "assunto": "Relat\u00f3rio de estimativa de impacto or\u00e7ament\u00e1rio financeiro"}, {"id": "211", "ano": "2019", "numero": "18", "tipo__sigla": "OLIC", "tipo__descricao": "Of\u00edcio de Licita\u00e7\u00e3o", "assunto": "M\u00e9dia dos valores dos produtos aliment\u00edcios"}, {"id": "232", "ano": "2019", "numero": "18", "tipo__sigla": "OFEXP", "tipo__descricao": "Of\u00edcio Expedido", "assunto": "Of\u00edcio n\u00ba 19/2019 - convite para a sess\u00e3o solene"}, {"id": "275", "ano": "2019", "numero": "18", "tipo__sigla": "REV", "tipo__descricao": "Relat\u00f3rios de rodagem do ve\u00edculo e outros", "assunto": "Viagem para BH"}, {"id": "304", "ano": "2019", "numero": "18", "tipo__sigla": "COMDE", "tipo__descricao": "COMUNICADO/DESPACHO", "assunto": "Presta\u00e7\u00e3o de contas deste Munic\u00edpio"}, {"id": "306", "ano": "2019", "numero": "18", "tipo__sigla": "MEM", "tipo__descricao": "Memorando", "assunto": "Informa sobre a necessidade de licitar contrata\u00e7\u00e3o de empresa para fornecimento de acesso \u00e0 internet."}, {"id": "438", "ano": "2019", "numero": "18", "tipo__sigla": "OR", "tipo__descricao": "OF\u00cdCIOS RECEBIDOS", "assunto": "Nota de esclarecimento"}, {"id": "643", "ano": "2019", "numero": "18", "tipo__sigla": "PARE", "tipo__descricao": "PARECER", "assunto": "Parecer Jur\u00eddico referente ao Projeto de Lei n 03 de 2019"}, {"id": "686", "ano": "2019", "numero": "18", "tipo__sigla": "OVC", "tipo__descricao": "Of\u00edcio de Vereador/Comiss\u00e3o", "assunto": "C\u00f3pia de documentos"}, {"id": "776", "ano": "2019", "numero": "18", "tipo__sigla": "DMP", "tipo__descricao": "Documentos de tribunais e do Minist\u00e9rio P\u00fablico", "assunto": "Comunica arquivamento Noticia de Fato n\u00b0 MPMG- 0694.18.000077-0"}, {"id": "817", "ano": "2019", "numero": "18", "tipo__sigla": "ATACL", "tipo__descricao": "Ata da Comiss\u00e3o de Licita\u00e7\u00e3o", "assunto": "Ata da sess\u00e3o de preg\u00e3o para aquisi\u00e7\u00e3o de produtos de panifica\u00e7\u00e3o, leite e derivados do dia 17/06/2019."}, {"id": "1102", "ano": "2019", "numero": "18", "tipo__sigla": "CERT", "tipo__descricao": "CERTIFICADO", "assunto": "Certificado de participa\u00e7\u00e3o da etapa estadual do Parlamento Jovem de Minas 2019"}, {"id": "1110", "ano": "2019", "numero": "18", "tipo__sigla": "AT", "tipo__descricao": "ATESTADO", "assunto": "Atestado de comparecimento 25/09/2019"}, {"id": "1143", "ano": "2019", "numero": "18", "tipo__sigla": "SO", "tipo__descricao": "SOLICITA\u00c7\u00c3O", "assunto": "Solicita\u00e7\u00e3o de ferias"}, {"id": "1365", "ano": "2019", "numero": "18", "tipo__sigla": "DA", "tipo__descricao": "Documento Avulso", "assunto": "Impacto financeiro"}, {"id": "212", "ano": "2019", "numero": "19", "tipo__sigla": "OLIC", "tipo__descricao": "Of\u00edcio de Licita\u00e7\u00e3o", "assunto": "of\u00edcio 12 - solicita dota\u00e7\u00e3o"}, {"id": "233", "ano": "2019", "numero": "19", "tipo__sigla": "OFEXP", "tipo__descricao": "Of\u00edcio Expedido", "assunto": "Of\u00edcio n\u00ba 18/2019 - Responde o of\u00edcio n\u00ba 28/2019 advindo do executivo"}, {"id": "288", "ano": "2019", "numero": "19", "tipo__sigla": "REV", "tipo__descricao": "Relat\u00f3rios de rodagem do ve\u00edculo e outros", "assunto": "Levar os funcion\u00e1rios Kainne, Gustavo e Ruiter na casa da funcion\u00e1ria Adriana Rafael para colher assinaturas na intima\u00e7\u00e3o do processo 01/2018"}, {"id": "305", "ano": "2019", "numero": "19", "tipo__sigla": "COMDE", "tipo__descricao": "COMUNICADO/DESPACHO", "assunto": "Presta\u00e7\u00e3o de contas deste Munic\u00edpio"}, {"id": "333", "ano": "2019", "numero": "19", "tipo__sigla": "MEM", "tipo__descricao": "Memorando", "assunto": "Solicita\u00e7\u00e3o de diarias"}, {"id": "443", "ano": "2019", "numero": "19", "tipo__sigla": "OR", "tipo__descricao": "OF\u00cdCIOS RECEBIDOS", "assunto": "Informa\u00e7\u00e3o ao oficio n\u00b0 28/2019"}, {"id": "657", "ano": "2019", "numero": "19", "tipo__sigla": "PARE", "tipo__descricao": "PARECER", "assunto": "Parecer Jur\u00eddico referente ao Processo Licitat\u00f3rio de Produtos aliment\u00edcios 001/2019"}, {"id": "729", "ano": "2019", "numero": "19", "tipo__sigla": "OVC", "tipo__descricao": "Of\u00edcio de Vereador/Comiss\u00e3o", "assunto": "Marca\u00e7\u00e3o de Audi\u00eancia P\u00fablica"}, {"id": "828", "ano": "2019", "numero": "19", "tipo__sigla": "ATACL", "tipo__descricao": "Ata da Comiss\u00e3o de Licita\u00e7\u00e3o", "assunto": "Ata da sess\u00e3o de preg\u00e3o  002-2019 para aquisi\u00e7\u00e3o de Material de Expediente do dia 19/06/2019"}, {"id": "982", "ano": "2019", "numero": "19", "tipo__sigla": "DMP", "tipo__descricao": "Documentos de tribunais e do Minist\u00e9rio P\u00fablico", "assunto": "Solicita Documentos - Noticia de Fato n\u00ba MPMG-0694.19.000523-1"}, {"id": "1138", "ano": "2019", "numero": "19", "tipo__sigla": "AT", "tipo__descricao": "ATESTADO", "assunto": "Atestado medico"}, {"id": "1149", "ano": "2019", "numero": "19", "tipo__sigla": "CERT", "tipo__descricao": "CERTIFICADO", "assunto": "Certificado de curso 09, 10 e 11 de outubro de 2019"}, {"id": "1167", "ano": "2019", "numero": "19", "tipo__sigla": "SO", "tipo__descricao": "SOLICITA\u00c7\u00c3O", "assunto": "Requer o envio de documento ao Cart\u00f3rio Eleitoral."}, {"id": "228", "ano": "2019", "numero": "20", "tipo__sigla": "OLIC", "tipo__descricao": "Of\u00edcio de Licita\u00e7\u00e3o", "assunto": "Solicita\u00e7\u00e3o de informa\u00e7\u00e3o sobre dota\u00e7\u00e3o or\u00e7ament\u00e1ria para aquisi\u00e7\u00e3o de produtos de limpeza higiene e utilidades dom\u00e9sticas."}, {"id": "239", "ano": "2019", "numero": "20", "tipo__sigla": "OFEXP", "tipo__descricao": "Of\u00edcio Expedido", "assunto": "Solicita ades\u00e3o \u00e0 ata de registro de pre\u00e7os preg\u00e3o presencial n\u00b0: 010/2018 -processo licitat\u00f3rio n\u00b0: 018/2018"}, {"id": "307", "ano": "2019", "numero": "20", "tipo__sigla": "COMDE", "tipo__descricao": "COMUNICADO/DESPACHO", "assunto": "Presta\u00e7\u00e3o de contas deste Munic\u00edpio"}, {"id": "315", "ano": "2019", "numero": "20", "tipo__sigla": "REV", "tipo__descricao": "Relat\u00f3rios de rodagem do ve\u00edculo e outros", "assunto": "Levar Gustavo para intimar Vitor Donizete para defesa de presta\u00e7\u00e3o de contas"}, {"id": "334", "ano": "2019", "numero": "20", "tipo__sigla": "MEM", "tipo__descricao": "Memorando", "assunto": "Solicita\u00e7\u00e3o de diarias"}, {"id": "444", "ano": "2019", "numero": "20", "tipo__sigla": "OR", "tipo__descricao": "OF\u00cdCIOS RECEBIDOS", "assunto": "Informa\u00e7\u00f5es n\u00b043/2019"}, {"id": "694", "ano": "2019", "numero": "20", "tipo__sigla": "PARE", "tipo__descricao": "PARECER", "assunto": "Parecer Jur\u00eddico referente ao Projeto de Lei n\u00ba 01/2019"}, {"id": "750", "ano": "2019", "numero": "20", "tipo__sigla": "OVC", "tipo__descricao": "Of\u00edcio de Vereador/Comiss\u00e3o", "assunto": "Reuni\u00e3o da Comiss\u00e3o de Finan\u00e7as e Or\u00e7amento"}, {"id": "842", "ano": "2019", "numero": "20", "tipo__sigla": "ATACL", "tipo__descricao": "Ata da Comiss\u00e3o de Licita\u00e7\u00e3o", "assunto": "Ata da Comiss\u00e3o de licita\u00e7\u00e3o do dia 26 de junho de 2019 para deliberar sobre a escolha do fornecedor do procedimento 20/2019 para aquisi\u00e7\u00e3o de placas e medalhas para homenagens e o quadro do presidente."}, {"id": "987", "ano": "2019", "numero": "20", "tipo__sigla": "DMP", "tipo__descricao": "Documentos de tribunais e do Minist\u00e9rio P\u00fablico", "assunto": "Of\u00edcio 18 DPSV/2018 - Investiga\u00e7\u00e3o sobre poss\u00edvel crime de falsidade ideol\u00f3gica."}, {"id": "1151", "ano": "2019", "numero": "20", "tipo__sigla": "AT", "tipo__descricao": "ATESTADO", "assunto": "Atestado Tuillis"}, {"id": "1155", "ano": "2019", "numero": "20", "tipo__sigla": "CERT", "tipo__descricao": "CERTIFICADO", "assunto": "CERTIFICADO CURSO PLENUM 09, 10 E 11 DE OUTUBRO DE 2019"}, {"id": "1181", "ano": "2019", "numero": "20", "tipo__sigla": "SO", "tipo__descricao": "SOLICITA\u00c7\u00c3O", "assunto": "Solicita Plen\u00e1rio para reuni\u00e3o"}, {"id": "230", "ano": "2019", "numero": "21", "tipo__sigla": "OLIC", "tipo__descricao": "Of\u00edcio de Licita\u00e7\u00e3o", "assunto": "Presidente solicita cota\u00e7\u00e3o de pre\u00e7o de uniformes a empresas."}, {"id": "245", "ano": "2019", "numero": "21", "tipo__sigla": "OFEXP", "tipo__descricao": "Of\u00edcio Expedido", "assunto": "Informa quantidade para complementar of\u00edcio de ades\u00e3o a ARP."}, {"id": "308", "ano": "2019", "numero": "21", "tipo__sigla": "COMDE", "tipo__descricao": "COMUNICADO/DESPACHO", "assunto": "Presta\u00e7\u00e3o de contas deste Munic\u00edpio"}, {"id": "336", "ano": "2019", "numero": "21", "tipo__sigla": "MEM", "tipo__descricao": "Memorando", "assunto": "F\u00e9rias Adriana"}, {"id": "354", "ano": "2019", "numero": "21", "tipo__sigla": "REV", "tipo__descricao": "Relat\u00f3rios de rodagem do ve\u00edculo e outros", "assunto": "Levar o funcion\u00e1rio Felipe no minist\u00e9rio publico"}, {"id": "445", "ano": "2019", "numero": "21", "tipo__sigla": "OR", "tipo__descricao": "OF\u00cdCIOS RECEBIDOS", "assunto": "Informa\u00e7\u00f5es ao oficio 47 e 54/2019"}, {"id": "701", "ano": "2019", "numero": "21", "tipo__sigla": "PARE", "tipo__descricao": "PARECER", "assunto": "Parecer Jur\u00eddico referente ao Projeto de Lei 10/2019"}, {"id": "762", "ano": "2019", "numero": "21", "tipo__sigla": "OVC", "tipo__descricao": "Of\u00edcio de Vereador/Comiss\u00e3o", "assunto": "Projeto de Lei N\u00b0008/2019"}, {"id": "857", "ano": "2019", "numero": "21", "tipo__sigla": "ATACL", "tipo__descricao": "Ata da Comiss\u00e3o de Licita\u00e7\u00e3o", "assunto": "Ata de comiss\u00e3o de licita\u00e7\u00e3o"}, {"id": "1015", "ano": "2019", "numero": "21", "tipo__sigla": "DMP", "tipo__descricao": "Documentos de tribunais e do Minist\u00e9rio P\u00fablico", "assunto": "Requisita documentos"}, {"id": "1153", "ano": "2019", "numero": "21", "tipo__sigla": "AT", "tipo__descricao": "ATESTADO", "assunto": "Atestado Tuillis"}, {"id": "1204", "ano": "2019", "numero": "21", "tipo__sigla": "CERT", "tipo__descricao": "CERTIFICADO", "assunto": "Certificado Parlamento Jovem 30/10/2019"}, {"id": "1208", "ano": "2019", "numero": "21", "tipo__sigla": "SO", "tipo__descricao": "SOLICITA\u00c7\u00c3O", "assunto": "Solicita documentos"}, {"id": "234", "ano": "2019", "numero": "22", "tipo__sigla": "OLIC", "tipo__descricao": "Of\u00edcio de Licita\u00e7\u00e3o", "assunto": "Of\u00edcio n\u00ba 22/2019 - Solicita\u00e7\u00e3o"}, {"id": "256", "ano": "2019", "numero": "22", "tipo__sigla": "OFEXP", "tipo__descricao": "Of\u00edcio Expedido", "assunto": "Requerimento de ades\u00e3o a ata de registro de pre\u00e7o processo licitat\u00f3rio n\u00ba 191/2018 preg\u00e3o presencial n\u00ba 074/2018 registro de pre\u00e7o - menor pre\u00e7o por item"}, {"id": "318", "ano": "2019", "numero": "22", "tipo__sigla": "COMDE", "tipo__descricao": "COMUNICADO/DESPACHO", "assunto": "Valores a ser descontados dos servidores"}, {"id": "337", "ano": "2019", "numero": "22", "tipo__sigla": "MEM", "tipo__descricao": "Memorando", "assunto": "solicita di\u00e1ria motorista"}, {"id": "355", "ano": "2019", "numero": "22", "tipo__sigla": "REV", "tipo__descricao": "Relat\u00f3rios de rodagem do ve\u00edculo e outros", "assunto": "Levar documentos de f\u00e9rias da funcion\u00e1ria da Adriana Rafael"}, {"id": "448", "ano": "2019", "numero": "22", "tipo__sigla": "OR", "tipo__descricao": "OF\u00cdCIOS RECEBIDOS", "assunto": "Informa\u00e7\u00f5es ao oficio n\u00b0 26-2019"}, {"id": "713", "ano": "2019", "numero": "22", "tipo__sigla": "PARE", "tipo__descricao": "PARECER", "assunto": "Parecer Jur\u00eddico referente ao Projeto de Lei n\u00ba 12 de 2019"}, {"id": "864", "ano": "2019", "numero": "22", "tipo__sigla": "ATACL", "tipo__descricao": "Ata da Comiss\u00e3o de Licita\u00e7\u00e3o", "assunto": "Ata da Comiss\u00e3o de licita\u00e7\u00e3o do dia 06 de maio de 2019."}, {"id": "909", "ano": "2019", "numero": "22", "tipo__sigla": "OVC", "tipo__descricao": "Of\u00edcio de Vereador/Comiss\u00e3o", "assunto": "Projeto de Lei N\u00b0 03-2019"}, {"id": "1061", "ano": "2019", "numero": "22", "tipo__sigla": "DMP", "tipo__descricao": "Documentos de tribunais e do Minist\u00e9rio P\u00fablico", "assunto": "Solicita documentos - Of\u00edcio 710/2019"}, {"id": "1172", "ano": "2019", "numero": "22", "tipo__sigla": "AT", "tipo__descricao": "ATESTADO", "assunto": "Atestado Medico"}, {"id": "1249", "ano": "2019", "numero": "22", "tipo__sigla": "CERT", "tipo__descricao": "CERTIFICADO", "assunto": "Certificado Genesis"}, {"id": "1254", "ano": "2019", "numero": "22", "tipo__sigla": "SO", "tipo__descricao": "SOLICITA\u00c7\u00c3O", "assunto": "OF\u00cdCIO 35/2019 - CNEC"}, {"id": "257", "ano": "2019", "numero": "23", "tipo__sigla": "OFEXP", "tipo__descricao": "Of\u00edcio Expedido", "assunto": "Encaminho relat\u00f3rio cont\u00e1beis de Dezembro"}, {"id": "270", "ano": "2019", "numero": "23", "tipo__sigla": "OLIC", "tipo__descricao": "Of\u00edcio de Licita\u00e7\u00e3o", "assunto": "Solicita\u00e7\u00e3o de informa\u00e7\u00e3o sobre dota\u00e7\u00e3o or\u00e7ament\u00e1ria  - Processo para aquisi\u00e7\u00e3o de produtos de panifica\u00e7\u00e3o n\u00b0006/2019."}, {"id": "323", "ano": "2019", "numero": "23", "tipo__sigla": "COMDE", "tipo__descricao": "COMUNICADO/DESPACHO", "assunto": "Balancetes de Receitas referentes ao m\u00eas de Dezembro/2018"}, {"id": "338", "ano": "2019", "numero": "23", "tipo__sigla": "MEM", "tipo__descricao": "Memorando", "assunto": "Folha de pagamento do Legislativo: Recomenda\u00e7\u00e3o Administrativa 02 de 2017, do MINIST\u00c9RIO P\u00daBLICO"}, {"id": "359", "ano": "2019", "numero": "23", "tipo__sigla": "REV", "tipo__descricao": "Relat\u00f3rios de rodagem do ve\u00edculo e outros", "assunto": "Levar o carro para lavar e levar o presidente no minist\u00e9rio publico"}, {"id": "463", "ano": "2019", "numero": "23", "tipo__sigla": "OR", "tipo__descricao": "OF\u00cdCIOS RECEBIDOS", "assunto": "Informa\u00e7\u00e3o ao oficio n\u00b0 59/2019"}, {"id": "714", "ano": "2019", "numero": "23", "tipo__sigla": "PARE", "tipo__descricao": "PARECER", "assunto": "Parecer Jur\u00eddico referente ao Projeto de Lei n\u00ba 11 de 2019"}, {"id": "902", "ano": "2019", "numero": "23", "tipo__sigla": "ATACL", "tipo__descricao": "Ata da Comiss\u00e3o de Licita\u00e7\u00e3o", "assunto": "Comiss\u00e3o de licita\u00e7\u00e3o escolhe o fornecedor de uniformes."}, {"id": "1005", "ano": "2019", "numero": "23", "tipo__sigla": "OVC", "tipo__descricao": "Of\u00edcio de Vereador/Comiss\u00e3o", "assunto": "Solicita informa\u00e7\u00f5es"}, {"id": "1131", "ano": "2019", "numero": "23", "tipo__sigla": "DMP", "tipo__descricao": "Documentos de tribunais e do Minist\u00e9rio P\u00fablico", "assunto": "Inqu\u00e9rito Civil MPMG-0694.17.000623-3 - suposta implanta\u00e7\u00e3o irregular de loteamento no local denominado S\u00e3o Louren\u00e7o"}, {"id": "1173", "ano": "2019", "numero": "23", "tipo__sigla": "AT", "tipo__descricao": "ATESTADO", "assunto": "Atestado Medico"}, {"id": "1305", "ano": "2019", "numero": "23", "tipo__sigla": "CERT", "tipo__descricao": "CERTIFICADO", "assunto": "Certificado Parlamento Jovem"}, {"id": "260", "ano": "2019", "numero": "24", "tipo__sigla": "OFEXP", "tipo__descricao": "Of\u00edcio Expedido", "assunto": "ENCAMINHA MINUTA DO CONTRATO COM O APS"}, {"id": "292", "ano": "2019", "numero": "24", "tipo__sigla": "OLIC", "tipo__descricao": "Of\u00edcio de Licita\u00e7\u00e3o", "assunto": "Presidente solicita delibera\u00e7\u00f5es da Comiss\u00e3o de licita\u00e7\u00e3o acerca dos assuntos propostos  - 001-2019 g\u00eaneros aliment\u00edcios."}, {"id": "324", "ano": "2019", "numero": "24", "tipo__sigla": "COMDE", "tipo__descricao": "COMUNICADO/DESPACHO", "assunto": "Balancetes de Receitas e Despesas referentes ao m\u00eas de Novembro/2018"}, {"id": "339", "ano": "2019", "numero": "24", "tipo__sigla": "MEM", "tipo__descricao": "Memorando", "assunto": "Resposta a solicita\u00e7\u00e3o de valor de dota\u00e7\u00e3o or\u00e7ament\u00e1ria de materiais de consumo"}, {"id": "366", "ano": "2019", "numero": "24", "tipo__sigla": "REV", "tipo__descricao": "Relat\u00f3rios de rodagem do ve\u00edculo e outros", "assunto": "Levar funcion\u00e1rio Ruiter para participar do lan\u00e7amento do parlamento jovem"}, {"id": "464", "ano": "2019", "numero": "24", "tipo__sigla": "OR", "tipo__descricao": "OF\u00cdCIOS RECEBIDOS", "assunto": "Informa\u00e7\u00f5es ao oficio 53/2019"}, {"id": "731", "ano": "2019", "numero": "24", "tipo__sigla": "PARE", "tipo__descricao": "PARECER", "assunto": "Parecer Jur\u00eddico referente ao Processo Licitat\u00f3rio de material de limpeza"}, {"id": "955", "ano": "2019", "numero": "24", "tipo__sigla": "ATACL", "tipo__descricao": "Ata da Comiss\u00e3o de Licita\u00e7\u00e3o", "assunto": "Aquisi\u00e7\u00e3o de porta para a entrada do plen\u00e1rio da C\u00e2mara Municipal"}, {"id": "1018", "ano": "2019", "numero": "24", "tipo__sigla": "OVC", "tipo__descricao": "Of\u00edcio de Vereador/Comiss\u00e3o", "assunto": "Convocar reuni\u00e3o da Comiss\u00e3o de Finan\u00e7as e or\u00e7amento"}, {"id": "1174", "ano": "2019", "numero": "24", "tipo__sigla": "AT", "tipo__descricao": "ATESTADO", "assunto": "Declara\u00e7\u00e3o de comparecimento"}, {"id": "1177", "ano": "2019", "numero": "24", "tipo__sigla": "DMP", "tipo__descricao": "Documentos de tribunais e do Minist\u00e9rio P\u00fablico", "assunto": "REQUISITA INFORMA\u00c7\u00d5ES - Of\u00edcio 897/2019"}, {"id": "289", "ano": "2019", "numero": "25", "tipo__sigla": "OFEXP", "tipo__descricao": "Of\u00edcio Expedido", "assunto": "SOlicitando c\u00f3pia integral do processo administrativo do Sr. Adler Maganha de P\u00e1dua."}, {"id": "296", "ano": "2019", "numero": "25", "tipo__sigla": "OLIC", "tipo__descricao": "Of\u00edcio de Licita\u00e7\u00e3o", "assunto": "Presidente solicita informa\u00e7\u00e3o sobre dota\u00e7\u00e3o or\u00e7ament\u00e1ria para aquisi\u00e7\u00e3o de material de expediente - processo 005-2019"}, {"id": "345", "ano": "2019", "numero": "25", "tipo__sigla": "MEM", "tipo__descricao": "Memorando", "assunto": "SOLICITA DIARIA"}, {"id": "367", "ano": "2019", "numero": "25", "tipo__sigla": "REV", "tipo__descricao": "Relat\u00f3rios de rodagem do ve\u00edculo e outros", "assunto": "Levar o presidente Luiz Felipe e o vereador Expedito para fazerem curso"}, {"id": "465", "ano": "2019", "numero": "25", "tipo__sigla": "OR", "tipo__descricao": "OF\u00cdCIOS RECEBIDOS", "assunto": "Informa\u00e7\u00f5es ao oficio n\u00b0 61/2019"}, {"id": "781", "ano": "2019", "numero": "25", "tipo__sigla": "PARE", "tipo__descricao": "PARECER", "assunto": "Parecer jur\u00eddico referente ao Processo de Dispensa de Licita\u00e7\u00e3o para manuten\u00e7\u00e3o do port\u00e3o eletr\u00f4nico"}, {"id": "1055", "ano": "2019", "numero": "25", "tipo__sigla": "OVC", "tipo__descricao": "Of\u00edcio de Vereador/Comiss\u00e3o", "assunto": "Solicita informa\u00e7\u00f5es referentes ao projeto de lei 42/2018"}, {"id": "1057", "ano": "2019", "numero": "25", "tipo__sigla": "ARO", "tipo__descricao": "ATAS DAS REUNI\u00d5ES ORDIN\u00c1RIAS", "assunto": "Ata da 25\u00aa reuni\u00e3o ordin\u00e1ria do dia 03 de setembro de 2019."}, {"id": "1157", "ano": "2019", "numero": "25", "tipo__sigla": "ATACL", "tipo__descricao": "Ata da Comiss\u00e3o de Licita\u00e7\u00e3o", "assunto": "Aquisi\u00e7\u00e3o de cartuchos"}, {"id": "1175", "ano": "2019", "numero": "25", "tipo__sigla": "AT", "tipo__descricao": "ATESTADO", "assunto": "Declara\u00e7\u00e3o de comparecimento"}, {"id": "1186", "ano": "2019", "numero": "25", "tipo__sigla": "DMP", "tipo__descricao": "Documentos de tribunais e do Minist\u00e9rio P\u00fablico", "assunto": "Of\u00edcio 989/2019 Requisita Informa\u00e7\u00f5es"}, {"id": "283", "ano": "2019", "numero": "26", "tipo__sigla": "OFEXP", "tipo__descricao": "Of\u00edcio Expedido", "assunto": "ENCAMINHA INDICA\u00c7\u00c3O N\u00ba 01/2019"}, {"id": "329", "ano": "2019", "numero": "26", "tipo__sigla": "COMDE", "tipo__descricao": "COMUNICADO/DESPACHO", "assunto": "Comunica presidente"}, {"id": "346", "ano": "2019", "numero": "26", "tipo__sigla": "MEM", "tipo__descricao": "Memorando", "assunto": "SOLICITA\u00c7\u00c3O DE DIARIAS"}, {"id": "365", "ano": "2019", "numero": "26", "tipo__sigla": "OLIC", "tipo__descricao": "Of\u00edcio de Licita\u00e7\u00e3o", "assunto": "Manuten\u00e7\u00e3o de port\u00e3o eletr\u00f4nico"}, {"id": "375", "ano": "2019", "numero": "26", "tipo__sigla": "REV", "tipo__descricao": "Relat\u00f3rios de rodagem do ve\u00edculo e outros", "assunto": "Levar o funcion\u00e1rio Luis Gustavo para colher cota\u00e7\u00e3o do port\u00e3o eletr\u00f4nico"}, {"id": "466", "ano": "2019", "numero": "26", "tipo__sigla": "OR", "tipo__descricao": "OF\u00cdCIOS RECEBIDOS", "assunto": "Informa\u00e7\u00f5es ao oficio n\u00b0 60/2019"}, {"id": "795", "ano": "2019", "numero": "26", "tipo__sigla": "PARE", "tipo__descricao": "PARECER", "assunto": "Parecer Jur\u00eddico referente ao Preg\u00e3o Internet"}, {"id": "1056", "ano": "2019", "numero": "26", "tipo__sigla": "OVC", "tipo__descricao": "Of\u00edcio de Vereador/Comiss\u00e3o", "assunto": "Solicita informa\u00e7\u00f5es referentes ao projeto de lei 21/2019"}, {"id": "1077", "ano": "2019", "numero": "26", "tipo__sigla": "ARO", "tipo__descricao": "ATAS DAS REUNI\u00d5ES ORDIN\u00c1RIAS", "assunto": "Ata da 26\u00aa R. Ordin\u00e1ria"}, {"id": "1184", "ano": "2019", "numero": "26", "tipo__sigla": "AT", "tipo__descricao": "ATESTADO", "assunto": "Atestado de afastamento"}, {"id": "1187", "ano": "2019", "numero": "26", "tipo__sigla": "DMP", "tipo__descricao": "Documentos de tribunais e do Minist\u00e9rio P\u00fablico", "assunto": "Of\u00edcio 889/2019 Requisita Informa\u00e7\u00f5es"}, {"id": "1255", "ano": "2019", "numero": "26", "tipo__sigla": "ATACL", "tipo__descricao": "Ata da Comiss\u00e3o de Licita\u00e7\u00e3o", "assunto": "Ata da sess\u00e3o de preg\u00e3o n\u00ba 006-2019 para aquisi\u00e7\u00e3o de Equipamentos de\r\nInform\u00e1tica"}, {"id": "284", "ano": "2019", "numero": "27", "tipo__sigla": "OFEXP", "tipo__descricao": "Of\u00edcio Expedido", "assunto": "ENCAMINHA INDICA\u00c7\u00c3O N\u00ba 02/2019"}, {"id": "335", "ano": "2019", "numero": "27", "tipo__sigla": "COMDE", "tipo__descricao": "COMUNICADO/DESPACHO", "assunto": "Sugest\u00e3o de proposta or\u00e7ament\u00e1ria da C\u00e2mara Municipal de Santana da Vargem para o exec\u00edcio financeiro de 2020"}, {"id": "347", "ano": "2019", "numero": "27", "tipo__sigla": "MEM", "tipo__descricao": "Memorando", "assunto": "solicita di\u00e1ria e cheque pra o reabastecimento."}, {"id": "377", "ano": "2019", "numero": "27", "tipo__sigla": "REV", "tipo__descricao": "Relat\u00f3rios de rodagem do ve\u00edculo e outros", "assunto": "Ressarcimento"}, {"id": "467", "ano": "2019", "numero": "27", "tipo__sigla": "OR", "tipo__descricao": "OF\u00cdCIOS RECEBIDOS", "assunto": "Informa\u00e7\u00f5es ao oficio n\u00b0 52/2019"}, {"id": "483", "ano": "2019", "numero": "27", "tipo__sigla": "OLIC", "tipo__descricao": "Of\u00edcio de Licita\u00e7\u00e3o", "assunto": "Solicita\u00e7\u00e3o de informa\u00e7\u00e3o sobre dota\u00e7\u00e3o or\u00e7ament\u00e1ria para cobrir as despesas com de servi\u00e7o de manuten\u00e7\u00e3o de port\u00e3o eletr\u00f4nico referentes ao processo 011 \u2013 2019."}, {"id": "810", "ano": "2019", "numero": "27", "tipo__sigla": "PARE", "tipo__descricao": "PARECER", "assunto": "Parecer Jur\u00eddico referente ao Projeto de Lei 06 de 2019 (Bolsa-Trabalho)"}, {"id": "1067", "ano": "2019", "numero": "27", "tipo__sigla": "OVC", "tipo__descricao": "Of\u00edcio de Vereador/Comiss\u00e3o", "assunto": "Solicita agendamento da Audi\u00eancia Publica da LOA 2020"}, {"id": "1089", "ano": "2019", "numero": "27", "tipo__sigla": "ARO", "tipo__descricao": "ATAS DAS REUNI\u00d5ES ORDIN\u00c1RIAS", "assunto": "2\u00aa ata do REURB"}, {"id": "1200", "ano": "2019", "numero": "27", "tipo__sigla": "AT", "tipo__descricao": "ATESTADO", "assunto": "Declara\u00e7\u00e3o de comparecimento"}, {"id": "1232", "ano": "2019", "numero": "27", "tipo__sigla": "DMP", "tipo__descricao": "Documentos de tribunais e do Minist\u00e9rio P\u00fablico", "assunto": "Of\u00edcio 967/2019/3\u00aaPJ-TP\r\nSolicita Informa\u00e7\u00f5es"}, {"id": "1279", "ano": "2019", "numero": "27", "tipo__sigla": "ATACL", "tipo__descricao": "Ata da Comiss\u00e3o de Licita\u00e7\u00e3o", "assunto": "Ata de registro de pre\u00e7os"}, {"id": "285", "ano": "2019", "numero": "28", "tipo__sigla": "OFEXP", "tipo__descricao": "Of\u00edcio Expedido", "assunto": "ENCAMINHA REQUERIMENTO N\u00ba 01/2019"}, {"id": "360", "ano": "2019", "numero": "28", "tipo__sigla": "COMDE", "tipo__descricao": "COMUNICADO/DESPACHO", "assunto": "Venho atrav\u00e9s do presente informar que no dia do meu anivers\u00e1rio trabalhei normalmente, n\u00e3o fazendo jus ao inciso V da Lei 1380 de 2015.\r\nDeste modo, no dia 28 de fevereiro, n\u00e3o trabalharei"}, {"id": "362", "ano": "2019", "numero": "28", "tipo__sigla": "MEM", "tipo__descricao": "Memorando", "assunto": "Informa\u00e7\u00e3o impr\u00f3pria em holerite."}, {"id": "399", "ano": "2019", "numero": "28", "tipo__sigla": "REV", "tipo__descricao": "Relat\u00f3rios de rodagem do ve\u00edculo e outros", "assunto": "Levar o funcion\u00e1rio Gustavo para levar documentos para cota\u00e7\u00e3o de servi\u00e7os de port\u00e3o da c\u00e2mara"}, {"id": "469", "ano": "2019", "numero": "28", "tipo__sigla": "OR", "tipo__descricao": "OF\u00cdCIOS RECEBIDOS", "assunto": "Informa\u00e7\u00f5es ao oficio n\u00b044/2019"}, {"id": "535", "ano": "2019", "numero": "28", "tipo__sigla": "OLIC", "tipo__descricao": "Of\u00edcio de Licita\u00e7\u00e3o", "assunto": "Cota\u00e7\u00e3o de pre\u00e7o servi\u00e7os de provimento de acesso \u00e0 internet.  Processo 017-2019."}, {"id": "813", "ano": "2019", "numero": "28", "tipo__sigla": "PARE", "tipo__descricao": "PARECER", "assunto": "Parecer Jur\u00eddico referente \u00e0 Dispensa de Licita\u00e7\u00e3o (Bateria do carro)"}, {"id": "1085", "ano": "2019", "numero": "28", "tipo__sigla": "OVC", "tipo__descricao": "Of\u00edcio de Vereador/Comiss\u00e3o", "assunto": "Reuni\u00e3o da Comiss\u00e3o de Finan\u00e7as e Or\u00e7amentos"}, {"id": "1094", "ano": "2019", "numero": "28", "tipo__sigla": "ARO", "tipo__descricao": "ATAS DAS REUNI\u00d5ES ORDIN\u00c1RIAS", "assunto": "Ata da 27\u00aa reuni\u00e3o ordin\u00e1ria do dia 17 de setembro de 2019."}, {"id": "1201", "ano": "2019", "numero": "28", "tipo__sigla": "AT", "tipo__descricao": "ATESTADO", "assunto": "Declara\u00e7\u00e3o de comparecimento"}, {"id": "1246", "ano": "2019", "numero": "28", "tipo__sigla": "DMP", "tipo__descricao": "Documentos de tribunais e do Minist\u00e9rio P\u00fablico", "assunto": "Of\u00edcio 996/2019/3\u00aaPJ-TP"}, {"id": "1311", "ano": "2019", "numero": "28", "tipo__sigla": "ATACL", "tipo__descricao": "Ata da Comiss\u00e3o de Licita\u00e7\u00e3o", "assunto": "Ata da sess\u00e3o do preg\u00e3o presencial para aquisi\u00e7\u00e3o de impressora do dia 10/12/2019."}, {"id": "287", "ano": "2019", "numero": "29", "tipo__sigla": "OFEXP", "tipo__descricao": "Of\u00edcio Expedido", "assunto": "Solicita informa\u00e7\u00e3o ao executivo"}, {"id": "379", "ano": "2019", "numero": "29", "tipo__sigla": "COMDE", "tipo__descricao": "COMUNICADO/DESPACHO", "assunto": "Projeto de Lei n\u00b0 02 de 11 de Mar\u00e7o de 2019"}, {"id": "400", "ano": "2019", "numero": "29", "tipo__sigla": "REV", "tipo__descricao": "Relat\u00f3rios de rodagem do ve\u00edculo e outros", "assunto": "Levar funcion\u00e1rio Gustavo para fazer intima\u00e7\u00e3o do ex prefeito Vitor Donizete e levar cota\u00e7\u00e3o do motor do port\u00e3o"}, {"id": "410", "ano": "2019", "numero": "29", "tipo__sigla": "MEM", "tipo__descricao": "Memorando", "assunto": "Informa\u00e7\u00e3o ao presidente do depoimento testemunhal dos servidores Cl\u00e9ber e Kainne"}, {"id": "470", "ano": "2019", "numero": "29", "tipo__sigla": "OR", "tipo__descricao": "OF\u00cdCIOS RECEBIDOS", "assunto": "Informa\u00e7\u00e3o ao oficio n\u00b0 59/2019"}, {"id": "637", "ano": "2019", "numero": "29", "tipo__sigla": "OLIC", "tipo__descricao": "Of\u00edcio de Licita\u00e7\u00e3o", "assunto": "Cota\u00e7\u00e3o de pre\u00e7o servi\u00e7os de provimento de acesso \u00e0 internet. Processo 017-2019."}, {"id": "819", "ano": "2019", "numero": "29", "tipo__sigla": "PARE", "tipo__descricao": "PARECER", "assunto": "Parecer Jur\u00eddico referente ao projeto de lei 08 de 2019"}, {"id": "1113", "ano": "2019", "numero": "29", "tipo__sigla": "ARO", "tipo__descricao": "ATAS DAS REUNI\u00d5ES ORDIN\u00c1RIAS", "assunto": "Ata Sess\u00e3o Ordin\u00e1ria 24/09/2019"}, {"id": "1120", "ano": "2019", "numero": "29", "tipo__sigla": "OVC", "tipo__descricao": "Of\u00edcio de Vereador/Comiss\u00e3o", "assunto": "Reuni\u00e3o da Comiss\u00e3o de Finan\u00e7as e Or\u00e7amento"}, {"id": "1202", "ano": "2019", "numero": "29", "tipo__sigla": "AT", "tipo__descricao": "ATESTADO", "assunto": "Declara\u00e7\u00e3o de comparecimento"}, {"id": "1247", "ano": "2019", "numero": "29", "tipo__sigla": "DMP", "tipo__descricao": "Documentos de tribunais e do Minist\u00e9rio P\u00fablico", "assunto": "Of\u00edcio 999/2019/3\u00aaPJ-TP"}, {"id": "1319", "ano": "2019", "numero": "29", "tipo__sigla": "ATACL", "tipo__descricao": "Ata da Comiss\u00e3o de Licita\u00e7\u00e3o", "assunto": "Ata da Comiss\u00e3o de licita\u00e7\u00e3o do dia 11 de dezembro de 2019 para escolha do fornecedor de impressora."}, {"id": "293", "ano": "2019", "numero": "30", "tipo__sigla": "OFEXP", "tipo__descricao": "Of\u00edcio Expedido", "assunto": "RESPOSTA DA RECOMENDA\u00c7\u00c3O ADMINISTRATIVA N\u00ba 01/2019"}, {"id": "384", "ano": "2019", "numero": "30", "tipo__sigla": "COMDE", "tipo__descricao": "COMUNICADO/DESPACHO", "assunto": "Informa\u00e7\u00e3o"}, {"id": "407", "ano": "2019", "numero": "30", "tipo__sigla": "REV", "tipo__descricao": "Relat\u00f3rios de rodagem do ve\u00edculo e outros", "assunto": "Levar o funcion\u00e1rio Ruiter para reuni\u00e3o e intimar a Sr Maisa para o PA"}, {"id": "411", "ano": "2019", "numero": "30", "tipo__sigla": "MEM", "tipo__descricao": "Memorando", "assunto": "Solicita\u00e7\u00e3o de comparecimento para prestar depoimento como testemunha ao Servidor Cleber."}, {"id": "644", "ano": "2019", "numero": "30", "tipo__sigla": "OLIC", "tipo__descricao": "Of\u00edcio de Licita\u00e7\u00e3o", "assunto": "Relat\u00f3rio da Comiss\u00e3o de Licita\u00e7\u00e3o sobre o processo licitat\u00f3rio n\u00ba 02/219"}, {"id": "826", "ano": "2019", "numero": "30", "tipo__sigla": "PARE", "tipo__descricao": "PARECER", "assunto": "Resposta da constesta\u00e7\u00e3o (Osmani)"}, {"id": "1142", "ano": "2019", "numero": "30", "tipo__sigla": "ARO", "tipo__descricao": "ATAS DAS REUNI\u00d5ES ORDIN\u00c1RIAS", "assunto": "29\u00aa R. ORDIN\u00c1RIA"}, {"id": "1196", "ano": "2019", "numero": "30", "tipo__sigla": "OVC", "tipo__descricao": "Of\u00edcio de Vereador/Comiss\u00e3o", "assunto": "Convoca reuni\u00e3o da Comiss\u00e3o"}, {"id": "1205", "ano": "2019", "numero": "30", "tipo__sigla": "AT", "tipo__descricao": "ATESTADO", "assunto": "Atestado de Comparecimento PJ 30/10/2019"}, {"id": "1272", "ano": "2019", "numero": "30", "tipo__sigla": "DMP", "tipo__descricao": "Documentos de tribunais e do Minist\u00e9rio P\u00fablico", "assunto": "OF\u00cdCIO 983/2019"}, {"id": "295", "ano": "2019", "numero": "31", "tipo__sigla": "OFEXP", "tipo__descricao": "Of\u00edcio Expedido", "assunto": "INFORMA NOVO ENDERE\u00c7O DE E MAIL"}, {"id": "385", "ano": "2019", "numero": "31", "tipo__sigla": "COMDE", "tipo__descricao": "COMUNICADO/DESPACHO", "assunto": "Informa\u00e7\u00e3o"}, {"id": "412", "ano": "2019", "numero": "31", "tipo__sigla": "MEM", "tipo__descricao": "Memorando", "assunto": "Resposta do memorando 20/2019"}, {"id": "436", "ano": "2019", "numero": "31", "tipo__sigla": "REV", "tipo__descricao": "Relat\u00f3rios de rodagem do ve\u00edculo e outros", "assunto": "Levar o funcion\u00e1rio Ruiter para fazer as intima\u00e7\u00f5es do PA 01/2018"}, {"id": "645", "ano": "2019", "numero": "31", "tipo__sigla": "OLIC", "tipo__descricao": "Of\u00edcio de Licita\u00e7\u00e3o", "assunto": "Solicitando parecer jur\u00eddico"}, {"id": "846", "ano": "2019", "numero": "31", "tipo__sigla": "PARE", "tipo__descricao": "PARECER", "assunto": "Parecer Jur\u00eddico referente \u00e0 dispensa de licita\u00e7\u00e3o (Medalhas, Quadro e Placas)"}, {"id": "1159", "ano": "2019", "numero": "31", "tipo__sigla": "ARO", "tipo__descricao": "ATAS DAS REUNI\u00d5ES ORDIN\u00c1RIAS", "assunto": "30\u00aa Reuni\u00e3o Ordin\u00e1ria"}, {"id": "1197", "ano": "2019", "numero": "31", "tipo__sigla": "OVC", "tipo__descricao": "Of\u00edcio de Vereador/Comiss\u00e3o", "assunto": "Pedido de atua\u00e7iza\u00e7\u00e3o"}, {"id": "1210", "ano": "2019", "numero": "31", "tipo__sigla": "AT", "tipo__descricao": "ATESTADO", "assunto": "Atestado Tuillis (01/11/2019)"}, {"id": "1273", "ano": "2019", "numero": "31", "tipo__sigla": "DMP", "tipo__descricao": "Documentos de tribunais e do Minist\u00e9rio P\u00fablico", "assunto": "Encaminha copia do laudo de vistoria de Seguran\u00e7a do Estadio Hernani Pereira"}, {"id": "309", "ano": "2019", "numero": "32", "tipo__sigla": "OFEXP", "tipo__descricao": "Of\u00edcio Expedido", "assunto": "Informa\u00e7\u00e3o ao MP"}, {"id": "405", "ano": "2019", "numero": "32", "tipo__sigla": "COMDE", "tipo__descricao": "COMUNICADO/DESPACHO", "assunto": "Informa\u00e7\u00e3o"}, {"id": "442", "ano": "2019", "numero": "32", "tipo__sigla": "REV", "tipo__descricao": "Relat\u00f3rios de rodagem do ve\u00edculo e outros", "assunto": "Buscar os vereadores Carlos Cezar, Expedito, Jos\u00e9 Elias e Jo\u00e3o Martins no curso para vereadores"}, {"id": "513", "ano": "2019", "numero": "32", "tipo__sigla": "OR", "tipo__descricao": "OF\u00cdCIOS RECEBIDOS", "assunto": "Encaminha relatorios de Presta\u00e7\u00e3o de Contas Anual ref. 2018"}, {"id": "648", "ano": "2019", "numero": "32", "tipo__sigla": "OLIC", "tipo__descricao": "Of\u00edcio de Licita\u00e7\u00e3o", "assunto": "Solicitando parecer jur\u00eddico - licita\u00e7\u00e3o 001/2019 - Produto Aliment\u00edcio."}, {"id": "847", "ano": "2019", "numero": "32", "tipo__sigla": "PARE", "tipo__descricao": "PARECER", "assunto": "Parecer Jur\u00eddico referente ao Preg\u00e3o (Produtos de Panifica\u00e7\u00e3o)."}, {"id": "1176", "ano": "2019", "numero": "32", "tipo__sigla": "ARO", "tipo__descricao": "ATAS DAS REUNI\u00d5ES ORDIN\u00c1RIAS", "assunto": "Ata da Audi\u00eancia Publica do dia 22 de outubro de 2019 - LOA 2020"}, {"id": "1212", "ano": "2019", "numero": "32", "tipo__sigla": "OVC", "tipo__descricao": "Of\u00edcio de Vereador/Comiss\u00e3o", "assunto": "Solicita\u00e7\u00e3o"}, {"id": "1219", "ano": "2019", "numero": "32", "tipo__sigla": "AT", "tipo__descricao": "ATESTADO", "assunto": "Declara\u00e7\u00e3o de comparecimento 07-11"}, {"id": "1281", "ano": "2019", "numero": "32", "tipo__sigla": "DMP", "tipo__descricao": "Documentos de tribunais e do Minist\u00e9rio P\u00fablico", "assunto": "Of\u00edcio 1058/2019/3\u00aaPJ-TP - Inqu\u00e9rito Civil n\u00ba MPMG-0694.19.00372-3"}, {"id": "313", "ano": "2019", "numero": "33", "tipo__sigla": "OFEXP", "tipo__descricao": "Of\u00edcio Expedido", "assunto": "Encaminha indica\u00e7\u00e3o verbal da vereadora Silmara"}, {"id": "421", "ano": "2019", "numero": "33", "tipo__sigla": "MEM", "tipo__descricao": "Memorando", "assunto": "Memorando para BH - Reuni\u00e3o na COPASA"}, {"id": "431", "ano": "2019", "numero": "33", "tipo__sigla": "COMDE", "tipo__descricao": "COMUNICADO/DESPACHO", "assunto": "Aviso de licita\u00e7\u00e3o. Preg\u00e3o Presencial para Registro de Pre\u00e7os N\u00ba 001/2019 Objeto: A presente licita\u00e7\u00e3o tem por objeto o registro de pre\u00e7o para a aquisi\u00e7\u00e3o futura e eventual de minissalgados e minip\u00e3es de queijo, conforme especifica\u00e7\u00f5es contidas no Termo de Refer\u00eancia, anexo I do Edital."}, {"id": "461", "ano": "2019", "numero": "33", "tipo__sigla": "REV", "tipo__descricao": "Relat\u00f3rios de rodagem do ve\u00edculo e outros", "assunto": "Levar o funcion\u00e1rio publico para fazer intima\u00e7\u00e3o do Carlos Cezar e do Cleber"}, {"id": "514", "ano": "2019", "numero": "33", "tipo__sigla": "OR", "tipo__descricao": "OF\u00cdCIOS RECEBIDOS", "assunto": "Resposta ao oficio n\u00b0 057/2019"}, {"id": "649", "ano": "2019", "numero": "33", "tipo__sigla": "OLIC", "tipo__descricao": "Of\u00edcio de Licita\u00e7\u00e3o", "assunto": "Relat\u00f3rio Comiss\u00e3o - Processo Licitat\u00f3rio n\u00ba 001/2019. - Produto de G\u00eanero aliment\u00edcio"}, {"id": "851", "ano": "2019", "numero": "33", "tipo__sigla": "PARE", "tipo__descricao": "PARECER", "assunto": "Parecer Jur\u00eddico referente ao Preg\u00e3o para aquisi\u00e7\u00e3o de material de expediente"}, {"id": "1178", "ano": "2019", "numero": "33", "tipo__sigla": "ARO", "tipo__descricao": "ATAS DAS REUNI\u00d5ES ORDIN\u00c1RIAS", "assunto": "Ata 31\u00aa R. Ordin\u00e1ria 22/10/2019"}, {"id": "1220", "ano": "2019", "numero": "33", "tipo__sigla": "AT", "tipo__descricao": "ATESTADO", "assunto": "Atestado Medico 06/11"}, {"id": "1294", "ano": "2019", "numero": "33", "tipo__sigla": "DMP", "tipo__descricao": "Documentos de tribunais e do Minist\u00e9rio P\u00fablico", "assunto": "Of\u00edcio n\u00ba 1.112/2019/3\u00aaPJ-TP\r\nProcedimento Preparat\u00f3rio n\u00ba MPMG-0694.19.000.289-9"}, {"id": "1309", "ano": "2019", "numero": "33", "tipo__sigla": "OVC", "tipo__descricao": "Of\u00edcio de Vereador/Comiss\u00e3o", "assunto": "Of\u00edcio n\u00ba 02/2019 - Informa\u00e7\u00e3o"}, {"id": "314", "ano": "2019", "numero": "34", "tipo__sigla": "OFEXP", "tipo__descricao": "Of\u00edcio Expedido", "assunto": "Encaminha indica\u00e7\u00e3o verbal do vereador Jo\u00e3o Martins"}, {"id": "422", "ano": "2019", "numero": "34", "tipo__sigla": "MEM", "tipo__descricao": "Memorando", "assunto": "Memorando para viagem a BH,  reuni\u00e3o na COPASA"}, {"id": "439", "ano": "2019", "numero": "34", "tipo__sigla": "COMDE", "tipo__descricao": "COMUNICADO/DESPACHO", "assunto": "Retifica\u00e7\u00e3o do Edital 001/2019 aquisi\u00e7\u00e3o de minissalgados e minip\u00e3es de queijo."}, {"id": "468", "ano": "2019", "numero": "34", "tipo__sigla": "REV", "tipo__descricao": "Relat\u00f3rios de rodagem do ve\u00edculo e outros", "assunto": "Levar o funcion\u00e1rio Luiz Gustavo na casa do Luiz Felipe para colher assinatura e ir na secretaria de educa\u00e7\u00e3o convocar a secret\u00e1ria para reuni\u00e3o do dia 26-03-2019"}, {"id": "551", "ano": "2019", "numero": "34", "tipo__sigla": "OR", "tipo__descricao": "OF\u00cdCIOS RECEBIDOS", "assunto": "Of\u00edcio n\u00ba 125/2019 - Executivo"}, {"id": "653", "ano": "2019", "numero": "34", "tipo__sigla": "OLIC", "tipo__descricao": "Of\u00edcio de Licita\u00e7\u00e3o", "assunto": "Of\u00edcio pra Presid\u00eancia - Juntada  de folha de ponto e pagamento e encerramento do processo adm."}, {"id": "858", "ano": "2019", "numero": "34", "tipo__sigla": "PARE", "tipo__descricao": "PARECER", "assunto": "2\u00ba Parecer Jur\u00eddico referente \u00e0 LDO"}, {"id": "1203", "ano": "2019", "numero": "34", "tipo__sigla": "ARO", "tipo__descricao": "ATAS DAS REUNI\u00d5ES ORDIN\u00c1RIAS", "assunto": "Ata da 32\u00aa reuni\u00e3o ordin\u00e1ria realizada no dia 22 de outubro de 2019."}, {"id": "1242", "ano": "2019", "numero": "34", "tipo__sigla": "AT", "tipo__descricao": "ATESTADO", "assunto": "Atestado Medico"}, {"id": "1307", "ano": "2019", "numero": "34", "tipo__sigla": "DMP", "tipo__descricao": "Documentos de tribunais e do Minist\u00e9rio P\u00fablico", "assunto": "Of\u00edcio n\u00ba 1092/2019/3\u00aaPJ-TP\r\nSolicita informa\u00e7\u00f5es"}, {"id": "1334", "ano": "2019", "numero": "34", "tipo__sigla": "OVC", "tipo__descricao": "Of\u00edcio de Vereador/Comiss\u00e3o", "assunto": "INFORMA\u00c7\u00c3O"}, {"id": "316", "ano": "2019", "numero": "35", "tipo__sigla": "OFEXP", "tipo__descricao": "Of\u00edcio Expedido", "assunto": "RESPONDE OF\u00cdCIO 019/2019 DO MP DE CONTAS DO ESTADO DE MINAS GERAIS"}, {"id": "423", "ano": "2019", "numero": "35", "tipo__sigla": "MEM", "tipo__descricao": "Memorando", "assunto": "memorando curso em BH"}, {"id": "472", "ano": "2019", "numero": "35", "tipo__sigla": "COMDE", "tipo__descricao": "COMUNICADO/DESPACHO", "assunto": "Informa\u00e7\u00e3o"}, {"id": "494", "ano": "2019", "numero": "35", "tipo__sigla": "REV", "tipo__descricao": "Relat\u00f3rios de rodagem do ve\u00edculo e outros", "assunto": "Levar ex funcion\u00e1ria Maisa em Varginha depois de ter participado otiva do PA processo administrativo"}, {"id": "552", "ano": "2019", "numero": "35", "tipo__sigla": "OR", "tipo__descricao": "OF\u00cdCIOS RECEBIDOS", "assunto": "Of\u00edcio n\u00ba 126/2019 - Executivo"}, {"id": "655", "ano": "2019", "numero": "35", "tipo__sigla": "OLIC", "tipo__descricao": "Of\u00edcio de Licita\u00e7\u00e3o", "assunto": "Relat\u00f3rio da Comiss\u00e3o - Processo Licitat\u00f3rio 05 - Material de Expediente"}, {"id": "879", "ano": "2019", "numero": "35", "tipo__sigla": "PARE", "tipo__descricao": "PARECER", "assunto": "Parecer Jur\u00eddico referente ao Projeto de Lei 13 de 2019"}, {"id": "1215", "ano": "2019", "numero": "35", "tipo__sigla": "ARO", "tipo__descricao": "ATAS DAS REUNI\u00d5ES ORDIN\u00c1RIAS", "assunto": "33\u00aa ata"}, {"id": "1251", "ano": "2019", "numero": "35", "tipo__sigla": "AT", "tipo__descricao": "ATESTADO", "assunto": "Atestado 18/11/2019"}, {"id": "1308", "ano": "2019", "numero": "35", "tipo__sigla": "DMP", "tipo__descricao": "Documentos de tribunais e do Minist\u00e9rio P\u00fablico", "assunto": "Of\u00edco 1085/2019/3\u00aaPJ-TP\r\nComunica Arquivamento"}, {"id": "317", "ano": "2019", "numero": "36", "tipo__sigla": "OFEXP", "tipo__descricao": "Of\u00edcio Expedido", "assunto": "informa\u00e7\u00e3o a respeito do projeto de lei 22/2018"}, {"id": "424", "ano": "2019", "numero": "36", "tipo__sigla": "MEM", "tipo__descricao": "Memorando", "assunto": "memorando curso em BH"}, {"id": "486", "ano": "2019", "numero": "36", "tipo__sigla": "COMDE", "tipo__descricao": "COMUNICADO/DESPACHO", "assunto": "O Presidente da C\u00e2mara Municipal de Santana da Vargem, vem, por meio deste, informar que o Preg\u00e3o Presencial para Registro de Pre\u00e7os N\u00ba 001/2019 Objeto: A presente licita\u00e7\u00e3o tem por objeto o registro de pre\u00e7o para a aquisi\u00e7\u00e3o futura e eventual de minissalgados e minip\u00e3es de queijo, conforme especifica\u00e7\u00f5es contidas no Termo de Refer\u00eancia, anexo I do Edital ocorrer\u00e1 em nova data, dia 10/04/2019."}, {"id": "495", "ano": "2019", "numero": "36", "tipo__sigla": "REV", "tipo__descricao": "Relat\u00f3rios de rodagem do ve\u00edculo e outros", "assunto": "Levar funcion\u00e1rio Kainne na Caixa Economica federal para pagar consignado e no minist\u00e9rio publico protocolar documentos de resposta"}, {"id": "585", "ano": "2019", "numero": "36", "tipo__sigla": "OR", "tipo__descricao": "OF\u00cdCIOS RECEBIDOS", "assunto": "Informa\u00e7\u00e3o ao oficio n\u00b0 93/2019"}, {"id": "658", "ano": "2019", "numero": "36", "tipo__sigla": "OLIC", "tipo__descricao": "Of\u00edcio de Licita\u00e7\u00e3o", "assunto": "Relat\u00f3rio de Comiss\u00e3o - Processo Licitat\u00f3rio n\u00ba 06 - Padaria"}, {"id": "887", "ano": "2019", "numero": "36", "tipo__sigla": "PARE", "tipo__descricao": "PARECER", "assunto": "Parecer Jur\u00eddico - Veto Projeto de Cargos e Sal\u00e1rios da C\u00e2mara"}, {"id": "1218", "ano": "2019", "numero": "36", "tipo__sigla": "ARO", "tipo__descricao": "ATAS DAS REUNI\u00d5ES ORDIN\u00c1RIAS", "assunto": "ATA 34\u00aa R. ORDIN\u00c1RIA"}, {"id": "1269", "ano": "2019", "numero": "36", "tipo__sigla": "AT", "tipo__descricao": "ATESTADO", "assunto": "Atestado Medico"}, {"id": "1356", "ano": "2019", "numero": "36", "tipo__sigla": "DMP", "tipo__descricao": "Documentos de tribunais e do Minist\u00e9rio P\u00fablico", "assunto": "Solicita informa\u00e7\u00f5es Not\u00edcia de Fato n\u00ba MPMG-0694.19.00044-0"}, {"id": "320", "ano": "2019", "numero": "37", "tipo__sigla": "OFEXP", "tipo__descricao": "Of\u00edcio Expedido", "assunto": "Informa\u00e7\u00e3o de prazo para a Comiss\u00e3o de legisla\u00e7\u00e3o, justi\u00e7a e reda\u00e7\u00e3o final"}, {"id": "425", "ano": "2019", "numero": "37", "tipo__sigla": "MEM", "tipo__descricao": "Memorando", "assunto": "memorando curso em BH"}, {"id": "491", "ano": "2019", "numero": "37", "tipo__sigla": "COMDE", "tipo__descricao": "COMUNICADO/DESPACHO", "assunto": "Aviso Preg\u00e3o Material de Expediente"}, {"id": "497", "ano": "2019", "numero": "37", "tipo__sigla": "REV", "tipo__descricao": "Relat\u00f3rios de rodagem do ve\u00edculo e outros", "assunto": "Levar funcion\u00e1rio Ruiter para entregar documentos para processo de licita\u00e7\u00e3o do port\u00e3o \r\nkm(71.915) (71.918)"}, {"id": "586", "ano": "2019", "numero": "37", "tipo__sigla": "OR", "tipo__descricao": "OF\u00cdCIOS RECEBIDOS", "assunto": "Informa\u00e7\u00f5es ao oficio n\u00b0 92/2019"}, {"id": "703", "ano": "2019", "numero": "37", "tipo__sigla": "OLIC", "tipo__descricao": "Of\u00edcio de Licita\u00e7\u00e3o", "assunto": "Relat\u00f3rio Comiss\u00e3o - Dispensa - Port\u00e3o Eletr\u00f4nico"}, {"id": "903", "ano": "2019", "numero": "37", "tipo__sigla": "PARE", "tipo__descricao": "PARECER", "assunto": "Atestado M\u00e9dico Tuillis"}, {"id": "1236", "ano": "2019", "numero": "37", "tipo__sigla": "ARO", "tipo__descricao": "ATAS DAS REUNI\u00d5ES ORDIN\u00c1RIAS", "assunto": "Ata 12\u00aa R. Extraordin\u00e1ria"}, {"id": "1270", "ano": "2019", "numero": "37", "tipo__sigla": "AT", "tipo__descricao": "ATESTADO", "assunto": "Atestado medico"}, {"id": "1357", "ano": "2019", "numero": "37", "tipo__sigla": "DMP", "tipo__descricao": "Documentos de tribunais e do Minist\u00e9rio P\u00fablico", "assunto": "Encaminha c\u00f3pia Noticia de Fato MPMG 0694.19.000447-3"}, {"id": "326", "ano": "2019", "numero": "38", "tipo__sigla": "OFEXP", "tipo__descricao": "Of\u00edcio Expedido", "assunto": "CONVOCA SECRET\u00c1RIA MUNICIPAL DE EDUCA\u00c7\u00c3O"}, {"id": "427", "ano": "2019", "numero": "38", "tipo__sigla": "MEM", "tipo__descricao": "Memorando", "assunto": "MEMORANDO VIAGEM A BH"}, {"id": "498", "ano": "2019", "numero": "38", "tipo__sigla": "REV", "tipo__descricao": "Relat\u00f3rios de rodagem do ve\u00edculo e outros", "assunto": "Levar a funcion\u00e1ria Kainne no sindicato dos trabalhadores rurais para pegar assinatura da secretaria Silmara e levar os funcion\u00e1rios Ruiter Luiz Gustavo para intimar e levar oficio para o funcionario Cleber \r\nkm(71.958) (71.962)"}, {"id": "502", "ano": "2019", "numero": "38", "tipo__sigla": "COMDE", "tipo__descricao": "COMUNICADO/DESPACHO", "assunto": "Aviso de Preg\u00e3o 003-2019 aquisi\u00e7\u00e3o de g\u00eaneros aliment\u00edcios, conforme demanda, \u00e0 medida que houver necessidade, durante 12 (doze) meses consecutivos"}, {"id": "598", "ano": "2019", "numero": "38", "tipo__sigla": "OR", "tipo__descricao": "OF\u00cdCIOS RECEBIDOS", "assunto": "Solicita\u00e7\u00e3o"}, {"id": "734", "ano": "2019", "numero": "38", "tipo__sigla": "OLIC", "tipo__descricao": "Of\u00edcio de Licita\u00e7\u00e3o", "assunto": "Solicita\u00e7\u00e3o de pre\u00e7o de bateria automotiva para o renault fluence da C\u00e2mara Municipal."}, {"id": "904", "ano": "2019", "numero": "38", "tipo__sigla": "PARE", "tipo__descricao": "PARECER", "assunto": "Parecer Jur\u00eddico - Aux\u00edlio Alimenta\u00e7\u00e3o Servidor P\u00fablico."}, {"id": "1256", "ano": "2019", "numero": "38", "tipo__sigla": "ARO", "tipo__descricao": "ATAS DAS REUNI\u00d5ES ORDIN\u00c1RIAS", "assunto": "Ata da 35\u00aa reuni\u00e3o ordin\u00e1ria do dia 19 de novembro de 2019."}, {"id": "1271", "ano": "2019", "numero": "38", "tipo__sigla": "AT", "tipo__descricao": "ATESTADO", "assunto": "Atestado medico"}, {"id": "1364", "ano": "2019", "numero": "38", "tipo__sigla": "DMP", "tipo__descricao": "Documentos de tribunais e do Minist\u00e9rio P\u00fablico", "assunto": "Requisita informa\u00e7\u00f5es - Procedimento Preparat\u00f3rio n\u00ba MPMG-0694.19.000445-7"}, {"id": "327", "ano": "2019", "numero": "39", "tipo__sigla": "OFEXP", "tipo__descricao": "Of\u00edcio Expedido", "assunto": "Responde justi\u00e7a eleitoral"}, {"id": "487", "ano": "2019", "numero": "39", "tipo__sigla": "MEM", "tipo__descricao": "Memorando", "assunto": "Solicita\u00e7\u00e3o"}, {"id": "503", "ano": "2019", "numero": "39", "tipo__sigla": "COMDE", "tipo__descricao": "COMUNICADO/DESPACHO", "assunto": "Retira emendas propostas no projeto de lei complementar n\u00ba 03/2018"}, {"id": "517", "ano": "2019", "numero": "39", "tipo__sigla": "REV", "tipo__descricao": "Relat\u00f3rios de rodagem do ve\u00edculo e outros", "assunto": "Participar da reuni\u00e3o na copasa e no indi e levar vereador Expedito no Hotel Normandy"}, {"id": "601", "ano": "2019", "numero": "39", "tipo__sigla": "OR", "tipo__descricao": "OF\u00cdCIOS RECEBIDOS", "assunto": "Solicita\u00e7\u00e3o com base na Lei n\u00b0 1.473 de dezembro de 2018, solicitar a indica\u00e7\u00e3o de um membro representante do Legislativo"}, {"id": "758", "ano": "2019", "numero": "39", "tipo__sigla": "OLIC", "tipo__descricao": "Of\u00edcio de Licita\u00e7\u00e3o", "assunto": "Encaminhar a Conecta c\u00f3pia do recurso impetrado pela propriet\u00e1ria da licitante Yupnet."}, {"id": "910", "ano": "2019", "numero": "39", "tipo__sigla": "PARE", "tipo__descricao": "PARECER", "assunto": "Parecer Jur\u00eddico ao projeto de Lei 16 de 2019"}, {"id": "1276", "ano": "2019", "numero": "39", "tipo__sigla": "ARO", "tipo__descricao": "ATAS DAS REUNI\u00d5ES ORDIN\u00c1RIAS", "assunto": "Ata 36\u00aa Reuni\u00e3o Ordin\u00e1ria"}, {"id": "1293", "ano": "2019", "numero": "39", "tipo__sigla": "AT", "tipo__descricao": "ATESTADO", "assunto": "Atestado Medico"}, {"id": "330", "ano": "2019", "numero": "40", "tipo__sigla": "OFEXP", "tipo__descricao": "Of\u00edcio Expedido", "assunto": "Responde of\u00edcio 127/2019 3\u00aa PJ-TP"}, {"id": "506", "ano": "2019", "numero": "40", "tipo__sigla": "MEM", "tipo__descricao": "Memorando", "assunto": "Solicita\u00e7\u00e3o de di\u00e1rias, curso em BH dias 4 e 5 de abril"}, {"id": "519", "ano": "2019", "numero": "40", "tipo__sigla": "REV", "tipo__descricao": "Relat\u00f3rios de rodagem do ve\u00edculo e outros", "assunto": "Levar carro para lavar e abastecer e calibrar os pneus"}, {"id": "608", "ano": "2019", "numero": "40", "tipo__sigla": "OR", "tipo__descricao": "OF\u00cdCIOS RECEBIDOS", "assunto": "Informa\u00e7\u00e3o Laudo de Avalia\u00e7\u00e3o de Im\u00f3vel"}, {"id": "804", "ano": "2019", "numero": "40", "tipo__sigla": "OLIC", "tipo__descricao": "Of\u00edcio de Licita\u00e7\u00e3o", "assunto": "Relat\u00f3rio Comiss\u00e3o de Licita\u00e7\u00e3o - Provedor de Internet."}, {"id": "913", "ano": "2019", "numero": "40", "tipo__sigla": "PARE", "tipo__descricao": "PARECER", "assunto": "Parecer Jur\u00eddico - Dispensa de Licita\u00e7\u00e3o para uniformes"}, {"id": "1302", "ano": "2019", "numero": "40", "tipo__sigla": "ARO", "tipo__descricao": "ATAS DAS REUNI\u00d5ES ORDIN\u00c1RIAS", "assunto": "37\u00aa Reuni\u00e3o Ordin\u00e1ria"}, {"id": "1310", "ano": "2019", "numero": "40", "tipo__sigla": "AT", "tipo__descricao": "ATESTADO", "assunto": "Atestado"}, {"id": "331", "ano": "2019", "numero": "41", "tipo__sigla": "OFEXP", "tipo__descricao": "Of\u00edcio Expedido", "assunto": "SOLICITA DOCUMENTOS"}, {"id": "507", "ano": "2019", "numero": "41", "tipo__sigla": "MEM", "tipo__descricao": "Memorando", "assunto": "Memorando motorista"}, {"id": "533", "ano": "2019", "numero": "41", "tipo__sigla": "REV", "tipo__descricao": "Relat\u00f3rios de rodagem do ve\u00edculo e outros", "assunto": "Buscar a funcion\u00e1ria Jayciara no curso em BH"}, {"id": "562", "ano": "2019", "numero": "41", "tipo__sigla": "COMDE", "tipo__descricao": "COMUNICADO/DESPACHO", "assunto": "AVISO DE MODIFICA\u00c7\u00c3O DE DATA DE LICITA\u00c7\u00c3O E RETIFICA\u00c7\u00c3O DO EDITAL 002-2019 aquisi\u00e7\u00e3o de material de Expediente."}, {"id": "609", "ano": "2019", "numero": "41", "tipo__sigla": "OR", "tipo__descricao": "OF\u00cdCIOS RECEBIDOS", "assunto": "Resposta ao oficio n\u00b0.094/2019"}, {"id": "816", "ano": "2019", "numero": "41", "tipo__sigla": "OLIC", "tipo__descricao": "Of\u00edcio de Licita\u00e7\u00e3o", "assunto": "Solicita \u00e0s empresas pre\u00e7o de medalhas e placas para homenagens e quadro."}, {"id": "915", "ano": "2019", "numero": "41", "tipo__sigla": "PARE", "tipo__descricao": "PARECER", "assunto": "Parecer Jur\u00eddico (Projeto de Lei 15)"}, {"id": "1323", "ano": "2019", "numero": "41", "tipo__sigla": "ARO", "tipo__descricao": "ATAS DAS REUNI\u00d5ES ORDIN\u00c1RIAS", "assunto": "38\u00aa Reuni\u00e3o Ordin\u00e1ria"}, {"id": "1346", "ano": "2019", "numero": "41", "tipo__sigla": "AT", "tipo__descricao": "ATESTADO", "assunto": "Atestado Medico"}, {"id": "332", "ano": "2019", "numero": "42", "tipo__sigla": "OFEXP", "tipo__descricao": "Of\u00edcio Expedido", "assunto": "Concede f\u00e9rias"}, {"id": "509", "ano": "2019", "numero": "42", "tipo__sigla": "MEM", "tipo__descricao": "Memorando", "assunto": "Solicita\u00e7\u00e3o de di\u00e1rias para curso em BH dias 4 e 5 de abril de 2019"}, {"id": "534", "ano": "2019", "numero": "42", "tipo__sigla": "REV", "tipo__descricao": "Relat\u00f3rios de rodagem do ve\u00edculo e outros", "assunto": "Levar funcion\u00e1ria Kainne no sindicato para colher assinatura da secret\u00e1ria e no Banco do Brasil \r\nKM( 73.066) (73.068)"}, {"id": "572", "ano": "2019", "numero": "42", "tipo__sigla": "COMDE", "tipo__descricao": "COMUNICADO/DESPACHO", "assunto": "O Presidente da C\u00e2mara Municipal de Santana da Vargem, vem, por meio deste, informar que ser\u00e1 realizado licita\u00e7\u00e3o na modalidade PREG\u00c3O PRESENCIAL, do tipo MENOR PRE\u00c7O, objetivando o REGISTRO DE PRE\u00c7OS para a aquisi\u00e7\u00e3o eventual e futura de produtos de limpeza e higiene e utilidades dom\u00e9sticas cuja descri\u00e7\u00e3o est\u00e1 contida no termo de refer\u00eancia 007-2019 - Preg\u00e3o Presencial para Registro de Pre\u00e7os N\u00ba 004/2019."}, {"id": "610", "ano": "2019", "numero": "42", "tipo__sigla": "OR", "tipo__descricao": "OF\u00cdCIOS RECEBIDOS", "assunto": "Informa\u00e7\u00e3o a minuta do contrato de concess\u00e3o do direito real de uso de bem im\u00f3vel, apresentado pelo servidor p\u00fablico Luiz de F\u00e1tima Concei\u00e7\u00e3o"}, {"id": "856", "ano": "2019", "numero": "42", "tipo__sigla": "OLIC", "tipo__descricao": "Of\u00edcio de Licita\u00e7\u00e3o", "assunto": "Presidente solicita cota\u00e7\u00e3o de uniformes e camisas para o pj."}, {"id": "976", "ano": "2019", "numero": "42", "tipo__sigla": "PARE", "tipo__descricao": "PARECER", "assunto": "Parecer Jur\u00eddico Dispensa de Licita\u00e7\u00e3o (Porta)"}, {"id": "1327", "ano": "2019", "numero": "42", "tipo__sigla": "ARO", "tipo__descricao": "ATAS DAS REUNI\u00d5ES ORDIN\u00c1RIAS", "assunto": "O Contador da Prefeitura Silvio Cesar Miranda, compareceu para a realiza\u00e7\u00e3o da audi\u00eancia publica, conforme Of\u00edcio 425/2019, para apresenta\u00e7\u00e3o e avalia\u00e7\u00e3o dos relat\u00f3rios de metas fiscais da LRF. Apresentou o RGF do primeiro semestre de 2019 e o RREO do quinto bimestre, contendo os dados a serem apresentados. Como n\u00e3o houve comparecimento de nenhum cidad\u00e3o, os documentos ficam a disposi\u00e7\u00e3o para aqueles que desejarem analisar."}, {"id": "1348", "ano": "2019", "numero": "42", "tipo__sigla": "AT", "tipo__descricao": "ATESTADO", "assunto": "Atestado Medico"}, {"id": "340", "ano": "2019", "numero": "43", "tipo__sigla": "OFEXP", "tipo__descricao": "Of\u00edcio Expedido", "assunto": "encaminha indica\u00e7\u00e3o"}, {"id": "536", "ano": "2019", "numero": "43", "tipo__sigla": "REV", "tipo__descricao": "Relat\u00f3rios de rodagem do ve\u00edculo e outros", "assunto": "Levar projeto no escrit\u00f3rio do Tuillis"}, {"id": "538", "ano": "2019", "numero": "43", "tipo__sigla": "MEM", "tipo__descricao": "Memorando", "assunto": "Memorando Luiz Felipe - Parlamento Jovem"}, {"id": "580", "ano": "2019", "numero": "43", "tipo__sigla": "COMDE", "tipo__descricao": "COMUNICADO/DESPACHO", "assunto": "AVISO DE MODIFICA\u00c7\u00c3O DE DATA DE LICITA\u00c7\u00c3O E RETIFICA\u00c7\u00c3O DO EDITAL 003-2019 - Aquisi\u00e7\u00e3o de g\u00eaneros aliment\u00edcios."}, {"id": "638", "ano": "2019", "numero": "43", "tipo__sigla": "OR", "tipo__descricao": "OF\u00cdCIOS RECEBIDOS", "assunto": "Informa\u00e7\u00f5es ao n\u00b0 102/2019-C\u00e2mara Municipal"}, {"id": "886", "ano": "2019", "numero": "43", "tipo__sigla": "OLIC", "tipo__descricao": "Of\u00edcio de Licita\u00e7\u00e3o", "assunto": "Nova solicita\u00e7\u00e3o de cota\u00e7\u00e3o de confec\u00e7\u00e3o de uniformes para os funcion\u00e1rios da c\u00e2mara e para os membros do PJ."}, {"id": "989", "ano": "2019", "numero": "43", "tipo__sigla": "PARE", "tipo__descricao": "PARECER", "assunto": "Parecer Jur\u00eddico referente ao Projeto de Lei 19 de 2019"}, {"id": "1366", "ano": "2019", "numero": "43", "tipo__sigla": "ARO", "tipo__descricao": "ATAS DAS REUNI\u00d5ES ORDIN\u00c1RIAS", "assunto": "40\u00aa Reuni\u00e3o Ordinaria"}, {"id": "341", "ano": "2019", "numero": "44", "tipo__sigla": "OFEXP", "tipo__descricao": "Of\u00edcio Expedido", "assunto": "encaminha indica\u00e7\u00e3o"}, {"id": "539", "ano": "2019", "numero": "44", "tipo__sigla": "MEM", "tipo__descricao": "Memorando", "assunto": "Memorando Luiz Gustavo Parlamento Jovem"}, {"id": "547", "ano": "2019", "numero": "44", "tipo__sigla": "REV", "tipo__descricao": "Relat\u00f3rios de rodagem do ve\u00edculo e outros", "assunto": "Levar o carro para abastecer p/viagem para BH de madrugada \r\nkm(73.068) (73.069)"}, {"id": "583", "ano": "2019", "numero": "44", "tipo__sigla": "COMDE", "tipo__descricao": "COMUNICADO/DESPACHO", "assunto": "Comunicado"}, {"id": "642", "ano": "2019", "numero": "44", "tipo__sigla": "OR", "tipo__descricao": "OF\u00cdCIOS RECEBIDOS", "assunto": "Requerer o Regime de Urg\u00eancia Especial ao o Projeto de Lei n\u00b003, de 26 de mar\u00e7o de 2019"}, {"id": "947", "ano": "2019", "numero": "44", "tipo__sigla": "OLIC", "tipo__descricao": "Of\u00edcio de Licita\u00e7\u00e3o", "assunto": "Presidente solicita cota\u00e7\u00e3o de porta de vidro fum\u00ea para a entrada do plen\u00e1rio da C\u00e2mara."}, {"id": "998", "ano": "2019", "numero": "44", "tipo__sigla": "PARE", "tipo__descricao": "PARECER", "assunto": "Parecer Jur\u00eddico - Dispensa de Licita\u00e7\u00e3o (Bandeiras)"}, {"id": "1368", "ano": "2019", "numero": "44", "tipo__sigla": "ARO", "tipo__descricao": "ATAS DAS REUNI\u00d5ES ORDIN\u00c1RIAS", "assunto": "14\u00aa Reuni\u00e3o Extraordin\u00e1ria"}, {"id": "342", "ano": "2019", "numero": "45", "tipo__sigla": "OFEXP", "tipo__descricao": "Of\u00edcio Expedido", "assunto": "encaminha indica\u00e7\u00e3o"}, {"id": "540", "ano": "2019", "numero": "45", "tipo__sigla": "MEM", "tipo__descricao": "Memorando", "assunto": "Memorando Ruiter Parlamento Jovem"}, {"id": "549", "ano": "2019", "numero": "45", "tipo__sigla": "REV", "tipo__descricao": "Relat\u00f3rios de rodagem do ve\u00edculo e outros", "assunto": "Relat\u00f3rio de viajem"}, {"id": "604", "ano": "2019", "numero": "45", "tipo__sigla": "COMDE", "tipo__descricao": "COMUNICADO/DESPACHO", "assunto": "Informa que ser\u00e1 realizado licita\u00e7\u00e3o na modalidade PREG\u00c3O PRESENCIAL, do tipo MENOR PRE\u00c7O, objetivando o REGISTRO DE PRE\u00c7OS para a aquisi\u00e7\u00e3o eventual e futura de produtos de panifica\u00e7\u00e3o, leite e derivados."}, {"id": "679", "ano": "2019", "numero": "45", "tipo__sigla": "OR", "tipo__descricao": "OF\u00cdCIOS RECEBIDOS", "assunto": "Solicita a prorroga\u00e7\u00e3o de mais prazo. Resposta do Oficio 101/2019"}, {"id": "970", "ano": "2019", "numero": "45", "tipo__sigla": "OLIC", "tipo__descricao": "Of\u00edcio de Licita\u00e7\u00e3o", "assunto": "Cancelando a portaria 016/2019"}, {"id": "1019", "ano": "2019", "numero": "45", "tipo__sigla": "PARE", "tipo__descricao": "PARECER", "assunto": "Parecer Jur\u00eddico - Dispensa de Licita\u00e7\u00e3o (Concurso P\u00fablico)"}, {"id": "1371", "ano": "2019", "numero": "45", "tipo__sigla": "ARO", "tipo__descricao": "ATAS DAS REUNI\u00d5ES ORDIN\u00c1RIAS", "assunto": "13\u00aa R. Extraordin\u00e1ria"}, {"id": "343", "ano": "2019", "numero": "46", "tipo__sigla": "OFEXP", "tipo__descricao": "Of\u00edcio Expedido", "assunto": "encaminha indica\u00e7\u00e3o"}, {"id": "542", "ano": "2019", "numero": "46", "tipo__sigla": "MEM", "tipo__descricao": "Memorando", "assunto": "curso parcelamento de solo, 15 e 16/04"}, {"id": "550", "ano": "2019", "numero": "46", "tipo__sigla": "REV", "tipo__descricao": "Relat\u00f3rios de rodagem do ve\u00edculo e outros", "assunto": "Relat\u00f3rio de viajem"}, {"id": "614", "ano": "2019", "numero": "46", "tipo__sigla": "COMDE", "tipo__descricao": "COMUNICADO/DESPACHO", "assunto": "Informa sobre o cancelamento dos emails antigos."}, {"id": "727", "ano": "2019", "numero": "46", "tipo__sigla": "OR", "tipo__descricao": "OF\u00cdCIOS RECEBIDOS", "assunto": "Prefeito solicita respostas sobre questionamentos acerca reda\u00e7\u00e3o final do projeto de lei 014/2019."}, {"id": "1026", "ano": "2019", "numero": "46", "tipo__sigla": "PARE", "tipo__descricao": "PARECER", "assunto": "Parecer Jur\u00eddico referente ao Projeto de Lei 002/2019 (Legislativo)"}, {"id": "1144", "ano": "2019", "numero": "46", "tipo__sigla": "OLIC", "tipo__descricao": "Of\u00edcio de Licita\u00e7\u00e3o", "assunto": "Cota\u00e7\u00e3o de pre\u00e7o"}, {"id": "1372", "ano": "2019", "numero": "46", "tipo__sigla": "ARO", "tipo__descricao": "ATAS DAS REUNI\u00d5ES ORDIN\u00c1RIAS", "assunto": "39\u00aa Reuni\u00e3o Ordinaria"}, {"id": "344", "ano": "2019", "numero": "47", "tipo__sigla": "OFEXP", "tipo__descricao": "Of\u00edcio Expedido", "assunto": "solicita informa\u00e7\u00f5es referente a ilumina\u00e7\u00e3o publica"}, {"id": "543", "ano": "2019", "numero": "47", "tipo__sigla": "MEM", "tipo__descricao": "Memorando", "assunto": "curso parcelamento de solo, 15 e 16/04"}, {"id": "564", "ano": "2019", "numero": "47", "tipo__sigla": "REV", "tipo__descricao": "Relat\u00f3rios de rodagem do ve\u00edculo e outros", "assunto": "Levar funcion\u00e1ria Jayciara para fazer curso no AMM e no hotel Rio Jord\u00e3o \r\nObs: pedra espirrada da pista bateu no parabrisa, trincou pouco mais trincou na rodovia 381 fern\u00e3odias  km\r\ne fazer rodizio dos pneus"}, {"id": "619", "ano": "2019", "numero": "47", "tipo__sigla": "COMDE", "tipo__descricao": "COMUNICADO/DESPACHO", "assunto": "AVISO DE MODIFICA\u00c7\u00c3O DE REMARCA\u00c7\u00c3O DE DATA DE LICITA\u00c7\u00c3O - Preg\u00e3o Presencial para Registro de Pre\u00e7os N\u00ba 002/2019 - aquisi\u00e7\u00e3o de material de expediente."}, {"id": "760", "ano": "2019", "numero": "47", "tipo__sigla": "OR", "tipo__descricao": "OF\u00cdCIOS RECEBIDOS", "assunto": "Solicita\u00e7\u00e3o"}, {"id": "1028", "ano": "2019", "numero": "47", "tipo__sigla": "PARE", "tipo__descricao": "PARECER", "assunto": "Parecer Jur\u00eddico referente ao Projeto de Lei 18 de 2019"}, {"id": "1230", "ano": "2019", "numero": "47", "tipo__sigla": "OLIC", "tipo__descricao": "Of\u00edcio de Licita\u00e7\u00e3o", "assunto": "Solicita arquivamento do processo licitat\u00f3rio 14/19"}, {"id": "349", "ano": "2019", "numero": "48", "tipo__sigla": "OFEXP", "tipo__descricao": "Of\u00edcio Expedido", "assunto": "Encaminha of\u00edcio 054/2019 para a comiss\u00e3o de Finan\u00e7as e Or\u00e7amentos"}, {"id": "544", "ano": "2019", "numero": "48", "tipo__sigla": "MEM", "tipo__descricao": "Memorando", "assunto": "curso parcelamento de solo, 15 e 16/04"}, {"id": "565", "ano": "2019", "numero": "48", "tipo__sigla": "REV", "tipo__descricao": "Relat\u00f3rios de rodagem do ve\u00edculo e outros", "assunto": "Levar carro p/ abastecer por motivo de viagem na madrugada e o posto estar fechado (Domingo) q"}, {"id": "630", "ano": "2019", "numero": "48", "tipo__sigla": "COMDE", "tipo__descricao": "COMUNICADO/DESPACHO", "assunto": "Comunica que o Preg\u00e3o Presencial para Registro de Pre\u00e7os N\u00ba 003/2019 - aquisi\u00e7\u00e3o de produtos de limpeza, higiene e utilidades dom\u00e9sticas, foi remarcado para quarta-feira dia 16 de maio de 2019."}, {"id": "761", "ano": "2019", "numero": "48", "tipo__sigla": "OR", "tipo__descricao": "OF\u00cdCIOS RECEBIDOS", "assunto": "Raz\u00f5es do VETO"}, {"id": "1046", "ano": "2019", "numero": "48", "tipo__sigla": "PARE", "tipo__descricao": "PARECER", "assunto": "Parecer Jur\u00eddico referente \u00e0 altera\u00e7\u00e3o do projeto de Lei 1.378/15"}, {"id": "1312", "ano": "2019", "numero": "48", "tipo__sigla": "OLIC", "tipo__descricao": "Of\u00edcio de Licita\u00e7\u00e3o", "assunto": "Encerramento de Licita\u00e7\u00e3o"}, {"id": "353", "ano": "2019", "numero": "49", "tipo__sigla": "OFEXP", "tipo__descricao": "Of\u00edcio Expedido", "assunto": "Encaminha reda\u00e7\u00e3o final do projeto de lei referente as f\u00e9rias pr\u00eamio (07-2019)"}, {"id": "545", "ano": "2019", "numero": "49", "tipo__sigla": "MEM", "tipo__descricao": "Memorando", "assunto": "Memorando para o curso da Memory"}, {"id": "566", "ano": "2019", "numero": "49", "tipo__sigla": "REV", "tipo__descricao": "Relat\u00f3rios de rodagem do ve\u00edculo e outros", "assunto": "Concrelongo pegar assinatura do presidente e tr\u00eas pontas levar intima\u00e7\u00e3o para o ex prefeito Vitor Eloi"}, {"id": "652", "ano": "2019", "numero": "49", "tipo__sigla": "COMDE", "tipo__descricao": "COMUNICADO/DESPACHO", "assunto": "Aviso de remarca\u00e7\u00e3o do preg\u00e3o presencial 003-2019 para aquisi\u00e7\u00e3o de g\u00eaneros aliment\u00edcios."}, {"id": "774", "ano": "2019", "numero": "49", "tipo__sigla": "OR", "tipo__descricao": "OF\u00cdCIOS RECEBIDOS", "assunto": "Solicita\u00e7\u00e3o"}, {"id": "1047", "ano": "2019", "numero": "49", "tipo__sigla": "PARE", "tipo__descricao": "PARECER", "assunto": "Parecer Jur\u00eddico referente \u00e0 opera\u00e7\u00e3o de cr\u00e9dito proposta pelo Executivo."}, {"id": "1314", "ano": "2019", "numero": "49", "tipo__sigla": "OLIC", "tipo__descricao": "Of\u00edcio de Licita\u00e7\u00e3o", "assunto": "Solicitando o encerramento e arquivamento do processo licitat\u00f3rio n\u00ba 09/2019."}, {"id": "356", "ano": "2019", "numero": "50", "tipo__sigla": "OFEXP", "tipo__descricao": "Of\u00edcio Expedido", "assunto": "DETERMINA\u00c7\u00c3O AO T\u00c9CNICO CONT\u00c1BIL"}, {"id": "567", "ano": "2019", "numero": "50", "tipo__sigla": "REV", "tipo__descricao": "Relat\u00f3rios de rodagem do ve\u00edculo e outros", "assunto": "Posto vale verde km 74572  (combustivel)"}, {"id": "569", "ano": "2019", "numero": "50", "tipo__sigla": "MEM", "tipo__descricao": "Memorando", "assunto": "Informa\u00e7\u00e3o sobre ocorr\u00eancia de extravio de cheques"}, {"id": "659", "ano": "2019", "numero": "50", "tipo__sigla": "COMDE", "tipo__descricao": "COMUNICADO/DESPACHO", "assunto": "Recomenda\u00e7\u00e3o Administrativa N\u00b002/2017 do MPMG (contesta\u00e7\u00e3o)"}, {"id": "777", "ano": "2019", "numero": "50", "tipo__sigla": "OR", "tipo__descricao": "OF\u00cdCIOS RECEBIDOS", "assunto": "Solicita\u00e7\u00e3o"}, {"id": "1071", "ano": "2019", "numero": "50", "tipo__sigla": "PARE", "tipo__descricao": "PARECER", "assunto": "Parecer Jur\u00eddico referente ao projeto de lei 22 de 2019"}, {"id": "1315", "ano": "2019", "numero": "50", "tipo__sigla": "OLIC", "tipo__descricao": "Of\u00edcio de Licita\u00e7\u00e3o", "assunto": "Encerramento e arquivamento de processo licitat\u00f3rio n\u00ba 012/2019"}, {"id": "361", "ano": "2019", "numero": "51", "tipo__sigla": "OFEXP", "tipo__descricao": "Of\u00edcio Expedido", "assunto": "Projeto de Lei aprovada na Sess\u00e3o Ordin\u00e1ria do dia 26 de fevereiro de 2019"}, {"id": "568", "ano": "2019", "numero": "51", "tipo__sigla": "REV", "tipo__descricao": "Relat\u00f3rios de rodagem do ve\u00edculo e outros", "assunto": "Posto vale verde km 7009  (combustivel)"}, {"id": "620", "ano": "2019", "numero": "51", "tipo__sigla": "MEM", "tipo__descricao": "Memorando", "assunto": "Vereador Marcos Roberto Silva solicita mudan\u00e7a de Data da Sess\u00e3o Ordin\u00e1ria"}, {"id": "667", "ano": "2019", "numero": "51", "tipo__sigla": "COMDE", "tipo__descricao": "COMUNICADO/DESPACHO", "assunto": "O Presidente da C\u00e2mara Municipal de Santana da Vargem, vem, por meio deste, comunicar que o Preg\u00e3o Presencial para Registro de Pre\u00e7os N\u00ba 003/2019 foi remarcado para quarta feira dia 22 de maio de 2019, \u00e0s 9:00h da manh\u00e3."}, {"id": "778", "ano": "2019", "numero": "51", "tipo__sigla": "OR", "tipo__descricao": "OF\u00cdCIOS RECEBIDOS", "assunto": "Solicita\u00e7\u00e3o"}, {"id": "1096", "ano": "2019", "numero": "51", "tipo__sigla": "PARE", "tipo__descricao": "PARECER", "assunto": "Parecer Jur\u00eddico referente REURB"}, {"id": "1316", "ano": "2019", "numero": "51", "tipo__sigla": "OLIC", "tipo__descricao": "Of\u00edcio de Licita\u00e7\u00e3o", "assunto": "Solicitando o encerramento e arquivamento do processo licitat\u00f3rio n\u00ba 013/2019"}, {"id": "372", "ano": "2019", "numero": "52", "tipo__sigla": "OFEXP", "tipo__descricao": "Of\u00edcio Expedido", "assunto": "encaminha indica\u00e7\u00e3o 07/2019 - Rodrigo Scalioni"}, {"id": "588", "ano": "2019", "numero": "52", "tipo__sigla": "REV", "tipo__descricao": "Relat\u00f3rios de rodagem do ve\u00edculo e outros", "assunto": "Levar o funcion\u00e1rio Ruiter no Minist\u00e9rio Publico para protocolar oficio"}, {"id": "628", "ano": "2019", "numero": "52", "tipo__sigla": "MEM", "tipo__descricao": "Memorando", "assunto": "Emerson comunica que n\u00e3o mais far\u00e1 parte da Comiss\u00e3o de Licita\u00e7\u00e3o."}, {"id": "684", "ano": "2019", "numero": "52", "tipo__sigla": "COMDE", "tipo__descricao": "COMUNICADO/DESPACHO", "assunto": "Comunica realiza\u00e7\u00e3o de preg\u00e3o presencial para contrata\u00e7\u00e3o de empresa para fornecer internet \u00e0 C\u00e2mara Municipal de Santana da Vargem - Preg\u00e3o dia 29 de maio de 2019, \u00e0s 10:00h da manh\u00e3."}, {"id": "786", "ano": "2019", "numero": "52", "tipo__sigla": "OR", "tipo__descricao": "OF\u00cdCIOS RECEBIDOS", "assunto": "Solicita\u00e7\u00e3o"}, {"id": "1104", "ano": "2019", "numero": "52", "tipo__sigla": "PARE", "tipo__descricao": "PARECER", "assunto": "Mat\u00e9ria: Projeto de Lei N\u00ba: 023/2019"}, {"id": "1317", "ano": "2019", "numero": "52", "tipo__sigla": "OLIC", "tipo__descricao": "Of\u00edcio de Licita\u00e7\u00e3o", "assunto": "Relat\u00f3rio de licita\u00e7\u00e3o n\u00b010/2019"}, {"id": "373", "ano": "2019", "numero": "53", "tipo__sigla": "OFEXP", "tipo__descricao": "Of\u00edcio Expedido", "assunto": "Encaminha indica\u00e7\u00f5es"}, {"id": "617", "ano": "2019", "numero": "53", "tipo__sigla": "REV", "tipo__descricao": "Relat\u00f3rios de rodagem do ve\u00edculo e outros", "assunto": "Levar o presidente no MInisterio Publico acompanhado pelo procurado Felipe Tom\u00e9 \r\nObs: parou na lanchonete do Nei pr\u00f3ximo a Fiat no caminho de volta para tomar caf\u00e9 e que o presidente possa pedir para arrumar o port\u00e3o"}, {"id": "660", "ano": "2019", "numero": "53", "tipo__sigla": "MEM", "tipo__descricao": "Memorando", "assunto": "Solicita\u00e7\u00e3o de diarias"}, {"id": "689", "ano": "2019", "numero": "53", "tipo__sigla": "COMDE", "tipo__descricao": "COMUNICADO/DESPACHO", "assunto": "O Presidente da C\u00e2mara Municipal de Santana da Vargem, vem, por meio deste, informar que ser\u00e1\r\nremarcado a licita\u00e7\u00e3o na modalidade PREG\u00c3O PRESENCIAL, do tipo MENOR PRE\u00c7O, objetivando o\r\nREGISTRO DE PRE\u00c7OS para a aquisi\u00e7\u00e3o eventual e futura de produtos de panifica\u00e7\u00e3o, leite e\r\nderivados cuja descri\u00e7\u00e3o est\u00e1 contida no termo de refer\u00eancia 006/2019- Preg\u00e3o Presencial para\r\nRegistro de Pre\u00e7os para aquisi\u00e7\u00e3o de produtos de panifica\u00e7\u00e3o, leite e derivados."}, {"id": "808", "ano": "2019", "numero": "53", "tipo__sigla": "OR", "tipo__descricao": "OF\u00cdCIOS RECEBIDOS", "assunto": "Informa\u00e7\u00e3o/ Solicita\u00e7\u00e3o"}, {"id": "1105", "ano": "2019", "numero": "53", "tipo__sigla": "PARE", "tipo__descricao": "PARECER", "assunto": "Mat\u00e9ria: Projeto de Lei N\u00ba: 07/2019"}, {"id": "374", "ano": "2019", "numero": "54", "tipo__sigla": "OFEXP", "tipo__descricao": "Of\u00edcio Expedido", "assunto": "Encaminha requerimento"}, {"id": "634", "ano": "2019", "numero": "54", "tipo__sigla": "REV", "tipo__descricao": "Relat\u00f3rios de rodagem do ve\u00edculo e outros", "assunto": "Levar funcion\u00e1ria Kainne no Banco do Brasil de Santana da Vargem e na caixa economica para pagar consignado e presidio para intimsr Vitor Eloi"}, {"id": "663", "ano": "2019", "numero": "54", "tipo__sigla": "MEM", "tipo__descricao": "Memorando", "assunto": "Memorando reabastecimento"}, {"id": "708", "ano": "2019", "numero": "54", "tipo__sigla": "COMDE", "tipo__descricao": "COMUNICADO/DESPACHO", "assunto": "O Presidente da C\u00e2mara comunica que o Preg\u00e3o Presencial para Registro de Pre\u00e7os para aquisi\u00e7\u00e3o de material de expediente referente ao processo licitat\u00f3rio 005-2019 foi remarcado para quarta-feira dia 04 de junho de 2019, \u00e0s 09:00h da manh\u00e3."}, {"id": "820", "ano": "2019", "numero": "54", "tipo__sigla": "OR", "tipo__descricao": "OF\u00cdCIOS RECEBIDOS", "assunto": "Solicita\u00e7\u00e3o"}, {"id": "1111", "ano": "2019", "numero": "54", "tipo__sigla": "PARE", "tipo__descricao": "PARECER", "assunto": "Parecer referente - emenda ao Reg. Interno."}, {"id": "650", "ano": "2019", "numero": "55", "tipo__sigla": "REV", "tipo__descricao": "Relat\u00f3rios de rodagem do ve\u00edculo e outros", "assunto": "Levar funcion\u00e1rio Kainne na casa da vereadora Silmara para colher assinatura"}, {"id": "670", "ano": "2019", "numero": "55", "tipo__sigla": "MEM", "tipo__descricao": "Memorando", "assunto": "Solicita\u00e7\u00e3o de Di\u00e1ria"}, {"id": "720", "ano": "2019", "numero": "55", "tipo__sigla": "COMDE", "tipo__descricao": "COMUNICADO/DESPACHO", "assunto": "O Presidente da C\u00e2mara Municipal de Santana da Vargem, vem, por meio deste, informar que ser\u00e1\r\nrealizado licita\u00e7\u00e3o na modalidade PREG\u00c3O PRESENCIAL, do tipo MENOR PRE\u00c7O, objetivando o\r\nREGISTRO DE PRE\u00c7OS para a aquisi\u00e7\u00e3o eventual e futura de produtos de panifica\u00e7\u00e3o, leite e\r\nderivados cuja descri\u00e7\u00e3o est\u00e1 contida no termo de refer\u00eancia 006/2019- Preg\u00e3o Presencial para\r\nRegistro de Pre\u00e7os N\u00ba 005/2019"}, {"id": "1150", "ano": "2019", "numero": "55", "tipo__sigla": "PARE", "tipo__descricao": "PARECER", "assunto": "Parecer Jur\u00eddico - Projeto de Lei 23 de 2019"}, {"id": "651", "ano": "2019", "numero": "56", "tipo__sigla": "REV", "tipo__descricao": "Relat\u00f3rios de rodagem do ve\u00edculo e outros", "assunto": "Levar funcion\u00e1rio Kainne na casa da vereadora Silmara para colher assinatura"}, {"id": "671", "ano": "2019", "numero": "56", "tipo__sigla": "MEM", "tipo__descricao": "Memorando", "assunto": "Solicita\u00e7\u00e3o de di\u00e1ria"}, {"id": "730", "ano": "2019", "numero": "56", "tipo__sigla": "COMDE", "tipo__descricao": "COMUNICADO/DESPACHO", "assunto": "Disp\u00f5e sobre o Edital do Processo de Escolha Unificado dos membros do conselho Tutelar do Municipio de Santana da Vargem/MG, referente ao mandato 2020/2023"}, {"id": "1156", "ano": "2019", "numero": "56", "tipo__sigla": "PARE", "tipo__descricao": "PARECER", "assunto": "Parecer Jur\u00eddico Projeto de Lei 24 de 2019"}, {"id": "386", "ano": "2019", "numero": "57", "tipo__sigla": "OFEXP", "tipo__descricao": "Of\u00edcio Expedido", "assunto": "Solicita informa\u00e7\u00f5es a respeito do Projeto de lei 37/2018"}, {"id": "654", "ano": "2019", "numero": "57", "tipo__sigla": "REV", "tipo__descricao": "Relat\u00f3rios de rodagem do ve\u00edculo e outros", "assunto": "Levar funcion\u00e1rio Gustavo para protocolar documento no minist\u00e9rio publico"}, {"id": "672", "ano": "2019", "numero": "57", "tipo__sigla": "MEM", "tipo__descricao": "Memorando", "assunto": "Solicita\u00e7\u00e3o de diarias, motorista"}, {"id": "738", "ano": "2019", "numero": "57", "tipo__sigla": "COMDE", "tipo__descricao": "COMUNICADO/DESPACHO", "assunto": "Cumprimentando-o cordialmente, vimos atrav\u00e9s do presente\r\nencaminhar a V.Ex.\u00aa, o aviso para Preg\u00e3o Presencial - Registro de Pre\u00e7os N\u00ba\r\n006/2019 referente \u00e0 aquisi\u00e7\u00e3o de produtos de panifica\u00e7\u00e3o, leite e derivados\r\npara ser publicado no Di\u00e1rio Oficial do Munic\u00edpio"}, {"id": "837", "ano": "2019", "numero": "57", "tipo__sigla": "OR", "tipo__descricao": "OF\u00cdCIOS RECEBIDOS", "assunto": "Resposta do oficio n\u00b0 171/2019"}, {"id": "1158", "ano": "2019", "numero": "57", "tipo__sigla": "PARE", "tipo__descricao": "PARECER", "assunto": "Parecer Jur\u00eddico sobre o projeto 20 - 2019 - Organiza a estrutura da Prefeitura."}, {"id": "387", "ano": "2019", "numero": "58", "tipo__sigla": "OFEXP", "tipo__descricao": "Of\u00edcio Expedido", "assunto": "Encaminha indica\u00e7\u00e3o do vereador Rodrigo Scalioni"}, {"id": "661", "ano": "2019", "numero": "58", "tipo__sigla": "REV", "tipo__descricao": "Relat\u00f3rios de rodagem do ve\u00edculo e outros", "assunto": "Relat\u00f3rio de viagem"}, {"id": "692", "ano": "2019", "numero": "58", "tipo__sigla": "MEM", "tipo__descricao": "Memorando", "assunto": "Solicita\u00e7\u00e3o de filmagens das reuni\u00f5es"}, {"id": "772", "ano": "2019", "numero": "58", "tipo__sigla": "COMDE", "tipo__descricao": "COMUNICADO/DESPACHO", "assunto": "Presidente comunica que o Preg\u00e3o Presencial para Registro de Pre\u00e7os para aquisi\u00e7\u00e3o de material de expediente referente ao processo licitat\u00f3rio 005-2019 foi remarcado para quarta-feira dia 19 de junho de 2019, \u00e0s 10:00h da manh\u00e3."}, {"id": "838", "ano": "2019", "numero": "58", "tipo__sigla": "OR", "tipo__descricao": "OF\u00cdCIOS RECEBIDOS", "assunto": "Solicita\u00e7\u00e3o"}, {"id": "1161", "ano": "2019", "numero": "58", "tipo__sigla": "PARE", "tipo__descricao": "PARECER", "assunto": "Parecer Jur\u00eddico - Dispensa de licita\u00e7\u00e3o (cartucho)"}, {"id": "388", "ano": "2019", "numero": "59", "tipo__sigla": "OFEXP", "tipo__descricao": "Of\u00edcio Expedido", "assunto": "Encaminha pedido de indica\u00e7\u00e3o"}, {"id": "673", "ano": "2019", "numero": "59", "tipo__sigla": "REV", "tipo__descricao": "Relat\u00f3rios de rodagem do ve\u00edculo e outros", "assunto": "Relat\u00f3rio de Viagem"}, {"id": "709", "ano": "2019", "numero": "59", "tipo__sigla": "MEM", "tipo__descricao": "Memorando", "assunto": "Informa sobre ocorr\u00eancias no setor de contabilidade"}, {"id": "823", "ano": "2019", "numero": "59", "tipo__sigla": "COMDE", "tipo__descricao": "COMUNICADO/DESPACHO", "assunto": "Solicita\u00e7\u00e3o"}, {"id": "875", "ano": "2019", "numero": "59", "tipo__sigla": "OR", "tipo__descricao": "OF\u00cdCIOS RECEBIDOS", "assunto": "Resposta ao of\u00edcio 174/2019"}, {"id": "1166", "ano": "2019", "numero": "59", "tipo__sigla": "PARE", "tipo__descricao": "PARECER", "assunto": "Parecer Jur\u00eddico Projeto de Lei 26 de 2019"}, {"id": "389", "ano": "2019", "numero": "60", "tipo__sigla": "OFEXP", "tipo__descricao": "Of\u00edcio Expedido", "assunto": "Encaminha indica\u00e7\u00e3o"}, {"id": "674", "ano": "2019", "numero": "60", "tipo__sigla": "REV", "tipo__descricao": "Relat\u00f3rios de rodagem do ve\u00edculo e outros", "assunto": "Relat\u00f3rio de viagem"}, {"id": "711", "ano": "2019", "numero": "60", "tipo__sigla": "MEM", "tipo__descricao": "Memorando", "assunto": "Solicita\u00e7\u00e3o de viagem para participar da visita t\u00e9cnica em Paragua\u00e7u - PJ 2019."}, {"id": "877", "ano": "2019", "numero": "60", "tipo__sigla": "OR", "tipo__descricao": "OF\u00cdCIOS RECEBIDOS", "assunto": "Resposta ao oficio n\u00b0 181/2019"}, {"id": "1000", "ano": "2019", "numero": "60", "tipo__sigla": "COMDE", "tipo__descricao": "COMUNICADO/DESPACHO", "assunto": "Comunicado de dispensa de licita\u00e7\u00e3o para contrata\u00e7\u00e3o da banca para a realiza\u00e7\u00e3o do concurso p\u00fablico para provimento dos cargos definidos na Lei Complementar n\u00ba 16/2019."}, {"id": "1168", "ano": "2019", "numero": "60", "tipo__sigla": "PARE", "tipo__descricao": "PARECER", "assunto": "Parecer Jur\u00eddico Projeto de Lei 25 de 2019"}, {"id": "390", "ano": "2019", "numero": "61", "tipo__sigla": "OFEXP", "tipo__descricao": "Of\u00edcio Expedido", "assunto": "Encaminha indica\u00e7\u00e3o verbal"}, {"id": "693", "ano": "2019", "numero": "61", "tipo__sigla": "REV", "tipo__descricao": "Relat\u00f3rios de rodagem do ve\u00edculo e outros", "assunto": "Levar funcion\u00e1ria Jaicyara para fazer curso na Memory em Belo Horizonte"}, {"id": "715", "ano": "2019", "numero": "61", "tipo__sigla": "MEM", "tipo__descricao": "Memorando", "assunto": "Resposta ao Of\u00edcio 01/2019 referente ao Of\u00edcio 202/2019 3\u00aa PJ/TP. \u00c1guas limpas."}, {"id": "878", "ano": "2019", "numero": "61", "tipo__sigla": "OR", "tipo__descricao": "OF\u00cdCIOS RECEBIDOS", "assunto": "Informa\u00e7\u00e3o"}, {"id": "1183", "ano": "2019", "numero": "61", "tipo__sigla": "PARE", "tipo__descricao": "PARECER", "assunto": "Parecer Jur\u00eddico referente \u00e0 altera\u00e7\u00e3o do Regimento Interno"}, {"id": "1185", "ano": "2019", "numero": "61", "tipo__sigla": "COMDE", "tipo__descricao": "COMUNICADO/DESPACHO", "assunto": "Responde convite"}, {"id": "391", "ano": "2019", "numero": "62", "tipo__sigla": "OFEXP", "tipo__descricao": "Of\u00edcio Expedido", "assunto": "encaminha proposi\u00e7\u00e3o para a comiss\u00e3o permanente"}, {"id": "712", "ano": "2019", "numero": "62", "tipo__sigla": "REV", "tipo__descricao": "Relat\u00f3rios de rodagem do ve\u00edculo e outros", "assunto": "RELAT\u00d3RIO PARA PERCEP\u00c7\u00c3O DE DI\u00c1RIA CONFORME O ARTIGO 7\u00ba DA LEI 1.477 DE 17 DE DEZEMBRO DE 2018 - viagem do dia 22 de maio de 2019 para Paragua\u00e7u - visita t\u00e9cnica do PJ."}, {"id": "716", "ano": "2019", "numero": "62", "tipo__sigla": "MEM", "tipo__descricao": "Memorando", "assunto": "Solicita di\u00e1ria para o Motorista para viagem a Paragua\u00e7u, encontro t\u00e9cnico dos coordenadores Polo Sul III PJ 2019."}, {"id": "908", "ano": "2019", "numero": "62", "tipo__sigla": "OR", "tipo__descricao": "OF\u00cdCIOS RECEBIDOS", "assunto": "Encaminhamento oficio n\u00b0 293/2019"}, {"id": "1211", "ano": "2019", "numero": "62", "tipo__sigla": "PARE", "tipo__descricao": "PARECER", "assunto": "Parecer Jur\u00eddico Aux\u00edlio Alimenta\u00e7\u00e3o Legislativo"}, {"id": "1213", "ano": "2019", "numero": "62", "tipo__sigla": "COMDE", "tipo__descricao": "COMUNICADO/DESPACHO", "assunto": "Aviso de licit\u00e7\u00e3o"}, {"id": "393", "ano": "2019", "numero": "63", "tipo__sigla": "OFEXP", "tipo__descricao": "Of\u00edcio Expedido", "assunto": "SOLICITA EMISS\u00c3O DE GUIA DE IMPOSTO DE RENDA"}, {"id": "728", "ano": "2019", "numero": "63", "tipo__sigla": "REV", "tipo__descricao": "Relat\u00f3rios de rodagem do ve\u00edculo e outros", "assunto": "Requerimento Marcelo de Souza Santos - PAD"}, {"id": "735", "ano": "2019", "numero": "63", "tipo__sigla": "MEM", "tipo__descricao": "Memorando", "assunto": "Informa sobre ocorr\u00eancia com o ve\u00edculo da C\u00e2mara e solicita compra de cart\u00e3o de mem\u00f3ria e bateria."}, {"id": "926", "ano": "2019", "numero": "63", "tipo__sigla": "OR", "tipo__descricao": "OF\u00cdCIOS RECEBIDOS", "assunto": "Juntada a documenta\u00e7\u00e3o ao projeto de Lei Complementar n\u00b003, de 03 de julho de 2019"}, {"id": "1222", "ano": "2019", "numero": "63", "tipo__sigla": "PARE", "tipo__descricao": "PARECER", "assunto": "Parecer Jur\u00eddico Projeto de Lei 27 de 2019"}, {"id": "1266", "ano": "2019", "numero": "63", "tipo__sigla": "COMDE", "tipo__descricao": "COMUNICADO/DESPACHO", "assunto": "Aviso de licita\u00e7\u00e3o"}, {"id": "395", "ano": "2019", "numero": "64", "tipo__sigla": "OFEXP", "tipo__descricao": "Of\u00edcio Expedido", "assunto": "INFORMA\u00c7\u00c3O"}, {"id": "752", "ano": "2019", "numero": "64", "tipo__sigla": "REV", "tipo__descricao": "Relat\u00f3rios de rodagem do ve\u00edculo e outros", "assunto": "Levar carro para abastecer e fazer confer\u00eancia de agua e oleo e calibragem dos pneus"}, {"id": "763", "ano": "2019", "numero": "64", "tipo__sigla": "MEM", "tipo__descricao": "Memorando", "assunto": "Solicita diaria"}, {"id": "928", "ano": "2019", "numero": "64", "tipo__sigla": "OR", "tipo__descricao": "OF\u00cdCIOS RECEBIDOS", "assunto": "Copia parecer juridico e documenta\u00e7\u00e3o"}, {"id": "1231", "ano": "2019", "numero": "64", "tipo__sigla": "PARE", "tipo__descricao": "PARECER", "assunto": "Parecer Jur\u00eddico 28 de 2019"}, {"id": "1361", "ano": "2019", "numero": "64", "tipo__sigla": "COMDE", "tipo__descricao": "COMUNICADO/DESPACHO", "assunto": "Comunica o cancelamento de Reuni\u00e3o Extraordin\u00e1ria"}, {"id": "398", "ano": "2019", "numero": "65", "tipo__sigla": "OFEXP", "tipo__descricao": "Of\u00edcio Expedido", "assunto": "Responde of\u00edcio 77/2019 do executivo"}, {"id": "753", "ano": "2019", "numero": "65", "tipo__sigla": "REV", "tipo__descricao": "Relat\u00f3rios de rodagem do ve\u00edculo e outros", "assunto": "Levar funcionarios Kainne para fazer curso na AMM"}, {"id": "764", "ano": "2019", "numero": "65", "tipo__sigla": "MEM", "tipo__descricao": "Memorando", "assunto": "Memorando diaria"}, {"id": "939", "ano": "2019", "numero": "65", "tipo__sigla": "OR", "tipo__descricao": "OF\u00cdCIOS RECEBIDOS", "assunto": "Solicita\u00e7\u00e3o"}, {"id": "1274", "ano": "2019", "numero": "65", "tipo__sigla": "PARE", "tipo__descricao": "PARECER", "assunto": "Parecer Jur\u00eddico do Projeto de Lei 20/2019"}, {"id": "401", "ano": "2019", "numero": "66", "tipo__sigla": "OFEXP", "tipo__descricao": "Of\u00edcio Expedido", "assunto": "Encaminha projeto de lei n\u00ba 02/2019"}, {"id": "765", "ano": "2019", "numero": "66", "tipo__sigla": "REV", "tipo__descricao": "Relat\u00f3rios de rodagem do ve\u00edculo e outros", "assunto": "Relatoria de viagem conforme o artigo 7\u00ba da Lei 1.477 de 17 de dezembro de 2018."}, {"id": "767", "ano": "2019", "numero": "66", "tipo__sigla": "MEM", "tipo__descricao": "Memorando", "assunto": "Memorando de reabastecimento"}, {"id": "963", "ano": "2019", "numero": "66", "tipo__sigla": "OR", "tipo__descricao": "OF\u00cdCIOS RECEBIDOS", "assunto": "Of\u00edcio 258/2019 - encaminha m\u00eddia digital - pareceres jur\u00eddicos e documenta\u00e7\u00f5es das contrata\u00e7\u00f5es"}, {"id": "1289", "ano": "2019", "numero": "66", "tipo__sigla": "PARE", "tipo__descricao": "PARECER", "assunto": "Parecer Jur\u00eddico - Projeto de Lei 29 de 2019"}, {"id": "420", "ano": "2019", "numero": "67", "tipo__sigla": "OFEXP", "tipo__descricao": "Of\u00edcio Expedido", "assunto": "Encaminha aviso e edital 001/2019"}, {"id": "797", "ano": "2019", "numero": "67", "tipo__sigla": "REV", "tipo__descricao": "Relat\u00f3rios de rodagem do ve\u00edculo e outros", "assunto": "Levar vereadores Jos\u00e9 Elias e Jo\u00e3o Martins no curso em Belo Horizonte e tamb\u00e9m fazer a revis\u00e3o do carro"}, {"id": "802", "ano": "2019", "numero": "67", "tipo__sigla": "MEM", "tipo__descricao": "Memorando", "assunto": "Aus\u00eancia do servidor Emerson Silva Araujo"}, {"id": "964", "ano": "2019", "numero": "67", "tipo__sigla": "OR", "tipo__descricao": "OF\u00cdCIOS RECEBIDOS", "assunto": "Of\u00edcio n\u00ba 297/2019 - encaminha m\u00eddia digital, pareceres jur\u00eddicos e documenta\u00e7\u00f5es das contrata\u00e7\u00f5es"}, {"id": "1290", "ano": "2019", "numero": "67", "tipo__sigla": "PARE", "tipo__descricao": "PARECER", "assunto": "Parecer Jur\u00eddico - Preg\u00e3o Material de Inform\u00e1tica"}, {"id": "433", "ano": "2019", "numero": "68", "tipo__sigla": "OFEXP", "tipo__descricao": "Of\u00edcio Expedido", "assunto": "Encaminha Indica\u00e7\u00e3o n\u00ba 09/2019 de autoria do vereador Rodrigo Scalioni"}, {"id": "798", "ano": "2019", "numero": "68", "tipo__sigla": "REV", "tipo__descricao": "Relat\u00f3rios de rodagem do ve\u00edculo e outros", "assunto": "Levar funcion\u00e1rio Ruiter para pegar assinatura do Presidente  na concrelongo"}, {"id": "832", "ano": "2019", "numero": "68", "tipo__sigla": "MEM", "tipo__descricao": "Memorando", "assunto": "Justificativa e solicita\u00e7\u00e3o de abono de suposta falta."}, {"id": "965", "ano": "2019", "numero": "68", "tipo__sigla": "OR", "tipo__descricao": "OF\u00cdCIOS RECEBIDOS", "assunto": "Of\u00edcio n\u00ba 305/2019 - informa\u00e7\u00e3o\r\n(o documento foi expedido dia 13 de agosto e n\u00e3o consta carimbo de protocolo da secretaria da C\u00e2mara)"}, {"id": "1320", "ano": "2019", "numero": "68", "tipo__sigla": "PARE", "tipo__descricao": "PARECER", "assunto": "Parecer Jur\u00eddico - Impressora"}, {"id": "435", "ano": "2019", "numero": "69", "tipo__sigla": "OFEXP", "tipo__descricao": "Of\u00edcio Expedido", "assunto": "Encaminha indica\u00e7\u00e3o n\u00ba 09/2019 de autoria do vereador Luiz Felipe"}, {"id": "799", "ano": "2019", "numero": "69", "tipo__sigla": "REV", "tipo__descricao": "Relat\u00f3rios de rodagem do ve\u00edculo e outros", "assunto": "Levar funcion\u00e1ria Kainne para colher assinatura da Silmara"}, {"id": "859", "ano": "2019", "numero": "69", "tipo__sigla": "MEM", "tipo__descricao": "Memorando", "assunto": "Solicita\u00e7\u00e3o de di\u00e1rias"}, {"id": "966", "ano": "2019", "numero": "69", "tipo__sigla": "OR", "tipo__descricao": "OF\u00cdCIOS RECEBIDOS", "assunto": "Convite (o documento foi expedido dia 08 de agosto e n\u00e3o contem o carimbo de protocolo da secretaria da C\u00e2mara)"}, {"id": "1328", "ano": "2019", "numero": "69", "tipo__sigla": "PARE", "tipo__descricao": "PARECER", "assunto": "Parecer Jur\u00eddico - Projeto de Lei 03 de 2019 do Legislativo"}, {"id": "437", "ano": "2019", "numero": "70", "tipo__sigla": "OFEXP", "tipo__descricao": "Of\u00edcio Expedido", "assunto": "Encaminhamento"}, {"id": "800", "ano": "2019", "numero": "70", "tipo__sigla": "REV", "tipo__descricao": "Relat\u00f3rios de rodagem do ve\u00edculo e outros", "assunto": "Levar funcion\u00e1ria Kainne na casa da Silmara para colher assinatura"}, {"id": "861", "ano": "2019", "numero": "70", "tipo__sigla": "MEM", "tipo__descricao": "Memorando", "assunto": "Solicita\u00e7\u00e3o de di\u00e1ria"}, {"id": "969", "ano": "2019", "numero": "70", "tipo__sigla": "OR", "tipo__descricao": "OF\u00cdCIOS RECEBIDOS", "assunto": "Responde ao Of\u00edcio 192/2019 - indica\u00e7\u00e3o do vereador Rodrigo Scalioni"}, {"id": "1329", "ano": "2019", "numero": "70", "tipo__sigla": "PARE", "tipo__descricao": "PARECER", "assunto": "Parecer Jur\u00eddico - Projeto de Lei 03 de 2019 do Legislativo"}, {"id": "446", "ano": "2019", "numero": "71", "tipo__sigla": "OFEXP", "tipo__descricao": "Of\u00edcio Expedido", "assunto": "Encaminha retifica\u00e7\u00e3o do edital 001-2019"}, {"id": "812", "ano": "2019", "numero": "71", "tipo__sigla": "REV", "tipo__descricao": "Relat\u00f3rios de rodagem do ve\u00edculo e outros", "assunto": "Levar o presidente C\u00e2mara Municipal de Tr\u00eas Pontas e no restaurante para almo\u00e7ar e protocolar documento no MP"}, {"id": "863", "ano": "2019", "numero": "71", "tipo__sigla": "MEM", "tipo__descricao": "Memorando", "assunto": "Solicita\u00e7\u00e3o de di\u00e1ria"}, {"id": "988", "ano": "2019", "numero": "71", "tipo__sigla": "OR", "tipo__descricao": "OF\u00cdCIOS RECEBIDOS", "assunto": "Of\u00edcio 309/2019 - encaminha documenta\u00e7\u00f5es para a contrata\u00e7\u00f5es do Executivo"}, {"id": "1332", "ano": "2019", "numero": "71", "tipo__sigla": "PARE", "tipo__descricao": "PARECER", "assunto": "Parecer Jur\u00eddico - Projeto de Lei 36"}, {"id": "447", "ano": "2019", "numero": "72", "tipo__sigla": "OFEXP", "tipo__descricao": "Of\u00edcio Expedido", "assunto": "Notifica\u00e7\u00e3o ao Sr. Cleber de Brito"}, {"id": "815", "ano": "2019", "numero": "72", "tipo__sigla": "REV", "tipo__descricao": "Relat\u00f3rios de rodagem do ve\u00edculo e outros", "assunto": "Buscar professora para dar aula no parlamento"}, {"id": "865", "ano": "2019", "numero": "72", "tipo__sigla": "MEM", "tipo__descricao": "Memorando", "assunto": "Solicita\u00e7\u00e3o de di\u00e1ria de Jo\u00e3o Martins Boa Ventura do dia 04-07-2019"}, {"id": "1004", "ano": "2019", "numero": "72", "tipo__sigla": "OR", "tipo__descricao": "OF\u00cdCIOS RECEBIDOS", "assunto": "Of\u00edcio 311/2019 - encaminha documenta\u00e7\u00f5es das contrata\u00e7\u00f5es"}, {"id": "1340", "ano": "2019", "numero": "72", "tipo__sigla": "PARE", "tipo__descricao": "PARECER", "assunto": "Parecer Jur\u00eddico - Projeto de Lei 30 de 2019"}, {"id": "454", "ano": "2019", "numero": "73", "tipo__sigla": "OFEXP", "tipo__descricao": "Of\u00edcio Expedido", "assunto": "Ordem de comparecimento \u00e0 C\u00e2mara Municipal \u00e0s 14h:30min do dia 26/03/2019"}, {"id": "825", "ano": "2019", "numero": "73", "tipo__sigla": "REV", "tipo__descricao": "Relat\u00f3rios de rodagem do ve\u00edculo e outros", "assunto": "Levar a funcion\u00e1ria Kainne para colher assinatura da secret\u00e1ria Silmara"}, {"id": "891", "ano": "2019", "numero": "73", "tipo__sigla": "MEM", "tipo__descricao": "Memorando", "assunto": "Solicita\u00e7\u00e3o de Di\u00e1ria"}, {"id": "1016", "ano": "2019", "numero": "73", "tipo__sigla": "OR", "tipo__descricao": "OF\u00cdCIOS RECEBIDOS", "assunto": "Encaminha e solicita\u00e7\u00e3o"}, {"id": "1345", "ano": "2019", "numero": "73", "tipo__sigla": "PARE", "tipo__descricao": "PARECER", "assunto": "Parecer Jur\u00eddico sobre o veto - LO 29-2019."}, {"id": "455", "ano": "2019", "numero": "74", "tipo__sigla": "OFEXP", "tipo__descricao": "Of\u00edcio Expedido", "assunto": "Notifica\u00e7\u00e3o  ao Sr. Cleber de Brito"}, {"id": "831", "ano": "2019", "numero": "74", "tipo__sigla": "REV", "tipo__descricao": "Relat\u00f3rios de rodagem do ve\u00edculo e outros", "assunto": "Levar Gustavo para pegar assinatura do presidente"}, {"id": "892", "ano": "2019", "numero": "74", "tipo__sigla": "MEM", "tipo__descricao": "Memorando", "assunto": "Solicita\u00e7\u00e3o de Di\u00e1ria"}, {"id": "1025", "ano": "2019", "numero": "74", "tipo__sigla": "OR", "tipo__descricao": "OF\u00cdCIOS RECEBIDOS", "assunto": "Convite para o dia 06 e 07 de setembro"}, {"id": "1360", "ano": "2019", "numero": "74", "tipo__sigla": "PARE", "tipo__descricao": "PARECER", "assunto": "Parecer jur\u00eddico LC 06 - 2019 - Altera o Aux\u00edlio Alimentar do Executivo"}, {"id": "456", "ano": "2019", "numero": "75", "tipo__sigla": "OFEXP", "tipo__descricao": "Of\u00edcio Expedido", "assunto": "Ordem de comparecimento \u00e0 C\u00e2mara Municipal \u00e0s 14h:00min no dia 26/03/2019 para Cleber"}, {"id": "835", "ano": "2019", "numero": "75", "tipo__sigla": "REV", "tipo__descricao": "Relat\u00f3rios de rodagem do ve\u00edculo e outros", "assunto": "Levar funcion\u00e1rio Gustavo na casa da secret\u00e1ria Silmara para colher assinatura"}, {"id": "894", "ano": "2019", "numero": "75", "tipo__sigla": "MEM", "tipo__descricao": "Memorando", "assunto": "Jo\u00e3o Martins solicita c\u00f3pia de filmagem."}, {"id": "1031", "ano": "2019", "numero": "75", "tipo__sigla": "OR", "tipo__descricao": "OF\u00cdCIOS RECEBIDOS", "assunto": "Encaminha e solicita"}, {"id": "460", "ano": "2019", "numero": "76", "tipo__sigla": "OFEXP", "tipo__descricao": "Of\u00edcio Expedido", "assunto": "solicita\u00e7\u00e3o de comparecimento \u00e0 C\u00e2mara Municipal \u00e0s 13h:30min no dia 26/03/2019"}, {"id": "836", "ano": "2019", "numero": "76", "tipo__sigla": "REV", "tipo__descricao": "Relat\u00f3rios de rodagem do ve\u00edculo e outros", "assunto": "Levar funcion\u00e1rio Ruiter e presidente na C\u00e2mara de Tr\u00eas Pontas e na papelaria Ferreira"}, {"id": "1045", "ano": "2019", "numero": "76", "tipo__sigla": "OR", "tipo__descricao": "OF\u00cdCIOS RECEBIDOS", "assunto": "Encaminha balancetes de maio e junho de 2019"}, {"id": "462", "ano": "2019", "numero": "77", "tipo__sigla": "OFEXP", "tipo__descricao": "Of\u00edcio Expedido", "assunto": "Convoca secret\u00e1ria de educa\u00e7\u00e3o"}, {"id": "849", "ano": "2019", "numero": "77", "tipo__sigla": "REV", "tipo__descricao": "Relat\u00f3rios de rodagem do ve\u00edculo e outros", "assunto": "Levar funcion\u00e1rio Felipe Tom\u00e9 no MP em Tres Pontas"}, {"id": "920", "ano": "2019", "numero": "77", "tipo__sigla": "MEM", "tipo__descricao": "Memorando", "assunto": "Solicita\u00e7\u00e3o de di\u00e1rias."}, {"id": "1058", "ano": "2019", "numero": "77", "tipo__sigla": "OR", "tipo__descricao": "OF\u00cdCIOS RECEBIDOS", "assunto": "Encaminha modelo do plano de investimento"}, {"id": "478", "ano": "2019", "numero": "78", "tipo__sigla": "OFEXP", "tipo__descricao": "Of\u00edcio Expedido", "assunto": "Of\u00edcio 078 - 2019  encaminha aviso para remarca\u00e7\u00e3o do Edital 001-2019 aquisi\u00e7\u00e3o de minissalgados e minip\u00e3es de queijo."}, {"id": "853", "ano": "2019", "numero": "78", "tipo__sigla": "REV", "tipo__descricao": "Relat\u00f3rios de rodagem do ve\u00edculo e outros", "assunto": "Levar funcion\u00e1ria Kainne na caixa econ\u00f4mica"}, {"id": "921", "ano": "2019", "numero": "78", "tipo__sigla": "MEM", "tipo__descricao": "Memorando", "assunto": "SOLICITA\u00c7\u00c3O DE DI\u00c1RIAS."}, {"id": "1072", "ano": "2019", "numero": "78", "tipo__sigla": "OR", "tipo__descricao": "OF\u00cdCIOS RECEBIDOS", "assunto": "Encaminha documentos das contrata\u00e7\u00f5es para analise jur\u00eddica."}, {"id": "477", "ano": "2019", "numero": "79", "tipo__sigla": "OFEXP", "tipo__descricao": "Of\u00edcio Expedido", "assunto": "Encaminha indica\u00e7\u00e3o de autoria do vereador Rodrigo Scalioni"}, {"id": "854", "ano": "2019", "numero": "79", "tipo__sigla": "REV", "tipo__descricao": "Relat\u00f3rios de rodagem do ve\u00edculo e outros", "assunto": "Levar o presidente na audi\u00eancia publica"}, {"id": "924", "ano": "2019", "numero": "79", "tipo__sigla": "MEM", "tipo__descricao": "Memorando", "assunto": "SOLICITA\u00c7\u00c3O DE DI\u00c1RIA."}, {"id": "1081", "ano": "2019", "numero": "79", "tipo__sigla": "OR", "tipo__descricao": "OF\u00cdCIOS RECEBIDOS", "assunto": "reitera of\u00edcio 95/2019 - projeto de arboriza\u00e7\u00e3o da Avenida Nelson Pereira Vilela"}, {"id": "480", "ano": "2019", "numero": "80", "tipo__sigla": "OFEXP", "tipo__descricao": "Of\u00edcio Expedido", "assunto": "Responde ao Of\u00edcio n\u00ba 205/2019 do MP"}, {"id": "860", "ano": "2019", "numero": "80", "tipo__sigla": "REV", "tipo__descricao": "Relat\u00f3rios de rodagem do ve\u00edculo e outros", "assunto": "RELAT\u00d3RIO PARA PERCEP\u00c7\u00c3O DE DI\u00c1RIA\r\nCONFORME O ARTIGO 7\u00ba DA LEI 1.477 DE 17 DE DEZEMBRO DE 2018"}, {"id": "927", "ano": "2019", "numero": "80", "tipo__sigla": "MEM", "tipo__descricao": "Memorando", "assunto": "Solicita\u00e7\u00e3o de Di\u00e1ria."}, {"id": "1082", "ano": "2019", "numero": "80", "tipo__sigla": "OR", "tipo__descricao": "OF\u00cdCIOS RECEBIDOS", "assunto": "Informa\u00e7\u00f5es complementar ao projeto de lei 21/2019"}, {"id": "484", "ano": "2019", "numero": "81", "tipo__sigla": "OFEXP", "tipo__descricao": "Of\u00edcio Expedido", "assunto": "Solicita\u00e7\u00e3o a Memory"}, {"id": "862", "ano": "2019", "numero": "81", "tipo__sigla": "REV", "tipo__descricao": "Relat\u00f3rios de rodagem do ve\u00edculo e outros", "assunto": "RELAT\u00d3RIO PARA PERCEP\u00c7\u00c3O DE DI\u00c1RIA CONFORME O ARTIGO 7\u00ba DA LEI 1.477 DE 17 DE DEZEMBRO DE 2018"}, {"id": "933", "ano": "2019", "numero": "81", "tipo__sigla": "MEM", "tipo__descricao": "Memorando", "assunto": "Ruiter solicita di\u00e1ria para Tr\u00eas Cora\u00e7\u00f5es-MG  - plen\u00e1ria Regional 13/08/2019."}, {"id": "1083", "ano": "2019", "numero": "81", "tipo__sigla": "OR", "tipo__descricao": "OF\u00cdCIOS RECEBIDOS", "assunto": "informa\u00e7\u00f5es complementar ao projeto de lei 21/2019"}, {"id": "488", "ano": "2019", "numero": "82", "tipo__sigla": "OFEXP", "tipo__descricao": "Of\u00edcio Expedido", "assunto": "Of\u00edcio para a Assessora Contabil"}, {"id": "867", "ano": "2019", "numero": "82", "tipo__sigla": "REV", "tipo__descricao": "Relat\u00f3rios de rodagem do ve\u00edculo e outros", "assunto": "Levar o carro para lavar, abastecer e fazer conferencias\r\nkm: 77.708"}, {"id": "934", "ano": "2019", "numero": "82", "tipo__sigla": "MEM", "tipo__descricao": "Memorando", "assunto": "Solicita\u00e7\u00e3o de emiss\u00e3o de di\u00e1ria - presidente, assistente legislativo e motorista."}, {"id": "1093", "ano": "2019", "numero": "82", "tipo__sigla": "OR", "tipo__descricao": "OF\u00cdCIOS RECEBIDOS", "assunto": "ENCAMINHA BALANCETES M\u00caS DE AGOSTO 2019"}, {"id": "492", "ano": "2019", "numero": "83", "tipo__sigla": "OFEXP", "tipo__descricao": "Of\u00edcio Expedido", "assunto": "Encaminha Edital para aquisi\u00e7\u00e3o de expediente ao Executivo para Publica\u00e7\u00e3o"}, {"id": "868", "ano": "2019", "numero": "83", "tipo__sigla": "REV", "tipo__descricao": "Relat\u00f3rios de rodagem do ve\u00edculo e outros", "assunto": "Levar presidente e funcion\u00e1rio Felipe para participar de curso do parlamento jovem nos dias 04 a 05 de julho \r\nkm: 78.265"}, {"id": "983", "ano": "2019", "numero": "83", "tipo__sigla": "MEM", "tipo__descricao": "Memorando", "assunto": "Solicita\u00e7\u00e3o"}, {"id": "499", "ano": "2019", "numero": "84", "tipo__sigla": "OFEXP", "tipo__descricao": "Of\u00edcio Expedido", "assunto": "Suspens\u00e3o de f\u00e9rias"}, {"id": "869", "ano": "2019", "numero": "84", "tipo__sigla": "REV", "tipo__descricao": "Relat\u00f3rios de rodagem do ve\u00edculo e outros", "assunto": "Levar funcion\u00e1rio Ruiter para fazer cota\u00e7\u00f5es em Boa Esperan\u00e7a e na desing estamparia em Santana da Vargem\r\nKm:78.313"}, {"id": "1013", "ano": "2019", "numero": "84", "tipo__sigla": "MEM", "tipo__descricao": "Memorando", "assunto": "Resposta ao Oficio 01/Contabilidade emitido pelo Procurador Legislativo"}, {"id": "505", "ano": "2019", "numero": "85", "tipo__sigla": "OFEXP", "tipo__descricao": "Of\u00edcio Expedido", "assunto": "Solicita GPS"}, {"id": "874", "ano": "2019", "numero": "85", "tipo__sigla": "REV", "tipo__descricao": "Relat\u00f3rios de rodagem do ve\u00edculo e outros", "assunto": "Levar funcion\u00e1rio Gustavo no Minist\u00e9rio Publico e na papelaria"}, {"id": "1020", "ano": "2019", "numero": "85", "tipo__sigla": "MEM", "tipo__descricao": "Memorando", "assunto": "Solicita\u00e7\u00e3o de di\u00e1ria."}, {"id": "508", "ano": "2019", "numero": "86", "tipo__sigla": "OFEXP", "tipo__descricao": "Of\u00edcio Expedido", "assunto": "Presidente encaminha a Prefeitura, o aviso para Preg\u00e3o Presencial - Registro de Pre\u00e7os N\u00ba 003/2019 para aquisi\u00e7\u00e3o de g\u00eaneros aliment\u00edcios."}, {"id": "880", "ano": "2019", "numero": "86", "tipo__sigla": "REV", "tipo__descricao": "Relat\u00f3rios de rodagem do ve\u00edculo e outros", "assunto": "Levar a funcion\u00e1ria Kainne na casa casa da secret\u00e1ria Silmara para colher assinaturas"}, {"id": "1021", "ano": "2019", "numero": "86", "tipo__sigla": "MEM", "tipo__descricao": "Memorando", "assunto": "Solicita\u00e7\u00e3o de di\u00e1ria."}, {"id": "510", "ano": "2019", "numero": "87", "tipo__sigla": "OFEXP", "tipo__descricao": "Of\u00edcio Expedido", "assunto": "Resposta ao memorando 42/2019"}, {"id": "881", "ano": "2019", "numero": "87", "tipo__sigla": "REV", "tipo__descricao": "Relat\u00f3rios de rodagem do ve\u00edculo e outros", "assunto": "Levar funcion\u00e1rio Gustavo no mercado pais e filho"}, {"id": "1027", "ano": "2019", "numero": "87", "tipo__sigla": "MEM", "tipo__descricao": "Memorando", "assunto": "Solicita di\u00e1ria do motorista"}, {"id": "511", "ano": "2019", "numero": "88", "tipo__sigla": "OFEXP", "tipo__descricao": "Of\u00edcio Expedido", "assunto": "Responde solicita\u00e7\u00e3o verbal"}, {"id": "882", "ano": "2019", "numero": "88", "tipo__sigla": "REV", "tipo__descricao": "Relat\u00f3rios de rodagem do ve\u00edculo e outros", "assunto": "Levar funcion\u00e1ria Kainne na casa da Silmara para colher assinaturas"}, {"id": "1037", "ano": "2019", "numero": "88", "tipo__sigla": "MEM", "tipo__descricao": "Memorando", "assunto": "Esclarecimento sobre as suplementa\u00e7\u00f5es nas fichas or\u00e7amentarias."}, {"id": "512", "ano": "2019", "numero": "89", "tipo__sigla": "OFEXP", "tipo__descricao": "Of\u00edcio Expedido", "assunto": "Resposta ao of\u00edcio do MP - S\u00edlvio Cesar Miranda"}, {"id": "883", "ano": "2019", "numero": "89", "tipo__sigla": "REV", "tipo__descricao": "Relat\u00f3rios de rodagem do ve\u00edculo e outros", "assunto": "Levar funcion\u00e1ria Kainne na casa da secret\u00e1ria Silmara para colher assinaturas em documentos"}, {"id": "1060", "ano": "2019", "numero": "89", "tipo__sigla": "MEM", "tipo__descricao": "Memorando", "assunto": "Solicita 1/7 de di\u00e1ria"}, {"id": "521", "ano": "2019", "numero": "90", "tipo__sigla": "OFEXP", "tipo__descricao": "Of\u00edcio Expedido", "assunto": "Concess\u00e3o e restitui\u00e7\u00e3o de f\u00e9rias ao t\u00e9cnico de contabilidade"}, {"id": "884", "ano": "2019", "numero": "90", "tipo__sigla": "REV", "tipo__descricao": "Relat\u00f3rios de rodagem do ve\u00edculo e outros", "assunto": "Levar funcion\u00e1rio Gustavo na C\u00e2mara no cart\u00f3rio eleitoral e na auto el\u00e9trica oliveira"}, {"id": "1063", "ano": "2019", "numero": "90", "tipo__sigla": "MEM", "tipo__descricao": "Memorando", "assunto": "Resposta ao Oficio 02/Contabilidade"}, {"id": "553", "ano": "2019", "numero": "91", "tipo__sigla": "OFEXP", "tipo__descricao": "Of\u00edcio Expedido", "assunto": "Encaminhar \u00e0 Prefeitura, o aviso de remarca\u00e7\u00e3o da data de realiza\u00e7\u00e3o do Preg\u00e3o Presencial - Registro de Pre\u00e7os N\u00ba 002/2019 referente \u00e0 aquisi\u00e7\u00e3o de material de expediente."}, {"id": "885", "ano": "2019", "numero": "91", "tipo__sigla": "REV", "tipo__descricao": "Relat\u00f3rios de rodagem do ve\u00edculo e outros", "assunto": "Levar Kainne secret\u00e1ria Silmara para colher assinaturas e entregar convites para receber medalhas"}, {"id": "1068", "ano": "2019", "numero": "91", "tipo__sigla": "MEM", "tipo__descricao": "Memorando", "assunto": "Solicita emiss\u00e3o de di\u00e1ria para participar da plen\u00e1ria estadual do dia 18/09/2019 e 20/09/2019."}, {"id": "557", "ano": "2019", "numero": "92", "tipo__sigla": "OFEXP", "tipo__descricao": "Of\u00edcio Expedido", "assunto": "Encaminha indica\u00e7\u00e3o n\u00ba 11/2019"}, {"id": "889", "ano": "2019", "numero": "92", "tipo__sigla": "REV", "tipo__descricao": "Relat\u00f3rios de rodagem do ve\u00edculo e outros", "assunto": "Levar Kainne para entregar convites"}, {"id": "1069", "ano": "2019", "numero": "92", "tipo__sigla": "MEM", "tipo__descricao": "Memorando", "assunto": "Solicita ao setor cont\u00e1bil a emiss\u00e3o de di\u00e1rias."}, {"id": "558", "ano": "2019", "numero": "93", "tipo__sigla": "OFEXP", "tipo__descricao": "Of\u00edcio Expedido", "assunto": "Encaminha indica\u00e7\u00e3o n\u00ba 12/2019"}, {"id": "890", "ano": "2019", "numero": "93", "tipo__sigla": "REV", "tipo__descricao": "Relat\u00f3rios de rodagem do ve\u00edculo e outros", "assunto": "Levar Kainne na casa do vereador Vit\u00e3o para entrega convoca\u00e7\u00e3o"}, {"id": "1074", "ano": "2019", "numero": "93", "tipo__sigla": "MEM", "tipo__descricao": "Memorando", "assunto": "Solicita emiss\u00e3o de cheque para reabastecimento."}, {"id": "577", "ano": "2019", "numero": "94", "tipo__sigla": "OFEXP", "tipo__descricao": "Of\u00edcio Expedido", "assunto": "Encaminha Of\u00edcio n\u00ba 29/2019"}, {"id": "895", "ano": "2019", "numero": "94", "tipo__sigla": "REV", "tipo__descricao": "Relat\u00f3rios de rodagem do ve\u00edculo e outros", "assunto": "Levar funcion\u00e1rio Ruiter para fazer cota\u00e7\u00e3o de uniformes e camisas em Boa Esperan\u00e7a"}, {"id": "1075", "ano": "2019", "numero": "94", "tipo__sigla": "MEM", "tipo__descricao": "Memorando", "assunto": "Justificativa sobre marca\u00e7\u00e3o de ponto."}, {"id": "578", "ano": "2019", "numero": "95", "tipo__sigla": "OFEXP", "tipo__descricao": "Of\u00edcio Expedido", "assunto": "Presidente encaminha, o aviso para Preg\u00e3o Presencial - Registro de Pre\u00e7os N\u00ba 004/2019 referente \u00e0 aquisi\u00e7\u00e3o de produtos de limpeza e higiene, e utilidades dom\u00e9sticas  para ser publicado no Di\u00e1rio Oficial do Munic\u00edpio."}, {"id": "896", "ano": "2019", "numero": "95", "tipo__sigla": "REV", "tipo__descricao": "Relat\u00f3rios de rodagem do ve\u00edculo e outros", "assunto": "Levar Kainne em Tr\u00eas Pontas para comprar flores para sess\u00e3o solene"}, {"id": "1087", "ano": "2019", "numero": "95", "tipo__sigla": "MEM", "tipo__descricao": "Memorando", "assunto": "Solicita autoriza\u00e7\u00e3o para transfer\u00eancia"}, {"id": "581", "ano": "2019", "numero": "96", "tipo__sigla": "OFEXP", "tipo__descricao": "Of\u00edcio Expedido", "assunto": "Encaminhar o aviso para retifica\u00e7\u00e3o do Edital do Preg\u00e3o Presencial - Registro de Pre\u00e7os N\u00ba 003/2019 referente \u00e0 aquisi\u00e7\u00e3o de g\u00eaneros aliment\u00edcios e remarca\u00e7\u00e3o de data."}, {"id": "900", "ano": "2019", "numero": "96", "tipo__sigla": "REV", "tipo__descricao": "Relat\u00f3rios de rodagem do ve\u00edculo e outros", "assunto": "Levar para lavar e fazer calibragem e passar na casa da Maura para pegar biografia"}, {"id": "1095", "ano": "2019", "numero": "96", "tipo__sigla": "MEM", "tipo__descricao": "Memorando", "assunto": "Resposta ao of\u00edcio 01 procuradoria."}, {"id": "584", "ano": "2019", "numero": "97", "tipo__sigla": "OFEXP", "tipo__descricao": "Of\u00edcio Expedido", "assunto": "Informa que a publica\u00e7\u00e3o do aviso de licita\u00e7\u00e3o na Edi\u00e7\u00e3o 203 do Di\u00e1rio Oficial do Munic\u00edpio referente \u00e0 licita\u00e7\u00e3o de material de expediente est\u00e1 incorreta."}, {"id": "901", "ano": "2019", "numero": "97", "tipo__sigla": "REV", "tipo__descricao": "Relat\u00f3rios de rodagem do ve\u00edculo e outros", "assunto": "Levar Tuilis, Felipe e Gustavo e presidente para fazer curso em BH"}, {"id": "1107", "ano": "2019", "numero": "97", "tipo__sigla": "MEM", "tipo__descricao": "Memorando", "assunto": "Memorando 07/2019"}, {"id": "587", "ano": "2019", "numero": "98", "tipo__sigla": "OFEXP", "tipo__descricao": "Of\u00edcio Expedido", "assunto": "Resposta ao of\u00edcio n\u00ba 202/2019/3\u00aaPJ-TP da 3\u00aa Promotoria de Justi\u00e7a da Comarca de Tr\u00eas Pontas, Minas Gerais;"}, {"id": "907", "ano": "2019", "numero": "98", "tipo__sigla": "REV", "tipo__descricao": "Relat\u00f3rios de rodagem do ve\u00edculo e outros", "assunto": "Levar o funcion\u00e1rio Luis Gustavo para protocolar documento no MP"}, {"id": "1124", "ano": "2019", "numero": "98", "tipo__sigla": "MEM", "tipo__descricao": "Memorando", "assunto": "Solicita diaria"}, {"id": "589", "ano": "2019", "numero": "99", "tipo__sigla": "OFEXP", "tipo__descricao": "Of\u00edcio Expedido", "assunto": "Encaminha projeto de lei n\u00ba 04/2019"}, {"id": "911", "ano": "2019", "numero": "99", "tipo__sigla": "REV", "tipo__descricao": "Relat\u00f3rios de rodagem do ve\u00edculo e outros", "assunto": "Levar Lu\u00eds Gustavo para pegar assinatura da secret\u00e1ria Silmara"}, {"id": "1125", "ano": "2019", "numero": "99", "tipo__sigla": "MEM", "tipo__descricao": "Memorando", "assunto": "Solicita diaria"}, {"id": "590", "ano": "2019", "numero": "100", "tipo__sigla": "OFEXP", "tipo__descricao": "Of\u00edcio Expedido", "assunto": "Responde of\u00edcio 41/2019 da Secretaria de Educa\u00e7\u00e3o"}, {"id": "912", "ano": "2019", "numero": "100", "tipo__sigla": "REV", "tipo__descricao": "Relat\u00f3rios de rodagem do ve\u00edculo e outros", "assunto": "Levar funcion\u00e1rio Luis Gustavo para colher assinatura da secret\u00e1ria Silmara"}, {"id": "1126", "ano": "2019", "numero": "100", "tipo__sigla": "MEM", "tipo__descricao": "Memorando", "assunto": "Solicita diaria"}, {"id": "592", "ano": "2019", "numero": "101", "tipo__sigla": "OFEXP", "tipo__descricao": "Of\u00edcio Expedido", "assunto": "Of\u00edcio sobre processo administrativo do executivo 08/2018"}, {"id": "916", "ano": "2019", "numero": "101", "tipo__sigla": "REV", "tipo__descricao": "Relat\u00f3rios de rodagem do ve\u00edculo e outros", "assunto": "Levar alunos do parlamento jovem em Tr\u00eas Pontas e voltar em Santana para levar alunos e presidente em Varginha"}, {"id": "1130", "ano": "2019", "numero": "101", "tipo__sigla": "MEM", "tipo__descricao": "Memorando", "assunto": "Solicita\u00e7\u00e3o de di\u00e1ria para o motorista e o cheque de reabastecimento"}, {"id": "595", "ano": "2019", "numero": "102", "tipo__sigla": "OFEXP", "tipo__descricao": "Of\u00edcio Expedido", "assunto": "Encaminha indica\u00e7\u00e3o do vereador Jo\u00e3o Martins"}, {"id": "917", "ano": "2019", "numero": "102", "tipo__sigla": "REV", "tipo__descricao": "Relat\u00f3rios de rodagem do ve\u00edculo e outros", "assunto": "Levar funcion\u00e1rio Ruiter na casa da secret\u00e1ria Silmara para colher assinatura"}, {"id": "1192", "ano": "2019", "numero": "102", "tipo__sigla": "MEM", "tipo__descricao": "Memorando", "assunto": "Solicita\u00e7\u00e3o de di\u00e1ria de viagem para participar do I Soletrando a Cidadania. O Evento comp\u00f5e parte do programa pedag\u00f3gica da Escola do Legislativo de Nepomuceno e do Parlamento Jovem. A atividade acontecer\u00e1 \u00e0s 19hs, do dia 30 de Outubro de 2019 no Plen\u00e1rio da C\u00e2mara Municipal de Nepomuceno."}, {"id": "596", "ano": "2019", "numero": "103", "tipo__sigla": "OFEXP", "tipo__descricao": "Of\u00edcio Expedido", "assunto": "Solicita informa\u00e7\u00f5es a respeito das escritura das casinhas"}, {"id": "918", "ano": "2019", "numero": "103", "tipo__sigla": "REV", "tipo__descricao": "Relat\u00f3rios de rodagem do ve\u00edculo e outros", "assunto": "Levar funcion\u00e1rio Luis Gustavo na caixa economica pagar consignado e pagar papelaria"}, {"id": "1193", "ano": "2019", "numero": "103", "tipo__sigla": "MEM", "tipo__descricao": "Memorando", "assunto": "Solicita emiss\u00e3o de di\u00e1ria."}, {"id": "600", "ano": "2019", "numero": "104", "tipo__sigla": "OFEXP", "tipo__descricao": "Of\u00edcio Expedido", "assunto": "Solicita\u00e7\u00e3o de c\u00f3pia do plano de cargos sal\u00e1rios da C\u00e2mara"}, {"id": "922", "ano": "2019", "numero": "104", "tipo__sigla": "REV", "tipo__descricao": "Relat\u00f3rios de rodagem do ve\u00edculo e outros", "assunto": "RELAT\u00d3RIO PARA PERCEP\u00c7\u00c3O DE DI\u00c1RIA\r\nCONFORME O ARTIGO 7\u00ba DA LEI 1.477 DE 17 DE DEZEMBRO DE 2018"}, {"id": "1214", "ano": "2019", "numero": "104", "tipo__sigla": "MEM", "tipo__descricao": "Memorando", "assunto": "Comunicar aos nobres Edis que nossa cidade foi contemplada com a EMENDA PARLAMENTAR atrav\u00e9s de Resolu\u00e7\u00e3o SES n\u00ba6820 de 30/08/2019, repasse de recursos financeiros de investimento, destinado \u00e0 aquisi\u00e7\u00e3o de equipamentos e materiais permanentes para a expans\u00e3o e consolida\u00e7\u00e3o do Sistema \u00danico de Sa\u00fade (SUS)."}, {"id": "602", "ano": "2019", "numero": "105", "tipo__sigla": "OFEXP", "tipo__descricao": "Of\u00edcio Expedido", "assunto": "Encaminhar \u00e0 prefeitura aviso para Preg\u00e3o Presencial - Registro de Pre\u00e7os N\u00ba 005/2019 referente \u00e0 aquisi\u00e7\u00e3o de produtos de panifica\u00e7\u00e3o, leite e derivados."}, {"id": "923", "ano": "2019", "numero": "105", "tipo__sigla": "REV", "tipo__descricao": "Relat\u00f3rios de rodagem do ve\u00edculo e outros", "assunto": "Levar caro para lavar, abastecer e calibragem dos pneus"}, {"id": "1226", "ano": "2019", "numero": "105", "tipo__sigla": "MEM", "tipo__descricao": "Memorando", "assunto": "Solicita\u00e7\u00e3o de diarias"}, {"id": "606", "ano": "2019", "numero": "106", "tipo__sigla": "OFEXP", "tipo__descricao": "Of\u00edcio Expedido", "assunto": "Encaminha Projeto de Lei aprovado"}, {"id": "925", "ano": "2019", "numero": "106", "tipo__sigla": "REV", "tipo__descricao": "Relat\u00f3rios de rodagem do ve\u00edculo e outros", "assunto": "RELAT\u00d3RIO PARA PERCEP\u00c7\u00c3O DE DI\u00c1RIA\r\nCONFORME O ARTIGO 7\u00ba DA LEI 1.477 DE 17 DE DEZEMBRO DE 2018"}, {"id": "1228", "ano": "2019", "numero": "106", "tipo__sigla": "MEM", "tipo__descricao": "Memorando", "assunto": "Solicita\u00e7\u00e3o de diaria"}, {"id": "611", "ano": "2019", "numero": "107", "tipo__sigla": "OFEXP", "tipo__descricao": "Of\u00edcio Expedido", "assunto": "Responde Oficio n\u00ba 145/2019"}, {"id": "936", "ano": "2019", "numero": "107", "tipo__sigla": "REV", "tipo__descricao": "Relat\u00f3rios de rodagem do ve\u00edculo e outros", "assunto": "Levar Jos\u00e9 Elias e Jo\u00e3o no curso em BH"}, {"id": "1261", "ano": "2019", "numero": "107", "tipo__sigla": "MEM", "tipo__descricao": "Memorando", "assunto": "Solicita 1/7 de diaria"}, {"id": "612", "ano": "2019", "numero": "108", "tipo__sigla": "OFEXP", "tipo__descricao": "Of\u00edcio Expedido", "assunto": "Resposta do of\u00edcio do MP n\u00ba 231/2019/3\u00aa PJ-TP"}, {"id": "937", "ano": "2019", "numero": "108", "tipo__sigla": "REV", "tipo__descricao": "Relat\u00f3rios de rodagem do ve\u00edculo e outros", "assunto": "Levar Kainne na casa da Silmara para colher assinatura em cheque"}, {"id": "1278", "ano": "2019", "numero": "108", "tipo__sigla": "MEM", "tipo__descricao": "Memorando", "assunto": "Solicita\u00e7\u00e3o de di\u00e1ria para participar do curso de forma\u00e7\u00e3o de forma\u00e7\u00e3o coordenadores municipais - PJ Minas 2020."}, {"id": "621", "ano": "2019", "numero": "109", "tipo__sigla": "OFEXP", "tipo__descricao": "Of\u00edcio Expedido", "assunto": "Solicita publica\u00e7\u00e3o de aviso de remarca\u00e7\u00e3o do preg\u00e3o presencial 002-2019 para aquisi\u00e7\u00e3o de material de expediente."}, {"id": "938", "ano": "2019", "numero": "109", "tipo__sigla": "REV", "tipo__descricao": "Relat\u00f3rios de rodagem do ve\u00edculo e outros", "assunto": "RELAT\u00d3RIO PARA PERCEP\u00c7\u00c3O DE DI\u00c1RIA\r\nCONFORME O ARTIGO 7\u00ba DA LEI 1.477 DE 17 DE DEZEMBRO DE 2018"}, {"id": "1280", "ano": "2019", "numero": "109", "tipo__sigla": "MEM", "tipo__descricao": "Memorando", "assunto": "Solicita ao T\u00e9cnico em contabilidade a confec\u00e7\u00e3o de di\u00e1rias para os servidores e motorista do legislativo."}, {"id": "623", "ano": "2019", "numero": "110", "tipo__sigla": "OFEXP", "tipo__descricao": "Of\u00edcio Expedido", "assunto": "Resposta ao pedido de c\u00f3pia das contas de 2013 a 2016 do cidad\u00e3o Argemiro Rodrigues Galv\u00e3o."}, {"id": "948", "ano": "2019", "numero": "110", "tipo__sigla": "REV", "tipo__descricao": "Relat\u00f3rios de rodagem do ve\u00edculo e outros", "assunto": "Buscar assinatura da 1\u00aa Secret\u00e1ria"}, {"id": "1330", "ano": "2019", "numero": "110", "tipo__sigla": "MEM", "tipo__descricao": "Memorando", "assunto": "Memorando interno"}, {"id": "627", "ano": "2019", "numero": "111", "tipo__sigla": "OFEXP", "tipo__descricao": "Of\u00edcio Expedido", "assunto": "Encaminha Reda\u00e7\u00e3o Final"}, {"id": "949", "ano": "2019", "numero": "111", "tipo__sigla": "REV", "tipo__descricao": "Relat\u00f3rios de rodagem do ve\u00edculo e outros", "assunto": "Levar o Presidente \u00e0 cidade de Tr\u00eas Cora\u00e7\u00f5es - Parlamento Jovem"}, {"id": "1335", "ano": "2019", "numero": "111", "tipo__sigla": "MEM", "tipo__descricao": "Memorando", "assunto": "Solicita\u00e7\u00e3o de 1/7 de diaria"}, {"id": "631", "ano": "2019", "numero": "112", "tipo__sigla": "OFEXP", "tipo__descricao": "Of\u00edcio Expedido", "assunto": "Informa julgamento das contas de 2015"}, {"id": "954", "ano": "2019", "numero": "112", "tipo__sigla": "REV", "tipo__descricao": "Relat\u00f3rios de rodagem do ve\u00edculo e outros", "assunto": "Fazer cota\u00e7\u00e3o para aquisi\u00e7\u00e3o de porta de vidro"}, {"id": "1338", "ano": "2019", "numero": "112", "tipo__sigla": "MEM", "tipo__descricao": "Memorando", "assunto": "Memorando do Vereador Carlos Cezar"}, {"id": "632", "ano": "2019", "numero": "113", "tipo__sigla": "OFEXP", "tipo__descricao": "Of\u00edcio Expedido", "assunto": "Informa julgamento das contas de 2016"}, {"id": "956", "ano": "2019", "numero": "113", "tipo__sigla": "REV", "tipo__descricao": "Relat\u00f3rios de rodagem do ve\u00edculo e outros", "assunto": "Buscar documentos"}, {"id": "1352", "ano": "2019", "numero": "113", "tipo__sigla": "MEM", "tipo__descricao": "Memorando", "assunto": "Solicita\u00e7\u00e3o"}, {"id": "633", "ano": "2019", "numero": "114", "tipo__sigla": "OFEXP", "tipo__descricao": "Of\u00edcio Expedido", "assunto": "Encaminhar \u00e0 Prefeitura o aviso de remarca\u00e7\u00e3o da data de realiza\u00e7\u00e3o do Preg\u00e3o Presencial - Registro de Pre\u00e7os N\u00ba 003/2019 referente \u00e0 aquisi\u00e7\u00e3o de produtos de limpeza, higiene e utilidades dom\u00e9sticas."}, {"id": "958", "ano": "2019", "numero": "114", "tipo__sigla": "REV", "tipo__descricao": "Relat\u00f3rios de rodagem do ve\u00edculo e outros", "assunto": "Fazer cota\u00e7\u00e3o de material de informatica"}, {"id": "640", "ano": "2019", "numero": "115", "tipo__sigla": "OFEXP", "tipo__descricao": "Of\u00edcio Expedido", "assunto": "Encaminha Reda\u00e7\u00e3o Final do Projeto de Lei 05/2019"}, {"id": "972", "ano": "2019", "numero": "115", "tipo__sigla": "REV", "tipo__descricao": "Relat\u00f3rios de rodagem do ve\u00edculo e outros", "assunto": "Levar Presidente e Procurador em Varginha."}, {"id": "647", "ano": "2019", "numero": "116", "tipo__sigla": "OFEXP", "tipo__descricao": "Of\u00edcio Expedido", "assunto": "Of\u00edcio ao MP referente \u00e0 resposta do tr\u00e2mite do Projeto de Lei 22/2018"}, {"id": "981", "ano": "2019", "numero": "116", "tipo__sigla": "REV", "tipo__descricao": "Relat\u00f3rios de rodagem do ve\u00edculo e outros", "assunto": "Ir em Tr\u00eas Pontas protocolar documento na Promotoria de justi\u00e7a"}, {"id": "656", "ano": "2019", "numero": "117", "tipo__sigla": "OFEXP", "tipo__descricao": "Of\u00edcio Expedido", "assunto": "Encaminha aviso para ser publicado no di\u00e1rio oficial do munic\u00edpio - aviso de preg\u00e3o presencial para aquisi\u00e7\u00e3o de g\u00eanero aliment\u00edcio marcado para o dia 23-05-2019."}, {"id": "985", "ano": "2019", "numero": "117", "tipo__sigla": "REV", "tipo__descricao": "Relat\u00f3rios de rodagem do ve\u00edculo e outros", "assunto": "Relat\u00f3rio para percep\u00e7\u00e3o de di\u00e1ria"}, {"id": "666", "ano": "2019", "numero": "118", "tipo__sigla": "OFEXP", "tipo__descricao": "Of\u00edcio Expedido", "assunto": "Of\u00edcio da Presidencia solicitando informa\u00e7\u00e3o da Empresa Concrelongo."}, {"id": "986", "ano": "2019", "numero": "118", "tipo__sigla": "REV", "tipo__descricao": "Relat\u00f3rios de rodagem do ve\u00edculo e outros", "assunto": "Relat\u00f3rio para percep\u00e7\u00e3o de di\u00e1ria"}, {"id": "669", "ano": "2019", "numero": "119", "tipo__sigla": "OFEXP", "tipo__descricao": "Of\u00edcio Expedido", "assunto": "Responde of\u00edcio 167/2019"}, {"id": "1001", "ano": "2019", "numero": "119", "tipo__sigla": "REV", "tipo__descricao": "Relat\u00f3rios de rodagem do ve\u00edculo e outros", "assunto": "Levar funcion\u00e1rio Felipe Tom\u00e9 e presidente Luiz Felipe em Belo Horizonte."}, {"id": "675", "ano": "2019", "numero": "120", "tipo__sigla": "OFEXP", "tipo__descricao": "Of\u00edcio Expedido", "assunto": "Encaminha indica\u00e7\u00f5es"}, {"id": "1007", "ano": "2019", "numero": "120", "tipo__sigla": "REV", "tipo__descricao": "Relat\u00f3rios de rodagem do ve\u00edculo e outros", "assunto": "Buscar assinatura da 1\u00aa Secretaria"}, {"id": "676", "ano": "2019", "numero": "121", "tipo__sigla": "OFEXP", "tipo__descricao": "Of\u00edcio Expedido", "assunto": "Encaminha projeto de lei n\u00ba 09/2019"}, {"id": "1014", "ano": "2019", "numero": "121", "tipo__sigla": "REV", "tipo__descricao": "Relat\u00f3rios de rodagem do ve\u00edculo e outros", "assunto": "BUSCAR ASSINATURA 1\u00aa SECRET\u00c1RIA"}, {"id": "677", "ano": "2019", "numero": "122", "tipo__sigla": "OFEXP", "tipo__descricao": "Of\u00edcio Expedido", "assunto": "Encaminha projeto de lei complementar n\u00ba 02/2019"}, {"id": "1017", "ano": "2019", "numero": "122", "tipo__sigla": "REV", "tipo__descricao": "Relat\u00f3rios de rodagem do ve\u00edculo e outros", "assunto": "Buscar assinatura da 1\u00aa Secret\u00e1ria"}, {"id": "678", "ano": "2019", "numero": "123", "tipo__sigla": "OFEXP", "tipo__descricao": "Of\u00edcio Expedido", "assunto": "Cumprimentando-o cordialmente, vimos atrav\u00e9s do presente encaminhar a V.Ex.\u00aa, o aviso de remarca\u00e7\u00e3o da data de realiza\u00e7\u00e3o do Preg\u00e3o Presencial - Registro de Pre\u00e7os N\u00ba 003/2019 referente \u00e0 aquisi\u00e7\u00e3o de produtos de limpeza, higiene e utilidades dom\u00e9sticas, para ser publicado no Di\u00e1rio Oficial do Munic\u00edpio."}, {"id": "1022", "ano": "2019", "numero": "123", "tipo__sigla": "REV", "tipo__descricao": "Relat\u00f3rios de rodagem do ve\u00edculo e outros", "assunto": "RELAT\u00d3RIO PARA PERCEP\u00c7\u00c3O DE DI\u00c1RIA\r\nCONFORME O ARTIGO 7\u00ba DA LEI 1.477 DE 17 DE DEZEMBRO DE 2018"}, {"id": "685", "ano": "2019", "numero": "124", "tipo__sigla": "OFEXP", "tipo__descricao": "Of\u00edcio Expedido", "assunto": "Cumprimentando-o cordialmente, vimos atrav\u00e9s do presente encaminhar a V.Ex.\u00aa, o aviso de remarca\u00e7\u00e3o da data de realiza\u00e7\u00e3o do Preg\u00e3o Presencial - Registro de Pre\u00e7os N\u00ba 017/2019 referente \u00e0 contrata\u00e7\u00e3o de empresa provedora de acesso a internet, para ser publicado no Di\u00e1rio Oficial do Munic\u00edpio."}, {"id": "1023", "ano": "2019", "numero": "124", "tipo__sigla": "REV", "tipo__descricao": "Relat\u00f3rios de rodagem do ve\u00edculo e outros", "assunto": "Jo\u00e3o Martins Boaventura"}, {"id": "688", "ano": "2019", "numero": "125", "tipo__sigla": "OFEXP", "tipo__descricao": "Of\u00edcio Expedido", "assunto": "Cumprimentando-o cordialmente, vimos atrav\u00e9s do presente\r\nencaminhar a V.Ex.\u00aa, o aviso para remarca\u00e7\u00e3o Preg\u00e3o Presencial - Registro\r\nde Pre\u00e7o referente \u00e0 aquisi\u00e7\u00e3o de produtos de panifica\u00e7\u00e3o, leite e derivados\r\npara ser publicado no Di\u00e1rio Oficial do Munic\u00edpio."}, {"id": "1038", "ano": "2019", "numero": "125", "tipo__sigla": "REV", "tipo__descricao": "Relat\u00f3rios de rodagem do ve\u00edculo e outros", "assunto": "Pagar os consignados em Tr\u00eas Pontas"}, {"id": "691", "ano": "2019", "numero": "126", "tipo__sigla": "OFEXP", "tipo__descricao": "Of\u00edcio Expedido", "assunto": "Informa\u00e7\u00f5es preliminares sobre o concurso p\u00fablico da C\u00e2mara de Santana da Vargem."}, {"id": "1039", "ano": "2019", "numero": "126", "tipo__sigla": "REV", "tipo__descricao": "Relat\u00f3rios de rodagem do ve\u00edculo e outros", "assunto": "Protocolar Documentos no Minist\u00e9rio Publico"}, {"id": "695", "ano": "2019", "numero": "127", "tipo__sigla": "OFEXP", "tipo__descricao": "Of\u00edcio Expedido", "assunto": "Encaminha indica\u00e7\u00f5es n\u00ba 12 e 13/2019"}, {"id": "1040", "ano": "2019", "numero": "127", "tipo__sigla": "REV", "tipo__descricao": "Relat\u00f3rios de rodagem do ve\u00edculo e outros", "assunto": "Levar vereadores para participarem de um curso em Belo Horizonte"}, {"id": "696", "ano": "2019", "numero": "128", "tipo__sigla": "OFEXP", "tipo__descricao": "Of\u00edcio Expedido", "assunto": "Encaminha Of\u00edcio n\u00ba 32/2019 - solicita indorma\u00e7\u00f5es"}, {"id": "1044", "ano": "2019", "numero": "128", "tipo__sigla": "REV", "tipo__descricao": "Relat\u00f3rios de rodagem do ve\u00edculo e outros", "assunto": "Ir buscar uniformes"}, {"id": "699", "ano": "2019", "numero": "129", "tipo__sigla": "OFEXP", "tipo__descricao": "Of\u00edcio Expedido", "assunto": "Informando a Caixa Econ\u00f4mica Federal sobre demiss\u00e3o de servidora que possiu cr\u00e9dito consignado com a institui\u00e7\u00e3o"}, {"id": "1048", "ano": "2019", "numero": "129", "tipo__sigla": "REV", "tipo__descricao": "Relat\u00f3rios de rodagem do ve\u00edculo e outros", "assunto": "Levar presidente da C\u00e2mara no minist\u00e9rio publico para protocolar documento"}, {"id": "700", "ano": "2019", "numero": "130", "tipo__sigla": "OFEXP", "tipo__descricao": "Of\u00edcio Expedido", "assunto": "Resposta ao pedido de Arquivamento do PL LC 03-2018 feito pelo Vereador Jo\u00e3o Martins."}, {"id": "1054", "ano": "2019", "numero": "130", "tipo__sigla": "REV", "tipo__descricao": "Relat\u00f3rios de rodagem do ve\u00edculo e outros", "assunto": "Levar funcion\u00e1ria Kainne na casa da secretaria para colher assinatura"}, {"id": "702", "ano": "2019", "numero": "131", "tipo__sigla": "OFEXP", "tipo__descricao": "Of\u00edcio Expedido", "assunto": "Presidente da Comiss\u00e3o solicitando informa\u00e7\u00f5es - Processo Licitat\u00f3rio 10-2019 - Placa de Fibra Mineral"}, {"id": "1059", "ano": "2019", "numero": "131", "tipo__sigla": "REV", "tipo__descricao": "Relat\u00f3rios de rodagem do ve\u00edculo e outros", "assunto": "Levar vereadores para a Palestra em Ijaci - Reforma Politica"}, {"id": "705", "ano": "2019", "numero": "132", "tipo__sigla": "OFEXP", "tipo__descricao": "Of\u00edcio Expedido", "assunto": "Encaminha Projeto de Lei n\u00ba 14 de 2019"}, {"id": "1066", "ano": "2019", "numero": "132", "tipo__sigla": "REV", "tipo__descricao": "Relat\u00f3rios de rodagem do ve\u00edculo e outros", "assunto": "Levar documento no Minist\u00e9rio Publico"}, {"id": "706", "ano": "2019", "numero": "133", "tipo__sigla": "OFEXP", "tipo__descricao": "Of\u00edcio Expedido", "assunto": "Solicita solu\u00e7\u00e3o para acesso ao programa gerenciador financeiro do Banco do Brasil."}, {"id": "1076", "ano": "2019", "numero": "133", "tipo__sigla": "REV", "tipo__descricao": "Relat\u00f3rios de rodagem do ve\u00edculo e outros", "assunto": "abastecer o carro e buscar assinatura"}, {"id": "710", "ano": "2019", "numero": "134", "tipo__sigla": "OFEXP", "tipo__descricao": "Of\u00edcio Expedido", "assunto": "Encaminha aviso de remarca\u00e7\u00e3o da data de realiza\u00e7\u00e3o do Preg\u00e3o Presencial - Registro de Pre\u00e7os para aquisi\u00e7\u00e3o de material de expediente referente ao processo licitat\u00f3rio 005-2019, para ser publicado no Di\u00e1rio Oficial do Munic\u00edpio."}, {"id": "1090", "ano": "2019", "numero": "134", "tipo__sigla": "REV", "tipo__descricao": "Relat\u00f3rios de rodagem do ve\u00edculo e outros", "assunto": "Colher assinatura da 1\u00aa Secret\u00e1ria"}, {"id": "718", "ano": "2019", "numero": "135", "tipo__sigla": "OFEXP", "tipo__descricao": "Of\u00edcio Expedido", "assunto": "Encaminha Projeto de lei aprovado"}, {"id": "1091", "ano": "2019", "numero": "135", "tipo__sigla": "REV", "tipo__descricao": "Relat\u00f3rios de rodagem do ve\u00edculo e outros", "assunto": "Ir ao Munic\u00edpio de Belo Horizonte 18, 19 e 20/2019"}, {"id": "719", "ano": "2019", "numero": "136", "tipo__sigla": "OFEXP", "tipo__descricao": "Of\u00edcio Expedido", "assunto": "Cumprimentando-o cordialmente, vimos atrav\u00e9s do presente\r\nencaminhar a V.Ex.\u00aa, o aviso para Preg\u00e3o Presencial - Registro de Pre\u00e7os N\u00ba\r\n005/2019 referente \u00e0 aquisi\u00e7\u00e3o de produtos de panifica\u00e7\u00e3o, leite e derivados\r\npara ser publicado no Di\u00e1rio Oficial do Munic\u00edpio"}, {"id": "1097", "ano": "2019", "numero": "136", "tipo__sigla": "REV", "tipo__descricao": "Relat\u00f3rios de rodagem do ve\u00edculo e outros", "assunto": "Colher assinatura e ir ao Banco do Brasil"}, {"id": "721", "ano": "2019", "numero": "137", "tipo__sigla": "OFEXP", "tipo__descricao": "Of\u00edcio Expedido", "assunto": "Encaminha Projeto de Lei aprovado"}, {"id": "1098", "ano": "2019", "numero": "137", "tipo__sigla": "REV", "tipo__descricao": "Relat\u00f3rios de rodagem do ve\u00edculo e outros", "assunto": "Pagar consignados em Tr\u00eas Pontas"}, {"id": "722", "ano": "2019", "numero": "138", "tipo__sigla": "OFEXP", "tipo__descricao": "Of\u00edcio Expedido", "assunto": "Encaminha Reda\u00e7\u00e3o final"}, {"id": "1106", "ano": "2019", "numero": "138", "tipo__sigla": "REV", "tipo__descricao": "Relat\u00f3rios de rodagem do ve\u00edculo e outros", "assunto": "Entregar convites aos vereadores"}, {"id": "723", "ano": "2019", "numero": "139", "tipo__sigla": "OFEXP", "tipo__descricao": "Of\u00edcio Expedido", "assunto": "Encaminha projeto de lei aprovado"}, {"id": "1117", "ano": "2019", "numero": "139", "tipo__sigla": "REV", "tipo__descricao": "Relat\u00f3rios de rodagem do ve\u00edculo e outros", "assunto": "Levar Presidente na E.T.E COPASA"}, {"id": "724", "ano": "2019", "numero": "140", "tipo__sigla": "OFEXP", "tipo__descricao": "Of\u00edcio Expedido", "assunto": "Encaminha indica\u00e7\u00e3o"}, {"id": "1118", "ano": "2019", "numero": "140", "tipo__sigla": "REV", "tipo__descricao": "Relat\u00f3rios de rodagem do ve\u00edculo e outros", "assunto": "Cota\u00e7\u00e3o de jornal para a publicidade do edital"}, {"id": "725", "ano": "2019", "numero": "141", "tipo__sigla": "OFEXP", "tipo__descricao": "Of\u00edcio Expedido", "assunto": "Encaminha documentos"}, {"id": "1127", "ano": "2019", "numero": "141", "tipo__sigla": "REV", "tipo__descricao": "Relat\u00f3rios de rodagem do ve\u00edculo e outros", "assunto": "Relat\u00f3rios de viagem - RELAT\u00d3RIO PARA PERCEP\u00c7\u00c3O DE DI\u00c1RIA\r\nCONFORME O ARTIGO 7\u00ba DA LEI 1.477 DE 17 DE DEZEMBRO DE 2018"}, {"id": "732", "ano": "2019", "numero": "142", "tipo__sigla": "OFEXP", "tipo__descricao": "Of\u00edcio Expedido", "assunto": "Resposta \u00e0 Solicita\u00e7\u00e3o do Executivo de n\u00ba 177/2019"}, {"id": "1128", "ano": "2019", "numero": "142", "tipo__sigla": "REV", "tipo__descricao": "Relat\u00f3rios de rodagem do ve\u00edculo e outros", "assunto": "Relat\u00f3rios de viagem - RELAT\u00d3RIO PARA PERCEP\u00c7\u00c3O DE DI\u00c1RIA CONFORME O ARTIGO 7\u00ba DA LEI 1.477 DE 17 DE DEZEMBRO DE 2018"}, {"id": "736", "ano": "2019", "numero": "143", "tipo__sigla": "OFEXP", "tipo__descricao": "Of\u00edcio Expedido", "assunto": "Encaminha Indica\u00e7\u00e3o"}, {"id": "1129", "ano": "2019", "numero": "143", "tipo__sigla": "REV", "tipo__descricao": "Relat\u00f3rios de rodagem do ve\u00edculo e outros", "assunto": "Relat\u00f3rios de viagem - RELAT\u00d3RIO PARA PERCEP\u00c7\u00c3O DE DI\u00c1RIA CONFORME O ARTIGO 7\u00ba DA LEI 1.477 DE 17 DE DEZEMBRO DE 2018"}, {"id": "737", "ano": "2019", "numero": "144", "tipo__sigla": "OFEXP", "tipo__descricao": "Of\u00edcio Expedido", "assunto": "Encaminha Indica\u00e7\u00e3o"}, {"id": "1133", "ano": "2019", "numero": "144", "tipo__sigla": "REV", "tipo__descricao": "Relat\u00f3rios de rodagem do ve\u00edculo e outros", "assunto": "BUSCAR ASSINATURA DA 1\u00aa SECRET\u00c1RIA"}, {"id": "739", "ano": "2019", "numero": "145", "tipo__sigla": "OFEXP", "tipo__descricao": "Of\u00edcio Expedido", "assunto": "Cumprimentando-o cordialmente, vimos atrav\u00e9s do presente\r\nencaminhar a V.Ex.\u00aa, o aviso para Preg\u00e3o Presencial - Registro de Pre\u00e7os N\u00ba\r\n006/2019 referente \u00e0 aquisi\u00e7\u00e3o de produtos de panifica\u00e7\u00e3o, leite e derivados\r\npara ser publicado no Di\u00e1rio Oficial do Munic\u00edpio."}, {"id": "1152", "ano": "2019", "numero": "145", "tipo__sigla": "REV", "tipo__descricao": "Relat\u00f3rios de rodagem do ve\u00edculo e outros", "assunto": "Colher assinaturas do Presidente e 1\u00aa Secret\u00e1ria"}, {"id": "740", "ano": "2019", "numero": "146", "tipo__sigla": "OFEXP", "tipo__descricao": "Of\u00edcio Expedido", "assunto": "Encaminha Projeto de Lei de Iniciativa Popular n\u00ba 01/2019"}, {"id": "1163", "ano": "2019", "numero": "146", "tipo__sigla": "REV", "tipo__descricao": "Relat\u00f3rios de rodagem do ve\u00edculo e outros", "assunto": "Ir ao MP em Tr\u00eas Pontas"}, {"id": "741", "ano": "2019", "numero": "147", "tipo__sigla": "OFEXP", "tipo__descricao": "Of\u00edcio Expedido", "assunto": "Solicita\u00e7\u00e3o"}, {"id": "1182", "ano": "2019", "numero": "147", "tipo__sigla": "REV", "tipo__descricao": "Relat\u00f3rios de rodagem do ve\u00edculo e outros", "assunto": "Ir ao munic\u00edpio de Tr\u00eas Pontas"}, {"id": "742", "ano": "2019", "numero": "148", "tipo__sigla": "OFEXP", "tipo__descricao": "Of\u00edcio Expedido", "assunto": "Solicita\u00e7\u00e3o"}, {"id": "1209", "ano": "2019", "numero": "148", "tipo__sigla": "REV", "tipo__descricao": "Relat\u00f3rios de rodagem do ve\u00edculo e outros", "assunto": "Ir ao munic\u00edpio de Tr\u00eas Pontas. Caixa Econ\u00f4mica e M. Publico"}, {"id": "751", "ano": "2019", "numero": "149", "tipo__sigla": "OFEXP", "tipo__descricao": "Of\u00edcio Expedido", "assunto": "SOLICITA\u00c7\u00c3O"}, {"id": "1227", "ano": "2019", "numero": "149", "tipo__sigla": "REV", "tipo__descricao": "Relat\u00f3rios de rodagem do ve\u00edculo e outros", "assunto": "RELAT\u00d3RIO PARA PERCEP\u00c7\u00c3O DE DI\u00c1RIA\r\nCONFORME O ARTIGO 7\u00ba DA LEI 1.477 DE 17 DE DEZEMBRO DE 2018"}, {"id": "755", "ano": "2019", "numero": "150", "tipo__sigla": "OFEXP", "tipo__descricao": "Of\u00edcio Expedido", "assunto": "Convite para audi\u00eancia publica"}, {"id": "1229", "ano": "2019", "numero": "150", "tipo__sigla": "REV", "tipo__descricao": "Relat\u00f3rios de rodagem do ve\u00edculo e outros", "assunto": "RELAT\u00d3RIO PARA PERCEP\u00c7\u00c3O DE DI\u00c1RIA\r\nCONFORME O ARTIGO 7\u00ba DA LEI 1.477 DE 17 DE DEZEMBRO DE 2018"}, {"id": "756", "ano": "2019", "numero": "151", "tipo__sigla": "OFEXP", "tipo__descricao": "Of\u00edcio Expedido", "assunto": "Envia \u00e0 3\u00aa PJ/TP c\u00f3pia da den\u00fancia, dos atos de defesa, dos depoimentos, do relat\u00f3rio da comiss\u00e3o de processo administrativo disciplinar e do julgamento, para apura\u00e7\u00e3o da improbidade administrativa nos moldes da Lei n\u00ba8.429."}, {"id": "1241", "ano": "2019", "numero": "151", "tipo__sigla": "REV", "tipo__descricao": "Relat\u00f3rios de rodagem do ve\u00edculo e outros", "assunto": "Levar o carro para abastecer e fazer pagamento do Supermercado Max Sul"}, {"id": "757", "ano": "2019", "numero": "152", "tipo__sigla": "OFEXP", "tipo__descricao": "Of\u00edcio Expedido", "assunto": "Encaminha c\u00f3pia da den\u00fancia, dos atos de defesa, dos depoimentos, do relat\u00f3rio da comiss\u00e3o de processo administrativo disciplinar e do julgamento visando a aplica\u00e7\u00e3o as penas previstas na lei n\u00ba 8.429/92, uma vez que, a c\u00e2mara n\u00e3o tem legitimidade para faz\u00ea-la sozinha."}, {"id": "1245", "ano": "2019", "numero": "152", "tipo__sigla": "REV", "tipo__descricao": "Relat\u00f3rios de rodagem do ve\u00edculo e outros", "assunto": "Relat\u00f3rio de Viagem 13, 14 e 15 de novembro a Belo Horizonte"}, {"id": "759", "ano": "2019", "numero": "153", "tipo__sigla": "OFEXP", "tipo__descricao": "Of\u00edcio Expedido", "assunto": "Solicita informa\u00e7\u00f5es a respeito do valor do combust\u00edvel contratado"}, {"id": "1248", "ano": "2019", "numero": "153", "tipo__sigla": "REV", "tipo__descricao": "Relat\u00f3rios de rodagem do ve\u00edculo e outros", "assunto": "Colher assinatura da 1\u00aa Secret\u00e1ria"}, {"id": "769", "ano": "2019", "numero": "154", "tipo__sigla": "OFEXP", "tipo__descricao": "Of\u00edcio Expedido", "assunto": "Encaminha Projeto de Lei 03 de 2019 ao Executivo"}, {"id": "1250", "ano": "2019", "numero": "154", "tipo__sigla": "REV", "tipo__descricao": "Relat\u00f3rios de rodagem do ve\u00edculo e outros", "assunto": "Colher assinatura da 1\u00aa Secret\u00e1ria"}, {"id": "773", "ano": "2019", "numero": "155", "tipo__sigla": "OFEXP", "tipo__descricao": "Of\u00edcio Expedido", "assunto": "Encaminha aviso e Edital para publica\u00e7\u00e3o. Edital de material de expediente."}, {"id": "1252", "ano": "2019", "numero": "155", "tipo__sigla": "REV", "tipo__descricao": "Relat\u00f3rios de rodagem do ve\u00edculo e outros", "assunto": "Colher assinatura da 1\u00aa Secret\u00e1ria"}, {"id": "780", "ano": "2019", "numero": "156", "tipo__sigla": "OFEXP", "tipo__descricao": "Of\u00edcio Expedido", "assunto": "Resposta MP Griffon"}, {"id": "1262", "ano": "2019", "numero": "156", "tipo__sigla": "REV", "tipo__descricao": "Relat\u00f3rios de rodagem do ve\u00edculo e outros", "assunto": "Ir ao munic\u00edpio de Lavras"}, {"id": "782", "ano": "2019", "numero": "157", "tipo__sigla": "OFEXP", "tipo__descricao": "Of\u00edcio Expedido", "assunto": "Encaminha Decreto n\u00ba 01/2019"}, {"id": "1275", "ano": "2019", "numero": "157", "tipo__sigla": "REV", "tipo__descricao": "Relat\u00f3rios de rodagem do ve\u00edculo e outros", "assunto": "Buscar assinatura 1\u00aa Secret\u00e1ria"}, {"id": "783", "ano": "2019", "numero": "158", "tipo__sigla": "OFEXP", "tipo__descricao": "Of\u00edcio Expedido", "assunto": "Encaminha Decreto n\u00ba 02/2019"}, {"id": "1318", "ano": "2019", "numero": "158", "tipo__sigla": "REV", "tipo__descricao": "Relat\u00f3rios de rodagem do ve\u00edculo e outros", "assunto": "Levar o veiculo para abastecer e lavar"}, {"id": "787", "ano": "2019", "numero": "159", "tipo__sigla": "OFEXP", "tipo__descricao": "Of\u00edcio Expedido", "assunto": "Encaminha Projeto de Lei"}, {"id": "1347", "ano": "2019", "numero": "159", "tipo__sigla": "REV", "tipo__descricao": "Relat\u00f3rios de rodagem do ve\u00edculo e outros", "assunto": "Ir no Sindicato, na ACAPS e na Policia Militar"}, {"id": "788", "ano": "2019", "numero": "160", "tipo__sigla": "OFEXP", "tipo__descricao": "Of\u00edcio Expedido", "assunto": "Encaminha Decreto n\u00ba 01 ao Executivo"}, {"id": "1351", "ano": "2019", "numero": "160", "tipo__sigla": "REV", "tipo__descricao": "Relat\u00f3rios de rodagem do ve\u00edculo e outros", "assunto": "Viagem"}, {"id": "789", "ano": "2019", "numero": "161", "tipo__sigla": "OFEXP", "tipo__descricao": "Of\u00edcio Expedido", "assunto": "Encaminha Decreto n\u00ba 02 ao Executivo"}, {"id": "1367", "ano": "2019", "numero": "161", "tipo__sigla": "REV", "tipo__descricao": "Relat\u00f3rios de rodagem do ve\u00edculo e outros", "assunto": "Ir na ACAPS, no APS e na CONECTA"}, {"id": "790", "ano": "2019", "numero": "162", "tipo__sigla": "OFEXP", "tipo__descricao": "Of\u00edcio Expedido", "assunto": "Encaminha contas aprovadas 2015"}, {"id": "1369", "ano": "2019", "numero": "162", "tipo__sigla": "REV", "tipo__descricao": "Relat\u00f3rios de rodagem do ve\u00edculo e outros", "assunto": "Ir em Tr\u00eas Pontas 20/12/2019"}, {"id": "792", "ano": "2019", "numero": "163", "tipo__sigla": "OFEXP", "tipo__descricao": "Of\u00edcio Expedido", "assunto": "Encaminha contas aprovadas 2015"}, {"id": "1370", "ano": "2019", "numero": "163", "tipo__sigla": "REV", "tipo__descricao": "Relat\u00f3rios de rodagem do ve\u00edculo e outros", "assunto": "Convocar os vereadores. 19/12/2019"}, {"id": "791", "ano": "2019", "numero": "164", "tipo__sigla": "OFEXP", "tipo__descricao": "Of\u00edcio Expedido", "assunto": "Encaminha contas aprovadas 2016"}, {"id": "793", "ano": "2019", "numero": "165", "tipo__sigla": "OFEXP", "tipo__descricao": "Of\u00edcio Expedido", "assunto": "Encaminha contas aprovadas 2016"}, {"id": "803", "ano": "2019", "numero": "166", "tipo__sigla": "OFEXP", "tipo__descricao": "Of\u00edcio Expedido", "assunto": "Resposta ao Minist\u00e9rio P\u00fablico - Di\u00e1rias Antigas"}, {"id": "806", "ano": "2019", "numero": "167", "tipo__sigla": "OFEXP", "tipo__descricao": "Of\u00edcio Expedido", "assunto": "Encaminha resultado do veto"}, {"id": "807", "ano": "2019", "numero": "168", "tipo__sigla": "OFEXP", "tipo__descricao": "Of\u00edcio Expedido", "assunto": "Responde Of\u00edcio n\u00ba 654/2019/CAMP/MPC"}, {"id": "809", "ano": "2019", "numero": "169", "tipo__sigla": "OFEXP", "tipo__descricao": "Of\u00edcio Expedido", "assunto": "Responde Of\u00edcio do Executivo"}, {"id": "814", "ano": "2019", "numero": "170", "tipo__sigla": "OFEXP", "tipo__descricao": "Of\u00edcio Expedido", "assunto": "Of\u00edcio para o Executivo que encaminha tr\u00e2mites dos projetos de lei solicitados"}, {"id": "829", "ano": "2019", "numero": "171", "tipo__sigla": "OFEXP", "tipo__descricao": "Of\u00edcio Expedido", "assunto": "Solicita documentos para completar LDO"}, {"id": "830", "ano": "2019", "numero": "172", "tipo__sigla": "OFEXP", "tipo__descricao": "Of\u00edcio Expedido", "assunto": "Encaminha Projeto de Lei complementar referente ao plano de cargos e sal\u00e1rios"}, {"id": "840", "ano": "2019", "numero": "173", "tipo__sigla": "OFEXP", "tipo__descricao": "Of\u00edcio Expedido", "assunto": "Resposta ao MP - Of\u00edcio MP 422 - Di\u00e1rias Antigas"}, {"id": "841", "ano": "2019", "numero": "174", "tipo__sigla": "OFEXP", "tipo__descricao": "Of\u00edcio Expedido", "assunto": "Solicitando a exclus\u00e3o do nome de 3 ex-vereadores da d\u00edvida ativa, caso estejam l\u00e1 por cobran\u00e7a de faltas injustificadas a sess\u00f5es legislativas."}, {"id": "843", "ano": "2019", "numero": "175", "tipo__sigla": "OFEXP", "tipo__descricao": "Of\u00edcio Expedido", "assunto": "Encaminha Projeto de Lei"}, {"id": "844", "ano": "2019", "numero": "176", "tipo__sigla": "OFEXP", "tipo__descricao": "Of\u00edcio Expedido", "assunto": "Encaminha Projeto de Lei Complementar"}, {"id": "845", "ano": "2019", "numero": "177", "tipo__sigla": "OFEXP", "tipo__descricao": "Of\u00edcio Expedido", "assunto": "Encaminha Projeto de Lei"}, {"id": "855", "ano": "2019", "numero": "178", "tipo__sigla": "OFEXP", "tipo__descricao": "Of\u00edcio Expedido", "assunto": "Solicita Guia I.R"}, {"id": "866", "ano": "2019", "numero": "179", "tipo__sigla": "OFEXP", "tipo__descricao": "Of\u00edcio Expedido", "assunto": "Encaminha Projeto de Lei"}, {"id": "871", "ano": "2019", "numero": "180", "tipo__sigla": "OFEXP", "tipo__descricao": "Of\u00edcio Expedido", "assunto": "Encaminha Projeto de Lei 01 de 2019"}, {"id": "872", "ano": "2019", "numero": "181", "tipo__sigla": "OFEXP", "tipo__descricao": "Of\u00edcio Expedido", "assunto": "Requisita documentos ao Executivo (Contrata\u00e7\u00f5es)"}, {"id": "873", "ano": "2019", "numero": "182", "tipo__sigla": "OFEXP", "tipo__descricao": "Of\u00edcio Expedido", "assunto": "Informa\u00e7\u00e3o ao MP (contrata\u00e7\u00f5es da Prefeitura)"}, {"id": "876", "ano": "2019", "numero": "183", "tipo__sigla": "OFEXP", "tipo__descricao": "Of\u00edcio Expedido", "assunto": "Resposta ao of\u00edcio 257/2019 da Prefeitura que solicita c\u00f3pia das defesas dos vereadores executados por ausencia injustifica a sess\u00f5es legislativas."}, {"id": "888", "ano": "2019", "numero": "184", "tipo__sigla": "OFEXP", "tipo__descricao": "Of\u00edcio Expedido", "assunto": "Resposta ao of\u00edco 511 do MP - Contrata\u00e7\u00e3o da Griffon."}, {"id": "893", "ano": "2019", "numero": "185", "tipo__sigla": "OFEXP", "tipo__descricao": "Of\u00edcio Expedido", "assunto": "ENCAMINHA RESULTADO DO VETO N\u00ba 02/2019"}, {"id": "898", "ano": "2019", "numero": "186", "tipo__sigla": "OFEXP", "tipo__descricao": "Of\u00edcio Expedido", "assunto": "Solicita numera\u00e7\u00e3o de lei complementar"}, {"id": "905", "ano": "2019", "numero": "187", "tipo__sigla": "OFEXP", "tipo__descricao": "Of\u00edcio Expedido", "assunto": "Encaminha Lei Complementar 016/2019 para publica\u00e7\u00e3o no di\u00e1rio oficial."}, {"id": "906", "ano": "2019", "numero": "188", "tipo__sigla": "OFEXP", "tipo__descricao": "Of\u00edcio Expedido", "assunto": "Of\u00edcio ao MP (contrata\u00e7\u00f5es da prefeitura)"}, {"id": "914", "ano": "2019", "numero": "189", "tipo__sigla": "OFEXP", "tipo__descricao": "Of\u00edcio Expedido", "assunto": "Encaminha c\u00f3pia dos documentos protocolados e as respectivas respostas ao vereador Jo\u00e3o Martins Boaventura."}, {"id": "932", "ano": "2019", "numero": "190", "tipo__sigla": "OFEXP", "tipo__descricao": "Of\u00edcio Expedido", "assunto": "Convite ao Prefeito"}, {"id": "929", "ano": "2019", "numero": "192", "tipo__sigla": "OFEXP", "tipo__descricao": "Of\u00edcio Expedido", "assunto": "Encaminha o requerimento 004-2019 e a indica\u00e7\u00e3o 017-2019 de autoria do vereador Rodrigo Scalioni Brito."}, {"id": "930", "ano": "2019", "numero": "193", "tipo__sigla": "OFEXP", "tipo__descricao": "Of\u00edcio Expedido", "assunto": "Informa ao prefeito municipal sobre solicita\u00e7\u00f5es verbais realizadas pelos vereadores Expedito Alves e Jo\u00e3o Martins."}, {"id": "931", "ano": "2019", "numero": "194", "tipo__sigla": "OFEXP", "tipo__descricao": "Of\u00edcio Expedido", "assunto": "Convite ao Prefeito"}, {"id": "940", "ano": "2019", "numero": "195", "tipo__sigla": "OFEXP", "tipo__descricao": "Of\u00edcio Expedido", "assunto": "Solicita ao executivo o apoio dos Socorristas volunt\u00e1rios"}, {"id": "943", "ano": "2019", "numero": "196", "tipo__sigla": "OFEXP", "tipo__descricao": "Of\u00edcio Expedido", "assunto": "Responde Minist\u00e9rio Publico de Contas"}, {"id": "944", "ano": "2019", "numero": "197", "tipo__sigla": "OFEXP", "tipo__descricao": "Of\u00edcio Expedido", "assunto": "Convite Audi\u00eancia Publica - REURB"}, {"id": "945", "ano": "2019", "numero": "198", "tipo__sigla": "OFEXP", "tipo__descricao": "Of\u00edcio Expedido", "assunto": "Convite Audi\u00eancia Publica - REURB"}, {"id": "959", "ano": "2019", "numero": "199", "tipo__sigla": "OFEXP", "tipo__descricao": "Of\u00edcio Expedido", "assunto": "Encaminhamento ao Executivo de projetos aprovados na 22\u00aa reuni\u00e3o ordin\u00e1ria."}, {"id": "961", "ano": "2019", "numero": "200", "tipo__sigla": "OFEXP", "tipo__descricao": "Of\u00edcio Expedido", "assunto": "Encaminha indica\u00e7\u00f5es 18/2019 e 19/2019 de autoria do vereador Rodrigo Scalioni."}, {"id": "968", "ano": "2019", "numero": "201", "tipo__sigla": "OFEXP", "tipo__descricao": "Of\u00edcio Expedido", "assunto": "Responde solicita\u00e7\u00e3o da Sra. Cleide Elena Luz"}, {"id": "973", "ano": "2019", "numero": "202", "tipo__sigla": "OFEXP", "tipo__descricao": "Of\u00edcio Expedido", "assunto": "Encaminha arquivos solicitados \u00e0 mun\u00edcipe Mayara Cozoto"}, {"id": "975", "ano": "2019", "numero": "203", "tipo__sigla": "OFEXP", "tipo__descricao": "Of\u00edcio Expedido", "assunto": "Of\u00edcio ao MP referente ao PROCON"}, {"id": "977", "ano": "2019", "numero": "204", "tipo__sigla": "OFEXP", "tipo__descricao": "Of\u00edcio Expedido", "assunto": "Encaminha indica\u00e7\u00f5es n\u00ba 20 e 21/2019 de autoria do nobre Edil Rodrigo Scalioni."}, {"id": "978", "ano": "2019", "numero": "205", "tipo__sigla": "OFEXP", "tipo__descricao": "Of\u00edcio Expedido", "assunto": "Encaminha indica\u00e7\u00f5es 15 e 33 de autoria do Presidente desta Casa"}, {"id": "979", "ano": "2019", "numero": "206", "tipo__sigla": "OFEXP", "tipo__descricao": "Of\u00edcio Expedido", "assunto": "Encaminha Indica\u00e7\u00e3o da vereadora Silmara Girlaine"}, {"id": "980", "ano": "2019", "numero": "207", "tipo__sigla": "OFEXP", "tipo__descricao": "Of\u00edcio Expedido", "assunto": "Encaminha or\u00e7amento legislativo 2020"}, {"id": "1002", "ano": "2019", "numero": "208", "tipo__sigla": "OFEXP", "tipo__descricao": "Of\u00edcio Expedido", "assunto": "Encaminha \u00e0 Prefeitura, comunicado de dispensa de licita\u00e7\u00e3o para contrata\u00e7\u00e3o da banca para a realiza\u00e7\u00e3o do concurso p\u00fablico para provimento dos cargos definidos na Lei Complementar n\u00ba 16/2019 para ser publicado no Di\u00e1rio Oficial do Munic\u00edpio."}, {"id": "1008", "ano": "2019", "numero": "209", "tipo__sigla": "OFEXP", "tipo__descricao": "Of\u00edcio Expedido", "assunto": "Encaminha indica\u00e7\u00e3o n\u00ba 22/2019"}, {"id": "1009", "ano": "2019", "numero": "210", "tipo__sigla": "OFEXP", "tipo__descricao": "Of\u00edcio Expedido", "assunto": "Encaminha Indica\u00e7\u00e3o n\u00ba 23/2019"}, {"id": "1010", "ano": "2019", "numero": "211", "tipo__sigla": "OFEXP", "tipo__descricao": "Of\u00edcio Expedido", "assunto": "Encaminha indica\u00e7\u00e3o n\u00ba 17/2019"}, {"id": "1011", "ano": "2019", "numero": "212", "tipo__sigla": "OFEXP", "tipo__descricao": "Of\u00edcio Expedido", "assunto": "Encaminha indica\u00e7\u00e3o 18/2019"}, {"id": "1012", "ano": "2019", "numero": "213", "tipo__sigla": "OFEXP", "tipo__descricao": "Of\u00edcio Expedido", "assunto": "Encaminha indica\u00e7\u00e3o 01/2019"}, {"id": "1024", "ano": "2019", "numero": "214", "tipo__sigla": "OFEXP", "tipo__descricao": "Of\u00edcio Expedido", "assunto": "Encaminha projeto de lei aprovado"}, {"id": "1030", "ano": "2019", "numero": "215", "tipo__sigla": "OFEXP", "tipo__descricao": "Of\u00edcio Expedido", "assunto": "Resposta Of\u00edcio 642 Minist\u00e9rio P\u00fablico - TAC"}, {"id": "1032", "ano": "2019", "numero": "216", "tipo__sigla": "OFEXP", "tipo__descricao": "Of\u00edcio Expedido", "assunto": "Of\u00edcio ao servidor Cleber ordenando a publica\u00e7\u00e3o de documentos cont\u00e1beis de 2018."}, {"id": "1033", "ano": "2019", "numero": "217", "tipo__sigla": "OFEXP", "tipo__descricao": "Of\u00edcio Expedido", "assunto": "Resposta ao of\u00edcio n\u00ba 621/2019 da 3\u00aa Promotoria de Justi\u00e7a da Comarca de Tr\u00eas Pontas - CPI"}, {"id": "1041", "ano": "2019", "numero": "218", "tipo__sigla": "OFEXP", "tipo__descricao": "Of\u00edcio Expedido", "assunto": "Convite para Audi\u00eancia Publica - REURB - MP"}, {"id": "1042", "ano": "2019", "numero": "219", "tipo__sigla": "OFEXP", "tipo__descricao": "Of\u00edcio Expedido", "assunto": "Convite para Audi\u00eancia Publica - REURB"}, {"id": "1043", "ano": "2019", "numero": "220", "tipo__sigla": "OFEXP", "tipo__descricao": "Of\u00edcio Expedido", "assunto": "Convite para Audi\u00eancia Publica - REURB"}, {"id": "1051", "ano": "2019", "numero": "221", "tipo__sigla": "OFEXP", "tipo__descricao": "Of\u00edcio Expedido", "assunto": "Solicita guia do Imposto de Renda"}, {"id": "1053", "ano": "2019", "numero": "222", "tipo__sigla": "OFEXP", "tipo__descricao": "Of\u00edcio Expedido", "assunto": "Reitera indica\u00e7\u00e3o"}, {"id": "1062", "ano": "2019", "numero": "223", "tipo__sigla": "OFEXP", "tipo__descricao": "Of\u00edcio Expedido", "assunto": "Solicita informa\u00e7\u00f5es sobre a exist\u00eancia de projeto de arboriza\u00e7\u00e3o da Avenida Nelson Pereira."}, {"id": "1064", "ano": "2019", "numero": "224", "tipo__sigla": "OFEXP", "tipo__descricao": "Of\u00edcio Expedido", "assunto": "Encaminha o projeto de lei do legislativo 02/2019  para a prefeitura."}, {"id": "1065", "ano": "2019", "numero": "225", "tipo__sigla": "OFEXP", "tipo__descricao": "Of\u00edcio Expedido", "assunto": "Resposta ao of\u00edcio 710 do MP"}, {"id": "1079", "ano": "2019", "numero": "226", "tipo__sigla": "OFEXP", "tipo__descricao": "Of\u00edcio Expedido", "assunto": "Encaminha indica\u00e7\u00e3o do vereador Carlos Cezar"}, {"id": "1080", "ano": "2019", "numero": "227", "tipo__sigla": "OFEXP", "tipo__descricao": "Of\u00edcio Expedido", "assunto": "Encaminha indica\u00e7\u00e3o do vereador Rodrigo Scalioni"}, {"id": "1092", "ano": "2019", "numero": "228", "tipo__sigla": "OFEXP", "tipo__descricao": "Of\u00edcio Expedido", "assunto": "Encaminha projeto de lei n\u00b0 18/2019 aprovado na 27\u00aa reuni\u00e3o ordin\u00e1ria."}, {"id": "1103", "ano": "2019", "numero": "229", "tipo__sigla": "OFEXP", "tipo__descricao": "Of\u00edcio Expedido", "assunto": "Encaminha indica\u00e7\u00e3o"}, {"id": "1108", "ano": "2019", "numero": "230", "tipo__sigla": "OFEXP", "tipo__descricao": "Of\u00edcio Expedido", "assunto": "Encaminha indica\u00e7\u00e3o"}, {"id": "1109", "ano": "2019", "numero": "231", "tipo__sigla": "OFEXP", "tipo__descricao": "Of\u00edcio Expedido", "assunto": "Encaminha indica\u00e7\u00e3o"}, {"id": "1114", "ano": "2019", "numero": "232", "tipo__sigla": "OFEXP", "tipo__descricao": "Of\u00edcio Expedido", "assunto": "Solicita a guia de I. de Renda"}, {"id": "1115", "ano": "2019", "numero": "233", "tipo__sigla": "OFEXP", "tipo__descricao": "Of\u00edcio Expedido", "assunto": "Convite COPASA"}, {"id": "1116", "ano": "2019", "numero": "234", "tipo__sigla": "OFEXP", "tipo__descricao": "Of\u00edcio Expedido", "assunto": "Convite Arsae/MG"}, {"id": "1121", "ano": "2019", "numero": "235", "tipo__sigla": "OFEXP", "tipo__descricao": "Of\u00edcio Expedido", "assunto": "Encaminha Indica\u00e7\u00e3o"}, {"id": "1122", "ano": "2019", "numero": "236", "tipo__sigla": "OFEXP", "tipo__descricao": "Of\u00edcio Expedido", "assunto": "Convite para audi\u00eancia publica da LDO 2020"}, {"id": "1123", "ano": "2019", "numero": "238", "tipo__sigla": "OFEXP", "tipo__descricao": "Of\u00edcio Expedido", "assunto": "Convite aos vereadores para audi\u00eancia publica - LOA 2020"}, {"id": "1137", "ano": "2019", "numero": "239", "tipo__sigla": "OFEXP", "tipo__descricao": "Of\u00edcio Expedido", "assunto": "Reitera Of\u00edcio Conjunto do Setor Jur\u00eddico 01/2019"}, {"id": "1141", "ano": "2019", "numero": "240", "tipo__sigla": "OFEXP", "tipo__descricao": "Of\u00edcio Expedido", "assunto": "Retifica Of\u00edcio 236/2019"}, {"id": "1136", "ano": "2019", "numero": "241", "tipo__sigla": "OFEXP", "tipo__descricao": "Of\u00edcio Expedido", "assunto": "Resposta ao of\u00edcio n\u00ba 18/DPCS/2018."}, {"id": "1146", "ano": "2019", "numero": "242", "tipo__sigla": "OFEXP", "tipo__descricao": "Of\u00edcio Expedido", "assunto": "Solicita\u00e7\u00e3o a Memory"}, {"id": "1147", "ano": "2019", "numero": "243", "tipo__sigla": "OFEXP", "tipo__descricao": "Of\u00edcio Expedido", "assunto": "Encaminha indica\u00e7\u00e3o"}, {"id": "1148", "ano": "2019", "numero": "244", "tipo__sigla": "OFEXP", "tipo__descricao": "Of\u00edcio Expedido", "assunto": "Encaminha ao Executivo projetos aprovados na 30\u00aa reuni\u00e3o ordin\u00e1ria do dia 08 de outubro de 2019."}, {"id": "1154", "ano": "2019", "numero": "245", "tipo__sigla": "OFEXP", "tipo__descricao": "Of\u00edcio Expedido", "assunto": "Encaminha Copia da Resolu\u00e7\u00e3o que Homologa resultado final do conselho tutelar"}, {"id": "1162", "ano": "2019", "numero": "246", "tipo__sigla": "OFEXP", "tipo__descricao": "Of\u00edcio Expedido", "assunto": "Encaminhamento da reda\u00e7\u00e3o final do projeto de lei 007/2019 aprovado na 31\u00aa reuni\u00e3o ordin\u00e1ria."}, {"id": "1165", "ano": "2019", "numero": "247", "tipo__sigla": "OFEXP", "tipo__descricao": "Of\u00edcio Expedido", "assunto": "Resposta ao MP - Of\u00edcio n\u00ba 833-2019"}, {"id": "1180", "ano": "2019", "numero": "248", "tipo__sigla": "OFEXP", "tipo__descricao": "Of\u00edcio Expedido", "assunto": "Encaminhamento"}, {"id": "1188", "ano": "2019", "numero": "249", "tipo__sigla": "OFEXP", "tipo__descricao": "Of\u00edcio Expedido", "assunto": "Encaminha para o Executivo projetos aprovados na 32\u00aa."}, {"id": "1189", "ano": "2019", "numero": "250", "tipo__sigla": "OFEXP", "tipo__descricao": "Of\u00edcio Expedido", "assunto": "Solicita informa\u00e7\u00e3o para servidor."}, {"id": "1194", "ano": "2019", "numero": "251", "tipo__sigla": "OFEXP", "tipo__descricao": "Of\u00edcio Expedido", "assunto": "Solicita gasto com pessoal e n\u00famero de contratados e efetivos do Executivo"}, {"id": "1195", "ano": "2019", "numero": "252", "tipo__sigla": "OFEXP", "tipo__descricao": "Of\u00edcio Expedido", "assunto": "Reposta of\u00edcio 897 do MP"}, {"id": "1198", "ano": "2019", "numero": "253", "tipo__sigla": "OFEXP", "tipo__descricao": "Of\u00edcio Expedido", "assunto": "Resposta ao of\u00edcio 889/2019/3\u00aaPJ-TP"}, {"id": "1199", "ano": "2019", "numero": "254", "tipo__sigla": "OFEXP", "tipo__descricao": "Of\u00edcio Expedido", "assunto": "Resposta of\u00edcio 898/2019/3\u00aaPJ-TP"}, {"id": "1206", "ano": "2019", "numero": "255", "tipo__sigla": "OFEXP", "tipo__descricao": "Of\u00edcio Expedido", "assunto": "Solicita guia de I.R"}, {"id": "1207", "ano": "2019", "numero": "256", "tipo__sigla": "OFEXP", "tipo__descricao": "Of\u00edcio Expedido", "assunto": "Encaminha indica\u00e7\u00e3o 027/2019 - Rodrigo Scalioni"}, {"id": "1216", "ano": "2019", "numero": "257", "tipo__sigla": "OFEXP", "tipo__descricao": "Of\u00edcio Expedido", "assunto": "Encaminha emenda"}, {"id": "1223", "ano": "2019", "numero": "258", "tipo__sigla": "OFEXP", "tipo__descricao": "Of\u00edcio Expedido", "assunto": "Solicita os nomes dos membros  escolhidos para compor o Conselho Municipal de Habita\u00e7\u00e3o"}, {"id": "1224", "ano": "2019", "numero": "259", "tipo__sigla": "OFEXP", "tipo__descricao": "Of\u00edcio Expedido", "assunto": "Encaminha Projeto de lei n\u00ba 27/2019 aprovado"}, {"id": "1225", "ano": "2019", "numero": "260", "tipo__sigla": "OFEXP", "tipo__descricao": "Of\u00edcio Expedido", "assunto": "Encaminha relat\u00f3rios do m\u00eas de outubro 2019"}, {"id": "1233", "ano": "2019", "numero": "261", "tipo__sigla": "OFEXP", "tipo__descricao": "Of\u00edcio Expedido", "assunto": "Reposta ao of\u00edcio n\u00ba 967/2019/3\u00aaPJ-TP da 3\u00aa Promotoria de Justi\u00e7a da Comarca de Tr\u00eas Pontas, Minas Gerais;"}, {"id": "1235", "ano": "2019", "numero": "262", "tipo__sigla": "OFEXP", "tipo__descricao": "Of\u00edcio Expedido", "assunto": "Encaminha indica\u00e7\u00f5es"}, {"id": "1237", "ano": "2019", "numero": "263", "tipo__sigla": "OFEXP", "tipo__descricao": "Of\u00edcio Expedido", "assunto": "Solicita\u00e7\u00e3o ao Banco do Brasil"}, {"id": "1239", "ano": "2019", "numero": "264", "tipo__sigla": "OFEXP", "tipo__descricao": "Of\u00edcio Expedido", "assunto": "OF\u00cdCIO DO EXECUTIVO - Informa os nomes dos membros do legislativo para compor o CODEMA"}, {"id": "1240", "ano": "2019", "numero": "265", "tipo__sigla": "OFEXP", "tipo__descricao": "Of\u00edcio Expedido", "assunto": "Solicita copia do contrato entre o munic\u00edpio e a COPASA"}, {"id": "1243", "ano": "2019", "numero": "266", "tipo__sigla": "OFEXP", "tipo__descricao": "Of\u00edcio Expedido", "assunto": "Encaminha Projeto de Lei Complementar aprovado"}, {"id": "1267", "ano": "2019", "numero": "267", "tipo__sigla": "OFEXP", "tipo__descricao": "Of\u00edcio Expedido", "assunto": "Encaminha projeto 28/2019, aprovado em regime de urg\u00eancia na 36\u00aa reuni\u00e3o ordin\u00e1ria realizada no dia dezenove de outubro de dois mil e dezenove."}, {"id": "1277", "ano": "2019", "numero": "268", "tipo__sigla": "OFEXP", "tipo__descricao": "Of\u00edcio Expedido", "assunto": "Encaminha indica\u00e7\u00e3o n\u00ba 17/2019 de autoria deste Presidente"}, {"id": "1283", "ano": "2019", "numero": "269", "tipo__sigla": "OFEXP", "tipo__descricao": "Of\u00edcio Expedido", "assunto": "Of\u00edcio Prefeitura - Of\u00edcio MP 1.077/2019 - Situa\u00e7\u00e3o do Est\u00e1dio Hernani Pereira."}, {"id": "1284", "ano": "2019", "numero": "270", "tipo__sigla": "OFEXP", "tipo__descricao": "Of\u00edcio Expedido", "assunto": "Of\u00edcio Resposta MP 1.077"}, {"id": "1285", "ano": "2019", "numero": "271", "tipo__sigla": "OFEXP", "tipo__descricao": "Of\u00edcio Expedido", "assunto": "Of\u00edcio \u00e0 Pol\u00edcia Militar - Solicitando BO(s) relativos ao Est\u00e1dio Hernani Pereira."}, {"id": "1286", "ano": "2019", "numero": "272", "tipo__sigla": "OFEXP", "tipo__descricao": "Of\u00edcio Expedido", "assunto": "Resposta ao of\u00edcio 993/2019/3\u00aaPJ-TP"}, {"id": "1287", "ano": "2019", "numero": "273", "tipo__sigla": "OFEXP", "tipo__descricao": "Of\u00edcio Expedido", "assunto": "Resposta of\u00edcio 983/2019/3\u00aaPJ-TP"}, {"id": "1288", "ano": "2019", "numero": "274", "tipo__sigla": "OFEXP", "tipo__descricao": "Of\u00edcio Expedido", "assunto": "Setor de controle interno - Holerites Adriana Rafael dos anos de 2017 e 2018 que contenham horas extras. - Of\u00edcio MP 1058/2019/3\u00aaPJ-PJ"}, {"id": "1292", "ano": "2019", "numero": "275", "tipo__sigla": "OFEXP", "tipo__descricao": "Of\u00edcio Expedido", "assunto": "Solicita Guia de Imposto de Renda 11/2019"}, {"id": "1298", "ano": "2019", "numero": "276", "tipo__sigla": "OFEXP", "tipo__descricao": "Of\u00edcio Expedido", "assunto": "Solicita informa\u00e7\u00f5es"}, {"id": "1306", "ano": "2019", "numero": "277", "tipo__sigla": "OFEXP", "tipo__descricao": "Of\u00edcio Expedido", "assunto": "Encaminha ao Executivo projetos aprovados na 38\u00aa reuni\u00e3o ordin\u00e1ria."}, {"id": "1322", "ano": "2019", "numero": "278", "tipo__sigla": "OFEXP", "tipo__descricao": "Of\u00edcio Expedido", "assunto": "Responde of\u00edcio 425/2019"}, {"id": "1324", "ano": "2019", "numero": "279", "tipo__sigla": "OFEXP", "tipo__descricao": "Of\u00edcio Expedido", "assunto": "Encaminha Indica\u00e7\u00e3o"}, {"id": "1331", "ano": "2019", "numero": "280", "tipo__sigla": "OFEXP", "tipo__descricao": "Of\u00edcio Expedido", "assunto": "Solicita suplementa\u00e7\u00e3o or\u00e7ament\u00e1ria."}, {"id": "1333", "ano": "2019", "numero": "281", "tipo__sigla": "OFEXP", "tipo__descricao": "Of\u00edcio Expedido", "assunto": "Valor do limite ultrapassado (LRF)"}, {"id": "1349", "ano": "2019", "numero": "282", "tipo__sigla": "OFEXP", "tipo__descricao": "Of\u00edcio Expedido", "assunto": "Encaminha projeto aprovado na 40\u00aa reuni\u00e3o ordin\u00e1ria do di a17 de dezembro de 2019."}, {"id": "1353", "ano": "2019", "numero": "283", "tipo__sigla": "OFEXP", "tipo__descricao": "Of\u00edcio Expedido", "assunto": "ENCAMINHA RELAT\u00d3RIOS CONT\u00c1BEIS"}, {"id": "1354", "ano": "2019", "numero": "284", "tipo__sigla": "OFEXP", "tipo__descricao": "Of\u00edcio Expedido", "assunto": "Solicita\u00e7\u00e3o de guia de imposto de renda"}, {"id": "1359", "ano": "2019", "numero": "285", "tipo__sigla": "OFEXP", "tipo__descricao": "Of\u00edcio Expedido", "assunto": "Encaminha projeto de lei 030/2019 aprovado na 40\u00aa reuni\u00e3o ordin\u00e1ria do dia 17 de dezembro de 2019."}, {"id": "1362", "ano": "2019", "numero": "286", "tipo__sigla": "OFEXP", "tipo__descricao": "Of\u00edcio Expedido", "assunto": "Encaminhamento do projeto de lei complementar 005/2019 aprovado na 14\u00aa reuni\u00e3o extraordin\u00e1ria."}, {"id": "1099", "ano": "2019", "numero": "346", "tipo__sigla": "OR", "tipo__descricao": "OF\u00cdCIOS RECEBIDOS", "assunto": "Encaminha documentos das contrata\u00e7\u00f5es"}, {"id": "1100", "ano": "2019", "numero": "347", "tipo__sigla": "OR", "tipo__descricao": "OF\u00cdCIOS RECEBIDOS", "assunto": "Solicita representantes para o CODEMA"}, {"id": "1112", "ano": "2019", "numero": "348", "tipo__sigla": "OR", "tipo__descricao": "OF\u00cdCIOS RECEBIDOS", "assunto": "Encaminha documentos - Conselho Municipal dos Direitos da Crian\u00e7a e do Adolescente"}, {"id": "1132", "ano": "2019", "numero": "349", "tipo__sigla": "OR", "tipo__descricao": "OF\u00cdCIOS RECEBIDOS", "assunto": "Encaminha resultado da elei\u00e7\u00e3o unificada dos membros do conselho tutelar"}, {"id": "1139", "ano": "2019", "numero": "350", "tipo__sigla": "OR", "tipo__descricao": "OF\u00cdCIOS RECEBIDOS", "assunto": "Encaminha anexos referentes aos Socorristas Vonlunt\u00e1rios"}, {"id": "1140", "ano": "2019", "numero": "351", "tipo__sigla": "OR", "tipo__descricao": "OF\u00cdCIOS RECEBIDOS", "assunto": "Encaminha Certid\u00e3o solicitada pela Comiss\u00e3o"}, {"id": "1160", "ano": "2019", "numero": "352", "tipo__sigla": "OR", "tipo__descricao": "OF\u00cdCIOS RECEBIDOS", "assunto": "Convite para a diploma\u00e7\u00e3o dos candidatos eleitos(titulares e suplentes) - Conselho tutelar"}, {"id": "1171", "ano": "2019", "numero": "353", "tipo__sigla": "OR", "tipo__descricao": "OF\u00cdCIOS RECEBIDOS", "assunto": "Convite para diploma\u00e7\u00e3o dos novos membros do conselho tutelar"}, {"id": "1191", "ano": "2019", "numero": "354", "tipo__sigla": "OR", "tipo__descricao": "OF\u00cdCIOS RECEBIDOS", "assunto": "Encaminha copia do Edital de convoca\u00e7\u00e3o 003/2019"}, {"id": "1234", "ano": "2019", "numero": "355", "tipo__sigla": "OR", "tipo__descricao": "OF\u00cdCIOS RECEBIDOS", "assunto": "Encaminha retifica\u00e7\u00e3o do Edital de convoca\u00e7\u00e3o 003/2019"}, {"id": "1258", "ano": "2019", "numero": "356", "tipo__sigla": "OR", "tipo__descricao": "OF\u00cdCIOS RECEBIDOS", "assunto": "Contrato com a COPASA"}, {"id": "1259", "ano": "2019", "numero": "357", "tipo__sigla": "OR", "tipo__descricao": "OF\u00cdCIOS RECEBIDOS", "assunto": "Solicita informa\u00e7\u00f5es"}, {"id": "1260", "ano": "2019", "numero": "358", "tipo__sigla": "OR", "tipo__descricao": "OF\u00cdCIOS RECEBIDOS", "assunto": "Resposta ao Of\u00edcio 174/2019"}, {"id": "1263", "ano": "2019", "numero": "359", "tipo__sigla": "OR", "tipo__descricao": "OF\u00cdCIOS RECEBIDOS", "assunto": "Of\u00edcio 392/2019"}, {"id": "1268", "ano": "2019", "numero": "360", "tipo__sigla": "OR", "tipo__descricao": "OF\u00cdCIOS RECEBIDOS", "assunto": "Solicita que o Projeto de Lei 29/2019 seja analisado com um pedido de urg\u00eancia, em se tratando de cunho social."}, {"id": "1291", "ano": "2019", "numero": "361", "tipo__sigla": "OR", "tipo__descricao": "OF\u00cdCIOS RECEBIDOS", "assunto": "Solicita\u00e7\u00e3o CMDCA"}, {"id": "1299", "ano": "2019", "numero": "362", "tipo__sigla": "OR", "tipo__descricao": "OF\u00cdCIOS RECEBIDOS", "assunto": "Of\u00edcio 366/2019 - Encaminhamento"}, {"id": "1303", "ano": "2019", "numero": "363", "tipo__sigla": "OR", "tipo__descricao": "OF\u00cdCIOS RECEBIDOS", "assunto": "Informa\u00e7\u00e3o - realiza\u00e7\u00e3o de audi\u00eancia publica"}, {"id": "1313", "ano": "2019", "numero": "364", "tipo__sigla": "OR", "tipo__descricao": "OF\u00cdCIOS RECEBIDOS", "assunto": "Solicita\u00e7\u00e3o"}, {"id": "1325", "ano": "2019", "numero": "365", "tipo__sigla": "OR", "tipo__descricao": "OF\u00cdCIOS RECEBIDOS", "assunto": "Responde solicita\u00e7\u00e3o do Legislativo"}, {"id": "1326", "ano": "2019", "numero": "366", "tipo__sigla": "OR", "tipo__descricao": "OF\u00cdCIOS RECEBIDOS", "assunto": "Responde Of\u00edcio 276-2019"}, {"id": "1373", "ano": "2020", "numero": "1", "tipo__sigla": "OR", "tipo__descricao": "OF\u00cdCIOS RECEBIDOS", "assunto": "Encaminha documentos para emiss\u00e3o de parecer juridico"}, {"id": "1374", "ano": "2020", "numero": "1", "tipo__sigla": "REV", "tipo__descricao": "Relat\u00f3rios de rodagem do ve\u00edculo e outros", "assunto": "Levar os servidores na ACAPS para fazer exames."}, {"id": "1375", "ano": "2020", "numero": "1", "tipo__sigla": "OFEXP", "tipo__descricao": "Of\u00edcio Expedido", "assunto": "Responde of\u00edcio n\u00ba 427/2019 advindo do executivo"}, {"id": "1379", "ano": "2020", "numero": "1", "tipo__sigla": "OVC", "tipo__descricao": "Of\u00edcio de Vereador/Comiss\u00e3o", "assunto": "Solicita\u00e7\u00e3o de melhora no hor\u00e1rio de funcionamento do banco do brasil."}, {"id": "1383", "ano": "2020", "numero": "1", "tipo__sigla": "MEM", "tipo__descricao": "Memorando", "assunto": "Ruiter Solicita f\u00e9rias."}, {"id": "1385", "ano": "2020", "numero": "1", "tipo__sigla": "AT", "tipo__descricao": "ATESTADO", "assunto": "Atestado medico"}, {"id": "1387", "ano": "2020", "numero": "1", "tipo__sigla": "PARE", "tipo__descricao": "PARECER", "assunto": "Parecer sobre a vota\u00e7\u00e3o do projeto de lei 30-2019"}, {"id": "1388", "ano": "2020", "numero": "1", "tipo__sigla": "OFP", "tipo__descricao": "Of\u00edcio da Procuradoria", "assunto": "Solicitando ao Controle Interno que providencie o conte\u00fado solicitado nos memorandos do Servidor Emerson e do Vereador Carlos Cesar."}, {"id": "1395", "ano": "2020", "numero": "1", "tipo__sigla": "REDF", "tipo__descricao": "Reda\u00e7\u00e3o Final", "assunto": "Reda\u00e7\u00e3o Final do projeto de lei n\u00b0 30/2019."}, {"id": "1398", "ano": "2020", "numero": "1", "tipo__sigla": "DMP", "tipo__descricao": "Documentos de tribunais e do Minist\u00e9rio P\u00fablico", "assunto": "Oficio 017/2020/3pjtp-Reitera Of\u00edcio n\u00ba 1112/2019"}, {"id": "1404", "ano": "2020", "numero": "1", "tipo__sigla": "DA", "tipo__descricao": "Documento Avulso", "assunto": "ATA DA ASSEMBLEIA - ELEI\u00c7\u00c3O ATUAL CONSELHO DE ADMINISTRA\u00c7\u00c3O"}, {"id": "1434", "ano": "2020", "numero": "1", "tipo__sigla": "CERT", "tipo__descricao": "CERTIFICADO", "assunto": "Certificado Instituto Plenum - 23 e 24 de janeiro de 2020"}, {"id": "1470", "ano": "2020", "numero": "1", "tipo__sigla": "SO", "tipo__descricao": "SOLICITA\u00c7\u00c3O", "assunto": "SOLICITA INFORMA\u00c7\u00d5ES A RESPEITO DO TRABALHO EFETUADO NESTA CASA NO INICIO DE 2017"}, {"id": "1509", "ano": "2020", "numero": "1", "tipo__sigla": "ARO", "tipo__descricao": "ATAS DAS REUNI\u00d5ES ORDIN\u00c1RIAS", "assunto": "1\u00aa Reuni\u00e3o Ordin\u00e1ria 04 de fevereiro de 2020"}, {"id": "1515", "ano": "2020", "numero": "1", "tipo__sigla": "CTCE", "tipo__descricao": "Correspond\u00eancias do Tribunal de Contas de MG", "assunto": "Informa que foi emitido o Parecer Pr\u00e9vio sobre as contas desse munic\u00edpio, referente ao processo 1072272"}, {"id": "1522", "ano": "2020", "numero": "1", "tipo__sigla": "DEC", "tipo__descricao": "Declara\u00e7\u00e3o", "assunto": "Declara\u00e7\u00e3o de comparecimento , TCE MG"}, {"id": "1577", "ano": "2020", "numero": "1", "tipo__sigla": "COMDE", "tipo__descricao": "COMUNICADO/DESPACHO", "assunto": "Encaminha Relat\u00f3rio Anual de A\u00e7\u00f5es de Assist\u00eancia T\u00e9cnica e Extens\u00e3o Rural - RAA"}, {"id": "1595", "ano": "2020", "numero": "1", "tipo__sigla": "ATACT", "tipo__descricao": "Ata das Comiss\u00f5es Tempor\u00e1rias", "assunto": "ATA DE REUNI\u00c3O DA COMISS\u00c3O DE INVENTARIO F\u00cdSICO E FINANCEIRO DOS BENS PATRIMONIAIS"}, {"id": "1629", "ano": "2020", "numero": "1", "tipo__sigla": "OLIC", "tipo__descricao": "Of\u00edcio de Licita\u00e7\u00e3o", "assunto": "Cota\u00e7\u00e3o Combustivel"}, {"id": "1634", "ano": "2020", "numero": "1", "tipo__sigla": "AREO", "tipo__descricao": "ATAS DAS REUNI\u00d5ES EXTRAORDIN\u00c1RIAS", "assunto": "Ata da 1\u00aa Extraordin\u00e1ria 13/04/2020"}, {"id": "1723", "ano": "2020", "numero": "1", "tipo__sigla": "TERM", "tipo__descricao": "Termos de licita\u00e7\u00e3o", "assunto": "Termo de Refer\u00eancia n\u00ba 03/2020\r\nAquisi\u00e7\u00e3o de cartucho toner similar para Multifuncional Kyocera ecosy M3145"}, {"id": "1757", "ano": "2020", "numero": "1", "tipo__sigla": "ATACL", "tipo__descricao": "Ata da Comiss\u00e3o de Licita\u00e7\u00e3o", "assunto": "Ata da Comiss\u00e3o de Licita\u00e7\u00e3o para aquisi\u00e7\u00e3o dos tornes para as impressoras kiossera"}, {"id": "1761", "ano": "2020", "numero": "1", "tipo__sigla": "DPA", "tipo__descricao": "Documento de Processo Administrativo", "assunto": "Processo Administrativo n\u00ba 01/2020"}, {"id": "1762", "ano": "2020", "numero": "1", "tipo__sigla": "ODC", "tipo__descricao": "Of\u00edcio/documento Cont\u00e1bil", "assunto": "Informa\u00e7\u00e3o ao Presidente"}, {"id": "1785", "ano": "2020", "numero": "1", "tipo__sigla": "CERTD", "tipo__descricao": "CERTID\u00c3O", "assunto": "Certid\u00e3o de nascimento"}, {"id": "1924", "ano": "2020", "numero": "1", "tipo__sigla": "AAPOS", "tipo__descricao": "Atas de audi\u00eancia p\u00fablica e outras sess\u00f5es", "assunto": "Ata da Audi\u00eancia Publica do dia 29 de setembro de 2020 - LOA 2020"}, {"id": "1974", "ano": "2020", "numero": "1", "tipo__sigla": "ORE", "tipo__descricao": "Outros Relat\u00f3rios", "assunto": "Relat\u00f3rios mensais das atividades desenvolvidas pela diretoria geral."}, {"id": "2044", "ano": "2020", "numero": "1", "tipo__sigla": "CHPA", "tipo__descricao": "CHAPA DE COMPOSI\u00c7\u00c3O DA MESA DIRETORA", "assunto": "Registro de chapa para concorrer \u00e0 elei\u00e7\u00e3o da Mesa Diretora- mandato 1-01-2021 a 31-01-2021"}, {"id": "1376", "ano": "2020", "numero": "2", "tipo__sigla": "REV", "tipo__descricao": "Relat\u00f3rios de rodagem do ve\u00edculo e outros", "assunto": "Ir em Tres Pontas levar a ata para ser registrada"}, {"id": "1377", "ano": "2020", "numero": "2", "tipo__sigla": "OFEXP", "tipo__descricao": "Of\u00edcio Expedido", "assunto": "Requerimento de registro da ata"}, {"id": "1378", "ano": "2020", "numero": "2", "tipo__sigla": "OR", "tipo__descricao": "OF\u00cdCIOS RECEBIDOS", "assunto": "Encaminhamento e solicita\u00e7\u00e3o: Edital de convoca\u00e7\u00e3o n\u00ba 001/2019 e solicita que a copia seja fixada no mural"}, {"id": "1380", "ano": "2020", "numero": "2", "tipo__sigla": "OVC", "tipo__descricao": "Of\u00edcio de Vereador/Comiss\u00e3o", "assunto": "Solicita\u00e7\u00e3o de c\u00f3pia de documentos para o vereador Jo\u00e3o Martins."}, {"id": "1390", "ano": "2020", "numero": "2", "tipo__sigla": "AT", "tipo__descricao": "ATESTADO", "assunto": "Funcionaria Kainne Joanas compareceu no dentista"}, {"id": "1391", "ano": "2020", "numero": "2", "tipo__sigla": "MEM", "tipo__descricao": "Memorando", "assunto": "Solicita\u00e7\u00e3o"}, {"id": "1396", "ano": "2020", "numero": "2", "tipo__sigla": "OFP", "tipo__descricao": "Of\u00edcio da Procuradoria", "assunto": "Of\u00edcio MP n\u00ba 1204/2019/3\u00aaPJ-TP - Investiga\u00e7\u00e3o de pagamento de curso que o vereador, supostamente, n\u00e3o tenha comparecido."}, {"id": "1399", "ano": "2020", "numero": "2", "tipo__sigla": "DMP", "tipo__descricao": "Documentos de tribunais e do Minist\u00e9rio P\u00fablico", "assunto": "Reitera Of\u00edcio n\u00ba1192/2019"}, {"id": "1437", "ano": "2020", "numero": "2", "tipo__sigla": "CERT", "tipo__descricao": "CERTIFICADO", "assunto": "Certificado Plenum, curso nos dias 23 e 24/01/2020"}, {"id": "1481", "ano": "2020", "numero": "2", "tipo__sigla": "PARE", "tipo__descricao": "PARECER", "assunto": "Parecer Jur\u00eddico - Revis\u00e3o Geral Anual 2020"}, {"id": "1510", "ano": "2020", "numero": "2", "tipo__sigla": "ARO", "tipo__descricao": "ATAS DAS REUNI\u00d5ES ORDIN\u00c1RIAS", "assunto": "2\u00aa Reuni\u00e3o Ordin\u00e1ria de 11 de fevereiro de 2020"}, {"id": "1526", "ano": "2020", "numero": "2", "tipo__sigla": "SO", "tipo__descricao": "SOLICITA\u00c7\u00c3O", "assunto": "Solicita o espa\u00e7o da C\u00e2mara Municipal"}, {"id": "1605", "ano": "2020", "numero": "2", "tipo__sigla": "DEC", "tipo__descricao": "Declara\u00e7\u00e3o", "assunto": "RESPOSTA  DO BANCO DO BRASIL AO OF\u00cdCIO 51/2020."}, {"id": "1633", "ano": "2020", "numero": "2", "tipo__sigla": "COMDE", "tipo__descricao": "COMUNICADO/DESPACHO", "assunto": "Convoca\u00e7\u00e3o para reuni\u00e3o extraordin\u00e1ria 22 de abril de 2020"}, {"id": "1641", "ano": "2020", "numero": "2", "tipo__sigla": "REDF", "tipo__descricao": "Reda\u00e7\u00e3o Final", "assunto": "\u201cCria Projetos/Atividades no PPA, autoriza abertura de cr\u00e9ditos especiais no or\u00e7amento 2020, com a finalidade de execu\u00e7\u00e3o de recursos oriundos de emendas parlamentares e d\u00e1 outras providencias.\u201d"}, {"id": "1644", "ano": "2020", "numero": "2", "tipo__sigla": "DA", "tipo__descricao": "Documento Avulso", "assunto": "Substitui\u00e7\u00e3o da mensagem n\u00ba 30/2020 que encaminha o projeto de lei 36/2020"}, {"id": "1690", "ano": "2020", "numero": "2", "tipo__sigla": "AREO", "tipo__descricao": "ATAS DAS REUNI\u00d5ES EXTRAORDIN\u00c1RIAS", "assunto": "2\u00aa Reuni\u00e3o Extraordin\u00e1ria 22/04/2020"}, {"id": "1728", "ano": "2020", "numero": "2", "tipo__sigla": "CTCE", "tipo__descricao": "Correspond\u00eancias do Tribunal de Contas de MG", "assunto": "Requisita no prazo de 30 dias  copia da ata autenticada contendo o julgamento das contas de 2013"}, {"id": "1804", "ano": "2020", "numero": "2", "tipo__sigla": "DPA", "tipo__descricao": "Documento de Processo Administrativo", "assunto": "Solicita ao Controle Interno que providencie uma s\u00e9rie de informa\u00e7\u00f5es"}, {"id": "1893", "ano": "2020", "numero": "2", "tipo__sigla": "OLIC", "tipo__descricao": "Of\u00edcio de Licita\u00e7\u00e3o", "assunto": "Encaminha solicita\u00e7\u00e3o de cota\u00e7\u00e3o"}, {"id": "1894", "ano": "2020", "numero": "2", "tipo__sigla": "TERM", "tipo__descricao": "Termos de licita\u00e7\u00e3o", "assunto": "Termo de Referencia Toner"}, {"id": "1900", "ano": "2020", "numero": "2", "tipo__sigla": "ATACL", "tipo__descricao": "Ata da Comiss\u00e3o de Licita\u00e7\u00e3o", "assunto": "Ata da Comiss\u00e3o de licita\u00e7\u00e3o:  aquisi\u00e7\u00e3o de Toner para as impressoras Kiocera"}, {"id": "1996", "ano": "2020", "numero": "2", "tipo__sigla": "OCI", "tipo__descricao": "Of\u00edcios da Controladoria Interna", "assunto": "Fluxo dos procedimentos licitat\u00f3rios."}, {"id": "2075", "ano": "2020", "numero": "2", "tipo__sigla": "CHPA", "tipo__descricao": "CHAPA DE COMPOSI\u00c7\u00c3O DA MESA DIRETORA", "assunto": "Chapa n\u00famero 01 para composi\u00e7\u00e3o da mesa diretora"}, {"id": "1381", "ano": "2020", "numero": "3", "tipo__sigla": "REV", "tipo__descricao": "Relat\u00f3rios de rodagem do ve\u00edculo e outros", "assunto": "Buscar documento no cartorio"}, {"id": "1384", "ano": "2020", "numero": "3", "tipo__sigla": "OR", "tipo__descricao": "OF\u00cdCIOS RECEBIDOS", "assunto": "Encaminhamento/Solicita\u00e7\u00e3o"}, {"id": "1389", "ano": "2020", "numero": "3", "tipo__sigla": "OFEXP", "tipo__descricao": "Of\u00edcio Expedido", "assunto": "Responde memorando 01/2020 do vereador Jo\u00e3o Martins"}, {"id": "1393", "ano": "2020", "numero": "3", "tipo__sigla": "AT", "tipo__descricao": "ATESTADO", "assunto": "atestado m\u00e9dico"}, {"id": "1397", "ano": "2020", "numero": "3", "tipo__sigla": "OFP", "tipo__descricao": "Of\u00edcio da Procuradoria", "assunto": "Of\u00edcio MP n\u00ba 1190/2019/3\u00aaPJ-TP - Investiga\u00e7\u00e3o sobre a contrata\u00e7\u00e3o de Paulo Henrique Freitas pela C\u00e2mara."}, {"id": "1408", "ano": "2020", "numero": "3", "tipo__sigla": "MEM", "tipo__descricao": "Memorando", "assunto": "Solicita\u00e7\u00e3o de di\u00e1ria para curso em BH nos dias 22, 23 e 24 de janeiro"}, {"id": "1415", "ano": "2020", "numero": "3", "tipo__sigla": "DMP", "tipo__descricao": "Documentos de tribunais e do Minist\u00e9rio P\u00fablico", "assunto": "Reitera Of\u00edcio 1180/2019"}, {"id": "1423", "ano": "2020", "numero": "3", "tipo__sigla": "OVC", "tipo__descricao": "Of\u00edcio de Vereador/Comiss\u00e3o", "assunto": "Solicita informa\u00e7\u00f5es para responder MP"}, {"id": "1439", "ano": "2020", "numero": "3", "tipo__sigla": "CERT", "tipo__descricao": "CERTIFICADO", "assunto": "Certificado Plenum, curso nos dias 23 e 24/01/2020"}, {"id": "1499", "ano": "2020", "numero": "3", "tipo__sigla": "PARE", "tipo__descricao": "PARECER", "assunto": "Parecer Jur\u00eddico Lei ordin\u00e1ria 02-2020 - Hor\u00e1rio de funcionamento do Conselho Tutelar."}, {"id": "1551", "ano": "2020", "numero": "3", "tipo__sigla": "ARO", "tipo__descricao": "ATAS DAS REUNI\u00d5ES ORDIN\u00c1RIAS", "assunto": "Ata da 3\u00ba Reuniao Ordin\u00e1ria do dia 18 de fevereiro de 2020."}, {"id": "1552", "ano": "2020", "numero": "3", "tipo__sigla": "SO", "tipo__descricao": "SOLICITA\u00c7\u00c3O", "assunto": "Solicitando informac\u00f5es ao repeito do processo de compras"}, {"id": "1687", "ano": "2020", "numero": "3", "tipo__sigla": "COMDE", "tipo__descricao": "COMUNICADO/DESPACHO", "assunto": "Convoca Reuni\u00e3o Extraordin\u00e1ria"}, {"id": "1689", "ano": "2020", "numero": "3", "tipo__sigla": "DA", "tipo__descricao": "Documento Avulso", "assunto": "Relat\u00f3rio de Estimativa do impacto or\u00e7ament\u00e1rio-financeiro"}, {"id": "1692", "ano": "2020", "numero": "3", "tipo__sigla": "REDF", "tipo__descricao": "Reda\u00e7\u00e3o Final", "assunto": "REDA\u00c7\u00c3O FINAL DO PROJETO DE LEI N\u00ba11, DE 03 DE JUNHO DE 2020 -  \u201cDisp\u00f5e sobre a fixa\u00e7\u00e3o de penalidades para os mun\u00edcipes em caso de descumprimento de medidas de conten\u00e7\u00e3o ao coronav\u00edrus (SARS-CoV-2) e d\u00e1 outras provid\u00eancias\u201d."}, {"id": "1697", "ano": "2020", "numero": "3", "tipo__sigla": "AREO", "tipo__descricao": "ATAS DAS REUNI\u00d5ES EXTRAORDIN\u00c1RIAS", "assunto": "Ata 3\u00aa Extraordin\u00e1ria 16/06/2020"}, {"id": "1758", "ano": "2020", "numero": "3", "tipo__sigla": "DEC", "tipo__descricao": "Declara\u00e7\u00e3o", "assunto": "Secretaria do Tesouro Nacional - Recibo de declara\u00e7\u00e3o Homologada"}, {"id": "1805", "ano": "2020", "numero": "3", "tipo__sigla": "DPA", "tipo__descricao": "Documento de Processo Administrativo", "assunto": "Solicita ao Assistente Legislativo uma s\u00e9rie de medidas"}, {"id": "1874", "ano": "2020", "numero": "3", "tipo__sigla": "CTCE", "tipo__descricao": "Correspond\u00eancias do Tribunal de Contas de MG", "assunto": "Requisita documentos  do julgamento das contas do exerc\u00edcio de 2017"}, {"id": "1997", "ano": "2020", "numero": "3", "tipo__sigla": "OCI", "tipo__descricao": "Of\u00edcios da Controladoria Interna", "assunto": "Fluxo dos procedimentos licitat\u00f3rios."}, {"id": "1382", "ano": "2020", "numero": "4", "tipo__sigla": "REV", "tipo__descricao": "Relat\u00f3rios de rodagem do ve\u00edculo e outros", "assunto": "Levar funcion\u00e1rio no mec\u00e2nico de refrigera\u00e7\u00e3o e no marceneiro"}, {"id": "1392", "ano": "2020", "numero": "4", "tipo__sigla": "OFEXP", "tipo__descricao": "Of\u00edcio Expedido", "assunto": "Manifesta interesse para futuras e eventuais aquisi\u00e7\u00f5es de  para abastecimento dos ve\u00edculos"}, {"id": "1400", "ano": "2020", "numero": "4", "tipo__sigla": "OFP", "tipo__descricao": "Of\u00edcio da Procuradoria", "assunto": "Encaminha ao Presidente sugest\u00e3o de resposta ao of\u00edcio 1.192/2019/3\u00aaPJ-TP - Desapropria\u00e7\u00e3o"}, {"id": "1403", "ano": "2020", "numero": "4", "tipo__sigla": "AT", "tipo__descricao": "ATESTADO", "assunto": "Atestado medico"}, {"id": "1405", "ano": "2020", "numero": "4", "tipo__sigla": "OR", "tipo__descricao": "OF\u00cdCIOS RECEBIDOS", "assunto": "Of\u00edcio n\u00ba 022/2020 CMDCA"}, {"id": "1416", "ano": "2020", "numero": "4", "tipo__sigla": "DMP", "tipo__descricao": "Documentos de tribunais e do Minist\u00e9rio P\u00fablico", "assunto": "Reitera of\u00edcio n\u00ba 996/2019"}, {"id": "1424", "ano": "2020", "numero": "4", "tipo__sigla": "OVC", "tipo__descricao": "Of\u00edcio de Vereador/Comiss\u00e3o", "assunto": "Responde Of\u00edcio 06/2020 da Presid\u00eancia"}, {"id": "1440", "ano": "2020", "numero": "4", "tipo__sigla": "CERT", "tipo__descricao": "CERTIFICADO", "assunto": "Certificado Plenum, curso nos dias 23 e 24/01/2020"}, {"id": "1502", "ano": "2020", "numero": "4", "tipo__sigla": "PARE", "tipo__descricao": "PARECER", "assunto": "Parecer Jur\u00eddico - Projeto 03 - 2020 - Altera denomina\u00e7\u00e3o de projeto/atividade de dota\u00e7\u00e3o or\u00e7ament\u00e1ria."}, {"id": "1570", "ano": "2020", "numero": "4", "tipo__sigla": "ARO", "tipo__descricao": "ATAS DAS REUNI\u00d5ES ORDIN\u00c1RIAS", "assunto": "Ata da 4\u00aa reuni\u00e3o ordin\u00e1ria das comiss\u00f5es 03 de Mar\u00e7o de 2020."}, {"id": "1609", "ano": "2020", "numero": "4", "tipo__sigla": "SO", "tipo__descricao": "SOLICITA\u00c7\u00c3O", "assunto": "SOLICITA\u00c7\u00c3O DE DOCUMENTOS"}, {"id": "1706", "ano": "2020", "numero": "4", "tipo__sigla": "AREO", "tipo__descricao": "ATAS DAS REUNI\u00d5ES EXTRAORDIN\u00c1RIAS", "assunto": "Ata da 4\u00aa Extraordin\u00e1ria 16 de junho"}, {"id": "1707", "ano": "2020", "numero": "4", "tipo__sigla": "DA", "tipo__descricao": "Documento Avulso", "assunto": "Projeto de Lei n\u00ba 13/2020 de 15 de junho de 2020"}, {"id": "1718", "ano": "2020", "numero": "4", "tipo__sigla": "REDF", "tipo__descricao": "Reda\u00e7\u00e3o Final", "assunto": "Reda\u00e7\u00e3o Final do Projeto de Lei Complementar N\u00ba 004, de 13 de dezembro de 2019."}, {"id": "1729", "ano": "2020", "numero": "4", "tipo__sigla": "COMDE", "tipo__descricao": "COMUNICADO/DESPACHO", "assunto": "Convoca reuni\u00e3o Extraordin\u00e1ria para o dia 06 de junho de 2020"}, {"id": "1823", "ano": "2020", "numero": "4", "tipo__sigla": "DPA", "tipo__descricao": "Documento de Processo Administrativo", "assunto": "Resposta item A do Of\u00edcio 01/2020\r\nProcesso Administrativo 02/2020"}, {"id": "1907", "ano": "2020", "numero": "4", "tipo__sigla": "TERM", "tipo__descricao": "Termos de licita\u00e7\u00e3o", "assunto": "termo de refer\u00eancia tem por objeto a aquisi\u00e7\u00e3o de produtos de panifica\u00e7\u00e3o, leite e derivados."}, {"id": "1928", "ano": "2020", "numero": "4", "tipo__sigla": "DEC", "tipo__descricao": "Declara\u00e7\u00e3o", "assunto": "Declara\u00e7\u00e3o respondendo o Of\u00edcio 244/2020 do Executivo"}, {"id": "2008", "ano": "2020", "numero": "4", "tipo__sigla": "OCI", "tipo__descricao": "Of\u00edcios da Controladoria Interna", "assunto": "Abertura de cr\u00e9ditos suplementares."}, {"id": "1386", "ano": "2020", "numero": "5", "tipo__sigla": "REV", "tipo__descricao": "Relat\u00f3rios de rodagem do ve\u00edculo e outros", "assunto": "Levar o funcion\u00e1rio Tarcisio na serralheria do Aguinaldo"}, {"id": "1394", "ano": "2020", "numero": "5", "tipo__sigla": "OFEXP", "tipo__descricao": "Of\u00edcio Expedido", "assunto": "Encaminha projeto de lei 030/2019 para o Executivo."}, {"id": "1401", "ano": "2020", "numero": "5", "tipo__sigla": "OFP", "tipo__descricao": "Of\u00edcio da Procuradoria", "assunto": "Sugest\u00e3o \u00e0 Presid\u00eancia  que designe a comiss\u00e3o de servi\u00e7os p\u00fablico para apurar exist\u00eancia de eventual desvio de fun\u00e7\u00e3o - Of\u00edcio Minist\u00e9rio P\u00fablico \u2013 999/2019/3\u00baPJ-TP"}, {"id": "1417", "ano": "2020", "numero": "5", "tipo__sigla": "DMP", "tipo__descricao": "Documentos de tribunais e do Minist\u00e9rio P\u00fablico", "assunto": "Reitera Of\u00edcio n\u00ba 1190/2019"}, {"id": "1425", "ano": "2020", "numero": "5", "tipo__sigla": "OR", "tipo__descricao": "OF\u00cdCIOS RECEBIDOS", "assunto": "Encaminha balancetes 12/2019"}, {"id": "1431", "ano": "2020", "numero": "5", "tipo__sigla": "OVC", "tipo__descricao": "Of\u00edcio de Vereador/Comiss\u00e3o", "assunto": "agradecimento ao of\u00edcio resposta."}, {"id": "1452", "ano": "2020", "numero": "5", "tipo__sigla": "CERT", "tipo__descricao": "CERTIFICADO", "assunto": "Certificado 221\u00ba Curso de Capacita\u00e7\u00e3o para Vereadores, Prefeitos, Vice-Prefeitos, Secret\u00e1rios Municipais, Gestores, Assessores e Servidores P\u00fablicos com o Tema: VEDA\u00c7\u00d5ES DO ANO ELEITORAL E AS NOVAS REGRAS PARA AS ELEI\u00c7\u00d5ES DE 2020 (M\u00d3DULO I)"}, {"id": "1458", "ano": "2020", "numero": "5", "tipo__sigla": "AT", "tipo__descricao": "ATESTADO", "assunto": "Declara\u00e7\u00e3o de Comparecimento, 22/01/2020"}, {"id": "1505", "ano": "2020", "numero": "5", "tipo__sigla": "PARE", "tipo__descricao": "PARECER", "assunto": "Parecer Jur\u00eddico - Projeto de Lei Complementar 04 - 2019 - Altera o C\u00f3digo de Posturas do Munic\u00edpio."}, {"id": "1594", "ano": "2020", "numero": "5", "tipo__sigla": "ARO", "tipo__descricao": "ATAS DAS REUNI\u00d5ES ORDIN\u00c1RIAS", "assunto": "Ata da 5\u00b0 reuni\u00e3o ordin\u00e1ria."}, {"id": "1721", "ano": "2020", "numero": "5", "tipo__sigla": "SO", "tipo__descricao": "SOLICITA\u00c7\u00c3O", "assunto": "Requerimento de Desincompatibiliza\u00e7\u00e3o."}, {"id": "1735", "ano": "2020", "numero": "5", "tipo__sigla": "DA", "tipo__descricao": "Documento Avulso", "assunto": "Apresenta esclarecimentos a respeito do Projeto de Lei 13/2020"}, {"id": "1739", "ano": "2020", "numero": "5", "tipo__sigla": "AREO", "tipo__descricao": "ATAS DAS REUNI\u00d5ES EXTRAORDIN\u00c1RIAS", "assunto": "Ata da 5\u00aa R. Extr. 23/06/2020"}, {"id": "1740", "ano": "2020", "numero": "5", "tipo__sigla": "COMDE", "tipo__descricao": "COMUNICADO/DESPACHO", "assunto": "Convoca Reuni\u00e3o Extraordin\u00e1ria para o dia 10 de julho de 2020"}, {"id": "1753", "ano": "2020", "numero": "5", "tipo__sigla": "REDF", "tipo__descricao": "Reda\u00e7\u00e3o Final", "assunto": "Reda\u00e7\u00e3o Final do Projeto de Lei Ordin\u00e1ria 014/2020."}, {"id": "1858", "ano": "2020", "numero": "5", "tipo__sigla": "DPA", "tipo__descricao": "Documento de Processo Administrativo", "assunto": "Informando os demais integrantes da comiss\u00e3o o apurado e a necessidade de novas dilig\u00eancias."}, {"id": "1956", "ano": "2020", "numero": "5", "tipo__sigla": "TERM", "tipo__descricao": "Termos de licita\u00e7\u00e3o", "assunto": "Compra de material de expediente"}, {"id": "2013", "ano": "2020", "numero": "5", "tipo__sigla": "OCI", "tipo__descricao": "Of\u00edcios da Controladoria Interna", "assunto": "Proposi\u00e7\u00f5es legislativas e gastos com pessoal."}, {"id": "1402", "ano": "2020", "numero": "6", "tipo__sigla": "OFP", "tipo__descricao": "Of\u00edcio da Procuradoria", "assunto": "Solicita ao Controle Interno que verifique a exist\u00eancia de faltas injustificadas da Vereadora Silmara em 2019 - Of\u00edcio Minist\u00e9rio P\u00fablico \u2013 1180/2019/3\u00baPJ-TP"}, {"id": "1406", "ano": "2020", "numero": "6", "tipo__sigla": "OFEXP", "tipo__descricao": "Of\u00edcio Expedido", "assunto": "Designa Comiss\u00e3o de Servi\u00e7o P\u00fablico para fiscalizar as quest\u00f5es de eventual desvio de fun\u00e7\u00e3o - Of\u00edcio MP n\u00ba 999/2019/3\u00baPJ-TP"}, {"id": "1407", "ano": "2020", "numero": "6", "tipo__sigla": "MEM", "tipo__descricao": "Memorando", "assunto": "Solicita\u00e7\u00e3o de di\u00e1ria para curso em BH nos dias 22, 23 e 24 de janeiro"}, {"id": "1411", "ano": "2020", "numero": "6", "tipo__sigla": "REV", "tipo__descricao": "Relat\u00f3rios de rodagem do ve\u00edculo e outros", "assunto": "Relat\u00f3rio de viagem conforme lei 1.477/2018"}, {"id": "1418", "ano": "2020", "numero": "6", "tipo__sigla": "DMP", "tipo__descricao": "Documentos de tribunais e do Minist\u00e9rio P\u00fablico", "assunto": "Reitera Of\u00edcio n\u00ba 1204/2019"}, {"id": "1454", "ano": "2020", "numero": "6", "tipo__sigla": "CERT", "tipo__descricao": "CERTIFICADO", "assunto": "Conselho de Pol\u00edticas P\u00fablicas, melhorias dos munic\u00edpios, encerramento do exerc\u00edcio de 2019 e lei de abuso de autoridade"}, {"id": "1459", "ano": "2020", "numero": "6", "tipo__sigla": "AT", "tipo__descricao": "ATESTADO", "assunto": "declara\u00e7\u00e3o de comparecimento, 30/01/2020"}, {"id": "1467", "ano": "2020", "numero": "6", "tipo__sigla": "OVC", "tipo__descricao": "Of\u00edcio de Vereador/Comiss\u00e3o", "assunto": "Informa que n\u00e3o ser\u00e1 mais relator nas comiss\u00f5es"}, {"id": "1476", "ano": "2020", "numero": "6", "tipo__sigla": "OR", "tipo__descricao": "OF\u00cdCIOS RECEBIDOS", "assunto": "Encaminha documenta\u00e7\u00e3o da contrata\u00e7\u00e3o a ser efetuada pela Prefeitura"}, {"id": "1506", "ano": "2020", "numero": "6", "tipo__sigla": "PARE", "tipo__descricao": "PARECER", "assunto": "Parecer Jur\u00eddico - Projeto de Lei 031 - 2019 - Doa\u00e7\u00e3o de Terreno Maria Jos\u00e9 dos Santos Silva."}, {"id": "1625", "ano": "2020", "numero": "6", "tipo__sigla": "ARO", "tipo__descricao": "ATAS DAS REUNI\u00d5ES ORDIN\u00c1RIAS", "assunto": "Ata 6\u00aa R. Ordin\u00e1ria"}, {"id": "1748", "ano": "2020", "numero": "6", "tipo__sigla": "AREO", "tipo__descricao": "ATAS DAS REUNI\u00d5ES EXTRAORDIN\u00c1RIAS", "assunto": "Ata da 6\u00aa Reuni\u00e3o Extraordin\u00e1ria do dia 06 de julho de 2020"}, {"id": "1751", "ano": "2020", "numero": "6", "tipo__sigla": "COMDE", "tipo__descricao": "COMUNICADO/DESPACHO", "assunto": "Procedente Regimental 01/2020"}, {"id": "1792", "ano": "2020", "numero": "6", "tipo__sigla": "SO", "tipo__descricao": "SOLICITA\u00c7\u00c3O", "assunto": "Afastamento a titulo de descompatibiliza\u00e7\u00e3o"}, {"id": "1828", "ano": "2020", "numero": "6", "tipo__sigla": "DA", "tipo__descricao": "Documento Avulso", "assunto": "Termo de Cess\u00e3o do Carro 2017"}, {"id": "1859", "ano": "2020", "numero": "6", "tipo__sigla": "DPA", "tipo__descricao": "Documento de Processo Administrativo", "assunto": "Solicitando ao setor de Controle Interno outras dilig\u00eancias"}, {"id": "1937", "ano": "2020", "numero": "6", "tipo__sigla": "REDF", "tipo__descricao": "Reda\u00e7\u00e3o Final", "assunto": "Reda\u00e7\u00e3o Final do Projeto de Lei Ordin\u00e1ria 017/2020 - LOA."}, {"id": "2019", "ano": "2020", "numero": "6", "tipo__sigla": "OCI", "tipo__descricao": "Of\u00edcios da Controladoria Interna", "assunto": "Declara\u00e7\u00f5es de bens."}, {"id": "1409", "ano": "2020", "numero": "7", "tipo__sigla": "MEM", "tipo__descricao": "Memorando", "assunto": "Solicita\u00e7\u00e3o de di\u00e1ria para o motorista e solicita\u00e7\u00e3o do cheque de reabastecimento"}, {"id": "1413", "ano": "2020", "numero": "7", "tipo__sigla": "REV", "tipo__descricao": "Relat\u00f3rios de rodagem do ve\u00edculo e outros", "assunto": "Relat\u00f3rio de viagem conforme lei 1.477/2018"}, {"id": "1419", "ano": "2020", "numero": "7", "tipo__sigla": "DMP", "tipo__descricao": "Documentos de tribunais e do Minist\u00e9rio P\u00fablico", "assunto": "Reitera Of\u00edcio n\u00ba 1058/2019"}, {"id": "1429", "ano": "2020", "numero": "7", "tipo__sigla": "OFP", "tipo__descricao": "Of\u00edcio da Procuradoria", "assunto": "Sugest\u00e3o de resposta ao of\u00edcio do MP n\u00ba 1092/2019/3\u00aaPJ-TP - Doa\u00e7\u00e3o Terreno Copasa."}, {"id": "1430", "ano": "2020", "numero": "7", "tipo__sigla": "OFEXP", "tipo__descricao": "Of\u00edcio Expedido", "assunto": "Envia o projeto 42/2018 aprovado  para o Executivo."}, {"id": "1455", "ano": "2020", "numero": "7", "tipo__sigla": "CERT", "tipo__descricao": "CERTIFICADO", "assunto": "Conselho de Pol\u00edticas P\u00fablicas, melhorias dos munic\u00edpios, encerramento do exerc\u00edcio de 2019 e lei de abuso de autoridade"}, {"id": "1460", "ano": "2020", "numero": "7", "tipo__sigla": "AT", "tipo__descricao": "ATESTADO", "assunto": "declara\u00e7\u00e3o de comparecimento, 29/01/2020"}, {"id": "1468", "ano": "2020", "numero": "7", "tipo__sigla": "OVC", "tipo__descricao": "Of\u00edcio de Vereador/Comiss\u00e3o", "assunto": "Informa que como l\u00edder do partido MDP, tem 1/3 a mais do prazo do uso da palavra nos casos previstos no art. 156, itens I e IV do Regimento desta Casa"}, {"id": "1484", "ano": "2020", "numero": "7", "tipo__sigla": "OR", "tipo__descricao": "OF\u00cdCIOS RECEBIDOS", "assunto": "Esclarecimento a respeito do veto n\u00ba 03/2019"}, {"id": "1507", "ano": "2020", "numero": "7", "tipo__sigla": "PARE", "tipo__descricao": "PARECER", "assunto": "Parecer Jur\u00eddico - Projeto de Lei 32 - 2019 - Doa\u00e7\u00e3o de Im\u00f3vel - Neumann L\u00facia Silva."}, {"id": "1763", "ano": "2020", "numero": "7", "tipo__sigla": "ARO", "tipo__descricao": "ATAS DAS REUNI\u00d5ES ORDIN\u00c1RIAS", "assunto": "7\u00aa Reuni\u00e3o Ordin\u00e1ria do dia 16 de julho de 2020"}, {"id": "1764", "ano": "2020", "numero": "7", "tipo__sigla": "AREO", "tipo__descricao": "ATAS DAS REUNI\u00d5ES EXTRAORDIN\u00c1RIAS", "assunto": "7\u00aa Reuni\u00e3o Extraordin\u00e1ria do dia 16 de julho de 2020"}, {"id": "1812", "ano": "2020", "numero": "7", "tipo__sigla": "COMDE", "tipo__descricao": "COMUNICADO/DESPACHO", "assunto": "A C\u00e2mara  Municipal ir\u00e1 retomar a realiza\u00e7\u00e3o das reuni\u00f5es ordin\u00e1rias que estavam suspensa devido a pandemia."}, {"id": "1856", "ano": "2020", "numero": "7", "tipo__sigla": "SO", "tipo__descricao": "SOLICITA\u00c7\u00c3O", "assunto": "Requerimento de fixa\u00e7\u00e3o de edital no quadro de avisos"}, {"id": "1861", "ano": "2020", "numero": "7", "tipo__sigla": "DPA", "tipo__descricao": "Documento de Processo Administrativo", "assunto": "Intima\u00e7\u00e3o - Processo Administrativo n\u00ba 02 - 2020 - Kainne Joanas"}, {"id": "1873", "ano": "2020", "numero": "7", "tipo__sigla": "DA", "tipo__descricao": "Documento Avulso", "assunto": "Edital de Convoca\u00e7\u00e3o MDB"}, {"id": "2016", "ano": "2020", "numero": "7", "tipo__sigla": "REDF", "tipo__descricao": "Reda\u00e7\u00e3o Final", "assunto": "REDA\u00c7\u00c3O FINAL DO PROJETO DE LEI ORDIN\u00c1RIA DO LEGISLATIVO N\u00ba 007 \u2013 2020 - Disp\u00f5e\tsobre\tabertura\tde\tcr\u00e9dito adicional suplementar."}, {"id": "2020", "ano": "2020", "numero": "7", "tipo__sigla": "OCI", "tipo__descricao": "Of\u00edcios da Controladoria Interna", "assunto": "Patrim\u00f4nio e Materiais de Consumo em poder de servidores e de vereadores."}, {"id": "1410", "ano": "2020", "numero": "8", "tipo__sigla": "MEM", "tipo__descricao": "Memorando", "assunto": "Solicita\u00e7\u00e3o de di\u00e1ria. Viagem dias 22, 23 e 24 de janeiro"}, {"id": "1414", "ano": "2020", "numero": "8", "tipo__sigla": "REV", "tipo__descricao": "Relat\u00f3rios de rodagem do ve\u00edculo e outros", "assunto": "Relat\u00f3rio de viagem conforme lei 1.477/2018"}, {"id": "1420", "ano": "2020", "numero": "8", "tipo__sigla": "DMP", "tipo__descricao": "Documentos de tribunais e do Minist\u00e9rio P\u00fablico", "assunto": "Reitera Of\u00edcio n\u00ba 999/2019"}, {"id": "1427", "ano": "2020", "numero": "8", "tipo__sigla": "OFEXP", "tipo__descricao": "Of\u00edcio Expedido", "assunto": "Resposta ao of\u00edcio n\u00ba 996/2019/3\u00aaPJ-TP"}, {"id": "1445", "ano": "2020", "numero": "8", "tipo__sigla": "OFP", "tipo__descricao": "Of\u00edcio da Procuradoria", "assunto": "Sugest\u00e3o de Resposta ao of\u00edcio Of\u00edcio Minist\u00e9rio P\u00fablico n\u00ba1024/2019/3\u00baPJ-TP - Vereadora Silmara n\u00e3o compareceu ao curso pago pela C\u00e2mara."}, {"id": "1456", "ano": "2020", "numero": "8", "tipo__sigla": "CERT", "tipo__descricao": "CERTIFICADO", "assunto": "Certificado 221\u00ba Curso de Capacita\u00e7\u00e3o para Vereadores, Prefeitos, Vice-Prefeitos, Secret\u00e1rios Municipais, Gestores, Assessores e Servidores P\u00fablicos com o Tema: VEDA\u00c7\u00d5ES DO ANO ELEITORAL E AS NOVAS REGRAS PARA AS ELEI\u00c7\u00d5ES DE 2020 (M\u00d3DULO I)"}, {"id": "1469", "ano": "2020", "numero": "8", "tipo__sigla": "OVC", "tipo__descricao": "Of\u00edcio de Vereador/Comiss\u00e3o", "assunto": "Solicita\u00e7\u00e3o de documentos do exerc\u00edcio de 2003"}, {"id": "1471", "ano": "2020", "numero": "8", "tipo__sigla": "AT", "tipo__descricao": "ATESTADO", "assunto": "atestado medico"}, {"id": "1508", "ano": "2020", "numero": "8", "tipo__sigla": "PARE", "tipo__descricao": "PARECER", "assunto": "Parecer Jur\u00eddico - Projeto de Lei 33 - Doa\u00e7\u00e3o de Im\u00f3vel Contatec Contabilidade e Assessoria Tecnica LTDA."}, {"id": "1514", "ano": "2020", "numero": "8", "tipo__sigla": "OR", "tipo__descricao": "OF\u00cdCIOS RECEBIDOS", "assunto": "Encaminha documentos para emiss\u00e3o de parecer das contrata\u00e7\u00f5es"}, {"id": "1769", "ano": "2020", "numero": "8", "tipo__sigla": "AREO", "tipo__descricao": "ATAS DAS REUNI\u00d5ES EXTRAORDIN\u00c1RIAS", "assunto": "Ata 8\u00aa R. Extraordin\u00e1ria do dia 16 de julho de 2020"}, {"id": "1770", "ano": "2020", "numero": "8", "tipo__sigla": "ARO", "tipo__descricao": "ATAS DAS REUNI\u00d5ES ORDIN\u00c1RIAS", "assunto": "8\u00aa R. Ordin\u00e1ria do dia 22 de julho de 2020"}, {"id": "1840", "ano": "2020", "numero": "8", "tipo__sigla": "COMDE", "tipo__descricao": "COMUNICADO/DESPACHO", "assunto": "Informa\u00e7\u00e3o - Processo Administrativo 02/2020"}, {"id": "1862", "ano": "2020", "numero": "8", "tipo__sigla": "DPA", "tipo__descricao": "Documento de Processo Administrativo", "assunto": "Intima\u00e7\u00e3o - Processo Administrativo n\u00ba 02 - 2020 - Luiz Felipe Mendon\u00e7a Rodrigues"}, {"id": "2001", "ano": "2020", "numero": "8", "tipo__sigla": "SO", "tipo__descricao": "SOLICITA\u00c7\u00c3O", "assunto": "Especifica\u00e7\u00e3o dos livros solicitados no oficio 042/2020."}, {"id": "2002", "ano": "2020", "numero": "8", "tipo__sigla": "DA", "tipo__descricao": "Documento Avulso", "assunto": "Plano de Neg\u00f3cios- Unidade Loja e Confec\u00e7\u00f5es Gata Mineira."}, {"id": "2021", "ano": "2020", "numero": "8", "tipo__sigla": "OCI", "tipo__descricao": "Of\u00edcios da Controladoria Interna", "assunto": "Notifica\u00e7\u00e3o."}, {"id": "1412", "ano": "2020", "numero": "9", "tipo__sigla": "MEM", "tipo__descricao": "Memorando", "assunto": "Solicita\u00e7\u00e3o de di\u00e1ria. Viagem nos dias 22, 23 e 24 de 2020"}, {"id": "1421", "ano": "2020", "numero": "9", "tipo__sigla": "DMP", "tipo__descricao": "Documentos de tribunais e do Minist\u00e9rio P\u00fablico", "assunto": "Reitera Of\u00edcio n\u00ba 983/2019"}, {"id": "1426", "ano": "2020", "numero": "9", "tipo__sigla": "REV", "tipo__descricao": "Relat\u00f3rios de rodagem do ve\u00edculo e outros", "assunto": "Levar funcionaria Kainne para entregas de convites aos vereadores,e levar documento a ex funcionaria ADRIANA."}, {"id": "1444", "ano": "2020", "numero": "9", "tipo__sigla": "OFEXP", "tipo__descricao": "Of\u00edcio Expedido", "assunto": "Convite para  Sess\u00e3o Solene de Inaugura\u00e7\u00e3o da Sess\u00e3o Legislativa Anual"}, {"id": "1446", "ano": "2020", "numero": "9", "tipo__sigla": "OFP", "tipo__descricao": "Of\u00edcio da Procuradoria", "assunto": "Sugest\u00e3o de Resposta of\u00edcio 054/2020/3\u00baPJ-TP - Aus\u00eancia de Portaria 28/2018."}, {"id": "1457", "ano": "2020", "numero": "9", "tipo__sigla": "CERT", "tipo__descricao": "CERTIFICADO", "assunto": "Certificado Assembleia Legislativa de Minas Gerais"}, {"id": "1472", "ano": "2020", "numero": "9", "tipo__sigla": "AT", "tipo__descricao": "ATESTADO", "assunto": "Atestado medico"}, {"id": "1477", "ano": "2020", "numero": "9", "tipo__sigla": "OVC", "tipo__descricao": "Of\u00edcio de Vereador/Comiss\u00e3o", "assunto": "Solicita documentos"}, {"id": "1527", "ano": "2020", "numero": "9", "tipo__sigla": "OR", "tipo__descricao": "OF\u00cdCIOS RECEBIDOS", "assunto": "Encaminha documentos de contrata\u00e7\u00e3o para emiss\u00e3o de parecer jur\u00eddico"}, {"id": "1530", "ano": "2020", "numero": "9", "tipo__sigla": "PARE", "tipo__descricao": "PARECER", "assunto": "Parecer Jur\u00eddico - Projeto de Lei 34 - 2019 - Doa\u00e7\u00e3o de im\u00f3vel para Centro de Forma\u00e7\u00e3o de Condutores de Ve\u00edculos Santana LTDA"}, {"id": "1779", "ano": "2020", "numero": "9", "tipo__sigla": "AREO", "tipo__descricao": "ATAS DAS REUNI\u00d5ES EXTRAORDIN\u00c1RIAS", "assunto": "9\u00aa ata extraordinaria 22 de julho de 2020"}, {"id": "1825", "ano": "2020", "numero": "9", "tipo__sigla": "ARO", "tipo__descricao": "ATAS DAS REUNI\u00d5ES ORDIN\u00c1RIAS", "assunto": "Ata da 9\u00aa Reuni\u00e3o Ordin\u00e1ria do dia 18 de agosto de 2020"}, {"id": "1863", "ano": "2020", "numero": "9", "tipo__sigla": "DPA", "tipo__descricao": "Documento de Processo Administrativo", "assunto": "Intima\u00e7\u00e3o - Processo Administrativo n\u00ba 02 - 2020 - Paulo Henrique Freitas"}, {"id": "2028", "ano": "2020", "numero": "9", "tipo__sigla": "OCI", "tipo__descricao": "Of\u00edcios da Controladoria Interna", "assunto": "Acesso ao Sistema de Ponto Eletr\u00f4nico."}, {"id": "2078", "ano": "2020", "numero": "9", "tipo__sigla": "COMDE", "tipo__descricao": "COMUNICADO/DESPACHO", "assunto": "Reposi\u00e7\u00e3o de tempo faltante de ponto eletr\u00f4nico"}, {"id": "2084", "ano": "2020", "numero": "9", "tipo__sigla": "DA", "tipo__descricao": "Documento Avulso", "assunto": "Documenta\u00e7\u00e3o Carlos C\u00e9sar"}, {"id": "1422", "ano": "2020", "numero": "10", "tipo__sigla": "DMP", "tipo__descricao": "Documentos de tribunais e do Minist\u00e9rio P\u00fablico", "assunto": "Reitera Of\u00edcio n\u00ba 1092/2019"}, {"id": "1428", "ano": "2020", "numero": "10", "tipo__sigla": "REV", "tipo__descricao": "Relat\u00f3rios de rodagem do ve\u00edculo e outros", "assunto": "Levar o Presidente Jos\u00e9 Elias na Receita Federal"}, {"id": "1432", "ano": "2020", "numero": "10", "tipo__sigla": "MEM", "tipo__descricao": "Memorando", "assunto": "Solicita\u00e7\u00e3o de di\u00e1ria"}, {"id": "1447", "ano": "2020", "numero": "10", "tipo__sigla": "OFP", "tipo__descricao": "Of\u00edcio da Procuradoria", "assunto": "Sugest\u00e3o de resposta ao of\u00edcio MP 034/2020/3\u00baPJ-TP - C\u00e1lculos atualizados - Ex-servidora Adriana Aparecida Rafael"}, {"id": "1451", "ano": "2020", "numero": "10", "tipo__sigla": "OFEXP", "tipo__descricao": "Of\u00edcio Expedido", "assunto": "Resposta Of\u00edcio MP 54/2020/3\u00aaPJ-TP - Portaria 28"}, {"id": "1473", "ano": "2020", "numero": "10", "tipo__sigla": "AT", "tipo__descricao": "ATESTADO", "assunto": "Atestado Medico"}, {"id": "1480", "ano": "2020", "numero": "10", "tipo__sigla": "OVC", "tipo__descricao": "Of\u00edcio de Vereador/Comiss\u00e3o", "assunto": "Reuni\u00e3o da Comiss\u00e3o de Finan\u00e7as e Or\u00e7amento"}, {"id": "1532", "ano": "2020", "numero": "10", "tipo__sigla": "PARE", "tipo__descricao": "PARECER", "assunto": "Parecer Jur\u00eddico - Projeto de Lei 35 - 2019 - Doa\u00e7\u00e3o de Terreno CTC Contabilidade LTDA - ME."}, {"id": "1535", "ano": "2020", "numero": "10", "tipo__sigla": "OR", "tipo__descricao": "OF\u00cdCIOS RECEBIDOS", "assunto": "Responde oficio 18/2020 da Procuradoria"}, {"id": "1790", "ano": "2020", "numero": "10", "tipo__sigla": "AREO", "tipo__descricao": "ATAS DAS REUNI\u00d5ES EXTRAORDIN\u00c1RIAS", "assunto": "10\u00aa Reuni\u00e3o Extraordin\u00e1ria do dia 28 de julho de 2020"}, {"id": "1864", "ano": "2020", "numero": "10", "tipo__sigla": "DPA", "tipo__descricao": "Documento de Processo Administrativo", "assunto": "Intima\u00e7\u00e3o - Processo Administrativo n\u00ba 02 - 2020 - Ruiter Silva"}, {"id": "1885", "ano": "2020", "numero": "10", "tipo__sigla": "ARO", "tipo__descricao": "ATAS DAS REUNI\u00d5ES ORDIN\u00c1RIAS", "assunto": "Ata da 10\u00aa Reuni\u00e3o Ordin\u00e1ria do dia 25 de agosto de 2020"}, {"id": "2037", "ano": "2020", "numero": "10", "tipo__sigla": "OCI", "tipo__descricao": "Of\u00edcios da Controladoria Interna", "assunto": "Procedimentos licitat\u00f3rios em 2020."}, {"id": "2085", "ano": "2020", "numero": "10", "tipo__sigla": "DA", "tipo__descricao": "Documento Avulso", "assunto": "Documenta\u00e7\u00e3o Lia Ara\u00fajo"}, {"id": "1433", "ano": "2020", "numero": "11", "tipo__sigla": "REV", "tipo__descricao": "Relat\u00f3rios de rodagem do ve\u00edculo e outros", "assunto": "RELAT\u00d3RIO PARA PERCEP\u00c7\u00c3O DE DI\u00c1RIA\r\nCONFORME O ARTIGO 7\u00ba DA LEI 1.477 DE 17 DE DEZEMBRO DE 2018"}, {"id": "1435", "ano": "2020", "numero": "11", "tipo__sigla": "DMP", "tipo__descricao": "Documentos de tribunais e do Minist\u00e9rio P\u00fablico", "assunto": "Of\u00eccio 087/2020/3\u00aaPJ-TP requisita documentos"}, {"id": "1441", "ano": "2020", "numero": "11", "tipo__sigla": "MEM", "tipo__descricao": "Memorando", "assunto": "informa\u00e7\u00e3o de falta programada"}, {"id": "1449", "ano": "2020", "numero": "11", "tipo__sigla": "OFP", "tipo__descricao": "Of\u00edcio da Procuradoria", "assunto": "Sugest\u00e3o resposta of\u00edcio MP n\u00ba 088/2020/3\u00aaPJ-TP"}, {"id": "1463", "ano": "2020", "numero": "11", "tipo__sigla": "OFEXP", "tipo__descricao": "Of\u00edcio Expedido", "assunto": "Of\u00edcio n\u00ba 11 - Presidente solicitando policiamento para o dia do concurso."}, {"id": "1511", "ano": "2020", "numero": "11", "tipo__sigla": "OVC", "tipo__descricao": "Of\u00edcio de Vereador/Comiss\u00e3o", "assunto": "Solicita\u00e7\u00e3o de informa\u00e7\u00f5es acerca da situa\u00e7\u00e3o dos terrenos doados."}, {"id": "1512", "ano": "2020", "numero": "11", "tipo__sigla": "AT", "tipo__descricao": "ATESTADO", "assunto": "Atestado Medico"}, {"id": "1546", "ano": "2020", "numero": "11", "tipo__sigla": "OR", "tipo__descricao": "OF\u00cdCIOS RECEBIDOS", "assunto": "Solicito as informa\u00e7oes a respeito dos projetos de Lei."}, {"id": "1562", "ano": "2020", "numero": "11", "tipo__sigla": "PARE", "tipo__descricao": "PARECER", "assunto": "Parecer cont\u00e1bil"}, {"id": "1820", "ano": "2020", "numero": "11", "tipo__sigla": "AREO", "tipo__descricao": "ATAS DAS REUNI\u00d5ES EXTRAORDIN\u00c1RIAS", "assunto": "Ata da 11\u00aa R. Extraordin\u00e1ria - 30 de julho de 2020"}, {"id": "1865", "ano": "2020", "numero": "11", "tipo__sigla": "DPA", "tipo__descricao": "Documento de Processo Administrativo", "assunto": "Intima\u00e7\u00e3o - Processo Administrativo n\u00ba 02 - 2020 - Tuillis Carvalho"}, {"id": "1903", "ano": "2020", "numero": "11", "tipo__sigla": "ARO", "tipo__descricao": "ATAS DAS REUNI\u00d5ES ORDIN\u00c1RIAS", "assunto": "Ata da 11\u00aa Ordin\u00e1ria"}, {"id": "2039", "ano": "2020", "numero": "11", "tipo__sigla": "OCI", "tipo__descricao": "Of\u00edcios da Controladoria Interna", "assunto": "Marca\u00e7\u00f5es de Ponto Eletr\u00f4nico."}, {"id": "2086", "ano": "2020", "numero": "11", "tipo__sigla": "DA", "tipo__descricao": "Documento Avulso", "assunto": "Documenta\u00e7\u00e3o Ezequiel"}, {"id": "1436", "ano": "2020", "numero": "12", "tipo__sigla": "DMP", "tipo__descricao": "Documentos de tribunais e do Minist\u00e9rio P\u00fablico", "assunto": "Of\u00edcio 088/2020/3\u00aaPJ-TP requisita documentos"}, {"id": "1438", "ano": "2020", "numero": "12", "tipo__sigla": "REV", "tipo__descricao": "Relat\u00f3rios de rodagem do ve\u00edculo e outros", "assunto": "Levar os servidores para curso em BH nos dias 22, 23 e 24 de janeiro de 2020"}, {"id": "1442", "ano": "2020", "numero": "12", "tipo__sigla": "MEM", "tipo__descricao": "Memorando", "assunto": "Solicita\u00e7\u00e3o de di\u00e1ria"}, {"id": "1450", "ano": "2020", "numero": "12", "tipo__sigla": "OFP", "tipo__descricao": "Of\u00edcio da Procuradoria", "assunto": "Solicita\u00e7\u00e3o para o controle interno - C\u00f3pia do processo legislativo que culminou na Lei 1.378/2015"}, {"id": "1464", "ano": "2020", "numero": "12", "tipo__sigla": "OFEXP", "tipo__descricao": "Of\u00edcio Expedido", "assunto": "Solicita guia do Imposto de Renda"}, {"id": "1518", "ano": "2020", "numero": "12", "tipo__sigla": "AT", "tipo__descricao": "ATESTADO", "assunto": "Declara\u00e7\u00e3o de Comparecimento"}, {"id": "1547", "ano": "2020", "numero": "12", "tipo__sigla": "OVC", "tipo__descricao": "Of\u00edcio de Vereador/Comiss\u00e3o", "assunto": "Solicita\u00e7\u00e3o de provid\u00eancias para sinaliza\u00e7\u00e3o de tr\u00e2nsito"}, {"id": "1553", "ano": "2020", "numero": "12", "tipo__sigla": "OR", "tipo__descricao": "OF\u00cdCIOS RECEBIDOS", "assunto": "Encaminhar os balancetes de Receitas e Despesas referente ao m\u00eas de Janeiro/2020"}, {"id": "1563", "ano": "2020", "numero": "12", "tipo__sigla": "PARE", "tipo__descricao": "PARECER", "assunto": "Parecer Jur\u00eddico - LO 04 - 2020 - Abertura de Cr\u00e9dito Adicional Especial - R$ 132.880,00."}, {"id": "1879", "ano": "2020", "numero": "12", "tipo__sigla": "DPA", "tipo__descricao": "Documento de Processo Administrativo", "assunto": "Oitiva Kainne"}, {"id": "1926", "ano": "2020", "numero": "12", "tipo__sigla": "ARO", "tipo__descricao": "ATAS DAS REUNI\u00d5ES ORDIN\u00c1RIAS", "assunto": "Ata 12\u00aa Reuni\u00e3o Ordin\u00e1ria 22/09/2020"}, {"id": "1938", "ano": "2020", "numero": "12", "tipo__sigla": "AREO", "tipo__descricao": "ATAS DAS REUNI\u00d5ES EXTRAORDIN\u00c1RIAS", "assunto": "Ata 12\u00aa Extraordin\u00e1ria do dia 29/09/2020"}, {"id": "2042", "ano": "2020", "numero": "12", "tipo__sigla": "OCI", "tipo__descricao": "Of\u00edcios da Controladoria Interna", "assunto": "Relat\u00f3rio de frequ\u00eancia e ponto eletr\u00f4nico."}, {"id": "2087", "ano": "2020", "numero": "12", "tipo__sigla": "DA", "tipo__descricao": "Documento Avulso", "assunto": "Documenta\u00e7\u00e3o Jos\u00e9 Elias"}, {"id": "1443", "ano": "2020", "numero": "13", "tipo__sigla": "REV", "tipo__descricao": "Relat\u00f3rios de rodagem do ve\u00edculo e outros", "assunto": "RELAT\u00d3RIO PARA PERCEP\u00c7\u00c3O DE DI\u00c1RIA\r\nCONFORME O ARTIGO 7\u00ba DA LEI 1.477 DE 17 DE DEZEMBRO DE 2018"}, {"id": "1448", "ano": "2020", "numero": "13", "tipo__sigla": "DMP", "tipo__descricao": "Documentos de tribunais e do Minist\u00e9rio P\u00fablico", "assunto": "of\u00edcio 104/2020/3\u00aaPJ-TP: requisita documentos"}, {"id": "1453", "ano": "2020", "numero": "13", "tipo__sigla": "MEM", "tipo__descricao": "Memorando", "assunto": "DIVERG\u00caNCIA NO RECIBO DE PAGAMENTO"}, {"id": "1465", "ano": "2020", "numero": "13", "tipo__sigla": "OFEXP", "tipo__descricao": "Of\u00edcio Expedido", "assunto": "Encaminha Indica\u00e7\u00f5es do vereador Rodrigo Scalioni"}, {"id": "1488", "ano": "2020", "numero": "13", "tipo__sigla": "OFP", "tipo__descricao": "Of\u00edcio da Procuradoria", "assunto": "Sugest\u00e3o de resposta \u00e0 solicita\u00e7\u00e3o do contador da prefeitura"}, {"id": "1519", "ano": "2020", "numero": "13", "tipo__sigla": "AT", "tipo__descricao": "ATESTADO", "assunto": "Declara\u00e7\u00e3o de comparecimento, acompanhante"}, {"id": "1550", "ano": "2020", "numero": "13", "tipo__sigla": "OVC", "tipo__descricao": "Of\u00edcio de Vereador/Comiss\u00e3o", "assunto": "Reitera of\u00edcio 05/2020 e questiona sobre coloca\u00e7\u00e3o de grades."}, {"id": "1557", "ano": "2020", "numero": "13", "tipo__sigla": "OR", "tipo__descricao": "OF\u00cdCIOS RECEBIDOS", "assunto": "Audi\u00eancia publica - LC 101/2000"}, {"id": "1564", "ano": "2020", "numero": "13", "tipo__sigla": "PARE", "tipo__descricao": "PARECER", "assunto": "Parecer Jur\u00eddico - LC 02/2020 - Altera a nomenclatura de Assessor Jur\u00eddico para Procurador Geral do Munic\u00edpio."}, {"id": "1880", "ano": "2020", "numero": "13", "tipo__sigla": "DPA", "tipo__descricao": "Documento de Processo Administrativo", "assunto": "Oitiva Paulo Henrique Freitas"}, {"id": "1925", "ano": "2020", "numero": "13", "tipo__sigla": "ARO", "tipo__descricao": "ATAS DAS REUNI\u00d5ES ORDIN\u00c1RIAS", "assunto": "Ata 13\u00aa Reuni\u00e3o Ordin\u00e1ria 29/09/2020"}, {"id": "1973", "ano": "2020", "numero": "13", "tipo__sigla": "AREO", "tipo__descricao": "ATAS DAS REUNI\u00d5ES EXTRAORDIN\u00c1RIAS", "assunto": "Ata da 13\u00aa reuni\u00e3o extraordin\u00e1ria realizada no dia 20 de outubro do ano de 2020."}, {"id": "2053", "ano": "2020", "numero": "13", "tipo__sigla": "OCI", "tipo__descricao": "Of\u00edcios da Controladoria Interna", "assunto": "Orienta\u00e7\u00f5es acerca de restos a pagar."}, {"id": "2088", "ano": "2020", "numero": "13", "tipo__sigla": "DA", "tipo__descricao": "Documento Avulso", "assunto": "Documenta\u00e7\u00e3o Ronalthe"}, {"id": "1461", "ano": "2020", "numero": "14", "tipo__sigla": "REV", "tipo__descricao": "Relat\u00f3rios de rodagem do ve\u00edculo e outros", "assunto": "Entregar convite aos vereadores da Sess\u00e3o Solene de Inalgura\u00e7\u00e3o"}, {"id": "1466", "ano": "2020", "numero": "14", "tipo__sigla": "OFEXP", "tipo__descricao": "Of\u00edcio Expedido", "assunto": "Encaminha resultado da vota\u00e7\u00e3o do Veto n\u00ba 03/2019"}, {"id": "1479", "ano": "2020", "numero": "14", "tipo__sigla": "MEM", "tipo__descricao": "Memorando", "assunto": "Reitera os memorandos 09 e 10/2019 e 01/2020"}, {"id": "1489", "ano": "2020", "numero": "14", "tipo__sigla": "OFP", "tipo__descricao": "Of\u00edcio da Procuradoria", "assunto": "Of\u00edcio ao Presidente - Solicita o envio de of\u00edcio ao Executivo pedindo informa\u00e7\u00f5es sobre os contratados para emitir parecer jur\u00eddico"}, {"id": "1520", "ano": "2020", "numero": "14", "tipo__sigla": "AT", "tipo__descricao": "ATESTADO", "assunto": "Declara\u00e7\u00e3o de comparecimento"}, {"id": "1523", "ano": "2020", "numero": "14", "tipo__sigla": "DMP", "tipo__descricao": "Documentos de tribunais e do Minist\u00e9rio P\u00fablico", "assunto": "Requisita informa\u00e7\u00f5es"}, {"id": "1559", "ano": "2020", "numero": "14", "tipo__sigla": "OR", "tipo__descricao": "OF\u00cdCIOS RECEBIDOS", "assunto": "Encaminha documentos da contrata\u00e7\u00e3o para analise jur\u00eddica"}, {"id": "1567", "ano": "2020", "numero": "14", "tipo__sigla": "PARE", "tipo__descricao": "PARECER", "assunto": "Parecer Jur\u00eddico - LO 05/2020 - Desafeta\u00e7\u00e3o de Bem P\u00fablico - Conselho Tutelar"}, {"id": "1589", "ano": "2020", "numero": "14", "tipo__sigla": "OVC", "tipo__descricao": "Of\u00edcio de Vereador/Comiss\u00e3o", "assunto": "Convoca Reuni\u00e3o da Comiss\u00e3o"}, {"id": "1881", "ano": "2020", "numero": "14", "tipo__sigla": "DPA", "tipo__descricao": "Documento de Processo Administrativo", "assunto": "Oitiva Sr. Luiz Felipe Mendon\u00e7a"}, {"id": "1954", "ano": "2020", "numero": "14", "tipo__sigla": "ARO", "tipo__descricao": "ATAS DAS REUNI\u00d5ES ORDIN\u00c1RIAS", "assunto": "Ata da 14\u00b0 reuni\u00e3o ordin\u00e1ria realizada no dia 06 de Outubro do ano 2020."}, {"id": "2022", "ano": "2020", "numero": "14", "tipo__sigla": "AREO", "tipo__descricao": "ATAS DAS REUNI\u00d5ES EXTRAORDIN\u00c1RIAS", "assunto": "Ata 14\u00aa Reuni\u00e3o Extraordin\u00e1ria- Projeto de Lei do Legislativo n\u00b0 007/2020"}, {"id": "2060", "ano": "2020", "numero": "14", "tipo__sigla": "OCI", "tipo__descricao": "Of\u00edcios da Controladoria Interna", "assunto": "Acesso ao Sistema de Gest\u00e3o de Identidade do TCEMG."}, {"id": "2089", "ano": "2020", "numero": "14", "tipo__sigla": "DA", "tipo__descricao": "Documento Avulso", "assunto": "Documenta\u00e7\u00e3o Walter"}, {"id": "1462", "ano": "2020", "numero": "15", "tipo__sigla": "REV", "tipo__descricao": "Relat\u00f3rios de rodagem do ve\u00edculo e outros", "assunto": "Ir ao encontro do Presidente para colher assinatura"}, {"id": "1482", "ano": "2020", "numero": "15", "tipo__sigla": "OFEXP", "tipo__descricao": "Of\u00edcio Expedido", "assunto": "Resposta Presid\u00eancia Of\u00edcio MP 88/2020/3\u00aa Promotoria - Requisi\u00e7\u00e3o de Documentos - FOCUS  - Contador Prefeitura."}, {"id": "1485", "ano": "2020", "numero": "15", "tipo__sigla": "OFP", "tipo__descricao": "Of\u00edcio da Procuradoria", "assunto": "Procuradoria Legislativa Municipal - Of\u00edcio n\u00ba 13 - 2020 - Sugest\u00e3o de resposta requerimento de servidor Silvio Cesar Miranda."}, {"id": "1491", "ano": "2020", "numero": "15", "tipo__sigla": "MEM", "tipo__descricao": "Memorando", "assunto": "Solicita\u00e7\u00e3o de di\u00e1ria para viagem a Belo Horizonte"}, {"id": "1521", "ano": "2020", "numero": "15", "tipo__sigla": "AT", "tipo__descricao": "ATESTADO", "assunto": "Atestado Medico"}, {"id": "1524", "ano": "2020", "numero": "15", "tipo__sigla": "DMP", "tipo__descricao": "Documentos de tribunais e do Minist\u00e9rio P\u00fablico", "assunto": "Reitera requisi\u00e7\u00e3o"}, {"id": "1575", "ano": "2020", "numero": "15", "tipo__sigla": "OR", "tipo__descricao": "OF\u00cdCIOS RECEBIDOS", "assunto": "Informa hor\u00e1rio de funcionamento do conselho tutelar"}, {"id": "1610", "ano": "2020", "numero": "15", "tipo__sigla": "PARE", "tipo__descricao": "PARECER", "assunto": "Parecer Contabil"}, {"id": "1645", "ano": "2020", "numero": "15", "tipo__sigla": "OVC", "tipo__descricao": "Of\u00edcio de Vereador/Comiss\u00e3o", "assunto": "Solicita\u00e7\u00e3o ao Presidente da Comiss\u00e3o de Finan\u00e7as e Or\u00e7amento"}, {"id": "1882", "ano": "2020", "numero": "15", "tipo__sigla": "DPA", "tipo__descricao": "Documento de Processo Administrativo", "assunto": "Oitiva - Tuillis Carvalho Silva Pelegrini."}, {"id": "1962", "ano": "2020", "numero": "15", "tipo__sigla": "ARO", "tipo__descricao": "ATAS DAS REUNI\u00d5ES ORDIN\u00c1RIAS", "assunto": "Ata da 15\u00b0 reuni\u00e3o ordin\u00e1ria realizada no dia treze de outubro de dois mil e vinte"}, {"id": "2067", "ano": "2020", "numero": "15", "tipo__sigla": "OCI", "tipo__descricao": "Of\u00edcios da Controladoria Interna", "assunto": "Sugest\u00f5es para controle de documentos."}, {"id": "2090", "ano": "2020", "numero": "15", "tipo__sigla": "DA", "tipo__descricao": "Documento Avulso", "assunto": "Documenta\u00e7\u00e3o Vitor"}, {"id": "1474", "ano": "2020", "numero": "16", "tipo__sigla": "REV", "tipo__descricao": "Relat\u00f3rios de rodagem do ve\u00edculo e outros", "assunto": "Ir em Tr\u00eas Pontas pagar os consiguinados"}, {"id": "1483", "ano": "2020", "numero": "16", "tipo__sigla": "OFEXP", "tipo__descricao": "Of\u00edcio Expedido", "assunto": "Resposta Presid\u00eancia - of\u00edcio 1024/2019/3\u00aaPJ-TP - Informa\u00e7\u00f5es sobre o curso que vereador n\u00e3o compareceu."}, {"id": "1493", "ano": "2020", "numero": "16", "tipo__sigla": "MEM", "tipo__descricao": "Memorando", "assunto": "solicita confec\u00e7\u00e3o de di\u00e1ria para o motorista do legislativo"}, {"id": "1497", "ano": "2020", "numero": "16", "tipo__sigla": "OFP", "tipo__descricao": "Of\u00edcio da Procuradoria", "assunto": "Sugest\u00e3o de Resposta of\u00edcio 167/2020/3\u00aaPJ-TP - CPI"}, {"id": "1554", "ano": "2020", "numero": "16", "tipo__sigla": "DMP", "tipo__descricao": "Documentos de tribunais e do Minist\u00e9rio P\u00fablico", "assunto": "Of\u00edcio 276/2020\r\nSolicita informa\u00e7\u00f5es.\r\nNoticia de fato MPMG 0694.20.000072-7"}, {"id": "1558", "ano": "2020", "numero": "16", "tipo__sigla": "AT", "tipo__descricao": "ATESTADO", "assunto": "atestado medico"}, {"id": "1604", "ano": "2020", "numero": "16", "tipo__sigla": "OR", "tipo__descricao": "OF\u00cdCIOS RECEBIDOS", "assunto": "Informa\u00e7\u00f5es de valores de subs\u00eddios de Prefeito, Vice Prefeito e Secret\u00e1rio Municipal."}, {"id": "1613", "ano": "2020", "numero": "16", "tipo__sigla": "PARE", "tipo__descricao": "PARECER", "assunto": "Parecer Jur\u00eddico sobre a homologa\u00e7\u00e3o do concurso e possibilidade de extens\u00e3o dos contratos tempor\u00e1rios."}, {"id": "1724", "ano": "2020", "numero": "16", "tipo__sigla": "OVC", "tipo__descricao": "Of\u00edcio de Vereador/Comiss\u00e3o", "assunto": "Solicita informa\u00e7\u00e3o a respeito de legisla\u00e7\u00e3o que impede a instala\u00e7\u00e3o de trailers no municipio."}, {"id": "1883", "ano": "2020", "numero": "16", "tipo__sigla": "DPA", "tipo__descricao": "Documento de Processo Administrativo", "assunto": "Oitiva Ruiter Silva de Oliveira"}, {"id": "1961", "ano": "2020", "numero": "16", "tipo__sigla": "ARO", "tipo__descricao": "ATAS DAS REUNI\u00d5ES ORDIN\u00c1RIAS", "assunto": "Ata da 16\u00b0 reuni\u00e3o ordin\u00e1ria realizada no dia vinte de outubro de dois mil e vinte"}, {"id": "2072", "ano": "2020", "numero": "16", "tipo__sigla": "OCI", "tipo__descricao": "Of\u00edcios da Controladoria Interna", "assunto": "Divulga\u00e7\u00e3o de informa\u00e7\u00f5es de interesse p\u00fablico em redes sociais."}, {"id": "2091", "ano": "2020", "numero": "16", "tipo__sigla": "DA", "tipo__descricao": "Documento Avulso", "assunto": "Documenta\u00e7\u00e3o Luiz Felipe"}, {"id": "1475", "ano": "2020", "numero": "17", "tipo__sigla": "REV", "tipo__descricao": "Relat\u00f3rios de rodagem do ve\u00edculo e outros", "assunto": "Levar o D. Geral Tarcisio Valkimar na marcenaria"}, {"id": "1486", "ano": "2020", "numero": "17", "tipo__sigla": "OFEXP", "tipo__descricao": "Of\u00edcio Expedido", "assunto": "Of\u00edcio solicitando os valores dos subs\u00eddios atualizados do Prefeito e secret\u00e1rios"}, {"id": "1498", "ano": "2020", "numero": "17", "tipo__sigla": "OFP", "tipo__descricao": "Of\u00edcio da Procuradoria", "assunto": "Sugest\u00e3o de resposta of\u00edcio n\u00ba 87/2020 -"}, {"id": "1531", "ano": "2020", "numero": "17", "tipo__sigla": "MEM", "tipo__descricao": "Memorando", "assunto": "Responde oficio da procuradoria"}, {"id": "1555", "ano": "2020", "numero": "17", "tipo__sigla": "DMP", "tipo__descricao": "Documentos de tribunais e do Minist\u00e9rio P\u00fablico", "assunto": "Oficio 268/2020\r\nRequisita informa\u00e7\u00f5es/documentos\r\nInqu\u00e9rito Civil MPMG 0694.17.000244-8"}, {"id": "1560", "ano": "2020", "numero": "17", "tipo__sigla": "AT", "tipo__descricao": "ATESTADO", "assunto": "Atestado medico"}, {"id": "1611", "ano": "2020", "numero": "17", "tipo__sigla": "OR", "tipo__descricao": "OF\u00cdCIOS RECEBIDOS", "assunto": "DOCUMENTA\u00c7\u00c3O PARA CONTRATA\u00c7\u00c3O DE SERVIDOR."}, {"id": "1617", "ano": "2020", "numero": "17", "tipo__sigla": "PARE", "tipo__descricao": "PARECER", "assunto": "Parecer Jur\u00eddico - Projeto de Lei 07/2020 - Cria\u00e7\u00e3o de 10 (dez) cargos de agente comunit\u00e1rio de sa\u00fade."}, {"id": "1747", "ano": "2020", "numero": "17", "tipo__sigla": "OVC", "tipo__descricao": "Of\u00edcio de Vereador/Comiss\u00e3o", "assunto": "Notifica ex prefeito"}, {"id": "1891", "ano": "2020", "numero": "17", "tipo__sigla": "DPA", "tipo__descricao": "Documento de Processo Administrativo", "assunto": "Documento do Processo Adm. 02/2020"}, {"id": "1983", "ano": "2020", "numero": "17", "tipo__sigla": "ARO", "tipo__descricao": "ATAS DAS REUNI\u00d5ES ORDIN\u00c1RIAS", "assunto": "Ata da 17\u00aa reuni\u00e3o ordin\u00e1ria realizada no dia 27-10-2020."}, {"id": "2082", "ano": "2020", "numero": "17", "tipo__sigla": "OCI", "tipo__descricao": "Of\u00edcios da Controladoria Interna", "assunto": "Declara\u00e7\u00e3o de bens devido \u00e0 proximidade do fim do exerc\u00edcio de cargo p\u00fablico."}, {"id": "2093", "ano": "2020", "numero": "17", "tipo__sigla": "DA", "tipo__descricao": "Documento Avulso", "assunto": "Declara\u00e7\u00e3o de bens Jo\u00e3o Martins Boaventura"}, {"id": "1478", "ano": "2020", "numero": "18", "tipo__sigla": "REV", "tipo__descricao": "Relat\u00f3rios de rodagem do ve\u00edculo e outros", "assunto": "Levar o Diretor Geral Tarcisio Valkimar no departamento da PM para protocolar documento."}, {"id": "1487", "ano": "2020", "numero": "18", "tipo__sigla": "OFEXP", "tipo__descricao": "Of\u00edcio Expedido", "assunto": "Solicita\u00e7\u00e3o de dila\u00e7\u00e3o de prazo ao MPC - Contas do exerc\u00edcio de 2013."}, {"id": "1500", "ano": "2020", "numero": "18", "tipo__sigla": "OFP", "tipo__descricao": "Of\u00edcio da Procuradoria", "assunto": "Pedido \u00e0 Prefeitura - informa\u00e7\u00f5es sobre as contrata\u00e7\u00f5es tempor\u00e1rias para emiss\u00e3o de parecer jur\u00eddico - TAC  14/02/2019."}, {"id": "1556", "ano": "2020", "numero": "18", "tipo__sigla": "DMP", "tipo__descricao": "Documentos de tribunais e do Minist\u00e9rio P\u00fablico", "assunto": "Oficio 272/2020\r\nSolicita Informa\u00e7\u00f5es\r\nNoticia de fato MPMG 0694.20.000075-0"}, {"id": "1565", "ano": "2020", "numero": "18", "tipo__sigla": "MEM", "tipo__descricao": "Memorando", "assunto": "Solicita\u00e7\u00e3o de di\u00e1ria para viagem."}, {"id": "1573", "ano": "2020", "numero": "18", "tipo__sigla": "AT", "tipo__descricao": "ATESTADO", "assunto": "Atestado Medico"}, {"id": "1612", "ano": "2020", "numero": "18", "tipo__sigla": "OR", "tipo__descricao": "OF\u00cdCIOS RECEBIDOS", "assunto": "DOCUMENTA\u00c7\u00c3O PARA CONTRATA\u00c7\u00c3O DE SERVIDOR."}, {"id": "1618", "ano": "2020", "numero": "18", "tipo__sigla": "PARE", "tipo__descricao": "PARECER", "assunto": "Parecer Jur\u00eddico - Projeto de Lei 06 - 2020 - Altera a numera\u00e7\u00e3o de uma dota\u00e7\u00e3o or\u00e7ament\u00e1ria da Sa\u00fade.  Fun\u00e7\u00e3o 03 - Essencial \u00e0 justi\u00e7a para a ser Fun\u00e7\u00e3o 10 - Sa\u00fade."}, {"id": "1822", "ano": "2020", "numero": "18", "tipo__sigla": "OVC", "tipo__descricao": "Of\u00edcio de Vereador/Comiss\u00e3o", "assunto": "solicita a retirada de pauta do referido projeto devido \u00e0 mat\u00e9ria ser de exclusividade do poder executivo"}, {"id": "1898", "ano": "2020", "numero": "18", "tipo__sigla": "DPA", "tipo__descricao": "Documento de Processo Administrativo", "assunto": "Intima\u00e7\u00e3o - Testemunha Ruiter Silva"}, {"id": "1994", "ano": "2020", "numero": "18", "tipo__sigla": "ARO", "tipo__descricao": "ATAS DAS REUNI\u00d5ES ORDIN\u00c1RIAS", "assunto": "Ata da 18\u00aa reuni\u00e3o ordin\u00e1ria realizada no dia 03-11-2020."}, {"id": "2096", "ano": "2020", "numero": "18", "tipo__sigla": "DA", "tipo__descricao": "Documento Avulso", "assunto": "Cheque devolu\u00e7\u00e3o subs\u00eddio 2020"}, {"id": "1490", "ano": "2020", "numero": "19", "tipo__sigla": "OFEXP", "tipo__descricao": "Of\u00edcio Expedido", "assunto": "Resposta ao of\u00edcio 34/2020/3\u00baPJ-TP - C\u00e1lculo de horas extras - ex servidora"}, {"id": "1492", "ano": "2020", "numero": "19", "tipo__sigla": "REV", "tipo__descricao": "Relat\u00f3rios de rodagem do ve\u00edculo e outros", "assunto": "RELAT\u00d3RIO PARA PERCEP\u00c7\u00c3O DE DI\u00c1RIA\r\nCONFORME O ARTIGO 7\u00ba DA LEI 1.477 DE 17 DE DEZEMBRO DE 2018"}, {"id": "1501", "ano": "2020", "numero": "19", "tipo__sigla": "OFP", "tipo__descricao": "Of\u00edcio da Procuradoria", "assunto": "Solicita ao controle interno e a secretaria da C\u00e2mara que providencie a documenta\u00e7\u00e3o solicitada pelo Vereador Expedito Alves de Oliveira - Defesa TCEMG"}, {"id": "1566", "ano": "2020", "numero": "19", "tipo__sigla": "MEM", "tipo__descricao": "Memorando", "assunto": "Solicita\u00e7\u00e3o de confec\u00e7\u00e3o de di\u00e1ria."}, {"id": "1574", "ano": "2020", "numero": "19", "tipo__sigla": "AT", "tipo__descricao": "ATESTADO", "assunto": "Atestado M\u00e9dico"}, {"id": "1623", "ano": "2020", "numero": "19", "tipo__sigla": "PARE", "tipo__descricao": "PARECER", "assunto": "Parecer Jur\u00eddico - Projeto de Lei Ordin\u00e1ria 08 - 2020 - Cr\u00e9dito adicional especial - R$ 550.000,00 (Emendas Parlamentares - Dep. Eros Biondini, Mario Caixa, Bruno Engler, Leon\u00edcio Bou\u00e7as e Junio Amaral )"}, {"id": "1624", "ano": "2020", "numero": "19", "tipo__sigla": "OR", "tipo__descricao": "OF\u00cdCIOS RECEBIDOS", "assunto": "Responde Of\u00edcio do Jur\u00eddico do Legislativo"}, {"id": "1663", "ano": "2020", "numero": "19", "tipo__sigla": "DMP", "tipo__descricao": "Documentos de tribunais e do Minist\u00e9rio P\u00fablico", "assunto": "Of\u00edcio 313/2020/3\u00aaPJ-TP\r\nSolicita providencias\r\nNoticia de fato n\u00ba MPMG-0694.19.000444-0"}, {"id": "1837", "ano": "2020", "numero": "19", "tipo__sigla": "OVC", "tipo__descricao": "Of\u00edcio de Vereador/Comiss\u00e3o", "assunto": "Solicita documentos"}, {"id": "1899", "ano": "2020", "numero": "19", "tipo__sigla": "DPA", "tipo__descricao": "Documento de Processo Administrativo", "assunto": "Intima\u00e7\u00e3o - Testemunha - Luiz Felipe"}, {"id": "2010", "ano": "2020", "numero": "19", "tipo__sigla": "ARO", "tipo__descricao": "ATAS DAS REUNI\u00d5ES ORDIN\u00c1RIAS", "assunto": "Ata da 19\u00aa reuni\u00e3o realizada no dia 10-11-2020."}, {"id": "2098", "ano": "2020", "numero": "19", "tipo__sigla": "DA", "tipo__descricao": "Documento Avulso", "assunto": "Relat\u00f3rio de atividades mensais do diretor geral"}, {"id": "1494", "ano": "2020", "numero": "20", "tipo__sigla": "OFEXP", "tipo__descricao": "Of\u00edcio Expedido", "assunto": "Resposta ao of\u00edcio n\u00ba 1.092/2019/3\u00aaPJ-TP - Terreno doado \u00e0 Copasa."}, {"id": "1503", "ano": "2020", "numero": "20", "tipo__sigla": "OFP", "tipo__descricao": "Of\u00edcio da Procuradoria", "assunto": "Solicitando \u00e0 secretaria c\u00f3pia do processo legislativo que aprovou a lei municipal n\u00ba 1.378/2015."}, {"id": "1513", "ano": "2020", "numero": "20", "tipo__sigla": "REV", "tipo__descricao": "Relat\u00f3rios de rodagem do ve\u00edculo e outros", "assunto": "Levar o Diretor Geral na Vidro Leo e na Construir"}, {"id": "1582", "ano": "2020", "numero": "20", "tipo__sigla": "MEM", "tipo__descricao": "Memorando", "assunto": "Solicita\u00e7\u00e3o de complementa\u00e7\u00e3o de ferias regulares ."}, {"id": "1599", "ano": "2020", "numero": "20", "tipo__sigla": "AT", "tipo__descricao": "ATESTADO", "assunto": "atestado medico 17-03-2020"}, {"id": "1626", "ano": "2020", "numero": "20", "tipo__sigla": "PARE", "tipo__descricao": "PARECER", "assunto": "Parecer Cont\u00e1bil ao Projeto  de Lei 08/2020"}, {"id": "1664", "ano": "2020", "numero": "20", "tipo__sigla": "DMP", "tipo__descricao": "Documentos de tribunais e do Minist\u00e9rio P\u00fablico", "assunto": "Of\u00edcio 314/2020/3\u00aaPJ-TP\r\nSolicita providencias\r\nNoticia de fato n\u00ba MPMG-0694.19.000444-0"}, {"id": "1841", "ano": "2020", "numero": "20", "tipo__sigla": "OVC", "tipo__descricao": "Of\u00edcio de Vereador/Comiss\u00e3o", "assunto": "Notifica Prefeito, julgamento das contas do exerc\u00edcio de 2017"}, {"id": "1901", "ano": "2020", "numero": "20", "tipo__sigla": "DPA", "tipo__descricao": "Documento de Processo Administrativo", "assunto": "2\u00aa Oitiva - Testemunha - Luiz Felipe"}, {"id": "2014", "ano": "2020", "numero": "20", "tipo__sigla": "ARO", "tipo__descricao": "ATAS DAS REUNI\u00d5ES ORDIN\u00c1RIAS", "assunto": "Ata da 20\u00aa reuni\u00e3o ordin\u00e1ria realizada no dia 17-11-2020"}, {"id": "2099", "ano": "2020", "numero": "20", "tipo__sigla": "DA", "tipo__descricao": "Documento Avulso", "assunto": "Documenta\u00e7\u00e3o Luiz Felipe"}, {"id": "1495", "ano": "2020", "numero": "21", "tipo__sigla": "OFEXP", "tipo__descricao": "Of\u00edcio Expedido", "assunto": "Resposta ao of\u00edcio n\u00ba 1.192/2019/3\u00aaPJ-TP - Desapropria\u00e7\u00e3o im\u00f3vel Luiz"}, {"id": "1516", "ano": "2020", "numero": "21", "tipo__sigla": "REV", "tipo__descricao": "Relat\u00f3rios de rodagem do ve\u00edculo e outros", "assunto": "Levar Diretor Geral nas lojas de material de constru\u00e7\u00e3o e no destacamento da PM"}, {"id": "1544", "ano": "2020", "numero": "21", "tipo__sigla": "OFP", "tipo__descricao": "Of\u00edcio da Procuradoria", "assunto": "Sugest\u00e3o de resposta - Of\u00edcio Minist\u00e9rio P\u00fablico - 1190/2019/3\u00baPJ-TP"}, {"id": "1583", "ano": "2020", "numero": "21", "tipo__sigla": "MEM", "tipo__descricao": "Memorando", "assunto": "Solicita informa\u00e7\u00f5es referentes a de cheques sem fundos anos de 2013 a 2017."}, {"id": "1603", "ano": "2020", "numero": "21", "tipo__sigla": "AT", "tipo__descricao": "ATESTADO", "assunto": "Atestado medico"}, {"id": "1640", "ano": "2020", "numero": "21", "tipo__sigla": "OR", "tipo__descricao": "OF\u00cdCIOS RECEBIDOS", "assunto": "Resposta ao oficio 050-2020 Banco do Brasil de 19-03-2020."}, {"id": "1650", "ano": "2020", "numero": "21", "tipo__sigla": "PARE", "tipo__descricao": "PARECER", "assunto": "Parecer Jur\u00eddico - Lei Ordin\u00e1ria 09 - 2020 - Lei de Diretrizes Or\u00e7ament\u00e1rias"}, {"id": "1768", "ano": "2020", "numero": "21", "tipo__sigla": "DMP", "tipo__descricao": "Documentos de tribunais e do Minist\u00e9rio P\u00fablico", "assunto": "Of\u00edcio 195/2020/2\u00aaPJ-TP - Procedimento de Projeto Social n\u00ba MPMG-0694.20.000242-6\r\nSisconta Eleitoral"}, {"id": "1842", "ano": "2020", "numero": "21", "tipo__sigla": "OVC", "tipo__descricao": "Of\u00edcio de Vereador/Comiss\u00e3o", "assunto": "Notifica Prefeito, julgamento das contas do exerc\u00edcio de 2018"}, {"id": "1902", "ano": "2020", "numero": "21", "tipo__sigla": "DPA", "tipo__descricao": "Documento de Processo Administrativo", "assunto": "2\u00aa Oitiva - Testemunha - Ruiter Silva de Oliveira"}, {"id": "2045", "ano": "2020", "numero": "21", "tipo__sigla": "ARO", "tipo__descricao": "ATAS DAS REUNI\u00d5ES ORDIN\u00c1RIAS", "assunto": "Ata 21 reuni\u00e3o ordin\u00e1ria realizada no dia 24-11-2020"}, {"id": "2100", "ano": "2020", "numero": "21", "tipo__sigla": "DA", "tipo__descricao": "Documento Avulso", "assunto": "Documenta\u00e7\u00e3o Silmara"}, {"id": "1496", "ano": "2020", "numero": "22", "tipo__sigla": "OFEXP", "tipo__descricao": "Of\u00edcio Expedido", "assunto": "Solicita\u00e7\u00e3o de informa\u00e7\u00f5es do Executivo \r\n    a) C\u00f3pia da Lei Municipal n\u00ba 740/2001;\r\n    b) Informa\u00e7\u00e3o atualizada de qual \u00e9 o n\u00famero de profissionais contratados que ainda prestam servi\u00e7os ao Executivo, bem como os nomes, fun\u00e7\u00f5es e setores que est\u00e3o lotados."}, {"id": "1517", "ano": "2020", "numero": "22", "tipo__sigla": "REV", "tipo__descricao": "Relat\u00f3rios de rodagem do ve\u00edculo e outros", "assunto": "Levar o Diretor Geral no MP"}, {"id": "1545", "ano": "2020", "numero": "22", "tipo__sigla": "OFP", "tipo__descricao": "Of\u00edcio da Procuradoria", "assunto": "Of\u00edcio ao Minist\u00e9rio P\u00fablico sobre as contrata\u00e7\u00f5es - TAC."}, {"id": "1642", "ano": "2020", "numero": "22", "tipo__sigla": "OR", "tipo__descricao": "OF\u00cdCIOS RECEBIDOS", "assunto": "Informa que o Assessor Jur\u00eddico no munic\u00edpio esta a disposi\u00e7\u00e3o para esclarecer as duvidas do projeto 36/2019"}, {"id": "1651", "ano": "2020", "numero": "22", "tipo__sigla": "PARE", "tipo__descricao": "PARECER", "assunto": "Parecer Jur\u00eddico sobre a Licita\u00e7\u00e3o (Preg\u00e3o Presencial - Registro de Pre\u00e7o) combust\u00edvel feito pelo Executivo."}, {"id": "1655", "ano": "2020", "numero": "22", "tipo__sigla": "AT", "tipo__descricao": "ATESTADO", "assunto": "Atestado M\u00e9dico 20/05/2020"}, {"id": "1656", "ano": "2020", "numero": "22", "tipo__sigla": "MEM", "tipo__descricao": "Memorando", "assunto": "Solicita aquisi\u00e7\u00e3o de equipamentos."}, {"id": "1824", "ano": "2020", "numero": "22", "tipo__sigla": "DMP", "tipo__descricao": "Documentos de tribunais e do Minist\u00e9rio P\u00fablico", "assunto": "Procedimento preparat\u00f3rio n\u00ba MPMG-0694.19.000722-9\r\nSolicita c\u00f3pia integral do processo legislativo que culminou na aprova\u00e7\u00e3o da lei complementar 06/2017"}, {"id": "1845", "ano": "2020", "numero": "22", "tipo__sigla": "OVC", "tipo__descricao": "Of\u00edcio de Vereador/Comiss\u00e3o", "assunto": "Notifica vereador Carlos Cesar a respeito das presta\u00e7\u00f5es de contas dos exerc\u00edcios 2017 e 2018"}, {"id": "1941", "ano": "2020", "numero": "22", "tipo__sigla": "DPA", "tipo__descricao": "Documento de Processo Administrativo", "assunto": "Relat\u00f3rio Final do processo administrativo 02/2020"}, {"id": "2057", "ano": "2020", "numero": "22", "tipo__sigla": "ARO", "tipo__descricao": "ATAS DAS REUNI\u00d5ES ORDIN\u00c1RIAS", "assunto": "Ata da 22\u00aa reuni\u00e3o ordin\u00e1ria do dia 03 de dezembro de 2020."}, {"id": "2102", "ano": "2020", "numero": "22", "tipo__sigla": "DA", "tipo__descricao": "Documento Avulso", "assunto": "Declara\u00e7\u00e3o de bens Tarcisio"}, {"id": "1504", "ano": "2020", "numero": "23", "tipo__sigla": "OFEXP", "tipo__descricao": "Of\u00edcio Expedido", "assunto": "Encaminha lei promulgada pelo Legislativo"}, {"id": "1525", "ano": "2020", "numero": "23", "tipo__sigla": "REV", "tipo__descricao": "Relat\u00f3rios de rodagem do ve\u00edculo e outros", "assunto": "Levar o Diretor Geral no TCE MG"}, {"id": "1549", "ano": "2020", "numero": "23", "tipo__sigla": "OFP", "tipo__descricao": "Of\u00edcio da Procuradoria", "assunto": "Requerimento de f\u00e9rias"}, {"id": "1653", "ano": "2020", "numero": "23", "tipo__sigla": "OR", "tipo__descricao": "OF\u00cdCIOS RECEBIDOS", "assunto": "Solicita\u00e7\u00e3o de documenta\u00e7\u00e3o :Projetos de Lei n\u00b031,32,33,34 e 35/2019"}, {"id": "1654", "ano": "2020", "numero": "23", "tipo__sigla": "PARE", "tipo__descricao": "PARECER", "assunto": "Parecer Jur\u00eddico - Projeto de Lei Ordin\u00e1ria n\u00ba 10/2020 - Desafeta\u00e7\u00e3o de bem im\u00f3vel p\u00fablico."}, {"id": "1683", "ano": "2020", "numero": "23", "tipo__sigla": "MEM", "tipo__descricao": "Memorando", "assunto": "Informa anula\u00e7\u00e3o devido a inexist\u00eancia"}, {"id": "1755", "ano": "2020", "numero": "23", "tipo__sigla": "AT", "tipo__descricao": "ATESTADO", "assunto": "Atestado M\u00e9dico"}, {"id": "1846", "ano": "2020", "numero": "23", "tipo__sigla": "OVC", "tipo__descricao": "Of\u00edcio de Vereador/Comiss\u00e3o", "assunto": "Notifica vereador Expedito Alves a respeito das presta\u00e7\u00f5es de contas dos exerc\u00edcios 2017 e 2018"}, {"id": "1869", "ano": "2020", "numero": "23", "tipo__sigla": "DMP", "tipo__descricao": "Documentos de tribunais e do Minist\u00e9rio P\u00fablico", "assunto": "Of\u00edcio n.\u00ba 268/2020/3\u00aaPJ-TP\r\nSolicita documentos para apurar noticia de fato de que vereador eleito estaria exercendo fun\u00e7\u00f5es de motorista"}, {"id": "1942", "ano": "2020", "numero": "23", "tipo__sigla": "DPA", "tipo__descricao": "Documento de Processo Administrativo", "assunto": "encaminha relat\u00f3rio final ao presidente"}, {"id": "2063", "ano": "2020", "numero": "23", "tipo__sigla": "ARO", "tipo__descricao": "ATAS DAS REUNI\u00d5ES ORDIN\u00c1RIAS", "assunto": "23\u00aa reuni\u00e3o ordin\u00e1ria realizada no dia nove de dezembro de 2020"}, {"id": "2103", "ano": "2020", "numero": "23", "tipo__sigla": "DA", "tipo__descricao": "Documento Avulso", "assunto": "Documenta\u00e7\u00e3o Jackson"}, {"id": "1528", "ano": "2020", "numero": "24", "tipo__sigla": "OFEXP", "tipo__descricao": "Of\u00edcio Expedido", "assunto": "Solicita guia de pagamento referente ao Imposto de Renda"}, {"id": "1548", "ano": "2020", "numero": "24", "tipo__sigla": "REV", "tipo__descricao": "Relat\u00f3rios de rodagem do ve\u00edculo e outros", "assunto": "Levar funcionario Tarcisio Valkmar e Felipe Tom\u00e9 para reuniao e protocolo no Ministerio Publico e caixa Econonomica."}, {"id": "1579", "ano": "2020", "numero": "24", "tipo__sigla": "OFP", "tipo__descricao": "Of\u00edcio da Procuradoria", "assunto": "Of\u00edcio n\u00ba 24 - Of\u00edcio Minist\u00e9rio P\u00fablico \u2013 1180/2019/3\u00baPJ-TP - Den\u00fancia Silmara Gestante."}, {"id": "1660", "ano": "2020", "numero": "24", "tipo__sigla": "OR", "tipo__descricao": "OF\u00cdCIOS RECEBIDOS", "assunto": "Requisi\u00e7\u00e3o"}, {"id": "1665", "ano": "2020", "numero": "24", "tipo__sigla": "PARE", "tipo__descricao": "PARECER", "assunto": "Parecer sobre a  forma de devolu\u00e7\u00e3o de valores referentes ao curso pago \u00e0 Vereadora Silmara, e que esta n\u00e3o compareceu."}, {"id": "1714", "ano": "2020", "numero": "24", "tipo__sigla": "MEM", "tipo__descricao": "Memorando", "assunto": "Solicita\u00e7\u00e3o de 13\u00ba proporcional"}, {"id": "1756", "ano": "2020", "numero": "24", "tipo__sigla": "AT", "tipo__descricao": "ATESTADO", "assunto": "Declara\u00e7\u00e3o de comparecimento m\u00e9dico"}, {"id": "1847", "ano": "2020", "numero": "24", "tipo__sigla": "OVC", "tipo__descricao": "Of\u00edcio de Vereador/Comiss\u00e3o", "assunto": "Notifica vereador Jo\u00e3o Martins a respeito das presta\u00e7\u00f5es de contas dos exerc\u00edcios 2017 e 2018"}, {"id": "1870", "ano": "2020", "numero": "24", "tipo__sigla": "DMP", "tipo__descricao": "Documentos de tribunais e do Minist\u00e9rio P\u00fablico", "assunto": "Of\u00edcio n.\u00ba 121/2020/3\u00aaPJ-TP\r\nNoticia de fato de que a C\u00e2mara estaria realizando dispensa com o servi\u00e7o de limpeza"}, {"id": "1943", "ano": "2020", "numero": "24", "tipo__sigla": "DPA", "tipo__descricao": "Documento de Processo Administrativo", "assunto": "Parecer da Presid\u00eancia"}, {"id": "2064", "ano": "2020", "numero": "24", "tipo__sigla": "ARO", "tipo__descricao": "ATAS DAS REUNI\u00d5ES ORDIN\u00c1RIAS", "assunto": "Ata 24\u00aa reuni\u00e3o ordin\u00e1ria realizada no dia quinze de dezembro de 2020"}, {"id": "2104", "ano": "2020", "numero": "24", "tipo__sigla": "DA", "tipo__descricao": "Documento Avulso", "assunto": "Documenta\u00e7\u00e3o Silmara"}, {"id": "1529", "ano": "2020", "numero": "25", "tipo__sigla": "OFEXP", "tipo__descricao": "Of\u00edcio Expedido", "assunto": "Responde of\u00edcio do vereador Carlos Cezar"}, {"id": "1561", "ano": "2020", "numero": "25", "tipo__sigla": "REV", "tipo__descricao": "Relat\u00f3rios de rodagem do ve\u00edculo e outros", "assunto": "Levar oficio para o ex prefeito"}, {"id": "1580", "ano": "2020", "numero": "25", "tipo__sigla": "OFP", "tipo__descricao": "Of\u00edcio da Procuradoria", "assunto": "Of\u00edcio n\u00ba 25 - 2020 - Resposta ao of\u00edcio 212/2020/3\u00aa PJ - TP - Informa\u00e7\u00f5es sobre o cumprimento do TAC - Concurso P\u00fablico da C\u00e2mara."}, {"id": "1661", "ano": "2020", "numero": "25", "tipo__sigla": "OR", "tipo__descricao": "OF\u00cdCIOS RECEBIDOS", "assunto": "Complemento ao Projeto de Lei 07/2020"}, {"id": "1667", "ano": "2020", "numero": "25", "tipo__sigla": "PARE", "tipo__descricao": "PARECER", "assunto": "Parecer Projeto de Lei Ordin\u00e1ria 07 - 2020 - Visa Contratar 10 agente de sa\u00fade."}, {"id": "1713", "ano": "2020", "numero": "25", "tipo__sigla": "MEM", "tipo__descricao": "Memorando", "assunto": "Solicita\u00e7\u00e3o de 13\u00ba proporcional"}, {"id": "1778", "ano": "2020", "numero": "25", "tipo__sigla": "AT", "tipo__descricao": "ATESTADO", "assunto": "Atestado M\u00e9dico"}, {"id": "1848", "ano": "2020", "numero": "25", "tipo__sigla": "OVC", "tipo__descricao": "Of\u00edcio de Vereador/Comiss\u00e3o", "assunto": "Notifica vereador Jos\u00e9 Elias a respeito das presta\u00e7\u00f5es de contas dos exerc\u00edcios 2017 e 2018"}, {"id": "1871", "ano": "2020", "numero": "25", "tipo__sigla": "DMP", "tipo__descricao": "Documentos de tribunais e do Minist\u00e9rio P\u00fablico", "assunto": "Of\u00edcio n.\u00ba 458/2020/3\u00aaPJ-TP\r\nRequisita informa\u00e7\u00f5es  para apurar poss\u00edvel pratica de improbidade administrativa por ocasi\u00e3o de contrata\u00e7\u00e3o de Assessor Jur\u00eddico"}, {"id": "1947", "ano": "2020", "numero": "25", "tipo__sigla": "DPA", "tipo__descricao": "Documento de Processo Administrativo", "assunto": "Processo Administrativo n\u00ba 02/2020"}, {"id": "2105", "ano": "2020", "numero": "25", "tipo__sigla": "DA", "tipo__descricao": "Documento Avulso", "assunto": "Documenta\u00e7\u00e3o Jos\u00e9 Elias"}, {"id": "1533", "ano": "2020", "numero": "26", "tipo__sigla": "OFEXP", "tipo__descricao": "Of\u00edcio Expedido", "assunto": "Of\u00edcio Presid\u00eancia - Of\u00edcio MP 221/2020/3\u00aaPJ-TP - Concrelongo."}, {"id": "1578", "ano": "2020", "numero": "26", "tipo__sigla": "REV", "tipo__descricao": "Relat\u00f3rios de rodagem do ve\u00edculo e outros", "assunto": "Levar carro na oficina para fazer or\u00e7amento da revis\u00e3o"}, {"id": "1581", "ano": "2020", "numero": "26", "tipo__sigla": "OFP", "tipo__descricao": "Of\u00edcio da Procuradoria", "assunto": "Sugest\u00e3o de resposta - Of\u00edcio Minist\u00e9rio P\u00fablico \u2013 276/2020/3\u00baPJ-TP - Informa\u00e7\u00f5es acerca das fun\u00e7\u00f5es gratificadas da C\u00e2mara"}, {"id": "1669", "ano": "2020", "numero": "26", "tipo__sigla": "OR", "tipo__descricao": "OF\u00cdCIOS RECEBIDOS", "assunto": "Encaminha documentos de contrata\u00e7\u00f5es para emiss\u00e3o de parecer"}, {"id": "1677", "ano": "2020", "numero": "26", "tipo__sigla": "PARE", "tipo__descricao": "PARECER", "assunto": "Parecer Jur\u00eddico sobre o projeto de lei ordin\u00e1ria n\u00ba 11 - 2020 - Estabelece multa (Covid - 19)"}, {"id": "1712", "ano": "2020", "numero": "26", "tipo__sigla": "MEM", "tipo__descricao": "Memorando", "assunto": "Solicita\u00e7\u00e3o de 13\u00ba proporcional"}, {"id": "1786", "ano": "2020", "numero": "26", "tipo__sigla": "AT", "tipo__descricao": "ATESTADO", "assunto": "Atestado medico\r\n28, 29/07/2020"}, {"id": "1849", "ano": "2020", "numero": "26", "tipo__sigla": "OVC", "tipo__descricao": "Of\u00edcio de Vereador/Comiss\u00e3o", "assunto": "Notifica vereadora Silmara Girlaine a respeito das presta\u00e7\u00f5es de contas dos exerc\u00edcios 2017 e 2018"}, {"id": "1886", "ano": "2020", "numero": "26", "tipo__sigla": "DMP", "tipo__descricao": "Documentos de tribunais e do Minist\u00e9rio P\u00fablico", "assunto": "Of\u00edcio 469/2020: Comunica Arquivamento Inquerito Civil n\u00ba MPMG-0694.19.000445-7"}, {"id": "2106", "ano": "2020", "numero": "26", "tipo__sigla": "DA", "tipo__descricao": "Documento Avulso", "assunto": "Documenta\u00e7\u00e3o Walter"}, {"id": "1534", "ano": "2020", "numero": "27", "tipo__sigla": "OFEXP", "tipo__descricao": "Of\u00edcio Expedido", "assunto": "Encaminha projeto 02/2020 aprovado na 4\u00aa reuni\u00e3o ordin\u00e1ria."}, {"id": "1584", "ano": "2020", "numero": "27", "tipo__sigla": "OFP", "tipo__descricao": "Of\u00edcio da Procuradoria", "assunto": "Sugest\u00e3o de resposta ao of\u00edcio 272/2020 - Inscri\u00e7\u00e3o do concurso p\u00fablico da c\u00e2mara."}, {"id": "1606", "ano": "2020", "numero": "27", "tipo__sigla": "REV", "tipo__descricao": "Relat\u00f3rios de rodagem do ve\u00edculo e outros", "assunto": "Protocolar documento no MP"}, {"id": "1685", "ano": "2020", "numero": "27", "tipo__sigla": "PARE", "tipo__descricao": "PARECER", "assunto": "PARECER CONT\u00c1BIL \u2013 PROJETO DE LEI N\u00b0 09\r\nAssunto:Disp\u00f5e sobre as Diretrizes para elabora\u00e7\u00e3o da Lei\r\nOr\u00e7ament\u00e1ria de 2021."}, {"id": "1695", "ano": "2020", "numero": "27", "tipo__sigla": "OR", "tipo__descricao": "OF\u00cdCIOS RECEBIDOS", "assunto": "Solicita copia de parecer Jur\u00eddico e documenta\u00e7\u00e3o da contrata\u00e7\u00e3o a ser efetuada pela prefeitura."}, {"id": "1711", "ano": "2020", "numero": "27", "tipo__sigla": "MEM", "tipo__descricao": "Memorando", "assunto": "Solicita\u00e7\u00e3o de 13\u00ba proporcional"}, {"id": "1803", "ano": "2020", "numero": "27", "tipo__sigla": "AT", "tipo__descricao": "ATESTADO", "assunto": "Atestado M\u00e9dico"}, {"id": "1850", "ano": "2020", "numero": "27", "tipo__sigla": "OVC", "tipo__descricao": "Of\u00edcio de Vereador/Comiss\u00e3o", "assunto": "Notifica vereador Marcos Roberto a respeito das presta\u00e7\u00f5es de contas dos exerc\u00edcios 2017 e 2018"}, {"id": "1979", "ano": "2020", "numero": "27", "tipo__sigla": "DMP", "tipo__descricao": "Documentos de tribunais e do Minist\u00e9rio P\u00fablico", "assunto": "Inqu\u00e9rito Civil n.\u00ba MPMG-0694.19.000080-2 \r\nrequisito a Vossa Excel\u00eancia, no prazo\r\nimprorrog\u00e1vel de 10 (dez) dias, que se proceda \u00e0 imediata exonera\u00e7\u00e3o dos servidores\r\ncontratados, comprovando a total regulariza\u00e7\u00e3o do quadro de pessoal, conforme previs\u00e3o\r\nexpressa no TAC, sob pena de ajuizamento de a\u00e7\u00e3o de improbidade administrativa, sem preju\u00edzo\r\nda execu\u00e7\u00e3o da multa prevista no termo de acordo aven\u00e7ado."}, {"id": "1536", "ano": "2020", "numero": "28", "tipo__sigla": "OFEXP", "tipo__descricao": "Of\u00edcio Expedido", "assunto": "Informa que os mun\u00edcipes est\u00e3o tentando contato de madrugada com a ambul\u00e2ncia e n\u00e3o est\u00e3o conseguindo."}, {"id": "1585", "ano": "2020", "numero": "28", "tipo__sigla": "OFP", "tipo__descricao": "Of\u00edcio da Procuradoria", "assunto": "Sugest\u00e3o de Resposta ao Of\u00edcio Minist\u00e9rio P\u00fablico - 268/2020/3\u00aaPJ-TP - Carlos C\u00e9sar Ribeiro"}, {"id": "1619", "ano": "2020", "numero": "28", "tipo__sigla": "REV", "tipo__descricao": "Relat\u00f3rios de rodagem do ve\u00edculo e outros", "assunto": "Levar o Diretor Geral em Tr\u00eas Pontas para pagar os consignados"}, {"id": "1696", "ano": "2020", "numero": "28", "tipo__sigla": "OR", "tipo__descricao": "OF\u00cdCIOS RECEBIDOS", "assunto": "Reitera of\u00edcio 25/2020 PC SV"}, {"id": "1701", "ano": "2020", "numero": "28", "tipo__sigla": "PARE", "tipo__descricao": "PARECER", "assunto": "Parecer Jur\u00eddico - Projeto de Lei Ordin\u00e1rio n\u00ba 13 - 2020 - Abertura de Cr\u00e9dito - Repasse Federal COVID"}, {"id": "1710", "ano": "2020", "numero": "28", "tipo__sigla": "MEM", "tipo__descricao": "Memorando", "assunto": "Solicita\u00e7\u00e3o de 13\u00ba proporcional"}, {"id": "1807", "ano": "2020", "numero": "28", "tipo__sigla": "AT", "tipo__descricao": "ATESTADO", "assunto": "Atestado medico de kainne Delfino Joanas."}, {"id": "1851", "ano": "2020", "numero": "28", "tipo__sigla": "OVC", "tipo__descricao": "Of\u00edcio de Vereador/Comiss\u00e3o", "assunto": "Notifica vereador Luis Felipe a respeito das presta\u00e7\u00f5es de contas dos exerc\u00edcios 2017 e 2018"}, {"id": "1987", "ano": "2020", "numero": "28", "tipo__sigla": "DMP", "tipo__descricao": "Documentos de tribunais e do Minist\u00e9rio P\u00fablico", "assunto": "Resposta ao oficio do 528/2020 do MP."}, {"id": "1537", "ano": "2020", "numero": "29", "tipo__sigla": "OFEXP", "tipo__descricao": "Of\u00edcio Expedido", "assunto": "solicita informa\u00e7\u00f5es a respeito da instala\u00e7\u00e3o de c\u00e2meras de seguran\u00e7a"}, {"id": "1601", "ano": "2020", "numero": "29", "tipo__sigla": "OFP", "tipo__descricao": "Of\u00edcio da Procuradoria", "assunto": "Of\u00edcio 29 - 2020 - Solicita\u00e7\u00e3o para laborar em casa, devido a potencial exposi\u00e7\u00e3o do COVID 19, objetivando preservar os colegas de trabalho e os mun\u00edcipes de Santana da Vargem."}, {"id": "1620", "ano": "2020", "numero": "29", "tipo__sigla": "REV", "tipo__descricao": "Relat\u00f3rios de rodagem do ve\u00edculo e outros", "assunto": "Levar o carro para calibrar e abastecer"}, {"id": "1702", "ano": "2020", "numero": "29", "tipo__sigla": "PARE", "tipo__descricao": "PARECER", "assunto": "Parecer Jur\u00eddico - Projeto de Lei Ordin\u00e1ria n\u00ba 12 - 2020 - Abertura de Cr\u00e9dito Adicional - Emendas Parlamentares + Repasse da Uni\u00e3o."}, {"id": "1704", "ano": "2020", "numero": "29", "tipo__sigla": "OR", "tipo__descricao": "OF\u00cdCIOS RECEBIDOS", "assunto": "Requisi\u00e7\u00e3o da Delegacia Civil"}, {"id": "1787", "ano": "2020", "numero": "29", "tipo__sigla": "MEM", "tipo__descricao": "Memorando", "assunto": "Recusa a nomea\u00e7\u00e3o para integrar comiss\u00e3o de processo administrativo"}, {"id": "1817", "ano": "2020", "numero": "29", "tipo__sigla": "AT", "tipo__descricao": "ATESTADO", "assunto": "Atestado M\u00e9dico"}, {"id": "1852", "ano": "2020", "numero": "29", "tipo__sigla": "OVC", "tipo__descricao": "Of\u00edcio de Vereador/Comiss\u00e3o", "assunto": "Notifica vereador Vitor Eugenio a respeito das presta\u00e7\u00f5es de contas dos exerc\u00edcios 2017 e 2018"}, {"id": "2009", "ano": "2020", "numero": "29", "tipo__sigla": "DMP", "tipo__descricao": "Documentos de tribunais e do Minist\u00e9rio P\u00fablico", "assunto": "Requisita informa\u00e7\u00f5es Inqu\u00e9rito Civil n.\u00ba MPMG-0694.19.000080-2"}, {"id": "1538", "ano": "2020", "numero": "30", "tipo__sigla": "OFEXP", "tipo__descricao": "Of\u00edcio Expedido", "assunto": "solicita informa\u00e7\u00f5es a respeito dos exames pr\u00e9 natal"}, {"id": "1602", "ano": "2020", "numero": "30", "tipo__sigla": "OFP", "tipo__descricao": "Of\u00edcio da Procuradoria", "assunto": "Of\u00edcio 30 - 2020 - Pedido de Cancelamento das F\u00e9rias."}, {"id": "1630", "ano": "2020", "numero": "30", "tipo__sigla": "REV", "tipo__descricao": "Relat\u00f3rios de rodagem do ve\u00edculo e outros", "assunto": "Posto APS e Posto Chico Barba Levar documentos para cota\u00e7ao de pre\u00e7o combustivel."}, {"id": "1703", "ano": "2020", "numero": "30", "tipo__sigla": "PARE", "tipo__descricao": "PARECER", "assunto": "Parecer Jur\u00eddico sobre a contrata\u00e7\u00e3o tempor\u00e1ria - Giancarlo, Israel, Jos\u00e9 Ant\u00f4nio e Luiz Fernando."}, {"id": "1720", "ano": "2020", "numero": "30", "tipo__sigla": "OR", "tipo__descricao": "OF\u00cdCIOS RECEBIDOS", "assunto": "Solicita\u00e7\u00e3o"}, {"id": "1836", "ano": "2020", "numero": "30", "tipo__sigla": "MEM", "tipo__descricao": "Memorando", "assunto": "Responde Of\u00edcio 28/2020 da Procuradoria Legislativa"}, {"id": "1853", "ano": "2020", "numero": "30", "tipo__sigla": "AT", "tipo__descricao": "ATESTADO", "assunto": "Licen\u00e7a Maternidade"}, {"id": "1884", "ano": "2020", "numero": "30", "tipo__sigla": "OVC", "tipo__descricao": "Of\u00edcio de Vereador/Comiss\u00e3o", "assunto": "Of\u00edcio 27/2020- Notifica Prefeito, julgamento das contas de 2017 e 2018"}, {"id": "1539", "ano": "2020", "numero": "31", "tipo__sigla": "OFEXP", "tipo__descricao": "Of\u00edcio Expedido", "assunto": "Encaminha indica\u00e7\u00f5es"}, {"id": "1631", "ano": "2020", "numero": "31", "tipo__sigla": "REV", "tipo__descricao": "Relat\u00f3rios de rodagem do ve\u00edculo e outros", "assunto": "Levar diretor Tarcisio na papelaria ferreira."}, {"id": "1652", "ano": "2020", "numero": "31", "tipo__sigla": "OFP", "tipo__descricao": "Of\u00edcio da Procuradoria", "assunto": "Of\u00edcio 31 - Solicita contrata\u00e7\u00e3o de pessoa especializada na mat\u00e9ria do projeto de Lei Complementar 01 - 2020 para dar suporte \u00e0 Procuradoria na emiss\u00e3o de parecer jur\u00eddico sobre o tema."}, {"id": "1717", "ano": "2020", "numero": "31", "tipo__sigla": "PARE", "tipo__descricao": "PARECER", "assunto": "Parecer Jur\u00eddico - Lei Ordin\u00e1ria (Legislativo) 03 - Obriga COPSASA a instalar gratuitamente filtros de ar antes dos hidr\u00f4metros."}, {"id": "1727", "ano": "2020", "numero": "31", "tipo__sigla": "OR", "tipo__descricao": "OF\u00cdCIOS RECEBIDOS", "assunto": "Encaminhamento de copias dos decretos contabeis."}, {"id": "1857", "ano": "2020", "numero": "31", "tipo__sigla": "MEM", "tipo__descricao": "Memorando", "assunto": "Responde of\u00edcio 01/2020 - Processo Administrativo"}, {"id": "1909", "ano": "2020", "numero": "31", "tipo__sigla": "OVC", "tipo__descricao": "Of\u00edcio de Vereador/Comiss\u00e3o", "assunto": "Vereador solicita utiliza\u00e7\u00e3o do recinto do plen\u00e1rio da C\u00e2mara Municipal para reuni\u00e3o partid\u00e1ria."}, {"id": "1940", "ano": "2020", "numero": "31", "tipo__sigla": "AT", "tipo__descricao": "ATESTADO", "assunto": "Atestado medico Tayn\u00e1 de jesus Massaroto"}, {"id": "1540", "ano": "2020", "numero": "32", "tipo__sigla": "OFEXP", "tipo__descricao": "Of\u00edcio Expedido", "assunto": "Solicita informa\u00e7\u00f5es a respeito da placa de homenagem da \"Dona Ate\""}, {"id": "1666", "ano": "2020", "numero": "32", "tipo__sigla": "OFP", "tipo__descricao": "Of\u00edcio da Procuradoria", "assunto": "Solicita a abertura de Processo Administrativo para apurar se houve pagamento irregular ao Sr. Paulo Henrique Freitas feito pela C\u00e2mara Municipal de Santana da Vargem."}, {"id": "1668", "ano": "2020", "numero": "32", "tipo__sigla": "REV", "tipo__descricao": "Relat\u00f3rios de rodagem do ve\u00edculo e outros", "assunto": "Levar Diretor na Caixa para pagar consignado e na papelaria"}, {"id": "1719", "ano": "2020", "numero": "32", "tipo__sigla": "PARE", "tipo__descricao": "PARECER", "assunto": "Parecer Jur\u00eddico - Lei Ordin\u00e1ria n\u00ba 14/2020 - Estabelece multa para o n\u00e3o cumprimento de isolamento social."}, {"id": "1730", "ano": "2020", "numero": "32", "tipo__sigla": "OR", "tipo__descricao": "OF\u00cdCIOS RECEBIDOS", "assunto": "Of\u00edcio recebido do Cart\u00f3rio da 1\u00aa C\u00e2mara Civil - unidade Afonso Pena"}, {"id": "1892", "ano": "2020", "numero": "32", "tipo__sigla": "MEM", "tipo__descricao": "Memorando", "assunto": "Solicita avalia\u00e7\u00e3o de desempenho."}, {"id": "1911", "ano": "2020", "numero": "32", "tipo__sigla": "OVC", "tipo__descricao": "Of\u00edcio de Vereador/Comiss\u00e3o", "assunto": "Solicita\u00e7\u00e3o de informa\u00e7\u00f5es sobre projeto de ilumina\u00e7\u00e3o e reitera\u00e7\u00e3o de indica\u00e7\u00e3o."}, {"id": "1958", "ano": "2020", "numero": "32", "tipo__sigla": "AT", "tipo__descricao": "ATESTADO", "assunto": "Atestado do  funcion\u00e1rio Cleber de Brito do dia 20 de Outubro do ano 2020."}, {"id": "1541", "ano": "2020", "numero": "33", "tipo__sigla": "OFEXP", "tipo__descricao": "Of\u00edcio Expedido", "assunto": "Resposta ao of\u00edcio n\u00ba 167/2020/3\u00aaPJ-TP - CPI"}, {"id": "1670", "ano": "2020", "numero": "33", "tipo__sigla": "REV", "tipo__descricao": "Relat\u00f3rios de rodagem do ve\u00edculo e outros", "assunto": "Levar Diretor no sitio do presidente p\u00e1ra colher assinatura"}, {"id": "1709", "ano": "2020", "numero": "33", "tipo__sigla": "OFP", "tipo__descricao": "Of\u00edcio da Procuradoria", "assunto": "Documentos de ressarcimento - Vereadora Silmara Girlaine Hon\u00f3rio.\r\n\r\nOrienta\u00e7\u00e3o \u00e0 Presid\u00eancia: \r\nA) Abertura de processo administrativo;\r\nB) Publica\u00e7\u00e3o de documentos p\u00fablicos."}, {"id": "1722", "ano": "2020", "numero": "33", "tipo__sigla": "PARE", "tipo__descricao": "PARECER", "assunto": "Parecer Cont\u00e1bil ao Projeto de Lei n\u00ba 013/2020 que \"Disp\u00f5e sobre autoriza\u00e7\u00e3o de abertura de cr\u00e9ditos suplementares\r\nno or\u00e7amento 2020, com a finalidade de execu\u00e7\u00e3o de recursos oriundos\r\nde transfer\u00eancias federais \u2013 LC 173-2020 e d\u00e1 outras provid\u00eancias\""}, {"id": "1731", "ano": "2020", "numero": "33", "tipo__sigla": "OR", "tipo__descricao": "OF\u00cdCIOS RECEBIDOS", "assunto": "Responde Of\u00edcio do Vereador Luiz Felipe"}, {"id": "1923", "ano": "2020", "numero": "33", "tipo__sigla": "OVC", "tipo__descricao": "Of\u00edcio de Vereador/Comiss\u00e3o", "assunto": "Solicita informa\u00e7\u00f5es acerca da situa\u00e7\u00e3o da licita\u00e7\u00e3o dos postes da Avenida Helio Terra."}, {"id": "1991", "ano": "2020", "numero": "33", "tipo__sigla": "MEM", "tipo__descricao": "Memorando", "assunto": "Rela\u00e7\u00e3o de documentos assinados pelo Controle Interno."}, {"id": "2004", "ano": "2020", "numero": "33", "tipo__sigla": "AT", "tipo__descricao": "ATESTADO", "assunto": "Atestado do funcion\u00e1rio Cleber de Brito."}, {"id": "1542", "ano": "2020", "numero": "34", "tipo__sigla": "OFEXP", "tipo__descricao": "Of\u00edcio Expedido", "assunto": "Resposta ao of\u00edcio n\u00ba 180/2020/3\u00aaPJ-TP - Griffon"}, {"id": "1671", "ano": "2020", "numero": "34", "tipo__sigla": "REV", "tipo__descricao": "Relat\u00f3rios de rodagem do ve\u00edculo e outros", "assunto": "Buscar o carro da revis\u00e3o na Renalt em Varginha"}, {"id": "1736", "ano": "2020", "numero": "34", "tipo__sigla": "PARE", "tipo__descricao": "PARECER", "assunto": "Parecer jur\u00eddico - Projeto de Lei Ordin\u00e1ria 02 (Legislativo) Subs\u00eddio de Vereador, Prefeito e Secret\u00e1rio para a Legislatura de 2021 a 2024."}, {"id": "1742", "ano": "2020", "numero": "34", "tipo__sigla": "OR", "tipo__descricao": "OF\u00cdCIOS RECEBIDOS", "assunto": "responde of\u00edcio 93/2020 encaminhando os of\u00edcios ao MP a respeito da Noticia de Fato n\u00ba MPMG-0694.20.000030-5"}, {"id": "1744", "ano": "2020", "numero": "34", "tipo__sigla": "OFP", "tipo__descricao": "Of\u00edcio da Procuradoria", "assunto": "Resposta - Cita\u00e7\u00e3o do setor em sess\u00e3o extraordin\u00e1ria"}, {"id": "1932", "ano": "2020", "numero": "34", "tipo__sigla": "OVC", "tipo__descricao": "Of\u00edcio de Vereador/Comiss\u00e3o", "assunto": "Queixa dos moradores da COAB (Bairro S\u00e3o Luiz) \u00e0 COPASA."}, {"id": "2005", "ano": "2020", "numero": "34", "tipo__sigla": "AT", "tipo__descricao": "ATESTADO", "assunto": "Atestado Medico da Vereadora Silmara Hon\u00f3rio."}, {"id": "2006", "ano": "2020", "numero": "34", "tipo__sigla": "MEM", "tipo__descricao": "Memorando", "assunto": "O servidor Emerson Silva Ara\u00fajo solicita a concess\u00e3o de 30 dias de f\u00e9rias."}, {"id": "1543", "ano": "2020", "numero": "35", "tipo__sigla": "OFEXP", "tipo__descricao": "Of\u00edcio Expedido", "assunto": "Resposta ao of\u00edcio n\u00ba 480/2019/3\u00aaPJ-TP - Desvio de fun\u00e7\u00e3o."}, {"id": "1672", "ano": "2020", "numero": "35", "tipo__sigla": "REV", "tipo__descricao": "Relat\u00f3rios de rodagem do ve\u00edculo e outros", "assunto": "Levar o carro em Varginha na Renalt para fazer revis\u00e3o"}, {"id": "1743", "ano": "2020", "numero": "35", "tipo__sigla": "OR", "tipo__descricao": "OF\u00cdCIOS RECEBIDOS", "assunto": "Responde Of\u00edcio 090/2020 - Solicitando Informa\u00e7\u00e3o Eliminador de Ar."}, {"id": "1760", "ano": "2020", "numero": "35", "tipo__sigla": "PARE", "tipo__descricao": "PARECER", "assunto": "Parecer do Controle Interno- Processo Administrativo n\u00ba 01/2020"}, {"id": "1775", "ano": "2020", "numero": "35", "tipo__sigla": "OFP", "tipo__descricao": "Of\u00edcio da Procuradoria", "assunto": "Solicita ao Diretor que confirme com os servidores se aceitaram a nomea\u00e7\u00e3o para o processo administrativo - Apurar, eventual, pagamento irregular nos anos de 2017 a 2019 - Paulo Henrique de Freitas."}, {"id": "1984", "ano": "2020", "numero": "35", "tipo__sigla": "OVC", "tipo__descricao": "Of\u00edcio de Vereador/Comiss\u00e3o", "assunto": "Solicita informa\u00e7\u00f5es sobre o \u00f3rg\u00e3o respons\u00e1vel pela emiss\u00e3o da CIPTEA (Carteira de Identifica\u00e7\u00e3o da Pessoa com Transtorno do Espectro Autista)"}, {"id": "2029", "ano": "2020", "numero": "35", "tipo__sigla": "AT", "tipo__descricao": "ATESTADO", "assunto": "Atestado m\u00e9dico Ruiter (acompanhamento)"}, {"id": "2047", "ano": "2020", "numero": "35", "tipo__sigla": "MEM", "tipo__descricao": "Memorando", "assunto": "Acervo patrimonial registrado em nome da C\u00e2mara- resposta ao oficio da controladoria interna"}, {"id": "1568", "ano": "2020", "numero": "36", "tipo__sigla": "OFEXP", "tipo__descricao": "Of\u00edcio Expedido", "assunto": "Resposta MP 1190/2019/3\u00baPJ-TP - Titico"}, {"id": "1673", "ano": "2020", "numero": "36", "tipo__sigla": "REV", "tipo__descricao": "Relat\u00f3rios de rodagem do ve\u00edculo e outros", "assunto": "Lavar o diretor em Tr\u00eas Pontas na Caixa para pagar os consignados"}, {"id": "1759", "ano": "2020", "numero": "36", "tipo__sigla": "OR", "tipo__descricao": "OF\u00cdCIOS RECEBIDOS", "assunto": "Responde Of\u00edcio 99/2020, a respeito da LDO"}, {"id": "1765", "ano": "2020", "numero": "36", "tipo__sigla": "PARE", "tipo__descricao": "PARECER", "assunto": "Parecer jur\u00eddico sobre o Projeto de LC 04-2020 - Altera o Anexo II do C\u00f3digo Tribut\u00e1rio Municipal"}, {"id": "1835", "ano": "2020", "numero": "36", "tipo__sigla": "OFP", "tipo__descricao": "Of\u00edcio da Procuradoria", "assunto": "Informa ao Servidores e Vereadores as conduta proibidas no ano eleitoral"}, {"id": "2038", "ano": "2020", "numero": "36", "tipo__sigla": "AT", "tipo__descricao": "ATESTADO", "assunto": "Atestado m\u00e9dico Alanis 27-11-2020"}, {"id": "2048", "ano": "2020", "numero": "36", "tipo__sigla": "MEM", "tipo__descricao": "Memorando", "assunto": "Acesso ao sistema de ponto (SISPONTO)- Resposta ao oficio da controladoria"}, {"id": "1569", "ano": "2020", "numero": "37", "tipo__sigla": "OFEXP", "tipo__descricao": "Of\u00edcio Expedido", "assunto": "Resposta ao of\u00edcio n\u00ba 95/2020 - Informando a respeito da tramita\u00e7\u00e3o dos projetos do Executivo."}, {"id": "1674", "ano": "2020", "numero": "37", "tipo__sigla": "REV", "tipo__descricao": "Relat\u00f3rios de rodagem do ve\u00edculo e outros", "assunto": "Levar o Diretor na Fornecedora Vargense e na Rede Construir"}, {"id": "1766", "ano": "2020", "numero": "37", "tipo__sigla": "PARE", "tipo__descricao": "PARECER", "assunto": "Parecer Jur\u00eddico - Exerc\u00edcio Financeiro do ano de 2013"}, {"id": "1767", "ano": "2020", "numero": "37", "tipo__sigla": "OR", "tipo__descricao": "OF\u00cdCIOS RECEBIDOS", "assunto": "Retira o projeto de lei 13/2020 e solicita o arquivamento do mesmo"}, {"id": "1839", "ano": "2020", "numero": "37", "tipo__sigla": "OFP", "tipo__descricao": "Of\u00edcio da Procuradoria", "assunto": "Sugest\u00e3o de Resposta o of\u00edcio do MP sobre inqu\u00e9rito civil n\u00ba MP-MG n\u00ba 0694.17.000244-8. (Di\u00e1rias, Ressarcimentos, Viagens - Carlos C\u00e9sar Ribeiro na condi\u00e7\u00e3o de motorista da C\u00e2mara)."}, {"id": "2049", "ano": "2020", "numero": "37", "tipo__sigla": "MEM", "tipo__descricao": "Memorando", "assunto": "Processos de compras e licita\u00e7\u00f5es - Resposta ao of\u00edcio da controladoria"}, {"id": "2055", "ano": "2020", "numero": "37", "tipo__sigla": "AT", "tipo__descricao": "ATESTADO", "assunto": "Atesta que Carlos Cesar Ribeiro esteve sob tratamento m\u00e9dico a partir do dia 19-11-2020"}, {"id": "1571", "ano": "2020", "numero": "38", "tipo__sigla": "OFEXP", "tipo__descricao": "Of\u00edcio Expedido", "assunto": "Encaminha projeto de lei do legislativo 001/2020 para o Executivo."}, {"id": "1686", "ano": "2020", "numero": "38", "tipo__sigla": "REV", "tipo__descricao": "Relat\u00f3rios de rodagem do ve\u00edculo e outros", "assunto": "Levar o Diretor na casa do Alisson Bairro Padre Vitor e na Secretaria de Sa\u00fade, buscar empenho do carro.\r\nObs: Arrumar o passeio, o carro esta pegando na frente."}, {"id": "1776", "ano": "2020", "numero": "38", "tipo__sigla": "PARE", "tipo__descricao": "PARECER", "assunto": "Parecer jur\u00eddico - Projeto de Lei Ordin\u00e1ria n\u00ba 15/2020 - Altera a Lei Municipal n\u00ba 1.471/2018 que cria a Coordenadoria Municipal de Prote\u00e7\u00e3o e Defesa Civil de Santana da Vargem."}, {"id": "1784", "ano": "2020", "numero": "38", "tipo__sigla": "OR", "tipo__descricao": "OF\u00cdCIOS RECEBIDOS", "assunto": "Responde Of\u00edcio 95/2020 no qual o vereador Rodrigo Scalioni faz uma indica\u00e7\u00e3o para o pagamento de adicional de insalubridade aos servidores da saude."}, {"id": "1860", "ano": "2020", "numero": "38", "tipo__sigla": "OFP", "tipo__descricao": "Of\u00edcio da Procuradoria", "assunto": "Solicita\u00e7\u00e3o de exist\u00eancia de legisla\u00e7\u00e3o que impe\u00e7a denominar logradouro p\u00fablico que ainda n\u00e3o foi constru\u00eddo."}, {"id": "2050", "ano": "2020", "numero": "38", "tipo__sigla": "MEM", "tipo__descricao": "Memorando", "assunto": "Obrigatoriedade de registro di\u00e1rio de ponto Diretor- resposta ao of\u00edcio da controladoria"}, {"id": "2059", "ano": "2020", "numero": "38", "tipo__sigla": "AT", "tipo__descricao": "ATESTADO", "assunto": "Atesta que Ruiter Silva de Oliveira deve se afastar das atividades por 5 (cinco) dias a partir de 09/12/2020"}, {"id": "1572", "ano": "2020", "numero": "39", "tipo__sigla": "OFEXP", "tipo__descricao": "Of\u00edcio Expedido", "assunto": "Solicita\u00e7\u00e3o de esclarecimentos acerca da lei 1481/2019 mencionado na mensagem 30/2019 que encaminhou o plo 36/2019"}, {"id": "1699", "ano": "2020", "numero": "39", "tipo__sigla": "REV", "tipo__descricao": "Relat\u00f3rios de rodagem do ve\u00edculo e outros", "assunto": "Buscar documentos com Gilson.\r\nEmpenho assinado da Renault"}, {"id": "1777", "ano": "2020", "numero": "39", "tipo__sigla": "PARE", "tipo__descricao": "PARECER", "assunto": "Parecer Jur\u00eddico - Projeto de Lei Ordin\u00e1ria (Legislativo) - Obriga o Executivo a Criar P\u00e1gina na Internet para informar tudo que diz respeito ao combate ao COVID 19 - Desde infectados at\u00e9 contratos e compras feitas"}, {"id": "1800", "ano": "2020", "numero": "39", "tipo__sigla": "OR", "tipo__descricao": "OF\u00cdCIOS RECEBIDOS", "assunto": "Solicita\u00e7\u00e3o"}, {"id": "1876", "ano": "2020", "numero": "39", "tipo__sigla": "OFP", "tipo__descricao": "Of\u00edcio da Procuradoria", "assunto": "Solicita promo\u00e7\u00e3o funcional (acesso)"}, {"id": "2068", "ano": "2020", "numero": "39", "tipo__sigla": "AT", "tipo__descricao": "ATESTADO", "assunto": "Atesta que Ruiter Silva de Oliveira deve ser afastado por 14 dias a partir do dia 16/12/2020"}, {"id": "2083", "ano": "2020", "numero": "39", "tipo__sigla": "MEM", "tipo__descricao": "Memorando", "assunto": "Of\u00edcio 05/2020 do Diretor Geral (resposta ao controle interno)"}, {"id": "1576", "ano": "2020", "numero": "40", "tipo__sigla": "OFEXP", "tipo__descricao": "Of\u00edcio Expedido", "assunto": "Encaminha indica\u00e7\u00e3o"}, {"id": "1700", "ano": "2020", "numero": "40", "tipo__sigla": "REV", "tipo__descricao": "Relat\u00f3rios de rodagem do ve\u00edculo e outros", "assunto": "Levar o Diretor Geral no Sitio do presidente para colher assinatura"}, {"id": "1783", "ano": "2020", "numero": "40", "tipo__sigla": "PARE", "tipo__descricao": "PARECER", "assunto": "Parecer Jur\u00eddico - Lei Complementar (Legislativo) 01/2020 - Permite a instala\u00e7\u00e3o de Trailers em qualquer dia da semana e em qualquer local do munic\u00edpio."}, {"id": "1801", "ano": "2020", "numero": "40", "tipo__sigla": "OR", "tipo__descricao": "OF\u00cdCIOS RECEBIDOS", "assunto": "encaminha balancetes cont\u00e1beis referentes ao m\u00eas de junho de 2020"}, {"id": "1888", "ano": "2020", "numero": "40", "tipo__sigla": "OFP", "tipo__descricao": "Of\u00edcio da Procuradoria", "assunto": "Solicita\u00e7\u00e3o de levantamento pagos a ex-servidor"}, {"id": "2073", "ano": "2020", "numero": "40", "tipo__sigla": "AT", "tipo__descricao": "ATESTADO", "assunto": "Atestado M\u00e9dico de Daniel de Castro Casagrande, referente ao dia 18/12/2020."}, {"id": "2074", "ano": "2020", "numero": "40", "tipo__sigla": "MEM", "tipo__descricao": "Memorando", "assunto": "Aus\u00eancia de fechamento do ponto nos dias 27/11/2020 e 17/12/2020"}, {"id": "1586", "ano": "2020", "numero": "41", "tipo__sigla": "OFEXP", "tipo__descricao": "Of\u00edcio Expedido", "assunto": "Resposta of\u00edcio 212/2020 - Informa\u00e7\u00e3o sobre o TAC - C\u00e2mara Concurso."}, {"id": "1725", "ano": "2020", "numero": "41", "tipo__sigla": "REV", "tipo__descricao": "Relat\u00f3rios de rodagem do ve\u00edculo e outros", "assunto": "Levar Diretor Tarcisio Valkmar na coposa e no Valdecir sofazeiro."}, {"id": "1788", "ano": "2020", "numero": "41", "tipo__sigla": "PARE", "tipo__descricao": "PARECER", "assunto": "Parecer Jur\u00eddico - Licita\u00e7\u00e3o Toner de Impressora - Kyocera"}, {"id": "1802", "ano": "2020", "numero": "41", "tipo__sigla": "OR", "tipo__descricao": "OF\u00cdCIOS RECEBIDOS", "assunto": "Encaminha documentos para contrata\u00e7\u00f5es"}, {"id": "1968", "ano": "2020", "numero": "41", "tipo__sigla": "OFP", "tipo__descricao": "Of\u00edcio da Procuradoria", "assunto": "Orienta\u00e7\u00e3o para deferimento do pedido de licen\u00e7a \u00e0 gestante - Servidora Larissa Oliveira Naves."}, {"id": "2095", "ano": "2020", "numero": "41", "tipo__sigla": "AT", "tipo__descricao": "ATESTADO", "assunto": "Atestado Ruiter a partir de 16/12/2020"}, {"id": "1587", "ano": "2020", "numero": "42", "tipo__sigla": "OFEXP", "tipo__descricao": "Of\u00edcio Expedido", "assunto": "Resposta ao of\u00edcio n\u00ba 276/2020 - Fun\u00e7\u00e3o gratificada da C\u00e2mara."}, {"id": "1726", "ano": "2020", "numero": "42", "tipo__sigla": "REV", "tipo__descricao": "Relat\u00f3rios de rodagem do ve\u00edculo e outros", "assunto": "Levar o Diretor Tarcisio Valkmar para pagar consignado."}, {"id": "1806", "ano": "2020", "numero": "42", "tipo__sigla": "PARE", "tipo__descricao": "PARECER", "assunto": "Parecer jur\u00eddico Contrata\u00e7\u00f5es - J\u00e9ssica, Cleiton, Tainara."}, {"id": "1809", "ano": "2020", "numero": "42", "tipo__sigla": "OR", "tipo__descricao": "OF\u00cdCIOS RECEBIDOS", "assunto": "Solicita a juntada de documenta\u00e7\u00e3o complementar ao Projeto de Lei complementar n\u00b004/2020."}, {"id": "1992", "ano": "2020", "numero": "42", "tipo__sigla": "OFP", "tipo__descricao": "Of\u00edcio da Procuradoria", "assunto": "Solicita aquisi\u00e7\u00e3o de livros para o setor jur\u00eddico e de controle interno."}, {"id": "1588", "ano": "2020", "numero": "43", "tipo__sigla": "OFEXP", "tipo__descricao": "Of\u00edcio Expedido", "assunto": "Resposta do Of\u00edcio 272/2020 - Inscri\u00e7\u00e3o concurso da c\u00e2mara."}, {"id": "1741", "ano": "2020", "numero": "43", "tipo__sigla": "REV", "tipo__descricao": "Relat\u00f3rios de rodagem do ve\u00edculo e outros", "assunto": "Levar o Diretor Geral para colher assinatura do presidente"}, {"id": "1811", "ano": "2020", "numero": "43", "tipo__sigla": "PARE", "tipo__descricao": "PARECER", "assunto": "Parecer Jur\u00eddico - Projeto de Lei Ordin\u00e1ria n\u00ba 16/2020 - Adequar a Lei Municipal n\u00ba 1.517/2020 ao Plano Minas Consciente."}, {"id": "1815", "ano": "2020", "numero": "43", "tipo__sigla": "OR", "tipo__descricao": "OF\u00cdCIOS RECEBIDOS", "assunto": "Juntada dos documentos no Projeto de Lei 34/2019"}, {"id": "2054", "ano": "2020", "numero": "43", "tipo__sigla": "OFP", "tipo__descricao": "Of\u00edcio da Procuradoria", "assunto": "Sugest\u00e3o de Livros"}, {"id": "1590", "ano": "2020", "numero": "44", "tipo__sigla": "OFEXP", "tipo__descricao": "Of\u00edcio Expedido", "assunto": "Resposta ao of\u00edcio n\u00ba 195/2020 3\u00ba PJ-TP - Folha de Ponto - Assessor Jur\u00eddico 2013 a 2016."}, {"id": "1754", "ano": "2020", "numero": "44", "tipo__sigla": "REV", "tipo__descricao": "Relat\u00f3rios de rodagem do ve\u00edculo e outros", "assunto": "Levar o Diretor na loja constrular e no posto de gasolina"}, {"id": "1816", "ano": "2020", "numero": "44", "tipo__sigla": "OR", "tipo__descricao": "OF\u00cdCIOS RECEBIDOS", "assunto": "Encaminha C\u00f3pia do Edital de Convoca\u00e7\u00e3o n\u00ba 004/2020"}, {"id": "1866", "ano": "2020", "numero": "44", "tipo__sigla": "PARE", "tipo__descricao": "PARECER", "assunto": "Parecer jur\u00eddico sobre a Lei ordin\u00e1ria n\u00ba 17/2020 - Lei Or\u00e7ament\u00e1ria anual para o exerc\u00edcio financeiro de 2021."}, {"id": "2070", "ano": "2020", "numero": "44", "tipo__sigla": "OFP", "tipo__descricao": "Of\u00edcio da Procuradoria", "assunto": "Controle de Hor\u00e1rio do dia 15/12/2020"}, {"id": "1591", "ano": "2020", "numero": "45", "tipo__sigla": "OFEXP", "tipo__descricao": "Of\u00edcio Expedido", "assunto": "Resposta ao of\u00edcio n\u00ba 161/2020 - Francisco de Paula Braga Vitor"}, {"id": "1793", "ano": "2020", "numero": "45", "tipo__sigla": "REV", "tipo__descricao": "Relat\u00f3rios de rodagem do ve\u00edculo e outros", "assunto": "Levar o Assistente Legislativo no S\u00edtio do Presidente para colher assinaturas"}, {"id": "1821", "ano": "2020", "numero": "45", "tipo__sigla": "OR", "tipo__descricao": "OF\u00cdCIOS RECEBIDOS", "assunto": "Resposta ao oficio n\u00b0107/2020,esclarecimento sobre a autoriza\u00e7\u00e3o de uso de im\u00f3vel publico por meio do decreto municipal n\u00ba 42 de 09 de Julho de 2020."}, {"id": "1867", "ano": "2020", "numero": "45", "tipo__sigla": "PARE", "tipo__descricao": "PARECER", "assunto": "Parecer jur\u00eddico - Contas do Exerc\u00edcio Financeiro de 2017."}, {"id": "2076", "ano": "2020", "numero": "45", "tipo__sigla": "OFP", "tipo__descricao": "Of\u00edcio da Procuradoria", "assunto": "Informa\u00e7\u00f5es sobre a folha de ponto do m\u00eas de dezembro;"}, {"id": "1592", "ano": "2020", "numero": "46", "tipo__sigla": "OFEXP", "tipo__descricao": "Of\u00edcio Expedido", "assunto": "Encaminha relat\u00f3rio do patrim\u00f4nio desta Casa"}, {"id": "1794", "ano": "2020", "numero": "46", "tipo__sigla": "REV", "tipo__descricao": "Relat\u00f3rios de rodagem do ve\u00edculo e outros", "assunto": "Levar o Diretor Geral no s\u00edtio do presidente para colher assinaturas"}, {"id": "1829", "ano": "2020", "numero": "46", "tipo__sigla": "OR", "tipo__descricao": "OF\u00cdCIOS RECEBIDOS", "assunto": "solicitar informa\u00e7\u00e3o sobre a previs\u00e3o da data para nomea\u00e7\u00e3o e convoca\u00e7\u00e3o da vaga ofertada de Contador do Concurso P\u00fablico da C\u00e2mara Municipal de Santana da Vargem"}, {"id": "1868", "ano": "2020", "numero": "46", "tipo__sigla": "PARE", "tipo__descricao": "PARECER", "assunto": "Parecer jur\u00eddico Contas do exerc\u00edcio financeiro de 2018."}, {"id": "1593", "ano": "2020", "numero": "47", "tipo__sigla": "OFEXP", "tipo__descricao": "Of\u00edcio Expedido", "assunto": "Encaminhamento de projetos de lei 03 e 04 de 2020 aprovados na 6\u00aa reuni\u00e3o ordin\u00e1ria."}, {"id": "1795", "ano": "2020", "numero": "47", "tipo__sigla": "REV", "tipo__descricao": "Relat\u00f3rios de rodagem do ve\u00edculo e outros", "assunto": "Levar o Diretos no S\u00edtio do Presidente para colher assinatura"}, {"id": "1832", "ano": "2020", "numero": "47", "tipo__sigla": "OR", "tipo__descricao": "OF\u00cdCIOS RECEBIDOS", "assunto": "Of\u00edcio 01-2020- Solicita o espa\u00e7o do plen\u00e1rio e publica\u00e7\u00e3o do edital de convoca\u00e7\u00e3o"}, {"id": "1895", "ano": "2020", "numero": "47", "tipo__sigla": "PARE", "tipo__descricao": "PARECER", "assunto": "Parecer Jur\u00eddico contrata\u00e7\u00e3o tempor\u00e1ria - Motorista"}, {"id": "1596", "ano": "2020", "numero": "48", "tipo__sigla": "OFEXP", "tipo__descricao": "Of\u00edcio Expedido", "assunto": "Encaminha indica\u00e7\u00e3o n\u00ba 03 e 04/2020 do vereador Rodrigo"}, {"id": "1796", "ano": "2020", "numero": "48", "tipo__sigla": "REV", "tipo__descricao": "Relat\u00f3rios de rodagem do ve\u00edculo e outros", "assunto": "Levar o Diretor Geral na delegacia para protocolar documento"}, {"id": "1833", "ano": "2020", "numero": "48", "tipo__sigla": "OR", "tipo__descricao": "OF\u00cdCIOS RECEBIDOS", "assunto": "Of\u00edcio 03/2020 - Solicita espa\u00e7o do plen\u00e1rio e publica\u00e7\u00e3o do edita de convoca\u00e7\u00e3o"}, {"id": "1896", "ano": "2020", "numero": "48", "tipo__sigla": "PARE", "tipo__descricao": "PARECER", "assunto": "Parecer jur\u00eddico - Contrata\u00e7\u00f5es Tempor\u00e1rias - Fiscais Sanit\u00e1rios"}, {"id": "1597", "ano": "2020", "numero": "49", "tipo__sigla": "OFEXP", "tipo__descricao": "Of\u00edcio Expedido", "assunto": "Encaminha Oficio n\u00ba 02/2020 do vereador Luiz Felipe"}, {"id": "1799", "ano": "2020", "numero": "49", "tipo__sigla": "REV", "tipo__descricao": "Relat\u00f3rios de rodagem do ve\u00edculo e outros", "assunto": "Pagar o consignado na caixa econ\u00f4mica em Tr\u00eas Pontas"}, {"id": "1838", "ano": "2020", "numero": "49", "tipo__sigla": "OR", "tipo__descricao": "OF\u00cdCIOS RECEBIDOS", "assunto": "Edital de convoca\u00e7\u00e3o - PDT"}, {"id": "1897", "ano": "2020", "numero": "49", "tipo__sigla": "PARE", "tipo__descricao": "PARECER", "assunto": "Parecer jur\u00eddico projeto de lei ordin\u00e1ria 19/2020 - Abertura de Cr\u00e9dito Especial 64.000,00."}, {"id": "1598", "ano": "2020", "numero": "50", "tipo__sigla": "OFEXP", "tipo__descricao": "Of\u00edcio Expedido", "assunto": "Encaminha of\u00edcio n\u00ba 03/2020 do vereador Luiz Felipe"}, {"id": "1810", "ano": "2020", "numero": "50", "tipo__sigla": "REV", "tipo__descricao": "Relat\u00f3rios de rodagem do ve\u00edculo e outros", "assunto": "Relat\u00f3rio de viagem a cidade de Boa Esperan\u00e7a para levar documentos para a contadora assinar."}, {"id": "1877", "ano": "2020", "numero": "50", "tipo__sigla": "OR", "tipo__descricao": "OF\u00cdCIOS RECEBIDOS", "assunto": "Encaminha documentos de contrata\u00e7\u00f5es"}, {"id": "1905", "ano": "2020", "numero": "50", "tipo__sigla": "PARE", "tipo__descricao": "PARECER", "assunto": "Parecer jur\u00eddico - Licita\u00e7\u00e3o Toner"}, {"id": "1600", "ano": "2020", "numero": "51", "tipo__sigla": "OFEXP", "tipo__descricao": "Of\u00edcio Expedido", "assunto": "Of\u00edcio solicitando informa\u00e7\u00f5es ao Banco do Brasil sobre ao eventual emiss\u00e3o de cheque sem fundos nos anos de 2013 a 2017."}, {"id": "1814", "ano": "2020", "numero": "51", "tipo__sigla": "REV", "tipo__descricao": "Relat\u00f3rios de rodagem do ve\u00edculo e outros", "assunto": "Relat\u00f3rio de Viagem: levar o carro para lavar.\r\nObs: ultima viagem"}, {"id": "1878", "ano": "2020", "numero": "51", "tipo__sigla": "OR", "tipo__descricao": "OF\u00cdCIOS RECEBIDOS", "assunto": "Encaminha documentos contrata\u00e7\u00f5es"}, {"id": "1918", "ano": "2020", "numero": "51", "tipo__sigla": "PARE", "tipo__descricao": "PARECER", "assunto": "Parecer Cont\u00e1bil Projeto de Lei 17/2020: Disp\u00f5e sobre estimativa de receita e fixa\u00e7\u00e3o de despesas do\r\nmunic\u00edpio de Santana da Vargem \u2013 MG para o exerc\u00edcio financeiro de\r\n2021."}, {"id": "1607", "ano": "2020", "numero": "52", "tipo__sigla": "OFEXP", "tipo__descricao": "Of\u00edcio Expedido", "assunto": "Responde memorando 03/2020"}, {"id": "1843", "ano": "2020", "numero": "52", "tipo__sigla": "REV", "tipo__descricao": "Relat\u00f3rios de rodagem do ve\u00edculo e outros", "assunto": "Pagar os consignados em Tr\u00eas Pontas"}, {"id": "1889", "ano": "2020", "numero": "52", "tipo__sigla": "OR", "tipo__descricao": "OF\u00cdCIOS RECEBIDOS", "assunto": "Solicita informa\u00e7\u00e3o sobre previs\u00e3o de nomea\u00e7\u00e3o"}, {"id": "1944", "ano": "2020", "numero": "52", "tipo__sigla": "PARE", "tipo__descricao": "PARECER", "assunto": "Parecer Jur\u00eddico - Emenda Lei Org\u00e2nica - Dura\u00e7\u00e3o do Mandato da Mesa Diretora"}, {"id": "1608", "ano": "2020", "numero": "53", "tipo__sigla": "OFEXP", "tipo__descricao": "Of\u00edcio Expedido", "assunto": "Responde oficio 1180/2019 MP"}, {"id": "1872", "ano": "2020", "numero": "53", "tipo__sigla": "REV", "tipo__descricao": "Relat\u00f3rios de rodagem do ve\u00edculo e outros", "assunto": "Entregar intima\u00e7\u00e3o \u00e0s testemunhas do processo administrativo 02/2020"}, {"id": "1890", "ano": "2020", "numero": "53", "tipo__sigla": "OR", "tipo__descricao": "OF\u00cdCIOS RECEBIDOS", "assunto": "Encaminha anexos para esclarecimentos\r\nPLO 17/2020 - LOA 2021"}, {"id": "1953", "ano": "2020", "numero": "53", "tipo__sigla": "PARE", "tipo__descricao": "PARECER", "assunto": "Parecer Jur\u00eddico - Lei Ordin\u00e1ria 20 - 2020 - Aliena\u00e7\u00e3o de Bem P\u00fablico."}, {"id": "1614", "ano": "2020", "numero": "54", "tipo__sigla": "OFEXP", "tipo__descricao": "Of\u00edcio Expedido", "assunto": "Solicita guia de imposto de renda"}, {"id": "1904", "ano": "2020", "numero": "54", "tipo__sigla": "OR", "tipo__descricao": "OF\u00cdCIOS RECEBIDOS", "assunto": "Encaminha documenta\u00e7\u00f5es para contrata\u00e7\u00f5es"}, {"id": "1927", "ano": "2020", "numero": "54", "tipo__sigla": "REV", "tipo__descricao": "Relat\u00f3rios de rodagem do ve\u00edculo e outros", "assunto": "Pagar os consignados na Caixa Econ\u00f4mica Federal em Tr\u00eas Pontas"}, {"id": "1957", "ano": "2020", "numero": "54", "tipo__sigla": "PARE", "tipo__descricao": "PARECER", "assunto": "Parecer Jur\u00eddico - Lei Ordin\u00e1ria 21 - 2020 - Altera\u00e7\u00e3o da Lei Ordin\u00e1ria n\u00ba 1.521 de 09 de julho de 2020. Abertura de Cr\u00e9dito Especial"}, {"id": "1615", "ano": "2020", "numero": "55", "tipo__sigla": "OFEXP", "tipo__descricao": "Of\u00edcio Expedido", "assunto": "Informa dep\u00f3sitos feitos na conta da prefeitura"}, {"id": "1906", "ano": "2020", "numero": "55", "tipo__sigla": "OR", "tipo__descricao": "OF\u00cdCIOS RECEBIDOS", "assunto": "Solicita o espa\u00e7o do plen\u00e1rio no dia 30 de setembro"}, {"id": "1929", "ano": "2020", "numero": "55", "tipo__sigla": "REV", "tipo__descricao": "Relat\u00f3rios de rodagem do ve\u00edculo e outros", "assunto": "Colher assinatura do Presidente e buscar cota\u00e7\u00e3o de pre\u00e7o no comercio local"}, {"id": "1972", "ano": "2020", "numero": "55", "tipo__sigla": "PARE", "tipo__descricao": "PARECER", "assunto": "Altera\u00e7\u00e3o da Lei 1521-2020"}, {"id": "1616", "ano": "2020", "numero": "56", "tipo__sigla": "OFEXP", "tipo__descricao": "Of\u00edcio Expedido", "assunto": "Solicita\u00e7\u00e3o de guia de pagamento dos rendimentos"}, {"id": "1916", "ano": "2020", "numero": "56", "tipo__sigla": "OR", "tipo__descricao": "OF\u00cdCIOS RECEBIDOS", "assunto": "Solicita certid\u00e3o de julgamento das contas de 2017  a 2019"}, {"id": "1959", "ano": "2020", "numero": "56", "tipo__sigla": "REV", "tipo__descricao": "Relat\u00f3rios de rodagem do ve\u00edculo e outros", "assunto": "Protocolar documentos no minist\u00e9rio p\u00fablicos."}, {"id": "1978", "ano": "2020", "numero": "56", "tipo__sigla": "PARE", "tipo__descricao": "PARECER", "assunto": "Parecer Jur\u00eddico Veto - inciso I do art. 4 do Projeto de Lei Ordin\u00e1ria 17/2020. Lei Or\u00e7ament\u00e1ria Anual - Exerc\u00edcio 2021."}, {"id": "1622", "ano": "2020", "numero": "57", "tipo__sigla": "OFEXP", "tipo__descricao": "Of\u00edcio Expedido", "assunto": "Convoca\u00e7\u00e3o de reuni\u00e3o extraordin\u00e1ria."}, {"id": "1917", "ano": "2020", "numero": "57", "tipo__sigla": "OR", "tipo__descricao": "OF\u00cdCIOS RECEBIDOS", "assunto": "solicita informa\u00e7\u00f5es a respeito do projeto de lei complementar 03/2020 - estatuto dos servidores"}, {"id": "1970", "ano": "2020", "numero": "57", "tipo__sigla": "REV", "tipo__descricao": "Relat\u00f3rios de rodagem do ve\u00edculo e outros", "assunto": "Protocolar documentos no MP em Tr\u00eas Pontas"}, {"id": "2012", "ano": "2020", "numero": "57", "tipo__sigla": "PARE", "tipo__descricao": "PARECER", "assunto": "Suplementa\u00e7\u00e3o do or\u00e7amento, parecer cont\u00e1bil -projeto de lei 007/2020 cr\u00e9ditos suplementares"}, {"id": "1627", "ano": "2020", "numero": "58", "tipo__sigla": "OFEXP", "tipo__descricao": "Of\u00edcio Expedido", "assunto": "Encaminha relat\u00f3rios cont\u00e1beis"}, {"id": "1930", "ano": "2020", "numero": "58", "tipo__sigla": "OR", "tipo__descricao": "OF\u00cdCIOS RECEBIDOS", "assunto": "Dificuldade para obter laudo m\u00e9dico pr\u00e9 admissional e posse em cargo publico."}, {"id": "1977", "ano": "2020", "numero": "58", "tipo__sigla": "REV", "tipo__descricao": "Relat\u00f3rios de rodagem do ve\u00edculo e outros", "assunto": "Colher assinatura do presidente"}, {"id": "2031", "ano": "2020", "numero": "58", "tipo__sigla": "PARE", "tipo__descricao": "PARECER", "assunto": "Parecer jur\u00eddico do Projeto de Lei Ordin\u00e1ria n\u00ba 22/2020 - Abertura de Cr\u00e9dito Suplementar por super\u00e1vit financeiro no montante de R$1.500.000,00 (um milh\u00e3o e quinhentos mil reais)."}, {"id": "1628", "ano": "2020", "numero": "59", "tipo__sigla": "OFEXP", "tipo__descricao": "Of\u00edcio Expedido", "assunto": "Solicita participar do Registro de pre\u00e7os para aquisi\u00e7\u00e3o de combust\u00edvel"}, {"id": "1931", "ano": "2020", "numero": "59", "tipo__sigla": "OR", "tipo__descricao": "OF\u00cdCIOS RECEBIDOS", "assunto": "Solicitar agendamento para o exame pr\u00e9-admissional pe\u00e7o urg\u00eancia"}, {"id": "1982", "ano": "2020", "numero": "59", "tipo__sigla": "REV", "tipo__descricao": "Relat\u00f3rios de rodagem do ve\u00edculo e outros", "assunto": "Pagar credito consignado junto a caixa econ\u00f4mica federal."}, {"id": "2034", "ano": "2020", "numero": "59", "tipo__sigla": "PARE", "tipo__descricao": "PARECER", "assunto": "Projeto de Lei Ordin\u00e1ria n\u00ba 22/2020."}, {"id": "1635", "ano": "2020", "numero": "60", "tipo__sigla": "OFEXP", "tipo__descricao": "Of\u00edcio Expedido", "assunto": "Encaminha of\u00edcio n\u00ba 01/2020 Mix Curso"}, {"id": "1939", "ano": "2020", "numero": "60", "tipo__sigla": "OR", "tipo__descricao": "OF\u00cdCIOS RECEBIDOS", "assunto": "Encaminha documenta\u00e7\u00f5es para analise jur\u00eddica"}, {"id": "1988", "ano": "2020", "numero": "60", "tipo__sigla": "REV", "tipo__descricao": "Relat\u00f3rios de rodagem do ve\u00edculo e outros", "assunto": "Levar documento para protocolar no minist\u00e9rio publico."}, {"id": "2061", "ano": "2020", "numero": "60", "tipo__sigla": "PARE", "tipo__descricao": "PARECER", "assunto": "Parecer jur\u00eddico - Projeto de Lei Ordin\u00e1ria n\u00ba 23-2020 - Altera\u00e7\u00e3o na LOA 2020 para prever a utiliza\u00e7\u00e3o do super\u00e1vit financeiro para constituir cr\u00e9dito adicional suplementar."}, {"id": "1636", "ano": "2020", "numero": "61", "tipo__sigla": "OFEXP", "tipo__descricao": "Of\u00edcio Expedido", "assunto": "encaminha requerimento"}, {"id": "1955", "ano": "2020", "numero": "61", "tipo__sigla": "OR", "tipo__descricao": "OF\u00cdCIOS RECEBIDOS", "assunto": "Solicita\u00e7\u00e3o de prorroga\u00e7\u00e3o de contrato de trabalho"}, {"id": "2030", "ano": "2020", "numero": "61", "tipo__sigla": "REV", "tipo__descricao": "Relat\u00f3rios de rodagem do ve\u00edculo e outros", "assunto": "Viagem para colher assinatura da funcion\u00e1ria Jaicyara"}, {"id": "2062", "ano": "2020", "numero": "61", "tipo__sigla": "PARE", "tipo__descricao": "PARECER", "assunto": "Parecer Jur\u00eddico - Resolu\u00e7\u00e3o 01 - 2020 Legislativo - Promo\u00e7\u00e3o na carreira e Perda de cargo por insufici\u00eancia de desempenho."}, {"id": "1637", "ano": "2020", "numero": "62", "tipo__sigla": "OFEXP", "tipo__descricao": "Of\u00edcio Expedido", "assunto": "Encaminha e solicita"}, {"id": "1960", "ano": "2020", "numero": "62", "tipo__sigla": "OR", "tipo__descricao": "OF\u00cdCIOS RECEBIDOS", "assunto": "Solicita a substitui\u00e7\u00e3o da mensagem 025 de 09 de outubro de 2020."}, {"id": "2035", "ano": "2020", "numero": "62", "tipo__sigla": "REV", "tipo__descricao": "Relat\u00f3rios de rodagem do ve\u00edculo e outros", "assunto": "Tr\u00eas Pontas e zona rural de Santana da Vargem"}, {"id": "1638", "ano": "2020", "numero": "63", "tipo__sigla": "OFEXP", "tipo__descricao": "Of\u00edcio Expedido", "assunto": "Encaminha documentos para serem publicados no di\u00e1rio oficial."}, {"id": "1971", "ano": "2020", "numero": "63", "tipo__sigla": "OR", "tipo__descricao": "OF\u00cdCIOS RECEBIDOS", "assunto": "Treinamento e implanta\u00e7\u00f5es do Sistema de Controle Interno."}, {"id": "2052", "ano": "2020", "numero": "63", "tipo__sigla": "REV", "tipo__descricao": "Relat\u00f3rios de rodagem do ve\u00edculo e outros", "assunto": "Levar documenta\u00e7\u00e3o para o Presidente assinar e levar documenta\u00e7\u00e3o na Caixa Econ\u00f4mica Federal"}, {"id": "1639", "ano": "2020", "numero": "64", "tipo__sigla": "OFEXP", "tipo__descricao": "Of\u00edcio Expedido", "assunto": "Encaminha documentos ao Minist\u00e9rio Publico"}, {"id": "1981", "ano": "2020", "numero": "64", "tipo__sigla": "OR", "tipo__descricao": "OF\u00cdCIOS RECEBIDOS", "assunto": "Reabertura da ag\u00eancia de atendimento - COPASA MG."}, {"id": "2058", "ano": "2020", "numero": "64", "tipo__sigla": "REV", "tipo__descricao": "Relat\u00f3rios de rodagem do ve\u00edculo e outros", "assunto": "pagamento de cr\u00e9dito consignado na ag\u00eancia da Caixa Econ\u00f4mica Federal"}, {"id": "1643", "ano": "2020", "numero": "65", "tipo__sigla": "OFEXP", "tipo__descricao": "Of\u00edcio Expedido", "assunto": "Solicita informa\u00e7\u00f5es"}, {"id": "1993", "ano": "2020", "numero": "65", "tipo__sigla": "OR", "tipo__descricao": "OF\u00cdCIOS RECEBIDOS", "assunto": "Oficio n\u00b0034/2020 - Queixa dos moradores da COCHAB(Bairro S\u00e3o Luiz.)"}, {"id": "2069", "ano": "2020", "numero": "65", "tipo__sigla": "REV", "tipo__descricao": "Relat\u00f3rios de rodagem do ve\u00edculo e outros", "assunto": "Levar o Diretor no s\u00edtio do presidente Jos\u00e9 Elias colher assinaturas e levar o notebook na casa do Ruiter"}, {"id": "1632", "ano": "2020", "numero": "66", "tipo__sigla": "OFEXP", "tipo__descricao": "Of\u00edcio Expedido", "assunto": "Encaminhamento de projetos de lei aprovados na 2\u00aa reuni\u00e3o extraordin\u00e1ria realizada no dia 23 de abril de 2020."}, {"id": "2003", "ano": "2020", "numero": "66", "tipo__sigla": "OR", "tipo__descricao": "OF\u00cdCIOS RECEBIDOS", "assunto": "Solicita ao julgamento das contas do Poder Executivo do exerc\u00edcio financeiro 2019."}, {"id": "2071", "ano": "2020", "numero": "66", "tipo__sigla": "REV", "tipo__descricao": "Relat\u00f3rios de rodagem do ve\u00edculo e outros", "assunto": "Levar documentos para fazer cota\u00e7\u00e3o de uniformes"}, {"id": "1647", "ano": "2020", "numero": "67", "tipo__sigla": "OFEXP", "tipo__descricao": "Of\u00edcio Expedido", "assunto": "Solicita guia de pagamento (rendimentos da conta)"}, {"id": "2015", "ano": "2020", "numero": "67", "tipo__sigla": "OR", "tipo__descricao": "OF\u00cdCIOS RECEBIDOS", "assunto": "Solicita informa\u00e7\u00f5es e copias do tramite do Projeto de Lei Complementar n\u00b003, de 05/05/2020"}, {"id": "2079", "ano": "2020", "numero": "67", "tipo__sigla": "REV", "tipo__descricao": "Relat\u00f3rios de rodagem do ve\u00edculo e outros", "assunto": "levar o diretor no sitio do presidente para colher assinaturas"}, {"id": "1648", "ano": "2020", "numero": "68", "tipo__sigla": "OFEXP", "tipo__descricao": "Of\u00edcio Expedido", "assunto": "Solicita guia de pagamento IRRF abril 2020"}, {"id": "2043", "ano": "2020", "numero": "68", "tipo__sigla": "OR", "tipo__descricao": "OF\u00cdCIOS RECEBIDOS", "assunto": "Solicita a retirada de pauta do projeto de lei n\u00b0 22 de 23 de novembro de 2020"}, {"id": "2101", "ano": "2020", "numero": "68", "tipo__sigla": "REV", "tipo__descricao": "Relat\u00f3rios de rodagem do ve\u00edculo e outros", "assunto": "Levar o diretor para colher assinaturas"}, {"id": "1649", "ano": "2020", "numero": "69", "tipo__sigla": "OFEXP", "tipo__descricao": "Of\u00edcio Expedido", "assunto": "Solicita anula\u00e7\u00e3o e informa repasse"}, {"id": "2051", "ano": "2020", "numero": "69", "tipo__sigla": "OR", "tipo__descricao": "OF\u00cdCIOS RECEBIDOS", "assunto": "Solicita informa\u00e7\u00f5es sobre o andamento de todos os projetos de lei pendentes de defini\u00e7\u00e3o"}, {"id": "1657", "ano": "2020", "numero": "70", "tipo__sigla": "OFEXP", "tipo__descricao": "Of\u00edcio Expedido", "assunto": "Encaminha relat\u00f3rios cont\u00e1beis 04/2020"}, {"id": "2081", "ano": "2020", "numero": "70", "tipo__sigla": "OR", "tipo__descricao": "OF\u00cdCIOS RECEBIDOS", "assunto": "Termo de Ajuste de Conduta e A\u00e7\u00e3o Civil P\u00fablica"}, {"id": "1662", "ano": "2020", "numero": "71", "tipo__sigla": "OFEXP", "tipo__descricao": "Of\u00edcio Expedido", "assunto": "Solicita encerramento de conta no BB"}, {"id": "1678", "ano": "2020", "numero": "72", "tipo__sigla": "OFEXP", "tipo__descricao": "Of\u00edcio Expedido", "assunto": "Of\u00edcio anulado de acordo com o Memorando 23/2020 do Controle Interno"}, {"id": "1679", "ano": "2020", "numero": "73", "tipo__sigla": "OFEXP", "tipo__descricao": "Of\u00edcio Expedido", "assunto": "Of\u00edcio 73/2020 anulado de acordo com o Memorando 23/2020 do Controle Interno"}, {"id": "1680", "ano": "2020", "numero": "74", "tipo__sigla": "OFEXP", "tipo__descricao": "Of\u00edcio Expedido", "assunto": "Of\u00edcio 74/2020 anulado de acordo com o Memorando 23/2020 do Controle Interno"}, {"id": "1681", "ano": "2020", "numero": "75", "tipo__sigla": "OFEXP", "tipo__descricao": "Of\u00edcio Expedido", "assunto": "Of\u00edcio 75/2020 anulado de acordo com o Memorando 23/2020 do Controle Interno"}, {"id": "1682", "ano": "2020", "numero": "76", "tipo__sigla": "OFEXP", "tipo__descricao": "Of\u00edcio Expedido", "assunto": "Of\u00edcio 76/2020 anulado de acordo com o Memorando 23/2020 do Controle Interno"}, {"id": "1658", "ano": "2020", "numero": "77", "tipo__sigla": "OFEXP", "tipo__descricao": "Of\u00edcio Expedido", "assunto": "Solicita guia para pagamento"}, {"id": "1659", "ano": "2020", "numero": "78", "tipo__sigla": "OFEXP", "tipo__descricao": "Of\u00edcio Expedido", "assunto": "Solicita guia de pagamento do rendimentos da conta"}, {"id": "1675", "ano": "2020", "numero": "79", "tipo__sigla": "OFEXP", "tipo__descricao": "Of\u00edcio Expedido", "assunto": "Solicita guia do IRRF"}, {"id": "1676", "ano": "2020", "numero": "80", "tipo__sigla": "OFEXP", "tipo__descricao": "Of\u00edcio Expedido", "assunto": "Solicita guia para pagamento dos rendimentos na conta"}, {"id": "1684", "ano": "2020", "numero": "81", "tipo__sigla": "OFEXP", "tipo__descricao": "Of\u00edcio Expedido", "assunto": "Encaminha relat\u00f3rios cont\u00e1beis referentes ao m\u00eas de maio de 2020"}, {"id": "1688", "ano": "2020", "numero": "82", "tipo__sigla": "OFEXP", "tipo__descricao": "Of\u00edcio Expedido", "assunto": "Solicita guia de pagamento de rendimentos da conta 11728-5"}, {"id": "1691", "ano": "2020", "numero": "83", "tipo__sigla": "OFEXP", "tipo__descricao": "Of\u00edcio Expedido", "assunto": "Encaminhamento de projeto de lei 011/2020 aprovado  na 3\u00aa reuni\u00e3o extraordin\u00e1ria."}, {"id": "1693", "ano": "2020", "numero": "84", "tipo__sigla": "OFEXP", "tipo__descricao": "Of\u00edcio Expedido", "assunto": "Solicita Auxilio Emergencial aos municipes"}, {"id": "1694", "ano": "2020", "numero": "85", "tipo__sigla": "OFEXP", "tipo__descricao": "Of\u00edcio Expedido", "assunto": "Solicita implementa\u00e7\u00e3o das barreiras sanit\u00e1rias nas entradas principais do nosso munic\u00edpio"}, {"id": "1698", "ano": "2020", "numero": "86", "tipo__sigla": "OFEXP", "tipo__descricao": "Of\u00edcio Expedido", "assunto": "Resposta ao of\u00edcio n\u00ba 25 DPCSV/2020 - Informando o respons\u00e1vel pelo setor cont\u00e1bil."}, {"id": "1705", "ano": "2020", "numero": "87", "tipo__sigla": "OFEXP", "tipo__descricao": "Of\u00edcio Expedido", "assunto": "Encaminha indica\u00e7\u00f5es e requerimento"}, {"id": "1708", "ano": "2020", "numero": "88", "tipo__sigla": "OFEXP", "tipo__descricao": "Of\u00edcio Expedido", "assunto": "Resposta ao of\u00edcio o n\u00ba 06 da 273\u00aa Zona Eleitoral de Tr\u00eas Pontas. - Informando o n\u00famero de vereadores para a legislatura de 2021/2024."}, {"id": "1715", "ano": "2020", "numero": "89", "tipo__sigla": "OFEXP", "tipo__descricao": "Of\u00edcio Expedido", "assunto": "Encaminhamento de projetos de lei aprovados na 5\u00aa reuni\u00e3o extraordin\u00e1ria do dia 23/06/2020."}, {"id": "1716", "ano": "2020", "numero": "90", "tipo__sigla": "OFEXP", "tipo__descricao": "Of\u00edcio Expedido", "assunto": "Solicita informa\u00e7\u00f5es \u00e0 COPASA"}, {"id": "1732", "ano": "2020", "numero": "91", "tipo__sigla": "OFEXP", "tipo__descricao": "Of\u00edcio Expedido", "assunto": "Solicita guia e pagamento, aplica\u00e7\u00f5es da conta 55425"}, {"id": "1733", "ano": "2020", "numero": "92", "tipo__sigla": "OFEXP", "tipo__descricao": "Of\u00edcio Expedido", "assunto": "Solicita de pagamento do IRRF de junho"}, {"id": "1734", "ano": "2020", "numero": "93", "tipo__sigla": "OFEXP", "tipo__descricao": "Of\u00edcio Expedido", "assunto": "Encaminha oficio 222/2020 MP"}, {"id": "1737", "ano": "2020", "numero": "94", "tipo__sigla": "OFEXP", "tipo__descricao": "Of\u00edcio Expedido", "assunto": "Encaminhamento de c\u00f3pia do projeto de lei aprovado na 6\u00aa reuni\u00e3o extraordin\u00e1ria  plo 12/2020."}, {"id": "1738", "ano": "2020", "numero": "95", "tipo__sigla": "OFEXP", "tipo__descricao": "Of\u00edcio Expedido", "assunto": "Encaminha indica\u00e7\u00e3o 12/2020 do vereador Rodrigo Scalioni"}, {"id": "1745", "ano": "2020", "numero": "96", "tipo__sigla": "OFEXP", "tipo__descricao": "Of\u00edcio Expedido", "assunto": "Encaminha relat\u00f3rios cont\u00e1beis do m\u00eas de junho de 2020"}, {"id": "1749", "ano": "2020", "numero": "97", "tipo__sigla": "OFEXP", "tipo__descricao": "Of\u00edcio Expedido", "assunto": "Encaminha ao Executivo projetos aprovados na 7\u00aa reuni\u00e3o extraordin\u00e1ria."}, {"id": "1750", "ano": "2020", "numero": "98", "tipo__sigla": "OFEXP", "tipo__descricao": "Of\u00edcio Expedido", "assunto": "Encaminha Indica\u00e7\u00f5es 14 e 15/2020 do vereador Rodrigo Scalioni"}, {"id": "1752", "ano": "2020", "numero": "99", "tipo__sigla": "OFEXP", "tipo__descricao": "Of\u00edcio Expedido", "assunto": "Solicita documentos da LDO"}, {"id": "1771", "ano": "2020", "numero": "100", "tipo__sigla": "OFEXP", "tipo__descricao": "Of\u00edcio Expedido", "assunto": "Encaminha indica\u00e7\u00f5es dos vereadores Rodrigo Scalioni e Silmara Vereadora"}, {"id": "1772", "ano": "2020", "numero": "101", "tipo__sigla": "OFEXP", "tipo__descricao": "Of\u00edcio Expedido", "assunto": "Encaminha indica\u00e7\u00f5es dos vereadores Rodrigo Scalioni e Expedito Alves"}, {"id": "1773", "ano": "2020", "numero": "102", "tipo__sigla": "OFEXP", "tipo__descricao": "Of\u00edcio Expedido", "assunto": "Encaminha ao Executivo c\u00f3pia do Projeto de Lei Ordin\u00e1ria do Legislativo n\u00b0 003/2020 que \u201cDisp\u00f5e sobre a instala\u00e7\u00e3o de equipamento eliminador de ar na tubula\u00e7\u00e3o do sistema de abastecimento de \u00e1gua no \u00e2mbito do munic\u00edpio de Santana da Vargem e d\u00e1 outras provid\u00eancias\u201d, aprovado na 9\u00aa reuni\u00e3o extraordin\u00e1ria."}, {"id": "1774", "ano": "2020", "numero": "103", "tipo__sigla": "OFEXP", "tipo__descricao": "Of\u00edcio Expedido", "assunto": "Encaminha ao Executivo c\u00f3pia do Projeto de Lei Ordin\u00e1ria N\u00ba 009/2020 que \u201cDisp\u00f5e sobre as Diretrizes para a elabora\u00e7\u00e3o da Lei Or\u00e7amentaria de 2021, e d\u00e1 outras provid\u00eancias\u201d, aprovado na 10\u00aa reuni\u00e3o extraordin\u00e1ria realizada no dia 27 de julho de 2020."}, {"id": "1781", "ano": "2020", "numero": "104", "tipo__sigla": "OFEXP", "tipo__descricao": "Of\u00edcio Expedido", "assunto": "Encaminha julgamento das contas 2013 ao TCEMG"}, {"id": "1782", "ano": "2020", "numero": "105", "tipo__sigla": "OFEXP", "tipo__descricao": "Of\u00edcio Expedido", "assunto": "Encaminha Julgamento das contas 2013 ao Cart\u00f3rio Eleitoral"}, {"id": "1780", "ano": "2020", "numero": "106", "tipo__sigla": "OFEXP", "tipo__descricao": "Of\u00edcio Expedido", "assunto": "Encaminha julgamento das Contas de 2013 ao MP de Contas"}, {"id": "1789", "ano": "2020", "numero": "107", "tipo__sigla": "OFEXP", "tipo__descricao": "Of\u00edcio Expedido", "assunto": "Solicita informa\u00e7\u00f5es a respeito da publica\u00e7\u00e3o do decreto 42/2020"}, {"id": "1791", "ano": "2020", "numero": "108", "tipo__sigla": "OFEXP", "tipo__descricao": "Of\u00edcio Expedido", "assunto": "Encaminhamento de c\u00f3pia de projeto de lei aprovado na 11\u00aa reuni\u00e3o extraordin\u00e1ria."}, {"id": "1797", "ano": "2020", "numero": "109", "tipo__sigla": "OFEXP", "tipo__descricao": "Of\u00edcio Expedido", "assunto": "solicitar ao setor de tributa\u00e7\u00e3o, que seja emitido uma guia de pagamento"}, {"id": "1798", "ano": "2020", "numero": "110", "tipo__sigla": "OFEXP", "tipo__descricao": "Of\u00edcio Expedido", "assunto": "solicitar ao setor de tributa\u00e7\u00e3o, que seja emitido uma guia de pagamento"}, {"id": "1808", "ano": "2020", "numero": "111", "tipo__sigla": "OFEXP", "tipo__descricao": "Of\u00edcio Expedido", "assunto": "Encaminhamento de relat\u00f3rios cont\u00e1beis m\u00eas de julho de 2020."}, {"id": "1813", "ano": "2020", "numero": "112", "tipo__sigla": "OFEXP", "tipo__descricao": "Of\u00edcio Expedido", "assunto": "Resposta ao oficio do Sr. Daniel de Castro Casagrande, sobre a nomea\u00e7\u00e3o no concurso da C\u00e2mara Municipal."}, {"id": "1818", "ano": "2020", "numero": "113", "tipo__sigla": "OFEXP", "tipo__descricao": "Of\u00edcio Expedido", "assunto": "Encaminha indica\u00e7\u00f5es - Rodrigo Scalioni"}, {"id": "1819", "ano": "2020", "numero": "114", "tipo__sigla": "OFEXP", "tipo__descricao": "Of\u00edcio Expedido", "assunto": "Encaminha indica\u00e7\u00f5es - Luiz Felipe"}, {"id": "1826", "ano": "2020", "numero": "115", "tipo__sigla": "OFEXP", "tipo__descricao": "Of\u00edcio Expedido", "assunto": "Encaminha indica\u00e7\u00e3o do vereador Rodrigo Sacalioni"}, {"id": "1827", "ano": "2020", "numero": "116", "tipo__sigla": "OFEXP", "tipo__descricao": "Of\u00edcio Expedido", "assunto": "Encaminha Indica\u00e7\u00e3o da vereadora Silmara Girlaine"}, {"id": "1830", "ano": "2020", "numero": "117", "tipo__sigla": "OFEXP", "tipo__descricao": "Of\u00edcio Expedido", "assunto": "Responde solicita\u00e7\u00e3o de informa\u00e7\u00e3o de nomea\u00e7\u00e3o dos aprovados no concurso-Maria dos Santos Sebasti\u00e3o"}, {"id": "1831", "ano": "2020", "numero": "118", "tipo__sigla": "OFEXP", "tipo__descricao": "Of\u00edcio Expedido", "assunto": "Encaminhamento de c\u00f3pia de Projeto de Lei Ordin\u00e1ria N\u00ba 016/2020 aprovado na 10\u00aa reuni\u00e3o ordin\u00e1ria."}, {"id": "1834", "ano": "2020", "numero": "119", "tipo__sigla": "OFEXP", "tipo__descricao": "Of\u00edcio Expedido", "assunto": "Of\u00edcio 204/2020 - referentes aos arquivos de compras efetuadas pela C\u00e2mara Municipal"}, {"id": "1844", "ano": "2020", "numero": "120", "tipo__sigla": "OFEXP", "tipo__descricao": "Of\u00edcio Expedido", "assunto": "Responde \u00e0 Recomenda\u00e7\u00e3o Eleitoral 10/2020"}, {"id": "1854", "ano": "2020", "numero": "121", "tipo__sigla": "OFEXP", "tipo__descricao": "Of\u00edcio Expedido", "assunto": "Solicita ao setor de tributa\u00e7\u00e3o, que seja emitido uma guia de pagamento - rendimentos"}, {"id": "1855", "ano": "2020", "numero": "122", "tipo__sigla": "OFEXP", "tipo__descricao": "Of\u00edcio Expedido", "assunto": "Solicitar ao setor de tributa\u00e7\u00e3o, que seja emitido uma guia de pagamento-IRRF"}, {"id": "1875", "ano": "2020", "numero": "123", "tipo__sigla": "OFEXP", "tipo__descricao": "Of\u00edcio Expedido", "assunto": "Responde Of\u00edcio 268/2020/3\u00aaPJ-TP - informa\u00e7\u00f5es a respeito de viagens feitas por vereador eleito"}, {"id": "1887", "ano": "2020", "numero": "124", "tipo__sigla": "OFEXP", "tipo__descricao": "Of\u00edcio Expedido", "assunto": "Encaminha indica\u00e7\u00e3o"}, {"id": "1908", "ano": "2020", "numero": "125", "tipo__sigla": "OFEXP", "tipo__descricao": "Of\u00edcio Expedido", "assunto": "Encaminha projeto de lei ordin\u00e1ria 019/2020, aprovado na 12\u00aa reuni\u00e3o extraordin\u00e1ria."}, {"id": "1910", "ano": "2020", "numero": "126", "tipo__sigla": "OFEXP", "tipo__descricao": "Of\u00edcio Expedido", "assunto": "NOMEA\u00c7\u00c3O DE CANDIDATO APROVADO EM CONCURSO PUBLICO"}, {"id": "1912", "ano": "2020", "numero": "127", "tipo__sigla": "OFEXP", "tipo__descricao": "Of\u00edcio Expedido", "assunto": "Of\u00edcio n\u00ba 480/2020/3\u00aaPJ-TP"}, {"id": "1914", "ano": "2020", "numero": "128", "tipo__sigla": "OFEXP", "tipo__descricao": "Of\u00edcio Expedido", "assunto": "Solicita guia"}, {"id": "1913", "ano": "2020", "numero": "129", "tipo__sigla": "OFEXP", "tipo__descricao": "Of\u00edcio Expedido", "assunto": "Solicita guia de pagamento IRRF"}, {"id": "1915", "ano": "2020", "numero": "130", "tipo__sigla": "OFEXP", "tipo__descricao": "Of\u00edcio Expedido", "assunto": "Encaminha as c\u00f3pias das Portarias de nomea\u00e7\u00e3o dos candidatos aprovados no Concurso Publico"}, {"id": "1919", "ano": "2020", "numero": "131", "tipo__sigla": "OFEXP", "tipo__descricao": "Of\u00edcio Expedido", "assunto": "Nomea\u00e7\u00e3o de candidato aprovado em concurso p\u00fablico - Sr. Daniel de Castro Casagrande"}, {"id": "1920", "ano": "2020", "numero": "132", "tipo__sigla": "OFEXP", "tipo__descricao": "Of\u00edcio Expedido", "assunto": "Nomea\u00e7\u00e3o de candidato aprovado em concurso p\u00fablico - Sra. Larissa Oliveira Naves"}, {"id": "1921", "ano": "2020", "numero": "133", "tipo__sigla": "OFEXP", "tipo__descricao": "Of\u00edcio Expedido", "assunto": "Nomea\u00e7\u00e3o de candidato aprovado em concurso p\u00fablico - Sra. Maria dos Santos Sebasti\u00e3o"}, {"id": "1922", "ano": "2020", "numero": "134", "tipo__sigla": "OFEXP", "tipo__descricao": "Of\u00edcio Expedido", "assunto": "Nomea\u00e7\u00e3o de candidato aprovado em concurso p\u00fablico - Sra. Alanis Carolina de Oliveira Moreira"}, {"id": "1934", "ano": "2020", "numero": "135", "tipo__sigla": "OFEXP", "tipo__descricao": "Of\u00edcio Expedido", "assunto": "Responde of\u00edcio 245/2020 no qual solicita informa\u00e7\u00f5es a respeito do projeto de lei do estatuto dos servidores"}, {"id": "1935", "ano": "2020", "numero": "136", "tipo__sigla": "OFEXP", "tipo__descricao": "Of\u00edcio Expedido", "assunto": "Encaminha indica\u00e7\u00f5es do vereador Luiz Felipe"}, {"id": "1936", "ano": "2020", "numero": "137", "tipo__sigla": "OFEXP", "tipo__descricao": "Of\u00edcio Expedido", "assunto": "Encaminhamento de c\u00f3pia da Reda\u00e7\u00e3o Final do Projeto de Lei aprovado na 14\u00aa reuni\u00e3o ordin\u00e1ria."}, {"id": "1945", "ano": "2020", "numero": "138", "tipo__sigla": "OFEXP", "tipo__descricao": "Of\u00edcio Expedido", "assunto": "Responde Of\u00edcio 121/2020 do MP, solicitando informa\u00e7\u00f5es a respeito da contrata\u00e7\u00e3o da Sra. Maria Aparecida Diniz"}, {"id": "1946", "ano": "2020", "numero": "139", "tipo__sigla": "OFEXP", "tipo__descricao": "Of\u00edcio Expedido", "assunto": "Encaminha os relat\u00f3rios cont\u00e1beis referente ao m\u00eas de setembro de 2020"}, {"id": "1948", "ano": "2020", "numero": "140", "tipo__sigla": "OFEXP", "tipo__descricao": "Of\u00edcio Expedido", "assunto": "Encaminha ao MP o Processo administrativo n\u00ba 02/2020"}, {"id": "1949", "ano": "2020", "numero": "141", "tipo__sigla": "OFEXP", "tipo__descricao": "Of\u00edcio Expedido", "assunto": "Encaminha Decreto n\u00ba 02 e 03/2020 que \u201cDetermina o resultado do julgamento das contas do munic\u00edpio\u201d  referentes aos exerc\u00edcios de 2017 e 2018, e a ata da Reuni\u00e3o Legislativa que julgou as referidas contas - MP de Contas"}, {"id": "1950", "ano": "2020", "numero": "142", "tipo__sigla": "OFEXP", "tipo__descricao": "Of\u00edcio Expedido", "assunto": "Decreto n\u00ba 02 e 03/2020 que \u201cDetermina o resultado do julgamento das contas do munic\u00edpio\u201d  referentes aos exerc\u00edcios de 2017 e 2018, e a ata da Reuni\u00e3o Legislativa que julgou as referidas contas - TCE-MG"}, {"id": "1951", "ano": "2020", "numero": "143", "tipo__sigla": "OFEXP", "tipo__descricao": "Of\u00edcio Expedido", "assunto": "Encaminha Decreto n\u00ba 02 e 03/2020 que \u201cDetermina o resultado do julgamento das contas do munic\u00edpio\u201d  referentes aos exerc\u00edcios de 2017 e 2018, e a ata da Reuni\u00e3o Legislativa que julgou as referidas contas - Cart\u00f3rio Eleitoral"}, {"id": "1952", "ano": "2020", "numero": "144", "tipo__sigla": "OFEXP", "tipo__descricao": "Of\u00edcio Expedido", "assunto": "Encaminha Indica\u00e7\u00e3o"}, {"id": "1963", "ano": "2020", "numero": "145", "tipo__sigla": "OFEXP", "tipo__descricao": "Of\u00edcio Expedido", "assunto": "Encaminha projeto de lei 20/20 aprovado na 13\u00aa reuni\u00e3o extraordin\u00e1ria."}, {"id": "1964", "ano": "2020", "numero": "146", "tipo__sigla": "OFEXP", "tipo__descricao": "Of\u00edcio Expedido", "assunto": "Indica\u00e7\u00e3o troca de computadores do laborat\u00f3rio de Inform\u00e1tica da Escola Municipal Doralice Mendon\u00e7a Reis"}, {"id": "1965", "ano": "2020", "numero": "147", "tipo__sigla": "OFEXP", "tipo__descricao": "Of\u00edcio Expedido", "assunto": "Of\u00edcio ao Minist\u00e9rio P\u00fablico comunicando a inten\u00e7\u00e3o de prorroga\u00e7\u00e3o dos contratos tempor\u00e1rios at\u00e9 o dia 31/12."}, {"id": "1966", "ano": "2020", "numero": "148", "tipo__sigla": "OFEXP", "tipo__descricao": "Of\u00edcio Expedido", "assunto": "Coloca\u00e7\u00e3o de quebra-molas na marginal Ribeir\u00e3o Santana"}, {"id": "1967", "ano": "2020", "numero": "149", "tipo__sigla": "OFEXP", "tipo__descricao": "Of\u00edcio Expedido", "assunto": "Necessidade de se evitar a coloca\u00e7\u00e3o de lixo na esquina entre a rua Jos\u00e9 Silv\u00e9rio de Mendon\u00e7a e a Avenida Domingos Vieira de Lima."}, {"id": "1969", "ano": "2020", "numero": "150", "tipo__sigla": "OFEXP", "tipo__descricao": "Of\u00edcio Expedido", "assunto": "Deferimento da Licen\u00e7a gestante - Larissa Oliveira Naves"}, {"id": "1976", "ano": "2020", "numero": "151", "tipo__sigla": "OFEXP", "tipo__descricao": "Of\u00edcio Expedido", "assunto": "Encaminhamento de projeto de lei 21/2020 aprovado na 17\u00aa reuni\u00e3o ordin\u00e1ria."}, {"id": "1980", "ano": "2020", "numero": "152", "tipo__sigla": "OFEXP", "tipo__descricao": "Of\u00edcio Expedido", "assunto": "Resposta ao of\u00edcio 528/2020/3\u00aaPJ-TP - Informa o per\u00edodo em que se dar\u00e3o as rescis\u00f5es de contrato dos servidores contratados temporariamente."}, {"id": "1985", "ano": "2020", "numero": "153", "tipo__sigla": "OFEXP", "tipo__descricao": "Of\u00edcio Expedido", "assunto": "Encaminhamento de indica\u00e7\u00e3o do vereador Rodrigo Scalione Brito."}, {"id": "1986", "ano": "2020", "numero": "154", "tipo__sigla": "OFEXP", "tipo__descricao": "Of\u00edcio Expedido", "assunto": "Solicita informa\u00e7\u00f5es sobre CIPTEA."}, {"id": "1989", "ano": "2020", "numero": "155", "tipo__sigla": "OFEXP", "tipo__descricao": "Of\u00edcio Expedido", "assunto": "Indica\u00e7\u00e3o n\u00b0025/2020 a instala\u00e7\u00e3o de grades no entorno do Parque infantil."}, {"id": "1995", "ano": "2020", "numero": "156", "tipo__sigla": "OFEXP", "tipo__descricao": "Of\u00edcio Expedido", "assunto": "Encaminha as Indica\u00e7\u00f5es 010 e 011/2020."}, {"id": "1998", "ano": "2020", "numero": "157", "tipo__sigla": "OFEXP", "tipo__descricao": "Of\u00edcio Expedido", "assunto": "Envia reda\u00e7\u00e3o final do projeto de lei ordin\u00e1ria 017/2020 cujo veto 001/2020 fora rejeitado na 19\u00aa reuni\u00e3o odin\u00e1ria."}, {"id": "1999", "ano": "2020", "numero": "158", "tipo__sigla": "OFEXP", "tipo__descricao": "Of\u00edcio Expedido", "assunto": "Oficio de Imposto de Renda n\u00b0 158/21020"}, {"id": "2000", "ano": "2020", "numero": "159", "tipo__sigla": "OFEXP", "tipo__descricao": "Of\u00edcio Expedido", "assunto": "Oficio n\u00b0159/2020 rendimento de aplica\u00e7\u00e3o financeira."}, {"id": "2007", "ano": "2020", "numero": "160", "tipo__sigla": "OFEXP", "tipo__descricao": "Of\u00edcio Expedido", "assunto": "Resposta ao oficio 261/2020, de solicita\u00e7\u00e3o de decreto legislativo julgamento de contas 2019."}, {"id": "2011", "ano": "2020", "numero": "161", "tipo__sigla": "OFEXP", "tipo__descricao": "Of\u00edcio Expedido", "assunto": "Encaminha indica\u00e7\u00f5es 012 e 013/2020, feita pelo nobre edil Luiz Felipe Mendon\u00e7a Rodrigues."}, {"id": "2017", "ano": "2020", "numero": "162", "tipo__sigla": "OFEXP", "tipo__descricao": "Of\u00edcio Expedido", "assunto": "Encaminha projeto de lei ordin\u00e1ria do legislativo n\u00b0 007/2020 aprovado na 14\u00aa reuni\u00e3o extraordin\u00e1ria."}, {"id": "2018", "ano": "2020", "numero": "163", "tipo__sigla": "OFEXP", "tipo__descricao": "Of\u00edcio Expedido", "assunto": "Oficio de encaminhamento."}, {"id": "2023", "ano": "2020", "numero": "164", "tipo__sigla": "OFEXP", "tipo__descricao": "Of\u00edcio Expedido", "assunto": "Encaminha as indica\u00e7\u00f5es 026 feita pelo nobre edil Rodrigo Scalioni Brito, 005 feita pela nobre edil Silmara Girlane Hon\u00f3rio e 014  feita pelo nobre edil Luiz Felipe Mendon\u00e7a Rodrigues"}, {"id": "2024", "ano": "2020", "numero": "165", "tipo__sigla": "OFEXP", "tipo__descricao": "Of\u00edcio Expedido", "assunto": "Resposta ao of\u00edcio n\u00ba 17316/2020 \u2013 Conselheiro Presidente Mauri Torres - Den\u00fancia do Presidente do Sindicado dos Servidores P\u00fablicos de Santana da Vargem - S\u00edlvio Cesar Miranda."}, {"id": "2025", "ano": "2020", "numero": "166", "tipo__sigla": "OFEXP", "tipo__descricao": "Of\u00edcio Expedido", "assunto": "Resposta ao of\u00edcio n\u00ba 532/2020/3\u00aaPJ-TP - Apresentar documenta\u00e7\u00e3o que comprova a necessidade da rescis\u00e3o temporal diferenciada dos contratos tempor\u00e1rios da servidora Jaicyara Sales e da ex-servidora Tayn\u00e1 de Jesus."}, {"id": "2026", "ano": "2020", "numero": "167", "tipo__sigla": "OFEXP", "tipo__descricao": "Of\u00edcio Expedido", "assunto": "Resposta ao of\u00edcio n\u00ba 272/2020 - Prefeitura solicitando informa\u00e7\u00f5es sobre a tramita\u00e7\u00e3o da LC 03 - Estatuto dos Servidores"}, {"id": "2027", "ano": "2020", "numero": "168", "tipo__sigla": "OFEXP", "tipo__descricao": "Of\u00edcio Expedido", "assunto": "Of\u00edcio 168 - Resposta ao of\u00edcio 08/2020 do Controle Interno."}, {"id": "2033", "ano": "2020", "numero": "169", "tipo__sigla": "OFEXP", "tipo__descricao": "Of\u00edcio Expedido", "assunto": "Atualiza\u00e7\u00e3o de informa\u00e7\u00f5es acerca das a\u00e7\u00f5es procedimentos e investimentos no combate \u00e0 Pandemia do Corona v\u00edrus"}, {"id": "2036", "ano": "2020", "numero": "170", "tipo__sigla": "OFEXP", "tipo__descricao": "Of\u00edcio Expedido", "assunto": "Solicita pronunciamento do prefeito a respeito dos pareceres t\u00e9cnicos do controle interno e setor jur\u00eddico"}, {"id": "2040", "ano": "2020", "numero": "171", "tipo__sigla": "OFEXP", "tipo__descricao": "Of\u00edcio Expedido", "assunto": "rendimentos da aplica\u00e7\u00e3o auferidos no m\u00eas de novembro"}, {"id": "2041", "ano": "2020", "numero": "172", "tipo__sigla": "OFEXP", "tipo__descricao": "Of\u00edcio Expedido", "assunto": "IRPF m\u00eas de novembro"}, {"id": "2046", "ano": "2020", "numero": "173", "tipo__sigla": "OFEXP", "tipo__descricao": "Of\u00edcio Expedido", "assunto": "Indica\u00e7\u00e3o para que seja promovida a limpeza da Avenida Tr\u00eas Pontas"}, {"id": "2056", "ano": "2020", "numero": "174", "tipo__sigla": "OFEXP", "tipo__descricao": "Of\u00edcio Expedido", "assunto": "Encaminha relat\u00f3rios cont\u00e1beis  referente ao m\u00eas de novembro"}, {"id": "2065", "ano": "2020", "numero": "175", "tipo__sigla": "OFEXP", "tipo__descricao": "Of\u00edcio Expedido", "assunto": "Encaminha aviso de preg\u00e3o presencial n\u00famero 003/2020 para aquisi\u00e7\u00e3o de produtos de panifica\u00e7\u00e3o, leite e derivados"}, {"id": "2066", "ano": "2020", "numero": "176", "tipo__sigla": "OFEXP", "tipo__descricao": "Of\u00edcio Expedido", "assunto": "Encaminhamento de c\u00f3pia do Projeto de Lei aprovado na 24\u00aa reuni\u00e3o ordin\u00e1ria."}, {"id": "2077", "ano": "2020", "numero": "177", "tipo__sigla": "OFEXP", "tipo__descricao": "Of\u00edcio Expedido", "assunto": "Resposta \u00e0 controladoria interna a respeito da cria\u00e7\u00e3o das redes sociais da C\u00e2mara"}, {"id": "2080", "ano": "2020", "numero": "178", "tipo__sigla": "OFEXP", "tipo__descricao": "Of\u00edcio Expedido", "assunto": "IRRF m\u00eas de dezembro de 2020"}, {"id": "2092", "ano": "2020", "numero": "179", "tipo__sigla": "OFEXP", "tipo__descricao": "Of\u00edcio Expedido", "assunto": "Guia de rendimento referente ao m\u00eas de dezembro"}, {"id": "2094", "ano": "2020", "numero": "180", "tipo__sigla": "OFEXP", "tipo__descricao": "Of\u00edcio Expedido", "assunto": "Devolu\u00e7\u00e3o saldo financeiro do subs\u00eddio repassado para a C\u00e2mara no exerc\u00edcio de 2020"}, {"id": "2097", "ano": "2020", "numero": "181", "tipo__sigla": "OFEXP", "tipo__descricao": "Of\u00edcio Expedido", "assunto": "Resposta ao of\u00edcio 281 do Executivo - Informa\u00e7\u00f5es sobre projetos de Lei."}, {"id": "2111", "ano": "2021", "numero": "1", "tipo__sigla": "AAPOS", "tipo__descricao": "Atas de audi\u00eancia p\u00fablica e outras sess\u00f5es", "assunto": "01/01/2021 Ata da Sess\u00e3o Solene para Instala\u00e7\u00e3o da C\u00e2mara Municipal para dar posse aos vereadores, Prefeito e Vice Prefeito."}, {"id": "2112", "ano": "2021", "numero": "1", "tipo__sigla": "OR", "tipo__descricao": "OF\u00cdCIOS RECEBIDOS", "assunto": "C\u00f3pia do Edital de Convoca\u00e7\u00e3o 001/2021 o qual trata da convoca\u00e7\u00e3o de conselheiro tutelar"}, {"id": "2114", "ano": "2021", "numero": "1", "tipo__sigla": "DA", "tipo__descricao": "Documento Avulso", "assunto": "Declara\u00e7\u00e3o de bens, de n\u00e3o acumula\u00e7\u00e3o de cargo, emprego ou fun\u00e7\u00e3o p\u00fablica e de n\u00e3o ter sido demitida do servi\u00e7o p\u00fablico"}, {"id": "2116", "ano": "2021", "numero": "1", "tipo__sigla": "OFEXP", "tipo__descricao": "Of\u00edcio Expedido", "assunto": "Encaminha indica\u00e7\u00e3o 001 Ronalthe D. Rocha. Necessidade de providenciar ilumina\u00e7\u00e3o para o segundo trevo BR-265 sentido Coqueiral."}, {"id": "2122", "ano": "2021", "numero": "1", "tipo__sigla": "MEM", "tipo__descricao": "Memorando", "assunto": "Solicita\u00e7\u00e3o de contrata\u00e7\u00e3o de servi\u00e7o de abastecimento de \u00e1gua e servi\u00e7os de esgoto"}, {"id": "2124", "ano": "2021", "numero": "1", "tipo__sigla": "AT", "tipo__descricao": "ATESTADO", "assunto": "Atesta que Cleber Brito esteve em tratamento odontol\u00f3gico das 7:30 as 9:00 do dia 07/01/2021"}, {"id": "2127", "ano": "2021", "numero": "1", "tipo__sigla": "REV", "tipo__descricao": "Relat\u00f3rios de rodagem do ve\u00edculo e outros", "assunto": "Levar Maria no Sindicato para colher assinatura da Presidente"}, {"id": "2133", "ano": "2021", "numero": "1", "tipo__sigla": "OVC", "tipo__descricao": "Of\u00edcio de Vereador/Comiss\u00e3o", "assunto": "Solicita\u00e7\u00e3o de informa\u00e7\u00f5es sobre a inten\u00e7\u00e3o de confec\u00e7\u00e3o de projeto de incentivo \u00e0 economia municipal."}, {"id": "2148", "ano": "2021", "numero": "1", "tipo__sigla": "ARO", "tipo__descricao": "ATAS DAS REUNI\u00d5ES ORDIN\u00c1RIAS", "assunto": "Ata da 1\u00aa reuni\u00e3o ordin\u00e1ria realizada no dia cinco de janeiro de dois mil e vinte e um"}, {"id": "2161", "ano": "2021", "numero": "1", "tipo__sigla": "ATACL", "tipo__descricao": "Ata da Comiss\u00e3o de Licita\u00e7\u00e3o", "assunto": "Ata processo licitat\u00f3rio 01/2021  para contrata\u00e7\u00e3o de empresa especializada em abastecimento de \u00e1gua e tratamento de esgoto"}, {"id": "2173", "ano": "2021", "numero": "1", "tipo__sigla": "OFP", "tipo__descricao": "Of\u00edcio da Procuradoria", "assunto": "Informando o hor\u00e1rio de sa\u00edda no dia 01/01/2021."}, {"id": "2175", "ano": "2021", "numero": "1", "tipo__sigla": "PARE", "tipo__descricao": "PARECER", "assunto": "Parecer Jur\u00eddico - Projeto de Lei do Legislativo n\u00ba 01 - 2021 - Revis\u00e3o Geral Anual."}, {"id": "2182", "ano": "2021", "numero": "1", "tipo__sigla": "ODC", "tipo__descricao": "Of\u00edcio/documento Cont\u00e1bil", "assunto": "Solicita\u00e7\u00e3o ao setor de atendimento da Memory a senha e login da LAI para a contadora Legislativa Maria dos Santos Sebasti\u00e3o"}, {"id": "2198", "ano": "2021", "numero": "1", "tipo__sigla": "TE", "tipo__descricao": "Termos", "assunto": "Compromisso para Utiliza\u00e7\u00e3o de Equipamento (Notebook e respectivos acess\u00f3rios) - Kainne Delfino Joanas."}, {"id": "2206", "ano": "2021", "numero": "1", "tipo__sigla": "OLIC", "tipo__descricao": "Of\u00edcio de Licita\u00e7\u00e3o", "assunto": "Solicita delibera\u00e7\u00f5es da Comiss\u00e3o de licita\u00e7\u00e3o acerca dos assuntos propostos"}, {"id": "2227", "ano": "2021", "numero": "1", "tipo__sigla": "RCI", "tipo__descricao": "Relat\u00f3rios da Controladoria Interna", "assunto": "Registro mensal de ponto eletr\u00f4nico dos servidores (23/12/2020 a 22/01/2021)."}, {"id": "2243", "ano": "2021", "numero": "1", "tipo__sigla": "DD", "tipo__descricao": "Documentos da Diretoria", "assunto": "RELAT\u00d3RIO DAS ATIVIDADES MENSAIS DO DIRETOR GERAL \u2013 JANEIRO 2021"}, {"id": "2270", "ano": "2021", "numero": "1", "tipo__sigla": "DMP", "tipo__descricao": "Documentos de tribunais e do Minist\u00e9rio P\u00fablico", "assunto": "Requisita informa\u00e7\u00f5es/documentos procedimento preparat\u00f3rio n\u00b0 MPMG-069.20.000086-7"}, {"id": "2297", "ano": "2021", "numero": "1", "tipo__sigla": "DEC", "tipo__descricao": "Declara\u00e7\u00e3o", "assunto": "Declara\u00e7\u00e3o de comparecimento na Assembleia Legislativa do Estado de Minas Gerais em 03/02/2021"}, {"id": "2356", "ano": "2021", "numero": "1", "tipo__sigla": "OCI", "tipo__descricao": "Of\u00edcios da Controladoria Interna", "assunto": "Fluxo dos procedimentos licitat\u00f3rios."}, {"id": "2359", "ano": "2021", "numero": "1", "tipo__sigla": "COMDE", "tipo__descricao": "COMUNICADO/DESPACHO", "assunto": "CONVOCA para Reuni\u00e3o Extraordin\u00e1ria, \u00e0s 19 horas do dia 18 de fevereiro de 2021"}, {"id": "2421", "ano": "2021", "numero": "1", "tipo__sigla": "AREO", "tipo__descricao": "ATAS DAS REUNI\u00d5ES EXTRAORDIN\u00c1RIAS", "assunto": "Ata da 1\u00aa reuni\u00e3o extraordin\u00e1ria realizada no dia dezoito de fevereiro de dois mil e vinte e um"}, {"id": "2564", "ano": "2021", "numero": "1", "tipo__sigla": "NFB", "tipo__descricao": "Nota Fiscal/boleto", "assunto": "Nota fiscal- conta de energia el\u00e9trica"}, {"id": "2576", "ano": "2021", "numero": "1", "tipo__sigla": "CTCE", "tipo__descricao": "Correspond\u00eancias do Tribunal de Contas de MG", "assunto": "Requisita o envio, mediante SIMP, no prazo de 30 dias, a contar da data de recebimento deste of\u00edcio, da c\u00f3pia digitalizada da ata contendo o julgamento motivado das contas do exerc\u00edcio de 2018, dentre outros documentos referentes a estas"}, {"id": "2637", "ano": "2021", "numero": "1", "tipo__sigla": "REDF", "tipo__descricao": "Reda\u00e7\u00e3o Final", "assunto": "Disp\u00f5e sobre a cria\u00e7\u00e3o do Conselho Municipal de Acompanhamento e Controle Social do Fundo de Manuten\u00e7\u00e3o e Desenvolvimento da Educa\u00e7\u00e3o B\u00e1sica e de Valoriza\u00e7\u00e3o dos Profissionais da Educa\u00e7\u00e3o \u2013 CACS/ FUNDEB."}, {"id": "2687", "ano": "2021", "numero": "1", "tipo__sigla": "ANEX", "tipo__descricao": "Anexo", "assunto": "Anexo do Of\u00edcio 121"}, {"id": "2765", "ano": "2021", "numero": "1", "tipo__sigla": "ED", "tipo__descricao": "Edital", "assunto": "EDITAL DE PREG\u00c3O PRESENCIAL N\u00ba 001/2021 Aquisi\u00e7\u00e3o eventual e futura de produtos de panifica\u00e7\u00e3o"}, {"id": "2905", "ano": "2021", "numero": "1", "tipo__sigla": "CERT", "tipo__descricao": "CERTIFICADO", "assunto": "306\u00ba Curso de Capacita\u00e7\u00e3o com o tema: \"Esquematiza\u00e7\u00e3o da lei de diretrizes or\u00e7ament\u00e1rias (LDO) 2021\" realizado no per\u00edodo de 18 a 21 de maio de 2021, no Audit\u00f3rio do Hotel Normandy, na cidade de Belo Horizonte-MG"}, {"id": "2991", "ano": "2021", "numero": "1", "tipo__sigla": "DI", "tipo__descricao": "Di\u00e1rias e documentos relativos", "assunto": "REQUERIMENTO DE CONCESS\u00c3O DE DI\u00c1RIAS ADIANTADAS"}, {"id": "3043", "ano": "2021", "numero": "1", "tipo__sigla": "JUST", "tipo__descricao": "Justificativas", "assunto": "Justificativa para o n\u00e3o uso do veiculo oficial"}, {"id": "3117", "ano": "2021", "numero": "1", "tipo__sigla": "SO", "tipo__descricao": "SOLICITA\u00c7\u00c3O", "assunto": "Requerimento de documentos"}, {"id": "3139", "ano": "2021", "numero": "1", "tipo__sigla": "DDCI", "tipo__descricao": "Documentos Diversos da Controladoria Interna", "assunto": "Movimenta\u00e7\u00e3o Detalhada da Conta Corrente de titularidade da C\u00e2mara Municipal de Santana da Vargem (referente a janeiro/2021). A planilha demonstra a movimenta\u00e7\u00e3o financeira de cada entrada e de cada sa\u00edda do caixa (em R$) e o respectivo impacto percentual de cada uma delas sobre o or\u00e7amento do Poder Legislativo para o ano 2021 (R$ 1.193.000,00). Tal documento \u00e9 base para a elabora\u00e7\u00e3o dos relat\u00f3rios de controle interno e dever\u00e1 ser publicado no site institucional, conforme determina o art. 48, \u00a7 1\u00ba, inciso II da Lei Complementar n\u00ba 101/2000 (Lei de Responsabilidade Fiscal). Protocolo n\u00ba 1.542/2021."}, {"id": "3315", "ano": "2021", "numero": "1", "tipo__sigla": "CHPA", "tipo__descricao": "CHAPA DE COMPOSI\u00c7\u00c3O DA MESA DIRETORA", "assunto": "Chapa da Mesa Diretora para o ano de 2022, composi\u00e7\u00e3o: Luiz Felipe Mendon\u00e7a Rodrigues, Maria Aparecida de Ara\u00fajo Reis, Silmara Girlaine Hon\u00f3rio e Walter Silva"}, {"id": "3635", "ano": "2021", "numero": "1", "tipo__sigla": "CO", "tipo__descricao": "Convite", "assunto": "Convite para participar da Palestra Educativa alusiva ao \"Outubro Rosa\" no dia 07 de outubro de 2021 \u00e0s 14h no Centro Reviver"}, {"id": "3827", "ano": "2021", "numero": "1", "tipo__sigla": "ATACP", "tipo__descricao": "Ata das Comiss\u00f5es Permanentes", "assunto": "Ata da reuni\u00e3o da comiss\u00e3o de obras, servi\u00e7os p\u00fablicos, agroind\u00fastria, com\u00e9rcio e turismo (15/06/2021 \u00e0s 15:30)"}, {"id": "2108", "ano": "2021", "numero": "2", "tipo__sigla": "OCI", "tipo__descricao": "Of\u00edcios da Controladoria Interna", "assunto": "Pagamento de di\u00e1rias."}, {"id": "2117", "ano": "2021", "numero": "2", "tipo__sigla": "OFEXP", "tipo__descricao": "Of\u00edcio Expedido", "assunto": "Resposta ao of\u00edcio 01 do Controle Interno Legislativo - Solicita que o setor fa\u00e7a explica\u00e7\u00e3o da mat\u00e9ria na pr\u00f3xima sess\u00e3o ordin\u00e1ria."}, {"id": "2120", "ano": "2021", "numero": "2", "tipo__sigla": "AAPOS", "tipo__descricao": "Atas de audi\u00eancia p\u00fablica e outras sess\u00f5es", "assunto": "Ata sess\u00e3o solene de instala\u00e7\u00e3o e posse, 01/01/2021."}, {"id": "2125", "ano": "2021", "numero": "2", "tipo__sigla": "OR", "tipo__descricao": "OF\u00cdCIOS RECEBIDOS", "assunto": "Edital de convoca\u00e7\u00e3o de conselheiro tutelar suplente"}, {"id": "2126", "ano": "2021", "numero": "2", "tipo__sigla": "DA", "tipo__descricao": "Documento Avulso", "assunto": "Encaminhar para conhecimento da Comiss\u00e3o de Licita\u00e7\u00e3o e Controle Interno"}, {"id": "2128", "ano": "2021", "numero": "2", "tipo__sigla": "MEM", "tipo__descricao": "Memorando", "assunto": "Solicita\u00e7\u00e3o de contrata\u00e7\u00e3o de servi\u00e7os de energia el\u00e9trica"}, {"id": "2134", "ano": "2021", "numero": "2", "tipo__sigla": "OVC", "tipo__descricao": "Of\u00edcio de Vereador/Comiss\u00e3o", "assunto": "Solicita\u00e7\u00e3o de informa\u00e7\u00f5es acerca do hor\u00e1rio de funcionamento do banco."}, {"id": "2139", "ano": "2021", "numero": "2", "tipo__sigla": "AT", "tipo__descricao": "ATESTADO", "assunto": "Exame admissional Kainne-Atestado de sa\u00fade ocupacional"}, {"id": "2162", "ano": "2021", "numero": "2", "tipo__sigla": "ATACL", "tipo__descricao": "Ata da Comiss\u00e3o de Licita\u00e7\u00e3o", "assunto": "Ata processo licitat\u00f3rio 002/2021 para contrata\u00e7\u00e3o de empresa especializada em fornecimento de energia el\u00e9trica"}, {"id": "2174", "ano": "2021", "numero": "2", "tipo__sigla": "OFP", "tipo__descricao": "Of\u00edcio da Procuradoria", "assunto": "Solicita a execu\u00e7\u00e3o do trabalho por home office durante a vig\u00eancia da portaria do Legislativo n\u00ba 15 de 18 de janeiro de 2021."}, {"id": "2184", "ano": "2021", "numero": "2", "tipo__sigla": "ODC", "tipo__descricao": "Of\u00edcio/documento Cont\u00e1bil", "assunto": "Resposta ao of\u00edcio protocolado pelo cidad\u00e3o Agnei solicitando informa\u00e7\u00f5es e documentos cont\u00e1beis"}, {"id": "2186", "ano": "2021", "numero": "2", "tipo__sigla": "REV", "tipo__descricao": "Relat\u00f3rios de rodagem do ve\u00edculo e outros", "assunto": "Levar a Diretora para colher assinaturas da presidente"}, {"id": "2187", "ano": "2021", "numero": "2", "tipo__sigla": "PARE", "tipo__descricao": "PARECER", "assunto": "Parecer sobre a Inexigibilidade da contrata\u00e7\u00e3o dos servi\u00e7os de \u00e1gua e esgoto.  Processo Licitat\u00f3rio n\u00ba 01/2021."}, {"id": "2228", "ano": "2021", "numero": "2", "tipo__sigla": "RCI", "tipo__descricao": "Relat\u00f3rios da Controladoria Interna", "assunto": "Relat\u00f3rio de frequ\u00eancia de vereadores (23/12/2020 a 22/01/2021)."}, {"id": "2268", "ano": "2021", "numero": "2", "tipo__sigla": "ARO", "tipo__descricao": "ATAS DAS REUNI\u00d5ES ORDIN\u00c1RIAS", "assunto": "Ata da 2\u00aa reuni\u00e3o ordin\u00e1ria realizada no dia 12 de janeiro de 2021"}, {"id": "2271", "ano": "2021", "numero": "2", "tipo__sigla": "DMP", "tipo__descricao": "Documentos de tribunais e do Minist\u00e9rio P\u00fablico", "assunto": "Requisita documentos procedimento preparat\u00f3rio n\u00b0 MPMG-0694.20.00243-4"}, {"id": "2298", "ano": "2021", "numero": "2", "tipo__sigla": "DEC", "tipo__descricao": "Declara\u00e7\u00e3o", "assunto": "Declara\u00e7\u00e3o de comparecimento na Assembleia Legislativa em 04/02/2021"}, {"id": "2300", "ano": "2021", "numero": "2", "tipo__sigla": "DD", "tipo__descricao": "Documentos da Diretoria", "assunto": "Solicita informa\u00e7\u00f5es ao setor cont\u00e1bil"}, {"id": "2646", "ano": "2021", "numero": "2", "tipo__sigla": "AREO", "tipo__descricao": "ATAS DAS REUNI\u00d5ES EXTRAORDIN\u00c1RIAS", "assunto": "Ata da 2\u00aa reuni\u00e3o extraordin\u00e1ria realizada por v\u00eddeo confer\u00eancia no dia vinte e cinco de mar\u00e7o de dois mil e vinte e um"}, {"id": "2655", "ano": "2021", "numero": "2", "tipo__sigla": "REDF", "tipo__descricao": "Reda\u00e7\u00e3o Final", "assunto": "REDA\u00c7\u00c3O FINAL PROJETO DE LEI 19/2021.\r\nCRIA O CONSELHO MUNICIPAL DE TURISMO, O FUNDO MUNICIPAL DE TURISMO E D\u00c1 OUTRAS PROVID\u00caNCIAS;"}, {"id": "2776", "ano": "2021", "numero": "2", "tipo__sigla": "ED", "tipo__descricao": "Edital", "assunto": "EDITAL DE PREG\u00c3O PRESENCIAL N\u00ba 001/2021"}, {"id": "2853", "ano": "2021", "numero": "2", "tipo__sigla": "CTCE", "tipo__descricao": "Correspond\u00eancias do Tribunal de Contas de MG", "assunto": "Comunica que foi emitido o parecer pr\u00e9vio sobre as contas do Munic\u00edpio de Santana da Vargem"}, {"id": "2906", "ano": "2021", "numero": "2", "tipo__sigla": "CERT", "tipo__descricao": "CERTIFICADO", "assunto": "306\u00ba Curso de Capacita\u00e7\u00e3o com o tema: \"Esquematiza\u00e7\u00e3o da lei de diretrizes or\u00e7ament\u00e1rias (LDO) 2021\" realizado no per\u00edodo de 18 a 21 de maio de 2021, no Audit\u00f3rio do Hotel Normandy, na cidade de Belo Horizonte-MG"}, {"id": "2992", "ano": "2021", "numero": "2", "tipo__sigla": "DI", "tipo__descricao": "Di\u00e1rias e documentos relativos", "assunto": "REQUERIMENTO DE CONCESS\u00c3O DE DI\u00c1RIAS AO MOTORISTA"}, {"id": "3140", "ano": "2021", "numero": "2", "tipo__sigla": "DDCI", "tipo__descricao": "Documentos Diversos da Controladoria Interna", "assunto": "Movimenta\u00e7\u00e3o Resumida da Conta Corrente de titularidade da C\u00e2mara Municipal de Santana da Vargem (referente a janeiro/2021). A planilha demonstra a movimenta\u00e7\u00e3o financeira de cada entrada e de cada sa\u00edda do caixa (em R$) e o respectivo impacto percentual de cada uma delas sobre o or\u00e7amento do Poder Legislativo para o ano 2021 (R$ 1.193.000,00). Tal documento \u00e9 base para a elabora\u00e7\u00e3o dos relat\u00f3rios de controle interno e dever\u00e1 ser publicado no site institucional, conforme determina o art. 48, \u00a7 1\u00ba, inciso II da Lei Complementar n\u00ba 101/2000 (Lei de Responsabilidade Fiscal). Protocolo n\u00ba 1.543/2021."}, {"id": "3197", "ano": "2021", "numero": "2", "tipo__sigla": "SO", "tipo__descricao": "SOLICITA\u00c7\u00c3O", "assunto": "Solicita c\u00f3pia das fichas financeiras de todos os per\u00edodos que exerceu o mandato de Vereador Municipal"}, {"id": "3307", "ano": "2021", "numero": "2", "tipo__sigla": "JUST", "tipo__descricao": "Justificativas", "assunto": "Justifica que Ruiter Silva de Oliveira e Kainne Delfino Joanas esqueceram de marcar o ponto de chegada do almo\u00e7o , por\u00e9m estiveram presentes durante toda a tarde na C\u00e2mara Municipal"}, {"id": "3309", "ano": "2021", "numero": "2", "tipo__sigla": "COMDE", "tipo__descricao": "COMUNICADO/DESPACHO", "assunto": "Convoca para Reuni\u00e3o Extraordin\u00e1ria \u00e0s 18:00 horas do dia 13 de agosto de 2021 no  Plen\u00e1rio da C\u00e2mara Municipal"}, {"id": "3750", "ano": "2021", "numero": "2", "tipo__sigla": "CO", "tipo__descricao": "Convite", "assunto": "Convite para  participar da passeata em prol a campanha de preven\u00e7\u00e3o do C\u00e2ncer de mama no dia 22/10/2021 as 8:00 h"}, {"id": "4785", "ano": "2021", "numero": "2", "tipo__sigla": "IN", "tipo__descricao": "Instru\u00e7\u00e3o Normativa", "assunto": "Instru\u00e7\u00e3o Normativa n\u00ba02/2021-Disp\u00f5e sobre o procedimento administrativo para a solicita\u00e7\u00e3o, a concess\u00e3o e a presta\u00e7\u00e3o de contas dos recebimentos de valores a titulo de di\u00e1rias, no \u00e2mbito do Poder Legislativo do Munic\u00edpio de Santana da Vargem/MG."}, {"id": "2109", "ano": "2021", "numero": "3", "tipo__sigla": "OCI", "tipo__descricao": "Of\u00edcios da Controladoria Interna", "assunto": "Controle de assiduidade."}, {"id": "2118", "ano": "2021", "numero": "3", "tipo__sigla": "OFEXP", "tipo__descricao": "Of\u00edcio Expedido", "assunto": "Resposta ao of\u00edcio do Controle Interno Legislativo - Solicita an\u00e1lise da lei de di\u00e1ria e sugest\u00e3o de melhoria."}, {"id": "2129", "ano": "2021", "numero": "3", "tipo__sigla": "MEM", "tipo__descricao": "Memorando", "assunto": "Solicita\u00e7\u00e3o de contrata\u00e7\u00e3o de servi\u00e7os de telefonia fixa"}, {"id": "2135", "ano": "2021", "numero": "3", "tipo__sigla": "DA", "tipo__descricao": "Documento Avulso", "assunto": "Recurso ordin\u00e1rio Material de Consumo"}, {"id": "2141", "ano": "2021", "numero": "3", "tipo__sigla": "OR", "tipo__descricao": "OF\u00cdCIOS RECEBIDOS", "assunto": "Requerimento de certid\u00e3o informando cargo e tempo trabalhado"}, {"id": "2143", "ano": "2021", "numero": "3", "tipo__sigla": "AT", "tipo__descricao": "ATESTADO", "assunto": "Atesta que Larissa Oliveira Naves esteve sob tratamento m\u00e9dico no dia 11-01-2021"}, {"id": "2146", "ano": "2021", "numero": "3", "tipo__sigla": "OVC", "tipo__descricao": "Of\u00edcio de Vereador/Comiss\u00e3o", "assunto": "Convoca Reuni\u00e3o da Comiss\u00e3o de Legisla\u00e7\u00e3o Justi\u00e7a e Reda\u00e7\u00e3o Final."}, {"id": "2185", "ano": "2021", "numero": "3", "tipo__sigla": "ODC", "tipo__descricao": "Of\u00edcio/documento Cont\u00e1bil", "assunto": "Solicita\u00e7\u00e3o para trabalho home office"}, {"id": "2189", "ano": "2021", "numero": "3", "tipo__sigla": "PARE", "tipo__descricao": "PARECER", "assunto": "Parecer Jur\u00eddico - Contrata\u00e7\u00e3o de servi\u00e7o de energia el\u00e9trica- Inexigibilidade - Processo Licitat\u00f3rio n\u00ba 02/2021."}, {"id": "2196", "ano": "2021", "numero": "3", "tipo__sigla": "REV", "tipo__descricao": "Relat\u00f3rios de rodagem do ve\u00edculo e outros", "assunto": "Levar funcion\u00e1rio Ruiter e Diretora kainne em Tr\u00eas Pontas na RR Inform\u00e1tica e CEMIG  em 21-01-2021"}, {"id": "2214", "ano": "2021", "numero": "3", "tipo__sigla": "ATACL", "tipo__descricao": "Ata da Comiss\u00e3o de Licita\u00e7\u00e3o", "assunto": "Ata da comiss\u00e3o de licita\u00e7\u00e3o para delibera\u00e7\u00e3o de assuntos propostos no of\u00edcio n\u00b0 001/2021"}, {"id": "2215", "ano": "2021", "numero": "3", "tipo__sigla": "OFP", "tipo__descricao": "Of\u00edcio da Procuradoria", "assunto": "Solicita forma\u00e7\u00e3o da comiss\u00e3o de avalia\u00e7\u00e3o para verifica\u00e7\u00e3o da obten\u00e7\u00e3o de promo\u00e7\u00e3o na carreira - Acesso."}, {"id": "2273", "ano": "2021", "numero": "3", "tipo__sigla": "DMP", "tipo__descricao": "Documentos de tribunais e do Minist\u00e9rio P\u00fablico", "assunto": "Requisita documentos Inqu\u00e9rito Civil n\u00b0 MPMG-0694.18.000185-1"}, {"id": "2315", "ano": "2021", "numero": "3", "tipo__sigla": "DEC", "tipo__descricao": "Declara\u00e7\u00e3o", "assunto": "Declara\u00e7\u00e3o"}, {"id": "2324", "ano": "2021", "numero": "3", "tipo__sigla": "DD", "tipo__descricao": "Documentos da Diretoria", "assunto": "Solicita cadastro na matricula 116"}, {"id": "2352", "ano": "2021", "numero": "3", "tipo__sigla": "ARO", "tipo__descricao": "ATAS DAS REUNI\u00d5ES ORDIN\u00c1RIAS", "assunto": "Ata da 3\u00aa reuni\u00e3o ordin\u00e1ria realizada no dia dois de fevereiro de dois mil e vinte e um"}, {"id": "2362", "ano": "2021", "numero": "3", "tipo__sigla": "RCI", "tipo__descricao": "Relat\u00f3rios da Controladoria Interna", "assunto": "Resumo das atividades de controle desenvolvidas no m\u00eas de janeiro de 2021."}, {"id": "2657", "ano": "2021", "numero": "3", "tipo__sigla": "AREO", "tipo__descricao": "ATAS DAS REUNI\u00d5ES EXTRAORDIN\u00c1RIAS", "assunto": "Ata da 3\u00aa reuni\u00e3o extraordin\u00e1ria realizada por v\u00eddeo confer\u00eancia no dia vinte e seis de mar\u00e7o de dois mil e vinte e um"}, {"id": "2697", "ano": "2021", "numero": "3", "tipo__sigla": "REDF", "tipo__descricao": "Reda\u00e7\u00e3o Final", "assunto": "Reda\u00e7\u00e3o final projeto de lei 09/2021: \"Altera o artigo 1\u00ba da Lei Municipal 1.118, de 11 de fevereiro de 2009, que autoriza o Munic\u00edpio de Santana da Vargem a participar do Cons\u00f3rcio Intermunicipal de Sa\u00fade Sulmineiro- CISSUL e revoga a Lei Municipal 1.468, de 12 de novembro de 2018 e d\u00e1 outras provid\u00eancias"}, {"id": "2869", "ano": "2021", "numero": "3", "tipo__sigla": "CTCE", "tipo__descricao": "Correspond\u00eancias do Tribunal de Contas de MG", "assunto": "Of\u00edcio 405/2021 Minist\u00e9rio P\u00fablico de Contas do Estado de Minas Gerais"}, {"id": "2907", "ano": "2021", "numero": "3", "tipo__sigla": "CERT", "tipo__descricao": "CERTIFICADO", "assunto": "306\u00ba Curso de Capacita\u00e7\u00e3o com o tema: \"Esquematiza\u00e7\u00e3o da lei de diretrizes or\u00e7ament\u00e1rias (LDO) 2021\" realizado no per\u00edodo de 18 a 21 de maio de 2021, no Audit\u00f3rio do Hotel Normandy, na cidade de Belo Horizonte-MG"}, {"id": "3013", "ano": "2021", "numero": "3", "tipo__sigla": "DI", "tipo__descricao": "Di\u00e1rias e documentos relativos", "assunto": "Requerimento de concess\u00e3o de di\u00e1rias adiantadas"}, {"id": "3141", "ano": "2021", "numero": "3", "tipo__sigla": "DDCI", "tipo__descricao": "Documentos Diversos da Controladoria Interna", "assunto": "Movimenta\u00e7\u00e3o Acumulada da Conta Corrente de titularidade da C\u00e2mara Municipal de Santana da Vargem (referente apenas a janeiro/2021). A planilha demonstra a movimenta\u00e7\u00e3o financeira de cada entrada e de cada sa\u00edda do caixa (em R$) e o respectivo impacto percentual de cada uma delas sobre o or\u00e7amento do Poder Legislativo para o ano 2021 (R$ 1.193.000,00). Tal documento \u00e9 base para a elabora\u00e7\u00e3o dos relat\u00f3rios de controle interno e dever\u00e1 ser publicado no site institucional, conforme determina o art. 48, \u00a7 1\u00ba, inciso II da Lei Complementar n\u00ba 101/2000 (Lei de Responsabilidade Fiscal). Protocolo n\u00ba 1.544/2021."}, {"id": "3464", "ano": "2021", "numero": "3", "tipo__sigla": "COMDE", "tipo__descricao": "COMUNICADO/DESPACHO", "assunto": "Convoca para reuni\u00e3o extraordin\u00e1ria no dia 09/09/2021 \u00e0s 18:30 com a finalidade de vota\u00e7\u00e3o dos projetos: 38/2021, 42/2021, 46/2021, 48/2021, 49/2021"}, {"id": "3509", "ano": "2021", "numero": "3", "tipo__sigla": "ED", "tipo__descricao": "Edital", "assunto": "aquisi\u00e7\u00e3o de produtos de panifica\u00e7\u00e3o, leite e derivados"}, {"id": "3535", "ano": "2021", "numero": "3", "tipo__sigla": "JUST", "tipo__descricao": "Justificativas", "assunto": "Justificativa de aus\u00eancia de marca\u00e7\u00e3o de ponto eletr\u00f4nico Larissa Oliveira Naves 17/09/2021 \u00e0s 17:00 horas"}, {"id": "3649", "ano": "2021", "numero": "3", "tipo__sigla": "SO", "tipo__descricao": "SOLICITA\u00c7\u00c3O", "assunto": "Solicita\u00e7\u00e3o do mun\u00edcipe Joaquim Luiz Ara\u00fajo- tomada de provid\u00eancias quanto aos carrapatos"}, {"id": "3983", "ano": "2021", "numero": "3", "tipo__sigla": "CO", "tipo__descricao": "Convite", "assunto": "Convite confer\u00eancia municipal de educa\u00e7\u00e3o 26/11/2021 8h \u00e0s 17 h"}, {"id": "4078", "ano": "2021", "numero": "3", "tipo__sigla": "AAPOS", "tipo__descricao": "Atas de audi\u00eancia p\u00fablica e outras sess\u00f5es", "assunto": "Ata da audi\u00eancia p\u00fablica da C\u00e2mara Municipal de Santana da Vargem realizada no dia 16 de dezembro de 2021"}, {"id": "2110", "ano": "2021", "numero": "4", "tipo__sigla": "OCI", "tipo__descricao": "Of\u00edcios da Controladoria Interna", "assunto": "Problema e poss\u00edvel solu\u00e7\u00e3o para a urg\u00eancia de procedimentos licitat\u00f3rios."}, {"id": "2119", "ano": "2021", "numero": "4", "tipo__sigla": "OFEXP", "tipo__descricao": "Of\u00edcio Expedido", "assunto": "Resposta ao controle interno - Folha de pagamento, hor\u00e1rio de funcionamento, permiss\u00e3o de horas extras, banco de horas."}, {"id": "2130", "ano": "2021", "numero": "4", "tipo__sigla": "MEM", "tipo__descricao": "Memorando", "assunto": "Solicita\u00e7\u00e3o de contrata\u00e7\u00e3o de empresa especializada para fornecimento de sistema informatizado de gest\u00e3o p\u00fablica"}, {"id": "2136", "ano": "2021", "numero": "4", "tipo__sigla": "DA", "tipo__descricao": "Documento Avulso", "assunto": "Recurso Ordin\u00e1rio Outros Serv."}, {"id": "2145", "ano": "2021", "numero": "4", "tipo__sigla": "OR", "tipo__descricao": "OF\u00cdCIOS RECEBIDOS", "assunto": "Solicita esclarecimentos dos vereadores Luiz Felipe Mendon\u00e7a Rodrigues e Expedito Alves de Oliveira sobre not\u00edcia de fato"}, {"id": "2147", "ano": "2021", "numero": "4", "tipo__sigla": "OVC", "tipo__descricao": "Of\u00edcio de Vereador/Comiss\u00e3o", "assunto": "Solicita informa\u00e7\u00f5es ao Prefeito informa\u00e7\u00f5es a respeito dos terrenos doados"}, {"id": "2190", "ano": "2021", "numero": "4", "tipo__sigla": "ODC", "tipo__descricao": "Of\u00edcio/documento Cont\u00e1bil", "assunto": "Solicita certificado digital, CNPJ da C\u00e2mara"}, {"id": "2197", "ano": "2021", "numero": "4", "tipo__sigla": "REV", "tipo__descricao": "Relat\u00f3rios de rodagem do ve\u00edculo e outros", "assunto": "Levar funcion\u00e1ria Alanis nos com\u00e9rcios em Santana da Vargem para colher or\u00e7amentos em 21-01-2021"}, {"id": "2230", "ano": "2021", "numero": "4", "tipo__sigla": "OFP", "tipo__descricao": "Of\u00edcio da Procuradoria", "assunto": "Resposta ao of\u00edcio 19 da Presid\u00eancia - Memorando 11 e 12 da Diretoria - Orienta\u00e7\u00f5es."}, {"id": "2236", "ano": "2021", "numero": "4", "tipo__sigla": "PARE", "tipo__descricao": "PARECER", "assunto": "Parecer Jur\u00eddico - Projeto de Lei Ordin\u00e1ria 02-2021 - Abertura de Cr\u00e9dito Adicional Especial por Super\u00e1vit Financeiro - R$ 164.718,00 (cento e sessenta e quatro mil setecentos e dezoito reais)."}, {"id": "2274", "ano": "2021", "numero": "4", "tipo__sigla": "DMP", "tipo__descricao": "Documentos de tribunais e do Minist\u00e9rio P\u00fablico", "assunto": "Requisita informa\u00e7\u00f5es/documentos inqu\u00e9rito civil n\u00ba MPMG-0694.18.00364-2"}, {"id": "2351", "ano": "2021", "numero": "4", "tipo__sigla": "DD", "tipo__descricao": "Documentos da Diretoria", "assunto": "Repassa a execu\u00e7\u00e3o do sistema de ponto eletr\u00f4nico dos servidores desta C\u00e2mara Municipal ao t\u00e9cnico cont\u00e1bil"}, {"id": "2394", "ano": "2021", "numero": "4", "tipo__sigla": "ARO", "tipo__descricao": "ATAS DAS REUNI\u00d5ES ORDIN\u00c1RIAS", "assunto": "Ata da 4\u00aa reuni\u00e3o ordin\u00e1ria realizada no dia nove de fevereiro de dois mil e vinte e um"}, {"id": "2415", "ano": "2021", "numero": "4", "tipo__sigla": "AT", "tipo__descricao": "ATESTADO", "assunto": "Atesta que Larissa Oliveira Naves acompanhou sua filha Elis Oliveira Naves em consulta m\u00e9dica em 23-01-2021 no per\u00edodo matutino"}, {"id": "2434", "ano": "2021", "numero": "4", "tipo__sigla": "RCI", "tipo__descricao": "Relat\u00f3rios da Controladoria Interna", "assunto": "Ponto eletr\u00f4nico dos servidores referente a fevereiro de 2021. N\u00e3o foi poss\u00edvel emitir o relat\u00f3rio regularmente."}, {"id": "2656", "ano": "2021", "numero": "4", "tipo__sigla": "AREO", "tipo__descricao": "ATAS DAS REUNI\u00d5ES EXTRAORDIN\u00c1RIAS", "assunto": "Ata da 4\u00aa reuni\u00e3o extraordin\u00e1ria realizada por v\u00eddeo confer\u00eancia no dia vinte e nove de mar\u00e7o de dois mil e vinte e um"}, {"id": "2659", "ano": "2021", "numero": "4", "tipo__sigla": "DEC", "tipo__descricao": "Declara\u00e7\u00e3o", "assunto": "Declara\u00e7\u00e3o anual de bens e valores da servidora Larissa Oliveira Naves, protocolada em 31 de mar\u00e7o de 2021"}, {"id": "2698", "ano": "2021", "numero": "4", "tipo__sigla": "REDF", "tipo__descricao": "Reda\u00e7\u00e3o Final", "assunto": "Reda\u00e7\u00e3o final projeto de lei 01/2021: \"Altera a Lei Municipal 1.494, de 20 de Agosto de 2019 que autoriza filia\u00e7\u00e3o ao CISLAGOS- Cons\u00f3rcio Intermunicipal de Sa\u00fade da Regi\u00e3o dos Lagos do Sul de Minas\""}, {"id": "2835", "ano": "2021", "numero": "4", "tipo__sigla": "ATACL", "tipo__descricao": "Ata da Comiss\u00e3o de Licita\u00e7\u00e3o", "assunto": "Ata da sess\u00e3o de preg\u00e3o n\u00famero 001/2021 para aquisi\u00e7\u00e3o de produtos de panifica\u00e7\u00e3o, leite e derivados, 14/05/2021."}, {"id": "2870", "ano": "2021", "numero": "4", "tipo__sigla": "CTCE", "tipo__descricao": "Correspond\u00eancias do Tribunal de Contas de MG", "assunto": "Of\u00edcio 116/2021 Minist\u00e9rio P\u00fablico de Contas do Estado de Minas Gerais"}, {"id": "3014", "ano": "2021", "numero": "4", "tipo__sigla": "DI", "tipo__descricao": "Di\u00e1rias e documentos relativos", "assunto": "Requerimento de concess\u00e3o de di\u00e1rias adiantadas"}, {"id": "3057", "ano": "2021", "numero": "4", "tipo__sigla": "CERT", "tipo__descricao": "CERTIFICADO", "assunto": "Certificado por participar do curso nova lei de licita\u00e7\u00f5es, que foi realizado nos dias 23 a 25 de junho de 2021"}, {"id": "3142", "ano": "2021", "numero": "4", "tipo__sigla": "DDCI", "tipo__descricao": "Documentos Diversos da Controladoria Interna", "assunto": "Movimenta\u00e7\u00e3o Detalhada da Conta Corrente de titularidade da C\u00e2mara Municipal de Santana da Vargem (referente a fevereiro/2021). A planilha demonstra a movimenta\u00e7\u00e3o financeira de cada entrada e de cada sa\u00edda do caixa (em R$) e o respectivo impacto percentual de cada uma delas sobre o or\u00e7amento do Poder Legislativo para o ano 2021 (R$ 1.193.000,00). Tal documento \u00e9 base para a elabora\u00e7\u00e3o dos relat\u00f3rios de controle interno e dever\u00e1 ser publicado no site institucional, conforme determina o art. 48, \u00a7 1\u00ba, inciso II da Lei Complementar n\u00ba 101/2000 (Lei de Responsabilidade Fiscal). Protocolo n\u00ba 1.545/2021."}, {"id": "3536", "ano": "2021", "numero": "4", "tipo__sigla": "JUST", "tipo__descricao": "Justificativas", "assunto": "Justificativa de aus\u00eancia de marca\u00e7\u00e3o de ponto eletr\u00f4nico Cleber de Brito 25/08/2021 sa\u00edda"}, {"id": "3601", "ano": "2021", "numero": "4", "tipo__sigla": "COMDE", "tipo__descricao": "COMUNICADO/DESPACHO", "assunto": "Convoca para Reuni\u00e3o Extraordin\u00e1ria \u00e0s 20:00 h do dia 05 de outubro de 2021, no Plen\u00e1rio da C\u00e2mara Municipal de Santana da Vargem"}, {"id": "3860", "ano": "2021", "numero": "4", "tipo__sigla": "ED", "tipo__descricao": "Edital", "assunto": "Edital para aquisi\u00e7\u00e3o de arm\u00e1rios, mesas e cadeiras"}, {"id": "3984", "ano": "2021", "numero": "4", "tipo__sigla": "CO", "tipo__descricao": "Convite", "assunto": "Convite para Audi\u00eancia P\u00fablica do Plano de Saneamento B\u00e1sico de Santana da Vargem 26/11/2021 \u00e0s 18h"}, {"id": "2113", "ano": "2021", "numero": "5", "tipo__sigla": "OCI", "tipo__descricao": "Of\u00edcios da Controladoria Interna", "assunto": "Declara\u00e7\u00e3o de bens devido ao in\u00edcio do exerc\u00edcio de cargo p\u00fablico."}, {"id": "2121", "ano": "2021", "numero": "5", "tipo__sigla": "OFEXP", "tipo__descricao": "Of\u00edcio Expedido", "assunto": "Resposta ao controle interno - Cria\u00e7\u00e3o de cargo para auxiliar o setor de compras."}, {"id": "2132", "ano": "2021", "numero": "5", "tipo__sigla": "MEM", "tipo__descricao": "Memorando", "assunto": "contrata\u00e7\u00e3o de servi\u00e7os de internet"}, {"id": "2137", "ano": "2021", "numero": "5", "tipo__sigla": "DA", "tipo__descricao": "Documento Avulso", "assunto": "Recurso Ordin\u00e1rio Serv. TI"}, {"id": "2159", "ano": "2021", "numero": "5", "tipo__sigla": "OVC", "tipo__descricao": "Of\u00edcio de Vereador/Comiss\u00e3o", "assunto": "Convoca Reuni\u00e3o da Comiss\u00e3o de Finan\u00e7as e Or\u00e7amento."}, {"id": "2165", "ano": "2021", "numero": "5", "tipo__sigla": "OR", "tipo__descricao": "OF\u00cdCIOS RECEBIDOS", "assunto": "Solicita informa\u00e7\u00f5es e documentos"}, {"id": "2193", "ano": "2021", "numero": "5", "tipo__sigla": "ODC", "tipo__descricao": "Of\u00edcio/documento Cont\u00e1bil", "assunto": "Declara que em 19/01/2021 n\u00e3o fechou o ponto e saiu \u00e0s 12:35"}, {"id": "2210", "ano": "2021", "numero": "5", "tipo__sigla": "REV", "tipo__descricao": "Relat\u00f3rios de rodagem do ve\u00edculo e outros", "assunto": "Levar funcion\u00e1ria Alanis para colher cota\u00e7\u00e3o nos mercados locais"}, {"id": "2237", "ano": "2021", "numero": "5", "tipo__sigla": "PARE", "tipo__descricao": "PARECER", "assunto": "Parecer Jur\u00eddico - Projeto de Lei Ordin\u00e1ria n\u00ba 03 - 2021 - Solicita autoriza\u00e7\u00e3o para abertura de cr\u00e9dito adicional suplementar por excesso de arrecada\u00e7\u00e3o e super\u00e1vit prim\u00e1rio."}, {"id": "2252", "ano": "2021", "numero": "5", "tipo__sigla": "OFP", "tipo__descricao": "Of\u00edcio da Procuradoria", "assunto": "Resposta ao of\u00edcio n\u00ba 24 do Controle Interno da C\u00e2mara - Verifica\u00e7\u00e3o da possibilidade da aplica\u00e7\u00e3o do Decreto Federal n\u00ba 1.590/95 ao cargo de Diretor - Possibilidade de dispensa de efetivar o controle de frequ\u00eancia."}, {"id": "2275", "ano": "2021", "numero": "5", "tipo__sigla": "DMP", "tipo__descricao": "Documentos de tribunais e do Minist\u00e9rio P\u00fablico", "assunto": "Not\u00edcia de que a Lei complementar n\u00b0 06/2017, sancionada pelo Munic\u00edpio de Santana da Vargem teria sido editadas para fins de \"apadrinhamento pol\u00edtico\""}, {"id": "2304", "ano": "2021", "numero": "5", "tipo__sigla": "DPA", "tipo__descricao": "Documento de Processo Administrativo", "assunto": "Contrata\u00e7\u00e3o de empresa especializada em presta\u00e7\u00e3o de servi\u00e7o de acesso a internet"}, {"id": "2373", "ano": "2021", "numero": "5", "tipo__sigla": "DD", "tipo__descricao": "Documentos da Diretoria", "assunto": "Solicita abertura de processo licitat\u00f3rio objetivando a aquisi\u00e7\u00e3o de material de expediente"}, {"id": "2445", "ano": "2021", "numero": "5", "tipo__sigla": "RCI", "tipo__descricao": "Relat\u00f3rios da Controladoria Interna", "assunto": "Relat\u00f3rio de frequ\u00eancia dos vereadores \u00e0s reuni\u00f5es ordin\u00e1rias e extraordin\u00e1rias (per\u00edodo de apura\u00e7\u00e3o: 23/01 a 22/02/2021)."}, {"id": "2465", "ano": "2021", "numero": "5", "tipo__sigla": "ARO", "tipo__descricao": "ATAS DAS REUNI\u00d5ES ORDIN\u00c1RIAS", "assunto": "Ata da 5\u00aa reuni\u00e3o ordin\u00e1ria realizada no dia 02 de mar\u00e7o de 2021"}, {"id": "2466", "ano": "2021", "numero": "5", "tipo__sigla": "AT", "tipo__descricao": "ATESTADO", "assunto": "ATESTADO MEDICO"}, {"id": "2660", "ano": "2021", "numero": "5", "tipo__sigla": "DEC", "tipo__descricao": "Declara\u00e7\u00e3o", "assunto": "Declara\u00e7\u00e3o anual de bens e valores do servidor Ruiter Silva de Oliveira, protocolado no dia 31 de mar\u00e7o de 2021"}, {"id": "2699", "ano": "2021", "numero": "5", "tipo__sigla": "REDF", "tipo__descricao": "Reda\u00e7\u00e3o Final", "assunto": "Reda\u00e7\u00e3o final projeto de lei 07/2021: \"Institui o Programa de Recupera\u00e7\u00e3o de Cr\u00e9ditos Tribut\u00e1rios- PROREFIS- no \u00e2mbito do Munic\u00edpio de Santana da Vargem e d\u00e1 outras provid\u00eancias"}, {"id": "2736", "ano": "2021", "numero": "5", "tipo__sigla": "AREO", "tipo__descricao": "ATAS DAS REUNI\u00d5ES EXTRAORDIN\u00c1RIAS", "assunto": "Ata da 5\u00aa reuni\u00e3o extraordin\u00e1ria realizada por v\u00eddeo confer\u00eancia no dia oito de abril de dois mil e vinte e um"}, {"id": "2927", "ano": "2021", "numero": "5", "tipo__sigla": "ATACL", "tipo__descricao": "Ata da Comiss\u00e3o de Licita\u00e7\u00e3o", "assunto": "Ata da sess\u00e3o de preg\u00e3o 001/2021 para aquisi\u00e7\u00e3o de produtos de panifica\u00e7\u00e3o, leite e derivados"}, {"id": "3015", "ano": "2021", "numero": "5", "tipo__sigla": "DI", "tipo__descricao": "Di\u00e1rias e documentos relativos", "assunto": "Requerimento de concess\u00e3o de di\u00e1rias adiantadas"}, {"id": "3074", "ano": "2021", "numero": "5", "tipo__sigla": "CERT", "tipo__descricao": "CERTIFICADO", "assunto": "Certifica que Ezequiel da Silva participou do curso Fiscaliza\u00e7\u00e3o dos Atos do Executivo na Pr\u00e1tica: Como Investigar, Denunciar e Punir"}, {"id": "3143", "ano": "2021", "numero": "5", "tipo__sigla": "DDCI", "tipo__descricao": "Documentos Diversos da Controladoria Interna", "assunto": "Movimenta\u00e7\u00e3o Resumida da Conta Corrente de titularidade da C\u00e2mara Municipal de Santana da Vargem (referente a fevereiro/2021). A planilha demonstra a movimenta\u00e7\u00e3o financeira de cada entrada e de cada sa\u00edda do caixa (em R$) e o respectivo impacto percentual de cada uma delas sobre o or\u00e7amento do Poder Legislativo para o ano 2021 (R$ 1.193.000,00). Tal documento \u00e9 base para a elabora\u00e7\u00e3o dos relat\u00f3rios de controle interno e dever\u00e1 ser publicado no site institucional, conforme determina o art. 48, \u00a7 1\u00ba, inciso II da Lei Complementar n\u00ba 101/2000 (Lei de Responsabilidade Fiscal). Protocolo n\u00ba 1.546/2021."}, {"id": "3672", "ano": "2021", "numero": "5", "tipo__sigla": "JUST", "tipo__descricao": "Justificativas", "assunto": "Justificativa de n\u00e3o marca\u00e7\u00e3o de ponto eletr\u00f4nico"}, {"id": "3861", "ano": "2021", "numero": "5", "tipo__sigla": "ED", "tipo__descricao": "Edital", "assunto": "Edital para a aquisi\u00e7\u00e3o de computadores e perif\u00e9ricos"}, {"id": "4024", "ano": "2021", "numero": "5", "tipo__sigla": "COMDE", "tipo__descricao": "COMUNICADO/DESPACHO", "assunto": "Convoca para Reuni\u00e3o Extraordin\u00e1ria as 18:30 do dia 09 de dezembro de 2021 no Plen\u00e1rio da C\u00e2mara Municipal de Santana da Vargem"}, {"id": "2115", "ano": "2021", "numero": "6", "tipo__sigla": "OCI", "tipo__descricao": "Of\u00edcios da Controladoria Interna", "assunto": "Entrega de c\u00f3pia de notas fiscais ao controle interno."}, {"id": "2138", "ano": "2021", "numero": "6", "tipo__sigla": "DA", "tipo__descricao": "Documento Avulso", "assunto": "Demonstrativo da despesa fixada"}, {"id": "2142", "ano": "2021", "numero": "6", "tipo__sigla": "MEM", "tipo__descricao": "Memorando", "assunto": "Solicita\u00e7\u00e3o de assist\u00eancia t\u00e9cnica em notebook, instala\u00e7\u00e3o e funcionamento do Servidor (computador) e contrata\u00e7\u00e3o de servi\u00e7o de backup em nuvem"}, {"id": "2149", "ano": "2021", "numero": "6", "tipo__sigla": "OFEXP", "tipo__descricao": "Of\u00edcio Expedido", "assunto": "Encaminha indica\u00e7\u00e3o 001 feita pela nobre edil Maria Aparecida de Ara\u00fajo Reis"}, {"id": "2163", "ano": "2021", "numero": "6", "tipo__sigla": "OVC", "tipo__descricao": "Of\u00edcio de Vereador/Comiss\u00e3o", "assunto": "Of\u00edcio 004/2021 Luiz Felipe Mendon\u00e7a Reis - Solicita\u00e7\u00e3o"}, {"id": "2170", "ano": "2021", "numero": "6", "tipo__sigla": "OR", "tipo__descricao": "OF\u00cdCIOS RECEBIDOS", "assunto": "Retirada do projeto de Lei 001/2021"}, {"id": "2211", "ano": "2021", "numero": "6", "tipo__sigla": "REV", "tipo__descricao": "Relat\u00f3rios de rodagem do ve\u00edculo e outros", "assunto": "Copasa protocolar documento e na casa do procurador colher documentos"}, {"id": "2239", "ano": "2021", "numero": "6", "tipo__sigla": "PARE", "tipo__descricao": "PARECER", "assunto": "Parecer Jur\u00eddico do Projeto de Lei Ordin\u00e1ria n\u00ba 04 - 2021 - Revoga Lei Municipal n\u00ba 1.468 de 12 de novembro de 2018 e concede efeito repristinat\u00f3rio a Lei Municipal n\u00ba 1.118 de 11 de fevereiro de 2009"}, {"id": "2248", "ano": "2021", "numero": "6", "tipo__sigla": "ODC", "tipo__descricao": "Of\u00edcio/documento Cont\u00e1bil", "assunto": "Impossibilidade do envio dos relat\u00f3rios ao SICOM"}, {"id": "2285", "ano": "2021", "numero": "6", "tipo__sigla": "OFP", "tipo__descricao": "Of\u00edcio da Procuradoria", "assunto": "Resposta ao of\u00edcio 28/2021 da 3\u00b0 Promotoria de Justi\u00e7a da Comarca de Tr\u00eas Pontas"}, {"id": "2331", "ano": "2021", "numero": "6", "tipo__sigla": "DPA", "tipo__descricao": "Documento de Processo Administrativo", "assunto": "Processo Licitat\u00f3rio n\u00ba02/2021: Determina a abertura de Processo Administrativo para contrata\u00e7\u00e3o de empresa especializada em fornecimento de energia el\u00e9trica"}, {"id": "2346", "ano": "2021", "numero": "6", "tipo__sigla": "DMP", "tipo__descricao": "Documentos de tribunais e do Minist\u00e9rio P\u00fablico", "assunto": "Comunica arquivamento- Inqu\u00e9rito Civil n\u00b0 MPMG-0694.19.000289-9"}, {"id": "2398", "ano": "2021", "numero": "6", "tipo__sigla": "DD", "tipo__descricao": "Documentos da Diretoria", "assunto": "of\u00edcio 05/2021 solicita ausentar do servi\u00e7o no dia 26/02/2021"}, {"id": "2448", "ano": "2021", "numero": "6", "tipo__sigla": "RCI", "tipo__descricao": "Relat\u00f3rios da Controladoria Interna", "assunto": "Pontos de ajuste para a proposta de or\u00e7amento parcial do Poder Legislativo, apresentada pelo setor cont\u00e1bil, para o exerc\u00edcio 2022.\r\nResposta para o Of\u00edcio Cont\u00e1bil n\u00ba 19/2021 (ODC 23/2021).\r\nResposta para o Of\u00edcio da Diretoria n\u00ba 07/2021 (DD 08/2021).\r\nEncaminhando para as autoridades gestoras do \u00f3rg\u00e3o, para a contadora e para a comiss\u00e3o de finan\u00e7as e or\u00e7amento."}, {"id": "2500", "ano": "2021", "numero": "6", "tipo__sigla": "ARO", "tipo__descricao": "ATAS DAS REUNI\u00d5ES ORDIN\u00c1RIAS", "assunto": "Ata da 6\u00aa reuni\u00e3o ordin\u00e1ria realizada no dia dois de mar\u00e7o de dois mil e vinte e um"}, {"id": "2501", "ano": "2021", "numero": "6", "tipo__sigla": "AT", "tipo__descricao": "ATESTADO", "assunto": "Atesta que Kainne Delfino Joanas compareceu na unidade no dia 10 de mar\u00e7o de 2021 permanecendo das 07:00 as 9:00"}, {"id": "2661", "ano": "2021", "numero": "6", "tipo__sigla": "DEC", "tipo__descricao": "Declara\u00e7\u00e3o", "assunto": "Declara\u00e7\u00e3o anual de bens e valores do servidor Emerson Silva Ara\u00fajo, protocolada em 31 de mar\u00e7o de 2021"}, {"id": "2707", "ano": "2021", "numero": "6", "tipo__sigla": "REDF", "tipo__descricao": "Reda\u00e7\u00e3o Final", "assunto": "Reda\u00e7\u00e3o Final ao projeto de lei complementar 01/2021: \"Altera o anexo da Lei Municipal 1.083, de 02 de julho de 2008, referente aos requisitos e escolaridades do cargo de operador de m\u00e1quinas pesadas.\""}, {"id": "2793", "ano": "2021", "numero": "6", "tipo__sigla": "AREO", "tipo__descricao": "ATAS DAS REUNI\u00d5ES EXTRAORDIN\u00c1RIAS", "assunto": "Ata da 6\u00aa reuni\u00e3o extraordin\u00e1ria realizada no dia vinte e nove de abril de dois mil e vinte e um"}, {"id": "3016", "ano": "2021", "numero": "6", "tipo__sigla": "DI", "tipo__descricao": "Di\u00e1rias e documentos relativos", "assunto": "Requerimento de concess\u00e3o de di\u00e1rias adiantadas"}, {"id": "3030", "ano": "2021", "numero": "6", "tipo__sigla": "ATACL", "tipo__descricao": "Ata da Comiss\u00e3o de Licita\u00e7\u00e3o", "assunto": "Ata da sess\u00e3o de preg\u00e3o 001-2021 realizada no dia 07 do m\u00eas de junho de dois mil e vinte e um"}, {"id": "3076", "ano": "2021", "numero": "6", "tipo__sigla": "CERT", "tipo__descricao": "CERTIFICADO", "assunto": "Certifica que Maria Aparecida de Araujo Reis participou do curso Fiscaliza\u00e7\u00e3o dos Atos do Executivo na Pr\u00e1tica: Como Investigar, Denunciar e Punir"}, {"id": "3144", "ano": "2021", "numero": "6", "tipo__sigla": "DDCI", "tipo__descricao": "Documentos Diversos da Controladoria Interna", "assunto": "Movimenta\u00e7\u00e3o Acumulada da Conta Corrente de titularidade da C\u00e2mara Municipal de Santana da Vargem (referente a janeiro e a fevereiro/2021). A planilha demonstra a movimenta\u00e7\u00e3o financeira de cada entrada e de cada sa\u00edda do caixa (em R$) e o respectivo impacto percentual de cada uma delas sobre o or\u00e7amento do Poder Legislativo para o ano 2021 (R$ 1.193.000,00). Tal documento \u00e9 base para a elabora\u00e7\u00e3o dos relat\u00f3rios de controle interno e dever\u00e1 ser publicado no site institucional, conforme determina o art. 48, \u00a7 1\u00ba, inciso II da Lei Complementar n\u00ba 101/2000 (Lei de Responsabilidade Fiscal). Protocolo n\u00ba 1.547/2021."}, {"id": "3694", "ano": "2021", "numero": "6", "tipo__sigla": "JUST", "tipo__descricao": "Justificativas", "assunto": "Justificativa de n\u00e3o marca\u00e7\u00e3o de ponto eletr\u00f4nico Ruiter Silva de Oliveira 08/10/2021"}, {"id": "4025", "ano": "2021", "numero": "6", "tipo__sigla": "COMDE", "tipo__descricao": "COMUNICADO/DESPACHO", "assunto": "Convoca\u00e7\u00e3o para Reuni\u00e3o Extraordin\u00e1ria 09/12/2021 18:00h"}, {"id": "2123", "ano": "2021", "numero": "7", "tipo__sigla": "OCI", "tipo__descricao": "Of\u00edcios da Controladoria Interna", "assunto": "Retirada da portaria n\u00ba 03/2021."}, {"id": "2150", "ano": "2021", "numero": "7", "tipo__sigla": "OFEXP", "tipo__descricao": "Of\u00edcio Expedido", "assunto": "Encaminha as indica\u00e7\u00f5es 01, 02 e 03 do nobre edil Luiz Felipe Mendon\u00e7a Rodrigues"}, {"id": "2153", "ano": "2021", "numero": "7", "tipo__sigla": "DA", "tipo__descricao": "Documento Avulso", "assunto": "Declara que a Companhia Energ\u00e9tica de Minas Gerais-CEMIG \u00e9 a \u00fanica distribuidora de energia el\u00e9trica no munic\u00edpio de Santana da Vargem"}, {"id": "2155", "ano": "2021", "numero": "7", "tipo__sigla": "MEM", "tipo__descricao": "Memorando", "assunto": "Aquisi\u00e7\u00e3o de uniformes"}, {"id": "2164", "ano": "2021", "numero": "7", "tipo__sigla": "OVC", "tipo__descricao": "Of\u00edcio de Vereador/Comiss\u00e3o", "assunto": "Of\u00edcio 005/2021  Luiz Felipe Mendon\u00e7a Rodrigues- Solicita\u00e7\u00e3o"}, {"id": "2199", "ano": "2021", "numero": "7", "tipo__sigla": "OR", "tipo__descricao": "OF\u00cdCIOS RECEBIDOS", "assunto": "Resposta ao Of\u00edcio 001/2021 protocolado pelo vereador Ronalthe Rocha"}, {"id": "2234", "ano": "2021", "numero": "7", "tipo__sigla": "REV", "tipo__descricao": "Relat\u00f3rios de rodagem do ve\u00edculo e outros", "assunto": "Levar funcion\u00e1ria Kainne na copasa e na casa do procurador para entregar documentos"}, {"id": "2240", "ano": "2021", "numero": "7", "tipo__sigla": "PARE", "tipo__descricao": "PARECER", "assunto": "Parecer Jur\u00eddico - Projeto de Lei Ordin\u00e1rio n\u00ba 05 - Altera\u00e7\u00e3o da Lei Ordin\u00e1ria Municipal n\u00ba 1.494 - 2019 - Aumento do Repasse Financeiro ao CISLAGOS - De R$60 mil reais para R$ 108 mil reais."}, {"id": "2267", "ano": "2021", "numero": "7", "tipo__sigla": "ODC", "tipo__descricao": "Of\u00edcio/documento Cont\u00e1bil", "assunto": "pagamento das notas fiscais e faturas do m\u00eas de janeiro de 2021, certificados digitais e processos licitat\u00f3rios"}, {"id": "2293", "ano": "2021", "numero": "7", "tipo__sigla": "OFP", "tipo__descricao": "Of\u00edcio da Procuradoria", "assunto": "Recebimento de balanco financeiro para anexar no projeto de lei ordin\u00e1ria n\u00ba 02-2021"}, {"id": "2333", "ano": "2021", "numero": "7", "tipo__sigla": "DPA", "tipo__descricao": "Documento de Processo Administrativo", "assunto": "Processo Licitat\u00f3rio n\u00b0 11/2021- Determina a contrata\u00e7\u00e3o de servi\u00e7os de emiss\u00e3o de certificados digitais"}, {"id": "2406", "ano": "2021", "numero": "7", "tipo__sigla": "DD", "tipo__descricao": "Documentos da Diretoria", "assunto": "Encaminha a proposta de or\u00e7amento parcial desta Casa Legislativa proposta pelo setor de contabilidade"}, {"id": "2480", "ano": "2021", "numero": "7", "tipo__sigla": "DMP", "tipo__descricao": "Documentos de tribunais e do Minist\u00e9rio P\u00fablico", "assunto": "Ratifica\u00e7\u00e3o da Recomenda\u00e7\u00e3o n\u00ba 02/2021- Nota tecnica"}, {"id": "2519", "ano": "2021", "numero": "7", "tipo__sigla": "AT", "tipo__descricao": "ATESTADO", "assunto": "Atesta que Alanis Carolina Oliveira Moreira ausentou-se do trabalho na manh\u00e3 do dia 10/03/2021 para acompanhar o filho em consulta m\u00e9dica"}, {"id": "2558", "ano": "2021", "numero": "7", "tipo__sigla": "ARO", "tipo__descricao": "ATAS DAS REUNI\u00d5ES ORDIN\u00c1RIAS", "assunto": "Ata Reuni\u00e3o Ordin\u00e1ria realizada no dia nove de mar\u00e7o de dois mil e vinte e um"}, {"id": "2562", "ano": "2021", "numero": "7", "tipo__sigla": "RCI", "tipo__descricao": "Relat\u00f3rios da Controladoria Interna", "assunto": "Resumo das atividades de controle desenvolvidas no m\u00eas de fevereiro de 2021 (Protocolo n\u00ba 638/2021)."}, {"id": "2662", "ano": "2021", "numero": "7", "tipo__sigla": "DEC", "tipo__descricao": "Declara\u00e7\u00e3o", "assunto": "Declara\u00e7\u00e3o anual de bens da servidora Maria dos Santos Sebasti\u00e3o, protocolada no dia 31 de mar\u00e7o de 2021"}, {"id": "2741", "ano": "2021", "numero": "7", "tipo__sigla": "REDF", "tipo__descricao": "Reda\u00e7\u00e3o Final", "assunto": "Reda\u00e7\u00e3o final do projeto de lei 12/2021: \"Disp\u00f5e sobre a altera\u00e7\u00e3o da lei municipal n\u00b0 1.103, de 13 de janeiro de 2009 e da outras provid\u00eancias"}, {"id": "2913", "ano": "2021", "numero": "7", "tipo__sigla": "AREO", "tipo__descricao": "ATAS DAS REUNI\u00d5ES EXTRAORDIN\u00c1RIAS", "assunto": "Ata da 7\u00aa reuni\u00e3o extraordin\u00e1ria da 1\u00aa sess\u00e3o legislativa da 15\u00aa legislatura da C\u00e2mara Municipal de Santana da Vargem, realizada no dia dezessete de maio de dois mil e vinte e um"}, {"id": "3017", "ano": "2021", "numero": "7", "tipo__sigla": "DI", "tipo__descricao": "Di\u00e1rias e documentos relativos", "assunto": "Requerimento de concess\u00e3o de di\u00e1rias adiantadas"}, {"id": "3077", "ano": "2021", "numero": "7", "tipo__sigla": "CERT", "tipo__descricao": "CERTIFICADO", "assunto": "Certifica que Luiz Felipe Mendon\u00e7a Rodrigues participou do curso Fiscaliza\u00e7\u00e3o dos Atos do Executivo na Pr\u00e1tica: Como Investigar, Denunciar e Punir"}, {"id": "3145", "ano": "2021", "numero": "7", "tipo__sigla": "DDCI", "tipo__descricao": "Documentos Diversos da Controladoria Interna", "assunto": "Movimenta\u00e7\u00e3o Detalhada da Conta Corrente de titularidade da C\u00e2mara Municipal de Santana da Vargem (referente a mar\u00e7o/2021). A planilha demonstra a movimenta\u00e7\u00e3o financeira de cada entrada e de cada sa\u00edda do caixa (em R$) e o respectivo impacto percentual de cada uma delas sobre o or\u00e7amento do Poder Legislativo para o ano 2021 (R$ 1.193.000,00). Tal documento \u00e9 base para a elabora\u00e7\u00e3o dos relat\u00f3rios de controle interno e dever\u00e1 ser publicado no site institucional, conforme determina o art. 48, \u00a7 1\u00ba, inciso II da Lei Complementar n\u00ba 101/2000 (Lei de Responsabilidade Fiscal). Protocolo n\u00ba 1.548/2021."}, {"id": "3179", "ano": "2021", "numero": "7", "tipo__sigla": "ATACL", "tipo__descricao": "Ata da Comiss\u00e3o de Licita\u00e7\u00e3o", "assunto": "Ata da Sess\u00e3o de preg\u00e3o 001-2021 para aquisi\u00e7\u00e3o de panifica\u00e7\u00e3o, leite e derivados realizada no dia dezesseis de julho de 2021"}, {"id": "3731", "ano": "2021", "numero": "7", "tipo__sigla": "JUST", "tipo__descricao": "Justificativas", "assunto": "Justificativa de n\u00e3o marca\u00e7\u00e3o de ponto no dia 01/10/2021 Cleber de Brito"}, {"id": "4080", "ano": "2021", "numero": "7", "tipo__sigla": "COMDE", "tipo__descricao": "COMUNICADO/DESPACHO", "assunto": "Convoca para reuni\u00e3o extraordin\u00e1ria \u00e0s 18h do dia 20 de dezembro de 2021"}, {"id": "2131", "ano": "2021", "numero": "8", "tipo__sigla": "OCI", "tipo__descricao": "Of\u00edcios da Controladoria Interna", "assunto": "Prioridades quanto aos procedimentos licitat\u00f3rios."}, {"id": "2151", "ano": "2021", "numero": "8", "tipo__sigla": "OFEXP", "tipo__descricao": "Of\u00edcio Expedido", "assunto": "Encaminha os requerimentos 001 e 002 feitos pelo nobre edil Vitor Donizetti Siqueira Junior"}, {"id": "2154", "ano": "2021", "numero": "8", "tipo__sigla": "DA", "tipo__descricao": "Documento Avulso", "assunto": "Declara que a Companhia de Saneamento de Minas Gerais- COPASA \u00e9 a \u00fanica fornecedora de \u00e1gua e tratamento de esgoto"}, {"id": "2156", "ano": "2021", "numero": "8", "tipo__sigla": "MEM", "tipo__descricao": "Memorando", "assunto": "aquisi\u00e7\u00e3o de produtos de panifica\u00e7\u00e3o, leite e derivados"}, {"id": "2166", "ano": "2021", "numero": "8", "tipo__sigla": "OVC", "tipo__descricao": "Of\u00edcio de Vereador/Comiss\u00e3o", "assunto": "006-2021 Luiz Felipe Mendon\u00e7a Rodrigues"}, {"id": "2200", "ano": "2021", "numero": "8", "tipo__sigla": "OR", "tipo__descricao": "OF\u00cdCIOS RECEBIDOS", "assunto": "Resposta ao of\u00edcio protocolado pelo vereador Luiz Felipe Mendon\u00e7a"}, {"id": "2250", "ano": "2021", "numero": "8", "tipo__sigla": "REV", "tipo__descricao": "Relat\u00f3rios de rodagem do ve\u00edculo e outros", "assunto": "Levar funcion\u00e1ria Kainne na copasa de Varginha e passar em tr\u00eas pontas para trazer notebook"}, {"id": "2253", "ano": "2021", "numero": "8", "tipo__sigla": "PARE", "tipo__descricao": "PARECER", "assunto": "Parecer cont\u00e1bil ao projeto de Lei n\u00b001/2021 relativo a revis\u00e3o geral e anual da remunera\u00e7\u00e3o dos servidores p\u00fablicos e do subs\u00eddio dos agentes pol\u00edticos do poder legislativo municipal para o exerc\u00edcio financeiro 2021"}, {"id": "2280", "ano": "2021", "numero": "8", "tipo__sigla": "ODC", "tipo__descricao": "Of\u00edcio/documento Cont\u00e1bil", "assunto": "Falta do documento CRV (Certificado do Registro do Ve\u00edculo)"}, {"id": "2329", "ano": "2021", "numero": "8", "tipo__sigla": "OFP", "tipo__descricao": "Of\u00edcio da Procuradoria", "assunto": "Resposta ao of\u00edcio n\u00ba 36 da Presid\u00eancia - Manifesta\u00e7\u00e3o sobre o of\u00edcio 22 da Controladoria Interna Legislativa - Cria\u00e7\u00e3o do Cargo de Compras."}, {"id": "2357", "ano": "2021", "numero": "8", "tipo__sigla": "DPA", "tipo__descricao": "Documento de Processo Administrativo", "assunto": "Processo 11-2021"}, {"id": "2407", "ano": "2021", "numero": "8", "tipo__sigla": "DD", "tipo__descricao": "Documentos da Diretoria", "assunto": "Encaminha ao controle interno c\u00f3pia da proposta de or\u00e7amento parcial para 2022 desta casa legislativa"}, {"id": "2496", "ano": "2021", "numero": "8", "tipo__sigla": "DMP", "tipo__descricao": "Documentos de tribunais e do Minist\u00e9rio P\u00fablico", "assunto": "Solicita informa\u00e7\u00f5es/documentos not\u00edcia de fato n\u00b0 MPMG-0649.21.000041-0"}, {"id": "2622", "ano": "2021", "numero": "8", "tipo__sigla": "ARO", "tipo__descricao": "ATAS DAS REUNI\u00d5ES ORDIN\u00c1RIAS", "assunto": "Oitava reuni\u00e3o ordin\u00e1ria realizada no dia dezesseis de mar\u00e7o de dois mil e vinte e um"}, {"id": "2629", "ano": "2021", "numero": "8", "tipo__sigla": "AT", "tipo__descricao": "ATESTADO", "assunto": "Atesta que Maria dos Santos Sebasti\u00e3o permaneceu na unidade de sa\u00fade no dia 12-03-2021 de 8:00 \u00e0s 9:00 para consulta m\u00e9dica"}, {"id": "2725", "ano": "2021", "numero": "8", "tipo__sigla": "RCI", "tipo__descricao": "Relat\u00f3rios da Controladoria Interna", "assunto": "Resumo das atividades de controle desenvolvidas no m\u00eas de mar\u00e7o de 2021 (Protocolo n\u00ba 907/2021)."}, {"id": "2801", "ano": "2021", "numero": "8", "tipo__sigla": "REDF", "tipo__descricao": "Reda\u00e7\u00e3o Final", "assunto": "\"Autoriza o munic\u00edpio de Santana da Vargem a instituir a pol\u00edtica municipal de incentivo ao desenvolvimento econ\u00f4mico e d\u00e1 outras provid\u00eancias\""}, {"id": "2805", "ano": "2021", "numero": "8", "tipo__sigla": "DEC", "tipo__descricao": "Declara\u00e7\u00e3o", "assunto": "Declara que Vitor Donizetti Siqueira Junior esteve presente no escrit\u00f3rio regional do Deputado A\u00e9cio Neves"}, {"id": "3018", "ano": "2021", "numero": "8", "tipo__sigla": "DI", "tipo__descricao": "Di\u00e1rias e documentos relativos", "assunto": "Requerimento de concess\u00e3o de di\u00e1rias adiantadas"}, {"id": "3095", "ano": "2021", "numero": "8", "tipo__sigla": "CERT", "tipo__descricao": "CERTIFICADO", "assunto": "Certifica que Vitor Donizetti Siqueira Junior participou do curso: Fiscaliza\u00e7\u00e3o doa Atos do Executivo da Pr\u00e1tica: Como Investigar, Denunciar e Punir\""}, {"id": "3146", "ano": "2021", "numero": "8", "tipo__sigla": "DDCI", "tipo__descricao": "Documentos Diversos da Controladoria Interna", "assunto": "Movimenta\u00e7\u00e3o Resumida da Conta Corrente de titularidade da C\u00e2mara Municipal de Santana da Vargem (referente a mar\u00e7o/2021). A planilha demonstra a movimenta\u00e7\u00e3o financeira de cada entrada e de cada sa\u00edda do caixa (em R$) e o respectivo impacto percentual de cada uma delas sobre o or\u00e7amento do Poder Legislativo para o ano 2021 (R$ 1.193.000,00). Tal documento \u00e9 base para a elabora\u00e7\u00e3o dos relat\u00f3rios de controle interno e dever\u00e1 ser publicado no site institucional, conforme determina o art. 48, \u00a7 1\u00ba, inciso II da Lei Complementar n\u00ba 101/2000 (Lei de Responsabilidade Fiscal). Protocolo n\u00ba 1.549/2021."}, {"id": "3330", "ano": "2021", "numero": "8", "tipo__sigla": "AREO", "tipo__descricao": "ATAS DAS REUNI\u00d5ES EXTRAORDIN\u00c1RIAS", "assunto": "Ata da 8\u00aa reuni\u00e3o extraordin\u00e1ria da 1\u00aa sess\u00e3o legislativa da 15\u00aa legislatura realizada no dia treze de agosto de dois mil e vinte e um"}, {"id": "3568", "ano": "2021", "numero": "8", "tipo__sigla": "ATACL", "tipo__descricao": "Ata da Comiss\u00e3o de Licita\u00e7\u00e3o", "assunto": "Ata da sess\u00e3o de preg\u00e3o n\u00ba 002-2021 para aquisi\u00e7\u00e3o de produtos de panifica\u00e7\u00e3o, leite e derivados (27/09/2021 deserta)"}, {"id": "3784", "ano": "2021", "numero": "8", "tipo__sigla": "JUST", "tipo__descricao": "Justificativas", "assunto": "Justificativa de n\u00e3o marca\u00e7\u00e3o de ponto eletr\u00f4nico Ruiter da Silva de Oliveira  (22/10/2021  na entrada)"}, {"id": "4081", "ano": "2021", "numero": "8", "tipo__sigla": "COMDE", "tipo__descricao": "COMUNICADO/DESPACHO", "assunto": "Convoca para Reuni\u00e3o Extraordin\u00e1ria as 18h do dia 20 de dezembro de 2021"}, {"id": "2140", "ano": "2021", "numero": "9", "tipo__sigla": "OCI", "tipo__descricao": "Of\u00edcios da Controladoria Interna", "assunto": "Elabora\u00e7\u00e3o da proposta de or\u00e7amento desta C\u00e2mara para o ano de 2022."}, {"id": "2152", "ano": "2021", "numero": "9", "tipo__sigla": "OFEXP", "tipo__descricao": "Of\u00edcio Expedido", "assunto": "Encaminha relat\u00f3rio cont\u00e1bil referente ao m\u00eas de dezembro de 2020"}, {"id": "2157", "ano": "2021", "numero": "9", "tipo__sigla": "MEM", "tipo__descricao": "Memorando", "assunto": "Aquisi\u00e7\u00e3o de g\u00eaneros aliment\u00edcios"}, {"id": "2167", "ano": "2021", "numero": "9", "tipo__sigla": "DA", "tipo__descricao": "Documento Avulso", "assunto": "Disp\u00f5e sobre a institui\u00e7\u00e3o de novo Comit\u00ea de enfrentamento de doen\u00e7as transmiss\u00edveis do munic\u00edpio de Santana da Vargem/MG e da outras provid\u00eancias"}, {"id": "2201", "ano": "2021", "numero": "9", "tipo__sigla": "OR", "tipo__descricao": "OF\u00cdCIOS RECEBIDOS", "assunto": "Resposta \u00e0 indica\u00e7\u00e3o 001/2021 protocolada pela vereadora Maria Aparecida Ara\u00fajo Reis"}, {"id": "2247", "ano": "2021", "numero": "9", "tipo__sigla": "OVC", "tipo__descricao": "Of\u00edcio de Vereador/Comiss\u00e3o", "assunto": "Solicita informa\u00e7\u00f5es a respeito do bolsa-trabalho"}, {"id": "2255", "ano": "2021", "numero": "9", "tipo__sigla": "PARE", "tipo__descricao": "PARECER", "assunto": "Parecer do Controle Interno n\u00ba 01/2021, que versa acerca do projeto de lei ordin\u00e1ria n\u00ba 01, de 8 de janeiro de 2021. O referido projeto visa \u00e0 autoriza\u00e7\u00e3o para executar a revis\u00e3o geral anual da remunera\u00e7\u00e3o dos servidores e agentes pol\u00edticos do Poder Legislativo Municipal."}, {"id": "2258", "ano": "2021", "numero": "9", "tipo__sigla": "REV", "tipo__descricao": "Relat\u00f3rios de rodagem do ve\u00edculo e outros", "assunto": "Levar funcion\u00e1ria Alanis nos com\u00e9rcios para colher assinaturas cota\u00e7\u00f5es e diretora Kainne na casa da presidente"}, {"id": "2306", "ano": "2021", "numero": "9", "tipo__sigla": "ODC", "tipo__descricao": "Of\u00edcio/documento Cont\u00e1bil", "assunto": "Solicita o termo aditivo do combust\u00edvel  do processo licitat\u00f3rio 2020"}, {"id": "2330", "ano": "2021", "numero": "9", "tipo__sigla": "OFP", "tipo__descricao": "Of\u00edcio da Procuradoria", "assunto": "Solicita\u00e7\u00e3o de f\u00e9rias"}, {"id": "2418", "ano": "2021", "numero": "9", "tipo__sigla": "DD", "tipo__descricao": "Documentos da Diretoria", "assunto": "Solicita abertura de processo licitat\u00f3rio para aquisi\u00e7\u00e3o de g\u00e1s liquefeito de petr\u00f3leo"}, {"id": "2428", "ano": "2021", "numero": "9", "tipo__sigla": "DPA", "tipo__descricao": "Documento de Processo Administrativo", "assunto": "TERMO DE HOMOLOGA\u00c7\u00c3O E ADJUDICA\u00c7\u00c3OPROCESSO n\u00ba. 03/2021 \u2013 INEXIGIBILIDADE n\u00ba. 03/2021\r\nTELEFONIA FIXA"}, {"id": "2493", "ano": "2021", "numero": "9", "tipo__sigla": "AT", "tipo__descricao": "ATESTADO", "assunto": "Atesta que Larissa Oliveira Naves esteve sob tratamento m\u00e9dico, devendo ser afastada do servi\u00e7o por 1 (um) dia a partir do dia 08/03/2021"}, {"id": "2530", "ano": "2021", "numero": "9", "tipo__sigla": "DMP", "tipo__descricao": "Documentos de tribunais e do Minist\u00e9rio P\u00fablico", "assunto": "Requisita informa\u00e7\u00f5es procedimento administrativo MPMG 0694-17-000592-0"}, {"id": "2644", "ano": "2021", "numero": "9", "tipo__sigla": "ARO", "tipo__descricao": "ATAS DAS REUNI\u00d5ES ORDIN\u00c1RIAS", "assunto": "Ata da 9\u00aa (nona) reuni\u00e3o ordin\u00e1ria realizada por v\u00eddeo confer\u00eancia no dia vinte e tr\u00eas de mar\u00e7o de dois mil e vinte e um"}, {"id": "2845", "ano": "2021", "numero": "9", "tipo__sigla": "REDF", "tipo__descricao": "Reda\u00e7\u00e3o Final", "assunto": "Reda\u00e7\u00e3o Final do projeto de lei 05/2021: Disp\u00f5e sobre a prefer\u00eancia na matr\u00edcula ou transfer\u00eancia nas creches e institui\u00e7\u00f5es de ensino infantil e fundamental do munic\u00edpio de Santana da Vargem, e d\u00e1 outras provid\u00eancias"}, {"id": "2914", "ano": "2021", "numero": "9", "tipo__sigla": "DEC", "tipo__descricao": "Declara\u00e7\u00e3o", "assunto": "Declara que no dia 10/05/2021 recebeu o projeto de lei 34/2021 na sua integralidade"}, {"id": "3109", "ano": "2021", "numero": "9", "tipo__sigla": "CERT", "tipo__descricao": "CERTIFICADO", "assunto": "Certifica que Jackson  Luiz Ven\u00e2ncio de Souza participou do curso: \"Fiscaliza\u00e7\u00e3o dos Atos do Executivo na Pr\u00e1tica: Como Investigar, Denunciar e Punir\""}, {"id": "3147", "ano": "2021", "numero": "9", "tipo__sigla": "DDCI", "tipo__descricao": "Documentos Diversos da Controladoria Interna", "assunto": "Movimenta\u00e7\u00e3o Acumulada da Conta Corrente de titularidade da C\u00e2mara Municipal de Santana da Vargem (referente ao per\u00edodo de janeiro a mar\u00e7o/2021). A planilha demonstra a movimenta\u00e7\u00e3o financeira de cada entrada e de cada sa\u00edda do caixa (em R$) e o respectivo impacto percentual de cada uma delas sobre o or\u00e7amento do Poder Legislativo para o ano 2021 (R$ 1.193.000,00). Tal documento \u00e9 base para a elabora\u00e7\u00e3o dos relat\u00f3rios de controle interno e dever\u00e1 ser publicado no site institucional, conforme determina o art. 48, \u00a7 1\u00ba, inciso II da Lei Complementar n\u00ba 101/2000 (Lei de Responsabilidade Fiscal). Protocolo n\u00ba 1.550/2021."}, {"id": "3183", "ano": "2021", "numero": "9", "tipo__sigla": "DI", "tipo__descricao": "Di\u00e1rias e documentos relativos", "assunto": "Requerimento de concess\u00e3o de di\u00e1rias adiantadas"}, {"id": "3506", "ano": "2021", "numero": "9", "tipo__sigla": "AREO", "tipo__descricao": "ATAS DAS REUNI\u00d5ES EXTRAORDIN\u00c1RIAS", "assunto": "Ata da 9\u00aa reuni\u00e3o extraordin\u00e1ria da 1\u00aa Sess\u00e3o Legislativa da 15\u00aa Legislatura da C\u00e2mara Municipal de Santana da Vargem realizada no dia nove de setembro de 2021"}, {"id": "3699", "ano": "2021", "numero": "9", "tipo__sigla": "ATACL", "tipo__descricao": "Ata da Comiss\u00e3o de Licita\u00e7\u00e3o", "assunto": "Segunda ata da Sess\u00e3o de Preg\u00e3o 002/2021 para aquisi\u00e7\u00e3o de produtos de panifica\u00e7\u00e3o, Leite e Derivados (13/10/2021)"}, {"id": "2144", "ano": "2021", "numero": "10", "tipo__sigla": "OCI", "tipo__descricao": "Of\u00edcios da Controladoria Interna", "assunto": "Atestado m\u00e9dico do servidor Daniel de Castro Casagrande (dia 11/01/2021)."}, {"id": "2158", "ano": "2021", "numero": "10", "tipo__sigla": "MEM", "tipo__descricao": "Memorando", "assunto": "Aquisi\u00e7\u00e3o de produtos de limpeza e higiene e utilidades dom\u00e9sticas para a C\u00e2mara Municipal de Santana da Vargem"}, {"id": "2168", "ano": "2021", "numero": "10", "tipo__sigla": "DA", "tipo__descricao": "Documento Avulso", "assunto": "Disp\u00f5e sore a prorroga\u00e7\u00e3o do Estado de Calamidade P\u00fablica decorrente da Pandemia de COVID-19 no Munic\u00edpio de Santana da Vargem/MG e d\u00e1 outras provid\u00eancias"}, {"id": "2177", "ano": "2021", "numero": "10", "tipo__sigla": "OFEXP", "tipo__descricao": "Of\u00edcio Expedido", "assunto": "Resposta ao assistente legislativo"}, {"id": "2202", "ano": "2021", "numero": "10", "tipo__sigla": "OR", "tipo__descricao": "OF\u00cdCIOS RECEBIDOS", "assunto": "Resposta as indica\u00e7\u00f5es 001, 002, 003 do vereador Luiz Felipe Mendon\u00e7a Rodrigues"}, {"id": "2261", "ano": "2021", "numero": "10", "tipo__sigla": "OVC", "tipo__descricao": "Of\u00edcio de Vereador/Comiss\u00e3o", "assunto": "Solicita informa\u00e7\u00f5es sobre poss\u00edvel parceria com as cidades vizinhas para manuten\u00e7\u00e3o de estradas rurais"}, {"id": "2265", "ano": "2021", "numero": "10", "tipo__sigla": "REV", "tipo__descricao": "Relat\u00f3rios de rodagem do ve\u00edculo e outros", "assunto": "Viagem da vereadora Maria Aparecida de Ara\u00fajo Reis para Belo Horizonte para encontro com o Deputado Ulysses Gomes"}, {"id": "2272", "ano": "2021", "numero": "10", "tipo__sigla": "PARE", "tipo__descricao": "PARECER", "assunto": "Parecer Jur\u00eddico - Processo Administrativo - Dispensa de Licita\u00e7\u00e3o - Certificado Digital - A1"}, {"id": "2313", "ano": "2021", "numero": "10", "tipo__sigla": "ODC", "tipo__descricao": "Of\u00edcio/documento Cont\u00e1bil", "assunto": "Resposta ao of\u00edcio da Diretoria Geral solicitando os extratos de pagamentos e transfer\u00eancias do m\u00eas de outubro de 2020 at\u00e9 janeiro de 2021"}, {"id": "2374", "ano": "2021", "numero": "10", "tipo__sigla": "OFP", "tipo__descricao": "Of\u00edcio da Procuradoria", "assunto": "Resposta ao of\u00edcio n\u00ba 12 do setor cont\u00e1bil - Solicita orienta\u00e7\u00f5es sobre o pagamento de faturas vencidas de servi\u00e7os n\u00e3o licitados e sem procedimento de dispensa/inexigibilidade."}, {"id": "2419", "ano": "2021", "numero": "10", "tipo__sigla": "DD", "tipo__descricao": "Documentos da Diretoria", "assunto": "Solicita abertura de processo licitat\u00f3rio para a contrata\u00e7\u00e3o de presta\u00e7\u00e3o de servi\u00e7os de cart\u00f3rio"}, {"id": "2429", "ano": "2021", "numero": "10", "tipo__sigla": "DPA", "tipo__descricao": "Documento de Processo Administrativo", "assunto": "EXTRATO DA INEXIGIBILIDADE N\u00ba 03/2021\r\nTELEFONIA FIXA"}, {"id": "2491", "ano": "2021", "numero": "10", "tipo__sigla": "AT", "tipo__descricao": "ATESTADO", "assunto": "Atesta que Maria dos Santos Sebasti\u00e3o esteve sob consulta/tratamento m\u00e9dico na data de 04/03/2021"}, {"id": "2688", "ano": "2021", "numero": "10", "tipo__sigla": "ARO", "tipo__descricao": "ATAS DAS REUNI\u00d5ES ORDIN\u00c1RIAS", "assunto": "Ata da 10\u00aa (d\u00e9cima) reuni\u00e3o ordin\u00e1ria realizada por v\u00eddeo confer\u00eancia no dia vinte e tr\u00eas de mar\u00e7o de dois mil e vinte e um"}, {"id": "3118", "ano": "2021", "numero": "10", "tipo__sigla": "DMP", "tipo__descricao": "Documentos de tribunais e do Minist\u00e9rio P\u00fablico", "assunto": "Requisita informa\u00e7\u00f5es inqu\u00e9rito civil n\u00ba MPMG 0694.17.000464-2 (poss\u00edvel improbidade administrativa, consistente em recebimento de remunera\u00e7\u00e3o junto \u00e0 C\u00e2mara Municipal referente \u00e0 reuni\u00e3o do dia 25/04/2017, mesmo tendo se ausentado)"}, {"id": "3148", "ano": "2021", "numero": "10", "tipo__sigla": "DDCI", "tipo__descricao": "Documentos Diversos da Controladoria Interna", "assunto": "Movimenta\u00e7\u00e3o Detalhada da Conta Corrente de titularidade da C\u00e2mara Municipal de Santana da Vargem (referente a abril/2021). A planilha demonstra a movimenta\u00e7\u00e3o financeira de cada entrada e de cada sa\u00edda do caixa (em R$) e o respectivo impacto percentual de cada uma delas sobre o or\u00e7amento do Poder Legislativo para o ano 2021 (R$ 1.193.000,00). Tal documento \u00e9 base para a elabora\u00e7\u00e3o dos relat\u00f3rios de controle interno e dever\u00e1 ser publicado no site institucional, conforme determina o art. 48, \u00a7 1\u00ba, inciso II da Lei Complementar n\u00ba 101/2000 (Lei de Responsabilidade Fiscal). Protocolo n\u00ba 1.551/2021."}, {"id": "3184", "ano": "2021", "numero": "10", "tipo__sigla": "DI", "tipo__descricao": "Di\u00e1rias e documentos relativos", "assunto": "Autoriza\u00e7\u00e3o para o n\u00e3o uso do veiculo oficial"}, {"id": "3195", "ano": "2021", "numero": "10", "tipo__sigla": "DEC", "tipo__descricao": "Declara\u00e7\u00e3o", "assunto": "Declara\u00e7\u00e3o de desist\u00eancia da vaga de contador legislativo, concurso p\u00fablico edital 01/2019, Wellignton Correa"}, {"id": "3228", "ano": "2021", "numero": "10", "tipo__sigla": "REDF", "tipo__descricao": "Reda\u00e7\u00e3o Final", "assunto": "Reda\u00e7\u00e3o final do projeto de lei n\u00b0 25, de 14 de abril de  2021: \"Disp\u00f5e sobre as diretrizes para a elabora\u00e7\u00e3o da Lei Or\u00e7ament\u00e1ria de 2022 e d\u00e1 outras provid\u00eancias"}, {"id": "3238", "ano": "2021", "numero": "10", "tipo__sigla": "CERT", "tipo__descricao": "CERTIFICADO", "assunto": "Certificado de conclus\u00e3o da educa\u00e7\u00e3o b\u00e1sica Kainne"}, {"id": "3749", "ano": "2021", "numero": "10", "tipo__sigla": "AREO", "tipo__descricao": "ATAS DAS REUNI\u00d5ES EXTRAORDIN\u00c1RIAS", "assunto": "Ata da 10\u00aa reuni\u00e3o extraordin\u00e1ria da 1\u00aa Sess\u00e3o Legislativa da 15\u00aa Legislatura da C\u00e2mara Municipal de Santana da Vargem"}, {"id": "3927", "ano": "2021", "numero": "10", "tipo__sigla": "ATACL", "tipo__descricao": "Ata da Comiss\u00e3o de Licita\u00e7\u00e3o", "assunto": "Ata da sess\u00e3o de preg\u00e3o 004/2021 para aquisi\u00e7\u00e3o de computadores do tipo desktop e caixas de som"}, {"id": "2160", "ano": "2021", "numero": "11", "tipo__sigla": "OCI", "tipo__descricao": "Of\u00edcios da Controladoria Interna", "assunto": "Notebook e mouse pertencentes ao acervo desta Casa."}, {"id": "2178", "ano": "2021", "numero": "11", "tipo__sigla": "OFEXP", "tipo__descricao": "Of\u00edcio Expedido", "assunto": "Solicita ades\u00e3o \u00e0 Ata de Registro de Pre\u00e7os - aquisi\u00e7\u00e3o de produtos de panifica\u00e7\u00e3o, leite e derivados"}, {"id": "2203", "ano": "2021", "numero": "11", "tipo__sigla": "OR", "tipo__descricao": "OF\u00cdCIOS RECEBIDOS", "assunto": "Resposta ao of\u00edcio 001/2021 do vereador Luiz Felipe Mendon\u00e7a Rodriguye"}, {"id": "2262", "ano": "2021", "numero": "11", "tipo__sigla": "OVC", "tipo__descricao": "Of\u00edcio de Vereador/Comiss\u00e3o", "assunto": "solicita\u00e7\u00e3o sobre a ilumina\u00e7\u00e3o da quadra do PET"}, {"id": "2266", "ano": "2021", "numero": "11", "tipo__sigla": "REV", "tipo__descricao": "Relat\u00f3rios de rodagem do ve\u00edculo e outros", "assunto": "Levar procurador legislativo no Minist\u00e9rio P\u00fablico para protocolar documentos e para reuni\u00e3o na casa da Dr. Ryene advogada da prefeitura"}, {"id": "2294", "ano": "2021", "numero": "11", "tipo__sigla": "PARE", "tipo__descricao": "PARECER", "assunto": "Parecer Jur\u00eddico - Processo Administrativo - Dispensa - Servi\u00e7o de Internet."}, {"id": "2319", "ano": "2021", "numero": "11", "tipo__sigla": "ODC", "tipo__descricao": "Of\u00edcio/documento Cont\u00e1bil", "assunto": "Dota\u00e7\u00f5es or\u00e7ament\u00e1rias para cobrir as despesas de gasolina e seguro para o ve\u00edculo oficial"}, {"id": "2420", "ano": "2021", "numero": "11", "tipo__sigla": "DD", "tipo__descricao": "Documentos da Diretoria", "assunto": "Solicita abertura de processo licitat\u00f3rio para a contrata\u00e7\u00e3o de empresa especializada para presta\u00e7\u00e3o de servi\u00e7os de correio"}, {"id": "2438", "ano": "2021", "numero": "11", "tipo__sigla": "OFP", "tipo__descricao": "Of\u00edcio da Procuradoria", "assunto": "Resposta ao of\u00edcio n\u00ba 22 do Setor da Contabilidade - Licen\u00e7a-Pr\u00eamio"}, {"id": "2489", "ano": "2021", "numero": "11", "tipo__sigla": "DPA", "tipo__descricao": "Documento de Processo Administrativo", "assunto": "TERMO DE HOMOLOGA\u00c7\u00c3O E DE ADES\u00c3O/CARONA \u00c0 ATA DE REGISTRO DE PRE\u00c7OS PROCESSO LICITAT\u00d3RIO N\u00ba 02/2021 PREG\u00c3O PRESENCIAL  N\u00b0 01/2021 DA PREFEITURA MUNICIPAL DE SANTANA DA VARGEM-MG"}, {"id": "2490", "ano": "2021", "numero": "11", "tipo__sigla": "AT", "tipo__descricao": "ATESTADO", "assunto": "Atesta que Larissa Oliveira Naves esteve sob tratamento m\u00e9dico, devendo ser afastada do servi\u00e7o por 5 (cinco) dias a partir do dia 02/03/2021"}, {"id": "2701", "ano": "2021", "numero": "11", "tipo__sigla": "ARO", "tipo__descricao": "ATAS DAS REUNI\u00d5ES ORDIN\u00c1RIAS", "assunto": "Ata da 11\u00aa reuni\u00e3o ordin\u00e1ria realizada por v\u00eddeo confer\u00eancia no dia seis de abril de dois mil e vinte e um"}, {"id": "3119", "ano": "2021", "numero": "11", "tipo__sigla": "DMP", "tipo__descricao": "Documentos de tribunais e do Minist\u00e9rio P\u00fablico", "assunto": "Comunica o arquivamento da not\u00edcia de fato n\u00b0 MPMG-0694.20.000072-7"}, {"id": "3149", "ano": "2021", "numero": "11", "tipo__sigla": "DDCI", "tipo__descricao": "Documentos Diversos da Controladoria Interna", "assunto": "Movimenta\u00e7\u00e3o Resumida da Conta Corrente de titularidade da C\u00e2mara Municipal de Santana da Vargem (referente a abril/2021). A planilha demonstra a movimenta\u00e7\u00e3o financeira de cada entrada e de cada sa\u00edda do caixa (em R$) e o respectivo impacto percentual de cada uma delas sobre o or\u00e7amento do Poder Legislativo para o ano 2021 (R$ 1.193.000,00). Tal documento \u00e9 base para a elabora\u00e7\u00e3o dos relat\u00f3rios de controle interno e dever\u00e1 ser publicado no site institucional, conforme determina o art. 48, \u00a7 1\u00ba, inciso II da Lei Complementar n\u00ba 101/2000 (Lei de Responsabilidade Fiscal). Protocolo n\u00ba 1.552/2021."}, {"id": "3211", "ano": "2021", "numero": "11", "tipo__sigla": "DEC", "tipo__descricao": "Declara\u00e7\u00e3o", "assunto": "DECLARA\u00c7\u00c3O DE COMPARECIMENTO N\u00ba. 0232-2021"}, {"id": "3246", "ano": "2021", "numero": "11", "tipo__sigla": "CERT", "tipo__descricao": "CERTIFICADO", "assunto": "Certifica que Ronalthe Dayglas Rocha participou do curso \"Atribui\u00e7\u00f5es das Comiss\u00f5es para a Mesa Diretora\" que se realizou nos dias 27 a 30 de julho de 2021 na cidade de Belo Horizonte/MG"}, {"id": "3247", "ano": "2021", "numero": "11", "tipo__sigla": "DI", "tipo__descricao": "Di\u00e1rias e documentos relativos", "assunto": "Nota Fiscal de Servi\u00e7os eletr\u00f4nica -Normandy Hotel Eireli vereador Vitor Donizetti Siqueira Junior"}, {"id": "3379", "ano": "2021", "numero": "11", "tipo__sigla": "REDF", "tipo__descricao": "Reda\u00e7\u00e3o Final", "assunto": "Reda\u00e7\u00e3o final do projeto de lei ordin\u00e1rio do legislativo n\u00ba 07, de 25 de agosto de 2021"}, {"id": "4022", "ano": "2021", "numero": "11", "tipo__sigla": "ATACL", "tipo__descricao": "Ata da Comiss\u00e3o de Licita\u00e7\u00e3o", "assunto": "Ata da sess\u00e3o de preg\u00e3o 003-2021 para aquisi\u00e7\u00e3o de arm\u00e1rios, mesas e cadeiras de escrit\u00f3rio 01/02/2021 \u00e0s 09:00"}, {"id": "4039", "ano": "2021", "numero": "11", "tipo__sigla": "AREO", "tipo__descricao": "ATAS DAS REUNI\u00d5ES EXTRAORDIN\u00c1RIAS", "assunto": "Ata da 11\u00aa reuni\u00e3o extraordin\u00e1ria realizada no dia nove de dezembro de dois mil e vinte e um"}, {"id": "2171", "ano": "2021", "numero": "12", "tipo__sigla": "OCI", "tipo__descricao": "Of\u00edcios da Controladoria Interna", "assunto": "Consulta e aprimoramento do registro di\u00e1rio de visitantes."}, {"id": "2180", "ano": "2021", "numero": "12", "tipo__sigla": "MEM", "tipo__descricao": "Memorando", "assunto": "Solicita autoriza\u00e7\u00e3o para desenvolver as suas atividades \"home office\""}, {"id": "2183", "ano": "2021", "numero": "12", "tipo__sigla": "OFEXP", "tipo__descricao": "Of\u00edcio Expedido", "assunto": "Solicita ades\u00e3o \u00e0 Ata de Registro de Pre\u00e7os-aquisi\u00e7\u00e3o de material de limpeza, higiene e utilidades domesticas"}, {"id": "2216", "ano": "2021", "numero": "12", "tipo__sigla": "OR", "tipo__descricao": "OF\u00cdCIOS RECEBIDOS", "assunto": "Informa concord\u00e2ncia/deferimento deste \u00f3rg\u00e3o quanto \u00e0 ades\u00e3o \u00e0 Ata de Registro de Pre\u00e7os referente ao processo licitat\u00f3rio 023/2020"}, {"id": "2288", "ano": "2021", "numero": "12", "tipo__sigla": "OVC", "tipo__descricao": "Of\u00edcio de Vereador/Comiss\u00e3o", "assunto": "Solicita informa\u00e7\u00f5es sobre a distribui\u00e7\u00e3o de vacinas para COVID-19 no Munic\u00edpio de Santana da Vargem/MG"}, {"id": "2296", "ano": "2021", "numero": "12", "tipo__sigla": "REV", "tipo__descricao": "Relat\u00f3rios de rodagem do ve\u00edculo e outros", "assunto": "Levar vereadora Lia Ara\u00fajo para reuni\u00e3o com deputado estadual Ulysses Gomes na Assembleia Legislativa dia 03/02/2021 reuni\u00e3o as 14:30 e dia04/02/2021 reuni\u00e3o as 14:30 ambas no gabinete da assembl\u00e9ia"}, {"id": "2320", "ano": "2021", "numero": "12", "tipo__sigla": "ODC", "tipo__descricao": "Of\u00edcio/documento Cont\u00e1bil", "assunto": "Comunica que a diretora Kainne Delfino Joanas autorizou o t\u00e9cnico cont\u00e1bil a realizar horas extras"}, {"id": "2392", "ano": "2021", "numero": "12", "tipo__sigla": "PARE", "tipo__descricao": "PARECER", "assunto": "Parecer Jur\u00eddico - Lei Ordin\u00e1ria n\u00ba 07 - 2021 - ProRefis."}, {"id": "2409", "ano": "2021", "numero": "12", "tipo__sigla": "AT", "tipo__descricao": "ATESTADO", "assunto": "Atesta que Daniel de Castro Casagrande esteve em consulta m\u00e9dica no dia 22/02/2021"}, {"id": "2548", "ano": "2021", "numero": "12", "tipo__sigla": "DPA", "tipo__descricao": "Documento de Processo Administrativo", "assunto": "TERMO DE HOMOLOGA\u00c7\u00c3O E DE ADES\u00c3O/CARONA \u00c0 ATA DE REGISTRO DE PRE\u00c7OS PROCESSO LICITAT\u00d3RIO N\u00ba 023/2020 PREG\u00c3O PRESENCIAL  N\u00b0 06/2020 DA PREFEITURA MUNICIPAL DE SANTANA DA VARGEM-MG"}, {"id": "2582", "ano": "2021", "numero": "12", "tipo__sigla": "OFP", "tipo__descricao": "Of\u00edcio da Procuradoria", "assunto": "Resposta ao of\u00edcio n\u00ba 96 - 2021 - Sess\u00f5es Legislativas online e servidores \"home office\""}, {"id": "2606", "ano": "2021", "numero": "12", "tipo__sigla": "DD", "tipo__descricao": "Documentos da Diretoria", "assunto": "OF\u00cdCIO 12/2021"}, {"id": "2732", "ano": "2021", "numero": "12", "tipo__sigla": "ARO", "tipo__descricao": "ATAS DAS REUNI\u00d5ES ORDIN\u00c1RIAS", "assunto": "Ata da (d\u00e9cima segunda) reuni\u00e3o ordin\u00e1ria realizada no dia treze de abril de dois mil e vinte e um"}, {"id": "3135", "ano": "2021", "numero": "12", "tipo__sigla": "DMP", "tipo__descricao": "Documentos de tribunais e do Minist\u00e9rio P\u00fablico", "assunto": "Of\u00edcio conjunto 09/2021 comunica a realiza\u00e7\u00e3o de correi\u00e7\u00f5es ordin\u00e1rias na 1\u00aa e 3\u00aa promotoria de Tr\u00eas Pontas"}, {"id": "3150", "ano": "2021", "numero": "12", "tipo__sigla": "DDCI", "tipo__descricao": "Documentos Diversos da Controladoria Interna", "assunto": "Movimenta\u00e7\u00e3o Acumulada da Conta Corrente de titularidade da C\u00e2mara Municipal de Santana da Vargem (referente aos meses de janeiro a abril/2021). A planilha demonstra a movimenta\u00e7\u00e3o financeira de cada entrada e de cada sa\u00edda do caixa (em R$) e o respectivo impacto percentual de cada uma delas sobre o or\u00e7amento do Poder Legislativo para o ano 2021 (R$ 1.193.000,00). Tal documento \u00e9 base para a elabora\u00e7\u00e3o dos relat\u00f3rios de controle interno e dever\u00e1 ser publicado no site institucional, conforme determina o art. 48, \u00a7 1\u00ba, inciso II da Lei Complementar n\u00ba 101/2000 (Lei de Responsabilidade Fiscal). Protocolo n\u00ba 1.553/2021."}, {"id": "3248", "ano": "2021", "numero": "12", "tipo__sigla": "DI", "tipo__descricao": "Di\u00e1rias e documentos relativos", "assunto": "Nota Fiscal de Servi\u00e7os Eletr\u00f4nica hotel normandy eireli- Ronalthe Dayglas Rocha"}, {"id": "3250", "ano": "2021", "numero": "12", "tipo__sigla": "CERT", "tipo__descricao": "CERTIFICADO", "assunto": "Certifica que Luiz Felipe Mendon\u00e7a Rodrigues por participar do curso \"Atribui\u00e7\u00e3o das Comiss\u00f5es e Orienta\u00e7\u00f5es para a Mesa Diretora\" que se realizou nos dias 27 a 30 de Julho de 2021 na cidade de Belo Horizonte/MG tendo o evento carga hor\u00e1ria de 20h"}, {"id": "3259", "ano": "2021", "numero": "12", "tipo__sigla": "DEC", "tipo__descricao": "Declara\u00e7\u00e3o", "assunto": "Declara\u00e7\u00e3o de Bens e Valores apresentada no fim do exerc\u00edcio de cargo p\u00fablico- Daniel de  Castro Casagrande."}, {"id": "3380", "ano": "2021", "numero": "12", "tipo__sigla": "REDF", "tipo__descricao": "Reda\u00e7\u00e3o Final", "assunto": "Reda\u00e7\u00e3o Final do Projeto de Lei ordin\u00e1ria do Legislativo n\u00ba11, de 25 de agosto de 2021"}, {"id": "4066", "ano": "2021", "numero": "12", "tipo__sigla": "AREO", "tipo__descricao": "ATAS DAS REUNI\u00d5ES EXTRAORDIN\u00c1RIAS", "assunto": "Ata da 12\u00aa reuni\u00e3o extraordin\u00e1ria da 1\u00aa sess\u00e3o legislativa da 15\u00aa legislatura  realizada no dia 09 de dezembro de 2021"}, {"id": "2172", "ano": "2021", "numero": "13", "tipo__sigla": "OCI", "tipo__descricao": "Of\u00edcios da Controladoria Interna", "assunto": "Orienta\u00e7\u00e3o quanto a procedimentos licitat\u00f3rios (competitividade e publicidade)."}, {"id": "2192", "ano": "2021", "numero": "13", "tipo__sigla": "OFEXP", "tipo__descricao": "Of\u00edcio Expedido", "assunto": "Responde Of\u00edcio 001/2021"}, {"id": "2217", "ano": "2021", "numero": "13", "tipo__sigla": "OR", "tipo__descricao": "OF\u00cdCIOS RECEBIDOS", "assunto": "Informa concord\u00e2ncia/deferimento deste \u00f3rg\u00e3o quanto \u00e0 ades\u00e3o \u00e0 Ata de Registro de Pre\u00e7os referente ao processo licitat\u00f3rio 047/2020"}, {"id": "2223", "ano": "2021", "numero": "13", "tipo__sigla": "MEM", "tipo__descricao": "Memorando", "assunto": "Informa\u00e7\u00e3o quanto \u00e0 situa\u00e7\u00e3o do processo licitat\u00f3rio para presta\u00e7\u00e3o der servi\u00e7os de acesso \u00e0 internet"}, {"id": "2303", "ano": "2021", "numero": "13", "tipo__sigla": "REV", "tipo__descricao": "Relat\u00f3rios de rodagem do ve\u00edculo e outros", "assunto": "Levar funcion\u00e1ria Alanis nos com\u00e9rcios para colher cota\u00e7\u00f5es"}, {"id": "2314", "ano": "2021", "numero": "13", "tipo__sigla": "OVC", "tipo__descricao": "Of\u00edcio de Vereador/Comiss\u00e3o", "assunto": "Convoca\u00e7\u00e3o reuni\u00e3o da Comiss\u00e3o de Educa\u00e7\u00e3o, Sa\u00fade e Assist\u00eancia Social em 09/02/2021 as 18 horas"}, {"id": "2322", "ano": "2021", "numero": "13", "tipo__sigla": "ODC", "tipo__descricao": "Of\u00edcio/documento Cont\u00e1bil", "assunto": "Comunica que a diretora Kainne Delfino Joanas autorizou o t\u00e9cnico cont\u00e1bil a realizar horas extras"}, {"id": "2393", "ano": "2021", "numero": "13", "tipo__sigla": "PARE", "tipo__descricao": "PARECER", "assunto": "Parecer Jur\u00eddico - Projeto de Lei Ordin\u00e1ria n\u00ba 08 - 2021 - Abertura de Cr\u00e9dito Adicional Especial por Super\u00e1vit Financeiro - R$ 55.000,00."}, {"id": "2583", "ano": "2021", "numero": "13", "tipo__sigla": "OFP", "tipo__descricao": "Of\u00edcio da Procuradoria", "assunto": "Solicita execu\u00e7\u00e3o das atividades da Procuradoria na modalidade \"home office\""}, {"id": "2617", "ano": "2021", "numero": "13", "tipo__sigla": "DD", "tipo__descricao": "Documentos da Diretoria", "assunto": "Encaminha o Processo Licitatorio n\u00ba 04/2021 para que sejam feitas recomenda\u00e7\u00f5es  acerca da maneira correta de continuidade do processo."}, {"id": "2737", "ano": "2021", "numero": "13", "tipo__sigla": "AT", "tipo__descricao": "ATESTADO", "assunto": "Atesta que Luiz Felipe Mendon\u00e7a Rodrigues esteve sob tratamento m\u00e9dico,  afastado do servi\u00e7o por 14 (quatorze) dias, a partir do dia 22/3/2021"}, {"id": "2738", "ano": "2021", "numero": "13", "tipo__sigla": "DPA", "tipo__descricao": "Documento de Processo Administrativo", "assunto": "Parecer jur\u00eddico reajuste de pre\u00e7o processo licitat\u00f3rio de g\u00e1s - Carona"}, {"id": "2775", "ano": "2021", "numero": "13", "tipo__sigla": "ARO", "tipo__descricao": "ATAS DAS REUNI\u00d5ES ORDIN\u00c1RIAS", "assunto": "Ata da 13\u00aa reuni\u00e3o ordin\u00e1ria da 1\u00aa sess\u00e3o legislativa da 15\u00aa legislatura realizada no dia vinte de abril de dois mil e vinte e um"}, {"id": "3137", "ano": "2021", "numero": "13", "tipo__sigla": "DMP", "tipo__descricao": "Documentos de tribunais e do Minist\u00e9rio P\u00fablico", "assunto": "Requisita informa\u00e7\u00f5es e documentos, inqu\u00e9rito civil MPMG-0694.18.000364-2, poss\u00edvel acumulo indevido de cargos."}, {"id": "3151", "ano": "2021", "numero": "13", "tipo__sigla": "DDCI", "tipo__descricao": "Documentos Diversos da Controladoria Interna", "assunto": "Movimenta\u00e7\u00e3o Detalhada da Conta Corrente de titularidade da C\u00e2mara Municipal de Santana da Vargem (referente a maio/2021). A planilha demonstra a movimenta\u00e7\u00e3o financeira de cada entrada e de cada sa\u00edda do caixa (em R$) e o respectivo impacto percentual de cada uma delas sobre o or\u00e7amento do Poder Legislativo para o ano 2021 (R$ 1.193.000,00). Tal documento \u00e9 base para a elabora\u00e7\u00e3o dos relat\u00f3rios de controle interno e dever\u00e1 ser publicado no site institucional, conforme determina o art. 48, \u00a7 1\u00ba, inciso II da Lei Complementar n\u00ba 101/2000 (Lei de Responsabilidade Fiscal). Protocolo n\u00ba 1.554/2021."}, {"id": "3251", "ano": "2021", "numero": "13", "tipo__sigla": "DI", "tipo__descricao": "Di\u00e1rias e documentos relativos", "assunto": "Nota Fiscal de Servi\u00e7os Eletr\u00f4nica   Normandy Hotel Eireli e comprovantes   (Viagem Belo Horizonte )"}, {"id": "3381", "ano": "2021", "numero": "13", "tipo__sigla": "REDF", "tipo__descricao": "Reda\u00e7\u00e3o Final", "assunto": "Reda\u00e7\u00e3o Final do Projeto de Lei ordin\u00e1ria do Legislativo 08-2021"}, {"id": "3403", "ano": "2021", "numero": "13", "tipo__sigla": "CERT", "tipo__descricao": "CERTIFICADO", "assunto": "Certifica que Felipe Tom\u00e9 Mota e Silva participou do curso \"CPI, Cassa\u00e7\u00e3o de Mandato de Sindic\u00e2ncias no Legislativo Municipal\"  que se realizou nos dias 24 a 27 de agosto de 2021 na cidade de Belo Horizonte"}, {"id": "4091", "ano": "2021", "numero": "13", "tipo__sigla": "AREO", "tipo__descricao": "ATAS DAS REUNI\u00d5ES EXTRAORDIN\u00c1RIAS", "assunto": "Ata da 13\u00aa reuni\u00e3o extraordin\u00e1ria realizada no dia vinte de dezembro de 2021"}, {"id": "2176", "ano": "2021", "numero": "14", "tipo__sigla": "OCI", "tipo__descricao": "Of\u00edcios da Controladoria Interna", "assunto": "Autoriza\u00e7\u00e3o para trabalho em home office devido \u00e0 pandemia de COVID-19."}, {"id": "2195", "ano": "2021", "numero": "14", "tipo__sigla": "OFEXP", "tipo__descricao": "Of\u00edcio Expedido", "assunto": "Solicita emiss\u00e3o de certid\u00e3o de d\u00e9bitos municipal"}, {"id": "2224", "ano": "2021", "numero": "14", "tipo__sigla": "MEM", "tipo__descricao": "Memorando", "assunto": "Informa\u00e7\u00e3o a respeito da situa\u00e7\u00e3o do processo licitat\u00f3rio para a contrata\u00e7\u00e3o de empresa especializada em fornecimento de sistema informatizado"}, {"id": "2235", "ano": "2021", "numero": "14", "tipo__sigla": "OR", "tipo__descricao": "OF\u00cdCIOS RECEBIDOS", "assunto": "Resposta ao of\u00edcio n\u00b0 06/2021 do nobre edil Luiz Felipe Mendon\u00e7a Rodrigues"}, {"id": "2318", "ano": "2021", "numero": "14", "tipo__sigla": "OVC", "tipo__descricao": "Of\u00edcio de Vereador/Comiss\u00e3o", "assunto": "Convoca\u00e7\u00e3o reuni\u00e3o da comiss\u00e3o de finan\u00e7as e or\u00e7amentos no dia 09/02/2021 \u00e1s 18:15 h"}, {"id": "2321", "ano": "2021", "numero": "14", "tipo__sigla": "REV", "tipo__descricao": "Relat\u00f3rios de rodagem do ve\u00edculo e outros", "assunto": "Levar funcion\u00e1ria Alanis nos mercados para colher cota\u00e7\u00f5es de pre\u00e7os"}, {"id": "2323", "ano": "2021", "numero": "14", "tipo__sigla": "ODC", "tipo__descricao": "Of\u00edcio/documento Cont\u00e1bil", "assunto": "comunica que o t\u00e9cnico cont\u00e1bil far\u00e1 hora extra com autoriza\u00e7\u00e3o da Diretora Kainne Delfino Joanas"}, {"id": "2411", "ano": "2021", "numero": "14", "tipo__sigla": "PARE", "tipo__descricao": "PARECER", "assunto": "Parecer cont\u00e1bil ao projeto de lei n\u00b0 07 de fevereiro de 2021 que \"institui o Programa de Recupera\u00e7\u00e3o Cr\u00e9ditos Fiscais-PROREFIS"}, {"id": "2634", "ano": "2021", "numero": "14", "tipo__sigla": "DD", "tipo__descricao": "Documentos da Diretoria", "assunto": "Solicita abertura de processo licitat\u00f3rio para a  aquisi\u00e7\u00e3o de produtos de panifica\u00e7\u00e3o, leite e derivados"}, {"id": "2642", "ano": "2021", "numero": "14", "tipo__sigla": "OFP", "tipo__descricao": "Of\u00edcio da Procuradoria", "assunto": "Orienta a respeito das emendas feitas no projeto de lei ordin\u00e1ria n\u00ba 09 e 010 de 2021 - Cissul e Cislagos"}, {"id": "2739", "ano": "2021", "numero": "14", "tipo__sigla": "DPA", "tipo__descricao": "Documento de Processo Administrativo", "assunto": "TERMO DE HOMOLOGA\u00c7\u00c3O E DE ADES\u00c3O/CARONA \u00c0 ATA DE REGISTRO DE PRE\u00c7OS \r\nPROCESSO LICITAT\u00d3RIO N\u00ba 166/2020 PREG\u00c3O PRESENCIAL  N\u00b0 45/2020 DA PREFEITURA MUNICIPAL DE SANTANA DA VARGEM-MG"}, {"id": "2779", "ano": "2021", "numero": "14", "tipo__sigla": "ARO", "tipo__descricao": "ATAS DAS REUNI\u00d5ES ORDIN\u00c1RIAS", "assunto": "Ata da 14\u00aa reuni\u00e3o ordin\u00e1ria da 1\u00aa sess\u00e3o legislativa da 15\u00aa legislatura"}, {"id": "3029", "ano": "2021", "numero": "14", "tipo__sigla": "AT", "tipo__descricao": "ATESTADO", "assunto": "Atesta que Larissa Oliveira Naves esteve sob tratamento m\u00e9dico, devendo ser afastada do servi\u00e7o por 11 (onze) dias a partir do dia 05/06/2021 \r\n(Quarentena da Prefeitura Municipal de Santana da Vargem)"}, {"id": "3152", "ano": "2021", "numero": "14", "tipo__sigla": "DDCI", "tipo__descricao": "Documentos Diversos da Controladoria Interna", "assunto": "Movimenta\u00e7\u00e3o Resumida da Conta Corrente de titularidade da C\u00e2mara Municipal de Santana da Vargem (referente a maio/2021). A planilha demonstra a movimenta\u00e7\u00e3o financeira de cada entrada e de cada sa\u00edda do caixa (em R$) e o respectivo impacto percentual de cada uma delas sobre o or\u00e7amento do Poder Legislativo para o ano 2021 (R$ 1.193.000,00). Tal documento \u00e9 base para a elabora\u00e7\u00e3o dos relat\u00f3rios de controle interno e dever\u00e1 ser publicado no site institucional, conforme determina o art. 48, \u00a7 1\u00ba, inciso II da Lei Complementar n\u00ba 101/2000 (Lei de Responsabilidade Fiscal). Protocolo n\u00ba 1.555/2021."}, {"id": "3171", "ano": "2021", "numero": "14", "tipo__sigla": "DMP", "tipo__descricao": "Documentos de tribunais e do Minist\u00e9rio P\u00fablico", "assunto": "Of\u00edcio 258/2021 MPMG: Comunica arquivamento do inqu\u00e9rito civil MPMG0646.19.0000080-2 (regulariza\u00e7\u00e3o do quadro de servidores da C\u00e2mara)"}, {"id": "3244", "ano": "2021", "numero": "14", "tipo__sigla": "DI", "tipo__descricao": "Di\u00e1rias e documentos relativos", "assunto": "Ressarcimento abastecimento em viagem para Belo Horizonte em virtude de volta antecipada, vereador Vitor Donizetti"}, {"id": "3382", "ano": "2021", "numero": "14", "tipo__sigla": "REDF", "tipo__descricao": "Reda\u00e7\u00e3o Final", "assunto": "Reda\u00e7\u00e3o Final do Projeto de Lei ordin\u00e1ria do Legislativo 09 de 25 de agosto de 2021"}, {"id": "3404", "ano": "2021", "numero": "14", "tipo__sigla": "CERT", "tipo__descricao": "CERTIFICADO", "assunto": "Certifica que Kainne Delfino Joanas participou do curso \"CPI, Cassa\u00e7\u00e3o de Mandato e Sindic\u00e2ncias no Legislativo municipal\" que se realizou nos dias 24 a 27 de Agosto de 2021 na cidade de Belo Horizonte"}, {"id": "4092", "ano": "2021", "numero": "14", "tipo__sigla": "AREO", "tipo__descricao": "ATAS DAS REUNI\u00d5ES EXTRAORDIN\u00c1RIAS", "assunto": "Ata da 14\u00aa reuni\u00e3o extraordin\u00e1ria realizada no dia vinte de dezembro de 2021"}, {"id": "2191", "ano": "2021", "numero": "15", "tipo__sigla": "OCI", "tipo__descricao": "Of\u00edcios da Controladoria Interna", "assunto": "Cria\u00e7\u00e3o de aba no SAPL para modelos de documentos."}, {"id": "2205", "ano": "2021", "numero": "15", "tipo__sigla": "OFEXP", "tipo__descricao": "Of\u00edcio Expedido", "assunto": "Solicita\u00e7\u00e3o \u00e0 COPASA"}, {"id": "2225", "ano": "2021", "numero": "15", "tipo__sigla": "MEM", "tipo__descricao": "Memorando", "assunto": "Responde of\u00edcios do Controle Interno"}, {"id": "2334", "ano": "2021", "numero": "15", "tipo__sigla": "REV", "tipo__descricao": "Relat\u00f3rios de rodagem do ve\u00edculo e outros", "assunto": "Levar Funcion\u00e1ria Alanis nos com\u00e9rcios para colher cota\u00e7\u00f5es"}, {"id": "2371", "ano": "2021", "numero": "15", "tipo__sigla": "ODC", "tipo__descricao": "Of\u00edcio/documento Cont\u00e1bil", "assunto": "Solicita parecer jur\u00eddico a respeito das faturas e notas fiscais com vencimento"}, {"id": "2412", "ano": "2021", "numero": "15", "tipo__sigla": "PARE", "tipo__descricao": "PARECER", "assunto": "Parecer jur\u00eddico - Lei Ordin\u00e1ria 09 - 2021 - Revoga a Lei Municipal n\u00ba 1.468 de 12 de novembro de 2018 e da altera o art. 1\u00ba da Lei Municipal n\u00ba 1.118 de 11 de Fevereiro de 2009."}, {"id": "2649", "ano": "2021", "numero": "15", "tipo__sigla": "OFP", "tipo__descricao": "Of\u00edcio da Procuradoria", "assunto": "Analisando o projeto substitutivo - PROREFIS"}, {"id": "2756", "ano": "2021", "numero": "15", "tipo__sigla": "DPA", "tipo__descricao": "Documento de Processo Administrativo", "assunto": "Extrato de Dispensa n\u00ba 03/2021"}, {"id": "2802", "ano": "2021", "numero": "15", "tipo__sigla": "DD", "tipo__descricao": "Documentos da Diretoria", "assunto": "Sugere que o Processo n\u00ba 18/2021 que Determina abertura de processo licitat\u00f3rio para contrata\u00e7\u00e3o de empresa para consultoria e treinamentos seja encerrado"}, {"id": "2822", "ano": "2021", "numero": "15", "tipo__sigla": "ARO", "tipo__descricao": "ATAS DAS REUNI\u00d5ES ORDIN\u00c1RIAS", "assunto": "Ata da 15\u00aa reuni\u00e3o ordin\u00e1ria da 1\u00aa sess\u00e3o legislativa da 15\u00aa legislatura realizada no dia quatro de maio de dois mil e vinte e um"}, {"id": "3050", "ano": "2021", "numero": "15", "tipo__sigla": "AT", "tipo__descricao": "ATESTADO", "assunto": "Atesta que Walter Silva esteve sob tratamento m\u00e9dico, devendo ser afastado do servi\u00e7o por 01 (um) dia a partir do dia 21/06/2021"}, {"id": "3153", "ano": "2021", "numero": "15", "tipo__sigla": "DDCI", "tipo__descricao": "Documentos Diversos da Controladoria Interna", "assunto": "Movimenta\u00e7\u00e3o Acumulada da Conta Corrente de titularidade da C\u00e2mara Municipal de Santana da Vargem (referente aos meses de janeiro a maio/2021). A planilha demonstra a movimenta\u00e7\u00e3o financeira de cada entrada e de cada sa\u00edda do caixa (em R$) e o respectivo impacto percentual de cada uma delas sobre o or\u00e7amento do Poder Legislativo para o ano 2021 (R$ 1.193.000,00). Tal documento \u00e9 base para a elabora\u00e7\u00e3o dos relat\u00f3rios de controle interno e dever\u00e1 ser publicado no site institucional, conforme determina o art. 48, \u00a7 1\u00ba, inciso II da Lei Complementar n\u00ba 101/2000 (Lei de Responsabilidade Fiscal). Protocolo n\u00ba 1.556/2021."}, {"id": "3172", "ano": "2021", "numero": "15", "tipo__sigla": "DMP", "tipo__descricao": "Documentos de tribunais e do Minist\u00e9rio P\u00fablico", "assunto": "of\u00edcio 288 MPMG: Comunica arquivamento e solicita informa\u00e7\u00f5es not\u00edcia de Fato MPMG0694.21.000426-5 (Requisitos para o cargo de diretor/Kainne)"}, {"id": "3350", "ano": "2021", "numero": "15", "tipo__sigla": "DI", "tipo__descricao": "Di\u00e1rias e documentos relativos", "assunto": "Documenta\u00e7\u00e3o de comparecimento em curso em Belo Horizonte dias 27 e 28 de Julho Vitor Junior"}, {"id": "3383", "ano": "2021", "numero": "15", "tipo__sigla": "REDF", "tipo__descricao": "Reda\u00e7\u00e3o Final", "assunto": "Reda\u00e7\u00e3o Final do Projeto de lei ordin\u00e1ria do Legislativo , n\u00ba 010 de  25 de agosto de 2021"}, {"id": "3405", "ano": "2021", "numero": "15", "tipo__sigla": "CERT", "tipo__descricao": "CERTIFICADO", "assunto": "Certifica que Ruiter Silva de Oliveira concluiu o curso Responsabilidades e compet\u00eancias legislativas realizado nos dias 24, 25, 26 e 27 de agosto na cidade de Belo Horizonte"}, {"id": "2194", "ano": "2021", "numero": "16", "tipo__sigla": "OCI", "tipo__descricao": "Of\u00edcios da Controladoria Interna", "assunto": "Aquisi\u00e7\u00e3o de certificado digital para transmiss\u00e3o de arquivos ao TCE/MG."}, {"id": "2207", "ano": "2021", "numero": "16", "tipo__sigla": "OFEXP", "tipo__descricao": "Of\u00edcio Expedido", "assunto": "Encaminha indica\u00e7\u00e3o 001 feita pelo nobre edil Vitor Donizetti Siqueira Junior"}, {"id": "2299", "ano": "2021", "numero": "16", "tipo__sigla": "MEM", "tipo__descricao": "Memorando", "assunto": "solicita ressarcimento de despesas com o ve\u00edculo oficial em viagem para Belo Horizonte nos dias 03/02/2021 a 04/02/2021"}, {"id": "2327", "ano": "2021", "numero": "16", "tipo__sigla": "OVC", "tipo__descricao": "Of\u00edcio de Vereador/Comiss\u00e3o", "assunto": "Solicita informa\u00e7\u00f5es e documentos referentes \u00e0 covid-19"}, {"id": "2372", "ano": "2021", "numero": "16", "tipo__sigla": "ODC", "tipo__descricao": "Of\u00edcio/documento Cont\u00e1bil", "assunto": "Solicita parecer do controle interno a respeito das notas fiscais vencidas"}, {"id": "2410", "ano": "2021", "numero": "16", "tipo__sigla": "REV", "tipo__descricao": "Relat\u00f3rios de rodagem do ve\u00edculo e outros", "assunto": "Levar funcion\u00e1ria kainne para colher assinaturas da presidente e ir nos com\u00e9rcios"}, {"id": "2413", "ano": "2021", "numero": "16", "tipo__sigla": "PARE", "tipo__descricao": "PARECER", "assunto": "Parecer jur\u00eddico - Projeto de Lei Ordin\u00e1ria n\u00ba 10\\2021 - Aumenta o repasse financeiro para o CISLAGOS"}, {"id": "2686", "ano": "2021", "numero": "16", "tipo__sigla": "OFP", "tipo__descricao": "Of\u00edcio da Procuradoria", "assunto": "Solicita\u00e7\u00e3o \u00e0 Diretora para que anexe documenta\u00e7\u00e3o no of\u00edcio n\u00ba 49\\2021\\3\u00aapj-tp"}, {"id": "2777", "ano": "2021", "numero": "16", "tipo__sigla": "DPA", "tipo__descricao": "Documento de Processo Administrativo", "assunto": "AVISO DE LICITA\u00c7\u00c3O 01/2021"}, {"id": "2806", "ano": "2021", "numero": "16", "tipo__sigla": "DD", "tipo__descricao": "Documentos da Diretoria", "assunto": "Of\u00edcio 17/2021 - solicita abertura de processo licitat\u00f3rio para aquisi\u00e7\u00e3o de bandeiras"}, {"id": "2862", "ano": "2021", "numero": "16", "tipo__sigla": "ARO", "tipo__descricao": "ATAS DAS REUNI\u00d5ES ORDIN\u00c1RIAS", "assunto": "Ata da 16\u00aa reuni\u00e3o ordin\u00e1ria da 1\u00aa Sess\u00e3o Legislativa da 15\u00aa Legislatura da C\u00e2mara Municipal de Santana da Vargem"}, {"id": "3075", "ano": "2021", "numero": "16", "tipo__sigla": "AT", "tipo__descricao": "ATESTADO", "assunto": "Certifica que Ronalthe Dayglas Rocha participou do curso Fiscaliza\u00e7\u00e3o dos Atos do Executivo na Pr\u00e1tica: Como Investigar, Denunciar e Punir"}, {"id": "3154", "ano": "2021", "numero": "16", "tipo__sigla": "DDCI", "tipo__descricao": "Documentos Diversos da Controladoria Interna", "assunto": "Movimenta\u00e7\u00e3o Detalhada da Conta Corrente de titularidade da C\u00e2mara Municipal de Santana da Vargem (referente a junho/2021). A planilha demonstra a movimenta\u00e7\u00e3o financeira de cada entrada e de cada sa\u00edda do caixa (em R$) e o respectivo impacto percentual de cada uma delas sobre o or\u00e7amento do Poder Legislativo para o ano 2021 (R$ 1.193.000,00). Tal documento \u00e9 base para a elabora\u00e7\u00e3o dos relat\u00f3rios de controle interno e dever\u00e1 ser publicado no site institucional, conforme determina o art. 48, \u00a7 1\u00ba, inciso II da Lei Complementar n\u00ba 101/2000 (Lei de Responsabilidade Fiscal). Protocolo n\u00ba 1.557/2021."}, {"id": "3180", "ano": "2021", "numero": "16", "tipo__sigla": "DMP", "tipo__descricao": "Documentos de tribunais e do Minist\u00e9rio P\u00fablico", "assunto": "Comunica arquivamento da not\u00edcia de fato MPMG 0694.21.000079-0 (poss\u00edvel pratica de nepotismo Kainne)"}, {"id": "3351", "ano": "2021", "numero": "16", "tipo__sigla": "DI", "tipo__descricao": "Di\u00e1rias e documentos relativos", "assunto": "Relat\u00f3rio de viagem Ronalthe Dayglas Rocha (Viagem para Belo Horizonte- 27/07/2021 a 30/07/2021)"}, {"id": "3384", "ano": "2021", "numero": "16", "tipo__sigla": "REDF", "tipo__descricao": "Reda\u00e7\u00e3o Final", "assunto": "Reda\u00e7\u00e3o Final do Projeto de Lei n\u00ba 26 de 15 de abril de 2021"}, {"id": "3410", "ano": "2021", "numero": "16", "tipo__sigla": "CERT", "tipo__descricao": "CERTIFICADO", "assunto": "Certifica que Maria Aparecida de Ara\u00fajo Reis participou do curso \"CPI, Cassa\u00e7\u00e3o de Mandato e Sindic\u00e2ncias no Legislativo Municipal\" que se realizou nos dias  24 a 27 de agosto de 2021 na cidade de Belo Horizonte"}, {"id": "2204", "ano": "2021", "numero": "17", "tipo__sigla": "OCI", "tipo__descricao": "Of\u00edcios da Controladoria Interna", "assunto": "Extratos de contas banc\u00e1rias."}, {"id": "2208", "ano": "2021", "numero": "17", "tipo__sigla": "OFEXP", "tipo__descricao": "Of\u00edcio Expedido", "assunto": "Encaminha indica\u00e7\u00e3o feita pela nobre edil Maria Aparecida de Ara\u00fajo Reis"}, {"id": "2245", "ano": "2021", "numero": "17", "tipo__sigla": "OR", "tipo__descricao": "OF\u00cdCIOS RECEBIDOS", "assunto": "C\u00f3pia do Decreto Municipal n\u00b0 11/2021, que revitalizou o Decreto Municipal n\u00ba 04/2021"}, {"id": "2309", "ano": "2021", "numero": "17", "tipo__sigla": "MEM", "tipo__descricao": "Memorando", "assunto": "Comunicado sobre as provid\u00eancias tomadas em rela\u00e7\u00e3o \u00e0 assist\u00eancia t\u00e9cnica ao notebook da C\u00e2mara e \u00e0 recupera\u00e7\u00e3o dos dados e solicita\u00e7\u00e3o"}, {"id": "2332", "ano": "2021", "numero": "17", "tipo__sigla": "OVC", "tipo__descricao": "Of\u00edcio de Vereador/Comiss\u00e3o", "assunto": "Solicitando informa\u00e7\u00f5es complementares sobre documentos de servidor p\u00fablico."}, {"id": "2375", "ano": "2021", "numero": "17", "tipo__sigla": "ODC", "tipo__descricao": "Of\u00edcio/documento Cont\u00e1bil", "assunto": "Encaminha comprovante de pagamento de 1/3 de f\u00e9rias"}, {"id": "2416", "ano": "2021", "numero": "17", "tipo__sigla": "REV", "tipo__descricao": "Relat\u00f3rios de rodagem do ve\u00edculo e outros", "assunto": "Levar funcion\u00e1ria Diretora Kainne na loja para confeccionar c\u00f3pia de chave da c\u00e2mara"}, {"id": "2424", "ano": "2021", "numero": "17", "tipo__sigla": "PARE", "tipo__descricao": "PARECER", "assunto": "Parecer Jur\u00eddico - Lei Ordin\u00e1ria n\u00ba 11 - Altera a Lei Municipal n\u00ba 1.473/2018 - Conselho Municipal do Esporte"}, {"id": "2692", "ano": "2021", "numero": "17", "tipo__sigla": "OFP", "tipo__descricao": "Of\u00edcio da Procuradoria", "assunto": "Analisando as altera\u00e7\u00f5es propostas no Projeto de Lei Ordin\u00e1ria n\u00ba 12 - 2021. - Bolsa Trabalho"}, {"id": "2789", "ano": "2021", "numero": "17", "tipo__sigla": "DPA", "tipo__descricao": "Documento de Processo Administrativo", "assunto": "TERMO DE HOMOLOGA\u00c7\u00c3O E DE ADES\u00c3O/CARONA \u00c0 ATA DE REGISTRO DE PRE\u00c7OS \r\nPROCESSO LICITAT\u00d3RIO N\u00ba 03/2021 PREG\u00c3O PRESENCIAL  N\u00b0 02/2021 DA PREFEITURA MUNICIPAL DE SANTANA DA VARGEM-MG"}, {"id": "2807", "ano": "2021", "numero": "17", "tipo__sigla": "DD", "tipo__descricao": "Documentos da Diretoria", "assunto": "Of\u00edcio 18/2021 - solicita abertura de processo licitat\u00f3rio para contrata\u00e7\u00e3o de empresa especializada em recarga e manuten\u00e7\u00e3o em extintores de inc\u00eandio"}, {"id": "2911", "ano": "2021", "numero": "17", "tipo__sigla": "ARO", "tipo__descricao": "ATAS DAS REUNI\u00d5ES ORDIN\u00c1RIAS", "assunto": "Ata da 15\u00aa reuni\u00e3o ordin\u00e1ria da 1\u00aa sess\u00e3o Legislativa da 15\u00aa Legislatura da C\u00e2mara Municipal de Santana da Vargem, realizada no dia dezessete de maio de dois mil e vinte e um"}, {"id": "3086", "ano": "2021", "numero": "17", "tipo__sigla": "AT", "tipo__descricao": "ATESTADO", "assunto": "Atesta que o paciente Carlos Cezar Ribeiro est\u00e1 sob tratamento m\u00e9dico devendo ser afastado do servi\u00e7o por 01 (um) dia a partir do dia 29/06/2021"}, {"id": "3156", "ano": "2021", "numero": "17", "tipo__sigla": "DDCI", "tipo__descricao": "Documentos Diversos da Controladoria Interna", "assunto": "Movimenta\u00e7\u00e3o Resumida da Conta Corrente de titularidade da C\u00e2mara Municipal de Santana da Vargem (referente a junho/2021). A planilha demonstra a movimenta\u00e7\u00e3o financeira de cada entrada e de cada sa\u00edda do caixa (em R$) e o respectivo impacto percentual de cada uma delas sobre o or\u00e7amento do Poder Legislativo para o ano 2021 (R$ 1.193.000,00). Tal documento \u00e9 base para a elabora\u00e7\u00e3o dos relat\u00f3rios de controle interno e dever\u00e1 ser publicado no site institucional, conforme determina o art. 48, \u00a7 1\u00ba, inciso II da Lei Complementar n\u00ba 101/2000 (Lei de Responsabilidade Fiscal). Protocolo n\u00ba 1.559/2021."}, {"id": "3201", "ano": "2021", "numero": "17", "tipo__sigla": "DMP", "tipo__descricao": "Documentos de tribunais e do Minist\u00e9rio P\u00fablico", "assunto": "Inqu\u00e9rito Civil MPMG 0694.17.000464-2: poss\u00edvel pratica de ato de improbidade  administrativa perpetrado pelos vereadores do Munic\u00edpio de Santana da Vargem"}, {"id": "3352", "ano": "2021", "numero": "17", "tipo__sigla": "DI", "tipo__descricao": "Di\u00e1rias e documentos relativos", "assunto": "Relat\u00f3rio de Viagem Luiz Felipe Mendon\u00e7a Rodrigues (Belo Horizonte 27/07/2021 a 30/07/2021)"}, {"id": "3530", "ano": "2021", "numero": "17", "tipo__sigla": "CERT", "tipo__descricao": "CERTIFICADO", "assunto": "Certifica que Carlos C\u00e9zar Ribeiro, participou no 338\u00ba curso de capacita\u00e7\u00e3o com o tema : LEI ANTICORRUP\u00c7\u00c3O E A EFIC\u00c1CIA DAS COMISS\u00d5ES PARLAMENTARES DE INQU\u00c9RITO NO \u00c2MBITO MUNICIPAL\" realizado no per\u00edodo de 14 a 17 de setembro de 2021, no Audit\u00f3rio do Hotel Normandy, na cidade de Belo Horizonte"}, {"id": "3723", "ano": "2021", "numero": "17", "tipo__sigla": "REDF", "tipo__descricao": "Reda\u00e7\u00e3o Final", "assunto": "Reda\u00e7\u00e3o Final do Projeto de Lei Ordin\u00e1ria do Legislativo n\u00ba 13 de 02 de julho de 2021"}, {"id": "2209", "ano": "2021", "numero": "18", "tipo__sigla": "OFEXP", "tipo__descricao": "Of\u00edcio Expedido", "assunto": "Encaminha indica\u00e7\u00f5es feitas pelo nobre edil Luiz Felipe Mendon\u00e7a Rodrigues"}, {"id": "2218", "ano": "2021", "numero": "18", "tipo__sigla": "OCI", "tipo__descricao": "Of\u00edcios da Controladoria Interna", "assunto": "Retorno quanto ao Of\u00edcio do Controle Interno n\u00ba 09/2021."}, {"id": "2263", "ano": "2021", "numero": "18", "tipo__sigla": "OR", "tipo__descricao": "OF\u00cdCIOS RECEBIDOS", "assunto": "Solicita a retirada de tramita\u00e7\u00e3o dos projetos de lei 04 e 05"}, {"id": "2336", "ano": "2021", "numero": "18", "tipo__sigla": "OVC", "tipo__descricao": "Of\u00edcio de Vereador/Comiss\u00e3o", "assunto": "Solicita documenta\u00e7\u00e3o sobre controle de ponto e holerites do servidor p\u00fablico"}, {"id": "2349", "ano": "2021", "numero": "18", "tipo__sigla": "MEM", "tipo__descricao": "Memorando", "assunto": "Solicita deferimento de f\u00e9rias pr\u00eamio para ser gozadas no per\u00edodo de 11 de fevereiro at\u00e9 o dia 20 de fevereiro e do dia 01 at\u00e9 dia 10 de mar\u00e7o"}, {"id": "2390", "ano": "2021", "numero": "18", "tipo__sigla": "ODC", "tipo__descricao": "Of\u00edcio/documento Cont\u00e1bil", "assunto": "Encaminha or\u00e7amento da contabilidade da C\u00e2mara Municipal de Santana da Vargem"}, {"id": "2417", "ano": "2021", "numero": "18", "tipo__sigla": "REV", "tipo__descricao": "Relat\u00f3rios de rodagem do ve\u00edculo e outros", "assunto": "Levar diretora kainne na casa do Leo para buscar c\u00f3pias das chaves feitas para a C\u00e2mara"}, {"id": "2430", "ano": "2021", "numero": "18", "tipo__sigla": "PARE", "tipo__descricao": "PARECER", "assunto": "Parecer Jur\u00eddico - Lei Ordin\u00e1ria do Legislativo n\u00ba 02 - Altera a Lei Municipal n\u00ba 1.396/2015 - Normas de declara\u00e7\u00e3o de utilidade p\u00fablica."}, {"id": "2694", "ano": "2021", "numero": "18", "tipo__sigla": "OFP", "tipo__descricao": "Of\u00edcio da Procuradoria", "assunto": "Resposta ao of\u00edcio n\u00ba 65 do Controle Interno Legislativo - Ci\u00eancia."}, {"id": "2810", "ano": "2021", "numero": "18", "tipo__sigla": "DD", "tipo__descricao": "Documentos da Diretoria", "assunto": "Solicita autoriza\u00e7\u00e3o para compra de curso referente a nova lei de licita\u00e7\u00f5es"}, {"id": "2847", "ano": "2021", "numero": "18", "tipo__sigla": "DPA", "tipo__descricao": "Documento de Processo Administrativo", "assunto": "AVISO DE LICITA\u00c7\u00c3O \r\nC\u00c2MARA MUNICIPAL DE SANTANA DA VARGEM"}, {"id": "2940", "ano": "2021", "numero": "18", "tipo__sigla": "ARO", "tipo__descricao": "ATAS DAS REUNI\u00d5ES ORDIN\u00c1RIAS", "assunto": "Ata da 18\u00aa (d\u00e9cima oitava) reuni\u00e3o ordin\u00e1ria da 1\u00aa (primeira) Sess\u00e3o Legislativa da 15\u00aa (d\u00e9cima) Legislatura da C\u00e2mara Municipal de Santana da Vargem, realizada no dia vinte e cinco de maio de dois mil e vinte e um"}, {"id": "3120", "ano": "2021", "numero": "18", "tipo__sigla": "AT", "tipo__descricao": "ATESTADO", "assunto": "Atesta que Larissa Oliveira Naves acompanhou Elis Oliveira Naves em consulta m\u00e9dica no dia 06/07/2021"}, {"id": "3157", "ano": "2021", "numero": "18", "tipo__sigla": "DDCI", "tipo__descricao": "Documentos Diversos da Controladoria Interna", "assunto": "Movimenta\u00e7\u00e3o Acumulada da Conta Corrente de titularidade da C\u00e2mara Municipal de Santana da Vargem (referente aos meses de janeiro a junho/2021). A planilha demonstra a movimenta\u00e7\u00e3o financeira de cada entrada e de cada sa\u00edda do caixa (em R$) e o respectivo impacto percentual de cada uma delas sobre o or\u00e7amento do Poder Legislativo para o ano 2021 (R$ 1.193.000,00). Tal documento \u00e9 base para a elabora\u00e7\u00e3o dos relat\u00f3rios de controle interno e dever\u00e1 ser publicado no site institucional, conforme determina o art. 48, \u00a7 1\u00ba, inciso II da Lei Complementar n\u00ba 101/2000 (Lei de Responsabilidade Fiscal). Protocolo n\u00ba 1.560/2021."}, {"id": "3226", "ano": "2021", "numero": "18", "tipo__sigla": "DMP", "tipo__descricao": "Documentos de tribunais e do Minist\u00e9rio P\u00fablico", "assunto": "Not\u00edcia de fato  n\u00b0 MPMG-0694.21.000061-8"}, {"id": "3353", "ano": "2021", "numero": "18", "tipo__sigla": "DI", "tipo__descricao": "Di\u00e1rias e documentos relativos", "assunto": "Relat\u00f3rio de Viagem Vitor Donizetti Siqueira Junior (Belo Horizonte 27/07/2021 a 28/07/2021)"}, {"id": "3531", "ano": "2021", "numero": "18", "tipo__sigla": "CERT", "tipo__descricao": "CERTIFICADO", "assunto": "Certifica que Vitor Donizetti Siqueira Junior participou no 338\u00b0 Curso de Capacita\u00e7\u00e3o com o tema: \"LEI ANTICORRUP\u00c7\u00c3O E A EFIC\u00c1CIA DAS COMISS\u00d5ES PARLAMENTARES DO INQU\u00c9RITO NO \u00c2MBITO MUNICIPAL\". realizado no per\u00edodo de 14 a 17 de setembro de 2021, no audit\u00f3rio do Hotel Normandy, na cidade de Belo Horizonte-MG"}, {"id": "3930", "ano": "2021", "numero": "18", "tipo__sigla": "REDF", "tipo__descricao": "Reda\u00e7\u00e3o Final", "assunto": "Reda\u00e7\u00e3o final do projeto de lei ordin\u00e1ria do legislativo 21/2021"}, {"id": "2219", "ano": "2021", "numero": "19", "tipo__sigla": "OFEXP", "tipo__descricao": "Of\u00edcio Expedido", "assunto": "Encaminha documentos ao jur\u00eddico"}, {"id": "2222", "ano": "2021", "numero": "19", "tipo__sigla": "OCI", "tipo__descricao": "Of\u00edcios da Controladoria Interna", "assunto": "Organiza\u00e7\u00e3o do Sistema de Apoio ao Processo Legislativo (SAPL)."}, {"id": "2276", "ano": "2021", "numero": "19", "tipo__sigla": "OR", "tipo__descricao": "OF\u00cdCIOS RECEBIDOS", "assunto": "Resposta \u00e0s indica\u00e7\u00f5es 005 a 0017 do vereador Luiz Felipe Mendon\u00e7a Rodrigues"}, {"id": "2291", "ano": "2021", "numero": "19", "tipo__sigla": "DA", "tipo__descricao": "Documento Avulso", "assunto": "DESPACHO PARA SOLICITA\u00c7\u00c3O DE DOTA\u00c7\u00c3O OR\u00c7AMENTARIA"}, {"id": "2337", "ano": "2021", "numero": "19", "tipo__sigla": "OVC", "tipo__descricao": "Of\u00edcio de Vereador/Comiss\u00e3o", "assunto": "Solicita informa\u00e7\u00f5es a respeito das doses de vacina da covid-19"}, {"id": "2353", "ano": "2021", "numero": "19", "tipo__sigla": "MEM", "tipo__descricao": "Memorando", "assunto": "Solicita a cria\u00e7\u00e3o  de comiss\u00e3o de avalia\u00e7\u00e3o para verifica\u00e7\u00e3o da concess\u00e3o de acesso"}, {"id": "2391", "ano": "2021", "numero": "19", "tipo__sigla": "ODC", "tipo__descricao": "Of\u00edcio/documento Cont\u00e1bil", "assunto": "Comunica o encaminhamento do or\u00e7amento da contabilidade da C\u00e2mara para a Comiss\u00e3o de finan\u00e7as e or\u00e7amentos"}, {"id": "2463", "ano": "2021", "numero": "19", "tipo__sigla": "PARE", "tipo__descricao": "PARECER", "assunto": "Parecer do Controle Interno n\u00ba 02/2021. O projeto de lei ordin\u00e1ria n\u00ba 08, de 10 de fevereiro de 2021, visa \u00e0 abertura de Cr\u00e9dito Especial por super\u00e1vit financeiro, proveniente da Resolu\u00e7\u00e3o SES-MG n\u00ba 7.112/2020 (este projeto de lei \u00e9 de iniciativa do Poder Executivo)."}, {"id": "2474", "ano": "2021", "numero": "19", "tipo__sigla": "REV", "tipo__descricao": "Relat\u00f3rios de rodagem do ve\u00edculo e outros", "assunto": "Levar a Diretora no Sindicato dos Trabalhadores, na Congrelongo e na Assist\u00eancia Social"}, {"id": "2748", "ano": "2021", "numero": "19", "tipo__sigla": "OFP", "tipo__descricao": "Of\u00edcio da Procuradoria", "assunto": "Solicita a efetiva\u00e7\u00e3o do Acesso."}, {"id": "2922", "ano": "2021", "numero": "19", "tipo__sigla": "DD", "tipo__descricao": "Documentos da Diretoria", "assunto": "Solicita\u00e7\u00e3o"}, {"id": "2970", "ano": "2021", "numero": "19", "tipo__sigla": "ARO", "tipo__descricao": "ATAS DAS REUNI\u00d5ES ORDIN\u00c1RIAS", "assunto": "Ata da 19\u00aa Reuni\u00e3o Ordin\u00e1ria 01/06/2021"}, {"id": "3217", "ano": "2021", "numero": "19", "tipo__sigla": "AT", "tipo__descricao": "ATESTADO", "assunto": "Atesta que Larissa Oliveira Naves compareceu em consulta m\u00e9dica permanecendo at\u00e9 as 13:00 do dia 23 de julho de dois mil e vinte e um"}, {"id": "3227", "ano": "2021", "numero": "19", "tipo__sigla": "DMP", "tipo__descricao": "Documentos de tribunais e do Minist\u00e9rio P\u00fablico", "assunto": "Not\u00edcia de Fato n\u00b0 MPMG-0694.21.000324-2"}, {"id": "3356", "ano": "2021", "numero": "19", "tipo__sigla": "DI", "tipo__descricao": "Di\u00e1rias e documentos relativos", "assunto": "Requerimento de concess\u00e3o de di\u00e1rias adiantadas viagem para Belo Horizonte 24 de agosto a 27 de agosto"}, {"id": "3375", "ano": "2021", "numero": "19", "tipo__sigla": "DDCI", "tipo__descricao": "Documentos Diversos da Controladoria Interna", "assunto": "Movimenta\u00e7\u00e3o banc\u00e1ria mensal- Detalhada  (Referente ao m\u00eas julho de 2021)"}, {"id": "3512", "ano": "2021", "numero": "19", "tipo__sigla": "DPA", "tipo__descricao": "Documento de Processo Administrativo", "assunto": "Aviso de licita\u00e7\u00e3o: preg\u00e3o presencial do tipo menor pre\u00e7o, registro de pre\u00e7os para aquisi\u00e7\u00e3o eventual e futura de panifica\u00e7\u00e3o leite e derivados"}, {"id": "3605", "ano": "2021", "numero": "19", "tipo__sigla": "CERT", "tipo__descricao": "CERTIFICADO", "assunto": "//Certificado por participa\u00e7\u00e3o no curso \"Nova Lei de Licita\u00e7\u00f5es- 6\u00aa Turma+ Plano de Implementa\u00e7\u00e3o da Nova Lei  no Munic\u00edpio\" (29/09/2021 a 01/10/2021)"}, {"id": "3931", "ano": "2021", "numero": "19", "tipo__sigla": "REDF", "tipo__descricao": "Reda\u00e7\u00e3o Final", "assunto": "Reda\u00e7\u00e3o final  projeto de lei ordin\u00e1ria do legislativo 19/2021"}, {"id": "2220", "ano": "2021", "numero": "20", "tipo__sigla": "OFEXP", "tipo__descricao": "Of\u00edcio Expedido", "assunto": "Encaminha documentos ao controle interno"}, {"id": "2231", "ano": "2021", "numero": "20", "tipo__sigla": "OCI", "tipo__descricao": "Of\u00edcios da Controladoria Interna", "assunto": "Solicita uma c\u00f3pia do contrato firmado com a empresa Memory."}, {"id": "2277", "ano": "2021", "numero": "20", "tipo__sigla": "OR", "tipo__descricao": "OF\u00cdCIOS RECEBIDOS", "assunto": "Of\u00edcio 037 do Prefeito Municipal em resposta \u00e0 indica\u00e7\u00e3o 001/2021 da vereadora Maria Aparecida de Ara\u00fajo Reis"}, {"id": "2292", "ano": "2021", "numero": "20", "tipo__sigla": "DA", "tipo__descricao": "Documento Avulso", "assunto": "DESPACHO PARA SOLICITA\u00c7\u00c3O DE DOTA\u00c7\u00c3O OR\u00c7AMENTARIA"}, {"id": "2355", "ano": "2021", "numero": "20", "tipo__sigla": "MEM", "tipo__descricao": "Memorando", "assunto": "Solicita\u00e7\u00e3o de F\u00e9rias."}, {"id": "2396", "ano": "2021", "numero": "20", "tipo__sigla": "ODC", "tipo__descricao": "Of\u00edcio/documento Cont\u00e1bil", "assunto": "Resposta ao of\u00edcio n\u00b0 10/2021 do procurador legislativo"}, {"id": "2437", "ano": "2021", "numero": "20", "tipo__sigla": "OVC", "tipo__descricao": "Of\u00edcio de Vereador/Comiss\u00e3o", "assunto": "Solicita altera\u00e7\u00e3o na LOA vigente"}, {"id": "2478", "ano": "2021", "numero": "20", "tipo__sigla": "REV", "tipo__descricao": "Relat\u00f3rios de rodagem do ve\u00edculo e outros", "assunto": "Fazer conferencia de motor e levar para lavar"}, {"id": "2492", "ano": "2021", "numero": "20", "tipo__sigla": "PARE", "tipo__descricao": "PARECER", "assunto": "Parecer cont\u00e1bil ao projeto de lei 09/2021 que disp\u00f5e sobre a revoga\u00e7\u00e3o da lei 1.468, de 12 de novembro de 2018 e sobre a altera\u00e7\u00e3o da reda\u00e7\u00e3o do artigo 1\u00b0 da lei municipal 1.118 de 11 de fevereiro de 2009"}, {"id": "2808", "ano": "2021", "numero": "20", "tipo__sigla": "OFP", "tipo__descricao": "Of\u00edcio da Procuradoria", "assunto": "Of\u00edcio - Resposta ao of\u00edcio n\u00ba 45 do Setor de Contabilidade."}, {"id": "2928", "ano": "2021", "numero": "20", "tipo__sigla": "DD", "tipo__descricao": "Documentos da Diretoria", "assunto": "Of\u00edcio atendendo o parecer jur\u00eddico do processo administrativo para contrata\u00e7\u00e3o de uniforme para os servidores da C\u00e2mara de Santana da Vargem \u2013 MG"}, {"id": "3045", "ano": "2021", "numero": "20", "tipo__sigla": "ARO", "tipo__descricao": "ATAS DAS REUNI\u00d5ES ORDIN\u00c1RIAS", "assunto": "Ata da 20\u00aa (vig\u00e9sima) reuni\u00e3o ordin\u00e1ria da 1\u00aa (primeira) Sess\u00e3o Legislativa da 15\u00aa Legislatura da C\u00e2mara Municipal de Santana da Vargem realizada no dia oito de junho de dois mil e vinte e um"}, {"id": "3235", "ano": "2021", "numero": "20", "tipo__sigla": "DMP", "tipo__descricao": "Documentos de tribunais e do Minist\u00e9rio P\u00fablico", "assunto": "Inqu\u00e9rito Civil n\u00b0 MPMG- 0694.19.000372-3: Notifica\u00e7\u00e3o para que no prazo de 15 dias informe se possui interesse na celebra\u00e7\u00e3o de termo de ajustamento de conduta (TAC) para ressarcimento dos danos ao er\u00e1rio ( Atos de improbidade Adriana Rafael)"}, {"id": "3242", "ano": "2021", "numero": "20", "tipo__sigla": "AT", "tipo__descricao": "ATESTADO", "assunto": "Atesta que Emerson Silva Araujo est\u00e1 sob tratamento m\u00e9dico devendo ser afastado do servi\u00e7o por oito dias a partir do dia 30/07/2021"}, {"id": "3357", "ano": "2021", "numero": "20", "tipo__sigla": "DI", "tipo__descricao": "Di\u00e1rias e documentos relativos", "assunto": "Requerimento de concess\u00e3o de di\u00e1rias adiantadas Viagem Belo Horizonte 24/08/2021 a 27/08/2021 Kainne Delfino Joanas"}, {"id": "3376", "ano": "2021", "numero": "20", "tipo__sigla": "DDCI", "tipo__descricao": "Documentos Diversos da Controladoria Interna", "assunto": "Movimenta\u00e7\u00e3o Banc\u00e1ria-Acumulada (referente ao m\u00eas de julho de 2021)"}, {"id": "3606", "ano": "2021", "numero": "20", "tipo__sigla": "CERT", "tipo__descricao": "CERTIFICADO", "assunto": "Certificado por participa\u00e7\u00e3o no curso \"Nova Lei de Licita\u00e7\u00f5es- 6\u00aa Turma+ Plano de Implementa\u00e7\u00e3o da Nova Lei no Munic\u00edpio (29/09/2021 a 01/10/2021- Belo Horizonte)"}, {"id": "3862", "ano": "2021", "numero": "20", "tipo__sigla": "DPA", "tipo__descricao": "Documento de Processo Administrativo", "assunto": "Aviso de licita\u00e7\u00e3o 18/11/2021 - 09:00"}, {"id": "3932", "ano": "2021", "numero": "20", "tipo__sigla": "REDF", "tipo__descricao": "Reda\u00e7\u00e3o Final", "assunto": "Reda\u00e7\u00e3o final do projeto de lei ordin\u00e1ria do legislativo 20/2021"}, {"id": "2221", "ano": "2021", "numero": "21", "tipo__sigla": "OFEXP", "tipo__descricao": "Of\u00edcio Expedido", "assunto": "Responde of\u00edcios do Controle Interno"}, {"id": "2232", "ano": "2021", "numero": "21", "tipo__sigla": "OCI", "tipo__descricao": "Of\u00edcios da Controladoria Interna", "assunto": "Resposta ao Memorando da Diretoria-Geral n\u00ba 13/2021."}, {"id": "2278", "ano": "2021", "numero": "21", "tipo__sigla": "OR", "tipo__descricao": "OF\u00cdCIOS RECEBIDOS", "assunto": "Of\u00edcio 038 do Prefeito Municipal em resposta a indica\u00e7\u00e3o 001 do vereador Vitor Donizetti Siqueira Junior"}, {"id": "2317", "ano": "2021", "numero": "21", "tipo__sigla": "DA", "tipo__descricao": "Documento Avulso", "assunto": "Portaria n\u00b0 3.017, de 4 de novembro de 2020"}, {"id": "2397", "ano": "2021", "numero": "21", "tipo__sigla": "ODC", "tipo__descricao": "Of\u00edcio/documento Cont\u00e1bil", "assunto": "Errata of\u00edcio n\u00famero 16/2021 contabilidade"}, {"id": "2427", "ano": "2021", "numero": "21", "tipo__sigla": "MEM", "tipo__descricao": "Memorando", "assunto": "Solicita  altera\u00e7\u00e3o de data das f\u00e9rias pr\u00eamio para 16 at\u00e9 25 de mar\u00e7o de 2021"}, {"id": "2439", "ano": "2021", "numero": "21", "tipo__sigla": "OVC", "tipo__descricao": "Of\u00edcio de Vereador/Comiss\u00e3o", "assunto": "Reitera os pedidos do of\u00edcio 32/2021"}, {"id": "2481", "ano": "2021", "numero": "21", "tipo__sigla": "REV", "tipo__descricao": "Relat\u00f3rios de rodagem do ve\u00edculo e outros", "assunto": "Levar Diretora no Sindicato para colher assinatura da Presidente"}, {"id": "2498", "ano": "2021", "numero": "21", "tipo__sigla": "PARE", "tipo__descricao": "PARECER", "assunto": "Parecer cont\u00e1bil, versa sobre o projeto de lei n\u00ba8 de 10 de fevereiro de 2021 \"Abertura de Cr\u00e9dito Especial por super\u00e1vit financeiro, referente a resolu\u00e7\u00e3o estatal RES SES 7112 e d\u00e1 outras provid\u00eancias"}, {"id": "2924", "ano": "2021", "numero": "21", "tipo__sigla": "OFP", "tipo__descricao": "Of\u00edcio da Procuradoria", "assunto": "Verificar se h\u00e1 falta de algum produto ou servi\u00e7o relacionado ao combate ao coronav\u00edrus."}, {"id": "2932", "ano": "2021", "numero": "21", "tipo__sigla": "DD", "tipo__descricao": "Documentos da Diretoria", "assunto": "Responde Of\u00edcio 21/2021 da Procuradoria"}, {"id": "3046", "ano": "2021", "numero": "21", "tipo__sigla": "ARO", "tipo__descricao": "ATAS DAS REUNI\u00d5ES ORDIN\u00c1RIAS", "assunto": "Ata da 21\u00aa reuni\u00e3o ordin\u00e1ria da 1\u00aa Sess\u00e3o Legislativa da 15\u00aa Legislatura da C\u00e2mara Municipal de Santana da Vargem realizada no dia quinze de junho de dois mil e vinte e um"}, {"id": "3271", "ano": "2021", "numero": "21", "tipo__sigla": "AT", "tipo__descricao": "ATESTADO", "assunto": "Atesta que Ronalthe Dayglas Rocha esteve sob tratamento m\u00e9dico devendo ser afastado do servi\u00e7o por 04 dias a partir de 03/082021"}, {"id": "3275", "ano": "2021", "numero": "21", "tipo__sigla": "DMP", "tipo__descricao": "Documentos de tribunais e do Minist\u00e9rio P\u00fablico", "assunto": "Procedimento Administrativo n\u00b0 MPMG 0694.21.000309-1: Solicita informa\u00e7\u00f5es acerca do andamento do projeto de lei 45/2021"}, {"id": "3358", "ano": "2021", "numero": "21", "tipo__sigla": "DI", "tipo__descricao": "Di\u00e1rias e documentos relativos", "assunto": "Requerimento de concess\u00e3o de di\u00e1rias adiantadas Maria Aparecida de Ara\u00fajo Reis Viagem para Belo Horizonte 24/08/2021 a 27/08/2021"}, {"id": "3377", "ano": "2021", "numero": "21", "tipo__sigla": "DDCI", "tipo__descricao": "Documentos Diversos da Controladoria Interna", "assunto": "Movimenta\u00e7\u00e3o Banc\u00e1ria Mensal- Resumida ( referente ao m\u00eas de julho de 2021)"}, {"id": "3666", "ano": "2021", "numero": "21", "tipo__sigla": "CERT", "tipo__descricao": "CERTIFICADO", "assunto": "Certifica que Felipe Tom\u00e9 Mota e Silva participou do curso \"Nova Lei de Licita\u00e7\u00f5es - 6\u00aa Turma + Plano de Implementa\u00e7\u00e3o da Nova Lei no Munic\u00edpio\" que se realizou nos dias 29 de Setembro a 01 de Outubro de 2021 na cidade de Belo Horizonte/MG"}, {"id": "3863", "ano": "2021", "numero": "21", "tipo__sigla": "DPA", "tipo__descricao": "Documento de Processo Administrativo", "assunto": "Aviso de licita\u00e7\u00e3o 18/11/2021 - 14:00"}, {"id": "3933", "ano": "2021", "numero": "21", "tipo__sigla": "REDF", "tipo__descricao": "Reda\u00e7\u00e3o Final", "assunto": "Reda\u00e7\u00e3o final  projeto de lei ordin\u00e1ria do legislativo 18/2021"}, {"id": "2226", "ano": "2021", "numero": "22", "tipo__sigla": "OFEXP", "tipo__descricao": "Of\u00edcio Expedido", "assunto": "Encaminha as indica\u00e7\u00f5es 018, 019, 020 e 021 do vereador Luiz Felipe Mendon\u00e7a Rodrigues"}, {"id": "2238", "ano": "2021", "numero": "22", "tipo__sigla": "OCI", "tipo__descricao": "Of\u00edcios da Controladoria Interna", "assunto": "Resposta ao Of\u00edcio n\u00ba 20/2021, emitido pela Presid\u00eancia (encaminhamento de provid\u00eancias para a interrup\u00e7\u00e3o dos servi\u00e7os de conex\u00e3o \u00e0 internet)."}, {"id": "2279", "ano": "2021", "numero": "22", "tipo__sigla": "OR", "tipo__descricao": "OF\u00cdCIOS RECEBIDOS", "assunto": "Of\u00edcio 039 do Prefeito Municipal em resposta aos requerimentos 001 e 002 do vereador Vitor Donizetti Siqueira Junior"}, {"id": "2364", "ano": "2021", "numero": "22", "tipo__sigla": "DA", "tipo__descricao": "Documento Avulso", "assunto": "Termo de cancelamento internet conecta"}, {"id": "2404", "ano": "2021", "numero": "22", "tipo__sigla": "ODC", "tipo__descricao": "Of\u00edcio/documento Cont\u00e1bil", "assunto": "Resposta ao of\u00edcio 03/2021, sistema de ponto eletr\u00f4nico"}, {"id": "2440", "ano": "2021", "numero": "22", "tipo__sigla": "OVC", "tipo__descricao": "Of\u00edcio de Vereador/Comiss\u00e3o", "assunto": "Reitera of\u00edcio 02-2021 solicitando informa\u00e7\u00f5es referentes a vacina\u00e7\u00e3o COVID-19"}, {"id": "2447", "ano": "2021", "numero": "22", "tipo__sigla": "MEM", "tipo__descricao": "Memorando", "assunto": "Solicita o abono de  5 (cinco) horas, uma vez que bateu ponto da entrada do almo\u00e7o, por\u00e9m, deixou de bater a chegada para o almo\u00e7o"}, {"id": "2504", "ano": "2021", "numero": "22", "tipo__sigla": "REV", "tipo__descricao": "Relat\u00f3rios de rodagem do ve\u00edculo e outros", "assunto": "Levar a diretora Kainne no sindicato rural para colher assinaturas"}, {"id": "2610", "ano": "2021", "numero": "22", "tipo__sigla": "PARE", "tipo__descricao": "PARECER", "assunto": "Parecer Jur\u00eddico - Projeto de Lei Ordin\u00e1ria n\u00ba 16 - 2021 - Cria o Conselho Municipal de Acompanhamento e Controle Social do Fundo de Manuten\u00e7\u00e3o e Desenvolvimento da Educa\u00e7\u00e3o B\u00e1sica e Valoriza\u00e7\u00e3o dos Profissionais da Educa\u00e7\u00e3o."}, {"id": "2933", "ano": "2021", "numero": "22", "tipo__sigla": "DD", "tipo__descricao": "Documentos da Diretoria", "assunto": "Solicita abertura de processo para aquisi\u00e7\u00e3o de: Totem dispensador de \u00e1lcool em gel com acionamento por pedal, m\u00e1scara cir\u00fargica descart\u00e1vel e  mascara de prote\u00e7\u00e3o facial lav\u00e1vel."}, {"id": "2964", "ano": "2021", "numero": "22", "tipo__sigla": "OFP", "tipo__descricao": "Of\u00edcio da Procuradoria", "assunto": "Orienta a Diretoria para utilizar os modelos sugeridos pelo Setor de Controle Interno do Legislativo para aquisi\u00e7\u00e3o de bens e servi\u00e7os."}, {"id": "3094", "ano": "2021", "numero": "22", "tipo__sigla": "ARO", "tipo__descricao": "ATAS DAS REUNI\u00d5ES ORDIN\u00c1RIAS", "assunto": "Ata da 22\u00aa reuni\u00e3o ordin\u00e1ria da 1\u00aa (primeira) Sess\u00e3o Legislativa da 15\u00aa (d\u00e9cima quinta) Legislatura realizada no dia vinte e um de junho de dois mil e vinte e um"}, {"id": "3272", "ano": "2021", "numero": "22", "tipo__sigla": "AT", "tipo__descricao": "ATESTADO", "assunto": "Atesta que Cleber de Brito compareceu a atendimento m\u00e9dico no dia 03/08/2021"}, {"id": "3279", "ano": "2021", "numero": "22", "tipo__sigla": "DMP", "tipo__descricao": "Documentos de tribunais e do Minist\u00e9rio P\u00fablico", "assunto": "Of\u00edcio 407/2021 Procedimento administrativo MPMG 0649.17.000592-0: Requisita informa\u00e7\u00f5es Projeto \"Viajante Errante, passo sem rumo\""}, {"id": "3359", "ano": "2021", "numero": "22", "tipo__sigla": "DI", "tipo__descricao": "Di\u00e1rias e documentos relativos", "assunto": "Requerimento de concess\u00e3o de di\u00e1rias adiantadas Felipe Tom\u00e9 Mota e Silva, viagem para Belo Horizonte 24/08/2021 a 27/08/2021"}, {"id": "3449", "ano": "2021", "numero": "22", "tipo__sigla": "DDCI", "tipo__descricao": "Documentos Diversos da Controladoria Interna", "assunto": "Movimenta\u00e7\u00e3o Banc\u00e1ria Mensal- Detalhada referente ao m\u00eas de agosto de 2021"}, {"id": "3695", "ano": "2021", "numero": "22", "tipo__sigla": "CERT", "tipo__descricao": "CERTIFICADO", "assunto": "Certifica que Carlos C\u00e9zar Ribeiro esteve presente nos dias 06, 07 e 08 no 344\u00ba Curso de Capacita\u00e7\u00e3o com o tema: INTRODU\u00c7\u00c3O AO OR\u00c7AMENTO P\u00daBLICO E EXECU\u00c7\u00c3O DE EMENDA PARLAMENTAR AO PROJETO DE LEI OR\u00c7AMENT\u00c1RIA ANUAL realizado no per\u00edodo de 05 a 08 de outubro"}, {"id": "3934", "ano": "2021", "numero": "22", "tipo__sigla": "REDF", "tipo__descricao": "Reda\u00e7\u00e3o Final", "assunto": "Reda\u00e7\u00e3o final  projeto de lei ordin\u00e1ria do legislativo 17/2021"}, {"id": "3946", "ano": "2021", "numero": "22", "tipo__sigla": "DPA", "tipo__descricao": "Documento de Processo Administrativo", "assunto": "Aviso de preg\u00e3o presencial 01/12/2021 \u00e0s 9:00h (aquisi\u00e7\u00e3o de arm\u00e1rios, mesas e cadeiras de escrit\u00f3rio)"}, {"id": "2229", "ano": "2021", "numero": "23", "tipo__sigla": "OFEXP", "tipo__descricao": "Of\u00edcio Expedido", "assunto": "Encaminha indica\u00e7\u00f5es 002 e 003 do vereador Vitor Donizetti Siqueira J\u00fanior"}, {"id": "2246", "ano": "2021", "numero": "23", "tipo__sigla": "OCI", "tipo__descricao": "Of\u00edcios da Controladoria Interna", "assunto": "Problemas para registro das marca\u00e7\u00f5es de ponto eletr\u00f4nico da Diretoria-Geral."}, {"id": "2310", "ano": "2021", "numero": "23", "tipo__sigla": "OR", "tipo__descricao": "OF\u00cdCIOS RECEBIDOS", "assunto": "Resposta Expedito Alves de Oliveira ao of\u00edcio 008/2021 da prefeitura municipal"}, {"id": "2405", "ano": "2021", "numero": "23", "tipo__sigla": "ODC", "tipo__descricao": "Of\u00edcio/documento Cont\u00e1bil", "assunto": "Comunica ao controle interno o encaminhamento do or\u00e7amento da contabilidade da C\u00e2mara para a comiss\u00e3o de finan\u00e7as e or\u00e7amento"}, {"id": "2441", "ano": "2021", "numero": "23", "tipo__sigla": "OVC", "tipo__descricao": "Of\u00edcio de Vereador/Comiss\u00e3o", "assunto": "Solicita informa\u00e7\u00f5es referentes ao CAGEC (Cadastro Geral de Convenentes)"}, {"id": "2515", "ano": "2021", "numero": "23", "tipo__sigla": "MEM", "tipo__descricao": "Memorando", "assunto": "Solicita cancelamento das f\u00e9rias que seriam gozadas a partir do dia 16 de mar\u00e7o at\u00e9 o dia 25 de mar\u00e7o"}, {"id": "2549", "ano": "2021", "numero": "23", "tipo__sigla": "REV", "tipo__descricao": "Relat\u00f3rios de rodagem do ve\u00edculo e outros", "assunto": "Levar Diretora Kainne no sindicato para colher assinaturas da presidente"}, {"id": "2627", "ano": "2021", "numero": "23", "tipo__sigla": "PARE", "tipo__descricao": "PARECER", "assunto": "Parecer Jur\u00eddico - Projeto de Lei Ordin\u00e1ria n\u00ba 19 - Cria\u00e7\u00e3o do Conselho Municipal de Turismo e do Fundo Municipal do Turismo."}, {"id": "2965", "ano": "2021", "numero": "23", "tipo__sigla": "OFP", "tipo__descricao": "Of\u00edcio da Procuradoria", "assunto": "Informa a altera\u00e7\u00e3o do parecer jur\u00eddico referente ao projeto de lei ordin\u00e1ria (Executivo) n\u00ba 25 (LDO)"}, {"id": "3051", "ano": "2021", "numero": "23", "tipo__sigla": "DD", "tipo__descricao": "Documentos da Diretoria", "assunto": "Solicita\u00e7\u00e3o do pagamento de metade do 13\u00ba sal\u00e1rio referente ao ano de 2021"}, {"id": "3122", "ano": "2021", "numero": "23", "tipo__sigla": "ARO", "tipo__descricao": "ATAS DAS REUNI\u00d5ES ORDIN\u00c1RIAS", "assunto": "Ata da23\u00aa reuni\u00e3o ordin\u00e1ria da 1\u00aa sess\u00e3o legislativa da 15\u00aa legislatura, realizada no dia vinte e nove de junho de dois mil e vinte e um"}, {"id": "3273", "ano": "2021", "numero": "23", "tipo__sigla": "AT", "tipo__descricao": "ATESTADO", "assunto": "Atesta que Cleber de Brito Encontra-se em Tratamento m\u00e9dico, devendo ser afastado do trabalho por 07 dias a partir do dia 04/08/2021"}, {"id": "3280", "ano": "2021", "numero": "23", "tipo__sigla": "DMP", "tipo__descricao": "Documentos de tribunais e do Minist\u00e9rio P\u00fablico", "assunto": "Of\u00edcio 405/2021 3\u00aa PJ-TP: Procedimento Administrativo MPMG 0694.17.000599-5 (Corre\u00e7\u00e3o de supostas irregularidades no site)"}, {"id": "3398", "ano": "2021", "numero": "23", "tipo__sigla": "DI", "tipo__descricao": "Di\u00e1rias e documentos relativos", "assunto": "Documentos comprobat\u00f3rios de viagem para Belo Horizonte realizada dos dias 24 a 27 de agosto de 2021"}, {"id": "3450", "ano": "2021", "numero": "23", "tipo__sigla": "DDCI", "tipo__descricao": "Documentos Diversos da Controladoria Interna", "assunto": "Movimenta\u00e7\u00e3o banc\u00e1ria mensal- resumida referente ao m\u00eas de agosto de 2021"}, {"id": "3696", "ano": "2021", "numero": "23", "tipo__sigla": "CERT", "tipo__descricao": "CERTIFICADO", "assunto": "Certifica que Vitor Donizetti Siqueira Junior esteve presente nos dias 06, 07 e 08 no 344\u00ba Curso de Capacita\u00e7\u00e3o com o tema: INTRODU\u00c7\u00c3O AO OR\u00c7AMENTO P\u00daBLICO E EXECU\u00c7\u00c3O DE EMENDA PARLAMENTAR AO PROJETO DE LEI OR\u00c7AMENT\u00c1RIA ANUAL realizado no per\u00edodo de 05 a 08 de outubro"}, {"id": "3935", "ano": "2021", "numero": "23", "tipo__sigla": "REDF", "tipo__descricao": "Reda\u00e7\u00e3o Final", "assunto": "reda\u00e7\u00e3o final projeto de lei 61 de 2021"}, {"id": "2233", "ano": "2021", "numero": "24", "tipo__sigla": "OFEXP", "tipo__descricao": "Of\u00edcio Expedido", "assunto": "Encaminha o of\u00edcio 09/2021 do Controle Interno para conhecimento e provid\u00eancias que julgar cab\u00edveis."}, {"id": "2249", "ano": "2021", "numero": "24", "tipo__sigla": "OCI", "tipo__descricao": "Of\u00edcios da Controladoria Interna", "assunto": "Eventual aplicabilidade de disposto em Decreto Federal ao cargo de diretoria desta Casa Legislativa.\r\nDecreto Federal n\u00ba 1.590/1995, artigo 6\u00ba, par\u00e1grafo 7\u00ba."}, {"id": "2361", "ano": "2021", "numero": "24", "tipo__sigla": "OR", "tipo__descricao": "OF\u00cdCIOS RECEBIDOS", "assunto": "Solicita marca\u00e7\u00e3o de audi\u00eancia publica"}, {"id": "2408", "ano": "2021", "numero": "24", "tipo__sigla": "ODC", "tipo__descricao": "Of\u00edcio/documento Cont\u00e1bil", "assunto": "Comunica a procuradoria o encaminhamento do or\u00e7amento da contabilidade da C\u00e2mara  para a comiss\u00e3o de finan\u00e7as e or\u00e7amento"}, {"id": "2442", "ano": "2021", "numero": "24", "tipo__sigla": "OVC", "tipo__descricao": "Of\u00edcio de Vereador/Comiss\u00e3o", "assunto": "Solicita especifica\u00e7\u00e3o da dota\u00e7\u00e3o global referente \u00e0 cons\u00f3rcios p\u00fablicos"}, {"id": "2561", "ano": "2021", "numero": "24", "tipo__sigla": "REV", "tipo__descricao": "Relat\u00f3rios de rodagem do ve\u00edculo e outros", "assunto": "Levar Funcion\u00e1rias Maria e Alanis na CEMIG e COPASA de Varginha"}, {"id": "2581", "ano": "2021", "numero": "24", "tipo__sigla": "MEM", "tipo__descricao": "Memorando", "assunto": "Solicita exercer atividade em modo \"home office\" em raz\u00e3o do decreto do governo de Minas (Minas Consciente/Onda roxa)"}, {"id": "2628", "ano": "2021", "numero": "24", "tipo__sigla": "PARE", "tipo__descricao": "PARECER", "assunto": "Parecer Jur\u00eddico - Projeto de Lei Complementar n\u00ba 01 - 2021 - Altera os requisitos para o cargo de Operador de M\u00e1quinas Pesadas."}, {"id": "2968", "ano": "2021", "numero": "24", "tipo__sigla": "OFP", "tipo__descricao": "Of\u00edcio da Procuradoria", "assunto": "Reposta ao of\u00edcio n\u00ba 104 da Presid\u00eancia - Altera\u00e7\u00f5es no plano de cargos e sal\u00e1rios;"}, {"id": "3127", "ano": "2021", "numero": "24", "tipo__sigla": "DD", "tipo__descricao": "Documentos da Diretoria", "assunto": "informa que o valor global estimado foi insuficiente"}, {"id": "3164", "ano": "2021", "numero": "24", "tipo__sigla": "ARO", "tipo__descricao": "ATAS DAS REUNI\u00d5ES ORDIN\u00c1RIAS", "assunto": "Ata da 24\u00aa reuni\u00e3o ordin\u00e1ria da 1\u00aa Sess\u00e3o Legislativa da 15\u00aa  Legislatura, realizada no dia sete de julho de dois mil e vinte e um"}, {"id": "3284", "ano": "2021", "numero": "24", "tipo__sigla": "AT", "tipo__descricao": "ATESTADO", "assunto": "Atestado de sa\u00fade ocupacional (ASO) Maria dos Santos Sebasti\u00e3o- Demissional"}, {"id": "3285", "ano": "2021", "numero": "24", "tipo__sigla": "DMP", "tipo__descricao": "Documentos de tribunais e do Minist\u00e9rio P\u00fablico", "assunto": "Of\u00edcio 432/2021: Inqu\u00e9rito Civil  MPMG-0694.14.000266-8 - Designa reuni\u00e3o a ser realizada no dia 20/09/2021  \u00e0s 14:00 h"}, {"id": "3406", "ano": "2021", "numero": "24", "tipo__sigla": "DI", "tipo__descricao": "Di\u00e1rias e documentos relativos", "assunto": "Nota fiscal de servi\u00e7o eletr\u00f4nica  Royal Center Hotel- Felipe Tom\u00e9 (viagem  Belo Horizonte 24 a 27 de agosto de 2021)"}, {"id": "3451", "ano": "2021", "numero": "24", "tipo__sigla": "DDCI", "tipo__descricao": "Documentos Diversos da Controladoria Interna", "assunto": "Movimenta\u00e7\u00e3o banc\u00e1ria acumulada (janeiro a agosto de 2021)"}, {"id": "3697", "ano": "2021", "numero": "24", "tipo__sigla": "CERT", "tipo__descricao": "CERTIFICADO", "assunto": "Certifica que Ronalthe Dayglas Rocha esteve presente nos dias 06, 07 e 08 no 344\u00ba Curso de Capacita\u00e7\u00e3o com o tema: INTRODU\u00c7\u00c3O AO OR\u00c7AMENTO P\u00daBLICO E EXECU\u00c7\u00c3O DE EMENDA PARLAMENTAR AO PROJETO DE LEI OR\u00c7AMENT\u00c1RIA ANUAL realizado no per\u00edodo de 05 a 08 de o"}, {"id": "3936", "ano": "2021", "numero": "24", "tipo__sigla": "REDF", "tipo__descricao": "Reda\u00e7\u00e3o Final", "assunto": "Reda\u00e7\u00e3o final do projeto de lei 55 de 21 de setembro de 2021"}, {"id": "2257", "ano": "2021", "numero": "25", "tipo__sigla": "OFEXP", "tipo__descricao": "Of\u00edcio Expedido", "assunto": "Manifestar interesse em participar do Registro de Pre\u00e7os  para futuras e eventuais aquisi\u00e7\u00f5es de para abastecimento dos ve\u00edculos"}, {"id": "2264", "ano": "2021", "numero": "25", "tipo__sigla": "OCI", "tipo__descricao": "Of\u00edcios da Controladoria Interna", "assunto": "Notifica\u00e7\u00e3o n\u00ba 01/2021. A empresa Memory, neste momento, est\u00e1 prestando servi\u00e7os \u00e0 C\u00e2mara Municipal de maneira irregular."}, {"id": "2363", "ano": "2021", "numero": "25", "tipo__sigla": "OR", "tipo__descricao": "OF\u00cdCIOS RECEBIDOS", "assunto": "Solicita Regulariza\u00e7\u00e3o do DARF"}, {"id": "2414", "ano": "2021", "numero": "25", "tipo__sigla": "ODC", "tipo__descricao": "Of\u00edcio/documento Cont\u00e1bil", "assunto": "Informa ao procurador o t\u00e9rmino da Licen\u00e7a gestante (maternidade) da contadora legislativa Jaicyara Sales Silva"}, {"id": "2443", "ano": "2021", "numero": "25", "tipo__sigla": "OVC", "tipo__descricao": "Of\u00edcio de Vereador/Comiss\u00e3o", "assunto": "Insatisfa\u00e7\u00e3o com a resposta do executivo no of\u00edcio 074/2021"}, {"id": "2573", "ano": "2021", "numero": "25", "tipo__sigla": "REV", "tipo__descricao": "Relat\u00f3rios de rodagem do ve\u00edculo e outros", "assunto": "Levar diretora Kainne no sindicato dos trabalhadores e na casa da presidente para colher assinaturas e no com\u00e9rcio"}, {"id": "2601", "ano": "2021", "numero": "25", "tipo__sigla": "MEM", "tipo__descricao": "Memorando", "assunto": "Solicita permiss\u00e3o para trabalhar duas vezes por semana na segunda feira e quinta feita para limitar a circula\u00e7\u00e3o durante o per\u00edodo de onda roxa"}, {"id": "2664", "ano": "2021", "numero": "25", "tipo__sigla": "PARE", "tipo__descricao": "PARECER", "assunto": "Parecer Jur\u00eddico - Projeto de Lei Ordin\u00e1ria n\u00ba 15 - 2021 - Cess\u00e3o do Direito de Uso - Concrelongo\\Longo e Vinhas"}, {"id": "2986", "ano": "2021", "numero": "25", "tipo__sigla": "OFP", "tipo__descricao": "Of\u00edcio da Procuradoria", "assunto": "Solicita \u00e0 Contabilidade Legislativa os extratos de investimentos feitos em 2019."}, {"id": "3158", "ano": "2021", "numero": "25", "tipo__sigla": "DD", "tipo__descricao": "Documentos da Diretoria", "assunto": "Of\u00edcio 26/2021 -  solicita encerramento do processo de material de expediente"}, {"id": "3274", "ano": "2021", "numero": "25", "tipo__sigla": "ARO", "tipo__descricao": "ATAS DAS REUNI\u00d5ES ORDIN\u00c1RIAS", "assunto": "Ata da 25\u00aa (vig\u00e9sima quinta) reuni\u00e3o ordin\u00e1ria da 1\u00aa (primeira) sess\u00e3o legislativa da 15\u00aa (d\u00e9cima quinta) Legislatura realizada no dia 13 de julho de 2021"}, {"id": "3294", "ano": "2021", "numero": "25", "tipo__sigla": "AT", "tipo__descricao": "ATESTADO", "assunto": "Atesta que Ruiter Silva de Oliveira se ausentou do servi\u00e7o durante um per\u00edodo de tempo para  vacinar contra covid-19 no dia 11 de agosto de 2021"}, {"id": "3311", "ano": "2021", "numero": "25", "tipo__sigla": "DMP", "tipo__descricao": "Documentos de tribunais e do Minist\u00e9rio P\u00fablico", "assunto": "not\u00edcia de fato MPMG0694.21.000061-8:  Reitera no prazo de 15 dias a solicita\u00e7\u00e3o contida no of\u00edcio 312/2021"}, {"id": "3412", "ano": "2021", "numero": "25", "tipo__sigla": "DI", "tipo__descricao": "Di\u00e1rias e documentos relativos", "assunto": "Relat\u00f3rio de viagem  e documenta\u00e7\u00e3o comprobat\u00f3ria de viagem- Kainne Delfino Joanas  (Belo Horizonte 24/08/2021 a 27/08/2021)"}, {"id": "3661", "ano": "2021", "numero": "25", "tipo__sigla": "DDCI", "tipo__descricao": "Documentos Diversos da Controladoria Interna", "assunto": "Movimenta\u00e7\u00e3o Banc\u00e1ria Mensal- Detalhada  (referente ao m\u00eas de setembro de 2021)"}, {"id": "3698", "ano": "2021", "numero": "25", "tipo__sigla": "CERT", "tipo__descricao": "CERTIFICADO", "assunto": "Certifica que Luiz Felipe Mendon\u00e7a Rodrigues  esteve presente nos dias 06, 07 e 08 no 344\u00ba Curso de Capacita\u00e7\u00e3o com o tema: INTRODU\u00c7\u00c3O AO OR\u00c7AMENTO P\u00daBLICO E EXECU\u00c7\u00c3O DE EMENDA PARLAMENTAR AO PROJETO DE LEI OR\u00c7AMENT\u00c1RIA ANUAL realizado no per\u00edodo de 05 a 08 de outubro"}, {"id": "4008", "ano": "2021", "numero": "25", "tipo__sigla": "REDF", "tipo__descricao": "Reda\u00e7\u00e3o Final", "assunto": "Disp\u00f5e sobre a concess\u00e3o e presta\u00e7\u00e3o de contas do suprimento de fundos no \u00e2mbito de Santana da Vargem"}, {"id": "2259", "ano": "2021", "numero": "26", "tipo__sigla": "OFEXP", "tipo__descricao": "Of\u00edcio Expedido", "assunto": "ades\u00e3o, como \u201cCARONA\u201d na Ata de Registro de Pre\u00e7os n.\u00ba 023/2020,  na modalidade Preg\u00e3o Presencial n\u00ba 06/2020, para aquisi\u00e7\u00e3o de produtos de panifica\u00e7\u00e3o, leite e derivados"}, {"id": "2286", "ano": "2021", "numero": "26", "tipo__sigla": "OCI", "tipo__descricao": "Of\u00edcios da Controladoria Interna", "assunto": "Sugest\u00f5es para a administra\u00e7\u00e3o do ponto eletr\u00f4nico e dos pedidos de horas extras (formul\u00e1rios anexos ao of\u00edcio)."}, {"id": "2370", "ano": "2021", "numero": "26", "tipo__sigla": "OR", "tipo__descricao": "OF\u00cdCIOS RECEBIDOS", "assunto": "Balancetes, Receitas e Despesas referentes ao m\u00eas de Janeiro/2021"}, {"id": "2432", "ano": "2021", "numero": "26", "tipo__sigla": "ODC", "tipo__descricao": "Of\u00edcio/documento Cont\u00e1bil", "assunto": "Solicita informa\u00e7\u00e3o ao procurador a respeito da forma de frui\u00e7\u00e3o das f\u00e9rias pr\u00eamio"}, {"id": "2444", "ano": "2021", "numero": "26", "tipo__sigla": "OVC", "tipo__descricao": "Of\u00edcio de Vereador/Comiss\u00e3o", "assunto": "Solicita retirada e o acolhimento de animais selvagem na Avenida Tr\u00eas Pontas"}, {"id": "2611", "ano": "2021", "numero": "26", "tipo__sigla": "MEM", "tipo__descricao": "Memorando", "assunto": "Solicita autoriza\u00e7\u00e3o para o trabalho home office ou em regime de revezamento em raz\u00e3o do COVID-19"}, {"id": "2625", "ano": "2021", "numero": "26", "tipo__sigla": "REV", "tipo__descricao": "Relat\u00f3rios de rodagem do ve\u00edculo e outros", "assunto": "Levar processos de licita\u00e7\u00e3o e of\u00edcio para o procurador legislativo"}, {"id": "2666", "ano": "2021", "numero": "26", "tipo__sigla": "PARE", "tipo__descricao": "PARECER", "assunto": "Parecer Jur\u00eddico - Projeto de Lei Ordin\u00e1ria n\u00ba 23 - 2021 - Cria Sub-Elementos a dota\u00e7\u00e3o or\u00e7ament\u00e1ria destinada aos cons\u00f3rcios - Cissul e Cislagos."}, {"id": "2987", "ano": "2021", "numero": "26", "tipo__sigla": "OFP", "tipo__descricao": "Of\u00edcio da Procuradoria", "assunto": "Solicita informa\u00e7\u00f5es sobre as atividades realizadas pelo \u00f3rg\u00e3o de controle interno do Executivo no ano de 2019 - Emiss\u00e3o de Parecer Jur\u00eddico sobre as contas do exerc\u00edcio financeiro de 2019."}, {"id": "3295", "ano": "2021", "numero": "26", "tipo__sigla": "ARO", "tipo__descricao": "ATAS DAS REUNI\u00d5ES ORDIN\u00c1RIAS", "assunto": "Ata da 26\u00aa reuni\u00e3o ordin\u00e1ria da 1\u00aa Sess\u00e3o Legislativa da 15\u00aa Legislatura da C\u00e2mara Municipal de Santana da Vargem realizada no dia tr\u00eas de agosto de dois mil e vinte e um"}, {"id": "3306", "ano": "2021", "numero": "26", "tipo__sigla": "AT", "tipo__descricao": "ATESTADO", "assunto": "Atestado de sa\u00fade ocupacional (ASO), demissional Daniel de Castro Casagrande"}, {"id": "3368", "ano": "2021", "numero": "26", "tipo__sigla": "DMP", "tipo__descricao": "Documentos de tribunais e do Minist\u00e9rio P\u00fablico", "assunto": "Inqu\u00e9rito civil MPMG 0694.18.00056-4 : Requisita informa\u00e7\u00f5es e documentos a respeito de Silvio C\u00e9sar Miranda"}, {"id": "3413", "ano": "2021", "numero": "26", "tipo__sigla": "DI", "tipo__descricao": "Di\u00e1rias e documentos relativos", "assunto": "Relat\u00f3rio de viagem  e documenta\u00e7\u00e3o comprobat\u00f3ria de viagem- Felipe Tom\u00e9 Mota e Silva (Belo Horizonte 24/08/2021 a 27/08/2021)"}, {"id": "3662", "ano": "2021", "numero": "26", "tipo__sigla": "DDCI", "tipo__descricao": "Documentos Diversos da Controladoria Interna", "assunto": "Movimenta\u00e7\u00e3o Banc\u00e1ria Mensal- Resumida (referente ao m\u00eas de setembro de 2021)"}, {"id": "3850", "ano": "2021", "numero": "26", "tipo__sigla": "CERT", "tipo__descricao": "CERTIFICADO", "assunto": "Certifica que Maria Aparecida de Ara\u00fajo Reis esteve presente nos dias 27, 28 e 29 no curso de capacita\u00e7\u00e3o \"A import\u00e2ncia da lei de responsabilidade fiscal e o impacto dos seus princ\u00edpios na gest\u00e3o municipal\""}, {"id": "4062", "ano": "2021", "numero": "26", "tipo__sigla": "REDF", "tipo__descricao": "Reda\u00e7\u00e3o Final", "assunto": "Reda\u00e7\u00e3o final do projeto de lei 20, de 07 de setembro de 2021"}, {"id": "2260", "ano": "2021", "numero": "27", "tipo__sigla": "OFEXP", "tipo__descricao": "Of\u00edcio Expedido", "assunto": "Resposta ao of\u00edcio 008/2021"}, {"id": "2295", "ano": "2021", "numero": "27", "tipo__sigla": "OCI", "tipo__descricao": "Of\u00edcios da Controladoria Interna", "assunto": "Pagamento da fatura de internet com vencimento em 11 de janeiro (solicita informa\u00e7\u00f5es)."}, {"id": "2380", "ano": "2021", "numero": "27", "tipo__sigla": "OR", "tipo__descricao": "OF\u00cdCIOS RECEBIDOS", "assunto": "Resposta protocolada pela prefeitura aos of\u00edcios e indica\u00e7\u00f5es do vereador Luiz Felipe Mendon\u00e7a Rodrigues"}, {"id": "2452", "ano": "2021", "numero": "27", "tipo__sigla": "ODC", "tipo__descricao": "Of\u00edcio/documento Cont\u00e1bil", "assunto": "Solicita autoriza\u00e7\u00e3o para pagamento da folha referente ao m\u00eas de fevereiro de 2021 deferido em 26/02/2021"}, {"id": "2471", "ano": "2021", "numero": "27", "tipo__sigla": "OVC", "tipo__descricao": "Of\u00edcio de Vereador/Comiss\u00e3o", "assunto": "Solicita aten\u00e7\u00e3o redobrada quanto a fiscaliza\u00e7\u00e3o de mun\u00edcipes que viajaram recentemente com o objetivo de evitar uma nova alta de casos de coronavirus"}, {"id": "2613", "ano": "2021", "numero": "27", "tipo__sigla": "MEM", "tipo__descricao": "Memorando", "assunto": "Comunica a dificuldade em realizar completamente as atribui\u00e7\u00f5es de secretaria devido \u00e0 necessidade de assist\u00eancia t\u00e9cnica especializada em inform\u00e1tica"}, {"id": "2636", "ano": "2021", "numero": "27", "tipo__sigla": "REV", "tipo__descricao": "Relat\u00f3rios de rodagem do ve\u00edculo e outros", "assunto": "Levar a Diretora Kainne no Minist\u00e9rio P\u00fablico para protocolar respostas de of\u00edcios no MP"}, {"id": "2670", "ano": "2021", "numero": "27", "tipo__sigla": "PARE", "tipo__descricao": "PARECER", "assunto": "Parecer Jur\u00eddico - Projeto de Lei Ordin\u00e1ria n\u00ba 12 - 2021 - Bolsa Trabalho."}, {"id": "3159", "ano": "2021", "numero": "27", "tipo__sigla": "DD", "tipo__descricao": "Documentos da Diretoria", "assunto": "Of\u00edcio 27/2021 - Solicita encerramento do processo 19-21 para contrata\u00e7\u00e3o de manuten\u00e7\u00e3o do relogio de ponto"}, {"id": "3167", "ano": "2021", "numero": "27", "tipo__sigla": "OFP", "tipo__descricao": "Of\u00edcio da Procuradoria", "assunto": "Resposta ao of\u00edcio n\u00ba 222/21 da Presid\u00eancia ( n\u00ba 25 da Diretoria) - Orienta\u00e7\u00e3o sobre o pedido de aumento da previs\u00e3o de gasto com \u00e1gua e esgoto no procedimento de inexigibilidade n\u00ba 01\\2021."}, {"id": "3317", "ano": "2021", "numero": "27", "tipo__sigla": "ARO", "tipo__descricao": "ATAS DAS REUNI\u00d5ES ORDIN\u00c1RIAS", "assunto": "Ata da 27\u00aa reuni\u00e3o ordin\u00e1ria da 1\u00aa sess\u00e3o legislativa da 15\u00aa legislatura realizada no dia dez de agosto de dois mil e vinte e um"}, {"id": "3318", "ano": "2021", "numero": "27", "tipo__sigla": "AT", "tipo__descricao": "ATESTADO", "assunto": "Declara que Alanis Carolina de Oliveira Moreira esteve no consult\u00f3rio m\u00e9dico no dia 13/08/2021"}, {"id": "3386", "ano": "2021", "numero": "27", "tipo__sigla": "DMP", "tipo__descricao": "Documentos de tribunais e do Minist\u00e9rio P\u00fablico", "assunto": "Mandado de intima\u00e7\u00e3o - Processo 5002163-82.2020.8.130694 (A\u00e7\u00e3o de Improbidade Administrativa)"}, {"id": "3414", "ano": "2021", "numero": "27", "tipo__sigla": "DI", "tipo__descricao": "Di\u00e1rias e documentos relativos", "assunto": "Relat\u00f3rio de viagem  e documenta\u00e7\u00e3o comprobat\u00f3ria de viagem-  Ruiter Silva de Oliveira (Belo Horizonte 24/08/2021 a 27/08/2021)"}, {"id": "3663", "ano": "2021", "numero": "27", "tipo__sigla": "DDCI", "tipo__descricao": "Documentos Diversos da Controladoria Interna", "assunto": "Movimenta\u00e7\u00e3o Banc\u00e1ria Acumulada (Per\u00edodo de refer\u00eancia: Janeiro a Setembro 2021)"}, {"id": "3902", "ano": "2021", "numero": "27", "tipo__sigla": "CERT", "tipo__descricao": "CERTIFICADO", "assunto": "Certifica que RUITER SILVA DE OLIVEIRA esteve presente nos dias 03, 04 e 05 no 352\u00ba Curso de Capacita\u00e7\u00e3o com o tema: \u201cREGULAMENTA\u00c7\u00c3O DA LEI DE ACESSO \u00c0 INFORMA\u00c7\u00c3O NOS MUNIC\u00cdPIOS.\u201d realizado no per\u00edodo de 02 a 05 de novembro de 2021, no Audit\u00f3rio do Hotel Normandy, na cidade de Belo Horizonte \u2013 MG."}, {"id": "4063", "ano": "2021", "numero": "27", "tipo__sigla": "REDF", "tipo__descricao": "Reda\u00e7\u00e3o Final", "assunto": "Reda\u00e7\u00e3o Final do projeto de lei 25-2021"}, {"id": "2281", "ano": "2021", "numero": "28", "tipo__sigla": "OFEXP", "tipo__descricao": "Of\u00edcio Expedido", "assunto": "Encaminha indica\u00e7\u00f5es 001, 002, 003 e 004 do vereador Ezequiel Silva"}, {"id": "2305", "ano": "2021", "numero": "28", "tipo__sigla": "OCI", "tipo__descricao": "Of\u00edcios da Controladoria Interna", "assunto": "Instru\u00e7\u00e3o Normativa n\u00ba 10/2011 do TCE-MG (transmiss\u00e3o de remessas atrav\u00e9s do SICOM)."}, {"id": "2381", "ano": "2021", "numero": "28", "tipo__sigla": "OR", "tipo__descricao": "OF\u00cdCIOS RECEBIDOS", "assunto": "Resposta protocolada pela prefeitura ao of\u00edcio 025/2021 da C\u00e2mara Municipal"}, {"id": "2454", "ano": "2021", "numero": "28", "tipo__sigla": "ODC", "tipo__descricao": "Of\u00edcio/documento Cont\u00e1bil", "assunto": "Comunica que necessita de maior per\u00edodo de tempo para fornecer documentos solicitados pela presid\u00eancia referentes ao ex servidor Adler Maganha de P\u00e1dua"}, {"id": "2503", "ano": "2021", "numero": "28", "tipo__sigla": "OVC", "tipo__descricao": "Of\u00edcio de Vereador/Comiss\u00e3o", "assunto": "Requer informa\u00e7\u00f5es em rela\u00e7\u00e3o \u00e0 fiscaliza\u00e7\u00e3o da frota de transporte escolar, vistoria, manuten\u00e7\u00e3o e estado atual devido a uma poss\u00edvel volta das aulas presenciais no munic\u00edpio"}, {"id": "2650", "ano": "2021", "numero": "28", "tipo__sigla": "MEM", "tipo__descricao": "Memorando", "assunto": "Of\u00edcio 03/2021 Secret\u00e1ria: Informa n\u00e3o possuir capacidade t\u00e9cnica para integrar a Comiss\u00e3o de Invent\u00e1rio F\u00edsico e Financeiro de Bens e que tal atribui\u00e7\u00e3o n\u00e3o se encontra no rol das elencadas na lei de plano de cargos, carreiras do servidor do poder legislativo para o cargo de secret\u00e1ria legislativa e solicita que seja sanada a referida situa\u00e7\u00e3o"}, {"id": "2669", "ano": "2021", "numero": "28", "tipo__sigla": "REV", "tipo__descricao": "Relat\u00f3rios de rodagem do ve\u00edculo e outros", "assunto": "Levar Diretora Kainne no sindicato e na casa do pai da presidente e em seguida em Tr\u00eas Pontas para pagar consignado"}, {"id": "2671", "ano": "2021", "numero": "28", "tipo__sigla": "PARE", "tipo__descricao": "PARECER", "assunto": "Parecer jur\u00eddico - Licita\u00e7\u00e3o - Curso de Sistema de Controle Interno - Inexigibilidade."}, {"id": "3198", "ano": "2021", "numero": "28", "tipo__sigla": "DD", "tipo__descricao": "Documentos da Diretoria", "assunto": "solicita abertura de processo licitat\u00f3rio para a contrata\u00e7\u00e3o de empresa especializada em assist\u00eancia de suporte t\u00e9cnica para manuten\u00e7\u00e3o do rel\u00f3gio de ponto desta Casa."}, {"id": "3215", "ano": "2021", "numero": "28", "tipo__sigla": "OFP", "tipo__descricao": "Of\u00edcio da Procuradoria", "assunto": "Responde of\u00edcio n\u00ba 109 da Controladoria Interna - Solicita o envio do procedimento licitat\u00f3rio (Preg\u00e3o n\u00ba 01 - 2021)"}, {"id": "3319", "ano": "2021", "numero": "28", "tipo__sigla": "AT", "tipo__descricao": "ATESTADO", "assunto": "Declara que Isabela Louren\u00e7\u00e3o Messias compareceu no laborat\u00f3rio Breyner no dia 17 de agosto de 2021 das 7:30 \u00e1s 8:35"}, {"id": "3369", "ano": "2021", "numero": "28", "tipo__sigla": "ARO", "tipo__descricao": "ATAS DAS REUNI\u00d5ES ORDIN\u00c1RIAS", "assunto": "Ata da 28\u00aa reuni\u00e3o ordin\u00e1ria da 1\u00aa Sess\u00e3o Legislativa da 15\u00aa Legislatura realizada no dia dezessete de agosto de dois mil e vinte e um"}, {"id": "3397", "ano": "2021", "numero": "28", "tipo__sigla": "DMP", "tipo__descricao": "Documentos de tribunais e do Minist\u00e9rio P\u00fablico", "assunto": "Of\u00edcio 482/2021:  Procedimento preparat\u00f3rio n\u00b0 MPMG 0694.21.000061-8 (requisita documentos/ processo legislativo que culminou na lei 1.282/2011 e 1507/2019)"}, {"id": "3415", "ano": "2021", "numero": "28", "tipo__sigla": "DI", "tipo__descricao": "Di\u00e1rias e documentos relativos", "assunto": "Relat\u00f3rio de viagem  e documenta\u00e7\u00e3o comprobat\u00f3ria de viagem- Maria Aparecida de Ara\u00fajo Reis (Belo Horizonte 24/08/2021 a 27/08/2021)"}, {"id": "3855", "ano": "2021", "numero": "28", "tipo__sigla": "DDCI", "tipo__descricao": "Documentos Diversos da Controladoria Interna", "assunto": "Planilha de movimenta\u00e7\u00e3o banc\u00e1ria mensal (outubro) -DETALHADA"}, {"id": "3907", "ano": "2021", "numero": "28", "tipo__sigla": "CERT", "tipo__descricao": "CERTIFICADO", "assunto": "Certificamos que JACKSON LUIZ VEN\u00c2NCIO DE SOUZA participou do 354\u00ba Curso de Capacita\u00e7\u00e3o com o tema: \u201cREGULAMENTA\u00c7\u00c3O DA LEI DE ACESSO \u00c0 INFORMA\u00c7\u00c3O NOS MUNIC\u00cdPIOS.\u201d realizado no per\u00edodo de 09 a 12 de novembro de 2021, no Audit\u00f3rio do Hotel Normandy, na cidade de Belo Horizonte \u2013 MG."}, {"id": "2282", "ano": "2021", "numero": "29", "tipo__sigla": "OFEXP", "tipo__descricao": "Of\u00edcio Expedido", "assunto": "Encaminha as indica\u00e7\u00f5es 002 e 003 feitas pelo vereador Ronalthe Dayglas Rocha"}, {"id": "2307", "ano": "2021", "numero": "29", "tipo__sigla": "OCI", "tipo__descricao": "Of\u00edcios da Controladoria Interna", "assunto": "Transmiss\u00e3o das remessas de dezembro de 2020 atrav\u00e9s do SICOM."}, {"id": "2382", "ano": "2021", "numero": "29", "tipo__sigla": "OR", "tipo__descricao": "OF\u00cdCIOS RECEBIDOS", "assunto": "of\u00edcio protocolado pela prefeitura em resposta aos of\u00edcios e indica\u00e7\u00f5es protocoladas pelo vereador Ezequiel Silva"}, {"id": "2455", "ano": "2021", "numero": "29", "tipo__sigla": "ODC", "tipo__descricao": "Of\u00edcio/documento Cont\u00e1bil", "assunto": "Comunica que necessita de mais tempo para fornecer a documenta\u00e7\u00e3o solicitada referente ao ex servidor Adler Maganha de Padua"}, {"id": "2476", "ano": "2021", "numero": "29", "tipo__sigla": "DA", "tipo__descricao": "Documento Avulso", "assunto": "Consignado Caixa"}, {"id": "2540", "ano": "2021", "numero": "29", "tipo__sigla": "OVC", "tipo__descricao": "Of\u00edcio de Vereador/Comiss\u00e3o", "assunto": "solicita informa\u00e7\u00f5es a respeito da previs\u00e3o de volta das atividades presenciais oferecidas pelo CRAS - Centro de Refer\u00eancia de Assist\u00eancia Social no munic\u00edpio."}, {"id": "2684", "ano": "2021", "numero": "29", "tipo__sigla": "PARE", "tipo__descricao": "PARECER", "assunto": "Parecer cont\u00e1bil ao projeto de lei 23/2021"}, {"id": "2719", "ano": "2021", "numero": "29", "tipo__sigla": "MEM", "tipo__descricao": "Memorando", "assunto": "Informa que durante o m\u00eas de abril, devido a onda roxa, trabalhou por revezamento com as servidoras Kainne e Larissa"}, {"id": "2747", "ano": "2021", "numero": "29", "tipo__sigla": "REV", "tipo__descricao": "Relat\u00f3rios de rodagem do ve\u00edculo e outros", "assunto": "Ir na casa do procurador legislativo, Felipe, para buscar documentos \r\nOBS: Revis\u00e3o do carro"}, {"id": "3205", "ano": "2021", "numero": "29", "tipo__sigla": "DD", "tipo__descricao": "Documentos da Diretoria", "assunto": "Encaminha Of\u00edcio 108/2021 ao setor contabil"}, {"id": "3223", "ano": "2021", "numero": "29", "tipo__sigla": "OFP", "tipo__descricao": "Of\u00edcio da Procuradoria", "assunto": "Solicita a documenta\u00e7\u00e3o de qualifica\u00e7\u00e3o dos servidores que exerceram o cargo de controle interno no per\u00edodo de 2017 a 2020."}, {"id": "3409", "ano": "2021", "numero": "29", "tipo__sigla": "ARO", "tipo__descricao": "ATAS DAS REUNI\u00d5ES ORDIN\u00c1RIAS", "assunto": "Ata da 29\u00aa reuni\u00e3o ordin\u00e1ria da 1\u00aa Sess\u00e3o Legislativa da 15\u00aa Legislatura da C\u00e2mara Municipal de Santana da Vargem realizada no dia vinte e quatro de agosto de 2021"}, {"id": "3432", "ano": "2021", "numero": "29", "tipo__sigla": "DI", "tipo__descricao": "Di\u00e1rias e documentos relativos", "assunto": "An\u00e1lise de Presta\u00e7\u00e3o de Contas do recebimento de di\u00e1rias Kainne Delfino Joanas (24/08/2021 Belo Horizonte)"}, {"id": "3507", "ano": "2021", "numero": "29", "tipo__sigla": "AT", "tipo__descricao": "ATESTADO", "assunto": "Atesta que Emerson Silva Ara\u00fajo esteve sob tratamento m\u00e9dico, devendo ser afastado do servi\u00e7o por um dia a partir do dia 13/09/2021"}, {"id": "3538", "ano": "2021", "numero": "29", "tipo__sigla": "DMP", "tipo__descricao": "Documentos de tribunais e do Minist\u00e9rio P\u00fablico", "assunto": "Of\u00edcio 514/2021 3\u00aa PJ-TP: Requisita informa\u00e7\u00f5es- Inqu\u00e9rito civil MPMG-0694.21.000399-2 (Certid\u00e3o contendo a data de t\u00e9rmino do mandato dos vereadores Carlos C\u00e9zar Ribeiro, Emerson Silva Ara\u00fajo, Expedito Alves de Oliveira, Josino Silva, Marcos Roberto, Osmani de Paula, Sebasti\u00e3o de Ara\u00fajo)"}, {"id": "3856", "ano": "2021", "numero": "29", "tipo__sigla": "DDCI", "tipo__descricao": "Documentos Diversos da Controladoria Interna", "assunto": "Planilha de movimenta\u00e7\u00e3o banc\u00e1ria mensal (outubro)- RESUMIDA"}, {"id": "3908", "ano": "2021", "numero": "29", "tipo__sigla": "CERT", "tipo__descricao": "CERTIFICADO", "assunto": "Certifica que VITOR DONIZETTI SIQUEIRA JUNIOR participou do 354\u00ba Curso de Capacita\u00e7\u00e3o com o tema: \u201cREGULAMENTA\u00c7\u00c3O DA LEI DE ACESSO \u00c0 INFORMA\u00c7\u00c3O NOS MUNIC\u00cdPIOS.\u201d realizado no per\u00edodo de 09 a 12 de novembro de 2021, no Audit\u00f3rio do Hotel Normandy, na cidade de Belo Horizonte \u2013 MG."}, {"id": "2283", "ano": "2021", "numero": "30", "tipo__sigla": "OFEXP", "tipo__descricao": "Of\u00edcio Expedido", "assunto": "Encaminha indica\u00e7\u00f5es 001, 002, 003 e requerimento 004 do vereador Jackson Luiz Ven\u00e2ncio de Souza"}, {"id": "2308", "ano": "2021", "numero": "30", "tipo__sigla": "OCI", "tipo__descricao": "Of\u00edcios da Controladoria Interna", "assunto": "Sugest\u00e3o para a economicidade de papel sulfite tamanho A4."}, {"id": "2383", "ano": "2021", "numero": "30", "tipo__sigla": "OR", "tipo__descricao": "OF\u00cdCIOS RECEBIDOS", "assunto": "Of\u00edcio protocolado pela prefeitura em resposta aos of\u00edcios e indica\u00e7\u00f5es do vereador Luiz Felipe"}, {"id": "2486", "ano": "2021", "numero": "30", "tipo__sigla": "ODC", "tipo__descricao": "Of\u00edcio/documento Cont\u00e1bil", "assunto": "informa a urg\u00eancia de pagamento das faturas da memory e da telemar norte s/a"}, {"id": "2541", "ano": "2021", "numero": "30", "tipo__sigla": "OVC", "tipo__descricao": "Of\u00edcio de Vereador/Comiss\u00e3o", "assunto": "Solicita realiza\u00e7\u00e3o de curso de rotinas para a elabora\u00e7\u00e3o da LDO  no dia 06 de abril de 2021"}, {"id": "2711", "ano": "2021", "numero": "30", "tipo__sigla": "PARE", "tipo__descricao": "PARECER", "assunto": "Parecer Jur\u00eddico - Projeto de Lei Ordin\u00e1ria (Legislativo) n\u00ba 03 - Declara o CONSEP como entidade de utilidade p\u00fablica municipal."}, {"id": "2720", "ano": "2021", "numero": "30", "tipo__sigla": "MEM", "tipo__descricao": "Memorando", "assunto": "Solicita trabalhar em regime de revezamento neste m\u00eas de maio devido ao aumento de casos de Covid-19 no munic\u00edpio de Santana da Vargem"}, {"id": "2766", "ano": "2021", "numero": "30", "tipo__sigla": "REV", "tipo__descricao": "Relat\u00f3rios de rodagem do ve\u00edculo e outros", "assunto": "RELAT\u00d3RIO PARA PERCEP\u00c7\u00c3O DE DI\u00c1RIA\r\nCONFORME O ARTIGO 7\u00ba DA LEI 1.477 DE 17 DE DEZEMBRO DE 2018"}, {"id": "3206", "ano": "2021", "numero": "30", "tipo__sigla": "DD", "tipo__descricao": "Documentos da Diretoria", "assunto": "Responde 108/2021 do controle interno"}, {"id": "3263", "ano": "2021", "numero": "30", "tipo__sigla": "OFP", "tipo__descricao": "Of\u00edcio da Procuradoria", "assunto": "Solicita deferimento da Presidente para participa\u00e7\u00e3o de curso em Belo Horizonte - CPI/Sindic\u00e2ncia."}, {"id": "3433", "ano": "2021", "numero": "30", "tipo__sigla": "DI", "tipo__descricao": "Di\u00e1rias e documentos relativos", "assunto": "An\u00e1lise da presta\u00e7\u00e3o de contas do recebimento de di\u00e1rias Maria Aparecida (24/08/2021 Belo Horizonte)"}, {"id": "3477", "ano": "2021", "numero": "30", "tipo__sigla": "ARO", "tipo__descricao": "ATAS DAS REUNI\u00d5ES ORDIN\u00c1RIAS", "assunto": "Ata da 30\u00aa reuni\u00e3o ordin\u00e1ria da 1\u00aa (primeira) Sess\u00e3o Legislativa da 15\u00aa (d\u00e9cima quinta)  Legislatura realizada no dia trinta e um de agosto de dois mil e vinte e um"}, {"id": "3515", "ano": "2021", "numero": "30", "tipo__sigla": "AT", "tipo__descricao": "ATESTADO", "assunto": "Atesta que Larissa Oliveira Naves esteve acompanhando consulta m\u00e9dica de sua filha Elias Oliveira Naves no dia 15/09/2021"}, {"id": "3857", "ano": "2021", "numero": "30", "tipo__sigla": "DDCI", "tipo__descricao": "Documentos Diversos da Controladoria Interna", "assunto": "Planilha de movimenta\u00e7\u00e3o banc\u00e1ria - ACUMULADA"}, {"id": "3906", "ano": "2021", "numero": "30", "tipo__sigla": "DMP", "tipo__descricao": "Documentos de tribunais e do Minist\u00e9rio P\u00fablico", "assunto": "Of\u00edcio 199/2021/CRRG: Requisita toda a legisla\u00e7\u00e3o municipal vigente que verse sobre saneamento b\u00e1sico e tamb\u00e9m sobre a contrata\u00e7\u00e3o da COPASA  (Inqu\u00e9rito Civil- IC n\u00ba MPMG-0694.21.000164-0)"}, {"id": "3989", "ano": "2021", "numero": "30", "tipo__sigla": "CERT", "tipo__descricao": "CERTIFICADO", "assunto": "Certifica que Maria Aparecida de Ara\u00fajo esteve presente nos duas 24, 25 e 26 no 358\u00ba Curso de Capacita\u00e7\u00e3o com o tema \"No\u00e7\u00f5es essenciais de fiscaliza\u00e7\u00e3o das finan\u00e7as municipais\""}, {"id": "2284", "ano": "2021", "numero": "31", "tipo__sigla": "OFEXP", "tipo__descricao": "Of\u00edcio Expedido", "assunto": "Encaminha Indica\u00e7\u00f5es 022, 023, 024, 025, 026, 027, 028 e of\u00edcios 007, 008 e 009 feitos pelo vereador Luiz Felipe Mendon\u00e7a Rodrigues."}, {"id": "2311", "ano": "2021", "numero": "31", "tipo__sigla": "OCI", "tipo__descricao": "Of\u00edcios da Controladoria Interna", "assunto": "Sistema informatizado fornecido pela empresa Memory (problemas apresentados)."}, {"id": "2384", "ano": "2021", "numero": "31", "tipo__sigla": "OR", "tipo__descricao": "OF\u00cdCIOS RECEBIDOS", "assunto": "of\u00edcio protocolado pela prefeitura em resposta aos of\u00edcios e indica\u00e7\u00f5es protocolados pelo vereador Jackson"}, {"id": "2497", "ano": "2021", "numero": "31", "tipo__sigla": "ODC", "tipo__descricao": "Of\u00edcio/documento Cont\u00e1bil", "assunto": "Informa \u00e0 presid\u00eancia da necessidade de cria\u00e7\u00e3o em car\u00e1ter de urg\u00eancia da Comiss\u00e3o de Patrim\u00f4nios"}, {"id": "2542", "ano": "2021", "numero": "31", "tipo__sigla": "OVC", "tipo__descricao": "Of\u00edcio de Vereador/Comiss\u00e3o", "assunto": "Solicita abertura de processo licitat\u00f3rio para contrata\u00e7\u00e3o de empresa de consultoria e treinamento para realizar curso de rotinas para elabora\u00e7\u00e3o de LDO"}, {"id": "2713", "ano": "2021", "numero": "31", "tipo__sigla": "PARE", "tipo__descricao": "PARECER", "assunto": "Parecer jur\u00eddico - Projeto de Lei Ordin\u00e1ria (Legislativo) n\u00ba 04 - 2021 - Cria o programa \"Meu Primeiro Emprego\"."}, {"id": "2722", "ano": "2021", "numero": "31", "tipo__sigla": "MEM", "tipo__descricao": "Memorando", "assunto": "Solicita autoriza\u00e7\u00e3o para concess\u00e3o de acesso"}, {"id": "2774", "ano": "2021", "numero": "31", "tipo__sigla": "REV", "tipo__descricao": "Relat\u00f3rios de rodagem do ve\u00edculo e outros", "assunto": "Levar diretora Kainne para colher assinatura do secret\u00e1rio Felip\u00e3o \r\nOBS: verificar quest\u00e3o da revis\u00e3o"}, {"id": "3212", "ano": "2021", "numero": "31", "tipo__sigla": "DD", "tipo__descricao": "Documentos da Diretoria", "assunto": "encaminha documento em resposta ao of\u00edcio 108/2021, no qual solicita informa\u00e7\u00f5es a respeito do pagamento do documento de arrecada\u00e7\u00e3o de receitas federais (DARF)"}, {"id": "3332", "ano": "2021", "numero": "31", "tipo__sigla": "OFP", "tipo__descricao": "Of\u00edcio da Procuradoria", "assunto": "Solicita avalia\u00e7\u00e3o da Mesa Diretora - Acesso."}, {"id": "3434", "ano": "2021", "numero": "31", "tipo__sigla": "DI", "tipo__descricao": "Di\u00e1rias e documentos relativos", "assunto": "An\u00e1lise de Presta\u00e7\u00e3o de contas do recebimento de di\u00e1rias Ruiter Silva de Oliveira (24/08/2021 Belo Horizonte)"}, {"id": "3556", "ano": "2021", "numero": "31", "tipo__sigla": "ARO", "tipo__descricao": "ATAS DAS REUNI\u00d5ES ORDIN\u00c1RIAS", "assunto": "Ata da 31\u00aa reuni\u00e3o ordin\u00e1ria da 1\u00aa Sess\u00e3o Legislativa da 15\u00aa Legislatura da C\u00e2mara Municipal de Santana da Vargem, realizada no dia treze de setembro de 2021"}, {"id": "3558", "ano": "2021", "numero": "31", "tipo__sigla": "AT", "tipo__descricao": "ATESTADO", "assunto": "Atesta que o paciente Kainne Delfino Joanas compareceu na unidade de sa\u00fade no dia 22 de setembro de 2021 no per\u00edodo vespertino"}, {"id": "3917", "ano": "2021", "numero": "31", "tipo__sigla": "DMP", "tipo__descricao": "Documentos de tribunais e do Minist\u00e9rio P\u00fablico", "assunto": "Of\u00edcio 514/2021 3\u00aa PJTP: Inqu\u00e9rito Civiol MPMG 0694-21-000399-2 (Reitera requisi\u00e7\u00e3o de certid\u00e3o contendo a data de t\u00e9rmino do mandato eletivo dos vereadores Carlos Cezar Ribeiro, Emerson Silva de Ara\u00fajo, Expedito Alves de Oliveira, Josino Silva, Marcos Roberto Silva, Osmani de Paula, Sebasti\u00e3o de Ara\u00fajo"}, {"id": "4058", "ano": "2021", "numero": "31", "tipo__sigla": "DDCI", "tipo__descricao": "Documentos Diversos da Controladoria Interna", "assunto": "Movimenta\u00e7\u00e3o banc\u00e1ria mensal-  Detalhada (novembro)"}, {"id": "2290", "ano": "2021", "numero": "32", "tipo__sigla": "OFEXP", "tipo__descricao": "Of\u00edcio Expedido", "assunto": "SOLICITA INFORMA\u00c7\u00d5ES AO SETOR CONTABIL"}, {"id": "2325", "ano": "2021", "numero": "32", "tipo__sigla": "OCI", "tipo__descricao": "Of\u00edcios da Controladoria Interna", "assunto": "Execu\u00e7\u00e3o do sistema informatizado de ponto eletr\u00f4nico (incompat\u00edvel com as atribui\u00e7\u00f5es do controle interno)."}, {"id": "2385", "ano": "2021", "numero": "32", "tipo__sigla": "OR", "tipo__descricao": "OF\u00cdCIOS RECEBIDOS", "assunto": "of\u00edcio protocolado pela prefeitura em resposta ao of\u00edcio e indica\u00e7\u00f5es do vereador Vitor Donizetti Siqueira J\u00fanior"}, {"id": "2535", "ano": "2021", "numero": "32", "tipo__sigla": "ODC", "tipo__descricao": "Of\u00edcio/documento Cont\u00e1bil", "assunto": "Solicita curso de inform\u00e1tica e de contabilidade sistema da C\u00e2mara Municipal de Santana da Vargem"}, {"id": "2553", "ano": "2021", "numero": "32", "tipo__sigla": "OVC", "tipo__descricao": "Of\u00edcio de Vereador/Comiss\u00e3o", "assunto": "Relata que a indica\u00e7\u00e3o n\u00famero 001/2021 n\u00e3o foi atendida e solicita provid\u00eancias"}, {"id": "2723", "ano": "2021", "numero": "32", "tipo__sigla": "MEM", "tipo__descricao": "Memorando", "assunto": "Solicita permiss\u00e3o para vir trabalhar 2 (duas) vezes por semana, na segunda e quinta feira para limitar a circula\u00e7\u00e3o durante este per\u00edodo de onda vermelha"}, {"id": "2726", "ano": "2021", "numero": "32", "tipo__sigla": "PARE", "tipo__descricao": "PARECER", "assunto": "Parecer - Licita\u00e7\u00e3o - Inexigibilidade - Correios."}, {"id": "2797", "ano": "2021", "numero": "32", "tipo__sigla": "REV", "tipo__descricao": "Relat\u00f3rios de rodagem do ve\u00edculo e outros", "assunto": "Levar diretora Kainne na caixa econ\u00f4mica para pagar consignado e no Est\u00e1dio Hernani Pereira para protocolar of\u00edcio com o secret\u00e1rio de obras"}, {"id": "3254", "ano": "2021", "numero": "32", "tipo__sigla": "DD", "tipo__descricao": "Documentos da Diretoria", "assunto": "Of\u00edcio 32/2021 - Justificativa dos valores a respeito do processo de aquisi\u00e7\u00e3o de bandeira"}, {"id": "3333", "ano": "2021", "numero": "32", "tipo__sigla": "OFP", "tipo__descricao": "Of\u00edcio da Procuradoria", "assunto": "Solicita informa\u00e7\u00e3o sobre o hor\u00e1rio de emiss\u00e3o dos empenhos listados"}, {"id": "3435", "ano": "2021", "numero": "32", "tipo__sigla": "DI", "tipo__descricao": "Di\u00e1rias e documentos relativos", "assunto": "An\u00e1lise da presta\u00e7\u00e3o de contas do recebimento de di\u00e1rias Felipe Tom\u00e9 (24/08/2021 Belo Horizonte)"}, {"id": "3559", "ano": "2021", "numero": "32", "tipo__sigla": "AT", "tipo__descricao": "ATESTADO", "assunto": "Atesta que Alanis Carolina de Oliveira Moreira Almeida compareceu para realizar exame entre 11 e 14 h do dia 22 de setembro de 2021"}, {"id": "3592", "ano": "2021", "numero": "32", "tipo__sigla": "ARO", "tipo__descricao": "ATAS DAS REUNI\u00d5ES ORDIN\u00c1RIAS", "assunto": "Ata da 32\u00aa reuni\u00e3o ordin\u00e1ria da 1\u00aa Sess\u00e3o Legislativa da 15\u00aa Legislatura da C\u00e2mara Municipal de Santana da Vargem realizada no dia vinte e um de setembro de dois mil e vinte e um"}, {"id": "4059", "ano": "2021", "numero": "32", "tipo__sigla": "DDCI", "tipo__descricao": "Documentos Diversos da Controladoria Interna", "assunto": "Movimenta\u00e7\u00e3o Banc\u00e1ria Mensal- Resumida (novembro)"}, {"id": "2301", "ano": "2021", "numero": "33", "tipo__sigla": "OFEXP", "tipo__descricao": "Of\u00edcio Expedido", "assunto": "Solicita informa\u00e7\u00f5es a respeito do programa bolsa trabalho"}, {"id": "2328", "ano": "2021", "numero": "33", "tipo__sigla": "OCI", "tipo__descricao": "Of\u00edcios da Controladoria Interna", "assunto": "Solicita o extrato completo da conta banc\u00e1ria, para trabalhos de auditoria."}, {"id": "2386", "ano": "2021", "numero": "33", "tipo__sigla": "OR", "tipo__descricao": "OF\u00cdCIOS RECEBIDOS", "assunto": "Of\u00edcio protocolado pela prefeitura em resposta ao of\u00edcio e indica\u00e7\u00f5es do vereador Ronalthe Dayglas Rocha"}, {"id": "2547", "ano": "2021", "numero": "33", "tipo__sigla": "ODC", "tipo__descricao": "Of\u00edcio/documento Cont\u00e1bil", "assunto": "Solicita assist\u00eancia para enviar ao controlador interno convite ao Sistema de Gest\u00e3o de Identidade do Tribunal de Contas do Estado"}, {"id": "2560", "ano": "2021", "numero": "33", "tipo__sigla": "OVC", "tipo__descricao": "Of\u00edcio de Vereador/Comiss\u00e3o", "assunto": "solicita abertura de processo licitat\u00f3rio"}, {"id": "2724", "ano": "2021", "numero": "33", "tipo__sigla": "MEM", "tipo__descricao": "Memorando", "assunto": "Solicita trabalhar em regime de revezamento durante a onda vermelha"}, {"id": "2727", "ano": "2021", "numero": "33", "tipo__sigla": "PARE", "tipo__descricao": "PARECER", "assunto": "Parecer Jur\u00eddico - Emenda a Lei Org\u00e2nica n\u00ba 01 - 2021 - Altera o Inciso IV do art. 8\u00ba."}, {"id": "2836", "ano": "2021", "numero": "33", "tipo__sigla": "REV", "tipo__descricao": "Relat\u00f3rios de rodagem do ve\u00edculo e outros", "assunto": "Relat\u00f3rio para percep\u00e7\u00e3o de di\u00e1ria vereador Carlos C\u00e9zar Ribeiro"}, {"id": "3320", "ano": "2021", "numero": "33", "tipo__sigla": "DD", "tipo__descricao": "Documentos da Diretoria", "assunto": "Of\u00edcio 33/2021 - Ap\u00f3s encerramento do processo 20/2021 para aquisi\u00e7\u00e3o de  produtos de panifica\u00e7\u00e3o, leite e derivados, sugerido pelo controle interno, solicito abertura de um novo processo licitat\u00f3rio para aquisi\u00e7\u00e3o de produtos de panifica\u00e7\u00e3o, leite e derivados para a C\u00e2mara Municipal de Santana da Vargem."}, {"id": "3411", "ano": "2021", "numero": "33", "tipo__sigla": "OFP", "tipo__descricao": "Of\u00edcio da Procuradoria", "assunto": "Resposta ao of\u00edcio 265 da Presid\u00eancia - Devolu\u00e7\u00e3o de Valores - Vitor Donizetti J\u00fanior - Di\u00e1ria + Combust\u00edvel + Curso."}, {"id": "3486", "ano": "2021", "numero": "33", "tipo__sigla": "DI", "tipo__descricao": "Di\u00e1rias e documentos relativos", "assunto": "Requerimento de concess\u00e3o de di\u00e1rias adiantadas Vitor Donizetti  Siqueira Junior (Belo Horizonte 14 a 17 de setembro)"}, {"id": "3569", "ano": "2021", "numero": "33", "tipo__sigla": "AT", "tipo__descricao": "ATESTADO", "assunto": "Atesta que Ruiter Silva de Oliveira, compareceu no consult\u00f3rio das 10:00 \u00e0s 11:30 para tratamento odontol\u00f3gico"}, {"id": "3655", "ano": "2021", "numero": "33", "tipo__sigla": "ARO", "tipo__descricao": "ATAS DAS REUNI\u00d5ES ORDIN\u00c1RIAS", "assunto": "Ata da 33\u00aa reuni\u00e3o ordin\u00e1ria da 1\u00aa Sess\u00e3o Legislativa da 15\u00aa Legislatura da C\u00e2mara Municipal de Santana da Vargem realizada no dia oito de setembro de dois mil e vinte e um"}, {"id": "4060", "ano": "2021", "numero": "33", "tipo__sigla": "DDCI", "tipo__descricao": "Documentos Diversos da Controladoria Interna", "assunto": "Movimenta\u00e7\u00e3o banc\u00e1ria acumulada"}, {"id": "2302", "ano": "2021", "numero": "34", "tipo__sigla": "OFEXP", "tipo__descricao": "Of\u00edcio Expedido", "assunto": "Solicita informa\u00e7\u00f5es"}, {"id": "2342", "ano": "2021", "numero": "34", "tipo__sigla": "OCI", "tipo__descricao": "Of\u00edcios da Controladoria Interna", "assunto": "Envio de convite ao controlador interno no Sistema de Gest\u00e3o de Identidade do Tribunal de Contas do Estado de Minas Gerais."}, {"id": "2387", "ano": "2021", "numero": "34", "tipo__sigla": "OR", "tipo__descricao": "OF\u00cdCIOS RECEBIDOS", "assunto": "Of\u00edcio protocolado pela prefeitura em resposta ao of\u00edcio 034/2021 da C\u00e2mara Municipal de Santana da Vargem"}, {"id": "2538", "ano": "2021", "numero": "34", "tipo__sigla": "DA", "tipo__descricao": "Documento Avulso", "assunto": "Carta de apresenta\u00e7\u00e3o-termo de responsabilidade caixa-CEF"}, {"id": "2570", "ano": "2021", "numero": "34", "tipo__sigla": "ODC", "tipo__descricao": "Of\u00edcio/documento Cont\u00e1bil", "assunto": "Encaminha relat\u00f3rio cont\u00e1bil referente ao m\u00eas de janeiro e fevereiro de 2021"}, {"id": "2585", "ano": "2021", "numero": "34", "tipo__sigla": "OVC", "tipo__descricao": "Of\u00edcio de Vereador/Comiss\u00e3o", "assunto": "Solicita informa\u00e7\u00e3o ao vereador Vitor Donizetti Siqueira Junior"}, {"id": "2728", "ano": "2021", "numero": "34", "tipo__sigla": "PARE", "tipo__descricao": "PARECER", "assunto": "Parecer Jur\u00eddico - Inexigibilidade - Curso Vereador - LDO"}, {"id": "2731", "ano": "2021", "numero": "34", "tipo__sigla": "MEM", "tipo__descricao": "Memorando", "assunto": "Concess\u00e3o de acesso de acordo com a Lei Complementar 16 de 23 de julho de 2019"}, {"id": "2839", "ano": "2021", "numero": "34", "tipo__sigla": "REV", "tipo__descricao": "Relat\u00f3rios de rodagem do ve\u00edculo e outros", "assunto": "Relat\u00f3rio para percep\u00e7\u00e3o de di\u00e1ria vereador Vitor Donizetti Siqueira Junior"}, {"id": "3321", "ano": "2021", "numero": "34", "tipo__sigla": "DD", "tipo__descricao": "Documentos da Diretoria", "assunto": "Solicita abertura de processo de material de expediente para o legislativo"}, {"id": "3430", "ano": "2021", "numero": "34", "tipo__sigla": "OFP", "tipo__descricao": "Of\u00edcio da Procuradoria", "assunto": "solicita que seja providenciado o envia da c\u00f3pia integral dos processos legislativos que aprovaram os projetos de lei que se transformaram nas leis n\u00ba 1282/11 e n\u00ba 1.507/2019, caso j\u00e1 n\u00e3o tenham sido enviadas."}, {"id": "3487", "ano": "2021", "numero": "34", "tipo__sigla": "DI", "tipo__descricao": "Di\u00e1rias e documentos relativos", "assunto": "Requerimento de concess\u00e3o de di\u00e1rias adiantadas Carlos Cezar Ribeiro (Belo Horizonte- 14 a 17 de setembro)"}, {"id": "3657", "ano": "2021", "numero": "34", "tipo__sigla": "AT", "tipo__descricao": "ATESTADO", "assunto": "Comprovante de vacina\u00e7\u00e3o Ruiter Silva de Oliveira (06/10/2021)"}, {"id": "3659", "ano": "2021", "numero": "34", "tipo__sigla": "ARO", "tipo__descricao": "ATAS DAS REUNI\u00d5ES ORDIN\u00c1RIAS", "assunto": "Ata da 34\u00aa reuni\u00e3o ordin\u00e1ria da 1\u00aa Sess\u00e3o Legislativa da 15\u00aa Legislatura da C\u00e2mara Municipal de Santana da Vargem realizada no dia cinco de outubro de dois mil e vinte e um"}, {"id": "2312", "ano": "2021", "numero": "35", "tipo__sigla": "OFEXP", "tipo__descricao": "Of\u00edcio Expedido", "assunto": "Solicita informa\u00e7\u00f5es ao cont\u00e1bil"}, {"id": "2343", "ano": "2021", "numero": "35", "tipo__sigla": "OCI", "tipo__descricao": "Of\u00edcios da Controladoria Interna", "assunto": "Solicitar informa\u00e7\u00e3o acerca do pagamento das contribui\u00e7\u00f5es previdenci\u00e1rias dos colaboradores (referentes a janeiro de 2021)."}, {"id": "2388", "ano": "2021", "numero": "35", "tipo__sigla": "OR", "tipo__descricao": "OF\u00cdCIOS RECEBIDOS", "assunto": "Of\u00edcio protocolado pela prefeitura em resposta ao of\u00edcio 033/2021 da C\u00e2mara Municipal de Santana da Vargem"}, {"id": "2563", "ano": "2021", "numero": "35", "tipo__sigla": "NFB", "tipo__descricao": "Nota Fiscal/boleto", "assunto": "Nota fiscal padaria Edlon Fernandes da Silva"}, {"id": "2574", "ano": "2021", "numero": "35", "tipo__sigla": "ODC", "tipo__descricao": "Of\u00edcio/documento Cont\u00e1bil", "assunto": "Solicita a urg\u00eancia de um t\u00e9cnico em inform\u00e1tica para a manuten\u00e7\u00e3o dos computadores da C\u00e2mara de Santana da Vargem."}, {"id": "2586", "ano": "2021", "numero": "35", "tipo__sigla": "OVC", "tipo__descricao": "Of\u00edcio de Vereador/Comiss\u00e3o", "assunto": "Solicita informa\u00e7\u00e3o \u00e0 Presidente Silmara Girlaine Hon\u00f3rio"}, {"id": "2745", "ano": "2021", "numero": "35", "tipo__sigla": "MEM", "tipo__descricao": "Memorando", "assunto": "Solicita autoriza\u00e7\u00e3o para concess\u00e3o de acesso"}, {"id": "2750", "ano": "2021", "numero": "35", "tipo__sigla": "PARE", "tipo__descricao": "PARECER", "assunto": "Parecer Jur\u00eddico - Lei Ordin\u00e1ria n\u00ba 05 - 2021 (Legislativo) - Prefer\u00eancia para matricular pessoas com TEA nas institui\u00e7\u00f5es de ensino - Autismo"}, {"id": "2841", "ano": "2021", "numero": "35", "tipo__sigla": "REV", "tipo__descricao": "Relat\u00f3rios de rodagem do ve\u00edculo e outros", "assunto": "Relat\u00f3rio para percep\u00e7\u00e3o de di\u00e1ria nos dias 18, 19, 20 e 21 de maio de 2021 Jackson Luiz Ven\u00e2ncio"}, {"id": "3322", "ano": "2021", "numero": "35", "tipo__sigla": "DD", "tipo__descricao": "Documentos da Diretoria", "assunto": "Of\u00edcio 34/2021 - Solicita abertura de processo administrativo para a aquisi\u00e7\u00e3o de arm\u00e1rios, mesas e cadeiras."}, {"id": "3489", "ano": "2021", "numero": "35", "tipo__sigla": "DI", "tipo__descricao": "Di\u00e1rias e documentos relativos", "assunto": "Requerimento de concess\u00e3o de di\u00e1rias ao motorista ( viagem Belo Horizonte 14/09/2021 a 17/09/2021)"}, {"id": "3529", "ano": "2021", "numero": "35", "tipo__sigla": "OFP", "tipo__descricao": "Of\u00edcio da Procuradoria", "assunto": "Solicita informa\u00e7\u00f5es sobre contratos tempor\u00e1rios e gasto com pessoal - Atender decis\u00e3o judicial"}, {"id": "3658", "ano": "2021", "numero": "35", "tipo__sigla": "AT", "tipo__descricao": "ATESTADO", "assunto": "Atestado Larissa Oliveira Naves 06/10/2021"}, {"id": "3810", "ano": "2021", "numero": "35", "tipo__sigla": "ARO", "tipo__descricao": "ATAS DAS REUNI\u00d5ES ORDIN\u00c1RIAS", "assunto": "Ata da 35\u00aa reuni\u00e3o ordin\u00e1ria da 1\u00aa Sess\u00e3o Legislativa da 15\u00aa Legislatura da C\u00e2mara Municipal de Santana da Vargem"}, {"id": "2316", "ano": "2021", "numero": "36", "tipo__sigla": "OFEXP", "tipo__descricao": "Of\u00edcio Expedido", "assunto": "encaminha o Of\u00edcio n\u00ba 22/2021 de autoria do Controle Interno Legislativo"}, {"id": "2347", "ano": "2021", "numero": "36", "tipo__sigla": "OCI", "tipo__descricao": "Of\u00edcios da Controladoria Interna", "assunto": "Retorno quanto ao Of\u00edcio n\u00ba 02/2021, emitido pela Presid\u00eancia (o controle interno apresenta sugest\u00f5es de adequa\u00e7\u00e3o para a Lei Municipal n\u00ba 1.477/2018, que disp\u00f5e sobre di\u00e1rias para os agentes do Poder Legislativo)."}, {"id": "2431", "ano": "2021", "numero": "36", "tipo__sigla": "OR", "tipo__descricao": "OF\u00cdCIOS RECEBIDOS", "assunto": "Solicita a prorroga\u00e7\u00e3o por mais 15 dias para resposta ao of\u00edcio 032/2021"}, {"id": "2488", "ano": "2021", "numero": "36", "tipo__sigla": "NFB", "tipo__descricao": "Nota Fiscal/boleto", "assunto": "Conta telemar norte s/a referente ao m\u00eas de fevereiro 2021"}, {"id": "2575", "ano": "2021", "numero": "36", "tipo__sigla": "ODC", "tipo__descricao": "Of\u00edcio/documento Cont\u00e1bil", "assunto": "Informa que devido aos problemas causados pelo sistema de inform\u00e1tica da C\u00e2mara Municipal de Santana da Vargem  n\u00e3o retirou o nome e CPF do controlador interno em documentos emitidos pelo setor cont\u00e1bil entre outras demandas que dependem do funcionamento do sistema de inform\u00e1tica"}, {"id": "2587", "ano": "2021", "numero": "36", "tipo__sigla": "OVC", "tipo__descricao": "Of\u00edcio de Vereador/Comiss\u00e3o", "assunto": "Resposta ao of\u00edcio 08/2021 da vereadora Maria Aparecida Ara\u00fajo Reis"}, {"id": "2755", "ano": "2021", "numero": "36", "tipo__sigla": "PARE", "tipo__descricao": "PARECER", "assunto": "Parecer Licita\u00e7\u00e3o - Livros"}, {"id": "2844", "ano": "2021", "numero": "36", "tipo__sigla": "REV", "tipo__descricao": "Relat\u00f3rios de rodagem do ve\u00edculo e outros", "assunto": "Relat\u00f3rio para percep\u00e7\u00e3o de di\u00e1ria, nos dias 18, 19, 20 e 21 de maio de 2021"}, {"id": "2892", "ano": "2021", "numero": "36", "tipo__sigla": "MEM", "tipo__descricao": "Memorando", "assunto": "Of\u00edcio 005/2021 Secret\u00e1ria Legislativa: Solicita melhorias na recep\u00e7\u00e3o da C\u00e2mara Municipal de Santana da Vargem"}, {"id": "3323", "ano": "2021", "numero": "36", "tipo__sigla": "DD", "tipo__descricao": "Documentos da Diretoria", "assunto": "Of\u00edcio 35/2021 - Solicita abertura de processo administrativo para a contrata\u00e7\u00e3o de servi\u00e7os de jardinagem na \u00e1rea externa do im\u00f3vel da C\u00e2mara Municipal de Santana da Vargem."}, {"id": "3521", "ano": "2021", "numero": "36", "tipo__sigla": "DI", "tipo__descricao": "Di\u00e1rias e documentos relativos", "assunto": "Requerimento de concess\u00e3o de di\u00e1rias ao motorista- Belo Horizonte 24/08/2021 a 27/08/2021"}, {"id": "3557", "ano": "2021", "numero": "36", "tipo__sigla": "OFP", "tipo__descricao": "Of\u00edcio da Procuradoria", "assunto": "Solicita a retirada de 3 (tr\u00eas) horas extras da folha de ponto do m\u00eas de setembro."}, {"id": "3693", "ano": "2021", "numero": "36", "tipo__sigla": "AT", "tipo__descricao": "ATESTADO", "assunto": "Atesta que Alanis Carolina de Oliveira encontra-se em tratamento m\u00e9dico devendo ser afastado do trabalho por 10 (dez) dias a partir do dia 28/09/2021"}, {"id": "3885", "ano": "2021", "numero": "36", "tipo__sigla": "ARO", "tipo__descricao": "ATAS DAS REUNI\u00d5ES ORDIN\u00c1RIAS", "assunto": "Ata da 36\u00aa reuni\u00e3o ordin\u00e1ria da 1\u00aa Sess\u00e3o Legislativa da 15\u00aa Legislatura da C\u00e2mara Municipal de Santana da Vargem realizada no dia vinte e seis de outubro de 2021"}, {"id": "2335", "ano": "2021", "numero": "37", "tipo__sigla": "OFEXP", "tipo__descricao": "Of\u00edcio Expedido", "assunto": "Encaminha extratos para publica\u00e7\u00e3o"}, {"id": "2350", "ano": "2021", "numero": "37", "tipo__sigla": "OCI", "tipo__descricao": "Of\u00edcios da Controladoria Interna", "assunto": "Envio de checklist - elaborado pela controladoria - para direcionar o fluxo dos procedimentos de dispensa de licita\u00e7\u00e3o."}, {"id": "2451", "ano": "2021", "numero": "37", "tipo__sigla": "OR", "tipo__descricao": "OF\u00cdCIOS RECEBIDOS", "assunto": "Manifesta concord\u00e2ncia/deferimento quanto \u00e0 ades\u00e3o \u00e0 Ata de Registro de Pre\u00e7os referente ao processo Licitat\u00f3rio 02/2021- preg\u00e3o presencial n\u00b0001/2021"}, {"id": "2475", "ano": "2021", "numero": "37", "tipo__sigla": "NFB", "tipo__descricao": "Nota Fiscal/boleto", "assunto": "Boletos Memory  referentes a fevereiro de 2021"}, {"id": "2577", "ano": "2021", "numero": "37", "tipo__sigla": "ODC", "tipo__descricao": "Of\u00edcio/documento Cont\u00e1bil", "assunto": "Solicita parecer jur\u00eddico a respeito do processo licitat\u00f3rio 08/2021-carona- n\u00e3o participante"}, {"id": "2580", "ano": "2021", "numero": "37", "tipo__sigla": "DA", "tipo__descricao": "Documento Avulso", "assunto": "Empr\u00e9stimo em consigna\u00e7\u00e3o Carlos Cezar Ribeiro"}, {"id": "2706", "ano": "2021", "numero": "37", "tipo__sigla": "OVC", "tipo__descricao": "Of\u00edcio de Vereador/Comiss\u00e3o", "assunto": "Justifica aus\u00eancia na reuni\u00e3o ordin\u00e1ria do dia 08 de abril de 2021"}, {"id": "2773", "ano": "2021", "numero": "37", "tipo__sigla": "PARE", "tipo__descricao": "PARECER", "assunto": "Parecer Jur\u00eddico - Lei Ordin\u00e1ria n\u00ba 24 - 2021 - Visa instituir a Pol\u00edtica Municipal de Incentivo ao Desenvolvimento Econ\u00f4mico de Santana da Vargem."}, {"id": "2857", "ano": "2021", "numero": "37", "tipo__sigla": "REV", "tipo__descricao": "Relat\u00f3rios de rodagem do ve\u00edculo e outros", "assunto": "Relat\u00f3rio para percep\u00e7\u00e3o de di\u00e1ria, nos dias 18, 19, 20 e 21 de maio vereador Vitor Donizetti (Com altera\u00e7\u00f5es)"}, {"id": "2926", "ano": "2021", "numero": "37", "tipo__sigla": "MEM", "tipo__descricao": "Memorando", "assunto": "Of\u00edcio 06/2021 em resposta ao of\u00edcio 021/2021 da procuradoria"}, {"id": "3325", "ano": "2021", "numero": "37", "tipo__sigla": "DD", "tipo__descricao": "Documentos da Diretoria", "assunto": "Solicita que a servidora Larissa Oliveira Naves compare\u00e7a 07:00 da manh\u00e3 e trabalhe at\u00e9 as 16:0hs fazendo 8:00 h di\u00e1rias"}, {"id": "3522", "ano": "2021", "numero": "37", "tipo__sigla": "DI", "tipo__descricao": "Di\u00e1rias e documentos relativos", "assunto": "Processo de concess\u00e3o de di\u00e1rias ao motorista - Belo Horizonte 24/08/2021 a 27/08/2021"}, {"id": "3613", "ano": "2021", "numero": "37", "tipo__sigla": "OFP", "tipo__descricao": "Of\u00edcio da Procuradoria", "assunto": "Resposta ao of\u00edcio n\u00ba 10 - 2021 - Controle Interno - Intrajornada dos Servidores do Legislativo."}, {"id": "3725", "ano": "2021", "numero": "37", "tipo__sigla": "AT", "tipo__descricao": "ATESTADO", "assunto": "Atesta que Kainne Delfino Joanas esteve acompanhando Silmara Girlaine Hon\u00f3rio em exame de videocolonoscopia sob seda\u00e7\u00e3o"}, {"id": "3920", "ano": "2021", "numero": "37", "tipo__sigla": "ARO", "tipo__descricao": "ATAS DAS REUNI\u00d5ES ORDIN\u00c1RIAS", "assunto": "Ata da 37\u00aa (trig\u00e9sima s\u00e9tima) reuni\u00e3o ordin\u00e1ria da 1\u00aa Sess\u00e3o Legislativa da 15\u00aa Legislatura da C\u00e2mara Municipal de Santana da Vargem"}, {"id": "2339", "ano": "2021", "numero": "38", "tipo__sigla": "OFEXP", "tipo__descricao": "Of\u00edcio Expedido", "assunto": "Encaminha indica\u00e7\u00f5es 029 a 039 do vereador Luiz Felipe Mendon\u00e7a Rodrigues"}, {"id": "2354", "ano": "2021", "numero": "38", "tipo__sigla": "OCI", "tipo__descricao": "Of\u00edcios da Controladoria Interna", "assunto": "Envio de checklist - elaborado pela controladoria - para direcionar o fluxo dos procedimentos de inexigibilidade de licita\u00e7\u00e3o."}, {"id": "2433", "ano": "2021", "numero": "38", "tipo__sigla": "NFB", "tipo__descricao": "Nota Fiscal/boleto", "assunto": "Nota fiscal referente a emiss\u00e3o de certificado digital"}, {"id": "2462", "ano": "2021", "numero": "38", "tipo__sigla": "OR", "tipo__descricao": "OF\u00cdCIOS RECEBIDOS", "assunto": "Encaminha documentos a respeito do projeto de lei 07/2021 -PROREFIS-"}, {"id": "2602", "ano": "2021", "numero": "38", "tipo__sigla": "ODC", "tipo__descricao": "Of\u00edcio/documento Cont\u00e1bil", "assunto": "Solicita trabalho home office de  acordo com as recomenda\u00e7\u00f5es da autoridade de sa\u00fade, devido ao grau de cont\u00e1gio da Covid-19"}, {"id": "2630", "ano": "2021", "numero": "38", "tipo__sigla": "DA", "tipo__descricao": "Documento Avulso", "assunto": "Comunicado de incorpora\u00e7\u00e3o a empresa OI S.A substituir\u00e1 a telemar norter leste S.A como parte no contrata existente com este \u00f3rg\u00e3o"}, {"id": "2785", "ano": "2021", "numero": "38", "tipo__sigla": "PARE", "tipo__descricao": "PARECER", "assunto": "Parecer Jur\u00eddico - Lei Ordin\u00e1ria n\u00ba 06/2021 - Disp\u00f5e sobre a concess\u00e3o e presta\u00e7\u00e3o de contas de adiantamentos para realiza\u00e7\u00e3o de despesas urgentes e de pequeno vulto no \u00e2mbito do Munic\u00edpio de Santana da Vargem."}, {"id": "2858", "ano": "2021", "numero": "38", "tipo__sigla": "REV", "tipo__descricao": "Relat\u00f3rios de rodagem do ve\u00edculo e outros", "assunto": "Relat\u00f3rio  para percep\u00e7\u00e3o de di\u00e1ria para os dias 18, 19, 20 e 21, Jackson (Com altera\u00e7\u00f5es)"}, {"id": "2972", "ano": "2021", "numero": "38", "tipo__sigla": "MEM", "tipo__descricao": "Memorando", "assunto": "Responde procuradoria a respeito dos utens\u00edlios e produtos que s\u00e3o necess\u00e1rios para a preven\u00e7\u00e3o da COVID"}, {"id": "3342", "ano": "2021", "numero": "38", "tipo__sigla": "DD", "tipo__descricao": "Documentos da Diretoria", "assunto": "solicita minha inscri\u00e7\u00e3o no curso: CPI, CASSA\u00c7\u00c3O DE MANDATO E SINDIC\u00c2NCIAS NO LEGISLATIVO MUNICIPAL,"}, {"id": "3523", "ano": "2021", "numero": "38", "tipo__sigla": "DI", "tipo__descricao": "Di\u00e1rias e documentos relativos", "assunto": "Processo de Concess\u00e3o de di\u00e1rias Felipe Tom\u00e9- Belo Horizonte 24-08-2021 a 27-08-2021"}, {"id": "3654", "ano": "2021", "numero": "38", "tipo__sigla": "OFP", "tipo__descricao": "Of\u00edcio da Procuradoria", "assunto": "Concess\u00e3o de f\u00e9rias - 15 dias."}, {"id": "3809", "ano": "2021", "numero": "38", "tipo__sigla": "AT", "tipo__descricao": "ATESTADO", "assunto": "Atesta que Carlos C\u00e9zar Ribeiro est\u00e1 sob tratamento m\u00e9dico, devendo ser afastado do servi\u00e7o por 1 dia a partir do dia 26/10/2021"}, {"id": "3967", "ano": "2021", "numero": "38", "tipo__sigla": "ARO", "tipo__descricao": "ATAS DAS REUNI\u00d5ES ORDIN\u00c1RIAS", "assunto": "Ata da 38\u00aa reuni\u00e3o ordin\u00e1ria da 1\u00aa sess\u00e3o legislativa da 15\u00aa Legislatura da C\u00e2mara Municipal de Santana da Vargem"}, {"id": "2340", "ano": "2021", "numero": "39", "tipo__sigla": "OFEXP", "tipo__descricao": "Of\u00edcio Expedido", "assunto": "Encaminha indica\u00e7\u00e3o 005 feita pelo vereador Ezequiel da Silva"}, {"id": "2358", "ano": "2021", "numero": "39", "tipo__sigla": "OCI", "tipo__descricao": "Of\u00edcios da Controladoria Interna", "assunto": "Confirmar recebimento do Of\u00edcio da Diretoria n\u00ba 03/2021 e solicitar espelhos de ponto eletr\u00f4nico para fazer o relat\u00f3rio geral do m\u00eas de fevereiro de 2021."}, {"id": "2369", "ano": "2021", "numero": "39", "tipo__sigla": "NFB", "tipo__descricao": "Nota Fiscal/boleto", "assunto": "Nota fiscal auto posto Santana"}, {"id": "2464", "ano": "2021", "numero": "39", "tipo__sigla": "OR", "tipo__descricao": "OF\u00cdCIOS RECEBIDOS", "assunto": "Presta\u00e7\u00e3o de informa\u00e7\u00e3o"}, {"id": "2604", "ano": "2021", "numero": "39", "tipo__sigla": "ODC", "tipo__descricao": "Of\u00edcio/documento Cont\u00e1bil", "assunto": "Informa n\u00e3o conseguir cadastrar o administrador   nem usu\u00e1rios no sistema de gest\u00e3o de identidade TCE-MG"}, {"id": "2658", "ano": "2021", "numero": "39", "tipo__sigla": "DA", "tipo__descricao": "Documento Avulso", "assunto": "Declara\u00e7\u00e3o anual de bens e valores da servidora Larissa Oliveira Naves, protocolada em 31 de mar\u00e7o de dois mil e vinte um"}, {"id": "2744", "ano": "2021", "numero": "39", "tipo__sigla": "OVC", "tipo__descricao": "Of\u00edcio de Vereador/Comiss\u00e3o", "assunto": "Solicita a retirada de pauta do  projeto de lei 03/2021, do legislativo"}, {"id": "2804", "ano": "2021", "numero": "39", "tipo__sigla": "PARE", "tipo__descricao": "PARECER", "assunto": "Parecer Jur\u00eddico - Lei Ordin\u00e1ria n\u00ba 31 - Abertura de Cr\u00e9dito Adicional Especial - Super\u00e1vit Financeiro - R$ 1.738.889,88 (um milh\u00e3o setecentos e trinta e oito mil oitocentos e oitenta e nove reais e oitenta e oito centavos) - Santa Casa de Tr\u00eas Pontas."}, {"id": "2859", "ano": "2021", "numero": "39", "tipo__sigla": "REV", "tipo__descricao": "Relat\u00f3rios de rodagem do ve\u00edculo e outros", "assunto": "Relat\u00f3rio para percep\u00e7\u00e3o de di\u00e1ria para os dias 18, 19, 20 e 21 de maio, Carlos C\u00e9zar (Com altera\u00e7\u00f5es)"}, {"id": "3037", "ano": "2021", "numero": "39", "tipo__sigla": "MEM", "tipo__descricao": "Memorando", "assunto": "Pagamento da metade do 13\u00ba sal\u00e1rio (referente ao exerc\u00edcio de 2021) no fim do m\u00eas de junho"}, {"id": "3361", "ano": "2021", "numero": "39", "tipo__sigla": "DD", "tipo__descricao": "Documentos da Diretoria", "assunto": "Solicita a presen\u00e7a na 29\u00aa Reuni\u00e3o Ordin\u00e1ria do dia 24 de agosto de 2021 a partir das 18:00h"}, {"id": "3524", "ano": "2021", "numero": "39", "tipo__sigla": "DI", "tipo__descricao": "Di\u00e1rias e documentos relativos", "assunto": "Processo de Concess\u00e3o de di\u00e1ria Kainne Delfino Joanas- Belo Horizonte 24/08/2021 a 27/08/2021"}, {"id": "3703", "ano": "2021", "numero": "39", "tipo__sigla": "OFP", "tipo__descricao": "Of\u00edcio da Procuradoria", "assunto": "Solicita \u00e0 Delegacia Civil da Circunscri\u00e7\u00e3o de Tr\u00eas Pontas c\u00f3pia do procedimento investigat\u00f3rio que culminou da descoberta da pessoa f\u00edsica respons\u00e1vel pelo perfil falso ANA REIS."}, {"id": "3881", "ano": "2021", "numero": "39", "tipo__sigla": "AT", "tipo__descricao": "ATESTADO", "assunto": "Atesta que Larissa Oliveira Naves esteve em consulta m\u00e9dica 09/11/2021"}, {"id": "4004", "ano": "2021", "numero": "39", "tipo__sigla": "ARO", "tipo__descricao": "ATAS DAS REUNI\u00d5ES ORDIN\u00c1RIAS", "assunto": "Ata da 39\u00aa reuni\u00e3o ordin\u00e1ria da 1\u00aa Sess\u00e3o Legislativa da 15\u00aa Legislatura da C\u00e2mara Municipal de Santana da Vargem"}, {"id": "2341", "ano": "2021", "numero": "40", "tipo__sigla": "OFEXP", "tipo__descricao": "Of\u00edcio Expedido", "assunto": "Encaminha indica\u00e7\u00f5es 004 e 005 feitas pelo vereador Vitor Donizetti Siqueira J\u00fanior"}, {"id": "2368", "ano": "2021", "numero": "40", "tipo__sigla": "NFB", "tipo__descricao": "Nota Fiscal/boleto", "assunto": "Nota fiscal conta de  energia el\u00e9trica cemig referente a fevereiro de 2021"}, {"id": "2377", "ano": "2021", "numero": "40", "tipo__sigla": "OCI", "tipo__descricao": "Of\u00edcios da Controladoria Interna", "assunto": "Reiterar pedido de envio de convite ao controlador interno para o Sistema de Gest\u00e3o de Identidade do Tribunal de Contas do Estado de Minas Gerais."}, {"id": "2479", "ano": "2021", "numero": "40", "tipo__sigla": "OR", "tipo__descricao": "OF\u00cdCIOS RECEBIDOS", "assunto": "Confirma comparecimento na reuni\u00e3o ordinaria"}, {"id": "2609", "ano": "2021", "numero": "40", "tipo__sigla": "ODC", "tipo__descricao": "Of\u00edcio/documento Cont\u00e1bil", "assunto": "Solicita parecer do Controle Interno a respeito do Processo Licitat\u00f3rio 08/2021- carona- n\u00e3o participante"}, {"id": "2690", "ano": "2021", "numero": "40", "tipo__sigla": "DA", "tipo__descricao": "Documento Avulso", "assunto": "Consignado Vitor Donizetti Siqueira J\u00fanior"}, {"id": "2767", "ano": "2021", "numero": "40", "tipo__sigla": "OVC", "tipo__descricao": "Of\u00edcio de Vereador/Comiss\u00e3o", "assunto": "Solicita\u00e7\u00e3o de di\u00e1ria"}, {"id": "2817", "ano": "2021", "numero": "40", "tipo__sigla": "PARE", "tipo__descricao": "PARECER", "assunto": "Parecer Jur\u00eddico - Projeto de Lei Complementar n\u00ba 05 - 2021 - Visa alterar a Lei Municipal n\u00ba 1.228-A de 20 de dezembro de 2010, que foi a respons\u00e1vel por criar fun\u00e7\u00f5es de confian\u00e7a no \u00e2mbito do Poder Executivo."}, {"id": "2860", "ano": "2021", "numero": "40", "tipo__sigla": "REV", "tipo__descricao": "Relat\u00f3rios de rodagem do ve\u00edculo e outros", "assunto": "Relat\u00f3rio para percep\u00e7\u00e3o de di\u00e1ria para os dias 18, 19, 20 e 21 de maio, Maria Aparecida (com altera\u00e7\u00f5es)"}, {"id": "3054", "ano": "2021", "numero": "40", "tipo__sigla": "MEM", "tipo__descricao": "Memorando", "assunto": "Of\u00edcio 006/2021 secret\u00e1ria legislativa: \"Solicita\u00e7\u00e3o de arm\u00e1rio para arquivo de documentos\""}, {"id": "3364", "ano": "2021", "numero": "40", "tipo__sigla": "DD", "tipo__descricao": "Documentos da Diretoria", "assunto": "Encaminha para publica\u00e7\u00e3o no Di\u00e1rio Oficial o Extrato de Dispensa n\u00ba 08/2021"}, {"id": "3525", "ano": "2021", "numero": "40", "tipo__sigla": "DI", "tipo__descricao": "Di\u00e1rias e documentos relativos", "assunto": "Processo de Concess\u00e3o de di\u00e1rias Maria Aparecida de Ara\u00fajo Reis - Belo Horizonte 24/08/021 a 27/08/2021"}, {"id": "3781", "ano": "2021", "numero": "40", "tipo__sigla": "OFP", "tipo__descricao": "Of\u00edcio da Procuradoria", "assunto": "Limite de percep\u00e7\u00e3o de di\u00e1rias no Legislativo - Lei Ordin\u00e1ria n\u00ba 1.477 de 2018."}, {"id": "3978", "ano": "2021", "numero": "40", "tipo__sigla": "AT", "tipo__descricao": "ATESTADO", "assunto": "Atesta que Alanis Carolina Oliveira  esteve sob tratamento m\u00e9dico devendo ser afastada do trabalho por dois dias a partir do dia 23/11/2021"}, {"id": "4023", "ano": "2021", "numero": "40", "tipo__sigla": "ARO", "tipo__descricao": "ATAS DAS REUNI\u00d5ES ORDIN\u00c1RIAS", "assunto": "Ata da 40\u00aa reuni\u00e3o ordin\u00e1ria da 1\u00aa Sess\u00e3o Legislativa da 15\u00aa Legislatura (29/09/2021)"}, {"id": "2338", "ano": "2021", "numero": "41", "tipo__sigla": "OFEXP", "tipo__descricao": "Of\u00edcio Expedido", "assunto": "Encaminha projeto de Lei aprovado na 4\u00aa reuni\u00e3o ordin\u00e1ria do dia 09 de fevereiro de 2021."}, {"id": "2367", "ano": "2021", "numero": "41", "tipo__sigla": "NFB", "tipo__descricao": "Nota Fiscal/boleto", "assunto": "Boleto e nota fiscal conecta internet 01/12/2020 a 31/01/2021"}, {"id": "2378", "ano": "2021", "numero": "41", "tipo__sigla": "OCI", "tipo__descricao": "Of\u00edcios da Controladoria Interna", "assunto": "Desconsiderar - para fins de pagamento - quaisquer horas extras do servidor Daniel de Castro Casagrande (meses de janeiro e fevereiro de 2021)."}, {"id": "2495", "ano": "2021", "numero": "41", "tipo__sigla": "OR", "tipo__descricao": "OF\u00cdCIOS RECEBIDOS", "assunto": "Orienta\u00e7\u00f5es gerais relativas ao Tribunal de Contas para o in\u00edcio da gest\u00e3o"}, {"id": "2612", "ano": "2021", "numero": "41", "tipo__sigla": "ODC", "tipo__descricao": "Of\u00edcio/documento Cont\u00e1bil", "assunto": "Solicita o trabalho home office a partir do dia 24 de mar\u00e7o de 2021 devido a classifica\u00e7\u00e3o do munic\u00edpio de Santana da Vargem na \"onda roxa\""}, {"id": "2772", "ano": "2021", "numero": "41", "tipo__sigla": "DA", "tipo__descricao": "Documento Avulso", "assunto": "Consignado Maria dos Santos Sebasti\u00e3o- CAIXA"}, {"id": "2783", "ano": "2021", "numero": "41", "tipo__sigla": "OVC", "tipo__descricao": "Of\u00edcio de Vereador/Comiss\u00e3o", "assunto": "Solicita informa\u00e7\u00f5es sobre a volta as aulas no munic\u00edpio"}, {"id": "2824", "ano": "2021", "numero": "41", "tipo__sigla": "PARE", "tipo__descricao": "PARECER", "assunto": "Parecer cont\u00e1bil ao projeto de lei n\u00b031 de 27 de abril de 2021"}, {"id": "2861", "ano": "2021", "numero": "41", "tipo__sigla": "REV", "tipo__descricao": "Relat\u00f3rios de rodagem do ve\u00edculo e outros", "assunto": "Lavar geral o carro"}, {"id": "3055", "ano": "2021", "numero": "41", "tipo__sigla": "MEM", "tipo__descricao": "Memorando", "assunto": "Of\u00edcio 007/2021 secret\u00e1ria legislativa: \"Solicita\u00e7\u00e3o de arm\u00e1rio para arquivo de documentos\""}, {"id": "3513", "ano": "2021", "numero": "41", "tipo__sigla": "DD", "tipo__descricao": "Documentos da Diretoria", "assunto": "Solicita aquisi\u00e7\u00e3o de filtro de \u00e1gua, tanquinho de lavar roupas e maquina de lavar de alta press\u00e3o"}, {"id": "3526", "ano": "2021", "numero": "41", "tipo__sigla": "DI", "tipo__descricao": "Di\u00e1rias e documentos relativos", "assunto": "Processo de concess\u00e3o de di\u00e1ria Ruiter Silva de Oliveira - Belo Horizonte 24/08/2021 a 27/08/2021"}, {"id": "3823", "ano": "2021", "numero": "41", "tipo__sigla": "OFP", "tipo__descricao": "Of\u00edcio da Procuradoria", "assunto": "Solicita informa\u00e7\u00f5es sobre a aus\u00eancia do pagamento de horas extras no m\u00eas de outubro."}, {"id": "4021", "ano": "2021", "numero": "41", "tipo__sigla": "AT", "tipo__descricao": "ATESTADO", "assunto": "Atesta que Larissa Oliveira Naves esteve em consulta m\u00e9dica no dia 02/12/2021"}, {"id": "4038", "ano": "2021", "numero": "41", "tipo__sigla": "ARO", "tipo__descricao": "ATAS DAS REUNI\u00d5ES ORDIN\u00c1RIAS", "assunto": "Ata da 41\u00aa reuni\u00e3o ordin\u00e1ria realizada no dia 06 de dezembro de 2021"}, {"id": "2289", "ano": "2021", "numero": "42", "tipo__sigla": "NFB", "tipo__descricao": "Nota Fiscal/boleto", "assunto": "Segue para conhecimento da Diretoria e Controle Interno"}, {"id": "2344", "ano": "2021", "numero": "42", "tipo__sigla": "OFEXP", "tipo__descricao": "Of\u00edcio Expedido", "assunto": "Guia de restitui\u00e7\u00e3o de imposto de renda referente ao m\u00eas de janeiro de 2021"}, {"id": "2379", "ano": "2021", "numero": "42", "tipo__sigla": "OCI", "tipo__descricao": "Of\u00edcios da Controladoria Interna", "assunto": "Retorno quanto ao Of\u00edcio da Contabilidade n\u00ba 13/2021 (a contabilidade solicitou informa\u00e7\u00f5es acerca de como proceder quanto a notas fiscais e faturas pendentes de pagamento)."}, {"id": "2502", "ano": "2021", "numero": "42", "tipo__sigla": "OR", "tipo__descricao": "OF\u00cdCIOS RECEBIDOS", "assunto": "Relat\u00f3rio Anual de A\u00e7\u00f5es de Assist\u00eancia T\u00e9cnica e Extens\u00e3o Rural- RAA Emater Minas Gerais"}, {"id": "2635", "ano": "2021", "numero": "42", "tipo__sigla": "ODC", "tipo__descricao": "Of\u00edcio/documento Cont\u00e1bil", "assunto": "Informa da dificuldade de encaminhar relat\u00f3rios \u00e0 prefeitura , erro no relat\u00f3rio dos meses de janeiro e fevereiro e solicita\u00e7\u00e3o de curso."}, {"id": "2788", "ano": "2021", "numero": "42", "tipo__sigla": "OVC", "tipo__descricao": "Of\u00edcio de Vereador/Comiss\u00e3o", "assunto": "Solicita informa\u00e7\u00f5es sobre o n\u00e3o atendimento das indica\u00e7\u00f5es 04 e 05"}, {"id": "2803", "ano": "2021", "numero": "42", "tipo__sigla": "DA", "tipo__descricao": "Documento Avulso", "assunto": "Consignado vereador Ronalthe Dayglas Rocha"}, {"id": "2828", "ano": "2021", "numero": "42", "tipo__sigla": "PARE", "tipo__descricao": "PARECER", "assunto": "Parecer - Licita\u00e7\u00e3o - Curso de Aperfei\u00e7oamento Servidores - Licita\u00e7\u00e3o"}, {"id": "2919", "ano": "2021", "numero": "42", "tipo__sigla": "REV", "tipo__descricao": "Relat\u00f3rios de rodagem do ve\u00edculo e outros", "assunto": "Levar vereadores no curso tive que voltar antecipado voltar antecipado pelo motivo do exame da minha filha ter dado positivo covid-19. Aproveito para solicitar da presid\u00eancia o valor que devo devolver das di\u00e1rias preferencialmente e autorizo descontar no pr\u00f3ximo pagamento ou caso contr\u00e1rio me comunique o n\u00famero da conta para devolu\u00e7\u00e3o. \"Deus tenha piedade de n\u00f3s\""}, {"id": "3234", "ano": "2021", "numero": "42", "tipo__sigla": "MEM", "tipo__descricao": "Memorando", "assunto": "Resposta ao of\u00edcio 239/2021"}, {"id": "3514", "ano": "2021", "numero": "42", "tipo__sigla": "DD", "tipo__descricao": "Documentos da Diretoria", "assunto": "Solicita\u00e7\u00e3o de aquisi\u00e7\u00e3o de aparelhos ares-condicionados"}, {"id": "3539", "ano": "2021", "numero": "42", "tipo__sigla": "DI", "tipo__descricao": "Di\u00e1rias e documentos relativos", "assunto": "Processo viagem Vitor Donizetti Siqueira Junior- Belo Horizonte 14/09/2021 a 17/09/2021"}, {"id": "3875", "ano": "2021", "numero": "42", "tipo__sigla": "OFP", "tipo__descricao": "Of\u00edcio da Procuradoria", "assunto": "Informando a realiza\u00e7\u00e3o de trabalho remoto no dia 28/11/21 e o cumprimento da jornada de trabalho do dia 03/11/21 no dia 05/11/21 e do dia 11/11/21  no dia 08/11/21."}, {"id": "4044", "ano": "2021", "numero": "42", "tipo__sigla": "AT", "tipo__descricao": "ATESTADO", "assunto": "Atesta que Emerson Silva Ara\u00fajo esteve sob tratamento m\u00e9dico devendo ser afastado do servi\u00e7o por 11 (onze) dias a partir do dia 07/12/2021"}, {"id": "4093", "ano": "2021", "numero": "42", "tipo__sigla": "ARO", "tipo__descricao": "ATAS DAS REUNI\u00d5ES ORDIN\u00c1RIAS", "assunto": "Ata da 42\u00aa reuni\u00e3o ordin\u00e1ria realizada no dia quatorze de dezembro de 2021"}, {"id": "2287", "ano": "2021", "numero": "43", "tipo__sigla": "NFB", "tipo__descricao": "Nota Fiscal/boleto", "assunto": "Segue para conhecimento da contadoria, controladoria interna e diretoria"}, {"id": "2345", "ano": "2021", "numero": "43", "tipo__sigla": "OFEXP", "tipo__descricao": "Of\u00edcio Expedido", "assunto": "guia de rendimentos de aplica\u00e7\u00e3o financeira referente ao m\u00eas de janeiro de 2021"}, {"id": "2389", "ano": "2021", "numero": "43", "tipo__sigla": "OCI", "tipo__descricao": "Of\u00edcios da Controladoria Interna", "assunto": "Caput do artigo 48 da Lei de Responsabilidade Fiscal (publicidade de informa\u00e7\u00f5es de interesse p\u00fablico)."}, {"id": "2516", "ano": "2021", "numero": "43", "tipo__sigla": "OR", "tipo__descricao": "OF\u00cdCIOS RECEBIDOS", "assunto": "Informa a concord\u00e2ncia/deferimento quanto \u00e0 participa\u00e7\u00e3o no registro de pre\u00e7os"}, {"id": "2654", "ano": "2021", "numero": "43", "tipo__sigla": "ODC", "tipo__descricao": "Of\u00edcio/documento Cont\u00e1bil", "assunto": "Informa que solicitou a senha e o Login ao t\u00e9cnico cont\u00e1bil da C\u00e2mara Municipal de Santana da Vargem e ao Contador da Prefeitura a fim de encontrar a inconsist\u00eancia do MSC (Matriz de Saldos Cont\u00e1bil) sem \u00eaxito"}, {"id": "2798", "ano": "2021", "numero": "43", "tipo__sigla": "OVC", "tipo__descricao": "Of\u00edcio de Vereador/Comiss\u00e3o", "assunto": "Cancelamento de di\u00e1ria."}, {"id": "2811", "ano": "2021", "numero": "43", "tipo__sigla": "DA", "tipo__descricao": "Documento Avulso", "assunto": "Carta de contrata\u00e7\u00e3o de empr\u00e9stimo consignado Silmara Girlaine Hon\u00f3rio"}, {"id": "2832", "ano": "2021", "numero": "43", "tipo__sigla": "PARE", "tipo__descricao": "PARECER", "assunto": "Parecer - Licita\u00e7\u00e3o - Curso de Capacita\u00e7\u00e3o LDO - Vereadores"}, {"id": "2974", "ano": "2021", "numero": "43", "tipo__sigla": "REV", "tipo__descricao": "Relat\u00f3rios de rodagem do ve\u00edculo e outros", "assunto": "Levar a Diretora Kainne na caixa econ\u00f4mica federal para pagar os consignados"}, {"id": "3278", "ano": "2021", "numero": "43", "tipo__sigla": "MEM", "tipo__descricao": "Memorando", "assunto": "Solicito deferimento para participar do curso vereadores responsabilidades e compet\u00eancias."}, {"id": "3516", "ano": "2021", "numero": "43", "tipo__sigla": "DD", "tipo__descricao": "Documentos da Diretoria", "assunto": "Solicita abertura de processo administrativo para aquisi\u00e7\u00e3o de enfeites natalinos"}, {"id": "3543", "ano": "2021", "numero": "43", "tipo__sigla": "DI", "tipo__descricao": "Di\u00e1rias e documentos relativos", "assunto": "Processo de viagem Carlos C\u00e9zar Ribeiro- Belo Horizonte 14/09/2021 a 17/09/2021"}, {"id": "4083", "ano": "2021", "numero": "43", "tipo__sigla": "AT", "tipo__descricao": "ATESTADO", "assunto": "Atesta que Emerson Silva Ara\u00fajo dever\u00e1 faltar ao trabalho por 14 dias a partir de 19/12/2021"}, {"id": "4113", "ano": "2021", "numero": "43", "tipo__sigla": "OFP", "tipo__descricao": "Of\u00edcio da Procuradoria", "assunto": "Resposta ao of\u00edcio PCMG n\u00ba 51/2021 - Aus\u00eancia Vereadora Silmara Girlaine Hon\u00f3rio."}, {"id": "2256", "ano": "2021", "numero": "44", "tipo__sigla": "NFB", "tipo__descricao": "Nota Fiscal/boleto", "assunto": "Segue para conhecimento da Diretoria e Controle Interno"}, {"id": "2348", "ano": "2021", "numero": "44", "tipo__sigla": "OFEXP", "tipo__descricao": "Of\u00edcio Expedido", "assunto": "Resposta ao of\u00edcio n\u00ba 46 do MP - Contrata\u00e7\u00e3o Ester Teodoro e Paula Figueiredo"}, {"id": "2402", "ano": "2021", "numero": "44", "tipo__sigla": "OCI", "tipo__descricao": "Of\u00edcios da Controladoria Interna", "assunto": "Solicitar o encaminhamento, atrav\u00e9s de of\u00edcio, de c\u00f3pia da proposta de or\u00e7amento parcial para 2022 desta Casa Legislativa. Encaminhamento para o controle interno e para a procuradoria jur\u00eddica."}, {"id": "2517", "ano": "2021", "numero": "44", "tipo__sigla": "OR", "tipo__descricao": "OF\u00cdCIOS RECEBIDOS", "assunto": "Informa concord\u00e2ncia/deferimento quanto \u00e0 participa\u00e7\u00e3o no Registro de Pre\u00e7os que ser\u00e1 realizado para futuras e eventuais aquisi\u00e7\u00f5es de materiais de limpeza, higiene e utilidades dom\u00e9sticas"}, {"id": "2668", "ano": "2021", "numero": "44", "tipo__sigla": "ODC", "tipo__descricao": "Of\u00edcio/documento Cont\u00e1bil", "assunto": "Resposta ao Of\u00edcio da C\u00e2mara Municipal n\u00ba 112/2021"}, {"id": "2799", "ano": "2021", "numero": "44", "tipo__sigla": "OVC", "tipo__descricao": "Of\u00edcio de Vereador/Comiss\u00e3o", "assunto": "RELAT\u00d3RIO PARA PERCEP\u00c7\u00c3O DE DI\u00c1RIA\r\nCONFORME O ARTIGO 7\u00ba DA LEI 1.477 DE 17 DE DEZEMBRo"}, {"id": "2833", "ano": "2021", "numero": "44", "tipo__sigla": "PARE", "tipo__descricao": "PARECER", "assunto": "Parecer Jur\u00eddico - Lei Ordin\u00e1ria (Executivo) n\u00ba 13 - Institui o Tratamento ben\u00e9fico e Diferenciado para as Empresas de Pequeno Porte, Microempresas e etc.."}, {"id": "2871", "ano": "2021", "numero": "44", "tipo__sigla": "DA", "tipo__descricao": "Documento Avulso", "assunto": "CRLV ve\u00edculo"}, {"id": "3035", "ano": "2021", "numero": "44", "tipo__sigla": "REV", "tipo__descricao": "Relat\u00f3rios de rodagem do ve\u00edculo e outros", "assunto": "Levar a Diretora Kainne na casa do contador Cleber Oliveira e na padaria"}, {"id": "3517", "ano": "2021", "numero": "44", "tipo__sigla": "DD", "tipo__descricao": "Documentos da Diretoria", "assunto": "Solicita abertura de processo administrativo para contrata\u00e7\u00e3o de empresa prestadora de servi\u00e7os de buffet para realiza\u00e7\u00e3o da 2\u00aa Sess\u00e3o Solene da C\u00e2mara Municipal de Santana da Vargem"}, {"id": "3519", "ano": "2021", "numero": "44", "tipo__sigla": "MEM", "tipo__descricao": "Memorando", "assunto": "Solicito deferimento para participar do curso (Nova Lei de Licita\u00e7\u00f5es 6\u00aa Turma+ Plano de Implementa\u00e7\u00e3o da Nova Lei do Munic\u00edpio) dos dias 29/09 a 01/10 em Belo Horizonte"}, {"id": "3545", "ano": "2021", "numero": "44", "tipo__sigla": "DI", "tipo__descricao": "Di\u00e1rias e documentos relativos", "assunto": "An\u00e1lise de presta\u00e7\u00e3o de contas do recebimento de di\u00e1rias - Carlos C\u00e9zar Ribeiro- Belo Horizonte -14/09/2021"}, {"id": "4089", "ano": "2021", "numero": "44", "tipo__sigla": "AT", "tipo__descricao": "ATESTADO", "assunto": "Atestado que Larissa Oliveira Naves Esteve acompanhando filha em consulta m\u00e9dica"}, {"id": "2254", "ano": "2021", "numero": "45", "tipo__sigla": "NFB", "tipo__descricao": "Nota Fiscal/boleto", "assunto": "Segue para conhecimento da Contadoria, Diretoria e Controle Interno a fatura vivo fixo do per\u00edodo 25/04/2016 a 25/12/2019"}, {"id": "2360", "ano": "2021", "numero": "45", "tipo__sigla": "OFEXP", "tipo__descricao": "Of\u00edcio Expedido", "assunto": "Ades\u00e3o \u00e0 Ata de Registro de Pre\u00e7os, referente ao processo 003/202, PREG\u00c3O PRESENCIAL N\u00ba 002/2021, a aquisi\u00e7\u00e3o de g\u00eaneros aliment\u00edcios"}, {"id": "2453", "ano": "2021", "numero": "45", "tipo__sigla": "OCI", "tipo__descricao": "Of\u00edcios da Controladoria Interna", "assunto": "Solicitar o envio das declara\u00e7\u00f5es anuais de bens e valores dos agentes p\u00fablicos do Poder Legislativo (modelos de declara\u00e7\u00e3o positiva e negativa anexos)."}, {"id": "2518", "ano": "2021", "numero": "45", "tipo__sigla": "OR", "tipo__descricao": "OF\u00cdCIOS RECEBIDOS", "assunto": "Informa concord\u00e2ncia/deferimento quanto \u00e0 ades\u00e3o \u00e0 ata de registro de pre\u00e7os referente ao processo licitat\u00f3rio 040/2020- preg\u00e3o presencial 144/2020"}, {"id": "2682", "ano": "2021", "numero": "45", "tipo__sigla": "ODC", "tipo__descricao": "Of\u00edcio/documento Cont\u00e1bil", "assunto": "Informa a urg\u00eancia de meios legais para pagamento do quarto m\u00eas (Abril 2021) das notas fiscais da memory e da necessidade de emiss\u00e3o de pareceres do Jur\u00eddico e do Controle Interno"}, {"id": "2800", "ano": "2021", "numero": "45", "tipo__sigla": "OVC", "tipo__descricao": "Of\u00edcio de Vereador/Comiss\u00e3o", "assunto": "Solicita\u00e7\u00e3o"}, {"id": "2846", "ano": "2021", "numero": "45", "tipo__sigla": "PARE", "tipo__descricao": "PARECER", "assunto": "Parecer Jur\u00eddico - Lei Ordin\u00e1ria (Executivo) n\u00ba 27 - 2021 - Cria Cr\u00e9dito Adicional Especial - Excesso de Arrecada\u00e7\u00e3o e Super\u00e1vit Financeiro - R$ 67.716,79"}, {"id": "3058", "ano": "2021", "numero": "45", "tipo__sigla": "REV", "tipo__descricao": "Relat\u00f3rios de rodagem do ve\u00edculo e outros", "assunto": "Relat\u00f3rio de viagem- Lei 1477/2018"}, {"id": "3224", "ano": "2021", "numero": "45", "tipo__sigla": "DA", "tipo__descricao": "Documento Avulso", "assunto": "ERRATA para corrigir erro material na Portaria n\u00ba 53 de 16 de julho de 2021."}, {"id": "3546", "ano": "2021", "numero": "45", "tipo__sigla": "DI", "tipo__descricao": "Di\u00e1rias e documentos relativos", "assunto": "An\u00e1lise da presta\u00e7\u00e3o de contas do recebimento de di\u00e1ria- Vitor Donizetti Siqueira Junior- Belo Horizonte- 14/09/2021"}, {"id": "3548", "ano": "2021", "numero": "45", "tipo__sigla": "MEM", "tipo__descricao": "Memorando", "assunto": "Solicita que as horas extras que passarem do hor\u00e1rio sejam abatidas nas horas faltas e atrasos."}, {"id": "3600", "ano": "2021", "numero": "45", "tipo__sigla": "DD", "tipo__descricao": "Documentos da Diretoria", "assunto": "Solicita abertura de processo administrativo para aquisi\u00e7\u00e3o de placas de fibra mineral , com urg\u00eancia"}, {"id": "4106", "ano": "2021", "numero": "45", "tipo__sigla": "AT", "tipo__descricao": "ATESTADO", "assunto": "Atesta que Alessandra Dixini Ara\u00fajo esteve em atendimento m\u00e9dico \u00e0s 16:00 do dia 21/12/2021 devendo ser afastada das atividades no per\u00edodo da tarde"}, {"id": "2251", "ano": "2021", "numero": "46", "tipo__sigla": "NFB", "tipo__descricao": "Nota Fiscal/boleto", "assunto": "Encaminhar para o controle interno e diretoria para conhecimento"}, {"id": "2365", "ano": "2021", "numero": "46", "tipo__sigla": "OFEXP", "tipo__descricao": "Of\u00edcio Expedido", "assunto": "Manifesta interesse em participar do Registro de Pre\u00e7os que ser\u00e1 realizado por este \u00f3rg\u00e3o para futuras e eventuais aquisi\u00e7\u00f5es de materiais de papelaria para diversas secretarias municipais"}, {"id": "2456", "ano": "2021", "numero": "46", "tipo__sigla": "OCI", "tipo__descricao": "Of\u00edcios da Controladoria Interna", "assunto": "Notifica\u00e7\u00e3o n\u00ba 02/2021. Pagamento dos sal\u00e1rios dos servidores sem considerar relat\u00f3rio de horas trabalhadas; cadastro biom\u00e9trico de uma das servidoras continua pendente de regulariza\u00e7\u00e3o."}, {"id": "2520", "ano": "2021", "numero": "46", "tipo__sigla": "OR", "tipo__descricao": "OF\u00cdCIOS RECEBIDOS", "assunto": "Resposta \u00e0s indica\u00e7\u00f5es 0029, 030, 031, 032, 033 e 034 do vereador Luiz Felipe"}, {"id": "2702", "ano": "2021", "numero": "46", "tipo__sigla": "ODC", "tipo__descricao": "Of\u00edcio/documento Cont\u00e1bil", "assunto": "Recibo de Declara\u00e7\u00f5es dos Relat\u00f3rios de Gest\u00e3o Fiscal do 1\u00ba e 2\u00ba semestre de 2020"}, {"id": "2809", "ano": "2021", "numero": "46", "tipo__sigla": "OVC", "tipo__descricao": "Of\u00edcio de Vereador/Comiss\u00e3o", "assunto": "Solicita a retirada de tramita\u00e7\u00e3o do projeto de lei 04/2021 do legislativo, meu primeiro emprego (errata do of\u00edcio que pedia retirada do projeto 03/2021)"}, {"id": "2889", "ano": "2021", "numero": "46", "tipo__sigla": "PARE", "tipo__descricao": "PARECER", "assunto": "Parecer Jur\u00eddico - Projeto de Lei Ordin\u00e1ria (Executivo) n\u00ba 25 - Estabelece a Lei de Diretrizes Or\u00e7ament\u00e1rias para o Exerc\u00edcio Financeiro de 2022."}, {"id": "3069", "ano": "2021", "numero": "46", "tipo__sigla": "REV", "tipo__descricao": "Relat\u00f3rios de rodagem do ve\u00edculo e outros", "assunto": "Viagem para Belo Horizonte, de 22/06/2021 a 25/06/2021 vereador Ronalthe Dayglas Rocha"}, {"id": "3245", "ano": "2021", "numero": "46", "tipo__sigla": "DA", "tipo__descricao": "Documento Avulso", "assunto": "Termo de posse Isabela Louren\u00e7\u00e3o Messias"}, {"id": "3570", "ano": "2021", "numero": "46", "tipo__sigla": "MEM", "tipo__descricao": "Memorando", "assunto": "Solicita inscri\u00e7\u00e3o no curso- Nova Lei de Licita\u00e7\u00f5es 6\u00aa Turma+ Plano Implementa\u00e7\u00e3o da Nova Lei de Munic\u00edpio  (29/09 a 01/10- Belo Horizonte)"}, {"id": "3572", "ano": "2021", "numero": "46", "tipo__sigla": "DI", "tipo__descricao": "Di\u00e1rias e documentos relativos", "assunto": "Requerimento de concess\u00e3o de di\u00e1rias ao motorista (Belo Horizonte- 29/09/2021 a 01/10/2021)"}, {"id": "3713", "ano": "2021", "numero": "46", "tipo__sigla": "DD", "tipo__descricao": "Documentos da Diretoria", "assunto": "Resposta ao of\u00edcio 09/2021 cont\u00e1bil - suplementa\u00e7\u00e3o nas fichas 05 e 16"}, {"id": "2213", "ano": "2021", "numero": "47", "tipo__sigla": "NFB", "tipo__descricao": "Nota Fiscal/boleto", "assunto": "Segue para conhecimento do controle interno e contadoria"}, {"id": "2366", "ano": "2021", "numero": "47", "tipo__sigla": "OFEXP", "tipo__descricao": "Of\u00edcio Expedido", "assunto": "Manifesta interesse em participar do Registro de Pre\u00e7os que ser\u00e1 realizado por este \u00f3rg\u00e3o para futuras e eventuais aquisi\u00e7\u00f5es de materiais de limpeza, higiene e utilidades dom\u00e9sticas para diversas secretarias da Prefeitura Municipal de Santana da Vargem ."}, {"id": "2468", "ano": "2021", "numero": "47", "tipo__sigla": "OCI", "tipo__descricao": "Of\u00edcios da Controladoria Interna", "assunto": "Solicitar extratos completos da conta banc\u00e1ria e da aplica\u00e7\u00e3o financeira (ambos do per\u00edodo compreendido entre os dias 1\u00ba de outubro de 2020 e 28 de fevereiro de 2021). Extratos completos, de modo a possibilitar a visualiza\u00e7\u00e3o tamb\u00e9m dos saldos parciais."}, {"id": "2521", "ano": "2021", "numero": "47", "tipo__sigla": "OR", "tipo__descricao": "OF\u00cdCIOS RECEBIDOS", "assunto": "Resposta \u00e0 indica\u00e7\u00e3o 005 vereador Ezequiel"}, {"id": "2721", "ano": "2021", "numero": "47", "tipo__sigla": "ODC", "tipo__descricao": "Of\u00edcio/documento Cont\u00e1bil", "assunto": "Solicita trabalho em home office durante a onda vermelha por utilizar de transporte p\u00fablico"}, {"id": "2818", "ano": "2021", "numero": "47", "tipo__sigla": "OVC", "tipo__descricao": "Of\u00edcio de Vereador/Comiss\u00e3o", "assunto": "Apresenta documentos relativos ao projeto 003/2021 de autoria do vereador Ronalthe Dayglas Rocha"}, {"id": "2890", "ano": "2021", "numero": "47", "tipo__sigla": "PARE", "tipo__descricao": "PARECER", "assunto": "Parecer Jur\u00eddico - Lei Ordin\u00e1ria n\u00ba 36 - Abertura de Cr\u00e9dito Adicional Especial R$200.000,00"}, {"id": "3070", "ano": "2021", "numero": "47", "tipo__sigla": "REV", "tipo__descricao": "Relat\u00f3rios de rodagem do ve\u00edculo e outros", "assunto": "Viagem para Belo Horizonte, de 22/06/2021 a 25/06/2021 vereador Ezequiel da Silva"}, {"id": "3308", "ano": "2021", "numero": "47", "tipo__sigla": "DA", "tipo__descricao": "Documento Avulso", "assunto": "Documenta\u00e7\u00e3o protocolada pela prefeitura para instruir projeto de lei 28/2021 Movimenta\u00e7\u00e3o de Cr\u00e9ditos Por Lei e Decreto  e Posi\u00e7\u00e3o das dota\u00e7\u00f5es quanto a situa\u00e7\u00e3o da despesa"}, {"id": "3573", "ano": "2021", "numero": "47", "tipo__sigla": "DI", "tipo__descricao": "Di\u00e1rias e documentos relativos", "assunto": "Requerimento de concess\u00e3o de di\u00e1rias adiantadas, Ruiter Silva de Oliveira (Belo Horizonte- 29/09/2021 a 01/10/2021)"}, {"id": "3718", "ano": "2021", "numero": "47", "tipo__sigla": "MEM", "tipo__descricao": "Memorando", "assunto": "Solicita o deferimento para participar do curso :Atualiza\u00e7\u00e3o e forma\u00e7\u00e3o de pregoeiros e equipe de apoio conforme nova leis de licita\u00e7\u00f5es"}, {"id": "3782", "ano": "2021", "numero": "47", "tipo__sigla": "DD", "tipo__descricao": "Documentos da Diretoria", "assunto": "Processo administrativo para aquisi\u00e7\u00e3o de produtos de panifica\u00e7\u00e3o, leite e derivados (Justificativa)"}, {"id": "2212", "ano": "2021", "numero": "48", "tipo__sigla": "NFB", "tipo__descricao": "Nota Fiscal/boleto", "assunto": "Protocolo para conhecimento do Controlador interno e da Contadoria"}, {"id": "2376", "ano": "2021", "numero": "48", "tipo__sigla": "OFEXP", "tipo__descricao": "Of\u00edcio Expedido", "assunto": "solicitar c\u00f3pia integral do PROCESSO N\u00ba 023, PREGR\u00c3O N\u00ba 006/2020, para aquisi\u00e7\u00e3o de produtos de panifica\u00e7\u00e3o, leite e derivados"}, {"id": "2477", "ano": "2021", "numero": "48", "tipo__sigla": "OCI", "tipo__descricao": "Of\u00edcios da Controladoria Interna", "assunto": "Instru\u00e7\u00e3o Normativa n\u00ba 04/2013 do TCE-MG (disp\u00f5e sobre cadastramento de usu\u00e1rios no SGI). Solicitar que o administrador de acessos do SGI envie convite, por e-mail, ao controlador interno da C\u00e2mara Municipal. Instru\u00e7\u00e3o Normativa e tela de acesso ao TCE est\u00e3o anexas ao of\u00edcio."}, {"id": "2522", "ano": "2021", "numero": "48", "tipo__sigla": "OR", "tipo__descricao": "OF\u00cdCIOS RECEBIDOS", "assunto": "Resposta \u00e0s indica\u00e7\u00f5es 004 e 005 do vereador Ezequiel"}, {"id": "2780", "ano": "2021", "numero": "48", "tipo__sigla": "ODC", "tipo__descricao": "Of\u00edcio/documento Cont\u00e1bil", "assunto": "Reenvio do DCASP e inconsist\u00eancia do MSC"}, {"id": "2823", "ano": "2021", "numero": "48", "tipo__sigla": "OVC", "tipo__descricao": "Of\u00edcio de Vereador/Comiss\u00e3o", "assunto": "Solicita abertura de processo licitat\u00f3rio para a compra de curso com \u00eanfase na LDO \u2013 Lei de Diretrizes Or\u00e7amentarias"}, {"id": "2908", "ano": "2021", "numero": "48", "tipo__sigla": "PARE", "tipo__descricao": "PARECER", "assunto": "Parecer - Inexigibilidade - Curso de aperfei\u00e7oamento - Or\u00e7amento P\u00fablico Municipal: An\u00e1lise LDO 2022 pelo Legislativo na pr\u00e1tica."}, {"id": "3072", "ano": "2021", "numero": "48", "tipo__sigla": "REV", "tipo__descricao": "Relat\u00f3rios de rodagem do ve\u00edculo e outros", "assunto": "Viagem para Belo Horizonte, de 22/06/2021 a 25/06/2021  vereador Luiz Felipe"}, {"id": "3401", "ano": "2021", "numero": "48", "tipo__sigla": "DA", "tipo__descricao": "Documento Avulso", "assunto": "Mapa dos loteamentos Marne Teodoro da Silva e Mario Alves de Carvalho"}, {"id": "3576", "ano": "2021", "numero": "48", "tipo__sigla": "DI", "tipo__descricao": "Di\u00e1rias e documentos relativos", "assunto": "C\u00e1lculo de quantidade e de valores a pagar de di\u00e1rias Ruiter Silva (Belo Horizonte- 29/09/2021 a 01/10/2021)"}, {"id": "3762", "ano": "2021", "numero": "48", "tipo__sigla": "MEM", "tipo__descricao": "Memorando", "assunto": "Solicito deferimento para participar do curso (Forma\u00e7\u00e3o de Pregoeiros e Legisla\u00e7\u00e3o do Preg\u00e3o e Equipe de Apoio)"}, {"id": "3833", "ano": "2021", "numero": "48", "tipo__sigla": "DD", "tipo__descricao": "Documentos da Diretoria", "assunto": "Solicita abertura de processo administrativo especializado na instala\u00e7\u00e3o de aparelhos ares condicionados"}, {"id": "2169", "ano": "2021", "numero": "49", "tipo__sigla": "NFB", "tipo__descricao": "Nota Fiscal/boleto", "assunto": "Conta de energia el\u00e9trica referente ao m\u00eas de janeiro de 2021 para conhecimento da contadoria e controladoria"}, {"id": "2395", "ano": "2021", "numero": "49", "tipo__sigla": "OFEXP", "tipo__descricao": "Of\u00edcio Expedido", "assunto": "Encaminha indica\u00e7\u00e3o 004 do vereador Jackson Luiz Ven\u00e2ncio de Souza"}, {"id": "2487", "ano": "2021", "numero": "49", "tipo__sigla": "OCI", "tipo__descricao": "Of\u00edcios da Controladoria Interna", "assunto": "Retorno quanto aos Of\u00edcios n\u00ba 66, 68 e 69, emitidos pela presid\u00eancia. Foram solicitados pareceres sobre os projetos de lei n\u00ba 07, 08 e 09/2021 (todos de iniciativa do Poder Executivo). O controle interno legislativo emitiu parecer sobre o projeto n\u00ba 08, mas necessita do acesso ao Sistema de Gest\u00e3o de Identidade do TCE-MG para opinar de maneira assertiva quanto aos projetos n\u00ba 07 e 09. A consulta \u00e0 Corte de Contas estadual tamb\u00e9m ser\u00e1 pertinente de modo a verificar se a controladoria interna da C\u00e2mara deve opinar acerca de projetos de lei referentes aos assuntos da Prefeitura Municipal."}, {"id": "2523", "ano": "2021", "numero": "49", "tipo__sigla": "OR", "tipo__descricao": "OF\u00cdCIOS RECEBIDOS", "assunto": "Resposta \u00e0 indica\u00e7\u00e3o 004/2021"}, {"id": "2786", "ano": "2021", "numero": "49", "tipo__sigla": "ODC", "tipo__descricao": "Of\u00edcio/documento Cont\u00e1bil", "assunto": "N\u00e3o foram lan\u00e7ados emendas individuais no SICOM, segundo TCMG"}, {"id": "2830", "ano": "2021", "numero": "49", "tipo__sigla": "OVC", "tipo__descricao": "Of\u00edcio de Vereador/Comiss\u00e3o", "assunto": "Solicita melhorias quanto ao atendimento dos mun\u00edcipes com suspeita de COVID-19"}, {"id": "2910", "ano": "2021", "numero": "49", "tipo__sigla": "PARE", "tipo__descricao": "PARECER", "assunto": "Parecer Jur\u00eddico - Lei Ordin\u00e1ria n\u00ba 34 - Desapropria\u00e7\u00e3o de Im\u00f3vel Urbano."}, {"id": "3073", "ano": "2021", "numero": "49", "tipo__sigla": "REV", "tipo__descricao": "Relat\u00f3rios de rodagem do ve\u00edculo e outros", "assunto": "Viagem para Belo Horizonte, de 22/06/2021 a 25/06/2021, vereadora Maria Aparecida de Ara\u00fajo Reis"}, {"id": "3416", "ano": "2021", "numero": "49", "tipo__sigla": "DA", "tipo__descricao": "Documento Avulso", "assunto": "Biografia de El\u00f3i de Siqueira"}, {"id": "3577", "ano": "2021", "numero": "49", "tipo__sigla": "DI", "tipo__descricao": "Di\u00e1rias e documentos relativos", "assunto": "C\u00e1lculo de quantidade e valores a pagar de di\u00e1rias Alessandra Dixini Araujo (Belo Horizonte 29/09/2021 a 01/10/2021)"}, {"id": "3766", "ano": "2021", "numero": "49", "tipo__sigla": "MEM", "tipo__descricao": "Memorando", "assunto": "Solicito deferimento para participar no curso Processo Legislativo e Procedimentos nas Comiss\u00f5es Legislativas"}, {"id": "4000", "ano": "2021", "numero": "49", "tipo__sigla": "DD", "tipo__descricao": "Documentos da Diretoria", "assunto": "Solicita presen\u00e7a da servidora Larissa Oliveira Naves na 40\u00aa reuni\u00e3o ordin\u00e1ria do aia 29 de novembro"}, {"id": "2399", "ano": "2021", "numero": "50", "tipo__sigla": "OFEXP", "tipo__descricao": "Of\u00edcio Expedido", "assunto": "Encaminhamento de c\u00f3pia dos Projetos de Lei aprovados na 1\u00aa reuni\u00e3o extraordin\u00e1ria de 2021."}, {"id": "2494", "ano": "2021", "numero": "50", "tipo__sigla": "OCI", "tipo__descricao": "Of\u00edcios da Controladoria Interna", "assunto": "Envio de checklist - elaborado pela controladoria - para direcionar o fluxo dos procedimentos de ades\u00e3o a atas de registro de pre\u00e7os (C\u00e2mara Municipal, neste caso, figura como \u00f3rg\u00e3o n\u00e3o participante)."}, {"id": "2524", "ano": "2021", "numero": "50", "tipo__sigla": "OR", "tipo__descricao": "OF\u00cdCIOS RECEBIDOS", "assunto": "Resposta \u00e0 indica\u00e7\u00e3o do vereador Luiz Felipe"}, {"id": "2787", "ano": "2021", "numero": "50", "tipo__sigla": "ODC", "tipo__descricao": "Of\u00edcio/documento Cont\u00e1bil", "assunto": "Solicita emiss\u00e3o de parecer jur\u00eddico para pagamento da nota fiscal n\u00b0 1641 da padaria do Edlon Fernandes da Silva"}, {"id": "2831", "ano": "2021", "numero": "50", "tipo__sigla": "OVC", "tipo__descricao": "Of\u00edcio de Vereador/Comiss\u00e3o", "assunto": "Solicita\u00e7\u00e3o de altera\u00e7\u00e3o da data da sess\u00e3o ordin\u00e1ria do dia 18/05/2021 para o dia 17/05/2021"}, {"id": "2912", "ano": "2021", "numero": "50", "tipo__sigla": "PARE", "tipo__descricao": "PARECER", "assunto": "Parecer Jur\u00eddico - Aquisi\u00e7\u00e3o de PABX - Dispensa"}, {"id": "3079", "ano": "2021", "numero": "50", "tipo__sigla": "REV", "tipo__descricao": "Relat\u00f3rios de rodagem do ve\u00edculo e outros", "assunto": "Levar o ve\u00edculo para abastecer, lavar, calibrar. OBS: providenciar o seguro do carro e descontar uma di\u00e1ria em meu sal\u00e1rio referente a ultima viagem na qual tive que antecipar a volta e conferir revis\u00e3o"}, {"id": "3417", "ano": "2021", "numero": "50", "tipo__sigla": "DA", "tipo__descricao": "Documento Avulso", "assunto": "Biografia Jos\u00e9 Joana"}, {"id": "3441", "ano": "2021", "numero": "50", "tipo__sigla": "NFB", "tipo__descricao": "Nota Fiscal/boleto", "assunto": "Nota fiscal auto posto santana"}, {"id": "3578", "ano": "2021", "numero": "50", "tipo__sigla": "DI", "tipo__descricao": "Di\u00e1rias e documentos relativos", "assunto": "C\u00e1lculo de quantidade e valores a pagar de di\u00e1rias Felipe Tom\u00e9 Mota e Silva (Belo Horizonte 29/09/2021 a 01/10/2021)"}, {"id": "3813", "ano": "2021", "numero": "50", "tipo__sigla": "MEM", "tipo__descricao": "Memorando", "assunto": "Solicita deferimento participar do curso : REGULAMENTA\u00c7\u00c3O DA LEI DE ACESSO \u00c0 INFORMA\u00c7\u00c3O NOS MUNIC\u00cdPIOS que ocorrer\u00e1 dos dias 02/11 a 05/11 na cidade de Belo Horizonte"}, {"id": "4026", "ano": "2021", "numero": "50", "tipo__sigla": "DD", "tipo__descricao": "Documentos da Diretoria", "assunto": "Solicita a presen\u00e7a da servidora Larissa Oliveira Naves no dia 08/12/2021"}, {"id": "2400", "ano": "2021", "numero": "51", "tipo__sigla": "OFEXP", "tipo__descricao": "Of\u00edcio Expedido", "assunto": "solicita c\u00f3pia do processo licitat\u00f3rio 02/2021 prefeitura municipal de Santana da Vargem"}, {"id": "2499", "ano": "2021", "numero": "51", "tipo__sigla": "OCI", "tipo__descricao": "Of\u00edcios da Controladoria Interna", "assunto": "Envio da declara\u00e7\u00e3o de bens e valores do servidor Daniel de Castro Casagrande (ano 2021), em conformidade com a exig\u00eancia do artigo 13 da Lei Nacional n\u00ba 8.429/1992 (Lei de Improbidade Administrativa)."}, {"id": "2525", "ano": "2021", "numero": "51", "tipo__sigla": "OR", "tipo__descricao": "OF\u00cdCIOS RECEBIDOS", "assunto": "Resposta \u00e0s indica\u00e7\u00f5es do vereador Luiz Felipe"}, {"id": "2837", "ano": "2021", "numero": "51", "tipo__sigla": "OVC", "tipo__descricao": "Of\u00edcio de Vereador/Comiss\u00e3o", "assunto": "Solicita emiss\u00e3o de 03 (tr\u00eas) di\u00e1rias e uma meia di\u00e1ria para viagem de Belo Horizonte nos dias 18, 19, 20 e 21 de maio de 2021"}, {"id": "2854", "ano": "2021", "numero": "51", "tipo__sigla": "ODC", "tipo__descricao": "Of\u00edcio/documento Cont\u00e1bil", "assunto": "Resposta ao of\u00edcio 81/2021 da controladoria interna"}, {"id": "2925", "ano": "2021", "numero": "51", "tipo__sigla": "PARE", "tipo__descricao": "PARECER", "assunto": "Licita\u00e7\u00e3o - Uniforme - Dispensa"}, {"id": "3080", "ano": "2021", "numero": "51", "tipo__sigla": "REV", "tipo__descricao": "Relat\u00f3rios de rodagem do ve\u00edculo e outros", "assunto": "Levar Diretora Kainne e vereadora Lia Ara\u00fajo no curso e na sexta feira levar na Assembleia Legislativa"}, {"id": "3418", "ano": "2021", "numero": "51", "tipo__sigla": "DA", "tipo__descricao": "Documento Avulso", "assunto": "Biografia Edina Vanilda Rezende"}, {"id": "3579", "ano": "2021", "numero": "51", "tipo__sigla": "DI", "tipo__descricao": "Di\u00e1rias e documentos relativos", "assunto": "C\u00e1lculo de quantidade e valores a pagar de di\u00e1rias ao motorista  (Belo Horizonte 29/09/2021 a 01/10/2021)"}, {"id": "3903", "ano": "2021", "numero": "51", "tipo__sigla": "MEM", "tipo__descricao": "Memorando", "assunto": "solicita ressarcimento no valor de R$120,00 referente a abastecimento em viagem para Belo Horizonte no dia 05 de novembro de 2021"}, {"id": "4050", "ano": "2021", "numero": "51", "tipo__sigla": "DD", "tipo__descricao": "Documentos da Diretoria", "assunto": "Solicita que a Sr. Larissa Oliveira Naves compare\u00e7a na Segunda Sess\u00e3o Solene do dia 10/12/2021"}, {"id": "2401", "ano": "2021", "numero": "52", "tipo__sigla": "OFEXP", "tipo__descricao": "Of\u00edcio Expedido", "assunto": "Solicito o pagamento dos servi\u00e7os de combust\u00edvel, \u00e1gua, energia el\u00e9trica, telefonia fixa e software para gest\u00e3o p\u00fablica"}, {"id": "2514", "ano": "2021", "numero": "52", "tipo__sigla": "OCI", "tipo__descricao": "Of\u00edcios da Controladoria Interna", "assunto": "Encaminhamento, ao departamento cont\u00e1bil, do Of\u00edcio do Controle Interno n\u00ba 48/2021; no qual foi solicitado o envio de convite ao controlador interno para acesso ao Sistema de Gest\u00e3o de Identidade do Tribunal de Contas do Estado. A libera\u00e7\u00e3o do acesso \u00e9 de suma import\u00e2ncia para o correto andamento dos trabalhos de controle e, assim como em anos anteriores, o departamento cont\u00e1bil foi definido como o administrador do SGI nesta Casa, conforme disposi\u00e7\u00e3o do artigo 5\u00ba da Instru\u00e7\u00e3o Normativa TCE-MG n\u00ba 04/2013."}, {"id": "2526", "ano": "2021", "numero": "52", "tipo__sigla": "OR", "tipo__descricao": "OF\u00cdCIOS RECEBIDOS", "assunto": "Resposta \u00e0 indica\u00e7\u00e3o 006 do vereador Ezequiel"}, {"id": "2838", "ano": "2021", "numero": "52", "tipo__sigla": "OVC", "tipo__descricao": "Of\u00edcio de Vereador/Comiss\u00e3o", "assunto": "Solicita emiss\u00e3o de 03 (tr\u00eas) di\u00e1rias e uma meia di\u00e1ria para viagem de Belo Horizonte nos dias 18, 19, 20 e 21 de maio de 2021"}, {"id": "2935", "ano": "2021", "numero": "52", "tipo__sigla": "ODC", "tipo__descricao": "Of\u00edcio/documento Cont\u00e1bil", "assunto": "Solicita um novo computador para a contadora legislativa"}, {"id": "2957", "ano": "2021", "numero": "52", "tipo__sigla": "PARE", "tipo__descricao": "PARECER", "assunto": "Parecer Jur\u00eddico - Projeto de Lei Ordin\u00e1ria n\u00ba 40 - Versa acerca do pedido do Poder Executivo para alterar o art. 2\u00ba da Lei Ordin\u00e1ria n\u00ba 1.589 de 18 de maio de 2021. Corrigir o elemento de despesa."}, {"id": "3100", "ano": "2021", "numero": "52", "tipo__sigla": "REV", "tipo__descricao": "Relat\u00f3rios de rodagem do ve\u00edculo e outros", "assunto": "Relat\u00f3rio de viagem Belo Horizonte 22/06/2021 a 25/06/2021- Jackson Luiz Ven\u00e2ncio de Souza"}, {"id": "3457", "ano": "2021", "numero": "52", "tipo__sigla": "DA", "tipo__descricao": "Documento Avulso", "assunto": "Documenta\u00e7\u00e3o Projeto de lei ordin\u00e1ria do legislativo 32/2021: Mario Pereira"}, {"id": "3580", "ano": "2021", "numero": "52", "tipo__sigla": "DI", "tipo__descricao": "Di\u00e1rias e documentos relativos", "assunto": "Requerimento de concess\u00e3o de di\u00e1rias adiantadas, Alessandra Dixini Ara\u00fajo (Belo Horizonte- 29/09/2021 a 01/10/2021)"}, {"id": "3953", "ano": "2021", "numero": "52", "tipo__sigla": "MEM", "tipo__descricao": "Memorando", "assunto": "Solicita concess\u00e3o de f\u00e9rias a partir do dia 29 de novembro at\u00e9 o dia 08 do m\u00eas de dezembro"}, {"id": "2403", "ano": "2021", "numero": "53", "tipo__sigla": "OFEXP", "tipo__descricao": "Of\u00edcio Expedido", "assunto": "Solicita ades\u00e3o \u00e0 ata de Registro de Pre\u00e7os, como \u00f3rg\u00e3o n\u00e3o participante, referente ao Processo Licitat\u00f3rio n.\u00ba 02/2021, Preg\u00e3o Presencial n\u00ba 01/2021, para aquisi\u00e7\u00e3o de combust\u00edvel para abastecimento dos ve\u00edculos da frota municipal"}, {"id": "2527", "ano": "2021", "numero": "53", "tipo__sigla": "OR", "tipo__descricao": "OF\u00cdCIOS RECEBIDOS", "assunto": "Resposta aos of\u00edcios 003, 004 e 005 da vereadora Lia Ara\u00fajo"}, {"id": "2537", "ano": "2021", "numero": "53", "tipo__sigla": "OCI", "tipo__descricao": "Of\u00edcios da Controladoria Interna", "assunto": "Orienta\u00e7\u00e3o para a correta elabora\u00e7\u00e3o do pr\u00f3ximo Or\u00e7amento do Poder Legislativo. Detalhamento do artigo 29-A da Constitui\u00e7\u00e3o Federal, o qual exp\u00f5e a base de c\u00e1lculo a ser utilizada para o c\u00e1lculo do repasse da Prefeitura Municipal ao Poder Legislativo."}, {"id": "2840", "ano": "2021", "numero": "53", "tipo__sigla": "OVC", "tipo__descricao": "Of\u00edcio de Vereador/Comiss\u00e3o", "assunto": "Solicita a emiss\u00e3o de 03 di\u00e1rias e 01 meia di\u00e1ria para viagem ao munic\u00edpio de Belo Horizonte nos dias 18, 19, 20 e 21 de maio de 2021"}, {"id": "2955", "ano": "2021", "numero": "53", "tipo__sigla": "ODC", "tipo__descricao": "Of\u00edcio/documento Cont\u00e1bil", "assunto": "Solicita autoriza\u00e7\u00e3o para pagamento notas fiscais memory"}, {"id": "2966", "ano": "2021", "numero": "53", "tipo__sigla": "PARE", "tipo__descricao": "PARECER", "assunto": "Parecer Jur\u00eddico - Curso de Licita\u00e7\u00e3o - Servidor - Inexigibilidade."}, {"id": "3101", "ano": "2021", "numero": "53", "tipo__sigla": "REV", "tipo__descricao": "Relat\u00f3rios de rodagem do ve\u00edculo e outros", "assunto": "Relat\u00f3rio de Viagem Belo Horizonte 22/06/2021 a 25/06/2021- Vitor Donizetti"}, {"id": "3480", "ano": "2021", "numero": "53", "tipo__sigla": "DA", "tipo__descricao": "Documento Avulso", "assunto": "Documenta\u00e7\u00e3o protocolada pela prefeitura referente ao projeto de lei 048/2021"}, {"id": "3581", "ano": "2021", "numero": "53", "tipo__sigla": "DI", "tipo__descricao": "Di\u00e1rias e documentos relativos", "assunto": "Requerimento de concess\u00e3o de di\u00e1rias adiantadas Felipe Tom\u00e9 Mota e Silva (Belo Horizonte- 29/09/2021 a 01/10/2021)"}, {"id": "3958", "ano": "2021", "numero": "53", "tipo__sigla": "MEM", "tipo__descricao": "Memorando", "assunto": "Solicita a confec\u00e7\u00e3o do cheque no valor de R$120,00 para cobrir gastos com as despesas de reabastecimento do ve\u00edculo (Belo Horizonte- 24 a 25 de novembro)"}, {"id": "2422", "ano": "2021", "numero": "54", "tipo__sigla": "OFEXP", "tipo__descricao": "Of\u00edcio Expedido", "assunto": "Encaminha indica\u00e7\u00e3o 006 do vereador Ezequiel da Silva"}, {"id": "2528", "ano": "2021", "numero": "54", "tipo__sigla": "OR", "tipo__descricao": "OF\u00cdCIOS RECEBIDOS", "assunto": "Resposta ao of\u00edcio 002 do vereador Carlos C\u00e9zar"}, {"id": "2546", "ano": "2021", "numero": "54", "tipo__sigla": "OCI", "tipo__descricao": "Of\u00edcios da Controladoria Interna", "assunto": "Orienta quanto \u00e0 imediata retirada do nome e do CPF do controlador interno como signat\u00e1rio de documentos relacionados ao setor cont\u00e1bil, uma vez que \u00e9 responsabilidade dos pr\u00f3prios servidores pertencentes ao referido setor tais assinaturas, conforme determina a Lei Complementar n\u00ba 16/2019 (Plano de Cargos, Carreiras e Vencimentos dos Servidores do Poder Legislativo Municipal). O of\u00edcio possui 6 anexos (Protocolo do Documento OCI n\u00ba 600/2021)."}, {"id": "2842", "ano": "2021", "numero": "54", "tipo__sigla": "OVC", "tipo__descricao": "Of\u00edcio de Vereador/Comiss\u00e3o", "assunto": "Solicita emiss\u00e3o de 03 di\u00e1rias e 01 meia di\u00e1ria para viagem ao munic\u00edpio de Belo Horizonte nos dias 18, 19, 20 e 21 de maio de 2021"}, {"id": "2967", "ano": "2021", "numero": "54", "tipo__sigla": "PARE", "tipo__descricao": "PARECER", "assunto": "Parecer Jur\u00eddico - Contrata\u00e7\u00e3o para manuten\u00e7\u00e3o do ponto eletr\u00f4nico da C\u00e2mara - Inexigibilidade."}, {"id": "3009", "ano": "2021", "numero": "54", "tipo__sigla": "ODC", "tipo__descricao": "Of\u00edcio/documento Cont\u00e1bil", "assunto": "Of\u00edcio 51/2021 - Confirma\u00e7\u00e3o das demonstra\u00e7\u00f5es cont\u00e1bil enviada, mensalmente, ao Poder Executivo   de Santana da Vargem-mg"}, {"id": "3108", "ano": "2021", "numero": "54", "tipo__sigla": "REV", "tipo__descricao": "Relat\u00f3rios de rodagem do ve\u00edculo e outros", "assunto": "Levar funcion\u00e1ria Alanis para pagar consignado, mas pr\u00f3ximo ao campo Alanis atende uma liga\u00e7\u00e3o da diretora cancelando a viagem"}, {"id": "3562", "ano": "2021", "numero": "54", "tipo__sigla": "DA", "tipo__descricao": "Documento Avulso", "assunto": "Ata/Registro de reuni\u00e3o virtual MPMG 0694.14.000266-8"}, {"id": "3609", "ano": "2021", "numero": "54", "tipo__sigla": "DI", "tipo__descricao": "Di\u00e1rias e documentos relativos", "assunto": "Relat\u00f3rio de viagem Alessandra Dixini Araujo (Belo Horizonte 29/09/2021 a 01/10/2021)"}, {"id": "4016", "ano": "2021", "numero": "54", "tipo__sigla": "MEM", "tipo__descricao": "Memorando", "assunto": "Solicita cancelamento do conv\u00eanio com a Unimed e Sindicato"}, {"id": "2425", "ano": "2021", "numero": "55", "tipo__sigla": "OFEXP", "tipo__descricao": "Of\u00edcio Expedido", "assunto": "Encaminha requerimentos 003,004 e 005 feitos pelo vereador Vitor Donizetti Siqueira J\u00fanior"}, {"id": "2529", "ano": "2021", "numero": "55", "tipo__sigla": "OR", "tipo__descricao": "OF\u00cdCIOS RECEBIDOS", "assunto": "Resposta \u00e0s indica\u00e7\u00f5es 001, 002 da vereadora Silmara"}, {"id": "2571", "ano": "2021", "numero": "55", "tipo__sigla": "OCI", "tipo__descricao": "Of\u00edcios da Controladoria Interna", "assunto": "Solicitar os servi\u00e7os de um t\u00e9cnico em inform\u00e1tica para o notebook do setor de controle interno. O computador tem apresentado um erro de tela azul, o qual reinicia o sistema operacional toda vez que h\u00e1 tentativa de envio de um arquivo para a impress\u00e3o. Adicionalmente, o aplicativo Libre Office n\u00e3o est\u00e1 funcionando, programa fundamental para a emiss\u00e3o dos documentos redigidos por esta controladoria (Protocolo n\u00ba 650/2021)."}, {"id": "2843", "ano": "2021", "numero": "55", "tipo__sigla": "OVC", "tipo__descricao": "Of\u00edcio de Vereador/Comiss\u00e3o", "assunto": "Solicita a emiss\u00e3o de 03 di\u00e1rias e 01 meia di\u00e1ria para viagem para o munic\u00edpio de Belo Horizonte nos dias 18, 19, 20  e 21 de maio de 2021"}, {"id": "2980", "ano": "2021", "numero": "55", "tipo__sigla": "PARE", "tipo__descricao": "PARECER", "assunto": "PARECER CONT\u00c1BIL - PARECER CONT\u00c1BIL AO PROJETO DE LEI   N\u00ba.40 DE 02 de junho DE 2021, QUE  \u201cDISPOE SOBRE ALTERA\u00c7\u00c3O DA Lei Municipal N\u00ba1.549,DE 18 MAIO DE 2021 E D\u00c1 OUTRAS PROVIDENCIAS."}, {"id": "3010", "ano": "2021", "numero": "55", "tipo__sigla": "ODC", "tipo__descricao": "Of\u00edcio/documento Cont\u00e1bil", "assunto": "Of\u00edcio 52/2021 - solicita autoriza\u00e7\u00e3o para eu possa trazer os empenhos, relat\u00f3rios e as folhas de pagamentos para  encadernar em casa, j\u00e1 que, estou trabalhando em home office, e estes servi\u00e7os s\u00e3o feitos manualmente"}, {"id": "3116", "ano": "2021", "numero": "55", "tipo__sigla": "REV", "tipo__descricao": "Relat\u00f3rios de rodagem do ve\u00edculo e outros", "assunto": "Levar Diretora Kainne na Caixa Econ\u00f4mica para pagar consignado"}, {"id": "3628", "ano": "2021", "numero": "55", "tipo__sigla": "DI", "tipo__descricao": "Di\u00e1rias e documentos relativos", "assunto": "An\u00e1lise de presta\u00e7\u00e3o de contas do recebimento de di\u00e1rias, Alessandra Dixini Araujo ( Belo Horizonte -29/09/2021)"}, {"id": "3700", "ano": "2021", "numero": "55", "tipo__sigla": "DA", "tipo__descricao": "Documento Avulso", "assunto": "Biografia e certid\u00e3o de \u00f3bito Bruno Tinano Ferreira Teodoro"}, {"id": "2426", "ano": "2021", "numero": "56", "tipo__sigla": "OFEXP", "tipo__descricao": "Of\u00edcio Expedido", "assunto": "Encaminha indica\u00e7\u00f5es 035 a 043 feitas pelo vereador Luiz Felipe Mendon\u00e7a Rodrigues"}, {"id": "2531", "ano": "2021", "numero": "56", "tipo__sigla": "OR", "tipo__descricao": "OF\u00cdCIOS RECEBIDOS", "assunto": "Resposta \u00e0s indica\u00e7\u00f5es 044, 045, 046, 047 e 048 do vereador Luiz Felipe"}, {"id": "2579", "ano": "2021", "numero": "56", "tipo__sigla": "OCI", "tipo__descricao": "Of\u00edcios da Controladoria Interna", "assunto": "Retorno quanto aos of\u00edcios n\u00b0 33 (Protocolo n\u00b0 656/2021) e n\u00b0 34 (Protocolo n\u00b0 658/2021), emitidos pelo departamento de contabilidade. Acerca do assunto tratado no of\u00edcio n\u00b0 33, a controladoria reconheceu as dificuldades enfrentadas pela contadora e sugeriu que o cadastro do controlador interno no SGI do TCE-MG fosse realizado de maneira an\u00e1loga ao do(a) representante legal do Poder Legislativo, realizado - nos \u00faltimos anos - pelos demais servidores do setor cont\u00e1bil. Acerca do tema exposto no of\u00edcio n\u00b0 34, o departamento de controle comunicou que est\u00e3o sendo elaborados planos de auditoria e, desta forma, inclusive e oportunamente, os processos de compra ser\u00e3o examinados."}, {"id": "2851", "ano": "2021", "numero": "56", "tipo__sigla": "OVC", "tipo__descricao": "Of\u00edcio de Vereador/Comiss\u00e3o", "assunto": "Solicita sala espec\u00edfica ao atendimento ao Covid-19"}, {"id": "3005", "ano": "2021", "numero": "56", "tipo__sigla": "PARE", "tipo__descricao": "PARECER", "assunto": "Parecer Jur\u00eddico - Inexigibilidade de Licita\u00e7\u00e3o - Curso \" Fiscaliza\u00e7\u00e3o dos atos do Executivo na pr\u00e1tica: como investigar, denunciar e punir\"."}, {"id": "3053", "ano": "2021", "numero": "56", "tipo__sigla": "ODC", "tipo__descricao": "Of\u00edcio/documento Cont\u00e1bil", "assunto": "Solicita o pagamento da metade do 13\u00ba sal\u00e1rio na folha de junho 2021"}, {"id": "3175", "ano": "2021", "numero": "56", "tipo__sigla": "REV", "tipo__descricao": "Relat\u00f3rios de rodagem do ve\u00edculo e outros", "assunto": "Buscar funcion\u00e1ria Maria e documentos. OBS: analisar revis\u00e3o e documentos 2021"}, {"id": "3630", "ano": "2021", "numero": "56", "tipo__sigla": "DI", "tipo__descricao": "Di\u00e1rias e documentos relativos", "assunto": "Requerimento de concess\u00e3o de di\u00e1rias adiantas Luiz Felipe Mendon\u00e7a Rodrigues (Belo Horizonte- 06/10/2021 a 08/10/2021)"}, {"id": "3701", "ano": "2021", "numero": "56", "tipo__sigla": "DA", "tipo__descricao": "Documento Avulso", "assunto": "Biografia e certid\u00e3o de \u00f3bito Matheus Isac Rosa"}, {"id": "2423", "ano": "2021", "numero": "57", "tipo__sigla": "OFEXP", "tipo__descricao": "Of\u00edcio Expedido", "assunto": "encaminha para publica\u00e7\u00e3o no Di\u00e1rio Oficial o Extrato de Inexigibilidade n\u00ba 03/2021"}, {"id": "2532", "ano": "2021", "numero": "57", "tipo__sigla": "OR", "tipo__descricao": "OF\u00cdCIOS RECEBIDOS", "assunto": "Resposta ao of\u00edcio 002/2021 da vereadora Lia Ara\u00fajo"}, {"id": "2584", "ano": "2021", "numero": "57", "tipo__sigla": "OCI", "tipo__descricao": "Of\u00edcios da Controladoria Interna", "assunto": "Autoriza\u00e7\u00e3o para trabalho em home office devido \u00e0 pandemia de COVID-19. Observando as medidas adotadas pelo Governo do Estado, bem como o Decreto Municipal n\u00ba 26/2021 e o Of\u00edcio da Procuradoria Legislativa n\u00ba 12/2021, o controlador interno solicita novo deferimento para executar suas atividades em teletrabalho."}, {"id": "2852", "ano": "2021", "numero": "57", "tipo__sigla": "OVC", "tipo__descricao": "Of\u00edcio de Vereador/Comiss\u00e3o", "assunto": "Solicita informa\u00e7\u00f5es e esclarecimentos dos questionamentos a respeito do trabalho da secret\u00e1ria de sa\u00fade em rela\u00e7\u00e3o ao combate contra o COVID-19"}, {"id": "3008", "ano": "2021", "numero": "57", "tipo__sigla": "PARE", "tipo__descricao": "PARECER", "assunto": "Parecer Jur\u00eddico - Dispensa de Licita\u00e7\u00e3o - Aquisi\u00e7\u00e3o de placas, medalhas para homenagem, quadro de presidente e carteira de identifica\u00e7\u00e3o funcional."}, {"id": "3173", "ano": "2021", "numero": "57", "tipo__sigla": "ODC", "tipo__descricao": "Of\u00edcio/documento Cont\u00e1bil", "assunto": "Resposta ao of\u00edcio n\u00ba 228/2021 da 3\u00aa Promotoria de Justi\u00e7a da Comarca de Tr\u00eas Pontas MG"}, {"id": "3213", "ano": "2021", "numero": "57", "tipo__sigla": "REV", "tipo__descricao": "Relat\u00f3rios de rodagem do ve\u00edculo e outros", "assunto": "Relat\u00f3rio de viagem"}, {"id": "3631", "ano": "2021", "numero": "57", "tipo__sigla": "DI", "tipo__descricao": "Di\u00e1rias e documentos relativos", "assunto": "Requerimento de concess\u00e3o de di\u00e1rias adiantas Ronalthe Dayglas Rocha (Belo Horizonte- 06/10/2021 a 08/10/2021)"}, {"id": "3704", "ano": "2021", "numero": "57", "tipo__sigla": "DA", "tipo__descricao": "Documento Avulso", "assunto": "Biografia Jorge Cust\u00f3dio da Silva"}, {"id": "2435", "ano": "2021", "numero": "58", "tipo__sigla": "OFEXP", "tipo__descricao": "Of\u00edcio Expedido", "assunto": "Of\u00edcio 34 - Solicita desmembramento de dota\u00e7\u00e3o global - Cons\u00f3rcio"}, {"id": "2533", "ano": "2021", "numero": "58", "tipo__sigla": "OR", "tipo__descricao": "OF\u00cdCIOS RECEBIDOS", "assunto": "Resposta ao of\u00edcio 002/2021 do vereador Carlos C\u00e9zar"}, {"id": "2603", "ano": "2021", "numero": "58", "tipo__sigla": "OCI", "tipo__descricao": "Of\u00edcios da Controladoria Interna", "assunto": "Consulta quanto aos tr\u00e2mites para o estabelecimento de instru\u00e7\u00f5es normativas. A controladoria questiona \u00e0 procuradoria jur\u00eddica quais s\u00e3o os procedimentos para que - ap\u00f3s o fim da etapa de elabora\u00e7\u00e3o - as referidas instru\u00e7\u00f5es passem a valer como regra (Protocolo n\u00ba 694/2021)."}, {"id": "2856", "ano": "2021", "numero": "58", "tipo__sigla": "OVC", "tipo__descricao": "Of\u00edcio de Vereador/Comiss\u00e3o", "assunto": "Solicita emiss\u00e3o de 03 di\u00e1rias  e 01 meia di\u00e1ria  para o motorista para viagem ao munic\u00edpio de Belo Horizonte nos dias 18, 19, 20 e 21 de maio"}, {"id": "3011", "ano": "2021", "numero": "58", "tipo__sigla": "PARE", "tipo__descricao": "PARECER", "assunto": "Parecer Jur\u00eddico - Recarga e manuten\u00e7\u00e3o dos extintores de inc\u00eandio. - Dispensa de Licita\u00e7\u00e3o."}, {"id": "3178", "ano": "2021", "numero": "58", "tipo__sigla": "ODC", "tipo__descricao": "Of\u00edcio/documento Cont\u00e1bil", "assunto": "Novo or\u00e7amento PPA: 2022 a 2025, LDO 2022 e LOA 2022"}, {"id": "3220", "ano": "2021", "numero": "58", "tipo__sigla": "REV", "tipo__descricao": "Relat\u00f3rios de rodagem do ve\u00edculo e outros", "assunto": "Levar o carro para lavar, calibrar conferir motor.\r\nOBS: conferir seguro e documentos 2021"}, {"id": "3632", "ano": "2021", "numero": "58", "tipo__sigla": "DI", "tipo__descricao": "Di\u00e1rias e documentos relativos", "assunto": "Requerimento de concess\u00e3o de di\u00e1rias adiantas Carlos C\u00e9zar Ribeiro (Belo Horizonte- 06/10/2021 a 08/10/2021)"}, {"id": "3711", "ano": "2021", "numero": "58", "tipo__sigla": "DA", "tipo__descricao": "Documento Avulso", "assunto": "Biografia e certid\u00e3o de \u00f3bito Dorvino Martins de Oliveira"}, {"id": "2436", "ano": "2021", "numero": "59", "tipo__sigla": "OFEXP", "tipo__descricao": "Of\u00edcio Expedido", "assunto": "Solicita a retirada e o acolhimento de animais selvagens"}, {"id": "2534", "ano": "2021", "numero": "59", "tipo__sigla": "OR", "tipo__descricao": "OF\u00cdCIOS RECEBIDOS", "assunto": "Resposta ao of\u00edcio 002 do vereador Ronalthe"}, {"id": "2614", "ano": "2021", "numero": "59", "tipo__sigla": "OCI", "tipo__descricao": "Of\u00edcios da Controladoria Interna", "assunto": "Pedido de desconsidera\u00e7\u00e3o - para fins de pagamento de remunera\u00e7\u00e3o mensal - de quaisquer horas extras realizadas por Daniel de Castro Casagrande no per\u00edodo de 23 de fevereiro a 22 de mar\u00e7o de 2021. Encaminhamento, \u00e0 contadora do Poder Legislativo, do of\u00edcio do controle interno n\u00ba 57/2021 (pedido de autoriza\u00e7\u00e3o para teletrabalho ao controlador interno, deferido - em 22/03 - mediante assinatura da presid\u00eancia na pr\u00f3pria via original)."}, {"id": "2873", "ano": "2021", "numero": "59", "tipo__sigla": "OVC", "tipo__descricao": "Of\u00edcio de Vereador/Comiss\u00e3o", "assunto": "Solicita\u00e7\u00e3o"}, {"id": "3031", "ano": "2021", "numero": "59", "tipo__sigla": "PARE", "tipo__descricao": "PARECER", "assunto": "Parecer Jur\u00eddico - Licita\u00e7\u00e3o - Aquisi\u00e7\u00e3o de bandeiras oficiais (Brasil, Minas Gerais, Santana da Vargem) - Dispensa em raz\u00e3o do valor."}, {"id": "3207", "ano": "2021", "numero": "59", "tipo__sigla": "ODC", "tipo__descricao": "Of\u00edcio/documento Cont\u00e1bil", "assunto": "Pagamento de DARF feito pela contadora do legislativo (referente ao IRRF- Imposto de Renda Retido na Fonte)"}, {"id": "3231", "ano": "2021", "numero": "59", "tipo__sigla": "REV", "tipo__descricao": "Relat\u00f3rios de rodagem do ve\u00edculo e outros", "assunto": "Levar vereadores Ronalthe, Felip\u00e3o e Juninho para curso do dia 27 a 30. OBS: No dia 28 a diretora Kainne me ligou para trazer o vereador Vitor Junior que o mesmo teria dito que tinha que voltar para resolver problemas pessoais."}, {"id": "3633", "ano": "2021", "numero": "59", "tipo__sigla": "DI", "tipo__descricao": "Di\u00e1rias e documentos relativos", "assunto": "Requerimento de concess\u00e3o de di\u00e1rias adiantas Vitor Donizetti Siqueira Junior (Belo Horizonte- 06/10/2021 a 08/10/2021)"}, {"id": "3742", "ano": "2021", "numero": "59", "tipo__sigla": "DA", "tipo__descricao": "Documento Avulso", "assunto": "Atestado de \u00f3bito e biografia Dario Jos\u00e9 da Rocha"}, {"id": "2536", "ano": "2021", "numero": "60", "tipo__sigla": "OR", "tipo__descricao": "OF\u00cdCIOS RECEBIDOS", "assunto": "Resposta ao of\u00edcio do vereador Luiz Felipe solicitando informa\u00e7\u00f5es a respeito do servidor Silvio C\u00e9sar Miranda"}, {"id": "2615", "ano": "2021", "numero": "60", "tipo__sigla": "OCI", "tipo__descricao": "Of\u00edcios da Controladoria Interna", "assunto": "Assinatura de relat\u00f3rios de ponto eletr\u00f4nico dos servidores; de frequ\u00eancia dos vereadores e envio de documento. Pela emiss\u00e3o deste of\u00edcio, a controladoria demonstrou que - apesar de nos \u00faltimos anos o departamento de controle ter sido respons\u00e1vel signat\u00e1rio pelo relat\u00f3rio de ponto eletr\u00f4nico dos servidores e pelo relat\u00f3rio de frequ\u00eancia dos vereadores \u00e0s reuni\u00f5es plen\u00e1rias - cabe ao setor verificar a regularidade dos trabalhos, apontar e apurar falhas e/ou desvios e fazer recomenda\u00e7\u00f5es \u00e0s autoridades gestoras. A participa\u00e7\u00e3o direta na gest\u00e3o compromete as atividades prec\u00edpuas do cargo. Para garantir o n\u00e3o comprometimento do pagamento dos vereadores neste \u00faltimo m\u00eas (mar\u00e7o/2021), o controle interno enviou a apura\u00e7\u00e3o de presen\u00e7a do per\u00edodo compreendido entre os dias 23 de fevereiro e 22 de mar\u00e7o, baseada em consultas \u00e0s atas e aos v\u00eddeos das reuni\u00f5es plen\u00e1rias (informa\u00e7\u00f5es de amplo acesso p\u00fablico)."}, {"id": "2893", "ano": "2021", "numero": "60", "tipo__sigla": "OVC", "tipo__descricao": "Of\u00edcio de Vereador/Comiss\u00e3o", "assunto": "Notifica ex-prefeito, vota\u00e7\u00e3o da presta\u00e7\u00e3o de contas do exerc\u00edcio2019"}, {"id": "3042", "ano": "2021", "numero": "60", "tipo__sigla": "PARE", "tipo__descricao": "PARECER", "assunto": "Parecer Jur\u00eddico - Emenda a Lei Org\u00e2nica n\u00ba 04\\2021 - Or\u00e7amento Impositivo."}, {"id": "3243", "ano": "2021", "numero": "60", "tipo__sigla": "REV", "tipo__descricao": "Relat\u00f3rios de rodagem do ve\u00edculo e outros", "assunto": "Ir em BH buscar vereador Felip\u00e3o e deixar vereador Ronalthe na rodovi\u00e1ria de BH\r\nOBS: Ressarcimento R$100,00 e R$20,00 de estacionamento"}, {"id": "3290", "ano": "2021", "numero": "60", "tipo__sigla": "ODC", "tipo__descricao": "Of\u00edcio/documento Cont\u00e1bil", "assunto": "Solicita\u00e7\u00e3o de computador para a contabilidade"}, {"id": "3634", "ano": "2021", "numero": "60", "tipo__sigla": "DI", "tipo__descricao": "Di\u00e1rias e documentos relativos", "assunto": "Requerimento de concess\u00e3o de di\u00e1rias ao motorista (Belo Horizonte- 06/10/2021 a 08/10/2021)"}, {"id": "3747", "ano": "2021", "numero": "60", "tipo__sigla": "DA", "tipo__descricao": "Documento Avulso", "assunto": "Sugest\u00e3o de Projeto de Lei Substituto ao Projeto de Lei Ordin\u00e1ria n\u00ba 50 - 2021"}, {"id": "2544", "ano": "2021", "numero": "61", "tipo__sigla": "OR", "tipo__descricao": "OF\u00cdCIOS RECEBIDOS", "assunto": "Termo de coopera\u00e7\u00e3o t\u00e9cnica n\u00b001/2019 entre os munic\u00edpios de Santana da Vargem e Boa Esperan\u00e7a"}, {"id": "2623", "ano": "2021", "numero": "61", "tipo__sigla": "OCI", "tipo__descricao": "Of\u00edcios da Controladoria Interna", "assunto": "Envio de checklist - elaborado pela controladoria - para direcionar o fluxo dos procedimentos de participa\u00e7\u00e3o em atas de registro de pre\u00e7os (C\u00e2mara Municipal - neste caso - figura como \u00f3rg\u00e3o participante, ou seja, est\u00e1 presente nos atos dos processos de aquisi\u00e7\u00e3o desde o in\u00edcio)."}, {"id": "2894", "ano": "2021", "numero": "61", "tipo__sigla": "OVC", "tipo__descricao": "Of\u00edcio de Vereador/Comiss\u00e3o", "assunto": "Notifica prefeito, vota\u00e7\u00e3o da presta\u00e7\u00e3o de contas do exerc\u00edcio 2019"}, {"id": "3056", "ano": "2021", "numero": "61", "tipo__sigla": "PARE", "tipo__descricao": "PARECER", "assunto": "Parecer Jur\u00eddico - Veto sobre o projeto de lei do legislativo n\u00ba 05 - Prefer\u00eancia na matr\u00edcula de alunos com TEA ou DISLEXIA."}, {"id": "3283", "ano": "2021", "numero": "61", "tipo__sigla": "REV", "tipo__descricao": "Relat\u00f3rios de rodagem do ve\u00edculo e outros", "assunto": "Levar funcion\u00e1ria Larissa no departamento de vigil\u00e2ncia sanit\u00e1ria para protocolar of\u00edcio do vereador Ronalthe"}, {"id": "3402", "ano": "2021", "numero": "61", "tipo__sigla": "ODC", "tipo__descricao": "Of\u00edcio/documento Cont\u00e1bil", "assunto": "Solicita a autoriza\u00e7\u00e3o para implanta\u00e7\u00e3o de novo m\u00f3dulo no sistema informatizado Memory"}, {"id": "3637", "ano": "2021", "numero": "61", "tipo__sigla": "DI", "tipo__descricao": "Di\u00e1rias e documentos relativos", "assunto": "Calculo de quantidades e de valores a pagar de di\u00e1rias Vitor Donizetti Siqueira Junior (Belo Horizonte 06/10/2021 a 08/10/2021)"}, {"id": "3748", "ano": "2021", "numero": "61", "tipo__sigla": "DA", "tipo__descricao": "Documento Avulso", "assunto": "Errata - Of\u00edcio n\u00ba 38 - 2021 da Procuradoria Legislativa Municipal."}, {"id": "2446", "ano": "2021", "numero": "62", "tipo__sigla": "OFEXP", "tipo__descricao": "Of\u00edcio Expedido", "assunto": "Resposta of\u00edcio 26/2021/3\u00aa PJ-TP - Projeto Realizando Sonhos - Doa\u00e7\u00e3o."}, {"id": "2545", "ano": "2021", "numero": "62", "tipo__sigla": "OR", "tipo__descricao": "OF\u00cdCIOS RECEBIDOS", "assunto": "Balancetes de receitas e despesas referentes ao m\u00eas de fevereiro de 2021"}, {"id": "2631", "ano": "2021", "numero": "62", "tipo__sigla": "OCI", "tipo__descricao": "Of\u00edcios da Controladoria Interna", "assunto": "Orienta quanto \u00e0 ampla divulga\u00e7\u00e3o do assunto mencionado no Of\u00edcio do Controle Interno n\u00ba 45/2021. Trata-se do envio da Declara\u00e7\u00e3o Anual de Bens e Valores dos Agentes P\u00fablicos (2021), o qual est\u00e1 com o mesmo prazo de entrega - \u00e0 Receita Federal - da Declara\u00e7\u00e3o de Imposto de Renda da Pessoa F\u00edsica. Tal documento \u00e9 exig\u00eancia do artigo 13 da Lei Nacional n\u00ba 8.429/1992 (Lei de Improbidade Administrativa) e pode ser substitu\u00eddo pela Declara\u00e7\u00e3o de IRPF, desde que haja as devidas atualiza\u00e7\u00f5es referentes \u00e0 data do protocolo na secretaria."}, {"id": "2895", "ano": "2021", "numero": "62", "tipo__sigla": "OVC", "tipo__descricao": "Of\u00edcio de Vereador/Comiss\u00e3o", "assunto": "Notifica\u00e7\u00e3o Walter: informar que o parecer pr\u00e9vio, da presta\u00e7\u00e3o de conta deste munic\u00edpio, referente ao exerc\u00edcio de 2019, Processo n\u00ba 1095110 do TCE-MG,  j\u00e1 se encontra dispon\u00edvel na secretaria desta Casa."}, {"id": "3059", "ano": "2021", "numero": "62", "tipo__sigla": "PARE", "tipo__descricao": "PARECER", "assunto": "Parecer Jur\u00eddico - Projeto de Lei Ordin\u00e1rio n\u00ba 37 - Cria o Conselho Municipal de Educa\u00e7\u00e3o."}, {"id": "3286", "ano": "2021", "numero": "62", "tipo__sigla": "REV", "tipo__descricao": "Relat\u00f3rios de rodagem do ve\u00edculo e outros", "assunto": "Levar Kainne na Caixa Econ\u00f4mica para pagar consignado"}, {"id": "3481", "ano": "2021", "numero": "62", "tipo__sigla": "ODC", "tipo__descricao": "Of\u00edcio/documento Cont\u00e1bil", "assunto": "Solicita autoriza\u00e7\u00e3o para pagamento da nota fiscal 3904/2021 no valor de R$400,00 e nota fiscal no valor de R$650,00 referente \u00e0 cess\u00e3o de direito de uso de software do m\u00eas de agosto"}, {"id": "3638", "ano": "2021", "numero": "62", "tipo__sigla": "DI", "tipo__descricao": "Di\u00e1rias e documentos relativos", "assunto": "Calculo de quantidades e de valores a pagar de di\u00e1rias Carlos C\u00e9zar Ribeiro  (Belo Horizonte 06/10/2021 a 08/10/2021)"}, {"id": "3783", "ano": "2021", "numero": "62", "tipo__sigla": "DA", "tipo__descricao": "Documento Avulso", "assunto": "Documento para instruir  projeto de lei ordin\u00e1ria do legislativo Vitor Donizetti Siqueira Junior"}, {"id": "2449", "ano": "2021", "numero": "63", "tipo__sigla": "OFEXP", "tipo__descricao": "Of\u00edcio Expedido", "assunto": "Convida Sr. Gustavo Corgosinho Cardoso para participar de Reuni\u00e3o Ordin\u00e1ria Legislativa, a ser realizada no Plen\u00e1rio no dia 09/03/2021 as 19h"}, {"id": "2550", "ano": "2021", "numero": "63", "tipo__sigla": "OR", "tipo__descricao": "OF\u00cdCIOS RECEBIDOS", "assunto": "Medidas de prote\u00e7\u00e3o contra o coronav\u00edrus do governo de minas na onda roxa"}, {"id": "2633", "ano": "2021", "numero": "63", "tipo__sigla": "OCI", "tipo__descricao": "Of\u00edcios da Controladoria Interna", "assunto": "Solicitar autoriza\u00e7\u00e3o para procedimento de compra do curso online \"Sistema de Controle Interno no Poder Legislativo Municipal\", fornecido pelo Instituto Plenum Brasil; a ser realizado nos dias 8 e 9 de abril de 2021."}, {"id": "2896", "ano": "2021", "numero": "63", "tipo__sigla": "OVC", "tipo__descricao": "Of\u00edcio de Vereador/Comiss\u00e3o", "assunto": "Notifica\u00e7\u00e3o Carlos Cezar: informar que o parecer pr\u00e9vio, da presta\u00e7\u00e3o de conta deste munic\u00edpio, referente ao exerc\u00edcio de 2019, Processo n\u00ba 1095110 do TCE-MG,  j\u00e1 se encontra dispon\u00edvel na secretaria desta Casa."}, {"id": "3078", "ano": "2021", "numero": "63", "tipo__sigla": "PARE", "tipo__descricao": "PARECER", "assunto": "Parecer jur\u00eddico - Decreto Legislativo n\u00ba 01 - Abertura de Cr\u00e9dito Adicional Suplementar para Dota\u00e7\u00e3o Or\u00e7ament\u00e1ria vinculado ao Legislativo."}, {"id": "3324", "ano": "2021", "numero": "63", "tipo__sigla": "REV", "tipo__descricao": "Relat\u00f3rios de rodagem do ve\u00edculo e outros", "assunto": "Levar Funcion\u00e1ria Alanis no sindicato dos trabalhadores para colher assinatura da presidente"}, {"id": "3575", "ano": "2021", "numero": "63", "tipo__sigla": "ODC", "tipo__descricao": "Of\u00edcio/documento Cont\u00e1bil", "assunto": "Solicita hor\u00e1rio intermitente no m\u00eas de outubro de 2021, fazendo 2 dias de 8 horas e 1 dia de 4 horas"}, {"id": "3639", "ano": "2021", "numero": "63", "tipo__sigla": "DI", "tipo__descricao": "Di\u00e1rias e documentos relativos", "assunto": "Calculo de quantidades e de valores a pagar de di\u00e1rias Luiz Felipe Mendon\u00e7a Rodrigues  (Belo Horizonte 06/10/2021 a 08/10/2021)"}, {"id": "3798", "ano": "2021", "numero": "63", "tipo__sigla": "DA", "tipo__descricao": "Documento Avulso", "assunto": "Atestado de \u00f3bito Jorge Cust\u00f3dio da Silva"}, {"id": "2559", "ano": "2021", "numero": "64", "tipo__sigla": "OR", "tipo__descricao": "OF\u00cdCIOS RECEBIDOS", "assunto": "Requer c\u00f3pia na \u00edntegra dos autos do Processo Licitat\u00f3rio 001/2015 (Preg\u00e3o), que teve como objetivo a aquisi\u00e7\u00e3o de ve\u00edculo automotor"}, {"id": "2652", "ano": "2021", "numero": "64", "tipo__sigla": "OCI", "tipo__descricao": "Of\u00edcios da Controladoria Interna", "assunto": "Tabela de c\u00e1lculo do limite de repasse or\u00e7ament\u00e1rio do Poder Executivo ao Poder Legislativo Municipal. Tal documento deve ser preenchido pelo departamento cont\u00e1bil da C\u00e2mara ou pelo setor cont\u00e1bil da Prefeitura, a fim de que seja informado o valor arrecadado pelo Munic\u00edpio (no exerc\u00edcio 2020) correspondente \u00e0 base de c\u00e1lculo presente no caput do artigo 29-A da Constitui\u00e7\u00e3o Federal. A partir da devolu\u00e7\u00e3o da tabela preenchida, a presid\u00eancia definir\u00e1 o valor global do or\u00e7amento seguinte da Casa Legislativa e a proposta poder\u00e1 ser elaborada. Nos \u00faltimos anos, a data limite de envio da proposta ao setor de planejamento do Poder Executivo tem sido o dia 31 de julho, para fins de consolida\u00e7\u00e3o no projeto de lei or\u00e7ament\u00e1ria anual; desta forma, \u00e9 de suma import\u00e2ncia a defini\u00e7\u00e3o antecipada, a fim de garantir um per\u00edodo razo\u00e1vel para a elabora\u00e7\u00e3o e evitar qualquer tipo de imprevisto. Este of\u00edcio complementa os assuntos abordados no Of\u00edcio n\u00ba 53 e no Relat\u00f3rio n\u00ba 6/2021, ambos documentos emitidos tamb\u00e9m pela controladoria. Quanto a este documento, foi solicitada resposta formal da presid\u00eancia."}, {"id": "2897", "ano": "2021", "numero": "64", "tipo__sigla": "OVC", "tipo__descricao": "Of\u00edcio de Vereador/Comiss\u00e3o", "assunto": "Notifica\u00e7\u00e3o Lia: informar que o parecer pr\u00e9vio, da presta\u00e7\u00e3o de conta deste munic\u00edpio, referente ao exerc\u00edcio de 2019, Processo n\u00ba 1095110 do TCE-MG,  j\u00e1 se encontra dispon\u00edvel na secretaria desta Casa."}, {"id": "3105", "ano": "2021", "numero": "64", "tipo__sigla": "PARE", "tipo__descricao": "PARECER", "assunto": "Parecer Jur\u00eddico - Lei Ordin\u00e1ria n\u00ba 39 - Empr\u00e9stimo para constru\u00e7\u00e3o de usina fotovolt\u00e1ica. R$1.500.000,00 (um milh\u00e3o e quinhentos mil reais)"}, {"id": "3340", "ano": "2021", "numero": "64", "tipo__sigla": "REV", "tipo__descricao": "Relat\u00f3rios de rodagem do ve\u00edculo e outros", "assunto": "Levar funcion\u00e1rias Alanis e Larissa para colher cota\u00e7\u00f5es para processo de licita\u00e7\u00e3o"}, {"id": "3584", "ano": "2021", "numero": "64", "tipo__sigla": "ODC", "tipo__descricao": "Of\u00edcio/documento Cont\u00e1bil", "assunto": "Solicita a autoriza\u00e7\u00e3o para alterar o hor\u00e1rio no m\u00eas de outubro para 8:00 h por dia em 2 dias e 4h em 1 dia, totalizando 20h semanais"}, {"id": "3640", "ano": "2021", "numero": "64", "tipo__sigla": "DI", "tipo__descricao": "Di\u00e1rias e documentos relativos", "assunto": "Calculo de quantidades e de valores a pagar de di\u00e1rias Ronalthe Dayglas Rocha (Belo Horizonte 06/10/2021 a 08/10/2021)"}, {"id": "3803", "ano": "2021", "numero": "64", "tipo__sigla": "DA", "tipo__descricao": "Documento Avulso", "assunto": "termo de sepultamento Laudomira efig\u00eania Pereira"}, {"id": "2457", "ano": "2021", "numero": "65", "tipo__sigla": "OFEXP", "tipo__descricao": "Of\u00edcio Expedido", "assunto": "Em atendimento ao Parecer Jur\u00eddico a respeito do Projeto de Lei Ordin\u00e1ria n\u00ba 08 do\r\nano de 2021, que versa acerca do pedido do Poder Executivo para que seja autorizada a\r\nabertura de cr\u00e9dito adicional especial por super\u00e1vit financeiro, venho atrav\u00e9s do presente\r\nsolicitar PARECER CONT\u00c1BIL"}, {"id": "2578", "ano": "2021", "numero": "65", "tipo__sigla": "OR", "tipo__descricao": "OF\u00cdCIOS RECEBIDOS", "assunto": "Solicita\u00e7\u00e3o faz"}, {"id": "2693", "ano": "2021", "numero": "65", "tipo__sigla": "OCI", "tipo__descricao": "Of\u00edcios da Controladoria Interna", "assunto": "A Controladoria Interna do Poder Legislativo enviou seu Of\u00edcio de n\u00ba 65/2021 ao Gabinete do Prefeito Municipal, solicitando a elabora\u00e7\u00e3o de uma lei que institua a Controladoria-Geral do Munic\u00edpio: \u00f3rg\u00e3o que objetiva a defesa do patrim\u00f4nio p\u00fablico e o incremento da transpar\u00eancia na gest\u00e3o, mediante atividades de controle, auditoria, correi\u00e7\u00e3o, preven\u00e7\u00e3o e combate \u00e0 corrup\u00e7\u00e3o, bem como ouvidoria. \r\nUma vez que, de acordo com o artigo 74 da Constitui\u00e7\u00e3o Federal e com o artigo 81 da Constitui\u00e7\u00e3o Estadual, os Poderes do ente federativo devem manter - de forma integrada - Sistema de Controle Interno, a cria\u00e7\u00e3o de lei que suporte tais a\u00e7\u00f5es \u00e9 de suma import\u00e2ncia, a fim de garantir a observ\u00e2ncia das diretrizes que forem fixadas, bem como ao fiel cumprimento da atribui\u00e7\u00e3o de implementar o referido sistema no Poder Legislativo, prevista - para o controlador interno - na p\u00e1gina 28 da Lei Complementar n\u00ba 16/2019 (Plano de Cargos, Carreiras e Vencimentos dos Servidores do Poder Legislativo).  \r\nEsta Controladoria se colocou \u00e0 disposi\u00e7\u00e3o para prestar total apoio na elabora\u00e7\u00e3o da lei e enviou - por correio eletr\u00f4nico - c\u00f3pia deste of\u00edcio \u00e0 Presid\u00eancia e \u00e0 Procuradoria da C\u00e2mara Legislativa, bem como \u00e0 Divis\u00e3o de Controle Interno e ao Departamento Jur\u00eddico da Prefeitura Municipal (Protocolo n\u00ba 847/2021)."}, {"id": "2898", "ano": "2021", "numero": "65", "tipo__sigla": "OVC", "tipo__descricao": "Of\u00edcio de Vereador/Comiss\u00e3o", "assunto": "Notifica\u00e7\u00e3o Silmara: informar que o parecer pr\u00e9vio, da presta\u00e7\u00e3o de conta deste munic\u00edpio, referente ao exerc\u00edcio de 2019, Processo n\u00ba 1095110 do TCE-MG,  j\u00e1 se encontra dispon\u00edvel na secretaria desta Casa."}, {"id": "3107", "ano": "2021", "numero": "65", "tipo__sigla": "PARE", "tipo__descricao": "PARECER", "assunto": "Parecer cont\u00e1bil Projeto de Lei n\u00b0 024, de 08 de abril de 2021, que \"Disp\u00f5e sobre as diretrizes para elabora\u00e7\u00e3o da lei or\u00e7ament\u00e1ria de 2022 e d\u00e1 outras provid\u00eancias\"."}, {"id": "3344", "ano": "2021", "numero": "65", "tipo__sigla": "REV", "tipo__descricao": "Relat\u00f3rios de rodagem do ve\u00edculo e outros", "assunto": "Levar Funcion\u00e1ria Larissa para fazer cota\u00e7\u00f5es de panificadora e m\u00f3veis planejado"}, {"id": "3629", "ano": "2021", "numero": "65", "tipo__sigla": "ODC", "tipo__descricao": "Of\u00edcio/documento Cont\u00e1bil", "assunto": "Solicita autoriza\u00e7\u00e3o para o pagamento das notas fiscais 4345/2021 no valor de R$400,00 e 4309/2021 no valor de R$650,00 referentes \u00e0 cess\u00e3o de direito de uso de sftware do m\u00eas de setembro de 2021 (Memory)"}, {"id": "3641", "ano": "2021", "numero": "65", "tipo__sigla": "DI", "tipo__descricao": "Di\u00e1rias e documentos relativos", "assunto": "Calculo de quantidades e de valores a pagar de di\u00e1rias Emerson Silva Ara\u00fajo (Belo Horizonte 06/10/2021 a 08/10/2021)"}, {"id": "3804", "ano": "2021", "numero": "65", "tipo__sigla": "DA", "tipo__descricao": "Documento Avulso", "assunto": "Documentos comprobat\u00f3rios de viagem Luiz Felipe Mendon\u00e7a Rodrigues 18 e 19 de outubro de 2021"}, {"id": "2458", "ano": "2021", "numero": "66", "tipo__sigla": "OFEXP", "tipo__descricao": "Of\u00edcio Expedido", "assunto": "Em atendimento ao Parecer Jur\u00eddico a respeito do Projeto de Lei Ordin\u00e1ria n\u00ba 08 do\r\nano de 2021, que versa acerca do pedido do Poder Executivo para que seja autorizada a\r\nabertura de cr\u00e9dito adicional especial por super\u00e1vit financeiro, venho atrav\u00e9s do presente\r\nsolicitar parecer a respeito do referido projeto de lei."}, {"id": "2588", "ano": "2021", "numero": "66", "tipo__sigla": "OR", "tipo__descricao": "OF\u00cdCIOS RECEBIDOS", "assunto": "Resposta da prefeitura municipal \u00e0s indica\u00e7\u00f5es 006/2021 e 007/2021 do vereador Vitor Donizetti Siqueira Junior"}, {"id": "2695", "ano": "2021", "numero": "66", "tipo__sigla": "OCI", "tipo__descricao": "Of\u00edcios da Controladoria Interna", "assunto": "Solicitar extratos da conta corrente e da aplica\u00e7\u00e3o financeira de titularidade da C\u00e2mara Municipal de Santana da Vargem (per\u00edodo de refer\u00eancia: janeiro/2020 a setembro/2020). Tais documentos dever\u00e3o ser enviados ao e-mail da Controladoria Interna."}, {"id": "2899", "ano": "2021", "numero": "66", "tipo__sigla": "OVC", "tipo__descricao": "Of\u00edcio de Vereador/Comiss\u00e3o", "assunto": "Notifica\u00e7\u00e3o Jackson: informar que o parecer pr\u00e9vio, da presta\u00e7\u00e3o de conta deste munic\u00edpio, referente ao exerc\u00edcio de 2019, Processo n\u00ba 1095110 do TCE-MG,  j\u00e1 se encontra dispon\u00edvel na secretaria desta Casa."}, {"id": "3155", "ano": "2021", "numero": "66", "tipo__sigla": "PARE", "tipo__descricao": "PARECER", "assunto": "Parecer Jur\u00eddico - Projeto de Lei Ordin\u00e1ria n\u00ba 32 do ano de 2021 - Visa regulamentar a CIPTEA (carteira de identifica\u00e7\u00e3o da pessoa com  Transtorno do Espectro Autista) no \u00e2mbito de Santana da Vargem."}, {"id": "3346", "ano": "2021", "numero": "66", "tipo__sigla": "REV", "tipo__descricao": "Relat\u00f3rios de rodagem do ve\u00edculo e outros", "assunto": "Levar funcion\u00e1ria Isabela no Banco do Brasil e no sindicato rural para colher assinatura da Presidente"}, {"id": "3642", "ano": "2021", "numero": "66", "tipo__sigla": "ODC", "tipo__descricao": "Of\u00edcio/documento Cont\u00e1bil", "assunto": "Resposta ao of\u00edcio n\u00ba 11/2021- Controladoria Interna"}, {"id": "3656", "ano": "2021", "numero": "66", "tipo__sigla": "DI", "tipo__descricao": "Di\u00e1rias e documentos relativos", "assunto": "Relat\u00f3rio de viagem Ruiter Silva de Oliveira (Belo Horizonte - 29/09/2021 a 01/10/2021 )"}, {"id": "3805", "ano": "2021", "numero": "66", "tipo__sigla": "DA", "tipo__descricao": "Documento Avulso", "assunto": "Documento para instruir o projeto de lei ordin\u00e1rio 58/2021"}, {"id": "2459", "ano": "2021", "numero": "67", "tipo__sigla": "OFEXP", "tipo__descricao": "Of\u00edcio Expedido", "assunto": "Em atendimento ao Parecer Jur\u00eddico a respeito do Projeto de Lei Ordin\u00e1ria n\u00ba 09 do ano de 2021, versa acerca da revoga\u00e7\u00e3o da Lei Municipal n\u00ba 1.468 de 12 de novembro de 2018 e da altera\u00e7\u00e3o do art. 1\u00ba da Lei Municipal n\u00ba 1.118 de 11 de Fevereiro de 2009, venho atrav\u00e9s do presente solicitar PARECER CONT\u00c1BIL"}, {"id": "2589", "ano": "2021", "numero": "67", "tipo__sigla": "OR", "tipo__descricao": "OF\u00cdCIOS RECEBIDOS", "assunto": "Resposta da prefeitura ao of\u00edcio 002/2021 do vereador Vitor Donizetti Siqueira Junior"}, {"id": "2709", "ano": "2021", "numero": "67", "tipo__sigla": "OCI", "tipo__descricao": "Of\u00edcios da Controladoria Interna", "assunto": "Envio de checklist - elaborado pela controladoria - para direcionar o fluxo dos procedimentos de licita\u00e7\u00e3o na modalidade preg\u00e3o presencial."}, {"id": "2900", "ano": "2021", "numero": "67", "tipo__sigla": "OVC", "tipo__descricao": "Of\u00edcio de Vereador/Comiss\u00e3o", "assunto": "Notifica\u00e7\u00e3o Luiz Felipe: informar que o parecer pr\u00e9vio, da presta\u00e7\u00e3o de conta deste munic\u00edpio, referente ao exerc\u00edcio de 2019, Processo n\u00ba 1095110 do TCE-MG,  j\u00e1 se encontra dispon\u00edvel na secretaria desta Casa."}, {"id": "3181", "ano": "2021", "numero": "67", "tipo__sigla": "PARE", "tipo__descricao": "PARECER", "assunto": "Parecer Licita\u00e7\u00e3o - Seguro do Carro - Dispensa"}, {"id": "3366", "ano": "2021", "numero": "67", "tipo__sigla": "REV", "tipo__descricao": "Relat\u00f3rios de rodagem do ve\u00edculo e outros", "assunto": "Levar diretora Kainne no sindicato e depois na casa da presidente Silmara para colher assinaturas"}, {"id": "3664", "ano": "2021", "numero": "67", "tipo__sigla": "DI", "tipo__descricao": "Di\u00e1rias e documentos relativos", "assunto": "An\u00e1lise da presta\u00e7\u00e3o de contas do recebimento de di\u00e1rias, Ruiter Silva de Oliveira (Belo Horizonte- 29/10/2021)"}, {"id": "3708", "ano": "2021", "numero": "67", "tipo__sigla": "ODC", "tipo__descricao": "Of\u00edcio/documento Cont\u00e1bil", "assunto": "Solicita valores para suplementa\u00e7\u00e3o da ficha 05 (3.3.90.14.00- Di\u00e1rias Pessoal Civil) e ficha 16 (3.3.90.39- Outros Servi\u00e7os de Terceiros Pessoa Jur\u00eddica)"}, {"id": "3808", "ano": "2021", "numero": "67", "tipo__sigla": "DA", "tipo__descricao": "Documento Avulso", "assunto": "Atestado de \u00f3bito Ant\u00f4nio Pedro"}, {"id": "2460", "ano": "2021", "numero": "68", "tipo__sigla": "OFEXP", "tipo__descricao": "Of\u00edcio Expedido", "assunto": "Em atendimento ao Parecer Jur\u00eddico a respeito do Projeto de Lei Ordin\u00e1ria n\u00ba 09 do ano de 2021, versa acerca da revoga\u00e7\u00e3o da Lei Municipal n\u00ba 1.468 de 12 de novembro de 2018 e da altera\u00e7\u00e3o do art. 1\u00ba da Lei Municipal n\u00ba 1.118 de 11 de Fevereiro de 2009, venho atrav\u00e9s do presente solicitar parecer a respeito do referido projeto de lei"}, {"id": "2590", "ano": "2021", "numero": "68", "tipo__sigla": "OR", "tipo__descricao": "OF\u00cdCIOS RECEBIDOS", "assunto": "Resposta da prefeitura municipal \u00e0s indica\u00e7\u00f5es 003/2021, 004/2021 e 005/2021 do vereador Vitor Donizetti Siqueira Junior"}, {"id": "2710", "ano": "2021", "numero": "68", "tipo__sigla": "OCI", "tipo__descricao": "Of\u00edcios da Controladoria Interna", "assunto": "Dar destaque ao artigo 9\u00ba do Projeto de Lei n\u00ba 25/2021 (Projeto de Lei de Diretrizes Or\u00e7ament\u00e1rias), o qual versa acerca do prazo limite de envio da proposta or\u00e7ament\u00e1ria da C\u00e2mara ao setor de contabilidade da Prefeitura Municipal, para fins de consolida\u00e7\u00e3o no or\u00e7amento do Munic\u00edpio. O prazo estipulado \u00e9 de 31 de julho de 2021. Tal of\u00edcio complementa as informa\u00e7\u00f5es expostas no Relat\u00f3rio n\u00ba 06/2021 e nos Of\u00edcios n\u00ba 53 e 64/2021, emitidos por esta Controladoria Interna."}, {"id": "2901", "ano": "2021", "numero": "68", "tipo__sigla": "OVC", "tipo__descricao": "Of\u00edcio de Vereador/Comiss\u00e3o", "assunto": "Notifica\u00e7\u00e3o Vitor Jr.: informar que o parecer pr\u00e9vio, da presta\u00e7\u00e3o de conta deste munic\u00edpio, referente ao exerc\u00edcio de 2019, Processo n\u00ba 1095110 do TCE-MG,  j\u00e1 se encontra dispon\u00edvel na secretaria desta Casa."}, {"id": "3214", "ano": "2021", "numero": "68", "tipo__sigla": "PARE", "tipo__descricao": "PARECER", "assunto": "Parecer Jur\u00eddico - Licita\u00e7\u00e3o - Panifica\u00e7\u00e3o, Leite e derivados"}, {"id": "3367", "ano": "2021", "numero": "68", "tipo__sigla": "REV", "tipo__descricao": "Relat\u00f3rios de rodagem do ve\u00edculo e outros", "assunto": "Levar o carro para abastecer , lavar e conferir  frente e calibragem"}, {"id": "3668", "ano": "2021", "numero": "68", "tipo__sigla": "DI", "tipo__descricao": "Di\u00e1rias e documentos relativos", "assunto": "Relat\u00f3rio de viagem Felipe Tom\u00e9 Mota e Silva (Belo Horizonte- 28/09/2021 a 01/10/2021)"}, {"id": "3811", "ano": "2021", "numero": "68", "tipo__sigla": "ODC", "tipo__descricao": "Of\u00edcio/documento Cont\u00e1bil", "assunto": "Solicita servi\u00e7o de suporte t\u00e9cnico para manuten\u00e7\u00e3o e configura\u00e7\u00e3o do sistema de ponto"}, {"id": "3876", "ano": "2021", "numero": "68", "tipo__sigla": "DA", "tipo__descricao": "Documento Avulso", "assunto": "Print do envio de emails no dia 28/11/21."}, {"id": "2461", "ano": "2021", "numero": "69", "tipo__sigla": "OFEXP", "tipo__descricao": "Of\u00edcio Expedido", "assunto": "Em atendimento ao Parecer Jur\u00eddico a respeito do Projeto de Lei n\u00ba 07 do ano de 2021, disp\u00f5e sobre institui\u00e7\u00e3o do Programa de Recupera\u00e7\u00e3o de Cr\u00e9ditos Fiscais \u2013 PROREFIS no munic\u00edpio de Santana da Vargem \u2013 MG, venho atrav\u00e9s do presente solicitar parecer a respeito do referido projeto de lei."}, {"id": "2591", "ano": "2021", "numero": "69", "tipo__sigla": "OR", "tipo__descricao": "OF\u00cdCIOS RECEBIDOS", "assunto": "Resposta da prefeitura municipal \u00e0 indica\u00e7\u00e3o 008/2021 do vereador Vitor Donizetti Siqueira Junior"}, {"id": "2716", "ano": "2021", "numero": "69", "tipo__sigla": "OCI", "tipo__descricao": "Of\u00edcios da Controladoria Interna", "assunto": "A Controladoria Interna informa que \u2013 para fins de teste \u2013 tentou registrar uma solicita\u00e7\u00e3o na aba \u201cOuvidoria\u201d, do site institucional desta Casa Legislativa. Tal solicita\u00e7\u00e3o n\u00e3o p\u00f4de ser efetivada, uma vez que apareceram duas mensagens de erro na tela. A partir do ocorrido, a Controladoria orienta a Diretoria de forma a proceder quanto a ajustes no site. Tais ajustes s\u00e3o necess\u00e1rios, a fim de que a C\u00e2mara fortale\u00e7a o controle popular em seus trabalhos, bem como observe \u00e0s disposi\u00e7\u00f5es da Lei Nacional n\u00ba 12.527/2011 (Lei de Acesso \u00e0 Informa\u00e7\u00e3o) e da Lei Nacional n\u00ba 13.460/2017, a qual entrou em vig\u00eancia \u2013 para esta Casa Legislativa \u2013 no dia 16 de junho de 2019. Em anexo ao of\u00edcio, seguem as mensagens apresentadas pelo site oficial, ap\u00f3s a tentativa de registro de uma solicita\u00e7\u00e3o (Protocolo n\u00ba 884/2021)."}, {"id": "2902", "ano": "2021", "numero": "69", "tipo__sigla": "OVC", "tipo__descricao": "Of\u00edcio de Vereador/Comiss\u00e3o", "assunto": "Notifica\u00e7\u00e3o Ezequiel: informar que o parecer pr\u00e9vio, da presta\u00e7\u00e3o de conta deste munic\u00edpio, referente ao exerc\u00edcio de 2019, Processo n\u00ba 1095110 do TCE-MG,  j\u00e1 se encontra dispon\u00edvel na secretaria desta Casa."}, {"id": "3218", "ano": "2021", "numero": "69", "tipo__sigla": "PARE", "tipo__descricao": "PARECER", "assunto": "Parecer Jur\u00eddico - Inexigibilidade - Curso Vereador - Orienta\u00e7\u00f5es para Mesa Diretora e Comiss\u00f5es."}, {"id": "3399", "ano": "2021", "numero": "69", "tipo__sigla": "REV", "tipo__descricao": "Relat\u00f3rios de rodagem do ve\u00edculo e outros", "assunto": "Levar funcion\u00e1rios Felipe, Ruiter, Diretora Kainne e vereadora Lia para fazer curso de capacita\u00e7\u00e3o dias 24 a 27 de agosto (Belo Horizonte)"}, {"id": "3669", "ano": "2021", "numero": "69", "tipo__sigla": "DI", "tipo__descricao": "Di\u00e1rias e documentos relativos", "assunto": "An\u00e1lise de presta\u00e7\u00e3o de contas do recebimento de di\u00e1rias Felipe Tom\u00e9 Mota e Silva (29/10/2021)"}, {"id": "3831", "ano": "2021", "numero": "69", "tipo__sigla": "ODC", "tipo__descricao": "Of\u00edcio/documento Cont\u00e1bil", "assunto": "Resposta ao of\u00edcio 014/2021 da controladoria interna"}, {"id": "3889", "ano": "2021", "numero": "69", "tipo__sigla": "DA", "tipo__descricao": "Documento Avulso", "assunto": "Sugest\u00e3o de Projeto Substituto do PL 20 - 2021"}, {"id": "2467", "ano": "2021", "numero": "70", "tipo__sigla": "OFEXP", "tipo__descricao": "Of\u00edcio Expedido", "assunto": "Encaminha as Indica\u00e7\u00f5es 44, 45, 46, 47 e 48/2021 de autoria do nobre edil Luiz Felipe Mendon\u00e7a Rodrigues"}, {"id": "2592", "ano": "2021", "numero": "70", "tipo__sigla": "OR", "tipo__descricao": "OF\u00cdCIOS RECEBIDOS", "assunto": "Convoca Reuni\u00e3o Extraordin\u00e1ria e solicita a aprecia\u00e7\u00e3o em regime de urg\u00eancia especial os projetos de lei ordin\u00e1ria 07, 09 e 010 e o projeto de lei complementar 01"}, {"id": "2718", "ano": "2021", "numero": "70", "tipo__sigla": "OCI", "tipo__descricao": "Of\u00edcios da Controladoria Interna", "assunto": "Apesar de o governo estadual ter posto fim \u00e0 Onda Roxa (do Programa Minas Consciente) no Estado de Minas Gerais, a situa\u00e7\u00e3o no Munic\u00edpio de Santana da Vargem \u2013 em se tratando do n\u00famero de infectados pelo novo coronav\u00edrus \u2013 continua preocupante (imagem anexa).\r\nConsiderando tal fato, solicitamos \u00e0 presid\u00eancia \u2013 por gentileza \u2013 autoriza\u00e7\u00e3o para o prolongamento dos trabalhos da controladoria em home office. O pedido visa \u00e0 minimiza\u00e7\u00e3o do risco de prolifera\u00e7\u00e3o do agente biol\u00f3gico Sars-CoV-2, j\u00e1 que as atividades deste setor podem \u2013 sem preju\u00edzo da qualidade \u2013 ser realizadas \u00e0 dist\u00e2ncia."}, {"id": "2903", "ano": "2021", "numero": "70", "tipo__sigla": "OVC", "tipo__descricao": "Of\u00edcio de Vereador/Comiss\u00e3o", "assunto": "Convoca reuni\u00e3o da comiss\u00e3o de finan\u00e7as e or\u00e7amentos para reuni\u00e3o no dia 25/05/2021 as 18h e 15m"}, {"id": "3240", "ano": "2021", "numero": "70", "tipo__sigla": "PARE", "tipo__descricao": "PARECER", "assunto": "Parecer Jur\u00eddico - Contas Exerc\u00edcio 2019"}, {"id": "3427", "ano": "2021", "numero": "70", "tipo__sigla": "REV", "tipo__descricao": "Relat\u00f3rios de rodagem do ve\u00edculo e outros", "assunto": "01/09/2021 as 08:00h: Levar funcion\u00e1rio Ruiter de Oliveira no sindicato dos trabalhadores para colher assinatura da presidente Silmara"}, {"id": "3714", "ano": "2021", "numero": "70", "tipo__sigla": "DI", "tipo__descricao": "Di\u00e1rias e documentos relativos", "assunto": "Requerimento de concess\u00e3o de di\u00e1rias ao motorista (Belo Horizonte - 19/10/2021 a 22/10/2021)"}, {"id": "3832", "ano": "2021", "numero": "70", "tipo__sigla": "ODC", "tipo__descricao": "Of\u00edcio/documento Cont\u00e1bil", "assunto": "Solicita relat\u00f3rios de viagem dos meses de agosto setembro e outubro para arquivo na contabilidade"}, {"id": "3890", "ano": "2021", "numero": "70", "tipo__sigla": "DA", "tipo__descricao": "Documento Avulso", "assunto": "CONSULTA N\u00ba 662081 - Necessidade de Precat\u00f3rio para o pagamento de acordos"}, {"id": "2469", "ano": "2021", "numero": "71", "tipo__sigla": "OFEXP", "tipo__descricao": "Of\u00edcio Expedido", "assunto": "encaminha os Of\u00edcios n\u00ba 03, 04 e 05/2021 de autoria da nobre edil Maria Aparecida Ara\u00fajo Reis."}, {"id": "2593", "ano": "2021", "numero": "71", "tipo__sigla": "OR", "tipo__descricao": "OF\u00cdCIOS RECEBIDOS", "assunto": "Resposta da prefeitura municipal \u00e0s indica\u00e7\u00f5es 051, 052, 053, 054, 055 e 056 do vereador Luiz Felipe Mendon\u00e7a Rodrigues"}, {"id": "2730", "ano": "2021", "numero": "71", "tipo__sigla": "OCI", "tipo__descricao": "Of\u00edcios da Controladoria Interna", "assunto": "Considerando que o prazo para protocolo da Declara\u00e7\u00e3o Anual de Bens e Valores dos agentes p\u00fablicos que ainda n\u00e3o apresentaram tal documento em 2021 \u00e9 \u2013 nesta C\u00e2mara Municipal \u2013 o mesmo definido pela Receita Federal do Brasil para o envio da Declara\u00e7\u00e3o do Imposto de Renda da Pessoa F\u00edsica, em virtude da publica\u00e7\u00e3o da Instru\u00e7\u00e3o Normativa RFB n\u00ba 2.020/2021, fica prorrogado o prazo de protocolo para o dia 31 de maio de 2021."}, {"id": "2934", "ano": "2021", "numero": "71", "tipo__sigla": "OVC", "tipo__descricao": "Of\u00edcio de Vereador/Comiss\u00e3o", "assunto": "Solicita afastamento do comit\u00ea de enfrentamento \u00e0 covid 19"}, {"id": "3262", "ano": "2021", "numero": "71", "tipo__sigla": "PARE", "tipo__descricao": "PARECER", "assunto": "Parecer Jur\u00eddico - Manuten\u00e7\u00e3o do rel\u00f3gio de ponto - Inexigibilidade."}, {"id": "3428", "ano": "2021", "numero": "71", "tipo__sigla": "REV", "tipo__descricao": "Relat\u00f3rios de rodagem do ve\u00edculo e outros", "assunto": "01/09/2021 14:00h: Levar funcion\u00e1ria Kainne na farm\u00e1rcia do ex prefeito e na copasa"}, {"id": "3715", "ano": "2021", "numero": "71", "tipo__sigla": "DI", "tipo__descricao": "Di\u00e1rias e documentos relativos", "assunto": "Requerimento e concess\u00e3o de di\u00e1rias adiantas Maria Aparecida de Ara\u00fajo Reis  (Belo Horizonte - 19/10/2021 a 22/10/2021)"}, {"id": "3834", "ano": "2021", "numero": "71", "tipo__sigla": "ODC", "tipo__descricao": "Of\u00edcio/documento Cont\u00e1bil", "assunto": "Solicita aditivo ao processo licitat\u00f3rio 001/2021 Inexigibilidade COPASA"}, {"id": "3957", "ano": "2021", "numero": "71", "tipo__sigla": "DA", "tipo__descricao": "Documento Avulso", "assunto": "Termo de sepultamento Laudomira Efig\u00eania Pereira"}, {"id": "2470", "ano": "2021", "numero": "72", "tipo__sigla": "OFEXP", "tipo__descricao": "Of\u00edcio Expedido", "assunto": "encaminha as Indica\u00e7\u00f5es n\u00ba 01 e 02/2021 de autoria da Presidente"}, {"id": "2594", "ano": "2021", "numero": "72", "tipo__sigla": "OR", "tipo__descricao": "OF\u00cdCIOS RECEBIDOS", "assunto": "Resposta da prefeitura municipal \u00e0s indica\u00e7\u00f5es 005, 006, 007 e 008 do vereador Jackson Luiz Ven\u00e2ncio de Souza"}, {"id": "2740", "ano": "2021", "numero": "72", "tipo__sigla": "OCI", "tipo__descricao": "Of\u00edcios da Controladoria Interna", "assunto": "Notifica\u00e7\u00e3o n\u00ba 03/2021. O Portal da Transpar\u00eancia LAI Memory, presente no site institucional da C\u00e2mara Municipal, est\u00e1 desatualizado e apresenta algumas informa\u00e7\u00f5es que n\u00e3o condizem com a realidade. Tal quadro atenta contra as disposi\u00e7\u00f5es dos artigos 48 e 52 da Lei de Responsabilidade Fiscal e prejudica o controle popular. Aparentemente n\u00e3o h\u00e1 justificativa para tal situa\u00e7\u00e3o, uma vez que - na Casa Legislativa - h\u00e1 setor apto a manusear os recursos do Portal e que, apesar da incompletude, vinha alimentando tal sistema com frequ\u00eancia, at\u00e9 o fim do exerc\u00edcio 2020. Est\u00e3o anexos a este of\u00edcio n\u00ba 72 o certificado de homologa\u00e7\u00e3o de implementa\u00e7\u00e3o do software (o qual comprova a prepara\u00e7\u00e3o do setor respons\u00e1vel para executar os trabalhos) e a tabela (elaborada pela Controladoria) que demonstra todos os itens j\u00e1 publicados e os que permanecem no aguardo de publica\u00e7\u00e3o. H\u00e1 risco iminente de san\u00e7\u00f5es \u00e0s autoridades da C\u00e2mara Municipal. As informa\u00e7\u00f5es expostas nesta notifica\u00e7\u00e3o complementam o que j\u00e1 havia sido disposto no of\u00edcio n\u00ba 43/2021, tamb\u00e9m emitido pela Controladoria."}, {"id": "2956", "ano": "2021", "numero": "72", "tipo__sigla": "OVC", "tipo__descricao": "Of\u00edcio de Vereador/Comiss\u00e3o", "assunto": "Solicita presen\u00e7a do servidor s\u00edlvio c\u00e9sar nas sess\u00f5es extraordin\u00e1ria do dia 04 de junho de 2021."}, {"id": "3277", "ano": "2021", "numero": "72", "tipo__sigla": "PARE", "tipo__descricao": "PARECER", "assunto": "Parecer Jur\u00eddico Projeto de Lei Ordin\u00e1ria n\u00ba 26 - Define a pol\u00edtica municipal de turismo e disp\u00f5e sobre \u00e1reas especiais, locais de interesse tur\u00edstico e invent\u00e1rio dos bens de valor cultura"}, {"id": "3442", "ano": "2021", "numero": "72", "tipo__sigla": "REV", "tipo__descricao": "Relat\u00f3rios de rodagem do ve\u00edculo e outros", "assunto": "Levar Kainne na farm\u00e1cia do Ex prefeito para colher assinaturas e Tr\u00eas Pontas para colher cota\u00e7\u00e3o de pre\u00e7os de encanador e na casa da presidente Silmara para colher assinaturas (Posto de APS valor 313,58 km 92787)"}, {"id": "3717", "ano": "2021", "numero": "72", "tipo__sigla": "DI", "tipo__descricao": "Di\u00e1rias e documentos relativos", "assunto": "Requerimento e concess\u00e3o de di\u00e1rias adiantas Ruiter Silva de Oliveira (Belo Horizonte - 20/10/2021 a 22/10/2021)"}, {"id": "3882", "ano": "2021", "numero": "72", "tipo__sigla": "ODC", "tipo__descricao": "Of\u00edcio/documento Cont\u00e1bil", "assunto": "Solicita autoriza\u00e7\u00e3o para o pagamento das notas fiscais 4923/2021  e 4901/2021 referentes \u00e0 cess\u00e3o de direito de uso de software j\u00e1 incluso no m\u00f3dulo \"E-SOCIAL\""}, {"id": "3964", "ano": "2021", "numero": "72", "tipo__sigla": "DA", "tipo__descricao": "Documento Avulso", "assunto": "Documenta\u00e7\u00e3o Maria de Abreu Figueiredo D\u00aa Cotinha"}, {"id": "2472", "ano": "2021", "numero": "73", "tipo__sigla": "OFEXP", "tipo__descricao": "Of\u00edcio Expedido", "assunto": "Encaminha o Of\u00edcio n\u00ba 02/2021 de autoria do nobre edil Carlos Cezar Ribeiro."}, {"id": "2595", "ano": "2021", "numero": "73", "tipo__sigla": "OR", "tipo__descricao": "OF\u00cdCIOS RECEBIDOS", "assunto": "Resposta \u00e0s indica\u00e7\u00f5es 010, 011, 012, 013 do vereador Ezequiel da Silva"}, {"id": "2751", "ano": "2021", "numero": "73", "tipo__sigla": "OCI", "tipo__descricao": "Of\u00edcios da Controladoria Interna", "assunto": "A Controladoria Interna solicitou \u00e0 contadora confirma\u00e7\u00e3o quanto \u00e0 lista de demonstra\u00e7\u00f5es cont\u00e1beis que s\u00e3o enviadas mensalmente ao Poder Executivo, para fins de consolida\u00e7\u00e3o nas contas do Munic\u00edpio:\r\n1)\tBalan\u00e7o Patrimonial; \r\n2)\tBalan\u00e7o Financeiro; \r\n3)\tDemonstra\u00e7\u00e3o de Varia\u00e7\u00f5es Patrimoniais; \r\n4)\tBalan\u00e7o Or\u00e7ament\u00e1rio; \r\n5)\tDemonstra\u00e7\u00e3o do Fluxo de Caixa; \r\n6)\tBalancete Cont\u00e1bil; \r\n7)\tBalancete Receita-Despesa; \r\n8)\tMovimento Geral da Despesa; \r\n9)\tMinuta Di\u00e1ria de Arrecada\u00e7\u00e3o Anal\u00edtica; \r\n10)\tDemonstra\u00e7\u00e3o da D\u00edvida Flutuante; \r\n11)\tDemonstrativo de Devedores Diversos. \r\nA confirma\u00e7\u00e3o dever\u00e1 ser feita atrav\u00e9s de of\u00edcio, direcionado \u00e0 Controladoria. A Diretoria-Geral recebeu - por correio eletr\u00f4nico - c\u00f3pia do of\u00edcio n\u00ba 73/2021, para fins de conhecimento."}, {"id": "2961", "ano": "2021", "numero": "73", "tipo__sigla": "OVC", "tipo__descricao": "Of\u00edcio de Vereador/Comiss\u00e3o", "assunto": "solicita abertura de processo licitat\u00f3rio para a compra do curso: \u201cFISCALIZA\u00c7\u00c3O DOS ATOS DO EXECUTIVO NA PR\u00c1TICA: COMO INVESTIGAR, DENUNCIAR E PUNIR\u201d"}, {"id": "3282", "ano": "2021", "numero": "73", "tipo__sigla": "PARE", "tipo__descricao": "PARECER", "assunto": "Parecer jur\u00eddico - Lei Ordin\u00e1ria n\u00ba 28\\2021 - Abertura de Cr\u00e9dito Adicional Especial - Anula\u00e7\u00e3o de Dota\u00e7\u00e3o - R$ 7.500,00."}, {"id": "3443", "ano": "2021", "numero": "73", "tipo__sigla": "REV", "tipo__descricao": "Relat\u00f3rios de rodagem do ve\u00edculo e outros", "assunto": "Levar Funcion\u00e1ria Kainne no Jairo encanador para fazer cota\u00e7\u00e3o"}, {"id": "3719", "ano": "2021", "numero": "73", "tipo__sigla": "DI", "tipo__descricao": "Di\u00e1rias e documentos relativos", "assunto": "Requerimento de concess\u00e3o de di\u00e1rias ao motorista (Belo Horizonte- 20/10/2021 a 22/10/2021)"}, {"id": "3921", "ano": "2021", "numero": "73", "tipo__sigla": "ODC", "tipo__descricao": "Of\u00edcio/documento Cont\u00e1bil", "assunto": "Solicita autoriza\u00e7\u00e3o para realizar o pagamento de tarifa de transa\u00e7\u00e3o de transfer\u00eancia do valor referente ao pagamento dos consignados"}, {"id": "3994", "ano": "2021", "numero": "73", "tipo__sigla": "DA", "tipo__descricao": "Documento Avulso", "assunto": "Biografia de Ant\u00f4nio Pedro (Ant\u00f4nio Luiz )"}, {"id": "2473", "ano": "2021", "numero": "74", "tipo__sigla": "OFEXP", "tipo__descricao": "Of\u00edcio Expedido", "assunto": "Convoca Eliane Figueiredo para comparecer em Reuni\u00e3o Ordin\u00e1ria Legislativa em 9 de mar\u00e7o de 2021 as 19h"}, {"id": "2596", "ano": "2021", "numero": "74", "tipo__sigla": "OR", "tipo__descricao": "OF\u00cdCIOS RECEBIDOS", "assunto": "Resposta da prefeitura municipal \u00e0 indica\u00e7\u00e3o 050 e o of\u00edcio 036 do vereador Luiz Felipe Mendon\u00e7a Rodrigues"}, {"id": "2768", "ano": "2021", "numero": "74", "tipo__sigla": "OCI", "tipo__descricao": "Of\u00edcios da Controladoria Interna", "assunto": "Aprimoramento das especifica\u00e7\u00f5es dos objetos contidos nos processos de compra. A controladoria apresenta \u00e0 diretoria o Portal de Compras do Governo Federal, administrado pelo Minist\u00e9rio da Economia. O site cont\u00e9m um cat\u00e1logo com diversos bens e servi\u00e7os e pode ser amplamente utilizado por este \u00f3rg\u00e3o legiferante, a fim de detalhar as descri\u00e7\u00f5es dos itens a serem adquiridos e, desta forma, minimizar o risco de sobrepre\u00e7o/superfaturamento das compras p\u00fablicas. Foram enviadas, por correio eletr\u00f4nico, c\u00f3pias deste of\u00edcio \u00e0 presid\u00eancia, \u00e0 procuradoria jur\u00eddica e aos integrantes da comiss\u00e3o de licita\u00e7\u00e3o, para fins de conhecimento (Protocolo n\u00ba 967/2021)."}, {"id": "2963", "ano": "2021", "numero": "74", "tipo__sigla": "OVC", "tipo__descricao": "Of\u00edcio de Vereador/Comiss\u00e3o", "assunto": "Requer do Exm\u00b0 Sr. Jos\u00e9 Elias Figueiredo, prefeito municipal, atrav\u00e9s da secretaria de sa\u00fade e ou secretaria de a\u00e7\u00e3o social um relat\u00f3rio de quantas pessoas foram beneficiadas com a doa\u00e7\u00e3o de fraudas geri\u00e1tricas at\u00e9 a prsente data, bem como um relat\u00f3rio de doa\u00e7\u00e3o dos \u00faltimos 8 anos."}, {"id": "3288", "ano": "2021", "numero": "74", "tipo__sigla": "PARE", "tipo__descricao": "PARECER", "assunto": "Parecer jur\u00eddico - Projeto de Lei Ordin\u00e1ria (Legislativo) n\u00ba 08 - Regulamenta a divulga\u00e7\u00e3o da disponibilidade dos medicamentos de distribui\u00e7\u00e3o gratuita na rede municipal de sa\u00fade."}, {"id": "3446", "ano": "2021", "numero": "74", "tipo__sigla": "REV", "tipo__descricao": "Relat\u00f3rios de rodagem do ve\u00edculo e outros", "assunto": "Levar Diretora Kainne na Caixa Econ\u00f4mica para pegar um consignado (03/09/2021)"}, {"id": "3720", "ano": "2021", "numero": "74", "tipo__sigla": "DI", "tipo__descricao": "Di\u00e1rias e documentos relativos", "assunto": "Requerimento e concess\u00e3o de di\u00e1rias adianta Vitor Donizetti Siqueira Junior  (Belo Horizonte - 19/10/2021 a 22/10/2021)"}, {"id": "3966", "ano": "2021", "numero": "74", "tipo__sigla": "ODC", "tipo__descricao": "Of\u00edcio/documento Cont\u00e1bil", "assunto": "Calibrar pneus, olhar \u00e1gua, \u00f3leo do motor. OBS: Analisar quest\u00e3o da revis\u00e3o higieniza\u00e7\u00e3o do ar, troca de \u00f3leo , filtro e outro olhar a quest\u00e3o do piso garagem onde pega a gente"}, {"id": "4049", "ano": "2021", "numero": "74", "tipo__sigla": "DA", "tipo__descricao": "Documento Avulso", "assunto": "Recibo: Denis Pessi retirou cinco unidades SSD para instala\u00e7\u00e3o nos novos computadores no dia 13/12/2021"}, {"id": "2482", "ano": "2021", "numero": "75", "tipo__sigla": "OFEXP", "tipo__descricao": "Of\u00edcio Expedido", "assunto": "Manifesta interesse sobre a possibilidade de ades\u00e3o \u00e0 Ata de Registro de\r\nPre\u00e7os, referente ao processo 045/2020, PREG\u00c3O PRESENCIAL N.\u00ba 0166/2020, para aquisi\u00e7\u00e3o\r\nde g\u00e1s (GLP) e afins"}, {"id": "2597", "ano": "2021", "numero": "75", "tipo__sigla": "OR", "tipo__descricao": "OF\u00cdCIOS RECEBIDOS", "assunto": "Resposta da prefeitura municipal \u00e0s indica\u00e7\u00f5es 007, 008 e 009 do vereador Ezequiel da Silva"}, {"id": "2770", "ano": "2021", "numero": "75", "tipo__sigla": "OCI", "tipo__descricao": "Of\u00edcios da Controladoria Interna", "assunto": "Envio da Instru\u00e7\u00e3o Normativa n\u00ba 01/2021 (e de seus 9 anexos) para a presid\u00eancia, elaborada pela Controladoria Interna, a fim de regulamentar a realiza\u00e7\u00e3o de auditorias no \u00e2mbito da C\u00e2mara Municipal de Santana da Vargem. Foram enviadas, por correio eletr\u00f4nico, c\u00f3pia desta documenta\u00e7\u00e3o \u00e0 diretoria-geral e \u00e0 procuradoria jur\u00eddica. A controladoria envia tais documentos para que sejam submetidos ao devido procedimento interno de aprova\u00e7\u00e3o e aguarda retorno (Protocolo n\u00ba 971/2021)."}, {"id": "2969", "ano": "2021", "numero": "75", "tipo__sigla": "OVC", "tipo__descricao": "Of\u00edcio de Vereador/Comiss\u00e3o", "assunto": "Requer do Exm\u00b0 Sr. Jos\u00e9 Elias Figueiredo, prefeito municipal, informa\u00e7\u00f5es detalhadas a respeito do uso do EST\u00c1DIO MUNICIPAL para aplica\u00e7\u00e3o de treinos particulares."}, {"id": "3289", "ano": "2021", "numero": "75", "tipo__sigla": "PARE", "tipo__descricao": "PARECER", "assunto": "Parecer Jur\u00eddico - Projeto de Lei n\u00ba 09 (Legislativo) - Visa instituir a divulga\u00e7\u00e3o dos gastos com covid no munic\u00edpio."}, {"id": "3456", "ano": "2021", "numero": "75", "tipo__sigla": "REV", "tipo__descricao": "Relat\u00f3rios de rodagem do ve\u00edculo e outros", "assunto": "Levar funcion\u00e1ria Larissa no sindicato dos Trabalhadores rurais para colher assinatura da presidente"}, {"id": "3721", "ano": "2021", "numero": "75", "tipo__sigla": "DI", "tipo__descricao": "Di\u00e1rias e documentos relativos", "assunto": "Requerimento e concess\u00e3o de di\u00e1rias adiantas Jackson Luiz Ven\u00e2ncio de Souza (Belo Horizonte - 19/10/2021 a 22/10/2021)"}, {"id": "4015", "ano": "2021", "numero": "75", "tipo__sigla": "ODC", "tipo__descricao": "Of\u00edcio/documento Cont\u00e1bil", "assunto": "Solicita a autoriza\u00e7\u00e3o para pagamento da nota fiscal 5574/2021 no valor de R$400,00 e Nota fiscal 5547/2021 no valor de R$900,00 referentes \u00e0 cess\u00e3o de direito de uso de software j\u00e1 incluso o m\u00f3dulo e-social"}, {"id": "4056", "ano": "2021", "numero": "75", "tipo__sigla": "DA", "tipo__descricao": "Documento Avulso", "assunto": "Biografia Laudomira Efig\u00eania"}, {"id": "2483", "ano": "2021", "numero": "76", "tipo__sigla": "OFEXP", "tipo__descricao": "Of\u00edcio Expedido", "assunto": "solicita uma declara\u00e7\u00e3o, informando que o Cart\u00f3rio Rosestolato, Cartorio do registro civil e tabelionato de notas \u00e9 o \u00fanico Catorio no munic\u00edpio de Santana da Vargem."}, {"id": "2598", "ano": "2021", "numero": "76", "tipo__sigla": "OR", "tipo__descricao": "OF\u00cdCIOS RECEBIDOS", "assunto": "Resposta \u00e0 indica\u00e7\u00e3o 001 do vereador Walter Silva"}, {"id": "2781", "ano": "2021", "numero": "76", "tipo__sigla": "OCI", "tipo__descricao": "Of\u00edcios da Controladoria Interna", "assunto": "Retirada da Instru\u00e7\u00e3o Normativa n\u00ba 01/2021, redigida pela Controladoria Interna. Ap\u00f3s a participa\u00e7\u00e3o no curso \u201cSistema de Controle Interno para o Poder Legislativo Municipal\u201d, o qual foi realizado pelo Instituto Plenum Brasil durante os dias 29 e 30 de abril, identificou-se a necessidade de retirada da Instru\u00e7\u00e3o Normativa n\u00ba 01/2021, redigida pela controladoria interna e \u2013 para que fosse submetida ao devido processo de aprova\u00e7\u00e3o \u2013 enviada \u00e0 presid\u00eancia. Tal documento havia sido encaminhado em anexo ao Of\u00edcio n\u00ba 75/2021 e sofrer\u00e1 ajustes e acr\u00e9scimos pontuais, para posterior reenvio."}, {"id": "2977", "ano": "2021", "numero": "76", "tipo__sigla": "OVC", "tipo__descricao": "Of\u00edcio de Vereador/Comiss\u00e3o", "assunto": "Of\u00edcio 10/2021 - encaminhado ao presidente do COREN-MG"}, {"id": "3138", "ano": "2021", "numero": "76", "tipo__sigla": "DA", "tipo__descricao": "Documento Avulso", "assunto": "Carta de notifica\u00e7\u00e3o de registro SPC"}, {"id": "3291", "ano": "2021", "numero": "76", "tipo__sigla": "PARE", "tipo__descricao": "PARECER", "assunto": "Parecer Jur\u00eddico - Projeto de Lei Ordin\u00e1ria (Legislativo) n\u00ba 12 - Ab-roga a lei municipal n\u00ba 1.345/2014 - Recolhimento de entulho."}, {"id": "3466", "ano": "2021", "numero": "76", "tipo__sigla": "REV", "tipo__descricao": "Relat\u00f3rios de rodagem do ve\u00edculo e outros", "assunto": "Levar Diretora Kainne na casa da Presidenta para colher assinaturas em documentos para convoca\u00e7\u00e3o para reuni\u00e3o extraordin\u00e1ria de amanh\u00e3"}, {"id": "3733", "ano": "2021", "numero": "76", "tipo__sigla": "DI", "tipo__descricao": "Di\u00e1rias e documentos relativos", "assunto": "Requerimento de concess\u00e3o de di\u00e1rias adiantadas Luiz Felipe Mendon\u00e7a Rodrigues (Belo Horizonte 18/10/2021 a 19/10/2021)"}, {"id": "4046", "ano": "2021", "numero": "76", "tipo__sigla": "ODC", "tipo__descricao": "Of\u00edcio/documento Cont\u00e1bil", "assunto": "Solicita a autoriza\u00e7\u00e3o para o pagamento das Nota Fiscal 6018/2021 e nota fiscal 5992/2021 referentes a cess\u00e3o de direito de uso de software j\u00e1 incluso o m\u00f3dulo e-social"}, {"id": "2484", "ano": "2021", "numero": "77", "tipo__sigla": "OFEXP", "tipo__descricao": "Of\u00edcio Expedido", "assunto": "solicita a emiss\u00e3o das Certid\u00f5es de D\u00e9bitos Municipal do SANTANA DA VARGEM CARTORIO DO REGISTRO CIVIL, inscrita no CNPJ: 21.406.780/0001-44"}, {"id": "2599", "ano": "2021", "numero": "77", "tipo__sigla": "OR", "tipo__descricao": "OF\u00cdCIOS RECEBIDOS", "assunto": "Resposta da prefeitura \u00e0s indica\u00e7\u00f5es 004, 005, 006 e 007 do vereador Ronalthe Dayglas Rocha"}, {"id": "2784", "ano": "2021", "numero": "77", "tipo__sigla": "OCI", "tipo__descricao": "Of\u00edcios da Controladoria Interna", "assunto": "Pondera\u00e7\u00f5es acerca dos procedimentos de compra. Ap\u00f3s a participa\u00e7\u00e3o no curso \"Sistema de Controle Interno para o Poder Legislativo Municipal\", realizado pelo Instituto Plenum durante os dias 29 e 30 de abril, identificou-se a necessidade de que a C\u00e2mara Municipal de Santana da Vargem direcione especial aten\u00e7\u00e3o e zelo aos procedimentos de compra por ela realizados. A controladoria informa ainda que est\u00e1 elaborando uma instru\u00e7\u00e3o normativa para regulamentar as atividades de coleta de or\u00e7amentos, a fim de minimizar o risco de sobrepre\u00e7o e - consequentemente - superfaturamento. Orientou-se que, enquanto a instru\u00e7\u00e3o espec\u00edfica para o Poder Legislativo do Munic\u00edpio estiver sendo elaborada, seja utilizada a IN n\u00ba 73/2020, emitida pela Secretaria Especial de Desburocratiza\u00e7\u00e3o, Gest\u00e3o e Governo Digital, do Minist\u00e9rio da Economia (ela est\u00e1 anexa ao of\u00edcio). Foi recomendado que as quantidades a serem adquiridas sejam calculadas semanal/mensalmente, para a mitiga\u00e7\u00e3o do risco de distor\u00e7\u00f5es relevantes. Deve haver frequente e criteriosa checagem da formata\u00e7\u00e3o dos editais publicados no s\u00edtio eletr\u00f4nico da Casa, bem como o aprimoramento dos mecanismos de divulga\u00e7\u00e3o, de forma a facilitar a visualiza\u00e7\u00e3o de eventuais altera\u00e7\u00f5es ap\u00f3s as publica\u00e7\u00f5es (observar principalmente o artigo 21 da Lei n\u00ba 8.666/1993 e o artigo 4\u00ba, inciso V da Lei n\u00ba 10.520/2002). Todas estas informa\u00e7\u00f5es complementam o conte\u00fado do of\u00edcio n\u00ba 74/2021, emitido em 28 de abril. Foram enviadas, por correio eletr\u00f4nico, c\u00f3pias deste documento \u00e0 presid\u00eancia, \u00e0 procuradoria jur\u00eddica e aos integrantes da comiss\u00e3o de licita\u00e7\u00e3o, para fins de conhecimento (Protocolo n\u00ba 1.002/2021)."}, {"id": "2983", "ano": "2021", "numero": "77", "tipo__sigla": "OVC", "tipo__descricao": "Of\u00edcio de Vereador/Comiss\u00e3o", "assunto": "Of\u00edcio 12/2021 - Informa que por motivos pessoais este vereador n\u00e3o ir\u00e1 fazer mais parte do Conselho de Turismo de Santana da Vargem"}, {"id": "3299", "ano": "2021", "numero": "77", "tipo__sigla": "PARE", "tipo__descricao": "PARECER", "assunto": "Parecer Jur\u00eddico - Projeto de Lei n\u00ba 07/2021 (Legislativo) - Estabelece as Igrejas, os Templos Religiosos de qualquer culto e as Comunidades Mission\u00e1rias como atividade essencial no munic\u00edpio de Santana da Vargem \u2013 MG."}, {"id": "3485", "ano": "2021", "numero": "77", "tipo__sigla": "REV", "tipo__descricao": "Relat\u00f3rios de rodagem do ve\u00edculo e outros", "assunto": "Levar Diretora Kainne no sindicato para colher assinaturas e em Tr\u00eas Pontas para protocolar resposta de of\u00edcio no Minist\u00e9rio P\u00fablico"}, {"id": "3734", "ano": "2021", "numero": "77", "tipo__sigla": "DI", "tipo__descricao": "Di\u00e1rias e documentos relativos", "assunto": "Requerimento de concess\u00e3o de di\u00e1rias ao motorista (Belo Horizonte 18/10/2021 a 19/10/2021)"}, {"id": "4047", "ano": "2021", "numero": "77", "tipo__sigla": "ODC", "tipo__descricao": "Of\u00edcio/documento Cont\u00e1bil", "assunto": "Encaminha o extrato da conta corrente de titularidade da C\u00e2mara Municipal de Santana da Vargem"}, {"id": "2485", "ano": "2021", "numero": "78", "tipo__sigla": "OFEXP", "tipo__descricao": "Of\u00edcio Expedido", "assunto": "solicita a emiss\u00e3o das Certid\u00f5es de D\u00e9bitos Municipal da Empresa Brasileira de Correios e Telegrafos, inscrita no CNPJ: 34.028.316/0001-03."}, {"id": "2600", "ano": "2021", "numero": "78", "tipo__sigla": "OR", "tipo__descricao": "OF\u00cdCIOS RECEBIDOS", "assunto": "Resposta da prefeitura municipal \u00e0s indica\u00e7\u00f5es 004, 005, 006 e 007 do vereador Ronatlhe Dayglas Rocha"}, {"id": "2812", "ano": "2021", "numero": "78", "tipo__sigla": "OCI", "tipo__descricao": "Of\u00edcios da Controladoria Interna", "assunto": "Envio do certificado de Daniel de Castro Casagrande referente ao curso \"Sistema de Controle Interno para o Poder Legislativo Municipal\", realizado pelo Instituto Plenum Brasil nos dias 29 e 30 de abril de 2021 (carga hor\u00e1ria: 12 horas). Solicitou-se a gentileza de arquivamento na pasta funcional do servidor."}, {"id": "2990", "ano": "2021", "numero": "78", "tipo__sigla": "OVC", "tipo__descricao": "Of\u00edcio de Vereador/Comiss\u00e3o", "assunto": "Oficio em conjunto 03/2021 - solicita a altera\u00e7\u00e3o da data da Sess\u00e3o Ordin\u00e1ria do dia 22/06/2021 (ter\u00e7a feira) para o dia 21/06/2021 (segunda feira)."}, {"id": "3300", "ano": "2021", "numero": "78", "tipo__sigla": "PARE", "tipo__descricao": "PARECER", "assunto": "Parecer Jur\u00eddico - Projeto de Lei n\u00ba 11 - Legislativo - Institui o dia municipal de conscientiza\u00e7\u00e3o, preven\u00e7\u00e3o e combate \u00e0 depress\u00e3o, ansiedade e s\u00edndrome do p\u00e2nico."}, {"id": "3508", "ano": "2021", "numero": "78", "tipo__sigla": "REV", "tipo__descricao": "Relat\u00f3rios de rodagem do ve\u00edculo e outros", "assunto": "Posto APS KM 92908 Valor R$117,70\r\nLevar o carro para abastecer e lavar 08:00"}, {"id": "3735", "ano": "2021", "numero": "78", "tipo__sigla": "DI", "tipo__descricao": "Di\u00e1rias e documentos relativos", "assunto": "C\u00e1lculo de Quantidades e de valores a pagar de di\u00e1rias Emerson Silva Ara\u00fajo"}, {"id": "4072", "ano": "2021", "numero": "78", "tipo__sigla": "ODC", "tipo__descricao": "Of\u00edcio/documento Cont\u00e1bil", "assunto": "Realiza\u00e7\u00e3o de horas extras pela servidora Isabela Louren\u00e7\u00e3o Messias para lan\u00e7amento de processos licitat\u00f3rios no sistema de compras (Memory) conforme autoriza\u00e7\u00e3o da Presid\u00eancia atrav\u00e9s do of\u00edcio n\u00ba372/2021."}, {"id": "2505", "ano": "2021", "numero": "79", "tipo__sigla": "OFEXP", "tipo__descricao": "Of\u00edcio Expedido", "assunto": "Determina que Cl\u00e9ber de Brito execute o Sistema de Registro de Ponto- SISPONTO da C\u00e2mara Municipal de Santana da Vargem"}, {"id": "2608", "ano": "2021", "numero": "79", "tipo__sigla": "OR", "tipo__descricao": "OF\u00cdCIOS RECEBIDOS", "assunto": "Solicita retirada de tramita\u00e7\u00e3o do projeto de lei n\u00ba17/2021 e protocolo do projeto de lei 19/2021 que disp\u00f5e sobre a mesma mat\u00e9ria"}, {"id": "2813", "ano": "2021", "numero": "79", "tipo__sigla": "OCI", "tipo__descricao": "Of\u00edcios da Controladoria Interna", "assunto": "Apresentar nova op\u00e7\u00e3o para consulta de pre\u00e7os durante processos de compra. Com a finalidade de obter pre\u00e7os cada vez mais baixos para a administra\u00e7\u00e3o p\u00fablica em seus respectivos procedimentos de compra, bem como de mitigar o risco da ocorr\u00eancia de sobrepre\u00e7o e \u2013 consequentemente \u2013 de superfaturamento, o controle interno apresentou \u00e0 diretoria o \u201cBanco de Pre\u00e7os do Tribunal de Contas do Estado de Minas Gerais\u201d. O acesso \u00e0 ferramenta citada est\u00e1 dispon\u00edvel no link seguinte e ser\u00e1 de grande valia para a Casa Legislativa, uma vez que esta figura como \u00f3rg\u00e3o jurisdicionado da referida Corte de Contas: <https://bancodepreco.tce.mg.gov.br/#/public/calculo-preco> (utilizar \u2013 preferencialmente \u2013 o filtro \u201cMicrorregi\u00e3o\u201d e, em seguida, clicar na cidade listada mais pr\u00f3xima de Santana da Vargem, qual seja: Varginha). A controladoria utilizou esta oportunidade tamb\u00e9m para refor\u00e7ar a import\u00e2ncia da utiliza\u00e7\u00e3o \u2013 de forma adaptada e no que couber \u2013 da Instru\u00e7\u00e3o Normativa n\u00ba 73/2020 (emitida pela Secretaria Especial de Desburocratiza\u00e7\u00e3o, Gest\u00e3o e Governo Digital, do Minist\u00e9rio da Economia), enquanto a instru\u00e7\u00e3o normativa redigida especialmente para a C\u00e2mara Municipal ainda n\u00e3o estiver em vigor. O conte\u00fado apresentado nesta correspond\u00eancia oficial complementa as disposi\u00e7\u00f5es dos of\u00edcios n\u00ba 74 e n\u00ba 77/2021. Foram enviadas \u2013 por correio eletr\u00f4nico \u2013 c\u00f3pias \u00e0 presid\u00eancia, \u00e0 procuradoria jur\u00eddica e aos integrantes da comiss\u00e3o de licita\u00e7\u00e3o, para fins de conhecimento (Protocolo n\u00ba 1.061/2021)."}, {"id": "2993", "ano": "2021", "numero": "79", "tipo__sigla": "OVC", "tipo__descricao": "Of\u00edcio de Vereador/Comiss\u00e3o", "assunto": "Requerimento 08/2021 - Requer do Exm\u00b0 Sr. Jos\u00e9 Elias Figueiredo, prefeito municipal, atrav\u00e9s da secretaria de sa\u00fade e ou secretaria de a\u00e7\u00e3o social um relat\u00f3rio de quantas pessoas foram beneficiadas com a doa\u00e7\u00e3o de cestas b\u00e1sicas at\u00e9 a presente data, bem como um relat\u00f3rio de doa\u00e7\u00e3o dos \u00faltimos 8 anos."}, {"id": "3314", "ano": "2021", "numero": "79", "tipo__sigla": "PARE", "tipo__descricao": "PARECER", "assunto": "Parecer jur\u00eddico - Projeto de Lei Ordin\u00e1ria 10 (Legislativo) Sistema de Controle Interno."}, {"id": "3528", "ano": "2021", "numero": "79", "tipo__sigla": "REV", "tipo__descricao": "Relat\u00f3rios de rodagem do ve\u00edculo e outros", "assunto": "Levar vereadores Carlos Cezar e Vitor Junior par fazer curso em Belo Horizonte 14/09/2021 a 17/09/2021 (Ressarcimento combust\u00edvel e estacionamento)"}, {"id": "3736", "ano": "2021", "numero": "79", "tipo__sigla": "DI", "tipo__descricao": "Di\u00e1rias e documentos relativos", "assunto": "C\u00e1lculo de Quantidades e de valores a pagar de di\u00e1rias Luiz Felipe Mendon\u00e7a Rodrigues"}, {"id": "2506", "ano": "2021", "numero": "80", "tipo__sigla": "OFEXP", "tipo__descricao": "Of\u00edcio Expedido", "assunto": "Solicita ao setor de tributa\u00e7\u00e3o que seja emitida guia de pagamento no valor de R$6,97 (seis reais e noventa e sete centavos) referente aos rendimentos de aplica\u00e7\u00e3o auferidos no m\u00eas de fevereiro"}, {"id": "2624", "ano": "2021", "numero": "80", "tipo__sigla": "OR", "tipo__descricao": "OF\u00cdCIOS RECEBIDOS", "assunto": "Encaminha lista com os dados dos secret\u00e1rios e contatos telef\u00f4nicos"}, {"id": "2814", "ano": "2021", "numero": "80", "tipo__sigla": "OCI", "tipo__descricao": "Of\u00edcios da Controladoria Interna", "assunto": "O controle interno solicitou \u00e0 diretoria-geral que, ap\u00f3s finalizada a etapa do parecer jur\u00eddico, a \u00edntegra do processo licitat\u00f3rio referente ao Edital n\u00ba 01/2021 (Preg\u00e3o Presencial) fosse encaminhada a este setor, para fins de an\u00e1lise t\u00e9cnica. Foram enviadas \u2013 por correio eletr\u00f4nico \u2013 c\u00f3pias deste of\u00edcio \u00e0 presid\u00eancia e \u00e0 procuradoria jur\u00eddica, para fins de conhecimento (Protocolo n\u00ba 1.062/2021)."}, {"id": "2994", "ano": "2021", "numero": "80", "tipo__sigla": "OVC", "tipo__descricao": "Of\u00edcio de Vereador/Comiss\u00e3o", "assunto": "Requerimento 09/2021 - Requer do Exm\u00b0 Sr. Jos\u00e9 Elias Figueiredo, prefeito municipal, atrav\u00e9s da secretaria de sa\u00fade um relat\u00f3rio de quantas pessoas foram beneficiadas com a consulta com psic\u00f3logo custeado pelo munic\u00edpio, para acompanhar pacientes com a COVID-19."}, {"id": "3326", "ano": "2021", "numero": "80", "tipo__sigla": "PARE", "tipo__descricao": "PARECER", "assunto": "Parecer Jur\u00eddico - Procedimento de Dispensa de Licita\u00e7\u00e3o - Seguro do Carro do Legislativo."}, {"id": "3534", "ano": "2021", "numero": "80", "tipo__sigla": "REV", "tipo__descricao": "Relat\u00f3rios de rodagem do ve\u00edculo e outros", "assunto": "Levar funcion\u00e1rias Alanis e Larissa para colher cota\u00e7\u00f5es de pre\u00e7o"}, {"id": "3745", "ano": "2021", "numero": "80", "tipo__sigla": "DI", "tipo__descricao": "Di\u00e1rias e documentos relativos", "assunto": "Relat\u00f3rio de viagem Ronalthe Dayglas Rocha (Belo Horizonte 06/10/2021 a 08/10/2021)"}, {"id": "4074", "ano": "2021", "numero": "80", "tipo__sigla": "ODC", "tipo__descricao": "Of\u00edcio/documento Cont\u00e1bil", "assunto": "Realiza\u00e7\u00e3o de horas extras da servidora Isabela Louren\u00e7\u00e3o Messias conforme autorizado pelo of\u00edcio n\u00ba372/2021- Gab. Presid\u00eancia."}, {"id": "2507", "ano": "2021", "numero": "81", "tipo__sigla": "OFEXP", "tipo__descricao": "Of\u00edcio Expedido", "assunto": "Solicita ao setor de tributa\u00e7\u00e3o que seja emitida guia de pagamento de IRRF referente ao m\u00eas de fevereiro de 2021"}, {"id": "2640", "ano": "2021", "numero": "81", "tipo__sigla": "OR", "tipo__descricao": "OF\u00cdCIOS RECEBIDOS", "assunto": "Solicita encaminhamento de um representante da C\u00e2mara de Vereadores para fazer parte do FUNDEB"}, {"id": "2825", "ano": "2021", "numero": "81", "tipo__sigla": "OCI", "tipo__descricao": "Of\u00edcios da Controladoria Interna", "assunto": "O controlador interno solicitou \u00e0 contadora do Poder Legislativo esclarecimentos acerca das mem\u00f3rias de c\u00e1lculo, al\u00e9m da identifica\u00e7\u00e3o nominal de cada um dos respectivos benefici\u00e1rios dos pagamentos constantes na tabela presente no of\u00edcio n\u00ba 81, inseridos em relat\u00f3rio do m\u00f3dulo de contabilidade p\u00fablica do SIAP Memory. Solicitou-se que os esclarecimentos fossem prestados atrav\u00e9s de of\u00edcio direcionado \u00e0 controladoria. O dia 17 de maio foi definido como prazo de entrega. Foram enviadas \u2013 por correio eletr\u00f4nico \u2013 c\u00f3pias desta correspond\u00eancia oficial \u00e0 \r\ndiretoria e \u00e0 presid\u00eancia, para fins de conhecimento (Protocolo n\u00ba 1.082/2021)."}, {"id": "3004", "ano": "2021", "numero": "81", "tipo__sigla": "OVC", "tipo__descricao": "Of\u00edcio de Vereador/Comiss\u00e3o", "assunto": "Of\u00edcio 13/2021  - convoca reuni\u00e3o da Comiss\u00e3o de  Obras, Servi\u00e7os P\u00fablicos, Agroind\u00fastria, Com\u00e9rcio e Turismo"}, {"id": "3347", "ano": "2021", "numero": "81", "tipo__sigla": "PARE", "tipo__descricao": "PARECER", "assunto": "Parecer jur\u00eddico - Inexigibilidade - Cart\u00f3rio Civil"}, {"id": "3571", "ano": "2021", "numero": "81", "tipo__sigla": "REV", "tipo__descricao": "Relat\u00f3rios de rodagem do ve\u00edculo e outros", "assunto": "Levar funcion\u00e1ria Larissa para colher cota\u00e7\u00e3o de pre\u00e7os nas Lojas Vargenses"}, {"id": "3758", "ano": "2021", "numero": "81", "tipo__sigla": "DI", "tipo__descricao": "Di\u00e1rias e documentos relativos", "assunto": "Relat\u00f3rio de viagem Ronalthe Dayglas Rocha (Belo Horizonte 06/10/2021 a 08/10/2021)"}, {"id": "4075", "ano": "2021", "numero": "81", "tipo__sigla": "ODC", "tipo__descricao": "Of\u00edcio/documento Cont\u00e1bil", "assunto": "Realiza\u00e7\u00e3o de horas extras da servidora Isabela Louren\u00e7\u00e3o Messias conforme autorizado pelo of\u00edcio n\u00ba372/2021- Gab. Presid\u00eancia."}, {"id": "2508", "ano": "2021", "numero": "82", "tipo__sigla": "OFEXP", "tipo__descricao": "Of\u00edcio Expedido", "assunto": "Encaminha indica\u00e7\u00f5es 006 e 007 feitas pelo vereador Vitor Donizetti Siqueira J\u00fanior"}, {"id": "2643", "ano": "2021", "numero": "82", "tipo__sigla": "OR", "tipo__descricao": "OF\u00cdCIOS RECEBIDOS", "assunto": "Encaminha o of\u00edcio 01/2021 e documenta\u00e7\u00e3o complementar da Secretaria Municipal de Fazenda"}, {"id": "2827", "ano": "2021", "numero": "82", "tipo__sigla": "OCI", "tipo__descricao": "Of\u00edcios da Controladoria Interna", "assunto": "Enviar projeto de lei \u00e0 presid\u00eancia, elaborado pela controladoria, para normatizar o Sistema de Controle Interno na C\u00e2mara Municipal. A exig\u00eancia da implanta\u00e7\u00e3o do Sistema de Controle Interno nos \u00f3rg\u00e3os jurisdicionados do Tribunal de Contas do Estado de Minas Gerais, mediante regulamenta\u00e7\u00e3o em ato normativo pr\u00f3prio, est\u00e1 presente no artigo 2\u00ba, par\u00e1grafo \u00fanico, inciso I da Decis\u00e3o Normativa n\u00ba 02/2016. Redigiu-se tal projeto de forma a aliar os conhecimentos adquiridos no curso realizado nos dias 29 e 30 de abril de 2021, bem como as disposi\u00e7\u00f5es da Decis\u00e3o Normativa TCE/MG n\u00ba 02/2016. Foram enviadas, por correio eletr\u00f4nico, c\u00f3pias desta documenta\u00e7\u00e3o \u00e0 diretoria-geral e \u00e0 procuradoria jur\u00eddica (Protocolo n\u00ba 1.084/2021)."}, {"id": "3019", "ano": "2021", "numero": "82", "tipo__sigla": "OVC", "tipo__descricao": "Of\u00edcio de Vereador/Comiss\u00e3o", "assunto": "Solicita\u00e7\u00e3o de informa\u00e7\u00f5es sobre o t\u00e9rmino das obras do Ribeir\u00e3o Santana"}, {"id": "3349", "ano": "2021", "numero": "82", "tipo__sigla": "PARE", "tipo__descricao": "PARECER", "assunto": "Parecer Jur\u00eddico - Inexigibilidade - Curso de Sindic\u00e2ncia, CPI e PAD."}, {"id": "3607", "ano": "2021", "numero": "82", "tipo__sigla": "REV", "tipo__descricao": "Relat\u00f3rios de rodagem do ve\u00edculo e outros", "assunto": "Levar funcion\u00e1rios Felipe Tom\u00e9, Ruiter Oliveira e Alessandra para fazer curso (Belo Horizonte- 29/09/2021 a 01/10/2021)"}, {"id": "3759", "ano": "2021", "numero": "82", "tipo__sigla": "DI", "tipo__descricao": "Di\u00e1rias e documentos relativos", "assunto": "Relat\u00f3rio de viagem Luiz Felipe Mendon\u00e7a Rodrigues (Belo Horizonte 06-10-2021 a 08-10-2021)"}, {"id": "4110", "ano": "2021", "numero": "82", "tipo__sigla": "ODC", "tipo__descricao": "Of\u00edcio/documento Cont\u00e1bil", "assunto": "Realiza\u00e7\u00e3o de horas extras da servidora Isabela Louren\u00e7\u00e3o Messias conforme autorizado pelo of\u00edcio n\u00ba372/2021- Gab. Presid\u00eancia."}, {"id": "2509", "ano": "2021", "numero": "83", "tipo__sigla": "OFEXP", "tipo__descricao": "Of\u00edcio Expedido", "assunto": "Encaminha indica\u00e7\u00f5es 007, 008 e 009 feitas pelo vereador Ezequiel da Silva"}, {"id": "2663", "ano": "2021", "numero": "83", "tipo__sigla": "OR", "tipo__descricao": "OF\u00cdCIOS RECEBIDOS", "assunto": "Solicita nomea\u00e7\u00e3o dos membros para compor o Conselho Municipal de Turismo"}, {"id": "2829", "ano": "2021", "numero": "83", "tipo__sigla": "OCI", "tipo__descricao": "Of\u00edcios da Controladoria Interna", "assunto": "A controladoria enviou \u00e0 presid\u00eancia o texto da Instru\u00e7\u00e3o Normativa n\u00ba 01/2021, al\u00e9m de seus respectivos anexos. Inicialmente, a primeira instru\u00e7\u00e3o normativa da Controladoria Interna da C\u00e2mara Municipal de Santana da Vargem seria acerca da realiza\u00e7\u00e3o de auditorias no \u00e2mbito do Poder Legislativo; por\u00e9m, conforme disposi\u00e7\u00f5es dos of\u00edcios n\u00ba 75 e 76/2021 (emitidos por este setor), tal norma foi enviada e \u2013 posteriormente \u2013 retirada, para ajustes e acr\u00e9scimos. Considerando que os procedimentos de compra s\u00e3o de grande import\u00e2ncia para que a Casa Legislativa mantenha seu regular funcionamento, este setor optou por priorizar o envio da instru\u00e7\u00e3o (anexa) quanto \u00e0s pesquisas de pre\u00e7o. Foi importante ressaltar que, a fim de que tal norma passe a valer como regra e produza todos os seus efeitos, \u00e9 preciso que haja projeto de lei aprovado regulamentando o Sistema de Controle Interno, conforme disposi\u00e7\u00f5es do of\u00edcio n\u00ba 82/2021. Foram enviadas \u2013 por correio eletr\u00f4nico \u2013 c\u00f3pias deste of\u00edcio, da instru\u00e7\u00e3o normativa e de seus respectivos anexos (inclusive em m\u00eddias edit\u00e1veis) \u00e0 diretoria-geral, para uso cotidiano. A procuradoria jur\u00eddica tamb\u00e9m recebeu a documenta\u00e7\u00e3o, para conhecimento (Protocolo n\u00ba 1.086/2021)."}, {"id": "3020", "ano": "2021", "numero": "83", "tipo__sigla": "OVC", "tipo__descricao": "Of\u00edcio de Vereador/Comiss\u00e3o", "assunto": "Solicita\u00e7\u00e3o de informa\u00e7\u00f5es sobre a aquisi\u00e7\u00e3o de l\u00e2mpada de led"}, {"id": "3363", "ano": "2021", "numero": "83", "tipo__sigla": "PARE", "tipo__descricao": "PARECER", "assunto": "Parecer jur\u00eddico - Inexigibilidade - Curso - Processo Legislativo, indica\u00e7\u00f5es, requerimentos etc."}, {"id": "3608", "ano": "2021", "numero": "83", "tipo__sigla": "REV", "tipo__descricao": "Relat\u00f3rios de rodagem do ve\u00edculo e outros", "assunto": "Levar Diretora Kainne no sindicato par acolher assinaturas da presidente"}, {"id": "3760", "ano": "2021", "numero": "83", "tipo__sigla": "DI", "tipo__descricao": "Di\u00e1rias e documentos relativos", "assunto": "Relat\u00f3rio de viagem Carlos Cezar Ribeiro (Belo Horizonte 06/10/2021 a 08/10/2021)"}, {"id": "4111", "ano": "2021", "numero": "83", "tipo__sigla": "ODC", "tipo__descricao": "Of\u00edcio/documento Cont\u00e1bil", "assunto": "Realiza\u00e7\u00e3o de horas extras da servidora Isabela Louren\u00e7\u00e3o Messias conforme autorizado pelo of\u00edcio n\u00ba372/2021- Gab. Presid\u00eancia."}, {"id": "2510", "ano": "2021", "numero": "84", "tipo__sigla": "OFEXP", "tipo__descricao": "Of\u00edcio Expedido", "assunto": "Encaminha indica\u00e7\u00f5es 004, 005, 006 e 007 feitas pelo vereador Ronalthe Dayglas Rocha"}, {"id": "2665", "ano": "2021", "numero": "84", "tipo__sigla": "OR", "tipo__descricao": "OF\u00cdCIOS RECEBIDOS", "assunto": "Retira de Tramita\u00e7\u00e3o o projeto de lei n\u00ba 15/2021"}, {"id": "2872", "ano": "2021", "numero": "84", "tipo__sigla": "OCI", "tipo__descricao": "Of\u00edcios da Controladoria Interna", "assunto": "A controladoria informou \u00e0 presid\u00eancia que o setor est\u00e1 em processo de elabora\u00e7\u00e3o de uma nova instru\u00e7\u00e3o normativa, a fim de organizar o fluxo dos procedimentos administrativos de concess\u00e3o de di\u00e1rias. Considerando que os processos em ep\u00edgrafe se apresentam como de suma import\u00e2ncia para a C\u00e2mara Legislativa, al\u00e9m de necessitarem de padr\u00f5es que facilitem os trabalhos e estejam em conformidade com as disposi\u00e7\u00f5es da Lei Municipal n\u00ba 1.477/2018, esta Controladoria Interna \u2013 desde j\u00e1 \u2013 disponibiliza a todos os agentes p\u00fablicos pertencentes \u00e0 Casa um novo formul\u00e1rio para as solicita\u00e7\u00f5es (anexo). Uma vez que parte dos vereadores n\u00e3o possui endere\u00e7os institucionais de e-mail, solicitou-se a leitura deste of\u00edcio em plen\u00e1rio, ou a apresenta\u00e7\u00e3o do novo documento utilizando-se de outra maneira igualmente eficaz.\r\nForam enviadas \u2013 por correio eletr\u00f4nico \u2013 c\u00f3pias deste of\u00edcio e do formul\u00e1rio padr\u00e3o (inclusive em m\u00eddia edit\u00e1vel) aos demais servidores do Poder Legislativo, para fins de conhecimento e uso cotidiano."}, {"id": "3026", "ano": "2021", "numero": "84", "tipo__sigla": "OVC", "tipo__descricao": "Of\u00edcio de Vereador/Comiss\u00e3o", "assunto": "Of\u00edcio 17/2021 - convoca Reuni\u00e3o da Comiss\u00e3o de  Finan\u00e7as e Or\u00e7amento"}, {"id": "3459", "ano": "2021", "numero": "84", "tipo__sigla": "PARE", "tipo__descricao": "PARECER", "assunto": "Parecer Jur\u00eddico - Inexigibilidade - Curso de Controle Interno."}, {"id": "3636", "ano": "2021", "numero": "84", "tipo__sigla": "REV", "tipo__descricao": "Relat\u00f3rios de rodagem do ve\u00edculo e outros", "assunto": "Levar Diretora Kainne nas lojas para fazer cota\u00e7\u00f5es do forro da C\u00e2mara Municipal de Santana da Vargem (04/10/2021)"}, {"id": "3761", "ano": "2021", "numero": "84", "tipo__sigla": "DI", "tipo__descricao": "Di\u00e1rias e documentos relativos", "assunto": "Relat\u00f3rio de viagem Vitor Donizetti Siqueira Junior (Belo Horizonte 06/10/2021 a 08/10/2021)"}, {"id": "2511", "ano": "2021", "numero": "85", "tipo__sigla": "OFEXP", "tipo__descricao": "Of\u00edcio Expedido", "assunto": "Encaminha indica\u00e7\u00e3o 001 feita pelo vereador Walter Silva"}, {"id": "2672", "ano": "2021", "numero": "85", "tipo__sigla": "OR", "tipo__descricao": "OF\u00cdCIOS RECEBIDOS", "assunto": "Resposta \u00e0 indica\u00e7\u00e3o 002/2021 da vereadora Silmara Girlaine Hon\u00f3rio"}, {"id": "2875", "ano": "2021", "numero": "85", "tipo__sigla": "OCI", "tipo__descricao": "Of\u00edcios da Controladoria Interna", "assunto": "O controle interno solicitou \u00e0 contadora que fossem formalizados ao e-mail do setor os documentos seguintes: extrato da conta corrente de titularidade da C\u00e2mara Municipal (janeiro/2017 a dezembro/2017); extrato da conta corrente de titularidade da C\u00e2mara Municipal (abril/2021); e extrato da aplica\u00e7\u00e3o financeira de titularidade da C\u00e2mara Municipal (abril/2021). Foi oportuno informar que houve o correto recebimento dos extratos de aplica\u00e7\u00e3o financeira (per\u00edodo de janeiro/2017 a dezembro/2017), ap\u00f3s pedido feito \u00e0 contadora, durante reuni\u00e3o presencial no dia 19 de maio de 2021. Foram enviadas \u2013 por correio eletr\u00f4nico \u2013 c\u00f3pias deste of\u00edcio \u00e0 diretoria e \u00e0 presid\u00eancia, para fins de conhecimento (Protocolo n\u00ba 1.150/2021)."}, {"id": "3036", "ano": "2021", "numero": "85", "tipo__sigla": "OVC", "tipo__descricao": "Of\u00edcio de Vereador/Comiss\u00e3o", "assunto": "CANCELAMENTO DE REUNI\u00c3O"}, {"id": "3460", "ano": "2021", "numero": "85", "tipo__sigla": "PARE", "tipo__descricao": "PARECER", "assunto": "Parecer Jur\u00eddico - Projeto de Lei Ordin\u00e1ria n\u00ba 46 - Abertura de Cr\u00e9dito Especial R$ 200.000,00 - Emenda Parlamentar"}, {"id": "3651", "ano": "2021", "numero": "85", "tipo__sigla": "REV", "tipo__descricao": "Relat\u00f3rios de rodagem do ve\u00edculo e outros", "assunto": "Levar o carro para lavar, calibrar o pneu conferir a frente etc. OBS Analisar revis\u00e3o do carro"}, {"id": "3763", "ano": "2021", "numero": "85", "tipo__sigla": "DI", "tipo__descricao": "Di\u00e1rias e documentos relativos", "assunto": "Requerimento de concess\u00e3o de di\u00e1rias adiantadas Ruiter Silva de Oliveira (Belo Horizonte 26/10/2021 a 27/10/2021)"}, {"id": "2512", "ano": "2021", "numero": "86", "tipo__sigla": "OFEXP", "tipo__descricao": "Of\u00edcio Expedido", "assunto": "Encaminha indica\u00e7\u00e3o 050 e of\u00edcio 036 feitas pelo vereador Luiz Felipe Mendon\u00e7a Rodrigues"}, {"id": "2673", "ano": "2021", "numero": "86", "tipo__sigla": "OR", "tipo__descricao": "OF\u00cdCIOS RECEBIDOS", "assunto": "Resposta \u00e0s indica\u00e7\u00f5es 012, 013, 014 e 015 do vereador Ronalthe Rocha"}, {"id": "2887", "ano": "2021", "numero": "86", "tipo__sigla": "OCI", "tipo__descricao": "Of\u00edcios da Controladoria Interna", "assunto": "O controlador interno solicitou \u00e0 presid\u00eancia autoriza\u00e7\u00e3o para a abertura de um procedimento de compra para o curso \u201cOr\u00e7amento P\u00fablico Municipal: An\u00e1lise da Lei de Diretrizes Or\u00e7ament\u00e1rias 2022 pelo Legislativo \u2013 Na pr\u00e1tica\u201d, fornecido pelo Instituto Plenum. Tal curso \u00e9 realizado de forma online; portanto, s\u00e3o desnecess\u00e1rias despesas referentes a di\u00e1rias. Em anexo ao of\u00edcio, segue o respectivo folder, com as principais informa\u00e7\u00f5es do evento. Foi enviada \u2013 por correio eletr\u00f4nico \u2013 uma c\u00f3pia deste of\u00edcio \u00e0 diretoria-geral, para ci\u00eancia."}, {"id": "3039", "ano": "2021", "numero": "86", "tipo__sigla": "OVC", "tipo__descricao": "Of\u00edcio de Vereador/Comiss\u00e3o", "assunto": "Solicita\u00e7\u00e3o de informa\u00e7\u00f5es sobre a realiza\u00e7\u00e3o de licita\u00e7\u00e3o de asfalto"}, {"id": "3461", "ano": "2021", "numero": "86", "tipo__sigla": "PARE", "tipo__descricao": "PARECER", "assunto": "Parecer Jur\u00eddico - Projeto de Lei Ordin\u00e1ria n\u00ba 42 - Abertura de Cr\u00e9dito Especial - Excesso de arrecada\u00e7\u00e3o - R$ 17.620,00 (dezessete mil seiscentos e vinte reais)"}, {"id": "3692", "ano": "2021", "numero": "86", "tipo__sigla": "REV", "tipo__descricao": "Relat\u00f3rios de rodagem do ve\u00edculo e outros", "assunto": "Levar vereador Carlos C\u00e9zar, Juninho, Felip\u00e3o e Ronalthe para fazer curso"}, {"id": "3764", "ano": "2021", "numero": "86", "tipo__sigla": "DI", "tipo__descricao": "Di\u00e1rias e documentos relativos", "assunto": "Requerimento de concess\u00e3o de di\u00e1rias adiantadas ao motorista  (Belo Horizonte 26/10/2021 a 27/10/2021)"}, {"id": "2513", "ano": "2021", "numero": "87", "tipo__sigla": "OFEXP", "tipo__descricao": "Of\u00edcio Expedido", "assunto": "Encaminha projetos de lei aprovados na 7\u00aa reuni\u00e3o ordin\u00e1ria de 2021"}, {"id": "2674", "ano": "2021", "numero": "87", "tipo__sigla": "OR", "tipo__descricao": "OF\u00cdCIOS RECEBIDOS", "assunto": "Resposta ao of\u00edcio 109/2021 da C\u00e2mara Municipal de Santana da Vargem"}, {"id": "2888", "ano": "2021", "numero": "87", "tipo__sigla": "OCI", "tipo__descricao": "Of\u00edcios da Controladoria Interna", "assunto": "A Controladoria Interna informou ao Cont\u00e1bil que \u2013 durante an\u00e1lise das \u201cFolhas de Pagamento\u201d dispon\u00edveis no SIAP Memory \u2013 detectou diverg\u00eancia entre o que determina a Lei Complementar n\u00ba 16/2019 (Plano de Cargos, Carreiras e Vencimentos do Poder Legislativo Municipal) e o que tem sido efetivamente pago \u00e0 servidora ocupante do cargo de diretoria. A servidora tem recebido como vencimento a quantia de R$ 2.181,44, sendo que \u2013 de acordo com as disposi\u00e7\u00f5es da Lei Complementar n\u00ba 16/2019 (Plano de Cargos, Carreiras e Vencimentos dos Servidores do Poder Legislativo Municipal), Lei Municipal n\u00ba 1.514/2020 e Lei Municipal n\u00ba 1.535/2021 \u2013 deveria receber algo em torno de R$ 2.423,83 (vencimento bruto). Foi informado que tais ocorr\u00eancias tiveram in\u00edcio em janeiro e que \u2013 em per\u00edodos anteriores ao ano de 2021 \u2013 os demais servidores que ocuparam a respectiva posi\u00e7\u00e3o, aparentemente, tiveram os c\u00e1lculos realizados de maneira correta. A demonstra\u00e7\u00e3o do c\u00e1lculo do valor de R$ 2.423,83 segue no corpo do documento. Est\u00e1 anexada ainda a \"Folha de Pagamento\" referente ao m\u00eas de abril/2021, a t\u00edtulo de comprova\u00e7\u00e3o dos lan\u00e7amentos. Foram enviadas \u2013 por correio eletr\u00f4nico \u2013 c\u00f3pias deste of\u00edcio \u00e0 diretoria e \u00e0 presid\u00eancia (Protocolo n\u00ba 1.164/2021)."}, {"id": "3040", "ano": "2021", "numero": "87", "tipo__sigla": "OVC", "tipo__descricao": "Of\u00edcio de Vereador/Comiss\u00e3o", "assunto": "Requerimento 10/2021 - Requer do Exm\u00b0 Sr. Jos\u00e9 Elias Figueiredo, prefeito municipal, informa\u00e7\u00f5es sobre o uso do vesti\u00e1rio do Est\u00e1dio Municipal para sediar a Banda Municipal, bem como se h\u00e1 repasse pecuni\u00e1rio a banda por parte do munic\u00edpio."}, {"id": "3462", "ano": "2021", "numero": "87", "tipo__sigla": "PARE", "tipo__descricao": "PARECER", "assunto": "Parecer Jur\u00eddico - Projeto de Lei Ordin\u00e1ria - Abertura de Cr\u00e9dito Adicional Especial - excesso de arrecada\u00e7\u00e3o - R$ 7.282,00 (sete mil duzentos e oitenta e dois reais)"}, {"id": "3709", "ano": "2021", "numero": "87", "tipo__sigla": "REV", "tipo__descricao": "Relat\u00f3rios de rodagem do ve\u00edculo e outros", "assunto": "Levar Diretora Kainne na Caixa Econ\u00f4mica para pagar consignado"}, {"id": "3767", "ano": "2021", "numero": "87", "tipo__sigla": "DI", "tipo__descricao": "Di\u00e1rias e documentos relativos", "assunto": "Requerimento de concess\u00e3o de di\u00e1rias adiantadas  Ruiter Silva de Oliveira (Belo Horizonte 16/11/2021 a 19/11/2021)"}, {"id": "2539", "ano": "2021", "numero": "88", "tipo__sigla": "OFEXP", "tipo__descricao": "Of\u00edcio Expedido", "assunto": "Encaminha of\u00edcio dos vereadores Vitor Donizete e Maria Aparecida ao Prefeito"}, {"id": "2675", "ano": "2021", "numero": "88", "tipo__sigla": "OR", "tipo__descricao": "OF\u00cdCIOS RECEBIDOS", "assunto": "Resposta \u00e0 indica\u00e7\u00e3o 008 do vereador Juninho"}, {"id": "2920", "ano": "2021", "numero": "88", "tipo__sigla": "OCI", "tipo__descricao": "Of\u00edcios da Controladoria Interna", "assunto": "O prazo para o protocolo da Declara\u00e7\u00e3o Anual de Bens e Valores dos Agentes P\u00fablicos finda em 31 de maio. A controladoria orientou \u00e0 diretoria que haja ampla divulga\u00e7\u00e3o \u2013 entre os servidores \u2013 da documenta\u00e7\u00e3o (anexa) referente ao Of\u00edcio n\u00ba 45/2021, emitido por este departamento. Trata-se do envio da Declara\u00e7\u00e3o Anual de Bens e Valores dos Agentes P\u00fablicos, determina\u00e7\u00e3o prevista no artigo 13 da Lei Nacional n\u00ba 8.429/1992 (Lei de Improbidade Administrativa). A Declara\u00e7\u00e3o Anual de Bens e Valores pode ser substitu\u00edda pela Declara\u00e7\u00e3o de Imposto de Renda da Pessoa F\u00edsica (exerc\u00edcio 2020, apresentada \u00e0 Receita Federal do Brasil), desde que haja as atualiza\u00e7\u00f5es referentes \u00e0 data do protocolo na secretaria; e o prazo para entrega, assim como no caso do dever junto ao \u00f3rg\u00e3o federal, tamb\u00e9m expira em 31 de maio. De acordo com o \u00a7 3\u00ba do artigo 13 da Lei Nacional n\u00ba 8.429/1992, \u201cser\u00e1 punido com a pena de demiss\u00e3o, a bem do servi\u00e7o p\u00fablico, sem preju\u00edzo de outras san\u00e7\u00f5es cab\u00edveis, o agente p\u00fablico que se recusar a prestar declara\u00e7\u00e3o dos bens, dentro do prazo determinado, ou que a prestar falsa\u201d. Ficam dispensados de novo envio os agentes p\u00fablicos que j\u00e1 apresentaram tal declara\u00e7\u00e3o no decorrer do exerc\u00edcio 2021. Al\u00e9m da documenta\u00e7\u00e3o pertencente ao Of\u00edcio n\u00ba 45, seguem tamb\u00e9m anexos os Of\u00edcios n\u00ba 62 e n\u00ba 71/2021, da controladoria. Foram enviadas \u2013 por correio eletr\u00f4nico \u2013 c\u00f3pias deste documento \u00e0 presid\u00eancia e aos demais setores da Casa Legislativa (Protocolo n\u00ba 1.207/2021)."}, {"id": "3041", "ano": "2021", "numero": "88", "tipo__sigla": "OVC", "tipo__descricao": "Of\u00edcio de Vereador/Comiss\u00e3o", "assunto": "Solicita\u00e7\u00e3o de c\u00f3pia de documentos"}, {"id": "3463", "ano": "2021", "numero": "88", "tipo__sigla": "PARE", "tipo__descricao": "PARECER", "assunto": "Parecer jur\u00eddico - Projeto de Lei Ordin\u00e1rio n\u00ba 48 - Abertura de Cr\u00e9dito Especial - Anula\u00e7\u00e3o de Dota\u00e7\u00e3o Or\u00e7ament\u00e1ria - R$ 6.000,00 (seis mil reais) - CONCAFE."}, {"id": "3710", "ano": "2021", "numero": "88", "tipo__sigla": "REV", "tipo__descricao": "Relat\u00f3rios de rodagem do ve\u00edculo e outros", "assunto": "Levar Diretora Kainne na casa da Presidente para colher assinatura"}, {"id": "3768", "ano": "2021", "numero": "88", "tipo__sigla": "DI", "tipo__descricao": "Di\u00e1rias e documentos relativos", "assunto": "Requerimento de concess\u00e3o de di\u00e1rias ao motorista (Belo Horizonte 16/11/2021 a 19/11/2021)"}, {"id": "2543", "ano": "2021", "numero": "89", "tipo__sigla": "OFEXP", "tipo__descricao": "Of\u00edcio Expedido", "assunto": "Encaminha os relat\u00f3rios cont\u00e1beis referente aos meses de janeiro e fevereiro de 2021"}, {"id": "2676", "ano": "2021", "numero": "89", "tipo__sigla": "OR", "tipo__descricao": "OF\u00cdCIOS RECEBIDOS", "assunto": "Resposta ao of\u00edcio 003 do vereador Carlos C\u00e9zar Ribeiro"}, {"id": "2921", "ano": "2021", "numero": "89", "tipo__sigla": "OCI", "tipo__descricao": "Of\u00edcios da Controladoria Interna", "assunto": "A Controladoria Interna informou \u00e0 Presid\u00eancia que est\u00e1 em processo de elabora\u00e7\u00e3o a Instru\u00e7\u00e3o Normativa n\u00ba 02/2021, para formalizar os procedimentos administrativos de concess\u00e3o de di\u00e1rias. Seguem anexas ao of\u00edcio n\u00ba 89 as vers\u00f5es preliminares do Anexo 13 (Presid\u00eancia solicita a devolu\u00e7\u00e3o de valores em excesso, recebidos pelo agente benefici\u00e1rio) e do Anexo 14 (agente benefici\u00e1rio comunica devolu\u00e7\u00e3o dos valores e anexa o comprovante). Ambos os formul\u00e1rios, ap\u00f3s preenchidos, dever\u00e3o sempre ser enviados em c\u00f3pia para o setor de contabilidade. Foram enviadas \u2013 por correio eletr\u00f4nico \u2013 c\u00f3pias desta correspond\u00eancia oficial e dos formul\u00e1rios (inclusive em m\u00eddia edit\u00e1vel) \u00e0 diretoria e aos demais setores da Casa Legislativa, para fins de conhecimento (Protocolo n\u00ba 1.208/2021)."}, {"id": "3044", "ano": "2021", "numero": "89", "tipo__sigla": "OVC", "tipo__descricao": "Of\u00edcio de Vereador/Comiss\u00e3o", "assunto": "Solicita que a administra\u00e7\u00e3o reveja a situa\u00e7\u00e3o  das ca\u00e7ambas"}, {"id": "3465", "ano": "2021", "numero": "89", "tipo__sigla": "PARE", "tipo__descricao": "PARECER", "assunto": "Parecer Jur\u00eddico - Projeto de Lei Ordin\u00e1ria n\u00ba 49 - Desapropria\u00e7\u00e3o"}, {"id": "3724", "ano": "2021", "numero": "89", "tipo__sigla": "REV", "tipo__descricao": "Relat\u00f3rios de rodagem do ve\u00edculo e outros", "assunto": "Levar Funcion\u00e1rias Larissa, Alessandra, Isabela e Alanis na Confec\u00e7\u00e3o dos Uniformes da C\u00e2mara"}, {"id": "3770", "ano": "2021", "numero": "89", "tipo__sigla": "DI", "tipo__descricao": "Di\u00e1rias e documentos relativos", "assunto": "Requerimento de concess\u00e3o de di\u00e1rias adiantadas Vitor Donizetti Siqueira Junior (Belo Horizonte- 26/10/2021 a 29/10/2021)"}, {"id": "2677", "ano": "2021", "numero": "90", "tipo__sigla": "OR", "tipo__descricao": "OF\u00cdCIOS RECEBIDOS", "assunto": "Resposta \u00e0 indica\u00e7\u00e3o 003/2021 da vereadora Lia"}, {"id": "2942", "ano": "2021", "numero": "90", "tipo__sigla": "OCI", "tipo__descricao": "Of\u00edcios da Controladoria Interna", "assunto": "Reuni\u00e3o online acerca do Projeto de Lei de Diretrizes Or\u00e7ament\u00e1rias para 2022. A controladoria interna informou \u00e0 presid\u00eancia que \u2013 nos dias 26, 27 e 28 de maio \u2013 participou do curso \u201cOr\u00e7amento P\u00fablico Municipal: An\u00e1lise da Lei de Diretrizes Or\u00e7ament\u00e1rias 2022 pelo Legislativo \u2013 Na pr\u00e1tica\u201d, realizado pelo Instituto Plenum Brasil. Havia, no respectivo conte\u00fado program\u00e1tico, previs\u00e3o de que seria feita a an\u00e1lise das disposi\u00e7\u00f5es do Projeto de Lei de Diretrizes Or\u00e7ament\u00e1rias de cada Munic\u00edpio participante; portanto, o setor comunicou que haveria \u2013 para tal finalidade \u2013 uma reuni\u00e3o online com o ministrante do curso, professor Caio Campos, realizada no dia 4 de junho, no hor\u00e1rio das 16 \u00e0s 17h. O link de acesso \u00e0 reuni\u00e3o seria disponibilizado em momentos antes da videoconfer\u00eancia. Uma vez que o plen\u00e1rio tem a responsabilidade de propor emendas e de realizar a vota\u00e7\u00e3o do referido projeto, a controladoria entendeu como v\u00e1lida a participa\u00e7\u00e3o dos parlamentares e aproveitou o ensejo para convidar a todos. Foram enviadas \u2013 por correio eletr\u00f4nico \u2013 c\u00f3pias deste of\u00edcio \u00e0 diretoria-geral e \u00e0 procuradoria jur\u00eddica, e o convite foi estendido a ambas (Protocolo n\u00ba 1.245/2021)."}, {"id": "3081", "ano": "2021", "numero": "90", "tipo__sigla": "OVC", "tipo__descricao": "Of\u00edcio de Vereador/Comiss\u00e3o", "assunto": "Oficio 15/2021 - solicita um levantamento de quantos pacientes de Santana da Vargem-MG, est\u00e3o em tratamento oncol\u00f3gico no setor de oncologia da Santa Casa de Alfenas."}, {"id": "3473", "ano": "2021", "numero": "90", "tipo__sigla": "PARE", "tipo__descricao": "PARECER", "assunto": "Parecer Jur\u00eddico - Dispensa de Licita\u00e7\u00e3o - Contrata\u00e7\u00e3o de servi\u00e7os de encanador."}, {"id": "3726", "ano": "2021", "numero": "90", "tipo__sigla": "REV", "tipo__descricao": "Relat\u00f3rios de rodagem do ve\u00edculo e outros", "assunto": "Levar ve\u00edculo para abastecer, conferir e calibrar. \r\nOBS: Olhar a necessidade de arrumar o ar do carro est\u00e1 exalando mal cheiro principalmente quando liga"}, {"id": "3771", "ano": "2021", "numero": "90", "tipo__sigla": "DI", "tipo__descricao": "Di\u00e1rias e documentos relativos", "assunto": "An\u00e1lise da presta\u00e7\u00e3o de contas do recebimento de di\u00e1rias (Belo Horizonte 06/10/2021)"}, {"id": "2552", "ano": "2021", "numero": "91", "tipo__sigla": "OFEXP", "tipo__descricao": "Of\u00edcio Expedido", "assunto": "Solicita prorroga\u00e7\u00e3o de prazo ao Minist\u00e9rio Publico"}, {"id": "2678", "ano": "2021", "numero": "91", "tipo__sigla": "OR", "tipo__descricao": "OF\u00cdCIOS RECEBIDOS", "assunto": "Resposta \u00e0 indica\u00e7\u00e3o 057 do vereador Luiz Felipe"}, {"id": "2943", "ano": "2021", "numero": "91", "tipo__sigla": "OCI", "tipo__descricao": "Of\u00edcios da Controladoria Interna", "assunto": "Envio do certificado do curso \u201cOr\u00e7amento P\u00fablico Municipal: An\u00e1lise da Lei de Diretrizes Or\u00e7ament\u00e1rias 2022 pelo Legislativo - Na Pr\u00e1tica\u201d. Em anexo a este of\u00edcio segue o certificado do curso, realizado pelo Instituto Plenum durante os dias 26, 27 e 28 maio de 2021. Solicitou-se \u00e0 diretoria-geral a gentileza de que tal documento fosse arquivado na pasta funcional do servidor."}, {"id": "3082", "ano": "2021", "numero": "91", "tipo__sigla": "OVC", "tipo__descricao": "Of\u00edcio de Vereador/Comiss\u00e3o", "assunto": "Of\u00edcio 14/2021 - solicita um levantamento de quantos pacientes de Santana da Vargem-MG, est\u00e3o em tratamento oncol\u00f3gico no setor de oncologia do Hospital Bom Pastor."}, {"id": "3499", "ano": "2021", "numero": "91", "tipo__sigla": "PARE", "tipo__descricao": "PARECER", "assunto": "\u201cCurso de Capacita\u00e7\u00e3o para Vereadores, Prefeitos, Vice Prefeito, Secret\u00e1rios Municipais, Gestores, Assessores e Servidores P\u00fablicos \u2013 Lei Anticorrup\u00e7\u00e3o e a efic\u00e1cia das comiss\u00f5es parlamentares no \u00e2mbito municipal\u201d."}, {"id": "3751", "ano": "2021", "numero": "91", "tipo__sigla": "REV", "tipo__descricao": "Relat\u00f3rios de rodagem do ve\u00edculo e outros", "assunto": "Levar Diretora Kainne no sindicato para colher assinatura da presidente"}, {"id": "3772", "ano": "2021", "numero": "91", "tipo__sigla": "DI", "tipo__descricao": "Di\u00e1rias e documentos relativos", "assunto": "An\u00e1lise da presta\u00e7\u00e3o de contas do recebimento de di\u00e1rias (Belo Horizonte 06/10/2021)"}, {"id": "2554", "ano": "2021", "numero": "92", "tipo__sigla": "OFEXP", "tipo__descricao": "Of\u00edcio Expedido", "assunto": "Encaminha as indica\u00e7\u00f5es 006, 007 e 008 feitas pelo vereador Jackson"}, {"id": "2679", "ano": "2021", "numero": "92", "tipo__sigla": "OR", "tipo__descricao": "OF\u00cdCIOS RECEBIDOS", "assunto": "Resposta \u00e0s indica\u00e7\u00f5es 057, 058, 059, 060, 061, 062, 063 e 064"}, {"id": "2952", "ano": "2021", "numero": "92", "tipo__sigla": "OCI", "tipo__descricao": "Of\u00edcios da Controladoria Interna", "assunto": "O controle interno solicitou \u00e0 contadora retorno formal quanto aos temas abordados nos of\u00edcios n\u00ba 73 e 85/2021, emitidos por este setor. Ambos os documentos citados seguem anexos ao of\u00edcio n\u00ba 92, a fim de possibilitar o acesso f\u00e1cil e r\u00e1pido pela contabilidade (Protocolo n\u00ba 1.255/2021)."}, {"id": "3083", "ano": "2021", "numero": "92", "tipo__sigla": "OVC", "tipo__descricao": "Of\u00edcio de Vereador/Comiss\u00e3o", "assunto": "Requerimento 11/2021 - Requer do Exm\u00b0 Sr. Jos\u00e9 Elias Figueiredo, prefeito municipal, informa\u00e7\u00f5es sobre os crit\u00e9rios para matr\u00edculas no projeto CRIAN\u00c7AS DO FUTURO."}, {"id": "3501", "ano": "2021", "numero": "92", "tipo__sigla": "PARE", "tipo__descricao": "PARECER", "assunto": "Parecer Jur\u00eddico - Projeto de Lei Ordin\u00e1ria do Legislativo n\u00ba 13 - Institui o programa M\u00e9dico Pediatra no Munic\u00edpio de Santana da Vargem."}, {"id": "3752", "ano": "2021", "numero": "92", "tipo__sigla": "REV", "tipo__descricao": "Relat\u00f3rios de rodagem do ve\u00edculo e outros", "assunto": "Levar vereador Felip\u00e3o para reuni\u00e3o nos dias 18 e 19 na cidade de BH"}, {"id": "3773", "ano": "2021", "numero": "92", "tipo__sigla": "DI", "tipo__descricao": "Di\u00e1rias e documentos relativos", "assunto": "An\u00e1lise da presta\u00e7\u00e3o de contas do recebimento de di\u00e1rias (Belo Horizonte 06/10/2021)"}, {"id": "2555", "ano": "2021", "numero": "93", "tipo__sigla": "OFEXP", "tipo__descricao": "Of\u00edcio Expedido", "assunto": "Encaminha indica\u00e7\u00f5es 051, 052, 053, 054 , 055 e 056 feitas pelo vereador Luiz Felipe"}, {"id": "2680", "ano": "2021", "numero": "93", "tipo__sigla": "OR", "tipo__descricao": "OF\u00cdCIOS RECEBIDOS", "assunto": "Resposta indica\u00e7\u00e3o 015 do vereador Ezequiel"}, {"id": "2962", "ano": "2021", "numero": "93", "tipo__sigla": "OCI", "tipo__descricao": "Of\u00edcios da Controladoria Interna", "assunto": "Envio da Instru\u00e7\u00e3o Normativa n\u00ba 02/2021 (Fluxo dos procedimentos de concess\u00e3o de di\u00e1rias). A controladoria interna enviou \u00e0 presid\u00eancia sua Instru\u00e7\u00e3o Normativa de n\u00ba 02/2021, elaborada \u2013 predominantemente \u2013 com base nas disposi\u00e7\u00f5es da Lei Municipal n\u00ba 1.477/2018, a fim de dispor sobre os fluxos e os formul\u00e1rios pr\u00f3prios para os requerimentos de concess\u00e3o de di\u00e1rias, no \u00e2mbito do Poder Legislativo. Al\u00e9m de estipular de forma precisa o encaminhamento dos processos, a nova norma proporcionar\u00e1 a devida transpar\u00eancia de que necessitam todos os agentes p\u00fablicos da Casa, a auditoria interna, os \u00f3rg\u00e3os de fiscaliza\u00e7\u00e3o e de controle externo, bem como toda a popula\u00e7\u00e3o vargense. Destacou-se que os procedimentos de auditoria a serem realizados oportunamente levar\u00e3o em conta as disposi\u00e7\u00f5es do documento anexo, uma vez que sua elabora\u00e7\u00e3o ocorreu com fulcro nos dispositivos da Lei Municipal n\u00ba 1.477/2018, do Estatuto dos Servidores P\u00fablicos do Munic\u00edpio, da Lei Org\u00e2nica Municipal, da Lei de Acesso \u00e0 Informa\u00e7\u00e3o e da Lei de Responsabilidade Fiscal. Foi recomendada a ampla divulga\u00e7\u00e3o do documento entre os parlamentares: por meio de an\u00fancio em plen\u00e1rio, ou por meio de envio ao grupo institucional existente no aplicativo de mensagens WhatsApp. Foram enviadas \u2013 por correio eletr\u00f4nico \u2013 c\u00f3pias deste of\u00edcio e do texto da instru\u00e7\u00e3o normativa \u00e0 diretoria-geral, \u00e0 procuradoria jur\u00eddica e aos demais servidores da Casa, para fins de conhecimento. Os formul\u00e1rios em m\u00eddia edit\u00e1vel ser\u00e3o disponibilizados a todos que os solicitarem e tamb\u00e9m poder\u00e3o ser inseridos em aba pr\u00f3pria do site, para facilitar o acesso."}, {"id": "3084", "ano": "2021", "numero": "93", "tipo__sigla": "OVC", "tipo__descricao": "Of\u00edcio de Vereador/Comiss\u00e3o", "assunto": "REQUERIMENTO N\u00b0 012/2021Requer do Exm\u00b0 Sr. Jos\u00e9 Elias Figueiredo, prefeito municipal, informa\u00e7\u00f5es sobre o funcionamento do centro odontol\u00f3gico do munic\u00edpio."}, {"id": "3502", "ano": "2021", "numero": "93", "tipo__sigla": "PARE", "tipo__descricao": "PARECER", "assunto": "Parecer jur\u00eddico - Projeto de Lei ordin\u00e1ria do Legislativo n\u00ba 14 - Cria o programa Educando para o Futuro."}, {"id": "3765", "ano": "2021", "numero": "93", "tipo__sigla": "REV", "tipo__descricao": "Relat\u00f3rios de rodagem do ve\u00edculo e outros", "assunto": "Levar Funcion\u00e1rias Alanis e Larissa nas cidades para colher cota\u00e7\u00f5es de pre\u00e7o"}, {"id": "3774", "ano": "2021", "numero": "93", "tipo__sigla": "DI", "tipo__descricao": "Di\u00e1rias e documentos relativos", "assunto": "Relat\u00f3rio de viagem Luiz Felipe Mendon\u00e7a Rodrigues (Belo Horizonte- 06/10/2021 a 08/10/2021)"}, {"id": "2556", "ano": "2021", "numero": "94", "tipo__sigla": "OFEXP", "tipo__descricao": "Of\u00edcio Expedido", "assunto": "Encaminha indica\u00e7\u00f5es 008, 009, 010 e 011 feitas pelo vereador Ronalthe"}, {"id": "2712", "ano": "2021", "numero": "94", "tipo__sigla": "OR", "tipo__descricao": "OF\u00cdCIOS RECEBIDOS", "assunto": "Balancetes de Receitas e Despesas referentes ao m\u00eas de mar\u00e7o de 2021"}, {"id": "3006", "ano": "2021", "numero": "94", "tipo__sigla": "OCI", "tipo__descricao": "Of\u00edcios da Controladoria Interna", "assunto": "Solicita\u00e7\u00e3o de espa\u00e7o pr\u00f3prio para a Controladoria Interna no site institucional. Em conformidade com o disposto no art. 2\u00ba, par\u00e1grafo \u00fanico, inciso VIII da Decis\u00e3o Normativa n\u00ba 02/2016, do Tribunal de Contas do Estado de Minas Gerais, a controladoria solicitou \u00e0 presid\u00eancia autoriza\u00e7\u00e3o para a abertura de um espa\u00e7o pr\u00f3prio para o setor no site institucional da Casa Legislativa. Foi enviada \u2013 por correio eletr\u00f4nico \u2013 c\u00f3pia deste of\u00edcio \u00e0 diretoria-geral, para fins de conhecimento (Protocolo n\u00ba 1.332/2021)."}, {"id": "3096", "ano": "2021", "numero": "94", "tipo__sigla": "OVC", "tipo__descricao": "Of\u00edcio de Vereador/Comiss\u00e3o", "assunto": "Of\u00edcio 02-2021 - Pedido de redu\u00e7\u00e3o nas contas de agua e esgoto do munic\u00edpio de Santana da Vargem"}, {"id": "3533", "ano": "2021", "numero": "94", "tipo__sigla": "PARE", "tipo__descricao": "PARECER", "assunto": "Parecer Jur\u00eddico - Projeto de Lei Ordin\u00e1ria n\u00ba 54 - Autoriza\u00e7\u00e3o para abertura de cr\u00e9dito adicional especial por excesso de arrecada\u00e7\u00e3o \u2013 Repara\u00e7\u00e3o dos Impactos Socioecon\u00f4micos e Ambientais."}, {"id": "3775", "ano": "2021", "numero": "94", "tipo__sigla": "DI", "tipo__descricao": "Di\u00e1rias e documentos relativos", "assunto": "An\u00e1lise da presta\u00e7\u00e3o de contas do recebimento de di\u00e1rias Luiz Felipe Mendon\u00e7a Rodrigues (06/10/2021)"}, {"id": "3779", "ano": "2021", "numero": "94", "tipo__sigla": "REV", "tipo__descricao": "Relat\u00f3rios de rodagem do ve\u00edculo e outros", "assunto": "Levar Diretora Kainne na Caixa Econ\u00f4mica para pagar consignado e fazer c\u00f3pias de chaves para servidores"}, {"id": "2557", "ano": "2021", "numero": "95", "tipo__sigla": "OFEXP", "tipo__descricao": "Of\u00edcio Expedido", "assunto": "Encaminha indica\u00e7\u00f5es 010, 011, 012 e 013 feitas pelo vereador Ezequiel"}, {"id": "2717", "ano": "2021", "numero": "95", "tipo__sigla": "OR", "tipo__descricao": "OF\u00cdCIOS RECEBIDOS", "assunto": "Solicita\u00e7\u00e3o de documenta\u00e7\u00e3o (c\u00f3pias de atestados m\u00e9dicos dos dias 28/12/2016, 04/01/2017, 19/01/2017 e 24/01/2017) pela ex servidora Gl\u00e1ucia Francisca da Silva"}, {"id": "3007", "ano": "2021", "numero": "95", "tipo__sigla": "OCI", "tipo__descricao": "Of\u00edcios da Controladoria Interna", "assunto": "Aprova\u00e7\u00e3o das instru\u00e7\u00f5es normativas do setor atrav\u00e9s da abertura de portarias. A controladoria interna solicitou \u00e0 presid\u00eancia a aprova\u00e7\u00e3o, mediante a abertura de portarias, das primeiras instru\u00e7\u00f5es normativas elaboradas pelo setor, quais sejam: Instru\u00e7\u00e3o Normativa n\u00ba 01/2021, de 11 de maio, que \u201cdisp\u00f5e sobre o procedimento administrativo para a realiza\u00e7\u00e3o de pesquisas de pre\u00e7os para a aquisi\u00e7\u00e3o de bens e a contrata\u00e7\u00e3o de servi\u00e7os em geral, no \u00e2mbito do Poder Legislativo do Munic\u00edpio de Santana da Vargem/MG\u201d; e Instru\u00e7\u00e3o Normativa n\u00ba 02/2021, de 7 de junho, que \u201cdisp\u00f5e sobre o procedimento administrativo para a solicita\u00e7\u00e3o, a concess\u00e3o e a presta\u00e7\u00e3o de contas dos recebimentos de valores a t\u00edtulo de di\u00e1rias, no \u00e2mbito do Poder Legislativo do Munic\u00edpio de Santana da Vargem/MG\u201d. Foi enviada \u2013 por correio eletr\u00f4nico \u2013 uma c\u00f3pia deste of\u00edcio \u00e0 diretoria-geral, para fins de conhecimento (Protocolo n\u00ba 1.333/2021)."}, {"id": "3106", "ano": "2021", "numero": "95", "tipo__sigla": "OVC", "tipo__descricao": "Of\u00edcio de Vereador/Comiss\u00e3o", "assunto": "Solicita informa\u00e7\u00f5es sobre o projeto 025/2021 que disp\u00f5e sobre as diretrizes para elabora\u00e7\u00e3o da Lei Or\u00e7amentaria de 2022 e d\u00e1 outras e d\u00e1 outras provid\u00eancias"}, {"id": "3574", "ano": "2021", "numero": "95", "tipo__sigla": "PARE", "tipo__descricao": "PARECER", "assunto": "Parecer Jur\u00eddico - Lei Ordin\u00e1ria n\u00ba 55 - Regulamenta as Contrata\u00e7\u00f5es Tempor\u00e1rias por Excepcional Interesse P\u00fablico."}, {"id": "3776", "ano": "2021", "numero": "95", "tipo__sigla": "DI", "tipo__descricao": "Di\u00e1rias e documentos relativos", "assunto": "Relat\u00f3rio de viagem Luiz Felipe Mendon\u00e7a Rodrigues (Belo Horizonte 18/10/2021 a 19/10/2021)"}, {"id": "3787", "ano": "2021", "numero": "95", "tipo__sigla": "REV", "tipo__descricao": "Relat\u00f3rios de rodagem do ve\u00edculo e outros", "assunto": "LEVAR FUNCION\u00c1RIA LARISSA PARA ENTREGAR COTA\u00c7\u00d5ES PARA FAZER LICITA\u00c7\u00d5ES"}, {"id": "2565", "ano": "2021", "numero": "96", "tipo__sigla": "OFEXP", "tipo__descricao": "Of\u00edcio Expedido", "assunto": "Encaminha documento e solicita recomenda\u00e7\u00f5es ao jur\u00eddico"}, {"id": "2742", "ano": "2021", "numero": "96", "tipo__sigla": "OR", "tipo__descricao": "OF\u00cdCIOS RECEBIDOS", "assunto": "Encaminha c\u00f3pia da tramita\u00e7\u00e3o da Emenda \u00e0 lei org\u00e2nica do munic\u00edpio 03/2014"}, {"id": "3021", "ano": "2021", "numero": "96", "tipo__sigla": "OCI", "tipo__descricao": "Of\u00edcios da Controladoria Interna", "assunto": "A controladoria enviou \u00e0 presid\u00eancia novas vers\u00f5es dos anexos de sua Instru\u00e7\u00e3o Normativa n\u00ba 01/2021, que trata do procedimento administrativo para a realiza\u00e7\u00e3o de pesquisas de pre\u00e7os (para a aquisi\u00e7\u00e3o de bens e a contrata\u00e7\u00e3o de servi\u00e7os em geral). Segue a \u00edntegra da Instru\u00e7\u00e3o n\u00ba 01, atualizada at\u00e9 o dia 16/06/2021. As atualiza\u00e7\u00f5es foram idealizadas de modo a aprimorar a experi\u00eancia de uso dos documentos no cotidiano. Foram enviadas \u2013 por correio eletr\u00f4nico \u2013 c\u00f3pias deste of\u00edcio e dos formul\u00e1rios (em m\u00eddia edit\u00e1vel) \u00e0 diretoria-geral, para fins de conhecimento e de uso no dia a dia (Protocolo n\u00ba 1.360/2021)."}, {"id": "3121", "ano": "2021", "numero": "96", "tipo__sigla": "OVC", "tipo__descricao": "Of\u00edcio de Vereador/Comiss\u00e3o", "assunto": "Solicita informa\u00e7\u00f5es sobre o setor veterin\u00e1rio da Prefeitura Municipal de Santana da Vargem"}, {"id": "3583", "ano": "2021", "numero": "96", "tipo__sigla": "PARE", "tipo__descricao": "PARECER", "assunto": "Parecer Jur\u00eddico - Licita\u00e7\u00e3o - Inexigibilidade - Curso de Licita\u00e7\u00e3o."}, {"id": "3777", "ano": "2021", "numero": "96", "tipo__sigla": "DI", "tipo__descricao": "Di\u00e1rias e documentos relativos", "assunto": "An\u00e1lise da presta\u00e7\u00e3o de contas do recebimento de di\u00e1rias Luiz Felipe Mendon\u00e7a Rodrigues Belo Horizonte 18/10/2021"}, {"id": "3791", "ano": "2021", "numero": "96", "tipo__sigla": "REV", "tipo__descricao": "Relat\u00f3rios de rodagem do ve\u00edculo e outros", "assunto": "Levar funcion\u00e1ria Larissa no sindicato dos trabalhadores para colher assinatura da presidente"}, {"id": "2566", "ano": "2021", "numero": "97", "tipo__sigla": "OFEXP", "tipo__descricao": "Of\u00edcio Expedido", "assunto": "Solicita ades\u00e3o a ata de registro de pre\u00e7os para aquisi\u00e7\u00e3o de g\u00eaneros aliment\u00edcios"}, {"id": "2757", "ano": "2021", "numero": "97", "tipo__sigla": "OR", "tipo__descricao": "OF\u00cdCIOS RECEBIDOS", "assunto": "Resposta da Prefeitura Municipal ao of\u00edcio 065/2021 do Controle Interno"}, {"id": "3032", "ano": "2021", "numero": "97", "tipo__sigla": "OCI", "tipo__descricao": "Of\u00edcios da Controladoria Interna", "assunto": "O controlador interno da Casa Legislativa solicitou \u00e0 presid\u00eancia o pagamento da metade do 13\u00ba sal\u00e1rio (referente ao ano de 2021) no fim do m\u00eas de junho."}, {"id": "3128", "ano": "2021", "numero": "97", "tipo__sigla": "OVC", "tipo__descricao": "Of\u00edcio de Vereador/Comiss\u00e3o", "assunto": "Solicita informa\u00e7\u00f5es a respeito de poss\u00edveis contratos de compra de medicamentos com as farm\u00e1cias do munic\u00edpio"}, {"id": "3595", "ano": "2021", "numero": "97", "tipo__sigla": "PARE", "tipo__descricao": "PARECER", "assunto": "Parecer jur\u00eddico - Projeto de Lei Ordin\u00e1ria n\u00ba 57 do ano de 2021 - Abertura de Cr\u00e9dito Especial - Excesso de Arrecada\u00e7\u00e3o - R$ 100.000,00"}, {"id": "3789", "ano": "2021", "numero": "97", "tipo__sigla": "DI", "tipo__descricao": "Di\u00e1rias e documentos relativos", "assunto": "Requerimento de concess\u00e3o de di\u00e1rias adiantadas Kainne Delfino Joanas"}, {"id": "3793", "ano": "2021", "numero": "97", "tipo__sigla": "REV", "tipo__descricao": "Relat\u00f3rios de rodagem do ve\u00edculo e outros", "assunto": "Levar funcion\u00e1rias Alanis e Alessandra em Lavras para buscar os uniformes e em Nepomuceno para colher cota\u00e7\u00f5es para licita\u00e7\u00e3o"}, {"id": "2567", "ano": "2021", "numero": "98", "tipo__sigla": "OFEXP", "tipo__descricao": "Of\u00edcio Expedido", "assunto": "solicita c\u00f3pia integral do\r\nPROCESSO LICITATORIO N\u00ba 03/2021, PREGR\u00c3O N\u00ba 02/2021, para aquisi\u00e7\u00e3o de generos\r\naliment\u00edcios, acompanhado a ata de registro de pre\u00e7os."}, {"id": "2758", "ano": "2021", "numero": "98", "tipo__sigla": "OR", "tipo__descricao": "OF\u00cdCIOS RECEBIDOS", "assunto": "Resposta da prefeitura municipal \u00e0 indica\u00e7\u00e3o 04/2021 da vereadora Maria Aparecida de Ara\u00fajo Reis"}, {"id": "3033", "ano": "2021", "numero": "98", "tipo__sigla": "OCI", "tipo__descricao": "Of\u00edcios da Controladoria Interna", "assunto": "O controle interno solicitou \u00e0 contadora os documentos seguintes: extrato da conta corrente de titularidade da C\u00e2mara Municipal (janeiro/2010 a dezembro/2016); extrato da conta corrente de titularidade da C\u00e2mara Municipal (janeiro/2018 a dezembro/2019); extrato da aplica\u00e7\u00e3o financeira de titularidade da C\u00e2mara Municipal (janeiro/2010 a dezembro/2016) e extrato da aplica\u00e7\u00e3o financeira de titularidade da C\u00e2mara Municipal (janeiro/2018 a dezembro/2019). Foram enviadas \u2013 por correio eletr\u00f4nico \u2013 c\u00f3pias deste of\u00edcio \u00e0 diretoria e \u00e0 presid\u00eancia, para fins de conhecimento (Protocolo n\u00ba 1.375/2021)."}, {"id": "3168", "ano": "2021", "numero": "98", "tipo__sigla": "OVC", "tipo__descricao": "Of\u00edcio de Vereador/Comiss\u00e3o", "assunto": "Of\u00edcio 05-2021 - solicita informa\u00e7\u00f5es a respeito de contrata\u00e7\u00e3o de empresa prestadora de servi\u00e7o de ca\u00e7amba no munic\u00edpio, de acordo com art. 6\u00ba da Lei 1347 de 2014, que \u201cRegulamenta coleta, o transporte e a destina\u00e7\u00e3o final de entulho, terras e sobras de materiais de constru\u00e7\u00e3o, de que trata esta Lei e d\u00e1 outras provid\u00eancias\u201d."}, {"id": "3596", "ano": "2021", "numero": "98", "tipo__sigla": "PARE", "tipo__descricao": "PARECER", "assunto": "Parecer jur\u00eddico - Projeto de Lei Ordin\u00e1ria n\u00ba 58 do ano de 2021 - Abertura de Cr\u00e9dito Especial - Excesso de Arrecada\u00e7\u00e3o - R$ 300.000,00"}, {"id": "3790", "ano": "2021", "numero": "98", "tipo__sigla": "DI", "tipo__descricao": "Di\u00e1rias e documentos relativos", "assunto": "C\u00e1lculo de quantidades e de valores a pagar de di\u00e1rias"}, {"id": "3866", "ano": "2021", "numero": "98", "tipo__sigla": "REV", "tipo__descricao": "Relat\u00f3rios de rodagem do ve\u00edculo e outros", "assunto": "Levar vereadora Lia Ara\u00fajo para fazer curso"}, {"id": "2568", "ano": "2021", "numero": "99", "tipo__sigla": "OFEXP", "tipo__descricao": "Of\u00edcio Expedido", "assunto": "solicita ades\u00e3o \u00e0 ata de Registro de Pre\u00e7os, como \u00f3rg\u00e3o n\u00e3o participante, no Processo Licitat\u00f3rio N.\u00ba 045/2020 na modalidade Preg\u00e3o Presencial n\u00ba0166/2020, para aquisi\u00e7\u00e3o de g\u00e1s (GLP) e afins"}, {"id": "2759", "ano": "2021", "numero": "99", "tipo__sigla": "OR", "tipo__descricao": "OF\u00cdCIOS RECEBIDOS", "assunto": "Resposta da prefeitura municipal as indica\u00e7\u00f5es 009, 010, 011, 012 e 013 do vereador Vitor Donizetti Siqueira Junior"}, {"id": "3087", "ano": "2021", "numero": "99", "tipo__sigla": "OCI", "tipo__descricao": "Of\u00edcios da Controladoria Interna", "assunto": "Posicionamento da controladoria acerca da necessidade de suplementa\u00e7\u00e3o or\u00e7ament\u00e1ria para a C\u00e2mara Municipal j\u00e1 para o pr\u00f3ximo m\u00eas de julho (of\u00edcio direcionado \u00e0 presid\u00eancia). A controladoria tomou conhecimento da demanda, por esta Casa Legislativa, pela abertura de cr\u00e9dito adicional suplementar j\u00e1 para o pr\u00f3ximo m\u00eas de julho, a qual tem o fim de refor\u00e7ar a dota\u00e7\u00e3o or\u00e7ament\u00e1ria de n\u00ba 01.03.01.31.3001.4007.3.3.90.40.00 (Serv. de TI e Comunica\u00e7\u00e3o \u2013 PJ). Considerando tais disposi\u00e7\u00f5es, este setor informa que endossa de maneira integral as informa\u00e7\u00f5es contidas no parecer jur\u00eddico emitido pela procuradoria (Protocolo SAPL n\u00ba 1.438/2021) e ratifica a posi\u00e7\u00e3o de que a proposta de or\u00e7amento parcial deste \u00f3rg\u00e3o legiferante deve ser elaborada por ele pr\u00f3prio, j\u00e1 para o pr\u00f3ximo exerc\u00edcio (2022). A suplementa\u00e7\u00e3o em ep\u00edgrafe poderia ter sido evitada, uma vez que \u2013 na proposta da C\u00e2mara Municipal para 2021, a qual foi elaborada em 2020 pelo Poder Executivo \u2013 foram disponibilizados, inicialmente, apenas R$ 10 mil para as referidas despesas; sendo que um dos fornecedores (j\u00e1 previsto desde o ano anterior) dos respectivos servi\u00e7os consome \u2013 anualmente \u2013 a quantia aproximada de R$ 12 mil. Foram enviadas \u2013 por correio eletr\u00f4nico \u2013 c\u00f3pias deste of\u00edcio \u00e0 diretoria-geral e \u00e0 procuradoria jur\u00eddica, para fins de conhecimento."}, {"id": "3200", "ano": "2021", "numero": "99", "tipo__sigla": "OVC", "tipo__descricao": "Of\u00edcio de Vereador/Comiss\u00e3o", "assunto": "Requer que seja aprovada mo\u00e7\u00e3o de rep\u00fadio ao Congresso Nacional em suas duas casas C\u00e2mara e Senado pelo aumento da verba aprovada na LDO para o fundo eleitoral"}, {"id": "3597", "ano": "2021", "numero": "99", "tipo__sigla": "PARE", "tipo__descricao": "PARECER", "assunto": "Parecer jur\u00eddico -  Projeto de Lei Ordin\u00e1ria n\u00ba 59 do ano de 2021, Altera\u00e7\u00e3o da Lei Ordin\u00e1ria Municipal n\u00ba 1.570 de 2021 que institui a divulga\u00e7\u00e3o da listagem dos medicamentos dispon\u00edveis e em falta na rede p\u00fablica municipal de Sa\u00fade."}, {"id": "3796", "ano": "2021", "numero": "99", "tipo__sigla": "DI", "tipo__descricao": "Di\u00e1rias e documentos relativos", "assunto": "Requerimento de concess\u00e3o de di\u00e1rias adiantadas Maria Aparecida de Ara\u00fajo Reis (Belo Horizonte 27/10/2021 a 29/10/2021)"}, {"id": "3867", "ano": "2021", "numero": "99", "tipo__sigla": "REV", "tipo__descricao": "Relat\u00f3rios de rodagem do ve\u00edculo e outros", "assunto": "Levar  vereadores Silmara e Felip\u00e3o na Caixa Econ\u00f4mica Federal"}, {"id": "2569", "ano": "2021", "numero": "100", "tipo__sigla": "OFEXP", "tipo__descricao": "Of\u00edcio Expedido", "assunto": "Solicita c\u00f3pia integral do Processo Licitat\u00f3rio N.\u00ba 045/2020, modalidade Preg\u00e3o Presencial n\u00ba0166/2020, para aquisi\u00e7\u00e3o de generos aliment\u00edcios, acompanhado a ata de registro de pre\u00e7os."}, {"id": "2760", "ano": "2021", "numero": "100", "tipo__sigla": "OR", "tipo__descricao": "OF\u00cdCIOS RECEBIDOS", "assunto": "Resposta da Prefeitura Municipal \u00e0s indica\u00e7\u00f5es 065, 066, 067 e 068 do vereador Luiz Felipe Mendon\u00e7a Rodrigues"}, {"id": "3102", "ano": "2021", "numero": "100", "tipo__sigla": "OCI", "tipo__descricao": "Of\u00edcios da Controladoria Interna", "assunto": "Envio, \u00e0 diretoria, de vers\u00e3o provis\u00f3ria do edital para a contrata\u00e7\u00e3o de sistema informatizado de gest\u00e3o p\u00fablica. A controladoria enviou of\u00edcio \u00e0 diretoria-geral destacando alguns pontos importantes acerca do documento anexo e das disposi\u00e7\u00f5es legais quanto ao objeto a ser licitado, \u00e0 modalidade adotada para o procedimento e ao crit\u00e9rio de escolha do licitante vencedor. Foi enviada, por correio eletr\u00f4nico, c\u00f3pia do of\u00edcio e da documenta\u00e7\u00e3o \u00e0 presid\u00eancia, para fins de conhecimento (Protocolo n\u00ba 1.468/2021)."}, {"id": "3208", "ano": "2021", "numero": "100", "tipo__sigla": "OVC", "tipo__descricao": "Of\u00edcio de Vereador/Comiss\u00e3o", "assunto": "Of\u00edcio 20-2021 - solicita abertura de processo licitat\u00f3rio para a compra do curso:\r\n\u201cATRIBUI\u00c7\u00c3O DAS COMISS\u00d5ES E ORIENTA\u00c7\u00d5ES PARA A MESA DIRETORA\u201d que\r\nser\u00e1 nos dias 27, 28, 29 e 30 de julho de 2021 oferecido pela empresa CEAP -\r\nTREINAMENTO PROFISSIONAL"}, {"id": "3598", "ano": "2021", "numero": "100", "tipo__sigla": "PARE", "tipo__descricao": "PARECER", "assunto": "Parecer Jur\u00eddico - Projeto de Lei Ordin\u00e1ria n\u00ba 56 do ano de 2021 - Institui e regulamenta a distribui\u00e7\u00e3o de lanches a usu\u00e1rios do SUS que fazem consultas, procedimentos e exames fora de Santana da Vargem."}, {"id": "3797", "ano": "2021", "numero": "100", "tipo__sigla": "DI", "tipo__descricao": "Di\u00e1rias e documentos relativos", "assunto": "Requerimento de concess\u00e3o de di\u00e1rias ao motorista (Belo Horizonte- 27/10/2021 a 29/10/2021)"}, {"id": "3868", "ano": "2021", "numero": "100", "tipo__sigla": "REV", "tipo__descricao": "Relat\u00f3rios de rodagem do ve\u00edculo e outros", "assunto": "Levar funcion\u00e1rio Ruiter de Oliveira para fazer curso"}, {"id": "2572", "ano": "2021", "numero": "101", "tipo__sigla": "OFEXP", "tipo__descricao": "Of\u00edcio Expedido", "assunto": "Ao cumpriment\u00e1-lo cordialmente, venho atrav\u00e9s do presente solicitar c\u00f3pia integral do Processo Licitat\u00f3rio N.\u00ba 045/2020, modalidade Preg\u00e3o Presencial n\u00ba0166/2020, para aquisi\u00e7\u00e3o de g\u00e1s (GLP) e afins, acompanhado a ata de registro de pre\u00e7os."}, {"id": "2761", "ano": "2021", "numero": "101", "tipo__sigla": "OR", "tipo__descricao": "OF\u00cdCIOS RECEBIDOS", "assunto": "Resposta da prefeitura \u00e0s indica\u00e7\u00f5es 069, 070 do vereador Luiz Felipe Mendon\u00e7a Rodrigues"}, {"id": "3113", "ano": "2021", "numero": "101", "tipo__sigla": "OCI", "tipo__descricao": "Of\u00edcios da Controladoria Interna", "assunto": "A controladoria solicitou \u00e0 contadora o envio (ao e-mail do setor) dos extratos de conta corrente e de aplica\u00e7\u00e3o financeira de titularidade da C\u00e2mara Municipal (referentes a junho/2021)."}, {"id": "3209", "ano": "2021", "numero": "101", "tipo__sigla": "OVC", "tipo__descricao": "Of\u00edcio de Vereador/Comiss\u00e3o", "assunto": "Of\u00edcio 16-2021 - solicita abertura de processo licitat\u00f3rio para a compra do curso: \u201cATRIBUI\u00c7\u00c3O DAS COMISS\u00d5ES E ORIENTA\u00c7\u00d5ES PARA A MESA DIRETORA\u201d que ser\u00e1 nos dias 27, 28, 29 e 30 de julho de 2021"}, {"id": "3621", "ano": "2021", "numero": "101", "tipo__sigla": "PARE", "tipo__descricao": "PARECER", "assunto": "Parecer jur\u00eddico - Projeto de Lei Ordin\u00e1rio n\u00ba 14 - 2021 - Autoriza Concess\u00e3o de Uso de Bem Im\u00f3vel P\u00fablico."}, {"id": "3801", "ano": "2021", "numero": "101", "tipo__sigla": "DI", "tipo__descricao": "Di\u00e1rias e documentos relativos", "assunto": "C\u00e1lculo de quantidade e de valores a pagar de di\u00e1rias Maria Aparecida de Ara\u00fajo Reis (Belo Horizonte 27/10/2021 a 29/10/2021)"}, {"id": "3883", "ano": "2021", "numero": "101", "tipo__sigla": "REV", "tipo__descricao": "Relat\u00f3rios de rodagem do ve\u00edculo e outros", "assunto": "Abastecer para a viagem para Belo Horizonte"}, {"id": "2605", "ano": "2021", "numero": "102", "tipo__sigla": "OFEXP", "tipo__descricao": "Of\u00edcio Expedido", "assunto": "Responde Of\u00edcio 126/2021"}, {"id": "2762", "ano": "2021", "numero": "102", "tipo__sigla": "OR", "tipo__descricao": "OF\u00cdCIOS RECEBIDOS", "assunto": "Resposta da Prefeitura Municipal as indica\u00e7\u00f5es 013, 010, 015, 016 e 017"}, {"id": "3114", "ano": "2021", "numero": "102", "tipo__sigla": "OCI", "tipo__descricao": "Of\u00edcios da Controladoria Interna", "assunto": "Tabela que demonstra a evolu\u00e7\u00e3o da receita do Munic\u00edpio e do or\u00e7amento da C\u00e2mara Legislativa (per\u00edodo de 2014 a 2021). A fim de apoiar os trabalhos do Poder Legislativo na elabora\u00e7\u00e3o de sua proposta or\u00e7ament\u00e1ria para o exerc\u00edcio 2022, a controladoria enviou \u00e0 presid\u00eancia a tabela anexa, a qual demonstra a evolu\u00e7\u00e3o da receita realizada pelo Munic\u00edpio em confronto com a evolu\u00e7\u00e3o do or\u00e7amento da C\u00e2mara Municipal nos \u00faltimos 8 anos. Os dados foram retirados do Sistema Informatizado de Contas dos Munic\u00edpios (SICOM), o qual \u00e9 administrado pelo Tribunal de Contas do Estado de Minas Gerais. Foram enviadas \u2013 por correio eletr\u00f4nico \u2013 c\u00f3pias deste of\u00edcio \u00e0 diretora e \u00e0 contadora, para fins de conhecimento."}, {"id": "3210", "ano": "2021", "numero": "102", "tipo__sigla": "OVC", "tipo__descricao": "Of\u00edcio de Vereador/Comiss\u00e3o", "assunto": "Of\u00edcio 12-2021 - solicita abertura de processo licitat\u00f3rio para a compra do curso: \u201cATRIBUI\u00c7\u00c3O DAS COMISS\u00d5ES E ORIENTA\u00c7\u00d5ES PARA A MESA DIRETORA\u201d que ser\u00e1 nos dias 27, 28, 29 e 30 de julho de 2021"}, {"id": "3652", "ano": "2021", "numero": "102", "tipo__sigla": "PARE", "tipo__descricao": "PARECER", "assunto": "Parecer Jur\u00eddico - Licita\u00e7\u00e3o - Fibra Mineral - Dispensa."}, {"id": "3802", "ano": "2021", "numero": "102", "tipo__sigla": "DI", "tipo__descricao": "Di\u00e1rias e documentos relativos", "assunto": "C\u00e1lculo de quantidades e de valores a pagar de di\u00e1rias  Emerson (27/10/2021 a 29/10/2021)"}, {"id": "3909", "ano": "2021", "numero": "102", "tipo__sigla": "REV", "tipo__descricao": "Relat\u00f3rios de rodagem do ve\u00edculo e outros", "assunto": "Levar Vereador Jackson e Juninho no curso. OBS: olhar a quest\u00e3o da revis\u00e3o do carro e olhar a possibilidade de lavar geral do carro e cuidar da pintura"}, {"id": "2607", "ano": "2021", "numero": "103", "tipo__sigla": "OFEXP", "tipo__descricao": "Of\u00edcio Expedido", "assunto": "Responde Of\u00edcio 07/2021 de autoria da vereadora Maria Aparecida"}, {"id": "2763", "ano": "2021", "numero": "103", "tipo__sigla": "OR", "tipo__descricao": "OF\u00cdCIOS RECEBIDOS", "assunto": "Resposta da prefeitura municipal as indica\u00e7\u00f5es 016 e 017 do vereador Ezequiel da Silva"}, {"id": "3160", "ano": "2021", "numero": "103", "tipo__sigla": "OCI", "tipo__descricao": "Of\u00edcios da Controladoria Interna", "assunto": "Of\u00edcio direcionado \u00e0 presid\u00eancia informando que, em 13 de julho, foram protocolados no SAPL os \u201cDocumentos Diversos da Controladoria Interna\u201d n\u00ba 01 a n\u00ba 18/2021, que demonstram as movimenta\u00e7\u00f5es (detalhada, resumida e acumulada) da conta banc\u00e1ria de titularidade da C\u00e2mara Legislativa, referentes ao per\u00edodo de 1\u00ba de janeiro a 30 de junho de 2021. Em conformidade com a determina\u00e7\u00e3o disposta no art. 48, \u00a7 1\u00ba, inciso II da Lei Complementar n\u00ba 101/2000, tais documentos devem ser postados no site institucional pertencente a este Poder. As planilhas demonstram cada entrada e cada sa\u00edda de caixa (em R$), al\u00e9m do respectivo impacto percentual de cada uma delas sobre o or\u00e7amento do Poder Legislativo, que \u2013 para o ano 2021 \u2013 tem o valor global de R$ 1.193.000,00. Os documentos s\u00e3o relevantes n\u00e3o s\u00f3 para conceder mais transpar\u00eancia \u00e0 sociedade, mas tamb\u00e9m para subsidiar a elabora\u00e7\u00e3o dos relat\u00f3rios de controle interno e da proposta de or\u00e7amento anual. Al\u00e9m disso, figuram como ferramentas importantes de ger\u00eancia, uma vez que a diretoria-geral e a presid\u00eancia ter\u00e3o o real consentimento do impacto de cada cr\u00e9dito e de cada d\u00e9bito efetivado. Em anexo a este of\u00edcio, a controladoria encaminhou a movimenta\u00e7\u00e3o banc\u00e1ria acumulada dos meses de janeiro a junho, a qual retrata o momento exato em que foi atingida a metade deste exerc\u00edcio. Foi enviada \u2013 por correio eletr\u00f4nico \u2013 c\u00f3pia deste of\u00edcio \u00e0 diretoria-geral, para fins de conhecimento. Protocolo n\u00ba 1.568/2021."}, {"id": "3252", "ano": "2021", "numero": "103", "tipo__sigla": "OVC", "tipo__descricao": "Of\u00edcio de Vereador/Comiss\u00e3o", "assunto": "Solicita informa\u00e7\u00f5es sobre nomes de ruas"}, {"id": "3653", "ano": "2021", "numero": "103", "tipo__sigla": "PARE", "tipo__descricao": "PARECER", "assunto": "Parecer Jur\u00eddico - Licita\u00e7\u00e3o - Curso Vereador - Inexigibilidade."}, {"id": "3814", "ano": "2021", "numero": "103", "tipo__sigla": "DI", "tipo__descricao": "Di\u00e1rias e documentos relativos", "assunto": "Requerimento de concess\u00e3o de di\u00e1rias adiantadas Ruiter Silva Oliveira (2 de novembro a 05 de novembro)"}, {"id": "3919", "ano": "2021", "numero": "103", "tipo__sigla": "REV", "tipo__descricao": "Relat\u00f3rios de rodagem do ve\u00edculo e outros", "assunto": "Levar Funcion\u00e1ria Larissa para fazer cota\u00e7\u00f5es e buscar cota\u00e7\u00f5es"}, {"id": "2616", "ano": "2021", "numero": "104", "tipo__sigla": "OFEXP", "tipo__descricao": "Of\u00edcio Expedido", "assunto": "Solicita recomenda\u00e7\u00f5es ao juridico"}, {"id": "2815", "ano": "2021", "numero": "104", "tipo__sigla": "OR", "tipo__descricao": "OF\u00cdCIOS RECEBIDOS", "assunto": "Solicita que encaminhe um representante da C\u00e2mara (suplente) para compor o FUNDEB"}, {"id": "3170", "ano": "2021", "numero": "104", "tipo__sigla": "OCI", "tipo__descricao": "Of\u00edcios da Controladoria Interna", "assunto": "Devido \u00e0 iminente sa\u00edda de uma das servidoras desta C\u00e2mara Municipal, o setor de controle interno relembrou a diretoria acerca das disposi\u00e7\u00f5es previstas no art. 13 da Lei Nacional n\u00ba 8.429/1992, que versam sobre a apresenta\u00e7\u00e3o da declara\u00e7\u00e3o de bens e valores. De igual forma, o servidor que vier a substitu\u00ed-la dever\u00e1 apresentar o mesmo documento; visto que tal condi\u00e7\u00e3o \u00e9 exigida por lei para a assinatura do termo de posse. Em anexo a este of\u00edcio, a controladoria encaminhou dois modelos provis\u00f3rios, uma vez que \u2013 at\u00e9 o momento do protocolo \u2013 ainda n\u00e3o havia formul\u00e1rios definitivos para tal situa\u00e7\u00e3o, os quais estavam sendo elaborados juntamente a uma instru\u00e7\u00e3o normativa espec\u00edfica. Protocolo n\u00ba 1.579/2021."}, {"id": "3256", "ano": "2021", "numero": "104", "tipo__sigla": "OVC", "tipo__descricao": "Of\u00edcio de Vereador/Comiss\u00e3o", "assunto": "Solicita informa\u00e7\u00f5es a respeito acerca das an\u00e1lises da \u00e1gua fornecida pela COPASA do Munic\u00edpio de Santana da Vargem/Mg"}, {"id": "3673", "ano": "2021", "numero": "104", "tipo__sigla": "PARE", "tipo__descricao": "PARECER", "assunto": "Parecer Jur\u00eddico - Projeto de Lei Ordin\u00e1ria (Legislativo) n\u00ba 15 - Tem com o escopo dispor sobre a presta\u00e7\u00e3o de servi\u00e7os de psicologia e de servi\u00e7o social nas redes p\u00fablicas de educa\u00e7\u00e3o"}, {"id": "3815", "ano": "2021", "numero": "104", "tipo__sigla": "DI", "tipo__descricao": "Di\u00e1rias e documentos relativos", "assunto": "Requerimento de concess\u00e3o de di\u00e1rias ao motorista (Belo Horizonte 2 de novembro a 5 de novembro)"}, {"id": "3922", "ano": "2021", "numero": "104", "tipo__sigla": "REV", "tipo__descricao": "Relat\u00f3rios de rodagem do ve\u00edculo e outros", "assunto": "Levar funcion\u00e1ria Alanis para colher assinaturas do secret\u00e1rio Felip\u00e3o nas reda\u00e7\u00f5es finais de projeto, passar no s\u00edtio do vereador Waltinho e casa e sal\u00e3o do vereador Ronalthe todos para colher assinatura"}, {"id": "2618", "ano": "2021", "numero": "105", "tipo__sigla": "OFEXP", "tipo__descricao": "Of\u00edcio Expedido", "assunto": "Encaminha as indica\u00e7\u00f5es 012, 013, 014  e 015 feitas pelo vereador Ronalthe Dayglas Rocha"}, {"id": "2855", "ano": "2021", "numero": "105", "tipo__sigla": "OR", "tipo__descricao": "OF\u00cdCIOS RECEBIDOS", "assunto": "Em resposta ao parecer jur\u00eddico elaborado pelo procurador legislativo no projeto de lei 27/2021 encaminha e-mails trocados com o Estado de Minas e a planilha com todos os valores especificados"}, {"id": "3185", "ano": "2021", "numero": "105", "tipo__sigla": "OCI", "tipo__descricao": "Of\u00edcios da Controladoria Interna", "assunto": "Regulariza\u00e7\u00e3o dos registros de ponto eletr\u00f4nico dos servidores. Devido ao retorno regular das atividades presenciais nesta C\u00e2mara Municipal, a\r\ncontroladoria enviou of\u00edcio \u00e0 diretoria-geral orientando que a regulariza\u00e7\u00e3o dos registros de ponto eletr\u00f4nico dos servidores teria que ser vista como prioridade, caso ainda n\u00e3o tivesse sido conclu\u00edda at\u00e9 o momento. Protocolo n\u00ba 1.599/2021."}, {"id": "3310", "ano": "2021", "numero": "105", "tipo__sigla": "OVC", "tipo__descricao": "Of\u00edcio de Vereador/Comiss\u00e3o", "assunto": "Convoca  Reuni\u00e3o Ordin\u00e1ria da Comiss\u00e3o de  Finan\u00e7as e Or\u00e7amento"}, {"id": "3674", "ano": "2021", "numero": "105", "tipo__sigla": "PARE", "tipo__descricao": "PARECER", "assunto": "Parecer jur\u00eddico - Projeto de Lei Ordin\u00e1ria (Legislativo) n\u00ba 16 - Denomina\u00e7\u00e3o de Logradouro P\u00fablico - Laudomira Efig\u00eancia Sakika"}, {"id": "3828", "ano": "2021", "numero": "105", "tipo__sigla": "DI", "tipo__descricao": "Di\u00e1rias e documentos relativos", "assunto": "C\u00e1lculo de quantidades e de valores a pagar de di\u00e1rias Emerson Silva Ara\u00fajo (03/11/2021 a 05/11/2021)"}, {"id": "3956", "ano": "2021", "numero": "105", "tipo__sigla": "REV", "tipo__descricao": "Relat\u00f3rios de rodagem do ve\u00edculo e outros", "assunto": "Levar Diretora Kainne para buscar produtos na padaria"}, {"id": "2619", "ano": "2021", "numero": "106", "tipo__sigla": "OFEXP", "tipo__descricao": "Of\u00edcio Expedido", "assunto": "Encaminha a indica\u00e7\u00e3o 008 do vereador Vitor Donizetti Siqueira Junior"}, {"id": "2876", "ano": "2021", "numero": "106", "tipo__sigla": "OR", "tipo__descricao": "OF\u00cdCIOS RECEBIDOS", "assunto": "Resposta da prefeitura \u00e0s indica\u00e7\u00f5es 018, 019, 020, 021 do vereador Vitor Donizetti"}, {"id": "3196", "ano": "2021", "numero": "106", "tipo__sigla": "OCI", "tipo__descricao": "Of\u00edcios da Controladoria Interna", "assunto": "Formul\u00e1rio para pedidos de abono de n\u00e3o marca\u00e7\u00f5es de ponto eletr\u00f4nico. A controladoria encaminhou \u00e0 presid\u00eancia o formul\u00e1rio para pedidos de abono de n\u00e3o marca\u00e7\u00f5es de ponto eletr\u00f4nico, elaborado pelo setor. Foram enviadas \u2013 por correio eletr\u00f4nico \u2013 c\u00f3pias desta correspond\u00eancia oficial e do formul\u00e1rio (inclusive em m\u00eddia edit\u00e1vel) \u00e0 diretoria e aos demais setores da Casa Legislativa."}, {"id": "3341", "ano": "2021", "numero": "106", "tipo__sigla": "OVC", "tipo__descricao": "Of\u00edcio de Vereador/Comiss\u00e3o", "assunto": "Of\u00edcio 09/2021 - solicitar minha inscri\u00e7\u00e3o no curso: CPI, CASSA\u00c7\u00c3O DE MANDATO E SINDIC\u00c2NCIAS NO LEGISLATIVO MUNICIPAL,  que ser\u00e1 nos dias 24, 25, 26 e 27 de agosto de 2021"}, {"id": "3675", "ano": "2021", "numero": "106", "tipo__sigla": "PARE", "tipo__descricao": "PARECER", "assunto": "Parecer jur\u00eddico - Projeto de Lei Ordin\u00e1ria (Legislativo) n\u00ba 17 - Denomina\u00e7\u00e3o de Logradouro P\u00fablico \u2013 Bruno Tinano"}, {"id": "3829", "ano": "2021", "numero": "106", "tipo__sigla": "DI", "tipo__descricao": "Di\u00e1rias e documentos relativos", "assunto": "C\u00e1lculo de quantidade e de valores a pagar de di\u00e1rias Ruiter Silva de Oliveira"}, {"id": "3988", "ano": "2021", "numero": "106", "tipo__sigla": "REV", "tipo__descricao": "Relat\u00f3rios de rodagem do ve\u00edculo e outros", "assunto": "Levar vereadora Lia Ara\u00fajo para fazer curso OBS: analisar revis\u00e3o do carro troca de \u00f3leo, ultima viagem antes das f\u00e9rias"}, {"id": "2620", "ano": "2021", "numero": "107", "tipo__sigla": "OFEXP", "tipo__descricao": "Of\u00edcio Expedido", "assunto": "Encaminha indica\u00e7\u00e3o 057 do vereador Luiz Felipe Mendon\u00e7a Rodrigues"}, {"id": "2877", "ano": "2021", "numero": "107", "tipo__sigla": "OR", "tipo__descricao": "OF\u00cdCIOS RECEBIDOS", "assunto": "Resposta da prefeitura \u00e0s indica\u00e7\u00f5es 022, 023, 024, 025, 026, 027 e 028 do vereador Vitor Donizetti"}, {"id": "3199", "ano": "2021", "numero": "107", "tipo__sigla": "OCI", "tipo__descricao": "Of\u00edcios da Controladoria Interna", "assunto": "Retifica\u00e7\u00e3o de portaria e exame m\u00e9dico demissional de ex-servidora. A controladoria orientou a diretoria acerca de retifica\u00e7\u00e3o da Portaria n\u00ba 53/2021 (anexa ao of\u00edcio), emitida pela presid\u00eancia. No caput do art. 1\u00ba, alterar de \u201c16 de junho de 2021\u201d para \u201c16 de julho de 2021\u201d. Orientou-se ainda quanto \u00e0 anexa\u00e7\u00e3o do requerimento mencionado no par\u00e1grafo \u00fanico do art. 1\u00ba ao arquivo digitalizado da Portaria (Protocolo n\u00ba 1564/2021). Em consulta \u00e0 pasta funcional da ex-servidora em ep\u00edgrafe, Maria dos Santos Sebasti\u00e3o, n\u00e3o foi encontrada via do exame m\u00e9dico demissional, gentileza juntar aos demais arquivos. Foi enviada \u2013 por correio eletr\u00f4nico \u2013 c\u00f3pia desta correspond\u00eancia oficial \u00e0 presid\u00eancia, para fins de conhecimento. Protocolo n\u00ba 1617/2021."}, {"id": "3345", "ano": "2021", "numero": "107", "tipo__sigla": "OVC", "tipo__descricao": "Of\u00edcio de Vereador/Comiss\u00e3o", "assunto": "convoca Reuni\u00e3o da Comiss\u00e3o de  Legisla\u00e7\u00e3o, Justi\u00e7a e Reda\u00e7\u00e3o Final"}, {"id": "3676", "ano": "2021", "numero": "107", "tipo__sigla": "PARE", "tipo__descricao": "PARECER", "assunto": "Parecer jur\u00eddico - Projeto de Lei Ordin\u00e1ria (Legislativo) n\u00ba 18 - Denomina\u00e7\u00e3o de Logradouro P\u00fablico \u2013 Matheus Isac Rosa"}, {"id": "3835", "ano": "2021", "numero": "107", "tipo__sigla": "DI", "tipo__descricao": "Di\u00e1rias e documentos relativos", "assunto": "Processo completo ap\u00f3s An\u00e1lise da presta\u00e7\u00e3o de contas do recebimento de di\u00e1rias Ronalthe (Belo Horizonte 06/10/2021)"}, {"id": "4043", "ano": "2021", "numero": "107", "tipo__sigla": "REV", "tipo__descricao": "Relat\u00f3rios de rodagem do ve\u00edculo e outros", "assunto": "Viagem para Divin\u00f3polis para buscar as medalhas e t\u00edtulos para sess\u00e3o solene (Motorista M\u00e1rcio Henrique da Silva)"}, {"id": "2621", "ano": "2021", "numero": "108", "tipo__sigla": "OFEXP", "tipo__descricao": "Of\u00edcio Expedido", "assunto": "Encaminha a indica\u00e7\u00e3o 002 da autoria de Silmara Girlaine Hon\u00f3rio"}, {"id": "2878", "ano": "2021", "numero": "108", "tipo__sigla": "OR", "tipo__descricao": "OF\u00cdCIOS RECEBIDOS", "assunto": "Resposta da prefeitura \u00e0 indica\u00e7\u00e3o 003 da vereadora Silmara"}, {"id": "3203", "ano": "2021", "numero": "108", "tipo__sigla": "OCI", "tipo__descricao": "Of\u00edcios da Controladoria Interna", "assunto": "Solicitar informa\u00e7\u00e3o acerca de pagamento de DARF, realizado em 19 de fevereiro. A controladoria interna solicitou \u00e0 diretoria-geral, especifica\u00e7\u00e3o de que se refere o Documento de Arrecada\u00e7\u00e3o de Receitas Federais (DARF) de cujo pagamento foi realizado no \u00faltimo dia 19 de fevereiro. Este setor teve acesso \u00e0 documenta\u00e7\u00e3o do Of\u00edcio n\u00ba 66/2021 (Protocolo n\u00ba 364/2021), a qual foi enviada pelo Poder Executivo no dia 15 de fevereiro e segue anexa; todavia, era necess\u00e1rio saber \u2013 de forma detalhada \u2013 do que se trata, visto que a cobran\u00e7a vencia em 11 de novembro de 2020 e o principal era referente a setembro/2015. O prazo para a resposta formal (por of\u00edcio) era o dia 29 de julho, para que n\u00e3o fossem prejudicados os trabalhos da controladoria. Foi enviada \u2013 por correio eletr\u00f4nico \u2013 c\u00f3pia deste of\u00edcio e dos anexos \u00e0 presid\u00eancia, para fins de conhecimento."}, {"id": "3354", "ano": "2021", "numero": "108", "tipo__sigla": "OVC", "tipo__descricao": "Of\u00edcio de Vereador/Comiss\u00e3o", "assunto": "Solicita informa\u00e7\u00f5es sobre quem \u00e9 o respons\u00e1vel por fazer a limpeza dos bueiros"}, {"id": "3677", "ano": "2021", "numero": "108", "tipo__sigla": "PARE", "tipo__descricao": "PARECER", "assunto": "Parecer jur\u00eddico - Projeto de Lei Ordin\u00e1ria (Legislativo) n\u00ba 19 - Denomina\u00e7\u00e3o de Logradouro P\u00fablico \u2013 Dorvino Martins de Oliveira"}, {"id": "3836", "ano": "2021", "numero": "108", "tipo__sigla": "DI", "tipo__descricao": "Di\u00e1rias e documentos relativos", "assunto": "Processo completo ap\u00f3s An\u00e1lise da presta\u00e7\u00e3o de contas do recebimento de di\u00e1rias Felipe Tom\u00e9"}, {"id": "2626", "ano": "2021", "numero": "109", "tipo__sigla": "OFEXP", "tipo__descricao": "Of\u00edcio Expedido", "assunto": "Solicita informa\u00e7\u00f5es"}, {"id": "2879", "ano": "2021", "numero": "109", "tipo__sigla": "OR", "tipo__descricao": "OF\u00cdCIOS RECEBIDOS", "assunto": "Resposta da prefeitura \u00e0 indica\u00e7\u00e3o 073 do vereador Luiz Felipe"}, {"id": "3204", "ano": "2021", "numero": "109", "tipo__sigla": "OCI", "tipo__descricao": "Of\u00edcios da Controladoria Interna", "assunto": "Envio do Edital n\u00ba 01/2021 (Preg\u00e3o), ap\u00f3s o fim da etapa do parecer jur\u00eddico. A controladoria interna solicitou \u00e0 procuradoria jur\u00eddica o envio do processo referente ao Edital n\u00ba 01/2021 (Preg\u00e3o) ao setor, ap\u00f3s o fim da etapa do parecer jur\u00eddico. Foi enviada \u2013 por correio eletr\u00f4nico \u2013 c\u00f3pia deste of\u00edcio \u00e0 diretoria-geral, para fins de conhecimento."}, {"id": "3365", "ano": "2021", "numero": "109", "tipo__sigla": "OVC", "tipo__descricao": "Of\u00edcio de Vereador/Comiss\u00e3o", "assunto": "Justifica a aus\u00eancia na 29\u00aa Reuni\u00e3o Ordin\u00e1ria da ter\u00e7a feira 24 de agosto de 2021 pelo motivo de estar participando do curso CPI: Cassa\u00e7\u00e3o de Mandato e Sindic\u00e2ncias no Legislativo Municipal, 24, 25, 26 e 27 de agosto"}, {"id": "3678", "ano": "2021", "numero": "109", "tipo__sigla": "PARE", "tipo__descricao": "PARECER", "assunto": "Parecer jur\u00eddico - Projeto de Lei Ordin\u00e1ria (Legislativo) n\u00ba 20 - Denomina\u00e7\u00e3o de Logradouro P\u00fablico \u2013 Jos\u00e9 Joana"}, {"id": "3837", "ano": "2021", "numero": "109", "tipo__sigla": "DI", "tipo__descricao": "Di\u00e1rias e documentos relativos", "assunto": "Processo completo ap\u00f3s An\u00e1lise da presta\u00e7\u00e3o de contas do recebimento de di\u00e1rias Alessandra Dixini Ara\u00fajo (Belo Horizonte 29/09/2021)"}, {"id": "2632", "ano": "2021", "numero": "110", "tipo__sigla": "OFEXP", "tipo__descricao": "Of\u00edcio Expedido", "assunto": "Encaminha indica\u00e7\u00e3o 015 realizada pelo vereador Ezequiel da Silva"}, {"id": "2880", "ano": "2021", "numero": "110", "tipo__sigla": "OR", "tipo__descricao": "OF\u00cdCIOS RECEBIDOS", "assunto": "Resposta da prefeitura ao of\u00edcio 004 do vereador Luiz Felipe"}, {"id": "3219", "ano": "2021", "numero": "110", "tipo__sigla": "OCI", "tipo__descricao": "Of\u00edcios da Controladoria Interna", "assunto": "An\u00e1lise do processo licitat\u00f3rio referente ao Edital n\u00ba 01/2021 (Preg\u00e3o Presencial), enviada \u00e0 presid\u00eancia.  Ap\u00f3s o fim da etapa do parecer jur\u00eddico, a controladoria recebeu o processo licitat\u00f3rio referente ao Edital n\u00ba 01/2021 (Preg\u00e3o Presencial) para an\u00e1lise. Tal verifica\u00e7\u00e3o, a qual foi exposta neste of\u00edcio e em seus respectivos anexos, foi direcionada \u2013 principalmente \u2013 aos pre\u00e7os e \u00e0s quantidades; por\u00e9m, houve pondera\u00e7\u00f5es acerca de outros pontos, dignos de aten\u00e7\u00e3o (foram destacados 9 pontos). S\u00e3o anexos desta correspond\u00eancia oficial a planilha de compara\u00e7\u00e3o entre os valores vencedores e os valores encontrados no Banco de Pre\u00e7os do Tribunal de Contas do Estado de Minas Gerais, al\u00e9m dos respectivos comprovantes de busca. O conte\u00fado abordado complementa as disposi\u00e7\u00f5es dos Of\u00edcios n\u00ba 04, 13, 22, 67, 74, 77, 79, 80, 83, 95, 96 e 109/2021 (emitidos pela controladoria interna). Foram enviadas \u2013 por correio eletr\u00f4nico \u2013 c\u00f3pias desta correspond\u00eancia oficial e de seus anexos \u00e0 diretoria e \u00e0 procuradoria jur\u00eddica, para fins de conhecimento."}, {"id": "3419", "ano": "2021", "numero": "110", "tipo__sigla": "OVC", "tipo__descricao": "Of\u00edcio de Vereador/Comiss\u00e3o", "assunto": "Convoca reuni\u00e3o da Comiss\u00e3o de Finan\u00e7as e Or\u00e7amento (Dia 31 de agosto de 2021 \u00e0s 18:40 h)"}, {"id": "3679", "ano": "2021", "numero": "110", "tipo__sigla": "PARE", "tipo__descricao": "PARECER", "assunto": "Parecer jur\u00eddico - Projeto de Lei Ordin\u00e1ria (Legislativo) n\u00ba 21 - Denomina\u00e7\u00e3o de Logradouro P\u00fablico \u2013 D\u00e1rio Jos\u00e9 da Rocha"}, {"id": "3838", "ano": "2021", "numero": "110", "tipo__sigla": "DI", "tipo__descricao": "Di\u00e1rias e documentos relativos", "assunto": "Processo completo ap\u00f3s Processo completo ap\u00f3s An\u00e1lise da presta\u00e7\u00e3o de contas do recebimento de di\u00e1rias Luiz Felipe (Belo Horizonte 18/10/2021)"}, {"id": "2638", "ano": "2021", "numero": "111", "tipo__sigla": "OFEXP", "tipo__descricao": "Of\u00edcio Expedido", "assunto": "Encaminha reda\u00e7\u00e3o final do projeto de lei 16/2021 \u201cDisp\u00f5e sobre a cria\u00e7\u00e3o do Conselho Municipal de Acompanhamento e Controle Social do Fundo de Manuten\u00e7\u00e3o e Desenvolvimento da Educa\u00e7\u00e3o B\u00e1sica e de Valoriza\u00e7\u00e3o dos Profissionais da Educa\u00e7\u00e3o \u2013 CACS/ FUNDEB.\u201d."}, {"id": "2881", "ano": "2021", "numero": "111", "tipo__sigla": "OR", "tipo__descricao": "OF\u00cdCIOS RECEBIDOS", "assunto": "Resposta da prefeitura \u00e0s indica\u00e7\u00f5es 018 e 019 do vereador Ezequiel"}, {"id": "3229", "ano": "2021", "numero": "111", "tipo__sigla": "OCI", "tipo__descricao": "Of\u00edcios da Controladoria Interna", "assunto": "Prazo para envio do or\u00e7amento 2022 ao Poder Executivo Municipal. A controladoria interna relembrou a administra\u00e7\u00e3o da Casa que \u2013 de acordo com o art. 9\u00ba do Projeto de Lei de Diretrizes Or\u00e7ament\u00e1rias para 2022 \u2013 a C\u00e2mara tem at\u00e9 o dia 31 de julho para enviar sua proposta (anexa) ao setor de planejamento do Poder Executivo, para consolida\u00e7\u00e3o no or\u00e7amento do Munic\u00edpio. Foi enviada \u2013 por correio eletr\u00f4nico \u2013 c\u00f3pia deste of\u00edcio \u00e0 presid\u00eancia."}, {"id": "3420", "ano": "2021", "numero": "111", "tipo__sigla": "OVC", "tipo__descricao": "Of\u00edcio de Vereador/Comiss\u00e3o", "assunto": "Notifica ex-prefeito e comunica a disponibilidade para consulta da c\u00f3pia integral do Processo n\u00ba 1095110 do TCE-MG  (Julgamento de contas)"}, {"id": "3680", "ano": "2021", "numero": "111", "tipo__sigla": "PARE", "tipo__descricao": "PARECER", "assunto": "Parecer jur\u00eddico - Projeto de Lei Ordin\u00e1ria (Legislativo) n\u00ba 22 - 2021 - Denomina\u00e7\u00e3o de Logradouro P\u00fablico - Edina Vanilda Rezende."}, {"id": "3839", "ano": "2021", "numero": "111", "tipo__sigla": "DI", "tipo__descricao": "Di\u00e1rias e documentos relativos", "assunto": "Processo completo ap\u00f3s An\u00e1lise da presta\u00e7\u00e3o de contas do recebimento de di\u00e1rias Luiz Felipe (Belo Horizonte 06/10/2021)"}, {"id": "2639", "ano": "2021", "numero": "112", "tipo__sigla": "OFEXP", "tipo__descricao": "Of\u00edcio Expedido", "assunto": "Solicita informa\u00e7\u00f5es ao Sr. Silvio Cesar Miranda"}, {"id": "2882", "ano": "2021", "numero": "112", "tipo__sigla": "OR", "tipo__descricao": "OF\u00cdCIOS RECEBIDOS", "assunto": "Resposta da prefeitura \u00e0 indica\u00e7\u00e3o 005 da vereadora Lia"}, {"id": "3233", "ano": "2021", "numero": "112", "tipo__sigla": "OCI", "tipo__descricao": "Of\u00edcios da Controladoria Interna", "assunto": "Apresentar nova op\u00e7\u00e3o para descri\u00e7\u00f5es dos itens em processos de compra. Com a finalidade de aprimorar as descri\u00e7\u00f5es dos produtos e servi\u00e7os a serem oferecidos \u00e0 administra\u00e7\u00e3o p\u00fablica em seus respectivos procedimentos de compra, bem como de mitigar o risco da ocorr\u00eancia de sobrepre\u00e7o e \u2013 consequentemente \u2013 de superfaturamento, o controle interno apresentou \u00e0 diretoria o cat\u00e1logo de materiais e servi\u00e7os da \u201cBolsa Eletr\u00f4nica de Compras de S\u00e3o Paulo\u201d. Disponibilizaram-se os respectivos links para consultas a materiais e a servi\u00e7os e foram enviadas \u2013 por correio eletr\u00f4nico \u2013 c\u00f3pias do of\u00edcio \u00e0 presid\u00eancia, \u00e0 procuradoria jur\u00eddica e aos integrantes da comiss\u00e3o de licita\u00e7\u00e3o."}, {"id": "3421", "ano": "2021", "numero": "112", "tipo__sigla": "OVC", "tipo__descricao": "Of\u00edcio de Vereador/Comiss\u00e3o", "assunto": "Notifica prefeito e comunica a disponibilidade para consulta da c\u00f3pia integral do Processo n\u00ba 1095110 do TCE-MG  (Julgamento de contas exerc\u00edcio 2019)"}, {"id": "3681", "ano": "2021", "numero": "112", "tipo__sigla": "PARE", "tipo__descricao": "PARECER", "assunto": "Parecer jur\u00eddico - Projeto de Lei Ordin\u00e1ria (Legislativo) n\u00ba 24 - 2021 - Denomina\u00e7\u00e3o de Logradouro P\u00fablico - Natal Alaercio Sabatin."}, {"id": "3840", "ano": "2021", "numero": "112", "tipo__sigla": "DI", "tipo__descricao": "Di\u00e1rias e documentos relativos", "assunto": "Processo completo ap\u00f3s An\u00e1lise da presta\u00e7\u00e3o de contas do recebimento de di\u00e1rias Vitor Donizetti  (Belo Horizonte 06/10/2021)"}, {"id": "2641", "ano": "2021", "numero": "113", "tipo__sigla": "OFEXP", "tipo__descricao": "Of\u00edcio Expedido", "assunto": "Encaminha os dados do membro representante do legislativo no Conselho do FUNDEB"}, {"id": "2883", "ano": "2021", "numero": "113", "tipo__sigla": "OR", "tipo__descricao": "OF\u00cdCIOS RECEBIDOS", "assunto": "Resposta da prefeitura \u00e0s indica\u00e7\u00f5es 071 e 072 do vereador Luiz Felipe"}, {"id": "3241", "ano": "2021", "numero": "113", "tipo__sigla": "OCI", "tipo__descricao": "Of\u00edcios da Controladoria Interna", "assunto": "A controladoria solicitou \u00e0 diretoria-geral a gentileza de que fossem enviados os extratos da conta corrente e da respectiva aplica\u00e7\u00e3o financeira vinculada (referentes a julho/2021), ambos em nome desta C\u00e2mara Legislativa, ao e-mail do setor."}, {"id": "3467", "ano": "2021", "numero": "113", "tipo__sigla": "OVC", "tipo__descricao": "Of\u00edcio de Vereador/Comiss\u00e3o", "assunto": "Solicita informa\u00e7\u00f5es do prefeito municipal a respeito dos crit\u00e9rios adotados para a concess\u00e3o do aux\u00edlio transporte neste munic\u00edpio"}, {"id": "3682", "ano": "2021", "numero": "113", "tipo__sigla": "PARE", "tipo__descricao": "PARECER", "assunto": "Parecer jur\u00eddico - Projeto de Lei Ordin\u00e1ria (Legislativo) n\u00ba 25 - 2021 - Denomina\u00e7\u00e3o de Logradouro P\u00fablico \u2013 Antonio Pedro."}, {"id": "3841", "ano": "2021", "numero": "113", "tipo__sigla": "DI", "tipo__descricao": "Di\u00e1rias e documentos relativos", "assunto": "Processo completo ap\u00f3s An\u00e1lise da presta\u00e7\u00e3o de contas do recebimento de di\u00e1rias Ruiter Silva de Oliveira  (Belo Horizonte 29/09/2021)"}, {"id": "2645", "ano": "2021", "numero": "114", "tipo__sigla": "OFEXP", "tipo__descricao": "Of\u00edcio Expedido", "assunto": "DETERMINA\u00c7\u00c3O"}, {"id": "2884", "ano": "2021", "numero": "114", "tipo__sigla": "OR", "tipo__descricao": "OF\u00cdCIOS RECEBIDOS", "assunto": "Resposta da prefeitura ao of\u00edcio 143 da C\u00e2mara Municipal"}, {"id": "3257", "ano": "2021", "numero": "114", "tipo__sigla": "OCI", "tipo__descricao": "Of\u00edcios da Controladoria Interna", "assunto": "Nova vers\u00e3o do checklist para orientar os procedimentos de Preg\u00e3o Presencial. A controladoria interna levou ao conhecimento da presid\u00eancia a nova vers\u00e3o (anexa ao of\u00edcio) do checklist para orientar os procedimentos licitat\u00f3rios de modalidade Preg\u00e3o Presencial. A finalidade de tal documento \u00e9 substituir a vers\u00e3o antecedente, apresentada por este setor no dia 14 de abril de 2021, a qual n\u00e3o previa a realiza\u00e7\u00e3o de pesquisas de pre\u00e7os (regulamentadas somente por meio da Instru\u00e7\u00e3o Normativa n\u00ba 01, de 11 de maio de 2021). Foram enviadas \u2013 por correio eletr\u00f4nico \u2013 c\u00f3pias deste of\u00edcio e do checklist anexo \u00e0 diretoria-geral e \u00e0 procuradoria jur\u00eddica, para fins de conhecimento."}, {"id": "3468", "ano": "2021", "numero": "114", "tipo__sigla": "OVC", "tipo__descricao": "Of\u00edcio de Vereador/Comiss\u00e3o", "assunto": "Solicita informa\u00e7\u00f5es do prefeito a respeito da  processo administrativo afim de apurar poss\u00edveis pagamentos adicionais salariais a professores do magist\u00e9rio"}, {"id": "3683", "ano": "2021", "numero": "114", "tipo__sigla": "PARE", "tipo__descricao": "PARECER", "assunto": "Parecer jur\u00eddico - Projeto de Lei Ordin\u00e1ria (Legislativo) n\u00ba 26 - 2021 - Denomina\u00e7\u00e3o de Logradouro P\u00fablico \u2013 Jorge Cust\u00f3dio da Silva \u2013 \u201cJorge do Tininho\u201d."}, {"id": "3842", "ano": "2021", "numero": "114", "tipo__sigla": "DI", "tipo__descricao": "Di\u00e1rias e documentos relativos", "assunto": "Processo completo ap\u00f3s An\u00e1lise da presta\u00e7\u00e3o de contas do recebimento de di\u00e1rias Carlos C\u00e9zar  (Belo Horizonte 06/10/2021)"}, {"id": "2647", "ano": "2021", "numero": "115", "tipo__sigla": "OFEXP", "tipo__descricao": "Of\u00edcio Expedido", "assunto": "Encaminha c\u00f3pia da Reda\u00e7\u00e3o Final do Projeto de Lei Ordin\u00e1ria n\u00b019/2021 que \u201cCria o Conselho Municipal de Turismo, o Fundo Municipal de Turismo e d\u00e1 outras provid\u00eancias \u201d"}, {"id": "2885", "ano": "2021", "numero": "115", "tipo__sigla": "OR", "tipo__descricao": "OF\u00cdCIOS RECEBIDOS", "assunto": "Resposta da prefeitura ao of\u00edcio 138 da C\u00e2mara Municipal"}, {"id": "3258", "ano": "2021", "numero": "115", "tipo__sigla": "OCI", "tipo__descricao": "Of\u00edcios da Controladoria Interna", "assunto": "Requerimento de exonera\u00e7\u00e3o de cargo p\u00fablico (Daniel de Castro Casagrande), a partir do dia 3 de agosto de 2021. Foi enviada \u2013 por correio eletr\u00f4nico \u2013 uma c\u00f3pia deste of\u00edcio \u00e0 diretoria, para fins de conhecimento e tomada de provid\u00eancias administrativas."}, {"id": "3469", "ano": "2021", "numero": "115", "tipo__sigla": "OVC", "tipo__descricao": "Of\u00edcio de Vereador/Comiss\u00e3o", "assunto": "Solicita abertura de processo administrativo para manuten\u00e7\u00e3o de bebedouros de \u00e1gua da C\u00e2mara Municipal de Santana da Vargem"}, {"id": "3684", "ano": "2021", "numero": "115", "tipo__sigla": "PARE", "tipo__descricao": "PARECER", "assunto": "Parecer jur\u00eddico - Projeto de Lei Ordin\u00e1ria (Legislativo) n\u00ba 27 - 2021 - Denomina\u00e7\u00e3o de Logradouro P\u00fablico \u2013 Jorge Cust\u00f3dio da Silva \u2013 \u201cTi L\u00f3i\u201d."}, {"id": "3843", "ano": "2021", "numero": "115", "tipo__sigla": "DI", "tipo__descricao": "Di\u00e1rias e documentos relativos", "assunto": "Processo completo ap\u00f3s An\u00e1lise da presta\u00e7\u00e3o de contas do recebimento de di\u00e1rias Carlos Cezar Ribeiro  (Belo Horizonte 14/09/2021)"}, {"id": "2648", "ano": "2021", "numero": "116", "tipo__sigla": "OFEXP", "tipo__descricao": "Of\u00edcio Expedido", "assunto": "Encaminha c\u00f3pia do Processo Licitat\u00f3rio 001/2015 (Preg\u00e3o), que teve como objetivo a aquisi\u00e7\u00e3o de ve\u00edculo automotor, conforme solicitado."}, {"id": "2886", "ano": "2021", "numero": "116", "tipo__sigla": "OR", "tipo__descricao": "OF\u00cdCIOS RECEBIDOS", "assunto": "Encaminha os balancetes de Receitas e Despesas da prefeitura municipal referentes ao m\u00eas de abril de 2021"}, {"id": "3355", "ano": "2021", "numero": "116", "tipo__sigla": "OCI", "tipo__descricao": "Of\u00edcios da Controladoria Interna", "assunto": "Restitui\u00e7\u00e3o de di\u00e1rias recebidas em excesso vereador Vitor Donizetti Siqueira Junior"}, {"id": "3470", "ano": "2021", "numero": "116", "tipo__sigla": "OVC", "tipo__descricao": "Of\u00edcio de Vereador/Comiss\u00e3o", "assunto": "Solicita abertura de processo administrativo para contrata\u00e7\u00e3o de servi\u00e7os de manuten\u00e7\u00e3o dos equipamentos de som da C\u00e2mara Municipal de Santana da Vargem"}, {"id": "3685", "ano": "2021", "numero": "116", "tipo__sigla": "PARE", "tipo__descricao": "PARECER", "assunto": "Parecer jur\u00eddico - Projeto de Lei Ordin\u00e1ria (Legislativo) n\u00ba 32 - 2021 - Denomina\u00e7\u00e3o de Logradouro P\u00fablico \u2013 M\u00e1rio Pereira."}, {"id": "3844", "ano": "2021", "numero": "116", "tipo__sigla": "DI", "tipo__descricao": "Di\u00e1rias e documentos relativos", "assunto": "Processo completo ap\u00f3s An\u00e1lise da presta\u00e7\u00e3o de contas do recebimento de di\u00e1rias Vitor Junior  (Belo Horizonte 14/09/2021)"}, {"id": "2651", "ano": "2021", "numero": "117", "tipo__sigla": "OFEXP", "tipo__descricao": "Of\u00edcio Expedido", "assunto": "Encaminha as indica\u00e7\u00f5es 057, 058, 059, 060, 061, 062 e 063 realizadas pelo vereador Luiz Felipe Mendon\u00e7a Rodrigues"}, {"id": "2891", "ano": "2021", "numero": "117", "tipo__sigla": "OR", "tipo__descricao": "OF\u00cdCIOS RECEBIDOS", "assunto": "Solicita apoio no sentido de obter aux\u00edlio e interven\u00e7\u00e3o de Deputados aliados na cria\u00e7\u00e3o de projeto de lei que estabele\u00e7a obrigatoriedade de pagamento do uso e ocupa\u00e7\u00e3o do solo pela CEMIG"}, {"id": "3378", "ano": "2021", "numero": "117", "tipo__sigla": "OCI", "tipo__descricao": "Of\u00edcios da Controladoria Interna", "assunto": "Informa o protocolo de movimenta\u00e7\u00f5es da conta banc\u00e1ria de titularidade da C\u00e2mara referentes ao m\u00eas de julho (na aba Documentos Diversos) e solicita a publica\u00e7\u00e3o destes documentos no site institucional desta casa legislativa"}, {"id": "3471", "ano": "2021", "numero": "117", "tipo__sigla": "OVC", "tipo__descricao": "Of\u00edcio de Vereador/Comiss\u00e3o", "assunto": "Solicita abertura de processo administrativo para reforma do plen\u00e1rio da C\u00e2mara Municipal de Santana da Vargem"}, {"id": "3686", "ano": "2021", "numero": "117", "tipo__sigla": "PARE", "tipo__descricao": "PARECER", "assunto": "Parecer jur\u00eddico - Projeto de Lei Ordin\u00e1ria n\u00ba 23 - 2021 - Cria a Semana da Sa\u00fade e do Esporte no Munic\u00edpio."}, {"id": "3845", "ano": "2021", "numero": "117", "tipo__sigla": "DI", "tipo__descricao": "Di\u00e1rias e documentos relativos", "assunto": "Concess\u00e3o de di\u00e1rias ao motorista Belo Horizonte 06/10/2021"}, {"id": "2653", "ano": "2021", "numero": "118", "tipo__sigla": "OFEXP", "tipo__descricao": "Of\u00edcio Expedido", "assunto": "Encaminha a indica\u00e7\u00e3o 003 realizada pela vereadora Maria Aparecida de Ara\u00fajo Reis"}, {"id": "2923", "ano": "2021", "numero": "118", "tipo__sigla": "OR", "tipo__descricao": "OF\u00cdCIOS RECEBIDOS", "assunto": "Encaminha sugest\u00e3o a C\u00e2mara projeto de lei complementar 05/2021"}, {"id": "3400", "ano": "2021", "numero": "118", "tipo__sigla": "OCI", "tipo__descricao": "Of\u00edcios da Controladoria Interna", "assunto": "Of\u00edcio 003/2021 Controladoria Interna: Prioridades quanto aos procedimentos licitat\u00f3rios"}, {"id": "3472", "ano": "2021", "numero": "118", "tipo__sigla": "OVC", "tipo__descricao": "Of\u00edcio de Vereador/Comiss\u00e3o", "assunto": "Convoca reuni\u00e3o da comiss\u00e3o de finan\u00e7as e or\u00e7amento no dia 09 de setembro de 2021 as 18:00h"}, {"id": "3687", "ano": "2021", "numero": "118", "tipo__sigla": "PARE", "tipo__descricao": "PARECER", "assunto": "Parecer jur\u00eddico - Projeto de Lei Ordin\u00e1ria (Legislativo) n\u00ba 29 - Institui a Semana de conscientiza\u00e7\u00e3o, preven\u00e7\u00e3o e combate ao suic\u00eddio."}, {"id": "3846", "ano": "2021", "numero": "118", "tipo__sigla": "DI", "tipo__descricao": "Di\u00e1rias e documentos relativos", "assunto": "Concess\u00e3o de di\u00e1rias ao motorista Belo Horizonte 29/09/2021 Emerson"}, {"id": "2667", "ano": "2021", "numero": "119", "tipo__sigla": "OFEXP", "tipo__descricao": "Of\u00edcio Expedido", "assunto": "Solicitar PARECER CONT\u00c1BIL a respeito do Projeto de Lei Ordin\u00e1ria n\u00ba 23 do ano de 2021, que \u201cAutoriza a cria\u00e7\u00e3o de sub-elemento de despesa na Lei n\u00ba 1.532, de 16 de novembro de 2020 (Estima receita e fixa despesas do munic\u00edpio de Santana da Vargem - MG para o exerc\u00edcio financeiro de 2021) e d\u00e1 outras providencias\u201d"}, {"id": "2944", "ano": "2021", "numero": "119", "tipo__sigla": "OR", "tipo__descricao": "OF\u00cdCIOS RECEBIDOS", "assunto": "Of\u00edcio 197/2021 da prefeitura em resposta ao of\u00edcio 003/2021 do vereador Jackson Luiz Ven\u00e2ncio"}, {"id": "3448", "ano": "2021", "numero": "119", "tipo__sigla": "OCI", "tipo__descricao": "Of\u00edcios da Controladoria Interna", "assunto": "Documentos protocolados no Sistema de Apoio ao Processo Legislativo  (SAPL)"}, {"id": "3479", "ano": "2021", "numero": "119", "tipo__sigla": "OVC", "tipo__descricao": "Of\u00edcio de Vereador/Comiss\u00e3o", "assunto": "Solicita inscri\u00e7\u00e3o no curso \"338\u00ba Curso de capacita\u00e7\u00e3o para vereadores, prefeitos, vice prefeito, secret\u00e1rios municipais, gestores, assessores e servidores p\u00fablicos- Lei anticorrup\u00e7\u00e3o e a efic\u00e1cia das comiss\u00f5es parlamentares de inqu\u00e9rito no \u00e2mbito municipal\" nos dias 14, 15, 16 e 17 de setembro"}, {"id": "3688", "ano": "2021", "numero": "119", "tipo__sigla": "PARE", "tipo__descricao": "PARECER", "assunto": "Parecer jur\u00eddico - Projeto de Lei Ordin\u00e1ria (Legislativo) n\u00ba 30 - 2021 - Institui a semana de conscientiza\u00e7\u00e3o, preven\u00e7\u00e3o e combate \u00e0 viol\u00eancia contra a mulher."}, {"id": "3851", "ano": "2021", "numero": "119", "tipo__sigla": "DI", "tipo__descricao": "Di\u00e1rias e documentos relativos", "assunto": "Relat\u00f3rio de viagem Maria Aparecida de Ara\u00fajo Reis (Belo Horizonte 27/10/2021 a 29/10/2021)"}, {"id": "2681", "ano": "2021", "numero": "120", "tipo__sigla": "OFEXP", "tipo__descricao": "Of\u00edcio Expedido", "assunto": "Encaminha para publica\u00e7\u00e3o no di\u00e1rio oficial extrato de inexigibilidade 06/2021"}, {"id": "2945", "ano": "2021", "numero": "120", "tipo__sigla": "OR", "tipo__descricao": "OF\u00cdCIOS RECEBIDOS", "assunto": "Of\u00edcio 199/2021 da prefeitura em resposta ao of\u00edcio 003/2021 da Comiss\u00e3o de Educa\u00e7\u00e3o, Sa\u00fade e Assist\u00eancia Social"}, {"id": "3452", "ano": "2021", "numero": "120", "tipo__sigla": "OCI", "tipo__descricao": "Of\u00edcios da Controladoria Interna", "assunto": "Informa\u00e7\u00f5es a respeito da carga hor\u00e1ria dos servidores"}, {"id": "3488", "ano": "2021", "numero": "120", "tipo__sigla": "OVC", "tipo__descricao": "Of\u00edcio de Vereador/Comiss\u00e3o", "assunto": "Solicita inscri\u00e7\u00e3o no curso : 338\u00ba Curso de capacita\u00e7\u00e3o para vereadores, prefeitos, vice prefeito, secret\u00e1rios municipais, gestores, assessores e servidores"}, {"id": "3689", "ano": "2021", "numero": "120", "tipo__sigla": "PARE", "tipo__descricao": "PARECER", "assunto": "Parecer jur\u00eddico - Projeto de Lei Ordin\u00e1ria (Legislativo) n\u00ba 31 - 2021 - Odontologia na escola."}, {"id": "3865", "ano": "2021", "numero": "120", "tipo__sigla": "DI", "tipo__descricao": "Di\u00e1rias e documentos relativos", "assunto": "Requerimento de concess\u00e3o de di\u00e1rias adiantadas Vitor Donizetti Siqueira Junior (Belo Horizonte- 09/11/2021 a 12/11/2021)"}, {"id": "2683", "ano": "2021", "numero": "121", "tipo__sigla": "OFEXP", "tipo__descricao": "Of\u00edcio Expedido", "assunto": "Responde Of\u00edcio 049/20213\u00aaPJ-TP"}, {"id": "2946", "ano": "2021", "numero": "121", "tipo__sigla": "OR", "tipo__descricao": "OF\u00cdCIOS RECEBIDOS", "assunto": "Of\u00edcio 200/2021 da prefeitura em reposta \u00e0s indica\u00e7\u00f5es 029, 030, 031 do vereador Vitor"}, {"id": "3453", "ano": "2021", "numero": "121", "tipo__sigla": "OCI", "tipo__descricao": "Of\u00edcios da Controladoria Interna", "assunto": "Solicita aquisi\u00e7\u00e3o de curso \"Combo Imers\u00e3o em Legislativo Municipal\""}, {"id": "3540", "ano": "2021", "numero": "121", "tipo__sigla": "OVC", "tipo__descricao": "Of\u00edcio de Vereador/Comiss\u00e3o", "assunto": "Solicita o desconto dos vencimento no valor de R$1.508,94 (mil quinhentos e oito reais e noventa e quatro centavos)"}, {"id": "3690", "ano": "2021", "numero": "121", "tipo__sigla": "PARE", "tipo__descricao": "PARECER", "assunto": "Parecer jur\u00eddico - Projeto de Lei Ordin\u00e1ria (Legislativo) n\u00ba 33 - 2021 -Institui a pol\u00edtica municipal de linguagem simples nos \u00f3rg\u00e3os p\u00fablicos municipais."}, {"id": "3869", "ano": "2021", "numero": "121", "tipo__sigla": "DI", "tipo__descricao": "Di\u00e1rias e documentos relativos", "assunto": "Relat\u00f3rio de viagem Kainne Delfino Joanas (Caraguatatuba- SP 25/10/2021 - 26/10/2021)"}, {"id": "2685", "ano": "2021", "numero": "122", "tipo__sigla": "OFEXP", "tipo__descricao": "Of\u00edcio Expedido", "assunto": "Responde Of\u00edcio148/2021 advindo do Executivo"}, {"id": "2947", "ano": "2021", "numero": "122", "tipo__sigla": "OR", "tipo__descricao": "OF\u00cdCIOS RECEBIDOS", "assunto": "Of\u00edcio 201/2021 da prefeitura em resposta \u00e0s indica\u00e7\u00f5es 074 e 075 do vereador Luiz Felipe"}, {"id": "3527", "ano": "2021", "numero": "122", "tipo__sigla": "OCI", "tipo__descricao": "Of\u00edcios da Controladoria Interna", "assunto": "Novos formul\u00e1rios para auxiliar no processo licitat\u00f3rio (solicita\u00e7\u00e3o de dota\u00e7\u00e3o or\u00e7ament\u00e1ria/ reserva de dota\u00e7\u00e3o)"}, {"id": "3541", "ano": "2021", "numero": "122", "tipo__sigla": "OVC", "tipo__descricao": "Of\u00edcio de Vereador/Comiss\u00e3o", "assunto": "Convoca Reuni\u00e3o da Comiss\u00e3o de Obras Servi\u00e7os P\u00fablicos, Agroind\u00fastria, Com\u00e9rcio e Turismo"}, {"id": "3691", "ano": "2021", "numero": "122", "tipo__sigla": "PARE", "tipo__descricao": "PARECER", "assunto": "Parecer Jur\u00eddico - Dispensa - Ar Condicionado."}, {"id": "3871", "ano": "2021", "numero": "122", "tipo__sigla": "DI", "tipo__descricao": "Di\u00e1rias e documentos relativos", "assunto": "Requerimento de concess\u00e3o de di\u00e1rias adiantadas Jackson Luiz Ven\u00e2ncio de Souza (Belo Horizonte 09/11/2021 a 12/11/2021)"}, {"id": "2689", "ano": "2021", "numero": "123", "tipo__sigla": "OFEXP", "tipo__descricao": "Of\u00edcio Expedido", "assunto": "Resposta ao of\u00edcio n\u00ba 127/2021/3\u00aaPJ-TP"}, {"id": "2948", "ano": "2021", "numero": "123", "tipo__sigla": "OR", "tipo__descricao": "OF\u00cdCIOS RECEBIDOS", "assunto": "Of\u00edcio 201/2021 da prefeitura em resposta \u00e0s indica\u00e7\u00f5es 20 e 21 do vereador Ezequiel"}, {"id": "3532", "ano": "2021", "numero": "123", "tipo__sigla": "OCI", "tipo__descricao": "Of\u00edcios da Controladoria Interna", "assunto": "Anexos retificados para instru\u00e7\u00e3o normativa 01-2021 (formul\u00e1rio de cota\u00e7\u00e3o de pre\u00e7os- altera\u00e7\u00e3o)"}, {"id": "3547", "ano": "2021", "numero": "123", "tipo__sigla": "OVC", "tipo__descricao": "Of\u00edcio de Vereador/Comiss\u00e3o", "assunto": "Encaminha proposi\u00e7\u00e3o de projeto de lei para aumento do aux\u00edlio-alimenta\u00e7\u00e3o dos servidores desta Casa Legislativa"}, {"id": "3746", "ano": "2021", "numero": "123", "tipo__sigla": "PARE", "tipo__descricao": "PARECER", "assunto": "Parecer Jur\u00eddico - Projeto de Lei Ordin\u00e1ria n\u00ba 50 - 2021 - Cria o suprimento de fundos no munic\u00edpio de Santana da Vargem - MG."}, {"id": "3873", "ano": "2021", "numero": "123", "tipo__sigla": "DI", "tipo__descricao": "Di\u00e1rias e documentos relativos", "assunto": "Requerimento de concess\u00e3o de di\u00e1rias ao motorista (Belo Horizonte 09/11/2021 a 12/11/2021)"}, {"id": "2691", "ano": "2021", "numero": "124", "tipo__sigla": "OFEXP", "tipo__descricao": "Of\u00edcio Expedido", "assunto": "Encaminha indica\u00e7\u00e3o 004 vereadora Lia"}, {"id": "2949", "ano": "2021", "numero": "124", "tipo__sigla": "OR", "tipo__descricao": "OF\u00cdCIOS RECEBIDOS", "assunto": "Of\u00edcio 203/2021 da prefeitura em resposta ao of\u00edcio 003/2021 do vereador Ronalthe"}, {"id": "3561", "ano": "2021", "numero": "124", "tipo__sigla": "OVC", "tipo__descricao": "Of\u00edcio de Vereador/Comiss\u00e3o", "assunto": "Provid\u00eancias em caso de falta de \u00e1gua- COPASA"}, {"id": "3610", "ano": "2021", "numero": "124", "tipo__sigla": "OCI", "tipo__descricao": "Of\u00edcios da Controladoria Interna", "assunto": "Consulta sobre a abrang\u00eancia de normas sobre intervalo intrajornada"}, {"id": "3780", "ano": "2021", "numero": "124", "tipo__sigla": "PARE", "tipo__descricao": "PARECER", "assunto": "Parecer Jur\u00eddico - Licita\u00e7\u00e3o - Preg\u00e3o - Registro de Pre\u00e7o - Produtos de Panifica\u00e7\u00e3o, Leite e Derivados - Deserta."}, {"id": "3877", "ano": "2021", "numero": "124", "tipo__sigla": "DI", "tipo__descricao": "Di\u00e1rias e documentos relativos", "assunto": "C\u00e1lculo de quantidade e de valores a pagar de di\u00e1rias ao motorista Emerson Silva Araujo - viagem a Belo Horizonte - MG (09/11/2021 a 12/11/2021)"}, {"id": "2696", "ano": "2021", "numero": "125", "tipo__sigla": "OFEXP", "tipo__descricao": "Of\u00edcio Expedido", "assunto": "Responde Of\u00edcio 41/2021 do setor contabil"}, {"id": "2950", "ano": "2021", "numero": "125", "tipo__sigla": "OR", "tipo__descricao": "OF\u00cdCIOS RECEBIDOS", "assunto": "Of\u00edcio 204/2021 da prefeitura em resposta \u00e0 indica\u00e7\u00e3o 022 do vereador Ezequiel"}, {"id": "3593", "ano": "2021", "numero": "125", "tipo__sigla": "OVC", "tipo__descricao": "Of\u00edcio de Vereador/Comiss\u00e3o", "assunto": "Requer copia dos contratos celebrados entre a prefeitura e a empresa Pilares constru\u00e7\u00f5es e solu\u00e7\u00f5es LTDA para a reforma do pr\u00e9dio do Pa\u00e7o Municipal e da Rodovi\u00e1ria Municipal"}, {"id": "3611", "ano": "2021", "numero": "125", "tipo__sigla": "OCI", "tipo__descricao": "Of\u00edcios da Controladoria Interna", "assunto": "Extratos de conta da conta corrente e de aplica\u00e7\u00e3o financeira (setembro/2021)"}, {"id": "3785", "ano": "2021", "numero": "125", "tipo__sigla": "PARE", "tipo__descricao": "PARECER", "assunto": "Parecer Jur\u00eddico - Projeto de Lei Ordin\u00e1ria n\u00ba 60 do ano de 2021, Abertura de cr\u00e9dito adicional especial por excesso de arrecada\u00e7\u00e3o e por anula\u00e7\u00e3o de dota\u00e7\u00e3o or\u00e7ament\u00e1ria \u2013 Conv\u00eanio n\u00ba 1491000043/2021. R$ 112.000,00 (cento e doze mil reais)"}, {"id": "3878", "ano": "2021", "numero": "125", "tipo__sigla": "DI", "tipo__descricao": "Di\u00e1rias e documentos relativos", "assunto": "C\u00e1lculo de quantidade e de valores a pagar de di\u00e1rias ao Vereador Vitor Donizetti Siqueira Junior - viagem a Belo Horizonte - MG (09/11/2021 a 12/11/2021)"}, {"id": "2700", "ano": "2021", "numero": "126", "tipo__sigla": "OFEXP", "tipo__descricao": "Of\u00edcio Expedido", "assunto": "Encaminhamento de reda\u00e7\u00e3o final e c\u00f3pia dos Projetos de Lei aprovados na 5\u00aa reuni\u00e3o extraordin\u00e1ria de 2021"}, {"id": "2951", "ano": "2021", "numero": "126", "tipo__sigla": "OR", "tipo__descricao": "OF\u00cdCIOS RECEBIDOS", "assunto": "Of\u00edcio 206/2021 prefeitura em resposta \u00e0s indica\u00e7\u00f5es 032 e 033 do vereador Vitor"}, {"id": "3594", "ano": "2021", "numero": "126", "tipo__sigla": "OVC", "tipo__descricao": "Of\u00edcio de Vereador/Comiss\u00e3o", "assunto": "Solicita informa\u00e7\u00f5es a respeito do total de alunos na rede p\u00fablica de ensino deste munic\u00edpio de Santana da Vargem"}, {"id": "3665", "ano": "2021", "numero": "126", "tipo__sigla": "OCI", "tipo__descricao": "Of\u00edcios da Controladoria Interna", "assunto": "Documentos protocolados no Sistema de Apoio ao Processo Legislativo (SAPL)"}, {"id": "3786", "ano": "2021", "numero": "126", "tipo__sigla": "PARE", "tipo__descricao": "PARECER", "assunto": "Parecer jur\u00eddico -Projeto de Resolu\u00e7\u00e3o n\u00ba 01 do ano de 2021 - Altera o art. 130 do regimento interno da C\u00e2mara. Dia da realiza\u00e7\u00e3o das Sess\u00f5es Ordin\u00e1rias."}, {"id": "3879", "ano": "2021", "numero": "126", "tipo__sigla": "DI", "tipo__descricao": "Di\u00e1rias e documentos relativos", "assunto": "C\u00e1lculo de quantidade e de valores a pagar de di\u00e1rias ao Vereador Jackson Luiz Venancio de Souza - viagem a Belo Horizonte - MG (09/11/2021 a 12/11/2021)"}, {"id": "2703", "ano": "2021", "numero": "127", "tipo__sigla": "OFEXP", "tipo__descricao": "Of\u00edcio Expedido", "assunto": "Encaminha of\u00edcio 042/2021 da contadoria legislativa  para Prefeitura Municipal de Santana da Vargem"}, {"id": "2953", "ano": "2021", "numero": "127", "tipo__sigla": "OR", "tipo__descricao": "OF\u00cdCIOS RECEBIDOS", "assunto": "Of\u00edcio 207/2021 prefeitura em resposta \u00e0s indica\u00e7\u00f5es 016 e 033 do vereador Ronalthe"}, {"id": "3599", "ano": "2021", "numero": "127", "tipo__sigla": "OVC", "tipo__descricao": "Of\u00edcio de Vereador/Comiss\u00e3o", "assunto": "Solicita inscri\u00e7\u00e3o no curso : Introdu\u00e7\u00e3o ao or\u00e7amento p\u00fablico e execu\u00e7\u00e3o de emenda parlamentar ao projeto de lei or\u00e7ament\u00e1ria anual"}, {"id": "3712", "ano": "2021", "numero": "127", "tipo__sigla": "OCI", "tipo__descricao": "Of\u00edcios da Controladoria Interna", "assunto": "Requer abertura de um processo administrativo para aquisi\u00e7\u00e3o de uma consultoria para o setor de controladoria interna"}, {"id": "3799", "ano": "2021", "numero": "127", "tipo__sigla": "PARE", "tipo__descricao": "PARECER", "assunto": "Parecer Jur\u00eddico - Projeto de Lei Ordin\u00e1ria n\u00ba 61 - Abertura de Cr\u00e9dito Adicional Suplementar -  Conv\u00eanio n\u00ba 82/2021 \u2013 Pol\u00edcia Militar - R$ 10.932,00 (dez mil novecentos e trinta e dois reais)"}, {"id": "3904", "ano": "2021", "numero": "127", "tipo__sigla": "DI", "tipo__descricao": "Di\u00e1rias e documentos relativos", "assunto": "Relat\u00f3rio de viagem Ruiter Silva de Oliveira (Belo Horizonte - 03/11/2021 a 05/11/2021)"}, {"id": "2704", "ano": "2021", "numero": "128", "tipo__sigla": "OFEXP", "tipo__descricao": "Of\u00edcio Expedido", "assunto": "Encaminha indica\u00e7\u00f5es 065, 066, 067 e 068 feitas pelo vereador Felip\u00e3o"}, {"id": "2954", "ano": "2021", "numero": "128", "tipo__sigla": "OR", "tipo__descricao": "OF\u00cdCIOS RECEBIDOS", "assunto": "Of\u00edcio 2008/2021 da prefeitura em resposta \u00e0 indica\u00e7\u00e3o 002/2021 do vereador Waltinho"}, {"id": "3602", "ano": "2021", "numero": "128", "tipo__sigla": "OVC", "tipo__descricao": "Of\u00edcio de Vereador/Comiss\u00e3o", "assunto": "Solicita inscri\u00e7\u00e3o no curso: Introdu\u00e7\u00e3o ao or\u00e7amento p\u00fablico e execu\u00e7\u00e3o de emenda parlamentar ao projeto de lei or\u00e7ament\u00e1ria anual"}, {"id": "3822", "ano": "2021", "numero": "128", "tipo__sigla": "PARE", "tipo__descricao": "PARECER", "assunto": "Parecer Jur\u00eddico - Inexigibilidade - Curso - Vereador - A import\u00e2ncia da lei de responsabilidade fiscal e o impacto dos seus princ\u00edpios na gest\u00e3o municipal."}, {"id": "3824", "ano": "2021", "numero": "128", "tipo__sigla": "OCI", "tipo__descricao": "Of\u00edcios da Controladoria Interna", "assunto": "Solicita encaminhamento de extratos de conta corrente e de aplica\u00e7\u00e3o financeira (outubro 2021)"}, {"id": "3905", "ano": "2021", "numero": "128", "tipo__sigla": "DI", "tipo__descricao": "Di\u00e1rias e documentos relativos", "assunto": "An\u00e1lise de presta\u00e7\u00e3o de contas do recebimento de di\u00e1rias, Ruiter Silva de Oliveira (Belo Horizonte- 03/11/2021 )"}, {"id": "2705", "ano": "2021", "numero": "129", "tipo__sigla": "OFEXP", "tipo__descricao": "Of\u00edcio Expedido", "assunto": "Encaminha indica\u00e7\u00f5es 009, 010, 011 e 012 realizadas pelo vereador Vitor Donizetti Siqueira Junior"}, {"id": "2971", "ano": "2021", "numero": "129", "tipo__sigla": "OR", "tipo__descricao": "OF\u00cdCIOS RECEBIDOS", "assunto": "Of\u00edcio 219/2021 - Responde oficio 182/2021, informa que a convoca\u00e7\u00e3o de servidor n\u00e3o poder\u00e1 ser feita isoladamente"}, {"id": "3603", "ano": "2021", "numero": "129", "tipo__sigla": "OVC", "tipo__descricao": "Of\u00edcio de Vereador/Comiss\u00e3o", "assunto": "Solicita inscri\u00e7\u00e3o no curso: Introdu\u00e7\u00e3o ao or\u00e7amento p\u00fablico e execu\u00e7\u00e3o de emenda parlamentar ao projeto de lei or\u00e7ament\u00e1ria anual"}, {"id": "3825", "ano": "2021", "numero": "129", "tipo__sigla": "OCI", "tipo__descricao": "Of\u00edcios da Controladoria Interna", "assunto": "Encaminha instru\u00e7\u00e3o normativa 003/2021"}, {"id": "3852", "ano": "2021", "numero": "129", "tipo__sigla": "PARE", "tipo__descricao": "PARECER", "assunto": "Parecer Jur\u00eddico - Inexigibilidade - Curso - Regulamenta\u00e7\u00e3o da lei de acesso \u00e0 informa\u00e7\u00e3o nos munic\u00edpios\u201d"}, {"id": "3923", "ano": "2021", "numero": "129", "tipo__sigla": "DI", "tipo__descricao": "Di\u00e1rias e documentos relativos", "assunto": "Relat\u00f3rio de viagem Vitor Donizetti Siqueira Junior (Belo Horizonte- 09/11/2021 a 12/11/2021)"}, {"id": "2708", "ano": "2021", "numero": "130", "tipo__sigla": "OFEXP", "tipo__descricao": "Of\u00edcio Expedido", "assunto": "Encaminhamento de reda\u00e7\u00e3o final do projeto de lei aprovado na 12\u00aa reuni\u00e3o ordin\u00e1ria"}, {"id": "2995", "ano": "2021", "numero": "130", "tipo__sigla": "OR", "tipo__descricao": "OF\u00cdCIOS RECEBIDOS", "assunto": "of\u00edcio 220/2021 - Responde a indica\u00e7\u00e3o do vereador Ezequiel da Silva"}, {"id": "3604", "ano": "2021", "numero": "130", "tipo__sigla": "OVC", "tipo__descricao": "Of\u00edcio de Vereador/Comiss\u00e3o", "assunto": "Informa que a 2\u00aa vota\u00e7\u00e3o da presta\u00e7\u00e3o de contas referente ao exerc\u00edcio de 2019 (05/10/2021 as 20 h)"}, {"id": "3858", "ano": "2021", "numero": "130", "tipo__sigla": "OCI", "tipo__descricao": "Of\u00edcios da Controladoria Interna", "assunto": "Documentos protocolados no Sistema de Apoio ao Processo Legislativo (SAPL)"}, {"id": "3874", "ano": "2021", "numero": "130", "tipo__sigla": "PARE", "tipo__descricao": "PARECER", "assunto": "Parecer Jur\u00eddico - Dispensa - Empresa de buffet."}, {"id": "3924", "ano": "2021", "numero": "130", "tipo__sigla": "DI", "tipo__descricao": "Di\u00e1rias e documentos relativos", "assunto": "Relat\u00f3rio de viagem Jackson Luiz Ven\u00e2ncio de Souza (Belo Horizonte 09/11/2021 a 12/11/2021)"}, {"id": "2714", "ano": "2021", "numero": "131", "tipo__sigla": "OFEXP", "tipo__descricao": "Of\u00edcio Expedido", "assunto": "Encaminha o nome dos membros que ir\u00e3o integrar o COMTUR (Conselho Municipal de Turismo)"}, {"id": "2997", "ano": "2021", "numero": "131", "tipo__sigla": "OR", "tipo__descricao": "OF\u00cdCIOS RECEBIDOS", "assunto": "Of\u00edcio 222/2021 - Responde of\u00edcio 01/2021 dos vereadores Vitor Jr. e Jackson Luiz"}, {"id": "3612", "ano": "2021", "numero": "131", "tipo__sigla": "OVC", "tipo__descricao": "Of\u00edcio de Vereador/Comiss\u00e3o", "assunto": "Solicita inscri\u00e7\u00e3o no curso: Introdu\u00e7\u00e3o ao or\u00e7amento p\u00fablico e execu\u00e7\u00e3o de emenda parlamentar ao projeto de lei or\u00e7ament\u00e1ria anual\""}, {"id": "3887", "ano": "2021", "numero": "131", "tipo__sigla": "OCI", "tipo__descricao": "Of\u00edcios da Controladoria Interna", "assunto": "Instru\u00e7\u00e3o normativa 04/2021 (controle ponto eletr\u00f4nico)"}, {"id": "3888", "ano": "2021", "numero": "131", "tipo__sigla": "PARE", "tipo__descricao": "PARECER", "assunto": "Parecer Jur\u00eddico - Projeto de Lei Ordin\u00e1ria n\u00ba 20 - Disp\u00f5e sobre a permiss\u00e3o para que o Munic\u00edpio de Santana da Vargem realize acordos, transa\u00e7\u00f5es judiciais e etc."}, {"id": "3938", "ano": "2021", "numero": "131", "tipo__sigla": "DI", "tipo__descricao": "Di\u00e1rias e documentos relativos", "assunto": "An\u00e1lise da presta\u00e7\u00e3o de contas Kainne Delfino Joanas (Caraguatatuba 25/10/2021)"}, {"id": "2715", "ano": "2021", "numero": "132", "tipo__sigla": "OFEXP", "tipo__descricao": "Of\u00edcio Expedido", "assunto": "Encaminha relat\u00f3rios cont\u00e1beis referentes ao m\u00eas de mar\u00e7o de 2021"}, {"id": "2998", "ano": "2021", "numero": "132", "tipo__sigla": "OR", "tipo__descricao": "OF\u00cdCIOS RECEBIDOS", "assunto": "Of\u00edcio 223/2021 - Responde o requerimento e indica\u00e7\u00e3o do vereador Vitor Jr."}, {"id": "3643", "ano": "2021", "numero": "132", "tipo__sigla": "OVC", "tipo__descricao": "Of\u00edcio de Vereador/Comiss\u00e3o", "assunto": "Solicita\u00e7\u00e3o de emiss\u00e3o de parecer a respeito das contas de 2019"}, {"id": "3891", "ano": "2021", "numero": "132", "tipo__sigla": "PARE", "tipo__descricao": "PARECER", "assunto": "Parecer Jur\u00eddico - Projeto de Lei Ordin\u00e1ria n\u00ba 65 - Abertura de Cr\u00e9dito Adicional Especial - Excesso de Arrecada\u00e7\u00e3o - R$ 184.390,33 ((cento e oitenta e quatro mil trezentos e noventa reais e trinta e tr\u00eas centavos) - Resolu\u00e7\u00e3o SES/MG n\u00ba 7.627, de 03 de agosto de 2021."}, {"id": "3939", "ano": "2021", "numero": "132", "tipo__sigla": "DI", "tipo__descricao": "Di\u00e1rias e documentos relativos", "assunto": "An\u00e1lise de presta\u00e7\u00e3o de contas do recebimento de di\u00e1rias Vitor Donizetti Siqueira Junior (Belo Horizonte- 09/11/2021)"}, {"id": "3943", "ano": "2021", "numero": "132", "tipo__sigla": "OCI", "tipo__descricao": "Of\u00edcios da Controladoria Interna", "assunto": "Informa hor\u00e1rio realizado no dia 18/11/2021"}, {"id": "2729", "ano": "2021", "numero": "133", "tipo__sigla": "OFEXP", "tipo__descricao": "Of\u00edcio Expedido", "assunto": "Encaminha reda\u00e7\u00e3o final do projeto de lei ordin\u00e1ria n\u00b0 12/2021 aprovado com emendas na 13\u00aa reuni\u00e3o ordin\u00e1ria."}, {"id": "2999", "ano": "2021", "numero": "133", "tipo__sigla": "OR", "tipo__descricao": "OF\u00cdCIOS RECEBIDOS", "assunto": "Of\u00edcio 221/2021 - Responde indica\u00e7\u00e3o do vereador Luiz Felipe"}, {"id": "3650", "ano": "2021", "numero": "133", "tipo__sigla": "OVC", "tipo__descricao": "Of\u00edcio de Vereador/Comiss\u00e3o", "assunto": "Solicita confec\u00e7\u00e3o do cheque no valor de R$120,00 para cobrir os gastos com as despesas de reabastecimento do ve\u00edculo no valor de R$120,00 (cento e vinte reais), viagem para Belo Horizonte nos dias 06, 07 e 08 de outubro de 2021"}, {"id": "3910", "ano": "2021", "numero": "133", "tipo__sigla": "PARE", "tipo__descricao": "PARECER", "assunto": "Parecer Jur\u00eddico - Preg\u00e3o - Aquisi\u00e7\u00e3o de Computadores (desktop) com caixas de som."}, {"id": "3940", "ano": "2021", "numero": "133", "tipo__sigla": "DI", "tipo__descricao": "Di\u00e1rias e documentos relativos", "assunto": "/An\u00e1lise da presta\u00e7\u00e3o de contas do recebimento de di\u00e1rias Jackson Luiz Ven\u00e2ncio de Souza (Belo Horizonte 09/11/2021)"}, {"id": "3955", "ano": "2021", "numero": "133", "tipo__sigla": "OCI", "tipo__descricao": "Of\u00edcios da Controladoria Interna", "assunto": "An\u00e1lise do ponto eletr\u00f4nico dos servidores ( novembro de 2021)"}, {"id": "2733", "ano": "2021", "numero": "134", "tipo__sigla": "OFEXP", "tipo__descricao": "Of\u00edcio Expedido", "assunto": "Encaminha indica\u00e7\u00f5es 016 e 017 Ezequiel da Silva"}, {"id": "3000", "ano": "2021", "numero": "134", "tipo__sigla": "OR", "tipo__descricao": "OF\u00cdCIOS RECEBIDOS", "assunto": "Of\u00edcio 218/2021 - responde as indica\u00e7\u00f5es do vereador Luiz Felipe"}, {"id": "3705", "ano": "2021", "numero": "134", "tipo__sigla": "OVC", "tipo__descricao": "Of\u00edcio de Vereador/Comiss\u00e3o", "assunto": "Solicita inscri\u00e7\u00e3o no curso: \"CURSO SOBRE A IMPORT\u00c2NCIA DA LEI DE RESPONSABILIDADE FISCAL E O IMPACTO DOS SEUS PRINC\u00cdPIOS NA GEST\u00c3O MUNICIPAL\"."}, {"id": "3911", "ano": "2021", "numero": "134", "tipo__sigla": "PARE", "tipo__descricao": "PARECER", "assunto": "Parecer Jur\u00eddico - Preg\u00e3o - Aquisi\u00e7\u00e3o 2 (dois) arm\u00e1rios grandes, 1 (um) arm\u00e1rio a\u00e9reo, 2 (duas) mesas retangulares, 2 (duas) mesas tipo L sendo todos planejados."}, {"id": "3948", "ano": "2021", "numero": "134", "tipo__sigla": "DI", "tipo__descricao": "Di\u00e1rias e documentos relativos", "assunto": "Requerimento de concess\u00e3o de di\u00e1rias adiantadas Maria Aparecida de Ara\u00fajo Reis (Belo Horizonte 24/11/2021 a 26/11/2021)"}, {"id": "4017", "ano": "2021", "numero": "134", "tipo__sigla": "OCI", "tipo__descricao": "Of\u00edcios da Controladoria Interna", "assunto": "Retirada  da Instru\u00e7\u00e3o Normativa 03/2021"}, {"id": "2734", "ano": "2021", "numero": "135", "tipo__sigla": "OFEXP", "tipo__descricao": "Of\u00edcio Expedido", "assunto": "Encaminha indica\u00e7\u00f5es 013, 014, 015, 016 e 017 feitas pelo vereador Vitor Donizetti Siqueira Junior"}, {"id": "3001", "ano": "2021", "numero": "135", "tipo__sigla": "OR", "tipo__descricao": "OF\u00cdCIOS RECEBIDOS", "assunto": "Of\u00edcio 217/2021 - Responde as indica\u00e7\u00f5es do vereador Ronalthe Rocha"}, {"id": "3706", "ano": "2021", "numero": "135", "tipo__sigla": "OVC", "tipo__descricao": "Of\u00edcio de Vereador/Comiss\u00e3o", "assunto": "Solicita inscri\u00e7\u00e3o no curso: \"Atua\u00e7\u00e3o do Minist\u00e9rio P\u00fablico e Tribunal de Contas e o papel do Vereador\""}, {"id": "3912", "ano": "2021", "numero": "135", "tipo__sigla": "PARE", "tipo__descricao": "PARECER", "assunto": "Parecer Jur\u00eddico - Projeto de Lei Ordin\u00e1ria n\u00ba 63 - Autoriza\u00e7\u00e3o para reduzir a faixa n\u00e3o edific\u00e1vel cont\u00edgua \u00e0s faixas de dom\u00ednio p\u00fablico de rodovias no \u00e2mbito de Santana da Vargem de 15 para 5 metros."}, {"id": "3949", "ano": "2021", "numero": "135", "tipo__sigla": "DI", "tipo__descricao": "Di\u00e1rias e documentos relativos", "assunto": "Requerimento de concess\u00e3o d di\u00e1rias ao motorista (Belo Horizonte 24/11/2021 a 26/11/2021)"}, {"id": "4045", "ano": "2021", "numero": "135", "tipo__sigla": "OCI", "tipo__descricao": "Of\u00edcios da Controladoria Interna", "assunto": "Extratos de conta corrente e de aplica\u00e7\u00e3o financeira (novembro/2021)"}, {"id": "2735", "ano": "2021", "numero": "136", "tipo__sigla": "OFEXP", "tipo__descricao": "Of\u00edcio Expedido", "assunto": "Encaminha indica\u00e7\u00f5es 069 e 070 feitas pelo vereador Luiz Felipe"}, {"id": "3002", "ano": "2021", "numero": "136", "tipo__sigla": "OR", "tipo__descricao": "OF\u00cdCIOS RECEBIDOS", "assunto": "Of\u00edcio 216/2021 - responde indica\u00e7\u00e3o do vereador Ezequiel da Silva"}, {"id": "3707", "ano": "2021", "numero": "136", "tipo__sigla": "OVC", "tipo__descricao": "Of\u00edcio de Vereador/Comiss\u00e3o", "assunto": "Solicita inscri\u00e7\u00e3o no curso: \"Atua\u00e7\u00e3o de Minist\u00e9rio P\u00fablico e Tribunal de Contas e o papel do Vereador\""}, {"id": "3913", "ano": "2021", "numero": "136", "tipo__sigla": "PARE", "tipo__descricao": "PARECER", "assunto": "Parecer Jur\u00eddico - Projeto de Lei Ordin\u00e1ria n\u00ba 64 - Visa conceder autoriza\u00e7\u00e3o para que o poder Executivo municipal participe do Cons\u00f3rcio P\u00fablico Intermunicipal Multifinalit\u00e1rio do Baixo Sapuca\u00ed."}, {"id": "3951", "ano": "2021", "numero": "136", "tipo__sigla": "DI", "tipo__descricao": "Di\u00e1rias e documentos relativos", "assunto": "Processo concess\u00e3o de di\u00e1rias Kainne Delfino Joanas (Caraguatatuba - SP- 25/10/2021)"}, {"id": "4057", "ano": "2021", "numero": "136", "tipo__sigla": "OCI", "tipo__descricao": "Of\u00edcios da Controladoria Interna", "assunto": "Documentos protocolados no Sistema de Apoio Legislativo (SAPL)"}, {"id": "2749", "ano": "2021", "numero": "137", "tipo__sigla": "OFEXP", "tipo__descricao": "Of\u00edcio Expedido", "assunto": "Encaminha para publica\u00e7\u00e3o no Di\u00e1rio Oficial o Extrato de Inexigibilidade n\u00ba 05/2021"}, {"id": "3003", "ano": "2021", "numero": "137", "tipo__sigla": "OR", "tipo__descricao": "OF\u00cdCIOS RECEBIDOS", "assunto": "Of\u00edcio 215/2021- responde indica\u00e7\u00f5es do vereador Vitor Jr."}, {"id": "3716", "ano": "2021", "numero": "137", "tipo__sigla": "OVC", "tipo__descricao": "Of\u00edcio de Vereador/Comiss\u00e3o", "assunto": "Of\u00edcio conjunto Vitor Donizetti Siqueira Junior, Maria Aparecida de Ara\u00fajo Reis e Jackson Luiz Ven\u00e2ncio solicita a altera\u00e7\u00e3o da Sess\u00e3o Ordin\u00e1ria do dia 19/10/2021 para o dia 18/10/2021"}, {"id": "3914", "ano": "2021", "numero": "137", "tipo__sigla": "PARE", "tipo__descricao": "PARECER", "assunto": "Parecer Jur\u00eddico - Projeto de Lei Ordin\u00e1ria n\u00ba 62 - Cria a Biblioteca Municipal."}, {"id": "3959", "ano": "2021", "numero": "137", "tipo__sigla": "DI", "tipo__descricao": "Di\u00e1rias e documentos relativos", "assunto": "Requerimento de concess\u00e3o de di\u00e1rias adiantadas Maria Aparecida de Ara\u00fajo Reis (Belo Horizonte 24/11/2021 a 26/11/2021)"}, {"id": "4076", "ano": "2021", "numero": "137", "tipo__sigla": "OCI", "tipo__descricao": "Of\u00edcios da Controladoria Interna", "assunto": "Monitoramento de C\u00e2meras (Solicita suporte t\u00e9cnico)"}, {"id": "2752", "ano": "2021", "numero": "138", "tipo__sigla": "OFEXP", "tipo__descricao": "Of\u00edcio Expedido", "assunto": "Encaminha indica\u00e7\u00e3o 009 do vereador Jackson Luiz Ven\u00e2ncio de Souza"}, {"id": "3052", "ano": "2021", "numero": "138", "tipo__sigla": "OR", "tipo__descricao": "OF\u00cdCIOS RECEBIDOS", "assunto": "Balancetes de receitas e despesas referentes ao m\u00eas de maio de 2021 da prefeitura Municipal de Santana da Vargem"}, {"id": "3722", "ano": "2021", "numero": "138", "tipo__sigla": "OVC", "tipo__descricao": "Of\u00edcio de Vereador/Comiss\u00e3o", "assunto": "Convoca reuni\u00e3o da Comiss\u00e3o de Obras, Servi\u00e7os P\u00fablicos, agroind\u00fastria, Com\u00e9rcio e Turismo 18 de outubro de 2021 \u00e0s 18:00 h na sala de Comiss\u00f5es da C\u00e2mara Municipal de Santana da Vargem"}, {"id": "3915", "ano": "2021", "numero": "138", "tipo__sigla": "PARE", "tipo__descricao": "PARECER", "assunto": "Parecer Jur\u00eddico - Projeto de Lei Ordin\u00e1ria n\u00ba 47 - Regulamenta o Trabalho Volunt\u00e1rio no Munic\u00edpio de Santana da Vargem - MG."}, {"id": "3960", "ano": "2021", "numero": "138", "tipo__sigla": "DI", "tipo__descricao": "Di\u00e1rias e documentos relativos", "assunto": "Requerimento de concess\u00e3o de di\u00e1rias ao motorista (Belo Horizonte 24/11/2021 a 26/11/2021)"}, {"id": "4077", "ano": "2021", "numero": "138", "tipo__sigla": "OCI", "tipo__descricao": "Of\u00edcios da Controladoria Interna", "assunto": "Comiss\u00e3o de Patrim\u00f4nios (Solicita informa\u00e7\u00f5es a respeito dos bens patrimoniais)"}, {"id": "2753", "ano": "2021", "numero": "139", "tipo__sigla": "OFEXP", "tipo__descricao": "Of\u00edcio Expedido", "assunto": "Encaminha indica\u00e7\u00f5es 018, 09, 020 e 021 feitas pelo vereador Vitor Donizetti Siqueira Junior"}, {"id": "3060", "ano": "2021", "numero": "139", "tipo__sigla": "OR", "tipo__descricao": "OF\u00cdCIOS RECEBIDOS", "assunto": "Of\u00edcio recebido 229 Prefeitura Municipal de Santana da Vargem em resposta \u00e0s indica\u00e7\u00f5es 83, 84, 85, e 86 do vereador Luiz Felipe"}, {"id": "3732", "ano": "2021", "numero": "139", "tipo__sigla": "OVC", "tipo__descricao": "Of\u00edcio de Vereador/Comiss\u00e3o", "assunto": "Solicita a confec\u00e7\u00e3o do cheque no valor de R$120,00 para cobrir gastos com as despesas de reabastecimento do ve\u00edculo para viagem ao munic\u00edpio de Belo Horizonte, 18 e 19 de outubro"}, {"id": "3916", "ano": "2021", "numero": "139", "tipo__sigla": "PARE", "tipo__descricao": "PARECER", "assunto": "Parecer Jur\u00eddico - Projeto de Lei n\u00ba 43 - Concess\u00e3o de Uso - Est\u00e1dio Municipal."}, {"id": "3962", "ano": "2021", "numero": "139", "tipo__sigla": "DI", "tipo__descricao": "Di\u00e1rias e documentos relativos", "assunto": "C\u00e1lculo de quantidade e valores a pagar di\u00e1rias"}, {"id": "4084", "ano": "2021", "numero": "139", "tipo__sigla": "OCI", "tipo__descricao": "Of\u00edcios da Controladoria Interna", "assunto": "An\u00e1lise do ponto eletr\u00f4nico dos servidores"}, {"id": "2754", "ano": "2021", "numero": "140", "tipo__sigla": "OFEXP", "tipo__descricao": "Of\u00edcio Expedido", "assunto": "Encaminha indica\u00e7\u00f5es 071 e 072 feitas pelo vereador Luiz Felipe Mendon\u00e7a Rodrigues"}, {"id": "3061", "ano": "2021", "numero": "140", "tipo__sigla": "OR", "tipo__descricao": "OF\u00cdCIOS RECEBIDOS", "assunto": "Of\u00edcio recebido 233 Prefeitura Municipal de Santana da Vargem em resposta \u00e0 indica\u00e7\u00e3o 038 do vereador Vitor Donizetti"}, {"id": "3740", "ano": "2021", "numero": "140", "tipo__sigla": "OVC", "tipo__descricao": "Of\u00edcio de Vereador/Comiss\u00e3o", "assunto": "Convoca a Comiss\u00e3o de Obras Servi\u00e7os P\u00fablicos, Agroind\u00fastria, Com\u00e9rcio e Turismo no dia 19 de outubro de 2021 as 18:00 h na sala de reuni\u00f5es da C\u00e2mara Municipal de Santana da Vargem"}, {"id": "3918", "ano": "2021", "numero": "140", "tipo__sigla": "PARE", "tipo__descricao": "PARECER", "assunto": "Parecer jur\u00eddico - Projeto de Lei Ordin\u00e1ria n\u00ba 28 (Legislativo) - Disp\u00f5e sobre a nulidade da nomea\u00e7\u00e3o ou contrata\u00e7\u00e3o para determinados cargos de pessoa condenada por crime sexual contra crian\u00e7a e adolescente, da condena\u00e7\u00e3o transitada em julgado at\u00e9 12 anos ap\u00f3s o cumprimento da pena."}, {"id": "3963", "ano": "2021", "numero": "140", "tipo__sigla": "DI", "tipo__descricao": "Di\u00e1rias e documentos relativos", "assunto": "C\u00e1lculo de quantidade e de valores a pagar de di\u00e1rias Maria Aparecida Ara\u00fajo Reis (Belo Horizonte 24/11/2021 a 26/11/2021)"}, {"id": "4085", "ano": "2021", "numero": "140", "tipo__sigla": "OCI", "tipo__descricao": "Of\u00edcios da Controladoria Interna", "assunto": "Publica\u00e7\u00e3o dos processos (Sugere Publica\u00e7\u00e3o dos processos licitat\u00f3rios realizados no ano de 2021)"}, {"id": "2769", "ano": "2021", "numero": "141", "tipo__sigla": "OFEXP", "tipo__descricao": "Of\u00edcio Expedido", "assunto": "Encaminha extrato para publica\u00e7\u00e3o"}, {"id": "3062", "ano": "2021", "numero": "141", "tipo__sigla": "OR", "tipo__descricao": "OF\u00cdCIOS RECEBIDOS", "assunto": "Of\u00edcio recebido 245 Prefeitura Municipal de Santana da Vargem em resposta ao of\u00edcio 012 do vereador Vitor Donizetti Siqueira Junior"}, {"id": "3753", "ano": "2021", "numero": "141", "tipo__sigla": "OVC", "tipo__descricao": "Of\u00edcio de Vereador/Comiss\u00e3o", "assunto": "Solicita atrav\u00e9s de emenda parlamentar recursos financeiros no valor de cem mil reais destinados a aquisi\u00e7\u00e3o de um ve\u00edculo que ser\u00e1 destinado a \u00e1rea da sa\u00fade Vargense"}, {"id": "3926", "ano": "2021", "numero": "141", "tipo__sigla": "PARE", "tipo__descricao": "PARECER", "assunto": "Parecer Jur\u00eddico - Projeto de Lei n\u00ba 38 - 2021 - Pro\u00edbe a inaugura\u00e7\u00e3o de obras p\u00fablicas inacabadas ou que n\u00e3o possam ser usufru\u00eddas de imediato pela popula\u00e7\u00e3o."}, {"id": "3972", "ano": "2021", "numero": "141", "tipo__sigla": "DI", "tipo__descricao": "Di\u00e1rias e documentos relativos", "assunto": "Requerimento de concess\u00e3o de di\u00e1rias adiantadas Vitor Donizetti Siqueira Junior (Belo Horizonte 30/11/2021 a 03/12/2021)"}, {"id": "2764", "ano": "2021", "numero": "142", "tipo__sigla": "OFEXP", "tipo__descricao": "Of\u00edcio Expedido", "assunto": "Encaminha Aviso de Licita\u00e7\u00e3o referente ao Edital do Preg\u00e3o Presencial  n\u00ba 01/2021 para publica\u00e7\u00e3o no Di\u00e1rio Oficial"}, {"id": "3063", "ano": "2021", "numero": "142", "tipo__sigla": "OR", "tipo__descricao": "OF\u00cdCIOS RECEBIDOS", "assunto": "Of\u00edcio recebido 238 Prefeitura Municipal de Santana da Vargem em resposta \u00e0s indica\u00e7\u00f5es 028 e 029 do vereador Ezequiel"}, {"id": "3754", "ano": "2021", "numero": "142", "tipo__sigla": "OVC", "tipo__descricao": "Of\u00edcio de Vereador/Comiss\u00e3o", "assunto": "Solicita atrav\u00e9s de emenda parlamentar recursos financeiros no valor de vinte mil reais destinados a aquisi\u00e7\u00e3o de equipamentos para o munic\u00edpio de Santana da Vargem"}, {"id": "3928", "ano": "2021", "numero": "142", "tipo__sigla": "PARE", "tipo__descricao": "PARECER", "assunto": "Parecer jur\u00eddico - Dispensa de Licita\u00e7\u00e3o - Reforma da parte elevada do plen\u00e1rio da C\u00e2mara Municipal."}, {"id": "3979", "ano": "2021", "numero": "142", "tipo__sigla": "DI", "tipo__descricao": "Di\u00e1rias e documentos relativos", "assunto": "Requerimento de concess\u00e3o de di\u00e1rias adiantadas (Belo Horizonte- 30/11/2021 a 03/11/2021)"}, {"id": "2771", "ano": "2021", "numero": "143", "tipo__sigla": "OFEXP", "tipo__descricao": "Of\u00edcio Expedido", "assunto": "Solicita provid\u00eancias, imediatas e eficientes, no combate \u00e0  Covid19"}, {"id": "3064", "ano": "2021", "numero": "143", "tipo__sigla": "OR", "tipo__descricao": "OF\u00cdCIOS RECEBIDOS", "assunto": "Of\u00edcio recebido 235 Prefeitura Municipal de Santana da Vargem em resposta ao of\u00edcio 008 do vereador Luiz Felipe"}, {"id": "3769", "ano": "2021", "numero": "143", "tipo__sigla": "OVC", "tipo__descricao": "Of\u00edcio de Vereador/Comiss\u00e3o", "assunto": "Solicita inscri\u00e7\u00e3o no curso 350\u00ba Curso de capacita\u00e7\u00e3o para vereadores, prefeitos, vice prefeitos, secret\u00e1rios municipais, gestores, assessores e servidores p\u00fablicos"}, {"id": "3944", "ano": "2021", "numero": "143", "tipo__sigla": "PARE", "tipo__descricao": "PARECER", "assunto": "Parecer jur\u00eddico - Preg\u00e3o - Computador e caixa de som. (Etapa final)"}, {"id": "3980", "ano": "2021", "numero": "143", "tipo__sigla": "DI", "tipo__descricao": "Di\u00e1rias e documentos relativos", "assunto": "Requerimento de concess\u00e3o de di\u00e1rias ao motorista (Belo Horizonte-30/11/2021 a 03/12/2021)"}, {"id": "2778", "ano": "2021", "numero": "144", "tipo__sigla": "OFEXP", "tipo__descricao": "Of\u00edcio Expedido", "assunto": "Informa que foi devolvido o valor de R$66.000,00 (sessenta e seis mil reais)a prefeitura"}, {"id": "3065", "ano": "2021", "numero": "144", "tipo__sigla": "OR", "tipo__descricao": "OF\u00cdCIOS RECEBIDOS", "assunto": "Of\u00edcio recebido 234 Prefeitura Municipal de Santana da Vargem em resposta ao of\u00edcio 009 do vereador Luiz Felipe"}, {"id": "3792", "ano": "2021", "numero": "144", "tipo__sigla": "OVC", "tipo__descricao": "Of\u00edcio de Vereador/Comiss\u00e3o", "assunto": "Convoca para participa\u00e7\u00e3o de reuni\u00e3o ordin\u00e1ria da Comiss\u00e3o de Obras, Servi\u00e7os P\u00fablicos, Agroind\u00fastria, Com\u00e9rcio e Turismo no dia 28 de outubro de 2021 as 17:30"}, {"id": "3973", "ano": "2021", "numero": "144", "tipo__sigla": "PARE", "tipo__descricao": "PARECER", "assunto": "Parecer jur\u00eddico - Inexigibilidade - Curso para Vereador - \u201cNo\u00e7\u00f5es Essenciais de Fiscaliza\u00e7\u00e3o das Finan\u00e7as Municipais\u201d"}, {"id": "3981", "ano": "2021", "numero": "144", "tipo__sigla": "DI", "tipo__descricao": "Di\u00e1rias e documentos relativos", "assunto": "Requerimento de concess\u00e3o de concess\u00e3o de di\u00e1rias adiantadas Ronalthe (Belo Horizonte 30/11/2021 a 03/12/2021)"}, {"id": "2782", "ano": "2021", "numero": "145", "tipo__sigla": "OFEXP", "tipo__descricao": "Of\u00edcio Expedido", "assunto": "Encaminha para publica\u00e7\u00e3o a Emenda a Lei Org\u00e2nica n\u00ba 18/2021, promulgada no dia 30 de abril de 2021"}, {"id": "3066", "ano": "2021", "numero": "145", "tipo__sigla": "OR", "tipo__descricao": "OF\u00cdCIOS RECEBIDOS", "assunto": "Of\u00edcio recebido 237 Prefeitura Municipal de Santana da Vargem em resposta \u00e0s indica\u00e7\u00f5es 87, 88 89 e 090 do vereador Luiz Felipe"}, {"id": "3806", "ano": "2021", "numero": "145", "tipo__sigla": "OVC", "tipo__descricao": "Of\u00edcio de Vereador/Comiss\u00e3o", "assunto": "Convoca reuni\u00e3o ordin\u00e1ria Comiss\u00e3o de Finan\u00e7as e Or\u00e7amento, que acontecer\u00e1 no dia 26 de outubro de 2021, \u00e0s 18:40 h,"}, {"id": "3974", "ano": "2021", "numero": "145", "tipo__sigla": "PARE", "tipo__descricao": "PARECER", "assunto": "Parecer Jur\u00eddico - Dispensa - Aquisi\u00e7\u00e3o de purificador de \u00e1gua, m\u00e1quina de lavar roupas  m\u00e1quina de lavar de alta press\u00e3o."}, {"id": "3982", "ano": "2021", "numero": "145", "tipo__sigla": "DI", "tipo__descricao": "Di\u00e1rias e documentos relativos", "assunto": "Requerimento de concess\u00e3o de di\u00e1rias adiantadas (Belo Horizonte- 30/11/2021 a 03/12/2021)"}, {"id": "2790", "ano": "2021", "numero": "146", "tipo__sigla": "OFEXP", "tipo__descricao": "Of\u00edcio Expedido", "assunto": "Encaminha indica\u00e7\u00e3o 003 de autoria da presidente, Silmara Girlaine Hon\u00f3rio"}, {"id": "3067", "ano": "2021", "numero": "146", "tipo__sigla": "OR", "tipo__descricao": "OF\u00cdCIOS RECEBIDOS", "assunto": "Of\u00edcio recebido 239 Prefeitura Municipal de Santana da Vargem em resposta \u00e0s indica\u00e7\u00f5es 0329, 040, 041 e  requerimentos 008, 009 do vereador Vitor Donizetti"}, {"id": "3812", "ano": "2021", "numero": "146", "tipo__sigla": "OVC", "tipo__descricao": "Of\u00edcio de Vereador/Comiss\u00e3o", "assunto": "Solicita informa\u00e7\u00f5es a respeito da situa\u00e7\u00e3o dos terrenos do distrito industrial"}, {"id": "3975", "ano": "2021", "numero": "146", "tipo__sigla": "PARE", "tipo__descricao": "PARECER", "assunto": "Parecer Jur\u00eddico - Dispensa - Contrata\u00e7\u00e3o de Consultoria para o Controle Interno."}, {"id": "3990", "ano": "2021", "numero": "146", "tipo__sigla": "DI", "tipo__descricao": "Di\u00e1rias e documentos relativos", "assunto": "C\u00e1lculo quantidades e valores a pagar de di\u00e1rias Vitor Donizetti Siqueria Junior (Belo Horizonte 30/11/2021 a 03/12/2021"}, {"id": "2791", "ano": "2021", "numero": "147", "tipo__sigla": "OFEXP", "tipo__descricao": "Of\u00edcio Expedido", "assunto": "Encaminha indica\u00e7\u00f5es 018 e 019 do vereador Ezequiel da Silva"}, {"id": "3068", "ano": "2021", "numero": "147", "tipo__sigla": "OR", "tipo__descricao": "OF\u00cdCIOS RECEBIDOS", "assunto": "Of\u00edcio recebido 228 Prefeitura Municipal de Santana da Vargem em resposta \u00e0s indica\u00e7\u00f5es 021 do vereador Ronalthe"}, {"id": "3817", "ano": "2021", "numero": "147", "tipo__sigla": "OVC", "tipo__descricao": "Of\u00edcio de Vereador/Comiss\u00e3o", "assunto": "Oficio solicitando inscri\u00e7\u00e3o no curso \u201cA IMPORT\u00c2NCIA DA LEI DE RESPONSABILIDADE FISCAL E O IMPACTO DOS SEUS PRINC\u00cdPIOS NA GEST\u00c3O MUNICIPAL\u201d"}, {"id": "3976", "ano": "2021", "numero": "147", "tipo__sigla": "PARE", "tipo__descricao": "PARECER", "assunto": "Parecer Jur\u00eddico - Dispensa - Aquisi\u00e7\u00e3o de m\u00f3veis (bancada) para o plen\u00e1rio da C\u00e2mara."}, {"id": "3991", "ano": "2021", "numero": "147", "tipo__sigla": "DI", "tipo__descricao": "Di\u00e1rias e documentos relativos", "assunto": "C\u00e1lculo quantidades e valores a pagar de di\u00e1rias Jackson Luiz Ven\u00e2ncio de Souza  (Belo Horizonte 30/11/2021 a 03/12/2021"}, {"id": "2792", "ano": "2021", "numero": "148", "tipo__sigla": "OFEXP", "tipo__descricao": "Of\u00edcio Expedido", "assunto": "Encaminha indica\u00e7\u00f5es 022, 023, 024, 025, 026, 027 e 028 do vereador Vitor Donizetti Siqueira Junior"}, {"id": "3085", "ano": "2021", "numero": "148", "tipo__sigla": "OR", "tipo__descricao": "OF\u00cdCIOS RECEBIDOS", "assunto": "Solicita um representante da C\u00e2mara Municipal para fazer parte do Conselho Municipal de Educa\u00e7\u00e3o"}, {"id": "3820", "ano": "2021", "numero": "148", "tipo__sigla": "OVC", "tipo__descricao": "Of\u00edcio de Vereador/Comiss\u00e3o", "assunto": "solicita a presen\u00e7a de um servidor na C\u00e2mara Municipal para realiza\u00e7\u00e3o da reuni\u00e3o da Comiss\u00e3o de Obras, Servi\u00e7os P\u00fablicos, Agroind\u00fastria, Com\u00e9rcio e Turismo 28/10/2021 as 17:30"}, {"id": "3992", "ano": "2021", "numero": "148", "tipo__sigla": "DI", "tipo__descricao": "Di\u00e1rias e documentos relativos", "assunto": "C\u00e1lculo quantidades e valores a pagar de di\u00e1rias Ronalthe Dayglas Rocha (Belo Horizonte 30/11/2021 a 03/12/2021"}, {"id": "4013", "ano": "2021", "numero": "148", "tipo__sigla": "PARE", "tipo__descricao": "PARECER", "assunto": "Parecer Jur\u00eddico - Dispensa - Instala\u00e7\u00e3o de Ar - Condicionado."}, {"id": "2794", "ano": "2021", "numero": "149", "tipo__sigla": "OFEXP", "tipo__descricao": "Of\u00edcio Expedido", "assunto": "Encaminha indica\u00e7\u00e3o 073 feita pelo vereador Luiz Felipe Mendon\u00e7a Rodrigues"}, {"id": "3089", "ano": "2021", "numero": "149", "tipo__sigla": "OR", "tipo__descricao": "OF\u00cdCIOS RECEBIDOS", "assunto": "Solicita a retirada do projeto de lei 37, de 14 de maio de 2021, Cria o Conselho Municipal de Educa\u00e7\u00e3o, integrando o Conselho do FUNDEB como C\u00e2mara e revoga a Lei Municipal 630-B de 1997"}, {"id": "3849", "ano": "2021", "numero": "149", "tipo__sigla": "OVC", "tipo__descricao": "Of\u00edcio de Vereador/Comiss\u00e3o", "assunto": "Solicita inscri\u00e7\u00e3o no curso: Regulamenta\u00e7\u00e3o da lei de acesso \u00e0 informa\u00e7\u00e3o\" 09 a 12 de novembro"}, {"id": "3993", "ano": "2021", "numero": "149", "tipo__sigla": "DI", "tipo__descricao": "Di\u00e1rias e documentos relativos", "assunto": "C\u00e1lculo quantidades e valores a pagar de di\u00e1rias Ezequiel da Silva (Belo Horizonte 30/11/2021 a 03/12/2021"}, {"id": "4014", "ano": "2021", "numero": "149", "tipo__sigla": "PARE", "tipo__descricao": "PARECER", "assunto": "Parecer Jur\u00eddico - Dispensa - Enfeites natalinos."}, {"id": "2795", "ano": "2021", "numero": "150", "tipo__sigla": "OFEXP", "tipo__descricao": "Of\u00edcio Expedido", "assunto": "Encaminhamento da reda\u00e7\u00e3o final do projeto de lei aprovado na 15\u00aa reuni\u00e3o ordin\u00e1ria"}, {"id": "3090", "ano": "2021", "numero": "150", "tipo__sigla": "OR", "tipo__descricao": "OF\u00cdCIOS RECEBIDOS", "assunto": "Encaminha respostas elaboradas pelos servidores p\u00fablicos municipais, referente as informa\u00e7\u00f5es acerca do controle interno no exerc\u00edcio financeiro 2019"}, {"id": "3859", "ano": "2021", "numero": "150", "tipo__sigla": "OVC", "tipo__descricao": "Of\u00edcio de Vereador/Comiss\u00e3o", "assunto": "Convoca\u00e7\u00e3o para reuni\u00e3o ordin\u00e1ria da Comiss\u00e3o de Legisla\u00e7\u00e3o, Justi\u00e7a e Reda\u00e7\u00e3o Final dia 08 de novembro \u00e0s 16:00"}, {"id": "4001", "ano": "2021", "numero": "150", "tipo__sigla": "DI", "tipo__descricao": "Di\u00e1rias e documentos relativos", "assunto": "Requerimento de concess\u00e3o de di\u00e1rias adiantadas Walter Silva (Belo Horizonte 30/11/2021-03/12/2021)"}, {"id": "4020", "ano": "2021", "numero": "150", "tipo__sigla": "PARE", "tipo__descricao": "PARECER", "assunto": "Parecer Jur\u00eddico - Inexigibilidade - Curso Vereador - \u201cGOVERNO, INSTRUMENTO DE PLANEJAMENTO E GEST\u00c3O ADMINISTRATIVA MUNICIPAL\u201d"}, {"id": "2796", "ano": "2021", "numero": "151", "tipo__sigla": "OFEXP", "tipo__descricao": "Of\u00edcio Expedido", "assunto": "Encaminha indica\u00e7\u00e3o 005 da vereadora Maria Aparecida de Ara\u00fajo Reis"}, {"id": "3103", "ano": "2021", "numero": "151", "tipo__sigla": "OR", "tipo__descricao": "OF\u00cdCIOS RECEBIDOS", "assunto": "Resposta da prefeitura ao of\u00edcio da Comiss\u00e3o de Finan\u00e7as e Or\u00e7amento solicitando documentos cont\u00e1beis"}, {"id": "3870", "ano": "2021", "numero": "151", "tipo__sigla": "OVC", "tipo__descricao": "Of\u00edcio de Vereador/Comiss\u00e3o", "assunto": "Solicita inscri\u00e7\u00e3o no curso: REGULAMENTA\u00c7\u00c3O DA LEI DE ACESSO A INFORMA\u00c7\u00c3O  nos dias 09, 10, 11 e 12 de novembro de 2021"}, {"id": "4002", "ano": "2021", "numero": "151", "tipo__sigla": "DI", "tipo__descricao": "Di\u00e1rias e documentos relativos", "assunto": "Requerimento de concess\u00e3o de di\u00e1rias adiantadas Carlos Cezar Ribeiro (Belo Horizonte 30/11/202 a 03/12/2021)"}, {"id": "4034", "ano": "2021", "numero": "151", "tipo__sigla": "PARE", "tipo__descricao": "PARECER", "assunto": "Parecer Jur\u00eddico - Projeto de Lei Ordin\u00e1ria n\u00ba 68 - Abertura de cr\u00e9dito adicional suplementar  444.896,73 (quatrocentos e quarenta e quatro mil oitocentos e noventa e seis reais e setenta e tr\u00eas centavos) \u2013 Secretaria de Sa\u00fade."}, {"id": "2816", "ano": "2021", "numero": "152", "tipo__sigla": "OFEXP", "tipo__descricao": "Of\u00edcio Expedido", "assunto": "Encaminha os dados do membro suplente representante do poder legislativo para compor o FUNDEB"}, {"id": "3104", "ano": "2021", "numero": "152", "tipo__sigla": "OR", "tipo__descricao": "OF\u00cdCIOS RECEBIDOS", "assunto": "Resposta ao requerimento 007/2021 do vereador Vitor Donizetti a respeito da concess\u00e3o de Benef\u00edcio Eventual : Cesta B\u00e1sica"}, {"id": "3872", "ano": "2021", "numero": "152", "tipo__sigla": "OVC", "tipo__descricao": "Of\u00edcio de Vereador/Comiss\u00e3o", "assunto": "Solicita informa\u00e7\u00f5es a respeito das an\u00e1lises das condi\u00e7\u00f5es estruturais de cada \u00e1rvore do munic\u00edpio"}, {"id": "4006", "ano": "2021", "numero": "152", "tipo__sigla": "DI", "tipo__descricao": "Di\u00e1rias e documentos relativos", "assunto": "C\u00e1lculo de quantidade e de valores de di\u00e1rias a pagar di\u00e1rias Walter Silva (30/11/2021 a 03/12/2021)"}, {"id": "4035", "ano": "2021", "numero": "152", "tipo__sigla": "PARE", "tipo__descricao": "PARECER", "assunto": "Parecer Jur\u00eddico - Lei Ordin\u00e1ria n\u00ba 66 - Altera a margem de suplementa\u00e7\u00e3o permitida pela LOA, passando de 20% para 30%."}, {"id": "2819", "ano": "2021", "numero": "153", "tipo__sigla": "OFEXP", "tipo__descricao": "Of\u00edcio Expedido", "assunto": "Encaminha indica\u00e7\u00f5es 020 e 021 feitas pelo vereador Ezequiel da Silva"}, {"id": "3115", "ano": "2021", "numero": "153", "tipo__sigla": "OR", "tipo__descricao": "OF\u00cdCIOS RECEBIDOS", "assunto": "Resposta ao Of\u00edcio 24/2021 da C\u00e2mara Municipal"}, {"id": "3880", "ano": "2021", "numero": "153", "tipo__sigla": "OVC", "tipo__descricao": "Of\u00edcio de Vereador/Comiss\u00e3o", "assunto": "Solicita aquisi\u00e7\u00e3o de 11 placas de mo\u00e7\u00e3o de aplausos"}, {"id": "4007", "ano": "2021", "numero": "153", "tipo__sigla": "DI", "tipo__descricao": "Di\u00e1rias e documentos relativos", "assunto": "C\u00e1lculo de quantidade e valores a pagar de di\u00e1rias Carlos Cezar Ribeiro (Belo Horizonte 30/11/2021 a 03/12/2021)"}, {"id": "4036", "ano": "2021", "numero": "153", "tipo__sigla": "PARE", "tipo__descricao": "PARECER", "assunto": "Parecer Jur\u00eddico - Projeto de Lei Ordin\u00e1ria n\u00ba 67 - Autoriza a abertura de cr\u00e9dito adicional especial por excesso de arrecada\u00e7\u00e3o \u2013 Secretaria de Sa\u00fade - R$ 50.000,00 (cinquenta mil reais)."}, {"id": "2820", "ano": "2021", "numero": "154", "tipo__sigla": "OFEXP", "tipo__descricao": "Of\u00edcio Expedido", "assunto": "Encaminha indica\u00e7\u00f5es 030 e 031  feitas pelo vereador Vitor Donizetti Siqueira Junior"}, {"id": "3129", "ano": "2021", "numero": "154", "tipo__sigla": "OR", "tipo__descricao": "OF\u00cdCIOS RECEBIDOS", "assunto": "Resposta ao of\u00edcio 011 do vereador Luiz Felipe Mendon\u00e7a Rodrigues"}, {"id": "3886", "ano": "2021", "numero": "154", "tipo__sigla": "OVC", "tipo__descricao": "Of\u00edcio de Vereador/Comiss\u00e3o", "assunto": "Solicita informa\u00e7\u00f5es a respeito do n\u00famero total de alunos carentes deste munic\u00edpio que estejam matriculados na rede p\u00fablica municipal de ensino"}, {"id": "4011", "ano": "2021", "numero": "154", "tipo__sigla": "DI", "tipo__descricao": "Di\u00e1rias e documentos relativos", "assunto": "Relat\u00f3rio de viagem Maria Aparecida de Ara\u00fajo Reis  (Belo Horizonte- 24/11/2021 a 26/11/2021)"}, {"id": "4037", "ano": "2021", "numero": "154", "tipo__sigla": "PARE", "tipo__descricao": "PARECER", "assunto": "Parecer Jur\u00eddico - Projeto de Lei Ordin\u00e1rio n\u00ba 52 - Estima as receitas e despesas para o exerc\u00edcio financeiro de 2022."}, {"id": "2821", "ano": "2021", "numero": "155", "tipo__sigla": "OFEXP", "tipo__descricao": "Of\u00edcio Expedido", "assunto": "Encaminha indica\u00e7\u00f5es 074 e 075 do vereador Luiz Felipe Mendon\u00e7a Rodrigues"}, {"id": "3130", "ano": "2021", "numero": "155", "tipo__sigla": "OR", "tipo__descricao": "OF\u00cdCIOS RECEBIDOS", "assunto": "Resposta \u00e0s indica\u00e7\u00f5es 091, 092, 093, 094 do vereador Luiz Felipe Mendon\u00e7a Rodrigues"}, {"id": "3925", "ano": "2021", "numero": "155", "tipo__sigla": "OVC", "tipo__descricao": "Of\u00edcio de Vereador/Comiss\u00e3o", "assunto": "Solicita ressarcimento no valor de R$120,00 referente a abastecimento do ve\u00edculo da C\u00e2mara Municipal de Santana da Vargem"}, {"id": "4012", "ano": "2021", "numero": "155", "tipo__sigla": "DI", "tipo__descricao": "Di\u00e1rias e documentos relativos", "assunto": "An\u00e1lise da presta\u00e7\u00e3o de contas do recebimento de di\u00e1rias Maria Aparecida de Ara\u00fajo Reis  (Belo Horizonte 24/11/2021)"}, {"id": "4040", "ano": "2021", "numero": "155", "tipo__sigla": "PARE", "tipo__descricao": "PARECER", "assunto": "Parecer Jur\u00eddico - Projeto de Lei Ordin\u00e1ria n\u00ba 53 - Estabelece o Plano Plurianual para o per\u00edodo de 2022 a 2025."}, {"id": "2826", "ano": "2021", "numero": "156", "tipo__sigla": "OFEXP", "tipo__descricao": "Of\u00edcio Expedido", "assunto": "Encaminhamento de reda\u00e7\u00e3o final e de c\u00f3pia dos projetos de lei aprovados na 16\u00aa reuni\u00e3o ordin\u00e1ria"}, {"id": "3131", "ano": "2021", "numero": "156", "tipo__sigla": "OR", "tipo__descricao": "OF\u00cdCIOS RECEBIDOS", "assunto": "Resposta ao of\u00edcio 010/2021 do vereador Luiz Felipe Mendon\u00e7a Rodrigues"}, {"id": "3947", "ano": "2021", "numero": "156", "tipo__sigla": "OVC", "tipo__descricao": "Of\u00edcio de Vereador/Comiss\u00e3o", "assunto": "Solicita inscri\u00e7\u00e3o no curso: Vereador, Responsabilidade e compet\u00eancias"}, {"id": "4041", "ano": "2021", "numero": "156", "tipo__sigla": "PARE", "tipo__descricao": "PARECER", "assunto": "Parecer Jur\u00eddico - Dispensa - Aquisi\u00e7\u00e3o de Material de Expediente."}, {"id": "4042", "ano": "2021", "numero": "156", "tipo__sigla": "DI", "tipo__descricao": "Di\u00e1rias e documentos relativos", "assunto": "Relat\u00f3rio de viagem Ronalthe Dayglas Rocha (30/11/2021 a 03/12/2021)"}, {"id": "2834", "ano": "2021", "numero": "157", "tipo__sigla": "OFEXP", "tipo__descricao": "Of\u00edcio Expedido", "assunto": "Encaminha relat\u00f3rio cont\u00e1bil referente ao m\u00eas de abril de 2021"}, {"id": "3132", "ano": "2021", "numero": "157", "tipo__sigla": "OR", "tipo__descricao": "OF\u00cdCIOS RECEBIDOS", "assunto": "Resposta \u00e0s indica\u00e7\u00f5es 030 e 031 do vereador Ezequiel da Silva"}, {"id": "3950", "ano": "2021", "numero": "157", "tipo__sigla": "OVC", "tipo__descricao": "Of\u00edcio de Vereador/Comiss\u00e3o", "assunto": "Solicita cancelamento da inscri\u00e7\u00e3o no curso: vereador, responsabilidades e compet\u00eancias"}, {"id": "4048", "ano": "2021", "numero": "157", "tipo__sigla": "DI", "tipo__descricao": "Di\u00e1rias e documentos relativos", "assunto": "An\u00e1lise da presta\u00e7\u00e3o de contas do recebimento de di\u00e1rias, Ronalthe Dayglas Rocha, (Belo Horizonte 30/11/2021)"}, {"id": "4114", "ano": "2021", "numero": "157", "tipo__sigla": "PARE", "tipo__descricao": "PARECER", "assunto": "Parecer Jur\u00eddico - Preg\u00e3o Presencial - Aquisi\u00e7\u00e3o de 2 (dois) arm\u00e1rios grandes, 1 (um) arm\u00e1rio a\u00e9reo, 2 (duas) mesas retangulares, 2 (duas) mesas tipo L sendo todos planejados."}, {"id": "2848", "ano": "2021", "numero": "158", "tipo__sigla": "OFEXP", "tipo__descricao": "Of\u00edcio Expedido", "assunto": "Encaminha a m\u00eddia digital, para publica\u00e7\u00e3o no Di\u00e1rio Oficial do Aviso de Licita\u00e7\u00e3o, referente ao Preg\u00e3o Presencial  n\u00ba 01/2021."}, {"id": "3133", "ano": "2021", "numero": "158", "tipo__sigla": "OR", "tipo__descricao": "OF\u00cdCIOS RECEBIDOS", "assunto": "Resposta \u00e0s indica\u00e7\u00f5es 043, 044 e ao requerimento 010 do vereador Vitor Donizetti Siqueira J\u00fanior"}, {"id": "3952", "ano": "2021", "numero": "158", "tipo__sigla": "OVC", "tipo__descricao": "Of\u00edcio de Vereador/Comiss\u00e3o", "assunto": "Solicita inscri\u00e7\u00e3o no curso sobre no\u00e7\u00f5es essenciais de fiscaliza\u00e7\u00e3o das finan\u00e7as municipais"}, {"id": "4051", "ano": "2021", "numero": "158", "tipo__sigla": "DI", "tipo__descricao": "Di\u00e1rias e documentos relativos", "assunto": "Relat\u00f3rio de viagem Vitor Donizetti Siqueira Junior (Belo Horizonte - 30/11/2021 a 03/12/2021)"}, {"id": "2849", "ano": "2021", "numero": "159", "tipo__sigla": "OFEXP", "tipo__descricao": "Of\u00edcio Expedido", "assunto": "encaminha para publica\u00e7\u00e3o no Di\u00e1rio Oficial o Extrato de Dispensa n\u00ba 04/2021."}, {"id": "3134", "ano": "2021", "numero": "159", "tipo__sigla": "OR", "tipo__descricao": "OF\u00cdCIOS RECEBIDOS", "assunto": "Resposta ao Of\u00edcio 004/2021 da C\u00e2mara Municipal de Santana da Vargem"}, {"id": "3961", "ano": "2021", "numero": "159", "tipo__sigla": "OVC", "tipo__descricao": "Of\u00edcio de Vereador/Comiss\u00e3o", "assunto": "Convoca\u00e7\u00e3o Comiss\u00e3o Legisla\u00e7\u00e3o Justi\u00e7a e Reda\u00e7\u00e3o Final reuni\u00e3o 23/11/2021 \u00e0s 18:30"}, {"id": "4053", "ano": "2021", "numero": "159", "tipo__sigla": "DI", "tipo__descricao": "Di\u00e1rias e documentos relativos", "assunto": "Relat\u00f3rio de viagem Carlos Ribeiro (Belo Horizonte 30/11/2021 a 31/11/2021)"}, {"id": "2850", "ano": "2021", "numero": "160", "tipo__sigla": "OFEXP", "tipo__descricao": "Of\u00edcio Expedido", "assunto": "Solicita copia do PROCESSO LICITAT\u00d3RIO N\u00ba 45/2021, PREG\u00c3O PRESENCIAL N\u00ba 17/2021 para Aquisi\u00e7\u00e3o de material de limpeza, higiene e utilidades dom\u00e9sticas para diversas secretarias da Prefeitura Municipal de Santana da Vargem."}, {"id": "3186", "ano": "2021", "numero": "160", "tipo__sigla": "OR", "tipo__descricao": "OF\u00cdCIOS RECEBIDOS", "assunto": "Of\u00edcio 276 Prefeitura, resposta ao of\u00edcio 005 do vereador Ronalthe Rocha"}, {"id": "3965", "ano": "2021", "numero": "160", "tipo__sigla": "OVC", "tipo__descricao": "Of\u00edcio de Vereador/Comiss\u00e3o", "assunto": "Solicita inscri\u00e7\u00e3o no curso : Governo, instrumento de planejamento e gest\u00e3o administrativa"}, {"id": "4054", "ano": "2021", "numero": "160", "tipo__sigla": "DI", "tipo__descricao": "Di\u00e1rias e documentos relativos", "assunto": "An\u00e1lise da presta\u00e7\u00e3o de contas do recebimento de di\u00e1rias Vitor Donizetti Siqueira Junior (30/11/2021)"}, {"id": "2863", "ano": "2021", "numero": "161", "tipo__sigla": "OFEXP", "tipo__descricao": "Of\u00edcio Expedido", "assunto": "encaminhamento de c\u00f3pia do projeto de lei aprovado na 7\u00aa reuni\u00e3o extraordin\u00e1ria."}, {"id": "3187", "ano": "2021", "numero": "161", "tipo__sigla": "OR", "tipo__descricao": "OF\u00cdCIOS RECEBIDOS", "assunto": "Of\u00edcio 275 Prefeitura, resposta ao of\u00edcio 015 do vereador Vitor Donizetti"}, {"id": "3977", "ano": "2021", "numero": "161", "tipo__sigla": "OVC", "tipo__descricao": "Of\u00edcio de Vereador/Comiss\u00e3o", "assunto": "Solicita inscri\u00e7\u00e3o no curso Governo, instrumento de planejamento e gest\u00e3o administrativa"}, {"id": "4055", "ano": "2021", "numero": "161", "tipo__sigla": "DI", "tipo__descricao": "Di\u00e1rias e documentos relativos", "assunto": "An\u00e1lise da presta\u00e7\u00e3o de contas do recebimento de di\u00e1rias Carlos C\u00e9zar Ribeiro (30/11/2021)"}, {"id": "2864", "ano": "2021", "numero": "162", "tipo__sigla": "OFEXP", "tipo__descricao": "Of\u00edcio Expedido", "assunto": "Encaminha indica\u00e7\u00f5es 016 e 017 feitas pelo vereador Ronalthe"}, {"id": "3188", "ano": "2021", "numero": "162", "tipo__sigla": "OR", "tipo__descricao": "OF\u00cdCIOS RECEBIDOS", "assunto": "Of\u00edcio 274 prefeitura, resposta \u00e0s indica\u00e7\u00f5es 048 a 050 do vereador Vitor Donizetti"}, {"id": "4019", "ano": "2021", "numero": "162", "tipo__sigla": "OVC", "tipo__descricao": "Of\u00edcio de Vereador/Comiss\u00e3o", "assunto": "solicita informa\u00e7\u00f5es acerca de quando a Administra\u00e7\u00e3o pretende instalar as l\u00e2mpadas nos postes que j\u00e1 est\u00e3o instalados na Avenida Mario Pereira (antiga Avenida Ribeir\u00e3o Santana)."}, {"id": "4068", "ano": "2021", "numero": "162", "tipo__sigla": "DI", "tipo__descricao": "Di\u00e1rias e documentos relativos", "assunto": "Relat\u00f3rio de viagem Ezequiel da Silva ( Belo Horizonte 30/11/2021 a 03/12/2021)"}, {"id": "2865", "ano": "2021", "numero": "163", "tipo__sigla": "OFEXP", "tipo__descricao": "Of\u00edcio Expedido", "assunto": "Encaminha indica\u00e7\u00e3o 002 feita pelo vereador Walter Silva"}, {"id": "3189", "ano": "2021", "numero": "163", "tipo__sigla": "OR", "tipo__descricao": "OF\u00cdCIOS RECEBIDOS", "assunto": "Of\u00edcio 273 prefeitura, resposta \u00e0s indica\u00e7\u00f5es 032 a 035 do vereador Ezequiel da Silva"}, {"id": "4069", "ano": "2021", "numero": "163", "tipo__sigla": "DI", "tipo__descricao": "Di\u00e1rias e documentos relativos", "assunto": "Relat\u00f3rio de  viagem Walter Silva (Belo Horizonte 30/11/2021 a 03/12/2021)"}, {"id": "4117", "ano": "2021", "numero": "163", "tipo__sigla": "OVC", "tipo__descricao": "Of\u00edcio de Vereador/Comiss\u00e3o", "assunto": "Solicita retirada do projeto de lei 39/2021 do legislativo"}, {"id": "2866", "ano": "2021", "numero": "164", "tipo__sigla": "OFEXP", "tipo__descricao": "Of\u00edcio Expedido", "assunto": "Encaminha as indica\u00e7\u00f5es 032 e 033 do vereador Vitor Donizetti"}, {"id": "3190", "ano": "2021", "numero": "164", "tipo__sigla": "OR", "tipo__descricao": "OF\u00cdCIOS RECEBIDOS", "assunto": "Of\u00edcio 272 prefeitura, resposta \u00e0s indica\u00e7\u00f5es 022, 023 e 024 do vereador Ronalthe Dayglas Rocha"}, {"id": "4087", "ano": "2021", "numero": "164", "tipo__sigla": "DI", "tipo__descricao": "Di\u00e1rias e documentos relativos", "assunto": "An\u00e1lise da presta\u00e7\u00e3o de contas do recebimento de di\u00e1rias Ezequiel da Silva (Belo Horizonte 30/11/2021)"}, {"id": "2867", "ano": "2021", "numero": "165", "tipo__sigla": "OFEXP", "tipo__descricao": "Of\u00edcio Expedido", "assunto": "Encaminha as indica\u00e7\u00f5es 076, 077, 078 e 079 do vereador Luiz Felipe"}, {"id": "3191", "ano": "2021", "numero": "165", "tipo__sigla": "OR", "tipo__descricao": "OF\u00cdCIOS RECEBIDOS", "assunto": "Of\u00edcio 267 prefeitura, resposta \u00e0s indica\u00e7\u00f5es 100, 101, 102, 103, 104, 105 e 106 do vereador Luiz Felipe"}, {"id": "4088", "ano": "2021", "numero": "165", "tipo__sigla": "DI", "tipo__descricao": "Di\u00e1rias e documentos relativos", "assunto": "An\u00e1lise da presta\u00e7\u00e3o de contas do recebimento de di\u00e1rias Walter Silva (Belo Horizonte 30/11/2021)"}, {"id": "2868", "ano": "2021", "numero": "166", "tipo__sigla": "OFEXP", "tipo__descricao": "Of\u00edcio Expedido", "assunto": "Encaminha a indica\u00e7\u00e3o 022 feita pelo vereador Ezequiel"}, {"id": "3192", "ano": "2021", "numero": "166", "tipo__sigla": "OR", "tipo__descricao": "OF\u00cdCIOS RECEBIDOS", "assunto": "of\u00edcio recebido 266, resposta \u00e0s indica\u00e7\u00f5es 095, 096, 097 e 098 do vereador Luiz Felipe."}, {"id": "4102", "ano": "2021", "numero": "166", "tipo__sigla": "DI", "tipo__descricao": "Di\u00e1rias e documentos relativos", "assunto": "Requerimento de concess\u00e3o de di\u00e1rias adiantadas  Luiz Felipe Mendon\u00e7a Rodrigues (Belo Horizonte 27 de dezembro)"}, {"id": "2904", "ano": "2021", "numero": "167", "tipo__sigla": "OFEXP", "tipo__descricao": "Of\u00edcio Expedido", "assunto": "Convoca a Secret\u00e1ria de Sa\u00fade"}, {"id": "3193", "ano": "2021", "numero": "167", "tipo__sigla": "OR", "tipo__descricao": "OF\u00cdCIOS RECEBIDOS", "assunto": "Of\u00edcio 265 recebido, resposta \u00e0s indica\u00e7\u00f5es 032 e 033 prefeitura"}, {"id": "4104", "ano": "2021", "numero": "167", "tipo__sigla": "DI", "tipo__descricao": "Di\u00e1rias e documentos relativos", "assunto": "C\u00e1lculo de quantidades e de valores a pagar de di\u00e1rias Luiz Felipe Mendon\u00e7a Rodrigues (Belo Horizonte- 27/12/2021 a 27/12/2021)"}, {"id": "2909", "ano": "2021", "numero": "168", "tipo__sigla": "OFEXP", "tipo__descricao": "Of\u00edcio Expedido", "assunto": "Encaminha para publica\u00e7\u00e3o no Di\u00e1rio Oficial o Extrato de Inexigibilidade n\u00ba 06/2021."}, {"id": "3194", "ano": "2021", "numero": "168", "tipo__sigla": "OR", "tipo__descricao": "OF\u00cdCIOS RECEBIDOS", "assunto": "Of\u00edcio recebido 264, repostas \u00e0s indica\u00e7\u00f5es 045, 046, 047 e requerimento 011 do vereador Vitor Donizetti"}, {"id": "2915", "ano": "2021", "numero": "169", "tipo__sigla": "OFEXP", "tipo__descricao": "Of\u00edcio Expedido", "assunto": "Encaminha indica\u00e7\u00e3o 034 e requerimento 006 feitos pelo vereador Vitor"}, {"id": "3230", "ano": "2021", "numero": "169", "tipo__sigla": "OR", "tipo__descricao": "OF\u00cdCIOS RECEBIDOS", "assunto": "Quantitativo de pacientes provenientes do munic\u00edpio de Santana da Vargem que possuem tratamento oncol\u00f3gico ativo na Unidade de Assist\u00eancia de Alta Complexidade"}, {"id": "2916", "ano": "2021", "numero": "170", "tipo__sigla": "OFEXP", "tipo__descricao": "Of\u00edcio Expedido", "assunto": "Encaminha requerimento 001 dos vereadores Vitor e Jackson"}, {"id": "3249", "ano": "2021", "numero": "170", "tipo__sigla": "OR", "tipo__descricao": "OF\u00cdCIOS RECEBIDOS", "assunto": "Of\u00edcio 288/2021 (Prefeitura Municipal de Santana da Vargem)- resposta ao requerimento 012/2021 do vereador Vitor Donizetti Siqueira Junior"}, {"id": "2917", "ano": "2021", "numero": "171", "tipo__sigla": "OFEXP", "tipo__descricao": "Of\u00edcio Expedido", "assunto": "Encaminha indica\u00e7\u00e3o 080 do vereador Luiz Felipe Mendon\u00e7a Rodrigues"}, {"id": "3253", "ano": "2021", "numero": "171", "tipo__sigla": "OR", "tipo__descricao": "OF\u00cdCIOS RECEBIDOS", "assunto": "Solicita urg\u00eancia na tramita\u00e7\u00e3o dos projetos de lei 26 e 28 de abril"}, {"id": "2918", "ano": "2021", "numero": "172", "tipo__sigla": "OFEXP", "tipo__descricao": "Of\u00edcio Expedido", "assunto": "Encaminha a indica\u00e7\u00e3o 023/2021 do vereador Ezequiel"}, {"id": "3255", "ano": "2021", "numero": "172", "tipo__sigla": "OR", "tipo__descricao": "OF\u00cdCIOS RECEBIDOS", "assunto": "Considera\u00e7\u00f5es a respeito do projeto de lei 39 de 28 de maio de 2021"}, {"id": "2929", "ano": "2021", "numero": "173", "tipo__sigla": "OFEXP", "tipo__descricao": "Of\u00edcio Expedido", "assunto": "Encaminha para publica\u00e7\u00e3o o Extrato da Dispensa n\u00ba 05/2021."}, {"id": "3265", "ano": "2021", "numero": "173", "tipo__sigla": "OR", "tipo__descricao": "OF\u00cdCIOS RECEBIDOS", "assunto": "Encaminha indica\u00e7\u00f5es 055, 056 e 57 do vereador Vitor Donizetti Siqueira Junior"}, {"id": "2930", "ano": "2021", "numero": "174", "tipo__sigla": "OFEXP", "tipo__descricao": "Of\u00edcio Expedido", "assunto": "Solicita a disponibiliza\u00e7\u00e3o de pedreiro, e materiais de constru\u00e7\u00e3o para a amplia\u00e7\u00e3o da sala de recep\u00e7\u00e3o."}, {"id": "3281", "ano": "2021", "numero": "174", "tipo__sigla": "OR", "tipo__descricao": "OF\u00cdCIOS RECEBIDOS", "assunto": "Encaminha documentos cont\u00e1beis complementares ao projeto de lei 28/2021"}, {"id": "2931", "ano": "2021", "numero": "175", "tipo__sigla": "OFEXP", "tipo__descricao": "Of\u00edcio Expedido", "assunto": "Solicita copia do processo licitat\u00f3rio, Preg\u00e3o Presencial N\u00ba 26/2021 para aquisi\u00e7\u00e3o de materiais de papelaria para diversas Secretarias Municipais."}, {"id": "3287", "ano": "2021", "numero": "175", "tipo__sigla": "OR", "tipo__descricao": "OF\u00cdCIOS RECEBIDOS", "assunto": "Of\u00edcio recebido Expedito Alves de Oliveira  Solicita documentos (of\u00edcio 411/2021 3\u00aa PJTP- Di\u00e1rias pagas/Carlos C\u00e9zar Ribeiro)"}, {"id": "2936", "ano": "2021", "numero": "176", "tipo__sigla": "OFEXP", "tipo__descricao": "Of\u00edcio Expedido", "assunto": "Encaminha indica\u00e7\u00f5es 081 e 082 feitas pelo vereador Luiz Felipe"}, {"id": "3301", "ano": "2021", "numero": "176", "tipo__sigla": "OR", "tipo__descricao": "OF\u00cdCIOS RECEBIDOS", "assunto": "Of\u00edcio 300/2021 da prefeitura: resposta \u00e0 indica\u00e7\u00e3o 047/2021 do vereador Vitor Donizetti Siqueira Junior"}, {"id": "2937", "ano": "2021", "numero": "177", "tipo__sigla": "OFEXP", "tipo__descricao": "Of\u00edcio Expedido", "assunto": "Encaminha indica\u00e7\u00f5es 18, 19 e 20 feitas pelo vereador Ronalthe"}, {"id": "3302", "ano": "2021", "numero": "177", "tipo__sigla": "OR", "tipo__descricao": "OF\u00cdCIOS RECEBIDOS", "assunto": "Of\u00edcio 305/2021 Prefeitura: Resposta ao of\u00edcio 005/2021 do vereador Jackson"}, {"id": "2938", "ano": "2021", "numero": "178", "tipo__sigla": "OFEXP", "tipo__descricao": "Of\u00edcio Expedido", "assunto": "Encaminha indica\u00e7\u00e3o 027 do vereador Ezequiel da Silva"}, {"id": "3303", "ano": "2021", "numero": "178", "tipo__sigla": "OR", "tipo__descricao": "OF\u00cdCIOS RECEBIDOS", "assunto": "Of\u00edcio 295/2021 prefeitura: resposta ao requerimento 007/2021 do vereador Vitor Donizetti"}, {"id": "2939", "ano": "2021", "numero": "179", "tipo__sigla": "OFEXP", "tipo__descricao": "Of\u00edcio Expedido", "assunto": "Encaminha as indica\u00e7\u00f5es 035, 036 e 037 feitas pelo vereador Vitor"}, {"id": "3304", "ano": "2021", "numero": "179", "tipo__sigla": "OR", "tipo__descricao": "OF\u00cdCIOS RECEBIDOS", "assunto": "Of\u00edcio 304/2021 prefeitura: Resposta ao of\u00edcio 013 do vereador Luiz Felipe"}, {"id": "2941", "ano": "2021", "numero": "180", "tipo__sigla": "OFEXP", "tipo__descricao": "Of\u00edcio Expedido", "assunto": "Encaminhamento c\u00f3pia dos projetos de lei aprovados na 19\u00aa reuni\u00e3o ordin\u00e1ria"}, {"id": "3305", "ano": "2021", "numero": "180", "tipo__sigla": "OR", "tipo__descricao": "OF\u00cdCIOS RECEBIDOS", "assunto": "Of\u00edcio 302/2021 prefeitura: resposta \u00e0s indica\u00e7\u00f5es 0111, 112 e 113 do vereador Luiz Felipe"}, {"id": "2958", "ano": "2021", "numero": "181", "tipo__sigla": "OFEXP", "tipo__descricao": "Of\u00edcio Expedido", "assunto": "Solicita ao Prefeito que ordene que o Servidor s\u00edlvio c\u00e9sar participe da vota\u00e7\u00e3o do projeto de lei ordin\u00e1ria n\u00ba 40."}, {"id": "3312", "ano": "2021", "numero": "181", "tipo__sigla": "OR", "tipo__descricao": "OF\u00cdCIOS RECEBIDOS", "assunto": "Of\u00edcio 311/2021 Prefeitura: Encaminha os balancetes de Receitas e Despesas referentes aos meses de junho e julho de 2021 (Prefeitura Municipal de Santana da Vargem)"}, {"id": "2960", "ano": "2021", "numero": "182", "tipo__sigla": "OFEXP", "tipo__descricao": "Of\u00edcio Expedido", "assunto": "Encaminha o Of\u00edcio 178/2021 de autoria do vereador Luiz Felipe para conhecimento e analise"}, {"id": "3313", "ano": "2021", "numero": "182", "tipo__sigla": "OR", "tipo__descricao": "OF\u00cdCIOS RECEBIDOS", "assunto": "A Secretaria de A\u00e7\u00e3o Social convida os vereadores para o evento \"Agosto Lil\u00e1s\""}, {"id": "2959", "ano": "2021", "numero": "183", "tipo__sigla": "OFEXP", "tipo__descricao": "Of\u00edcio Expedido", "assunto": "Informa ao Executivo que n\u00e3o houve reuni\u00f5es extraordin\u00e1rias"}, {"id": "3334", "ano": "2021", "numero": "183", "tipo__sigla": "OR", "tipo__descricao": "OF\u00cdCIOS RECEBIDOS", "assunto": "Of\u00edcio 320 prefeitura: resposta \u00e0 indica\u00e7\u00e3o 006/2021 da Vereadora Maria Aparecida de Ara\u00fajo Reis"}, {"id": "2973", "ano": "2021", "numero": "184", "tipo__sigla": "OFEXP", "tipo__descricao": "Of\u00edcio Expedido", "assunto": "Solicita que o Prefeito ordene a presen\u00e7a do Servidor S\u00edlvio C\u00e9sar (Contador) durante a vota\u00e7\u00e3o do projeto n\u00ba 40, dia 15/06/2021, para sanar qualquer d\u00favida que os Vereadores possam ter"}, {"id": "3335", "ano": "2021", "numero": "184", "tipo__sigla": "OR", "tipo__descricao": "OF\u00cdCIOS RECEBIDOS", "assunto": "Of\u00edcio 322/2021 Prefeitura: Resposta \u00e0s indica\u00e7\u00f5es 107, 108 109 e 110 do vereador Luiz Felipe Mendon\u00e7a Rodrigues"}, {"id": "2975", "ano": "2021", "numero": "185", "tipo__sigla": "OFEXP", "tipo__descricao": "Of\u00edcio Expedido", "assunto": "Encaminha os requerimentos n\u00ba 07 e 08/2021 feitas pelo nobre edil Vitor Donizetti Siqueira Junior."}, {"id": "3336", "ano": "2021", "numero": "185", "tipo__sigla": "OR", "tipo__descricao": "OF\u00cdCIOS RECEBIDOS", "assunto": "Of\u00edcio 323/2021 Prefeitura: Resposta as indica\u00e7\u00f5es 051, 052 e 053 do vereador Vitor Donizetti Siqueira J\u00fanior"}, {"id": "2976", "ano": "2021", "numero": "186", "tipo__sigla": "OFEXP", "tipo__descricao": "Of\u00edcio Expedido", "assunto": "Encaminha indica\u00e7\u00e3o 382021 feitas pelo nobre edil Vitor Donizetti Siqueira Junior."}, {"id": "3337", "ano": "2021", "numero": "186", "tipo__sigla": "OR", "tipo__descricao": "OF\u00cdCIOS RECEBIDOS", "assunto": "Of\u00edcio recebido 321/2021 Prefeitura: Resposta \u00e0 indica\u00e7\u00e3o 010/2021 do vereador Jackson  Luiz Ven\u00e2ncio"}, {"id": "2978", "ano": "2021", "numero": "187", "tipo__sigla": "OFEXP", "tipo__descricao": "Of\u00edcio Expedido", "assunto": "Encaminha as indica\u00e7\u00f5es n\u00ba 83, 84, 85 e 86/2021 feita pelo nobre edil Luiz Felipe Mendon\u00e7a Rodrigues"}, {"id": "3343", "ano": "2021", "numero": "187", "tipo__sigla": "OR", "tipo__descricao": "OF\u00cdCIOS RECEBIDOS", "assunto": "Of\u00edcio 124/2021 Servi\u00e7o de Vigil\u00e2ncia em Sa\u00fade: Resposta ao of\u00edcio 006/2021 do vereador Ronatlhe Dayglas Rocha"}, {"id": "2979", "ano": "2021", "numero": "188", "tipo__sigla": "OFEXP", "tipo__descricao": "Of\u00edcio Expedido", "assunto": "Encaminha indica\u00e7\u00e3o n\u00ba 21/2021 feita pelo nobre edil Ronalthe Dayglas Rocha."}, {"id": "3362", "ano": "2021", "numero": "188", "tipo__sigla": "OR", "tipo__descricao": "OF\u00cdCIOS RECEBIDOS", "assunto": "Solicita a retirada do projeto de lei complementar 05/2021 \"Disp\u00f5e sobre a altera\u00e7\u00e3o da Lei Municipal n\u00ba 1.228\u00c1 de 20 de dezembro de 2010, altera o anexo III da lei Municipal n\u00ba 1.083 de 02 de julho de 2008 e d\u00e1 outras provid\u00eancias\""}, {"id": "2981", "ano": "2021", "numero": "189", "tipo__sigla": "OFEXP", "tipo__descricao": "Of\u00edcio Expedido", "assunto": "Encaminha relat\u00f3rio de restitui\u00e7\u00e3o do pagamento de valores excedentes de di\u00e1ria"}, {"id": "3373", "ano": "2021", "numero": "189", "tipo__sigla": "OR", "tipo__descricao": "OF\u00cdCIOS RECEBIDOS", "assunto": "Solicita impreterivelmente no prazo de 05 (cinco) dias \u00fateis ap\u00f3s o recebimento deste, um representante desta C\u00e2mara de Vereadores (servidor efetivo) como o objetivo de ser membro efetivo da Comiss\u00e3o Especial para auxiliar na elabora\u00e7\u00e3o da lei de Planos, Cargos e Sal\u00e1rios e do Estatuto do Servidor P\u00fablico no \u00e2mbito Municipal de Santana da vargem"}, {"id": "2982", "ano": "2021", "numero": "190", "tipo__sigla": "OFEXP", "tipo__descricao": "Of\u00edcio Expedido", "assunto": "encaminha para publica\u00e7\u00e3o no Di\u00e1rio Oficial o Extrato de Inexigibilidade n\u00ba 07/2021."}, {"id": "3392", "ano": "2021", "numero": "190", "tipo__sigla": "OR", "tipo__descricao": "OF\u00cdCIOS RECEBIDOS", "assunto": "Of\u00edcio 335 prefeitura- resposta \u00e0s indica\u00e7\u00f5es 058, 059, 060 e 061 do vereador Vitor Donizetti Siqueira Junior"}, {"id": "2984", "ano": "2021", "numero": "191", "tipo__sigla": "OFEXP", "tipo__descricao": "Of\u00edcio Expedido", "assunto": "Solicita que seja emitido uma guia de pagamento no valor de R$ 3.601,90 (tr\u00eas mil seiscentos e um reais e noventa centavos) de IRRF, referente aos meses  03, 04 e 05 de 2021."}, {"id": "3393", "ano": "2021", "numero": "191", "tipo__sigla": "OR", "tipo__descricao": "OF\u00cdCIOS RECEBIDOS", "assunto": "Of\u00edcio 334 Prefeitura- resposta \u00e0s indica\u00e7\u00f5es 055, 056 e 057 do vereador Vitor Donizetti Siqueira Junior"}, {"id": "2985", "ano": "2021", "numero": "192", "tipo__sigla": "OFEXP", "tipo__descricao": "Of\u00edcio Expedido", "assunto": "Solicita guia de pagamento referente aos rendimentos de aplica\u00e7\u00e3o auferidos nos meses  03, 04 e 05 de 2021."}, {"id": "3394", "ano": "2021", "numero": "192", "tipo__sigla": "OR", "tipo__descricao": "OF\u00cdCIOS RECEBIDOS", "assunto": "Of\u00edcio 333/2021 Prefeitura: Resposta ao of\u00edcio 244 da C\u00e2mara Municipal (pagamento IPTU com desconto)"}, {"id": "2988", "ano": "2021", "numero": "193", "tipo__sigla": "OFEXP", "tipo__descricao": "Of\u00edcio Expedido", "assunto": "Encaminha  o Of\u00edcio 26/2021 da Procuradoria Legislativa."}, {"id": "3395", "ano": "2021", "numero": "193", "tipo__sigla": "OR", "tipo__descricao": "OF\u00cdCIOS RECEBIDOS", "assunto": "Of\u00edcio 332/2021 Prefeitura- Resposta \u00e0s indica\u00e7\u00f5es 007 e 008 da vereadora Maria Aparecida de Ara\u00fajo Reis"}, {"id": "2989", "ano": "2021", "numero": "194", "tipo__sigla": "OFEXP", "tipo__descricao": "Of\u00edcio Expedido", "assunto": "encaminha o Of\u00edcio 12/2021 de autoria do vereador Vitor Donizetti Siqueira Junior."}, {"id": "3396", "ano": "2021", "numero": "194", "tipo__sigla": "OR", "tipo__descricao": "OF\u00cdCIOS RECEBIDOS", "assunto": "Of\u00edcio 331/2021 Prefeitura: Resposta \u00e0 indica\u00e7\u00e3o 037 do vereador Ezequiel"}, {"id": "2996", "ano": "2021", "numero": "195", "tipo__sigla": "OFEXP", "tipo__descricao": "Of\u00edcio Expedido", "assunto": "Of\u00edcio 226/2021 - Responde of\u00edcio 05/2021 da comiss\u00e3o de finan\u00e7as e or\u00e7amento para apresentar defesa na presta\u00e7\u00e3o de contas do exerc\u00edcio financeiro de 2019"}, {"id": "3407", "ano": "2021", "numero": "195", "tipo__sigla": "OR", "tipo__descricao": "OF\u00cdCIOS RECEBIDOS", "assunto": "Of\u00edcio recebido 352 prefeitura: Encaminha anexo de metas e prioridades para an\u00e1lise"}, {"id": "3012", "ano": "2021", "numero": "196", "tipo__sigla": "OFEXP", "tipo__descricao": "Of\u00edcio Expedido", "assunto": "Solicita veiculo do executivo"}, {"id": "3426", "ano": "2021", "numero": "196", "tipo__sigla": "OR", "tipo__descricao": "OF\u00cdCIOS RECEBIDOS", "assunto": "Of\u00edcio 353/2021 Prefeitura: Solicita urg\u00eancia na tramita\u00e7\u00e3o dos projetos de lei 38, 42, 46 e 48"}, {"id": "3022", "ano": "2021", "numero": "197", "tipo__sigla": "OFEXP", "tipo__descricao": "Of\u00edcio Expedido", "assunto": "Encaminhamento de c\u00f3pia dos projetos de lei aprovados na 21\u00aa reuni\u00e3o ordin\u00e1ria."}, {"id": "3436", "ano": "2021", "numero": "197", "tipo__sigla": "OR", "tipo__descricao": "OF\u00cdCIOS RECEBIDOS", "assunto": "Of\u00edcio 349/2021 Prefeitura: Resposta \u00e0s indica\u00e7\u00f5es 114, 115 e os requerimentos 001 e 002 do vereador Luiz Felipe"}, {"id": "3023", "ano": "2021", "numero": "198", "tipo__sigla": "OFEXP", "tipo__descricao": "Of\u00edcio Expedido", "assunto": "Encaminha indica\u00e7\u00f5es 087 a 090 feitas pelo vereador Luiz Felipe"}, {"id": "3437", "ano": "2021", "numero": "198", "tipo__sigla": "OR", "tipo__descricao": "OF\u00cdCIOS RECEBIDOS", "assunto": "Of\u00edcio 350/2021 Prefeitura: Resposta \u00e0 indica\u00e7\u00e3o 036/2021 do vereador Ezequiel da Silva"}, {"id": "3024", "ano": "2021", "numero": "199", "tipo__sigla": "OFEXP", "tipo__descricao": "Of\u00edcio Expedido", "assunto": "Encaminha indica\u00e7\u00f5es 028 e 029 Ezequiel"}, {"id": "3438", "ano": "2021", "numero": "199", "tipo__sigla": "OR", "tipo__descricao": "OF\u00cdCIOS RECEBIDOS", "assunto": "Of\u00edcio 351/2021 Prefeitura: Resposta \u00e0 indica\u00e7\u00e3o  025 do vereador Ronalthe Dayglas Rocha"}, {"id": "3025", "ano": "2021", "numero": "200", "tipo__sigla": "OFEXP", "tipo__descricao": "Of\u00edcio Expedido", "assunto": "Encaminha indica\u00e7\u00f5es 039 a 041 e requerimentos 008 e 009 do vereador Vitor Donizetti Siqueira Junior"}, {"id": "3439", "ano": "2021", "numero": "200", "tipo__sigla": "OR", "tipo__descricao": "OF\u00cdCIOS RECEBIDOS", "assunto": "of\u00edcio 335/2021 Prefeitura: Resposta \u00e0s indica\u00e7\u00f5es 116, 117 e 118 do vereador  Luiz Felipe"}, {"id": "3027", "ano": "2021", "numero": "201", "tipo__sigla": "OFEXP", "tipo__descricao": "Of\u00edcio Expedido", "assunto": "Encaminha para publica\u00e7\u00e3o no Di\u00e1rio Oficial o Extrato de Dispensa n\u00ba 07/2021."}, {"id": "3440", "ano": "2021", "numero": "201", "tipo__sigla": "OR", "tipo__descricao": "OF\u00cdCIOS RECEBIDOS", "assunto": "Convite para a celebra\u00e7\u00e3o do dia da Independ\u00eancia do Brasil no munic\u00edpio de Santana da Vargem"}, {"id": "3028", "ano": "2021", "numero": "202", "tipo__sigla": "OFEXP", "tipo__descricao": "Of\u00edcio Expedido", "assunto": "encaminha para publica\u00e7\u00e3o no Di\u00e1rio Oficial o Extrato de Inexigibilidade n\u00ba 08/2021."}, {"id": "3476", "ano": "2021", "numero": "202", "tipo__sigla": "OR", "tipo__descricao": "OF\u00cdCIOS RECEBIDOS", "assunto": "Of\u00edcio recebido 357/2021 prefeitura: Encaminha documento projeto de lei 48/2021"}, {"id": "3034", "ano": "2021", "numero": "203", "tipo__sigla": "OFEXP", "tipo__descricao": "Of\u00edcio Expedido", "assunto": "Encaminha relat\u00f3rios cont\u00e1beis referentes ao m\u00eas de maio de 2021"}, {"id": "3484", "ano": "2021", "numero": "203", "tipo__sigla": "OR", "tipo__descricao": "OF\u00cdCIOS RECEBIDOS", "assunto": "Solicita uma pesquisa nos arquivos da C\u00e2mara Municipal para encaminhar a lei de utilidade p\u00fablica aprovada para este clube provavelmente nos anos de 2001 pra cima"}, {"id": "3038", "ano": "2021", "numero": "204", "tipo__sigla": "OFEXP", "tipo__descricao": "Of\u00edcio Expedido", "assunto": "Encaminha para publica\u00e7\u00e3o no Di\u00e1rio Oficial o Extrato de Dispensa n\u00ba 08/2021."}, {"id": "3491", "ano": "2021", "numero": "204", "tipo__sigla": "OR", "tipo__descricao": "OF\u00cdCIOS RECEBIDOS", "assunto": "Resposta ao of\u00edcio 06-2021 do vereador Ronatlhe Dayglas Rocha"}, {"id": "3047", "ano": "2021", "numero": "205", "tipo__sigla": "OFEXP", "tipo__descricao": "Of\u00edcio Expedido", "assunto": "Encaminha indica\u00e7\u00f5es 043 e 044 e requerimento 010 do vereador Vitor Donizetti Siqueira Junior"}, {"id": "3492", "ano": "2021", "numero": "205", "tipo__sigla": "OR", "tipo__descricao": "OF\u00cdCIOS RECEBIDOS", "assunto": "Resposta \u00e0 indica\u00e7\u00e3o 38 do vereador Ezequiel"}, {"id": "3048", "ano": "2021", "numero": "206", "tipo__sigla": "OFEXP", "tipo__descricao": "Of\u00edcio Expedido", "assunto": "Encaminha indica\u00e7\u00f5es 091 a 094 feitas pelo vereador Luiz Felipe Mendon\u00e7a Rodrigues"}, {"id": "3493", "ano": "2021", "numero": "206", "tipo__sigla": "OR", "tipo__descricao": "OF\u00cdCIOS RECEBIDOS", "assunto": "Resposta as indica\u00e7\u00f5es 062, 063 e 064 do vereador Vitor Donizetti Siqueira Junior"}, {"id": "3049", "ano": "2021", "numero": "207", "tipo__sigla": "OFEXP", "tipo__descricao": "Of\u00edcio Expedido", "assunto": "Encaminha indica\u00e7\u00f5es 030 e 031 feitas pelo vereador Ezequiel da Silva"}, {"id": "3494", "ano": "2021", "numero": "207", "tipo__sigla": "OR", "tipo__descricao": "OF\u00cdCIOS RECEBIDOS", "assunto": "Resposta \u00e0s indica\u00e7\u00f5es 026 e 027 do vereador Ronalthe Dayglas Rocha"}, {"id": "3088", "ano": "2021", "numero": "208", "tipo__sigla": "OFEXP", "tipo__descricao": "Of\u00edcio Expedido", "assunto": "Encaminha relat\u00f3rio cont\u00e1bil referente ao m\u00eas de maio de 2021"}, {"id": "3495", "ano": "2021", "numero": "208", "tipo__sigla": "OR", "tipo__descricao": "OF\u00cdCIOS RECEBIDOS", "assunto": "Resposta \u00e0 indica\u00e7\u00e3o 003 da presidente Silmara Girlaine Hon\u00f3rio"}, {"id": "3097", "ano": "2021", "numero": "209", "tipo__sigla": "OFEXP", "tipo__descricao": "Of\u00edcio Expedido", "assunto": "Encaminhamento de c\u00f3pia da reda\u00e7\u00e3o final do projeto de lei ordin\u00e1ria do legislativo cujo veto fora rejeitado"}, {"id": "3496", "ano": "2021", "numero": "209", "tipo__sigla": "OR", "tipo__descricao": "OF\u00cdCIOS RECEBIDOS", "assunto": "Resposta \u00e0s indica\u00e7\u00f5es 039 e 040 do vereador Ezequiel da Silva"}, {"id": "3091", "ano": "2021", "numero": "210", "tipo__sigla": "OFEXP", "tipo__descricao": "Of\u00edcio Expedido", "assunto": "Encaminha indica\u00e7\u00f5es 045 e 046 e os requerimentos 011 e 012 do vereador Vitor Donizetti Siqueira Junior"}, {"id": "3497", "ano": "2021", "numero": "210", "tipo__sigla": "OR", "tipo__descricao": "OF\u00cdCIOS RECEBIDOS", "assunto": "Resposta ao of\u00edcio 006 do vereador Jackson Luiz Ven\u00e2ncio"}, {"id": "3092", "ano": "2021", "numero": "211", "tipo__sigla": "OFEXP", "tipo__descricao": "Of\u00edcio Expedido", "assunto": "Encaminha indica\u00e7\u00f5es 095, 096, 097 e 098 feitas pelo vereador Luiz Felipe Mendon\u00e7a Rodrigues"}, {"id": "3498", "ano": "2021", "numero": "211", "tipo__sigla": "OR", "tipo__descricao": "OF\u00cdCIOS RECEBIDOS", "assunto": "Resposta \u00e0s indica\u00e7\u00f5es 118, 120, 121, 122 e 123 do vereador Luiz Felipe"}, {"id": "3093", "ano": "2021", "numero": "212", "tipo__sigla": "OFEXP", "tipo__descricao": "Of\u00edcio Expedido", "assunto": "Encaminha as indica\u00e7\u00f5es 032 e 033 feitas pelo vereador Ezequiel da Silva"}, {"id": "3520", "ano": "2021", "numero": "212", "tipo__sigla": "OR", "tipo__descricao": "OF\u00cdCIOS RECEBIDOS", "assunto": "Of\u00edcio 14/2021 copasa: informa que a galeria pluvial e bueiros n\u00e3o s\u00e3o de responsabilidade da COPASA MG"}, {"id": "3098", "ano": "2021", "numero": "213", "tipo__sigla": "OFEXP", "tipo__descricao": "Of\u00edcio Expedido", "assunto": "Encaminhamento de c\u00f3pia da Emenda \u00e0 Lei Org\u00e2nica promulgado pela Mesa Diretora dessa Casa"}, {"id": "3537", "ano": "2021", "numero": "213", "tipo__sigla": "OR", "tipo__descricao": "OF\u00cdCIOS RECEBIDOS", "assunto": "Of\u00edcio recebido 375/2021 prefeitura: Encaminha os balancetes de receitas e despesas referente ao m\u00eas de agosto de 2021"}, {"id": "3099", "ano": "2021", "numero": "214", "tipo__sigla": "OFEXP", "tipo__descricao": "Of\u00edcio Expedido", "assunto": "Solicita envio de projeto de lei para abertura de cr\u00e9dito adicional suplementar desejado pelo legislativo"}, {"id": "3544", "ano": "2021", "numero": "214", "tipo__sigla": "OR", "tipo__descricao": "OF\u00cdCIOS RECEBIDOS", "assunto": "Of\u00edcio recebido prefeitura 374/2021: Encaminha documentos projeto de lei ordin\u00e1ria 54/2021"}, {"id": "3110", "ano": "2021", "numero": "215", "tipo__sigla": "OFEXP", "tipo__descricao": "Of\u00edcio Expedido", "assunto": "Solicita do setor de tributa\u00e7\u00e3o da prefeitura municipal a emiss\u00e3o de guia de pagamento no valor de R$189,09 (cento e oitenta e nove reais e nove centavos) referente aos rendimentos de aplica\u00e7\u00e3o em conta"}, {"id": "3560", "ano": "2021", "numero": "215", "tipo__sigla": "OR", "tipo__descricao": "OF\u00cdCIOS RECEBIDOS", "assunto": "Of\u00edcio recebido prefeitura 381/2021 em resposta ao of\u00edcio 302/2021: Informa\u00e7\u00f5es a respeito das di\u00e1rias percebidas pelo ex prefeito Renato Teodoro da Silva, contratos e despesa com pessoal"}, {"id": "3111", "ano": "2021", "numero": "216", "tipo__sigla": "OFEXP", "tipo__descricao": "Of\u00edcio Expedido", "assunto": "Solicita emiss\u00e3o de guia no valor de R$1.204,22 de IRRF referente ao m\u00eas junho 2021"}, {"id": "3563", "ano": "2021", "numero": "216", "tipo__sigla": "OR", "tipo__descricao": "OF\u00cdCIOS RECEBIDOS", "assunto": "Of\u00edcio recebido: Apresenta\u00e7\u00e3o de defesa da presta\u00e7\u00e3o de contas exerc\u00edcio 2019 (Renato Teodoro da Silva)"}, {"id": "3112", "ano": "2021", "numero": "217", "tipo__sigla": "OFEXP", "tipo__descricao": "Of\u00edcio Expedido", "assunto": "Solicita do setor de tributa\u00e7\u00e3o que seja emitido uma guia de pagamento no valor de R$250,00 referente \u00e0 devolu\u00e7\u00e3o de di\u00e1ria excedente"}, {"id": "3564", "ano": "2021", "numero": "217", "tipo__sigla": "OR", "tipo__descricao": "OF\u00cdCIOS RECEBIDOS", "assunto": "Solicita marca\u00e7\u00e3o de data para segunda audi\u00eancia p\u00fablica para demonstra\u00e7\u00e3o discal do 2\u00ba quadrimestre"}, {"id": "3123", "ano": "2021", "numero": "218", "tipo__sigla": "OFEXP", "tipo__descricao": "Of\u00edcio Expedido", "assunto": "Encaminha indica\u00e7\u00f5es 099 a 106 do vereador Luiz Felipe Mendon\u00e7a Rodrigues"}, {"id": "3565", "ano": "2021", "numero": "218", "tipo__sigla": "OR", "tipo__descricao": "OF\u00cdCIOS RECEBIDOS", "assunto": "Resposta ao of\u00edcio 07-2021 do vereador Jackson Luiz Ven\u00e2ncio"}, {"id": "3124", "ano": "2021", "numero": "219", "tipo__sigla": "OFEXP", "tipo__descricao": "Of\u00edcio Expedido", "assunto": "Encaminha indica\u00e7\u00f5es 032 a 034 feitas pelo vereador Ezequiel da Silva"}, {"id": "3566", "ano": "2021", "numero": "219", "tipo__sigla": "OR", "tipo__descricao": "OF\u00cdCIOS RECEBIDOS", "assunto": "Comunica que a C\u00e2mara Municipal de Santana da Vargem/MG fez parte do processo de licita\u00e7\u00e3o 45/2021 preg\u00e3o presencial 17/2021"}, {"id": "3125", "ano": "2021", "numero": "220", "tipo__sigla": "OFEXP", "tipo__descricao": "Of\u00edcio Expedido", "assunto": "Encaminha indica\u00e7\u00f5es 048 a 050 feitas pelo vereador Vitor Donizetti Siqueira Junior"}, {"id": "3567", "ano": "2021", "numero": "220", "tipo__sigla": "OR", "tipo__descricao": "OF\u00cdCIOS RECEBIDOS", "assunto": "Resposta \u00e0 indica\u00e7\u00e3o 103/2021 do vereador Luiz Felipe Mendon\u00e7a Rodrigues"}, {"id": "3126", "ano": "2021", "numero": "221", "tipo__sigla": "OFEXP", "tipo__descricao": "Of\u00edcio Expedido", "assunto": "Encaminha indica\u00e7\u00f5es 022 a 024 do vereador Ronalthe Dayglas Rocha"}, {"id": "3614", "ano": "2021", "numero": "221", "tipo__sigla": "OR", "tipo__descricao": "OF\u00cdCIOS RECEBIDOS", "assunto": "Resposta \u00e0s indica\u00e7\u00f5es 011, 012, 013, 014 e 015 do vereador Jackson Luiz Ven\u00e2ncio de Souza"}, {"id": "3615", "ano": "2021", "numero": "222", "tipo__sigla": "OR", "tipo__descricao": "OF\u00cdCIOS RECEBIDOS", "assunto": "Resposta \u00e0s indica\u00e7\u00f5es 136, 137 e 138 do vereador Luiz Felipe Mendon\u00e7a Rodrigues"}, {"id": "3136", "ano": "2021", "numero": "223", "tipo__sigla": "OFEXP", "tipo__descricao": "Of\u00edcio Expedido", "assunto": "Encaminha as declara\u00e7\u00f5es de tempo de contribui\u00e7\u00e3o para fins de obten\u00e7\u00e3o de benef\u00edcio junto ao INSS"}, {"id": "3616", "ano": "2021", "numero": "223", "tipo__sigla": "OR", "tipo__descricao": "OF\u00cdCIOS RECEBIDOS", "assunto": "Resposta \u00e0s indica\u00e7\u00f5es 041, 042 e 043 do vereador Ezequiel da Silva"}, {"id": "3161", "ano": "2021", "numero": "224", "tipo__sigla": "OFEXP", "tipo__descricao": "Of\u00edcio Expedido", "assunto": "Encaminha indica\u00e7\u00f5es 107 a 110 feitas pelo vereador Luiz Felipe"}, {"id": "3617", "ano": "2021", "numero": "224", "tipo__sigla": "OR", "tipo__descricao": "OF\u00cdCIOS RECEBIDOS", "assunto": "Resposta \u00e0s indica\u00e7\u00f5es 009 e 010 da vereadora Maria Aparecida de Ara\u00fajo Reis"}, {"id": "3162", "ano": "2021", "numero": "225", "tipo__sigla": "OFEXP", "tipo__descricao": "Of\u00edcio Expedido", "assunto": "Encaminha indica\u00e7\u00f5es 051 a 054 feitas pelo vereador Vitor Donizetti"}, {"id": "3618", "ano": "2021", "numero": "225", "tipo__sigla": "OR", "tipo__descricao": "OF\u00cdCIOS RECEBIDOS", "assunto": "Resposta \u00e0s indica\u00e7\u00f5es 044 e 045 do vereador Ezequiel da Silva"}, {"id": "3163", "ano": "2021", "numero": "226", "tipo__sigla": "OFEXP", "tipo__descricao": "Of\u00edcio Expedido", "assunto": "Encaminha indica\u00e7\u00e3o 006 da vereadora Maria Aparecida"}, {"id": "3619", "ano": "2021", "numero": "226", "tipo__sigla": "OR", "tipo__descricao": "OF\u00cdCIOS RECEBIDOS", "assunto": "Resposta \u00e0 indica\u00e7\u00e3o 029 do vereador Ronalthe Dayglas Rocha"}, {"id": "3165", "ano": "2021", "numero": "227", "tipo__sigla": "OFEXP", "tipo__descricao": "Of\u00edcio Expedido", "assunto": "Encaminhamento de c\u00f3pia da reda\u00e7\u00e3o final do projeto de lei ordin\u00e1ria aprovado na 25\u00aa reuni\u00e3o odrin\u00e1ria"}, {"id": "3620", "ano": "2021", "numero": "227", "tipo__sigla": "OR", "tipo__descricao": "OF\u00cdCIOS RECEBIDOS", "assunto": "Resposta \u00e0s indica\u00e7\u00f5es 073, 074, 075 e 076"}, {"id": "3166", "ano": "2021", "numero": "228", "tipo__sigla": "OFEXP", "tipo__descricao": "Of\u00edcio Expedido", "assunto": "Encaminha relat\u00f3rios cont\u00e1beis referentes ao m\u00eas de junho de 2021"}, {"id": "3622", "ano": "2021", "numero": "228", "tipo__sigla": "OR", "tipo__descricao": "OF\u00cdCIOS RECEBIDOS", "assunto": "Resposta: Indica\u00e7\u00f5es 124, 125, 126 e requerimento 003 do vereador Luiz Felipe Mendon\u00e7a Rodrigues"}, {"id": "3169", "ano": "2021", "numero": "229", "tipo__sigla": "OFEXP", "tipo__descricao": "Of\u00edcio Expedido", "assunto": "Solicita orienta\u00e7\u00f5es do jur\u00eddico"}, {"id": "3623", "ano": "2021", "numero": "229", "tipo__sigla": "OR", "tipo__descricao": "OF\u00cdCIOS RECEBIDOS", "assunto": "Resposta: Indica\u00e7\u00f5es 130, 131, 132, 133, 134 e 135 e requerimento 005-2021"}, {"id": "3174", "ano": "2021", "numero": "230", "tipo__sigla": "OFEXP", "tipo__descricao": "Of\u00edcio Expedido", "assunto": "Informa altera\u00e7\u00e3o no valor estimado do processo de inexigibilidade 01/2021 para contrata\u00e7\u00e3o de servi\u00e7os de abastecimento de \u00e1gua tratada e servi\u00e7os esgoto"}, {"id": "3624", "ano": "2021", "numero": "230", "tipo__sigla": "OR", "tipo__descricao": "OF\u00cdCIOS RECEBIDOS", "assunto": "Resposta: indica\u00e7\u00e3o 028 do vereador Ronalthe Dayglas Rocha"}, {"id": "3176", "ano": "2021", "numero": "231", "tipo__sigla": "OFEXP", "tipo__descricao": "Of\u00edcio Expedido", "assunto": "solicita a RCL - receita corrente l\u00edquida do munic\u00edpio dos \u00faltimos 12 meses, para que seja elaborado o RGF  - Relat\u00f3rio de gest\u00e3o fiscal."}, {"id": "3625", "ano": "2021", "numero": "231", "tipo__sigla": "OR", "tipo__descricao": "OF\u00cdCIOS RECEBIDOS", "assunto": "Resposta: indica\u00e7\u00f5es 065, 066, 067 e 068 do vereador Vitor Donizetti Siqueira Junior"}, {"id": "3177", "ano": "2021", "numero": "232", "tipo__sigla": "OFEXP", "tipo__descricao": "Of\u00edcio Expedido", "assunto": "solicita exclus\u00e3o desta Casa, como \u00f3rg\u00e3o participante do Processo Licitat\u00f3rio 064/2021 - Preg\u00e3o Presencial 026/2021, para aquisi\u00e7\u00e3o de materiais de papelaria para diversas secretarias municipais"}, {"id": "3626", "ano": "2021", "numero": "232", "tipo__sigla": "OR", "tipo__descricao": "OF\u00cdCIOS RECEBIDOS", "assunto": "Resposta: Indica\u00e7\u00f5es 127, 128 e 129 do vereador Luiz Felipe Mendon\u00e7a Rodrigues"}, {"id": "3182", "ano": "2021", "numero": "233", "tipo__sigla": "OFEXP", "tipo__descricao": "Of\u00edcio Expedido", "assunto": "Suspende os trabalhos remotos, ficando todos os servidores que solicitaram home office e os que est\u00e3o em sistema de revezamento, requisitados a retornarem aos trabalhos presenciais a partir do dia 19 de julho de 2021."}, {"id": "3627", "ano": "2021", "numero": "233", "tipo__sigla": "OR", "tipo__descricao": "OF\u00cdCIOS RECEBIDOS", "assunto": "Resposta: Indica\u00e7\u00f5es 069, 070, 071 e 072 do vereador Vitor Donizetti Siqueira Junior"}, {"id": "3202", "ano": "2021", "numero": "234", "tipo__sigla": "OFEXP", "tipo__descricao": "Of\u00edcio Expedido", "assunto": "estabelece a ordem de prioridades para emiss\u00e3o de pareceres"}, {"id": "3647", "ano": "2021", "numero": "234", "tipo__sigla": "OR", "tipo__descricao": "OF\u00cdCIOS RECEBIDOS", "assunto": "Solicita o Plen\u00e1rio Jos\u00e9 Noel Gouveia para a realiza\u00e7\u00e3o de palestra do SAMU no dia 15 de outubro de 2021"}, {"id": "3216", "ano": "2021", "numero": "235", "tipo__sigla": "OFEXP", "tipo__descricao": "Of\u00edcio Expedido", "assunto": "Encaminha indica\u00e7\u00f5es 11, 112 e 113 do vereador Luiz Felipe Mendon\u00e7a Rodrigues"}, {"id": "3648", "ano": "2021", "numero": "235", "tipo__sigla": "OR", "tipo__descricao": "OF\u00cdCIOS RECEBIDOS", "assunto": "Solicita a elabora\u00e7\u00e3o de Projeto de Lei que disponha a cess\u00e3o de servidor do quadro efetivo do Munic\u00edpio de Santana da Vargem (Associa\u00e7\u00e3o de Pais e Amigos dos Excepcionais- APAE )"}, {"id": "3221", "ano": "2021", "numero": "236", "tipo__sigla": "OFEXP", "tipo__descricao": "Of\u00edcio Expedido", "assunto": "encaminha para publica\u00e7\u00e3o no Di\u00e1rio Oficial o Extrato de Inexigibilidade n\u00ba 09/2021."}, {"id": "3667", "ano": "2021", "numero": "236", "tipo__sigla": "OR", "tipo__descricao": "OF\u00cdCIOS RECEBIDOS", "assunto": "Convite para evento no dia 12 de Outubro de 2021 as 13:00 \"Pra\u00e7a da alegria\""}, {"id": "3222", "ano": "2021", "numero": "237", "tipo__sigla": "OFEXP", "tipo__descricao": "Of\u00edcio Expedido", "assunto": "Encaminha a indica\u00e7\u00e3o 010 feita pelo vereador Jackson Luiz Ven\u00e2ncio de Souza"}, {"id": "3702", "ano": "2021", "numero": "237", "tipo__sigla": "OR", "tipo__descricao": "OF\u00cdCIOS RECEBIDOS", "assunto": "Encaminha a m\u00eddia digital da c\u00f3pia dos contratos tempor\u00e1rios dos exerc\u00edcios de 2020 e 2021"}, {"id": "3225", "ano": "2021", "numero": "238", "tipo__sigla": "OFEXP", "tipo__descricao": "Of\u00edcio Expedido", "assunto": "informa a Caixa Econ\u00f4mica Federal, que a Senhora Maria dos Santos Sebasti\u00e3o, n\u00e3o \u00e9 mais servidora da C\u00e2mara Municipal de Santana da Vargem."}, {"id": "3737", "ano": "2021", "numero": "238", "tipo__sigla": "OR", "tipo__descricao": "OF\u00cdCIOS RECEBIDOS", "assunto": "Resposta \u00e0 indica\u00e7\u00e3o 139/2021 do vereador Luiz Felipe Mendon\u00e7a Rodrigues"}, {"id": "3232", "ano": "2021", "numero": "239", "tipo__sigla": "OFEXP", "tipo__descricao": "Of\u00edcio Expedido", "assunto": "Encaminha o processo n\u00ba 20/2021 junto ao Oficio 110/2021 da controladoria interna, para se manifestem ap\u00f3s a emiss\u00e3o do parecer jur\u00eddico."}, {"id": "3738", "ano": "2021", "numero": "239", "tipo__sigla": "OR", "tipo__descricao": "OF\u00cdCIOS RECEBIDOS", "assunto": "Of\u00edcio recebido 418/2021  resposta \u00e0 indica\u00e7\u00e3o 003/2021 do vereador Walter Silva"}, {"id": "3236", "ano": "2021", "numero": "240", "tipo__sigla": "OFEXP", "tipo__descricao": "Of\u00edcio Expedido", "assunto": "Encaminha or\u00e7amento da C\u00e2mara Municipal de Santana da Vargem para o exerc\u00edcio de 2022"}, {"id": "3739", "ano": "2021", "numero": "240", "tipo__sigla": "OR", "tipo__descricao": "OF\u00cdCIOS RECEBIDOS", "assunto": "Resposta ao of\u00edcio 012 do vereador Jackson Luiz Ven\u00e2ncio"}, {"id": "3237", "ano": "2021", "numero": "241", "tipo__sigla": "OFEXP", "tipo__descricao": "Of\u00edcio Expedido", "assunto": "encaminha  documento solicitados no of\u00edcio n\u00ba 228/2021/3\u00aaPJ-TP"}, {"id": "3744", "ano": "2021", "numero": "241", "tipo__sigla": "OR", "tipo__descricao": "OF\u00cdCIOS RECEBIDOS", "assunto": "Encaminha os balancetes de Receitas e Despesas referentes ao m\u00eas de setembro de 2021"}, {"id": "3239", "ano": "2021", "numero": "242", "tipo__sigla": "OFEXP", "tipo__descricao": "Of\u00edcio Expedido", "assunto": "encaminha of\u00edcio 58/2021 do setor cont\u00e1bil da C\u00e2mara Municipal de Santana da Vargem, no qual contem as informa\u00e7\u00f5es solicitadas no of\u00edcio n\u00ba 228/2021/3\u00aaPJ-TP."}, {"id": "3778", "ano": "2021", "numero": "242", "tipo__sigla": "OR", "tipo__descricao": "OF\u00cdCIOS RECEBIDOS", "assunto": "Of\u00edcio 430/2021 prefeitura: Solicita que seja encaminhada a reda\u00e7\u00e3o final do projeto de lei 13/2021 com todas as assinaturas"}, {"id": "3260", "ano": "2021", "numero": "243", "tipo__sigla": "OFEXP", "tipo__descricao": "Of\u00edcio Expedido", "assunto": "encaminha para publica\u00e7\u00e3o no Di\u00e1rio Oficial o Extrato de Dispensa n\u00ba 08/2021."}, {"id": "3794", "ano": "2021", "numero": "243", "tipo__sigla": "OR", "tipo__descricao": "OF\u00cdCIOS RECEBIDOS", "assunto": "encaminha documento referente ao projeto 60/2021"}, {"id": "3261", "ano": "2021", "numero": "244", "tipo__sigla": "OFEXP", "tipo__descricao": "Of\u00edcio Expedido", "assunto": "REQUER a prorroga\u00e7\u00e3o do prazo para o pagamento do imposto do IPTU."}, {"id": "3795", "ano": "2021", "numero": "244", "tipo__sigla": "OR", "tipo__descricao": "OF\u00cdCIOS RECEBIDOS", "assunto": "encaminha novo relat\u00f3rio e solicita que seja juntado ao projeto de lei 61/2021"}, {"id": "3264", "ano": "2021", "numero": "245", "tipo__sigla": "OFEXP", "tipo__descricao": "Of\u00edcio Expedido", "assunto": "Encaminha indica\u00e7\u00e3o 036 do vereador Ezequiel da Silva"}, {"id": "3800", "ano": "2021", "numero": "245", "tipo__sigla": "OR", "tipo__descricao": "OF\u00cdCIOS RECEBIDOS", "assunto": "Encaminha of\u00edcio em atendimento ao disposto na Lei Municipal 1.570 de 2021 (servidoras respons\u00e1veis pela publica\u00e7\u00e3o dos medicamentos)"}, {"id": "3266", "ano": "2021", "numero": "246", "tipo__sigla": "OFEXP", "tipo__descricao": "Of\u00edcio Expedido", "assunto": "Resposta ao of\u00edcio n\u00ba 282 da 3\u00aa Promotoria de Justi\u00e7a de Tr\u00eas Pontas - Solicitando documenta\u00e7\u00e3o - Ex Servidor Adler"}, {"id": "3807", "ano": "2021", "numero": "246", "tipo__sigla": "OR", "tipo__descricao": "OF\u00cdCIOS RECEBIDOS", "assunto": "Encaminha documento referente aos projetos de lei 60 e 61 de 2021"}, {"id": "3267", "ano": "2021", "numero": "247", "tipo__sigla": "OFEXP", "tipo__descricao": "Of\u00edcio Expedido", "assunto": "Encaminha as indica\u00e7\u00f5es 114 e 115 e os requerimentos 001 e 002 do vereador Luiz Felipe Mendon\u00e7a Rodrigues"}, {"id": "3819", "ano": "2021", "numero": "247", "tipo__sigla": "OR", "tipo__descricao": "OF\u00cdCIOS RECEBIDOS", "assunto": "Informa prioridades na tramita\u00e7\u00e3o dos projetos de lei (projetos de lei ordin\u00e1ria 41, 20, 47 e 43 e projeto de lei complementar 04)"}, {"id": "3268", "ano": "2021", "numero": "248", "tipo__sigla": "OFEXP", "tipo__descricao": "Of\u00edcio Expedido", "assunto": "Encaminha indica\u00e7\u00e3o 007 feita pela vereadora Lia Ara\u00fajo"}, {"id": "3830", "ano": "2021", "numero": "248", "tipo__sigla": "OR", "tipo__descricao": "OF\u00cdCIOS RECEBIDOS", "assunto": "Of\u00edcio do Sindicato das Empresas de Transporte de Passageiros no Estado de Minas Gerais"}, {"id": "3269", "ano": "2021", "numero": "249", "tipo__sigla": "OFEXP", "tipo__descricao": "Of\u00edcio Expedido", "assunto": "Encaminha indica\u00e7\u00e3o 025 feita pelo vereador Ronalthe Dayglas Rocha"}, {"id": "3896", "ano": "2021", "numero": "249", "tipo__sigla": "OR", "tipo__descricao": "OF\u00cdCIOS RECEBIDOS", "assunto": "Solicita informa\u00e7\u00f5es sobre a tramita\u00e7\u00e3o do projeto de lei 45/2021"}, {"id": "3270", "ano": "2021", "numero": "250", "tipo__sigla": "OFEXP", "tipo__descricao": "Of\u00edcio Expedido", "assunto": "Encaminhamento de c\u00f3pia dos projetos de lei aprovados na 26\u00aa reuni\u00e3o ordin\u00e1ria"}, {"id": "3897", "ano": "2021", "numero": "250", "tipo__sigla": "OR", "tipo__descricao": "OF\u00cdCIOS RECEBIDOS", "assunto": "Of\u00edcio 446-2021: resposta \u00e0 indica\u00e7\u00e3o 078 do vereador Vitor Donizetti Siqueira Junior"}, {"id": "3276", "ano": "2021", "numero": "251", "tipo__sigla": "OFEXP", "tipo__descricao": "Of\u00edcio Expedido", "assunto": "encaminha para publica\u00e7\u00e3o no Di\u00e1rio Oficial o Extrato de Inexigibilidade n\u00ba 10/2021"}, {"id": "3898", "ano": "2021", "numero": "251", "tipo__sigla": "OR", "tipo__descricao": "OF\u00cdCIOS RECEBIDOS", "assunto": "Of\u00edcio 453/2021: resposta \u00e0 indica\u00e7\u00e3o 044/2021 do vereador Walter Silva"}, {"id": "3292", "ano": "2021", "numero": "252", "tipo__sigla": "OFEXP", "tipo__descricao": "Of\u00edcio Expedido", "assunto": "Encaminha indica\u00e7\u00f5es 58, 59, 60 e 61 feitas pelo vereador Vitor Donizetti Siqueira Junior"}, {"id": "3899", "ano": "2021", "numero": "252", "tipo__sigla": "OR", "tipo__descricao": "OF\u00cdCIOS RECEBIDOS", "assunto": "Of\u00edcio 451/2021: resposta \u00e0s indica\u00e7\u00f5es 140, 141, 142 e 143 do vereador Luiz Felipe"}, {"id": "3293", "ano": "2021", "numero": "253", "tipo__sigla": "OFEXP", "tipo__descricao": "Of\u00edcio Expedido", "assunto": "Encaminha indica\u00e7\u00f5es 116, 117 e 118 do vereador Luiz Felipe Mendon\u00e7a Rodrigues"}, {"id": "3900", "ano": "2021", "numero": "253", "tipo__sigla": "OR", "tipo__descricao": "OF\u00cdCIOS RECEBIDOS", "assunto": "Of\u00edcio 450: resposta ao of\u00edcio 015 do vereador Luiz Felipe Mendon\u00e7a Rodrigues"}, {"id": "3296", "ano": "2021", "numero": "254", "tipo__sigla": "OFEXP", "tipo__descricao": "Of\u00edcio Expedido", "assunto": "Solicita a emiss\u00e3o de guia no valor de R$350,00 (trezentos e cinquenta reais) referente \u00e0 devolu\u00e7\u00e3o de di\u00e1ria excedente da vereadora Maria Aparecida de Ara\u00fajo Reis"}, {"id": "3901", "ano": "2021", "numero": "254", "tipo__sigla": "OR", "tipo__descricao": "OF\u00cdCIOS RECEBIDOS", "assunto": "of\u00edcio 448/2021: resposta \u00e0s indica\u00e7\u00f5es 144, 145, 146, 147, 148 e 149"}, {"id": "3297", "ano": "2021", "numero": "255", "tipo__sigla": "OFEXP", "tipo__descricao": "Of\u00edcio Expedido", "assunto": "Solicita a emiss\u00e3o de guia de pagamento no valor de R$255,96 (duzentos e cinquenta e cinco reais e noventa centavos) referente aos rendimentos de aplica\u00e7\u00e3o da conta n\u00ba 5542-5 auferidos no m\u00eas de julho de 2021"}, {"id": "3929", "ano": "2021", "numero": "255", "tipo__sigla": "OR", "tipo__descricao": "OF\u00cdCIOS RECEBIDOS", "assunto": "Of\u00edcio 462/2021: Solicita a retirada dos anexos do projeto de lei 52 de 30 de agosto de 2021 \"Estima a receita fixa a despesa para o exerc\u00edcio financeiro 2022\""}, {"id": "3298", "ano": "2021", "numero": "256", "tipo__sigla": "OFEXP", "tipo__descricao": "Of\u00edcio Expedido", "assunto": "Solicita a emiss\u00e3o de guia de pagamento no valor de R$1204,22 (mil duzentos e quatro reais e vinte e dois centavos) de IRRF referente ao m\u00eas de julho de 2021"}, {"id": "3941", "ano": "2021", "numero": "256", "tipo__sigla": "OR", "tipo__descricao": "OF\u00cdCIOS RECEBIDOS", "assunto": "Of\u00edcio copasa 2931/2021- resposta ao of\u00edcio 013/2021 ao of\u00edcio do vereador Luiz Felipe Mendon\u00e7a Rodrigues"}, {"id": "3316", "ano": "2021", "numero": "257", "tipo__sigla": "OFEXP", "tipo__descricao": "Of\u00edcio Expedido", "assunto": "Encaminhamento de c\u00f3pia do projeto de lei aprovado na 8\u00aa reuni\u00e3o extraordin\u00e1ria"}, {"id": "3942", "ano": "2021", "numero": "257", "tipo__sigla": "OR", "tipo__descricao": "OF\u00cdCIOS RECEBIDOS", "assunto": "Of\u00edcio 469 prefeitura: encaminha os balancetes de Receitas e despesas referente ao m\u00eas de outubro de 2021"}, {"id": "3338", "ano": "2021", "numero": "258", "tipo__sigla": "OFEXP", "tipo__descricao": "Of\u00edcio Expedido", "assunto": "solicita o recolhimento dos res\u00edduos s\u00f3lidos, referentes a objetos que a C\u00e2mara n\u00e3o utiliza mais, para destina\u00e7\u00e3o apropriada."}, {"id": "3985", "ano": "2021", "numero": "258", "tipo__sigla": "OR", "tipo__descricao": "OF\u00cdCIOS RECEBIDOS", "assunto": "Of\u00edcio 465/2021: Resposta ao of\u00edcio 015/2021 do vereador Jackson Luiz Ven\u00e2ncio de Souza"}, {"id": "3339", "ano": "2021", "numero": "259", "tipo__sigla": "OFEXP", "tipo__descricao": "Of\u00edcio Expedido", "assunto": "solicita ao executivo a cess\u00e3o de uma mesa, para ser utilizada no setor cont\u00e1bil desta Casa"}, {"id": "3986", "ano": "2021", "numero": "259", "tipo__sigla": "OR", "tipo__descricao": "OF\u00cdCIOS RECEBIDOS", "assunto": "of\u00edcio 46/2021: resposta \u00e0s indica\u00e7\u00f5es 046 e 047 do vereador Ezequiel da Silva"}, {"id": "3327", "ano": "2021", "numero": "260", "tipo__sigla": "OFEXP", "tipo__descricao": "Of\u00edcio Expedido", "assunto": "Encaminha indica\u00e7\u00f5es 119, 120, 121, 122 e 123 feitas pelo vereador Luiz Felipe"}, {"id": "3995", "ano": "2021", "numero": "260", "tipo__sigla": "OR", "tipo__descricao": "OF\u00cdCIOS RECEBIDOS", "assunto": "Of\u00edcio 479/2021: Resposta ao of\u00edcio 029/2021 do vereador Ronalthe Dayglas Rocha"}, {"id": "3328", "ano": "2021", "numero": "261", "tipo__sigla": "OFEXP", "tipo__descricao": "Of\u00edcio Expedido", "assunto": "Encaminha indica\u00e7\u00e3o 037 feita pelo vereador Ezequiel da Silva"}, {"id": "3996", "ano": "2021", "numero": "261", "tipo__sigla": "OR", "tipo__descricao": "OF\u00cdCIOS RECEBIDOS", "assunto": "Of\u00edcio 478 recebido: resposta ao \u00e0 indica\u00e7\u00e3o 012 da vereadora Maria Aparecida de Ara\u00fajo Reis"}, {"id": "3329", "ano": "2021", "numero": "262", "tipo__sigla": "OFEXP", "tipo__descricao": "Of\u00edcio Expedido", "assunto": "Encaminha a indica\u00e7\u00e3o 26 feita pelo vereador Ronalthe Dayglas Rocha"}, {"id": "3997", "ano": "2021", "numero": "262", "tipo__sigla": "OR", "tipo__descricao": "OF\u00cdCIOS RECEBIDOS", "assunto": "Of\u00edcio 478/2021: resposta \u00e0s indica\u00e7\u00f5es da vereadora Maria Aparecida de Ara\u00fajo Reis"}, {"id": "3331", "ano": "2021", "numero": "263", "tipo__sigla": "OFEXP", "tipo__descricao": "Of\u00edcio Expedido", "assunto": "Encaminha os relat\u00f3rios cont\u00e1beis referente ao m\u00eas de julho de 2021"}, {"id": "3998", "ano": "2021", "numero": "263", "tipo__sigla": "OR", "tipo__descricao": "OF\u00cdCIOS RECEBIDOS", "assunto": "Of\u00edcio 475/2021: resposta \u00e0 indica\u00e7\u00e3o do vereador Vitor Donizetti Siqueira Junior"}, {"id": "3348", "ano": "2021", "numero": "264", "tipo__sigla": "OFEXP", "tipo__descricao": "Of\u00edcio Expedido", "assunto": "encaminha a rela\u00e7\u00e3o de objetos, para an\u00e1lise e posterior baixa da rela\u00e7\u00e3o de patrim\u00f4nios da C\u00e2mara Municipal de Santana da Vargem."}, {"id": "4018", "ano": "2021", "numero": "264", "tipo__sigla": "OR", "tipo__descricao": "OF\u00cdCIOS RECEBIDOS", "assunto": "Encaminha a declara\u00e7\u00e3o de inexist\u00eancia de cargos em complemento da mensagem de veto n\u00ba 02/2021"}, {"id": "3360", "ano": "2021", "numero": "265", "tipo__sigla": "OFEXP", "tipo__descricao": "Of\u00edcio Expedido", "assunto": "encaminha o Of\u00edcio 01/2021 da controladoria interna, para que esta Procuradoria emita uma orienta\u00e7\u00e3o, de como proceder nesse caso, de forma a melhor orientar a atua\u00e7\u00e3o desta Presid\u00eancia."}, {"id": "4067", "ano": "2021", "numero": "265", "tipo__sigla": "OR", "tipo__descricao": "OF\u00cdCIOS RECEBIDOS", "assunto": "Solicita informa\u00e7\u00f5es em rela\u00e7\u00e3o a aus\u00eancia da vereadora Silmara Girlaine Hon\u00f3rio no dia 06/08/2019"}, {"id": "3370", "ano": "2021", "numero": "266", "tipo__sigla": "OFEXP", "tipo__descricao": "Of\u00edcio Expedido", "assunto": "Encaminha as indica\u00e7\u00f5es 124, 125, 126 e os requerimentos 003 e 004 do vereador Luiz Felipe"}, {"id": "4079", "ano": "2021", "numero": "266", "tipo__sigla": "OR", "tipo__descricao": "OF\u00cdCIOS RECEBIDOS", "assunto": "Processo Eletr\u00f4nico: 026710-82.2017.8.13.0694 (Requisita provid\u00eancias necess\u00e1rias para que os servidores Emerson Silva Ara\u00fajo e Cleber de Brito compare\u00e7am \u00e0 audi\u00eancia no dia 09/03/2021 \u00e0s 14h"}, {"id": "3371", "ano": "2021", "numero": "267", "tipo__sigla": "OFEXP", "tipo__descricao": "Of\u00edcio Expedido", "assunto": "Encaminha as indica\u00e7\u00f5es 062 e 063 feitas pelo vereador Vitor Junior"}, {"id": "4086", "ano": "2021", "numero": "267", "tipo__sigla": "OR", "tipo__descricao": "OF\u00cdCIOS RECEBIDOS", "assunto": "Of\u00edcio 496/2021 presta esclarecimentos referente ao Projeto de Lei 52/2021"}, {"id": "3372", "ano": "2021", "numero": "268", "tipo__sigla": "OFEXP", "tipo__descricao": "Of\u00edcio Expedido", "assunto": "Encaminha a indica\u00e7\u00e3o 038 feita pelo  verador Ezequiel da Silva"}, {"id": "4090", "ano": "2021", "numero": "268", "tipo__sigla": "OR", "tipo__descricao": "OF\u00cdCIOS RECEBIDOS", "assunto": "encaminha os balancetes de Receitas e Despesas referentes ao m\u00eas de novembro/2021"}, {"id": "3374", "ano": "2021", "numero": "269", "tipo__sigla": "OFEXP", "tipo__descricao": "Of\u00edcio Expedido", "assunto": "Em resposta ao of\u00edcio 337/2021 que solicitou um representante da C\u00e2mara Municipal de Santana da Vargem para compor a Comiss\u00e3o Especial para auxiliar na elabora\u00e7\u00e3o da Lei de Planos, Cargos e Sal\u00e1rios e do Estatuto do Servidor P\u00fablico municipal indicar o Sr. Felipe Tom\u00e9 Mota e Silva para representar o legislativo"}, {"id": "4094", "ano": "2021", "numero": "269", "tipo__sigla": "OR", "tipo__descricao": "OF\u00cdCIOS RECEBIDOS", "assunto": "Resposta \u00e0s indica\u00e7\u00f5es 152 a 154 do vereador Luiz Felipe"}, {"id": "3385", "ano": "2021", "numero": "270", "tipo__sigla": "OFEXP", "tipo__descricao": "Of\u00edcio Expedido", "assunto": "Encaminhamento da c\u00f3pia dos projetos de lei e reda\u00e7\u00f5es finais das proposi\u00e7\u00f5es aprovadas na 28\u00aa reuni\u00e3o ordin\u00e1ria"}, {"id": "4095", "ano": "2021", "numero": "270", "tipo__sigla": "OR", "tipo__descricao": "OF\u00cdCIOS RECEBIDOS", "assunto": "Respostas \u00e0s indica\u00e7\u00f5es 080 e 081 do vereador Vitor Junior"}, {"id": "3387", "ano": "2021", "numero": "271", "tipo__sigla": "OFEXP", "tipo__descricao": "Of\u00edcio Expedido", "assunto": "Solicita mais prazo para responder as solicita\u00e7\u00f5es - MP of\u00edcio 405."}, {"id": "4096", "ano": "2021", "numero": "271", "tipo__sigla": "OR", "tipo__descricao": "OF\u00cdCIOS RECEBIDOS", "assunto": "Resposta \u00e0s indica\u00e7\u00f5es 082 e 083 do vereador Vitor Junior"}, {"id": "3388", "ano": "2021", "numero": "272", "tipo__sigla": "OFEXP", "tipo__descricao": "Of\u00edcio Expedido", "assunto": "Encaminha para publica\u00e7\u00e3o no Di\u00e1rio Oficial o Extrato de Dispensa n\u00ba 09/2021."}, {"id": "4097", "ano": "2021", "numero": "272", "tipo__sigla": "OR", "tipo__descricao": "OF\u00cdCIOS RECEBIDOS", "assunto": "Resposta \u00e0 indica\u00e7\u00e3o 156 do vereador Luiz Felipe"}, {"id": "3389", "ano": "2021", "numero": "273", "tipo__sigla": "OFEXP", "tipo__descricao": "Of\u00edcio Expedido", "assunto": "Encaminhar para publica\u00e7\u00e3o no Di\u00e1rio Oficial o Extrato de Inexigibilidade  n\u00ba 13/2021."}, {"id": "4098", "ano": "2021", "numero": "273", "tipo__sigla": "OR", "tipo__descricao": "OF\u00cdCIOS RECEBIDOS", "assunto": "Resposta \u00e0s indica\u00e7\u00f5es 048 e 049 do vereador Ezequiel da Silva"}, {"id": "3390", "ano": "2021", "numero": "274", "tipo__sigla": "OFEXP", "tipo__descricao": "Of\u00edcio Expedido", "assunto": "encaminha para publica\u00e7\u00e3o no Di\u00e1rio Oficial o Extrato de Inexigibilidade  n\u00ba 12/2021"}, {"id": "4099", "ano": "2021", "numero": "274", "tipo__sigla": "OR", "tipo__descricao": "OF\u00cdCIOS RECEBIDOS", "assunto": "Resposta a indica\u00e7\u00e3o 155 e of\u00edcio 019 do vereador Luiz Felipe"}, {"id": "3391", "ano": "2021", "numero": "275", "tipo__sigla": "OFEXP", "tipo__descricao": "Of\u00edcio Expedido", "assunto": "encaminha para publica\u00e7\u00e3o no Di\u00e1rio Oficial o Extrato de Inexigibilidade  n\u00ba 11/2021."}, {"id": "4100", "ano": "2021", "numero": "275", "tipo__sigla": "OR", "tipo__descricao": "OF\u00cdCIOS RECEBIDOS", "assunto": "Resposta \u00e0 indica\u00e7\u00e3o 011 da vereadora Maria Aparecida"}, {"id": "3408", "ano": "2021", "numero": "276", "tipo__sigla": "OFEXP", "tipo__descricao": "Of\u00edcio Expedido", "assunto": "Solicita dila\u00e7\u00e3o de prazo ao MPC - Contas exerc\u00edcio financeiro de 2019. + 30 dias."}, {"id": "4103", "ano": "2021", "numero": "276", "tipo__sigla": "OR", "tipo__descricao": "OF\u00cdCIOS RECEBIDOS", "assunto": "informa o quantitativo estimado dos alunos matriculados no Munic\u00edpio de Santana da Vargem"}, {"id": "3422", "ano": "2021", "numero": "277", "tipo__sigla": "OFEXP", "tipo__descricao": "Of\u00edcio Expedido", "assunto": "Encaminhamento das reda\u00e7\u00f5es finais das proposi\u00e7\u00f5es aprovadas na 29\u00aa reuni\u00e3o ordin\u00e1ria."}, {"id": "3423", "ano": "2021", "numero": "278", "tipo__sigla": "OFEXP", "tipo__descricao": "Of\u00edcio Expedido", "assunto": "Encaminha indica\u00e7\u00f5es  127, 128 e 129 do vereador Luiz Felipe Mendon\u00e7a Rodrigues"}, {"id": "3424", "ano": "2021", "numero": "279", "tipo__sigla": "OFEXP", "tipo__descricao": "Of\u00edcio Expedido", "assunto": "Encaminha indica\u00e7\u00f5es 026 e 027 do vereador Ronalthe Dayglas Rocha"}, {"id": "3429", "ano": "2021", "numero": "280", "tipo__sigla": "OFEXP", "tipo__descricao": "Of\u00edcio Expedido", "assunto": "Encaminha indica\u00e7\u00f5es 039 e 040"}, {"id": "3425", "ano": "2021", "numero": "281", "tipo__sigla": "OFEXP", "tipo__descricao": "Of\u00edcio Expedido", "assunto": "Encaminha indica\u00e7\u00f5es 003 de autoria da Presidente"}, {"id": "3431", "ano": "2021", "numero": "282", "tipo__sigla": "OFEXP", "tipo__descricao": "Of\u00edcio Expedido", "assunto": "Resposta ao of\u00edcio 313 da 1\u00aa Promotoria de Justi\u00e7a da Comarca de Tr\u00eas Pontas - Informa\u00e7\u00f5es sobre o andamento do Projeto de Lei n\u00ba 45."}, {"id": "3444", "ano": "2021", "numero": "283", "tipo__sigla": "OFEXP", "tipo__descricao": "Of\u00edcio Expedido", "assunto": "Solicita ao setor de tributa\u00e7\u00e3o que seja emitido uma guia de pagamento no valor de R$398,39 (trezentos e noventa e oito reais) referente aos rendimentos da aplica\u00e7\u00e3o do m\u00eas de agosto"}, {"id": "3445", "ano": "2021", "numero": "284", "tipo__sigla": "OFEXP", "tipo__descricao": "Of\u00edcio Expedido", "assunto": "Solicita ao setor de tributa\u00e7\u00e3o que seja emitido uma guia de pagamento no valor R$1.191,73 (mil cento e noventa e um reais e setenta e tr\u00eas centavos) de IRRF  referente ao m\u00eas de agosto de 2021"}, {"id": "3447", "ano": "2021", "numero": "285", "tipo__sigla": "OFEXP", "tipo__descricao": "Of\u00edcio Expedido", "assunto": "Solicita ao setor de tributa\u00e7\u00e3o que seja emitida uma guia de pagamento no valor de R$2.639,48 (dois mil seiscentos e trinta e nove e quarenta e oito centavos) referente ao inqu\u00e9rito Civil MPMG-0694.19.000372-3"}, {"id": "3454", "ano": "2021", "numero": "286", "tipo__sigla": "OFEXP", "tipo__descricao": "Of\u00edcio Expedido", "assunto": "Resposta ao of\u00edcio n\u00ba 365/2021 da 3\u00aa Promotoria de Justi\u00e7a da Comarca de 3 Pontas - Solicita documentos das empresas \u00d4mega, Focus e S\u00edlvio Cesar Miranda."}, {"id": "3455", "ano": "2021", "numero": "287", "tipo__sigla": "OFEXP", "tipo__descricao": "Of\u00edcio Expedido", "assunto": "Encaminha para publica\u00e7\u00e3o do Di\u00e1rio Oficial o Extrato de Inexigibilidade n\u00ba 14/2021"}, {"id": "3458", "ano": "2021", "numero": "288", "tipo__sigla": "OFEXP", "tipo__descricao": "Of\u00edcio Expedido", "assunto": "Resposta ao of\u00edcio 407 do MP - Di\u00e1rias do Legislativo"}, {"id": "3474", "ano": "2021", "numero": "289", "tipo__sigla": "OFEXP", "tipo__descricao": "Of\u00edcio Expedido", "assunto": "Recomenda que o vereador Vitor Donizetti Siqueira Junior ressar\u00e7a \u00e0 C\u00e2mara Municipal o valor de R$1.508,94 referentes a di\u00e1ria, pagamento do curso e combust\u00edvel"}, {"id": "3475", "ano": "2021", "numero": "290", "tipo__sigla": "OFEXP", "tipo__descricao": "Of\u00edcio Expedido", "assunto": "Autoriza a implementa\u00e7\u00e3o do novo m\u00f3dulo no sistema informatizado memory conforme solicitado no of\u00edcio 004-2021 do setor cont\u00e1bil"}, {"id": "3478", "ano": "2021", "numero": "291", "tipo__sigla": "OFEXP", "tipo__descricao": "Of\u00edcio Expedido", "assunto": "Encaminha para publica\u00e7\u00e3o no Di\u00e1rio Oficial o Extrato de Dispensa n\u00ba 10/2021"}, {"id": "3482", "ano": "2021", "numero": "292", "tipo__sigla": "OFEXP", "tipo__descricao": "Of\u00edcio Expedido", "assunto": "Resposta ao of\u00edcio 312/2021 3\u00a7 PJ-TP"}, {"id": "3483", "ano": "2021", "numero": "293", "tipo__sigla": "OFEXP", "tipo__descricao": "Of\u00edcio Expedido", "assunto": "Resposta ao of\u00edcio n\u00ba 448/2021 3\u00aaPJ-TP"}, {"id": "3490", "ano": "2021", "numero": "294", "tipo__sigla": "OFEXP", "tipo__descricao": "Of\u00edcio Expedido", "assunto": "Solicita um t\u00e9cnico para elabora\u00e7\u00e3o de projeto de engenharia para elabora\u00e7\u00e3o de projeto b\u00e1sico, projeto executivo, planilha de custos, memorial descritivo e cronograma f\u00edsico financeiro"}, {"id": "3500", "ano": "2021", "numero": "295", "tipo__sigla": "OFEXP", "tipo__descricao": "Of\u00edcio Expedido", "assunto": "Encaminha para publica\u00e7\u00e3o no Di\u00e1rio Oficial o Extrato de Inexigibilidade 15/2021"}, {"id": "3503", "ano": "2021", "numero": "296", "tipo__sigla": "OFEXP", "tipo__descricao": "Of\u00edcio Expedido", "assunto": "Encaminha as indica\u00e7\u00f5es 130, 131, 132, 133, 134 e 135 feitas pelo vereador Luiz Felipe Mendon\u00e7a Rodrigues"}, {"id": "3504", "ano": "2021", "numero": "297", "tipo__sigla": "OFEXP", "tipo__descricao": "Of\u00edcio Expedido", "assunto": "Encaminha as indica\u00e7\u00f5es 065, 066, 067 e 068 feitas pelo vereador Vitor Donizetti Siqueira Junior"}, {"id": "3505", "ano": "2021", "numero": "298", "tipo__sigla": "OFEXP", "tipo__descricao": "Of\u00edcio Expedido", "assunto": "Encaminha a indica\u00e7\u00e3o 028 feita pelo vereador Ronalthe Dayglas Rocha"}, {"id": "3510", "ano": "2021", "numero": "299", "tipo__sigla": "OFEXP", "tipo__descricao": "Of\u00edcio Expedido", "assunto": "encaminha a m\u00eddia digital, para publica\u00e7\u00e3o no Di\u00e1rio Oficial do Aviso de Licita\u00e7\u00e3o, referente ao Preg\u00e3o Presencial  n\u00ba 02/2021."}, {"id": "3511", "ano": "2021", "numero": "300", "tipo__sigla": "OFEXP", "tipo__descricao": "Of\u00edcio Expedido", "assunto": "Encaminha as proposi\u00e7\u00f5es aprovadas na 31\u00aa reuni\u00e3o ordin\u00e1ria."}, {"id": "3518", "ano": "2021", "numero": "301", "tipo__sigla": "OFEXP", "tipo__descricao": "Of\u00edcio Expedido", "assunto": "Encaminha os relat\u00f3rios cont\u00e1beis referente ao m\u00eas de agosto de 2021"}, {"id": "3542", "ano": "2021", "numero": "302", "tipo__sigla": "OFEXP", "tipo__descricao": "Of\u00edcio Expedido", "assunto": "Encaminha o of\u00edcio numero 35-2021 da autoria da Procuradoria Legislativa"}, {"id": "3549", "ano": "2021", "numero": "303", "tipo__sigla": "OFEXP", "tipo__descricao": "Of\u00edcio Expedido", "assunto": "Informa que no dia 23 de setembro do corrente ano n\u00e3o haver\u00e1 expediente na C\u00e2mara Municipal de Santana da Vargem"}, {"id": "3550", "ano": "2021", "numero": "304", "tipo__sigla": "OFEXP", "tipo__descricao": "Of\u00edcio Expedido", "assunto": "Autorizo o desconto dos vencimentos do m\u00eas de setembro de 2021 do vereador Vitor Donizetti Siqueira Junior"}, {"id": "3551", "ano": "2021", "numero": "305", "tipo__sigla": "OFEXP", "tipo__descricao": "Of\u00edcio Expedido", "assunto": "Encaminha as indica\u00e7\u00f5es 009 e 010 feitas pela vereadora Maria Aparecida de Ara\u00fajo Reis"}, {"id": "3552", "ano": "2021", "numero": "306", "tipo__sigla": "OFEXP", "tipo__descricao": "Of\u00edcio Expedido", "assunto": "Encaminha as indica\u00e7\u00f5es 041, 042 e 043 feitas pelo vereador Ezequiel"}, {"id": "3553", "ano": "2021", "numero": "307", "tipo__sigla": "OFEXP", "tipo__descricao": "Of\u00edcio Expedido", "assunto": "Encaminha as indica\u00e7\u00f5es 063, 070, 071 e 072 feitas pelo vereador Vitor Donizetti Siqueira Junior"}, {"id": "3554", "ano": "2021", "numero": "308", "tipo__sigla": "OFEXP", "tipo__descricao": "Of\u00edcio Expedido", "assunto": "Encaminha as indica\u00e7\u00f5es 011, 012. 013. 014 e 015 feitas pelo vereador Jackson Luiz Ven\u00e2ncio de Souza"}, {"id": "3555", "ano": "2021", "numero": "309", "tipo__sigla": "OFEXP", "tipo__descricao": "Of\u00edcio Expedido", "assunto": "Encaminhamento de projeto de lei aprovado na 32\u00aa reuni\u00e3o ordin\u00e1ria"}, {"id": "3582", "ano": "2021", "numero": "310", "tipo__sigla": "OFEXP", "tipo__descricao": "Of\u00edcio Expedido", "assunto": "Encaminha  m\u00eddia digital para publica\u00e7\u00e3o no Di\u00e1rio Oficial do Aviso de Licita\u00e7\u00e3o  referente ao preg\u00e3o presencial 02/2021"}, {"id": "3585", "ano": "2021", "numero": "311", "tipo__sigla": "OFEXP", "tipo__descricao": "Of\u00edcio Expedido", "assunto": "Informa que a apresenta\u00e7\u00e3o do demonstrativo fiscal do 2\u00ba quadrimestre est\u00e1 marcada para o dia 05 de outubro as 15h (audi\u00eancia p\u00fablica)"}, {"id": "3586", "ano": "2021", "numero": "312", "tipo__sigla": "OFEXP", "tipo__descricao": "Of\u00edcio Expedido", "assunto": "Encaminha para publica\u00e7\u00e3o no Di\u00e1rio Oficial o Extrato de Inexigibilidade n\u00b0 16-2021"}, {"id": "3587", "ano": "2021", "numero": "313", "tipo__sigla": "OFEXP", "tipo__descricao": "Of\u00edcio Expedido", "assunto": "Encaminha a indica\u00e7\u00e3o 003/2021 feita pelo vereador Walter Silva"}, {"id": "3588", "ano": "2021", "numero": "314", "tipo__sigla": "OFEXP", "tipo__descricao": "Of\u00edcio Expedido", "assunto": "Encaminha as indica\u00e7\u00f5es 136, 137 e 138 feitas pelo vereador Luiz Felipe Mendon\u00e7a Rodrigues"}, {"id": "3589", "ano": "2021", "numero": "315", "tipo__sigla": "OFEXP", "tipo__descricao": "Of\u00edcio Expedido", "assunto": "Encaminha as indica\u00e7\u00f5es 073, 074, 075 e 076 feitas pelo vereador Vitor Donizetti Siqueira Junior"}, {"id": "3590", "ano": "2021", "numero": "316", "tipo__sigla": "OFEXP", "tipo__descricao": "Of\u00edcio Expedido", "assunto": "Encaminha a indica\u00e7\u00e3o 029 feita pelo vereador Ronalthe Dayglas Rocha"}, {"id": "3591", "ano": "2021", "numero": "317", "tipo__sigla": "OFEXP", "tipo__descricao": "Of\u00edcio Expedido", "assunto": "Encaminha as indica\u00e7\u00f5es 044 e 045 feitas pelo vereador Ezequiel da Silva"}, {"id": "3644", "ano": "2021", "numero": "318", "tipo__sigla": "OFEXP", "tipo__descricao": "Of\u00edcio Expedido", "assunto": "Solicita ao setor de tributa\u00e7\u00e3o que seja emitido uma guia de pagamento no valor de R$473,04 referente aos rendimentos da aplica\u00e7\u00e3o do m\u00eas de setembro de 2021"}, {"id": "3645", "ano": "2021", "numero": "319", "tipo__sigla": "OFEXP", "tipo__descricao": "Of\u00edcio Expedido", "assunto": "Solicita ao setor de tributa\u00e7\u00e3o que seja emitida uma guia no valor de R$1321,74 de IRRF referente ao m\u00eas de setembro de 2021"}, {"id": "3646", "ano": "2021", "numero": "320", "tipo__sigla": "OFEXP", "tipo__descricao": "Of\u00edcio Expedido", "assunto": "Solicita emiss\u00e3o de guias de pagamentos referentes \u00e0: devolu\u00e7\u00e3o de di\u00e1rias excedentes, devolu\u00e7\u00e3o de valor de abastecimento e devolu\u00e7\u00e3o de inscri\u00e7\u00e3o em curso do vereador Vitor Donizetti Siqueira Junior"}, {"id": "3660", "ano": "2021", "numero": "322", "tipo__sigla": "OFEXP", "tipo__descricao": "Of\u00edcio Expedido", "assunto": "Encaminha a indica\u00e7\u00e3o 139 feita pelo vereador Luiz Felipe Mendon\u00e7a Rodrigues"}, {"id": "3670", "ano": "2021", "numero": "323", "tipo__sigla": "OFEXP", "tipo__descricao": "Of\u00edcio Expedido", "assunto": "Encaminha para publica\u00e7\u00e3o no Di\u00e1rio Oficial o Extrato de Inexigibilidade 17/2021"}, {"id": "3671", "ano": "2021", "numero": "324", "tipo__sigla": "OFEXP", "tipo__descricao": "Of\u00edcio Expedido", "assunto": "Solicita \u00e0 procuradoria que estude a possibilidade de solicitar c\u00f3pia do procedimento que descobriu quem eram os respons\u00e1veis pelos ataques eletr\u00f4nicos por meio de um perfil na rede social do facebook"}, {"id": "3727", "ano": "2021", "numero": "325", "tipo__sigla": "OFEXP", "tipo__descricao": "Of\u00edcio Expedido", "assunto": "Encaminhamento da reda\u00e7\u00e3o final da proposi\u00e7\u00e3o aprovada na 33\u00aa reuni\u00e3o ordin\u00e1ria"}, {"id": "3729", "ano": "2021", "numero": "326", "tipo__sigla": "OFEXP", "tipo__descricao": "Of\u00edcio Expedido", "assunto": "Encaminha os relat\u00f3rios cont\u00e1beis referente ao m\u00eas de setembro de 2021"}, {"id": "3728", "ano": "2021", "numero": "327", "tipo__sigla": "OFEXP", "tipo__descricao": "Of\u00edcio Expedido", "assunto": "Encaminha c\u00f3pia do decreto de abertura de cr\u00e9dito adicional suplementar legislativo"}, {"id": "3730", "ano": "2021", "numero": "328", "tipo__sigla": "OFEXP", "tipo__descricao": "Of\u00edcio Expedido", "assunto": "Encaminha para publica\u00e7\u00e3o o Extrato de Dispensa n\u00ba 12/2021"}, {"id": "3741", "ano": "2021", "numero": "329", "tipo__sigla": "OFEXP", "tipo__descricao": "Of\u00edcio Expedido", "assunto": "Of\u00edcio 329/2021 em resposta ao of\u00edcio 405/2021/ 3\u00ba PJ-TP"}, {"id": "3743", "ano": "2021", "numero": "330", "tipo__sigla": "OFEXP", "tipo__descricao": "Of\u00edcio Expedido", "assunto": "Informa a retirada de pauta do projeto de lei ordin\u00e1ria do legislativo 24/2021: \"D\u00e1 o nome de Rua Natal Ala\u00e9cio Sabatin ao logradouro p\u00fablico Rua Projetada- Rua sem sa\u00edda que confronta com a Rua Pedro Vicente Ferreira localizado no Centro, neste munic\u00edpio."}, {"id": "3755", "ano": "2021", "numero": "331", "tipo__sigla": "OFEXP", "tipo__descricao": "Of\u00edcio Expedido", "assunto": "Encaminha as indica\u00e7\u00f5es 140, 141, 142 e 143 feitas pelo vereador Luiz Felipe Mendon\u00e7a Rodrigues"}, {"id": "3756", "ano": "2021", "numero": "332", "tipo__sigla": "OFEXP", "tipo__descricao": "Of\u00edcio Expedido", "assunto": "Encaminha indica\u00e7\u00f5es 046 e 047 do vereador Ezequiel da Silva"}, {"id": "3757", "ano": "2021", "numero": "333", "tipo__sigla": "OFEXP", "tipo__descricao": "Of\u00edcio Expedido", "assunto": "Encaminha indica\u00e7\u00e3o 004 feita pelo vereador Walter Silva"}, {"id": "3788", "ano": "2021", "numero": "334", "tipo__sigla": "OFEXP", "tipo__descricao": "Of\u00edcio Expedido", "assunto": "Encaminha relat\u00f3rios cont\u00e1beis referentes ao m\u00eas de setembro de 2021"}, {"id": "3816", "ano": "2021", "numero": "335", "tipo__sigla": "OFEXP", "tipo__descricao": "Of\u00edcio Expedido", "assunto": "Encaminha indica\u00e7\u00f5es 144, 145, 146, 147, 148 e 149 do vereador Luiz Felipe Mendon\u00e7a Rodrigues"}, {"id": "3818", "ano": "2021", "numero": "336", "tipo__sigla": "OFEXP", "tipo__descricao": "Of\u00edcio Expedido", "assunto": "Encaminha a indica\u00e7\u00e3o 078 do vereador Vitor Donizetti Siqueira Junior"}, {"id": "3821", "ano": "2021", "numero": "337", "tipo__sigla": "OFEXP", "tipo__descricao": "Of\u00edcio Expedido", "assunto": "Suspende o gozo de f\u00e9rias do servidor p\u00fablico Felipe Tom\u00e9 Mota e Silva (superior interesse p\u00fablico)"}, {"id": "3826", "ano": "2021", "numero": "338", "tipo__sigla": "OFEXP", "tipo__descricao": "Of\u00edcio Expedido", "assunto": "encaminhar para publica\u00e7\u00e3o no Di\u00e1rio Oficial o Extrato de Inexigibilidade n\u00ba 18/2021"}, {"id": "3847", "ano": "2021", "numero": "339", "tipo__sigla": "OFEXP", "tipo__descricao": "Of\u00edcio Expedido", "assunto": "Solicita ao setor de tributa\u00e7\u00e3o que seja emitido guia de pagamento no valor de R$.1.167,65 de IRRF referente ao m\u00eas de outubro de 2021"}, {"id": "3848", "ano": "2021", "numero": "340", "tipo__sigla": "OFEXP", "tipo__descricao": "Of\u00edcio Expedido", "assunto": "Solicita ao setor de tributa\u00e7\u00e3o que seja emitido uma guia no valor de R$634,10 referente aos rendimentos de aplica\u00e7\u00e3o auferidos no m\u00eas de outubro de 2021"}, {"id": "3853", "ano": "2021", "numero": "341", "tipo__sigla": "OFEXP", "tipo__descricao": "Of\u00edcio Expedido", "assunto": "Encaminha para publica\u00e7\u00e3o no Di\u00e1rio Oficial os avisos de licita\u00e7\u00e3o referentes aos preg\u00f5es presenciais 03 e 04 de 2021"}, {"id": "3854", "ano": "2021", "numero": "342", "tipo__sigla": "OFEXP", "tipo__descricao": "Of\u00edcio Expedido", "assunto": "Solicita urg\u00eancia a elabora\u00e7\u00e3o das reda\u00e7\u00f5es finais dos projetos de leis que ainda n\u00e3o foram encaminhados ao executivo"}, {"id": "3864", "ano": "2021", "numero": "343", "tipo__sigla": "OFEXP", "tipo__descricao": "Of\u00edcio Expedido", "assunto": "Encaminha para publica\u00e7\u00e3o no Di\u00e1rio oficial o extrato de inexigibilidade 19/2021"}, {"id": "3884", "ano": "2021", "numero": "344", "tipo__sigla": "OFEXP", "tipo__descricao": "Of\u00edcio Expedido", "assunto": "Processo de inexigibilidade 01/2021 COPASA"}, {"id": "3892", "ano": "2021", "numero": "345", "tipo__sigla": "OFEXP", "tipo__descricao": "Of\u00edcio Expedido", "assunto": "Encaminhamento de reda\u00e7\u00e3o final e c\u00f3pia de proposi\u00e7\u00f5es aprovada"}, {"id": "3893", "ano": "2021", "numero": "346", "tipo__sigla": "OFEXP", "tipo__descricao": "Of\u00edcio Expedido", "assunto": "Encaminha indica\u00e7\u00f5es 150 e 151 feitas pelo vereador Luiz Felipe Mendon\u00e7a Rodrigues"}, {"id": "3894", "ano": "2021", "numero": "347", "tipo__sigla": "OFEXP", "tipo__descricao": "Of\u00edcio Expedido", "assunto": "Encaminha a indica\u00e7\u00e3o 079 feita pelo vereador Vitor Donizetti"}, {"id": "3895", "ano": "2021", "numero": "348", "tipo__sigla": "OFEXP", "tipo__descricao": "Of\u00edcio Expedido", "assunto": "Encaminha indica\u00e7\u00f5es 011 feita pela vereadora Lia"}, {"id": "3937", "ano": "2021", "numero": "349", "tipo__sigla": "OFEXP", "tipo__descricao": "Of\u00edcio Expedido", "assunto": "Encaminha reda\u00e7\u00e3o final de proposi\u00e7\u00f5es aprovadas"}, {"id": "3954", "ano": "2021", "numero": "350", "tipo__sigla": "OFEXP", "tipo__descricao": "Of\u00edcio Expedido", "assunto": "Encaminha relat\u00f3rios cont\u00e1beis referente ao m\u00eas de outubro de 2021"}, {"id": "3968", "ano": "2021", "numero": "351", "tipo__sigla": "OFEXP", "tipo__descricao": "Of\u00edcio Expedido", "assunto": "Encaminha as indica\u00e7\u00f5es 080 e 081 feitas pelo vereador Vitor Donizetti Siqueira Junior"}, {"id": "3969", "ano": "2021", "numero": "352", "tipo__sigla": "OFEXP", "tipo__descricao": "Of\u00edcio Expedido", "assunto": "Encaminha as indica\u00e7\u00f5es 048 e 049 feitas pelo vereador Ezequiel da Silva"}, {"id": "3970", "ano": "2021", "numero": "353", "tipo__sigla": "OFEXP", "tipo__descricao": "Of\u00edcio Expedido", "assunto": "Encaminha a errata da reda\u00e7\u00e3o final do projeto de lei 18/2021"}, {"id": "3971", "ano": "2021", "numero": "354", "tipo__sigla": "OFEXP", "tipo__descricao": "Of\u00edcio Expedido", "assunto": "Encaminha c\u00f3pia dos projetos de lei aprovados na 39\u00aa reuni\u00e3o ordin\u00e1ria"}, {"id": "3987", "ano": "2021", "numero": "355", "tipo__sigla": "OFEXP", "tipo__descricao": "Of\u00edcio Expedido", "assunto": "Solicita suplementa\u00e7\u00e3o dota\u00e7\u00f5es or\u00e7ament\u00e1rias"}, {"id": "4003", "ano": "2021", "numero": "356", "tipo__sigla": "OFEXP", "tipo__descricao": "Of\u00edcio Expedido", "assunto": "Encaminha para publica\u00e7\u00e3o no Di\u00e1rio Oficial o Extrato do Processo n\u00ba 30/2021- REGISTRO DE PRE\u00c7O"}, {"id": "4005", "ano": "2021", "numero": "357", "tipo__sigla": "OFEXP", "tipo__descricao": "Of\u00edcio Expedido", "assunto": "Encaminha as indica\u00e7\u00f5es 153 e 154 do vereador Luiz Felipe Mendon\u00e7a Rodrigues"}, {"id": "4009", "ano": "2021", "numero": "358", "tipo__sigla": "OFEXP", "tipo__descricao": "Of\u00edcio Expedido", "assunto": "Solicita urg\u00eancia na an\u00e1lise e emiss\u00e3o de parecer jur\u00eddico nos processos administrativos material de expediente, enfeites natalinos e servi\u00e7o de instala\u00e7\u00e3o de ares condicionados"}, {"id": "4010", "ano": "2021", "numero": "359", "tipo__sigla": "OFEXP", "tipo__descricao": "Of\u00edcio Expedido", "assunto": "Encaminha projeto de lei  aprovado na 40\u00aa reuni\u00e3o ordin\u00e1ria"}, {"id": "4027", "ano": "2021", "numero": "360", "tipo__sigla": "OFEXP", "tipo__descricao": "Of\u00edcio Expedido", "assunto": "Resposta ao of\u00edcio 514/2021 3\u00aa PJTP"}, {"id": "4028", "ano": "2021", "numero": "361", "tipo__sigla": "OFEXP", "tipo__descricao": "Of\u00edcio Expedido", "assunto": "Solicita ao setor de tributa\u00e7\u00e3o que seja emitida uma guia no valor de R$805,48 referente aos rendimentos de aplica\u00e7\u00e3o auferidos no m\u00eas de novembro de 2021"}, {"id": "4029", "ano": "2021", "numero": "362", "tipo__sigla": "OFEXP", "tipo__descricao": "Of\u00edcio Expedido", "assunto": "Encaminha para san\u00e7\u00e3o e publica\u00e7\u00e3o a errata de reda\u00e7\u00e3o final de projeto de lei"}, {"id": "4030", "ano": "2021", "numero": "363", "tipo__sigla": "OFEXP", "tipo__descricao": "Of\u00edcio Expedido", "assunto": "Encaminha projeto de lei aprovado na 41\u00aa reuni\u00e3o ordin\u00e1ria"}, {"id": "4031", "ano": "2021", "numero": "364", "tipo__sigla": "OFEXP", "tipo__descricao": "Of\u00edcio Expedido", "assunto": "Encaminha as indica\u00e7\u00f5es 82 e 83 feitas pelo vereador Vitor Donizetti Siqueira Junior"}, {"id": "4032", "ano": "2021", "numero": "365", "tipo__sigla": "OFEXP", "tipo__descricao": "Of\u00edcio Expedido", "assunto": "Encaminha a indica\u00e7\u00e3o 155 feita pelo vereador Luiz Felipe Mendon\u00e7a Rodrigues"}, {"id": "4033", "ano": "2021", "numero": "366", "tipo__sigla": "OFEXP", "tipo__descricao": "Of\u00edcio Expedido", "assunto": "Solicita ao setor de tributa\u00e7\u00e3o que seja emitida uma guia no valor de R$2.266,74 de IRRF referente ao m\u00eas de novembro de 2021"}, {"id": "4052", "ano": "2021", "numero": "368", "tipo__sigla": "OFEXP", "tipo__descricao": "Of\u00edcio Expedido", "assunto": "Encaminha os relat\u00f3rios cont\u00e1beis referente ao m\u00eas de novembro de 2021"}, {"id": "4061", "ano": "2021", "numero": "369", "tipo__sigla": "OFEXP", "tipo__descricao": "Of\u00edcio Expedido", "assunto": "Convida para Audi\u00eancia P\u00fablica do Legislativo a respeito da LOA 2022 e PPA 2022, que ser\u00e1 realizada dia 16 de dezembro de 2021, as 16:00 h, no Plen\u00e1rio Jos\u00e9 Noel Gouveia."}, {"id": "4064", "ano": "2021", "numero": "370", "tipo__sigla": "OFEXP", "tipo__descricao": "Of\u00edcio Expedido", "assunto": "Convida os mun\u00edcipes para Audi\u00eancia P\u00fablica  a respeito da LOA 2002 e PPA 2022 (16/12/2021, 16h)"}, {"id": "4065", "ano": "2021", "numero": "371", "tipo__sigla": "OFEXP", "tipo__descricao": "Of\u00edcio Expedido", "assunto": "Encaminha a indica\u00e7\u00e3o 156 feita pelo vereador Luiz Felipe Mendon\u00e7a Rodrigues"}, {"id": "4082", "ano": "2021", "numero": "372", "tipo__sigla": "OFEXP", "tipo__descricao": "Of\u00edcio Expedido", "assunto": "Encaminhamento dos Projetos de Lei aprovados na 42\u00aa reuni\u00e3o ordin\u00e1ria"}, {"id": "4070", "ano": "2021", "numero": "373", "tipo__sigla": "OFEXP", "tipo__descricao": "Of\u00edcio Expedido", "assunto": "Autoriza a realiza\u00e7\u00e3o de horas extras pelo setor cont\u00e1bil"}, {"id": "4101", "ano": "2021", "numero": "374", "tipo__sigla": "OFEXP", "tipo__descricao": "Of\u00edcio Expedido", "assunto": "Encaminha a indica\u00e7\u00e3o 157 feita pelo vereador Luiz Felipe"}, {"id": "4107", "ano": "2021", "numero": "375", "tipo__sigla": "OFEXP", "tipo__descricao": "Of\u00edcio Expedido", "assunto": "Solicita inclus\u00e3o da C\u00e2mara Municipal de Santana da Vargem no sistema informatizado contratado para o munic\u00edpio de Santana da Vargem"}, {"id": "4108", "ano": "2021", "numero": "376", "tipo__sigla": "OFEXP", "tipo__descricao": "Of\u00edcio Expedido", "assunto": "Autoriza o pagamento da nota fiscal emitida para o processo licitat\u00f3rio 43/2021 (Bancada do plen\u00e1rio)"}, {"id": "4109", "ano": "2021", "numero": "377", "tipo__sigla": "OFEXP", "tipo__descricao": "Of\u00edcio Expedido", "assunto": "Encaminha reda\u00e7\u00f5es finais dos projetos de lei aprovados na 13\u00aa e 14\u00aa reuni\u00f5es extraordin\u00e1rias"}, {"id": "4115", "ano": "2021", "numero": "378", "tipo__sigla": "OFEXP", "tipo__descricao": "Of\u00edcio Expedido", "assunto": "Encaminha errata"}, {"id": "4116", "ano": "2021", "numero": "379", "tipo__sigla": "OFEXP", "tipo__descricao": "Of\u00edcio Expedido", "assunto": "Autoriza pagamento"}, {"id": "4134", "ano": "2021", "numero": "380", "tipo__sigla": "OFEXP", "tipo__descricao": "Of\u00edcio Expedido", "assunto": "Encaminha c\u00f3pia de reda\u00e7\u00e3o final de projeto de lei aprovado na 39\u00aa reuni\u00e3o ordin\u00e1ria."}, {"id": "4118", "ano": "2022", "numero": "1", "tipo__sigla": "ODC", "tipo__descricao": "Of\u00edcio/documento Cont\u00e1bil", "assunto": "Requerimento de  f\u00e9rias, Cleber de Brito (20 dias de f\u00e9rias regulamentares, compreendendo os per\u00edodos de 10 a 19 de janeiro e 07 a 16 de fevereiro   e convers\u00e3o de 1/3 em abono pecuni\u00e1rio)"}, {"id": "4119", "ano": "2022", "numero": "1", "tipo__sigla": "AT", "tipo__descricao": "ATESTADO", "assunto": "Atestado de sa\u00fade ocupacional- Demissional e declara\u00e7\u00e3o de bens Kainne"}, {"id": "4120", "ano": "2022", "numero": "1", "tipo__sigla": "REDF", "tipo__descricao": "Reda\u00e7\u00e3o Final", "assunto": "Reda\u00e7\u00e3o final ao projeto substitutivo n\u00ba 03 ao projeto de lei ordin\u00e1ria do legislativo 014/2021"}, {"id": "4123", "ano": "2022", "numero": "1", "tipo__sigla": "OCI", "tipo__descricao": "Of\u00edcios da Controladoria Interna", "assunto": "Extratos de conta corrente e de aplica\u00e7\u00e3o financeira (dezembro/2021)"}, {"id": "4126", "ano": "2022", "numero": "1", "tipo__sigla": "OFEXP", "tipo__descricao": "Of\u00edcio Expedido", "assunto": "Encaminha rela\u00e7\u00e3o de objetos para an\u00e1lis3e e baixa na rela\u00e7\u00e3o de patrim\u00f4nios"}, {"id": "4129", "ano": "2022", "numero": "1", "tipo__sigla": "REV", "tipo__descricao": "Relat\u00f3rios de rodagem do ve\u00edculo e outros", "assunto": "Levar Diretora Kainne no sindicato para colher assinatura \r\nOBS: primeira viagem ap\u00f3s atestado m\u00e9dico"}, {"id": "4130", "ano": "2022", "numero": "1", "tipo__sigla": "DD", "tipo__descricao": "Documentos da Diretoria", "assunto": "Solicita abertura de processo licitat\u00f3rio para aquisi\u00e7\u00e3o de G\u00e1s Liquefeito de Petr\u00f3leo (GLP)"}, {"id": "4135", "ano": "2022", "numero": "1", "tipo__sigla": "DEC", "tipo__descricao": "Declara\u00e7\u00e3o", "assunto": "Declara\u00e7\u00e3o de que o Of\u00edcio de Registro de T\u00edtulos e Documentos Civil das Pessoas Jur\u00eddicas \u00e9 unico"}, {"id": "4137", "ano": "2022", "numero": "1", "tipo__sigla": "MEM", "tipo__descricao": "Memorando", "assunto": "Comunica infra\u00e7\u00e3o de tr\u00e2nsito, encaminha recibo de pagamento e solicita tomada de provid\u00eancias quanto ao cart\u00e3o de mem\u00f3ria do ve\u00edculo"}, {"id": "4144", "ano": "2022", "numero": "1", "tipo__sigla": "DDCI", "tipo__descricao": "Documentos Diversos da Controladoria Interna", "assunto": "Movimenta\u00e7\u00e3o banc\u00e1ria mensal- detalhada (dezembro de 2021)"}, {"id": "4153", "ano": "2022", "numero": "1", "tipo__sigla": "OR", "tipo__descricao": "OF\u00cdCIOS RECEBIDOS", "assunto": "Encaminha resposta ao of\u00edcio 05/2022 manifestando interesse no processo 196/2021, preg\u00e3o presencial 079/2021"}, {"id": "4166", "ano": "2022", "numero": "1", "tipo__sigla": "PARE", "tipo__descricao": "PARECER", "assunto": "Parecer Jur\u00eddico - Inexigibilidade - Cart\u00f3rio de Registro de T\u00edtulos e Documentos Civil de Pessoas Jur\u00eddicas."}, {"id": "4177", "ano": "2022", "numero": "1", "tipo__sigla": "COMDE", "tipo__descricao": "COMUNICADO/DESPACHO", "assunto": "Convoca\u00e7\u00e3o para reuni\u00e3o extraordin\u00e1ria 19/01/2022 \u00e0s 19:00h"}, {"id": "4181", "ano": "2022", "numero": "1", "tipo__sigla": "DMP", "tipo__descricao": "Documentos de tribunais e do Minist\u00e9rio P\u00fablico", "assunto": "Termo de Ajustamento de Conduta Defesa do Patrim\u00f4nio P\u00fablico (celebrado aos 19 dias do m\u00eas de janeiro de 2022)"}, {"id": "4186", "ano": "2022", "numero": "1", "tipo__sigla": "DA", "tipo__descricao": "Documento Avulso", "assunto": "Ata da 42\u00aa reuni\u00e3o ordin\u00e1ria 2021  registrada (elei\u00e7\u00e3o mesa diretora 2022)"}, {"id": "4194", "ano": "2022", "numero": "1", "tipo__sigla": "JUST", "tipo__descricao": "Justificativas", "assunto": "Justificativa n\u00e3o marca\u00e7\u00e3o de ponto eletr\u00f4nico Alessadra Dixini Araujo"}, {"id": "4200", "ano": "2022", "numero": "1", "tipo__sigla": "ED", "tipo__descricao": "Edital", "assunto": "Edital pra aquisi\u00e7\u00e3o de mini salgados"}, {"id": "4203", "ano": "2022", "numero": "1", "tipo__sigla": "DI", "tipo__descricao": "Di\u00e1rias e documentos relativos", "assunto": "Requerimento de concess\u00e3o de di\u00e1rias adiantadas Luiz Felipe Mendon\u00e7a Rodrigues"}, {"id": "4204", "ano": "2022", "numero": "1", "tipo__sigla": "OVC", "tipo__descricao": "Of\u00edcio de Vereador/Comiss\u00e3o", "assunto": "Solicita a inscri\u00e7\u00e3o no curso \"Atualiza\u00e7\u00e3o da Lei de Improbidade administrativa \u00e0 luz da Lei n\u00ba 14.230/2022"}, {"id": "4254", "ano": "2022", "numero": "1", "tipo__sigla": "AREO", "tipo__descricao": "ATAS DAS REUNI\u00d5ES EXTRAORDIN\u00c1RIAS", "assunto": "Ata da 1\u00aa reuni\u00e3o extraordin\u00e1ria realizada no dia dezenove de janeiro de dois mil e vinte e dois"}, {"id": "4255", "ano": "2022", "numero": "1", "tipo__sigla": "CERT", "tipo__descricao": "CERTIFICADO", "assunto": "Certificamos que Vitor Donizetti Siqueira Junior participou da 372\u00ba Curso de Capacita\u00e7\u00e3o com o tema: ATUALIZA\u00c7\u00c3O DA LEI DE IMPROBIDADE ADMINISTRATIVA \u00c0 LUZ DA LIE 14.230/21"}, {"id": "4263", "ano": "2022", "numero": "1", "tipo__sigla": "ARO", "tipo__descricao": "ATAS DAS REUNI\u00d5ES ORDIN\u00c1RIAS", "assunto": "Ata da 1\u00aa reuni\u00e3o ordin\u00e1ria da 2\u00aa Sess\u00e3o Legislativa realizada no da primeiro de fevereiro de 2022"}, {"id": "4264", "ano": "2022", "numero": "1", "tipo__sigla": "AAPOS", "tipo__descricao": "Atas de audi\u00eancia p\u00fablica e outras sess\u00f5es", "assunto": "Ata da reuni\u00e3o solene de inaugura\u00e7\u00e3o da 2\u00aa Sess\u00e3o Legislativa da 15\u00aa Legislatura realizada no dia primeiro de fevereiro de 2022"}, {"id": "4308", "ano": "2022", "numero": "1", "tipo__sigla": "DPA", "tipo__descricao": "Documento de Processo Administrativo", "assunto": "Aviso de licita\u00e7\u00e3o: preg\u00e3o presencial 01/2022, tipo menor pre\u00e7o, objetivando a aquisi\u00e7\u00e3o de mini salgados."}, {"id": "4327", "ano": "2022", "numero": "1", "tipo__sigla": "OFP", "tipo__descricao": "Of\u00edcio da Procuradoria", "assunto": "Apresenta atestado para o dia 10 - 02 - 2022."}, {"id": "4434", "ano": "2022", "numero": "1", "tipo__sigla": "ATACL", "tipo__descricao": "Ata da Comiss\u00e3o de Licita\u00e7\u00e3o", "assunto": "Ata do preg\u00e3o presencial n\u00ba 01/2022 para aquisi\u00e7\u00e3o de mini salgados para as reuni\u00f5es legislativas"}, {"id": "4713", "ano": "2022", "numero": "1", "tipo__sigla": "ATACP", "tipo__descricao": "Ata das Comiss\u00f5es Permanentes", "assunto": "Ata da Comiss\u00e3o de educa\u00e7\u00e3o, sa\u00fade e assist\u00eancia social  (18/04/2022)"}, {"id": "4781", "ano": "2022", "numero": "1", "tipo__sigla": "CO", "tipo__descricao": "Convite", "assunto": "Convite para a pe\u00e7a teatral \"O Tabuleiro\", dia 28/04/2022 \u00e0s 19:30"}, {"id": "4786", "ano": "2022", "numero": "1", "tipo__sigla": "IN", "tipo__descricao": "Instru\u00e7\u00e3o Normativa", "assunto": "Instru\u00e7\u00e3o Normativa n\u00ba01/2022- Altera a instru\u00e7\u00e3o normativa 02/2021 que disp\u00f5e sobre o procedimento administrativo para a solicita\u00e7\u00e3o, a concess\u00e3o e a presta\u00e7\u00e3o de contas dos recebimentos de valores a t\u00edtulo de di\u00e1rias, no \u00e2mbito do Poder Legislativo do Munic\u00edpio de Santana da Vargem/MG."}, {"id": "4818", "ano": "2022", "numero": "1", "tipo__sigla": "ORE", "tipo__descricao": "Outros Relat\u00f3rios", "assunto": "Autoriza\u00e7\u00e3o para jornada divergente"}, {"id": "4824", "ano": "2022", "numero": "1", "tipo__sigla": "CERTD", "tipo__descricao": "CERTID\u00c3O", "assunto": "Certid\u00e3o de nascimento Taina Mendon\u00e7a Brito"}, {"id": "4925", "ano": "2022", "numero": "1", "tipo__sigla": "SO", "tipo__descricao": "SOLICITA\u00c7\u00c3O", "assunto": "possibilidade de ceder o Plen\u00e1rio da C\u00e2mara Municipal para a realiza\u00e7\u00e3o de 4 palestras de orienta\u00e7\u00e3o da popula\u00e7\u00e3o sobre os riscos e cuidados com a rede el\u00e9trica."}, {"id": "4988", "ano": "2022", "numero": "1", "tipo__sigla": "MCL", "tipo__descricao": "Memorando da Comiss\u00e3o de Licita\u00e7\u00e3o", "assunto": "Of\u00edcio 02/2022 - Solicita informa\u00e7\u00f5es a respeito da poeira e fuma\u00e7a que toma conta da cidade"}, {"id": "5379", "ano": "2022", "numero": "1", "tipo__sigla": "CA", "tipo__descricao": "Contrato Administrativo", "assunto": "Contrato referente ao processo licitat\u00f3rio n\u00ba 20/2022, preg\u00e3o presencial n\u00ba 07/2022"}, {"id": "5477", "ano": "2022", "numero": "1", "tipo__sigla": "CTCE", "tipo__descricao": "Correspond\u00eancias do Tribunal de Contas de MG", "assunto": "Not\u00edcia de irregularidade 092.2022.688 , suposta inconstitucionalidade da lei complementar municipal n\u00b0 16/2019 do Munic\u00edpio de Santana da Vargem (arquivamento)"}, {"id": "5541", "ano": "2022", "numero": "1", "tipo__sigla": "TE", "tipo__descricao": "Termos", "assunto": "Termo de recebimento provis\u00f3rio referente \u00e0 contrata\u00e7\u00e3o de empresa para a execu\u00e7\u00e3o da reforma do piso da parte externa do pr\u00e9dio da C\u00e2mara Municipal de Santana da Vargem"}, {"id": "5641", "ano": "2022", "numero": "1", "tipo__sigla": "CHPA", "tipo__descricao": "CHAPA DE COMPOSI\u00c7\u00c3O DA MESA DIRETORA", "assunto": "CHAPA N\u00daMERO 01 para mesa diretora do ano de 2023 (Presidente Carlos C\u00e9zar Ribeiro; Vice Presidente Silmara Girlaine Hon\u00f3rio; 1\u00aa Secret\u00e1ria Maria Aparecida de Ara\u00fajo Reis; 2\u00ba Secret\u00e1rio Luiz Felipe Mendon\u00e7a Rodrigues)"}, {"id": "4121", "ano": "2022", "numero": "2", "tipo__sigla": "REDF", "tipo__descricao": "Reda\u00e7\u00e3o Final", "assunto": "Reda\u00e7\u00e3o final ao projeto de lei 53 de 30 de agosto de 2021"}, {"id": "4124", "ano": "2022", "numero": "2", "tipo__sigla": "ODC", "tipo__descricao": "Of\u00edcio/documento Cont\u00e1bil", "assunto": "Resposta ao of\u00edcio 22/2021- Controladoria Interna"}, {"id": "4125", "ano": "2022", "numero": "2", "tipo__sigla": "OCI", "tipo__descricao": "Of\u00edcios da Controladoria Interna", "assunto": "Solicita abertura de processo administrativo de servi\u00e7o de consultoria para o controle interno"}, {"id": "4127", "ano": "2022", "numero": "2", "tipo__sigla": "OFEXP", "tipo__descricao": "Of\u00edcio Expedido", "assunto": "Encaminha as indica\u00e7\u00f5es 001, 002, 003 e 004 de autoria de Luiz Felipe Mendon\u00e7a Rodrigues"}, {"id": "4131", "ano": "2022", "numero": "2", "tipo__sigla": "DD", "tipo__descricao": "Documentos da Diretoria", "assunto": "Solicita abertura de processo licitat\u00f3rio para aquisi\u00e7\u00e3o de gasolina comum e etanol"}, {"id": "4136", "ano": "2022", "numero": "2", "tipo__sigla": "REV", "tipo__descricao": "Relat\u00f3rios de rodagem do ve\u00edculo e outros", "assunto": "Levar Diretora Kainne no cart\u00f3rio e na papelaria Ferreira\r\nOBS: Olhar a quest\u00e3o da revis\u00e3o limpeza do ar e possibilidade de arrumar passeio e garagem"}, {"id": "4138", "ano": "2022", "numero": "2", "tipo__sigla": "AT", "tipo__descricao": "ATESTADO", "assunto": "Atesta que Ruiter Silva de Oliveira est\u00e1 sob tratamento m\u00e9dico, devendo ser afastado do servi\u00e7o por 11 (onze) dias a partir do dia 07/01/2021"}, {"id": "4139", "ano": "2022", "numero": "2", "tipo__sigla": "MEM", "tipo__descricao": "Memorando", "assunto": "Solicita que sejam tomadas provid\u00eancias de preven\u00e7\u00e3o e combate ao Covid-19 na C\u00e2mara Municipal de Santana da Vargem"}, {"id": "4145", "ano": "2022", "numero": "2", "tipo__sigla": "DDCI", "tipo__descricao": "Documentos Diversos da Controladoria Interna", "assunto": "Movimenta\u00e7\u00e3o Banc\u00e1ria Mensal- Resumida (Dezembro 2021)"}, {"id": "4167", "ano": "2022", "numero": "2", "tipo__sigla": "PARE", "tipo__descricao": "PARECER", "assunto": "Parecer Jur\u00eddico - Dispensa - Certificado digital para pessoa f\u00edsica tipo A1 e certificado digital pessoa jur\u00eddica do tipo A1."}, {"id": "4188", "ano": "2022", "numero": "2", "tipo__sigla": "OR", "tipo__descricao": "OF\u00cdCIOS RECEBIDOS", "assunto": "Resposta \u00e0 indica\u00e7\u00e3o 001/2022 da vereadora Maria Aparecida de Ara\u00fajo Reis"}, {"id": "4195", "ano": "2022", "numero": "2", "tipo__sigla": "JUST", "tipo__descricao": "Justificativas", "assunto": "Justificativa n\u00e3o marca\u00e7\u00e3o de ponto eletr\u00f4nico  Larissa Oliveira Naves (06/01/2022)"}, {"id": "4205", "ano": "2022", "numero": "2", "tipo__sigla": "OVC", "tipo__descricao": "Of\u00edcio de Vereador/Comiss\u00e3o", "assunto": "Solicita altera\u00e7\u00e3o da data da sess\u00e3o ordin\u00e1ria do dia 01/02/2022 para o dia 31/01/2022"}, {"id": "4206", "ano": "2022", "numero": "2", "tipo__sigla": "DI", "tipo__descricao": "Di\u00e1rias e documentos relativos", "assunto": "Requerimento de concess\u00e3o de di\u00e1rias adiantadas Jackson Luiz Ven\u00e2ncio de Souza (Belo Horizonte 01/02/2022 a 04/02/2022)"}, {"id": "4234", "ano": "2022", "numero": "2", "tipo__sigla": "ED", "tipo__descricao": "Edital", "assunto": "Edital para aquisi\u00e7\u00e3o de g\u00eaneros aliment\u00edcios pela C\u00e2mara Municipal de Santana da Vargem-2022"}, {"id": "4256", "ano": "2022", "numero": "2", "tipo__sigla": "CERT", "tipo__descricao": "CERTIFICADO", "assunto": "Certifica que Jackson Luiz Ven\u00e2ncio de Souza participou da 372\u00ba Curso de Capacita\u00e7\u00e3o com o tema: ATUALIZA\u00c7\u00c3O DA LEI DE IMPROBIDADE ADMINISTRATIVA \u00c0 LUZ DA LIE 14.230/21"}, {"id": "4309", "ano": "2022", "numero": "2", "tipo__sigla": "DPA", "tipo__descricao": "Documento de Processo Administrativo", "assunto": "AVISO DE LICITA\u00c7\u00c3O: Preg\u00e3o presencial 02/2022, tipo menor pre\u00e7o, objetivando a aquisi\u00e7\u00e3o de g\u00eaneros aliment\u00edcios"}, {"id": "4321", "ano": "2022", "numero": "2", "tipo__sigla": "ARO", "tipo__descricao": "ATAS DAS REUNI\u00d5ES ORDIN\u00c1RIAS", "assunto": "Ata da 2\u00aa reuni\u00e3o ordin\u00e1ria da 2\u00aa Sess\u00e3o Legislativa da 15\u00aa Legislatura da C\u00e2mara Municipal de Santana da Vargem realizada no dia sete de fevereiro de 2022"}, {"id": "4332", "ano": "2022", "numero": "2", "tipo__sigla": "OFP", "tipo__descricao": "Of\u00edcio da Procuradoria", "assunto": "Solicita meia-di\u00e1ria - Evento do Minist\u00e9rio P\u00fablico - COMPOR"}, {"id": "4438", "ano": "2022", "numero": "2", "tipo__sigla": "ATACL", "tipo__descricao": "Ata da Comiss\u00e3o de Licita\u00e7\u00e3o", "assunto": "Ata da sess\u00e3o de preg\u00e3o n\u00ba 02/2022 para a aquisi\u00e7\u00e3o de g\u00eaneros aliment\u00edcios para a C\u00e2mara Municipal de Santana da Vargem"}, {"id": "4449", "ano": "2022", "numero": "2", "tipo__sigla": "DMP", "tipo__descricao": "Documentos de tribunais e do Minist\u00e9rio P\u00fablico", "assunto": "Of\u00edcio n\u00ba 060/2022/CRRG Inqu\u00e9rito Civil n\u00ba. MPMG-0694.21.000164-0 (Legisla\u00e7\u00e3o Vigente COPASA)"}, {"id": "4502", "ano": "2022", "numero": "2", "tipo__sigla": "DA", "tipo__descricao": "Documento Avulso", "assunto": "\u00cdndice de Gasto com pessoal e estimativa de impacto or\u00e7ament\u00e1rio e financeiro."}, {"id": "4535", "ano": "2022", "numero": "2", "tipo__sigla": "COMDE", "tipo__descricao": "COMUNICADO/DESPACHO", "assunto": "Convoca para reuni\u00e3o ordin\u00e1ria da comiss\u00e3o de Legisla\u00e7\u00e3o, Justi\u00e7a e Reda\u00e7\u00e3o Final no dia 23 de mar\u00e7o de 2022"}, {"id": "4635", "ano": "2022", "numero": "2", "tipo__sigla": "DEC", "tipo__descricao": "Declara\u00e7\u00e3o", "assunto": "Declara que o Vereador Luiz Felipe Mendon\u00e7a Rodrigues esteve no gabinete do deputado Wendel Mesquita nos dias 30 e 31 de mar\u00e7o e 01 de abril"}, {"id": "4678", "ano": "2022", "numero": "2", "tipo__sigla": "AREO", "tipo__descricao": "ATAS DAS REUNI\u00d5ES EXTRAORDIN\u00c1RIAS", "assunto": "Ata da 2\u00aa reuni\u00e3o extraordin\u00e1ria da 2\u00aa sess\u00e3o legislativa da 15\u00aa legislatura"}, {"id": "4755", "ano": "2022", "numero": "2", "tipo__sigla": "ATACP", "tipo__descricao": "Ata das Comiss\u00f5es Permanentes", "assunto": "Ata da reuni\u00e3o extraordin\u00e1ria da comiss\u00e3o de educa\u00e7\u00e3o, sa\u00fade e assist\u00eancia social"}, {"id": "4787", "ano": "2022", "numero": "2", "tipo__sigla": "IN", "tipo__descricao": "Instru\u00e7\u00e3o Normativa", "assunto": "Instru\u00e7\u00e3o Normativa 02/2022- Disp\u00f5e sobre a regulamenta\u00e7\u00e3o para o controle do intervalo intrajornada, da frequ\u00eancia e da assiduidade dos servidores p\u00fablicos no \u00e2mbito do Poder Legislativo do Munic\u00edpio de Santana da Vargem/MG."}, {"id": "4886", "ano": "2022", "numero": "2", "tipo__sigla": "CO", "tipo__descricao": "Convite", "assunto": "Convite Associa\u00e7\u00e3o Agricultura Valentes do Campo de Santana da Vargem 31/05/2022 \u00e0s 14h"}, {"id": "4937", "ano": "2022", "numero": "2", "tipo__sigla": "SO", "tipo__descricao": "SOLICITA\u00c7\u00c3O", "assunto": "Solicita autoriza\u00e7\u00e3o para abertura de procedimento de compra para o curso: \u201cFORMA\u00c7\u00c3O DE FISCAIS DE CONTRATO CONFORME NOVA LEI DE LICITA\u00c7\u00d5ES\u201d."}, {"id": "5099", "ano": "2022", "numero": "2", "tipo__sigla": "AAPOS", "tipo__descricao": "Atas de audi\u00eancia p\u00fablica e outras sess\u00f5es", "assunto": "Ata da Audi\u00eancia P\u00fablica para aprecia\u00e7\u00e3o do Projeto de Lei Ordin\u00e1ria 21/2022"}, {"id": "5171", "ano": "2022", "numero": "2", "tipo__sigla": "ORE", "tipo__descricao": "Outros Relat\u00f3rios", "assunto": "Autoriza\u00e7\u00e3o para jornada divergente"}, {"id": "5456", "ano": "2022", "numero": "2", "tipo__sigla": "CA", "tipo__descricao": "Contrato Administrativo", "assunto": "1\u00ba TERMO ADITIVO \u00c0 NOTA DE EMPENHO N\u00ba.075/2021, ORIUNDO DO PROCESSO N\u00ba.12/2021, DISPENSA N\u00ba.09/2021\r\nContrata\u00e7\u00e3o seguro do ve\u00edculo"}, {"id": "5646", "ano": "2022", "numero": "2", "tipo__sigla": "TE", "tipo__descricao": "Termos", "assunto": "Termo de ades\u00e3o C\u00e2mara Municipal de Santana da Vargem ao Parlamento Jovem de Minas no ano de 2023"}, {"id": "4122", "ano": "2022", "numero": "3", "tipo__sigla": "REDF", "tipo__descricao": "Reda\u00e7\u00e3o Final", "assunto": "Reda\u00e7\u00e3o final do projeto de lei 52 de 30 de agosto de 2021"}, {"id": "4128", "ano": "2022", "numero": "3", "tipo__sigla": "OFEXP", "tipo__descricao": "Of\u00edcio Expedido", "assunto": "Solicita um ve\u00edculo para a retirada de alguns objetos na C\u00e2mara Municipal de Santana da Vargem"}, {"id": "4132", "ano": "2022", "numero": "3", "tipo__sigla": "DD", "tipo__descricao": "Documentos da Diretoria", "assunto": "Solicita abertura de processo licitat\u00f3rio para contrata\u00e7\u00e3o de servi\u00e7os de emiss\u00e3o de certificado digital"}, {"id": "4140", "ano": "2022", "numero": "3", "tipo__sigla": "AT", "tipo__descricao": "ATESTADO", "assunto": "Atestado Admissional e declara\u00e7\u00e3o de bens e valores Kainne Delfino Joanas"}, {"id": "4146", "ano": "2022", "numero": "3", "tipo__sigla": "DDCI", "tipo__descricao": "Documentos Diversos da Controladoria Interna", "assunto": "Movimenta\u00e7\u00e3o Banc\u00e1ria- Acumulada"}, {"id": "4147", "ano": "2022", "numero": "3", "tipo__sigla": "OCI", "tipo__descricao": "Of\u00edcios da Controladoria Interna", "assunto": "Documentos protocolados no Sistema de Apoio ao processo Legislativo (SAPL)"}, {"id": "4150", "ano": "2022", "numero": "3", "tipo__sigla": "REV", "tipo__descricao": "Relat\u00f3rios de rodagem do ve\u00edculo e outros", "assunto": "Levar diretora Kainne na padaria"}, {"id": "4170", "ano": "2022", "numero": "3", "tipo__sigla": "MEM", "tipo__descricao": "Memorando", "assunto": "Solicita abertura de processo licitat\u00f3rio para a aquisi\u00e7\u00e3o de toner e cartuchos para as impressoras"}, {"id": "4176", "ano": "2022", "numero": "3", "tipo__sigla": "ODC", "tipo__descricao": "Of\u00edcio/documento Cont\u00e1bil", "assunto": "Solicita que a contrata\u00e7\u00e3o de servi\u00e7o de consultoria para o setor de Controle Interno desta casa Legislativa seja extensivo ao setor de Contabilidade"}, {"id": "4189", "ano": "2022", "numero": "3", "tipo__sigla": "OR", "tipo__descricao": "OF\u00cdCIOS RECEBIDOS", "assunto": "Resposta \u00e0s indica\u00e7\u00f5es 001, 002 e 003/2022 do vereador Vitor Donizetti Siqueira Junior"}, {"id": "4196", "ano": "2022", "numero": "3", "tipo__sigla": "JUST", "tipo__descricao": "Justificativas", "assunto": "Justificativa n\u00e3o marca\u00e7\u00e3o de ponto eletr\u00f4nico Cleber de Brito (05/01/2021)"}, {"id": "4207", "ano": "2022", "numero": "3", "tipo__sigla": "DI", "tipo__descricao": "Di\u00e1rias e documentos relativos", "assunto": "Requerimento de concess\u00e3o de di\u00e1rias adiantadas Vitor Donizetti Siqueira Junior (01/02/2022 a 04/02/2022)"}, {"id": "4223", "ano": "2022", "numero": "3", "tipo__sigla": "PARE", "tipo__descricao": "PARECER", "assunto": "Projeto de Lei Ordin\u00e1ria n\u00ba 02 - 2022 (Legislativo) - Revis\u00e3o Geral Anual - Parecer Jur\u00eddico."}, {"id": "4238", "ano": "2022", "numero": "3", "tipo__sigla": "ED", "tipo__descricao": "Edital", "assunto": "Edital para aquisi\u00e7\u00e3o de produtos de panifica\u00e7\u00e3o pela C\u00e2mara Municipal de Santana da Vargem"}, {"id": "4247", "ano": "2022", "numero": "3", "tipo__sigla": "OVC", "tipo__descricao": "Of\u00edcio de Vereador/Comiss\u00e3o", "assunto": "Solicita que altere a data da sess\u00e3o ordin\u00e1ria do dia 08/02/2022 para o dia 07/02/2022"}, {"id": "4300", "ano": "2022", "numero": "3", "tipo__sigla": "CERT", "tipo__descricao": "CERTIFICADO", "assunto": "Certifica que Maria Aparecida de Ara\u00fajo Reis  participou do 374\u00ba Curso de Capacita\u00e7\u00e3o com o tema: Atualiza\u00e7\u00e3o da Lei de Improbidade Administrativa \u00e0 luz da lei n\u00ba 14.230/21 realizado no per\u00edodo 08 a 11 de fevereiro"}, {"id": "4310", "ano": "2022", "numero": "3", "tipo__sigla": "DPA", "tipo__descricao": "Documento de Processo Administrativo", "assunto": "AVISO DE LICITA\u00c7\u00c3O; Preg\u00e3o presencial 03/2022, tipo menor pre\u00e7o, objetivando a aquisi\u00e7\u00e3o de produtos de panifica\u00e7\u00e3o"}, {"id": "4392", "ano": "2022", "numero": "3", "tipo__sigla": "ARO", "tipo__descricao": "ATAS DAS REUNI\u00d5ES ORDIN\u00c1RIAS", "assunto": "Ata da 3\u00aa reuni\u00e3o ordin\u00e1ria da 2\u00aa Sess\u00e3o Legislativa da 15\u00aa Legislatura"}, {"id": "4432", "ano": "2022", "numero": "3", "tipo__sigla": "OFP", "tipo__descricao": "Of\u00edcio da Procuradoria", "assunto": "Solicita impacto or\u00e7ament\u00e1rio de 2 projetos de lei solicitados pela Presid\u00eancia da Casa."}, {"id": "4440", "ano": "2022", "numero": "3", "tipo__sigla": "ATACL", "tipo__descricao": "Ata da Comiss\u00e3o de Licita\u00e7\u00e3o", "assunto": "Ata da sess\u00e3o de preg\u00e3o n\u00ba 003-2022  para aquisi\u00e7\u00e3o de g\u00eaneros aliment\u00edcios para a C\u00e2mara Municipal de Santana da Vargem"}, {"id": "4509", "ano": "2022", "numero": "3", "tipo__sigla": "DMP", "tipo__descricao": "Documentos de tribunais e do Minist\u00e9rio P\u00fablico", "assunto": "Requisita informa\u00e7\u00f5es e documentos TAC- Concurso P\u00fablico do Munic\u00edpio de Santana da Vargem"}, {"id": "4550", "ano": "2022", "numero": "3", "tipo__sigla": "DA", "tipo__descricao": "Documento Avulso", "assunto": "Ata reuni\u00e3o com os professores (plano de cargo magist\u00e9rio)"}, {"id": "4595", "ano": "2022", "numero": "3", "tipo__sigla": "COMDE", "tipo__descricao": "COMUNICADO/DESPACHO", "assunto": "Convoca\u00e7\u00e3o para a 2\u00aa reuni\u00e3o extraordin\u00e1ria em 04 de abril de 2022"}, {"id": "4913", "ano": "2022", "numero": "3", "tipo__sigla": "CO", "tipo__descricao": "Convite", "assunto": "Convida para a comemora\u00e7\u00e3o do 247\u00ba anivers\u00e1rio da pol\u00edcia militar de minas gerais"}, {"id": "4923", "ano": "2022", "numero": "3", "tipo__sigla": "DEC", "tipo__descricao": "Declara\u00e7\u00e3o", "assunto": "Declara\u00e7\u00e3o de bens e valores Alessandra Dixini"}, {"id": "5034", "ano": "2022", "numero": "3", "tipo__sigla": "ATACP", "tipo__descricao": "Ata das Comiss\u00f5es Permanentes", "assunto": "Ata da reuni\u00e3o do dia 20 de junho de 2022 (Requerimento Jorgelane Talma Caires"}, {"id": "5198", "ano": "2022", "numero": "3", "tipo__sigla": "AREO", "tipo__descricao": "ATAS DAS REUNI\u00d5ES EXTRAORDIN\u00c1RIAS", "assunto": "Ata da 3\u00aa reuni\u00e3o extraordin\u00e1ria da 2\u00aa Sess\u00e3o Legislativa da 15\u00aa legislatura da C\u00e2mara Municipal de Santana da Vargem"}, {"id": "5421", "ano": "2022", "numero": "3", "tipo__sigla": "SO", "tipo__descricao": "SOLICITA\u00c7\u00c3O", "assunto": "Solicitar que a Comiss\u00e3o de Licita\u00e7\u00e3o inicie os procedimentos para a\r\naquisi\u00e7\u00e3o de filtros (refis) para aparelhos purificadores de \u00e1gua, a fim de atender as necessidades da\r\nC\u00e2mara de Vereadores de Santana da Vargem"}, {"id": "5481", "ano": "2022", "numero": "3", "tipo__sigla": "CA", "tipo__descricao": "Contrato Administrativo", "assunto": "Extrato de contrato processo n\u00ba 20/2022- preg\u00e3o presencial n\u00ba 07/2022"}, {"id": "4133", "ano": "2022", "numero": "4", "tipo__sigla": "DD", "tipo__descricao": "Documentos da Diretoria", "assunto": "Solicita declara\u00e7\u00e3o informando que o cart\u00f3rio de of\u00edcios de registro de t\u00edtulos e documentos civil das pessoas jur\u00eddicas \u00e9 \u00fanico"}, {"id": "4141", "ano": "2022", "numero": "4", "tipo__sigla": "OFEXP", "tipo__descricao": "Of\u00edcio Expedido", "assunto": "Solicita um t\u00e9cnico para elabora\u00e7\u00e3o de projeto de engenharia para reforma do piso da parte externa do pr\u00e9dio da C\u00e2mara Municipal de Santana da Vargem"}, {"id": "4152", "ano": "2022", "numero": "4", "tipo__sigla": "REV", "tipo__descricao": "Relat\u00f3rios de rodagem do ve\u00edculo e outros", "assunto": "Levar Diretora Kainne na Delegacia"}, {"id": "4171", "ano": "2022", "numero": "4", "tipo__sigla": "MEM", "tipo__descricao": "Memorando", "assunto": "Solicita a compra de produtos de higiene e limpeza"}, {"id": "4179", "ano": "2022", "numero": "4", "tipo__sigla": "AT", "tipo__descricao": "ATESTADO", "assunto": "Atesta que Vitor Donizetti Siqueira Junior est\u00e1 sob tratamento m\u00e9dico por 05 (cinco) dias  a partir do dia 19 de janeiro de 2022"}, {"id": "4182", "ano": "2022", "numero": "4", "tipo__sigla": "OCI", "tipo__descricao": "Of\u00edcios da Controladoria Interna", "assunto": "Solicita que sejam adquiridas plaquetas de patrim\u00f4nio"}, {"id": "4190", "ano": "2022", "numero": "4", "tipo__sigla": "OR", "tipo__descricao": "OF\u00cdCIOS RECEBIDOS", "assunto": "Resposta ao vereador Vitor Donizetti Siqueira Junior - quantitativo de pacientes em acompanhamento oncol\u00f3gico"}, {"id": "4197", "ano": "2022", "numero": "4", "tipo__sigla": "JUST", "tipo__descricao": "Justificativas", "assunto": "Justificativa n\u00e3o marca\u00e7\u00e3o de ponto eletr\u00f4nico Emerson Silva Ara\u00fajo"}, {"id": "4210", "ano": "2022", "numero": "4", "tipo__sigla": "DI", "tipo__descricao": "Di\u00e1rias e documentos relativos", "assunto": "Requerimento de concess\u00e3o de di\u00e1rias ao motorista Vitor Donizetti Siqueira Junior (Belo Horizonte- 01/02/2022   a 04/02/2022)"}, {"id": "4224", "ano": "2022", "numero": "4", "tipo__sigla": "ODC", "tipo__descricao": "Of\u00edcio/documento Cont\u00e1bil", "assunto": "Solicita autoriza\u00e7\u00e3o para realizar 04 horas a mais no dia 31/01/2022 das 13:00 \u00e0s 17:00"}, {"id": "4239", "ano": "2022", "numero": "4", "tipo__sigla": "ED", "tipo__descricao": "Edital", "assunto": "Edital para aquisi\u00e7\u00e3o de materiais de expediente pela C\u00e2mara Municipal de Santana da Vargem"}, {"id": "4241", "ano": "2022", "numero": "4", "tipo__sigla": "DDCI", "tipo__descricao": "Documentos Diversos da Controladoria Interna", "assunto": "Movimenta\u00e7\u00e3o banc\u00e1ria Mensal - Detalhada (janeiro 2022)"}, {"id": "4249", "ano": "2022", "numero": "4", "tipo__sigla": "OVC", "tipo__descricao": "Of\u00edcio de Vereador/Comiss\u00e3o", "assunto": "Solicita inscri\u00e7\u00e3o no curso atualiza\u00e7\u00e3o da lei de improbidade administrativa \u00e0 luz da lie 14.230/2021"}, {"id": "4307", "ano": "2022", "numero": "4", "tipo__sigla": "PARE", "tipo__descricao": "PARECER", "assunto": "Parecer Jur\u00eddico - Veto - Lei Ordin\u00e1ria - Legislativo n\u00ba 13 - 2021 - Exames e avalia\u00e7\u00f5es pedi\u00e1tricas na creche"}, {"id": "4311", "ano": "2022", "numero": "4", "tipo__sigla": "DPA", "tipo__descricao": "Documento de Processo Administrativo", "assunto": "AVISO DE LICITA\u00c7\u00c3O: Preg\u00e3o presencial 04/2022, tipo menor pre\u00e7o, objetivando a aquisi\u00e7\u00e3o de materiais de expediente"}, {"id": "4314", "ano": "2022", "numero": "4", "tipo__sigla": "CERT", "tipo__descricao": "CERTIFICADO", "assunto": "Certifica que Walter Silva participou do 374\u00ba Curso de Capacita\u00e7\u00e3o com o tema: Atualiza\u00e7\u00e3o da Lei de Improbidade Administrativa \u00e0 luz da lei n\u00ba 14.230/21 realizado no per\u00edodo 08 a 11 de fevereiro"}, {"id": "4413", "ano": "2022", "numero": "4", "tipo__sigla": "ARO", "tipo__descricao": "ATAS DAS REUNI\u00d5ES ORDIN\u00c1RIAS", "assunto": "Ata da 4\u00aa reuni\u00e3o ordin\u00e1ria da 2\u00aa Sess\u00e3o Legislativa da 15\u00aa legislatura"}, {"id": "4451", "ano": "2022", "numero": "4", "tipo__sigla": "ATACL", "tipo__descricao": "Ata da Comiss\u00e3o de Licita\u00e7\u00e3o", "assunto": "Ata da sess\u00e3o de preg\u00e3o n\u00ba 004-2022 para aquisi\u00e7\u00e3o de materiais de expediente para a C\u00e2mara Municipal de Santana da Vargem"}, {"id": "4471", "ano": "2022", "numero": "4", "tipo__sigla": "REDF", "tipo__descricao": "Reda\u00e7\u00e3o Final", "assunto": "Reda\u00e7\u00e3o final ao projeto de lei 21/2021: Disp\u00f5e sobre a cria\u00e7\u00e3o da Feira Livre Municipal da Agricultura Familiar no Munic\u00edpio de Santana da Vargem-MG e d\u00e1 outras e d\u00e1 outras provid\u00eancias."}, {"id": "4488", "ano": "2022", "numero": "4", "tipo__sigla": "OFP", "tipo__descricao": "Of\u00edcio da Procuradoria", "assunto": "Apresentar atestado, intima\u00e7\u00e3o e foto - dias 18/02/2022, 09 e 10/03/2022."}, {"id": "4596", "ano": "2022", "numero": "4", "tipo__sigla": "COMDE", "tipo__descricao": "COMUNICADO/DESPACHO", "assunto": "Convoca\u00e7\u00e3o reuni\u00e3o da comiss\u00e3o de legisla\u00e7\u00e3o, justi\u00e7a e reda\u00e7\u00e3o final 04/04/2022"}, {"id": "4924", "ano": "2022", "numero": "4", "tipo__sigla": "DEC", "tipo__descricao": "Declara\u00e7\u00e3o", "assunto": "Declara\u00e7\u00e3o de bens Kainne Delfino Joanas"}, {"id": "4968", "ano": "2022", "numero": "4", "tipo__sigla": "DA", "tipo__descricao": "Documento Avulso", "assunto": "Resultado do Teste de Covid"}, {"id": "5050", "ano": "2022", "numero": "4", "tipo__sigla": "CO", "tipo__descricao": "Convite", "assunto": "Convida para \"Arrai\u00e1 da Doralice\" (30/06/2022)"}, {"id": "5090", "ano": "2022", "numero": "4", "tipo__sigla": "ATACP", "tipo__descricao": "Ata das Comiss\u00f5es Permanentes", "assunto": "Ata reuni\u00e3o da comiss\u00e3o de sa\u00fade, educa\u00e7\u00e3o e assist\u00eancia social (27/06/2022 \u00e0s 10h)"}, {"id": "5132", "ano": "2022", "numero": "4", "tipo__sigla": "DMP", "tipo__descricao": "Documentos de tribunais e do Minist\u00e9rio P\u00fablico", "assunto": "Termos aditivos do TAC firmado entre o MPMG e o Munic\u00edpio de Santana da Vargem"}, {"id": "5482", "ano": "2022", "numero": "4", "tipo__sigla": "CA", "tipo__descricao": "Contrato Administrativo", "assunto": "Extrato do 1\u00ba Termo Aditivo \u00e0 nota de empenho n\u00ba 075/2021, processo n\u00ba 12/2021, dispensa n\u00ba 09/2021"}, {"id": "5637", "ano": "2022", "numero": "4", "tipo__sigla": "SO", "tipo__descricao": "SOLICITA\u00c7\u00c3O", "assunto": "Solicita que a comiss\u00e3o de licita\u00e7\u00e3o inicie os procedimentos para aquisi\u00e7\u00e3o de quadro de vereadores legislatura 2021/2024"}, {"id": "5820", "ano": "2022", "numero": "4", "tipo__sigla": "AREO", "tipo__descricao": "ATAS DAS REUNI\u00d5ES EXTRAORDIN\u00c1RIAS", "assunto": "Ata da 4\u00aa reuni\u00e3o extraordin\u00e1ria da 15\u00aa legislatura"}, {"id": "4142", "ano": "2022", "numero": "5", "tipo__sigla": "OFEXP", "tipo__descricao": "Of\u00edcio Expedido", "assunto": "Consulta sobre a possibilidade de ades\u00e3o \u00e0 Ata de Registro de Pre\u00e7os para aquisi\u00e7\u00e3o de g\u00e1s e afins"}, {"id": "4148", "ano": "2022", "numero": "5", "tipo__sigla": "DD", "tipo__descricao": "Documentos da Diretoria", "assunto": "Solicita abertura de processo para contrata\u00e7\u00e3o de presta\u00e7\u00e3o de servi\u00e7os de Cart\u00f3rio"}, {"id": "4169", "ano": "2022", "numero": "5", "tipo__sigla": "REV", "tipo__descricao": "Relat\u00f3rios de rodagem do ve\u00edculo e outros", "assunto": "Levar Diretora Kainne no Sindicato para colher assinatura da Secret\u00e1ria Silmara"}, {"id": "4183", "ano": "2022", "numero": "5", "tipo__sigla": "AT", "tipo__descricao": "ATESTADO", "assunto": "Atesta que Isabela Louren\u00e7\u00e3o Messias dever\u00e1 afastar-se hoje de suas profissionais CID- Y59.9"}, {"id": "4191", "ano": "2022", "numero": "5", "tipo__sigla": "OR", "tipo__descricao": "OF\u00cdCIOS RECEBIDOS", "assunto": "Resposta \u00e0s indica\u00e7\u00f5es 001, 002, 003 e 004/2022 do vereador Luiz Felipe Mendon\u00e7a Rodrigues"}, {"id": "4193", "ano": "2022", "numero": "5", "tipo__sigla": "OCI", "tipo__descricao": "Of\u00edcios da Controladoria Interna", "assunto": "An\u00e1lise do ponto eletr\u00f4nico dos servidores 01/2022"}, {"id": "4198", "ano": "2022", "numero": "5", "tipo__sigla": "JUST", "tipo__descricao": "Justificativas", "assunto": "Justificativa n\u00e3o marca\u00e7\u00e3o de ponto eletr\u00f4nico Emerson Silva Ara\u00fajo"}, {"id": "4213", "ano": "2022", "numero": "5", "tipo__sigla": "MEM", "tipo__descricao": "Memorando", "assunto": "Solicita inscri\u00e7\u00e3o no Curso: Nova Lei de Licita\u00e7\u00f5es nos Munic\u00edpios (dias 23,24 e 25 de fevereiro)"}, {"id": "4217", "ano": "2022", "numero": "5", "tipo__sigla": "DI", "tipo__descricao": "Di\u00e1rias e documentos relativos", "assunto": "C\u00e1lculo de quantidades e de valores a pagar de di\u00e1rias Luiz Felipe Mendon\u00e7a Rodrigues (Belo Horizonte 26/01/2021)"}, {"id": "4237", "ano": "2022", "numero": "5", "tipo__sigla": "ODC", "tipo__descricao": "Of\u00edcio/documento Cont\u00e1bil", "assunto": "Resposta ao of\u00edcio 008/2022 da controladoria interna"}, {"id": "4242", "ano": "2022", "numero": "5", "tipo__sigla": "DDCI", "tipo__descricao": "Documentos Diversos da Controladoria Interna", "assunto": "Movimenta\u00e7\u00e3o banc\u00e1ria mensal- resumida (janeiro/2022)"}, {"id": "4278", "ano": "2022", "numero": "5", "tipo__sigla": "ED", "tipo__descricao": "Edital", "assunto": "Edital para aquisi\u00e7\u00e3o de produtos de limpeza e higiene"}, {"id": "4284", "ano": "2022", "numero": "5", "tipo__sigla": "OVC", "tipo__descricao": "Of\u00edcio de Vereador/Comiss\u00e3o", "assunto": "Solicita lista da quantidade e endere\u00e7o dos terrenos urbanos que s\u00e3o propriedade do munic\u00edpio de Santana da Vargem"}, {"id": "4315", "ano": "2022", "numero": "5", "tipo__sigla": "CERT", "tipo__descricao": "CERTIFICADO", "assunto": "Certifica que Carlos C\u00e9zar Ribeiro participou do 374\u00ba Curso de Capacita\u00e7\u00e3o com o tema: Atualiza\u00e7\u00e3o da Lei de Improbidade Administrativa \u00e0 luz da lei n\u00ba 14.230/21 realizado no per\u00edodo 08 a 11 de fevereiro"}, {"id": "4322", "ano": "2022", "numero": "5", "tipo__sigla": "PARE", "tipo__descricao": "PARECER", "assunto": "Parecer Jur\u00eddico - Curso - Servidor -  \u201cForma\u00e7\u00e3o e atualiza\u00e7\u00e3o de Controladores Interno\u201d."}, {"id": "4390", "ano": "2022", "numero": "5", "tipo__sigla": "DPA", "tipo__descricao": "Documento de Processo Administrativo", "assunto": "Aviso de licita\u00e7\u00e3o: preg\u00e3o presencial 01/2022, tipo menor pre\u00e7o, objetivando a aquisi\u00e7\u00e3o de mini salgados"}, {"id": "4453", "ano": "2022", "numero": "5", "tipo__sigla": "ATACL", "tipo__descricao": "Ata da Comiss\u00e3o de Licita\u00e7\u00e3o", "assunto": "Ata da sess\u00e3o de preg\u00e3o n\u00ba 005-2022 para aquisi\u00e7\u00e3o de materiais de limpeza e higiene para a C\u00e2mara Municipal de Santana da Vargem"}, {"id": "4487", "ano": "2022", "numero": "5", "tipo__sigla": "ARO", "tipo__descricao": "ATAS DAS REUNI\u00d5ES ORDIN\u00c1RIAS", "assunto": "Ata da 5\u00aa reuni\u00e3o ordin\u00e1ria da 2\u00aa Sess\u00e3o Legislativa da 15\u00aa Legislatura"}, {"id": "4507", "ano": "2022", "numero": "5", "tipo__sigla": "OFP", "tipo__descricao": "Of\u00edcio da Procuradoria", "assunto": "Solicita inscri\u00e7\u00e3o no curso: \"AUDITORIA E FISCALIZA\u00c7\u00c3O COM FUNDAMENTOS NAS NORMAS DE CONTROLE INTERNO E A RESPONSABILIZA\u00c7\u00c3O DAS PESSOAS JUR\u00cdDICAS POR ATOS LESIVOS \u00c0 ADMINISTRA\u00c7\u00c3O P\u00daBLICA\""}, {"id": "4538", "ano": "2022", "numero": "5", "tipo__sigla": "REDF", "tipo__descricao": "Reda\u00e7\u00e3o Final", "assunto": "Reda\u00e7\u00e3o Final do projeto de lei complementar 02/2022"}, {"id": "4634", "ano": "2022", "numero": "5", "tipo__sigla": "COMDE", "tipo__descricao": "COMUNICADO/DESPACHO", "assunto": "Errata de convoca\u00e7\u00e3o: Errata de proposi\u00e7\u00e3o na convoca\u00e7\u00e3o"}, {"id": "4927", "ano": "2022", "numero": "5", "tipo__sigla": "DEC", "tipo__descricao": "Declara\u00e7\u00e3o", "assunto": "Declara\u00e7\u00e3o de bens Cleber de Brito"}, {"id": "5206", "ano": "2022", "numero": "5", "tipo__sigla": "DA", "tipo__descricao": "Documento Avulso", "assunto": "Decreto 43/2022 de 29 de julho de 2022 encaminhado em resposta ao of\u00edcio 178/2022"}, {"id": "5281", "ano": "2022", "numero": "5", "tipo__sigla": "CO", "tipo__descricao": "Convite", "assunto": "Convida para reuni\u00e3o do Projeto Cidade, no centro reviver 9:00h"}, {"id": "5309", "ano": "2022", "numero": "5", "tipo__sigla": "ATACP", "tipo__descricao": "Ata das Comiss\u00f5es Permanentes", "assunto": "Ata da comiss\u00e3o de educa\u00e7\u00e3o, sa\u00fade e assist\u00eancia social (18/08/2022)"}, {"id": "5528", "ano": "2022", "numero": "5", "tipo__sigla": "CA", "tipo__descricao": "Contrato Administrativo", "assunto": "TERMO ADITIVO, CELEBRADO PELA C\u00c2MARA MUNICIPAL DE SANTANA DA VARGEM/MG E PELA EMPRESA A S CONSTRU\u00c7\u00d5ES E SOLU\u00c7\u00d5ES EM ENGENHARIA LTDA, INSCRITA NO CNPJ SOB O N\u00ba. 33.991.727/0001-37 REFERENTE AO CONTRATO DO PROCESSO LICITAT\u00d3RIO n\u00ba 20/2022, PREG\u00c3O PRESENCIAL n\u00ba 07/2022"}, {"id": "5612", "ano": "2022", "numero": "5", "tipo__sigla": "DMP", "tipo__descricao": "Documentos de tribunais e do Minist\u00e9rio P\u00fablico", "assunto": "Inqu\u00e9rito Civil n\u00ba MPMG 0694.14.000172-8- SEI 19.16.2536.0122548/2022-40 (Requisita c\u00f3pia da Lei Complementar Municipal n\u00ba 716 de 26 de abril de 2000)"}, {"id": "5952", "ano": "2022", "numero": "5", "tipo__sigla": "AREO", "tipo__descricao": "ATAS DAS REUNI\u00d5ES EXTRAORDIN\u00c1RIAS", "assunto": "Ata da 5\u00aa reuni\u00e3o extraordin\u00e1ria da 2\u00aa Sess\u00e3o Legislativa da 15\u00aa Legislatura da C\u00e2mara Municipal de Santana da Vargem"}, {"id": "4143", "ano": "2022", "numero": "6", "tipo__sigla": "OFEXP", "tipo__descricao": "Of\u00edcio Expedido", "assunto": "Solicita informa\u00e7\u00f5es a respeito do processo de aquisi\u00e7\u00e3o de combust\u00edvel para o abastecimento dos ve\u00edculos da frota municipal"}, {"id": "4184", "ano": "2022", "numero": "6", "tipo__sigla": "REV", "tipo__descricao": "Relat\u00f3rios de rodagem do ve\u00edculo e outros", "assunto": "Levar Diretora Kainne no Cart\u00f3rio (20/01/2022)"}, {"id": "4192", "ano": "2022", "numero": "6", "tipo__sigla": "OR", "tipo__descricao": "OF\u00cdCIOS RECEBIDOS", "assunto": "Resposta \u00e0s indica\u00e7\u00f5es 006 e 007 do vereador Luiz Felipe Mendon\u00e7a Rodrigues"}, {"id": "4199", "ano": "2022", "numero": "6", "tipo__sigla": "JUST", "tipo__descricao": "Justificativas", "assunto": "Justificativa n\u00e3o marca\u00e7\u00e3o de ponto eletr\u00f4nico Alanis Carolina de Oliveira Moreira"}, {"id": "4201", "ano": "2022", "numero": "6", "tipo__sigla": "OCI", "tipo__descricao": "Of\u00edcios da Controladoria Interna", "assunto": "Altera\u00e7\u00e3o no hor\u00e1rio de trabalho dia 26/01/2021"}, {"id": "4219", "ano": "2022", "numero": "6", "tipo__sigla": "DI", "tipo__descricao": "Di\u00e1rias e documentos relativos", "assunto": "Relat\u00f3rio de viagem Luiz Felipe Mendon\u00e7a Rodrigues (Belo Horizonte 26/01/2022)"}, {"id": "4225", "ano": "2022", "numero": "6", "tipo__sigla": "AT", "tipo__descricao": "ATESTADO", "assunto": "Atesta que Kainne Delfino Joanas est\u00e1 sob tratamento m\u00e9dico devendo ser afastada do servi\u00e7o por 10 (dez dias) a partir do dia 24/01/2022"}, {"id": "4226", "ano": "2022", "numero": "6", "tipo__sigla": "MEM", "tipo__descricao": "Memorando", "assunto": "Solicita 10 dias de f\u00e9rias do dia 02 de mar\u00e7o at\u00e9 11 de mar\u00e7o e a convers\u00e3o de 1/3 em abono pecuni\u00e1rio"}, {"id": "4243", "ano": "2022", "numero": "6", "tipo__sigla": "DDCI", "tipo__descricao": "Documentos Diversos da Controladoria Interna", "assunto": "movimenta\u00e7\u00e3o banc\u00e1ria - acumulada (janeiro/2022)"}, {"id": "4280", "ano": "2022", "numero": "6", "tipo__sigla": "ODC", "tipo__descricao": "Of\u00edcio/documento Cont\u00e1bil", "assunto": "Solicita a autoriza\u00e7\u00e3o para o pagamento das notas fiscais 543/2022 e 265/2022 referentes a cess\u00e3o de uso de software"}, {"id": "4323", "ano": "2022", "numero": "6", "tipo__sigla": "PARE", "tipo__descricao": "PARECER", "assunto": "Parecer jur\u00eddico - Curso - Servidores - Curso de Licita\u00e7\u00e3o."}, {"id": "4375", "ano": "2022", "numero": "6", "tipo__sigla": "OVC", "tipo__descricao": "Of\u00edcio de Vereador/Comiss\u00e3o", "assunto": "Convoca para reuni\u00e3o das comiss\u00f5es: Comiss\u00e3o de Legisla\u00e7\u00e3o Justi\u00e7a e Reda\u00e7\u00e3o Final"}, {"id": "4427", "ano": "2022", "numero": "6", "tipo__sigla": "DPA", "tipo__descricao": "Documento de Processo Administrativo", "assunto": "Aviso de licita\u00e7\u00e3o: preg\u00e3o presencial 01/2022, tipo menor pre\u00e7o, objetivando a aquisi\u00e7\u00e3o de mini salgados"}, {"id": "4470", "ano": "2022", "numero": "6", "tipo__sigla": "DD", "tipo__descricao": "Documentos da Diretoria", "assunto": "Solicita que seja inclu\u00eddo no processo de contrata\u00e7\u00e3o de consultoria patrim\u00f4nio e licita\u00e7\u00f5es"}, {"id": "4523", "ano": "2022", "numero": "6", "tipo__sigla": "CERT", "tipo__descricao": "CERTIFICADO", "assunto": "Certificado  Alanis Carolina : \"Nova Lei de Licita\u00e7\u00f5es- Regras de Transi\u00e7\u00e3o para a lei 14.133/2021\""}, {"id": "4530", "ano": "2022", "numero": "6", "tipo__sigla": "ARO", "tipo__descricao": "ATAS DAS REUNI\u00d5ES ORDIN\u00c1RIAS", "assunto": "Ata da 6\u00aa reuni\u00e3o ordin\u00e1ria da 2\u00aa Sess\u00e3o Legislativa da 15\u00aa Legislatura da C\u00e2mara Municipal de Santana da Vargem"}, {"id": "4534", "ano": "2022", "numero": "6", "tipo__sigla": "ATACL", "tipo__descricao": "Ata da Comiss\u00e3o de Licita\u00e7\u00e3o", "assunto": "Ata da sess\u00e3o do preg\u00e3o presencial 001/2022 para aquisi\u00e7\u00e3o de mini salgados (23/03/2022)"}, {"id": "4539", "ano": "2022", "numero": "6", "tipo__sigla": "REDF", "tipo__descricao": "Reda\u00e7\u00e3o Final", "assunto": "Reda\u00e7\u00e3o final do projeto de lei complementar 03/2022"}, {"id": "4577", "ano": "2022", "numero": "6", "tipo__sigla": "OFP", "tipo__descricao": "Of\u00edcio da Procuradoria", "assunto": "Resposta ao pedido de C\u00f3pia da ata de uma reuni\u00e3o com os professores da rede p\u00fablica municipal - Edna Ozana Costa de Paula."}, {"id": "4780", "ano": "2022", "numero": "6", "tipo__sigla": "COMDE", "tipo__descricao": "COMUNICADO/DESPACHO", "assunto": "Convoca\u00e7\u00e3o da Comiss\u00e3o de Obras, Servi\u00e7os p\u00fablicos, Agroind\u00fastria, Com\u00e9rcio e Turismo para reuni\u00e3o ordin\u00e1ria no dia 29 de abril de 2022"}, {"id": "4989", "ano": "2022", "numero": "6", "tipo__sigla": "DEC", "tipo__descricao": "Declara\u00e7\u00e3o", "assunto": "Declara\u00e7\u00e3o IR"}, {"id": "5167", "ano": "2022", "numero": "6", "tipo__sigla": "ED", "tipo__descricao": "Edital", "assunto": "Contrata\u00e7\u00e3o de empresa para a execu\u00e7\u00e3o da reforma do piso da parte externa do pr\u00e9dio da C\u00e2mara Municipal de Santana da Vargem."}, {"id": "5317", "ano": "2022", "numero": "6", "tipo__sigla": "DA", "tipo__descricao": "Documento Avulso", "assunto": "Documenta\u00e7\u00e3o projeto de lei 28/2022"}, {"id": "5391", "ano": "2022", "numero": "6", "tipo__sigla": "ATACP", "tipo__descricao": "Ata das Comiss\u00f5es Permanentes", "assunto": "Ata da Comiss\u00e3o de Educa\u00e7\u00e3o, Sa\u00fade e assist\u00eancia social reuni\u00e3o 06 de setembro de 2022"}, {"id": "5536", "ano": "2022", "numero": "6", "tipo__sigla": "CA", "tipo__descricao": "Contrato Administrativo", "assunto": "EXTRATO DO 1\u00ba TERMO ADITIVO, CELEBRADO PELA C\u00c2MARA MUNICIPAL DE SANTANA DA VARGEM/MG E PELA EMPRESA A S CONSTRU\u00c7\u00d5ES E SOLU\u00c7\u00d5ES EM ENGENHARIA LTDA, INSCRITA NO CNPJ SOB O N\u00ba. 33.991.727/0001-37 REFERENTE AO CONTRATO DO PROCESSO LICITAT\u00d3RIO n\u00ba 20/2022, PREG\u00c3O PRESENCIAL n\u00ba 07/2022CONTRATO"}, {"id": "5616", "ano": "2022", "numero": "6", "tipo__sigla": "CO", "tipo__descricao": "Convite", "assunto": "Convida para inaugura\u00e7\u00e3o do Centro Municipal de Educa\u00e7\u00e3o Infantil Dona Ate"}, {"id": "4149", "ano": "2022", "numero": "7", "tipo__sigla": "OFEXP", "tipo__descricao": "Of\u00edcio Expedido", "assunto": "Encaminha indica\u00e7\u00e3o 001 dos vereadores Ronalthe Dayglas Rocha e Jackson Luiz Ven\u00e2ncio de Souza"}, {"id": "4187", "ano": "2022", "numero": "7", "tipo__sigla": "REV", "tipo__descricao": "Relat\u00f3rios de rodagem do ve\u00edculo e outros", "assunto": "Levar funcion\u00e1ria Alanis no cart\u00f3rio e na casa da diretora Kainne para levar documentos"}, {"id": "4211", "ano": "2022", "numero": "7", "tipo__sigla": "OR", "tipo__descricao": "OF\u00cdCIOS RECEBIDOS", "assunto": "Encaminha pedidos de dilig\u00eancia (processo administrativo Lucimar Pereira Rezende)"}, {"id": "4214", "ano": "2022", "numero": "7", "tipo__sigla": "OCI", "tipo__descricao": "Of\u00edcios da Controladoria Interna", "assunto": "Solicita inscri\u00e7\u00e3o em curso: \"FORMA\u00c7\u00c3O E ATUALIZA\u00c7\u00c3O DE CONTROLADORES INTERNOS\" (22 a 25 de fevereiro)"}, {"id": "4220", "ano": "2022", "numero": "7", "tipo__sigla": "DI", "tipo__descricao": "Di\u00e1rias e documentos relativos", "assunto": "C\u00e1lculo de quantidade e valores a pagar di\u00e1rias Emerson Silva Ara\u00fajo (Belo Horizonte- 01/02/2022 a 04/02/2022)"}, {"id": "4245", "ano": "2022", "numero": "7", "tipo__sigla": "MEM", "tipo__descricao": "Memorando", "assunto": "Solicita servi\u00e7o de dedetiza\u00e7\u00e3o e limpeza da caixa d'\u00e1gua"}, {"id": "4324", "ano": "2022", "numero": "7", "tipo__sigla": "PARE", "tipo__descricao": "PARECER", "assunto": "Parecer Jur\u00eddico - Inexigibilidade - Curso - Vereadores - Atualiza\u00e7\u00e3o da Lei de Improbidade Administrativa \u00e0 luz da Lei n\u00ba 14.230/2021"}, {"id": "4341", "ano": "2022", "numero": "7", "tipo__sigla": "AT", "tipo__descricao": "ATESTADO", "assunto": "Declara que Felipe Tom\u00e9 Mota e Silva realizou Tomografia Computadorizada no per\u00edodo da manh\u00e3"}, {"id": "4342", "ano": "2022", "numero": "7", "tipo__sigla": "ODC", "tipo__descricao": "Of\u00edcio/documento Cont\u00e1bil", "assunto": "Solicita autoriza\u00e7\u00e3o para ausentar-se do trabalho no dia 18/02/2022 a fim de compensar as 4 horas trabalhadas no dia 31/01/2022"}, {"id": "4376", "ano": "2022", "numero": "7", "tipo__sigla": "OVC", "tipo__descricao": "Of\u00edcio de Vereador/Comiss\u00e3o", "assunto": "Convoca para reuni\u00e3o das Comiss\u00f5es: Comiss\u00e3o de Obras, Servi\u00e7os P\u00fablicos, Agroind\u00fastria, Com\u00e9rcio e Turismo."}, {"id": "4402", "ano": "2022", "numero": "7", "tipo__sigla": "JUST", "tipo__descricao": "Justificativas", "assunto": "Pedido de abono de n\u00e3o marca\u00e7\u00e3o de ponto eletr\u00f4nico Cleber de Brito 18/02/2022"}, {"id": "4416", "ano": "2022", "numero": "7", "tipo__sigla": "DDCI", "tipo__descricao": "Documentos Diversos da Controladoria Interna", "assunto": "Movimenta\u00e7\u00e3o Banc\u00e1ria Mensal - Detalhada (fevereiro/2022)"}, {"id": "4428", "ano": "2022", "numero": "7", "tipo__sigla": "DPA", "tipo__descricao": "Documento de Processo Administrativo", "assunto": "AVISO DE LICITA\u00c7\u00c3O: Preg\u00e3o presencial 02/2022, tipo menor pre\u00e7o, objetivando a aquisi\u00e7\u00e3o de g\u00eaneros aliment\u00edcios"}, {"id": "4476", "ano": "2022", "numero": "7", "tipo__sigla": "DD", "tipo__descricao": "Documentos da Diretoria", "assunto": "Solicita inscri\u00e7\u00e3o no curso \"CONTRATA\u00c7\u00c3O DIRETA NA NOVA LEI D ELICITA\u00c7\u00d5ES (DISPENSA E INEXIGIBILIDADE DE ACORDO COM A LEI 14.1333/2021)"}, {"id": "4528", "ano": "2022", "numero": "7", "tipo__sigla": "CERT", "tipo__descricao": "CERTIFICADO", "assunto": "Certifica que Carlos C\u00e9zar Ribeiro participou do 383 Curso \"Auditoria e fiscaliza\u00e7\u00e3o com fundamento nas normas de controle interno e a responsabiliza\u00e7\u00e3o das pessoas jur\u00eddicas por atos lesivos \u00e0 administra\u00e7\u00e3o p\u00fablica\""}, {"id": "4537", "ano": "2022", "numero": "7", "tipo__sigla": "ATACL", "tipo__descricao": "Ata da Comiss\u00e3o de Licita\u00e7\u00e3o", "assunto": "Ata da sess\u00e3o de preg\u00e3o 002/2022 para aquisi\u00e7\u00e3o de g\u00eaneros aliment\u00edcios (23/03/2022)"}, {"id": "4540", "ano": "2022", "numero": "7", "tipo__sigla": "REDF", "tipo__descricao": "Reda\u00e7\u00e3o Final", "assunto": "Reda\u00e7\u00e3o Final do Projeto de Lei Complementar n\u00ba 1/2022."}, {"id": "4578", "ano": "2022", "numero": "7", "tipo__sigla": "ARO", "tipo__descricao": "ATAS DAS REUNI\u00d5ES ORDIN\u00c1RIAS", "assunto": "Ata da 7\u00aa reuni\u00e3o ordin\u00e1ria da 2\u00aa Sess\u00e3o Legislativa da 15\u00aa Legislatura da C\u00e2mara Municipal"}, {"id": "4624", "ano": "2022", "numero": "7", "tipo__sigla": "OFP", "tipo__descricao": "Of\u00edcio da Procuradoria", "assunto": "Solicita di\u00e1ria para participa\u00e7\u00e3o no curso de dispensa e inexigibilidade da nova lei de licita\u00e7\u00f5es."}, {"id": "4900", "ano": "2022", "numero": "7", "tipo__sigla": "COMDE", "tipo__descricao": "COMUNICADO/DESPACHO", "assunto": "Convoca Comiss\u00e3o de Obras, Servi\u00e7os P\u00fablicos, Agroind\u00fastria, Com\u00e9rcio e Turismo para reuni\u00e3o ordin\u00e1ria no dia 31 de maio \u00e0s 18:00h"}, {"id": "5045", "ano": "2022", "numero": "7", "tipo__sigla": "DEC", "tipo__descricao": "Declara\u00e7\u00e3o", "assunto": "Declara que  Alessandra Dixini Araujo participou do curso \"Fiscaliza\u00e7\u00e3o, controle e aprimoramento de rotinas legislativas\""}, {"id": "5258", "ano": "2022", "numero": "7", "tipo__sigla": "ED", "tipo__descricao": "Edital", "assunto": "Contrata\u00e7\u00e3o de servi\u00e7os de consultoria para auxiliar nas rotinas de trabalho do departamento de controladoria interna, contabilidade, compras e patrim\u00f4nios da C\u00e2mara Municipal de Santana da Vargem"}, {"id": "5318", "ano": "2022", "numero": "7", "tipo__sigla": "DA", "tipo__descricao": "Documento Avulso", "assunto": "Documenta\u00e7\u00e3o projeto de lei 29/2022"}, {"id": "5617", "ano": "2022", "numero": "7", "tipo__sigla": "CO", "tipo__descricao": "Convite", "assunto": "Convida para Confer\u00eancia Municipal dos direitos da crian\u00e7a e do adolescente 23/11/2022 13h"}, {"id": "5639", "ano": "2022", "numero": "7", "tipo__sigla": "CA", "tipo__descricao": "Contrato Administrativo", "assunto": "Extrato de contrato  processo n\u00ba 47/2022- dispensa n\u00ba 13-2022 (presta\u00e7\u00e3o de servi\u00e7os de consultoria, com atendimento presencial de 16h mensais, durante 12 meses, para auxilio nas rotinas de trabalho do departamento de controladoria interna, contabilidade, compras e patrim\u00f4nios da c\u00e2mara municipal de Santana da Vargem/MG"}, {"id": "4151", "ano": "2022", "numero": "8", "tipo__sigla": "OFEXP", "tipo__descricao": "Of\u00edcio Expedido", "assunto": "Solicita que a Comiss\u00e3o de Licita\u00e7\u00e3o inicie os procedimentos para aquisi\u00e7\u00e3o de agendas 2022 para esta casa legislativa."}, {"id": "4202", "ano": "2022", "numero": "8", "tipo__sigla": "REV", "tipo__descricao": "Relat\u00f3rios de rodagem do ve\u00edculo e outros", "assunto": "Levar funcion\u00e1rio Larissa e Alanis para colher cota\u00e7\u00f5es nos com\u00e9rcios"}, {"id": "4218", "ano": "2022", "numero": "8", "tipo__sigla": "OR", "tipo__descricao": "OF\u00cdCIOS RECEBIDOS", "assunto": "Informa sobre o termo de ajustamento de conduta (pedido de prorroga\u00e7\u00e3o dos prazos)"}, {"id": "4221", "ano": "2022", "numero": "8", "tipo__sigla": "DI", "tipo__descricao": "Di\u00e1rias e documentos relativos", "assunto": "C\u00e1lculo de quantidade e valores a pagar di\u00e1rias Vitor Donizetti Siqueira Junior (Belo Horizonte- 01/02/2022 a 04/02/2022)"}, {"id": "4228", "ano": "2022", "numero": "8", "tipo__sigla": "OCI", "tipo__descricao": "Of\u00edcios da Controladoria Interna", "assunto": "Solicita extratos de conta corrente e de aplica\u00e7\u00e3o financeira (janeiro 2022)"}, {"id": "4325", "ano": "2022", "numero": "8", "tipo__sigla": "PARE", "tipo__descricao": "PARECER", "assunto": "Parecer jur\u00eddico - Veto - Projeto de Lei Ordin\u00e1ria n\u00ba 31 - 2021 - Odontologia nas escolas p\u00fablicas municipais."}, {"id": "4351", "ano": "2022", "numero": "8", "tipo__sigla": "AT", "tipo__descricao": "ATESTADO", "assunto": "Atesta que Larissa Oliveira Naves esteve sob tratamento m\u00e9dico no dia 01/02/2022"}, {"id": "4358", "ano": "2022", "numero": "8", "tipo__sigla": "MEM", "tipo__descricao": "Memorando", "assunto": "Solicita deferimento para participar do curso (Nova Lei de Licita\u00e7\u00e3o - Regra de Transi\u00e7\u00f5es para a Lei n\u00ba 14.133/2021)"}, {"id": "4377", "ano": "2022", "numero": "8", "tipo__sigla": "OVC", "tipo__descricao": "Of\u00edcio de Vereador/Comiss\u00e3o", "assunto": "Solicita o agendamento de uma Audi\u00eancia P\u00fablica para discuss\u00e3o dos projetos de lei complementar 001/2022 e 02/2022"}, {"id": "4406", "ano": "2022", "numero": "8", "tipo__sigla": "ODC", "tipo__descricao": "Of\u00edcio/documento Cont\u00e1bil", "assunto": "Encaminha o extrato da conta corrente de titularidade da C\u00e2mara Municipal de Santana da Vargem"}, {"id": "4417", "ano": "2022", "numero": "8", "tipo__sigla": "DDCI", "tipo__descricao": "Documentos Diversos da Controladoria Interna", "assunto": "Movimenta\u00e7\u00e3o Banc\u00e1ria Mensal - Resumida (fevereiro/2022)"}, {"id": "4429", "ano": "2022", "numero": "8", "tipo__sigla": "DPA", "tipo__descricao": "Documento de Processo Administrativo", "assunto": "AVISO DE LICITA\u00c7\u00c3O; Preg\u00e3o presencial 03/2022, tipo menor pre\u00e7o, objetivando a aquisi\u00e7\u00e3o de produtos de panifica\u00e7\u00e3o"}, {"id": "4518", "ano": "2022", "numero": "8", "tipo__sigla": "DD", "tipo__descricao": "Documentos da Diretoria", "assunto": "Justificativa para pagamento da franquia"}, {"id": "4529", "ano": "2022", "numero": "8", "tipo__sigla": "CERT", "tipo__descricao": "CERTIFICADO", "assunto": "Certifica que Maria Aparecida de Ara\u00fajo Reis participou do 383 Curso com o tema:  \"Auditoria e fiscaliza\u00e7\u00e3o com fundamento nas normas de controle interno e a responsabiliza\u00e7\u00e3o das pessoas jur\u00eddicas por atos lesivos \u00e0 administra\u00e7\u00e3o p\u00fablica\""}, {"id": "4533", "ano": "2022", "numero": "8", "tipo__sigla": "JUST", "tipo__descricao": "Justificativas", "assunto": "Pedido de abono de n\u00e3o marca\u00e7\u00e3o de ponto eletr\u00f4nico Fellipe Tom\u00e9 Mota e Silva 21/02/2022"}, {"id": "4547", "ano": "2022", "numero": "8", "tipo__sigla": "ATACL", "tipo__descricao": "Ata da Comiss\u00e3o de Licita\u00e7\u00e3o", "assunto": "Ata da sess\u00e3o de preg\u00e3o 005/2022 para aquisi\u00e7\u00e3o de materiais de limpeza e higiene (24/03/2022)"}, {"id": "4644", "ano": "2022", "numero": "8", "tipo__sigla": "ARO", "tipo__descricao": "ATAS DAS REUNI\u00d5ES ORDIN\u00c1RIAS", "assunto": "Ata da 8\u00aa reuni\u00e3o ordin\u00e1ria da 2\u00aa sess\u00e3o legislativa da 15\u00aa legislatura"}, {"id": "4686", "ano": "2022", "numero": "8", "tipo__sigla": "OFP", "tipo__descricao": "Of\u00edcio da Procuradoria", "assunto": "Resposta Of\u00edcio n\u00ba 13 - 2020 da Contabilidade Legislativa - Abertura de Cred. Supl. Anula\u00e7\u00e3o de Dot. Or\u00e7ament\u00e1ria."}, {"id": "4875", "ano": "2022", "numero": "8", "tipo__sigla": "REDF", "tipo__descricao": "Reda\u00e7\u00e3o Final", "assunto": "Reda\u00e7\u00e3o final do projeto de lei n\u00ba 31, de 26 de abril de 2022"}, {"id": "5048", "ano": "2022", "numero": "8", "tipo__sigla": "DEC", "tipo__descricao": "Declara\u00e7\u00e3o", "assunto": "Declara que Kainne Delfino Joanas  participou do curso \"Fiscaliza\u00e7\u00e3o, controle e aprimoramento de rotinas legislativas\""}, {"id": "5319", "ano": "2022", "numero": "8", "tipo__sigla": "DA", "tipo__descricao": "Documento Avulso", "assunto": "Documenta\u00e7\u00e3o projeto de lei 27/2022"}, {"id": "5621", "ano": "2022", "numero": "8", "tipo__sigla": "CO", "tipo__descricao": "Convite", "assunto": "Convida para a formatura da Escola Municipal Doralice Mendon\u00e7a Reis"}, {"id": "5640", "ano": "2022", "numero": "8", "tipo__sigla": "CA", "tipo__descricao": "Contrato Administrativo", "assunto": "Contrato 02/2022- Processo licitat\u00f3rio n\u00ba 47/2022- dispensa n\u00ba 13/2022 (presta\u00e7\u00e3o de servi\u00e7o de consultoria, com atendimento presencial de 16h mensais, durante 12 meses, para auxilio nas rotinas de trabalho do departamento de controladoria interna, contabilidade, compras e patrim\u00f4nios da C\u00e2mara Municipal de Santana da Vargem/MG)"}, {"id": "4154", "ano": "2022", "numero": "9", "tipo__sigla": "OFEXP", "tipo__descricao": "Of\u00edcio Expedido", "assunto": "Solicita que a Comiss\u00e3o de Licita\u00e7\u00e3o inicie os procedimentos para aquisi\u00e7\u00e3o de agendas 2022"}, {"id": "4208", "ano": "2022", "numero": "9", "tipo__sigla": "REV", "tipo__descricao": "Relat\u00f3rios de rodagem do ve\u00edculo e outros", "assunto": "Levar funcion\u00e1ria Larissa para cota\u00e7\u00f5es e funcion\u00e1rias Isabela e Alessandra na Yup net"}, {"id": "4222", "ano": "2022", "numero": "9", "tipo__sigla": "DI", "tipo__descricao": "Di\u00e1rias e documentos relativos", "assunto": "C\u00e1lculo de quantidade e valores a pagar di\u00e1rias Jackson Luiz Ven\u00e2ncio de Souza (Belo Horizonte- 01/02/2022 a 04/02/2022)"}, {"id": "4240", "ano": "2022", "numero": "9", "tipo__sigla": "OCI", "tipo__descricao": "Of\u00edcios da Controladoria Interna", "assunto": "Suspens\u00e3o da instru\u00e7\u00e3o normativa 01/2021"}, {"id": "4265", "ano": "2022", "numero": "9", "tipo__sigla": "OR", "tipo__descricao": "OF\u00cdCIOS RECEBIDOS", "assunto": "Balancetes de Receitas e Despesas referentes ao m\u00eas de dezembro/2021"}, {"id": "4326", "ano": "2022", "numero": "9", "tipo__sigla": "PARE", "tipo__descricao": "PARECER", "assunto": "Parecer jur\u00eddico - Dispensa de Licita\u00e7\u00e3o - Aquisi\u00e7\u00e3o de Cadeira"}, {"id": "4352", "ano": "2022", "numero": "9", "tipo__sigla": "AT", "tipo__descricao": "ATESTADO", "assunto": "Atesta que Larissa Oliveira Naves esteve sob tratamento m\u00e9dico no dia 16/02/2022"}, {"id": "4378", "ano": "2022", "numero": "9", "tipo__sigla": "OVC", "tipo__descricao": "Of\u00edcio de Vereador/Comiss\u00e3o", "assunto": "Solicita o agendamento de Audi\u00eancia P\u00fablica no dia 03/03/2022 para discuss\u00e3o do projeto de lei complementar 03/2022"}, {"id": "4388", "ano": "2022", "numero": "9", "tipo__sigla": "MEM", "tipo__descricao": "Memorando", "assunto": "memorando motorista legislativo viagem para Monte Verde (colis\u00e3o ve\u00edculo oficial)"}, {"id": "4418", "ano": "2022", "numero": "9", "tipo__sigla": "DDCI", "tipo__descricao": "Documentos Diversos da Controladoria Interna", "assunto": "Movimenta\u00e7\u00e3o Banc\u00e1ria Mensal - Acumulada (fevereiro/2022)"}, {"id": "4430", "ano": "2022", "numero": "9", "tipo__sigla": "DPA", "tipo__descricao": "Documento de Processo Administrativo", "assunto": "AVISO DE LICITA\u00c7\u00c3O: Preg\u00e3o presencial 04/2022, tipo menor pre\u00e7o, objetivando a aquisi\u00e7\u00e3o de materiais de expediente"}, {"id": "4455", "ano": "2022", "numero": "9", "tipo__sigla": "ODC", "tipo__descricao": "Of\u00edcio/documento Cont\u00e1bil", "assunto": "Solicita autoriza\u00e7\u00e3o para o pagamento da Nota Fiscal 954/2022 e Nota Fiscal 994/2022 referente a cess\u00e3o de direito de uso de software"}, {"id": "4544", "ano": "2022", "numero": "9", "tipo__sigla": "JUST", "tipo__descricao": "Justificativas", "assunto": "pedido de abono de n\u00e3o marca\u00e7\u00e3o de ponto eletr\u00f4nico Cleber de Brito (23/02/2022 sa\u00edda do primeiro turno)"}, {"id": "4548", "ano": "2022", "numero": "9", "tipo__sigla": "CERT", "tipo__descricao": "CERTIFICADO", "assunto": "Certifica que Alessandra Dixini Araujo participou do 385\u00ba Curso de Capacita\u00e7\u00e3o com o tema: AUDITORIA E FISCALIZA\u00c7\u00c3O COM FUNDAMENTO NAS NORMAS DE CONTROLE INTERNO E A RESPONSABILIZA\u00c7\u00c3O DAS PESSOAS JUR\u00cdDICAS POR ATOS LESIVOS \u00c0 ADMINISTRA\u00c7\u00c3O P\u00daBLICA"}, {"id": "4623", "ano": "2022", "numero": "9", "tipo__sigla": "ATACL", "tipo__descricao": "Ata da Comiss\u00e3o de Licita\u00e7\u00e3o", "assunto": "Ata do preg\u00e3o presencial 003/2022 para aquisi\u00e7\u00e3o de produtos de panifica\u00e7\u00e3o (30/03/2022)"}, {"id": "4637", "ano": "2022", "numero": "9", "tipo__sigla": "DD", "tipo__descricao": "Documentos da Diretoria", "assunto": "Solicita informa\u00e7\u00f5es a respeito dos valores gastos com materiais de escrit\u00f3rios no exerc\u00edcio 2022"}, {"id": "4645", "ano": "2022", "numero": "9", "tipo__sigla": "ARO", "tipo__descricao": "ATAS DAS REUNI\u00d5ES ORDIN\u00c1RIAS", "assunto": "Ata da 9\u00aa reuni\u00e3o ordin\u00e1ria da 2\u00aa Sess\u00e3o Legislativa da 15\u00aa Legislatura"}, {"id": "4734", "ano": "2022", "numero": "9", "tipo__sigla": "OFP", "tipo__descricao": "Of\u00edcio da Procuradoria", "assunto": "Solicita concess\u00e3o de 28 dias de f\u00e9rias a partir do dia 25/04/2022"}, {"id": "4929", "ano": "2022", "numero": "9", "tipo__sigla": "REDF", "tipo__descricao": "Reda\u00e7\u00e3o Final", "assunto": "Reda\u00e7\u00e3o final do projeto de lei complementar, n\u00ba 13 de 18 de abril de 2022"}, {"id": "5057", "ano": "2022", "numero": "9", "tipo__sigla": "DEC", "tipo__descricao": "Declara\u00e7\u00e3o", "assunto": "Declara que Felipe Tom\u00e9 Mota e Silva participou do curso: Fiscaliza\u00e7\u00e3o, controle e aprimoramento de rotinas legislativas"}, {"id": "5583", "ano": "2022", "numero": "9", "tipo__sigla": "DA", "tipo__descricao": "Documento Avulso", "assunto": "Certid\u00e3o de \u00f3bito Maria da Concei\u00e7\u00e3o Pereira (Dona Ate)"}, {"id": "5671", "ano": "2022", "numero": "9", "tipo__sigla": "CO", "tipo__descricao": "Convite", "assunto": "Convida para evento de reinaugura\u00e7\u00e3o do vesti\u00e1rio do est\u00e1dio municipal"}, {"id": "4155", "ano": "2022", "numero": "10", "tipo__sigla": "OFEXP", "tipo__descricao": "Of\u00edcio Expedido", "assunto": "Solicita que a Comiss\u00e3o de Licita\u00e7\u00e3o inicie procedimentos para aquisi\u00e7\u00e3o de microfones"}, {"id": "4209", "ano": "2022", "numero": "10", "tipo__sigla": "REV", "tipo__descricao": "Relat\u00f3rios de rodagem do ve\u00edculo e outros", "assunto": "Levar funcion\u00e1ria Larissa e Alanis para colher cota\u00e7\u00f5es e buscar folha sulfite na papelaria"}, {"id": "4236", "ano": "2022", "numero": "10", "tipo__sigla": "DI", "tipo__descricao": "Di\u00e1rias e documentos relativos", "assunto": "An\u00e1lise da presta\u00e7\u00e3o de contas do recebimento de di\u00e1rias Luiz Felipe Mendon\u00e7a Rodrigues (Belo Horizonte 26/01/2022)"}, {"id": "4244", "ano": "2022", "numero": "10", "tipo__sigla": "OCI", "tipo__descricao": "Of\u00edcios da Controladoria Interna", "assunto": "Documentos protocolados no Sistema de Apoio ao Processo Legislativo (SAPL)"}, {"id": "4268", "ano": "2022", "numero": "10", "tipo__sigla": "OR", "tipo__descricao": "OF\u00cdCIOS RECEBIDOS", "assunto": "Resposta \u00e0 indica\u00e7\u00e3o 01/2022 do vereador Ronalthe Dayglas Rocha"}, {"id": "4328", "ano": "2022", "numero": "10", "tipo__sigla": "PARE", "tipo__descricao": "PARECER", "assunto": "Parecer Jur\u00eddico - Preg\u00e3o (registro de pre\u00e7o) - Panifica\u00e7\u00e3o - Pr\u00e9-Sess\u00e3o."}, {"id": "4391", "ano": "2022", "numero": "10", "tipo__sigla": "MEM", "tipo__descricao": "Memorando", "assunto": "Solicita cancelamento  de di\u00e1ria para o motorista"}, {"id": "4401", "ano": "2022", "numero": "10", "tipo__sigla": "AT", "tipo__descricao": "ATESTADO", "assunto": "Atesta que Larissa Oliveira Naves esteve sob tratamento m\u00e9dico devendo ser afastada do servi\u00e7o do dia 23/02//2022 a 05/03/2022 (Testou positivo para covid- 19)"}, {"id": "4404", "ano": "2022", "numero": "10", "tipo__sigla": "OVC", "tipo__descricao": "Of\u00edcio de Vereador/Comiss\u00e3o", "assunto": "Informa retirada do Conselho Municipal de Esporte (Jackson Luiz Ven\u00e2ncio de Souza)"}, {"id": "4437", "ano": "2022", "numero": "10", "tipo__sigla": "DPA", "tipo__descricao": "Documento de Processo Administrativo", "assunto": "Aviso de licita\u00e7\u00e3o: preg\u00e3o presencial 01/2022, tipo menor pre\u00e7o, objetivando a aquisi\u00e7\u00e3o de mini salgados"}, {"id": "4499", "ano": "2022", "numero": "10", "tipo__sigla": "ODC", "tipo__descricao": "Of\u00edcio/documento Cont\u00e1bil", "assunto": "Impacto or\u00e7ament\u00e1rio financeiro cria\u00e7\u00e3o da comiss\u00e3o de compras e fun\u00e7\u00e3o de confian\u00e7a de agente de contrata\u00e7\u00e3o /pregoeiro"}, {"id": "4549", "ano": "2022", "numero": "10", "tipo__sigla": "CERT", "tipo__descricao": "CERTIFICADO", "assunto": "Certifica que Felipe Tom\u00e9 Mota e Silva  participou do 385\u00ba Curso de Capacita\u00e7\u00e3o com o tema: AUDITORIA E FISCALIZA\u00c7\u00c3O COM FUNDAMENTO NAS NORMAS DE CONTROLE INTERNO E A RESPONSABILIZA\u00c7\u00c3O DAS PESSOAS JUR\u00cdDICAS POR ATOS LESIVOS \u00c0 ADMINISTRA\u00c7\u00c3O P\u00daBLICA"}, {"id": "4554", "ano": "2022", "numero": "10", "tipo__sigla": "JUST", "tipo__descricao": "Justificativas", "assunto": "Pedido de abono de n\u00e3o marca\u00e7\u00e3o de ponto eletr\u00f4nico Isabela 25/03/2033"}, {"id": "4638", "ano": "2022", "numero": "10", "tipo__sigla": "DD", "tipo__descricao": "Documentos da Diretoria", "assunto": "Justificativa a respeito do processo para aquisi\u00e7\u00e3o de agendas"}, {"id": "4682", "ano": "2022", "numero": "10", "tipo__sigla": "DDCI", "tipo__descricao": "Documentos Diversos da Controladoria Interna", "assunto": "Movimenta\u00e7\u00e3o Banc\u00e1ria Mensal - Detalhada (mar\u00e7o/2022)"}, {"id": "4724", "ano": "2022", "numero": "10", "tipo__sigla": "ARO", "tipo__descricao": "ATAS DAS REUNI\u00d5ES ORDIN\u00c1RIAS", "assunto": "Ata da 10\u00aa reuni\u00e3o ordin\u00e1ria da 2\u00aa sess\u00e3o legislativa da 15\u00aa legislatura"}, {"id": "4736", "ano": "2022", "numero": "10", "tipo__sigla": "OFP", "tipo__descricao": "Of\u00edcio da Procuradoria", "assunto": "Of\u00edcio para Comiss\u00e3o de Sa\u00fade - Sugerindo medidas iniciais para desenvolvimento dos trabalhos."}, {"id": "5023", "ano": "2022", "numero": "10", "tipo__sigla": "REDF", "tipo__descricao": "Reda\u00e7\u00e3o Final", "assunto": "Reda\u00e7\u00e3o final ao projeto de lei ordin\u00e1ria do legislativo 05/2022"}, {"id": "5062", "ano": "2022", "numero": "10", "tipo__sigla": "DEC", "tipo__descricao": "Declara\u00e7\u00e3o", "assunto": "Declara que Ruiter Silva de Oliveira participou do curso: Fiscaliza\u00e7\u00e3o, Controle e Aprimoramento de rotinas legislativas"}, {"id": "5331", "ano": "2022", "numero": "10", "tipo__sigla": "ATACL", "tipo__descricao": "Ata da Comiss\u00e3o de Licita\u00e7\u00e3o", "assunto": "Ata do preg\u00e3o presencial 007/2022 realizado no dia 23/08/2022"}, {"id": "5589", "ano": "2022", "numero": "10", "tipo__sigla": "DA", "tipo__descricao": "Documento Avulso", "assunto": "Biografia Maria da Concei\u00e7\u00e3o Pereira (Dona Ate)"}, {"id": "4156", "ano": "2022", "numero": "11", "tipo__sigla": "OFEXP", "tipo__descricao": "Of\u00edcio Expedido", "assunto": "Solicita Comiss\u00e3o de Licita\u00e7\u00e3o inicie os procedimentos para contrata\u00e7\u00e3o de servi\u00e7o de confec\u00e7\u00e3o de copos, chaveiros e pastas personalizadas"}, {"id": "4215", "ano": "2022", "numero": "11", "tipo__sigla": "REV", "tipo__descricao": "Relat\u00f3rios de rodagem do ve\u00edculo e outros", "assunto": "Levar funcion\u00e1ria Larissa para colher cota\u00e7\u00f5es"}, {"id": "4246", "ano": "2022", "numero": "11", "tipo__sigla": "DI", "tipo__descricao": "Di\u00e1rias e documentos relativos", "assunto": "Requerimento de Concess\u00e3o de di\u00e1rias adiantadas Carlos C\u00e9zar Ribeiro (Belo Horizonte- 08/02/2021 a 11/02/2022)"}, {"id": "4262", "ano": "2022", "numero": "11", "tipo__sigla": "OCI", "tipo__descricao": "Of\u00edcios da Controladoria Interna", "assunto": "Relat\u00f3rio Anual de Controle Interno 2021"}, {"id": "4269", "ano": "2022", "numero": "11", "tipo__sigla": "OR", "tipo__descricao": "OF\u00cdCIOS RECEBIDOS", "assunto": "Resposta \u00e0 indica\u00e7\u00e3o 008/2022 do vereador Luiz Felipe Mendon\u00e7a Rodrigues"}, {"id": "4329", "ano": "2022", "numero": "11", "tipo__sigla": "PARE", "tipo__descricao": "PARECER", "assunto": "Parecer jur\u00eddico - Preg\u00e3o - Registro de Pre\u00e7o - Material de Expediente - Pr\u00e9-sess\u00e3o"}, {"id": "4420", "ano": "2022", "numero": "11", "tipo__sigla": "MEM", "tipo__descricao": "Memorando", "assunto": "Solicita a concess\u00e3o de f\u00e9rias do dia 09 a 18 do m\u00eas de mar\u00e7o e do dia 30 ao dia 08 do m\u00eas de abril  e convers\u00e3o de 1/3 de f\u00e9rias em abono pecuni\u00e1rio."}, {"id": "4421", "ano": "2022", "numero": "11", "tipo__sigla": "OVC", "tipo__descricao": "Of\u00edcio de Vereador/Comiss\u00e3o", "assunto": "Solicita inscri\u00e7\u00e3o no curso: Auditoria e fiscaliza\u00e7\u00e3o com fundamentos nas normas de controle interno e a responsabiliza\u00e7\u00e3o das pessoas jur\u00eddicas por atos lesivos \u00e0 administra\u00e7\u00e3o p\u00fablica"}, {"id": "4439", "ano": "2022", "numero": "11", "tipo__sigla": "DPA", "tipo__descricao": "Documento de Processo Administrativo", "assunto": "AVISO DE LICITA\u00c7\u00c3O: Preg\u00e3o presencial 02/2022, tipo menor pre\u00e7o, objetivando a aquisi\u00e7\u00e3o de g\u00eaneros aliment\u00edcios"}, {"id": "4484", "ano": "2022", "numero": "11", "tipo__sigla": "AT", "tipo__descricao": "ATESTADO", "assunto": "Atesta que Alanis Carolina Moreira esteve sob tratamento m\u00e9dico devendo ser afastada do servi\u00e7o por 01 dia a partir do dia 22/02/2022"}, {"id": "4568", "ano": "2022", "numero": "11", "tipo__sigla": "JUST", "tipo__descricao": "Justificativas", "assunto": "Pedido de abono de n\u00e3o marca\u00e7\u00e3o de ponto eletr\u00f4nico Larissa (23/03/2022)"}, {"id": "4646", "ano": "2022", "numero": "11", "tipo__sigla": "ODC", "tipo__descricao": "Of\u00edcio/documento Cont\u00e1bil", "assunto": "Solicita a autoriza\u00e7\u00e3o para o pagamento das notas fiscais 1338/2022 e 1642/2022 referentes a cess\u00e3o de direito de uso de software"}, {"id": "4654", "ano": "2022", "numero": "11", "tipo__sigla": "CERT", "tipo__descricao": "CERTIFICADO", "assunto": "Certifica que Walter Silva participou do 2\u00ba Ciclo de Capacita\u00e7\u00e3o com o tema: Contrata\u00e7\u00e3o Direta na Nova Lei de Licita\u00e7\u00f5es (Dispensa e Inexigibilidade de Acordo com a Lei n \u00ba 14.133 de 2021)"}, {"id": "4683", "ano": "2022", "numero": "11", "tipo__sigla": "DDCI", "tipo__descricao": "Documentos Diversos da Controladoria Interna", "assunto": "Movimenta\u00e7\u00e3o Banc\u00e1ria Mensal - Resumida (mar\u00e7o/2022)"}, {"id": "4704", "ano": "2022", "numero": "11", "tipo__sigla": "DD", "tipo__descricao": "Documentos da Diretoria", "assunto": "Considera\u00e7\u00f5es/Justificativa a respeito do processo licitat\u00f3rio 09/2022 para aquisi\u00e7\u00e3o de g\u00eaneros aliment\u00edcios"}, {"id": "4754", "ano": "2022", "numero": "11", "tipo__sigla": "ARO", "tipo__descricao": "ATAS DAS REUNI\u00d5ES ORDIN\u00c1RIAS", "assunto": "Ata da 11\u00aa Reuni\u00e3o Ordin\u00e1ria, da 2\u00aa Sess\u00e3o Legislativa da 15\u00aa Legislatura da C\u00e2mara Municipal de Santana da Vargem"}, {"id": "4896", "ano": "2022", "numero": "11", "tipo__sigla": "OFP", "tipo__descricao": "Of\u00edcio da Procuradoria", "assunto": "Informa ao setor cont\u00e1bil a participa\u00e7\u00e3o de seu membro em comiss\u00e3o do Executivo."}, {"id": "5091", "ano": "2022", "numero": "11", "tipo__sigla": "REDF", "tipo__descricao": "Reda\u00e7\u00e3o Final", "assunto": "Reda\u00e7\u00e3o final do projeto de lei 34 de 2021: Disp\u00f5e sobre regulamenta\u00e7\u00e3o de manuten\u00e7\u00e3o e troca de l\u00e2mpadas no Munic\u00edpio de Santana da Vargem, e d\u00e1 outras provid\u00eancias"}, {"id": "5114", "ano": "2022", "numero": "11", "tipo__sigla": "DEC", "tipo__descricao": "Declara\u00e7\u00e3o", "assunto": "Declara\u00e7\u00e3o de bens 2022 de Ruiter."}, {"id": "5332", "ano": "2022", "numero": "11", "tipo__sigla": "ATACL", "tipo__descricao": "Ata da Comiss\u00e3o de Licita\u00e7\u00e3o", "assunto": "Ata do preg\u00e3o presencial 013/2022 realizado no dia 24/08/2022"}, {"id": "5674", "ano": "2022", "numero": "11", "tipo__sigla": "DA", "tipo__descricao": "Documento Avulso", "assunto": "Escala de f\u00e9rias dos servidores da C\u00e2mara Municipal para o ano de 2023 (Art. 125, \u00a7 5\u00ba Estatuto dos Servidores)"}, {"id": "4157", "ano": "2022", "numero": "12", "tipo__sigla": "OFEXP", "tipo__descricao": "Of\u00edcio Expedido", "assunto": "Solicita que a Copasa possa realizar uma an\u00e1lise de \u00e1gua no munic\u00edpio de Santana da Vargem"}, {"id": "4216", "ano": "2022", "numero": "12", "tipo__sigla": "REV", "tipo__descricao": "Relat\u00f3rios de rodagem do ve\u00edculo e outros", "assunto": "Levar funcion\u00e1rias Larissa e Alanis nos com\u00e9rcios para colher cota\u00e7\u00f5es de pre\u00e7o para os processos licitat\u00f3rios"}, {"id": "4250", "ano": "2022", "numero": "12", "tipo__sigla": "DI", "tipo__descricao": "Di\u00e1rias e documentos relativos", "assunto": "Requerimento de concess\u00e3o  de di\u00e1rias adiantadas Maria Aparecida de Ara\u00fajo Reis (Belo Horizonte- 08/02/2022 a 11/02/2022)"}, {"id": "4267", "ano": "2022", "numero": "12", "tipo__sigla": "OCI", "tipo__descricao": "Of\u00edcios da Controladoria Interna", "assunto": "Altera\u00e7\u00e3o no hor\u00e1rio de trabalho nos dias 07/02/2022 e 08/02/2022"}, {"id": "4313", "ano": "2022", "numero": "12", "tipo__sigla": "OR", "tipo__descricao": "OF\u00cdCIOS RECEBIDOS", "assunto": "Processo eletr\u00f4nico 0026710-82.2017.8.13.0694: Requisita o endere\u00e7o atualizado do ex-vereador Josino da Silva"}, {"id": "4330", "ano": "2022", "numero": "12", "tipo__sigla": "PARE", "tipo__descricao": "PARECER", "assunto": "Parecer jur\u00eddico - G\u00eanero Aliment\u00edcio - Preg\u00e3o"}, {"id": "4436", "ano": "2022", "numero": "12", "tipo__sigla": "OVC", "tipo__descricao": "Of\u00edcio de Vereador/Comiss\u00e3o", "assunto": "Solicita inscri\u00e7\u00e3o no curso: Auditoria e fiscaliza\u00e7\u00e3o com fundamento nas normas de controle interno e na responsabiliza\u00e7\u00e3o das pessoas jur\u00eddicas por atos lesivos \u00e0 administra\u00e7\u00e3o p\u00fablica"}, {"id": "4441", "ano": "2022", "numero": "12", "tipo__sigla": "DPA", "tipo__descricao": "Documento de Processo Administrativo", "assunto": "AVISO DE LICITA\u00c7\u00c3O; Preg\u00e3o presencial 03/2022, tipo menor pre\u00e7o, objetivando a aquisi\u00e7\u00e3o de produtos de panifica\u00e7\u00e3o"}, {"id": "4497", "ano": "2022", "numero": "12", "tipo__sigla": "AT", "tipo__descricao": "ATESTADO", "assunto": "Atesta que Felipe Tom\u00e9 Mota e Silva necessitou ausentar-se de suas atividades pelo per\u00edodo da manh\u00e3 no dia 10 de mar\u00e7o de 2022"}, {"id": "4551", "ano": "2022", "numero": "12", "tipo__sigla": "MEM", "tipo__descricao": "Memorando", "assunto": "Solicita concess\u00e3o de 20 dias de f\u00e9rias e abono de 10 dias em pec\u00fania (11 de abril a 2 de maio)"}, {"id": "4569", "ano": "2022", "numero": "12", "tipo__sigla": "JUST", "tipo__descricao": "Justificativas", "assunto": "Pedido de abono de n\u00e3o marca\u00e7\u00e3o de ponto eletr\u00f4nico Alessandra"}, {"id": "4655", "ano": "2022", "numero": "12", "tipo__sigla": "CERT", "tipo__descricao": "CERTIFICADO", "assunto": "Certifica que Vitor Donizetti Siqueira Junior participou do 2\u00ba Ciclo de Capacita\u00e7\u00e3o com o tema: Contrata\u00e7\u00e3o Direta na Nova Lei de Licita\u00e7\u00f5es (Dispensa e Inexigibilidade de Acordo com a Lei n \u00ba 14.133 de 2021)"}, {"id": "4664", "ano": "2022", "numero": "12", "tipo__sigla": "ODC", "tipo__descricao": "Of\u00edcio/documento Cont\u00e1bil", "assunto": "Resposta ao of\u00edcio 025/2022 da controladoria interna"}, {"id": "4684", "ano": "2022", "numero": "12", "tipo__sigla": "DDCI", "tipo__descricao": "Documentos Diversos da Controladoria Interna", "assunto": "Movimenta\u00e7\u00e3o Banc\u00e1ria Mensal - Acumulada (mar\u00e7o/2022)"}, {"id": "4705", "ano": "2022", "numero": "12", "tipo__sigla": "DD", "tipo__descricao": "Documentos da Diretoria", "assunto": "Considera\u00e7\u00f5es/Justificativa a respeito do processo licitat\u00f3rio 11/2022 para aquisi\u00e7\u00e3o de produtos de limpeza, higiene e utilidades domesticas"}, {"id": "4806", "ano": "2022", "numero": "12", "tipo__sigla": "ARO", "tipo__descricao": "ATAS DAS REUNI\u00d5ES ORDIN\u00c1RIAS", "assunto": "Ata da 12\u00aa R. Ordin\u00e1ria do dia 25/04/2022"}, {"id": "4899", "ano": "2022", "numero": "12", "tipo__sigla": "OFP", "tipo__descricao": "Of\u00edcio da Procuradoria", "assunto": "Sugest\u00e3o de agendamento de reuni\u00e3o com a Procuradoria."}, {"id": "5092", "ano": "2022", "numero": "12", "tipo__sigla": "REDF", "tipo__descricao": "Reda\u00e7\u00e3o Final", "assunto": "Reda\u00e7\u00e3o final do projeto de lei 42/2022: Disp\u00f5e sobre a proibi\u00e7\u00e3o do manuseio, da utiliza\u00e7\u00e3o, da queima e das solturas de fogos de estampido, de artif\u00edcios, de artefatos pirot\u00e9cnicos e/ou similares de efeitos sonoros ruidoso"}, {"id": "5130", "ano": "2022", "numero": "12", "tipo__sigla": "DEC", "tipo__descricao": "Declara\u00e7\u00e3o", "assunto": "Declara\u00e7\u00e3o de presen\u00e7a"}, {"id": "5390", "ano": "2022", "numero": "12", "tipo__sigla": "ATACL", "tipo__descricao": "Ata da Comiss\u00e3o de Licita\u00e7\u00e3o", "assunto": "Ata do preg\u00e3o presencial 013/2022 para contrata\u00e7\u00e3o de servi\u00e7o de consultoria"}, {"id": "4158", "ano": "2022", "numero": "13", "tipo__sigla": "OFEXP", "tipo__descricao": "Of\u00edcio Expedido", "assunto": "Solicita provid\u00eancias em rela\u00e7\u00e3o a altas taxas cobradas pelas empresas COPASA e CEMIG"}, {"id": "4251", "ano": "2022", "numero": "13", "tipo__sigla": "DI", "tipo__descricao": "Di\u00e1rias e documentos relativos", "assunto": "Requerimento de concess\u00e3o de di\u00e1rias adiantadas Walter Silva (Belo Horizonte - 08/02/2022 a 11/02/2022)"}, {"id": "4253", "ano": "2022", "numero": "13", "tipo__sigla": "REV", "tipo__descricao": "Relat\u00f3rios de rodagem do ve\u00edculo e outros", "assunto": "Viagem para Belo Horizonte 01/02/2022 a 04/02/2022"}, {"id": "4283", "ano": "2022", "numero": "13", "tipo__sigla": "OCI", "tipo__descricao": "Of\u00edcios da Controladoria Interna", "assunto": "Relat\u00f3rio anual de controle interno 2021"}, {"id": "4331", "ano": "2022", "numero": "13", "tipo__sigla": "PARE", "tipo__descricao": "PARECER", "assunto": "Parecer Jur\u00eddico - Preg\u00e3o - mini salgados"}, {"id": "4340", "ano": "2022", "numero": "13", "tipo__sigla": "OR", "tipo__descricao": "OF\u00cdCIOS RECEBIDOS", "assunto": "Solicita retirada de tramita\u00e7\u00e3o do projeto de lei complementar 02/2021 e o projeto de lei 63/2021"}, {"id": "4447", "ano": "2022", "numero": "13", "tipo__sigla": "OVC", "tipo__descricao": "Of\u00edcio de Vereador/Comiss\u00e3o", "assunto": "Solicita participa\u00e7\u00e3o no curso: Auditoria e fiscaliza\u00e7\u00e3o com fundamento nas normas de controle interno e a responsabiliza\u00e7\u00e3o das das pessoas jur\u00eddicas por atos lesivos \u00e0 administra\u00e7\u00e3o p\u00fablica."}, {"id": "4454", "ano": "2022", "numero": "13", "tipo__sigla": "DPA", "tipo__descricao": "Documento de Processo Administrativo", "assunto": "AVISO DE LICITA\u00c7\u00c3O: Preg\u00e3o presencial 04/2022, tipo menor pre\u00e7o, objetivando a aquisi\u00e7\u00e3o de materiais de expediente"}, {"id": "4536", "ano": "2022", "numero": "13", "tipo__sigla": "AT", "tipo__descricao": "ATESTADO", "assunto": "Atesta que Alanis Carolina O. Moreira comparece \u00e0 Policl\u00ednica de Nepomuceno para realiza\u00e7\u00e3o de exames"}, {"id": "4552", "ano": "2022", "numero": "13", "tipo__sigla": "MEM", "tipo__descricao": "Memorando", "assunto": "Solicita inscri\u00e7\u00e3o no curso: CONTRATA\u00c7\u00c3O DIRETA NA NOVA LEI DE LICITA\u00c7\u00d5ES (DISPENSA E INEXIGIBILIDADE DE LICITA\u00c7\u00c3O DE ACORDO COM A LEI N\u00ba 14.133 DE 2021)"}, {"id": "4574", "ano": "2022", "numero": "13", "tipo__sigla": "JUST", "tipo__descricao": "Justificativas", "assunto": "Pedido de abono de n\u00e3o marca\u00e7\u00e3o de ponto eletr\u00f4nico Kainne Delfino"}, {"id": "4656", "ano": "2022", "numero": "13", "tipo__sigla": "CERT", "tipo__descricao": "CERTIFICADO", "assunto": "Certifica que Maria Aparecida de Ara\u00fajo Reis participou do 2\u00ba Ciclo de Capacita\u00e7\u00e3o com o tema: Contrata\u00e7\u00e3o direta na nova lei de licita\u00e7\u00f5es (Dispensa e inexigibilidade de licita\u00e7\u00e3o de acordo com a lei n\u00ba 14.133/2021)"}, {"id": "4675", "ano": "2022", "numero": "13", "tipo__sigla": "ODC", "tipo__descricao": "Of\u00edcio/documento Cont\u00e1bil", "assunto": "Abertura de cr\u00e9dito adicional"}, {"id": "4706", "ano": "2022", "numero": "13", "tipo__sigla": "DD", "tipo__descricao": "Documentos da Diretoria", "assunto": "Considera\u00e7\u00f5es/Justificativa a respeito do processo licitat\u00f3rio 08/2022 para aquisi\u00e7\u00e3o de produtos de panifica\u00e7\u00e3o"}, {"id": "4813", "ano": "2022", "numero": "13", "tipo__sigla": "DDCI", "tipo__descricao": "Documentos Diversos da Controladoria Interna", "assunto": "Movimenta\u00e7\u00e3o Banc\u00e1ria Mensal - Detalhada (abril/2022)"}, {"id": "4823", "ano": "2022", "numero": "13", "tipo__sigla": "ARO", "tipo__descricao": "ATAS DAS REUNI\u00d5ES ORDIN\u00c1RIAS", "assunto": "Ata da 13\u00aa Reuni\u00e3o Ordin\u00e1ria do dia 03 de maio de 2022"}, {"id": "4940", "ano": "2022", "numero": "13", "tipo__sigla": "OFP", "tipo__descricao": "Of\u00edcio da Procuradoria", "assunto": "Sugest\u00e3o de Medidas \u00e0 Comiss\u00e3o de Sa\u00fade."}, {"id": "5093", "ano": "2022", "numero": "13", "tipo__sigla": "REDF", "tipo__descricao": "Reda\u00e7\u00e3o Final", "assunto": "Reda\u00e7\u00e3o Final do projeto de lei ordin\u00e1ria do legislativo n\u00ba 03: Disp\u00f5e sobre a campanha de combate aos golpes financeiros praticados contra os idosos, e d\u00e1 outras provid\u00eancias"}, {"id": "5261", "ano": "2022", "numero": "13", "tipo__sigla": "DEC", "tipo__descricao": "Declara\u00e7\u00e3o", "assunto": "Declara\u00e7\u00e3o de bens e valores  Luiz Felipe Mendon\u00e7a Rodrigues 2022"}, {"id": "4159", "ano": "2022", "numero": "14", "tipo__sigla": "OFEXP", "tipo__descricao": "Of\u00edcio Expedido", "assunto": "Encaminha as indica\u00e7\u00f5es 005, 006 e 007 do presidente da C\u00e2mara"}, {"id": "4252", "ano": "2022", "numero": "14", "tipo__sigla": "DI", "tipo__descricao": "Di\u00e1rias e documentos relativos", "assunto": "Requerimento de concess\u00e3o de di\u00e1rias ao motorista (Belo Horizonte- 08/02/2022 a 11/02/2022)"}, {"id": "4287", "ano": "2022", "numero": "14", "tipo__sigla": "OCI", "tipo__descricao": "Of\u00edcios da Controladoria Interna", "assunto": "Altera\u00e7\u00e3o da Instru\u00e7\u00e3o Normativa 02/2021"}, {"id": "4302", "ano": "2022", "numero": "14", "tipo__sigla": "REV", "tipo__descricao": "Relat\u00f3rios de rodagem do ve\u00edculo e outros", "assunto": "Viagem para Belo Horizonte 08/02/2022 a 11/02/2022"}, {"id": "4347", "ano": "2022", "numero": "14", "tipo__sigla": "PARE", "tipo__descricao": "PARECER", "assunto": "Parecer jur\u00eddico - Projeto de Lei n\u00ba 21-2022 - Cria a Feira Livre."}, {"id": "4353", "ano": "2022", "numero": "14", "tipo__sigla": "OR", "tipo__descricao": "OF\u00cdCIOS RECEBIDOS", "assunto": "Oficio da COPASA em resposta ao of\u00edcio 12/2022 do vereador Luiz Felipe Mendon\u00e7a Rodrigues"}, {"id": "4450", "ano": "2022", "numero": "14", "tipo__sigla": "OVC", "tipo__descricao": "Of\u00edcio de Vereador/Comiss\u00e3o", "assunto": "Solicita a retirada da Emenda modificativa 03/2021 ao projeto de lei complementar 01/2022"}, {"id": "4457", "ano": "2022", "numero": "14", "tipo__sigla": "DPA", "tipo__descricao": "Documento de Processo Administrativo", "assunto": "Preg\u00e3o presencial 05/2022, tipo menor pre\u00e7o, objetivando a aquisi\u00e7\u00e3o de materiais de limpeza e higiene"}, {"id": "4546", "ano": "2022", "numero": "14", "tipo__sigla": "AT", "tipo__descricao": "ATESTADO", "assunto": "Atesta que Kainne Delfino Joanas esteve em consulta no dia 22/03/2022"}, {"id": "4553", "ano": "2022", "numero": "14", "tipo__sigla": "MEM", "tipo__descricao": "Memorando", "assunto": "Solicita inscri\u00e7\u00e3o no curso Compet\u00eancia e legitimidade"}, {"id": "4657", "ano": "2022", "numero": "14", "tipo__sigla": "CERT", "tipo__descricao": "CERTIFICADO", "assunto": "Certifica que Felipe Tom\u00e9 Mota e Silva participou do 2\u00ba Ciclo de Capacita\u00e7\u00e3o com o tema: Contrata\u00e7\u00e3o Direta na Nova Lei de Licita\u00e7\u00f5es (Dispensa e Inexigibilidade de Acordo com a Lei n \u00ba 14.133 de 2021)"}, {"id": "4707", "ano": "2022", "numero": "14", "tipo__sigla": "DD", "tipo__descricao": "Documentos da Diretoria", "assunto": "Considera\u00e7\u00f5es/Justificativa a respeito do processo licitat\u00f3rio 14/2022 para aquisi\u00e7\u00e3o de mini salgados"}, {"id": "4741", "ano": "2022", "numero": "14", "tipo__sigla": "ODC", "tipo__descricao": "Of\u00edcio/documento Cont\u00e1bil", "assunto": "Solicita\u00e7\u00e3o altera\u00e7\u00e3o de hor\u00e1rio do dia 26/04/2022 para realiza\u00e7\u00e3o de exames laboratoriais"}, {"id": "4762", "ano": "2022", "numero": "14", "tipo__sigla": "JUST", "tipo__descricao": "Justificativas", "assunto": "Autoriza\u00e7\u00e3o para jornada divergente Isabela Louren\u00e7\u00e3o Messias 26/04/2022"}, {"id": "4814", "ano": "2022", "numero": "14", "tipo__sigla": "DDCI", "tipo__descricao": "Documentos Diversos da Controladoria Interna", "assunto": "Movimenta\u00e7\u00e3o Banc\u00e1ria Mensal - Resumida (abril/2022)"}, {"id": "4852", "ano": "2022", "numero": "14", "tipo__sigla": "ARO", "tipo__descricao": "ATAS DAS REUNI\u00d5ES ORDIN\u00c1RIAS", "assunto": "Ata da 14\u00aa reuni\u00e3o ordin\u00e1ria da 2\u00aa Sess\u00e3o Legislativa da 15\u00aa Legislatura"}, {"id": "4966", "ano": "2022", "numero": "14", "tipo__sigla": "OFP", "tipo__descricao": "Of\u00edcio da Procuradoria", "assunto": "Solicita a Comiss\u00e3o de Sa\u00fade - Acesso remoto a reuni\u00e3o presencial - 13 - 06 - 2022"}, {"id": "5263", "ano": "2022", "numero": "14", "tipo__sigla": "DEC", "tipo__descricao": "Declara\u00e7\u00e3o", "assunto": "Declara\u00e7\u00e3o de  bens e valores Silmara Girlaine Hon\u00f3rio 2022"}, {"id": "5448", "ano": "2022", "numero": "14", "tipo__sigla": "REDF", "tipo__descricao": "Reda\u00e7\u00e3o Final", "assunto": "Reda\u00e7\u00e3o final do projeto de lei 049, de 22 de agosto de 2022"}, {"id": "4160", "ano": "2022", "numero": "15", "tipo__sigla": "OFEXP", "tipo__descricao": "Of\u00edcio Expedido", "assunto": "Encaminha indica\u00e7\u00f5es 001, 002 e 003 do vereador Vitor Donizetti Siqueira Junior"}, {"id": "4270", "ano": "2022", "numero": "15", "tipo__sigla": "DI", "tipo__descricao": "Di\u00e1rias e documentos relativos", "assunto": "Requerimento de concess\u00e3o de di\u00e1rias adiantadas Alanis Carolina de Oliveira Moreira (Belo Horizonte- 23/02/2022 a 25/02/2022)"}, {"id": "4305", "ano": "2022", "numero": "15", "tipo__sigla": "OCI", "tipo__descricao": "Of\u00edcios da Controladoria Interna", "assunto": "Altera\u00e7\u00e3o no hor\u00e1rio de trabalho nos dias 09/02/2022, 10/02/2022 e 11/02/2022"}, {"id": "4354", "ano": "2022", "numero": "15", "tipo__sigla": "PARE", "tipo__descricao": "PARECER", "assunto": "Parecer Jur\u00eddico - Projeto de Lei n\u00ba 03 - 2022 - Abertura de Cr\u00e9dito Adicional Especial - Anula\u00e7\u00e3o de Dota\u00e7\u00e3o Or\u00e7ament\u00e1ria - R$ 18.146,52 - CONSANE (Cons\u00f3rcio Regional de Saneamento B\u00e1sico)."}, {"id": "4356", "ano": "2022", "numero": "15", "tipo__sigla": "OR", "tipo__descricao": "OF\u00cdCIOS RECEBIDOS", "assunto": "Encaminha convite ao Procurador Legislativo para participar da reuni\u00e3o a ser realizada com o Procurador Geral do Estado de Minas Gerais"}, {"id": "4381", "ano": "2022", "numero": "15", "tipo__sigla": "REV", "tipo__descricao": "Relat\u00f3rios de rodagem do ve\u00edculo e outros", "assunto": "Relat\u00f3rio de viagem Luiz Felipe Mendon\u00e7a Rodrigues (Belo Horizonte 16/02/2022)"}, {"id": "4456", "ano": "2022", "numero": "15", "tipo__sigla": "OVC", "tipo__descricao": "Of\u00edcio de Vereador/Comiss\u00e3o", "assunto": "Solicita inscri\u00e7\u00e3o no curso \"AUDITORIA E FISCALIZA\u00c7\u00c3O COM FUNDAMENTO NAS NORMAS JUR\u00cdDICAS DE CONTROLE INTERNO E A RESPONSABILIZA\u00c7\u00c3O DAS PESSOAS JUR\u00cdDICAS POR ATOS LESIVOS \u00c0 ADMINISTRA\u00c7\u00c3O P\u00daBLICA\""}, {"id": "4458", "ano": "2022", "numero": "15", "tipo__sigla": "DPA", "tipo__descricao": "Documento de Processo Administrativo", "assunto": "Preg\u00e3o presencial 05/2022, tipo menor pre\u00e7o, objetivando a aquisi\u00e7\u00e3o de materiais de limpeza e higiene"}, {"id": "4575", "ano": "2022", "numero": "15", "tipo__sigla": "MEM", "tipo__descricao": "Memorando", "assunto": "Solicita que os dias 28 a 31 de mar\u00e7o sejam trocados pelos dias das f\u00e9rias"}, {"id": "4610", "ano": "2022", "numero": "15", "tipo__sigla": "AT", "tipo__descricao": "ATESTADO", "assunto": "Atesta que Kainne Delfino Joanas esteve impossibilitada de exercer as atividades por 2 dias a partir 03/03/2022"}, {"id": "4658", "ano": "2022", "numero": "15", "tipo__sigla": "CERT", "tipo__descricao": "CERTIFICADO", "assunto": "Certifica que Kainne Delfino Joanas  participou do 2\u00ba Ciclo de Capacita\u00e7\u00e3o com o tema: Contrata\u00e7\u00e3o Direta na Nova Lei de Licita\u00e7\u00f5es (Dispensa e Inexigibilidade de Acordo com a Lei n \u00ba 14.133 de 2021)"}, {"id": "4711", "ano": "2022", "numero": "15", "tipo__sigla": "DD", "tipo__descricao": "Documentos da Diretoria", "assunto": "Solicita autoriza\u00e7\u00e3o para abertura de procedimento de  compra para o curso \"Gestores e fiscais de contratos\""}, {"id": "4774", "ano": "2022", "numero": "15", "tipo__sigla": "JUST", "tipo__descricao": "Justificativas", "assunto": "Marca\u00e7\u00e3o de ponto eletr\u00f4nico Felipe Tom\u00e9 Mota 04/04/2022"}, {"id": "4805", "ano": "2022", "numero": "15", "tipo__sigla": "ODC", "tipo__descricao": "Of\u00edcio/documento Cont\u00e1bil", "assunto": "Solicita autoriza\u00e7\u00e3o para pagamento de notas fiscais"}, {"id": "4815", "ano": "2022", "numero": "15", "tipo__sigla": "DDCI", "tipo__descricao": "Documentos Diversos da Controladoria Interna", "assunto": "Movimenta\u00e7\u00e3o Banc\u00e1ria Mensal - Acumulada (abril/2022)"}, {"id": "4872", "ano": "2022", "numero": "15", "tipo__sigla": "ARO", "tipo__descricao": "ATAS DAS REUNI\u00d5ES ORDIN\u00c1RIAS", "assunto": "Ata da 15\u00aa reuni\u00e3o ordin\u00e1ria da 2\u00aa Sess\u00e3o Legislativa da 15\u00aa Legislatura"}, {"id": "4967", "ano": "2022", "numero": "15", "tipo__sigla": "OFP", "tipo__descricao": "Of\u00edcio da Procuradoria", "assunto": "Solicita home office em raz\u00e3o da covid"}, {"id": "5264", "ano": "2022", "numero": "15", "tipo__sigla": "DEC", "tipo__descricao": "Declara\u00e7\u00e3o", "assunto": "Declara\u00e7\u00e3o de bens e valores Ezequiel da Silva 2022"}, {"id": "5497", "ano": "2022", "numero": "15", "tipo__sigla": "REDF", "tipo__descricao": "Reda\u00e7\u00e3o Final", "assunto": "Reda\u00e7\u00e3o final do projeto de lei ordin\u00e1ria do legislativo n\u00ba 028/2021"}, {"id": "4161", "ano": "2022", "numero": "16", "tipo__sigla": "OFEXP", "tipo__descricao": "Of\u00edcio Expedido", "assunto": "Encaminha a indica\u00e7\u00e3o 001 feita pela vereadora Maria Aparecida de Ara\u00fajo Reis"}, {"id": "4271", "ano": "2022", "numero": "16", "tipo__sigla": "DI", "tipo__descricao": "Di\u00e1rias e documentos relativos", "assunto": "Requerimento de concess\u00e3o de di\u00e1rias adiantadas Larissa Oliveira Naves (Belo Horizonte 23/02/2022 a 25/02/2022)"}, {"id": "4355", "ano": "2022", "numero": "16", "tipo__sigla": "PARE", "tipo__descricao": "PARECER", "assunto": "Parecer Jur\u00eddico - Projeto de Lei Ordin\u00e1ria 04 - 2022 - Abertura de Cr\u00e9dito Adicional Suplementar - Anula\u00e7\u00e3o de Dota\u00e7\u00e3o Or\u00e7ament\u00e1ria - R$ 12.000,00 (doze mil reais) - CONCAF\u00c9."}, {"id": "4357", "ano": "2022", "numero": "16", "tipo__sigla": "OCI", "tipo__descricao": "Of\u00edcios da Controladoria Interna", "assunto": "Suspens\u00e3o de inscri\u00e7\u00e3o em curso e cancelamento do pagamento de di\u00e1rias"}, {"id": "4361", "ano": "2022", "numero": "16", "tipo__sigla": "OR", "tipo__descricao": "OF\u00cdCIOS RECEBIDOS", "assunto": "Of\u00edcio 25/2022 prefeitura: resposta \u00e0s indica\u00e7\u00f5es 004, 005, 006 e 007 e requerimento 001 do vereador Vitor Donizetti Siqueira Junior"}, {"id": "4389", "ano": "2022", "numero": "16", "tipo__sigla": "REV", "tipo__descricao": "Relat\u00f3rios de rodagem do ve\u00edculo e outros", "assunto": "Relat\u00f3rio de viagem Monte Verde 18/02/2022"}, {"id": "4460", "ano": "2022", "numero": "16", "tipo__sigla": "OVC", "tipo__descricao": "Of\u00edcio de Vereador/Comiss\u00e3o", "assunto": "Solicita cancelamento do pedido de di\u00e1ria e da inscri\u00e7\u00e3o no curso \"Auditoria e fiscaliza\u00e7\u00e3o com fundamentos nas normas de controle interno e a responsabiliza\u00e7\u00e3o das pessoas jur\u00eddicas por atos lesivos \u00e0 administra\u00e7\u00e3o p\u00fablica\"."}, {"id": "4582", "ano": "2022", "numero": "16", "tipo__sigla": "MEM", "tipo__descricao": "Memorando", "assunto": "Solicita o pagamento de horas extras dos dias 23 e 24 de mar\u00e7o de 2022"}, {"id": "4611", "ano": "2022", "numero": "16", "tipo__sigla": "AT", "tipo__descricao": "ATESTADO", "assunto": "Declara que Kainne Delfino Joanas esteve realizando exames no dia 25/02/2022"}, {"id": "4659", "ano": "2022", "numero": "16", "tipo__sigla": "CERT", "tipo__descricao": "CERTIFICADO", "assunto": "Certifica que Carlos Cezar Ribeiro  participou do 2\u00ba Ciclo de Capacita\u00e7\u00e3o com o tema: Contrata\u00e7\u00e3o Direta na Nova Lei de Licita\u00e7\u00f5es (Dispensa e Inexigibilidade de Acordo com a Lei n \u00ba 14.133 de 2021)"}, {"id": "4807", "ano": "2022", "numero": "16", "tipo__sigla": "ODC", "tipo__descricao": "Of\u00edcio/documento Cont\u00e1bil", "assunto": "Resposta ao of\u00edcio 031/2022 da controladoria interna"}, {"id": "4836", "ano": "2022", "numero": "16", "tipo__sigla": "DD", "tipo__descricao": "Documentos da Diretoria", "assunto": "Solicita autoriza\u00e7\u00e3o para abertura de procedimento de compra para o curso: \u201cNOVA LEI DE LICITA\u00c7\u00c3O, (14133) \u2013 IMPLEMENTA\u00c7\u00c3O DA NOVA LEI\u201d"}, {"id": "4907", "ano": "2022", "numero": "16", "tipo__sigla": "ARO", "tipo__descricao": "ATAS DAS REUNI\u00d5ES ORDIN\u00c1RIAS", "assunto": "Ata da 16\u00aa reuni\u00e3o ordin\u00e1ria da 2\u00aa sess\u00e3o legislativa da 15\u00aa legislatura"}, {"id": "4952", "ano": "2022", "numero": "16", "tipo__sigla": "DDCI", "tipo__descricao": "Documentos Diversos da Controladoria Interna", "assunto": "Movimenta\u00e7\u00e3o Banc\u00e1ria Mensal - Detalhada (maio/2022)"}, {"id": "5069", "ano": "2022", "numero": "16", "tipo__sigla": "JUST", "tipo__descricao": "Justificativas", "assunto": "Autoriza\u00e7\u00e3o para jornada divergente Isabela Louren\u00e7\u00e3o Messias, (28/06/2022)"}, {"id": "5152", "ano": "2022", "numero": "16", "tipo__sigla": "OFP", "tipo__descricao": "Of\u00edcio da Procuradoria", "assunto": "Solicita nomea\u00e7\u00e3o de comiss\u00e3o para verificar se os servidores da C\u00e2mara ter\u00e3o o acesso (progress\u00e3o na carreira)"}, {"id": "5168", "ano": "2022", "numero": "16", "tipo__sigla": "DPA", "tipo__descricao": "Documento de Processo Administrativo", "assunto": "AVISO DE LICITA\u00c7\u00c3O\r\nObjeto: Contrata\u00e7\u00e3o de empresa para a execu\u00e7\u00e3o da reforma do piso da parte externa do pr\u00e9dio da C\u00e2mara Municipal de Santana da Vargem, de acordo com os termos e especifica\u00e7\u00f5es contidos no Termo de Refer\u00eancia, anexo I do Edital."}, {"id": "5267", "ano": "2022", "numero": "16", "tipo__sigla": "DEC", "tipo__descricao": "Declara\u00e7\u00e3o", "assunto": "Declara\u00e7\u00e3o de bens e valores Isabela Louren\u00e7\u00e3o Messias 2022"}, {"id": "5522", "ano": "2022", "numero": "16", "tipo__sigla": "REDF", "tipo__descricao": "Reda\u00e7\u00e3o Final", "assunto": "Reda\u00e7\u00e3o final do projeto de lei n\u00ba 69, de 09 de dezembro de 2021"}, {"id": "4162", "ano": "2022", "numero": "17", "tipo__sigla": "OFEXP", "tipo__descricao": "Of\u00edcio Expedido", "assunto": "Solicita que a Comiss\u00e3o de Licita\u00e7\u00e3o inicie os procedimentos para aquisi\u00e7\u00e3o de produtos de panifica\u00e7\u00e3o, leite e derivados"}, {"id": "4272", "ano": "2022", "numero": "17", "tipo__sigla": "DI", "tipo__descricao": "Di\u00e1rias e documentos relativos", "assunto": "Requerimento de concess\u00e3o de di\u00e1rias adiantadas Felipe Tom\u00e9 Mota e Silva (Belo Horizonte 23/02/2022 a 25/02/2022)"}, {"id": "4362", "ano": "2022", "numero": "17", "tipo__sigla": "OR", "tipo__descricao": "OF\u00cdCIOS RECEBIDOS", "assunto": "Of\u00edcio 28/2022 prefeitura: resposta \u00e0 indica\u00e7\u00e3o 001 e requerimento 001 do vereador Jackson Luiz Ven\u00e2ncio de Souza"}, {"id": "4380", "ano": "2022", "numero": "17", "tipo__sigla": "OCI", "tipo__descricao": "Of\u00edcios da Controladoria Interna", "assunto": "Solicita o cancelamento do pedido de reserva do carro oficial e do motorista"}, {"id": "4433", "ano": "2022", "numero": "17", "tipo__sigla": "PARE", "tipo__descricao": "PARECER", "assunto": "Parecer jur\u00eddico - Material de Limpeza - Preg\u00e3o Presencial. Pr\u00e9-Apresenta\u00e7\u00e3o de propostas."}, {"id": "4472", "ano": "2022", "numero": "17", "tipo__sigla": "OVC", "tipo__descricao": "Of\u00edcio de Vereador/Comiss\u00e3o", "assunto": "Solicita inscri\u00e7\u00e3o no curso \"AUDITORIA E FISCALIZA\u00c7\u00c3O COM FUNDAMENTOS NAS NORMAS DE CONTROLE INTERNO E A RESPONSABILIZA\u00c7\u00c3O DAS PESSOAS JUR\u00cdDICAS POR ATOS LESIVOS \u00c0 ADMINISTRA\u00c7\u00c3O P\u00daBLICA\""}, {"id": "4527", "ano": "2022", "numero": "17", "tipo__sigla": "REV", "tipo__descricao": "Relat\u00f3rios de rodagem do ve\u00edculo e outros", "assunto": "Buscar o ve\u00edculo na oficina dual depois do concerto"}, {"id": "4583", "ano": "2022", "numero": "17", "tipo__sigla": "MEM", "tipo__descricao": "Memorando", "assunto": "Solicita deferimento das horas extras realizadas nos dias 23/03/2022 e 24/03/2022"}, {"id": "4621", "ano": "2022", "numero": "17", "tipo__sigla": "AT", "tipo__descricao": "ATESTADO", "assunto": "Atesta que Silmara Girlaine Hon\u00f3rio esteve sob tratamento m\u00e9dico devendo ser afastada por um dia a partir do ia 28/03/2022"}, {"id": "4660", "ano": "2022", "numero": "17", "tipo__sigla": "CERT", "tipo__descricao": "CERTIFICADO", "assunto": "Certifica que Alanis Carolina de Oliveira Moreira participou do 2\u00ba Ciclo de Capacita\u00e7\u00e3o com o tema: Contrata\u00e7\u00e3o Direta na Nova Lei de Licita\u00e7\u00f5es (Dispensa e Inexigibilidade de Acordo com a Lei n \u00ba 14.133 de 2021)"}, {"id": "4829", "ano": "2022", "numero": "17", "tipo__sigla": "DD", "tipo__descricao": "Documentos da Diretoria", "assunto": "Of\u00edcio em conjunto"}, {"id": "4833", "ano": "2022", "numero": "17", "tipo__sigla": "ODC", "tipo__descricao": "Of\u00edcio/documento Cont\u00e1bil", "assunto": "Impacto or\u00e7ament\u00e1rio financeiro\r\nReferente ao projeto de lei complementar 01/2022 do legislativo"}, {"id": "4943", "ano": "2022", "numero": "17", "tipo__sigla": "ARO", "tipo__descricao": "ATAS DAS REUNI\u00d5ES ORDIN\u00c1RIAS", "assunto": "Ata 17\u00aa R. Ord. do dia 31 de maio de 2022"}, {"id": "4953", "ano": "2022", "numero": "17", "tipo__sigla": "DDCI", "tipo__descricao": "Documentos Diversos da Controladoria Interna", "assunto": "Movimenta\u00e7\u00e3o Banc\u00e1ria Mensal - Resumida (maio/2022)"}, {"id": "5137", "ano": "2022", "numero": "17", "tipo__sigla": "JUST", "tipo__descricao": "Justificativas", "assunto": "Autoriza\u00e7\u00e3o para jornada divergente Larissa Oliveira Naves 21/07/2022"}, {"id": "5153", "ano": "2022", "numero": "17", "tipo__sigla": "OFP", "tipo__descricao": "Of\u00edcio da Procuradoria", "assunto": "Solicita a aquisi\u00e7\u00e3o das placas de mo\u00e7\u00e3o de aplausos."}, {"id": "5177", "ano": "2022", "numero": "17", "tipo__sigla": "DPA", "tipo__descricao": "Documento de Processo Administrativo", "assunto": "AVISO DE LICITA\u00c7\u00c3O \u2013 REPUBLICA\u00c7\u00c3O DE EDITAL RETIFICADO\r\nC\u00c2MARA MUNICIPAL DE SANTANA DA VARGEM"}, {"id": "5371", "ano": "2022", "numero": "17", "tipo__sigla": "DEC", "tipo__descricao": "Declara\u00e7\u00e3o", "assunto": "Declara\u00e7\u00e3o anual de bens e valores Maria Aparecida de Ara\u00fajo Reis-2022"}, {"id": "5532", "ano": "2022", "numero": "17", "tipo__sigla": "REDF", "tipo__descricao": "Reda\u00e7\u00e3o Final", "assunto": "Reda\u00e7\u00e3o final do projeto de lei complementar 023 de 07 de outubro de 2022"}, {"id": "4163", "ano": "2022", "numero": "18", "tipo__sigla": "OFEXP", "tipo__descricao": "Of\u00edcio Expedido", "assunto": "Solicita que a Comiss\u00e3o de Licita\u00e7\u00e3o inicie os procedimentos para aquisi\u00e7\u00e3o de g\u00eaneros aliment\u00edcios para a C\u00e2mara Municipal de Santana da Vargem"}, {"id": "4273", "ano": "2022", "numero": "18", "tipo__sigla": "DI", "tipo__descricao": "Di\u00e1rias e documentos relativos", "assunto": "Requerimento de concess\u00e3o de di\u00e1rias adiantadas Alessandra Dixini Araujo  (Belo Horizonte 23/02/2022 a 25/02/2022)"}, {"id": "4363", "ano": "2022", "numero": "18", "tipo__sigla": "OR", "tipo__descricao": "OF\u00cdCIOS RECEBIDOS", "assunto": "Of\u00edcio 29/2022 prefeitura: resposta \u00e0s indica\u00e7\u00f5es 006, 007, 008, 009 e 010 do vereador Ezequiel da Silva"}, {"id": "4385", "ano": "2022", "numero": "18", "tipo__sigla": "OCI", "tipo__descricao": "Of\u00edcios da Controladoria Interna", "assunto": "An\u00e1lise do ponto eletr\u00f4nico dos servidores"}, {"id": "4475", "ano": "2022", "numero": "18", "tipo__sigla": "OVC", "tipo__descricao": "Of\u00edcio de Vereador/Comiss\u00e3o", "assunto": "AUDITORIA E FISCALIZA\u00c7\u00c3O COM FUNDAMENTOS NAS NORMAS DE CONTROLE INTERNO E A RESPONSABILIZA\u00c7\u00c3O DAS PESSOAS JUR\u00cdDICAS POR ATOS LESIVOS \u00c0 ADMINISTRA\u00c7\u00c3O P\u00daBLICA"}, {"id": "4481", "ano": "2022", "numero": "18", "tipo__sigla": "PARE", "tipo__descricao": "PARECER", "assunto": "Parecer Jur\u00eddico - Projeto de Lei Complementar n\u00ba 01 - 2022 - Novo Estatuto dos Servidores Municipais."}, {"id": "4571", "ano": "2022", "numero": "18", "tipo__sigla": "REV", "tipo__descricao": "Relat\u00f3rios de rodagem do ve\u00edculo e outros", "assunto": "Levar funcion\u00e1rios Felipe Tom\u00e9 e Alessandra Dixini para fazer curso 22/03/2022 a 25/03/2022"}, {"id": "4620", "ano": "2022", "numero": "18", "tipo__sigla": "MEM", "tipo__descricao": "Memorando", "assunto": "Solicita\u00e7\u00e3o de pagamento de horas extras realizadas"}, {"id": "4661", "ano": "2022", "numero": "18", "tipo__sigla": "CERT", "tipo__descricao": "CERTIFICADO", "assunto": "Certifica que Ezequiel da Silva participou do 2\u00ba Ciclo de Capacita\u00e7\u00e3o com o tema: Contrata\u00e7\u00e3o Direta na Nova Lei de Licita\u00e7\u00f5es (Dispensa e Inexigibilidade de Acordo com a Lei n \u00ba 14.133 de 2021)"}, {"id": "4673", "ano": "2022", "numero": "18", "tipo__sigla": "AT", "tipo__descricao": "ATESTADO", "assunto": "Relat\u00f3rio m\u00e9dico Silmara Girlaine Hon\u00f3rio ( disfun\u00e7\u00e3o articula\u00e7\u00e3o temporomandibular)"}, {"id": "4866", "ano": "2022", "numero": "18", "tipo__sigla": "ODC", "tipo__descricao": "Of\u00edcio/documento Cont\u00e1bil", "assunto": "Pedido de autoriza\u00e7\u00e3o para jornada divergente  Isabela Louren\u00e7\u00e3o Messias 24/05/2022"}, {"id": "4911", "ano": "2022", "numero": "18", "tipo__sigla": "DD", "tipo__descricao": "Documentos da Diretoria", "assunto": "Solicita que os vereadores e servidores constem nas suas solicita\u00e7\u00f5es de inscri\u00e7\u00e3o de cursos o pedido de abertura de processo licitat\u00f3rio"}, {"id": "4954", "ano": "2022", "numero": "18", "tipo__sigla": "DDCI", "tipo__descricao": "Documentos Diversos da Controladoria Interna", "assunto": "Movimenta\u00e7\u00e3o Banc\u00e1ria Mensal - Acumulada (maio/2022)"}, {"id": "4987", "ano": "2022", "numero": "18", "tipo__sigla": "ARO", "tipo__descricao": "ATAS DAS REUNI\u00d5ES ORDIN\u00c1RIAS", "assunto": "Ata 18\u00aa R. Ord. do dia 06 de junho de 2022"}, {"id": "5187", "ano": "2022", "numero": "18", "tipo__sigla": "JUST", "tipo__descricao": "Justificativas", "assunto": "Justificativa de n\u00e3o marca\u00e7\u00e3o de ponto eletr\u00f4nico Kainne Delfino Joanas 22/07/2022"}, {"id": "5241", "ano": "2022", "numero": "18", "tipo__sigla": "DPA", "tipo__descricao": "Documento de Processo Administrativo", "assunto": "AVISO DE LICITA\u00c7\u00c3O \u2013 REPUBLICA\u00c7\u00c3O DE EDITAL RETIFICADO\r\nC\u00c2MARA MUNICIPAL DE SANTANA DA VARGEM"}, {"id": "5326", "ano": "2022", "numero": "18", "tipo__sigla": "OFP", "tipo__descricao": "Of\u00edcio da Procuradoria", "assunto": "Of\u00edcio - Solicita\u00e7\u00e3o de F\u00e9rias - 30 dias com convers\u00e3o de 1/3."}, {"id": "5631", "ano": "2022", "numero": "18", "tipo__sigla": "DEC", "tipo__descricao": "Declara\u00e7\u00e3o", "assunto": "Declara\u00e7\u00e3o de bens e valores Ronalthe Dayglas Rocha 2022"}, {"id": "5750", "ano": "2022", "numero": "18", "tipo__sigla": "REDF", "tipo__descricao": "Reda\u00e7\u00e3o Final", "assunto": "Reda\u00e7\u00e3o final do projeto de lei ordin\u00e1ria n\u00ba 54, de 25 de outubro de 2022"}, {"id": "4164", "ano": "2022", "numero": "19", "tipo__sigla": "OFEXP", "tipo__descricao": "Of\u00edcio Expedido", "assunto": "Solicita que a Comiss\u00e3o de Licita\u00e7\u00e3o inicie os procedimentos para aquisi\u00e7\u00e3o de cadeiras para a Casa Legislativa"}, {"id": "4274", "ano": "2022", "numero": "19", "tipo__sigla": "DI", "tipo__descricao": "Di\u00e1rias e documentos relativos", "assunto": "C\u00e1lculo de quantidades e de valores a pagar de di\u00e1rias, Emerson Silva Ara\u00fajo, Belo Horizonte 08/02/2022 a 11/02/2022"}, {"id": "4364", "ano": "2022", "numero": "19", "tipo__sigla": "OR", "tipo__descricao": "OF\u00cdCIOS RECEBIDOS", "assunto": "Of\u00edcio 30/2022 prefeitura: resposta \u00e0 indica\u00e7\u00e3o 001/2022 da vereadora Maria Aparecida Ara\u00fajo Reis"}, {"id": "4399", "ano": "2022", "numero": "19", "tipo__sigla": "OCI", "tipo__descricao": "Of\u00edcios da Controladoria Interna", "assunto": "Solicita extratos de conta corrente e de aplica\u00e7\u00e3o financeira (fevereiro/2022)."}, {"id": "4477", "ano": "2022", "numero": "19", "tipo__sigla": "OVC", "tipo__descricao": "Of\u00edcio de Vereador/Comiss\u00e3o", "assunto": "Solicita cancelamento de inscri\u00e7\u00e3o no curso \"AUDITORIA COM FUNDAMENTOS NAS NORMAS DE CONTROLE INTERNO E A RESPONSABILIZA\u00c7\u00c3O DAS PESSOAS JUR\u00cdDICAS POR ATOS LESIVOS \u00c0 ADMINISTRA\u00c7\u00c3O P\u00daBLICA\""}, {"id": "4485", "ano": "2022", "numero": "19", "tipo__sigla": "PARE", "tipo__descricao": "PARECER", "assunto": "Parecer jur\u00eddico - Projeto de Lei Complementar 02 - Plano de Cargos e Sal\u00e1rios do Executivo - Geral."}, {"id": "4632", "ano": "2022", "numero": "19", "tipo__sigla": "MEM", "tipo__descricao": "Memorando", "assunto": "Solicita permiss\u00e3o para levar o notebook e material de trabalho"}, {"id": "4667", "ano": "2022", "numero": "19", "tipo__sigla": "CERT", "tipo__descricao": "CERTIFICADO", "assunto": "Certifica que Ronalthe Dayglas Rocha concluiu o curso \"Compet\u00eancia e Legitimidade\"  realizado nos dias 05, 06, 07 e 08 de abril"}, {"id": "4700", "ano": "2022", "numero": "19", "tipo__sigla": "AT", "tipo__descricao": "ATESTADO", "assunto": "Atesta que Emerson Silva Ara\u00fajo dever\u00e1 se afastar ao trabalho por 30 dias a partir do dia 11 de abril de 2022"}, {"id": "4708", "ano": "2022", "numero": "19", "tipo__sigla": "REV", "tipo__descricao": "Relat\u00f3rios de rodagem do ve\u00edculo e outros", "assunto": "Relat\u00f3rio de viagem de Ruiter Silva de Oliveira."}, {"id": "4908", "ano": "2022", "numero": "19", "tipo__sigla": "ODC", "tipo__descricao": "Of\u00edcio/documento Cont\u00e1bil", "assunto": "Solicita servi\u00e7o de suporte para manuten\u00e7\u00e3o e configura\u00e7\u00e3o do sistema de ponto"}, {"id": "4933", "ano": "2022", "numero": "19", "tipo__sigla": "DD", "tipo__descricao": "Documentos da Diretoria", "assunto": "Solicita autoriza\u00e7\u00e3o"}, {"id": "5027", "ano": "2022", "numero": "19", "tipo__sigla": "ARO", "tipo__descricao": "ATAS DAS REUNI\u00d5ES ORDIN\u00c1RIAS", "assunto": "Ata da 19\u00aa reuni\u00e3o ordin\u00e1ria da 2\u00aa sess\u00e3o legislativa da 15 \u00aa legislatura"}, {"id": "5115", "ano": "2022", "numero": "19", "tipo__sigla": "DDCI", "tipo__descricao": "Documentos Diversos da Controladoria Interna", "assunto": "Movimenta\u00e7\u00e3o Banc\u00e1ria Mensal - Detalhada (junho/2022)"}, {"id": "5199", "ano": "2022", "numero": "19", "tipo__sigla": "JUST", "tipo__descricao": "Justificativas", "assunto": "Autoriza\u00e7\u00e3o para jornada divergente Felipe Tom\u00e9 Mota e Silva 08/08/2022 e 11/08/2022"}, {"id": "5334", "ano": "2022", "numero": "19", "tipo__sigla": "DPA", "tipo__descricao": "Documento de Processo Administrativo", "assunto": "AVISO DE LICITA\u00c7\u00c3O \u2013 PUBLICA\u00c7\u00c3O DE EDITAL\r\nC\u00c2MARA MUNICIPAL DE SANTANA DA VARGEM\r\n\r\nContrata\u00e7\u00e3o de servi\u00e7os de consultoria para auxiliar nas rotinas de trabalho do departamento de controladoria interna, contabilidade, compras e patrim\u00f4nio da C\u00e2mara Municipal de Santana da Vargem"}, {"id": "5567", "ano": "2022", "numero": "19", "tipo__sigla": "OFP", "tipo__descricao": "Of\u00edcio da Procuradoria", "assunto": "Resposta ao of\u00edcio conjunto n\u00ba 01 - 2022 do setor Cont\u00e1bil e da Controladoria Interna."}, {"id": "5794", "ano": "2022", "numero": "19", "tipo__sigla": "DEC", "tipo__descricao": "Declara\u00e7\u00e3o", "assunto": "Declara\u00e7\u00e3o de comparecimento ao medico 14/12/2022"}, {"id": "5796", "ano": "2022", "numero": "19", "tipo__sigla": "REDF", "tipo__descricao": "Reda\u00e7\u00e3o Final", "assunto": "Reda\u00e7\u00e3o Final do Projeto de Lei Complementar n\u00ba 27/2022 que Altera as Leis Complementares n\u00ba, 22, de 31 de mar\u00e7o de 2022 e 023, de 31 de mar\u00e7o de 2022 e d\u00e1 outras provid\u00eancias"}, {"id": "4165", "ano": "2022", "numero": "20", "tipo__sigla": "OFEXP", "tipo__descricao": "Of\u00edcio Expedido", "assunto": "Solicita que a Comiss\u00e3o de Licita\u00e7\u00e3o inicie os procedimentos para aquisi\u00e7\u00e3o de materiais de expediente"}, {"id": "4275", "ano": "2022", "numero": "20", "tipo__sigla": "DI", "tipo__descricao": "Di\u00e1rias e documentos relativos", "assunto": "C\u00e1lculo de quantidades e de valores a pagar de di\u00e1rias Carlos C\u00e9zar Ribeiro Belo Horizonte 08/02/2022 a 11/02/2022"}, {"id": "4365", "ano": "2022", "numero": "20", "tipo__sigla": "OR", "tipo__descricao": "OF\u00cdCIOS RECEBIDOS", "assunto": "Of\u00edcio 033/2022  prefeitura: resposta \u00e0s indica\u00e7\u00f5es 001, 002, 003,  004 e 005   do vereador Ronlthe Rocha"}, {"id": "4410", "ano": "2022", "numero": "20", "tipo__sigla": "OCI", "tipo__descricao": "Of\u00edcios da Controladoria Interna", "assunto": "Solicita o relat\u00f3rio da Receita Corrente L\u00edquida referente ao m\u00eas de janeiro de 2022"}, {"id": "4482", "ano": "2022", "numero": "20", "tipo__sigla": "OVC", "tipo__descricao": "Of\u00edcio de Vereador/Comiss\u00e3o", "assunto": "Solicita Informa\u00e7\u00f5es sobre os crit\u00e9rios usados para deferimento e/ou indeferimento do benef\u00edcio aux\u00edlio transporte escolar 2022 oferecido aos 26 estudantes de curso superior e t\u00e9cnico"}, {"id": "4486", "ano": "2022", "numero": "20", "tipo__sigla": "PARE", "tipo__descricao": "PARECER", "assunto": "Parecer Jur\u00eddico - Projeto de Lei Complementar n\u00ba 03/2022 - Plano de Cargos e Sal\u00e1rios do Magist\u00e9rio"}, {"id": "4696", "ano": "2022", "numero": "20", "tipo__sigla": "CERT", "tipo__descricao": "CERTIFICADO", "assunto": "Certifica que Ruiter Silva de Oliveira concluiu o curso \"Compet\u00eancia e Legitimidade\" ministrado nos dias 05, 06, 07  e 08 de abril"}, {"id": "4722", "ano": "2022", "numero": "20", "tipo__sigla": "REV", "tipo__descricao": "Relat\u00f3rios de rodagem do ve\u00edculo e outros", "assunto": "Levar o Procurador na Secretaria do meio ambiente e ir na padaria do Edlon buscar mercadorias e solicitar emiss\u00e3o de nota fiscal"}, {"id": "4730", "ano": "2022", "numero": "20", "tipo__sigla": "MEM", "tipo__descricao": "Memorando", "assunto": "Solicita\u00e7\u00e3o de f\u00e9rias fracionadas e abono pecuni\u00e1rio"}, {"id": "4761", "ano": "2022", "numero": "20", "tipo__sigla": "AT", "tipo__descricao": "ATESTADO", "assunto": "Declara que Isabela Louren\u00e7\u00e3o Messias compareceu no laborat\u00f3rio Breuner das 6:15  at\u00e9 07:10"}, {"id": "4912", "ano": "2022", "numero": "20", "tipo__sigla": "ODC", "tipo__descricao": "Of\u00edcio/documento Cont\u00e1bil", "assunto": "Solicita corre\u00e7\u00e3o de dota\u00e7\u00e3o or\u00e7ament\u00e1ria do processo licitat\u00f3rio 33/2021"}, {"id": "5065", "ano": "2022", "numero": "20", "tipo__sigla": "ARO", "tipo__descricao": "ATAS DAS REUNI\u00d5ES ORDIN\u00c1RIAS", "assunto": "Ata da 20\u00aa reuni\u00e3o ordin\u00e1ria da 2\u00aa Sess\u00e3o Legislativa da 15\u00aa Legislatura da C\u00e2mara Municipal de Santana da Vargem"}, {"id": "5116", "ano": "2022", "numero": "20", "tipo__sigla": "DDCI", "tipo__descricao": "Documentos Diversos da Controladoria Interna", "assunto": "Movimenta\u00e7\u00e3o Banc\u00e1ria Mensal - Resumida (junho/2022)"}, {"id": "5248", "ano": "2022", "numero": "20", "tipo__sigla": "JUST", "tipo__descricao": "Justificativas", "assunto": "Autoriza\u00e7\u00e3o para jornada divergente Felipe Tom\u00e9 Mota e Silva  (10/08/2022)"}, {"id": "5380", "ano": "2022", "numero": "20", "tipo__sigla": "DPA", "tipo__descricao": "Documento de Processo Administrativo", "assunto": "Solicita aditivo de valor ao contrato referente ao processo licitat\u00f3rio n\u00ba 20/2022 preg\u00e3o presencial n\u00ba 07/2022"}, {"id": "5570", "ano": "2022", "numero": "20", "tipo__sigla": "OFP", "tipo__descricao": "Of\u00edcio da Procuradoria", "assunto": "Of\u00edcio 20 - 2022 - Solicita di\u00e1ria para Curso do Parlamento Jovem - MG"}, {"id": "5797", "ano": "2022", "numero": "20", "tipo__sigla": "REDF", "tipo__descricao": "Reda\u00e7\u00e3o Final", "assunto": "Reda\u00e7\u00e3o Final do Projeto de Lei Ordin\u00e1ria do Legislativo n\u00ba 11 que Disp\u00f5e sobre a destina\u00e7\u00e3o de bens m\u00f3veis inserv\u00edveis do munic\u00edpio de Santana da Vargem/MG"}, {"id": "4168", "ano": "2022", "numero": "21", "tipo__sigla": "OFEXP", "tipo__descricao": "Of\u00edcio Expedido", "assunto": "Convida para a Sess\u00e3o Solene de Inaugura\u00e7\u00e3o da Sess\u00e3o Legislativa que ocorrer\u00e1 as 09:00h do dia 01 de fevereiro"}, {"id": "4276", "ano": "2022", "numero": "21", "tipo__sigla": "DI", "tipo__descricao": "Di\u00e1rias e documentos relativos", "assunto": "C\u00e1lculo de quantidades e de valores a pagar de di\u00e1rias, Walter Silva,  Belo Horizonte 08/02/2022 a 11/02/2022"}, {"id": "4366", "ano": "2022", "numero": "21", "tipo__sigla": "OR", "tipo__descricao": "OF\u00cdCIOS RECEBIDOS", "assunto": "Of\u00edcio 35/2022 prefeitura: resposta \u00e0s indica\u00e7\u00f5es 010, 011, 012, 013 e 014 do vereador Luiz Felipe Mendon\u00e7a Rodrigues"}, {"id": "4419", "ano": "2022", "numero": "21", "tipo__sigla": "OCI", "tipo__descricao": "Of\u00edcios da Controladoria Interna", "assunto": "Documentos protocolados no Sistema de Apoio Legislativo (SAPL)"}, {"id": "4489", "ano": "2022", "numero": "21", "tipo__sigla": "OVC", "tipo__descricao": "Of\u00edcio de Vereador/Comiss\u00e3o", "assunto": "Solicita informa\u00e7\u00f5es a respeito de previs\u00e3o de retorno do programa Mais Gen\u00e9tica do Munic\u00edpio"}, {"id": "4498", "ano": "2022", "numero": "21", "tipo__sigla": "PARE", "tipo__descricao": "PARECER", "assunto": "Parecer ao projeto de lei  complementar n\u00ba 01/2022 que \"Disp\u00f5e sobre o Estatuto dos Servidores P\u00fablicos do Munic\u00edpio de Santana da Vargem\""}, {"id": "4731", "ano": "2022", "numero": "21", "tipo__sigla": "MEM", "tipo__descricao": "Memorando", "assunto": "Solicita c\u00f4mputo do ponto de in\u00edcio de jornada do dia 20/04/2022 conforme protocolo realizado 895/2022"}, {"id": "4831", "ano": "2022", "numero": "21", "tipo__sigla": "REV", "tipo__descricao": "Relat\u00f3rios de rodagem do ve\u00edculo e outros", "assunto": "Ir na papelaria Imperial, buscar os tornes das impressoras"}, {"id": "4863", "ano": "2022", "numero": "21", "tipo__sigla": "CERT", "tipo__descricao": "CERTIFICADO", "assunto": "Certifica que Ronalthe Dayglas Rocha participou do 401 Curso de Capacita\u00e7\u00e3o com o tema: Recomenda\u00e7\u00f5es b\u00e1sicas para a contrata\u00e7\u00e3o e fiscaliza\u00e7\u00e3o de obras de edifica\u00e7\u00f5es p\u00fablicas."}, {"id": "4876", "ano": "2022", "numero": "21", "tipo__sigla": "AT", "tipo__descricao": "ATESTADO", "assunto": "Declara para os devidos fins que Isabela Louren\u00e7\u00e3o Messias compareceu ao laborat\u00f3rio Breyner das 6:30 at\u00e9 7:15"}, {"id": "4920", "ano": "2022", "numero": "21", "tipo__sigla": "ODC", "tipo__descricao": "Of\u00edcio/documento Cont\u00e1bil", "assunto": "Solicitar a autoriza\u00e7\u00e3o para o pagamento das Notas Fiscais: 2739/2022 e 2714/2022 referentes a cess\u00e3o de direito de uso de software"}, {"id": "5084", "ano": "2022", "numero": "21", "tipo__sigla": "DD", "tipo__descricao": "Documentos da Diretoria", "assunto": "Solicita  troca de bateria de\r\nenergia"}, {"id": "5104", "ano": "2022", "numero": "21", "tipo__sigla": "ARO", "tipo__descricao": "ATAS DAS REUNI\u00d5ES ORDIN\u00c1RIAS", "assunto": "Ata da 21 reuni\u00e3o ordin\u00e1ria da 2\u00aa Sess\u00e3o Legislativa da 15\u00aa Legislatura da C\u00e2mara Municipal de Santana da Vargem"}, {"id": "5117", "ano": "2022", "numero": "21", "tipo__sigla": "DDCI", "tipo__descricao": "Documentos Diversos da Controladoria Interna", "assunto": "Movimenta\u00e7\u00e3o Banc\u00e1ria Mensal - Acumulada (junho/2022)"}, {"id": "5276", "ano": "2022", "numero": "21", "tipo__sigla": "JUST", "tipo__descricao": "Justificativas", "assunto": "Autoriza\u00e7\u00e3o para jornada divergente Ruiter Silva de Oliveira 15/08/2022"}, {"id": "5463", "ano": "2022", "numero": "21", "tipo__sigla": "DPA", "tipo__descricao": "Documento de Processo Administrativo", "assunto": "Solicita prorroga\u00e7\u00e3o de prazo sem impacto financeiro referente ao processo LICITAT\u00d3RIO  20/2022, preg\u00e3o presencial 07/2022"}, {"id": "4172", "ano": "2022", "numero": "22", "tipo__sigla": "OFEXP", "tipo__descricao": "Of\u00edcio Expedido", "assunto": "Solicita que a Comiss\u00e3o de Licita\u00e7\u00e3o inicie os procedimentos para aquisi\u00e7\u00e3o de mini salgados para as reuni\u00f5es legislativas C\u00e2mara Municipal de Santana da Vargem"}, {"id": "4277", "ano": "2022", "numero": "22", "tipo__sigla": "DI", "tipo__descricao": "Di\u00e1rias e documentos relativos", "assunto": "C\u00e1lculo de quantidades e de valores a pagar de di\u00e1rias, Maria Aparecida de Ara\u00fajo Reis, Belo Horizonte 08/02/2022 a 11/02/2022"}, {"id": "4367", "ano": "2022", "numero": "22", "tipo__sigla": "OR", "tipo__descricao": "OF\u00cdCIOS RECEBIDOS", "assunto": "Of\u00edcio 37/2022 prefeitura: resposta \u00e0s indica\u00e7\u00f5es 001, 002, 003, 004 e 005,  do vereador Ezequiel da Silva"}, {"id": "4490", "ano": "2022", "numero": "22", "tipo__sigla": "OVC", "tipo__descricao": "Of\u00edcio de Vereador/Comiss\u00e3o", "assunto": "Solicita informa\u00e7\u00f5es sobre a previs\u00e3o de elabora\u00e7\u00e3o do mapa das ruas pela AMBASP"}, {"id": "4503", "ano": "2022", "numero": "22", "tipo__sigla": "OCI", "tipo__descricao": "Of\u00edcios da Controladoria Interna", "assunto": "Solicita a inscri\u00e7\u00e3o no curso \"AUDITORIA E FISCALIZA\u00c7\u00c3O COM FUNDAMENTOS NAS NORMAS DE CONTROLE INTERNO E A RESPONSABILIZA\u00c7\u00c3O DAS PESSOAS JUR\u00cdDICAS POR ATOS LESIVOS \u00c0 ADMINISTRA\u00c7\u00c3O P\u00daBLICO"}, {"id": "4516", "ano": "2022", "numero": "22", "tipo__sigla": "PARE", "tipo__descricao": "PARECER", "assunto": "Parecer Jur\u00eddico - Inexigibilidade - Curso Auditoria e Fiscaliza\u00e7\u00e3o."}, {"id": "4773", "ano": "2022", "numero": "22", "tipo__sigla": "MEM", "tipo__descricao": "Memorando", "assunto": "Solicita recarga dos extintores de inc\u00eandio"}, {"id": "4834", "ano": "2022", "numero": "22", "tipo__sigla": "REV", "tipo__descricao": "Relat\u00f3rios de rodagem do ve\u00edculo e outros", "assunto": "relat\u00f3rio de viagem do veiculo do dia 12/05/2022\r\nLevar funcionaria para colher or\u00e7amento"}, {"id": "4864", "ano": "2022", "numero": "22", "tipo__sigla": "CERT", "tipo__descricao": "CERTIFICADO", "assunto": "Certifica que Vitor Donizetti Siqueira Junior participou do 401 Curso de Capacita\u00e7\u00e3o com o tema: Recomenda\u00e7\u00f5es b\u00e1sicas para a contrata\u00e7\u00e3o e fiscaliza\u00e7\u00e3o de obras de edifica\u00e7\u00f5es p\u00fablicas."}, {"id": "4941", "ano": "2022", "numero": "22", "tipo__sigla": "ODC", "tipo__descricao": "Of\u00edcio/documento Cont\u00e1bil", "assunto": "Resposta ao of\u00edcio 036/2022 da controladoria interna"}, {"id": "4972", "ano": "2022", "numero": "22", "tipo__sigla": "AT", "tipo__descricao": "ATESTADO", "assunto": "atestado medico"}, {"id": "5066", "ano": "2022", "numero": "22", "tipo__sigla": "DD", "tipo__descricao": "Documentos da Diretoria", "assunto": "Solicita que o processo 06/2022 para aquisi\u00e7\u00e3o de microfones seja encerrado e a abertura de um processo para aquisi\u00e7\u00e3o de equipamentos de \u00e1udio."}, {"id": "5105", "ano": "2022", "numero": "22", "tipo__sigla": "ARO", "tipo__descricao": "ATAS DAS REUNI\u00d5ES ORDIN\u00c1RIAS", "assunto": "Ata da 22\u00aa reuni\u00e3o ordin\u00e1ria da 2\u00aa Sess\u00e3o Legislativa Legislativa da 15\u00aa Legislatura da C\u00e2mara Municipal de Santana da Vargem"}, {"id": "5224", "ano": "2022", "numero": "22", "tipo__sigla": "DDCI", "tipo__descricao": "Documentos Diversos da Controladoria Interna", "assunto": "Movimenta\u00e7\u00e3o Banc\u00e1ria Mensal - Detalhada (julho/2022)"}, {"id": "5351", "ano": "2022", "numero": "22", "tipo__sigla": "JUST", "tipo__descricao": "Justificativas", "assunto": "Autoriza\u00e7\u00e3o para jornada divergente Ruiter Silva de Oliveira 29/08/2022"}, {"id": "5538", "ano": "2022", "numero": "22", "tipo__sigla": "DPA", "tipo__descricao": "Documento de Processo Administrativo", "assunto": "Relat\u00f3rio fotogr\u00e1fico processo licitat\u00f3rio n\u00ba 20 preg\u00e3o presencial n\u00ba 07 referente a reforma do piso da parte externa do pr\u00e9dio da C\u00e2mara Municipal de Santana da Vargem"}, {"id": "4173", "ano": "2022", "numero": "23", "tipo__sigla": "OFEXP", "tipo__descricao": "Of\u00edcio Expedido", "assunto": "Resposta ao of\u00edcio 514/2021 3\u00aa PJ-TP"}, {"id": "4279", "ano": "2022", "numero": "23", "tipo__sigla": "DI", "tipo__descricao": "Di\u00e1rias e documentos relativos", "assunto": "Relat\u00f3rio de viagem Vitor Donizetti Siqueira Junior (Belo Horizonte 01/02/2022 a 04/02/2022)"}, {"id": "4368", "ano": "2022", "numero": "23", "tipo__sigla": "OR", "tipo__descricao": "OF\u00cdCIOS RECEBIDOS", "assunto": "Of\u00edcio 38/2022 prefeitura: resposta \u00e0s indica\u00e7\u00f5es 009 do vereador Luiz Felipe Mendon\u00e7a Rodrigues"}, {"id": "4491", "ano": "2022", "numero": "23", "tipo__sigla": "OVC", "tipo__descricao": "Of\u00edcio de Vereador/Comiss\u00e3o", "assunto": "Solicita informa\u00e7\u00f5es a respeito das provid\u00eancias tomadas afim de melhorar o tr\u00e2nsito"}, {"id": "4517", "ano": "2022", "numero": "23", "tipo__sigla": "OCI", "tipo__descricao": "Of\u00edcios da Controladoria Interna", "assunto": "Concess\u00e3o anivers\u00e1rio natal\u00edcio"}, {"id": "4519", "ano": "2022", "numero": "23", "tipo__sigla": "PARE", "tipo__descricao": "PARECER", "assunto": "Parecer Jur\u00eddico - Dispensa - Compra de 18 agendas."}, {"id": "4783", "ano": "2022", "numero": "23", "tipo__sigla": "MEM", "tipo__descricao": "Memorando", "assunto": "Solicita\u00e7\u00e3o de pagamento de horas extras realizadas"}, {"id": "4841", "ano": "2022", "numero": "23", "tipo__sigla": "REV", "tipo__descricao": "Relat\u00f3rios de rodagem do ve\u00edculo e outros", "assunto": "relat\u00f3rio de viagem do veiculo do dia 13/05/2022 Levar funcionaria para colher or\u00e7amento"}, {"id": "4936", "ano": "2022", "numero": "23", "tipo__sigla": "CERT", "tipo__descricao": "CERTIFICADO", "assunto": "Certifica que Maria Aparecida de Ara\u00fajo Reis participou do curso: POLITICAS PUBLICAS"}, {"id": "5029", "ano": "2022", "numero": "23", "tipo__sigla": "AT", "tipo__descricao": "ATESTADO", "assunto": "Atestado Carlos C\u00e9zar aus\u00eancia reuni\u00e3o 20/06/2022"}, {"id": "5047", "ano": "2022", "numero": "23", "tipo__sigla": "ODC", "tipo__descricao": "Of\u00edcio/documento Cont\u00e1bil", "assunto": "Solicita altera\u00e7\u00e3o de hor\u00e1rio do dia 28/06/2022 para realiza\u00e7\u00e3o de exames laboratoriais"}, {"id": "5225", "ano": "2022", "numero": "23", "tipo__sigla": "DDCI", "tipo__descricao": "Documentos Diversos da Controladoria Interna", "assunto": "Movimenta\u00e7\u00e3o Banc\u00e1ria Mensal - Resumida (julho/2022)"}, {"id": "5237", "ano": "2022", "numero": "23", "tipo__sigla": "ARO", "tipo__descricao": "ATAS DAS REUNI\u00d5ES ORDIN\u00c1RIAS", "assunto": "Ata da 23\u00aa reuni\u00e3o ordin\u00e1ria da 2\u00aa sess\u00e3o legislativa da 15\u00aa legislatura da C\u00e2mara Municipal de Santana da Vargem"}, {"id": "5352", "ano": "2022", "numero": "23", "tipo__sigla": "JUST", "tipo__descricao": "Justificativas", "assunto": "Autoriza\u00e7\u00e3o para jornada divergente Ruiter Silva de Oliveira 05/09/2022"}, {"id": "4174", "ano": "2022", "numero": "24", "tipo__sigla": "OFEXP", "tipo__descricao": "Of\u00edcio Expedido", "assunto": "Encaminha para publica\u00e7\u00e3o o Extrato de Dispensa 01/2022"}, {"id": "4301", "ano": "2022", "numero": "24", "tipo__sigla": "DI", "tipo__descricao": "Di\u00e1rias e documentos relativos", "assunto": "Requerimento de concess\u00e3o de di\u00e1rias adiantadas Luiz Felipe Mendon\u00e7a Rodrigues 17/02/2022"}, {"id": "4369", "ano": "2022", "numero": "24", "tipo__sigla": "OR", "tipo__descricao": "OF\u00cdCIOS RECEBIDOS", "assunto": "Of\u00edcio 34/2022 prefeitura: resposta ao requerimento 001 dos vereadores Ronalthe e Jackson"}, {"id": "4500", "ano": "2022", "numero": "24", "tipo__sigla": "OVC", "tipo__descricao": "Of\u00edcio de Vereador/Comiss\u00e3o", "assunto": "Solicita cancelamento da inscri\u00e7\u00e3o no curso \"AUDITORIA E FISCALIZA\u00c7\u00c3O COM FUNDAMENTOS NAS NORMAS DE CONTROLE INTERNO E A RESPONSABILIZA\u00c7\u00c3O DAS PESSOAS JUR\u00cdDICAS POR ATOS LESIVOS \u00c0 ADMINISTRA\u00c7\u00c3O P\u00daBLICA\""}, {"id": "4576", "ano": "2022", "numero": "24", "tipo__sigla": "PARE", "tipo__descricao": "PARECER", "assunto": "Parecer jur\u00eddico - Projeto de Lei Ordin\u00e1ria do Legislativo n\u00ba 36 do ano de 2021, visa conceder isen\u00e7\u00e3o do IPTU (Imposto Predial e Territorial Urbano) para pessoa, ou seus dependentes, que tenha sido diagnosticada com neoplasia maligna (c\u00e2ncer)."}, {"id": "4619", "ano": "2022", "numero": "24", "tipo__sigla": "OCI", "tipo__descricao": "Of\u00edcios da Controladoria Interna", "assunto": "An\u00e1lise de ponto eletr\u00f4nico dos servidores (21/02/2022 a 31/03/2022)"}, {"id": "4788", "ano": "2022", "numero": "24", "tipo__sigla": "MEM", "tipo__descricao": "Memorando", "assunto": "solicita autoriza\u00e7\u00e3o para levar o notebook e materiais de servi\u00e7o"}, {"id": "4853", "ano": "2022", "numero": "24", "tipo__sigla": "REV", "tipo__descricao": "Relat\u00f3rios de rodagem do ve\u00edculo e outros", "assunto": "Levar funcion\u00e1ria Alanis para pegar cota\u00e7\u00f5es de pre\u00e7o"}, {"id": "5010", "ano": "2022", "numero": "24", "tipo__sigla": "CERT", "tipo__descricao": "CERTIFICADO", "assunto": "Certifica que Carlos C\u00e9zar Ribeiro participou do 409\u00ba Curso de Capacita\u00e7\u00e3o como o tema: \"O PARLAMENTO MUNICIPAL E SUA RESPONSABILIDADE NA EDI\u00c7\u00c3O DAS LEIS\".  realizado no per\u00edodo de 14 a 17 de junho de 2022"}, {"id": "5067", "ano": "2022", "numero": "24", "tipo__sigla": "AT", "tipo__descricao": "ATESTADO", "assunto": "Declara que Isabela Louren\u00e7\u00e3o Messias compareceu no Laborat\u00f3rio Breyner das 6:30 at\u00e9 7:00"}, {"id": "5078", "ano": "2022", "numero": "24", "tipo__sigla": "DD", "tipo__descricao": "Documentos da Diretoria", "assunto": "Solicita\u00e7\u00e3o"}, {"id": "5111", "ano": "2022", "numero": "24", "tipo__sigla": "ODC", "tipo__descricao": "Of\u00edcio/documento Cont\u00e1bil", "assunto": "Minuta contrato (sistema informatizado Memory Projetos e Desenvolvimento de Sistema Lta)"}, {"id": "5226", "ano": "2022", "numero": "24", "tipo__sigla": "DDCI", "tipo__descricao": "Documentos Diversos da Controladoria Interna", "assunto": "Movimenta\u00e7\u00e3o Banc\u00e1ria Mensal - Acumulada (julho/2022)"}, {"id": "5290", "ano": "2022", "numero": "24", "tipo__sigla": "ARO", "tipo__descricao": "ATAS DAS REUNI\u00d5ES ORDIN\u00c1RIAS", "assunto": "Ata da 24\u00aa reuni\u00e3o ordin\u00e1ria da 2\u00aa Sess\u00e3o Legislativa da 15\u00aa Legislatura da C\u00e2mara Municipal de Santana da Vargem"}, {"id": "5415", "ano": "2022", "numero": "24", "tipo__sigla": "JUST", "tipo__descricao": "Justificativas", "assunto": "Autoriza\u00e7\u00e3o para jornada divergente Ruiter Silva 12/09/2022"}, {"id": "4175", "ano": "2022", "numero": "25", "tipo__sigla": "OFEXP", "tipo__descricao": "Of\u00edcio Expedido", "assunto": "Encaminha para publica\u00e7\u00e3o o Extrato de Inexigibilidade 01/2022"}, {"id": "4303", "ano": "2022", "numero": "25", "tipo__sigla": "DI", "tipo__descricao": "Di\u00e1rias e documentos relativos", "assunto": "Relat\u00f3rio de viagem Walter Silva (Belo Horizonte 08/02/2022 a 11/02/2022)"}, {"id": "4370", "ano": "2022", "numero": "25", "tipo__sigla": "OR", "tipo__descricao": "OF\u00cdCIOS RECEBIDOS", "assunto": "Of\u00edcio 36/2022 prefeitura: resposta \u00e0 indica\u00e7\u00e3o 001 do vereador Walter Silva"}, {"id": "4501", "ano": "2022", "numero": "25", "tipo__sigla": "OVC", "tipo__descricao": "Of\u00edcio de Vereador/Comiss\u00e3o", "assunto": "Solicita cancelamento da inscri\u00e7\u00e3o no curso \"AUDITORIA E FISCALIZA\u00c7\u00c3O COM FUNDAMENTOS NAS NORMAS DE CONTROLE INTERNO E A RESPONSABILIZA\u00c7\u00c3O DAS PESSOAS JUR\u00cdDICAS POR ATOS LESIVOS \u00c0 ADMINISTRA\u00c7\u00c3O P\u00daBLICA\""}, {"id": "4606", "ano": "2022", "numero": "25", "tipo__sigla": "PARE", "tipo__descricao": "PARECER", "assunto": "Parecer Jur\u00eddico - Projeto de Lei Ordin\u00e1ria n\u00ba 06 - 2022 - Organograma do Executivo."}, {"id": "4663", "ano": "2022", "numero": "25", "tipo__sigla": "OCI", "tipo__descricao": "Of\u00edcios da Controladoria Interna", "assunto": "Extratos de conta corrente e de aplica\u00e7\u00e3o financeira (mar\u00e7o/2022)"}, {"id": "4851", "ano": "2022", "numero": "25", "tipo__sigla": "MEM", "tipo__descricao": "Memorando", "assunto": "Solicita a concess\u00e3o de f\u00e9rias a partir do dia 17 de maio de 2022"}, {"id": "4861", "ano": "2022", "numero": "25", "tipo__sigla": "REV", "tipo__descricao": "Relat\u00f3rios de rodagem do ve\u00edculo e outros", "assunto": "Relat\u00f3rio de rodagem do ve\u00edculo, viagem para  Belo Horizonte em  17/05/2022 8:00 , motorista Lincoln Figueiredo"}, {"id": "5011", "ano": "2022", "numero": "25", "tipo__sigla": "CERT", "tipo__descricao": "CERTIFICADO", "assunto": "Certifica que Walter Silva participou do 409\u00ba Curso de Capacita\u00e7\u00e3o como o tema: \"O PARLAMENTO MUNICIPAL E SUA RESPONSABILIDADE NA EDI\u00c7\u00c3O DAS LEIS\".  realizado no per\u00edodo de 14 a 17 de junho de 2022"}, {"id": "5083", "ano": "2022", "numero": "25", "tipo__sigla": "AT", "tipo__descricao": "ATESTADO", "assunto": "Atestado Medico"}, {"id": "5112", "ano": "2022", "numero": "25", "tipo__sigla": "ODC", "tipo__descricao": "Of\u00edcio/documento Cont\u00e1bil", "assunto": "Resposta ao of\u00edcio 038 da controladoria interna"}, {"id": "5330", "ano": "2022", "numero": "25", "tipo__sigla": "ARO", "tipo__descricao": "ATAS DAS REUNI\u00d5ES ORDIN\u00c1RIAS", "assunto": "Ata da 25\u00aa reuni\u00e3o ordin\u00e1ria da 2\u00aa Sess\u00e3o Legislativa da 15\u00aa Legislatura da C\u00e2mara Municipal de Santana da Vargem"}, {"id": "5400", "ano": "2022", "numero": "25", "tipo__sigla": "DDCI", "tipo__descricao": "Documentos Diversos da Controladoria Interna", "assunto": "Movimenta\u00e7\u00e3o Banc\u00e1ria Mensal - Detalhada (agosto/2022)"}, {"id": "5422", "ano": "2022", "numero": "25", "tipo__sigla": "DD", "tipo__descricao": "Documentos da Diretoria", "assunto": "Solicita o encerramento do pro9cesso 13/2022 para a contra\u00e7\u00e3o de servi\u00e7os de consultoria"}, {"id": "5468", "ano": "2022", "numero": "25", "tipo__sigla": "JUST", "tipo__descricao": "Justificativas", "assunto": "Autoriza\u00e7\u00e3o para jornada divergente Isabela Louren\u00e7\u00e3o Messias 28/09/2022"}, {"id": "4178", "ano": "2022", "numero": "26", "tipo__sigla": "OFEXP", "tipo__descricao": "Of\u00edcio Expedido", "assunto": "Solicita que seja alterada a data do vencimento da conta de \u00e1gua da C\u00e2mara Municipal de Santana da Vargem"}, {"id": "4304", "ano": "2022", "numero": "26", "tipo__sigla": "DI", "tipo__descricao": "Di\u00e1rias e documentos relativos", "assunto": "Relat\u00f3rio de viagem Maria Aparecida de Ara\u00fajo Reis (Belo Horizonte 08/02/2022 a 11/02/2022)"}, {"id": "4379", "ano": "2022", "numero": "26", "tipo__sigla": "OR", "tipo__descricao": "OF\u00cdCIOS RECEBIDOS", "assunto": "Of\u00edcio 362/2022 COPASA em Resposta ao of\u00edcio 012/2022 do presidente Luiz Felipe Mendon\u00e7a Rodrigues"}, {"id": "4508", "ano": "2022", "numero": "26", "tipo__sigla": "OVC", "tipo__descricao": "Of\u00edcio de Vereador/Comiss\u00e3o", "assunto": "Solicita impacto financeiro equiparando o sal\u00e1rio dos motoristas categoria B e D e impacto de p\u00f3s gradua\u00e7\u00e3o de 5% para os professores"}, {"id": "4607", "ano": "2022", "numero": "26", "tipo__sigla": "PARE", "tipo__descricao": "PARECER", "assunto": "Parecer Jur\u00eddico - Projeto de Lei Ordin\u00e1ria n\u00ba 08 - 2022 - Concess\u00e3o de aux\u00edlio alimenta\u00e7\u00e3o e do adicional de assiduidade para os membros do conselho tutelar do munic\u00edpio de Santana da Vargem - MG."}, {"id": "4669", "ano": "2022", "numero": "26", "tipo__sigla": "OCI", "tipo__descricao": "Of\u00edcios da Controladoria Interna", "assunto": "Considera\u00e7\u00f5es ao Projeto de Lei"}, {"id": "4862", "ano": "2022", "numero": "26", "tipo__sigla": "REV", "tipo__descricao": "Relat\u00f3rios de rodagem do ve\u00edculo e outros", "assunto": "Relat\u00f3rio de rodagem do ve\u00edculo, viagem para Belo Horizonte 20/05/2022, motorista Lincoln Figueiredo"}, {"id": "4885", "ano": "2022", "numero": "26", "tipo__sigla": "MEM", "tipo__descricao": "Memorando", "assunto": "Solicita f\u00e9rias nos per\u00edodos de 20 a 29 de junho de 2022 e 11 a 20 de julho de 2022"}, {"id": "5012", "ano": "2022", "numero": "26", "tipo__sigla": "CERT", "tipo__descricao": "CERTIFICADO", "assunto": "Certifica que Ronalthe Dayglas Rocha participou do 409\u00ba Curso de Capacita\u00e7\u00e3o como o tema: \"O PARLAMENTO MUNICIPAL E SUA RESPONSABILIDADE NA EDI\u00c7\u00c3O DAS LEIS\".  realizado no per\u00edodo de 14 a 17 de junho de 2022"}, {"id": "5096", "ano": "2022", "numero": "26", "tipo__sigla": "AT", "tipo__descricao": "ATESTADO", "assunto": "Atesta que Alanis Carolina de Oliveira Moreira encontra-se em tratamento m\u00e9dico devendo ser afastada por 05 cinco dias a partir do dia 27/06/2022"}, {"id": "5120", "ano": "2022", "numero": "26", "tipo__sigla": "ODC", "tipo__descricao": "Of\u00edcio/documento Cont\u00e1bil", "assunto": "Solicitar a autoriza\u00e7\u00e3o para o pagamento das Notas Fiscais: 3208/2022 e 3178/2022 referentes a cess\u00e3o de direito de uso de software."}, {"id": "5355", "ano": "2022", "numero": "26", "tipo__sigla": "ARO", "tipo__descricao": "ATAS DAS REUNI\u00d5ES ORDIN\u00c1RIAS", "assunto": "Ata da 26\u00aa reuni\u00e3o ordin\u00e1ria da 2\u00aa Sess\u00e3o Legislativa da 15\u00aa Legislatura da C\u00e2mara Municipal de Santana da Vargem"}, {"id": "5401", "ano": "2022", "numero": "26", "tipo__sigla": "DDCI", "tipo__descricao": "Documentos Diversos da Controladoria Interna", "assunto": "Movimenta\u00e7\u00e3o Banc\u00e1ria Mensal - Resumida (agosto/2022)"}, {"id": "5423", "ano": "2022", "numero": "26", "tipo__sigla": "DD", "tipo__descricao": "Documentos da Diretoria", "assunto": "solicito a abertura de um novo processo para a contrata\u00e7\u00e3o de servi\u00e7os de consultoria para auxiliar nas rotinas de trabalho do departamento de controladoria interna, contabilidade, compras e patrim\u00f4nios"}, {"id": "5471", "ano": "2022", "numero": "26", "tipo__sigla": "JUST", "tipo__descricao": "Justificativas", "assunto": "Justificativa de n\u00e3o marca\u00e7\u00e3o de ponto eletr\u00f4nico Ruiter Silva de Oliveira 29/09/2022 (aus\u00eancia de energia el\u00e9trica)"}, {"id": "4180", "ano": "2022", "numero": "27", "tipo__sigla": "OFEXP", "tipo__descricao": "Of\u00edcio Expedido", "assunto": "Solicita o registro da ata da 42\u00aa reuni\u00e3o ordin\u00e1ria realizada no dia quatorze de dezembro de 2021"}, {"id": "4312", "ano": "2022", "numero": "27", "tipo__sigla": "DI", "tipo__descricao": "Di\u00e1rias e documentos relativos", "assunto": "An\u00e1lise da presta\u00e7\u00e3o de contas do recebimento de di\u00e1rias (Vitor Donizetti Siqueira Junior 01/02/2022)"}, {"id": "4398", "ano": "2022", "numero": "27", "tipo__sigla": "OR", "tipo__descricao": "OF\u00cdCIOS RECEBIDOS", "assunto": "Resposta Of\u00edcio C\u00e2mara Municipal - encaminha termo aditivo do TAC 01/2022"}, {"id": "4543", "ano": "2022", "numero": "27", "tipo__sigla": "OVC", "tipo__descricao": "Of\u00edcio de Vereador/Comiss\u00e3o", "assunto": "Reda\u00e7\u00e3o final dos projetos de lei complementar 01, 02 e 03 de 2022"}, {"id": "4608", "ano": "2022", "numero": "27", "tipo__sigla": "PARE", "tipo__descricao": "PARECER", "assunto": "Parecer Jur\u00eddico - Projeto de Lei Ordin\u00e1ria n\u00ba 09 - 2022 - Visa conferir o aux\u00edlio-alimenta\u00e7\u00e3o e o adicional de assiduidade aos Agentes Comunit\u00e1rios de Sa\u00fade e Agentes de Combate \u00e0s Endemias do munic\u00edpio de Santana da Vargem \u2013 MG."}, {"id": "4685", "ano": "2022", "numero": "27", "tipo__sigla": "OCI", "tipo__descricao": "Of\u00edcios da Controladoria Interna", "assunto": "Documentos protocolados no Sistema de Apoio ao Processo Legislativo (SAPL)"}, {"id": "4869", "ano": "2022", "numero": "27", "tipo__sigla": "REV", "tipo__descricao": "Relat\u00f3rios de rodagem do ve\u00edculo e outros", "assunto": "Relat\u00f3rio de viagem Ronalthe Dayglas Rocha Belo Horizonte 17/05/2022 a 20/05/2022"}, {"id": "4887", "ano": "2022", "numero": "27", "tipo__sigla": "MEM", "tipo__descricao": "Memorando", "assunto": "Solicita a concess\u00e3o de 10 (dez) dias de f\u00e9rias  a partir do dia 06/06/2022"}, {"id": "5013", "ano": "2022", "numero": "27", "tipo__sigla": "CERT", "tipo__descricao": "CERTIFICADO", "assunto": "Certifica que Vitor Donizetti Siqueira Junior participou do 409\u00ba Curso de Capacita\u00e7\u00e3o como o tema: \"O PARLAMENTO MUNICIPAL E SUA RESPONSABILIDADE NA EDI\u00c7\u00c3O DAS LEIS\".  realizado no per\u00edodo de 14 a 17 de junho de 2022"}, {"id": "5172", "ano": "2022", "numero": "27", "tipo__sigla": "ODC", "tipo__descricao": "Of\u00edcio/documento Cont\u00e1bil", "assunto": "Demandas do setor cont\u00e1bil"}, {"id": "5193", "ano": "2022", "numero": "27", "tipo__sigla": "AT", "tipo__descricao": "ATESTADO", "assunto": "Atesta que Silmara Girlaine Hon\u00f3rio est\u00e1 sob tratamento m\u00e9dico por um dia a partir de 01/08/2022"}, {"id": "5386", "ano": "2022", "numero": "27", "tipo__sigla": "ARO", "tipo__descricao": "ATAS DAS REUNI\u00d5ES ORDIN\u00c1RIAS", "assunto": "Ata da 27\u00aa reuni\u00e3o ordin\u00e1ria da 2\u00aa Sess\u00e3o Legislativa da 15\u00aa Legislatura da C\u00e2mara Municipal de Santana da Vargem"}, {"id": "5402", "ano": "2022", "numero": "27", "tipo__sigla": "DDCI", "tipo__descricao": "Documentos Diversos da Controladoria Interna", "assunto": "Movimenta\u00e7\u00e3o Banc\u00e1ria Mensal - Acumulada (agosto/2022)"}, {"id": "5462", "ano": "2022", "numero": "27", "tipo__sigla": "DD", "tipo__descricao": "Documentos da Diretoria", "assunto": "Solicita autoriza\u00e7\u00e3o para compensa\u00e7\u00e3o de horas extras existentes"}, {"id": "5510", "ano": "2022", "numero": "27", "tipo__sigla": "JUST", "tipo__descricao": "Justificativas", "assunto": "Autoriza\u00e7\u00e3o para jornada divergente Ruiter Silva de Oliveira 10/10/2022"}, {"id": "4185", "ano": "2022", "numero": "28", "tipo__sigla": "OFEXP", "tipo__descricao": "Of\u00edcio Expedido", "assunto": "Encaminha a indica\u00e7\u00e3o 008 do Presidente da C\u00e2mara, Luiz Felipe Mendon\u00e7a Rodrigues"}, {"id": "4316", "ano": "2022", "numero": "28", "tipo__sigla": "DI", "tipo__descricao": "Di\u00e1rias e documentos relativos", "assunto": "Requerimento de concess\u00e3o de di\u00e1rias adiantadas Luiz Felipe Mendon\u00e7a Rodrigues (Belo Horizonte- 16/02/2022)"}, {"id": "4464", "ano": "2022", "numero": "28", "tipo__sigla": "OR", "tipo__descricao": "OF\u00cdCIOS RECEBIDOS", "assunto": "Resposta as indica\u00e7\u00f5es 006, 007, 008 e requerimentos 002 e 003 do vereador Ronalthe Dayglas Rocha"}, {"id": "4584", "ano": "2022", "numero": "28", "tipo__sigla": "OVC", "tipo__descricao": "Of\u00edcio de Vereador/Comiss\u00e3o", "assunto": "Solicita Inscri\u00e7\u00e3o no curso: Compet\u00eancia e legitimidade"}, {"id": "4609", "ano": "2022", "numero": "28", "tipo__sigla": "PARE", "tipo__descricao": "PARECER", "assunto": "Parecer Jur\u00eddico - Projeto de Lei Ordin\u00e1ria n\u00ba 10 - 2022 - Altera a Lei Ordin\u00e1ria Municipal n\u00ba 1.158 de 06 de outubro de 2009 do munic\u00edpio de Santana da Vargem \u2013 MG. (aumenta o n\u00famero de estagi\u00e1rios)"}, {"id": "4697", "ano": "2022", "numero": "28", "tipo__sigla": "OCI", "tipo__descricao": "Of\u00edcios da Controladoria Interna", "assunto": "Instru\u00e7\u00e3o normativa 02/2022"}, {"id": "4888", "ano": "2022", "numero": "28", "tipo__sigla": "MEM", "tipo__descricao": "Memorando", "assunto": "Solicita 10 dias de  f\u00e9rias a partir do dia 06/06/2022"}, {"id": "4926", "ano": "2022", "numero": "28", "tipo__sigla": "REV", "tipo__descricao": "Relat\u00f3rios de rodagem do ve\u00edculo e outros", "assunto": "Relat\u00f3rio de rodagem do ve\u00edculo oficial Vadinilson Vitor Cardoso (Belo Horizonte 31/05/2022 a 31/05/2022)"}, {"id": "5046", "ano": "2022", "numero": "28", "tipo__sigla": "CERT", "tipo__descricao": "CERTIFICADO", "assunto": "Certifica que Alessandra Dixini participou do curso: Fiscaliza\u00e7\u00e3o, controle e aprimoramento de rotinas legislativas\" realizado nos dias 21 a 24 de junho, na cidade de Belo Horizonte"}, {"id": "5209", "ano": "2022", "numero": "28", "tipo__sigla": "ODC", "tipo__descricao": "Of\u00edcio/documento Cont\u00e1bil", "assunto": "Solicita autoriza\u00e7\u00e3o para o pagamento de nota fiscal referentes a cess\u00e3o de direito de uso de sftware"}, {"id": "5320", "ano": "2022", "numero": "28", "tipo__sigla": "AT", "tipo__descricao": "ATESTADO", "assunto": "Atesta que Carlos Cezar Ribeiro deve permanecer em repouso por um per\u00edodo de dez dias a partir de 23/08/2022"}, {"id": "5416", "ano": "2022", "numero": "28", "tipo__sigla": "ARO", "tipo__descricao": "ATAS DAS REUNI\u00d5ES ORDIN\u00c1RIAS", "assunto": "Ata da 28\u00aa reuni\u00e3o ordin\u00e1ria da 2\u00aa Sess\u00e3o Legislativa da 15\u00aa Legislatura da C\u00e2mara Municipal de Santana da Vargem"}, {"id": "5491", "ano": "2022", "numero": "28", "tipo__sigla": "DDCI", "tipo__descricao": "Documentos Diversos da Controladoria Interna", "assunto": "Movimenta\u00e7\u00e3o Banc\u00e1ria Mensal - Detalhada (setembro/2022)"}, {"id": "5525", "ano": "2022", "numero": "28", "tipo__sigla": "JUST", "tipo__descricao": "Justificativas", "assunto": "Autoriza\u00e7\u00e3o para jornada divergente Ruiter Silva de Oliveira 14/10/2022"}, {"id": "5633", "ano": "2022", "numero": "28", "tipo__sigla": "DD", "tipo__descricao": "Documentos da Diretoria", "assunto": "Solicita que seja informado, na tabela em anexo a previs\u00e3o de f\u00e9rias de cada servidor para o exerc\u00edcio 2023"}, {"id": "4212", "ano": "2022", "numero": "29", "tipo__sigla": "OFEXP", "tipo__descricao": "Of\u00edcio Expedido", "assunto": "Encaminha indica\u00e7\u00e3o 009 de autoria do Presidente Luiz Felipe Mendon\u00e7a Rodrigues"}, {"id": "4317", "ano": "2022", "numero": "29", "tipo__sigla": "DI", "tipo__descricao": "Di\u00e1rias e documentos relativos", "assunto": "An\u00e1lise de presta\u00e7\u00e3o de contas do recebimento de di\u00e1rias Maria Aparecida de Ara\u00fajo Reis (Belo Horizonte- 08/02/2022)"}, {"id": "4465", "ano": "2022", "numero": "29", "tipo__sigla": "OR", "tipo__descricao": "OF\u00cdCIOS RECEBIDOS", "assunto": "Resposta ao of\u00edcio 044 do Presidente Luiz Felipe Mendon\u00e7a Rodrigues"}, {"id": "4585", "ano": "2022", "numero": "29", "tipo__sigla": "OVC", "tipo__descricao": "Of\u00edcio de Vereador/Comiss\u00e3o", "assunto": "Solicita inscri\u00e7\u00e3o no curso \"Contrata\u00e7\u00e3o direta na nova lei de licita\u00e7\u00f5es (dispensa e inexigibilidade de licita\u00e7\u00e3o de acordo com a lei 14.133/2021\""}, {"id": "4625", "ano": "2022", "numero": "29", "tipo__sigla": "PARE", "tipo__descricao": "PARECER", "assunto": "Parecer Jur\u00eddico - Projeto de Lei 07 - 2022 - Abertura de Cr\u00e9dito Adicional Especial por anula\u00e7\u00e3o - R$ 76.000,00"}, {"id": "4782", "ano": "2022", "numero": "29", "tipo__sigla": "OCI", "tipo__descricao": "Of\u00edcios da Controladoria Interna", "assunto": "An\u00e1lise do ponto eletr\u00f4nico dos servidores 04/04/2022 a 30/04/2022"}, {"id": "4961", "ano": "2022", "numero": "29", "tipo__sigla": "REV", "tipo__descricao": "Relat\u00f3rios de rodagem do ve\u00edculo e outros", "assunto": "Relat\u00f3rio de rodagem do veiculo"}, {"id": "4990", "ano": "2022", "numero": "29", "tipo__sigla": "MEM", "tipo__descricao": "Memorando", "assunto": "Venho solicita o seguinte, pelo mesmo motivo do memorando 05 do dia 13 de maio \r\nde 2022 solicitar f\u00e9rias premias para come\u00e7ar a partir do dia 20 de junho de 2022."}, {"id": "5049", "ano": "2022", "numero": "29", "tipo__sigla": "CERT", "tipo__descricao": "CERTIFICADO", "assunto": "Certifica que Kainne Delfino Joanas participou do curso \"Fiscaliza\u00e7\u00e3o, controle e aprimoramento de rotinas legislativas\"  realizado nos dias 21 a 24 de junho, na cidade de Belo Horizonte"}, {"id": "5220", "ano": "2022", "numero": "29", "tipo__sigla": "ODC", "tipo__descricao": "Of\u00edcio/documento Cont\u00e1bil", "assunto": "Solicita abertura de processo licitat\u00f3rio para curso sobre e-social"}, {"id": "5446", "ano": "2022", "numero": "29", "tipo__sigla": "ARO", "tipo__descricao": "ATAS DAS REUNI\u00d5ES ORDIN\u00c1RIAS", "assunto": "Ata da 29\u00aa reuni\u00e3o ordin\u00e1ria da 2\u00aa Sess\u00e3o Legislativa da 15\u00aa legislatura da C\u00e2mara Municipal de Santana da Vargem"}, {"id": "5466", "ano": "2022", "numero": "29", "tipo__sigla": "AT", "tipo__descricao": "ATESTADO", "assunto": "Atesta que Alanis Carolina Oliveira Moreira encontra-se em tratamento m\u00e9dico devendo ser afastado do trabalho por 1 (um) dia a partir de 26/09/2022"}, {"id": "5492", "ano": "2022", "numero": "29", "tipo__sigla": "DDCI", "tipo__descricao": "Documentos Diversos da Controladoria Interna", "assunto": "Movimenta\u00e7\u00e3o Banc\u00e1ria Mensal - Resumida (setembro/2022)"}, {"id": "5526", "ano": "2022", "numero": "29", "tipo__sigla": "JUST", "tipo__descricao": "Justificativas", "assunto": "Autoriza\u00e7\u00e3o para jornada divergente Alanis Carolina de Oliveira Moreira 20 e 21 de outubro"}, {"id": "5648", "ano": "2022", "numero": "29", "tipo__sigla": "DD", "tipo__descricao": "Documentos da Diretoria", "assunto": "Informa gesta\u00e7\u00e3o e apresenta atestados m\u00e9dicos (Kainne Delfino Joanas)"}, {"id": "4227", "ano": "2022", "numero": "30", "tipo__sigla": "OFEXP", "tipo__descricao": "Of\u00edcio Expedido", "assunto": "Solicita interven\u00e7\u00e3o do MPMG (Taxas excessiva de esgoto)"}, {"id": "4318", "ano": "2022", "numero": "30", "tipo__sigla": "DI", "tipo__descricao": "Di\u00e1rias e documentos relativos", "assunto": "An\u00e1lise de presta\u00e7\u00e3o de contas do recebimento de di\u00e1rias Walter Silva (Belo Horizonte- 08/02/2022)"}, {"id": "4466", "ano": "2022", "numero": "30", "tipo__sigla": "OR", "tipo__descricao": "OF\u00cdCIOS RECEBIDOS", "assunto": "Resposta ao of\u00edcio 043 do Presidente Luiz Felipe Mendon\u00e7a Rodrigues"}, {"id": "4586", "ano": "2022", "numero": "30", "tipo__sigla": "OVC", "tipo__descricao": "Of\u00edcio de Vereador/Comiss\u00e3o", "assunto": "Solicita inscri\u00e7\u00e3o no curso \"Contrata\u00e7\u00e3o direta na nova lei de licita\u00e7\u00f5es (dispensa e inexigibilidade de licita\u00e7\u00e3o de acordo com a lei 14.133/2021\""}, {"id": "4626", "ano": "2022", "numero": "30", "tipo__sigla": "PARE", "tipo__descricao": "PARECER", "assunto": "Parecer Jur\u00eddico - Projeto de Lei Ordin\u00e1rio n\u00ba 11 - 2022 - Aumenta a margem de suplementa\u00e7\u00e3o da LOA de 20% para 25%."}, {"id": "4799", "ano": "2022", "numero": "30", "tipo__sigla": "OCI", "tipo__descricao": "Of\u00edcios da Controladoria Interna", "assunto": "Solicita a inscri\u00e7\u00e3o no curso \"Dispensa e Inexigibilidade conforme a Nova Lei de Licita\u00e7\u00f5es\"\u2013 que ser\u00e1 realizado dos dias 25/05/2022 a 27/05/2022 em Belo Horizonte\""}, {"id": "4962", "ano": "2022", "numero": "30", "tipo__sigla": "REV", "tipo__descricao": "Relat\u00f3rios de rodagem do ve\u00edculo e outros", "assunto": "Ir na secretaria de Sa\u00fade protocolar o Of\u00edcio 09/2022 da Comiss\u00e3o de Sa\u00fade"}, {"id": "4991", "ano": "2022", "numero": "30", "tipo__sigla": "MEM", "tipo__descricao": "Memorando", "assunto": "Solicita pagamento proporcional do 13\u00ba"}, {"id": "5058", "ano": "2022", "numero": "30", "tipo__sigla": "CERT", "tipo__descricao": "CERTIFICADO", "assunto": "Certifica que Felipe Tom\u00e9 Mota e Silva participou do curso: Fiscaliza\u00e7\u00e3o, controle e aprimoramento de rotinas legislativas nos dias 21 a 24 de junho na cidade de Belo Horizonte"}, {"id": "5221", "ano": "2022", "numero": "30", "tipo__sigla": "ODC", "tipo__descricao": "Of\u00edcio/documento Cont\u00e1bil", "assunto": "Resposta ao of\u00edcio 042 da controladoria interna"}, {"id": "5460", "ano": "2022", "numero": "30", "tipo__sigla": "ARO", "tipo__descricao": "ATAS DAS REUNI\u00d5ES ORDIN\u00c1RIAS", "assunto": "Ata da 30\u00aa reuni\u00e3o ordin\u00e1ria da 2\u00aa Sess\u00e3o Legislativa da 15\u00aa Legislatura da C\u00e2mara Municipal de Santana da Vargem"}, {"id": "5469", "ano": "2022", "numero": "30", "tipo__sigla": "AT", "tipo__descricao": "ATESTADO", "assunto": "Declara que Isabela Loure\u00e7\u00e3o Messias compareceu ao laborat\u00f3rio Breyner para coleta de material biol\u00f3gico 6:30 a 7:15"}, {"id": "5493", "ano": "2022", "numero": "30", "tipo__sigla": "DDCI", "tipo__descricao": "Documentos Diversos da Controladoria Interna", "assunto": "Movimenta\u00e7\u00e3o Banc\u00e1ria Mensal - Acumulada (setembro/2022)"}, {"id": "5529", "ano": "2022", "numero": "30", "tipo__sigla": "JUST", "tipo__descricao": "Justificativas", "assunto": "Autoriza\u00e7\u00e3o para jornada divergente Ruiter Silva de Oliveira 18/10/2022"}, {"id": "5690", "ano": "2022", "numero": "30", "tipo__sigla": "DD", "tipo__descricao": "Documentos da Diretoria", "assunto": "Cancelamento de restos a pagar referente a  solicita\u00e7\u00f5es de fornecimento n\u00e3o entregues  no exerc\u00edcio 2022"}, {"id": "4229", "ano": "2022", "numero": "31", "tipo__sigla": "OFEXP", "tipo__descricao": "Of\u00edcio Expedido", "assunto": "Encaminha as indica\u00e7\u00f5es 001, 002, 003, 004 e 005 do vereador Ezequiel da Silva"}, {"id": "4337", "ano": "2022", "numero": "31", "tipo__sigla": "DI", "tipo__descricao": "Di\u00e1rias e documentos relativos", "assunto": "Relat\u00f3rio de viagem Carlos Cezar Ribeiro (Belo Horizonte- 08/02/2022 a 11/02/2022)"}, {"id": "4467", "ano": "2022", "numero": "31", "tipo__sigla": "OR", "tipo__descricao": "OF\u00cdCIOS RECEBIDOS", "assunto": "Resposta ao of\u00edcio 051 do presidente Luiz Felipe Mendon\u00e7a Rodrigues"}, {"id": "4588", "ano": "2022", "numero": "31", "tipo__sigla": "OVC", "tipo__descricao": "Of\u00edcio de Vereador/Comiss\u00e3o", "assunto": "Solicita inscri\u00e7\u00e3o no curso \"Contrata\u00e7\u00e3o direta na nova lei de licita\u00e7\u00f5es (dispensa e inexigibilidade de licita\u00e7\u00e3o de acordo com a lei 14.133/2021\""}, {"id": "4627", "ano": "2022", "numero": "31", "tipo__sigla": "PARE", "tipo__descricao": "PARECER", "assunto": "Parecer Jur\u00eddico - Projeto de Lei Complementar - 06 - 2022 - Altera o Estatuto dos Servidores P\u00fablicos Municipais."}, {"id": "4800", "ano": "2022", "numero": "31", "tipo__sigla": "OCI", "tipo__descricao": "Of\u00edcios da Controladoria Interna", "assunto": "Solicita extratos de conta corrente e de aplica\u00e7\u00e3o financeira (abril/2022)."}, {"id": "4964", "ano": "2022", "numero": "31", "tipo__sigla": "REV", "tipo__descricao": "Relat\u00f3rios de rodagem do ve\u00edculo e outros", "assunto": "Ir na Apae-Santana da Vargem protocolar o of\u00edcio 10/2022 da Comiss\u00e3o de Sa\u00fade e Ir na papelaria Ferreira em Tr\u00eas Pontas"}, {"id": "5026", "ano": "2022", "numero": "31", "tipo__sigla": "MEM", "tipo__descricao": "Memorando", "assunto": "Solicita equipamento."}, {"id": "5063", "ano": "2022", "numero": "31", "tipo__sigla": "CERT", "tipo__descricao": "CERTIFICADO", "assunto": "Certifica que Ruiter Silva de Oliveira participou do curso: Fiscaliza\u00e7\u00e3o, controle e aprimoramento de rotinas legislativas , realizado nos dias 21 a 24 na cidade de Belo Horizonte"}, {"id": "5381", "ano": "2022", "numero": "31", "tipo__sigla": "ODC", "tipo__descricao": "Of\u00edcio/documento Cont\u00e1bil", "assunto": "Solicita autoriza\u00e7\u00e3o para pagamento das notas fiscais 4230/2022 e 4247/2022 referentes a cess\u00e3o de direito de uso de software"}, {"id": "5483", "ano": "2022", "numero": "31", "tipo__sigla": "ARO", "tipo__descricao": "ATAS DAS REUNI\u00d5ES ORDIN\u00c1RIAS", "assunto": "Ata da 31\u00aa reuni\u00e3o ordin\u00e1ria da 2\u00aa Sess\u00e3o Legislativa da 15\u00aa legislatura da C\u00e2mara Municipal de Santana da Vargem"}, {"id": "5523", "ano": "2022", "numero": "31", "tipo__sigla": "AT", "tipo__descricao": "ATESTADO", "assunto": "Atesta que Alanis Carolina encontra-se em tratamento m\u00e9dico, devendo ser afastado do trabalho por 01 dia a partir do dia 06/10/2022"}, {"id": "5542", "ano": "2022", "numero": "31", "tipo__sigla": "JUST", "tipo__descricao": "Justificativas", "assunto": "Justificativa dupla marca\u00e7\u00e3o de ponto Ruiter Silva de Oliveira 21/10/2022"}, {"id": "5603", "ano": "2022", "numero": "31", "tipo__sigla": "DDCI", "tipo__descricao": "Documentos Diversos da Controladoria Interna", "assunto": "Movimenta\u00e7\u00e3o Banc\u00e1ria Mensal - Detalhada (Outubro/2022)"}, {"id": "5755", "ano": "2022", "numero": "31", "tipo__sigla": "DD", "tipo__descricao": "Documentos da Diretoria", "assunto": "Solicitar abertura de processo para contrata\u00e7\u00e3o de servi\u00e7os de emiss\u00e3o de certificado digital para pessoa f\u00edsica do tipo A1 e certificado digital pessoa jur\u00eddica do tipo A1 para o novo presidente da C\u00e2mara Municipal de Santana da Vargem"}, {"id": "4230", "ano": "2022", "numero": "32", "tipo__sigla": "OFEXP", "tipo__descricao": "Of\u00edcio Expedido", "assunto": "Encaminha as indica\u00e7\u00f5es 010, 011, 012, 013 e 014 do Presidente da C\u00e2mara, Luiz Felipe Mendon\u00e7a Rodrigues"}, {"id": "4338", "ano": "2022", "numero": "32", "tipo__sigla": "DI", "tipo__descricao": "Di\u00e1rias e documentos relativos", "assunto": "Relat\u00f3rio de viagem Jackson Luiz Ven\u00e2ncio de Souza (Belo Horizonte- 01/02/2022 a 04/02/2022)"}, {"id": "4468", "ano": "2022", "numero": "32", "tipo__sigla": "OR", "tipo__descricao": "OF\u00cdCIOS RECEBIDOS", "assunto": "Resposta \u00e0s indica\u00e7\u00f5es 015, 016, 017, 18, 19 e 020 do presidente Luiz Felipe Mendon\u00e7a Rodrigues"}, {"id": "4589", "ano": "2022", "numero": "32", "tipo__sigla": "OVC", "tipo__descricao": "Of\u00edcio de Vereador/Comiss\u00e3o", "assunto": "Solicita inscri\u00e7\u00e3o no curso \"Contrata\u00e7\u00e3o direta na nova lei de licita\u00e7\u00f5es (dispensa e inexigibilidade de licita\u00e7\u00e3o de acordo com a lei 14.133/2021\""}, {"id": "4629", "ano": "2022", "numero": "32", "tipo__sigla": "PARE", "tipo__descricao": "PARECER", "assunto": "Parecer Jur\u00eddico - Projeto de Lei Complementar 07 - 2022 - Altera o Estatuto dos Servidores P\u00fablicos Municipais - 10% de efetivos para os cargos comissionados."}, {"id": "4816", "ano": "2022", "numero": "32", "tipo__sigla": "OCI", "tipo__descricao": "Of\u00edcios da Controladoria Interna", "assunto": "Documentos protocolados no Sistema de Apoio ao Processo Legislativo (SAPL)"}, {"id": "5008", "ano": "2022", "numero": "32", "tipo__sigla": "REV", "tipo__descricao": "Relat\u00f3rios de rodagem do ve\u00edculo e outros", "assunto": "Relat\u00f3rio de rodagem do veiculo oficial"}, {"id": "5097", "ano": "2022", "numero": "32", "tipo__sigla": "MEM", "tipo__descricao": "Memorando", "assunto": "Solicita pagamento de hora extra realizada"}, {"id": "5133", "ano": "2022", "numero": "32", "tipo__sigla": "CERT", "tipo__descricao": "CERTIFICADO", "assunto": "Comprova a participa\u00e7\u00e3o de Cleber de Brito nas atividades promovidas pelo CRCSP Programa de Educa\u00e7\u00e3o Continuada"}, {"id": "5395", "ano": "2022", "numero": "32", "tipo__sigla": "ODC", "tipo__descricao": "Of\u00edcio/documento Cont\u00e1bil", "assunto": "Resposta ao of\u00edcio 045/2022 da controladoria interna"}, {"id": "5519", "ano": "2022", "numero": "32", "tipo__sigla": "ARO", "tipo__descricao": "ATAS DAS REUNI\u00d5ES ORDIN\u00c1RIAS", "assunto": "Ata da 32\u00aa reuni\u00e3o ordin\u00e1ria da 2\u00aa sess\u00e3o legislativa da 15\u00aa legislatura da C\u00e2mara Municipal de Santana da Vargem"}, {"id": "5524", "ano": "2022", "numero": "32", "tipo__sigla": "AT", "tipo__descricao": "ATESTADO", "assunto": "Atesta que Alanis Carolina esteve sob tratamento m\u00e9dico, devendo ser afastada do servi\u00e7o por 2 dias a partir do dia 07/07/2022"}, {"id": "5604", "ano": "2022", "numero": "32", "tipo__sigla": "DDCI", "tipo__descricao": "Documentos Diversos da Controladoria Interna", "assunto": "Movimenta\u00e7\u00e3o Banc\u00e1ria Mensal - Resumida (outubro/2022)"}, {"id": "5645", "ano": "2022", "numero": "32", "tipo__sigla": "JUST", "tipo__descricao": "Justificativas", "assunto": "Autoriza\u00e7\u00e3o para jornada divergente Ruiter Silva de Oliveira 24/11/2022"}, {"id": "5807", "ano": "2022", "numero": "32", "tipo__sigla": "DD", "tipo__descricao": "Documentos da Diretoria", "assunto": "anula\u00e7\u00e3o de saldos restantes de empenhos"}, {"id": "4231", "ano": "2022", "numero": "33", "tipo__sigla": "OFEXP", "tipo__descricao": "Of\u00edcio Expedido", "assunto": "Encaminha o requerimento 01 feito pelos vereadores Ronalthe Dayglas Rocha e Jackson Luiz Ven\u00e2ncio de Souza"}, {"id": "4339", "ano": "2022", "numero": "33", "tipo__sigla": "DI", "tipo__descricao": "Di\u00e1rias e documentos relativos", "assunto": "C\u00e1lculo de quantidades e de valores a pagar de di\u00e1rias (Luiz Felipe Mendon\u00e7a Rodrigues 16/02/2022)"}, {"id": "4469", "ano": "2022", "numero": "33", "tipo__sigla": "OR", "tipo__descricao": "OF\u00cdCIOS RECEBIDOS", "assunto": "Resposta ao of\u00edcio 001 do vereador Ronalthe Dayglas Rocha"}, {"id": "4604", "ano": "2022", "numero": "33", "tipo__sigla": "OVC", "tipo__descricao": "Of\u00edcio de Vereador/Comiss\u00e3o", "assunto": "Solicita a retirada de pauta do projeto de lei 04 de 2022"}, {"id": "4631", "ano": "2022", "numero": "33", "tipo__sigla": "PARE", "tipo__descricao": "PARECER", "assunto": "Parecer Jur\u00eddico - Projeto de Lei Complementar 08 - 2022 - Altera o Estatuto dos Servidores P\u00fablicos Municipais"}, {"id": "4832", "ano": "2022", "numero": "33", "tipo__sigla": "OCI", "tipo__descricao": "Of\u00edcios da Controladoria Interna", "assunto": "Renova\u00e7\u00e3o de documento."}, {"id": "5051", "ano": "2022", "numero": "33", "tipo__sigla": "REV", "tipo__descricao": "Relat\u00f3rios de rodagem do ve\u00edculo e outros", "assunto": "Relat\u00f3rio de rodagem do ve\u00edculo: Buscar vereadores que estavam fazendo curso em BH  (Belo Horizonte 17/06/2022)"}, {"id": "5113", "ano": "2022", "numero": "33", "tipo__sigla": "MEM", "tipo__descricao": "Memorando", "assunto": "Solicita deferimento para participar do curso: Termo de refer\u00eancia e projeto b\u00e1sico- Nova lei n\u00ba 14.133/21"}, {"id": "5136", "ano": "2022", "numero": "33", "tipo__sigla": "CERT", "tipo__descricao": "CERTIFICADO", "assunto": "Comprova a participa\u00e7\u00e3o de Cleber de Brito nas atividades promovidas pelo CRCSP Programa de Educa\u00e7\u00e3o Continuada"}, {"id": "5480", "ano": "2022", "numero": "33", "tipo__sigla": "ODC", "tipo__descricao": "Of\u00edcio/documento Cont\u00e1bil", "assunto": "Resposta ao of\u00edcio 048/2022 da controladoria interna"}, {"id": "5531", "ano": "2022", "numero": "33", "tipo__sigla": "ARO", "tipo__descricao": "ATAS DAS REUNI\u00d5ES ORDIN\u00c1RIAS", "assunto": "Ata da 33\u00aa reuni\u00e3o ordin\u00e1ria da 2\u00aa Sess\u00e3o Legislativa da 15\u00aa legislatura da C\u00e2mara Municipal de Santana da Vargem"}, {"id": "5562", "ano": "2022", "numero": "33", "tipo__sigla": "AT", "tipo__descricao": "ATESTADO", "assunto": "Exame laboratorial Kainne Delfino Joanas 26/10/2022 (gravidez)"}, {"id": "5605", "ano": "2022", "numero": "33", "tipo__sigla": "DDCI", "tipo__descricao": "Documentos Diversos da Controladoria Interna", "assunto": "Movimenta\u00e7\u00e3o Banc\u00e1ria Mensal - Acumulada (outubro/2022)"}, {"id": "5659", "ano": "2022", "numero": "33", "tipo__sigla": "JUST", "tipo__descricao": "Justificativas", "assunto": "Autoriza\u00e7\u00e3o para jornada divergente Felipe Tom\u00e9 Mota e Silva 29/11/2022"}, {"id": "4232", "ano": "2022", "numero": "34", "tipo__sigla": "OFEXP", "tipo__descricao": "Of\u00edcio Expedido", "assunto": "Encaminha o requerimento 001 e as indica\u00e7\u00f5es 002, 003, 004 e 005 do vereador Ronalthe Dayglas Rocha"}, {"id": "4343", "ano": "2022", "numero": "34", "tipo__sigla": "DI", "tipo__descricao": "Di\u00e1rias e documentos relativos", "assunto": "Requerimento de concess\u00e3o de di\u00e1rias adiantadas Felipe Tom\u00e9 Mota e Silva (Belo Horizonte 18/02/2022)"}, {"id": "4510", "ano": "2022", "numero": "34", "tipo__sigla": "OR", "tipo__descricao": "OF\u00cdCIOS RECEBIDOS", "assunto": "Resposta ao of\u00edcio 077/2022  rela\u00e7\u00e3o servidores 2022"}, {"id": "4641", "ano": "2022", "numero": "34", "tipo__sigla": "PARE", "tipo__descricao": "PARECER", "assunto": "Parecer Jur\u00eddico - Inexigibilidade - Contrata\u00e7\u00e3o Direta na Nova Licita\u00e7\u00e3o \u2013 Dispensa e Inexigibilidade de Licita\u00e7\u00e3o de Acordo com a Lei n\u00ba 14.133 de 2021"}, {"id": "4674", "ano": "2022", "numero": "34", "tipo__sigla": "OVC", "tipo__descricao": "Of\u00edcio de Vereador/Comiss\u00e3o", "assunto": "Informa impossibilidade de realizar leitura de documentos durante reuni\u00f5es legislativas"}, {"id": "4847", "ano": "2022", "numero": "34", "tipo__sigla": "OCI", "tipo__descricao": "Of\u00edcios da Controladoria Interna", "assunto": "Solicita o cancelamento de inscri\u00e7\u00e3o em curso"}, {"id": "5056", "ano": "2022", "numero": "34", "tipo__sigla": "REV", "tipo__descricao": "Relat\u00f3rios de rodagem do ve\u00edculo e outros", "assunto": "Relat\u00f3rio de rodagem Felipe Tom\u00e9 (Belo Horizonte 21/06/2022):"}, {"id": "5140", "ano": "2022", "numero": "34", "tipo__sigla": "CERT", "tipo__descricao": "CERTIFICADO", "assunto": "Certificado - Participa\u00e7\u00e3o nas atividades promovidas pelo CRCSP Programa de Educa\u00e7\u00e3o Continuada"}, {"id": "5141", "ano": "2022", "numero": "34", "tipo__sigla": "MEM", "tipo__descricao": "Memorando", "assunto": "Memorando Assistente Legislativo\r\nSolicita deferimento para participar do Curso: Nova Lei de Licita\u00e7\u00f5es - Lei 14.133/2021"}, {"id": "5485", "ano": "2022", "numero": "34", "tipo__sigla": "ODC", "tipo__descricao": "Of\u00edcio/documento Cont\u00e1bil", "assunto": "Solicita autoriza\u00e7\u00e3o para pagamento da nota fiscal 4821/2022 e nota fiscal 4857/2022 referentes a cess\u00e3o de direito de uso de software para gest\u00e3o p\u00fablica municipal"}, {"id": "5550", "ano": "2022", "numero": "34", "tipo__sigla": "ARO", "tipo__descricao": "ATAS DAS REUNI\u00d5ES ORDIN\u00c1RIAS", "assunto": "Ata da 34\u00aa reuni\u00e3o ordin\u00e1ria da 2\u00aa sess\u00e3o legislativa da 15\u00aa Legislatura da C\u00e2mara Municipal de Santana da Vargem"}, {"id": "5576", "ano": "2022", "numero": "34", "tipo__sigla": "AT", "tipo__descricao": "ATESTADO", "assunto": "Atesta que Larissa Oliveira Naves  per\u00edodo de 01 dia a partir do dia 03/11/2022"}, {"id": "5706", "ano": "2022", "numero": "34", "tipo__sigla": "DDCI", "tipo__descricao": "Documentos Diversos da Controladoria Interna", "assunto": "Movimenta\u00e7\u00e3o Banc\u00e1ria Mensal - Detalhada (Novembro/2022)"}, {"id": "4257", "ano": "2022", "numero": "35", "tipo__sigla": "OFEXP", "tipo__descricao": "Of\u00edcio Expedido", "assunto": "Encaminha a indica\u00e7\u00e3o 001 feita pelo vereador Walter Silva"}, {"id": "4344", "ano": "2022", "numero": "35", "tipo__sigla": "DI", "tipo__descricao": "Di\u00e1rias e documentos relativos", "assunto": "Requerimento de concess\u00e3o de di\u00e1rias ao motorista (Belo Horizonte 18/02/2022)"}, {"id": "4514", "ano": "2022", "numero": "35", "tipo__sigla": "OR", "tipo__descricao": "OF\u00cdCIOS RECEBIDOS", "assunto": "Resposta ao of\u00edcio 01/2022: informa\u00e7\u00f5es sobre o abastecimento de medicamentos"}, {"id": "4642", "ano": "2022", "numero": "35", "tipo__sigla": "PARE", "tipo__descricao": "PARECER", "assunto": "Parecer Jur\u00eddico - Inexigibilidade - \u201cCompet\u00eancia e Legitimidade\u201d."}, {"id": "4714", "ano": "2022", "numero": "35", "tipo__sigla": "OVC", "tipo__descricao": "Of\u00edcio de Vereador/Comiss\u00e3o", "assunto": "Solicita retirada de pauta do projeto de lei ordin\u00e1ria do legislativo 41/2021"}, {"id": "4919", "ano": "2022", "numero": "35", "tipo__sigla": "OCI", "tipo__descricao": "Of\u00edcios da Controladoria Interna", "assunto": "Envio das declara\u00e7\u00f5es anuais de bens dos agentes p\u00fablicos do Poder Legislativo"}, {"id": "5151", "ano": "2022", "numero": "35", "tipo__sigla": "CERT", "tipo__descricao": "CERTIFICADO", "assunto": "Certificado - Participa\u00e7\u00e3o nas atividades promovidas pelo CRCSP Programa de Educa\u00e7\u00e3o Continuada\r\n22/07/2022"}, {"id": "5163", "ano": "2022", "numero": "35", "tipo__sigla": "MEM", "tipo__descricao": "Memorando", "assunto": "Requerimento para participa\u00e7\u00e3o no curso- Nova Lei de Licita\u00e7\u00f5es- Lei 14.133/2021"}, {"id": "5249", "ano": "2022", "numero": "35", "tipo__sigla": "REV", "tipo__descricao": "Relat\u00f3rios de rodagem do ve\u00edculo e outros", "assunto": "Relat\u00f3rio de viagem Belo Horizonte (02/08/2022 a 05/08/2022) \r\nOBS: Levar carro para fazer revis\u00e3o o ve\u00edculo apresenta barulho principalmente ao ligar, ar condicionado com mal cheiro"}, {"id": "5506", "ano": "2022", "numero": "35", "tipo__sigla": "ODC", "tipo__descricao": "Of\u00edcio/documento Cont\u00e1bil", "assunto": "Solicita concess\u00e3o de 10 dias de f\u00e9rias referentes ao per\u00edodo aquisitivo 2021/2022 e a convers\u00e3o de 10 (dez) dias em abono pecuni\u00e1rio (16 a 25 de novembro)"}, {"id": "5568", "ano": "2022", "numero": "35", "tipo__sigla": "ARO", "tipo__descricao": "ATAS DAS REUNI\u00d5ES ORDIN\u00c1RIAS", "assunto": "Ata da 35\u00aa reuni\u00e3o ordin\u00e1ria da 2\u00aa sess\u00e3o legislativa da 15\u00aa legislatura da C\u00e2mara Municipal de Santana da Vargem"}, {"id": "5707", "ano": "2022", "numero": "35", "tipo__sigla": "DDCI", "tipo__descricao": "Documentos Diversos da Controladoria Interna", "assunto": "Movimenta\u00e7\u00e3o Banc\u00e1ria Mensal - Resumida (Novembro/2022)"}, {"id": "5716", "ano": "2022", "numero": "35", "tipo__sigla": "AT", "tipo__descricao": "ATESTADO", "assunto": "Atesta que Kainne Delfino Joanas compareceu a unidade de sa\u00fade no dia 07/12/2022 das 7:00 at\u00e9 9:20"}, {"id": "4258", "ano": "2022", "numero": "36", "tipo__sigla": "OFEXP", "tipo__descricao": "Of\u00edcio Expedido", "assunto": "Encaminha a indica\u00e7\u00e3o 001 do vereador Jackson Luiz Ven\u00e2ncio de Souza"}, {"id": "4359", "ano": "2022", "numero": "36", "tipo__sigla": "DI", "tipo__descricao": "Di\u00e1rias e documentos relativos", "assunto": "Requerimento de concess\u00e3o de di\u00e1rias adiantadas Ruiter Silva de Oliveira (23/02/2021 a 25/02/2022)"}, {"id": "4515", "ano": "2022", "numero": "36", "tipo__sigla": "OR", "tipo__descricao": "OF\u00cdCIOS RECEBIDOS", "assunto": "Resposta ao of\u00edcio 008/2022 do vereador Jackson Luiz Ven\u00e2ncio de Souza ( Impacto )"}, {"id": "4672", "ano": "2022", "numero": "36", "tipo__sigla": "PARE", "tipo__descricao": "PARECER", "assunto": "Parecer Jur\u00eddico - Veto n\u00ba 02 - 2022 - Projeto de Lei Complementar 02 - 2022."}, {"id": "4721", "ano": "2022", "numero": "36", "tipo__sigla": "OVC", "tipo__descricao": "Of\u00edcio de Vereador/Comiss\u00e3o", "assunto": "Solicita  relat\u00f3rio com nome dos servidores p\u00fablicos da prefeitura"}, {"id": "4935", "ano": "2022", "numero": "36", "tipo__sigla": "OCI", "tipo__descricao": "Of\u00edcios da Controladoria Interna", "assunto": "Solicita extratos de conta corrente e de aplica\u00e7\u00e3o financeira (maio/2022)."}, {"id": "5178", "ano": "2022", "numero": "36", "tipo__sigla": "CERT", "tipo__descricao": "CERTIFICADO", "assunto": "Comprova a participa\u00e7\u00e3o de Cleber de Brito nas atividades promovidas pelo CRCSP Programa de Educa\u00e7\u00e3o Continuada (22/07/2022)"}, {"id": "5188", "ano": "2022", "numero": "36", "tipo__sigla": "MEM", "tipo__descricao": "Memorando", "assunto": "Requerimento acesso de acordo com a lei complementar 16 de 23 de julho de 2019 e regulamentada pela Resolu\u00e7\u00e3o 01 de 2020"}, {"id": "5250", "ano": "2022", "numero": "36", "tipo__sigla": "REV", "tipo__descricao": "Relat\u00f3rios de rodagem do ve\u00edculo e outros", "assunto": "Relat\u00f3rio de viagem 10/08/2022: Levar diretora Kainne e funcion\u00e1ria Alanis para levar or\u00e7amento no com\u00e9rcio local"}, {"id": "5572", "ano": "2022", "numero": "36", "tipo__sigla": "ODC", "tipo__descricao": "Of\u00edcio/documento Cont\u00e1bil", "assunto": "Solicita a autoriza\u00e7\u00e3o para o pagamento das notas fiscais n\u00ba 5295/2022 e 5335/2022 referentes a cess\u00e3o de direito de uso de software (memory)"}, {"id": "5596", "ano": "2022", "numero": "36", "tipo__sigla": "ARO", "tipo__descricao": "ATAS DAS REUNI\u00d5ES ORDIN\u00c1RIAS", "assunto": "Ata da 36\u00aa reuni\u00e3o ordin\u00e1ria da c\u00e2mara municipal de Santana da Vargem"}, {"id": "5708", "ano": "2022", "numero": "36", "tipo__sigla": "DDCI", "tipo__descricao": "Documentos Diversos da Controladoria Interna", "assunto": "Movimenta\u00e7\u00e3o Banc\u00e1ria Mensal - Acumulada (Novembro/2022)"}, {"id": "4259", "ano": "2022", "numero": "37", "tipo__sigla": "OFEXP", "tipo__descricao": "Of\u00edcio Expedido", "assunto": "Solicita informa\u00e7\u00f5es para instruir o Projeto de Lei Ordin\u00e1ria n\u00ba 63/2021"}, {"id": "4360", "ano": "2022", "numero": "37", "tipo__sigla": "DI", "tipo__descricao": "Di\u00e1rias e documentos relativos", "assunto": "Requerimento de concess\u00e3o de di\u00e1rias ao  motorista (Belo Horizonte 23/02/2022)"}, {"id": "4545", "ano": "2022", "numero": "37", "tipo__sigla": "OR", "tipo__descricao": "OF\u00cdCIOS RECEBIDOS", "assunto": "balancetes de Receitas e despesas referentes ao m\u00eas de janeiro de 2022"}, {"id": "4676", "ano": "2022", "numero": "37", "tipo__sigla": "PARE", "tipo__descricao": "PARECER", "assunto": "Parecer Jur\u00eddico - Preg\u00e3o - Deserto - Material de Limpeza"}, {"id": "4732", "ano": "2022", "numero": "37", "tipo__sigla": "OVC", "tipo__descricao": "Of\u00edcio de Vereador/Comiss\u00e3o", "assunto": "Solicita informa\u00e7\u00f5es a respeito do tombamento da Pra\u00e7a Teomara Maise Correa"}, {"id": "4955", "ano": "2022", "numero": "37", "tipo__sigla": "OCI", "tipo__descricao": "Of\u00edcios da Controladoria Interna", "assunto": "Documentos protocolados no Sistema de Apoio ao Processo Legislativo (SAPL)"}, {"id": "5179", "ano": "2022", "numero": "37", "tipo__sigla": "CERT", "tipo__descricao": "CERTIFICADO", "assunto": "Comprova a participa\u00e7\u00e3o de Cleber de Brito nas atividades promovidas pelo CRCSP Programa de Educa\u00e7\u00e3o Continuada (26/07/2022)"}, {"id": "5194", "ano": "2022", "numero": "37", "tipo__sigla": "MEM", "tipo__descricao": "Memorando", "assunto": "Solicita\u00e7\u00e3o do notebook e material de trabalho"}, {"id": "5251", "ano": "2022", "numero": "37", "tipo__sigla": "REV", "tipo__descricao": "Relat\u00f3rios de rodagem do ve\u00edculo e outros", "assunto": "Relat\u00f3rio de viagem 10/08/2022: Levar funcion\u00e1ria Alanis na padaria levar documentos"}, {"id": "5597", "ano": "2022", "numero": "37", "tipo__sigla": "ODC", "tipo__descricao": "Of\u00edcio/documento Cont\u00e1bil", "assunto": "Solicita abertura de processo licitat\u00f3rio para treinamento das rotinas do e-social e DCTFWeb"}, {"id": "5635", "ano": "2022", "numero": "37", "tipo__sigla": "ARO", "tipo__descricao": "ATAS DAS REUNI\u00d5ES ORDIN\u00c1RIAS", "assunto": "Ata da 37\u00aa reuni\u00e3o ordin\u00e1ria da 2\u00aa Sess\u00e3o Legislativa da 15\u00aa Legislatura da C\u00e2mara Municipal de Santana da Vargem"}, {"id": "4260", "ano": "2022", "numero": "38", "tipo__sigla": "OFEXP", "tipo__descricao": "Of\u00edcio Expedido", "assunto": "Encaminha as indica\u00e7\u00f5es 004, 005, 006 e 007 e os requerimentos 001 e 0002 do vereador Vitor Donizetti Siqueira Junior"}, {"id": "4372", "ano": "2022", "numero": "38", "tipo__sigla": "DI", "tipo__descricao": "Di\u00e1rias e documentos relativos", "assunto": "C\u00e1lculo de quantidades e de valores a pagar di\u00e1rias (Monte Verde-MG 18/02/2022)"}, {"id": "4555", "ano": "2022", "numero": "38", "tipo__sigla": "OR", "tipo__descricao": "OF\u00cdCIOS RECEBIDOS", "assunto": "Of\u00edcio 64 prefeitura: resposta ao of\u00edcio 63/2022 solicitando desligamento do vereador Jackson Luiz Ven\u00e2ncio de Souza do Conselho Municipal de Esporte"}, {"id": "4677", "ano": "2022", "numero": "38", "tipo__sigla": "PARE", "tipo__descricao": "PARECER", "assunto": "Parecer Jur\u00eddico - Preg\u00e3o - Deserto - Produtos Aliment\u00edcios."}, {"id": "4733", "ano": "2022", "numero": "38", "tipo__sigla": "OVC", "tipo__descricao": "Of\u00edcio de Vereador/Comiss\u00e3o", "assunto": "Solicita a manuten\u00e7\u00e3o na recep\u00e7\u00e3o dos sinais da Rede Globo do munic\u00edpio de Santana da Vargem"}, {"id": "5109", "ano": "2022", "numero": "38", "tipo__sigla": "OCI", "tipo__descricao": "Of\u00edcios da Controladoria Interna", "assunto": "Extratos de conta corrente e de aplica\u00e7\u00e3o financeira (junho/2022)"}, {"id": "5180", "ano": "2022", "numero": "38", "tipo__sigla": "CERT", "tipo__descricao": "CERTIFICADO", "assunto": "Comprova a participa\u00e7\u00e3o de Cleber de Brito nas atividades promovidas pelo CRCSP Programa de Educa\u00e7\u00e3o Continuada (27/07/2022)"}, {"id": "5260", "ano": "2022", "numero": "38", "tipo__sigla": "REV", "tipo__descricao": "Relat\u00f3rios de rodagem do ve\u00edculo e outros", "assunto": "Relat\u00f3rio de rodagem 11/08/2022"}, {"id": "5265", "ano": "2022", "numero": "38", "tipo__sigla": "MEM", "tipo__descricao": "Memorando", "assunto": "Solicita concess\u00e3o de f\u00e9rias do dia 15 at\u00e9 dia 13 e f\u00e9rias premio do dia 14 at\u00e9 o dia 13 de outubro e folga do anivers\u00e1rio dia 14"}, {"id": "5602", "ano": "2022", "numero": "38", "tipo__sigla": "ODC", "tipo__descricao": "Of\u00edcio/documento Cont\u00e1bil", "assunto": "Resposta ao of\u00edcio 050/2022 controladoria interna"}, {"id": "5662", "ano": "2022", "numero": "38", "tipo__sigla": "ARO", "tipo__descricao": "ATAS DAS REUNI\u00d5ES ORDIN\u00c1RIAS", "assunto": "Ata da 38\u00aa reuni\u00e3o ordin\u00e1ria da 2\u00aa Sess\u00e3o Legislativa da 15\u00aa Legislatura da C\u00e2mara Municipal de Santana"}, {"id": "4261", "ano": "2022", "numero": "39", "tipo__sigla": "OFEXP", "tipo__descricao": "Of\u00edcio Expedido", "assunto": "Encaminha as indica\u00e7\u00f5es 006, 007, 008 e 009 do vereador Ezequiel da Silva"}, {"id": "4373", "ano": "2022", "numero": "39", "tipo__sigla": "DI", "tipo__descricao": "Di\u00e1rias e documentos relativos", "assunto": "C\u00e1lculo de quantidades e de valores a pagar de di\u00e1rias (Monte Verde 18/02/2022)"}, {"id": "4556", "ano": "2022", "numero": "39", "tipo__sigla": "OR", "tipo__descricao": "OF\u00cdCIOS RECEBIDOS", "assunto": "Of\u00edcio 65 prefeitura: resposta \u00e0 indica\u00e7\u00e3o 21 do Presidente da C\u00e2mara"}, {"id": "4679", "ano": "2022", "numero": "39", "tipo__sigla": "PARE", "tipo__descricao": "PARECER", "assunto": "Parecer Jur\u00eddico - Preg\u00e3o - Deserta - Mini Salgados."}, {"id": "4737", "ano": "2022", "numero": "39", "tipo__sigla": "OVC", "tipo__descricao": "Of\u00edcio de Vereador/Comiss\u00e3o", "assunto": "Solicita a presen\u00e7a de hor\u00e1rio de entrada e sa\u00edda dos m\u00e9dicos de fonoaudiologia efetivados no per\u00edodo de 01/01/2022 a 20/04/2022"}, {"id": "5118", "ano": "2022", "numero": "39", "tipo__sigla": "OCI", "tipo__descricao": "Of\u00edcios da Controladoria Interna", "assunto": "Documentos protocolados no Sistema de Apoio ao Processo Legislativo-SAPL (movimenta\u00e7\u00f5es banc\u00e1rias m\u00eas de junho)"}, {"id": "5181", "ano": "2022", "numero": "39", "tipo__sigla": "CERT", "tipo__descricao": "CERTIFICADO", "assunto": "Comprova a participa\u00e7\u00e3o de Cleber de Brito nas atividades promovidas pelo CRCSP Programa de Educa\u00e7\u00e3o Continuada (28/07/2022)"}, {"id": "5266", "ano": "2022", "numero": "39", "tipo__sigla": "REV", "tipo__descricao": "Relat\u00f3rios de rodagem do ve\u00edculo e outros", "assunto": "Relat\u00f3rio Rodagem ve\u00edculo Emerson 11/08/2022"}, {"id": "5307", "ano": "2022", "numero": "39", "tipo__sigla": "MEM", "tipo__descricao": "Memorando", "assunto": "Solicita inscri\u00e7\u00e3o no curso \"A possibilidade da interfer\u00eancia do poder judici\u00e1rio na discricionariedade da administra\u00e7\u00e3o p\u00fablica\""}, {"id": "5652", "ano": "2022", "numero": "39", "tipo__sigla": "ODC", "tipo__descricao": "Of\u00edcio/documento Cont\u00e1bil", "assunto": "Solicita abertura de processo licitat\u00f3rio para contrata\u00e7\u00e3o de empresa para elabora\u00e7\u00e3o de Laudo T\u00e9cnico de Condi\u00e7\u00f5es Ambientais do Trabalho - LTCAT para atender o e-social"}, {"id": "5714", "ano": "2022", "numero": "39", "tipo__sigla": "ARO", "tipo__descricao": "ATAS DAS REUNI\u00d5ES ORDIN\u00c1RIAS", "assunto": "Ata da 39\u00aa reuni\u00e3o ordin\u00e1ria da 2\u00aa Sess\u00e3o Legislativa da 15\u00aa Legislatura"}, {"id": "4266", "ano": "2022", "numero": "40", "tipo__sigla": "OFEXP", "tipo__descricao": "Of\u00edcio Expedido", "assunto": "Encaminha a indica\u00e7\u00e3o 001 da vereadora Maria Aparecida de Ara\u00fajo Reis"}, {"id": "4374", "ano": "2022", "numero": "40", "tipo__sigla": "DI", "tipo__descricao": "Di\u00e1rias e documentos relativos", "assunto": "An\u00e1lise da presta\u00e7\u00e3o de contas do recebimento de di\u00e1rias Carlos Cezar Ribeiro (Belo Horizonte 08/02/2022)"}, {"id": "4557", "ano": "2022", "numero": "40", "tipo__sigla": "OR", "tipo__descricao": "OF\u00cdCIOS RECEBIDOS", "assunto": "Of\u00edcio 66 prefeitura: resposta \u00e0s indica\u00e7\u00f5es 011/, 012 e 013 do vereador Ezequiel da Silva."}, {"id": "4681", "ano": "2022", "numero": "40", "tipo__sigla": "PARE", "tipo__descricao": "PARECER", "assunto": "Parecer Jur\u00eddico - Panifica\u00e7\u00e3o - Preg\u00e3o - N\u00e3o regularizou a documenta\u00e7\u00e3o."}, {"id": "4738", "ano": "2022", "numero": "40", "tipo__sigla": "OVC", "tipo__descricao": "Of\u00edcio de Vereador/Comiss\u00e3o", "assunto": "Solicita c\u00f3pia de todos os atestados m\u00e9dicos de afastamento de sa\u00fade das m\u00e9dicas fonoaudi\u00f3logas"}, {"id": "5169", "ano": "2022", "numero": "40", "tipo__sigla": "OCI", "tipo__descricao": "Of\u00edcios da Controladoria Interna", "assunto": "Devolu\u00e7\u00e3o de equipamentos"}, {"id": "5223", "ano": "2022", "numero": "40", "tipo__sigla": "CERT", "tipo__descricao": "CERTIFICADO", "assunto": "Certifica que Ruiter  Silva de Oliveira participou do curso Licita\u00e7\u00e3o nos dias 03, 04, 05 de agosto de 2022"}, {"id": "5324", "ano": "2022", "numero": "40", "tipo__sigla": "MEM", "tipo__descricao": "Memorando", "assunto": "Requer concess\u00e3o de f\u00e9rias nos dias 12 a 21 de setembro de 2022 (Cleber de Brito)"}, {"id": "5406", "ano": "2022", "numero": "40", "tipo__sigla": "REV", "tipo__descricao": "Relat\u00f3rios de rodagem do ve\u00edculo e outros", "assunto": "Relat\u00f3rio viagem Lincoln 30/08/2022: Levar os veradores Vitor Junior, Ezequiel, Ronalthe e Jackson em Belo Horizonte para fazerem curso"}, {"id": "5692", "ano": "2022", "numero": "40", "tipo__sigla": "ODC", "tipo__descricao": "Of\u00edcio/documento Cont\u00e1bil", "assunto": "Informa sobre despesas inscritas em resto a pagar"}, {"id": "5745", "ano": "2022", "numero": "40", "tipo__sigla": "ARO", "tipo__descricao": "ATAS DAS REUNI\u00d5ES ORDIN\u00c1RIAS", "assunto": "Ata da 40\u00aa Reuni\u00e3o Ordin\u00e1ria da 2\u00aa Sess\u00e3o Legislativa da 15\u00aa Legislatura da C\u00e2mara Municipal de Santana da Vargem"}, {"id": "4281", "ano": "2022", "numero": "41", "tipo__sigla": "OFEXP", "tipo__descricao": "Of\u00edcio Expedido", "assunto": "Processo de inexigibilidade de servi\u00e7os de abastecimento de \u00e1gua tratada e servi\u00e7os de esgoto"}, {"id": "4382", "ano": "2022", "numero": "41", "tipo__sigla": "DI", "tipo__descricao": "Di\u00e1rias e documentos relativos", "assunto": "C\u00e1lculo de quantidades e de valores a pagar de di\u00e1rias Felipe Tom\u00e9 Mota e Silva (Belo Horizonte- 23/02/2022 a 25/02/2022)"}, {"id": "4558", "ano": "2022", "numero": "41", "tipo__sigla": "OR", "tipo__descricao": "OF\u00cdCIOS RECEBIDOS", "assunto": "Of\u00edcio 66 prefeitura: resposta \u00e0s indica\u00e7\u00f5es 013, 014, 015  e 016 do vereador Vitor Donizetti Siqueira Junior"}, {"id": "4698", "ano": "2022", "numero": "41", "tipo__sigla": "PARE", "tipo__descricao": "PARECER", "assunto": "Parecer Jur\u00eddico - Veto - Lei Complementar 01 - 2022."}, {"id": "4739", "ano": "2022", "numero": "41", "tipo__sigla": "OVC", "tipo__descricao": "Of\u00edcio de Vereador/Comiss\u00e3o", "assunto": "Solicita c\u00f3pia de protocolo/documento de  encaminhamento de atendimento de fonoaudi\u00f3loga para a Sr. Leda Caires Bastos"}, {"id": "5170", "ano": "2022", "numero": "41", "tipo__sigla": "OCI", "tipo__descricao": "Of\u00edcios da Controladoria Interna", "assunto": "Solicita\u00e7\u00e3o de equipamento"}, {"id": "5238", "ano": "2022", "numero": "41", "tipo__sigla": "CERT", "tipo__descricao": "CERTIFICADO", "assunto": "Certifica que Maria Aparecida de Ara\u00fajo Reis concluiu o curso \"Licita\u00e7\u00e3o\" realizado nos dias 03, 04, 05 de agosto em Belo Horizonte"}, {"id": "5338", "ano": "2022", "numero": "41", "tipo__sigla": "MEM", "tipo__descricao": "Memorando", "assunto": "Informa a respeito da instru\u00e7\u00e3o normativa 02/2021 que disp\u00f5e sobre o procedimento administrativo para solicita\u00e7\u00e3o, concess\u00e3o e a presta\u00e7\u00e3o de contas do recebimento de di\u00e1rias (referente aos requerimentos de di\u00e1rias dos vereadores Vitor, Ronalthe e Jackson)"}, {"id": "5407", "ano": "2022", "numero": "41", "tipo__sigla": "REV", "tipo__descricao": "Relat\u00f3rios de rodagem do ve\u00edculo e outros", "assunto": "Relat\u00f3rio rodagem Kainne Delfino 31/08/2022: Ir na Empresa Erick Art ver a respeito de adesivos faixa de seguran\u00e7a de sinaliza\u00e7\u00e3o para as portas do plen\u00e1rio"}, {"id": "5693", "ano": "2022", "numero": "41", "tipo__sigla": "ODC", "tipo__descricao": "Of\u00edcio/documento Cont\u00e1bil", "assunto": "Solicita autoriza\u00e7\u00e3o para o pagamento de notas fiscais referentes a cess\u00e3o de direito de uso de software"}, {"id": "5787", "ano": "2022", "numero": "41", "tipo__sigla": "ARO", "tipo__descricao": "ATAS DAS REUNI\u00d5ES ORDIN\u00c1RIAS", "assunto": "Ata da 41\u00aa reuni\u00e3o ordin\u00e1ria, da 2\u00aa sess\u00e3o legislativa da 15\u00aa legislatura da C\u00e2mara Municipal de Santana da Vargem"}, {"id": "4282", "ano": "2022", "numero": "42", "tipo__sigla": "OFEXP", "tipo__descricao": "Of\u00edcio Expedido", "assunto": "Processo de inexigibilidade energia el\u00e9trica"}, {"id": "4383", "ano": "2022", "numero": "42", "tipo__sigla": "DI", "tipo__descricao": "Di\u00e1rias e documentos relativos", "assunto": "C\u00e1lculo de quantidades e valores a pagar de di\u00e1rias Alanis Carolina de Oliveira (Belo Horizonte 23/02/2022 a 25/02/2022)"}, {"id": "4559", "ano": "2022", "numero": "42", "tipo__sigla": "OR", "tipo__descricao": "OF\u00cdCIOS RECEBIDOS", "assunto": "Of\u00edcio 68 prefeitura: resposta ao requerimento 008 e \u00e0s indica\u00e7\u00f5es 008, 009 e 010 do vereador Vitor Donzetti Siqueira Junior"}, {"id": "4709", "ano": "2022", "numero": "42", "tipo__sigla": "PARE", "tipo__descricao": "PARECER", "assunto": "Parecer Jur\u00eddico - Aquisi\u00e7\u00e3o de Toner para impressora - Dispensa."}, {"id": "4740", "ano": "2022", "numero": "42", "tipo__sigla": "OVC", "tipo__descricao": "Of\u00edcio de Vereador/Comiss\u00e3o", "assunto": "Solicita c\u00f3pia de protocolo/documento para atendimento m\u00e9dico de fonoaudi\u00f3loga para a Sra. Leda Caires Bastos"}, {"id": "5210", "ano": "2022", "numero": "42", "tipo__sigla": "OCI", "tipo__descricao": "Of\u00edcios da Controladoria Interna", "assunto": "Extratos de conta corrente e de aplica\u00e7\u00e3o financeira (julho 2022)"}, {"id": "5254", "ano": "2022", "numero": "42", "tipo__sigla": "CERT", "tipo__descricao": "CERTIFICADO", "assunto": "Certifica que Alanis Carolina de Oliveira Moreira concluiu o curso \"Licita\u00e7\u00e3o\" nos dias 03, 04, 05 de agosto"}, {"id": "5344", "ano": "2022", "numero": "42", "tipo__sigla": "MEM", "tipo__descricao": "Memorando", "assunto": "Solicita informa\u00e7\u00f5es da procuradoria legislativa (Lei complementar n\u00ba173/2020 que estabelece o Programa Federativo de Enfrentamento ao Coronav\u00edrus- Covid 19)"}, {"id": "5408", "ano": "2022", "numero": "42", "tipo__sigla": "REV", "tipo__descricao": "Relat\u00f3rios de rodagem do ve\u00edculo e outros", "assunto": "Relat\u00f3rio de rodagem Lincoln Figueiredo 02/09/2022: Buscar os vereadores que estavam fazendo curso em Belo Horizonte"}, {"id": "5696", "ano": "2022", "numero": "42", "tipo__sigla": "ODC", "tipo__descricao": "Of\u00edcio/documento Cont\u00e1bil", "assunto": "Resposta ao of\u00edcio 053 controladoria interna"}, {"id": "5788", "ano": "2022", "numero": "42", "tipo__sigla": "ARO", "tipo__descricao": "ATAS DAS REUNI\u00d5ES ORDIN\u00c1RIAS", "assunto": "Ata da 42\u00aa reuni\u00e3o ordin\u00e1ria da 2\u00aa sess\u00e3o legislativa da 15\u00aa legislatura"}, {"id": "4285", "ano": "2022", "numero": "43", "tipo__sigla": "OFEXP", "tipo__descricao": "Of\u00edcio Expedido", "assunto": "Solicita informa\u00e7\u00f5es a respeito da entrega dos kits escolares"}, {"id": "4384", "ano": "2022", "numero": "43", "tipo__sigla": "DI", "tipo__descricao": "Di\u00e1rias e documentos relativos", "assunto": "C\u00e1lculo de quantidade e valores a pagar di\u00e1rias Ruiter Silva de Oliveira (Belo Horizonte 23/02/2022 a 25/02/2022)"}, {"id": "4560", "ano": "2022", "numero": "43", "tipo__sigla": "OR", "tipo__descricao": "OF\u00cdCIOS RECEBIDOS", "assunto": "Of\u00edcio 69 prefeitura:  Resposta \u00e0 indica\u00e7\u00e3o 022 do presidente"}, {"id": "4710", "ano": "2022", "numero": "43", "tipo__sigla": "PARE", "tipo__descricao": "PARECER", "assunto": "Parecer Jur\u00eddico - Preg\u00e3o - Material de Expediente."}, {"id": "4746", "ano": "2022", "numero": "43", "tipo__sigla": "OVC", "tipo__descricao": "Of\u00edcio de Vereador/Comiss\u00e3o", "assunto": "Convoca membros da Comiss\u00e3o Legisla\u00e7\u00e3o, Justi\u00e7a e Reda\u00e7\u00e3o Final  reuni\u00e3o 25/04/2022 \u00e0s 15:00h"}, {"id": "5227", "ano": "2022", "numero": "43", "tipo__sigla": "OCI", "tipo__descricao": "Of\u00edcios da Controladoria Interna", "assunto": "Documentos protocolados no Sistema de Apoio ao Processo Legislativo (SAPL) (per\u00edodo 1\u00ba de julho a 31 de julho de 2022)"}, {"id": "5375", "ano": "2022", "numero": "43", "tipo__sigla": "CERT", "tipo__descricao": "CERTIFICADO", "assunto": "Certifica que Ezequiel da Silva participou do 431\u00ba Curso de Capacita\u00e7\u00e3o com o tema: \"A estrutura do or\u00e7amento p\u00fablico e a implementa\u00e7\u00e3o e execu\u00e7\u00e3o de emendas parlamentares impositivas\" realizado no per\u00edodo de 30 de agosto a 02 de setembro"}, {"id": "5409", "ano": "2022", "numero": "43", "tipo__sigla": "REV", "tipo__descricao": "Relat\u00f3rios de rodagem do ve\u00edculo e outros", "assunto": "Relat\u00f3rio de rodagem Kainne 06/09/2022: Devido a reforma na \u00e1rea externa da C\u00e2mara, o ve\u00edculo do legislativo ter\u00e1 que ficar no almoxarifado junto com os outros ve\u00edculos do munic\u00edpio"}, {"id": "5537", "ano": "2022", "numero": "43", "tipo__sigla": "MEM", "tipo__descricao": "Memorando", "assunto": "Solicita autoriza\u00e7\u00e3o para compensa\u00e7\u00e3o de horas faltas referente ao dia 20 de outubro de 2022 por horas extras"}, {"id": "5702", "ano": "2022", "numero": "43", "tipo__sigla": "ODC", "tipo__descricao": "Of\u00edcio/documento Cont\u00e1bil", "assunto": "Solicita a autoriza\u00e7\u00e3o para pagamento de notas fiscais referentes a cess\u00e3o de direito de uso de software no m\u00eas de dezembro"}, {"id": "4286", "ano": "2022", "numero": "44", "tipo__sigla": "OFEXP", "tipo__descricao": "Of\u00edcio Expedido", "assunto": "Solicita reconstru\u00e7\u00e3o das ruas abaixo mencionadas e convoca o secret\u00e1rio de obras"}, {"id": "4387", "ano": "2022", "numero": "44", "tipo__sigla": "DI", "tipo__descricao": "Di\u00e1rias e documentos relativos", "assunto": "Relat\u00f3rio de viagem Felipe Tom\u00e9 Mota e Silva ( Monte Verde 18/02/2022)"}, {"id": "4561", "ano": "2022", "numero": "44", "tipo__sigla": "OR", "tipo__descricao": "OF\u00cdCIOS RECEBIDOS", "assunto": "Of\u00edcio 070 prefeitura: resposta ao requerimento 003 e \u00e0s indica\u00e7\u00f5es 0017 e 0018 do vereador Vitor Donizetti Siqueira Junior"}, {"id": "4717", "ano": "2022", "numero": "44", "tipo__sigla": "PARE", "tipo__descricao": "PARECER", "assunto": "Parecer Jur\u00eddico - Projeto de Lei Ordin\u00e1ria n\u00ba 45 - 2021 - Altera Lei do Reurb."}, {"id": "4747", "ano": "2022", "numero": "44", "tipo__sigla": "OVC", "tipo__descricao": "Of\u00edcio de Vereador/Comiss\u00e3o", "assunto": "Solicita a apresenta\u00e7\u00e3o do documento de n\u00famero 801/2022 em plen\u00e1rio para conhecimento dos vereadores"}, {"id": "5259", "ano": "2022", "numero": "44", "tipo__sigla": "OCI", "tipo__descricao": "Of\u00edcios da Controladoria Interna", "assunto": "Envio das declara\u00e7\u00f5es anuais de bens dos agentes p\u00fablicos do Poder Legislativo"}, {"id": "5376", "ano": "2022", "numero": "44", "tipo__sigla": "CERT", "tipo__descricao": "CERTIFICADO", "assunto": "Certifica que Vitor Donizetti Siqueira Junior participou do 431\u00ba Curso de Capacita\u00e7\u00e3o com o tema: \"A estrutura do or\u00e7amento p\u00fablico e a implementa\u00e7\u00e3o e execu\u00e7\u00e3o de emendas parlamentares impositivas\" realizado no per\u00edodo de 30 de agosto a 02 de setembro"}, {"id": "5410", "ano": "2022", "numero": "44", "tipo__sigla": "REV", "tipo__descricao": "Relat\u00f3rios de rodagem do ve\u00edculo e outros", "assunto": "Relat\u00f3rio de rodagem Lincoln: Ir no minist\u00e9rio p\u00fablico levar o vereador Carlos C\u00e9zar Ribeiro para protocolar uns documentos a respeito do processo legislativo do atendimento da mun\u00edcipe Leda"}, {"id": "5555", "ano": "2022", "numero": "44", "tipo__sigla": "MEM", "tipo__descricao": "Memorando", "assunto": "Solicita inscri\u00e7\u00e3o em curso de capacita\u00e7\u00e3o de coordenadores do projeto parlamento jovem 2023 da assembleia legislativa de minas gerais 2023"}, {"id": "5712", "ano": "2022", "numero": "44", "tipo__sigla": "ODC", "tipo__descricao": "Of\u00edcio/documento Cont\u00e1bil", "assunto": "Resposta ao of\u00edcio 244/2022 da presid\u00eancia (informa proje\u00e7\u00e3o de gastos para implementa\u00e7\u00e3o de plano de sa\u00fade)"}, {"id": "4319", "ano": "2022", "numero": "45", "tipo__sigla": "OFEXP", "tipo__descricao": "Of\u00edcio Expedido", "assunto": "Encaminha os requerimentos 002 e 003 e as indica\u00e7\u00f5es 0006, 007 e 008 do vereador Ronalthe Daygla Rocha"}, {"id": "4400", "ano": "2022", "numero": "45", "tipo__sigla": "DI", "tipo__descricao": "Di\u00e1rias e documentos relativos", "assunto": "Relat\u00f3rio de viagem e certificado de Ruiter Silva de Oliveira referentes a curso realizado dos dias 23 a 25 de fevereiro."}, {"id": "4562", "ano": "2022", "numero": "45", "tipo__sigla": "OR", "tipo__descricao": "OF\u00cdCIOS RECEBIDOS", "assunto": "Of\u00edcio 71 prefeitura: resposta \u00e0s indica\u00e7\u00f5es 005, 006 e 007 do vereador Jackson Luiz Ven\u00e2ncio"}, {"id": "4718", "ano": "2022", "numero": "45", "tipo__sigla": "PARE", "tipo__descricao": "PARECER", "assunto": "Parecer Jur\u00eddico - Projeto de Lei Complementar 06 - 2022 - versa acerca do pedido do Poder Executivo para que seja autorizado a reduzir a faixa n\u00e3o edific\u00e1vel cont\u00edgua \u00e0s faixas de dom\u00ednio p\u00fablico de rodovias no \u00e2mbito de Santana da Vargem."}, {"id": "4748", "ano": "2022", "numero": "45", "tipo__sigla": "OVC", "tipo__descricao": "Of\u00edcio de Vereador/Comiss\u00e3o", "assunto": "Convoca Comiss\u00e3o de Obras, Servi\u00e7os P\u00fablicos Agroind\u00fastria, Com\u00e9rcio e Turismo para reuni\u00e3o ordin\u00e1ria 25/04/2022  as 15:00"}, {"id": "5377", "ano": "2022", "numero": "45", "tipo__sigla": "CERT", "tipo__descricao": "CERTIFICADO", "assunto": "Certifica que Ronalthe Dayglas Rocha participou do 431\u00ba Curso de Capacita\u00e7\u00e3o com o tema: \"A estrutura do or\u00e7amento p\u00fablico e a implementa\u00e7\u00e3o e execu\u00e7\u00e3o de emendas parlamentares impositivas\" realizado no per\u00edodo de 30 de agosto a 02 de setembro"}, {"id": "5394", "ano": "2022", "numero": "45", "tipo__sigla": "OCI", "tipo__descricao": "Of\u00edcios da Controladoria Interna", "assunto": "Extratos de conta corrente de aplica\u00e7\u00e3o financeira (agosto/2022)"}, {"id": "5424", "ano": "2022", "numero": "45", "tipo__sigla": "REV", "tipo__descricao": "Relat\u00f3rios de rodagem do ve\u00edculo e outros", "assunto": "Relat\u00f3rio de rodagem do ve\u00edculo 14/09/2022: Ir junto com a comiss\u00e3o de licita\u00e7\u00e3o em Tr\u00eas Pontas buscar cota\u00e7\u00f5es de refil de filtro dos purificadores da C\u00e2mara"}, {"id": "5607", "ano": "2022", "numero": "45", "tipo__sigla": "MEM", "tipo__descricao": "Memorando", "assunto": "Solicita autoriza\u00e7\u00e3o para compensa\u00e7\u00e3o de horas faltas em horas extras"}, {"id": "4320", "ano": "2022", "numero": "46", "tipo__sigla": "OFEXP", "tipo__descricao": "Of\u00edcio Expedido", "assunto": "Encaminha indica\u00e7\u00f5es 015, 016, 017, 018, 019 e 020 do presidente Luiz Felipe Mendon\u00e7a Rodrigues"}, {"id": "4403", "ano": "2022", "numero": "46", "tipo__sigla": "DI", "tipo__descricao": "Di\u00e1rias e documentos relativos", "assunto": "Requerimento de concess\u00e3o de di\u00e1rias adiantadas Luiz Felipe Mendon\u00e7a Rodrigues (Belo Horizonte- 08/03/2022)"}, {"id": "4563", "ano": "2022", "numero": "46", "tipo__sigla": "OR", "tipo__descricao": "OF\u00cdCIOS RECEBIDOS", "assunto": "Of\u00edcio 072 prefeitura: resposta ao of\u00edcio 05 do vereador Ronatlhe Dayglas Rocha"}, {"id": "4720", "ano": "2022", "numero": "46", "tipo__sigla": "PARE", "tipo__descricao": "PARECER", "assunto": "Parecer jur\u00eddico - Projeto de Lei Ordin\u00e1ria n\u00ba 13 - 2022 - Abertura de Cr\u00e9dito Adicional Especial - Anula\u00e7\u00e3o de Dota\u00e7\u00e3o Or\u00e7ament\u00e1ria - R$ 40.000,00"}, {"id": "4811", "ano": "2022", "numero": "46", "tipo__sigla": "OVC", "tipo__descricao": "Of\u00edcio de Vereador/Comiss\u00e3o", "assunto": "Solicita inscri\u00e7\u00e3o no curso \"Os principais desafios dos munic\u00edpios em mat\u00e9ria ambiental\""}, {"id": "5378", "ano": "2022", "numero": "46", "tipo__sigla": "CERT", "tipo__descricao": "CERTIFICADO", "assunto": "Certifica que Jackson Luiz Ven\u00e2ncio de Souza participou do 431\u00ba Curso de Capacita\u00e7\u00e3o com o tema: \"A estrutura do or\u00e7amento p\u00fablico e a implementa\u00e7\u00e3o e execu\u00e7\u00e3o de emendas parlamentares impositivas\" realizado no per\u00edodo de 30 de agosto a 02 de setembro"}, {"id": "5404", "ano": "2022", "numero": "46", "tipo__sigla": "OCI", "tipo__descricao": "Of\u00edcios da Controladoria Interna", "assunto": "Documentos protocolados no sistema de apoio ao processo legislativo (SAPL)"}, {"id": "5595", "ano": "2022", "numero": "46", "tipo__sigla": "REV", "tipo__descricao": "Relat\u00f3rios de rodagem do ve\u00edculo e outros", "assunto": "Relat\u00f3rio de rodagem ve\u00edculo Emerson Silva Ara\u00fajo 07/11/2022 (buscar o carro no almoxarifado)"}, {"id": "5618", "ano": "2022", "numero": "46", "tipo__sigla": "MEM", "tipo__descricao": "Memorando", "assunto": "Solicita 20 dias de f\u00e9rias a partir  01 dezembro e o abono de 10 dias, Ruiter Silva de Oliveira"}, {"id": "4345", "ano": "2022", "numero": "47", "tipo__sigla": "OFEXP", "tipo__descricao": "Of\u00edcio Expedido", "assunto": "Solicita emenda parlamentar no valor de R$100.000,00 destinados \u00e0 Escola Municipal Doralice Mendon\u00e7a Reis"}, {"id": "4422", "ano": "2022", "numero": "47", "tipo__sigla": "DI", "tipo__descricao": "Di\u00e1rias e documentos relativos", "assunto": "Requerimento de concess\u00e3o de di\u00e1rias adiantadas Carlos C\u00e9zar Ribeiro (Belo Horizonte- 15/03/2022 a 18/03/2022)"}, {"id": "4564", "ano": "2022", "numero": "47", "tipo__sigla": "OR", "tipo__descricao": "OF\u00cdCIOS RECEBIDOS", "assunto": "Of\u00edcio 073 prefeitura: resposta \u00e0s indica\u00e7\u00f5es 023 e 024 do presidente da C\u00e2mara"}, {"id": "4821", "ano": "2022", "numero": "47", "tipo__sigla": "OVC", "tipo__descricao": "Of\u00edcio de Vereador/Comiss\u00e3o", "assunto": "solicita inscri\u00e7\u00e3o no curso: \u201cRECOMENDA\u00c7\u00d5ES B\u00c1SICAS PARA A CONTRATA\u00c7\u00c3O E FISCALIZA\u00c7A\u00d5 DE OBRAS DE EDIFICA\u00c7\u00d5ES P\u00daBLICAS"}, {"id": "4870", "ano": "2022", "numero": "47", "tipo__sigla": "PARE", "tipo__descricao": "PARECER", "assunto": "Parecer Jur\u00eddico - Projeto de Lei n\u00ba 31 - 2022 - Altera a Lei Ordin\u00e1ria n\u00ba 1.503 de 13 de novembro 2019."}, {"id": "5417", "ano": "2022", "numero": "47", "tipo__sigla": "OCI", "tipo__descricao": "Of\u00edcios da Controladoria Interna", "assunto": "Solicita concess\u00e3o de 10 dias de f\u00e9rias no per\u00edodo de 18 a 27 de outubro e a convers\u00e3o de 10 dias em abono pecuni\u00e1rio"}, {"id": "5601", "ano": "2022", "numero": "47", "tipo__sigla": "REV", "tipo__descricao": "Relat\u00f3rios de rodagem do ve\u00edculo e outros", "assunto": "Relat\u00f3rio de rodagem do ve\u00edculo oficial 09/11/2022 (Levar funcion\u00e1ria Alanis no mercado do Rony)"}, {"id": "5619", "ano": "2022", "numero": "47", "tipo__sigla": "MEM", "tipo__descricao": "Memorando", "assunto": "Solicita manuten\u00e7\u00e3o no PABX e na rede el\u00e9trica da C\u00e2mara Municipal de Santana da Vargem"}, {"id": "5643", "ano": "2022", "numero": "47", "tipo__sigla": "CERT", "tipo__descricao": "CERTIFICADO", "assunto": "Certifica que Ruiter Silva de Oliveira participou do curso \"Forma\u00e7\u00e3o Introdut\u00f3ria\" atividade integrante do Parlamento Jovem de Minas 2023, promovido pela Escola do Legislativo da ALMG"}, {"id": "4348", "ano": "2022", "numero": "48", "tipo__sigla": "OFEXP", "tipo__descricao": "Of\u00edcio Expedido", "assunto": "Encaminha para publica\u00e7\u00e3o o extrato de inexigibilidade 02/2022"}, {"id": "4423", "ano": "2022", "numero": "48", "tipo__sigla": "DI", "tipo__descricao": "Di\u00e1rias e documentos relativos", "assunto": "An\u00e1lise da presta\u00e7\u00e3o de contas do recebimento de di\u00e1rias Luiz Felipe Mendon\u00e7a Rodrigues (Belo Horizonte- 16/02/2022)"}, {"id": "4565", "ano": "2022", "numero": "48", "tipo__sigla": "OR", "tipo__descricao": "OF\u00cdCIOS RECEBIDOS", "assunto": "Of\u00edcio 074 prefeitura: resposta \u00e0s indica\u00e7\u00f5es 014, 015 e 016 do vereador Ezequiel da Silva"}, {"id": "4825", "ano": "2022", "numero": "48", "tipo__sigla": "OVC", "tipo__descricao": "Of\u00edcio de Vereador/Comiss\u00e3o", "assunto": "Solicita inscri\u00e7\u00e3o no curso: \u201cRECOMENDA\u00c7\u00d5ES B\u00c1SICAS PARA A CONTRATA\u00c7\u00c3O E FISCALIZA\u00c7A\u00d5 DE OBRAS DE EDIFICA\u00c7\u00d5ES P\u00daBLICAS"}, {"id": "4871", "ano": "2022", "numero": "48", "tipo__sigla": "PARE", "tipo__descricao": "PARECER", "assunto": "Parecer jur\u00eddico - Projeto de Lei Ordin\u00e1ria n\u00ba 33 de 2022 - Abertura de Cr\u00e9dito Adicional - Anula\u00e7\u00e3o de dota\u00e7\u00e3o or\u00e7ament\u00e1ria - R$ 40.000,00."}, {"id": "5479", "ano": "2022", "numero": "48", "tipo__sigla": "OCI", "tipo__descricao": "Of\u00edcios da Controladoria Interna", "assunto": "Extratos de conta corrente e de aplica\u00e7\u00e3o financeira (setembro/2022)"}, {"id": "5636", "ano": "2022", "numero": "48", "tipo__sigla": "REV", "tipo__descricao": "Relat\u00f3rios de rodagem do ve\u00edculo e outros", "assunto": "Parte da manh\u00e3 levar carro para fazer confer\u00eancia de \u00e1gua, \u00f3leo do motor e calibragem e a tarde levar funcion\u00e1rias na inaugura\u00e7\u00e3o da creche"}, {"id": "5644", "ano": "2022", "numero": "48", "tipo__sigla": "CERT", "tipo__descricao": "CERTIFICADO", "assunto": "Certifica que Ruiter Silva de Oliveira participou do curso \"Forma\u00e7\u00e3o de Coordenadores Municipais\" atividade integrante do Parlamento Jovem de Minas 2023, promovido pela Escola do Legislativo da ALMG"}, {"id": "5670", "ano": "2022", "numero": "48", "tipo__sigla": "MEM", "tipo__descricao": "Memorando", "assunto": "Solicita deferimento da retribui\u00e7\u00e3o pecuni\u00e1ria referente \u00e0 realiza\u00e7\u00e3o de horas extras"}, {"id": "4349", "ano": "2022", "numero": "49", "tipo__sigla": "OFEXP", "tipo__descricao": "Of\u00edcio Expedido", "assunto": "Encaminha para publica\u00e7\u00e3o no Di\u00e1rio Oficial os avisos de licita\u00e7\u00e3o"}, {"id": "4424", "ano": "2022", "numero": "49", "tipo__sigla": "DI", "tipo__descricao": "Di\u00e1rias e documentos relativos", "assunto": "An\u00e1lise da presta\u00e7\u00e3o de contas do recebimento de di\u00e1rias Ruiter Silva de Oliveira (Belo Horizonte- 23/02/2022)"}, {"id": "4566", "ano": "2022", "numero": "49", "tipo__sigla": "OR", "tipo__descricao": "OF\u00cdCIOS RECEBIDOS", "assunto": "Of\u00edcio 075 prefeitura: resposta \u00e0s indica\u00e7\u00f5es 002, 003 e 0004 do vereador Jackson Luiz Ven\u00e2ncio de Souza"}, {"id": "4828", "ano": "2022", "numero": "49", "tipo__sigla": "OVC", "tipo__descricao": "Of\u00edcio de Vereador/Comiss\u00e3o", "assunto": "Solicita inscri\u00e7\u00e3o no curso: \u201cRECOMENDA\u00c7\u00d5ES B\u00c1SICAS PARA A CONTRATA\u00c7\u00c3O E FISCALIZA\u00c7A\u00d5 DE OBRAS DE EDIFICA\u00c7\u00d5ES P\u00daBLICAS"}, {"id": "4873", "ano": "2022", "numero": "49", "tipo__sigla": "PARE", "tipo__descricao": "PARECER", "assunto": "Parecer Jur\u00eddico - Inexigibilidade - Curso Vereador - Recomenda\u00e7\u00f5es b\u00e1sicas para a contrata\u00e7\u00e3o e fiscaliza\u00e7\u00e3o de obras e edifica\u00e7\u00f5es p\u00fablicas\u201d."}, {"id": "5494", "ano": "2022", "numero": "49", "tipo__sigla": "OCI", "tipo__descricao": "Of\u00edcios da Controladoria Interna", "assunto": "Documentos protocolados no Sistema de Apoio ao Processo Legislativo (SAPL)"}, {"id": "5642", "ano": "2022", "numero": "49", "tipo__sigla": "REV", "tipo__descricao": "Relat\u00f3rios de rodagem do ve\u00edculo e outros", "assunto": "Levar os funcion\u00e1rios Ruiter e Felipe e o presidente Felip\u00e3o parlamento jovem (22/11/2022 - 23/11/2022) \r\nRessarcimento 40 reais garagem e 50 reais gasolina"}, {"id": "5689", "ano": "2022", "numero": "49", "tipo__sigla": "MEM", "tipo__descricao": "Memorando", "assunto": "Solicita inscri\u00e7\u00e3o em curso  \"Workshop Implementa\u00e7\u00e3o e uso da Nova Lei de Licita\u00e7\u00f5es\""}, {"id": "5743", "ano": "2022", "numero": "49", "tipo__sigla": "CERT", "tipo__descricao": "CERTIFICADO", "assunto": "Certifica que Cleber de Brito participou do VII Semin\u00e1rio Brasileiro de Contabilidade e Custos Aplicados ao Setor P\u00fablico, via Zomm Webmar realizado no dia 1\u00ba de dezembro de 2022"}, {"id": "4350", "ano": "2022", "numero": "50", "tipo__sigla": "OFEXP", "tipo__descricao": "Of\u00edcio Expedido", "assunto": "Encaminha o Relat\u00f3rio Anual de Controle Interno do Poder Legislativo 2021"}, {"id": "4425", "ano": "2022", "numero": "50", "tipo__sigla": "DI", "tipo__descricao": "Di\u00e1rias e documentos relativos", "assunto": "An\u00e1lise da presta\u00e7\u00e3o de contas do recebimento de di\u00e1rias (Jackson Luiz Ven\u00e2ncio de Souza- 01/02/2022)"}, {"id": "4567", "ano": "2022", "numero": "50", "tipo__sigla": "OR", "tipo__descricao": "OF\u00cdCIOS RECEBIDOS", "assunto": "Of\u00edcio 076 prefeitura: resposta ao of\u00edcio 002 do vereador Jackson Luiz Ven\u00e2ncio"}, {"id": "4840", "ano": "2022", "numero": "50", "tipo__sigla": "OVC", "tipo__descricao": "Of\u00edcio de Vereador/Comiss\u00e3o", "assunto": "Solicita a confec\u00e7\u00e3o do cheque no valor de 120,00 para cobrir gastos com despesa de reabastecimento do veiculo para viagem ao munic\u00edpio de Belo Horizonte"}, {"id": "4883", "ano": "2022", "numero": "50", "tipo__sigla": "PARE", "tipo__descricao": "PARECER", "assunto": "Parecer Jur\u00eddico - Projeto de Lei Complementar n\u00ba 04 - 2021 - Versa acerca do pedido do Poder Executivo para que seja autorizado a reduzir a faixa n\u00e3o edific\u00e1vel cont\u00edgua \u00e0s faixas de dom\u00ednio p\u00fablico de rodovias no \u00e2mbito de Santana da Vargem - MG."}, {"id": "5591", "ano": "2022", "numero": "50", "tipo__sigla": "OCI", "tipo__descricao": "Of\u00edcios da Controladoria Interna", "assunto": "Extratos da conta corrente e de aplica\u00e7\u00e3o financeira (Outubro/2022)"}, {"id": "5649", "ano": "2022", "numero": "50", "tipo__sigla": "REV", "tipo__descricao": "Relat\u00f3rios de rodagem do ve\u00edculo e outros", "assunto": "25/11/2022- Levar funcion\u00e1ria para levar o telefone para arrumar (Varginha - MG)"}, {"id": "5758", "ano": "2022", "numero": "50", "tipo__sigla": "CERT", "tipo__descricao": "CERTIFICADO", "assunto": "Certifica que Maria Aparecida de Ara\u00fajo Reis participou do 461\u00ba Curso de Capacita\u00e7\u00e3o com o tema: \"O modelo de controle externo da administra\u00e7\u00e3o p\u00fablica exercido pelos tribunais de contas e as proposi\u00e7\u00f5es legislativas sobre o tema\" realizado no per\u00edodo de 13 a 16 de dezembro"}, {"id": "4371", "ano": "2022", "numero": "51", "tipo__sigla": "OFEXP", "tipo__descricao": "Of\u00edcio Expedido", "assunto": "Solicita informa\u00e7\u00f5es acerca da presen\u00e7a de monitores no transporte escolar"}, {"id": "4426", "ano": "2022", "numero": "51", "tipo__sigla": "DI", "tipo__descricao": "Di\u00e1rias e documentos relativos", "assunto": "An\u00e1lise da presta\u00e7\u00e3o de contas do recebimento de di\u00e1rias Felipe Tom\u00e9 Mota e Silva (Belo Horizonte - 18/02/2022)"}, {"id": "4573", "ano": "2022", "numero": "51", "tipo__sigla": "OR", "tipo__descricao": "OF\u00cdCIOS RECEBIDOS", "assunto": "Solicita c\u00f3pia da ata de reuni\u00e3o realizada com os professores da rede municipal"}, {"id": "4842", "ano": "2022", "numero": "51", "tipo__sigla": "OVC", "tipo__descricao": "Of\u00edcio de Vereador/Comiss\u00e3o", "assunto": "Solicita mudan\u00e7a na data de inscri\u00e7\u00e3o do curso \"OS PRINCIPAIS DESAFIOS DO MUNICIPIO EM MATERIA AMBIENTAL\""}, {"id": "4889", "ano": "2022", "numero": "51", "tipo__sigla": "PARE", "tipo__descricao": "PARECER", "assunto": "Parecer Jur\u00eddico - Projeto de Lei Ordin\u00e1ria do Legislativo n\u00ba 05 - 2022 - Denomina\u00e7\u00e3o de Logradouro P\u00fablico - Augusta Maria de Oliveira"}, {"id": "5606", "ano": "2022", "numero": "51", "tipo__sigla": "OCI", "tipo__descricao": "Of\u00edcios da Controladoria Interna", "assunto": "Documentos protocolados no Sistema de Apoio ao Processo Legislativo"}, {"id": "5651", "ano": "2022", "numero": "51", "tipo__sigla": "REV", "tipo__descricao": "Relat\u00f3rios de rodagem do ve\u00edculo e outros", "assunto": "Levar funcion\u00e1ria Alanis do mercado para buscar \u00e1gua mineral. (Santana da Vargem)\r\nOBS: Ap\u00f3s a obra da C\u00e2mara o ve\u00edculo ainda est\u00e1 pegando a frente no piso, ar condicionado com defeito"}, {"id": "5759", "ano": "2022", "numero": "51", "tipo__sigla": "CERT", "tipo__descricao": "CERTIFICADO", "assunto": "Certifica que Walter Silva participou do 461\u00ba Curso de Capacita\u00e7\u00e3o com o tema: \"O modelo de controle externo da administra\u00e7\u00e3o p\u00fablica exercido pelos tribunais de contas e as proposi\u00e7\u00f5es legislativas sobre o tema\" realizado no per\u00edodo de 13 a 16 de dezembro"}, {"id": "4386", "ano": "2022", "numero": "52", "tipo__sigla": "OFEXP", "tipo__descricao": "Of\u00edcio Expedido", "assunto": "Defere pedido do servidor Emerson Ara\u00fajo para n\u00e3o comparecer a sede f\u00edsica da C\u00e2mara Municipal nos dias 23, 24 e 25 de fevereiro"}, {"id": "4431", "ano": "2022", "numero": "52", "tipo__sigla": "DI", "tipo__descricao": "Di\u00e1rias e documentos relativos", "assunto": "Requerimento de concess\u00e3o de di\u00e1rias adiantas (Belo Horizonte- 15/03/2022 a 18/03/2022)"}, {"id": "4618", "ano": "2022", "numero": "52", "tipo__sigla": "OR", "tipo__descricao": "OF\u00cdCIOS RECEBIDOS", "assunto": "Resposta ao of\u00edcio 86/2022 (informa\u00e7\u00f5es sobre o incentivo ao esporte feminino)"}, {"id": "4860", "ano": "2022", "numero": "52", "tipo__sigla": "OVC", "tipo__descricao": "Of\u00edcio de Vereador/Comiss\u00e3o", "assunto": "Convoca\u00e7\u00e3o Comiss\u00e3o de Educa\u00e7\u00e3o, Sa\u00fade e Assist\u00eancias Social para reuni\u00e3o dia 23 de maio as 09:00"}, {"id": "4890", "ano": "2022", "numero": "52", "tipo__sigla": "PARE", "tipo__descricao": "PARECER", "assunto": "Parecer jur\u00eddico - Projeto de Lei Ordin\u00e1rio do Legislativo - 43 de 2022 - Denomina\u00e7\u00e3o de Logradouro P\u00fablico - Maria de Abreu Figueiredo - Biblioteca"}, {"id": "5632", "ano": "2022", "numero": "52", "tipo__sigla": "OCI", "tipo__descricao": "Of\u00edcios da Controladoria Interna", "assunto": "Escala de f\u00e9rias"}, {"id": "5658", "ano": "2022", "numero": "52", "tipo__sigla": "REV", "tipo__descricao": "Relat\u00f3rios de rodagem do ve\u00edculo e outros", "assunto": "Levar funcion\u00e1ria na padaria para buscar p\u00e3es"}, {"id": "5760", "ano": "2022", "numero": "52", "tipo__sigla": "CERT", "tipo__descricao": "CERTIFICADO", "assunto": "Certifica que Ronalthe Dayglas Rocha  participou do 461\u00ba Curso de Capacita\u00e7\u00e3o com o tema: \"O modelo de controle externo da administra\u00e7\u00e3o p\u00fablica exercido pelos tribunais de contas e as proposi\u00e7\u00f5es legislativas sobre o tema\" realizado no per\u00edodo de 13 a 16 de dezembro"}, {"id": "4393", "ano": "2022", "numero": "53", "tipo__sigla": "OFEXP", "tipo__descricao": "Of\u00edcio Expedido", "assunto": "Solicita relat\u00f3rios contento dados de profissionais credenciados no munic\u00edpio"}, {"id": "4448", "ano": "2022", "numero": "53", "tipo__sigla": "DI", "tipo__descricao": "Di\u00e1rias e documentos relativos", "assunto": "Requerimento de concess\u00e3o de di\u00e1rias adiantas Walter Silva (Belo Horizonte 15/03/2022 a 18/03/2022)"}, {"id": "4628", "ano": "2022", "numero": "53", "tipo__sigla": "OR", "tipo__descricao": "OF\u00cdCIOS RECEBIDOS", "assunto": "Of\u00edcio para instruir o projeto de lei 008/2022 (estimativa de impacto or\u00e7ament\u00e1rio)"}, {"id": "4877", "ano": "2022", "numero": "53", "tipo__sigla": "OVC", "tipo__descricao": "Of\u00edcio de Vereador/Comiss\u00e3o", "assunto": "Solicita inscri\u00e7\u00e3o em curso de capacita\u00e7\u00e3o"}, {"id": "4895", "ano": "2022", "numero": "53", "tipo__sigla": "PARE", "tipo__descricao": "PARECER", "assunto": "Parecer Jur\u00eddico - Projeto de Lei Complementar n\u00ba 13 - 2022 - Altera o C\u00f3digo de Posturas (limpeza de terreno baldio)."}, {"id": "5669", "ano": "2022", "numero": "53", "tipo__sigla": "REV", "tipo__descricao": "Relat\u00f3rios de rodagem do ve\u00edculo e outros", "assunto": "Levar funcionaria na padaria para comprar p\u00e3o (Santana da Vargem 30/11/2022)"}, {"id": "5695", "ano": "2022", "numero": "53", "tipo__sigla": "OCI", "tipo__descricao": "Of\u00edcios da Controladoria Interna", "assunto": "Extratos de conta corrente e de aplica\u00e7\u00e3o financeira (Novembro/2021)"}, {"id": "5761", "ano": "2022", "numero": "53", "tipo__sigla": "CERT", "tipo__descricao": "CERTIFICADO", "assunto": "Certifica que Carlos Cezar Ribeiro participou do 461\u00ba Curso de Capacita\u00e7\u00e3o com o tema: \"O modelo de controle externo da administra\u00e7\u00e3o p\u00fablica exercido pelos tribunais de contas e as proposi\u00e7\u00f5es legislativas sobre o tema\" realizado no per\u00edodo de 13 a 16 de dezembro"}, {"id": "4394", "ano": "2022", "numero": "54", "tipo__sigla": "OFEXP", "tipo__descricao": "Of\u00edcio Expedido", "assunto": "Convida para participar de audi\u00eancia p\u00fablica no dia 03 de mar\u00e7o de 2022 \u00e0s 19:00 h"}, {"id": "4452", "ano": "2022", "numero": "54", "tipo__sigla": "DI", "tipo__descricao": "Di\u00e1rias e documentos relativos", "assunto": "Relat\u00f3rio de viagem Felipe Tom\u00e9 Mota e Silva (Belo Horizonte- 23/02/2022 a 25/02/2022)"}, {"id": "4630", "ano": "2022", "numero": "54", "tipo__sigla": "OR", "tipo__descricao": "OF\u00cdCIOS RECEBIDOS", "assunto": "Documenta\u00e7\u00e3o para instruir o projeto de lei 009/2022 (impacto or\u00e7ament\u00e1rio)"}, {"id": "4878", "ano": "2022", "numero": "54", "tipo__sigla": "OVC", "tipo__descricao": "Of\u00edcio de Vereador/Comiss\u00e3o", "assunto": "Solicita cancelamento do pedido de di\u00e1rias para a cidade de Belo Horizonte 31/05/2022"}, {"id": "4906", "ano": "2022", "numero": "54", "tipo__sigla": "PARE", "tipo__descricao": "PARECER", "assunto": "Parecer jur\u00eddico - Curso - Vereador - Inexigibilidade - Pol\u00edticas P\u00fablicas Assist\u00eancia Social, Educa\u00e7\u00e3o e Sa\u00fade"}, {"id": "5673", "ano": "2022", "numero": "54", "tipo__sigla": "REV", "tipo__descricao": "Relat\u00f3rios de rodagem do ve\u00edculo e outros", "assunto": "Levar funcion\u00e1rias na casa da Jorgelane para protocolar of\u00edcio e na padaria (Santana da Vargem 01/12/2022)"}, {"id": "5711", "ano": "2022", "numero": "54", "tipo__sigla": "OCI", "tipo__descricao": "Of\u00edcios da Controladoria Interna", "assunto": "Documentos protocolados no Sistema de Apoio ao Processo Legislativo (movimenta\u00e7\u00f5es da conta banc\u00e1ria de titularidade da C\u00e2mara- novembro)"}, {"id": "5762", "ano": "2022", "numero": "54", "tipo__sigla": "CERT", "tipo__descricao": "CERTIFICADO", "assunto": "Certifica que Larissa Oliveira Naves participou do curso \"Workshop Implementa\u00e7\u00e3o e uso da Nova lei de Licita\u00e7\u00f5es\" que se realizou nos dias 14 a 16 na cidade de Belo Horizonte"}, {"id": "4395", "ano": "2022", "numero": "55", "tipo__sigla": "OFEXP", "tipo__descricao": "Of\u00edcio Expedido", "assunto": "convoca todos os secret\u00e1rios para participar da Audi\u00eancia P\u00fablica que ocorrer\u00e1 as 19:00h do dia 03 de mar\u00e7o de 2022"}, {"id": "4459", "ano": "2022", "numero": "55", "tipo__sigla": "DI", "tipo__descricao": "Di\u00e1rias e documentos relativos", "assunto": "Requerimento de concess\u00e3o de di\u00e1rias adiantadas Maria Aparecida de Ara\u00fajo Reis (Belo Horizonte- 15/03/20222 a 18/03/2022)"}, {"id": "4650", "ano": "2022", "numero": "55", "tipo__sigla": "OR", "tipo__descricao": "OF\u00cdCIOS RECEBIDOS", "assunto": "Solicita a retirada do Projeto de Lei Complementar 05/2022"}, {"id": "4939", "ano": "2022", "numero": "55", "tipo__sigla": "PARE", "tipo__descricao": "PARECER", "assunto": "Parecer jur\u00eddico - Projeto de Lei Complementar n\u00ba 03 - 2021 - Lei de uso e parcelamento do solo no munic\u00edpio de Santana da Vargem."}, {"id": "5676", "ano": "2022", "numero": "55", "tipo__sigla": "REV", "tipo__descricao": "Relat\u00f3rios de rodagem do ve\u00edculo e outros", "assunto": "Levar diretora Kainne no Minist\u00e9rio P\u00fablico e em Varginha para buscar telefones (Tr\u00eas Pontas e Varginha 01/12/2022)"}, {"id": "5763", "ano": "2022", "numero": "55", "tipo__sigla": "CERT", "tipo__descricao": "CERTIFICADO", "assunto": "Certifica que Alessandra Dixini Araujo participou do curso \"Workshop Implementa\u00e7\u00e3o e uso da Nova lei de Licita\u00e7\u00f5es\" que se realizou nos dias 14 a 16 na cidade de Belo Horizonte"}, {"id": "5764", "ano": "2022", "numero": "55", "tipo__sigla": "OCI", "tipo__descricao": "Of\u00edcios da Controladoria Interna", "assunto": "An\u00e1lise do ponto eletr\u00f4nico dos servidores"}, {"id": "4396", "ano": "2022", "numero": "56", "tipo__sigla": "OFEXP", "tipo__descricao": "Of\u00edcio Expedido", "assunto": "Convoca todos os membros da Comiss\u00e3o de Elabora\u00e7\u00e3o do Estatuto para participar de Audi\u00eancia P\u00fablica que ocorrer\u00e1 03 de mar\u00e7o de 2022 \u00e0s 19:00"}, {"id": "4461", "ano": "2022", "numero": "56", "tipo__sigla": "DI", "tipo__descricao": "Di\u00e1rias e documentos relativos", "assunto": "Requerimento de concess\u00e3o de di\u00e1rias adiantas Vitor Donizetti Siqueira Junior (Bras\u00edlia 14/03/2022 a 17/03/2022)"}, {"id": "4651", "ano": "2022", "numero": "56", "tipo__sigla": "OR", "tipo__descricao": "OF\u00cdCIOS RECEBIDOS", "assunto": "Solicita informa\u00e7\u00f5es sobre o andamento do Projeto de Lei 29/2021 e sobre o andamento dos projeto 41/2021"}, {"id": "4903", "ano": "2022", "numero": "56", "tipo__sigla": "OVC", "tipo__descricao": "Of\u00edcio de Vereador/Comiss\u00e3o", "assunto": "Encaminha c\u00f3pia do of\u00edcio 147/2022 do executivo de Santana da Vargem (Jorgelane Talma)"}, {"id": "4965", "ano": "2022", "numero": "56", "tipo__sigla": "PARE", "tipo__descricao": "PARECER", "assunto": "Parecer jur\u00eddico - Veto Projeto de Lei Ordin\u00e1ria do Legislativo n\u00ba 36 - 2021"}, {"id": "5677", "ano": "2022", "numero": "56", "tipo__sigla": "REV", "tipo__descricao": "Relat\u00f3rios de rodagem do ve\u00edculo e outros", "assunto": "Levar funcion\u00e1ria para buscar p\u00e3es (Santana da Vargem 02/12/2022)"}, {"id": "4397", "ano": "2022", "numero": "57", "tipo__sigla": "OFEXP", "tipo__descricao": "Of\u00edcio Expedido", "assunto": "Convida os servidores do Executivo para audi\u00eancia p\u00fablica que ocorrer\u00e1 dia 03 de mar\u00e7o de 2022 \u00e0s 19:00h"}, {"id": "4473", "ano": "2022", "numero": "57", "tipo__sigla": "DI", "tipo__descricao": "Di\u00e1rias e documentos relativos", "assunto": "Requerimento de concess\u00e3o de di\u00e1rias adiantadas Ronalthe Dayglas Rocha (Belo Horizonte - 15/03/2022 a 18/03/2022)"}, {"id": "4652", "ano": "2022", "numero": "57", "tipo__sigla": "OR", "tipo__descricao": "OF\u00cdCIOS RECEBIDOS", "assunto": "Solicita informa\u00e7\u00f5es sobre o andamento do Projeto de Lei n\u00ba 45/2021"}, {"id": "4904", "ano": "2022", "numero": "57", "tipo__sigla": "OVC", "tipo__descricao": "Of\u00edcio de Vereador/Comiss\u00e3o", "assunto": "Apresenta of\u00edcios encaminhados ao executivo e APAE em atendimento \u00e0 solicita\u00e7\u00e3o da Sra Jorgelane Talma"}, {"id": "4971", "ano": "2022", "numero": "57", "tipo__sigla": "PARE", "tipo__descricao": "PARECER", "assunto": "Parecer jur\u00eddico - Inexigibilidade - Curso: O parlamento municipal e a sua Responsabilidade na edi\u00e7\u00e3o de leis"}, {"id": "5691", "ano": "2022", "numero": "57", "tipo__sigla": "REV", "tipo__descricao": "Relat\u00f3rios de rodagem do ve\u00edculo e outros", "assunto": "Levar funcion\u00e1ria para buscar caf\u00e9 na padaria (Santana da Vargem 05/12/2022)"}, {"id": "4405", "ano": "2022", "numero": "58", "tipo__sigla": "OFEXP", "tipo__descricao": "Of\u00edcio Expedido", "assunto": "Encaminha a indica\u00e7\u00e3o 021 de autoria do Presidente Luiz Felipe Mendon\u00e7a Rodrigues"}, {"id": "4474", "ano": "2022", "numero": "58", "tipo__sigla": "DI", "tipo__descricao": "Di\u00e1rias e documentos relativos", "assunto": "Requerimento de concess\u00e3o de di\u00e1rias adiantadas Jakson Luiz Ven\u00e2ncio de Souza (Belo Horizonte - 15/03/2022 a 18/03/2022)"}, {"id": "4653", "ano": "2022", "numero": "58", "tipo__sigla": "OR", "tipo__descricao": "OF\u00cdCIOS RECEBIDOS", "assunto": "Encaminha balancetes de receitas e despesas referentes ao m\u00eas de fevereiro de 2022"}, {"id": "4905", "ano": "2022", "numero": "58", "tipo__sigla": "OVC", "tipo__descricao": "Of\u00edcio de Vereador/Comiss\u00e3o", "assunto": "Informa sobre an\u00e1lise de documentos apresentados pelo executivo e APAE (Jorgelane Talma)"}, {"id": "4980", "ano": "2022", "numero": "58", "tipo__sigla": "PARE", "tipo__descricao": "PARECER", "assunto": "Parecer Jur\u00eddico - Dispensa - Aquisi\u00e7\u00e3o de produtos de g\u00eanero aliment\u00edcio."}, {"id": "5701", "ano": "2022", "numero": "58", "tipo__sigla": "REV", "tipo__descricao": "Relat\u00f3rios de rodagem do ve\u00edculo e outros", "assunto": "Levar Funcion\u00e1rio Felipe e funcion\u00e1ria da prefeitura na assist\u00eancia social (Santana da Vargem- 06-12-2022)"}, {"id": "4411", "ano": "2022", "numero": "59", "tipo__sigla": "OFEXP", "tipo__descricao": "Of\u00edcio Expedido", "assunto": "Encaminha as indica\u00e7\u00f5es 001. 0012 e 0013 do vereador Ezequiel da Silva"}, {"id": "4478", "ano": "2022", "numero": "59", "tipo__sigla": "DI", "tipo__descricao": "Di\u00e1rias e documentos relativos", "assunto": "C\u00e1lculo de quantidades e de valores a pagar de di\u00e1rias"}, {"id": "4668", "ano": "2022", "numero": "59", "tipo__sigla": "OR", "tipo__descricao": "OF\u00cdCIOS RECEBIDOS", "assunto": "Solicita an\u00e1lise de documenta\u00e7\u00e3o e provid\u00eancias"}, {"id": "4910", "ano": "2022", "numero": "59", "tipo__sigla": "OVC", "tipo__descricao": "Of\u00edcio de Vereador/Comiss\u00e3o", "assunto": "Solicita inscri\u00e7\u00e3o no curso: O parlamento municipal e sua responsabilidade na edi\u00e7\u00e3o das leis"}, {"id": "4981", "ano": "2022", "numero": "59", "tipo__sigla": "PARE", "tipo__descricao": "PARECER", "assunto": "Parecer Jur\u00eddico - Produtos de Limpeza - Dispensa."}, {"id": "5703", "ano": "2022", "numero": "59", "tipo__sigla": "REV", "tipo__descricao": "Relat\u00f3rios de rodagem do ve\u00edculo e outros", "assunto": "Levar funcion\u00e1rio Felipe na Assist\u00eancia social (Santana da Vargem 06/12/2022)"}, {"id": "4407", "ano": "2022", "numero": "60", "tipo__sigla": "OFEXP", "tipo__descricao": "Of\u00edcio Expedido", "assunto": "Encaminha indica\u00e7\u00f5es 0013, 0014, 0015, 016 feitas pelo vereador Vitor Donizetti Siqueira Junior"}, {"id": "4479", "ano": "2022", "numero": "60", "tipo__sigla": "DI", "tipo__descricao": "Di\u00e1rias e documentos relativos", "assunto": "C\u00e1lculo de quantidade e de valores a pagar de di\u00e1rias Vitor Donizetti Siqueira Junior (Bras\u00edlia- 14/04/2022 a 17/03/2022)"}, {"id": "4715", "ano": "2022", "numero": "60", "tipo__sigla": "OR", "tipo__descricao": "OF\u00cdCIOS RECEBIDOS", "assunto": "Solicita retirada do projeto 14 de 2022"}, {"id": "4914", "ano": "2022", "numero": "60", "tipo__sigla": "OVC", "tipo__descricao": "Of\u00edcio de Vereador/Comiss\u00e3o", "assunto": "Solicita\u00e7\u00e3o de informa\u00e7\u00f5es acerca das terceiriza\u00e7\u00f5es no munic\u00edpio"}, {"id": "4984", "ano": "2022", "numero": "60", "tipo__sigla": "PARE", "tipo__descricao": "PARECER", "assunto": "Parecer jur\u00eddico - Projeto de Lei Ordin\u00e1ria do Legislativo 34 - 2021 - Disp\u00f5e sobre a regulamenta\u00e7\u00e3o da manuten\u00e7\u00e3o e das trocas das l\u00e2mpadas em Santana da Vargem."}, {"id": "5704", "ano": "2022", "numero": "60", "tipo__sigla": "REV", "tipo__descricao": "Relat\u00f3rios de rodagem do ve\u00edculo e outros", "assunto": "Levar funcionarias no mercado do Rony e padaria (Santana da Vargem 06/12/2022)"}, {"id": "4408", "ano": "2022", "numero": "61", "tipo__sigla": "OFEXP", "tipo__descricao": "Of\u00edcio Expedido", "assunto": "Solicita a emiss\u00e3o de guia de pagamento no valor de R$545,45 referente aos rendimentos de aplica\u00e7\u00e3o auferidos no m\u00eas de janeiro de 2022"}, {"id": "4480", "ano": "2022", "numero": "61", "tipo__sigla": "DI", "tipo__descricao": "Di\u00e1rias e documentos relativos", "assunto": "C\u00e1lculo de quantidade e de valores a pagar di\u00e1rias Maria Aparecida de Ara\u00fajo Reis (15/03/2022 a 18/03/2022)"}, {"id": "4716", "ano": "2022", "numero": "61", "tipo__sigla": "OR", "tipo__descricao": "OF\u00cdCIOS RECEBIDOS", "assunto": "Solicita a retirada do projeto de lei 41/2022"}, {"id": "4915", "ano": "2022", "numero": "61", "tipo__sigla": "OVC", "tipo__descricao": "Of\u00edcio de Vereador/Comiss\u00e3o", "assunto": "Solicita informa\u00e7\u00f5es acerca da gera\u00e7\u00e3o de receitas para quem toma rem\u00e9dio controlado"}, {"id": "4996", "ano": "2022", "numero": "61", "tipo__sigla": "PARE", "tipo__descricao": "PARECER", "assunto": "Parecer jur\u00eddico - Projeto de Lei Ordin\u00e1ria do Legislativo n\u00ba 35 - 2021 - Instituir o programa \u201cOftalmologista na Escola\u201d\r\nno Munic\u00edpio de Santana da Vargem, dispondo sobre a realiza\u00e7\u00e3o de exames oftalmol\u00f3gico para alunos das escolas p\u00fablicas municipais e\r\nd\u00e1 outras provid\u00eancias."}, {"id": "5720", "ano": "2022", "numero": "61", "tipo__sigla": "REV", "tipo__descricao": "Relat\u00f3rios de rodagem do ve\u00edculo e outros", "assunto": "Levar funcion\u00e1ria Larissa na secretaria de sa\u00fade para protocolar of\u00edcio"}, {"id": "4409", "ano": "2022", "numero": "62", "tipo__sigla": "OFEXP", "tipo__descricao": "Of\u00edcio Expedido", "assunto": "Solicita que seja emitida uma guia de pagamento no valor de R$1.360,78 de IRRF referente ao m\u00eas de janeiro de 2022"}, {"id": "4483", "ano": "2022", "numero": "62", "tipo__sigla": "DI", "tipo__descricao": "Di\u00e1rias e documentos relativos", "assunto": "Relat\u00f3rio de viagem Alanis Carolina Oliveira Moreira (Belo Horizonte - 23/02/2022 a 25/02/2022)"}, {"id": "4719", "ano": "2022", "numero": "62", "tipo__sigla": "OR", "tipo__descricao": "OF\u00cdCIOS RECEBIDOS", "assunto": "Solicito o empr\u00e9stimo do audit\u00f3rio da C\u00e2mara Municipal  para reuni\u00e3o PMMG"}, {"id": "4918", "ano": "2022", "numero": "62", "tipo__sigla": "OVC", "tipo__descricao": "Of\u00edcio de Vereador/Comiss\u00e3o", "assunto": "Solicita inscri\u00e7\u00e3o no curso O parlamento municipal e sua responsabilidade na edi\u00e7\u00e3o das leis"}, {"id": "4997", "ano": "2022", "numero": "62", "tipo__sigla": "PARE", "tipo__descricao": "PARECER", "assunto": "Parecer jur\u00eddico - Projeto de Lei Ordin\u00e1ria do Legislativo n\u00ba 40 - Fonoaudi\u00f3logo nas Escolas Municipais"}, {"id": "5749", "ano": "2022", "numero": "62", "tipo__sigla": "REV", "tipo__descricao": "Relat\u00f3rios de rodagem do ve\u00edculo e outros", "assunto": "Levar funcion\u00e1ria na secretaria de sa\u00fade para protocolar oficio com funcion\u00e1rio Eduardo"}, {"id": "4412", "ano": "2022", "numero": "63", "tipo__sigla": "OFEXP", "tipo__descricao": "Of\u00edcio Expedido", "assunto": "Encaminha of\u00edcio feito pelo vereador Jackson Luiz Ven\u00e2ncio de Souza"}, {"id": "4504", "ano": "2022", "numero": "63", "tipo__sigla": "DI", "tipo__descricao": "Di\u00e1rias e documentos relativos", "assunto": "Requerimento de concess\u00e3o de di\u00e1rias adiantadas Alessandra Dixini Ara\u00fajo (Belo Horizonte- 22/03/2022 a 25/03/2022)"}, {"id": "4723", "ano": "2022", "numero": "63", "tipo__sigla": "OR", "tipo__descricao": "OF\u00cdCIOS RECEBIDOS", "assunto": "Solicita retirada do projeto de lei 13 de 2022"}, {"id": "4921", "ano": "2022", "numero": "63", "tipo__sigla": "OVC", "tipo__descricao": "Of\u00edcio de Vereador/Comiss\u00e3o", "assunto": "Solicita inscri\u00e7\u00e3o no curso: O parlamento municipal e sua responsabilidade na edi\u00e7\u00e3o das leis"}, {"id": "4998", "ano": "2022", "numero": "63", "tipo__sigla": "PARE", "tipo__descricao": "PARECER", "assunto": "Parecer Jur\u00eddico - Projeto de Lei Ordin\u00e1rio do Legislativo - 01 - 2022 - Sa\u00fade Bucal na rede de ensino municipal"}, {"id": "5768", "ano": "2022", "numero": "63", "tipo__sigla": "REV", "tipo__descricao": "Relat\u00f3rios de rodagem do ve\u00edculo e outros", "assunto": "Relat\u00f3rio de rodagem  (Belo Horizonte- 13/12/2022) : Levar vereadores Carlos C\u00e9zar, Ronalthe Rocha, Lia Ara\u00fajo e Walter Silva para fazer curso (Hotel Normandy) e Levar vereadora Lia na Assembleia Legislativa"}, {"id": "4414", "ano": "2022", "numero": "64", "tipo__sigla": "OFEXP", "tipo__descricao": "Of\u00edcio Expedido", "assunto": "Encaminha as indica\u00e7\u00f5es 017 e 018 e o requerimento 003 do vereador Vitor Donizetti Siqueira Junior"}, {"id": "4505", "ano": "2022", "numero": "64", "tipo__sigla": "DI", "tipo__descricao": "Di\u00e1rias e documentos relativos", "assunto": "Requerimento de concess\u00e3o de di\u00e1rias ao motorista (Belo Horizonte - 22/03/2022 a 25/03/2022)"}, {"id": "4742", "ano": "2022", "numero": "64", "tipo__sigla": "OR", "tipo__descricao": "OF\u00cdCIOS RECEBIDOS", "assunto": "Of\u00edcio 107/2022 prefeitura: resposta \u00e0s indica\u00e7\u00f5es 025, 026, 027, 028, 029 e 030 do vereador Luiz Felipe Mendon\u00e7a Rodrigues"}, {"id": "4928", "ano": "2022", "numero": "64", "tipo__sigla": "OVC", "tipo__descricao": "Of\u00edcio de Vereador/Comiss\u00e3o", "assunto": "Informa aus\u00eancia em reuni\u00e3o ordin\u00e1ria do dia 31/05/2022"}, {"id": "5001", "ano": "2022", "numero": "64", "tipo__sigla": "PARE", "tipo__descricao": "PARECER", "assunto": "Parecer Jur\u00eddico - Projeto de Lei do Legislativo n\u00ba 42 - 2021 - Veda a utiliza\u00e7\u00e3o de fogos de artif\u00edcio que produzam efeitos sonoros."}, {"id": "5769", "ano": "2022", "numero": "64", "tipo__sigla": "REV", "tipo__descricao": "Relat\u00f3rios de rodagem do ve\u00edculo e outros", "assunto": "Relat\u00f3rio de rodagem (14/12/2022): Levar funcion\u00e1ria Larissa na Secretaria de Sa\u00fade para protocolar documentos com chefe do transporte Eduardo Neves"}, {"id": "4415", "ano": "2022", "numero": "65", "tipo__sigla": "OFEXP", "tipo__descricao": "Of\u00edcio Expedido", "assunto": "Encaminha a indica\u00e7\u00e3o 0022 do presidente Luiz Felipe Mendon\u00e7a Rodrigues"}, {"id": "4506", "ano": "2022", "numero": "65", "tipo__sigla": "DI", "tipo__descricao": "Di\u00e1rias e documentos relativos", "assunto": "Requerimento de concess\u00e3o de di\u00e1rias adiantadas Felipe Tom\u00e9 Mota e Silva (Belo Horizonte- 22/03/2022 a 25/03/2022)"}, {"id": "4743", "ano": "2022", "numero": "65", "tipo__sigla": "OR", "tipo__descricao": "OF\u00cdCIOS RECEBIDOS", "assunto": "Of\u00edcio 110 prefeitura: resposta \u00e0 indica\u00e7\u00e3o 019 do vereador Vitor Donizetti Siqueira Junior"}, {"id": "4930", "ano": "2022", "numero": "65", "tipo__sigla": "OVC", "tipo__descricao": "Of\u00edcio de Vereador/Comiss\u00e3o", "assunto": "Solicita cancelamento de inscri\u00e7\u00e3o em curso e di\u00e1rias Belo Horizonte 07/06/2022"}, {"id": "5002", "ano": "2022", "numero": "65", "tipo__sigla": "PARE", "tipo__descricao": "PARECER", "assunto": "Parecer Jur\u00eddico - Projeto de Lei Ordin\u00e1ria do Legislativo n\u00ba 03 - 2022 - Campanha contra golpes financeiros aos idosos."}, {"id": "5770", "ano": "2022", "numero": "65", "tipo__sigla": "REV", "tipo__descricao": "Relat\u00f3rios de rodagem do ve\u00edculo e outros", "assunto": "Relat\u00f3rio de rodagem (14/12/2022): Levar funcion\u00e1ria Larissa na Secretaria de sa\u00fade para protocolar documento com o chefe do transporte Eduardo Neves"}, {"id": "4442", "ano": "2022", "numero": "66", "tipo__sigla": "OFEXP", "tipo__descricao": "Of\u00edcio Expedido", "assunto": "Determina os gastos para 2022 na Contrata\u00e7\u00e3o de empresa especializada em presta\u00e7\u00e3o de servi\u00e7os de acesso \u00e0 internet (Processo Licitat\u00f3rio n\u00ba 05/2021- Dispensa)"}, {"id": "4511", "ano": "2022", "numero": "66", "tipo__sigla": "DI", "tipo__descricao": "Di\u00e1rias e documentos relativos", "assunto": "Requerimento de concess\u00e3o de di\u00e1rias adiantadas Luiz Felipe Mendon\u00e7a Rodrigues (Belo Horizonte 18/03/2022 a 18/2022)"}, {"id": "4744", "ano": "2022", "numero": "66", "tipo__sigla": "OR", "tipo__descricao": "OF\u00cdCIOS RECEBIDOS", "assunto": "Of\u00edcio 108 prefeitura: resposta \u00e0s indica\u00e7\u00f5es 017 e 018 do vereador Ezequiel da Silva"}, {"id": "4931", "ano": "2022", "numero": "66", "tipo__sigla": "OVC", "tipo__descricao": "Of\u00edcio de Vereador/Comiss\u00e3o", "assunto": "Solicitar a inscri\u00e7\u00e3o no curso: o parlamento municipal e sua responsabilidade na edi\u00e7\u00e3o das leis realizado nos dias 14 a 17"}, {"id": "5020", "ano": "2022", "numero": "66", "tipo__sigla": "PARE", "tipo__descricao": "PARECER", "assunto": "Parecer Jur\u00eddico - Projeto de Lei Complementar n\u00ba 01 - 2022 - Altera o Hor\u00e1rio de Trabalho dos Servidores do Legislativo."}, {"id": "5771", "ano": "2022", "numero": "66", "tipo__sigla": "REV", "tipo__descricao": "Relat\u00f3rios de rodagem do ve\u00edculo e outros", "assunto": "Relat\u00f3rio rodagem (Belo Horizonte- 14/12/2022): Levar funcion\u00e1rias Alanis, Larissa e Alessandra para fazer curso Hotel Metropolis"}, {"id": "4443", "ano": "2022", "numero": "67", "tipo__sigla": "OFEXP", "tipo__descricao": "Of\u00edcio Expedido", "assunto": "Estima o valor de R$12.000,00 par a coberta de despesas do exerc\u00edcio de 2022 (Processo 02/2021- INEXIGIBILDADE)"}, {"id": "4512", "ano": "2022", "numero": "67", "tipo__sigla": "DI", "tipo__descricao": "Di\u00e1rias e documentos relativos", "assunto": "Relat\u00f3rio de viagem Vitor Donizetti Siqueira Junior (Bras\u00edlia- 14/03/2022 a 17/03/2021)"}, {"id": "4745", "ano": "2022", "numero": "67", "tipo__sigla": "OR", "tipo__descricao": "OF\u00cdCIOS RECEBIDOS", "assunto": "Of\u00edcio 109/2022 prefeitura: resposta \u00e0 indica\u00e7\u00e3o 030 do vereador Luiz Felipe Mendon\u00e7a Rodrigues"}, {"id": "4942", "ano": "2022", "numero": "67", "tipo__sigla": "OVC", "tipo__descricao": "Of\u00edcio de Vereador/Comiss\u00e3o", "assunto": "Solicita ressarcimento"}, {"id": "5021", "ano": "2022", "numero": "67", "tipo__sigla": "PARE", "tipo__descricao": "PARECER", "assunto": "Parecer Jur\u00eddico - Projeto de Lei Complementar n\u00ba 11 - 2022 - Altera o Plano de Cargos e Sal\u00e1rios do Executivo - Secret\u00e1ria de Fazenda - Atribui\u00e7\u00f5es."}, {"id": "5772", "ano": "2022", "numero": "67", "tipo__sigla": "REV", "tipo__descricao": "Relat\u00f3rios de rodagem do ve\u00edculo e outros", "assunto": "Relat\u00f3rio rodagem  (15/12/2022): Levar diretora Kainne na Secretaria de Sa\u00fade para protocolar documento com chefe do transporte Eduardo Neves que se recusou a assinar e na prefeitura para protocolar com Paula"}, {"id": "4444", "ano": "2022", "numero": "68", "tipo__sigla": "OFEXP", "tipo__descricao": "Of\u00edcio Expedido", "assunto": "Estima o valor global de R$3,600,00 para contrata\u00e7\u00e3o de empresa especializada em abastecimento de \u00e1guas e esgoto (Processo 01/2021- Inexigibilidade)"}, {"id": "4513", "ano": "2022", "numero": "68", "tipo__sigla": "DI", "tipo__descricao": "Di\u00e1rias e documentos relativos", "assunto": "C\u00e1lculo de quantidades e de valores a pagar de di\u00e1rias  Luiz Felipe Mendon\u00e7a Rodrigues (Belo Horizonte- 18/03/2022 a 18/03/2022)"}, {"id": "4751", "ano": "2022", "numero": "68", "tipo__sigla": "OR", "tipo__descricao": "OF\u00cdCIOS RECEBIDOS", "assunto": "Convite para Comemora\u00e7\u00e3o do dia do trabalhador nos dias 30  de abril e 1\u00ba de maio"}, {"id": "4944", "ano": "2022", "numero": "68", "tipo__sigla": "OVC", "tipo__descricao": "Of\u00edcio de Vereador/Comiss\u00e3o", "assunto": "Solicita a emiss\u00e3o de dois cheques de R$ 120,00 para abastecimento do veiculo do legislativo nos dias 14 e 17 de junho de 2022"}, {"id": "5022", "ano": "2022", "numero": "68", "tipo__sigla": "PARE", "tipo__descricao": "PARECER", "assunto": "Parecer Jur\u00eddico - Dispensa - Curso - Servidores - Fiscaliza\u00e7\u00e3o, controle e aprimoramento de rotinas legislativas"}, {"id": "5784", "ano": "2022", "numero": "68", "tipo__sigla": "REV", "tipo__descricao": "Relat\u00f3rios de rodagem do ve\u00edculo e outros", "assunto": "Relat\u00f3rio rodagem (19/12/2022): Levar funcion\u00e1rias no mercado do Roney e na padaria para buscar caf\u00e9"}, {"id": "4445", "ano": "2022", "numero": "69", "tipo__sigla": "OFEXP", "tipo__descricao": "Of\u00edcio Expedido", "assunto": "Estima o valor global de R$3.000,00 para abertura de despesas do exerc\u00edcio 2022 para contrata\u00e7\u00e3o de servi\u00e7o de telefonia fixa"}, {"id": "4521", "ano": "2022", "numero": "69", "tipo__sigla": "DI", "tipo__descricao": "Di\u00e1rias e documentos relativos", "assunto": "An\u00e1lise de presta\u00e7\u00e3o de contas do recebimento de di\u00e1rias Vitor Donizetti Siqueira Junior (Belo Horizonte - 14/07/2022)"}, {"id": "4758", "ano": "2022", "numero": "69", "tipo__sigla": "OR", "tipo__descricao": "OF\u00cdCIOS RECEBIDOS", "assunto": "Of\u00edcio 003/2022 APAE- resposta ao of\u00edcio da Comiss\u00e3o de Educa\u00e7\u00e3o, Sa\u00fade e Assist\u00eancia Social"}, {"id": "4947", "ano": "2022", "numero": "69", "tipo__sigla": "OVC", "tipo__descricao": "Of\u00edcio de Vereador/Comiss\u00e3o", "assunto": "Of\u00edcio 03/2022 Solicita curso de capacita\u00e7\u00e3o"}, {"id": "5024", "ano": "2022", "numero": "69", "tipo__sigla": "PARE", "tipo__descricao": "PARECER", "assunto": "Parecer Jur\u00eddico - Projeto de Lei Complementar n\u00ba 14 - 2022 - Altera o Plano de Cargos e Sal\u00e1rios do Executivo - Contador e Procurador Geral do Munic\u00edpio."}, {"id": "5785", "ano": "2022", "numero": "69", "tipo__sigla": "REV", "tipo__descricao": "Relat\u00f3rios de rodagem do ve\u00edculo e outros", "assunto": "Relat\u00f3rio de rodagem (19/12/2022): Levar funcion\u00e1rias na lanchonete do Cristian e no mercado do Roney\r\nOBS: O ve\u00edculo continua pegando a frente no passeio mesmo depois das obras"}, {"id": "4446", "ano": "2022", "numero": "70", "tipo__sigla": "OFEXP", "tipo__descricao": "Of\u00edcio Expedido", "assunto": "Encaminha para publica\u00e7\u00e3o no Di\u00e1rio Oficial os avisos de licita\u00e7\u00e3o dos preg\u00f5es 002 e 003"}, {"id": "4522", "ano": "2022", "numero": "70", "tipo__sigla": "DI", "tipo__descricao": "Di\u00e1rias e documentos relativos", "assunto": "An\u00e1lise da presta\u00e7\u00e3o de contas do recebimento de di\u00e1rias Felipe Tom\u00e9 Mota e Silva (Belo Horizonte- 23/02/2022)"}, {"id": "4759", "ano": "2022", "numero": "70", "tipo__sigla": "OR", "tipo__descricao": "OF\u00cdCIOS RECEBIDOS", "assunto": "Of\u00edcio EMATER: Relat\u00f3rio anual de a\u00e7\u00f5es de assist\u00eancia t\u00e9cnica e extens\u00e3o rural- RAA"}, {"id": "4958", "ano": "2022", "numero": "70", "tipo__sigla": "OVC", "tipo__descricao": "Of\u00edcio de Vereador/Comiss\u00e3o", "assunto": "Of\u00edcio 10/2022\r\nSolicita informa\u00e7\u00e3o da APAE"}, {"id": "5070", "ano": "2022", "numero": "70", "tipo__sigla": "PARE", "tipo__descricao": "PARECER", "assunto": "Parecer Jur\u00eddico - Projeto de Lei Ordin\u00e1ria 21 - 2022 - LDO para 2023."}, {"id": "4462", "ano": "2022", "numero": "71", "tipo__sigla": "OFEXP", "tipo__descricao": "Of\u00edcio Expedido", "assunto": "Encaminha para publica\u00e7\u00e3o no di\u00e1rio oficial os avisos de licita\u00e7\u00e3o"}, {"id": "4524", "ano": "2022", "numero": "71", "tipo__sigla": "DI", "tipo__descricao": "Di\u00e1rias e documentos relativos", "assunto": "C\u00e1lculo de quantidade e de valores de di\u00e1rias a pagar Emerson Silva Ara\u00fajo (Belo Horizonte 22/03/2022 a 25/03/2022)"}, {"id": "4760", "ano": "2022", "numero": "71", "tipo__sigla": "OR", "tipo__descricao": "OF\u00cdCIOS RECEBIDOS", "assunto": "Solicita a retirada de tramita\u00e7\u00e3o do projeto de lei 45/2021"}, {"id": "4959", "ano": "2022", "numero": "71", "tipo__sigla": "OVC", "tipo__descricao": "Of\u00edcio de Vereador/Comiss\u00e3o", "assunto": "Of\u00edcio 09/2022\r\nSolicita informa\u00e7\u00f5es da secretaria de sa\u00fade"}, {"id": "5124", "ano": "2022", "numero": "71", "tipo__sigla": "PARE", "tipo__descricao": "PARECER", "assunto": "Parecer Jur\u00eddico - Dispensa - Mini Salgados"}, {"id": "4463", "ano": "2022", "numero": "72", "tipo__sigla": "OFEXP", "tipo__descricao": "Of\u00edcio Expedido", "assunto": "Encaminhamento de proposi\u00e7\u00f5es aprovadas na 5\u00aa reuni\u00e3o ordin\u00e1ria"}, {"id": "4525", "ano": "2022", "numero": "72", "tipo__sigla": "DI", "tipo__descricao": "Di\u00e1rias e documentos relativos", "assunto": "C\u00e1lculo de quantidade e de valores a pagar de di\u00e1rias Felipe Tom\u00e9 Mota e Silva (Belo Horizonte 22/03/2022 a 25/03/2022)"}, {"id": "4790", "ano": "2022", "numero": "72", "tipo__sigla": "OR", "tipo__descricao": "OF\u00cdCIOS RECEBIDOS", "assunto": "Of\u00edcio 125 prefeitura: resposta \u00e0 indica\u00e7\u00e3o 37 do vereador Vitor Donizetti Siqueira Junior"}, {"id": "5039", "ano": "2022", "numero": "72", "tipo__sigla": "OVC", "tipo__descricao": "Of\u00edcio de Vereador/Comiss\u00e3o", "assunto": "Solicita\u00e7\u00e3o de informa\u00e7\u00f5es a respeito da presta\u00e7\u00e3o de servi\u00e7o fonoaudi\u00f3logo"}, {"id": "5125", "ano": "2022", "numero": "72", "tipo__sigla": "PARE", "tipo__descricao": "PARECER", "assunto": "Parecer Jur\u00eddico - Dispensa - Aquisi\u00e7\u00e3o de G\u00e1s."}, {"id": "4492", "ano": "2022", "numero": "73", "tipo__sigla": "OFEXP", "tipo__descricao": "Of\u00edcio Expedido", "assunto": "Encaminha as indica\u00e7\u00f5es 023 e 024 do presidente Luiz Felipe Mendon\u00e7a Rodrigues"}, {"id": "4526", "ano": "2022", "numero": "73", "tipo__sigla": "DI", "tipo__descricao": "Di\u00e1rias e documentos relativos", "assunto": "C\u00e1lculo de quantidade e de valores a pagar  di\u00e1rias Alessandra Dixini Araujo (Belo Horizonte 22/03/2022 a 25/03/2022)"}, {"id": "4791", "ano": "2022", "numero": "73", "tipo__sigla": "OR", "tipo__descricao": "OF\u00cdCIOS RECEBIDOS", "assunto": "Of\u00edcio 126 prefeitura:  resposta ao requerimento 004/2022"}, {"id": "5040", "ano": "2022", "numero": "73", "tipo__sigla": "OVC", "tipo__descricao": "Of\u00edcio de Vereador/Comiss\u00e3o", "assunto": "Solicita informa\u00e7\u00f5es a respeito da regulariza\u00e7\u00e3o de associa\u00e7\u00e3o desportiva"}, {"id": "5126", "ano": "2022", "numero": "73", "tipo__sigla": "PARE", "tipo__descricao": "PARECER", "assunto": "Parecer Jur\u00eddico - Dispensa - C\u00e2meras de Seguran\u00e7a;"}, {"id": "4493", "ano": "2022", "numero": "74", "tipo__sigla": "OFEXP", "tipo__descricao": "Of\u00edcio Expedido", "assunto": "Encaminha as indica\u00e7\u00f5es 014, 015 e 016 do vereador Ezequiel da Silva"}, {"id": "4532", "ano": "2022", "numero": "74", "tipo__sigla": "DI", "tipo__descricao": "Di\u00e1rias e documentos relativos", "assunto": "An\u00e1lise da presta\u00e7\u00e3o de contas do recebimento de di\u00e1rias Alanis Carolina de Oliveira Moreira (Belo Horizonte- 23/02/2022)"}, {"id": "4792", "ano": "2022", "numero": "74", "tipo__sigla": "OR", "tipo__descricao": "OF\u00cdCIOS RECEBIDOS", "assunto": "Of\u00edcio 127 prefeitura: Resposta ao of\u00edcio 010/2022 do vereador Jackson Luiz Ven\u00e2ncio"}, {"id": "5042", "ano": "2022", "numero": "74", "tipo__sigla": "OVC", "tipo__descricao": "Of\u00edcio de Vereador/Comiss\u00e3o", "assunto": "Of\u00edcio 012/2022 Comiss\u00e3o Educa\u00e7\u00e3o, Sa\u00fade e Assist\u00eancia Social"}, {"id": "5154", "ano": "2022", "numero": "74", "tipo__sigla": "PARE", "tipo__descricao": "PARECER", "assunto": "Parecer Jur\u00eddico - Preg\u00e3o - Troca do Piso - Fase Pr\u00e9 Publica\u00e7\u00e3o do Edital"}, {"id": "4494", "ano": "2022", "numero": "75", "tipo__sigla": "OFEXP", "tipo__descricao": "Of\u00edcio Expedido", "assunto": "Encaminha indica\u00e7\u00f5es  002, 003 e 004 feitas pelo vereador Jackson Luiz Ven\u00e2ncio de Souza"}, {"id": "4570", "ano": "2022", "numero": "75", "tipo__sigla": "DI", "tipo__descricao": "Di\u00e1rias e documentos relativos", "assunto": "Relat\u00f3rio de viagem Alessandra Dixini Araujo (Belo Horizonte 22/03/20022 a 25/03/2022)"}, {"id": "4793", "ano": "2022", "numero": "75", "tipo__sigla": "OR", "tipo__descricao": "OF\u00cdCIOS RECEBIDOS", "assunto": "Of\u00edcio 124 prefeitura: resposta \u00e0s indica\u00e7\u00f5es 33, 34, 35 e 36 do vereador Luiz Felipe Mendon\u00e7a Rodrigues"}, {"id": "5043", "ano": "2022", "numero": "75", "tipo__sigla": "OVC", "tipo__descricao": "Of\u00edcio de Vereador/Comiss\u00e3o", "assunto": "Of\u00edcio 013/2022 Comiss\u00e3o de Educa\u00e7\u00e3o, Sa\u00fade e Assist\u00eancia Social"}, {"id": "5155", "ano": "2022", "numero": "75", "tipo__sigla": "PARE", "tipo__descricao": "PARECER", "assunto": "Parecer Jur\u00eddico - Projeto de Lei Ordin\u00e1ria n\u00ba 14 - 2022 - Abertura de Cr\u00e9dito Adicional Suplementar - Super\u00e1vit - R$ 396.800,00 (trezentos e noventa e seis mil e oitocentos reais)"}, {"id": "4495", "ano": "2022", "numero": "76", "tipo__sigla": "OFEXP", "tipo__descricao": "Of\u00edcio Expedido", "assunto": "Encaminhamento de proposi\u00e7\u00f5es aprovadas na 6\u00aa reuni\u00e3o ordin\u00e1ria"}, {"id": "4572", "ano": "2022", "numero": "76", "tipo__sigla": "DI", "tipo__descricao": "Di\u00e1rias e documentos relativos", "assunto": "Relat\u00f3rio de viagem Carlos C\u00e9zar Ribeiro (Belo Horizonte- 15/03/2022 a 18/03/2022)"}, {"id": "4794", "ano": "2022", "numero": "76", "tipo__sigla": "OR", "tipo__descricao": "OF\u00cdCIOS RECEBIDOS", "assunto": "Of\u00edcio 123 prefeitura: resposta \u00e0s indica\u00e7\u00f5es  31 e 32 do vereador Luiz Felipe Mendon\u00e7a Rodrigues"}, {"id": "5064", "ano": "2022", "numero": "76", "tipo__sigla": "OVC", "tipo__descricao": "Of\u00edcio de Vereador/Comiss\u00e3o", "assunto": "Solicita o empr\u00e9stimo de cadeiras de pl\u00e1stico para um evento na Igreja Assembleia de Deus do dia 17 de setembro"}, {"id": "5156", "ano": "2022", "numero": "76", "tipo__sigla": "PARE", "tipo__descricao": "PARECER", "assunto": "Parecer jur\u00eddico - Projeto de Lei Ordin\u00e1ria n\u00ba 15 - 2022 - Abertura de Cr\u00e9dito Adicional Especial - R$ 20.026,00 (vinte mil e vinte e seis reais)"}, {"id": "4496", "ano": "2022", "numero": "77", "tipo__sigla": "OFEXP", "tipo__descricao": "Of\u00edcio Expedido", "assunto": "Solicita o quantitativo de servidores do executivo por secretarias"}, {"id": "4592", "ano": "2022", "numero": "77", "tipo__sigla": "DI", "tipo__descricao": "Di\u00e1rias e documentos relativos", "assunto": "Requerimento de concess\u00e3o de di\u00e1rias adiantadas Kainne Delfino Joanas  (Belo Horizonte 05/04/2022 a 08/04/2022)"}, {"id": "4795", "ano": "2022", "numero": "77", "tipo__sigla": "OR", "tipo__descricao": "OF\u00cdCIOS RECEBIDOS", "assunto": "Of\u00edcio 122/2022 prefeitura: resposta \u00e0s indica\u00e7\u00f5es 20 e 21 do vereador Vitor Donizetti Siqueira Junior"}, {"id": "5068", "ano": "2022", "numero": "77", "tipo__sigla": "OVC", "tipo__descricao": "Of\u00edcio de Vereador/Comiss\u00e3o", "assunto": "Solicita informa\u00e7\u00f5es e documentos da Secretaria de Sa\u00fade"}, {"id": "5157", "ano": "2022", "numero": "77", "tipo__sigla": "PARE", "tipo__descricao": "PARECER", "assunto": "Parecer jur\u00eddico - Projeto de Lei Ordin\u00e1ria n\u00ba 16 - 2022 - Abertura de Cr\u00e9dito Adicional Especial - R$ 20.000,00 (vinte mil reais)"}, {"id": "4520", "ano": "2022", "numero": "78", "tipo__sigla": "OFEXP", "tipo__descricao": "Of\u00edcio Expedido", "assunto": "encaminha para publica\u00e7\u00e3o o extrato de inexigibilidade 04/2022"}, {"id": "4593", "ano": "2022", "numero": "78", "tipo__sigla": "DI", "tipo__descricao": "Di\u00e1rias e documentos relativos", "assunto": "Requerimento de concess\u00e3o de di\u00e1rias adiantadas Ruiter Silva de Oliveira (Belo Horizonte 05/04/2022 a 08/04/2022)"}, {"id": "4796", "ano": "2022", "numero": "78", "tipo__sigla": "OR", "tipo__descricao": "OF\u00cdCIOS RECEBIDOS", "assunto": "Of\u00edcio 121 prefeitura: resposta \u00e0 indica\u00e7\u00e3o 22 do vereador Vitor Donizetti Siqueira Junior"}, {"id": "5094", "ano": "2022", "numero": "78", "tipo__sigla": "OVC", "tipo__descricao": "Of\u00edcio de Vereador/Comiss\u00e3o", "assunto": "Of\u00edcio 12 de Educa\u00e7\u00e3o, Sa\u00fade e Assist\u00eancia Social reposta ao of\u00edcio 133 Secret\u00e1ria de Sa\u00fade"}, {"id": "5158", "ano": "2022", "numero": "78", "tipo__sigla": "PARE", "tipo__descricao": "PARECER", "assunto": "Parecer jur\u00eddico - Projeto de Lei Ordin\u00e1ria n\u00ba 17 - 2022 - Abertura de Cr\u00e9dito Adicional Especial -  R$ 31.365,70 (trinta e um mil trezentos e sessenta e cinco reais e setenta centavos)"}, {"id": "4531", "ano": "2022", "numero": "79", "tipo__sigla": "OFEXP", "tipo__descricao": "Of\u00edcio Expedido", "assunto": "Encaminha indica\u00e7\u00f5es 025, 026, 027, 028, 029 e 030 de autoria do presidente Luiz Felipe Mendon\u00e7a Rodrigues"}, {"id": "4594", "ano": "2022", "numero": "79", "tipo__sigla": "DI", "tipo__descricao": "Di\u00e1rias e documentos relativos", "assunto": "Requerimento de concess\u00e3o de di\u00e1rias adiantadas Vitor Donizetti Siqueira Junior (Belo Horizonte 05/04/2022 a 08/04/2022)"}, {"id": "4804", "ano": "2022", "numero": "79", "tipo__sigla": "OR", "tipo__descricao": "OF\u00cdCIOS RECEBIDOS", "assunto": "Veto ao projeto de lei ordin\u00e1ria do legislativo 36/2021"}, {"id": "5095", "ano": "2022", "numero": "79", "tipo__sigla": "OVC", "tipo__descricao": "Of\u00edcio de Vereador/Comiss\u00e3o", "assunto": "Of\u00edcio Comiss\u00e3o de Educa\u00e7\u00e3o, Sa\u00fade e Assist\u00eancia Social encaminha documenta\u00e7\u00e3o para senhora Jorgelane Talma"}, {"id": "5159", "ano": "2022", "numero": "79", "tipo__sigla": "PARE", "tipo__descricao": "PARECER", "assunto": "Parecer jur\u00eddico - Projeto de Lei Ordin\u00e1ria n\u00ba 17 - 2022 - Abertura de Cr\u00e9dito Adicional Especial - R$ 287.014,80 (duzentos e oitenta e sete mil e quatorze reais e oitenta centavos)"}, {"id": "4542", "ano": "2022", "numero": "80", "tipo__sigla": "OFEXP", "tipo__descricao": "Of\u00edcio Expedido", "assunto": "Encaminha reda\u00e7\u00e3o final dos projetos de leis complementares 01, 02 e 03/2022 ao executivo"}, {"id": "4597", "ano": "2022", "numero": "80", "tipo__sigla": "DI", "tipo__descricao": "Di\u00e1rias e documentos relativos", "assunto": "Relat\u00f3rio de viagem Felipe Tom\u00e9 Mota e Silva (Belo Horizonte- 22/03/2022 a 25/03/2022)"}, {"id": "4835", "ano": "2022", "numero": "80", "tipo__sigla": "OR", "tipo__descricao": "OF\u00cdCIOS RECEBIDOS", "assunto": "Of\u00edcio 140/2021 - encaminha balancetes de receitas e despesas referentes ao m\u00eas de mar\u00e7o/2022"}, {"id": "5102", "ano": "2022", "numero": "80", "tipo__sigla": "OVC", "tipo__descricao": "Of\u00edcio de Vereador/Comiss\u00e3o", "assunto": "Convoca para reuni\u00e3o ordin\u00e1ria da Comiss\u00e3o de Finan\u00e7as e Or\u00e7amento 04 de julho \u00e0s 18:00"}, {"id": "5160", "ano": "2022", "numero": "80", "tipo__sigla": "PARE", "tipo__descricao": "PARECER", "assunto": "Parecer jur\u00eddico - Projeto de Lei Ordin\u00e1ria n\u00ba 19 - 2022 - Abertura de Cr\u00e9dito Adicional Especial - R$ 60.000,00 (sessenta mil reais)"}, {"id": "4541", "ano": "2022", "numero": "81", "tipo__sigla": "OFEXP", "tipo__descricao": "Of\u00edcio Expedido", "assunto": "Encaminha reda\u00e7\u00e3o final dos projetos de leis complementares 01,02 e 03/2022 ao Minist\u00e9rio Publico"}, {"id": "4598", "ano": "2022", "numero": "81", "tipo__sigla": "DI", "tipo__descricao": "Di\u00e1rias e documentos relativos", "assunto": "Requerimento de concess\u00e3o de di\u00e1rias adiantadas Ezequiel da Silva (Belo Horizonte 05/04/2022 a 08/04/2022)"}, {"id": "4844", "ano": "2022", "numero": "81", "tipo__sigla": "OR", "tipo__descricao": "OF\u00cdCIOS RECEBIDOS", "assunto": "Encaminha a Lei Municipal n\u00ba 1.619 de 12 de maio de 2022"}, {"id": "5134", "ano": "2022", "numero": "81", "tipo__sigla": "OVC", "tipo__descricao": "Of\u00edcio de Vereador/Comiss\u00e3o", "assunto": "Proposta or\u00e7ament\u00e1ria para o ano de 2023"}, {"id": "5161", "ano": "2022", "numero": "81", "tipo__sigla": "PARE", "tipo__descricao": "PARECER", "assunto": "Parecer jur\u00eddico - Projeto de Lei Ordin\u00e1ria n\u00ba 20 - 2022 - Abertura de Cr\u00e9dito Adicional Especial - R$ 219.095,81 (duzentos e dezenove mil novecentos e cinco reais e oitenta e um centavos)"}, {"id": "4579", "ano": "2022", "numero": "82", "tipo__sigla": "OFEXP", "tipo__descricao": "Of\u00edcio Expedido", "assunto": "Encaminha indica\u00e7\u00f5es 017 e 018 do vereador Ezequiel da Silva"}, {"id": "4599", "ano": "2022", "numero": "82", "tipo__sigla": "DI", "tipo__descricao": "Di\u00e1rias e documentos relativos", "assunto": "An\u00e1lise da presta\u00e7\u00e3o de contas do recebimento de di\u00e1rias Felipe Tom\u00e9 Mota e Silva (Belo Horizonte- 22/03/2022)"}, {"id": "4846", "ano": "2022", "numero": "82", "tipo__sigla": "OR", "tipo__descricao": "OF\u00cdCIOS RECEBIDOS", "assunto": "Of\u00edcio 147/2022 - Encaminha documenta\u00e7\u00e3o solicitada pela comiss\u00e3o de Educa\u00e7\u00e3o, Sa\u00fade e Assist\u00eancia Social"}, {"id": "5165", "ano": "2022", "numero": "82", "tipo__sigla": "OVC", "tipo__descricao": "Of\u00edcio de Vereador/Comiss\u00e3o", "assunto": "Solicita inscri\u00e7\u00e3o no curso: Nova Lei de licita\u00e7\u00f5es (Lei 14.133 de 2021)"}, {"id": "5195", "ano": "2022", "numero": "82", "tipo__sigla": "PARE", "tipo__descricao": "PARECER", "assunto": "Parecer Jur\u00eddico - Dispensa - Aquisi\u00e7\u00e3o de Bateria para Carro Oficial da C\u00e2mara - Fluence - Renault."}, {"id": "4580", "ano": "2022", "numero": "83", "tipo__sigla": "OFEXP", "tipo__descricao": "Of\u00edcio Expedido", "assunto": "Encaminha indica\u00e7\u00e3o 019 feita pelo vereador Vitor Donizetti Siqueira Junior"}, {"id": "4600", "ano": "2022", "numero": "83", "tipo__sigla": "DI", "tipo__descricao": "Di\u00e1rias e documentos relativos", "assunto": "An\u00e1lise da presta\u00e7\u00e3o de contas do recebimento de di\u00e1rias Carlos Cezar Ribeiro (Belo Horizonte - 15/03/2021)"}, {"id": "4855", "ano": "2022", "numero": "83", "tipo__sigla": "OR", "tipo__descricao": "OF\u00cdCIOS RECEBIDOS", "assunto": "Of\u00edcio 155/2022 prefeitura: resposta \u00e0s indica\u00e7\u00f5es 038 e 039 do vereador Luiz Felipe Mendon\u00e7a Rodrigues"}, {"id": "5189", "ano": "2022", "numero": "83", "tipo__sigla": "OVC", "tipo__descricao": "Of\u00edcio de Vereador/Comiss\u00e3o", "assunto": "Solicita psic\u00f3logo para atender adolescentes e seus pais na rede p\u00fablica de sa\u00fade"}, {"id": "5196", "ano": "2022", "numero": "83", "tipo__sigla": "PARE", "tipo__descricao": "PARECER", "assunto": "Parecer Jur\u00eddico - Dispensa - Equipamento de \u00c1udio e Som."}, {"id": "4581", "ano": "2022", "numero": "84", "tipo__sigla": "OFEXP", "tipo__descricao": "Of\u00edcio Expedido", "assunto": "Encaminha a indica\u00e7\u00e3o 030 de autoria desse presidente"}, {"id": "4601", "ano": "2022", "numero": "84", "tipo__sigla": "DI", "tipo__descricao": "Di\u00e1rias e documentos relativos", "assunto": "An\u00e1lise da presta\u00e7\u00e3o de contas do recebimento de di\u00e1rias Alessandra Dixini Araujo (Belo Horizonte- 22/03/2022)"}, {"id": "4856", "ano": "2022", "numero": "84", "tipo__sigla": "OR", "tipo__descricao": "OF\u00cdCIOS RECEBIDOS", "assunto": "Of\u00edcio 151/2022 prefeitura: Respostas \u00e0s indica\u00e7\u00f5es 041 e 042 do vereador Luiz Felipe Mendon\u00e7a Rodrigues"}, {"id": "5190", "ano": "2022", "numero": "84", "tipo__sigla": "OVC", "tipo__descricao": "Of\u00edcio de Vereador/Comiss\u00e3o", "assunto": "Solicita a retirada da grama do parquinho e aplica\u00e7\u00e3o de cimento"}, {"id": "5197", "ano": "2022", "numero": "84", "tipo__sigla": "PARE", "tipo__descricao": "PARECER", "assunto": "Parecer Jur\u00eddico - Curso - Inexigibilidade."}, {"id": "4587", "ano": "2022", "numero": "85", "tipo__sigla": "OFEXP", "tipo__descricao": "Of\u00edcio Expedido", "assunto": "Solicita inscri\u00e7\u00e3o no curso \"Contrata\u00e7\u00e3o direta na nova lei de licita\u00e7\u00f5es (dispensa e inexigibilidade de licita\u00e7\u00e3o de acordo com a lei 14.133/2021\""}, {"id": "4603", "ano": "2022", "numero": "85", "tipo__sigla": "DI", "tipo__descricao": "Di\u00e1rias e documentos relativos", "assunto": "Requerimento de concess\u00e3o de di\u00e1rias adiantadas Carlos C\u00e9zar Ribeiro  (Belo Horizonte- 05/04/2022 a 08/04/2022)"}, {"id": "4857", "ano": "2022", "numero": "85", "tipo__sigla": "OR", "tipo__descricao": "OF\u00cdCIOS RECEBIDOS", "assunto": "Of\u00edcio 152/2022 prefeitura:  reposta \u00e0 indica\u00e7\u00e3o 040 do vereador Luiz Felipe Mendon\u00e7a Rodrigues"}, {"id": "5191", "ano": "2022", "numero": "85", "tipo__sigla": "OVC", "tipo__descricao": "Of\u00edcio de Vereador/Comiss\u00e3o", "assunto": "Solicita informa\u00e7\u00f5es acerca da cria\u00e7\u00e3o do projeto Menina Flor"}, {"id": "5228", "ano": "2022", "numero": "85", "tipo__sigla": "PARE", "tipo__descricao": "PARECER", "assunto": "Parecer Jur\u00eddico - Projeto de Lei Ordin\u00e1ria n\u00ba 22 - 2022 - Abertura de Cr\u00e9dito Suplementar Especial - Excesso de arrecada\u00e7\u00e3o - R$ 219.095,81 (duzentos e dezenove mil novecentos e cinco reais e oitenta e um centavos);"}, {"id": "4590", "ano": "2022", "numero": "86", "tipo__sigla": "OFEXP", "tipo__descricao": "Of\u00edcio Expedido", "assunto": "Solicita informa\u00e7\u00f5es sobre o incentivo ao futebol feminino"}, {"id": "4605", "ano": "2022", "numero": "86", "tipo__sigla": "DI", "tipo__descricao": "Di\u00e1rias e documentos relativos", "assunto": "Requerimento de concess\u00e3o de di\u00e1rias adiantadas Maria Aparecida de Ara\u00fajo Reis (Belo Horizonte- 05/04/2022 a 08/04/2022)"}, {"id": "4858", "ano": "2022", "numero": "86", "tipo__sigla": "OR", "tipo__descricao": "OF\u00cdCIOS RECEBIDOS", "assunto": "Of\u00edcio 153/2022 prefeitura: Resposta \u00e0s indica\u00e7\u00f5es 025 e os requerimentos 001, 006 e 007"}, {"id": "5192", "ano": "2022", "numero": "86", "tipo__sigla": "OVC", "tipo__descricao": "Of\u00edcio de Vereador/Comiss\u00e3o", "assunto": "Solicita provid\u00eancias para suprir as car\u00eancias da UBS"}, {"id": "5229", "ano": "2022", "numero": "86", "tipo__sigla": "PARE", "tipo__descricao": "PARECER", "assunto": "Parecer Jur\u00eddico - Projeto de Lei Ordin\u00e1rio n\u00ba 23 - 2022 - Abertura de Cr\u00e9dito Especial - Super\u00e1vit - R$ 123.000,00 (cento e vinte e tr\u00eas mil reais)"}, {"id": "4602", "ano": "2022", "numero": "87", "tipo__sigla": "OFEXP", "tipo__descricao": "Of\u00edcio Expedido", "assunto": "Convoca o Secret\u00e1rio Municipal de Obras para reuni\u00e3o ordin\u00e1ria no dia 04/04/2022 as 19:00 horas"}, {"id": "4612", "ano": "2022", "numero": "87", "tipo__sigla": "DI", "tipo__descricao": "Di\u00e1rias e documentos relativos", "assunto": "Requerimento de concess\u00e3o de di\u00e1ria adiantadas Walter Silva (05/04/2022 a 08/04/2022)"}, {"id": "4859", "ano": "2022", "numero": "87", "tipo__sigla": "OR", "tipo__descricao": "OF\u00cdCIOS RECEBIDOS", "assunto": "Of\u00edcio 154/2022 prefeitura: resposta \u00e0s indica\u00e7\u00f5es 023 e 024  do Vitor Donizetti Siqueira Junior"}, {"id": "5207", "ano": "2022", "numero": "87", "tipo__sigla": "OVC", "tipo__descricao": "Of\u00edcio de Vereador/Comiss\u00e3o", "assunto": "Solicita informa\u00e7\u00f5es sobre a resposto do requerimento 09/2022"}, {"id": "5230", "ano": "2022", "numero": "87", "tipo__sigla": "PARE", "tipo__descricao": "PARECER", "assunto": "Parecer Jur\u00eddico - Projeto de Lei Ordin\u00e1ria - 24 - 2022 - Abertura de Cr\u00e9dito Suplementar - R$ 29.400,00 - Vinte e nove mil e quatrocentos reais;"}, {"id": "4613", "ano": "2022", "numero": "88", "tipo__sigla": "DI", "tipo__descricao": "Di\u00e1rias e documentos relativos", "assunto": "Relat\u00f3rio de viagem Maria Aparecida de Ara\u00fajo Reis (Belo Horizonte 15/03/2022 a 18/03/2022)"}, {"id": "4639", "ano": "2022", "numero": "88", "tipo__sigla": "OFEXP", "tipo__descricao": "Of\u00edcio Expedido", "assunto": "Solicita a libera\u00e7\u00e3o de recursos - Deputado Hugo Leal"}, {"id": "4867", "ano": "2022", "numero": "88", "tipo__sigla": "OR", "tipo__descricao": "OF\u00cdCIOS RECEBIDOS", "assunto": "Solicita agendamento de reuni\u00e3o com a Comiss\u00e3o de Sa\u00fade  para tratar de assuntos relacionados \u00e0  sa\u00fade de Leda Caires Bastos"}, {"id": "5208", "ano": "2022", "numero": "88", "tipo__sigla": "OVC", "tipo__descricao": "Of\u00edcio de Vereador/Comiss\u00e3o", "assunto": "Solicita informa\u00e7\u00f5es acerca das recomenda\u00e7\u00f5es do CREF junto \u00e0 secretaria de esporte"}, {"id": "5231", "ano": "2022", "numero": "88", "tipo__sigla": "PARE", "tipo__descricao": "PARECER", "assunto": "Parecer Jur\u00eddico - Projeto de Lei n\u00ba 25 - 2022 - Abertura de Cr\u00e9dito Suplementar - R$ 23.097,80 (vinte e tr\u00eas mil e noventa e noventa e sete reais e oitenta centavos)."}, {"id": "4614", "ano": "2022", "numero": "89", "tipo__sigla": "DI", "tipo__descricao": "Di\u00e1rias e documentos relativos", "assunto": "C\u00e1lculo de quantidade e de valores a pagar de di\u00e1rias Alanis Carolina de Oliveira Moreira"}, {"id": "4640", "ano": "2022", "numero": "89", "tipo__sigla": "OFEXP", "tipo__descricao": "Of\u00edcio Expedido", "assunto": "Encaminha para publica\u00e7\u00e3o no Di\u00e1rio Oficial do Extrato de dispensa 03/2022"}, {"id": "4882", "ano": "2022", "numero": "89", "tipo__sigla": "OR", "tipo__descricao": "OF\u00cdCIOS RECEBIDOS", "assunto": "Solicita a  autoriza\u00e7\u00e3o pra que o procurador legislativo participe da equipe de planejamento de contrata\u00e7\u00e3o"}, {"id": "5222", "ano": "2022", "numero": "89", "tipo__sigla": "OVC", "tipo__descricao": "Of\u00edcio de Vereador/Comiss\u00e3o", "assunto": "Convoca reuni\u00e3o da Comiss\u00e3o de Educa\u00e7\u00e3o, Sa\u00fade e Assist\u00eancia Social dia 08 de agosto de 2022 \u00e0s 18:00"}, {"id": "5232", "ano": "2022", "numero": "89", "tipo__sigla": "PARE", "tipo__descricao": "PARECER", "assunto": "Parecer Jur\u00eddico - Projeto de Lei n\u00ba 26 - 2022 - Abertura de Cr\u00e9dito Suplementar - R$ 100.000,00 (cem mil reais)."}, {"id": "4615", "ano": "2022", "numero": "90", "tipo__sigla": "DI", "tipo__descricao": "Di\u00e1rias e documentos relativos", "assunto": "C\u00e1lculo de quantidade e de valores a pagar de di\u00e1rias Ruiter Silva de Oliveira"}, {"id": "4647", "ano": "2022", "numero": "90", "tipo__sigla": "OFEXP", "tipo__descricao": "Of\u00edcio Expedido", "assunto": "Encaminha  c\u00f3pia das proposi\u00e7\u00f5es aprovadas na 2\u00aa reuni\u00e3o extraordin\u00e1ria realizada no dia 04 de abril de 2022."}, {"id": "4897", "ano": "2022", "numero": "90", "tipo__sigla": "OR", "tipo__descricao": "OF\u00cdCIOS RECEBIDOS", "assunto": "Encaminha os balancetes de receitas e despesas referentes ao m\u00eas de abril de 2022"}, {"id": "5233", "ano": "2022", "numero": "90", "tipo__sigla": "PARE", "tipo__descricao": "PARECER", "assunto": "Parecer Jur\u00eddico - Projeto de Lei Ordin\u00e1rio - 27 - 2022 - Abertura de Cr\u00e9dito Suplementar - R$ 29.572,00 (vinte e nove mil e quinhentos e setenta e dois reais)."}, {"id": "5240", "ano": "2022", "numero": "90", "tipo__sigla": "OVC", "tipo__descricao": "Of\u00edcio de Vereador/Comiss\u00e3o", "assunto": "Responde documento no qual solicita providencias da Comiss\u00e3o de Educa\u00e7\u00e3o, sa\u00fade, e Assist\u00eancia Social (Jorgelane Talma)"}, {"id": "4616", "ano": "2022", "numero": "91", "tipo__sigla": "DI", "tipo__descricao": "Di\u00e1rias e documentos relativos", "assunto": "C\u00e1lculo de quantidade e de valores a pagar de di\u00e1rias Vitor Donizetti Siqueira Junior"}, {"id": "4648", "ano": "2022", "numero": "91", "tipo__sigla": "OFEXP", "tipo__descricao": "Of\u00edcio Expedido", "assunto": "Encaminha as indica\u00e7\u00f5es 020 e 021 do vereador Vitor Donizetti Siqueira Junior"}, {"id": "5003", "ano": "2022", "numero": "91", "tipo__sigla": "OR", "tipo__descricao": "OF\u00cdCIOS RECEBIDOS", "assunto": "Resposta ao Of\u00edcio 157/2022 Presid\u00eancia/CMSV"}, {"id": "5234", "ano": "2022", "numero": "91", "tipo__sigla": "PARE", "tipo__descricao": "PARECER", "assunto": "Parecer jur\u00eddico - Projeto de Lei n\u00ba 28 - 2022 - Abertura de Cr\u00e9dito Suplementar - Super\u00e1vit - R$ 76.772,30 (setenta e seis mil setecentos e setenta e dois reais e trinta centavos)"}, {"id": "5245", "ano": "2022", "numero": "91", "tipo__sigla": "OVC", "tipo__descricao": "Of\u00edcio de Vereador/Comiss\u00e3o", "assunto": "Solicita abertura de processo administrativo para contrata\u00e7\u00e3o do curso: \"A possibilidade da interfer\u00eancia do poder judici\u00e1rio na discricionariedade da administra\u00e7\u00e3o p\u00fablica\""}, {"id": "4617", "ano": "2022", "numero": "92", "tipo__sigla": "DI", "tipo__descricao": "Di\u00e1rias e documentos relativos", "assunto": "An\u00e1lise da presta\u00e7\u00e3o de contas do recebimento de di\u00e1rias Maria Aparecida de Ara\u00fajo Reis (Belo Horizonte 15/03/2022)"}, {"id": "4649", "ano": "2022", "numero": "92", "tipo__sigla": "OFEXP", "tipo__descricao": "Of\u00edcio Expedido", "assunto": "Encaminha as indica\u00e7\u00f5es 031 e 032 de autoria do presidente Luiz Felipe Mendon\u00e7a Rodrigues"}, {"id": "5014", "ano": "2022", "numero": "92", "tipo__sigla": "OR", "tipo__descricao": "OF\u00cdCIOS RECEBIDOS", "assunto": "Of\u00edcio 167 prefeitura: resposta \u00e0 indica\u00e7\u00e3o 047 do vereador Luiz Felipe Mendon\u00e7a Rodrigues"}, {"id": "5235", "ano": "2022", "numero": "92", "tipo__sigla": "PARE", "tipo__descricao": "PARECER", "assunto": "Parecer jur\u00eddico - Projeto de Lei n\u00ba 29 - 2022 - Abertura de Cr\u00e9dito Suplementar - Super\u00e1vit - R$ 20.237,38 (vinte mil duzentos e trinta e sete reais e trinta e oito centavos)."}, {"id": "5291", "ano": "2022", "numero": "92", "tipo__sigla": "OVC", "tipo__descricao": "Of\u00edcio de Vereador/Comiss\u00e3o", "assunto": "Solicita informa\u00e7\u00f5es acerca da emiss\u00e3o de atestados m\u00e9dico nos postos de sa\u00fade do munic\u00edpio"}, {"id": "4622", "ano": "2022", "numero": "93", "tipo__sigla": "DI", "tipo__descricao": "Di\u00e1rias e documentos relativos", "assunto": "C\u00e1lculo de quantidades e de valores a  pagar de di\u00e1rias Kainne Delfino Joanas (Belo Horizonte 05/04/2022 a 08/04/2022)"}, {"id": "4662", "ano": "2022", "numero": "93", "tipo__sigla": "OFEXP", "tipo__descricao": "Of\u00edcio Expedido", "assunto": "Encaminha  as indica\u00e7\u00f5es 033, 034, 035 e 036 da autoria do presidente Luiz Felipe Mendon\u00e7a Rodrigues"}, {"id": "5015", "ano": "2022", "numero": "93", "tipo__sigla": "OR", "tipo__descricao": "OF\u00cdCIOS RECEBIDOS", "assunto": "Of\u00edcio 169/2022 prefeitura: Resposta \u00e0s indica\u00e7\u00f5es 045 e 046 do vereador Luiz Felipe Mendon\u00e7a Rodrigues"}, {"id": "5236", "ano": "2022", "numero": "93", "tipo__sigla": "PARE", "tipo__descricao": "PARECER", "assunto": "Parecer Jur\u00eddico - Projeto de Lei Ordin\u00e1rio n\u00ba 30 - 2022 - Abertura de Cr\u00e9dito Suplementar - Super\u00e1vit - R$ 78.690,32 (setenta e oito mil e seiscentos e noventa reais e trinta dois centavos)."}, {"id": "5292", "ano": "2022", "numero": "93", "tipo__sigla": "OVC", "tipo__descricao": "Of\u00edcio de Vereador/Comiss\u00e3o", "assunto": "Solicita informa\u00e7\u00f5es acerca marca\u00e7\u00e3o de oculista"}, {"id": "4633", "ano": "2022", "numero": "94", "tipo__sigla": "DI", "tipo__descricao": "Di\u00e1rias e documentos relativos", "assunto": "C\u00e1lculo de quantidade e de valores a pagar de di\u00e1rias Luiz Felipe Mendon\u00e7a Rodrigues (08/03/2022)"}, {"id": "4665", "ano": "2022", "numero": "94", "tipo__sigla": "OFEXP", "tipo__descricao": "Of\u00edcio Expedido", "assunto": "Encaminha para publica\u00e7\u00e3o no Di\u00e1rio Oficial, os Extratos de Inexigibilidade 05 e 06/2022"}, {"id": "5016", "ano": "2022", "numero": "94", "tipo__sigla": "OR", "tipo__descricao": "OF\u00cdCIOS RECEBIDOS", "assunto": "Resposta \u00e0 indica\u00e7\u00e3o 26 e o of\u00edcio 008 do vereador Vitor Donizetti Siqueira Junior"}, {"id": "5252", "ano": "2022", "numero": "94", "tipo__sigla": "PARE", "tipo__descricao": "PARECER", "assunto": "Parecer Jur\u00eddico - Licita\u00e7\u00e3o - Preg\u00e3o Presencial - Contrata\u00e7\u00e3o de Empresa para Prestar Consultoria."}, {"id": "5295", "ano": "2022", "numero": "94", "tipo__sigla": "OVC", "tipo__descricao": "Of\u00edcio de Vereador/Comiss\u00e3o", "assunto": "Solicita abertura de processo administrativo para contrata\u00e7\u00e3o do curso : \"A possibilidade da interfer\u00eancia do poder judici\u00e1rio na discricionariedade da administra\u00e7\u00e3o p\u00fablica\""}, {"id": "4636", "ano": "2022", "numero": "95", "tipo__sigla": "DI", "tipo__descricao": "Di\u00e1rias e documentos relativos", "assunto": "Requerimento de concess\u00e3o de di\u00e1ria vencidas Luiz Felipe Mendon\u00e7a Rodrigues 30/03/2022 a 01/04/2022"}, {"id": "4666", "ano": "2022", "numero": "95", "tipo__sigla": "OFEXP", "tipo__descricao": "Of\u00edcio Expedido", "assunto": "Encaminha a indica\u00e7\u00e3o 022 feita pelo vereador Vitor Donizetti Siqueira Junior"}, {"id": "5017", "ano": "2022", "numero": "95", "tipo__sigla": "OR", "tipo__descricao": "OF\u00cdCIOS RECEBIDOS", "assunto": "Of\u00edcio 172/2022 prefeitura: Resposta \u00e0s indica\u00e7\u00f5es 048, 049 e 050 do vereador Luiz Felipe Mendon\u00e7a Rodrigues"}, {"id": "5253", "ano": "2022", "numero": "95", "tipo__sigla": "PARE", "tipo__descricao": "PARECER", "assunto": "Parecer Jur\u00eddico - Dispensa de Licita\u00e7\u00e3o - Aquisi\u00e7\u00e3o de Produtos de Panifica\u00e7\u00e3o."}, {"id": "5296", "ano": "2022", "numero": "95", "tipo__sigla": "OVC", "tipo__descricao": "Of\u00edcio de Vereador/Comiss\u00e3o", "assunto": "Solicita abertura de processo administrativo para contrata\u00e7\u00e3o do curso : \"A possibilidade da interfer\u00eancia do poder judici\u00e1rio na discricionariedade da administra\u00e7\u00e3o p\u00fablica\""}, {"id": "4643", "ano": "2022", "numero": "96", "tipo__sigla": "DI", "tipo__descricao": "Di\u00e1rias e documentos relativos", "assunto": "Requerimento de concess\u00e3o de di\u00e1rias adiantadas Ronalthe Dayglas Rocha (Belo Horizonte 05/04/2022 a 08/04/2022)"}, {"id": "4670", "ano": "2022", "numero": "96", "tipo__sigla": "OFEXP", "tipo__descricao": "Of\u00edcio Expedido", "assunto": "Solicita documentos relativos a legisla\u00e7\u00e3o do meio ambiente e contrato com a COPASA."}, {"id": "5018", "ano": "2022", "numero": "96", "tipo__sigla": "OR", "tipo__descricao": "OF\u00cdCIOS RECEBIDOS", "assunto": "Of\u00edcio 171/2022 Prefeitura: Resposta \u00e0 indica\u00e7\u00e3o 002 da vereadora Maria Aparecida de Ara\u00fajo Reis"}, {"id": "5273", "ano": "2022", "numero": "96", "tipo__sigla": "PARE", "tipo__descricao": "PARECER", "assunto": "Parecer Jur\u00eddico - Projeto de Lei Ordin\u00e1rio 43 - 2023 - Abertura de Cr\u00e9dito Especial - Excesso de Arrecada\u00e7\u00e3o - R$ 204.356,93 (duzentos e quatro mil trezentos de cinquenta e seis reais e noventa e tr\u00eas centavos);"}, {"id": "5299", "ano": "2022", "numero": "96", "tipo__sigla": "OVC", "tipo__descricao": "Of\u00edcio de Vereador/Comiss\u00e3o", "assunto": "Convida Sra. Jorgelane Talma Caires para reuni\u00e3o no dia 22 de agosto de 2022 18h"}, {"id": "4671", "ano": "2022", "numero": "97", "tipo__sigla": "OFEXP", "tipo__descricao": "Of\u00edcio Expedido", "assunto": "Reposta aos of\u00edcios n\u00ba 97 e 99 do Executivo - Perguntando sobre a tramita\u00e7\u00e3o dos PL 29, 41 e 45 de 2021."}, {"id": "4687", "ano": "2022", "numero": "97", "tipo__sigla": "DI", "tipo__descricao": "Di\u00e1rias e documentos relativos", "assunto": "Relat\u00f3rio de viagem Alanis Carolina de Oliveira Moreira (Belo Horizonte 05/04/2022 a 08/04/2022)"}, {"id": "5019", "ano": "2022", "numero": "97", "tipo__sigla": "OR", "tipo__descricao": "OF\u00cdCIOS RECEBIDOS", "assunto": "Of\u00edcio 170/2022 prefeitura: Resposta \u00e0 indica\u00e7\u00e3o 027 e ao requerimento 009 do vereador Vitor Donizetti Siqueira Junior"}, {"id": "5275", "ano": "2022", "numero": "97", "tipo__sigla": "PARE", "tipo__descricao": "PARECER", "assunto": "Parecer jur\u00eddico - Projeto de Lei Ordin\u00e1ria n\u00ba 44 - Abertura de Cr\u00e9dito Especial - Super\u00e1vit - R$ 56.408,83 (cinquenta e seis mil e quatrocentos e oito reais oitocentos e tr\u00eas)."}, {"id": "5300", "ano": "2022", "numero": "97", "tipo__sigla": "OVC", "tipo__descricao": "Of\u00edcio de Vereador/Comiss\u00e3o", "assunto": "Informa Sra. Paula Figueiredo sobre reuni\u00e3o que ser\u00e1 realizada no dia 18 de agosto de 2022 15h (Leda Caires Bastos)"}, {"id": "4680", "ano": "2022", "numero": "98", "tipo__sigla": "OFEXP", "tipo__descricao": "Of\u00edcio Expedido", "assunto": "Encaminha c\u00f3pia dos projetos de lei aprovados na 10\u00aa reuni\u00e3o ordin\u00e1ria do dia 11 de abril de 2022"}, {"id": "4688", "ano": "2022", "numero": "98", "tipo__sigla": "DI", "tipo__descricao": "Di\u00e1rias e documentos relativos", "assunto": "Relat\u00f3rio de viagem Ronalthe Dayglas Rocha (Belo Horizonte 05/04/2022 a 08/04/2022)"}, {"id": "5041", "ano": "2022", "numero": "98", "tipo__sigla": "OR", "tipo__descricao": "OF\u00cdCIOS RECEBIDOS", "assunto": "Of\u00edcio recebido 125/2022: resposta ao of\u00edcio 09/2022 da Comiss\u00e3o de Educa\u00e7\u00e3o, Sa\u00fade e Assist\u00eancia Social"}, {"id": "5277", "ano": "2022", "numero": "98", "tipo__sigla": "PARE", "tipo__descricao": "PARECER", "assunto": "Parecer Jur\u00eddico - Projeto de Lei Ordin\u00e1rio n\u00ba 45 - 2022 - Abertura de Cr\u00e9dito Especial - Super\u00e1vit  - R$ 101.406,71 (Cento e um mil quatrocentos e seis reais e setenta e um centavos)."}, {"id": "5311", "ano": "2022", "numero": "98", "tipo__sigla": "OVC", "tipo__descricao": "Of\u00edcio de Vereador/Comiss\u00e3o", "assunto": "Solicita inscri\u00e7\u00e3o no curso: A possibilidade da interfer\u00eancia do poder judici\u00e1rio na discricionariedade da Administra\u00e7\u00e3o P\u00fablica"}, {"id": "4689", "ano": "2022", "numero": "99", "tipo__sigla": "DI", "tipo__descricao": "Di\u00e1rias e documentos relativos", "assunto": "Relat\u00f3rio de viagem Felipe Tom\u00e9 Mota e Silva (Belo Horizonte 05/04/2022 a 08/04/2022)"}, {"id": "4690", "ano": "2022", "numero": "99", "tipo__sigla": "OFEXP", "tipo__descricao": "Of\u00edcio Expedido", "assunto": "Solicita que a Comiss\u00e3o de Licita\u00e7\u00e3o inicie os procedimentos para aquisi\u00e7\u00e3o de equipamentos eletr\u00f4nicos, c\u00e2meras de v\u00eddeo monitoramento"}, {"id": "5074", "ano": "2022", "numero": "99", "tipo__sigla": "OR", "tipo__descricao": "OF\u00cdCIOS RECEBIDOS", "assunto": "Of\u00edcio recebido prefeitura 130/2022: resposta ao of\u00edcio do vereador Jackson Luiz Ven\u00e2ncio de Souza"}, {"id": "5278", "ano": "2022", "numero": "99", "tipo__sigla": "PARE", "tipo__descricao": "PARECER", "assunto": "Parecer Jur\u00eddico - Projeto de Lei n\u00ba 46 - 2022 - Abertura de Cr\u00e9dito Especial - Excesso de Arrecada\u00e7\u00e3o - R$ 200.000,00 (duzentos mil reais);"}, {"id": "5321", "ano": "2022", "numero": "99", "tipo__sigla": "OVC", "tipo__descricao": "Of\u00edcio de Vereador/Comiss\u00e3o", "assunto": "Solicita cancelamento da inscri\u00e7\u00e3o no curso A possibilidade de interfer\u00eancia do Poder Judici\u00e1rio na discricionariedade da administra\u00e7\u00e3o p\u00fablica (23/08 a 26/08)"}, {"id": "4691", "ano": "2022", "numero": "100", "tipo__sigla": "DI", "tipo__descricao": "Di\u00e1rias e documentos relativos", "assunto": "Relat\u00f3rio de viagem Kainne Delfino Joanas (Belo Horizonte 05/04/2022 a 08/04/2022)"}, {"id": "4699", "ano": "2022", "numero": "100", "tipo__sigla": "OFEXP", "tipo__descricao": "Of\u00edcio Expedido", "assunto": "Resposta ao of\u00edcio 060 Minist\u00e9rio P\u00fablico do Meio Ambiente"}, {"id": "5075", "ano": "2022", "numero": "100", "tipo__sigla": "OR", "tipo__descricao": "OF\u00cdCIOS RECEBIDOS", "assunto": "Of\u00edcio 131 prefeitura: Resposta ao of\u00edcio 011 da Comiss\u00e3o de Educa\u00e7\u00e3o, Sa\u00fade e Assist\u00eancia Social"}, {"id": "5282", "ano": "2022", "numero": "100", "tipo__sigla": "PARE", "tipo__descricao": "PARECER", "assunto": "Parecer jur\u00eddico - Projeto de Lei Complementar n\u00ba 09 - 2022 - Aumenta a Remunera\u00e7\u00e3o do cargo de t\u00e9cnico em contabilidade."}, {"id": "5322", "ano": "2022", "numero": "100", "tipo__sigla": "OVC", "tipo__descricao": "Of\u00edcio de Vereador/Comiss\u00e3o", "assunto": "Solicita cancelamento da inscri\u00e7\u00e3o no curso A possibilidade de interfer\u00eancia do Poder Judici\u00e1rio na discricionariedade da administra\u00e7\u00e3o p\u00fablica (23/08 a 26/08)"}, {"id": "4692", "ano": "2022", "numero": "101", "tipo__sigla": "DI", "tipo__descricao": "Di\u00e1rias e documentos relativos", "assunto": "Relat\u00f3rio de viagem Vitor Donizetti Siqueira Junior (Belo Horizonte 05/04/2022 a 08/04/2022)"}, {"id": "4701", "ano": "2022", "numero": "101", "tipo__sigla": "OFEXP", "tipo__descricao": "Of\u00edcio Expedido", "assunto": "Solicita informa\u00e7\u00f5es sobre o tratamento da Sra. Leda Bastos."}, {"id": "5076", "ano": "2022", "numero": "101", "tipo__sigla": "OR", "tipo__descricao": "OF\u00cdCIOS RECEBIDOS", "assunto": "Of\u00edcio 132 prefeitura: solicita reuni\u00e3o com a Comiss\u00e3o de Educa\u00e7\u00e3o, Sa\u00fade e Assist\u00eancia Social"}, {"id": "5283", "ano": "2022", "numero": "101", "tipo__sigla": "PARE", "tipo__descricao": "PARECER", "assunto": "Parecer Jur\u00eddico - Veto ao Projeto de Lei Ordin\u00e1rio do Legislativo n\u00ba 34 - 2021"}, {"id": "5323", "ano": "2022", "numero": "101", "tipo__sigla": "OVC", "tipo__descricao": "Of\u00edcio de Vereador/Comiss\u00e3o", "assunto": "Solicita inscri\u00e7\u00e3o no curso: A estrutura do or\u00e7amento p\u00fablico e a implementa\u00e7\u00e3o e execu\u00e7\u00e3o de emendas"}, {"id": "4693", "ano": "2022", "numero": "102", "tipo__sigla": "DI", "tipo__descricao": "Di\u00e1rias e documentos relativos", "assunto": "Relat\u00f3rio de viagem Carlos C\u00e9zar Ribeiro (Belo Horizonte- 05/04/2022 a 08/04/2022)"}, {"id": "4702", "ano": "2022", "numero": "102", "tipo__sigla": "OFEXP", "tipo__descricao": "Of\u00edcio Expedido", "assunto": "Solicita que seja efetuado o repasse para o executivo no valor de R$5796, 00"}, {"id": "5077", "ano": "2022", "numero": "102", "tipo__sigla": "OR", "tipo__descricao": "OF\u00cdCIOS RECEBIDOS", "assunto": "Encaminha os balancetes de Receitas e Despesas referentes ao m\u00eas de maio/2022"}, {"id": "5284", "ano": "2022", "numero": "102", "tipo__sigla": "PARE", "tipo__descricao": "PARECER", "assunto": "Parecer Jur\u00eddico - Projeto de Lei Ordin\u00e1ria n\u00ba 37 - Abertura de Cr\u00e9dito Especial por Excesso de Arrecada\u00e7\u00e3o - R$ 83.000,00 (oitenta e tr\u00eas mil reais);"}, {"id": "5327", "ano": "2022", "numero": "102", "tipo__sigla": "OVC", "tipo__descricao": "Of\u00edcio de Vereador/Comiss\u00e3o", "assunto": "Solicita abertura de processo administrativo e inscri\u00e7\u00e3o no curso : A estrutura do or\u00e7amento p\u00fablico e a implementa\u00e7\u00e3o e execu\u00e7\u00e3o de emendas parlamentares"}, {"id": "4694", "ano": "2022", "numero": "103", "tipo__sigla": "DI", "tipo__descricao": "Di\u00e1rias e documentos relativos", "assunto": "Relat\u00f3rio de viagem Ezequiel da Silva (Belo Horizonte 05/04/2022 a 08/04/2022)"}, {"id": "4703", "ano": "2022", "numero": "103", "tipo__sigla": "OFEXP", "tipo__descricao": "Of\u00edcio Expedido", "assunto": "Encaminha projeto de lei aprovado na 9\u00aa reuni\u00e3o ordin\u00e1ria"}, {"id": "5100", "ano": "2022", "numero": "103", "tipo__sigla": "OR", "tipo__descricao": "OF\u00cdCIOS RECEBIDOS", "assunto": "Of\u00edcio 129/2022 Secretaria Municipal de Sa\u00fade: Resposta ao of\u00edcio 147/2022"}, {"id": "5285", "ano": "2022", "numero": "103", "tipo__sigla": "PARE", "tipo__descricao": "PARECER", "assunto": "Parecer Jur\u00eddico - Projeto de Lei Ordin\u00e1ria n\u00ba 38 - Abertura de Cr\u00e9dito Especial por Super\u00e1vit - R$ 62.684,11 (Sessenta e dois mil seiscentos e oitenta e quatro reais e onze centavos);"}, {"id": "5370", "ano": "2022", "numero": "103", "tipo__sigla": "OVC", "tipo__descricao": "Of\u00edcio de Vereador/Comiss\u00e3o", "assunto": "Of\u00edcio 005/2022 Lia: Solicita a rela\u00e7\u00e3o dos bens inventariados no Patrim\u00f4nio P\u00fablico referentes \u00e0 cultura"}, {"id": "4695", "ano": "2022", "numero": "104", "tipo__sigla": "DI", "tipo__descricao": "Di\u00e1rias e documentos relativos", "assunto": "Relat\u00f3rio de viagem Maria Aparecida de Ara\u00fajo Reis (Belo Horizonte 05/04/2022 a 08/04/2022)"}, {"id": "4712", "ano": "2022", "numero": "104", "tipo__sigla": "OFEXP", "tipo__descricao": "Of\u00edcio Expedido", "assunto": "Encaminha comprovante de devolu\u00e7\u00e3o efetuado para o executivo"}, {"id": "5103", "ano": "2022", "numero": "104", "tipo__sigla": "OR", "tipo__descricao": "OF\u00cdCIOS RECEBIDOS", "assunto": "Of\u00edcio 186 prefeitura: encaminha a complementa\u00e7\u00e3o dos relat\u00f3rios para comporem o projeto de lei 21 de 13 de abril de 2023"}, {"id": "5286", "ano": "2022", "numero": "104", "tipo__sigla": "PARE", "tipo__descricao": "PARECER", "assunto": "Parecer Jur\u00eddico - Projeto de Lei Ordin\u00e1ria n\u00ba 39 - Abertura de Cr\u00e9dito Especial por Excesso de Arrecada\u00e7\u00e3o - R$ 200.000,00 (duzentos mil reais)"}, {"id": "5387", "ano": "2022", "numero": "104", "tipo__sigla": "OVC", "tipo__descricao": "Of\u00edcio de Vereador/Comiss\u00e3o", "assunto": "Convoca Comiss\u00e3o de Educa\u00e7\u00e3o, Sa\u00fade e Assist\u00eancia Social para reuni\u00e3o ordin\u00e1ria no dia 06 de setembro, 10h"}, {"id": "4725", "ano": "2022", "numero": "105", "tipo__sigla": "OFEXP", "tipo__descricao": "Of\u00edcio Expedido", "assunto": "Encaminha a indica\u00e7\u00e3o 037 de autoria do presidente da C\u00e2mara Luiz Felipe Mendon\u00e7a Rodrigues"}, {"id": "4764", "ano": "2022", "numero": "105", "tipo__sigla": "DI", "tipo__descricao": "Di\u00e1rias e documentos relativos", "assunto": "An\u00e1lise de presta\u00e7\u00e3o de contas do recebimento de di\u00e1rias Ronalthe Dayglas Rocha Belo Horizonte 05/04/2022"}, {"id": "5106", "ano": "2022", "numero": "105", "tipo__sigla": "OR", "tipo__descricao": "OF\u00cdCIOS RECEBIDOS", "assunto": "Of\u00edcio 140/2021: resposta ao of\u00edcio 11/2022 da Comiss\u00e3o de Sa\u00fade"}, {"id": "5287", "ano": "2022", "numero": "105", "tipo__sigla": "PARE", "tipo__descricao": "PARECER", "assunto": "Parecer Jur\u00eddico - Projeto de Lei Ordin\u00e1ria n\u00ba 40 - Abertura de Cr\u00e9dito Especial por Excesso de Arrecada\u00e7\u00e3o - R$ 1.013.075,97 (um milh\u00e3o treze mil setenta e cinco reais e noventa e sete centavos);"}, {"id": "5392", "ano": "2022", "numero": "105", "tipo__sigla": "OVC", "tipo__descricao": "Of\u00edcio de Vereador/Comiss\u00e3o", "assunto": "Of\u00edcio Comiss\u00e3o de educa\u00e7\u00e3o, sa\u00fade e assist\u00eancia social: solicita c\u00f3pia da grava\u00e7\u00e3o da reuni\u00e3o ocorrida no dia 22 de agosto de 2022 (Sra. Jorgelane Talma Caires)"}, {"id": "4726", "ano": "2022", "numero": "106", "tipo__sigla": "OFEXP", "tipo__descricao": "Of\u00edcio Expedido", "assunto": "Encaminha o requerimento 004 feito pelo vereador Vitor Donizetti Siqueira Junior"}, {"id": "4765", "ano": "2022", "numero": "106", "tipo__sigla": "DI", "tipo__descricao": "Di\u00e1rias e documentos relativos", "assunto": "An\u00e1lise de presta\u00e7\u00e3o de contas do recebimento de di\u00e1rias Alanis Carolina de Oliveira Moreira Belo Horizonte 05/04/2022"}, {"id": "5107", "ano": "2022", "numero": "106", "tipo__sigla": "OR", "tipo__descricao": "OF\u00cdCIOS RECEBIDOS", "assunto": "Of\u00edcio 141/2022 Prefeitura: resposta ao of\u00edcio 012/2022 da Comiss\u00e3o de Sa\u00fade"}, {"id": "5288", "ano": "2022", "numero": "106", "tipo__sigla": "PARE", "tipo__descricao": "PARECER", "assunto": "Parecer Jur\u00eddico - Projeto de Lei Ordin\u00e1ria n\u00ba 41 - 2022 - Abertura de Cr\u00e9dito Especial- Excesso de Arrecada\u00e7\u00e3o - R$ 200.000,00 (duzentos mil reais)"}, {"id": "5405", "ano": "2022", "numero": "106", "tipo__sigla": "OVC", "tipo__descricao": "Of\u00edcio de Vereador/Comiss\u00e3o", "assunto": "Encaminha c\u00f3pia integral do processo administrativo referente aos atendimentos da senhora Leda Caires Bastos"}, {"id": "4727", "ano": "2022", "numero": "107", "tipo__sigla": "OFEXP", "tipo__descricao": "Of\u00edcio Expedido", "assunto": "Encaminha para publica\u00e7\u00e3o o extrato de dispensa 04/2022"}, {"id": "4766", "ano": "2022", "numero": "107", "tipo__sigla": "DI", "tipo__descricao": "Di\u00e1rias e documentos relativos", "assunto": "An\u00e1lise de presta\u00e7\u00e3o de contas do recebimento de di\u00e1rias Ruiter Silva de Oliveira  Belo Horizonte 05/04/2022"}, {"id": "5110", "ano": "2022", "numero": "107", "tipo__sigla": "OR", "tipo__descricao": "OF\u00cdCIOS RECEBIDOS", "assunto": "Solicita providencias da Comiss\u00e3o de Educa\u00e7\u00e3o, Sa\u00fade e Assist\u00eancia Social."}, {"id": "5289", "ano": "2022", "numero": "107", "tipo__sigla": "PARE", "tipo__descricao": "PARECER", "assunto": "Parecer Jur\u00eddico - Projeto de Lei Ordin\u00e1ria n\u00ba 42 - 2022 - Abertura de Cr\u00e9dito Especial- Excesso de Arrecada\u00e7\u00e3o - R$ 150.000,00 (cento e cinquenta mil reais)"}, {"id": "5455", "ano": "2022", "numero": "107", "tipo__sigla": "OVC", "tipo__descricao": "Of\u00edcio de Vereador/Comiss\u00e3o", "assunto": "Solicita c\u00f3pia do termo de compensa\u00e7\u00e3o feito pela FEAM e/ou COPAM referente a \u00e1rea verde do espa\u00e7o localizado no Bairro Padre Victor"}, {"id": "4728", "ano": "2022", "numero": "108", "tipo__sigla": "OFEXP", "tipo__descricao": "Of\u00edcio Expedido", "assunto": "Informa\u00e7\u00f5es aos membros da Comiss\u00e3o de Educa\u00e7\u00e3o, Sa\u00fade e Assist\u00eancia Social"}, {"id": "4767", "ano": "2022", "numero": "108", "tipo__sigla": "DI", "tipo__descricao": "Di\u00e1rias e documentos relativos", "assunto": "An\u00e1lise de presta\u00e7\u00e3o de contas do recebimento de di\u00e1rias Vitor Donizetti Siqueira Junior Belo Horizonte 05/04/2022"}, {"id": "5121", "ano": "2022", "numero": "108", "tipo__sigla": "OR", "tipo__descricao": "OF\u00cdCIOS RECEBIDOS", "assunto": "Responde Of\u00edcio n\u00ba12/2022 do vereador Jackson Luiz"}, {"id": "5315", "ano": "2022", "numero": "108", "tipo__sigla": "PARE", "tipo__descricao": "PARECER", "assunto": "Parecer Jur\u00eddico - Projeto de Lei Ordin\u00e1rio n\u00ba 34 - 2022 -Visa alterar a Lei Ordin\u00e1ria Municipal n\u00ba 1.618 de 05 de maio de 2022 que visa conceder isen\u00e7\u00e3o do IPTU (Imposto Predial e Territorial Urbano) para pessoa, ou seus dependentes, que tenha sido diagnosticada com neoplasia maligna (c\u00e2ncer)."}, {"id": "5457", "ano": "2022", "numero": "108", "tipo__sigla": "OVC", "tipo__descricao": "Of\u00edcio de Vereador/Comiss\u00e3o", "assunto": "Solicita informa\u00e7\u00f5es referente a execu\u00e7\u00e3o da Lei 014/2021 \"Educando para p futuro\""}, {"id": "4729", "ano": "2022", "numero": "109", "tipo__sigla": "OFEXP", "tipo__descricao": "Of\u00edcio Expedido", "assunto": "Informa o deferimento da solicita\u00e7\u00e3o contida no of\u00edcio 22/2022 da Pol\u00edcia Militar de Minas Gerais"}, {"id": "4768", "ano": "2022", "numero": "109", "tipo__sigla": "DI", "tipo__descricao": "Di\u00e1rias e documentos relativos", "assunto": "An\u00e1lise de presta\u00e7\u00e3o de contas do recebimento de di\u00e1rias Kainne Delfino Joanas Belo Horizonte 05/04/2022"}, {"id": "5122", "ano": "2022", "numero": "109", "tipo__sigla": "OR", "tipo__descricao": "OF\u00cdCIOS RECEBIDOS", "assunto": "Responde Of\u00edcio 130/2022 de autoria do vereador Luiz Felipe"}, {"id": "5316", "ano": "2022", "numero": "109", "tipo__sigla": "PARE", "tipo__descricao": "PARECER", "assunto": "Parecer Jur\u00eddico - Inexigibilidade - Curso para Vereador - \u201cA Possibilidade da Interfer\u00eancia do Poder Judici\u00e1rio na Discricionariedade da Administra\u00e7\u00e3o P\u00fablica\u201d."}, {"id": "5464", "ano": "2022", "numero": "109", "tipo__sigla": "OVC", "tipo__descricao": "Of\u00edcio de Vereador/Comiss\u00e3o", "assunto": "Indica destina\u00e7\u00e3o da Emenda Impositiva, Carlos C\u00e9zar Ribeiro"}, {"id": "4735", "ano": "2022", "numero": "110", "tipo__sigla": "OFEXP", "tipo__descricao": "Of\u00edcio Expedido", "assunto": "Encaminha para publica\u00e7\u00e3o o extrato do preg\u00e3o 04/2022"}, {"id": "4769", "ano": "2022", "numero": "110", "tipo__sigla": "DI", "tipo__descricao": "Di\u00e1rias e documentos relativos", "assunto": "An\u00e1lise de presta\u00e7\u00e3o de contas do recebimento de di\u00e1rias Felipe Tom\u00e9 Mota e Silva Belo Horizonte 05/04/2022"}, {"id": "5123", "ano": "2022", "numero": "110", "tipo__sigla": "OR", "tipo__descricao": "OF\u00cdCIOS RECEBIDOS", "assunto": "Responde of\u00edcio 126/2022 que encaminhou indica\u00e7\u00f5es da vereadora Silmara"}, {"id": "5325", "ano": "2022", "numero": "110", "tipo__sigla": "PARE", "tipo__descricao": "PARECER", "assunto": "Parecer Jur\u00eddico - Inexigibilidade - Curso E-Social - Servidor."}, {"id": "5470", "ano": "2022", "numero": "110", "tipo__sigla": "OVC", "tipo__descricao": "Of\u00edcio de Vereador/Comiss\u00e3o", "assunto": "Indica a destina\u00e7\u00e3o da emenda impositiva vereador Vitor Donizetti Siqueira Junior"}, {"id": "4750", "ano": "2022", "numero": "111", "tipo__sigla": "OFEXP", "tipo__descricao": "Of\u00edcio Expedido", "assunto": "Encaminha o resultado da vota\u00e7\u00e3o do veto ao projeto de lei complementar 01 de 10 de fevereiro de 2022"}, {"id": "4770", "ano": "2022", "numero": "111", "tipo__sigla": "DI", "tipo__descricao": "Di\u00e1rias e documentos relativos", "assunto": "An\u00e1lise de presta\u00e7\u00e3o de contas do recebimento de di\u00e1rias Maria Aparecida de Ara\u00fajo Reis  Belo Horizonte 05/04/2022"}, {"id": "5135", "ano": "2022", "numero": "111", "tipo__sigla": "OR", "tipo__descricao": "OF\u00cdCIOS RECEBIDOS", "assunto": "Of\u00edcio 207: Encaminha o segundo termo aditivo de compromisso de conduta"}, {"id": "5347", "ano": "2022", "numero": "111", "tipo__sigla": "PARE", "tipo__descricao": "PARECER", "assunto": "Parecer jur\u00eddico - Curso - Vereador - Inexigibilidade - A Estrutura do Or\u00e7amento P\u00fablico P\u00fablico e a Implementa\u00e7\u00e3o e Execu\u00e7\u00e3o de Emendas Parlamentares."}, {"id": "5484", "ano": "2022", "numero": "111", "tipo__sigla": "OVC", "tipo__descricao": "Of\u00edcio de Vereador/Comiss\u00e3o", "assunto": "Solicito informa\u00e7\u00f5es sobre a obra no pequeno trecho da ponte do Ribeir\u00e3o Santana"}, {"id": "4749", "ano": "2022", "numero": "112", "tipo__sigla": "OFEXP", "tipo__descricao": "Of\u00edcio Expedido", "assunto": "Encaminha o resultado da vota\u00e7\u00e3o do veto parcial ao projeto de lei complementar 02 de 10 de fevereiro de 2022"}, {"id": "4771", "ano": "2022", "numero": "112", "tipo__sigla": "DI", "tipo__descricao": "Di\u00e1rias e documentos relativos", "assunto": "An\u00e1lise de presta\u00e7\u00e3o de contas do recebimento de di\u00e1rias Ezequiel da Silva Belo Horizonte 05/04/2022"}, {"id": "5143", "ano": "2022", "numero": "112", "tipo__sigla": "OR", "tipo__descricao": "OF\u00cdCIOS RECEBIDOS", "assunto": "Of\u00edcio 204/2022 - Responde Of\u00edcio 161/2022 que encaminhou a indica\u00e7\u00e3o 52/2022 de autoria do vereador Luiz Felipe"}, {"id": "5348", "ano": "2022", "numero": "112", "tipo__sigla": "PARE", "tipo__descricao": "PARECER", "assunto": "Parecer Jur\u00eddico - Reforma do Piso - Preg\u00e3o Presencial"}, {"id": "5496", "ano": "2022", "numero": "112", "tipo__sigla": "OVC", "tipo__descricao": "Of\u00edcio de Vereador/Comiss\u00e3o", "assunto": "Indica a destina\u00e7\u00e3o da emenda impositiva Silmara Girlaine Hon\u00f3rio"}, {"id": "4752", "ano": "2022", "numero": "113", "tipo__sigla": "OFEXP", "tipo__descricao": "Of\u00edcio Expedido", "assunto": "Encaminha as indica\u00e7\u00f5es 038 e 039 do presidente Luiz Felipe Mendon\u00e7a Rodrigues"}, {"id": "4772", "ano": "2022", "numero": "113", "tipo__sigla": "DI", "tipo__descricao": "Di\u00e1rias e documentos relativos", "assunto": "An\u00e1lise de presta\u00e7\u00e3o de contas do recebimento de di\u00e1rias Carlos Cezar Ribeiro Belo Horizonte 05/04/2022"}, {"id": "5144", "ano": "2022", "numero": "113", "tipo__sigla": "OR", "tipo__descricao": "OF\u00cdCIOS RECEBIDOS", "assunto": "Of\u00edcio 203/2022 - Responde Of\u00edcio 160/2022 que encaminhou a indica\u00e7\u00e3o e requerimentos do vereador Vitor Domizetti"}, {"id": "5383", "ano": "2022", "numero": "113", "tipo__sigla": "PARE", "tipo__descricao": "PARECER", "assunto": "Parecer Jur\u00eddico - Projeto de Lei Complementar n\u00ba 19 - 2022 - Versa acerca do projeto de Lei Complementar de iniciativa desta do Executivo que visa alterar o hor\u00e1rio de trabalho do Psic\u00f3logo II e do Assistente Social II"}, {"id": "5520", "ano": "2022", "numero": "113", "tipo__sigla": "OVC", "tipo__descricao": "Of\u00edcio de Vereador/Comiss\u00e3o", "assunto": "Indica destina\u00e7\u00e3o emenda impositiva Ronalthe Dayglas Rocha"}, {"id": "4591", "ano": "2022", "numero": "114", "tipo__sigla": "DI", "tipo__descricao": "Di\u00e1rias e documentos relativos", "assunto": "Requerimento de concess\u00e3o de di\u00e1rias adiantadas Alanis Carolina Oliveira Moreira (Belo Horizonte 05/04/2022 a 08/04/2022)"}, {"id": "4753", "ano": "2022", "numero": "114", "tipo__sigla": "OFEXP", "tipo__descricao": "Of\u00edcio Expedido", "assunto": "Encaminha as indica\u00e7\u00f5es 023 e 024 do vereador Vitor Donizetti Siqueira Junior"}, {"id": "5145", "ano": "2022", "numero": "114", "tipo__sigla": "OR", "tipo__descricao": "OF\u00cdCIOS RECEBIDOS", "assunto": "Of\u00edcio 209/2022 - Responde Of\u00edcio 10/2022  de autoria do vereador Jackson Luiz"}, {"id": "5444", "ano": "2022", "numero": "114", "tipo__sigla": "PARE", "tipo__descricao": "PARECER", "assunto": "Parecer Jur\u00eddico - Projeto de Lei Ordin\u00e1rio n\u00ba 49 - 2022 - Versa acerca do pedido do Poder Executivo para que seja autorizada a abertura de cr\u00e9dito adicional especial por superavit financeiro. R$ 101.406,71 (Cento e um mil quatrocentos e seis reais e setenta e um centavos)."}, {"id": "5623", "ano": "2022", "numero": "114", "tipo__sigla": "OVC", "tipo__descricao": "Of\u00edcio de Vereador/Comiss\u00e3o", "assunto": "Encaminha a destina\u00e7\u00e3o de 50% restante da emenda impositiva (vereador Ronalthe Dayglas Rocha)"}, {"id": "4756", "ano": "2022", "numero": "115", "tipo__sigla": "OFEXP", "tipo__descricao": "Of\u00edcio Expedido", "assunto": "Solicita ao setor de tributa\u00e7\u00e3o a emiss\u00e3o de uma guia de pagamento de IRRF referente ao m\u00eas de mar\u00e7o de 2022"}, {"id": "4808", "ano": "2022", "numero": "115", "tipo__sigla": "DI", "tipo__descricao": "Di\u00e1rias e documentos relativos", "assunto": "Requerimento de di\u00e1rias vencidas"}, {"id": "5146", "ano": "2022", "numero": "115", "tipo__sigla": "OR", "tipo__descricao": "OF\u00cdCIOS RECEBIDOS", "assunto": "Of\u00edcio 205/2022 - Responde Of\u00edcio 169/2022 de autoria do vereador Luiz Felipe"}, {"id": "5459", "ano": "2022", "numero": "115", "tipo__sigla": "PARE", "tipo__descricao": "PARECER", "assunto": "Parecer Jur\u00eddico - Projeto de Lei Complementar n\u00ba 12 - 2022 - Versa acerca do pedido do Poder Executivo para que seja autorizada altera\u00e7\u00e3o do c\u00f3digo tribut\u00e1rio municipal, objetivando aumentar a taxa da coleta de lixo."}, {"id": "5634", "ano": "2022", "numero": "115", "tipo__sigla": "OVC", "tipo__descricao": "Of\u00edcio de Vereador/Comiss\u00e3o", "assunto": "Solicita\u00e7\u00e3o de documenta\u00e7\u00e3o para complementar informa\u00e7\u00f5es de proposi\u00e7\u00e3o (projeto de lei ordin\u00e1ria 01/2022)"}, {"id": "4757", "ano": "2022", "numero": "116", "tipo__sigla": "OFEXP", "tipo__descricao": "Of\u00edcio Expedido", "assunto": "Solicita emiss\u00e3o de guia de pagamento no valor de R$695,42 referente aos rendimentos de aplica\u00e7\u00e3o auferidos no m\u00eas de mar\u00e7o"}, {"id": "4809", "ano": "2022", "numero": "116", "tipo__sigla": "DI", "tipo__descricao": "Di\u00e1rias e documentos relativos", "assunto": "Relat\u00f3rio de viagem Walter Silva (Belo Horizonte 05/04/2022 a 08/04/2022)"}, {"id": "5147", "ano": "2022", "numero": "116", "tipo__sigla": "OR", "tipo__descricao": "OF\u00cdCIOS RECEBIDOS", "assunto": "Comunica\u00e7\u00e3o /Convite"}, {"id": "5472", "ano": "2022", "numero": "116", "tipo__sigla": "PARE", "tipo__descricao": "PARECER", "assunto": "Parecer Jur\u00eddico - Projeto de Lei Ordin\u00e1ria n\u00ba 69 - 2021 - Versa acerca do pedido do Poder Executivo para que seja implantado o plano municipal de saneamento b\u00e1sico em Santana da Vargem \u2013 MG."}, {"id": "5679", "ano": "2022", "numero": "116", "tipo__sigla": "OVC", "tipo__descricao": "Of\u00edcio de Vereador/Comiss\u00e3o", "assunto": "Solicita inscri\u00e7\u00e3o no curso: \"O modelo de controle interno da administra\u00e7\u00e3o p\u00fablica exercido pelos tribunais de contas e as proposi\u00e7\u00f5es legislativas sobre o tema"}, {"id": "4763", "ano": "2022", "numero": "117", "tipo__sigla": "OFEXP", "tipo__descricao": "Of\u00edcio Expedido", "assunto": "Encaminha a indica\u00e7\u00e3o 040 do presidente Luiz Felipe Mendon\u00e7a Rodrigues"}, {"id": "4810", "ano": "2022", "numero": "117", "tipo__sigla": "DI", "tipo__descricao": "Di\u00e1rias e documentos relativos", "assunto": "Requerimento de di\u00e1rias adiantadas - 24/05 a 27/05/2022"}, {"id": "5148", "ano": "2022", "numero": "117", "tipo__sigla": "OR", "tipo__descricao": "OF\u00cdCIOS RECEBIDOS", "assunto": "Of\u00edcio 202/2022 - Responde Of\u00edcio 168/2022  de autoria do vereador Luiz Felipe"}, {"id": "5473", "ano": "2022", "numero": "117", "tipo__sigla": "PARE", "tipo__descricao": "PARECER", "assunto": "Parecer Jur\u00eddico - Dispensa - Refil de Purificador de \u00c1gua."}, {"id": "5680", "ano": "2022", "numero": "117", "tipo__sigla": "OVC", "tipo__descricao": "Of\u00edcio de Vereador/Comiss\u00e3o", "assunto": "Solicita inscri\u00e7\u00e3o no curso: O modelo de controle externo da administra\u00e7\u00e3o p\u00fablica exercido pelos tribunais de contas e as proposi\u00e7\u00f5es legislativas sobre o tema\""}, {"id": "4775", "ano": "2022", "numero": "118", "tipo__sigla": "OFEXP", "tipo__descricao": "Of\u00edcio Expedido", "assunto": "Encaminha reda\u00e7\u00e3o final do projeto de lei ordin\u00e1ria do legislativo  06 de outubro de 2021"}, {"id": "4812", "ano": "2022", "numero": "118", "tipo__sigla": "DI", "tipo__descricao": "Di\u00e1rias e documentos relativos", "assunto": "Requerimento de di\u00e1rias adiantadas"}, {"id": "5149", "ano": "2022", "numero": "118", "tipo__sigla": "OR", "tipo__descricao": "OF\u00cdCIOS RECEBIDOS", "assunto": "Of\u00edcio 201/2022 - Responde Of\u00edcio 159/2022 que encaminhou a indica\u00e7\u00e3o 010/2022 de autoria do vereador Ronalthe Dayglas"}, {"id": "5476", "ano": "2022", "numero": "118", "tipo__sigla": "PARE", "tipo__descricao": "PARECER", "assunto": "Parecer Jur\u00eddico - Dispensa - Placa de mo\u00e7\u00e3o de aplauso e Placa de patrim\u00f4nio."}, {"id": "5682", "ano": "2022", "numero": "118", "tipo__sigla": "OVC", "tipo__descricao": "Of\u00edcio de Vereador/Comiss\u00e3o", "assunto": "Solicita inscri\u00e7\u00e3o no curso: O modelo de controle externo da administra\u00e7\u00e3o p\u00fablica exercido pelos tribunais de contas e as proposi\u00e7\u00f5es legislativas sobre o tema\""}, {"id": "4777", "ano": "2022", "numero": "119", "tipo__sigla": "OFEXP", "tipo__descricao": "Of\u00edcio Expedido", "assunto": "Solicita que a Comiss\u00e3o de Licita\u00e7\u00e3o inicie um processo para aquisi\u00e7\u00e3o de mini salgados"}, {"id": "4817", "ano": "2022", "numero": "119", "tipo__sigla": "DI", "tipo__descricao": "Di\u00e1rias e documentos relativos", "assunto": "C\u00e1lculo de quantidades e de valores a pagar de di\u00e1rias Vitor Donizetti Siqueira Junior (Belo Horizonte 09/05/2022 a 09/05/2022)"}, {"id": "5150", "ano": "2022", "numero": "119", "tipo__sigla": "OR", "tipo__descricao": "OF\u00cdCIOS RECEBIDOS", "assunto": "Of\u00edcio 200/2022 - Responde Of\u00edcio 170/2022 que encaminhou as indica\u00e7\u00f5es 53 e 54/2022 de autoria do vereador Luiz Felipe"}, {"id": "5478", "ano": "2022", "numero": "119", "tipo__sigla": "PARE", "tipo__descricao": "PARECER", "assunto": "Parecer Jur\u00eddico - Dispensa - Contrata\u00e7\u00e3o de empresa para prestar consultoria para o setor cont\u00e1bil e de controle interno."}, {"id": "5684", "ano": "2022", "numero": "119", "tipo__sigla": "OVC", "tipo__descricao": "Of\u00edcio de Vereador/Comiss\u00e3o", "assunto": "Solicita inscri\u00e7\u00e3o no curso: O modelo de controle externo da administra\u00e7\u00e3o p\u00fablica exercido pelos tribunais de contas e as proposi\u00e7\u00f5es legislativas sobre o tema\""}, {"id": "4778", "ano": "2022", "numero": "120", "tipo__sigla": "OFEXP", "tipo__descricao": "Of\u00edcio Expedido", "assunto": "Solicita que a Comiss\u00e3o de Licita\u00e7\u00e3o inicie um processo para a aquisi\u00e7\u00e3o de g\u00eaneros aliment\u00edcios"}, {"id": "4820", "ano": "2022", "numero": "120", "tipo__sigla": "DI", "tipo__descricao": "Di\u00e1rias e documentos relativos", "assunto": "An\u00e1lise de presta\u00e7\u00e3o de contas do recebimento de di\u00e1rias Walter Silva a Belo Horizonte - MG, dias 05 a 08 de abril de 2022."}, {"id": "5166", "ano": "2022", "numero": "120", "tipo__sigla": "OR", "tipo__descricao": "OF\u00cdCIOS RECEBIDOS", "assunto": "Responde of\u00edcio 177/2022 no qual presta informa\u00e7\u00f5es"}, {"id": "5499", "ano": "2022", "numero": "120", "tipo__sigla": "PARE", "tipo__descricao": "PARECER", "assunto": "Parecer Jur\u00eddico - Projeto de Lei Complementar n\u00ba 16 - 2022 - Altera o Estatuto dos Servidores P\u00fablicos Municipais."}, {"id": "5725", "ano": "2022", "numero": "120", "tipo__sigla": "OVC", "tipo__descricao": "Of\u00edcio de Vereador/Comiss\u00e3o", "assunto": "Convoca Comiss\u00e3o de Finan\u00e7as e Or\u00e7amento para reuni\u00e3o no dia 12 de dezembro 18:30h"}, {"id": "4776", "ano": "2022", "numero": "121", "tipo__sigla": "OFEXP", "tipo__descricao": "Of\u00edcio Expedido", "assunto": "Solicita que a Comiss\u00e3o de Licita\u00e7\u00e3o inicie um processo para aquisi\u00e7\u00e3o de produtos de limpeza e higiene para a C\u00e2mara Municipal de Santana da Vargem"}, {"id": "4826", "ano": "2022", "numero": "121", "tipo__sigla": "DI", "tipo__descricao": "Di\u00e1rias e documentos relativos", "assunto": "Solicita\u00e7\u00e3o de di\u00e1ria para Belo Horizonte - 17-20/2022"}, {"id": "5176", "ano": "2022", "numero": "121", "tipo__sigla": "OR", "tipo__descricao": "OF\u00cdCIOS RECEBIDOS", "assunto": "Encaminha os balancetes de receitas e despesas referentes ao m\u00eas de junho/2022, nos termos da lei"}, {"id": "5503", "ano": "2022", "numero": "121", "tipo__sigla": "PARE", "tipo__descricao": "PARECER", "assunto": "Parecer Jur\u00eddico - Projeto de Lei Complementar n\u00ba 18 - 2022 - Altera o Estatuto dos Servidores P\u00fablicos Municipais. - Atribui\u00e7\u00f5es do Procurador Geral - Corre\u00e7\u00e3o de erro material."}, {"id": "5748", "ano": "2022", "numero": "121", "tipo__sigla": "OVC", "tipo__descricao": "Of\u00edcio de Vereador/Comiss\u00e3o", "assunto": "convoca Eduardo Vitor Neves para reuni\u00e3o ordin\u00e1ria no dia 19 de dezembro de 2022 \u00e0s 19:00h"}, {"id": "4779", "ano": "2022", "numero": "122", "tipo__sigla": "OFEXP", "tipo__descricao": "Of\u00edcio Expedido", "assunto": "Solicita que a comiss\u00e3o de licita\u00e7\u00e3o inicie um novo processo para aquisi\u00e7\u00e3o de produtos de panifica\u00e7\u00e3o, leite e derivados"}, {"id": "4827", "ano": "2022", "numero": "122", "tipo__sigla": "DI", "tipo__descricao": "Di\u00e1rias e documentos relativos", "assunto": "Solicita\u00e7\u00e3o de di\u00e1ria para Belo Horizonte - 17-20/2022"}, {"id": "5202", "ano": "2022", "numero": "122", "tipo__sigla": "OR", "tipo__descricao": "OF\u00cdCIOS RECEBIDOS", "assunto": "Of\u00edcio 212 prefeitura: resposta indica\u00e7\u00e3o 019 do vereador Ezequiel da Silva"}, {"id": "5508", "ano": "2022", "numero": "122", "tipo__sigla": "PARE", "tipo__descricao": "PARECER", "assunto": "Parecer Jur\u00eddico - Projeto de lei complementar de n\u00ba 020/2021 versa acerca do projeto de Lei Complementar de iniciativa do Executivo para criar cargos para o programa ESF (Estrat\u00e9gia da Sa\u00fade da Fam\u00edlia)."}, {"id": "5773", "ano": "2022", "numero": "122", "tipo__sigla": "OVC", "tipo__descricao": "Of\u00edcio de Vereador/Comiss\u00e3o", "assunto": "Convoca Comiss\u00e3o de Obras, Servi\u00e7os P\u00fablicos, Agroind\u00fastria, Com\u00e9rcio e Turismo para reuni\u00e3o \u00e0s 18:00h"}, {"id": "4789", "ano": "2022", "numero": "123", "tipo__sigla": "OFEXP", "tipo__descricao": "Of\u00edcio Expedido", "assunto": "Solicita retirada do projeto de lei 13, projeto de lei 32 e projeto de lei complementar 15"}, {"id": "4830", "ano": "2022", "numero": "123", "tipo__sigla": "DI", "tipo__descricao": "Di\u00e1rias e documentos relativos", "assunto": "Relat\u00f3rio de viagem 09 de maio de 2022"}, {"id": "5203", "ano": "2022", "numero": "123", "tipo__sigla": "OR", "tipo__descricao": "OF\u00cdCIOS RECEBIDOS", "assunto": "Of\u00edcio 213 prefeitura: resposta indica\u00e7\u00e3o 030 do vereador Vitor Donizetti Siqueira Junior"}, {"id": "5509", "ano": "2022", "numero": "123", "tipo__sigla": "PARE", "tipo__descricao": "PARECER", "assunto": "Parecer Jur\u00eddico - Projeto de Lei Complementar de n\u00ba 023/2022, versa acerca do projeto de Lei Complementar de iniciativa desta do Executivo que visa alterar o  Estatuto dos Servidores P\u00fablicos Municipais."}, {"id": "4797", "ano": "2022", "numero": "124", "tipo__sigla": "OFEXP", "tipo__descricao": "Of\u00edcio Expedido", "assunto": "Encaminha indica\u00e7\u00e3o 025 e requerimentos 001, 006 e 007 feitos pelo vereador Vitor Donizetti Siqueira Junior"}, {"id": "4843", "ano": "2022", "numero": "124", "tipo__sigla": "DI", "tipo__descricao": "Di\u00e1rias e documentos relativos", "assunto": "Requerimento de di\u00e1rias adiantadas 30/05, 01,02 e 03/06"}, {"id": "5204", "ano": "2022", "numero": "124", "tipo__sigla": "OR", "tipo__descricao": "OF\u00cdCIOS RECEBIDOS", "assunto": "Of\u00edcio 214 prefeitura: resposta of\u00edcio 008 do vereador Vitor Donizetti Siqueira Junior"}, {"id": "5527", "ano": "2022", "numero": "124", "tipo__sigla": "PARE", "tipo__descricao": "PARECER", "assunto": "Parecer Jur\u00eddico - Aditivo Contratual - 6% - Reforma do piso externo."}, {"id": "4798", "ano": "2022", "numero": "125", "tipo__sigla": "OFEXP", "tipo__descricao": "Of\u00edcio Expedido", "assunto": "Encaminha indica\u00e7\u00f5es 041 e 042 do vereador LUiz Felipe Mendon\u00e7a Rodrigues"}, {"id": "4845", "ano": "2022", "numero": "125", "tipo__sigla": "DI", "tipo__descricao": "Di\u00e1rias e documentos relativos", "assunto": "An\u00e1lise de presta\u00e7\u00e3o de contas do recebimento de di\u00e1rias Vitor Donizetti Siqueira Jr.  a Belo Horizonte - MG, dia 09 de maio de 2022"}, {"id": "5215", "ano": "2022", "numero": "125", "tipo__sigla": "OR", "tipo__descricao": "OF\u00cdCIOS RECEBIDOS", "assunto": "Encaminha a evolu\u00e7\u00e3o da receita 2023"}, {"id": "5546", "ano": "2022", "numero": "125", "tipo__sigla": "PARE", "tipo__descricao": "PARECER", "assunto": "Parecer Jur\u00eddico - Projeto de Lei Ordin\u00e1ria n\u00ba 01 - 2022 - Permuta de bem privado com p\u00fablico."}, {"id": "4801", "ano": "2022", "numero": "126", "tipo__sigla": "OFEXP", "tipo__descricao": "Of\u00edcio Expedido", "assunto": "Encaminha as indica\u00e7\u00f5es 01 e 02/2022 da autoria da vereadora Silmara Girlaine Hon\u00f3rio."}, {"id": "4848", "ano": "2022", "numero": "126", "tipo__sigla": "DI", "tipo__descricao": "Di\u00e1rias e documentos relativos", "assunto": "C\u00e1lculo de quantidades e de valores a pagar de di\u00e1rias Vitor Donizetti Siqueira Junior (Belo Horizonte- 17/05/2022 a 20/05/2022)"}, {"id": "5244", "ano": "2022", "numero": "126", "tipo__sigla": "OR", "tipo__descricao": "OF\u00cdCIOS RECEBIDOS", "assunto": "Convida para audi\u00eancia p\u00fablica sobre a elabora\u00e7\u00e3o da lei or\u00e7ament\u00e1ria anual 2023"}, {"id": "5547", "ano": "2022", "numero": "126", "tipo__sigla": "PARE", "tipo__descricao": "PARECER", "assunto": "Parecer Jur\u00eddico - Projeto de Lei de n\u00ba 08 do ano de 2022, disp\u00f5e sobre a denomina\u00e7\u00e3o de um logradouro p\u00fablico. Centro Municipal de Educa\u00e7\u00e3o Infantil"}, {"id": "4802", "ano": "2022", "numero": "127", "tipo__sigla": "OFEXP", "tipo__descricao": "Of\u00edcio Expedido", "assunto": "Solicita guia de pagamento do IRRF referente ao m\u00eas de fevereiro"}, {"id": "4849", "ano": "2022", "numero": "127", "tipo__sigla": "DI", "tipo__descricao": "Di\u00e1rias e documentos relativos", "assunto": "C\u00e1lculo de quantidades e de valores a pagar de di\u00e1rias Ronalthe Dayglas Rocha (Belo Horizonte- 17/05/2022 a 20/05/2022)"}, {"id": "5262", "ano": "2022", "numero": "127", "tipo__sigla": "OR", "tipo__descricao": "OF\u00cdCIOS RECEBIDOS", "assunto": "Encaminha edital de processo seletivo"}, {"id": "5549", "ano": "2022", "numero": "127", "tipo__sigla": "PARE", "tipo__descricao": "PARECER", "assunto": "Parecer Jur\u00eddico - Projeto de Lei de n\u00ba 07 do ano de 2022, disp\u00f5e sobre a concess\u00e3o de isen\u00e7\u00e3o em valores de inscri\u00e7\u00e3o de concursos p\u00fablicos, processos seletivos para pessoas que forem doadores de sangue, inscritos no Cad\u00danico e doadores de medula \u00f3ssea."}, {"id": "4803", "ano": "2022", "numero": "128", "tipo__sigla": "OFEXP", "tipo__descricao": "Of\u00edcio Expedido", "assunto": "Solicita guia de pagamento dos rendimentos referente ao m\u00eas de fevereiro"}, {"id": "4880", "ano": "2022", "numero": "128", "tipo__sigla": "DI", "tipo__descricao": "Di\u00e1rias e documentos relativos", "assunto": "An\u00e1lise da presta\u00e7\u00e3o de contas do recebimento de di\u00e1rias Ronalthe Dayglas Rocha, Belo Horizonte 17/05/2022"}, {"id": "5268", "ano": "2022", "numero": "128", "tipo__sigla": "OR", "tipo__descricao": "OF\u00cdCIOS RECEBIDOS", "assunto": "Of\u00edcio 219 prefeitura: resposta requerimento 004/2022 vereador Ronalthe"}, {"id": "5573", "ano": "2022", "numero": "128", "tipo__sigla": "PARE", "tipo__descricao": "PARECER", "assunto": "Parecer Jur\u00eddico - Projeto de Lei Ordin\u00e1ria n\u00ba 50 - 2022 - O projeto de lei de n\u00ba 50 do ano de 2022, visa autorizar o poder Executivo a ceder sala de aula (bem p\u00fablico) para que pessoa jur\u00eddica privada (FEPESMIG) possa utiliz\u00e1-la para oferecer Educa\u00e7\u00e3o de Ensino a Dist\u00e2ncia."}, {"id": "4819", "ano": "2022", "numero": "129", "tipo__sigla": "OFEXP", "tipo__descricao": "Of\u00edcio Expedido", "assunto": "Encaminhamento de projeto de lei aprovado na 14\u00aa reuni\u00e3o ordin\u00e1ria."}, {"id": "4881", "ano": "2022", "numero": "129", "tipo__sigla": "DI", "tipo__descricao": "Di\u00e1rias e documentos relativos", "assunto": "Relat\u00f3rio de viagem Vitor Donizetti Siqueira Junior (Belo Horizonte 17/05/2022 a 20/05/2022)"}, {"id": "5269", "ano": "2022", "numero": "129", "tipo__sigla": "OR", "tipo__descricao": "OF\u00cdCIOS RECEBIDOS", "assunto": "Of\u00edcio 2020 prefeitura: resposta  of\u00edcios 002, 003, 004 e 005 da vereadora Maria Aparecida de Ara\u00fajo Reis"}, {"id": "5574", "ano": "2022", "numero": "129", "tipo__sigla": "PARE", "tipo__descricao": "PARECER", "assunto": "Parecer Jur\u00eddico - Projeto de Lei Ordin\u00e1ria n\u00ba 54 - 2022 - Cria\u00e7\u00e3o do Conselho Municipal de Educa\u00e7\u00e3o."}, {"id": "4822", "ano": "2022", "numero": "130", "tipo__sigla": "OFEXP", "tipo__descricao": "Of\u00edcio Expedido", "assunto": "Encaminha indica\u00e7\u00f5es 43 e 44 de autoria do presidente"}, {"id": "4884", "ano": "2022", "numero": "130", "tipo__sigla": "DI", "tipo__descricao": "Di\u00e1rias e documentos relativos", "assunto": "An\u00e1lise da presta\u00e7\u00e3o de contas do recebimento de di\u00e1rias Vitor Donizetti Siqueira Junior Belo Horizonte 17/05/2022"}, {"id": "5270", "ano": "2022", "numero": "130", "tipo__sigla": "OR", "tipo__descricao": "OF\u00cdCIOS RECEBIDOS", "assunto": "Of\u00edcio 221 prefeitura: reposta indica\u00e7\u00e3o 031 vereador Vitor Donizetti Siqueira Junior"}, {"id": "5611", "ano": "2022", "numero": "130", "tipo__sigla": "PARE", "tipo__descricao": "PARECER", "assunto": "Parecer Jur\u00eddico - Inexigibilidade - Contrata\u00e7\u00e3o de Empresa para presta\u00e7\u00e3o do curso de E-Social e DCTWeb para o setor cont\u00e1bil da C\u00e2mara de Santana da Vargem - MG."}, {"id": "4837", "ano": "2022", "numero": "131", "tipo__sigla": "OFEXP", "tipo__descricao": "Of\u00edcio Expedido", "assunto": "Solicita o cancelamento dos restos a pagar n\u00e3o processados"}, {"id": "4893", "ano": "2022", "numero": "131", "tipo__sigla": "DI", "tipo__descricao": "Di\u00e1rias e documentos relativos", "assunto": "Requerimento de concess\u00e3o de di\u00e1rias adiantadas Maria Aparecida de Ara\u00fajo Reis, Belo Horizonte, 31/05/2022 a 03/05/2022"}, {"id": "5271", "ano": "2022", "numero": "131", "tipo__sigla": "OR", "tipo__descricao": "OF\u00cdCIOS RECEBIDOS", "assunto": "Of\u00edcio 222 prefeitura: resposta of\u00edcios 184 e 185 da C\u00e2mara Municipal de Santana da Vargem"}, {"id": "5705", "ano": "2022", "numero": "131", "tipo__sigla": "PARE", "tipo__descricao": "PARECER", "assunto": "Parecer Jur\u00eddico - Projeto de Lei Complementar - 27 - 2022 - Versa acerca do projeto de Lei Complementar de iniciativa desta do Executivo que visa alterar o  Estatuto dos Servidores P\u00fablicos Municipais."}, {"id": "4838", "ano": "2022", "numero": "132", "tipo__sigla": "OFEXP", "tipo__descricao": "Of\u00edcio Expedido", "assunto": "Solicita guias de pagamento de IRRF, referente ao m\u00eas de abril de 2022"}, {"id": "4898", "ano": "2022", "numero": "132", "tipo__sigla": "DI", "tipo__descricao": "Di\u00e1rias e documentos relativos", "assunto": "C\u00e1lculo de quantidades e valores a pagar de di\u00e1rias Maria Aparecida de Ara\u00fajo Reis, Belo Horizonte 31/05/2022 a 03/06/2022"}, {"id": "5272", "ano": "2022", "numero": "132", "tipo__sigla": "OR", "tipo__descricao": "OF\u00cdCIOS RECEBIDOS", "assunto": "Of\u00edcio 223 prefeitura: resposta ao of\u00edcio 21 do vereador Vitor Donizetti Siqueira Junior"}, {"id": "5717", "ano": "2022", "numero": "132", "tipo__sigla": "PARE", "tipo__descricao": "PARECER", "assunto": "Parecer Jur\u00eddico do Projeto de Lei Ordin\u00e1ria n\u00ba 52 - 2022 - Versa acerca do pedido do poder Executivo para que esta casa Legislativa aprove a proposta or\u00e7ament\u00e1ria para o exerc\u00edcio do ano de 2023 (LOA \u2013 Lei Or\u00e7ament\u00e1ria Anual)."}, {"id": "4839", "ano": "2022", "numero": "133", "tipo__sigla": "OFEXP", "tipo__descricao": "Of\u00edcio Expedido", "assunto": "Solicita guia de pagamento no valor de R$544,90 (quinhentos e quarenta e quatro reais e noventa centavos) referente aos rendimentos da aplica\u00e7\u00e3o da conta n\u00ba 5542-5, auferidos no m\u00eas de abril de 2022."}, {"id": "4909", "ano": "2022", "numero": "133", "tipo__sigla": "DI", "tipo__descricao": "Di\u00e1rias e documentos relativos", "assunto": "Requerimento de concess\u00e3o de di\u00e1rias adiantadas Vitor Donizetti Siqueira Junior (Belo Horizonte 07/06/2022 a 10/06/2022)"}, {"id": "5274", "ano": "2022", "numero": "133", "tipo__sigla": "OR", "tipo__descricao": "OF\u00cdCIOS RECEBIDOS", "assunto": "Encaminha para publica\u00e7\u00e3o no quadro de avisos edital 01/2022"}, {"id": "5721", "ano": "2022", "numero": "133", "tipo__sigla": "PARE", "tipo__descricao": "PARECER", "assunto": "Parecer jur\u00eddico - Dispensa - Processo administrativo para aquisi\u00e7\u00e3o de quadro de legislatura (para colocar a fotos dos vereadores da atual legislatura)"}, {"id": "4854", "ano": "2022", "numero": "134", "tipo__sigla": "OFEXP", "tipo__descricao": "Of\u00edcio Expedido", "assunto": "Encaminha indica\u00e7\u00f5es 045 e 046 do vereador Luiz Felipe"}, {"id": "4917", "ano": "2022", "numero": "134", "tipo__sigla": "DI", "tipo__descricao": "Di\u00e1rias e documentos relativos", "assunto": "Requerimento de concess\u00e3o de di\u00e1rias adiantadas Ronalthe Dayglas Rocha (Belo Horizonte 07/06/2022 a 10/06/2022)"}, {"id": "5294", "ano": "2022", "numero": "134", "tipo__sigla": "OR", "tipo__descricao": "OF\u00cdCIOS RECEBIDOS", "assunto": "Of\u00edcio 224/2022 prefeitura: Resposta  indica\u00e7\u00f5es 032, 033 e 034  vereador Vitor Donizetti Siqueira Junior"}, {"id": "5722", "ano": "2022", "numero": "134", "tipo__sigla": "PARE", "tipo__descricao": "PARECER", "assunto": "Parecer Jur\u00eddico - Projeto de Lei Complementar n\u00ba 22 - 2022 - Versa acerca do pedido do Poder Executivo para que seja autorizada altera\u00e7\u00e3o no anexo II do C\u00f3digo Tribut\u00e1rio Municipal."}, {"id": "4865", "ano": "2022", "numero": "135", "tipo__sigla": "OFEXP", "tipo__descricao": "Of\u00edcio Expedido", "assunto": "Encaminha a indica\u00e7\u00e3o 047 do presidente Luiz Felipe Mendon\u00e7a Rodrigues"}, {"id": "4922", "ano": "2022", "numero": "135", "tipo__sigla": "DI", "tipo__descricao": "Di\u00e1rias e documentos relativos", "assunto": "Requerimento de concess\u00e3o de di\u00e1rias adiantadas Carlos C\u00e9zar Ribeiro (Belo Horizonte 14/06/2022 a 17/06/2022)"}, {"id": "5312", "ano": "2022", "numero": "135", "tipo__sigla": "OR", "tipo__descricao": "OF\u00cdCIOS RECEBIDOS", "assunto": "Informa\u00e7\u00f5es referentes ao projeto de lei complementar 09 de 04 de abril de 2022"}, {"id": "5723", "ano": "2022", "numero": "135", "tipo__sigla": "PARE", "tipo__descricao": "PARECER", "assunto": "Parecer jur\u00eddico - Projeto de Lei Complementar n\u00ba 22 - 2022 - Versa acerca do pedido do Poder Executivo para que seja autorizada altera\u00e7\u00e3o no C\u00f3digo Tribut\u00e1rio Municipal para instituir a Taxa de Limpeza P\u00fablica e majorar os valores da taxa da coleta de lixo."}, {"id": "4868", "ano": "2022", "numero": "136", "tipo__sigla": "OFEXP", "tipo__descricao": "Of\u00edcio Expedido", "assunto": "Encaminha a indica\u00e7\u00e3o 26 e o requerimento 008 feitos pelo vereador Vitor Donizetti Siqueira Junior"}, {"id": "4932", "ano": "2022", "numero": "136", "tipo__sigla": "DI", "tipo__descricao": "Di\u00e1rias e documentos relativos", "assunto": "Requerimento de concess\u00e3o de di\u00e1rias adiantadas Vitor Donizetti Siqueira Junior (Belo Horizonte 14/06/2022 a 17/06/2022)"}, {"id": "5313", "ano": "2022", "numero": "136", "tipo__sigla": "OR", "tipo__descricao": "OF\u00cdCIOS RECEBIDOS", "assunto": "Rela\u00e7\u00e3o de inscritos no processo seletivo simplificado 01/2022"}, {"id": "5726", "ano": "2022", "numero": "136", "tipo__sigla": "PARE", "tipo__descricao": "PARECER", "assunto": "Parecer Jur\u00eddico - Projeto de Lei Ordin\u00e1rio do Legislativo n\u00ba 11 - 2022 - Dar regramento \u00e0 destina\u00e7\u00e3o de bens m\u00f3veis inserv\u00edveis."}, {"id": "4874", "ano": "2022", "numero": "137", "tipo__sigla": "OFEXP", "tipo__descricao": "Of\u00edcio Expedido", "assunto": "Encaminha projeto de lei aprovado na 16\u00aa reuni\u00e3o ordin\u00e1ria"}, {"id": "4934", "ano": "2022", "numero": "137", "tipo__sigla": "DI", "tipo__descricao": "Di\u00e1rias e documentos relativos", "assunto": "Requerimento de concess\u00e3o de di\u00e1rias adiantadas RONALTHE (Belo Horizonte 14/06/2022 a 17/06/2022)"}, {"id": "5343", "ano": "2022", "numero": "137", "tipo__sigla": "OR", "tipo__descricao": "OF\u00cdCIOS RECEBIDOS", "assunto": "Balancetes de receitas e despesas referentes ao m\u00eas de julho/2022 (prefeitura)"}, {"id": "5730", "ano": "2022", "numero": "137", "tipo__sigla": "PARE", "tipo__descricao": "PARECER", "assunto": "Parecer Jur\u00eddico - Projeto de Lei Complementar n\u00ba 25 - 2022 - Institui o c\u00f3digo sanit\u00e1rio municipal."}, {"id": "4879", "ano": "2022", "numero": "138", "tipo__sigla": "OFEXP", "tipo__descricao": "Of\u00edcio Expedido", "assunto": "Encaminha para publica\u00e7\u00e3o no di\u00e1rio oficial o extrato de inexigibilidade 07/2022"}, {"id": "4938", "ano": "2022", "numero": "138", "tipo__sigla": "DI", "tipo__descricao": "Di\u00e1rias e documentos relativos", "assunto": "Relat\u00f3rio de viagem - 31/05/2022 a 03/06/2022"}, {"id": "5359", "ano": "2022", "numero": "138", "tipo__sigla": "OR", "tipo__descricao": "OF\u00cdCIOS RECEBIDOS", "assunto": "Resposta ao of\u00edcio expedido 196/2022. Informa o comparecimento do representante da copasa na reuni\u00e3o ordin\u00e1ria do dia 05/09/2022"}, {"id": "5731", "ano": "2022", "numero": "138", "tipo__sigla": "PARE", "tipo__descricao": "PARECER", "assunto": "Parecer Jur\u00eddico - Inexigibilidade - Curso - Vereador - O modelo de controle externo da administra\u00e7\u00e3o p\u00fablica exercido pelos tribunais de contas e as proposi\u00e7\u00f5es legislativas sobre o tema"}, {"id": "4891", "ano": "2022", "numero": "139", "tipo__sigla": "OFEXP", "tipo__descricao": "Of\u00edcio Expedido", "assunto": "Encaminhas as indica\u00e7\u00f5es 048, 049 e 050 do presidente da C\u00e2mara, Luiz Felipe Mendon\u00e7a Rodrigues"}, {"id": "4945", "ano": "2022", "numero": "139", "tipo__sigla": "DI", "tipo__descricao": "Di\u00e1rias e documentos relativos", "assunto": "Requerimento di\u00e1ria Walter 14-17/06/2022"}, {"id": "5360", "ano": "2022", "numero": "139", "tipo__sigla": "OR", "tipo__descricao": "OF\u00cdCIOS RECEBIDOS", "assunto": "Of\u00edcio 225/2022 prefeitura: resposta a indica\u00e7\u00e3o 055 do vereador Luiz Felipe Mendon\u00e7a Rodrigues"}, {"id": "5736", "ano": "2022", "numero": "139", "tipo__sigla": "PARE", "tipo__descricao": "PARECER", "assunto": "Parecer Jur\u00eddico - Inexigibilidade - Curso - Servidores - Workshop \u2013 Implementa\u00e7\u00e3o de uso da nova lei de licita\u00e7\u00f5es"}, {"id": "4892", "ano": "2022", "numero": "140", "tipo__sigla": "OFEXP", "tipo__descricao": "Of\u00edcio Expedido", "assunto": "Encaminha a indica\u00e7\u00e3o 002 feita pela vereadora Maria Aparecida de Ara\u00fajo Reis"}, {"id": "4948", "ano": "2022", "numero": "140", "tipo__sigla": "DI", "tipo__descricao": "Di\u00e1rias e documentos relativos", "assunto": "Autoriza\u00e7\u00e3o para pagamento de di\u00e1ria referentes a per\u00edodo de fim de semana ou feriado\r\nRonalthe Rocha"}, {"id": "5361", "ano": "2022", "numero": "140", "tipo__sigla": "OR", "tipo__descricao": "OF\u00cdCIOS RECEBIDOS", "assunto": "Of\u00edcio 226/2022 prefeitura: resposta ao of\u00edcio 013 do vereador Jackson Luiz Ven\u00e2ncio de Souza"}, {"id": "5783", "ano": "2022", "numero": "140", "tipo__sigla": "PARE", "tipo__descricao": "PARECER", "assunto": "Parecer Jur\u00eddico - Projeto de Lei Ordin\u00e1rio n\u00ba 21 - 2022 - Altera o Estatuto dos Servidores P\u00fablicos Municipais - Veda horas extras durante a participa\u00e7\u00e3o em curso de aperfei\u00e7oamento."}, {"id": "4894", "ano": "2022", "numero": "141", "tipo__sigla": "OFEXP", "tipo__descricao": "Of\u00edcio Expedido", "assunto": "Encaminha a indica\u00e7\u00e3o 27 e o requerimento 009 feitos pelos vereador Vitor Donizetti Siqueira Junior"}, {"id": "4949", "ano": "2022", "numero": "141", "tipo__sigla": "DI", "tipo__descricao": "Di\u00e1rias e documentos relativos", "assunto": "Autoriza\u00e7\u00e3o para pagamento de di\u00e1ria referentes a per\u00edodo de fim de semana ou feriado\r\nCarlos Cesar"}, {"id": "5362", "ano": "2022", "numero": "141", "tipo__sigla": "OR", "tipo__descricao": "OF\u00cdCIOS RECEBIDOS", "assunto": "Of\u00edcio 227/2022 prefeitura: resposta ao requerimento 001/2022 da vereadora Maria Aparecida de Ara\u00fajo Reis"}, {"id": "5798", "ano": "2022", "numero": "141", "tipo__sigla": "PARE", "tipo__descricao": "PARECER", "assunto": "Parecer Jur\u00eddico - Dispensa - Contratar servi\u00e7o de certificado digital para pessoa f\u00edsica tipo A1 e certificado digital pessoa jur\u00eddica do tipo A1."}, {"id": "4901", "ano": "2022", "numero": "142", "tipo__sigla": "OFEXP", "tipo__descricao": "Of\u00edcio Expedido", "assunto": "Agenda reuni\u00e3o no dia 06 de junho de 2022 as 18:00h com a senhora Jorgelane Talma"}, {"id": "4950", "ano": "2022", "numero": "142", "tipo__sigla": "DI", "tipo__descricao": "Di\u00e1rias e documentos relativos", "assunto": "Autoriza\u00e7\u00e3o para pagamento de di\u00e1ria referentes a per\u00edodo de fim de semana ou feriado\r\nWalter silva"}, {"id": "5363", "ano": "2022", "numero": "142", "tipo__sigla": "OR", "tipo__descricao": "OF\u00cdCIOS RECEBIDOS", "assunto": "Of\u00edcio 235/2022 prefeitura: resposta ao of\u00edcio 004/2022 da vereadora Silmara Girlaine Hon\u00f3rio"}, {"id": "5799", "ano": "2022", "numero": "142", "tipo__sigla": "PARE", "tipo__descricao": "PARECER", "assunto": "Parecer Jur\u00eddico - Dispensa - Contrata\u00e7\u00e3o de empresa que elaborar\u00e1 laudo t\u00e9cnico de condi\u00e7\u00f5es ambientais do trabalho \u2013 LTCAT, exig\u00eancia do E-Social."}, {"id": "4916", "ano": "2022", "numero": "143", "tipo__sigla": "OFEXP", "tipo__descricao": "Of\u00edcio Expedido", "assunto": "Encaminha projetos de lei aprovados na 17\u00aa reuni\u00e3o ordin\u00e1ria"}, {"id": "4951", "ano": "2022", "numero": "143", "tipo__sigla": "DI", "tipo__descricao": "Di\u00e1rias e documentos relativos", "assunto": "Autoriza\u00e7\u00e3o para pagamento de di\u00e1ria referentes a per\u00edodo de fim de semana ou feriado\r\nVitor Jr."}, {"id": "5364", "ano": "2022", "numero": "143", "tipo__sigla": "OR", "tipo__descricao": "OF\u00cdCIOS RECEBIDOS", "assunto": "Of\u00edcio 236/2022 prefeitura: Resposta ao of\u00edcio 001/2022 do vereador Walter Silva"}, {"id": "5800", "ano": "2022", "numero": "143", "tipo__sigla": "PARE", "tipo__descricao": "PARECER", "assunto": "Parecer Jur\u00eddico - Projeto de Lei Ordin\u00e1rio n\u00ba 57 - 2022 - Visa conferir a licen\u00e7a por motivo de doen\u00e7a do c\u00f4njuge, companheiro, dos pais, dos filhos, do padrasto, da madrasta, enteado ou de dependente que viva as suas expensas e conste em seu assentamento funcional."}, {"id": "4956", "ano": "2022", "numero": "144", "tipo__sigla": "OFEXP", "tipo__descricao": "Of\u00edcio Expedido", "assunto": "Encaminhamento de projetos de lei aprovados na 18\u00aa reuni\u00e3o ordin\u00e1ria."}, {"id": "4973", "ano": "2022", "numero": "144", "tipo__sigla": "DI", "tipo__descricao": "Di\u00e1rias e documentos relativos", "assunto": "ANALISE DA PRESTA\u00c7\u00c3O DE CONTAS DO RECEBIMENTO DE DIARIAS"}, {"id": "5365", "ano": "2022", "numero": "144", "tipo__sigla": "OR", "tipo__descricao": "OF\u00cdCIOS RECEBIDOS", "assunto": "Of\u00edcio 237/2022 prefeitura: resposta indica\u00e7\u00f5es 053 e 057 do presidente Luiz Felipe Mendon\u00e7a Rodrigues"}, {"id": "5801", "ano": "2022", "numero": "144", "tipo__sigla": "PARE", "tipo__descricao": "PARECER", "assunto": "Parecer Jur\u00eddico - Projeto de Lei Complementar n\u00ba 29 - 2022 - Cria o 13 e f\u00e9rias natalinas para os Secret\u00e1rios Municipais."}, {"id": "4957", "ano": "2022", "numero": "145", "tipo__sigla": "OFEXP", "tipo__descricao": "Of\u00edcio Expedido", "assunto": "Encaminha indica\u00e7\u00e3o"}, {"id": "4974", "ano": "2022", "numero": "145", "tipo__sigla": "DI", "tipo__descricao": "Di\u00e1rias e documentos relativos", "assunto": "CALCULO DE QUANTIDADE E DE VALORES A PAGAR DE DIARIAS - Ronalthe Dayglas"}, {"id": "5366", "ano": "2022", "numero": "145", "tipo__sigla": "OR", "tipo__descricao": "OF\u00cdCIOS RECEBIDOS", "assunto": "Of\u00edcio 238/2022 prefeitura: resposta indica\u00e7\u00f5es 035, 036 e 037 do vereador Vitor Donizetti Siqueira Junior"}, {"id": "5821", "ano": "2022", "numero": "145", "tipo__sigla": "PARE", "tipo__descricao": "PARECER", "assunto": "Parecer Jur\u00eddico - Projeto de Lei Ordin\u00e1ria do Legislativo n\u00ba 19 - disp\u00f5e sobre a redu\u00e7\u00e3o da carga hor\u00e1ria de servidor p\u00fablico municipal que possua filho portador de necessidades especiais, no \u00e2mbito do Munic\u00edpio de Santana da Vargem e d\u00e1 outras provid\u00eancias ."}, {"id": "4960", "ano": "2022", "numero": "146", "tipo__sigla": "OFEXP", "tipo__descricao": "Of\u00edcio Expedido", "assunto": "Informa a Comiss\u00e3o de Sa\u00fade que a C\u00e2mara e toda sua estrutura est\u00e1 a disposi\u00e7\u00e3o."}, {"id": "4975", "ano": "2022", "numero": "146", "tipo__sigla": "DI", "tipo__descricao": "Di\u00e1rias e documentos relativos", "assunto": "CALCULO DE QUANTIDADE E DE VALORES A PAGAR DE DIARIAS - Carlos Cesar"}, {"id": "5367", "ano": "2022", "numero": "146", "tipo__sigla": "OR", "tipo__descricao": "OF\u00cdCIOS RECEBIDOS", "assunto": "Of\u00edcio 240/2022 prefeitura: convida para celebra\u00e7\u00e3o da Independ\u00eancia do Brasil  07/09/2022"}, {"id": "4963", "ano": "2022", "numero": "147", "tipo__sigla": "OFEXP", "tipo__descricao": "Of\u00edcio Expedido", "assunto": "Solicita informa\u00e7\u00e3o sobre a entrega de medicamentos aos mun\u00edcipes e a disponibiliza\u00e7\u00e3o de m\u00e1scaras."}, {"id": "4976", "ano": "2022", "numero": "147", "tipo__sigla": "DI", "tipo__descricao": "Di\u00e1rias e documentos relativos", "assunto": "CALCULO DE QUANTIDADE E DE VALORES A PAGAR DE DIARIAS - Vitor Donizetti"}, {"id": "5373", "ano": "2022", "numero": "147", "tipo__sigla": "OR", "tipo__descricao": "OF\u00cdCIOS RECEBIDOS", "assunto": "Of\u00edcio 87/2022 Secretaria Municipal de Cultura, Esporte,  Lazer e Turismo  (rela\u00e7\u00e3o de bens inventariados do Patrim\u00f4nio Cultural de Santana da Vargem)"}, {"id": "4969", "ano": "2022", "numero": "148", "tipo__sigla": "OFEXP", "tipo__descricao": "Of\u00edcio Expedido", "assunto": "Solicita guia de pagamento referente aos rendimentos da aplica\u00e7\u00e3o da conta do m\u00eas de maio de 2022."}, {"id": "4977", "ano": "2022", "numero": "148", "tipo__sigla": "DI", "tipo__descricao": "Di\u00e1rias e documentos relativos", "assunto": "CALCULO DE QUANTIDADE E DE VALORES A PAGAR DE DIARIAS - Walter Silva"}, {"id": "5374", "ano": "2022", "numero": "148", "tipo__sigla": "OR", "tipo__descricao": "OF\u00cdCIOS RECEBIDOS", "assunto": "Convida para o evento de Comemora\u00e7\u00e3o ao dia da Independ\u00eancia do Brasil"}, {"id": "4970", "ano": "2022", "numero": "149", "tipo__sigla": "OFEXP", "tipo__descricao": "Of\u00edcio Expedido", "assunto": "Solicita guia de pagamento referente ao IRRF do m\u00eas de maio de 2022"}, {"id": "4992", "ano": "2022", "numero": "149", "tipo__sigla": "DI", "tipo__descricao": "Di\u00e1rias e documentos relativos", "assunto": "REQUERIMENTO DE CONCESS\u00c3O DE DI\u00c1RIAS ADIANTADAS 21-24/06/2022"}, {"id": "5399", "ano": "2022", "numero": "149", "tipo__sigla": "OR", "tipo__descricao": "OF\u00cdCIOS RECEBIDOS", "assunto": "resposta referente a reuni\u00e3o ordin\u00e1ria que contou com a participa\u00e7\u00e3o dos representantes da COPASA"}, {"id": "4978", "ano": "2022", "numero": "150", "tipo__sigla": "OFEXP", "tipo__descricao": "Of\u00edcio Expedido", "assunto": "Encaminha para publica\u00e7\u00e3o no \r\nDi\u00e1rio Oficial, o Extrato de Inexigibilidade n\u00ba 09/2022."}, {"id": "4993", "ano": "2022", "numero": "150", "tipo__sigla": "DI", "tipo__descricao": "Di\u00e1rias e documentos relativos", "assunto": "REQUERIMENTO DE CONCESS\u00c3O DE DI\u00c1RIAS ADIANTADAS 21-24/06/2022"}, {"id": "5425", "ano": "2022", "numero": "150", "tipo__sigla": "OR", "tipo__descricao": "OF\u00cdCIOS RECEBIDOS", "assunto": "Of\u00edcio prefeitura 256/2022: resposta ao of\u00edcio 002/2022 da vereadora Silmara Girlaine Hon\u00f3rio"}, {"id": "4979", "ano": "2022", "numero": "151", "tipo__sigla": "OFEXP", "tipo__descricao": "Of\u00edcio Expedido", "assunto": "encaminha leis promulgadas"}, {"id": "4994", "ano": "2022", "numero": "151", "tipo__sigla": "DI", "tipo__descricao": "Di\u00e1rias e documentos relativos", "assunto": "REQUERIMENTO DE CONCESS\u00c3O DE DI\u00c1RIAS ADIANTADAS 21-24/06/2022"}, {"id": "5428", "ano": "2022", "numero": "151", "tipo__sigla": "OR", "tipo__descricao": "OF\u00cdCIOS RECEBIDOS", "assunto": "Of\u00edcio 245 prefeitura: resposta  indica\u00e7\u00e3o 063 do vereador Luiz Felipe Mendon\u00e7a Rodrigues"}, {"id": "4982", "ano": "2022", "numero": "152", "tipo__sigla": "OFEXP", "tipo__descricao": "Of\u00edcio Expedido", "assunto": "Encaminha indica\u00e7\u00f5es do vereador Ezequiel da Silva"}, {"id": "4995", "ano": "2022", "numero": "152", "tipo__sigla": "DI", "tipo__descricao": "Di\u00e1rias e documentos relativos", "assunto": "REQUERIMENTO DE CONCESS\u00c3O DE DI\u00c1RIAS ADIANTADAS 21-24/06/2022"}, {"id": "5429", "ano": "2022", "numero": "152", "tipo__sigla": "OR", "tipo__descricao": "OF\u00cdCIOS RECEBIDOS", "assunto": "Of\u00edcio recebido 247 prefeitura: resposta indica\u00e7\u00f5es 060, 061 e 062 do vereador Luiz Felipe Mendon\u00e7a Rodrigues"}, {"id": "4983", "ano": "2022", "numero": "153", "tipo__sigla": "OFEXP", "tipo__descricao": "Of\u00edcio Expedido", "assunto": "Encaminha indica\u00e7\u00e3o 03/2022 e Of\u00edcio 02/2022 de autoria da vereadora Silmara Girlaine"}, {"id": "5004", "ano": "2022", "numero": "153", "tipo__sigla": "DI", "tipo__descricao": "Di\u00e1rias e documentos relativos", "assunto": "CALCULO DE QUANTIDADE E DE VALORES A PAGAR DE DIARIAS - Alessandra"}, {"id": "5430", "ano": "2022", "numero": "153", "tipo__sigla": "OR", "tipo__descricao": "OF\u00cdCIOS RECEBIDOS", "assunto": "Of\u00edcio 248 prefeitura: resposta indica\u00e7\u00e3o 039 do vereador Vitor Donizetti Siqueira Junior"}, {"id": "4985", "ano": "2022", "numero": "154", "tipo__sigla": "OFEXP", "tipo__descricao": "Of\u00edcio Expedido", "assunto": "Solicita que a Comiss\u00e3o de Licita\u00e7\u00e3o inicie os procedimentos para \r\naquisi\u00e7\u00e3o de bandeiras"}, {"id": "5005", "ano": "2022", "numero": "154", "tipo__sigla": "DI", "tipo__descricao": "Di\u00e1rias e documentos relativos", "assunto": "CALCULO DE QUANTIDADE E DE VALORES A PAGAR DE DIARIAS - Kainne"}, {"id": "5431", "ano": "2022", "numero": "154", "tipo__sigla": "OR", "tipo__descricao": "OF\u00cdCIOS RECEBIDOS", "assunto": "Of\u00edcio 249 prefeitura: resposta of\u00edcio expedido 197/2022"}, {"id": "4986", "ano": "2022", "numero": "155", "tipo__sigla": "OFEXP", "tipo__descricao": "Of\u00edcio Expedido", "assunto": "Encaminhar a  Reda\u00e7\u00e3o Final do Projeto de Lei Ordin\u00e1ria do Legislativo n\u00ba 05/2022 que Disp\u00f5e sobre a denomina\u00e7\u00e3o de Logradouro Publico de Rua Augusta Maria de Oliveira e d\u00e1 outras providencias."}, {"id": "5006", "ano": "2022", "numero": "155", "tipo__sigla": "DI", "tipo__descricao": "Di\u00e1rias e documentos relativos", "assunto": "CALCULO DE QUANTIDADE E DE VALORES A PAGAR DE DIARIAS - Ruiter"}, {"id": "5432", "ano": "2022", "numero": "155", "tipo__sigla": "OR", "tipo__descricao": "OF\u00cdCIOS RECEBIDOS", "assunto": "Of\u00edcio 251 prefeitura: resposta indica\u00e7\u00f5es 058 e 059 do vereador Luiz Felipe Mendon\u00e7a Rodrigues"}, {"id": "4999", "ano": "2022", "numero": "156", "tipo__sigla": "OFEXP", "tipo__descricao": "Of\u00edcio Expedido", "assunto": "Encaminhamento de Veto rejeitado na 19\u00aa reuni\u00e3o ordin\u00e1ria."}, {"id": "5007", "ano": "2022", "numero": "156", "tipo__sigla": "DI", "tipo__descricao": "Di\u00e1rias e documentos relativos", "assunto": "CALCULO DE QUANTIDADE E DE VALORES A PAGAR DE DIARIAS - Felipe Tom\u00e9"}, {"id": "5433", "ano": "2022", "numero": "156", "tipo__sigla": "OR", "tipo__descricao": "OF\u00cdCIOS RECEBIDOS", "assunto": "Of\u00edcio 252 prefeitura:  resposta indica\u00e7\u00e3o 002/2022 do vereador Walter Silva"}, {"id": "5000", "ano": "2022", "numero": "157", "tipo__sigla": "OFEXP", "tipo__descricao": "Of\u00edcio Expedido", "assunto": "Convoca\u00e7\u00e3o e solicita\u00e7\u00e3o de informa\u00e7\u00f5es"}, {"id": "5028", "ano": "2022", "numero": "157", "tipo__sigla": "DI", "tipo__descricao": "Di\u00e1rias e documentos relativos", "assunto": "Relat\u00f3rio de viagem Ronalthe Dayglas Rocha Belo Horizonte (14/06/2022 a 17/06/2022)"}, {"id": "5434", "ano": "2022", "numero": "157", "tipo__sigla": "OR", "tipo__descricao": "OF\u00cdCIOS RECEBIDOS", "assunto": "Of\u00edcio 253 prefeitura: resposta indica\u00e7\u00f5es 025 e 026 do vereador Ezequiel da Silva"}, {"id": "5025", "ano": "2022", "numero": "158", "tipo__sigla": "OFEXP", "tipo__descricao": "Of\u00edcio Expedido", "assunto": "Encaminha para publica\u00e7\u00e3o no Di\u00e1rio Oficial, os Extratos de: Inexigibilidade 10/2022, Dispensa n\u00ba 05/2022 e Dispensa n\u00ba 06/2022."}, {"id": "5030", "ano": "2022", "numero": "158", "tipo__sigla": "DI", "tipo__descricao": "Di\u00e1rias e documentos relativos", "assunto": "Relat\u00f3rio de viagem Vitor Donizetti Siqueira Junior (Belo Horizonte 14/06/2022 a 17/06/2022)"}, {"id": "5435", "ano": "2022", "numero": "158", "tipo__sigla": "OR", "tipo__descricao": "OF\u00cdCIOS RECEBIDOS", "assunto": "Of\u00edcio 254 prefeitura: resposta requerimentos 014 e 015 do vereador Vitor Donizetti Siqueira Junior"}, {"id": "5031", "ano": "2022", "numero": "159", "tipo__sigla": "DI", "tipo__descricao": "Di\u00e1rias e documentos relativos", "assunto": "Relat\u00f3rio de viagem Carlos C\u00e9zar Ribeiro (Belo Horizonte 14/06/2022 a 17/06/2022)"}, {"id": "5044", "ano": "2022", "numero": "159", "tipo__sigla": "OFEXP", "tipo__descricao": "Of\u00edcio Expedido", "assunto": "Encaminha a indica\u00e7\u00e3o 010 feita pelo vereador Ronalthe Dayglas Rocha"}, {"id": "5436", "ano": "2022", "numero": "159", "tipo__sigla": "OR", "tipo__descricao": "OF\u00cdCIOS RECEBIDOS", "assunto": "Encaminha o decreto municipal 045/2022 que homologou o processo seletivo simplificado 001/2022"}, {"id": "5035", "ano": "2022", "numero": "160", "tipo__sigla": "DI", "tipo__descricao": "Di\u00e1rias e documentos relativos", "assunto": "An\u00e1lise da presta\u00e7\u00e3o de contas do recebimento de di\u00e1rias Walter Silva (Belo Horizonte 14/06/2022)"}, {"id": "5054", "ano": "2022", "numero": "160", "tipo__sigla": "OFEXP", "tipo__descricao": "Of\u00edcio Expedido", "assunto": "Encaminha a indica\u00e7\u00e3o 028 e os requerimentos 010, 011, 012 e 013 do vereador Vitor Donizetti Siqueira Junior"}, {"id": "5437", "ano": "2022", "numero": "160", "tipo__sigla": "OR", "tipo__descricao": "OF\u00cdCIOS RECEBIDOS", "assunto": "Of\u00edcio 259 prefeitura: informa que o n\u00famero de lei para o projeto de lei 034/2022 ser\u00e1 1.656"}, {"id": "5036", "ano": "2022", "numero": "161", "tipo__sigla": "DI", "tipo__descricao": "Di\u00e1rias e documentos relativos", "assunto": "An\u00e1lise da presta\u00e7\u00e3o de contas do recebimento de di\u00e1rias Vitor Donizetti Siqueira Junior (Belo Horizonte 14/06/2022)"}, {"id": "5055", "ano": "2022", "numero": "161", "tipo__sigla": "OFEXP", "tipo__descricao": "Of\u00edcio Expedido", "assunto": "Encaminha a indica\u00e7\u00e3o 052 do presidente da C\u00e2mara  Luiz Felipe Mendon\u00e7a Rodrigues"}, {"id": "5438", "ano": "2022", "numero": "161", "tipo__sigla": "OR", "tipo__descricao": "OF\u00cdCIOS RECEBIDOS", "assunto": "Of\u00edcio 260 prefeitura: solicita que seja providenciada a indica\u00e7\u00e3o da emenda impositiva para realiza\u00e7\u00e3o da infraestrutura do bairro Nova Santana"}, {"id": "5037", "ano": "2022", "numero": "162", "tipo__sigla": "DI", "tipo__descricao": "Di\u00e1rias e documentos relativos", "assunto": "An\u00e1lise da presta\u00e7\u00e3o de contas do recebimento de di\u00e1rias Carlos C\u00e9zar Ribeiro (Belo Horizonte 14/06/2022)"}, {"id": "5060", "ano": "2022", "numero": "162", "tipo__sigla": "OFEXP", "tipo__descricao": "Of\u00edcio Expedido", "assunto": "Convida a comunidade para audi\u00eancia p\u00fablica em 30 de junho de 2022 as 15h para discuss\u00e3o do Projeto de Lei de Diretrizes Or\u00e7ament\u00e1rias"}, {"id": "5439", "ano": "2022", "numero": "162", "tipo__sigla": "OR", "tipo__descricao": "OF\u00cdCIOS RECEBIDOS", "assunto": "Of\u00edcio 261 prefeitura: Solicita informa\u00e7\u00f5es sobre a tramita\u00e7\u00e3o do projeto de lei 069 de 10 de dezembro de  2021 o qual versa sobre o plano de saneamento b\u00e1sico"}, {"id": "5038", "ano": "2022", "numero": "163", "tipo__sigla": "DI", "tipo__descricao": "Di\u00e1rias e documentos relativos", "assunto": "An\u00e1lise da presta\u00e7\u00e3o de contas do recebimento de di\u00e1rias Ronalthe Dayglas Rocha (Belo Horizonte- 14/06/2022)"}, {"id": "5061", "ano": "2022", "numero": "163", "tipo__sigla": "OFEXP", "tipo__descricao": "Of\u00edcio Expedido", "assunto": "Convida para a realiza\u00e7\u00e3o de audi\u00eancia p\u00fablica no dia 30 de junho de 2022, as 15 h para discuss\u00e3o do Projeto de Lei de Diretrizes Or\u00e7ament\u00e1rias"}, {"id": "5440", "ano": "2022", "numero": "163", "tipo__sigla": "OR", "tipo__descricao": "OF\u00cdCIOS RECEBIDOS", "assunto": "Of\u00edcio 262 prefeitura: solicita informa\u00e7\u00f5es sobre a tramita\u00e7\u00e3o do projeto de lei complementar 012 de 2022 o qual versa sobre altera\u00e7\u00e3o a lei municipal 770 de 16 de setembro de 2002"}, {"id": "5032", "ano": "2022", "numero": "164", "tipo__sigla": "DI", "tipo__descricao": "Di\u00e1rias e documentos relativos", "assunto": "Relat\u00f3rio de viagem Walter Silva (Belo Horizonte 14/06/2022 a 17/06/2022)"}, {"id": "5071", "ano": "2022", "numero": "164", "tipo__sigla": "OFEXP", "tipo__descricao": "Of\u00edcio Expedido", "assunto": "Oficio 177 prefeitura : resposta \u00e0s indica\u00e7\u00f5es 020, 021, 022, 023 e 024 o vereador Ezequiel da Silva"}, {"id": "5443", "ano": "2022", "numero": "164", "tipo__sigla": "OR", "tipo__descricao": "OF\u00cdCIOS RECEBIDOS", "assunto": "Of\u00edcio 264 prefeitura: Encaminha para publica\u00e7\u00e3o o edital de convoca\u00e7\u00e3o do profissional aprovado e classificado do processo seletivo simplificado 01/2022"}, {"id": "5052", "ano": "2022", "numero": "165", "tipo__sigla": "DI", "tipo__descricao": "Di\u00e1rias e documentos relativos", "assunto": "Relat\u00f3rio de viagem Kainne Delfino Joanas (Belo Horizonte 21/06/2022 a 24/06/2022)"}, {"id": "5072", "ano": "2022", "numero": "165", "tipo__sigla": "OFEXP", "tipo__descricao": "Of\u00edcio Expedido", "assunto": "Of\u00edcio 178 prefeitura: resposta \u00e0 indica\u00e7\u00e3o 003 e o of\u00edcio 002 da vereadora Silmara Girlaine Hon\u00f3rio"}, {"id": "5467", "ano": "2022", "numero": "165", "tipo__sigla": "OR", "tipo__descricao": "OF\u00cdCIOS RECEBIDOS", "assunto": "Of\u00edcio 177/2022 Secretaria de Sa\u00fade: resposta ao of\u00edcio 221 presid\u00eancia"}, {"id": "5053", "ano": "2022", "numero": "166", "tipo__sigla": "DI", "tipo__descricao": "Di\u00e1rias e documentos relativos", "assunto": "Relat\u00f3rio de viagem Alessandra Dixini Araujo (Belo Horizonte 21/06/2022 a 24/06/2022)"}, {"id": "5073", "ano": "2022", "numero": "166", "tipo__sigla": "OFEXP", "tipo__descricao": "Of\u00edcio Expedido", "assunto": "Of\u00edcio 175 prefeitura: Resposta ao of\u00edcio 051 do vereador Luiz Felipe Mendon\u00e7a Rodrigues"}, {"id": "5474", "ano": "2022", "numero": "166", "tipo__sigla": "OR", "tipo__descricao": "OF\u00cdCIOS RECEBIDOS", "assunto": "Solicita indica\u00e7\u00e3o de membro para o Conselho de Esporte, considerando a sa\u00edda do vereador Jackson Luiz Ven\u00e2ncio de Souza"}, {"id": "5059", "ano": "2022", "numero": "167", "tipo__sigla": "DI", "tipo__descricao": "Di\u00e1rias e documentos relativos", "assunto": "Relat\u00f3rio de viagem Felipe Tom\u00e9 Mota e Silva (Belo Horizonte 21/06/2022 a 24/06/2022)"}, {"id": "5079", "ano": "2022", "numero": "167", "tipo__sigla": "OFEXP", "tipo__descricao": "Of\u00edcio Expedido", "assunto": "Encaminha projetos de lei aprovados na 21\u00aa reuni\u00e3o ordin\u00e1ria"}, {"id": "5475", "ano": "2022", "numero": "167", "tipo__sigla": "OR", "tipo__descricao": "OF\u00cdCIOS RECEBIDOS", "assunto": "Solicita a cess\u00e3o do sal\u00e3o nobre na data 04/10/2022 ter\u00e7a-feira as 15:00h"}, {"id": "5080", "ano": "2022", "numero": "168", "tipo__sigla": "OFEXP", "tipo__descricao": "Of\u00edcio Expedido", "assunto": "Solicita informa\u00e7\u00f5es sobre a exist\u00eancia de conv\u00eanio"}, {"id": "5082", "ano": "2022", "numero": "168", "tipo__sigla": "DI", "tipo__descricao": "Di\u00e1rias e documentos relativos", "assunto": "Relat\u00f3rio de viagem Ruiter Silva de Oliveira (Belo Horizonte 21/06/2022 a 24/06/2022)"}, {"id": "5486", "ano": "2022", "numero": "168", "tipo__sigla": "OR", "tipo__descricao": "OF\u00cdCIOS RECEBIDOS", "assunto": "Solicita que seja pautado o mais breve poss\u00edvel o Projeto de Lei Complementar n\u00ba 020 de julho de 2022"}, {"id": "5081", "ano": "2022", "numero": "169", "tipo__sigla": "OFEXP", "tipo__descricao": "Of\u00edcio Expedido", "assunto": "Solicita informa\u00e7\u00e3o sobre a exist\u00eancia de conv\u00eanio"}, {"id": "5085", "ano": "2022", "numero": "169", "tipo__sigla": "DI", "tipo__descricao": "Di\u00e1rias e documentos relativos", "assunto": "Requerimento de concess\u00e3o de di\u00e1rias adiantadas Vitor Donizetti Siqueira Junior (Bras\u00edlia 04/07/2022 a 07/07/2022)"}, {"id": "5487", "ano": "2022", "numero": "169", "tipo__sigla": "OR", "tipo__descricao": "OF\u00cdCIOS RECEBIDOS", "assunto": "Presta informa\u00e7\u00f5es acerca do questionamento contido no of\u00edcio 222/2022 da C\u00e2mara Municipal de Santana da Vargem"}, {"id": "5086", "ano": "2022", "numero": "170", "tipo__sigla": "DI", "tipo__descricao": "Di\u00e1rias e documentos relativos", "assunto": "An\u00e1lise da presta\u00e7\u00e3o de contas Felipe Tom\u00e9 Mota e Silva (Belo Horizonte 21/06/2022)"}, {"id": "5101", "ano": "2022", "numero": "170", "tipo__sigla": "OFEXP", "tipo__descricao": "Of\u00edcio Expedido", "assunto": "Encaminha as indica\u00e7\u00f5es 053 e 054 do vereador Luiz Felipe Mendon\u00e7a Rodrigues"}, {"id": "5495", "ano": "2022", "numero": "170", "tipo__sigla": "OR", "tipo__descricao": "OF\u00cdCIOS RECEBIDOS", "assunto": "Encaminha a portaria 110 de 05 de outubro de 2022 \"Institui Comiss\u00e3o Organizadora de Concurso P\u00fablico\""}, {"id": "5087", "ano": "2022", "numero": "171", "tipo__sigla": "DI", "tipo__descricao": "Di\u00e1rias e documentos relativos", "assunto": "An\u00e1lise de presta\u00e7\u00e3o de contas do recebimento de di\u00e1rias Alessandra Dixini (Belo Horizonte 21/06/2022)"}, {"id": "5108", "ano": "2022", "numero": "171", "tipo__sigla": "OFEXP", "tipo__descricao": "Of\u00edcio Expedido", "assunto": "Encaminha projetos de lei aprovados na 22\u00aa reuni\u00e3o ordin\u00e1ria e na 3\u00aa extraordin\u00e1ria"}, {"id": "5500", "ano": "2022", "numero": "171", "tipo__sigla": "OR", "tipo__descricao": "OF\u00cdCIOS RECEBIDOS", "assunto": "Solicita retirada do projeto de lei complementar 17 de 07 de outubro de 2022"}, {"id": "5088", "ano": "2022", "numero": "172", "tipo__sigla": "DI", "tipo__descricao": "Di\u00e1rias e documentos relativos", "assunto": "An\u00e1lise da presta\u00e7\u00e3o de contas do recebimento de di\u00e1rias (Kainne Delfino Joanas 21/06/2022)"}, {"id": "5127", "ano": "2022", "numero": "172", "tipo__sigla": "OFEXP", "tipo__descricao": "Of\u00edcio Expedido", "assunto": "Suspende o gozo das f\u00e9rias do servidor p\u00fablico Cleber de Brito no per\u00edodo de 11 a 20 junho"}, {"id": "5504", "ano": "2022", "numero": "172", "tipo__sigla": "OR", "tipo__descricao": "OF\u00cdCIOS RECEBIDOS", "assunto": "Of\u00edcio 289/2022 prefeitura: presta informa\u00e7\u00f5es referentes ao projeto de lei complementar 020 de 18 de julho de 2022"}, {"id": "5089", "ano": "2022", "numero": "173", "tipo__sigla": "DI", "tipo__descricao": "Di\u00e1rias e documentos relativos", "assunto": "An\u00e1lise de presta\u00e7\u00e3o de contas do recebimento de di\u00e1rias Ruiter Silva de Oliveira (Belo Horizonte 21/06/2022)"}, {"id": "5128", "ano": "2022", "numero": "173", "tipo__sigla": "OFEXP", "tipo__descricao": "Of\u00edcio Expedido", "assunto": "Solicita ao setor de tributa\u00e7\u00e3o que seja emitido uma guia referente a IRRF referente ao m\u00eas de junho"}, {"id": "5511", "ano": "2022", "numero": "173", "tipo__sigla": "OR", "tipo__descricao": "OF\u00cdCIOS RECEBIDOS", "assunto": "Of\u00edcio 269 prefeitura: resposta a indica\u00e7\u00e3o 003 do vereador Walter Silva"}, {"id": "5098", "ano": "2022", "numero": "174", "tipo__sigla": "DI", "tipo__descricao": "Di\u00e1rias e documentos relativos", "assunto": "Calculo de quantidades e de valores a pagar de di\u00e1rias Vitor Donizetti Siqueira Junior (Bras\u00edlia 04/07/2022 a 07/07/2022)"}, {"id": "5129", "ano": "2022", "numero": "174", "tipo__sigla": "OFEXP", "tipo__descricao": "Of\u00edcio Expedido", "assunto": "Solicita ao setor de tributa\u00e7\u00e3o que seja emitida uma guia de pagamento no valor de R$863,64 referente aos rendimentos de aplica\u00e7\u00e3o"}, {"id": "5512", "ano": "2022", "numero": "174", "tipo__sigla": "OR", "tipo__descricao": "OF\u00cdCIOS RECEBIDOS", "assunto": "Of\u00edcio 270/2022: resposta indica\u00e7\u00e3o 169 do vereador Luiz Felipe Mendon\u00e7a Rodrigues"}, {"id": "5119", "ano": "2022", "numero": "175", "tipo__sigla": "DI", "tipo__descricao": "Di\u00e1rias e documentos relativos", "assunto": "Relat\u00f3rio de viagem Vitor Donizetti Siqueira J\u00fanior (Bras\u00edlia 04/07/2022 a 07/07/2022)"}, {"id": "5138", "ano": "2022", "numero": "175", "tipo__sigla": "OFEXP", "tipo__descricao": "Of\u00edcio Expedido", "assunto": "Encaminha indica\u00e7\u00e3o do vereador Vitor Donizetti Jr."}, {"id": "5513", "ano": "2022", "numero": "175", "tipo__sigla": "OR", "tipo__descricao": "OF\u00cdCIOS RECEBIDOS", "assunto": "Of\u00edcio 276/2022 prefeitura : resposta indica\u00e7\u00f5es 027, 028 e 029 do vereador Ezequiel da Silva"}, {"id": "5131", "ano": "2022", "numero": "176", "tipo__sigla": "DI", "tipo__descricao": "Di\u00e1rias e documentos relativos", "assunto": "Requerimento de concess\u00e3o de di\u00e1rias vencidas"}, {"id": "5139", "ano": "2022", "numero": "176", "tipo__sigla": "OFEXP", "tipo__descricao": "Of\u00edcio Expedido", "assunto": "Encaminha indica\u00e7\u00e3o do vereador Ezequiel da Silva"}, {"id": "5514", "ano": "2022", "numero": "176", "tipo__sigla": "OR", "tipo__descricao": "OF\u00cdCIOS RECEBIDOS", "assunto": "Of\u00edcio 280/2022 prefeitura: resposta indica\u00e7\u00f5es 011 e 012 do vereador Ronalthe Dayglas Rocha"}, {"id": "5142", "ano": "2022", "numero": "177", "tipo__sigla": "DI", "tipo__descricao": "Di\u00e1rias e documentos relativos", "assunto": "Requerimento de concess\u00e3o de di\u00e1rias adiantadas"}, {"id": "5162", "ano": "2022", "numero": "177", "tipo__sigla": "OFEXP", "tipo__descricao": "Of\u00edcio Expedido", "assunto": "Solicita numera\u00e7\u00e3o para a promulga\u00e7\u00e3o de projetos de leis aprovados na 21\u00aa reuni\u00e3o ordin\u00e1ria"}, {"id": "5515", "ano": "2022", "numero": "177", "tipo__sigla": "OR", "tipo__descricao": "OF\u00cdCIOS RECEBIDOS", "assunto": "Of\u00edcio 285/2022 prefeitura: resposta ao of\u00edcio 010 do vereador Ronalthe Dayglas Rocha"}, {"id": "5164", "ano": "2022", "numero": "178", "tipo__sigla": "DI", "tipo__descricao": "Di\u00e1rias e documentos relativos", "assunto": "Requerimento de concess\u00e3o de di\u00e1rias adiantadas Alanis Carolina de Oliveira Moreira  (Belo Horizonte 02/08/2022-05/08/2022)"}, {"id": "5205", "ano": "2022", "numero": "178", "tipo__sigla": "OFEXP", "tipo__descricao": "Of\u00edcio Expedido", "assunto": "Solicita que seja adicionado o saldo or\u00e7ament\u00e1rio na ficha n\u00ba 18 a import\u00e2ncia de R$3.000,00 (Tr\u00eas mil reais)"}, {"id": "5516", "ano": "2022", "numero": "178", "tipo__sigla": "OR", "tipo__descricao": "OF\u00cdCIOS RECEBIDOS", "assunto": "Of\u00edcio 289/2022 prefeitura: resposta as indica\u00e7\u00f5es 070 e 071 do vereador Luiz Felipe Mendon\u00e7a Rodrigues"}, {"id": "5173", "ano": "2022", "numero": "179", "tipo__sigla": "DI", "tipo__descricao": "Di\u00e1rias e documentos relativos", "assunto": "Calculo de quantidades de valores a pagar de di\u00e1rias Luiz Felipe (Belo Horizonte 13/07/2022)"}, {"id": "5212", "ano": "2022", "numero": "179", "tipo__sigla": "OFEXP", "tipo__descricao": "Of\u00edcio Expedido", "assunto": "Solicita que seja adicionado o saldo or\u00e7ament\u00e1rio na ficha 01 a import\u00e2ncia de R$38.000,00"}, {"id": "5517", "ano": "2022", "numero": "179", "tipo__sigla": "OR", "tipo__descricao": "OF\u00cdCIOS RECEBIDOS", "assunto": "Of\u00edcio 290/2022 prefeitura: resposta indica\u00e7\u00f5es 041 e 042 do vereador Vitor Donizetti Siqueira Junior"}, {"id": "5174", "ano": "2022", "numero": "180", "tipo__sigla": "DI", "tipo__descricao": "Di\u00e1rias e documentos relativos", "assunto": "RELAT\u00d3RIO DE VIAGEM Luiz Felipe Mendon\u00e7a Rodrigues (Belo Horizonte- 13/07/2022)"}, {"id": "5211", "ano": "2022", "numero": "180", "tipo__sigla": "OFEXP", "tipo__descricao": "Of\u00edcio Expedido", "assunto": "Solicita que seja adicionado  o saldo or\u00e7ament\u00e1rio na ficha n\u00ba 14 a import\u00e2ncia de R$10.000,00 (dez mil reais)"}, {"id": "5518", "ano": "2022", "numero": "180", "tipo__sigla": "OR", "tipo__descricao": "OF\u00cdCIOS RECEBIDOS", "assunto": "Of\u00edcio 291/2022 prefeitura: resposta indica\u00e7\u00e3o 001 do vereador Jackson Luiz Ven\u00e2ncio de Souza"}, {"id": "5175", "ano": "2022", "numero": "181", "tipo__sigla": "DI", "tipo__descricao": "Di\u00e1rias e documentos relativos", "assunto": "Requerimento de concess\u00e3o de di\u00e1rias adiantadas Maria Aparecida de Ara\u00fajo Reis (Belo Horizonte 02/08/2022-05/08/2022)"}, {"id": "5213", "ano": "2022", "numero": "181", "tipo__sigla": "OFEXP", "tipo__descricao": "Of\u00edcio Expedido", "assunto": "Encaminha a indica\u00e7\u00e3o 055 de autoria do presidente da C\u00e2mara Luiz Felipe Mendon\u00e7a Rodrigues"}, {"id": "5530", "ano": "2022", "numero": "181", "tipo__sigla": "OR", "tipo__descricao": "OF\u00cdCIOS RECEBIDOS", "assunto": "Solicita o espa\u00e7o da C\u00e2mara Municipal de Santana da Vargem no dia 18/10/2022 no per\u00edodo de 8:00 as 11:00 e das 13:00  as 16:00"}, {"id": "5182", "ano": "2022", "numero": "182", "tipo__sigla": "DI", "tipo__descricao": "Di\u00e1rias e documentos relativos", "assunto": "Requerimento de concess\u00e3o de di\u00e1rias ao motorista (Belo Horizonte 02/08/2022 a 05/08/2022)"}, {"id": "5214", "ano": "2022", "numero": "182", "tipo__sigla": "OFEXP", "tipo__descricao": "Of\u00edcio Expedido", "assunto": "Encaminha o requerimento 004 feito pelo vereador Ronalthe Dayglas Rocha"}, {"id": "5543", "ano": "2022", "numero": "182", "tipo__sigla": "OR", "tipo__descricao": "OF\u00cdCIOS RECEBIDOS", "assunto": "Encaminha os balancetes de receitas e despesas referentes ao m\u00eas de setembro de 2022"}, {"id": "5183", "ano": "2022", "numero": "183", "tipo__sigla": "DI", "tipo__descricao": "Di\u00e1rias e documentos relativos", "assunto": "An\u00e1lise de presta\u00e7\u00e3o de contas do recebimento de di\u00e1rias Luiz Felipe Mendon\u00e7a Rodrigues (Belo Horizonte 13/07/2022)"}, {"id": "5216", "ano": "2022", "numero": "183", "tipo__sigla": "OFEXP", "tipo__descricao": "Of\u00edcio Expedido", "assunto": "Encaminha a indica\u00e7\u00e3o 031 feita pelo vereador Vitor Donizetti Siqueira Junior"}, {"id": "5556", "ano": "2022", "numero": "183", "tipo__sigla": "OR", "tipo__descricao": "OF\u00cdCIOS RECEBIDOS", "assunto": "Of\u00edcio 298/2022 prefeitura: resposta ao requerimento 017 do vereador Vitor Donizetti Siqueira Junior"}, {"id": "5184", "ano": "2022", "numero": "184", "tipo__sigla": "DI", "tipo__descricao": "Di\u00e1rias e documentos relativos", "assunto": "C\u00e1lculo de quantidade e de valores a pagar di\u00e1rias Alanis Carolina de Oliveira Moreira (Belo Horizonte 02/08/2022 a 05/08/2022)"}, {"id": "5217", "ano": "2022", "numero": "184", "tipo__sigla": "OFEXP", "tipo__descricao": "Of\u00edcio Expedido", "assunto": "Solicita informa\u00e7\u00f5es a respeito da suposta proibi\u00e7\u00e3o de venda de leite in natura no munic\u00edpio"}, {"id": "5557", "ano": "2022", "numero": "184", "tipo__sigla": "OR", "tipo__descricao": "OF\u00cdCIOS RECEBIDOS", "assunto": "Of\u00edcio 299/2022 prefeitura: responde a indica\u00e7\u00e3o 040 e requerimento 016 do vereador Vitor Donizetti Siqueira Junior"}, {"id": "5185", "ano": "2022", "numero": "185", "tipo__sigla": "DI", "tipo__descricao": "Di\u00e1rias e documentos relativos", "assunto": "C\u00e1lculo de quantidades e de valores a pagar de di\u00e1rias Ruiter Silva (Belo Horizonte 02/08/2022 a 05/08/2022)"}, {"id": "5218", "ano": "2022", "numero": "185", "tipo__sigla": "OFEXP", "tipo__descricao": "Of\u00edcio Expedido", "assunto": "Solicita informa\u00e7\u00f5es a respeito do concurso p\u00fablico"}, {"id": "5558", "ano": "2022", "numero": "185", "tipo__sigla": "OR", "tipo__descricao": "OF\u00cdCIOS RECEBIDOS", "assunto": "Of\u00edcio 300 prefeitura: resposta a indica\u00e7\u00e3o 003/2022 da vereadora Maria Aparecida de Ara\u00fajo Reis"}, {"id": "5186", "ano": "2022", "numero": "186", "tipo__sigla": "DI", "tipo__descricao": "Di\u00e1rias e documentos relativos", "assunto": "C\u00e1lculo de quantidade e de valores a pagar de di\u00e1rias Maria Aparecida de Ara\u00fajo Reis (Belo Horizonte 02/08/2022 a 05/08/2022)"}, {"id": "5219", "ano": "2022", "numero": "186", "tipo__sigla": "OFEXP", "tipo__descricao": "Of\u00edcio Expedido", "assunto": "Encaminha as indica\u00e7\u00f5es 32, 33 e 34 do vereador Vitor Donizetti Siqueira Junior"}, {"id": "5559", "ano": "2022", "numero": "186", "tipo__sigla": "OR", "tipo__descricao": "OF\u00cdCIOS RECEBIDOS", "assunto": "Of\u00edcio 301 prefeitura:  responde as indica\u00e7\u00f5es 065 e 066 do vereador Luiz Felipe Mendon\u00e7a Rodrigues"}, {"id": "5200", "ano": "2022", "numero": "187", "tipo__sigla": "DI", "tipo__descricao": "Di\u00e1rias e documentos relativos", "assunto": "An\u00e1lise da presta\u00e7\u00e3o de contas do recebimento de di\u00e1rias Vitor Donizetti Siqueira Junior (Bras\u00edlia 04/07/2022)"}, {"id": "5243", "ano": "2022", "numero": "187", "tipo__sigla": "OFEXP", "tipo__descricao": "Of\u00edcio Expedido", "assunto": "Encaminha o requerimento 001 feito pela vereadora Maria Aparecida de Ara\u00fajo Reis"}, {"id": "5563", "ano": "2022", "numero": "187", "tipo__sigla": "OR", "tipo__descricao": "OF\u00cdCIOS RECEBIDOS", "assunto": "of\u00edcio 310/2022 prefeitura: encaminha os balancetes de receitas e despesas referentes ao m\u00eas de setembro 2022"}, {"id": "5201", "ano": "2022", "numero": "188", "tipo__sigla": "DI", "tipo__descricao": "Di\u00e1rias e documentos relativos", "assunto": "C\u00e1lculo de quantidade e de valores  a pagar de di\u00e1rias  Emerson Silva Ara\u00fajo (Belo Horizonte 02/08/2022a 05/08/2022)"}, {"id": "5279", "ano": "2022", "numero": "188", "tipo__sigla": "OFEXP", "tipo__descricao": "Of\u00edcio Expedido", "assunto": "Encaminhas as indica\u00e7\u00f5es 035, 036 e 037 do vereador Vitor Donizetti Siqueira Junior"}, {"id": "5564", "ano": "2022", "numero": "188", "tipo__sigla": "OR", "tipo__descricao": "OF\u00cdCIOS RECEBIDOS", "assunto": "Of\u00edcio 305/20022 prefeitura: Resposta as indica\u00e7\u00f5es 046, 047, 048 e 049 do vereador Vitor Donizetti Siqueira Junior"}, {"id": "5239", "ano": "2022", "numero": "189", "tipo__sigla": "DI", "tipo__descricao": "Di\u00e1rias e documentos relativos", "assunto": "Relat\u00f3rio viagem Maria Aparecida de Ara\u00fajo Reis (Belo Horizonte- 02/08/2022 a 05/08/2022)"}, {"id": "5280", "ano": "2022", "numero": "189", "tipo__sigla": "OFEXP", "tipo__descricao": "Of\u00edcio Expedido", "assunto": "Encaminhas as indica\u00e7\u00f5es 056 e 057 do presidente Luiz Felipe Mendon\u00e7a Rodrigues"}, {"id": "5565", "ano": "2022", "numero": "189", "tipo__sigla": "OR", "tipo__descricao": "OF\u00cdCIOS RECEBIDOS", "assunto": "Of\u00edcio 304/2022 prefeitura: resposta indica\u00e7\u00f5es 030 e 031 do vereador Ezequiel da Silva"}, {"id": "5242", "ano": "2022", "numero": "190", "tipo__sigla": "DI", "tipo__descricao": "Di\u00e1rias e documentos relativos", "assunto": "An\u00e1lise da presta\u00e7\u00e3o de contas do recebimento de di\u00e1rias Maria Aparecida de Ara\u00fajo Reis (Belo Horizonte 02/08/2022)"}, {"id": "5293", "ano": "2022", "numero": "190", "tipo__sigla": "OFEXP", "tipo__descricao": "Of\u00edcio Expedido", "assunto": "Encaminhamento de projetos de lei aprovados  na 25 \u00aa reuni\u00e3o ordin\u00e1ria"}, {"id": "5566", "ano": "2022", "numero": "190", "tipo__sigla": "OR", "tipo__descricao": "OF\u00cdCIOS RECEBIDOS", "assunto": "Of\u00edcio 303/2022 prefeitura: resposta ao of\u00edcio do vereador Ronalthe Rocha"}, {"id": "5246", "ano": "2022", "numero": "191", "tipo__sigla": "DI", "tipo__descricao": "Di\u00e1rias e documentos relativos", "assunto": "Requerimento de concess\u00e3o de di\u00e1rias adiantadas Vitor Donizetti Siqueira Junior (Belo Horizonte 23/08/2022 a 26/08/2022)"}, {"id": "5314", "ano": "2022", "numero": "191", "tipo__sigla": "OFEXP", "tipo__descricao": "Of\u00edcio Expedido", "assunto": "encaminha os requerimentos 014 e 015 do vereador Vitor Donizetti Siqueira Junior"}, {"id": "5577", "ano": "2022", "numero": "191", "tipo__sigla": "OR", "tipo__descricao": "OF\u00cdCIOS RECEBIDOS", "assunto": "Of\u00edcio secretaria de educa\u00e7\u00e3o 087/2022: responde ao requerimento 001 e indica\u00e7\u00e3o 0045 do vereador Ronalthe Dayglas Rocha"}, {"id": "5247", "ano": "2022", "numero": "192", "tipo__sigla": "DI", "tipo__descricao": "Di\u00e1rias e documentos relativos", "assunto": "Relat\u00f3rio de viagem Ruiter Silva de Oliveira (Belo Horizonte 02/08/2022 a 05/08/2022)"}, {"id": "5333", "ano": "2022", "numero": "192", "tipo__sigla": "OFEXP", "tipo__descricao": "Of\u00edcio Expedido", "assunto": "Encaminha proposi\u00e7\u00f5es aprovadas na 26\u00aa reuni\u00e3o ordin\u00e1ria"}, {"id": "5578", "ano": "2022", "numero": "192", "tipo__sigla": "OR", "tipo__descricao": "OF\u00cdCIOS RECEBIDOS", "assunto": "Of\u00edcio 313 prefeitura: responde ao of\u00edcio e \u00e0s indica\u00e7\u00f5es 043, 044 e 045 do vereador Vitor Donizetti Siqueira Junior"}, {"id": "5255", "ano": "2022", "numero": "193", "tipo__sigla": "DI", "tipo__descricao": "Di\u00e1rias e documentos relativos", "assunto": "Relat\u00f3rio de viagem Alanis Carolina de Oliveira Moreira (Belo Horizonte 02/08/2022 a 05/08/2022)"}, {"id": "5335", "ano": "2022", "numero": "193", "tipo__sigla": "OFEXP", "tipo__descricao": "Of\u00edcio Expedido", "assunto": "Encaminha a indica\u00e7\u00e3o 002 do vereador Walter Silva"}, {"id": "5579", "ano": "2022", "numero": "193", "tipo__sigla": "OR", "tipo__descricao": "OF\u00cdCIOS RECEBIDOS", "assunto": "Of\u00edcio 314 prefeitura: responde \u00e0 indica\u00e7\u00e3o 004/2022 da vereadora Maria Aparecida de Ara\u00fajo Reis"}, {"id": "5256", "ano": "2022", "numero": "194", "tipo__sigla": "DI", "tipo__descricao": "Di\u00e1rias e documentos relativos", "assunto": "An\u00e1lise da presta\u00e7\u00e3o de contas do recebimento de di\u00e1rias Alanis Carolina Moreira (Belo Horizonte 02/02/2022)"}, {"id": "5336", "ano": "2022", "numero": "194", "tipo__sigla": "OFEXP", "tipo__descricao": "Of\u00edcio Expedido", "assunto": "Encaminha as indica\u00e7\u00f5es 058 e 059 do presidente Luiz Felipe Mendon\u00e7a Rodrigues"}, {"id": "5580", "ano": "2022", "numero": "194", "tipo__sigla": "OR", "tipo__descricao": "OF\u00cdCIOS RECEBIDOS", "assunto": "Of\u00edcio 315 prefeitura: responde \u00e0 indica\u00e7\u00e3o 072 do vereador Luiz Felipe Mendon\u00e7a Rodrigues"}, {"id": "5257", "ano": "2022", "numero": "195", "tipo__sigla": "DI", "tipo__descricao": "Di\u00e1rias e documentos relativos", "assunto": "An\u00e1lise de presta\u00e7\u00e3o de contas do recebimento de di\u00e1rias Ruiter Silva (Belo Horizonte 02/08/2022)"}, {"id": "5337", "ano": "2022", "numero": "195", "tipo__sigla": "OFEXP", "tipo__descricao": "Of\u00edcio Expedido", "assunto": "Encaminha as indica\u00e7\u00f5es 025 e 026 do vereador Ezequiel da Silva"}, {"id": "5581", "ano": "2022", "numero": "195", "tipo__sigla": "OR", "tipo__descricao": "OF\u00cdCIOS RECEBIDOS", "assunto": "Of\u00edcio 316 prefeitura: responde ao of\u00edcio expedido 242"}, {"id": "5297", "ano": "2022", "numero": "196", "tipo__sigla": "DI", "tipo__descricao": "Di\u00e1rias e documentos relativos", "assunto": "Requerimento de concess\u00e3o de di\u00e1rias adiantadas Isabela Louren\u00e7\u00e3o Messias (Varginha- 24/08/2022 e 25/08/2022)"}, {"id": "5339", "ano": "2022", "numero": "196", "tipo__sigla": "OFEXP", "tipo__descricao": "Of\u00edcio Expedido", "assunto": "Convida para participar da 28\u00aa Reuni\u00e3o Ordin\u00e1ria no dia 05 de setembro de 2022 \u00e0s 19:00h (Marco Aur\u00e9lio Ribeiro-COPASA)"}, {"id": "5592", "ano": "2022", "numero": "196", "tipo__sigla": "OR", "tipo__descricao": "OF\u00cdCIOS RECEBIDOS", "assunto": "Of\u00edcio 2942/2022 COPASA: Responde ao convite para participa\u00e7\u00e3o na 37\u00aa reuni\u00e3o ordin\u00e1ria"}, {"id": "5298", "ano": "2022", "numero": "197", "tipo__sigla": "DI", "tipo__descricao": "Di\u00e1rias e documentos relativos", "assunto": "Requerimento de concess\u00e3o de di\u00e1rias adiantadas Carlos C\u00e9zar Ribeiro (Belo Horizonte 23/08/2022 a 26/08/2022)"}, {"id": "5340", "ano": "2022", "numero": "197", "tipo__sigla": "OFEXP", "tipo__descricao": "Of\u00edcio Expedido", "assunto": "Solicita informa\u00e7\u00f5es a respeito dos recursos do acordo da Vale com o Estado de Minas Gerais (Prefeito Municipal)"}, {"id": "5593", "ano": "2022", "numero": "197", "tipo__sigla": "OR", "tipo__descricao": "OF\u00cdCIOS RECEBIDOS", "assunto": "Of\u00edcio 2939/2022 COPASA responde ao of\u00edcio 243/2022 C\u00e2mara Municipal"}, {"id": "5301", "ano": "2022", "numero": "198", "tipo__sigla": "DI", "tipo__descricao": "Di\u00e1rias e documentos relativos", "assunto": "Requerimento de concess\u00e3o de di\u00e1rias adiantadas Jackson Luiz Ven\u00e2ncio de Souza (Belo Horizonte 23/08/2022 a 26/08/2022)"}, {"id": "5356", "ano": "2022", "numero": "198", "tipo__sigla": "OFEXP", "tipo__descricao": "Of\u00edcio Expedido", "assunto": "Encaminha as indica\u00e7\u00f5es 060, 061 e 062 do presidente Luiz Felipe Mendon\u00e7a Rodrigues"}, {"id": "5625", "ano": "2022", "numero": "198", "tipo__sigla": "OR", "tipo__descricao": "OF\u00cdCIOS RECEBIDOS", "assunto": "Of\u00edcio 318/2022 prefeitura: resposta ao of\u00edcio 193/2022 da C\u00e2mara Municipal"}, {"id": "5302", "ano": "2022", "numero": "199", "tipo__sigla": "DI", "tipo__descricao": "Di\u00e1rias e documentos relativos", "assunto": "C\u00e1lculo de  quantidade e de valores a pagar de di\u00e1rias Jackson Luiz Ven\u00e2ncio de Souza (Belo Horizonte 23/08/2022 a 26/08/2022)"}, {"id": "5357", "ano": "2022", "numero": "199", "tipo__sigla": "OFEXP", "tipo__descricao": "Of\u00edcio Expedido", "assunto": "Encaminha a indica\u00e7\u00e3o 039 feita pelo vereador Vitor Donizetti Siqueira Junior"}, {"id": "5626", "ano": "2022", "numero": "199", "tipo__sigla": "OR", "tipo__descricao": "OF\u00cdCIOS RECEBIDOS", "assunto": "Of\u00edcio 322 prefeitura: responde \u00e0 indica\u00e7\u00e3o 001/2022 do vereador Carlos C\u00e9zar Ribeiro"}, {"id": "5303", "ano": "2022", "numero": "200", "tipo__sigla": "DI", "tipo__descricao": "Di\u00e1rias e documentos relativos", "assunto": "C\u00e1lculo de quantidade e valores a pagar de di\u00e1rias Carlos C\u00e9zar Ribeiro (Belo Horizonte 23/08/2022 a 26/08/2022)"}, {"id": "5358", "ano": "2022", "numero": "200", "tipo__sigla": "OFEXP", "tipo__descricao": "Of\u00edcio Expedido", "assunto": "Encaminha proposi\u00e7\u00f5es aprovadas na 27\u00aa reuni\u00e3o ordin\u00e1ria"}, {"id": "5627", "ano": "2022", "numero": "200", "tipo__sigla": "OR", "tipo__descricao": "OF\u00cdCIOS RECEBIDOS", "assunto": "of\u00edcio 323/2022 prefeitura: responde \u00e0s indica\u00e7\u00f5es s050, 051, 052  e 053 e o requerimento 018 do vereador Vitor Donizetti Siqueira Junior"}, {"id": "5304", "ano": "2022", "numero": "201", "tipo__sigla": "DI", "tipo__descricao": "Di\u00e1rias e documentos relativos", "assunto": "C\u00e1lculo de quantidade e de valores a pagar de di\u00e1rias Vitor Donizetti Siqueira Junior (Belo Horizonte 23/08/2022 a 26/08/2022)"}, {"id": "5368", "ano": "2022", "numero": "201", "tipo__sigla": "OFEXP", "tipo__descricao": "Of\u00edcio Expedido", "assunto": "Encaminha rela\u00e7\u00e3o de objetos para an\u00e1lise e posterior baixa de patrim\u00f4nios"}, {"id": "5638", "ano": "2022", "numero": "201", "tipo__sigla": "OR", "tipo__descricao": "OF\u00cdCIOS RECEBIDOS", "assunto": "Encaminha \u00e1udio em formato CD reuni\u00e3o 22/08/2022 e transcri\u00e7\u00e3o do \u00e1udio (Comiss\u00e3o de sa\u00fade)"}, {"id": "5305", "ano": "2022", "numero": "202", "tipo__sigla": "DI", "tipo__descricao": "Di\u00e1rias e documentos relativos", "assunto": "C\u00e1lculo de quantidade e de valores a pagar de di\u00e1rias Isabela Louren\u00e7\u00e3o Messias (Varginha 24/08/2022 e 25/08/2022)"}, {"id": "5369", "ano": "2022", "numero": "202", "tipo__sigla": "OFEXP", "tipo__descricao": "Of\u00edcio Expedido", "assunto": "Solicita ve\u00edculo para retirada de alguns objetos na C\u00e2mara Municipal de Santana da Vargem"}, {"id": "5653", "ano": "2022", "numero": "202", "tipo__sigla": "OR", "tipo__descricao": "OF\u00cdCIOS RECEBIDOS", "assunto": "Of\u00edcio 328/2022 prefeitura: responde indica\u00e7\u00e3o 032/2022 do vereador Ezequiel da Silva"}, {"id": "5306", "ano": "2022", "numero": "203", "tipo__sigla": "DI", "tipo__descricao": "Di\u00e1rias e documentos relativos", "assunto": "Requerimento de  concess\u00e3o de di\u00e1rias adiantas Ronalthe Dayglas Rocha (Belo Horizonte 23/08/2022 a 26/08/2022)"}, {"id": "5372", "ano": "2022", "numero": "203", "tipo__sigla": "OFEXP", "tipo__descricao": "Of\u00edcio Expedido", "assunto": "Convoca Secret\u00e1ria Municipal de Assist\u00eancia Social do Munic\u00edpio para reuni\u00e3o ordin\u00e1ria 12/09/2022"}, {"id": "5654", "ano": "2022", "numero": "203", "tipo__sigla": "OR", "tipo__descricao": "OF\u00cdCIOS RECEBIDOS", "assunto": "Of\u00edcio 329/2022 prefeitura: responde indica\u00e7\u00e3o 013 do vereador Ronalthe Dayglas Rocha"}, {"id": "5308", "ano": "2022", "numero": "204", "tipo__sigla": "DI", "tipo__descricao": "Di\u00e1rias e documentos relativos", "assunto": "Requerimento de concess\u00e3o de di\u00e1rias adiantas Ezequiel da Silva (Belo Horizonte 23/08/2022 a 28/08/2022)"}, {"id": "5384", "ano": "2022", "numero": "204", "tipo__sigla": "OFEXP", "tipo__descricao": "Of\u00edcio Expedido", "assunto": "Encaminha a indica\u00e7\u00e3o 063 do presidente Luiz Felipe Mendon\u00e7a Rodrigues"}, {"id": "5655", "ano": "2022", "numero": "204", "tipo__sigla": "OR", "tipo__descricao": "OF\u00cdCIOS RECEBIDOS", "assunto": "Of\u00edcio 330/2022 prefeitura: responde \u00e0s indica\u00e7\u00f5es 073, 074, 075, 076, 077, 078, 079, 080 081 e 082 do vereador Luiz Felipe Mendon\u00e7a Rodrigues"}, {"id": "5310", "ano": "2022", "numero": "205", "tipo__sigla": "DI", "tipo__descricao": "Di\u00e1rias e documentos relativos", "assunto": "Requerimento de concess\u00e3o de di\u00e1rias adiantadas Walter Silva (Belo Horizonte 23/08/2022 a 26/08/2022)"}, {"id": "5385", "ano": "2022", "numero": "205", "tipo__sigla": "OFEXP", "tipo__descricao": "Of\u00edcio Expedido", "assunto": "Encaminha a indica\u00e7\u00e3o 003 da vereadora Silmara Girlaine Hon\u00f3rio"}, {"id": "5656", "ano": "2022", "numero": "205", "tipo__sigla": "OR", "tipo__descricao": "OF\u00cdCIOS RECEBIDOS", "assunto": "Of\u00edcio 331/2022 prefeitura: reponde \u00e0 indica\u00e7\u00e3o 033/2022 do vereador Ezequiel da Silva"}, {"id": "5328", "ano": "2022", "numero": "206", "tipo__sigla": "DI", "tipo__descricao": "Di\u00e1rias e documentos relativos", "assunto": "Requerimento de concess\u00e3o de di\u00e1rias adiantadas Ezequiel da Silva (Belo Horizonte- 30/08/2022 a 02/09/2022)"}, {"id": "5393", "ano": "2022", "numero": "206", "tipo__sigla": "OFEXP", "tipo__descricao": "Of\u00edcio Expedido", "assunto": "Comunica a derrubada do veto n\u00ba 04 de 2022"}, {"id": "5657", "ano": "2022", "numero": "206", "tipo__sigla": "OR", "tipo__descricao": "OF\u00cdCIOS RECEBIDOS", "assunto": "Of\u00edcio 332/2022 prefeitura: responde \u00e0s indica\u00e7\u00f5es 053, 054, 055, 056, 057, 058 e 059 do vereador Vitor Donizetti Siqueira Junior"}, {"id": "5329", "ano": "2022", "numero": "207", "tipo__sigla": "DI", "tipo__descricao": "Di\u00e1rias e documentos relativos", "assunto": "Requerimento de concess\u00e3o de di\u00e1rias adiantadas Vitor Donizetti Siqueira Junior (Belo Horizonte- 30/08/2022 a 02/09/2022)"}, {"id": "5412", "ano": "2022", "numero": "207", "tipo__sigla": "OFEXP", "tipo__descricao": "Of\u00edcio Expedido", "assunto": "Encaminha as indica\u00e7\u00f5es 027 e 028 do vereador Ezequiel da Silva"}, {"id": "5697", "ano": "2022", "numero": "207", "tipo__sigla": "OR", "tipo__descricao": "OF\u00cdCIOS RECEBIDOS", "assunto": "Of\u00edcio 335/2022 prefeitura:  encaminha receitas e despesas referentes ao m\u00eas de outubro 2022 e complemento das despesas receitas julho 2022"}, {"id": "5341", "ano": "2022", "numero": "208", "tipo__sigla": "DI", "tipo__descricao": "Di\u00e1rias e documentos relativos", "assunto": "Relat\u00f3rio de viagem Isabela Louren\u00e7\u00e3o Messias (Varginha- 24/08/2022 e 25/08/2022)"}, {"id": "5413", "ano": "2022", "numero": "208", "tipo__sigla": "OFEXP", "tipo__descricao": "Of\u00edcio Expedido", "assunto": "Encaminha a indica\u00e7\u00e3o 003 do vereador Walter Silva"}, {"id": "5752", "ano": "2022", "numero": "208", "tipo__sigla": "OR", "tipo__descricao": "OF\u00cdCIOS RECEBIDOS", "assunto": "Of\u00edcio 337/2022 - responde of\u00edcio a respeito do projeto de lei 01/2022"}, {"id": "5342", "ano": "2022", "numero": "209", "tipo__sigla": "DI", "tipo__descricao": "Di\u00e1rias e documentos relativos", "assunto": "An\u00e1lise da presta\u00e7\u00e3o de contas do recebimento de di\u00e1rias Isabela Louren\u00e7\u00e3o Messias (24/08/2022)"}, {"id": "5414", "ano": "2022", "numero": "209", "tipo__sigla": "OFEXP", "tipo__descricao": "Of\u00edcio Expedido", "assunto": "Encaminha a indica\u00e7\u00e3o 064 do presidente Luiz Felipe Mendon\u00e7a Rodrigues"}, {"id": "5753", "ano": "2022", "numero": "209", "tipo__sigla": "OR", "tipo__descricao": "OF\u00cdCIOS RECEBIDOS", "assunto": "Of\u00edcio 336/2022 - encaminha Decreto Municipal 54 de 14 de dezembro de 2022"}, {"id": "5345", "ano": "2022", "numero": "210", "tipo__sigla": "DI", "tipo__descricao": "Di\u00e1rias e documentos relativos", "assunto": "C\u00e1lculo de quantidades e de valores a pagar de di\u00e1rias Ezequiel da Silva (Belo Horizonte- 30/08/2022 a 02/09/2022)"}, {"id": "5418", "ano": "2022", "numero": "210", "tipo__sigla": "OFEXP", "tipo__descricao": "Of\u00edcio Expedido", "assunto": "Solicita ao setor de tributa\u00e7\u00e3o que seja emitida guia de pagamento  no valor de R$2.118,48 de IRRF referente ao m\u00eas de agosto de 2022"}, {"id": "5765", "ano": "2022", "numero": "210", "tipo__sigla": "OR", "tipo__descricao": "OF\u00cdCIOS RECEBIDOS", "assunto": "Of\u00edcio 342/2022 prefeitura: resposta ao of\u00edcio 277/2022 da presid\u00eancia (presta informa\u00e7\u00f5es LOA)"}, {"id": "5346", "ano": "2022", "numero": "211", "tipo__sigla": "DI", "tipo__descricao": "Di\u00e1rias e documentos relativos", "assunto": "C\u00e1lculo de quantidade e de valores a pagar de di\u00e1rias Vitor Donizetti Siqueira Junior (Belo Horizonte 30/08/2022 a 02/09/2022)"}, {"id": "5419", "ano": "2022", "numero": "211", "tipo__sigla": "OFEXP", "tipo__descricao": "Of\u00edcio Expedido", "assunto": "Solicita que seja emitida uma guia no valor de R$1.232,46 referente aos rendimentos de aplica\u00e7\u00e3o da conta de titularidade da C\u00e2mara Municipal referente ao m\u00eas de agosto de 2022"}, {"id": "5766", "ano": "2022", "numero": "211", "tipo__sigla": "OR", "tipo__descricao": "OF\u00cdCIOS RECEBIDOS", "assunto": "Of\u00edcio 343/2022 prefeitura: resposta ao of\u00edcio 271/2022"}, {"id": "5349", "ano": "2022", "numero": "212", "tipo__sigla": "DI", "tipo__descricao": "Di\u00e1rias e documentos relativos", "assunto": "Requerimento de concess\u00e3o de di\u00e1rias adiantadas Jackson Luiz Ven\u00e2ncio de Souza (Belo Horizonte 30/08/2022 a 02/09/2022)"}, {"id": "5420", "ano": "2022", "numero": "212", "tipo__sigla": "OFEXP", "tipo__descricao": "Of\u00edcio Expedido", "assunto": "Encaminhamento de proposi\u00e7\u00e3o aprovada na 29\u00aa reuni\u00e3o ordin\u00e1ria"}, {"id": "5767", "ano": "2022", "numero": "212", "tipo__sigla": "OR", "tipo__descricao": "OF\u00cdCIOS RECEBIDOS", "assunto": "Of\u00edcio 206/2022 Secretaria Municipal de Sa\u00fade, resposta ao of\u00edcio 278/2022 presid\u00eancia"}, {"id": "5350", "ano": "2022", "numero": "213", "tipo__sigla": "DI", "tipo__descricao": "Di\u00e1rias e documentos relativos", "assunto": "Requerimento de concess\u00e3o de di\u00e1rias adiantas Ronalthe Dayglas Rocha (Belo Horizonte 30/08/2022 a 02/09/2022)"}, {"id": "5426", "ano": "2022", "numero": "213", "tipo__sigla": "OFEXP", "tipo__descricao": "Of\u00edcio Expedido", "assunto": "Encaminha lei promulgada"}, {"id": "5774", "ano": "2022", "numero": "213", "tipo__sigla": "OR", "tipo__descricao": "OF\u00cdCIOS RECEBIDOS", "assunto": "Of\u00edcio 338/2012 prefeitura: resposta as indica\u00e7\u00f5es 059 e 060 do vereador Vitor Donizetti Siqueira Junior"}, {"id": "5353", "ano": "2022", "numero": "214", "tipo__sigla": "DI", "tipo__descricao": "Di\u00e1rias e documentos relativos", "assunto": "C\u00e1lculo de quantidade e de valores a pagar de di\u00e1rias Ronalthe Dayglas Rocha (Belo Horizonte 30/08/2022 a 02/09/2022)"}, {"id": "5427", "ano": "2022", "numero": "214", "tipo__sigla": "OFEXP", "tipo__descricao": "Of\u00edcio Expedido", "assunto": "Encaminha as indica\u00e7\u00f5es 065 e 066 do presidente Luiz Felipe Mendon\u00e7a Rodrigues"}, {"id": "5775", "ano": "2022", "numero": "214", "tipo__sigla": "OR", "tipo__descricao": "OF\u00cdCIOS RECEBIDOS", "assunto": "Of\u00edcio 339 prefeitura: resposta \u00e0s indica\u00e7\u00f5es 083, 084,085, 086, 087 e 088 do vereador Luiz Felipe Mendon\u00e7a Rodrigues"}, {"id": "5354", "ano": "2022", "numero": "215", "tipo__sigla": "DI", "tipo__descricao": "Di\u00e1rias e documentos relativos", "assunto": "C\u00e1lculo de quantidades e de valores a pagar de di\u00e1rias Jackson Luiz Ven\u00e2ncio de Souza (Belo Horizonte- 30/08/2022 a 02/09/2022)"}, {"id": "5442", "ano": "2022", "numero": "215", "tipo__sigla": "OFEXP", "tipo__descricao": "Of\u00edcio Expedido", "assunto": "Suspens\u00e3o de  f\u00e9rias"}, {"id": "5776", "ano": "2022", "numero": "215", "tipo__sigla": "OR", "tipo__descricao": "OF\u00cdCIOS RECEBIDOS", "assunto": "Of\u00edcio 340 prefeitura: resposta ao of\u00edcio 265 do presidente"}, {"id": "5382", "ano": "2022", "numero": "216", "tipo__sigla": "DI", "tipo__descricao": "Di\u00e1rias e documentos relativos", "assunto": "Relat\u00f3rio de viagem Ronalthe Dayglas Rocha (Belo Horizonte- 30/08/2022 a 02/09/2022)"}, {"id": "5441", "ano": "2022", "numero": "216", "tipo__sigla": "OFEXP", "tipo__descricao": "Of\u00edcio Expedido", "assunto": "Encaminha a indica\u00e7\u00e3o 040 e o requerimento 016 do vereador Vitor Donizetti Siqueira Junior"}, {"id": "5779", "ano": "2022", "numero": "216", "tipo__sigla": "OR", "tipo__descricao": "OF\u00cdCIOS RECEBIDOS", "assunto": "Of\u00edcio 346/2022 prefeitura: den\u00fancia contra servidor da prefeitura"}, {"id": "5388", "ano": "2022", "numero": "217", "tipo__sigla": "DI", "tipo__descricao": "Di\u00e1rias e documentos relativos", "assunto": "An\u00e1lise da presta\u00e7\u00e3o de contas do recebimento de di\u00e1rias Ronalthe Dayglas Rocha (Belo Horizonte 30/08/2022)"}, {"id": "5445", "ano": "2022", "numero": "217", "tipo__sigla": "OFEXP", "tipo__descricao": "Of\u00edcio Expedido", "assunto": "Encaminha a indica\u00e7\u00e3o 003 feita pela vereadora Maria Aparecida de Ara\u00fajo Reis"}, {"id": "5781", "ano": "2022", "numero": "217", "tipo__sigla": "OR", "tipo__descricao": "OF\u00cdCIOS RECEBIDOS", "assunto": "Of\u00edcio Eduardo Vitor Neves, resposta ao of\u00edcio conjunto vereador/comiss\u00e3o n\u00ba 01/2022 - Convoca\u00e7\u00e3o para reuni\u00e3o ordin\u00e1ria 19 de dezembro de 2022"}, {"id": "5389", "ano": "2022", "numero": "218", "tipo__sigla": "DI", "tipo__descricao": "Di\u00e1rias e documentos relativos", "assunto": "Relat\u00f3rio de viagem Jackson Luiz Ven\u00e2ncio de Souza (Belo Horizonte 30/08/2022 a 02/09/2022)"}, {"id": "5447", "ano": "2022", "numero": "218", "tipo__sigla": "OFEXP", "tipo__descricao": "Of\u00edcio Expedido", "assunto": "Encaminha  proposi\u00e7\u00f5es aprovadas na 30\u00aa reuni\u00e3o ordin\u00e1ria"}, {"id": "5789", "ano": "2022", "numero": "218", "tipo__sigla": "OR", "tipo__descricao": "OF\u00cdCIOS RECEBIDOS", "assunto": "Of\u00edco arsae/gab 851/2022: resposta a questionamentos sobre transtornos no fornecimento de \u00e1gua no bairro S\u00e3o Luiz"}, {"id": "5396", "ano": "2022", "numero": "219", "tipo__sigla": "DI", "tipo__descricao": "Di\u00e1rias e documentos relativos", "assunto": "An\u00e1lise da presta\u00e7\u00e3o de contas do recebimento de di\u00e1rias Jackson Luiz Ven\u00e2ncio de Souza (Belo Horizonte- 30/08/2022)"}, {"id": "5449", "ano": "2022", "numero": "219", "tipo__sigla": "OFEXP", "tipo__descricao": "Of\u00edcio Expedido", "assunto": "Indica a destina\u00e7\u00e3o da emenda impositiva, vereador Luiz Felipe Mendon\u00e7a Rodrigues"}, {"id": "5802", "ano": "2022", "numero": "219", "tipo__sigla": "OR", "tipo__descricao": "OF\u00cdCIOS RECEBIDOS", "assunto": "Encaminha balancetes de Receitas e Despesas referente ao m\u00eas de novembro de 2022"}, {"id": "5397", "ano": "2022", "numero": "220", "tipo__sigla": "DI", "tipo__descricao": "Di\u00e1rias e documentos relativos", "assunto": "Relat\u00f3rio de viagem Ezequiel da Silva (Belo Horizonte 30/08/2022 a 02/09/2022)"}, {"id": "5450", "ano": "2022", "numero": "220", "tipo__sigla": "OFEXP", "tipo__descricao": "Of\u00edcio Expedido", "assunto": "Solicita informa\u00e7\u00f5es acerca do in\u00edcio das obras no bairro Nova Santana"}, {"id": "5804", "ano": "2022", "numero": "220", "tipo__sigla": "OR", "tipo__descricao": "OF\u00cdCIOS RECEBIDOS", "assunto": "Of\u00edcio 353/2022 prefeitura: resposta indica\u00e7\u00e3o 004 do vereador Walter Silva"}, {"id": "5398", "ano": "2022", "numero": "221", "tipo__sigla": "DI", "tipo__descricao": "Di\u00e1rias e documentos relativos", "assunto": "An\u00e1lise da presta\u00e7\u00e3o de contas do recebimento de di\u00e1rias (Ezequiel da Silva- Belo Horizonte 30/08/2022)"}, {"id": "5451", "ano": "2022", "numero": "221", "tipo__sigla": "OFEXP", "tipo__descricao": "Of\u00edcio Expedido", "assunto": "Solicita informa\u00e7\u00f5es acerca da demora na marca\u00e7\u00e3o de exames"}, {"id": "5805", "ano": "2022", "numero": "221", "tipo__sigla": "OR", "tipo__descricao": "OF\u00cdCIOS RECEBIDOS", "assunto": "Of\u00edcio 352/2022 prefeitura: resposta indica\u00e7\u00f5es 061, 062, 063, 064 e requerimento 020 do vereador Vitor Donizetti Siqueira Junior"}, {"id": "5403", "ano": "2022", "numero": "222", "tipo__sigla": "DI", "tipo__descricao": "Di\u00e1rias e documentos relativos", "assunto": "Relat\u00f3rio de viagem Vitor Donizetti Siqueira Junior (Belo Horizonte- 30/08/2022 a 02/09/2022)"}, {"id": "5454", "ano": "2022", "numero": "222", "tipo__sigla": "OFEXP", "tipo__descricao": "Of\u00edcio Expedido", "assunto": "Solicita informa\u00e7\u00f5es a respeito do concurso p\u00fablico"}, {"id": "5806", "ano": "2022", "numero": "222", "tipo__sigla": "OR", "tipo__descricao": "OF\u00cdCIOS RECEBIDOS", "assunto": "Of\u00edcio 351 prefeitura: resposta ao of\u00edcio 281/2022 da C\u00e2mara Municipal"}, {"id": "5411", "ano": "2022", "numero": "223", "tipo__sigla": "DI", "tipo__descricao": "Di\u00e1rias e documentos relativos", "assunto": "An\u00e1lise de presta\u00e7\u00e3o de contas do recebimento de di\u00e1rias Vitor Donizetti Siqueira Junior (Belo Horizonte- 30/08/2022)"}, {"id": "5461", "ano": "2022", "numero": "223", "tipo__sigla": "OFEXP", "tipo__descricao": "Of\u00edcio Expedido", "assunto": "Comunica suspens\u00e3o do pagamento referente ao requerimento dos servidores Cleber de Brito, Emerson Silva Ara\u00fajo, Felipe Tom\u00e9 Mota e Ruiter Silva de Oliveira"}, {"id": "5818", "ano": "2022", "numero": "223", "tipo__sigla": "OR", "tipo__descricao": "OF\u00cdCIOS RECEBIDOS", "assunto": "Convida para celebra\u00e7\u00e3o do reveillon 2023"}, {"id": "5452", "ano": "2022", "numero": "224", "tipo__sigla": "OFEXP", "tipo__descricao": "Of\u00edcio Expedido", "assunto": "Informa\u00e7\u00e3o: prorroga contrato"}, {"id": "5539", "ano": "2022", "numero": "224", "tipo__sigla": "DI", "tipo__descricao": "Di\u00e1rias e documentos relativos", "assunto": "Requerimento de concess\u00e3o de di\u00e1rias vencidas Ronalthe Dayglas Rocha  ( Bras\u00edlia - 17/10/2022 a19/10/2022)"}, {"id": "5453", "ano": "2022", "numero": "225", "tipo__sigla": "OFEXP", "tipo__descricao": "Of\u00edcio Expedido", "assunto": "Encaminha as indica\u00e7\u00f5es 067 e 068 do vereador Luiz Felipe Mendon\u00e7a Rodrigues"}, {"id": "5540", "ano": "2022", "numero": "225", "tipo__sigla": "DI", "tipo__descricao": "Di\u00e1rias e documentos relativos", "assunto": "Relat\u00f3rio de viagem Ronalthe Dayglas Rocha (Bras\u00edlia- 17/10/2022 a 19/10/2022)"}, {"id": "5458", "ano": "2022", "numero": "226", "tipo__sigla": "OFEXP", "tipo__descricao": "Of\u00edcio Expedido", "assunto": "Encaminha as indica\u00e7\u00f5es 011 e 012 do vereador Ronalthe Dayglas Rocha"}, {"id": "5544", "ano": "2022", "numero": "226", "tipo__sigla": "DI", "tipo__descricao": "Di\u00e1rias e documentos relativos", "assunto": "C\u00e1lculo de quantidade e de valores a pagar de di\u00e1rias Ronalthe Dayglas Rocha (Bras\u00edlia- 17/10/2022 a 19/10/2022)"}, {"id": "5465", "ano": "2022", "numero": "227", "tipo__sigla": "OFEXP", "tipo__descricao": "Of\u00edcio Expedido", "assunto": "Solicita emiss\u00e3o de parecer jur\u00eddico, processo licitat\u00f3rio 20/2022, preg\u00e3o presencial 07/2022"}, {"id": "5545", "ano": "2022", "numero": "227", "tipo__sigla": "DI", "tipo__descricao": "Di\u00e1rias e documentos relativos", "assunto": "An\u00e1lise da presta\u00e7\u00e3o de contas do recebimento de di\u00e1rias Ronalthe Dayglas Rocha (Bras\u00edlia 17/10/2022)"}, {"id": "5488", "ano": "2022", "numero": "228", "tipo__sigla": "OFEXP", "tipo__descricao": "Of\u00edcio Expedido", "assunto": "Encaminhamento de reda\u00e7\u00e3o final de proposi\u00e7\u00e3o aprovada 32\u00aa reuni\u00e3o ordin\u00e1ria"}, {"id": "5553", "ano": "2022", "numero": "228", "tipo__sigla": "DI", "tipo__descricao": "Di\u00e1rias e documentos relativos", "assunto": "Requerimento de concess\u00e3o de di\u00e1ria ao motorista Ruiter Silva de Oliveira (Belo Horizonte- 22/11 a 23/11)"}, {"id": "5489", "ano": "2022", "numero": "229", "tipo__sigla": "OFEXP", "tipo__descricao": "Of\u00edcio Expedido", "assunto": "Encaminha indica\u00e7\u00f5es 070 e 071 do presidente Luiz Felipe Mendon\u00e7a Rodrigues"}, {"id": "5554", "ano": "2022", "numero": "229", "tipo__sigla": "DI", "tipo__descricao": "Di\u00e1rias e documentos relativos", "assunto": "Requerimento de concess\u00e3o de di\u00e1rias adiantadas Ruiter Silva de Oliveira (Belo Horizonte 22/11/2022 a 23/11/2022)"}, {"id": "5490", "ano": "2022", "numero": "230", "tipo__sigla": "OFEXP", "tipo__descricao": "Of\u00edcio Expedido", "assunto": "Encaminha indica\u00e7\u00f5es 041 e 042 do vereador Vitor Donizetti Siqueira Junior"}, {"id": "5571", "ano": "2022", "numero": "230", "tipo__sigla": "DI", "tipo__descricao": "Di\u00e1rias e documentos relativos", "assunto": "Requerimento de concess\u00e3o de di\u00e1rias adiantadas Felipe Tom\u00e9 Mota e Silva (Belo Horizonte 22/11/2022 a 23/11/2022)"}, {"id": "5498", "ano": "2022", "numero": "231", "tipo__sigla": "OFEXP", "tipo__descricao": "Of\u00edcio Expedido", "assunto": "Informa sobre projeto de lei rejeitado na 32\u00aa reuni\u00e3o ordin\u00e1ria"}, {"id": "5598", "ano": "2022", "numero": "231", "tipo__sigla": "DI", "tipo__descricao": "Di\u00e1rias e documentos relativos", "assunto": "C\u00e1lculo de quantidades e valores a pagar de di\u00e1rias Ruiter Silva de Oliveira (Belo Horizonte- 22/11/2022 a 23/11/2022)"}, {"id": "5501", "ano": "2022", "numero": "232", "tipo__sigla": "OFEXP", "tipo__descricao": "Of\u00edcio Expedido", "assunto": "Solicita o setor de tributa\u00e7\u00e3o que seja emitida uma guia no valor de R$ 2.239,23 de IRRF referente ao m\u00eas de setembro de 2022"}, {"id": "5599", "ano": "2022", "numero": "232", "tipo__sigla": "DI", "tipo__descricao": "Di\u00e1rias e documentos relativos", "assunto": "C\u00e1lculo de quantidade  e de valores a pagar de di\u00e1rias Emerson Silva Ara\u00fajo (Belo Horizonte 22/11/2022 a 23/11/2022)"}, {"id": "5502", "ano": "2022", "numero": "233", "tipo__sigla": "OFEXP", "tipo__descricao": "Of\u00edcio Expedido", "assunto": "Solicita ao setor de tributa\u00e7\u00e3o que seja emitida uma guia no valor de R$1.192,04 referente aos rendimentos de aplica\u00e7\u00e3o  auferidos no m\u00eas de setembro"}, {"id": "5600", "ano": "2022", "numero": "233", "tipo__sigla": "DI", "tipo__descricao": "Di\u00e1rias e documentos relativos", "assunto": "C\u00e1lculo de quantidade e de valores a pagar de di\u00e1rias Felipe Tom\u00e9 Mota e Silva (Belo Horizonte - 22/11/2022 a 23/11/2022)"}, {"id": "5505", "ano": "2022", "numero": "234", "tipo__sigla": "OFEXP", "tipo__descricao": "Of\u00edcio Expedido", "assunto": "Encaminha a V. Exa. as indica\u00e7\u00f5es 043, 044, e 045 feitas pelo vereador Vitor Donizetti Siqueira Junior"}, {"id": "5608", "ano": "2022", "numero": "234", "tipo__sigla": "DI", "tipo__descricao": "Di\u00e1rias e documentos relativos", "assunto": "Requerimento de concess\u00e3o de di\u00e1rias adiantadas Luiz Felipe Mendon\u00e7a Rodrigues (Belo Horizonte- 22/11/2022 a 23/01/2022)"}, {"id": "5521", "ano": "2022", "numero": "235", "tipo__sigla": "OFEXP", "tipo__descricao": "Of\u00edcio Expedido", "assunto": "Encaminha de reda\u00e7\u00e3o final de proposi\u00e7\u00e3o aprovada na 33\u00aa reuni\u00e3o ordin\u00e1ria"}, {"id": "5609", "ano": "2022", "numero": "235", "tipo__sigla": "DI", "tipo__descricao": "Di\u00e1rias e documentos relativos", "assunto": "C\u00e1lculo de quantidade e de valores a pagar de di\u00e1rias Luiz Felipe Mendon\u00e7a Rodrigues (Belo Horizonte 22/11/2022 a 23/11/2022"}, {"id": "5533", "ano": "2022", "numero": "236", "tipo__sigla": "OFEXP", "tipo__descricao": "Of\u00edcio Expedido", "assunto": "Encaminha proposi\u00e7\u00f5es aprovadas na 34\u00aa reuni\u00e3o ordin\u00e1ria"}, {"id": "5620", "ano": "2022", "numero": "236", "tipo__sigla": "DI", "tipo__descricao": "Di\u00e1rias e documentos relativos", "assunto": "Requerimento de concess\u00e3o de di\u00e1rias adiantadas Vitor Donizetti Siqueira Junior (Bras\u00edlia -12 a 14 dezembro)"}, {"id": "5534", "ano": "2022", "numero": "237", "tipo__sigla": "OFEXP", "tipo__descricao": "Of\u00edcio Expedido", "assunto": "Encaminha as indica\u00e7\u00f5es 030 e 031 do vereador Ezequiel da Silva"}, {"id": "5647", "ano": "2022", "numero": "237", "tipo__sigla": "DI", "tipo__descricao": "Di\u00e1rias e documentos relativos", "assunto": "Relat\u00f3rio de viagem Ruiter Silva de Oliveira (Belo Horizonte- 22/11/2022 a 23/11/2022)"}, {"id": "5535", "ano": "2022", "numero": "238", "tipo__sigla": "OFEXP", "tipo__descricao": "Of\u00edcio Expedido", "assunto": "Encaminha o requerimento conjunto 01 dos vereadores Vitor Donizetti Siqueira Junior, Luiz Felipe Mendon\u00e7a Rodrigues e e Ronalthe Dayglas Rocha"}, {"id": "5650", "ano": "2022", "numero": "238", "tipo__sigla": "DI", "tipo__descricao": "Di\u00e1rias e documentos relativos", "assunto": "Relat\u00f3rio de viagem Luiz Felipe Mendon\u00e7a Rodrigues (Belo Horizonte- 22/11/2022 a 23/11/2022)"}, {"id": "5548", "ano": "2022", "numero": "239", "tipo__sigla": "OFEXP", "tipo__descricao": "Of\u00edcio Expedido", "assunto": "Encaminha as indica\u00e7\u00f5es 046, 047, 048 e 049 do vereador Vitor Donizetti Siqueira Junior"}, {"id": "5678", "ano": "2022", "numero": "239", "tipo__sigla": "DI", "tipo__descricao": "Di\u00e1rias e documentos relativos", "assunto": "Requerimento de  concess\u00e3o de di\u00e1rias adiantadas Carlos C\u00e9zar Ribeiro (Belo Horizonte-13/12/2022 a 16/12/2022)"}, {"id": "5551", "ano": "2022", "numero": "240", "tipo__sigla": "OFEXP", "tipo__descricao": "Of\u00edcio Expedido", "assunto": "Encaminha a indica\u00e7\u00e3o 004 feita pela vereadora Maria Aparecida de Ara\u00fajo Reis"}, {"id": "5681", "ano": "2022", "numero": "240", "tipo__sigla": "DI", "tipo__descricao": "Di\u00e1rias e documentos relativos", "assunto": "Requerimento de concess\u00e3o de di\u00e1rias adiantas Ronalthe Dayglas Rocha (Belo Horizonte- 13/12/2022 a 16/12/2022)"}, {"id": "5552", "ano": "2022", "numero": "241", "tipo__sigla": "OFEXP", "tipo__descricao": "Of\u00edcio Expedido", "assunto": "Encaminha a indica\u00e7\u00e3o 072 do vereador Luiz Felipe Mendon\u00e7a Rodrigues"}, {"id": "5683", "ano": "2022", "numero": "241", "tipo__sigla": "DI", "tipo__descricao": "Di\u00e1rias e documentos relativos", "assunto": "Requerimento de concess\u00e3o de di\u00e1rias adiantadas Walter Silva (Belo Horizonte- 13/12/2022 a 16/12/2022)"}, {"id": "5560", "ano": "2022", "numero": "242", "tipo__sigla": "OFEXP", "tipo__descricao": "Of\u00edcio Expedido", "assunto": "Solicita informa\u00e7\u00f5es a respeito dos transtornos no fornecimento de \u00e1gua no Bairro S\u00e3o Luiz"}, {"id": "5685", "ano": "2022", "numero": "242", "tipo__sigla": "DI", "tipo__descricao": "Di\u00e1rias e documentos relativos", "assunto": "Requerimento de concess\u00e3o de di\u00e1rias adiantadas Maria Aparecida de Ara\u00fajo Reis (Belo Horizonte - 13/12/2022 a 16/12/2022)"}, {"id": "5561", "ano": "2022", "numero": "243", "tipo__sigla": "OFEXP", "tipo__descricao": "Of\u00edcio Expedido", "assunto": "Solicita informa\u00e7\u00f5es a respeito dos transtornos no fornecimento de \u00e1gua pela COPASA"}, {"id": "5686", "ano": "2022", "numero": "243", "tipo__sigla": "DI", "tipo__descricao": "Di\u00e1rias e documentos relativos", "assunto": "Requerimento de concess\u00e3o de di\u00e1rias adiantadas Alanis Carolina de Oliveira Moreira (Belo Horizonte- 14/12/2022 a 16/12/2022)"}, {"id": "5569", "ano": "2022", "numero": "244", "tipo__sigla": "OFEXP", "tipo__descricao": "Of\u00edcio Expedido", "assunto": "Of\u00edcio n\u00ba 244 - Solicita estimativa de gasto com eventual implanta\u00e7\u00e3o de plano de sa\u00fade para os servidores p\u00fablicos."}, {"id": "5687", "ano": "2022", "numero": "244", "tipo__sigla": "DI", "tipo__descricao": "Di\u00e1rias e documentos relativos", "assunto": "Requerimento de concess\u00e3o de di\u00e1rias adiantadas Larissa Oliveira Naves (Belo Horizonte- 14/12/2022 a 16/12/2022)"}, {"id": "5575", "ano": "2022", "numero": "245", "tipo__sigla": "OFEXP", "tipo__descricao": "Of\u00edcio Expedido", "assunto": "Comunica decis\u00e3o a respeito da suspens\u00e3o do pagamento referente a concess\u00e3o de progress\u00e3o na carreira (Servidores Felipe, Cleber, Emerson e Ruiter)"}, {"id": "5698", "ano": "2022", "numero": "245", "tipo__sigla": "DI", "tipo__descricao": "Di\u00e1rias e documentos relativos", "assunto": "Requerimento de concess\u00e3o de di\u00e1rias adiantadas Alessandra Dixini Araujo (Belo Horizonte 14/12/2022 a 16/12/2022)"}, {"id": "5582", "ano": "2022", "numero": "246", "tipo__sigla": "OFEXP", "tipo__descricao": "Of\u00edcio Expedido", "assunto": "Encaminha nome dos volunt\u00e1rios a participarem da reuni\u00e3o da COPASA"}, {"id": "5709", "ano": "2022", "numero": "246", "tipo__sigla": "DI", "tipo__descricao": "Di\u00e1rias e documentos relativos", "assunto": "An\u00e1lise de presta\u00e7\u00e3o de contas Luiz Felipe Mendon\u00e7a Rodrigues (Belo Horizonte 22/11/2022)"}, {"id": "5584", "ano": "2022", "numero": "247", "tipo__sigla": "OFEXP", "tipo__descricao": "Of\u00edcio Expedido", "assunto": "convite para participa\u00e7\u00e3o da 37\u00aa reuni\u00e3o ordin\u00e1ria (COPASA)"}, {"id": "5710", "ano": "2022", "numero": "247", "tipo__sigla": "DI", "tipo__descricao": "Di\u00e1rias e documentos relativos", "assunto": "An\u00e1lise de presta\u00e7\u00e3o de contas do recebimento de di\u00e1rias Ruiter Silva de Oliveira (Belo Horizonte- 22/11/2022)"}, {"id": "5585", "ano": "2022", "numero": "248", "tipo__sigla": "OFEXP", "tipo__descricao": "Of\u00edcio Expedido", "assunto": "Solicita ao setor de tributa\u00e7\u00e3o, que seja emitida uma guia de pagamento de IRRF referente ao m\u00eas de outubro de 2022"}, {"id": "5715", "ano": "2022", "numero": "248", "tipo__sigla": "DI", "tipo__descricao": "Di\u00e1rias e documentos relativos", "assunto": "C\u00e1lculo de quantidades e de valores a pagar de di\u00e1rias Vitor Donizetti Siqueira Junior (Bras\u00edlia 12/12/2022 a 15/12/2022)"}, {"id": "5586", "ano": "2022", "numero": "249", "tipo__sigla": "OFEXP", "tipo__descricao": "Of\u00edcio Expedido", "assunto": "Solicita ao setor de tributa\u00e7\u00e3o que seja emitida uma guia referente aos rendimentos de aplica\u00e7\u00e3o da conta auferidos no m\u00eas de outubro"}, {"id": "5727", "ano": "2022", "numero": "249", "tipo__sigla": "DI", "tipo__descricao": "Di\u00e1rias e documentos relativos", "assunto": "Requerimento de concess\u00e3o de di\u00e1rias ao motorista (Belo Horizonte- 14/12/2022)"}, {"id": "5587", "ano": "2022", "numero": "250", "tipo__sigla": "OFEXP", "tipo__descricao": "Of\u00edcio Expedido", "assunto": "Encaminha a indica\u00e7\u00e3o 013 do vereador Ronalthe Dayglas Rocha"}, {"id": "5728", "ano": "2022", "numero": "250", "tipo__sigla": "DI", "tipo__descricao": "Di\u00e1rias e documentos relativos", "assunto": "Requerimento de concess\u00e3o de di\u00e1rias ao motorista (Belo Horizonte 13/12/2022)"}, {"id": "5588", "ano": "2022", "numero": "251", "tipo__sigla": "OFEXP", "tipo__descricao": "Of\u00edcio Expedido", "assunto": "Encaminha as indica\u00e7\u00f5es 050, 051 e 052 e o requerimento 018 feitos pelo vereador Vitor Donizetti Siqueira Junior"}, {"id": "5732", "ano": "2022", "numero": "251", "tipo__sigla": "DI", "tipo__descricao": "Di\u00e1rias e documentos relativos", "assunto": "C\u00e1lculo de quantidade e de valores a pagar de di\u00e1rias Maria Aparecida Ara\u00fajo Reis (Belo Horizonte 13/11/2022 a 16/12/2022)"}, {"id": "5590", "ano": "2022", "numero": "252", "tipo__sigla": "OFEXP", "tipo__descricao": "Of\u00edcio Expedido", "assunto": "Encaminha a indica\u00e7\u00e3o 001 feita pelo vereador Carlos C\u00e9zar Ribeiro"}, {"id": "5733", "ano": "2022", "numero": "252", "tipo__sigla": "DI", "tipo__descricao": "Di\u00e1rias e documentos relativos", "assunto": "C\u00e1lculo de quantidade e de valores a pagar de di\u00e1rias Carlos C\u00e9zar Ribeiro (Belo Horizonte 12/13/2022 a 16/12/2022)"}, {"id": "5594", "ano": "2022", "numero": "253", "tipo__sigla": "OFEXP", "tipo__descricao": "Of\u00edcio Expedido", "assunto": "Encaminha indica\u00e7\u00e3o 032 do vereador Ezequiel da Silva"}, {"id": "5734", "ano": "2022", "numero": "253", "tipo__sigla": "DI", "tipo__descricao": "Di\u00e1rias e documentos relativos", "assunto": "C\u00e1lculo de quantidade e de valores a pagar de di\u00e1rias Ronalthe Dayglas Rocha (Belo Horizonte 13/12/2022 a 16/12/2022)"}, {"id": "5610", "ano": "2022", "numero": "254", "tipo__sigla": "OFEXP", "tipo__descricao": "Of\u00edcio Expedido", "assunto": "Encaminhamento de proposi\u00e7\u00f5es aprovadas na 37\u00aa reuni\u00e3o ordin\u00e1ria"}, {"id": "5735", "ano": "2022", "numero": "254", "tipo__sigla": "DI", "tipo__descricao": "Di\u00e1rias e documentos relativos", "assunto": "C\u00e1lculo de quantidade e de valores a pagar de di\u00e1rias Walter Silva (Belo Horizonte 13/12/2022 a 16/12/2022)"}, {"id": "5613", "ano": "2022", "numero": "255", "tipo__sigla": "OFEXP", "tipo__descricao": "Of\u00edcio Expedido", "assunto": "Solicita que seja adicionado saldo or\u00e7ament\u00e1rio na ficha n\u00b005"}, {"id": "5737", "ano": "2022", "numero": "255", "tipo__sigla": "DI", "tipo__descricao": "Di\u00e1rias e documentos relativos", "assunto": "C\u00e1lculo de quantidade e de valores a pagar di\u00e1rias Emerson Silva (Belo Horizonte 13/12/2022)"}, {"id": "5614", "ano": "2022", "numero": "256", "tipo__sigla": "OFEXP", "tipo__descricao": "Of\u00edcio Expedido", "assunto": "Solicita que seja adicionado saldo or\u00e7ament\u00e1rio na ficha n\u00b0 03"}, {"id": "5738", "ano": "2022", "numero": "256", "tipo__sigla": "DI", "tipo__descricao": "Di\u00e1rias e documentos relativos", "assunto": "C\u00e1lculo de quantidade e de valores a pagar di\u00e1rias Alanis Carolina de Oliveira Moreira (Belo Horizonte 14/12/2022 a 16/12/2022)"}, {"id": "5615", "ano": "2022", "numero": "257", "tipo__sigla": "OFEXP", "tipo__descricao": "Of\u00edcio Expedido", "assunto": "Solicita a manuten\u00e7\u00e3o em equipamentos de inform\u00e1tica"}, {"id": "5739", "ano": "2022", "numero": "257", "tipo__sigla": "DI", "tipo__descricao": "Di\u00e1rias e documentos relativos", "assunto": "C\u00e1lculo de quantidades e de valores a pagar de di\u00e1rias Larissa Oliveira Naves (Belo Horizonte 14/12/2022 a 16/12/2022)"}, {"id": "5622", "ano": "2022", "numero": "258", "tipo__sigla": "OFEXP", "tipo__descricao": "Of\u00edcio Expedido", "assunto": "convoca o Secret\u00e1rio Municipal de Obras, o Sr. Tarc\u00edsio Floriano para a 38\u00aa Reuni\u00e3o Ordin\u00e1ria que ocorrer\u00e1 \u00e0s 19:00 do dia 21 de novembro"}, {"id": "5740", "ano": "2022", "numero": "258", "tipo__sigla": "DI", "tipo__descricao": "Di\u00e1rias e documentos relativos", "assunto": "C\u00e1lculo de quantidade e de valores a pagar di\u00e1rias Alessandra Dixini Ara\u00fajo (Belo Horizonte 14/12/2022 a 16/12/2022)"}, {"id": "5624", "ano": "2022", "numero": "259", "tipo__sigla": "OFEXP", "tipo__descricao": "Of\u00edcio Expedido", "assunto": "Solicita informa\u00e7\u00f5es sobre a disponibilidade de soros antiof\u00eddicos para caso de picadas de animais pe\u00e7onhentos"}, {"id": "5741", "ano": "2022", "numero": "259", "tipo__sigla": "DI", "tipo__descricao": "Di\u00e1rias e documentos relativos", "assunto": "C\u00e1lculo de quantidade e de valores a pagar di\u00e1rias Emerson Silva de Ara\u00fajo (Belo Horizonte 14/12/2022 a 16/12/2022)"}, {"id": "5628", "ano": "2022", "numero": "260", "tipo__sigla": "OFEXP", "tipo__descricao": "Of\u00edcio Expedido", "assunto": "Encaminha as indica\u00e7\u00f5es 053, 054, 055, 056 e 057 feitas pelo vereador Vitor Donizetti Siqueira Junior"}, {"id": "5742", "ano": "2022", "numero": "260", "tipo__sigla": "DI", "tipo__descricao": "Di\u00e1rias e documentos relativos", "assunto": "Relat\u00f3rio de viagem Felipe Tom\u00e9 Mota e Silva (Belo Horizonte 22/11/2022 a 23/11/2022)"}, {"id": "5629", "ano": "2022", "numero": "261", "tipo__sigla": "OFEXP", "tipo__descricao": "Of\u00edcio Expedido", "assunto": "Encaminha as indica\u00e7\u00f5es 073, 074, 075, 076, 077, 078, 079, 080, 081 e 082 do presidente Luiz Felipe Mendon\u00e7a Rodrigues"}, {"id": "5744", "ano": "2022", "numero": "261", "tipo__sigla": "DI", "tipo__descricao": "Di\u00e1rias e documentos relativos", "assunto": "An\u00e1lise da presta\u00e7\u00e3o de contas do recebimento de di\u00e1rias Felipe Tom\u00e9 Mota e Silva (Belo Horizonte- 22/11/2022)"}, {"id": "5630", "ano": "2022", "numero": "262", "tipo__sigla": "OFEXP", "tipo__descricao": "Of\u00edcio Expedido", "assunto": "Encaminha a indica\u00e7\u00e3o 033 do vereador Ezequiel da Silva"}, {"id": "5754", "ano": "2022", "numero": "262", "tipo__sigla": "DI", "tipo__descricao": "Di\u00e1rias e documentos relativos", "assunto": "RELATORIO DE VIAGEM"}, {"id": "5668", "ano": "2022", "numero": "263", "tipo__sigla": "OFEXP", "tipo__descricao": "Of\u00edcio Expedido", "assunto": "Encaminha c\u00f3pia de proposi\u00e7\u00e3o aprovada na 38\u00aa reuni\u00e3o ordin\u00e1ria"}, {"id": "5780", "ano": "2022", "numero": "263", "tipo__sigla": "DI", "tipo__descricao": "Di\u00e1rias e documentos relativos", "assunto": "Relat\u00f3rio de viagem Alessandra Dixini Ara\u00fajo (Belo Horizonte 14/12/2022 a 16/12/2022)"}, {"id": "5661", "ano": "2022", "numero": "264", "tipo__sigla": "OFEXP", "tipo__descricao": "Of\u00edcio Expedido", "assunto": "Resposta ao of\u00edcio 308/2022/3\u00baPJ-TP - Certid\u00e3o de vig\u00eancia da Lei 716 de 2000"}, {"id": "5790", "ano": "2022", "numero": "264", "tipo__sigla": "DI", "tipo__descricao": "Di\u00e1rias e documentos relativos", "assunto": "Relat\u00f3rio de viagem Larissa Oliveira Naves (Belo Horizonte- 14/12/2022 a 16/12/2022"}, {"id": "5663", "ano": "2022", "numero": "265", "tipo__sigla": "OFEXP", "tipo__descricao": "Of\u00edcio Expedido", "assunto": "Solicita informa\u00e7\u00f5es sobre a exist\u00eancia de carteirinhas par ao idoso"}, {"id": "5791", "ano": "2022", "numero": "265", "tipo__sigla": "DI", "tipo__descricao": "Di\u00e1rias e documentos relativos", "assunto": "Relat\u00f3rio de viagem Maria Aparecida de Ara\u00fajo Reis (Belo Horizonte 13/12/2022 a 16/12/2022)"}, {"id": "5666", "ano": "2022", "numero": "266", "tipo__sigla": "OFEXP", "tipo__descricao": "Of\u00edcio Expedido", "assunto": "Solicita informa\u00e7\u00e3o sobre a exist\u00eancia de conv\u00eanio"}, {"id": "5792", "ano": "2022", "numero": "266", "tipo__sigla": "DI", "tipo__descricao": "Di\u00e1rias e documentos relativos", "assunto": "Relat\u00f3rio de viagem Carlos C\u00e9zar Ribeiro (Belo Horizonte 13/12/2022 a 16/12/2022)"}, {"id": "5664", "ano": "2022", "numero": "267", "tipo__sigla": "OFEXP", "tipo__descricao": "Of\u00edcio Expedido", "assunto": "Encaminha indica\u00e7\u00f5es 083, 084, 085, 086, 087 e 088 do presidente Luiz Felipe Mendon\u00e7a Rodrigues"}, {"id": "5793", "ano": "2022", "numero": "267", "tipo__sigla": "DI", "tipo__descricao": "Di\u00e1rias e documentos relativos", "assunto": "Relat\u00f3rio de viagem Ronalthe Dayglas Rocha (Belo Horizonte 13/12/2022 a 16/12/2022)"}, {"id": "5665", "ano": "2022", "numero": "268", "tipo__sigla": "OFEXP", "tipo__descricao": "Of\u00edcio Expedido", "assunto": "Encaminha indica\u00e7\u00f5es 059 e 069 e requerimento 019 do vereador Vitor Donizetti Siqueira Junior"}, {"id": "5803", "ano": "2022", "numero": "268", "tipo__sigla": "DI", "tipo__descricao": "Di\u00e1rias e documentos relativos", "assunto": "Relat\u00f3rio de viagem Walter Silva (Belo Horizonte 13/12/2022 a 16/12/2022"}, {"id": "5667", "ano": "2022", "numero": "269", "tipo__sigla": "OFEXP", "tipo__descricao": "Of\u00edcio Expedido", "assunto": "Encaminhamento de reda\u00e7\u00e3o final de proposi\u00e7\u00e3o aprovada na 39\u00aa reuni\u00e3o ordin\u00e1ria"}, {"id": "5813", "ano": "2022", "numero": "269", "tipo__sigla": "DI", "tipo__descricao": "Di\u00e1rias e documentos relativos", "assunto": "An\u00e1lise de presta\u00e7\u00e3o de contas Carlos C\u00e9zar Ribeiro (Belo Horizonte 13/12/2022)"}, {"id": "5660", "ano": "2022", "numero": "270", "tipo__sigla": "OFEXP", "tipo__descricao": "Of\u00edcio Expedido", "assunto": "Resposta ao of\u00edcio protocolado no dia 22/11/2022 \u2013 Jorgelane Talma Caires Miranda."}, {"id": "5814", "ano": "2022", "numero": "270", "tipo__sigla": "DI", "tipo__descricao": "Di\u00e1rias e documentos relativos", "assunto": "An\u00e1lise de presta\u00e7\u00e3o de contas Maria Aparecida de Ara\u00fajo Reis (Belo Horizonte 13/12/2022)"}, {"id": "5672", "ano": "2022", "numero": "271", "tipo__sigla": "OFEXP", "tipo__descricao": "Of\u00edcio Expedido", "assunto": "Encaminha parecer jur\u00eddico do projeto de lei 50/2022"}, {"id": "5815", "ano": "2022", "numero": "271", "tipo__sigla": "DI", "tipo__descricao": "Di\u00e1rias e documentos relativos", "assunto": "An\u00e1lise de presta\u00e7\u00e3o de contas Larissa Oliveira Naves (Belo Horizonte 14/12/2022)"}, {"id": "5675", "ano": "2022", "numero": "272", "tipo__sigla": "OFEXP", "tipo__descricao": "Of\u00edcio Expedido", "assunto": "solicita que seja adicionado saldo or\u00e7ament\u00e1rio em ficha"}, {"id": "5816", "ano": "2022", "numero": "272", "tipo__sigla": "DI", "tipo__descricao": "Di\u00e1rias e documentos relativos", "assunto": "An\u00e1lise de presta\u00e7\u00e3o de contas Alessandra Dixini Araujo   (Belo Horizonte 14/12/2022)"}, {"id": "5688", "ano": "2022", "numero": "273", "tipo__sigla": "OFEXP", "tipo__descricao": "Of\u00edcio Expedido", "assunto": "Dispensa o procurador legislativo de cumprir sua jornada de trabalho no dia 05/12/2022"}, {"id": "5817", "ano": "2022", "numero": "273", "tipo__sigla": "DI", "tipo__descricao": "Di\u00e1rias e documentos relativos", "assunto": "An\u00e1lise de presta\u00e7\u00e3o de contas Vitor Donizetti Siqueira Junior   (Bras\u00edlia 12/12/2022)"}, {"id": "5694", "ano": "2022", "numero": "274", "tipo__sigla": "OFEXP", "tipo__descricao": "Of\u00edcio Expedido", "assunto": "Solicita cancelamento de restos a pagar n\u00e3o processados do exerc\u00edcio 2021"}, {"id": "5699", "ano": "2022", "numero": "275", "tipo__sigla": "OFEXP", "tipo__descricao": "Of\u00edcio Expedido", "assunto": "Solicita ao setor de tributa\u00e7\u00e3o, que seja emitida guia referente a IRRF do m\u00eas de novembro"}, {"id": "5700", "ano": "2022", "numero": "276", "tipo__sigla": "OFEXP", "tipo__descricao": "Of\u00edcio Expedido", "assunto": "Solicita ao setor de tributa\u00e7\u00e3o que seja emitida guia de pagamento referente aos rendimentos de aplica\u00e7\u00e3o auferidos no m\u00eas de novembro"}, {"id": "5718", "ano": "2022", "numero": "277", "tipo__sigla": "OFEXP", "tipo__descricao": "Of\u00edcio Expedido", "assunto": "Encaminha parecer jur\u00eddico do projeto de lei 52/2022"}, {"id": "5719", "ano": "2022", "numero": "278", "tipo__sigla": "OFEXP", "tipo__descricao": "Of\u00edcio Expedido", "assunto": "Solicito informa\u00e7\u00f5es a respeito da aus\u00eancia de soro fisiol\u00f3gico intravenoso"}, {"id": "5724", "ano": "2022", "numero": "279", "tipo__sigla": "OFEXP", "tipo__descricao": "Of\u00edcio Expedido", "assunto": "Encaminha indica\u00e7\u00f5es 061, 062, 063 e 064 e o requerimento 020 do vereador Vitor Donizetti Siqueira Junior"}, {"id": "5729", "ano": "2022", "numero": "280", "tipo__sigla": "OFEXP", "tipo__descricao": "Of\u00edcio Expedido", "assunto": "Encaminha a indica\u00e7\u00e3o 004 do vereador Walter Silva"}, {"id": "5746", "ano": "2022", "numero": "281", "tipo__sigla": "OFEXP", "tipo__descricao": "Of\u00edcio Expedido", "assunto": "Solicita que as coroas de flores concedidas aos falecidos estivessem tamb\u00e9m o nome da C\u00e2mara Municipal"}, {"id": "5747", "ano": "2022", "numero": "282", "tipo__sigla": "OFEXP", "tipo__descricao": "Of\u00edcio Expedido", "assunto": "Suspende o gozo de f\u00e9rias do servidor p\u00fablico Ruiter Silva de Oliveira no dia 14 de dezembro de 2022"}, {"id": "5751", "ano": "2022", "numero": "283", "tipo__sigla": "OFEXP", "tipo__descricao": "Of\u00edcio Expedido", "assunto": "Encaminha Parecer Jur\u00eddico do Projeto de Lei n\u00ba 024 do ano de 2022, versa acerca do pedido do Poder Executivo para que seja autorizada altera\u00e7\u00e3o no C\u00f3digo Tribut\u00e1rio Municipal para instituir a Taxa de Limpeza P\u00fablica e majorar os valores da taxa da coleta de lixo, para que seja prestadas as informa\u00e7\u00f5es apontadas pela Procuradoria Legislativa"}, {"id": "5756", "ano": "2022", "numero": "284", "tipo__sigla": "OFEXP", "tipo__descricao": "Of\u00edcio Expedido", "assunto": "Encaminha rreda\u00e7\u00e3o final do Projeto de Lei Complementar n\u00ba 27/2022 que \u201cAltera as Leis Complementares n\u00ba, 22, de 31 de mar\u00e7o de 2022 e 023, de 31 de mar\u00e7o de 2022 e d\u00e1 outras provid\u00eancias\""}, {"id": "5757", "ano": "2022", "numero": "285", "tipo__sigla": "OFEXP", "tipo__descricao": "Of\u00edcio Expedido", "assunto": "Encaminha reda\u00e7\u00e3o final do PL do legislativo n\u00ba 11/2022 que Disp\u00f5e sobre a destina\u00e7\u00e3o de bens m\u00f3veis inserv\u00edveis do munic\u00edpio de Santana da Vargem/MG"}, {"id": "5777", "ano": "2022", "numero": "286", "tipo__sigla": "OFEXP", "tipo__descricao": "Of\u00edcio Expedido", "assunto": "Of\u00edcio 341/2022 prefeitura: resposta ao of\u00edcio 266 da presid\u00eancia"}, {"id": "5778", "ano": "2022", "numero": "287", "tipo__sigla": "OFEXP", "tipo__descricao": "Of\u00edcio Expedido", "assunto": "Of\u00edcio 345/2022 prefeitura:  resposta ao of\u00edcio 283/2022 do presidente"}, {"id": "5782", "ano": "2022", "numero": "288", "tipo__sigla": "OFEXP", "tipo__descricao": "Of\u00edcio Expedido", "assunto": "Resposta ao of\u00edcio n\u00ba 55 do Controle Interno"}, {"id": "5786", "ano": "2022", "numero": "289", "tipo__sigla": "OFEXP", "tipo__descricao": "Of\u00edcio Expedido", "assunto": "Solicita que seja adicionado saldo or\u00e7ament\u00e1rio"}, {"id": "5795", "ano": "2022", "numero": "290", "tipo__sigla": "OFEXP", "tipo__descricao": "Of\u00edcio Expedido", "assunto": "solicita o registro da Ata da 42\u00aa reuni\u00e3o ordin\u00e1ria realizada no dia dezenove de dezembro de 2022"}, {"id": "5808", "ano": "2022", "numero": "291", "tipo__sigla": "OFEXP", "tipo__descricao": "Of\u00edcio Expedido", "assunto": "Encaminha reda\u00e7\u00e3o final do projeto de lei 52/2022"}, {"id": "5809", "ano": "2022", "numero": "292", "tipo__sigla": "OFEXP", "tipo__descricao": "Of\u00edcio Expedido", "assunto": "Encaminha o projeto de lei complementar 25/2022 rejeitado na 42\u00aa reuni\u00e3o"}, {"id": "5810", "ano": "2022", "numero": "293", "tipo__sigla": "OFEXP", "tipo__descricao": "Of\u00edcio Expedido", "assunto": "Encaminha o projeto de lei n\u00ba 01/2022 rejeitado na 42\u00aa reuni\u00e3o ordin\u00e1ria"}, {"id": "5811", "ano": "2022", "numero": "294", "tipo__sigla": "OFEXP", "tipo__descricao": "Of\u00edcio Expedido", "assunto": "Encaminha o projeto de lei complementar 21/2022 rejeitado na 42\u00aa reuni\u00e3o ordin\u00e1ria"}, {"id": "5812", "ano": "2022", "numero": "295", "tipo__sigla": "OFEXP", "tipo__descricao": "Of\u00edcio Expedido", "assunto": "Solicita ao setor de tributa\u00e7\u00e3o que seja emitida guia de pagamento de IRRF referente ao m\u00eas de dezembro de 2022"}, {"id": "5819", "ano": "2022", "numero": "296", "tipo__sigla": "OFEXP", "tipo__descricao": "Of\u00edcio Expedido", "assunto": "Encaminha as indica\u00e7\u00f5es 089, 090, 091 e 092 do presidente Luiz Felipe Mendon\u00e7a Rodrigues"}, {"id": "5822", "ano": "2023", "numero": "1", "tipo__sigla": "PARE", "tipo__descricao": "PARECER", "assunto": "Parecer Jur\u00eddico - Projeto de Lei Ordin\u00e1ria n\u00ba 18 - 2021 - Cria o fundo municipal de empreendimento coletivo e qualifica\u00e7\u00e3o profissional \u2013 FMEC."}, {"id": "5825", "ano": "2023", "numero": "1", "tipo__sigla": "OR", "tipo__descricao": "OF\u00cdCIOS RECEBIDOS", "assunto": "Of\u00edcio recebido Tarc\u00edsio Valkimar Batista"}, {"id": "5826", "ano": "2023", "numero": "1", "tipo__sigla": "DI", "tipo__descricao": "Di\u00e1rias e documentos relativos", "assunto": "An\u00e1lise da presta\u00e7\u00e3o de contas do recebimento de di\u00e1rias Walter Silva"}, {"id": "5828", "ano": "2023", "numero": "1", "tipo__sigla": "CERT", "tipo__descricao": "CERTIFICADO", "assunto": "Certifica que Alanis Carolina de Oliveira Moreira participou do Workshop Implementa\u00e7\u00e3o e uso da Nova Lei de Licita\u00e7\u00f5es que se realizou nos dias 14  a16 de dezembro na cidade de Belo Horizonte"}, {"id": "5829", "ano": "2023", "numero": "1", "tipo__sigla": "REV", "tipo__descricao": "Relat\u00f3rios de rodagem do ve\u00edculo e outros", "assunto": "Levar funcion\u00e1ria Kainne no cart\u00f3rio para buscar ata (Tr\u00eas Pontas 02/01/2022)"}, {"id": "5833", "ano": "2023", "numero": "1", "tipo__sigla": "OFEXP", "tipo__descricao": "Of\u00edcio Expedido", "assunto": "Solicita guia de pagamento referente aos rendimentos da aplica\u00e7\u00e3o em conta"}, {"id": "5834", "ano": "2023", "numero": "1", "tipo__sigla": "OVC", "tipo__descricao": "Of\u00edcio de Vereador/Comiss\u00e3o", "assunto": "Solicita inscri\u00e7\u00e3o no curso: \u201cIN\u00cdCIO DE SESS\u00c3O LEGISLATIVA E ORIENTA\u00c7\u00d5ES PARA UM MANDATO RESPONS\u00c1VEL DAS NOVAS MESAS DIRETORAS\u201d"}, {"id": "5848", "ano": "2023", "numero": "1", "tipo__sigla": "OCI", "tipo__descricao": "Of\u00edcios da Controladoria Interna", "assunto": "Extratos de conta corrente e de aplica\u00e7\u00e3o financeira (Dezembro/2022)"}, {"id": "5849", "ano": "2023", "numero": "1", "tipo__sigla": "DDCI", "tipo__descricao": "Documentos Diversos da Controladoria Interna", "assunto": "Movimenta\u00e7\u00e3o Banc\u00e1ria Mensal - Detalhada (Dezembro/2022)"}, {"id": "5857", "ano": "2023", "numero": "1", "tipo__sigla": "MEM", "tipo__descricao": "Memorando", "assunto": "Solicita abertura de processo administrativo para contrata\u00e7\u00e3o do curso: \u201cNova Lei de Licita\u00e7\u00f5es, (Lei 14.133/21)\u201d que ocorrer\u00e1 nos dias 31 de janeiro e 01, 02 e 03 de fevereiro e que sejam realizadas as inscri\u00e7\u00f5es."}, {"id": "5910", "ano": "2023", "numero": "1", "tipo__sigla": "DMP", "tipo__descricao": "Documentos de tribunais e do Minist\u00e9rio P\u00fablico", "assunto": "Requisita informa\u00e7\u00f5es; inqu\u00e9rito civil MPMG- 0694.14.000172-8 \r\n\"nos exatos termos previsto no art. 14 da referida lei  n\u00ba 716/2000 foi editada alguma lei espec\u00edfica disciplinando a concess\u00e3o do adicional ali previsto, encaminhando c\u00f3pia do seu texto caso existente\""}, {"id": "5911", "ano": "2023", "numero": "1", "tipo__sigla": "DD", "tipo__descricao": "Documentos da Diretoria", "assunto": "Solicita autoriza\u00e7\u00e3o para abertura de procedimento para contrata\u00e7\u00e3o de curso referente a nova lei de Licita\u00e7\u00f5es: ORIENTA\u00c7\u00d5ES PARA A IMPLEMENTA\u00c7\u00c3O DA NOVA LEI DE LICITA\u00c7\u00d5ES E CONTRATOS ADMINISTRATIVOS"}, {"id": "5921", "ano": "2023", "numero": "1", "tipo__sigla": "ODC", "tipo__descricao": "Of\u00edcio/documento Cont\u00e1bil", "assunto": "Solicita abertura de processo licitat\u00f3rio para curso sobre e-social"}, {"id": "5940", "ano": "2023", "numero": "1", "tipo__sigla": "REDF", "tipo__descricao": "Reda\u00e7\u00e3o Final", "assunto": "Reda\u00e7\u00e3o final do projeto de lei n\u00ba 52 de 30 de agosto de 2022"}, {"id": "5941", "ano": "2023", "numero": "1", "tipo__sigla": "DEC", "tipo__descricao": "Declara\u00e7\u00e3o", "assunto": "Declara que Ruiter Silva de Oliveira compareceu na C\u00e2mara Municipal de Nepomuceno (02/02/2023)"}, {"id": "5953", "ano": "2023", "numero": "1", "tipo__sigla": "AAPOS", "tipo__descricao": "Atas de audi\u00eancia p\u00fablica e outras sess\u00f5es", "assunto": "Ata da reuni\u00e3o solene de inaugura\u00e7\u00e3o da 3\u00aa Sess\u00e3o Legislativa da 15\u00aa legislatura"}, {"id": "5954", "ano": "2023", "numero": "1", "tipo__sigla": "JUST", "tipo__descricao": "Justificativas", "assunto": "Autoriza\u00e7\u00e3o para jornada divergente Ruiter Silva de Oliveira 06/02/2023"}, {"id": "5971", "ano": "2023", "numero": "1", "tipo__sigla": "ARO", "tipo__descricao": "ATAS DAS REUNI\u00d5ES ORDIN\u00c1RIAS", "assunto": "Ata da 1\u00aa reuni\u00e3o ordin\u00e1ria da 3\u00aa Sess\u00e3o legislativa da 15\u00aa legislatura da C\u00e2mara Municipal de Santana da Vargem"}, {"id": "5996", "ano": "2023", "numero": "1", "tipo__sigla": "AREO", "tipo__descricao": "ATAS DAS REUNI\u00d5ES EXTRAORDIN\u00c1RIAS", "assunto": "Ata da 1\u00aa reuni\u00e3o extraordin\u00e1ria da 3\u00aa Sess\u00e3o legislativa da 15\u00aa legislatura"}, {"id": "5998", "ano": "2023", "numero": "1", "tipo__sigla": "AT", "tipo__descricao": "ATESTADO", "assunto": "Atesta que Kainne Delfino Joanas esteve impossibilitada de exercer suas fun\u00e7\u00f5es habituais por 1 dia a partir de 09/02/2023"}, {"id": "6036", "ano": "2023", "numero": "1", "tipo__sigla": "OFP", "tipo__descricao": "Of\u00edcio da Procuradoria", "assunto": "Solicita inscri\u00e7\u00e3o no curso: Orienta\u00e7\u00f5es  para a implementa\u00e7\u00e3o da nova lei de licita\u00e7\u00f5es contratos administrativos"}, {"id": "6090", "ano": "2023", "numero": "1", "tipo__sigla": "IN", "tipo__descricao": "Instru\u00e7\u00e3o Normativa", "assunto": "Disp\u00f5e sobre o procedimento administrativo para a requisi\u00e7\u00e3o, a concess\u00e3o e a presta\u00e7\u00e3o de contas dos recebimentos de valores a titulo de di\u00e1rias, no \u00e2mbito do Poder Legislativo do Munic\u00edpio de Santana da Vargem/MG"}, {"id": "6147", "ano": "2023", "numero": "1", "tipo__sigla": "SO", "tipo__descricao": "SOLICITA\u00c7\u00c3O", "assunto": "Solicita\u00e7\u00e3o de Hor\u00e1rio divergente"}, {"id": "6151", "ano": "2023", "numero": "1", "tipo__sigla": "CO", "tipo__descricao": "Convite", "assunto": "Convite para a conferencia de Sa\u00fade, 24/03/2023 das 9h as 18h no centro Reviver"}, {"id": "6169", "ano": "2023", "numero": "1", "tipo__sigla": "RCI", "tipo__descricao": "Relat\u00f3rios da Controladoria Interna", "assunto": "Relat\u00f3rio de Controle Interno da Presta\u00e7\u00e3o de Contas- Janeiro de 2023"}, {"id": "6180", "ano": "2023", "numero": "1", "tipo__sigla": "ATACL", "tipo__descricao": "Ata da Comiss\u00e3o de Licita\u00e7\u00e3o", "assunto": "Primeira ata da comiss\u00e3o de licita\u00e7\u00e3o 2023 (09/03/2023)"}, {"id": "6250", "ano": "2023", "numero": "1", "tipo__sigla": "DA", "tipo__descricao": "Documento Avulso", "assunto": "Certid\u00e3o de \u00f3bito e biografia In\u00e1cio da Silva"}, {"id": "6272", "ano": "2023", "numero": "1", "tipo__sigla": "COMDE", "tipo__descricao": "COMUNICADO/DESPACHO", "assunto": "Convoca para Reuni\u00e3o Extraordin\u00e1ria \u00e0s 18h do dia 06 de abril de 2023"}, {"id": "6376", "ano": "2023", "numero": "1", "tipo__sigla": "CERTD", "tipo__descricao": "CERTID\u00c3O", "assunto": "Certid\u00e3o de comparecimento Emerson Silva Ara\u00fajo (Audi\u00eancia realizada na 2\u00aa Vara C\u00edvel de Tr\u00eas Pontas- 18/04/2023)"}, {"id": "6890", "ano": "2023", "numero": "1", "tipo__sigla": "ED", "tipo__descricao": "Edital", "assunto": "EDITAL DE PREG\u00c3O PRESENCIAL  01/2023 DO TIPO MENOR PRE\u00c7O PARA AQUISI\u00c7\u00c3O DE PRODUTOS DE PANIFICA\u00c7\u00c3O"}, {"id": "7047", "ano": "2023", "numero": "1", "tipo__sigla": "CHPA", "tipo__descricao": "CHAPA DE COMPOSI\u00c7\u00c3O DA MESA DIRETORA", "assunto": "CHAPA DE COMPOSI\u00c7\u00c3O PARA MESA DIRETORA N\u00ba 01 DO ANO DE 2024"}, {"id": "7303", "ano": "2023", "numero": "1", "tipo__sigla": "DRF", "tipo__descricao": "Documentos Relativos a F\u00e9rias", "assunto": "Aviso de f\u00e9rias Kainne Delfino Joanas 21/11/2023 a 20/12/2023"}, {"id": "7344", "ano": "2023", "numero": "1", "tipo__sigla": "DPA", "tipo__descricao": "Documento de Processo Administrativo", "assunto": "Solicita abertura de processo administrativo para contrata\u00e7\u00e3o de empresa especializada em certificado digital"}, {"id": "5823", "ano": "2023", "numero": "2", "tipo__sigla": "PARE", "tipo__descricao": "PARECER", "assunto": "Parecer Jur\u00eddico - Projeto de Lei Ordin\u00e1rio n\u00ba 22 - 2021 - Visa dispor sobre a reestrutura\u00e7\u00e3o do Codema \u2013 Conselho Municipal de Desenvolvimento Ambiental"}, {"id": "5827", "ano": "2023", "numero": "2", "tipo__sigla": "DI", "tipo__descricao": "Di\u00e1rias e documentos relativos", "assunto": "Relat\u00f3rio de viagem Alanis Carolina de Oliveira Moreira (Belo Horizonte 14/12/2022 a 16/12/2022)"}, {"id": "5835", "ano": "2023", "numero": "2", "tipo__sigla": "OVC", "tipo__descricao": "Of\u00edcio de Vereador/Comiss\u00e3o", "assunto": "Solicitar inscri\u00e7\u00e3o no curso: \u201cIN\u00cdCIO DE SESS\u00c3O LEGISLATIVA E ORIENTA\u00c7\u00d5ES PARA UM MANDATO RESPONS\u00c1VEL DAS NOVAS MESAS DIRETORAS\u201d"}, {"id": "5840", "ano": "2023", "numero": "2", "tipo__sigla": "OFEXP", "tipo__descricao": "Of\u00edcio Expedido", "assunto": "Solicita que a Comiss\u00e3o de Licita\u00e7\u00e3o inicie os procedimentos para aquisi\u00e7\u00e3o de bandeiras oficial do Brasil, oficial do Estado de Minas Gerais e Oficial do munic\u00edpio de Santana da Vargem"}, {"id": "5850", "ano": "2023", "numero": "2", "tipo__sigla": "DDCI", "tipo__descricao": "Documentos Diversos da Controladoria Interna", "assunto": "Movimenta\u00e7\u00e3o Banc\u00e1ria Mensal - Resumida (Dezembro/2022)"}, {"id": "5852", "ano": "2023", "numero": "2", "tipo__sigla": "OCI", "tipo__descricao": "Of\u00edcios da Controladoria Interna", "assunto": "Documentos protocolados no Sistema de Apoio ao Processo Legislativo (movimenta\u00e7\u00f5es da conta banc\u00e1ria de titularidade da C\u00e2mara- dezembro/2022)"}, {"id": "5859", "ano": "2023", "numero": "2", "tipo__sigla": "REV", "tipo__descricao": "Relat\u00f3rios de rodagem do ve\u00edculo e outros", "assunto": "Levar funcion\u00e1ria na padaria para buscar p\u00e3o. (Santana da Vargem- 09/01/2023) \r\nOBS: Providenciar documentos do ve\u00edculo ano 2023"}, {"id": "5861", "ano": "2023", "numero": "2", "tipo__sigla": "OR", "tipo__descricao": "OF\u00cdCIOS RECEBIDOS", "assunto": "Encaminha balancetes de receitas e despesas referentes ao m\u00eas de dezembro de 2022"}, {"id": "5869", "ano": "2023", "numero": "2", "tipo__sigla": "MEM", "tipo__descricao": "Memorando", "assunto": "Solicita informa\u00e7\u00f5es acerca do direito ao \"quinqu\u00eanio e licen\u00e7a-premio)"}, {"id": "5903", "ano": "2023", "numero": "2", "tipo__sigla": "CERT", "tipo__descricao": "CERTIFICADO", "assunto": "Certifica que Carlos C\u00e9zar Ribeiro participou do 465\u00ba Curso de Capacita\u00e7\u00e3o com o tema \"In\u00edcio de Sess\u00e3o Legislativa e orienta\u00e7\u00f5es para um mandato respons\u00e1vel das novas mesas diretoras\""}, {"id": "5930", "ano": "2023", "numero": "2", "tipo__sigla": "ODC", "tipo__descricao": "Of\u00edcio/documento Cont\u00e1bil", "assunto": "Solicita autoriza\u00e7\u00e3o para pagamento de notas fiscais da empresa memory projtetos e desenvolvimento de sistema ltda"}, {"id": "5942", "ano": "2023", "numero": "2", "tipo__sigla": "DEC", "tipo__descricao": "Declara\u00e7\u00e3o", "assunto": "Declara que Larissa Oliveira Naves compareceu na C\u00e2mara Municipal de Nepomuceno (02/02/2023)"}, {"id": "5962", "ano": "2023", "numero": "2", "tipo__sigla": "JUST", "tipo__descricao": "Justificativas", "assunto": "Autoriza\u00e7\u00e3o para jornada divergente Alanis Carolina de Oliveira Moreira 08/02/2023"}, {"id": "6002", "ano": "2023", "numero": "2", "tipo__sigla": "REDF", "tipo__descricao": "Reda\u00e7\u00e3o Final", "assunto": "Reda\u00e7\u00e3o  final ao projeto de lei n\u00ba 012, de 05 de abril de 2022"}, {"id": "6026", "ano": "2023", "numero": "2", "tipo__sigla": "DMP", "tipo__descricao": "Documentos de tribunais e do Minist\u00e9rio P\u00fablico", "assunto": "Autos da Not\u00edcia de Fato n\u00ba 0694.21000439-6"}, {"id": "6044", "ano": "2023", "numero": "2", "tipo__sigla": "AT", "tipo__descricao": "ATESTADO", "assunto": "Declara que Kainne Delfino Joanas esteve em consult\u00f3rio m\u00e9dio para realiza\u00e7\u00e3o de exame ultrassonogr\u00e1fico em 17/02/2023 de 10:40 \u00e0s 12:00"}, {"id": "6045", "ano": "2023", "numero": "2", "tipo__sigla": "AAPOS", "tipo__descricao": "Atas de audi\u00eancia p\u00fablica e outras sess\u00f5es", "assunto": "Ata da reuni\u00e3o do dia 16 de fevereiro de 2023 (prefeito e vereadores/ concurso p\u00fablico)"}, {"id": "6046", "ano": "2023", "numero": "2", "tipo__sigla": "DD", "tipo__descricao": "Documentos da Diretoria", "assunto": "Solicita autoriza\u00e7\u00e3o para receber 50% da gratifica\u00e7\u00e3o natalina"}, {"id": "6059", "ano": "2023", "numero": "2", "tipo__sigla": "ARO", "tipo__descricao": "ATAS DAS REUNI\u00d5ES ORDIN\u00c1RIAS", "assunto": "Ata da 2\u00aa reuni\u00e3o ordin\u00e1ria da 3\u00aa Sess\u00e3o Legislativa da 15\u00aa Legislatura da C\u00e2mara Municipal de Santana da Vargem"}, {"id": "6060", "ano": "2023", "numero": "2", "tipo__sigla": "AREO", "tipo__descricao": "ATAS DAS REUNI\u00d5ES EXTRAORDIN\u00c1RIAS", "assunto": "Ata da 2\u00aa reuni\u00e3o extraordin\u00e1ria da 3\u00aa sess\u00e3o legislativa da 15\u00aa legislatura da C\u00e2mara Municipal de Santana da vargem"}, {"id": "6155", "ano": "2023", "numero": "2", "tipo__sigla": "CO", "tipo__descricao": "Convite", "assunto": "Convida para o lan\u00e7amento da 19\u00aa edi\u00e7\u00e3o do parlamento jovem de minas, 20 de mar\u00e7o, segunda feira as 14 horas no audit\u00f3rio Jos\u00e9 Alencar Gomes da Silva"}, {"id": "6170", "ano": "2023", "numero": "2", "tipo__sigla": "RCI", "tipo__descricao": "Relat\u00f3rios da Controladoria Interna", "assunto": "Relat\u00f3rio de Controle Interno da Presta\u00e7\u00e3o de Contas - Fevereiro de 2023"}, {"id": "6216", "ano": "2023", "numero": "2", "tipo__sigla": "OFP", "tipo__descricao": "Of\u00edcio da Procuradoria", "assunto": "Solicita Curso CURSO SOBRE A AN\u00c1LISE DA TERCEIRIZA\u00c7\u00c3O DE PESSOAL NA ADMINISTRA\u00c7\u00c3O P\u00daBLICA COM O ADVENTO DA LEI 13.429 DE 2017 E O DESVIRTUAMENTO DA CONTRATA\u00c7\u00c3O TEMPOR\u00c1RIA DE EXEPCIONAL INTERESSE P\u00daBLICO."}, {"id": "6262", "ano": "2023", "numero": "2", "tipo__sigla": "DA", "tipo__descricao": "Documento Avulso", "assunto": "Certid\u00e3o de \u00f3bito e biografia Francisco de Paula Vitor Corr\u00eaa"}, {"id": "6311", "ano": "2023", "numero": "2", "tipo__sigla": "COMDE", "tipo__descricao": "COMUNICADO/DESPACHO", "assunto": "Convoca\u00e7\u00e3o da COSPACT."}, {"id": "6354", "ano": "2023", "numero": "2", "tipo__sigla": "SO", "tipo__descricao": "SOLICITA\u00c7\u00c3O", "assunto": "Solicita documentos"}, {"id": "6704", "ano": "2023", "numero": "2", "tipo__sigla": "CERTD", "tipo__descricao": "CERTID\u00c3O", "assunto": "Certid\u00e3o de nascimento Rodrigo Teodoro da Silva Junior"}, {"id": "6963", "ano": "2023", "numero": "2", "tipo__sigla": "ATACL", "tipo__descricao": "Ata da Comiss\u00e3o de Licita\u00e7\u00e3o", "assunto": "Ata da primeira sess\u00e3o do preg\u00e3o presencial n\u00ba 01 de2023"}, {"id": "7093", "ano": "2023", "numero": "2", "tipo__sigla": "CHPA", "tipo__descricao": "CHAPA DE COMPOSI\u00c7\u00c3O DA MESA DIRETORA", "assunto": "Altera\u00e7\u00e3o na composi\u00e7\u00e3o da chapa 01 para a mesa diretora do ano de 2024"}, {"id": "7304", "ano": "2023", "numero": "2", "tipo__sigla": "DRF", "tipo__descricao": "Documentos Relativos a F\u00e9rias", "assunto": "Aviso de F\u00e9rias Felipe Tom\u00e9 Mota e Silva 21/11/2023 a 06/12/2023"}, {"id": "7345", "ano": "2023", "numero": "2", "tipo__sigla": "DPA", "tipo__descricao": "Documento de Processo Administrativo", "assunto": "Solicita abertura de processo administrativo para contrata\u00e7\u00e3o de empresa especializada em seguran\u00e7a no trabalho"}, {"id": "5824", "ano": "2023", "numero": "3", "tipo__sigla": "PARE", "tipo__descricao": "PARECER", "assunto": "Parecer jur\u00eddico - Projeto de Lei Ordin\u00e1ria n\u00ba 44 - 2021 - Visa criar o Conselho Municipal do Idoso e o Fundo Municipal dos Direitos dos Idosos"}, {"id": "5836", "ano": "2023", "numero": "3", "tipo__sigla": "OVC", "tipo__descricao": "Of\u00edcio de Vereador/Comiss\u00e3o", "assunto": "Solicitar inscri\u00e7\u00e3o no curso: \u201cIN\u00cdCIO DE SESS\u00c3O LEGISLATIVA E ORIENTA\u00c7\u00d5ES PARA UM MANDATO RESPONS\u00c1VEL DAS NOVAS MESAS DIRETORAS\u201d"}, {"id": "5837", "ano": "2023", "numero": "3", "tipo__sigla": "DI", "tipo__descricao": "Di\u00e1rias e documentos relativos", "assunto": "An\u00e1lise da presta\u00e7\u00e3o de contas do recebimento de di\u00e1rias Alanis Carolina de Oliveira Moreira (Belo Horizonte- 14/12/2022)"}, {"id": "5841", "ano": "2023", "numero": "3", "tipo__sigla": "OFEXP", "tipo__descricao": "Of\u00edcio Expedido", "assunto": "Encaminha a indica\u00e7\u00e3o 001 feita pela vereadora Maria Aparecido de Ara\u00fajo Reis"}, {"id": "5851", "ano": "2023", "numero": "3", "tipo__sigla": "DDCI", "tipo__descricao": "Documentos Diversos da Controladoria Interna", "assunto": "Movimenta\u00e7\u00e3o Banc\u00e1ria Mensal - Acumulada (Dezembro/2022)"}, {"id": "5860", "ano": "2023", "numero": "3", "tipo__sigla": "REV", "tipo__descricao": "Relat\u00f3rios de rodagem do ve\u00edculo e outros", "assunto": "Levar carro para fazer revis\u00e3o em Varginha (Varginha- 23/01/2022)\r\nOBS: arrumar o port\u00e3o que n\u00e3o est\u00e1 abrindo e o carro continua com mal cheiro no ar"}, {"id": "5888", "ano": "2023", "numero": "3", "tipo__sigla": "MEM", "tipo__descricao": "Memorando", "assunto": "Solicita o cancelamento da inscri\u00e7\u00e3o no curso \"Nova Lei de Licita\u00e7\u00f5es (Lei 14.1333/21)"}, {"id": "5890", "ano": "2023", "numero": "3", "tipo__sigla": "OCI", "tipo__descricao": "Of\u00edcios da Controladoria Interna", "assunto": "Solicita inscri\u00e7\u00e3o em curso de capacita\u00e7\u00e3o"}, {"id": "5891", "ano": "2023", "numero": "3", "tipo__sigla": "OR", "tipo__descricao": "OF\u00cdCIOS RECEBIDOS", "assunto": "Resposta \u00e0s indica\u00e7\u00f5es 001, 002 e 003 do vereador Luiz Felipe Mendon\u00e7a Rodrigues"}, {"id": "5904", "ano": "2023", "numero": "3", "tipo__sigla": "CERT", "tipo__descricao": "CERTIFICADO", "assunto": "Certifica que Vitor Donizetti Siqueira Junior participou do 465\u00ba Curso de capacita\u00e7\u00e3o com o tema \"In\u00edcio de Sess\u00e3o Legislativa e orienta\u00e7\u00f5es para um mandato respons\u00e1vel das novas mesas\""}, {"id": "5939", "ano": "2023", "numero": "3", "tipo__sigla": "ODC", "tipo__descricao": "Of\u00edcio/documento Cont\u00e1bil", "assunto": "Encaminha o extrato da conta corrente de titularidade da C\u00e2mara referente ao m\u00eas de janeiro de 2023"}, {"id": "5997", "ano": "2023", "numero": "3", "tipo__sigla": "JUST", "tipo__descricao": "Justificativas", "assunto": "Autoriza\u00e7\u00e3o para jornada divergente Ruiter Silva de Oliveira 13/02/2023"}, {"id": "6025", "ano": "2023", "numero": "3", "tipo__sigla": "DEC", "tipo__descricao": "Declara\u00e7\u00e3o", "assunto": "Declara\u00e7\u00e3o de adequa\u00e7\u00e3o or\u00e7ament\u00e1ria e impacto (Projeto de lei 001/2023 - complementar do legislativo)"}, {"id": "6097", "ano": "2023", "numero": "3", "tipo__sigla": "ARO", "tipo__descricao": "ATAS DAS REUNI\u00d5ES ORDIN\u00c1RIAS", "assunto": "Ata da 3\u00aa reuni\u00e3o ordin\u00e1ria da 3\u00aa sess\u00e3o legislativa da 15\u00aa legislatura da C\u00e2mara Municipal de Santana da Vargem"}, {"id": "6114", "ano": "2023", "numero": "3", "tipo__sigla": "AT", "tipo__descricao": "ATESTADO", "assunto": "Atesta que Kainne Delfino Joanas dever\u00e1 se afastar no per\u00edodo da tarde do dia 08/03/2023"}, {"id": "6115", "ano": "2023", "numero": "3", "tipo__sigla": "DMP", "tipo__descricao": "Documentos de tribunais e do Minist\u00e9rio P\u00fablico", "assunto": "Inqu\u00e9rito civil n\u00ba 04.16.0694.0012030/2022-61 (Solicita informa\u00e7\u00f5es sobre projeto de lei de Saneamento b\u00e1sico)"}, {"id": "6163", "ano": "2023", "numero": "3", "tipo__sigla": "CO", "tipo__descricao": "Convite", "assunto": "Convida os vereadores para a Copa Alterosa Futebol Amador- Edi\u00e7\u00e3o 2023"}, {"id": "6229", "ano": "2023", "numero": "3", "tipo__sigla": "OFP", "tipo__descricao": "Of\u00edcio da Procuradoria", "assunto": "Solicita deferimento para que seu membro possa participar do curso de \u201cPATRIM\u00d4NIO, FROTA E ALMOXARIFADO NOS MUNIC\u00cdPIOS \u201d"}, {"id": "6240", "ano": "2023", "numero": "3", "tipo__sigla": "DD", "tipo__descricao": "Documentos da Diretoria", "assunto": "Solicita autoriza\u00e7\u00e3o para abertura de procedimento para contrata\u00e7\u00e3o de curso"}, {"id": "6293", "ano": "2023", "numero": "3", "tipo__sigla": "DA", "tipo__descricao": "Documento Avulso", "assunto": "DEMONSTRATIVO OR\u00c7AMENTARIO-FINANCEIRO DOS GASTOS COM A CONTRATA\u00c7\u00c3O DE PLANO DE SAUDE DOS SERVIDORES DA C\u00c2MARA"}, {"id": "6304", "ano": "2023", "numero": "3", "tipo__sigla": "AREO", "tipo__descricao": "ATAS DAS REUNI\u00d5ES EXTRAORDIN\u00c1RIAS", "assunto": "Ata da 4\u00aa reuni\u00e3o extraordin\u00e1ria realizada no dia 06 de abril de 2023."}, {"id": "6313", "ano": "2023", "numero": "3", "tipo__sigla": "REDF", "tipo__descricao": "Reda\u00e7\u00e3o Final", "assunto": "Reda\u00e7\u00e3o Final do projeto de lei 006/2023."}, {"id": "6473", "ano": "2023", "numero": "3", "tipo__sigla": "RCI", "tipo__descricao": "Relat\u00f3rios da Controladoria Interna", "assunto": "Relat\u00f3rio de Controle Interno da Presta\u00e7\u00e3o de Contas de Mar\u00e7o de 2023"}, {"id": "6846", "ano": "2023", "numero": "3", "tipo__sigla": "CERTD", "tipo__descricao": "CERTID\u00c3O", "assunto": "Certid\u00e3o de comparecimento Emerson Silva Ara\u00fajo no hor\u00e1rio 09:30 a 10:40"}, {"id": "7045", "ano": "2023", "numero": "3", "tipo__sigla": "ATACL", "tipo__descricao": "Ata da Comiss\u00e3o de Licita\u00e7\u00e3o", "assunto": "Ata da segunda sess\u00e3o de preg\u00e3o presencial n\u00ba 01 de 2023 0"}, {"id": "7146", "ano": "2023", "numero": "3", "tipo__sigla": "COMDE", "tipo__descricao": "COMUNICADO/DESPACHO", "assunto": "Convoca para 9\u00aa reuni\u00e3o extraordin\u00e1ria 01/11/2023"}, {"id": "7190", "ano": "2023", "numero": "3", "tipo__sigla": "SO", "tipo__descricao": "SOLICITA\u00c7\u00c3O", "assunto": "Solicita\u00e7\u00e3o de autoriza\u00e7\u00e3o e inscri\u00e7\u00e3o no curso \"FISCALIZA\u00c7\u00c3O E ACOMPANHAMENTO DA GEST\u00c3O OR\u00c7AMENT\u00c1RIA E FINANCEIRA MUNICIPAL\"."}, {"id": "7305", "ano": "2023", "numero": "3", "tipo__sigla": "DRF", "tipo__descricao": "Documentos Relativos a F\u00e9rias", "assunto": "Aviso de f\u00e9rias Felipe Tom\u00e9 Mota e Silva 07/12/2023"}, {"id": "7346", "ano": "2023", "numero": "3", "tipo__sigla": "DPA", "tipo__descricao": "Documento de Processo Administrativo", "assunto": "Solicita abertura de processo administrativo para contrata\u00e7\u00e3o de cart\u00f3rio"}, {"id": "5830", "ano": "2023", "numero": "4", "tipo__sigla": "PARE", "tipo__descricao": "PARECER", "assunto": "Parecer Jur\u00eddico - Projeto de Lei Ordin\u00e1ria n\u00ba 29 - 2021 - Visa criar o programa de parcelamento incentivado \u2013 PPI"}, {"id": "5838", "ano": "2023", "numero": "4", "tipo__sigla": "DI", "tipo__descricao": "Di\u00e1rias e documentos relativos", "assunto": "An\u00e1lise de presta\u00e7\u00e3o de contas  Ronalthe Dayglas Rocha  (Belo Horizonte 13/12/2022)"}, {"id": "5839", "ano": "2023", "numero": "4", "tipo__sigla": "OVC", "tipo__descricao": "Of\u00edcio de Vereador/Comiss\u00e3o", "assunto": "Solicita a aquisi\u00e7\u00e3o de camas hospitalares, cadeiras de rodas e cadeiras de banho para concess\u00e3o de empr\u00e9stimos aos mun\u00edcipes que necessitam"}, {"id": "5842", "ano": "2023", "numero": "4", "tipo__sigla": "OFEXP", "tipo__descricao": "Of\u00edcio Expedido", "assunto": "Encaminha as indica\u00e7\u00f5es 001, 002 e 003 feitas pelo vereador Luiz Felipe Mendon\u00e7a Rodrigues"}, {"id": "5863", "ano": "2023", "numero": "4", "tipo__sigla": "REV", "tipo__descricao": "Relat\u00f3rios de rodagem do ve\u00edculo e outros", "assunto": "Buscar vereadora Lia em sua resid\u00eancia para levar no banco para arrumar senha (Santana da Vargem 24/01/2023)\r\nOBS: trocar pilha chave do carro"}, {"id": "5889", "ano": "2023", "numero": "4", "tipo__sigla": "MEM", "tipo__descricao": "Memorando", "assunto": "Solicita abertura do processo administrativo para contrata\u00e7\u00e3o do curso: Forma\u00e7\u00e3o de Agente de Contrata\u00e7\u00e3o e pregoeiro\""}, {"id": "5892", "ano": "2023", "numero": "4", "tipo__sigla": "OR", "tipo__descricao": "OF\u00cdCIOS RECEBIDOS", "assunto": "Indica\u00e7\u00f5es 089, 090, 091, 092  de 2022 do vereador Luiz Felipe Mendon\u00e7a Rodrigues"}, {"id": "5905", "ano": "2023", "numero": "4", "tipo__sigla": "CERT", "tipo__descricao": "CERTIFICADO", "assunto": "Certifica que Maria Aparecida de Ara\u00fajo Reis participou do 465\u00ba Curso de Capacita\u00e7\u00e3o com o tema: \"In\u00edcio de Sess\u00e3o Legislativa e orienta\u00e7\u00f5es para um mandato respons\u00e1vel das novas mesa diretoras\""}, {"id": "5924", "ano": "2023", "numero": "4", "tipo__sigla": "OCI", "tipo__descricao": "Of\u00edcios da Controladoria Interna", "assunto": "Extratos de conta corrente e de aplica\u00e7\u00e3o financeira (Janeiro/2023)"}, {"id": "5948", "ano": "2023", "numero": "4", "tipo__sigla": "DDCI", "tipo__descricao": "Documentos Diversos da Controladoria Interna", "assunto": "Movimenta\u00e7\u00e3o Banc\u00e1ria Mensal - Detalhada (Janeiro/2023)"}, {"id": "6023", "ano": "2023", "numero": "4", "tipo__sigla": "JUST", "tipo__descricao": "Justificativas", "assunto": "Solicita autoriza\u00e7\u00e3o para fazer jornada diferente no dia 23/02/2023- Ruiter Silva de Oliveira"}, {"id": "6075", "ano": "2023", "numero": "4", "tipo__sigla": "ODC", "tipo__descricao": "Of\u00edcio/documento Cont\u00e1bil", "assunto": "Solicita a autoriza\u00e7\u00e3o para o pagamento das notas fiscais referente a cess\u00e3o de direito de uso de software (Memory)"}, {"id": "6139", "ano": "2023", "numero": "4", "tipo__sigla": "ARO", "tipo__descricao": "ATAS DAS REUNI\u00d5ES ORDIN\u00c1RIAS", "assunto": "Ata da 4\u00aa reuni\u00e3o ordin\u00e1ria da 3\u00aa sess\u00e3o legislativa da 15\u00aa legislatura da C\u00e2mara Municipal de Santana da Vargem"}, {"id": "6144", "ano": "2023", "numero": "4", "tipo__sigla": "AT", "tipo__descricao": "ATESTADO", "assunto": "Declara que Kainne Delfino Joanas esteve na Unimed para realiza\u00e7\u00e3o de ultrassonografia 14/03/2023"}, {"id": "6152", "ano": "2023", "numero": "4", "tipo__sigla": "DEC", "tipo__descricao": "Declara\u00e7\u00e3o", "assunto": "Declara\u00e7\u00e3o de comparecimento"}, {"id": "6296", "ano": "2023", "numero": "4", "tipo__sigla": "DA", "tipo__descricao": "Documento Avulso", "assunto": "Demonstrativo da despesa com pessoal"}, {"id": "6305", "ano": "2023", "numero": "4", "tipo__sigla": "AREO", "tipo__descricao": "ATAS DAS REUNI\u00d5ES EXTRAORDIN\u00c1RIAS", "assunto": "Ata da 3\u00aa reuni\u00e3o extraordin\u00e1ria realizada no dia 06 de abril de 2023."}, {"id": "6314", "ano": "2023", "numero": "4", "tipo__sigla": "REDF", "tipo__descricao": "Reda\u00e7\u00e3o Final", "assunto": "Reda\u00e7\u00e3o Final do Projeto de Lei Ordin\u00e1ria do Legislativo n\u00ba 13/2022."}, {"id": "6342", "ano": "2023", "numero": "4", "tipo__sigla": "OFP", "tipo__descricao": "Of\u00edcio da Procuradoria", "assunto": "Resposta do of\u00edcio n\u00ba 72 - 2023 - Resposta sobre a obrigatoriedade do pagamento de di\u00e1ria para Servidor e Vereador no Domingo 26-03-2023"}, {"id": "6373", "ano": "2023", "numero": "4", "tipo__sigla": "CO", "tipo__descricao": "Convite", "assunto": "Convida para audi\u00eancia p\u00fablica da Comiss\u00e3o de Transportes para debater sobre o Programa de Concess\u00f5es Rodovi\u00e1rias do Governo de Minas especificamente o lote 3 - Varginha Furnas"}, {"id": "6544", "ano": "2023", "numero": "4", "tipo__sigla": "RCI", "tipo__descricao": "Relat\u00f3rios da Controladoria Interna", "assunto": "Relat\u00f3rio de Controle Interno da Presta\u00e7\u00e3o de Contas de abril de 2023"}, {"id": "6775", "ano": "2023", "numero": "4", "tipo__sigla": "DD", "tipo__descricao": "Documentos da Diretoria", "assunto": "RELAT\u00d3RIO DA DIRETORIA DAS ATIVIDADES DO M\u00caS DE JUNHO DE 2023- LARISSA OLIVEIRA NAVES"}, {"id": "6821", "ano": "2023", "numero": "4", "tipo__sigla": "DMP", "tipo__descricao": "Documentos de tribunais e do Minist\u00e9rio P\u00fablico", "assunto": "Not\u00edcia de fato n\u00b0 MPMG 0694.21.00372-9 (poss\u00edvel posterga\u00e7\u00e3o dos tr\u00e2mites necess\u00e1rios \u00e0 an\u00e1lise de contas) - ARQUIVADO"}, {"id": "7106", "ano": "2023", "numero": "4", "tipo__sigla": "CERTD", "tipo__descricao": "CERTID\u00c3O", "assunto": "Certid\u00e3o de casamento Isabela Louren\u00e7\u00e3o Messias"}, {"id": "5831", "ano": "2023", "numero": "5", "tipo__sigla": "PARE", "tipo__descricao": "PARECER", "assunto": "Parecer Jur\u00eddico - Projeto de Lei Ordin\u00e1rio n\u00ba 30 - 2021 - Visa alterar a Lei Ordin\u00e1ria Municipal n\u00ba 1.103 de 13 de janeiro de 2009 (Bolsa Trabalho)."}, {"id": "5843", "ano": "2023", "numero": "5", "tipo__sigla": "DI", "tipo__descricao": "Di\u00e1rias e documentos relativos", "assunto": "Requerimento de concess\u00e3o de di\u00e1rias adiantadas Maria Aparecida de Ara\u00fajo Reis (Belo Horizonte- 24/01/2023 a 27/01/2023)"}, {"id": "5846", "ano": "2023", "numero": "5", "tipo__sigla": "OVC", "tipo__descricao": "Of\u00edcio de Vereador/Comiss\u00e3o", "assunto": "Solicita inscri\u00e7\u00e3o no curso: In\u00edcio de sess\u00e3o legislativa e orienta\u00e7\u00f5es para um mandato respons\u00e1vel das novas mesas diretoras"}, {"id": "5847", "ano": "2023", "numero": "5", "tipo__sigla": "OFEXP", "tipo__descricao": "Of\u00edcio Expedido", "assunto": "Encaminha projeto de lei complementar 24 rejeitado na 5\u00aa reuni\u00e3o extraordin\u00e1ria"}, {"id": "5893", "ano": "2023", "numero": "5", "tipo__sigla": "OR", "tipo__descricao": "OF\u00cdCIOS RECEBIDOS", "assunto": "resposta ao of\u00edcio 002/2023 da vereadora Maria Aparecida de Ara\u00fajo Reis"}, {"id": "5900", "ano": "2023", "numero": "5", "tipo__sigla": "MEM", "tipo__descricao": "Memorando", "assunto": "Solicita deferimento para participar do 1\u00aa reuni\u00e3o t\u00e9cnica do polo sul de minas III"}, {"id": "5914", "ano": "2023", "numero": "5", "tipo__sigla": "REV", "tipo__descricao": "Relat\u00f3rios de rodagem do ve\u00edculo e outros", "assunto": "Levar vereadores Lia Ara\u00fajo e Vitor Junior e presidente Carlos C\u00e9zar para fazer curso (Belo Horizonte- 24/01/2023 a 27/01/2023)"}, {"id": "5949", "ano": "2023", "numero": "5", "tipo__sigla": "DDCI", "tipo__descricao": "Documentos Diversos da Controladoria Interna", "assunto": "Movimenta\u00e7\u00e3o Banc\u00e1ria Mensal - Resumida (Janeiro/2023)"}, {"id": "5951", "ano": "2023", "numero": "5", "tipo__sigla": "OCI", "tipo__descricao": "Of\u00edcios da Controladoria Interna", "assunto": "Documentos protocolados no Sistema de Apoio ao Processo Legislativo (SAPL)"}, {"id": "6041", "ano": "2023", "numero": "5", "tipo__sigla": "JUST", "tipo__descricao": "Justificativas", "assunto": "/Justificativa de n\u00e3o marca\u00e7\u00e3o de ponto eletr\u00f4nico 08/02/2023 e 10/02/2023"}, {"id": "6076", "ano": "2023", "numero": "5", "tipo__sigla": "ODC", "tipo__descricao": "Of\u00edcio/documento Cont\u00e1bil", "assunto": "Solicita autoriza\u00e7\u00e3o para altera\u00e7\u00e3o das datas do gozo de f\u00e9rias"}, {"id": "6077", "ano": "2023", "numero": "5", "tipo__sigla": "CERT", "tipo__descricao": "CERTIFICADO", "assunto": "Certifica que Alanis Carolina de Oliveira Moreira participou do 475\u00ba Curso de Capacita\u00e7\u00e3o com o tema: \"Orienta\u00e7\u00f5es para a implementa\u00e7\u00e3o da nova lei de licita\u00e7\u00f5es e contratos administrativos\" realizado no per\u00edodo de 28 de fevereiro a 03 de mar\u00e7o"}, {"id": "6153", "ano": "2023", "numero": "5", "tipo__sigla": "AT", "tipo__descricao": "ATESTADO", "assunto": "Atesta que Alessandra Dixini Ara\u00fajo esteve impossibilitada de exercer atividades por dois dias a partir do dia 16/03/2023"}, {"id": "6174", "ano": "2023", "numero": "5", "tipo__sigla": "ARO", "tipo__descricao": "ATAS DAS REUNI\u00d5ES ORDIN\u00c1RIAS", "assunto": "Ata da 5\u00aa reuni\u00e3o ordin\u00e1ria da 3\u00aa sess\u00e3o legislativa da 15\u00aa legislatura da C\u00e2mara Municipal de Santana da Vargem"}, {"id": "6315", "ano": "2023", "numero": "5", "tipo__sigla": "REDF", "tipo__descricao": "Reda\u00e7\u00e3o Final", "assunto": "Reda\u00e7\u00e3o Final do Projeto de Lei Ordin\u00e1ria do Legislativo n\u00ba 10/2023."}, {"id": "6378", "ano": "2023", "numero": "5", "tipo__sigla": "OFP", "tipo__descricao": "Of\u00edcio da Procuradoria", "assunto": "Oficio - Solicita\u00e7\u00e3o de duas di\u00e1rias integrais."}, {"id": "6414", "ano": "2023", "numero": "5", "tipo__sigla": "DEC", "tipo__descricao": "Declara\u00e7\u00e3o", "assunto": "Declara\u00e7\u00e3o de bens e valores Cleber de Brito exerc\u00edcio 2023"}, {"id": "6510", "ano": "2023", "numero": "5", "tipo__sigla": "DA", "tipo__descricao": "Documento Avulso", "assunto": "Rela\u00e7\u00e3o de inscri\u00e7\u00f5es deferidas e indeferidas para elei\u00e7\u00e3o do conselho tutelar"}, {"id": "6514", "ano": "2023", "numero": "5", "tipo__sigla": "CO", "tipo__descricao": "Convite", "assunto": "Convida para reuni\u00e3o sobre o Programa de Aquisi\u00e7\u00e3o de Alimentos PAA"}, {"id": "6531", "ano": "2023", "numero": "5", "tipo__sigla": "AREO", "tipo__descricao": "ATAS DAS REUNI\u00d5ES EXTRAORDIN\u00c1RIAS", "assunto": "Ata da 5\u00aa reuni\u00e3o ordin\u00e1ria da 3\u00aa sess\u00e3o legislativa da C\u00e2mara Municipal de Santana da Vargem"}, {"id": "6736", "ano": "2023", "numero": "5", "tipo__sigla": "RCI", "tipo__descricao": "Relat\u00f3rios da Controladoria Interna", "assunto": "Relat\u00f3rios de Controle Interno da Presta\u00e7\u00e3o de Contas Maio de 2023"}, {"id": "6872", "ano": "2023", "numero": "5", "tipo__sigla": "DD", "tipo__descricao": "Documentos da Diretoria", "assunto": "RELAT\u00d3RIO DA DIRETORIA E FOTOS  DAS ATIVIDADES DA C\u00c2MARA MUNICIPAL DE SANTANA DA VARGEM DESEMPENHADAS NO M\u00caS DE JULHO  DE 2023 - LARISSA OLIVEIRA NAVES (CONT\u00c9M 21 P\u00c1GINAS)"}, {"id": "7355", "ano": "2023", "numero": "5", "tipo__sigla": "DMP", "tipo__descricao": "Documentos de tribunais e do Minist\u00e9rio P\u00fablico", "assunto": "Processo eletr\u00f4nico n\u00ba 5005220-45.2019.8.130694 (inconstitucionalidade dos artigos 4\u00ba e 5\u00ba da lei municipal n\u00ba 1.249 de 2011)"}, {"id": "5832", "ano": "2023", "numero": "6", "tipo__sigla": "PARE", "tipo__descricao": "PARECER", "assunto": "Parecer Jur\u00eddico - Projeto de Lei Ordin\u00e1ria n\u00ba 33 - Disp\u00f5e sobre o sistema \u00fanico de assist\u00eancia social municipal"}, {"id": "5844", "ano": "2023", "numero": "6", "tipo__sigla": "DI", "tipo__descricao": "Di\u00e1rias e documentos relativos", "assunto": "Requerimento de concess\u00e3o de di\u00e1rias adiantadas Carlos C\u00e9zar Ribeiro (Belo Horizonte 24/01/2022 a 27/01/2022)"}, {"id": "5853", "ano": "2023", "numero": "6", "tipo__sigla": "OFEXP", "tipo__descricao": "Of\u00edcio Expedido", "assunto": "Encaminhar  Projeto de Lei Complementar n\u00ba 22 de 2022 que \u201cAltera o Anexo II da Lei Municipal n\u00ba 770, de 16 de setembro de 2002\r\n(C\u00f3digo Tribut\u00e1rio Municipal) e d\u00e1 outras provid\u00eancias\u201d, que foi aprovado na 42\u00aa reuni\u00e3o extraordin\u00e1ria, realizada em 19 de dezembro de 2022."}, {"id": "5870", "ano": "2023", "numero": "6", "tipo__sigla": "OVC", "tipo__descricao": "Of\u00edcio de Vereador/Comiss\u00e3o", "assunto": "Solicita informa\u00e7\u00f5es acerca da exist\u00eancia de lei que disponha sobre o atendimento preferencial em reparti\u00e7\u00f5es p\u00fablicas"}, {"id": "5894", "ano": "2023", "numero": "6", "tipo__sigla": "OR", "tipo__descricao": "OF\u00cdCIOS RECEBIDOS", "assunto": "Solicita a indica\u00e7\u00e3o de dois representantes da C\u00e2mara Municipal de Santana da Vargem para o Conselho Municipal de Habita\u00e7\u00e3o"}, {"id": "5913", "ano": "2023", "numero": "6", "tipo__sigla": "MEM", "tipo__descricao": "Memorando", "assunto": "Solicita deferimento para participar da 1\u00aa Reuni\u00e3o do Polo Sul de Minas III"}, {"id": "5915", "ano": "2023", "numero": "6", "tipo__sigla": "REV", "tipo__descricao": "Relat\u00f3rios de rodagem do ve\u00edculo e outros", "assunto": "Levar funcion\u00e1rio na padaria 3 vezes e no Cristian (Santana da Vargem 01/02/2023)"}, {"id": "5950", "ano": "2023", "numero": "6", "tipo__sigla": "DDCI", "tipo__descricao": "Documentos Diversos da Controladoria Interna", "assunto": "Movimenta\u00e7\u00e3o Banc\u00e1ria Mensal - Acumulada (Janeiro/2023)"}, {"id": "6022", "ano": "2023", "numero": "6", "tipo__sigla": "OCI", "tipo__descricao": "Of\u00edcios da Controladoria Interna", "assunto": "Informa a revoga\u00e7\u00e3o da IN 02/2021"}, {"id": "6042", "ano": "2023", "numero": "6", "tipo__sigla": "JUST", "tipo__descricao": "Justificativas", "assunto": "Justificativa de n\u00e3o marca\u00e7\u00e3o de ponto eletr\u00f4nico 01/02/2023, 03/02/2023 e 13/02/2023 Kainne"}, {"id": "6078", "ano": "2023", "numero": "6", "tipo__sigla": "CERT", "tipo__descricao": "CERTIFICADO", "assunto": "Certifica que Kainne Delfino Joanas  participou do 475\u00ba Curso de Capacita\u00e7\u00e3o com o tema: \"Orienta\u00e7\u00f5es para a implementa\u00e7\u00e3o da nova lei de licita\u00e7\u00f5es e contratos administrativos\" realizado no per\u00edodo de 28 de fevereiro a 03 de mar\u00e7o"}, {"id": "6107", "ano": "2023", "numero": "6", "tipo__sigla": "ODC", "tipo__descricao": "Of\u00edcio/documento Cont\u00e1bil", "assunto": "Encaminha extrato da conta corrente de titularidade da C\u00e2mara Municipal de Santana da Vargem (fevereiro)"}, {"id": "6156", "ano": "2023", "numero": "6", "tipo__sigla": "DMP", "tipo__descricao": "Documentos de tribunais e do Minist\u00e9rio P\u00fablico", "assunto": "Comunica arquivamento de not\u00edcia de fato 02.16.0694.0006446/2022-28 (supostas irregularidades envolvendo credenciamento de fonoaudi\u00f3logo no munic\u00edpio de Santana da Vargem"}, {"id": "6182", "ano": "2023", "numero": "6", "tipo__sigla": "AT", "tipo__descricao": "ATESTADO", "assunto": "Atesta que Kainne Delfino Joanas esteve impossibilitado de exercer suas fun\u00e7\u00f5es habituais por 1 dia (09/03/2023)"}, {"id": "6221", "ano": "2023", "numero": "6", "tipo__sigla": "ARO", "tipo__descricao": "ATAS DAS REUNI\u00d5ES ORDIN\u00c1RIAS", "assunto": "Ata da 6\u00aa reuni\u00e3o ordin\u00e1ria da 3\u00aa sess\u00e3o legislativa da 15\u00aa legislatura da C\u00e2mara Municipal de Santana da Vargem"}, {"id": "6316", "ano": "2023", "numero": "6", "tipo__sigla": "REDF", "tipo__descricao": "Reda\u00e7\u00e3o Final", "assunto": "Reda\u00e7\u00e3o Final do Projeto de Lei Ordin\u00e1ria do Legislativo n\u00ba 9/2022."}, {"id": "6396", "ano": "2023", "numero": "6", "tipo__sigla": "OFP", "tipo__descricao": "Of\u00edcio da Procuradoria", "assunto": "Solicita\u00e7\u00e3o de F\u00e9rias regulares"}, {"id": "6527", "ano": "2023", "numero": "6", "tipo__sigla": "DEC", "tipo__descricao": "Declara\u00e7\u00e3o", "assunto": "Recibo de entrega de declara\u00e7\u00e3o de imposto de renda Ruiter Silva de Oliveira"}, {"id": "6568", "ano": "2023", "numero": "6", "tipo__sigla": "CO", "tipo__descricao": "Convite", "assunto": "Convida para participar do encerramento das a\u00e7\u00f5es do Maio Laranja"}, {"id": "6647", "ano": "2023", "numero": "6", "tipo__sigla": "AREO", "tipo__descricao": "ATAS DAS REUNI\u00d5ES EXTRAORDIN\u00c1RIAS", "assunto": "Ata da 6\u00aa reuni\u00e3o extraordin\u00e1ria da 3\u00aa sess\u00e3o legislativa da 15\u00aa legislatura da C\u00e2mara Municipal de Santana da Vargem"}, {"id": "6814", "ano": "2023", "numero": "6", "tipo__sigla": "RCI", "tipo__descricao": "Relat\u00f3rios da Controladoria Interna", "assunto": "Relat\u00f3rio de Controle Interno da Presta\u00e7\u00e3o de Contas Junho de 2023"}, {"id": "6908", "ano": "2023", "numero": "6", "tipo__sigla": "DA", "tipo__descricao": "Documento Avulso", "assunto": "CRLV Cerficado de registro e licenciamento de ve\u00edculo- digital \r\nExerc\u00edcio 2023"}, {"id": "7027", "ano": "2023", "numero": "6", "tipo__sigla": "DD", "tipo__descricao": "Documentos da Diretoria", "assunto": "RELAT\u00d3RIO DA DIRETORIA E FOTOS DAS ATIVIDADES DA C\u00c2MARA MUNICIPAL DE SANTANA DA VARGEM DESEMPENHADAS NO M\u00caS DE AGOSTO DE 2023 - LARISSA OLIVEIRA NAVES (CONT\u00c9M 13 P\u00c1GINAS)"}, {"id": "5845", "ano": "2023", "numero": "7", "tipo__sigla": "DI", "tipo__descricao": "Di\u00e1rias e documentos relativos", "assunto": "Requerimento de concess\u00e3o de di\u00e1rias adiantadas Vitor Donizetti Siqueira Junior (Belo Horizonte 24/01/2022 a 27/01/2022)"}, {"id": "5854", "ano": "2023", "numero": "7", "tipo__sigla": "PARE", "tipo__descricao": "PARECER", "assunto": "Parecer Jur\u00eddico - Inexigibilidade - Contratar servi\u00e7o revis\u00e3o automotiva do ve\u00edculo oficial da C\u00e2mara . (Processo Licitat\u00f3rio n\u00ba 01\\2023)"}, {"id": "5862", "ano": "2023", "numero": "7", "tipo__sigla": "OFEXP", "tipo__descricao": "Of\u00edcio Expedido", "assunto": "Solicita informa\u00e7\u00f5es sobre o n\u00famero da pr\u00f3xima lei ordin\u00e1ria"}, {"id": "5895", "ano": "2023", "numero": "7", "tipo__sigla": "OVC", "tipo__descricao": "Of\u00edcio de Vereador/Comiss\u00e3o", "assunto": "Encaminha a rela\u00e7\u00e3o de equipamentos a serem adquiridos pelo executivo"}, {"id": "5899", "ano": "2023", "numero": "7", "tipo__sigla": "OR", "tipo__descricao": "OF\u00cdCIOS RECEBIDOS", "assunto": "Comunica aus\u00eancia na sess\u00e3o solene anual a ser realizada no dia 1\u00ba de 2023"}, {"id": "5916", "ano": "2023", "numero": "7", "tipo__sigla": "REV", "tipo__descricao": "Relat\u00f3rios de rodagem do ve\u00edculo e outros", "assunto": "Levar funcion\u00e1ria na padaria (Santana da Vargem- 02/02/2023)"}, {"id": "5929", "ano": "2023", "numero": "7", "tipo__sigla": "MEM", "tipo__descricao": "Memorando", "assunto": "Solicita autoriza\u00e7\u00e3o para altera\u00e7\u00e3o e deferimento da data das f\u00e9rias"}, {"id": "6037", "ano": "2023", "numero": "7", "tipo__sigla": "OCI", "tipo__descricao": "Of\u00edcios da Controladoria Interna", "assunto": "Autoriza\u00e7\u00e3o para reduzir jornada do dia 24/02 (Art. 164 do Estatuto dos Servidores)"}, {"id": "6051", "ano": "2023", "numero": "7", "tipo__sigla": "JUST", "tipo__descricao": "Justificativas", "assunto": "autoriza\u00e7\u00e3o para jornada divergente Ruiter Silva de Oliveira (27/02/2023)"}, {"id": "6079", "ano": "2023", "numero": "7", "tipo__sigla": "CERT", "tipo__descricao": "CERTIFICADO", "assunto": "Certifica que Ruiter Silva de Oliveira participou do 475\u00ba Curso de Capacita\u00e7\u00e3o com o tema: \"Orienta\u00e7\u00f5es para a implementa\u00e7\u00e3o da nova lei de licita\u00e7\u00f5es e contratos administrativos\" realizado no per\u00edodo de 28 de fevereiro a 03 de mar\u00e7o"}, {"id": "6141", "ano": "2023", "numero": "7", "tipo__sigla": "ODC", "tipo__descricao": "Of\u00edcio/documento Cont\u00e1bil", "assunto": "Encaminha documentos"}, {"id": "6164", "ano": "2023", "numero": "7", "tipo__sigla": "DDCI", "tipo__descricao": "Documentos Diversos da Controladoria Interna", "assunto": "Movimenta\u00e7\u00e3o Banc\u00e1ria Mensal - Detalhada (Fevereiro/2023)"}, {"id": "6198", "ano": "2023", "numero": "7", "tipo__sigla": "AT", "tipo__descricao": "ATESTADO", "assunto": "Atesta que Alessandra Dixini Araujo esteve impossibilitado de exercer suas atividades profissionais por um dia 23/03/2023"}, {"id": "6265", "ano": "2023", "numero": "7", "tipo__sigla": "ARO", "tipo__descricao": "ATAS DAS REUNI\u00d5ES ORDIN\u00c1RIAS", "assunto": "Ata da 7\u00aa reuni\u00e3o ordin\u00e1ria da 3 \u00aa sess\u00e3o legislativa da 15\u00aa legislatura da C\u00e2mara Municipal de Santana da Vargem"}, {"id": "6374", "ano": "2023", "numero": "7", "tipo__sigla": "REDF", "tipo__descricao": "Reda\u00e7\u00e3o Final", "assunto": "Reda\u00e7\u00e3o Final do PLC 05/2023"}, {"id": "6500", "ano": "2023", "numero": "7", "tipo__sigla": "OFP", "tipo__descricao": "Of\u00edcio da Procuradoria", "assunto": "Solicita deferimento de pedido de inscri\u00e7\u00e3o em curso de capacita\u00e7\u00e3o"}, {"id": "6557", "ano": "2023", "numero": "7", "tipo__sigla": "DEC", "tipo__descricao": "Declara\u00e7\u00e3o", "assunto": "Declara\u00e7\u00e3o de bens e valores Alessandra Dixini Ara\u00fajo (Exerc\u00edcio 2023)"}, {"id": "6782", "ano": "2023", "numero": "7", "tipo__sigla": "AREO", "tipo__descricao": "ATAS DAS REUNI\u00d5ES EXTRAORDIN\u00c1RIAS", "assunto": "Ata da 7\u00aa reuni\u00e3o extraordin\u00e1ria da 3\u00aa Sess\u00e3o Legislativa da 15\u00ba Legislatura da C\u00e2mara Municipal de Santana da Vargem"}, {"id": "6819", "ano": "2023", "numero": "7", "tipo__sigla": "CO", "tipo__descricao": "Convite", "assunto": "Convida para jogo de futebol 29/07/2023"}, {"id": "6909", "ano": "2023", "numero": "7", "tipo__sigla": "RCI", "tipo__descricao": "Relat\u00f3rios da Controladoria Interna", "assunto": "Relat\u00f3rio de Controle Interno da Presta\u00e7\u00e3o de Contas julho de 2023"}, {"id": "7103", "ano": "2023", "numero": "7", "tipo__sigla": "DD", "tipo__descricao": "Documentos da Diretoria", "assunto": "RELAT\u00d3RIO DA DIRETORIA  DAS ATIVIDADES DA C\u00c2MARA MUNICIPAL DE SANTANA DA VARGEM DESEMPENHADAS NO M\u00caS DE SETEMBRO DE 2023 COM FOTOS  - LARISSA OLIVEIRA NAVES (CONT\u00c9M 13 P\u00c1GINAS)"}, {"id": "5855", "ano": "2023", "numero": "8", "tipo__sigla": "DI", "tipo__descricao": "Di\u00e1rias e documentos relativos", "assunto": "Solicita\u00e7\u00e3o de di\u00e1ria ao motorista legislativo para viagem ao munic\u00edpio de Belo Horizonte 24-27/01/2023"}, {"id": "5858", "ano": "2023", "numero": "8", "tipo__sigla": "PARE", "tipo__descricao": "PARECER", "assunto": "Parecer Jur\u00eddico - Inexigibilidade - Curso - Vereador - In\u00edcio de sess\u00e3o legislativa e orienta\u00e7\u00f5es para um mandato respons\u00e1vel das novas mesas diretoras\u201d."}, {"id": "5874", "ano": "2023", "numero": "8", "tipo__sigla": "OFEXP", "tipo__descricao": "Of\u00edcio Expedido", "assunto": "Encaminha as indica\u00e7\u00f5es 001 e 002 do vereador Ezequiel da Silva"}, {"id": "5897", "ano": "2023", "numero": "8", "tipo__sigla": "OVC", "tipo__descricao": "Of\u00edcio de Vereador/Comiss\u00e3o", "assunto": "Solicita informa\u00e7\u00f5es a respeito da gest\u00e3o do lixo no munic\u00edpio"}, {"id": "5901", "ano": "2023", "numero": "8", "tipo__sigla": "OR", "tipo__descricao": "OF\u00cdCIOS RECEBIDOS", "assunto": "Solicita informa\u00e7\u00f5es e formaliza\u00e7\u00e3o de solicita\u00e7\u00e3o"}, {"id": "5925", "ano": "2023", "numero": "8", "tipo__sigla": "REV", "tipo__descricao": "Relat\u00f3rios de rodagem do ve\u00edculo e outros", "assunto": "Lavar funcion\u00e1rios Ruiter e Larissa na C\u00e2mara Municipal de Nepomuceno para participar da reuni\u00e3o do parlamento jovem 2023"}, {"id": "5958", "ano": "2023", "numero": "8", "tipo__sigla": "MEM", "tipo__descricao": "Memorando", "assunto": "Solicita cancelamento do gozo das f\u00e9rias previstas para 22/02/2023 a 03/03/2023"}, {"id": "6062", "ano": "2023", "numero": "8", "tipo__sigla": "OCI", "tipo__descricao": "Of\u00edcios da Controladoria Interna", "assunto": "Relat\u00f3rio anual de controle interno 2022"}, {"id": "6080", "ano": "2023", "numero": "8", "tipo__sigla": "CERT", "tipo__descricao": "CERTIFICADO", "assunto": "Certifica que Felipe Tom\u00e9 Mota e Silva participou do 475\u00ba Curso de Capacita\u00e7\u00e3o com o tema: \"Orienta\u00e7\u00f5es para a implementa\u00e7\u00e3o da nova lei de licita\u00e7\u00f5es e contratos administrativos\" realizado no per\u00edodo de 28 de fevereiro a 03 de mar\u00e7o"}, {"id": "6148", "ano": "2023", "numero": "8", "tipo__sigla": "JUST", "tipo__descricao": "Justificativas", "assunto": "Solicita desconsiderar a batida de ponto das 16:10"}, {"id": "6165", "ano": "2023", "numero": "8", "tipo__sigla": "DDCI", "tipo__descricao": "Documentos Diversos da Controladoria Interna", "assunto": "Movimenta\u00e7\u00e3o Banc\u00e1ria Mensal - Resumida (Fevereiro/2023)"}, {"id": "6230", "ano": "2023", "numero": "8", "tipo__sigla": "AT", "tipo__descricao": "ATESTADO", "assunto": "Atesta que Alessandra Dixini Ara\u00fajo esteve acompanhando Maria Aparecida Dixini em tratamento m\u00e9dico cirurgico (28/03/2023)"}, {"id": "6295", "ano": "2023", "numero": "8", "tipo__sigla": "ARO", "tipo__descricao": "ATAS DAS REUNI\u00d5ES ORDIN\u00c1RIAS", "assunto": "Ata da 8\u00ba Reuni\u00e3o Ordin\u00e1ria do dia 03 de abril"}, {"id": "6371", "ano": "2023", "numero": "8", "tipo__sigla": "ODC", "tipo__descricao": "Of\u00edcio/documento Cont\u00e1bil", "assunto": "Solicita autoriza\u00e7\u00e3o para o pagamento da Nota Fiscal 155/2023 referente a cess\u00e3o de direito de uso de software"}, {"id": "6436", "ano": "2023", "numero": "8", "tipo__sigla": "REDF", "tipo__descricao": "Reda\u00e7\u00e3o Final", "assunto": "Reda\u00e7\u00e3o final do projeto de lei n\u00ba 001 de 23 de fevereiro de 2023"}, {"id": "6562", "ano": "2023", "numero": "8", "tipo__sigla": "DEC", "tipo__descricao": "Declara\u00e7\u00e3o", "assunto": "Declara\u00e7\u00e3o de bens e valores Isabela Louren\u00e7\u00e3o Messias (Exerc\u00edcio 2023)"}, {"id": "6722", "ano": "2023", "numero": "8", "tipo__sigla": "OFP", "tipo__descricao": "Of\u00edcio da Procuradoria", "assunto": "Of\u00edcio n\u00ba 08 - Resposta ao setor cont\u00e1bil sobre a viabilidade do repasse dos valores oriundos do desconto em folha da aquisi\u00e7\u00e3o de ingresso da Expo Santana."}, {"id": "6861", "ano": "2023", "numero": "8", "tipo__sigla": "AREO", "tipo__descricao": "ATAS DAS REUNI\u00d5ES EXTRAORDIN\u00c1RIAS", "assunto": "Ata da 8\u00aa reuni\u00e3o extraordin\u00e1ria da 3\u00aa sess\u00e3o legislativa da 15\u00aa legislatura da C\u00e2mara Municipal de Santana da Vargem"}, {"id": "6960", "ano": "2023", "numero": "8", "tipo__sigla": "CO", "tipo__descricao": "Convite", "assunto": "Convida para torneio de voleibol masculino 03/09/2023"}, {"id": "7010", "ano": "2023", "numero": "8", "tipo__sigla": "RCI", "tipo__descricao": "Relat\u00f3rios da Controladoria Interna", "assunto": "Relat\u00f3rio de Controle Interno da Presta\u00e7\u00e3o de Contas Agosto de 2023"}, {"id": "7172", "ano": "2023", "numero": "8", "tipo__sigla": "DD", "tipo__descricao": "Documentos da Diretoria", "assunto": "Resposta ao of\u00edcio 32/2023 da controladoria interna"}, {"id": "5856", "ano": "2023", "numero": "9", "tipo__sigla": "DI", "tipo__descricao": "Di\u00e1rias e documentos relativos", "assunto": "Solicita\u00e7\u00e3o de di\u00e1ria ao motorista legislativo para viagem ao munic\u00edpio de Varginha\r\nRevis\u00e3o do autom\u00f3vel - 23/01/2023"}, {"id": "5875", "ano": "2023", "numero": "9", "tipo__sigla": "OFEXP", "tipo__descricao": "Of\u00edcio Expedido", "assunto": "Encaminha as indica\u00e7\u00f5es 004 e 005 feitas pelo vereador Luiz Felipe Mendon\u00e7a Rodrigues"}, {"id": "5878", "ano": "2023", "numero": "9", "tipo__sigla": "PARE", "tipo__descricao": "PARECER", "assunto": "Parecer Jur\u00eddico - Projeto de Lei Ordin\u00e1ria do Legislativo n\u00ba 09 - 2022 - Visa dispor sobre vagas de estacionamento de ve\u00edculos destinadas exclusivamente \u00e0s pessoas portadoras de necessidades especiais."}, {"id": "5898", "ano": "2023", "numero": "9", "tipo__sigla": "OVC", "tipo__descricao": "Of\u00edcio de Vereador/Comiss\u00e3o", "assunto": "Solicita informa\u00e7\u00f5es a respeito das medidas realizadas sobre abertura de processo administrativo"}, {"id": "5902", "ano": "2023", "numero": "9", "tipo__sigla": "OR", "tipo__descricao": "OF\u00cdCIOS RECEBIDOS", "assunto": "Presta informa\u00e7\u00f5es acerca do teor do of\u00edcio 007/2023"}, {"id": "5926", "ano": "2023", "numero": "9", "tipo__sigla": "REV", "tipo__descricao": "Relat\u00f3rios de rodagem do ve\u00edculo e outros", "assunto": "Levar funcion\u00e1ria na padaria para buscar p\u00e3o (Santana da Vargem 03/02/2023)"}, {"id": "5960", "ano": "2023", "numero": "9", "tipo__sigla": "MEM", "tipo__descricao": "Memorando", "assunto": "Solicita autoriza\u00e7\u00e3o para participar do curso \"Orienta\u00e7\u00f5es para a Implementa\u00e7\u00e3o da Nova Lei de Licita\u00e7\u00f5es e Contratos Administrativos\""}, {"id": "6081", "ano": "2023", "numero": "9", "tipo__sigla": "CERT", "tipo__descricao": "CERTIFICADO", "assunto": "Certifica que Carlos C\u00e9zar Ribeiro participou do 475\u00ba Curso de Capacita\u00e7\u00e3o com o tema: \"Orienta\u00e7\u00f5es para a implementa\u00e7\u00e3o da nova lei de licita\u00e7\u00f5es e contratos administrativos\" realizado no per\u00edodo de 28 de fevereiro a 03 de mar\u00e7o"}, {"id": "6089", "ano": "2023", "numero": "9", "tipo__sigla": "OCI", "tipo__descricao": "Of\u00edcios da Controladoria Interna", "assunto": "Instru\u00e7\u00e3o Normativa 01/2023"}, {"id": "6166", "ano": "2023", "numero": "9", "tipo__sigla": "DDCI", "tipo__descricao": "Documentos Diversos da Controladoria Interna", "assunto": "Movimenta\u00e7\u00e3o Banc\u00e1ria Mensal - Acumulada (Fevereiro/2023)"}, {"id": "6167", "ano": "2023", "numero": "9", "tipo__sigla": "JUST", "tipo__descricao": "Justificativas", "assunto": "Autoriza\u00e7\u00e3o para jornada divergente Alanis Carolina Oliveira Moreira (21/03/2023)"}, {"id": "6241", "ano": "2023", "numero": "9", "tipo__sigla": "AT", "tipo__descricao": "ATESTADO", "assunto": "Declara que Silmara Girlaine Hon\u00f3rio esteve ausente do trabalho por motivo de doen\u00e7a de sua filha 27/03/2023"}, {"id": "6355", "ano": "2023", "numero": "9", "tipo__sigla": "ARO", "tipo__descricao": "ATAS DAS REUNI\u00d5ES ORDIN\u00c1RIAS", "assunto": "Ata da 9\u00aa Reuni\u00e3o Ordin\u00e1ria"}, {"id": "6393", "ano": "2023", "numero": "9", "tipo__sigla": "ODC", "tipo__descricao": "Of\u00edcio/documento Cont\u00e1bil", "assunto": "Informa sobre um erro no pagamento correspondente \u00e0s di\u00e1rias pagas para a viagem para Belo Horizonte 29/03 a 31/03"}, {"id": "6498", "ano": "2023", "numero": "9", "tipo__sigla": "REDF", "tipo__descricao": "Reda\u00e7\u00e3o Final", "assunto": "Reda\u00e7\u00e3o final do projeto de lei n\u00ba 19, de 17 de abril de 2023"}, {"id": "6563", "ano": "2023", "numero": "9", "tipo__sigla": "DEC", "tipo__descricao": "Declara\u00e7\u00e3o", "assunto": "Declara\u00e7\u00e3o de bens e valores Luiz Felipe Mendon\u00e7a Rodrigues"}, {"id": "6742", "ano": "2023", "numero": "9", "tipo__sigla": "OFP", "tipo__descricao": "Of\u00edcio da Procuradoria", "assunto": "Solicita o deferimento das f\u00e9rias-pr\u00eamio"}, {"id": "6961", "ano": "2023", "numero": "9", "tipo__sigla": "CO", "tipo__descricao": "Convite", "assunto": "Convida para I Caf\u00e9 Social com Lideran\u00e7as 31/08/2023"}, {"id": "7169", "ano": "2023", "numero": "9", "tipo__sigla": "AREO", "tipo__descricao": "ATAS DAS REUNI\u00d5ES EXTRAORDIN\u00c1RIAS", "assunto": "Ata da 9\u00aa reuni\u00e3o extraordin\u00e1ria da 3\u00aa Sess\u00e3o Legislativa da 15\u00aa Legislatura"}, {"id": "7173", "ano": "2023", "numero": "9", "tipo__sigla": "DD", "tipo__descricao": "Documentos da Diretoria", "assunto": "Solicita\u00e7\u00e3o de emiss\u00e3o de relat\u00f3rios de passivo de f\u00e9rias- Contadora Legislativa"}, {"id": "7266", "ano": "2023", "numero": "9", "tipo__sigla": "RCI", "tipo__descricao": "Relat\u00f3rios da Controladoria Interna", "assunto": "Relat\u00f3rio Mensal da Controladoria Interna - Referente a outubro/2023"}, {"id": "5864", "ano": "2023", "numero": "10", "tipo__sigla": "DI", "tipo__descricao": "Di\u00e1rias e documentos relativos", "assunto": "C\u00e1lculo de quantidade e valores a pagar de di\u00e1rias Emerson Silva Ara\u00fajo  (Varginha 23/01/2023)"}, {"id": "5876", "ano": "2023", "numero": "10", "tipo__sigla": "OFEXP", "tipo__descricao": "Of\u00edcio Expedido", "assunto": "Encaminha a indica\u00e7\u00e3o 001 feita pelo vereador Jackson Luiz Ven\u00e2ncio de Souza"}, {"id": "5879", "ano": "2023", "numero": "10", "tipo__sigla": "PARE", "tipo__descricao": "PARECER", "assunto": "Parecer Jur\u00eddico - Projeto de Lei Ordin\u00e1ria do Legislativo n\u00ba 10 - 2022 - Visa dispor sobre a cria\u00e7\u00e3o do cart\u00e3o de gratuidade de estacionamento para idosos."}, {"id": "5906", "ano": "2023", "numero": "10", "tipo__sigla": "OVC", "tipo__descricao": "Of\u00edcio de Vereador/Comiss\u00e3o", "assunto": "Convoca Comiss\u00e3o de Obras, Servi\u00e7os P\u00fablicos, Agroind\u00fastria, Com\u00e9rcio e Turismo dia 06/02/2023 as 18:00h"}, {"id": "5927", "ano": "2023", "numero": "10", "tipo__sigla": "REV", "tipo__descricao": "Relat\u00f3rios de rodagem do ve\u00edculo e outros", "assunto": "Levar funcion\u00e1ria Diretora Kainne no Erick Arte para arrumar quadro novo dos vereadores \r\nOBS: Arrumar port\u00e3o eletr\u00f4nico e trocar freios traseiros"}, {"id": "5931", "ano": "2023", "numero": "10", "tipo__sigla": "OR", "tipo__descricao": "OF\u00cdCIOS RECEBIDOS", "assunto": "Solicita o audit\u00f3rio da C\u00e2mara para reuni\u00e3o dia 10 de fevereiro"}, {"id": "5964", "ano": "2023", "numero": "10", "tipo__sigla": "MEM", "tipo__descricao": "Memorando", "assunto": "Solicita inscri\u00e7\u00e3o no curso: Orienta\u00e7\u00f5es para a implementa\u00e7\u00e3o da Nova Lei de Licita\u00e7\u00f5es e Contratos Administrativos"}, {"id": "6082", "ano": "2023", "numero": "10", "tipo__sigla": "CERT", "tipo__descricao": "CERTIFICADO", "assunto": "Certifica que Kainne Delfino Joanas participou do 475\u00ba Curso de Capacita\u00e7\u00e3o com o tema: \"Orienta\u00e7\u00f5es para a implementa\u00e7\u00e3o da nova lei de licita\u00e7\u00f5es e contratos administrativos\" realizado no per\u00edodo de 28 de fevereiro a 03 de mar\u00e7o"}, {"id": "6100", "ano": "2023", "numero": "10", "tipo__sigla": "OCI", "tipo__descricao": "Of\u00edcios da Controladoria Interna", "assunto": "Extrato de conta corrente e de aplica\u00e7\u00e3o financeira (fevereiro/2023)"}, {"id": "6189", "ano": "2023", "numero": "10", "tipo__sigla": "JUST", "tipo__descricao": "Justificativas", "assunto": "Autoriza\u00e7\u00e3o para jornada divergente Cleber de Brito 24/03/2023"}, {"id": "6298", "ano": "2023", "numero": "10", "tipo__sigla": "DDCI", "tipo__descricao": "Documentos Diversos da Controladoria Interna", "assunto": "Movimenta\u00e7\u00e3o Banc\u00e1ria Mensal - Detalhada (Mar\u00e7o/2023)"}, {"id": "6318", "ano": "2023", "numero": "10", "tipo__sigla": "AT", "tipo__descricao": "ATESTADO", "assunto": "Atesta que Alessandra Dixini Araujo esteve impossibilitada de exercer suas atividades profissionais por um dia 12/04/2023"}, {"id": "6388", "ano": "2023", "numero": "10", "tipo__sigla": "ARO", "tipo__descricao": "ATAS DAS REUNI\u00d5ES ORDIN\u00c1RIAS", "assunto": "Ata da 10\u00aa reuni\u00e3o ordin\u00e1ria da 3\u00aa sess\u00e3o legislativa da 15\u00aa legislatura"}, {"id": "6521", "ano": "2023", "numero": "10", "tipo__sigla": "ODC", "tipo__descricao": "Of\u00edcio/documento Cont\u00e1bil", "assunto": "Solicita migra\u00e7\u00e3o de dados para o novo sistema informatizado da C\u00e2mara"}, {"id": "6537", "ano": "2023", "numero": "10", "tipo__sigla": "REDF", "tipo__descricao": "Reda\u00e7\u00e3o Final", "assunto": "Reda\u00e7\u00e3o do projeto de lei n\u00ba 026 de 05 de maio de 2023"}, {"id": "6566", "ano": "2023", "numero": "10", "tipo__sigla": "DEC", "tipo__descricao": "Declara\u00e7\u00e3o", "assunto": "Declara\u00e7\u00e3o de bens e valores Larissa e declara\u00e7\u00e3o de isen\u00e7\u00e3o de imposto de renda pessoa f\u00edsica (IRPF)"}, {"id": "6743", "ano": "2023", "numero": "10", "tipo__sigla": "OFP", "tipo__descricao": "Of\u00edcio da Procuradoria", "assunto": "Of\u00edcio - An\u00e1lise do pedido de di\u00e1ria de Vereador"}, {"id": "6962", "ano": "2023", "numero": "10", "tipo__sigla": "CO", "tipo__descricao": "Convite", "assunto": "Convida para o evento em comemora\u00e7\u00e3o \u00e0 independ\u00eancia do Brasil no dia 07 de setembro"}, {"id": "7177", "ano": "2023", "numero": "10", "tipo__sigla": "DD", "tipo__descricao": "Documentos da Diretoria", "assunto": "Solicita programa\u00e7\u00e3o de f\u00e9rias e licencia pr\u00eamio dos servidores da C\u00e2mara para o exerc\u00edcio 2024"}, {"id": "7216", "ano": "2023", "numero": "10", "tipo__sigla": "AREO", "tipo__descricao": "ATAS DAS REUNI\u00d5ES EXTRAORDIN\u00c1RIAS", "assunto": "Ata da 10\u00aa reuni\u00e3o extraordin\u00e1ria da 3\u00aa sess\u00e3o legislativa da 15\u00aa legislatura"}, {"id": "7440", "ano": "2023", "numero": "10", "tipo__sigla": "RCI", "tipo__descricao": "Relat\u00f3rios da Controladoria Interna", "assunto": "Relat\u00f3rio da Controladoria Interna 3 - Per\u00edodo 01.11.2023 a 30.11.2023"}, {"id": "5865", "ano": "2023", "numero": "11", "tipo__sigla": "DI", "tipo__descricao": "Di\u00e1rias e documentos relativos", "assunto": "C\u00e1lculo de quantidade e de valores a pagar de di\u00e1rias Carlos C\u00e9zar Ribeiro (Belo Horizonte 24/01/2023 a 27/01/2023)"}, {"id": "5877", "ano": "2023", "numero": "11", "tipo__sigla": "OFEXP", "tipo__descricao": "Of\u00edcio Expedido", "assunto": "Encaminha indica\u00e7\u00e3o 003 do vereador Ezequiel da Silva"}, {"id": "5880", "ano": "2023", "numero": "11", "tipo__sigla": "PARE", "tipo__descricao": "PARECER", "assunto": "Parecer Jur\u00eddico - Projeto de Lei Ordin\u00e1rio do Legislativo n\u00ba 16 - 2022 - Visa obrigar a realiza\u00e7\u00e3o da Triagem Auditiva Neonatal (teste da orelhinha) em rec\u00e9m-nascidos."}, {"id": "5928", "ano": "2023", "numero": "11", "tipo__sigla": "REV", "tipo__descricao": "Relat\u00f3rios de rodagem do ve\u00edculo e outros", "assunto": "Levar Funcion\u00e1rias para buscar p\u00e3o na padaria \r\nOBS: solicitar que compre uma placa indicativa com a mensagem (GARAGEM)"}, {"id": "5943", "ano": "2023", "numero": "11", "tipo__sigla": "OVC", "tipo__descricao": "Of\u00edcio de Vereador/Comiss\u00e3o", "assunto": "Solicita interm\u00e9dio junto ao governo do Estado, buscando informa\u00e7\u00f5es sobre a rodovia MG167"}, {"id": "5977", "ano": "2023", "numero": "11", "tipo__sigla": "OR", "tipo__descricao": "OF\u00cdCIOS RECEBIDOS", "assunto": "Solicita que seja retirado do site da C\u00e2mara Municipal de Santana da Vargem SAPL a mensagem de veto n\u00ba 01 referente ao projeto de lei complementar 24 /2022"}, {"id": "6006", "ano": "2023", "numero": "11", "tipo__sigla": "MEM", "tipo__descricao": "Memorando", "assunto": "Solicita valor para custear despesas com  estacionamento e abastecimento"}, {"id": "6140", "ano": "2023", "numero": "11", "tipo__sigla": "OCI", "tipo__descricao": "Of\u00edcios da Controladoria Interna", "assunto": "Solicita\u00e7\u00e3o de abertura de processo para inscri\u00e7\u00e3o em curso de capacita\u00e7\u00e3o"}, {"id": "6191", "ano": "2023", "numero": "11", "tipo__sigla": "JUST", "tipo__descricao": "Justificativas", "assunto": "Autoriza\u00e7\u00e3o para jornada divergente Ruiter (24/03/2023)"}, {"id": "6248", "ano": "2023", "numero": "11", "tipo__sigla": "CERT", "tipo__descricao": "CERTIFICADO", "assunto": "Certifica que Isabela Louren\u00e7\u00e3o Messias participou do curso \"Obriga\u00e7\u00f5es E-Social, EFD, REINF e DCTF WEB que se realizou nos dias 29 a 31 de Mar\u00e7o de 2023"}, {"id": "6299", "ano": "2023", "numero": "11", "tipo__sigla": "DDCI", "tipo__descricao": "Documentos Diversos da Controladoria Interna", "assunto": "Movimenta\u00e7\u00e3o Banc\u00e1ria Mensal - Resumida (Mar\u00e7o/2023)"}, {"id": "6369", "ano": "2023", "numero": "11", "tipo__sigla": "AT", "tipo__descricao": "ATESTADO", "assunto": "Atesta que Kainne Delfino Joanas esteve impossibilitada de exercer suas fun\u00e7\u00f5es habituais por um dia a partir do dia 05/04/2023"}, {"id": "6495", "ano": "2023", "numero": "11", "tipo__sigla": "ARO", "tipo__descricao": "ATAS DAS REUNI\u00d5ES ORDIN\u00c1RIAS", "assunto": "Ata da 11\u00aa reuni\u00e3o ordin\u00e1ria da 3\u00aa sess\u00e3o legislativa da 15\u00aa legislatura da C\u00e2mara Municipal de Santana da Vargem"}, {"id": "6536", "ano": "2023", "numero": "11", "tipo__sigla": "ODC", "tipo__descricao": "Of\u00edcio/documento Cont\u00e1bil", "assunto": "Solicita a autoriza\u00e7\u00e3o do pagamento da Nota Fiscal 2110/2023 referente a cess\u00e3o de direito de uso de software"}, {"id": "6600", "ano": "2023", "numero": "11", "tipo__sigla": "DEC", "tipo__descricao": "Declara\u00e7\u00e3o", "assunto": "Declara\u00e7\u00e3o de bens e valores Jackson Luiz Ven\u00e2ncio de Souza"}, {"id": "6713", "ano": "2023", "numero": "11", "tipo__sigla": "REDF", "tipo__descricao": "Reda\u00e7\u00e3o Final", "assunto": "Reda\u00e7\u00e3o final ao projeto de lei n\u00ba 27 de 09 de maio  2023"}, {"id": "6813", "ano": "2023", "numero": "11", "tipo__sigla": "OFP", "tipo__descricao": "Of\u00edcio da Procuradoria", "assunto": "Solicita\u00e7\u00e3o de Curso de aperfei\u00e7oamento"}, {"id": "7149", "ano": "2023", "numero": "11", "tipo__sigla": "CO", "tipo__descricao": "Convite", "assunto": "Convida para audi\u00eancia p\u00fablica, libera\u00e7\u00e3o de mais de 6 milh\u00f5es de reais para os munic\u00edpios investirem na sa\u00fade o cadastramento de projetos no programa de acelera\u00e7\u00e3o do crescimento 20/10/2023"}, {"id": "7350", "ano": "2023", "numero": "11", "tipo__sigla": "DD", "tipo__descricao": "Documentos da Diretoria", "assunto": "Solicita emiss\u00e3o de relat\u00f3rio de passivo de f\u00e9rias"}, {"id": "7387", "ano": "2023", "numero": "11", "tipo__sigla": "AREO", "tipo__descricao": "ATAS DAS REUNI\u00d5ES EXTRAORDIN\u00c1RIAS", "assunto": "Ata da 11\u00aa reuni\u00e3o extraordin\u00e1ria da 3\u00aa sess\u00e3o legislativa da 15\u00aa legislatura da C\u00e2mara Municipal de Santana da Vargem"}, {"id": "5866", "ano": "2023", "numero": "12", "tipo__sigla": "DI", "tipo__descricao": "Di\u00e1rias e documentos relativos", "assunto": "C\u00e1lculo de quantidade e de valores a pagar de di\u00e1rias Maria Aparecida de Ara\u00fajo Reis  (Belo Horizonte 24/01/2023 a 27/01/2023)"}, {"id": "5881", "ano": "2023", "numero": "12", "tipo__sigla": "PARE", "tipo__descricao": "PARECER", "assunto": "Parecer Jur\u00eddico - Projeto de Lei Ordin\u00e1rio do Legislativo n\u00ba 17 - Obrigar a realiza\u00e7\u00e3o do Teste do Reflexo Vermelho (teste do olhinho) em rec\u00e9m nascidos no munic\u00edpio."}, {"id": "5896", "ano": "2023", "numero": "12", "tipo__sigla": "OFEXP", "tipo__descricao": "Of\u00edcio Expedido", "assunto": "Informa que foi devolvido o valor de R$87,45 referente ao restante de devolu\u00e7\u00e3o de 2022"}, {"id": "5937", "ano": "2023", "numero": "12", "tipo__sigla": "REV", "tipo__descricao": "Relat\u00f3rios de rodagem do ve\u00edculo e outros", "assunto": "Levar funcion\u00e1ria na padaria para buscar p\u00e3o (Santana da Vargem- 06/02/2023)"}, {"id": "5944", "ano": "2023", "numero": "12", "tipo__sigla": "OVC", "tipo__descricao": "Of\u00edcio de Vereador/Comiss\u00e3o", "assunto": "Solicita interm\u00e9dio junto ao governo do Estado, buscando informa\u00e7\u00f5es sobre a rodovia MG167"}, {"id": "5985", "ano": "2023", "numero": "12", "tipo__sigla": "OR", "tipo__descricao": "OF\u00cdCIOS RECEBIDOS", "assunto": "Encaminha a declara\u00e7\u00e3o de adequa\u00e7\u00e3o or\u00e7ament\u00e1ria referente ao projeto de lei 012 de 2022"}, {"id": "6024", "ano": "2023", "numero": "12", "tipo__sigla": "MEM", "tipo__descricao": "Memorando", "assunto": "Solicita adiamento de f\u00e9rias"}, {"id": "6171", "ano": "2023", "numero": "12", "tipo__sigla": "OCI", "tipo__descricao": "Of\u00edcios da Controladoria Interna", "assunto": "Documentos protocolados no Sistema de Apoio ao Processo Legislativo (SAPL)"}, {"id": "6217", "ano": "2023", "numero": "12", "tipo__sigla": "JUST", "tipo__descricao": "Justificativas", "assunto": "Autoriza\u00e7\u00e3o para jornada divergente Alanis Carolina de Oliveira Moreira 27/03/2023"}, {"id": "6249", "ano": "2023", "numero": "12", "tipo__sigla": "CERT", "tipo__descricao": "CERTIFICADO", "assunto": "Certifica que Alessandra Dixini Ara\u00fajo participou do curso \"Obriga\u00e7\u00f5es E-Social, EFD, REINF e DCTF WEB que se realizou nos dias 29 a 31 de Mar\u00e7o de 2023"}, {"id": "6300", "ano": "2023", "numero": "12", "tipo__sigla": "DDCI", "tipo__descricao": "Documentos Diversos da Controladoria Interna", "assunto": "Movimenta\u00e7\u00e3o Banc\u00e1ria Mensal - Acumulada (Mar\u00e7o/2023)"}, {"id": "6409", "ano": "2023", "numero": "12", "tipo__sigla": "AT", "tipo__descricao": "ATESTADO", "assunto": "Atesta que Kainne Delfino Joanas esteve impossibilitada de exercer suas fun\u00e7\u00f5es habituais por 1 dia a partir do dia 27/04/2023"}, {"id": "6530", "ano": "2023", "numero": "12", "tipo__sigla": "ARO", "tipo__descricao": "ATAS DAS REUNI\u00d5ES ORDIN\u00c1RIAS", "assunto": "Ata da 12\u00aa reuni\u00e3o ordin\u00e1ria da 3\u00aa sess\u00e3o legislativa da C\u00e2mara Municipal de Santana da Vargem"}, {"id": "6540", "ano": "2023", "numero": "12", "tipo__sigla": "ODC", "tipo__descricao": "Of\u00edcio/documento Cont\u00e1bil", "assunto": "Solicita  a autoriza\u00e7\u00e3o para o pagamento da nota fiscal 2110/2023 referente a cess\u00e3o de direito de uso de software"}, {"id": "6601", "ano": "2023", "numero": "12", "tipo__sigla": "DEC", "tipo__descricao": "Declara\u00e7\u00e3o", "assunto": "Declara\u00e7\u00e3o de bens e valores Kainne Delfino Joanas"}, {"id": "6766", "ano": "2023", "numero": "12", "tipo__sigla": "REDF", "tipo__descricao": "Reda\u00e7\u00e3o Final", "assunto": "Reda\u00e7\u00e3o final ao projeto de lei n\u00ba 008 de 13 de mar\u00e7o de 2023"}, {"id": "6851", "ano": "2023", "numero": "12", "tipo__sigla": "OFP", "tipo__descricao": "Of\u00edcio da Procuradoria", "assunto": "Of\u00edcio - Solicita\u00e7\u00e3o de di\u00e1ria para o Curso Poder Legislador das C\u00e2maras Municipais e a nova dispensa de licita\u00e7\u00e3o da lei n\u00ba 14.133/21."}, {"id": "7158", "ano": "2023", "numero": "12", "tipo__sigla": "CO", "tipo__descricao": "Convite", "assunto": "Formatura Escola Doralice Mendon\u00e7a Reis 12/12/2023, 13/12/2023 e 14/12/2023"}, {"id": "7352", "ano": "2023", "numero": "12", "tipo__sigla": "DD", "tipo__descricao": "Documentos da Diretoria", "assunto": "RELAT\u00d3RIO DA DIRETORIA DAS ATIVIDADES DA C\u00c2MARA MUNICIPAL DE SANTANA DA VARGEM DESEMPENHADAS NO M\u00caS DE OUTUBRO DE 2023 - LARISSA OLIVEIRA NAVES (CONT\u00c9M 10 P\u00c1GINAS)"}, {"id": "7499", "ano": "2023", "numero": "12", "tipo__sigla": "AREO", "tipo__descricao": "ATAS DAS REUNI\u00d5ES EXTRAORDIN\u00c1RIAS", "assunto": "Ata da 12\u00aa reuni\u00e3o ordin\u00e1ria da 3\u00aa sess\u00e3o legislativa da 15\u00aa legislatura da C\u00e2mara Municipal"}, {"id": "5867", "ano": "2023", "numero": "13", "tipo__sigla": "DI", "tipo__descricao": "Di\u00e1rias e documentos relativos", "assunto": "C\u00e1lculo de quantidade e de valores a pagar de di\u00e1rias Vitor Donizetti Siqueira Junior  (Belo Horizonte 24/01/2023 a 27/01/2023)"}, {"id": "5882", "ano": "2023", "numero": "13", "tipo__sigla": "PARE", "tipo__descricao": "PARECER", "assunto": "Parecer Jur\u00eddico - Projeto de Lei Ordin\u00e1rio do Legislativo n\u00ba 18 - Disp\u00f5e sobre a concess\u00e3o para o Servidor P\u00fablico Municipal de um dia  de dispensa para cada ano trabalhado para a realiza\u00e7\u00e3o de exames preventivos do c\u00e2ncer ginecol\u00f3gico, mamografia ou outro exame das mamas e pr\u00f3stata."}, {"id": "5918", "ano": "2023", "numero": "13", "tipo__sigla": "OFEXP", "tipo__descricao": "Of\u00edcio Expedido", "assunto": "Responde of\u00edcio  029/2023 da prefeitura"}, {"id": "5945", "ano": "2023", "numero": "13", "tipo__sigla": "REV", "tipo__descricao": "Relat\u00f3rios de rodagem do ve\u00edculo e outros", "assunto": "Levar funcionaria na padaria, no roney e Erick Art (Santana da Vargem- 06/02/2023)"}, {"id": "5955", "ano": "2023", "numero": "13", "tipo__sigla": "OVC", "tipo__descricao": "Of\u00edcio de Vereador/Comiss\u00e3o", "assunto": "Resposta ao of\u00edcio 02/2023 da vereadora Maria Aparecida de Ara\u00fajo Reis"}, {"id": "5991", "ano": "2023", "numero": "13", "tipo__sigla": "OR", "tipo__descricao": "OF\u00cdCIOS RECEBIDOS", "assunto": "Solicita retirada de tramita\u00e7\u00e3o do projeto de lei complementar 003/2023"}, {"id": "6039", "ano": "2023", "numero": "13", "tipo__sigla": "MEM", "tipo__descricao": "Memorando", "assunto": "Requer a convers\u00e3o de licen\u00e7a pr\u00eamio em abono pecuni\u00e1rio"}, {"id": "6254", "ano": "2023", "numero": "13", "tipo__sigla": "JUST", "tipo__descricao": "Justificativas", "assunto": "Solicita autoriza\u00e7\u00e3o para jornada divergente 03/04/2023"}, {"id": "6261", "ano": "2023", "numero": "13", "tipo__sigla": "OCI", "tipo__descricao": "Of\u00edcios da Controladoria Interna", "assunto": "Solicita cancelamento do gozo de f\u00e9rias previstas para 10/04/2023 a 19/04/2023"}, {"id": "6322", "ano": "2023", "numero": "13", "tipo__sigla": "CERT", "tipo__descricao": "CERTIFICADO", "assunto": "Certificado de participa\u00e7\u00e3o do 487\u00ba Curso de Capacita\u00e7\u00e3o com o tema: \u201cAN\u00c1LISE\r\nDA TERCEIRIZA\u00c7\u00c3O DE PESSOAL NA ADMINISTRA\u00c7\u00c3O P\u00daBLICA COM O ADVENTO DA LEI 13.429 DE 2017 E O\r\nDESVIRTUAMENTO DA CONTRATA\u00c7\u00c3O TEMPOR\u00c1RIA DE EXEPCIONAL INTERESSE P\u00daBLICO.\u201d realizado nos\r\ndias 11 e 14 de abril de 2023, no Audit\u00f3rio do Hotel Normandy, na cidade de Belo Horizonte \u2013 MG."}, {"id": "6432", "ano": "2023", "numero": "13", "tipo__sigla": "AT", "tipo__descricao": "ATESTADO", "assunto": "Atesta que Isabela Louren\u00e7\u00e3o Messias esteve impossibilitada de exercer suas atividades por um dia a partir do dia 02/05/2023"}, {"id": "6469", "ano": "2023", "numero": "13", "tipo__sigla": "DDCI", "tipo__descricao": "Documentos Diversos da Controladoria Interna", "assunto": "Movimenta\u00e7\u00e3o Banc\u00e1ria Mensal - Detalhada (Abril/2023)"}, {"id": "6553", "ano": "2023", "numero": "13", "tipo__sigla": "ARO", "tipo__descricao": "ATAS DAS REUNI\u00d5ES ORDIN\u00c1RIAS", "assunto": "Ata da 13\u00aa reuni\u00e3o ordin\u00e1ria da 3\u00aa sess\u00e3o legislativa da 15\u00aa legislatura da C\u00e2mara Municipal de Santana da Vargem"}, {"id": "6602", "ano": "2023", "numero": "13", "tipo__sigla": "DEC", "tipo__descricao": "Declara\u00e7\u00e3o", "assunto": "Declara\u00e7\u00e3o de bens e valores Ezequiel da Silva"}, {"id": "6648", "ano": "2023", "numero": "13", "tipo__sigla": "ODC", "tipo__descricao": "Of\u00edcio/documento Cont\u00e1bil", "assunto": "Solicita autoriza\u00e7\u00e3o para o pagamento de nota fiscal referente a cess\u00e3o de direito de uso de software do m\u00eas de maio"}, {"id": "6767", "ano": "2023", "numero": "13", "tipo__sigla": "REDF", "tipo__descricao": "Reda\u00e7\u00e3o Final", "assunto": "Reda\u00e7\u00e3o final do projeto de lei ordin\u00e1ria n\u00ba 11 de 16 de mar\u00e7o de 2023"}, {"id": "6874", "ano": "2023", "numero": "13", "tipo__sigla": "OFP", "tipo__descricao": "Of\u00edcio da Procuradoria", "assunto": "Of\u00edcio Procuradoria - Resposta sobre an\u00e1lise de di\u00e1ria"}, {"id": "7354", "ano": "2023", "numero": "13", "tipo__sigla": "DD", "tipo__descricao": "Documentos da Diretoria", "assunto": "Resposta ao of\u00edcio 35/2023 da controladoria interna"}, {"id": "5868", "ano": "2023", "numero": "14", "tipo__sigla": "DI", "tipo__descricao": "Di\u00e1rias e documentos relativos", "assunto": "C\u00e1lculo de quantidade e de valores a pagar de di\u00e1rias Emerson Silva Ara\u00fajo (Belo Horizonte 24/01/2023 a 27/01/2023)"}, {"id": "5883", "ano": "2023", "numero": "14", "tipo__sigla": "PARE", "tipo__descricao": "PARECER", "assunto": "Parecer Jur\u00eddico - Projeto de Lei Ordin\u00e1ria do Legislativo n\u00ba 15 - 2022 - Visa  dispor sobre o Programa Wi-Fi Comunit\u00e1rio, nas pra\u00e7as p\u00fablicas do munic\u00edpio de Santana da Vargem \u2013 MG."}, {"id": "5919", "ano": "2023", "numero": "14", "tipo__sigla": "OFEXP", "tipo__descricao": "Of\u00edcio Expedido", "assunto": "Informa os representantes da C\u00e2mara Municipal para constituir o Conselho Municipal de Habita\u00e7\u00e3o"}, {"id": "5968", "ano": "2023", "numero": "14", "tipo__sigla": "REV", "tipo__descricao": "Relat\u00f3rios de rodagem do ve\u00edculo e outros", "assunto": "Levar funcion\u00e1ria para buscar p\u00e3o na padaria (Santana da Vargem 08/02/202)"}, {"id": "5972", "ano": "2023", "numero": "14", "tipo__sigla": "OVC", "tipo__descricao": "Of\u00edcio de Vereador/Comiss\u00e3o", "assunto": "Solicita abertura de processo administrativo para: XXIV Marcha a Bras\u00edlia em defesa dos munic\u00edpios"}, {"id": "6015", "ano": "2023", "numero": "14", "tipo__sigla": "OR", "tipo__descricao": "OF\u00cdCIOS RECEBIDOS", "assunto": "Responde a indica\u00e7\u00e3o 001 do vereador Jackson Luiz Ven\u00e2ncio de Souza"}, {"id": "6047", "ano": "2023", "numero": "14", "tipo__sigla": "MEM", "tipo__descricao": "Memorando", "assunto": "Solicita o valor de R$160,00 para custear despesas com abastecimento e estacionamento"}, {"id": "6258", "ano": "2023", "numero": "14", "tipo__sigla": "JUST", "tipo__descricao": "Justificativas", "assunto": "Autoriza\u00e7\u00e3o para jornada divergente Ruiter Silva de Oliveira 03/04/2023"}, {"id": "6292", "ano": "2023", "numero": "14", "tipo__sigla": "OCI", "tipo__descricao": "Of\u00edcios da Controladoria Interna", "assunto": "Extrato de conta corrente e de aplica\u00e7\u00e3o financeira (Mar\u00e7o/2023)"}, {"id": "6323", "ano": "2023", "numero": "14", "tipo__sigla": "CERT", "tipo__descricao": "CERTIFICADO", "assunto": "Certificado de participa\u00e7\u00e3o do 487\u00ba Curso de Capacita\u00e7\u00e3o com o tema: \u201cAN\u00c1LISE\r\nDA TERCEIRIZA\u00c7\u00c3O DE PESSOAL NA ADMINISTRA\u00c7\u00c3O P\u00daBLICA COM O ADVENTO DA LEI 13.429 DE 2017 E O\r\nDESVIRTUAMENTO DA CONTRATA\u00c7\u00c3O TEMPOR\u00c1RIA DE EXEPCIONAL INTERESSE P\u00daBLICO.\u201d realizado nos\r\ndias 11 e 14 de abril de 2023, no Audit\u00f3rio do Hotel Normandy, na cidade de Belo Horizonte \u2013 MG."}, {"id": "6468", "ano": "2023", "numero": "14", "tipo__sigla": "AT", "tipo__descricao": "ATESTADO", "assunto": "Declara que Kainne Delfino Joanas realizou exames m\u00e9dicos entre 10:00 e 11:30 no dia 04/05/2023"}, {"id": "6470", "ano": "2023", "numero": "14", "tipo__sigla": "DDCI", "tipo__descricao": "Documentos Diversos da Controladoria Interna", "assunto": "Movimenta\u00e7\u00e3o Banc\u00e1ria Mensal - Resumida (Abril/2023)"}, {"id": "6584", "ano": "2023", "numero": "14", "tipo__sigla": "ARO", "tipo__descricao": "ATAS DAS REUNI\u00d5ES ORDIN\u00c1RIAS", "assunto": "Ata da 14\u00aa reuni\u00e3o ordin\u00e1ria da 3\u00aa Sess\u00e3o Legislativa da 15\u00aa legislatura da C\u00e2mara Municipal de Santana da Vargem"}, {"id": "6603", "ano": "2023", "numero": "14", "tipo__sigla": "DEC", "tipo__descricao": "Declara\u00e7\u00e3o", "assunto": "Declara\u00e7\u00e3o de isen\u00e7\u00e3o de imposto de renda Alanis Carolina de Oliveira Moreira (Declara\u00e7\u00e3o de bens e valores)"}, {"id": "6649", "ano": "2023", "numero": "14", "tipo__sigla": "ODC", "tipo__descricao": "Of\u00edcio/documento Cont\u00e1bil", "assunto": "resposta ao of\u00edcio n\u00aa 019 /2023 controladoria interna"}, {"id": "6768", "ano": "2023", "numero": "14", "tipo__sigla": "REDF", "tipo__descricao": "Reda\u00e7\u00e3o Final", "assunto": "Reda\u00e7\u00e3o final do projeto de lei ordin\u00e1ria n\u00ba 18, de 14 de abril de 2023"}, {"id": "6957", "ano": "2023", "numero": "14", "tipo__sigla": "OFP", "tipo__descricao": "Of\u00edcio da Procuradoria", "assunto": "Solicitando o deferimento da licen\u00e7a pr\u00eamio. - F\u00e9rias setembro"}, {"id": "7452", "ano": "2023", "numero": "14", "tipo__sigla": "DD", "tipo__descricao": "Documentos da Diretoria", "assunto": "RELAT\u00d3RIO DA DIRETORIA DAS ATIVIDADES DA C\u00c2MARA MUNICIPAL DE SANTANA DA VARGEM DESEMPENHADAS NOS MESES DE NOVEMBRO E DEZEMBRO DE 2023 - LARISSA OLIVEIRA NAVES (CONT\u00c9M 20 P\u00c1GINAS)"}, {"id": "5871", "ano": "2023", "numero": "15", "tipo__sigla": "DI", "tipo__descricao": "Di\u00e1rias e documentos relativos", "assunto": "Requerimento de concess\u00e3o de di\u00e1ria adiantas Alanis Carolina de Oliveira Moreira (Belo Horizonte 31/01/2023 a 03/02/2023)"}, {"id": "5884", "ano": "2023", "numero": "15", "tipo__sigla": "PARE", "tipo__descricao": "PARECER", "assunto": "Parecer Jur\u00eddico - Projeto de Lei Ordin\u00e1ria do Legislativo n\u00ba 20 - 2022 - Visa  dispor a divulga\u00e7\u00e3o dos direitos da pessoa portadora de c\u00e2ncer do munic\u00edpio de Santana da Vargem \u2013 MG"}, {"id": "5920", "ano": "2023", "numero": "15", "tipo__sigla": "OFEXP", "tipo__descricao": "Of\u00edcio Expedido", "assunto": "Encaminha a lei ordin\u00e1ria n\u00ba 1.664 de 31 de janeiro de 2023"}, {"id": "5969", "ano": "2023", "numero": "15", "tipo__sigla": "REV", "tipo__descricao": "Relat\u00f3rios de rodagem do ve\u00edculo e outros", "assunto": "Levar funcion\u00e1ria para comprar p\u00e3o (Santana da Vargem- 08/02/2023)"}, {"id": "5974", "ano": "2023", "numero": "15", "tipo__sigla": "OVC", "tipo__descricao": "Of\u00edcio de Vereador/Comiss\u00e3o", "assunto": "Solicita abertura de processo administrativo para \"XXIV Marcha a Bras\u00edlia em defesa dos munic\u00edpios\""}, {"id": "6016", "ano": "2023", "numero": "15", "tipo__sigla": "OR", "tipo__descricao": "OF\u00cdCIOS RECEBIDOS", "assunto": "Responde as indica\u00e7\u00f5es 004, 0005, 006 e 007 do vereador Ezequiel da Silva"}, {"id": "6050", "ano": "2023", "numero": "15", "tipo__sigla": "MEM", "tipo__descricao": "Memorando", "assunto": "Solicita cancelamento de inscri\u00e7\u00e3o em curso e cancelamento de pedido de di\u00e1rias"}, {"id": "6282", "ano": "2023", "numero": "15", "tipo__sigla": "JUST", "tipo__descricao": "Justificativas", "assunto": "Autoriza\u00e7\u00e3o para jornada divergente Emerson 04/04/2023"}, {"id": "6301", "ano": "2023", "numero": "15", "tipo__sigla": "OCI", "tipo__descricao": "Of\u00edcios da Controladoria Interna", "assunto": "Documentos protocolados no Sistema de Apoio ao Processo Legislativo (SAPL)."}, {"id": "6324", "ano": "2023", "numero": "15", "tipo__sigla": "CERT", "tipo__descricao": "CERTIFICADO", "assunto": "Certificado de participa\u00e7\u00e3o do 487\u00ba Curso de Capacita\u00e7\u00e3o com o tema: \u201cAN\u00c1LISE\r\nDA TERCEIRIZA\u00c7\u00c3O DE PESSOAL NA ADMINISTRA\u00c7\u00c3O P\u00daBLICA COM O ADVENTO DA LEI 13.429 DE 2017 E O\r\nDESVIRTUAMENTO DA CONTRATA\u00c7\u00c3O TEMPOR\u00c1RIA DE EXEPCIONAL INTERESSE P\u00daBLICO.\u201d realizado nos\r\ndias 11 e 14 de abril de 2023, no Audit\u00f3rio do Hotel Normandy, na cidade de Belo Horizonte \u2013 MG."}, {"id": "6471", "ano": "2023", "numero": "15", "tipo__sigla": "DDCI", "tipo__descricao": "Documentos Diversos da Controladoria Interna", "assunto": "Movimenta\u00e7\u00e3o Banc\u00e1ria Mensal - Acumulada (Abril/2023)"}, {"id": "6482", "ano": "2023", "numero": "15", "tipo__sigla": "AT", "tipo__descricao": "ATESTADO", "assunto": "Atesta que Kainne Delfino Joanas est\u00e1 impossibilitada de exercer suas fun\u00e7\u00f5es por 14 (quatorze) dias a partir do dia 08/05/2023"}, {"id": "6606", "ano": "2023", "numero": "15", "tipo__sigla": "DEC", "tipo__descricao": "Declara\u00e7\u00e3o", "assunto": "Declara\u00e7\u00e3o imposto de renda Carlos C\u00e9zar Ribeiro (declara\u00e7\u00e3o de bens e valores)"}, {"id": "6635", "ano": "2023", "numero": "15", "tipo__sigla": "ARO", "tipo__descricao": "ATAS DAS REUNI\u00d5ES ORDIN\u00c1RIAS", "assunto": "Ata da 15\u00aa reuni\u00e3o ordin\u00e1ria da 3\u00aa Sess\u00e3o Legislativa da 15\u00aa Legislatura da C\u00e2mara Municipal de Santana da Vargem"}, {"id": "6721", "ano": "2023", "numero": "15", "tipo__sigla": "ODC", "tipo__descricao": "Of\u00edcio/documento Cont\u00e1bil", "assunto": "Solicita orienta\u00e7\u00e3o sobre a viabilidade de desconto em folha dos servidores/vereadores  do valor dos ingressos da festa \"EXPO SANTANA 2023\""}, {"id": "6895", "ano": "2023", "numero": "15", "tipo__sigla": "REDF", "tipo__descricao": "Reda\u00e7\u00e3o Final", "assunto": "Reda\u00e7\u00e3o final do projeto de  lei n\u00ba 13 de 21 de mar\u00e7o de 2023"}, {"id": "7121", "ano": "2023", "numero": "15", "tipo__sigla": "OFP", "tipo__descricao": "Of\u00edcio da Procuradoria", "assunto": "Of\u00edcio - Comparecimento a audi\u00eancia de instru\u00e7\u00e3o e julgamento - Testemunha."}, {"id": "5872", "ano": "2023", "numero": "16", "tipo__sigla": "DI", "tipo__descricao": "Di\u00e1rias e documentos relativos", "assunto": "Requerimento de concess\u00e3o de di\u00e1ria adiantas Larissa Oliveira Naves (Belo Horizonte 31/01/2023 a 03/02/2023)"}, {"id": "5885", "ano": "2023", "numero": "16", "tipo__sigla": "PARE", "tipo__descricao": "PARECER", "assunto": "Parecer Jur\u00eddico - Projeto de Lei Ordin\u00e1ria do Legislativo n\u00ba 22 - 2022 - Visa  instituir a semana municipal de orienta\u00e7\u00e3o ao diagn\u00f3stico precoce, preven\u00e7\u00e3o e combate ao c\u00e2ncer munic\u00edpio de Santana da Vargem."}, {"id": "5922", "ano": "2023", "numero": "16", "tipo__sigla": "OFEXP", "tipo__descricao": "Of\u00edcio Expedido", "assunto": "Solicita que seja emitida guia de pagamento de IRRF referente ao m\u00eas de janeiro 2023"}, {"id": "5970", "ano": "2023", "numero": "16", "tipo__sigla": "REV", "tipo__descricao": "Relat\u00f3rios de rodagem do ve\u00edculo e outros", "assunto": "Levar funcion\u00e1ria na padaria para buscar p\u00e3o (Santana da Vargem- 09/02/2023)"}, {"id": "5990", "ano": "2023", "numero": "16", "tipo__sigla": "OVC", "tipo__descricao": "Of\u00edcio de Vereador/Comiss\u00e3o", "assunto": "Convoca  para participa\u00e7\u00e3o de reuni\u00e3o ordin\u00e1ria da comiss\u00e3o de obras 13 de fevereiro as 18:00"}, {"id": "6017", "ano": "2023", "numero": "16", "tipo__sigla": "OR", "tipo__descricao": "OF\u00cdCIOS RECEBIDOS", "assunto": "Responde as indica\u00e7\u00f5es 001, 002 e 003 do vereador Ezequiel da Silva"}, {"id": "6058", "ano": "2023", "numero": "16", "tipo__sigla": "MEM", "tipo__descricao": "Memorando", "assunto": "Solicita permiss\u00e3o para levar o notebook"}, {"id": "6283", "ano": "2023", "numero": "16", "tipo__sigla": "JUST", "tipo__descricao": "Justificativas", "assunto": "Autoriza\u00e7\u00e3o para jornada divergente Cleber de Brito 10/04/2023"}, {"id": "6325", "ano": "2023", "numero": "16", "tipo__sigla": "CERT", "tipo__descricao": "CERTIFICADO", "assunto": "Certificado de participa\u00e7\u00e3o do 487\u00ba Curso de Capacita\u00e7\u00e3o com o tema: \u201cAN\u00c1LISE\r\nDA TERCEIRIZA\u00c7\u00c3O DE PESSOAL NA ADMINISTRA\u00c7\u00c3O P\u00daBLICA COM O ADVENTO DA LEI 13.429 DE 2017 E O\r\nDESVIRTUAMENTO DA CONTRATA\u00c7\u00c3O TEMPOR\u00c1RIA DE EXEPCIONAL INTERESSE P\u00daBLICO.\u201d realizado nos\r\ndias 11 e 14 de abril de 2023, no Audit\u00f3rio do Hotel Normandy, na cidade de Belo Horizonte \u2013 MG."}, {"id": "6419", "ano": "2023", "numero": "16", "tipo__sigla": "OCI", "tipo__descricao": "Of\u00edcios da Controladoria Interna", "assunto": "Envio das declara\u00e7\u00f5es anuais de bens dos agentes p\u00fablicos do Poder Legislativo"}, {"id": "6497", "ano": "2023", "numero": "16", "tipo__sigla": "AT", "tipo__descricao": "ATESTADO", "assunto": "Atesta que Alessandra Dixini Ara\u00fajo necessita de repouso por 05 dias a partir do dia 08/05/2023"}, {"id": "6617", "ano": "2023", "numero": "16", "tipo__sigla": "DEC", "tipo__descricao": "Declara\u00e7\u00e3o", "assunto": "Declara\u00e7\u00e3o anual imposto de renda pessoa f\u00edsica Maria Aparecida de Ara\u00fajo Reis  (declara\u00e7\u00e3o de bens e valores)"}, {"id": "6661", "ano": "2023", "numero": "16", "tipo__sigla": "DDCI", "tipo__descricao": "Documentos Diversos da Controladoria Interna", "assunto": "Movimenta\u00e7\u00e3o Banc\u00e1ria Mensal - Detalhada (Maio/2023)"}, {"id": "6677", "ano": "2023", "numero": "16", "tipo__sigla": "ARO", "tipo__descricao": "ATAS DAS REUNI\u00d5ES ORDIN\u00c1RIAS", "assunto": "Ata da 16\u00aa reuni\u00e3o ordin\u00e1ria da 3\u00aa sess\u00e3o legislativa da C\u00e2mara Municipal de Santana da Vargem"}, {"id": "6728", "ano": "2023", "numero": "16", "tipo__sigla": "ODC", "tipo__descricao": "Of\u00edcio/documento Cont\u00e1bil", "assunto": "Encaminha c\u00f3pia de resposta da procuradoria em rela\u00e7\u00e3o ao repasse do valor ingressos da festa \"Expo Santana 2023\""}, {"id": "7011", "ano": "2023", "numero": "16", "tipo__sigla": "REDF", "tipo__descricao": "Reda\u00e7\u00e3o Final", "assunto": "Reda\u00e7\u00e3o Final do projeto de lei ordin\u00e1ria n\u00ba 22 de 31 de mar\u00e7o de 2021"}, {"id": "7129", "ano": "2023", "numero": "16", "tipo__sigla": "OFP", "tipo__descricao": "Of\u00edcio da Procuradoria", "assunto": "Of\u00edcio - Presid\u00eancia solicitando projeto de aumento de subs\u00eddio para os Vereadores - R$ 4.998,10 (quatro mil novecentos e noventa e oito reais e dez centavos)."}, {"id": "5873", "ano": "2023", "numero": "17", "tipo__sigla": "DI", "tipo__descricao": "Di\u00e1rias e documentos relativos", "assunto": "Requerimento de concess\u00e3o de di\u00e1rias ao motorista (Belo Horizonte 31/01/2022 a 03/02/2022)"}, {"id": "5886", "ano": "2023", "numero": "17", "tipo__sigla": "PARE", "tipo__descricao": "PARECER", "assunto": "Parecer Jur\u00eddico - Projeto de Lei Ordin\u00e1ria do Legislativo n\u00ba 23 - 2022 - Visa  instituir a semana da Consci\u00eancia Negra Munic\u00edpio de Santana da Vargem \u2013 MG."}, {"id": "5923", "ano": "2023", "numero": "17", "tipo__sigla": "OFEXP", "tipo__descricao": "Of\u00edcio Expedido", "assunto": "Solicita ao setor de tributa\u00e7\u00e3o que seja emitida guia referente aos rendimentos de aplica\u00e7\u00e3o auferidos no m\u00eas de janeiro"}, {"id": "5976", "ano": "2023", "numero": "17", "tipo__sigla": "REV", "tipo__descricao": "Relat\u00f3rios de rodagem do ve\u00edculo e outros", "assunto": "Levar funcion\u00e1ria na padaria para buscar p\u00e3o (Santana da Vargem 09/02/2023)"}, {"id": "6018", "ano": "2023", "numero": "17", "tipo__sigla": "OR", "tipo__descricao": "OF\u00cdCIOS RECEBIDOS", "assunto": "Responde as indica\u00e7\u00f5es 004 e 005 do vereador Luiz Felipe Mendon\u00e7a Rodrigues"}, {"id": "6073", "ano": "2023", "numero": "17", "tipo__sigla": "OVC", "tipo__descricao": "Of\u00edcio de Vereador/Comiss\u00e3o", "assunto": "Solicita cancelamento da inscri\u00e7\u00e3o na XXIV Marcha a Bras\u00edlia em defesa dos munic\u00edpios"}, {"id": "6091", "ano": "2023", "numero": "17", "tipo__sigla": "MEM", "tipo__descricao": "Memorando", "assunto": "Solicita inscri\u00e7\u00e3o no curso: Oficina de Implementa\u00e7\u00e3o da Nova Lei de Licita\u00e7\u00f5es"}, {"id": "6284", "ano": "2023", "numero": "17", "tipo__sigla": "JUST", "tipo__descricao": "Justificativas", "assunto": "Justificativa de n\u00e3o marca\u00e7\u00e3o Ruiter Silva de Oliveira (05/04/2023)"}, {"id": "6326", "ano": "2023", "numero": "17", "tipo__sigla": "CERT", "tipo__descricao": "CERTIFICADO", "assunto": "Certificado de participa\u00e7\u00e3o do 487\u00ba Curso de Capacita\u00e7\u00e3o com o tema: \u201cAN\u00c1LISE\r\nDA TERCEIRIZA\u00c7\u00c3O DE PESSOAL NA ADMINISTRA\u00c7\u00c3O P\u00daBLICA COM O ADVENTO DA LEI 13.429 DE 2017 E O\r\nDESVIRTUAMENTO DA CONTRATA\u00c7\u00c3O TEMPOR\u00c1RIA DE EXEPCIONAL INTERESSE P\u00daBLICO.\u201d realizado nos\r\ndias 11 e 14 de abril de 2023, no Audit\u00f3rio do Hotel Normandy, na cidade de Belo Horizonte \u2013 MG."}, {"id": "6444", "ano": "2023", "numero": "17", "tipo__sigla": "OCI", "tipo__descricao": "Of\u00edcios da Controladoria Interna", "assunto": "Extratos de conta corrente e de aplica\u00e7\u00e3o financeira (Abril/2023)"}, {"id": "6513", "ano": "2023", "numero": "17", "tipo__sigla": "AT", "tipo__descricao": "ATESTADO", "assunto": "Atesta que Alanis Carolina de Oliveira Moreira esteve sob tratamento m\u00e9dico devendo ser afastada do servi\u00e7o por 02 dias a partir do dia 09/05/2023"}, {"id": "6644", "ano": "2023", "numero": "17", "tipo__sigla": "DEC", "tipo__descricao": "Declara\u00e7\u00e3o", "assunto": "Declara\u00e7\u00e3o de isen\u00e7\u00e3o de imposto de renda Emerson Silva Ara\u00fajo (declara\u00e7\u00e3o bens e valores)"}, {"id": "6662", "ano": "2023", "numero": "17", "tipo__sigla": "DDCI", "tipo__descricao": "Documentos Diversos da Controladoria Interna", "assunto": "Movimenta\u00e7\u00e3o Banc\u00e1ria Mensal - Resumida (Maio/2023)"}, {"id": "6715", "ano": "2023", "numero": "17", "tipo__sigla": "ARO", "tipo__descricao": "ATAS DAS REUNI\u00d5ES ORDIN\u00c1RIAS", "assunto": "Ata da 17\u00aa reuni\u00e3o ordin\u00e1ria da 3\u00aa sess\u00e3o legislativa da 15\u00aa legislatura da C\u00e2mara Municipal de Santana da Vargem"}, {"id": "6854", "ano": "2023", "numero": "17", "tipo__sigla": "ODC", "tipo__descricao": "Of\u00edcio/documento Cont\u00e1bil", "assunto": "Resposta ao of\u00edcio n\u00ba 023/2023 _ controladoria interna"}, {"id": "7028", "ano": "2023", "numero": "17", "tipo__sigla": "REDF", "tipo__descricao": "Reda\u00e7\u00e3o Final", "assunto": "Reda\u00e7\u00e3o final do projeto de lei ordin\u00e1ria n\u00ba 005, de mar\u00e7o de 2023"}, {"id": "7130", "ano": "2023", "numero": "17", "tipo__sigla": "OFP", "tipo__descricao": "Of\u00edcio da Procuradoria", "assunto": "Of\u00edcio - Resposta ao of\u00edcio n\u00ba 21-23 do Setor Cont\u00e1bil do Legislativo - Incid\u00eancia e Viabilidade do adicional de assiduidade."}, {"id": "5887", "ano": "2023", "numero": "18", "tipo__sigla": "PARE", "tipo__descricao": "PARECER", "assunto": "Parecer Jur\u00eddico - Projeto de Lei Ordin\u00e1ria do Legislativo n\u00ba 14 - 2022 - Visa dispor sobre a institui\u00e7\u00e3o do IPTU Verde no munic\u00edpio de Santana da Vargem \u2013 MG."}, {"id": "5907", "ano": "2023", "numero": "18", "tipo__sigla": "DI", "tipo__descricao": "Di\u00e1rias e documentos relativos", "assunto": "Relat\u00f3rio de viagem Vitor Donizetti Siqueira Junior (Belo Horizonte- 24/01/2023 a 27/01/2023)"}, {"id": "5938", "ano": "2023", "numero": "18", "tipo__sigla": "OFEXP", "tipo__descricao": "Of\u00edcio Expedido", "assunto": "Encaminhas as indica\u00e7\u00f5es 001, 002, 003, 004 e 005 e o requerimento 001 do vereador Vitor Donizetti Siqueira Junior"}, {"id": "5979", "ano": "2023", "numero": "18", "tipo__sigla": "REV", "tipo__descricao": "Relat\u00f3rios de rodagem do ve\u00edculo e outros", "assunto": "Levar funcion\u00e1ria na padaria para comprar p\u00e3o (Santana da Vargem - 10/02/2023)"}, {"id": "6019", "ano": "2023", "numero": "18", "tipo__sigla": "OR", "tipo__descricao": "OF\u00cdCIOS RECEBIDOS", "assunto": "Responde ao of\u00edcio 001 do vereador Ronalthe Dayglas Rocha"}, {"id": "6095", "ano": "2023", "numero": "18", "tipo__sigla": "OVC", "tipo__descricao": "Of\u00edcio de Vereador/Comiss\u00e3o", "assunto": "Solicita informa\u00e7\u00f5es a respeito dos crit\u00e9rios adotados para o deferimento de viagens para os times de futebol (Secretaria de Cultura, Esporte, Lazer e Turismo"}, {"id": "6108", "ano": "2023", "numero": "18", "tipo__sigla": "MEM", "tipo__descricao": "Memorando", "assunto": "Solicita convers\u00e3o de licen\u00e7a pr\u00eamio em abono pecuni\u00e1rio"}, {"id": "6285", "ano": "2023", "numero": "18", "tipo__sigla": "JUST", "tipo__descricao": "Justificativas", "assunto": "Autoriza\u00e7\u00e3o para jornada divergente Ruiter Silva de Oliveira (05/04/2023)"}, {"id": "6410", "ano": "2023", "numero": "18", "tipo__sigla": "CERT", "tipo__descricao": "CERTIFICADO", "assunto": "Certifica que Alanis Carolina de Oliveira Moreira participou do 491\u00ba Curso de Capacita\u00e7\u00e3o com o tema: \"A utiliza\u00e7\u00e3o da Nova Lei de Licita\u00e7\u00f5es 14.133 de 2021 com foco na contrata\u00e7\u00e3o direta e na fase preparat\u00f3ria do processo\""}, {"id": "6472", "ano": "2023", "numero": "18", "tipo__sigla": "OCI", "tipo__descricao": "Of\u00edcios da Controladoria Interna", "assunto": "Documentos protocolados no Sistema de Apoio ao Processo Legislativo (SAPL)"}, {"id": "6541", "ano": "2023", "numero": "18", "tipo__sigla": "AT", "tipo__descricao": "ATESTADO", "assunto": "Atesta que Alanis Carolina de Oliveira Moreira esteve em tratamento m\u00e9dico devendo ser afastada do trabalho por 03 (tr\u00eas) dias a partir do dia 15 de maio"}, {"id": "6645", "ano": "2023", "numero": "18", "tipo__sigla": "DEC", "tipo__descricao": "Declara\u00e7\u00e3o", "assunto": "Declara\u00e7\u00e3o imposto de renda Vitor Donizetti Siqueira Junior (declara\u00e7\u00e3o de bens e valores)"}, {"id": "6663", "ano": "2023", "numero": "18", "tipo__sigla": "DDCI", "tipo__descricao": "Documentos Diversos da Controladoria Interna", "assunto": "Movimenta\u00e7\u00e3o Banc\u00e1ria Mensal - Acumulada (Maio/2023)"}, {"id": "6738", "ano": "2023", "numero": "18", "tipo__sigla": "ARO", "tipo__descricao": "ATAS DAS REUNI\u00d5ES ORDIN\u00c1RIAS", "assunto": "Ata da 18\u00ba (d\u00e9cima oitava) reuni\u00e3o ordin\u00e1ria da 3\u00aa (terceira) Sess\u00e3o Legislativa da 15\u00aa (d\u00e9cima quinta) Legislatura da C\u00e2mara Municipal de Santana da Vargem"}, {"id": "6871", "ano": "2023", "numero": "18", "tipo__sigla": "ODC", "tipo__descricao": "Of\u00edcio/documento Cont\u00e1bil", "assunto": "Solicita autoriza\u00e7\u00e3o para utilizar o ve\u00edculo oficial para entregar contrato na memory"}, {"id": "7040", "ano": "2023", "numero": "18", "tipo__sigla": "REDF", "tipo__descricao": "Reda\u00e7\u00e3o Final", "assunto": "Reda\u00e7\u00e3o final do projeto de lei 047 de 2023"}, {"id": "7131", "ano": "2023", "numero": "18", "tipo__sigla": "OFP", "tipo__descricao": "Of\u00edcio da Procuradoria", "assunto": "Oficio - Convite para reuni\u00e3o no Legislativo"}, {"id": "5908", "ano": "2023", "numero": "19", "tipo__sigla": "DI", "tipo__descricao": "Di\u00e1rias e documentos relativos", "assunto": "Relat\u00f3rio de viagem Maria Aparecida de Ara\u00fajo Reis (Belo Horizonte- 24/01/2023 a 27/01/2023)"}, {"id": "5912", "ano": "2023", "numero": "19", "tipo__sigla": "PARE", "tipo__descricao": "PARECER", "assunto": "Parecer Jur\u00eddico - Projeto de Lei Ordin\u00e1ria do Legislativo n\u00ba 13 - 2022 - Visa instituir a possibilidade de o sujeito passivo pagar d\u00e9bitos tribut\u00e1rios e n\u00e3o tribut\u00e1rios por interm\u00e9dio de cart\u00e3o de d\u00e9bito, cr\u00e9dito e sistema de pagamentos instant\u00e2neos no munic\u00edpio de Santana da Vargem \u2013 MG"}, {"id": "5946", "ano": "2023", "numero": "19", "tipo__sigla": "OFEXP", "tipo__descricao": "Of\u00edcio Expedido", "assunto": "Of\u00edcio para Prefeitura solicitando informa\u00e7\u00f5es sobre projeto de lei que concedeu gratifica\u00e7\u00e3o de R$ 300,00 para dentistas"}, {"id": "5988", "ano": "2023", "numero": "19", "tipo__sigla": "REV", "tipo__descricao": "Relat\u00f3rios de rodagem do ve\u00edculo e outros", "assunto": "Levar funcion\u00e1ria na padaria para buscar p\u00e3o (Santana da Vargem 13/02/2023)"}, {"id": "6020", "ano": "2023", "numero": "19", "tipo__sigla": "OR", "tipo__descricao": "OF\u00cdCIOS RECEBIDOS", "assunto": "Responde ao of\u00edcio 001/2023 do vereador Luiz Felipe Mendon\u00e7a Rodrigues"}, {"id": "6118", "ano": "2023", "numero": "19", "tipo__sigla": "MEM", "tipo__descricao": "Memorando", "assunto": "Solicita a concess\u00e3o de dez dias de  f\u00e9rias referente ao per\u00edodo aquisitivo 2021/2022"}, {"id": "6122", "ano": "2023", "numero": "19", "tipo__sigla": "OVC", "tipo__descricao": "Of\u00edcio de Vereador/Comiss\u00e3o", "assunto": "Convoca subsecret\u00e1rio de cultura esporte lazer e turismo"}, {"id": "6302", "ano": "2023", "numero": "19", "tipo__sigla": "JUST", "tipo__descricao": "Justificativas", "assunto": "Autoriza\u00e7\u00e3o para jornada divergente Cleber de Brito 17/04/2023"}, {"id": "6411", "ano": "2023", "numero": "19", "tipo__sigla": "CERT", "tipo__descricao": "CERTIFICADO", "assunto": "Certifica que Maria Aparecida de Ara\u00fajo Reis  participou do 491\u00ba Curso de Capacita\u00e7\u00e3o com o tema: \"A utiliza\u00e7\u00e3o da Nova Lei de Licita\u00e7\u00f5es 14.133 de 2021 com foco na contrata\u00e7\u00e3o direta e na fase preparat\u00f3ria do processo\""}, {"id": "6569", "ano": "2023", "numero": "19", "tipo__sigla": "AT", "tipo__descricao": "ATESTADO", "assunto": "Atesta que Kainne Delfino Joanas esteve impossibilitada de exercer suas fun\u00e7\u00f5es habituais por 120 (cento e vinte) dias - Licen\u00e7a Maternidade"}, {"id": "6588", "ano": "2023", "numero": "19", "tipo__sigla": "OCI", "tipo__descricao": "Of\u00edcios da Controladoria Interna", "assunto": "Requerimento de f\u00e9rias Alessandra Dixini Araujo"}, {"id": "6646", "ano": "2023", "numero": "19", "tipo__sigla": "DEC", "tipo__descricao": "Declara\u00e7\u00e3o", "assunto": "Declara\u00e7\u00e3o de imposto de renda Silmara Girlaine Hon\u00f3rio (Declara\u00e7\u00e3o de bens e valores)"}, {"id": "6765", "ano": "2023", "numero": "19", "tipo__sigla": "ARO", "tipo__descricao": "ATAS DAS REUNI\u00d5ES ORDIN\u00c1RIAS", "assunto": "Ata da 19\u00aa reuni\u00e3o ordin\u00e1ria da 3\u00aa sess\u00e3o legislativa da 15\u00aa legislatura"}, {"id": "6800", "ano": "2023", "numero": "19", "tipo__sigla": "DDCI", "tipo__descricao": "Documentos Diversos da Controladoria Interna", "assunto": "Movimenta\u00e7\u00e3o Banc\u00e1ria Mensal - Detalhada (Junho/2023)"}, {"id": "6899", "ano": "2023", "numero": "19", "tipo__sigla": "ODC", "tipo__descricao": "Of\u00edcio/documento Cont\u00e1bil", "assunto": "Solicita a concess\u00e3o de 20 (vinte) dias de f\u00e9rias: 10 dias entre os dias 20 a 29 e 10 dias entre os dias 09 a 18"}, {"id": "7164", "ano": "2023", "numero": "19", "tipo__sigla": "REDF", "tipo__descricao": "Reda\u00e7\u00e3o Final", "assunto": "Reda\u00e7\u00e3o final do projeto de lei complementar n\u00ba 28 de 22 de dezembro de 2022"}, {"id": "7223", "ano": "2023", "numero": "19", "tipo__sigla": "OFP", "tipo__descricao": "Of\u00edcio da Procuradoria", "assunto": "Complemento da resposta ao of\u00edcio n\u00ba 021/2023 do Setor Cont\u00e1bil"}, {"id": "5917", "ano": "2023", "numero": "20", "tipo__sigla": "DI", "tipo__descricao": "Di\u00e1rias e documentos relativos", "assunto": "Relat\u00f3rio de viagem Carlos C\u00e9zar Ribeiro (Belo Horizonte 24/01/2023 a 27/01/2023)"}, {"id": "5947", "ano": "2023", "numero": "20", "tipo__sigla": "PARE", "tipo__descricao": "PARECER", "assunto": "Parecer jur\u00eddico - Projeto de Lei Ordin\u00e1ria - Regulamenta a concess\u00e3o de di\u00e1rias para o Poder Executivo."}, {"id": "5956", "ano": "2023", "numero": "20", "tipo__sigla": "OFEXP", "tipo__descricao": "Of\u00edcio Expedido", "assunto": "Encaminha as indica\u00e7\u00f5es 004, 005, 006 e 007 do vereador Ezequiel da Silva"}, {"id": "5989", "ano": "2023", "numero": "20", "tipo__sigla": "REV", "tipo__descricao": "Relat\u00f3rios de rodagem do ve\u00edculo e outros", "assunto": "Levar diretora Kainne no sitio do Carlos C\u00e9zar Presidente para colher assinaturas em documentos"}, {"id": "6029", "ano": "2023", "numero": "20", "tipo__sigla": "OR", "tipo__descricao": "OF\u00cdCIOS RECEBIDOS", "assunto": "Comunica que n\u00e3o foi encontrada lei espec\u00edfica regulamentando concess\u00e3o de gratifica\u00e7\u00e3o"}, {"id": "6129", "ano": "2023", "numero": "20", "tipo__sigla": "OVC", "tipo__descricao": "Of\u00edcio de Vereador/Comiss\u00e3o", "assunto": "Solicita ampla divulga\u00e7\u00e3o a respeito da isen\u00e7\u00e3o do IPTU para pacientes oncol\u00f3gicos"}, {"id": "6195", "ano": "2023", "numero": "20", "tipo__sigla": "MEM", "tipo__descricao": "Memorando", "assunto": "Solicita inscri\u00e7\u00e3o para participar do curso (Forma\u00e7\u00e3o de Agente de Contrata\u00e7\u00e3o e Pregoeiro)"}, {"id": "6306", "ano": "2023", "numero": "20", "tipo__sigla": "JUST", "tipo__descricao": "Justificativas", "assunto": "Autoriza\u00e7\u00e3o para jornada divergente da servidora Alanis Carolina de Oliveira."}, {"id": "6412", "ano": "2023", "numero": "20", "tipo__sigla": "CERT", "tipo__descricao": "CERTIFICADO", "assunto": "Certifica que Ezequiel da Silva participou do 491\u00ba Curso de Capacita\u00e7\u00e3o com o tema: \"A utiliza\u00e7\u00e3o da Nova Lei de Licita\u00e7\u00f5es 14.133 de 2021 com foco na contrata\u00e7\u00e3o direta e na fase preparat\u00f3ria do processo\""}, {"id": "6630", "ano": "2023", "numero": "20", "tipo__sigla": "OCI", "tipo__descricao": "Of\u00edcios da Controladoria Interna", "assunto": "Extratos de conta corrente e de aplica\u00e7\u00e3o financeira maio 2023"}, {"id": "6652", "ano": "2023", "numero": "20", "tipo__sigla": "DEC", "tipo__descricao": "Declara\u00e7\u00e3o", "assunto": "Declara\u00e7\u00e3o de imposto de renda Ronalthe Dayglas Rocha (declara\u00e7\u00e3o de bens e valores)"}, {"id": "6801", "ano": "2023", "numero": "20", "tipo__sigla": "DDCI", "tipo__descricao": "Documentos Diversos da Controladoria Interna", "assunto": "Movimenta\u00e7\u00e3o Banc\u00e1ria Mensal - Resumida (Junho/2023)"}, {"id": "6891", "ano": "2023", "numero": "20", "tipo__sigla": "ARO", "tipo__descricao": "ATAS DAS REUNI\u00d5ES ORDIN\u00c1RIAS", "assunto": "Ata da 20\u00aa reuni\u00e3o ordin\u00e1ria da 3\u00aa sess\u00e3o legislativa da 15\u00aa legislatura da C\u00e2mara Municipal de Santana da Vargem"}, {"id": "6955", "ano": "2023", "numero": "20", "tipo__sigla": "AT", "tipo__descricao": "ATESTADO", "assunto": "Atesta que Alanis Carolina de Oliveira Moreira esteve sob tratamento m\u00e9dico por 2 dias a partir do dia 02 de agosto"}, {"id": "7139", "ano": "2023", "numero": "20", "tipo__sigla": "ODC", "tipo__descricao": "Of\u00edcio/documento Cont\u00e1bil", "assunto": "Solicita altera\u00e7\u00e3o na data de f\u00e9rias - Contadora"}, {"id": "7214", "ano": "2023", "numero": "20", "tipo__sigla": "REDF", "tipo__descricao": "Reda\u00e7\u00e3o Final", "assunto": "reda\u00e7\u00e3o final do projeto de lei m\u00ba 56 de 09 de outubro de 2023"}, {"id": "7224", "ano": "2023", "numero": "20", "tipo__sigla": "OFP", "tipo__descricao": "Of\u00edcio da Procuradoria", "assunto": "Resposta ao memorando n\u00ba 20 - 2023 da Assist\u00eancia Legislativa"}, {"id": "5932", "ano": "2023", "numero": "21", "tipo__sigla": "DI", "tipo__descricao": "Di\u00e1rias e documentos relativos", "assunto": "Requerimento de concess\u00e3o de di\u00e1rias adiantadas Larissa Oliveira Naves (Belo Horizonte 15/02/2023 a 17/02/2023)"}, {"id": "5957", "ano": "2023", "numero": "21", "tipo__sigla": "OFEXP", "tipo__descricao": "Of\u00edcio Expedido", "assunto": "encaminhamento de Projeto de Lei rejeitado na primeira reuni\u00e3o ordin\u00e1ria"}, {"id": "5965", "ano": "2023", "numero": "21", "tipo__sigla": "PARE", "tipo__descricao": "PARECER", "assunto": "Parecer jur\u00eddico - Curso - Servidor - Gera\u00e7\u00e3o de EFD REINF e das reten\u00e7\u00f5es previdenci\u00e1rias nos \u00f3rg\u00e3os p\u00fablicos."}, {"id": "5993", "ano": "2023", "numero": "21", "tipo__sigla": "REV", "tipo__descricao": "Relat\u00f3rios de rodagem do ve\u00edculo e outros", "assunto": "Levar funcion\u00e1ria na padaria, no Roney e no Cristian (Santana  da Vargem - 13/02/2023)"}, {"id": "6030", "ano": "2023", "numero": "21", "tipo__sigla": "OR", "tipo__descricao": "OF\u00cdCIOS RECEBIDOS", "assunto": "Solicita que seja colocada para vota\u00e7\u00e3o do Projeto de Lei Complementar 06 de 29 de abril de 2021"}, {"id": "6130", "ano": "2023", "numero": "21", "tipo__sigla": "OVC", "tipo__descricao": "Of\u00edcio de Vereador/Comiss\u00e3o", "assunto": "Solicita informa\u00e7\u00f5es acerca do aluguel social"}, {"id": "6199", "ano": "2023", "numero": "21", "tipo__sigla": "MEM", "tipo__descricao": "Memorando", "assunto": "Solicita abertura de processo para inscri\u00e7\u00e3o em curso de capacita\u00e7\u00e3o \"Patrim\u00f4nio, frotas e almoxarifado nos munic\u00edpios\""}, {"id": "6372", "ano": "2023", "numero": "21", "tipo__sigla": "JUST", "tipo__descricao": "Justificativas", "assunto": "Justificativa de n\u00e3o marca\u00e7\u00e3o de ponto eletr\u00f4nico Emerson Silva Ara\u00fajo 21/03/2023"}, {"id": "6413", "ano": "2023", "numero": "21", "tipo__sigla": "CERT", "tipo__descricao": "CERTIFICADO", "assunto": "Certifica que Alanis Vitor Donizetti Siqueira Junior participou do 491\u00ba Curso de Capacita\u00e7\u00e3o com o tema: \"A utiliza\u00e7\u00e3o da Nova Lei de Licita\u00e7\u00f5es 14.133 de 2021 com foco na contrata\u00e7\u00e3o direta e na fase preparat\u00f3ria do processo\""}, {"id": "6666", "ano": "2023", "numero": "21", "tipo__sigla": "OCI", "tipo__descricao": "Of\u00edcios da Controladoria Interna", "assunto": "Documentos protocolados no Sistema de Apoio ao Legislativo (SAPL)"}, {"id": "6707", "ano": "2023", "numero": "21", "tipo__sigla": "DEC", "tipo__descricao": "Declara\u00e7\u00e3o", "assunto": "Declara\u00e7\u00e3o imposto de renda Felipe Tom\u00e9 Mota e Silva (Declara\u00e7\u00e3o de bens)"}, {"id": "6802", "ano": "2023", "numero": "21", "tipo__sigla": "DDCI", "tipo__descricao": "Documentos Diversos da Controladoria Interna", "assunto": "Movimenta\u00e7\u00e3o Banc\u00e1ria Mensal - Acumulada (Junho/2023)"}, {"id": "6934", "ano": "2023", "numero": "21", "tipo__sigla": "ARO", "tipo__descricao": "ATAS DAS REUNI\u00d5ES ORDIN\u00c1RIAS", "assunto": "Ata da 21\u00aa reuni\u00e3o ordin\u00e1ria da 3\u00aa sess\u00e3o legislativa da 15\u00aa legislatura da C\u00e2mara Municipal de Santana da Vargem"}, {"id": "7043", "ano": "2023", "numero": "21", "tipo__sigla": "AT", "tipo__descricao": "ATESTADO", "assunto": "Atestado demissional Alessandra Dixini"}, {"id": "7174", "ano": "2023", "numero": "21", "tipo__sigla": "ODC", "tipo__descricao": "Of\u00edcio/documento Cont\u00e1bil", "assunto": "Resposta ao of\u00edcio n\u00ba 02/2023 -solicita emiss\u00e3o de relat\u00f3rio passivo de f\u00e9rias"}, {"id": "7247", "ano": "2023", "numero": "21", "tipo__sigla": "OFP", "tipo__descricao": "Of\u00edcio da Procuradoria", "assunto": "Resposta ao of\u00edcio n\u00ba 027/2023 do Setor Cont\u00e1bil"}, {"id": "7251", "ano": "2023", "numero": "21", "tipo__sigla": "REDF", "tipo__descricao": "Reda\u00e7\u00e3o Final", "assunto": "Reda\u00e7\u00e3o final do projeto de lei n\u00ba 53 de 27 de setembro de 2023"}, {"id": "5933", "ano": "2023", "numero": "22", "tipo__sigla": "DI", "tipo__descricao": "Di\u00e1rias e documentos relativos", "assunto": "Requerimento de concess\u00e3o de di\u00e1rias adiantadas Alanis Carolina Oliveira Moreira (Belo Horizonte 15/02/2023 a 17/02/2023)"}, {"id": "5967", "ano": "2023", "numero": "22", "tipo__sigla": "OFEXP", "tipo__descricao": "Of\u00edcio Expedido", "assunto": "Solicitar que a Comiss\u00e3o de Licita\u00e7\u00e3o inicie os procedimentos para contrata\u00e7\u00e3o de empresa especializada para presta\u00e7\u00e3o de servi\u00e7os de eletricista"}, {"id": "5992", "ano": "2023", "numero": "22", "tipo__sigla": "PARE", "tipo__descricao": "PARECER", "assunto": "Parecer Jur\u00eddico - Projeto de Lei Ordin\u00e1ria n\u00ba 01 - 2023 - Revis\u00e3o Geral Anual para o Exerc\u00edcio de 2023."}, {"id": "6007", "ano": "2023", "numero": "22", "tipo__sigla": "REV", "tipo__descricao": "Relat\u00f3rios de rodagem do ve\u00edculo e outros", "assunto": "14-02-2023 Levar funcionaria na padaria"}, {"id": "6061", "ano": "2023", "numero": "22", "tipo__sigla": "OR", "tipo__descricao": "OF\u00cdCIOS RECEBIDOS", "assunto": "Solicita retirada de tramita\u00e7\u00e3o do projeto de lei ordin\u00e1ria 02"}, {"id": "6131", "ano": "2023", "numero": "22", "tipo__sigla": "OVC", "tipo__descricao": "Of\u00edcio de Vereador/Comiss\u00e3o", "assunto": "Solicita informa\u00e7\u00f5es acerca da constru\u00e7\u00e3o de infraestrutura do bairro Nova Santana"}, {"id": "6223", "ano": "2023", "numero": "22", "tipo__sigla": "MEM", "tipo__descricao": "Memorando", "assunto": "Solicita autoriza\u00e7\u00e3o para receber 50% da gratifica\u00e7\u00e3o natalina"}, {"id": "6379", "ano": "2023", "numero": "22", "tipo__sigla": "JUST", "tipo__descricao": "Justificativas", "assunto": "Justificativa de n\u00e3o marca\u00e7\u00e3o de ponto eletr\u00f4nico Emerson Silva Ara\u00fajo 20/04/2023"}, {"id": "6427", "ano": "2023", "numero": "22", "tipo__sigla": "CERT", "tipo__descricao": "CERTIFICADO", "assunto": "Certifica que Isabela Louren\u00e7\u00e3o Messias participou do curso \"Patrim\u00f4nio, Frota e Almoxarifado nos munic\u00edpios\" que se realizou nos dias 26 a 28 de abril de 2023"}, {"id": "6776", "ano": "2023", "numero": "22", "tipo__sigla": "OCI", "tipo__descricao": "Of\u00edcios da Controladoria Interna", "assunto": "Extratos de conta corrente e de aplica\u00e7\u00e3o financeira junho 2023"}, {"id": "6867", "ano": "2023", "numero": "22", "tipo__sigla": "DDCI", "tipo__descricao": "Documentos Diversos da Controladoria Interna", "assunto": "Movimenta\u00e7\u00e3o Banc\u00e1ria Mensal - Detalhada (Julho/2023)"}, {"id": "6952", "ano": "2023", "numero": "22", "tipo__sigla": "ARO", "tipo__descricao": "ATAS DAS REUNI\u00d5ES ORDIN\u00c1RIAS", "assunto": "Ata da 22\u00aa reuni\u00e3o ordin\u00e1ria da 3\u00aa sess\u00e3o legislativa da 15\u00aa legislatura da C\u00e2mara Municipal de Santana da Vargem"}, {"id": "6959", "ano": "2023", "numero": "22", "tipo__sigla": "DEC", "tipo__descricao": "Declara\u00e7\u00e3o", "assunto": "Declara\u00e7\u00e3o anual de bens e valores/ declara\u00e7\u00e3o anual Receita Federal Walter Silva 2023"}, {"id": "7096", "ano": "2023", "numero": "22", "tipo__sigla": "AT", "tipo__descricao": "ATESTADO", "assunto": "Atesto que Laidia Mesquita de Souza esteve em consulta no per\u00edodo de 15 as 17h"}, {"id": "7201", "ano": "2023", "numero": "22", "tipo__sigla": "ODC", "tipo__descricao": "Of\u00edcio/documento Cont\u00e1bil", "assunto": "Resposta ao Of\u00edcio n\u00ba14/2023 - data de admiss\u00e3o incorreta."}, {"id": "7330", "ano": "2023", "numero": "22", "tipo__sigla": "OFP", "tipo__descricao": "Of\u00edcio da Procuradoria", "assunto": "Solicita\u00e7\u00e3o de di\u00e1ria."}, {"id": "7375", "ano": "2023", "numero": "22", "tipo__sigla": "REDF", "tipo__descricao": "Reda\u00e7\u00e3o Final", "assunto": "Reda\u00e7\u00e3o final do projeto de lei ordin\u00e1ria n\u00ba 33, de 27 de junho de 2023"}, {"id": "5934", "ano": "2023", "numero": "23", "tipo__sigla": "DI", "tipo__descricao": "Di\u00e1rias e documentos relativos", "assunto": "Requerimento de  concess\u00e3o de di\u00e1rias ao motorista (Belo Horizonte 15/02/2023 a 17/02/2023)"}, {"id": "5978", "ano": "2023", "numero": "23", "tipo__sigla": "OFEXP", "tipo__descricao": "Of\u00edcio Expedido", "assunto": "Solicita ao respons\u00e1vel, que realize minha inscri\u00e7\u00e3o no curso: ORIENTA\u00c7\u00d5ES PARA A IMPLEMENTA\u00c7\u00c3O DA NOVA LEI DE LICITA\u00c7\u00d5ES E CONTRATOS ADMINISTRATIVOS"}, {"id": "5994", "ano": "2023", "numero": "23", "tipo__sigla": "PARE", "tipo__descricao": "PARECER", "assunto": "Parecer jur\u00eddico - Projeto de Lei Ordin\u00e1ria do Legislativo n\u00ba 02 - 2023 - Di\u00e1rias do Poder Legislativo"}, {"id": "6008", "ano": "2023", "numero": "23", "tipo__sigla": "REV", "tipo__descricao": "Relat\u00f3rios de rodagem do ve\u00edculo e outros", "assunto": "14-02-2023 Levar funcionaria em Tr\u00eas Pontas para pegar assinatura da vereadora Silmara no projeto das di\u00e1rias"}, {"id": "6063", "ano": "2023", "numero": "23", "tipo__sigla": "OR", "tipo__descricao": "OF\u00cdCIOS RECEBIDOS", "assunto": "Of\u00edcio 040 prefeitura: resposta as indica\u00e7\u00f5es 001, 002, 003, 004 e 005 do vereador Vitor Donizetti Siqueira Junior"}, {"id": "6138", "ano": "2023", "numero": "23", "tipo__sigla": "OVC", "tipo__descricao": "Of\u00edcio de Vereador/Comiss\u00e3o", "assunto": "Comprovante de devolu\u00e7\u00e3o de di\u00e1ria"}, {"id": "6232", "ano": "2023", "numero": "23", "tipo__sigla": "MEM", "tipo__descricao": "Memorando", "assunto": "Solicita deferimento para participar do curso \"Compras diretas: Dispensa, inexigibilidade e a Nova lei de Licita\u00e7\u00f5es\" que ocorrer\u00e1 dos dias 18 a 19 de abril de 2022 na cidade de Belo Horizonte"}, {"id": "6428", "ano": "2023", "numero": "23", "tipo__sigla": "CERT", "tipo__descricao": "CERTIFICADO", "assunto": "Certifica que Alessandra Dixini Ara\u00fajo participou do curso \"Patrim\u00f4nio, Frota e Almoxarifado nos munic\u00edpios\" que se realizou nos dias 26 a 28 de abril de 2023"}, {"id": "6478", "ano": "2023", "numero": "23", "tipo__sigla": "JUST", "tipo__descricao": "Justificativas", "assunto": "Solicita jornada divergente para o dia 08/05/2023"}, {"id": "6803", "ano": "2023", "numero": "23", "tipo__sigla": "OCI", "tipo__descricao": "Of\u00edcios da Controladoria Interna", "assunto": "Documentos protocolados no Sistema de Apoio ao Legislativo (SAPL)"}, {"id": "6868", "ano": "2023", "numero": "23", "tipo__sigla": "DDCI", "tipo__descricao": "Documentos Diversos da Controladoria Interna", "assunto": "Movimenta\u00e7\u00e3o Banc\u00e1ria Mensal - Resumida (Julho/2023)"}, {"id": "6985", "ano": "2023", "numero": "23", "tipo__sigla": "ARO", "tipo__descricao": "ATAS DAS REUNI\u00d5ES ORDIN\u00c1RIAS", "assunto": "Ata da 23\u00aa reuni\u00e3o ordin\u00e1ria da 3\u00aa Sess\u00e3o Legislativa da 15\u00aa legislatura da C\u00e2mara Municipal de Santana da Vargem"}, {"id": "6987", "ano": "2023", "numero": "23", "tipo__sigla": "DEC", "tipo__descricao": "Declara\u00e7\u00e3o", "assunto": "Declara\u00e7\u00e3o de retirada de projetos de lei na secretaria 06/09/2023"}, {"id": "7141", "ano": "2023", "numero": "23", "tipo__sigla": "AT", "tipo__descricao": "ATESTADO", "assunto": "Atesta que Laidia Mesquista Souza esteve 01 dia de afastamento  a partir das 15:30 do dia 26/10/2023"}, {"id": "7202", "ano": "2023", "numero": "23", "tipo__sigla": "ODC", "tipo__descricao": "Of\u00edcio/documento Cont\u00e1bil", "assunto": "Resposta ao of\u00edcio n\u00ba02/2023 - solicita emiss\u00e3o relat\u00f3rio passivo de f\u00e9rias."}, {"id": "7376", "ano": "2023", "numero": "23", "tipo__sigla": "REDF", "tipo__descricao": "Reda\u00e7\u00e3o Final", "assunto": "Reda\u00e7\u00e3o final do projeto de lei ordin\u00e1ria do legislativo n\u00ba 12"}, {"id": "7402", "ano": "2023", "numero": "23", "tipo__sigla": "OFP", "tipo__descricao": "Of\u00edcio da Procuradoria", "assunto": "Of\u00edcio da Procuradoria - Sa\u00edda da Comiss\u00e3o do Concurso P\u00fablico 02-2023."}, {"id": "5935", "ano": "2023", "numero": "24", "tipo__sigla": "DI", "tipo__descricao": "Di\u00e1rias e documentos relativos", "assunto": "Requerimento de concess\u00e3o de di\u00e1rias adiantadas Alessandra Dixini Ara\u00fajo (Belo Horizonte 15/02/2023 a 17/02/2023)"}, {"id": "5984", "ano": "2023", "numero": "24", "tipo__sigla": "OFEXP", "tipo__descricao": "Of\u00edcio Expedido", "assunto": "Solicita a possibilidade de inclus\u00e3o de uma vaga para o cargo de agente de contrata\u00e7\u00e3o do poder legislativo municipal"}, {"id": "5995", "ano": "2023", "numero": "24", "tipo__sigla": "PARE", "tipo__descricao": "PARECER", "assunto": "Parecer Jur\u00eddico - Projeto de Lei Complementar n\u00ba 01 - 2023 - Cria o cargo efetivo de agente de contrata\u00e7\u00e3o."}, {"id": "6009", "ano": "2023", "numero": "24", "tipo__sigla": "REV", "tipo__descricao": "Relat\u00f3rios de rodagem do ve\u00edculo e outros", "assunto": "15-02-2023 Levar funcionaria na padaria"}, {"id": "6064", "ano": "2023", "numero": "24", "tipo__sigla": "OR", "tipo__descricao": "OF\u00cdCIOS RECEBIDOS", "assunto": "Of\u00edcio 050 prefeitura: responde as indica\u00e7\u00f5es 006, 007, 008 e 009 do vereador Vitor Donizetti Siqueira Junior"}, {"id": "6145", "ano": "2023", "numero": "24", "tipo__sigla": "OVC", "tipo__descricao": "Of\u00edcio de Vereador/Comiss\u00e3o", "assunto": "Solicita retirada do Conselho Municipal de Habita\u00e7\u00e3o"}, {"id": "6235", "ano": "2023", "numero": "24", "tipo__sigla": "MEM", "tipo__descricao": "Memorando", "assunto": "Solicita inscri\u00e7\u00e3o no curso \"Forma\u00e7\u00e3o de agente de contrata\u00e7\u00e3o, pregoeiro (Belo Horizonte - 26 a 28 de abril)"}, {"id": "6429", "ano": "2023", "numero": "24", "tipo__sigla": "CERT", "tipo__descricao": "CERTIFICADO", "assunto": "Certifica que Isabela Felipe Tom\u00e9 Mota e Silva participou do curso \"Patrim\u00f4nio, Frota e Almoxarifado nos munic\u00edpios\" que se realizou nos dias 26 a 28 de abril de 2023"}, {"id": "6484", "ano": "2023", "numero": "24", "tipo__sigla": "JUST", "tipo__descricao": "Justificativas", "assunto": "Autoriza\u00e7\u00e3o para jornada divergente Alanis Carolina de Oliveira Moreira 08/05/2023"}, {"id": "6853", "ano": "2023", "numero": "24", "tipo__sigla": "OCI", "tipo__descricao": "Of\u00edcios da Controladoria Interna", "assunto": "Extratos de conta corrente e de aplica\u00e7\u00e3o financeira (julho/2023)"}, {"id": "6869", "ano": "2023", "numero": "24", "tipo__sigla": "DDCI", "tipo__descricao": "Documentos Diversos da Controladoria Interna", "assunto": "Movimenta\u00e7\u00e3o Banc\u00e1ria Mensal - Acumulada (Julho/2023)"}, {"id": "7008", "ano": "2023", "numero": "24", "tipo__sigla": "ARO", "tipo__descricao": "ATAS DAS REUNI\u00d5ES ORDIN\u00c1RIAS", "assunto": "Ata da 24\u00aa reuni\u00e3o ordin\u00e1ria da 3\u00aa sess\u00e3o legislativa da 15\u00aa legislatura"}, {"id": "7025", "ano": "2023", "numero": "24", "tipo__sigla": "DEC", "tipo__descricao": "Declara\u00e7\u00e3o", "assunto": "Declara\u00e7\u00e3o de bens e valores Alessandra Dixini Ara\u00fajo (exonera\u00e7\u00e3o)"}, {"id": "7211", "ano": "2023", "numero": "24", "tipo__sigla": "AT", "tipo__descricao": "ATESTADO", "assunto": "Atestado  de  comparecimento 16/11/2023"}, {"id": "7229", "ano": "2023", "numero": "24", "tipo__sigla": "ODC", "tipo__descricao": "Of\u00edcio/documento Cont\u00e1bil", "assunto": "Resposta ao memorando 20/2023 - assist\u00eancia legislativa"}, {"id": "7377", "ano": "2023", "numero": "24", "tipo__sigla": "REDF", "tipo__descricao": "Reda\u00e7\u00e3o Final", "assunto": "Reda\u00e7\u00e3o final projeto de lei complementar 14 de 10 de outubro de 2023"}, {"id": "5936", "ano": "2023", "numero": "25", "tipo__sigla": "DI", "tipo__descricao": "Di\u00e1rias e documentos relativos", "assunto": "Requerimento de concess\u00e3o de di\u00e1rias adiantadas Cleber de Brito (Belo Horizonte 15/02/2023 a 17/02/2023)"}, {"id": "5999", "ano": "2023", "numero": "25", "tipo__sigla": "OFEXP", "tipo__descricao": "Of\u00edcio Expedido", "assunto": "Encaminha indica\u00e7\u00f5es 006, 007, 008 e 009 do vereador Vitor Donizetti Siqueira Junior"}, {"id": "6000", "ano": "2023", "numero": "25", "tipo__sigla": "PARE", "tipo__descricao": "PARECER", "assunto": "Parecer Jur\u00eddico - Inexigibilidade - Servidor - Curso Forma\u00e7\u00e3o de agente de contrata\u00e7\u00e3o e Pregoeiro"}, {"id": "6021", "ano": "2023", "numero": "25", "tipo__sigla": "REV", "tipo__descricao": "Relat\u00f3rios de rodagem do ve\u00edculo e outros", "assunto": "Levar funcion\u00e1rios em curso de capacita\u00e7\u00e3o em Belo Horizonte (15/02/2023 a 17/02/2023)"}, {"id": "6065", "ano": "2023", "numero": "25", "tipo__sigla": "OR", "tipo__descricao": "OF\u00cdCIOS RECEBIDOS", "assunto": "Encaminha os balancetes de receitas e despesas referentes ao m\u00eas de janeiro de 2023"}, {"id": "6157", "ano": "2023", "numero": "25", "tipo__sigla": "OVC", "tipo__descricao": "Of\u00edcio de Vereador/Comiss\u00e3o", "assunto": "Solicita atrav\u00e9s de emenda parlamentar recursos no valor de R$40.000,00 (quarenta mil reais) destinados a instala\u00e7\u00e3o de brinquedos de playground (Deputado  Wendel Mesquista)"}, {"id": "6243", "ano": "2023", "numero": "25", "tipo__sigla": "MEM", "tipo__descricao": "Memorando", "assunto": "Solicita abertura de processo administrativo para aquisi\u00e7\u00e3o de cota de g\u00e1s e g\u00e1s de cozinha"}, {"id": "6433", "ano": "2023", "numero": "25", "tipo__sigla": "CERT", "tipo__descricao": "CERTIFICADO", "assunto": "Certifica que Ruiter Silva de Oliveira participou do curso \"Forma\u00e7\u00e3o de Agente de contrata\u00e7\u00e3o, pregoeiro, comiss\u00e3o e equipe de apoio\""}, {"id": "6578", "ano": "2023", "numero": "25", "tipo__sigla": "JUST", "tipo__descricao": "Justificativas", "assunto": "Autoriza\u00e7\u00e3o para jornada divergente Isabela Louren\u00e7\u00e3o Messias 30/05/2023"}, {"id": "6870", "ano": "2023", "numero": "25", "tipo__sigla": "OCI", "tipo__descricao": "Of\u00edcios da Controladoria Interna", "assunto": "Documentos protocolados no Sistema de Apoio ao Processo Legislativo"}, {"id": "6975", "ano": "2023", "numero": "25", "tipo__sigla": "DDCI", "tipo__descricao": "Documentos Diversos da Controladoria Interna", "assunto": "Movimenta\u00e7\u00e3o Banc\u00e1ria Mensal - Detalhada (Agosto/2023)"}, {"id": "7030", "ano": "2023", "numero": "25", "tipo__sigla": "ARO", "tipo__descricao": "ATAS DAS REUNI\u00d5ES ORDIN\u00c1RIAS", "assunto": "Ata da 25\u00aa reuni\u00e3o ordin\u00e1ria da 3\u00aa sess\u00e3o legislativa da 15\u00aa legislatura da C\u00e2mara Municipal de Santana da Vargem"}, {"id": "7071", "ano": "2023", "numero": "25", "tipo__sigla": "DEC", "tipo__descricao": "Declara\u00e7\u00e3o", "assunto": "Declara\u00e7\u00e3o de bens e valores Laidia Mesquita de Sousa (exerc\u00edcio 2023- ano calend\u00e1rio 2022)"}, {"id": "7241", "ano": "2023", "numero": "25", "tipo__sigla": "AT", "tipo__descricao": "ATESTADO", "assunto": "Atesta que Larissa Oliveira Naves deve ser afastada das suas atividades por 05 (cinco) dias a partir do dia 13/11/2023"}, {"id": "7242", "ano": "2023", "numero": "25", "tipo__sigla": "ODC", "tipo__descricao": "Of\u00edcio/documento Cont\u00e1bil", "assunto": "Orienta\u00e7\u00f5es sobre aux\u00edlio alimenta\u00e7\u00e3o"}, {"id": "7433", "ano": "2023", "numero": "25", "tipo__sigla": "REDF", "tipo__descricao": "Reda\u00e7\u00e3o Final", "assunto": "Reda\u00e7\u00e3o final do projeto de lei complementar n\u00ba 15 de 28 de novembro de 2023"}, {"id": "5959", "ano": "2023", "numero": "26", "tipo__sigla": "DI", "tipo__descricao": "Di\u00e1rias e documentos relativos", "assunto": "Levar funcion\u00e1ria na padaria para buscar p\u00e3o (Santana da Vargem 07/02/2023 a 07/02/2023)"}, {"id": "6001", "ano": "2023", "numero": "26", "tipo__sigla": "OFEXP", "tipo__descricao": "Of\u00edcio Expedido", "assunto": "Encaminha proposi\u00e7\u00f5es aprovadas"}, {"id": "6048", "ano": "2023", "numero": "26", "tipo__sigla": "PARE", "tipo__descricao": "PARECER", "assunto": "Parecer Jur\u00eddico - Licita\u00e7\u00e3o - Inexigibilidade - Servidor/Vereador - Curso - Orienta\u00e7\u00f5es para a implementa\u00e7\u00e3o da nova lei de licita\u00e7\u00f5es e contratos administrativos\u201d."}, {"id": "6049", "ano": "2023", "numero": "26", "tipo__sigla": "REV", "tipo__descricao": "Relat\u00f3rios de rodagem do ve\u00edculo e outros", "assunto": "Ir na padaria buscar p\u00e3o (24/02/2023)"}, {"id": "6109", "ano": "2023", "numero": "26", "tipo__sigla": "OR", "tipo__descricao": "OF\u00cdCIOS RECEBIDOS", "assunto": "Convida todas as servidoras, vereadoras e esposas de vereadores para participarem de evento de comemora\u00e7\u00e3o do dia das mulheres"}, {"id": "6158", "ano": "2023", "numero": "26", "tipo__sigla": "OVC", "tipo__descricao": "Of\u00edcio de Vereador/Comiss\u00e3o", "assunto": "Solicita atrav\u00e9s de emenda parlamentar recursos financeiros no valor de R$30.000,00 destinados \u00e0 aquisi\u00e7\u00e3o de equipamentos esportivos para o Munic\u00edpio de Santana da Vargem (Deputado Wendel)"}, {"id": "6281", "ano": "2023", "numero": "26", "tipo__sigla": "MEM", "tipo__descricao": "Memorando", "assunto": "Solicita que a contabilidade e controle interno fa\u00e7am revis\u00e3o dos valores devidos de di\u00e1ria referente \u00e0 viagem para Bras\u00edlia"}, {"id": "6518", "ano": "2023", "numero": "26", "tipo__sigla": "CERT", "tipo__descricao": "CERTIFICADO", "assunto": "Certifica que Carlos C\u00e9zar Ribeiro participou do 495\u00ba Curso de Capacita\u00e7\u00e3o com o tema \"Fiscaliza\u00e7\u00e3o e planejamento or\u00e7ament\u00e1rio municipal (PPA, LDO e LOA)\" realizado no per\u00edodo de 09 a 12 de maio de 2023, no audit\u00f3rio do hotel Normandy, na cidade de Belo Horizonte- MG"}, {"id": "6604", "ano": "2023", "numero": "26", "tipo__sigla": "JUST", "tipo__descricao": "Justificativas", "assunto": "Autoriza\u00e7\u00e3o para jornada divergente Ruiter Silva de Oliveira 31/05/2023"}, {"id": "6881", "ano": "2023", "numero": "26", "tipo__sigla": "OCI", "tipo__descricao": "Of\u00edcios da Controladoria Interna", "assunto": "Solicita inscri\u00e7\u00e3o em curso de capacita\u00e7\u00e3o"}, {"id": "6976", "ano": "2023", "numero": "26", "tipo__sigla": "DDCI", "tipo__descricao": "Documentos Diversos da Controladoria Interna", "assunto": "Movimenta\u00e7\u00e3o Banc\u00e1ria Mensal - Resumida (Agosto/2023)"}, {"id": "7054", "ano": "2023", "numero": "26", "tipo__sigla": "ARO", "tipo__descricao": "ATAS DAS REUNI\u00d5ES ORDIN\u00c1RIAS", "assunto": "Ata da 26\u00aa reuni\u00e3o ordin\u00e1ria da 3\u00aa sess\u00e3o legislativa da 15\u00aa legislatura da C\u00e2mara Municipal de Santana da Vargem"}, {"id": "7140", "ano": "2023", "numero": "26", "tipo__sigla": "DEC", "tipo__descricao": "Declara\u00e7\u00e3o", "assunto": "Declara que o Sr. Emerson Silva Ara\u00fajo compareceu na sede da Promotoria de Justi\u00e7a de Tr\u00eas Pontas- MG (25/10/2023)"}, {"id": "7262", "ano": "2023", "numero": "26", "tipo__sigla": "AT", "tipo__descricao": "ATESTADO", "assunto": "Declara que Isabela Louren\u00e7\u00e3o Messias compareceu no laborat\u00f3rio Breyner para coleta de material biol\u00f3gico"}, {"id": "7263", "ano": "2023", "numero": "26", "tipo__sigla": "ODC", "tipo__descricao": "Of\u00edcio/documento Cont\u00e1bil", "assunto": "Solicita orienta\u00e7\u00f5es sobre o pagamento de adicional de participa\u00e7\u00e3o em comiss\u00e3o"}, {"id": "7434", "ano": "2023", "numero": "26", "tipo__sigla": "REDF", "tipo__descricao": "Reda\u00e7\u00e3o Final", "assunto": "Reda\u00e7\u00e3o final do projeto de lei ordin\u00e1ria 049 de 31 de agosto de 2023"}, {"id": "5961", "ano": "2023", "numero": "27", "tipo__sigla": "DI", "tipo__descricao": "Di\u00e1rias e documentos relativos", "assunto": "Requerimento de concess\u00e3o de di\u00e1rias adiantadas Alanis Carolina de Oliveira Moreira (Belo Horizonte- 28 de fevereiro a 03 de mar\u00e7o)"}, {"id": "6014", "ano": "2023", "numero": "27", "tipo__sigla": "OFEXP", "tipo__descricao": "Of\u00edcio Expedido", "assunto": "Encaminhamento de retifica\u00e7\u00e3o de reda\u00e7\u00e3o final."}, {"id": "6053", "ano": "2023", "numero": "27", "tipo__sigla": "REV", "tipo__descricao": "Relat\u00f3rios de rodagem do ve\u00edculo e outros", "assunto": "Levar carro para abastecer, lavar, conferir \u00f3leo e calibrar (Santana da Vargem- 27/02/2023)"}, {"id": "6074", "ano": "2023", "numero": "27", "tipo__sigla": "PARE", "tipo__descricao": "PARECER", "assunto": "Parecer Jur\u00eddico - Projeto de Lei Ordin\u00e1ria do Legislativo - , Visa instituir a semana municipal de orienta\u00e7\u00e3o ao diagn\u00f3stico precoce, preven\u00e7\u00e3o\r\ne combate ao c\u00e2ncer munic\u00edpio de Santana da Vargem."}, {"id": "6110", "ano": "2023", "numero": "27", "tipo__sigla": "OR", "tipo__descricao": "OF\u00cdCIOS RECEBIDOS", "assunto": "Resposta ao of\u00edcio 002/2023 Luiz Felipe Mendon\u00e7a Rodrigues"}, {"id": "6159", "ano": "2023", "numero": "27", "tipo__sigla": "OVC", "tipo__descricao": "Of\u00edcio de Vereador/Comiss\u00e3o", "assunto": "Solicita atrav\u00e9s de emenda parlamentar recursos no valor de R$100.000,00 destinados a aquisi\u00e7\u00e3o de equipamentos hospitalares"}, {"id": "6291", "ano": "2023", "numero": "27", "tipo__sigla": "MEM", "tipo__descricao": "Memorando", "assunto": "Situa\u00e7\u00e3o excepcional."}, {"id": "6519", "ano": "2023", "numero": "27", "tipo__sigla": "CERT", "tipo__descricao": "CERTIFICADO", "assunto": "Certifica que Jackson Luiz Ven\u00e2ncio de Souza participou do 495\u00ba Curso de Capacita\u00e7\u00e3o com o tema \"Fiscaliza\u00e7\u00e3o e planejamento or\u00e7ament\u00e1rio municipal (PPA, LDO e LOA)\" realizado no per\u00edodo de 09 a 12 de maio de 2023, no audit\u00f3rio do hotel Normandy, na cidade de Belo Horizonte- MG"}, {"id": "6657", "ano": "2023", "numero": "27", "tipo__sigla": "JUST", "tipo__descricao": "Justificativas", "assunto": "Solicita autoriza\u00e7\u00e3o para realizar jornada divergente Ruiter Silva de Oliveira 07/06/2023"}, {"id": "6977", "ano": "2023", "numero": "27", "tipo__sigla": "DDCI", "tipo__descricao": "Documentos Diversos da Controladoria Interna", "assunto": "Movimenta\u00e7\u00e3o Banc\u00e1ria Mensal - Acumulada (Agosto/2023)"}, {"id": "6986", "ano": "2023", "numero": "27", "tipo__sigla": "OCI", "tipo__descricao": "Of\u00edcios da Controladoria Interna", "assunto": "Documentos protocolados no Sistema de Apoio ao Processo Legislativo (SAPL)"}, {"id": "7064", "ano": "2023", "numero": "27", "tipo__sigla": "ARO", "tipo__descricao": "ATAS DAS REUNI\u00d5ES ORDIN\u00c1RIAS", "assunto": "Ata da 27\u00aa reuni\u00e3o ordin\u00e1ria da 3\u00aa sess\u00e3o legislativa da 15\u00aa legislatura da C\u00e2mara Municipal de Santana da Vargem (25/09/2023)"}, {"id": "7194", "ano": "2023", "numero": "27", "tipo__sigla": "DEC", "tipo__descricao": "Declara\u00e7\u00e3o", "assunto": "T\u00edtulo Declarat\u00f3rio de Estabilidade da servidora Alanis Carolina de Oliveira Moreira."}, {"id": "7280", "ano": "2023", "numero": "27", "tipo__sigla": "AT", "tipo__descricao": "ATESTADO", "assunto": "Atesta que Emerson Silva Ara\u00fajo esteve sob tratamento m\u00e9dico devendo ser afastado do servi\u00e7o por dois dias a partir do dia 21/11/2023"}, {"id": "7369", "ano": "2023", "numero": "27", "tipo__sigla": "ODC", "tipo__descricao": "Of\u00edcio/documento Cont\u00e1bil", "assunto": "Resposta ao memorando feito para a contabilidade- Emerson Silva Ara\u00fajo - f\u00e9rias"}, {"id": "7435", "ano": "2023", "numero": "27", "tipo__sigla": "REDF", "tipo__descricao": "Reda\u00e7\u00e3o Final", "assunto": "Reda\u00e7\u00e3o final do projeto de lei n\u00ba 14 de 22 de mar\u00e7o de 2023"}, {"id": "5963", "ano": "2023", "numero": "28", "tipo__sigla": "DI", "tipo__descricao": "Di\u00e1rias e documentos relativos", "assunto": "Requerimento de concess\u00e3o de di\u00e1rias adiantadas Ruiter Silva de Oliveira (Belo Horizonte 28 de fevereiro a 03 de mar\u00e7o)"}, {"id": "6040", "ano": "2023", "numero": "28", "tipo__sigla": "OFEXP", "tipo__descricao": "Of\u00edcio Expedido", "assunto": "Encaminha proposi\u00e7\u00e3o aprovada na 2\u00aa reuni\u00e3o ordin\u00e1ria"}, {"id": "6083", "ano": "2023", "numero": "28", "tipo__sigla": "REV", "tipo__descricao": "Relat\u00f3rios de rodagem do ve\u00edculo e outros", "assunto": "Levar funcion\u00e1rios Ruiter, Alanis, e presidente Carlos C\u00e9zar para fazer curso (Belo Horizonte- 28/02/2023 a 03/03/2023)"}, {"id": "6088", "ano": "2023", "numero": "28", "tipo__sigla": "PARE", "tipo__descricao": "PARECER", "assunto": "Parecer Jur\u00eddico - Projeto de Lei Complementar n\u00ba 06 - 2021 - Versa acerca do pedido do Poder Executivo para que seja autorizada a institui\u00e7\u00e3o da Contribui\u00e7\u00e3o de Ilumina\u00e7\u00e3o P\u00fablica."}, {"id": "6117", "ano": "2023", "numero": "28", "tipo__sigla": "OR", "tipo__descricao": "OF\u00cdCIOS RECEBIDOS", "assunto": "Comunica que o subsecret\u00e1rio municipal Tiago Faria Corr\u00eaa n\u00e3o comparecer\u00e1 na 5\u00aa reuni\u00e3o ordin\u00e1ria"}, {"id": "6172", "ano": "2023", "numero": "28", "tipo__sigla": "OVC", "tipo__descricao": "Of\u00edcio de Vereador/Comiss\u00e3o", "assunto": "Solicita informa\u00e7\u00f5es acerca de documenta\u00e7\u00e3o (projeto de lei das casinhas)"}, {"id": "6320", "ano": "2023", "numero": "28", "tipo__sigla": "MEM", "tipo__descricao": "Memorando", "assunto": "Solicita inscri\u00e7\u00e3o no curso \"A utiliza\u00e7\u00e3o da nova lei de licita\u00e7\u00f5es 14133 de 2021 com foco na contrata\u00e7\u00e3o direta e na fase preparat\u00f3ria do processo licitat\u00f3rio (Belo Horizonte - 25 a 28 de abril) e cancelamento do Memorando 10/2023."}, {"id": "6520", "ano": "2023", "numero": "28", "tipo__sigla": "CERT", "tipo__descricao": "CERTIFICADO", "assunto": "Certifica que Vitor Donizetti Siqueira Junior participou do 495\u00ba Curso de Capacita\u00e7\u00e3o com o tema \"Fiscaliza\u00e7\u00e3o e planejamento or\u00e7ament\u00e1rio municipal (PPA, LDO e LOA)\" realizado no per\u00edodo de 09 a 12 de maio de 2023, no audit\u00f3rio do hotel Normandy, na cidade de Belo Horizonte- MG"}, {"id": "6665", "ano": "2023", "numero": "28", "tipo__sigla": "JUST", "tipo__descricao": "Justificativas", "assunto": "Justificativa n\u00e3o marca\u00e7\u00e3o do ponto eletr\u00f4nico Ruiter Silva de Oliveira 07/06/2023"}, {"id": "7024", "ano": "2023", "numero": "28", "tipo__sigla": "OCI", "tipo__descricao": "Of\u00edcios da Controladoria Interna", "assunto": "Requerimento de exonera\u00e7\u00e3o de cargo p\u00fablico"}, {"id": "7082", "ano": "2023", "numero": "28", "tipo__sigla": "ARO", "tipo__descricao": "ATAS DAS REUNI\u00d5ES ORDIN\u00c1RIAS", "assunto": "Ata da 28 reuni\u00e3o ordin\u00e1ria da 3\u00aa sess\u00e3o legislativa da 15\u00aa legislatura da C\u00e2mara Municipal de Santana da Vagem"}, {"id": "7120", "ano": "2023", "numero": "28", "tipo__sigla": "DDCI", "tipo__descricao": "Documentos Diversos da Controladoria Interna", "assunto": "Parecer da Controladoria Interna n.\u00b0 01/2023 \r\nAssunto: Projeto de Lei n.\u00ba 046 de 31 de agosto de 2023 -LOA"}, {"id": "7195", "ano": "2023", "numero": "28", "tipo__sigla": "DEC", "tipo__descricao": "Declara\u00e7\u00e3o", "assunto": "T\u00edtulo Declarat\u00f3rio de Estabilidade da servidora Larissa de Oliveira Naves."}, {"id": "7281", "ano": "2023", "numero": "28", "tipo__sigla": "AT", "tipo__descricao": "ATESTADO", "assunto": "Atestado M\u00e9dico 28/11/2023, a partir de  15h00min"}, {"id": "7370", "ano": "2023", "numero": "28", "tipo__sigla": "ODC", "tipo__descricao": "Of\u00edcio/documento Cont\u00e1bil", "assunto": "Solicita aquisi\u00e7\u00e3o de fragmentadora de papel"}, {"id": "5966", "ano": "2023", "numero": "29", "tipo__sigla": "DI", "tipo__descricao": "Di\u00e1rias e documentos relativos", "assunto": "Requerimento de di\u00e1rias de concess\u00e3o de di\u00e1rias adiantadas  Jackson Luiz Ven\u00e2ncio (Nova Rezende- 10/02/2023)"}, {"id": "6043", "ano": "2023", "numero": "29", "tipo__sigla": "OFEXP", "tipo__descricao": "Of\u00edcio Expedido", "assunto": "Resposta ao of\u00edcio 008/2023 da 3\u00aa Promotoria de Justi\u00e7a de Tr\u00eas Pontas"}, {"id": "6092", "ano": "2023", "numero": "29", "tipo__sigla": "REV", "tipo__descricao": "Relat\u00f3rios de rodagem do ve\u00edculo e outros", "assunto": "Levar funcion\u00e1ria na padaria para buscar p\u00e3o e no mercado do Roney buscar \u00e1gua mineral (Santana da Vargem- 06/03/2023)"}, {"id": "6093", "ano": "2023", "numero": "29", "tipo__sigla": "PARE", "tipo__descricao": "PARECER", "assunto": "Parecer Jur\u00eddico - Veto ao projeto de lei ordin\u00e1ria 12 - 2022 - Di\u00e1ria do Executivo"}, {"id": "6120", "ano": "2023", "numero": "29", "tipo__sigla": "OR", "tipo__descricao": "OF\u00cdCIOS RECEBIDOS", "assunto": "Encaminha certid\u00e3o de avalia\u00e7\u00e3o e certid\u00f5es de inteiro teor para serem anexados no projeto de lei 006/2023"}, {"id": "6175", "ano": "2023", "numero": "29", "tipo__sigla": "OVC", "tipo__descricao": "Of\u00edcio de Vereador/Comiss\u00e3o", "assunto": "Solicita atrav\u00e9s de emenda parlamentar R$100.000,00 para aquisi\u00e7\u00e3o de equipamentos hospitalares (Professor Cleiton)"}, {"id": "6353", "ano": "2023", "numero": "29", "tipo__sigla": "MEM", "tipo__descricao": "Memorando", "assunto": "Solicita inscri\u00e7\u00e3o no curso de contrata\u00e7\u00e3o direta"}, {"id": "6570", "ano": "2023", "numero": "29", "tipo__sigla": "CERT", "tipo__descricao": "CERTIFICADO", "assunto": "Certifica que Ronalthe Dayglas Rocha participou do 38\u00ba congresso mineiro dos munic\u00edpios e visitou a 36\u00aa feira para o desenvolvimento dos munic\u00edpios"}, {"id": "6702", "ano": "2023", "numero": "29", "tipo__sigla": "JUST", "tipo__descricao": "Justificativas", "assunto": "Solicita\u00e7\u00e3o de autoriza\u00e7\u00e3o divergente Alanis Carolina de Oliveira Moreira 16/06/2023"}, {"id": "7072", "ano": "2023", "numero": "29", "tipo__sigla": "OCI", "tipo__descricao": "Of\u00edcios da Controladoria Interna", "assunto": "Solicita participa\u00e7\u00e3o em curso \"Forma\u00e7\u00e3o e Atualiza\u00e7\u00e3o para controladores internos\""}, {"id": "7097", "ano": "2023", "numero": "29", "tipo__sigla": "ARO", "tipo__descricao": "ATAS DAS REUNI\u00d5ES ORDIN\u00c1RIAS", "assunto": "Ata da 29\u00aa reuni\u00e3o ordin\u00e1ria da 3\u00aa sess\u00e3o legislativa da 15\u00aa legislatura da C\u00e2mara Municipal de Santana da Vargem"}, {"id": "7123", "ano": "2023", "numero": "29", "tipo__sigla": "DDCI", "tipo__descricao": "Documentos Diversos da Controladoria Interna", "assunto": "Parecer 02/2023 - Assunto: Projeto de Lei n.\u00ba 059 de 16 de outubro de 2023 - Abertura de cr\u00e9dito adicional por excesso de arrecada\u00e7\u00e3o no or"}, {"id": "7389", "ano": "2023", "numero": "29", "tipo__sigla": "ODC", "tipo__descricao": "Of\u00edcio/documento Cont\u00e1bil", "assunto": "Informa disponibilidade or\u00e7ament\u00e1ria para reajuste (aumento) no subs\u00eddio dos vereadores para R$4.998,10 (quatro mil novecentos e noventa e oito reais e dez centavos)"}, {"id": "7400", "ano": "2023", "numero": "29", "tipo__sigla": "AT", "tipo__descricao": "ATESTADO", "assunto": "Atestado 11/12/2023, 15h \u00e0s 17h"}, {"id": "5973", "ano": "2023", "numero": "30", "tipo__sigla": "DI", "tipo__descricao": "Di\u00e1rias e documentos relativos", "assunto": "Requerimento de concess\u00e3o de di\u00e1rias adiantadas Maria Aparecida de Ara\u00fajo Reis (Bras\u00edlia-26/03/2023 a 30/03/2023)"}, {"id": "6052", "ano": "2023", "numero": "30", "tipo__sigla": "OFEXP", "tipo__descricao": "Of\u00edcio Expedido", "assunto": "Justificativa de pagamento de di\u00e1rias"}, {"id": "6105", "ano": "2023", "numero": "30", "tipo__sigla": "REV", "tipo__descricao": "Relat\u00f3rios de rodagem do ve\u00edculo e outros", "assunto": "Levar funcion\u00e1ria na secretaria de esportes e padaria para buscar p\u00e3o (Santana da Vargem- 07/03/2023)"}, {"id": "6121", "ano": "2023", "numero": "30", "tipo__sigla": "OR", "tipo__descricao": "OF\u00cdCIOS RECEBIDOS", "assunto": "Resposta ao of\u00edcio expedido 043/2023"}, {"id": "6123", "ano": "2023", "numero": "30", "tipo__sigla": "PARE", "tipo__descricao": "PARECER", "assunto": "Parecer Jur\u00eddico - Projeto de Lei Ordin\u00e1ria n\u00ba 03 - 2023 - Altera o n\u00famero de integrantes do Conselho Municipal de Acompanhamento e Controle Social do Fundo de Manuten\u00e7\u00e3o e Desenvolvimento da Educa\u00e7\u00e3o B\u00e1sica e Valoriza\u00e7\u00e3o dos Profissionais da Educa\u00e7\u00e3o"}, {"id": "6176", "ano": "2023", "numero": "30", "tipo__sigla": "OVC", "tipo__descricao": "Of\u00edcio de Vereador/Comiss\u00e3o", "assunto": "Solicita atrav\u00e9s de emenda parlamentar R$30.000,00 para a cultura, esporte lazer e turismo"}, {"id": "6375", "ano": "2023", "numero": "30", "tipo__sigla": "MEM", "tipo__descricao": "Memorando", "assunto": "Requer 20 dias de f\u00e9rias parcelados em dois per\u00edodos e convers\u00e3o de 1/3 em abono pecuni\u00e1rio \r\nPrimeiro per\u00edodo 08 a 17 de maio e o segundo per\u00edodo 12 a 21 de junho"}, {"id": "6574", "ano": "2023", "numero": "30", "tipo__sigla": "CERT", "tipo__descricao": "CERTIFICADO", "assunto": "Certifica que Ruiter Silva de Oliveira participou do curso \"Implementa\u00e7\u00e3o da LGPD- Lei Geral de Prote\u00e7\u00e3o de Dados nos munic\u00edpios\" que se realizou nos dias 24 a 26 de 2023 na cidade de Belo Horizonte/MG tendo o curso carga hor\u00e1ria de 14h"}, {"id": "6843", "ano": "2023", "numero": "30", "tipo__sigla": "JUST", "tipo__descricao": "Justificativas", "assunto": "Justificativa n\u00e3o marca\u00e7\u00e3o de ponto eletr\u00f4nico Alessandra Dixini Ara\u00fajo 01/08/2023"}, {"id": "7094", "ano": "2023", "numero": "30", "tipo__sigla": "OCI", "tipo__descricao": "Of\u00edcios da Controladoria Interna", "assunto": "Relat\u00f3rio da controladoria n\u00ba 01, per\u00edodo 02/10/2023  a 11/10/2023"}, {"id": "7122", "ano": "2023", "numero": "30", "tipo__sigla": "ARO", "tipo__descricao": "ATAS DAS REUNI\u00d5ES ORDIN\u00c1RIAS", "assunto": "Ata da 30\u00aa reuni\u00e3o ordin\u00e1ria da terceira sess\u00e3o legislativa da 15\u00aa legislatura da C\u00e2mara municipal de Santana da Vargem realizada no dia 17 / 10 / 2023."}, {"id": "7124", "ano": "2023", "numero": "30", "tipo__sigla": "DDCI", "tipo__descricao": "Documentos Diversos da Controladoria Interna", "assunto": "Parecer 03\r\nProjeto de Lei n.\u00ba 060 de 16 de outubro de 2023 \u2013 Abertura de cr\u00e9dito adicional especial por excesso de arrecada\u00e7\u00e3o no or\u00e7amento."}, {"id": "5975", "ano": "2023", "numero": "31", "tipo__sigla": "DI", "tipo__descricao": "Di\u00e1rias e documentos relativos", "assunto": "Requerimento de concess\u00e3o de di\u00e1ria ao motorista (Bras\u00edlia 26/03/2023 a 30/03/2023)"}, {"id": "6054", "ano": "2023", "numero": "31", "tipo__sigla": "OFEXP", "tipo__descricao": "Of\u00edcio Expedido", "assunto": "Encaminha as indica\u00e7\u00f5es 010, 011, 012 e 013 feitas pelo vereador Vitor Donizetti Siqueira Junior"}, {"id": "6106", "ano": "2023", "numero": "31", "tipo__sigla": "REV", "tipo__descricao": "Relat\u00f3rios de rodagem do ve\u00edculo e outros", "assunto": "Levar funcion\u00e1ria no mercado do Rony"}, {"id": "6127", "ano": "2023", "numero": "31", "tipo__sigla": "PARE", "tipo__descricao": "PARECER", "assunto": "Parecer Jur\u00eddico - Projeto de Lei Ordin\u00e1ria 01 - 2023 - Doa\u00e7\u00e3o de Im\u00f3vel do Munic\u00edpio - Casas Populares"}, {"id": "6149", "ano": "2023", "numero": "31", "tipo__sigla": "OR", "tipo__descricao": "OF\u00cdCIOS RECEBIDOS", "assunto": "Convite para o evento esportivo no est\u00e1dio municipal 19/03/2023, 14h"}, {"id": "6177", "ano": "2023", "numero": "31", "tipo__sigla": "OVC", "tipo__descricao": "Of\u00edcio de Vereador/Comiss\u00e3o", "assunto": "Solicita atrav\u00e9s de emenda parlamentar R$40.000,00 para a aquisi\u00e7\u00e3o de brinquedos de prayground"}, {"id": "6394", "ano": "2023", "numero": "31", "tipo__sigla": "MEM", "tipo__descricao": "Memorando", "assunto": "Requer a incorpora\u00e7\u00e3o de um adicional por tempo de servi\u00e7o"}, {"id": "6585", "ano": "2023", "numero": "31", "tipo__sigla": "CERT", "tipo__descricao": "CERTIFICADO", "assunto": "Certifica que Alanis Carolina de Oliveira Moreira participou do curso: Implementa\u00e7\u00e3o da LGPD- Lei Geral de Prote\u00e7\u00e3o de Dados nos Munic\u00edpios que realizou nos dias 24 a 26 de maio de 2023 na cidade de Belo Horizonte/MG"}, {"id": "6844", "ano": "2023", "numero": "31", "tipo__sigla": "JUST", "tipo__descricao": "Justificativas", "assunto": "Justificativa de n\u00e3o marca\u00e7\u00e3o do ponto eletr\u00f4nico Alanis Carolina de Oliveira Moreira 29/07/2023"}, {"id": "7151", "ano": "2023", "numero": "31", "tipo__sigla": "ARO", "tipo__descricao": "ATAS DAS REUNI\u00d5ES ORDIN\u00c1RIAS", "assunto": "Ata da 31\u00aa reuni\u00e3o ordin\u00e1ria da 3\u00aa sess\u00e3o legislativa da 15\u00aa legislatura da C\u00e2mara Municipal de Santana da Vargem"}, {"id": "7166", "ano": "2023", "numero": "31", "tipo__sigla": "OCI", "tipo__descricao": "Of\u00edcios da Controladoria Interna", "assunto": "Solicita informa\u00e7\u00f5es referentes ao per\u00edodo 01/10/2023 a 30/10/2023- Ruiter Silva"}, {"id": "7185", "ano": "2023", "numero": "31", "tipo__sigla": "DDCI", "tipo__descricao": "Documentos Diversos da Controladoria Interna", "assunto": "Of\u00edcio da Controladoria interna n.\u00ba 33/2023 - Resposta ao Of\u00edcio n.\u00ba2/2023  da Diretoria"}, {"id": "5980", "ano": "2023", "numero": "32", "tipo__sigla": "DI", "tipo__descricao": "Di\u00e1rias e documentos relativos", "assunto": "C\u00e1lculo de quantidade e de valores a pagar de di\u00e1rias Jackson Luiz Ven\u00e2ncio de Souza (Nova Resende- 10/02/2023)"}, {"id": "6055", "ano": "2023", "numero": "32", "tipo__sigla": "OFEXP", "tipo__descricao": "Of\u00edcio Expedido", "assunto": "Encaminha a indica\u00e7\u00e3o 002 feita pelo vereador Jackson Luiz Ven\u00e2ncio de Souza"}, {"id": "6124", "ano": "2023", "numero": "32", "tipo__sigla": "REV", "tipo__descricao": "Relat\u00f3rios de rodagem do ve\u00edculo e outros", "assunto": "Levar funcion\u00e1ria no mercado e na padaria (Santana da Vargem 13/03/2023)"}, {"id": "6128", "ano": "2023", "numero": "32", "tipo__sigla": "PARE", "tipo__descricao": "PARECER", "assunto": "Parecer jur\u00eddico - Processo de Inexigibilidade - Curso - Licita\u00e7\u00e3o - Servidor.\u201cOrienta\u00e7\u00f5es para a implementa\u00e7\u00e3o da nova lei de licita\u00e7\u00f5es e contratos administrativos\u201d"}, {"id": "6184", "ano": "2023", "numero": "32", "tipo__sigla": "OVC", "tipo__descricao": "Of\u00edcio de Vereador/Comiss\u00e3o", "assunto": "Solicita informa\u00e7\u00f5es a respeito da cessa\u00e7\u00e3o do transporte escolar de alguns alunos do Centro Municipal de Educa\u00e7\u00e3o Infantil Dona Ate neste munic\u00edpio"}, {"id": "6190", "ano": "2023", "numero": "32", "tipo__sigla": "OR", "tipo__descricao": "OF\u00cdCIOS RECEBIDOS", "assunto": "Requer tramita\u00e7\u00e3o em urg\u00eancia nos projetos de lei 11/2023 e 13/2023"}, {"id": "6398", "ano": "2023", "numero": "32", "tipo__sigla": "MEM", "tipo__descricao": "Memorando", "assunto": "Solicita permiss\u00e3o para levar notebook e material de trabalho"}, {"id": "6631", "ano": "2023", "numero": "32", "tipo__sigla": "CERT", "tipo__descricao": "CERTIFICADO", "assunto": "Certifica que Maria Aparecida de Araujo participou do 501\u00ba Curso de Capacita\u00e7\u00e3o com o tema: \"Fiscaliza\u00e7\u00e3o parlamentar e o papel da assessoria jur\u00eddica e do controle interno no novo regime de contrata\u00e7\u00e3o p\u00fablica brasileira durante a fase de execu\u00e7\u00e3o contratual\""}, {"id": "6983", "ano": "2023", "numero": "32", "tipo__sigla": "JUST", "tipo__descricao": "Justificativas", "assunto": "Autoriza\u00e7\u00e3o para jornada divergente Cleber de Brito 11/09/2023"}, {"id": "7152", "ano": "2023", "numero": "32", "tipo__sigla": "ARO", "tipo__descricao": "ATAS DAS REUNI\u00d5ES ORDIN\u00c1RIAS", "assunto": "Ata da 32\u00aa reuni\u00e3o ordin\u00e1ria da 3\u00aa sess\u00e3o legislativa da 15\u00aa legislatura"}, {"id": "7167", "ano": "2023", "numero": "32", "tipo__sigla": "OCI", "tipo__descricao": "Of\u00edcios da Controladoria Interna", "assunto": "Solicita informa\u00e7\u00f5es referente \u00e0s atividades no per\u00edodo de 01/10/2023 a 31/10/2023"}, {"id": "7199", "ano": "2023", "numero": "32", "tipo__sigla": "DDCI", "tipo__descricao": "Documentos Diversos da Controladoria Interna", "assunto": "Parecer da Controladoria Interna n.\u00ba 04/2023\r\nAssunto: Processo Licitat\u00f3rio 44/2023 - Aquisi\u00e7\u00e3o de Placas de Homenagem"}, {"id": "5981", "ano": "2023", "numero": "33", "tipo__sigla": "DI", "tipo__descricao": "Di\u00e1rias e documentos relativos", "assunto": "An\u00e1lise de presta\u00e7\u00e3o de contas do recebimento de di\u00e1rias Maria Aparecida de Ara\u00fajo Reis (Belo Horizonte- 24/01/2023)"}, {"id": "6056", "ano": "2023", "numero": "33", "tipo__sigla": "OFEXP", "tipo__descricao": "Of\u00edcio Expedido", "assunto": "Encaminha as indica\u00e7\u00f5es 006, 007, 008, 009, 010, 011 e 0102 do vereador Luiz Felipe Mendon\u00e7a Rodrigues"}, {"id": "6142", "ano": "2023", "numero": "33", "tipo__sigla": "PARE", "tipo__descricao": "PARECER", "assunto": "Parecer Jur\u00eddico - Projeto de Lei Ordin\u00e1ria n\u00ba 07 - 2023 - Abertura de Cr\u00e9dito Adicional Especial por excesso de arrecada\u00e7\u00e3o - R$ 44.985,93 (quarenta e quatro mil novecentos e oitenta e cinco reais e noventa e tr\u00eas centavos)"}, {"id": "6150", "ano": "2023", "numero": "33", "tipo__sigla": "REV", "tipo__descricao": "Relat\u00f3rios de rodagem do ve\u00edculo e outros", "assunto": "Ir no Posto do Chico Barba buscar cota\u00e7\u00e3o"}, {"id": "6194", "ano": "2023", "numero": "33", "tipo__sigla": "OVC", "tipo__descricao": "Of\u00edcio de Vereador/Comiss\u00e3o", "assunto": "Solicita inscri\u00e7\u00e3o no curso: Obriga\u00e7\u00f5es E-social, EFD, REINF, DCTF WEB"}, {"id": "6205", "ano": "2023", "numero": "33", "tipo__sigla": "OR", "tipo__descricao": "OF\u00cdCIOS RECEBIDOS", "assunto": "Requisita  servidor Emerson Ara\u00fajo para prestar depoimento como testemunha em audi\u00eancia"}, {"id": "6420", "ano": "2023", "numero": "33", "tipo__sigla": "MEM", "tipo__descricao": "Memorando", "assunto": "Solicita informa\u00e7\u00f5es a respeito de uma renova\u00e7\u00e3o de empr\u00e9stimo na modalidade consignado na Caixa Econ\u00f4mica"}, {"id": "6632", "ano": "2023", "numero": "33", "tipo__sigla": "CERT", "tipo__descricao": "CERTIFICADO", "assunto": "Certifica que Felipe Tom\u00e9 Mota e Silva participou do 501\u00ba Curso de Capacita\u00e7\u00e3o com o tema: \"Fiscaliza\u00e7\u00e3o parlamentar e o papel da assessoria jur\u00eddica e do controle interno no novo regime de contrata\u00e7\u00e3o p\u00fablica brasileira durante a fase de execu\u00e7\u00e3o contratual\""}, {"id": "7042", "ano": "2023", "numero": "33", "tipo__sigla": "JUST", "tipo__descricao": "Justificativas", "assunto": "Justificativa aus\u00eancia reuni\u00e3o ordin\u00e1ria 18/012/2023 - Nascimento do filho- Jackson"}, {"id": "7168", "ano": "2023", "numero": "33", "tipo__sigla": "OCI", "tipo__descricao": "Of\u00edcios da Controladoria Interna", "assunto": "Solicita informa\u00e7\u00f5es referentes \u00e0s atividades no per\u00edodo 01/10/2023 a 30/10/2023- Larissa"}, {"id": "7208", "ano": "2023", "numero": "33", "tipo__sigla": "DDCI", "tipo__descricao": "Documentos Diversos da Controladoria Interna", "assunto": "Parecer da Controladoria Interna n.\u00ba 05/2023\r\nAssunto: Processo Licitat\u00f3rio 42/2023 - Aquisi\u00e7\u00e3o de itens de panifica\u00e7\u00e3o"}, {"id": "7217", "ano": "2023", "numero": "33", "tipo__sigla": "ARO", "tipo__descricao": "ATAS DAS REUNI\u00d5ES ORDIN\u00c1RIAS", "assunto": "Ata da 33\u00aa reuni\u00e3o ordin\u00e1ria da 3\u00aa sess\u00e3o legislativa da 15\u00aa legislatura"}, {"id": "5982", "ano": "2023", "numero": "34", "tipo__sigla": "DI", "tipo__descricao": "Di\u00e1rias e documentos relativos", "assunto": "An\u00e1lise de presta\u00e7\u00e3o de contas do recebimento de di\u00e1rias Vitor Donizetti Siqueira Junior (Belo Horizonte- 24/01/2023)"}, {"id": "6057", "ano": "2023", "numero": "34", "tipo__sigla": "OFEXP", "tipo__descricao": "Of\u00edcio Expedido", "assunto": "Autoriza a frui\u00e7\u00e3o dos direitos ao pagamento retroativo do quinqu\u00eanio pelo servidor Ruiter Silva de Oliveira"}, {"id": "6154", "ano": "2023", "numero": "34", "tipo__sigla": "REV", "tipo__descricao": "Relat\u00f3rios de rodagem do ve\u00edculo e outros", "assunto": "Levar funcion\u00e1ria no auto posto Santana, posto avenida, posto Chico Barba para colher cota\u00e7\u00e3o e na padaria (Santana da Vargem 14/03/2023)"}, {"id": "6200", "ano": "2023", "numero": "34", "tipo__sigla": "OVC", "tipo__descricao": "Of\u00edcio de Vereador/Comiss\u00e3o", "assunto": "Solicita informa\u00e7\u00f5es acerca de documenta\u00e7\u00e3o sobre projeto de lei Silmara"}, {"id": "6206", "ano": "2023", "numero": "34", "tipo__sigla": "OR", "tipo__descricao": "OF\u00cdCIOS RECEBIDOS", "assunto": "Responde \u00e0 indica\u00e7\u00e3o 003 do vereador Jackson Luiz Ven\u00e2ncio de Souza"}, {"id": "6218", "ano": "2023", "numero": "34", "tipo__sigla": "PARE", "tipo__descricao": "PARECER", "assunto": "Parecer Jur\u00eddico - Projeto de Lei Ordin\u00e1ria n\u00ba 08 - 2023 - Institui\u00e7\u00e3o da ouvidoria do munic\u00edpio de Santana da Vargem \u2013 MG."}, {"id": "6440", "ano": "2023", "numero": "34", "tipo__sigla": "MEM", "tipo__descricao": "Memorando", "assunto": "informa sobre disponibilidade para participar da Comiss\u00e3o de Transi\u00e7\u00e3o da Lei antiga para a nova lei de licita\u00e7\u00f5es"}, {"id": "6718", "ano": "2023", "numero": "34", "tipo__sigla": "CERT", "tipo__descricao": "CERTIFICADO", "assunto": "Certifica que Vitor Donizetti Siqueira Junior participou do 505\u00ba Curso de Capacita\u00e7\u00e3o com o tema: \" A FISCALIZA\u00c7\u00c3O DA ADMINISTRA\u00c7\u00c3O P\u00daBLICA POR MEIO DO CONTROLE INTERNO MUNIICIPAL (IMPLEMENTA\u00c7\u00c3O DO PLANO ANUAL DE FISCALIZA\u00c7\u00c3O E NORMAS DA NOVA LEI DE LICITA\u00c7\u00d5ES)"}, {"id": "7048", "ano": "2023", "numero": "34", "tipo__sigla": "JUST", "tipo__descricao": "Justificativas", "assunto": "Justificativa de n\u00e3o marca\u00e7\u00e3o de ponto eletr\u00f4nico Emerson Silva Ara\u00fajo 05/08/2023"}, {"id": "7209", "ano": "2023", "numero": "34", "tipo__sigla": "DDCI", "tipo__descricao": "Documentos Diversos da Controladoria Interna", "assunto": "Parecer da Controladoria Interna n. 06/2023\r\nAssunto: Processo Licitat\u00f3rio 34/2023 - aquisi\u00e7\u00e3o de aparelho celular"}, {"id": "7258", "ano": "2023", "numero": "34", "tipo__sigla": "ARO", "tipo__descricao": "ATAS DAS REUNI\u00d5ES ORDIN\u00c1RIAS", "assunto": "Ata da 34\u00aa reuni\u00e3o ordin\u00e1ria da 3\u00aa Sess\u00e3o Legislativa da 15\u00aa legislatura"}, {"id": "7265", "ano": "2023", "numero": "34", "tipo__sigla": "OCI", "tipo__descricao": "Of\u00edcios da Controladoria Interna", "assunto": "Of\u00edcio n.\u00ba 34/2023 - Relat\u00f3rio da m\u00eas de outubro/2023 - Controladoria Interna"}, {"id": "5983", "ano": "2023", "numero": "35", "tipo__sigla": "DI", "tipo__descricao": "Di\u00e1rias e documentos relativos", "assunto": "An\u00e1lise de presta\u00e7\u00e3o de contas do recebimento de di\u00e1rias Carlos Cezar Ribeiro (Belo Horizonte- 24/01/2023)"}, {"id": "6094", "ano": "2023", "numero": "35", "tipo__sigla": "OFEXP", "tipo__descricao": "Of\u00edcio Expedido", "assunto": "Recomenda a devolu\u00e7\u00e3o de di\u00e1rias."}, {"id": "6161", "ano": "2023", "numero": "35", "tipo__sigla": "REV", "tipo__descricao": "Relat\u00f3rios de rodagem do ve\u00edculo e outros", "assunto": "Levar funcion\u00e1ria Larissa em curso de aprimoramento (Belo Horizonte- 15/03/2023 a 17/03/2023)"}, {"id": "6204", "ano": "2023", "numero": "35", "tipo__sigla": "OVC", "tipo__descricao": "Of\u00edcio de Vereador/Comiss\u00e3o", "assunto": "Solicita retirada do projeto de legislativo 17/2022"}, {"id": "6207", "ano": "2023", "numero": "35", "tipo__sigla": "OR", "tipo__descricao": "OF\u00cdCIOS RECEBIDOS", "assunto": "Responde \u00e0s indica\u00e7\u00f5es 017, 018 e 019 do vereador Vitor Donizetti Siqueira Junior"}, {"id": "6219", "ano": "2023", "numero": "35", "tipo__sigla": "PARE", "tipo__descricao": "PARECER", "assunto": "Parecer Jur\u00eddico - Inexigibilidade - Curso curso Gera\u00e7\u00e3o de EFD REINF, E-Social e DCT WEB. - Servidor e Vereador"}, {"id": "6445", "ano": "2023", "numero": "35", "tipo__sigla": "MEM", "tipo__descricao": "Memorando", "assunto": "Adicional por tempo de servi\u00e7o Emerson Silva Ara\u00fajo"}, {"id": "6719", "ano": "2023", "numero": "35", "tipo__sigla": "CERT", "tipo__descricao": "CERTIFICADO", "assunto": "Certifica que Ronalthe Dayglas Rocha participou do 505\u00ba Curso de Capacita\u00e7\u00e3o com o tema: \" A FISCALIZA\u00c7\u00c3O DA ADMINISTRA\u00c7\u00c3O P\u00daBLICA POR MEIO DO CONTROLE INTERNO MUNIICIPAL (IMPLEMENTA\u00c7\u00c3O DO PLANO ANUAL DE FISCALIZA\u00c7\u00c3O E NORMAS DA NOVA LEI DE LICITA\u00c7\u00d5ES)"}, {"id": "7118", "ano": "2023", "numero": "35", "tipo__sigla": "JUST", "tipo__descricao": "Justificativas", "assunto": "Justificativa de n\u00e3o marca\u00e7\u00e3o do ponto eletr\u00f4nico Emerson Silva Ara\u00fajo"}, {"id": "7259", "ano": "2023", "numero": "35", "tipo__sigla": "ARO", "tipo__descricao": "ATAS DAS REUNI\u00d5ES ORDIN\u00c1RIAS", "assunto": "Ata da 35\u00aa reuni\u00e3o ordin\u00e1ria da 3\u00aa sess\u00e3o legislativa da 15\u00aa legislatura"}, {"id": "7285", "ano": "2023", "numero": "35", "tipo__sigla": "DDCI", "tipo__descricao": "Documentos Diversos da Controladoria Interna", "assunto": "Parecer n.\u00ba 07-2023 ref ao Projeto de Lei Ordin\u00e1ria 63/2023.\r\nObs. O parecer foi feito de forma sint\u00e9tica e manuscrito para agilizar, tendo em vista que foram analisados 13 projetos no per\u00edodo da tarde do dia 30/11/2023, em decorr\u00eancia da urg\u00eancia do Executivo. Ressalto que os mesmos foram protocolizados no Legislativo em 27/11/2023 \u00e0s 9h sem tempo h\u00e1bil para maior an\u00e1lise desta, frente a todo o tr\u00e2mite interno que o mesmo percorre at\u00e9 chegar nesta Controladoria Interna."}, {"id": "7323", "ano": "2023", "numero": "35", "tipo__sigla": "OCI", "tipo__descricao": "Of\u00edcios da Controladoria Interna", "assunto": "Oficio da Controladoria interna 36/2023 - solicita\u00e7\u00e3o de informa\u00e7\u00f5es - Contadora - Ref M\u00eas de Novembro/2023"}, {"id": "5986", "ano": "2023", "numero": "36", "tipo__sigla": "DI", "tipo__descricao": "Di\u00e1rias e documentos relativos", "assunto": "Relat\u00f3rio de viagem Jackson Luiz Ven\u00e2ncio de Souza (Nova Resende- 10/02/2023)"}, {"id": "6096", "ano": "2023", "numero": "36", "tipo__sigla": "OFEXP", "tipo__descricao": "Of\u00edcio Expedido", "assunto": "Encaminha projeto de lei 057 aprovado na 3\u00aa reuni\u00e3o ordin\u00e1ria"}, {"id": "6168", "ano": "2023", "numero": "36", "tipo__sigla": "REV", "tipo__descricao": "Relat\u00f3rios de rodagem do ve\u00edculo e outros", "assunto": "Levar funcion\u00e1ria na padaria para buscar p\u00e3o e nos com\u00e9rcios para buscar cota\u00e7\u00e3o"}, {"id": "6208", "ano": "2023", "numero": "36", "tipo__sigla": "OR", "tipo__descricao": "OF\u00cdCIOS RECEBIDOS", "assunto": "Responde \u00e0 indica\u00e7\u00e3o 001 do vereador Ronalthe Dayglas Rocha"}, {"id": "6224", "ano": "2023", "numero": "36", "tipo__sigla": "OVC", "tipo__descricao": "Of\u00edcio de Vereador/Comiss\u00e3o", "assunto": "Solicita inscri\u00e7\u00e3o no curso : An\u00e1lise da terceiriza\u00e7\u00e3o de pessoal na administra\u00e7\u00e3o p\u00fablica como o advento da lei 13.429 de 2017b e o desvirtuamento da contrata\u00e7\u00e3o tempor\u00e1ria de excepcional interesse p\u00fablico"}, {"id": "6234", "ano": "2023", "numero": "36", "tipo__sigla": "PARE", "tipo__descricao": "PARECER", "assunto": "Parecer Jur\u00eddico - Inexigibilidade - CURSO SOBRE A AN\u00c1LISE DA TERCEIRIZA\u00c7\u00c3O DE PESSOAL NA ADMINISTRA\u00c7\u00c3O P\u00daBLICA COM O ADVENTO DA LEI 13.429 DE 2017 E O DESVIRTUAMENTO DA CONTRATA\u00c7\u00c3O TEMPOR\u00c1RIA DE EXCEPCIONAL INTERESSE P\u00daBLICO"}, {"id": "6446", "ano": "2023", "numero": "36", "tipo__sigla": "MEM", "tipo__descricao": "Memorando", "assunto": "Adicional por tempo de servi\u00e7o Cleber de Brito"}, {"id": "6878", "ano": "2023", "numero": "36", "tipo__sigla": "CERT", "tipo__descricao": "CERTIFICADO", "assunto": "Certifica que Felipe Tom\u00e9 Mota e Silva participou do 521\u00b0 Curso de Capacita\u00e7\u00e3o com o tema: \"O poder Legislador das C\u00e2maras Municipais e a Nova Dispensa de Licita\u00e7\u00e3o da lei 14.133 de 2021\""}, {"id": "7153", "ano": "2023", "numero": "36", "tipo__sigla": "JUST", "tipo__descricao": "Justificativas", "assunto": "Autoriza\u00e7\u00e3o para jornada divergente Felipe Tom\u00e9 Mota e Silva 31/10/2023"}, {"id": "7286", "ano": "2023", "numero": "36", "tipo__sigla": "DDCI", "tipo__descricao": "Documentos Diversos da Controladoria Interna", "assunto": "Parecer n.\u00ba 08-2023 ref ao Projeto de Lei Ordin\u00e1ria 64/2023.\r\nObs. O parecer foi feito de forma sint\u00e9tica e manuscrito para agilizar, tendo em vista que foram analisados 13 projetos no per\u00edodo da tarde do dia 30/11/2023, em decorr\u00eancia da urg\u00eancia do Executivo. Ressalto que os mesmos foram protocolizados no Legislativo em 27/11/2023 \u00e0s 9h sem tempo h\u00e1bil para maior an\u00e1lise desta, frente a todo o tr\u00e2mite interno que o mesmo percorre at\u00e9 chegar nesta Controladoria Interna."}, {"id": "7336", "ano": "2023", "numero": "36", "tipo__sigla": "ARO", "tipo__descricao": "ATAS DAS REUNI\u00d5ES ORDIN\u00c1RIAS", "assunto": "Ata da 36\u00aa reuni\u00e3o ordin\u00e1ria da 3\u00aa Sess\u00e3o Legislativa da 15\u00aa Legislatura (07/11/2023)"}, {"id": "5987", "ano": "2023", "numero": "37", "tipo__sigla": "DI", "tipo__descricao": "Di\u00e1rias e documentos relativos", "assunto": "Requerimento de concess\u00e3o de di\u00e1rias adiantadas Jackson Luiz Ven\u00e2ncio de Souza (Bras\u00edlia- 13/02/2023)"}, {"id": "6101", "ano": "2023", "numero": "37", "tipo__sigla": "OFEXP", "tipo__descricao": "Of\u00edcio Expedido", "assunto": "Encaminha as indica\u00e7\u00f5es 014, 015, 016 e requerimentos 002 e 003 do vereador Vitor Donizetti Siqueira Junior"}, {"id": "6173", "ano": "2023", "numero": "37", "tipo__sigla": "REV", "tipo__descricao": "Relat\u00f3rios de rodagem do ve\u00edculo e outros", "assunto": "Levar funcion\u00e1rios na secretaria de educa\u00e7\u00e3o para reuni\u00e3o de parlamento jovem"}, {"id": "6209", "ano": "2023", "numero": "37", "tipo__sigla": "OR", "tipo__descricao": "OF\u00cdCIOS RECEBIDOS", "assunto": "Responde \u00e0 indica\u00e7\u00e3o 016 do vereador Luiz Felipe Mendon\u00e7a Rodrigues"}, {"id": "6227", "ano": "2023", "numero": "37", "tipo__sigla": "OVC", "tipo__descricao": "Of\u00edcio de Vereador/Comiss\u00e3o", "assunto": "Solicita minha inscri\u00e7\u00e3o no curso: AN\u00c1LISE DA TERCEIRIZA\u00c7\u00c3O DE PESSOAL NA ADMINISTRA\u00c7\u00c3O P\u00daBLICA COM O ADVENTO DA LEI 13.429 DE 2017 E O DESVIRTUAMENTO DA CONTRATA\u00c7\u00c3O TEMPOR\u00c1RIA DE EXEPCIONAL INTERESSE P\u00daBLICO"}, {"id": "6237", "ano": "2023", "numero": "37", "tipo__sigla": "PARE", "tipo__descricao": "PARECER", "assunto": "Parecer Jur\u00eddico - Inexigibilidade - Curso de regulamenta\u00e7\u00e3o de patrim\u00f4nio p\u00fablico"}, {"id": "6489", "ano": "2023", "numero": "37", "tipo__sigla": "MEM", "tipo__descricao": "Memorando", "assunto": "Solicita abertura de processo administrativo e inscri\u00e7\u00e3o em curso de capacita\u00e7\u00e3o"}, {"id": "6879", "ano": "2023", "numero": "37", "tipo__sigla": "CERT", "tipo__descricao": "CERTIFICADO", "assunto": "Certifica que Alanis Carolina de Oliveira Moreira  participou do 521\u00b0 Curso de Capacita\u00e7\u00e3o com o tema: \"O poder Legislador das C\u00e2maras Municipais e a Nova Dispensa de Licita\u00e7\u00e3o da lei 14.133 de 2021\""}, {"id": "7182", "ano": "2023", "numero": "37", "tipo__sigla": "JUST", "tipo__descricao": "Justificativas", "assunto": "Autoriza\u00e7\u00e3o para jornada divergente 13/11/202- Isabela Louren\u00e7\u00e3o Messias"}, {"id": "7287", "ano": "2023", "numero": "37", "tipo__sigla": "DDCI", "tipo__descricao": "Documentos Diversos da Controladoria Interna", "assunto": "Parecer n.\u00ba 09-2023 ref ao Projeto de Lei Ordin\u00e1ria 65/2023.\r\nObs. O parecer foi feito de forma sint\u00e9tica e manuscrito para agilizar, tendo em vista que foram analisados 13 projetos no per\u00edodo da tarde do dia 30/11/2023, em decorr\u00eancia da urg\u00eancia do Executivo. Ressalto que os mesmos foram protocolizados no Legislativo em 27/11/2023 \u00e0s 9h sem tempo h\u00e1bil para maior an\u00e1lise desta, frente a todo o tr\u00e2mite interno que o mesmo percorre at\u00e9 chegar nesta Controladoria Interna."}, {"id": "7326", "ano": "2023", "numero": "37", "tipo__sigla": "OCI", "tipo__descricao": "Of\u00edcios da Controladoria Interna", "assunto": "Oficio da Controladoria interna 35/2023 - solicita\u00e7\u00e3o de informa\u00e7\u00f5es - Diretoria - Ref M\u00eas de Novembro/2023"}, {"id": "7386", "ano": "2023", "numero": "37", "tipo__sigla": "ARO", "tipo__descricao": "ATAS DAS REUNI\u00d5ES ORDIN\u00c1RIAS", "assunto": "Ata da 37\u00aa reuni\u00e3o ordin\u00e1ria da 3\u00aa sess\u00e3o legislativa da 15\u00aa legislatura da C\u00e2mara Municipal de Santana da Vargem"}, {"id": "6003", "ano": "2023", "numero": "38", "tipo__sigla": "DI", "tipo__descricao": "Di\u00e1rias e documentos relativos", "assunto": "Requerimentos de di\u00e1rias atualizados, em conformidade com a nova lei de di\u00e1rias , Alessandra , Alanis, Cleber e Larissa (Belo Horizonte- 15/02/2023 a 17/02/2023)"}, {"id": "6102", "ano": "2023", "numero": "38", "tipo__sigla": "OFEXP", "tipo__descricao": "Of\u00edcio Expedido", "assunto": "Encaminha as indica\u00e7\u00f5es 013, 014 e 015 e o requerimento 001 feitos pelo vereador Luiz Felipe Mendon\u00e7a Rodrigues"}, {"id": "6185", "ano": "2023", "numero": "38", "tipo__sigla": "REV", "tipo__descricao": "Relat\u00f3rios de rodagem do ve\u00edculo e outros", "assunto": "Levar funcion\u00e1ria para buscar p\u00e3o e no mercado do Rony"}, {"id": "6210", "ano": "2023", "numero": "38", "tipo__sigla": "OR", "tipo__descricao": "OF\u00cdCIOS RECEBIDOS", "assunto": "Responde \u00e0s indica\u00e7\u00f5es 010, 011, 012 e 013 do vereador Vitor Donizetti Siqueira Junior"}, {"id": "6263", "ano": "2023", "numero": "38", "tipo__sigla": "PARE", "tipo__descricao": "PARECER", "assunto": "Parecer Jur\u00eddico - Projeto de Lei Ordin\u00e1rio n\u00ba 06 - 2023 - Permiss\u00e3o de Uso - Expo Santana."}, {"id": "6273", "ano": "2023", "numero": "38", "tipo__sigla": "OVC", "tipo__descricao": "Of\u00edcio de Vereador/Comiss\u00e3o", "assunto": "Indica a destina\u00e7\u00e3o da emenda impositiva -APAE Santana da Vargem"}, {"id": "6496", "ano": "2023", "numero": "38", "tipo__sigla": "MEM", "tipo__descricao": "Memorando", "assunto": "Comunica aus\u00eancia de intervalo no dia 08/05/2023"}, {"id": "6880", "ano": "2023", "numero": "38", "tipo__sigla": "CERT", "tipo__descricao": "CERTIFICADO", "assunto": "Certifica que Ruiter Sillva de Oliveira  participou do 521\u00b0 Curso de Capacita\u00e7\u00e3o com o tema: \"O poder Legislador das C\u00e2maras Municipais e a Nova Dispensa de Licita\u00e7\u00e3o da lei 14.133 de 2021\""}, {"id": "7243", "ano": "2023", "numero": "38", "tipo__sigla": "JUST", "tipo__descricao": "Justificativas", "assunto": "Ponto eletr\u00f4nico com problema nos dias 31/10/2023 e 01/11/2023- alguns servidores n\u00e3o tiveram como bater no dia 31/10 e tiveram atraso para bater no dia 01/11/2023"}, {"id": "7288", "ano": "2023", "numero": "38", "tipo__sigla": "DDCI", "tipo__descricao": "Documentos Diversos da Controladoria Interna", "assunto": "Parecer n.\u00ba 10-2023 ref ao Projeto de Lei Ordin\u00e1ria 66/2023.\r\nObs. O parecer foi feito de forma sint\u00e9tica e manuscrito para agilizar, tendo em vista que foram analisados 13 projetos no per\u00edodo da tarde do dia 30/11/2023, em decorr\u00eancia da urg\u00eancia do Executivo. Ressalto que os mesmos foram protocolizados no Legislativo em 27/11/2023 \u00e0s 9h sem tempo h\u00e1bil para maior an\u00e1lise desta, frente a todo o tr\u00e2mite interno que o mesmo percorre at\u00e9 chegar nesta Controladoria Interna."}, {"id": "7327", "ano": "2023", "numero": "38", "tipo__sigla": "OCI", "tipo__descricao": "Of\u00edcios da Controladoria Interna", "assunto": "Oficio da Controladoria interna 36/2023 - solicita\u00e7\u00e3o de informa\u00e7\u00f5es - Contadora - Ref M\u00eas de Novembro/2023"}, {"id": "7410", "ano": "2023", "numero": "38", "tipo__sigla": "ARO", "tipo__descricao": "ATAS DAS REUNI\u00d5ES ORDIN\u00c1RIAS", "assunto": "Ata da 38\u00aa reuni\u00e3o ordin\u00e1ria da 3\u00aa sess\u00e3o legislativa da 3\u00aa sess\u00e3o legislativa da 15\u00aa legislatura da C\u00e2mara Municipal de Santana da Vargem"}, {"id": "6004", "ano": "2023", "numero": "39", "tipo__sigla": "DI", "tipo__descricao": "Di\u00e1rias e documentos relativos", "assunto": "An\u00e1lise da presta\u00e7\u00e3o de contas do recebimento de di\u00e1rias jackson Luiz Ven\u00e2ncio de Souza (Nova Rezende 24/01/2023)"}, {"id": "6103", "ano": "2023", "numero": "39", "tipo__sigla": "OFEXP", "tipo__descricao": "Of\u00edcio Expedido", "assunto": "Solicita ao setor de tributa\u00e7\u00e3o que seja emitida uma guia referente aos rendimentos de aplica\u00e7\u00e3o do m\u00eas de fevereiro de 2023"}, {"id": "6201", "ano": "2023", "numero": "39", "tipo__sigla": "REV", "tipo__descricao": "Relat\u00f3rios de rodagem do ve\u00edculo e outros", "assunto": "Levar o carro para abastecer, lavar, conferir frente, calibrar e outros . (Santana da Vargem 23/03/2023)\r\nOBS: Arrumar o port\u00e3o eletr\u00f4nico da C\u00e2mara"}, {"id": "6211", "ano": "2023", "numero": "39", "tipo__sigla": "OR", "tipo__descricao": "OF\u00cdCIOS RECEBIDOS", "assunto": "Responde \u00e0 indica\u00e7\u00e3o n\u00ba 002 do vereador Jackson Luiz Ven\u00e2ncio de Souza"}, {"id": "6264", "ano": "2023", "numero": "39", "tipo__sigla": "PARE", "tipo__descricao": "PARECER", "assunto": "Of\u00edcio 02 - 2023 - Aus\u00eancia de hor\u00e1rio de almo\u00e7o"}, {"id": "6274", "ano": "2023", "numero": "39", "tipo__sigla": "OVC", "tipo__descricao": "Of\u00edcio de Vereador/Comiss\u00e3o", "assunto": "Solicita o interm\u00e9dio do Deputado junto a Receita Federal para doa\u00e7\u00e3o de um dos \u00f4nibus presos pela institui\u00e7\u00e3o para transporte escolar"}, {"id": "6526", "ano": "2023", "numero": "39", "tipo__sigla": "MEM", "tipo__descricao": "Memorando", "assunto": "Solicita inscri\u00e7\u00e3o no curso \"Implementa\u00e7\u00e3o da LGPD- Lei geral de prote\u00e7\u00e3o de dados nos munic\u00edpios\""}, {"id": "6948", "ano": "2023", "numero": "39", "tipo__sigla": "CERT", "tipo__descricao": "CERTIFICADO", "assunto": "Certifica que Alessandra Dixini Araujo participou do curso \"Contrata\u00e7\u00e3o Direta Teoria e Pr\u00e1tica\" que se realizou nos dias 23  a 25 de agosto na cidade de Belo Horizonte"}, {"id": "7244", "ano": "2023", "numero": "39", "tipo__sigla": "JUST", "tipo__descricao": "Justificativas", "assunto": "Justificativa de n\u00e3o marca\u00e7\u00e3o de ponto eletr\u00f4nico Laidia Mesquita de Souza 20/11/2023 sa\u00edda para almo\u00e7o"}, {"id": "7289", "ano": "2023", "numero": "39", "tipo__sigla": "DDCI", "tipo__descricao": "Documentos Diversos da Controladoria Interna", "assunto": "Parecer n.\u00ba 11-2023 ref ao Projeto de Lei Ordin\u00e1ria 67/2023.\r\nObs. O parecer foi feito de forma sint\u00e9tica e manuscrito para agilizar, tendo em vista que foram analisados 13 projetos no per\u00edodo da tarde do dia 30/11/2023, em decorr\u00eancia da urg\u00eancia do Executivo. Ressalto que os mesmos foram protocolizados no Legislativo em 27/11/2023 \u00e0s 9h sem tempo h\u00e1bil para maior an\u00e1lise desta, frente a todo o tr\u00e2mite interno que o mesmo percorre at\u00e9 chegar nesta Controladoria Interna."}, {"id": "7328", "ano": "2023", "numero": "39", "tipo__sigla": "OCI", "tipo__descricao": "Of\u00edcios da Controladoria Interna", "assunto": "Oficio da Controladoria interna 37/2023 - solicita\u00e7\u00e3o de informa\u00e7\u00f5es - Legislativo - Ref M\u00eas de Novembro/2023"}, {"id": "7411", "ano": "2023", "numero": "39", "tipo__sigla": "ARO", "tipo__descricao": "ATAS DAS REUNI\u00d5ES ORDIN\u00c1RIAS", "assunto": "Ata da 39\u00aa reuni\u00e3o ordin\u00e1ria da 3\u00aa sess\u00e3o legislativa da 15\u00aa legislatura da C\u00e2mara Municipal de Santana da Vargem"}, {"id": "6005", "ano": "2023", "numero": "40", "tipo__sigla": "DI", "tipo__descricao": "Di\u00e1rias e documentos relativos", "assunto": "C\u00e1lculo de quantidade e de valores de di\u00e1rias Jackson Luiz Ven\u00e2ncio de Souza (Bras\u00edlia 13/02/2023 a 15/03/2023)"}, {"id": "6104", "ano": "2023", "numero": "40", "tipo__sigla": "OFEXP", "tipo__descricao": "Of\u00edcio Expedido", "assunto": "Encaminha para provid\u00eancias o relat\u00f3rio anual de controle interno"}, {"id": "6202", "ano": "2023", "numero": "40", "tipo__sigla": "REV", "tipo__descricao": "Relat\u00f3rios de rodagem do ve\u00edculo e outros", "assunto": "Levar funcion\u00e1ria para colher cota\u00e7\u00e3o de pre\u00e7os nos com\u00e9rcios (Santana da Vargem)"}, {"id": "6212", "ano": "2023", "numero": "40", "tipo__sigla": "OR", "tipo__descricao": "OF\u00cdCIOS RECEBIDOS", "assunto": "Responde \u00e0s indica\u00e7\u00f5es 006, 007, 008, 009, 010, 011 e 012 do vereador Luiz Felipe Mendon\u00e7a Rodrigues"}, {"id": "6268", "ano": "2023", "numero": "40", "tipo__sigla": "PARE", "tipo__descricao": "PARECER", "assunto": "Parecer Jur\u00eddico - Dispensa - Instala\u00e7\u00e3o de L\u00e2mpadas"}, {"id": "6287", "ano": "2023", "numero": "40", "tipo__sigla": "OVC", "tipo__descricao": "Of\u00edcio de Vereador/Comiss\u00e3o", "assunto": "Solicita documenta\u00e7\u00e3o para complementar proposi\u00e7\u00e3o"}, {"id": "6532", "ano": "2023", "numero": "40", "tipo__sigla": "MEM", "tipo__descricao": "Memorando", "assunto": "Solicita informa\u00e7\u00f5es sobre declara\u00e7\u00e3o de bens e valores"}, {"id": "6953", "ano": "2023", "numero": "40", "tipo__sigla": "CERT", "tipo__descricao": "CERTIFICADO", "assunto": "Certifica que Larissa Oliveira Naves participou do curso \"Contrata\u00e7\u00e3o Direta Teoria e pr\u00e1tica que se realizou nos dias 23 a 25 de agosto de 2023 na cidade de Belo Horizonte/MG tendo o curso cagar hor\u00e1ria de 14h"}, {"id": "7261", "ano": "2023", "numero": "40", "tipo__sigla": "JUST", "tipo__descricao": "Justificativas", "assunto": "Autoriza\u00e7\u00e3o para jornada divergente Isabela Louren\u00e7\u00e3o Messias 28/11/2023"}, {"id": "7290", "ano": "2023", "numero": "40", "tipo__sigla": "DDCI", "tipo__descricao": "Documentos Diversos da Controladoria Interna", "assunto": "Parecer n.\u00ba12-2023 ref ao Projeto de Lei Ordin\u00e1ria 68/2023.\r\nObs. O parecer foi feito de forma sint\u00e9tica e manuscrito para agilizar, tendo em vista que foram analisados 13 projetos no per\u00edodo da tarde do dia 30/11/2023, em decorr\u00eancia da urg\u00eancia do Executivo. Ressalto que os mesmos foram protocolizados no Legislativo em 27/11/2023 \u00e0s 9h sem tempo h\u00e1bil para maior an\u00e1lise desta, frente a todo o tr\u00e2mite interno que o mesmo percorre at\u00e9 chegar nesta Controladoria Interna."}, {"id": "7343", "ano": "2023", "numero": "40", "tipo__sigla": "OCI", "tipo__descricao": "Of\u00edcios da Controladoria Interna", "assunto": "Of\u00edcio da Controladoria Interna n. 38/2023 - ci\u00eancia \u00e0 Presid\u00eancia do  Plano Anual de Auditoria PAA2024"}, {"id": "6010", "ano": "2023", "numero": "41", "tipo__sigla": "DI", "tipo__descricao": "Di\u00e1rias e documentos relativos", "assunto": "Requerimento de di\u00e1rias"}, {"id": "6111", "ano": "2023", "numero": "41", "tipo__sigla": "OFEXP", "tipo__descricao": "Of\u00edcio Expedido", "assunto": "Solicita ao setor de tributa\u00e7\u00e3o, que seja emitida uma guia referente a IRRF do m\u00eas de fevereiro de 2023"}, {"id": "6203", "ano": "2023", "numero": "41", "tipo__sigla": "REV", "tipo__descricao": "Relat\u00f3rios de rodagem do ve\u00edculo e outros", "assunto": "Levar funcion\u00e1ria na casa da vereadora para colher assinatura e na padaria (Santana da Vargem)"}, {"id": "6213", "ano": "2023", "numero": "41", "tipo__sigla": "OR", "tipo__descricao": "OF\u00cdCIOS RECEBIDOS", "assunto": "Responde \u00e0s indica\u00e7\u00f5es 014, 015, 016, 017 e os requerimentos 002 e 003 do vereador Vitor Donizetti Siqueira Junior"}, {"id": "6286", "ano": "2023", "numero": "41", "tipo__sigla": "PARE", "tipo__descricao": "PARECER", "assunto": "Parecer Jur\u00eddico - Dispensa - Combust\u00edveis (gasolina e etanol)"}, {"id": "6309", "ano": "2023", "numero": "41", "tipo__sigla": "OVC", "tipo__descricao": "Of\u00edcio de Vereador/Comiss\u00e3o", "assunto": "Solicita\u00e7\u00e3o de participa\u00e7\u00e3o em curso de capacita\u00e7\u00e3o."}, {"id": "6535", "ano": "2023", "numero": "41", "tipo__sigla": "MEM", "tipo__descricao": "Memorando", "assunto": "Solicita autoriza\u00e7\u00e3o de desconto em folha de pacote de festa do pe\u00e3o"}, {"id": "6967", "ano": "2023", "numero": "41", "tipo__sigla": "CERT", "tipo__descricao": "CERTIFICADO", "assunto": "Certifica que Vitor Donizetti Siqueira Junior participou do 527\u00ba Curso de Capacita\u00e7\u00e3o com o tema: Fiscaliza\u00e7\u00e3o dos Atos Administrativos e os Procedimentos para os repasses financeiros ao 3\u00ba Setor com base na lei 13.019 de 2014 realizado no per\u00edodo de 29 de agosto a 01 de setembro de 2023"}, {"id": "7291", "ano": "2023", "numero": "41", "tipo__sigla": "DDCI", "tipo__descricao": "Documentos Diversos da Controladoria Interna", "assunto": "Parecer n.\u00ba 13-2023 ref ao Projeto de Lei Ordin\u00e1ria 69/2023.\r\nObs. O parecer foi feito de forma sint\u00e9tica e manuscrito para agilizar, tendo em vista que foram analisados 13 projetos no per\u00edodo da tarde do dia 30/11/2023, em decorr\u00eancia da urg\u00eancia do Executivo. Ressalto que os mesmos foram protocolizados no Legislativo em 27/11/2023 \u00e0s 9h sem tempo h\u00e1bil para maior an\u00e1lise desta, frente a todo o tr\u00e2mite interno que o mesmo percorre at\u00e9 chegar nesta Controladoria Interna."}, {"id": "7373", "ano": "2023", "numero": "41", "tipo__sigla": "JUST", "tipo__descricao": "Justificativas", "assunto": "Justificativa de n\u00e3o marca\u00e7\u00e3o de ponto no dia 11/12/2023 devido aus\u00eancia de energia el\u00e9trica"}, {"id": "7425", "ano": "2023", "numero": "41", "tipo__sigla": "OCI", "tipo__descricao": "Of\u00edcios da Controladoria Interna", "assunto": "ASSUNTO: publica\u00e7\u00e3o dos decretos de suplementa\u00e7\u00e3o de dota\u00e7\u00e3o \r\na/c Presidente"}, {"id": "6011", "ano": "2023", "numero": "42", "tipo__sigla": "DI", "tipo__descricao": "Di\u00e1rias e documentos relativos", "assunto": "Requerimento de di\u00e1rias"}, {"id": "6112", "ano": "2023", "numero": "42", "tipo__sigla": "OFEXP", "tipo__descricao": "Of\u00edcio Expedido", "assunto": "Encaminha projetos de lei aprovados na 4\u00aa reuni\u00e3o ordin\u00e1ria"}, {"id": "6214", "ano": "2023", "numero": "42", "tipo__sigla": "OR", "tipo__descricao": "OF\u00cdCIOS RECEBIDOS", "assunto": "Responde \u00e0s indica\u00e7\u00f5es 013, 014 e 015 e o requerimento 001 do vereador Luiz Felipe Mendon\u00e7a Rodrigues"}, {"id": "6244", "ano": "2023", "numero": "42", "tipo__sigla": "REV", "tipo__descricao": "Relat\u00f3rios de rodagem do ve\u00edculo e outros", "assunto": "Levar vereadora Maria Aparecida de Ara\u00fajo Reis (Lia Ara\u00fajo) para participar da Marcha dos prefeitos e reuni\u00e3o no Anexo IV e na c\u00e2mara federal, vereador Jackson Luiz Ven\u00e2ncio de Souza para agenda no Anexo IV e agenda na c\u00e2mara  federal  (Bras\u00edlia - 26/03/2023 a 31/03/2023)"}, {"id": "6310", "ano": "2023", "numero": "42", "tipo__sigla": "OVC", "tipo__descricao": "Of\u00edcio de Vereador/Comiss\u00e3o", "assunto": "Indica a destina\u00e7\u00e3o de emenda impositiva."}, {"id": "6327", "ano": "2023", "numero": "42", "tipo__sigla": "PARE", "tipo__descricao": "PARECER", "assunto": "Parecer Jur\u00eddico - Projeto de Lei Ordin\u00e1ria n\u00ba 16 - 2023 - Abertura de Cr\u00e9dito Especial - Super\u00e1vit - R$ 57.000,00"}, {"id": "6552", "ano": "2023", "numero": "42", "tipo__sigla": "MEM", "tipo__descricao": "Memorando", "assunto": "Encaminhamento de relat\u00f3rio de projetos de lei em tramita\u00e7\u00e3o suspensa"}, {"id": "6968", "ano": "2023", "numero": "42", "tipo__sigla": "CERT", "tipo__descricao": "CERTIFICADO", "assunto": "Certifica que Jackson Luiz Ven\u00e2ncio de Souza participou do 527\u00ba Curso de Capacita\u00e7\u00e3o com o tema: Fiscaliza\u00e7\u00e3o dos Atos Administrativos e os Procedimentos para os repasses financeiros ao 3\u00ba Setor com base na lei 13.019 de 2014 realizado no per\u00edodo de 29 de agosto a 01 de setembro de 2023"}, {"id": "7292", "ano": "2023", "numero": "42", "tipo__sigla": "DDCI", "tipo__descricao": "Documentos Diversos da Controladoria Interna", "assunto": "Parecer n.\u00ba 14-2023 ref ao Projeto de Lei Ordin\u00e1ria 70/2023.\r\nObs. O parecer foi feito de forma sint\u00e9tica e manuscrito para agilizar, tendo em vista que foram analisados 13 projetos no per\u00edodo da tarde do dia 30/11/2023, em decorr\u00eancia da urg\u00eancia do Executivo. Ressalto que os mesmos foram protocolizados no Legislativo em 27/11/2023 \u00e0s 9h sem tempo h\u00e1bil para maior an\u00e1lise desta, frente a todo o tr\u00e2mite interno que o mesmo percorre at\u00e9 chegar nesta Controladoria Interna."}, {"id": "7390", "ano": "2023", "numero": "42", "tipo__sigla": "JUST", "tipo__descricao": "Justificativas", "assunto": "Autoriza\u00e7\u00e3o para jornada divergente Isabela Louren\u00e7\u00e3o Messias 15/12/2023 (deferida)"}, {"id": "7441", "ano": "2023", "numero": "42", "tipo__sigla": "OCI", "tipo__descricao": "Of\u00edcios da Controladoria Interna", "assunto": "Relat\u00f3rio da Controladoria n.03 - Per\u00edodo 01.11.2023 a 30.11.2023"}, {"id": "6012", "ano": "2023", "numero": "43", "tipo__sigla": "DI", "tipo__descricao": "Di\u00e1rias e documentos relativos", "assunto": "Requisi\u00e7\u00e3o de di\u00e1rias"}, {"id": "6113", "ano": "2023", "numero": "43", "tipo__sigla": "OFEXP", "tipo__descricao": "Of\u00edcio Expedido", "assunto": "Solicita envio de Leis promulgadas na casa"}, {"id": "6215", "ano": "2023", "numero": "43", "tipo__sigla": "OR", "tipo__descricao": "OF\u00cdCIOS RECEBIDOS", "assunto": "Responde ao of\u00edcio 004 do vereador Luiz Felipe Mendon\u00e7a Rodrigues"}, {"id": "6279", "ano": "2023", "numero": "43", "tipo__sigla": "REV", "tipo__descricao": "Relat\u00f3rios de rodagem do ve\u00edculo e outros", "assunto": "Levar funcion\u00e1ria para colher cota\u00e7\u00f5es de pre\u00e7o e fazer confer\u00eancia de \u00f3leo, motor, calibragem etcm (Santana da Vargem 03/04/2023)"}, {"id": "6328", "ano": "2023", "numero": "43", "tipo__sigla": "PARE", "tipo__descricao": "PARECER", "assunto": "Parecer Jur\u00eddico - Projeto de Lei Complementar 05 - 2023 - Altera o Anexo do Plano de Cargos e Sal\u00e1rios do Executivo e do Plano de cargos e sal\u00e1rios do magist\u00e9rio"}, {"id": "6343", "ano": "2023", "numero": "43", "tipo__sigla": "OVC", "tipo__descricao": "Of\u00edcio de Vereador/Comiss\u00e3o", "assunto": "Indica emenda impositiva"}, {"id": "6561", "ano": "2023", "numero": "43", "tipo__sigla": "MEM", "tipo__descricao": "Memorando", "assunto": "Solicita autoriza\u00e7\u00e3o para levar o notebook"}, {"id": "6969", "ano": "2023", "numero": "43", "tipo__sigla": "CERT", "tipo__descricao": "CERTIFICADO", "assunto": "Certifica que Ezequiel da Silva participou do 527\u00ba Curso de Capacita\u00e7\u00e3o com o tema: Fiscaliza\u00e7\u00e3o dos Atos Administrativos e os Procedimentos para os repasses financeiros ao 3\u00ba Setor com base na lei 13.019 de 2014 realizado no per\u00edodo de 29 de agosto a 01 de setembro de 2023"}, {"id": "7293", "ano": "2023", "numero": "43", "tipo__sigla": "DDCI", "tipo__descricao": "Documentos Diversos da Controladoria Interna", "assunto": "Parecer n.\u00ba 15-2023 ref ao Projeto de Lei Ordin\u00e1ria71/2023.\r\nObs. O parecer foi feito de forma sint\u00e9tica e manuscrito para agilizar, tendo em vista que foram analisados 13 projetos no per\u00edodo da tarde do dia 30/11/2023, em decorr\u00eancia da urg\u00eancia do Executivo. Ressalto que os mesmos foram protocolizados no Legislativo em 27/11/2023 \u00e0s 9h sem tempo h\u00e1bil para maior an\u00e1lise desta, frente a todo o tr\u00e2mite interno que o mesmo percorre at\u00e9 chegar nesta Controladoria Interna."}, {"id": "7430", "ano": "2023", "numero": "43", "tipo__sigla": "JUST", "tipo__descricao": "Justificativas", "assunto": "Justificativa n\u00e3o marca\u00e7\u00e3o de ponto Emerson 29/11"}, {"id": "6013", "ano": "2023", "numero": "44", "tipo__sigla": "DI", "tipo__descricao": "Di\u00e1rias e documentos relativos", "assunto": "Solicita autoriza\u00e7\u00e3o para compensar horas faltantes"}, {"id": "6119", "ano": "2023", "numero": "44", "tipo__sigla": "OFEXP", "tipo__descricao": "Of\u00edcio Expedido", "assunto": "Resposta ao of\u00edcio 075 /2023/1\u00aa PJ-TP"}, {"id": "6222", "ano": "2023", "numero": "44", "tipo__sigla": "OR", "tipo__descricao": "OF\u00cdCIOS RECEBIDOS", "assunto": "Encaminha o Anexo II- Ficha de inscri\u00e7\u00e3o para projeto de lei 015 de 2023 de mar\u00e7o de 2023"}, {"id": "6280", "ano": "2023", "numero": "44", "tipo__sigla": "REV", "tipo__descricao": "Relat\u00f3rios de rodagem do ve\u00edculo e outros", "assunto": "Levar funcion\u00e1ria para convocar os vereadores para reuni\u00e3o extraordin\u00e1ria (Santana da Vargem 04/04/2023)"}, {"id": "6334", "ano": "2023", "numero": "44", "tipo__sigla": "PARE", "tipo__descricao": "PARECER", "assunto": "Parecer Jur\u00eddico - Projeto de Lei Complementar n\u00ba 04 - 2022 - Plano de Sa\u00fade dos Servidores do Legislativo."}, {"id": "6345", "ano": "2023", "numero": "44", "tipo__sigla": "OVC", "tipo__descricao": "Of\u00edcio de Vereador/Comiss\u00e3o", "assunto": "CONVOCA\u00c7\u00c3O - reuni\u00e3o de comiss\u00e3o"}, {"id": "6607", "ano": "2023", "numero": "44", "tipo__sigla": "MEM", "tipo__descricao": "Memorando", "assunto": "Implementa\u00e7\u00e3o da LGPD na C\u00e2mara Municipal de Santana da Vargem"}, {"id": "6970", "ano": "2023", "numero": "44", "tipo__sigla": "CERT", "tipo__descricao": "CERTIFICADO", "assunto": "Certifica que Carlos C\u00e9zar Ribeiro participou do 527\u00ba Curso de Capacita\u00e7\u00e3o com o tema: Fiscaliza\u00e7\u00e3o dos Atos Administrativos e os Procedimentos para os repasses financeiros ao 3\u00ba Setor com base na lei 13.019 de 2014 realizado no per\u00edodo de 29 de agosto a 01 de setembro de 2023"}, {"id": "7294", "ano": "2023", "numero": "44", "tipo__sigla": "DDCI", "tipo__descricao": "Documentos Diversos da Controladoria Interna", "assunto": "Parecer n.\u00ba 16-2023 ref ao Projeto de Lei Ordin\u00e1ria 72/2023.\r\nObs. O parecer foi feito de forma sint\u00e9tica e manuscrito para agilizar, tendo em vista que foram analisados 13 projetos no per\u00edodo da tarde do dia 30/11/2023, em decorr\u00eancia da urg\u00eancia do Executivo. Ressalto que os mesmos foram protocolizados no Legislativo em 27/11/2023 \u00e0s 9h sem tempo h\u00e1bil para maior an\u00e1lise desta, frente a todo o tr\u00e2mite interno que o mesmo percorre at\u00e9 chegar nesta Controladoria Interna."}, {"id": "7431", "ano": "2023", "numero": "44", "tipo__sigla": "JUST", "tipo__descricao": "Justificativas", "assunto": "Justificativa de n\u00e3o marca\u00e7\u00e3o de ponto Emerson 30/11"}, {"id": "6027", "ano": "2023", "numero": "45", "tipo__sigla": "DI", "tipo__descricao": "Di\u00e1rias e documentos relativos", "assunto": "Relat\u00f3rio e presta\u00e7\u00e3o de contas Cleber de Brito (Belo Horizonte- 15/03/2022 a 17/02/2022)"}, {"id": "6125", "ano": "2023", "numero": "45", "tipo__sigla": "OFEXP", "tipo__descricao": "Of\u00edcio Expedido", "assunto": "Responde requerimento do Sr. Cleber de Brito"}, {"id": "6228", "ano": "2023", "numero": "45", "tipo__sigla": "OR", "tipo__descricao": "OF\u00cdCIOS RECEBIDOS", "assunto": "responde ao of\u00edcio 003/2023 do vereador Luiz Felipe Mendon\u00e7a Rodrigues"}, {"id": "6335", "ano": "2023", "numero": "45", "tipo__sigla": "PARE", "tipo__descricao": "PARECER", "assunto": "Parecer Jur\u00eddico - Projeto de Lei Ordin\u00e1ria n\u00ba 04 - 2023 - Abertura de Cr\u00e9dito Especial - R$ 30.000 - Consep"}, {"id": "6346", "ano": "2023", "numero": "45", "tipo__sigla": "OVC", "tipo__descricao": "Of\u00edcio de Vereador/Comiss\u00e3o", "assunto": "Ratifica apoio ao projeto de lei 477/2023"}, {"id": "6356", "ano": "2023", "numero": "45", "tipo__sigla": "REV", "tipo__descricao": "Relat\u00f3rios de rodagem do ve\u00edculo e outros", "assunto": "19/04/2023 - Levar funcionaria na padaria"}, {"id": "6619", "ano": "2023", "numero": "45", "tipo__sigla": "MEM", "tipo__descricao": "Memorando", "assunto": "Solicita abertura de processo licitat\u00f3rio para aquisi\u00e7\u00e3o de produtos de panifica\u00e7\u00e3o"}, {"id": "7066", "ano": "2023", "numero": "45", "tipo__sigla": "CERT", "tipo__descricao": "CERTIFICADO", "assunto": "Certifica que Maria Aparecida de Ara\u00fajo Reis participou do curso Imers\u00e3o Processo Legislativo Municipal na Pr\u00e1tica que se realizou nos dias 26 a 29 de setembro"}, {"id": "7295", "ano": "2023", "numero": "45", "tipo__sigla": "DDCI", "tipo__descricao": "Documentos Diversos da Controladoria Interna", "assunto": "Parecer n.\u00ba 17-2023 ref ao Projeto de Lei Ordin\u00e1ria 73/2023.\r\nObs. O parecer foi feito de forma sint\u00e9tica e manuscrito para agilizar, tendo em vista que foram analisados 13 projetos no per\u00edodo da tarde do dia 30/11/2023, em decorr\u00eancia da urg\u00eancia do Executivo. Ressalto que os mesmos foram protocolizados no Legislativo em 27/11/2023 \u00e0s 9h sem tempo h\u00e1bil para maior an\u00e1lise desta, frente a todo o tr\u00e2mite interno que o mesmo percorre at\u00e9 chegar nesta Controladoria Interna."}, {"id": "7432", "ano": "2023", "numero": "45", "tipo__sigla": "JUST", "tipo__descricao": "Justificativas", "assunto": "Justificativa de n\u00e3o marca\u00e7\u00e3o de ponto Emerson 01/12"}, {"id": "6028", "ano": "2023", "numero": "46", "tipo__sigla": "DI", "tipo__descricao": "Di\u00e1rias e documentos relativos", "assunto": "Relat\u00f3rio e presta\u00e7\u00e3o de contas Emerson Silva Ara\u00fajo (Belo Horizonte - 15/02/2023 a 17/02/2023)"}, {"id": "6126", "ano": "2023", "numero": "46", "tipo__sigla": "OFEXP", "tipo__descricao": "Of\u00edcio Expedido", "assunto": "Responde memorando do Sr. Ruiter Silva"}, {"id": "6238", "ano": "2023", "numero": "46", "tipo__sigla": "OR", "tipo__descricao": "OF\u00cdCIOS RECEBIDOS", "assunto": "Solicita retirada do projeto de lei 09/2023"}, {"id": "6336", "ano": "2023", "numero": "46", "tipo__sigla": "PARE", "tipo__descricao": "PARECER", "assunto": "Parecer Jur\u00eddico - Projeto de Lei Ordin\u00e1ria n\u00ba 10 - 2023 - Abertura de Cr\u00e9dito Especial - R$ 592.646,04 - JUD - REP IMPACTOS"}, {"id": "6350", "ano": "2023", "numero": "46", "tipo__sigla": "OVC", "tipo__descricao": "Of\u00edcio de Vereador/Comiss\u00e3o", "assunto": "Of\u00edcio 03/2023 - indica emenda impositiva"}, {"id": "6357", "ano": "2023", "numero": "46", "tipo__sigla": "REV", "tipo__descricao": "Relat\u00f3rios de rodagem do ve\u00edculo e outros", "assunto": "18/04/2023 - Levar funcionaria no mercado do roney"}, {"id": "6620", "ano": "2023", "numero": "46", "tipo__sigla": "MEM", "tipo__descricao": "Memorando", "assunto": "Solicita abertura de processo licitat\u00f3rio para aquisi\u00e7\u00e3o de material de limpeza"}, {"id": "7067", "ano": "2023", "numero": "46", "tipo__sigla": "CERT", "tipo__descricao": "CERTIFICADO", "assunto": "Certifica que Ruiter Silva de Oliveira  participou do curso Imers\u00e3o Processo Legislativo Municipal na Pr\u00e1tica que se realizou nos dias 26 a 29 de setembro"}, {"id": "7296", "ano": "2023", "numero": "46", "tipo__sigla": "DDCI", "tipo__descricao": "Documentos Diversos da Controladoria Interna", "assunto": "Parecer n.\u00ba 18-2023 ref ao Projeto de Lei Ordin\u00e1ria 74/2023.\r\nObs. O parecer foi feito de forma sint\u00e9tica e manuscrito para agilizar, tendo em vista que foram analisados 13 projetos no per\u00edodo da tarde do dia 30/11/2023, em decorr\u00eancia da urg\u00eancia do Executivo. Ressalto que o mesmos foram protocolizados no Legislativo em 28/11/2023 \u00e0s 13h23min sem tempo h\u00e1bil para maior an\u00e1lise desta, frente a todo o tr\u00e2mite interno que o mesmo percorre at\u00e9 chegar nesta Controladoria Interna."}, {"id": "6031", "ano": "2023", "numero": "47", "tipo__sigla": "DI", "tipo__descricao": "Di\u00e1rias e documentos relativos", "assunto": "Relat\u00f3rio e presta\u00e7\u00e3o de contas Alanis Carolina de Oliveira Moreira (Belo Horizonte - 15/02/2023 a 17/02/2023)"}, {"id": "6132", "ano": "2023", "numero": "47", "tipo__sigla": "OFEXP", "tipo__descricao": "Of\u00edcio Expedido", "assunto": "Encaminha as indica\u00e7\u00f5es 017, 018 e 019 feitas pelo vereador Vitor Donizetti Siqueira Junior"}, {"id": "6239", "ano": "2023", "numero": "47", "tipo__sigla": "OR", "tipo__descricao": "OF\u00cdCIOS RECEBIDOS", "assunto": "Encaminha os relat\u00f3rios anuais de a\u00e7\u00f5es e Assist\u00eancia T\u00e9cnica e Extens\u00e3o Rural - RAA"}, {"id": "6337", "ano": "2023", "numero": "47", "tipo__sigla": "PARE", "tipo__descricao": "PARECER", "assunto": "Parecer Jur\u00eddico - Projeto de Lei Ordin\u00e1ria n\u00ba 17 - 2023 - Abertura de Cr\u00e9dito Especial - R$ 5.901,90 - Arismg"}, {"id": "6351", "ano": "2023", "numero": "47", "tipo__sigla": "OVC", "tipo__descricao": "Of\u00edcio de Vereador/Comiss\u00e3o", "assunto": "Of\u00edcio 02/2023 - Indica emenda impositiva"}, {"id": "6358", "ano": "2023", "numero": "47", "tipo__sigla": "REV", "tipo__descricao": "Relat\u00f3rios de rodagem do ve\u00edculo e outros", "assunto": "17/04/2023 - Levar funcionaria no mercado do roney padaria e para abastecer"}, {"id": "6621", "ano": "2023", "numero": "47", "tipo__sigla": "MEM", "tipo__descricao": "Memorando", "assunto": "Solicita abertura de processo licitat\u00f3rio para aquisi\u00e7\u00e3o de g\u00eaneros aliment\u00edcios"}, {"id": "7069", "ano": "2023", "numero": "47", "tipo__sigla": "CERT", "tipo__descricao": "CERTIFICADO", "assunto": "Certifica que Carlos Cezar Ribeiro participou do curso Imers\u00e3o Processo Legislativo Municipal na Pr\u00e1tica que se realizou nos dias 26 a 29 de setembro"}, {"id": "7297", "ano": "2023", "numero": "47", "tipo__sigla": "DDCI", "tipo__descricao": "Documentos Diversos da Controladoria Interna", "assunto": "Parecer n.\u00ba 19-2023 ref ao Projeto de Lei Complementar 16/2023.\r\nObs. O parecer foi feito de forma sint\u00e9tica e manuscrito para agilizar, tendo em vista que foram analisados 13 projetos no per\u00edodo da tarde do dia 30/11/2023, em decorr\u00eancia da urg\u00eancia do Executivo. Ressalto que os mesmos foram protocolizados no Legislativo em 28/11/2023 \u00e0s 13h23min sem tempo h\u00e1bil para maior an\u00e1lise desta, frente a todo o tr\u00e2mite interno que o mesmo percorre at\u00e9 chegar nesta Controladoria Interna."}, {"id": "6032", "ano": "2023", "numero": "48", "tipo__sigla": "DI", "tipo__descricao": "Di\u00e1rias e documentos relativos", "assunto": "Requisi\u00e7\u00e3o de di\u00e1rias Alanis Carolina de Oliveira Moreira (Belo Horizonte 28/02/2023 a 03/03/2023)"}, {"id": "6133", "ano": "2023", "numero": "48", "tipo__sigla": "OFEXP", "tipo__descricao": "Of\u00edcio Expedido", "assunto": "Encaminha a indica\u00e7\u00e3o 016 do vereador Luiz Felipe Mendon\u00e7a Reis"}, {"id": "6245", "ano": "2023", "numero": "48", "tipo__sigla": "OR", "tipo__descricao": "OF\u00cdCIOS RECEBIDOS", "assunto": "Solicita o Apoio da Casa Legislativa atrav\u00e9s de mo\u00e7\u00e3o de apoio - CREFITO"}, {"id": "6338", "ano": "2023", "numero": "48", "tipo__sigla": "PARE", "tipo__descricao": "PARECER", "assunto": "Parecer jur\u00eddico - Projeto de Lei Ordin\u00e1ria n\u00ba 21 - 2023 - Prev\u00ea a hip\u00f3tese de revis\u00e3o anual do repasse ao Cislagos"}, {"id": "6359", "ano": "2023", "numero": "48", "tipo__sigla": "REV", "tipo__descricao": "Relat\u00f3rios de rodagem do ve\u00edculo e outros", "assunto": "16/04/2023 - Levar os vereadores me BH para realiza\u00e7\u00e3o de curso"}, {"id": "6367", "ano": "2023", "numero": "48", "tipo__sigla": "OVC", "tipo__descricao": "Of\u00edcio de Vereador/Comiss\u00e3o", "assunto": "Solicita inscri\u00e7\u00e3o no curso: A utiliza\u00e7\u00e3o da nova lei de licita\u00e7\u00f5es 14.133 de 2021 com foco na contrata\u00e7\u00e3o direta e na fase preparat\u00f3ria do processo licitat\u00f3rio"}, {"id": "6622", "ano": "2023", "numero": "48", "tipo__sigla": "MEM", "tipo__descricao": "Memorando", "assunto": "Solicita abertura de processo licitat\u00f3rio para aquisi\u00e7\u00e3o de pastas de arquivos"}, {"id": "7073", "ano": "2023", "numero": "48", "tipo__sigla": "CERT", "tipo__descricao": "CERTIFICADO", "assunto": "Certifica que Walter Silva participou do curso \"Imers\u00e3o Processo Legislativo Municipal na Pr\u00e1tica\" (26 a 29 de setembro)"}, {"id": "7341", "ano": "2023", "numero": "48", "tipo__sigla": "DDCI", "tipo__descricao": "Documentos Diversos da Controladoria Interna", "assunto": "Planejamento anual de auditoria - PPA 2024"}, {"id": "6033", "ano": "2023", "numero": "49", "tipo__sigla": "DI", "tipo__descricao": "Di\u00e1rias e documentos relativos", "assunto": "Relat\u00f3rio e presta\u00e7\u00e3o de contas Larissa Oliveira Naves (Belo Horizonte 15/02/2023 a 17/02/2023)"}, {"id": "6134", "ano": "2023", "numero": "49", "tipo__sigla": "OFEXP", "tipo__descricao": "Of\u00edcio Expedido", "assunto": "Encaminha a indica\u00e7\u00e3o 003 do vereador Jackson Luiz Ven\u00e2ncio de Souza"}, {"id": "6246", "ano": "2023", "numero": "49", "tipo__sigla": "OR", "tipo__descricao": "OF\u00cdCIOS RECEBIDOS", "assunto": "Encaminha os balancetes de Receitas e Despesas referentes ao m\u00eas de fevereiro de 2023"}, {"id": "6339", "ano": "2023", "numero": "49", "tipo__sigla": "PARE", "tipo__descricao": "PARECER", "assunto": "Parecer jur\u00eddico - Projeto de Lei Ordin\u00e1ria n\u00ba 22 - 2023 - Prev\u00ea a hip\u00f3tese de revis\u00e3o anual do repasse ao Cissul."}, {"id": "6386", "ano": "2023", "numero": "49", "tipo__sigla": "OVC", "tipo__descricao": "Of\u00edcio de Vereador/Comiss\u00e3o", "assunto": "Solicita informa\u00e7\u00f5es acerca da inaugura\u00e7\u00e3o de ruas no munic\u00edpio"}, {"id": "6405", "ano": "2023", "numero": "49", "tipo__sigla": "REV", "tipo__descricao": "Relat\u00f3rios de rodagem do ve\u00edculo e outros", "assunto": "Relat\u00f3rio de rodagem: Levar funcion\u00e1rio Felipe Mota na Assist\u00eancia Social (Santana da Vargem - 19/04/2023)"}, {"id": "6623", "ano": "2023", "numero": "49", "tipo__sigla": "MEM", "tipo__descricao": "Memorando", "assunto": "Solicita abertura de processo administrativo para aquisi\u00e7\u00e3o de c\u00e2mera, trip\u00e9 , projetor e acess\u00f3rios de inform\u00e1tica"}, {"id": "7403", "ano": "2023", "numero": "49", "tipo__sigla": "CERT", "tipo__descricao": "CERTIFICADO", "assunto": "Certifica que Luiz Felipe Mendon\u00e7a Rodrigues participou do 557\u00ba Curso de Capacita\u00e7\u00e3o com o tema: \"A FIXA\u00c7\u00c3O DOS SUBS\u00cdDIOS DOS AGENTES POL\u00cdTICOS PARA A PR\u00d3XIMA LEGISLATURA E AS SAN\u00c7\u00d5ES POR ATO DE IMPROBIDADE ADMINISTRATIVA\""}, {"id": "6034", "ano": "2023", "numero": "50", "tipo__sigla": "DI", "tipo__descricao": "Di\u00e1rias e documentos relativos", "assunto": "Requisi\u00e7\u00e3o de di\u00e1rias Larissa Oliveira Naves (Belo Horizonte 28/02/2023 a 03/03/2023)"}, {"id": "6135", "ano": "2023", "numero": "50", "tipo__sigla": "OFEXP", "tipo__descricao": "Of\u00edcio Expedido", "assunto": "Encaminha a indica\u00e7\u00e3o 001 do vereador Ronalthe Dayglas Rocha"}, {"id": "6269", "ano": "2023", "numero": "50", "tipo__sigla": "OR", "tipo__descricao": "OF\u00cdCIOS RECEBIDOS", "assunto": "Encaminha c\u00f3pia de edital do processo de escolha unificado dos membros do conselho tutelar"}, {"id": "6340", "ano": "2023", "numero": "50", "tipo__sigla": "PARE", "tipo__descricao": "PARECER", "assunto": "Parecer Jur\u00eddico - Projeto de Lei Ordin\u00e1rio n\u00ba 05 - 2023 - Di\u00e1ria dos Servidores do Executivo."}, {"id": "6387", "ano": "2023", "numero": "50", "tipo__sigla": "OVC", "tipo__descricao": "Of\u00edcio de Vereador/Comiss\u00e3o", "assunto": "Solicita apoio de Comiss\u00e3o"}, {"id": "6406", "ano": "2023", "numero": "50", "tipo__sigla": "REV", "tipo__descricao": "Relat\u00f3rios de rodagem do ve\u00edculo e outros", "assunto": "Relat\u00f3rio de rodagem: Levar auxiliar legislativa na padaria para buscar p\u00e3o (Santana da Vargem- 20/04/2023)"}, {"id": "6660", "ano": "2023", "numero": "50", "tipo__sigla": "MEM", "tipo__descricao": "Memorando", "assunto": "Solicita\u00e7\u00e3o desconsidera\u00e7\u00e3o de documento solicitando hor\u00e1rio divergente"}, {"id": "7404", "ano": "2023", "numero": "50", "tipo__sigla": "CERT", "tipo__descricao": "CERTIFICADO", "assunto": "Certifica que Vitor Donizetti Siqueira Junior participou do 557\u00ba Curso de Capacita\u00e7\u00e3o com o tema: \"A FIXA\u00c7\u00c3O DOS SUBS\u00cdDIOS DOS AGENTES POL\u00cdTICOS PARA A PR\u00d3XIMA LEGISLATURA E AS SAN\u00c7\u00d5ES POR ATO DE IMPROBIDADE ADMINISTRATIVA\""}, {"id": "6035", "ano": "2023", "numero": "51", "tipo__sigla": "DI", "tipo__descricao": "Di\u00e1rias e documentos relativos", "assunto": "Requisi\u00e7\u00e3o de di\u00e1rias Felipe Tom\u00e9 Mota e Silva (Belo Horizonte 28/02/2023 a 03/03/2023)"}, {"id": "6136", "ano": "2023", "numero": "51", "tipo__sigla": "OFEXP", "tipo__descricao": "Of\u00edcio Expedido", "assunto": "Informa o resultado das delibera\u00e7\u00f5es da 5\u00aa reuni\u00e3o ordin\u00e1ria e encaminha a c\u00f3pia de proposi\u00e7\u00f5es"}, {"id": "6278", "ano": "2023", "numero": "51", "tipo__sigla": "OR", "tipo__descricao": "OF\u00cdCIOS RECEBIDOS", "assunto": "Encaminha documenta\u00e7\u00e3o para projeto de lei n\u00famero 007 de 13 de mar\u00e7o de 2023"}, {"id": "6383", "ano": "2023", "numero": "51", "tipo__sigla": "PARE", "tipo__descricao": "PARECER", "assunto": "Parecer Jur\u00eddico - Processo Licitat\u00f3rio n\u00ba 16 - 23 - Curso Licita\u00e7\u00e3o"}, {"id": "6389", "ano": "2023", "numero": "51", "tipo__sigla": "OVC", "tipo__descricao": "Of\u00edcio de Vereador/Comiss\u00e3o", "assunto": "Solicita emenda parlamentar (Deputado Estadual Luiz Ant\u00f4nio da Silva)"}, {"id": "6407", "ano": "2023", "numero": "51", "tipo__sigla": "REV", "tipo__descricao": "Relat\u00f3rios de rodagem do ve\u00edculo e outros", "assunto": "Relat\u00f3rio de rodagem: Levar vereadores Vitor, Ezequiel e Lia para fazer curso de capacita\u00e7\u00e3o (Belo Horizonte- 25/04/2023)"}, {"id": "6703", "ano": "2023", "numero": "51", "tipo__sigla": "MEM", "tipo__descricao": "Memorando", "assunto": "Solicito deferimento para participar do curso \"Contrata\u00e7\u00e3o direta conforme a nova lei de licita\u00e7\u00f5es\""}, {"id": "7405", "ano": "2023", "numero": "51", "tipo__sigla": "CERT", "tipo__descricao": "CERTIFICADO", "assunto": "Certifica que Carlos C\u00e9zar Ribeiro participou do 557\u00ba Curso de Capacita\u00e7\u00e3o com o tema: \"A FIXA\u00c7\u00c3O DOS SUBS\u00cdDIOS DOS AGENTES POL\u00cdTICOS PARA A PR\u00d3XIMA LEGISLATURA E AS SAN\u00c7\u00d5ES POR ATO DE IMPROBIDADE ADMINISTRATIVA\""}, {"id": "6038", "ano": "2023", "numero": "52", "tipo__sigla": "DI", "tipo__descricao": "Di\u00e1rias e documentos relativos", "assunto": "Relat\u00f3rio e presta\u00e7\u00e3o de contas Alessandra Dixini Araujo (Belo Horizonte- 15/02/2023 a 17/02/2023)"}, {"id": "6143", "ano": "2023", "numero": "52", "tipo__sigla": "OFEXP", "tipo__descricao": "Of\u00edcio Expedido", "assunto": "Informa que a vereadora Silmara solicitou a retirada do Conselho Municipal de Habita\u00e7\u00e3o"}, {"id": "6303", "ano": "2023", "numero": "52", "tipo__sigla": "OR", "tipo__descricao": "OF\u00cdCIOS RECEBIDOS", "assunto": "Encaminha decreto n\u00ba20/2023 de 17 de mar\u00e7o de 2023."}, {"id": "6384", "ano": "2023", "numero": "52", "tipo__sigla": "PARE", "tipo__descricao": "PARECER", "assunto": "Parecer Jur\u00eddico - Inexigibilidade - Curso Forma\u00e7\u00e3o de agente de contrata\u00e7\u00e3o, Pregoeiro e equipe de apoio."}, {"id": "6390", "ano": "2023", "numero": "52", "tipo__sigla": "OVC", "tipo__descricao": "Of\u00edcio de Vereador/Comiss\u00e3o", "assunto": "Solicita emenda parlamentar (Deputado Cristiano Silveira)"}, {"id": "6408", "ano": "2023", "numero": "52", "tipo__sigla": "REV", "tipo__descricao": "Relat\u00f3rios de rodagem do ve\u00edculo e outros", "assunto": "Relat\u00f3rio de rodagem: Levar funcion\u00e1rios Alessandra, Felipe, Isabela e Ruiter para curso de capacita\u00e7\u00e3o"}, {"id": "6725", "ano": "2023", "numero": "52", "tipo__sigla": "MEM", "tipo__descricao": "Memorando", "assunto": "Solicita abertura de processo administrativo para aquisi\u00e7\u00e3o de carimbos"}, {"id": "7406", "ano": "2023", "numero": "52", "tipo__sigla": "CERT", "tipo__descricao": "CERTIFICADO", "assunto": "Certifica que Walter Silva participou do 557\u00ba Curso de Capacita\u00e7\u00e3o com o tema: \"A FIXA\u00c7\u00c3O DOS SUBS\u00cdDIOS DOS AGENTES POL\u00cdTICOS PARA A PR\u00d3XIMA LEGISLATURA E AS SAN\u00c7\u00d5ES POR ATO DE IMPROBIDADE ADMINISTRATIVA\""}, {"id": "6066", "ano": "2023", "numero": "53", "tipo__sigla": "DI", "tipo__descricao": "Di\u00e1rias e documentos relativos", "assunto": "Relat\u00f3rio e presta\u00e7\u00e3o de contas deferido"}, {"id": "6146", "ano": "2023", "numero": "53", "tipo__sigla": "OFEXP", "tipo__descricao": "Of\u00edcio Expedido", "assunto": "Solicitar que seja adicionado o saldo or\u00e7ament\u00e1rio na ficha n\u00b0 24 (dota\u00e7\u00e3o or\u00e7ament\u00e1ria n\u00b0 01.031.3001.4009, elemento de despesa n\u00b0 3.3.90.33) a import\u00e2ncia de R$2.900,00 (dois mil e novecentos reais)"}, {"id": "6381", "ano": "2023", "numero": "53", "tipo__sigla": "OR", "tipo__descricao": "OF\u00cdCIOS RECEBIDOS", "assunto": "Encaminha os documentos referentes ao projeto de lei  n\u00ba 019 de 17 de abril de 2023 (Institui o Programa Bolsa Atleta)"}, {"id": "6391", "ano": "2023", "numero": "53", "tipo__sigla": "OVC", "tipo__descricao": "Of\u00edcio de Vereador/Comiss\u00e3o", "assunto": "Solicita emenda parlamentar para a associa\u00e7\u00e3o do Sop\u00e3o de Santana da Vargem (Deputado Cristiano Silveira)"}, {"id": "6416", "ano": "2023", "numero": "53", "tipo__sigla": "REV", "tipo__descricao": "Relat\u00f3rios de rodagem do ve\u00edculo e outros", "assunto": "Buscar funcion\u00e1rios Alessandra, Felipe e Ruiter do curso de capacita\u00e7\u00e3o (Belo Horizonte 28/04/2023)"}, {"id": "6418", "ano": "2023", "numero": "53", "tipo__sigla": "PARE", "tipo__descricao": "PARECER", "assunto": "Parecer Jur\u00eddico - Projeto de Lei Ordin\u00e1ria n\u00ba 19 - 2023 - Bolsa Atleta."}, {"id": "6727", "ano": "2023", "numero": "53", "tipo__sigla": "MEM", "tipo__descricao": "Memorando", "assunto": "Requerimento de licen\u00e7a premio em abono pecuni\u00e1rio Cleber de Brito"}, {"id": "7414", "ano": "2023", "numero": "53", "tipo__sigla": "CERT", "tipo__descricao": "CERTIFICADO", "assunto": "Certifica Laidia Mesquita de Souza participou do curso Planejamento das Contrata\u00e7\u00f5es P\u00fablicas: Plano Anual de Contrata\u00e7\u00e3o, DFD, ETP, TR e Pesquisa de pre\u00e7os\", que se realizou em Belo Horizonte de 13 a 15 de dezembro de 2023 em Belo Horizonte"}, {"id": "6067", "ano": "2023", "numero": "54", "tipo__sigla": "DI", "tipo__descricao": "Di\u00e1rias e documentos relativos", "assunto": "Relat\u00f3rio e presta\u00e7\u00e3o de contas deferido"}, {"id": "6162", "ano": "2023", "numero": "54", "tipo__sigla": "OFEXP", "tipo__descricao": "Of\u00edcio Expedido", "assunto": "Solicita abertura de processo para aquisi\u00e7\u00e3o de combust\u00edvel"}, {"id": "6382", "ano": "2023", "numero": "54", "tipo__sigla": "OR", "tipo__descricao": "OF\u00cdCIOS RECEBIDOS", "assunto": "Encaminha documentos para prestar informa\u00e7\u00f5es referentes ao projeto de lei n\u00ba 001 de 23 de fevereiro de 2023- Disp\u00f5e sobre doa\u00e7\u00e3o de im\u00f3vel para interesse social e d\u00e1 outras provid\u00eancias"}, {"id": "6392", "ano": "2023", "numero": "54", "tipo__sigla": "OVC", "tipo__descricao": "Of\u00edcio de Vereador/Comiss\u00e3o", "assunto": "Solicita emenda parlamentar para a Associa\u00e7\u00e3o de Pais e Amigos dos Excepcionais - APAE (Deputado Estadual Luiz Ant\u00f4nio da Silva)"}, {"id": "6417", "ano": "2023", "numero": "54", "tipo__sigla": "REV", "tipo__descricao": "Relat\u00f3rios de rodagem do ve\u00edculo e outros", "assunto": "Levar auxiliar legislativa na padaria para buscar p\u00e3o (Santana da Vargem 02/05/2023)"}, {"id": "6422", "ano": "2023", "numero": "54", "tipo__sigla": "PARE", "tipo__descricao": "PARECER", "assunto": "Parecer Jur\u00eddico - Projeto de Lei Ordin\u00e1ria n\u00ba 15 - 2023 - Altera a Lei que disciplina o aux\u00edlio transporte para o estudante."}, {"id": "6740", "ano": "2023", "numero": "54", "tipo__sigla": "MEM", "tipo__descricao": "Memorando", "assunto": "Solicita abertura de processo e inscri\u00e7\u00e3o em curso \"511 CURSO SOBRE FISCALIZA\u00c7\u00c3O E CONTROLE DO PATRIM\u00d4NIO P\u00daBLICO MUNICIPAL (PADRONIZA\u00c7\u00c3O E COTROLE DE FROTAS)"}, {"id": "7415", "ano": "2023", "numero": "54", "tipo__sigla": "CERT", "tipo__descricao": "CERTIFICADO", "assunto": "Certifica que Alanis Carolina de Oliveira Moreira  participou do curso Planejamento das Contrata\u00e7\u00f5es P\u00fablicas: Plano Anual de Contrata\u00e7\u00e3o, DFD, ETP, TR e Pesquisa de pre\u00e7os\", que se realizou em Belo Horizonte de 13 a 15 de dezembro de 2023 em Belo Horizonte"}, {"id": "6068", "ano": "2023", "numero": "55", "tipo__sigla": "DI", "tipo__descricao": "Di\u00e1rias e documentos relativos", "assunto": "Relat\u00f3rio e presta\u00e7\u00e3o de contas Deferido"}, {"id": "6183", "ano": "2023", "numero": "55", "tipo__sigla": "OFEXP", "tipo__descricao": "Of\u00edcio Expedido", "assunto": "Solicita um profissional do quadro de servidores, para avaliar o pr\u00e9dio legislativo bem como confirmar a metragem, uma vez que esta Casa n\u00e3o conta com profissional tecnicamente habilitado para executar esse servi\u00e7o."}, {"id": "6385", "ano": "2023", "numero": "55", "tipo__sigla": "OR", "tipo__descricao": "OF\u00cdCIOS RECEBIDOS", "assunto": "Encaminha o relat\u00f3rio de superavit financeiro do exerc\u00edcio financeiro de 2023"}, {"id": "6397", "ano": "2023", "numero": "55", "tipo__sigla": "OVC", "tipo__descricao": "Of\u00edcio de Vereador/Comiss\u00e3o", "assunto": "Indica a emenda impositiva destinando 50% para as cirurgias eletivas e 50% a APAE"}, {"id": "6426", "ano": "2023", "numero": "55", "tipo__sigla": "PARE", "tipo__descricao": "PARECER", "assunto": "Parecer Jur\u00eddico - Projeto de Lei Ordin\u00e1ria n\u00ba 15 - 2023 - Concess\u00e3o de Plano de Sa\u00fade para os membros do Poder Executivo."}, {"id": "6523", "ano": "2023", "numero": "55", "tipo__sigla": "REV", "tipo__descricao": "Relat\u00f3rios de rodagem do ve\u00edculo e outros", "assunto": "Levar vereadores Luiz Felipe e Ronalthe no encontro/congresso da AMM (Belo Horizonte- 09/05/2023 a 10/05/2023)"}, {"id": "6749", "ano": "2023", "numero": "55", "tipo__sigla": "MEM", "tipo__descricao": "Memorando", "assunto": "requer a concess\u00e3o de acesso"}, {"id": "7417", "ano": "2023", "numero": "55", "tipo__sigla": "CERT", "tipo__descricao": "CERTIFICADO", "assunto": "Certifica que Ruiter Silva de Oliveira participou do curso Planejamento das Contrata\u00e7\u00f5es P\u00fablicas: Plano Anual de Contrata\u00e7\u00e3o, DFD, ETP, TR e Pesquisa de pre\u00e7os\", que se realizou em Belo Horizonte de 13 a 15 de dezembro de 2023 em Belo Horizonte"}, {"id": "6069", "ano": "2023", "numero": "56", "tipo__sigla": "DI", "tipo__descricao": "Di\u00e1rias e documentos relativos", "assunto": "Relat\u00f3rio e presta\u00e7\u00e3o de contas deferido"}, {"id": "6188", "ano": "2023", "numero": "56", "tipo__sigla": "OFEXP", "tipo__descricao": "Of\u00edcio Expedido", "assunto": "Encaminha as indica\u00e7\u00f5es 020, 021, 022 e 023 e o requerimento 004 feitos pelo vereador Vitor Donizetti Siqueira Junior"}, {"id": "6399", "ano": "2023", "numero": "56", "tipo__sigla": "OR", "tipo__descricao": "OF\u00cdCIOS RECEBIDOS", "assunto": "Of\u00edcio 094 prefeitura: responde \u00e0 indica\u00e7\u00e3o 001 do vereador Ronalthe Dayglas Rocha"}, {"id": "6441", "ano": "2023", "numero": "56", "tipo__sigla": "PARE", "tipo__descricao": "PARECER", "assunto": "Parecer Jur\u00eddico - Inexigibilidade -Vereador -  Curso \u201cPlanejamento Or\u00e7ament\u00e1rio\u201d"}, {"id": "6453", "ano": "2023", "numero": "56", "tipo__sigla": "OVC", "tipo__descricao": "Of\u00edcio de Vereador/Comiss\u00e3o", "assunto": "Indica a destina\u00e7\u00e3o da emenda impositiva"}, {"id": "6525", "ano": "2023", "numero": "56", "tipo__sigla": "REV", "tipo__descricao": "Relat\u00f3rios de rodagem do ve\u00edculo e outros", "assunto": "Buscar os vereadores Juninho, Carlos C\u00e9zar e Jackson que participavam de curso de capacita\u00e7\u00e3o (Belo Horizonte- 12/05/2023)"}, {"id": "6753", "ano": "2023", "numero": "56", "tipo__sigla": "MEM", "tipo__descricao": "Memorando", "assunto": "Solicita convers\u00e3o de Licen\u00e7a- Pr\u00eamio em abono pecuni\u00e1rio"}, {"id": "6070", "ano": "2023", "numero": "57", "tipo__sigla": "DI", "tipo__descricao": "Di\u00e1rias e documentos relativos", "assunto": "Relat\u00f3rio e presta\u00e7\u00e3o de contas Deferido"}, {"id": "6220", "ano": "2023", "numero": "57", "tipo__sigla": "OFEXP", "tipo__descricao": "Of\u00edcio Expedido", "assunto": "Encaminha as indica\u00e7\u00f5es 004, 005, 006 e 007 feitas pelo vereador Jackson Luiz Ven\u00e2ncio de Souza"}, {"id": "6400", "ano": "2023", "numero": "57", "tipo__sigla": "OR", "tipo__descricao": "OF\u00cdCIOS RECEBIDOS", "assunto": "Of\u00edcio 096 prefeitura: responde \u00e0s indica\u00e7\u00f5es 024 e 025 do vereador Vitor Donizetti Siqueira Junior"}, {"id": "6474", "ano": "2023", "numero": "57", "tipo__sigla": "OVC", "tipo__descricao": "Of\u00edcio de Vereador/Comiss\u00e3o", "assunto": "Justifica aus\u00eancia/ falta na 11\u00aa Reuni\u00e3o Ordin\u00e1ria"}, {"id": "6479", "ano": "2023", "numero": "57", "tipo__sigla": "PARE", "tipo__descricao": "PARECER", "assunto": "Parecer Jur\u00eddico - Projeto de Lei Ordin\u00e1ria do Legislativo n\u00ba 03 - 2023 - Confere denomina\u00e7\u00e3o de logradouro p\u00fablico - Francisco de Paula Vitor Corr\u00eaa"}, {"id": "6529", "ano": "2023", "numero": "57", "tipo__sigla": "REV", "tipo__descricao": "Relat\u00f3rios de rodagem do ve\u00edculo e outros", "assunto": "Relat\u00f3rio e presta\u00e7\u00e3o de contas Vitor Donizetti Siqueira Junior (Belo Horizonte- 09/05/2023 a 12/05/2023)"}, {"id": "6763", "ano": "2023", "numero": "57", "tipo__sigla": "MEM", "tipo__descricao": "Memorando", "assunto": "Solicita permiss\u00e3o para levar o notebook, projetos furador e capa"}, {"id": "6071", "ano": "2023", "numero": "58", "tipo__sigla": "DI", "tipo__descricao": "Di\u00e1rias e documentos relativos", "assunto": "Relat\u00f3rio e presta\u00e7\u00e3o de contas Jackson Luiz Ven\u00e2ncio de Souza (Bras\u00edlia 13/02/2023 a 15/02/2023)"}, {"id": "6225", "ano": "2023", "numero": "58", "tipo__sigla": "OFEXP", "tipo__descricao": "Of\u00edcio Expedido", "assunto": "Encaminha indica\u00e7\u00e3o 001 feita pelo vereador Ronalthe Dayglas Rocha"}, {"id": "6401", "ano": "2023", "numero": "58", "tipo__sigla": "OR", "tipo__descricao": "OF\u00cdCIOS RECEBIDOS", "assunto": "Of\u00edcio 097 prefeitura: responde \u00e0 indica\u00e7\u00e3o 008 do vereador Vitor Donizetti Siqueira Junior"}, {"id": "6480", "ano": "2023", "numero": "58", "tipo__sigla": "PARE", "tipo__descricao": "PARECER", "assunto": "Parecer Jur\u00eddico - Projeto de Lei Ordin\u00e1ria do Legislativo n\u00ba 03 - 2023 - Confere denomina\u00e7\u00e3o de logradouro p\u00fablico - Rua In\u00e1cio da Silva"}, {"id": "6492", "ano": "2023", "numero": "58", "tipo__sigla": "OVC", "tipo__descricao": "Of\u00edcio de Vereador/Comiss\u00e3o", "assunto": "Responde ao of\u00edcio 01/2023 - COPAST"}, {"id": "6542", "ano": "2023", "numero": "58", "tipo__sigla": "REV", "tipo__descricao": "Relat\u00f3rios de rodagem do ve\u00edculo e outros", "assunto": "Levar funcion\u00e1ria Alanis na padaria para buscar p\u00e3o (Santana da Vargem - 18/05/2023)"}, {"id": "6772", "ano": "2023", "numero": "58", "tipo__sigla": "MEM", "tipo__descricao": "Memorando", "assunto": "Solicita abertura de processo licitat\u00f3rio para aquisi\u00e7\u00e3o de balc\u00e3o de pia"}, {"id": "6072", "ano": "2023", "numero": "59", "tipo__sigla": "DI", "tipo__descricao": "Di\u00e1rias e documentos relativos", "assunto": "Requisi\u00e7\u00e3o de di\u00e1rias Vitor Donizetti Siqueira Junior (Bras\u00edlia- 37/03/2023 a 30/03/2023)"}, {"id": "6226", "ano": "2023", "numero": "59", "tipo__sigla": "OFEXP", "tipo__descricao": "Of\u00edcio Expedido", "assunto": "Solicita minha inscri\u00e7\u00e3o no curso: AN\u00c1LISE DA TERCEIRIZA\u00c7\u00c3O DE PESSOAL NA ADMINISTRA\u00c7\u00c3O P\u00daBLICA COM O ADVENTO DA LEI 13.429 DE 2017 E O DESVIRTUAMENTO DA CONTRATA\u00c7\u00c3O TEMPOR\u00c1RIA DE EXEPCIONAL INTERESSE P\u00daBLICO"}, {"id": "6402", "ano": "2023", "numero": "59", "tipo__sigla": "OR", "tipo__descricao": "OF\u00cdCIOS RECEBIDOS", "assunto": "Of\u00edcio 095 prefeitura: responde \u00e0s indica\u00e7\u00f5es 004, 005, 006 e 007 do vereador Jackson Luiz Ven\u00e2ncio de Souza"}, {"id": "6481", "ano": "2023", "numero": "59", "tipo__sigla": "PARE", "tipo__descricao": "PARECER", "assunto": "Parecer Jur\u00eddico - Projeto de Lei Ordin\u00e1ria do Legislativo - 05 - 2023 - Visa  estabelecer pol\u00edticas p\u00fablicas para seguran\u00e7a escolar no Munic\u00edpio de Santana da Vargem \u2013 MG."}, {"id": "6493", "ano": "2023", "numero": "59", "tipo__sigla": "OVC", "tipo__descricao": "Of\u00edcio de Vereador/Comiss\u00e3o", "assunto": "Solicita informa\u00e7\u00f5es acerca do credenciamento de professores para dar aulas de futebol e outros esportes"}, {"id": "6572", "ano": "2023", "numero": "59", "tipo__sigla": "REV", "tipo__descricao": "Relat\u00f3rios de rodagem do ve\u00edculo e outros", "assunto": "Levar funcion\u00e1rios Ruiter e Alanis para fazer curso de capacita\u00e7\u00e3o (Belo Horizonte - 24/05/2023 a 26/05/2023)"}, {"id": "6773", "ano": "2023", "numero": "59", "tipo__sigla": "MEM", "tipo__descricao": "Memorando", "assunto": "Solicita abertura de processo licitat\u00f3rio para aquisi\u00e7\u00e3o de tanque de fibra de lavar roupa"}, {"id": "6084", "ano": "2023", "numero": "60", "tipo__sigla": "DI", "tipo__descricao": "Di\u00e1rias e documentos relativos", "assunto": "Relat\u00f3rio e presta\u00e7\u00e3o de contas Emerson Silva Ara\u00fajo (Belo Horizonte- 28/02/2023 a 03/03/2023)"}, {"id": "6270", "ano": "2023", "numero": "60", "tipo__sigla": "OFEXP", "tipo__descricao": "Of\u00edcio Expedido", "assunto": "Solicita ao setor de tributa\u00e7\u00e3o que seja emitida uma guia de pagamento referente aos rendimentos de aplica\u00e7\u00e3o do m\u00eas de mar\u00e7o"}, {"id": "6452", "ano": "2023", "numero": "60", "tipo__sigla": "OR", "tipo__descricao": "OF\u00cdCIOS RECEBIDOS", "assunto": "Encaminha os balancetes de receitas e despesas referentes ao m\u00eas de mar\u00e7o/2023 nos termos da lei"}, {"id": "6483", "ano": "2023", "numero": "60", "tipo__sigla": "PARE", "tipo__descricao": "PARECER", "assunto": "Parecer Jur\u00eddico - Projeto de Lei Ordin\u00e1ria n\u00ba 25 - 2023 - Altera a Lei municipal 1.671 - 23"}, {"id": "6494", "ano": "2023", "numero": "60", "tipo__sigla": "OVC", "tipo__descricao": "Of\u00edcio de Vereador/Comiss\u00e3o", "assunto": "Solicita informa\u00e7\u00f5es sobre gastos com terceiriza\u00e7\u00f5es"}, {"id": "6634", "ano": "2023", "numero": "60", "tipo__sigla": "REV", "tipo__descricao": "Relat\u00f3rios de rodagem do ve\u00edculo e outros", "assunto": "Levar funcion\u00e1rio Felipe Tom\u00e9 e vereadora Maria Aparecida em curso de capacita\u00e7\u00e3o (Belo Horizonte- 30/05/2023 a 02/06/2023)"}, {"id": "6807", "ano": "2023", "numero": "60", "tipo__sigla": "MEM", "tipo__descricao": "Memorando", "assunto": "Solicita participa\u00e7\u00e3o de curso de capacita\u00e7\u00e3o"}, {"id": "6085", "ano": "2023", "numero": "61", "tipo__sigla": "DI", "tipo__descricao": "Di\u00e1rias e documentos relativos", "assunto": "Relat\u00f3rio de presta\u00e7\u00e3o de contas Kainne Delfino Joanas (Belo Horizonte- 28/02/2023 a 03/03/2023)"}, {"id": "6271", "ano": "2023", "numero": "61", "tipo__sigla": "OFEXP", "tipo__descricao": "Of\u00edcio Expedido", "assunto": "Solicita ao setor de tributa\u00e7\u00e3o que seja emitida uma guia de IRRF referente ao m\u00eas de mar\u00e7o de 2023"}, {"id": "6454", "ano": "2023", "numero": "61", "tipo__sigla": "OR", "tipo__descricao": "OF\u00cdCIOS RECEBIDOS", "assunto": "Of\u00edcio 123 prefeitura: responde indica\u00e7\u00f5es 001 e 002 do vereador Walter Silva"}, {"id": "6485", "ano": "2023", "numero": "61", "tipo__sigla": "PARE", "tipo__descricao": "PARECER", "assunto": "Parecer Jur\u00eddico - Projeto de Lei Ordin\u00e1ria n\u00ba 26 - 2023 - Autoriza desconto em folha - Expo Santana 2023."}, {"id": "6528", "ano": "2023", "numero": "61", "tipo__sigla": "OVC", "tipo__descricao": "Of\u00edcio de Vereador/Comiss\u00e3o", "assunto": "Solicita informa\u00e7\u00f5es sobre multa"}, {"id": "6650", "ano": "2023", "numero": "61", "tipo__sigla": "REV", "tipo__descricao": "Relat\u00f3rios de rodagem do ve\u00edculo e outros", "assunto": "Santana da Vargem - 06/06/2023"}, {"id": "6811", "ano": "2023", "numero": "61", "tipo__sigla": "MEM", "tipo__descricao": "Memorando", "assunto": "Solicita autoriza\u00e7\u00e3o para levar notebook do setor de compras"}, {"id": "6086", "ano": "2023", "numero": "62", "tipo__sigla": "DI", "tipo__descricao": "Di\u00e1rias e documentos relativos", "assunto": "Relat\u00f3rio e presta\u00e7\u00e3o de contas Felipe Tom\u00e9 Mota e Silva (Belo Horizonte- 28/02/2023 a 03/03/2023)"}, {"id": "6277", "ano": "2023", "numero": "62", "tipo__sigla": "OFEXP", "tipo__descricao": "Of\u00edcio Expedido", "assunto": "Encaminha as indica\u00e7\u00f5es 024 e 025 feitas pelo vereador Vitor Donizetti Siqueira Junior"}, {"id": "6455", "ano": "2023", "numero": "62", "tipo__sigla": "OR", "tipo__descricao": "OF\u00cdCIOS RECEBIDOS", "assunto": "Of\u00edcio 109  prefeitura: responde  indica\u00e7\u00e3o 004 do vereador Ronalthe Dayglas Rocha"}, {"id": "6488", "ano": "2023", "numero": "62", "tipo__sigla": "PARE", "tipo__descricao": "PARECER", "assunto": "Parecer Jur\u00eddico - Projeto de Lei Ordin\u00e1ria n\u00ba 18 - 2023 - LDO para o exerc\u00edcio financeiro de 2024"}, {"id": "6559", "ano": "2023", "numero": "62", "tipo__sigla": "OVC", "tipo__descricao": "Of\u00edcio de Vereador/Comiss\u00e3o", "assunto": "Solicita abertura de processo administrativo e inscri\u00e7\u00e3o em curso de capacita\u00e7\u00e3o \"Fiscaliza\u00e7\u00e3o Parlamentar e o papel da assessoria jur\u00eddica e do controle interno no novo regime de contrata\u00e7\u00e3o p\u00fablica brasileira durante a fase de execu\u00e7\u00e3o contratual\""}, {"id": "6653", "ano": "2023", "numero": "62", "tipo__sigla": "REV", "tipo__descricao": "Relat\u00f3rios de rodagem do ve\u00edculo e outros", "assunto": "Santana da Vargem 06/06/2023 9:30"}, {"id": "6820", "ano": "2023", "numero": "62", "tipo__sigla": "MEM", "tipo__descricao": "Memorando", "assunto": "Solicita inscri\u00e7\u00e3o autoriza\u00e7\u00e3o e inscri\u00e7\u00e3o no curso: O PODER LEGISLADOR DAS C\u00c2MARAS MUNICIPAIS E A NOVA DISPENSA DE LICITA\u00c7\u00c3O DA LEI 14.133 DE 2021\""}, {"id": "6087", "ano": "2023", "numero": "63", "tipo__sigla": "DI", "tipo__descricao": "Di\u00e1rias e documentos relativos", "assunto": "Relat\u00f3rio e presta\u00e7\u00e3o de contas Alanis Carolina de Oliveira Moreira (Belo Horizonte- 28/02/2023 a 03/03/2023)"}, {"id": "6288", "ano": "2023", "numero": "63", "tipo__sigla": "OFEXP", "tipo__descricao": "Of\u00edcio Expedido", "assunto": "Encaminha indica\u00e7\u00e3o 008 do vereador Ezequiel da Silva"}, {"id": "6456", "ano": "2023", "numero": "63", "tipo__sigla": "OR", "tipo__descricao": "OF\u00cdCIOS RECEBIDOS", "assunto": "Of\u00edcio 109  prefeitura: responde a indica\u00e7\u00e3o 026 do vereador Vitor Donizetti Siqueira Junior"}, {"id": "6491", "ano": "2023", "numero": "63", "tipo__sigla": "PARE", "tipo__descricao": "PARECER", "assunto": "Parecer Jur\u00eddico - Projeto de Lei Ordin\u00e1rio n\u00ba 23 - 2023 - Doa\u00e7\u00e3o de Im\u00f3vel - Regulariza\u00e7\u00e3o Fundi\u00e1ria."}, {"id": "6573", "ano": "2023", "numero": "63", "tipo__sigla": "OVC", "tipo__descricao": "Of\u00edcio de Vereador/Comiss\u00e3o", "assunto": "Convoca Comiss\u00e3o de Obras, Servi\u00e7os P\u00fablicos, Agroind\u00fastria, Com\u00e9rcio e Turismo  para reuni\u00e3o no dia 29/05/2023 \u00e0s 18h"}, {"id": "6654", "ano": "2023", "numero": "63", "tipo__sigla": "REV", "tipo__descricao": "Relat\u00f3rios de rodagem do ve\u00edculo e outros", "assunto": "Santana da Vargem -14:10"}, {"id": "6857", "ano": "2023", "numero": "63", "tipo__sigla": "MEM", "tipo__descricao": "Memorando", "assunto": "Solicita autoriza\u00e7\u00e3o para levar o notebook e materiais de trabalho para dar continuidade ao servi\u00e7o."}, {"id": "6098", "ano": "2023", "numero": "64", "tipo__sigla": "DI", "tipo__descricao": "Di\u00e1rias e documentos relativos", "assunto": "Relat\u00f3rio e presta\u00e7\u00e3o de contas Carlos C\u00e9zar Ribeiro (Belo Horizonte- 28/02/2023 a 03/03/2023)"}, {"id": "6289", "ano": "2023", "numero": "64", "tipo__sigla": "OFEXP", "tipo__descricao": "Of\u00edcio Expedido", "assunto": "Encaminha a indica\u00e7\u00e3o 003 do vereador Ronalthe Dayglas Rocha"}, {"id": "6457", "ano": "2023", "numero": "64", "tipo__sigla": "OR", "tipo__descricao": "OF\u00cdCIOS RECEBIDOS", "assunto": "Of\u00edcio 122  prefeitura: responde o of\u00edcio 012 do vereador Luiz Felipe Mendon\u00e7a Rodrigues"}, {"id": "6505", "ano": "2023", "numero": "64", "tipo__sigla": "PARE", "tipo__descricao": "PARECER", "assunto": "Parecer Jur\u00eddico - Projeto de Lei Complementar n\u00ba 06 - 2023 - Insere a revis\u00e3o geral nos cargos de motorista e assistente social."}, {"id": "6577", "ano": "2023", "numero": "64", "tipo__sigla": "OVC", "tipo__descricao": "Of\u00edcio de Vereador/Comiss\u00e3o", "assunto": "Solicita abertura de processo e inscri\u00e7\u00e3o no curso \"Fiscaliza\u00e7\u00e3o parlamentar e o papel da assessoria jur\u00eddica e do controle interno no novo regime de contrata\u00e7\u00e3o p\u00fablica brasileira durante a fase de execu\u00e7\u00e3o contratual"}, {"id": "6656", "ano": "2023", "numero": "64", "tipo__sigla": "REV", "tipo__descricao": "Relat\u00f3rios de rodagem do ve\u00edculo e outros", "assunto": "Santana da Vargem-  07/06/2023 , 14:10 (Levar diretora no Posto de gasolina)"}, {"id": "6898", "ano": "2023", "numero": "64", "tipo__sigla": "MEM", "tipo__descricao": "Memorando", "assunto": "Solicita autoriza\u00e7\u00e3o para altera\u00e7\u00e3o da data das f\u00e9rias para 02 a 11 de outubro"}, {"id": "6099", "ano": "2023", "numero": "65", "tipo__sigla": "DI", "tipo__descricao": "Di\u00e1rias e documentos relativos", "assunto": "Relat\u00f3rio e presta\u00e7\u00e3o de contas Ruiter Silva de Oliveira (Belo Horizonte- 28/02/2023 a 03/03/2023)"}, {"id": "6290", "ano": "2023", "numero": "65", "tipo__sigla": "OFEXP", "tipo__descricao": "Of\u00edcio Expedido", "assunto": "Encaminha a indica\u00e7\u00e3o 008 feita pelo vereador Jackson Luiz Ven\u00e2ncio de Souza"}, {"id": "6458", "ano": "2023", "numero": "65", "tipo__sigla": "OR", "tipo__descricao": "OF\u00cdCIOS RECEBIDOS", "assunto": "Of\u00edcio 120  prefeitura: responde a indica\u00e7\u00e3o 008 do vereador Ezequiel da Silva"}, {"id": "6507", "ano": "2023", "numero": "65", "tipo__sigla": "PARE", "tipo__descricao": "PARECER", "assunto": "Parecer jur\u00eddico - Projeto de Lei Complementar n\u00ba 07 - 2023 - Permite um dia para realiza\u00e7\u00e3o de exame preventivo de canc\u00ear"}, {"id": "6581", "ano": "2023", "numero": "65", "tipo__sigla": "OVC", "tipo__descricao": "Of\u00edcio de Vereador/Comiss\u00e3o", "assunto": "Destina\u00e7\u00e3o da emenda impositiva Luiz Felipe Mendon\u00e7a"}, {"id": "6712", "ano": "2023", "numero": "65", "tipo__sigla": "REV", "tipo__descricao": "Relat\u00f3rios de rodagem do ve\u00edculo e outros", "assunto": "Levar vereadores Vitor Junior e Ronalthe Rocha para curso de capacita\u00e7\u00e3o"}, {"id": "6900", "ano": "2023", "numero": "65", "tipo__sigla": "MEM", "tipo__descricao": "Memorando", "assunto": "Solicita\u00e7\u00e3o de servi\u00e7o de consultoria"}, {"id": "6116", "ano": "2023", "numero": "66", "tipo__sigla": "DI", "tipo__descricao": "Di\u00e1rias e documentos relativos", "assunto": "Requisi\u00e7\u00e3o de di\u00e1rias Larissa Oliveira Naves (Belo Horizonte- 15/03/2023 a 17/03/2023)"}, {"id": "6312", "ano": "2023", "numero": "66", "tipo__sigla": "OFEXP", "tipo__descricao": "Of\u00edcio Expedido", "assunto": "Encaminhamento de projeto aprovado na 4\u00aa reuni\u00e3o extraordin\u00e1ria."}, {"id": "6459", "ano": "2023", "numero": "66", "tipo__sigla": "OR", "tipo__descricao": "OF\u00cdCIOS RECEBIDOS", "assunto": "Of\u00edcio 119  prefeitura: responde a indica\u00e7\u00e3o 008 do vereador Jackson Luiz Ven\u00e2ncio de Souza"}, {"id": "6511", "ano": "2023", "numero": "66", "tipo__sigla": "PARE", "tipo__descricao": "PARECER", "assunto": "Parecer Jur\u00eddico - Projeto de Lei Ordin\u00e1ria n\u00ba 13 - 2023 - Pol\u00edtica Municipal do Turismo."}, {"id": "6582", "ano": "2023", "numero": "66", "tipo__sigla": "OVC", "tipo__descricao": "Of\u00edcio de Vereador/Comiss\u00e3o", "assunto": "Solicita retirada dos projetos legislativos 35 de 2021 e 16, 18 e 19 de 2022"}, {"id": "6729", "ano": "2023", "numero": "66", "tipo__sigla": "REV", "tipo__descricao": "Relat\u00f3rios de rodagem do ve\u00edculo e outros", "assunto": "Levar funcion\u00e1rias Larissa e Alanis nos com\u00e9rcios da Ana Paula, Mercado Rony, Padaria do Luiz\u00e3o, padaria do Odilon, Padaria do Agnaldo, mercado Pais e Filhos, padaria do cavalo, distribuidora do lamb\u00e3o para colher cota\u00e7\u00e3o de pre\u00e7os de produtos para elaborar licita\u00e7\u00e3o"}, {"id": "7019", "ano": "2023", "numero": "66", "tipo__sigla": "MEM", "tipo__descricao": "Memorando", "assunto": "Informa que precisar\u00e1 faltar algumas horas de servi\u00e7o sexta-feira dia 15 de setembro"}, {"id": "6317", "ano": "2023", "numero": "67", "tipo__sigla": "OFEXP", "tipo__descricao": "Of\u00edcio Expedido", "assunto": "Informa o resultado das delibera\u00e7\u00f5es da 8\u00aa reuni\u00e3o ordin\u00e1ria e encaminha a c\u00f3pia de proposi\u00e7\u00f5es aprovadas e as respectivas reda\u00e7\u00f5es finais."}, {"id": "6460", "ano": "2023", "numero": "67", "tipo__sigla": "OR", "tipo__descricao": "OF\u00cdCIOS RECEBIDOS", "assunto": "Of\u00edcio 118 prefeitura: responde as indica\u00e7\u00f5es 020, 021, 022, 023 e o requerimento 004  do vereador Vitor Donizetti Siqueira Junior"}, {"id": "6512", "ano": "2023", "numero": "67", "tipo__sigla": "PARE", "tipo__descricao": "PARECER", "assunto": "Parecer Jur\u00eddico - Projeto de lei ordin\u00e1ria n\u00ba 11 - 2023 - Conselho Tutelar."}, {"id": "6583", "ano": "2023", "numero": "67", "tipo__sigla": "OVC", "tipo__descricao": "Of\u00edcio de Vereador/Comiss\u00e3o", "assunto": "Destina\u00e7\u00e3o da emenda impositiva Walter Silva"}, {"id": "6732", "ano": "2023", "numero": "67", "tipo__sigla": "REV", "tipo__descricao": "Relat\u00f3rios de rodagem do ve\u00edculo e outros", "assunto": "Levar funcionarias Larissa e Alanis nos com\u00e9rcios em Tr\u00eas Pontas para fazer cota\u00e7\u00e3o de pre\u00e7o (Tr\u00eas Pontas)"}, {"id": "7037", "ano": "2023", "numero": "67", "tipo__sigla": "MEM", "tipo__descricao": "Memorando", "assunto": "Solicita posterga\u00e7\u00e3o na data das f\u00e9rias em raz\u00e3o do d\u00e9ficit de servidores na data selecionada para frui\u00e7\u00e3o\r\n(Altera\u00e7\u00e3o de 02/10/2023 para 23/10/2023)"}, {"id": "6137", "ano": "2023", "numero": "68", "tipo__sigla": "DI", "tipo__descricao": "Di\u00e1rias e documentos relativos", "assunto": "Requerimento de adiantamento para abastecimento e estacionamento quanto em deslocamento (Belo Horizonte 15/03/2023)"}, {"id": "6329", "ano": "2023", "numero": "68", "tipo__sigla": "OFEXP", "tipo__descricao": "Of\u00edcio Expedido", "assunto": "Encaminha projetos de leis aprovados na 9\u00aa reuni\u00e3o ordin\u00e1ria do dia 10 de abril de 2023"}, {"id": "6461", "ano": "2023", "numero": "68", "tipo__sigla": "OR", "tipo__descricao": "OF\u00cdCIOS RECEBIDOS", "assunto": "Of\u00edcio 121  prefeitura: responde indica\u00e7\u00e3o 003  do vereador Ronalthe Dayglas Rocha"}, {"id": "6564", "ano": "2023", "numero": "68", "tipo__sigla": "PARE", "tipo__descricao": "PARECER", "assunto": "Parecer Jur\u00eddico - Inexigibilidade - Curso LGPD \u2013 Lei Geral de Prote\u00e7\u00e3o de dados nos Munic\u00edpios - Servidor."}, {"id": "6587", "ano": "2023", "numero": "68", "tipo__sigla": "OVC", "tipo__descricao": "Of\u00edcio de Vereador/Comiss\u00e3o", "assunto": "Solicita inscri\u00e7\u00e3o do munic\u00edpio no Programa Estadual de Resgate de Animais Dom\u00e9sticos"}, {"id": "6733", "ano": "2023", "numero": "68", "tipo__sigla": "REV", "tipo__descricao": "Relat\u00f3rios de rodagem do ve\u00edculo e outros", "assunto": "Levar funcion\u00e1ria Larissa, mini f\u00e1bricas de carimbo, grasart, arte final, arte comunica\u00e7\u00e3o, arte express comunica\u00e7\u00e3o visual, Ponto gr\u00e1fico e outros"}, {"id": "7049", "ano": "2023", "numero": "68", "tipo__sigla": "MEM", "tipo__descricao": "Memorando", "assunto": "solicita 10 dias de f\u00e9rias e o abono de 10 dias em pec\u00fania (2 a 12 de outubro)"}, {"id": "6160", "ano": "2023", "numero": "69", "tipo__sigla": "DI", "tipo__descricao": "Di\u00e1rias e documentos relativos", "assunto": "Relat\u00f3rio e presta\u00e7\u00e3o de contas Emerson Silva Ara\u00fajo (Belo Horizonte- 15/03/2023 a 17/03/2023)"}, {"id": "6330", "ano": "2023", "numero": "69", "tipo__sigla": "OFEXP", "tipo__descricao": "Of\u00edcio Expedido", "assunto": "encaminha o Projeto de Lei Ordin\u00e1ria 16/2026"}, {"id": "6462", "ano": "2023", "numero": "69", "tipo__sigla": "OR", "tipo__descricao": "OF\u00cdCIOS RECEBIDOS", "assunto": "Of\u00edcio 125 prefeitura: responde ao of\u00edcio 011 do vereador Luiz Felipe Mendon\u00e7a Rodrigues"}, {"id": "6565", "ano": "2023", "numero": "69", "tipo__sigla": "PARE", "tipo__descricao": "PARECER", "assunto": "Parecer Jur\u00eddico - Inexigibilidade - Curso Fiscaliza\u00e7\u00e3o Parlamentar e o Papel da Assessoria Jur\u00eddica e do Controle Interno no novo regime de contrata\u00e7\u00e3o p\u00fablica\u201d. Servidor e Vereador."}, {"id": "6608", "ano": "2023", "numero": "69", "tipo__sigla": "OVC", "tipo__descricao": "Of\u00edcio de Vereador/Comiss\u00e3o", "assunto": "Of\u00edcio para o Deputado Estadual Luiz Ant\u00f4nio da Silva"}, {"id": "6734", "ano": "2023", "numero": "69", "tipo__sigla": "REV", "tipo__descricao": "Relat\u00f3rios de rodagem do ve\u00edculo e outros", "assunto": "Levar funcion\u00e1ria Larissa nos com\u00e9rcios vargenses para pegar cota\u00e7\u00f5es de pre\u00e7o"}, {"id": "7052", "ano": "2023", "numero": "69", "tipo__sigla": "MEM", "tipo__descricao": "Memorando", "assunto": "Requer prorroga\u00e7\u00e3o da licen\u00e7a maternidade pelo per\u00edodo de 60 (sessenta) dias \u00a7 4\u00ba do artigo 141, da lei complementar 022 de 31 de mar\u00e7o de 2022"}, {"id": "6178", "ano": "2023", "numero": "70", "tipo__sigla": "DI", "tipo__descricao": "Di\u00e1rias e documentos relativos", "assunto": "Requisi\u00e7\u00e3o de di\u00e1rias Maria Aparecida de Ara\u00fajo Reis (Bras\u00edlia- 26/03/2023 a 30/03/2023)"}, {"id": "6331", "ano": "2023", "numero": "70", "tipo__sigla": "OFEXP", "tipo__descricao": "Of\u00edcio Expedido", "assunto": "indicar destina\u00e7\u00e3o da emenda impositiva"}, {"id": "6463", "ano": "2023", "numero": "70", "tipo__sigla": "OR", "tipo__descricao": "OF\u00cdCIOS RECEBIDOS", "assunto": "Of\u00edcio 117  prefeitura: responde as indica\u00e7\u00f5es 008 e 009 do vereador Ezequiel da Silva"}, {"id": "6575", "ano": "2023", "numero": "70", "tipo__sigla": "PARE", "tipo__descricao": "PARECER", "assunto": "Parecer Jur\u00eddico - Projeto de lei 27 - 2023 - Altera a lei da feira livre"}, {"id": "6609", "ano": "2023", "numero": "70", "tipo__sigla": "OVC", "tipo__descricao": "Of\u00edcio de Vereador/Comiss\u00e3o", "assunto": "Of\u00edcio para oDeputado Estadual Cristiano Silveira"}, {"id": "6744", "ano": "2023", "numero": "70", "tipo__sigla": "REV", "tipo__descricao": "Relat\u00f3rios de rodagem do ve\u00edculo e outros", "assunto": "Levar funcion\u00e1ria Larissa nos com\u00e9rcios vargenses para  pegar cota\u00e7\u00f5es"}, {"id": "7176", "ano": "2023", "numero": "70", "tipo__sigla": "MEM", "tipo__descricao": "Memorando", "assunto": "Informa\u00e7\u00e3o sobre F\u00e9rias adquiridas."}, {"id": "6179", "ano": "2023", "numero": "71", "tipo__sigla": "DI", "tipo__descricao": "Di\u00e1rias e documentos relativos", "assunto": "Requisi\u00e7\u00e3o de di\u00e1rias Alessandra Dixini Araujo (Belo Horizonte- 29/03/2023 a 31/03/2023)"}, {"id": "6332", "ano": "2023", "numero": "71", "tipo__sigla": "OFEXP", "tipo__descricao": "Of\u00edcio Expedido", "assunto": "Encaminha reda\u00e7\u00e3o final do PLC 05/2023"}, {"id": "6464", "ano": "2023", "numero": "71", "tipo__sigla": "OR", "tipo__descricao": "OF\u00cdCIOS RECEBIDOS", "assunto": "Of\u00edcio 117  prefeitura: responde as indica\u00e7\u00f5es 008 e 009 do vereador Ezequiel da Silva"}, {"id": "6610", "ano": "2023", "numero": "71", "tipo__sigla": "OVC", "tipo__descricao": "Of\u00edcio de Vereador/Comiss\u00e3o", "assunto": "Solicita cancelamento de inscri\u00e7\u00e3o em curso e inscri\u00e7\u00e3o no curso \"FISCALIZA\u00c7\u00c3O DA ADMINISTRA\u00c7\u00c3O P\u00daBLICA POR MEIO DO CONTROLE INTERNO MUNICIPAL (IMPLEMENTA\u00c7\u00c3O DO PLANO ANUAL DE FISCALIZA\u00c7\u00c3O E NORMAS DA NOVA LEI DE LICITA\u00c7\u00d5ES)"}, {"id": "6613", "ano": "2023", "numero": "71", "tipo__sigla": "PARE", "tipo__descricao": "PARECER", "assunto": "Parecer Jur\u00eddico - Projeto de Lei Ordin\u00e1rio n\u00ba 53 - 2022 - ProRefis"}, {"id": "6755", "ano": "2023", "numero": "71", "tipo__sigla": "REV", "tipo__descricao": "Relat\u00f3rios de rodagem do ve\u00edculo e outros", "assunto": "Levar funcion\u00e1rias Alanis e Larissa na padaria (Santana da Vargem- 28/06/2023)"}, {"id": "7178", "ano": "2023", "numero": "71", "tipo__sigla": "MEM", "tipo__descricao": "Memorando", "assunto": "Programa\u00e7\u00e3o de f\u00e9rias par ao exerc\u00edcio 2024"}, {"id": "6181", "ano": "2023", "numero": "72", "tipo__sigla": "DI", "tipo__descricao": "Di\u00e1rias e documentos relativos", "assunto": "Requisi\u00e7\u00e3o de di\u00e1rias Jackson Luiz Ven\u00e2ncio de Souza (Bras\u00edlia- 26/03/2023 a 30/03/2023)"}, {"id": "6341", "ano": "2023", "numero": "72", "tipo__sigla": "OFEXP", "tipo__descricao": "Of\u00edcio Expedido", "assunto": "Solicita Informa\u00e7\u00e3o"}, {"id": "6465", "ano": "2023", "numero": "72", "tipo__sigla": "OR", "tipo__descricao": "OF\u00cdCIOS RECEBIDOS", "assunto": "Of\u00edcio 115  prefeitura: responde \u00e0 indica\u00e7\u00e3o 008 do vereador Luiz Felipe Mendon\u00e7a Rodrigues"}, {"id": "6636", "ano": "2023", "numero": "72", "tipo__sigla": "PARE", "tipo__descricao": "PARECER", "assunto": "Parecer Jur\u00eddico - Projeto de Lei Ordin\u00e1ria n\u00ba 28 - 2023 - Empr\u00e9stimo de Tr\u00eas Milh\u00f5es;"}, {"id": "6667", "ano": "2023", "numero": "72", "tipo__sigla": "OVC", "tipo__descricao": "Of\u00edcio de Vereador/Comiss\u00e3o", "assunto": "Solicita\u00e7\u00e3o de informa\u00e7\u00e3o sobre tratamento de canais dent\u00e1rios e sugest\u00e3o"}, {"id": "6756", "ano": "2023", "numero": "72", "tipo__sigla": "REV", "tipo__descricao": "Relat\u00f3rios de rodagem do ve\u00edculo e outros", "assunto": "Levar funcionaria Larissa para convocar vereadores para participar de reuni\u00e3o extraordin\u00e1ria para o pr\u00f3ximo dia 30/06/2023"}, {"id": "7179", "ano": "2023", "numero": "72", "tipo__sigla": "MEM", "tipo__descricao": "Memorando", "assunto": "Planejamento de f\u00e9rias para escala de f\u00e9rias de 2024"}, {"id": "6186", "ano": "2023", "numero": "73", "tipo__sigla": "DI", "tipo__descricao": "Di\u00e1rias e documentos relativos", "assunto": "Requisi\u00e7\u00e3o de di\u00e1rias Carlos C\u00e9zar (Belo Horizonte - 29/03/2023 a 31/03/2023)"}, {"id": "6344", "ano": "2023", "numero": "73", "tipo__sigla": "OFEXP", "tipo__descricao": "Of\u00edcio Expedido", "assunto": "ENCAMINHA INDICA\u00c7\u00d5ES DO VEREADOR EZEQUIEL"}, {"id": "6466", "ano": "2023", "numero": "73", "tipo__sigla": "OR", "tipo__descricao": "OF\u00cdCIOS RECEBIDOS", "assunto": "Of\u00edcio 114 prefeitura: responde a indica\u00e7\u00e3o 002 da vereadora Maria Aparecida de Ara\u00fajo Reis"}, {"id": "6637", "ano": "2023", "numero": "73", "tipo__sigla": "PARE", "tipo__descricao": "PARECER", "assunto": "Parecer Jur\u00eddico - Projeto de Lei Ordin\u00e1ria n\u00ba 30 - 2023 - Abertura de Cr\u00e9dito Especial - Super\u00e1vit."}, {"id": "6676", "ano": "2023", "numero": "73", "tipo__sigla": "OVC", "tipo__descricao": "Of\u00edcio de Vereador/Comiss\u00e3o", "assunto": "Solicita informa\u00e7\u00f5es sobre gastos com servi\u00e7os terceirizados"}, {"id": "6758", "ano": "2023", "numero": "73", "tipo__sigla": "REV", "tipo__descricao": "Relat\u00f3rios de rodagem do ve\u00edculo e outros", "assunto": "Levar Larissa nos mercados do Ronei, Daniel e Pais e filhos"}, {"id": "7181", "ano": "2023", "numero": "73", "tipo__sigla": "MEM", "tipo__descricao": "Memorando", "assunto": "Solicita\u00e7\u00e3o de concess\u00e3o de T\u00edtulo Declarat\u00f3rio de Estabilidade- Alanis Carolina de Oliveira Moreira e Larissa Oliveira Naves"}, {"id": "6187", "ano": "2023", "numero": "74", "tipo__sigla": "DI", "tipo__descricao": "Di\u00e1rias e documentos relativos", "assunto": "Requisi\u00e7\u00e3o de di\u00e1rias Isabela Louren\u00e7\u00e3o Messias (Belo Horizonte- 29/03/2023 a 31/03/2023)"}, {"id": "6347", "ano": "2023", "numero": "74", "tipo__sigla": "OFEXP", "tipo__descricao": "Of\u00edcio Expedido", "assunto": "Encaminha as indica\u00e7\u00f5es 27, 28, 29 e 30/2023 da autoria do vereador Vitor Donizetti"}, {"id": "6467", "ano": "2023", "numero": "74", "tipo__sigla": "OR", "tipo__descricao": "OF\u00cdCIOS RECEBIDOS", "assunto": "Of\u00edcio 113 prefeitura: responde as indica\u00e7\u00f5es 027, 028, 029 e 030 do vereador Vitor Donizetti Siqueira Junior"}, {"id": "6638", "ano": "2023", "numero": "74", "tipo__sigla": "PARE", "tipo__descricao": "PARECER", "assunto": "Parecer Jur\u00eddico - Projeto de Lei Ordin\u00e1ria n\u00ba 31 - 2023 - Abertura de Cr\u00e9dito Especial - Super\u00e1vit - 150.000,00"}, {"id": "6699", "ano": "2023", "numero": "74", "tipo__sigla": "OVC", "tipo__descricao": "Of\u00edcio de Vereador/Comiss\u00e3o", "assunto": "Destina\u00e7\u00e3o de emenda impositiva"}, {"id": "6759", "ano": "2023", "numero": "74", "tipo__sigla": "REV", "tipo__descricao": "Relat\u00f3rios de rodagem do ve\u00edculo e outros", "assunto": "Levar Alanis no mercado do Ronei para entregar erratas do processo licitat\u00f3rio 24/2023"}, {"id": "7183", "ano": "2023", "numero": "74", "tipo__sigla": "MEM", "tipo__descricao": "Memorando", "assunto": "Informando a data de admiss\u00e3o errada e solicita\u00e7\u00e3o de corre\u00e7ao"}, {"id": "6192", "ano": "2023", "numero": "75", "tipo__sigla": "DI", "tipo__descricao": "Di\u00e1rias e documentos relativos", "assunto": "Relat\u00f3rio e presta\u00e7\u00e3o de contas Larissa Oliveira Naves (Belo Horizonte- 15/03/2023 a 17/03/2023)"}, {"id": "6348", "ano": "2023", "numero": "75", "tipo__sigla": "OFEXP", "tipo__descricao": "Of\u00edcio Expedido", "assunto": "Encaminha indica\u00e7\u00e3o 18/2023 de autoria do vereador Luiz Felipe"}, {"id": "6487", "ano": "2023", "numero": "75", "tipo__sigla": "OR", "tipo__descricao": "OF\u00cdCIOS RECEBIDOS", "assunto": "Encaminha documento para ser anexado ao projeto de lei numero 014/2023"}, {"id": "6655", "ano": "2023", "numero": "75", "tipo__sigla": "PARE", "tipo__descricao": "PARECER", "assunto": "Parecer Jur\u00eddico - Inexigibilidade - \u201cCurso Fiscaliza\u00e7\u00e3o Parlamentar e o Papel da Assessoria Jur\u00eddica e do Controle Interno no novo regime de contrata\u00e7\u00e3o p\u00fablica\u201d - Vereador"}, {"id": "6700", "ano": "2023", "numero": "75", "tipo__sigla": "OVC", "tipo__descricao": "Of\u00edcio de Vereador/Comiss\u00e3o", "assunto": "Indica\u00e7\u00e3o de mo\u00e7\u00e3o de aplausos para a equipe de futsal masculino da Escola Estadual Padre Jo\u00e3o Neiva pelos resultados obtidos nos Jogos Escolares (JEMG)"}, {"id": "6812", "ano": "2023", "numero": "75", "tipo__sigla": "REV", "tipo__descricao": "Relat\u00f3rios de rodagem do ve\u00edculo e outros", "assunto": "Levar Larissa no com\u00e9rcio local  e em Tr\u00eas Pontas na gr\u00e1fica para dar ordem de servi\u00e7o (Tr\u00eas Pontas- 21/07/2023)"}, {"id": "7186", "ano": "2023", "numero": "75", "tipo__sigla": "MEM", "tipo__descricao": "Memorando", "assunto": "solicita\u00e7\u00e3o de participa\u00e7\u00e3o     no\tcurso \u201cLicita C\u00e2mara, checklist dos procedimentos para o uso correto da nova lei de licita\u00e7\u00f5es no legislativo em 2024\u201d."}, {"id": "6193", "ano": "2023", "numero": "76", "tipo__sigla": "DI", "tipo__descricao": "Di\u00e1rias e documentos relativos", "assunto": "Requisi\u00e7\u00e3o de di\u00e1rias Walter Silva (Belo Horizonte- 29/03/2023 a 31/03/2023)"}, {"id": "6349", "ano": "2023", "numero": "76", "tipo__sigla": "OFEXP", "tipo__descricao": "Of\u00edcio Expedido", "assunto": "Encaminha a indica\u00e7\u00e3o 02/2023 de autoria da vereadora Maria Aparecida."}, {"id": "6508", "ano": "2023", "numero": "76", "tipo__sigla": "OR", "tipo__descricao": "OF\u00cdCIOS RECEBIDOS", "assunto": "Solicita a aprecia\u00e7\u00e3o e discuss\u00e3o do projeto de lei 25 de 2023"}, {"id": "6664", "ano": "2023", "numero": "76", "tipo__sigla": "PARE", "tipo__descricao": "PARECER", "assunto": "Parecer Jur\u00eddico - Realinhamento de Pre\u00e7o - Combust\u00edvel"}, {"id": "6701", "ano": "2023", "numero": "76", "tipo__sigla": "OVC", "tipo__descricao": "Of\u00edcio de Vereador/Comiss\u00e3o", "assunto": "Solicita\u00e7\u00e3o de parecer jur\u00eddico sobre a n\u00e3o incid\u00eancia salarial sobre o novo valor do sal\u00e1rio m\u00ednimo"}, {"id": "6834", "ano": "2023", "numero": "76", "tipo__sigla": "REV", "tipo__descricao": "Relat\u00f3rios de rodagem do ve\u00edculo e outros", "assunto": "Levar servidora Alanis nos com\u00e9rcios vargenses para  colher cota\u00e7\u00e3o para processo licitat\u00f3rio"}, {"id": "7189", "ano": "2023", "numero": "76", "tipo__sigla": "MEM", "tipo__descricao": "Memorando", "assunto": "Solicita autoriza\u00e7\u00e3o para utilizar notebook em casa."}, {"id": "6196", "ano": "2023", "numero": "77", "tipo__sigla": "DI", "tipo__descricao": "Di\u00e1rias e documentos relativos", "assunto": "Requisi\u00e7\u00e3o de di\u00e1rias Ruiter Silva de Oliveira (Belo Horizonte- 29 de mar\u00e7o a 31 de mar\u00e7o)"}, {"id": "6360", "ano": "2023", "numero": "77", "tipo__sigla": "OFEXP", "tipo__descricao": "Of\u00edcio Expedido", "assunto": "Solicita ao setor de contabilidade o calculo e pagamento da di\u00e1ria solicitada pelo motorista legislativo por meio do memorando 05/2023."}, {"id": "6509", "ano": "2023", "numero": "77", "tipo__sigla": "OR", "tipo__descricao": "OF\u00cdCIOS RECEBIDOS", "assunto": "Resposta da secretaria municipal de cultura, esporte, lazer e turismo ao of\u00edcio do vereador Luiz Felipe Mendon\u00e7a Rodrigues"}, {"id": "6672", "ano": "2023", "numero": "77", "tipo__sigla": "PARE", "tipo__descricao": "PARECER", "assunto": "Parecer Jur\u00eddico - Projeto de Lei Ordin\u00e1rio Legislativo - 06 - 2023 - Cadastramento de C\u00e3es"}, {"id": "6716", "ano": "2023", "numero": "77", "tipo__sigla": "OVC", "tipo__descricao": "Of\u00edcio de Vereador/Comiss\u00e3o", "assunto": "destina\u00e7\u00e3o de emenda impositiva Luiz Felipe Mendon\u00e7a Rodrigues"}, {"id": "6848", "ano": "2023", "numero": "77", "tipo__sigla": "REV", "tipo__descricao": "Relat\u00f3rios de rodagem do ve\u00edculo e outros", "assunto": "Levar servidoras Alanis e Larissa nos com\u00e9rcios par acolher cota\u00e7\u00e3o para processos licitat\u00f3rios"}, {"id": "7193", "ano": "2023", "numero": "77", "tipo__sigla": "MEM", "tipo__descricao": "Memorando", "assunto": "Solicita cancelamento de pedido de curso."}, {"id": "6197", "ano": "2023", "numero": "78", "tipo__sigla": "DI", "tipo__descricao": "Di\u00e1rias e documentos relativos", "assunto": "Requerimento de adiantamento para abastecimento e estacionamento quanto em deslocamento (Bras\u00edlia 26/03/2023)"}, {"id": "6361", "ano": "2023", "numero": "78", "tipo__sigla": "OFEXP", "tipo__descricao": "Of\u00edcio Expedido", "assunto": "Encaminha indica\u00e7\u00e3o 04/2023"}, {"id": "6545", "ano": "2023", "numero": "78", "tipo__sigla": "OR", "tipo__descricao": "OF\u00cdCIOS RECEBIDOS", "assunto": "Comunica in\u00edcio de atividades da Empresa Fortaleza Produtos de Madeira/Agradecimento especial"}, {"id": "6673", "ano": "2023", "numero": "78", "tipo__sigla": "PARE", "tipo__descricao": "PARECER", "assunto": "Parecer Jur\u00eddico - Projeto de Lei Ordin\u00e1rio do Legislativo 07 - 2023 - Instala\u00e7\u00e3o de C\u00e2mera de Seguran\u00e7a nas escolas municipais e centros infantis"}, {"id": "6745", "ano": "2023", "numero": "78", "tipo__sigla": "OVC", "tipo__descricao": "Of\u00edcio de Vereador/Comiss\u00e3o", "assunto": "Destina\u00e7\u00e3o de emenda impositiva (Ronalthe Dayglas Rocha)"}, {"id": "6849", "ano": "2023", "numero": "78", "tipo__sigla": "REV", "tipo__descricao": "Relat\u00f3rios de rodagem do ve\u00edculo e outros", "assunto": "Levar servidora Alanis nos com\u00e9rcios vargenses  para colher cota\u00e7\u00e3o para processo licitat\u00f3rio"}, {"id": "7198", "ano": "2023", "numero": "78", "tipo__sigla": "MEM", "tipo__descricao": "Memorando", "assunto": "Resposta ao of\u00edcio da controladoria interna n\u00ba 30."}, {"id": "6231", "ano": "2023", "numero": "79", "tipo__sigla": "DI", "tipo__descricao": "Di\u00e1rias e documentos relativos", "assunto": "Requisi\u00e7\u00e3o de di\u00e1rias Felipe Tom\u00e9 Mota e Silva (Belo Horizonte- 11/04/2023)"}, {"id": "6362", "ano": "2023", "numero": "79", "tipo__sigla": "OFEXP", "tipo__descricao": "Of\u00edcio Expedido", "assunto": "Encaminha indica\u00e7\u00e3o 26/2023 de autoria do vereador Vitor Donizetti"}, {"id": "6567", "ano": "2023", "numero": "79", "tipo__sigla": "OR", "tipo__descricao": "OF\u00cdCIOS RECEBIDOS", "assunto": "Encaminha os balancetes de Receitas e despesas referentes ao m\u00eas de Abril/2023"}, {"id": "6674", "ano": "2023", "numero": "79", "tipo__sigla": "PARE", "tipo__descricao": "PARECER", "assunto": "Parecer Jur\u00eddico - Projeto de Lei n\u00ba 08 - 2023 - Institui a Semana da Paz"}, {"id": "6746", "ano": "2023", "numero": "79", "tipo__sigla": "OVC", "tipo__descricao": "Of\u00edcio de Vereador/Comiss\u00e3o", "assunto": "Solicita informa\u00e7\u00f5es acerca da estrada que vai at\u00e9 o novo almoxarifado"}, {"id": "6860", "ano": "2023", "numero": "79", "tipo__sigla": "REV", "tipo__descricao": "Relat\u00f3rios de rodagem do ve\u00edculo e outros", "assunto": "Levar servidora na loja de constru\u00e7\u00e3o do Alan (cota\u00e7\u00e3o de pre\u00e7os/04/08/2023)"}, {"id": "7218", "ano": "2023", "numero": "79", "tipo__sigla": "MEM", "tipo__descricao": "Memorando", "assunto": "Solicita deferimento para participar de curso: orienta\u00e7\u00f5es sobre a tramita\u00e7\u00e3o das leis or\u00e7ament\u00e1rias (PPA, LDO, e LOA) e a cria\u00e7\u00e3o do or\u00e7amento impositivo no munic\u00edpio"}, {"id": "6233", "ano": "2023", "numero": "80", "tipo__sigla": "DI", "tipo__descricao": "Di\u00e1rias e documentos relativos", "assunto": "Requisi\u00e7\u00e3o de di\u00e1rias Ruiter Silva de Oliveira (Belo Horizonte- 18 de abril a 19 de abril)"}, {"id": "6377", "ano": "2023", "numero": "80", "tipo__sigla": "OFEXP", "tipo__descricao": "Of\u00edcio Expedido", "assunto": "Informa o pagamento de di\u00e1ria do motorista legislativo"}, {"id": "6590", "ano": "2023", "numero": "80", "tipo__sigla": "OR", "tipo__descricao": "OF\u00cdCIOS RECEBIDOS", "assunto": "Responde indica\u00e7\u00e3o 003 da vereadora Maria Aparecida de Ara\u00fajo Reis"}, {"id": "6675", "ano": "2023", "numero": "80", "tipo__sigla": "PARE", "tipo__descricao": "PARECER", "assunto": "Parecer Jur\u00eddico - Projeto de Lei Ordin\u00e1ria do legislativo 09 - 2023 - CIptea"}, {"id": "6747", "ano": "2023", "numero": "80", "tipo__sigla": "OVC", "tipo__descricao": "Of\u00edcio de Vereador/Comiss\u00e3o", "assunto": "Solicita c\u00f3pia do instrumento de contrata\u00e7\u00e3o das empresas que prestaram servi\u00e7os relativos a Expo Santana"}, {"id": "6877", "ano": "2023", "numero": "80", "tipo__sigla": "REV", "tipo__descricao": "Relat\u00f3rios de rodagem do ve\u00edculo e outros", "assunto": "Abastecimento no posto do Chico Barba valor: 168,83 km 117.47. Abastecimento posto Rodo Chaves Valor: 100,00 e estacionamento em parceria com o hotel no valor de 60,00"}, {"id": "7221", "ano": "2023", "numero": "80", "tipo__sigla": "MEM", "tipo__descricao": "Memorando", "assunto": "Solicita inscri\u00e7\u00e3o em curso de capacita\u00e7\u00e3o: planejamento das contrata\u00e7\u00f5es p\u00fablicas"}, {"id": "6236", "ano": "2023", "numero": "81", "tipo__sigla": "DI", "tipo__descricao": "Di\u00e1rias e documentos relativos", "assunto": "Requisi\u00e7\u00e3o de di\u00e1rias Ruiter Silva de Oliveira (Belo Horizonte- 26 a 28 de abril)"}, {"id": "6395", "ano": "2023", "numero": "81", "tipo__sigla": "OFEXP", "tipo__descricao": "Of\u00edcio Expedido", "assunto": "Encaminha as indica\u00e7\u00f5es 001 e 002 do vereador Walter Silva"}, {"id": "6591", "ano": "2023", "numero": "81", "tipo__sigla": "OR", "tipo__descricao": "OF\u00cdCIOS RECEBIDOS", "assunto": "Responde indica\u00e7\u00f5es 008 e 009 do vereador Ezequiel da Silva"}, {"id": "6709", "ano": "2023", "numero": "81", "tipo__sigla": "PARE", "tipo__descricao": "PARECER", "assunto": "Parecer Jur\u00eddico - Projeto de Lei Complementar n\u00ba 08 - 2023 - Cria vagas em cargos j\u00e1 existentes no quadro permanente de servidores."}, {"id": "6752", "ano": "2023", "numero": "81", "tipo__sigla": "OVC", "tipo__descricao": "Of\u00edcio de Vereador/Comiss\u00e3o", "assunto": "Destina\u00e7\u00e3o emenda impositiva relativa aos 50% da sa\u00fade"}, {"id": "6906", "ano": "2023", "numero": "81", "tipo__sigla": "REV", "tipo__descricao": "Relat\u00f3rios de rodagem do ve\u00edculo e outros", "assunto": "Levar servidora Larissa no auto posto Chico Barba (santana da vargem 14/08/2023)"}, {"id": "7238", "ano": "2023", "numero": "81", "tipo__sigla": "MEM", "tipo__descricao": "Memorando", "assunto": "Solicita\u00e7\u00e3o de reestabelecimento de valores de cesta e assiduidade e licen\u00e7a pr\u00eamio per\u00edodo aquisitivo 2012 a 2017"}, {"id": "6242", "ano": "2023", "numero": "82", "tipo__sigla": "DI", "tipo__descricao": "Di\u00e1rias e documentos relativos", "assunto": "Requisi\u00e7\u00e3o de di\u00e1rias Kainne Delfino Joanas (Belo Horizonte- 11/04/2023)"}, {"id": "6421", "ano": "2023", "numero": "82", "tipo__sigla": "OFEXP", "tipo__descricao": "Of\u00edcio Expedido", "assunto": "Encaminha indica\u00e7\u00e3o 009 do vereador Jackson Luiz Ven\u00e2ncio de Souza"}, {"id": "6592", "ano": "2023", "numero": "82", "tipo__sigla": "OR", "tipo__descricao": "OF\u00cdCIOS RECEBIDOS", "assunto": "Responde indica\u00e7\u00f5es 015, 016 e 017 do vereador Ezequiel da Silva"}, {"id": "6710", "ano": "2023", "numero": "82", "tipo__sigla": "PARE", "tipo__descricao": "PARECER", "assunto": "Parecer Jur\u00eddico - Projeto de Lei Complementar n\u00ba 09 - 2023 - Versa acerca do pedido do Poder Executivo para que seja autorizada altera\u00e7\u00e3o no C\u00f3digo Tribut\u00e1rio Municipal para retirar do pagamento do ITBI o usucapi\u00e3o ."}, {"id": "6770", "ano": "2023", "numero": "82", "tipo__sigla": "OVC", "tipo__descricao": "Of\u00edcio de Vereador/Comiss\u00e3o", "assunto": "Solicita que as provas do concurso p\u00fablico sejam realizadas em Santana da Vargem"}, {"id": "6907", "ano": "2023", "numero": "82", "tipo__sigla": "REV", "tipo__descricao": "Relat\u00f3rios de rodagem do ve\u00edculo e outros", "assunto": "Levar servidores Alanis e Larissa No Auto Posto Chico Barba ( 16/08/2023)"}, {"id": "7248", "ano": "2023", "numero": "82", "tipo__sigla": "MEM", "tipo__descricao": "Memorando", "assunto": "Solicita deferimento para participar do curso: Contrata\u00e7\u00f5es P\u00fablicas: Plano Anual de Contrata\u00e7\u00e3o, DFD, ETP, TR e Pesquisa de Pre\u00e7o que ocorrer\u00e1 dos dias 13 a 15 de dezembro de 2023 na cidade de Belo Horizonte"}, {"id": "6247", "ano": "2023", "numero": "83", "tipo__sigla": "DI", "tipo__descricao": "Di\u00e1rias e documentos relativos", "assunto": "relat\u00f3rio e presta\u00e7\u00e3o de contas Emerson Silva Ara\u00fajo (Bras\u00edlia 26/03 a 31/03)"}, {"id": "6424", "ano": "2023", "numero": "83", "tipo__sigla": "OFEXP", "tipo__descricao": "Of\u00edcio Expedido", "assunto": "Solicita abertura de processo administrativo para o 495 curso de capacita\u00e7\u00e3o para vereadores, prefeitos, vice-prefeitos, secret\u00e1rios municipais, gestores, assessores e servidores p\u00fablicos."}, {"id": "6593", "ano": "2023", "numero": "83", "tipo__sigla": "OR", "tipo__descricao": "OF\u00cdCIOS RECEBIDOS", "assunto": "Responde indica\u00e7\u00e3o 004 do vereador Walter Silva"}, {"id": "6730", "ano": "2023", "numero": "83", "tipo__sigla": "PARE", "tipo__descricao": "PARECER", "assunto": "Parecer Jur\u00eddico - Dispensa - Aquisi\u00e7\u00e3o de bandeiras"}, {"id": "6771", "ano": "2023", "numero": "83", "tipo__sigla": "OVC", "tipo__descricao": "Of\u00edcio de Vereador/Comiss\u00e3o", "assunto": "Solicita informa\u00e7\u00f5es sobre atendimento de pessoas idosas e falta de medicamentos"}, {"id": "6912", "ano": "2023", "numero": "83", "tipo__sigla": "REV", "tipo__descricao": "Relat\u00f3rios de rodagem do ve\u00edculo e outros", "assunto": "Levar servidoras na Gr\u00e1fica em Tr\u00eas Pontas"}, {"id": "7301", "ano": "2023", "numero": "83", "tipo__sigla": "MEM", "tipo__descricao": "Memorando", "assunto": "Programa\u00e7\u00e3o f\u00e9rias para escala 2024 Emerson"}, {"id": "6251", "ano": "2023", "numero": "84", "tipo__sigla": "DI", "tipo__descricao": "Di\u00e1rias e documentos relativos", "assunto": "Relat\u00f3rio de presta\u00e7\u00e3o de contas Isabela Louren\u00e7\u00e3o Messias (Belo Horizonte- 29/03/2023 a 31/03/2023)"}, {"id": "6425", "ano": "2023", "numero": "84", "tipo__sigla": "OFEXP", "tipo__descricao": "Of\u00edcio Expedido", "assunto": "Solicita abertura de processo para a aquisi\u00e7\u00e3o de equipamentos eletr\u00f4nicos C\u00e2meras de V\u00eddeo Monitoramento em Circuito Fechado e Aberto para monitoramento do interior e exterior do pr\u00e9dio da C\u00e2mara de Vereadores de Santana da Vargem"}, {"id": "6594", "ano": "2023", "numero": "84", "tipo__sigla": "OR", "tipo__descricao": "OF\u00cdCIOS RECEBIDOS", "assunto": "Responde indica\u00e7\u00e3o 010 do vereador Jackson Luiz Ven\u00e2ncio de Souza"}, {"id": "6735", "ano": "2023", "numero": "84", "tipo__sigla": "PARE", "tipo__descricao": "PARECER", "assunto": "Parecer Jur\u00eddico - Projeto de Lei Ordin\u00e1rio n\u00ba 32 - 2023 - Cria o Sistema Municipal de Cultura."}, {"id": "6784", "ano": "2023", "numero": "84", "tipo__sigla": "OVC", "tipo__descricao": "Of\u00edcio de Vereador/Comiss\u00e3o", "assunto": "Solicita instala\u00e7\u00e3o de c\u00e2meras de seguran\u00e7a"}, {"id": "6913", "ano": "2023", "numero": "84", "tipo__sigla": "REV", "tipo__descricao": "Relat\u00f3rios de rodagem do ve\u00edculo e outros", "assunto": "Levar servidora Alanis no mercado Rony"}, {"id": "7302", "ano": "2023", "numero": "84", "tipo__sigla": "MEM", "tipo__descricao": "Memorando", "assunto": "Solicita\u00e7\u00e3o de revis\u00e3o de f\u00e9rias e verifica\u00e7\u00e3o de benef\u00edcio"}, {"id": "6252", "ano": "2023", "numero": "85", "tipo__sigla": "DI", "tipo__descricao": "Di\u00e1rias e documentos relativos", "assunto": "Certifica que Walter Silva participou do curso \"Obriga\u00e7\u00f5es E-Social, EFD, REINF e DCTF WEB que se realizou nos dias 29 a 31 de Mar\u00e7o de 2023"}, {"id": "6437", "ano": "2023", "numero": "85", "tipo__sigla": "OFEXP", "tipo__descricao": "Of\u00edcio Expedido", "assunto": "Solicitar o calculo e pagamento da di\u00e1ria do motorista legislativo referente a viagem ao munic\u00edpio de Belo Horizonte no dia 28 de abril de 2023"}, {"id": "6595", "ano": "2023", "numero": "85", "tipo__sigla": "OR", "tipo__descricao": "OF\u00cdCIOS RECEBIDOS", "assunto": "responde indica\u00e7\u00e3o 003 da vereadora Maria Aparecida de Ara\u00fajo Reis"}, {"id": "6737", "ano": "2023", "numero": "85", "tipo__sigla": "PARE", "tipo__descricao": "PARECER", "assunto": "Parecer Jur\u00eddico - Dispensa - g\u00e1s de cozinha"}, {"id": "6785", "ano": "2023", "numero": "85", "tipo__sigla": "OVC", "tipo__descricao": "Of\u00edcio de Vereador/Comiss\u00e3o", "assunto": "Solicita informa\u00e7\u00f5es a respeito de possivel extravio de exames"}, {"id": "6943", "ano": "2023", "numero": "85", "tipo__sigla": "REV", "tipo__descricao": "Relat\u00f3rios de rodagem do ve\u00edculo e outros", "assunto": "Levar servidora Larissa no Auto Posto Chico Barba (21/08/2023)"}, {"id": "6253", "ano": "2023", "numero": "86", "tipo__sigla": "DI", "tipo__descricao": "Di\u00e1rias e documentos relativos", "assunto": "Certifica que Carlos C\u00e9zar Ribeiro participou do curso \"Obriga\u00e7\u00f5es E-Social, EFD, REINF e DCTF WEB que se realizou nos dias 29 a 31 de Mar\u00e7o de 2023"}, {"id": "6442", "ano": "2023", "numero": "86", "tipo__sigla": "OFEXP", "tipo__descricao": "Of\u00edcio Expedido", "assunto": "Encaminha o comprovante de dep\u00f3sito feito na conta da C\u00e2mara Municipal referente \u00e0 devolu\u00e7\u00e3o de uma meia di\u00e1ria"}, {"id": "6596", "ano": "2023", "numero": "86", "tipo__sigla": "OR", "tipo__descricao": "OF\u00cdCIOS RECEBIDOS", "assunto": "Responde indica\u00e7\u00e3o 013 do vereador Vitor Donizetti Siqueira Junior"}, {"id": "6786", "ano": "2023", "numero": "86", "tipo__sigla": "OVC", "tipo__descricao": "Of\u00edcio de Vereador/Comiss\u00e3o", "assunto": "solicita informa\u00e7\u00f5es a respeito de proibi\u00e7\u00e3o de vendedores ambulantes"}, {"id": "6787", "ano": "2023", "numero": "86", "tipo__sigla": "PARE", "tipo__descricao": "PARECER", "assunto": "Parecer Jur\u00eddico - Dispensa - Carimbo"}, {"id": "6944", "ano": "2023", "numero": "86", "tipo__sigla": "REV", "tipo__descricao": "Relat\u00f3rios de rodagem do ve\u00edculo e outros", "assunto": "Levar servidora Larissa no Auto Posto Chico Barba (22/08/2023)"}, {"id": "6255", "ano": "2023", "numero": "87", "tipo__sigla": "DI", "tipo__descricao": "Di\u00e1rias e documentos relativos", "assunto": "Relat\u00f3rio de presta\u00e7\u00e3o de contas Alessandra Dixini Araujo (Belo Horizonte 29/03/2023 a 31/03/2023"}, {"id": "6443", "ano": "2023", "numero": "87", "tipo__sigla": "OFEXP", "tipo__descricao": "Of\u00edcio Expedido", "assunto": "Encaminha projeto de lei aprovados na 11\u00aa reuni\u00e3o ordin\u00e1ria"}, {"id": "6597", "ano": "2023", "numero": "87", "tipo__sigla": "OR", "tipo__descricao": "OF\u00cdCIOS RECEBIDOS", "assunto": "Responde indica\u00e7\u00e3o 009 do vereador Jackson Luiz Ven\u00e2ncio de Souza"}, {"id": "6790", "ano": "2023", "numero": "87", "tipo__sigla": "PARE", "tipo__descricao": "PARECER", "assunto": "Parecer Jur\u00eddico - Dispensa - Pasta de Arquivo"}, {"id": "6797", "ano": "2023", "numero": "87", "tipo__sigla": "OVC", "tipo__descricao": "Of\u00edcio de Vereador/Comiss\u00e3o", "assunto": "Reitera of\u00edcio 003/2023 que solicita parecer jur\u00eddico sobre a n\u00e3o incid\u00eancia da progress\u00e3o sobre o novo valor do sal\u00e1rio m\u00ednimo"}, {"id": "6945", "ano": "2023", "numero": "87", "tipo__sigla": "REV", "tipo__descricao": "Relat\u00f3rios de rodagem do ve\u00edculo e outros", "assunto": "Levar servidoras Larissa e Alessandra para curso de capacita\u00e7\u00e3o (Belo Horizonte 23/08/2023 a 25/08/2023)"}, {"id": "6256", "ano": "2023", "numero": "88", "tipo__sigla": "DI", "tipo__descricao": "Di\u00e1rias e documentos relativos", "assunto": "Requisi\u00e7\u00e3o de di\u00e1rias Alessandra Dixini Araujo (Belo Horizonte- 26/04/2023 a 28/04/2023)"}, {"id": "6450", "ano": "2023", "numero": "88", "tipo__sigla": "OFEXP", "tipo__descricao": "Of\u00edcio Expedido", "assunto": "Solicita ao setor de tributa\u00e7\u00e3o que seja emitida uma guia de pagamento referente aos rendimentos de aplica\u00e7\u00e3o do m\u00eas de abril"}, {"id": "6598", "ano": "2023", "numero": "88", "tipo__sigla": "OR", "tipo__descricao": "OF\u00cdCIOS RECEBIDOS", "assunto": "Responde as indica\u00e7\u00f5es 027, 028, 029 e 030 do vereador Vitor Donizetti Siqueira Junior"}, {"id": "6791", "ano": "2023", "numero": "88", "tipo__sigla": "PARE", "tipo__descricao": "PARECER", "assunto": "Parecer Jur\u00eddico - Dispensa - G\u00eanero Aliment\u00edcio"}, {"id": "6815", "ano": "2023", "numero": "88", "tipo__sigla": "OVC", "tipo__descricao": "Of\u00edcio de Vereador/Comiss\u00e3o", "assunto": "Proposta or\u00e7ament\u00e1ria para o ano de 2024"}, {"id": "6972", "ano": "2023", "numero": "88", "tipo__sigla": "REV", "tipo__descricao": "Relat\u00f3rios de rodagem do ve\u00edculo e outros", "assunto": "Levar vereadores Jackson, Vitor Junior e Ezequiel e o presidente Carlos C\u00e9zar Ribeiro em curso de capacita\u00e7\u00e3o (Belo Horizonte- 29/08/2023 a 01/09/2023"}, {"id": "6257", "ano": "2023", "numero": "89", "tipo__sigla": "DI", "tipo__descricao": "Di\u00e1rias e documentos relativos", "assunto": "Requisi\u00e7\u00e3o de di\u00e1rias Isabela Louren\u00e7\u00e3o Messias (Belo Horizonte- 26/04/2023 a 28/04/2023)"}, {"id": "6451", "ano": "2023", "numero": "89", "tipo__sigla": "OFEXP", "tipo__descricao": "Of\u00edcio Expedido", "assunto": "Solicita ao setor de tributa\u00e7\u00e3o que seja emitida uma guia de IRRF referente ao m\u00eas de abril de 2023"}, {"id": "6599", "ano": "2023", "numero": "89", "tipo__sigla": "OR", "tipo__descricao": "OF\u00cdCIOS RECEBIDOS", "assunto": "responde indica\u00e7\u00f5es 001 e 002 do vereador walter silva"}, {"id": "6792", "ano": "2023", "numero": "89", "tipo__sigla": "PARE", "tipo__descricao": "PARECER", "assunto": "Parecer Jur\u00eddico - Dispensa - Produtos de Limpeza e Higiene"}, {"id": "6835", "ano": "2023", "numero": "89", "tipo__sigla": "OVC", "tipo__descricao": "Of\u00edcio de Vereador/Comiss\u00e3o", "assunto": "Solicita retirada de projeto de lei n\u00ba 15 de 2022 que disp\u00f5e sobre o programa wi-fi comunit\u00e1rio"}, {"id": "6973", "ano": "2023", "numero": "89", "tipo__sigla": "REV", "tipo__descricao": "Relat\u00f3rios de rodagem do ve\u00edculo e outros", "assunto": "Trazer os vereadores Jackson , Vitor Junior, Ezequiel e Carlos C\u00e9zar de curso de capacita\u00e7\u00e3o (Belo Horizonte 29/08/2023 a 01/09/2023)"}, {"id": "6259", "ano": "2023", "numero": "90", "tipo__sigla": "DI", "tipo__descricao": "Di\u00e1rias e documentos relativos", "assunto": "Relat\u00f3rio de presta\u00e7\u00e3o de contas Carlos Cezar Ribeiro (Belo Horizonte 29/03/2023 a 31/03/2023)"}, {"id": "6499", "ano": "2023", "numero": "90", "tipo__sigla": "OFEXP", "tipo__descricao": "Of\u00edcio Expedido", "assunto": "Encaminhamento de projetos aprovados na 12\u00aa reuni\u00e3o ordin\u00e1ria e 5\u00aa extraordin\u00e1ria"}, {"id": "6614", "ano": "2023", "numero": "90", "tipo__sigla": "OR", "tipo__descricao": "OF\u00cdCIOS RECEBIDOS", "assunto": "c\u00f3pia da resolu\u00e7\u00e3o n\u00ba 006/2023 di CMDCA com a lista de candidaturas"}, {"id": "6795", "ano": "2023", "numero": "90", "tipo__sigla": "PARE", "tipo__descricao": "PARECER", "assunto": "Parecer Jur\u00eddico - Projeto de Lei Ordin\u00e1ria n\u00ba 33 - 2023 - Cria o programa municipal de prova de caf\u00e9 e concurso de qualidade de caf\u00e9 natural de Santana da Vargem \u2013 MG."}, {"id": "6858", "ano": "2023", "numero": "90", "tipo__sigla": "OVC", "tipo__descricao": "Of\u00edcio de Vereador/Comiss\u00e3o", "assunto": "Indica\u00e7\u00e3o de mo\u00e7\u00e3o de aplausos para a sele\u00e7\u00e3o de Santana da Vargem de futebol masculino amador"}, {"id": "6974", "ano": "2023", "numero": "90", "tipo__sigla": "REV", "tipo__descricao": "Relat\u00f3rios de rodagem do ve\u00edculo e outros", "assunto": "Levar os vereadores Jackson, Vitor Junior, Ezequiel e o presidente Carlos C\u00e9zar em duas oficinas para fiscalizar o servi\u00e7o de uma maquina do munic\u00edpio (Belo Horizonte 31/08/2023)"}, {"id": "6260", "ano": "2023", "numero": "91", "tipo__sigla": "DI", "tipo__descricao": "Di\u00e1rias e documentos relativos", "assunto": "Requisi\u00e7\u00e3o de di\u00e1rias Carlos C\u00e9zar (Belo Horizonte 11/04/2023 a 14/04/2023"}, {"id": "6501", "ano": "2023", "numero": "91", "tipo__sigla": "OFEXP", "tipo__descricao": "Of\u00edcio Expedido", "assunto": "Encaminha as indica\u00e7\u00f5es 010, 011, 012, 013 e 014 do vereador Ezequiel da Silva"}, {"id": "6628", "ano": "2023", "numero": "91", "tipo__sigla": "OR", "tipo__descricao": "OF\u00cdCIOS RECEBIDOS", "assunto": "Solenidade de entrega das placas de identifica\u00e7\u00e3o das \"Resid\u00eancias e Escolas Monitoradas\" do munic\u00edpio de Santana da Vargem"}, {"id": "6798", "ano": "2023", "numero": "91", "tipo__sigla": "PARE", "tipo__descricao": "PARECER", "assunto": "Parecer Jur\u00eddico - Dispensa - Aquisi\u00e7\u00e3o de cadeiras e mesa e balc\u00e3o de a\u00e7o para cozinha."}, {"id": "6866", "ano": "2023", "numero": "91", "tipo__sigla": "OVC", "tipo__descricao": "Of\u00edcio de Vereador/Comiss\u00e3o", "assunto": "solicita aprova\u00e7\u00e3o para participa\u00e7\u00e3o em congresso"}, {"id": "7283", "ano": "2023", "numero": "91", "tipo__sigla": "REV", "tipo__descricao": "Relat\u00f3rios de rodagem do ve\u00edculo e outros", "assunto": "Levar ve\u00edculo para fazer revis\u00e3o (Varginha 05/09/2023)"}, {"id": "6266", "ano": "2023", "numero": "92", "tipo__sigla": "DI", "tipo__descricao": "Di\u00e1rias e documentos relativos", "assunto": "Relat\u00f3rio e presta\u00e7\u00e3o de contas Walter Silva (Belo Horizonte- 29/03/2023 a 31/03/2023)"}, {"id": "6502", "ano": "2023", "numero": "92", "tipo__sigla": "OFEXP", "tipo__descricao": "Of\u00edcio Expedido", "assunto": "Encaminha a indica\u00e7\u00e3o 031 do vereador Vitor Donizetti Siqueira Junior"}, {"id": "6678", "ano": "2023", "numero": "92", "tipo__sigla": "OR", "tipo__descricao": "OF\u00cdCIOS RECEBIDOS", "assunto": "Responde as indica\u00e7\u00f5es 032 e 033 do vereador Vitor"}, {"id": "6824", "ano": "2023", "numero": "92", "tipo__sigla": "PARE", "tipo__descricao": "PARECER", "assunto": "Parecer Jur\u00eddico - Projeto de Lei n\u00ba 34 - Altera a Lei do Reurb"}, {"id": "6889", "ano": "2023", "numero": "92", "tipo__sigla": "OVC", "tipo__descricao": "Of\u00edcio de Vereador/Comiss\u00e3o", "assunto": "Solicita cancelamento de pedidos de di\u00e1rias (Bras\u00edlia 14/08/2023 a 17/08/2023)"}, {"id": "7284", "ano": "2023", "numero": "92", "tipo__sigla": "REV", "tipo__descricao": "Relat\u00f3rios de rodagem do ve\u00edculo e outros", "assunto": "Trazer ve\u00edculo da revis\u00e3o (Varginha-Santana da Vargem 30/11/2023)"}, {"id": "6267", "ano": "2023", "numero": "93", "tipo__sigla": "DI", "tipo__descricao": "Di\u00e1rias e documentos relativos", "assunto": "Relat\u00f3rio e presta\u00e7\u00e3o de contas Vitor Donizetti Siqueira Junior (Bras\u00edlia 26/03/2023 a 30/03/2023)"}, {"id": "6503", "ano": "2023", "numero": "93", "tipo__sigla": "OFEXP", "tipo__descricao": "Of\u00edcio Expedido", "assunto": "Encaminha a indica\u00e7\u00e3o 003 feita pela vereadora Maria Aparecida de Ara\u00fajo Reis"}, {"id": "6679", "ano": "2023", "numero": "93", "tipo__sigla": "OR", "tipo__descricao": "OF\u00cdCIOS RECEBIDOS", "assunto": "Responde as indica\u00e7\u00f5es  18, 19 e 20 do vereador Luiz Felipe"}, {"id": "6825", "ano": "2023", "numero": "93", "tipo__sigla": "PARE", "tipo__descricao": "PARECER", "assunto": "Parecer jur\u00eddico - Projeto de Lei Ordin\u00e1ria n\u00ba 35 - 2023 - Abertura de Cr\u00e9dito Adicional Especial por Excesso de Arrecada\u00e7\u00e3o."}, {"id": "6923", "ano": "2023", "numero": "93", "tipo__sigla": "OVC", "tipo__descricao": "Of\u00edcio de Vereador/Comiss\u00e3o", "assunto": "Solicita inscri\u00e7\u00e3o  em curso de capacital\u00e7\u00e3o"}, {"id": "7306", "ano": "2023", "numero": "93", "tipo__sigla": "REV", "tipo__descricao": "Relat\u00f3rios de rodagem do ve\u00edculo e outros", "assunto": "Padaria (Santana da Vargem- 01/12/2023)"}, {"id": "6275", "ano": "2023", "numero": "94", "tipo__sigla": "DI", "tipo__descricao": "Di\u00e1rias e documentos relativos", "assunto": "Relat\u00f3rio e presta\u00e7\u00e3o de contas Jackson Luiz Ven\u00e2ncio de Souza (Bras\u00edlia 26/03/2023 a 30/03/2023)"}, {"id": "6504", "ano": "2023", "numero": "94", "tipo__sigla": "OFEXP", "tipo__descricao": "Of\u00edcio Expedido", "assunto": "Encaminha indica\u00e7\u00e3o 004 feitas pelo vereador Walter Silva"}, {"id": "6680", "ano": "2023", "numero": "94", "tipo__sigla": "OR", "tipo__descricao": "OF\u00cdCIOS RECEBIDOS", "assunto": "Responde a indica\u00e7\u00e3o 021 do vereador Luiz Felipe"}, {"id": "6826", "ano": "2023", "numero": "94", "tipo__sigla": "PARE", "tipo__descricao": "PARECER", "assunto": "Parecer jur\u00eddico - Projeto de Lei Ordin\u00e1ria n\u00ba 36 - 2023 - Abertura de Cr\u00e9dito Adicional Especial por Excesso de Arrecada\u00e7\u00e3o."}, {"id": "6932", "ano": "2023", "numero": "94", "tipo__sigla": "OVC", "tipo__descricao": "Of\u00edcio de Vereador/Comiss\u00e3o", "assunto": "Solicita informa\u00e7\u00f5es sobre o piso salarial dos profissionais de sa\u00fade"}, {"id": "7307", "ano": "2023", "numero": "94", "tipo__sigla": "REV", "tipo__descricao": "Relat\u00f3rios de rodagem do ve\u00edculo e outros", "assunto": "Posto Chico Barba (Santana da Vargem - 01/12/2023)"}, {"id": "6276", "ano": "2023", "numero": "95", "tipo__sigla": "DI", "tipo__descricao": "Di\u00e1rias e documentos relativos", "assunto": "Relat\u00f3rio e presta\u00e7\u00e3o de contas Maria Aparecida de Ara\u00fajo Reis (Bras\u00edlia 26/03/2023 a 31/03/2023)"}, {"id": "6506", "ano": "2023", "numero": "95", "tipo__sigla": "OFEXP", "tipo__descricao": "Of\u00edcio Expedido", "assunto": "Encaminha a indica\u00e7\u00e3o 010 feita pelo vereador Jackson Luiz Ven\u00e2ncio de Souza"}, {"id": "6681", "ano": "2023", "numero": "95", "tipo__sigla": "OR", "tipo__descricao": "OF\u00cdCIOS RECEBIDOS", "assunto": "Responde a indica\u00e7\u00e3o 001 do presidente Carlos C\u00e9zar"}, {"id": "6827", "ano": "2023", "numero": "95", "tipo__sigla": "PARE", "tipo__descricao": "PARECER", "assunto": "Parecer jur\u00eddico - Projeto de Lei Ordin\u00e1ria n\u00ba 37 - 2023 - Abertura de Cr\u00e9dito Adicional Especial por Excesso de Arrecada\u00e7\u00e3o."}, {"id": "6933", "ano": "2023", "numero": "95", "tipo__sigla": "OVC", "tipo__descricao": "Of\u00edcio de Vereador/Comiss\u00e3o", "assunto": "Solicita informa\u00e7\u00f5es a respeito das indica\u00e7\u00f5es que foram encaminhadas"}, {"id": "7335", "ano": "2023", "numero": "95", "tipo__sigla": "REV", "tipo__descricao": "Relat\u00f3rios de rodagem do ve\u00edculo e outros", "assunto": "Buscar celular adquirido pela C\u00e2mara (Tr\u00eas Pontas 04/12/2023)"}, {"id": "6294", "ano": "2023", "numero": "96", "tipo__sigla": "DI", "tipo__descricao": "Di\u00e1rias e documentos relativos", "assunto": "Requisi\u00e7\u00e3o de di\u00e1rias Ronalthe Dayglas Rocha (Belo Horizonte 11/04/2023 a 14/04/2023)"}, {"id": "6515", "ano": "2023", "numero": "96", "tipo__sigla": "OFEXP", "tipo__descricao": "Of\u00edcio Expedido", "assunto": "Solicita o calculo e pagamento da di\u00e1ria ao motorista (Belo Horizonte- 12 de maio)"}, {"id": "6682", "ano": "2023", "numero": "96", "tipo__sigla": "OR", "tipo__descricao": "OF\u00cdCIOS RECEBIDOS", "assunto": "Responde a indica\u00e7\u00e3o 003 do vereador Walter Silva"}, {"id": "6828", "ano": "2023", "numero": "96", "tipo__sigla": "PARE", "tipo__descricao": "PARECER", "assunto": "Parecer jur\u00eddico - Projeto de Lei Ordin\u00e1ria n\u00ba 38 - 2023 - Abertura de Cr\u00e9dito Adicional Especial por Excesso de Arrecada\u00e7\u00e3o."}, {"id": "6935", "ano": "2023", "numero": "96", "tipo__sigla": "OVC", "tipo__descricao": "Of\u00edcio de Vereador/Comiss\u00e3o", "assunto": "Solicita aviso pr\u00e9vio sobre interrup\u00e7\u00e3o do fornecimento de \u00e1gua e manuten\u00e7\u00f5es na rede de distribui\u00e7\u00e3o"}, {"id": "7367", "ano": "2023", "numero": "96", "tipo__sigla": "REV", "tipo__descricao": "Relat\u00f3rios de rodagem do ve\u00edculo e outros", "assunto": "ACAPS- SANTANA DA VARGEM 06/12/2023"}, {"id": "6297", "ano": "2023", "numero": "97", "tipo__sigla": "DI", "tipo__descricao": "Di\u00e1rias e documentos relativos", "assunto": "REQUISI\u00c7\u00c3O DE DI\u00c1RIAS - 11, 12, 13 E 14/04"}, {"id": "6533", "ano": "2023", "numero": "97", "tipo__sigla": "OFEXP", "tipo__descricao": "Of\u00edcio Expedido", "assunto": "Encaminha as indica\u00e7\u00f5es 018, 019 e 020 feitas pelo vereador Luiz Felipe Mendon\u00e7a Rodrigues"}, {"id": "6683", "ano": "2023", "numero": "97", "tipo__sigla": "OR", "tipo__descricao": "OF\u00cdCIOS RECEBIDOS", "assunto": "Responde a indica\u00e7\u00e3o 009 do vereador Jackson"}, {"id": "6829", "ano": "2023", "numero": "97", "tipo__sigla": "PARE", "tipo__descricao": "PARECER", "assunto": "Parecer Jur\u00eddico - Projeto de Lei Ordin\u00e1rio n\u00ba 39 - 2023 - Abertura de Cr\u00e9dito Adicional Especial por excesso de arrecada\u00e7\u00e3o."}, {"id": "6996", "ano": "2023", "numero": "97", "tipo__sigla": "OVC", "tipo__descricao": "Of\u00edcio de Vereador/Comiss\u00e3o", "assunto": "Solicita informa\u00e7\u00f5es sobre o processo de legaliza\u00e7\u00e3o dos terrenos na comunidade s\u00e3o louren\u00e7o"}, {"id": "7368", "ano": "2023", "numero": "97", "tipo__sigla": "REV", "tipo__descricao": "Relat\u00f3rios de rodagem do ve\u00edculo e outros", "assunto": "AUTO POSTO CHICO BARBA- SANTANA DA VARGEM 07/12/2023"}, {"id": "6307", "ano": "2023", "numero": "98", "tipo__sigla": "DI", "tipo__descricao": "Di\u00e1rias e documentos relativos", "assunto": "Requisi\u00e7\u00e3o de di\u00e1rias do vereador Vitor Donizetti."}, {"id": "6534", "ano": "2023", "numero": "98", "tipo__sigla": "OFEXP", "tipo__descricao": "Of\u00edcio Expedido", "assunto": "Encaminha as indica\u00e7\u00f5es 032 e 033 do vereador Vitor Donizetti Siqueira Junior"}, {"id": "6684", "ano": "2023", "numero": "98", "tipo__sigla": "OR", "tipo__descricao": "OF\u00cdCIOS RECEBIDOS", "assunto": "Responde a indica\u00e7\u00e3o 010 do vereador Jackson"}, {"id": "6830", "ano": "2023", "numero": "98", "tipo__sigla": "PARE", "tipo__descricao": "PARECER", "assunto": "Parecer Jur\u00eddico - Projeto de Lei Ordin\u00e1ria n\u00ba 39 - 2023 - Abertura de Cr\u00e9dito Adicional Especial por excesso de arrecada\u00e7\u00e3o."}, {"id": "6997", "ano": "2023", "numero": "98", "tipo__sigla": "OVC", "tipo__descricao": "Of\u00edcio de Vereador/Comiss\u00e3o", "assunto": "Solicita inscri\u00e7\u00e3o no curso: Imers\u00e3o processo legislativo municipal na pr\u00e1tica"}, {"id": "7391", "ano": "2023", "numero": "98", "tipo__sigla": "REV", "tipo__descricao": "Relat\u00f3rios de rodagem do ve\u00edculo e outros", "assunto": "Bras\u00edlia , C\u00e2mara Federal (11/12/2023 a 15/12/2023)"}, {"id": "6308", "ano": "2023", "numero": "99", "tipo__sigla": "DI", "tipo__descricao": "Di\u00e1rias e documentos relativos", "assunto": "Requisi\u00e7\u00e3o de Di\u00e1rias do vereador Ezequiel da Silva."}, {"id": "6538", "ano": "2023", "numero": "99", "tipo__sigla": "OFEXP", "tipo__descricao": "Of\u00edcio Expedido", "assunto": "informa sobre resultado das delibera\u00e7\u00f5es da 13\u00aa reuni\u00e3o ordin\u00e1ria"}, {"id": "6685", "ano": "2023", "numero": "99", "tipo__sigla": "OR", "tipo__descricao": "OF\u00cdCIOS RECEBIDOS", "assunto": "Responde a indica\u00e7\u00e3o 004 do vereador Walter Silva"}, {"id": "6831", "ano": "2023", "numero": "99", "tipo__sigla": "PARE", "tipo__descricao": "PARECER", "assunto": "Parecer Jur\u00eddico - Projeto Lei de Ordin\u00e1rio n\u00ba 40 - 2023 - Abertura de Cr\u00e9dito Adicional Especial por Super\u00e1vit Financeiro"}, {"id": "6998", "ano": "2023", "numero": "99", "tipo__sigla": "OVC", "tipo__descricao": "Of\u00edcio de Vereador/Comiss\u00e3o", "assunto": "Solicita cancelamento da inscri\u00e7\u00e3o no curso Imers\u00e3o processo legislativo municipal na pr\u00e1tica"}, {"id": "7448", "ano": "2023", "numero": "99", "tipo__sigla": "REV", "tipo__descricao": "Relat\u00f3rios de rodagem do ve\u00edculo e outros", "assunto": "27/12/2023 Santana da Vargem"}, {"id": "6319", "ano": "2023", "numero": "100", "tipo__sigla": "DI", "tipo__descricao": "Di\u00e1rias e documentos relativos", "assunto": "Requerimento de adiantamento para abastecimento e estacionamento quanto em deslocamento (Belo Horizonte 11/04/2023)"}, {"id": "6548", "ano": "2023", "numero": "100", "tipo__sigla": "OFEXP", "tipo__descricao": "Of\u00edcio Expedido", "assunto": "Encaminhas as indica\u00e7\u00f5es 015, 016 e 017 do vereador Ezequiel da Silva"}, {"id": "6686", "ano": "2023", "numero": "100", "tipo__sigla": "OR", "tipo__descricao": "OF\u00cdCIOS RECEBIDOS", "assunto": "Responde a indica\u00e7\u00e3o 003 da vereadora Maria Aparecida"}, {"id": "6832", "ano": "2023", "numero": "100", "tipo__sigla": "PARE", "tipo__descricao": "PARECER", "assunto": "Parecer Jur\u00eddico - Projeto de Lei Complementar n\u00ba 11 - 2023 - Insere atribui\u00e7\u00e3o nos cargos de fiscal rodovi\u00e1rio e servente de pedreiro."}, {"id": "7007", "ano": "2023", "numero": "100", "tipo__sigla": "OVC", "tipo__descricao": "Of\u00edcio de Vereador/Comiss\u00e3o", "assunto": "Indica\u00e7\u00e3o de Mo\u00e7\u00e3o de Aplausos ao Pastor Altenor Nascimento Pereira"}, {"id": "6321", "ano": "2023", "numero": "101", "tipo__sigla": "DI", "tipo__descricao": "Di\u00e1rias e documentos relativos", "assunto": "Requisi\u00e7\u00e3o de di\u00e1rias Ruiter Silva Oliveira (Belo Horizonte 25/04/2023 a 28/04/2023)"}, {"id": "6549", "ano": "2023", "numero": "101", "tipo__sigla": "OFEXP", "tipo__descricao": "Of\u00edcio Expedido", "assunto": "Solicita que seja adicionado saldo or\u00e7ament\u00e1rio em ficha"}, {"id": "6687", "ano": "2023", "numero": "101", "tipo__sigla": "OR", "tipo__descricao": "OF\u00cdCIOS RECEBIDOS", "assunto": "Responde indica\u00e7\u00e3o 031 vereador Vitor Donizetti"}, {"id": "6837", "ano": "2023", "numero": "101", "tipo__sigla": "PARE", "tipo__descricao": "PARECER", "assunto": "Parecer Jur\u00eddico - Inexigibilidade - Servidores - Curso Poder Legislador das C\u00e2maras Municipais e a nova dispensa de licita\u00e7\u00e3o da lei n\u00ba 14.133/21"}, {"id": "7009", "ano": "2023", "numero": "101", "tipo__sigla": "OVC", "tipo__descricao": "Of\u00edcio de Vereador/Comiss\u00e3o", "assunto": "Solicita inscri\u00e7\u00e3o em curso Processo legislativo municipal na pr\u00e1tica"}, {"id": "6333", "ano": "2023", "numero": "102", "tipo__sigla": "DI", "tipo__descricao": "Di\u00e1rias e documentos relativos", "assunto": "Requisi\u00e7\u00e3o de di\u00e1rias Alanis Carolina de Oliveira Moreira (Belo Horizonte 25/04/2023 a 28/04/2023)"}, {"id": "6554", "ano": "2023", "numero": "102", "tipo__sigla": "OFEXP", "tipo__descricao": "Of\u00edcio Expedido", "assunto": "Encaminha a indica\u00e7\u00e3o 003 do vereador Walter Silva"}, {"id": "6688", "ano": "2023", "numero": "102", "tipo__sigla": "OR", "tipo__descricao": "OF\u00cdCIOS RECEBIDOS", "assunto": "Responde as indica\u00e7\u00f5es 015, 016 e 017 do vereador Ezequiel da Silva"}, {"id": "6883", "ano": "2023", "numero": "102", "tipo__sigla": "PARE", "tipo__descricao": "PARECER", "assunto": "Parecer Jur\u00eddico - Projeto de Lei Ordin\u00e1ria do Legislativo n\u00ba 10 - 2023 - Carteira de Prefer\u00eancia - Fibromialgia."}, {"id": "7029", "ano": "2023", "numero": "102", "tipo__sigla": "OVC", "tipo__descricao": "Of\u00edcio de Vereador/Comiss\u00e3o", "assunto": "Solicita informa\u00e7\u00f5es a respeito da fonte"}, {"id": "6352", "ano": "2023", "numero": "103", "tipo__sigla": "DI", "tipo__descricao": "Di\u00e1rias e documentos relativos", "assunto": "RELAT\u00d3RIO E PRESTA\u00c7\u00c3O DE CONTAS"}, {"id": "6555", "ano": "2023", "numero": "103", "tipo__sigla": "OFEXP", "tipo__descricao": "Of\u00edcio Expedido", "assunto": "Encaminha a indica\u00e7\u00e3o 021 feita pelo vereador Luiz Felipe Mendon\u00e7a Rodrigues"}, {"id": "6689", "ano": "2023", "numero": "103", "tipo__sigla": "OR", "tipo__descricao": "OF\u00cdCIOS RECEBIDOS", "assunto": "Responde as indica\u00e7\u00f5es 022, 023 e 024 do vereador Luiz Felipe"}, {"id": "6884", "ano": "2023", "numero": "103", "tipo__sigla": "PARE", "tipo__descricao": "PARECER", "assunto": "Parecer Jur\u00eddico - Projeto de Lei Ordin\u00e1ria do Legislativo n\u00ba 11 - 2023 - Fevereiro Roxo."}, {"id": "7031", "ano": "2023", "numero": "103", "tipo__sigla": "OVC", "tipo__descricao": "Of\u00edcio de Vereador/Comiss\u00e3o", "assunto": "Reclama\u00e7\u00e3o sobre atrasos recorrentes nos \u00f4nibus terceirizados e solicita\u00e7\u00e3o de informa\u00e7\u00f5es"}, {"id": "6363", "ano": "2023", "numero": "104", "tipo__sigla": "DI", "tipo__descricao": "Di\u00e1rias e documentos relativos", "assunto": "RELAT\u00d3RIO E PRESTA\u00c7\u00c3O DE CONTAS Viagem 11, 12, 13 e 14/04/2023"}, {"id": "6556", "ano": "2023", "numero": "104", "tipo__sigla": "OFEXP", "tipo__descricao": "Of\u00edcio Expedido", "assunto": "Encaminhas a indica\u00e7\u00e3o 001 do presidente Carlos C\u00e9zar Ribeiro"}, {"id": "6690", "ano": "2023", "numero": "104", "tipo__sigla": "OR", "tipo__descricao": "OF\u00cdCIOS RECEBIDOS", "assunto": "Responde as indica\u00e7\u00f5es 034, 035, 036 e 037 do vereador Vitor"}, {"id": "6885", "ano": "2023", "numero": "104", "tipo__sigla": "PARE", "tipo__descricao": "PARECER", "assunto": "Parecer Jur\u00eddico - Projeto de Lei Ordin\u00e1rio n\u00ba 41 - 2023 - Visa permitir que os Conselheiros Tutelares possam dirigir ve\u00edculo oficial."}, {"id": "7075", "ano": "2023", "numero": "104", "tipo__sigla": "OVC", "tipo__descricao": "Of\u00edcio de Vereador/Comiss\u00e3o", "assunto": "Preocupa\u00e7\u00e3o com roubos e tentativas de roubos em nosso munic\u00edpio e solicita\u00e7\u00e3o"}, {"id": "6364", "ano": "2023", "numero": "105", "tipo__sigla": "DI", "tipo__descricao": "Di\u00e1rias e documentos relativos", "assunto": "RELAT\u00d3RIO E PRESTA\u00c7\u00c3O DE CONTAS Viagem 11, 12, 13 e 14/04/2023"}, {"id": "6579", "ano": "2023", "numero": "105", "tipo__sigla": "OFEXP", "tipo__descricao": "Of\u00edcio Expedido", "assunto": "Encaminha indica\u00e7\u00f5es 022, 023, 024  feitas pelo vereador Luiz Felipe Mendon\u00e7a Rodrigues"}, {"id": "6691", "ano": "2023", "numero": "105", "tipo__sigla": "OR", "tipo__descricao": "OF\u00cdCIOS RECEBIDOS", "assunto": "Responde as indica\u00e7\u00f5es 038 e 039 e o requerimento 006 do vereador Vitor"}, {"id": "6886", "ano": "2023", "numero": "105", "tipo__sigla": "PARE", "tipo__descricao": "PARECER", "assunto": "Projeto de Lei Ordin\u00e1rio n\u00ba 42 - 2023 - Dia Municipal da Cultura do Evangelho."}, {"id": "7083", "ano": "2023", "numero": "105", "tipo__sigla": "OVC", "tipo__descricao": "Of\u00edcio de Vereador/Comiss\u00e3o", "assunto": "Solicita emenda parlamentar para melhorar a infraestrutura na localidade das avenidas H\u00e9lio Terra e Nelson Pereira Vilela"}, {"id": "6365", "ano": "2023", "numero": "106", "tipo__sigla": "DI", "tipo__descricao": "Di\u00e1rias e documentos relativos", "assunto": "RELAT\u00d3RIO E PRESTA\u00c7\u00c3O DE CONTAS\r\nViagem 11, 12, 13 e 14/04/2023"}, {"id": "6580", "ano": "2023", "numero": "106", "tipo__sigla": "OFEXP", "tipo__descricao": "Of\u00edcio Expedido", "assunto": "Encaminha indica\u00e7\u00f5es 034, 035, 036 e 037 do vereador Vitor Donizetti Siqueira Junior"}, {"id": "6692", "ano": "2023", "numero": "106", "tipo__sigla": "OR", "tipo__descricao": "OF\u00cdCIOS RECEBIDOS", "assunto": "Responde as indica\u00e7\u00f5es 007, 008 e 009 do vereador Ronalthe"}, {"id": "6887", "ano": "2023", "numero": "106", "tipo__sigla": "PARE", "tipo__descricao": "PARECER", "assunto": "Parecer Jur\u00eddico - Preg\u00e3o - Panifica\u00e7\u00e3o"}, {"id": "7084", "ano": "2023", "numero": "106", "tipo__sigla": "OVC", "tipo__descricao": "Of\u00edcio de Vereador/Comiss\u00e3o", "assunto": "Emenda parlamentar para atender \u00e0s necessidades do bairro Nova Santana"}, {"id": "6366", "ano": "2023", "numero": "107", "tipo__sigla": "DI", "tipo__descricao": "Di\u00e1rias e documentos relativos", "assunto": "Relat\u00f3rio e presta\u00e7\u00e3o de contas Emerson Silva Ara\u00fajo (BELO HORIZONTE 11 A 14/04/2023)"}, {"id": "6605", "ano": "2023", "numero": "107", "tipo__sigla": "OFEXP", "tipo__descricao": "Of\u00edcio Expedido", "assunto": "Encaminha projeto de lei aprovado na 15\u00aa reuni\u00e3o ordin\u00e1ria"}, {"id": "6693", "ano": "2023", "numero": "107", "tipo__sigla": "OR", "tipo__descricao": "OF\u00cdCIOS RECEBIDOS", "assunto": "Responde as indica\u00e7\u00f5es 010, 011, 012, 013 e 014 do vereador Ezequiel"}, {"id": "6888", "ano": "2023", "numero": "107", "tipo__sigla": "PARE", "tipo__descricao": "PARECER", "assunto": "Parecer Jur\u00eddico - Projeto de Lei Ordin\u00e1ria n\u00ba 36 - 2023 - Cria o Servi\u00e7o de Inspe\u00e7\u00e3o Municipal."}, {"id": "7085", "ano": "2023", "numero": "107", "tipo__sigla": "OVC", "tipo__descricao": "Of\u00edcio de Vereador/Comiss\u00e3o", "assunto": "Problemas com a operadora vivo em Santana da Vargem e cidades vizinhas"}, {"id": "6368", "ano": "2023", "numero": "108", "tipo__sigla": "DI", "tipo__descricao": "Di\u00e1rias e documentos relativos", "assunto": "Requisi\u00e7\u00e3o de di\u00e1rias Maria Aparecida de Ara\u00fajo Reis (Belo Horizonte- 25/04/2023 a 28/04/2023)"}, {"id": "6611", "ano": "2023", "numero": "108", "tipo__sigla": "OFEXP", "tipo__descricao": "Of\u00edcio Expedido", "assunto": "Encaminha parecer jur\u00eddico do projeto de lei 18/2022 que disp\u00f5e sobre a Lei de Diretrizes Or\u00e7ament\u00e1rias para o exerc\u00edcio 2024"}, {"id": "6694", "ano": "2023", "numero": "108", "tipo__sigla": "OR", "tipo__descricao": "OF\u00cdCIOS RECEBIDOS", "assunto": "Responde of\u00edcio 014/2023 Luiz Felipe"}, {"id": "6903", "ano": "2023", "numero": "108", "tipo__sigla": "PARE", "tipo__descricao": "PARECER", "assunto": "Parecer Jur\u00eddico - Realinhamento de pre\u00e7o - Combust\u00edvel."}, {"id": "7086", "ano": "2023", "numero": "108", "tipo__sigla": "OVC", "tipo__descricao": "Of\u00edcio de Vereador/Comiss\u00e3o", "assunto": "Solicita\u00e7\u00e3o de verifica\u00e7\u00e3o e melhoria dos servi\u00e7os de telefonia m\u00f3vel no munic\u00edpio"}, {"id": "6370", "ano": "2023", "numero": "109", "tipo__sigla": "DI", "tipo__descricao": "Di\u00e1rias e documentos relativos", "assunto": "Relat\u00f3rio de presta\u00e7\u00e3o de contas Ronalthe Dayglas Rocha (Belo Horizonte- 11/04/2023 a 14/04/2023)"}, {"id": "6612", "ano": "2023", "numero": "109", "tipo__sigla": "OFEXP", "tipo__descricao": "Of\u00edcio Expedido", "assunto": "Convoca para reuni\u00e3o extraordin\u00e1ria 02 de junho de 2023 as 18h"}, {"id": "6697", "ano": "2023", "numero": "109", "tipo__sigla": "OR", "tipo__descricao": "OF\u00cdCIOS RECEBIDOS", "assunto": "Resposta ao of\u00edcio 015/2023 do vereador Luiz Felipe Mendon\u00e7a Rodrigues"}, {"id": "6915", "ano": "2023", "numero": "109", "tipo__sigla": "PARE", "tipo__descricao": "PARECER", "assunto": "Parecer Jur\u00eddico - Projeto de Lei Ordin\u00e1ria n\u00ba 43 - 2023 - Altera a Lei Municipal n\u00ba 1.701 - Cria o Sistema Municipal de Cultura."}, {"id": "7087", "ano": "2023", "numero": "109", "tipo__sigla": "OVC", "tipo__descricao": "Of\u00edcio de Vereador/Comiss\u00e3o", "assunto": "Solicita\u00e7\u00e3o de verifica\u00e7\u00e3o e melhoria dos servi\u00e7os de telefonia m\u00f3vel no munic\u00edpio"}, {"id": "6380", "ano": "2023", "numero": "110", "tipo__sigla": "DI", "tipo__descricao": "Di\u00e1rias e documentos relativos", "assunto": "requisi\u00e7\u00e3o de di\u00e1rias Felipe Tom\u00e9 Mota e Silva (Belo Horizonte- 26/04/2023 a 28/04/2023)"}, {"id": "6615", "ano": "2023", "numero": "110", "tipo__sigla": "OFEXP", "tipo__descricao": "Of\u00edcio Expedido", "assunto": "Encaminha para setor cont\u00e1bil parecer jur\u00eddico ao projeto de lei n\u00ba 053/2022"}, {"id": "6698", "ano": "2023", "numero": "110", "tipo__sigla": "OR", "tipo__descricao": "OF\u00cdCIOS RECEBIDOS", "assunto": "Solicita copia dos documentos anexados ao projeto de lei 03 de autoria do legislativo"}, {"id": "6917", "ano": "2023", "numero": "110", "tipo__sigla": "PARE", "tipo__descricao": "PARECER", "assunto": "Parecer jur\u00eddico - Projeto de Lei n\u00ba 44 - 2023 - Cons\u00f3rcio Consane"}, {"id": "7125", "ano": "2023", "numero": "110", "tipo__sigla": "OVC", "tipo__descricao": "Of\u00edcio de Vereador/Comiss\u00e3o", "assunto": "Solicita informa\u00e7\u00f5es sobre o \"Novo Piso Salarial da Enfermagem\" no munic\u00edpio de Santana da Vargem/MG."}, {"id": "6403", "ano": "2023", "numero": "111", "tipo__sigla": "DI", "tipo__descricao": "Di\u00e1rias e documentos relativos", "assunto": "Relat\u00f3rio e presta\u00e7\u00e3o de contas Emerson Silva Ara\u00fajo (Belo Horizonte- 25 de abril)"}, {"id": "6616", "ano": "2023", "numero": "111", "tipo__sigla": "OFEXP", "tipo__descricao": "Of\u00edcio Expedido", "assunto": "Encaminha para controladoria interna parecer ao projeto de lei 053/2023"}, {"id": "6706", "ano": "2023", "numero": "111", "tipo__sigla": "OR", "tipo__descricao": "OF\u00cdCIOS RECEBIDOS", "assunto": "Encaminha balancetes de Receitas e Despesas referente ao m\u00eas de maio/2023"}, {"id": "6918", "ano": "2023", "numero": "111", "tipo__sigla": "PARE", "tipo__descricao": "PARECER", "assunto": "Parecer Jur\u00eddico - Inexigibilidade - Servidor - Curso Contrata\u00e7\u00e3o Direta \u2013 Teoria e Pr\u00e1tica."}, {"id": "7147", "ano": "2023", "numero": "111", "tipo__sigla": "OVC", "tipo__descricao": "Of\u00edcio de Vereador/Comiss\u00e3o", "assunto": "Solicita\u00e7\u00e3o de informa\u00e7\u00f5es sobre m\u00e1quina de lavar da UBS"}, {"id": "6404", "ano": "2023", "numero": "112", "tipo__sigla": "DI", "tipo__descricao": "Di\u00e1rias e documentos relativos", "assunto": "Relat\u00f3rio e presta\u00e7\u00e3o de contas Emerson Silva Ara\u00fajo (Belo Horizonte- 26 de abril)"}, {"id": "6618", "ano": "2023", "numero": "112", "tipo__sigla": "OFEXP", "tipo__descricao": "Of\u00edcio Expedido", "assunto": "Solicita que seja adicionado saldo em ficha"}, {"id": "6708", "ano": "2023", "numero": "112", "tipo__sigla": "OR", "tipo__descricao": "OF\u00cdCIOS RECEBIDOS", "assunto": "Encaminha relat\u00f3rio de estimativa do impacto or\u00e7ament\u00e1rio financeiro - projeto de lei 053/2022"}, {"id": "6919", "ano": "2023", "numero": "112", "tipo__sigla": "PARE", "tipo__descricao": "PARECER", "assunto": "Parecer Jur\u00eddico - Projeto de Lei Ordin\u00e1rio n\u00ba 46 - 2023 - Corre\u00e7\u00e3o de erro formal nas leis 1702,3,4, 5 e 7. - Abertura de Cr\u00e9dito"}, {"id": "7148", "ano": "2023", "numero": "112", "tipo__sigla": "OVC", "tipo__descricao": "Of\u00edcio de Vereador/Comiss\u00e3o", "assunto": "Solicita a articula\u00e7\u00e3o junto ao governo para liberar o pagamento de emendas parlamentares referentes aos anos de 2020 e 2021"}, {"id": "6415", "ano": "2023", "numero": "113", "tipo__sigla": "DI", "tipo__descricao": "Di\u00e1rias e documentos relativos", "assunto": "Relat\u00f3rio e presta\u00e7\u00e3o de contas Emerson Silva (Belo Horizonte- 28 de abril)"}, {"id": "6624", "ano": "2023", "numero": "113", "tipo__sigla": "OFEXP", "tipo__descricao": "Of\u00edcio Expedido", "assunto": "Solicita ao setor de tributa\u00e7\u00e3o que seja emitida uma guia referente a IRRF do m\u00eas de maio"}, {"id": "6723", "ano": "2023", "numero": "113", "tipo__sigla": "OR", "tipo__descricao": "OF\u00cdCIOS RECEBIDOS", "assunto": "Encaminha relat\u00f3rio de metas e prioridades das despesas e programas"}, {"id": "6920", "ano": "2023", "numero": "113", "tipo__sigla": "PARE", "tipo__descricao": "PARECER", "assunto": "Parecer Jur\u00eddico - Dispensa - Aquisi\u00e7\u00e3o de tanque de fibra de lavar roupa."}, {"id": "7156", "ano": "2023", "numero": "113", "tipo__sigla": "OVC", "tipo__descricao": "Of\u00edcio de Vereador/Comiss\u00e3o", "assunto": "Solicita informa\u00e7\u00f5es sobre o \"Novo Piso salarial da enfermagem no munic\u00edpio de Santana da Vargem"}, {"id": "6423", "ano": "2023", "numero": "114", "tipo__sigla": "DI", "tipo__descricao": "Di\u00e1rias e documentos relativos", "assunto": "Relat\u00f3rio de presta\u00e7\u00e3o de contas Alanis Carolina de Oliveira Moreira (Belo Horizonte- 25/04/2023 a 28/04/2023)"}, {"id": "6625", "ano": "2023", "numero": "114", "tipo__sigla": "OFEXP", "tipo__descricao": "Of\u00edcio Expedido", "assunto": "Solicita ao setor de tributa\u00e7\u00e3o que seja emitida uma guia referente aos rendimentos de aplica\u00e7\u00e3o do m\u00eas de maio"}, {"id": "6750", "ano": "2023", "numero": "114", "tipo__sigla": "OR", "tipo__descricao": "OF\u00cdCIOS RECEBIDOS", "assunto": "Solicita retirada de tramita\u00e7\u00e3o do projeto de lei complementar 003"}, {"id": "6922", "ano": "2023", "numero": "114", "tipo__sigla": "PARE", "tipo__descricao": "PARECER", "assunto": "Parecer Jur\u00eddico - Inexigibilidade - Revis\u00e3o do Ve\u00edculo Oficial"}, {"id": "7157", "ano": "2023", "numero": "114", "tipo__sigla": "OVC", "tipo__descricao": "Of\u00edcio de Vereador/Comiss\u00e3o", "assunto": "Solicita\u00e7\u00e3o de esclarecimentos e provid\u00eancias no setor de sa\u00fade"}, {"id": "6431", "ano": "2023", "numero": "115", "tipo__sigla": "DI", "tipo__descricao": "Di\u00e1rias e documentos relativos", "assunto": "Relat\u00f3rio e presta\u00e7\u00e3o de contas Felipe Tom\u00e9 Mota e Silva (Belo Horizonte 26/04/2023 a 28/04/2023)"}, {"id": "6626", "ano": "2023", "numero": "115", "tipo__sigla": "OFEXP", "tipo__descricao": "Of\u00edcio Expedido", "assunto": "Encaminha projeto de lei aprovado na 6\u00aa reuni\u00e3o extraordin\u00e1ria"}, {"id": "6757", "ano": "2023", "numero": "115", "tipo__sigla": "OR", "tipo__descricao": "OF\u00cdCIOS RECEBIDOS", "assunto": "Resposta of\u00edcio Luiz Felipe Mendon\u00e7a RodrigueS (Contrata\u00e7\u00e3o de festa realizada neste munic\u00edpio)"}, {"id": "6924", "ano": "2023", "numero": "115", "tipo__sigla": "PARE", "tipo__descricao": "PARECER", "assunto": "Parecer Jur\u00eddico - Realinhamento de pre\u00e7o - Combust\u00edvel"}, {"id": "7213", "ano": "2023", "numero": "115", "tipo__sigla": "OVC", "tipo__descricao": "Of\u00edcio de Vereador/Comiss\u00e3o", "assunto": "Convida  engenheiro da secretaria de obras a marcar um dia e hor\u00e1rio para comparecer a Rua Ant\u00f4nio Carlos da Silva"}, {"id": "6434", "ano": "2023", "numero": "116", "tipo__sigla": "DI", "tipo__descricao": "Di\u00e1rias e documentos relativos", "assunto": "Relat\u00f3rio e presta\u00e7\u00e3o de contas Alessandra Dixini Ara\u00fajo (Belo Horizonte 26/04/2023 a 28/04/2023)"}, {"id": "6627", "ano": "2023", "numero": "116", "tipo__sigla": "OFEXP", "tipo__descricao": "Of\u00edcio Expedido", "assunto": "Encaminha as indica\u00e7\u00f5es 007, 008 e 009 feitas pelo vereador Ronalthe Dayglas Rocha"}, {"id": "6760", "ano": "2023", "numero": "116", "tipo__sigla": "OR", "tipo__descricao": "OF\u00cdCIOS RECEBIDOS", "assunto": "Resposta \u00e0 indica\u00e7\u00e3o 026/2023 do vereador Luiz Felipe Mendon\u00e7a Rodrigues"}, {"id": "6937", "ano": "2023", "numero": "116", "tipo__sigla": "PARE", "tipo__descricao": "PARECER", "assunto": "Parecer Jur\u00eddico - Projeto de Lei Ordin\u00e1ria n\u00ba 45 - 2023 - Disp\u00f5e sobre a regulamenta\u00e7\u00e3o dos benef\u00edcios eventuais no Munic\u00edpio de Santana da Vargem"}, {"id": "7282", "ano": "2023", "numero": "116", "tipo__sigla": "OVC", "tipo__descricao": "Of\u00edcio de Vereador/Comiss\u00e3o", "assunto": "Solicita participa\u00e7\u00e3o no curso : Fixa\u00e7\u00e3o dos subs\u00eddios dos agentes pol\u00edticos para a pr\u00f3xima legislatura e as san\u00e7\u00f5es por ato de improbidade administrativa"}, {"id": "6435", "ano": "2023", "numero": "117", "tipo__sigla": "DI", "tipo__descricao": "Di\u00e1rias e documentos relativos", "assunto": "Relat\u00f3rio e presta\u00e7\u00e3o de contas Ruiter Silva de Oliveira (Belo Horizonte 26/04/2023 a 28/04/2023"}, {"id": "6629", "ano": "2023", "numero": "117", "tipo__sigla": "OFEXP", "tipo__descricao": "Of\u00edcio Expedido", "assunto": "Encaminhas as indica\u00e7\u00f5es 038, 039 e os requerimentos 005 e 006 do vereador Vitor Donizetti Siqueira Junior"}, {"id": "6761", "ano": "2023", "numero": "117", "tipo__sigla": "OR", "tipo__descricao": "OF\u00cdCIOS RECEBIDOS", "assunto": "Resposta \u00e0s indica\u00e7\u00f5es 040, 041 do vereador Vitor Donizetti Siqueira Junior"}, {"id": "6941", "ano": "2023", "numero": "117", "tipo__sigla": "PARE", "tipo__descricao": "PARECER", "assunto": "Parecer Jur\u00eddico - Inexigibilidade - Vereadores - Curso Fiscaliza\u00e7\u00e3o dos atos administrativos e os procedimentos para os repasses financeiros ao 3\u00ba setor com base na lei 13.019 de 2014."}, {"id": "7332", "ano": "2023", "numero": "117", "tipo__sigla": "OVC", "tipo__descricao": "Of\u00edcio de Vereador/Comiss\u00e3o", "assunto": "Solicita remanejamento da emenda impositiva - Exames"}, {"id": "6438", "ano": "2023", "numero": "118", "tipo__sigla": "DI", "tipo__descricao": "Di\u00e1rias e documentos relativos", "assunto": "Relat\u00f3rio de presta\u00e7\u00e3o de contas Maria Aparecida de Ara\u00fajo Reis (Belo Horizonte 25/04/2023 a 28/04/2023)"}, {"id": "6658", "ano": "2023", "numero": "118", "tipo__sigla": "OFEXP", "tipo__descricao": "Of\u00edcio Expedido", "assunto": "Encaminha para publica\u00e7\u00e3o extrato de inexigibilidade 15/2023"}, {"id": "6762", "ano": "2023", "numero": "118", "tipo__sigla": "OR", "tipo__descricao": "OF\u00cdCIOS RECEBIDOS", "assunto": "Resposta of\u00edcio 018 do vereador Luiz Felipe Mendon\u00e7a Rodrigues"}, {"id": "6978", "ano": "2023", "numero": "118", "tipo__sigla": "PARE", "tipo__descricao": "PARECER", "assunto": "Parecer Jur\u00eddico - Prorroga\u00e7\u00e3o Seguro do Carro do Legislativo"}, {"id": "7333", "ano": "2023", "numero": "118", "tipo__sigla": "OVC", "tipo__descricao": "Of\u00edcio de Vereador/Comiss\u00e3o", "assunto": "Solicita remanejamento da emenda impositiva - Exames"}, {"id": "6439", "ano": "2023", "numero": "119", "tipo__sigla": "DI", "tipo__descricao": "Di\u00e1rias e documentos relativos", "assunto": "Relat\u00f3rio e presta\u00e7\u00e3o de contas Isabela Louren\u00e7\u00e3o Messias (Belo Horizonte 26/04/2023 a 28/04/2023)"}, {"id": "6659", "ano": "2023", "numero": "119", "tipo__sigla": "OFEXP", "tipo__descricao": "Of\u00edcio Expedido", "assunto": "Encaminha projetos de lei aprovados na 16\u00aa reuni\u00e3o ordin\u00e1ria"}, {"id": "6764", "ano": "2023", "numero": "119", "tipo__sigla": "OR", "tipo__descricao": "OF\u00cdCIOS RECEBIDOS", "assunto": "Encaminha documenta\u00e7\u00e3o para projeto de lei n\u00ba 28 de 01 d ej8unho de 2023 (infraestrutura Bairro Padre Victor, Bairro Nova Santana, Rua Dona Calira e do Almoxarifado Municipal)"}, {"id": "7012", "ano": "2023", "numero": "119", "tipo__sigla": "PARE", "tipo__descricao": "PARECER", "assunto": "Parecer Jur\u00eddico - Inexigibilidade - Itens acrescidos na revis\u00e3o do ve\u00edculo oficial."}, {"id": "7342", "ano": "2023", "numero": "119", "tipo__sigla": "OVC", "tipo__descricao": "Of\u00edcio de Vereador/Comiss\u00e3o", "assunto": "Solicita participa\u00e7\u00e3o no curso : A fixa\u00e7\u00e3o dos subs\u00eddios dos agentes pol\u00edticos para a pr\u00f3xima legislatura e as san\u00e7\u00f5es por ato de improbidade administrativa"}, {"id": "6447", "ano": "2023", "numero": "120", "tipo__sigla": "DI", "tipo__descricao": "Di\u00e1rias e documentos relativos", "assunto": "Relat\u00f3rio e presta\u00e7\u00e3o de contas Vitor Donizetti Siqueira Junior (Belo Horizonte 25/04/2023 a 28/04/2023)"}, {"id": "6669", "ano": "2023", "numero": "120", "tipo__sigla": "OFEXP", "tipo__descricao": "Of\u00edcio Expedido", "assunto": "Encaminha parecer jur\u00eddico para o setor cont\u00e1bil, referente ao processo licitat\u00f3rio 10/2023 dispensa 02/2023"}, {"id": "6774", "ano": "2023", "numero": "120", "tipo__sigla": "OR", "tipo__descricao": "OF\u00cdCIOS RECEBIDOS", "assunto": "Convoca para reuni\u00e3o extraordin\u00e1ria dia 06 de julho as 19:00 (Projeto de lei complementar 08 de 31 de maio de 2023)"}, {"id": "7013", "ano": "2023", "numero": "120", "tipo__sigla": "PARE", "tipo__descricao": "PARECER", "assunto": "Parecer Jur\u00eddico - Projeto de Lei Ordin\u00e1ria n\u00ba 50 - 2023 - Abertura de Cr\u00e9dito Adicional Especial - Super\u00e1vit - R$ 10.000,00"}, {"id": "7349", "ano": "2023", "numero": "120", "tipo__sigla": "OVC", "tipo__descricao": "Of\u00edcio de Vereador/Comiss\u00e3o", "assunto": "Solicita o remanejamento de emenda impositiva para exames"}, {"id": "6448", "ano": "2023", "numero": "121", "tipo__sigla": "DI", "tipo__descricao": "Di\u00e1rias e documentos relativos", "assunto": "Requisi\u00e7\u00e3o de di\u00e1rias Vitor Donizetti Siqueira Junior (Belo Horizonte 09/05/2023 a 12/05/2023)"}, {"id": "6670", "ano": "2023", "numero": "121", "tipo__sigla": "OFEXP", "tipo__descricao": "Of\u00edcio Expedido", "assunto": "Encaminha as indica\u00e7\u00f5es 040 e 041 e o requerimento 007 do vereador Vitor Donizetti Siqueira Junior"}, {"id": "6804", "ano": "2023", "numero": "121", "tipo__sigla": "OR", "tipo__descricao": "OF\u00cdCIOS RECEBIDOS", "assunto": "Informa\u00e7\u00f5es referentes ao concurso p\u00fablico de Santana da Vargem"}, {"id": "7014", "ano": "2023", "numero": "121", "tipo__sigla": "PARE", "tipo__descricao": "PARECER", "assunto": "Parecer Jur\u00eddico - Projeto de Lei Ordin\u00e1ria n\u00ba 51 - Abertura de Cr\u00e9dito Especial - Excesso de Arrecada\u00e7\u00e3o - R$ 28.511,64 (vinte e oito mil quinhentos e onze reais e sessenta e quatro centavos)"}, {"id": "7385", "ano": "2023", "numero": "121", "tipo__sigla": "OVC", "tipo__descricao": "Of\u00edcio de Vereador/Comiss\u00e3o", "assunto": "Solicita que se verifique a possibilidade de concess\u00e3o de abono de natal aos servidores"}, {"id": "6449", "ano": "2023", "numero": "122", "tipo__sigla": "DI", "tipo__descricao": "Di\u00e1rias e documentos relativos", "assunto": "Relat\u00f3rio e presta\u00e7\u00e3o de contas Ezequiel da Silva (Belo Horizonte 25/04/2023 a 28/04/2023)"}, {"id": "6671", "ano": "2023", "numero": "122", "tipo__sigla": "OFEXP", "tipo__descricao": "Of\u00edcio Expedido", "assunto": "Autoriza o pagamento das horas extras realizadas pela servidora Larissa Oliveira Naves"}, {"id": "6805", "ano": "2023", "numero": "122", "tipo__sigla": "OR", "tipo__descricao": "OF\u00cdCIOS RECEBIDOS", "assunto": "Resposta ao of\u00edcio 024 do vereador Luiz Felipe (extravios de exames)"}, {"id": "7015", "ano": "2023", "numero": "122", "tipo__sigla": "PARE", "tipo__descricao": "PARECER", "assunto": "Parecer Jur\u00eddico - Projeto de Lei Ordin\u00e1ria n\u00ba 52 - Abertura de Cr\u00e9dito Especial - Excesso de Arrecada\u00e7\u00e3o - R$ 12.000,00 (doze mil quinhentos reais)"}, {"id": "7427", "ano": "2023", "numero": "122", "tipo__sigla": "OVC", "tipo__descricao": "Of\u00edcio de Vereador/Comiss\u00e3o", "assunto": "Solicita provid\u00eancias buraco na rua paralela \u00e0 Rua Ant\u00f4nio Carlos da Silva"}, {"id": "6475", "ano": "2023", "numero": "123", "tipo__sigla": "DI", "tipo__descricao": "Di\u00e1rias e documentos relativos", "assunto": "Requisi\u00e7\u00e3o de di\u00e1rias Carlos C\u00e9zar Ribeiro (Belo Horizonte- 09/05/2023 a 12/05/2023)"}, {"id": "6696", "ano": "2023", "numero": "123", "tipo__sigla": "OFEXP", "tipo__descricao": "Of\u00edcio Expedido", "assunto": "Solicita\u00e7\u00e3o de providencias relativamente a proposi\u00e7\u00f5es de autoria do Executivo"}, {"id": "6806", "ano": "2023", "numero": "123", "tipo__sigla": "OR", "tipo__descricao": "OF\u00cdCIOS RECEBIDOS", "assunto": "Resposta ao of\u00edcio 021 do vereador Luiz Felipe Mendon\u00e7a Rodrigues"}, {"id": "7016", "ano": "2023", "numero": "123", "tipo__sigla": "PARE", "tipo__descricao": "PARECER", "assunto": "Parecer Jur\u00eddico - Projeto de Lei Ordin\u00e1ria n\u00ba 48 - 2023 - Altera a Lei Municipal n\u00ba 1.070 - 08 - Disciplina a participa\u00e7\u00e3o do Munic\u00edpio em Cons\u00f3rcios P\u00fablicos."}, {"id": "6476", "ano": "2023", "numero": "124", "tipo__sigla": "DI", "tipo__descricao": "Di\u00e1rias e documentos relativos", "assunto": "Participar do 38\u00ba Congresso Mineiro de Munic\u00edpios (Belo Horizonte- 09/05/2023 a 10/05/2023)"}, {"id": "6705", "ano": "2023", "numero": "124", "tipo__sigla": "OFEXP", "tipo__descricao": "Of\u00edcio Expedido", "assunto": "Encaminha parecer jur\u00eddico ao projeto de lei ordin\u00e1ria n\u00ba 53/2023"}, {"id": "6810", "ano": "2023", "numero": "124", "tipo__sigla": "OR", "tipo__descricao": "OF\u00cdCIOS RECEBIDOS", "assunto": "Solicita indica\u00e7\u00e3o de 04 membros para o Conselho Municipal de Turismo"}, {"id": "7017", "ano": "2023", "numero": "124", "tipo__sigla": "PARE", "tipo__descricao": "PARECER", "assunto": "Parecer Jur\u00eddico - Projeto de Lei Ordin\u00e1ria n\u00ba 47 - 2023 - Altera a Lei Ordin\u00e1ria Municipal n\u00ba 1.343 \u2013 2014 - Aux\u00edlio-Transporte para estudantes."}, {"id": "6477", "ano": "2023", "numero": "125", "tipo__sigla": "DI", "tipo__descricao": "Di\u00e1rias e documentos relativos", "assunto": "Requisi\u00e7\u00e3o de di\u00e1rias Jackson Luiz Ven\u00e2ncio de Souza (Belo Horizonte- 09/05/2023 a 12/05/2023)"}, {"id": "6714", "ano": "2023", "numero": "125", "tipo__sigla": "OFEXP", "tipo__descricao": "Of\u00edcio Expedido", "assunto": "Encaminha reda\u00e7\u00e3o final de projeto aprovado na 17\u00aareuni\u00e3o ordin\u00e1ria"}, {"id": "6816", "ano": "2023", "numero": "125", "tipo__sigla": "OR", "tipo__descricao": "OF\u00cdCIOS RECEBIDOS", "assunto": "Resposta ao of\u00edcio 025 do vereador Luiz Felipe Mendon\u00e7a Rodrigues"}, {"id": "7020", "ano": "2023", "numero": "125", "tipo__sigla": "PARE", "tipo__descricao": "PARECER", "assunto": "Parecer Jur\u00eddico - Projeto de Lei Complementar n\u00ba 12 - 2023 - Altera o C\u00f3digo Tribut\u00e1rio Municipal."}, {"id": "6486", "ano": "2023", "numero": "126", "tipo__sigla": "DI", "tipo__descricao": "Di\u00e1rias e documentos relativos", "assunto": "Requerimento de adiantamento pra abastecimento e estacionamento quanto em deslocamento (Belo Horizonte 09/05/2023 a 10/05/2023 e 12/05/2023 a 12/05/2023)"}, {"id": "6717", "ano": "2023", "numero": "126", "tipo__sigla": "OFEXP", "tipo__descricao": "Of\u00edcio Expedido", "assunto": "Encaminha a indica\u00e7\u00e3o 026 feita pelo vereador Luiz Felipe Mendon\u00e7a Rodrigues"}, {"id": "6817", "ano": "2023", "numero": "126", "tipo__sigla": "OR", "tipo__descricao": "OF\u00cdCIOS RECEBIDOS", "assunto": "Resposta ao of\u00edcio 026 do vereador Luiz Felipe Mendon\u00e7a Rodrigues"}, {"id": "7026", "ano": "2023", "numero": "126", "tipo__sigla": "PARE", "tipo__descricao": "PARECER", "assunto": "Parecer Jur\u00eddico - Inexigibilidade - Curso \u201cProcesso Legislativo Municipal da pr\u00e1tica\u201d. - Vereadores e servidor."}, {"id": "6490", "ano": "2023", "numero": "127", "tipo__sigla": "DI", "tipo__descricao": "Di\u00e1rias e documentos relativos", "assunto": "Requisi\u00e7\u00e3o de di\u00e1rias Luiz Felipe Mendon\u00e7a Rodrigues (Belo Horizonte- 09/05/2023 a 10/05/2023)"}, {"id": "6731", "ano": "2023", "numero": "127", "tipo__sigla": "OFEXP", "tipo__descricao": "Of\u00edcio Expedido", "assunto": "Encaminha para publica\u00e7\u00e3o extrato de dispensa"}, {"id": "6818", "ano": "2023", "numero": "127", "tipo__sigla": "OR", "tipo__descricao": "OF\u00cdCIOS RECEBIDOS", "assunto": "Responde \u00e0s indica\u00e7\u00f5es 027 e 028 do vereador Luiz Felipe Mendon\u00e7a Rodrigues"}, {"id": "7061", "ano": "2023", "numero": "127", "tipo__sigla": "PARE", "tipo__descricao": "PARECER", "assunto": "Parecer Jur\u00eddico - Projeto de Lei Ordin\u00e1ria n\u00ba 24 - 2023 - Abertura de Cr\u00e9dito Adicional Especial - Super\u00e1vit - R$ 84.072,14 (Oitenta e quatro mil setenta e dois reais e quatorze centavos)."}, {"id": "6516", "ano": "2023", "numero": "128", "tipo__sigla": "DI", "tipo__descricao": "Di\u00e1rias e documentos relativos", "assunto": "Relat\u00f3rio de presta\u00e7\u00e3o de contas Ronalthe Dayglas Rocha (Belo Horizonte- 09/05/2023 a 10/05/2023)"}, {"id": "6739", "ano": "2023", "numero": "128", "tipo__sigla": "OFEXP", "tipo__descricao": "Of\u00edcio Expedido", "assunto": "Solicita que seja adicionado e anulado saldo or\u00e7ament\u00e1rio"}, {"id": "6833", "ano": "2023", "numero": "128", "tipo__sigla": "OR", "tipo__descricao": "OF\u00cdCIOS RECEBIDOS", "assunto": "Encaminha o relat\u00f3rio de evolu\u00e7\u00e3o da receita 2024"}, {"id": "7062", "ano": "2023", "numero": "128", "tipo__sigla": "PARE", "tipo__descricao": "PARECER", "assunto": "Parecer Jur\u00eddico - Projeto de Lei Complementar n\u00ba 28 - 2022 - Estabelece as ZEIS - Zonas Especiais de Interesse Social."}, {"id": "6517", "ano": "2023", "numero": "129", "tipo__sigla": "DI", "tipo__descricao": "Di\u00e1rias e documentos relativos", "assunto": "Relat\u00f3rio e presta\u00e7\u00e3o de contas Luiz Felipe Mendon\u00e7a Rodrigues (Belo Horizonte- 09/05/2023 a 10/05/2023)"}, {"id": "6741", "ano": "2023", "numero": "129", "tipo__sigla": "OFEXP", "tipo__descricao": "Of\u00edcio Expedido", "assunto": "Encaminha extrato de dispensa 03 /2023 para publica\u00e7\u00e3o no di\u00e1rio oficial"}, {"id": "6850", "ano": "2023", "numero": "129", "tipo__sigla": "OR", "tipo__descricao": "OF\u00cdCIOS RECEBIDOS", "assunto": "Parecer jur\u00eddico em resposta ao of\u00edcio do vereador Jackson Luiz Ven\u00e2ncio de Souza"}, {"id": "7079", "ano": "2023", "numero": "129", "tipo__sigla": "PARE", "tipo__descricao": "PARECER", "assunto": "Parecer Jur\u00eddico - Projeto de Lei Ordin\u00e1rio n\u00ba 53 - 2023 - Altera Lei Ordin\u00e1ria Municipal n\u00ba 1.681 de 09 de maio de 2023 - Doa\u00e7\u00e3o de tr\u00eas terrenos"}, {"id": "6522", "ano": "2023", "numero": "130", "tipo__sigla": "DI", "tipo__descricao": "Di\u00e1rias e documentos relativos", "assunto": "Relat\u00f3rio e presta\u00e7\u00e3o de contas Emerson Ara\u00fajo (Belo Horizonte- 09/05/2023 a 10/05/2023)"}, {"id": "6748", "ano": "2023", "numero": "130", "tipo__sigla": "OFEXP", "tipo__descricao": "Of\u00edcio Expedido", "assunto": "Destina\u00e7\u00e3o emenda impositiva  Luiz Felipe (retifica\u00e7\u00e3o)"}, {"id": "6855", "ano": "2023", "numero": "130", "tipo__sigla": "OR", "tipo__descricao": "OF\u00cdCIOS RECEBIDOS", "assunto": "Encaminha balancetes de receitas e despesas referentes ao m\u00eas de julho de 2023"}, {"id": "7095", "ano": "2023", "numero": "130", "tipo__sigla": "PARE", "tipo__descricao": "PARECER", "assunto": "Parecer Jur\u00eddico - Projeto de Lei Ordin\u00e1ria n\u00ba 58 - 2023 - Estabelece o per\u00edmetro urbano de Santana da Vargem - MG"}, {"id": "6524", "ano": "2023", "numero": "131", "tipo__sigla": "DI", "tipo__descricao": "Di\u00e1rias e documentos relativos", "assunto": "Relat\u00f3rio e presta\u00e7\u00e3o de contas Emerson Silva Ara\u00fajo (Belo Horizonte- 12/05/2023)"}, {"id": "6751", "ano": "2023", "numero": "131", "tipo__sigla": "OFEXP", "tipo__descricao": "Of\u00edcio Expedido", "assunto": "Encaminha proposi\u00e7\u00f5es aprovadas na 19\u00aa reuni\u00e3o ordin\u00e1ria"}, {"id": "6875", "ano": "2023", "numero": "131", "tipo__sigla": "OR", "tipo__descricao": "OF\u00cdCIOS RECEBIDOS", "assunto": "Convida para audi\u00eancia p\u00fablica  sobre o poss\u00edvel fechamento do Hospital Psiqui\u00e1trico Gedor Silveira  (17/08/2023)"}, {"id": "7099", "ano": "2023", "numero": "131", "tipo__sigla": "PARE", "tipo__descricao": "PARECER", "assunto": "Parecer Jur\u00eddico - Projeto de Lei Ordin\u00e1ria n\u00ba 59 - 2023 - Abertura de Cr\u00e9dito Especial - Excesso de Arrecada\u00e7\u00e3o - R$ 57.388,59 (Cinquenta e sete mil trezentos e oitenta e oito reais e cinquenta e nove centavos)"}, {"id": "6543", "ano": "2023", "numero": "132", "tipo__sigla": "DI", "tipo__descricao": "Di\u00e1rias e documentos relativos", "assunto": "Requisi\u00e7\u00e3o de di\u00e1rias Alanis Carolina de Oliveira Moreira (Belo Horizonte- 25/04/2023 a 26/04/2023)"}, {"id": "6754", "ano": "2023", "numero": "132", "tipo__sigla": "OFEXP", "tipo__descricao": "Of\u00edcio Expedido", "assunto": "Convoca para reuni\u00e3o extraordin\u00e1ria 30/06/2023 as 18h"}, {"id": "6910", "ano": "2023", "numero": "132", "tipo__sigla": "OR", "tipo__descricao": "OF\u00cdCIOS RECEBIDOS", "assunto": "decreto municipal 54 de 2023 disp\u00f5e sobre a reten\u00e7\u00e3o  do imposto de renda"}, {"id": "7101", "ano": "2023", "numero": "132", "tipo__sigla": "PARE", "tipo__descricao": "PARECER", "assunto": "Parecer Jur\u00eddico - Projeto de Lei Ordin\u00e1ria n\u00ba 60 - 2023 - Abertura de Cr\u00e9dito Especial - Excesso de Arrecada\u00e7\u00e3o - R$ 23.247,34 (vinte e tr\u00eas mil duzentos e quarenta e sete reais e trinta e quatro centavos)"}, {"id": "6546", "ano": "2023", "numero": "133", "tipo__sigla": "DI", "tipo__descricao": "Di\u00e1rias e documentos relativos", "assunto": "Requisi\u00e7\u00e3o de di\u00e1rias Ruiter Silva de Oliveira (Belo Horizonte- 24/05/2023 a 23/05/2023)"}, {"id": "6769", "ano": "2023", "numero": "133", "tipo__sigla": "OFEXP", "tipo__descricao": "Of\u00edcio Expedido", "assunto": "Encaminha proposi\u00e7\u00f5es aprovadas na 7\u00aa reuni\u00e3o ordin\u00e1ria"}, {"id": "6911", "ano": "2023", "numero": "133", "tipo__sigla": "OR", "tipo__descricao": "OF\u00cdCIOS RECEBIDOS", "assunto": "Solicita retirada de tramita\u00e7\u00e3o do projeto de lei 035"}, {"id": "7102", "ano": "2023", "numero": "133", "tipo__sigla": "PARE", "tipo__descricao": "PARECER", "assunto": "Parecer Jur\u00eddico - Projeto de Lei Ordin\u00e1rio n\u00ba 55 - 2023 - Cria gratifica\u00e7\u00e3o para \u00e1rea de sa\u00fade - Respons\u00e1vel T\u00e9cnico."}, {"id": "6547", "ano": "2023", "numero": "134", "tipo__sigla": "DI", "tipo__descricao": "Di\u00e1rias e documentos relativos", "assunto": "Relat\u00f3rio e presta\u00e7\u00e3o de contas Carlos C\u00e9zar Ribeiro (Belo Horizonte - 09/05/2023 a 12/05/2023)"}, {"id": "6777", "ano": "2023", "numero": "134", "tipo__sigla": "OFEXP", "tipo__descricao": "Of\u00edcio Expedido", "assunto": "Informa o repasse e encaminha o comprovante dos valores descontados referentes aos pacotes \"Expo Santana 2023\"."}, {"id": "6914", "ano": "2023", "numero": "134", "tipo__sigla": "OR", "tipo__descricao": "OF\u00cdCIOS RECEBIDOS", "assunto": "Encaminha balancetes de receitas e despesas referentes  a julho"}, {"id": "7119", "ano": "2023", "numero": "134", "tipo__sigla": "PARE", "tipo__descricao": "PARECER", "assunto": "Parecer Jur\u00eddico - Projeto de Lei Ordin\u00e1ria n 61 - 2023 - Consertar dota\u00e7\u00e3o errada - Lei Ordin\u00e1ria n\u00ba 1.705/2023"}, {"id": "6550", "ano": "2023", "numero": "135", "tipo__sigla": "DI", "tipo__descricao": "Di\u00e1rias e documentos relativos", "assunto": "Relat\u00f3rio e presta\u00e7\u00e3o de contas Jackson Luiz Ven\u00e2ncio de Souza (Belo Horizonte- 09/05/2023 a 12/05/2023)"}, {"id": "6778", "ano": "2023", "numero": "135", "tipo__sigla": "OFEXP", "tipo__descricao": "Of\u00edcio Expedido", "assunto": "Solicita ao setor de tributa\u00e7\u00e3o que seja emitida uma guia referente a IRRF do m\u00eas de junho."}, {"id": "6950", "ano": "2023", "numero": "135", "tipo__sigla": "OR", "tipo__descricao": "OF\u00cdCIOS RECEBIDOS", "assunto": "Solicita retirada de pauta do projeto de lei 005 de 2022"}, {"id": "7126", "ano": "2023", "numero": "135", "tipo__sigla": "PARE", "tipo__descricao": "PARECER", "assunto": "Parecer Jur\u00eddico - Projeto de Lei Ordin\u00e1ria n\u00ba 56 - 2023 - Assist\u00eancia Financeira Complementar - Piso Salarial - Enfermeiros, T\u00e9cnico de Enfermagem, Auxiliar de Enfermagem e Parteira."}, {"id": "6551", "ano": "2023", "numero": "136", "tipo__sigla": "DI", "tipo__descricao": "Di\u00e1rias e documentos relativos", "assunto": "Requisi\u00e7\u00e3o de di\u00e1rias Felipe Tom\u00e9 Mota e Silva (Belo Horizonte- 30/05/2023 a 02/06/2023)"}, {"id": "6779", "ano": "2023", "numero": "136", "tipo__sigla": "OFEXP", "tipo__descricao": "Of\u00edcio Expedido", "assunto": "Solicita ao setor de tributa\u00e7\u00e3o que seja emitida uma guia referente aos rendimentos de aplica\u00e7\u00e3o do m\u00eas de junho."}, {"id": "6956", "ano": "2023", "numero": "136", "tipo__sigla": "OR", "tipo__descricao": "OF\u00cdCIOS RECEBIDOS", "assunto": "Solicita a presen\u00e7a dos vereadores para reuni\u00e3o dia 05 de setembro na Secretaria Municipal de Cultura, Esporte, Lazer e Turismo"}, {"id": "7128", "ano": "2023", "numero": "136", "tipo__sigla": "PARE", "tipo__descricao": "PARECER", "assunto": "Parecer Jur\u00eddico - Projeto de Lei Ordin\u00e1ria n\u00ba 49 - 2023 - Lei Or\u00e7ament\u00e1ria Anual para o exerc\u00edcio financeiro de 2024."}, {"id": "6558", "ano": "2023", "numero": "137", "tipo__sigla": "DI", "tipo__descricao": "Di\u00e1rias e documentos relativos", "assunto": "Requerimento de adiantamento para abastecimento e estacionamento quanto em deslocamento (Belo Horizonte- 24/05/2023 a 26/05/2023)"}, {"id": "6780", "ano": "2023", "numero": "137", "tipo__sigla": "OFEXP", "tipo__descricao": "Of\u00edcio Expedido", "assunto": "Encaminha indica\u00e7\u00f5es 027 e 028 do vereador Luiz Felipe Mendon\u00e7a Rodrigues"}, {"id": "6958", "ano": "2023", "numero": "137", "tipo__sigla": "OR", "tipo__descricao": "OF\u00cdCIOS RECEBIDOS", "assunto": "Comunica compromisso assumido com plano de sustentabilidade com o Minist\u00e9rio P\u00fablico referente ao conv\u00eanio 918543/2021"}, {"id": "7132", "ano": "2023", "numero": "137", "tipo__sigla": "PARE", "tipo__descricao": "PARECER", "assunto": "Parecer Jur\u00eddico - Projeto de Lei Ordin\u00e1ria n\u00ba 59 - 2023 - Abertura de Cr\u00e9dito Especial"}, {"id": "6560", "ano": "2023", "numero": "138", "tipo__sigla": "DI", "tipo__descricao": "Di\u00e1rias e documentos relativos", "assunto": "Requisi\u00e7\u00e3o de di\u00e1rias Maria Aparecida de Ara\u00fajo Reis (Belo Horizonte- 305/05/2023 a 02/06/2023)"}, {"id": "6781", "ano": "2023", "numero": "138", "tipo__sigla": "OFEXP", "tipo__descricao": "Of\u00edcio Expedido", "assunto": "Encaminha projeto de lei aprovado na 8\u00aa reuni\u00e3o extraordin\u00e1ria"}, {"id": "6984", "ano": "2023", "numero": "138", "tipo__sigla": "OR", "tipo__descricao": "OF\u00cdCIOS RECEBIDOS", "assunto": "Solicita a indica\u00e7\u00e3o de dois membros suplentes para o Conselho Municipal de Turismo"}, {"id": "7133", "ano": "2023", "numero": "138", "tipo__sigla": "PARE", "tipo__descricao": "PARECER", "assunto": "Parecer Jur\u00eddico - Projeto de Lei Ordin\u00e1ria n\u00ba 60 - 23 - Cr\u00e9dito adicional especial"}, {"id": "6571", "ano": "2023", "numero": "139", "tipo__sigla": "DI", "tipo__descricao": "Di\u00e1rias e documentos relativos", "assunto": "Relat\u00f3rio e presta\u00e7\u00e3o de contas Emerson Silva Ara\u00fajo (Belo Horizonte- 24 a 26 de maio)"}, {"id": "6783", "ano": "2023", "numero": "139", "tipo__sigla": "OFEXP", "tipo__descricao": "Of\u00edcio Expedido", "assunto": "Encaminha rela\u00e7\u00e3o de patrim\u00f4nio para baixa"}, {"id": "6999", "ano": "2023", "numero": "139", "tipo__sigla": "OR", "tipo__descricao": "OF\u00cdCIOS RECEBIDOS", "assunto": "Responde of\u00edcio 006 do vereador Luiz Felipe Mendon\u00e7a Rodrigues"}, {"id": "7150", "ano": "2023", "numero": "139", "tipo__sigla": "PARE", "tipo__descricao": "PARECER", "assunto": "Parecer jur\u00eddico - Projeto de Lei Ordin\u00e1ria do Legislativo n\u00ba 12-2023 - Institui o Semin\u00e1rio Anual para Elabora\u00e7\u00e3o do Plano de Desenvolvimento Rural no Munic\u00edpio de Santana da Vargem \u2013 MG."}, {"id": "6576", "ano": "2023", "numero": "140", "tipo__sigla": "DI", "tipo__descricao": "Di\u00e1rias e documentos relativos", "assunto": "Requerimento de adiantamento para abastecimento e estacionamento quanto em deslocamento (Belo Horizonte- 30/05/2023 a 02/05/2023)"}, {"id": "6788", "ano": "2023", "numero": "140", "tipo__sigla": "OFEXP", "tipo__descricao": "Of\u00edcio Expedido", "assunto": "Encaminha objetos que sofrer\u00e3o baixa de patrim\u00f4nio da C\u00e2mara e solicita a remo\u00e7\u00e3o destes objetos"}, {"id": "7000", "ano": "2023", "numero": "140", "tipo__sigla": "OR", "tipo__descricao": "OF\u00cdCIOS RECEBIDOS", "assunto": "Reponde ao of\u00edcio 030 do vereador Luiz Felipe Mendon\u00e7a Rodrigues"}, {"id": "7171", "ano": "2023", "numero": "140", "tipo__sigla": "PARE", "tipo__descricao": "PARECER", "assunto": "Parecer Jur\u00eddico - Projeto de Lei Complementar n\u00ba 12 - 2023 - Altera o Estatuto dos Servidores P\u00fablicos Municipal, o Plano de Cargos e Sal\u00e1rios do Executivo e o Plano de Cargos e Sal\u00e1rios do Magist\u00e9rio."}, {"id": "6586", "ano": "2023", "numero": "141", "tipo__sigla": "DI", "tipo__descricao": "Di\u00e1rias e documentos relativos", "assunto": "Relat\u00f3rio e presta\u00e7\u00e3o de contas Alanis Carolina de Oliveira Moreira (Belo Horizonte - 24/05/2023 a 26/05/2023)"}, {"id": "6789", "ano": "2023", "numero": "141", "tipo__sigla": "OFEXP", "tipo__descricao": "Of\u00edcio Expedido", "assunto": "Encaminha para publica\u00e7\u00e3o no di\u00e1rio oficial o  extrato de dispensa 05/2023"}, {"id": "7001", "ano": "2023", "numero": "141", "tipo__sigla": "OR", "tipo__descricao": "OF\u00cdCIOS RECEBIDOS", "assunto": "Responde \u00e0 indica\u00e7\u00e3o 004 da vereadora Maria Aparecida de Ara\u00fajo Reis"}, {"id": "7184", "ano": "2023", "numero": "141", "tipo__sigla": "PARE", "tipo__descricao": "PARECER", "assunto": "Parecer Jur\u00eddico - Dispensa - Panifica\u00e7\u00e3o"}, {"id": "6589", "ano": "2023", "numero": "142", "tipo__sigla": "DI", "tipo__descricao": "Di\u00e1rias e documentos relativos", "assunto": "Relat\u00f3rio e presta\u00e7\u00e3o de contas Ruiter Silva de Oliveira (Belo Horizonte- 24 a 26 de maio)"}, {"id": "6793", "ano": "2023", "numero": "142", "tipo__sigla": "OFEXP", "tipo__descricao": "Of\u00edcio Expedido", "assunto": "Encaminha o extrato de dispensa 06 para publica\u00e7\u00e3o no di\u00e1rio oficial"}, {"id": "7002", "ano": "2023", "numero": "142", "tipo__sigla": "OR", "tipo__descricao": "OF\u00cdCIOS RECEBIDOS", "assunto": "Responde \u00e0 indica\u00e7\u00e3o 015 do vereador Jackson Luiz Ven\u00e2ncio de Souza"}, {"id": "7187", "ano": "2023", "numero": "142", "tipo__sigla": "PARE", "tipo__descricao": "PARECER", "assunto": "Parecer Jur\u00eddico - Dispensa - Placas de homenagens."}, {"id": "6633", "ano": "2023", "numero": "143", "tipo__sigla": "DI", "tipo__descricao": "Di\u00e1rias e documentos relativos", "assunto": "Relat\u00f3rio e presta\u00e7\u00e3o de contas Emerson Silva Ara\u00fajo (Belo Horizonte- 30 de maio a 02 junho)"}, {"id": "6794", "ano": "2023", "numero": "143", "tipo__sigla": "OFEXP", "tipo__descricao": "Of\u00edcio Expedido", "assunto": "Encaminha para pulica\u00e7\u00e3o no di\u00e1ria oficial o extrato de dispensa 07/2023"}, {"id": "7003", "ano": "2023", "numero": "143", "tipo__sigla": "OR", "tipo__descricao": "OF\u00cdCIOS RECEBIDOS", "assunto": "Responde \u00e0 indica\u00e7\u00e3o 035 do vereador Luiz Felipe Mendon\u00e7a Rodrigues"}, {"id": "7188", "ano": "2023", "numero": "143", "tipo__sigla": "PARE", "tipo__descricao": "PARECER", "assunto": "Parecer Jur\u00eddico - Dispensa - Smartphone e trip\u00e9."}, {"id": "6639", "ano": "2023", "numero": "144", "tipo__sigla": "DI", "tipo__descricao": "Di\u00e1rias e documentos relativos", "assunto": "Relat\u00f3rio e presta\u00e7\u00e3o de contas Maria Aparecida de Ara\u00fajo Reis (Belo Horizonte- 30/05/2023 a 02/06/2023)"}, {"id": "6796", "ano": "2023", "numero": "144", "tipo__sigla": "OFEXP", "tipo__descricao": "Of\u00edcio Expedido", "assunto": "Encaminha para publica\u00e7\u00e3o no di\u00e1rio oficial o extrato de dispensa 08/2023"}, {"id": "7004", "ano": "2023", "numero": "144", "tipo__sigla": "OR", "tipo__descricao": "OF\u00cdCIOS RECEBIDOS", "assunto": "Responde ao of\u00edcio 029 do vereador Luiz Felipe Mendon\u00e7a Rodrigues"}, {"id": "7212", "ano": "2023", "numero": "144", "tipo__sigla": "PARE", "tipo__descricao": "PARECER", "assunto": "Parecer Jur\u00eddico - Inexigibilidade - \u201cCurso Fiscaliza\u00e7\u00e3o e Acompanhamento da gest\u00e3o or\u00e7ament\u00e1ria e financeira municipal\u201d. Vereadores."}, {"id": "6640", "ano": "2023", "numero": "145", "tipo__sigla": "DI", "tipo__descricao": "Di\u00e1rias e documentos relativos", "assunto": "Requisi\u00e7\u00e3o de di\u00e1rias Ronalthe Dayglas Rocha (Belo Horizonte- 13/06/2023 a 16/06/2023)"}, {"id": "6799", "ano": "2023", "numero": "145", "tipo__sigla": "OFEXP", "tipo__descricao": "Of\u00edcio Expedido", "assunto": "Encaminha extrato de dispensa 09/2023 para publica\u00e7\u00e3o no di\u00e1rio oficial"}, {"id": "7005", "ano": "2023", "numero": "145", "tipo__sigla": "OR", "tipo__descricao": "OF\u00cdCIOS RECEBIDOS", "assunto": "Responde \u00e0s indica\u00e7\u00f5es 029, 030, 031, 032, 033 e 034 do vereador Luiz Felipe Mendon\u00e7a Rodrigues"}, {"id": "7220", "ano": "2023", "numero": "145", "tipo__sigla": "PARE", "tipo__descricao": "PARECER", "assunto": "Parecer Jur\u00eddico - Dispensa - Buffet"}, {"id": "6641", "ano": "2023", "numero": "146", "tipo__sigla": "DI", "tipo__descricao": "Di\u00e1rias e documentos relativos", "assunto": "Requisi\u00e7\u00e3o de di\u00e1rias Vitor Donizetti Siqueira Junior (Belo Horizonte- 13/06/2023 e 16/06/2023)"}, {"id": "6838", "ano": "2023", "numero": "146", "tipo__sigla": "OFEXP", "tipo__descricao": "Of\u00edcio Expedido", "assunto": "Encaminha para a Comiss\u00e3o de Invent\u00e1rio F\u00edsico e financeiro dos Bens Patrimoniais  arm\u00e1rio de cozinha/bancada de pia para baixa na rela\u00e7\u00e3o patrimonial da C\u00e2mara Municipal de Santana da Vargem (03/08/2023)"}, {"id": "7006", "ano": "2023", "numero": "146", "tipo__sigla": "OR", "tipo__descricao": "OF\u00cdCIOS RECEBIDOS", "assunto": "Responde ao of\u00edcio 162 do presidente da C\u00e2mara Carlos C\u00e9zar Ribeiro"}, {"id": "7222", "ano": "2023", "numero": "146", "tipo__sigla": "PARE", "tipo__descricao": "PARECER", "assunto": "Concess\u00e3o de F\u00e9rias"}, {"id": "6642", "ano": "2023", "numero": "147", "tipo__sigla": "DI", "tipo__descricao": "Di\u00e1rias e documentos relativos", "assunto": "Requisi\u00e7\u00e3o de di\u00e1rias Jackson Luiz Ven\u00e2ncio de Souza (Belo Horizonte- 07/06/2023)"}, {"id": "6839", "ano": "2023", "numero": "147", "tipo__sigla": "OFEXP", "tipo__descricao": "Of\u00edcio Expedido", "assunto": "Encaminha para a prefeitura arm\u00e1rio de cozinha/bancada de pia ap\u00f3s baixa patrimonial da C\u00e2mara Municipal de Santana da Vargem (03/08/2023)"}, {"id": "7050", "ano": "2023", "numero": "147", "tipo__sigla": "OR", "tipo__descricao": "OF\u00cdCIOS RECEBIDOS", "assunto": "Indica\u00e7\u00e3o de conselheiro titular e suplente para o CODEMA"}, {"id": "7225", "ano": "2023", "numero": "147", "tipo__sigla": "PARE", "tipo__descricao": "PARECER", "assunto": "Parecer Jur\u00eddico - Projeto de Lei Complementar n\u00ba 13- 2023 - Altera o C\u00f3digo Tribut\u00e1rio Municipal"}, {"id": "6643", "ano": "2023", "numero": "148", "tipo__sigla": "DI", "tipo__descricao": "Di\u00e1rias e documentos relativos", "assunto": "Relat\u00f3rio e presta\u00e7\u00e3o de contas Felipe Tom\u00e9 Mota e Silva (Belo Horizonte- 29/05/2023 a 02/06/2023)"}, {"id": "6840", "ano": "2023", "numero": "148", "tipo__sigla": "OFEXP", "tipo__descricao": "Of\u00edcio Expedido", "assunto": "Encaminha retifica\u00e7\u00e3o de extrato de dispensa 08 de 2023, aquisi\u00e7\u00e3o de pastas de arquivo,  para publica\u00e7\u00e3o no di\u00e1rio oficial (retifica\u00e7\u00e3o de ficha or\u00e7ament\u00e1ria) - 03/08/2023"}, {"id": "7051", "ano": "2023", "numero": "148", "tipo__sigla": "OR", "tipo__descricao": "OF\u00cdCIOS RECEBIDOS", "assunto": "Encaminha os balancetes de receitas e despesas referentes ao m\u00eas de agosto/2023 nos termos da lei"}, {"id": "7267", "ano": "2023", "numero": "148", "tipo__sigla": "PARE", "tipo__descricao": "PARECER", "assunto": "Parecer Jur\u00eddico - Projeto de Lei Ordin\u00e1ria n\u00ba 63 - 2023 - Abertura de Cr\u00e9dito especial - Super\u00e1vit -  R$ 54.960,16 (cinquenta e quatro mil novecentos e sessenta reais e dezesseis centavos)"}, {"id": "6668", "ano": "2023", "numero": "149", "tipo__sigla": "DI", "tipo__descricao": "Di\u00e1rias e documentos relativos", "assunto": "Requerimento de adiantamento para abastecimento e estacionamento quanto em deslocamento (Belo Horizonte 13/06/2023)"}, {"id": "6841", "ano": "2023", "numero": "149", "tipo__sigla": "OFEXP", "tipo__descricao": "Of\u00edcio Expedido", "assunto": "Solicita ao setor de tributa\u00e7\u00e3o que seja emitida uma guia de pagamento de IRRF referente ao m\u00eas de julho de 2023"}, {"id": "7076", "ano": "2023", "numero": "149", "tipo__sigla": "OR", "tipo__descricao": "OF\u00cdCIOS RECEBIDOS", "assunto": "Responde indica\u00e7\u00f5es 011, 012, 013 e 014 do vereador Jackson Luiz Ven\u00e2ncio de Souza"}, {"id": "7268", "ano": "2023", "numero": "149", "tipo__sigla": "PARE", "tipo__descricao": "PARECER", "assunto": "Parecer Jur\u00eddico - Projeto de Lei Ordin\u00e1ria n\u00ba 64 - 2023 - Abertura de cr\u00e9dito adicional especial por superavit financeiro R$ 129.736,54 (cento e vinte e nove mil setecentos e trinta e seis reais e cinquenta e quatro centavos)."}, {"id": "6695", "ano": "2023", "numero": "150", "tipo__sigla": "DI", "tipo__descricao": "Di\u00e1rias e documentos relativos", "assunto": "Relat\u00f3rio e presta\u00e7\u00e3o de contas Jackson Luiz Ven\u00e2ncio de Souza (Belo Horizonte- 07/06/2023)"}, {"id": "6842", "ano": "2023", "numero": "150", "tipo__sigla": "OFEXP", "tipo__descricao": "Of\u00edcio Expedido", "assunto": "Solicitar ao setor de tributa\u00e7\u00e3o que seja emitida uma guia referente aos rendimentos da aplica\u00e7\u00e3o da conta auferidos no m\u00eas de julho"}, {"id": "7077", "ano": "2023", "numero": "150", "tipo__sigla": "OR", "tipo__descricao": "OF\u00cdCIOS RECEBIDOS", "assunto": "Responde indica\u00e7\u00f5es 045 e 046 do vereador Vitor Donizetti Siqueira Junior"}, {"id": "7269", "ano": "2023", "numero": "150", "tipo__sigla": "PARE", "tipo__descricao": "PARECER", "assunto": "Projeto de Lei Ordin\u00e1ria n\u00ba 65 - 2023 - abertura de cr\u00e9dito adicional especial por superavit financeiro. R$ 1.814,79 (mil oitocentos e quatorze reais e setenta e nove centavos)."}, {"id": "6711", "ano": "2023", "numero": "151", "tipo__sigla": "DI", "tipo__descricao": "Di\u00e1rias e documentos relativos", "assunto": "Relat\u00f3rio e presta\u00e7\u00e3o de contas Emerson Silva Ara\u00fajo (Belo Horizonte- 13/06/2023 a 16/06/2023)"}, {"id": "6847", "ano": "2023", "numero": "151", "tipo__sigla": "OFEXP", "tipo__descricao": "Of\u00edcio Expedido", "assunto": "Encaminha para publica\u00e7\u00e3o o extrato de inexigibilidade 16/2023"}, {"id": "7100", "ano": "2023", "numero": "151", "tipo__sigla": "OR", "tipo__descricao": "OF\u00cdCIOS RECEBIDOS", "assunto": "Solicita regulamenta\u00e7\u00e3o regulariza\u00e7\u00e3o das faixas de dom\u00ednio da prefeitura"}, {"id": "7270", "ano": "2023", "numero": "151", "tipo__sigla": "PARE", "tipo__descricao": "PARECER", "assunto": "Parecer Jur\u00eddico - Projeto de Lei Ordin\u00e1ria n\u00ba 66 - 2023 - Abertura de cr\u00e9dito adicional especial por superavit financeiro R$ 47.424,49 (quarenta e sete mil quatrocentos e vinte e quatro reais e quarenta e nove centavos)."}, {"id": "6720", "ano": "2023", "numero": "152", "tipo__sigla": "DI", "tipo__descricao": "Di\u00e1rias e documentos relativos", "assunto": "Relat\u00f3rio e presta\u00e7\u00e3o de contas Vitor Donizetti Siqueira Junior (Belo Horizonte- 13/06/2023 a 16/06/2023)v"}, {"id": "6852", "ano": "2023", "numero": "152", "tipo__sigla": "OFEXP", "tipo__descricao": "Of\u00edcio Expedido", "assunto": "Encaminha lei promulgada"}, {"id": "7107", "ano": "2023", "numero": "152", "tipo__sigla": "OR", "tipo__descricao": "OF\u00cdCIOS RECEBIDOS", "assunto": "Resposta indica\u00e7\u00e3o 017 Jackson"}, {"id": "7271", "ano": "2023", "numero": "152", "tipo__sigla": "PARE", "tipo__descricao": "PARECER", "assunto": "Projeto de Lei Ordin\u00e1ria n\u00ba 67 - 2023 - Abertura de cr\u00e9dito adicional especial por superavit financeiro. R$ 12.547,17 (quarenta e sete mil quatrocentos e vinte e quatro reais e quarenta e nove centavos)"}, {"id": "6724", "ano": "2023", "numero": "153", "tipo__sigla": "DI", "tipo__descricao": "Di\u00e1rias e documentos relativos", "assunto": "Requisi\u00e7\u00e3o de di\u00e1rias Vitor Donizetti Siqueira Junior (Bras\u00edlia-DF 03/07/2023 a 06/07/2023)"}, {"id": "6862", "ano": "2023", "numero": "153", "tipo__sigla": "OFEXP", "tipo__descricao": "Of\u00edcio Expedido", "assunto": "Encaminha o comprovante de dep\u00f3sito referente aos valores descontados em folha dos servidores e agentes pol\u00edticos dos ingressos da festa \"Expo Santana\" (julho 2023)"}, {"id": "7108", "ano": "2023", "numero": "153", "tipo__sigla": "OR", "tipo__descricao": "OF\u00cdCIOS RECEBIDOS", "assunto": "Resposta indica\u00e7\u00e3o 10 Ronalthe"}, {"id": "7272", "ano": "2023", "numero": "153", "tipo__sigla": "PARE", "tipo__descricao": "PARECER", "assunto": "Parecer jur\u00eddico - Projeto de Lei Ordin\u00e1ria n\u00ba 68 - 2023 - Abertura de cr\u00e9dito adicional especial por superavit financeiro. R$ 29.291,13 (vinte e nove mil duzentos e noventa e um reais e treze centavos)"}, {"id": "6726", "ano": "2023", "numero": "154", "tipo__sigla": "DI", "tipo__descricao": "Di\u00e1rias e documentos relativos", "assunto": "Relat\u00f3rio e presta\u00e7\u00e3o de contas Ronalthe Dayglas Rocha (Belo Horizonte - 13/06/2023 a 16/06/2023)"}, {"id": "6863", "ano": "2023", "numero": "154", "tipo__sigla": "OFEXP", "tipo__descricao": "Of\u00edcio Expedido", "assunto": "Encaminha indica\u00e7\u00f5es 029, 030, 031, 32, 33 e 034 feitas pelo nobre edil Luiz Felipe Mendon\u00e7a Rodrigues"}, {"id": "7109", "ano": "2023", "numero": "154", "tipo__sigla": "OR", "tipo__descricao": "OF\u00cdCIOS RECEBIDOS", "assunto": "Resposta indica\u00e7\u00f5es 038 e 039 Luiz Felipe"}, {"id": "7273", "ano": "2023", "numero": "154", "tipo__sigla": "PARE", "tipo__descricao": "PARECER", "assunto": "Parecer Jur\u00eddico - Projeto de Lei Ordin\u00e1ria n\u00ba 69 - 2023 - Abertura de cr\u00e9dito adicional especial por superavit financeiro. R$ 66.164,91 (sessenta e seis mil cento e sessenta e quatro reais e noventa e um centavos)"}, {"id": "6808", "ano": "2023", "numero": "155", "tipo__sigla": "DI", "tipo__descricao": "Di\u00e1rias e documentos relativos", "assunto": "Requisi\u00e7\u00e3o de di\u00e1rias Ruiter Silva de Oliveira (Belo Horizonte- 01/08/2023 a 04/08/2023)"}, {"id": "6864", "ano": "2023", "numero": "155", "tipo__sigla": "OFEXP", "tipo__descricao": "Of\u00edcio Expedido", "assunto": "Encaminha as indica\u00e7\u00f5es 011, 012, 013 e 014 feitas pelo vereador Jackson Luiz Ven\u00e2ncio de Souza"}, {"id": "7110", "ano": "2023", "numero": "155", "tipo__sigla": "OR", "tipo__descricao": "OF\u00cdCIOS RECEBIDOS", "assunto": "Responde indica\u00e7\u00e3o 038 Luiz Felipe"}, {"id": "7274", "ano": "2023", "numero": "155", "tipo__sigla": "PARE", "tipo__descricao": "PARECER", "assunto": "Parecer Jur\u00eddico - Projeto de Lei Ordin\u00e1ria n\u00ba 70 - 2023 - abertura de cr\u00e9dito adicional especial por superavit financeiro. R$ 244.428,33 (duzentos e quarenta e quatro mil quatrocentos e vinte oito reais e trinta e tr\u00eas centavos)"}, {"id": "6809", "ano": "2023", "numero": "156", "tipo__sigla": "DI", "tipo__descricao": "Di\u00e1rias e documentos relativos", "assunto": "Requisi\u00e7\u00e3o de di\u00e1rias Alanis Carolina de Oliveira Moreira (Belo Horizonte- 01/08/2023 a 04/08/2023)"}, {"id": "6865", "ano": "2023", "numero": "156", "tipo__sigla": "OFEXP", "tipo__descricao": "Of\u00edcio Expedido", "assunto": "Encaminha proposi\u00e7\u00f5es aprovadas na 20\u00aa reuni\u00e3o ordin\u00e1ria"}, {"id": "7111", "ano": "2023", "numero": "156", "tipo__sigla": "OR", "tipo__descricao": "OF\u00cdCIOS RECEBIDOS", "assunto": "Responde requerimento 010 e indica\u00e7\u00f5es 047, 048 Juninho"}, {"id": "7275", "ano": "2023", "numero": "156", "tipo__sigla": "PARE", "tipo__descricao": "PARECER", "assunto": "Parecer Jur\u00eddico - Projeto de Lei Ordin\u00e1rio n\u00ba 71 - 2023 - Abertura de cr\u00e9dito adicional especial por superavit financeiro. R$ 1.498,92 (mil quatrocentos e noventa e oito reais e noventa e dois centavos)"}, {"id": "6822", "ano": "2023", "numero": "157", "tipo__sigla": "DI", "tipo__descricao": "Di\u00e1rias e documentos relativos", "assunto": "Requisi\u00e7\u00e3o de di\u00e1rias Ruiter Silva de Oliveira (Belo Horizonte- 08/08/2023 a 11/08/2023)"}, {"id": "6873", "ano": "2023", "numero": "157", "tipo__sigla": "OFEXP", "tipo__descricao": "Of\u00edcio Expedido", "assunto": "Encaminha termo de prorroga\u00e7\u00e3o do processo n\u00ba 17/2021, inexigibilidade 05/2021; (correios / tel\u00e9grafos)"}, {"id": "7112", "ano": "2023", "numero": "157", "tipo__sigla": "OR", "tipo__descricao": "OF\u00cdCIOS RECEBIDOS", "assunto": "Responde indica\u00e7\u00f5es 042 e 043 e requerimento 008 Juninho"}, {"id": "7276", "ano": "2023", "numero": "157", "tipo__sigla": "PARE", "tipo__descricao": "PARECER", "assunto": "Parecer Jur\u00eddico - Projeto de Lei Ordin\u00e1ria n\u00ba 72 - 2023 - Abertura de cr\u00e9dito adicional especial por superavit financeiro.R$ 8.208,60 (oito mil duzentos e oito reais e sessenta centavos)"}, {"id": "6836", "ano": "2023", "numero": "158", "tipo__sigla": "DI", "tipo__descricao": "Di\u00e1rias e documentos relativos", "assunto": "Requisi\u00e7\u00e3o de di\u00e1rias Vitor Donizetti Siqueira Junior (Bras\u00edlia 14/08/2023 a 17/08/2023)"}, {"id": "6892", "ano": "2023", "numero": "158", "tipo__sigla": "OFEXP", "tipo__descricao": "Of\u00edcio Expedido", "assunto": "Solicita que seja adicionado o saldo or\u00e7ament\u00e1rio em ficha e anulado saldo de ficha"}, {"id": "7113", "ano": "2023", "numero": "158", "tipo__sigla": "OR", "tipo__descricao": "OF\u00cdCIOS RECEBIDOS", "assunto": "Resposta indica\u00e7\u00f5es 036, 037 Luiz Felipe"}, {"id": "7277", "ano": "2023", "numero": "158", "tipo__sigla": "PARE", "tipo__descricao": "PARECER", "assunto": "Parecer jur\u00eddico - Projeto de Lei Ordin\u00e1ria n\u00ba 73 - 2023 - Abertura de cr\u00e9dito adicional especial por superavit financeiro.R$ 5.082,82 (cinco mil oitenta e dois reais e oitenta e dois centavos)"}, {"id": "6845", "ano": "2023", "numero": "159", "tipo__sigla": "DI", "tipo__descricao": "Di\u00e1rias e documentos relativos", "assunto": "Requisi\u00e7\u00e3o de di\u00e1rias Alanis Carolina de Oliveira Moreira (Belo Horizonte- 08/08/2023 a 11/08/2023)"}, {"id": "6893", "ano": "2023", "numero": "159", "tipo__sigla": "OFEXP", "tipo__descricao": "Of\u00edcio Expedido", "assunto": "Encaminha para publica\u00e7\u00e3o no di\u00e1rio oficial aviso de edital de preg\u00e3o presencial 01/2023"}, {"id": "7115", "ano": "2023", "numero": "159", "tipo__sigla": "OR", "tipo__descricao": "OF\u00cdCIOS RECEBIDOS", "assunto": "Comunica que foi reservado o n\u00famero 1.722 para promulga\u00e7\u00e3o do projeto de lei 013 de 31 de mar\u00e7o de 2023"}, {"id": "7278", "ano": "2023", "numero": "159", "tipo__sigla": "PARE", "tipo__descricao": "PARECER", "assunto": "Parecer Jur\u00eddico - Projeto de Lei Ordin\u00e1ria n\u00ba 74 - 2023 - Altera a Lei Ordin\u00e1ria Municipal n\u00ba 1.343 de 28 de mar\u00e7o de 2014."}, {"id": "6859", "ano": "2023", "numero": "160", "tipo__sigla": "DI", "tipo__descricao": "Di\u00e1rias e documentos relativos", "assunto": "Requerimento de adiantamento para abastecimento e estacionamento quanto em deslocamento (08/08/2023)"}, {"id": "6894", "ano": "2023", "numero": "160", "tipo__sigla": "OFEXP", "tipo__descricao": "Of\u00edcio Expedido", "assunto": "Encaminha reda\u00e7\u00e3o final da proposi\u00e7\u00e3o aprovada na 20\u00aa reuni\u00e3o ordin\u00e1ria"}, {"id": "7116", "ano": "2023", "numero": "160", "tipo__sigla": "OR", "tipo__descricao": "OF\u00cdCIOS RECEBIDOS", "assunto": "Resposta indica\u00e7\u00e3o 049 e requerimento 011 Juninho"}, {"id": "7279", "ano": "2023", "numero": "160", "tipo__sigla": "PARE", "tipo__descricao": "PARECER", "assunto": "Parecer Jur\u00eddico - Projeto de Lei Complementar n\u00ba 16 - 2023 - Altera o Estatuto dos Servidores P\u00fablicos Municipais"}, {"id": "6856", "ano": "2023", "numero": "161", "tipo__sigla": "DI", "tipo__descricao": "Di\u00e1rias e documentos relativos", "assunto": "Requisi\u00e7\u00e3o de di\u00e1rias Felipe Tom\u00e9 Mota e Silva (Belo Horizonte- 08/08/2023 a 11/08/2023)"}, {"id": "6896", "ano": "2023", "numero": "161", "tipo__sigla": "OFEXP", "tipo__descricao": "Of\u00edcio Expedido", "assunto": "Encaminha  proposi\u00e7\u00f5es aprovadas na 21\u00aa reuni\u00e3o ordin\u00e1ria"}, {"id": "7117", "ano": "2023", "numero": "161", "tipo__sigla": "OR", "tipo__descricao": "OF\u00cdCIOS RECEBIDOS", "assunto": "Solicita retirada de pauta do projeto de lei 55"}, {"id": "7329", "ano": "2023", "numero": "161", "tipo__sigla": "PARE", "tipo__descricao": "PARECER", "assunto": "Parecer Jur\u00eddico - Projeto de Lei Ordin\u00e1rio n\u00ba 62 - 2023 - Autoriza\u00e7\u00e3o para repassar R$ 41.666,65 (quarenta e um mil seiscentos e sessenta e seis reais e sessenta e cinco centavos) ao CISLAGOS (Cons\u00f3rcio Intermunicipal de Sa\u00fade da Regi\u00e3o dos Lagos do Sul de Minas)"}, {"id": "6876", "ano": "2023", "numero": "162", "tipo__sigla": "DI", "tipo__descricao": "Di\u00e1rias e documentos relativos", "assunto": "Relat\u00f3rio e presta\u00e7\u00e3o de contas Emerson Silva Ara\u00fajo (Belo Horizonte- 08/08/2023  a 11/08/2023)"}, {"id": "6905", "ano": "2023", "numero": "162", "tipo__sigla": "OFEXP", "tipo__descricao": "Of\u00edcio Expedido", "assunto": "Solicita informa\u00e7\u00f5es a respeito de programa de habita\u00e7\u00e3o"}, {"id": "7114", "ano": "2023", "numero": "162", "tipo__sigla": "OR", "tipo__descricao": "OF\u00cdCIOS RECEBIDOS", "assunto": "Responde indica\u00e7\u00e3o 016 Jackson"}, {"id": "7331", "ano": "2023", "numero": "162", "tipo__sigla": "PARE", "tipo__descricao": "PARECER", "assunto": "Parecer Jur\u00eddico - Projeto de Lei Ordin\u00e1ria n\u00ba 75 - 2023 - cria o Conselho Municipal de desenvolvimento econ\u00f4mico."}, {"id": "6882", "ano": "2023", "numero": "163", "tipo__sigla": "DI", "tipo__descricao": "Di\u00e1rias e documentos relativos", "assunto": "Relat\u00f3rio e presta\u00e7\u00e3o de contas Felipe Tom\u00e9 Mota e Silva (Belo Horizonte- 08/08/2023 a 11/08/2023)"}, {"id": "6921", "ano": "2023", "numero": "163", "tipo__sigla": "OFEXP", "tipo__descricao": "Of\u00edcio Expedido", "assunto": "Solicita abertura de processo administrativo para curso de capacita\u00e7\u00e3o"}, {"id": "7134", "ano": "2023", "numero": "163", "tipo__sigla": "OR", "tipo__descricao": "OF\u00cdCIOS RECEBIDOS", "assunto": "Responde indica\u00e7\u00e3o 018 do vereador Jackson"}, {"id": "7364", "ano": "2023", "numero": "163", "tipo__sigla": "PARE", "tipo__descricao": "PARECER", "assunto": "Inexigibilidade - Curso - Vereador - Fixa\u00e7\u00e3o de Subs\u00eddio."}, {"id": "6897", "ano": "2023", "numero": "164", "tipo__sigla": "DI", "tipo__descricao": "Di\u00e1rias e documentos relativos", "assunto": "Relat\u00f3rio e presta\u00e7\u00e3o de contas Alanis Carolina de Oliveira Moreira"}, {"id": "6925", "ano": "2023", "numero": "164", "tipo__sigla": "OFEXP", "tipo__descricao": "Of\u00edcio Expedido", "assunto": "Encaminha o extrato de dispensa n\u00ba 10/2023 para publica\u00e7\u00e3o no di\u00e1rio oficial do munic\u00edpio"}, {"id": "7135", "ano": "2023", "numero": "164", "tipo__sigla": "OR", "tipo__descricao": "OF\u00cdCIOS RECEBIDOS", "assunto": "Responde of\u00edcio 031 do vereador Luiz Felipe"}, {"id": "7365", "ano": "2023", "numero": "164", "tipo__sigla": "PARE", "tipo__descricao": "PARECER", "assunto": "Inexigibilidade - Curso Curso Planejamento Anual de Contrata\u00e7\u00f5es, DFD, ETP, TR e Pesquisa de Pre\u00e7o.- Servidoresf"}, {"id": "6901", "ano": "2023", "numero": "165", "tipo__sigla": "DI", "tipo__descricao": "Di\u00e1rias e documentos relativos", "assunto": "Requisi\u00e7\u00e3o de di\u00e1rias Alessandra Dixini Ara\u00fajo (Belo Horizonte- 23/08/2023 a 25/08/2023)"}, {"id": "6926", "ano": "2023", "numero": "165", "tipo__sigla": "OFEXP", "tipo__descricao": "Of\u00edcio Expedido", "assunto": "Encaminha o extrato de inexigibilidade 17/2023 para publica\u00e7\u00e3o no di\u00e1rio oficial do munic\u00edpio"}, {"id": "7136", "ano": "2023", "numero": "165", "tipo__sigla": "OR", "tipo__descricao": "OF\u00cdCIOS RECEBIDOS", "assunto": "Solicita audit\u00f3rio da C\u00e2mara Municipal de Santana da Vargem"}, {"id": "7374", "ano": "2023", "numero": "165", "tipo__sigla": "PARE", "tipo__descricao": "PARECER", "assunto": "Parecer Jur\u00eddico - Dispensa de Licita\u00e7\u00e3o - Certificado Digital - Presidente e Mesa Diretora."}, {"id": "6902", "ano": "2023", "numero": "166", "tipo__sigla": "DI", "tipo__descricao": "Di\u00e1rias e documentos relativos", "assunto": "Requisi\u00e7\u00e3o de di\u00e1rias Larissa Oliveira Naves (Belo Horizonte- 23/08/2023 a 25/08/2023)"}, {"id": "6927", "ano": "2023", "numero": "166", "tipo__sigla": "OFEXP", "tipo__descricao": "Of\u00edcio Expedido", "assunto": "Encaminha o extrato de inexigibilidade 18/2023 para publica\u00e7\u00e3o no di\u00e1rio oficial do munic\u00edpio"}, {"id": "7137", "ano": "2023", "numero": "166", "tipo__sigla": "OR", "tipo__descricao": "OF\u00cdCIOS RECEBIDOS", "assunto": "Proposi\u00e7\u00f5es de PL- Dia Municipal contra mutila\u00e7\u00e3o infantil (Maria Aparecida de Ara\u00fajo Reis)"}, {"id": "7379", "ano": "2023", "numero": "166", "tipo__sigla": "PARE", "tipo__descricao": "PARECER", "assunto": "Parecer Jur\u00eddico - Projeto de Lei Ordin\u00e1ria do Legislativo n\u00ba 13 - 2023 - Isen\u00e7\u00e3o de IPTU para cidad\u00e3o em tratamento por hemodi\u00e1lise."}, {"id": "6904", "ano": "2023", "numero": "167", "tipo__sigla": "DI", "tipo__descricao": "Di\u00e1rias e documentos relativos", "assunto": "Relat\u00f3rio e presta\u00e7\u00e3o de contas Ruiter Silva de Oliveira (Belo Horizonte- 08/08/2023 a 11/08/2023)"}, {"id": "6929", "ano": "2023", "numero": "167", "tipo__sigla": "OFEXP", "tipo__descricao": "Of\u00edcio Expedido", "assunto": "Encaminha indica\u00e7\u00e3o 015 do vereador Jackson Luiz Ven\u00e2ncio de Souza"}, {"id": "7138", "ano": "2023", "numero": "167", "tipo__sigla": "OR", "tipo__descricao": "OF\u00cdCIOS RECEBIDOS", "assunto": "Comunica reajuste anual plano de sa\u00fade- Unimed"}, {"id": "7401", "ano": "2023", "numero": "167", "tipo__sigla": "PARE", "tipo__descricao": "PARECER", "assunto": "Parecer Jur\u00eddico - Dispensa - contratar empresa que elaborar\u00e1 laudo t\u00e9cnico de condi\u00e7\u00f5es ambientais do trabalho \u2013 LTCAT, exig\u00eancia do E-Social."}, {"id": "6916", "ano": "2023", "numero": "168", "tipo__sigla": "DI", "tipo__descricao": "Di\u00e1rias e documentos relativos", "assunto": "Requisi\u00e7\u00e3o de di\u00e1rias Vitor Donizetti Siqueira Junior (Belo Horizonte- 29/08/2023 a 01/09/2023)"}, {"id": "6930", "ano": "2023", "numero": "168", "tipo__sigla": "OFEXP", "tipo__descricao": "Of\u00edcio Expedido", "assunto": "Encaminha a indica\u00e7\u00e3o 04 da vereadora Maria Aparecida de Ara\u00fajo Reis"}, {"id": "7143", "ano": "2023", "numero": "168", "tipo__sigla": "OR", "tipo__descricao": "OF\u00cdCIOS RECEBIDOS", "assunto": "Responde of\u00edcio 210 do presidente da C\u00e2mara"}, {"id": "7428", "ano": "2023", "numero": "168", "tipo__sigla": "PARE", "tipo__descricao": "PARECER", "assunto": "Parecer jur\u00eddico - Projeto de Lei Ordin\u00e1rio n\u00ba 76/2023 - Altera a Lei Ordin\u00e1ria n\u00ba 1.727 de 06 de dezembro de 2023 - Repasse CISLAGOS"}, {"id": "6928", "ano": "2023", "numero": "169", "tipo__sigla": "DI", "tipo__descricao": "Di\u00e1rias e documentos relativos", "assunto": "Requerimento de adiantamento para abastecimento e estacionamento quanto em deslocamento (Belo Horizonte- 23/08/2023 a 25/08/2023)"}, {"id": "6931", "ano": "2023", "numero": "169", "tipo__sigla": "OFEXP", "tipo__descricao": "Of\u00edcio Expedido", "assunto": "Encaminha indica\u00e7\u00e3o 035 feita pelo vereador Luiz Felipe Mendon\u00e7a Rodrigues"}, {"id": "7144", "ano": "2023", "numero": "169", "tipo__sigla": "OR", "tipo__descricao": "OF\u00cdCIOS RECEBIDOS", "assunto": "Responde ao of\u00edcio da vereadora Maria Aparecida de Ara\u00fajo Reis - melhoria na seguran\u00e7a da cidade"}, {"id": "7443", "ano": "2023", "numero": "169", "tipo__sigla": "PARE", "tipo__descricao": "PARECER", "assunto": "Parecer Jur\u00eddico - Projeto de Lei Complementar n\u00ba 16 - 2023 - Visa criar um programa habitacional que visa doar v\u00e1rios bens im\u00f3veis p\u00fablicos (terrenos)."}, {"id": "6936", "ano": "2023", "numero": "170", "tipo__sigla": "OFEXP", "tipo__descricao": "Of\u00edcio Expedido", "assunto": "Encaminha proposi\u00e7\u00f5es aprovadas na 22\u00aa reuni\u00e3o ordin\u00e1ria"}, {"id": "6938", "ano": "2023", "numero": "170", "tipo__sigla": "DI", "tipo__descricao": "Di\u00e1rias e documentos relativos", "assunto": "Requisi\u00e7\u00e3o de di\u00e1rias Ezequiel da Silva (Belo Horizonte- 29/08/2023 a 01/09/2023)"}, {"id": "7145", "ano": "2023", "numero": "170", "tipo__sigla": "OR", "tipo__descricao": "OF\u00cdCIOS RECEBIDOS", "assunto": "Responde indica\u00e7\u00f5es 040, 041 e 042 do vereador Luiz Felipe Mendon\u00e7a Rodrigues"}, {"id": "6939", "ano": "2023", "numero": "171", "tipo__sigla": "DI", "tipo__descricao": "Di\u00e1rias e documentos relativos", "assunto": "Requisi\u00e7\u00e3o de diarias Carlos Cezar Ribeiro(Belo Horizonte- 29/08/2023 a 01/09/2023)"}, {"id": "6942", "ano": "2023", "numero": "171", "tipo__sigla": "OFEXP", "tipo__descricao": "Of\u00edcio Expedido", "assunto": "Encaminha para publica\u00e7\u00e3o no di\u00e1rio oficial o extrato de inexigibilidade 19/2023"}, {"id": "7154", "ano": "2023", "numero": "171", "tipo__sigla": "OR", "tipo__descricao": "OF\u00cdCIOS RECEBIDOS", "assunto": "Encaminha os balancetes de receitas e despesas referentes ao m\u00eas de setembro de 2023"}, {"id": "6940", "ano": "2023", "numero": "172", "tipo__sigla": "DI", "tipo__descricao": "Di\u00e1rias e documentos relativos", "assunto": "Solicita\u00e7\u00e3o de di\u00e1ria do vereador Jackson Luiz."}, {"id": "6951", "ano": "2023", "numero": "172", "tipo__sigla": "OFEXP", "tipo__descricao": "Of\u00edcio Expedido", "assunto": "Encaminha nomes para compor o conselho de turismo"}, {"id": "7159", "ano": "2023", "numero": "172", "tipo__sigla": "OR", "tipo__descricao": "OF\u00cdCIOS RECEBIDOS", "assunto": "Responde indica\u00e7\u00e3o 050 e requerimento 012 do vereador Vitor Donizetti Siqueira Junior"}, {"id": "6946", "ano": "2023", "numero": "173", "tipo__sigla": "DI", "tipo__descricao": "Di\u00e1rias e documentos relativos", "assunto": "Relat\u00f3rio e presta\u00e7\u00e3o de contas Emerson Silva Ara\u00fajo (Belo Horizonte 23/08/2023 a 25/08/2023)"}, {"id": "6964", "ano": "2023", "numero": "173", "tipo__sigla": "OFEXP", "tipo__descricao": "Of\u00edcio Expedido", "assunto": "Encaminha as indica\u00e7\u00f5es 042, 044 e 045 e o requerimento 008 do vereador Vitor Donizetti Siqueira Junior"}, {"id": "7170", "ano": "2023", "numero": "173", "tipo__sigla": "OR", "tipo__descricao": "OF\u00cdCIOS RECEBIDOS", "assunto": "Informa reajuste nos valores das consultas pela Unimed"}, {"id": "6947", "ano": "2023", "numero": "174", "tipo__sigla": "DI", "tipo__descricao": "Di\u00e1rias e documentos relativos", "assunto": "requerimento de adiantamento para abastecimento e estacionamento quanto em deslocamento (Belo Horizonte- 29/08/2023)"}, {"id": "6965", "ano": "2023", "numero": "174", "tipo__sigla": "OFEXP", "tipo__descricao": "Of\u00edcio Expedido", "assunto": "Encaminha as indica\u00e7\u00f5es 036 e 037 do vereador Luiz Felipe Mendon\u00e7a Rodrigues"}, {"id": "7180", "ano": "2023", "numero": "174", "tipo__sigla": "OR", "tipo__descricao": "OF\u00cdCIOS RECEBIDOS", "assunto": "Solicita a retirada de tramita\u00e7\u00e3o do projeto de lei 028 de 2023"}, {"id": "6949", "ano": "2023", "numero": "175", "tipo__sigla": "DI", "tipo__descricao": "Di\u00e1rias e documentos relativos", "assunto": "Relat\u00f3rio e presta\u00e7\u00e3o de contas Alessandra Dixini Araujo (Belo Horizonte- 23/08/2023 a 25/08/2023)"}, {"id": "6966", "ano": "2023", "numero": "175", "tipo__sigla": "OFEXP", "tipo__descricao": "Of\u00edcio Expedido", "assunto": "Encaminha o aviso de preg\u00e3o 01/2023"}, {"id": "7219", "ano": "2023", "numero": "175", "tipo__sigla": "OR", "tipo__descricao": "OF\u00cdCIOS RECEBIDOS", "assunto": "Encaminha balancetes de receitas e despesas referentes ao m\u00eas de outubro de 2023"}, {"id": "6954", "ano": "2023", "numero": "176", "tipo__sigla": "DI", "tipo__descricao": "Di\u00e1rias e documentos relativos", "assunto": "Relat\u00f3rio e presta\u00e7\u00e3o de contas Larissa Oliveira Naves (Belo Horizonte- 23/08/2023 a 25/08/2023)"}, {"id": "6988", "ano": "2023", "numero": "176", "tipo__sigla": "OFEXP", "tipo__descricao": "Of\u00edcio Expedido", "assunto": "Solicita que seja emitida uma guia de IRRF referente ao m\u00eas de agosto de 2023"}, {"id": "7230", "ano": "2023", "numero": "176", "tipo__sigla": "OR", "tipo__descricao": "OF\u00cdCIOS RECEBIDOS", "assunto": "Responde of\u00edcio 010 do vereador Ronalthe Dayglas Rocha"}, {"id": "6971", "ano": "2023", "numero": "177", "tipo__sigla": "DI", "tipo__descricao": "Di\u00e1rias e documentos relativos", "assunto": "Relat\u00f3rio e presta\u00e7\u00e3o de contas Emerson Silva Ara\u00fajo (Belo Horizonte- 29 de agosto a 01 de setembro)"}, {"id": "6989", "ano": "2023", "numero": "177", "tipo__sigla": "OFEXP", "tipo__descricao": "Of\u00edcio Expedido", "assunto": "Solicita ao setor de tributa\u00e7\u00e3o uma guia referente aos rendimentos de aplica\u00e7\u00e3o do m\u00eas de agosto de 2023"}, {"id": "7231", "ano": "2023", "numero": "177", "tipo__sigla": "OR", "tipo__descricao": "OF\u00cdCIOS RECEBIDOS", "assunto": "Resposta indica\u00e7\u00f5es 044, 045 do vereador Luiz Felipe Mendon\u00e7a Rodrigues"}, {"id": "6979", "ano": "2023", "numero": "178", "tipo__sigla": "DI", "tipo__descricao": "Di\u00e1rias e documentos relativos", "assunto": "Relat\u00f3rio e presta\u00e7\u00e3o de contas Vitor Donizetti Siqueira Junior (Belo Horizonte- 29/08/2023 a 01/09/2023)"}, {"id": "6990", "ano": "2023", "numero": "178", "tipo__sigla": "OFEXP", "tipo__descricao": "Of\u00edcio Expedido", "assunto": "Encaminha as indica\u00e7\u00f5es 045 e 046 feitas pelo vereador Vitor Donizetti Siqueira Junior"}, {"id": "7232", "ano": "2023", "numero": "178", "tipo__sigla": "OR", "tipo__descricao": "OF\u00cdCIOS RECEBIDOS", "assunto": "Resposta indica\u00e7\u00e3o 018 e requerimento 002 do vereador Ezequiel da Silva"}, {"id": "6980", "ano": "2023", "numero": "179", "tipo__sigla": "DI", "tipo__descricao": "Di\u00e1rias e documentos relativos", "assunto": "Relat\u00f3rio e presta\u00e7\u00e3o de contas Carlos C\u00e9zar Ribeiro (Belo Horizonte - 29/08/2023 a 01/09/2023)"}, {"id": "6991", "ano": "2023", "numero": "179", "tipo__sigla": "OFEXP", "tipo__descricao": "Of\u00edcio Expedido", "assunto": "Solicita que seja adicionado saldo na ficha 17 e anulado da ficha 14"}, {"id": "7233", "ano": "2023", "numero": "179", "tipo__sigla": "OR", "tipo__descricao": "OF\u00cdCIOS RECEBIDOS", "assunto": "Resposta of\u00edcio 22 vereador Luiz Felipe Mendon\u00e7a Rodrigues"}, {"id": "6981", "ano": "2023", "numero": "180", "tipo__sigla": "DI", "tipo__descricao": "Di\u00e1rias e documentos relativos", "assunto": "Relat\u00f3rio e presta\u00e7\u00e3o de contas Ezequiel da Silva (Belo Horizonte- 29/08/2023 a 01/09/2023)"}, {"id": "6992", "ano": "2023", "numero": "180", "tipo__sigla": "OFEXP", "tipo__descricao": "Of\u00edcio Expedido", "assunto": "Encaminha proposi\u00e7\u00f5es aprovadas na 24\u00aa reuni\u00e3o ordin\u00e1ria"}, {"id": "7234", "ano": "2023", "numero": "180", "tipo__sigla": "OR", "tipo__descricao": "OF\u00cdCIOS RECEBIDOS", "assunto": "Resposta ao of\u00edcio 001 da C\u00e2mara Municipal (Dona Rita)"}, {"id": "6982", "ano": "2023", "numero": "181", "tipo__sigla": "DI", "tipo__descricao": "Di\u00e1rias e documentos relativos", "assunto": "Relat\u00f3rio e presta\u00e7\u00e3o de contas Jackson Luiz Ven\u00e2ncio de Souza (Belo Horizonte- 29/08/2023 a 01/09/2023)"}, {"id": "6993", "ano": "2023", "numero": "181", "tipo__sigla": "OFEXP", "tipo__descricao": "Of\u00edcio Expedido", "assunto": "Encaminha proposi\u00e7\u00f5es aprovadas na 23\u00aa reuni\u00e3o ordin\u00e1ria"}, {"id": "7235", "ano": "2023", "numero": "181", "tipo__sigla": "OR", "tipo__descricao": "OF\u00cdCIOS RECEBIDOS", "assunto": "Resposta indica\u00e7\u00f5es 041, 042 e 043 do vereador Luiz Felipe Mendon\u00e7a Rodrigues"}, {"id": "6994", "ano": "2023", "numero": "182", "tipo__sigla": "OFEXP", "tipo__descricao": "Of\u00edcio Expedido", "assunto": "Encaminha reda\u00e7\u00e3o final do projeto aprovado na 25\u00aa reuni\u00e3o ordin\u00e1ria"}, {"id": "7021", "ano": "2023", "numero": "182", "tipo__sigla": "DI", "tipo__descricao": "Di\u00e1rias e documentos relativos", "assunto": "Requisi\u00e7\u00e3o de di\u00e1rias Vitor Donizetti Siqueira Junior (Bras\u00edlia - DF 02/10/2023 a 05/10/2023)"}, {"id": "7236", "ano": "2023", "numero": "182", "tipo__sigla": "OR", "tipo__descricao": "OF\u00cdCIOS RECEBIDOS", "assunto": "resposta of\u00edcio 34 Luiz Felipe"}, {"id": "6995", "ano": "2023", "numero": "183", "tipo__sigla": "OFEXP", "tipo__descricao": "Of\u00edcio Expedido", "assunto": "Encaminha as proposi\u00e7\u00f5es aprovadas na 25\u00aa reuni\u00e3o ordin\u00e1ria"}, {"id": "7032", "ano": "2023", "numero": "183", "tipo__sigla": "DI", "tipo__descricao": "Di\u00e1rias e documentos relativos", "assunto": "Requisi\u00e7\u00e3o de di\u00e1rias Walter Silva (Belo Horizonte 26/09/2023 a 29/09/2023)"}, {"id": "7237", "ano": "2023", "numero": "183", "tipo__sigla": "OR", "tipo__descricao": "OF\u00cdCIOS RECEBIDOS", "assunto": "Resposta requerimento 13 do vereador Vitor Donizetti Siqueira Junior"}, {"id": "7018", "ano": "2023", "numero": "184", "tipo__sigla": "OFEXP", "tipo__descricao": "Of\u00edcio Expedido", "assunto": "Encaminha para publica\u00e7\u00e3o no di\u00e1rio o extrato de inexigibilidade 19/2023"}, {"id": "7033", "ano": "2023", "numero": "184", "tipo__sigla": "DI", "tipo__descricao": "Di\u00e1rias e documentos relativos", "assunto": "Requisi\u00e7\u00e3o de di\u00e1rias Carlos C\u00e9zar Ribeiro (Belo Horizonte- 26/09/2023 a 29/09/2023)"}, {"id": "7240", "ano": "2023", "numero": "184", "tipo__sigla": "OR", "tipo__descricao": "OF\u00cdCIOS RECEBIDOS", "assunto": "Solicita relat\u00f3rio com tempo de servi\u00e7o prestado da C\u00e2mara"}, {"id": "7022", "ano": "2023", "numero": "185", "tipo__sigla": "OFEXP", "tipo__descricao": "Of\u00edcio Expedido", "assunto": "Solicita disponibilidade de engenheiro para fazer levantamento da \u00e1rea edificada da C\u00e2mara Municipal de Santana da Vargem"}, {"id": "7034", "ano": "2023", "numero": "185", "tipo__sigla": "DI", "tipo__descricao": "Di\u00e1rias e documentos relativos", "assunto": "Requisi\u00e7\u00e3o de di\u00e1rias Maria Aparecida de Ara\u00fajo Reis (Belo Horizonte- 26/09/2023 a 29/09/2023)"}, {"id": "7245", "ano": "2023", "numero": "185", "tipo__sigla": "OR", "tipo__descricao": "OF\u00cdCIOS RECEBIDOS", "assunto": "Esclarecimento projeto de lei complementar 13/2023"}, {"id": "7023", "ano": "2023", "numero": "186", "tipo__sigla": "OFEXP", "tipo__descricao": "Of\u00edcio Expedido", "assunto": "Solicita que seja adicionado saldo or\u00e7ament\u00e1rio na ficha 05 e anulado saldo da ficha 08"}, {"id": "7041", "ano": "2023", "numero": "186", "tipo__sigla": "DI", "tipo__descricao": "Di\u00e1rias e documentos relativos", "assunto": "Requisi\u00e7\u00e3o de di\u00e1rias Ruiter Silva de Oliveira (Belo Horizonte 26/09/2023 a 29/09/2023)"}, {"id": "7255", "ano": "2023", "numero": "186", "tipo__sigla": "OR", "tipo__descricao": "OF\u00cdCIOS RECEBIDOS", "assunto": "Presta esclarecimentos referentes ao projeto de lei 014/2023"}, {"id": "7035", "ano": "2023", "numero": "187", "tipo__sigla": "OFEXP", "tipo__descricao": "Of\u00edcio Expedido", "assunto": "Encaminha as indica\u00e7\u00e3o 047 e 048 e o requerimento 010 feitos pelo vereador Vitor Donizetti Siqueira Junior"}, {"id": "7065", "ano": "2023", "numero": "187", "tipo__sigla": "DI", "tipo__descricao": "Di\u00e1rias e documentos relativos", "assunto": "Relat\u00f3rio de presta\u00e7\u00e3o e presta\u00e7\u00e3o de contas Maria Aparecida de Ara\u00fajo Reis (Belo Horizonte- 26/09/2023 a 29/09/2023)"}, {"id": "7257", "ano": "2023", "numero": "187", "tipo__sigla": "OR", "tipo__descricao": "OF\u00cdCIOS RECEBIDOS", "assunto": "Solicita urg\u00eancia no projeto de lei 62"}, {"id": "7036", "ano": "2023", "numero": "188", "tipo__sigla": "OFEXP", "tipo__descricao": "Of\u00edcio Expedido", "assunto": "Encaminha a indica\u00e7\u00e3o 038 do vereador Luiz Felipe Mendon\u00e7a Rodrigues"}, {"id": "7068", "ano": "2023", "numero": "188", "tipo__sigla": "DI", "tipo__descricao": "Di\u00e1rias e documentos relativos", "assunto": "Relat\u00f3rio e presta\u00e7\u00e3o de contas Ruiter Silva de Oliveira (Belo Horizonte- 26/09/2023 a 29/09/2023)"}, {"id": "7308", "ano": "2023", "numero": "188", "tipo__sigla": "OR", "tipo__descricao": "OF\u00cdCIOS RECEBIDOS", "assunto": "Presta esclarecimento sobre o projeto de lei 62/2023"}, {"id": "7038", "ano": "2023", "numero": "189", "tipo__sigla": "OFEXP", "tipo__descricao": "Of\u00edcio Expedido", "assunto": "Encaminha o extrato de inexigibilidade n\u00ba 20/2023"}, {"id": "7070", "ano": "2023", "numero": "189", "tipo__sigla": "DI", "tipo__descricao": "Di\u00e1rias e documentos relativos", "assunto": "Relat\u00f3rio e presta\u00e7\u00e3o de contas Carlos Cezar Ribeiro (Belo Horizonte- 26/09/2023 a 29/09/2023)"}, {"id": "7309", "ano": "2023", "numero": "189", "tipo__sigla": "OR", "tipo__descricao": "OF\u00cdCIOS RECEBIDOS", "assunto": "Presta esclarecimentos projeto de lei complementar 15"}, {"id": "7039", "ano": "2023", "numero": "190", "tipo__sigla": "OFEXP", "tipo__descricao": "Of\u00edcio Expedido", "assunto": "Encaminha a reda\u00e7\u00e3o final de proposi\u00e7\u00e3o aprovada na 26\u00aa reuni\u00e3o ordin\u00e1ria"}, {"id": "7074", "ano": "2023", "numero": "190", "tipo__sigla": "DI", "tipo__descricao": "Di\u00e1rias e documentos relativos", "assunto": "Relat\u00f3rio e presta\u00e7\u00e3o de contas Walter Silva (Belo Horizonte- 26/09/2023 a 29/09/2023)"}, {"id": "7310", "ano": "2023", "numero": "190", "tipo__sigla": "OR", "tipo__descricao": "OF\u00cdCIOS RECEBIDOS", "assunto": "Presta esclarecimentos projeto de lei 74"}, {"id": "7044", "ano": "2023", "numero": "191", "tipo__sigla": "OFEXP", "tipo__descricao": "Of\u00edcio Expedido", "assunto": "Aquisi\u00e7\u00e3o de combust\u00edvel: gasolina e etanol"}, {"id": "7078", "ano": "2023", "numero": "191", "tipo__sigla": "DI", "tipo__descricao": "Di\u00e1rias e documentos relativos", "assunto": "Relat\u00f3rio e presta\u00e7\u00e3o de contas Vitor Donizetti Siqueira Junior (Belo Horizonte- 02/10/2023 a 05/10/2023)"}, {"id": "7311", "ano": "2023", "numero": "191", "tipo__sigla": "OR", "tipo__descricao": "OF\u00cdCIOS RECEBIDOS", "assunto": "Presta esclarecimentos ao projeto de lei 63"}, {"id": "7046", "ano": "2023", "numero": "192", "tipo__sigla": "OFEXP", "tipo__descricao": "Of\u00edcio Expedido", "assunto": "Encaminha para publica\u00e7\u00e3o no di\u00e1rio oficial termo de prorroga\u00e7\u00e3o de processo 10/2023 dispensa 02/2023"}, {"id": "7249", "ano": "2023", "numero": "192", "tipo__sigla": "DI", "tipo__descricao": "Di\u00e1rias e documentos relativos", "assunto": "Requisi\u00e7\u00e3o de di\u00e1rias Alanis Carolina de Oliveira Moreira (Belo Horizonte- 13/12/2023 a 15/12/2023)"}, {"id": "7312", "ano": "2023", "numero": "192", "tipo__sigla": "OR", "tipo__descricao": "OF\u00cdCIOS RECEBIDOS", "assunto": "Presta esclarecimentos ao projeto de lei 64"}, {"id": "7053", "ano": "2023", "numero": "193", "tipo__sigla": "OFEXP", "tipo__descricao": "Of\u00edcio Expedido", "assunto": "Encaminha a reda\u00e7\u00e3o final da proposi\u00e7\u00e3o aprovada na 27\u00aa reuni\u00e3o ordin\u00e1ria"}, {"id": "7250", "ano": "2023", "numero": "193", "tipo__sigla": "DI", "tipo__descricao": "Di\u00e1rias e documentos relativos", "assunto": "Requisi\u00e7\u00e3o de di\u00e1rias Laidia Mesquita de Souza (Belo Horizonte- 13/12/2023 a 15/12/2023)"}, {"id": "7313", "ano": "2023", "numero": "193", "tipo__sigla": "OR", "tipo__descricao": "OF\u00cdCIOS RECEBIDOS", "assunto": "Presta esclarecimentos ao projeto de lei 65"}, {"id": "7055", "ano": "2023", "numero": "194", "tipo__sigla": "OFEXP", "tipo__descricao": "Of\u00edcio Expedido", "assunto": "Encaminha as indica\u00e7\u00f5es 038 e 039 do vereador Luiz Felipe Mendon\u00e7a Rodrigues"}, {"id": "7260", "ano": "2023", "numero": "194", "tipo__sigla": "DI", "tipo__descricao": "Di\u00e1rias e documentos relativos", "assunto": "Relat\u00f3rio e presta\u00e7\u00e3o de contas Vitor Donizetti Siqueira Junior (Belo Horizonte- 21/11/2023 a 24/11/2023)"}, {"id": "7314", "ano": "2023", "numero": "194", "tipo__sigla": "OR", "tipo__descricao": "OF\u00cdCIOS RECEBIDOS", "assunto": "Presta esclarecimentos ao projeto de lei 66"}, {"id": "7056", "ano": "2023", "numero": "195", "tipo__sigla": "OFEXP", "tipo__descricao": "Of\u00edcio Expedido", "assunto": "Encaminha a indica\u00e7\u00e3o 049 e o requerimento 011 do vereador Vitor Donizetti Siqueira Junior"}, {"id": "7264", "ano": "2023", "numero": "195", "tipo__sigla": "DI", "tipo__descricao": "Di\u00e1rias e documentos relativos", "assunto": "Requisi\u00e7\u00e3o de di\u00e1rias Vitor Donizetti Siqueira Junior (Belo Horizonte- 12/12/2023 a 15/12/2023)"}, {"id": "7315", "ano": "2023", "numero": "195", "tipo__sigla": "OR", "tipo__descricao": "OF\u00cdCIOS RECEBIDOS", "assunto": "Presta esclarecimentos ao projeto de lei 67"}, {"id": "7057", "ano": "2023", "numero": "196", "tipo__sigla": "OFEXP", "tipo__descricao": "Of\u00edcio Expedido", "assunto": "Encaminha a indica\u00e7\u00e3o 010 feita pelo vereador Ronalthe Dayglas Rocha"}, {"id": "7298", "ano": "2023", "numero": "196", "tipo__sigla": "DI", "tipo__descricao": "Di\u00e1rias e documentos relativos", "assunto": "Relat\u00f3rio e presta\u00e7\u00e3o Walter Silva (Belo Horizonte- 21/11/2023 a 24/11/2023)"}, {"id": "7316", "ano": "2023", "numero": "196", "tipo__sigla": "OR", "tipo__descricao": "OF\u00cdCIOS RECEBIDOS", "assunto": "Presta esclarecimentos ao projeto de lei 68"}, {"id": "7058", "ano": "2023", "numero": "197", "tipo__sigla": "OFEXP", "tipo__descricao": "Of\u00edcio Expedido", "assunto": "Encaminha a indica\u00e7\u00e3o 017 feita pelo vereador Jackson Luiz Ven\u00e2ncio de Souza"}, {"id": "7299", "ano": "2023", "numero": "197", "tipo__sigla": "DI", "tipo__descricao": "Di\u00e1rias e documentos relativos", "assunto": "Relat\u00f3rio e presta\u00e7\u00e3o de contas Ezequiel da Silva (Belo Horizonte- 21/11/2023 a 24/11/2023)"}, {"id": "7317", "ano": "2023", "numero": "197", "tipo__sigla": "OR", "tipo__descricao": "OF\u00cdCIOS RECEBIDOS", "assunto": "Presta esclarecimentos ao projeto de lei 69"}, {"id": "7059", "ano": "2023", "numero": "198", "tipo__sigla": "OFEXP", "tipo__descricao": "Of\u00edcio Expedido", "assunto": "Solicita\u00e7\u00e3o de contrata\u00e7\u00e3o de servi\u00e7o de buffet"}, {"id": "7300", "ano": "2023", "numero": "198", "tipo__sigla": "DI", "tipo__descricao": "Di\u00e1rias e documentos relativos", "assunto": "Relat\u00f3rio e presta\u00e7\u00e3o de contas Carlos C\u00e9zar Ribeiro (Belo Horizonte- 21/11/2023 a 24/11/2023)"}, {"id": "7318", "ano": "2023", "numero": "198", "tipo__sigla": "OR", "tipo__descricao": "OF\u00cdCIOS RECEBIDOS", "assunto": "Presta esclarecimentos ao projeto de lei 70"}, {"id": "7060", "ano": "2023", "numero": "199", "tipo__sigla": "OFEXP", "tipo__descricao": "Of\u00edcio Expedido", "assunto": "Solicita\u00e7\u00e3o aquisi\u00e7\u00e3o de placas de homenagem e mo\u00e7\u00e3o de aplausos"}, {"id": "7319", "ano": "2023", "numero": "199", "tipo__sigla": "OR", "tipo__descricao": "OF\u00cdCIOS RECEBIDOS", "assunto": "Presta esclarecimentos ao projeto de lei 71"}, {"id": "7334", "ano": "2023", "numero": "199", "tipo__sigla": "DI", "tipo__descricao": "Di\u00e1rias e documentos relativos", "assunto": "Requisi\u00e7\u00e3o de di\u00e1rias Ronalthe Dayglas Rocha (Belo Horizonte 12/12/2023 a 14/12/2023)"}, {"id": "7063", "ano": "2023", "numero": "200", "tipo__sigla": "OFEXP", "tipo__descricao": "Of\u00edcio Expedido", "assunto": "Encaminha proposi\u00e7\u00f5es aprovadas na 28\u00aa reuni\u00e3o ordin\u00e1ria"}, {"id": "7320", "ano": "2023", "numero": "200", "tipo__sigla": "OR", "tipo__descricao": "OF\u00cdCIOS RECEBIDOS", "assunto": "Presta esclarecimentos ao projeto de lei072"}, {"id": "7351", "ano": "2023", "numero": "200", "tipo__sigla": "DI", "tipo__descricao": "Di\u00e1rias e documentos relativos", "assunto": "Requisi\u00e7\u00e3o de di\u00e1rias Ruiter Silva de Oliveira (Belo Horizonte- 13/12/2023 a 15/03/2023)"}, {"id": "7088", "ano": "2023", "numero": "201", "tipo__sigla": "OFEXP", "tipo__descricao": "Of\u00edcio Expedido", "assunto": "Solicita ao setor de tributa\u00e7\u00e3o, que sejam emitidas guias referente a IRRF dos fornecedores dos meses de agosto e setembro"}, {"id": "7321", "ano": "2023", "numero": "201", "tipo__sigla": "OR", "tipo__descricao": "OF\u00cdCIOS RECEBIDOS", "assunto": "Presta esclarecimentos ao projeto de lei 73"}, {"id": "7356", "ano": "2023", "numero": "201", "tipo__sigla": "DI", "tipo__descricao": "Di\u00e1rias e documentos relativos", "assunto": "Requisi\u00e7\u00e3o de di\u00e1rias Carlos C\u00e9zar Ribeiro (Belo Horizonte- 12/12/2023 a 15/12/2023)"}, {"id": "7089", "ano": "2023", "numero": "202", "tipo__sigla": "OFEXP", "tipo__descricao": "Of\u00edcio Expedido", "assunto": "solicita ao setor de tributa\u00e7\u00e3o que seja emitida uma guia de pagamento no valor de R$38,47 de IRRF do fornecedor Porto Seguro Companhia de Seguros Gerais"}, {"id": "7340", "ano": "2023", "numero": "202", "tipo__sigla": "OR", "tipo__descricao": "OF\u00cdCIOS RECEBIDOS", "assunto": "solicita emiss\u00e3o de guia de IRRF dos fornecedores do m\u00eas de outubro"}, {"id": "7357", "ano": "2023", "numero": "202", "tipo__sigla": "DI", "tipo__descricao": "Di\u00e1rias e documentos relativos", "assunto": "Requisi\u00e7\u00e3o de di\u00e1rias Maria Aparecida de Ara\u00fajo Reis (Belo Horizonte- 12/12/2023 a 15/12/2023)"}, {"id": "7090", "ano": "2023", "numero": "203", "tipo__sigla": "OFEXP", "tipo__descricao": "Of\u00edcio Expedido", "assunto": "Solicita ao setor de tributa\u00e7\u00e3o que seja emitida uma guia de IRRF referente \u00e0 folha de pagamento do m\u00eas de setembro 2023"}, {"id": "7353", "ano": "2023", "numero": "203", "tipo__sigla": "OR", "tipo__descricao": "OF\u00cdCIOS RECEBIDOS", "assunto": "Presta esclarecimentos a respeito do projeto de lei 49/2023"}, {"id": "7362", "ano": "2023", "numero": "203", "tipo__sigla": "DI", "tipo__descricao": "Di\u00e1rias e documentos relativos", "assunto": "Requisi\u00e7\u00e3o de di\u00e1rias Luiz Felipe Mendon\u00e7a Rodrigues (Belo Horizonte- 12/12/2023 a 15/12/2023)"}, {"id": "7091", "ano": "2023", "numero": "204", "tipo__sigla": "OFEXP", "tipo__descricao": "Of\u00edcio Expedido", "assunto": "Solicita que seja emitida uma guia referente aos rendimentos de aplica\u00e7\u00e3o auferidos no m\u00eas de setembro de 2023"}, {"id": "7363", "ano": "2023", "numero": "204", "tipo__sigla": "DI", "tipo__descricao": "Di\u00e1rias e documentos relativos", "assunto": "Requerimento de adiantamento para abastecimento e estacionamento quanto em deslocamento"}, {"id": "7371", "ano": "2023", "numero": "204", "tipo__sigla": "OR", "tipo__descricao": "OF\u00cdCIOS RECEBIDOS", "assunto": "Responde indica\u00e7\u00e3o 019 do vereador Jackson Luiz Ven\u00e2ncio de Souza"}, {"id": "7080", "ano": "2023", "numero": "205", "tipo__sigla": "OFEXP", "tipo__descricao": "Of\u00edcio Expedido", "assunto": "Comunica \u00e0 chapa 01-2023 para presid\u00eancia 2024 retirada da chapa"}, {"id": "7366", "ano": "2023", "numero": "205", "tipo__sigla": "DI", "tipo__descricao": "Di\u00e1rias e documentos relativos", "assunto": "Requisi\u00e7\u00e3o de di\u00e1rias Walter Silva (Belo Horizonte- 12/12/2023 a 15/12/2023)"}, {"id": "7372", "ano": "2023", "numero": "205", "tipo__sigla": "OR", "tipo__descricao": "OF\u00cdCIOS RECEBIDOS", "assunto": "Responde indica\u00e7\u00f5es 051 e 052 do vereador Vitor Donizetti Siqueira Junior"}, {"id": "7081", "ano": "2023", "numero": "206", "tipo__sigla": "OFEXP", "tipo__descricao": "Of\u00edcio Expedido", "assunto": "Solicita informa\u00e7\u00f5es do setor cont\u00e1bil."}, {"id": "7388", "ano": "2023", "numero": "206", "tipo__sigla": "DI", "tipo__descricao": "Di\u00e1rias e documentos relativos", "assunto": "Requisi\u00e7\u00e3o de di\u00e1rias Felipe Tom\u00e9 Mota e Silva (Belo Horizonte- 13/12/2023 a 15/12/2023)"}, {"id": "7394", "ano": "2023", "numero": "206", "tipo__sigla": "OR", "tipo__descricao": "OF\u00cdCIOS RECEBIDOS", "assunto": "Responde indica\u00e7\u00e3o 019 do vereador Ezequiel da Silva"}, {"id": "7092", "ano": "2023", "numero": "207", "tipo__sigla": "OFEXP", "tipo__descricao": "Of\u00edcio Expedido", "assunto": "Encaminhas as indica\u00e7\u00f5es 040, 041 e 042 do vereador do vereador Luiz Felipe Mendon\u00e7a Rodrigues"}, {"id": "7392", "ano": "2023", "numero": "207", "tipo__sigla": "DI", "tipo__descricao": "Di\u00e1rias e documentos relativos", "assunto": "Relat\u00f3rio e presta\u00e7\u00e3o de contas Emerson Silva Ara\u00fajo (Bras\u00edlia 11/12/2023 a 14/12/2023)"}, {"id": "7395", "ano": "2023", "numero": "207", "tipo__sigla": "OR", "tipo__descricao": "OF\u00cdCIOS RECEBIDOS", "assunto": "Responde indica\u00e7\u00f5es 020, 021 e 022 do vereador Ezequiel da Silva"}, {"id": "7098", "ano": "2023", "numero": "208", "tipo__sigla": "OFEXP", "tipo__descricao": "Of\u00edcio Expedido", "assunto": "Encaminha a indica\u00e7\u00e3o 018 do vereador Jackson Luiz Ven\u00e2ncio de Souza"}, {"id": "7393", "ano": "2023", "numero": "208", "tipo__sigla": "DI", "tipo__descricao": "Di\u00e1rias e documentos relativos", "assunto": "Relat\u00f3rio e presta\u00e7\u00e3o de contas Ronalthe Dayglas Rocha (Bras\u00edlia 11/12/2023 a 14/12/2023)"}, {"id": "7396", "ano": "2023", "numero": "208", "tipo__sigla": "OR", "tipo__descricao": "OF\u00cdCIOS RECEBIDOS", "assunto": "Responde indica\u00e7\u00f5es 053, 054, 055 e 056 do vereador Vitor Donizetti Siqueira Junior"}, {"id": "7104", "ano": "2023", "numero": "209", "tipo__sigla": "OFEXP", "tipo__descricao": "Of\u00edcio Expedido", "assunto": "Encaminha a indica\u00e7\u00e3o 050 e o requerimento 012 feitos pelo vereador Vitor Donizetti Siqueira Junior"}, {"id": "7397", "ano": "2023", "numero": "209", "tipo__sigla": "OR", "tipo__descricao": "OF\u00cdCIOS RECEBIDOS", "assunto": "Responde indica\u00e7\u00f5es 046 e 047 do vereador Luiz Felipe Mendon\u00e7a Rodrigues"}, {"id": "7407", "ano": "2023", "numero": "209", "tipo__sigla": "DI", "tipo__descricao": "Di\u00e1rias e documentos relativos", "assunto": "Relat\u00f3rio e presta\u00e7\u00e3o de contas Carlos C\u00e9zar Ribeiro  (Belo Horizonte 12/12/2023 a 15/12/2023)"}, {"id": "7105", "ano": "2023", "numero": "210", "tipo__sigla": "OFEXP", "tipo__descricao": "Of\u00edcio Expedido", "assunto": "Solicita informa\u00e7\u00f5es a respeito de projetos de lei aprovadas que abordem a regulariza\u00e7\u00e3o das faixas de dom\u00ednio da prefeitura"}, {"id": "7398", "ano": "2023", "numero": "210", "tipo__sigla": "OR", "tipo__descricao": "OF\u00cdCIOS RECEBIDOS", "assunto": "Responde indica\u00e7\u00f5es 048, 049 e 050 do vereador Luiz Felipe Mendon\u00e7a Rodrigues"}, {"id": "7408", "ano": "2023", "numero": "210", "tipo__sigla": "DI", "tipo__descricao": "Di\u00e1rias e documentos relativos", "assunto": "Relat\u00f3rio  e presta\u00e7\u00e3o de contas Vitor Donizetti Siqueira Junior  (Belo Horizonte 12/12/2023 a 15/12/2023)"}, {"id": "7127", "ano": "2023", "numero": "211", "tipo__sigla": "OFEXP", "tipo__descricao": "Of\u00edcio Expedido", "assunto": "Encaminha a Lei 1.722 de 24 de outubro de 2023."}, {"id": "7399", "ano": "2023", "numero": "211", "tipo__sigla": "OR", "tipo__descricao": "OF\u00cdCIOS RECEBIDOS", "assunto": "Responde indica\u00e7\u00f5es 057, 058 e requerimento 014 do vereador Ezequiel da Silva"}, {"id": "7409", "ano": "2023", "numero": "211", "tipo__sigla": "DI", "tipo__descricao": "Di\u00e1rias e documentos relativos", "assunto": "Relat\u00f3rio  e presta\u00e7\u00e3o de contas Maria Aparecida de Ara\u00fajo Reis  (Belo Horizonte 12/12/2023 a 15/12/2023)"}, {"id": "7142", "ano": "2023", "numero": "212", "tipo__sigla": "OFEXP", "tipo__descricao": "Of\u00edcio Expedido", "assunto": "Encaminha indica\u00e7\u00f5es 44 e 45 do vereador Luiz Felipe, indica\u00e7\u00e3o 018 do vereador Ezequiel e of\u00edcio 02 do vereador Ezequiel"}, {"id": "7412", "ano": "2023", "numero": "212", "tipo__sigla": "DI", "tipo__descricao": "Di\u00e1rias e documentos relativos", "assunto": "Relat\u00f3rio  e presta\u00e7\u00e3o de contas Ruiter Silva De Oliveira  (Belo Horizonte 13/12/2023 a 15/12/2023)"}, {"id": "7413", "ano": "2023", "numero": "212", "tipo__sigla": "OR", "tipo__descricao": "OF\u00cdCIOS RECEBIDOS", "assunto": "Responde requerimentos 001 e 002 dos vereadores Vitor Donizetti Siqueira Junior e Jackson"}, {"id": "7155", "ano": "2023", "numero": "213", "tipo__sigla": "OFEXP", "tipo__descricao": "Of\u00edcio Expedido", "assunto": "Encaminha reda\u00e7\u00e3o final do projeto aprovado na 32\u00aa reuni\u00e3o ordin\u00e1ria"}, {"id": "7418", "ano": "2023", "numero": "213", "tipo__sigla": "DI", "tipo__descricao": "Di\u00e1rias e documentos relativos", "assunto": "Relat\u00f3rio e presta\u00e7\u00e3o de contas Ruiter Silva de Oliveira (Belo Horizonte- 13 a 15 de Dezembro)"}, {"id": "7449", "ano": "2023", "numero": "213", "tipo__sigla": "OR", "tipo__descricao": "OF\u00cdCIOS RECEBIDOS", "assunto": "Resposta indica\u00e7\u00e3o 020 Jackson Luiz Ven\u00e2ncio de Souza"}, {"id": "7160", "ano": "2023", "numero": "214", "tipo__sigla": "OFEXP", "tipo__descricao": "Of\u00edcio Expedido", "assunto": "Encaminha indica\u00e7\u00f5es 041, 042 e 043 do vereador Luiz Felipe Mendon\u00e7a Rodrigues"}, {"id": "7419", "ano": "2023", "numero": "214", "tipo__sigla": "DI", "tipo__descricao": "Di\u00e1rias e documentos relativos", "assunto": "Relat\u00f3rio e presta\u00e7\u00e3o de contas Walter Silva  (Belo Horizonte- 13 a 15 de Dezembro)"}, {"id": "7450", "ano": "2023", "numero": "214", "tipo__sigla": "OR", "tipo__descricao": "OF\u00cdCIOS RECEBIDOS", "assunto": "Resposta of\u00edcio vereador Vitor Donizetti Siqueira Junior"}, {"id": "7161", "ano": "2023", "numero": "215", "tipo__sigla": "OFEXP", "tipo__descricao": "Of\u00edcio Expedido", "assunto": "Encaminha a indica\u00e7\u00e3o 019 feita pelo vereador Jackson Luiz Ven\u00e2ncio de Souza"}, {"id": "7420", "ano": "2023", "numero": "215", "tipo__sigla": "DI", "tipo__descricao": "Di\u00e1rias e documentos relativos", "assunto": "Relat\u00f3rio e presta\u00e7\u00e3o de contas Alanis Carolina de Oliveira Moreira  (Belo Horizonte- 13 a 15 de Dezembro)"}, {"id": "7451", "ano": "2023", "numero": "215", "tipo__sigla": "OR", "tipo__descricao": "OF\u00cdCIOS RECEBIDOS", "assunto": "Solicita espa\u00e7o do plen\u00e1rio para diploma\u00e7\u00e3o dos conselheiros tutelares 10 de dezembro"}, {"id": "7162", "ano": "2023", "numero": "216", "tipo__sigla": "OFEXP", "tipo__descricao": "Of\u00edcio Expedido", "assunto": "Encaminha o requerimento 013 do vereador Vitor Donizetti Siqueira Junior"}, {"id": "7421", "ano": "2023", "numero": "216", "tipo__sigla": "DI", "tipo__descricao": "Di\u00e1rias e documentos relativos", "assunto": "Relat\u00f3rio e presta\u00e7\u00e3o de contas Laidia Mesquita de Sousa (Belo Horizonte- 13 a 15 de Dezembro)"}, {"id": "7163", "ano": "2023", "numero": "217", "tipo__sigla": "OFEXP", "tipo__descricao": "Of\u00edcio Expedido", "assunto": "Encaminha indica\u00e7\u00f5es 46 e 47 do vereador Luiz Felipe Mendon\u00e7a Rodrigues"}, {"id": "7422", "ano": "2023", "numero": "217", "tipo__sigla": "DI", "tipo__descricao": "Di\u00e1rias e documentos relativos", "assunto": "Relat\u00f3rio e presta\u00e7\u00e3o de contas Felipe Tom\u00e9 Mota e Silva  (Belo Horizonte- 13 a 15 de Dezembro)"}, {"id": "7165", "ano": "2023", "numero": "218", "tipo__sigla": "OFEXP", "tipo__descricao": "Of\u00edcio Expedido", "assunto": "Encaminha as indica\u00e7\u00f5es 51 e 52 do vereador Vitor Donizetti Siqueira Junior"}, {"id": "7429", "ano": "2023", "numero": "218", "tipo__sigla": "DI", "tipo__descricao": "Di\u00e1rias e documentos relativos", "assunto": "Relat\u00f3rio e presta\u00e7\u00e3o de contas Luiz Felipe Mendon\u00e7a Rodrigues (Belo Horizonte- 12/12/2023 a 15/12/2023)"}, {"id": "7175", "ano": "2023", "numero": "219", "tipo__sigla": "OFEXP", "tipo__descricao": "Of\u00edcio Expedido", "assunto": "Solicita esclarecimentos e provid\u00eancias em rela\u00e7\u00e3o aos projetos 49, 59, 60 de 2023"}, {"id": "7196", "ano": "2023", "numero": "220", "tipo__sigla": "OFEXP", "tipo__descricao": "Of\u00edcio Expedido", "assunto": "Comunicado \u00e0 contabilidade para elabora\u00e7\u00e3o do aviso de f\u00e9rias da servidora Kainne Delfino Joanas."}, {"id": "7197", "ano": "2023", "numero": "221", "tipo__sigla": "OFEXP", "tipo__descricao": "Of\u00edcio Expedido", "assunto": "Encaminhem os projetos aprovados na 34\u00aa reuni\u00e3o ordin\u00e1ria e 10\u00aa reuni\u00e3o extraordin\u00e1ria."}, {"id": "7200", "ano": "2023", "numero": "222", "tipo__sigla": "OFEXP", "tipo__descricao": "Of\u00edcio Expedido", "assunto": "Solicita guia de pagamento no valor de R$ 2.332,05."}, {"id": "7203", "ano": "2023", "numero": "223", "tipo__sigla": "OFEXP", "tipo__descricao": "Of\u00edcio Expedido", "assunto": "Solicita guia de pagamento R$ 1.895,75."}, {"id": "7204", "ano": "2023", "numero": "224", "tipo__sigla": "OFEXP", "tipo__descricao": "Of\u00edcio Expedido", "assunto": "Solicita emiss\u00e3o de guia de pagamento no valor de R$ 25,16."}, {"id": "7205", "ano": "2023", "numero": "225", "tipo__sigla": "OFEXP", "tipo__descricao": "Of\u00edcio Expedido", "assunto": "Solicita elabora\u00e7\u00e3o de comunicado de f\u00e9rias ao servidor Emerson Silva Ara\u00fajo."}, {"id": "7206", "ano": "2023", "numero": "226", "tipo__sigla": "OFEXP", "tipo__descricao": "Of\u00edcio Expedido", "assunto": "Solicita elabora\u00e7\u00e3o de comunicado de f\u00e9rias ao servidor Cleber de Brito."}, {"id": "7207", "ano": "2023", "numero": "227", "tipo__sigla": "OFEXP", "tipo__descricao": "Of\u00edcio Expedido", "assunto": "Solicita elabora\u00e7\u00e3o de comunicado de f\u00e9rias ao servidor Felipe Tom\u00e9 Mota e Silva."}, {"id": "7210", "ano": "2023", "numero": "228", "tipo__sigla": "OFEXP", "tipo__descricao": "Of\u00edcio Expedido", "assunto": "Solicita informa\u00e7\u00f5es sobre o ve\u00edculo do legislativo."}, {"id": "7215", "ano": "2023", "numero": "229", "tipo__sigla": "OFEXP", "tipo__descricao": "Of\u00edcio Expedido", "assunto": "encaminha projeto de lei aprovado na 9\u00aa reuni\u00e3o extraordin\u00e1ria"}, {"id": "7226", "ano": "2023", "numero": "230", "tipo__sigla": "OFEXP", "tipo__descricao": "Of\u00edcio Expedido", "assunto": "Encaminha as indica\u00e7\u00f5es 53, 54, 55 e 56 do vereador Vitor Donizetti Siqueira Junior"}, {"id": "7227", "ano": "2023", "numero": "231", "tipo__sigla": "OFEXP", "tipo__descricao": "Of\u00edcio Expedido", "assunto": "Encaminha a indica\u00e7\u00e3o 019 do vereador Ezequiel da Silva"}, {"id": "7228", "ano": "2023", "numero": "232", "tipo__sigla": "OFEXP", "tipo__descricao": "Of\u00edcio Expedido", "assunto": "Encaminha as indica\u00e7\u00f5es 048, 049 e 050 feitas pelo vereador Luiz Felipe Mendon\u00e7a Rodrigues"}, {"id": "7239", "ano": "2023", "numero": "233", "tipo__sigla": "OFEXP", "tipo__descricao": "Of\u00edcio Expedido", "assunto": "Solicita provid\u00eancias do setor de contabilidade quanto ao direito \u00e0 licen\u00e7a pr\u00eamio do servidor Ruiter Silva de Oliveira"}, {"id": "7246", "ano": "2023", "numero": "234", "tipo__sigla": "OFEXP", "tipo__descricao": "Of\u00edcio Expedido", "assunto": "Solicita documenta\u00e7\u00e3o e informa\u00e7\u00f5es a respeito do projeto de lei ordin\u00e1ria n\u00ba 49 de 2023"}, {"id": "7252", "ano": "2023", "numero": "235", "tipo__sigla": "OFEXP", "tipo__descricao": "Of\u00edcio Expedido", "assunto": "Encaminha projetos aprovados na 35\u00aa reuni\u00e3o ordin\u00e1ria"}, {"id": "7253", "ano": "2023", "numero": "236", "tipo__sigla": "OFEXP", "tipo__descricao": "Of\u00edcio Expedido", "assunto": "Solicita que seja adicionado saldo em  ficha e anulado saldo em ficha or\u00e7ament\u00e1ria"}, {"id": "7254", "ano": "2023", "numero": "237", "tipo__sigla": "OFEXP", "tipo__descricao": "Of\u00edcio Expedido", "assunto": "Solicita que seja adicionado saldo em  ficha e anulado saldo em ficha or\u00e7ament\u00e1ria"}, {"id": "7256", "ano": "2023", "numero": "238", "tipo__sigla": "OFEXP", "tipo__descricao": "Of\u00edcio Expedido", "assunto": "Encaminha as indica\u00e7\u00f5es 057 e 058 e o requerimento 014 do vereador Vitor Donizetti Siqueira Junior"}, {"id": "7337", "ano": "2023", "numero": "239", "tipo__sigla": "OFEXP", "tipo__descricao": "Of\u00edcio Expedido", "assunto": "Solicita emiss\u00e3o de guia de pagamento referente aos rendimentos de aplica\u00e7\u00e3o auferidos em novembro"}, {"id": "7338", "ano": "2023", "numero": "240", "tipo__sigla": "OFEXP", "tipo__descricao": "Of\u00edcio Expedido", "assunto": "Solicita emiss\u00e3o de guia de pagamento de IRRF do m\u00eas de novembro"}, {"id": "7339", "ano": "2023", "numero": "241", "tipo__sigla": "OFEXP", "tipo__descricao": "Of\u00edcio Expedido", "assunto": "Solicita emiss\u00e3o de guia de pagamento referente ao IRRF dos fornecedores do m\u00eas de novembro"}, {"id": "7347", "ano": "2023", "numero": "242", "tipo__sigla": "OFEXP", "tipo__descricao": "Of\u00edcio Expedido", "assunto": "Encaminha os projetos aprovados na 11\u00aa reuni\u00e3o extraordin\u00e1ria"}, {"id": "7348", "ano": "2023", "numero": "243", "tipo__sigla": "OFEXP", "tipo__descricao": "Of\u00edcio Expedido", "assunto": "Solicita que seja adicionado saldo em ficha or\u00e7ament\u00e1ria e anulado saldo em ficha"}, {"id": "7358", "ano": "2023", "numero": "244", "tipo__sigla": "OFEXP", "tipo__descricao": "Of\u00edcio Expedido", "assunto": "Solicita que seja adicionado saldo or\u00e7ament\u00e1rio e anulado saldo or\u00e7ament\u00e1ria em fichas"}, {"id": "7359", "ano": "2023", "numero": "245", "tipo__sigla": "OFEXP", "tipo__descricao": "Of\u00edcio Expedido", "assunto": "Reten\u00e7\u00e3o de IRRF copasa"}, {"id": "7360", "ano": "2023", "numero": "246", "tipo__sigla": "OFEXP", "tipo__descricao": "Of\u00edcio Expedido", "assunto": "Convoca os servidores Alanis, Isabela, Laidia e Ruiter para sess\u00e3o solene 15/12/2023 18h"}, {"id": "7361", "ano": "2023", "numero": "248", "tipo__sigla": "OFEXP", "tipo__descricao": "Of\u00edcio Expedido", "assunto": "Convoca contadora legislativa para exerc\u00edcio das suas atividades no per\u00edodo vespertino"}, {"id": "7380", "ano": "2023", "numero": "249", "tipo__sigla": "OFEXP", "tipo__descricao": "Of\u00edcio Expedido", "assunto": "Encaminha indica\u00e7\u00f5es 051 a 057 do vereador Luiz Felipe Mendon\u00e7a Rodrigues"}, {"id": "7381", "ano": "2023", "numero": "250", "tipo__sigla": "OFEXP", "tipo__descricao": "Of\u00edcio Expedido", "assunto": "Encaminha as indica\u00e7\u00f5es 020 a 022 do vereador Ezequiel da Silva"}, {"id": "7382", "ano": "2023", "numero": "251", "tipo__sigla": "OFEXP", "tipo__descricao": "Of\u00edcio Expedido", "assunto": "Encaminha o requerimento 001 feito pelo vereador Vitor Donizetti Siqueira Junior"}, {"id": "7378", "ano": "2023", "numero": "252", "tipo__sigla": "OFEXP", "tipo__descricao": "Of\u00edcio Expedido", "assunto": "Encaminha projetos de lei aprovados na 37\u00aa reuni\u00e3o ordin\u00e1ria"}, {"id": "7384", "ano": "2023", "numero": "253", "tipo__sigla": "OFEXP", "tipo__descricao": "Of\u00edcio Expedido", "assunto": "Encaminha para publica\u00e7\u00e3o os extratos de inexigibilidade 22 e 23"}, {"id": "7383", "ano": "2023", "numero": "254", "tipo__sigla": "OFEXP", "tipo__descricao": "Of\u00edcio Expedido", "assunto": "Encaminha para publica\u00e7\u00e3o extrato de dispensa 15/2023"}, {"id": "7423", "ano": "2023", "numero": "255", "tipo__sigla": "OFEXP", "tipo__descricao": "Of\u00edcio Expedido", "assunto": "Encaminha para publica\u00e7\u00e3o extrato de dispensa 16 de 2023"}, {"id": "7424", "ano": "2023", "numero": "256", "tipo__sigla": "OFEXP", "tipo__descricao": "Of\u00edcio Expedido", "assunto": "Encaminha a indica\u00e7\u00e3o 020 do vereador Jackson Luiz Ven\u00e2ncio de Souza"}, {"id": "7426", "ano": "2023", "numero": "257", "tipo__sigla": "OFEXP", "tipo__descricao": "Of\u00edcio Expedido", "assunto": "solicita provid\u00eancias relativas a publica\u00e7\u00e3o de decretos contabeis"}, {"id": "7436", "ano": "2023", "numero": "258", "tipo__sigla": "OFEXP", "tipo__descricao": "Of\u00edcio Expedido", "assunto": "Encaminha projetos de lei aprovados na 38\u00aa reuni\u00e3o ordin\u00e1ria"}, {"id": "7437", "ano": "2023", "numero": "259", "tipo__sigla": "OFEXP", "tipo__descricao": "Of\u00edcio Expedido", "assunto": "Solicita ao setor de tributa\u00e7\u00e3o que seja emitida uma guia de IRRF referente a folha de 13\u00ba sal\u00e1rio"}, {"id": "7438", "ano": "2023", "numero": "260", "tipo__sigla": "OFEXP", "tipo__descricao": "Of\u00edcio Expedido", "assunto": "solicita ao setor de tributa\u00e7\u00e3o que seja emitida guia referente a IRRF de fornecedores"}, {"id": "7439", "ano": "2023", "numero": "261", "tipo__sigla": "OFEXP", "tipo__descricao": "Of\u00edcio Expedido", "assunto": "solicita ao setor de tributa\u00e7\u00e3o que seja emitida guia referente a IRRF da folha de dezembro"}, {"id": "7442", "ano": "2023", "numero": "262", "tipo__sigla": "OFEXP", "tipo__descricao": "Of\u00edcio Expedido", "assunto": "solicita ao setor de tributa\u00e7\u00e3o que seja emitida guia de pagamento no valor de R$268,15 (duzentos e sessenta e oito reais e quinze centavos)"}, {"id": "7444", "ano": "2023", "numero": "263", "tipo__sigla": "OFEXP", "tipo__descricao": "Of\u00edcio Expedido", "assunto": "Convoca reuni\u00e3o extraordin\u00e1ria 29/12/2023,  Projeto de lei complementar 16 de 2023"}, {"id": "7445", "ano": "2023", "numero": "264", "tipo__sigla": "OFEXP", "tipo__descricao": "Of\u00edcio Expedido", "assunto": "Encaminha a reda\u00e7\u00e3o final do projeto de lei aprovado na 12\u00aa reuni\u00e3o extraordin\u00e1ria."}, {"id": "7446", "ano": "2023", "numero": "265", "tipo__sigla": "OFEXP", "tipo__descricao": "Of\u00edcio Expedido", "assunto": "Informa que no dia 28/12/2023 foi transfer\u00eancia referente aos rendimentos de aplica\u00e7\u00e3o em conta"}, {"id": "7447", "ano": "2023", "numero": "266", "tipo__sigla": "OFEXP", "tipo__descricao": "Of\u00edcio Expedido", "assunto": "Informa que no dia 28/12/2023 foi realizada uma transfer\u00eancia referente \u00e0 devolu\u00e7\u00e3o do duod\u00e9cimo do exerc\u00edcio 2023"}, {"id": "7453", "ano": "2024", "numero": "1", "tipo__sigla": "REDF", "tipo__descricao": "Reda\u00e7\u00e3o Final", "assunto": "Reda\u00e7\u00e3o Final do Projeto de Lei Complementar n\u00ba 16, de 12 de dezembro de 2023"}, {"id": "7454", "ano": "2024", "numero": "1", "tipo__sigla": "DA", "tipo__descricao": "Documento Avulso", "assunto": "Documenta\u00e7\u00e3o de posse Kainne Delfino Joanas 2024 (atestado admissional, declara\u00e7\u00f5es e atestados diversos)"}, {"id": "7455", "ano": "2024", "numero": "1", "tipo__sigla": "AT", "tipo__descricao": "ATESTADO", "assunto": "Atestado de cumprimento de requisitos legais para posse Kainne"}, {"id": "7456", "ano": "2024", "numero": "1", "tipo__sigla": "REV", "tipo__descricao": "Relat\u00f3rios de rodagem do ve\u00edculo e outros", "assunto": "Santana da Vargem (02/01/2024)"}, {"id": "7457", "ano": "2024", "numero": "1", "tipo__sigla": "OCI", "tipo__descricao": "Of\u00edcios da Controladoria Interna", "assunto": "Oficio da Controladoria Interna 01/2024 - Solicita\u00e7\u00e3o de Resposta do Oficio 39/2023 - Publica\u00e7\u00e3o dos decretos de suplementa\u00e7\u00e3o de dota\u00e7\u00e3o\r\nDestinat\u00e1rio: Sr. Ex Presidente Carlos Cezar Ribeiro"}, {"id": "7458", "ano": "2024", "numero": "1", "tipo__sigla": "OR", "tipo__descricao": "OF\u00cdCIOS RECEBIDOS", "assunto": "Encaminha os balancetes de receitas e despesas referentes ao m\u00eas de novembro de 2023"}, {"id": "7459", "ano": "2024", "numero": "1", "tipo__sigla": "JUST", "tipo__descricao": "Justificativas", "assunto": "Autoriza\u00e7\u00e3o para jornada divergente"}, {"id": "7460", "ano": "2024", "numero": "1", "tipo__sigla": "DD", "tipo__descricao": "Documentos da Diretoria", "assunto": "Relat\u00f3rio mensais - Janeiro 2023 a Maio 2023"}, {"id": "7463", "ano": "2024", "numero": "1", "tipo__sigla": "DPA", "tipo__descricao": "Documento de Processo Administrativo", "assunto": "Solicita calculo da margem de lucro"}, {"id": "7466", "ano": "2024", "numero": "1", "tipo__sigla": "PARE", "tipo__descricao": "PARECER", "assunto": "Realinhamento de pre\u00e7o - Combust\u00edvel"}, {"id": "7467", "ano": "2024", "numero": "1", "tipo__sigla": "OFEXP", "tipo__descricao": "Of\u00edcio Expedido", "assunto": "Convidar o Sr. Prefeito para a Sess\u00e3o Solene de Inaugura\u00e7\u00e3o da Sess\u00e3o Legislativa Anual, que ocorrer\u00e1 \u00e0s 09:00 do dia 01 de fevereiro de 2024 no Plen\u00e1rio da C\u00e2mara Municipal de Santana da Vargem."}, {"id": "7468", "ano": "2024", "numero": "1", "tipo__sigla": "OVC", "tipo__descricao": "Of\u00edcio de Vereador/Comiss\u00e3o", "assunto": "Solicita abertura de processo para contrata\u00e7\u00e3o de curso e solicita a inscri\u00e7\u00e3o no curso"}, {"id": "7469", "ano": "2024", "numero": "1", "tipo__sigla": "DI", "tipo__descricao": "Di\u00e1rias e documentos relativos", "assunto": "Requisi\u00e7\u00e3o de di\u00e1rias a Belo Horizonte, 06-09/02/2024"}, {"id": "7475", "ano": "2024", "numero": "1", "tipo__sigla": "RCI", "tipo__descricao": "Relat\u00f3rios da Controladoria Interna", "assunto": "Relat\u00f3rio Anual da Controladoria Interna - Jan a Dez/2023"}, {"id": "7476", "ano": "2024", "numero": "1", "tipo__sigla": "MEM", "tipo__descricao": "Memorando", "assunto": "Of\u00edcio secret\u00e1ria legislativa solicita que seja postergado os dez dias iniciais de f\u00e9rias referentes ao per\u00edodo aquisitivo 2022/2023"}, {"id": "7482", "ano": "2024", "numero": "1", "tipo__sigla": "DRF", "tipo__descricao": "Documentos Relativos a F\u00e9rias", "assunto": "Aviso de F\u00e9rias Cleber de Brito per\u00edodo de gozo 19/02/2024 a 28/02/2024"}, {"id": "7494", "ano": "2024", "numero": "1", "tipo__sigla": "DDCI", "tipo__descricao": "Documentos Diversos da Controladoria Interna", "assunto": "PARECER DA CONTROLADORIA INTERNA N.\u00ba 01/2024 \r\nASSUNTO : Projeto de Lei Ordin\u00e1ria do Legislativo n.\u00ba 013 de 30 de novembro de 2023 \u2013 Disp\u00f5es sobre a isen\u00e7\u00e3o do Imposto sobre a propriedade Predial e Territorial Urbana \u2013 IPTU para pessoa do munic\u00edpio que esteja em tratamento de hemodi\u00e1lise."}, {"id": "7496", "ano": "2024", "numero": "1", "tipo__sigla": "COMDE", "tipo__descricao": "COMUNICADO/DESPACHO", "assunto": "Convoca para reuni\u00e3o ordin\u00e1ria as 18 horas do dia 12 de fevereiro de 2024 as 18 horas"}, {"id": "7500", "ano": "2024", "numero": "1", "tipo__sigla": "AAPOS", "tipo__descricao": "Atas de audi\u00eancia p\u00fablica e outras sess\u00f5es", "assunto": "Ata da reuni\u00e3o de inaugura\u00e7\u00e3o da 4\u00aa Sess\u00e3o Legislativa da 15\u00aa Legislatura"}, {"id": "7503", "ano": "2024", "numero": "1", "tipo__sigla": "DMP", "tipo__descricao": "Documentos de tribunais e do Minist\u00e9rio P\u00fablico", "assunto": "Sistema Eleitoral 2024. Alimenta\u00e7\u00e3o da base de dados ( Candidatos potencialmente ineleg\u00edveis )"}, {"id": "7509", "ano": "2024", "numero": "1", "tipo__sigla": "CERT", "tipo__descricao": "CERTIFICADO", "assunto": "Certifica que Cleber de Brito participou do curso: Casos Pr\u00e1ticos: EFD-REINF: Eventos da s\u00e9rie 4000 e o fim da DIRF"}, {"id": "7515", "ano": "2024", "numero": "1", "tipo__sigla": "DEC", "tipo__descricao": "Declara\u00e7\u00e3o", "assunto": "Declara\u00e7\u00e3o"}, {"id": "7529", "ano": "2024", "numero": "1", "tipo__sigla": "ARO", "tipo__descricao": "ATAS DAS REUNI\u00d5ES ORDIN\u00c1RIAS", "assunto": "Ata da 1\u00aa reuni\u00e3o ordin\u00e1ria da 4\u00aa sess\u00e3o legislativa da C\u00e2mara Municipal de Santana da Vargem"}, {"id": "7534", "ano": "2024", "numero": "1", "tipo__sigla": "OFP", "tipo__descricao": "Of\u00edcio da Procuradoria", "assunto": "Solicita\u00e7\u00e3o de f\u00e9rias - 10 dias."}, {"id": "7539", "ano": "2024", "numero": "1", "tipo__sigla": "ODC", "tipo__descricao": "Of\u00edcio/documento Cont\u00e1bil", "assunto": "Estimativa do impacto or\u00e7ament\u00e1rio financeiro"}, {"id": "7558", "ano": "2024", "numero": "1", "tipo__sigla": "AREO", "tipo__descricao": "ATAS DAS REUNI\u00d5ES EXTRAORDIN\u00c1RIAS", "assunto": "Ata da 1\u00aa Reuni\u00e3o Extraordin\u00e1ria da 4\u00aa Sess\u00e3o Legislativa da 15\u00aa Legislatura da C\u00e2mara Municipal de Santana da Vargem"}, {"id": "7577", "ano": "2024", "numero": "1", "tipo__sigla": "IN", "tipo__descricao": "Instru\u00e7\u00e3o Normativa", "assunto": "Instru\u00e7\u00e3o Normativa 01/2024- Normatiza as Contrata\u00e7\u00f5es por Dispensa de Licita\u00e7\u00f5es e Inexigibilidades que trata a Lei Federal n.\u00ba 14.133/2021, no \u00e2mbito da C\u00e2mara Municipal de Santana da Vargem- Minas Gerais"}, {"id": "7637", "ano": "2024", "numero": "1", "tipo__sigla": "MCL", "tipo__descricao": "Memorando da Comiss\u00e3o de Licita\u00e7\u00e3o", "assunto": "Formaliza\u00e7\u00e3o de demandas relacionadas aos Servi\u00e7os de Telefonia Fixa da C\u00e2mara Municipal"}, {"id": "8324", "ano": "2024", "numero": "1", "tipo__sigla": "ATACP", "tipo__descricao": "Ata das Comiss\u00f5es Permanentes", "assunto": "Ata da reuni\u00e3o da comiss\u00e3o de finan\u00e7as e or\u00e7amento, 22 de agosto de 2024"}, {"id": "8335", "ano": "2024", "numero": "1", "tipo__sigla": "CO", "tipo__descricao": "Convite", "assunto": "convida para hasteamento da bandeira, 07 de Setembro"}, {"id": "8469", "ano": "2024", "numero": "1", "tipo__sigla": "OLIC", "tipo__descricao": "Of\u00edcio de Licita\u00e7\u00e3o", "assunto": "Solicita\u00e7\u00e3o de Parecer Jur\u00eddico e do Controle Interno para Processo Administrativo de Contrata\u00e7\u00e3o de Empresa para Revis\u00e3o de Ve\u00edculo Oficial"}, {"id": "8637", "ano": "2024", "numero": "1", "tipo__sigla": "CHPA", "tipo__descricao": "CHAPA DE COMPOSI\u00c7\u00c3O DA MESA DIRETORA", "assunto": "COMPOSI\u00c7\u00c3O CHAPA 01 PARA MESA DIRETORA DO ANO DE 2025"}, {"id": "7461", "ano": "2024", "numero": "2", "tipo__sigla": "OR", "tipo__descricao": "OF\u00cdCIOS RECEBIDOS", "assunto": "Convite para a posse e diploma\u00e7\u00e3o dos eleitos do conselho tutelar"}, {"id": "7464", "ano": "2024", "numero": "2", "tipo__sigla": "AT", "tipo__descricao": "ATESTADO", "assunto": "Atestado 15 dias"}, {"id": "7470", "ano": "2024", "numero": "2", "tipo__sigla": "OVC", "tipo__descricao": "Of\u00edcio de Vereador/Comiss\u00e3o", "assunto": "Solicita emenda parlamentar para aquisi\u00e7\u00e3o de veiculo para a a APAE"}, {"id": "7471", "ano": "2024", "numero": "2", "tipo__sigla": "OCI", "tipo__descricao": "Of\u00edcios da Controladoria Interna", "assunto": "Relat\u00f3rio Anual ref. a 2023  - Presidente"}, {"id": "7477", "ano": "2024", "numero": "2", "tipo__sigla": "DI", "tipo__descricao": "Di\u00e1rias e documentos relativos", "assunto": "Requisi\u00e7\u00e3o de di\u00e1rias Vitor Donizetti Siqueira Junior (Bras\u00edlia- 05/02/2023 a 08/02/2023)"}, {"id": "7478", "ano": "2024", "numero": "2", "tipo__sigla": "MEM", "tipo__descricao": "Memorando", "assunto": "Requerimento de f\u00e9rias Cleber de Brito 19 a 28 de fevereiro  e 18 a 27 de mar\u00e7o de 2024 (per\u00edodo aquisitivo 2022/2023)"}, {"id": "7481", "ano": "2024", "numero": "2", "tipo__sigla": "OFEXP", "tipo__descricao": "Of\u00edcio Expedido", "assunto": "Informa que as movimenta\u00e7\u00f5es or\u00e7ament\u00e1rias s\u00f3 poder\u00e3o ser realizadas ap\u00f3s a comprova\u00e7\u00e3o da publica\u00e7\u00e3o do Decreto Executivo autorizando"}, {"id": "7487", "ano": "2024", "numero": "2", "tipo__sigla": "DD", "tipo__descricao": "Documentos da Diretoria", "assunto": "Relat\u00f3rio Diretor"}, {"id": "7489", "ano": "2024", "numero": "2", "tipo__sigla": "REV", "tipo__descricao": "Relat\u00f3rios de rodagem do ve\u00edculo e outros", "assunto": "31/01/2024- Santana da Vargem"}, {"id": "7502", "ano": "2024", "numero": "2", "tipo__sigla": "JUST", "tipo__descricao": "Justificativas", "assunto": "Justificativa n\u00e3o marca\u00e7\u00e3o ponto eletr\u00f4nico Laidia 08/02/2023"}, {"id": "7505", "ano": "2024", "numero": "2", "tipo__sigla": "REDF", "tipo__descricao": "Reda\u00e7\u00e3o Final", "assunto": "Reda\u00e7\u00e3o final do projeto de lei complementar n\u00ba 15 de 28 de novembro de 2023"}, {"id": "7516", "ano": "2024", "numero": "2", "tipo__sigla": "PARE", "tipo__descricao": "PARECER", "assunto": "Parecer jur\u00eddico - Projeto de Lei Ordin\u00e1ria n\u00ba 02 - 2024 - Revis\u00e3o Geral Anual."}, {"id": "7521", "ano": "2024", "numero": "2", "tipo__sigla": "RCI", "tipo__descricao": "Relat\u00f3rios da Controladoria Interna", "assunto": "Relat\u00f3rio Mensal da Controladoria Interna ref. janeiro 2024"}, {"id": "7530", "ano": "2024", "numero": "2", "tipo__sigla": "ARO", "tipo__descricao": "ATAS DAS REUNI\u00d5ES ORDIN\u00c1RIAS", "assunto": "Ata da 2\u00aa reuni\u00e3o ordin\u00e1ria da 4\u00ba sess\u00e3o legislativa da 15\u00aa Legislatura da C\u00e2mara Municipal"}, {"id": "7535", "ano": "2024", "numero": "2", "tipo__sigla": "DDCI", "tipo__descricao": "Documentos Diversos da Controladoria Interna", "assunto": "Execu\u00e7\u00e3o Or\u00e7ament\u00e1ria e Financeira da C\u00e2mara Municipal - Nov/2023"}, {"id": "7541", "ano": "2024", "numero": "2", "tipo__sigla": "DEC", "tipo__descricao": "Declara\u00e7\u00e3o", "assunto": "Declara adequa\u00e7\u00e3o or\u00e7ament\u00e1ria e financeira- PL complementar do legislativo 001/2024"}, {"id": "7552", "ano": "2024", "numero": "2", "tipo__sigla": "DRF", "tipo__descricao": "Documentos Relativos a F\u00e9rias", "assunto": "Aviso de F\u00e9rias Ruiter Silva de Oliveira - 15/02/2024  a 24/02/2024"}, {"id": "7555", "ano": "2024", "numero": "2", "tipo__sigla": "ODC", "tipo__descricao": "Of\u00edcio/documento Cont\u00e1bil", "assunto": "Provid\u00eancias para horas extras servidor Emerson Silva Ara\u00fajo"}, {"id": "7571", "ano": "2024", "numero": "2", "tipo__sigla": "DA", "tipo__descricao": "Documento Avulso", "assunto": "Certid\u00e3o de \u00f3bito Francisco Afonso de Paula"}, {"id": "7601", "ano": "2024", "numero": "2", "tipo__sigla": "DPA", "tipo__descricao": "Documento de Processo Administrativo", "assunto": "Remete o processo n\u00famero 1/2024, inexigibilidade 1/2024  para o membro A da comiss\u00e3o de compras"}, {"id": "7602", "ano": "2024", "numero": "2", "tipo__sigla": "IN", "tipo__descricao": "Instru\u00e7\u00e3o Normativa", "assunto": "Instru\u00e7\u00e3o Normativa 02/2024 - Normatiza o tombamento, registro, incorpora\u00e7\u00e3o, movimenta\u00e7\u00e3o, doa\u00e7\u00e3o, controle, preserva\u00e7\u00e3o, invent\u00e1rio, cess\u00e3o e baixa de estoques e bens patrimoniais m\u00f3veis e im\u00f3veis da C\u00e2mara Municipal de Santana da Vargem- Minas Gerais."}, {"id": "7654", "ano": "2024", "numero": "2", "tipo__sigla": "CERT", "tipo__descricao": "CERTIFICADO", "assunto": "Certifica que Ronalthe Dayglas Rocha participou de 568\u00ba Curso de Capacita\u00e7\u00e3o com o tema \"As regras do processo legislativo e d\u00favidas de rotinas nas c\u00e2maras municipais\" realizado no per\u00edodo de 12 a 15 de mar\u00e7o de 2024"}, {"id": "7685", "ano": "2024", "numero": "2", "tipo__sigla": "OFP", "tipo__descricao": "Of\u00edcio da Procuradoria", "assunto": "Resposta ao of\u00edcio n\u00ba 05 \u2013 2024 do Setor Cont\u00e1bil."}, {"id": "7725", "ano": "2024", "numero": "2", "tipo__sigla": "COMDE", "tipo__descricao": "COMUNICADO/DESPACHO", "assunto": "Determina o pagamento de d\u00e9bitos relativos a presta\u00e7\u00e3o de servi\u00e7os de abastecimento de \u00e1gua, energia el\u00e9trica e telefonia fixa"}, {"id": "7748", "ano": "2024", "numero": "2", "tipo__sigla": "DMP", "tipo__descricao": "Documentos de tribunais e do Minist\u00e9rio P\u00fablico", "assunto": "Solicita informa\u00e7\u00f5es para instruir a A\u00e7\u00e3o Direta de Inconstitucionalidade n\u00ba 1.0000.24.147937-7/000"}, {"id": "7815", "ano": "2024", "numero": "2", "tipo__sigla": "AREO", "tipo__descricao": "ATAS DAS REUNI\u00d5ES EXTRAORDIN\u00c1RIAS", "assunto": "Ata da 2\u00aa reuni\u00e3o extraordin\u00e1ria da 4\u00aa sess\u00e3o legislativa da 15\u00aa legislatura da C\u00e2mara Municipal de Santana da Vargem"}, {"id": "8150", "ano": "2024", "numero": "2", "tipo__sigla": "AAPOS", "tipo__descricao": "Atas de audi\u00eancia p\u00fablica e outras sess\u00f5es", "assunto": "Ata de audi\u00eancia P\u00fablica do Legislativo 05 de Julho de 2024"}, {"id": "8392", "ano": "2024", "numero": "2", "tipo__sigla": "ATACP", "tipo__descricao": "Ata das Comiss\u00f5es Permanentes", "assunto": "Ata reuni\u00e3o Comiss\u00e3o de Servi\u00e7os P\u00fablicos 09/09/2024"}, {"id": "8506", "ano": "2024", "numero": "2", "tipo__sigla": "CO", "tipo__descricao": "Convite", "assunto": "Convite formatura Doralice Mendon\u00e7a Reis"}, {"id": "7462", "ano": "2024", "numero": "3", "tipo__sigla": "OR", "tipo__descricao": "OF\u00cdCIOS RECEBIDOS", "assunto": "Solicita o espa\u00e7o de reuni\u00f5es da C\u00e2mara Municipal na data do dia 17/01/2024"}, {"id": "7465", "ano": "2024", "numero": "3", "tipo__sigla": "AT", "tipo__descricao": "ATESTADO", "assunto": "Pedido de afastamento de 60 dias"}, {"id": "7472", "ano": "2024", "numero": "3", "tipo__sigla": "OCI", "tipo__descricao": "Of\u00edcios da Controladoria Interna", "assunto": "Relat\u00f3rio Anual ref. a 2023 - Ex - Presidente"}, {"id": "7479", "ano": "2024", "numero": "3", "tipo__sigla": "MEM", "tipo__descricao": "Memorando", "assunto": "Requerimento de Licen\u00e7a Pr\u00eamio, Cleber de Brito 01/04/2024 a 30/04/2024"}, {"id": "7483", "ano": "2024", "numero": "3", "tipo__sigla": "OFEXP", "tipo__descricao": "Of\u00edcio Expedido", "assunto": "Informa\u00e7\u00f5es a respeito do protocolo e tramita\u00e7\u00e3o dos projetos de lei nesta Casa Legislativa"}, {"id": "7484", "ano": "2024", "numero": "3", "tipo__sigla": "OVC", "tipo__descricao": "Of\u00edcio de Vereador/Comiss\u00e3o", "assunto": "Solicita destina\u00e7\u00e3o da emenda impositiva"}, {"id": "7490", "ano": "2024", "numero": "3", "tipo__sigla": "REV", "tipo__descricao": "Relat\u00f3rios de rodagem do ve\u00edculo e outros", "assunto": "31/02/2024- Santana da Vargem"}, {"id": "7495", "ano": "2024", "numero": "3", "tipo__sigla": "DI", "tipo__descricao": "Di\u00e1rias e documentos relativos", "assunto": "Pedido de prorroga\u00e7\u00e3o de di\u00e1rias para viagem a Bras\u00edlia"}, {"id": "7517", "ano": "2024", "numero": "3", "tipo__sigla": "PARE", "tipo__descricao": "PARECER", "assunto": "Parecer Jur\u00eddico - Projeto de Lei Ordin\u00e1ria do Legislativo n\u00ba 04 - 2024 - Altera a Lei que disp\u00f5e sobre a contrata\u00e7\u00e3o tempor\u00e1ria por excepcional interesse p\u00fablico no \u00e2mbito do Munic\u00edpio de Santana da Vargem."}, {"id": "7536", "ano": "2024", "numero": "3", "tipo__sigla": "DDCI", "tipo__descricao": "Documentos Diversos da Controladoria Interna", "assunto": "Execu\u00e7\u00e3o Or\u00e7ament\u00e1ria e Financeira da C\u00e2mara Municipal - Dez/2023"}, {"id": "7553", "ano": "2024", "numero": "3", "tipo__sigla": "DRF", "tipo__descricao": "Documentos Relativos a F\u00e9rias", "assunto": "Aviso de f\u00e9rias Emerson Silva Ara\u00fajo- 04/03/2024 a 13/03/2024"}, {"id": "7557", "ano": "2024", "numero": "3", "tipo__sigla": "ARO", "tipo__descricao": "ATAS DAS REUNI\u00d5ES ORDIN\u00c1RIAS", "assunto": "Ata da 3\u00aa Reuni\u00e3o Ordin\u00e1ria da 4\u00aa Sess\u00e3o Legislativa da 15\u00aa Legislatura da C\u00e2mara Municipal de Santana da Vargem"}, {"id": "7579", "ano": "2024", "numero": "3", "tipo__sigla": "ODC", "tipo__descricao": "Of\u00edcio/documento Cont\u00e1bil", "assunto": "Informa resultado da per\u00edcia da servidora Alanis Carolina de Oliveira Moreira"}, {"id": "7605", "ano": "2024", "numero": "3", "tipo__sigla": "DD", "tipo__descricao": "Documentos da Diretoria", "assunto": "Relat\u00f3rio Diretor"}, {"id": "7606", "ano": "2024", "numero": "3", "tipo__sigla": "DPA", "tipo__descricao": "Documento de Processo Administrativo", "assunto": "Remete processo de telefonia para membro A da comiss\u00e3o"}, {"id": "7633", "ano": "2024", "numero": "3", "tipo__sigla": "RCI", "tipo__descricao": "Relat\u00f3rios da Controladoria Interna", "assunto": "ASSUNTO: RELAT\u00d3RIO DA CONTROLADORIA INTERNA N.\u00ba 02\r\nPER\u00cdODO 01.02.2024 A 29.02.2024"}, {"id": "7653", "ano": "2024", "numero": "3", "tipo__sigla": "REDF", "tipo__descricao": "Reda\u00e7\u00e3o Final", "assunto": "Reda\u00e7\u00e3o final do projeto de lei 045 de 18 de agosto de 2023"}, {"id": "7655", "ano": "2024", "numero": "3", "tipo__sigla": "CERT", "tipo__descricao": "CERTIFICADO", "assunto": "Certifica Maria Aparecida de Ara\u00fajo Reis participou de 568\u00ba Curso de Capacita\u00e7\u00e3o com o tema \"As regras do processo legislativo e d\u00favidas de rotinas nas c\u00e2maras municipais\" realizado no per\u00edodo de 12 a 15 de mar\u00e7o de 2024"}, {"id": "7672", "ano": "2024", "numero": "3", "tipo__sigla": "DA", "tipo__descricao": "Documento Avulso", "assunto": "Documenta\u00e7\u00e3o Lucas Pereira Rabelo"}, {"id": "7674", "ano": "2024", "numero": "3", "tipo__sigla": "DEC", "tipo__descricao": "Declara\u00e7\u00e3o", "assunto": "Declara\u00e7\u00e3o de bens e valores Lucas Pereira Rabelo"}, {"id": "7715", "ano": "2024", "numero": "3", "tipo__sigla": "OFP", "tipo__descricao": "Of\u00edcio da Procuradoria", "assunto": "Complemento da resposta ao of\u00edcio 05 da Contabilidade"}, {"id": "7764", "ano": "2024", "numero": "3", "tipo__sigla": "JUST", "tipo__descricao": "Justificativas", "assunto": "Justificativa de n\u00e3o marca\u00e7\u00e3o de ponto Ruiter Silva de Oliveira (09/04/2024)"}, {"id": "7771", "ano": "2024", "numero": "3", "tipo__sigla": "COMDE", "tipo__descricao": "COMUNICADO/DESPACHO", "assunto": "Convoca para reuni\u00e3o extraordin\u00e1ria 15 de abril de 2024 as 20:00"}, {"id": "7845", "ano": "2024", "numero": "3", "tipo__sigla": "AREO", "tipo__descricao": "ATAS DAS REUNI\u00d5ES EXTRAORDIN\u00c1RIAS", "assunto": "Ata da 3\u00aa reuni\u00e3o extraordin\u00e1ria da 4\u00aa Sess\u00e3o Legislativa da 15\u00aa Legislatura da C\u00e2mara Municipal"}, {"id": "7854", "ano": "2024", "numero": "3", "tipo__sigla": "DMP", "tipo__descricao": "Documentos de tribunais e do Minist\u00e9rio P\u00fablico", "assunto": "Arquivamento de Not\u00edcia de Fato n.o MPMG-0694.22.000240-6 e solicita\u00e7\u00e3o de relat\u00f3rio com informa\u00e7\u00f5es"}, {"id": "7473", "ano": "2024", "numero": "4", "tipo__sigla": "OCI", "tipo__descricao": "Of\u00edcios da Controladoria Interna", "assunto": "Relat\u00f3rio Anual ref. a 2023 - Contadora"}, {"id": "7485", "ano": "2024", "numero": "4", "tipo__sigla": "MEM", "tipo__descricao": "Memorando", "assunto": "Solicita concess\u00e3o de um per\u00edodo de f\u00e9rias (fevereiro) e licen\u00e7a pr\u00eamio (mar\u00e7o)"}, {"id": "7488", "ano": "2024", "numero": "4", "tipo__sigla": "OR", "tipo__descricao": "OF\u00cdCIOS RECEBIDOS", "assunto": "Encaminha os balancetes de receitas e despesas referentes ao m\u00eas de dezembro de 2023"}, {"id": "7491", "ano": "2024", "numero": "4", "tipo__sigla": "REV", "tipo__descricao": "Relat\u00f3rios de rodagem do ve\u00edculo e outros", "assunto": "01/02/2024- Santana da Vargem"}, {"id": "7501", "ano": "2024", "numero": "4", "tipo__sigla": "DI", "tipo__descricao": "Di\u00e1rias e documentos relativos", "assunto": "Relat\u00f3rio e presta\u00e7\u00e3o de contas Vitor Donizetti Siqueira Junior (Bras\u00edlia 05/02/2024 a 08/02/2024)"}, {"id": "7504", "ano": "2024", "numero": "4", "tipo__sigla": "OFEXP", "tipo__descricao": "Of\u00edcio Expedido", "assunto": "Encaminha projetos aprovados na 1\u00aa reuni\u00e3o ordin\u00e1ria"}, {"id": "7514", "ano": "2024", "numero": "4", "tipo__sigla": "AT", "tipo__descricao": "ATESTADO", "assunto": "Atestado  referente ao per\u00edodo de 12h \u00e0s 18h do dia 15/02/2024"}, {"id": "7520", "ano": "2024", "numero": "4", "tipo__sigla": "PARE", "tipo__descricao": "PARECER", "assunto": "Parecer Jur\u00eddico - Projeto de Lei Complementar do Legislativo n\u00ba 01 - 2024 - Cria a comiss\u00e3o de compras no \u00e2mbito do Poder Legislativo."}, {"id": "7537", "ano": "2024", "numero": "4", "tipo__sigla": "DDCI", "tipo__descricao": "Documentos Diversos da Controladoria Interna", "assunto": "Execu\u00e7\u00e3o Or\u00e7ament\u00e1ria e Financeira da C\u00e2mara Municipal - Jan/2024"}, {"id": "7554", "ano": "2024", "numero": "4", "tipo__sigla": "DRF", "tipo__descricao": "Documentos Relativos a F\u00e9rias", "assunto": "Aviso de f\u00e9rias Felipe Tom\u00e9 Mota e Silva - 25/03/2024 a 03/04/2024"}, {"id": "7572", "ano": "2024", "numero": "4", "tipo__sigla": "OVC", "tipo__descricao": "Of\u00edcio de Vereador/Comiss\u00e3o", "assunto": "Solicita abertura de processo administrativo e inscri\u00e7\u00e3o no curso: \"Regras do Processo Legislativo e d\u00favidas de rotinas nas c\u00e2maras municipais"}, {"id": "7591", "ano": "2024", "numero": "4", "tipo__sigla": "ARO", "tipo__descricao": "ATAS DAS REUNI\u00d5ES ORDIN\u00c1RIAS", "assunto": "Ata da 4\u00aa reuni\u00e3o ordin\u00e1ria da 4\u00aa sess\u00e3o legislativa da 15\u00aa legislatura"}, {"id": "7607", "ano": "2024", "numero": "4", "tipo__sigla": "DPA", "tipo__descricao": "Documento de Processo Administrativo", "assunto": "Remete processo \u00e1gua e esgoto para membro A da comiss\u00e3o"}, {"id": "7628", "ano": "2024", "numero": "4", "tipo__sigla": "DD", "tipo__descricao": "Documentos da Diretoria", "assunto": "Of\u00edcio 01/2024 - Diretoria\r\nInforma termino do itens de panifica\u00e7\u00e3o"}, {"id": "7630", "ano": "2024", "numero": "4", "tipo__sigla": "ODC", "tipo__descricao": "Of\u00edcio/documento Cont\u00e1bil", "assunto": "Solicita autoriza\u00e7\u00e3o para pagamento de acr\u00e9scimo referente a t\u00edtulo de p\u00f3s gradua\u00e7\u00e3o"}, {"id": "7656", "ano": "2024", "numero": "4", "tipo__sigla": "CERT", "tipo__descricao": "CERTIFICADO", "assunto": "Certifica que Jackson Luiz Ven\u00e2ncio de Souza participou de 568\u00ba Curso de Capacita\u00e7\u00e3o com o tema \"As regras do processo legislativo e d\u00favidas de rotinas nas c\u00e2maras municipais\" realizado no per\u00edodo de 12 a 15 de mar\u00e7o de 2024"}, {"id": "7750", "ano": "2024", "numero": "4", "tipo__sigla": "OFP", "tipo__descricao": "Of\u00edcio da Procuradoria", "assunto": "Resposta ao of\u00edcio n\u00ba 08 - 2024 do Setor Cont\u00e1bil - Recebimento de Litig\u00e2ncia de M\u00e1-F\u00e9;"}, {"id": "7780", "ano": "2024", "numero": "4", "tipo__sigla": "DA", "tipo__descricao": "Documento Avulso", "assunto": "Certid\u00e3o de nascimento Leonardo Jos\u00e9 Barbosa"}, {"id": "7833", "ano": "2024", "numero": "4", "tipo__sigla": "REDF", "tipo__descricao": "Reda\u00e7\u00e3o Final", "assunto": "Reda\u00e7\u00e3o final do projeto de lei n\u00ba 044, de 19 de abril de 2024"}, {"id": "7861", "ano": "2024", "numero": "4", "tipo__sigla": "DMP", "tipo__descricao": "Documentos de tribunais e do Minist\u00e9rio P\u00fablico", "assunto": "DESPACHO DE ARQUIVAMENTO- Procedimento Administrativo MPMG- 0694.17.000599-55"}, {"id": "7893", "ano": "2024", "numero": "4", "tipo__sigla": "JUST", "tipo__descricao": "Justificativas", "assunto": "Justificativa de n\u00e3o marca\u00e7\u00e3o do ponto eletr\u00f4nico Wliane Aparecida Delc\u00eddio (10/05)"}, {"id": "7907", "ano": "2024", "numero": "4", "tipo__sigla": "DEC", "tipo__descricao": "Declara\u00e7\u00e3o", "assunto": "Declara\u00e7\u00e3o de bens imposto sobre renda- pessoa f\u00edsica Cleber de Brito"}, {"id": "8084", "ano": "2024", "numero": "4", "tipo__sigla": "AREO", "tipo__descricao": "ATAS DAS REUNI\u00d5ES EXTRAORDIN\u00c1RIAS", "assunto": "Ata da 4\u00aa reuni\u00e3o extraordin\u00e1ria da 4\u00aa sess\u00e3o legislativa da 15\u00aa legislatura da C\u00e2mara Municipal de Santana da Vargem"}, {"id": "8356", "ano": "2024", "numero": "4", "tipo__sigla": "COMDE", "tipo__descricao": "COMUNICADO/DESPACHO", "assunto": "Comunicado de altera\u00e7\u00e3o de anexos dos projetos de lei ordin\u00e1ria 65 e 66 de 2024"}, {"id": "8552", "ano": "2024", "numero": "4", "tipo__sigla": "RCI", "tipo__descricao": "Relat\u00f3rios da Controladoria Interna", "assunto": "ASSUNTO: RELAT\u00d3RIO DA CONTROLADORIA N.\u00ba 04\r\nPER\u00cdODO 01.04.2024 A 31.10.2024\r\n\r\n(...) Diante do exposto, esta Controladoria emite PARECER FAVOR\u00c1VEL, com RECOMENDA\u00c7\u00d5ES quanto \u00e0s informa\u00e7\u00f5es prestadas no RELAT\u00d3RIO MENSAL DA CONTROLADORIA, esta Controladoria Interna n\u00e3o vislumbrou ocorr\u00eancias relevantes que mere\u00e7am remessa deste relat\u00f3rio ao Tribunal de Contas do Estado, por\u00e9m o mesmo ser\u00e1 submetido \u00e0 an\u00e1lise do Chefe do Poder Legislativo para que proceda com as provid\u00eancias necess\u00e1rias.\r\n\r\nRessalto que as RECOMENDA\u00c7\u00d5ES descritas nesse relat\u00f3rio s\u00e3o OPINATIVAS apuradas conforme auditorias feitas, visto que, \u201cno exerc\u00edcio da fun\u00e7\u00e3o administrativa de controle, os entes e demais \u00f3rg\u00e3os p\u00fablicos devem assegurar de que a exist\u00eancia de erros e riscos potenciais devem ser devidamente controlados e monitorados atuando de forma preventiva, concomitante ou corretiva, al\u00e9m de prevalecer como instrumentos auxiliares de gest\u00e3o.\u201d (Cartilha de orienta\u00e7\u00f5es sobre o Controle Interno TCE_MG).\r\n\r\nEsta Controladoria n\u00e3o elide ou respalda irregularidades que porventura n\u00e3o sejam detectadas no \u00e2mbito do trabalho de an\u00e1lise, alheios ao relat\u00f3rio presente."}, {"id": "7474", "ano": "2024", "numero": "5", "tipo__sigla": "OCI", "tipo__descricao": "Of\u00edcios da Controladoria Interna", "assunto": "Relat\u00f3rio Anual ref. a 2023 - Procuradoria"}, {"id": "7486", "ano": "2024", "numero": "5", "tipo__sigla": "MEM", "tipo__descricao": "Memorando", "assunto": "Solicita participa\u00e7\u00e3o no curso \"Forma\u00e7\u00e3o de Agente de Contrata\u00e7\u00e3o, Pregoeiro e Equipe de apoio\" que ser\u00e1 realizado nos dias 28 de fevereiro a primeiro de mar\u00e7o"}, {"id": "7492", "ano": "2024", "numero": "5", "tipo__sigla": "REV", "tipo__descricao": "Relat\u00f3rios de rodagem do ve\u00edculo e outros", "assunto": "01/02/2023 - Santana da Vargem"}, {"id": "7506", "ano": "2024", "numero": "5", "tipo__sigla": "OFEXP", "tipo__descricao": "Of\u00edcio Expedido", "assunto": "Solicita que seja emitida guia de IRRF referente a folha de janeiro de 2024"}, {"id": "7518", "ano": "2024", "numero": "5", "tipo__sigla": "OR", "tipo__descricao": "OF\u00cdCIOS RECEBIDOS", "assunto": "Solicita informa\u00e7\u00f5es sobre a fixa\u00e7\u00e3o do n\u00famero de vereadores para a pr\u00f3xima legislatura"}, {"id": "7522", "ano": "2024", "numero": "5", "tipo__sigla": "PARE", "tipo__descricao": "PARECER", "assunto": "Parecer Jur\u00eddico - Projeto de Lei Ordin\u00e1ria do Legislativo n\u00ba 01 - 2024 -  Visa assegurar que os alunos de ensino fundamental tenham acesso a educa\u00e7\u00e3o financeira."}, {"id": "7548", "ano": "2024", "numero": "5", "tipo__sigla": "AT", "tipo__descricao": "ATESTADO", "assunto": "Atestado Medico"}, {"id": "7569", "ano": "2024", "numero": "5", "tipo__sigla": "DI", "tipo__descricao": "Di\u00e1rias e documentos relativos", "assunto": "Requisi\u00e7\u00e3o de di\u00e1rias Vitor Donizetti Siqueira Junior (Belo Horizonte, 12/03/2024 a 15/03/2024)"}, {"id": "7575", "ano": "2024", "numero": "5", "tipo__sigla": "OVC", "tipo__descricao": "Of\u00edcio de Vereador/Comiss\u00e3o", "assunto": "Solicita inscri\u00e7\u00e3o no curso: Regras do processo legislativo e d\u00favidas de rotinas nas c\u00e2maras municipais"}, {"id": "7580", "ano": "2024", "numero": "5", "tipo__sigla": "DRF", "tipo__descricao": "Documentos Relativos a F\u00e9rias", "assunto": "N\u00e3o concess\u00e3o das f\u00e9rias do servidor Ruiter Silva de Oliveira - superior interesse p\u00fablico"}, {"id": "7608", "ano": "2024", "numero": "5", "tipo__sigla": "DPA", "tipo__descricao": "Documento de Processo Administrativo", "assunto": "Remete processo de energia el\u00e9trica para membro A da comiss\u00e3o"}, {"id": "7620", "ano": "2024", "numero": "5", "tipo__sigla": "ARO", "tipo__descricao": "ATAS DAS REUNI\u00d5ES ORDIN\u00c1RIAS", "assunto": "Ata da 5\u00aa reuni\u00e3o ordin\u00e1ria de 4\u00aa sess\u00e3o legislativa da 15\u00aa legislatura"}, {"id": "7634", "ano": "2024", "numero": "5", "tipo__sigla": "DDCI", "tipo__descricao": "Documentos Diversos da Controladoria Interna", "assunto": "Balancete de Despesa.pdf  fevereiro 2024"}, {"id": "7640", "ano": "2024", "numero": "5", "tipo__sigla": "DD", "tipo__descricao": "Documentos da Diretoria", "assunto": "Relat\u00f3rio mensais"}, {"id": "7657", "ano": "2024", "numero": "5", "tipo__sigla": "CERT", "tipo__descricao": "CERTIFICADO", "assunto": "Certifica que Carlos Cezar Ribeiro  participou de 568\u00ba Curso de Capacita\u00e7\u00e3o com o tema \"As regras do processo legislativo e d\u00favidas de rotinas nas c\u00e2maras municipais\" realizado no per\u00edodo de 12 a 15 de mar\u00e7o de 2024"}, {"id": "7659", "ano": "2024", "numero": "5", "tipo__sigla": "ODC", "tipo__descricao": "Of\u00edcio/documento Cont\u00e1bil", "assunto": "Solicita orienta\u00e7\u00f5es quanto ao pagamento da comiss\u00e3o de compras"}, {"id": "7809", "ano": "2024", "numero": "5", "tipo__sigla": "OFP", "tipo__descricao": "Of\u00edcio da Procuradoria", "assunto": "Concess\u00e3o de 1 di\u00e1ria sem pernoite - Evento do MPMG em Pouso Alegre."}, {"id": "7821", "ano": "2024", "numero": "5", "tipo__sigla": "DA", "tipo__descricao": "Documento Avulso", "assunto": "Documenta\u00e7\u00e3o para projeto de lei  complementar 001/2024"}, {"id": "7853", "ano": "2024", "numero": "5", "tipo__sigla": "REDF", "tipo__descricao": "Reda\u00e7\u00e3o Final", "assunto": "Reda\u00e7\u00e3o final do projeto de lei n\u00ba 39, de 12 de mar\u00e7o de 2024"}, {"id": "7862", "ano": "2024", "numero": "5", "tipo__sigla": "DMP", "tipo__descricao": "Documentos de tribunais e do Minist\u00e9rio P\u00fablico", "assunto": "DESPACHO DE ARQUIVAMENTO- Procedimento Administrativo MPMG 0694.17.00.592-0 - Di\u00e1rias"}, {"id": "7930", "ano": "2024", "numero": "5", "tipo__sigla": "JUST", "tipo__descricao": "Justificativas", "assunto": "Autoriza\u00e7\u00e3o para di\u00e1ria em Feriado Municipal.\r\n\r\nPagamento de di\u00e1ria para vereadores e servidores para realiza\u00e7\u00e3o de curso de capacita\u00e7\u00e3o nos dias 28 a 31 de Maio de 2024."}, {"id": "7938", "ano": "2024", "numero": "5", "tipo__sigla": "DEC", "tipo__descricao": "Declara\u00e7\u00e3o", "assunto": "Declara\u00e7\u00e3o de bens e valores Larissa Oliveira Naves - exerc\u00edcio 2024"}, {"id": "8178", "ano": "2024", "numero": "5", "tipo__sigla": "AREO", "tipo__descricao": "ATAS DAS REUNI\u00d5ES EXTRAORDIN\u00c1RIAS", "assunto": "Ata da 5\u00aa reuni\u00e3o extraordin\u00e1ria da 4\u00aa sess\u00e3o legislativa da 15\u00aa legislatura da C\u00e2mara Municipal de Santana da Vargem"}, {"id": "8402", "ano": "2024", "numero": "5", "tipo__sigla": "COMDE", "tipo__descricao": "COMUNICADO/DESPACHO", "assunto": "Nota de esclarecimento situa\u00e7\u00f5es veiculadas no debate dos candidatos \u00e0 Prefeitura"}, {"id": "8567", "ano": "2024", "numero": "5", "tipo__sigla": "RCI", "tipo__descricao": "Relat\u00f3rios da Controladoria Interna", "assunto": "Relat\u00f3rio Mensal da Controladoria interna - mar\u00e7o/2024"}, {"id": "7480", "ano": "2024", "numero": "6", "tipo__sigla": "OCI", "tipo__descricao": "Of\u00edcios da Controladoria Interna", "assunto": "Oficio 06/2024 - Encaminhando o relat\u00f3rio anual da Controladoria Interna ref jan a dez/2023"}, {"id": "7493", "ano": "2024", "numero": "6", "tipo__sigla": "REV", "tipo__descricao": "Relat\u00f3rios de rodagem do ve\u00edculo e outros", "assunto": "05/02/2023- Santana da Vargem"}, {"id": "7497", "ano": "2024", "numero": "6", "tipo__sigla": "MEM", "tipo__descricao": "Memorando", "assunto": "Solicita concess\u00e3o de  dez dias de f\u00e9rias a partir do dia 15 de fevereiro"}, {"id": "7507", "ano": "2024", "numero": "6", "tipo__sigla": "OFEXP", "tipo__descricao": "Of\u00edcio Expedido", "assunto": "Solicita que seja emitida guia referente a IRRF de fornecedor do m\u00eas de janeiro"}, {"id": "7519", "ano": "2024", "numero": "6", "tipo__sigla": "OR", "tipo__descricao": "OF\u00cdCIOS RECEBIDOS", "assunto": "Solicita que os servi\u00e7os referentes ao recurso da Lei Paulo Gustavo sejam executados"}, {"id": "7523", "ano": "2024", "numero": "6", "tipo__sigla": "PARE", "tipo__descricao": "PARECER", "assunto": "Parecer Jur\u00eddico - Projeto de Lei Ordin\u00e1rio do Legislativo n\u00ba 03 - 2024 - Visa instituir o dia municipal do ter\u00e7o dos homens."}, {"id": "7551", "ano": "2024", "numero": "6", "tipo__sigla": "AT", "tipo__descricao": "ATESTADO", "assunto": "Atestado ref. 22/02/2024"}, {"id": "7593", "ano": "2024", "numero": "6", "tipo__sigla": "DI", "tipo__descricao": "Di\u00e1rias e documentos relativos", "assunto": "Requisi\u00e7\u00e3o de di\u00e1rias Carlos C\u00e9zar Ribeiro (Belo Horizonte 12/03/2024 a 15/03/2024)"}, {"id": "7595", "ano": "2024", "numero": "6", "tipo__sigla": "OVC", "tipo__descricao": "Of\u00edcio de Vereador/Comiss\u00e3o", "assunto": "Solicita inscri\u00e7\u00e3o no curso Processo Legislativo e d\u00favidas de rotinas nas c\u00e2maras municipais"}, {"id": "7609", "ano": "2024", "numero": "6", "tipo__sigla": "DPA", "tipo__descricao": "Documento de Processo Administrativo", "assunto": "Remete processo de internet para membro A da comiss\u00e3o"}, {"id": "7610", "ano": "2024", "numero": "6", "tipo__sigla": "DRF", "tipo__descricao": "Documentos Relativos a F\u00e9rias", "assunto": "Aviso de f\u00e9rias Cleber de Brito 18/03/2024 a 27/03/2024"}, {"id": "7641", "ano": "2024", "numero": "6", "tipo__sigla": "DD", "tipo__descricao": "Documentos da Diretoria", "assunto": "Relat\u00f3rio mensais- 2022"}, {"id": "7658", "ano": "2024", "numero": "6", "tipo__sigla": "CERT", "tipo__descricao": "CERTIFICADO", "assunto": "Certifica que Vitor Donizetti Siqueira Junior participou de 568\u00ba Curso de Capacita\u00e7\u00e3o com o tema \"As regras do processo legislativo e d\u00favidas de rotinas nas c\u00e2maras municipais\" realizado no per\u00edodo de 12 a 15 de mar\u00e7o de 2024"}, {"id": "7665", "ano": "2024", "numero": "6", "tipo__sigla": "ARO", "tipo__descricao": "ATAS DAS REUNI\u00d5ES ORDIN\u00c1RIAS", "assunto": "Ata da 6\u00aa reuni\u00e3o ordin\u00e1ria da 4\u00aa sess\u00e3o legislativa da 15\u00aa legislatura"}, {"id": "7701", "ano": "2024", "numero": "6", "tipo__sigla": "DDCI", "tipo__descricao": "Documentos Diversos da Controladoria Interna", "assunto": "Ata da 1\u00ba Reuni\u00e3o da Comiss\u00e3o de Patrim\u00f4nio para Abertura da Invent\u00e1rio."}, {"id": "7739", "ano": "2024", "numero": "6", "tipo__sigla": "ODC", "tipo__descricao": "Of\u00edcio/documento Cont\u00e1bil", "assunto": "Solicita posi\u00e7\u00e3o do controle interno quanto ao valor recebido oriundo de processo judicial"}, {"id": "7828", "ano": "2024", "numero": "6", "tipo__sigla": "DA", "tipo__descricao": "Documento Avulso", "assunto": "Documenta\u00e7\u00e3o Eponina"}, {"id": "7868", "ano": "2024", "numero": "6", "tipo__sigla": "OFP", "tipo__descricao": "Of\u00edcio da Procuradoria", "assunto": "Solicita o deferimento para comparecer ao Curso -  \u201cPr\u00e1tica Legislativa e o Or\u00e7amento Municipal 2024 \u2013 Inova\u00e7\u00f5es Constitucionais e Legais e as Restri\u00e7\u00f5es no \u00daltimo ano de Mandato\u201d"}, {"id": "7939", "ano": "2024", "numero": "6", "tipo__sigla": "DEC", "tipo__descricao": "Declara\u00e7\u00e3o", "assunto": "Declara\u00e7\u00e3o de bens e valores Lucas Pereira Rabelo - exerc\u00edcio 2024"}, {"id": "7964", "ano": "2024", "numero": "6", "tipo__sigla": "DMP", "tipo__descricao": "Documentos de tribunais e do Minist\u00e9rio P\u00fablico", "assunto": "Solicita informa\u00e7\u00f5es- not\u00edcia de fato n\u00ba 02.16.0694.007526/2024-12 (Mar\u00edlia de Oliveira Moura)"}, {"id": "7989", "ano": "2024", "numero": "6", "tipo__sigla": "JUST", "tipo__descricao": "Justificativas", "assunto": "Justificativa de n\u00e3o marca\u00e7\u00e3o de ponto 06/06/2024 Ruiter Silva de Oliveira"}, {"id": "8086", "ano": "2024", "numero": "6", "tipo__sigla": "REDF", "tipo__descricao": "Reda\u00e7\u00e3o Final", "assunto": "Reda\u00e7\u00e3o Final do projeto de lei ordin\u00e1ria do legislativo n\u00famero 9 de 14 de maio de 2024"}, {"id": "8235", "ano": "2024", "numero": "6", "tipo__sigla": "AREO", "tipo__descricao": "ATAS DAS REUNI\u00d5ES EXTRAORDIN\u00c1RIAS", "assunto": "Ata da 6\u00aa reuni\u00e3o extraordin\u00e1ria da 4\u00aa Sess\u00e3o Legislativa da 15\u00aa Legislatura da C\u00e2mara Municipal de Santana da Vargem"}, {"id": "8451", "ano": "2024", "numero": "6", "tipo__sigla": "COMDE", "tipo__descricao": "COMUNICADO/DESPACHO", "assunto": "Comunica reajuste no valor do plano de sa\u00fade- unimed"}, {"id": "8603", "ano": "2024", "numero": "6", "tipo__sigla": "RCI", "tipo__descricao": "Relat\u00f3rios da Controladoria Interna", "assunto": "RELAT\u00d3RIO DA CONTROLADORIA INTERNA \r\n\r\n\r\n\r\nASSUNTO: RELAT\u00d3RIO DA CONTROLADORIA N.\u00ba 5\r\nPER\u00cdODO 01.11.2024 A 30.11.2024"}, {"id": "7498", "ano": "2024", "numero": "7", "tipo__sigla": "MEM", "tipo__descricao": "Memorando", "assunto": "Solicita verifica\u00e7\u00e3o de pagamentos de horas extras do m\u00eas de dezembro"}, {"id": "7508", "ano": "2024", "numero": "7", "tipo__sigla": "OFEXP", "tipo__descricao": "Of\u00edcio Expedido", "assunto": "Solicita ao setor de tributa\u00e7\u00e3o que seja emitida guia referente aos rendimentos de aplica\u00e7\u00e3o auferidos no m\u00eas de janeiro"}, {"id": "7510", "ano": "2024", "numero": "7", "tipo__sigla": "REV", "tipo__descricao": "Relat\u00f3rios de rodagem do ve\u00edculo e outros", "assunto": "Relat\u00f3rio Rodagem 05/02/2023- Santana da Vargem"}, {"id": "7524", "ano": "2024", "numero": "7", "tipo__sigla": "PARE", "tipo__descricao": "PARECER", "assunto": "Parecer Jur\u00eddico - Projeto de Lei Ordin\u00e1ria n\u00ba 01 - 2024 - Autoriza a manter filia\u00e7\u00e3o a AMM (Associa\u00e7\u00e3o Mineira de Munic\u00edpios)."}, {"id": "7527", "ano": "2024", "numero": "7", "tipo__sigla": "OCI", "tipo__descricao": "Of\u00edcios da Controladoria Interna", "assunto": "Oficio 08/2024 - Relat\u00f3rio mensal da Controladoria ref janeiro/2024 - Contadora"}, {"id": "7594", "ano": "2024", "numero": "7", "tipo__sigla": "DI", "tipo__descricao": "Di\u00e1rias e documentos relativos", "assunto": "Requisi\u00e7\u00e3o de di\u00e1rias Jackson Luiz Ven\u00e2ncio de Souza (Belo Horizonte 12/03/2024 a 15/03/2024)"}, {"id": "7597", "ano": "2024", "numero": "7", "tipo__sigla": "OVC", "tipo__descricao": "Of\u00edcio de Vereador/Comiss\u00e3o", "assunto": "pedido de informa\u00e7\u00f5es sobre o Andamento das Obras na Rua Luiz Ant\u00f4nio Carlos da Silva"}, {"id": "7611", "ano": "2024", "numero": "7", "tipo__sigla": "OR", "tipo__descricao": "OF\u00cdCIOS RECEBIDOS", "assunto": "Encaminha os balancetes de Receitas e Despesas referentes ao m\u00eas de janeiro/2024"}, {"id": "7616", "ano": "2024", "numero": "7", "tipo__sigla": "DPA", "tipo__descricao": "Documento de Processo Administrativo", "assunto": "Remete processo 02/2024 para membro A da comiss\u00e3o de compras"}, {"id": "7631", "ano": "2024", "numero": "7", "tipo__sigla": "AT", "tipo__descricao": "ATESTADO", "assunto": "Atestado referente 14h30min \u00e0s 18h dia 13/03/2024"}, {"id": "7651", "ano": "2024", "numero": "7", "tipo__sigla": "DD", "tipo__descricao": "Documentos da Diretoria", "assunto": "Solicita exonera\u00e7\u00e3o do cargo de Diretor Geral"}, {"id": "7700", "ano": "2024", "numero": "7", "tipo__sigla": "ARO", "tipo__descricao": "ATAS DAS REUNI\u00d5ES ORDIN\u00c1RIAS", "assunto": "Ata da 7\u00aa reuni\u00e3o ordin\u00e1ria da 4\u00aa Sess\u00e3o Legislativa da 15\u00aa Legislatura"}, {"id": "7702", "ano": "2024", "numero": "7", "tipo__sigla": "DDCI", "tipo__descricao": "Documentos Diversos da Controladoria Interna", "assunto": "Ata da 2\u00ba reuni\u00e3o da Comiss\u00e3o de Patrim\u00f4nio - encerramento do invent\u00e1rio f\u00edsico de bens m\u00f3veis"}, {"id": "7714", "ano": "2024", "numero": "7", "tipo__sigla": "DRF", "tipo__descricao": "Documentos Relativos a F\u00e9rias", "assunto": "Aviso de f\u00e9rias Emerson Silva Ara\u00fajo 01/04/2024 a 20/04/2024"}, {"id": "7740", "ano": "2024", "numero": "7", "tipo__sigla": "ODC", "tipo__descricao": "Of\u00edcio/documento Cont\u00e1bil", "assunto": "Solicita orienta\u00e7\u00e3o quanto ao valor recebido oriundo de processo judicial"}, {"id": "7774", "ano": "2024", "numero": "7", "tipo__sigla": "CERT", "tipo__descricao": "CERTIFICADO", "assunto": "Certifica que Jackson Luiz Ven\u00e2ncio de Souza participou do 572\u00ba curso de capacita\u00e7\u00e3o com o tema \"A responsabilidade do legislativo municipal como \u00f3rg\u00e3o de controle externo das contas do chefe do poder executivo\""}, {"id": "7836", "ano": "2024", "numero": "7", "tipo__sigla": "DA", "tipo__descricao": "Documento Avulso", "assunto": "CONTRATO DE TRABALHO TEMPOR\u00c1RIO POR EXCEPCIONAL INTERESSE P\u00daBLICO"}, {"id": "7940", "ano": "2024", "numero": "7", "tipo__sigla": "DEC", "tipo__descricao": "Declara\u00e7\u00e3o", "assunto": "Declara\u00e7\u00e3o de bens e valores Ruiter Silva de Oliveira - exerc\u00edcio 2024"}, {"id": "7965", "ano": "2024", "numero": "7", "tipo__sigla": "DMP", "tipo__descricao": "Documentos de tribunais e do Minist\u00e9rio P\u00fablico", "assunto": "Solicita informa\u00e7\u00f5es - Not\u00edcia de fato n\u00ba 02.16.0694.0074530/2024-98 (Paulo Henrique de Freitas)"}, {"id": "8023", "ano": "2024", "numero": "7", "tipo__sigla": "JUST", "tipo__descricao": "Justificativas", "assunto": "Justificativa de n\u00e3o marca\u00e7\u00e3o de ponto eletr\u00f4nico Ruiter Silva de Oliveira 12/06/2024"}, {"id": "8176", "ano": "2024", "numero": "7", "tipo__sigla": "REDF", "tipo__descricao": "Reda\u00e7\u00e3o Final", "assunto": "reda\u00e7\u00e3o final do projeto de lei n\u00ba 60 de 24 de junho de 2024"}, {"id": "8385", "ano": "2024", "numero": "7", "tipo__sigla": "OFP", "tipo__descricao": "Of\u00edcio da Procuradoria", "assunto": "Solicita F\u00e9rias"}, {"id": "8616", "ano": "2024", "numero": "7", "tipo__sigla": "AREO", "tipo__descricao": "ATAS DAS REUNI\u00d5ES EXTRAORDIN\u00c1RIAS", "assunto": "Ata da 7\u00aa reuni\u00e3o extraordin\u00e1ria da 4\u00aa Sess\u00e3o Legislativa da C\u00e2mara Municipal de Santana da Vargem"}, {"id": "7511", "ano": "2024", "numero": "8", "tipo__sigla": "REV", "tipo__descricao": "Relat\u00f3rios de rodagem do ve\u00edculo e outros", "assunto": "Relat\u00f3rio Rodagem 09/02/2023 - Santana da Vargem"}, {"id": "7513", "ano": "2024", "numero": "8", "tipo__sigla": "MEM", "tipo__descricao": "Memorando", "assunto": "Solicita\u00e7\u00e3o de f\u00e9rias Emerson  a partir de 04/03/2023"}, {"id": "7525", "ano": "2024", "numero": "8", "tipo__sigla": "PARE", "tipo__descricao": "PARECER", "assunto": "Parecer Jur\u00eddico - Veto ao projeto de lei complementar n\u00ba 14 - 2023"}, {"id": "7528", "ano": "2024", "numero": "8", "tipo__sigla": "OCI", "tipo__descricao": "Of\u00edcios da Controladoria Interna", "assunto": "Oficio 09/2024 - Relat\u00f3rio mensal da Controladoria ref janeiro/2024 - Diretora"}, {"id": "7532", "ano": "2024", "numero": "8", "tipo__sigla": "OFEXP", "tipo__descricao": "Of\u00edcio Expedido", "assunto": "Resposta ao of\u00edcio n\u00ba 07/2024- TRE 273\u00ba - Tr\u00eas Pontas"}, {"id": "7596", "ano": "2024", "numero": "8", "tipo__sigla": "DI", "tipo__descricao": "Di\u00e1rias e documentos relativos", "assunto": "Requisi\u00e7\u00e3o de di\u00e1rias Ronalthe Dayglas Rocha (Belo Horizonte 12/03/2024 a 15/03/2024)"}, {"id": "7617", "ano": "2024", "numero": "8", "tipo__sigla": "DPA", "tipo__descricao": "Documento de Processo Administrativo", "assunto": "Remete o processo 06/2024 dispensa 02/2024 para o membro A da comiss\u00e3o de compras"}, {"id": "7643", "ano": "2024", "numero": "8", "tipo__sigla": "OR", "tipo__descricao": "OF\u00cdCIOS RECEBIDOS", "assunto": "Solicita que essa egr\u00e9gia casa emende o projeto 059 de 2023"}, {"id": "7652", "ano": "2024", "numero": "8", "tipo__sigla": "AT", "tipo__descricao": "ATESTADO", "assunto": "Atestado demissional Kainne Delfino Joanas 18/03/2024"}, {"id": "7694", "ano": "2024", "numero": "8", "tipo__sigla": "OVC", "tipo__descricao": "Of\u00edcio de Vereador/Comiss\u00e3o", "assunto": "Solicita informa\u00e7\u00f5es acerca da obra na rua Ant\u00f4nio Carlos da Silva"}, {"id": "7704", "ano": "2024", "numero": "8", "tipo__sigla": "DDCI", "tipo__descricao": "Documentos Diversos da Controladoria Interna", "assunto": "Ata da 3\u00aa reuni\u00e3o da Comiss\u00e3o de patrim\u00f4nio - baixa de patrim\u00f4nio em resposta ao of\u00edcio de n.\u00ba 001/2024 da Diretoria"}, {"id": "7706", "ano": "2024", "numero": "8", "tipo__sigla": "DD", "tipo__descricao": "Documentos da Diretoria", "assunto": "Solicita baixa de patrim\u00f4nio de 11 poltronas - Comiss\u00e3o de Patrim\u00f4nio"}, {"id": "7732", "ano": "2024", "numero": "8", "tipo__sigla": "ARO", "tipo__descricao": "ATAS DAS REUNI\u00d5ES ORDIN\u00c1RIAS", "assunto": "Ata da 8\u00aa reuni\u00e3o ordin\u00e1ria da 4\u00aa Sess\u00e3o Legislativa da 15\u00aa legislativa da 15\u00aa legislatura"}, {"id": "7741", "ano": "2024", "numero": "8", "tipo__sigla": "ODC", "tipo__descricao": "Of\u00edcio/documento Cont\u00e1bil", "assunto": "Solicita orienta\u00e7\u00f5es quanto ao valor recebido oriundo de processo judicial"}, {"id": "7775", "ano": "2024", "numero": "8", "tipo__sigla": "CERT", "tipo__descricao": "CERTIFICADO", "assunto": "Certifica que Vitor Donizetti Siqueira Junior participou do 572\u00ba curso de capacita\u00e7\u00e3o com o tema \"A responsabilidade do legislativo municipal como \u00f3rg\u00e3o de controle externo das contas do chefe do poder executivo\""}, {"id": "7843", "ano": "2024", "numero": "8", "tipo__sigla": "DA", "tipo__descricao": "Documento Avulso", "assunto": "abaixo assinado a favor do veto 002/2024"}, {"id": "7877", "ano": "2024", "numero": "8", "tipo__sigla": "DRF", "tipo__descricao": "Documentos Relativos a F\u00e9rias", "assunto": "Aviso de f\u00e9rias Larissa Oliveira Naves 20/05/2024 a 29/05/2024"}, {"id": "7945", "ano": "2024", "numero": "8", "tipo__sigla": "DEC", "tipo__descricao": "Declara\u00e7\u00e3o", "assunto": "Declara\u00e7\u00e3o de isen\u00e7\u00e3o de imposto de renda e declara\u00e7\u00e3o de bens Alanis Carolina de Oliveira Moreira - exerc\u00edcio 2024"}, {"id": "7966", "ano": "2024", "numero": "8", "tipo__sigla": "DMP", "tipo__descricao": "Documentos de tribunais e do Minist\u00e9rio P\u00fablico", "assunto": "Requisita informa\u00e7\u00f5es =PP n\u00ba 02.16.0694.0022694/2023-60 (Argemiro Rodrigues Galv\u00e3o)"}, {"id": "8024", "ano": "2024", "numero": "8", "tipo__sigla": "JUST", "tipo__descricao": "Justificativas", "assunto": "Justificativa de n\u00e3o marca\u00e7\u00e3o de ponto eletr\u00f4nico Lucas Pereira Rabelo 12/06/2024"}, {"id": "8187", "ano": "2024", "numero": "8", "tipo__sigla": "REDF", "tipo__descricao": "Reda\u00e7\u00e3o Final", "assunto": "Reda\u00e7\u00e3o Final do projeto de lei ordin\u00e1ria do legislativo n\u00ba de 04 de novembro de 2022"}, {"id": "8477", "ano": "2024", "numero": "8", "tipo__sigla": "OFP", "tipo__descricao": "Of\u00edcio da Procuradoria", "assunto": "Reposi\u00e7\u00e3o de f\u00e9rias"}, {"id": "7512", "ano": "2024", "numero": "9", "tipo__sigla": "REV", "tipo__descricao": "Relat\u00f3rios de rodagem do ve\u00edculo e outros", "assunto": "Relat\u00f3rio rodagem 16/02/2023- Santana da Vargem"}, {"id": "7526", "ano": "2024", "numero": "9", "tipo__sigla": "PARE", "tipo__descricao": "PARECER", "assunto": "Parecer Jur\u00eddico - Veto - Projeto de Lei Ordin\u00e1ria n\u00ba 14 - 2023."}, {"id": "7531", "ano": "2024", "numero": "9", "tipo__sigla": "OCI", "tipo__descricao": "Of\u00edcios da Controladoria Interna", "assunto": "Oficio 07/2024 - Relat\u00f3rio mensal da Controladoria ref janeiro/2024 - Presidente"}, {"id": "7538", "ano": "2024", "numero": "9", "tipo__sigla": "OFEXP", "tipo__descricao": "Of\u00edcio Expedido", "assunto": "Encaminha derrubada do veto 03/2023"}, {"id": "7570", "ano": "2024", "numero": "9", "tipo__sigla": "MEM", "tipo__descricao": "Memorando", "assunto": "Solicita autoriza\u00e7\u00e3o para participar do curso \"Regras do Processo Legislativo e D\u00favidas de rotinas nas C\u00e2maras Municipais\""}, {"id": "7598", "ano": "2024", "numero": "9", "tipo__sigla": "DI", "tipo__descricao": "Di\u00e1rias e documentos relativos", "assunto": "Requisi\u00e7\u00e3o de di\u00e1rias Maria Aparecida de Ara\u00fajo Reis (Belo Horizonte 12/03/2024 a 15/03/2024)"}, {"id": "7669", "ano": "2024", "numero": "9", "tipo__sigla": "AT", "tipo__descricao": "ATESTADO", "assunto": "Declara\u00e7\u00e3o de comparecimento Laidia Mesquita Sousa 15/03/2024"}, {"id": "7679", "ano": "2024", "numero": "9", "tipo__sigla": "OR", "tipo__descricao": "OF\u00cdCIOS RECEBIDOS", "assunto": "Solicita emenda ao projeto de lei 060 de 16 de outubro de 2023"}, {"id": "7680", "ano": "2024", "numero": "9", "tipo__sigla": "DPA", "tipo__descricao": "Documento de Processo Administrativo", "assunto": "Remessa processual , processo licitat\u00f3rio 8/2024"}, {"id": "7699", "ano": "2024", "numero": "9", "tipo__sigla": "OVC", "tipo__descricao": "Of\u00edcio de Vereador/Comiss\u00e3o", "assunto": "Solicita autoriza\u00e7\u00e3o para participar de curso \"A responsabilidade do legislativo municipal como \u00f3rg\u00e3o de controle externo das contas do chefe do poder executivo\""}, {"id": "7705", "ano": "2024", "numero": "9", "tipo__sigla": "DD", "tipo__descricao": "Documentos da Diretoria", "assunto": "Encaminha as notas liquidadas em 22/03/2024"}, {"id": "7707", "ano": "2024", "numero": "9", "tipo__sigla": "DDCI", "tipo__descricao": "Documentos Diversos da Controladoria Interna", "assunto": "Ata da 4\u00aa Reuni\u00e3o da Comiss\u00e3o de Patrim\u00f4nio - Transfer\u00eancia de Carga Kainne Delfino Joanas para Lucas Pereira Rabelo"}, {"id": "7756", "ano": "2024", "numero": "9", "tipo__sigla": "ARO", "tipo__descricao": "ATAS DAS REUNI\u00d5ES ORDIN\u00c1RIAS", "assunto": "Ata da 9\u00aa reuni\u00e3o ordin\u00e1ria da 4\u00aa sess\u00e3o legislativa da 15\u00aa legislatura"}, {"id": "7769", "ano": "2024", "numero": "9", "tipo__sigla": "ODC", "tipo__descricao": "Of\u00edcio/documento Cont\u00e1bil", "assunto": "Solicita\u00e7\u00e3o de f\u00e9rias - per\u00edodo aquisitivo 2022/2023"}, {"id": "7776", "ano": "2024", "numero": "9", "tipo__sigla": "CERT", "tipo__descricao": "CERTIFICADO", "assunto": "Certifica que Felipe Tom\u00e9 Mota e Silva participou do 572\u00ba curso de capacita\u00e7\u00e3o com o tema \"A responsabilidade do legislativo municipal como \u00f3rg\u00e3o de controle externo das contas do chefe do poder executivo\""}, {"id": "7865", "ano": "2024", "numero": "9", "tipo__sigla": "DA", "tipo__descricao": "Documento Avulso", "assunto": "Certid\u00e3o de \u00f3bito Eponina Moreira de Vasconcelos"}, {"id": "7878", "ano": "2024", "numero": "9", "tipo__sigla": "DRF", "tipo__descricao": "Documentos Relativos a F\u00e9rias", "assunto": "Aviso de f\u00e9rias Isabela Louren\u00e7\u00e3o Messias 20/05/2024 a 29/05/2024"}, {"id": "7953", "ano": "2024", "numero": "9", "tipo__sigla": "DEC", "tipo__descricao": "Declara\u00e7\u00e3o", "assunto": "Declara\u00e7\u00e3o de isen\u00e7\u00e3o de imposto de renda e declara\u00e7\u00e3o de bens  Emerson Silva Ara\u00fajo- exerc\u00edcio 2024"}, {"id": "7967", "ano": "2024", "numero": "9", "tipo__sigla": "DMP", "tipo__descricao": "Documentos de tribunais e do Minist\u00e9rio P\u00fablico", "assunto": "Requisita informa\u00e7\u00f5es Inqu\u00e9rito civil n\u00ba MPMG- 0694.17.000244-8"}, {"id": "8025", "ano": "2024", "numero": "9", "tipo__sigla": "JUST", "tipo__descricao": "Justificativas", "assunto": "Justificativa de n\u00e3o marca\u00e7\u00e3o de ponto eletr\u00f4nico Larissa Oliveira Naves 12/06/2024"}, {"id": "8188", "ano": "2024", "numero": "9", "tipo__sigla": "REDF", "tipo__descricao": "Reda\u00e7\u00e3o Final", "assunto": "Reda\u00e7\u00e3o final do projeto de lei ordin\u00e1ria do legislativo 006 de 24 de maio de 2023"}, {"id": "8501", "ano": "2024", "numero": "9", "tipo__sigla": "OFP", "tipo__descricao": "Of\u00edcio da Procuradoria", "assunto": "Convers\u00e3o de licen\u00e7a pr\u00eamio em pec\u00fania - 2 meses."}, {"id": "7533", "ano": "2024", "numero": "10", "tipo__sigla": "OCI", "tipo__descricao": "Of\u00edcios da Controladoria Interna", "assunto": "Of\u00edcio 10 - Recomenda\u00e7\u00f5es sobre di\u00e1rias \u00e0 Presidente"}, {"id": "7540", "ano": "2024", "numero": "10", "tipo__sigla": "OFEXP", "tipo__descricao": "Of\u00edcio Expedido", "assunto": "Encaminha perman\u00eancia do veto 04/2023"}, {"id": "7546", "ano": "2024", "numero": "10", "tipo__sigla": "REV", "tipo__descricao": "Relat\u00f3rios de rodagem do ve\u00edculo e outros", "assunto": "Tr\u00eas Pontas 20/02/2024 -8:10"}, {"id": "7547", "ano": "2024", "numero": "10", "tipo__sigla": "PARE", "tipo__descricao": "PARECER", "assunto": "Parecer jur\u00eddico - Projeto de Lei Ordin\u00e1ria do Legislativo n\u00ba 05 - 2024 - Denomina\u00e7\u00e3o de logradouro p\u00fablico - Rua Francisco Afonso de Paula."}, {"id": "7578", "ano": "2024", "numero": "10", "tipo__sigla": "MEM", "tipo__descricao": "Memorando", "assunto": "Solicita\u00e7\u00e3o de altera\u00e7\u00e3o na data das f\u00e9rias - informa nova data"}, {"id": "7663", "ano": "2024", "numero": "10", "tipo__sigla": "DI", "tipo__descricao": "Di\u00e1rias e documentos relativos", "assunto": "Relat\u00f3rio e presta\u00e7\u00e3o de contas Vitor Donizetti Siqueira Junior (Belo Horizonte 12/03/2024 a 15/03/2024)"}, {"id": "7670", "ano": "2024", "numero": "10", "tipo__sigla": "AT", "tipo__descricao": "ATESTADO", "assunto": "Atestado que Laidia Mesquita Sousa necessita de repouso durante 10 (dez) dias a partir do dia 16/03/2024"}, {"id": "7681", "ano": "2024", "numero": "10", "tipo__sigla": "DPA", "tipo__descricao": "Documento de Processo Administrativo", "assunto": "Remessa processo licitat\u00f3rio 09/2024 membro A comiss\u00e3o"}, {"id": "7688", "ano": "2024", "numero": "10", "tipo__sigla": "OR", "tipo__descricao": "OF\u00cdCIOS RECEBIDOS", "assunto": "relat\u00f3rio do setor de engenharia do munic\u00edpio"}, {"id": "7703", "ano": "2024", "numero": "10", "tipo__sigla": "DD", "tipo__descricao": "Documentos da Diretoria", "assunto": "Encaminha as folhas de ponto dos servidores e vereadores do m\u00eas de mar\u00e7o de 2024"}, {"id": "7736", "ano": "2024", "numero": "10", "tipo__sigla": "OVC", "tipo__descricao": "Of\u00edcio de Vereador/Comiss\u00e3o", "assunto": "Solicita provid\u00eancias para manuten\u00e7\u00e3o da Escola Doralice Mendon\u00e7a Reis"}, {"id": "7791", "ano": "2024", "numero": "10", "tipo__sigla": "ARO", "tipo__descricao": "ATAS DAS REUNI\u00d5ES ORDIN\u00c1RIAS", "assunto": "Ata da 10\u00aa reuni\u00e3o ordin\u00e1ria da 4\u00aa Sess\u00e3o Legislativa da 15\u00aa Legislatura da C\u00e2mara Municipal"}, {"id": "7808", "ano": "2024", "numero": "10", "tipo__sigla": "CERT", "tipo__descricao": "CERTIFICADO", "assunto": "Certifica que Ruiter Silva de Oliveira participou da 573\u00ba Curso de Capacita\u00e7\u00e3o com o tema: PROCEDIMENTO DE FISCALIZA\u00c7\u00c3O E PENALIZA\u00c7\u00c3O DE AGENTES P\u00daBLICOS E O PROCESSO LEGISLATIVO MUNICIPAL\""}, {"id": "7838", "ano": "2024", "numero": "10", "tipo__sigla": "ODC", "tipo__descricao": "Of\u00edcio/documento Cont\u00e1bil", "assunto": "Informativo de pagamento maior em folha de mar\u00e7o de 2024"}, {"id": "7884", "ano": "2024", "numero": "10", "tipo__sigla": "DA", "tipo__descricao": "Documento Avulso", "assunto": "Autoriza\u00e7\u00e3o de d\u00e9bito Ruiter Silva de Oliveira (2\u00aa  expo Santana)"}, {"id": "7968", "ano": "2024", "numero": "10", "tipo__sigla": "DMP", "tipo__descricao": "Documentos de tribunais e do Minist\u00e9rio P\u00fablico", "assunto": "Inqu\u00e9rito Civil n \u00b0 MPMG-0694.17.000131-7"}, {"id": "8003", "ano": "2024", "numero": "10", "tipo__sigla": "DEC", "tipo__descricao": "Declara\u00e7\u00e3o", "assunto": "Declara\u00e7\u00e3o de bens e valores Isabela Louren\u00e7\u00e3o Messias exerc\u00edcio 2024"}, {"id": "8049", "ano": "2024", "numero": "10", "tipo__sigla": "JUST", "tipo__descricao": "Justificativas", "assunto": "Justificativa de n\u00e3o marca\u00e7\u00e3o Ruiter Silva de Oliveira 18/06/2024 sa\u00edda"}, {"id": "8192", "ano": "2024", "numero": "10", "tipo__sigla": "REDF", "tipo__descricao": "Reda\u00e7\u00e3o Final", "assunto": "Reda\u00e7\u00e3o final do projeto de lei n\u00ba 43 de 15 Abril de 2024"}, {"id": "8222", "ano": "2024", "numero": "10", "tipo__sigla": "DRF", "tipo__descricao": "Documentos Relativos a F\u00e9rias", "assunto": "Aviso de F\u00e9rias Cleber de Brito - per\u00edodo de gozo 12/08/2024 a 21/08/2024 - per\u00edodo aquisitivo 10/01/2024 a 09/01/2024"}, {"id": "8503", "ano": "2024", "numero": "10", "tipo__sigla": "OFP", "tipo__descricao": "Of\u00edcio da Procuradoria", "assunto": "Resposta ao of\u00edcio n\u00ba 07 - 2024 da Diretoria - gabinete da Presid\u00eancia."}, {"id": "8531", "ano": "2024", "numero": "10", "tipo__sigla": "DDCI", "tipo__descricao": "Documentos Diversos da Controladoria Interna", "assunto": "PARECER DA CONTROLADORIA 03/2024"}, {"id": "7542", "ano": "2024", "numero": "11", "tipo__sigla": "OFEXP", "tipo__descricao": "Of\u00edcio Expedido", "assunto": "encaminhar  Projeto de Lei Ordin\u00e1ria do Legislativo n\u00ba 02/2024 que Autoriza a revis\u00e3o geral anual da remunera\u00e7\u00e3o dos servidores e agentes pol\u00edticos do Poder Legislativo Municipal"}, {"id": "7549", "ano": "2024", "numero": "11", "tipo__sigla": "PARE", "tipo__descricao": "PARECER", "assunto": "Parecer jur\u00eddico - Projeto de Lei Ordin\u00e1ria do Legislativo - Denomina\u00e7\u00e3o de Logradouro P\u00fablico - UBS Anna Vict\u00f3ria Siqueira."}, {"id": "7576", "ano": "2024", "numero": "11", "tipo__sigla": "OCI", "tipo__descricao": "Of\u00edcios da Controladoria Interna", "assunto": "Of\u00edcio da Controladoria Interna n.\u00ba 11/2024 - Encaminhar o projeto do Plano Anual de Compras  - PAC- 2024 \u00e0 Presidente para adequa\u00e7\u00e3o e aprova\u00e7\u00e3o"}, {"id": "7632", "ano": "2024", "numero": "11", "tipo__sigla": "MEM", "tipo__descricao": "Memorando", "assunto": "Informa sobre o n\u00e3o interesse de envio de propostas de pre\u00e7os por parte de empresa cotada para fornecimento de internet"}, {"id": "7660", "ano": "2024", "numero": "11", "tipo__sigla": "REV", "tipo__descricao": "Relat\u00f3rios de rodagem do ve\u00edculo e outros", "assunto": "Relat\u00f3rio e presta\u00e7\u00e3o de contas Emerson Silva Ara\u00fajo 12/03/2024"}, {"id": "7664", "ano": "2024", "numero": "11", "tipo__sigla": "DI", "tipo__descricao": "Di\u00e1rias e documentos relativos", "assunto": "Relat\u00f3rio e presta\u00e7\u00e3o de contas Ronalthe Dayglas Rocha (Belo Horizonte 12/03/2024 a 15/03/2024)"}, {"id": "7671", "ano": "2024", "numero": "11", "tipo__sigla": "AT", "tipo__descricao": "ATESTADO", "assunto": "Atestado de cumprimento de requisitos legais Lucas Pereira Rabelo"}, {"id": "7682", "ano": "2024", "numero": "11", "tipo__sigla": "DPA", "tipo__descricao": "Documento de Processo Administrativo", "assunto": "Remessa processo licitat\u00f3rio 07/2024 para membro A comiss\u00e3o de compras"}, {"id": "7689", "ano": "2024", "numero": "11", "tipo__sigla": "OR", "tipo__descricao": "OF\u00cdCIOS RECEBIDOS", "assunto": "Responde indica\u00e7\u00f5es 001, 002, 003 e 004 do vereador Vitor Donizetti Siqueira Junior"}, {"id": "7724", "ano": "2024", "numero": "11", "tipo__sigla": "DD", "tipo__descricao": "Documentos da Diretoria", "assunto": "solicita autoriza\u00e7\u00e3o para emprestar 10 pacotes de folhas para prefeitura"}, {"id": "7737", "ano": "2024", "numero": "11", "tipo__sigla": "OVC", "tipo__descricao": "Of\u00edcio de Vereador/Comiss\u00e3o", "assunto": "Solicita providencias para atender quest\u00f5es na Escola Municipal Doralice Mendon\u00e7a Reis"}, {"id": "7792", "ano": "2024", "numero": "11", "tipo__sigla": "ARO", "tipo__descricao": "ATAS DAS REUNI\u00d5ES ORDIN\u00c1RIAS", "assunto": "Ata da 11\u00aa reuni\u00e3o ordin\u00e1ria da 4\u00aa sess\u00e3o legislativa da 15\u00aa legislatura da C\u00e2mara Municipal de Santana da Vargem"}, {"id": "7851", "ano": "2024", "numero": "11", "tipo__sigla": "ODC", "tipo__descricao": "Of\u00edcio/documento Cont\u00e1bil", "assunto": "informativo de pagamento maior em folha de mar\u00e7o de 2024"}, {"id": "7900", "ano": "2024", "numero": "11", "tipo__sigla": "DA", "tipo__descricao": "Documento Avulso", "assunto": "Autoriza\u00e7\u00e3o de d\u00e9bito Emerson Silva Ara\u00fajo ( 2\u00aa Expo Santana)"}, {"id": "7950", "ano": "2024", "numero": "11", "tipo__sigla": "CERT", "tipo__descricao": "CERTIFICADO", "assunto": "Certifica Ruiter Silva de Oliveira participou do 579\u00ba curso de capacita\u00e7\u00e3o com o tema as regras de plen\u00e1rio, atualiza\u00e7\u00e3o regimental e o poder legislador no controle pr\u00e9vio de constitucionalidade das leis municipais"}, {"id": "7969", "ano": "2024", "numero": "11", "tipo__sigla": "DMP", "tipo__descricao": "Documentos de tribunais e do Minist\u00e9rio P\u00fablico", "assunto": "Requisita informa\u00e7\u00f5es inqu\u00e9rito civil n\u00ba MPMG-0694.19.000372-3"}, {"id": "8004", "ano": "2024", "numero": "11", "tipo__sigla": "DEC", "tipo__descricao": "Declara\u00e7\u00e3o", "assunto": "Declara\u00e7\u00e3o de bens e valores Vitor Donizetti Siqueira Junior exerc\u00edcio 2024"}, {"id": "8050", "ano": "2024", "numero": "11", "tipo__sigla": "JUST", "tipo__descricao": "Justificativas", "assunto": "Justificativa de n\u00e3o marca\u00e7\u00e3o do ponto eletr\u00f4nico Cleber de Brito 18/06/2024"}, {"id": "8251", "ano": "2024", "numero": "11", "tipo__sigla": "DRF", "tipo__descricao": "Documentos Relativos a F\u00e9rias", "assunto": "Aviso de F\u00e9rias Alanis Carolina de Oliveira Moreira - 14/08/2024 a 02/10/2024"}, {"id": "8405", "ano": "2024", "numero": "11", "tipo__sigla": "REDF", "tipo__descricao": "Reda\u00e7\u00e3o Final", "assunto": "Reda\u00e7\u00e3o final do projeto de lei ordin\u00e1ria do legislativo n\u00ba 11 de 28 de junho de 2024"}, {"id": "8559", "ano": "2024", "numero": "11", "tipo__sigla": "DDCI", "tipo__descricao": "Documentos Diversos da Controladoria Interna", "assunto": "Balancete da Despesa 03-2024\r\nEm conformidade com a determina\u00e7\u00e3o disposta no art. 48, \u00a7 1\u00ba, inciso II da Lei Complementar n\u00ba 101/2000 (Lei de Responsabilidade Fiscal), o Poder Legislativo disponibiliza \u2013 em tempo real \u2013 informa\u00e7\u00f5es pormenorizadas sobre a execu\u00e7\u00e3o or\u00e7ament\u00e1ria e financeira, em meios eletr\u00f4nicos de acesso p\u00fablico, ao pleno conhecimento e acompanhamento da sociedade."}, {"id": "7543", "ano": "2024", "numero": "12", "tipo__sigla": "OFEXP", "tipo__descricao": "Of\u00edcio Expedido", "assunto": "encaminhar  Projeto de Lei Complementar do Legislativo n\u00ba 01/2024 que Cria a Comiss\u00e3o de compras no \u00e2mbito do Poder Legislativo Municipal"}, {"id": "7550", "ano": "2024", "numero": "12", "tipo__sigla": "PARE", "tipo__descricao": "PARECER", "assunto": "Parecer Jur\u00eddico - Projeto de Lei Ordin\u00e1rio n\u00ba 23 - 2024 - Altera a lei municipal n\u00ba 1. 343/2014 - Aux\u00edlio Transporte Estudantil."}, {"id": "7582", "ano": "2024", "numero": "12", "tipo__sigla": "OCI", "tipo__descricao": "Of\u00edcios da Controladoria Interna", "assunto": "Of\u00edcio da Controladoria interna n.\u00ba 12/2024 - Folga decorrente do Anivers\u00e1rio natal\u00edcio"}, {"id": "7666", "ano": "2024", "numero": "12", "tipo__sigla": "REV", "tipo__descricao": "Relat\u00f3rios de rodagem do ve\u00edculo e outros", "assunto": "Belo Horizonte 12/03/2023 a 15/03/2023"}, {"id": "7668", "ano": "2024", "numero": "12", "tipo__sigla": "MEM", "tipo__descricao": "Memorando", "assunto": "Solicita participa\u00e7\u00e3o no curso : A responsabilidade do legislativo municipal como \u00f3rg\u00e3o de controle externo das contas do chefe do executivo\" que ser\u00e1 realizado nos dias 09, 10, 11 e 12 de abril"}, {"id": "7673", "ano": "2024", "numero": "12", "tipo__sigla": "AT", "tipo__descricao": "ATESTADO", "assunto": "Atestado de sa\u00fade ocupacional admissional Lucas Pereira Rabelo"}, {"id": "7675", "ano": "2024", "numero": "12", "tipo__sigla": "DI", "tipo__descricao": "Di\u00e1rias e documentos relativos", "assunto": "Relat\u00f3rio e presta\u00e7\u00e3o de contas Maria Aparecida de Ara\u00fajo Reis (Belo Horizonte 12/03/2024 a 15/03/2024)"}, {"id": "7696", "ano": "2024", "numero": "12", "tipo__sigla": "DPA", "tipo__descricao": "Documento de Processo Administrativo", "assunto": "Remessa processual- processo 03/2024- inexigibilidade 2"}, {"id": "7716", "ano": "2024", "numero": "12", "tipo__sigla": "OR", "tipo__descricao": "OF\u00cdCIOS RECEBIDOS", "assunto": "Solicita retiradas dos projetos de lei 059 e 060"}, {"id": "7727", "ano": "2024", "numero": "12", "tipo__sigla": "DD", "tipo__descricao": "Documentos da Diretoria", "assunto": "Encaminha solicita\u00e7\u00e3o de fornecimento n\u00ba 28/2024 liquidada"}, {"id": "7738", "ano": "2024", "numero": "12", "tipo__sigla": "OVC", "tipo__descricao": "Of\u00edcio de Vereador/Comiss\u00e3o", "assunto": "Solicita um estudo das \u00e1rvores que est\u00e3o localizadas na avenida tr\u00cas pontas"}, {"id": "7837", "ano": "2024", "numero": "12", "tipo__sigla": "ARO", "tipo__descricao": "ATAS DAS REUNI\u00d5ES ORDIN\u00c1RIAS", "assunto": "Ata da 12\u00aa reuni\u00e3o ordin\u00e1ria da 4\u00aa Sess\u00e3o Legislativa da 15\u00aa Legislatura da C\u00e2mara Municipal de Santana da Vargem"}, {"id": "7892", "ano": "2024", "numero": "12", "tipo__sigla": "ODC", "tipo__descricao": "Of\u00edcio/documento Cont\u00e1bil", "assunto": "Solicita provid\u00eancias da diretoria  em raz\u00e3o de f\u00e9rias da contadora legislativa"}, {"id": "7962", "ano": "2024", "numero": "12", "tipo__sigla": "CERT", "tipo__descricao": "CERTIFICADO", "assunto": "certifica que ronalthe dayglas rocha participou do 579\u00ba curso de capacita\u00e7\u00e3o com o tema as regras de plen\u00e1rio, atualiza\u00e7\u00e3o regimental e o poder legislador no controle pr\u00e9vio de constitucionalidade das leis municipais"}, {"id": "8007", "ano": "2024", "numero": "12", "tipo__sigla": "DEC", "tipo__descricao": "Declara\u00e7\u00e3o", "assunto": "Declara\u00e7\u00e3o de bens e valores Maria Aparecida de Ara\u00fajo Reis - exerc\u00edcio 2024"}, {"id": "8051", "ano": "2024", "numero": "12", "tipo__sigla": "JUST", "tipo__descricao": "Justificativas", "assunto": "Justificativa de n\u00e3o marca\u00e7\u00e3o de ponto eletr\u00f4nico Larissa Oliveira Naves 18/06/2024 sa\u00edda almo\u00e7o"}, {"id": "8169", "ano": "2024", "numero": "12", "tipo__sigla": "DMP", "tipo__descricao": "Documentos de tribunais e do Minist\u00e9rio P\u00fablico", "assunto": "Requisita Informa\u00e7\u00f5es- Inqu\u00e9rito Civil n\u00ba 06.4.19.000722-9- Lei Complementar 06/20217 \"apadrinhamento pol\u00edtico\""}, {"id": "8296", "ano": "2024", "numero": "12", "tipo__sigla": "DA", "tipo__descricao": "Documento Avulso", "assunto": "Recibo ve\u00edculo - certificado de registro"}, {"id": "8338", "ano": "2024", "numero": "12", "tipo__sigla": "DRF", "tipo__descricao": "Documentos Relativos a F\u00e9rias", "assunto": "Aviso de f\u00e9rias Ruiter Silva de Oliveira (16/09/2024 a 25/09/2024)"}, {"id": "8440", "ano": "2024", "numero": "12", "tipo__sigla": "REDF", "tipo__descricao": "Reda\u00e7\u00e3o Final", "assunto": "Reda\u00e7\u00e3o final do projeto de lei complementar n\u00ba 005, de 03 de Setembro de 2024"}, {"id": "8560", "ano": "2024", "numero": "12", "tipo__sigla": "DDCI", "tipo__descricao": "Documentos Diversos da Controladoria Interna", "assunto": "Balancete da Despesa 04-2024\r\nEm conformidade com a determina\u00e7\u00e3o disposta no art. 48, \u00a7 1\u00ba, inciso II da Lei Complementar n\u00ba 101/2000 (Lei de Responsabilidade Fiscal), o Poder Legislativo disponibiliza \u2013 em tempo real \u2013 informa\u00e7\u00f5es pormenorizadas sobre a execu\u00e7\u00e3o or\u00e7ament\u00e1ria e financeira, em meios eletr\u00f4nicos de acesso p\u00fablico, ao pleno conhecimento e acompanhamento da sociedade."}, {"id": "7544", "ano": "2024", "numero": "13", "tipo__sigla": "OFEXP", "tipo__descricao": "Of\u00edcio Expedido", "assunto": "encaminhar Projeto de Lei Ordin\u00e1ria do Legislativo n\u00ba 04/2024 que Altera a Lei Ordin\u00e1ria 1.597 de 09 de novembro de 2021"}, {"id": "7556", "ano": "2024", "numero": "13", "tipo__sigla": "PARE", "tipo__descricao": "PARECER", "assunto": "Parecer jur\u00eddico - Projeto de Lei Ordin\u00e1rio n\u00ba 13 - 2024 - Revis\u00e3o Geral Anual - Poder Executivo."}, {"id": "7603", "ano": "2024", "numero": "13", "tipo__sigla": "OCI", "tipo__descricao": "Of\u00edcios da Controladoria Interna", "assunto": "OF\u00cdCIO DA CONTROLADORIA INTERNA N.\u00ba 13/2024 \r\nASSUNTO: Declara\u00e7\u00e3o de Bens e Patrim\u00f4nio - Servidores"}, {"id": "7676", "ano": "2024", "numero": "13", "tipo__sigla": "DI", "tipo__descricao": "Di\u00e1rias e documentos relativos", "assunto": "Relat\u00f3rio e presta\u00e7\u00e3o de contas Jackson Luiz Ven\u00e2ncio de Souza (Belo Horizonte 12/03/2024 a 15/03/2024)"}, {"id": "7683", "ano": "2024", "numero": "13", "tipo__sigla": "MEM", "tipo__descricao": "Memorando", "assunto": "Solicitar concess\u00e3o de 20 dias de f\u00e9rias a serem usufru\u00eddos a partir de 01 de abril referente ao exerc\u00edcio 2023"}, {"id": "7684", "ano": "2024", "numero": "13", "tipo__sigla": "REV", "tipo__descricao": "Relat\u00f3rios de rodagem do ve\u00edculo e outros", "assunto": "20/03/2024- Santana da Vargem"}, {"id": "7717", "ano": "2024", "numero": "13", "tipo__sigla": "OR", "tipo__descricao": "OF\u00cdCIOS RECEBIDOS", "assunto": "Solicita\u00e7\u00e3o de informa\u00e7\u00f5es obrigat\u00f3rias para o envio do Sicon Dcasp"}, {"id": "7733", "ano": "2024", "numero": "13", "tipo__sigla": "AT", "tipo__descricao": "ATESTADO", "assunto": "Atestado de comparecimento 01/04/2023 -  per\u00edodo da Tarde - Acompanhamento pr\u00e9 Natal"}, {"id": "7742", "ano": "2024", "numero": "13", "tipo__sigla": "DPA", "tipo__descricao": "Documento de Processo Administrativo", "assunto": "Remessa processual, dispensa 09"}, {"id": "7800", "ano": "2024", "numero": "13", "tipo__sigla": "OVC", "tipo__descricao": "Of\u00edcio de Vereador/Comiss\u00e3o", "assunto": "Solicita informa\u00e7\u00f5es sobre a linha do Mota e condi\u00e7\u00f5es dos \u00f4nibus terceirizados"}, {"id": "7871", "ano": "2024", "numero": "13", "tipo__sigla": "ARO", "tipo__descricao": "ATAS DAS REUNI\u00d5ES ORDIN\u00c1RIAS", "assunto": "Ata da 13\u00aa reuni\u00e3o ordin\u00e1ria da 4\u00aa Sess\u00e3o Legislativa da 15\u00aa Legislatura"}, {"id": "7899", "ano": "2024", "numero": "13", "tipo__sigla": "DD", "tipo__descricao": "Documentos da Diretoria", "assunto": "Informa que o diretor necessitar\u00e1 levar o notebook"}, {"id": "7902", "ano": "2024", "numero": "13", "tipo__sigla": "ODC", "tipo__descricao": "Of\u00edcio/documento Cont\u00e1bil", "assunto": "Encaminha memorando interno - servidor Emerson Silva Ara\u00fajo matr\u00edcula 63"}, {"id": "7976", "ano": "2024", "numero": "13", "tipo__sigla": "CERT", "tipo__descricao": "CERTIFICADO", "assunto": "Certifica que Carlos C\u00e9zar Ribeiro participou do curso \"As regras de plen\u00e1rio, atualiza\u00e7\u00e3o regimental e o poder legislador no controle pr\u00e9vio de constitucionalidade das leis municipais"}, {"id": "8018", "ano": "2024", "numero": "13", "tipo__sigla": "DEC", "tipo__descricao": "Declara\u00e7\u00e3o", "assunto": "Declara\u00e7\u00e3o de Bens e valores Luiz Felipe Mendon\u00e7a Rodrigues- exerc\u00edcio 2024"}, {"id": "8058", "ano": "2024", "numero": "13", "tipo__sigla": "JUST", "tipo__descricao": "Justificativas", "assunto": "Justificativa de n\u00e3o marca\u00e7\u00e3o Isabela Louren\u00e7\u00e3o Messias"}, {"id": "8190", "ano": "2024", "numero": "13", "tipo__sigla": "DMP", "tipo__descricao": "Documentos de tribunais e do Minist\u00e9rio P\u00fablico", "assunto": "Of\u00edcio 12162/2024 do Tribunal de Contas do Estado de Minas Gerais"}, {"id": "8297", "ano": "2024", "numero": "13", "tipo__sigla": "DA", "tipo__descricao": "Documento Avulso", "assunto": "CRLV 2024"}, {"id": "8339", "ano": "2024", "numero": "13", "tipo__sigla": "DRF", "tipo__descricao": "Documentos Relativos a F\u00e9rias", "assunto": "Aviso de f\u00e9rias Cleber de Brito (09/09/2024 a 18/09/2024)"}, {"id": "8467", "ano": "2024", "numero": "13", "tipo__sigla": "REDF", "tipo__descricao": "Reda\u00e7\u00e3o Final", "assunto": "Reda\u00e7\u00e3o Final o projeto de lei complementar n\u00ba 07, de 11 de outubro de 2024"}, {"id": "8561", "ano": "2024", "numero": "13", "tipo__sigla": "DDCI", "tipo__descricao": "Documentos Diversos da Controladoria Interna", "assunto": "Balancete da Despesa 05-2024\r\nEm conformidade com a determina\u00e7\u00e3o disposta no art. 48, \u00a7 1\u00ba, inciso II da Lei Complementar n\u00ba 101/2000 (Lei de Responsabilidade Fiscal), o Poder Legislativo disponibiliza \u2013 em tempo real \u2013 informa\u00e7\u00f5es pormenorizadas sobre a execu\u00e7\u00e3o or\u00e7ament\u00e1ria e financeira, em meios eletr\u00f4nicos de acesso p\u00fablico, ao pleno conhecimento e acompanhamento da sociedade."}, {"id": "7545", "ano": "2024", "numero": "14", "tipo__sigla": "OFEXP", "tipo__descricao": "Of\u00edcio Expedido", "assunto": "Solicita informa\u00e7\u00f5es sobre a concess\u00e3o do adicional de insalubridade aos auxiliares de limpeza do Executivo."}, {"id": "7559", "ano": "2024", "numero": "14", "tipo__sigla": "PARE", "tipo__descricao": "PARECER", "assunto": "Parecer Jur\u00eddico - Projeto de Lei Ordin\u00e1ria - 02 - 2024 - abertura de cr\u00e9dito adicional especial por anula\u00e7\u00e3o de dota\u00e7\u00e3o or\u00e7ament\u00e1ria. 130.000,00"}, {"id": "7604", "ano": "2024", "numero": "14", "tipo__sigla": "OCI", "tipo__descricao": "Of\u00edcios da Controladoria Interna", "assunto": "OF\u00cdCIO DA CONTROLADORIA INTERNA N.\u00ba 14/2024 \r\nASSUNTO: Declara\u00e7\u00e3o de Bens e Patrim\u00f4nio - Vereadores"}, {"id": "7678", "ano": "2024", "numero": "14", "tipo__sigla": "DI", "tipo__descricao": "Di\u00e1rias e documentos relativos", "assunto": "Di\u00e1rias e presta\u00e7\u00e3o de contas Carlos Cezar Ribeiro (Belo Horizonte- 12/03/2024 a 15/03/2024)"}, {"id": "7690", "ano": "2024", "numero": "14", "tipo__sigla": "MEM", "tipo__descricao": "Memorando", "assunto": "Solicita\u00e7\u00e3o de desconsidera\u00e7\u00e3o de marca\u00e7\u00e3o de ponto"}, {"id": "7718", "ano": "2024", "numero": "14", "tipo__sigla": "OR", "tipo__descricao": "OF\u00cdCIOS RECEBIDOS", "assunto": "Encaminha balancetes de receitas e despesas referentes ao m\u00eas de fevereiro de 2024"}, {"id": "7719", "ano": "2024", "numero": "14", "tipo__sigla": "REV", "tipo__descricao": "Relat\u00f3rios de rodagem do ve\u00edculo e outros", "assunto": "Santana da Vargem-  25/03/2024-13:50h"}, {"id": "7743", "ano": "2024", "numero": "14", "tipo__sigla": "DPA", "tipo__descricao": "Documento de Processo Administrativo", "assunto": "Remessa processual dispensa  6"}, {"id": "7757", "ano": "2024", "numero": "14", "tipo__sigla": "AT", "tipo__descricao": "ATESTADO", "assunto": "Atesta que Ruiter Silva de Oliveira esteve sob tratamento m\u00e9dico, devendo ser afastado do servi\u00e7o por 04 dias, a partir do dia 05/04/2024"}, {"id": "7801", "ano": "2024", "numero": "14", "tipo__sigla": "OVC", "tipo__descricao": "Of\u00edcio de Vereador/Comiss\u00e3o", "assunto": "Solicita informa\u00e7\u00f5es sobre o transporte das crian\u00e7as da creche"}, {"id": "7901", "ano": "2024", "numero": "14", "tipo__sigla": "ARO", "tipo__descricao": "ATAS DAS REUNI\u00d5ES ORDIN\u00c1RIAS", "assunto": "Ata da 14\u00aa reuni\u00e3o ordin\u00e1ria da 4\u00aa sess\u00e3o legislativa da 15\u00aa legislatura da C\u00e2mara Municipal de Santana da Vargem"}, {"id": "7909", "ano": "2024", "numero": "14", "tipo__sigla": "ODC", "tipo__descricao": "Of\u00edcio/documento Cont\u00e1bil", "assunto": "Atividades a serem realizadas em per\u00edodos de f\u00e9rias (20 a 29 de maio)"}, {"id": "7955", "ano": "2024", "numero": "14", "tipo__sigla": "DD", "tipo__descricao": "Documentos da Diretoria", "assunto": "Resposta ao of\u00edcio 01/2024 da comiss\u00e3o de licita\u00e7\u00e3o"}, {"id": "7982", "ano": "2024", "numero": "14", "tipo__sigla": "CERT", "tipo__descricao": "CERTIFICADO", "assunto": "Certifica que Walter Silva participou do curso \"As regras de plen\u00e1rio, atualiza\u00e7\u00e3o regimental e o poder legislador no controle pr\u00e9vio de constitucionalidade das leis municipais"}, {"id": "8055", "ano": "2024", "numero": "14", "tipo__sigla": "DEC", "tipo__descricao": "Declara\u00e7\u00e3o", "assunto": "Declara para os devidos fins, que o sr. Lucas Pereira Rabelo esteve nesta cl\u00ednica realizando exames no per\u00edodo de 11 \u00e0s 11:45 do dia 19/06/2024"}, {"id": "8059", "ano": "2024", "numero": "14", "tipo__sigla": "JUST", "tipo__descricao": "Justificativas", "assunto": "Autoriza\u00e7\u00e3o para jornada divergente Alanis Carolina Oliveira Moreira 19/06/2024"}, {"id": "8390", "ano": "2024", "numero": "14", "tipo__sigla": "DMP", "tipo__descricao": "Documentos de tribunais e do Minist\u00e9rio P\u00fablico", "assunto": "Envia c\u00f3pia do ac\u00f3rd\u00e3o referente \u00e0 A\u00e7\u00e3o Direta de Inconstitucionalidade n\u00ba 1.0000.24.14793-7/000"}, {"id": "8394", "ano": "2024", "numero": "14", "tipo__sigla": "DRF", "tipo__descricao": "Documentos Relativos a F\u00e9rias", "assunto": "Aviso de f\u00e9rias Felipe Tom\u00e9 Mota e Silva 30/09/2024 a 09/10/2024"}, {"id": "8490", "ano": "2024", "numero": "14", "tipo__sigla": "DA", "tipo__descricao": "Documento Avulso", "assunto": "Certid\u00e3o imobili\u00e1ria"}, {"id": "8492", "ano": "2024", "numero": "14", "tipo__sigla": "REDF", "tipo__descricao": "Reda\u00e7\u00e3o Final", "assunto": "Reda\u00e7\u00e3o final do projeto de lei complementar 010 de 27 de Junho de 2023"}, {"id": "8562", "ano": "2024", "numero": "14", "tipo__sigla": "DDCI", "tipo__descricao": "Documentos Diversos da Controladoria Interna", "assunto": "Balancete da Despesa 07-2024\r\nEm conformidade com a determina\u00e7\u00e3o disposta no art. 48, \u00a7 1\u00ba, inciso II da Lei Complementar n\u00ba 101/2000 (Lei de Responsabilidade Fiscal), o Poder Legislativo disponibiliza \u2013 em tempo real \u2013 informa\u00e7\u00f5es pormenorizadas sobre a execu\u00e7\u00e3o or\u00e7ament\u00e1ria e financeira, em meios eletr\u00f4nicos de acesso p\u00fablico, ao pleno conhecimento e acompanhamento da sociedade."}, {"id": "7560", "ano": "2024", "numero": "15", "tipo__sigla": "PARE", "tipo__descricao": "PARECER", "assunto": "Parecer Jur\u00eddico - Projeto de Lei Ordin\u00e1rio n\u00ba 03 - Abertura de Cr\u00e9dito Especial - Super\u00e1vit - R$ 390.266,13 (trezentos e noventa mil duzentos e sessenta e seis reais e treze centavos)"}, {"id": "7573", "ano": "2024", "numero": "15", "tipo__sigla": "OFEXP", "tipo__descricao": "Of\u00edcio Expedido", "assunto": "Responde o of\u00edcio 001/2024 contabilidade"}, {"id": "7618", "ano": "2024", "numero": "15", "tipo__sigla": "OCI", "tipo__descricao": "Of\u00edcios da Controladoria Interna", "assunto": "Oficio 15/2024\r\nASSUNTO: Adicional de titula\u00e7\u00e3o"}, {"id": "7708", "ano": "2024", "numero": "15", "tipo__sigla": "MEM", "tipo__descricao": "Memorando", "assunto": "solicita autoriza\u00e7\u00e3o para participar em curso e cancelamento de pedido anterior"}, {"id": "7720", "ano": "2024", "numero": "15", "tipo__sigla": "REV", "tipo__descricao": "Relat\u00f3rios de rodagem do ve\u00edculo e outros", "assunto": "Santana da Vargem - 25/03/2024 - 11:10"}, {"id": "7729", "ano": "2024", "numero": "15", "tipo__sigla": "DI", "tipo__descricao": "Di\u00e1rias e documentos relativos", "assunto": "Requisi\u00e7\u00e3o de di\u00e1rias Vitor Donizetti Siqueira Junior"}, {"id": "7744", "ano": "2024", "numero": "15", "tipo__sigla": "DPA", "tipo__descricao": "Documento de Processo Administrativo", "assunto": "Remessa processual, dispensa 7"}, {"id": "7749", "ano": "2024", "numero": "15", "tipo__sigla": "OR", "tipo__descricao": "OF\u00cdCIOS RECEBIDOS", "assunto": "Encaminha certid\u00f5es para projeto de lei 42 de 27 de mar\u00e7o de 2024"}, {"id": "7758", "ano": "2024", "numero": "15", "tipo__sigla": "AT", "tipo__descricao": "ATESTADO", "assunto": "Atesta que Laidia Mesquita de Souza Barbosa dever\u00e1 afastar-se do trabalho por um per\u00edodo de 180 dias a partir de 08/04/2024"}, {"id": "7802", "ano": "2024", "numero": "15", "tipo__sigla": "OVC", "tipo__descricao": "Of\u00edcio de Vereador/Comiss\u00e3o", "assunto": "Mutir\u00e3o para combate \u00e0 dengue"}, {"id": "7913", "ano": "2024", "numero": "15", "tipo__sigla": "ARO", "tipo__descricao": "ATAS DAS REUNI\u00d5ES ORDIN\u00c1RIAS", "assunto": "Ata da 15\u00aa (d\u00e9cima quinta) reuni\u00e3o ordin\u00e1ria da 4\u00aa (quarta) Sess\u00e3o Legislativa da 15\u00aa (d\u00e9cima quinta) Legislatura da C\u00e2mara Municipal de Santana da Vargem realizada no dia treze de maio de dois mil e vinte e quatro."}, {"id": "7984", "ano": "2024", "numero": "15", "tipo__sigla": "CERT", "tipo__descricao": "CERTIFICADO", "assunto": "Declara que Larissa Oliveira Naves participou do curso Aspectos Gerais das licita\u00e7\u00f5es e contrata\u00e7\u00f5es"}, {"id": "8054", "ano": "2024", "numero": "15", "tipo__sigla": "ODC", "tipo__descricao": "Of\u00edcio/documento Cont\u00e1bil", "assunto": "Solicito curso online para os servidores do setor cont\u00e1bil da C\u00e2mara Municipal de Santana da Vargem"}, {"id": "8146", "ano": "2024", "numero": "15", "tipo__sigla": "DD", "tipo__descricao": "Documentos da Diretoria", "assunto": "Encaminho o of\u00edcio do vereador Ezequiel da Silva- emenda impositiva"}, {"id": "8198", "ano": "2024", "numero": "15", "tipo__sigla": "DEC", "tipo__descricao": "Declara\u00e7\u00e3o", "assunto": "Declara\u00e7\u00e3o de bens e valores Silmara Girlaine Hon\u00f3rio - Exerc\u00edcio 2024- Ano Calend\u00e1rio 2023"}, {"id": "8203", "ano": "2024", "numero": "15", "tipo__sigla": "JUST", "tipo__descricao": "Justificativas", "assunto": "Justificativa de n\u00e3o marca\u00e7\u00e3o de ponto Felipe Tom\u00e9 30/04/2024 e 06/05/2024"}, {"id": "8395", "ano": "2024", "numero": "15", "tipo__sigla": "DRF", "tipo__descricao": "Documentos Relativos a F\u00e9rias", "assunto": "Aviso de f\u00e9rias Felipe Tom\u00e9 Mota e Silva 21/10/2024 a 30/10/2024"}, {"id": "8518", "ano": "2024", "numero": "15", "tipo__sigla": "DA", "tipo__descricao": "Documento Avulso", "assunto": "Servi\u00e7o prestados por contrato- Unimed"}, {"id": "8563", "ano": "2024", "numero": "15", "tipo__sigla": "DDCI", "tipo__descricao": "Documentos Diversos da Controladoria Interna", "assunto": "Em conformidade com a determina\u00e7\u00e3o disposta no art. 48, \u00a7 1\u00ba, inciso II da Lei Complementar n\u00ba 101/2000 (Lei de Responsabilidade Fiscal), o Poder Legislativo disponibiliza \u2013 em tempo real \u2013 informa\u00e7\u00f5es pormenorizadas sobre a execu\u00e7\u00e3o or\u00e7ament\u00e1ria e financeira, em meios eletr\u00f4nicos de acesso p\u00fablico, ao pleno conhecimento e acompanhamento da sociedade."}, {"id": "7561", "ano": "2024", "numero": "16", "tipo__sigla": "PARE", "tipo__descricao": "PARECER", "assunto": "Parecer Jur\u00eddico - Projeto de Lei Ordin\u00e1ria n\u00ba 11 - 2024 - Abertura de Cr\u00e9dito Adicional Especial - Super\u00e1vit - R$ 1.376.784,28 (um milh\u00e3o trezentos e setenta e seis mil setecentos e oitenta e quatro reais e vinte e oito reais)"}, {"id": "7574", "ano": "2024", "numero": "16", "tipo__sigla": "OFEXP", "tipo__descricao": "Of\u00edcio Expedido", "assunto": "Suspende as f\u00e9rias do assistente legislativo"}, {"id": "7635", "ano": "2024", "numero": "16", "tipo__sigla": "OCI", "tipo__descricao": "Of\u00edcios da Controladoria Interna", "assunto": "OF\u00cdCIO DA CONTROLADORIA INTERNA N.\u00ba 16/2024\r\nASSUNTO: Relat\u00f3rio mensal ref. a fevereiro /2024  \r\n\u00c1  Exma Sra. Ex Pres. Maria Aparecida de Ara\u00fajo Reis"}, {"id": "7721", "ano": "2024", "numero": "16", "tipo__sigla": "REV", "tipo__descricao": "Relat\u00f3rios de rodagem do ve\u00edculo e outros", "assunto": "Santana da Vargem- 27/03/2024- 13:25h"}, {"id": "7723", "ano": "2024", "numero": "16", "tipo__sigla": "MEM", "tipo__descricao": "Memorando", "assunto": "Solicita autoriza\u00e7\u00e3o para levar pra casa os processos de dispensa de licita\u00e7\u00e3o, 7, 8 e 9"}, {"id": "7734", "ano": "2024", "numero": "16", "tipo__sigla": "DI", "tipo__descricao": "Di\u00e1rias e documentos relativos", "assunto": "Requisi\u00e7\u00e3o de di\u00e1rias Jackson Luiz Ven\u00e2ncio de Souza (Belo Horizonte- 09/04/2024 a 12/04/2024)"}, {"id": "7745", "ano": "2024", "numero": "16", "tipo__sigla": "DPA", "tipo__descricao": "Documento de Processo Administrativo", "assunto": "Remessa processual dispensa 8"}, {"id": "7751", "ano": "2024", "numero": "16", "tipo__sigla": "OR", "tipo__descricao": "OF\u00cdCIOS RECEBIDOS", "assunto": "Solicita emenda parlamentar para escola de samba unidos da ZQ"}, {"id": "7759", "ano": "2024", "numero": "16", "tipo__sigla": "AT", "tipo__descricao": "ATESTADO", "assunto": "Atesta que Laidia Mesquita de Souza Barbosa esteve em consulta m\u00e9dica em 05 de Abril de 2024"}, {"id": "7803", "ano": "2024", "numero": "16", "tipo__sigla": "OVC", "tipo__descricao": "Of\u00edcio de Vereador/Comiss\u00e3o", "assunto": "Solicita informa\u00e7\u00f5es sobre estrat\u00e9gia para facilitar o acesso dos vendedores locais \u00e0 Festa de Santana da Vargem"}, {"id": "7921", "ano": "2024", "numero": "16", "tipo__sigla": "ARO", "tipo__descricao": "ATAS DAS REUNI\u00d5ES ORDIN\u00c1RIAS", "assunto": "Ata da 16\u00aa(d\u00e9cima sexta) reuni\u00e3o Ordin\u00e1ria da 4\u00aa(quarta) Sess\u00e3o Legislativa da 15\u00aa(d\u00e9cima quinta) Legislatura da C\u00e2mara Municipal de Santana da Vargem realizada no vinte e um de maior de dois e vinte e quatro."}, {"id": "8026", "ano": "2024", "numero": "16", "tipo__sigla": "CERT", "tipo__descricao": "CERTIFICADO", "assunto": "Certifica que Alanis Carolina de Oliveira Moreira concluiu o curso PR\u00c1TICO DE FORMA\u00c7\u00c3O E ATUALIZA\u00c7\u00c3O DE AGENTE DE CONTRATA\u00c7\u00c3O, PREGOEIRO E EQUIPE DE APOIO"}, {"id": "8069", "ano": "2024", "numero": "16", "tipo__sigla": "ODC", "tipo__descricao": "Of\u00edcio/documento Cont\u00e1bil", "assunto": "Certid\u00e3o negativa de d\u00e9bitos relativos \u00e0 cr\u00e9ditos tribut\u00e1rios federais e a d\u00edvida ativa da Uni\u00e3o -fornecedor Roney Vitor da Silva LTDA"}, {"id": "8204", "ano": "2024", "numero": "16", "tipo__sigla": "JUST", "tipo__descricao": "Justificativas", "assunto": "Justificativa de n\u00e3o marca\u00e7\u00e3o de ponto eletr\u00f4nico Lucas Pereira Rabelo 30/04, 03/05, 06/05, 10/05 e 20/05 de 2024"}, {"id": "8209", "ano": "2024", "numero": "16", "tipo__sigla": "DEC", "tipo__descricao": "Declara\u00e7\u00e3o", "assunto": "Declara\u00e7\u00e3o de bens e valores Laidia Mesquita de Sousa Barbosa- Exerc\u00edcio 2024- Ano Calend\u00e1rio 2023"}, {"id": "8396", "ano": "2024", "numero": "16", "tipo__sigla": "DRF", "tipo__descricao": "Documentos Relativos a F\u00e9rias", "assunto": "Aviso de f\u00e9rias Laidia Mesquista de Sousa Barbosa 02/10/2024 a 31/10/2024"}, {"id": "8498", "ano": "2024", "numero": "16", "tipo__sigla": "DD", "tipo__descricao": "Documentos da Diretoria", "assunto": "Encaminha d\u00favidas da comiss\u00e3o de compras"}, {"id": "8564", "ano": "2024", "numero": "16", "tipo__sigla": "DDCI", "tipo__descricao": "Documentos Diversos da Controladoria Interna", "assunto": "Balancete da Despesa 09-2024\r\nEm conformidade com a determina\u00e7\u00e3o disposta no art. 48, \u00a7 1\u00ba, inciso II da Lei Complementar n\u00ba 101/2000 (Lei de Responsabilidade Fiscal), o Poder Legislativo disponibiliza \u2013 em tempo real \u2013 informa\u00e7\u00f5es pormenorizadas sobre a execu\u00e7\u00e3o or\u00e7ament\u00e1ria e financeira, em meios eletr\u00f4nicos de acesso p\u00fablico, ao pleno conhecimento e acompanhamento da sociedade."}, {"id": "7562", "ano": "2024", "numero": "17", "tipo__sigla": "PARE", "tipo__descricao": "PARECER", "assunto": "Parecer jur\u00eddico - Projeto de Lei Ordin\u00e1ria n\u00ba 04 - 2024 - Abertura de Cr\u00e9dito Especial - Super\u00e1vit - R$ 127.455,59 (cento e vinte e sete mil quatrocentos e cinquenta e cinco reais e cinquenta e nove reais)"}, {"id": "7581", "ano": "2024", "numero": "17", "tipo__sigla": "OFEXP", "tipo__descricao": "Of\u00edcio Expedido", "assunto": "Solicita a comiss\u00e3o de compras a abertura do processo administrativo para contrata\u00e7\u00e3o do curso : Regras do processo legislativo e d\u00favidas de rotinas nas c\u00e2maras municipais"}, {"id": "7636", "ano": "2024", "numero": "17", "tipo__sigla": "OCI", "tipo__descricao": "Of\u00edcios da Controladoria Interna", "assunto": "OF\u00cdCIO DA CONTROLADORIA INTERNA N.\u00ba 17/2024\r\nASSUNTO: Relat\u00f3rio mensal ref. a fevereiro /2024"}, {"id": "7722", "ano": "2024", "numero": "17", "tipo__sigla": "REV", "tipo__descricao": "Relat\u00f3rios de rodagem do ve\u00edculo e outros", "assunto": "Santana da Vargem- 27/03/2024- 11:45h"}, {"id": "7735", "ano": "2024", "numero": "17", "tipo__sigla": "DI", "tipo__descricao": "Di\u00e1rias e documentos relativos", "assunto": "Requisi\u00e7\u00e3o de di\u00e1rias Ruiter Silva de Oliveira (Belo Horizonte- 16/04/2024 a 19/04/2024)"}, {"id": "7763", "ano": "2024", "numero": "17", "tipo__sigla": "AT", "tipo__descricao": "ATESTADO", "assunto": "Relata que Larissa Oliveira Naves esteve em consulta para exames preventivos (papanicolau)"}, {"id": "7767", "ano": "2024", "numero": "17", "tipo__sigla": "OR", "tipo__descricao": "OF\u00cdCIOS RECEBIDOS", "assunto": "Encaminha certid\u00f5es de inteiro teor e minute de termo de  concess\u00e3o onerosa para serem anexados ao projeto de lei 042/2024"}, {"id": "7773", "ano": "2024", "numero": "17", "tipo__sigla": "MEM", "tipo__descricao": "Memorando", "assunto": "Solicita autoriza\u00e7\u00e3o para levar os processos de dispensa de 11 ao 16 e o notebook"}, {"id": "7777", "ano": "2024", "numero": "17", "tipo__sigla": "DPA", "tipo__descricao": "Documento de Processo Administrativo", "assunto": "Remessa processual- salgadinhos"}, {"id": "7829", "ano": "2024", "numero": "17", "tipo__sigla": "OVC", "tipo__descricao": "Of\u00edcio de Vereador/Comiss\u00e3o", "assunto": "Solicita informa\u00e7\u00f5es sobre os credenciados e da convoca\u00e7\u00e3o do 2\u00ba Concurso P\u00fablico"}, {"id": "7958", "ano": "2024", "numero": "17", "tipo__sigla": "ARO", "tipo__descricao": "ATAS DAS REUNI\u00d5ES ORDIN\u00c1RIAS", "assunto": "Ata da 17\u00aa reuni\u00e3o ordin\u00e1ria da 4\u00aa sess\u00e3o legislativa da 15\u00aa legislatura da C\u00e2mara Municipal de Santana da Vargem"}, {"id": "8027", "ano": "2024", "numero": "17", "tipo__sigla": "CERT", "tipo__descricao": "CERTIFICADO", "assunto": "Certifica que Cleber de Brito concluiu o curso Pr\u00e1tico de Forma\u00e7\u00e3o e Atualiza\u00e7\u00e3o de Agente de Contrata\u00e7\u00e3o, pregoeiro e equipe de apoio"}, {"id": "8153", "ano": "2024", "numero": "17", "tipo__sigla": "ODC", "tipo__descricao": "Of\u00edcio/documento Cont\u00e1bil", "assunto": "F\u00e9rias exerc\u00edcio 2024- Alanis Carolina Oliveira Moreira"}, {"id": "8210", "ano": "2024", "numero": "17", "tipo__sigla": "DEC", "tipo__descricao": "Declara\u00e7\u00e3o", "assunto": "Declara\u00e7\u00e3o de bens e valores Ronalthe Dayglas Rocha- Exerc\u00edcio 2024- Ano Calend\u00e1rio 2023"}, {"id": "8223", "ano": "2024", "numero": "17", "tipo__sigla": "JUST", "tipo__descricao": "Justificativas", "assunto": "Autoriza\u00e7\u00e3o para jornada divergente Larissa Oliveira Naves 05/08/2024"}, {"id": "8422", "ano": "2024", "numero": "17", "tipo__sigla": "DRF", "tipo__descricao": "Documentos Relativos a F\u00e9rias", "assunto": "Aviso de f\u00e9rias Emerson Silva Ara\u00fajo 07/10/2024 a 16/10/2024"}, {"id": "8499", "ano": "2024", "numero": "17", "tipo__sigla": "DD", "tipo__descricao": "Documentos da Diretoria", "assunto": "Encaminha d\u00favidas da comiss\u00e3o de compras"}, {"id": "8565", "ano": "2024", "numero": "17", "tipo__sigla": "DDCI", "tipo__descricao": "Documentos Diversos da Controladoria Interna", "assunto": "Balancete da Despesa 10-2024\r\nEm conformidade com a determina\u00e7\u00e3o disposta no art. 48, \u00a7 1\u00ba, inciso II da Lei Complementar n\u00ba 101/2000 (Lei de Responsabilidade Fiscal), o Poder Legislativo disponibiliza \u2013 em tempo real \u2013 informa\u00e7\u00f5es pormenorizadas sobre a execu\u00e7\u00e3o or\u00e7ament\u00e1ria e financeira, em meios eletr\u00f4nicos de acesso p\u00fablico, ao pleno conhecimento e acompanhamento da sociedade."}, {"id": "7563", "ano": "2024", "numero": "18", "tipo__sigla": "PARE", "tipo__descricao": "PARECER", "assunto": "Parecer Jur\u00eddico - Projeto de Lei Ordin\u00e1rio n\u00ba 05 - 2024 - Abertura de Cr\u00e9dito Especial - Super\u00e1vit - R$ 132.472,48 (cento e trinta e dois mil quatrocentos e setenta e dois reais e quarenta e oito centavos)"}, {"id": "7592", "ano": "2024", "numero": "18", "tipo__sigla": "OFEXP", "tipo__descricao": "Of\u00edcio Expedido", "assunto": "Encaminha as indica\u00e7\u00f5es 01, 02, 03 e 04 do vereador Vitor Donizetti Siqueira Junior"}, {"id": "7765", "ano": "2024", "numero": "18", "tipo__sigla": "AT", "tipo__descricao": "ATESTADO", "assunto": "Informa o direito de prorroga\u00e7\u00e3o do benef\u00edcio de incapacidade a partir de 12/04/2024 - Servidora Alanis Carolina de Oliveira Moreira"}, {"id": "7778", "ano": "2024", "numero": "18", "tipo__sigla": "DPA", "tipo__descricao": "Documento de Processo Administrativo", "assunto": "Remessa processual- utens\u00edlios dom\u00e9sticos"}, {"id": "7781", "ano": "2024", "numero": "18", "tipo__sigla": "OCI", "tipo__descricao": "Of\u00edcios da Controladoria Interna", "assunto": "Requer prorroga\u00e7\u00e3o da licen\u00e7a maternidade pelo per\u00edodo de 60 dias"}, {"id": "7782", "ano": "2024", "numero": "18", "tipo__sigla": "OR", "tipo__descricao": "OF\u00cdCIOS RECEBIDOS", "assunto": "Resposta indica\u00e7\u00f5es Vitor Donizetti Siqueira Junior"}, {"id": "7789", "ano": "2024", "numero": "18", "tipo__sigla": "DI", "tipo__descricao": "Di\u00e1rias e documentos relativos", "assunto": "Relat\u00f3rio e presta\u00e7\u00e3o de contas Jackson Luiz Ven\u00e2ncio de Souza (Belo Horizonte- 09/04/2024 a 12/04/2024)"}, {"id": "7793", "ano": "2024", "numero": "18", "tipo__sigla": "REV", "tipo__descricao": "Relat\u00f3rios de rodagem do ve\u00edculo e outros", "assunto": "Relat\u00f3rio de rodagem ve\u00edculo Emerson Silva de Oliveira (Belo Horizonte- 09/04/2024)"}, {"id": "7839", "ano": "2024", "numero": "18", "tipo__sigla": "MEM", "tipo__descricao": "Memorando", "assunto": "Solicita autoriza\u00e7\u00e3o para levar os processos de dispensa e notebook"}, {"id": "7860", "ano": "2024", "numero": "18", "tipo__sigla": "OVC", "tipo__descricao": "Of\u00edcio de Vereador/Comiss\u00e3o", "assunto": "Solicita informa\u00e7\u00f5es relativas aos pacientes que fazem tratamento de hemodi\u00e1lise do Munic\u00edpio de Santana da Vargem"}, {"id": "7997", "ano": "2024", "numero": "18", "tipo__sigla": "ARO", "tipo__descricao": "ATAS DAS REUNI\u00d5ES ORDIN\u00c1RIAS", "assunto": "Ata da 18\u00aa reuni\u00e3o ordin\u00e1ria da 4\u00aa sess\u00e3o legislativa da 15\u00aa legislatura"}, {"id": "8034", "ano": "2024", "numero": "18", "tipo__sigla": "CERT", "tipo__descricao": "CERTIFICADO", "assunto": "Certifica que Felipe Tom\u00e9 Mota e Silva conclui o curso PRATICO DE FORMA\u00c7\u00c3O E ATUALIZA\u00c7\u00c3O DE AGENTE DE CONTRATA\u00c7\u00c3O, PREGOEIRO E EQUIPE DE APOIO"}, {"id": "8154", "ano": "2024", "numero": "18", "tipo__sigla": "ODC", "tipo__descricao": "Of\u00edcio/documento Cont\u00e1bil", "assunto": "Rela\u00e7\u00e3o de empenhos que ainda n\u00e3o foram pagos - Lucas Pereira Rabelo"}, {"id": "8211", "ano": "2024", "numero": "18", "tipo__sigla": "DEC", "tipo__descricao": "Declara\u00e7\u00e3o", "assunto": "Declara\u00e7\u00e3o de bens e valores Ezequiel da Silva- Exerc\u00edcio 2024- Ano Calend\u00e1rio 2023"}, {"id": "8248", "ano": "2024", "numero": "18", "tipo__sigla": "JUST", "tipo__descricao": "Justificativas", "assunto": "Solicito autoriza\u00e7\u00e3o para jornada divergente Alanis Carolina de Oliveira Moreira - 08/08/2024"}, {"id": "8428", "ano": "2024", "numero": "18", "tipo__sigla": "DRF", "tipo__descricao": "Documentos Relativos a F\u00e9rias", "assunto": "Aviso de f\u00e9rias Ruiter Silva de Oliveira 14/10/2024 a 23/10/2024"}, {"id": "8500", "ano": "2024", "numero": "18", "tipo__sigla": "DD", "tipo__descricao": "Documentos da Diretoria", "assunto": "Resposta ao of\u00edcio 029 da contabilidade"}, {"id": "8566", "ano": "2024", "numero": "18", "tipo__sigla": "DDCI", "tipo__descricao": "Documentos Diversos da Controladoria Interna", "assunto": "Balancete da Despesa 11-2024"}, {"id": "7564", "ano": "2024", "numero": "19", "tipo__sigla": "PARE", "tipo__descricao": "PARECER", "assunto": "Parecer Jur\u00eddico - Projeto de Lei Ordin\u00e1rio n\u00ba 06 - 2024 - Abertura de Cr\u00e9dito Especial - Super\u00e1vit - R$ 44.231,83 (quarenta e quatro mil duzentos e trinta e um reais e oitenta e tr\u00eas centavos)"}, {"id": "7599", "ano": "2024", "numero": "19", "tipo__sigla": "OFEXP", "tipo__descricao": "Of\u00edcio Expedido", "assunto": "Encaminha projetos de lei aprovados na 5 \u00aa reuni\u00e3o ordin\u00e1ria"}, {"id": "7779", "ano": "2024", "numero": "19", "tipo__sigla": "AT", "tipo__descricao": "ATESTADO", "assunto": "Atesta que Lucas Pereira Rabelo esteve sob tratamento m\u00e9dico por 7 dias a partir do dia 09/04/2024"}, {"id": "7783", "ano": "2024", "numero": "19", "tipo__sigla": "OR", "tipo__descricao": "OF\u00cdCIOS RECEBIDOS", "assunto": "Resposta of\u00edcio vereador Luiz Felipe (valor gasto em obra)"}, {"id": "7790", "ano": "2024", "numero": "19", "tipo__sigla": "DI", "tipo__descricao": "Di\u00e1rias e documentos relativos", "assunto": "Relat\u00f3rio e presta\u00e7\u00e3o de contas Vitor Donizetti Siqueira Junior (Belo Horizonte- 09/04/2024 a 12/04/2024)"}, {"id": "7822", "ano": "2024", "numero": "19", "tipo__sigla": "DPA", "tipo__descricao": "Documento de Processo Administrativo", "assunto": "Recebimento do processo 08/2024- Dispensa 4 no dia 23/04/2024"}, {"id": "7859", "ano": "2024", "numero": "19", "tipo__sigla": "MEM", "tipo__descricao": "Memorando", "assunto": "Solicita autoriza\u00e7\u00e3o para levar para a casa os documentos relativos aos projetos de lei em tramita\u00e7\u00e3o"}, {"id": "7880", "ano": "2024", "numero": "19", "tipo__sigla": "OVC", "tipo__descricao": "Of\u00edcio de Vereador/Comiss\u00e3o", "assunto": "Solicita informa\u00e7\u00f5es acerca dos recursos empregados das emendas impositivas previstas para serem utilizadas na estrutura dos im\u00f3veis doados para constru\u00e7\u00e3o de moradias populares"}, {"id": "8047", "ano": "2024", "numero": "19", "tipo__sigla": "ARO", "tipo__descricao": "ATAS DAS REUNI\u00d5ES ORDIN\u00c1RIAS", "assunto": "Ata da 19\u00aa reuni\u00e3o ordin\u00e1ria da 4\u00aa sess\u00e3o legislativa da 15\u00aa legislatura da C\u00e2mara Municipal de Santana da Vargem"}, {"id": "8109", "ano": "2024", "numero": "19", "tipo__sigla": "CERT", "tipo__descricao": "CERTIFICADO", "assunto": "Certifica que Carlos C\u00e9zar Ribeiro participou do 583 Curso de Capacita\u00e7\u00e3o com o tema: \"Regras para fixa\u00e7\u00e3o dos subs\u00eddios dos agentes pol\u00edticos para a legislatura 2025/2028 e orienta\u00e7\u00f5es de controle externo"}, {"id": "8167", "ano": "2024", "numero": "19", "tipo__sigla": "ODC", "tipo__descricao": "Of\u00edcio/documento Cont\u00e1bil", "assunto": "encaminha certificado do curso: forma\u00e7\u00e3o de servidores no e-social"}, {"id": "8249", "ano": "2024", "numero": "19", "tipo__sigla": "JUST", "tipo__descricao": "Justificativas", "assunto": "Justificativa de dupla marca\u00e7\u00e3o de ponto - Ruiter Silva de Oliveira 05/08/2024"}, {"id": "8254", "ano": "2024", "numero": "19", "tipo__sigla": "DEC", "tipo__descricao": "Declara\u00e7\u00e3o", "assunto": "Declara\u00e7\u00e3o de bens e valores Walter Silva- exerc\u00edcio 2024- ano calend\u00e1rio 2023"}, {"id": "8387", "ano": "2024", "numero": "19", "tipo__sigla": "OCI", "tipo__descricao": "Of\u00edcios da Controladoria Interna", "assunto": "Solicita altera\u00e7\u00e3o do planejamento de f\u00e9rias, para gozo integral com in\u00edcio em 02/10/2024 (per\u00edodo aquisitivo 02/10/2023 a 01/10/2023)"}, {"id": "8511", "ano": "2024", "numero": "19", "tipo__sigla": "DD", "tipo__descricao": "Documentos da Diretoria", "assunto": "Apresenta aus\u00eancia na quinta feira, dia 21 de novembro de 2024 em raz\u00e3o de anivers\u00e1rio, artigo 164, inciso III Estatuto dos Servidores P\u00fablicos do Munic\u00edpio"}, {"id": "8588", "ano": "2024", "numero": "19", "tipo__sigla": "DDCI", "tipo__descricao": "Documentos Diversos da Controladoria Interna", "assunto": "Planejamento Anual de Contrata\u00e7\u00f5es da C\u00e2mara Municipal de Santana da Vargem - PAC 2025"}, {"id": "7565", "ano": "2024", "numero": "20", "tipo__sigla": "PARE", "tipo__descricao": "PARECER", "assunto": "Parecer Jur\u00eddico - Projeto de Lei Ordin\u00e1rio n\u00ba 07 - 2024 - Abertura de Cr\u00e9dito Especial - Super\u00e1vit -R$ 269.850,63 (duzentos e sessenta e nove mil oitocentos e cinquenta reais e sessenta e tr\u00eas centavos)"}, {"id": "7613", "ano": "2024", "numero": "20", "tipo__sigla": "OFEXP", "tipo__descricao": "Of\u00edcio Expedido", "assunto": "Solicita ao setor de tributa\u00e7\u00e3o que seja emitida guia de IRRF referente a folha de fevereiro de 2024"}, {"id": "7794", "ano": "2024", "numero": "20", "tipo__sigla": "OR", "tipo__descricao": "OF\u00cdCIOS RECEBIDOS", "assunto": "Resposta indica\u00e7\u00e3o vereadora Silmara"}, {"id": "7805", "ano": "2024", "numero": "20", "tipo__sigla": "AT", "tipo__descricao": "ATESTADO", "assunto": "atesta para os devidos fins que o paciente esteve em consulta m\u00e9dica das 11 as 12"}, {"id": "7810", "ano": "2024", "numero": "20", "tipo__sigla": "DI", "tipo__descricao": "Di\u00e1rias e documentos relativos", "assunto": "Relat\u00f3rio e presta\u00e7\u00e3o de contas Ruiter Silva de Oliveira (Belo Horizonte- 16/04/2024 a 19/04/2024)"}, {"id": "7823", "ano": "2024", "numero": "20", "tipo__sigla": "DPA", "tipo__descricao": "Documento de Processo Administrativo", "assunto": "Remessa processual  processo 08/2024- dispensa 4 para o membro A"}, {"id": "7846", "ano": "2024", "numero": "20", "tipo__sigla": "REV", "tipo__descricao": "Relat\u00f3rios de rodagem do ve\u00edculo e outros", "assunto": "Relat\u00f3rio de rodagem Pouso Alegre 25/04/2024"}, {"id": "7881", "ano": "2024", "numero": "20", "tipo__sigla": "MEM", "tipo__descricao": "Memorando", "assunto": "Aus\u00eancia no trabalho por motivo de vel\u00f3rio"}, {"id": "7889", "ano": "2024", "numero": "20", "tipo__sigla": "OVC", "tipo__descricao": "Of\u00edcio de Vereador/Comiss\u00e3o", "assunto": "Solicita informa\u00e7\u00f5es acerca da gest\u00e3o do cemit\u00e9rio P\u00fablico Municipal e da arrecada\u00e7\u00e3o p\u00fablica a partir da cria\u00e7\u00e3o das taxas do cemit\u00e9rio"}, {"id": "8085", "ano": "2024", "numero": "20", "tipo__sigla": "ARO", "tipo__descricao": "ATAS DAS REUNI\u00d5ES ORDIN\u00c1RIAS", "assunto": "Ata da 20\u00aa reuni\u00e3o ordin\u00e1ria da 4\u00aa sess\u00e3o legislativa da 15\u00aa legislatura da C\u00e2mara Municipal de Santana da Vargem"}, {"id": "8110", "ano": "2024", "numero": "20", "tipo__sigla": "CERT", "tipo__descricao": "CERTIFICADO", "assunto": "Certifica que Ezequiel da Silva participou do 583 Curso de Capacita\u00e7\u00e3o com o tema: \"Regras para fixa\u00e7\u00e3o dos subs\u00eddios dos agentes pol\u00edticos para a legislatura 2025/2028 e orienta\u00e7\u00f5es de controle externo"}, {"id": "8250", "ano": "2024", "numero": "20", "tipo__sigla": "ODC", "tipo__descricao": "Of\u00edcio/documento Cont\u00e1bil", "assunto": "F\u00e9rias do servidor Felipe Tom\u00e9 Mota e Silva- matr\u00edcula 64"}, {"id": "8255", "ano": "2024", "numero": "20", "tipo__sigla": "DEC", "tipo__descricao": "Declara\u00e7\u00e3o", "assunto": "Declara\u00e7\u00e3o de bens e valores Jackson Luiz Ven\u00e2ncio de Souza - exerc\u00edcio 2024- ano calend\u00e1rio 2023"}, {"id": "8344", "ano": "2024", "numero": "20", "tipo__sigla": "JUST", "tipo__descricao": "Justificativas", "assunto": "Justificativas de n\u00e3o marca\u00e7\u00e3o de ponto eletr\u00f4nico Ruiter Silva de Oliveira"}, {"id": "8470", "ano": "2024", "numero": "20", "tipo__sigla": "OCI", "tipo__descricao": "Of\u00edcios da Controladoria Interna", "assunto": "Of\u00edcio  da Controladoria Interna 18/2024\r\nRef: ciencia \u00e0 Exma Pres. sobre o Plano Anual de Auditoria -PPA"}, {"id": "8514", "ano": "2024", "numero": "20", "tipo__sigla": "DD", "tipo__descricao": "Documentos da Diretoria", "assunto": "Solicita informa\u00e7\u00f5es a Secretaria Municipal de Fazenda para corre\u00e7\u00e3o projeto de lei ordin\u00e1ria n\u00ba70/2024 - LOA para o exerc\u00edcio 2025, a pedido da presid\u00eancia, conforme parecer jur\u00eddico."}, {"id": "8609", "ano": "2024", "numero": "20", "tipo__sigla": "DDCI", "tipo__descricao": "Documentos Diversos da Controladoria Interna", "assunto": "OF\u00cdCIO DA CONTROLADORIA INTERNA N.\u00ba 28/2024\r\nSantana da Vargem, 16 de dezembro de 2024.\r\nASSUNTO: Recomenda\u00e7\u00e3o sobre envio de listas de presen\u00e7a para controle e transpar\u00eancia\r\n\r\n\u00c0  Excelent\u00edssima Sra. Pres. Maria Aparecida de Ara\u00fajo e Sra; Isabela Louren\u00e7oni - RH\r\n\r\nCumprimentando-as cordialmente, a Controladoria Interna, no uso de suas atribui\u00e7\u00f5es legais e considerando os princ\u00edpios da transpar\u00eancia e do controle eficaz das informa\u00e7\u00f5es relativas \u00e0 presen\u00e7a dos vereadores nas sess\u00f5es e reuni\u00f5es de comiss\u00f5es desta Casa Legislativa, vem por meio deste RECOMENDAR que, para os pr\u00f3ximos fechamentos de presen\u00e7a base para o pagamento dos subs\u00eddios dos vereadores, sejam anexados pelo RH, ao fechamento do ponto as seguintes documenta\u00e7\u00f5es:\r\n\r\n1. C\u00f3pia das listas de presen\u00e7a dos vereadores nas reuni\u00f5es das comiss\u00f5es;\r\n2. C\u00f3pia das listas de presen\u00e7a nas sess\u00f5es ordin\u00e1rias e extraordin\u00e1rias. (...)"}, {"id": "7566", "ano": "2024", "numero": "21", "tipo__sigla": "PARE", "tipo__descricao": "PARECER", "assunto": "Parecer Jur\u00eddico - Projeto de Lei Ordin\u00e1rio n\u00ba 08 - 2024 - Abertura de Cr\u00e9dito Especial - Super\u00e1vit -R$ 91.060,45 (noventa e um mil sessenta reais e quarenta e cinco centavos)"}, {"id": "7612", "ano": "2024", "numero": "21", "tipo__sigla": "OFEXP", "tipo__descricao": "Of\u00edcio Expedido", "assunto": "Solicita que seja emitida uma guia de pagamento referente ais rendimentos de aplica\u00e7\u00e3o do m\u00eas de fevereiro de 2024"}, {"id": "7795", "ano": "2024", "numero": "21", "tipo__sigla": "OR", "tipo__descricao": "OF\u00cdCIOS RECEBIDOS", "assunto": "Responde indica\u00e7\u00f5es 005, 006, 007 e requerimento 001 do vereador Vitor Donizetti Siqueira"}, {"id": "7813", "ano": "2024", "numero": "21", "tipo__sigla": "DI", "tipo__descricao": "Di\u00e1rias e documentos relativos", "assunto": "Requisi\u00e7\u00e3o de di\u00e1rias Felipe Tom\u00e9 Mota e Silva (Pouso Alegre- 25/04/2024)"}, {"id": "7824", "ano": "2024", "numero": "21", "tipo__sigla": "DPA", "tipo__descricao": "Documento de Processo Administrativo", "assunto": "Remessa processual processo 20/2024 para que o membro A junte ETP"}, {"id": "7826", "ano": "2024", "numero": "21", "tipo__sigla": "AT", "tipo__descricao": "ATESTADO", "assunto": "Atesta que Wiliane Aparecida Delc\u00eddio esteve sob tratamento m\u00e9dico devendo ser afastada no per\u00edodo da tarde 23/04/2024"}, {"id": "7856", "ano": "2024", "numero": "21", "tipo__sigla": "REV", "tipo__descricao": "Relat\u00f3rios de rodagem do ve\u00edculo e outros", "assunto": "Levar funcion\u00e1rio Ruiter para fazer curso de capacita\u00e7\u00e3o (Belo Horizonte- 16/04/2024 a 19/04/2024)"}, {"id": "7887", "ano": "2024", "numero": "21", "tipo__sigla": "MEM", "tipo__descricao": "Memorando", "assunto": "Solicita autoriza\u00e7\u00e3o para levar para Casa notebook e processos"}, {"id": "7914", "ano": "2024", "numero": "21", "tipo__sigla": "OVC", "tipo__descricao": "Of\u00edcio de Vereador/Comiss\u00e3o", "assunto": "Solicita\u00e7\u00e3o e justificativa para realiza\u00e7\u00e3o do curso: Regras de plen\u00e1rio, atualiza\u00e7\u00e3o regimental e o poder legislador no controle pr\u00e9vio de constitucionalidade das leis municipais."}, {"id": "8131", "ano": "2024", "numero": "21", "tipo__sigla": "ARO", "tipo__descricao": "ATAS DAS REUNI\u00d5ES ORDIN\u00c1RIAS", "assunto": "Ata da 21\u00aa reuni\u00e3o ordin\u00e1ria da 4\u00aa sess\u00e3o legislativa da 15\u00aa legislatura"}, {"id": "8132", "ano": "2024", "numero": "21", "tipo__sigla": "CERT", "tipo__descricao": "CERTIFICADO", "assunto": "Certifica que Vitor Donizetti Siqueira Junior participou do curso \"Calend\u00e1rio Eleitoral, Condutas Vedadas e os Cuidados na Transi\u00e7\u00e3o de Mandato\" que se realizou nos dias 25 a 28 de junho de 2024"}, {"id": "8261", "ano": "2024", "numero": "21", "tipo__sigla": "DEC", "tipo__descricao": "Declara\u00e7\u00e3o", "assunto": "Declara\u00e7\u00e3o de bens e valores Carlos C\u00e9zar Ribeiro - exerc\u00edcio 2024 ano calend\u00e1rio 2023"}, {"id": "8263", "ano": "2024", "numero": "21", "tipo__sigla": "ODC", "tipo__descricao": "Of\u00edcio/documento Cont\u00e1bil", "assunto": "Solicita Concess\u00e3o de T\u00edtulo Declarat\u00f3rio de Estabilidade"}, {"id": "8400", "ano": "2024", "numero": "21", "tipo__sigla": "JUST", "tipo__descricao": "Justificativas", "assunto": "Justificativa de n\u00e3o marca\u00e7\u00e3o de ponto eletr\u00f4nico Lucas Pereira Rabelo 12/09/2024"}, {"id": "8471", "ano": "2024", "numero": "21", "tipo__sigla": "OCI", "tipo__descricao": "Of\u00edcios da Controladoria Interna", "assunto": "Oficio da Controladoria Interna 19/2024 - Solicita\u00e7\u00e3o \u00e0 $Exma Sra Pres. de autoriza\u00e7\u00e3o para realiza\u00e7\u00e3o dos descansos especiais para amamenta\u00e7\u00e3o no final  da jornada di\u00e1ria."}, {"id": "8546", "ano": "2024", "numero": "21", "tipo__sigla": "DD", "tipo__descricao": "Documentos da Diretoria", "assunto": "Registro de ponto dos servidores Emerson Silva Ara\u00fajo, Felipe Tom\u00e9 Mota e Silva e Lucas Pereira Rabelo, no dia 26 de novembro de 2024."}, {"id": "8620", "ano": "2024", "numero": "21", "tipo__sigla": "DDCI", "tipo__descricao": "Documentos Diversos da Controladoria Interna", "assunto": "Ata da 3\u00aa reuni\u00e3o da Comiss\u00e3o de Patrim\u00f4nio\r\nAos 17 dias do m\u00eas de novembro de 2024, \u00e0s  8h reuniram-se na sede  da C\u00e2mara Municipal de Santana da Vargem/Mg os membros da Comiss\u00e3o de Patrim\u00f4nio, nomeados por meio das Portarias 03 de 02 de janeiro de 2023 e 65 de 24 de novembro de 2024,  realizar a confer\u00eancia e baixa dos bens m\u00f3veis inserv\u00edveis descritos no Of\u00edcio da Presidente n.\u00ba 175/2024; Os intens foram colocados a disposi\u00e7\u00e3o para retirada pelo Executivo, foram baixados no sistema gerencial Betha Cloud, bem como, os demais bens m\u00f3veis  ainda encontram-se fora de suas respectivas localiza\u00e7\u00f5es habituais em decorr\u00eancia da Obra no pr\u00e9dio,  sendo este um fator que inviabiliza a realiza\u00e7\u00e3o de um invent\u00e1rio preciso neste momento. Apesar da impossibilidade de realiza\u00e7\u00e3o do invent\u00e1rio neste momento, a Comiss\u00e3o de Patrim\u00f4nio foi informada pelos servidores respons\u00e1veis de que, com exce\u00e7\u00e3o dos que foram baixados do patrim\u00f4nio descritos no respectivo Of\u00edcio 175/2024,  os demais bens sob suas respectivas guardas permanecem inalterados, que os bens est\u00e3o temporariamente dispostos em locais diversos, mas continuam dentro das depend\u00eancias do pr\u00e9dio da C\u00e2mara Municipal. T\u00e3o logo as obras sejam conclu\u00eddas e os servidores retornem \u00e0s suas salas habituais, esta comiss\u00e3o se reunir\u00e1 para realizar o invent\u00e1rio e a confer\u00eancia das cargas, garantindo a atualiza\u00e7\u00e3o e a organiza\u00e7\u00e3o patrimonial conforme os procedimentos regulamentares. \r\n\r\nSantana da Vargem/MG, 17 de dezembro de 2024.\r\n(...)"}, {"id": "7567", "ano": "2024", "numero": "22", "tipo__sigla": "PARE", "tipo__descricao": "PARECER", "assunto": "Parecer Jur\u00eddico - Projeto de Lei Ordin\u00e1rio n\u00ba 09- 2024 - Abertura de Cr\u00e9dito Especial - Super\u00e1vit -R$ 40.780,09 (quarenta mil setecentos e oitenta reais e nove centavos)"}, {"id": "7614", "ano": "2024", "numero": "22", "tipo__sigla": "OFEXP", "tipo__descricao": "Of\u00edcio Expedido", "assunto": "Solicita ao setor de tributa\u00e7\u00e3o que seja emitida guia de IRRF dos fornecedores do m\u00eas de fevereiro de 2024"}, {"id": "7796", "ano": "2024", "numero": "22", "tipo__sigla": "OR", "tipo__descricao": "OF\u00cdCIOS RECEBIDOS", "assunto": "Responde indica\u00e7\u00f5es 003, 004, 005 do vereador Luiz Felipe"}, {"id": "7825", "ano": "2024", "numero": "22", "tipo__sigla": "DPA", "tipo__descricao": "Documento de Processo Administrativo", "assunto": "Remessa processual processo 19/2024 dispensa 13 para que o membro A junte ETP"}, {"id": "7830", "ano": "2024", "numero": "22", "tipo__sigla": "AT", "tipo__descricao": "ATESTADO", "assunto": "Atesto que Vitor Donizetti Siqueira Junior esteve sob tratamento m\u00e9dico por tr\u00eas dias a partir do dia 24/04/2024"}, {"id": "7842", "ano": "2024", "numero": "22", "tipo__sigla": "DI", "tipo__descricao": "Di\u00e1rias e documentos relativos", "assunto": "Relat\u00f3rio e presta\u00e7\u00e3o de contas Felipe Tom\u00e9 Mota e Silva (Pouso Alegre 25/04/2024)"}, {"id": "7863", "ano": "2024", "numero": "22", "tipo__sigla": "REV", "tipo__descricao": "Relat\u00f3rios de rodagem do ve\u00edculo e outros", "assunto": "Levar funcion\u00e1rio Ruiter e Diretor Lucas para fazer cota\u00e7\u00e3o para processo de licita\u00e7\u00e3o"}, {"id": "7895", "ano": "2024", "numero": "22", "tipo__sigla": "MEM", "tipo__descricao": "Memorando", "assunto": "Pedido de Descompatibiliza\u00e7\u00e3o Tempor\u00e1ria de Cargo P\u00fablico"}, {"id": "7935", "ano": "2024", "numero": "22", "tipo__sigla": "OVC", "tipo__descricao": "Of\u00edcio de Vereador/Comiss\u00e3o", "assunto": "Pedido de Autoriza\u00e7\u00e3o apara realiza\u00e7\u00e3o de curso de capacita\u00e7\u00e3o na empresa CEAP realizada na cidade de Belo Horizonte nos dias 26 a 28 de Junho de 2024."}, {"id": "8147", "ano": "2024", "numero": "22", "tipo__sigla": "CERT", "tipo__descricao": "CERTIFICADO", "assunto": "Certifica que Larissa Oliveira Naves  concluiu o curso Elabora\u00e7\u00e3o de termo de refer\u00eancia para contrata\u00e7\u00e3o de bens e servi\u00e7os na Nova Lei de Licita\u00e7\u00f5es (Turma Jul/2024), com carga hor\u00e1ria 20 horas, in\u00edcio em 03/07/2024, t\u00e9rmino em 05/07/2024"}, {"id": "8163", "ano": "2024", "numero": "22", "tipo__sigla": "ARO", "tipo__descricao": "ATAS DAS REUNI\u00d5ES ORDIN\u00c1RIAS", "assunto": "Ata da 22\u00aa reuni\u00e3o  ordin\u00e1ria da 4\u00aa sess\u00e3o legislativa da 15\u00aa legislatura"}, {"id": "8264", "ano": "2024", "numero": "22", "tipo__sigla": "ODC", "tipo__descricao": "Of\u00edcio/documento Cont\u00e1bil", "assunto": "Solicita adicional de p\u00f3s gradua\u00e7\u00e3o"}, {"id": "8272", "ano": "2024", "numero": "22", "tipo__sigla": "DEC", "tipo__descricao": "Declara\u00e7\u00e3o", "assunto": "T\u00edtulo declarat\u00f3rio de estabilidade Isabela Louren\u00e7\u00e3o Messias  14/08/2024"}, {"id": "8478", "ano": "2024", "numero": "22", "tipo__sigla": "OCI", "tipo__descricao": "Of\u00edcios da Controladoria Interna", "assunto": "Of\u00edcio da Controladoria interna n.\u00b0 19/2024\r\nRef. Questionamento sobre a urg\u00eancia e emerg\u00eancia que justifiquem a autoriza\u00e7\u00e3o  para o pagamento de di\u00e1rias ref. a per\u00edodo de recesso legislativo."}, {"id": "8544", "ano": "2024", "numero": "22", "tipo__sigla": "JUST", "tipo__descricao": "Justificativas", "assunto": "Justificativa n\u00e3o marca\u00e7\u00e3o de ponto"}, {"id": "8586", "ano": "2024", "numero": "22", "tipo__sigla": "DD", "tipo__descricao": "Documentos da Diretoria", "assunto": "Solicita a contabilidade anula\u00e7\u00e3o parcial de empenho por perda de interesse da C\u00e2mara."}, {"id": "8621", "ano": "2024", "numero": "22", "tipo__sigla": "DDCI", "tipo__descricao": "Documentos Diversos da Controladoria Interna", "assunto": "Bens m\u00f3veis por organograma pertencentes ao patrim\u00f4nio da C\u00e2mara Municipal de Santana da Vargem/MG"}, {"id": "7568", "ano": "2024", "numero": "23", "tipo__sigla": "PARE", "tipo__descricao": "PARECER", "assunto": "Parecer Jur\u00eddico - Projeto de Lei Ordin\u00e1rio n\u00ba 10- 2024 - Abertura de Cr\u00e9dito Especial - Super\u00e1vit -R$ 76.591,10 (setenta e seis mil quinhentos e noventa e um reais e dez centavos)"}, {"id": "7615", "ano": "2024", "numero": "23", "tipo__sigla": "OFEXP", "tipo__descricao": "Of\u00edcio Expedido", "assunto": "Suspens\u00e3o das f\u00e9rias do Motorista do Legislativo"}, {"id": "7797", "ano": "2024", "numero": "23", "tipo__sigla": "OR", "tipo__descricao": "OF\u00cdCIOS RECEBIDOS", "assunto": "Responde indica\u00e7\u00f5es 001 e 002 do vereador Luiz Felipe"}, {"id": "7840", "ano": "2024", "numero": "23", "tipo__sigla": "AT", "tipo__descricao": "ATESTADO", "assunto": "Atesta que Vitor Donizetti Siqueira Junior esteve sobre tratamento m\u00e9dico por 05 (cinco) dias, a partir do dia 26/07/2024"}, {"id": "7855", "ano": "2024", "numero": "23", "tipo__sigla": "DI", "tipo__descricao": "Di\u00e1rias e documentos relativos", "assunto": "Relat\u00f3rio e presta\u00e7\u00e3o de contas Emerson Silva Ara\u00fajo (Belo Horizonte- 09/04/2024 a 12/04/2024)"}, {"id": "7864", "ano": "2024", "numero": "23", "tipo__sigla": "REV", "tipo__descricao": "Relat\u00f3rios de rodagem do ve\u00edculo e outros", "assunto": "Levar funcion\u00e1rio Ruiter para fazer cota\u00e7\u00e3o para processo de licita\u00e7\u00e3o"}, {"id": "7867", "ano": "2024", "numero": "23", "tipo__sigla": "DPA", "tipo__descricao": "Documento de Processo Administrativo", "assunto": "Recebimento processo licitat\u00f3rio 15/2024 dispensa 09- salgadinhos em 06/05/2024"}, {"id": "7908", "ano": "2024", "numero": "23", "tipo__sigla": "MEM", "tipo__descricao": "Memorando", "assunto": "Requerimento de licen\u00e7a pr\u00eamio em abono pecuni\u00e1rio"}, {"id": "7986", "ano": "2024", "numero": "23", "tipo__sigla": "OVC", "tipo__descricao": "Of\u00edcio de Vereador/Comiss\u00e3o", "assunto": "Solicita participa\u00e7\u00e3o em curso nos dias 25 a 28 de junho"}, {"id": "8149", "ano": "2024", "numero": "23", "tipo__sigla": "CERT", "tipo__descricao": "CERTIFICADO", "assunto": "Certifica que Ronalthe Dayglas Rocha participou do 584] Curso de Capacita\u00e7\u00e3o com o tema: REGRAS PARA A FIXA\u00c7\u00c3O DOS SUBS\u00cdDIOS DOS AGENTES POL\u00cdTICOS PARA A LEGISLATURA 202/2028 E ORIENTA\u00c7\u00d5ES DE CONTROLE EXTERNO"}, {"id": "8177", "ano": "2024", "numero": "23", "tipo__sigla": "ARO", "tipo__descricao": "ATAS DAS REUNI\u00d5ES ORDIN\u00c1RIAS", "assunto": "Ata da 23\u00aa reuni\u00e3o ordin\u00e1ria da 4\u00aa sess\u00e3o legislativa da 15\u00aa legislatura da C\u00e2mara Municipal de Santana da Vargem"}, {"id": "8313", "ano": "2024", "numero": "23", "tipo__sigla": "ODC", "tipo__descricao": "Of\u00edcio/documento Cont\u00e1bil", "assunto": "Solicita abertura de processo  para manuten\u00e7\u00e3o do ponto"}, {"id": "8314", "ano": "2024", "numero": "23", "tipo__sigla": "DEC", "tipo__descricao": "Declara\u00e7\u00e3o", "assunto": "Declara\u00e7\u00e3o Imposto de renda pessoa f\u00edsica exerc\u00edcio 2024 ano calend\u00e1rio 2023"}, {"id": "8504", "ano": "2024", "numero": "23", "tipo__sigla": "OCI", "tipo__descricao": "Of\u00edcios da Controladoria Interna", "assunto": "Resposta ao oficio 006/2024 - modalidade para contata\u00e7\u00e3o de revis\u00e3o veicular"}, {"id": "8545", "ano": "2024", "numero": "23", "tipo__sigla": "JUST", "tipo__descricao": "Justificativas", "assunto": "Justificativa n\u00e3o marca\u00e7\u00e3o de ponto"}, {"id": "8593", "ano": "2024", "numero": "23", "tipo__sigla": "DD", "tipo__descricao": "Documentos da Diretoria", "assunto": "Relat\u00f3rios da LOA  - Projeto de Lei Ordin\u00e1ria n\u00ba 70 de 2024."}, {"id": "7583", "ano": "2024", "numero": "24", "tipo__sigla": "PARE", "tipo__descricao": "PARECER", "assunto": "Parecer jur\u00eddico - Projeto de Lei Ordin\u00e1ria n\u00ba 12 - 2024 - Autoriza o Poder Executivo firmar Termo de Colabora\u00e7\u00e3o com o Hospital de Gimirim."}, {"id": "7619", "ano": "2024", "numero": "24", "tipo__sigla": "OFEXP", "tipo__descricao": "Of\u00edcio Expedido", "assunto": "Solicita emiss\u00e3o de di\u00e1rias para o motorista legislativo para viagem ao munic\u00edpio de Belo Horizonte para os dias 12, 13, 14 e 15 de mar\u00e7o."}, {"id": "7798", "ano": "2024", "numero": "24", "tipo__sigla": "OR", "tipo__descricao": "OF\u00cdCIOS RECEBIDOS", "assunto": "Convida para evento Santana Bech Games- 21/04/2024 a partir das 9"}, {"id": "7857", "ano": "2024", "numero": "24", "tipo__sigla": "DI", "tipo__descricao": "Di\u00e1rias e documentos relativos", "assunto": "Relat\u00f3rio e presta\u00e7\u00e3o de contas Emerson Silva Ara\u00fajo (Belo Horizonte- 16 a 19 de abril)"}, {"id": "7869", "ano": "2024", "numero": "24", "tipo__sigla": "AT", "tipo__descricao": "ATESTADO", "assunto": "Atesta que Ezequiel da Silva esteve sob tratamento m\u00e9dico devendo ser afastado por tr\u00eas dias a partir do dia 06/05/2024"}, {"id": "7879", "ano": "2024", "numero": "24", "tipo__sigla": "REV", "tipo__descricao": "Relat\u00f3rios de rodagem do ve\u00edculo e outros", "assunto": "Buscar presidente Maria Aparecida de Ara\u00fajo Reis e trazer para a C\u00e2mara"}, {"id": "7905", "ano": "2024", "numero": "24", "tipo__sigla": "DPA", "tipo__descricao": "Documento de Processo Administrativo", "assunto": "Remessa processual processo 22/2024 concorr\u00eancia 1 obras"}, {"id": "7910", "ano": "2024", "numero": "24", "tipo__sigla": "MEM", "tipo__descricao": "Memorando", "assunto": "Solicita autoriza\u00e7\u00e3o para levar para casa os documentos relativos aos projetos de lei juntamente com os processos"}, {"id": "8002", "ano": "2024", "numero": "24", "tipo__sigla": "OVC", "tipo__descricao": "Of\u00edcio de Vereador/Comiss\u00e3o", "assunto": "Solicita a convoca\u00e7\u00e3o do engenheiro do munic\u00edpio respons\u00e1vel pela fiscaliza\u00e7\u00e3o e acompanhamento das obras da rua Ant\u00f4nio Carlos da Silva"}, {"id": "8156", "ano": "2024", "numero": "24", "tipo__sigla": "CERT", "tipo__descricao": "CERTIFICADO", "assunto": "Certifica que Ruiter Silva de Oliveira concluiu o curso: Atualiza\u00e7\u00e3o pr\u00e1tica para agentes de contrata\u00e7\u00e3o, pregoeiro e equipes de apoio em conformidade com a nova Lei de Licita\u00e7\u00f5es 14.133"}, {"id": "8269", "ano": "2024", "numero": "24", "tipo__sigla": "ARO", "tipo__descricao": "ATAS DAS REUNI\u00d5ES ORDIN\u00c1RIAS", "assunto": "Ata da 24\u00aa reuni\u00e3o ordin\u00e1ria da 4\u00aa sess\u00e3o legislativa da C\u00e2mara Municipal de Santana da vargem"}, {"id": "8340", "ano": "2024", "numero": "24", "tipo__sigla": "ODC", "tipo__descricao": "Of\u00edcio/documento Cont\u00e1bil", "assunto": "Solicita\u00e7\u00e3o altera\u00e7\u00e3o do per\u00edodo de f\u00e9rias conforme escala de f\u00e9rias2024"}, {"id": "8382", "ano": "2024", "numero": "24", "tipo__sigla": "DEC", "tipo__descricao": "Declara\u00e7\u00e3o", "assunto": "Declara\u00e7\u00e3o - comprovante ped\u00e1gio viagem para Belo Horizonte 16/08/2024"}, {"id": "8525", "ano": "2024", "numero": "24", "tipo__sigla": "OCI", "tipo__descricao": "Of\u00edcios da Controladoria Interna", "assunto": "Oficio 22/2024 - ASSUNTO: requisi\u00e7\u00e3o de di\u00e1rias em final de mandato por vereador n\u00e3o reeleito \r\n\r\nDirecionado \u00c0 Sra. Presidente Maria Aparecida de Ara\u00fajo\r\n\r\nConclus\u00e3o:  (...) Portanto, esta Controladoria interna manifesta-se de forma OPINATIVA, pelo INDEFERIMENTO ao pagamento de di\u00e1rias  e contrata\u00e7\u00e3o de fornecedores para a realiza\u00e7\u00e3o de capacita\u00e7\u00e3o postulado pelo sr. Vereador Carlos C\u00e9sar Ribeiro, por aus\u00eancia de interesse publico, ilegalidade, imoralidade e inefici\u00eancia do dinheiro publico e RECOMENDA a Sra. Presidente que suspenda esse tipo de despesas para vereadores n\u00e3o reeleitos para evitar questionamentos legais e poss\u00edveis a\u00e7\u00f5es de responsabiliza\u00e7\u00e3o, evitando assim a utiliza\u00e7\u00e3o de recursos p\u00fablicos sem justificativa adequada."}, {"id": "8554", "ano": "2024", "numero": "24", "tipo__sigla": "JUST", "tipo__descricao": "Justificativas", "assunto": "Justificativa n\u00e3o marca\u00e7\u00e3o de ponto eletr\u00f4nico"}, {"id": "8617", "ano": "2024", "numero": "24", "tipo__sigla": "DD", "tipo__descricao": "Documentos da Diretoria", "assunto": "Responde of\u00edcio 028/2024 da controladoria interna da C\u00e2mara e sana questionamento do relat\u00f3rio da controladoria de novembro de 2024. (cota\u00e7\u00e3o para realiza\u00e7\u00e3o de concurso p\u00fablico e sess\u00e3o legislativa no m\u00eas de novembro de 2024)."}, {"id": "7584", "ano": "2024", "numero": "25", "tipo__sigla": "PARE", "tipo__descricao": "PARECER", "assunto": "Parecer jur\u00eddico - Projeto de Lei Ordin\u00e1ria n\u00ba 14 - 2024 - abertura de cr\u00e9dito adicional especial por anula\u00e7\u00e3o de dota\u00e7\u00e3o or\u00e7ament\u00e1ria. R$ 134.793,37 (cento e trinta e quatro mil setecentos e noventa e tr\u00eas reais e trinta e sete centavos)"}, {"id": "7621", "ano": "2024", "numero": "25", "tipo__sigla": "OFEXP", "tipo__descricao": "Of\u00edcio Expedido", "assunto": "Encaminha projetos aprovados na 6 \u00aa reuni\u00e3o ordin\u00e1ria"}, {"id": "7799", "ano": "2024", "numero": "25", "tipo__sigla": "OR", "tipo__descricao": "OF\u00cdCIOS RECEBIDOS", "assunto": "Resposta of\u00edcio do vereador Walter Silva"}, {"id": "7858", "ano": "2024", "numero": "25", "tipo__sigla": "DI", "tipo__descricao": "Di\u00e1rias e documentos relativos", "assunto": "Levar funcion\u00e1rio Ruiter e Diretor Lucas para processo cota\u00e7\u00f5es para processos de licita\u00e7\u00e3o"}, {"id": "7870", "ano": "2024", "numero": "25", "tipo__sigla": "AT", "tipo__descricao": "ATESTADO", "assunto": "Declara que Ruiter Silva de Oliveira compareceu na unidade odontol\u00f3gica no dia 07 de maio de 2024 permanecendo das 07 as 9"}, {"id": "7883", "ano": "2024", "numero": "25", "tipo__sigla": "REV", "tipo__descricao": "Relat\u00f3rios de rodagem do ve\u00edculo e outros", "assunto": "Buscar Maria Aparecida de Ara\u00fajo Reis em sua casa para trazer na C\u00e2mara"}, {"id": "7906", "ano": "2024", "numero": "25", "tipo__sigla": "DPA", "tipo__descricao": "Documento de Processo Administrativo", "assunto": "Encaminhamento do processo 22/2024 para amplia\u00e7\u00e3o e obras na sede da C\u00e2mara Municipal de Santana da Vargem"}, {"id": "7912", "ano": "2024", "numero": "25", "tipo__sigla": "MEM", "tipo__descricao": "Memorando", "assunto": "Solicita autoriza\u00e7\u00e3o para a participa\u00e7\u00e3o em curso de capacita\u00e7\u00e3o para o dia 28 a 31 de maio de 2024 em BH."}, {"id": "8009", "ano": "2024", "numero": "25", "tipo__sigla": "OVC", "tipo__descricao": "Of\u00edcio de Vereador/Comiss\u00e3o", "assunto": "Solicita desvincula\u00e7\u00e3o do conselho"}, {"id": "8166", "ano": "2024", "numero": "25", "tipo__sigla": "CERT", "tipo__descricao": "CERTIFICADO", "assunto": "Certifica que Isabela Louren\u00e7\u00e3o Messias participou do curso de forma\u00e7\u00e3o de servidores no e=social para \u00f3rg\u00e3os p\u00fablicos"}, {"id": "8291", "ano": "2024", "numero": "25", "tipo__sigla": "ARO", "tipo__descricao": "ATAS DAS REUNI\u00d5ES ORDIN\u00c1RIAS", "assunto": "Ata da 25\u00aa reuni\u00e3o ordin\u00e1ria da 4\u00aa sess\u00e3o legislativa da 15\u00aa legislatura da C\u00e2mara Municipal de Santana da Vargem"}, {"id": "8454", "ano": "2024", "numero": "25", "tipo__sigla": "ODC", "tipo__descricao": "Of\u00edcio/documento Cont\u00e1bil", "assunto": "Informa novo valor de desconto no plano de sa\u00fade - Unimed"}, {"id": "8553", "ano": "2024", "numero": "25", "tipo__sigla": "OCI", "tipo__descricao": "Of\u00edcios da Controladoria Interna", "assunto": "ASSUNTO: Relat\u00f3rio mensal ref. a abril/2024 a outubro/2024  \r\n\u00c1  Exma Sra. Ex Pres. Maria Aparecida de Ara\u00fajo Reis\r\n     Sra. Contadora Isabela\r\n     Sr. Diretor Lucas Rabelo\r\n\r\nCumprimentando-os cordialmente, venho por meio deste, encaminhar Relat\u00f3rio  da Controladoria Interna referente ao per\u00edodo de abril/2024 a outubro/2024, para conhecimento e provid\u00eancias."}, {"id": "8619", "ano": "2024", "numero": "25", "tipo__sigla": "JUST", "tipo__descricao": "Justificativas", "assunto": "Justificativa de n\u00e3o marca\u00e7\u00e3o do ponto eletr\u00f4nico Ruiter Silva de Oliveira"}, {"id": "8622", "ano": "2024", "numero": "25", "tipo__sigla": "DD", "tipo__descricao": "Documentos da Diretoria", "assunto": "Jornada divergente Williane e Larissa para atender a reuni\u00e3o com os novos vereadores \u00e0s 07:30 da manh\u00e3 do dia 18 de dezembro de 2024."}, {"id": "7585", "ano": "2024", "numero": "26", "tipo__sigla": "PARE", "tipo__descricao": "PARECER", "assunto": "Parecer jur\u00eddico - Projeto de Lei Ordin\u00e1ria n\u00ba 15 - 2024 - Abertura de cr\u00e9dito adicional especial por superavit. R$ 26.504,12 (vinte e seis mil quinhentos e quatro reais e doze centavos)"}, {"id": "7644", "ano": "2024", "numero": "26", "tipo__sigla": "OFEXP", "tipo__descricao": "Of\u00edcio Expedido", "assunto": "Solicita coloca\u00e7\u00e3o de estofado nos bancos do vel\u00f3rio municipal"}, {"id": "7827", "ano": "2024", "numero": "26", "tipo__sigla": "OR", "tipo__descricao": "OF\u00cdCIOS RECEBIDOS", "assunto": "resposta ao of\u00edcio do vereador Luiz Felipe Mendon\u00e7a Rodrigues"}, {"id": "7882", "ano": "2024", "numero": "26", "tipo__sigla": "DI", "tipo__descricao": "Di\u00e1rias e documentos relativos", "assunto": "Requisi\u00e7\u00e3o de di\u00e1rias Maria Aparecida de Ara\u00fajo Reis (Bras\u00edlia 19/05/2024 a 24/05/2024)"}, {"id": "7890", "ano": "2024", "numero": "26", "tipo__sigla": "AT", "tipo__descricao": "ATESTADO", "assunto": "Atestado de sa\u00fade ocupacional Wiliane Aparecida Delc\u00eddio (demissional)"}, {"id": "7897", "ano": "2024", "numero": "26", "tipo__sigla": "REV", "tipo__descricao": "Relat\u00f3rios de rodagem do ve\u00edculo e outros", "assunto": "Levar Diretor e servidor Ruiter para fazer cota\u00e7\u00e3o nos com\u00e9rcios"}, {"id": "7917", "ano": "2024", "numero": "26", "tipo__sigla": "MEM", "tipo__descricao": "Memorando", "assunto": "Solicita emiss\u00e3o de di\u00e1ria para segunda feira dia 27 de maio de 2024 para realiza\u00e7\u00e3o de cota\u00e7\u00e3o em Tr\u00eas Pontas."}, {"id": "8010", "ano": "2024", "numero": "26", "tipo__sigla": "OVC", "tipo__descricao": "Of\u00edcio de Vereador/Comiss\u00e3o", "assunto": "Solicita desvincula\u00e7\u00e3o do conselho"}, {"id": "8011", "ano": "2024", "numero": "26", "tipo__sigla": "DPA", "tipo__descricao": "Documento de Processo Administrativo", "assunto": "Remessa processual, processo 25/2024, dispensa 15, material gr\u00e1fico, para o membro A da comiss\u00e3o de compras (13/06/2024)"}, {"id": "8172", "ano": "2024", "numero": "26", "tipo__sigla": "CERT", "tipo__descricao": "CERTIFICADO", "assunto": "Certificado curso de forma\u00e7\u00e3o de servidores no eSocial para \u00f3rg\u00e3os p\u00fablicos - as mudan\u00e7as no leiaute 1.2 e nota t\u00e9cnica 01/2023 - dias 03 e 04 de Julho de 2024 - online"}, {"id": "8325", "ano": "2024", "numero": "26", "tipo__sigla": "ARO", "tipo__descricao": "ATAS DAS REUNI\u00d5ES ORDIN\u00c1RIAS", "assunto": "Ata da 26\u00aa reuni\u00e3o ordin\u00e1ria da 4\u00aa Sess\u00e3o Legislativa da 15\u00aa legislatura da C\u00e2mara Municipal de Santana da Vargem"}, {"id": "8455", "ano": "2024", "numero": "26", "tipo__sigla": "ODC", "tipo__descricao": "Of\u00edcio/documento Cont\u00e1bil", "assunto": "Informa novo valor de desconto no plano de sa\u00fade - Unimed"}, {"id": "8582", "ano": "2024", "numero": "26", "tipo__sigla": "OCI", "tipo__descricao": "Of\u00edcios da Controladoria Interna", "assunto": "Solicita ao setor de tributa\u00e7\u00e3o que seja emitida uma guia de pagamento referente aos rendimentos de aplica\u00e7\u00e3o auferidos no m\u00eas de novembro"}, {"id": "8625", "ano": "2024", "numero": "26", "tipo__sigla": "JUST", "tipo__descricao": "Justificativas", "assunto": "Justificativa de n\u00e3o marca\u00e7\u00e3o do ponto eletr\u00f4nico Emerson Silva Ara\u00fajo 12/12"}, {"id": "8628", "ano": "2024", "numero": "26", "tipo__sigla": "DD", "tipo__descricao": "Documentos da Diretoria", "assunto": "Complementa\u00e7\u00e3o do empenho 259 para cobrir despesas referentes aos aditivos do contrato de execu\u00e7\u00e3o de obra de amplia\u00e7\u00e3o da C\u00e2mara Municipal"}, {"id": "7586", "ano": "2024", "numero": "27", "tipo__sigla": "PARE", "tipo__descricao": "PARECER", "assunto": "Parecer jur\u00eddico - Projeto de Lei Ordin\u00e1ria n\u00ba 16 - 2024 - Abertura de cr\u00e9dito adicional especial por superavit. R$ 112.770,67 (cento e doze mil setecentos e setenta reais e sessenta e sete centavos)"}, {"id": "7661", "ano": "2024", "numero": "27", "tipo__sigla": "OFEXP", "tipo__descricao": "Of\u00edcio Expedido", "assunto": "Encaminha projetos de lei aprovados na 7\u00aa reuni\u00e3o ordin\u00e1ria"}, {"id": "7841", "ano": "2024", "numero": "27", "tipo__sigla": "OR", "tipo__descricao": "OF\u00cdCIOS RECEBIDOS", "assunto": "Resposta ao of\u00edcio da vereadora Silmara Girlaine Hon\u00f3rio"}, {"id": "7885", "ano": "2024", "numero": "27", "tipo__sigla": "DI", "tipo__descricao": "Di\u00e1rias e documentos relativos", "assunto": "Requisi\u00e7\u00e3o de di\u00e1rias Felipe Tom\u00e9 Mota e Silva (Belo Horizonte - 14/05/2024 a 17/05/2024)"}, {"id": "7891", "ano": "2024", "numero": "27", "tipo__sigla": "AT", "tipo__descricao": "ATESTADO", "assunto": "Atestado de sa\u00fade ocupacional Alanis Carolina de Oliveira Moreira"}, {"id": "7925", "ano": "2024", "numero": "27", "tipo__sigla": "MEM", "tipo__descricao": "Memorando", "assunto": "Solicita\u00e7\u00e3o de para pedidos de material de limpeza e g\u00eaneros aliment\u00edcios."}, {"id": "8012", "ano": "2024", "numero": "27", "tipo__sigla": "DPA", "tipo__descricao": "Documento de Processo Administrativo", "assunto": "Remessa processual, processo 27/2024, dispensa 17- revis\u00e3o ve\u00edculo, para o membro A da comiss\u00e3o de compras  13/06/2024"}, {"id": "8019", "ano": "2024", "numero": "27", "tipo__sigla": "OVC", "tipo__descricao": "Of\u00edcio de Vereador/Comiss\u00e3o", "assunto": "Solicita destina\u00e7\u00e3o de emenda"}, {"id": "8173", "ano": "2024", "numero": "27", "tipo__sigla": "CERT", "tipo__descricao": "CERTIFICADO", "assunto": "Certificado do curso - gest\u00e3o estrat\u00e9gica diante da Lei 14.211/2021  no \u00faltimo ano legislativo"}, {"id": "8342", "ano": "2024", "numero": "27", "tipo__sigla": "ARO", "tipo__descricao": "ATAS DAS REUNI\u00d5ES ORDIN\u00c1RIAS", "assunto": "Ata da 27\u00aa reuni\u00e3o ordin\u00e1ria da 4\u00aa sess\u00e3o legislativa da 15\u00aa legislatura da C\u00e2mara Municipal de Santana da Vargem"}, {"id": "8496", "ano": "2024", "numero": "27", "tipo__sigla": "ODC", "tipo__descricao": "Of\u00edcio/documento Cont\u00e1bil", "assunto": "Solicita confer\u00eancia Notas Fiscais de outubro de 2024"}, {"id": "8589", "ano": "2024", "numero": "27", "tipo__sigla": "OCI", "tipo__descricao": "Of\u00edcios da Controladoria Interna", "assunto": "\u00c0  Excelent\u00edssima Sra. Pres. Maria Aparecida de Ara\u00fajo\r\n\r\nCumprimentando-a cordialmente, venho por meio deste apresentar sugest\u00e3o do Plano Anual de Contrata\u00e7\u00f5es para o ano de 2025 para seu conhecimento, sugest\u00f5es e aprova\u00e7\u00e3o."}, {"id": "8634", "ano": "2024", "numero": "27", "tipo__sigla": "DD", "tipo__descricao": "Documentos da Diretoria", "assunto": "Solicita parecer corretivo - realinhamento de combust\u00edvel - processo 7/2024 e dispensa 3/2024"}, {"id": "7587", "ano": "2024", "numero": "28", "tipo__sigla": "PARE", "tipo__descricao": "PARECER", "assunto": "Parecer jur\u00eddico - Projeto de Lei Ordin\u00e1ria n\u00ba 17 - 2024 - Abertura de cr\u00e9dito adicional especial por superavit. R$ 216.385,74 (duzentos e dezesseis mil trezentos e oitenta e cinco reais e setenta e quatro centavos)"}, {"id": "7662", "ano": "2024", "numero": "28", "tipo__sigla": "OFEXP", "tipo__descricao": "Of\u00edcio Expedido", "assunto": "Encaminha resolu\u00e7\u00e3o aprovada"}, {"id": "7847", "ano": "2024", "numero": "28", "tipo__sigla": "OR", "tipo__descricao": "OF\u00cdCIOS RECEBIDOS", "assunto": "resposta ao of\u00edcio 013 dos vereadores a respeito de pra\u00e7a de alimenta\u00e7\u00e3o"}, {"id": "7886", "ano": "2024", "numero": "28", "tipo__sigla": "DI", "tipo__descricao": "Di\u00e1rias e documentos relativos", "assunto": "Requisi\u00e7\u00e3o de di\u00e1rias Lucas Pereira Rabelo (Belo Horizonte- 14/05/2024 a 17/05/2024)"}, {"id": "7926", "ano": "2024", "numero": "28", "tipo__sigla": "MEM", "tipo__descricao": "Memorando", "assunto": "Solicita\u00e7\u00e3o de abertura de processo licitat\u00f3rio para aquisi\u00e7\u00e3o de papel interfolha."}, {"id": "7999", "ano": "2024", "numero": "28", "tipo__sigla": "AT", "tipo__descricao": "ATESTADO", "assunto": "Atesta que Lucas Pereira Rabelo esteve em consulta m\u00e9dica  10/06/2024"}, {"id": "8013", "ano": "2024", "numero": "28", "tipo__sigla": "DPA", "tipo__descricao": "Documento de Processo Administrativo", "assunto": "Remessa processo 28/2024, dispensa 180-produtos de limpeza e higiene, para o membro A da comiss\u00e3o de compras- 13/06/2024"}, {"id": "8046", "ano": "2024", "numero": "28", "tipo__sigla": "OVC", "tipo__descricao": "Of\u00edcio de Vereador/Comiss\u00e3o", "assunto": "Solicita que a prefeitura entregue para as fam\u00edlias as placas de ruas referentes as leis de denomina\u00e7\u00e3o de logradouro aprovadas"}, {"id": "8199", "ano": "2024", "numero": "28", "tipo__sigla": "CERT", "tipo__descricao": "CERTIFICADO", "assunto": "Certifica que Cleber de Brito participou do curso: Nova Lei de Licita\u00e7\u00f5es: Gest\u00e3o Contratual (Turma Jul/2024)"}, {"id": "8367", "ano": "2024", "numero": "28", "tipo__sigla": "ARO", "tipo__descricao": "ATAS DAS REUNI\u00d5ES ORDIN\u00c1RIAS", "assunto": "Ata da 28\u00aa reuni\u00e3o ordin\u00e1ria da 4\u00aa Sess\u00e3o Legislativa da 15\u00aa Legislatura da C\u00e2mara Municipal de Santana da Vargem"}, {"id": "8542", "ano": "2024", "numero": "28", "tipo__sigla": "ODC", "tipo__descricao": "Of\u00edcio/documento Cont\u00e1bil", "assunto": "Solicita\u00e7\u00e3o de abertura de janela para o setor cont\u00e1bil"}, {"id": "8602", "ano": "2024", "numero": "28", "tipo__sigla": "OCI", "tipo__descricao": "Of\u00edcios da Controladoria Interna", "assunto": "ASSUNTO: Necessidade de realiza\u00e7\u00e3o de concurso p\u00fablico para o cargo ocupado pela servidora Wiliane Aparecida Delc\u00eddio.\r\n\u00c0  Excelent\u00edssima Sra. Pres. Maria Aparecida de Ara\u00fajo\r\n\r\nCumprimentando-a cordialmente, venho por meio deste apresentar RECOMENDA\u00c7\u00d5ES sobre a  necessidade de realiza\u00e7\u00e3o de concurso p\u00fablico para o cargo ocupado pela servidora Wiliane Aparecida Delc\u00eddio:"}, {"id": "7588", "ano": "2024", "numero": "29", "tipo__sigla": "PARE", "tipo__descricao": "PARECER", "assunto": "Parecer jur\u00eddico - Projeto de Lei Ordin\u00e1ria n\u00ba 18 - 2024 - Abertura de cr\u00e9dito adicional especial por superavit. R$ 35.840,95 (trinta e cinco mil oitocentos e quarenta reais e noventa e cinco centavos)."}, {"id": "7677", "ano": "2024", "numero": "29", "tipo__sigla": "OFEXP", "tipo__descricao": "Of\u00edcio Expedido", "assunto": "Encaminha objeto para baixa de patrim\u00f4nio"}, {"id": "7848", "ano": "2024", "numero": "29", "tipo__sigla": "OR", "tipo__descricao": "OF\u00cdCIOS RECEBIDOS", "assunto": "Encaminha os balancetes de Receitas e Despesas referentes ao m\u00eas de mar\u00e7o/2024"}, {"id": "7888", "ano": "2024", "numero": "29", "tipo__sigla": "DI", "tipo__descricao": "Di\u00e1rias e documentos relativos", "assunto": "Requisi\u00e7\u00e3o de di\u00e1rias Vitor Donizetti Siqueira Junior (Bras\u00edlia 20/05/2024 a 23/05/2024)"}, {"id": "7923", "ano": "2024", "numero": "29", "tipo__sigla": "REV", "tipo__descricao": "Relat\u00f3rios de rodagem do ve\u00edculo e outros", "assunto": "Relat\u00f3rio de Viagem do Emerson Silva Ara\u00fajo da viagem realizada para Bras\u00edlia dos 20 a 24 de Maio de 2024."}, {"id": "7946", "ano": "2024", "numero": "29", "tipo__sigla": "MEM", "tipo__descricao": "Memorando", "assunto": "Solicita participa\u00e7\u00e3o no curso \"Pratica de forma\u00e7\u00e3o e atualiza\u00e7\u00e3o de agente de contrata\u00e7\u00e3o, pregoeiro e equipe de apoio em conformidade com a nova lei de licita\u00e7\u00e3o 14.133"}, {"id": "8014", "ano": "2024", "numero": "29", "tipo__sigla": "DPA", "tipo__descricao": "Documento de Processo Administrativo", "assunto": "Remessa processo 26/2024, dispensa 16- aquisi\u00e7\u00e3o de material de inform\u00e1tica, para o membro A da comiss\u00e3o de compras - 13/06/2024"}, {"id": "8021", "ano": "2024", "numero": "29", "tipo__sigla": "AT", "tipo__descricao": "ATESTADO", "assunto": "Atesta que Isabela Louren\u00e7\u00e3o Messias esteve sobre tratamento m\u00e9dico por um dia a partir de 14/06/2024"}, {"id": "8048", "ano": "2024", "numero": "29", "tipo__sigla": "OVC", "tipo__descricao": "Of\u00edcio de Vereador/Comiss\u00e3o", "assunto": "Solicita participa\u00e7\u00e3o em curso de capacita\u00e7\u00e3o"}, {"id": "8200", "ano": "2024", "numero": "29", "tipo__sigla": "CERT", "tipo__descricao": "CERTIFICADO", "assunto": "Certifica que Cleber de Brito participou do curso Avalia\u00e7\u00e3o de Impacto de Programas e Pol\u00edticas Sociais"}, {"id": "8399", "ano": "2024", "numero": "29", "tipo__sigla": "ARO", "tipo__descricao": "ATAS DAS REUNI\u00d5ES ORDIN\u00c1RIAS", "assunto": "Ata da 29 reuni\u00e3o ordin\u00e1ria da 4\u00aa sess\u00e3o legislativa da 15\u00aa legislatura da C\u00e2mara Municipal de Santana da Vargem"}, {"id": "8585", "ano": "2024", "numero": "29", "tipo__sigla": "ODC", "tipo__descricao": "Of\u00edcio/documento Cont\u00e1bil", "assunto": "Solicita 01 (um) dia para realiza\u00e7\u00e3o de exames preventivos de c\u00e2ncer"}, {"id": "8604", "ano": "2024", "numero": "29", "tipo__sigla": "OCI", "tipo__descricao": "Of\u00edcios da Controladoria Interna", "assunto": "OF\u00cdCIO DA CONTROLADORIA INTERNA N.\u00ba 26/2024\r\n\r\n\r\nSantana da Vargem, 12 de dezembro de 2024.\r\nASSUNTO: RELAT\u00d3RIO MENSAL NOVEMBRO 2024\r\n\r\n\u00c0  Excelent\u00edssima Sra. Pres. Maria Aparecida de Ara\u00fajo\r\n\r\nCumprimentando-a cordialmente, venho por meio deste apresentar RELAT\u00d3RIO MENSAL DE NOVEMBRO/2024 para seu conhecimento e provid\u00eancias, em especial \u00e0s observa\u00e7\u00f5es descritas nos itens 4.7 e 4.14."}, {"id": "7589", "ano": "2024", "numero": "30", "tipo__sigla": "PARE", "tipo__descricao": "PARECER", "assunto": "Parecer jur\u00eddico - Projeto de Lei Ordin\u00e1ria n\u00ba 19 - 2024 - Abertura de cr\u00e9dito adicional especial por superavit. R$ 20.512,75 (vinte mil quinhentos e doze reais e setenta e cinco centavos)."}, {"id": "7693", "ano": "2024", "numero": "30", "tipo__sigla": "OFEXP", "tipo__descricao": "Of\u00edcio Expedido", "assunto": "Solicita emiss\u00e3o de certid\u00e3o de d\u00e9bito municipal e de capacidade t\u00e9cnica"}, {"id": "7849", "ano": "2024", "numero": "30", "tipo__sigla": "OR", "tipo__descricao": "OF\u00cdCIOS RECEBIDOS", "assunto": "Resposta aos of\u00edcios 001 e 002 das vereadoras Maria Aparecida e Silmara Girlaine Hon\u00f3rio"}, {"id": "7896", "ano": "2024", "numero": "30", "tipo__sigla": "DI", "tipo__descricao": "Di\u00e1rias e documentos relativos", "assunto": "Requerimento de adiantamento para abastecimento e estacionamento quanto em deslocamento"}, {"id": "7924", "ano": "2024", "numero": "30", "tipo__sigla": "REV", "tipo__descricao": "Relat\u00f3rios de rodagem do ve\u00edculo e outros", "assunto": "Relat\u00f3rio de Rodagem do ve\u00edculo referente a viagem realizada para Bras\u00edlia dos 20 a 24 de Maio de 2024. \r\n\r\nKM inicial 124.038.\r\n\r\nKM final 125.943."}, {"id": "7954", "ano": "2024", "numero": "30", "tipo__sigla": "MEM", "tipo__descricao": "Memorando", "assunto": "Solicita inscri\u00e7\u00e3o em curso pr\u00e1tico de forma\u00e7\u00e3o e atualiza\u00e7\u00e3o de agente de contrata\u00e7\u00e3o, pregoeiro e equipe de apoio"}, {"id": "8015", "ano": "2024", "numero": "30", "tipo__sigla": "DPA", "tipo__descricao": "Documento de Processo Administrativo", "assunto": "Remessa processual 29/2024, dispensa 19- aquisi\u00e7\u00e3o de g\u00eaneros aliment\u00edcios, para o membro A da comiss\u00e3o de compras"}, {"id": "8052", "ano": "2024", "numero": "30", "tipo__sigla": "OVC", "tipo__descricao": "Of\u00edcio de Vereador/Comiss\u00e3o", "assunto": "Of\u00edcio vereador Vitor indicando que prefeito realoque asfalto excedente  para a estrada do S\u00e3o Louren\u00e7o"}, {"id": "8107", "ano": "2024", "numero": "30", "tipo__sigla": "AT", "tipo__descricao": "ATESTADO", "assunto": "Atesta que Carlos C\u00e9zar Ribeiro esta sob tratamento m\u00e9dico, devendo ser afastado do servi\u00e7o por um dia a partir do dia 01/07/2024"}, {"id": "8201", "ano": "2024", "numero": "30", "tipo__sigla": "CERT", "tipo__descricao": "CERTIFICADO", "assunto": "Certifica que Luiz Felipe Mendon\u00e7a Rodrigues participou do Semin\u00e1rio Brasileiro de Prefeitos, Vice Prefeitos, Vereadores Procuradores Jur\u00eddicos, Controladores Internos, Secret\u00e1rios e Assessores Municipais"}, {"id": "8404", "ano": "2024", "numero": "30", "tipo__sigla": "ARO", "tipo__descricao": "ATAS DAS REUNI\u00d5ES ORDIN\u00c1RIAS", "assunto": "Ata da trig\u00e9sima reuni\u00e3o ordin\u00e1ria da 4\u00aa sess\u00e3o legislativa da 15\u00aa legislatura da C\u00e2mara Municipal"}, {"id": "8606", "ano": "2024", "numero": "30", "tipo__sigla": "OCI", "tipo__descricao": "Of\u00edcios da Controladoria Interna", "assunto": "ASSUNTO: RELAT\u00d3RIO MENSAL NOVEMBRO 2024\r\n\r\n\u00c0  Sra. Isabela\r\n\r\nCumprimentando-a cordialmente, venho por meio deste apresentar RELAT\u00d3RIO MENSAL DE NOVEMBRO/2024 para seu conhecimento e provid\u00eancias, em especial \u00e0s observa\u00e7\u00f5es descritas nos itens 4.7 e 4.14.\r\n\r\n     \r\n\r\n Atenciosamente.\r\nSRA.\r\nLaidia Mesquita de Sousa\r\nCONTROLE INTERNO\r\nC\u00c2MARA MUNICIPAL DE SANTANA DA VARGEM/MG"}, {"id": "8624", "ano": "2024", "numero": "30", "tipo__sigla": "ODC", "tipo__descricao": "Of\u00edcio/documento Cont\u00e1bil", "assunto": "Solicita\u00e7\u00e3o autoriza\u00e7\u00e3o para os servidores do setor cont\u00e1bil realizar horas extras no dia 20 de dezembro para finaliza\u00e7\u00e3o dos trabalhos"}, {"id": "7590", "ano": "2024", "numero": "31", "tipo__sigla": "PARE", "tipo__descricao": "PARECER", "assunto": "Parecer jur\u00eddico - Projeto de Lei Ordin\u00e1ria n\u00ba 20 - 2024 - Abertura de cr\u00e9dito adicional especial por superavit.  R$ 492,58 (quatrocentos e noventa e dois reais e cinquenta e oito centavos)."}, {"id": "7695", "ano": "2024", "numero": "31", "tipo__sigla": "OFEXP", "tipo__descricao": "Of\u00edcio Expedido", "assunto": "Resposta ao of\u00edcio 01/2024 da comiss\u00e3o de compras"}, {"id": "7850", "ano": "2024", "numero": "31", "tipo__sigla": "OR", "tipo__descricao": "OF\u00cdCIOS RECEBIDOS", "assunto": "Resposta aos of\u00edcios 006 e 007 da presidente da C\u00e2mara"}, {"id": "7898", "ano": "2024", "numero": "31", "tipo__sigla": "DI", "tipo__descricao": "Di\u00e1rias e documentos relativos", "assunto": "Requisi\u00e7\u00e3o de di\u00e1rias Jackson Luiz Ven\u00e2ncio de Souza (Bras\u00edlia- 20/05/2024 a 23/05/2024)"}, {"id": "7931", "ano": "2024", "numero": "31", "tipo__sigla": "REV", "tipo__descricao": "Relat\u00f3rios de rodagem do ve\u00edculo e outros", "assunto": "Relat\u00f3rio de Rodagem do Ve\u00edculo Oficial dia 27 de Maio de 2024, destino Tr\u00eas Pontas. Levas Funcion\u00e1rio Ruiter para buscar cota\u00e7\u00f5es em v\u00e1rios comercios.\r\n\r\nKM Inicial: 125 943.\r\nKM Final: 125 984."}, {"id": "7957", "ano": "2024", "numero": "31", "tipo__sigla": "MEM", "tipo__descricao": "Memorando", "assunto": "Requer autoriza\u00e7\u00e3o a participar de curso \"pr\u00e1tica de forma\u00e7\u00e3o e atualiza\u00e7\u00e3o de agente de contrata\u00e7\u00e3o , pregoeiro e equipe de apoio, em conformidade com a nova lei de licita\u00e7\u00f5es"}, {"id": "8016", "ano": "2024", "numero": "31", "tipo__sigla": "DPA", "tipo__descricao": "Documento de Processo Administrativo", "assunto": "Remessa processo 30/2024, dispensa 20-Aquisi\u00e7\u00e3o de quadro para galeria, para o membro A da comiss\u00e3o de compras"}, {"id": "8053", "ano": "2024", "numero": "31", "tipo__sigla": "OVC", "tipo__descricao": "Of\u00edcio de Vereador/Comiss\u00e3o", "assunto": "Solicita que seja disponibilizado aos servidores, m\u00e9dicos e enfermeiros um ve\u00edculos para que fique a disposi\u00e7\u00e3o dos profissionais"}, {"id": "8165", "ano": "2024", "numero": "31", "tipo__sigla": "AT", "tipo__descricao": "ATESTADO", "assunto": "Declara que Jackson Luiz Ven\u00e2ncio de Souza compareceu na unidade no dia 01 de julho de 2024"}, {"id": "8300", "ano": "2024", "numero": "31", "tipo__sigla": "CERT", "tipo__descricao": "CERTIFICADO", "assunto": "Certifico que Felipe Tom\u00e9 Mota participou \"O funcionamento das C\u00e2maras Municipais no Per\u00edodo Eleitoral Cuidados e Limites Legais\" que se realizou nos dias 13 a 16 de Agosto de 2024 na cidade de Belo Horizonte"}, {"id": "8447", "ano": "2024", "numero": "31", "tipo__sigla": "ARO", "tipo__descricao": "ATAS DAS REUNI\u00d5ES ORDIN\u00c1RIAS", "assunto": "Ata da 31\u00aa reuni\u00e3o ordin\u00e1ria da 4\u00aa sess\u00e3o legislativa da 15\u00aa legislatura"}, {"id": "7600", "ano": "2024", "numero": "32", "tipo__sigla": "PARE", "tipo__descricao": "PARECER", "assunto": "Parecer jur\u00eddico - Projeto de resolu\u00e7\u00e3o 01 - 2024 - estabelece as atribui\u00e7\u00f5es da fun\u00e7\u00e3o de gestor de contrato e fiscal de contrato."}, {"id": "7697", "ano": "2024", "numero": "32", "tipo__sigla": "OFEXP", "tipo__descricao": "Of\u00edcio Expedido", "assunto": "Solicita convers\u00e3o em pec\u00fania de 1 f\u00e9rias premio n\u00e3o gozado de servidor"}, {"id": "7872", "ano": "2024", "numero": "32", "tipo__sigla": "OR", "tipo__descricao": "OF\u00cdCIOS RECEBIDOS", "assunto": "Resposta ao of\u00edcio 002/2024 do vereador Jackson Luiz Ven\u00e2ncio de Souza"}, {"id": "7918", "ano": "2024", "numero": "32", "tipo__sigla": "DI", "tipo__descricao": "Di\u00e1rias e documentos relativos", "assunto": "Solicita\u00e7\u00e3o de di\u00e1ria para curso de capacita\u00e7\u00e3o em Belo Horizonte do dia 28 a 31 de Maio"}, {"id": "7978", "ano": "2024", "numero": "32", "tipo__sigla": "MEM", "tipo__descricao": "Memorando", "assunto": "solicita participar no curso  \"Domine as novas regras de contrata\u00e7\u00f5es e licita\u00e7\u00f5es com a Lei 14.133 que ocorrer\u00e1 nos dias 11 a 14 de junho de 2024 na cidade de Belo Horizonte\""}, {"id": "8017", "ano": "2024", "numero": "32", "tipo__sigla": "DPA", "tipo__descricao": "Documento de Processo Administrativo", "assunto": "Remessa processo 31/2024, dispensa 11- seguro de ve\u00edculo, para o membro A da comiss\u00e3o de compras"}, {"id": "8076", "ano": "2024", "numero": "32", "tipo__sigla": "OVC", "tipo__descricao": "Of\u00edcio de Vereador/Comiss\u00e3o", "assunto": "Solicita abertura de processo administrativo para contrata\u00e7\u00e3o de curso: REGRAS PARA FIXA\u00c7\u00c3O DOS SUBS\u00cdDIOS DOS AGENTES POL\u00cdTICOS PARA A LEGISLATURA 205/2028 E ORIENTA\u00c7\u00d5ES DE CONTROLE EXTERNO"}, {"id": "8258", "ano": "2024", "numero": "32", "tipo__sigla": "AT", "tipo__descricao": "ATESTADO", "assunto": "Atesta que Isabela Louren\u00e7\u00e3o Messias esteve sob tratamento m\u00e9dico devendo ser afastado por 01 (um) dia a partir do dia 09/08/2024"}, {"id": "8301", "ano": "2024", "numero": "32", "tipo__sigla": "CERT", "tipo__descricao": "CERTIFICADO", "assunto": "Certifico que Vitor Donizetti Siqueira Junior  participou \"O funcionamento das C\u00e2maras Municipais no Per\u00edodo Eleitoral Cuidados e Limites Legais\" que se realizou nos dias 13 a 16 de Agosto de 2024 na cidade de Belo Horizonte"}, {"id": "8436", "ano": "2024", "numero": "32", "tipo__sigla": "ARO", "tipo__descricao": "ATAS DAS REUNI\u00d5ES ORDIN\u00c1RIAS", "assunto": "Ata da 32\u00aa reuni\u00e3o ordin\u00e1ria da 4\u00aa sess\u00e3o legislativa da 15\u00aa legislatura"}, {"id": "7622", "ano": "2024", "numero": "33", "tipo__sigla": "PARE", "tipo__descricao": "PARECER", "assunto": "Parecer Jur\u00eddico - Licita\u00e7\u00e3o - Dispensa - Curso\u201cRegras do Processo Legislativo e d\u00favidas de rotina nas C\u00e2maras Municipais\u201d."}, {"id": "7698", "ano": "2024", "numero": "33", "tipo__sigla": "OFEXP", "tipo__descricao": "Of\u00edcio Expedido", "assunto": "Encaminha projetos de lei aprovados na 8\u00aa reuni\u00e3o"}, {"id": "7919", "ano": "2024", "numero": "33", "tipo__sigla": "DI", "tipo__descricao": "Di\u00e1rias e documentos relativos", "assunto": "Solicita\u00e7\u00e3o de Di\u00e1rio para curso de capacita\u00e7\u00e3o em Belo Horizonte dos dia 28 a 31 de Maio."}, {"id": "7927", "ano": "2024", "numero": "33", "tipo__sigla": "OR", "tipo__descricao": "OF\u00cdCIOS RECEBIDOS", "assunto": "Oficio de solicita\u00e7\u00e3o do ex-vereador Expedito solicitando informa\u00e7\u00f5es, para responder o Minist\u00e9rio P\u00fablico."}, {"id": "7934", "ano": "2024", "numero": "33", "tipo__sigla": "REV", "tipo__descricao": "Relat\u00f3rios de rodagem do ve\u00edculo e outros", "assunto": "Certificado de participa\u00e7\u00e3o da Marcha a Bras\u00edlia em Defesa dos Munic\u00edpios"}, {"id": "7990", "ano": "2024", "numero": "33", "tipo__sigla": "MEM", "tipo__descricao": "Memorando", "assunto": "Solicita participa\u00e7\u00e3o no curso Oficia de Estudo T\u00e9cnico Preliminar e termo de refer\u00eancia"}, {"id": "8088", "ano": "2024", "numero": "33", "tipo__sigla": "DPA", "tipo__descricao": "Documento de Processo Administrativo", "assunto": "Remessa processual, processo 37/2024 para membro A"}, {"id": "8137", "ano": "2024", "numero": "33", "tipo__sigla": "OVC", "tipo__descricao": "Of\u00edcio de Vereador/Comiss\u00e3o", "assunto": "Destina\u00e7\u00e3o emenda impositiva Ezequiel da Silva"}, {"id": "8266", "ano": "2024", "numero": "33", "tipo__sigla": "AT", "tipo__descricao": "ATESTADO", "assunto": "Atesta que Silmara Girlaine Hon\u00f3rio esteve sob tratamento m\u00e9dico devendo ser afastado do servi\u00e7o por 01 um dia a partir do dia 12/08/024"}, {"id": "8303", "ano": "2024", "numero": "33", "tipo__sigla": "CERT", "tipo__descricao": "CERTIFICADO", "assunto": "Certifico que Lucas Pereira Rabelo participou \"O funcionamento das C\u00e2maras Municipais no Per\u00edodo Eleitoral Cuidados e Limites Legais\" que se realizou nos dias 13 a 16 de Agosto de 2024 na cidade de Belo Horizonte"}, {"id": "8443", "ano": "2024", "numero": "33", "tipo__sigla": "ARO", "tipo__descricao": "ATAS DAS REUNI\u00d5ES ORDIN\u00c1RIAS", "assunto": "Ata da 33\u00aa reuni\u00e3o ordin\u00e1ria da 15\u00aa Legislatura da C\u00e2mara Municipal de Santana da Vargem"}, {"id": "7623", "ano": "2024", "numero": "34", "tipo__sigla": "PARE", "tipo__descricao": "PARECER", "assunto": "Parecer jur\u00eddico - Projeto de Lei Ordin\u00e1ria n\u00ba 21 - 2024 - Abertura de Cr\u00e9dito Especial - Super\u00e1vit"}, {"id": "7709", "ano": "2024", "numero": "34", "tipo__sigla": "OFEXP", "tipo__descricao": "Of\u00edcio Expedido", "assunto": "Encaminha as indica\u00e7\u00f5es 003, 004  e 005 do vereador Luiz Felipe Mendon\u00e7a Rodrigues"}, {"id": "7922", "ano": "2024", "numero": "34", "tipo__sigla": "DI", "tipo__descricao": "Di\u00e1rias e documentos relativos", "assunto": "Pedido de Di\u00e1ria do vereador Ronalthe para curso de capacita\u00e7\u00e3o na cidade de Belo Horizonte nos 28 a 31 de Maio de 2024."}, {"id": "7941", "ano": "2024", "numero": "34", "tipo__sigla": "OR", "tipo__descricao": "OF\u00cdCIOS RECEBIDOS", "assunto": "Documenta\u00e7\u00e3o complementar ao Projeto de lei complementar 02/2024"}, {"id": "7991", "ano": "2024", "numero": "34", "tipo__sigla": "MEM", "tipo__descricao": "Memorando", "assunto": "Solicita autoriza\u00e7\u00e3o para levar notebook para casa"}, {"id": "8089", "ano": "2024", "numero": "34", "tipo__sigla": "DPA", "tipo__descricao": "Documento de Processo Administrativo", "assunto": "Remessa processo 35/2024, inexigibilidade 13 para o membro A da comiss\u00e3o de compras"}, {"id": "8139", "ano": "2024", "numero": "34", "tipo__sigla": "OVC", "tipo__descricao": "Of\u00edcio de Vereador/Comiss\u00e3o", "assunto": "Solicita participa\u00e7\u00e3o em curso 18 e 19 de julho de 2024"}, {"id": "8270", "ano": "2024", "numero": "34", "tipo__sigla": "AT", "tipo__descricao": "ATESTADO", "assunto": "Atesta que Isabela Louren\u00e7\u00e3o Messias esteve sob tratamento m\u00e9dico por 02 dias a partir do dia 13/08/2024"}, {"id": "8311", "ano": "2024", "numero": "34", "tipo__sigla": "CERT", "tipo__descricao": "CERTIFICADO", "assunto": "Certifico que Ronalthe Dayglas Rocha participou \"O funcionamento das C\u00e2maras Municipais no Per\u00edodo Eleitoral Cuidados e Limites Legais\" que se realizou nos dias 13 a 16 de Agosto de 2024 na cidade de Belo Horizonte"}, {"id": "8465", "ano": "2024", "numero": "34", "tipo__sigla": "ARO", "tipo__descricao": "ATAS DAS REUNI\u00d5ES ORDIN\u00c1RIAS", "assunto": "Ata da 34\u00aa reuni\u00e3o reuni\u00e3o ordin\u00e1ria da 4\u00aa sess\u00e3o legislativa da 15\u00aa legislatura da C\u00e2mara Municipal de Santana da Vargem"}, {"id": "7624", "ano": "2024", "numero": "35", "tipo__sigla": "PARE", "tipo__descricao": "PARECER", "assunto": "Parecer jur\u00eddico - Projeto de lei ordin\u00e1ria n\u00ba 22 - 2024 - Abertura de Cr\u00e9dito Adicional Especial por super\u00e1vit financeiro - R$ 20.227,92 (vinte mil duzentos e vinte e sete reais e noventa e dois centavos)."}, {"id": "7710", "ano": "2024", "numero": "35", "tipo__sigla": "OFEXP", "tipo__descricao": "Of\u00edcio Expedido", "assunto": "Encaminhas as indica\u00e7\u00f5es 05, 06, 07 e requerimento 01 do vereador Vitor Donizetti Siqueira Junior"}, {"id": "7942", "ano": "2024", "numero": "35", "tipo__sigla": "DI", "tipo__descricao": "Di\u00e1rias e documentos relativos", "assunto": "Relat\u00f3rio e presta\u00e7\u00e3o de contas Emerson Silva Ara\u00fajo (Belo Horizonte- 28/05/2024 a 31/05/2024)"}, {"id": "7947", "ano": "2024", "numero": "35", "tipo__sigla": "OR", "tipo__descricao": "OF\u00cdCIOS RECEBIDOS", "assunto": "Resposta ao of\u00edcio 006/2024"}, {"id": "8022", "ano": "2024", "numero": "35", "tipo__sigla": "MEM", "tipo__descricao": "Memorando", "assunto": "Solicita autoriza\u00e7\u00e3o para levar pra casa os documentos relativos a projetos de lei juntamente com notebook"}, {"id": "8090", "ano": "2024", "numero": "35", "tipo__sigla": "DPA", "tipo__descricao": "Documento de Processo Administrativo", "assunto": "Remessa processo 36/2024 para o membro A da comiss\u00e3o de compras"}, {"id": "8143", "ano": "2024", "numero": "35", "tipo__sigla": "OVC", "tipo__descricao": "Of\u00edcio de Vereador/Comiss\u00e3o", "assunto": "Solicita informa\u00e7\u00f5es acerca de destina\u00e7\u00e3o de emendas parlamentares"}, {"id": "8281", "ano": "2024", "numero": "35", "tipo__sigla": "AT", "tipo__descricao": "ATESTADO", "assunto": "Atesta que o senhor Carlos C\u00e9zar est\u00e1 sob cuidados profissionais na \u00e1rea odontol\u00f3gica de reabilita\u00e7\u00e3o oral e implantes devendo ausentar dos seus afazeres e sendo recomendado repouso no dia 19/08/2024"}, {"id": "8317", "ano": "2024", "numero": "35", "tipo__sigla": "CERT", "tipo__descricao": "CERTIFICADO", "assunto": "Certifica que Felipe Tom\u00e9 Mota e Silva participou do curso \"O funcionamento das C\u00e2maras Municipais no Per\u00edodo Eleitoral: Cuidados e Limites Legais\"."}, {"id": "8495", "ano": "2024", "numero": "35", "tipo__sigla": "ARO", "tipo__descricao": "ATAS DAS REUNI\u00d5ES ORDIN\u00c1RIAS", "assunto": "Ata da 35\u00aa reuni\u00e3o ordin\u00e1ria da 4\u00aa sess\u00e3o legislativa da 15\u00aa legislatura da C\u00e2mara Municipal de Santana da Vargem"}, {"id": "7625", "ano": "2024", "numero": "36", "tipo__sigla": "PARE", "tipo__descricao": "PARECER", "assunto": "Parecer jur\u00eddico - Projeto de lei ordin\u00e1ria n\u00ba 24 - 2024 - Abertura de Cr\u00e9dito Adicional Especial por super\u00e1vit financeiro - R$ 39.441,45 (trinta e nove mil quatrocentos e quarenta e um reais e quarenta e cinco centavos)"}, {"id": "7711", "ano": "2024", "numero": "36", "tipo__sigla": "OFEXP", "tipo__descricao": "Of\u00edcio Expedido", "assunto": "Encaminha a indica\u00e7\u00e3o 001 da vereadora Silmara Girlaine Hon\u00f3rio"}, {"id": "7943", "ano": "2024", "numero": "36", "tipo__sigla": "REV", "tipo__descricao": "Relat\u00f3rios de rodagem do ve\u00edculo e outros", "assunto": "Belo Horizonte 28/05/2024 a 31/05/2024"}, {"id": "7948", "ano": "2024", "numero": "36", "tipo__sigla": "OR", "tipo__descricao": "OF\u00cdCIOS RECEBIDOS", "assunto": "Encaminha os balancetes de receitas e despesas referentes ao m\u00eas de abril de 2024"}, {"id": "7949", "ano": "2024", "numero": "36", "tipo__sigla": "DI", "tipo__descricao": "Di\u00e1rias e documentos relativos", "assunto": "Requisi\u00e7\u00e3o de di\u00e1rias Alanis Carolina de Oliveira Moreira (Belo Horizonte- 11/06/2024 a 14/06/2024)"}, {"id": "8072", "ano": "2024", "numero": "36", "tipo__sigla": "MEM", "tipo__descricao": "Memorando", "assunto": "Solicita autoriza\u00e7\u00e3o para levar documentos e notebook"}, {"id": "8144", "ano": "2024", "numero": "36", "tipo__sigla": "OVC", "tipo__descricao": "Of\u00edcio de Vereador/Comiss\u00e3o", "assunto": "Indica destina\u00e7\u00e3o de emenda impositiva"}, {"id": "8197", "ano": "2024", "numero": "36", "tipo__sigla": "DPA", "tipo__descricao": "Documento de Processo Administrativo", "assunto": "Of\u00edcio membro A comiss\u00e3o licita\u00e7\u00e3o- corre\u00e7\u00f5es processo Plano de Sa\u00fade 2024"}, {"id": "8306", "ano": "2024", "numero": "36", "tipo__sigla": "AT", "tipo__descricao": "ATESTADO", "assunto": "Declara\u00e7\u00e3o de comparecimento Isabela Louren\u00e7\u00e3o Messias 23/08/2024 7h \u00e0s 8h"}, {"id": "8488", "ano": "2024", "numero": "36", "tipo__sigla": "CERT", "tipo__descricao": "CERTIFICADO", "assunto": "Certifica que Ronalthe Dayglas Rocha participou do Curso de Capacita\u00e7\u00e3o com o tema: Planejamento estrat\u00e9gico municipal e encerramento e transi\u00e7\u00e3o respons\u00e1vel de mandatos"}, {"id": "8520", "ano": "2024", "numero": "36", "tipo__sigla": "ARO", "tipo__descricao": "ATAS DAS REUNI\u00d5ES ORDIN\u00c1RIAS", "assunto": "Ata da 36\u00aa reuni\u00e3o ordin\u00e1ria da 4\u00aa sess\u00e3o legislativa da 15\u00aa legislatura da C\u00e2mara Municipal de Santana da Vargem"}, {"id": "7626", "ano": "2024", "numero": "37", "tipo__sigla": "PARE", "tipo__descricao": "PARECER", "assunto": "Parecer jur\u00eddico - Projeto de lei ordin\u00e1ria n\u00ba 25 - 2024 - Abertura de Cr\u00e9dito Adicional Especial por super\u00e1vit financeiro - R$ 117.206,69 (cento e dezessete mil duzentos e seis reais e sessenta e nove centavos)"}, {"id": "7712", "ano": "2024", "numero": "37", "tipo__sigla": "OFEXP", "tipo__descricao": "Of\u00edcio Expedido", "assunto": "Encaminha as indica\u00e7\u00f5es 001 e 002 do vereador Luiz Felipe Mendon\u00e7a Rodrigues"}, {"id": "7944", "ano": "2024", "numero": "37", "tipo__sigla": "REV", "tipo__descricao": "Relat\u00f3rios de rodagem do ve\u00edculo e outros", "assunto": "Relat\u00f3rio de rodagem Santana da Vargem 30/04/2024"}, {"id": "7951", "ano": "2024", "numero": "37", "tipo__sigla": "DI", "tipo__descricao": "Di\u00e1rias e documentos relativos", "assunto": "Relat\u00f3rio e presta\u00e7\u00e3o de contas Ruiter Silva de Oliveira (Belo Horizonte - 28/05/2024 a 31/05/2024)"}, {"id": "7961", "ano": "2024", "numero": "37", "tipo__sigla": "OR", "tipo__descricao": "OF\u00cdCIOS RECEBIDOS", "assunto": "Resposta ao of\u00edcio 65 da presidente da C\u00e2mara"}, {"id": "8079", "ano": "2024", "numero": "37", "tipo__sigla": "MEM", "tipo__descricao": "Memorando", "assunto": "Solicita autoriza\u00e7\u00e3o para participar no curso dia 02 a 05 de julho considerando que o curso do dia 25 a 28 foi adiado"}, {"id": "8148", "ano": "2024", "numero": "37", "tipo__sigla": "OVC", "tipo__descricao": "Of\u00edcio de Vereador/Comiss\u00e3o", "assunto": "Destina\u00e7\u00e3o emenda impositiva Carlos C\u00e9zar - sa\u00fade"}, {"id": "8304", "ano": "2024", "numero": "37", "tipo__sigla": "DPA", "tipo__descricao": "Documento de Processo Administrativo", "assunto": "Prosseguimento do processo licitat\u00f3rio para aquisi\u00e7\u00e3o de material de inform\u00e1tica"}, {"id": "8371", "ano": "2024", "numero": "37", "tipo__sigla": "AT", "tipo__descricao": "ATESTADO", "assunto": "Atestado demissional Alanis Carolina de Oliveira Moreira"}, {"id": "8489", "ano": "2024", "numero": "37", "tipo__sigla": "CERT", "tipo__descricao": "CERTIFICADO", "assunto": "ertifica que Carlos C\u00e9zar Ribeiro participou do Curso de Capacita\u00e7\u00e3o com o tema: Planejamento estrat\u00e9gico municipal e encerramento e transi\u00e7\u00e3o respons\u00e1vel de mandatos"}, {"id": "8540", "ano": "2024", "numero": "37", "tipo__sigla": "ARO", "tipo__descricao": "ATAS DAS REUNI\u00d5ES ORDIN\u00c1RIAS", "assunto": "Ata da 37\u00aa reuni\u00e3o ordin\u00e1ria da 4\u00aa Sess\u00e3o Legislativa da 15\u00aa Legislatura da C\u00e2mara Municipal de Santana da Vargem"}, {"id": "7627", "ano": "2024", "numero": "38", "tipo__sigla": "PARE", "tipo__descricao": "PARECER", "assunto": "Parecer jur\u00eddico - Projeto de lei ordin\u00e1ria n\u00ba 26 - 2024 - Abertura de Cr\u00e9dito Adicional Especial por super\u00e1vit financeiro - R$ 117.206,69 (cento e dezessete mil duzentos e seis reais e sessenta e nove centavos)"}, {"id": "7713", "ano": "2024", "numero": "38", "tipo__sigla": "OFEXP", "tipo__descricao": "Of\u00edcio Expedido", "assunto": "Encaminha indica\u00e7\u00f5es 08 e 09 do vereador Vitor Donizetti Siqueira Junior"}, {"id": "7959", "ano": "2024", "numero": "38", "tipo__sigla": "DI", "tipo__descricao": "Di\u00e1rias e documentos relativos", "assunto": "Requisi\u00e7\u00e3o de di\u00e1rias Cleber de Brito (Belo Horizonte 11 de junho a 14 de junho)"}, {"id": "7974", "ano": "2024", "numero": "38", "tipo__sigla": "OR", "tipo__descricao": "OF\u00cdCIOS RECEBIDOS", "assunto": "Resposta ao of\u00edcio 001 do vereador Ronalthe Dayglas Rocha"}, {"id": "7979", "ano": "2024", "numero": "38", "tipo__sigla": "REV", "tipo__descricao": "Relat\u00f3rios de rodagem do ve\u00edculo e outros", "assunto": "Tr\u00eas Pontas- 05/06/2024"}, {"id": "8091", "ano": "2024", "numero": "38", "tipo__sigla": "MEM", "tipo__descricao": "Memorando", "assunto": "Requerimento- lei complementar 16 de julho de 2019- concess\u00e3o de acesso"}, {"id": "8159", "ano": "2024", "numero": "38", "tipo__sigla": "OVC", "tipo__descricao": "Of\u00edcio de Vereador/Comiss\u00e3o", "assunto": "Informa sobre a destina\u00e7\u00e3o da emenda impositiva"}, {"id": "8372", "ano": "2024", "numero": "38", "tipo__sigla": "AT", "tipo__descricao": "ATESTADO", "assunto": "Atestado admissional Williane Aparecida Delcidio"}, {"id": "8584", "ano": "2024", "numero": "38", "tipo__sigla": "ARO", "tipo__descricao": "ATAS DAS REUNI\u00d5ES ORDIN\u00c1RIAS", "assunto": "Ata da 38\u00aa reuni\u00e3o ordin\u00e1ria da 4\u00aa Sess\u00e3o Legislativa da 15\u00aa Legislatura da C\u00e2mara Municipal de Santana da Vargem"}, {"id": "7629", "ano": "2024", "numero": "39", "tipo__sigla": "PARE", "tipo__descricao": "PARECER", "assunto": "Parecer jur\u00eddico - Projeto de lei ordin\u00e1ria n\u00ba 27 - 2024 - Abertura de Cr\u00e9dito Adicional Especial por super\u00e1vit financeiro - R$ 88.072,45 (oitenta e oito mil setenta e dois reais e quarenta e cinco centavos)"}, {"id": "7730", "ano": "2024", "numero": "39", "tipo__sigla": "OFEXP", "tipo__descricao": "Of\u00edcio Expedido", "assunto": "Solicita altera\u00e7\u00e3o do plano anual de contrata\u00e7\u00e3o a fim de licitar produtos de panifica\u00e7\u00e3o"}, {"id": "7963", "ano": "2024", "numero": "39", "tipo__sigla": "DI", "tipo__descricao": "Di\u00e1rias e documentos relativos", "assunto": "Relat\u00f3rio e presta\u00e7\u00e3o de contas Ronalthe Dayglas Rocha (Belo Horizonte- 28/05/2024 a 31/05/2024)"}, {"id": "7975", "ano": "2024", "numero": "39", "tipo__sigla": "OR", "tipo__descricao": "OF\u00cdCIOS RECEBIDOS", "assunto": "Resposta ao of\u00edcio 058 da presid\u00eancia"}, {"id": "7987", "ano": "2024", "numero": "39", "tipo__sigla": "REV", "tipo__descricao": "Relat\u00f3rios de rodagem do ve\u00edculo e outros", "assunto": "Tr\u00eas Pontas 06/06/2024"}, {"id": "8100", "ano": "2024", "numero": "39", "tipo__sigla": "MEM", "tipo__descricao": "Memorando", "assunto": "Solicita autoriza\u00e7\u00e3o para levar documentos e notebook"}, {"id": "8160", "ano": "2024", "numero": "39", "tipo__sigla": "OVC", "tipo__descricao": "Of\u00edcio de Vereador/Comiss\u00e3o", "assunto": "Informa destina\u00e7\u00e3o de emenda impositiva"}, {"id": "8435", "ano": "2024", "numero": "39", "tipo__sigla": "AT", "tipo__descricao": "ATESTADO", "assunto": "Atesta que Isabela Louren\u00e7\u00e3o Messias esteve impossibilitada de trabalhar por 2 (dois) dias a partir desta data"}, {"id": "8598", "ano": "2024", "numero": "39", "tipo__sigla": "ARO", "tipo__descricao": "ATAS DAS REUNI\u00d5ES ORDIN\u00c1RIAS", "assunto": "Ata da 39\u00aa reuni\u00e3o ordin\u00e1ria da 4\u00aa Sess\u00e3o Legislativa da 15\u00aa Legislatura da C\u00e2mara Municipal de Santana da Vargem"}, {"id": "7638", "ano": "2024", "numero": "40", "tipo__sigla": "PARE", "tipo__descricao": "PARECER", "assunto": "Parecer jur\u00eddico - Projeto de lei ordin\u00e1ria n\u00ba 28 - 2024 - Abertura de cr\u00e9dito adicional especial - super\u00e1vit financeiro - R$ 14.419,89 (quatorze mil quatrocentos e dezenove reais e oitenta e nove centavos)"}, {"id": "7731", "ano": "2024", "numero": "40", "tipo__sigla": "OFEXP", "tipo__descricao": "Of\u00edcio Expedido", "assunto": "Solicita que seja alterado o plano anual de contrata\u00e7\u00f5es a fim de licitar os produtos e utens\u00edlios de cozinha"}, {"id": "7973", "ano": "2024", "numero": "40", "tipo__sigla": "DI", "tipo__descricao": "Di\u00e1rias e documentos relativos", "assunto": "Requisi\u00e7\u00e3o de di\u00e1rias Felipe Tom\u00e9 Mota e Silva (Belo Horizonte- 11/06/2024 a 14/06/2024)"}, {"id": "7988", "ano": "2024", "numero": "40", "tipo__sigla": "REV", "tipo__descricao": "Relat\u00f3rios de rodagem do ve\u00edculo e outros", "assunto": "Santana da Vargem- 07/06/2024"}, {"id": "8045", "ano": "2024", "numero": "40", "tipo__sigla": "OR", "tipo__descricao": "OF\u00cdCIOS RECEBIDOS", "assunto": "Resposta ao of\u00edcio 002/2024 do vereador Luiz Felipe"}, {"id": "8130", "ano": "2024", "numero": "40", "tipo__sigla": "MEM", "tipo__descricao": "Memorando", "assunto": "Solicita autoriza\u00e7\u00e3o para levar documentos e notebook"}, {"id": "8196", "ano": "2024", "numero": "40", "tipo__sigla": "OVC", "tipo__descricao": "Of\u00edcio de Vereador/Comiss\u00e3o", "assunto": "O funcionamento das C\u00e2maras Municipais no Per\u00edodo Eleitoral"}, {"id": "8445", "ano": "2024", "numero": "40", "tipo__sigla": "AT", "tipo__descricao": "ATESTADO", "assunto": "Atesta que Julia Delc\u00eddio Andrade esta sob tratamento m\u00e9dico, precisando estar acompanhada de sua m\u00e3e Wiliane Delc\u00eddio durante sua doen\u00e7a"}, {"id": "8614", "ano": "2024", "numero": "40", "tipo__sigla": "ARO", "tipo__descricao": "ATAS DAS REUNI\u00d5ES ORDIN\u00c1RIAS", "assunto": "Ata da 40\u00aa reuni\u00e3o ordin\u00e1ria da 4\u00aa Sess\u00e3o Legislativa da 15\u00aa Legislatura da C\u00e2mara Municipal de Santana da Vargem"}, {"id": "7639", "ano": "2024", "numero": "41", "tipo__sigla": "PARE", "tipo__descricao": "PARECER", "assunto": "Parecer jur\u00eddico - Projeto de lei ordin\u00e1ria n\u00ba 29 - 2024 - Abertura de cr\u00e9dito adicional especial - super\u00e1vit financeiro - R$ 86.050,44 (oitenta e seis mil e cinquenta reais e oitenta e quarenta e quatro centavos)"}, {"id": "7746", "ano": "2024", "numero": "41", "tipo__sigla": "OFEXP", "tipo__descricao": "Of\u00edcio Expedido", "assunto": "Encaminha a indica\u00e7\u00e3o 006 do vereador Luiz Felipe Mendon\u00e7a Rodrigues"}, {"id": "7977", "ano": "2024", "numero": "41", "tipo__sigla": "DI", "tipo__descricao": "Di\u00e1rias e documentos relativos", "assunto": "Relat\u00f3rio e presta\u00e7\u00e3o de contas Carlos C\u00e9zar Ribeiro (Belo Horizonte- 28 a 31 de maio)"}, {"id": "8005", "ano": "2024", "numero": "41", "tipo__sigla": "REV", "tipo__descricao": "Relat\u00f3rios de rodagem do ve\u00edculo e outros", "assunto": "Santana da Vargem- 10/06/2024"}, {"id": "8067", "ano": "2024", "numero": "41", "tipo__sigla": "OR", "tipo__descricao": "OF\u00cdCIOS RECEBIDOS", "assunto": "Respostas ao of\u00edcio 001 do vereador Vitor Donizetti Siqueira Junior"}, {"id": "8161", "ano": "2024", "numero": "41", "tipo__sigla": "MEM", "tipo__descricao": "Memorando", "assunto": "Solicita autoriza\u00e7\u00e3o para levar notebook e processos"}, {"id": "8236", "ano": "2024", "numero": "41", "tipo__sigla": "OVC", "tipo__descricao": "Of\u00edcio de Vereador/Comiss\u00e3o", "assunto": "Solicita informa\u00e7\u00f5es sobre o monitoramento por c\u00e2meras no munic\u00edpio"}, {"id": "8479", "ano": "2024", "numero": "41", "tipo__sigla": "AT", "tipo__descricao": "ATESTADO", "assunto": "Atesta que Wiliane Aparecida Delc\u00eddio esteve sob tratamento m\u00e9dico, devendo ser afastado do servi\u00e7o por dois dias a partir do dia 04/11/2024"}, {"id": "8615", "ano": "2024", "numero": "41", "tipo__sigla": "ARO", "tipo__descricao": "ATAS DAS REUNI\u00d5ES ORDIN\u00c1RIAS", "assunto": "Ata da 41\u00aa reuni\u00e3o ordin\u00e1ria da 4\u00aa Sess\u00e3o Legislativa 15\u00aa Legislatura da C\u00e2mara Municipal de Santana da Vargem"}, {"id": "7642", "ano": "2024", "numero": "42", "tipo__sigla": "PARE", "tipo__descricao": "PARECER", "assunto": "Parecer jur\u00eddico - Projeto de lei ordin\u00e1ria n\u00ba 30 - 2024 - Abertura de cr\u00e9dito adicional especial - super\u00e1vit financeiro - R$ 29.131,19 (vinte e nove mil cento e trinta e um reais e dezenove centavos)"}, {"id": "7747", "ano": "2024", "numero": "42", "tipo__sigla": "OFEXP", "tipo__descricao": "Of\u00edcio Expedido", "assunto": "Solicita  regulariza\u00e7\u00e3o do im\u00f3vel do legislativo junto ao munic\u00edpio"}, {"id": "7981", "ano": "2024", "numero": "42", "tipo__sigla": "DI", "tipo__descricao": "Di\u00e1rias e documentos relativos", "assunto": "Relat\u00f3rio e presta\u00e7\u00e3o de contas Walter Silva (Belo Horizonte- 28 a 31 de maio)"}, {"id": "8030", "ano": "2024", "numero": "42", "tipo__sigla": "REV", "tipo__descricao": "Relat\u00f3rios de rodagem do ve\u00edculo e outros", "assunto": "Belo Horizonte (11/06 a 14/06)"}, {"id": "8068", "ano": "2024", "numero": "42", "tipo__sigla": "OR", "tipo__descricao": "OF\u00cdCIOS RECEBIDOS", "assunto": "Resposta ao of\u00edcio 004 de 2024 da vereadora Silmara Girlaine Hon\u00f3rio"}, {"id": "8164", "ano": "2024", "numero": "42", "tipo__sigla": "MEM", "tipo__descricao": "Memorando", "assunto": "Solicita\u00e7\u00e3o de f\u00e9rias- Alanis Carolina de Oliveira Moreira"}, {"id": "8237", "ano": "2024", "numero": "42", "tipo__sigla": "OVC", "tipo__descricao": "Of\u00edcio de Vereador/Comiss\u00e3o", "assunto": "Solicita informa\u00e7\u00f5es sobre a possibilidade de retomada do transporte escolar para os alunos que estudem em Muzambinho"}, {"id": "8483", "ano": "2024", "numero": "42", "tipo__sigla": "AT", "tipo__descricao": "ATESTADO", "assunto": "Atestado Wiliane Aparecida Delcidio"}, {"id": "7645", "ano": "2024", "numero": "43", "tipo__sigla": "PARE", "tipo__descricao": "PARECER", "assunto": "Parecer jur\u00eddico - Projeto de lei ordin\u00e1ria n\u00ba 31 - 2024 - Abertura de cr\u00e9dito adicional especial - super\u00e1vit financeiro - R$ 20.137,20 (vinte mil cento e trinta e sete reais e vinte centavos)"}, {"id": "7760", "ano": "2024", "numero": "43", "tipo__sigla": "OFEXP", "tipo__descricao": "Of\u00edcio Expedido", "assunto": "Solicita ao setor de tributa\u00e7\u00e3o, que seja emitida uma guia de pagamento referente aos rendimentos de aplica\u00e7\u00e3o auferidos no m\u00eas de mar\u00e7o"}, {"id": "7985", "ano": "2024", "numero": "43", "tipo__sigla": "DI", "tipo__descricao": "Di\u00e1rias e documentos relativos", "assunto": "requisi\u00e7\u00e3o de di\u00e1rias Carlos C\u00e9zar Ribeiro (Belo Horizonte- 25/06/2024 a 28/06/2024)"}, {"id": "8056", "ano": "2024", "numero": "43", "tipo__sigla": "REV", "tipo__descricao": "Relat\u00f3rios de rodagem do ve\u00edculo e outros", "assunto": "17/06/2024 -Tr\u00eas Pontas"}, {"id": "8070", "ano": "2024", "numero": "43", "tipo__sigla": "OR", "tipo__descricao": "OF\u00cdCIOS RECEBIDOS", "assunto": "Encaminha os balancetes de despesas e receitas referentes ao m\u00eas de maio de 2024"}, {"id": "8191", "ano": "2024", "numero": "43", "tipo__sigla": "MEM", "tipo__descricao": "Memorando", "assunto": "Solicita autorizado para receber metade do 13\u00ba sal\u00e1rio"}, {"id": "8238", "ano": "2024", "numero": "43", "tipo__sigla": "OVC", "tipo__descricao": "Of\u00edcio de Vereador/Comiss\u00e3o", "assunto": "Solicita\u00e7\u00e3o de autoriza\u00e7\u00e3o para a participa\u00e7\u00e3o em curso de capacita\u00e7\u00e3o"}, {"id": "8484", "ano": "2024", "numero": "43", "tipo__sigla": "AT", "tipo__descricao": "ATESTADO", "assunto": "Atesta que Wiliane Aparecida Delcidio acompanhou a paciente Marina Holanda Delc\u00eddio da Silva no dia 06/11/2024"}, {"id": "7646", "ano": "2024", "numero": "44", "tipo__sigla": "PARE", "tipo__descricao": "PARECER", "assunto": "Parecer jur\u00eddico - Projeto de lei ordin\u00e1ria n\u00ba 32 - 2024 - Abertura de cr\u00e9dito adicional especial - super\u00e1vit financeiro - R$ 64.257,20 (sessenta e quatro mil duzentos e cinquenta e sete reais e vinte centavos)"}, {"id": "7761", "ano": "2024", "numero": "44", "tipo__sigla": "OFEXP", "tipo__descricao": "Of\u00edcio Expedido", "assunto": "Solicita ao setor de tributa\u00e7\u00e3o que seja emitida guia de pagamento referente ao IRRF dos fornecedores do m\u00eas de mar\u00e7o"}, {"id": "7992", "ano": "2024", "numero": "44", "tipo__sigla": "DI", "tipo__descricao": "Di\u00e1rias e documentos relativos", "assunto": "Requisi\u00e7\u00e3o de di\u00e1rias Vitor Donizetti Siqueira Junior (Belo Horizonte- 25/06/2024 a 28/06/2024)"}, {"id": "8057", "ano": "2024", "numero": "44", "tipo__sigla": "REV", "tipo__descricao": "Relat\u00f3rios de rodagem do ve\u00edculo e outros", "assunto": "Santana da Vargem- 17/06/2024"}, {"id": "8075", "ano": "2024", "numero": "44", "tipo__sigla": "OR", "tipo__descricao": "OF\u00cdCIOS RECEBIDOS", "assunto": "Resposta ao parecer jur\u00eddico ao projeto de lei 43 de 15 de abril de 2024, que disp\u00f5e sobre as Diretrizes para elabora\u00e7\u00e3o da lei or\u00e7ament\u00e1ria 2025 e d\u00e1 outras provid\u00eancias"}, {"id": "8212", "ano": "2024", "numero": "44", "tipo__sigla": "MEM", "tipo__descricao": "Memorando", "assunto": "Requerimento de f\u00e9rias Cleber de Brito per\u00edodo 12 a 21 de agosto de 2024 e 09 a 18 de setembro de 2024"}, {"id": "8259", "ano": "2024", "numero": "44", "tipo__sigla": "OVC", "tipo__descricao": "Of\u00edcio de Vereador/Comiss\u00e3o", "assunto": "Solicita informa\u00e7\u00f5es sobre regulariza\u00e7\u00e3o fundi\u00e1ria"}, {"id": "8519", "ano": "2024", "numero": "44", "tipo__sigla": "AT", "tipo__descricao": "ATESTADO", "assunto": "Atesta que o paciente esteve sob tratamento m\u00e9dico pelo per\u00edodo de 1 (um) dia a partir do dia 18/11/2024"}, {"id": "7647", "ano": "2024", "numero": "45", "tipo__sigla": "PARE", "tipo__descricao": "PARECER", "assunto": "Parecer jur\u00eddico - Projeto de lei ordin\u00e1ria n\u00ba 33 - 2024 - Abertura de cr\u00e9dito adicional especial - super\u00e1vit financeiro - R$ 1.324,88 (mil trezentos e vinte e quatro reais e oitenta e oito centavos)"}, {"id": "7762", "ano": "2024", "numero": "45", "tipo__sigla": "OFEXP", "tipo__descricao": "Of\u00edcio Expedido", "assunto": "Solicita ao setor de tributa\u00e7\u00e3o que seja emitida guia de IRRF referente a folha do m\u00eas de mar\u00e7o de 2024"}, {"id": "8006", "ano": "2024", "numero": "45", "tipo__sigla": "DI", "tipo__descricao": "Di\u00e1rias e documentos relativos", "assunto": "Requerimento de adiantamento para abastecimento e estacionamento quanto em deslocamento (Belo Horizonte- 11/06/2024 a 14/06/2024)"}, {"id": "8063", "ano": "2024", "numero": "45", "tipo__sigla": "REV", "tipo__descricao": "Relat\u00f3rios de rodagem do ve\u00edculo e outros", "assunto": "Relat\u00f3rio de viagem Emerson Silva Ara\u00fajo 19/06/2024 - Boa Esperan\u00e7a"}, {"id": "8078", "ano": "2024", "numero": "45", "tipo__sigla": "OR", "tipo__descricao": "OF\u00cdCIOS RECEBIDOS", "assunto": "Solicita retirada de tramita\u00e7\u00e3o do projeto de lei 51/2024"}, {"id": "8213", "ano": "2024", "numero": "45", "tipo__sigla": "MEM", "tipo__descricao": "Memorando", "assunto": "Solicita\u00e7\u00e3o de autoriza\u00e7\u00e3o para a participa\u00e7\u00e3o em curso de capacita\u00e7\u00e3o"}, {"id": "8267", "ano": "2024", "numero": "45", "tipo__sigla": "OVC", "tipo__descricao": "Of\u00edcio de Vereador/Comiss\u00e3o", "assunto": "Solicito parecer sobre o projeto de le n\u00ba 62 que \"Autoriza o Munic\u00edpio de Santana da Vargem a firmar contrato de concess\u00e3o de uso do est\u00e1dio Municipal   Hernani Pereira Scatolino \u00e0s autoescolas de dire\u00e7\u00e3o veicular para aulas pr\u00e1ticas de condu\u00e7\u00e3o de motocicletas"}, {"id": "8555", "ano": "2024", "numero": "45", "tipo__sigla": "AT", "tipo__descricao": "ATESTADO", "assunto": "Atesta que Julia Delc\u00eddio Andrade acompanhada de sua m\u00e3o Wiliane Aparecida Delc\u00eddio est\u00e1 sob tratamento m\u00e9dico, devendo ser afastada do servi\u00e7o por um dia a partir do dia 27/12/2024"}, {"id": "7648", "ano": "2024", "numero": "46", "tipo__sigla": "PARE", "tipo__descricao": "PARECER", "assunto": "Parecer jur\u00eddico - Projeto de lei ordin\u00e1ria n\u00ba 34 - 2024 - Abertura de cr\u00e9dito adicional especial - super\u00e1vit financeiro - R$ 1.324,88 (mil trezentos e vinte e quatro reais e oitenta e oito centavos)"}, {"id": "7766", "ano": "2024", "numero": "46", "tipo__sigla": "OFEXP", "tipo__descricao": "Of\u00edcio Expedido", "assunto": "Encaminha os documentos obrigat\u00f3rios para envio sicom dcasp"}, {"id": "8028", "ano": "2024", "numero": "46", "tipo__sigla": "DI", "tipo__descricao": "Di\u00e1rias e documentos relativos", "assunto": "Relat\u00f3rio e presta\u00e7\u00e3o de contas Cleber de Brito (Belo Horizonte- 11/06/2024 a 14/06/2024)"}, {"id": "8064", "ano": "2024", "numero": "46", "tipo__sigla": "REV", "tipo__descricao": "Relat\u00f3rios de rodagem do ve\u00edculo e outros", "assunto": "Santana da Vargem- 20/06/2024"}, {"id": "8094", "ano": "2024", "numero": "46", "tipo__sigla": "OR", "tipo__descricao": "OF\u00cdCIOS RECEBIDOS", "assunto": "convida para \"Avalia\u00e7\u00e3o Santos F.C\""}, {"id": "8292", "ano": "2024", "numero": "46", "tipo__sigla": "MEM", "tipo__descricao": "Memorando", "assunto": "solicita autoriza\u00e7\u00e3o para gozar 10 dias de f\u00e9rias referentes ao per\u00edodo aquisitivo 08/10/2022 a 07/10/2023 e convers\u00e3o de 10 dias em pec\u00fania"}, {"id": "8299", "ano": "2024", "numero": "46", "tipo__sigla": "OVC", "tipo__descricao": "Of\u00edcio de Vereador/Comiss\u00e3o", "assunto": "Decis\u00e3o de regime de urg\u00eancia especial art. 119 do regimento interno"}, {"id": "8556", "ano": "2024", "numero": "46", "tipo__sigla": "AT", "tipo__descricao": "ATESTADO", "assunto": "Declara que a paciente Julia Delc\u00eddio Andrade compareceu a unidade no dia 26 de  novembro de 2024"}, {"id": "7649", "ano": "2024", "numero": "47", "tipo__sigla": "PARE", "tipo__descricao": "PARECER", "assunto": "Parecer jur\u00eddico - Projeto de lei ordin\u00e1ria n\u00ba 35 - 2024 - Abertura de cr\u00e9dito adicional especial - super\u00e1vit financeiro - R$ 262.845,76 (duzentos e sessenta e dois mil oitocentos e quarenta e cinco reais e setenta e seis centavos)"}, {"id": "7770", "ano": "2024", "numero": "47", "tipo__sigla": "OFEXP", "tipo__descricao": "Of\u00edcio Expedido", "assunto": "Solicita adiamento das f\u00e9rias do motorista"}, {"id": "8031", "ano": "2024", "numero": "47", "tipo__sigla": "DI", "tipo__descricao": "Di\u00e1rias e documentos relativos", "assunto": "Relat\u00f3rio e Presta\u00e7\u00e3o de Contas Emerson Silva Ara\u00fajo (Belo Horizonte- 11/06/2024 a 14/06/2024)"}, {"id": "8065", "ano": "2024", "numero": "47", "tipo__sigla": "REV", "tipo__descricao": "Relat\u00f3rios de rodagem do ve\u00edculo e outros", "assunto": "Santana da Vargem - 21/06/2024"}, {"id": "8095", "ano": "2024", "numero": "47", "tipo__sigla": "OR", "tipo__descricao": "OF\u00cdCIOS RECEBIDOS", "assunto": "Responde of\u00edcio 004 da vereadora Silmara Girlaine Hon\u00f3rio"}, {"id": "8305", "ano": "2024", "numero": "47", "tipo__sigla": "OVC", "tipo__descricao": "Of\u00edcio de Vereador/Comiss\u00e3o", "assunto": "Indica\u00e7\u00e3o de emenda impositiva Luiz Felipe Mendon\u00e7a Rodrigues - 50% para \u00e1rea da sa\u00fade discricion\u00e1rio"}, {"id": "8312", "ano": "2024", "numero": "47", "tipo__sigla": "MEM", "tipo__descricao": "Memorando", "assunto": "Solicita autoriza\u00e7\u00e3o para levar notebook"}, {"id": "8572", "ano": "2024", "numero": "47", "tipo__sigla": "AT", "tipo__descricao": "ATESTADO", "assunto": "Atestado de comparecimento  Laidia Mesquita de Sousa  Barbosa - periodo da tarde 02/12/2024"}, {"id": "7650", "ano": "2024", "numero": "48", "tipo__sigla": "PARE", "tipo__descricao": "PARECER", "assunto": "Parecer Jur\u00eddico - Projeto de Lei Ordin\u00e1ria n\u00ba 38 - 2024 - Altera a lei ordin\u00e1ria municipal n\u00ba  1.597 de 09 de novembro de 2021. (Contrata\u00e7\u00e3o Tempor\u00e1ria)"}, {"id": "7772", "ano": "2024", "numero": "48", "tipo__sigla": "OFEXP", "tipo__descricao": "Of\u00edcio Expedido", "assunto": "Encaminha projetos aprovados na 10\u00aa reuni\u00e3o ordin\u00e1ria"}, {"id": "8032", "ano": "2024", "numero": "48", "tipo__sigla": "DI", "tipo__descricao": "Di\u00e1rias e documentos relativos", "assunto": "Relat\u00f3rio e Presta\u00e7\u00e3o de contas  Alanis Carolina de Oliveira Moreira (Belo Horizonte- 11/06/2024 a 14/06/2024)"}, {"id": "8080", "ano": "2024", "numero": "48", "tipo__sigla": "REV", "tipo__descricao": "Relat\u00f3rios de rodagem do ve\u00edculo e outros", "assunto": "Santana da Vargem- 21/06/2024"}, {"id": "8096", "ano": "2024", "numero": "48", "tipo__sigla": "OR", "tipo__descricao": "OF\u00cdCIOS RECEBIDOS", "assunto": "Responde of\u00edcio do vereador Vitor Donizetti Siqueira Junior"}, {"id": "8326", "ano": "2024", "numero": "48", "tipo__sigla": "OVC", "tipo__descricao": "Of\u00edcio de Vereador/Comiss\u00e3o", "assunto": "Solicita que seja retirado nome de todos os conselhos e comiss\u00f5es aos quais faz parte"}, {"id": "8336", "ano": "2024", "numero": "48", "tipo__sigla": "MEM", "tipo__descricao": "Memorando", "assunto": "Informa\u00e7\u00f5es e solicita\u00e7\u00f5es quanto \u00e9 ponto eletr\u00f4nico"}, {"id": "8597", "ano": "2024", "numero": "48", "tipo__sigla": "AT", "tipo__descricao": "ATESTADO", "assunto": "Atesta que Isabela Louren\u00e7\u00e3o Messias ausentou das atividades para exame m\u00e9dico de preven\u00e7\u00e3o"}, {"id": "7667", "ano": "2024", "numero": "49", "tipo__sigla": "PARE", "tipo__descricao": "PARECER", "assunto": "Parecer jur\u00eddico - Projeto de Lei Ordin\u00e1ria n\u00ba 37 - 2024 - Altera o organograma da Secretaria de Assist\u00eancia Social."}, {"id": "7804", "ano": "2024", "numero": "49", "tipo__sigla": "OFEXP", "tipo__descricao": "Of\u00edcio Expedido", "assunto": "Encaminha projeto rejeitado na 2\u00aa reuni\u00e3o extraordin\u00e1ria"}, {"id": "8033", "ano": "2024", "numero": "49", "tipo__sigla": "DI", "tipo__descricao": "Di\u00e1rias e documentos relativos", "assunto": "Relat\u00f3rio e presta\u00e7\u00e3o de contas Felipe Tom\u00e9 Mota e Silva (Belo Horizonte- 11/06/2024 a 14/06/2024)"}, {"id": "8081", "ano": "2024", "numero": "49", "tipo__sigla": "REV", "tipo__descricao": "Relat\u00f3rios de rodagem do ve\u00edculo e outros", "assunto": "Santana da Vargem- 21/06/2024"}, {"id": "8097", "ano": "2024", "numero": "49", "tipo__sigla": "OR", "tipo__descricao": "OF\u00cdCIOS RECEBIDOS", "assunto": "Responde of\u00edcio 030 do vereador Vitor Donizetti Siqueira Junior"}, {"id": "8337", "ano": "2024", "numero": "49", "tipo__sigla": "MEM", "tipo__descricao": "Memorando", "assunto": "Memorando comiss\u00e3o de compras a respeito do portal de compras"}, {"id": "8351", "ano": "2024", "numero": "49", "tipo__sigla": "OVC", "tipo__descricao": "Of\u00edcio de Vereador/Comiss\u00e3o", "assunto": "Convoca\u00e7\u00e3o reuni\u00e3o de comiss\u00e3o servi\u00e7os p\u00fablicos - Tratar de resposta ao of\u00edcio 130 da presid\u00eancia e 245/2024 da promotoria"}, {"id": "7686", "ano": "2024", "numero": "50", "tipo__sigla": "PARE", "tipo__descricao": "PARECER", "assunto": "Parecer jur\u00eddico - Inexigibilidade - Licita\u00e7\u00e3o - Energia El\u00e9trica"}, {"id": "7807", "ano": "2024", "numero": "50", "tipo__sigla": "OFEXP", "tipo__descricao": "Of\u00edcio Expedido", "assunto": "Solicita altera\u00e7\u00e3o no valor do adiantamento para o motorista"}, {"id": "8061", "ano": "2024", "numero": "50", "tipo__sigla": "DI", "tipo__descricao": "Di\u00e1rias e documentos relativos", "assunto": "Requisi\u00e7\u00e3o de di\u00e1rias Ezequiel da Silva (Belo Horizonte- 25/06/2024 a 28/06/2024)"}, {"id": "8098", "ano": "2024", "numero": "50", "tipo__sigla": "OR", "tipo__descricao": "OF\u00cdCIOS RECEBIDOS", "assunto": "Responde ao of\u00edcio 079/2024 da C\u00e2mara Municipal de Santana da Vargem"}, {"id": "8102", "ano": "2024", "numero": "50", "tipo__sigla": "REV", "tipo__descricao": "Relat\u00f3rios de rodagem do ve\u00edculo e outros", "assunto": "Belo Horizonte- 25/06/2024"}, {"id": "8350", "ano": "2024", "numero": "50", "tipo__sigla": "MEM", "tipo__descricao": "Memorando", "assunto": "solicita permiss\u00e3o para levar notebook para casa"}, {"id": "8358", "ano": "2024", "numero": "50", "tipo__sigla": "OVC", "tipo__descricao": "Of\u00edcio de Vereador/Comiss\u00e3o", "assunto": "Indica emendas impositivas- vereador Luiz Felipe Mendon\u00e7a Rodrigues"}, {"id": "7687", "ano": "2024", "numero": "51", "tipo__sigla": "PARE", "tipo__descricao": "PARECER", "assunto": "Parecer Jur\u00eddico - Licita\u00e7\u00e3o - Inexigibilidade - \u00c1gua e esgoto."}, {"id": "7816", "ano": "2024", "numero": "51", "tipo__sigla": "OFEXP", "tipo__descricao": "Of\u00edcio Expedido", "assunto": "Convida prefeito para sess\u00e3o extraordin\u00e1ria do dia 24/04/2024"}, {"id": "8066", "ano": "2024", "numero": "51", "tipo__sigla": "DI", "tipo__descricao": "Di\u00e1rias e documentos relativos", "assunto": "Requerimento de adiantamento para abastecimento e estacionamento quanto em deslocamento"}, {"id": "8123", "ano": "2024", "numero": "51", "tipo__sigla": "OR", "tipo__descricao": "OF\u00cdCIOS RECEBIDOS", "assunto": "Solicita aloca\u00e7\u00e3o do valor correspondente \u00e0 emenda impositiva  (Vereador Ezequiel da Silva)"}, {"id": "8151", "ano": "2024", "numero": "51", "tipo__sigla": "REV", "tipo__descricao": "Relat\u00f3rios de rodagem do ve\u00edculo e outros", "assunto": "Belo Horizonte 02/07/2024 a 05/07/2024"}, {"id": "8352", "ano": "2024", "numero": "51", "tipo__sigla": "MEM", "tipo__descricao": "Memorando", "assunto": "Requer exonera\u00e7\u00e3o de cargo em raz\u00e3o de nomea\u00e7\u00e3o em outro cargo p\u00fablico"}, {"id": "8370", "ano": "2024", "numero": "51", "tipo__sigla": "OVC", "tipo__descricao": "Of\u00edcio de Vereador/Comiss\u00e3o", "assunto": "Indica destina\u00e7\u00e3o de emenda impositiva Luiz Felipe Mendon\u00e7a Rodrigues - desconsidera of\u00edcio anterior"}, {"id": "7691", "ano": "2024", "numero": "52", "tipo__sigla": "PARE", "tipo__descricao": "PARECER", "assunto": "Parecer Jur\u00eddico - Projeto de Lei Ordin\u00e1rio do Legislativo n\u00ba 14 - 2024 - Institui o programa de orienta\u00e7\u00e3o, apoio e atendimento aos familiares e cuidadores dos portadores da doen\u00e7a de alzheimer no Munic\u00edpio de Santana da Vargem \u2013 MG."}, {"id": "7817", "ano": "2024", "numero": "52", "tipo__sigla": "OFEXP", "tipo__descricao": "Of\u00edcio Expedido", "assunto": "Solicita aditivo no contrato do Sistema Betha"}, {"id": "8073", "ano": "2024", "numero": "52", "tipo__sigla": "DI", "tipo__descricao": "Di\u00e1rias e documentos relativos", "assunto": "Relat\u00f3rio de rodagem Belo Horizonte 14/05/2024 a 17/05/2024- Entregue na secretaria para protocolo no dia 24/06/2024"}, {"id": "8124", "ano": "2024", "numero": "52", "tipo__sigla": "OR", "tipo__descricao": "OF\u00cdCIOS RECEBIDOS", "assunto": "Solicita aloca\u00e7\u00e3o do valor correspondente \u00e0 emenda impositiva (Vereador- Carlos C\u00e9zar Ribeiro)"}, {"id": "8316", "ano": "2024", "numero": "52", "tipo__sigla": "REV", "tipo__descricao": "Relat\u00f3rios de rodagem do ve\u00edculo e outros", "assunto": "Relat\u00f3rio de rodagem ve\u00edculo"}, {"id": "8375", "ano": "2024", "numero": "52", "tipo__sigla": "OVC", "tipo__descricao": "Of\u00edcio de Vereador/Comiss\u00e3o", "assunto": "Solicita parecer cont\u00e1bil of\u00edcio  245/2024 3\u00aa Promotoria de Justi\u00e7a da Comarca de Tr\u00eas Pontas"}, {"id": "8378", "ano": "2024", "numero": "52", "tipo__sigla": "MEM", "tipo__descricao": "Memorando", "assunto": "Solicita autoriza\u00e7\u00e3o para levar notebook"}, {"id": "7692", "ano": "2024", "numero": "53", "tipo__sigla": "PARE", "tipo__descricao": "PARECER", "assunto": "Parecer Jur\u00eddico - Projeto de Lei Ordin\u00e1ria do Legislativo n\u00ba 07 - 2024 - Denomina\u00e7\u00e3o de logradouro p\u00fablico - Ant\u00f4nio de Oliveira Silva."}, {"id": "7818", "ano": "2024", "numero": "53", "tipo__sigla": "OFEXP", "tipo__descricao": "Of\u00edcio Expedido", "assunto": "Solicita acr\u00e9scimo de item ao processo 016/2024- Dispensa 011/2024"}, {"id": "7915", "ano": "2024", "numero": "53", "tipo__sigla": "DI", "tipo__descricao": "Di\u00e1rias e documentos relativos", "assunto": "Relat\u00f3rio Viagem curso feito nos dias 14 a 17 de Maio de 2024, na cidade de Belo Horizonte."}, {"id": "8125", "ano": "2024", "numero": "53", "tipo__sigla": "OR", "tipo__descricao": "OF\u00cdCIOS RECEBIDOS", "assunto": "Solicita aloca\u00e7\u00e3o do valor correspondente \u00e0 emenda impositiva (Vereador- Walter Silva)"}, {"id": "8360", "ano": "2024", "numero": "53", "tipo__sigla": "REV", "tipo__descricao": "Relat\u00f3rios de rodagem do ve\u00edculo e outros", "assunto": "Santana da Varge m 05/08/2024 - protocolado na secretaria 10/09/2024"}, {"id": "8376", "ano": "2024", "numero": "53", "tipo__sigla": "OVC", "tipo__descricao": "Of\u00edcio de Vereador/Comiss\u00e3o", "assunto": "Encaminha holerites de servidora p\u00fablica para an\u00e1lise da comiss\u00e3o de finan\u00e7as referente a of\u00edcio 245/2024 da 3\u00aa Promotoria de Justi\u00e7a"}, {"id": "8414", "ano": "2024", "numero": "53", "tipo__sigla": "MEM", "tipo__descricao": "Memorando", "assunto": "Solicita altera\u00e7\u00e3o de data de concess\u00e3o de 10 (dez) dias restantes de f\u00e9rias referente ao per\u00edodo aquisitivo 2022/2023"}, {"id": "7726", "ano": "2024", "numero": "54", "tipo__sigla": "PARE", "tipo__descricao": "PARECER", "assunto": "Parecer Jur\u00eddico - Inexigibilidade - Telefonia Fixa"}, {"id": "7819", "ano": "2024", "numero": "54", "tipo__sigla": "OFEXP", "tipo__descricao": "Of\u00edcio Expedido", "assunto": "Solicita aquisi\u00e7\u00e3o de fonte de energia para funcionamento dos microfones e aquisi\u00e7\u00e3o do rel\u00f3gio de parede para o plen\u00e1rio"}, {"id": "7920", "ano": "2024", "numero": "54", "tipo__sigla": "DI", "tipo__descricao": "Di\u00e1rias e documentos relativos", "assunto": "Relat\u00f3rio de viagem do curso de capacita\u00e7\u00e3o realizados nos dias 14 a 17 de Maio na cidade de Belo Horizonte."}, {"id": "8126", "ano": "2024", "numero": "54", "tipo__sigla": "OR", "tipo__descricao": "OF\u00cdCIOS RECEBIDOS", "assunto": "Solicita aloca\u00e7\u00e3o do valor correspondente \u00e0 emenda impositiva (Vereador-Ronalthe Dayglas Rocha)"}, {"id": "8361", "ano": "2024", "numero": "54", "tipo__sigla": "REV", "tipo__descricao": "Relat\u00f3rios de rodagem do ve\u00edculo e outros", "assunto": "Santana da Vargem 06/08/2024 - Protocolado na secretaria 10/09/2024"}, {"id": "8377", "ano": "2024", "numero": "54", "tipo__sigla": "OVC", "tipo__descricao": "Of\u00edcio de Vereador/Comiss\u00e3o", "assunto": "Solicita parecer jur\u00eddico of\u00edcio 245/2024 da 3\u00aa Promotoria de Justi\u00e7a da Comarca de Tr\u00eas Pontas"}, {"id": "8418", "ano": "2024", "numero": "54", "tipo__sigla": "MEM", "tipo__descricao": "Memorando", "assunto": "Solicita 10 dias de f\u00e9rias regulamentares a se iniciarem no dia 07 de outubro de 2024 e venda de 10 dias"}, {"id": "7728", "ano": "2024", "numero": "55", "tipo__sigla": "PARE", "tipo__descricao": "PARECER", "assunto": "Parecer jur\u00eddico - Dispensa - Internet."}, {"id": "7831", "ano": "2024", "numero": "55", "tipo__sigla": "OFEXP", "tipo__descricao": "Of\u00edcio Expedido", "assunto": "Solicita a suspens\u00e3o das f\u00e9rias para o dia 25/04/2024"}, {"id": "8074", "ano": "2024", "numero": "55", "tipo__sigla": "DI", "tipo__descricao": "Di\u00e1rias e documentos relativos", "assunto": "Relat\u00f3rio e presta\u00e7\u00e3o de contas Emerson Silva Ara\u00fajo - Belo Horizonte 14/05/2024 a 17/05/2024 (Entregue na secretaria para protocolo no dia 24/06/2024)"}, {"id": "8127", "ano": "2024", "numero": "55", "tipo__sigla": "OR", "tipo__descricao": "OF\u00cdCIOS RECEBIDOS", "assunto": "Solicita aloca\u00e7\u00e3o do valor correspondente \u00e0 emenda impositiva (Vereadora_ Silmara Girlaine Hon\u00f3rio)"}, {"id": "8362", "ano": "2024", "numero": "55", "tipo__sigla": "REV", "tipo__descricao": "Relat\u00f3rios de rodagem do ve\u00edculo e outros", "assunto": "Boa Esperan\u00e7a 08/08/2024 - Protocolado na secretaria 10/09/2024"}, {"id": "8383", "ano": "2024", "numero": "55", "tipo__sigla": "OVC", "tipo__descricao": "Of\u00edcio de Vereador/Comiss\u00e3o", "assunto": "Solicita parecer cont\u00e1bil"}, {"id": "8419", "ano": "2024", "numero": "55", "tipo__sigla": "MEM", "tipo__descricao": "Memorando", "assunto": "Informa\u00e7\u00e3o sobre os projetos sem resolu\u00e7\u00e3o"}, {"id": "7752", "ano": "2024", "numero": "56", "tipo__sigla": "PARE", "tipo__descricao": "PARECER", "assunto": "Parecer Jur\u00eddico - Projeto de Lei Ordin\u00e1ria n\u00ba 42 - 2024 - Permiss\u00e3o de uso de im\u00f3veis - Expo Santana 2024."}, {"id": "7832", "ano": "2024", "numero": "56", "tipo__sigla": "OFEXP", "tipo__descricao": "Of\u00edcio Expedido", "assunto": "Convoca o Senhor Ruiter Silva de Oliveira, Assistente Legislativo para fazer hora extra remunerada na sess\u00e3o extraordin\u00e1ria que ocorrer\u00e1 na data de 24 de abril de 2024, para fazer a filmagem da C\u00e2mara Municipal"}, {"id": "8092", "ano": "2024", "numero": "56", "tipo__sigla": "DI", "tipo__descricao": "Di\u00e1rias e documentos relativos", "assunto": "Requisi\u00e7\u00e3o de di\u00e1rias Ruiter Silva de Oliveira (Belo Horizonte- 02/07/2024 a 05/07/2024)"}, {"id": "8128", "ano": "2024", "numero": "56", "tipo__sigla": "OR", "tipo__descricao": "OF\u00cdCIOS RECEBIDOS", "assunto": "Solicita aloca\u00e7\u00e3o do valor correspondente \u00e0 emenda impositiva  (Vereadora- Maria Aparecida de Ara\u00fajo Reis)"}, {"id": "8363", "ano": "2024", "numero": "56", "tipo__sigla": "REV", "tipo__descricao": "Relat\u00f3rios de rodagem do ve\u00edculo e outros", "assunto": "Santana da Vargem 09/08/2024 - Protocolado na secretaria em 10/09/2024"}, {"id": "8384", "ano": "2024", "numero": "56", "tipo__sigla": "OVC", "tipo__descricao": "Of\u00edcio de Vereador/Comiss\u00e3o", "assunto": "Solicita parecer procuradoria"}, {"id": "8425", "ano": "2024", "numero": "56", "tipo__sigla": "MEM", "tipo__descricao": "Memorando", "assunto": "Solicitar autoriza\u00e7\u00e3o para gozar 10 dias de f\u00e9rias referente ao per\u00edodo de 08/10/2024 a 07/10/2024"}, {"id": "7753", "ano": "2024", "numero": "57", "tipo__sigla": "PARE", "tipo__descricao": "PARECER", "assunto": "Parecer jur\u00eddico - Inexigibilidade - Curso - Responsabilidade do Legislativo Municipal como \u00f3rg\u00e3o de controle externo das contas do Chefe do Poder Executivo."}, {"id": "7834", "ano": "2024", "numero": "57", "tipo__sigla": "OFEXP", "tipo__descricao": "Of\u00edcio Expedido", "assunto": "Encaminha projeto aprovado na 3\u00aa reuni\u00e3o extraordin\u00e1ria"}, {"id": "8093", "ano": "2024", "numero": "57", "tipo__sigla": "DI", "tipo__descricao": "Di\u00e1rias e documentos relativos", "assunto": "Requisi\u00e7\u00e3o de di\u00e1rias Ronalthe Dayglas Rocha (Belo Horizonte- 02/07/2024 a 05/07/2024)"}, {"id": "8129", "ano": "2024", "numero": "57", "tipo__sigla": "OR", "tipo__descricao": "OF\u00cdCIOS RECEBIDOS", "assunto": "Solicita aloca\u00e7\u00e3o do valor correspondente \u00e0 emenda impositiva (Vereador- Luiz Felipe Mendon\u00e7a Rodrigues)"}, {"id": "8364", "ano": "2024", "numero": "57", "tipo__sigla": "REV", "tipo__descricao": "Relat\u00f3rios de rodagem do ve\u00edculo e outros", "assunto": "Santana da Vargem 09/08/2024- Protocolado na secretaria 10/09/2024"}, {"id": "8386", "ano": "2024", "numero": "57", "tipo__sigla": "OVC", "tipo__descricao": "Of\u00edcio de Vereador/Comiss\u00e3o", "assunto": "Destina\u00e7\u00e3o emenda impositiva Ronalthe Dayglas Rocha"}, {"id": "8426", "ano": "2024", "numero": "57", "tipo__sigla": "MEM", "tipo__descricao": "Memorando", "assunto": "Solicita\u00e7\u00e3o de acesso, lei complementar"}, {"id": "7754", "ano": "2024", "numero": "58", "tipo__sigla": "PARE", "tipo__descricao": "PARECER", "assunto": "Parecer Jur\u00eddico - Licita\u00e7\u00e3o -  Dispensa - Portal de Compras"}, {"id": "7835", "ano": "2024", "numero": "58", "tipo__sigla": "OFEXP", "tipo__descricao": "Of\u00edcio Expedido", "assunto": "Solicita informa\u00e7\u00f5es sobre demarca\u00e7\u00e3o dos lotes no loteamento Nova Santana"}, {"id": "8099", "ano": "2024", "numero": "58", "tipo__sigla": "DI", "tipo__descricao": "Di\u00e1rias e documentos relativos", "assunto": "Requisi\u00e7\u00e3o de di\u00e1rias Maria Aparecida de Ara\u00fajo Reis (Belo Horizonte- 02/07/2024 a 05/07/2024)"}, {"id": "8170", "ano": "2024", "numero": "58", "tipo__sigla": "OR", "tipo__descricao": "OF\u00cdCIOS RECEBIDOS", "assunto": "Solicita\u00e7\u00e3o de uso do Plen\u00e1rio Jos\u00e9 Noel Gouveia"}, {"id": "8365", "ano": "2024", "numero": "58", "tipo__sigla": "REV", "tipo__descricao": "Relat\u00f3rios de rodagem do ve\u00edculo e outros", "assunto": "Santana da Vargem 09/08/2024- Protocolado na secretaria 10/09/2024"}, {"id": "8439", "ano": "2024", "numero": "58", "tipo__sigla": "OVC", "tipo__descricao": "Of\u00edcio de Vereador/Comiss\u00e3o", "assunto": "Encaminha os pareceres da procuradoria legislativa e da contabilidade"}, {"id": "8463", "ano": "2024", "numero": "58", "tipo__sigla": "MEM", "tipo__descricao": "Memorando", "assunto": "Solicita\u00e7\u00e3o de convers\u00e3o de licen\u00e7a-pr\u00eamio em abono  pecuni\u00e1rio"}, {"id": "7755", "ano": "2024", "numero": "59", "tipo__sigla": "PARE", "tipo__descricao": "PARECER", "assunto": "Parecer Jur\u00eddico - Licita\u00e7\u00e3o - Inexigibilidade - Curso Procedimentos de fiscaliza\u00e7\u00e3o e penaliza\u00e7\u00e3o de agentes p\u00fablicos e o processo legislativo municipal"}, {"id": "7852", "ano": "2024", "numero": "59", "tipo__sigla": "OFEXP", "tipo__descricao": "Of\u00edcio Expedido", "assunto": "Encaminha projetos aprovados na 13\u00aa reuni\u00e3o ordin\u00e1ria"}, {"id": "8101", "ano": "2024", "numero": "59", "tipo__sigla": "DI", "tipo__descricao": "Di\u00e1rias e documentos relativos", "assunto": "Relat\u00f3rio e presta\u00e7\u00e3o de contas Emerson Silva Ara\u00fajo (Belo Horizonte- 25/06/2024 a 28/06/2024)"}, {"id": "8171", "ano": "2024", "numero": "59", "tipo__sigla": "OR", "tipo__descricao": "OF\u00cdCIOS RECEBIDOS", "assunto": "Solicita\u00e7\u00e3o de uso do espa\u00e7o do plen\u00e1rio Jos\u00e9 Noel Gouveia para conven\u00e7\u00e3o partid\u00e1ria"}, {"id": "8366", "ano": "2024", "numero": "59", "tipo__sigla": "REV", "tipo__descricao": "Relat\u00f3rios de rodagem do ve\u00edculo e outros", "assunto": "Varginha - 27/08/2024 - Protocolado na secretaria 10/09/2024"}, {"id": "8453", "ano": "2024", "numero": "59", "tipo__sigla": "OVC", "tipo__descricao": "Of\u00edcio de Vereador/Comiss\u00e3o", "assunto": "Solicita abertura de processo administrativo para o curso: Planejamento estrat\u00e9gico municipal  e encerramento e transi\u00e7\u00e3o respons\u00e1vel de mandatos"}, {"id": "8486", "ano": "2024", "numero": "59", "tipo__sigla": "MEM", "tipo__descricao": "Memorando", "assunto": "Solicita autoriza\u00e7\u00e3o para levar o notebook"}, {"id": "7768", "ano": "2024", "numero": "60", "tipo__sigla": "PARE", "tipo__descricao": "PARECER", "assunto": "Parecer Jur\u00eddico - Licita\u00e7\u00e3o - Dispensa - Combust\u00edvel."}, {"id": "7866", "ano": "2024", "numero": "60", "tipo__sigla": "OFEXP", "tipo__descricao": "Of\u00edcio Expedido", "assunto": "Resposta ao MPMG - Di\u00e1ria do Vereador Vitor Jr. 09-05-22"}, {"id": "8108", "ano": "2024", "numero": "60", "tipo__sigla": "DI", "tipo__descricao": "Di\u00e1rias e documentos relativos", "assunto": "Requerimento de adiantamento para abastecimento e estacionamento"}, {"id": "8179", "ano": "2024", "numero": "60", "tipo__sigla": "OR", "tipo__descricao": "OF\u00cdCIOS RECEBIDOS", "assunto": "convoca\u00e7\u00e3o mdb-mg 31 de julho 18h"}, {"id": "8438", "ano": "2024", "numero": "60", "tipo__sigla": "REV", "tipo__descricao": "Relat\u00f3rios de rodagem do ve\u00edculo e outros", "assunto": "Tr\u00eas Pontas-MG  21/10/2024"}, {"id": "8487", "ano": "2024", "numero": "60", "tipo__sigla": "MEM", "tipo__descricao": "Memorando", "assunto": "Solicita autoriza\u00e7\u00e3o para participar de curso de capacita\u00e7\u00e3o"}, {"id": "8491", "ano": "2024", "numero": "60", "tipo__sigla": "OVC", "tipo__descricao": "Of\u00edcio de Vereador/Comiss\u00e3o", "assunto": "Solicita informa\u00e7\u00f5es a respeito dos processos licitat\u00f3rios do ano de 2024"}, {"id": "7784", "ano": "2024", "numero": "61", "tipo__sigla": "PARE", "tipo__descricao": "PARECER", "assunto": "Parecer Jur\u00eddico - Projeto de Lei Complementar n\u00ba 02 - 2024 - Doa\u00e7\u00e3o de Im\u00f3veis - Programa Habitacional."}, {"id": "7873", "ano": "2024", "numero": "61", "tipo__sigla": "OFEXP", "tipo__descricao": "Of\u00edcio Expedido", "assunto": "Solicita ao setor de tributa\u00e7\u00e3o que seja emitida guia referente aos rendimentos da aplica\u00e7\u00e3o do m\u00eas de abril de 2024"}, {"id": "8133", "ano": "2024", "numero": "61", "tipo__sigla": "DI", "tipo__descricao": "Di\u00e1rias e documentos relativos", "assunto": "Relat\u00f3rio e presta\u00e7\u00e3o de contas Carlos C\u00e9zar Ribeiro (Belo Horizonte- 25/06/2024 a 28/06/2024)"}, {"id": "8180", "ano": "2024", "numero": "61", "tipo__sigla": "OR", "tipo__descricao": "OF\u00cdCIOS RECEBIDOS", "assunto": "Convoca\u00e7\u00e3o PMN, 30 de julho 18h"}, {"id": "8459", "ano": "2024", "numero": "61", "tipo__sigla": "REV", "tipo__descricao": "Relat\u00f3rios de rodagem do ve\u00edculo e outros", "assunto": "Belo Horizonte 22/10/2024 a 25/10/2024"}, {"id": "8494", "ano": "2024", "numero": "61", "tipo__sigla": "OVC", "tipo__descricao": "Of\u00edcio de Vereador/Comiss\u00e3o", "assunto": "Solicita provid\u00eancias quanto \u00e0 polui\u00e7\u00e3o ambiental causada pela CP agr\u00edcola"}, {"id": "8502", "ano": "2024", "numero": "61", "tipo__sigla": "MEM", "tipo__descricao": "Memorando", "assunto": "Solicita cancelamento e nova convers\u00e3o de licen\u00e7a pr\u00eamio em abono pecuni\u00e1rio"}, {"id": "7785", "ano": "2024", "numero": "62", "tipo__sigla": "PARE", "tipo__descricao": "PARECER", "assunto": "Parecer jur\u00eddico - Projeto de Lei n\u00ba 40 - 2024 - Abertura de Cr\u00e9dito Adicional Especial - Excesso de Arrecada\u00e7\u00e3o."}, {"id": "7874", "ano": "2024", "numero": "62", "tipo__sigla": "OFEXP", "tipo__descricao": "Of\u00edcio Expedido", "assunto": "Solicita ao setor de tributa\u00e7\u00e3o que seja emitida uma guia de IRRF referente a folha de abril de 2024"}, {"id": "8134", "ano": "2024", "numero": "62", "tipo__sigla": "DI", "tipo__descricao": "Di\u00e1rias e documentos relativos", "assunto": "Relat\u00f3rio e presta\u00e7\u00e3o de contas Vitor Donizetti Siqueira Junior (Belo Horizonte- 25/06/2024 a 28/06/2024)"}, {"id": "8181", "ano": "2024", "numero": "62", "tipo__sigla": "OR", "tipo__descricao": "OF\u00cdCIOS RECEBIDOS", "assunto": "Convoca\u00e7\u00e3o PSOL REDE"}, {"id": "8480", "ano": "2024", "numero": "62", "tipo__sigla": "REV", "tipo__descricao": "Relat\u00f3rios de rodagem do ve\u00edculo e outros", "assunto": "Tr\u00eas Pontas 04/11/2024"}, {"id": "8508", "ano": "2024", "numero": "62", "tipo__sigla": "MEM", "tipo__descricao": "Memorando", "assunto": "Solicita autoriza\u00e7\u00e3o para levar o notebook"}, {"id": "8541", "ano": "2024", "numero": "62", "tipo__sigla": "OVC", "tipo__descricao": "Of\u00edcio de Vereador/Comiss\u00e3o", "assunto": "Solicita que medidas sejam tomadas para majorar a remunera\u00e7\u00e3o dos motoristas"}, {"id": "7786", "ano": "2024", "numero": "63", "tipo__sigla": "PARE", "tipo__descricao": "PARECER", "assunto": "Parecer jur\u00eddico - Projeto de lei ordin\u00e1ria n\u00ba 41 - 2024 - Abertura de cr\u00e9dito adicional especial por superavit. R$ 24.115,40 (vinte e quatro mil cento e quinze reais e quarenta centavos)."}, {"id": "7875", "ano": "2024", "numero": "63", "tipo__sigla": "OFEXP", "tipo__descricao": "Of\u00edcio Expedido", "assunto": "Solicita ao setor de tributa\u00e7\u00e3o que seja emitida guia referente a IRRF do m\u00eas de abril de 2024 de fornecedores"}, {"id": "8138", "ano": "2024", "numero": "63", "tipo__sigla": "DI", "tipo__descricao": "Di\u00e1rias e documentos relativos", "assunto": "Relat\u00f3rio e presta\u00e7\u00e3o de contas Ezequiel da Silva (Belo Horizonte- 25/06/2024 a 28/06/2024)"}, {"id": "8182", "ano": "2024", "numero": "63", "tipo__sigla": "OR", "tipo__descricao": "OF\u00cdCIOS RECEBIDOS", "assunto": "Convoca\u00e7\u00e3o Republicanos 31/07/2024 18h"}, {"id": "8485", "ano": "2024", "numero": "63", "tipo__sigla": "REV", "tipo__descricao": "Relat\u00f3rios de rodagem do ve\u00edculo e outros", "assunto": "Santana da Vargem 07/10/2024"}, {"id": "8532", "ano": "2024", "numero": "63", "tipo__sigla": "MEM", "tipo__descricao": "Memorando", "assunto": "Solicita autoriza\u00e7\u00e3o para levar notebook"}, {"id": "7787", "ano": "2024", "numero": "64", "tipo__sigla": "PARE", "tipo__descricao": "PARECER", "assunto": "Parecer jur\u00eddico - Projeto de lei ordin\u00e1ria do legislativo n\u00ba 07 - Denomina\u00e7\u00e3o de logradouro p\u00fablico."}, {"id": "7876", "ano": "2024", "numero": "64", "tipo__sigla": "OFEXP", "tipo__descricao": "Of\u00edcio Expedido", "assunto": "Encaminha Veto mantido na 14\u00aa reuni\u00e3o ordin\u00e1ria e Emenda \u00e0 Lei Org\u00e2nica promulgada"}, {"id": "8152", "ano": "2024", "numero": "64", "tipo__sigla": "DI", "tipo__descricao": "Di\u00e1rias e documentos relativos", "assunto": "Relat\u00f3rio e presta\u00e7\u00e3o de contas(Belo Horizonte- 02/07/2024 a 05/07/2024)"}, {"id": "8183", "ano": "2024", "numero": "64", "tipo__sigla": "OR", "tipo__descricao": "OF\u00cdCIOS RECEBIDOS", "assunto": "Convoca\u00e7\u00e3o Podemos. 31/07/2024 as 18h"}, {"id": "8513", "ano": "2024", "numero": "64", "tipo__sigla": "REV", "tipo__descricao": "Relat\u00f3rios de rodagem do ve\u00edculo e outros", "assunto": "Tr\u00eas Pontas e Varginha 14/11/2024"}, {"id": "8538", "ano": "2024", "numero": "64", "tipo__sigla": "MEM", "tipo__descricao": "Memorando", "assunto": "Solicita autoriza\u00e7\u00e3o para levar notebook"}, {"id": "7788", "ano": "2024", "numero": "65", "tipo__sigla": "PARE", "tipo__descricao": "PARECER", "assunto": "Parecer jur\u00eddico - Projeto de Lei ordin\u00e1ria do legislativo n\u00ba 08 - 2024 - Denomina\u00e7\u00e3o de logradouro p\u00fablico - \u201cEponina Moreira de Vasconcelos.\u201d"}, {"id": "7903", "ano": "2024", "numero": "65", "tipo__sigla": "OFEXP", "tipo__descricao": "Of\u00edcio Expedido", "assunto": "Verifica\u00e7\u00e3o de Direito a Adicional de Insalubridade"}, {"id": "8155", "ano": "2024", "numero": "65", "tipo__sigla": "DI", "tipo__descricao": "Di\u00e1rias e documentos relativos", "assunto": "Relat\u00f3rio e presta\u00e7\u00e3o de contas Ronalthe Dayglas Rocha (Belo Horizonte- 02/07/2024 a 05/04/2024)"}, {"id": "8184", "ano": "2024", "numero": "65", "tipo__sigla": "OR", "tipo__descricao": "OF\u00cdCIOS RECEBIDOS", "assunto": "Convoca\u00e7\u00e3o PSDB 27 de Julho 14h"}, {"id": "8509", "ano": "2024", "numero": "65", "tipo__sigla": "REV", "tipo__descricao": "Relat\u00f3rios de rodagem do ve\u00edculo e outros", "assunto": "Belo Horizonte (05/11/2024 a 08/11/2024)"}, {"id": "8592", "ano": "2024", "numero": "65", "tipo__sigla": "MEM", "tipo__descricao": "Memorando", "assunto": "Encaminha relat\u00f3rio contendo informa\u00e7\u00f5es sobre os projetos de lei encontram-se com pareceres desfavor\u00e1veis"}, {"id": "7811", "ano": "2024", "numero": "66", "tipo__sigla": "PARE", "tipo__descricao": "PARECER", "assunto": "Parecer Jur\u00eddico - Projeto de Lei Ordin\u00e1ria n\u00ba 44 - 2024 - Autoriza a utiliza\u00e7\u00e3o de bens im\u00f3veis para a Expo Santana 2024."}, {"id": "7904", "ano": "2024", "numero": "66", "tipo__sigla": "OFEXP", "tipo__descricao": "Of\u00edcio Expedido", "assunto": "Encaminha proposi\u00e7\u00f5es aprovadas na 15\u00aa reuni\u00e3o ordin\u00e1ria"}, {"id": "8162", "ano": "2024", "numero": "66", "tipo__sigla": "DI", "tipo__descricao": "Di\u00e1rias e documentos relativos", "assunto": "Relat\u00f3rio e presta\u00e7\u00e3o de contas Maria Aparecida de Ara\u00fajo Reis (Belo Horizonte- 02/07/2024 a 05/07/2024)"}, {"id": "8185", "ano": "2024", "numero": "66", "tipo__sigla": "OR", "tipo__descricao": "OF\u00cdCIOS RECEBIDOS", "assunto": "Convoca\u00e7\u00e3o PSD 25 de Julho 17h"}, {"id": "8547", "ano": "2024", "numero": "66", "tipo__sigla": "REV", "tipo__descricao": "Relat\u00f3rios de rodagem do ve\u00edculo e outros", "assunto": "Relat\u00f3rio de rodagem do ve\u00edculo  (Tr\u00eas Pontas / 22/11/2024)"}, {"id": "8607", "ano": "2024", "numero": "66", "tipo__sigla": "MEM", "tipo__descricao": "Memorando", "assunto": "Solicita autoriza\u00e7\u00e3o para levar notebook"}, {"id": "7812", "ano": "2024", "numero": "67", "tipo__sigla": "PARE", "tipo__descricao": "PARECER", "assunto": "Parecer Jur\u00eddico - Emenda a Lei Org\u00e2nica n\u00ba 01 - 2024 - Art. 87."}, {"id": "7960", "ano": "2024", "numero": "67", "tipo__sigla": "OFEXP", "tipo__descricao": "Of\u00edcio Expedido", "assunto": "Encaminha projetos aprovados na 18\u00aa reuni\u00e3o ordin\u00e1ria"}, {"id": "8186", "ano": "2024", "numero": "67", "tipo__sigla": "OR", "tipo__descricao": "OF\u00cdCIOS RECEBIDOS", "assunto": "Convoca\u00e7\u00e3o PDT 28/07/2024 13h"}, {"id": "8202", "ano": "2024", "numero": "67", "tipo__sigla": "DI", "tipo__descricao": "Di\u00e1rias e documentos relativos", "assunto": "Do relat\u00f3rio e presta\u00e7\u00e3o de contas Vitor Donizetti Siqueira Junior (Belo Horizonte- 18/07/2024 a 19/07/2024)"}, {"id": "8550", "ano": "2024", "numero": "67", "tipo__sigla": "REV", "tipo__descricao": "Relat\u00f3rios de rodagem do ve\u00edculo e outros", "assunto": "Relat\u00f3rio de rodagem (Varginha 26/11/2024)"}, {"id": "8618", "ano": "2024", "numero": "67", "tipo__sigla": "MEM", "tipo__descricao": "Memorando", "assunto": "Esclarecimento sobre procedimento de cota\u00e7\u00e3o para concurso p\u00fablico, resposta ao of\u00edcio 175/2024"}, {"id": "7814", "ano": "2024", "numero": "68", "tipo__sigla": "PARE", "tipo__descricao": "PARECER", "assunto": "Parecer Jur\u00eddico - Projeto de Lei Ordin\u00e1ria n\u00ba 39 - 2024 - Desconto em folha Expo Santana 2024."}, {"id": "7970", "ano": "2024", "numero": "68", "tipo__sigla": "OFEXP", "tipo__descricao": "Of\u00edcio Expedido", "assunto": "Resposta ao MP - MPMG n\u00ba 0694.19.000372-3 - Ressarcimento Carlos Cezar/Marcos Roberto - R$ 2.639,48"}, {"id": "8193", "ano": "2024", "numero": "68", "tipo__sigla": "OR", "tipo__descricao": "OF\u00cdCIOS RECEBIDOS", "assunto": "Resposta ao of\u00edcio 35/2024 do vereador Vitor Donizetti Siqueira Junior"}, {"id": "8207", "ano": "2024", "numero": "68", "tipo__sigla": "DI", "tipo__descricao": "Di\u00e1rias e documentos relativos", "assunto": "Relat\u00f3rio e presta\u00e7\u00e3o de contas Luiz Felipe Mendon\u00e7a Rodrigues- curso sem pagamento de di\u00e1rias"}, {"id": "8575", "ano": "2024", "numero": "68", "tipo__sigla": "REV", "tipo__descricao": "Relat\u00f3rios de rodagem do ve\u00edculo e outros", "assunto": "Tr\u00eas Pontas 27/11/2024"}, {"id": "7820", "ano": "2024", "numero": "69", "tipo__sigla": "PARE", "tipo__descricao": "PARECER", "assunto": "Parecer Jur\u00eddico - Projeto de Lei Complementar n\u00ba 01 - 2024 - Cria o cargo de secret\u00e1rio Municipal"}, {"id": "7971", "ano": "2024", "numero": "69", "tipo__sigla": "OFEXP", "tipo__descricao": "Of\u00edcio Expedido", "assunto": "Resposta ao MP - MPMG n\u00ba 0694.19.000244-8 - Ressarcimento do Sr. Expedito - R$ 1.091,52 - Pagou ao Executivo ao inv\u00e9s do Legislativo."}, {"id": "8194", "ano": "2024", "numero": "69", "tipo__sigla": "OR", "tipo__descricao": "OF\u00cdCIOS RECEBIDOS", "assunto": "Edital de convoca\u00e7\u00e3o Partido dos Trabalhadores PT - conven\u00e7\u00e3o partid\u00e1ria."}, {"id": "8208", "ano": "2024", "numero": "69", "tipo__sigla": "DI", "tipo__descricao": "Di\u00e1rias e documentos relativos", "assunto": "Relat\u00f3rio e presta\u00e7\u00e3o de contas Ronalthe Dayglas Rocha - curso sem pagamento de di\u00e1rias"}, {"id": "8576", "ano": "2024", "numero": "69", "tipo__sigla": "REV", "tipo__descricao": "Relat\u00f3rios de rodagem do ve\u00edculo e outros", "assunto": "Belo Horizonte 27/11/2024 a 29/11/2024"}, {"id": "7844", "ano": "2024", "numero": "70", "tipo__sigla": "PARE", "tipo__descricao": "PARECER", "assunto": "Parecer Jur\u00eddico - Veto - Projeto de Lei Ordin\u00e1ria n\u00ba 44 - 2024"}, {"id": "7972", "ano": "2024", "numero": "70", "tipo__sigla": "OFEXP", "tipo__descricao": "Of\u00edcio Expedido", "assunto": "Resposta ao of\u00edcio do MP - MPMG n\u00ba 0694.17.000131-7 - Informa o per\u00edodo em que o Motorista laborou no regime de sobreaviso."}, {"id": "8205", "ano": "2024", "numero": "70", "tipo__sigla": "OR", "tipo__descricao": "OF\u00cdCIOS RECEBIDOS", "assunto": "Requer aten\u00e7\u00e3o no sentido de que sejam fornecidas Certid\u00f5es"}, {"id": "8214", "ano": "2024", "numero": "70", "tipo__sigla": "DI", "tipo__descricao": "Di\u00e1rias e documentos relativos", "assunto": "Requisi\u00e7\u00e3o de di\u00e1rias Vitor Donizetti Siqueira Junior (Belo Horizonte- 13/08/2024 a 16/08/2024) - CURSO SEM PAGAMENTO DE DI\u00c1RIAS"}, {"id": "8578", "ano": "2024", "numero": "70", "tipo__sigla": "REV", "tipo__descricao": "Relat\u00f3rios de rodagem do ve\u00edculo e outros", "assunto": "Tr\u00eas Pontas - 03/12/2024"}, {"id": "7894", "ano": "2024", "numero": "71", "tipo__sigla": "PARE", "tipo__descricao": "PARECER", "assunto": "Parecer Jur\u00eddico - Realinhamento de pre\u00e7o Gasolina e Etanol."}, {"id": "7980", "ano": "2024", "numero": "71", "tipo__sigla": "OFEXP", "tipo__descricao": "Of\u00edcio Expedido", "assunto": "Resposta ao of\u00edcio que solicita documentos do ve\u00edculo do legislativo, sua cess\u00e3o para prefeitura e outros"}, {"id": "8174", "ano": "2024", "numero": "71", "tipo__sigla": "DI", "tipo__descricao": "Di\u00e1rias e documentos relativos", "assunto": "Relat\u00f3rio de presta\u00e7\u00e3o de contas de viagem - servidor Ruiter Silva de Oliveira - Belo Horizonte do dia 02 a 05 de Julho de 2024."}, {"id": "8206", "ano": "2024", "numero": "71", "tipo__sigla": "OR", "tipo__descricao": "OF\u00cdCIOS RECEBIDOS", "assunto": "Solicita\u00e7\u00e3o de certid\u00f5es"}, {"id": "8612", "ano": "2024", "numero": "71", "tipo__sigla": "REV", "tipo__descricao": "Relat\u00f3rios de rodagem do ve\u00edculo e outros", "assunto": "Tr\u00eas Pontas (10/12/2024)"}, {"id": "7911", "ano": "2024", "numero": "72", "tipo__sigla": "PARE", "tipo__descricao": "PARECER", "assunto": "Parecer Jur\u00eddico - Dispensa - Salgado"}, {"id": "7998", "ano": "2024", "numero": "72", "tipo__sigla": "OFEXP", "tipo__descricao": "Of\u00edcio Expedido", "assunto": "Solicita que seja emitida guia referente aos rendimentos de aplica\u00e7\u00e3o auferidos no m\u00eas de setembro"}, {"id": "8221", "ano": "2024", "numero": "72", "tipo__sigla": "OR", "tipo__descricao": "OF\u00cdCIOS RECEBIDOS", "assunto": "Solicita emiss\u00e3o de certid\u00e3o de contas municipais"}, {"id": "8252", "ano": "2024", "numero": "72", "tipo__sigla": "DI", "tipo__descricao": "Di\u00e1rias e documentos relativos", "assunto": "Requisi\u00e7\u00e3o de di\u00e1rias Ruiter Silva de Oliveira (Belo Horizonte - 13/08/2024 a 16/08/2024)"}, {"id": "8613", "ano": "2024", "numero": "72", "tipo__sigla": "REV", "tipo__descricao": "Relat\u00f3rios de rodagem do ve\u00edculo e outros", "assunto": "Tr\u00eas Pontas (3/12/2024)"}, {"id": "7916", "ano": "2024", "numero": "73", "tipo__sigla": "PARE", "tipo__descricao": "PARECER", "assunto": "Parecer Jur\u00eddico - Projeto de Lei Ordin\u00e1ria n\u00ba 43 - 2024 - Lei de Diretrizes Or\u00e7ament\u00e1rias para o exerc\u00edcio financeiro de 2025."}, {"id": "8000", "ano": "2024", "numero": "73", "tipo__sigla": "OFEXP", "tipo__descricao": "Of\u00edcio Expedido", "assunto": "Solicita ao setor de tributa\u00e7\u00e3o que seja emitida guia de pagamento referente a folha de maio de 2024"}, {"id": "8224", "ano": "2024", "numero": "73", "tipo__sigla": "OR", "tipo__descricao": "OF\u00cdCIOS RECEBIDOS", "assunto": "Comunica\u00e7\u00e3o de candidatura a cargo eletivo - Emerson Silva Ara\u00fajo"}, {"id": "8256", "ano": "2024", "numero": "73", "tipo__sigla": "DI", "tipo__descricao": "Di\u00e1rias e documentos relativos", "assunto": "Requisi\u00e7\u00e3o de di\u00e1rias Ronalthe Dayglas Rocha (Belo Horizonte- 13/08/2024 a 16/08/2024)"}, {"id": "8623", "ano": "2024", "numero": "73", "tipo__sigla": "REV", "tipo__descricao": "Relat\u00f3rios de rodagem do ve\u00edculo e outros", "assunto": "Relat\u00f3rio de rodagem Emerson Silva Ara\u00fajo (Tr\u00eas Pontas - 17/12/2024)"}, {"id": "7928", "ano": "2024", "numero": "74", "tipo__sigla": "PARE", "tipo__descricao": "PARECER", "assunto": "Parecer Jur\u00eddico - Inexigibilidade - Curso - Regras de plen\u00e1rio, atualiza\u00e7\u00e3o regimental e o poder legislativo no controle pr\u00e9vio de constitucionalidade das leis municipais."}, {"id": "8001", "ano": "2024", "numero": "74", "tipo__sigla": "OFEXP", "tipo__descricao": "Of\u00edcio Expedido", "assunto": "Solicita que seja emitida guia de pagamento referente ao IRRF do m\u00eas de setembro de 2024"}, {"id": "8239", "ano": "2024", "numero": "74", "tipo__sigla": "OR", "tipo__descricao": "OF\u00cdCIOS RECEBIDOS", "assunto": "Encaminha a planilha de apura\u00e7\u00e3o de receitas para base de c\u00e1lculo para repasse de recursos \u00e0 C\u00e2mara Municipal de Santana da Vargem"}, {"id": "8257", "ano": "2024", "numero": "74", "tipo__sigla": "DI", "tipo__descricao": "Di\u00e1rias e documentos relativos", "assunto": "Requisi\u00e7\u00e3o de di\u00e1rias Lucas Pereira Rabelo - (Belo Horizonte 13/08/2024 a 16/08/2024)"}, {"id": "7929", "ano": "2024", "numero": "75", "tipo__sigla": "PARE", "tipo__descricao": "PARECER", "assunto": "Parecer Jur\u00eddico - Projeto de Lei Ordin\u00e1ria n\u00ba 45 - 2024 - Altera a Lei do Reurb"}, {"id": "8008", "ano": "2024", "numero": "75", "tipo__sigla": "OFEXP", "tipo__descricao": "Of\u00edcio Expedido", "assunto": "Encaminha proposi\u00e7\u00f5es aprovadas na 19\u00aa reuni\u00e3o ordin\u00e1ria"}, {"id": "8260", "ano": "2024", "numero": "75", "tipo__sigla": "OR", "tipo__descricao": "OF\u00cdCIOS RECEBIDOS", "assunto": "Solicita informa\u00e7\u00f5es e documentos"}, {"id": "8279", "ano": "2024", "numero": "75", "tipo__sigla": "DI", "tipo__descricao": "Di\u00e1rias e documentos relativos", "assunto": "Relat\u00f3rio e presta\u00e7\u00e3o de contas Ruiter Silva de Oliveira (Belo Horizonte- 13/08/2024 a 16/08/2024)"}, {"id": "7932", "ano": "2024", "numero": "76", "tipo__sigla": "PARE", "tipo__descricao": "PARECER", "assunto": "Parecer Jur\u00eddico - Dispensa - Aquisi\u00e7\u00e3o de Rel\u00f3gio para o plen\u00e1rio."}, {"id": "8020", "ano": "2024", "numero": "76", "tipo__sigla": "OFEXP", "tipo__descricao": "Of\u00edcio Expedido", "assunto": "Solicita a desincompatiliza\u00e7\u00e3o de todos os conselhos municipais"}, {"id": "8271", "ano": "2024", "numero": "76", "tipo__sigla": "OR", "tipo__descricao": "OF\u00cdCIOS RECEBIDOS", "assunto": "Apresenta vers\u00e3o retificada de mensagem de veto 003/2024 relacionada ao projeto de lei 009/2024"}, {"id": "8280", "ano": "2024", "numero": "76", "tipo__sigla": "DI", "tipo__descricao": "Di\u00e1rias e documentos relativos", "assunto": "Relat\u00f3rio e presta\u00e7\u00e3o de contas Felipe Tom\u00e9 Mota e Silva (Belo Horizonte- 13/08/2024 a 16/08/2024)"}, {"id": "7952", "ano": "2024", "numero": "77", "tipo__sigla": "PARE", "tipo__descricao": "PARECER", "assunto": "Parecer Jur\u00eddico - Projeto de Lei Ordin\u00e1rio do Legislativo n\u00ba 09 - 2024 - Limpeza de Cont\u00eaineres."}, {"id": "8029", "ano": "2024", "numero": "77", "tipo__sigla": "OFEXP", "tipo__descricao": "Of\u00edcio Expedido", "assunto": "Solicita adiamento dos processos de port\u00e3o eletr\u00f4nico e c\u00e2meras de seguran\u00e7a"}, {"id": "8273", "ano": "2024", "numero": "77", "tipo__sigla": "OR", "tipo__descricao": "OF\u00cdCIOS RECEBIDOS", "assunto": "Resposta ao of\u00edcio 6/2024 vereador Luiz Felipe Mendon\u00e7a Rodrigues"}, {"id": "8290", "ano": "2024", "numero": "77", "tipo__sigla": "DI", "tipo__descricao": "Di\u00e1rias e documentos relativos", "assunto": "Relat\u00f3rio e presta\u00e7\u00e3o de contas Vitor Donizetti Siqueira Junior (Belo Horizonte- 13/08/2024 a 16/08/2024)"}, {"id": "7956", "ano": "2024", "numero": "78", "tipo__sigla": "PARE", "tipo__descricao": "PARECER", "assunto": "Parecer Jur\u00eddico - Projeto de Lei do Legislativo n\u00ba 10 - 2024 - Cria o Pr\u00eamio Estudante Destaque."}, {"id": "8060", "ano": "2024", "numero": "78", "tipo__sigla": "OFEXP", "tipo__descricao": "Of\u00edcio Expedido", "assunto": "Encaminha proposi\u00e7\u00f5es aprovadas na 4\u00aa reuni\u00e3o extraordin\u00e1ria"}, {"id": "8274", "ano": "2024", "numero": "78", "tipo__sigla": "OR", "tipo__descricao": "OF\u00cdCIOS RECEBIDOS", "assunto": "Resposta requerimento 01/2024 do vereador Luiz Felipe"}, {"id": "8302", "ano": "2024", "numero": "78", "tipo__sigla": "DI", "tipo__descricao": "Di\u00e1rias e documentos relativos", "assunto": "Relat\u00f3rio e presta\u00e7\u00e3o de contas Lucas Pereira Rabelo (Belo Horizonte- 13/08/2024 a 16/08/2024)"}, {"id": "7983", "ano": "2024", "numero": "79", "tipo__sigla": "PARE", "tipo__descricao": "PARECER", "assunto": "Parecer Jur\u00eddico - Dispensa - Utens\u00edlios para copa e cozinha"}, {"id": "8062", "ano": "2024", "numero": "79", "tipo__sigla": "OFEXP", "tipo__descricao": "Of\u00edcio Expedido", "assunto": "Solicita os documentos e altera\u00e7\u00f5es propostas pelo procurador legislativo, referente ao projeto de lei ordin\u00e1ria da LDO"}, {"id": "8275", "ano": "2024", "numero": "79", "tipo__sigla": "OR", "tipo__descricao": "OF\u00cdCIOS RECEBIDOS", "assunto": "Resposta ao of\u00edcio 12/2024"}, {"id": "8310", "ano": "2024", "numero": "79", "tipo__sigla": "DI", "tipo__descricao": "Di\u00e1rias e documentos relativos", "assunto": "Do relat\u00f3rio e presta\u00e7\u00e3o de contas Ronalthe Dayglas Rocha (Belo Horizonte- 13/08/2024 a 16/08/2024)"}, {"id": "7993", "ano": "2024", "numero": "80", "tipo__sigla": "PARE", "tipo__descricao": "PARECER", "assunto": "Parecer Jur\u00eddico - Projeto de Lei Complementar do Legislativo n\u00ba 02 - 2024 - Regulamenta o recebimento dos Honor\u00e1rios Sucumbenciais"}, {"id": "8071", "ano": "2024", "numero": "80", "tipo__sigla": "OFEXP", "tipo__descricao": "Of\u00edcio Expedido", "assunto": "Solicita que comiss\u00e3o de compras realize processo para participa\u00e7\u00e3o em curso"}, {"id": "8276", "ano": "2024", "numero": "80", "tipo__sigla": "OR", "tipo__descricao": "OF\u00cdCIOS RECEBIDOS", "assunto": "Resposta ao of\u00edcio do vereador Luiz Felipe Mendon\u00e7a Rodrigues"}, {"id": "8434", "ano": "2024", "numero": "80", "tipo__sigla": "DI", "tipo__descricao": "Di\u00e1rias e documentos relativos", "assunto": "Requisi\u00e7\u00e3o de di\u00e1rias Vitor Donizetti Siqueira Junior (Belo Horizonte- 22/10/2024 a 25/10/2024)"}, {"id": "7994", "ano": "2024", "numero": "81", "tipo__sigla": "PARE", "tipo__descricao": "PARECER", "assunto": "Parecer Jur\u00eddico - Projeto de Lei Complementar 03 - 2024 - Altera a LC 22 e 23."}, {"id": "8083", "ano": "2024", "numero": "81", "tipo__sigla": "OFEXP", "tipo__descricao": "Of\u00edcio Expedido", "assunto": "Encaminha o comprovante de dep\u00f3sito referente aos valores da festa \"Expo Santana 2023\""}, {"id": "8277", "ano": "2024", "numero": "81", "tipo__sigla": "OR", "tipo__descricao": "OF\u00cdCIOS RECEBIDOS", "assunto": "Reposta ao requerimento do vereador Vitor Donizetti Siqueira Junior"}, {"id": "8437", "ano": "2024", "numero": "81", "tipo__sigla": "DI", "tipo__descricao": "Di\u00e1rias e documentos relativos", "assunto": "Requisi\u00e7\u00e3o de di\u00e1rias Jackson Luiz Ven\u00e2ncio de Souza (Belo Horizonte- 22/10/2024 a 25/10/2024)"}, {"id": "7995", "ano": "2024", "numero": "82", "tipo__sigla": "PARE", "tipo__descricao": "PARECER", "assunto": "Parecer Jur\u00eddico - Veto ao projeto de lei ordin\u00e1rio do legislativo n\u00ba 04 - 2024 - Contrata\u00e7\u00e3o Tempor\u00e1ria."}, {"id": "8087", "ano": "2024", "numero": "82", "tipo__sigla": "OFEXP", "tipo__descricao": "Of\u00edcio Expedido", "assunto": "Encaminha proposi\u00e7\u00f5es aprovadas na 20\u00aa e 21\u00aa reuni\u00f5es ordin\u00e1rias"}, {"id": "8278", "ano": "2024", "numero": "82", "tipo__sigla": "OR", "tipo__descricao": "OF\u00cdCIOS RECEBIDOS", "assunto": "Resposta do requerimento conjunto dos vereadores Luiz Felipe e Vitor Junior"}, {"id": "8452", "ano": "2024", "numero": "82", "tipo__sigla": "DI", "tipo__descricao": "Di\u00e1rias e documentos relativos", "assunto": "Requisi\u00e7\u00e3o de di\u00e1rias Carlos Cezar Ribeiro (Belo Horizonte- 05/11/2024 a 08/11/2024)"}, {"id": "7996", "ano": "2024", "numero": "83", "tipo__sigla": "PARE", "tipo__descricao": "PARECER", "assunto": "Parecer Jur\u00eddico - Inexigibilidade - Curso de Licita\u00e7\u00e3o - \u201cCurso Pr\u00e1tico de Forma\u00e7\u00e3o e Atualiza\u00e7\u00e3o de Agente de Contrata\u00e7\u00e3o, Pregoeiro e Equipe de Apoio\u201d"}, {"id": "8103", "ano": "2024", "numero": "83", "tipo__sigla": "OFEXP", "tipo__descricao": "Of\u00edcio Expedido", "assunto": "Solicita emiss\u00e3o de guia de pagamento referente a IRRF do m\u00eas de junho de 2024"}, {"id": "8293", "ano": "2024", "numero": "83", "tipo__sigla": "OR", "tipo__descricao": "OF\u00cdCIOS RECEBIDOS", "assunto": "Encaminha os balancetes de receitas e despesas referentes ao m\u00eas de junho/2024 nos termos da lei"}, {"id": "8457", "ano": "2024", "numero": "83", "tipo__sigla": "DI", "tipo__descricao": "Di\u00e1rias e documentos relativos", "assunto": "Relat\u00f3rio e presta\u00e7\u00e3o de contas Vitor Donizetti Siqueira Junior 22/10/2024 a 25/10/2024"}, {"id": "8035", "ano": "2024", "numero": "84", "tipo__sigla": "PARE", "tipo__descricao": "PARECER", "assunto": "Parecer jur\u00eddico - Projeto de Lei Ordin\u00e1ria n\u00ba 46 - 2024 - Altera a Lei Municipal da Microempresa"}, {"id": "8104", "ano": "2024", "numero": "84", "tipo__sigla": "OFEXP", "tipo__descricao": "Of\u00edcio Expedido", "assunto": "Solicita que seja emitida uma guia de pagamento referente a IRRF do m\u00eas de junho de 2024"}, {"id": "8295", "ano": "2024", "numero": "84", "tipo__sigla": "OR", "tipo__descricao": "OF\u00cdCIOS RECEBIDOS", "assunto": "reposta ao of\u00edcio 120/2024 da presidente da C\u00e2mara Municipal de Santana da Vargem"}, {"id": "8458", "ano": "2024", "numero": "84", "tipo__sigla": "DI", "tipo__descricao": "Di\u00e1rias e documentos relativos", "assunto": "Jackson Luiz Ven\u00e2ncio de Souza Belo Horizonte 22/10/2024 a 25/10/2024"}, {"id": "8036", "ano": "2024", "numero": "85", "tipo__sigla": "PARE", "tipo__descricao": "PARECER", "assunto": "Parecer Jur\u00eddico - Projeto de Lei Ordin\u00e1ria n\u00ba 47 - 2024 - Visa descongelar os efeitos da LC 173/2020 para os servidores do Poder Executivo Municipal."}, {"id": "8105", "ano": "2024", "numero": "85", "tipo__sigla": "OFEXP", "tipo__descricao": "Of\u00edcio Expedido", "assunto": "solicita ao setor de tributa\u00e7\u00e3o emiss\u00e3o de guia referente aos rendimentos de aplica\u00e7\u00e3o auferidos no m\u00eas de junho de 2024"}, {"id": "8298", "ano": "2024", "numero": "85", "tipo__sigla": "OR", "tipo__descricao": "OF\u00cdCIOS RECEBIDOS", "assunto": "Encaminha balancetes de receitas e despesas referentes ao m\u00eas de julho de 2024"}, {"id": "8460", "ano": "2024", "numero": "85", "tipo__sigla": "DI", "tipo__descricao": "Di\u00e1rias e documentos relativos", "assunto": "Requerimento de adiantamento para abastecimento e estacionamento quanto em deslocamento (Belo Horizonte 22/10/2024 a 25/10/2024)"}, {"id": "8037", "ano": "2024", "numero": "86", "tipo__sigla": "PARE", "tipo__descricao": "PARECER", "assunto": "Parecer Jur\u00eddico - Projeto de Lei Ordin\u00e1ria n\u00ba 48 - 2024 - Abertura de Cr\u00e9dito Adicional Especial - Excesso de Arrecada\u00e7\u00e3o - R$ 164.092,44 (Cento e sessenta e quatro mil noventa e dois reais e quarenta e quatro centavos)"}, {"id": "8106", "ano": "2024", "numero": "86", "tipo__sigla": "OFEXP", "tipo__descricao": "Of\u00edcio Expedido", "assunto": "Informa sobre encaminhamento indevido do Projeto de Lei Complementar do Legislativo n\u00ba 2 de 2024"}, {"id": "8320", "ano": "2024", "numero": "86", "tipo__sigla": "OR", "tipo__descricao": "OF\u00cdCIOS RECEBIDOS", "assunto": "Resposta ao of\u00edcio do vereador Luiz FelipeMendon\u00e7a Rodrigues solicitando manuten\u00e7\u00e3o da quadra do pet"}, {"id": "8461", "ano": "2024", "numero": "86", "tipo__sigla": "DI", "tipo__descricao": "Di\u00e1rias e documentos relativos", "assunto": "Relat\u00f3rio e presta\u00e7\u00e3o de contas Emerson Silva Ara\u00fajo (Belo Horizonte- 22/10/2024 a 25/10/2024)"}, {"id": "8038", "ano": "2024", "numero": "87", "tipo__sigla": "PARE", "tipo__descricao": "PARECER", "assunto": "Parecer Jur\u00eddico - Projeto de Lei Ordin\u00e1ria n\u00ba 49 - 2024 - Abertura de Cr\u00e9dito Adicional Especial - Excesso de Arrecada\u00e7\u00e3o - R$ 20.000,00 (vinte mil reais)"}, {"id": "8122", "ano": "2024", "numero": "87", "tipo__sigla": "OFEXP", "tipo__descricao": "Of\u00edcio Expedido", "assunto": "Resposta ao Procedimento Preparat\u00f3rio n\u00ba 03.16.0694.0073197/2024-85 da 3\u00aa Promotoria de Justi\u00e7a da Comarca de Tr\u00eas Pontas - MG"}, {"id": "8327", "ano": "2024", "numero": "87", "tipo__sigla": "OR", "tipo__descricao": "OF\u00cdCIOS RECEBIDOS", "assunto": "Resposta ao of\u00edcio do vereador Walter Silva a respeito dos coletores de materiais recicl\u00e1veis"}, {"id": "8464", "ano": "2024", "numero": "87", "tipo__sigla": "DI", "tipo__descricao": "Di\u00e1rias e documentos relativos", "assunto": "Requisi\u00e7\u00e3o de di\u00e1rias Ronalthe Dayglas Rocha (Belo Horizonte- 05/11/2024 a 08/11/2024)"}, {"id": "8039", "ano": "2024", "numero": "88", "tipo__sigla": "PARE", "tipo__descricao": "PARECER", "assunto": "Parecer Jur\u00eddico - Projeto de Lei Ordin\u00e1ria n\u00ba 50 - 2024 - Abertura de Cr\u00e9dito Adicional Especial - Excesso de Arrecada\u00e7\u00e3o - R$ 2.317,56 (dois mil trezentos e dezessete reais e cinquenta e seis centavos)"}, {"id": "8135", "ano": "2024", "numero": "88", "tipo__sigla": "OFEXP", "tipo__descricao": "Of\u00edcio Expedido", "assunto": "Encaminha projeto aprovado na 22\u00aa reuni\u00e3o ordin\u00e1ria"}, {"id": "8328", "ano": "2024", "numero": "88", "tipo__sigla": "OR", "tipo__descricao": "OF\u00cdCIOS RECEBIDOS", "assunto": "Responde a indica\u00e7\u00e3o 14 do vereador Luiz Felipe Mendon\u00e7a Rodrigues"}, {"id": "8468", "ano": "2024", "numero": "88", "tipo__sigla": "DI", "tipo__descricao": "Di\u00e1rias e documentos relativos", "assunto": "Requerimento de adiantamento para abastecimento e estacionamento quanto em deslocamento"}, {"id": "7933", "ano": "2024", "numero": "89", "tipo__sigla": "DI", "tipo__descricao": "Di\u00e1rias e documentos relativos", "assunto": "Relat\u00f3rio de Viagem para Bras\u00edlia, para participar da Marcha em defesa dos Munic\u00edpios dos dias 20 a 24 de Maio de 2024."}, {"id": "8040", "ano": "2024", "numero": "89", "tipo__sigla": "PARE", "tipo__descricao": "PARECER", "assunto": "Projeto de Lei Ordin\u00e1ria n\u00ba 52 - 2024 - Abertura de Cr\u00e9dito Adicional Especial - Excesso de Arrecada\u00e7\u00e3o - R$ 241.316,00 (duzentos e quarenta e um mil trezentos e dezesseis reais)"}, {"id": "8136", "ano": "2024", "numero": "89", "tipo__sigla": "OFEXP", "tipo__descricao": "Of\u00edcio Expedido", "assunto": "Encaminha comprovante de dep\u00f3sito referente a valores descontados em folha do m\u00eas de julho de 2024"}, {"id": "8329", "ano": "2024", "numero": "89", "tipo__sigla": "OR", "tipo__descricao": "OF\u00cdCIOS RECEBIDOS", "assunto": "Responde a indica\u00e7\u00e3o 13 do vereador Luiz Felipe Mendon\u00e7a Rodrigues"}, {"id": "7936", "ano": "2024", "numero": "90", "tipo__sigla": "DI", "tipo__descricao": "Di\u00e1rias e documentos relativos", "assunto": "Relat\u00f3rio de viagem realizada nos dias 20 a 24 de Maio para a cidade de Bras\u00edlia, na participa\u00e7\u00e3o do evento Marcha em Defesa dos Munic\u00edpios."}, {"id": "8041", "ano": "2024", "numero": "90", "tipo__sigla": "PARE", "tipo__descricao": "PARECER", "assunto": "Projeto de Lei Ordin\u00e1ria n\u00ba 53 - 2024 - Abertura de Cr\u00e9dito Adicional Especial - Excesso de Arrecada\u00e7\u00e3o - R$ 304.800,00 (trezentos e quatro mil e oitocentos reais)"}, {"id": "8140", "ano": "2024", "numero": "90", "tipo__sigla": "OFEXP", "tipo__descricao": "Of\u00edcio Expedido", "assunto": "Solicita\u00e7\u00f5es a respeito de processos licitat\u00f3rios em curso"}, {"id": "8330", "ano": "2024", "numero": "90", "tipo__sigla": "OR", "tipo__descricao": "OF\u00cdCIOS RECEBIDOS", "assunto": "Responde a indica\u00e7\u00e3o 001 do vereador Ronathe Dayglas Rocha"}, {"id": "7937", "ano": "2024", "numero": "91", "tipo__sigla": "DI", "tipo__descricao": "Di\u00e1rias e documentos relativos", "assunto": "Relat\u00f3rio de viagem realizada nos dias 20 a 24 de Maio de 2024 para cidade de Bras\u00edlia no evento Marcha a Bras\u00edlia em Defesa dos Munic\u00edpios."}, {"id": "8042", "ano": "2024", "numero": "91", "tipo__sigla": "PARE", "tipo__descricao": "PARECER", "assunto": "Projeto de Lei Ordin\u00e1ria n\u00ba 54 - 2024 - Abertura de Cr\u00e9dito Adicional Especial - Excesso de Arrecada\u00e7\u00e3o - R$ 12.400,20 (doze mil e quatrocentos reais e vinte centavos);"}, {"id": "8141", "ano": "2024", "numero": "91", "tipo__sigla": "OFEXP", "tipo__descricao": "Of\u00edcio Expedido", "assunto": "Audi\u00eancia p\u00fablica 05/07/2024 \u00e0s 16h"}, {"id": "8331", "ano": "2024", "numero": "91", "tipo__sigla": "OR", "tipo__descricao": "OF\u00cdCIOS RECEBIDOS", "assunto": "Resposta ao of\u00edcio 07 do vereador Luiz Felipe Mendon\u00e7a Rodrigues"}, {"id": "7806", "ano": "2024", "numero": "92", "tipo__sigla": "DI", "tipo__descricao": "Di\u00e1rias e documentos relativos", "assunto": "Relat\u00f3rio de presta\u00e7\u00e3o de contas de Felipe Tom\u00e9 Mota e Silva."}, {"id": "8043", "ano": "2024", "numero": "92", "tipo__sigla": "PARE", "tipo__descricao": "PARECER", "assunto": "Projeto de Lei Ordin\u00e1ria n\u00ba 55 - 2024 - Abertura de Cr\u00e9dito Adicional Especial - Excesso de Arrecada\u00e7\u00e3o -  R$ 15.410,19 (quinze mil quatrocentos e dez reais e dezenove centavos);"}, {"id": "8142", "ano": "2024", "numero": "92", "tipo__sigla": "OFEXP", "tipo__descricao": "Of\u00edcio Expedido", "assunto": "Convoca\u00e7\u00e3o para reuni\u00e3o extraordin\u00e1ria 08/07/2024"}, {"id": "8343", "ano": "2024", "numero": "92", "tipo__sigla": "OR", "tipo__descricao": "OF\u00cdCIOS RECEBIDOS", "assunto": "Encaminha documentos solicitados por meio do of\u00edcio n\u00ba 11/2027 (c\u00f3pias de holerites) a fim de ser atendida a solicita\u00e7\u00e3o contida no of\u00edcio n\u00ba 245/2024 da 3\u00aa Promotoria de Justi\u00e7a da Comarca de Tr\u00eas Pontas"}, {"id": "8044", "ano": "2024", "numero": "93", "tipo__sigla": "PARE", "tipo__descricao": "PARECER", "assunto": "Projeto de Lei Ordin\u00e1ria n\u00ba 51 - 2024 - Abertura de Cr\u00e9dito Adicional Especial - Anula\u00e7\u00e3o de Dota\u00e7\u00e3o Or\u00e7ament\u00e1rio - R$ 10.000,00 (dez mil reais);"}, {"id": "8145", "ano": "2024", "numero": "93", "tipo__sigla": "OFEXP", "tipo__descricao": "Of\u00edcio Expedido", "assunto": "Convida o prefeito municipal, secret\u00e1rios, servidores e cidad\u00e3os da sociedade civil a participarem da audi\u00eancia p\u00fablica para aprova\u00e7\u00e3o da lei de diretrizes or\u00e7ament\u00e1rias"}, {"id": "8373", "ano": "2024", "numero": "93", "tipo__sigla": "OR", "tipo__descricao": "OF\u00cdCIOS RECEBIDOS", "assunto": "Resposta ao of\u00edcio 111/2024 da presid\u00eancia"}, {"id": "8507", "ano": "2024", "numero": "93", "tipo__sigla": "DI", "tipo__descricao": "Di\u00e1rias e documentos relativos", "assunto": "Relat\u00f3rio e presta\u00e7\u00e3o de contas Emerson Silva Ara\u00fajo (Belo Horizonte- 05/11/2024 a 08/11/2024)"}, {"id": "8077", "ano": "2024", "numero": "94", "tipo__sigla": "PARE", "tipo__descricao": "PARECER", "assunto": "Parecer Jur\u00eddico - Inexigibilidade - Curso Calend\u00e1rio eleitoral, condutas vedadas e os cuidados na transi\u00e7\u00e3o de mandato"}, {"id": "8175", "ano": "2024", "numero": "94", "tipo__sigla": "OFEXP", "tipo__descricao": "Of\u00edcio Expedido", "assunto": "Encaminha projetos aprovados na 6\u00aa reuni\u00e3o extraordin\u00e1ria"}, {"id": "8398", "ano": "2024", "numero": "94", "tipo__sigla": "OR", "tipo__descricao": "OF\u00cdCIOS RECEBIDOS", "assunto": "Encaminha documento necess\u00e1rio e complementar ao projeto de lei complementar n\u00ba 5 de 2024"}, {"id": "8082", "ano": "2024", "numero": "95", "tipo__sigla": "PARE", "tipo__descricao": "PARECER", "assunto": "Parecer Jur\u00eddico - Inexigibilidade - Curso - Regras para a fixa\u00e7\u00e3o dos subs\u00eddios dos agentes pol\u00edticos para legislatura de 2025/2028 e orienta\u00e7\u00f5es de controle externo."}, {"id": "8189", "ano": "2024", "numero": "95", "tipo__sigla": "OFEXP", "tipo__descricao": "Of\u00edcio Expedido", "assunto": "Encaminha projetos aprovados na 23\u00aa reuni\u00e3o ordin\u00e1ria e 5\u00aa reuni\u00e3o extraordin\u00e1ria"}, {"id": "8401", "ano": "2024", "numero": "95", "tipo__sigla": "OR", "tipo__descricao": "OF\u00cdCIOS RECEBIDOS", "assunto": "Solicita espa\u00e7o para reuni\u00f5es da C\u00e2mara no dia 14/10/2024, no per\u00edodo de 13 as 16,  para apresenta\u00e7\u00e3o de filme"}, {"id": "8510", "ano": "2024", "numero": "95", "tipo__sigla": "DI", "tipo__descricao": "Di\u00e1rias e documentos relativos", "assunto": "Relat\u00f3rio e presta\u00e7\u00e3o de contas Ronalthe Dayglas Rocha (Belo Horizonte- 05/11/2024 a 08/11/2024)"}, {"id": "8111", "ano": "2024", "numero": "96", "tipo__sigla": "PARE", "tipo__descricao": "PARECER", "assunto": "Parecer Jur\u00eddico - Inexigibilidade - Curso - Gest\u00e3o estrat\u00e9gica diante da Lei n\u00ba 14.211/21 no \u00faltimo ano legislativo."}, {"id": "8215", "ano": "2024", "numero": "96", "tipo__sigla": "OFEXP", "tipo__descricao": "Of\u00edcio Expedido", "assunto": "Encaminha o or\u00e7amento da C\u00e2mara Municipal de Santana da Vargem"}, {"id": "8403", "ano": "2024", "numero": "96", "tipo__sigla": "OR", "tipo__descricao": "OF\u00cdCIOS RECEBIDOS", "assunto": "Encaminha balancetes de receitas e despesas referentes ao m\u00eas de agosto/2024 nos termos de lei"}, {"id": "8512", "ano": "2024", "numero": "96", "tipo__sigla": "DI", "tipo__descricao": "Di\u00e1rias e documentos relativos", "assunto": "Relat\u00f3rio e presta\u00e7\u00e3o de contas Carlos C\u00e9zar Ribeiro (Belo Horizonte- 05/11/2024 a 08/11/2024)"}, {"id": "8112", "ano": "2024", "numero": "97", "tipo__sigla": "PARE", "tipo__descricao": "PARECER", "assunto": "Parecer Jur\u00eddico - Inexigibilidade - Curso - Domine as novas regras de contrata\u00e7\u00f5es e licita\u00e7\u00f5es com a Lei n\u00ba 14.133"}, {"id": "8216", "ano": "2024", "numero": "97", "tipo__sigla": "OFEXP", "tipo__descricao": "Of\u00edcio Expedido", "assunto": "Encaminha indica\u00e7\u00f5es 11 a 15 feitas pelo vereador Luiz Felipe Mendon\u00e7a Rodrigues"}, {"id": "8420", "ano": "2024", "numero": "97", "tipo__sigla": "OR", "tipo__descricao": "OF\u00cdCIOS RECEBIDOS", "assunto": "Devolu\u00e7\u00e3o de patrim\u00f4nio pertencente \u00e0 C\u00e2mara Municipal de Santana da Vargem cedido para Pol\u00edcia Civil"}, {"id": "8523", "ano": "2024", "numero": "97", "tipo__sigla": "DI", "tipo__descricao": "Di\u00e1rias e documentos relativos", "assunto": "Requisi\u00e7\u00e3o de di\u00e1rias Carlos C\u00e9zar Ribeiro (Belo Horizonte- 03/12/2024 a 06/12/2024)"}, {"id": "8113", "ano": "2024", "numero": "98", "tipo__sigla": "PARE", "tipo__descricao": "PARECER", "assunto": "Parecer Jur\u00eddico - Inexigibilidade - Curso - Domine as novas regras de contrata\u00e7\u00f5es e licita\u00e7\u00f5es com a Lei n\u00ba 14.133."}, {"id": "8217", "ano": "2024", "numero": "98", "tipo__sigla": "OFEXP", "tipo__descricao": "Of\u00edcio Expedido", "assunto": "Encaminha indica\u00e7\u00e3o 001 Ronalthe"}, {"id": "8448", "ano": "2024", "numero": "98", "tipo__sigla": "OR", "tipo__descricao": "OF\u00cdCIOS RECEBIDOS", "assunto": "Responde requerimento 002/2024 do vereador Luiz Felipe Mendon\u00e7a Rodrigues"}, {"id": "8528", "ano": "2024", "numero": "98", "tipo__sigla": "DI", "tipo__descricao": "Di\u00e1rias e documentos relativos", "assunto": "Requisi\u00e7\u00e3o de di\u00e1rias Ruiter Silva de Oliveira (Belo Horizonte-27/11/2024)"}, {"id": "8114", "ano": "2024", "numero": "99", "tipo__sigla": "PARE", "tipo__descricao": "PARECER", "assunto": "Parecer Jur\u00eddico - Inexigibilidade - Curso - Curso forma\u00e7\u00e3o de servidores no E-Social para \u00f3rg\u00e3o p\u00fablicos \u2013 As mudan\u00e7as do Leiaute 1.2 e nota tecnica 01/2023"}, {"id": "8218", "ano": "2024", "numero": "99", "tipo__sigla": "OFEXP", "tipo__descricao": "Of\u00edcio Expedido", "assunto": "Solicita emiss\u00e3o de guia de IRRF referente a folha de 2024"}, {"id": "8449", "ano": "2024", "numero": "99", "tipo__sigla": "OR", "tipo__descricao": "OF\u00cdCIOS RECEBIDOS", "assunto": "Responde indica\u00e7\u00e3o 016 do vereador Luiz Felipe Mendon\u00e7a Rodrigues"}, {"id": "8529", "ano": "2024", "numero": "99", "tipo__sigla": "DI", "tipo__descricao": "Di\u00e1rias e documentos relativos", "assunto": "Requisi\u00e7\u00e3o de di\u00e1rias Cleber de Brito (Belo Horizonte-27/11/2024 a 29/11/2024)"}, {"id": "8115", "ano": "2024", "numero": "100", "tipo__sigla": "PARE", "tipo__descricao": "PARECER", "assunto": "Parecer Jur\u00eddico - Projeto de Lei Ordin\u00e1ria n\u00ba 56 - 2024 - Abertura de Cr\u00e9dito Especial - Excesso de Arrecada\u00e7\u00e3o - R$ 250.000,00 (duzentos e cinquenta mil reais);"}, {"id": "8219", "ano": "2024", "numero": "100", "tipo__sigla": "OFEXP", "tipo__descricao": "Of\u00edcio Expedido", "assunto": "Solicita emiss\u00e3o de guia de IRRF referente ao m\u00eas de julho de 2024"}, {"id": "8450", "ano": "2024", "numero": "100", "tipo__sigla": "OR", "tipo__descricao": "OF\u00cdCIOS RECEBIDOS", "assunto": "Encaminha balancetes de Receitas e Despesas referentes ao m\u00eas de Setembro de 2024"}, {"id": "8548", "ano": "2024", "numero": "100", "tipo__sigla": "DI", "tipo__descricao": "Di\u00e1rias e documentos relativos", "assunto": "Requerimento de adiantamento para abastecimento e estacionamento quanto em deslocamento"}, {"id": "8116", "ano": "2024", "numero": "101", "tipo__sigla": "PARE", "tipo__descricao": "PARECER", "assunto": "(projeto de Lei Ordin\u00e1ria n\u00ba 57 do ano de 2024, versa acerca do pedido do Poder Executivo para que seja autorizada a abertura de cr\u00e9dito\r\nadicional especial por Excesso de Arrecada\u00e7\u00e3o)."}, {"id": "8220", "ano": "2024", "numero": "101", "tipo__sigla": "OFEXP", "tipo__descricao": "Of\u00edcio Expedido", "assunto": "Solicita emiss\u00e3o de guia referente aos rendimentos de aplica\u00e7\u00e3o do m\u00eas de julho de 2024"}, {"id": "8515", "ano": "2024", "numero": "101", "tipo__sigla": "OR", "tipo__descricao": "OF\u00cdCIOS RECEBIDOS", "assunto": "Apresenta justificativa a respeito do PL 23/2023"}, {"id": "8549", "ano": "2024", "numero": "101", "tipo__sigla": "DI", "tipo__descricao": "Di\u00e1rias e documentos relativos", "assunto": "Relat\u00f3rio e presta\u00e7\u00e3o de contas (Pouso Alegre - 26/11/2024)"}, {"id": "8117", "ano": "2024", "numero": "102", "tipo__sigla": "PARE", "tipo__descricao": "PARECER", "assunto": "Parecer Jur\u00eddico - Projeto de Lei Ordin\u00e1ria n\u00ba 58 - 2024 - Abertura de Cr\u00e9dito Especial - Excesso de Arrecada\u00e7\u00e3o - R$ 110.000,00 (cento e dez mil reais);"}, {"id": "8227", "ano": "2024", "numero": "102", "tipo__sigla": "OFEXP", "tipo__descricao": "Of\u00edcio Expedido", "assunto": "Encaminha parecer pr\u00e9vio das contas do poder executivo do ano de 2020- Carlos C\u00e9zar Ribeiro"}, {"id": "8537", "ano": "2024", "numero": "102", "tipo__sigla": "OR", "tipo__descricao": "OF\u00cdCIOS RECEBIDOS", "assunto": "Encaminha repostas a itens abordados pelo parecer jur\u00eddico do projeto de lei 070/2024 - LOA 2025"}, {"id": "8568", "ano": "2024", "numero": "102", "tipo__sigla": "DI", "tipo__descricao": "Di\u00e1rias e documentos relativos", "assunto": "Relat\u00f3rio e presta\u00e7\u00e3o de contas Cleber de Brito (Belo Horizonte- 27 a 29 de novembro)"}, {"id": "8118", "ano": "2024", "numero": "103", "tipo__sigla": "PARE", "tipo__descricao": "PARECER", "assunto": "Parecer Jur\u00eddico - Projeto de Lei Ordin\u00e1rio n\u00ba 59 - Abertura de Cr\u00e9dito Adicional Especial - R$ 101.000,00 (cento e um mil reais)"}, {"id": "8228", "ano": "2024", "numero": "103", "tipo__sigla": "OFEXP", "tipo__descricao": "Of\u00edcio Expedido", "assunto": "Encaminha parecer pr\u00e9vio das contas do poder executivo do ano de 2020- Maria Aparecida de Ara\u00fajo Reis"}, {"id": "8543", "ano": "2024", "numero": "103", "tipo__sigla": "OR", "tipo__descricao": "OF\u00cdCIOS RECEBIDOS", "assunto": "Resposta ao of\u00edcio 004/2024 da vereadora Silmara Girlaine Hon\u00f3rio"}, {"id": "8569", "ano": "2024", "numero": "103", "tipo__sigla": "DI", "tipo__descricao": "Di\u00e1rias e documentos relativos", "assunto": "Relat\u00f3rio e presta\u00e7\u00e3o de contas Ruiter Silva de Oliveira (Belo Horizonte 27 a 29 de Novembro )"}, {"id": "8119", "ano": "2024", "numero": "104", "tipo__sigla": "PARE", "tipo__descricao": "PARECER", "assunto": "Parecer Jur\u00eddico - Projeto de Lei Ordin\u00e1rio n\u00ba 60 - Abertura de Cr\u00e9dito Adicional Especial - R$ 100.000,00 (cento mil reais)"}, {"id": "8229", "ano": "2024", "numero": "104", "tipo__sigla": "OFEXP", "tipo__descricao": "Of\u00edcio Expedido", "assunto": "Encaminha parecer pr\u00e9vio das contas do poder executivo do ano de 2020- Jackson Luiz Ven\u00e2ncio de Souza"}, {"id": "8577", "ano": "2024", "numero": "104", "tipo__sigla": "DI", "tipo__descricao": "Di\u00e1rias e documentos relativos", "assunto": "Relat\u00f3rio e presta\u00e7\u00e3o de contas Emerson Silva Ara\u00fajo (Belo Horizonte- 27/11/2024 a 29/11/2024)"}, {"id": "8587", "ano": "2024", "numero": "104", "tipo__sigla": "OR", "tipo__descricao": "OF\u00cdCIOS RECEBIDOS", "assunto": "Encaminha balancetes de receitas e despesas referentes ao m\u00eas de outubro de 2024"}, {"id": "8120", "ano": "2024", "numero": "105", "tipo__sigla": "PARE", "tipo__descricao": "PARECER", "assunto": "Parecer Jur\u00eddico - Projeto de Lei Ordin\u00e1rio n\u00ba 61 - Abertura de Cr\u00e9dito Adicional Especial - R$ 10.000,00 (dez mil reais)"}, {"id": "8230", "ano": "2024", "numero": "105", "tipo__sigla": "OFEXP", "tipo__descricao": "Of\u00edcio Expedido", "assunto": "Encaminha parecer pr\u00e9vio das contas do poder executivo do ano de 2020- Luiz Felipe Mendon\u00e7a Rodrigues"}, {"id": "8591", "ano": "2024", "numero": "105", "tipo__sigla": "OR", "tipo__descricao": "OF\u00cdCIOS RECEBIDOS", "assunto": "Encaminha relat\u00f3rio de gest\u00e3o 2021/2024 desta secretaria - Secretaria Municipal de Assist\u00eancia Social"}, {"id": "8121", "ano": "2024", "numero": "106", "tipo__sigla": "PARE", "tipo__descricao": "PARECER", "assunto": "Parecer ao projeto de lei n\u00ba 47 de 2024, visa descongelar os efeitos da LC 173/2020 para os servidores do Poder Executivo Municipal"}, {"id": "8231", "ano": "2024", "numero": "106", "tipo__sigla": "OFEXP", "tipo__descricao": "Of\u00edcio Expedido", "assunto": "Encaminha parecer pr\u00e9vio das contas do poder executivo do ano de 2020- Ronalthe Dayglas Rocha"}, {"id": "8605", "ano": "2024", "numero": "106", "tipo__sigla": "OR", "tipo__descricao": "OF\u00cdCIOS RECEBIDOS", "assunto": "Encaminha documento comprobat\u00f3rio de saldo or\u00e7ament\u00e1rio"}, {"id": "8157", "ano": "2024", "numero": "107", "tipo__sigla": "PARE", "tipo__descricao": "PARECER", "assunto": "Parecer jur\u00eddico - Projeto de Lei Ordin\u00e1ria n\u00ba 64 - 2024 - Abertura de Cr\u00e9dito Adicional Especial - Excesso de Arrecada\u00e7\u00e3o - R$ 24.086,84 (vinte e quatro mil e oitenta e seis reais e oitenta e quatro centavos)"}, {"id": "8232", "ano": "2024", "numero": "107", "tipo__sigla": "OFEXP", "tipo__descricao": "Of\u00edcio Expedido", "assunto": "Encaminha parecer pr\u00e9vio das contas do poder executivo do ano de 2020-  Silmara Girlaine Hon\u00f3rio"}, {"id": "8158", "ano": "2024", "numero": "108", "tipo__sigla": "PARE", "tipo__descricao": "PARECER", "assunto": "Parecer Jur\u00eddico - Projeto de Lei Ordin\u00e1ria n\u00ba 62 - 2024 - Concess\u00e3o de uso - Est\u00e1dio - Autoescola (motocicleta)"}, {"id": "8233", "ano": "2024", "numero": "108", "tipo__sigla": "OFEXP", "tipo__descricao": "Of\u00edcio Expedido", "assunto": "Encaminha parecer pr\u00e9vio das contas do poder executivo do ano de 2020-  Vitor Donizetti Siqueira Junior"}, {"id": "8168", "ano": "2024", "numero": "109", "tipo__sigla": "PARE", "tipo__descricao": "PARECER", "assunto": "Parecer Jur\u00eddico - Inexigibilidade - Curso: Semin\u00e1rio brasileiro de prefeitos e vereadores, procuradores, controladores e assessores municipais \u2013 Temas: Or\u00e7amento P\u00fablico, Papel fiscalizadores do Vereador e etc.\u201d"}, {"id": "8234", "ano": "2024", "numero": "109", "tipo__sigla": "OFEXP", "tipo__descricao": "Of\u00edcio Expedido", "assunto": "Encaminha parecer pr\u00e9vio das contas do poder executivo do ano de 2020- Walter Silva"}, {"id": "8195", "ano": "2024", "numero": "110", "tipo__sigla": "PARE", "tipo__descricao": "PARECER", "assunto": "Parecer Jur\u00eddico - Procedimento Licitat\u00f3rio - Preg\u00e3o - Contrata\u00e7\u00e3o de plano de sa\u00fade."}, {"id": "8240", "ano": "2024", "numero": "110", "tipo__sigla": "OFEXP", "tipo__descricao": "Of\u00edcio Expedido", "assunto": "Resposta ao of\u00edcio n\u00ba 190/2024/3\u00aaPJ-TP"}, {"id": "8225", "ano": "2024", "numero": "111", "tipo__sigla": "PARE", "tipo__descricao": "PARECER", "assunto": "Parecer Jur\u00eddico - Dispensa - G\u00eanero Aliment\u00edcio - R$ 9.476,10 (nove mil quatrocentos e setenta e seis reais e dez centavos)"}, {"id": "8241", "ano": "2024", "numero": "111", "tipo__sigla": "OFEXP", "tipo__descricao": "Of\u00edcio Expedido", "assunto": "Solicita informa\u00e7\u00f5es do Executivo"}, {"id": "8226", "ano": "2024", "numero": "112", "tipo__sigla": "PARE", "tipo__descricao": "PARECER", "assunto": "Parecer Jur\u00eddico - Dispensa - Aquisi\u00e7\u00e3o de g\u00e1s de cozinha - R$ 150,00 (cento e cinquenta reais)"}, {"id": "8242", "ano": "2024", "numero": "112", "tipo__sigla": "OFEXP", "tipo__descricao": "Of\u00edcio Expedido", "assunto": "Resposta ao of\u00edcio n\u00ba 260/2024/3\u00aaPJ-TP"}, {"id": "8243", "ano": "2024", "numero": "113", "tipo__sigla": "OFEXP", "tipo__descricao": "Of\u00edcio Expedido", "assunto": "Resposta ao of\u00edcio n\u00ba 246/2024/3\u00aaPJ-TP"}, {"id": "8244", "ano": "2024", "numero": "113", "tipo__sigla": "PARE", "tipo__descricao": "PARECER", "assunto": "Resposta ao of\u00edcio n\u00ba 245/2024/3\u00aaPJ-TP"}, {"id": "8245", "ano": "2024", "numero": "114", "tipo__sigla": "OFEXP", "tipo__descricao": "Of\u00edcio Expedido", "assunto": "Resposta ao of\u00edcio n\u00ba 203/2024/3\u00aaPJ-TP"}, {"id": "8262", "ano": "2024", "numero": "114", "tipo__sigla": "PARE", "tipo__descricao": "PARECER", "assunto": "Parecer - Inexigibilidade - Curso: O funcionamento das C\u00e2maras no per\u00edodo eleitoral : cuidados e limites legais"}, {"id": "8246", "ano": "2024", "numero": "115", "tipo__sigla": "OFEXP", "tipo__descricao": "Of\u00edcio Expedido", "assunto": "Pedido de Informa\u00e7\u00f5es para responder o of\u00edcio n\u00ba 245/2024/3\u00aaPJ-TP"}, {"id": "8282", "ano": "2024", "numero": "115", "tipo__sigla": "PARE", "tipo__descricao": "PARECER", "assunto": "Parecer jur\u00eddico - Concorr\u00eancia - Servi\u00e7o de Engenharia."}, {"id": "8247", "ano": "2024", "numero": "116", "tipo__sigla": "OFEXP", "tipo__descricao": "Of\u00edcio Expedido", "assunto": "Resposta ao of\u00edcio n\u00ba 363/2024/3\u00aaPJ-TP"}, {"id": "8283", "ano": "2024", "numero": "116", "tipo__sigla": "PARE", "tipo__descricao": "PARECER", "assunto": "Parecer Jur\u00eddico - Projeto de Lei Ordin\u00e1ria n\u00ba 65 - 2024 - Abertura de Cr\u00e9dito Adicional Especial por Excesso de Arrecada\u00e7\u00e3o - R$518.000,00 (quinhentos e dezoito reais"}, {"id": "8253", "ano": "2024", "numero": "117", "tipo__sigla": "OFEXP", "tipo__descricao": "Of\u00edcio Expedido", "assunto": "Justificativa acumulo per\u00edodos de f\u00e9rias procurador legislativo Felipe Tom\u00e9 Mota e Silva"}, {"id": "8284", "ano": "2024", "numero": "117", "tipo__sigla": "PARE", "tipo__descricao": "PARECER", "assunto": "Parecer Jur\u00eddico - Projeto de Lei Ordin\u00e1ria n\u00ba 66 - 2024 - Abertura de Cr\u00e9dito Adicional Especial por Excesso de Arrecada\u00e7\u00e3o - R$ 12.623,64 (doze mil seiscentos e vinte e tr\u00eas reais e sessenta e quatro centavos)."}, {"id": "8265", "ano": "2024", "numero": "118", "tipo__sigla": "OFEXP", "tipo__descricao": "Of\u00edcio Expedido", "assunto": "Convite para reuni\u00e3o na C\u00e2mara Municipal para tratar do projeto de lei de interesse da Auto Escola"}, {"id": "8285", "ano": "2024", "numero": "118", "tipo__sigla": "PARE", "tipo__descricao": "PARECER", "assunto": "Parecer Jur\u00eddico - Projeto de Lei Ordin\u00e1ria n\u00ba 67 - 2024 - Conselheiro Tutelar - Dirigir Ve\u00edculo Oficial."}, {"id": "8268", "ano": "2024", "numero": "119", "tipo__sigla": "OFEXP", "tipo__descricao": "Of\u00edcio Expedido", "assunto": "Convite pra reuni\u00e3o na C\u00e2mara Municipal para tratar do projeto de lei de interesse da Auto Escola"}, {"id": "8286", "ano": "2024", "numero": "119", "tipo__sigla": "PARE", "tipo__descricao": "PARECER", "assunto": "Parecer Jur\u00eddico - Projeto de Lei Ordin\u00e1ria n\u00ba 69 - 2024 - Autoriza o desconto em folha de pagamento dos Conselheiros Tutelares."}, {"id": "8287", "ano": "2024", "numero": "120", "tipo__sigla": "PARE", "tipo__descricao": "PARECER", "assunto": "Parecer Jur\u00eddico - Projeto de Lei Ordin\u00e1rio do Legislativo n\u00ba 12 - 2024 - visa instituir o dia municipal da valoriza\u00e7\u00e3o da vida do nascituro no munic\u00edpio."}, {"id": "8294", "ano": "2024", "numero": "120", "tipo__sigla": "OFEXP", "tipo__descricao": "Of\u00edcio Expedido", "assunto": "Informa o valor que entende cab\u00edvel como montante m\u00e1ximo para o or\u00e7amento da c\u00e2mara municipal"}, {"id": "8288", "ano": "2024", "numero": "121", "tipo__sigla": "PARE", "tipo__descricao": "PARECER", "assunto": "Parecer Jur\u00eddico - Projeto de Lei Ordin\u00e1ria do Legislativo - n\u00ba 11 - 2024 - TEA"}, {"id": "8307", "ano": "2024", "numero": "121", "tipo__sigla": "OFEXP", "tipo__descricao": "Of\u00edcio Expedido", "assunto": "Resposta ao of\u00edcio da prefeitura - or\u00e7amento exerc\u00edcio 2025"}, {"id": "8289", "ano": "2024", "numero": "122", "tipo__sigla": "PARE", "tipo__descricao": "PARECER", "assunto": "Parecer jur\u00eddico - Projeto de Lei Ordin\u00e1ria n\u00ba 68 - 2024 - Suprimento de fundos."}, {"id": "8308", "ano": "2024", "numero": "122", "tipo__sigla": "OFEXP", "tipo__descricao": "Of\u00edcio Expedido", "assunto": "Convoca servidor para realiza\u00e7\u00e3o de horas extras - Cleber de Brito"}, {"id": "8309", "ano": "2024", "numero": "123", "tipo__sigla": "OFEXP", "tipo__descricao": "Of\u00edcio Expedido", "assunto": "Indica destina\u00e7\u00e3o de emenda impositiva"}, {"id": "8315", "ano": "2024", "numero": "123", "tipo__sigla": "PARE", "tipo__descricao": "PARECER", "assunto": "Parecer jur\u00eddico - Projeto de Lei Ordin\u00e1ria do Legislativo n\u00ba 13 - 2024 - Food Truck"}, {"id": "8318", "ano": "2024", "numero": "124", "tipo__sigla": "PARE", "tipo__descricao": "PARECER", "assunto": "Parecer Jur\u00eddico - Dispensa - Filtro de \u00e1gua para purificador."}, {"id": "8319", "ano": "2024", "numero": "124", "tipo__sigla": "OFEXP", "tipo__descricao": "Of\u00edcio Expedido", "assunto": "Autoriza altera\u00e7\u00f5es sugeridas no ETP para o processo de inform\u00e1tica"}, {"id": "8321", "ano": "2024", "numero": "125", "tipo__sigla": "OFEXP", "tipo__descricao": "Of\u00edcio Expedido", "assunto": "Encaminha lei 1813 de 19 de agosto de 2024"}, {"id": "8333", "ano": "2024", "numero": "125", "tipo__sigla": "PARE", "tipo__descricao": "PARECER", "assunto": "Parecer Jur\u00eddico - Dispensa - Chaveiro"}, {"id": "8322", "ano": "2024", "numero": "126", "tipo__sigla": "OFEXP", "tipo__descricao": "Of\u00edcio Expedido", "assunto": "Encaminha veto rejeitado pelo Plen\u00e1rio"}, {"id": "8341", "ano": "2024", "numero": "126", "tipo__sigla": "PARE", "tipo__descricao": "PARECER", "assunto": "Parecer Jur\u00eddico - Projeto de Lei Complementar n\u00ba 10 - 2023 - Parcelamento de solo urbano."}, {"id": "8323", "ano": "2024", "numero": "127", "tipo__sigla": "OFEXP", "tipo__descricao": "Of\u00edcio Expedido", "assunto": "Solicita documenta\u00e7\u00e3o para comprova\u00e7\u00e3o de exclusividade de servi\u00e7o"}, {"id": "8354", "ano": "2024", "numero": "127", "tipo__sigla": "PARE", "tipo__descricao": "PARECER", "assunto": "Parecer Jur\u00eddico - Preg\u00e3o Presencial - Dia da Realiza\u00e7\u00e3o"}, {"id": "8332", "ano": "2024", "numero": "128", "tipo__sigla": "OFEXP", "tipo__descricao": "Of\u00edcio Expedido", "assunto": "Encaminha novo or\u00e7amento da C\u00e2mara Municipal de Santana da Vargem"}, {"id": "8355", "ano": "2024", "numero": "128", "tipo__sigla": "PARE", "tipo__descricao": "PARECER", "assunto": "Parecer Jur\u00eddico - Dispensa - Material Gr\u00e1fico (pasta para arquivo + carimbos)"}, {"id": "8334", "ano": "2024", "numero": "129", "tipo__sigla": "OFEXP", "tipo__descricao": "Of\u00edcio Expedido", "assunto": "Encaminhamento de projetos aprovados na 27\u00aa reuni\u00e3o ordin\u00e1ria"}, {"id": "8357", "ano": "2024", "numero": "129", "tipo__sigla": "PARE", "tipo__descricao": "PARECER", "assunto": "Parecer Jur\u00eddico - Denomina\u00e7\u00e3o de Logradouro p\u00fablico - Manoel Ger\u00f4nimo"}, {"id": "8345", "ano": "2024", "numero": "130", "tipo__sigla": "OFEXP", "tipo__descricao": "Of\u00edcio Expedido", "assunto": "Encaminha c\u00f3pias dos holerites da servidora p\u00fablica Mar\u00edlia de Oliveira  Moura - Comiss\u00e3o de Servi\u00e7os P\u00fablicos"}, {"id": "8359", "ano": "2024", "numero": "130", "tipo__sigla": "PARE", "tipo__descricao": "PARECER", "assunto": "Parecer Jur\u00eddico - Projeto de Lei Ordin\u00e1rio do Legislativo n\u00ba 14 - 2024 - Ab roga a Lei 1.548 - 2021"}, {"id": "8346", "ano": "2024", "numero": "131", "tipo__sigla": "OFEXP", "tipo__descricao": "Of\u00edcio Expedido", "assunto": "Convoca\u00e7\u00e3o servidor Felipe Tom\u00e9 Mota e Silva"}, {"id": "8368", "ano": "2024", "numero": "131", "tipo__sigla": "PARE", "tipo__descricao": "PARECER", "assunto": "Parecer Jur\u00eddico - Projeto de Lei Ordin\u00e1ria n\u00ba 70 - 2024 - Lei Or\u00e7ament\u00e1ria Anual para o Exerc\u00edcio Financeiro de 2025."}, {"id": "8347", "ano": "2024", "numero": "132", "tipo__sigla": "OFEXP", "tipo__descricao": "Of\u00edcio Expedido", "assunto": "Solicita ao setor de Tributa\u00e7\u00e3o a emiss\u00e3o de guia de IRRF referente a folha de agosto de 2024"}, {"id": "8369", "ano": "2024", "numero": "132", "tipo__sigla": "PARE", "tipo__descricao": "PARECER", "assunto": "Parecer Jur\u00eddico - Projeto de Lei Complementar n\u00ba 05 - 2024 - Altera o Estatuto dos Servidores P\u00fablicos Municipais."}, {"id": "8348", "ano": "2024", "numero": "133", "tipo__sigla": "OFEXP", "tipo__descricao": "Of\u00edcio Expedido", "assunto": "Solicita que seja emitida guia de pagamento referente aos rendimentos de aplica\u00e7\u00e3o auferidos no m\u00eas de agosto de 2024"}, {"id": "8379", "ano": "2024", "numero": "133", "tipo__sigla": "PARE", "tipo__descricao": "PARECER", "assunto": "Parecer Jur\u00eddico - Presta\u00e7\u00e3o de contas do exerc\u00edcio financeiro de 2020."}, {"id": "8349", "ano": "2024", "numero": "134", "tipo__sigla": "OFEXP", "tipo__descricao": "Of\u00edcio Expedido", "assunto": "Solicita ao setor de Tributa\u00e7\u00e3o que seja emitida guia de pagamento referente a IRRF dos fornecedores do m\u00eas de agosto"}, {"id": "8380", "ano": "2024", "numero": "134", "tipo__sigla": "PARE", "tipo__descricao": "PARECER", "assunto": "Parecer Jur\u00eddico - Licita\u00e7\u00e3o - Material de inform\u00e1tica - \u00e1udio + V\u00eddeo."}, {"id": "8353", "ano": "2024", "numero": "135", "tipo__sigla": "OFEXP", "tipo__descricao": "Of\u00edcio Expedido", "assunto": "Informa que ser\u00e1 necess\u00e1rio o reenvio do sicom do m\u00eas de julho de 2024"}, {"id": "8381", "ano": "2024", "numero": "135", "tipo__sigla": "PARE", "tipo__descricao": "PARECER", "assunto": "Parecer Jur\u00eddico - Plano de Sa\u00fade - Preg\u00e3o Presencial."}, {"id": "8374", "ano": "2024", "numero": "136", "tipo__sigla": "OFEXP", "tipo__descricao": "Of\u00edcio Expedido", "assunto": "Encaminhamento de projetos aprovados na 29\u00aa reuni\u00e3o ordin\u00e1ria"}, {"id": "8388", "ano": "2024", "numero": "136", "tipo__sigla": "PARE", "tipo__descricao": "PARECER", "assunto": "Parecer cont\u00e1bil solicitado em of\u00edcio da Comiss\u00e3o de Servi\u00e7os P\u00fablicos para an\u00e1lise dos holerites da servidora Mar\u00edlia Moura"}, {"id": "8389", "ano": "2024", "numero": "137", "tipo__sigla": "PARE", "tipo__descricao": "PARECER", "assunto": "Parecer cont\u00e1bil solicitado em of\u00edcio da Comiss\u00e3o de Finan\u00e7as para an\u00e1lise dos holerites da servidora Mar\u00edlia Moura"}, {"id": "8406", "ano": "2024", "numero": "137", "tipo__sigla": "OFEXP", "tipo__descricao": "Of\u00edcio Expedido", "assunto": "Solicita\u00e7\u00e3o de informa\u00e7\u00f5es senhor Osvaldo  de Oliveira Filho"}, {"id": "8391", "ano": "2024", "numero": "138", "tipo__sigla": "PARE", "tipo__descricao": "PARECER", "assunto": "Parecer Jur\u00eddico - Resposta ao oficio da comiss\u00e3o de servi\u00e7o p\u00fablico - Holerites 2017 a 2020 - Servidora Mar\u00edlia Moura"}, {"id": "8407", "ano": "2024", "numero": "138", "tipo__sigla": "OFEXP", "tipo__descricao": "Of\u00edcio Expedido", "assunto": "Solicita que seja adicionado saldo or\u00e7ament\u00e1rio em ficha e anulado saldo"}, {"id": "8393", "ano": "2024", "numero": "139", "tipo__sigla": "PARE", "tipo__descricao": "PARECER", "assunto": "Parecer Jur\u00eddico - Projeto de Lei Ordin\u00e1rio n\u00ba 71 - 2024 - Lei Municipal n\u00ba 1.483 de 10 de maio de 2019."}, {"id": "8408", "ano": "2024", "numero": "139", "tipo__sigla": "OFEXP", "tipo__descricao": "Of\u00edcio Expedido", "assunto": "Solicita ao setor de tributa\u00e7\u00e3o que seja emitida guia de pagamento de IRRF do m\u00eas de setembro"}, {"id": "8397", "ano": "2024", "numero": "140", "tipo__sigla": "PARE", "tipo__descricao": "PARECER", "assunto": "Parecer Jur\u00eddico - Projeto de Lei Ordin\u00e1rio do Legislativo - Possibilita a cria\u00e7\u00e3o do di\u00e1rio oficial do Legislativo"}, {"id": "8409", "ano": "2024", "numero": "140", "tipo__sigla": "OFEXP", "tipo__descricao": "Of\u00edcio Expedido", "assunto": "Solicita regulariza\u00e7\u00e3o do im\u00f3vel da C\u00e2mara Municipal"}, {"id": "8410", "ano": "2024", "numero": "141", "tipo__sigla": "OFEXP", "tipo__descricao": "Of\u00edcio Expedido", "assunto": "Solicita que seja emitida guia referente aos rendimentos de aplica\u00e7\u00e3o auferidos no m\u00eas de setembro de 2024"}, {"id": "8417", "ano": "2024", "numero": "141", "tipo__sigla": "PARE", "tipo__descricao": "PARECER", "assunto": "Parecer Jur\u00eddico - Dispensa em raz\u00e3o do valor - Seguro carro da C\u00e2mara."}, {"id": "8411", "ano": "2024", "numero": "142", "tipo__sigla": "OFEXP", "tipo__descricao": "Of\u00edcio Expedido", "assunto": "Solicita que seja emitida guia de IRRF referente a folha mensal do m\u00eas de setembro de 2024"}, {"id": "8429", "ano": "2024", "numero": "142", "tipo__sigla": "PARE", "tipo__descricao": "PARECER", "assunto": "Parecer Jur\u00eddico - Projeto de Lei Complementar n\u00ba 07 - 2024 - Altera o Estatuto e o Plano de Cargos e Sal\u00e1rios do Executivo."}, {"id": "8412", "ano": "2024", "numero": "143", "tipo__sigla": "OFEXP", "tipo__descricao": "Of\u00edcio Expedido", "assunto": "Suspende as f\u00e9rias do procurador Legislativo no dia 02 de outubro de 2024- Supremacia do interesse p\u00fablico"}, {"id": "8430", "ano": "2024", "numero": "143", "tipo__sigla": "PARE", "tipo__descricao": "PARECER", "assunto": "Parecer Jur\u00eddico - Dispensa - Quadro para galeria de presidentes da C\u00e2mara."}, {"id": "8413", "ano": "2024", "numero": "144", "tipo__sigla": "OFEXP", "tipo__descricao": "Of\u00edcio Expedido", "assunto": "Encaminha indica\u00e7\u00f5es 15 e 16 e requerimento 02 do vereador Luiz Felipe Mendon\u00e7a Rodrigues"}, {"id": "8431", "ano": "2024", "numero": "144", "tipo__sigla": "PARE", "tipo__descricao": "PARECER", "assunto": "Parecer jur\u00eddico - Dispensa - Produtos de Limpeza e higiene."}, {"id": "8415", "ano": "2024", "numero": "145", "tipo__sigla": "OFEXP", "tipo__descricao": "Of\u00edcio Expedido", "assunto": "Encaminha projeto de projeto aprovado na 31\u00aa reuni\u00e3o ordin\u00e1ria"}, {"id": "8432", "ano": "2024", "numero": "145", "tipo__sigla": "PARE", "tipo__descricao": "PARECER", "assunto": "Parecer jur\u00eddico - Projeto de Lei Ordin\u00e1ria n\u00ba 47 - 2022 - Cria o conselho da assist\u00eancia social."}, {"id": "8416", "ano": "2024", "numero": "146", "tipo__sigla": "OFEXP", "tipo__descricao": "Of\u00edcio Expedido", "assunto": "Encaminha reda\u00e7\u00e3o final e lei promulgado"}, {"id": "8433", "ano": "2024", "numero": "146", "tipo__sigla": "PARE", "tipo__descricao": "PARECER", "assunto": "Parecer jur\u00eddico - Projeto de Lei Complementar n\u00ba 08 - 2024 - Cria o cargo de auxiliar de desenvolvimento infantil e reduz o n\u00famero de cargos de professor de educa\u00e7\u00e3o infantil"}, {"id": "8421", "ano": "2024", "numero": "147", "tipo__sigla": "OFEXP", "tipo__descricao": "Of\u00edcio Expedido", "assunto": "Informa que fica deferida a solicita\u00e7\u00e3o dos vereadores de altera\u00e7\u00e3o da reuni\u00e3o ordin\u00e1ria para o dia 07 de outubro de 2024"}, {"id": "8442", "ano": "2024", "numero": "147", "tipo__sigla": "PARE", "tipo__descricao": "PARECER", "assunto": "Parecer Jur\u00eddico - Curso - Vereador - Estrat\u00e9gia pra aprecia\u00e7\u00e3o e planejamento do or\u00e7amento municipal e as cautelas do \u00faltimo ano de  mandato"}, {"id": "8423", "ano": "2024", "numero": "148", "tipo__sigla": "OFEXP", "tipo__descricao": "Of\u00edcio Expedido", "assunto": "Solicita altera\u00e7\u00e3o do plano de contrata\u00e7\u00f5es para incluir bobinas de ponto eletr\u00f4nico"}, {"id": "8472", "ano": "2024", "numero": "148", "tipo__sigla": "PARE", "tipo__descricao": "PARECER", "assunto": "Parecer Jur\u00eddico - Curso - Vereadores - Planejamento estrat\u00e9gico municipal, encerramento e transi\u00e7\u00e3o respons\u00e1vel de mandatos."}, {"id": "8424", "ano": "2024", "numero": "149", "tipo__sigla": "OFEXP", "tipo__descricao": "Of\u00edcio Expedido", "assunto": "solicita altera\u00e7\u00e3o do hor\u00e1rio de trabalho do servidor Ruiter Silva de Oliveira no dia 08 de outubro de 2024"}, {"id": "8482", "ano": "2024", "numero": "149", "tipo__sigla": "PARE", "tipo__descricao": "PARECER", "assunto": "Parecer Jur\u00eddico - Projeto de Lei Ordin\u00e1rio do Legislativo n\u00ba 17 - 2024 - Insere aulas de educa\u00e7\u00e3o de tr\u00e2nsito na grade curricular municipal."}, {"id": "8427", "ano": "2024", "numero": "150", "tipo__sigla": "OFEXP", "tipo__descricao": "Of\u00edcio Expedido", "assunto": "Solicita que seja adicionado saldo em ficha or\u00e7ament\u00e1ria e anulado saldo em ficha or\u00e7ament\u00e1ria"}, {"id": "8516", "ano": "2024", "numero": "150", "tipo__sigla": "PARE", "tipo__descricao": "PARECER", "assunto": "Parecer Jur\u00eddico - Projeto de Lei Ordin\u00e1ria n\u00ba 72 - 2024 - Cess\u00e3o de uso de bem p\u00fablico."}, {"id": "8441", "ano": "2024", "numero": "151", "tipo__sigla": "OFEXP", "tipo__descricao": "Of\u00edcio Expedido", "assunto": "Encaminhamento de proposi\u00e7\u00f5es aprovadas na 32\u00aa reuni\u00e3o ordin\u00e1ria"}, {"id": "8517", "ano": "2024", "numero": "151", "tipo__sigla": "PARE", "tipo__descricao": "PARECER", "assunto": "Parecer Jur\u00eddico - Projeto de Lei Ordin\u00e1ria n\u00ba 73 - 2024 - Desafeta\u00e7\u00e3o + Revers\u00e3o."}, {"id": "8444", "ano": "2024", "numero": "152", "tipo__sigla": "OFEXP", "tipo__descricao": "Of\u00edcio Expedido", "assunto": "Resposta \u00e0 indica\u00e7\u00e3o n\u00ba 015 do vereador Luiz Felipe Mendon\u00e7a Rodrigues"}, {"id": "8521", "ano": "2024", "numero": "152", "tipo__sigla": "PARE", "tipo__descricao": "PARECER", "assunto": "Parecer Jur\u00eddico - Projeto de Lei n\u00ba 75 - 2024 - Abertura de Cr\u00e9dito Adicional Especial - Excesso de Arrecada\u00e7\u00e3o - R$ 318.000.00 (trezentos e dezoito mil reais)"}, {"id": "8446", "ano": "2024", "numero": "153", "tipo__sigla": "OFEXP", "tipo__descricao": "Of\u00edcio Expedido", "assunto": "Solicita que seja desconsiderado of\u00edcio n\u00famero 150- suplementa\u00e7\u00e3o de saldo em ficha e anula\u00e7\u00e3o de saldo em ficha"}, {"id": "8524", "ano": "2024", "numero": "153", "tipo__sigla": "PARE", "tipo__descricao": "PARECER", "assunto": "Parecer Jur\u00eddico - Licita\u00e7\u00e3o - Dispensa - Aquisi\u00e7\u00e3o de placas de identifica\u00e7\u00e3o de sala e de inaugura\u00e7\u00e3o."}, {"id": "8456", "ano": "2024", "numero": "154", "tipo__sigla": "OFEXP", "tipo__descricao": "Of\u00edcio Expedido", "assunto": "Encaminha proposi\u00e7\u00f5es aprovadas na 33\u00aa reuni\u00e3o ordin\u00e1ria"}, {"id": "8533", "ano": "2024", "numero": "154", "tipo__sigla": "PARE", "tipo__descricao": "PARECER", "assunto": "Parecer Jur\u00eddico - Licita\u00e7\u00e3o - Dispensa - M\u00f3veis planejados."}, {"id": "8462", "ano": "2024", "numero": "155", "tipo__sigla": "OFEXP", "tipo__descricao": "Of\u00edcio Expedido", "assunto": "Solicita que excepcionalmente na data de 31 de outubro de 2024 seja considerado hor\u00e1rio diverso para o servidor Ruiter Silva de Oliveira"}, {"id": "8534", "ano": "2024", "numero": "155", "tipo__sigla": "PARE", "tipo__descricao": "PARECER", "assunto": "Parecer Jur\u00eddico - Curso - Inexigibilidade - Servidores - Contrata\u00e7\u00e3o Direta: Dispensa, Inexigibilidade e pequenas compras na pr\u00e1tica."}, {"id": "8466", "ano": "2024", "numero": "156", "tipo__sigla": "OFEXP", "tipo__descricao": "Of\u00edcio Expedido", "assunto": "Encaminhamento de proposi\u00e7\u00f5es aprovadas na 34\u00aa reuni\u00e3o ordin\u00e1ria"}, {"id": "8535", "ano": "2024", "numero": "156", "tipo__sigla": "PARE", "tipo__descricao": "PARECER", "assunto": "Parecer Jur\u00eddico - Dispensa - Contrata\u00e7\u00e3o de empresa que prestar\u00e1 servi\u00e7o de decora\u00e7\u00e3o e buffet."}, {"id": "8473", "ano": "2024", "numero": "157", "tipo__sigla": "OFEXP", "tipo__descricao": "Of\u00edcio Expedido", "assunto": "Informa sobre as suspens\u00f5es de f\u00e9rias do procurador legislativo"}, {"id": "8536", "ano": "2024", "numero": "157", "tipo__sigla": "PARE", "tipo__descricao": "PARECER", "assunto": "Parecer Jur\u00eddico - Projeto de Lei Ordin\u00e1ria n\u00ba 76 - 2024 - Abertura de Cr\u00e9dito Adicional Especial - Excesso de Arrecada\u00e7\u00e3o - R$ 160.000,00 (cento e sessenta mil)."}, {"id": "8474", "ano": "2024", "numero": "158", "tipo__sigla": "OFEXP", "tipo__descricao": "Of\u00edcio Expedido", "assunto": "Solicita que seja emitida guia de pagamento de pagamento referente ao IRRF do m\u00eas de outubro de 2024"}, {"id": "8551", "ano": "2024", "numero": "158", "tipo__sigla": "PARE", "tipo__descricao": "PARECER", "assunto": "Parecer Jur\u00eddico - Licita\u00e7\u00e3o - Dispensa - Aquisi\u00e7\u00e3o de Poltronas e Cadeiras."}, {"id": "8475", "ano": "2024", "numero": "159", "tipo__sigla": "OFEXP", "tipo__descricao": "Of\u00edcio Expedido", "assunto": "Solicita ao setor de tributa\u00e7\u00e3o que seja emitida guia de pagamento de IRRF referente a folha mensal do m\u00eas de outubro de 2024"}, {"id": "8557", "ano": "2024", "numero": "159", "tipo__sigla": "PARE", "tipo__descricao": "PARECER", "assunto": "Parecer Jur\u00eddico - Dispensa - 1 Mesa com 8 Cadeiras."}, {"id": "8476", "ano": "2024", "numero": "160", "tipo__sigla": "OFEXP", "tipo__descricao": "Of\u00edcio Expedido", "assunto": "Solicita que seja emitida uma guia de pagamento referente aos rendimentos de aplica\u00e7\u00e3o referentes ao m\u00eas de outubro de 2024"}, {"id": "8570", "ano": "2024", "numero": "160", "tipo__sigla": "PARE", "tipo__descricao": "PARECER", "assunto": "Parecer Jur\u00eddico - Veto - Projeto de Lei Complementar n\u00ba 07 - 2024."}, {"id": "8481", "ano": "2024", "numero": "161", "tipo__sigla": "OFEXP", "tipo__descricao": "Of\u00edcio Expedido", "assunto": "Solicita que seja adicionado saldo or\u00e7ament\u00e1rio em ficha e anulado saldo em ficha"}, {"id": "8571", "ano": "2024", "numero": "161", "tipo__sigla": "PARE", "tipo__descricao": "PARECER", "assunto": "Parecer Jur\u00eddico - Projeto de Lei Ordin\u00e1rio n 63 - 2024 - Permuta de bem p\u00fablico."}, {"id": "8493", "ano": "2024", "numero": "162", "tipo__sigla": "OFEXP", "tipo__descricao": "Of\u00edcio Expedido", "assunto": "Encaminha proposi\u00e7\u00e3o aprovada na 35\u00aa reuni\u00e3o ordin\u00e1ria"}, {"id": "8573", "ano": "2024", "numero": "162", "tipo__sigla": "PARE", "tipo__descricao": "PARECER", "assunto": "Parecer Jur\u00eddico - Dispensa - Fog\u00e3o e Geladeira"}, {"id": "8497", "ano": "2024", "numero": "163", "tipo__sigla": "OFEXP", "tipo__descricao": "Of\u00edcio Expedido", "assunto": "Encaminha parecer jur\u00eddico"}, {"id": "8574", "ano": "2024", "numero": "163", "tipo__sigla": "PARE", "tipo__descricao": "PARECER", "assunto": "Parecer Jur\u00eddico - Dispensa - Aquisi\u00e7\u00e3o de Ar-Condicionado."}, {"id": "8522", "ano": "2024", "numero": "164", "tipo__sigla": "OFEXP", "tipo__descricao": "Of\u00edcio Expedido", "assunto": "Solicita\u00e7\u00e3o de curso Belo Horizonte (26 de Novembro de 2024)"}, {"id": "8590", "ano": "2024", "numero": "164", "tipo__sigla": "PARE", "tipo__descricao": "PARECER", "assunto": "Parecer Jur\u00eddico - Preg\u00e3o Presencial - Aquisi\u00e7\u00e3o de Ve\u00edculo Automotor."}, {"id": "8526", "ano": "2024", "numero": "165", "tipo__sigla": "OFEXP", "tipo__descricao": "Of\u00edcio Expedido", "assunto": "Requisita que o senhor Cleber de Brito cumpra horas extras extraordin\u00e1rias para suprir demanda para efetivo envio do SICOM"}, {"id": "8594", "ano": "2024", "numero": "165", "tipo__sigla": "PARE", "tipo__descricao": "PARECER", "assunto": "Parecer jur\u00eddico - Projeto de Lei Ordin\u00e1ria n 77 - 2024 - Aumenta a margem de suplementa\u00e7\u00e3o no or\u00e7amento de 10% para 15%."}, {"id": "8527", "ano": "2024", "numero": "166", "tipo__sigla": "OFEXP", "tipo__descricao": "Of\u00edcio Expedido", "assunto": "Solicita inclus\u00f5es no processo de obra da C\u00e2mara Municipal de Santana da Vargem"}, {"id": "8595", "ano": "2024", "numero": "166", "tipo__sigla": "PARE", "tipo__descricao": "PARECER", "assunto": "Parecer Jur\u00eddico - Projeto de Resolu\u00e7\u00e3o do Legislativo - 02 - 2024 - Cria o Di\u00e1rio Oficial do Legislativo Municipal."}, {"id": "8530", "ano": "2024", "numero": "167", "tipo__sigla": "OFEXP", "tipo__descricao": "Of\u00edcio Expedido", "assunto": "Responde of\u00edcio 19/2024 da controladoria interna"}, {"id": "8599", "ano": "2024", "numero": "167", "tipo__sigla": "PARE", "tipo__descricao": "PARECER", "assunto": "Parecer Jur\u00eddico - Dispensa - Produtos de Panifica\u00e7\u00e3o."}, {"id": "8539", "ano": "2024", "numero": "168", "tipo__sigla": "OFEXP", "tipo__descricao": "Of\u00edcio Expedido", "assunto": "Encaminha proposi\u00e7\u00e3o aprovada na 37\u00aa reuni\u00e3o ordin\u00e1ria"}, {"id": "8600", "ano": "2024", "numero": "168", "tipo__sigla": "PARE", "tipo__descricao": "PARECER", "assunto": "Parecer Jur\u00eddico - Dispensa - Bobina para o Ponto eletr\u00f4nico."}, {"id": "8558", "ano": "2024", "numero": "169", "tipo__sigla": "OFEXP", "tipo__descricao": "Of\u00edcio Expedido", "assunto": "Resposta - solicita\u00e7\u00e3o Silmara - Licita\u00e7\u00f5es do ano de 2024."}, {"id": "8601", "ano": "2024", "numero": "169", "tipo__sigla": "PARE", "tipo__descricao": "PARECER", "assunto": "Parecer Jur\u00eddico - Projeto de Lei Ordin\u00e1ria - 74 - 2024 - Crit\u00e9rios para promo\u00e7\u00e3o e estabilidade dos Servidores P\u00fablicos do Executivo."}, {"id": "8579", "ano": "2024", "numero": "170", "tipo__sigla": "OFEXP", "tipo__descricao": "Of\u00edcio Expedido", "assunto": "Solicita que seja anulado saldo em fichas or\u00e7ament\u00e1rias e adicionado saldo em fichas"}, {"id": "8610", "ano": "2024", "numero": "170", "tipo__sigla": "PARE", "tipo__descricao": "PARECER", "assunto": "Parecer Jur\u00eddico - Dispensa - Persiana"}, {"id": "8580", "ano": "2024", "numero": "171", "tipo__sigla": "OFEXP", "tipo__descricao": "Of\u00edcio Expedido", "assunto": "Solicita ao setor de tributa\u00e7\u00e3o que seja emitida guia de IRRF referente a folha mensal do m\u00eas de novembro"}, {"id": "8629", "ano": "2024", "numero": "171", "tipo__sigla": "PARE", "tipo__descricao": "PARECER", "assunto": "Parecer Jur\u00eddico - Cart\u00f3rio"}, {"id": "8581", "ano": "2024", "numero": "172", "tipo__sigla": "OFEXP", "tipo__descricao": "Of\u00edcio Expedido", "assunto": "Solicita ao setor de tributa\u00e7\u00e3o que seja emitida uma guia de pagamento de IRR do m\u00eas de novembro de fornecedores"}, {"id": "8630", "ano": "2024", "numero": "172", "tipo__sigla": "PARE", "tipo__descricao": "PARECER", "assunto": "Parecer Jur\u00eddico - Placas de mo\u00e7\u00e3o de aplauso"}, {"id": "8583", "ano": "2024", "numero": "173", "tipo__sigla": "OFEXP", "tipo__descricao": "Of\u00edcio Expedido", "assunto": "Encaminha proposi\u00e7\u00e3o rejeitada na 38\u00aa reuni\u00e3o ordin\u00e1ria"}, {"id": "8631", "ano": "2024", "numero": "173", "tipo__sigla": "PARE", "tipo__descricao": "PARECER", "assunto": "Parecer Jur\u00eddico - Dispensa - Certificado digital"}, {"id": "8596", "ano": "2024", "numero": "174", "tipo__sigla": "OFEXP", "tipo__descricao": "Of\u00edcio Expedido", "assunto": "Encaminha proposi\u00e7\u00f5es aprovadas na 40\u00aa reuni\u00e3o ordin\u00e1ria"}, {"id": "8632", "ano": "2024", "numero": "174", "tipo__sigla": "PARE", "tipo__descricao": "PARECER", "assunto": "Parecer Jur\u00eddico - Dispensa - Contrata\u00e7\u00e3o de empresa especializada em seguran\u00e7a do trabalho"}, {"id": "8608", "ano": "2024", "numero": "175", "tipo__sigla": "OFEXP", "tipo__descricao": "Of\u00edcio Expedido", "assunto": "Encaminha objetos que sofrer\u00e3o baixa de patrim\u00f4nio da C\u00e2mara Municipal de Santana da Vagem"}, {"id": "8635", "ano": "2024", "numero": "175", "tipo__sigla": "PARE", "tipo__descricao": "PARECER", "assunto": "Parecer Jur\u00eddico - Realinhamento de pre\u00e7o - Gasolina."}, {"id": "8611", "ano": "2024", "numero": "176", "tipo__sigla": "OFEXP", "tipo__descricao": "Of\u00edcio Expedido", "assunto": "Solicita cota\u00e7\u00e3o para contrata\u00e7\u00e3o de empresa especializada na realiza\u00e7\u00e3o de concurso p\u00fablico para o cargo de Auxiliar Administrativo."}, {"id": "8636", "ano": "2024", "numero": "176", "tipo__sigla": "PARE", "tipo__descricao": "PARECER", "assunto": "Parecer Jur\u00eddico - P\u00f3s-Preg\u00e3o - Aquisi\u00e7\u00e3o de Ve\u00edculo."}, {"id": "8626", "ano": "2024", "numero": "177", "tipo__sigla": "OFEXP", "tipo__descricao": "Of\u00edcio Expedido", "assunto": "Encaminhamento do resultado das delibera\u00e7\u00f5es das reuni\u00f5es 41\u00aa ordin\u00e1ria e 7\u00aa extraordin\u00e1ria"}, {"id": "8627", "ano": "2024", "numero": "178", "tipo__sigla": "OFEXP", "tipo__descricao": "Of\u00edcio Expedido", "assunto": "encaminhamento de resolu\u00e7\u00e3o promulgada"}, {"id": "8633", "ano": "2024", "numero": "179", "tipo__sigla": "OFEXP", "tipo__descricao": "Of\u00edcio Expedido", "assunto": "Informe de valores de IRRF do m\u00eas de dezembro de 2024 e devolu\u00e7\u00f5es que foram transferidos para a conta da Prefeitura Municipal."}, {"id": "8638", "ano": "2025", "numero": "1", "tipo__sigla": "AAPOS", "tipo__descricao": "Atas de audi\u00eancia p\u00fablica e outras sess\u00f5es", "assunto": "Ata da Sess\u00e3o de Instala\u00e7\u00e3o da C\u00e2mara Municipal de Santana da Vargem da 16\u00aa Legislatura do ano de 2025"}, {"id": "8639", "ano": "2025", "numero": "1", "tipo__sigla": "OFEXP", "tipo__descricao": "Of\u00edcio Expedido", "assunto": "Encaminha a ata de instala\u00e7\u00e3o da 16\u00aa legislatura da C\u00e2mara Municipal de Santana da Vargem."}, {"id": "8640", "ano": "2025", "numero": "1", "tipo__sigla": "OR", "tipo__descricao": "OF\u00cdCIOS RECEBIDOS", "assunto": "Solicita que seja encaminhado ao Executivo Municipal, no prazo de 48 horas a rela\u00e7\u00e3o aos projetos de lei em tr\u00e2mite no legislativo"}, {"id": "8641", "ano": "2025", "numero": "1", "tipo__sigla": "PARE", "tipo__descricao": "PARECER", "assunto": "Parecer Jur\u00eddico - Projeto de Lei Ordin\u00e1ria n. 01 - 2025 - Revis\u00e3o Geral Anual dos Servidores do Executivo."}, {"id": "8644", "ano": "2025", "numero": "1", "tipo__sigla": "DPA", "tipo__descricao": "Documento de Processo Administrativo", "assunto": "Solicita prorroga\u00e7\u00e3o de prazo para a execu\u00e7\u00e3o da obra - processo 22/2024 / concorr\u00eancia 01/2024"}, {"id": "8646", "ano": "2025", "numero": "1", "tipo__sigla": "AT", "tipo__descricao": "ATESTADO", "assunto": "Atestado de sa\u00fade ocupacional (ASO), Rafael Teixeira Nogueira, admissional, 07/01/2025"}, {"id": "8648", "ano": "2025", "numero": "1", "tipo__sigla": "REV", "tipo__descricao": "Relat\u00f3rios de rodagem do ve\u00edculo e outros", "assunto": "Tr\u00eas Pontas- 03/01/2025"}, {"id": "8651", "ano": "2025", "numero": "1", "tipo__sigla": "DEC", "tipo__descricao": "Declara\u00e7\u00e3o", "assunto": "Declara\u00e7\u00e3o de bens e valores Rafael Teixeira Nogueira- exerc\u00edcio 2024"}, {"id": "8652", "ano": "2025", "numero": "1", "tipo__sigla": "CERTD", "tipo__descricao": "CERTID\u00c3O", "assunto": "Declara\u00e7\u00e3o de \u00f3bito Jo\u00e3o Delcidio"}, {"id": "8653", "ano": "2025", "numero": "1", "tipo__sigla": "DD", "tipo__descricao": "Documentos da Diretoria", "assunto": "Encaminha a solicita\u00e7\u00e3o de fornecimento 144/2024 e solicita\u00e7\u00e3o de fornecimento 151/2024"}, {"id": "8660", "ano": "2025", "numero": "1", "tipo__sigla": "ODC", "tipo__descricao": "Of\u00edcio/documento Cont\u00e1bil", "assunto": "Devolu\u00e7\u00e3o do duod\u00e9cimo exerc\u00edcio 2024"}, {"id": "8663", "ano": "2025", "numero": "1", "tipo__sigla": "ARO", "tipo__descricao": "ATAS DAS REUNI\u00d5ES ORDIN\u00c1RIAS", "assunto": "Ata da 1\u00aa Sess\u00e3o ordin\u00e1ria da 1\u00aa sess\u00e3o legislativa da 16\u00aa legislatura"}, {"id": "8670", "ano": "2025", "numero": "1", "tipo__sigla": "MEM", "tipo__descricao": "Memorando", "assunto": "Encaminha relat\u00f3rio contendo informa\u00e7\u00f5es sobre os projetos de lei que estavam em tramita\u00e7\u00e3o durante a legislatura de 2021 a 2024 e n\u00e3o foram apreciados por esta Casa Legislativa"}, {"id": "8672", "ano": "2025", "numero": "1", "tipo__sigla": "CERT", "tipo__descricao": "CERTIFICADO", "assunto": "A Escola Nacional de Administra\u00e7\u00e3o P\u00fablica- ENAP certifica que Larissa Oliveira Naves concluiu o curso Contrata\u00e7\u00f5es Diretas na Nova Lei de Licita\u00e7\u00f5es (Turma Jan/2025), com carga hor\u00e1ria de 30 horas, in\u00edcio em 14/01/2025, t\u00e9rmino em 17/01/2025"}, {"id": "8685", "ano": "2025", "numero": "1", "tipo__sigla": "OCI", "tipo__descricao": "Of\u00edcios da Controladoria Interna", "assunto": "OF\u00cdCIO DA CONTROLADORIA INTERNA N.\u00ba 01/2025\r\nSantana da Vargem, 22 de janeiro de 2025.\r\nASSUNTO: Recomenda\u00e7\u00e3o sobre o cumprimento da Resolu\u00e7\u00e3o n.\u00ba 10/2008 \u2013 Regimento Interno da C\u00e2mara Municipal de Santana da Vargem.\r\n\r\n\u00c0  Excelent\u00edssima Sra. Bruna Renata Teodoro Silva, \r\n\r\nA Controladoria Interna, no exerc\u00edcio de suas atribui\u00e7\u00f5es e cumprindo o dever de zelar pela legalidade, legitimidade, economicidade e efici\u00eancia dos atos administrativos, vem respeitosamente RECOMENDAR a Vossa Excel\u00eancia que oriente as Comiss\u00f5es Permanentes para que seja garantido o cumprimento do Regimento Interno apresentando as atas das reuni\u00f5es realizadas. Tal medida \u00e9 fundamental para assegurar a transpar\u00eancia e a regularidade das atividades legislativas, em aten\u00e7\u00e3o \u00e0s compet\u00eancias conferidas \u00e0 Presid\u00eancia pelo artigo 30, incisos XIII e XXI, da Resolu\u00e7\u00e3o n\u00ba 010, de 16 de dezembro de 2008, que assim disp\u00f5e:"}, {"id": "8686", "ano": "2025", "numero": "1", "tipo__sigla": "RCI", "tipo__descricao": "Relat\u00f3rios da Controladoria Interna", "assunto": "Relatorio Anual da Controladoria referente ao periodo de 01/01/2024 a 31/12/2024"}, {"id": "8690", "ano": "2025", "numero": "1", "tipo__sigla": "JUST", "tipo__descricao": "Justificativas", "assunto": "Autoriza\u00e7\u00e3o para jornada divergente Ruiter Silva de Oliveira 27/01/2025"}, {"id": "8726", "ano": "2025", "numero": "1", "tipo__sigla": "OFP", "tipo__descricao": "Of\u00edcio da Procuradoria", "assunto": "Of\u00edcio n. 01 - 2025 da Procuradoria - Resposta ao of\u00edcio n. 04 - 2025 da Contabilidade - Renova\u00e7\u00e3o de Conv\u00eanio da Caixa"}, {"id": "8727", "ano": "2025", "numero": "1", "tipo__sigla": "OVC", "tipo__descricao": "Of\u00edcio de Vereador/Comiss\u00e3o", "assunto": "Requer a disponibiliza\u00e7\u00e3o de ve\u00edculo oficial para viagem ao munic\u00edpio de Alfenas"}, {"id": "8733", "ano": "2025", "numero": "1", "tipo__sigla": "DI", "tipo__descricao": "Di\u00e1rias e documentos relativos", "assunto": "Relat\u00f3rio de presta\u00e7\u00e3o de contas de viagem oficial - sem solicita\u00e7\u00e3o ou uso de di\u00e1rias"}, {"id": "8743", "ano": "2025", "numero": "1", "tipo__sigla": "DMP", "tipo__descricao": "Documentos de tribunais e do Minist\u00e9rio P\u00fablico", "assunto": "Inqu\u00e9rito Civil n\u00ba 03.136.064.0073197.2024-85 - Poss\u00edvel Nepotismo"}, {"id": "8756", "ano": "2025", "numero": "1", "tipo__sigla": "DDCI", "tipo__descricao": "Documentos Diversos da Controladoria Interna", "assunto": "Relat\u00f3rio de Execu\u00e7\u00e3o Or\u00e7ament\u00e1ria e Financeira - Balancete dez/2024"}, {"id": "8768", "ano": "2025", "numero": "1", "tipo__sigla": "DRF", "tipo__descricao": "Documentos Relativos a F\u00e9rias", "assunto": "Solicita concess\u00e3o de 10 (dez) dias de f\u00e9rias, referentes ao per\u00edodo aquisitivo em aberto, nos dias 19 a 28 de fevereiro"}, {"id": "8782", "ano": "2025", "numero": "1", "tipo__sigla": "COMDE", "tipo__descricao": "COMUNICADO/DESPACHO", "assunto": "Despacho de arquivamento do projeto de lei ordin\u00e1rio n\u00ba 004/2025 que \"Autoriza o Executivo Municipal a celebrar conv\u00eanio com a Cooperativa de Cr\u00e9dito Poupan\u00e7a e Investimento Espumoso RS, visando a contrata\u00e7\u00e3o pelos agentes p\u00fablicos de consigna\u00e7\u00e3o em cr\u00e9dito"}, {"id": "8797", "ano": "2025", "numero": "1", "tipo__sigla": "REDF", "tipo__descricao": "Reda\u00e7\u00e3o Final", "assunto": "Reda\u00e7\u00e3o Final do projeto de lei n\u00ba 0003, de 21 de janeiro de 2025"}, {"id": "8798", "ano": "2025", "numero": "1", "tipo__sigla": "DA", "tipo__descricao": "Documento Avulso", "assunto": "Laudo - Parecer T\u00e9cnico ( Muro de divisa entre a C\u00e2mara Municipal e a Igreja Batista)"}, {"id": "8833", "ano": "2025", "numero": "1", "tipo__sigla": "AREO", "tipo__descricao": "ATAS DAS REUNI\u00d5ES EXTRAORDIN\u00c1RIAS", "assunto": "Ata da 1\u00aa reuni\u00e3o extraordin\u00e1ria da 1\u00aa sess\u00e3o legislativa da 16\u00aa legislatura da C\u00e2mara Municipal de Santana da Vargem"}, {"id": "9034", "ano": "2025", "numero": "1", "tipo__sigla": "CONVE", "tipo__descricao": "Conv\u00eanios", "assunto": "Conv\u00eanio para empr\u00e9stimos com desconto em folha de pagamento - SICREDI"}, {"id": "9061", "ano": "2025", "numero": "1", "tipo__sigla": "OLIC", "tipo__descricao": "Of\u00edcio de Licita\u00e7\u00e3o", "assunto": "Presta esclarecimentos quanto ao of\u00edcio expedido 050/2025"}, {"id": "9093", "ano": "2025", "numero": "1", "tipo__sigla": "CO", "tipo__descricao": "Convite", "assunto": "Convida para apresenta\u00e7\u00e3o do Relat\u00f3rio Anual de A\u00e7\u00f5es - RAA - Emater MG"}, {"id": "9099", "ano": "2025", "numero": "1", "tipo__sigla": "ED", "tipo__descricao": "Edital", "assunto": "Edital de convoca\u00e7\u00e3o de audi\u00eancia p\u00fablica n\u00ba 001/2025"}, {"id": "9113", "ano": "2025", "numero": "1", "tipo__sigla": "IN", "tipo__descricao": "Instru\u00e7\u00e3o Normativa", "assunto": "Disp\u00f5e sobre a concess\u00e3o, fracionamento, suspens\u00e3o e regulamenta\u00e7\u00e3o do gozo de f\u00e9rias para os servidores p\u00fablicos da C\u00e2mara Municipal de Santana da Vargem/MG, conforme o Art. 125 e seus par\u00e1grafos do Estatuto do Servidor P\u00fablico Municipal"}, {"id": "9121", "ano": "2025", "numero": "1", "tipo__sigla": "CTCE", "tipo__descricao": "Correspond\u00eancias do Tribunal de Contas de MG", "assunto": "Comunica que foi emitido parecer pr\u00e9vio sobre as contas do Munic\u00edpio de Santana da Vargem"}, {"id": "9150", "ano": "2025", "numero": "1", "tipo__sigla": "PRC", "tipo__descricao": "PAUTAS DAS REUNI\u00d5ES DAS COMISS\u00d5ES PERMANENTES", "assunto": "Pauta da reuni\u00e3o da Comiss\u00e3o de Educa\u00e7\u00e3o, Sa\u00fade e Assist\u00eancia Social - 12/05/2025"}, {"id": "9369", "ano": "2025", "numero": "1", "tipo__sigla": "ORE", "tipo__descricao": "Outros Relat\u00f3rios", "assunto": "Solicita retirada de tramita\u00e7\u00e3o do Projeto de Lei Complementar n\u00ba 008/2025 que \"Altera a Lei Complementar n\u00ba 22/2022\""}, {"id": "10075", "ano": "2025", "numero": "1", "tipo__sigla": "CHPA", "tipo__descricao": "CHAPA DE COMPOSI\u00c7\u00c3O DA MESA DIRETORA", "assunto": "Requerimento para inscri\u00e7\u00e3o de chapa de elei\u00e7\u00e3o da mesa diretora para o exerc\u00edcio 2026"}, {"id": "8642", "ano": "2025", "numero": "2", "tipo__sigla": "PARE", "tipo__descricao": "PARECER", "assunto": "Resposta ao of\u00edcio da Presid\u00eancia n. 01 - 2025 - Possibilidade da institui\u00e7\u00e3o do sistema de revezamento fora do recesso parlamentar."}, {"id": "8643", "ano": "2025", "numero": "2", "tipo__sigla": "OFEXP", "tipo__descricao": "Of\u00edcio Expedido", "assunto": "Solicita parecer jur\u00eddico sobre a possibilidade de revezamento dos servidores em per\u00edodo sem recesso parlamentar"}, {"id": "8645", "ano": "2025", "numero": "2", "tipo__sigla": "DPA", "tipo__descricao": "Documento de Processo Administrativo", "assunto": "Solicita que a C\u00e2mara Municipal de Santana da Vargem, assuma o INSS que ser\u00e1 devido na aferi\u00e7\u00e3o final da constru\u00e7\u00e3o"}, {"id": "8647", "ano": "2025", "numero": "2", "tipo__sigla": "OR", "tipo__descricao": "OF\u00cdCIOS RECEBIDOS", "assunto": "Encaminha declara\u00e7\u00e3o a fim de integrar o projeto de lei 001/2025"}, {"id": "8649", "ano": "2025", "numero": "2", "tipo__sigla": "REV", "tipo__descricao": "Relat\u00f3rios de rodagem do ve\u00edculo e outros", "assunto": "Santana da Vargem - 03/01/2025"}, {"id": "8656", "ano": "2025", "numero": "2", "tipo__sigla": "DD", "tipo__descricao": "Documentos da Diretoria", "assunto": "Encaminha solicita\u00e7\u00e3o de fornecimento 001/2025"}, {"id": "8679", "ano": "2025", "numero": "2", "tipo__sigla": "ARO", "tipo__descricao": "ATAS DAS REUNI\u00d5ES ORDIN\u00c1RIAS", "assunto": "Ata da 2\u00aa reuni\u00e3o ordin\u00e1ria da 1\u00aa Sess\u00e3o Legislativa da 16\u00aa legislatura da C\u00e2mara Municipal de Santana da Vargem"}, {"id": "8687", "ano": "2025", "numero": "2", "tipo__sigla": "OCI", "tipo__descricao": "Of\u00edcios da Controladoria Interna", "assunto": "OF\u00cdCIO DA CONTROLADORIA INTERNA N.\u00ba 02/2025\r\n\r\n\r\nSantana da Vargem, 23 de janeiro de 2025.\r\nASSUNTO: RELAT\u00d3RIO ANUAL 2024\r\n\r\n\u00c0  Sra. Isabela \r\n\r\nCumprimentando-a cordialmente, venho por meio deste apresentar RELAT\u00d3RIO ANUAL REF. ANO DE 2024,  para seu conhecimento e provid\u00eancias."}, {"id": "8694", "ano": "2025", "numero": "2", "tipo__sigla": "ODC", "tipo__descricao": "Of\u00edcio/documento Cont\u00e1bil", "assunto": "Autoriza\u00e7\u00e3o para levar notebook"}, {"id": "8697", "ano": "2025", "numero": "2", "tipo__sigla": "MEM", "tipo__descricao": "Memorando", "assunto": "Solicita\u00e7\u00e3o de dispensa no per\u00edodo da tarde e compensa\u00e7\u00e3o de horas"}, {"id": "8723", "ano": "2025", "numero": "2", "tipo__sigla": "JUST", "tipo__descricao": "Justificativas", "assunto": "Autoriza\u00e7\u00e3o para jornada divergente - Isabela Louren\u00e7\u00e3o Messias 04/02/2025"}, {"id": "8735", "ano": "2025", "numero": "2", "tipo__sigla": "DI", "tipo__descricao": "Di\u00e1rias e documentos relativos", "assunto": "Requisi\u00e7\u00e3o de di\u00e1rias Rafaela Teixeira Nogueira - 13/02/2025 a 14/02/2025"}, {"id": "8738", "ano": "2025", "numero": "2", "tipo__sigla": "RCI", "tipo__descricao": "Relat\u00f3rios da Controladoria Interna", "assunto": "RELAT\u00d3RIO  DE AUDITORIA INTERNA N.\u00ba 01/2025 \r\nPLANO ANUAL DE AUDITORIA \u2013 FEVEREIRO /2025\r\n\r\n\r\nSantana da Vargem, 06 de fevereiro de 2025.\r\n\r\nAssunto: Auditoria em F\u00e9rias dos servidores;\r\n\u00d3rg\u00e3o Audit\u00e1vel : C\u00e2mara Municipal de Santana da Vargem/MG\r\nPer\u00edodo de Execu\u00e7\u00e3o da Auditoria: 01.02.2024 a 03.02.2025"}, {"id": "8742", "ano": "2025", "numero": "2", "tipo__sigla": "AT", "tipo__descricao": "ATESTADO", "assunto": "Atesta que Wiliane Aparecida Delc\u00eddio doou sangue no servi\u00e7o de hemoterapia no dia 06 de Fevereiro de 2025"}, {"id": "8757", "ano": "2025", "numero": "2", "tipo__sigla": "DDCI", "tipo__descricao": "Documentos Diversos da Controladoria Interna", "assunto": "Relat\u00f3rio de Execu\u00e7\u00e3o Or\u00e7ament\u00e1ria e Financeira - 01/2025"}, {"id": "8777", "ano": "2025", "numero": "2", "tipo__sigla": "DRF", "tipo__descricao": "Documentos Relativos a F\u00e9rias", "assunto": "Aviso de F\u00e9rias Emerson Silva Ara\u00fajo - 19/02/2025 a 28/02/2025, referente ao per\u00edodo aquisitivo de 22/04/2023 a 21/04/2024"}, {"id": "8808", "ano": "2025", "numero": "2", "tipo__sigla": "OVC", "tipo__descricao": "Of\u00edcio de Vereador/Comiss\u00e3o", "assunto": "Reinvindica\u00e7\u00f5es dos moradores do bairro S\u00e3o Domingos"}, {"id": "8826", "ano": "2025", "numero": "2", "tipo__sigla": "REDF", "tipo__descricao": "Reda\u00e7\u00e3o Final", "assunto": "Reda\u00e7\u00e3o final do projeto de lei ordin\u00e1ria do legislativo n\u00ba 03, de 16 de janeiro de 2025"}, {"id": "8943", "ano": "2025", "numero": "2", "tipo__sigla": "OFP", "tipo__descricao": "Of\u00edcio da Procuradoria", "assunto": "Of\u00edcio n. 4 - 2025 - Solicita a Presid\u00eancia e a Diretoria desta Casa Legislativa que pugnem ao Poder Executivo para anexar c\u00f3pia da Lei Municipal n. 1.070/2008, atualizada, ao projeto de Lei n. 32/2025."}, {"id": "9035", "ano": "2025", "numero": "2", "tipo__sigla": "CONVE", "tipo__descricao": "Conv\u00eanios", "assunto": "Conv\u00eanio consigna\u00e7\u00e3o CAIXA- Regime N\u00e3o Celetista"}, {"id": "9044", "ano": "2025", "numero": "2", "tipo__sigla": "CERT", "tipo__descricao": "CERTIFICADO", "assunto": "Certifica que servidores e vereadores da C\u00e2mara participaram do \"CURSO DE COMUNICA\u00c7\u00c3O ASSERTIVA E RELA\u00c7\u00d5ES INTERPESSOAIS\" realizado em 18/03/2025 com carga hor\u00e1ria de 8 horas (vereadores: Ant\u00f4nio Afonso de Oliveira, Bruna Renata Teodoro Silva,  , Everton Paulo Ara\u00fajo, Gleyton de Oliveira Souza; Jackson Luiz Ven\u00e2ncio de Souza; Paulo Jos\u00e9 Barbosa,  Silmara Girlaine Hon\u00f3rio,  Serviores: Cleber de Brito, Emerson Silva Ara\u00fajo, Felipe Tom\u00e9 Mota e Silva, Isabela Louren\u00e7\u00e3o Messias, La\u00eddia Mesquista de Souza Barbosa, Rafael Teixeira Nogueira, Ruiter Silva de Oliveira, Wiliane Aparecida Delc\u00eddio)"}, {"id": "9055", "ano": "2025", "numero": "2", "tipo__sigla": "AREO", "tipo__descricao": "ATAS DAS REUNI\u00d5ES EXTRAORDIN\u00c1RIAS", "assunto": "Ata da 2\u00aa reuni\u00e3o extraordin\u00e1ria da 1\u00aa Sess\u00e3o Legislativa  da 16\u00aa Legislatura da C\u00e2mara Municipal"}, {"id": "9106", "ano": "2025", "numero": "2", "tipo__sigla": "ED", "tipo__descricao": "Edital", "assunto": "Retifica\u00e7\u00e3o de edital de audi\u00eancia p\u00fablica n\u00ba 001/2025"}, {"id": "9145", "ano": "2025", "numero": "2", "tipo__sigla": "CTCE", "tipo__descricao": "Correspond\u00eancias do Tribunal de Contas de MG", "assunto": "Processo  Presta\u00e7\u00e3o de Contas do Executivo Municipal exerc\u00edcio   - presta\u00e7\u00e3o de contas 2022"}, {"id": "9151", "ano": "2025", "numero": "2", "tipo__sigla": "COMDE", "tipo__descricao": "COMUNICADO/DESPACHO", "assunto": "Convoca\u00e7\u00e3o Comiss\u00e3o de Educa\u00e7\u00e3o Sa\u00fade e Assist\u00eancia Social"}, {"id": "9199", "ano": "2025", "numero": "2", "tipo__sigla": "DMP", "tipo__descricao": "Documentos de tribunais e do Minist\u00e9rio P\u00fablico", "assunto": "Comunica arquivamento do inqu\u00e9rito civil n\u00ba MPMG 0694.19.00372-3"}, {"id": "9206", "ano": "2025", "numero": "2", "tipo__sigla": "PRC", "tipo__descricao": "PAUTAS DAS REUNI\u00d5ES DAS COMISS\u00d5ES PERMANENTES", "assunto": "Pauta da reuni\u00e3o da Comiss\u00e3o de Educa\u00e7\u00e3o, Sa\u00fade e Assist\u00eancia Social do dia 19 de Maio de 2025"}, {"id": "9220", "ano": "2025", "numero": "2", "tipo__sigla": "AAPOS", "tipo__descricao": "Atas de audi\u00eancia p\u00fablica e outras sess\u00f5es", "assunto": "Ata da Audi\u00eancia P\u00fablica n\u00ba 01 de 2025 para tratar Projeto de Lei Ordin\u00e1ria n\u00ba 34 de 2025"}, {"id": "9255", "ano": "2025", "numero": "2", "tipo__sigla": "DEC", "tipo__descricao": "Declara\u00e7\u00e3o", "assunto": "Declara\u00e7\u00e3o bens e valores Ruiter 2025 - ano calend\u00e1rio 2024"}, {"id": "9392", "ano": "2025", "numero": "2", "tipo__sigla": "CERTD", "tipo__descricao": "CERTID\u00c3O", "assunto": "Certid\u00e3o de casamento Wiliane Aparecida Delc\u00eddio"}, {"id": "9570", "ano": "2025", "numero": "2", "tipo__sigla": "CO", "tipo__descricao": "Convite", "assunto": "convite para participa\u00e7\u00e3o no 1\u00ba Semin\u00e1rio do Cons\u00f3rcio CISLAGOS - Encontro de Cons\u00f3rcios de Sa\u00fade do Sul de Minas, com o tema: \"Desafios da Sa\u00fade P\u00fablica na Atualidade\"."}, {"id": "9601", "ano": "2025", "numero": "2", "tipo__sigla": "DA", "tipo__descricao": "Documento Avulso", "assunto": "Recibo de transfer\u00eancia do ve\u00edculo Fluence"}, {"id": "9658", "ano": "2025", "numero": "2", "tipo__sigla": "IN", "tipo__descricao": "Instru\u00e7\u00e3o Normativa", "assunto": "INSTRU\u00c7\u00c3O NORMATIVA 03/2025\r\n\r\nAltera dispositivos da Instru\u00e7\u00e3o Normativa n\u00ba 02/2022, que disp\u00f5e sobre o controle do intervalo intrajornada, da frequ\u00eancia e da assiduidade dos servidores p\u00fablicos no \u00e2mbito do Poder Legislativo do Munic\u00edpio de Santana da Vargem/MG."}, {"id": "8650", "ano": "2025", "numero": "3", "tipo__sigla": "REV", "tipo__descricao": "Relat\u00f3rios de rodagem do ve\u00edculo e outros", "assunto": "Santana da Vargem- 07/01/2024"}, {"id": "8654", "ano": "2025", "numero": "3", "tipo__sigla": "PARE", "tipo__descricao": "PARECER", "assunto": "Parecer Jur\u00eddico - Projeto de Lei Ordin\u00e1ria do Legislativo n. 01 - 2025 - Revis\u00e3o Geral Anual."}, {"id": "8657", "ano": "2025", "numero": "3", "tipo__sigla": "DD", "tipo__descricao": "Documentos da Diretoria", "assunto": "Encaminha solicita\u00e7\u00e3o de fornecimento 133/2024 e solicita\u00e7\u00e3o 134/2024"}, {"id": "8661", "ano": "2025", "numero": "3", "tipo__sigla": "OR", "tipo__descricao": "OF\u00cdCIOS RECEBIDOS", "assunto": "Encaminha balancetes de Receitas e Despesas referentes ao m\u00eas de Dezembro de 2024"}, {"id": "8664", "ano": "2025", "numero": "3", "tipo__sigla": "DPA", "tipo__descricao": "Documento de Processo Administrativo", "assunto": "Processo n\u00ba 005/2024- Inexigibilidade n\u00ba 04/2024 (CEMIG)"}, {"id": "8667", "ano": "2025", "numero": "3", "tipo__sigla": "OFEXP", "tipo__descricao": "Of\u00edcio Expedido", "assunto": "Adiantamento de duod\u00e9cimo"}, {"id": "8688", "ano": "2025", "numero": "3", "tipo__sigla": "OCI", "tipo__descricao": "Of\u00edcios da Controladoria Interna", "assunto": "OF\u00cdCIO DA CONTROLADORIA INTERNA N.\u00ba 03/2025\r\n\r\n\r\nSantana da Vargem, 23 de janeiro de 2025.\r\nASSUNTO: RELAT\u00d3RIO ANUAL 2024\r\n\r\n\u00c0  Excelent\u00edssima Sra. Bruna Renata Teodoro Silva,\r\n\r\nCumprimentando-a cordialmente, venho por meio deste apresentar RELAT\u00d3RIO ANUAL REF. ANO DE 2024,  para seu conhecimento e provid\u00eancias.\r\n\r\n     \r\n\r\n Atenciosamente."}, {"id": "8695", "ano": "2025", "numero": "3", "tipo__sigla": "ODC", "tipo__descricao": "Of\u00edcio/documento Cont\u00e1bil", "assunto": "Estorno parcial da Devolu\u00e7\u00e3o do Duod\u00e9cimo - Exerc\u00edcio 2024"}, {"id": "8710", "ano": "2025", "numero": "3", "tipo__sigla": "ARO", "tipo__descricao": "ATAS DAS REUNI\u00d5ES ORDIN\u00c1RIAS", "assunto": "Ata da 3\u00aa reuni\u00e3o ordin\u00e1ria da 1\u00aa Sess\u00e3o Legislativa da 16\u00aa Legislatura da C\u00e2mara Municipal de Santana da Vargem"}, {"id": "8713", "ano": "2025", "numero": "3", "tipo__sigla": "MEM", "tipo__descricao": "Memorando", "assunto": "Resposta ao of\u00edcio 009/2025- Cota\u00e7\u00f5es de Linha telef\u00f4nica em nuvem"}, {"id": "8736", "ano": "2025", "numero": "3", "tipo__sigla": "DI", "tipo__descricao": "Di\u00e1rias e documentos relativos", "assunto": "Requisi\u00e7\u00e3o de di\u00e1rias Laidia Mesquita de Souza - Boa Esperan\u00e7a 13/02/2025 e 14/02/2025"}, {"id": "8775", "ano": "2025", "numero": "3", "tipo__sigla": "DDCI", "tipo__descricao": "Documentos Diversos da Controladoria Interna", "assunto": "CHECKLIST N.\u00ba 1/2025 -      DATA: 12/02/2025\r\nPROCESSO N \u00ba: 05/2025\r\nSINTESE DO OBJETO:Curso de Comunica\u00e7\u00e3o Assertiva\r\nMODALIDADE: INEXIGIBILIDADE"}, {"id": "8786", "ano": "2025", "numero": "3", "tipo__sigla": "AT", "tipo__descricao": "ATESTADO", "assunto": "Atesta que Wiliane Aparecida Delc\u00eddio est\u00e1 sob tratamento m\u00e9dico devendo ser afastada do servi\u00e7o por 1 (um) dia a partir do dia 13/02/2025"}, {"id": "8804", "ano": "2025", "numero": "3", "tipo__sigla": "RCI", "tipo__descricao": "Relat\u00f3rios da Controladoria Interna", "assunto": "RELAT\u00d3RIO DA CONTROLADORIA INTERNA \r\n\r\n\r\n\r\nASSUNTO: RELAT\u00d3RIO DA CONTROLADORIA N.\u00ba 1\r\nPER\u00cdODO 01.01.2025 A 31.01.2025"}, {"id": "8809", "ano": "2025", "numero": "3", "tipo__sigla": "OVC", "tipo__descricao": "Of\u00edcio de Vereador/Comiss\u00e3o", "assunto": "Solicita retirada de projeto de lei ordin\u00e1rio do legislativo n\u00ba 005 de 07 de fevereiro de 2025"}, {"id": "8814", "ano": "2025", "numero": "3", "tipo__sigla": "DRF", "tipo__descricao": "Documentos Relativos a F\u00e9rias", "assunto": "Solicita\u00e7\u00e3o de f\u00e9rias Ruiter Silva- per\u00edodo aquisitivo 08/10/2023 a 07/10/2024"}, {"id": "8840", "ano": "2025", "numero": "3", "tipo__sigla": "JUST", "tipo__descricao": "Justificativas", "assunto": "Autoriza\u00e7\u00e3o para jornada divergente Wiliane Aparecida Delc\u00eddio (Auxiliar Legislativo)"}, {"id": "8948", "ano": "2025", "numero": "3", "tipo__sigla": "REDF", "tipo__descricao": "Reda\u00e7\u00e3o Final", "assunto": "Reda\u00e7\u00e3o final do projeto de lei n\u00ba 018, de 14 de Fevereiro de 2025"}, {"id": "9118", "ano": "2025", "numero": "3", "tipo__sigla": "CONVE", "tipo__descricao": "Conv\u00eanios", "assunto": "CONV\u00caNIO PARA EMPR\u00c9STIMOS COM DESCONTO EM FOLHA DE PAGAMENTO - SICREDI"}, {"id": "9161", "ano": "2025", "numero": "3", "tipo__sigla": "COMDE", "tipo__descricao": "COMUNICADO/DESPACHO", "assunto": "Informa e convoca membros da Comiss\u00e3o de Obras, Servi\u00e7os P\u00fablicos, Agroind\u00fastria, Com\u00e9rcio e Turismo para reuni\u00f5es da comiss\u00e3o todas as segundas-feiras as 17h"}, {"id": "9189", "ano": "2025", "numero": "3", "tipo__sigla": "CERT", "tipo__descricao": "CERTIFICADO", "assunto": "Certifica que Cleber de Brito participou do curso OFICINA DE SISTEMA DE APOIO AO PROCESSO LAGISLATIVO (SAPL)"}, {"id": "9242", "ano": "2025", "numero": "3", "tipo__sigla": "PRC", "tipo__descricao": "PAUTAS DAS REUNI\u00d5ES DAS COMISS\u00d5ES PERMANENTES", "assunto": "Pauta da reuni\u00e3o da comiss\u00e3o de Educa\u00e7\u00e3o, Sa\u00fade e Assist\u00eancia Social do dia 26 de maio de 2025"}, {"id": "9245", "ano": "2025", "numero": "3", "tipo__sigla": "AREO", "tipo__descricao": "ATAS DAS REUNI\u00d5ES EXTRAORDIN\u00c1RIAS", "assunto": "Ata da 3\u00aa reuni\u00e3o extraordin\u00e1ria da 1\u00aa Sess\u00e3o Legislativa da 16\u00aa Legislatura da C\u00e2mara Municipal de Santana da Vargem"}, {"id": "9264", "ano": "2025", "numero": "3", "tipo__sigla": "DEC", "tipo__descricao": "Declara\u00e7\u00e3o", "assunto": "Declara\u00e7\u00e3o de bens e valores Cleber de Brito 2025- Ano Calend\u00e1rio 2024"}, {"id": "9273", "ano": "2025", "numero": "3", "tipo__sigla": "OFP", "tipo__descricao": "Of\u00edcio da Procuradoria", "assunto": "Solicita o deferimento para participa\u00e7\u00e3o do curso - \u201cCurso pr\u00e1tico de CPI e Comiss\u00e3o Processante: Instrumentos de fiscaliza\u00e7\u00e3o e San\u00e7\u00e3o Parlamentar\u201d."}, {"id": "9313", "ano": "2025", "numero": "3", "tipo__sigla": "DMP", "tipo__descricao": "Documentos de tribunais e do Minist\u00e9rio P\u00fablico", "assunto": "Procedimento preparat\u00f3rio n\u00ba 02.16.0694.00888880.2024-66"}, {"id": "9553", "ano": "2025", "numero": "3", "tipo__sigla": "AAPOS", "tipo__descricao": "Atas de audi\u00eancia p\u00fablica e outras sess\u00f5es", "assunto": "Ata da Audi\u00eancia P\u00fablica pra an\u00e1lise do Projeto de Lei de Diretrizes Or\u00e7ament\u00e1rias para o ano de 2026 realizada no dia trinta de julho de 2025"}, {"id": "9556", "ano": "2025", "numero": "3", "tipo__sigla": "CERTD", "tipo__descricao": "CERTID\u00c3O", "assunto": "Declara\u00e7\u00e3o de Bens e Valores Felipe Tom\u00e9 Mota - Exerc\u00edcio 2025 - Ano Calend\u00e1rio 2024"}, {"id": "9571", "ano": "2025", "numero": "3", "tipo__sigla": "CO", "tipo__descricao": "Convite", "assunto": "Convite para a 5\u00aa Reuni\u00e3o da Frente Parlamentar dos Munic\u00edpios das Regi\u00f5es Sudoeste e Sul\r\nde Minas Gerais \u2013 Tema: Fornecimento de Medicamentos de Alta Complexidade"}, {"id": "9858", "ano": "2025", "numero": "3", "tipo__sigla": "DA", "tipo__descricao": "Documento Avulso", "assunto": "Biografia Grupo Santana Cursilho Jovem"}, {"id": "8655", "ano": "2025", "numero": "4", "tipo__sigla": "PARE", "tipo__descricao": "PARECER", "assunto": "Parecer Jur\u00eddico - Projeto de Resolu\u00e7\u00e3o n. 01 - 2025 - Altera o dia da realiza\u00e7\u00e3o das sess\u00f5es ordin\u00e1rias da C\u00e2mara Municipal de Santana da Vargem - MG."}, {"id": "8658", "ano": "2025", "numero": "4", "tipo__sigla": "DD", "tipo__descricao": "Documentos da Diretoria", "assunto": "Encaminha ordem de fornecimento 143/2024"}, {"id": "8665", "ano": "2025", "numero": "4", "tipo__sigla": "DPA", "tipo__descricao": "Documento de Processo Administrativo", "assunto": "Processo n\u00ba 002/2024- Dispensa 01/2024 (Conecta)"}, {"id": "8668", "ano": "2025", "numero": "4", "tipo__sigla": "OFEXP", "tipo__descricao": "Of\u00edcio Expedido", "assunto": "Solicita inclus\u00e3o de novo servidor no plano de sa\u00fade"}, {"id": "8673", "ano": "2025", "numero": "4", "tipo__sigla": "OR", "tipo__descricao": "OF\u00cdCIOS RECEBIDOS", "assunto": "Informa valor a ser transferido para conta corrente do munic\u00edpio"}, {"id": "8683", "ano": "2025", "numero": "4", "tipo__sigla": "REV", "tipo__descricao": "Relat\u00f3rios de rodagem do ve\u00edculo e outros", "assunto": "Santana da Vargem- 21/01/2025"}, {"id": "8689", "ano": "2025", "numero": "4", "tipo__sigla": "OCI", "tipo__descricao": "Of\u00edcios da Controladoria Interna", "assunto": "Encaminha Relat\u00f3rio Anual da Controladoria Interna da C\u00e2mara Municipal de Santana da Vargem referente ao per\u00edodo de janeiro a dezembro de 2024 (Provid\u00eancias e envio para a Prefeitura Municipal de Santana da Vargem)"}, {"id": "8725", "ano": "2025", "numero": "4", "tipo__sigla": "ARO", "tipo__descricao": "ATAS DAS REUNI\u00d5ES ORDIN\u00c1RIAS", "assunto": "Ata da 4\u00aa reuni\u00e3o ordin\u00e1ria da 1\u00aa Sess\u00e3o Legislativa da 16\u00aa Legislatura da C\u00e2mara Municipal de Santana da Vargem"}, {"id": "8728", "ano": "2025", "numero": "4", "tipo__sigla": "MEM", "tipo__descricao": "Memorando", "assunto": "Solicita altera\u00e7\u00e3o na compensa\u00e7\u00e3o de hor\u00e1rio"}, {"id": "8732", "ano": "2025", "numero": "4", "tipo__sigla": "ODC", "tipo__descricao": "Of\u00edcio/documento Cont\u00e1bil", "assunto": "Solicita orienta\u00e7\u00e3o sobre renova\u00e7\u00e3o de conv\u00eanio com a Caixa Econ\u00f4mica Federal"}, {"id": "8774", "ano": "2025", "numero": "4", "tipo__sigla": "DI", "tipo__descricao": "Di\u00e1rias e documentos relativos", "assunto": "Requerimento de adiantamento para abastecimento e estacionamento quanto em deslocamento"}, {"id": "8812", "ano": "2025", "numero": "4", "tipo__sigla": "DRF", "tipo__descricao": "Documentos Relativos a F\u00e9rias", "assunto": "olicita\u00e7\u00e3o de f\u00e9rias de acordo com previs\u00e3o da planilha anual"}, {"id": "8848", "ano": "2025", "numero": "4", "tipo__sigla": "AT", "tipo__descricao": "ATESTADO", "assunto": "Atestado 26/02/2025 periodo da tarde"}, {"id": "8854", "ano": "2025", "numero": "4", "tipo__sigla": "JUST", "tipo__descricao": "Justificativas", "assunto": "Justificativa de n\u00e3o marca\u00e7\u00e3o de ponto eletr\u00f4nico - servidor Cleber de Brito 06/02/2025."}, {"id": "8875", "ano": "2025", "numero": "4", "tipo__sigla": "OVC", "tipo__descricao": "Of\u00edcio de Vereador/Comiss\u00e3o", "assunto": "Solicita a secretaria de obras e infraestrutura a solu\u00e7\u00e3o de problema da Avenida H\u00e9lio Terra"}, {"id": "8913", "ano": "2025", "numero": "4", "tipo__sigla": "RCI", "tipo__descricao": "Relat\u00f3rios da Controladoria Interna", "assunto": "RELAT\u00d3RIO DA CONTROLADORIA INTERNA\r\nASSUNTO: RELAT\u00d3RIO DA CONTROLADORIA N.\u00ba 2\r\nPER\u00cdODO 01.02.2025 A 29.02.2025\r\nSantana da Vargem, 13 de mar\u00e7o de 2025.\r\n1 \u2013 INTRODU\u00c7\u00c3O\r\nEsta Controladoria Interna, nomeada pela Portaria 51 de 18 de setembro de 2023, considerando o\r\ndisposto no artigo 1\u00ba da Lei Municipal 1.562 de 02 de setembro de 2021, onde a Controladoria Interna do\r\npoder Legislativo, \u201cvisa assegurar a fiscaliza\u00e7\u00e3o cont\u00e1bil, financeira, patrimonial, or\u00e7ament\u00e1ria,\r\noperacional e de pessoal de seus atos, quanto a legalidade, legitimidade e economicidade na gest\u00e3o dos\r\nrecursos p\u00fablicos\u201d, apresenta neste relat\u00f3rio o resultado decorrente da avalia\u00e7\u00e3o mensal do m\u00eas de\r\nfevereiro/2025, inclusive resultado das auditorias \u201cin locco\u201d nas \u00e1reas descritas abaixo, feita pela\r\nControladoria Interna da C\u00e2mara Municipal de Santana da Vargem/MG:"}, {"id": "8954", "ano": "2025", "numero": "4", "tipo__sigla": "DDCI", "tipo__descricao": "Documentos Diversos da Controladoria Interna", "assunto": "RELAT\u00d3RIO  DE AUDITORIA INTERNA N.\u00ba 02/2025 \r\nPLANO ANUAL DE AUDITORIA \u2013 MAR\u00c7O /2025\r\n\r\n\r\nSantana da Vargem, 25 de mar\u00e7o de 2025.\r\n\r\nAssunto: Auditoria Interna Gest\u00e3o de Estoque e Gest\u00e3o de Patrim\u00f4nio;\r\n\u00d3rg\u00e3o Audit\u00e1vel: C\u00e2mara Municipal de Santana da Vargem/MG;\r\nPer\u00edodo de Execu\u00e7\u00e3o da Auditoria: atualmente;"}, {"id": "9038", "ano": "2025", "numero": "4", "tipo__sigla": "REDF", "tipo__descricao": "Reda\u00e7\u00e3o Final", "assunto": "Reda\u00e7\u00e3o final do projeto de lei n\u00ba 046, de 1\u00ba de Abril de 2025"}, {"id": "9162", "ano": "2025", "numero": "4", "tipo__sigla": "COMDE", "tipo__descricao": "COMUNICADO/DESPACHO", "assunto": "Informa e convoca membros da Comiss\u00e3o de Legisla\u00e7\u00e3o, Justi\u00e7a e Reda\u00e7\u00e3o Final que acontecer\u00e1 todas as segundas-feiras, as 18h30min"}, {"id": "9198", "ano": "2025", "numero": "4", "tipo__sigla": "CERT", "tipo__descricao": "CERTIFICADO", "assunto": "Certifica que Ruiter Silva de Oliveira participou do curso OFICINA DE SISTEMA DE APOIO AO PROCESSO LEGISLATIVO (SAPL)"}, {"id": "9265", "ano": "2025", "numero": "4", "tipo__sigla": "DEC", "tipo__descricao": "Declara\u00e7\u00e3o", "assunto": "Declara\u00e7\u00e3o de bens e valores Isabela Louren\u00e7\u00e3o Messias 2025- Ano Calend\u00e1rio 2024"}, {"id": "9274", "ano": "2025", "numero": "4", "tipo__sigla": "PRC", "tipo__descricao": "PAUTAS DAS REUNI\u00d5ES DAS COMISS\u00d5ES PERMANENTES", "assunto": "Pauta reuni\u00e3o da Comiss\u00e3o de Educa\u00e7\u00e3o, Sa\u00fade e Assist\u00eancia Social do dia 02 de Junho de 2025"}, {"id": "9352", "ano": "2025", "numero": "4", "tipo__sigla": "DMP", "tipo__descricao": "Documentos de tribunais e do Minist\u00e9rio P\u00fablico", "assunto": "Inqu\u00e9rito Civil n\u00ba 04.16.0694.0234201.2025-12"}, {"id": "9382", "ano": "2025", "numero": "4", "tipo__sigla": "OFP", "tipo__descricao": "Of\u00edcio da Procuradoria", "assunto": "Resposta \ta Diretoria desta Casa Legislativa que solicitou parecer jur\u00eddico sobre a possibilidade de altera\u00e7\u00e3o do objeto inicialmente previsto na portaria que determinou a abertura de processo de contrata\u00e7\u00e3o de bem/servi\u00e7o."}, {"id": "9552", "ano": "2025", "numero": "4", "tipo__sigla": "AREO", "tipo__descricao": "ATAS DAS REUNI\u00d5ES EXTRAORDIN\u00c1RIAS", "assunto": "Ata da 4\u00aa reuni\u00e3o extraordin\u00e1ria da 1\u00aa Sess\u00e3o legislativa da 16\u00aa Legislatura da C\u00e2mara Municipal de Santana da Vargem realizada no dia sete de julho de 2025"}, {"id": "9735", "ano": "2025", "numero": "4", "tipo__sigla": "CO", "tipo__descricao": "Convite", "assunto": "Atesta que Julia Delc\u00eddio Andrade esteve sob tratamento m\u00e9dico no dia 05/09/2025"}, {"id": "9859", "ano": "2025", "numero": "4", "tipo__sigla": "DA", "tipo__descricao": "Documento Avulso", "assunto": "Bografia Dr Manoel Vieira dos Santos"}, {"id": "8659", "ano": "2025", "numero": "5", "tipo__sigla": "PARE", "tipo__descricao": "PARECER", "assunto": "Parecer Jur\u00eddico - Nova tabela de pre\u00e7os do cart\u00f3rio."}, {"id": "8662", "ano": "2025", "numero": "5", "tipo__sigla": "DD", "tipo__descricao": "Documentos da Diretoria", "assunto": "Solicitar com urg\u00eancia que seja apresentada a rela\u00e7\u00e3o dos projetos de lei em tr\u00e2mite no legislativo municipal"}, {"id": "8666", "ano": "2025", "numero": "5", "tipo__sigla": "DPA", "tipo__descricao": "Documento de Processo Administrativo", "assunto": "Processo n\u00ba 004/2024- Inexigibilidade 03/2024 (COPASA)"}, {"id": "8669", "ano": "2025", "numero": "5", "tipo__sigla": "OFEXP", "tipo__descricao": "Of\u00edcio Expedido", "assunto": "Encaminha projeto de lei ordin\u00e1ria 001 de 06 de janeiro de 2025"}, {"id": "8678", "ano": "2025", "numero": "5", "tipo__sigla": "OR", "tipo__descricao": "OF\u00cdCIOS RECEBIDOS", "assunto": "Solicita retirada de tramita\u00e7\u00e3o do projeto de lei n\u00ba 002/2025"}, {"id": "8698", "ano": "2025", "numero": "5", "tipo__sigla": "REV", "tipo__descricao": "Relat\u00f3rios de rodagem do ve\u00edculo e outros", "assunto": "SANTANA DA VARGEM- 27/01/2025 16h"}, {"id": "8704", "ano": "2025", "numero": "5", "tipo__sigla": "OCI", "tipo__descricao": "Of\u00edcios da Controladoria Interna", "assunto": "OF\u00cdCIO DA CONTROLADORIA INTERNA N.\u00ba 05/2025\r\n\r\n\r\nSantana da Vargem, 31 de janeiro de 2025.\r\n\r\nASSUNTO: SOLICITA\u00c7\u00c3O DE CURSO\r\n\r\n\r\n\u00c0 Excelentissima Sra. Bruna Renata Teodoro,\r\n\r\n\r\n\tCumprimentando-o cordialmente, venho por meio deste, solicitar a V. Ex\u00aa autoriza\u00e7\u00e3o para a participa\u00e7\u00e3o no curso de Capacita\u00e7\u00e3o cujo tema \u00e9 Controle interno, que ocorrer\u00e1 no dia 13 e 14 de fevereiro na cidade de Boa Esperan\u00e7a/MG, realizado pela SF Auditoria e Consultoria Ltda."}, {"id": "8729", "ano": "2025", "numero": "5", "tipo__sigla": "MEM", "tipo__descricao": "Memorando", "assunto": "Solicita autoriza\u00e7\u00e3o para participa\u00e7\u00e3o em curso de capacita\u00e7\u00e3o \"oficina de elabora\u00e7\u00e3o de propostas legislativas\""}, {"id": "8767", "ano": "2025", "numero": "5", "tipo__sigla": "ARO", "tipo__descricao": "ATAS DAS REUNI\u00d5ES ORDIN\u00c1RIAS", "assunto": "Ata da 5\u00aa reuni\u00e3o ordin\u00e1ria da 1\u00aa sess\u00e3o legislativo da 16\u00aa legislatura da C\u00e2mara Municipal de Santana da Vargem"}, {"id": "8773", "ano": "2025", "numero": "5", "tipo__sigla": "ODC", "tipo__descricao": "Of\u00edcio/documento Cont\u00e1bil", "assunto": "Solicita aquisi\u00e7\u00e3o de impressora e picotadora de papel"}, {"id": "8791", "ano": "2025", "numero": "5", "tipo__sigla": "DI", "tipo__descricao": "Di\u00e1rias e documentos relativos", "assunto": "Requisi\u00e7\u00e3o de di\u00e1rias Cleber de Brito (Belo Horizonte - 25/02/2025)"}, {"id": "8836", "ano": "2025", "numero": "5", "tipo__sigla": "DRF", "tipo__descricao": "Documentos Relativos a F\u00e9rias", "assunto": "Aviso de f\u00e9rias Larissa Oliveira Naves - per\u00edodo gozo 06/03/2025 a 15/03/2025 (per\u00edodo aquisitivo 21/10/2022 a 20/10/2023)"}, {"id": "8877", "ano": "2025", "numero": "5", "tipo__sigla": "OVC", "tipo__descricao": "Of\u00edcio de Vereador/Comiss\u00e3o", "assunto": "Of\u00edcio 003 vereador Jackson : solicita esclarecimentos quanto a fiscaliza\u00e7\u00e3o sobre ve\u00edculos abandonados nas vias p\u00fablicas, sobre aux\u00edlio transporte  e projeto mais gen\u00e9tica"}, {"id": "8895", "ano": "2025", "numero": "5", "tipo__sigla": "AT", "tipo__descricao": "ATESTADO", "assunto": "Declara que Larissa Oliveira Naves compareceu  \u00e0 consulta m\u00e9dia no dia 18/03/2025"}, {"id": "8950", "ano": "2025", "numero": "5", "tipo__sigla": "JUST", "tipo__descricao": "Justificativas", "assunto": "Autoriza\u00e7\u00e3o para jornada divergente Ruiter Silva de Oliveira 24/03/2025"}, {"id": "9001", "ano": "2025", "numero": "5", "tipo__sigla": "RCI", "tipo__descricao": "Relat\u00f3rios da Controladoria Interna", "assunto": "RELAT\u00d3RIO DA CONTROLADORIA INTERNA\r\nASSUNTO: RELAT\u00d3RIO DA CONTROLADORIA N.\u00ba 3\r\nPER\u00cdODO 01.03.2025 A 31.03.2025\r\nSantana da Vargem, 04 de abril de 2025.\r\n1 \u2013 INTRODU\u00c7\u00c3O\r\nEsta Controladoria Interna, nomeada pela Portaria 51 de 18 de setembro de 2023, considerando o\r\ndisposto no artigo 1\u00ba da Lei Municipal 1.562 de 02 de setembro de 2021, onde a Controladoria Interna do\r\npoder Legislativo, \u201cvisa assegurar a fiscaliza\u00e7\u00e3o cont\u00e1bil, financeira, patrimonial, or\u00e7ament\u00e1ria,\r\noperacional e de pessoal de seus atos, quanto a legalidade, legitimidade e economicidade na gest\u00e3o dos\r\nrecursos p\u00fablicos\u201d, apresenta neste relat\u00f3rio o resultado decorrente da avalia\u00e7\u00e3o mensal do m\u00eas de\r\nmar\u00e7o/2025, inclusive resultado das auditorias \u201cin locco\u201d nas \u00e1reas descritas abaixo, feita pela\r\nControladoria Interna da C\u00e2mara Municipal de Santana da Vargem/MG:\r\n2 \u2013"}, {"id": "9003", "ano": "2025", "numero": "5", "tipo__sigla": "DDCI", "tipo__descricao": "Documentos Diversos da Controladoria Interna", "assunto": "Em conformidade com a determina\u00e7\u00e3o disposta no art. 48, \u00a7 1\u00ba, inciso II da Lei Complementar n\u00ba 101/2000 (Lei de Responsabilidade Fiscal), o Poder Legislativo disponibiliza \u2013 em tempo real \u2013 informa\u00e7\u00f5es pormenorizadas sobre a execu\u00e7\u00e3o or\u00e7ament\u00e1ria e financeira, em meios eletr\u00f4nicos de acesso p\u00fablico, ao pleno conhecimento e acompanhamento da sociedade.\r\n\r\nRef jan/2025"}, {"id": "9163", "ano": "2025", "numero": "5", "tipo__sigla": "COMDE", "tipo__descricao": "COMUNICADO/DESPACHO", "assunto": "Informa e convoca para participar da reuni\u00e3o da Comiss\u00e3o de Finan\u00e7as e Or\u00e7amento todas as segundas-feiras 18h"}, {"id": "9165", "ano": "2025", "numero": "5", "tipo__sigla": "REDF", "tipo__descricao": "Reda\u00e7\u00e3o Final", "assunto": "Reda\u00e7\u00e3o Final do Projeto de Lei Complementar n\u00ba 006 de 04 de Abril de 2025"}, {"id": "9262", "ano": "2025", "numero": "5", "tipo__sigla": "CERT", "tipo__descricao": "CERTIFICADO", "assunto": "Certifica que Jackson Luiz Ven\u00e2ncio de Souza concluiu o 627\u00ba Curso de Capacita\u00e7\u00e3o com o tema: MECANISMOS LEGISLATIVOS DE CONTROLE, FISCALIZA\u00c7\u00c3O E JULGAMENTO NO \u00c2MBITO MUNICIPAL realizado no per\u00edodo de 27 a 30 de maio de 2025"}, {"id": "9275", "ano": "2025", "numero": "5", "tipo__sigla": "PRC", "tipo__descricao": "PAUTAS DAS REUNI\u00d5ES DAS COMISS\u00d5ES PERMANENTES", "assunto": "PAUTA DA REUNI\u00c3O DA COMISS\u00c3O DE FINAN\u00c7AS E OR\u00c7AMENTO  DO DIA 02 DE JUNHO DE 2025"}, {"id": "9328", "ano": "2025", "numero": "5", "tipo__sigla": "DEC", "tipo__descricao": "Declara\u00e7\u00e3o", "assunto": "Declara\u00e7\u00e3o Imposto de Renda Luiz Felipe Mendon\u00e7a Rodrigues - Exerc\u00edcio 2025- ano calend\u00e1rio 2024"}, {"id": "9376", "ano": "2025", "numero": "5", "tipo__sigla": "DMP", "tipo__descricao": "Documentos de tribunais e do Minist\u00e9rio P\u00fablico", "assunto": "Not\u00edcia de Fato n\u00ba 02.16.0694.0236160.2025-18"}, {"id": "9383", "ano": "2025", "numero": "5", "tipo__sigla": "OFP", "tipo__descricao": "Of\u00edcio da Procuradoria", "assunto": "Of\u00edcio - Resposta a Diretoria que solicitou parecer jur\u00eddico sobre a possibilidade de altera\u00e7\u00e3o do objeto inicialmente previsto na portaria que determinou a abertura de processo de contrata\u00e7\u00e3o de bem/servi\u00e7o."}, {"id": "9656", "ano": "2025", "numero": "5", "tipo__sigla": "AREO", "tipo__descricao": "ATAS DAS REUNI\u00d5ES EXTRAORDIN\u00c1RIAS", "assunto": "Ata da 5\u00aa reuni\u00e3o extraordin\u00e1ria da 1\u00aa Sess\u00e3o Legislativa da 16\u00aa Legislatura realizada no dia dezoito de agosto de dois mil e vinte e cinco"}, {"id": "9822", "ano": "2025", "numero": "5", "tipo__sigla": "CO", "tipo__descricao": "Convite", "assunto": "Edital de convoca\u00e7\u00e3o Associa\u00e7\u00e3o dos Moradores do Bairro S\u00e3o Luiz (protocolado posteriormente em raz\u00e3o de f\u00e9rias da servidora respons\u00e1vel pela secretaria)"}, {"id": "9860", "ano": "2025", "numero": "5", "tipo__sigla": "DA", "tipo__descricao": "Documento Avulso", "assunto": "Biografia Maria Aparecida Nazar\u00e9 Silva"}, {"id": "8671", "ano": "2025", "numero": "6", "tipo__sigla": "DD", "tipo__descricao": "Documentos da Diretoria", "assunto": "Encaminha a rela\u00e7\u00e3o de Projetos de Leis em tr\u00e2mite na C\u00e2mara Municipal de Santana da Vargem"}, {"id": "8674", "ano": "2025", "numero": "6", "tipo__sigla": "PARE", "tipo__descricao": "PARECER", "assunto": "Parecer Jur\u00eddico - Projeto de Lei Ordin\u00e1rio do Legislativo n. 02 - 2025"}, {"id": "8691", "ano": "2025", "numero": "6", "tipo__sigla": "OR", "tipo__descricao": "OF\u00cdCIOS RECEBIDOS", "assunto": "Encaminha proposta de conv\u00eanio de consignados para ofertar aos colaboradores e vereadores"}, {"id": "8693", "ano": "2025", "numero": "6", "tipo__sigla": "OFEXP", "tipo__descricao": "Of\u00edcio Expedido", "assunto": "Encaminha o projeto de lei ordin\u00e1ria do legislativo 001 de 07 de janeiro de 2025"}, {"id": "8699", "ano": "2025", "numero": "6", "tipo__sigla": "REV", "tipo__descricao": "Relat\u00f3rios de rodagem do ve\u00edculo e outros", "assunto": "Tr\u00eas Pontas - 29/01/2025- 8h"}, {"id": "8737", "ano": "2025", "numero": "6", "tipo__sigla": "MEM", "tipo__descricao": "Memorando", "assunto": "Solicita a dispensa do servi\u00e7o no dia 06 de fevereiro de 2025 para doa\u00e7\u00e3o de sangue"}, {"id": "8739", "ano": "2025", "numero": "6", "tipo__sigla": "OCI", "tipo__descricao": "Of\u00edcios da Controladoria Interna", "assunto": "OF\u00cdCIO DA CONTROLADORIA INTERNA N.\u00ba 06/2025\r\nSantana da Vargem, 06 de fevereiro de 2025.\r\nASSUNTO: RELATORIO DE AUDITORIA INTERNA N.\u00ba 01/2025\r\n\u00c0 Excelent\u00edssima Sra. Bruna Renata Teodoro Silva,\r\n\u00c0 Contabilidade\r\nCumprimentando-as cordialmente, venho por meio deste apresentar RELAT\u00d3RIO\r\nCONCLUSIVO DE AUDITORIA INTERNA N\u00ba 01/2025 - F\u00c9RIAS, para seu conhecimento e\r\nprovid\u00eancias."}, {"id": "8792", "ano": "2025", "numero": "6", "tipo__sigla": "DI", "tipo__descricao": "Di\u00e1rias e documentos relativos", "assunto": "Requisi\u00e7\u00e3o de di\u00e1rias Ruiter Silva de Oliveira (Belo Horizonte- 25/02/2025 a 28/02/2025)"}, {"id": "8800", "ano": "2025", "numero": "6", "tipo__sigla": "ARO", "tipo__descricao": "ATAS DAS REUNI\u00d5ES ORDIN\u00c1RIAS", "assunto": "Ata da 6\u00aa Reuni\u00e3o ordin\u00e1ria da 1\u00aa Sess\u00e3o legislativa da 16\u00aa Legislatura da C\u00e2mara Municipal de Santana da Vargem"}, {"id": "8817", "ano": "2025", "numero": "6", "tipo__sigla": "ODC", "tipo__descricao": "Of\u00edcio/documento Cont\u00e1bil", "assunto": "Informa\u00e7\u00f5es sobre o vencimento do contrato de ocupa\u00e7\u00e3o tempor\u00e1ria e provid\u00eancias necess\u00e1rias"}, {"id": "8837", "ano": "2025", "numero": "6", "tipo__sigla": "DRF", "tipo__descricao": "Documentos Relativos a F\u00e9rias", "assunto": "Aviso de F\u00e9rias Ruiter Silva de Oliveira - per\u00edodo de gozo 06/03/2025 a 15/03/2025 (per\u00edodo aquisitivo 08/10/2023 a 17/10/2024)"}, {"id": "8890", "ano": "2025", "numero": "6", "tipo__sigla": "OVC", "tipo__descricao": "Of\u00edcio de Vereador/Comiss\u00e3o", "assunto": "Requer a constru\u00e7\u00e3o de um quebra molas na Rua Domingos Vieira de Lima, pr\u00f3ximo ao n\u00famero 1290"}, {"id": "8938", "ano": "2025", "numero": "6", "tipo__sigla": "AT", "tipo__descricao": "ATESTADO", "assunto": "Atesta que Emerson Silva Ara\u00fajo esteve em consult\u00f3rio m\u00e9dico no dia 21/03/2025 das 10:00 \u00e0s 12:30)"}, {"id": "8962", "ano": "2025", "numero": "6", "tipo__sigla": "JUST", "tipo__descricao": "Justificativas", "assunto": "Justificativa de n\u00e3o marca\u00e7\u00e3o de ponto eletr\u00f4nico Laidia Mesquista de Souza 24/03/2025"}, {"id": "9004", "ano": "2025", "numero": "6", "tipo__sigla": "DDCI", "tipo__descricao": "Documentos Diversos da Controladoria Interna", "assunto": "Em conformidade com a determina\u00e7\u00e3o disposta no art. 48, \u00a7 1\u00ba, inciso II da Lei Complementar n\u00ba 101/2000 (Lei de Responsabilidade Fiscal), o Poder Legislativo disponibiliza \u2013 em tempo real \u2013 informa\u00e7\u00f5es pormenorizadas sobre a execu\u00e7\u00e3o or\u00e7ament\u00e1ria e financeira, em meios eletr\u00f4nicos de acesso p\u00fablico, ao pleno conhecimento e acompanhamento da sociedade.\r\n\r\nref Fev/2025"}, {"id": "9166", "ano": "2025", "numero": "6", "tipo__sigla": "REDF", "tipo__descricao": "Reda\u00e7\u00e3o Final", "assunto": "Reda\u00e7\u00e3o Final do Projeto de lei ordin\u00e1ria do legislativo n\u00ba 006/2025"}, {"id": "9200", "ano": "2025", "numero": "6", "tipo__sigla": "RCI", "tipo__descricao": "Relat\u00f3rios da Controladoria Interna", "assunto": "RELAT\u00d3RIO DA CONTROLADORIA INTERNA \r\n\r\n\r\n\r\nASSUNTO: RELAT\u00d3RIO DA CONTROLADORIA N.\u00ba 4\r\nPER\u00cdODO 01.04.2025 A 30.04.2025"}, {"id": "9263", "ano": "2025", "numero": "6", "tipo__sigla": "CERT", "tipo__descricao": "CERTIFICADO", "assunto": "Certifica que Everton Paulo Ara\u00fajo concluiu o 627\u00ba Curso de Capacita\u00e7\u00e3o com o tema: MECANISMOS LEGISLATIVOS DE CONTROLE, FISCALIZA\u00c7\u00c3O E JULGAMENTO NO \u00c2MBITO MUNICIPAL realizado no per\u00edodo de 27 a 30 de maio de 2025"}, {"id": "9276", "ano": "2025", "numero": "6", "tipo__sigla": "PRC", "tipo__descricao": "PAUTAS DAS REUNI\u00d5ES DAS COMISS\u00d5ES PERMANENTES", "assunto": "PAUTA DA REUNI\u00c3O DA COMISS\u00c3O DE OBRAS, SERVI\u00c7OS P\u00daBLICOS AGROIND\u00daSTRIA COM\u00c9RCIO E TURISMO  DO DIA 02 DE JUNHO DE 2025"}, {"id": "9330", "ano": "2025", "numero": "6", "tipo__sigla": "DEC", "tipo__descricao": "Declara\u00e7\u00e3o", "assunto": "Declara\u00e7\u00e3o Imposto de Renda Silmara Girlaine Hon\u00f3rio - Exerc\u00edcio 2025- Ano Calend\u00e1rio 2024"}, {"id": "9406", "ano": "2025", "numero": "6", "tipo__sigla": "DPA", "tipo__descricao": "Documento de Processo Administrativo", "assunto": "Defesa pr\u00e9via Jos\u00e9 Elias Figueiredo- autos do processo n\u00ba 1148401-  presta\u00e7\u00e3o de contas 2022"}, {"id": "9428", "ano": "2025", "numero": "6", "tipo__sigla": "OFP", "tipo__descricao": "Of\u00edcio da Procuradoria", "assunto": "Of\u00edcio - Resposta ao of\u00edcio 79/2025 da Presid\u00eancia - Projeto de Lei Complementar n\u00ba 09 -2025"}, {"id": "9487", "ano": "2025", "numero": "6", "tipo__sigla": "DMP", "tipo__descricao": "Documentos de tribunais e do Minist\u00e9rio P\u00fablico", "assunto": "Ac\u00f3rd\u00e3o A\u00e7\u00e3o Direta de Inconstitucionalidade n\u00ba 1.0000.24.147937-7/000"}, {"id": "9861", "ano": "2025", "numero": "6", "tipo__sigla": "DA", "tipo__descricao": "Documento Avulso", "assunto": "Biografia sicredi"}, {"id": "9896", "ano": "2025", "numero": "6", "tipo__sigla": "COMDE", "tipo__descricao": "COMUNICADO/DESPACHO", "assunto": "Determina o arquivamento do Projeto de lei complementar n\u00ba 13 de 2025"}, {"id": "9984", "ano": "2025", "numero": "6", "tipo__sigla": "AREO", "tipo__descricao": "ATAS DAS REUNI\u00d5ES EXTRAORDIN\u00c1RIAS", "assunto": "Ata da 6\u00aa reuni\u00e3o extraordin\u00e1ria da 1\u00aa sess\u00e3o legislatura da 16\u00aa legislatura da C\u00e2mara Municipal realizada no dia tr\u00eas de novembro de 2025"}, {"id": "8675", "ano": "2025", "numero": "7", "tipo__sigla": "PARE", "tipo__descricao": "PARECER", "assunto": "Parecer Jur\u00eddico - Projeto de Lei Ordin\u00e1ria do Legislativo n. 03 - 2025 - Visa instituir o programa de orienta\u00e7\u00e3o, apoio e atendimento aos familiares e cuidadores dos portadores da doen\u00e7a de Alzheimer no munic\u00edpio de Santana da Vargem \u2013 MG."}, {"id": "8682", "ano": "2025", "numero": "7", "tipo__sigla": "DD", "tipo__descricao": "Documentos da Diretoria", "assunto": "Solicita parecer jur\u00eddico quanto a possibilidade de migra\u00e7\u00e3o de tecnologia telef\u00f4nica"}, {"id": "8700", "ano": "2025", "numero": "7", "tipo__sigla": "REV", "tipo__descricao": "Relat\u00f3rios de rodagem do ve\u00edculo e outros", "assunto": "Santana da Vargem- 29/01/2025 - 9:20"}, {"id": "8703", "ano": "2025", "numero": "7", "tipo__sigla": "OFEXP", "tipo__descricao": "Of\u00edcio Expedido", "assunto": "Autoriza o pagamento de horas extras aos servidores que trabalharam no dia 1\u00ba de janeiro"}, {"id": "8706", "ano": "2025", "numero": "7", "tipo__sigla": "OR", "tipo__descricao": "OF\u00cdCIOS RECEBIDOS", "assunto": "Reitera os termos da mensagem que acompanhou o projeto de lei 003/2025"}, {"id": "8783", "ano": "2025", "numero": "7", "tipo__sigla": "MEM", "tipo__descricao": "Memorando", "assunto": "Solicita autoriza\u00e7\u00e3o para participa\u00e7\u00e3o em curso de capacita\u00e7\u00e3o"}, {"id": "8805", "ano": "2025", "numero": "7", "tipo__sigla": "ARO", "tipo__descricao": "ATAS DAS REUNI\u00d5ES ORDIN\u00c1RIAS", "assunto": "Ata da 7\u00aa reuni\u00e3o ordin\u00e1ria da 1\u00aa Sess\u00e3o Legislativa da 15\u00aa legislatura da C\u00e2mara Municipal de Santana da Vargem"}, {"id": "8811", "ano": "2025", "numero": "7", "tipo__sigla": "OCI", "tipo__descricao": "Of\u00edcios da Controladoria Interna", "assunto": "OF\u00cdCIO DA CONTROLADORIA INTERNA N.\u00ba 08/2025\r\n\r\n\r\nSantana da Vargem, 19 de fevereiro de 2025.\r\nASSUNTO: RELAT\u00d3RIO MENSAL JANEIRO 2025\r\n\r\n\u00c0  Excelent\u00edssima Sra. Bruna Renata Teodoro Silva\r\n\u00c0 Contabilidade\r\n\r\nCumprimentando-as cordialmente, venho por meio deste apresentar RELAT\u00d3RIO MENSAL JANEIRO/2025,  para vosso conhecimento e provid\u00eancias."}, {"id": "8839", "ano": "2025", "numero": "7", "tipo__sigla": "ODC", "tipo__descricao": "Of\u00edcio/documento Cont\u00e1bil", "assunto": "Solicita\u00e7\u00e3o de envio de atas e livros de presen\u00e7a das reuni\u00f5es de comiss\u00f5es"}, {"id": "8853", "ano": "2025", "numero": "7", "tipo__sigla": "DI", "tipo__descricao": "Di\u00e1rias e documentos relativos", "assunto": "Relat\u00f3rio e presta\u00e7\u00e3o de contas Cleber de Brito (viagem a Belo Horizonte-MG 25 a 28 de Fevereiro)"}, {"id": "8886", "ano": "2025", "numero": "7", "tipo__sigla": "DRF", "tipo__descricao": "Documentos Relativos a F\u00e9rias", "assunto": "Solicita a concess\u00e3o de 20 dias de  f\u00e9rias de 31/03/2025 a 09/04/2025  (10 dias gozadas e 10 dias vendidas)"}, {"id": "8891", "ano": "2025", "numero": "7", "tipo__sigla": "OVC", "tipo__descricao": "Of\u00edcio de Vereador/Comiss\u00e3o", "assunto": "Solicita melhorias na Recep\u00e7\u00e3o para usu\u00e1rios do Posto de sa\u00fade - Rua Jos\u00e9 \u00c1vila"}, {"id": "8956", "ano": "2025", "numero": "7", "tipo__sigla": "AT", "tipo__descricao": "ATESTADO", "assunto": "Atesta que Ruiter Silva de Oliveira dever\u00e1 ausentar-se de suas atividades no dia 25 de mar\u00e7o de 2025"}, {"id": "8987", "ano": "2025", "numero": "7", "tipo__sigla": "JUST", "tipo__descricao": "Justificativas", "assunto": "Solicita autoriza\u00e7\u00e3o para jornada divergente no dia 04/04/2025"}, {"id": "9005", "ano": "2025", "numero": "7", "tipo__sigla": "DDCI", "tipo__descricao": "Documentos Diversos da Controladoria Interna", "assunto": "Em conformidade com a determina\u00e7\u00e3o disposta no art. 48, \u00a7 1\u00ba, inciso II da Lei Complementar n\u00ba 101/2000 (Lei de Responsabilidade Fiscal), o Poder Legislativo disponibiliza \u2013 em tempo real \u2013 informa\u00e7\u00f5es pormenorizadas sobre a execu\u00e7\u00e3o or\u00e7ament\u00e1ria e financeira, em meios eletr\u00f4nicos de acesso p\u00fablico, ao pleno conhecimento e acompanhamento da sociedade.\r\nRef Mar\u00e7o/2025"}, {"id": "9208", "ano": "2025", "numero": "7", "tipo__sigla": "RCI", "tipo__descricao": "Relat\u00f3rios da Controladoria Interna", "assunto": "RELAT\u00d3RIO DE AUDITORIA INTERNA N.\u00ba 04/2025\r\nPLANO ANUAL DE AUDITORIA - MAIO /2025\r\nSantana da Vargem, 19 de maio de 2025.\r\nAssunto: Auditoria Interna Avalia\u00e7\u00e3o dos Processos Licitat\u00f3rios, Dispensas e Inexigibilidades\r\n\u00d3rg\u00e3o Audit\u00e1vel: C\u00e2mara Municipal de Santana da Vargem/MG;\r\nPer\u00edodo de Execu\u00e7\u00e3o da Auditoria: 01 de janeiro de 2025 a 19 de maio de 2025;"}, {"id": "9301", "ano": "2025", "numero": "7", "tipo__sigla": "PRC", "tipo__descricao": "PAUTAS DAS REUNI\u00d5ES DAS COMISS\u00d5ES PERMANENTES", "assunto": "Pauta da Comiss\u00e3o de Educa\u00e7\u00e3o, Sa\u00fade e Assist\u00eancia Social do dia 09 de Junho de 2025"}, {"id": "9305", "ano": "2025", "numero": "7", "tipo__sigla": "REDF", "tipo__descricao": "Reda\u00e7\u00e3o Final", "assunto": "Reda\u00e7\u00e3o final ao projeto de lei ordin\u00e1rio n\u00ba 36 de 27 de mar\u00e7o de 2025"}, {"id": "9324", "ano": "2025", "numero": "7", "tipo__sigla": "CERT", "tipo__descricao": "CERTIFICADO", "assunto": "Certifica que Ruiter Silva de Oliveira participou na modalidade presencial, Oficial 15\u00ba ENGITEC: PLONE, com carga hor\u00e1rio de 6 horas, realizado em 3 junho de 2025"}, {"id": "9332", "ano": "2025", "numero": "7", "tipo__sigla": "DEC", "tipo__descricao": "Declara\u00e7\u00e3o", "assunto": "Declara\u00e7\u00e3o de bens e valores - Imposto de renda- Laidia Mesquita de Sousa Barbosa - Exerc\u00edcio 2025 - ano calend\u00e1rio 2024"}, {"id": "9435", "ano": "2025", "numero": "7", "tipo__sigla": "OFP", "tipo__descricao": "Of\u00edcio da Procuradoria", "assunto": "Solicita inscri\u00e7\u00e3o no curso \"Forma\u00e7\u00e3o Avan\u00e7ada em Assessoria Jur\u00eddica e Legislativa\""}, {"id": "9862", "ano": "2025", "numero": "7", "tipo__sigla": "DA", "tipo__descricao": "Documento Avulso", "assunto": "Biografia Grupo Santana cursilho jovem"}, {"id": "9897", "ano": "2025", "numero": "7", "tipo__sigla": "COMDE", "tipo__descricao": "COMUNICADO/DESPACHO", "assunto": "Despacho de arquivamento ao projeto de lei ordin\u00e1ria n\u00ba 53 de 2025"}, {"id": "10104", "ano": "2025", "numero": "7", "tipo__sigla": "AREO", "tipo__descricao": "ATAS DAS REUNI\u00d5ES EXTRAORDIN\u00c1RIAS", "assunto": "Ata da 7\u00aa reuni\u00e3o extraordin\u00e1ria da 1\u00aa Sess\u00e3o Legislativa da 16\u00aa Legislatura da C\u00e2mara Municipal de Santana da Vargem realizada no dia onze de dezembro de 2025"}, {"id": "10120", "ano": "2025", "numero": "7", "tipo__sigla": "DMP", "tipo__descricao": "Documentos de tribunais e do Minist\u00e9rio P\u00fablico", "assunto": "Solicita informa\u00e7\u00f5es para instruir a\u00e7\u00e3o direta de inconstitucionalidade n\u00ba 1.0000.25.480231-7/000"}, {"id": "8676", "ano": "2025", "numero": "8", "tipo__sigla": "PARE", "tipo__descricao": "PARECER", "assunto": "Parecer Jur\u00eddico - Projeto de Lei Ordin\u00e1rio do Legislativo n. 04 - 2025 - Visa conceder isen\u00e7\u00e3o do IPTU (Imposto Predial e Territorial Urbano) para pessoa que esteja em tratamento que necessite de hemodi\u00e1lise."}, {"id": "8696", "ano": "2025", "numero": "8", "tipo__sigla": "DD", "tipo__descricao": "Documentos da Diretoria", "assunto": "Encaminha indica\u00e7\u00f5es dos vereadores Jackson Luiz Ven\u00e2ncio de Souza e Everton de Paula Ara\u00fajo"}, {"id": "8701", "ano": "2025", "numero": "8", "tipo__sigla": "REV", "tipo__descricao": "Relat\u00f3rios de rodagem do ve\u00edculo e outros", "assunto": "Santana da Vargem - 29/01/2025- 10h"}, {"id": "8707", "ano": "2025", "numero": "8", "tipo__sigla": "OFEXP", "tipo__descricao": "Of\u00edcio Expedido", "assunto": "Solicita o estorno de valor relativo \u00e0 devolu\u00e7\u00e3o do do valor do duod\u00e9cimo"}, {"id": "8715", "ano": "2025", "numero": "8", "tipo__sigla": "OR", "tipo__descricao": "OF\u00cdCIOS RECEBIDOS", "assunto": "Informa pagamento de emenda parlamentar de n\u00ba09032024069621"}, {"id": "8789", "ano": "2025", "numero": "8", "tipo__sigla": "MEM", "tipo__descricao": "Memorando", "assunto": "Solicita um dia de dispensa art 164 I do Estatuto. Doa\u00e7\u00e3o de sangue"}, {"id": "8852", "ano": "2025", "numero": "8", "tipo__sigla": "ODC", "tipo__descricao": "Of\u00edcio/documento Cont\u00e1bil", "assunto": "Encaminha Notas Fiscais para liquida\u00e7\u00f5es."}, {"id": "8855", "ano": "2025", "numero": "8", "tipo__sigla": "OCI", "tipo__descricao": "Of\u00edcios da Controladoria Interna", "assunto": "OF\u00cdCIO DA CONTROLADORIA INTERNA N.\u00ba 09/2025\r\n\r\n\r\nSantana da Vargem, 06 de mar\u00e7o de 2025.\r\nASSUNTO: Aus\u00eancia - Anivers\u00e1rio\r\n\r\n\r\n\u00c1  Exma Sra. Isabela Louren\u00e7\u00e3o Messias - RH\r\n\r\nCumprimentando-a cordialmente, considerando que meu anivers\u00e1rio natal\u00edcio ser\u00e1 em 09/03/2025, dia sem expediente, venho por meio deste informar que estarei gozando do dia de folga no dia 10/03/2025, nos termos do inciso III do art. 164 da Lei Complementar n.\u00ba 022/2022."}, {"id": "8856", "ano": "2025", "numero": "8", "tipo__sigla": "DI", "tipo__descricao": "Di\u00e1rias e documentos relativos", "assunto": "Relat\u00f3rio e presta\u00e7\u00e3o de contas Ruiter Silva de Oliveira (Belo Horizonte 25 a 28 de Fevereiro)"}, {"id": "8883", "ano": "2025", "numero": "8", "tipo__sigla": "DRF", "tipo__descricao": "Documentos Relativos a F\u00e9rias", "assunto": "Solicita\u00e7\u00e3o de f\u00e9rias - 20 (vinte) dias - 10 gozados e 10 vendidos."}, {"id": "8884", "ano": "2025", "numero": "8", "tipo__sigla": "ARO", "tipo__descricao": "ATAS DAS REUNI\u00d5ES ORDIN\u00c1RIAS", "assunto": "Ata da 8\u00aa reuni\u00e3o ordin\u00e1ria da 1\u00aa Sess\u00e3o Legislativa da 16\u00aa Legislatura da C\u00e2mara Municipal de Santana da Vargem"}, {"id": "8959", "ano": "2025", "numero": "8", "tipo__sigla": "AT", "tipo__descricao": "ATESTADO", "assunto": "Atesto para os devidos fins que Wiliane Aparecida Delc\u00eddio foi atendida na cl\u00ednica durante o per\u00edodo da tarde no dia 25/03/2025"}, {"id": "8994", "ano": "2025", "numero": "8", "tipo__sigla": "OVC", "tipo__descricao": "Of\u00edcio de Vereador/Comiss\u00e3o", "assunto": "Solicita apoio para o atendimento de demandas do munic\u00edpio"}, {"id": "9036", "ano": "2025", "numero": "8", "tipo__sigla": "JUST", "tipo__descricao": "Justificativas", "assunto": "Justificativa n\u00e3o marca\u00e7\u00e3o de ponto Wiliane Aparecida Delc\u00eddio - 09/04/2025"}, {"id": "9091", "ano": "2025", "numero": "8", "tipo__sigla": "DDCI", "tipo__descricao": "Documentos Diversos da Controladoria Interna", "assunto": "RELAT\u00d3RIO  DE AUDITORIA INTERNA N.\u00ba 03/2025 \r\nPLANO ANUAL DE AUDITORIA \u2013 ABRIL /2025\r\n\r\n\r\nSantana da Vargem, 24 de abril de 2025.\r\n\r\nAssunto: Auditoria Interna Transpar\u00eancia do Site da C\u00e2mara Municipal e publica\u00e7\u00f5es oficiais e Frequ\u00eancia de Servidores e Agentes politicos\r\n\u00d3rg\u00e3o Audit\u00e1vel: C\u00e2mara Municipal de Santana da Vargem/MG;\r\nPer\u00edodo de Execu\u00e7\u00e3o da Auditoria: atualmente;"}, {"id": "9333", "ano": "2025", "numero": "8", "tipo__sigla": "DEC", "tipo__descricao": "Declara\u00e7\u00e3o", "assunto": "Declara\u00e7\u00e3o de  bens e valores - Imposto de Renda- Exerc\u00edcio 2025 - Ano calend\u00e1rio 2024"}, {"id": "9337", "ano": "2025", "numero": "8", "tipo__sigla": "RCI", "tipo__descricao": "Relat\u00f3rios da Controladoria Interna", "assunto": "RELAT\u00d3RIO DO CONTROLE INTERNO \r\nASSUNTO: RELAT\u00d3RIO DO CONTROLE INTERNO N.\u00ba 5\r\nPER\u00cdODO 01.05.2025 A 31.05.2025\r\nSantana da Vargem, 12 de junho de 2025."}, {"id": "9344", "ano": "2025", "numero": "8", "tipo__sigla": "PRC", "tipo__descricao": "PAUTAS DAS REUNI\u00d5ES DAS COMISS\u00d5ES PERMANENTES", "assunto": "Pauta da Reuni\u00e3o da Comiss\u00e3o de Educa\u00e7\u00e3o, Sa\u00fade e Assist\u00eancia Social do dia 16 de junho de 2025"}, {"id": "9364", "ano": "2025", "numero": "8", "tipo__sigla": "CERT", "tipo__descricao": "CERTIFICADO", "assunto": "Certifica que Felipe Tom\u00e9 Mota e Silva concluiu o 360\u00ba Curso de Capacita\u00e7\u00e3o com o tema \"Curso pr\u00e1tico de CPI e Comiss\u00e3o Processante: Instrumentos de Fiscaliza\u00e7\u00e3o e San\u00e7\u00e3o Parlamentar\""}, {"id": "9528", "ano": "2025", "numero": "8", "tipo__sigla": "REDF", "tipo__descricao": "Reda\u00e7\u00e3o Final", "assunto": "Disp\u00f5e sobre as diretrizes para a elabora\u00e7\u00e3o da lei or\u00e7ament\u00e1ria de 2026"}, {"id": "9623", "ano": "2025", "numero": "8", "tipo__sigla": "OFP", "tipo__descricao": "Of\u00edcio da Procuradoria", "assunto": "Of\u00edcio da Procuradoria n\u00ba 11 - 2025 - Resposta ao of\u00edcio da Comiss\u00e3o de Compras - Concurso P\u00fablico."}, {"id": "9863", "ano": "2025", "numero": "8", "tipo__sigla": "DA", "tipo__descricao": "Documento Avulso", "assunto": "Biografia Selma Maria Claret Lima Pereira"}, {"id": "9898", "ano": "2025", "numero": "8", "tipo__sigla": "COMDE", "tipo__descricao": "COMUNICADO/DESPACHO", "assunto": "Determina o arquivamento do Projeto de Lei Ordin\u00e1rio n\u00ba 84 de 2025"}, {"id": "10160", "ano": "2025", "numero": "8", "tipo__sigla": "AREO", "tipo__descricao": "ATAS DAS REUNI\u00d5ES EXTRAORDIN\u00c1RIAS", "assunto": "Ata da 8\u00aa reuni\u00e3o extraordin\u00e1ria da 1\u00aa Sess\u00e3o Legislativa da 16\u00aa Legislatura da C\u00e2mara Municipal de Santana da Vargem"}, {"id": "8677", "ano": "2025", "numero": "9", "tipo__sigla": "PARE", "tipo__descricao": "PARECER", "assunto": "Reajuste contratual de pre\u00e7os processos n\u00ba 57/2024 - Of\u00edcio de Registro de T\u00edtulos e Documentos e civil das pessoas jur\u00eddicas"}, {"id": "8702", "ano": "2025", "numero": "9", "tipo__sigla": "REV", "tipo__descricao": "Relat\u00f3rios de rodagem do ve\u00edculo e outros", "assunto": "Santana da Vargem - 29/01/2025 - 14:40"}, {"id": "8708", "ano": "2025", "numero": "9", "tipo__sigla": "OFEXP", "tipo__descricao": "Of\u00edcio Expedido", "assunto": "Solicita ao setor de tributa\u00e7\u00e3o que seja emitida de pagamento referente diferen\u00e7a dos rendimentos de aplica\u00e7\u00e3o auferidos no m\u00eas de dezembro de 2024"}, {"id": "8709", "ano": "2025", "numero": "9", "tipo__sigla": "DD", "tipo__descricao": "Documentos da Diretoria", "assunto": "Solicita com urg\u00eancia que seja feita a cota\u00e7\u00e3o de pre\u00e7os no processo licitat\u00f3rio de aquisi\u00e7\u00e3o de linha telef\u00f4nica"}, {"id": "8740", "ano": "2025", "numero": "9", "tipo__sigla": "OR", "tipo__descricao": "OF\u00cdCIOS RECEBIDOS", "assunto": "Esclarecimentos ao parecer jur\u00eddico ao projeto de lei complementar 001/2025"}, {"id": "8807", "ano": "2025", "numero": "9", "tipo__sigla": "MEM", "tipo__descricao": "Memorando", "assunto": "Informa sobre o n\u00e3o registro do ponto de sa\u00edda"}, {"id": "8863", "ano": "2025", "numero": "9", "tipo__sigla": "ODC", "tipo__descricao": "Of\u00edcio/documento Cont\u00e1bil", "assunto": "Encaminha Estimativa do Impacto Or\u00e7ament\u00e1rio-financeiro para atualiza\u00e7\u00e3o do valor do sal\u00e1rio do cargo de Diretor da C\u00e2mara Municipal."}, {"id": "8864", "ano": "2025", "numero": "9", "tipo__sigla": "OCI", "tipo__descricao": "Of\u00edcios da Controladoria Interna", "assunto": "OF\u00cdCIO DA CONTROLADORIA INTERNA N.\u00ba 10/2025\r\n\r\n\r\nSantana da Vargem, 11  de mar\u00e7o de 2025.\r\nASSUNTO: Baixa de patrim\u00f4nio e localiza\u00e7\u00e3o de patrim\u00f4nio\r\n\r\n\u00c0  Excelent\u00edssima Sra. Bruna Renata Teodoro Silva\r\n\r\n\r\nCumprimentando-as cordialmente, venho por meio deste  informar que A Comiss\u00e3o de Patrim\u00f4nio, conforme o invent\u00e1rio f\u00edsico realizado, cujas delibera\u00e7\u00f5es encontram-se na ata anexa,  que ser\u00e1 necess\u00e1rio proceder \u00e0 baixa de alguns bens patrimoniais que n\u00e3o est\u00e3o mais em uso, conforme segue:\r\n\r\n    \u2022 Plaqueta 39: \"Central de alarme ASD 210 Mistas JFL\"\r\n    \u2022 Plaqueta 42: \"Mesa reta bege com p\u00e9s de ferro\"\r\n    \u2022 Plaqueta 43: \"Quadro com bras\u00e3o do munic\u00edpio\"\r\n    \u2022 Plaqueta 56: \"Mesa de canto tabaco\"\r\nDiante disso, solicitamos que a Presid\u00eancia oficie ao Poder Executivo para que sejam tomadas as provid\u00eancias para a retirada desses itens, considerando que os mesmos n\u00e3o est\u00e3o mais em condi\u00e7\u00f5es de uso e devem ser desincorporados do patrim\u00f4nio da institui\u00e7\u00e3o.\r\nAdicionalmente, a Comiss\u00e3o de Patrim\u00f4nio n\u00e3o localizou o bem de plaqueta n.\u00ba 217 \u2013 \"Escada extensiva em ferro 8x8\". Ap\u00f3s investiga\u00e7\u00e3o, obteve-se informa\u00e7\u00f5es verbais de que este bem foi emprestado \u00e0 Prefeitura, mas n\u00e3o h\u00e1 registro formal de sua devolu\u00e7\u00e3o. Sendo assim, solicitamos que a Presid\u00eancia tome as devidas provid\u00eancias para notificar a Prefeitura, com o objetivo de que o bem seja devolvido \u00e0 institui\u00e7\u00e3o, regularizando sua situa\u00e7\u00e3o patrimonial."}, {"id": "8885", "ano": "2025", "numero": "9", "tipo__sigla": "ARO", "tipo__descricao": "ATAS DAS REUNI\u00d5ES ORDIN\u00c1RIAS", "assunto": "Ata da 9\u00aa reuni\u00e3o ordin\u00e1ria da 1\u00aa (primeira) Sess\u00e3o Legislativa da 16\u00aa legislatura da C\u00e2mara Municipal de Santana da Vargem"}, {"id": "8908", "ano": "2025", "numero": "9", "tipo__sigla": "DI", "tipo__descricao": "Di\u00e1rias e documentos relativos", "assunto": "Relat\u00f3rio e presta\u00e7\u00e3o de contas Emerson Silva Ara\u00fajo (Belo Horizonte- 25/02/2025 a 28/02/2025)"}, {"id": "8925", "ano": "2025", "numero": "9", "tipo__sigla": "DRF", "tipo__descricao": "Documentos Relativos a F\u00e9rias", "assunto": "Solicita concess\u00e3o de f\u00e9rias nos dias 25, 26, 27 e 28 de mar\u00e7o referentes a saldo de f\u00e9rias que foi suspenso pelo oficio da presid\u00eancia 023/2025"}, {"id": "8973", "ano": "2025", "numero": "9", "tipo__sigla": "AT", "tipo__descricao": "ATESTADO", "assunto": "Atesta que Isabela Louren\u00e7\u00e3o Messias comparecer a Unidade m\u00e9dica onde verificou-se a impossibilidade de trabalhar por: 1 dia a partir de 31/03/2025"}, {"id": "8999", "ano": "2025", "numero": "9", "tipo__sigla": "OVC", "tipo__descricao": "Of\u00edcio de Vereador/Comiss\u00e3o", "assunto": "Solicita\u00e7\u00e3o para realiza\u00e7\u00e3o de audi\u00eancia p\u00fablica para debater o projeto de lei 034/2025 MUNICIPALIZA\u00c7\u00c3O DA ESCOLA ESTADUAL PADRE JOS\u00c9 RIBEIRO"}, {"id": "9215", "ano": "2025", "numero": "9", "tipo__sigla": "JUST", "tipo__descricao": "Justificativas", "assunto": "Justificativa de n\u00e3o marca\u00e7\u00e3o de ponto eletr\u00f4nico - Rafael Teixeira Nogueira 19/05/2025"}, {"id": "9334", "ano": "2025", "numero": "9", "tipo__sigla": "DEC", "tipo__descricao": "Declara\u00e7\u00e3o", "assunto": "Declara\u00e7\u00e3o de bens e valores Wiliane Aparecida Delc\u00eddio -2025"}, {"id": "9365", "ano": "2025", "numero": "9", "tipo__sigla": "CERT", "tipo__descricao": "CERTIFICADO", "assunto": "Certifica que Jackson Luiz Ven\u00e2ncio de Souza concluiu o 360\u00ba Curso de Capacita\u00e7\u00e3o com o tema \"Curso pr\u00e1tico de CPI e Comiss\u00e3o Processante: Instrumentos de Fiscaliza\u00e7\u00e3o e San\u00e7\u00e3o Parlamentar\""}, {"id": "9368", "ano": "2025", "numero": "9", "tipo__sigla": "PRC", "tipo__descricao": "PAUTAS DAS REUNI\u00d5ES DAS COMISS\u00d5ES PERMANENTES", "assunto": "Pauta da reuni\u00e3o da Comiss\u00e3o de Educa\u00e7\u00e3o, Sa\u00fade e Assist\u00eancia Social do dia 23 de Junho de  2025"}, {"id": "9386", "ano": "2025", "numero": "9", "tipo__sigla": "RCI", "tipo__descricao": "Relat\u00f3rios da Controladoria Interna", "assunto": "RELAT\u00d3RIO DE AUDITORIA INTERNA N.\u00ba 05/2025\r\nPLANO ANUAL DE AUDITORIA - JUNHO /2025\r\nSantana da Vargem, 24 de junho de 2025.\r\nAssunto: Auditoria Interna em Frotas, manuten\u00e7\u00f5es consumo de combust\u00edveis, utiliza\u00e7\u00e3o do\r\nve\u00edculo;\r\n\u00d3rg\u00e3o Audit\u00e1vel: C\u00e2mara Municipal de Santana da Vargem/MG;\r\nPer\u00edodo de Execu\u00e7\u00e3o da Auditoria: 01 de janeiro de 2025 a 17 de junho de 2025;"}, {"id": "9529", "ano": "2025", "numero": "9", "tipo__sigla": "REDF", "tipo__descricao": "Reda\u00e7\u00e3o Final", "assunto": "Reda\u00e7\u00e3o Final do Projeto de Lei Ordin\u00e1ria do legislativo n\u00ba 07 de 09 de maio de 2025"}, {"id": "9655", "ano": "2025", "numero": "9", "tipo__sigla": "OFP", "tipo__descricao": "Of\u00edcio da Procuradoria", "assunto": "Of\u00edcio - Resposta ao of\u00edcio n\u00ba 41/2025 da Controladoria Interna"}, {"id": "9809", "ano": "2025", "numero": "9", "tipo__sigla": "DDCI", "tipo__descricao": "Documentos Diversos da Controladoria Interna", "assunto": "Plano anual de contrata\u00e7\u00e3o  - 2026"}, {"id": "9864", "ano": "2025", "numero": "9", "tipo__sigla": "DA", "tipo__descricao": "Documento Avulso", "assunto": "Biografia Padre V\u00e2nis"}, {"id": "10128", "ano": "2025", "numero": "9", "tipo__sigla": "COMDE", "tipo__descricao": "COMUNICADO/DESPACHO", "assunto": "Despacho de arquivamento do Projeto de Lei Ordin\u00e1rio n\u00ba 87 de 2025 devido inconstitucionalidade"}, {"id": "10251", "ano": "2025", "numero": "9", "tipo__sigla": "AREO", "tipo__descricao": "ATAS DAS REUNI\u00d5ES EXTRAORDIN\u00c1RIAS", "assunto": "Ata da 9\u00aa reuni\u00e3o extraordin\u00e1ria da 1\u00aa sess\u00e3o legislativa da d\u00e9cima sexta legislatura da C\u00e2mara Municipal de Santana da Vargem,"}, {"id": "8680", "ano": "2025", "numero": "10", "tipo__sigla": "PARE", "tipo__descricao": "PARECER", "assunto": "Parecer jur\u00eddico - Projeto de Lei Ordin\u00e1ria n. 03 - 2025 - Prorefis."}, {"id": "8705", "ano": "2025", "numero": "10", "tipo__sigla": "REV", "tipo__descricao": "Relat\u00f3rios de rodagem do ve\u00edculo e outros", "assunto": "Santana da Vargem- 30/01/2025"}, {"id": "8714", "ano": "2025", "numero": "10", "tipo__sigla": "DD", "tipo__descricao": "Documentos da Diretoria", "assunto": "Solicita medi\u00e7\u00e3o da C\u00e2mara Municipal de Santana da Vargem ao setor de engenharia da Prefeitura municipal de Santana da Vargem"}, {"id": "8741", "ano": "2025", "numero": "10", "tipo__sigla": "OR", "tipo__descricao": "OF\u00cdCIOS RECEBIDOS", "assunto": "Esclarecimentos aos Projetos de lei 005, 006, 007 e 008 de 2025"}, {"id": "8744", "ano": "2025", "numero": "10", "tipo__sigla": "OFEXP", "tipo__descricao": "Of\u00edcio Expedido", "assunto": "Convoca\u00e7\u00e3o para reuni\u00e3o extraordin\u00e1ria no dia 10 de Fevereiro de 2025 ap\u00f3s a realiza\u00e7\u00e3o da sess\u00e3o ordin\u00e1ria semanal"}, {"id": "8832", "ano": "2025", "numero": "10", "tipo__sigla": "MEM", "tipo__descricao": "Memorando", "assunto": "Solicita autoriza\u00e7\u00e3o para levar o notebook da C\u00e2mara nos dias que estarem em viagem para BH nos dias 25 a 28 de fevereiro"}, {"id": "8869", "ano": "2025", "numero": "10", "tipo__sigla": "ODC", "tipo__descricao": "Of\u00edcio/documento Cont\u00e1bil", "assunto": "Encaminha c\u00f3pia do of\u00edcio 006/2025 - Contabilidade - para conhecimento do controle Interno."}, {"id": "8896", "ano": "2025", "numero": "10", "tipo__sigla": "OCI", "tipo__descricao": "Of\u00edcios da Controladoria Interna", "assunto": "Of\u00edcio n. 01 - 2025 da Comiss\u00e3o de Patrim\u00f4nio da C\u00e2mara - Solicita abertura de PA para pagamento do cart\u00f3rio de im\u00f3veis para atualiza\u00e7\u00e3o da certid\u00e3o de im\u00f3vel (matr\u00edcula 15.291)"}, {"id": "8933", "ano": "2025", "numero": "10", "tipo__sigla": "ARO", "tipo__descricao": "ATAS DAS REUNI\u00d5ES ORDIN\u00c1RIAS", "assunto": "Ata da 10\u00aa reuni\u00e3o ordin\u00e1ria da 1\u00aa sess\u00e3o legislativa da 16\u00aa Legislatura da C\u00e2mara Municipal de Santana da Vargem"}, {"id": "8941", "ano": "2025", "numero": "10", "tipo__sigla": "DI", "tipo__descricao": "Di\u00e1rias e documentos relativos", "assunto": "Requisi\u00e7\u00e3o de di\u00e1rias Everton Paulo Ara\u00fajo - (Bras\u00edlia-DF - 21/04/2025 a 25/04/2025)"}, {"id": "8951", "ano": "2025", "numero": "10", "tipo__sigla": "DRF", "tipo__descricao": "Documentos Relativos a F\u00e9rias", "assunto": "Aviso de F\u00e9rias Felipe Tom\u00e9 Mota e Silva- per\u00edodo de gozo: 31/03/2025 a 09/04/2025"}, {"id": "9012", "ano": "2025", "numero": "10", "tipo__sigla": "OVC", "tipo__descricao": "Of\u00edcio de Vereador/Comiss\u00e3o", "assunto": "Solicita tramita\u00e7\u00e3o em regime de urg\u00eancia para o projeto do legislativo n\u00ba 006/2025"}, {"id": "9040", "ano": "2025", "numero": "10", "tipo__sigla": "AT", "tipo__descricao": "ATESTADO", "assunto": "Declara para os devidos fins que o paciente Wiliane Aparecida Delc\u00eddio comparecer a unidade no dia 10 de abril de 2025 das 07:00 as 08:08"}, {"id": "9240", "ano": "2025", "numero": "10", "tipo__sigla": "JUST", "tipo__descricao": "Justificativas", "assunto": "Justificativa de n\u00e3o marca\u00e7\u00e3o Isabela Louren\u00e7\u00e3o Messias - 23/05/2025"}, {"id": "9335", "ano": "2025", "numero": "10", "tipo__sigla": "DEC", "tipo__descricao": "Declara\u00e7\u00e3o", "assunto": "Declara\u00e7\u00e3o de bens e valores Larissa Oliveira Naves - Exerc\u00edcio 2025"}, {"id": "9366", "ano": "2025", "numero": "10", "tipo__sigla": "CERT", "tipo__descricao": "CERTIFICADO", "assunto": "Certifica que Everton Paulo Ara\u00fajo  concluiu o 360\u00ba Curso de Capacita\u00e7\u00e3o com o tema \"Curso pr\u00e1tico de CPI e Comiss\u00e3o Processante: Instrumentos de Fiscaliza\u00e7\u00e3o e San\u00e7\u00e3o Parlamentar\""}, {"id": "9407", "ano": "2025", "numero": "10", "tipo__sigla": "PRC", "tipo__descricao": "PAUTAS DAS REUNI\u00d5ES DAS COMISS\u00d5ES PERMANENTES", "assunto": "Pauta reuni\u00e3o da comiss\u00e3o de educa\u00e7\u00e3o, sa\u00fade e assist\u00eancia social 30/06/2025"}, {"id": "9494", "ano": "2025", "numero": "10", "tipo__sigla": "RCI", "tipo__descricao": "Relat\u00f3rios da Controladoria Interna", "assunto": "RELAT\u00d3RIO DO CONTROLE INTERNO\r\nASSUNTO: RELAT\u00d3RIO DO CONTROLE INTERNO N.\u00ba 6\r\nPER\u00cdODO 01.06.2025 A 30.06.2025"}, {"id": "9624", "ano": "2025", "numero": "10", "tipo__sigla": "REDF", "tipo__descricao": "Reda\u00e7\u00e3o Final", "assunto": "Reda\u00e7\u00e3o Final ao Projeto de Lei Ordin\u00e1ria do Legislativo n\u00ba 11 de 18 de junho de 2025"}, {"id": "9660", "ano": "2025", "numero": "10", "tipo__sigla": "OFP", "tipo__descricao": "Of\u00edcio da Procuradoria", "assunto": "Of\u00edcio - Solicita o deferimento dos 10 dias de f\u00e9rias remanescente do \u00faltimo per\u00edodo."}, {"id": "9865", "ano": "2025", "numero": "10", "tipo__sigla": "DA", "tipo__descricao": "Documento Avulso", "assunto": "Biografia Geraldo Paulo da Costa"}, {"id": "10144", "ano": "2025", "numero": "10", "tipo__sigla": "COMDE", "tipo__descricao": "COMUNICADO/DESPACHO", "assunto": "Convoca os vereadores desta Casa Legislativa a participar da realiza\u00e7\u00e3o da 9\u00aa (nona) Reuni\u00e3o Extraordin\u00e1ria para vota\u00e7\u00e3o dos seguintes Projetos de Lei, para o dia 29 de dezembro de 2025."}, {"id": "8684", "ano": "2025", "numero": "11", "tipo__sigla": "PARE", "tipo__descricao": "PARECER", "assunto": "Parecer jur\u00eddico - Descontinuidade do servi\u00e7o anteriormente contratado."}, {"id": "8711", "ano": "2025", "numero": "11", "tipo__sigla": "REV", "tipo__descricao": "Relat\u00f3rios de rodagem do ve\u00edculo e outros", "assunto": "Santana da Vargem- 31/01/2025"}, {"id": "8730", "ano": "2025", "numero": "11", "tipo__sigla": "DD", "tipo__descricao": "Documentos da Diretoria", "assunto": "Encaminha os pedidos de indica\u00e7\u00e3o do vereador Luiz Felipe Mendon\u00e7a Rodrigues"}, {"id": "8745", "ano": "2025", "numero": "11", "tipo__sigla": "OFEXP", "tipo__descricao": "Of\u00edcio Expedido", "assunto": "Convoca\u00e7\u00e3o para reuni\u00e3o extraordin\u00e1ria no dia 10 de Fevereiro de 2025 ap\u00f3s a realiza\u00e7\u00e3o da sess\u00e3o ordin\u00e1ria semanal"}, {"id": "8753", "ano": "2025", "numero": "11", "tipo__sigla": "OR", "tipo__descricao": "OF\u00cdCIOS RECEBIDOS", "assunto": "Resposta a indica\u00e7\u00e3o 001/2025 do vereador Jackson Luiz Ven\u00e2ncio"}, {"id": "8850", "ano": "2025", "numero": "11", "tipo__sigla": "MEM", "tipo__descricao": "Memorando", "assunto": "Comunica f\u00e9rias \u00e9 responsabilidade sobre itens patrimoniais"}, {"id": "8870", "ano": "2025", "numero": "11", "tipo__sigla": "ODC", "tipo__descricao": "Of\u00edcio/documento Cont\u00e1bil", "assunto": "Resposta ao of\u00edcio n\u00b0014/2025 - encaminha documentos solicitados pelo Minist\u00e9rio P\u00fablico."}, {"id": "8914", "ano": "2025", "numero": "11", "tipo__sigla": "OCI", "tipo__descricao": "Of\u00edcios da Controladoria Interna", "assunto": "OF\u00cdCIO DA CONTROLADORIA INTERNA N.\u00ba 11/2025\r\n\r\n\r\nSantana da Vargem, 19 de mar\u00e7o de 2025.\r\nASSUNTO: RELAT\u00d3RIO MENSAL FEVEREIRO 2025\r\n\r\n\u00c0  Excelent\u00edssima Sra. Bruna Renata Teodoro Silva\r\n\u00c0 Contabilidade\r\n\u00c0 Comiss\u00e3o de Licita\u00e7\u00e3o - Cleber\r\n\r\nCumprimentando-as cordialmente, venho por meio deste apresentar RELAT\u00d3RIO MENSAL FEVEREIRO/2025,  para vosso conhecimento e provid\u00eancias.\r\n\r\n     \r\n\r\n Atenciosamente.\r\nSRA.\r\nLaidia Mesquita de Sousa\r\nCONTROLE INTERNO\r\nC\u00c2MARA MUNICIPAL DE SANTANA DA VARGEM/MG"}, {"id": "8949", "ano": "2025", "numero": "11", "tipo__sigla": "ARO", "tipo__descricao": "ATAS DAS REUNI\u00d5ES ORDIN\u00c1RIAS", "assunto": "Ata da 11\u00aa reuni\u00e3o ordin\u00e1ria da 1\u00aa sess\u00e3o legislativa da 16\u00aa legislatura da C\u00e2mara Municipal de Santana da Vargem"}, {"id": "8952", "ano": "2025", "numero": "11", "tipo__sigla": "DI", "tipo__descricao": "Di\u00e1rias e documentos relativos", "assunto": "Requisi\u00e7\u00e3o de di\u00e1rias Cleber de Brito (Belo Horizonte- 10/04/2025 a 11/04/2025)"}, {"id": "8982", "ano": "2025", "numero": "11", "tipo__sigla": "DRF", "tipo__descricao": "Documentos Relativos a F\u00e9rias", "assunto": "Solicita\u00e7\u00e3o de f\u00e9rias: Isabela Louren\u00e7\u00e3o Messias 10 (dez) dias de f\u00e9rias referentes ao per\u00edodo aquisitivo 02/08/2023 a 01/08/2023, per\u00edodo de gozo com in\u00edcio no dia 22 de abril e final 01 de maio de 2025"}, {"id": "9053", "ano": "2025", "numero": "11", "tipo__sigla": "OVC", "tipo__descricao": "Of\u00edcio de Vereador/Comiss\u00e3o", "assunto": "Solicita\u00e7\u00e3o de abertura de processo administrativo - Estudo e  viabiliza\u00e7\u00e3o de inscri\u00e7\u00e3o na XXIV Marcha dos Legislativos Municipais"}, {"id": "9068", "ano": "2025", "numero": "11", "tipo__sigla": "AT", "tipo__descricao": "ATESTADO", "assunto": "Atestado ocupacional Isabela Louren\u00e7\u00e3o Messias - peri\u00f3dico - 16/04/2025"}, {"id": "9241", "ano": "2025", "numero": "11", "tipo__sigla": "JUST", "tipo__descricao": "Justificativas", "assunto": "Justificativa de n\u00e3o marca\u00e7\u00e3o Cleber de Brito 12/05/2025"}, {"id": "9338", "ano": "2025", "numero": "11", "tipo__sigla": "DEC", "tipo__descricao": "Declara\u00e7\u00e3o", "assunto": "Declara\u00e7\u00e3o de bens e valores -Imposto de Renda Rafael Teixeira Nogueira - Exerc\u00edcio 2025 - Ano Calend\u00e1rio 2024"}, {"id": "9412", "ano": "2025", "numero": "11", "tipo__sigla": "CERT", "tipo__descricao": "CERTIFICADO", "assunto": "Certifica que Laidia Mesquita participou do curso OFICINA INTERLEGIS DE PROTE\u00c7\u00c3O DE DADOS"}, {"id": "9453", "ano": "2025", "numero": "11", "tipo__sigla": "PRC", "tipo__descricao": "PAUTAS DAS REUNI\u00d5ES DAS COMISS\u00d5ES PERMANENTES", "assunto": "Pauta da reuni\u00e3o da comiss\u00e3o de educa\u00e7\u00e3o , sa\u00fade e assist\u00eancia social do dia 07 de julho de 2025"}, {"id": "9568", "ano": "2025", "numero": "11", "tipo__sigla": "RCI", "tipo__descricao": "Relat\u00f3rios da Controladoria Interna", "assunto": "RELAT\u00d3RIO DO CONTROLE INTERNO \r\n\r\n\r\n\r\nASSUNTO: RELAT\u00d3RIO DO CONTROLE INTERNO N.\u00ba 7\r\nPER\u00cdODO 01.07.2025 A 31.07.2025\r\n\r\n\r\nSantana da Vargem, 04 de agosto de 2025."}, {"id": "9670", "ano": "2025", "numero": "11", "tipo__sigla": "OFP", "tipo__descricao": "Of\u00edcio da Procuradoria", "assunto": "Of\u00edcio - Resposta ao of\u00edcio n\u00ba 42 - 2025 do Setor Cont\u00e1bil."}, {"id": "9710", "ano": "2025", "numero": "11", "tipo__sigla": "REDF", "tipo__descricao": "Reda\u00e7\u00e3o Final", "assunto": "Reda\u00e7\u00e3o Final do Projeto de Lei Ordin\u00e1ria do Legislativo n\u00ba 14 de 09 de julho de 2025"}, {"id": "9866", "ano": "2025", "numero": "11", "tipo__sigla": "DA", "tipo__descricao": "Documento Avulso", "assunto": "Biografia Wilian de Oliveira"}, {"id": "8692", "ano": "2025", "numero": "12", "tipo__sigla": "PARE", "tipo__descricao": "PARECER", "assunto": "Parecer jur\u00eddico - Projeto de Lei Ordin\u00e1rio n. 04 - 2025 - Autoriza\u00e7\u00e3o para celebra\u00e7\u00e3o de conv\u00eanio com o Sicredi para concess\u00e3o de cr\u00e9dito consignado."}, {"id": "8712", "ano": "2025", "numero": "12", "tipo__sigla": "REV", "tipo__descricao": "Relat\u00f3rios de rodagem do ve\u00edculo e outros", "assunto": "Tr\u00eas Pontas- 31/01/2025"}, {"id": "8746", "ano": "2025", "numero": "12", "tipo__sigla": "OFEXP", "tipo__descricao": "Of\u00edcio Expedido", "assunto": "Convoca\u00e7\u00e3o para reuni\u00e3o extraordin\u00e1ria no dia 10 de Fevereiro de 2025 ap\u00f3s a realiza\u00e7\u00e3o da sess\u00e3o ordin\u00e1ria semanal"}, {"id": "8778", "ano": "2025", "numero": "12", "tipo__sigla": "OR", "tipo__descricao": "OF\u00cdCIOS RECEBIDOS", "assunto": "Of\u00edcios recebidos prefeitura - responde indica\u00e7\u00f5es 001 e 002 do vereador Everton Paulo de Ara\u00fajo"}, {"id": "8897", "ano": "2025", "numero": "12", "tipo__sigla": "MEM", "tipo__descricao": "Memorando", "assunto": "solicita\u00e7\u00e3o de considera\u00e7\u00e3o para adicional de assiduidade"}, {"id": "8910", "ano": "2025", "numero": "12", "tipo__sigla": "ODC", "tipo__descricao": "Of\u00edcio/documento Cont\u00e1bil", "assunto": "Encaminha notas fiscais para liquida\u00e7\u00f5es"}, {"id": "8916", "ano": "2025", "numero": "12", "tipo__sigla": "OCI", "tipo__descricao": "Of\u00edcios da Controladoria Interna", "assunto": "OF\u00cdCIO DA CONTROLADORIA INTERNA N.\u00ba 11/2025\r\n\r\n\r\nSantana da Vargem, 19 de mar\u00e7o de 2025.\r\n\r\nASSUNTO: Exame Toxicol\u00f3gico e curso de dire\u00e7\u00e3o defensiva para o cargo de motorista\r\n\r\n\u00c0  Excelent\u00edssima Sra. Bruna Renata Teodoro Silva\r\n\r\nEm aten\u00e7\u00e3o \u00e0s responsabilidades que competem a esta Controladoria Interna, e visando a melhoria da seguran\u00e7a e conformidade com a legisla\u00e7\u00e3o vigente, esta Controladoria RECOMENDA a implementa\u00e7\u00e3o da exig\u00eancia de exame toxicol\u00f3gico para o cargo de motorista da C\u00e2mara Municipal, conforme disposto na Lei n\u00ba 13.103/2015 (Lei dos Motoristas)."}, {"id": "8953", "ano": "2025", "numero": "12", "tipo__sigla": "DI", "tipo__descricao": "Di\u00e1rias e documentos relativos", "assunto": "Requisi\u00e7\u00e3o de di\u00e1rias Isabela Louren\u00e7\u00e3o Messias (Belo Horizonte- 10/04/2025 a 11/04/2025)"}, {"id": "8977", "ano": "2025", "numero": "12", "tipo__sigla": "ARO", "tipo__descricao": "ATAS DAS REUNI\u00d5ES ORDIN\u00c1RIAS", "assunto": "Ata da 12\u00aa reuni\u00e3o ordin\u00e1ria da 1\u00aa Sess\u00e3o legislativa da 16\u00aa Legislatura da C\u00e2mara Municipal de Santana da Vargem"}, {"id": "9000", "ano": "2025", "numero": "12", "tipo__sigla": "DRF", "tipo__descricao": "Documentos Relativos a F\u00e9rias", "assunto": "Solicita altera\u00e7\u00e3o na data de f\u00e9rias prevista na escala de f\u00e9rias"}, {"id": "9069", "ano": "2025", "numero": "12", "tipo__sigla": "AT", "tipo__descricao": "ATESTADO", "assunto": "Atestado de sa\u00fade ocupacional Felipe Tom\u00e9 Mota e Silva - peri\u00f3dico - 16/04/2025"}, {"id": "9108", "ano": "2025", "numero": "12", "tipo__sigla": "OVC", "tipo__descricao": "Of\u00edcio de Vereador/Comiss\u00e3o", "assunto": "Justificativa aus\u00eancia em reuni\u00e3o"}, {"id": "9285", "ano": "2025", "numero": "12", "tipo__sigla": "JUST", "tipo__descricao": "Justificativas", "assunto": "Autoriza\u00e7\u00e3o para jornada divergente Larissa Oliveira Naves 06/06/2025"}, {"id": "9341", "ano": "2025", "numero": "12", "tipo__sigla": "DEC", "tipo__descricao": "Declara\u00e7\u00e3o", "assunto": "Declara\u00e7\u00e3o de bens e valores - Imposto de Renda - Exerc\u00edcio 2025- Ano calend\u00e1rio 2024"}, {"id": "9413", "ano": "2025", "numero": "12", "tipo__sigla": "CERT", "tipo__descricao": "CERTIFICADO", "assunto": "Certifica que Larissa Oliveira Naves participou do curso OFICINA DE LEI GERAL DE PROTE\u00c7\u00c3O DE DADOS"}, {"id": "9538", "ano": "2025", "numero": "12", "tipo__sigla": "PRC", "tipo__descricao": "PAUTAS DAS REUNI\u00d5ES DAS COMISS\u00d5ES PERMANENTES", "assunto": "Pauta da reuni\u00e3o da comiss\u00e3o de educa\u00e7\u00e3o, sa\u00fade e assist\u00eancia social do dia 04 de agosto de 2025"}, {"id": "9647", "ano": "2025", "numero": "12", "tipo__sigla": "RCI", "tipo__descricao": "Relat\u00f3rios da Controladoria Interna", "assunto": "RELAT\u00d3RIO  DE AUDITORIA INTERNA N.\u00ba 06/2025 \r\nPLANO ANUAL DE AUDITORIA - AGOSTO /2025\r\n\r\n\r\nSantana da Vargem, 18  de agosto de 2025.\r\n\r\nAssunto: Auditoria Interna na ordem cronol\u00f3gica dos Pagamentos realizados pela C\u00e2mara Municipal de Santana da Vargem/MG;\r\n\u00d3rg\u00e3o Audit\u00e1vel: C\u00e2mara Municipal de Santana da Vargem/MG;\r\nPer\u00edodo de Execu\u00e7\u00e3o da Auditoria: 01 de janeiro de 2025 a 31 de julho de 2025;"}, {"id": "9711", "ano": "2025", "numero": "12", "tipo__sigla": "REDF", "tipo__descricao": "Reda\u00e7\u00e3o Final", "assunto": "Reda\u00e7\u00e3o Final do Projeto de Lei n\u00ba 65 de 18 de Junho de 2025"}, {"id": "9815", "ano": "2025", "numero": "12", "tipo__sigla": "OFP", "tipo__descricao": "Of\u00edcio da Procuradoria", "assunto": "Of\u00edcio n\u00ba 17 - 2025 - Verifica\u00e7\u00e3o das filmagens e controle de frequ\u00eancia."}, {"id": "9902", "ano": "2025", "numero": "12", "tipo__sigla": "DA", "tipo__descricao": "Documento Avulso", "assunto": "Biografia Domingos Ferreira de Mesquita"}, {"id": "8716", "ano": "2025", "numero": "13", "tipo__sigla": "PARE", "tipo__descricao": "PARECER", "assunto": "Parecer Jur\u00eddico - Projeto de Lei Complementar n. 01 - 2025 - Altera o Plano de Cargos e Sal\u00e1rios do Executivo"}, {"id": "8724", "ano": "2025", "numero": "13", "tipo__sigla": "REV", "tipo__descricao": "Relat\u00f3rios de rodagem do ve\u00edculo e outros", "assunto": "Varginha 03/02/2025"}, {"id": "8747", "ano": "2025", "numero": "13", "tipo__sigla": "OFEXP", "tipo__descricao": "Of\u00edcio Expedido", "assunto": "Convoca\u00e7\u00e3o para reuni\u00e3o extraordin\u00e1ria no dia 10 de Fevereiro de 2025 ap\u00f3s a realiza\u00e7\u00e3o da sess\u00e3o ordin\u00e1ria semanal"}, {"id": "8769", "ano": "2025", "numero": "13", "tipo__sigla": "DD", "tipo__descricao": "Documentos da Diretoria", "assunto": "Solicita retirada do nome do curso de controle na SF auditoria"}, {"id": "8779", "ano": "2025", "numero": "13", "tipo__sigla": "OR", "tipo__descricao": "OF\u00cdCIOS RECEBIDOS", "assunto": "Esclarecimentos quanto aos pareceres jur\u00eddicos emitidos para os projetos de lei 012, 013, 014, 015, 016 e 017"}, {"id": "8931", "ano": "2025", "numero": "13", "tipo__sigla": "ODC", "tipo__descricao": "Of\u00edcio/documento Cont\u00e1bil", "assunto": "Solicita participa\u00e7\u00e3o no curso de reciclagem e atualiza\u00e7\u00e3o no e-social dos \u00f3rg\u00e3os p\u00fablicos \"Novo leiaute 1.3 e a transi\u00e7\u00e3o da DIRF\""}, {"id": "8935", "ano": "2025", "numero": "13", "tipo__sigla": "OCI", "tipo__descricao": "Of\u00edcios da Controladoria Interna", "assunto": "Baixa de patrim\u00f4nio"}, {"id": "8937", "ano": "2025", "numero": "13", "tipo__sigla": "MEM", "tipo__descricao": "Memorando", "assunto": "Pesquisa de pre\u00e7os para an\u00e1lise de prorroga\u00e7\u00e3o de contrato"}, {"id": "8983", "ano": "2025", "numero": "13", "tipo__sigla": "DI", "tipo__descricao": "Di\u00e1rias e documentos relativos", "assunto": "Requisi\u00e7\u00e3o de di\u00e1rias Jackson Luiz Ven\u00e2ncio de Souza (Bras\u00edlia 21/04/2025 a 25/04/2025)"}, {"id": "8998", "ano": "2025", "numero": "13", "tipo__sigla": "ARO", "tipo__descricao": "ATAS DAS REUNI\u00d5ES ORDIN\u00c1RIAS", "assunto": "Ata da 13\u00aa reuni\u00e3o ordin\u00e1ria da 1\u00aa Sess\u00e3o legislativa da 16\u00aa Legislatura da C\u00e2mara Municipal de Santana da Vargem"}, {"id": "9006", "ano": "2025", "numero": "13", "tipo__sigla": "DRF", "tipo__descricao": "Documentos Relativos a F\u00e9rias", "assunto": "Aviso de f\u00e9rias Isabela Louren\u00e7\u00e3o Messias - per\u00edodo de gozo 22/04/2025 a 01/05/2025\r\nper\u00edodo aquisitivo: 02/08/2023 a 01/08/2024"}, {"id": "9070", "ano": "2025", "numero": "13", "tipo__sigla": "AT", "tipo__descricao": "ATESTADO", "assunto": "Atestado de sa\u00fade ocupacional - Emerson Silva Ara\u00fajo - peri\u00f3dico- 16/04/2025"}, {"id": "9178", "ano": "2025", "numero": "13", "tipo__sigla": "OVC", "tipo__descricao": "Of\u00edcio de Vereador/Comiss\u00e3o", "assunto": "Solicita\u00e7\u00e3o de informa\u00e7\u00f5es complementares - projeto de lei n\u00ba 34 /2025"}, {"id": "9342", "ano": "2025", "numero": "13", "tipo__sigla": "DEC", "tipo__descricao": "Declara\u00e7\u00e3o", "assunto": "Declara\u00e7\u00e3o de bens e valores - Imposto de Renda (Exerc\u00edcio 2025 - Ano Calend\u00e1rio 2024)"}, {"id": "9393", "ano": "2025", "numero": "13", "tipo__sigla": "JUST", "tipo__descricao": "Justificativas", "assunto": "Justificativa de n\u00e3o marca\u00e7\u00e3o de ponto eletr\u00f4nico"}, {"id": "9561", "ano": "2025", "numero": "13", "tipo__sigla": "CERT", "tipo__descricao": "CERTIFICADO", "assunto": "Certifica que Everton Paulo Ara\u00fajo concluiu o 636\u00ba Curso de Capacita\u00e7\u00e3o com o tema: \"Gest\u00e3o Democr\u00e1tica do Patrim\u00f4nio P\u00fablico e o Interesse Coletivo: O Papel do Legislativo na Fiscaliza\u00e7\u00e3o e os Limites da Interven\u00e7\u00e3o Estatal na Propriedade Privada \""}, {"id": "9580", "ano": "2025", "numero": "13", "tipo__sigla": "PRC", "tipo__descricao": "PAUTAS DAS REUNI\u00d5ES DAS COMISS\u00d5ES PERMANENTES", "assunto": "Pauta da reuni\u00e3o da Comiss\u00e3o de Educa\u00e7\u00e3o, Sa\u00fade e Assist\u00eancia Social do Dia 11 de Agosto de 2025"}, {"id": "9693", "ano": "2025", "numero": "13", "tipo__sigla": "RCI", "tipo__descricao": "Relat\u00f3rios da Controladoria Interna", "assunto": "RELAT\u00d3RIO DO CONTROLE INTERNO \r\n\r\n\r\n\r\nASSUNTO: RELAT\u00d3RIO DO CONTROLE INTERNO N.\u00ba 8\r\nPER\u00cdODO 01.08.2025 A 31.08.2025\r\n\r\n\r\nSantana da Vargem, 03 de setembro de 2025."}, {"id": "9714", "ano": "2025", "numero": "13", "tipo__sigla": "REDF", "tipo__descricao": "Reda\u00e7\u00e3o Final", "assunto": "Reda\u00e7\u00e3o final do projeto de lei complementar n\u00ba 11 de 30 de junho de 2025"}, {"id": "9873", "ano": "2025", "numero": "13", "tipo__sigla": "OFP", "tipo__descricao": "Of\u00edcio da Procuradoria", "assunto": "Requerimento de f\u00e9rias."}, {"id": "9903", "ano": "2025", "numero": "13", "tipo__sigla": "DA", "tipo__descricao": "Documento Avulso", "assunto": "Biografia Ana Carolina Pinto Caram Guimar\u00e3es"}, {"id": "8717", "ano": "2025", "numero": "14", "tipo__sigla": "PARE", "tipo__descricao": "PARECER", "assunto": "Parecer Jur\u00eddico - Projeto de Lei Ordin\u00e1rio n. 03 - 2025 - Prorefis."}, {"id": "8734", "ano": "2025", "numero": "14", "tipo__sigla": "REV", "tipo__descricao": "Relat\u00f3rios de rodagem do ve\u00edculo e outros", "assunto": "Alfenas-MG 04/02/2025"}, {"id": "8748", "ano": "2025", "numero": "14", "tipo__sigla": "OFEXP", "tipo__descricao": "Of\u00edcio Expedido", "assunto": "Convoca\u00e7\u00e3o para reuni\u00e3o extraordin\u00e1ria no dia 10 de Fevereiro de 2025 ap\u00f3s a realiza\u00e7\u00e3o da sess\u00e3o ordin\u00e1ria semanal"}, {"id": "8776", "ano": "2025", "numero": "14", "tipo__sigla": "DD", "tipo__descricao": "Documentos da Diretoria", "assunto": "Solicita informa\u00e7\u00f5es da contadora legislativa- of\u00edcio n\u00ba 041/2025 3\u00aa PJ-TP"}, {"id": "8780", "ano": "2025", "numero": "14", "tipo__sigla": "OR", "tipo__descricao": "OF\u00cdCIOS RECEBIDOS", "assunto": "Esclarecimentos quanto ao parecer jur\u00eddico emitido ao projeto de lei complementar 002/2025"}, {"id": "8930", "ano": "2025", "numero": "14", "tipo__sigla": "ODC", "tipo__descricao": "Of\u00edcio/documento Cont\u00e1bil", "assunto": "Encaminha as notas fiscais nf158, nf250790642"}, {"id": "8955", "ano": "2025", "numero": "14", "tipo__sigla": "OCI", "tipo__descricao": "Of\u00edcios da Controladoria Interna", "assunto": "OF\u00cdCIO DA CONTROLADORIA INTERNA N.\u00ba 14/2025\r\n\r\n\r\nSantana da Vargem, 25 de mar\u00e7o de 2025.\r\nASSUNTO: RELATORIO DE AUDITORIA INTERNA N.\u00ba 02/2025\r\n\r\n\u00c0  Excelent\u00edssima Sra. Bruna Renata Teodoro Silva,\r\n\u00c0 Contabilidade\r\n\r\nCumprimentando-as cordialmente, venho por meio deste apresentar RELAT\u00d3RIO CONCLUSIVO DE AUDITORIA INTERNA N\u00ba 02/2025 - Gest\u00e3o de Estoque e Gest\u00e3o de Patrim\u00f4nio,  para seu conhecimento e provid\u00eancias.\r\n\r\n     \r\n\r\n Atenciosamente."}, {"id": "8960", "ano": "2025", "numero": "14", "tipo__sigla": "MEM", "tipo__descricao": "Memorando", "assunto": "Encaminhamento dos projetos aprovados na 12\u00aa reuni\u00e3o ordin\u00e1ria"}, {"id": "8992", "ano": "2025", "numero": "14", "tipo__sigla": "DI", "tipo__descricao": "Di\u00e1rias e documentos relativos", "assunto": "Relat\u00f3rio de rodagem do ve\u00edculo oficial\r\nLocalidade: Santana da Vargem\r\nHor\u00e1rio: 09:35\r\nLevar funcion\u00e1ria Larissa na f\u00e1brica do Ch\u00e9 para fazer protocolo"}, {"id": "9039", "ano": "2025", "numero": "14", "tipo__sigla": "ARO", "tipo__descricao": "ATAS DAS REUNI\u00d5ES ORDIN\u00c1RIAS", "assunto": "Ata da 14\u00aa reuni\u00e3o reuni\u00e3o ordin\u00e1ria na 1\u00aa Sess\u00e3o Legislatura da 16\u00aa Legislatura"}, {"id": "9071", "ano": "2025", "numero": "14", "tipo__sigla": "AT", "tipo__descricao": "ATESTADO", "assunto": "Atesta que Isabela Louren\u00e7\u00e3o Messias esteve  impossibilitada  de trabalhar por um dia no dia 01/04/2025"}, {"id": "9179", "ano": "2025", "numero": "14", "tipo__sigla": "OVC", "tipo__descricao": "Of\u00edcio de Vereador/Comiss\u00e3o", "assunto": "Solicita que o projeto de lei n\u00ba 34/2025 n\u00e3o seja colocado em pauta para vota\u00e7\u00e3o at\u00e9 que sejam encaminhadas as informa\u00e7\u00f5es complementares solicitadas ao poder executivo"}, {"id": "9204", "ano": "2025", "numero": "14", "tipo__sigla": "DRF", "tipo__descricao": "Documentos Relativos a F\u00e9rias", "assunto": "Solicita\u00e7\u00e3o de f\u00e9rias de acordo com a escala de f\u00e9rias anual 2025"}, {"id": "9353", "ano": "2025", "numero": "14", "tipo__sigla": "DEC", "tipo__descricao": "Declara\u00e7\u00e3o", "assunto": "Declara\u00e7\u00e3o de Bens e Valores- Imposto de Renda (Exerc\u00edcio 2025 - Ano calend\u00e1rio 2024)"}, {"id": "9433", "ano": "2025", "numero": "14", "tipo__sigla": "JUST", "tipo__descricao": "Justificativas", "assunto": "Autoriza\u00e7\u00e3o para jornada divergente Wiliane Aparecida Delc\u00eddio 03/07/2025"}, {"id": "9562", "ano": "2025", "numero": "14", "tipo__sigla": "CERT", "tipo__descricao": "CERTIFICADO", "assunto": "Certifica que Jackson Luiz Ven\u00e2ncio de Souza  concluiu o 636\u00ba Curso de Capacita\u00e7\u00e3o com o tema: \"Gest\u00e3o Democr\u00e1tica do Patrim\u00f4nio P\u00fablico e o Interesse Coletivo: O Papel do Legislativo na Fiscaliza\u00e7\u00e3o e os Limites da Interven\u00e7\u00e3o Estatal na Propriedade Privada \""}, {"id": "9622", "ano": "2025", "numero": "14", "tipo__sigla": "PRC", "tipo__descricao": "PAUTAS DAS REUNI\u00d5ES DAS COMISS\u00d5ES PERMANENTES", "assunto": "Pauta comiss\u00e3o de sa\u00fade 18 de agosto de 2025"}, {"id": "9739", "ano": "2025", "numero": "14", "tipo__sigla": "RCI", "tipo__descricao": "Relat\u00f3rios da Controladoria Interna", "assunto": "RELAT\u00d3RIO  DE AUDITORIA INTERNA N.\u00ba 07/2025 \r\nPLANO ANUAL DE AUDITORIA - SETEMBRO/2025\r\n\r\n\r\nSantana da Vargem, 12 de setembro de 2025.\r\n\r\nAssunto: Auditoria Interna Das di\u00e1rias, presta\u00e7\u00e3o de contas e Limites e condi\u00e7\u00f5es para realiza\u00e7\u00e3o da despesa total com pessoal;\r\n C\u00e2mara Municipal de Santana da Vargem/MG;\r\n\u00d3rg\u00e3o Audit\u00e1vel: C\u00e2mara Municipal de Santana da Vargem/MG;\r\nPer\u00edodo de Execu\u00e7\u00e3o da Auditoria: 01 de janeiro de 2025 a 31 de julho de 2025;"}, {"id": "9843", "ano": "2025", "numero": "14", "tipo__sigla": "REDF", "tipo__descricao": "Reda\u00e7\u00e3o Final", "assunto": "Reda\u00e7\u00e3o final do projeto de lei ordin\u00e1ria do Legislativo n\u00ba 13 de 03 de Julho de 2025"}, {"id": "9895", "ano": "2025", "numero": "14", "tipo__sigla": "OFP", "tipo__descricao": "Of\u00edcio da Procuradoria", "assunto": "Aus\u00eancia dias 04 e 05 de novembro."}, {"id": "9904", "ano": "2025", "numero": "14", "tipo__sigla": "DA", "tipo__descricao": "Documento Avulso", "assunto": "Biografia Felipe Flausino de Oliveira"}, {"id": "8718", "ano": "2025", "numero": "15", "tipo__sigla": "PARE", "tipo__descricao": "PARECER", "assunto": "Parecer Jur\u00eddico - Projeto de Lei Ordin\u00e1rio n. 05 - 2025 - Abertura de Cr\u00e9dito Adicional Especial por Super\u00e1vit Financeiro - R$ 411.390,90 (quatrocentos e onze mil trezentos e noventa reais e noventa centavos)"}, {"id": "8749", "ano": "2025", "numero": "15", "tipo__sigla": "OFEXP", "tipo__descricao": "Of\u00edcio Expedido", "assunto": "Convoca\u00e7\u00e3o para reuni\u00e3o extraordin\u00e1ria no dia 10 de Fevereiro de 2025 ap\u00f3s a realiza\u00e7\u00e3o da sess\u00e3o ordin\u00e1ria semanal"}, {"id": "8752", "ano": "2025", "numero": "15", "tipo__sigla": "REV", "tipo__descricao": "Relat\u00f3rios de rodagem do ve\u00edculo e outros", "assunto": "Santana da Vargem- 07/02/2025"}, {"id": "8781", "ano": "2025", "numero": "15", "tipo__sigla": "OR", "tipo__descricao": "OF\u00cdCIOS RECEBIDOS", "assunto": "Of\u00edcio recebido em resposta a indica\u00e7\u00e3o 003/2025 do vereador Luiz Felipe Mendon\u00e7a Rodrigues"}, {"id": "8790", "ano": "2025", "numero": "15", "tipo__sigla": "DD", "tipo__descricao": "Documentos da Diretoria", "assunto": "Solicita que analise o pedido de reajuste de pre\u00e7o requisitado pelo Auto Posto Teomara Maise Correa e emita parecer t\u00e9cnico"}, {"id": "8963", "ano": "2025", "numero": "15", "tipo__sigla": "OCI", "tipo__descricao": "Of\u00edcios da Controladoria Interna", "assunto": "Recomenda\u00e7\u00e3o para constru\u00e7\u00e3o de cobertura da garagem e manuten\u00e7\u00e3o do port\u00e3o"}, {"id": "8974", "ano": "2025", "numero": "15", "tipo__sigla": "MEM", "tipo__descricao": "Memorando", "assunto": "Encaminhamento do projeto de lei aprovado na 13\u00aa reuni\u00e3o ordin\u00e1ria"}, {"id": "8978", "ano": "2025", "numero": "15", "tipo__sigla": "ODC", "tipo__descricao": "Of\u00edcio/documento Cont\u00e1bil", "assunto": "Solicita emiss\u00e3o de guias junto a Prefeitura Municipal de Santana da Vargem para recolhimento de IRRF e aplica\u00e7\u00e3o auferidas na conta da C\u00e2mara Municipal."}, {"id": "8996", "ano": "2025", "numero": "15", "tipo__sigla": "DI", "tipo__descricao": "Di\u00e1rias e documentos relativos", "assunto": "Requerimento de adiantamento para abastecimento e estacionamento quanto em deslocamento"}, {"id": "9082", "ano": "2025", "numero": "15", "tipo__sigla": "AT", "tipo__descricao": "ATESTADO", "assunto": "Atesta que Julia Delc\u00eddio Andrade de Lara acompanhada de sua m\u00e3e Wiliane est\u00e1 sob tratamento m\u00e9dico por 01 dia a partir do dia 23/04/2025"}, {"id": "9084", "ano": "2025", "numero": "15", "tipo__sigla": "ARO", "tipo__descricao": "ATAS DAS REUNI\u00d5ES ORDIN\u00c1RIAS", "assunto": "Ata da 15\u00aa reuni\u00e3o da 1\u00aa sess\u00e3o legislativa da 16\u00aa legislatura da C\u00e2mara Municipal de Santana da Vargem"}, {"id": "9205", "ano": "2025", "numero": "15", "tipo__sigla": "OVC", "tipo__descricao": "Of\u00edcio de Vereador/Comiss\u00e3o", "assunto": "Solicita abertura de processo administrativo para contrata\u00e7\u00e3o e inscri\u00e7\u00e3o no curso: MECANISMOS LEGISLATIVOS DE CONTROLE, FISCALIZA\u00c7\u00c3O E JULGAMENTO NO \u00c2MBITO MUNICIPAL"}, {"id": "9227", "ano": "2025", "numero": "15", "tipo__sigla": "DRF", "tipo__descricao": "Documentos Relativos a F\u00e9rias", "assunto": "Aviso de f\u00e9rias Isabela Louren\u00e7\u00e3o Messias -per\u00edodo de gozo 09/06/2025 a 18/06/2025"}, {"id": "9358", "ano": "2025", "numero": "15", "tipo__sigla": "DEC", "tipo__descricao": "Declara\u00e7\u00e3o", "assunto": "Declara\u00e7\u00e3o de bens e valores Everton Paulo Ara\u00fajo - Ano 2025- exerc\u00edcio 2024"}, {"id": "9497", "ano": "2025", "numero": "15", "tipo__sigla": "JUST", "tipo__descricao": "Justificativas", "assunto": "Justificativa de n\u00e3o marca\u00e7\u00e3o de ponto eletr\u00f4nico Wiliane Aparecida Delc\u00eddio 08/07/2025"}, {"id": "9652", "ano": "2025", "numero": "15", "tipo__sigla": "PRC", "tipo__descricao": "PAUTAS DAS REUNI\u00d5ES DAS COMISS\u00d5ES PERMANENTES", "assunto": "Pauta da reuni\u00e3o da comiss\u00e3o de educa\u00e7\u00e3o, sa\u00fade e assist\u00eancia social do dia 25 de Agosto de 2025"}, {"id": "9807", "ano": "2025", "numero": "15", "tipo__sigla": "RCI", "tipo__descricao": "Relat\u00f3rios da Controladoria Interna", "assunto": "RELAT\u00d3RIO DO CONTROLE INTERNO \r\n\r\n\r\n\r\nASSUNTO: RELAT\u00d3RIO DO CONTROLE INTERNO N.\u00ba 9\r\nPER\u00cdODO 01.09.2025 A 30.09.2025"}, {"id": "9837", "ano": "2025", "numero": "15", "tipo__sigla": "CERT", "tipo__descricao": "CERTIFICADO", "assunto": "Certifica que Cleber de Brito concluiu o curso Contabilidade com foco na gest\u00e3o de patrim\u00f4nio p\u00fablico"}, {"id": "9853", "ano": "2025", "numero": "15", "tipo__sigla": "REDF", "tipo__descricao": "Reda\u00e7\u00e3o Final", "assunto": "Reda\u00e7\u00e3o final do projeto de lei ordin\u00e1rio do executivo n\u00ba 82 de 15 de agosto de 2025"}, {"id": "9913", "ano": "2025", "numero": "15", "tipo__sigla": "DA", "tipo__descricao": "Documento Avulso", "assunto": "Biografia Darci Batista da Silva"}, {"id": "10008", "ano": "2025", "numero": "15", "tipo__sigla": "OFP", "tipo__descricao": "Of\u00edcio da Procuradoria", "assunto": "Of\u00edcio da Procuradoria n\u00ba 20 - 2025 - Reconsidera\u00e7\u00e3o do hor\u00e1rio de retorno do almo\u00e7o."}, {"id": "8719", "ano": "2025", "numero": "16", "tipo__sigla": "PARE", "tipo__descricao": "PARECER", "assunto": "Parecer Jur\u00eddico - Projeto de Lei Ordin\u00e1ria n. 06 - 2025 - Abertura de Cr\u00e9dito Adicional Especial por super\u00e1vit financeiro R$ 108.580,11 (cento e oito mil quinhentos e oitenta reais e onze centavos)"}, {"id": "8750", "ano": "2025", "numero": "16", "tipo__sigla": "OFEXP", "tipo__descricao": "Of\u00edcio Expedido", "assunto": "Convoca\u00e7\u00e3o para reuni\u00e3o extraordin\u00e1ria no dia 10 de Fevereiro de 2025 ap\u00f3s a realiza\u00e7\u00e3o da sess\u00e3o ordin\u00e1ria semanal"}, {"id": "8784", "ano": "2025", "numero": "16", "tipo__sigla": "REV", "tipo__descricao": "Relat\u00f3rios de rodagem do ve\u00edculo e outros", "assunto": "Santana da Vargem- 12/02/2025 \u00e0s 15:10"}, {"id": "8787", "ano": "2025", "numero": "16", "tipo__sigla": "OR", "tipo__descricao": "OF\u00cdCIOS RECEBIDOS", "assunto": "Reafirma esclarecimentos referentes aos projetos de lei ordin\u00e1ria 005, 006, 007 e 008"}, {"id": "8796", "ano": "2025", "numero": "16", "tipo__sigla": "DD", "tipo__descricao": "Documentos da Diretoria", "assunto": "Encaminha reda\u00e7\u00e3o final do projeto de lei 003 de 21 de janeiro de 2025"}, {"id": "8972", "ano": "2025", "numero": "16", "tipo__sigla": "OCI", "tipo__descricao": "Of\u00edcios da Controladoria Interna", "assunto": "OF\u00cdCIO DA CONTROLADORIA INTERNA N.\u00ba 16/2025\r\n\r\n\r\nSantana da Vargem, 31 de mar\u00e7o de 2025.\r\n\r\nASSUNTO: Instru\u00e7\u00e3o Normativa F\u00e9rias\r\n\r\n\r\nAo Sr. Felipe Tom\u00e9 Mota - Procuradoria\r\n\r\nEm cumprimento \u00e0s atribui\u00e7\u00f5es da Controladoria Interna e com o objetivo de aprimorar as pr\u00e1ticas de governan\u00e7a e conformidade dentro da C\u00e2mara Municipal de Santana da Vargem, encaminhamos, para an\u00e1lise desta Procuradoria, a Instru\u00e7\u00e3o Normativa n\u00ba 01/2025, elaborada por esta Controladoria, que trata dos procedimentos e normas relacionados ao gerenciamento e concess\u00e3o de f\u00e9rias aos servidores desta institui\u00e7\u00e3o.\r\nSolicitamos que, ao proceder com a an\u00e1lise, seja verificada a conformidade da referida instru\u00e7\u00e3o normativa com a legisla\u00e7\u00e3o vigente, especialmente no que tange ao Estatuto do Servidor e outros normativos relacionados. Pedimos tamb\u00e9m que sejam apontadas eventuais inconformidades ou a necessidade de ajustes legais, al\u00e9m de sugest\u00f5es que visem garantir a legalidade, efici\u00eancia e clareza dos procedimentos estabelecidos.\r\nAgrade\u00e7o desde j\u00e1 pela colabora\u00e7\u00e3o e ficamos \u00e0 disposi\u00e7\u00e3o para quaisquer esclarecimentos que se fa\u00e7am necess\u00e1rios."}, {"id": "8981", "ano": "2025", "numero": "16", "tipo__sigla": "ODC", "tipo__descricao": "Of\u00edcio/documento Cont\u00e1bil", "assunto": "Solicita\u00e7\u00e3o de f\u00e9rias Isabela Louren\u00e7\u00e3o Messias 10 (dez) dias de f\u00e9rias referentes ao per\u00edodo aquisitivo 02/08/2023 a 01/08/2023, per\u00edodo de gozo com in\u00edcio no dia 22 de abril e final 01 de maio de 2025"}, {"id": "8984", "ano": "2025", "numero": "16", "tipo__sigla": "MEM", "tipo__descricao": "Memorando", "assunto": "Solicita\u00e7\u00e3o de participa\u00e7\u00e3o em curso de capacita\u00e7\u00e3o"}, {"id": "9008", "ano": "2025", "numero": "16", "tipo__sigla": "DI", "tipo__descricao": "Di\u00e1rias e documentos relativos", "assunto": "Requerimento de adiantamento para abastecimento e estacionamento quanto em deslocamento \r\nLocalidade de Destino: Boa Esperan\u00e7a MG\r\nData de ida: 09/04/2025\r\nRessarcimento de despesas do carro referente a ped\u00e1gio na BR265"}, {"id": "9083", "ano": "2025", "numero": "16", "tipo__sigla": "AT", "tipo__descricao": "ATESTADO", "assunto": "Atesta que Laidia Mesquita de Souza Barbosa compareceu \u00e0 consulta m\u00e9dica com o filho Leonardo Jos\u00e9 Barbosa no per\u00edodo da tarde em 22/06/2025"}, {"id": "9103", "ano": "2025", "numero": "16", "tipo__sigla": "ARO", "tipo__descricao": "ATAS DAS REUNI\u00d5ES ORDIN\u00c1RIAS", "assunto": "Ata da 16\u00aa reuni\u00e3o ordin\u00e1ria da 1\u00aa sess\u00e3o legislativa da 16\u00aa legislatura"}, {"id": "9212", "ano": "2025", "numero": "16", "tipo__sigla": "OVC", "tipo__descricao": "Of\u00edcio de Vereador/Comiss\u00e3o", "assunto": "Solicita\u00e7\u00e3o de bateria para motocicleta  que presta apoio ao programa mais gen\u00e9tica"}, {"id": "9384", "ano": "2025", "numero": "16", "tipo__sigla": "DEC", "tipo__descricao": "Declara\u00e7\u00e3o", "assunto": "Declara\u00e7\u00e3o de bens e valores - Imposto de Renda,  Exerc\u00edcio 2024 - Ano calend\u00e1rio 2025"}, {"id": "9498", "ano": "2025", "numero": "16", "tipo__sigla": "JUST", "tipo__descricao": "Justificativas", "assunto": "Justificativa de n\u00e3o marca\u00e7\u00e3o de ponto eletr\u00f4nico Wiliane Aparecida Delc\u00eddio 10/07/2025"}, {"id": "9532", "ano": "2025", "numero": "16", "tipo__sigla": "DRF", "tipo__descricao": "Documentos Relativos a F\u00e9rias", "assunto": "Requer 20 dias de f\u00e9rias de f\u00e9rias regulamentares, parcelado em 02 (dois) per\u00edodos e a convers\u00e3o de 1/3 em abono pecuni\u00e1rio - Cleber de Brito"}, {"id": "9706", "ano": "2025", "numero": "16", "tipo__sigla": "PRC", "tipo__descricao": "PAUTAS DAS REUNI\u00d5ES DAS COMISS\u00d5ES PERMANENTES", "assunto": "Pauta comiss\u00e3o de educa\u00e7\u00e3o, sa\u00fade e assist\u00eancia social do dia 08 de setembro de 2025"}, {"id": "9817", "ano": "2025", "numero": "16", "tipo__sigla": "RCI", "tipo__descricao": "Relat\u00f3rios da Controladoria Interna", "assunto": "RELAT\u00d3RIO DE AUDITORIA INTERNA N.\u00ba 08/2025\r\nPLANO ANUAL DE AUDITORIA - OUTUBRO/2025\r\n\r\nAssunto: Auditoria Interna no cumprimento das obriga\u00e7\u00f5es cont\u00e1beis e da regularidade dos relat\u00f3rios cont\u00e1beis obrigat\u00f3rios da C\u00e2mara Municipal de Santana da Vargem/MG;"}, {"id": "9914", "ano": "2025", "numero": "16", "tipo__sigla": "DA", "tipo__descricao": "Documento Avulso", "assunto": "Biografia Pedro Eg\u00eddio Terra"}, {"id": "9989", "ano": "2025", "numero": "16", "tipo__sigla": "REDF", "tipo__descricao": "Reda\u00e7\u00e3o Final", "assunto": "Reda\u00e7\u00e3o final do projeto de lei complementar n\u00ba 12 de 12 de agosto de 2025"}, {"id": "10023", "ano": "2025", "numero": "16", "tipo__sigla": "OFP", "tipo__descricao": "Of\u00edcio da Procuradoria", "assunto": "Doc. Anexo ao Parecer Jur\u00eddico - Inexigibilidade Curso ABRACAM - 18\u00aa Congresso Nacional de C\u00e2maras Municipais."}, {"id": "10113", "ano": "2025", "numero": "16", "tipo__sigla": "CERT", "tipo__descricao": "CERTIFICADO", "assunto": "Certifica Everton Paulo Ara\u00fajo participou do 18\u00ba Congresso Brasileiro de C\u00e2maras Municipais em Bras\u00edlia -DF entre os dias 2 a 5 de dezembro de 2025"}, {"id": "8720", "ano": "2025", "numero": "17", "tipo__sigla": "PARE", "tipo__descricao": "PARECER", "assunto": "Parecer Jur\u00eddico - Projeto de Lei Ordin\u00e1ria n. 07 - 2025 - Abertura de Cr\u00e9dito Adicional Especial por super\u00e1vit financeiro R$ 377.174,37 (trezentos e setenta e sete mil cento e setenta e quatro reais e trinta e sete centavos);"}, {"id": "8751", "ano": "2025", "numero": "17", "tipo__sigla": "OFEXP", "tipo__descricao": "Of\u00edcio Expedido", "assunto": "Convoca\u00e7\u00e3o para reuni\u00e3o extraordin\u00e1ria no dia 10 de Fevereiro de 2025 ap\u00f3s a realiza\u00e7\u00e3o da sess\u00e3o ordin\u00e1ria semanal"}, {"id": "8785", "ano": "2025", "numero": "17", "tipo__sigla": "REV", "tipo__descricao": "Relat\u00f3rios de rodagem do ve\u00edculo e outros", "assunto": "Santana da Vargem - 12/05/2025 \u00e0s 14:28"}, {"id": "8788", "ano": "2025", "numero": "17", "tipo__sigla": "OR", "tipo__descricao": "OF\u00cdCIOS RECEBIDOS", "assunto": "Presta esclarecimentos quanto ao parecer jur\u00eddico emitido ao projeto de lei 004/2025"}, {"id": "8806", "ano": "2025", "numero": "17", "tipo__sigla": "DD", "tipo__descricao": "Documentos da Diretoria", "assunto": "Encaminha as SF 009/2025, 008/2025, 016/2025 do fornecedor Roney Vitor da Silva"}, {"id": "8986", "ano": "2025", "numero": "17", "tipo__sigla": "ODC", "tipo__descricao": "Of\u00edcio/documento Cont\u00e1bil", "assunto": "Certid\u00e3o negativa de d\u00e9bitos relativos \u00e0 cr\u00e9ditos tribut\u00e1rios federais e \u00e0 divida ativa da Uni\u00e3o - fornecedor Edilon Fernandes Silva"}, {"id": "9014", "ano": "2025", "numero": "17", "tipo__sigla": "OCI", "tipo__descricao": "Of\u00edcios da Controladoria Interna", "assunto": "OF\u00cdCIO DA CONTROLADORIA INTERNA N.\u00ba 18/2025\r\nSantana da Vargem,08 de abril de 2025.\r\nASSUNTO: RELAT\u00d3RIO MENSAL MAR\u00c7O 2025\r\n\u00c0 Excelent\u00edssima Sra. Bruna Renata Teodoro Silva\r\n\u00c0 Contabilidade\r\nCumprimentando-as cordialmente, venho por meio deste apresentar RELAT\u00d3RIO\r\nMENSAL MAR\u00c7O/2025, para vosso conhecimento e provid\u00eancias.\r\nAtenciosamente."}, {"id": "9024", "ano": "2025", "numero": "17", "tipo__sigla": "DI", "tipo__descricao": "Di\u00e1rias e documentos relativos", "assunto": "Relat\u00f3rio e presta\u00e7\u00e3o de contas Emerson Silva Ara\u00fajo - Boa Esperan\u00e7a- 09/05/2025"}, {"id": "9037", "ano": "2025", "numero": "17", "tipo__sigla": "MEM", "tipo__descricao": "Memorando", "assunto": "Comunicado sobre a cota\u00e7\u00e3o de servi\u00e7os de fornecimento de internet"}, {"id": "9085", "ano": "2025", "numero": "17", "tipo__sigla": "AT", "tipo__descricao": "ATESTADO", "assunto": "Atesta que Luiz Felipe Mendon\u00e7a Rodrigues esta em tratamento m\u00e9dico devendo se afastar por um per\u00edodo de 2 (dois) dias a partir do dia 23/04/2025"}, {"id": "9130", "ano": "2025", "numero": "17", "tipo__sigla": "ARO", "tipo__descricao": "ATAS DAS REUNI\u00d5ES ORDIN\u00c1RIAS", "assunto": "Ata da 17\u00aa reuni\u00e3o ordin\u00e1ria da 1\u00aa Sess\u00e3o Legislativa da 16\u00aa Legislatura da C\u00e2mara Municipal de Santana da Vargem"}, {"id": "9284", "ano": "2025", "numero": "17", "tipo__sigla": "OVC", "tipo__descricao": "Of\u00edcio de Vereador/Comiss\u00e3o", "assunto": "Solicita que seja emitido parecer jur\u00eddico a respeito da presta\u00e7\u00e3o de contas do exerc\u00edcio 2022 - presta\u00e7\u00e3o de contas 2022"}, {"id": "9536", "ano": "2025", "numero": "17", "tipo__sigla": "DEC", "tipo__descricao": "Declara\u00e7\u00e3o", "assunto": "Declara\u00e7\u00e3o de bens e valores Felipe Tom\u00e9 Mota e Silva Exerc\u00edcio 2025, ano calend\u00e1rio 2024"}, {"id": "9542", "ano": "2025", "numero": "17", "tipo__sigla": "DRF", "tipo__descricao": "Documentos Relativos a F\u00e9rias", "assunto": "Aviso de f\u00e9rias Cleber de Brito - Per\u00edodo  de gozo 11/08/2025 a 20/08/2025"}, {"id": "9643", "ano": "2025", "numero": "17", "tipo__sigla": "JUST", "tipo__descricao": "Justificativas", "assunto": "Autoriza\u00e7\u00e3o para jornada divergente Rafael Teixeira Nogueira - 18/08/2025"}, {"id": "9748", "ano": "2025", "numero": "17", "tipo__sigla": "PRC", "tipo__descricao": "PAUTAS DAS REUNI\u00d5ES DAS COMISS\u00d5ES PERMANENTES", "assunto": "Pauta da Reuni\u00e3o da Comiss\u00e3o de Educa\u00e7\u00e3o. Sa\u00fade e Assist\u00eancia Social do Dia 15 de Setembro de 2025"}, {"id": "9915", "ano": "2025", "numero": "17", "tipo__sigla": "DA", "tipo__descricao": "Documento Avulso", "assunto": "Biografia Leidiane"}, {"id": "9950", "ano": "2025", "numero": "17", "tipo__sigla": "RCI", "tipo__descricao": "Relat\u00f3rios da Controladoria Interna", "assunto": "RELAT\u00d3RIO DO CONTROLE INTERNO\r\nASSUNTO: RELAT\u00d3RIO DO CONTROLE INTERNO N.\u00ba 10\r\nPER\u00cdODO 01.10.2025 A 31.10.2025\r\nSantana da Vargem, 04 de novembro de 2025.\r\n1 \u2013 INTRODU\u00c7\u00c3O\r\nEsta Controladora Interna, nomeada pela Portaria 51 de 18 de setembro de 2023, considerando o disposto no artigo 1\u00ba da Lei Municipal 1.562 de 02 de setembro de 2021, onde o Controle Interno do poder Legislativo, \u201cvisa assegurar a fiscaliza\u00e7\u00e3o cont\u00e1bil, financeira, patrimonial, or\u00e7ament\u00e1ria, operacional e de pessoal de seus atos, quanto a legalidade, legitimidade e economicidade na gest\u00e3o dos recursos p\u00fablicos\u201d, apresenta neste relat\u00f3rio o resultado decorrente da avalia\u00e7\u00e3o mensal do m\u00eas de outubro/2025, inclusive resultado das auditorias \u201cin locco\u201d nas \u00e1reas descritas abaixo, feita pela Controladora Interna da C\u00e2mara Municipal de Santana da Vargem/MG"}, {"id": "10114", "ano": "2025", "numero": "17", "tipo__sigla": "CERT", "tipo__descricao": "CERTIFICADO", "assunto": "Certifica que Jackson Luiz Ven\u00e2ncio de Souza participou do 18\u00ba Congresso Brasileiro de C\u00e2maras Municipais em Bras\u00edlia -DF entre os dias 2 a 5 de dezembro de 2025"}, {"id": "10139", "ano": "2025", "numero": "17", "tipo__sigla": "REDF", "tipo__descricao": "Reda\u00e7\u00e3o Final", "assunto": "Reda\u00e7\u00e3o final do projeto de lei ordin\u00e1ria do legislativo n\u00ba 18 de 2025"}, {"id": "8721", "ano": "2025", "numero": "18", "tipo__sigla": "PARE", "tipo__descricao": "PARECER", "assunto": "Parecer Jur\u00eddico - Projeto de Lei Ordin\u00e1ria n. 08 - 2025 - Abertura de Cr\u00e9dito Adicional Especial por super\u00e1vit financeiro R$ 24.615,24 (vinte e quatro mil seiscentos e quinze reais e vinte e quatro centavos)"}, {"id": "8793", "ano": "2025", "numero": "18", "tipo__sigla": "OFEXP", "tipo__descricao": "Of\u00edcio Expedido", "assunto": "Solicita que o setor de tributa\u00e7\u00e3o emita uma guia de pagamento no valor de R$3.043,14 referente a rendimentos de aplica\u00e7\u00e3o auferidos no m\u00eas de janeiro de 2025"}, {"id": "8810", "ano": "2025", "numero": "18", "tipo__sigla": "DD", "tipo__descricao": "Documentos da Diretoria", "assunto": "Encaminha aos projetos de lei aprovados na 1\u00aa reuni\u00e3o extraordin\u00e1ria realizada no dia 18 de Fevereiro de 2025"}, {"id": "8813", "ano": "2025", "numero": "18", "tipo__sigla": "OR", "tipo__descricao": "OF\u00cdCIOS RECEBIDOS", "assunto": "Resposta ao of\u00edcio n\u00ba 012/2025 - informa\u00e7\u00f5es Mar\u00edlia Moura"}, {"id": "8898", "ano": "2025", "numero": "18", "tipo__sigla": "REV", "tipo__descricao": "Relat\u00f3rios de rodagem do ve\u00edculo e outros", "assunto": "Santana da Vargem 25/02/2025- Levar o procurador para abastecer o carro novo e trazer o carro para guardar"}, {"id": "9045", "ano": "2025", "numero": "18", "tipo__sigla": "DI", "tipo__descricao": "Di\u00e1rias e documentos relativos", "assunto": "Relat\u00f3rio e presta\u00e7\u00e3o de contas Cleber de Brito (Belo Horizonte-10/05/2025 a 11/05/2025)"}, {"id": "9047", "ano": "2025", "numero": "18", "tipo__sigla": "OCI", "tipo__descricao": "Of\u00edcios da Controladoria Interna", "assunto": "OF\u00cdCIO DA CONTROLADORIA INTERNA N.\u00ba 19/2025\r\n\r\n\r\nSantana da Vargem, 14 de abril  de 2025.\r\nASSUNTO: Retomada Transmiss\u00e3o ao Vivo das Sess\u00f5es da C\u00e2mara Municipal.\r\n\r\n\u00c0  Excelent\u00edssima Sra. Bruna Renata Teodoro Silva\r\n\r\n\r\nEsta Controladoria Interna, no exerc\u00edcio de suas atribui\u00e7\u00f5es legais, notadamente aquelas relacionadas ao fortalecimento da transpar\u00eancia, da integridade p\u00fablica e do controle social, com base no disposto na Lei Federal n\u00ba 12.527/2011 (Lei de Acesso \u00e0 Informa\u00e7\u00e3o), vem, por meio do presente expediente, RECOMENDAR a esta Presid\u00eancia a imediata retomada da pr\u00e1tica de transmiss\u00e3o ao vivo das sess\u00f5es ordin\u00e1rias e extraordin\u00e1rias da C\u00e2mara Municipal, anteriormente j\u00e1 adotada por esta Casa Legislativa."}, {"id": "9072", "ano": "2025", "numero": "18", "tipo__sigla": "ODC", "tipo__descricao": "Of\u00edcio/documento Cont\u00e1bil", "assunto": "Atividades a serem realizadas em per\u00edodos de f\u00e9rias (22/abril a 1\u00ba de maio)"}, {"id": "9092", "ano": "2025", "numero": "18", "tipo__sigla": "MEM", "tipo__descricao": "Memorando", "assunto": "encaminhamento das proposi\u00e7\u00f5es aprovadas na 16\u00aa reuni\u00e3o ordin\u00e1ria"}, {"id": "9095", "ano": "2025", "numero": "18", "tipo__sigla": "AT", "tipo__descricao": "ATESTADO", "assunto": "Atesta que Rafael Teixeira Nogueira est\u00e1 sob tratamento m\u00e9dico devendo ser afastado do servi\u00e7o por 01 (um) dia a partir do dia 25/04/2025"}, {"id": "9164", "ano": "2025", "numero": "18", "tipo__sigla": "ARO", "tipo__descricao": "ATAS DAS REUNI\u00d5ES ORDIN\u00c1RIAS", "assunto": "Ata da 18\u00aa reuni\u00e3o ordin\u00e1ria da 1\u00aa sess\u00e3o legislativa da 16\u00aa legislatura da C\u00e2mara Municipal de Santana da Vargem"}, {"id": "9288", "ano": "2025", "numero": "18", "tipo__sigla": "OVC", "tipo__descricao": "Of\u00edcio de Vereador/Comiss\u00e3o", "assunto": "Solicita o deferimento de curso - CPI"}, {"id": "9537", "ano": "2025", "numero": "18", "tipo__sigla": "DEC", "tipo__descricao": "Declara\u00e7\u00e3o", "assunto": "Declara\u00e7\u00e3o de bens e valores Gilson Vitor de Paulo Ano calend\u00e1rio 2024 - Exerc\u00edcio 2025"}, {"id": "9587", "ano": "2025", "numero": "18", "tipo__sigla": "DRF", "tipo__descricao": "Documentos Relativos a F\u00e9rias", "assunto": "Solicita concess\u00e3o de 20 (vinte) dias de f\u00e9rias, bem como, convers\u00e3o pecuni\u00e1ria de 10 (dez) dias referentes o per\u00edodo aquisitivo 21/10/2025 a 20/10/2025"}, {"id": "9645", "ano": "2025", "numero": "18", "tipo__sigla": "JUST", "tipo__descricao": "Justificativas", "assunto": "Justificativa de n\u00e3o marca\u00e7\u00e3o de ponto  14/08/2025 - Wiliane Aparecida Delc\u00eddio"}, {"id": "9810", "ano": "2025", "numero": "18", "tipo__sigla": "PRC", "tipo__descricao": "PAUTAS DAS REUNI\u00d5ES DAS COMISS\u00d5ES PERMANENTES", "assunto": "Pauta da Reuni\u00e3o da Comiss\u00e3o de Educa\u00e7\u00e3o, Sa\u00fade e Assisntencia Social de 13 de outubro de 2025"}, {"id": "9916", "ano": "2025", "numero": "18", "tipo__sigla": "DA", "tipo__descricao": "Documento Avulso", "assunto": "Biografia Maria Natalina Scalioni Tempesta"}, {"id": "9995", "ano": "2025", "numero": "18", "tipo__sigla": "RCI", "tipo__descricao": "Relat\u00f3rios da Controladoria Interna", "assunto": "RELAT\u00d3RIO DE AUDITORIA INTERNA N.\u00ba 09/2025\r\nPLANO ANUAL DE AUDITORIA - NOVEMBRO/2025\r\nSantana da Vargem, 17 de novembro de 2025.\r\nAssunto: Cumprimento das metas financeiras previstas no Plano Plurianual \u2013 PPP, na Lei Or\u00e7ament\u00e1ria Anual \u2013 LOA e na Lei de Diretrizes Or\u00e7ament\u00e1rias - LDO por descri\u00e7\u00e3o; Repasse do duod\u00e9cimo; Gest\u00e3o Financeira da C\u00e2mara Municipal de Santana da Vargem;\r\n\u00d3rg\u00e3o Audit\u00e1vel: C\u00e2mara Municipal de Santana da Vargem/MG;Per\u00edodo de Execu\u00e7\u00e3o da Auditoria: 01 de janeiro de 2025 a 30 de outubro de 2025;"}, {"id": "10140", "ano": "2025", "numero": "18", "tipo__sigla": "REDF", "tipo__descricao": "Reda\u00e7\u00e3o Final", "assunto": "Reda\u00e7\u00e3o Final do Projeto de Lei Ordin\u00e1ria do Legislativo n\u00ba 22 de 24 de Setembro de 2025"}, {"id": "8722", "ano": "2025", "numero": "19", "tipo__sigla": "PARE", "tipo__descricao": "PARECER", "assunto": "Parecer Jur\u00eddico - Projeto de Lei Ordin\u00e1ria n. 09 - 2025 - Altera o organograma do Executivo."}, {"id": "8794", "ano": "2025", "numero": "19", "tipo__sigla": "OFEXP", "tipo__descricao": "Of\u00edcio Expedido", "assunto": "Solicita ao setor de tributa\u00e7\u00e3o que seja emitida guia de pagamento no valor de R$2.89,17 referente a IRRF da folha de janeiro de 2025"}, {"id": "8824", "ano": "2025", "numero": "19", "tipo__sigla": "DD", "tipo__descricao": "Documentos da Diretoria", "assunto": "Encaminha o pedido de indica\u00e7\u00e3o do vereador Luiz Felipe Mendon\u00e7a Rodrigues"}, {"id": "8834", "ano": "2025", "numero": "19", "tipo__sigla": "OR", "tipo__descricao": "OF\u00cdCIOS RECEBIDOS", "assunto": "Of\u00edcio recebido prefeitura 84- responde indica\u00e7\u00e3o do vereador Luiz Felipe Mendon\u00e7a Rodrigues"}, {"id": "8899", "ano": "2025", "numero": "19", "tipo__sigla": "REV", "tipo__descricao": "Relat\u00f3rios de rodagem do ve\u00edculo e outros", "assunto": "Belo Horizonte- 25/02/2025 a 28/02/2025- Levar os servidores Cleber e Ruiter para curso de capacita\u00e7\u00e3o"}, {"id": "9046", "ano": "2025", "numero": "19", "tipo__sigla": "DI", "tipo__descricao": "Di\u00e1rias e documentos relativos", "assunto": "Relat\u00f3rio e presta\u00e7\u00e3o de contas Isabela Louren\u00e7\u00e3o Messias (Belo Horizonte- 10/05/2025 a 11/05/2025)"}, {"id": "9090", "ano": "2025", "numero": "19", "tipo__sigla": "OCI", "tipo__descricao": "Of\u00edcios da Controladoria Interna", "assunto": "F\u00cdCIO DA CONTROLADORIA INTERNA N.\u00ba 20/2025\r\n\r\n\r\nSantana da Vargem, 24 de abril de 2025.\r\nASSUNTO: RELATORIO DE AUDITORIA INTERNA N.\u00ba 03/2025\r\n\r\n\u00c0  Excelent\u00edssima Sra. Bruna Renata Teodoro Silva,\r\n\u00c0 Contabilidade\r\n\r\nCumprimentando-as cordialmente, venho por meio deste apresentar RELAT\u00d3RIO CONCLUSIVO DE AUDITORIA INTERNA N\u00ba 03/2025 -  Transpar\u00eancia do Site da C\u00e2mara Municipal e publica\u00e7\u00f5es oficiais e Frequ\u00eancia de Servidores e Agentes politicos.\r\n\r\n     \r\n\r\n Atenciosamente."}, {"id": "9105", "ano": "2025", "numero": "19", "tipo__sigla": "AT", "tipo__descricao": "ATESTADO", "assunto": "Declara que Wiliane Aparecida comparecer a unidade de sa\u00fade no dia 29 de abril de 2025 permanecendo das 12h at\u00e9 13h02min"}, {"id": "9122", "ano": "2025", "numero": "19", "tipo__sigla": "ODC", "tipo__descricao": "Of\u00edcio/documento Cont\u00e1bil", "assunto": "Solicita emiss\u00e3o de guias junto a Prefeitura Municipal de Santana da Vargem para recolhimento de IRRF e aplica\u00e7\u00f5es auferidas da conta da C\u00e2mara Municipal"}, {"id": "9124", "ano": "2025", "numero": "19", "tipo__sigla": "MEM", "tipo__descricao": "Memorando", "assunto": "Solicita autoriza\u00e7\u00e3o para participar do curso de capacita\u00e7\u00e3o com o tema: Oficina de SAPL- PRESENCIAL dos dias 13 a 15 de maio de 2025 em Itabirito"}, {"id": "9219", "ano": "2025", "numero": "19", "tipo__sigla": "ARO", "tipo__descricao": "ATAS DAS REUNI\u00d5ES ORDIN\u00c1RIAS", "assunto": "Ata da 19\u00aa reuni\u00e3o ordin\u00e1ria da 1\u00aa Sess\u00e3o Legislativa da 16\u00aa legislatura da C\u00e2mara Municipal de Santana da Vargem"}, {"id": "9309", "ano": "2025", "numero": "19", "tipo__sigla": "OVC", "tipo__descricao": "Of\u00edcio de Vereador/Comiss\u00e3o", "assunto": "Indica\u00e7\u00e3o de emenda parlamentar para aquisi\u00e7\u00e3o de parque de divers\u00f5es e material esportivo"}, {"id": "9646", "ano": "2025", "numero": "19", "tipo__sigla": "JUST", "tipo__descricao": "Justificativas", "assunto": "Justificativa de n\u00e3o marca\u00e7\u00e3o do ponto eletr\u00f4nico Emerson Silva Ara\u00fajo - 20/08/2025"}, {"id": "9653", "ano": "2025", "numero": "19", "tipo__sigla": "DRF", "tipo__descricao": "Documentos Relativos a F\u00e9rias", "assunto": "Solicita a concess\u00e3o de 10 (dez) dias de f\u00e9rias, referentes ao per\u00edodo aquisitivo em aberto"}, {"id": "9847", "ano": "2025", "numero": "19", "tipo__sigla": "PRC", "tipo__descricao": "PAUTAS DAS REUNI\u00d5ES DAS COMISS\u00d5ES PERMANENTES", "assunto": "Pauta reuni\u00e3o da comiss\u00e3o"}, {"id": "9917", "ano": "2025", "numero": "19", "tipo__sigla": "DA", "tipo__descricao": "Documento Avulso", "assunto": "Biografia L\u00facio Alves de Souza"}, {"id": "10098", "ano": "2025", "numero": "19", "tipo__sigla": "RCI", "tipo__descricao": "Relat\u00f3rios da Controladoria Interna", "assunto": "RELAT\u00d3RIO DO CONTROLE INTERNO\r\nASSUNTO: RELAT\u00d3RIO DO CONTROLE INTERNO N.\u00ba 11\r\nPER\u00cdODO 01.11.2025 A 30.11.2025\r\nSantana da Vargem, 04 de dezembro de 2025.\r\n1 \u2013 INTRODU\u00c7\u00c3O\r\nEsta Controladora Interna, nomeada pela Portaria 51 de 18 de setembro de 2023, considerando o disposto no artigo 1\u00ba da Lei Municipal 1.562 de 02 de setembro de 2021, onde o Controle Interno do poder Legislativo, \u201cvisa assegurar a fiscaliza\u00e7\u00e3o cont\u00e1bil, financeira, patrimonial, or\u00e7ament\u00e1ria, operacional e de pessoal de seus atos, quanto a legalidade, legitimidade e economicidade na gest\u00e3o dos recursos p\u00fablicos\u201d, apresenta neste relat\u00f3rio o resultado decorrente da avalia\u00e7\u00e3o mensal do m\u00eas de novembro/2025, inclusive resultado das auditorias \u201cin locco\u201d nas \u00e1reas descritas abaixo, feita pela Controladora Interna da C\u00e2mara Municipal de Santana da Vargem/MG:"}, {"id": "10141", "ano": "2025", "numero": "19", "tipo__sigla": "REDF", "tipo__descricao": "Reda\u00e7\u00e3o Final", "assunto": "Reda\u00e7\u00e3o Final do Projeto de Lei n\u00ba 86 de 29 de Agosto de 2025"}, {"id": "8731", "ano": "2025", "numero": "20", "tipo__sigla": "PARE", "tipo__descricao": "PARECER", "assunto": "Oficio n. 02 - 2025 - Procuradoria - Solicita procedimento para contrata\u00e7\u00e3o de profissional/empresa para instala\u00e7\u00e3o de ar-condicionado."}, {"id": "8795", "ano": "2025", "numero": "20", "tipo__sigla": "OFEXP", "tipo__descricao": "Of\u00edcio Expedido", "assunto": "Solicita ao setor de tributa\u00e7\u00e3o que seja emitida guia de pagamento no valor de R$311,12 referente a IRRF do fornecedor Auto Posto Teomara Maise Correa"}, {"id": "8825", "ano": "2025", "numero": "20", "tipo__sigla": "DD", "tipo__descricao": "Documentos da Diretoria", "assunto": "Encaminha a reda\u00e7\u00e3o final do projeto de lei ordin\u00e1rio do legislativo n\u00ba 003 de 16 de janeiro de 2025"}, {"id": "8835", "ano": "2025", "numero": "20", "tipo__sigla": "OR", "tipo__descricao": "OF\u00cdCIOS RECEBIDOS", "assunto": "Of\u00edcio recebido prefeitura 86- responde indica\u00e7\u00e3o do vereador Luiz Felipe Mendon\u00e7a Rodrigues"}, {"id": "8900", "ano": "2025", "numero": "20", "tipo__sigla": "REV", "tipo__descricao": "Relat\u00f3rios de rodagem do ve\u00edculo e outros", "assunto": "Santana da Vargem 07/03/2025 - Levar o Diretor e o ve\u00edculo novo no Alinha despachante para colocar placa no ve\u00edculo novo TIGO (PRIMEIRA VIAGEM NO VE\u00cdCULO OFICIAL)"}, {"id": "9063", "ano": "2025", "numero": "20", "tipo__sigla": "DI", "tipo__descricao": "Di\u00e1rias e documentos relativos", "assunto": "Relat\u00f3rio e presta\u00e7\u00e3o de contas Emerson Silva Ara\u00fajo (Belo Horizonte- 10 a 11 de abril )"}, {"id": "9101", "ano": "2025", "numero": "20", "tipo__sigla": "OCI", "tipo__descricao": "Of\u00edcios da Controladoria Interna", "assunto": "Responde o of\u00edcio 042/2025 da Diretoria - patrim\u00f4nio"}, {"id": "9109", "ano": "2025", "numero": "20", "tipo__sigla": "MEM", "tipo__descricao": "Memorando", "assunto": "Solicita\u00e7\u00e3o de contrata\u00e7\u00e3o de servi\u00e7o de armazenamento em nuvem google drive"}, {"id": "9143", "ano": "2025", "numero": "20", "tipo__sigla": "ODC", "tipo__descricao": "Of\u00edcio/documento Cont\u00e1bil", "assunto": "Solicita emiss\u00e3o de guias junto a Prefeitura Municipal de Santana da Vargem para recolhimento de IRRF e aplica\u00e7\u00f5es auferidas da Conta da C\u00e2mara Municipal de Santana da Vargem"}, {"id": "9148", "ano": "2025", "numero": "20", "tipo__sigla": "AT", "tipo__descricao": "ATESTADO", "assunto": "Atesta que Wiliane Aparecida Delc\u00eddio esta sob tratamento m\u00e9dico devendo ser afastada do servi\u00e7o por 01(um) dia a partir do dia 05/05/2025"}, {"id": "9246", "ano": "2025", "numero": "20", "tipo__sigla": "ARO", "tipo__descricao": "ATAS DAS REUNI\u00d5ES ORDIN\u00c1RIAS", "assunto": "Ata da 20\u00aa reuni\u00e3o ordin\u00e1ria da 1\u00aa Sess\u00e3o Legislativa da 16\u00aa Legislatura da C\u00e2mara Municipal de Santana da Vargem"}, {"id": "9351", "ano": "2025", "numero": "20", "tipo__sigla": "OVC", "tipo__descricao": "Of\u00edcio de Vereador/Comiss\u00e3o", "assunto": "Solicita elabora\u00e7\u00e3o de Impacto Or\u00e7ament\u00e1rio - Projeto de Lei Ordin\u00e1ria do Legislativo 11/2025"}, {"id": "9669", "ano": "2025", "numero": "20", "tipo__sigla": "DRF", "tipo__descricao": "Documentos Relativos a F\u00e9rias", "assunto": "Aviso de f\u00e9rias Cleber de Brito - Per\u00edodo de gozo 08/09/2025 a 17/09/2025"}, {"id": "9724", "ano": "2025", "numero": "20", "tipo__sigla": "JUST", "tipo__descricao": "Justificativas", "assunto": "Autoriza\u00e7\u00e3o de jornada divergente Rafael Teixeira Nogueira 08/09/2025"}, {"id": "9893", "ano": "2025", "numero": "20", "tipo__sigla": "PRC", "tipo__descricao": "PAUTAS DAS REUNI\u00d5ES DAS COMISS\u00d5ES PERMANENTES", "assunto": "Pauta da reuni\u00e3o da comiss\u00e3o de educa\u00e7\u00e3o, sa\u00fade e assist\u00eancia social"}, {"id": "9918", "ano": "2025", "numero": "20", "tipo__sigla": "DA", "tipo__descricao": "Documento Avulso", "assunto": "Biografia SW Supermercado"}, {"id": "10142", "ano": "2025", "numero": "20", "tipo__sigla": "REDF", "tipo__descricao": "Reda\u00e7\u00e3o Final", "assunto": "Reda\u00e7\u00e3o Final do Projeto de Lei n\u00ba 103 de 17 de novembro de 2025"}, {"id": "8754", "ano": "2025", "numero": "21", "tipo__sigla": "PARE", "tipo__descricao": "PARECER", "assunto": "Parecer Jur\u00eddico - Projeto de Lei Ordin\u00e1ria n. 10 - 2025 - Abertura de Cr\u00e9dito Especial - Super\u00e1vit Financeiro - R$ 125.103,98 (cento e vinte e cinco mil cento e tr\u00eas reais e noventa e oito centavos)"}, {"id": "8799", "ano": "2025", "numero": "21", "tipo__sigla": "OFEXP", "tipo__descricao": "Of\u00edcio Expedido", "assunto": "Solicita parecer cont\u00e1bil"}, {"id": "8838", "ano": "2025", "numero": "21", "tipo__sigla": "DD", "tipo__descricao": "Documentos da Diretoria", "assunto": "Encaminha a indica\u00e7\u00e3o 006/2025 e o requerimento n\u00ba 001/2025 do vereador Luiz Felipe Mendon\u00e7a Rodrigues"}, {"id": "8841", "ano": "2025", "numero": "21", "tipo__sigla": "OR", "tipo__descricao": "OF\u00cdCIOS RECEBIDOS", "assunto": "Presta esclarecimentos a respeito do parecer jur\u00eddico do procurador legislativo referente aos projetos de lei complementar n\u00ba003/2025 e 004/2025"}, {"id": "8901", "ano": "2025", "numero": "21", "tipo__sigla": "REV", "tipo__descricao": "Relat\u00f3rios de rodagem do ve\u00edculo e outros", "assunto": "Santana da Vargem 07/03/2025- Levar o Diretor no Posto do Chico Barba"}, {"id": "9066", "ano": "2025", "numero": "21", "tipo__sigla": "DI", "tipo__descricao": "Di\u00e1rias e documentos relativos", "assunto": "Requerimento de adiantamento para abastecimento e estacionamento quanto em deslocamento \r\nBras\u00edlia: 21/04/2025 a 25/04/2025"}, {"id": "9123", "ano": "2025", "numero": "21", "tipo__sigla": "OCI", "tipo__descricao": "Of\u00edcios da Controladoria Interna", "assunto": "OF\u00cdCIO DA CONTROLADORIA INTERNA N.\u00ba 21/2025\r\n\r\n\r\nSantana da Vargem, 05 de maio de 2025.\r\nASSUNTO: Comunica\u00e7\u00e3o de Pend\u00eancias de Transpar\u00eancia e Recomenda\u00e7\u00e3o de Provid\u00eancias Imediatas \u2013 Projeto Avalia - ATRICON\r\n\r\n\u00c0  Excelent\u00edssima Sra. Bruna Renata Teodoro Silva,\r\n\r\nEsta Controladroria Interna, vem  por meio deste, informar e alertar Vossa Excel\u00eancia acerca de pend\u00eancias graves identificadas no \u00e2mbito da transpar\u00eancia ativa do Poder Legislativo  com base nos crit\u00e9rios estabelecidos na Avalia\u00e7\u00e3o Nacional da Transpar\u00eancia promovida pela ATRICON \u2013 Associa\u00e7\u00e3o dos Membros dos Tribunais de Contas do Brasil.\r\nFoi constatado que diversos itens exigidos como crit\u00e9rios m\u00ednimos de transpar\u00eancia n\u00e3o est\u00e3o sendo cumpridos, o que poder\u00e1 acarretar repercuss\u00f5es negativas na avalia\u00e7\u00e3o institucional da C\u00e2mara Municipal, al\u00e9m de poss\u00edveis penalidades por parte do Tribunal de Contas. Ressaltamos que tais falhas contrariam os princ\u00edpios constitucionais da publicidade e efici\u00eancia, bem como dispositivos da Lei de Acesso \u00e0 Informa\u00e7\u00e3o (Lei n\u00ba 12.527/2011) e da Lei de Responsabilidade Fiscal (Lei Complementar n\u00ba 101/2000).\r\nA Controladoria informa ainda que a pesquisa com os dados levantados ser\u00e1 enviada nos pr\u00f3ximos dias, e n\u00e3o ser\u00e1 poss\u00edvel realizar altera\u00e7\u00f5es nos campos do portal de transpar\u00eancia e site oficial ap\u00f3s o envio, visto que s\u00e3o informados os links diretos de acesso \u00e0s informa\u00e7\u00f5es auditadas. Assim, recomendamos que Vossa Excel\u00eancia adote provid\u00eancias urgentes para regulariza\u00e7\u00e3o das inconformidades, conforme listagem abaixo.\r\n\r\nLISTA DE QUESTIONAMENTOS N\u00c3O ATENDIDOS (Conforme ..."}, {"id": "9125", "ano": "2025", "numero": "21", "tipo__sigla": "MEM", "tipo__descricao": "Memorando", "assunto": "Encaminhamento de proposi\u00e7\u00f5es aprovadas na 17 \u00aa reuni\u00e3o ordin\u00e1ria"}, {"id": "9142", "ano": "2025", "numero": "21", "tipo__sigla": "ODC", "tipo__descricao": "Of\u00edcio/documento Cont\u00e1bil", "assunto": "Solicita autoriza\u00e7\u00e3o para pagamento de encargos gerados com o pagamento de DARF referente a NF 24 e NF 25 - AS Constru\u00e7\u00f5es e Solu\u00e7\u00f5es em Engenharia Ltda"}, {"id": "9216", "ano": "2025", "numero": "21", "tipo__sigla": "AT", "tipo__descricao": "ATESTADO", "assunto": "Declara que Wiliane Aparecida Delc\u00eddio compareceu a unidade no dia 19 de maio de 2025 permanecendo das 12:00 as 13:06"}, {"id": "9278", "ano": "2025", "numero": "21", "tipo__sigla": "ARO", "tipo__descricao": "ATAS DAS REUNI\u00d5ES ORDIN\u00c1RIAS", "assunto": "Ata da 21\u00aa reuni\u00e3o ordin\u00e1ria da 1\u00aa Sess\u00e3o Legislativa da 16\u00aa Legislatura"}, {"id": "9359", "ano": "2025", "numero": "21", "tipo__sigla": "OVC", "tipo__descricao": "Of\u00edcio de Vereador/Comiss\u00e3o", "assunto": "Solicita\u00e7\u00e3o de informa\u00e7\u00f5es a respeito da paralisa\u00e7\u00e3o do transporte escolar rural"}, {"id": "9680", "ano": "2025", "numero": "21", "tipo__sigla": "DRF", "tipo__descricao": "Documentos Relativos a F\u00e9rias", "assunto": "Aviso de f\u00e9rias Emerson Silva Ara\u00fajo - per\u00edodo de gozo 24/09/2025 a 03/10/2025 - per\u00edodo aquisitivo 22/04/2025 a 21/04/2025"}, {"id": "9733", "ano": "2025", "numero": "21", "tipo__sigla": "JUST", "tipo__descricao": "Justificativas", "assunto": "Justificativa de n\u00e3o marca\u00e7\u00e3o do ponto eletr\u00f4nico Wiliane Aparecida Delc\u00eddio (11/09/2025)"}, {"id": "9921", "ano": "2025", "numero": "21", "tipo__sigla": "DA", "tipo__descricao": "Documento Avulso", "assunto": "Biografia Maraiza de F\u00e1tima Silva Bento"}, {"id": "10002", "ano": "2025", "numero": "21", "tipo__sigla": "PRC", "tipo__descricao": "PAUTAS DAS REUNI\u00d5ES DAS COMISS\u00d5ES PERMANENTES", "assunto": "Pauta da reuni\u00e3o da Comiss\u00e3o de Educa\u00e7\u00e3o, Sa\u00fade e Assist\u00eancia Social do dia 24 de Novembro de 2025"}, {"id": "10159", "ano": "2025", "numero": "21", "tipo__sigla": "REDF", "tipo__descricao": "Reda\u00e7\u00e3o Final", "assunto": "Reda\u00e7\u00e3o final do Projeto de Lei n\u00ba 23, de 26 de Setembro de 2025"}, {"id": "8755", "ano": "2025", "numero": "22", "tipo__sigla": "PARE", "tipo__descricao": "PARECER", "assunto": "Parecer Jur\u00eddico - Projeto de Lei Ordin\u00e1ria n. 11 - 2025 - Abertura de Cr\u00e9dito Especial - Super\u00e1vit Financeiro - R$ 598,35 (quinhentos e noventa e oito reais e trinta e cinco centavos);"}, {"id": "8802", "ano": "2025", "numero": "22", "tipo__sigla": "OFEXP", "tipo__descricao": "Of\u00edcio Expedido", "assunto": "Solicita\u00e7\u00e3o de comparecimento em sess\u00e3o legislativa extraordin\u00e1ria e autoriza\u00e7\u00e3o para pagamento de horas extras - Ruiter Silva de Oliveira"}, {"id": "8843", "ano": "2025", "numero": "22", "tipo__sigla": "OR", "tipo__descricao": "OF\u00cdCIOS RECEBIDOS", "assunto": "Resposta \u00e0 indica\u00e7\u00e3o n\u00ba 02/2025 do vereador Luiz Felipe Mendon\u00e7a Rodrigues"}, {"id": "8871", "ano": "2025", "numero": "22", "tipo__sigla": "DD", "tipo__descricao": "Documentos da Diretoria", "assunto": "Encaminha projetos de lei aprovados"}, {"id": "8902", "ano": "2025", "numero": "22", "tipo__sigla": "REV", "tipo__descricao": "Relat\u00f3rios de rodagem do ve\u00edculo e outros", "assunto": "Santana da Vargem 07/03/2025 - Levar o diretor Rafael na farm\u00e1cia buscar a presidente e levar o cart\u00f3rio e levar na farm\u00e1cia novamente"}, {"id": "9096", "ano": "2025", "numero": "22", "tipo__sigla": "DI", "tipo__descricao": "Di\u00e1rias e documentos relativos", "assunto": "Relat\u00f3rio e presta\u00e7\u00e3o de contas Emerson Silva Ara\u00fajo - Bras\u00edlia - 21/04/2025 a 25/04/2025"}, {"id": "9128", "ano": "2025", "numero": "22", "tipo__sigla": "MEM", "tipo__descricao": "Memorando", "assunto": "Solicita autoriza\u00e7\u00e3o para o pagamento de horas extras"}, {"id": "9167", "ano": "2025", "numero": "22", "tipo__sigla": "OCI", "tipo__descricao": "Of\u00edcios da Controladoria Interna", "assunto": "OF\u00cdCIO DA CONTROLADORIA INTERNA N.\u00ba 23/2025\r\n\r\n\r\nSantana da Vargem, 13 de maio de 2025.\r\n\r\nASSUNTO:Solicita\u00e7\u00e3o dos certificados de capacita\u00e7\u00e3o de todos os intergrantes da comiss\u00e3o de compras.\r\n\r\n\u00c0 Sra Isabela Louren\u00e7\u00e3o \u2013 Contadora /RH\r\n\r\nEsta Controladroria Interna, vem  por meio deste, solicitar a apresenta\u00e7\u00e3o dos certificados de capacita\u00e7\u00e3o realizados pelos intergantes da Comiss\u00e3o de compras: Ruiter Silva de Oliveira, Larissa Oliveira Naves e Cleber de Brito no per\u00edodo de Janeiro/2025 at\u00e9 o presente momento.\r\n\r\nA presente solicita\u00e7\u00e3o justifica-se em virtude da auditoria em andamento, a qual visa verificar o cumprimento da exig\u00eancia de constante capacita\u00e7\u00e3o dos servidores que comp\u00f5em a referida Comiss\u00e3o, conforme estabelecido nas normativas pertinentes."}, {"id": "9175", "ano": "2025", "numero": "22", "tipo__sigla": "ODC", "tipo__descricao": "Of\u00edcio/documento Cont\u00e1bil", "assunto": "Encaminha c\u00f3pia do DARF de INSS referente a NF 24 e NF 25 - A S Constru\u00e7\u00f5es e Solu\u00e7\u00f5es em Engenharia Ltda, comprovante de pagamento de dep\u00f3sito"}, {"id": "9248", "ano": "2025", "numero": "22", "tipo__sigla": "AT", "tipo__descricao": "ATESTADO", "assunto": "Atesta que Julia Delcidio Andrade est\u00e1 sob tratamento m\u00e9dico devendo ser afastadas das atividades por (tr\u00eas) dias  a partir do dia 27/05/2025"}, {"id": "9306", "ano": "2025", "numero": "22", "tipo__sigla": "ARO", "tipo__descricao": "ATAS DAS REUNI\u00d5ES ORDIN\u00c1RIAS", "assunto": "Ata da 22\u00aa reuni\u00e3o ordin\u00e1ria da 1\u00aa sess\u00e3o legislativa da 16\u00aa legislatura da c\u00e2mara municipal de Santana da Vargem"}, {"id": "9360", "ano": "2025", "numero": "22", "tipo__sigla": "OVC", "tipo__descricao": "Of\u00edcio de Vereador/Comiss\u00e3o", "assunto": "Solicita\u00e7\u00e3o de informa\u00e7\u00f5es sobre cumprimento da Lei Municipal n\u00ba 1.763/2024"}, {"id": "9689", "ano": "2025", "numero": "22", "tipo__sigla": "DRF", "tipo__descricao": "Documentos Relativos a F\u00e9rias", "assunto": "Aviso de f\u00e9rias Felipe Tom\u00e9 Mota e Silva, per\u00edodo de gozo 29/09/2025 a 08/10/2025 - per\u00edodo aquisitivo 02/09/2023 a 01/09/2024"}, {"id": "9910", "ano": "2025", "numero": "22", "tipo__sigla": "JUST", "tipo__descricao": "Justificativas", "assunto": "Autoriza\u00e7\u00e3o para jornada divergente Isabela Louren\u00e7\u00e3o Messias 06/11/2025"}, {"id": "9922", "ano": "2025", "numero": "22", "tipo__sigla": "DA", "tipo__descricao": "Documento Avulso", "assunto": "Biografia Tigres do Vale e Tigrinhos"}, {"id": "10094", "ano": "2025", "numero": "22", "tipo__sigla": "PRC", "tipo__descricao": "PAUTAS DAS REUNI\u00d5ES DAS COMISS\u00d5ES PERMANENTES", "assunto": "Pauta da comiss\u00e3o de educa\u00e7\u00e3o, sa\u00fade e assist\u00eancia social dia 15 de Dezembro de 2025"}, {"id": "8758", "ano": "2025", "numero": "23", "tipo__sigla": "PARE", "tipo__descricao": "PARECER", "assunto": "Parecer Jur\u00eddico - Projeto de Lei Ordin\u00e1ria n. 12 - 2025 - Abertura de Cr\u00e9dito Especial - Super\u00e1vit Financeiro - R$ 38.494,51 (trinta oito mil quatrocentos e noventa e quatro reais e cinquenta e um centavos);"}, {"id": "8815", "ano": "2025", "numero": "23", "tipo__sigla": "OFEXP", "tipo__descricao": "Of\u00edcio Expedido", "assunto": "Suspens\u00e3o de f\u00e9rias Emerson Silva Ara\u00fajo no dia 25 de fevereiro de 2025"}, {"id": "8844", "ano": "2025", "numero": "23", "tipo__sigla": "OR", "tipo__descricao": "OF\u00cdCIOS RECEBIDOS", "assunto": "Resposta \u00e0 indica\u00e7\u00e3o 05/2025 do vereador Luiz Felipe Mendon\u00e7a Rodrigues"}, {"id": "8872", "ano": "2025", "numero": "23", "tipo__sigla": "DD", "tipo__descricao": "Documentos da Diretoria", "assunto": "Solicita que seja emitido parecer quanto a possibilidade de prorroga\u00e7\u00e3o dos contratos com as empresas Conecta Net telecomunica\u00e7\u00f5es, Copasa e Cemig"}, {"id": "8903", "ano": "2025", "numero": "23", "tipo__sigla": "REV", "tipo__descricao": "Relat\u00f3rios de rodagem do ve\u00edculo e outros", "assunto": "Tr\u00eas Pontas 10/03/2025 - Levar ve\u00edculo para vistoria"}, {"id": "9098", "ano": "2025", "numero": "23", "tipo__sigla": "DI", "tipo__descricao": "Di\u00e1rias e documentos relativos", "assunto": "Relat\u00f3rio e presta\u00e7\u00e3o de contas Everton Paulo Ara\u00fajo - Bras\u00edlia - 21/04/2025 a 25/04/2025"}, {"id": "9147", "ano": "2025", "numero": "23", "tipo__sigla": "MEM", "tipo__descricao": "Memorando", "assunto": "Solicita\u00e7\u00e3o de autoriza\u00e7\u00e3o para sair do munic\u00edpio um dia antes do in\u00edcio do curso"}, {"id": "9171", "ano": "2025", "numero": "23", "tipo__sigla": "OCI", "tipo__descricao": "Of\u00edcios da Controladoria Interna", "assunto": "Solicita apresenta\u00e7\u00e3o dos certificados de capacita\u00e7\u00e3o realizados pelos integrantes da Comiss\u00e3o de Compras"}, {"id": "9176", "ano": "2025", "numero": "23", "tipo__sigla": "ODC", "tipo__descricao": "Of\u00edcio/documento Cont\u00e1bil", "assunto": "Encaminha c\u00f3pia dos certificados de capacita\u00e7\u00e3o dos integrantes da comiss\u00e3o de compras"}, {"id": "9252", "ano": "2025", "numero": "23", "tipo__sigla": "AT", "tipo__descricao": "ATESTADO", "assunto": "Atesta que Rafael Teixeira Nogueira est\u00e1 sob tratamento m\u00e9dico, devendo ser afastado do servi\u00e7o por 01 (um) dia partir do dia 27/05/2025"}, {"id": "9349", "ano": "2025", "numero": "23", "tipo__sigla": "ARO", "tipo__descricao": "ATAS DAS REUNI\u00d5ES ORDIN\u00c1RIAS", "assunto": "Ata da 23\u00aa reuni\u00e3o ordin\u00e1ria da 1\u00aa sess\u00e3o legislativa da 16\u00aa legislatura da C\u00e2mara Municipal de Santana da Vargem"}, {"id": "9385", "ano": "2025", "numero": "23", "tipo__sigla": "OVC", "tipo__descricao": "Of\u00edcio de Vereador/Comiss\u00e3o", "assunto": "Of\u00edcio comiss\u00e3o de Finan\u00e7as e Or\u00e7amento: Intima\u00e7\u00e3o para apresentar esclarecimentos sobre a- presta\u00e7\u00e3o de contas 2022"}, {"id": "9717", "ano": "2025", "numero": "23", "tipo__sigla": "DRF", "tipo__descricao": "Documentos Relativos a F\u00e9rias", "assunto": "Aviso de F\u00e9rias Larissa Oliveira Naves - Per\u00edodo de gozo 29/09/2025 a 18/10/2025- (Per\u00edodo aquisitivo 21/10/2023 a 20/10/2024)"}, {"id": "9923", "ano": "2025", "numero": "23", "tipo__sigla": "DA", "tipo__descricao": "Documento Avulso", "assunto": "Biografia Ulysses Gomes"}, {"id": "10009", "ano": "2025", "numero": "23", "tipo__sigla": "JUST", "tipo__descricao": "Justificativas", "assunto": "Justificativa de n\u00e3o marca\u00e7\u00e3o de ponto eletr\u00f4nico Felipe Tom\u00e9  Mota e Silva 26/11/2025"}, {"id": "8759", "ano": "2025", "numero": "24", "tipo__sigla": "PARE", "tipo__descricao": "PARECER", "assunto": "Parecer Jur\u00eddico - Projeto de Lei Ordin\u00e1ria n. 13 - 2025 - Abertura de Cr\u00e9dito Especial - Super\u00e1vit Financeiro - R$ 3.661,14 (tr\u00eas mil seiscentos e sessenta e um reais e quatorze centavos)"}, {"id": "8816", "ano": "2025", "numero": "24", "tipo__sigla": "OFEXP", "tipo__descricao": "Of\u00edcio Expedido", "assunto": "Solicita a presenta do Chefe da Vigil\u00e2ncia sanit\u00e1ria do Munic\u00edpio ou servidor indicado pelo mesmo para que compare\u00e7a na reuni\u00e3o ordin\u00e1ria do dia 24 de fevereiro de 2025"}, {"id": "8845", "ano": "2025", "numero": "24", "tipo__sigla": "OR", "tipo__descricao": "OF\u00cdCIOS RECEBIDOS", "assunto": "Resposta indica\u00e7\u00e3o 06 do vereador Luiz Felipe Mendon\u00e7a Rodrigues"}, {"id": "8873", "ano": "2025", "numero": "24", "tipo__sigla": "DD", "tipo__descricao": "Documentos da Diretoria", "assunto": "Encaminha toda documenta\u00e7\u00e3o a respeito da fiscaliza\u00e7\u00e3o exercida pela C\u00e2mara Municipal que apurou os pagamentos de verbas salariais da servidora do poder executivo (of\u00edcio 245/2024 3\u00aa PJ TP)"}, {"id": "8904", "ano": "2025", "numero": "24", "tipo__sigla": "REV", "tipo__descricao": "Relat\u00f3rios de rodagem do ve\u00edculo e outros", "assunto": "Santana da Vargem 10/03/2025 - Levar o Diretor no Alinha Despachante para buscar documenta\u00e7\u00e3o"}, {"id": "9140", "ano": "2025", "numero": "24", "tipo__sigla": "DI", "tipo__descricao": "Di\u00e1rias e documentos relativos", "assunto": "Requisi\u00e7\u00e3o de di\u00e1rias Ruiter Silva de Oliveira (Itabirito- 13/05/2025 a 15/05/2025 )"}, {"id": "9159", "ano": "2025", "numero": "24", "tipo__sigla": "MEM", "tipo__descricao": "Memorando", "assunto": "Solicita autoriza\u00e7\u00e3o para levar notebook para viagem em Itabirito dos dias  13 a 15 de maio para participa\u00e7\u00e3o em curso"}, {"id": "9177", "ano": "2025", "numero": "24", "tipo__sigla": "OCI", "tipo__descricao": "Of\u00edcios da Controladoria Interna", "assunto": "OF\u00cdCIO DA CONTROLADORIA INTERNA N.\u00ba 23/2025\r\n\r\n\r\nSantana da Vargem, 15 de maio de 2025.\r\n\r\nASSUNTO: Solicita\u00e7\u00e3o de valida\u00e7\u00e3o de declara\u00e7\u00e3o de disponibilidade Or\u00e7ament\u00e1ria\r\n\r\n\u00c0 Sra Isabela Louren\u00e7\u00e3o \u2013 Contadora /RH\r\n\r\nA Controladoria Interna vem, por meio deste, solicitar esclarecimentos e a valida\u00e7\u00e3o da documenta\u00e7\u00e3o apresentada.\r\nNos Processos de Aquisi\u00e7\u00e3o PRC 14, cujo objeto \u00e9 a aquisi\u00e7\u00e3o de salgadinhos (fl. 10), e PRC 20, cujo objeto \u00e9 a contrata\u00e7\u00e3o de servi\u00e7os de internet (fl. 26), constam relat\u00f3rios emitidos pelo sistema Gerencial Betha Cloud, os quais atestam a disponibilidade or\u00e7ament\u00e1ria para a contrata\u00e7\u00e3o dos respectivos processos, em atendimento \u00e0 solicita\u00e7\u00e3o de disponibilidade or\u00e7ament\u00e1ria requerida pela Comiss\u00e3o de Compras. No entanto, tais relat\u00f3rios est\u00e3o sem a assinatura do setor Cont\u00e1bil.\r\nDiante disso, solicita-se que o Setor Cont\u00e1bil forne\u00e7a esclarecimentos sobre a situa\u00e7\u00e3o e, caso esteja de acordo, esta Controladoria Recomenda que se proceda com a ratifica\u00e7\u00e3o dos relat\u00f3rios, considerando que a validade dos processos de aquisi\u00e7\u00e3o est\u00e1 diretamente vinculada \u00e0 confirma\u00e7\u00e3o da disponibilidade or\u00e7ament\u00e1ria neles indicada."}, {"id": "9187", "ano": "2025", "numero": "24", "tipo__sigla": "ODC", "tipo__descricao": "Of\u00edcio/documento Cont\u00e1bil", "assunto": "resposta referente \u00e0 disponibilidade or\u00e7ament\u00e1ria - Processo Licitat\u00f3rio 14/2025 - Dispensa 10"}, {"id": "9253", "ano": "2025", "numero": "24", "tipo__sigla": "AT", "tipo__descricao": "ATESTADO", "assunto": "Atesta que Rafael Teixeira Nogueira est\u00e1 sob tratamento m\u00e9dico, devendo ser afastado do servi\u00e7o por 01 (um) dias, a partir do dia 28/05/2025"}, {"id": "9373", "ano": "2025", "numero": "24", "tipo__sigla": "ARO", "tipo__descricao": "ATAS DAS REUNI\u00d5ES ORDIN\u00c1RIAS", "assunto": "Ata da 24\u00aa reuni\u00e3o ordin\u00e1ria da 1\u00aa sess\u00e3o legislativa da 16\u00aa legislatura da C\u00e2mara Municipal de Santana da Vargem"}, {"id": "9419", "ano": "2025", "numero": "24", "tipo__sigla": "OVC", "tipo__descricao": "Of\u00edcio de Vereador/Comiss\u00e3o", "assunto": "Informa a destina\u00e7\u00e3o da emenda impositiva \r\n50% \u00e1rea da sa\u00fade\r\n50% APAE"}, {"id": "9785", "ano": "2025", "numero": "24", "tipo__sigla": "DRF", "tipo__descricao": "Documentos Relativos a F\u00e9rias", "assunto": "Aviso de F\u00e9rias servidror Ruiter Silva de Oliveira - Per\u00edodo de gozo 06/10/2025 a 15/10/2025- (Per\u00edodo aquisitivo 08/10/2023 a 07/10/2024)"}, {"id": "9924", "ano": "2025", "numero": "24", "tipo__sigla": "DA", "tipo__descricao": "Documento Avulso", "assunto": "Biografia Odair Cunha"}, {"id": "10051", "ano": "2025", "numero": "24", "tipo__sigla": "JUST", "tipo__descricao": "Justificativas", "assunto": "Autoriza\u00e7\u00e3o Jornada Divergente -Rafael Teixeira Nogueira 09/12/2025"}, {"id": "8760", "ano": "2025", "numero": "25", "tipo__sigla": "PARE", "tipo__descricao": "PARECER", "assunto": "Parecer Jur\u00eddico - Projeto de Lei Ordin\u00e1ria n. 14 - 2025 - Abertura de Cr\u00e9dito Especial - Super\u00e1vit Financeiro - R$ 32.207,69 (trinta e dois mil duzentos e sete reais e sessenta e nove centavos)"}, {"id": "8842", "ano": "2025", "numero": "25", "tipo__sigla": "OFEXP", "tipo__descricao": "Of\u00edcio Expedido", "assunto": "Solicita provid\u00eancias a respeito da empresa \"Agro CP \""}, {"id": "8846", "ano": "2025", "numero": "25", "tipo__sigla": "OR", "tipo__descricao": "OF\u00cdCIOS RECEBIDOS", "assunto": "Resposta requerimento 01 do vereador Luiz Felipe Mendon\u00e7a Rodrigues"}, {"id": "8874", "ano": "2025", "numero": "25", "tipo__sigla": "DD", "tipo__descricao": "Documentos da Diretoria", "assunto": "Encaminha pedido n\u00ba 001 de 2025 de autoria do vereador Paulo Jos\u00e9 Barbosa"}, {"id": "8905", "ano": "2025", "numero": "25", "tipo__sigla": "REV", "tipo__descricao": "Relat\u00f3rios de rodagem do ve\u00edculo e outros", "assunto": "Tr\u00eas Pontas 11/03/2025 - Levar o diretor Rafael no Minist\u00e9rio P\u00fablico e na Conecta (abastecimento de R$150,00 no Km 132623)"}, {"id": "9141", "ano": "2025", "numero": "25", "tipo__sigla": "DI", "tipo__descricao": "Di\u00e1rias e documentos relativos", "assunto": "Requisi\u00e7\u00e3o de di\u00e1rias Cleber de Brito - Itabirito MG (13/05/2025 a 15/05/2025)"}, {"id": "9188", "ano": "2025", "numero": "25", "tipo__sigla": "ODC", "tipo__descricao": "Of\u00edcio/documento Cont\u00e1bil", "assunto": "Resposta referente \u00e0 disponibilidade or\u00e7ament\u00e1ria - Processo Licitat\u00f3rio 20/2025 - Dispensa 15"}, {"id": "9201", "ano": "2025", "numero": "25", "tipo__sigla": "OCI", "tipo__descricao": "Of\u00edcios da Controladoria Interna", "assunto": "OF\u00cdCIO DA CONTROLADORIA INTERNA N.\u00ba 25/2025\r\n\r\n\r\nSantana da Vargem, 16  de maio  de 2025.\r\nASSUNTO: RELAT\u00d3RIO MENSAL ABRIL 2025\r\n\r\n\u00c0  Excelent\u00edssima Sra. Bruna Renata Teodoro Silva\r\n\r\n\r\n\r\nCumprimentando-as cordialmente, venho por meio deste apresentar RELAT\u00d3RIO MENSAL ABRIL/2025,  para vosso conhecimento e provid\u00eancias."}, {"id": "9213", "ano": "2025", "numero": "25", "tipo__sigla": "MEM", "tipo__descricao": "Memorando", "assunto": "Solicita\u00e7\u00e3o de participa\u00e7\u00e3o em curso de capacita\u00e7\u00e3o"}, {"id": "9286", "ano": "2025", "numero": "25", "tipo__sigla": "AT", "tipo__descricao": "ATESTADO", "assunto": "Atesta que Laidia Mesquita de Sousa esteve ausente de seus compromissos no dia 02/06/2025 a partir das 15h por motivos m\u00e9dicos"}, {"id": "9415", "ano": "2025", "numero": "25", "tipo__sigla": "ARO", "tipo__descricao": "ATAS DAS REUNI\u00d5ES ORDIN\u00c1RIAS", "assunto": "Ata da 25\u00aa reuni\u00e3o ordin\u00e1ria da 1\u00aa sess\u00e3o legislativa da 16\u00aa legislatura da C\u00e2mara Municipal de Santana da Vargem (23/07/2025)"}, {"id": "9423", "ano": "2025", "numero": "25", "tipo__sigla": "OVC", "tipo__descricao": "Of\u00edcio de Vereador/Comiss\u00e3o", "assunto": "Informa a destina\u00e7\u00e3o da emenda impositiva"}, {"id": "9787", "ano": "2025", "numero": "25", "tipo__sigla": "DRF", "tipo__descricao": "Documentos Relativos a F\u00e9rias", "assunto": "Aviso de F\u00e9rias servidror Ruiter Silva de Oliveira - Per\u00edodo de gozo 16/10/2025 a 25/10/2025- (Per\u00edodo aquisitivo 08/10/2024 a 07/10/2025)"}, {"id": "9925", "ano": "2025", "numero": "25", "tipo__sigla": "DA", "tipo__descricao": "Documento Avulso", "assunto": "Rom\u00e1ria a p\u00e9 Aparecida do Norte masculino - biografia"}, {"id": "8761", "ano": "2025", "numero": "26", "tipo__sigla": "PARE", "tipo__descricao": "PARECER", "assunto": "Parecer Jur\u00eddico - Projeto de Lei Ordin\u00e1ria n. 15 - 2025 - Abertura de Cr\u00e9dito Especial - Super\u00e1vit Financeiro - R$ 13.344,59 (treze mil trezentos e quarenta e quatro reais e cinquenta e nove centavos)"}, {"id": "8847", "ano": "2025", "numero": "26", "tipo__sigla": "OR", "tipo__descricao": "OF\u00cdCIOS RECEBIDOS", "assunto": "Resposta of\u00edcio 002 do vereador Jackson Luiz Ven\u00e2ncio de Souza"}, {"id": "8849", "ano": "2025", "numero": "26", "tipo__sigla": "OFEXP", "tipo__descricao": "Of\u00edcio Expedido", "assunto": "Encaminha o projeto de lei complementar n\u00ba 002 de 07 de fevereiro de 2025, o projeto de lei ordin\u00e1rio 018 de 2025 e o projeto de emenda \u00e0 lei org\u00e2nica n\u00ba 001 de 29 de janeiro de 2025"}, {"id": "8876", "ano": "2025", "numero": "26", "tipo__sigla": "DD", "tipo__descricao": "Documentos da Diretoria", "assunto": "Encaminha of\u00edcio 003 do vereador Jackson Luiz Ven\u00e2ncio de Souza"}, {"id": "8906", "ano": "2025", "numero": "26", "tipo__sigla": "REV", "tipo__descricao": "Relat\u00f3rios de rodagem do ve\u00edculo e outros", "assunto": "Santana da Vargem 13/03/2025 - Levar o diretor Rafael na farm\u00e1cia da presidente e no Rony supermercado"}, {"id": "9157", "ano": "2025", "numero": "26", "tipo__sigla": "DI", "tipo__descricao": "Di\u00e1rias e documentos relativos", "assunto": "Requerimento de adiantamento para abastecimento e estacionamento quanto em deslocamento"}, {"id": "9203", "ano": "2025", "numero": "26", "tipo__sigla": "ODC", "tipo__descricao": "Of\u00edcio/documento Cont\u00e1bil", "assunto": "Solicita\u00e7\u00e3o de f\u00e9rias de acordo com a escala de f\u00e9rias anual 2025"}, {"id": "9207", "ano": "2025", "numero": "26", "tipo__sigla": "OCI", "tipo__descricao": "Of\u00edcios da Controladoria Interna", "assunto": "OF\u00cdCIO DA CONTROLADORIA INTERNA N.\u00ba 25/2025\r\n\r\n\r\nSantana da Vargem, 19 de maio de 2025.\r\nASSUNTO: RELATORIO DE AUDITORIA INTERNA N.\u00ba 04/2025\r\n\r\n\u00c0  Excelent\u00edssima Sra. Bruna Renata Teodoro Silva,\r\n\u00c0 Comiss\u00e3o de Compras\r\n\r\nCumprimentando-as cordialmente, venho por meio deste apresentar RELAT\u00d3RIO CONCLUSIVO DE AUDITORIA INTERNA N\u00ba 04/2025 -   Auditoria Interna Avalia\u00e7\u00e3o dos Processos Licitat\u00f3rios, Dispensas e Inexigibilidades, no per\u00edodo de  01 de janeiro de 2025 a 19 de maio de 2025.\r\n\r\n     \r\n\r\n Atenciosamente."}, {"id": "9223", "ano": "2025", "numero": "26", "tipo__sigla": "MEM", "tipo__descricao": "Memorando", "assunto": "Assiduidade, jornada de trabalho e horas extras"}, {"id": "9300", "ano": "2025", "numero": "26", "tipo__sigla": "AT", "tipo__descricao": "ATESTADO", "assunto": "Declara que Wiliane Aparecida Delc\u00eddio compareceu a unidade no dia 09 de junho de 2025 permanecendo das 12h as 13h15min"}, {"id": "9434", "ano": "2025", "numero": "26", "tipo__sigla": "OVC", "tipo__descricao": "Of\u00edcio de Vereador/Comiss\u00e3o", "assunto": "Informa sobra a destina\u00e7\u00e3o da emenda impositiva = 50% \u00e1rea da sa\u00fade e 50% APAE"}, {"id": "9458", "ano": "2025", "numero": "26", "tipo__sigla": "ARO", "tipo__descricao": "ATAS DAS REUNI\u00d5ES ORDIN\u00c1RIAS", "assunto": "Ata da 26\u00aa reuni\u00e3o da 1\u00aa sess\u00e3o legislativa da 16\u00aa legislatura da C\u00e2mara Municipal de Santana da Vargem"}, {"id": "9814", "ano": "2025", "numero": "26", "tipo__sigla": "DRF", "tipo__descricao": "Documentos Relativos a F\u00e9rias", "assunto": "Aviso de F\u00e9rias servidrora Laidia Mesquita de Sousa Barbosa - Per\u00edodo de gozo 20/10/2025 a 03/11/2025 - (Per\u00edodo aquisitivo 02/10/2024 a 01/10/2025)."}, {"id": "9926", "ano": "2025", "numero": "26", "tipo__sigla": "DA", "tipo__descricao": "Documento Avulso", "assunto": "Grupo PAIF,  PROSA e M\u00daSICA"}, {"id": "8762", "ano": "2025", "numero": "27", "tipo__sigla": "PARE", "tipo__descricao": "PARECER", "assunto": "Parecer Jur\u00eddico - Projeto de Lei Ordin\u00e1ria n. 16 - 2025 - Abertura de Cr\u00e9dito Especial - Super\u00e1vit Financeiro - R$ 1.659,42 (mil seiscentos e cinquenta e nove reais e quarenta e dois centavos)"}, {"id": "8851", "ano": "2025", "numero": "27", "tipo__sigla": "OR", "tipo__descricao": "OF\u00cdCIOS RECEBIDOS", "assunto": "Convida C\u00e2mara Municipal para visita na empresa Agro CP"}, {"id": "8878", "ano": "2025", "numero": "27", "tipo__sigla": "OFEXP", "tipo__descricao": "Of\u00edcio Expedido", "assunto": "Solicita que seja emitida guia de pagamento referente IRRF referente a folha de fevereiro de 2025"}, {"id": "8907", "ano": "2025", "numero": "27", "tipo__sigla": "REV", "tipo__descricao": "Relat\u00f3rios de rodagem do ve\u00edculo e outros", "assunto": "Santana da Vargem 17/03/2025: Levar o diretor Rafael para despachar com a presidente"}, {"id": "8912", "ano": "2025", "numero": "27", "tipo__sigla": "DD", "tipo__descricao": "Documentos da Diretoria", "assunto": "Devolu\u00e7\u00e3o do aparelho celular, patrim\u00f4nio n\u00ba 247"}, {"id": "9183", "ano": "2025", "numero": "27", "tipo__sigla": "DI", "tipo__descricao": "Di\u00e1rias e documentos relativos", "assunto": "Relat\u00f3rio e presta\u00e7\u00e3o de contas Emerson Silva (Itabirito-MG - 12/05/2025 a 16/05/2025)"}, {"id": "9222", "ano": "2025", "numero": "27", "tipo__sigla": "ODC", "tipo__descricao": "Of\u00edcio/documento Cont\u00e1bil", "assunto": "Informa que em maio de 2025, nenhum servidor acumulou dois per\u00edodos de f\u00e9rias ou est\u00e1 na imin\u00eancia de completar"}, {"id": "9225", "ano": "2025", "numero": "27", "tipo__sigla": "MEM", "tipo__descricao": "Memorando", "assunto": "Solicita autoriza\u00e7\u00e3o para realizar hor\u00e1rio de trabalho divergente"}, {"id": "9259", "ano": "2025", "numero": "27", "tipo__sigla": "OCI", "tipo__descricao": "Of\u00edcios da Controladoria Interna", "assunto": "F\u00cdCIO DA CONTROLADORIA INTERNA N.\u00ba 26/2025\r\n\r\nSantana da Vargem, 30 de maio de 2025.\r\nASSUNTO: Sistema de Rastreamento veicular\r\n\r\n\u00c0  Excelent\u00edssima Sra. Bruna Renata Teodoro Silva,\r\n\r\n\r\nCumprimentando-as cordialmente, esta Controladora Interna da C\u00e2mara Municipal de Santana da Vargem/MG, no exerc\u00edcio de suas atribui\u00e7\u00f5es legais, especialmente aquelas previstas no art. 74 da Constitui\u00e7\u00e3o Federal,  e nas normas de controle interno aplic\u00e1veis \u00e0 Administra\u00e7\u00e3o P\u00fablica Municipal, vem, por meio deste, recomendar a ado\u00e7\u00e3o de medidas administrativas para a instala\u00e7\u00e3o de sistema de rastreamento no(s) ve\u00edculo(s) oficial(is) desta Casa Legislativa.\r\nTal recomenda\u00e7\u00e3o encontra amparo nos princ\u00edpios constitucionais que regem a administra\u00e7\u00e3o p\u00fablica, notadamente a efici\u00eancia, moralidade, legalidade e economicidade (CF/88, art. 37). A implementa\u00e7\u00e3o do rastreamento veicular tem como principal objetivo:"}, {"id": "9380", "ano": "2025", "numero": "27", "tipo__sigla": "AT", "tipo__descricao": "ATESTADO", "assunto": "Atesta que Julia Delc\u00eddio Andrade esteve sob tratamento m\u00e9dico devendo ser afastada por 1 (um) dia a partir do dia 23/06/2025"}, {"id": "9438", "ano": "2025", "numero": "27", "tipo__sigla": "OVC", "tipo__descricao": "Of\u00edcio de Vereador/Comiss\u00e3o", "assunto": "Solicita participa\u00e7\u00e3o no curso \"Portal da transpar\u00eancia, LGPD e Ouvidoria Pol\u00edtica\""}, {"id": "9554", "ano": "2025", "numero": "27", "tipo__sigla": "ARO", "tipo__descricao": "ATAS DAS REUNI\u00d5ES ORDIN\u00c1RIAS", "assunto": "Ata da 27\u00aa reuni\u00e3o ordin\u00e1ria da 1\u00aa sess\u00e3o legislativa da 16\u00aa Legislatura da C\u00e2mara Municipal de Santana da Vargem realizada no dia sete de julho de 2025"}, {"id": "9852", "ano": "2025", "numero": "27", "tipo__sigla": "DRF", "tipo__descricao": "Documentos Relativos a F\u00e9rias", "assunto": "Aviso de f\u00e9rias Isabela Louren\u00e7\u00e3o Messias - per\u00edodo de gozo 10/11/2025 - per\u00edodo aquisitivo 02/08/2025 a 01/08/2024"}, {"id": "9927", "ano": "2025", "numero": "27", "tipo__sigla": "DA", "tipo__descricao": "Documento Avulso", "assunto": "Biografia Romeiros Bicicleta Aparecida"}, {"id": "8763", "ano": "2025", "numero": "28", "tipo__sigla": "PARE", "tipo__descricao": "PARECER", "assunto": "Parecer Jur\u00eddico - Projeto de Lei Ordin\u00e1ria n. 17 - 2025 - Abertura de Cr\u00e9dito Especial - Super\u00e1vit Financeiro - R$ R$ 161.956,49 (cento e sessenta e um mil novecentos e cinquenta e seis reais e quarenta e nove centavos);"}, {"id": "8879", "ano": "2025", "numero": "28", "tipo__sigla": "OFEXP", "tipo__descricao": "Of\u00edcio Expedido", "assunto": "Solicita ao setor de tributa\u00e7\u00e3o que seja emitida guia de pagamento referente a IRRF de fornecedores"}, {"id": "8892", "ano": "2025", "numero": "28", "tipo__sigla": "OR", "tipo__descricao": "OF\u00cdCIOS RECEBIDOS", "assunto": "Encaminha balancetes de Receitas e despesas referentes ao m\u00eas de janeiro/2025"}, {"id": "8909", "ano": "2025", "numero": "28", "tipo__sigla": "REV", "tipo__descricao": "Relat\u00f3rios de rodagem do ve\u00edculo e outros", "assunto": "Santana da Vargem e Tr\u00eas Pontas 19/03/2025- Levar funcion\u00e1rio Ruiter Silva de Oliveira para fazer cota\u00e7\u00e3o para processo licitat\u00f3rio"}, {"id": "8918", "ano": "2025", "numero": "28", "tipo__sigla": "DD", "tipo__descricao": "Documentos da Diretoria", "assunto": "Solicita que seja feita pesquisa de pre\u00e7os para verifica\u00e7\u00e3o se as condi\u00e7\u00f5es para prorroga\u00e7\u00e3o do contrato com a empresa Conecta Net sejam mais vantajosas"}, {"id": "9186", "ano": "2025", "numero": "28", "tipo__sigla": "DI", "tipo__descricao": "Di\u00e1rias e documentos relativos", "assunto": "Relat\u00f3rio e presta\u00e7\u00e3o de contas Cleber de Brito - (Itabirito 12/05/2025 a 16/05/2025)"}, {"id": "9230", "ano": "2025", "numero": "28", "tipo__sigla": "MEM", "tipo__descricao": "Memorando", "assunto": "Justificativa de impossibilidade de registrar ponto"}, {"id": "9235", "ano": "2025", "numero": "28", "tipo__sigla": "ODC", "tipo__descricao": "Of\u00edcio/documento Cont\u00e1bil", "assunto": "Solicita abertura de processo licitat\u00f3rio para atualiza\u00e7\u00e3o do software do sistema eletr\u00f4nico - SISPONTO"}, {"id": "9281", "ano": "2025", "numero": "28", "tipo__sigla": "OCI", "tipo__descricao": "Of\u00edcios da Controladoria Interna", "assunto": "Solicita a autoriza\u00e7\u00e3o para a participa\u00e7\u00e3o da Oficina Interlegis sobre LGPD, nos dias 26 e 27 de junho"}, {"id": "9425", "ano": "2025", "numero": "28", "tipo__sigla": "AT", "tipo__descricao": "ATESTADO", "assunto": "Declara que Laidia Mesquita de Sousa compareceu no centro de diagn\u00f3stico no dia 01/07/2025"}, {"id": "9442", "ano": "2025", "numero": "28", "tipo__sigla": "OVC", "tipo__descricao": "Of\u00edcio de Vereador/Comiss\u00e3o", "assunto": "Solicita inscri\u00e7\u00e3o no curso: Improbidade administrativa na Atualidade, Desafios, responsabilidades e o papel do legislativo municipal na preven\u00e7\u00e3o e controle"}, {"id": "9588", "ano": "2025", "numero": "28", "tipo__sigla": "ARO", "tipo__descricao": "ATAS DAS REUNI\u00d5ES ORDIN\u00c1RIAS", "assunto": "Ata da 29\u00aa reuni\u00e3o ordin\u00e1ria da 1\u00aa Sess\u00e3o Legislativa da 16\u00aa Legislatura da C\u00e2mara Municipal de Santana da Vargem realizada no dia quatro de agosto de dois mil e vinte e cinco"}, {"id": "9875", "ano": "2025", "numero": "28", "tipo__sigla": "DRF", "tipo__descricao": "Documentos Relativos a F\u00e9rias", "assunto": "Solicita a concess\u00e3o de 20 (vinte) dias de f\u00e9rias, referentes ao per\u00edodo aquisitivo 22/04/2024 at\u00e9 21/04/2025."}, {"id": "9928", "ano": "2025", "numero": "28", "tipo__sigla": "DA", "tipo__descricao": "Documento Avulso", "assunto": "Biografia romeiras aparecida a p\u00e9"}, {"id": "8764", "ano": "2025", "numero": "29", "tipo__sigla": "PARE", "tipo__descricao": "PARECER", "assunto": "Parecer jur\u00eddico - Projeto de Lei ordin\u00e1ria do Legislativo n. 5 - 2025 - Estabelece o 13\u00ba sal\u00e1rio, f\u00e9rias acrescida de 1/3 de f\u00e9rias."}, {"id": "8880", "ano": "2025", "numero": "29", "tipo__sigla": "OFEXP", "tipo__descricao": "Of\u00edcio Expedido", "assunto": "Solicita ao setor de tributa\u00e7\u00e3o que seja emitida guia referente aos rendimentos de aplica\u00e7\u00e3o da conta auferidos no m\u00eas de fevereiro"}, {"id": "8893", "ano": "2025", "numero": "29", "tipo__sigla": "OR", "tipo__descricao": "OF\u00cdCIOS RECEBIDOS", "assunto": "Resposta solicita\u00e7\u00e3o referente a \" Agro CP \""}, {"id": "8919", "ano": "2025", "numero": "29", "tipo__sigla": "DD", "tipo__descricao": "Documentos da Diretoria", "assunto": "Encaminha as notas fiscais n\u00ba 5010, 5011, 11227 e 4663 solicitada a liquida\u00e7\u00e3o"}, {"id": "8921", "ano": "2025", "numero": "29", "tipo__sigla": "REV", "tipo__descricao": "Relat\u00f3rios de rodagem do ve\u00edculo e outros", "assunto": "Santana da Vargem 20/03/2025 - Levar funcion\u00e1rio Ruiter de Oliveira na yup net"}, {"id": "9202", "ano": "2025", "numero": "29", "tipo__sigla": "DI", "tipo__descricao": "Di\u00e1rias e documentos relativos", "assunto": "Relat\u00f3rio e presta\u00e7\u00e3o de contas Ruiter Silva de Oliveira (Itabirito 12/05/2025 a 16/05/2025)"}, {"id": "9234", "ano": "2025", "numero": "29", "tipo__sigla": "MEM", "tipo__descricao": "Memorando", "assunto": "Solicita autoriza\u00e7\u00e3o para realiza\u00e7\u00e3o de hor\u00e1rio divergente 22/05/2025"}, {"id": "9290", "ano": "2025", "numero": "29", "tipo__sigla": "ODC", "tipo__descricao": "Of\u00edcio/documento Cont\u00e1bil", "assunto": "Solicita emiss\u00e3o de guias junto a prefeitura municipal de santana da vargem para recolhimento de IRRF e aplica\u00e7\u00f5es auferidas da conta da C\u00e2mara Municipal"}, {"id": "9291", "ano": "2025", "numero": "29", "tipo__sigla": "OCI", "tipo__descricao": "Of\u00edcios da Controladoria Interna", "assunto": "Recomenda\u00e7\u00e3o para regulariza\u00e7\u00e3o da LGPD, LAI e Ouvidoria- prazo de 60 dias"}, {"id": "9430", "ano": "2025", "numero": "29", "tipo__sigla": "AT", "tipo__descricao": "ATESTADO", "assunto": "Atesta que  Julia Delc\u00eddio Andrade est\u00e1 sob tratamento m\u00e9dico devendo ser afastada de suas atividades por 3 (tr\u00eas dias)"}, {"id": "9457", "ano": "2025", "numero": "29", "tipo__sigla": "OVC", "tipo__descricao": "Of\u00edcio de Vereador/Comiss\u00e3o", "assunto": "Solicita informa\u00e7\u00f5es referentes \u00e0 organiza\u00e7\u00e3o curricular no \u00e2mbito do Munic\u00edpio"}, {"id": "9625", "ano": "2025", "numero": "29", "tipo__sigla": "ARO", "tipo__descricao": "ATAS DAS REUNI\u00d5ES ORDIN\u00c1RIAS", "assunto": "Ata da 29\u00aa reuni\u00e3o ordin\u00e1ria da 1\u00aa Sess\u00e3o Legislativa da 16\u00aa Legislatura da C\u00e2mara Municipal de Santana da Vargem realizada no dia onze de agosto de dois mil e vinte e cinco"}, {"id": "9880", "ano": "2025", "numero": "29", "tipo__sigla": "DRF", "tipo__descricao": "Documentos Relativos a F\u00e9rias", "assunto": "Solicitar concess\u00e3o de saldo remanescente de 20 (vinte) dias de f\u00e9rias a partir do dia 03 de novembro"}, {"id": "9929", "ano": "2025", "numero": "29", "tipo__sigla": "DA", "tipo__descricao": "Documento Avulso", "assunto": "Hist\u00f3rico entidade coapsul"}, {"id": "8765", "ano": "2025", "numero": "30", "tipo__sigla": "PARE", "tipo__descricao": "PARECER", "assunto": "Parecer jur\u00eddico - Emenda a Lei Org\u00e2nica 01 - 2025 - Emenda de Bancada."}, {"id": "8881", "ano": "2025", "numero": "30", "tipo__sigla": "OFEXP", "tipo__descricao": "Of\u00edcio Expedido", "assunto": "Solicita parecer jur\u00eddico a respeito de possibilidade de prorroga\u00e7\u00e3o do contrato de trabalhado da auxiliar legislativa"}, {"id": "8894", "ano": "2025", "numero": "30", "tipo__sigla": "OR", "tipo__descricao": "OF\u00cdCIOS RECEBIDOS", "assunto": "Solicita indica\u00e7\u00e3o de conselheiro titular e suplente para o CODEMA"}, {"id": "8926", "ano": "2025", "numero": "30", "tipo__sigla": "REV", "tipo__descricao": "Relat\u00f3rios de rodagem do ve\u00edculo e outros", "assunto": "Santana da Vargem 20/03/2025 - Levar funcion\u00e1rios Ruiter, Larissa e Laidia no almoxarifado"}, {"id": "8929", "ano": "2025", "numero": "30", "tipo__sigla": "DD", "tipo__descricao": "Documentos da Diretoria", "assunto": "Encaminha nota fiscal n\u00ba234 para que seja efetuado o pagamento"}, {"id": "9211", "ano": "2025", "numero": "30", "tipo__sigla": "DI", "tipo__descricao": "Di\u00e1rias e documentos relativos", "assunto": "Requisi\u00e7\u00e3o de di\u00e1rias Jackson Luiz Ven\u00e2ncio de Souza (Belo Horizonte- 27/05/2025 a 30/05/2025)"}, {"id": "9237", "ano": "2025", "numero": "30", "tipo__sigla": "MEM", "tipo__descricao": "Memorando", "assunto": "Informa sobre horas extras e solicita autoriza\u00e7\u00e3o para o recebimento de horas extras referentes ao dia 20 de maio"}, {"id": "9295", "ano": "2025", "numero": "30", "tipo__sigla": "ODC", "tipo__descricao": "Of\u00edcio/documento Cont\u00e1bil", "assunto": "Atividades a serem realizadas em per\u00edodos de f\u00e9rias (09  a 18 de junho de 2025)"}, {"id": "9336", "ano": "2025", "numero": "30", "tipo__sigla": "OCI", "tipo__descricao": "Of\u00edcios da Controladoria Interna", "assunto": "Declara\u00e7\u00e3o de Bens e Patrim\u00f4nio Exerc\u00edcio 2025 (Ano calend\u00e1rio 2024)"}, {"id": "9463", "ano": "2025", "numero": "30", "tipo__sigla": "OVC", "tipo__descricao": "Of\u00edcio de Vereador/Comiss\u00e3o", "assunto": "Solicita autoriza\u00e7\u00e3o para participa\u00e7\u00e3o em semin\u00e1rio de forma\u00e7\u00e3o para parlamentares, servidores, contadores, procuradores jur\u00eddicos e assessores parlamentares"}, {"id": "9619", "ano": "2025", "numero": "30", "tipo__sigla": "AT", "tipo__descricao": "ATESTADO", "assunto": "Atesta que Laidia Mesquita de Souza Barbosa compareceu ao Hospital no dia 15 de Agosto de 2025"}, {"id": "9657", "ano": "2025", "numero": "30", "tipo__sigla": "ARO", "tipo__descricao": "ATAS DAS REUNI\u00d5ES ORDIN\u00c1RIAS", "assunto": "Ata da 30\u00aa reuni\u00e3o ordin\u00e1ria da 1\u00aa Sess\u00e3o Legislativa da 16\u00aa Legislatura da C\u00e2mara Municipal de Santana da Vargem realizada no dia dezoito de agosto de dois mil e vinte e cinco"}, {"id": "9884", "ano": "2025", "numero": "30", "tipo__sigla": "DRF", "tipo__descricao": "Documentos Relativos a F\u00e9rias", "assunto": "Aviso de f\u00e9rias Emerson Silva Ara\u00fajo -  per\u00edodo de gozo 04/11/2025 a 23/11/2025\r\nPer\u00edodo aquisitivo: 22/04/2025 a 21/04/2025"}, {"id": "9930", "ano": "2025", "numero": "30", "tipo__sigla": "DA", "tipo__descricao": "Documento Avulso", "assunto": "Homenagem servidores p\u00fablicos UBS"}, {"id": "8766", "ano": "2025", "numero": "31", "tipo__sigla": "PARE", "tipo__descricao": "PARECER", "assunto": "Parecer jur\u00eddico - Projeto de Lei Complementar n. 02 - 2025 - Aumenta o n\u00famero de cargos de Fisioterapeuta III (De 1 para 3) e extinguir o cargo de Fisioterapeuta II."}, {"id": "8882", "ano": "2025", "numero": "31", "tipo__sigla": "OFEXP", "tipo__descricao": "Of\u00edcio Expedido", "assunto": "Encaminha os projetos de lei aprovados na 10\u00aa sess\u00e3o legislativa realizada no dia 10/03/2025"}, {"id": "8917", "ano": "2025", "numero": "31", "tipo__sigla": "OR", "tipo__descricao": "OF\u00cdCIOS RECEBIDOS", "assunto": "Encaminha balancetes de Receitas e Despesas referentes ao m\u00eas de Fevereiro de 2025"}, {"id": "8927", "ano": "2025", "numero": "31", "tipo__sigla": "REV", "tipo__descricao": "Relat\u00f3rios de rodagem do ve\u00edculo e outros", "assunto": "Santana da Vargem 20/03/2025 - Levar diretor Rafael para despachar com a presidente"}, {"id": "8934", "ano": "2025", "numero": "31", "tipo__sigla": "DD", "tipo__descricao": "Documentos da Diretoria", "assunto": "Encaminha a nota fiscal n\u00ba 158 para que seja solicitada a liquida\u00e7\u00e3o"}, {"id": "9214", "ano": "2025", "numero": "31", "tipo__sigla": "DI", "tipo__descricao": "Di\u00e1rias e documentos relativos", "assunto": "Requisi\u00e7\u00e3o de di\u00e1rias Everton Paulo Ara\u00fajo (Belo Horizonte - 27/05/2025 a 30/05/2025)"}, {"id": "9256", "ano": "2025", "numero": "31", "tipo__sigla": "MEM", "tipo__descricao": "Memorando", "assunto": "Solicita autoriza\u00e7\u00e3o para levar notebook da C\u00e2mara nos dias 02 a 06 de maio"}, {"id": "9296", "ano": "2025", "numero": "31", "tipo__sigla": "ODC", "tipo__descricao": "Of\u00edcio/documento Cont\u00e1bil", "assunto": "Aux\u00edlio ao controle interno com relat\u00f3rios do sistema"}, {"id": "9339", "ano": "2025", "numero": "31", "tipo__sigla": "OCI", "tipo__descricao": "Of\u00edcios da Controladoria Interna", "assunto": "Encaminha relat\u00f3rio mensal da controladoria interna - Maio de 2025"}, {"id": "9483", "ano": "2025", "numero": "31", "tipo__sigla": "OVC", "tipo__descricao": "Of\u00edcio de Vereador/Comiss\u00e3o", "assunto": "Solicita informa\u00e7\u00f5es sobre emiss\u00e3o do Perfil Profissiogr\u00e1fico previdenci\u00e1rio PPP"}, {"id": "9667", "ano": "2025", "numero": "31", "tipo__sigla": "AT", "tipo__descricao": "ATESTADO", "assunto": "Atesta que Elis Oliveira Naves e Silva est\u00e1 sob tratamento m\u00e9dico devendo ser afastada de suas atividades por 4 (quatro dias)."}, {"id": "9692", "ano": "2025", "numero": "31", "tipo__sigla": "ARO", "tipo__descricao": "ATAS DAS REUNI\u00d5ES ORDIN\u00c1RIAS", "assunto": "Ata da 31\u00aa reuni\u00e3o ordin\u00e1ria da 1\u00aa sess\u00e3o legislativa da 16\u00aa legislatura da C\u00e2mara Municipal de Santana da Vargem realizada no dia vinte e cinco de agosto de dois mil e vinte e cinco"}, {"id": "9885", "ano": "2025", "numero": "31", "tipo__sigla": "DRF", "tipo__descricao": "Documentos Relativos a F\u00e9rias", "assunto": "Solicita concess\u00e3o de 10 (dez) dias de f\u00e9rias, referentes ao per\u00edodo aquisitivo de outubro 2025, gozo do dia 17 de novembro a 27 de novembro"}, {"id": "9931", "ano": "2025", "numero": "31", "tipo__sigla": "DA", "tipo__descricao": "Documento Avulso", "assunto": "Hist\u00f3rico clinica agropet"}, {"id": "8770", "ano": "2025", "numero": "32", "tipo__sigla": "PARE", "tipo__descricao": "PARECER", "assunto": "Parecer Jur\u00eddico - Realinhamento de pre\u00e7o - Combust\u00edvel."}, {"id": "8888", "ano": "2025", "numero": "32", "tipo__sigla": "OFEXP", "tipo__descricao": "Of\u00edcio Expedido", "assunto": "Encaminha o projeto de lei complementar n\u00ba 003/2025 e o projeto de lei complementar 004/2025"}, {"id": "8928", "ano": "2025", "numero": "32", "tipo__sigla": "REV", "tipo__descricao": "Relat\u00f3rios de rodagem do ve\u00edculo e outros", "assunto": "Santana da Vargem 20/03/2025 - Levar diretor Rafael na f\u00e1brica do Ch\u00e9 na rodovia MG-167"}, {"id": "8936", "ano": "2025", "numero": "32", "tipo__sigla": "DD", "tipo__descricao": "Documentos da Diretoria", "assunto": "Solicita emiss\u00e3o de parecer a respeito dos termos aditivos constantes do processo 022/2024"}, {"id": "8939", "ano": "2025", "numero": "32", "tipo__sigla": "OR", "tipo__descricao": "OF\u00cdCIOS RECEBIDOS", "assunto": "Solicita a retirada de tramita\u00e7\u00e3o do projeto de lei  n\u00ba 004/2025"}, {"id": "9236", "ano": "2025", "numero": "32", "tipo__sigla": "DI", "tipo__descricao": "Di\u00e1rias e documentos relativos", "assunto": "Requerimento de adiantamento para abastecimento e estacionamento quanto em deslocamento Emerson Silva Ara\u00fajo (Belo Horizonte - 27/05/2025 a 30/05/2025)"}, {"id": "9270", "ano": "2025", "numero": "32", "tipo__sigla": "MEM", "tipo__descricao": "Memorando", "assunto": "Solicita autoriza\u00e7\u00e3o pare realizar hor\u00e1rio de trabalho divergente no dia 02 de junho de 2025"}, {"id": "9350", "ano": "2025", "numero": "32", "tipo__sigla": "OCI", "tipo__descricao": "Of\u00edcios da Controladoria Interna", "assunto": "Informa\u00e7\u00e3o sobre a baixa patrimonial de ve\u00edculo e recomenda\u00e7\u00e3o quanto \u00e0 transfer\u00eancia"}, {"id": "9362", "ano": "2025", "numero": "32", "tipo__sigla": "ODC", "tipo__descricao": "Of\u00edcio/documento Cont\u00e1bil", "assunto": "Resposta ao of\u00edcio 32 da controladoria interna"}, {"id": "9493", "ano": "2025", "numero": "32", "tipo__sigla": "OVC", "tipo__descricao": "Of\u00edcio de Vereador/Comiss\u00e3o", "assunto": "Solicita autoriza\u00e7\u00e3o e contrata\u00e7\u00e3o do curso \"Gest\u00e3o democr\u00e1tica do patrim\u00f4nio p\u00fablico e o interesse coletivo que ser\u00e1 ministrado no dia 29 de julho de 2025 a 1\u00aa de agosto"}, {"id": "9668", "ano": "2025", "numero": "32", "tipo__sigla": "AT", "tipo__descricao": "ATESTADO", "assunto": "Atesta que Julia Delc\u00eddio Andrade est\u00e1 sob tratamento m\u00e9dico devendo ser afastada de suas atividades por 1 (um dia) - 26/08/2025"}, {"id": "9712", "ano": "2025", "numero": "32", "tipo__sigla": "ARO", "tipo__descricao": "ATAS DAS REUNI\u00d5ES ORDIN\u00c1RIAS", "assunto": "Ata da 32\u00aa reuni\u00e3o ordin\u00e1ria da 1\u00aa sess\u00e3o Legislativa da 16\u00aa Legislatura da C\u00e2mara Municipal de Santana da Vargem realizada no dia primeiro de setembro de dois mil e vinte e cinco"}, {"id": "9919", "ano": "2025", "numero": "32", "tipo__sigla": "DRF", "tipo__descricao": "Documentos Relativos a F\u00e9rias", "assunto": "Aviso de f\u00e9rias Felipe Tom\u00e9 Mota e Silva (per\u00edodo de gozo -  10/11/2025 a 19/11/2025)"}, {"id": "9932", "ano": "2025", "numero": "32", "tipo__sigla": "DA", "tipo__descricao": "Documento Avulso", "assunto": "Homenagem ter\u00e7o dos homens"}, {"id": "8771", "ano": "2025", "numero": "33", "tipo__sigla": "PARE", "tipo__descricao": "PARECER", "assunto": "Parecer Jur\u00eddico - Inexigibilidade de licita\u00e7\u00e3o - \u201cCurso de comunica\u00e7\u00e3o assertiva e rela\u00e7\u00f5es interpessoais para a c\u00e2mara municipal de Santana da Vargem - MG\u201d."}, {"id": "8889", "ano": "2025", "numero": "33", "tipo__sigla": "OFEXP", "tipo__descricao": "Of\u00edcio Expedido", "assunto": "Encaminha certid\u00f5es de invent\u00e1rio f\u00edsico e financeiro"}, {"id": "8940", "ano": "2025", "numero": "33", "tipo__sigla": "DD", "tipo__descricao": "Documentos da Diretoria", "assunto": "Solicita que seja emitido parecer sobre a possibilidade de endosso de seguro veicular"}, {"id": "8945", "ano": "2025", "numero": "33", "tipo__sigla": "OR", "tipo__descricao": "OF\u00cdCIOS RECEBIDOS", "assunto": "Apresenta relat\u00f3rios de monitoramento ambiental, qualidade do ar e estudo de emiss\u00f5es odor\u00edferas"}, {"id": "8991", "ano": "2025", "numero": "33", "tipo__sigla": "REV", "tipo__descricao": "Relat\u00f3rios de rodagem do ve\u00edculo e outros", "assunto": "Relat\u00f3rio rodagem de ve\u00edculo oficial \r\nLocalidade: Santana da Vargem  Hor\u00e1rio: 10:50\r\nLevar funcion\u00e1rio Ruiter para despachar com a presidente"}, {"id": "9257", "ano": "2025", "numero": "33", "tipo__sigla": "DI", "tipo__descricao": "Di\u00e1rias e documentos relativos", "assunto": "Requisi\u00e7\u00e3o de di\u00e1rias Cleber de Brito (Bras\u00edlia 02/06/2025 a 07/06/2025)"}, {"id": "9277", "ano": "2025", "numero": "33", "tipo__sigla": "MEM", "tipo__descricao": "Memorando", "assunto": "Comunica matrim\u00f4nio e aus\u00eancia das atividades, artigo 164, V a do Estatuto dos Servidores P\u00fablicos Municipais"}, {"id": "9361", "ano": "2025", "numero": "33", "tipo__sigla": "OCI", "tipo__descricao": "Of\u00edcios da Controladoria Interna", "assunto": "Solicita esclarecimentos e provid\u00eancias lan\u00e7amento de abastecimentos de ve\u00edculos da C\u00e2mara Municipal"}, {"id": "9398", "ano": "2025", "numero": "33", "tipo__sigla": "ODC", "tipo__descricao": "Of\u00edcio/documento Cont\u00e1bil", "assunto": "Informa sobre devolu\u00e7\u00e3o de valor referente a desconto de Unimed para conta da C\u00e2mara"}, {"id": "9514", "ano": "2025", "numero": "33", "tipo__sigla": "OVC", "tipo__descricao": "Of\u00edcio de Vereador/Comiss\u00e3o", "assunto": "Destina\u00e7\u00e3o da emenda impositiva para pr\u00f3teses dent\u00e1rias 50% sa\u00fade"}, {"id": "9686", "ano": "2025", "numero": "33", "tipo__sigla": "AT", "tipo__descricao": "ATESTADO", "assunto": "Declara que Larissa Oliveira Naves acompanhou a paciente Elis Oliveira Naves e Silva para realizar exames m\u00e9dicos 01/09/2025"}, {"id": "9753", "ano": "2025", "numero": "33", "tipo__sigla": "ARO", "tipo__descricao": "ATAS DAS REUNI\u00d5ES ORDIN\u00c1RIAS", "assunto": "Ata da 33\u00aa reuni\u00e3o ordin\u00e1ria da 1\u00aa Sess\u00e3o Legislativa da 16\u00aa Legislatura da C\u00e2mara Municipal de Santana da Vargem realizada no dia oito de setembro de dois mil e vinte e cinco"}, {"id": "9933", "ano": "2025", "numero": "33", "tipo__sigla": "DA", "tipo__descricao": "Documento Avulso", "assunto": "Biografia Vita \u00c1vila"}, {"id": "8772", "ano": "2025", "numero": "34", "tipo__sigla": "PARE", "tipo__descricao": "PARECER", "assunto": "Parecer Jur\u00eddico - Inexigibilidade de licita\u00e7\u00e3o - \u201cCurso de controle interno\u201d."}, {"id": "8915", "ano": "2025", "numero": "34", "tipo__sigla": "OFEXP", "tipo__descricao": "Of\u00edcio Expedido", "assunto": "Solicita informa\u00e7\u00f5es se h\u00e1 nos quadros do munic\u00edpio profissional que possua compet\u00eancia t\u00e9cnica para instala\u00e7\u00e3o de aparelhos de ar condicionado"}, {"id": "8944", "ano": "2025", "numero": "34", "tipo__sigla": "DD", "tipo__descricao": "Documentos da Diretoria", "assunto": "Solicita que encaminhe a lei municipal n\u00b0 1.070/2008 atualizada conforme solicita\u00e7\u00e3o do procurador legislativo"}, {"id": "8964", "ano": "2025", "numero": "34", "tipo__sigla": "OR", "tipo__descricao": "OF\u00cdCIOS RECEBIDOS", "assunto": "Resposta ao of\u00edcio 003/2025 do vereador Paulo Jos\u00e9 Barbosa"}, {"id": "8993", "ano": "2025", "numero": "34", "tipo__sigla": "REV", "tipo__descricao": "Relat\u00f3rios de rodagem do ve\u00edculo e outros", "assunto": "Relat\u00f3rio rodagem do ve\u00edculo oficial\r\nLocalidade: Santana da Vargem \r\nData: 04/07/2025 Hor\u00e1rio: 09:00\r\nLevar diretor Rafael para discutir assunto com fornecedor de seguro"}, {"id": "9258", "ano": "2025", "numero": "34", "tipo__sigla": "DI", "tipo__descricao": "Di\u00e1rias e documentos relativos", "assunto": "Requisi\u00e7\u00e3o de di\u00e1rias Ruiter Silva de Oliveira (Bras\u00edlia - 02/06/2025 a 07/06/2025)"}, {"id": "9329", "ano": "2025", "numero": "34", "tipo__sigla": "MEM", "tipo__descricao": "Memorando", "assunto": "Solicita o encaminhamento do exame toxicol\u00f3gico em resposta ao of\u00edcio n\u00ba 11/2025 do controle interno"}, {"id": "9387", "ano": "2025", "numero": "34", "tipo__sigla": "OCI", "tipo__descricao": "Of\u00edcios da Controladoria Interna", "assunto": "OF\u00cdCIO DA CONTROLADORIA INTERNA N.\u00ba 33/2025\r\n\r\n\r\nSantana da Vargem, 25 de junho de 2025.\r\n\r\nASSUNTO: RELATORIO DE AUDITORIA INTERNA N.\u00ba 05/2025\r\n\r\n\u00c0  Excelent\u00edssima Sra. Bruna Renata Teodoro Silva,\r\n\u00c0 Contabilidade\r\n\r\nCumprimentando-as cordialmente, venho por meio deste apresentar RELAT\u00d3RIO CONCLUSIVO DE AUDITORIA INTERNA N\u00ba 05/2025 - Auditoria Interna em  Frotas, manuten\u00e7\u00f5es consumo de combust\u00edveis, utiliza\u00e7\u00e3o do ve\u00edculo,  para seu conhecimento e provid\u00eancias.\r\n\r\n     \r\n\r\n Atenciosamente."}, {"id": "9437", "ano": "2025", "numero": "34", "tipo__sigla": "ODC", "tipo__descricao": "Of\u00edcio/documento Cont\u00e1bil", "assunto": "Encaminha estimativa do impacto or\u00e7ament\u00e1rio-financeiro"}, {"id": "9572", "ano": "2025", "numero": "34", "tipo__sigla": "OVC", "tipo__descricao": "Of\u00edcio de Vereador/Comiss\u00e3o", "assunto": "Readequa\u00e7\u00e3o de destina\u00e7\u00e3o de emenda parlamentar - R$60.000,00"}, {"id": "9687", "ano": "2025", "numero": "34", "tipo__sigla": "AT", "tipo__descricao": "ATESTADO", "assunto": "Atesta que Ruiter Silva de Oliveira foi atendido a tarde do dia 01/09/2025"}, {"id": "9767", "ano": "2025", "numero": "34", "tipo__sigla": "ARO", "tipo__descricao": "ATAS DAS REUNI\u00d5ES ORDIN\u00c1RIAS", "assunto": "Ata da 34\u00aa reuni\u00e3o ordin\u00e1ria da 1\u00aa Sess\u00e3o Legislativa da 16\u00aa Legislatura da C\u00e2mara Municipal de Santana da Vargem realizada no dia quinze de Setembro de 2025"}, {"id": "9934", "ano": "2025", "numero": "34", "tipo__sigla": "DA", "tipo__descricao": "Documento Avulso", "assunto": "Biografia Luan"}, {"id": "8801", "ano": "2025", "numero": "35", "tipo__sigla": "PARE", "tipo__descricao": "PARECER", "assunto": "Realinhamento de pre\u00e7os - requerimento 10 de Fevereiro de 2025"}, {"id": "8920", "ano": "2025", "numero": "35", "tipo__sigla": "OFEXP", "tipo__descricao": "Of\u00edcio Expedido", "assunto": "Solicita que seja prorrogado o contrato da Auxiliar Legislativa"}, {"id": "8965", "ano": "2025", "numero": "35", "tipo__sigla": "OR", "tipo__descricao": "OF\u00cdCIOS RECEBIDOS", "assunto": "Resposta ao of\u00edcio  n\u00ba 002/2025 do vereador Paulo Jos\u00e9 Barbosa"}, {"id": "8975", "ano": "2025", "numero": "35", "tipo__sigla": "DD", "tipo__descricao": "Documentos da Diretoria", "assunto": "Encaminha notas fiscais n\u00ba 3284, n\u00ba 3285 para que seja efetuado o pagamento"}, {"id": "9009", "ano": "2025", "numero": "35", "tipo__sigla": "REV", "tipo__descricao": "Relat\u00f3rios de rodagem do ve\u00edculo e outros", "assunto": "Relat\u00f3rio rodagem:\r\nData: 09/04/2025 \r\nHor\u00e1rio: 8:00\r\nLevar Diretor Rafael para discutir assunto com fornecedor de seguro"}, {"id": "9266", "ano": "2025", "numero": "35", "tipo__sigla": "DI", "tipo__descricao": "Di\u00e1rias e documentos relativos", "assunto": "Requerimento de adiantamento para abastecimento e estacionamento durante viagem para Bras\u00edlia-DF nos dias 02/06 a 07/06"}, {"id": "9375", "ano": "2025", "numero": "35", "tipo__sigla": "MEM", "tipo__descricao": "Memorando", "assunto": "Solicita autoriza\u00e7\u00e3o para pagamento de horas extras"}, {"id": "9462", "ano": "2025", "numero": "35", "tipo__sigla": "ODC", "tipo__descricao": "Of\u00edcio/documento Cont\u00e1bil", "assunto": "Solicita emiss\u00e3o de guias junto a prefeitura municipal de Santana da Vargem para recolhimento de IRRF e aplica\u00e7\u00f5es auferidas da conta da C\u00e2mara Municipal - ref. ao m\u00eas de junho de 2025."}, {"id": "9481", "ano": "2025", "numero": "35", "tipo__sigla": "OCI", "tipo__descricao": "Of\u00edcios da Controladoria Interna", "assunto": "OF\u00cdCIO DA CONTROLADORIA INTERNA N.\u00ba 34/2025\r\n\r\nSantana da Vargem, 17 de junho de 2025.\r\n\r\nASSUNTO: Analise Atricon \u2013 Valida\u00e7\u00e3o da autoavalia\u00e7\u00e3o\r\n\r\n\u00c0  Excelent\u00edssima Sra. Bruna Renata Teodoro Silva,\r\n\r\nCumprimentando-a cordialmente, esta Controladoria Interna, no uso de suas atribui\u00e7\u00f5es legais, vem, por meio deste, informar que a Atricon realizou a an\u00e1lise da pesquisa de autoavalia\u00e7\u00e3o respondida por esta Controladora. Na referida an\u00e1lise, foram desconsiderados alguns pontos anteriormente classificados como satisfat\u00f3rios, sob a justificativa de que n\u00e3o atendem integralmente \u00e0s exig\u00eancias.\r\nFoi apresentado prazo para manifesta\u00e7\u00e3o de eventual discord\u00e2ncia desta Controladora quanto \u00e0 an\u00e1lise. Contudo, ap\u00f3s maior detalhamento fornecido pela Atricon sobre os t\u00f3picos questionados, constateis que, de fato, a C\u00e2mara Municipal n\u00e3o estava atendendo a esses quesitos tamb\u00e9m.\r\nO comunicado segue anexo ao presente of\u00edcio, para conhecimento e provid\u00eancias.\r\nEm s\u00edntese, destacam-se os pontos que requerem melhoria urgente:\r\n    1. Emiss\u00e3o de s\u00e9ries hist\u00f3ricas e filtros de relat\u00f3rios para acordos firmados que n\u00e3o envolvam transfer\u00eancias financeiras;\r\n    2. Inser\u00e7\u00e3o, em campo espec\u00edfico para concursos p\u00fablicos, da data da atualiza\u00e7\u00e3o da informa\u00e7\u00e3o, observando prazo m\u00e1ximo de 30 dias para atualiza\u00e7\u00e3o frequente no site;\r\n    3. Quanto ao t\u00f3pico de licita\u00e7\u00e3o, deve ser publicada, no m\u00ednimo, a data da sess\u00e3o de abertura, o valor estimado e o valor homologado, incluindo a possibilidade de emiss\u00e3o de relat\u00f3rios edit\u00e1veis com filtros;\r\n    4. Na se\u00e7\u00e3o relativa \u00e0s licita\u00e7\u00f5es (incluindo inexigibilidades e dispensas), deve ser poss\u00edvel acessar a \u00edntegra dos principais documentos das fases interna e externa (ex.: termo de refer\u00eancia, justificativa da escolha do fornecedor, pareceres, ata de sess\u00e3o, homologa\u00e7\u00e3o, adjudica\u00e7\u00e3o etc.);\r\n    5. No campo \u201cAtas de Ades\u00e3o\u201d, deve constar informa\u00e7\u00e3o atualizada (com a data da \u00faltima atualiza\u00e7\u00e3o) indicando a inexist\u00eancia de ades\u00f5es, quando for o caso;\r\n    6. Em obras, devem ser disponibilizados valores unit\u00e1rios e totais contratados, valor pago, s\u00e9rie hist\u00f3rica, em relat\u00f3rios edit\u00e1veis e com filtros;\r\n    7. No campo \u201cPresta\u00e7\u00e3o de Contas\u201d do exerc\u00edcio anterior, devem constar as Demonstra\u00e7\u00f5es das Varia\u00e7\u00f5es Patrimoniais;\r\n    8. Em atividades final\u00edsticas, devem constar de forma clara as atas das sess\u00f5es e a lista de presen\u00e7a dos parlamentares."}, {"id": "9577", "ano": "2025", "numero": "35", "tipo__sigla": "OVC", "tipo__descricao": "Of\u00edcio de Vereador/Comiss\u00e3o", "assunto": "Comunica\u00e7\u00e3o de participa\u00e7\u00e3o em evento oficial, dispensa de di\u00e1ria e justificativa de aus\u00eancia"}, {"id": "9725", "ano": "2025", "numero": "35", "tipo__sigla": "AT", "tipo__descricao": "ATESTADO", "assunto": "Atesta que Rafael Teixeira Nogueira esta sobre tratamento odontol\u00f3gico devendo ser afastado do servi\u00e7o por um dia a partir do dia 10/09/2025"}, {"id": "9789", "ano": "2025", "numero": "35", "tipo__sigla": "ARO", "tipo__descricao": "ATAS DAS REUNI\u00d5ES ORDIN\u00c1RIAS", "assunto": "Ata da 35\u00aa Reuni\u00e3o Ordin\u00e1ria da C\u00e2mara Municipal de Santana da Vargem/MG"}, {"id": "9935", "ano": "2025", "numero": "35", "tipo__sigla": "DA", "tipo__descricao": "Documento Avulso", "assunto": "Justificativa homenagem policia militar"}, {"id": "8803", "ano": "2025", "numero": "36", "tipo__sigla": "PARE", "tipo__descricao": "PARECER", "assunto": "Parecer Jur\u00eddico - Projeto de lei 18 - 2025 - Institui a declara\u00e7\u00e3o de Direitos de Liberdade Econ\u00f4mica no Munic\u00edpio de Santana da Vargem \u2013 MG."}, {"id": "8922", "ano": "2025", "numero": "36", "tipo__sigla": "OFEXP", "tipo__descricao": "Of\u00edcio Expedido", "assunto": "Solicita ao setor competente que busque os bens que foram dados baixas na C\u00e2mara Municipal de Santana da Vargem  (central de alarme, mesa reta com p\u00e9s de ferro, quadro com bras\u00e3o do munic\u00edpio e mesa de canto tabaco) - baixa patrim\u00f4nio"}, {"id": "8966", "ano": "2025", "numero": "36", "tipo__sigla": "OR", "tipo__descricao": "OF\u00cdCIOS RECEBIDOS", "assunto": "Resposta ao pedido 01/2025 do vereador Paulo Jos\u00e9 Barbosa"}, {"id": "8976", "ano": "2025", "numero": "36", "tipo__sigla": "DD", "tipo__descricao": "Documentos da Diretoria", "assunto": "Encaminha a nota fiscal n\u00ba 000.005.026 para que seja efetuado o pagamento"}, {"id": "9010", "ano": "2025", "numero": "36", "tipo__sigla": "REV", "tipo__descricao": "Relat\u00f3rios de rodagem do ve\u00edculo e outros", "assunto": "Relat\u00f3rio de rodagem ve\u00edculo\r\nLocal: Santana da Vargem\r\nData: 09/04/2025\r\nHor\u00e1rio: 8:30\r\nLevar Diretor Rafael para abastecer o ve\u00edculo no auto posto Chico Barba, R$100,00 de alcool no Km 132 724"}, {"id": "9269", "ano": "2025", "numero": "36", "tipo__sigla": "DI", "tipo__descricao": "Di\u00e1rias e documentos relativos", "assunto": "Relat\u00f3rio e presta\u00e7\u00e3o de contas Emerson Silva Ara\u00fajo - Belo Horizonte 27/05/2025 a 30/05/2025"}, {"id": "9418", "ano": "2025", "numero": "36", "tipo__sigla": "MEM", "tipo__descricao": "Memorando", "assunto": "Requerimento - lei complementar 16 de 23 de julho de 2019 - acesso"}, {"id": "9482", "ano": "2025", "numero": "36", "tipo__sigla": "OCI", "tipo__descricao": "Of\u00edcios da Controladoria Interna", "assunto": "OF\u00cdCIO DA CONTROLADORIA INTERNA N.\u00ba 35/2025\r\nSantana da Vargem, 17 de junho de 2025.\r\nASSUNTO: Sugest\u00e3o Checklist em ve\u00edculos\r\n\u00c0 Excelent\u00edssima Sra. Bruna Renata Teodoro Silva,\r\nCc \u2013 Sr. Emerson Ara\u00fajo\r\nCumprimentando-a cordialmente, esta Controladoria Interna, no uso de suas atribui\u00e7\u00f5es legais, vem, por meio deste, sugerir a realiza\u00e7\u00e3o mensal e apresenta\u00e7\u00e3o \u00e0 Diretoria de checklist no veiculo oficial desta C\u00e2mara Municipal, conforme anexo.\r\nCumpre esclarecer que a sugest\u00e3o apresentada por esta Controladoria Interna tem por objetivo assegurar a boa utiliza\u00e7\u00e3o do patrim\u00f4nio p\u00fablico, a preven\u00e7\u00e3o de falhas mec\u00e2nicas que possam comprometer a seguran\u00e7a e a integridade do ve\u00edculo, bem como evitar despesas inesperadas decorrentes da aus\u00eancia de manuten\u00e7\u00e3o preventiva.\r\nAl\u00e9m disso, a execu\u00e7\u00e3o sistem\u00e1tica desse controle possibilita maior transpar\u00eancia e rastreabilidade na gest\u00e3o da frota, atendendo \u00e0s boas pr\u00e1ticas de governan\u00e7a e aos princ\u00edpios da economicidade e efici\u00eancia. Trata-se, portanto, de medida simples e eficaz, que contribui para a preserva\u00e7\u00e3o do patrim\u00f4nio p\u00fablico, a redu\u00e7\u00e3o de riscos e a otimiza\u00e7\u00e3o dos recursos or\u00e7ament\u00e1rios."}, {"id": "9541", "ano": "2025", "numero": "36", "tipo__sigla": "ODC", "tipo__descricao": "Of\u00edcio/documento Cont\u00e1bil", "assunto": "Solicita a concess\u00e3o de acesso ao grau imediatamente superior dentro da carreira"}, {"id": "9596", "ano": "2025", "numero": "36", "tipo__sigla": "OVC", "tipo__descricao": "Of\u00edcio de Vereador/Comiss\u00e3o", "assunto": "Destina\u00e7\u00e3o de emenda impositiva 50% para a APAE"}, {"id": "9734", "ano": "2025", "numero": "36", "tipo__sigla": "AT", "tipo__descricao": "ATESTADO", "assunto": "Declara\u00e7\u00e3o que Wiliane Aparecida Delc\u00eddio permaneceu no Programa Sa\u00fade da Fam\u00edlia no dia 28/08/2025"}, {"id": "9825", "ano": "2025", "numero": "36", "tipo__sigla": "ARO", "tipo__descricao": "ATAS DAS REUNI\u00d5ES ORDIN\u00c1RIAS", "assunto": "Ata da 36\u00aa reuni\u00e3o ordin\u00e1ria da 1\u00aa Sess\u00e3o Legislativa da 16\u00aa Legislatura da C\u00e2mara Municipal de Santana da Vargem  realizada no dia 29 de Setembro de 2025"}, {"id": "9936", "ano": "2025", "numero": "36", "tipo__sigla": "DA", "tipo__descricao": "Documento Avulso", "assunto": "Biografia bar e restaurante do Ronildo"}, {"id": "8818", "ano": "2025", "numero": "37", "tipo__sigla": "PARE", "tipo__descricao": "PARECER", "assunto": "Parecer Jur\u00eddico - Projeto de Lei ordin\u00e1ria n. 19 - 2025 - Abertura de Cr\u00e9dito Adicional Especial por superavit financeiro - R$ 17.422,77 (dezessete reais e quatrocentos e vinte e dois reais e setenta e sete centavos)"}, {"id": "8923", "ano": "2025", "numero": "37", "tipo__sigla": "OFEXP", "tipo__descricao": "Of\u00edcio Expedido", "assunto": "Resposta ao of\u00edcio 041/2025 3\u00aa PJ- TP- Isadora Resende"}, {"id": "8967", "ano": "2025", "numero": "37", "tipo__sigla": "OR", "tipo__descricao": "OF\u00cdCIOS RECEBIDOS", "assunto": "Resposta ao of\u00edcio 034 da presidente da C\u00e2mara Bruna Renata Teodoro Silva que encaminhou a indica\u00e7\u00e3o 02 do vereador jackson"}, {"id": "8985", "ano": "2025", "numero": "37", "tipo__sigla": "DD", "tipo__descricao": "Documentos da Diretoria", "assunto": "Solicita emiss\u00e3o de guia para recolhimento de IRRF referente a reten\u00e7\u00e3o dos servidores, vereadores e fornecedores bem como guia de recolhimento referente a rendimentos de aplica\u00e7\u00e3o do m\u00eas de mar\u00e7o"}, {"id": "9022", "ano": "2025", "numero": "37", "tipo__sigla": "REV", "tipo__descricao": "Relat\u00f3rios de rodagem do ve\u00edculo e outros", "assunto": "Relat\u00f3rio Rodagem Ve\u00edculo\r\nLocal: Boa Esperan\u00e7a -MG\r\nData : 09/04/2025\r\nHor\u00e1rio: 10:00\r\nLevar funcion\u00e1rio Ruiter de Oliveira para discutir com fornecedores de internet; Ped\u00e1gio 28,60 ida e volta na BR - 265 Boa Esperan\u00e7a -MG aten\u00e7\u00e3o fazer revis\u00e3o de ve\u00edculo"}, {"id": "9279", "ano": "2025", "numero": "37", "tipo__sigla": "DI", "tipo__descricao": "Di\u00e1rias e documentos relativos", "assunto": "Relat\u00f3rio e presta\u00e7\u00e3o de contas Jackson Luiz Ven\u00e2ncio de Souza (Belo Horizonte- 27/05/2025 a 30/05/2025)"}, {"id": "9460", "ano": "2025", "numero": "37", "tipo__sigla": "MEM", "tipo__descricao": "Memorando", "assunto": "Solicita autoriza\u00e7\u00e3o para levar o notebook da c\u00e2mara"}, {"id": "9495", "ano": "2025", "numero": "37", "tipo__sigla": "OCI", "tipo__descricao": "Of\u00edcios da Controladoria Interna", "assunto": "OF\u00cdCIO DA CONTROLADORIA INTERNA N.\u00ba 36/2025\r\nSantana da Vargem, 24 de julho de 2025.\r\nASSUNTO: RELAT\u00d3RIO MENSAL JUNHO/ 2025\r\n\u00c0 Excelent\u00edssima Sra. Bruna Renata Teodoro Silva\r\n\u00c0 Contabilidade\r\nCumprimentando-as cordialmente, venho por meio deste apresentar RELAT\u00d3RIO MENSAL JUNHO/2025, para vosso conhecimento e provid\u00eancias EM RELA\u00c7\u00c3O \u00c0S RECOMENDA\u00c7\u00d5ES FEITAS."}, {"id": "9558", "ano": "2025", "numero": "37", "tipo__sigla": "ODC", "tipo__descricao": "Of\u00edcio/documento Cont\u00e1bil", "assunto": "Solicita treinamento para os servidores do sistema informatizado \"Betha Cloud\""}, {"id": "9621", "ano": "2025", "numero": "37", "tipo__sigla": "OVC", "tipo__descricao": "Of\u00edcio de Vereador/Comiss\u00e3o", "assunto": "Solicita retirada de projetos de resolu\u00e7\u00e3o"}, {"id": "9736", "ano": "2025", "numero": "37", "tipo__sigla": "AT", "tipo__descricao": "ATESTADO", "assunto": "Encaminhamento paciente Julia Delc\u00eddio Andrade"}, {"id": "9848", "ano": "2025", "numero": "37", "tipo__sigla": "ARO", "tipo__descricao": "ATAS DAS REUNI\u00d5ES ORDIN\u00c1RIAS", "assunto": "Ata da 37\u00aa reuni\u00e3o ordin\u00e1ria da 1\u00aa sess\u00e3o legislativa da 16\u00aa legislatura da C\u00e2mara Municipal de Santana da Vargem realizada no dia 06 de outubro de 2025"}, {"id": "9938", "ano": "2025", "numero": "37", "tipo__sigla": "DA", "tipo__descricao": "Documento Avulso", "assunto": "Biografia force treinamentos e consultoria"}, {"id": "8819", "ano": "2025", "numero": "38", "tipo__sigla": "PARE", "tipo__descricao": "PARECER", "assunto": "Parecer Jur\u00eddico - Projeto de Lei ordin\u00e1ria n. 20 - 2025 - Abertura de Cr\u00e9dito Adicional Especial por superavit financeiro - R$ R$ 19.750,35 (dezenove mil setecentos e cinquenta reais e trinta e cinco centavos)"}, {"id": "8924", "ano": "2025", "numero": "38", "tipo__sigla": "OFEXP", "tipo__descricao": "Of\u00edcio Expedido", "assunto": "Convida empresa Agro CP do Munic\u00edpio de Santana da Vargem para sess\u00e3o que ser\u00e1 realizada no dia 24 de mar\u00e7o de 2025"}, {"id": "8968", "ano": "2025", "numero": "38", "tipo__sigla": "OR", "tipo__descricao": "OF\u00cdCIOS RECEBIDOS", "assunto": "Resposta a indica\u00e7\u00e3o 07 do vereador Luiz Felipe Mendon\u00e7a Rodrigues"}, {"id": "8988", "ano": "2025", "numero": "38", "tipo__sigla": "DD", "tipo__descricao": "Documentos da Diretoria", "assunto": "Informa que o processo 015/2024 que tem como fornecedor a empresa Edilon Fernandes Silva j\u00e1 teve o saldo utilizado e foi encerrado"}, {"id": "9023", "ano": "2025", "numero": "38", "tipo__sigla": "REV", "tipo__descricao": "Relat\u00f3rios de rodagem do ve\u00edculo e outros", "assunto": "Relat\u00f3rio de rodagem ve\u00edculo \r\nLocalidade: Santana da Vargem\r\nData: 09/04/2025\r\nHor\u00e1rio: 11:52\r\nLevar funcion\u00e1rio Ruiter de Oliveira para discutir assunto com fornecedores de internet"}, {"id": "9282", "ano": "2025", "numero": "38", "tipo__sigla": "DI", "tipo__descricao": "Di\u00e1rias e documentos relativos", "assunto": "Requisi\u00e7\u00e3o de di\u00e1rias Larissa Oliveira Naves (Varginha- 26 e 27 de junho)"}, {"id": "9461", "ano": "2025", "numero": "38", "tipo__sigla": "MEM", "tipo__descricao": "Memorando", "assunto": "solicita autoriza\u00e7\u00e3o para levar o notebook da camara"}, {"id": "9557", "ano": "2025", "numero": "38", "tipo__sigla": "ODC", "tipo__descricao": "Of\u00edcio/documento Cont\u00e1bil", "assunto": "Solicita emiss\u00e3o de guias junto a Prefeitura Municipal de Santana da Vargem para recolhimento de IRRF e aplica\u00e7\u00f5es auferidas da conta da C\u00e2mara Municipal julho/2025"}, {"id": "9569", "ano": "2025", "numero": "38", "tipo__sigla": "OCI", "tipo__descricao": "Of\u00edcios da Controladoria Interna", "assunto": "OF\u00cdCIO DA CONTROLADORIA INTERNA N.\u00ba 37/2025\r\n\r\n\r\nSantana da Vargem, 06 de agosto de 2025.\r\nASSUNTO: RELAT\u00d3RIO MENSAL JULHO/ 2025\r\n\r\n\u00c0  Excelent\u00edssima Sra. Bruna Renata Teodoro Silva\r\n\u00c0 Contabilidade\r\n\r\n\r\nCumprimentando-as cordialmente, venho por meio deste apresentar RELAT\u00d3RIO MENSAL JULHO/2025,  para vosso conhecimento e provid\u00eancias EM RELA\u00c7\u00c3O \u00c0S RECOMENDA\u00c7\u00d5ES FEITAS."}, {"id": "9629", "ano": "2025", "numero": "38", "tipo__sigla": "OVC", "tipo__descricao": "Of\u00edcio de Vereador/Comiss\u00e3o", "assunto": "Solicita que seja retirado de tramita\u00e7\u00e3o o projeto de lei ordin\u00e1ria do legislativo n\u00ba15/2025"}, {"id": "9744", "ano": "2025", "numero": "38", "tipo__sigla": "AT", "tipo__descricao": "ATESTADO", "assunto": "Atesta que o paciente Rafael Teixeira Nogueira esteve em atendimento odontol\u00f3gico no per\u00edodo de 12:50 at\u00e9 15:00"}, {"id": "9849", "ano": "2025", "numero": "38", "tipo__sigla": "ARO", "tipo__descricao": "ATAS DAS REUNI\u00d5ES ORDIN\u00c1RIAS", "assunto": "Ata da 38\u00aa reuni\u00e3o ordin\u00e1ria da 1\u00aa Sess\u00e3o Legislativa da 16\u00aa Legislatura da C\u00e2mara Municipal de Santana da Vargem"}, {"id": "9939", "ano": "2025", "numero": "38", "tipo__sigla": "DA", "tipo__descricao": "Documento Avulso", "assunto": "Biografia Andr\u00e9 Henrique de Paula Souza"}, {"id": "8820", "ano": "2025", "numero": "39", "tipo__sigla": "PARE", "tipo__descricao": "PARECER", "assunto": "Parecer Jur\u00eddico - Projeto de Lei ordin\u00e1ria n. 21 - 2025 - Abertura de Cr\u00e9dito Adicional Especial por superavit financeiro - R$ 136.077,07 (cento e trinta e seis mil setenta e sete reais e sete centavos)"}, {"id": "8932", "ano": "2025", "numero": "39", "tipo__sigla": "OFEXP", "tipo__descricao": "Of\u00edcio Expedido", "assunto": "Solicita que seja adicionado saldo em ficha or\u00e7ament\u00e1ria e anulado saldo em ficha or\u00e7ament\u00e1ria"}, {"id": "8969", "ano": "2025", "numero": "39", "tipo__sigla": "OR", "tipo__descricao": "OF\u00cdCIOS RECEBIDOS", "assunto": "Encaminha c\u00f3pia da lei municipal n\u00ba 1.070/2008"}, {"id": "8990", "ano": "2025", "numero": "39", "tipo__sigla": "DD", "tipo__descricao": "Documentos da Diretoria", "assunto": "Solicita endosso de seguro conforme consta em processo licitat\u00f3rio 031/2024"}, {"id": "9025", "ano": "2025", "numero": "39", "tipo__sigla": "REV", "tipo__descricao": "Relat\u00f3rios de rodagem do ve\u00edculo e outros", "assunto": "Relat\u00f3rio de rodagem do ve\u00edculo\r\nLocalidade: Santana da Vargem\r\nData: 09/04/2025\r\nHor\u00e1rio: 13:00\r\nLevar diretor Rafael para discutir assunto com fornecedor de seguro e no auto posto Santana para abastecer valor: 13472 km 132777"}, {"id": "9283", "ano": "2025", "numero": "39", "tipo__sigla": "DI", "tipo__descricao": "Di\u00e1rias e documentos relativos", "assunto": "Requisi\u00e7\u00e3o de di\u00e1rias Laidia Mesquita de Sousa (Varginha - 26 e 27 de Junho)"}, {"id": "9486", "ano": "2025", "numero": "39", "tipo__sigla": "MEM", "tipo__descricao": "Memorando", "assunto": "Informa sobre esquecimento de marca\u00e7\u00e3o de ponto eletr\u00f4nico -"}, {"id": "9581", "ano": "2025", "numero": "39", "tipo__sigla": "OCI", "tipo__descricao": "Of\u00edcios da Controladoria Interna", "assunto": "OF\u00cdCIO DA CONTROLADORIA INTERNA N.\u00ba 38/2025\r\n\r\n\r\nSantana da Vargem, 11 de agosto de 2025.\r\nASSUNTO: : Solicita\u00e7\u00e3o de Reajuste nas Cota\u00e7\u00f5es e Orienta\u00e7\u00f5es sobre o Processo de Licita\u00e7\u00e3o para Contrata\u00e7\u00e3o de Empresa para Realiza\u00e7\u00e3o de Concurso P\u00fablico - Dispensa 21/2025 \r\n\r\n\u00c0  Comiss\u00e3o de Compras \r\n\r\nPrezados,\r\n\r\nA Controladoria Interna da C\u00e2mara Municipal de Santana da Vargem, no exerc\u00edcio de suas atribui\u00e7\u00f5es legais e em resposta ao questionado verbal do membro da Comiss\u00e3o de Compras,  acerca do processo de dispensa de licita\u00e7\u00e3o n\u00ba 21/2025, cujo objeto \u00e9 a contrata\u00e7\u00e3o de empresa para a realiza\u00e7\u00e3o de concurso p\u00fablico, vem, por meio deste, encaminhar as seguintes considera\u00e7\u00f5es e orienta\u00e7\u00f5es:"}, {"id": "9598", "ano": "2025", "numero": "39", "tipo__sigla": "ODC", "tipo__descricao": "Of\u00edcio/documento Cont\u00e1bil", "assunto": "Resposta ao Relat\u00f3rio Mensal do Controle Interno - junho/2025"}, {"id": "9702", "ano": "2025", "numero": "39", "tipo__sigla": "OVC", "tipo__descricao": "Of\u00edcio de Vereador/Comiss\u00e3o", "assunto": "Informa destina\u00e7\u00e3o de emenda impositiva 50% para \u00e1rea da sa\u00fade e 50% para \u00e1rea do esporte neste munic\u00edpio"}, {"id": "9754", "ano": "2025", "numero": "39", "tipo__sigla": "AT", "tipo__descricao": "ATESTADO", "assunto": "Atestado de Sa\u00fade Ocupacional (ASO) Wiliane Aparecida Delc\u00eddio - Demissional - 17/09/2025"}, {"id": "9879", "ano": "2025", "numero": "39", "tipo__sigla": "ARO", "tipo__descricao": "ATAS DAS REUNI\u00d5ES ORDIN\u00c1RIAS", "assunto": "Ata da 39\u00aa reuni\u00e3o ordin\u00e1ria da 1\u00aa Sess\u00e3o legislativa da 16\u00aa Legislatura da C\u00e2mara Municipal de Santana da Vargem, realizada no dia vinte de outubro de dois mil e vinte e cinco"}, {"id": "9940", "ano": "2025", "numero": "39", "tipo__sigla": "DA", "tipo__descricao": "Documento Avulso", "assunto": "Biografia Giovani Lucas B\u00e1rbara"}, {"id": "8821", "ano": "2025", "numero": "40", "tipo__sigla": "PARE", "tipo__descricao": "PARECER", "assunto": "Parecer Jur\u00eddico - Projeto de Lei ordin\u00e1ria n. 22 - 2025 - Abertura de Cr\u00e9dito Adicional Especial por superavit financeiro - R$ 64.963,62 (sessenta e quatro reais e novecentos e sessenta e tr\u00eas reais e sessenta e dois centavos)"}, {"id": "8958", "ano": "2025", "numero": "40", "tipo__sigla": "OFEXP", "tipo__descricao": "Of\u00edcio Expedido", "assunto": "Encaminha a indica\u00e7\u00e3o 002/2025 do vereador Jackson Luiz Ven\u00e2ncio de Souza, a indica\u00e7\u00e3o 007/2025 do vereador Luiz Felipe Mendon\u00e7a Rodrigues  e a reda\u00e7\u00e3o final do projeto de lei 018/2025"}, {"id": "8970", "ano": "2025", "numero": "40", "tipo__sigla": "OR", "tipo__descricao": "OF\u00cdCIOS RECEBIDOS", "assunto": "Informa\u00e7\u00f5es a respeito do  programa Mais Gen\u00e9tica"}, {"id": "9043", "ano": "2025", "numero": "40", "tipo__sigla": "DD", "tipo__descricao": "Documentos da Diretoria", "assunto": "Encaminha  requerimento n\u00ba 001/2025 do vereador Luiz Felipe Mendon\u00e7a Rodrigues"}, {"id": "9064", "ano": "2025", "numero": "40", "tipo__sigla": "REV", "tipo__descricao": "Relat\u00f3rios de rodagem do ve\u00edculo e outros", "assunto": "Relat\u00f3rio de rodagem do ve\u00edculo oficial \r\nLocal: Santana da Vargem-MG\r\nData 09/04/2025 \r\nLevar o Diretor Rafael para discutir assunto com fornecedor e levar o carro para ficar estacionado na porta da delegacia por motivo de garagem e viagem para BH ser na madrugada seguinte"}, {"id": "9293", "ano": "2025", "numero": "40", "tipo__sigla": "DI", "tipo__descricao": "Di\u00e1rias e documentos relativos", "assunto": "Relat\u00f3rio e presta\u00e7\u00e3o de contas Everton Paulo Ara\u00fajo (Belo Horizonte- 27/05/2025 a 30/05/2025)"}, {"id": "9496", "ano": "2025", "numero": "40", "tipo__sigla": "MEM", "tipo__descricao": "Memorando", "assunto": "Solicita ratifica\u00e7\u00e3o de conduta referente ao direito previsto no Estatuto dos Servidores P\u00fablicos quanto aus\u00eancia por motivo de anivers\u00e1rio"}, {"id": "9584", "ano": "2025", "numero": "40", "tipo__sigla": "OCI", "tipo__descricao": "Of\u00edcios da Controladoria Interna", "assunto": "OF\u00cdCIO DA CONTROLADORIA INTERNA N.\u00ba 39/2025\r\n\r\n\r\nSantana da Vargem, 12 de agosto de 2025.\r\nASSUNTO: Solicita\u00e7\u00e3o  de f\u00e9rias \r\n\r\nAo RH \r\n\r\nPrezada,\r\n\r\nNa qualidade de Controladora Interna desta C\u00e2mara Municipal, venho, por meio deste, solicitar o agendamento de minhas f\u00e9rias referentes ao per\u00edodo aquisitivo de 2024/2025, para gozo no per\u00edodo de 20 de outubro de 2025 a 03 de novembro de 2025 (15 dias).\r\nOs 15 dias restantes ser\u00e3o oportunamente agendados, conforme conveni\u00eancia e necessidade do servi\u00e7o."}, {"id": "9600", "ano": "2025", "numero": "40", "tipo__sigla": "ODC", "tipo__descricao": "Of\u00edcio/documento Cont\u00e1bil", "assunto": "Resposta ao relat\u00f3rio do controle interno - julho /2025"}, {"id": "9759", "ano": "2025", "numero": "40", "tipo__sigla": "OVC", "tipo__descricao": "Of\u00edcio de Vereador/Comiss\u00e3o", "assunto": "Solicita\u00e7\u00e3o de informa\u00e7\u00f5es sobre divis\u00e3o de transporte esportivo"}, {"id": "9769", "ano": "2025", "numero": "40", "tipo__sigla": "AT", "tipo__descricao": "ATESTADO", "assunto": "Declara que Rafael Teixeira Nogueira compareceu a esta unidade no dia 25 de Setembro de 2025 das 14:30 \u00e0s 15:30"}, {"id": "9909", "ano": "2025", "numero": "40", "tipo__sigla": "ARO", "tipo__descricao": "ATAS DAS REUNI\u00d5ES ORDIN\u00c1RIAS", "assunto": "Ata da 40\u00aa reuni\u00e3o ordin\u00e1ria da 1\u00aa sess\u00e3o legislativa da 16\u00aa legislatura da C\u00e2mara Municipal de Santana da Vargem realizada no dia 27 de outubro de 2025"}, {"id": "9941", "ano": "2025", "numero": "40", "tipo__sigla": "DA", "tipo__descricao": "Documento Avulso", "assunto": "Biografia sindicato dos produtores rurais"}, {"id": "8822", "ano": "2025", "numero": "41", "tipo__sigla": "PARE", "tipo__descricao": "PARECER", "assunto": "Parecer Jur\u00eddico - Projeto de Lei ordin\u00e1ria n. 23 - 2025 - Abertura de Cr\u00e9dito Adicional Especial por superavit financeiro - R$ 15.574,60 (quinze mil quinhentos e setenta e quatro reais e sessenta centavos)"}, {"id": "8961", "ano": "2025", "numero": "41", "tipo__sigla": "OFEXP", "tipo__descricao": "Of\u00edcio Expedido", "assunto": "Encaminha projeto de lei 27/2025 , projeto de lei ordin\u00e1rio n\u00ba 28/2025, projeto de lei ordin\u00e1rio n\u00ba 29/2025 e projeto de lei ordin\u00e1rio n\u00ba 30/2025"}, {"id": "8971", "ano": "2025", "numero": "41", "tipo__sigla": "OR", "tipo__descricao": "OF\u00cdCIOS RECEBIDOS", "assunto": "responde indica\u00e7\u00e3o 02 do vereador  Jackson Luiz Ven\u00e2ncio de Souza"}, {"id": "9060", "ano": "2025", "numero": "41", "tipo__sigla": "DD", "tipo__descricao": "Documentos da Diretoria", "assunto": "Solicita parecer a respeito do termo aditivo 001/2025 ao processo licitat\u00f3rio 031/2024"}, {"id": "9065", "ano": "2025", "numero": "41", "tipo__sigla": "REV", "tipo__descricao": "Relat\u00f3rios de rodagem do ve\u00edculo e outros", "assunto": "Relat\u00f3rio de rodagem\r\nLocalidade: Belo Horizonte -MG\r\nData: 10/04/2025 a 11/04/2025\r\nLevar funcion\u00e1rios Cleber e Isabela para curso de capacita\u00e7\u00e3o"}, {"id": "9294", "ano": "2025", "numero": "41", "tipo__sigla": "DI", "tipo__descricao": "Di\u00e1rias e documentos relativos", "assunto": "Requisi\u00e7\u00e3o de di\u00e1rias Jackson Luiz Ven\u00e2ncio de Souza (Belo Horizonte- 17/06/2025 a 20/06/2025)"}, {"id": "9506", "ano": "2025", "numero": "41", "tipo__sigla": "MEM", "tipo__descricao": "Memorando", "assunto": "Solicita manifesta\u00e7\u00e3o jur\u00eddica sobre elabora\u00e7\u00e3o do Estudo T\u00e9cnico Preliminar-ETP"}, {"id": "9631", "ano": "2025", "numero": "41", "tipo__sigla": "OCI", "tipo__descricao": "Of\u00edcios da Controladoria Interna", "assunto": "OF\u00cdCIO DA CONTROLADORIA INTERNA N.\u00ba 40/2025\r\n\r\nSantana da Vargem, 19 de agosto de 2025.\r\nASSUNTO: Solicita\u00e7\u00e3o de esclarecimentos sobre falhas apontadas na Auditoria Interna \r\n\r\n\u00c0 Contabilidade/Tesouraria \r\nPrezada,\r\n\r\nA Controladoria Interna, em atendimento ao Plano Anual de Auditorias e no exerc\u00edcio de suas atribui\u00e7\u00f5es legais, realizou a Auditoria Interna n\u00ba 06/2025, referente \u00e0 ordem cronol\u00f3gica dos pagamentos realizados pela C\u00e2mara Municipal de Santana da Vargem/MG no per\u00edodo de 01 de janeiro a 31 de julho de 2025."}, {"id": "9638", "ano": "2025", "numero": "41", "tipo__sigla": "ODC", "tipo__descricao": "Of\u00edcio/documento Cont\u00e1bil", "assunto": "Resposta ao of\u00edcio da controladoria interna n\u00ba 40/2025"}, {"id": "9768", "ano": "2025", "numero": "41", "tipo__sigla": "OVC", "tipo__descricao": "Of\u00edcio de Vereador/Comiss\u00e3o", "assunto": "Solicita informa\u00e7\u00f5es sobre obras no bairro Padre Victor"}, {"id": "9770", "ano": "2025", "numero": "41", "tipo__sigla": "AT", "tipo__descricao": "ATESTADO", "assunto": "Atesta que Rafael Teixeira Nogueira compareceu a esta unidade no dia 25 de setembro de 2025 permanecendo das 12:40 \u00e0s 14:30"}, {"id": "9942", "ano": "2025", "numero": "41", "tipo__sigla": "DA", "tipo__descricao": "Documento Avulso", "assunto": "Lanchonete la em casa"}, {"id": "9982", "ano": "2025", "numero": "41", "tipo__sigla": "ARO", "tipo__descricao": "ATAS DAS REUNI\u00d5ES ORDIN\u00c1RIAS", "assunto": "Ata da 41\u00aa reuni\u00e3o ordin\u00e1ria da 1\u00aa sess\u00e3o legislativa da 16\u00aa Legislatura da C\u00e2mara Municipal de Santana da Vargem realizada no dia tr\u00eas de novembro de 2025"}, {"id": "8823", "ano": "2025", "numero": "42", "tipo__sigla": "PARE", "tipo__descricao": "PARECER", "assunto": "Parecer Jur\u00eddico - Projeto de Lei ordin\u00e1ria n. 24 - 2025 - Abertura de Cr\u00e9dito Adicional Especial por superavit financeiro - R$ 45.572,78 (quarenta e cinco mil quinhentos e setenta e dois reais e setenta e oito centavos)"}, {"id": "8979", "ano": "2025", "numero": "42", "tipo__sigla": "OFEXP", "tipo__descricao": "Of\u00edcio Expedido", "assunto": "Autoriza e solicita que seja efetuado o pagamento da nota fiscal n\u00ba 20250000000024 com valor de R$6.911,82 e a nota fiscal n\u00ba 20250000000025 para o fornecedor A S Constru\u00e7\u00f5es e Solu\u00e7\u00f5es em Engenharia Ltda"}, {"id": "8995", "ano": "2025", "numero": "42", "tipo__sigla": "OR", "tipo__descricao": "OF\u00cdCIOS RECEBIDOS", "assunto": "Solicita retirada de tramita\u00e7\u00e3o do Projeto de Lei n\u00ba 38/2025"}, {"id": "9073", "ano": "2025", "numero": "42", "tipo__sigla": "REV", "tipo__descricao": "Relat\u00f3rios de rodagem do ve\u00edculo e outros", "assunto": "Relat\u00f3rio de rodagem ve\u00edculo automotor \r\nLocalidade: Tr\u00eas Pontas\r\nData de ida: 16/04/2025\r\nHor\u00e1rio: 14:45\r\nLevar funcion\u00e1rio Ruiter para discutir assunto com fornecedor"}, {"id": "9081", "ano": "2025", "numero": "42", "tipo__sigla": "DD", "tipo__descricao": "Documentos da Diretoria", "assunto": "Resposta ao of\u00edcio n\u00ba 10/2025 da controladoria interna- bens patrimoniais"}, {"id": "9298", "ano": "2025", "numero": "42", "tipo__sigla": "DI", "tipo__descricao": "Di\u00e1rias e documentos relativos", "assunto": "Relat\u00f3rio e presta\u00e7\u00e3o de contas Emerson Silva Ara\u00fajo (Bras\u00edlia- 02/06/2025 a 07/06/2025)"}, {"id": "9583", "ano": "2025", "numero": "42", "tipo__sigla": "MEM", "tipo__descricao": "Memorando", "assunto": "Pedido de autoriza\u00e7\u00e3o para participar em curso de capacita\u00e7\u00e3o"}, {"id": "9639", "ano": "2025", "numero": "42", "tipo__sigla": "OCI", "tipo__descricao": "Of\u00edcios da Controladoria Interna", "assunto": "OF\u00cdCIO DA CONTROLADORIA INTERNA N.\u00ba 41/2025\r\n\r\nSantana da Vargem, 22 de agosto de 2025.\r\nASSUNTO: Encaminhamento de Instru\u00e7\u00e3o Normativa n\u00ba 03/2025 para an\u00e1lise jur\u00eddica \r\nPrezado,\r\nA Controladoria Interna, no uso de suas atribui\u00e7\u00f5es legais, encaminha,  a minuta da Instru\u00e7\u00e3o Normativa n\u00ba 04/2025, que prop\u00f5e altera\u00e7\u00f5es pontuais na Instru\u00e7\u00e3o Normativa n\u00ba 02/2022, a qual regulamenta o controle da frequ\u00eancia, assiduidade e intervalo intrajornada dos servidores do Poder Legislativo.\r\nO objetivo principal da proposta \u00e9 permitir que, nos casos de esquecimento do registro de ponto, o servidor possa, excepcionalmente, comprovar sua presen\u00e7a nas depend\u00eancias da C\u00e2mara mediante apresenta\u00e7\u00e3o de imagens captadas pelas c\u00e2meras de seguran\u00e7a, respeitando crit\u00e9rios e prazos definidos.\r\nDiante disso, solicitamos, com a gentileza e presteza de sempre, a an\u00e1lise jur\u00eddica da mat\u00e9ria, no sentido de avaliar a legalidade e adequa\u00e7\u00e3o da reda\u00e7\u00e3o proposta, bem como, se for o caso, apresentar sugest\u00f5es de melhoria ou eventuais ajustes que entender pertinentes.\r\nDesde j\u00e1 agrade\u00e7o pela aten\u00e7\u00e3o e colabora\u00e7\u00e3o cont\u00ednua, colocando-me \u00e0 disposi\u00e7\u00e3o para quaisquer esclarecimentos que se fa\u00e7am necess\u00e1rios.\r\nAtenciosamente,"}, {"id": "9666", "ano": "2025", "numero": "42", "tipo__sigla": "ODC", "tipo__descricao": "Of\u00edcio/documento Cont\u00e1bil", "assunto": "Solicita\u00e7\u00e3o de esclarecimento sobre direito a reajuste de acesso."}, {"id": "9788", "ano": "2025", "numero": "42", "tipo__sigla": "AT", "tipo__descricao": "ATESTADO", "assunto": "Atesta que Rafael Teixeira Nogueira compareceu a esta unidade no dia 1\u00b0 de outubro de 2025 permanecendo das 12:30 \u00e0s 14:30."}, {"id": "9795", "ano": "2025", "numero": "42", "tipo__sigla": "OVC", "tipo__descricao": "Of\u00edcio de Vereador/Comiss\u00e3o", "assunto": "Of\u00edcio 004/2025 - Vereador Luiz Felipe Mendon\u00e7a Rodrigues - Destina\u00e7\u00e3o de Emenda Impositiva"}, {"id": "9944", "ano": "2025", "numero": "42", "tipo__sigla": "DA", "tipo__descricao": "Documento Avulso", "assunto": "Biografia Jiu-jtsu"}, {"id": "9983", "ano": "2025", "numero": "42", "tipo__sigla": "ARO", "tipo__descricao": "ATAS DAS REUNI\u00d5ES ORDIN\u00c1RIAS", "assunto": "Ata da 42\u00aa reuni\u00e3o ordin\u00e1ria da 1\u00aa Sess\u00e3o Legislativa da 16\u00aa  Legislatura da C\u00e2mara Municipal de Santana da Vargem realizada no dia dez de novembro de dois mil e vinte e cinco"}, {"id": "8827", "ano": "2025", "numero": "43", "tipo__sigla": "PARE", "tipo__descricao": "PARECER", "assunto": "Parecer Jur\u00eddico - Projeto de Lei ordin\u00e1ria n. 24 - 2025 - Abertura de Cr\u00e9dito Adicional Especial por superavit financeiro - R$ 45.572,78 (quarenta e cinco mil quinhentos e setenta e dois reais e setenta e oito centavos)"}, {"id": "8980", "ano": "2025", "numero": "43", "tipo__sigla": "OFEXP", "tipo__descricao": "Of\u00edcio Expedido", "assunto": "Encaminha o projeto de lei ordin\u00e1rio n\u00ba 031 de 26 de fevereiro de 2025 e o of\u00edcio 004/2025  e requerimento n\u00ba 005/2025 ambos do vereador Paulo Jos\u00e9 Barbosa"}, {"id": "8997", "ano": "2025", "numero": "43", "tipo__sigla": "OR", "tipo__descricao": "OF\u00cdCIOS RECEBIDOS", "assunto": "Solicita inclus\u00e3o em pauta e a urgente delibera\u00e7\u00e3o do projeto de lei 046/2025"}, {"id": "9097", "ano": "2025", "numero": "43", "tipo__sigla": "REV", "tipo__descricao": "Relat\u00f3rios de rodagem do ve\u00edculo e outros", "assunto": "Relat\u00f3rio de rodagem do ve\u00edculo Emerson Silva Ara\u00fajo - Bras\u00edlia - 21/04/2025 a 25/04/2025"}, {"id": "9149", "ano": "2025", "numero": "43", "tipo__sigla": "DD", "tipo__descricao": "Documentos da Diretoria", "assunto": "Solicita que apresente exame toxicol\u00f3gico"}, {"id": "9299", "ano": "2025", "numero": "43", "tipo__sigla": "DI", "tipo__descricao": "Di\u00e1rias e documentos relativos", "assunto": "Relat\u00f3rio e presta\u00e7\u00e3o de contas Ruiter Silva de Oliveira (Bras\u00edlia- 02/06/2025 a 07/06/2025)"}, {"id": "9589", "ano": "2025", "numero": "43", "tipo__sigla": "MEM", "tipo__descricao": "Memorando", "assunto": "Justificativa de n\u00e3o registro de ponto de intervalo"}, {"id": "9648", "ano": "2025", "numero": "43", "tipo__sigla": "OCI", "tipo__descricao": "Of\u00edcios da Controladoria Interna", "assunto": "OF\u00cdCIO DA CONTROLADORIA INTERNA N.\u00ba 42/2025\r\n\r\n\r\nSantana da Vargem, 25 de agosto de 2025.\r\nASSUNTO: RELATORIO DE AUDITORIA INTERNA N.\u00ba 06/2025\r\n\r\n\u00c0  Excelent\u00edssima Sra. Bruna Renata Teodoro Silva,\r\n\u00c0 Contabilidade\r\n\r\nCumprimentando-as cordialmente, venho por meio deste apresentar RELAT\u00d3RIO CONCLUSIVO DE AUDITORIA INTERNA N\u00ba 06/2025 \u2013 Ordem Cronol\u00f3gica dos Pagamentos,  para seu conhecimento e provid\u00eancias."}, {"id": "9672", "ano": "2025", "numero": "43", "tipo__sigla": "ODC", "tipo__descricao": "Of\u00edcio/documento Cont\u00e1bil", "assunto": "Altera\u00e7\u00e3o do of\u00edcio n\u00b028/2025 - aquisi\u00e7\u00e3o de novo rel\u00f3gio de ponto eletr\u00f4nico."}, {"id": "9796", "ano": "2025", "numero": "43", "tipo__sigla": "OVC", "tipo__descricao": "Of\u00edcio de Vereador/Comiss\u00e3o", "assunto": "Of\u00edcio 002/2025 - Vereador Antonio Afonso de Oliveira - Destina\u00e7\u00e3o de Emenda Impositiva"}, {"id": "9818", "ano": "2025", "numero": "43", "tipo__sigla": "AT", "tipo__descricao": "ATESTADO", "assunto": "Declara que Rafael Teixeira Nogueira compareceu ao consult\u00f3rio odontol\u00f3gico no dia 16 de Outubro de 2025 das 15:30 \u00e0s 16:05."}, {"id": "9945", "ano": "2025", "numero": "43", "tipo__sigla": "DA", "tipo__descricao": "Documento Avulso", "assunto": "Biografia 1\u00ba Tenente Jo\u00e3o Evangelista Monteiro"}, {"id": "10006", "ano": "2025", "numero": "43", "tipo__sigla": "ARO", "tipo__descricao": "ATAS DAS REUNI\u00d5ES ORDIN\u00c1RIAS", "assunto": "Ata da 43\u00aa reuni\u00e3o ordin\u00e1ria da 1\u00aa Sess\u00e3o Legislativo da 16\u00aa Legislatura da C\u00e2mara Municipal de Santana da Vargem realizada no dia dezessete de novembro de 2025"}, {"id": "8828", "ano": "2025", "numero": "44", "tipo__sigla": "PARE", "tipo__descricao": "PARECER", "assunto": "Parecer Jur\u00eddico - Projeto de Lei ordin\u00e1ria n. 26 - 2025 - Abertura de Cr\u00e9dito Adicional Especial por superavit financeiro - R$ 72.472,45 (setenta e dois mil quatrocentos e setenta e dois reais e quarenta e cinco centavos)"}, {"id": "8989", "ano": "2025", "numero": "44", "tipo__sigla": "OFEXP", "tipo__descricao": "Of\u00edcio Expedido", "assunto": "Convida a empresa AGRO CP para sess\u00e3o ordin\u00e1ria da C\u00e2mara Municipal que ser\u00e1 realizada no dia 07 de abril de 2025 a fim de prestar esclarecimentos aos mun\u00edcipes"}, {"id": "9051", "ano": "2025", "numero": "44", "tipo__sigla": "OR", "tipo__descricao": "OF\u00cdCIOS RECEBIDOS", "assunto": "Of\u00edcio 038/2025 - AGROCP"}, {"id": "9100", "ano": "2025", "numero": "44", "tipo__sigla": "REV", "tipo__descricao": "Relat\u00f3rios de rodagem do ve\u00edculo e outros", "assunto": "Relat\u00f3rio de rodagem do ve\u00edculo oficial \r\nLocal: Santana da Vargem\r\nData: 28/04/2025 \r\nLevar Diretor Rafael no Emater"}, {"id": "9169", "ano": "2025", "numero": "44", "tipo__sigla": "DD", "tipo__descricao": "Documentos da Diretoria", "assunto": "Informa que houve encerramento do processo licitat\u00f3rio n\u00ba 002/2024, dispensa 001/2024"}, {"id": "9315", "ano": "2025", "numero": "44", "tipo__sigla": "DI", "tipo__descricao": "Di\u00e1rias e documentos relativos", "assunto": "Requisi\u00e7\u00e3o de di\u00e1rias Everton Paulo Ara\u00fajo (Belo Horizonte- 17/06/2025 a 20/06/2025)"}, {"id": "9609", "ano": "2025", "numero": "44", "tipo__sigla": "MEM", "tipo__descricao": "Memorando", "assunto": "Solicita\u00e7\u00e3o de encaminhamento de of\u00edcio ao executivo para designa\u00e7\u00e3o de engenheiro - Of\u00edcio entregue a presidente da C\u00e2mara em 21 de julho de 2025 (a presidente respondeu e encaminhou of\u00edcio para a prefeitura)"}, {"id": "9685", "ano": "2025", "numero": "44", "tipo__sigla": "ODC", "tipo__descricao": "Of\u00edcio/documento Cont\u00e1bil", "assunto": "Solicita emiss\u00e3o de guias junto a Prefeitura Municipal de Santana da Vargem para recolhimento de IRRF e aplica\u00e7\u00f5es auferidos da conta da C\u00e2mara Municipal de agosto/2025"}, {"id": "9694", "ano": "2025", "numero": "44", "tipo__sigla": "OCI", "tipo__descricao": "Of\u00edcios da Controladoria Interna", "assunto": "OF\u00cdCIO DA CONTROLADORIA INTERNA N.\u00ba 43/2025\r\n\r\n\r\nSantana da Vargem, 03 de setembro de 2025.\r\nASSUNTO: RELAT\u00d3RIO MENSAL AGOSTO/ 2025\r\n\r\n\u00c0  Excelent\u00edssima Sra. Bruna Renata Teodoro Silva\r\n\u00c0 Contabilidade\r\n\r\n\r\nCumprimentando-as cordialmente, venho por meio deste apresentar RELAT\u00d3RIO MENSAL AGOSTO/2025,  para vosso conhecimento e provid\u00eancias EM RELA\u00c7\u00c3O \u00c0S RECOMENDA\u00c7\u00d5ES FEITAS."}, {"id": "9821", "ano": "2025", "numero": "44", "tipo__sigla": "AT", "tipo__descricao": "ATESTADO", "assunto": "Atesta que Rafael Teixeira Nogueira compareceu na unidade de sa\u00fade bucal no dia 01/10/2025 (protocolado posteriormente em raz\u00e3o de f\u00e9rias da servidora respons\u00e1vel pela secretaria)"}, {"id": "9831", "ano": "2025", "numero": "44", "tipo__sigla": "OVC", "tipo__descricao": "Of\u00edcio de Vereador/Comiss\u00e3o", "assunto": "Solicita informa\u00e7\u00f5es complementares a respeito da execu\u00e7\u00e3o e abrang\u00eancia do projeto de lei n\u00b0 87/2025"}, {"id": "9946", "ano": "2025", "numero": "44", "tipo__sigla": "DA", "tipo__descricao": "Documento Avulso", "assunto": "Biografia Reginaldo Martins"}, {"id": "10026", "ano": "2025", "numero": "44", "tipo__sigla": "ARO", "tipo__descricao": "ATAS DAS REUNI\u00d5ES ORDIN\u00c1RIAS", "assunto": "Ata da 44\u00aa reuni\u00e3o ordin\u00e1ria da 1\u00aa sess\u00e3o legislativa da 16\u00aa legislatura da C\u00e2mara Municipal de Santana da Vargem"}, {"id": "8829", "ano": "2025", "numero": "45", "tipo__sigla": "PARE", "tipo__descricao": "PARECER", "assunto": "Parecer Jur\u00eddico - Inexigibilidade de Licita\u00e7\u00e3o - Curso Forma\u00e7\u00e3o de agente de contrata\u00e7\u00e3o, pregoeiro e equipe de apoio\u201d."}, {"id": "9002", "ano": "2025", "numero": "45", "tipo__sigla": "OFEXP", "tipo__descricao": "Of\u00edcio Expedido", "assunto": "Encaminha  O projeto de lei ordin\u00e1rio n\u00ba 33 de 18 de mar\u00e7o de 2025"}, {"id": "9052", "ano": "2025", "numero": "45", "tipo__sigla": "OR", "tipo__descricao": "OF\u00cdCIOS RECEBIDOS", "assunto": "Of\u00edcio recebido 106/2025  prefeitura"}, {"id": "9107", "ano": "2025", "numero": "45", "tipo__sigla": "REV", "tipo__descricao": "Relat\u00f3rios de rodagem do ve\u00edculo e outros", "assunto": "Relat\u00f3rio de rodagem do ve\u00edculo \r\nLocalidade: Coqueiral MG\r\nData: 29/04/2025\r\nHor\u00e1rio: 8:00\r\nLevar Diretor Rafael presidente Bruna e vereador Bruna e vereador Ant\u00f4nio para participar da reuni\u00e3o na prefeitura de Coqueiral, e em Santana na secretaria de educa\u00e7\u00e3o e Escola Padre Jos\u00e9 Ribeiro"}, {"id": "9229", "ano": "2025", "numero": "45", "tipo__sigla": "DD", "tipo__descricao": "Documentos da Diretoria", "assunto": "Encaminha o of\u00edcio 004 do vereador Jackson e os pedidos de provid\u00eancia 002 e 003 do vereador Everton"}, {"id": "9316", "ano": "2025", "numero": "45", "tipo__sigla": "DI", "tipo__descricao": "Di\u00e1rias e documentos relativos", "assunto": "Requisi\u00e7\u00e3o de di\u00e1rias Felipe Tom\u00e9 Mota e Silva (Belo Horizonte - 17/06/2025 a 20/06/2025)"}, {"id": "9649", "ano": "2025", "numero": "45", "tipo__sigla": "MEM", "tipo__descricao": "Memorando", "assunto": "Justificativa de n\u00e3o registro de ponto de intervalo"}, {"id": "9688", "ano": "2025", "numero": "45", "tipo__sigla": "ODC", "tipo__descricao": "Of\u00edcio/documento Cont\u00e1bil", "assunto": "Solicita abertura de processo licitat\u00f3rio para aquisi\u00e7\u00e3o de persiana"}, {"id": "9740", "ano": "2025", "numero": "45", "tipo__sigla": "OCI", "tipo__descricao": "Of\u00edcios da Controladoria Interna", "assunto": "OF\u00cdCIO DA CONTROLADORIA INTERNA N.\u00ba 43/2025\r\n\r\n\r\nSantana da Vargem, 12 de setembro de 2025.\r\nASSUNTO: RELATORIO DE AUDITORIA INTERNA N.\u00ba 07/2025\r\n\r\n\u00c0  Excelent\u00edssima Sra. Bruna Renata Teodoro Silva,\r\n\u00c0 Contabilidade\r\n\r\nCumprimentando-as cordialmente, venho por meio deste apresentar RELAT\u00d3RIO CONCLUSIVO DE AUDITORIA INTERNA N\u00ba 07/2025 \u2013 Di\u00e1rias, presta\u00e7\u00e3o de contas e limites e condi\u00e7\u00f5es para realiza\u00e7\u00e3o da despesa total com pessoal."}, {"id": "9832", "ano": "2025", "numero": "45", "tipo__sigla": "AT", "tipo__descricao": "ATESTADO", "assunto": "Declara para o fim de dispensa de atividades profissionais que o Sr. Rafael Teixeira Nogueira compareceu no consult\u00f3rio odontol\u00f3gico no dia 16/10/2025"}, {"id": "9881", "ano": "2025", "numero": "45", "tipo__sigla": "OVC", "tipo__descricao": "Of\u00edcio de Vereador/Comiss\u00e3o", "assunto": "Solicita autoriza\u00e7\u00e3o para participa\u00e7\u00e3o em curso e e di\u00e1rias correspondentes"}, {"id": "9947", "ano": "2025", "numero": "45", "tipo__sigla": "DA", "tipo__descricao": "Documento Avulso", "assunto": "Biografia Ivair Manual Bento"}, {"id": "10059", "ano": "2025", "numero": "45", "tipo__sigla": "ARO", "tipo__descricao": "ATAS DAS REUNI\u00d5ES ORDIN\u00c1RIAS", "assunto": "Ata da 45\u00aa reuni\u00e3o ordin\u00e1ria da 1\u00aa Sess\u00e3o Legislativa da 16\u00aa Legislatura da C\u00e2mara Municipal de Santana da Vargem realizada no dia primeiro de dezembro de 2025"}, {"id": "8830", "ano": "2025", "numero": "46", "tipo__sigla": "PARE", "tipo__descricao": "PARECER", "assunto": "Parecer Jur\u00eddico - Projeto de Lei Complementar n. 03 - 2025 - Cria o cargo de Monitor de Transporte Escolar."}, {"id": "9033", "ano": "2025", "numero": "46", "tipo__sigla": "OFEXP", "tipo__descricao": "Of\u00edcio Expedido", "assunto": "Solicita comparecimento na sess\u00e3o legislativa extraordin\u00e1ria designada para o dia 09/04/2025 para filmar a sess\u00e3o"}, {"id": "9076", "ano": "2025", "numero": "46", "tipo__sigla": "OR", "tipo__descricao": "OF\u00cdCIOS RECEBIDOS", "assunto": "Delegacia de pol\u00edcia de Tr\u00eas Pontas- Informa\u00e7\u00e3o"}, {"id": "9112", "ano": "2025", "numero": "46", "tipo__sigla": "REV", "tipo__descricao": "Relat\u00f3rios de rodagem do ve\u00edculo e outros", "assunto": "Localidade: Santana da Vargem\r\nData: 30/04/2025\r\nLevar Diretor Rafael no Centro Administrativo Bairro S\u00e3o Luiz"}, {"id": "9249", "ano": "2025", "numero": "46", "tipo__sigla": "DD", "tipo__descricao": "Documentos da Diretoria", "assunto": "Esclarece sobre aus\u00eancia de energia el\u00e9trica no dia 13/05/2025 e consequente aus\u00eancia de registro em ponto eletr\u00f4nico"}, {"id": "9318", "ano": "2025", "numero": "46", "tipo__sigla": "DI", "tipo__descricao": "Di\u00e1rias e documentos relativos", "assunto": "Relat\u00f3rio e presta\u00e7\u00e3o de contas Cleber de Brito (Bras\u00edlia - 03/06/2025 a 07/06/2025)"}, {"id": "9671", "ano": "2025", "numero": "46", "tipo__sigla": "MEM", "tipo__descricao": "Memorando", "assunto": "Solicita 01 (um) dia para realiza\u00e7\u00e3o de exames preventivos de c\u00e2ncer"}, {"id": "9737", "ano": "2025", "numero": "46", "tipo__sigla": "ODC", "tipo__descricao": "Of\u00edcio/documento Cont\u00e1bil", "assunto": "Solicita o cancelamentos de restos a pagar n\u00e3o processados R$330,00 Priscila Ramos de Aquino e R$0,10  AS Constru\u00e7\u00f5es e Solu\u00e7\u00f5es em Engenharia Ltda"}, {"id": "9758", "ano": "2025", "numero": "46", "tipo__sigla": "OCI", "tipo__descricao": "Of\u00edcios da Controladoria Interna", "assunto": "OF\u00cdCIO DA CONTROLADORIA INTERNA N.\u00ba 45/2025\r\n\r\n\r\nSantana da Vargem, 24 de setembro de 2025.\r\n\r\nASSUNTO: Plano de Auditoria 2026\r\n\r\n\u00c0  Excelent\u00edssima Sra. Bruna Renata Teodoro Silva,\r\n\r\n\r\nO Controle Interno da C\u00e2mara Municipal de Santana da Vargem, no exerc\u00edcio de suas compet\u00eancias legais vem, por meio deste, cientific\u00e1-la acerca da elabora\u00e7\u00e3o e programa\u00e7\u00e3o do Plano Anual de Auditoria para o exerc\u00edcio de 2026."}, {"id": "9841", "ano": "2025", "numero": "46", "tipo__sigla": "AT", "tipo__descricao": "ATESTADO", "assunto": "Atesta que Silmara Girlaine Hon\u00f3rio esteve sob tratamento m\u00e9dico devendo ser afastada do servi\u00e7o por 1 (um) dia a partir do dia 20/10/2025"}, {"id": "9907", "ano": "2025", "numero": "46", "tipo__sigla": "OVC", "tipo__descricao": "Of\u00edcio de Vereador/Comiss\u00e3o", "assunto": "Solicita esclarecimento acerca de recurso obtido junto ao Deputado Mario Henrique Caixa"}, {"id": "9948", "ano": "2025", "numero": "46", "tipo__sigla": "DA", "tipo__descricao": "Documento Avulso", "assunto": "Justificativa Michel Renan"}, {"id": "10105", "ano": "2025", "numero": "46", "tipo__sigla": "ARO", "tipo__descricao": "ATAS DAS REUNI\u00d5ES ORDIN\u00c1RIAS", "assunto": "Ata da 46\u00aa reuni\u00e3o ordin\u00e1ria da 1\u00aa Sess\u00e3o legislativa da 16\u00aa Legislatura da C\u00e2mara Municipal de Santana da Vargem realizada no dia 9 de dezembro de 2025"}, {"id": "8831", "ano": "2025", "numero": "47", "tipo__sigla": "PARE", "tipo__descricao": "PARECER", "assunto": "Parecer Jur\u00eddico - Projeto de Lei Complementar n. 04 - 2025 - Aumenta o n\u00famero de cargos de Motorista de 30 para 34."}, {"id": "9041", "ano": "2025", "numero": "47", "tipo__sigla": "OFEXP", "tipo__descricao": "Of\u00edcio Expedido", "assunto": "Encaminha o projeto de lei ordin\u00e1ria n\u00ba 45/2025 aprovado na 2\u00aa sess\u00e3o extraordin\u00e1ria"}, {"id": "9078", "ano": "2025", "numero": "47", "tipo__sigla": "OR", "tipo__descricao": "OF\u00cdCIOS RECEBIDOS", "assunto": "Resposta ao of\u00edcio 004 do vereador Paulo Jos\u00e9 Barbosa - l\u00e2mpadas na pista de skate"}, {"id": "9117", "ano": "2025", "numero": "47", "tipo__sigla": "REV", "tipo__descricao": "Relat\u00f3rios de rodagem do ve\u00edculo e outros", "assunto": "Localidade: Santana da Vargem\r\nData: 30/04/2025\r\nLevar Diretor Rafael no Centro Administrativo no Bairro S\u00e3o Luiz"}, {"id": "9261", "ano": "2025", "numero": "47", "tipo__sigla": "DD", "tipo__descricao": "Documentos da Diretoria", "assunto": "Encaminha c\u00f3pia da Emenda a Lei Org\u00e2nica n\u00ba 001/2025 promulgada pela mesa diretora"}, {"id": "9348", "ano": "2025", "numero": "47", "tipo__sigla": "DI", "tipo__descricao": "Di\u00e1rias e documentos relativos", "assunto": "Requerimento de adiantamento para abastecimento e estacionamento quanto em deslocamento (Belo Horizonte - 17/06/2025 a 20/06/2025)"}, {"id": "9679", "ano": "2025", "numero": "47", "tipo__sigla": "MEM", "tipo__descricao": "Memorando", "assunto": "Solicita autoriza\u00e7\u00e3o para realizar hor\u00e1rio divergente de trabalho no dia 01 de setembro de 2025"}, {"id": "9775", "ano": "2025", "numero": "47", "tipo__sigla": "OCI", "tipo__descricao": "Of\u00edcios da Controladoria Interna", "assunto": "OF\u00cdCIO DA CONTROLADORIA INTERNA N.\u00ba 46/2025\r\n\r\nSantana da Vargem, 29 de setembro de 2025.\r\n\r\nASSUNTO: Reitera\u00e7\u00e3o e cobran\u00e7a de provid\u00eancias para regulariza\u00e7\u00e3o da LGPD, LAI e Ouvidoria. \r\n\r\n\u00c0  Excelent\u00edssima Sra. Bruna Renata Teodoro Silva,\r\n\r\nCumprimentando-a cordialmente, em continuidade ao Of\u00edcio n\u00ba 28/2025, datado de 04 de junho de 2025, e considerando o n\u00e3o atendimento \u00e0s recomenda\u00e7\u00f5es e a aus\u00eancia de provid\u00eancias efetivas por parte desta Presid\u00eancia, a Controladoria Interna da C\u00e2mara Municipal de Santana da Vargem vem, por meio deste, reiterar e refor\u00e7ar as medidas urgentes que devem ser adotadas, conforme as disposi\u00e7\u00f5es legais e os princ\u00edpios de transpar\u00eancia e regularidade institucional.\r\nA Controladoria Interna destaca que, passados meses do prazo determinado para a regulariza\u00e7\u00e3o das pend\u00eancias, n\u00e3o foi tomada nenhuma medida substancial para a defini\u00e7\u00e3o dos respons\u00e1veis e implementa\u00e7\u00e3o das adequa\u00e7\u00f5es necess\u00e1rias. Ressalta-se que, at\u00e9 o presente momento, n\u00e3o houve a nomea\u00e7\u00e3o do Encarregado de Dados (DPO), tampouco a defini\u00e7\u00e3o do Ouvidor ou a institui\u00e7\u00e3o formal da Ouvidoria, conforme estabelece a legisla\u00e7\u00e3o aplic\u00e1vel."}, {"id": "9780", "ano": "2025", "numero": "47", "tipo__sigla": "ODC", "tipo__descricao": "Of\u00edcio/documento Cont\u00e1bil", "assunto": "Solicita envio de comprovante de trasnfer\u00eancia do valor de restos a pagar cancelados a Prefeitura Municipal de Santana da Vargem-MG."}, {"id": "9874", "ano": "2025", "numero": "47", "tipo__sigla": "AT", "tipo__descricao": "ATESTADO", "assunto": "Atesta que Luiz Felipe Mendon\u00e7a Rodrigues necessita permanecer afastado por 1 (um) dia a partir do dia 27/10/2025 por raz\u00f5es m\u00e9dicas."}, {"id": "9960", "ano": "2025", "numero": "47", "tipo__sigla": "OVC", "tipo__descricao": "Of\u00edcio de Vereador/Comiss\u00e3o", "assunto": "Solicita informa\u00e7\u00f5es sobre procedimento para devolu\u00e7\u00e3o de di\u00e1ria paga"}, {"id": "9963", "ano": "2025", "numero": "47", "tipo__sigla": "DA", "tipo__descricao": "Documento Avulso", "assunto": "Biografia Andressa Mirele da Silva Goularte"}, {"id": "10127", "ano": "2025", "numero": "47", "tipo__sigla": "ARO", "tipo__descricao": "ATAS DAS REUNI\u00d5ES ORDIN\u00c1RIAS", "assunto": "Ata da 47\u00aa reuni\u00e3o ordin\u00e1ria da 1\u00aa Sess\u00e3o Legislativa da 1\u00aa Sess\u00e3o Legislativa da 16\u00aa Legislatura da C\u00e2mara Municipal de Santana da Vargem, realizada no dia quinze de dezembro de dois mil e vinte e cinco"}, {"id": "8857", "ano": "2025", "numero": "48", "tipo__sigla": "PARE", "tipo__descricao": "PARECER", "assunto": "Parecer Jur\u00eddico - Dispensa - Uniforme"}, {"id": "9042", "ano": "2025", "numero": "48", "tipo__sigla": "OFEXP", "tipo__descricao": "Of\u00edcio Expedido", "assunto": "Solicita comparecimento na segunda feira dia 14/04/2025 na parte da manh\u00e3 e nos dias 15/04/2025 e 16/04/2025 fa\u00e7a horas extraordin\u00e1rias para adiantar servi\u00e7os pendentes"}, {"id": "9079", "ano": "2025", "numero": "48", "tipo__sigla": "OR", "tipo__descricao": "OF\u00cdCIOS RECEBIDOS", "assunto": "Solicita termo de empr\u00e9stimo de item patrimonial plaqueta n\u00ba 217"}, {"id": "9120", "ano": "2025", "numero": "48", "tipo__sigla": "REV", "tipo__descricao": "Relat\u00f3rios de rodagem do ve\u00edculo e outros", "assunto": "Localidade: Santana da Vargem\r\nData: 30/04/2025\r\nLevar Diretor Rafael no Centro Administrativo Bairro S\u00e3o Luiz no sindicato rural e na ACAPS e prefeitura para entregar convites da audi\u00eancia p\u00fablica"}, {"id": "9287", "ano": "2025", "numero": "48", "tipo__sigla": "DD", "tipo__descricao": "Documentos da Diretoria", "assunto": "Encaminha a indica\u00e7\u00e3o 008 do vereador Luiz Felipe Mendon\u00e7a Rodrigues"}, {"id": "9357", "ano": "2025", "numero": "48", "tipo__sigla": "DI", "tipo__descricao": "Di\u00e1rias e documentos relativos", "assunto": "Relat\u00f3rio e presta\u00e7\u00e3o de contas Emerson Silva Ara\u00fajo (Belo Horizonte- 17/06/2025 a 20/06/2025)"}, {"id": "9690", "ano": "2025", "numero": "48", "tipo__sigla": "MEM", "tipo__descricao": "Memorando", "assunto": "Solicita\u00e7\u00e3o de autoriza\u00e7\u00e3o para cumprimento excepcional de jornada sem intervalo intrajornada"}, {"id": "9776", "ano": "2025", "numero": "48", "tipo__sigla": "OCI", "tipo__descricao": "Of\u00edcios da Controladoria Interna", "assunto": "OF\u00cdCIO DA CONTROLADORIA INTERNA N.\u00ba 47/2025\r\n\r\nSantana da Vargem, 29 de setembro de 2025.\r\n\r\nASSUNTO: Urgente \u2013 Necessidade de Nomea\u00e7\u00e3o da Comiss\u00e3o para o Concurso P\u00fablico e Acompanhamento do Processo de Contrata\u00e7\u00e3o. \r\n\r\n\u00c0  Excelent\u00edssima Sra. Bruna Renata Teodoro Silva,\r\n\r\nCumprimentando-a cordialmente, o Controle Interno, no uso de suas atribui\u00e7\u00f5es legais e conforme j\u00e1 destacado em relat\u00f3rios anteriores, vem, por meio deste, reiterar e cobrar com urg\u00eancia as provid\u00eancias relacionadas ao Concurso P\u00fablico para provimento da vaga efetiva na C\u00e2mara Municipal de Santana da Vargem.\r\n\r\nJ\u00e1 no relat\u00f3rio mensal de mar\u00e7o deste ano, foi alertado sobre a necessidade urgente da realiza\u00e7\u00e3o do concurso p\u00fablico, dado o encerramento da vig\u00eancia do concurso anterior e a disponibilidade da vaga do auxiliar legislativo. Al\u00e9m disso, foram feitas diversas advert\u00eancias verbais \u00e0 Presid\u00eancia e \u00e0 Dire\u00e7\u00e3o da C\u00e2mara, com destaque para a necessidade de implementa\u00e7\u00e3o imediata de um processo licitat\u00f3rio e a constitui\u00e7\u00e3o da comiss\u00e3o respons\u00e1vel.\r\nTem-se conhecimento de que, at\u00e9 o presente momento, j\u00e1 existe um processo em curso para a contrata\u00e7\u00e3o da banca organizadora do concurso, o que \u00e9 um passo importante. Contudo, at\u00e9 agora n\u00e3o foi nomeada a comiss\u00e3o respons\u00e1vel pelo acompanhamento do processo, o que gera grande inseguran\u00e7a quanto \u00e0 execu\u00e7\u00e3o e ao cumprimento dos prazos."}, {"id": "9783", "ano": "2025", "numero": "48", "tipo__sigla": "ODC", "tipo__descricao": "Of\u00edcio/documento Cont\u00e1bil", "assunto": "Solicita emiss\u00e3o de guias junto a Prefeitura Municipal de Santana da Vargem para recolhimento de IRRF e aplica\u00e7\u00f5es auferidos da conta da C\u00e2mara Municipal de setembro/2025"}, {"id": "9886", "ano": "2025", "numero": "48", "tipo__sigla": "AT", "tipo__descricao": "ATESTADO", "assunto": "Atesta que Ruiter Silva de Oliveira acompanhou Ana Paula Arantes Novato no per\u00edodo da tarde do dia 30/10/2025 por motivo de sa\u00fade"}, {"id": "9965", "ano": "2025", "numero": "48", "tipo__sigla": "DA", "tipo__descricao": "Documento Avulso", "assunto": "Biografia Mateus Lucas de Oliveira"}, {"id": "9979", "ano": "2025", "numero": "48", "tipo__sigla": "OVC", "tipo__descricao": "Of\u00edcio de Vereador/Comiss\u00e3o", "assunto": "Solicita\u00e7\u00e3o de inscri\u00e7\u00e3o em curso de capacita\u00e7\u00e3o e di\u00e1rias"}, {"id": "8858", "ano": "2025", "numero": "49", "tipo__sigla": "PARE", "tipo__descricao": "PARECER", "assunto": "Parecer jur\u00eddico - Projeto de Lei Ordin\u00e1ria n\u00ba 27 - 2025 - Abertura de Cr\u00e9dito Adicional Especial por super\u00e1vit financeiro - R$ 502,77 (quinhentos e dois reais e setenta e sete centavos)"}, {"id": "9048", "ano": "2025", "numero": "49", "tipo__sigla": "OFEXP", "tipo__descricao": "Of\u00edcio Expedido", "assunto": "Solicita que seja efetuada a transmiss\u00e3o ao vido das sess\u00f5es legislativas"}, {"id": "9086", "ano": "2025", "numero": "49", "tipo__sigla": "OR", "tipo__descricao": "OF\u00cdCIOS RECEBIDOS", "assunto": "Presta esclarecimentos a respeito a respeito do projeto de lei n\u00ba 32/2025"}, {"id": "9133", "ano": "2025", "numero": "49", "tipo__sigla": "REV", "tipo__descricao": "Relat\u00f3rios de rodagem do ve\u00edculo e outros", "assunto": "Localidade: Tr\u00eas Pontas \r\nData: 05/05/2025\r\nHor\u00e1rio: 12:00\r\nLevar diretor Rafael nos com\u00e9rcios"}, {"id": "9292", "ano": "2025", "numero": "49", "tipo__sigla": "DD", "tipo__descricao": "Documentos da Diretoria", "assunto": "Resposta ao of\u00edcio n\u00ba 028/2025 da controladoria interna"}, {"id": "9367", "ano": "2025", "numero": "49", "tipo__sigla": "DI", "tipo__descricao": "Di\u00e1rias e documentos relativos", "assunto": "Relat\u00f3rio e presta\u00e7\u00e3o de contas Felipe Tom\u00e9 Mota e Silva (Belo Horizonte - 17/06/2025 a 20/06/2025)"}, {"id": "9691", "ano": "2025", "numero": "49", "tipo__sigla": "MEM", "tipo__descricao": "Memorando", "assunto": "Pedido de Autoriza\u00e7\u00e3o para participa\u00e7\u00e3o em curso de capacita\u00e7\u00e3o"}, {"id": "9806", "ano": "2025", "numero": "49", "tipo__sigla": "OCI", "tipo__descricao": "Of\u00edcios da Controladoria Interna", "assunto": "OF\u00cdCIO DA CONTROLADORIA INTERNA N.\u00ba 48/2025\r\n\r\n\r\nSantana da Vargem, 10 de outubro de 2025.\r\nASSUNTO: RELAT\u00d3RIO MENSAL SETEMBRO/ 2025\r\n\r\n\u00c0  Excelent\u00edssima Sra. Bruna Renata Teodoro Silva\r\n\u00c0 Contabilidade"}, {"id": "9813", "ano": "2025", "numero": "49", "tipo__sigla": "ODC", "tipo__descricao": "Of\u00edcio/documento Cont\u00e1bil", "assunto": "Encaminha estimativa de custo de aquisi\u00e7\u00e3o de placas de identifica\u00e7\u00e3o de bens tombados."}, {"id": "9966", "ano": "2025", "numero": "49", "tipo__sigla": "AT", "tipo__descricao": "ATESTADO", "assunto": "Atesta que Larissa Oliveira Naves acompanhou sua filha em consulta m\u00e9dica devendo ser afastada por um dia no dia 29/10/2025"}, {"id": "9980", "ano": "2025", "numero": "49", "tipo__sigla": "OVC", "tipo__descricao": "Of\u00edcio de Vereador/Comiss\u00e3o", "assunto": "Solicita inscri\u00e7\u00e3o em curso de capacita\u00e7\u00e3o e di\u00e1rias"}, {"id": "10000", "ano": "2025", "numero": "49", "tipo__sigla": "DA", "tipo__descricao": "Documento Avulso", "assunto": "Documenta\u00e7\u00e3o para instruir projeto de lei - SEC Santana Esporte Clube"}, {"id": "8859", "ano": "2025", "numero": "50", "tipo__sigla": "PARE", "tipo__descricao": "PARECER", "assunto": "Parecer jur\u00eddico - Projeto de Lei Ordin\u00e1ria n\u00ba 28 - 2025 - Abertura de Cr\u00e9dito Adicional Especial por super\u00e1vit financeiro - R$ 52.988,63 (cinquenta e dois mil novecentos e oitenta e oito reais e sessenta e tr\u00eas centavos)."}, {"id": "9074", "ano": "2025", "numero": "50", "tipo__sigla": "OFEXP", "tipo__descricao": "Of\u00edcio Expedido", "assunto": "Solicita que seja apresentada a presid\u00eancia a viabilidade e possibilidade legal de abertura do processos administrativo para contrata\u00e7\u00e3o de Marcha dos Legislativos"}, {"id": "9087", "ano": "2025", "numero": "50", "tipo__sigla": "OR", "tipo__descricao": "OF\u00cdCIOS RECEBIDOS", "assunto": "Presta esclarecimentos a respeito do projeto de lei 034/2025"}, {"id": "9134", "ano": "2025", "numero": "50", "tipo__sigla": "REV", "tipo__descricao": "Relat\u00f3rios de rodagem do ve\u00edculo e outros", "assunto": "Localidade: Santana da Vargem\r\nData: 05/05/2025\r\nHor\u00e1rio: 09:00\r\nIr no mercado do Roni buscar produtos para a C\u00e2mara"}, {"id": "9320", "ano": "2025", "numero": "50", "tipo__sigla": "DD", "tipo__descricao": "Documentos da Diretoria", "assunto": "Solicita\u00e7\u00e3o para pagamento de encargos"}, {"id": "9372", "ano": "2025", "numero": "50", "tipo__sigla": "DI", "tipo__descricao": "Di\u00e1rias e documentos relativos", "assunto": "Relat\u00f3rio e presta\u00e7\u00e3o de contas Jackson Luiz Ven\u00e2ncio de Souza  (Belo Horizonte - 17/06/2025 a 20/06/2025)"}, {"id": "9699", "ano": "2025", "numero": "50", "tipo__sigla": "MEM", "tipo__descricao": "Memorando", "assunto": "Solicita autoriza\u00e7\u00e3o para realizar jornada divergente na data de 05 de setembro de 2025"}, {"id": "9808", "ano": "2025", "numero": "50", "tipo__sigla": "OCI", "tipo__descricao": "Of\u00edcios da Controladoria Interna", "assunto": "OF\u00cdCIO DA CONTROLADORIA INTERNA N.\u00ba 49/2025\r\n\r\n\r\nSantana da Vargem, 13 de outubro de 2025.\r\nASSUNTO: Plano Anual de Contrata\u00e7\u00e3o - PAC/2026\r\n\r\n\u00c0  Excelent\u00edssima Sra. Bruna Renata Teodoro Silva\r\n\r\n\r\n\r\nCumprimentando-as cordialmente, venho por meio deste apresentar Plano Anual de Contrata\u00e7\u00e3o - PAC/2026,  para vosso conhecimento e aprova\u00e7\u00e3o.\r\n Atenciosamente."}, {"id": "9855", "ano": "2025", "numero": "50", "tipo__sigla": "ODC", "tipo__descricao": "Of\u00edcio/documento Cont\u00e1bil", "assunto": "Encaminha estimativa do impacto or\u00e7ament\u00e1rio financeiro atualizado"}, {"id": "9967", "ano": "2025", "numero": "50", "tipo__sigla": "AT", "tipo__descricao": "ATESTADO", "assunto": "Atesta que Luiz Felipe Mendon\u00e7a Rodrigues deve ser afastado de suas atividades por 2 dias a contar do dia 10 de novembro"}, {"id": "10017", "ano": "2025", "numero": "50", "tipo__sigla": "OVC", "tipo__descricao": "Of\u00edcio de Vereador/Comiss\u00e3o", "assunto": "Solicitar que seja realizado estudo t\u00e9cnico e planejamento voltado \u00e0 verifica\u00e7\u00e3o do recorrente alagamento da Rua Nelson Pereira Vilela"}, {"id": "8860", "ano": "2025", "numero": "51", "tipo__sigla": "PARE", "tipo__descricao": "PARECER", "assunto": "Parecer jur\u00eddico - Projeto de Lei Ordin\u00e1ria n\u00ba 29 - 2025 - Abertura de Cr\u00e9dito Adicional Especial por super\u00e1vit financeiro - R$ 14.574,45 (quatorze mil quinhentos e setenta e quatro reais e quarenta e cinco centavos)."}, {"id": "9077", "ano": "2025", "numero": "51", "tipo__sigla": "OFEXP", "tipo__descricao": "Of\u00edcio Expedido", "assunto": "Solicita comparecimento em sess\u00e3o ordin\u00e1ria a ser realizada no dia 23/04/2025"}, {"id": "9088", "ano": "2025", "numero": "51", "tipo__sigla": "OR", "tipo__descricao": "OF\u00cdCIOS RECEBIDOS", "assunto": "Presta esclarecimentos a respeito do projeto de lei 36/2025"}, {"id": "9136", "ano": "2025", "numero": "51", "tipo__sigla": "REV", "tipo__descricao": "Relat\u00f3rios de rodagem do ve\u00edculo e outros", "assunto": "Local: Tr\u00eas Pontas \r\nData: 06/05/2025\r\nLevar Diretor Rafael nos com\u00e9rcios de uniforme"}, {"id": "9327", "ano": "2025", "numero": "51", "tipo__sigla": "DD", "tipo__descricao": "Documentos da Diretoria", "assunto": "Encaminha o of\u00edcio n\u00ba 11/2025 do vereador Paulo Jos\u00e9"}, {"id": "9379", "ano": "2025", "numero": "51", "tipo__sigla": "DI", "tipo__descricao": "Di\u00e1rias e documentos relativos", "assunto": "Relat\u00f3rio e presta\u00e7\u00e3o de contas Everton Paulo Ara\u00fajo (Belo Horizonte- 17/06/2025 a 20/06/2025)"}, {"id": "9718", "ano": "2025", "numero": "51", "tipo__sigla": "MEM", "tipo__descricao": "Memorando", "assunto": "Justificativa n\u00e3o registro de ponto"}, {"id": "9816", "ano": "2025", "numero": "51", "tipo__sigla": "OCI", "tipo__descricao": "Of\u00edcios da Controladoria Interna", "assunto": "OF\u00cdCIO DA CONTROLADORIA INTERNA N.\u00ba 50/2025\r\n\r\n\r\nSantana da Vargem, 16 de outubro de 2025.\r\nASSUNTO: resultado  Auditoria Interna no cumprimento das obriga\u00e7\u00f5es cont\u00e1beis e da regularidade dos relat\u00f3rios cont\u00e1beis obrigat\u00f3rios da C\u00e2mara Municipal de Santana da Vargem/MG"}, {"id": "9856", "ano": "2025", "numero": "51", "tipo__sigla": "ODC", "tipo__descricao": "Of\u00edcio/documento Cont\u00e1bil", "assunto": "Encaminha a estimativa de impacto or\u00e7ament\u00e1rio financeiro"}, {"id": "9968", "ano": "2025", "numero": "51", "tipo__sigla": "AT", "tipo__descricao": "ATESTADO", "assunto": "Atesta que Felipe Tom\u00e9 Mota e Silva acompanhou seu pai nos dias 04 de 05 de novembro 2025"}, {"id": "10082", "ano": "2025", "numero": "51", "tipo__sigla": "OVC", "tipo__descricao": "Of\u00edcio de Vereador/Comiss\u00e3o", "assunto": "Comunica formalmente desist\u00eancia de participa\u00e7\u00e3o em congresso brasileiro das c\u00e2maras"}, {"id": "8861", "ano": "2025", "numero": "52", "tipo__sigla": "PARE", "tipo__descricao": "PARECER", "assunto": "Parecer jur\u00eddico - Projeto de Lei Ordin\u00e1ria n\u00ba 30 - 2025 - Abertura de Cr\u00e9dito Adicional Especial por super\u00e1vit financeiro - R$ 124.236,96 (cento e vinte e quatro mil duzentos e trinta e seis reais e noventa e seis centavos)."}, {"id": "9089", "ano": "2025", "numero": "52", "tipo__sigla": "OR", "tipo__descricao": "OF\u00cdCIOS RECEBIDOS", "assunto": "Presta esclarecimentos a respeito do projeto de lei 53/2025"}, {"id": "9094", "ano": "2025", "numero": "52", "tipo__sigla": "OFEXP", "tipo__descricao": "Of\u00edcio Expedido", "assunto": "Encaminha projetos de lei aprovados na 16\u00aa sess\u00e3o e requerimentos 001, 002, 003 e 004 do vereador Jackson Luiz Ven\u00e2ncio de Souza e of\u00edcios/indica\u00e7\u00f5es 006, 007 e 008 do vereador Paulo Jos\u00e9 Barbosa"}, {"id": "9137", "ano": "2025", "numero": "52", "tipo__sigla": "REV", "tipo__descricao": "Relat\u00f3rios de rodagem do ve\u00edculo e outros", "assunto": "Local: Santana da Vargem\r\nData: 06/05/2025\r\nLevar diretor Rafael no sindicato dos trabalhos rurais e na presidente para mostrar uniforme"}, {"id": "9354", "ano": "2025", "numero": "52", "tipo__sigla": "DD", "tipo__descricao": "Documentos da Diretoria", "assunto": "Encaminha o requerimento n\u00ba 02/2025 do vereador Luiz Felipe Mendon\u00e7a Rodrigues e o of\u00edcio 05/2025 do vereador Jackson Luiz Ven\u00e2ncio de Souza"}, {"id": "9411", "ano": "2025", "numero": "52", "tipo__sigla": "DI", "tipo__descricao": "Di\u00e1rias e documentos relativos", "assunto": "Relat\u00f3rio e presta\u00e7\u00e3o de contas Laidia Mesquista de Sousa (Varginha 26/06/2025 e 27/06/2025)"}, {"id": "9741", "ano": "2025", "numero": "52", "tipo__sigla": "MEM", "tipo__descricao": "Memorando", "assunto": "Solicita a concess\u00e3o de f\u00e9rias , per\u00edodo de gozo  06/10/2025 a 15/10/2025 (per\u00edodo aquisitivo 08/10/2025 a 07/10/2025) e 16/10/2025 a 25/10/2025 (per\u00edodo aquisitivo 08/10/2024 a 07/10/2025)"}, {"id": "9882", "ano": "2025", "numero": "52", "tipo__sigla": "ODC", "tipo__descricao": "Of\u00edcio/documento Cont\u00e1bil", "assunto": "Solicita\u00e7\u00e3o de horas t\u00e9cnicas no sistema Betha Cloud - m\u00f3dulo folha de pagamento"}, {"id": "9943", "ano": "2025", "numero": "52", "tipo__sigla": "OCI", "tipo__descricao": "Of\u00edcios da Controladoria Interna", "assunto": "OF\u00cdCIO DA CONTROLADORIA INTERNA N.\u00ba 51/2025\r\n\r\n\r\nSantana da Vargem, 10 de novembro de 2025.\r\nASSUNTO: Solicita\u00e7\u00e3o de justificativas \u2013 execu\u00e7\u00e3o or\u00e7ament\u00e1ria - Plano Anual de Auditoria ref. a Novembro/2025.\r\n\r\n\u00c0  Excelent\u00edssima Sra. Bruna Renata Teodoro Silva\r\n\r\n\r\n\r\nNo cumprimento das atribui\u00e7\u00f5es legais conferidas a esta Controladora interna e em atendimento ao Plano Anual de Auditoria \u2013 exerc\u00edcio de 2025, procedeu-se \u00e0 an\u00e1lise da execu\u00e7\u00e3o or\u00e7ament\u00e1ria da C\u00e2mara Municipal at\u00e9 o m\u00eas de novembro, conforme dados extra\u00eddos dos demonstrativos oficiais."}, {"id": "9970", "ano": "2025", "numero": "52", "tipo__sigla": "AT", "tipo__descricao": "ATESTADO", "assunto": "Atestado de acompanhamento de pessoa doente - Laidia Mesquita de Souza Barbosa"}, {"id": "10129", "ano": "2025", "numero": "52", "tipo__sigla": "OVC", "tipo__descricao": "Of\u00edcio de Vereador/Comiss\u00e3o", "assunto": "Informa destina\u00e7\u00e3o de emenda impositiva 50% sa\u00fade (aparelhos centro odontol\u00f3gico e 50% Santana Esporte Clube)"}, {"id": "8862", "ano": "2025", "numero": "53", "tipo__sigla": "PARE", "tipo__descricao": "PARECER", "assunto": "Parecer Jur\u00eddico - Projeto de lei ordin\u00e1ria n. 31 - 2025 - Estende o prazo do Prorefis."}, {"id": "9104", "ano": "2025", "numero": "53", "tipo__sigla": "OR", "tipo__descricao": "OF\u00cdCIOS RECEBIDOS", "assunto": "Resposta aos of\u00edcios n\u00ba 06 e 07/2026 do vereador Paulo Jos\u00e9 Barbosa"}, {"id": "9111", "ano": "2025", "numero": "53", "tipo__sigla": "OFEXP", "tipo__descricao": "Of\u00edcio Expedido", "assunto": "Solicita informa\u00e7\u00f5es a respeito do programa \"Bols Trabalho\""}, {"id": "9139", "ano": "2025", "numero": "53", "tipo__sigla": "REV", "tipo__descricao": "Relat\u00f3rios de rodagem do ve\u00edculo e outros", "assunto": "Localidade: Santana da Vargem\r\nData: 06/05/2025\r\nLevar diretor Rafael no sindicato dos trabalhadores rurais e na presidente para mostrar uniforme"}, {"id": "9374", "ano": "2025", "numero": "53", "tipo__sigla": "DD", "tipo__descricao": "Documentos da Diretoria", "assunto": "Encaminha os pedidos de provid\u00eancias 002 e  003 do vereador Everton, o of\u00edcio 012 do vereador Paulo Jos\u00e9, o of\u00edcio 007 do vereador Jackson e o requerimento 001 da vereadora Silmara"}, {"id": "9424", "ano": "2025", "numero": "53", "tipo__sigla": "DI", "tipo__descricao": "Di\u00e1rias e documentos relativos", "assunto": "Relat\u00f3rio  e presta\u00e7\u00e3o de contas Larissa Oliveira Naves (Varginha MG 26/06/2025 e 27/06/2025)"}, {"id": "9746", "ano": "2025", "numero": "53", "tipo__sigla": "MEM", "tipo__descricao": "Memorando", "assunto": "Solicita autoriza\u00e7\u00e3o para levar o notebook da C\u00e2mara nos dias em viagem a Belo Horizonte 16 a 19"}, {"id": "9890", "ano": "2025", "numero": "53", "tipo__sigla": "ODC", "tipo__descricao": "Of\u00edcio/documento Cont\u00e1bil", "assunto": "Solicita emiss\u00e3o de guias junto a Prefeitura Municipal de Santana da Vargem para recolhimento de IRRF e aplica\u00e7\u00f5es auferidas da conta da C\u00e2mara Municipal - Outubro /2025"}, {"id": "9952", "ano": "2025", "numero": "53", "tipo__sigla": "OCI", "tipo__descricao": "Of\u00edcios da Controladoria Interna", "assunto": "OF\u00cdCIO DA CONTROLADORIA INTERNA N.\u00ba 52/2025\r\n\r\n\r\nSantana da Vargem, 11 de novembro de 2025.\r\nASSUNTO: RELAT\u00d3RIO MENSAL NOVEMBRO/ 2025\r\n\r\n\u00c0  Excelent\u00edssima Sra. Bruna Renata Teodoro Silva\r\n\u00c0 Contabilidade\r\n\r\n\r\nCumprimentando-as cordialmente, venho por meio deste apresentar RELAT\u00d3RIO MENSAL OUTUBRO/2025,  para vosso conhecimento e provid\u00eancias EM RELA\u00c7\u00c3O \u00c0S RECOMENDA\u00c7\u00d5ES FEITAS."}, {"id": "10010", "ano": "2025", "numero": "53", "tipo__sigla": "AT", "tipo__descricao": "ATESTADO", "assunto": "Atesta que Ruiter Silva Oliveira Acompanhou Ana Paula Arantes Novato no dia 19/11/2025"}, {"id": "8865", "ano": "2025", "numero": "54", "tipo__sigla": "PARE", "tipo__descricao": "PARECER", "assunto": "Parecer Jur\u00eddico - Possibilidade de prorroga\u00e7\u00e3o contratual - Servi\u00e7o de Internet"}, {"id": "9114", "ano": "2025", "numero": "54", "tipo__sigla": "OR", "tipo__descricao": "OF\u00cdCIOS RECEBIDOS", "assunto": "Presta esclarecimento sobre o projeto de lei n\u00ba 56/2025"}, {"id": "9129", "ano": "2025", "numero": "54", "tipo__sigla": "OFEXP", "tipo__descricao": "Of\u00edcio Expedido", "assunto": "Solicita que seja adicionado saldo or\u00e7ament\u00e1rio em ficha e anulado saldo em ficha"}, {"id": "9144", "ano": "2025", "numero": "54", "tipo__sigla": "REV", "tipo__descricao": "Relat\u00f3rios de rodagem do ve\u00edculo e outros", "assunto": "Local: Santana da Vargem\r\nData: 08/05/2025\r\nLevar diretor Rafael e Controladora interna no sindicato dos trabalhadores rurais"}, {"id": "9465", "ano": "2025", "numero": "54", "tipo__sigla": "DI", "tipo__descricao": "Di\u00e1rias e documentos relativos", "assunto": "Requisi\u00e7\u00e3o de di\u00e1rias Ant\u00f4nio Afonso de Oliveira (Belo Horizonte - 16 a 18 de Julho )"}, {"id": "9747", "ano": "2025", "numero": "54", "tipo__sigla": "MEM", "tipo__descricao": "Memorando", "assunto": "Solicita\u00e7\u00e3o de informa\u00e7\u00f5es sobre monumentos tombados como patrim\u00f4nio hist\u00f3rico no munic\u00edpio"}, {"id": "9906", "ano": "2025", "numero": "54", "tipo__sigla": "ODC", "tipo__descricao": "Of\u00edcio/documento Cont\u00e1bil", "assunto": "Encaminhamento de solicita\u00e7\u00e3o de altera\u00e7\u00e3o de dependentes no plano de sa\u00fade"}, {"id": "9981", "ano": "2025", "numero": "54", "tipo__sigla": "OCI", "tipo__descricao": "Of\u00edcios da Controladoria Interna", "assunto": "Solicita corre\u00e7\u00e3o de movimenta\u00e7\u00e3o or\u00e7ament\u00e1ria"}, {"id": "10011", "ano": "2025", "numero": "54", "tipo__sigla": "DD", "tipo__descricao": "Documentos da Diretoria", "assunto": "Determina o pagamento de adiantamento ao motorista da C\u00e2mara para viagem no dia 11 de novembro (of\u00edcio protocolado posteriormente pois estava no gabinete)"}, {"id": "10015", "ano": "2025", "numero": "54", "tipo__sigla": "AT", "tipo__descricao": "ATESTADO", "assunto": "Atesta que Larissa Oliveira Naves acompanhou Elis Oliveira Naves em avalia\u00e7\u00e3o m\u00e9dica no dia 27/11/2025"}, {"id": "8866", "ano": "2025", "numero": "55", "tipo__sigla": "PARE", "tipo__descricao": "PARECER", "assunto": "Parecer Jur\u00eddico - Prorroga\u00e7\u00e3o Contrato Copasa"}, {"id": "9115", "ano": "2025", "numero": "55", "tipo__sigla": "OR", "tipo__descricao": "OF\u00cdCIOS RECEBIDOS", "assunto": "Esclarece informa\u00e7\u00f5es sobre o projeto de lei 57/2025"}, {"id": "9132", "ano": "2025", "numero": "55", "tipo__sigla": "OFEXP", "tipo__descricao": "Of\u00edcio Expedido", "assunto": "Encaminha a mensagem de veto n\u00ba 002/2025- mantido por maioria absoluta"}, {"id": "9146", "ano": "2025", "numero": "55", "tipo__sigla": "REV", "tipo__descricao": "Relat\u00f3rios de rodagem do ve\u00edculo e outros", "assunto": "Local: Santana da Vargem\r\nData: 08/05/2025\r\nLevar diretor Rafael e Controladora Interna no sindicato dos trabalhares rurais"}, {"id": "9466", "ano": "2025", "numero": "55", "tipo__sigla": "DI", "tipo__descricao": "Di\u00e1rias e documentos relativos", "assunto": "Requisi\u00e7\u00e3o de di\u00e1rias Bruna Renata Teodoro da Silva  (Belo Horizonte - 16 a 18 de Julho )"}, {"id": "9762", "ano": "2025", "numero": "55", "tipo__sigla": "MEM", "tipo__descricao": "Memorando", "assunto": "Justificativa de n\u00e3o registro de ponto de intervalo"}, {"id": "9912", "ano": "2025", "numero": "55", "tipo__sigla": "ODC", "tipo__descricao": "Of\u00edcio/documento Cont\u00e1bil", "assunto": "Solicita\u00e7\u00e3o de informa\u00e7\u00f5es sobre o per\u00edodo de f\u00e9rias"}, {"id": "9999", "ano": "2025", "numero": "55", "tipo__sigla": "OCI", "tipo__descricao": "Of\u00edcios da Controladoria Interna", "assunto": "OF\u00cdCIO DA CONTROLADORIA INTERNA N.\u00ba 54/2025\r\nSantana da Vargem, 24 de novembro de 2025.\r\nASSUNTO: Cumprimento das metas financeiras previstas no Plano Plurianual \u2013 PPP, na Lei Or\u00e7ament\u00e1ria Anual \u2013 LOA e na Lei de Diretrizes Or\u00e7ament\u00e1rias - LDO por descri\u00e7\u00e3o; Repasse do duod\u00e9cimo; Gest\u00e3o Financeira da C\u00e2mara Municipal de Santana da Vargem"}, {"id": "10012", "ano": "2025", "numero": "55", "tipo__sigla": "DD", "tipo__descricao": "Documentos da Diretoria", "assunto": "Determina que no dia 14 de novembro o motorista busque os servidores em curso na cidade de Belo Horizonte (of\u00edcio protocolado posteriormente pois estava no gabinete)"}, {"id": "10101", "ano": "2025", "numero": "55", "tipo__sigla": "AT", "tipo__descricao": "ATESTADO", "assunto": "Declara\u00e7\u00e3o de comparecimento Larissa Oliveira Naves 16/12/2025 Santa Casa de Miseric\u00f3rdia Boa Esperan\u00e7a-MG"}, {"id": "8867", "ano": "2025", "numero": "56", "tipo__sigla": "PARE", "tipo__descricao": "PARECER", "assunto": "Parecer Jur\u00eddico - Prorroga\u00e7\u00e3o Contrato Cemig"}, {"id": "9116", "ano": "2025", "numero": "56", "tipo__sigla": "OR", "tipo__descricao": "OF\u00cdCIOS RECEBIDOS", "assunto": "Apresenta documentos complementares ao projeto de lei 007/2025"}, {"id": "9131", "ano": "2025", "numero": "56", "tipo__sigla": "OFEXP", "tipo__descricao": "Of\u00edcio Expedido", "assunto": "Solicita emiss\u00e3o de guias conforme of\u00edcio da contabilidade"}, {"id": "9156", "ano": "2025", "numero": "56", "tipo__sigla": "REV", "tipo__descricao": "Relat\u00f3rios de rodagem do ve\u00edculo e outros", "assunto": "Local: Santana da Vargem\r\nData: 09/05/2025\r\nLevar diretor Rafael para despachar com a presidente"}, {"id": "9470", "ano": "2025", "numero": "56", "tipo__sigla": "DI", "tipo__descricao": "Di\u00e1rias e documentos relativos", "assunto": "Requisi\u00e7\u00e3o di\u00e1rias Cleber de Brito (Belo Horizonte - 23/07/2025)"}, {"id": "9771", "ano": "2025", "numero": "56", "tipo__sigla": "MEM", "tipo__descricao": "Memorando", "assunto": "Solicita realiza\u00e7\u00e3o de hor\u00e1rio divergente na data de 26/09/2025"}, {"id": "10013", "ano": "2025", "numero": "56", "tipo__sigla": "ODC", "tipo__descricao": "Of\u00edcio/documento Cont\u00e1bil", "assunto": "Solicita\u00e7\u00e3o de c\u00e1lculo, empenho, liquida\u00e7\u00e3o e pagamento de di\u00e1rias"}, {"id": "10016", "ano": "2025", "numero": "56", "tipo__sigla": "OCI", "tipo__descricao": "Of\u00edcios da Controladoria Interna", "assunto": "OF\u00cdCIO DA CONTROLADORIA INTERNA N.\u00ba 54/2025\r\n\r\n\r\nSantana da Vargem, 27 de novembro de 2025.\r\nASSUNTO: F\u00e9rias\r\n\r\nAo RH\r\n\r\n\r\nCumprimentando-as cordialmente, venho por meio deste sugerir a data para meu gozo de 15 dias de f\u00e9rias a partir de 08 de setembro/2026."}, {"id": "10108", "ano": "2025", "numero": "56", "tipo__sigla": "AT", "tipo__descricao": "ATESTADO", "assunto": "Atesta que Ruiter Silva de Oliveira acompanhou Ana Paula Arantes em consulta m\u00e9dica no dia 03/12/2025"}, {"id": "8868", "ano": "2025", "numero": "57", "tipo__sigla": "PARE", "tipo__descricao": "PARECER", "assunto": "Parecer Jur\u00eddico - Prorroga\u00e7\u00e3o de Contrato Tempor\u00e1rio - Resposta ao Of\u00edcio 30 - 25 da Presid\u00eancia."}, {"id": "9119", "ano": "2025", "numero": "57", "tipo__sigla": "OR", "tipo__descricao": "OF\u00cdCIOS RECEBIDOS", "assunto": "Entrega do contrato f\u00edsico do CONV\u00caNIO PARA EMPR\u00c9STIMOS COM DESCONTO EM FOLHA DE PAGAMENTO"}, {"id": "9135", "ano": "2025", "numero": "57", "tipo__sigla": "OFEXP", "tipo__descricao": "Of\u00edcio Expedido", "assunto": "Encaminha o requerimento 01 da comiss\u00e3o de Educa\u00e7\u00e3o, Sa\u00fade e Assist\u00eancia Social"}, {"id": "9184", "ano": "2025", "numero": "57", "tipo__sigla": "REV", "tipo__descricao": "Relat\u00f3rios de rodagem do ve\u00edculo e outros", "assunto": "Relat\u00f3rio rodagem- Itabirito - 12/05/2025 a 16/05/2025\r\nLevar funcion\u00e1rios Ruiter de Oliveira e Cleber de Brito na C\u00e2mara Municipal de  Itabirito para fazer curso de capacita\u00e7\u00e3o de SAPL"}, {"id": "9471", "ano": "2025", "numero": "57", "tipo__sigla": "DI", "tipo__descricao": "Di\u00e1rias e documentos relativos", "assunto": "Requisi\u00e7\u00e3o de di\u00e1rias Rafael Teixeira Nogueira (Belo Horizonte - 23/07/2025 a 25/07/2025)"}, {"id": "9772", "ano": "2025", "numero": "57", "tipo__sigla": "MEM", "tipo__descricao": "Memorando", "assunto": "Solicita autoriza\u00e7\u00e3o para levar o notebook"}, {"id": "10014", "ano": "2025", "numero": "57", "tipo__sigla": "ODC", "tipo__descricao": "Of\u00edcio/documento Cont\u00e1bil", "assunto": "Informa per\u00edodo de f\u00e9rias para compor escala de f\u00e9rias de 2026"}, {"id": "10099", "ano": "2025", "numero": "57", "tipo__sigla": "OCI", "tipo__descricao": "Of\u00edcios da Controladoria Interna", "assunto": "OF\u00cdCIO DA CONTROLADORIA INTERNA N.\u00ba 55/2025\r\nSantana da Vargem, 16 de dezembro de 2025.\r\nASSUNTO: RELAT\u00d3RIO MENSAL dezembro/ 2025\r\n\u00c0 Excelent\u00edssima Sra. Bruna Renata Teodoro Silva\r\n\u00c0 Contabilidade\r\nCumprimentando-as cordialmente, venho por meio deste apresentar RELAT\u00d3RIO MENSAL NOVEMBRO/2025, para vosso conhecimento e provid\u00eancias EM RELA\u00c7\u00c3O \u00c0S RECOMENDA\u00c7\u00d5ES FEITAS."}, {"id": "8887", "ano": "2025", "numero": "58", "tipo__sigla": "PARE", "tipo__descricao": "PARECER", "assunto": "Parecer Jur\u00eddico - Dispensa - Utens\u00edlio dom\u00e9stico"}, {"id": "9126", "ano": "2025", "numero": "58", "tipo__sigla": "OR", "tipo__descricao": "OF\u00cdCIOS RECEBIDOS", "assunto": "Solicita\u00e7\u00e3o de atestado de capacidade t\u00e9cnica AUTO POSTO TEOMARA MAISE CORRETA LTDA"}, {"id": "9160", "ano": "2025", "numero": "58", "tipo__sigla": "OFEXP", "tipo__descricao": "Of\u00edcio Expedido", "assunto": "Solicita\u00e7\u00e3o de emiss\u00e3o de guias"}, {"id": "9185", "ano": "2025", "numero": "58", "tipo__sigla": "REV", "tipo__descricao": "Relat\u00f3rios de rodagem do ve\u00edculo e outros", "assunto": "Relat\u00f3rio de rodagem - Santana da Vargem \r\nData: 12/05/2025 \r\nLevar diretor Rafael para abastecer o ve\u00edculo no auto posto Teomara Maise Correa - Valor R$236,30 no KM 1989"}, {"id": "9472", "ano": "2025", "numero": "58", "tipo__sigla": "DI", "tipo__descricao": "Di\u00e1rias e documentos relativos", "assunto": "Requisi\u00e7\u00e3o de di\u00e1rias Isabela Louren\u00e7\u00e3o Messias (Belo Horizonte  23/07/2025 a 25/07/2025)"}, {"id": "9805", "ano": "2025", "numero": "58", "tipo__sigla": "MEM", "tipo__descricao": "Memorando", "assunto": "Encaminha Of\u00edcio 052/2025 do Assistente Legislativo"}, {"id": "10021", "ano": "2025", "numero": "58", "tipo__sigla": "ODC", "tipo__descricao": "Of\u00edcio/documento Cont\u00e1bil", "assunto": "Resposta vereador Luiz Felipe Mendon\u00e7a Rodrigues"}, {"id": "8911", "ano": "2025", "numero": "59", "tipo__sigla": "PARE", "tipo__descricao": "PARECER", "assunto": "Of\u00edcio 04 - Procuradoria - Solicita\u00e7\u00e3o de Curso."}, {"id": "9152", "ano": "2025", "numero": "59", "tipo__sigla": "OFEXP", "tipo__descricao": "Of\u00edcio Expedido", "assunto": "solicita  a troca  das bandeiras do mastro da C\u00e2mara Municipal de Santana da Vargem  tendo em vista que h\u00e1 no estoque bandeiras novas e as que est\u00e3o no mastro apresentam mas condi\u00e7\u00f5es"}, {"id": "9153", "ano": "2025", "numero": "59", "tipo__sigla": "OR", "tipo__descricao": "OF\u00cdCIOS RECEBIDOS", "assunto": "Of\u00edcio recebido justificativas para aprova\u00e7\u00e3o do projeto de lei n\u00ba 34 de  2025 Projeto M\u00e3os dadas"}, {"id": "9209", "ano": "2025", "numero": "59", "tipo__sigla": "REV", "tipo__descricao": "Relat\u00f3rios de rodagem do ve\u00edculo e outros", "assunto": "Relat\u00f3rio de rodagem do ve\u00edculo oficial\r\nLocal: Santana da Vargem\r\nHor\u00e1rio: 09:50\r\nLevar Diretor Rafael no Mercado do Roni e no PSF"}, {"id": "9478", "ano": "2025", "numero": "59", "tipo__sigla": "DI", "tipo__descricao": "Di\u00e1rias e documentos relativos", "assunto": "Requisi\u00e7\u00e3o de di\u00e1rias Ruiter Silva de Oliveira (Belo Horizonte - 23/07/2025 a 25/07/2025)"}, {"id": "9844", "ano": "2025", "numero": "59", "tipo__sigla": "MEM", "tipo__descricao": "Memorando", "assunto": "Solicita\u00e7\u00e3o de concess\u00e3o de acesso ao grau imediatamente superior na carreira"}, {"id": "10039", "ano": "2025", "numero": "59", "tipo__sigla": "ODC", "tipo__descricao": "Of\u00edcio/documento Cont\u00e1bil", "assunto": "Informa\u00e7\u00f5es sobre dota\u00e7\u00f5es do Projeto /Atividade Escola do Legislativo"}, {"id": "8942", "ano": "2025", "numero": "60", "tipo__sigla": "PARE", "tipo__descricao": "PARECER", "assunto": "Parecer Jur\u00eddico - Projeto de Lei Ordin\u00e1ria n. 33 - 2025 - Autorizada altera\u00e7\u00e3o das tabelas or\u00e7ament\u00e1rias contidas nas leis municipais de n. 1.833, 1.835 e 1849 todas do ano de 2025"}, {"id": "9155", "ano": "2025", "numero": "60", "tipo__sigla": "OR", "tipo__descricao": "OF\u00cdCIOS RECEBIDOS", "assunto": "Encaminha relat\u00f3rio de estimativa de impacto or\u00e7ament\u00e1rio-financeiro referente ao projeto de lei complementar 007/2025"}, {"id": "9168", "ano": "2025", "numero": "60", "tipo__sigla": "OFEXP", "tipo__descricao": "Of\u00edcio Expedido", "assunto": "Encaminha o processo de presta\u00e7\u00e3o de contas do exerc\u00edcio 2022"}, {"id": "9210", "ano": "2025", "numero": "60", "tipo__sigla": "REV", "tipo__descricao": "Relat\u00f3rios de rodagem do ve\u00edculo e outros", "assunto": "Relat\u00f3rio de rodagem\r\nData: 19/05/2025\r\nHor\u00e1rio: 11:20\r\nLevar Diretor Rafael e presidente Bruna Teodoro no sindicato dos Trabalhadores Rurais"}, {"id": "9484", "ano": "2025", "numero": "60", "tipo__sigla": "DI", "tipo__descricao": "Di\u00e1rias e documentos relativos", "assunto": "Requerimento de adiantamento para abastecimento e estacionamento quanto em deslocamento (Belo Horizonte 16/07/2025)"}, {"id": "9876", "ano": "2025", "numero": "60", "tipo__sigla": "MEM", "tipo__descricao": "Memorando", "assunto": "Solicita autoriza\u00e7\u00e3o para participar em curso de capacita\u00e7\u00e3o e concess\u00e3o de di\u00e1rias, ve\u00edculo e motorista"}, {"id": "10040", "ano": "2025", "numero": "60", "tipo__sigla": "ODC", "tipo__descricao": "Of\u00edcio/documento Cont\u00e1bil", "assunto": "Solicita emiss\u00e3o de guias junto a Prefeitura Municipal de Santana da Vargem para recolhimento de IRRF e aplica\u00e7\u00f5es auferidas da conta da C\u00e2mara Municipal novembro de 2025"}, {"id": "8946", "ano": "2025", "numero": "61", "tipo__sigla": "PARE", "tipo__descricao": "PARECER", "assunto": "Parecer Jur\u00eddico - Endosso Seguro - Possibilidade."}, {"id": "9170", "ano": "2025", "numero": "61", "tipo__sigla": "OR", "tipo__descricao": "OF\u00cdCIOS RECEBIDOS", "assunto": "Resposta of\u00edcio 01/2025 do vereador Luiz Felipe Mendon\u00e7a Rodrigues - Chamamento P\u00fablico para Credenciamento de Cl\u00ednicas M\u00e9dicas Veterin\u00e1rias"}, {"id": "9172", "ano": "2025", "numero": "61", "tipo__sigla": "OFEXP", "tipo__descricao": "Of\u00edcio Expedido", "assunto": "Encaminha o projeto de Lei ordin\u00e1rio  n\u00ba 57/2025 e projeto de lei complementar n\u00ba 006/2025 e projeto de lei ordin\u00e1ria do legislativo n\u00ba 006/2025 aprovados na  sess\u00e3o ordin\u00e1ria do dia 12 de maio"}, {"id": "9231", "ano": "2025", "numero": "61", "tipo__sigla": "REV", "tipo__descricao": "Relat\u00f3rios de rodagem do ve\u00edculo e outros", "assunto": "Relat\u00f3rio rodagem\r\nData ida: 21/05/2025\r\nHor\u00e1rio: 9h20min\r\nLevar diretor Rafael no mercado do Roni"}, {"id": "9485", "ano": "2025", "numero": "61", "tipo__sigla": "DI", "tipo__descricao": "Di\u00e1rias e documentos relativos", "assunto": "Requerimento de adiantamento para abastecimento e estacionamento quanto em deslocamento (Belo Horizonte 23/07/2025)"}, {"id": "9877", "ano": "2025", "numero": "61", "tipo__sigla": "MEM", "tipo__descricao": "Memorando", "assunto": "Solicita altera\u00e7\u00e3o dos benefici\u00e1rios dependentes inclusos no plano de sa\u00fade"}, {"id": "10147", "ano": "2025", "numero": "61", "tipo__sigla": "ODC", "tipo__descricao": "Of\u00edcio/documento Cont\u00e1bil", "assunto": "Solicita emiss\u00e3o de guias junto a Prefeitura Municipal de Santana da Vargem para recolhimento de IRRF e aplica\u00e7\u00f5es auferidas da conta da C\u00e2mara Municipal de Santana da Vargem"}, {"id": "8947", "ano": "2025", "numero": "62", "tipo__sigla": "PARE", "tipo__descricao": "PARECER", "assunto": "Parecer jur\u00eddico - Aditivo Contratual - Amplia\u00e7\u00e3o da Sede da C\u00e2mara."}, {"id": "9173", "ano": "2025", "numero": "62", "tipo__sigla": "OFEXP", "tipo__descricao": "Of\u00edcio Expedido", "assunto": "Encaminha o of\u00edcio n\u00ba 010/2025"}, {"id": "9180", "ano": "2025", "numero": "62", "tipo__sigla": "OR", "tipo__descricao": "OF\u00cdCIOS RECEBIDOS", "assunto": "Resposta ao of\u00edcio 002/2025 da Comiss\u00e3o de  Educa\u00e7\u00e3o, Sa\u00fade e Assist\u00eancia Social"}, {"id": "9232", "ano": "2025", "numero": "62", "tipo__sigla": "REV", "tipo__descricao": "Relat\u00f3rios de rodagem do ve\u00edculo e outros", "assunto": "Relat\u00f3rio de rodagem\r\nData de ida: 22/05/2025\r\nHor\u00e1rio: 9h20min\r\nLevar Diretor Rafael no escrit\u00f3rio de internet"}, {"id": "9491", "ano": "2025", "numero": "62", "tipo__sigla": "DI", "tipo__descricao": "Di\u00e1rias e documentos relativos", "assunto": "Requisi\u00e7\u00e3o de di\u00e1rias Jackson Luiz Ven\u00e2ncio de Souza (Belo Horizonte- 29/07/2025 a 01/08/2025)"}, {"id": "9878", "ano": "2025", "numero": "62", "tipo__sigla": "MEM", "tipo__descricao": "Memorando", "assunto": "Solicita autoriza\u00e7\u00e3o para realiza\u00e7\u00e3o de hor\u00e1rio divergente de expediente"}, {"id": "8957", "ano": "2025", "numero": "63", "tipo__sigla": "PARE", "tipo__descricao": "PARECER", "assunto": "Parecer Jur\u00eddico - Inexigibilidade - Curso E-Social."}, {"id": "9181", "ano": "2025", "numero": "63", "tipo__sigla": "OFEXP", "tipo__descricao": "Of\u00edcio Expedido", "assunto": "Informa a Comiss\u00e3o de Sa\u00fade  que as informa\u00e7\u00f5es complementares solicitadas ao executivo no of\u00edcio 01 da referida comiss\u00e3o   foram respondidas pelo prefeito municipal atrav\u00e9s do of\u00edcio 138/2025"}, {"id": "9190", "ano": "2025", "numero": "63", "tipo__sigla": "OR", "tipo__descricao": "OF\u00cdCIOS RECEBIDOS", "assunto": "Documentos para o projeto de lei n 60/2025"}, {"id": "9238", "ano": "2025", "numero": "63", "tipo__sigla": "REV", "tipo__descricao": "Relat\u00f3rios de rodagem do ve\u00edculo e outros", "assunto": "Relat\u00f3rio de rodagem Emerson Silva Ara\u00fajo \r\nLocal: Santana da Vargem\r\nData: 23/05/2025\r\nLevar Diretor Rafael e funcion\u00e1rio Ruiter para reunir e despachar com a presidente"}, {"id": "9492", "ano": "2025", "numero": "63", "tipo__sigla": "DI", "tipo__descricao": "Di\u00e1rias e documentos relativos", "assunto": "Requisi\u00e7\u00e3o de di\u00e1rias Everton Paulo Ara\u00fajo (Belo Horizonte - 29/07/2025 a 01/08/2025)"}, {"id": "9920", "ano": "2025", "numero": "63", "tipo__sigla": "MEM", "tipo__descricao": "Memorando", "assunto": "Solicita autoriza\u00e7\u00e3o para levar o notebook da C\u00e2mara"}, {"id": "9007", "ano": "2025", "numero": "64", "tipo__sigla": "PARE", "tipo__descricao": "PARECER", "assunto": "Parecer Jur\u00eddico - Projeto de Lei Ordin\u00e1ria n. 35 - 2025 - Abertura de Cr\u00e9dito Adicional Especial R$ 877,51 (oitocentos e setenta e sete reais e cinquenta e um centavos); Super\u00e1vit Financeiro"}, {"id": "9191", "ano": "2025", "numero": "64", "tipo__sigla": "OR", "tipo__descricao": "OF\u00cdCIOS RECEBIDOS", "assunto": "Of\u00edcio recebido - resposta ao of\u00edcio n\u00ba 10 do vereador Paulo Jos\u00e9"}, {"id": "9197", "ano": "2025", "numero": "64", "tipo__sigla": "OFEXP", "tipo__descricao": "Of\u00edcio Expedido", "assunto": "Resposta ao of\u00edcio n\u00ba 9.482/2025/TCEMG"}, {"id": "9239", "ano": "2025", "numero": "64", "tipo__sigla": "REV", "tipo__descricao": "Relat\u00f3rios de rodagem do ve\u00edculo e outros", "assunto": "Relat\u00f3rio de Rodagem do ve\u00edculo \r\nLocalidade: Tr\u00eas Pontas-MG\r\nData: 23/05/2025\r\nLevar Diretor Rafael para discutir assunto com fornecedores"}, {"id": "9504", "ano": "2025", "numero": "64", "tipo__sigla": "DI", "tipo__descricao": "Di\u00e1rias e documentos relativos", "assunto": "Requerimento de adiantamento para abastecimento e estacionamento quanto em deslocamento - Belo Horizonte 29/07/2025 a 01/08/2025"}, {"id": "9958", "ano": "2025", "numero": "64", "tipo__sigla": "MEM", "tipo__descricao": "Memorando", "assunto": "Solicita autoriza\u00e7\u00e3o para levar notebook para viagem a Belo Horizonte"}, {"id": "9011", "ano": "2025", "numero": "65", "tipo__sigla": "PARE", "tipo__descricao": "PARECER", "assunto": "Parecer Jur\u00eddico - Projeto de Lei Ordin\u00e1ria n. 37 - 2025 - Abertura de Cr\u00e9dito Adicional Especial R$ 17.288,20 (dezessete mil duzentos e oitenta e oito reais e vinte centavos)); Super\u00e1vit Financeiro"}, {"id": "9192", "ano": "2025", "numero": "65", "tipo__sigla": "OR", "tipo__descricao": "OF\u00cdCIOS RECEBIDOS", "assunto": "Of\u00edcio recebido- resposta ao of\u00edcio n\u00ba 57 de 2025 da Comiss\u00e3o de Educa\u00e7\u00e3o Sa\u00fade e Assist\u00eancia Social"}, {"id": "9226", "ano": "2025", "numero": "65", "tipo__sigla": "OFEXP", "tipo__descricao": "Of\u00edcio Expedido", "assunto": "Encaminha o projeto de lei ordin\u00e1ria 56/2025 , projeto de lei 32/2025, projeto de lei 60/2025 aprovados em sess\u00e3o extraordin\u00e1ria"}, {"id": "9243", "ano": "2025", "numero": "65", "tipo__sigla": "REV", "tipo__descricao": "Relat\u00f3rios de rodagem do ve\u00edculo e outros", "assunto": "Relat\u00f3rio rodagem ve\u00edculo \r\nLocalidade: Santana da Vargem\r\nData: 26/05/2025\r\nLevar o Diretor Rafael no auto posto Teomara Maise Correa para abastecer o carro"}, {"id": "9511", "ano": "2025", "numero": "65", "tipo__sigla": "DI", "tipo__descricao": "Di\u00e1rias e documentos relativos", "assunto": "Relat\u00f3rio e presta\u00e7\u00e3o de contas Emerson Silva Ara\u00fajo - Belo Horizonte 16/07/2025 a 18/07/2025"}, {"id": "9969", "ano": "2025", "numero": "65", "tipo__sigla": "MEM", "tipo__descricao": "Memorando", "assunto": "Informa gozo de f\u00e9rias para o exerc\u00edcio 2026, referente ao per\u00edodo aquisitivo 2024 a 2025 - Larissa Oliveira Naves"}, {"id": "9013", "ano": "2025", "numero": "66", "tipo__sigla": "PARE", "tipo__descricao": "PARECER", "assunto": "Parecer Jur\u00eddico - Projeto de Lei Ordin\u00e1ria n. 38 - 2025 - Abertura de Cr\u00e9dito Adicional Especial R$ 117.802,42 (cento e dezessete mil oitocentos e dois reais e quarenta e dois centavos); Super\u00e1vit Financeiro"}, {"id": "9193", "ano": "2025", "numero": "66", "tipo__sigla": "OR", "tipo__descricao": "OF\u00cdCIOS RECEBIDOS", "assunto": "Of\u00edcio recebido - resposta ao of\u00edcio 03/2025 o vereador Jackson Luiz Ven\u00e2ncio de Souza"}, {"id": "9228", "ano": "2025", "numero": "66", "tipo__sigla": "OFEXP", "tipo__descricao": "Of\u00edcio Expedido", "assunto": "Resposta ao of\u00edcio 021 da controladoria interna"}, {"id": "9267", "ano": "2025", "numero": "66", "tipo__sigla": "REV", "tipo__descricao": "Relat\u00f3rios de rodagem do ve\u00edculo e outros", "assunto": "Relat\u00f3rio Rodagem do Ve\u00edculo Oficial\r\nLocalidade: Belo Horizonte/MG\r\nData: 27/05/2025\r\nLevar Vereadores Everton Paulo Ara\u00fajo e Jackson para fazer curso de capacita\u00e7\u00e3o"}, {"id": "9512", "ano": "2025", "numero": "66", "tipo__sigla": "DI", "tipo__descricao": "Di\u00e1rias e documentos relativos", "assunto": "Relat\u00f3rio e presta\u00e7\u00e3o de contas Bruna Renata Teodoro Silva (Belo Horizonte- 16/07/2025 a 18/07/2025)"}, {"id": "9991", "ano": "2025", "numero": "66", "tipo__sigla": "MEM", "tipo__descricao": "Memorando", "assunto": "Cronograma de f\u00e9rias 2026 Cleber de Brito"}, {"id": "9015", "ano": "2025", "numero": "67", "tipo__sigla": "PARE", "tipo__descricao": "PARECER", "assunto": "Parecer Jur\u00eddico - Projeto de Lei Ordin\u00e1ria n. 39 - 2025 - Abertura de Cr\u00e9dito Adicional Especial R$ 6.543,06 (seis mil quinhentos e quarenta e tr\u00eas reais e seis centavos); Super\u00e1vit Financeiro"}, {"id": "9194", "ano": "2025", "numero": "67", "tipo__sigla": "OR", "tipo__descricao": "OF\u00cdCIOS RECEBIDOS", "assunto": "Of\u00edcio recebido - resposta ao of\u00edcio 053/2025 da presidente da C\u00e2mara Bruna Renata Teodoro Silva"}, {"id": "9233", "ano": "2025", "numero": "67", "tipo__sigla": "OFEXP", "tipo__descricao": "Of\u00edcio Expedido", "assunto": "Solicita que seja disponibilizado 01 kit de irriga\u00e7\u00e3o e barracas para feira"}, {"id": "9297", "ano": "2025", "numero": "67", "tipo__sigla": "REV", "tipo__descricao": "Relat\u00f3rios de rodagem do ve\u00edculo e outros", "assunto": "Destino: Bras\u00edlia-MG\r\nData: 02/06/2025 a 07/06/2025\r\nLevar servidores Ruiter de Oliveira e Cleber de Brito para fazer curso de capacita\u00e7\u00e3o"}, {"id": "9515", "ano": "2025", "numero": "67", "tipo__sigla": "DI", "tipo__descricao": "Di\u00e1rias e documentos relativos", "assunto": "Relat\u00f3rio e presta\u00e7\u00e3o de contas Ant\u00f4nio Afonso de Oliveira (Belo Horizonte- 16/07/2025 a 18/07/2025)"}, {"id": "9992", "ano": "2025", "numero": "67", "tipo__sigla": "MEM", "tipo__descricao": "Memorando", "assunto": "Justifica aus\u00eancia nas atividades no dia 17 de novembro de 2025"}, {"id": "9016", "ano": "2025", "numero": "68", "tipo__sigla": "PARE", "tipo__descricao": "PARECER", "assunto": "Parecer Jur\u00eddico - Projeto de Lei Ordin\u00e1ria n. 40 - 2025 - Abertura de Cr\u00e9dito Adicional EspecialR$ 14.164,05 (quatorze mil cento e sessenta e quatro reais e cinco centavos); Super\u00e1vit Financeiro"}, {"id": "9195", "ano": "2025", "numero": "68", "tipo__sigla": "OR", "tipo__descricao": "OF\u00cdCIOS RECEBIDOS", "assunto": "of\u00edcio recebido - resposta ao requerimento n\u00ba 02/2025 ao of\u00edcio do vereador Jackson Luiz Ven\u00e2ncio de Souza"}, {"id": "9254", "ano": "2025", "numero": "68", "tipo__sigla": "OFEXP", "tipo__descricao": "Of\u00edcio Expedido", "assunto": "Encaminha projetos aprovados na 21\u00aa reuni\u00e3o ordin\u00e1ria"}, {"id": "9302", "ano": "2025", "numero": "68", "tipo__sigla": "REV", "tipo__descricao": "Relat\u00f3rios de rodagem do ve\u00edculo e outros", "assunto": "Relat\u00f3rio rodagem ve\u00edculo\r\nLocalidade: Santana da Vargem\r\nData: 09/06/2025\r\nLevar diretor Rafael e presidente Bruna Renata para discutir assunto com fornecedores"}, {"id": "9518", "ano": "2025", "numero": "68", "tipo__sigla": "DI", "tipo__descricao": "Di\u00e1rias e documentos relativos", "assunto": "Relat\u00f3rio de viagem do curso de LGPD ministrado nos dias 23 a 25 de julho, na cidade de BH."}, {"id": "9997", "ano": "2025", "numero": "68", "tipo__sigla": "MEM", "tipo__descricao": "Memorando", "assunto": "Levar notebook da C\u00e2mara bem como processos legislativos para casa para dar continuidade na realiza\u00e7\u00e3o dos trabalhos"}, {"id": "9017", "ano": "2025", "numero": "69", "tipo__sigla": "PARE", "tipo__descricao": "PARECER", "assunto": "Parecer Jur\u00eddico - Projeto de Lei Ordin\u00e1ria n. 41 - 2025 - Abertura de Cr\u00e9dito Adicional EspecialR$ 2.406,82 (dois mil quatrocentos e seis reais e oitenta e dois centavos); Super\u00e1vit Financeiro"}, {"id": "9196", "ano": "2025", "numero": "69", "tipo__sigla": "OR", "tipo__descricao": "OF\u00cdCIOS RECEBIDOS", "assunto": "Of\u00edcio recebido- resposta ao requerimento n\u00ba 04 de 2025 do vereador Jackson Luiz Ven\u00e2ncio de Souza"}, {"id": "9268", "ano": "2025", "numero": "69", "tipo__sigla": "OFEXP", "tipo__descricao": "Of\u00edcio Expedido", "assunto": "Solicita esclarecimentos e complementa\u00e7\u00f5es t\u00e9cnicas a respeito do Projeto de Lei Ordin\u00e1ria n\u00ba 58/2025"}, {"id": "9314", "ano": "2025", "numero": "69", "tipo__sigla": "REV", "tipo__descricao": "Relat\u00f3rios de rodagem do ve\u00edculo e outros", "assunto": "Relat\u00f3rio de rodagem\r\nLocalidade : Santana da Vargem e Tr\u00eas Pontas\r\nData: 10/06/2025\r\nLevar diretor Rafael e funcion\u00e1rio Ruiter para discutir assunto com fornecedores"}, {"id": "9519", "ano": "2025", "numero": "69", "tipo__sigla": "DI", "tipo__descricao": "Di\u00e1rias e documentos relativos", "assunto": "Relat\u00f3rio e presta\u00e7\u00e3o de contas Isabela Louren\u00e7\u00e3o Messias (Belo Horizonte/MG - 23/07/2025 a 25/07/2025)."}, {"id": "10025", "ano": "2025", "numero": "69", "tipo__sigla": "MEM", "tipo__descricao": "Memorando", "assunto": "Comunica perda de cart\u00e3o da unimed Nadia Batista Ara\u00fajo"}, {"id": "9018", "ano": "2025", "numero": "70", "tipo__sigla": "PARE", "tipo__descricao": "PARECER", "assunto": "Parecer Jur\u00eddico - Projeto de Lei Ordin\u00e1ria n. 42 - 2025 - Abertura de Cr\u00e9dito Adicional EspecialR$ 528,83 (quinhentos e vinte e oito reais e vinte e tr\u00eas centavos); Super\u00e1vit Financeiro"}, {"id": "9221", "ano": "2025", "numero": "70", "tipo__sigla": "OR", "tipo__descricao": "OF\u00cdCIOS RECEBIDOS", "assunto": "Resposta a solicita\u00e7\u00e3o feita pelo vereador Jackson Luiz Ven\u00e2ncio de Souza - Secretaria de Sa\u00fade"}, {"id": "9280", "ano": "2025", "numero": "70", "tipo__sigla": "OFEXP", "tipo__descricao": "Of\u00edcio Expedido", "assunto": "Encaminha o projeto de lei complementar n\u00ba 007/2025 aprovado na sess\u00e3o ordin\u00e1ria do dia 26 de maio"}, {"id": "9319", "ano": "2025", "numero": "70", "tipo__sigla": "REV", "tipo__descricao": "Relat\u00f3rios de rodagem do ve\u00edculo e outros", "assunto": "Relat\u00f3rio de rodagem ve\u00edculo \r\nLocalidade: Santana da Vargem \r\nData: 11/06/2025\r\nLevar diretor Rafael para discutir assunto com fornecedor de internet"}, {"id": "9520", "ano": "2025", "numero": "70", "tipo__sigla": "DI", "tipo__descricao": "Di\u00e1rias e documentos relativos", "assunto": "Relat\u00f3rio e presta\u00e7\u00e3o de contas Rafael Teixeira Nogueira (Belo Horizonte - 23/07/2025 a 25/07/2025)"}, {"id": "10078", "ano": "2025", "numero": "70", "tipo__sigla": "MEM", "tipo__descricao": "Memorando", "assunto": "Solicita\u00e7\u00e3o de revis\u00e3o de ve\u00edculo oficial"}, {"id": "9019", "ano": "2025", "numero": "71", "tipo__sigla": "PARE", "tipo__descricao": "PARECER", "assunto": "Parecer Jur\u00eddico - Projeto de Lei Ordin\u00e1ria n. 43 - 2025 - Abertura de Cr\u00e9dito Adicional Especial R$ 5.036,63 (cinco mil e trinta e seis reais e sessenta e tr\u00eas centavos); Super\u00e1vit Financeiro"}, {"id": "9260", "ano": "2025", "numero": "71", "tipo__sigla": "OR", "tipo__descricao": "OF\u00cdCIOS RECEBIDOS", "assunto": "Encaminha os balancetes de Receitas e Despesas referentes ao m\u00eas de Abril de 2025"}, {"id": "9303", "ano": "2025", "numero": "71", "tipo__sigla": "OFEXP", "tipo__descricao": "Of\u00edcio Expedido", "assunto": "Solicita emiss\u00e3o de guias conforme of\u00edcio n\u00ba 29 do setor de contabilidade"}, {"id": "9325", "ano": "2025", "numero": "71", "tipo__sigla": "REV", "tipo__descricao": "Relat\u00f3rios de rodagem do ve\u00edculo e outros", "assunto": "Relat\u00f3rio de rodagem \r\nLOCALIDADE: Santana da Vargem-MG\r\nDATA: 11/06/2025\r\nLevar funcion\u00e1rio Ruiter para discutir com fornecedores"}, {"id": "9521", "ano": "2025", "numero": "71", "tipo__sigla": "DI", "tipo__descricao": "Di\u00e1rias e documentos relativos", "assunto": "Relat\u00f3rio e presta\u00e7\u00e3o de contas Ruiter Silva de Oliveira (Belo Horizonte - 23/07/2025 a 25/07/2025)"}, {"id": "10088", "ano": "2025", "numero": "71", "tipo__sigla": "MEM", "tipo__descricao": "Memorando", "assunto": "Justificativa de ponto, verifica\u00e7\u00e3o de c\u00e2meras e solicita\u00e7\u00e3o de horas extras"}, {"id": "9020", "ano": "2025", "numero": "72", "tipo__sigla": "PARE", "tipo__descricao": "PARECER", "assunto": "Parecer Jur\u00eddico - Projeto de Lei Ordin\u00e1ria n. 44 - 2025 - Abertura de Cr\u00e9dito Adicional Especial R$ 40.605,49 (quarenta mil e seiscentos e cinco reais e quarenta e nove centavos); Super\u00e1vit Financeiro"}, {"id": "9304", "ano": "2025", "numero": "72", "tipo__sigla": "OFEXP", "tipo__descricao": "Of\u00edcio Expedido", "assunto": "Encaminha a  Reda\u00e7\u00e3o final do projeto de lei ordin\u00e1ria n\u00ba 36 de 27 de mar\u00e7o de 2025"}, {"id": "9307", "ano": "2025", "numero": "72", "tipo__sigla": "OR", "tipo__descricao": "OF\u00cdCIOS RECEBIDOS", "assunto": "Resposta ao of\u00edcio 004 do vereador Jackson Luiz Ven\u00e2ncio de Sousa"}, {"id": "9326", "ano": "2025", "numero": "72", "tipo__sigla": "REV", "tipo__descricao": "Relat\u00f3rios de rodagem do ve\u00edculo e outros", "assunto": "Relat\u00f3rio de rodagem ve\u00edculo\r\nLocal: Santana da Vargem e Tr\u00eas Pontas \r\nData: 11/06/2025\r\nLevar diretor Rafael em com\u00e9rcios local e em Tr\u00eas Pontas na confec\u00e7\u00e3o para busca uniforme"}, {"id": "9522", "ano": "2025", "numero": "72", "tipo__sigla": "DI", "tipo__descricao": "Di\u00e1rias e documentos relativos", "assunto": "Relat\u00f3rio e presta\u00e7\u00e3o de contas Cleber de Brito (Belo Horizonte - 23/07/2025 a 25/07/2025)"}, {"id": "10145", "ano": "2025", "numero": "72", "tipo__sigla": "MEM", "tipo__descricao": "Memorando", "assunto": "Solicita verifica\u00e7\u00e3o de assiduidade"}, {"id": "9021", "ano": "2025", "numero": "73", "tipo__sigla": "PARE", "tipo__descricao": "PARECER", "assunto": "Parecer Jur\u00eddico - Projeto de Lei Ordin\u00e1ria n. 45 - 2025 - Abertura de Cr\u00e9dito Adicional Especial R$ 1.150,80 (mil cento e cinquenta e oitenta centavos); Super\u00e1vit Financeiro"}, {"id": "9308", "ano": "2025", "numero": "73", "tipo__sigla": "OR", "tipo__descricao": "OF\u00cdCIOS RECEBIDOS", "assunto": "Resposta ao of\u00edcio 002/2025 do vereador Everton"}, {"id": "9321", "ano": "2025", "numero": "73", "tipo__sigla": "OFEXP", "tipo__descricao": "Of\u00edcio Expedido", "assunto": "Encaminha projeto de lei ordin\u00e1rio 061, 062, e 063"}, {"id": "9331", "ano": "2025", "numero": "73", "tipo__sigla": "REV", "tipo__descricao": "Relat\u00f3rios de rodagem do ve\u00edculo e outros", "assunto": "Relat\u00f3rio de rodagem \r\nLocalidade: Santana da Vargem\r\nData: 12/06/2025\r\nLevar diretor Rafael em com\u00e9rcio de internet"}, {"id": "9534", "ano": "2025", "numero": "73", "tipo__sigla": "DI", "tipo__descricao": "Di\u00e1rias e documentos relativos", "assunto": "Relat\u00f3rio e presta\u00e7\u00e3o de contas  Emerson Silva Ara\u00fajo (Belo Horizonte- 23/07/2025 a 25/07/2025)"}, {"id": "10146", "ano": "2025", "numero": "73", "tipo__sigla": "MEM", "tipo__descricao": "Memorando", "assunto": "Solicita autoriza\u00e7\u00e3o para cumprimento de jornada divergente no dia 29 de Dezembro de 2025"}, {"id": "9026", "ano": "2025", "numero": "74", "tipo__sigla": "PARE", "tipo__descricao": "PARECER", "assunto": "Parecer Jur\u00eddico - Projeto de Lei Ordin\u00e1ria n. 46 - 2025 - Abertura de Cr\u00e9dito Adicional Especial R$ 250.666,67 (duzentos e cinquenta mil seiscentos e sessenta e seis reais e sessenta e sete centavos); Super\u00e1vit Financeiro"}, {"id": "9310", "ano": "2025", "numero": "74", "tipo__sigla": "OR", "tipo__descricao": "OF\u00cdCIOS RECEBIDOS", "assunto": "Solicita retirada do projeto de lei 58/2025"}, {"id": "9322", "ano": "2025", "numero": "74", "tipo__sigla": "OFEXP", "tipo__descricao": "Of\u00edcio Expedido", "assunto": "Solicita a baixa do ve\u00edculo Renalth Fluence Privilege 2.0 ano/modelo 2015/2016"}, {"id": "9340", "ano": "2025", "numero": "74", "tipo__sigla": "REV", "tipo__descricao": "Relat\u00f3rios de rodagem do ve\u00edculo e outros", "assunto": "Relat\u00f3rio de rodagem \r\nLocalidade: Santana da Vargem - MG\r\nData: 13/06/2025\r\nLevar o diretor Rafael e funcion\u00e1rio Ruiter para discutir assunto com fornecedores"}, {"id": "9540", "ano": "2025", "numero": "74", "tipo__sigla": "DI", "tipo__descricao": "Di\u00e1rias e documentos relativos", "assunto": "Relat\u00f3rio e presta\u00e7\u00e3o de contas Emerson Silva Ara\u00fajo (Belo Horizonte- 29/07/2025 a 01/08/2025)"}, {"id": "9027", "ano": "2025", "numero": "75", "tipo__sigla": "PARE", "tipo__descricao": "PARECER", "assunto": "Parecer Jur\u00eddico - Projeto de Lei Ordin\u00e1ria n. 47 - 2025 - Abertura de Cr\u00e9dito Adicional Especial R$ 250.666,67 (duzentos e cinquenta mil seiscentos e sessenta e seis reais e sessenta e sete centavos); Super\u00e1vit Financeiro"}, {"id": "9311", "ano": "2025", "numero": "75", "tipo__sigla": "OR", "tipo__descricao": "OF\u00cdCIOS RECEBIDOS", "assunto": "Informa que ser\u00e1 remetida nova proposta legislativa de teor do projeto de lei 58/2025"}, {"id": "9347", "ano": "2025", "numero": "75", "tipo__sigla": "REV", "tipo__descricao": "Relat\u00f3rios de rodagem do ve\u00edculo e outros", "assunto": "Relat\u00f3rio de rodagem\r\nLocalidade: Tr\u00eas Pontas\r\nData: 16/06/2025\r\nLevar diretor Rafael em Tr\u00eas Pontas para discutir assunto com fornecedores"}, {"id": "9355", "ano": "2025", "numero": "75", "tipo__sigla": "OFEXP", "tipo__descricao": "Of\u00edcio Expedido", "assunto": "Informa que foi dada baixa no ve\u00edculo Renault Fluence PXO -8225"}, {"id": "9563", "ano": "2025", "numero": "75", "tipo__sigla": "DI", "tipo__descricao": "Di\u00e1rias e documentos relativos", "assunto": "Relat\u00f3rio e presta\u00e7\u00e3o de contas Jackson Luiz Ven\u00e2ncio de Souza"}, {"id": "9028", "ano": "2025", "numero": "76", "tipo__sigla": "PARE", "tipo__descricao": "PARECER", "assunto": "Parecer Jur\u00eddico - Projeto de Lei Ordin\u00e1ria n. 48 - 2025 - Abertura de Cr\u00e9dito Adicional Especial R$ 44.015,99 (quarenta e quatro quinze reais e noventa e nove); Super\u00e1vit Financeiro"}, {"id": "9323", "ano": "2025", "numero": "76", "tipo__sigla": "OR", "tipo__descricao": "OF\u00cdCIOS RECEBIDOS", "assunto": "Resposta ao pedido de provid\u00eancia (indica\u00e7\u00e3o) 003 do vereador Everton Paulo Ara\u00fajo"}, {"id": "9356", "ano": "2025", "numero": "76", "tipo__sigla": "REV", "tipo__descricao": "Relat\u00f3rios de rodagem do ve\u00edculo e outros", "assunto": "Relat\u00f3rio de rodagem \r\nLocalidade: Belo  Horizonte -MG\r\nData: 17/06/2025\r\nLevar procurador legislativo Felipe Tom\u00e9 e vereadores Paulinho e Jackson para curso de capacita\u00e7\u00e3o"}, {"id": "9381", "ano": "2025", "numero": "76", "tipo__sigla": "OFEXP", "tipo__descricao": "Of\u00edcio Expedido", "assunto": "Solicita esclarecimentos e complementa\u00e7\u00f5es t\u00e9cnicas a respeito do Projeto de Lei Ordin\u00e1ria n\u00ba 55 de 2025"}, {"id": "9576", "ano": "2025", "numero": "76", "tipo__sigla": "DI", "tipo__descricao": "Di\u00e1rias e documentos relativos", "assunto": "Relat\u00f3rio e Presta\u00e7\u00e3o de Contas Everton Paulo Ara\u00fajo - Belo Horizonte  (29/07/2025 a 01/08/2025)"}, {"id": "9029", "ano": "2025", "numero": "77", "tipo__sigla": "PARE", "tipo__descricao": "PARECER", "assunto": "Parecer Jur\u00eddico - Projeto de Lei Ordin\u00e1ria n. 49 - 2025 - Abertura de Cr\u00e9dito Adicional EspecialR$ 61.346,34 (sessenta e um mil trezentos e quarenta e seis reais e trinta e quatro centavos); Super\u00e1vit Financeiro"}, {"id": "9377", "ano": "2025", "numero": "77", "tipo__sigla": "REV", "tipo__descricao": "Relat\u00f3rios de rodagem do ve\u00edculo e outros", "assunto": "Relat\u00f3rio de rodagem do ve\u00edculo\r\nLocalidade: Tr\u00eas Pontas\r\nData: 24/06/2025\r\nLevar diretor Rafael nos com\u00e9rcios para discutir assunto com fornecedores"}, {"id": "9388", "ano": "2025", "numero": "77", "tipo__sigla": "OR", "tipo__descricao": "OF\u00cdCIOS RECEBIDOS", "assunto": "Resposta \u00e0 indica\u00e7\u00e3o 008/2025 do vereador Luiz Felipe Mendon\u00e7a Rodrigues"}, {"id": "9404", "ano": "2025", "numero": "77", "tipo__sigla": "OFEXP", "tipo__descricao": "Of\u00edcio Expedido", "assunto": "Solicita esclarecimentos e complementa\u00e7\u00e3o a respeito do projeto de lei complementar 009/2025"}, {"id": "9726", "ano": "2025", "numero": "77", "tipo__sigla": "DI", "tipo__descricao": "Di\u00e1rias e documentos relativos", "assunto": "Requisi\u00e7\u00e3o de di\u00e1rias Ruiter Silva de Oliveira (Belo Horizonte - 16/09/2025 a 19/09/2025)"}, {"id": "9030", "ano": "2025", "numero": "78", "tipo__sigla": "PARE", "tipo__descricao": "PARECER", "assunto": "Parecer Jur\u00eddico - Projeto de Lei Ordin\u00e1ria n. 50 - 2025 - Abertura de Cr\u00e9dito Adicional Especial R$ 14.560,00 (quatorze mil quinhentos e sessenta reais); Super\u00e1vit Financeiro"}, {"id": "9378", "ano": "2025", "numero": "78", "tipo__sigla": "REV", "tipo__descricao": "Relat\u00f3rios de rodagem do ve\u00edculo e outros", "assunto": "Relat\u00f3rio de rodagem \r\nLocalidade: Santana da Vargem-MG\r\nData: 24/06/2025\r\nLevar diretor Rafael nos com\u00e9rcios para discutir assunto com fornecedores"}, {"id": "9389", "ano": "2025", "numero": "78", "tipo__sigla": "OR", "tipo__descricao": "OF\u00cdCIOS RECEBIDOS", "assunto": "Resposta ao of\u00edcio n\u00ba 007/2025 - informa\u00e7\u00f5es sobre cumprimento da Lei Municipal n\u00ba 1.736/2024"}, {"id": "9405", "ano": "2025", "numero": "78", "tipo__sigla": "OFEXP", "tipo__descricao": "Of\u00edcio Expedido", "assunto": "Solicita esclarecimentos e complementa\u00e7\u00f5es t\u00e9cnicas a respeito do projeto de lei n\u00ba 64/2025"}, {"id": "9729", "ano": "2025", "numero": "78", "tipo__sigla": "DI", "tipo__descricao": "Di\u00e1rias e documentos relativos", "assunto": "Requisi\u00e7\u00e3o de di\u00e1rias Rafael Teixeira Nogueira (Belo Horizonte- 16/09/2025 a 19/09/2025)"}, {"id": "9031", "ano": "2025", "numero": "79", "tipo__sigla": "PARE", "tipo__descricao": "PARECER", "assunto": "Parecer Jur\u00eddico - Projeto de Lei Ordin\u00e1ria n. 51 - 2025 - Abertura de Cr\u00e9dito Adicional Especial R$ 35.174,62 (trinta e cinco mil cento e setenta e quatro reais e sessenta e dois centavos); Super\u00e1vit Financeiro"}, {"id": "9390", "ano": "2025", "numero": "79", "tipo__sigla": "REV", "tipo__descricao": "Relat\u00f3rios de rodagem do ve\u00edculo e outros", "assunto": "Relat\u00f3rio rodagem ve\u00edculo\r\nData: 24/06/2025\r\nLocalidade : Santana da Vargem\r\nLevar diretor Rafael para encaminhar of\u00edcio ao Ex prefeito Jos\u00e9 Elias no s\u00edtio dele e para despachar com a presidente"}, {"id": "9391", "ano": "2025", "numero": "79", "tipo__sigla": "OR", "tipo__descricao": "OF\u00cdCIOS RECEBIDOS", "assunto": "Comunica pagamento e emenda parlamentar - indica\u00e7\u00e3o do vereador Paulo Jos\u00e9"}, {"id": "9426", "ano": "2025", "numero": "79", "tipo__sigla": "OFEXP", "tipo__descricao": "Of\u00edcio Expedido", "assunto": "Solicita emiss\u00e3o de parecer jur\u00eddico referente ao projeto de lei ordin\u00e1ria n\u00ba 64/2025 e projeto de lei complementar n\u00ba 09/2025"}, {"id": "9745", "ano": "2025", "numero": "79", "tipo__sigla": "DI", "tipo__descricao": "Di\u00e1rias e documentos relativos", "assunto": "Requerimento de adiantamento para abastecimento e estacionamento quanto em deslocamento Data: 16/07/2025 a 19/07/2025"}, {"id": "9032", "ano": "2025", "numero": "80", "tipo__sigla": "PARE", "tipo__descricao": "PARECER", "assunto": "Parecer Jur\u00eddico - Projeto de Lei Ordin\u00e1ria n. 52 - 2025 - Abertura de Cr\u00e9dito Adicional Especial R$ 50.114,67 (cinquenta mil cento e quatorze reais e sessenta e sete centavos) ; Super\u00e1vit Financeiro"}, {"id": "9394", "ano": "2025", "numero": "80", "tipo__sigla": "REV", "tipo__descricao": "Relat\u00f3rios de rodagem do ve\u00edculo e outros", "assunto": "Localidade: Varginha-MG\r\nData: 26/06/2025\r\nLevar funcion\u00e1rias La\u00eddia e Larissa para participar de curso de Capacita\u00e7\u00e3o"}, {"id": "9396", "ano": "2025", "numero": "80", "tipo__sigla": "OR", "tipo__descricao": "OF\u00cdCIOS RECEBIDOS", "assunto": "Resposta ao pedido de provid\u00eancia 03/2025 Everton Paulo Ara\u00fajo"}, {"id": "9431", "ano": "2025", "numero": "80", "tipo__sigla": "OFEXP", "tipo__descricao": "Of\u00edcio Expedido", "assunto": "Encaminha o requerimento 014 e of\u00edcio 016 do vereador Paulo Jos\u00e9"}, {"id": "9760", "ano": "2025", "numero": "80", "tipo__sigla": "DI", "tipo__descricao": "Di\u00e1rias e documentos relativos", "assunto": "Relat\u00f3rio e presta\u00e7\u00e3o de contas Ruiter Silva de Oliveira (Belo Horizonte- 16/09/2025 a 19/09/2025)"}, {"id": "9049", "ano": "2025", "numero": "81", "tipo__sigla": "PARE", "tipo__descricao": "PARECER", "assunto": "Parecer Jur\u00eddico - Abertura de Cr\u00e9dito Adicional Especial - Super\u00e1vit Financeiro - R$ 5.500,00 (cinco mil quinhentos reais)."}, {"id": "9395", "ano": "2025", "numero": "81", "tipo__sigla": "REV", "tipo__descricao": "Relat\u00f3rios de rodagem do ve\u00edculo e outros", "assunto": "Relat\u00f3rio rodagem \r\nLocalidade: Varginha-MG\r\nLevar funcion\u00e1rias Larissa e La\u00eddia para fazer curso de capacita\u00e7\u00e3o"}, {"id": "9397", "ano": "2025", "numero": "81", "tipo__sigla": "OR", "tipo__descricao": "OF\u00cdCIOS RECEBIDOS", "assunto": "Resposta ao of\u00edcio 12/2025 do vereador Paulo Jos\u00e9"}, {"id": "9440", "ano": "2025", "numero": "81", "tipo__sigla": "OFEXP", "tipo__descricao": "Of\u00edcio Expedido", "assunto": "Solicita esclarecimentos e complementa\u00e7\u00f5es t\u00e9cnicas para o projeto de lei ordin\u00e1ria n\u00ba 67/2025"}, {"id": "9766", "ano": "2025", "numero": "81", "tipo__sigla": "DI", "tipo__descricao": "Di\u00e1rias e documentos relativos", "assunto": "Relat\u00f3rio e presta\u00e7\u00e3o de contas Rafael Teixeira Nogueira (Belo Horizonte - 16/09/2025 a 19/09/2025)"}, {"id": "9050", "ano": "2025", "numero": "82", "tipo__sigla": "PARE", "tipo__descricao": "PARECER", "assunto": "Parecer Jur\u00eddico - Projeto de Lei ordin\u00e1rio n. 36 - 2025 - Desconto em folha de pagamento - consignado sicredi"}, {"id": "9399", "ano": "2025", "numero": "82", "tipo__sigla": "OR", "tipo__descricao": "OF\u00cdCIOS RECEBIDOS", "assunto": "Presta esclarecimentos referente ao projeto de lei 55/2025 \"Disp\u00f5e sobre as diretrizes para elabora\u00e7\u00e3o da lei or\u00e7ament\u00e1ria\""}, {"id": "9408", "ano": "2025", "numero": "82", "tipo__sigla": "REV", "tipo__descricao": "Relat\u00f3rios de rodagem do ve\u00edculo e outros", "assunto": "Relat\u00f3rio de rodagem ve\u00edculo\r\nData: 30/06/2025\r\nLocalidade: Santana da Vargem\r\nLevar diretor Rafael para discutir assunto com fornecedores"}, {"id": "9443", "ano": "2025", "numero": "82", "tipo__sigla": "OFEXP", "tipo__descricao": "Of\u00edcio Expedido", "assunto": "Convoca para reuni\u00e3o extraordin\u00e1ria no dia 07 de julho de 2025"}, {"id": "9840", "ano": "2025", "numero": "82", "tipo__sigla": "DI", "tipo__descricao": "Di\u00e1rias e documentos relativos", "assunto": "Relat\u00f3rio e presta\u00e7\u00e3o de contas Emerson Silva Ara\u00fajo (Belo Horizonte- 16/09/2025 a 19/09/2025)"}, {"id": "9054", "ano": "2025", "numero": "83", "tipo__sigla": "PARE", "tipo__descricao": "PARECER", "assunto": "Parecer Jur\u00eddico - Projeto de Lei Ordin\u00e1ria n. 34 - 2025 - Autoriza ades\u00e3o ao projeto de m\u00e3o dadas - Gov Minas. Municipaliza\u00e7\u00e3o da Escola Estadual Padre Jos\u00e9 Ribeiro."}, {"id": "9400", "ano": "2025", "numero": "83", "tipo__sigla": "OR", "tipo__descricao": "OF\u00cdCIOS RECEBIDOS", "assunto": "Resposta ao of\u00edcio n\u00ba 05/2025 - Jackson Luiz Ven\u00e2ncio de Souza"}, {"id": "9409", "ano": "2025", "numero": "83", "tipo__sigla": "REV", "tipo__descricao": "Relat\u00f3rios de rodagem do ve\u00edculo e outros", "assunto": "Relat\u00f3rio de rodagem do ve\u00edculo oficial\r\nData: 30/06/2025\r\nLocalidade: Santana da Vargem\r\nLevar diretor para discutir assunto com fornecedores"}, {"id": "9444", "ano": "2025", "numero": "83", "tipo__sigla": "OFEXP", "tipo__descricao": "Of\u00edcio Expedido", "assunto": "Convoca para reuni\u00e3o extraordin\u00e1ria no dia 07 de julho de 2025"}, {"id": "9899", "ano": "2025", "numero": "83", "tipo__sigla": "DI", "tipo__descricao": "Di\u00e1rias e documentos relativos", "assunto": "Requisi\u00e7\u00e3o de di\u00e1rias Ruiter Silva de Oliveira (Belo Horizonte- 11/11/2025 a 14/11/2025)"}, {"id": "9056", "ano": "2025", "numero": "84", "tipo__sigla": "PARE", "tipo__descricao": "PARECER", "assunto": "Parecer Jur\u00eddico - Projeto de Lei Ordin\u00e1ria n. 53 - 2025 - Doa\u00e7\u00e3o de im\u00f3vel - Concrelongo."}, {"id": "9401", "ano": "2025", "numero": "84", "tipo__sigla": "OR", "tipo__descricao": "OF\u00cdCIOS RECEBIDOS", "assunto": "Resposta ao requerimento n\u00ba 02/2025 _ Luiz Felipe Mendon\u00e7a Rodrigues"}, {"id": "9421", "ano": "2025", "numero": "84", "tipo__sigla": "REV", "tipo__descricao": "Relat\u00f3rios de rodagem do ve\u00edculo e outros", "assunto": "Relat\u00f3rio de rodagem do ve\u00edculo oficial\r\nLocalidade: Santana da Vargem- MG\r\nData: 01/07/2025\r\nLevar funcion\u00e1rio Ruiter para discutir com fornecedores"}, {"id": "9445", "ano": "2025", "numero": "84", "tipo__sigla": "OFEXP", "tipo__descricao": "Of\u00edcio Expedido", "assunto": "Convoca para reuni\u00e3o extraordin\u00e1ria no dia 07 de julho de 2025"}, {"id": "9900", "ano": "2025", "numero": "84", "tipo__sigla": "DI", "tipo__descricao": "Di\u00e1rias e documentos relativos", "assunto": "Requisi\u00e7\u00e3o de di\u00e1rias Rafael Teixeira Nogueira (Belo Horizonte- 11/11/2025 a 14/11/2025)"}, {"id": "9057", "ano": "2025", "numero": "85", "tipo__sigla": "PARE", "tipo__descricao": "PARECER", "assunto": "Parecer Jur\u00eddico - Dispensa - Combust\u00edvel"}, {"id": "9402", "ano": "2025", "numero": "85", "tipo__sigla": "OR", "tipo__descricao": "OF\u00cdCIOS RECEBIDOS", "assunto": "Resposta ao of\u00edcio n\u00ba 11 de 2025 - Paulo Jos\u00e9 Barbosa"}, {"id": "9422", "ano": "2025", "numero": "85", "tipo__sigla": "REV", "tipo__descricao": "Relat\u00f3rios de rodagem do ve\u00edculo e outros", "assunto": "Relat\u00f3rio de rodagem ve\u00edculo oficial \r\nLocalidade: Coqueiral MG\r\nLevar funcion\u00e1rio Ruiter para discutir com fornecedores"}, {"id": "9446", "ano": "2025", "numero": "85", "tipo__sigla": "OFEXP", "tipo__descricao": "Of\u00edcio Expedido", "assunto": "Convoca para reuni\u00e3o extraordin\u00e1ria no dia 07 de julho de 2025"}, {"id": "9901", "ano": "2025", "numero": "85", "tipo__sigla": "DI", "tipo__descricao": "Di\u00e1rias e documentos relativos", "assunto": "Requisi\u00e7\u00e3o de di\u00e1rias Cleber de Brito (Belo Horizonte- 11/11/2025 a 14/11/2025)"}, {"id": "9058", "ano": "2025", "numero": "86", "tipo__sigla": "PARE", "tipo__descricao": "PARECER", "assunto": "Parecer Jur\u00eddico - Aditivo Contratual - Endosso de Seguro - FLUENCE para TIGO 7 SPORT"}, {"id": "9403", "ano": "2025", "numero": "86", "tipo__sigla": "OR", "tipo__descricao": "OF\u00cdCIOS RECEBIDOS", "assunto": "Resposta ao of\u00edcio 02/2025 - Everton Paulo Ara\u00fajo"}, {"id": "9447", "ano": "2025", "numero": "86", "tipo__sigla": "OFEXP", "tipo__descricao": "Of\u00edcio Expedido", "assunto": "Convoca para reuni\u00e3o extraordin\u00e1ria no dia 07 de julho de 2025"}, {"id": "9452", "ano": "2025", "numero": "86", "tipo__sigla": "REV", "tipo__descricao": "Relat\u00f3rios de rodagem do ve\u00edculo e outros", "assunto": "Localidade: Santana da Vargem -MG\r\nData: 04/07/2025\r\nLevar diretor Rafael para despachar com presidente"}, {"id": "9905", "ano": "2025", "numero": "86", "tipo__sigla": "DI", "tipo__descricao": "Di\u00e1rias e documentos relativos", "assunto": "Requisi\u00e7\u00e3o de di\u00e1rias Luiz Felipe Mendon\u00e7a Rodrigues (Belo Horizonte - 13/11/2025 a 14/11/2025)"}, {"id": "9059", "ano": "2025", "numero": "87", "tipo__sigla": "PARE", "tipo__descricao": "PARECER", "assunto": "Parecer Jur\u00eddico - Veto a emenda \u00e0 lei org\u00e2nica 01 - 2025 - Emenda de Bancada"}, {"id": "9416", "ano": "2025", "numero": "87", "tipo__sigla": "OR", "tipo__descricao": "OF\u00cdCIOS RECEBIDOS", "assunto": "Conforme solicita\u00e7\u00e3o realizada em audi\u00eancia p\u00fablica no dia 30/06/2025 apresenta documenta\u00e7\u00e3o e projeto de fomento - SEC SANTANA ESPORTE CLUBE"}, {"id": "9448", "ano": "2025", "numero": "87", "tipo__sigla": "OFEXP", "tipo__descricao": "Of\u00edcio Expedido", "assunto": "Convoca para reuni\u00e3o extraordin\u00e1ria no dia 07 de julho de 2025"}, {"id": "9473", "ano": "2025", "numero": "87", "tipo__sigla": "REV", "tipo__descricao": "Relat\u00f3rios de rodagem do ve\u00edculo e outros", "assunto": "Relat\u00f3rio de rodagem do ve\u00edculo \r\nLocalidade: Tr\u00eas Pontas\r\nLevar diretor funcion\u00e1rio Ruiter para discutir com fornecedores"}, {"id": "9951", "ano": "2025", "numero": "87", "tipo__sigla": "DI", "tipo__descricao": "Di\u00e1rias e documentos relativos", "assunto": "Requerimento de adiantamento para abastecimento e estacionamento quanto em descolamento"}, {"id": "9062", "ano": "2025", "numero": "88", "tipo__sigla": "PARE", "tipo__descricao": "PARECER", "assunto": "Parecer jur\u00eddico - Projeto de Lei Complementar n.06 - 2025 - Altera o Estatuto dos Servidores - Manuten\u00e7\u00e3o do Quinqu\u00eanio na posse de novo cargo efetivo do Executivo."}, {"id": "9420", "ano": "2025", "numero": "88", "tipo__sigla": "OR", "tipo__descricao": "OF\u00cdCIOS RECEBIDOS", "assunto": "Encaminha relat\u00f3rio do percentual gasto com folha de pagamento  , of\u00edcio da promotoria de justi\u00e7a e c\u00f3pia do saldo hist\u00f3rico das fichas anuladas  para juntada ao projeto de lei ordin\u00e1ria 064/2025"}, {"id": "9449", "ano": "2025", "numero": "88", "tipo__sigla": "OFEXP", "tipo__descricao": "Of\u00edcio Expedido", "assunto": "Convoca para reuni\u00e3o extraordin\u00e1ria no dia 07 de julho de 2025"}, {"id": "9501", "ano": "2025", "numero": "88", "tipo__sigla": "REV", "tipo__descricao": "Relat\u00f3rios de rodagem do ve\u00edculo e outros", "assunto": "Relat\u00f3rio de rodagem do ve\u00edculo \r\nLocalidade: Tr\u00eas Pontas -MG\r\nData: 22/07/2025\r\nLevar diretor Rafael para discutir assuntos com fornecedores"}, {"id": "9961", "ano": "2025", "numero": "88", "tipo__sigla": "DI", "tipo__descricao": "Di\u00e1rias e documentos relativos", "assunto": "Relat\u00f3rio e presta\u00e7\u00e3o de contas Emerson Silva Ara\u00fajo (Belo Horizonte - 11/11/2025)"}, {"id": "9067", "ano": "2025", "numero": "89", "tipo__sigla": "PARE", "tipo__descricao": "PARECER", "assunto": "Parecer Jur\u00eddico - Projeto de Lei Ordin\u00e1rio n. 32 - 2025 - Autoriza ingresso do Munic\u00edpio no cons\u00f3rcio CIMINAS E AMPLA."}, {"id": "9432", "ano": "2025", "numero": "89", "tipo__sigla": "OR", "tipo__descricao": "OF\u00cdCIOS RECEBIDOS", "assunto": "Resposta ao requerimento n\u00ba 05/2025 - Paulo Jos\u00e9 Barbosa"}, {"id": "9450", "ano": "2025", "numero": "89", "tipo__sigla": "OFEXP", "tipo__descricao": "Of\u00edcio Expedido", "assunto": "Convoca para reuni\u00e3o extraordin\u00e1ria no dia 07 de julho de 2025"}, {"id": "9502", "ano": "2025", "numero": "89", "tipo__sigla": "REV", "tipo__descricao": "Relat\u00f3rios de rodagem do ve\u00edculo e outros", "assunto": "Relat\u00f3rio de rodagem do ve\u00edculo \r\nLocalidade Belo Horizonte \r\nData 16/07/2025 e 18/07/2025\r\nLevar presidente Bruna Renata e vereador Antonio do Senar para participar de evento no Instituto Tiradentes"}, {"id": "9973", "ano": "2025", "numero": "89", "tipo__sigla": "DI", "tipo__descricao": "Di\u00e1rias e documentos relativos", "assunto": "Relat\u00f3rio e presta\u00e7\u00e3o de contas Emerson Silva Ara\u00fajo\r\nLocalidade: Belo Horizonte\r\nData: 14/11/2025"}, {"id": "9075", "ano": "2025", "numero": "90", "tipo__sigla": "PARE", "tipo__descricao": "PARECER", "assunto": "Parecer Jur\u00eddico - Projeto de Lei Ordin\u00e1ria do Legislativo n. 06 - 2025 - Altera a Lei de di\u00e1rias do Poder Legislativo Municipal."}, {"id": "9436", "ano": "2025", "numero": "90", "tipo__sigla": "OR", "tipo__descricao": "OF\u00cdCIOS RECEBIDOS", "assunto": "Requerimento de declara\u00e7\u00e3o de tempo de servi\u00e7o e c\u00f3pia de documentos funcionais"}, {"id": "9451", "ano": "2025", "numero": "90", "tipo__sigla": "OFEXP", "tipo__descricao": "Of\u00edcio Expedido", "assunto": "resposta ao Of\u00edcio n\u00ba. 424/2025/3\u00aaPJTP, solicitar a prorroga\u00e7\u00e3o de prazo para resposta"}, {"id": "9503", "ano": "2025", "numero": "90", "tipo__sigla": "REV", "tipo__descricao": "Relat\u00f3rios de rodagem do ve\u00edculo e outros", "assunto": "Relat\u00f3rio de rodagem do ve\u00edculo \r\nLocalidade Santana da Vargem \r\nData 22/07/2025\r\nLevar diretor Rafael para abastecer o carro , km 6, 928 Valor R$220.28"}, {"id": "9974", "ano": "2025", "numero": "90", "tipo__sigla": "DI", "tipo__descricao": "Di\u00e1rias e documentos relativos", "assunto": "Relat\u00f3rio e presta\u00e7\u00e3o de contas Cleber de Brito (Belo Horizonte - 11/11/2025 a 14/11/2025)"}, {"id": "9080", "ano": "2025", "numero": "91", "tipo__sigla": "PARE", "tipo__descricao": "PARECER", "assunto": "Parecer Jur\u00eddico - Projeto de Lei Ordin\u00e1ria n. 55 - 2025 - Lei de Diretrizes Or\u00e7ament\u00e1rias para o exerc\u00edcio financeiro de 2026."}, {"id": "9439", "ano": "2025", "numero": "91", "tipo__sigla": "OR", "tipo__descricao": "OF\u00cdCIOS RECEBIDOS", "assunto": "Encaminha c\u00f3pia do saldo hist\u00f3rico das fichas anuladas (doc. 01) - projeto de lei ordin\u00e1ria n\u00ba 067/2025"}, {"id": "9459", "ano": "2025", "numero": "91", "tipo__sigla": "OFEXP", "tipo__descricao": "Of\u00edcio Expedido", "assunto": "Encaminha os projetos de lei aprovados na reuni\u00e3o extraordin\u00e1ria do dia 07 de julho de 2025"}, {"id": "9535", "ano": "2025", "numero": "91", "tipo__sigla": "REV", "tipo__descricao": "Relat\u00f3rios de rodagem do ve\u00edculo e outros", "assunto": "Localidade: Belo Horizonte\r\nData: 23/07/2025\r\nLevar diretor Rafael e funcion\u00e1rios Ruiter, Isabela e Cleber para fazer curso de capacita\u00e7\u00e3o"}, {"id": "9975", "ano": "2025", "numero": "91", "tipo__sigla": "DI", "tipo__descricao": "Di\u00e1rias e documentos relativos", "assunto": "Relat\u00f3rio e presta\u00e7\u00e3o de contas Ruiter Silva de Oliveira (Belo Horizonte 11/11/2025 a 14/11/2025)"}, {"id": "9102", "ano": "2025", "numero": "92", "tipo__sigla": "PARE", "tipo__descricao": "PARECER", "assunto": "Parecer Jur\u00eddico - Projeto de Lei Ordin\u00e1ria n. 56 - 2025 - Abertura de Cr\u00e9dito Adicional Especial - Superavit Financeiro - R$ 117.802,42 (cento e dezessete mil oitocentos e dois reais e quarenta e dois centavos)"}, {"id": "9441", "ano": "2025", "numero": "92", "tipo__sigla": "OR", "tipo__descricao": "OF\u00cdCIOS RECEBIDOS", "assunto": "Resposta ao requerimento n\u00ba 01/2025 - Silmara Girlaine Hon\u00f3rio"}, {"id": "9464", "ano": "2025", "numero": "92", "tipo__sigla": "OFEXP", "tipo__descricao": "Of\u00edcio Expedido", "assunto": "Solicita comiss\u00e3o de compras que efetuem os procedimentos legais para adquirir o curso \"Semin\u00e1rio de Forma\u00e7\u00e3o Legislativa para Parlamentares, Servidores,  Contadores, Procuradores Jur\u00eddicos e Assessores Parlamentares\""}, {"id": "9539", "ano": "2025", "numero": "92", "tipo__sigla": "REV", "tipo__descricao": "Relat\u00f3rios de rodagem do ve\u00edculo e outros", "assunto": "Localidade: Belo Horizonte \r\nData: 01/08/2025\r\nLevar vereadores Paulinho e Jackson para fazer curso de capacita\u00e7\u00e3o"}, {"id": "9976", "ano": "2025", "numero": "92", "tipo__sigla": "DI", "tipo__descricao": "Di\u00e1rias e documentos relativos", "assunto": "Requisi\u00e7\u00e3o de di\u00e1rias Paulo Jos\u00e9 Barbosa (Bras\u00edlia 01/12/2025 a 05/12/2025)"}, {"id": "9110", "ano": "2025", "numero": "93", "tipo__sigla": "PARE", "tipo__descricao": "PARECER", "assunto": "Parecer Jur\u00eddico - Projeto de Lei Ordin\u00e1ria n. 57 - 2025 - Abertura de Cr\u00e9dito Adicional Especial - Super\u00e1vit - R$ 806.674,16 (oitocentos e seis mil seiscentos e setenta e quatro reais e dezesseis centavos)"}, {"id": "9454", "ano": "2025", "numero": "93", "tipo__sigla": "OR", "tipo__descricao": "OF\u00cdCIOS RECEBIDOS", "assunto": "Convida para participar da 15\u00aa Confer\u00eancia Municipal de Assist\u00eancia Social que ser\u00e1 realizada no dia 09 de julho de 2025, a partir das 12h no centro pastoral Santana"}, {"id": "9474", "ano": "2025", "numero": "93", "tipo__sigla": "OFEXP", "tipo__descricao": "Of\u00edcio Expedido", "assunto": "Solicita emiss\u00e3o de guias referente a reten\u00e7\u00e3o na folha dos servidores/vereadores"}, {"id": "9559", "ano": "2025", "numero": "93", "tipo__sigla": "REV", "tipo__descricao": "Relat\u00f3rios de rodagem do ve\u00edculo e outros", "assunto": "Relat\u00f3rio de rodagem de ve\u00edculo \r\nLocalidade: Santana da Vargem \r\nData: 04/08/2025\r\nLevar funcion\u00e1rio Ruiter para discutir nos com\u00e9rcios, e abastecer o ve\u00edculo no KM 8.027 Valor R$284.72 Auto Posto Teomara"}, {"id": "9977", "ano": "2025", "numero": "93", "tipo__sigla": "DI", "tipo__descricao": "Di\u00e1rias e documentos relativos", "assunto": "Requisi\u00e7\u00e3o de di\u00e1rias Everton Paulo Ara\u00fajo (Bras\u00edlia 01/12/2025 a 05/12/2025)"}, {"id": "9127", "ano": "2025", "numero": "94", "tipo__sigla": "PARE", "tipo__descricao": "PARECER", "assunto": "Parecer Jur\u00eddico - Projeto de Lei Complementar n. 07 - 2025 - Cria sete fun\u00e7\u00f5es de confian\u00e7a no organograma do Poder Executivo Municipal."}, {"id": "9456", "ano": "2025", "numero": "94", "tipo__sigla": "OR", "tipo__descricao": "OF\u00cdCIOS RECEBIDOS", "assunto": "Encaminha documenta\u00e7\u00e3o complementar ao projeto de lei complementar 10/2025"}, {"id": "9475", "ano": "2025", "numero": "94", "tipo__sigla": "OFEXP", "tipo__descricao": "Of\u00edcio Expedido", "assunto": "Resposta requerimento Joel Teodoro da Silva"}, {"id": "9560", "ano": "2025", "numero": "94", "tipo__sigla": "REV", "tipo__descricao": "Relat\u00f3rios de rodagem do ve\u00edculo e outros", "assunto": "Localidade: Tr\u00eas Pontas -MG\r\nData:04/08/2025\r\nLevar funcion\u00e1rio Diretor Rafael para discutir assunto com fornecedores"}, {"id": "9978", "ano": "2025", "numero": "94", "tipo__sigla": "DI", "tipo__descricao": "Di\u00e1rias e documentos relativos", "assunto": "Requisi\u00e7\u00e3o de di\u00e1rias Jackson Luiz Ven\u00e2ncio de Souza (Bras\u00edlia 01/12/2025 a 05/12/2025)"}, {"id": "9138", "ano": "2025", "numero": "95", "tipo__sigla": "PARE", "tipo__descricao": "PARECER", "assunto": "Parecer Jur\u00eddico - Dispensa - Mini Salgados"}, {"id": "9469", "ano": "2025", "numero": "95", "tipo__sigla": "OR", "tipo__descricao": "OF\u00cdCIOS RECEBIDOS", "assunto": "Resposta ao of\u00edcio que solicita esclarecimentos acerca da paralisa\u00e7\u00e3o do transporte escolar rural"}, {"id": "9507", "ano": "2025", "numero": "95", "tipo__sigla": "OFEXP", "tipo__descricao": "Of\u00edcio Expedido", "assunto": "Encaminha projeto de lei ordin\u00e1rio do legislativo 007/2025"}, {"id": "9567", "ano": "2025", "numero": "95", "tipo__sigla": "REV", "tipo__descricao": "Relat\u00f3rios de rodagem do ve\u00edculo e outros", "assunto": "Relat\u00f3rio de rodagem\r\nLocalidade: Santana da Vargem\r\nData: 06/08/2025\r\nLevar funcion\u00e1rio Ruiter para discutir assunto com fornecedores"}, {"id": "9996", "ano": "2025", "numero": "95", "tipo__sigla": "DI", "tipo__descricao": "Di\u00e1rias e documentos relativos", "assunto": "Relat\u00f3rio e presta\u00e7\u00e3o de contas Rafael Teixeira Nogueira (Belo Horizonte - 11/11/2025 a 14/11/2025)"}, {"id": "9154", "ano": "2025", "numero": "96", "tipo__sigla": "PARE", "tipo__descricao": "PARECER", "assunto": "Parecer Jur\u00eddico - Projeto de Lei Ordin\u00e1ria n. 58 - Revoga\u00e7\u00e3o de leis do ano de 2011 que doaram terrenos com encargos - Estes n\u00e3o cumpridos pelos benefici\u00e1rios."}, {"id": "9476", "ano": "2025", "numero": "96", "tipo__sigla": "OR", "tipo__descricao": "OF\u00cdCIOS RECEBIDOS", "assunto": "Resposta do of\u00edcio sobre o ensino de inform\u00e1tica na rede municipal"}, {"id": "9508", "ano": "2025", "numero": "96", "tipo__sigla": "OFEXP", "tipo__descricao": "Of\u00edcio Expedido", "assunto": "Responde of\u00edcio 396/2025 3\u00aa PJ - TP"}, {"id": "9575", "ano": "2025", "numero": "96", "tipo__sigla": "REV", "tipo__descricao": "Relat\u00f3rios de rodagem do ve\u00edculo e outros", "assunto": "Localidade: Santana da Vargem\r\nData de ida: 07/08/2025\r\nLevar funcion\u00e1rio Ruiter e diretor Rafael na secretaria"}, {"id": "10049", "ano": "2025", "numero": "96", "tipo__sigla": "DI", "tipo__descricao": "Di\u00e1rias e documentos relativos", "assunto": "Requisi\u00e7\u00e3o de di\u00e1rias Rafael Teixeira Nogueira (Divin\u00f3polis- 11/12/2025)"}, {"id": "9158", "ano": "2025", "numero": "97", "tipo__sigla": "PARE", "tipo__descricao": "PARECER", "assunto": "Parecer Jur\u00eddico - Dispensa - Internet"}, {"id": "9477", "ano": "2025", "numero": "97", "tipo__sigla": "OR", "tipo__descricao": "OF\u00cdCIOS RECEBIDOS", "assunto": "Of\u00edcio em resposta ao of\u00edcio que requereu informa\u00e7\u00f5es sobre a grade curricular do ensino municipal"}, {"id": "9509", "ano": "2025", "numero": "97", "tipo__sigla": "OFEXP", "tipo__descricao": "Of\u00edcio Expedido", "assunto": "Encaminha manifesta\u00e7\u00e3o da C\u00e2mara Municipal de Santana da Vargem Of\u00edcio 13629/2025 TCE MG (relat\u00f3rio de auditoria interna n\u00ba 03/2025"}, {"id": "9590", "ano": "2025", "numero": "97", "tipo__sigla": "REV", "tipo__descricao": "Relat\u00f3rios de rodagem do ve\u00edculo e outros", "assunto": "Localidade: Santana da Vargem\r\nData: 11/08/2025\r\nLevar funcion\u00e1rio Ruiter e Diretor Rafael na secretaria"}, {"id": "10065", "ano": "2025", "numero": "97", "tipo__sigla": "DI", "tipo__descricao": "Di\u00e1rias e documentos relativos", "assunto": "Relat\u00f3rio  e presta\u00e7\u00e3o de contas Emerson Silva Ara\u00fajo (Bras\u00edlia - 01/12/2025 a 06/12/2025)"}, {"id": "9182", "ano": "2025", "numero": "98", "tipo__sigla": "PARE", "tipo__descricao": "PARECER", "assunto": "Parecer Jur\u00eddico - Projeto de Lei Ordin\u00e1ria n. 60 - 2025 - Abertura de Cr\u00e9dito Adicional Especial - Super\u00e1vit - R$ 40.000,00 (quarenta mil reais)"}, {"id": "9499", "ano": "2025", "numero": "98", "tipo__sigla": "OR", "tipo__descricao": "OF\u00cdCIOS RECEBIDOS", "assunto": "Pedido de declara\u00e7\u00e3o de Utilidade P\u00fablica - Santana Esporte Clube"}, {"id": "9513", "ano": "2025", "numero": "98", "tipo__sigla": "OFEXP", "tipo__descricao": "Of\u00edcio Expedido", "assunto": "Encaminha o projeto de lei complementar 01/2025 aprovado no dia 07 de julho de 2025"}, {"id": "9591", "ano": "2025", "numero": "98", "tipo__sigla": "REV", "tipo__descricao": "Relat\u00f3rios de rodagem do ve\u00edculo e outros", "assunto": "Relat\u00f3rio de Rodagem do Ve\u00edculo Automotor \r\nLocalidade : Santana da Vargem \r\nData: 12/08/2025\r\nLevar diretor e Larissa no almoxarifado"}, {"id": "10076", "ano": "2025", "numero": "98", "tipo__sigla": "DI", "tipo__descricao": "Di\u00e1rias e documentos relativos", "assunto": "Relat\u00f3rio e presta\u00e7\u00e3o de contas Jackson Luiz Ven\u00e2ncio de Souza (Bras\u00edlia  01/12/2025 a 06/12/2025)"}, {"id": "9217", "ano": "2025", "numero": "99", "tipo__sigla": "PARE", "tipo__descricao": "PARECER", "assunto": "Parecer Jur\u00eddico - Projeto de Lei Ordin\u00e1ria n. 61 - 2025 - Corre\u00e7\u00e3o das tabelas or\u00e7ament\u00e1rias contidas nas leis municipais n. 1.869, 1.870, 1.871 de 2025."}, {"id": "9500", "ano": "2025", "numero": "99", "tipo__sigla": "OR", "tipo__descricao": "OF\u00cdCIOS RECEBIDOS", "assunto": "Resposta ao of\u00edcio 016 do vereador Paulo Jos\u00e9 Barbosa - Emenda parlamentar R$324.000,00"}, {"id": "9523", "ano": "2025", "numero": "99", "tipo__sigla": "OFEXP", "tipo__descricao": "Of\u00edcio Expedido", "assunto": "Encaminha o or\u00e7amento da c\u00e2mara municipal de santana da vargem para o exerc\u00edcio 2026"}, {"id": "9599", "ano": "2025", "numero": "99", "tipo__sigla": "REV", "tipo__descricao": "Relat\u00f3rios de rodagem do ve\u00edculo e outros", "assunto": "Relat\u00f3rio de Rodagem do Ve\u00edculo Oficial\r\nLocal: Santana da Vargem\r\nData: 13/08/2025\r\nLevar diretor Rafael para despachar com a presidente"}, {"id": "10081", "ano": "2025", "numero": "99", "tipo__sigla": "DI", "tipo__descricao": "Di\u00e1rias e documentos relativos", "assunto": "Relat\u00f3rio e presta\u00e7\u00e3o de contas Everton Paulo Ara\u00fajo (Bras\u00edlia 01/12/2025)"}, {"id": "9218", "ano": "2025", "numero": "100", "tipo__sigla": "PARE", "tipo__descricao": "PARECER", "assunto": "Parecer Jur\u00eddico - Projeto de Lei Ordin\u00e1ria n. 62 - 2025 - Altera a gest\u00e3o do fundo municipal dos direitos da crian\u00e7a e do adolescente."}, {"id": "9505", "ano": "2025", "numero": "100", "tipo__sigla": "OR", "tipo__descricao": "OF\u00cdCIOS RECEBIDOS", "assunto": "Solicita contribui\u00e7\u00e3o para a aquisi\u00e7\u00e3o de ingredientes para fazer jantar no dia 06/08/2025 para os estudantes do ensino m\u00e9dio participantes do VI sarau de poesias"}, {"id": "9524", "ano": "2025", "numero": "100", "tipo__sigla": "OFEXP", "tipo__descricao": "Of\u00edcio Expedido", "assunto": "Resposta ao of\u00edcio n\u00ba 34/2025 da controladoria interna"}, {"id": "9603", "ano": "2025", "numero": "100", "tipo__sigla": "REV", "tipo__descricao": "Relat\u00f3rios de rodagem do ve\u00edculo e outros", "assunto": "Relat\u00f3rio rodagem do ve\u00edculo\r\nLocalidade: Santana da Vargem\r\nData: 14/08/2025\r\nLevar diretor Rafael para despachar com a presidente"}, {"id": "10089", "ano": "2025", "numero": "100", "tipo__sigla": "DI", "tipo__descricao": "Di\u00e1rias e documentos relativos", "assunto": "Relat\u00f3rio e presta\u00e7\u00e3o de contas Emerson Silva Ara\u00fajo (Divin\u00f3polis 11 de Dezembro de 2025)"}, {"id": "9224", "ano": "2025", "numero": "101", "tipo__sigla": "PARE", "tipo__descricao": "PARECER", "assunto": "Parecer Jur\u00eddico - Dispensa - Material de Expediente."}, {"id": "9510", "ano": "2025", "numero": "101", "tipo__sigla": "OR", "tipo__descricao": "OF\u00cdCIOS RECEBIDOS", "assunto": "Encaminha relat\u00f3rio de evolu\u00e7\u00e3o da receita 2026, para elabora\u00e7\u00e3o do or\u00e7amento da C\u00e2mara Municipal de Santana da Vargem"}, {"id": "9525", "ano": "2025", "numero": "101", "tipo__sigla": "OFEXP", "tipo__descricao": "Of\u00edcio Expedido", "assunto": "Solicita esclarecimentos e complementa\u00e7\u00f5es t\u00e9cnicas a respeito do projeto de lei ordin\u00e1rio n\u00ba 68 de 2025"}, {"id": "9640", "ano": "2025", "numero": "101", "tipo__sigla": "REV", "tipo__descricao": "Relat\u00f3rios de rodagem do ve\u00edculo e outros", "assunto": "Relat\u00f3rio de rodagem do ve\u00edculo\r\nLocalidade: Tr\u00eas Pontas\r\nData: 18/08/2025\r\nLevar diretor Rafael para discutir assunto com fornecedores"}, {"id": "10100", "ano": "2025", "numero": "101", "tipo__sigla": "DI", "tipo__descricao": "Di\u00e1rias e documentos relativos", "assunto": "Relat\u00f3rio e Presta\u00e7\u00e3o de contas Rafael Teixeira Nogueira (Divin\u00f3polis -11/12/2025)"}, {"id": "9244", "ano": "2025", "numero": "102", "tipo__sigla": "PARE", "tipo__descricao": "PARECER", "assunto": "Parecer Jur\u00eddico - Projeto de Lei Ordin\u00e1ria n. 58 - 2025 - Visa instituir o programa municipal de distribui\u00e7\u00e3o gratuita de material did\u00e1tico e uniforme escolar na rede municipal de educa\u00e7\u00e3o."}, {"id": "9526", "ano": "2025", "numero": "102", "tipo__sigla": "OFEXP", "tipo__descricao": "Of\u00edcio Expedido", "assunto": "Resposta ao of\u00edcio n\u00ba 430/2025 da 3\u00aa PJ de Tr\u00eas Pontas"}, {"id": "9530", "ano": "2025", "numero": "102", "tipo__sigla": "OR", "tipo__descricao": "OF\u00cdCIOS RECEBIDOS", "assunto": "Solicita retirada de tramita\u00e7\u00e3o do projeto de lei 070/2025"}, {"id": "9641", "ano": "2025", "numero": "102", "tipo__sigla": "REV", "tipo__descricao": "Relat\u00f3rios de rodagem do ve\u00edculo e outros", "assunto": "Relat\u00f3rio de rodagem do ve\u00edculo\r\nData: 21/08/2025\r\nLocalidade: Santana da Vargem \r\nLevar diretor Rafael para despachar com a secret\u00e1ria e a com presidente na Escola Estadual Dona Augusta"}, {"id": "9247", "ano": "2025", "numero": "103", "tipo__sigla": "PARE", "tipo__descricao": "PARECER", "assunto": "Parecer Jur\u00eddico - Inexigibilidade - Curso  Mecanismos Legislativos de Controle, Fiscaliza\u00e7\u00e3o e Julgamento no \u00e2mbito municipal."}, {"id": "9527", "ano": "2025", "numero": "103", "tipo__sigla": "OFEXP", "tipo__descricao": "Of\u00edcio Expedido", "assunto": "Solicita a designa\u00e7\u00e3o de um engenheiro do quadro da prefeitura municipal para que realize vistoria t\u00e9cnica na sede da c\u00e2mara municipal com o objetivo de duas demandas espec\u00edficas"}, {"id": "9531", "ano": "2025", "numero": "103", "tipo__sigla": "OR", "tipo__descricao": "OF\u00cdCIOS RECEBIDOS", "assunto": "Resposta ao Of\u00edcio n\u00ba 015/2025 do vereador Paulo Jos\u00e9 Barbosa"}, {"id": "9659", "ano": "2025", "numero": "103", "tipo__sigla": "REV", "tipo__descricao": "Relat\u00f3rios de rodagem do ve\u00edculo e outros", "assunto": "Relat\u00f3rio de rodagem do ve\u00edculo oficial\r\nLocalidade: Tr\u00eas Pontas - MG\r\nData: 25/08/2025\r\nLevar diretor Rafael para discutir assunto com fornecedores"}, {"id": "9250", "ano": "2025", "numero": "104", "tipo__sigla": "PARE", "tipo__descricao": "PARECER", "assunto": "Parecer Jur\u00eddico - Projeto de Lei Ordin\u00e1ria do Legislativo n. 07 - 2025 - Estabelece o procedimento para a instala\u00e7\u00e3o de infraestrutura de suporte para Esta\u00e7\u00e3o Transmissora de Radiocomunica\u00e7\u00e3o."}, {"id": "9533", "ano": "2025", "numero": "104", "tipo__sigla": "OFEXP", "tipo__descricao": "Of\u00edcio Expedido", "assunto": "Solicita esclarecimentos e complementa\u00e7\u00f5es a respeito do projeto de lei ordin\u00e1rio 069/2025"}, {"id": "9573", "ano": "2025", "numero": "104", "tipo__sigla": "OR", "tipo__descricao": "OF\u00cdCIOS RECEBIDOS", "assunto": "Solicita retirada de tramita\u00e7\u00e3o do Projeto de lei n\u00ba 68/2025"}, {"id": "9682", "ano": "2025", "numero": "104", "tipo__sigla": "REV", "tipo__descricao": "Relat\u00f3rios de rodagem do ve\u00edculo e outros", "assunto": "Relat\u00f3rio de rodagem do ve\u00edculo oficial\r\nLocalidade: Santana da Vargem \r\nData: 27/08/2025\r\nLevar diretor Rafael para despachar com a presidente"}, {"id": "9251", "ano": "2025", "numero": "105", "tipo__sigla": "PARE", "tipo__descricao": "PARECER", "assunto": "Parecer Jur\u00eddico - Projeto de Lei Ordin\u00e1ria do Legislativo n. 8 - Inclui na grade curricular a disciplina de intelig\u00eancia artificial na rede de ensino municipal."}, {"id": "9565", "ano": "2025", "numero": "105", "tipo__sigla": "OFEXP", "tipo__descricao": "Of\u00edcio Expedido", "assunto": "Solicita emiss\u00e3o de guias conforme of\u00edcio 38 do setor de contabilidade"}, {"id": "9574", "ano": "2025", "numero": "105", "tipo__sigla": "OR", "tipo__descricao": "OF\u00cdCIOS RECEBIDOS", "assunto": "Encaminha c\u00f3pia de relat\u00f3rio dos valores dispon\u00edveis do superavit financeiro referidos no Projeto de lei ordin\u00e1rio n\u00ba 69/2025"}, {"id": "9684", "ano": "2025", "numero": "105", "tipo__sigla": "REV", "tipo__descricao": "Relat\u00f3rios de rodagem do ve\u00edculo e outros", "assunto": "Relat\u00f3rio de rodagem do ve\u00edculo oficial\r\nLocalidade: Santana da Vargem\r\nData: 01/09/2025\r\nLevar diretor Rafael para discutir com fornecedores"}, {"id": "9271", "ano": "2025", "numero": "106", "tipo__sigla": "PARE", "tipo__descricao": "PARECER", "assunto": "Parecer Jur\u00eddico - Projeto de Lei Ordin\u00e1ria n. 63 - 2025 - Corrige a tabela or\u00e7ament\u00e1ria contida no PLO n. 1.879 - 2025."}, {"id": "9566", "ano": "2025", "numero": "106", "tipo__sigla": "OFEXP", "tipo__descricao": "Of\u00edcio Expedido", "assunto": "Encaminha o requerimento n\u00ba 002/ e indica\u00e7\u00e3o 009 do vereador Luiz Felipe e os of\u00edcios 006 e 007 do vereador Everton Paulo"}, {"id": "9593", "ano": "2025", "numero": "106", "tipo__sigla": "OR", "tipo__descricao": "OF\u00cdCIOS RECEBIDOS", "assunto": "Convida para participarem da 8 \u00aa confer\u00eancia Municipal de Sa\u00fade"}, {"id": "9696", "ano": "2025", "numero": "106", "tipo__sigla": "REV", "tipo__descricao": "Relat\u00f3rios de rodagem do ve\u00edculo e outros", "assunto": "Relat\u00f3rio de rodagem ve\u00edculo oficial\r\nLocalidade: Santana da Vargem \r\nData: 28/08/2025\r\nLevar diretor Rafael na casa da funcion\u00e1ria Larissa,para pegar chave do arm\u00e1rio da secretaria de protocolo"}, {"id": "9272", "ano": "2025", "numero": "107", "tipo__sigla": "PARE", "tipo__descricao": "PARECER", "assunto": "Parecer Jur\u00eddico - Dispensa - Aquisi\u00e7\u00e3o de impressora."}, {"id": "9594", "ano": "2025", "numero": "107", "tipo__sigla": "OR", "tipo__descricao": "OF\u00cdCIOS RECEBIDOS", "assunto": "Encaminha balancetes de Receitas e Despesas referentes ao m\u00eas de maio de 2025"}, {"id": "9697", "ano": "2025", "numero": "107", "tipo__sigla": "REV", "tipo__descricao": "Relat\u00f3rios de rodagem do ve\u00edculo e outros", "assunto": "Relat\u00f3rio de rodagem ve\u00edculo \r\nLocalidade: Santana da Vargem\r\nData: 04/09/2025\r\nLevar diretor Rafael para levar documento para despachar com vereador Gilson"}, {"id": "9289", "ano": "2025", "numero": "108", "tipo__sigla": "PARE", "tipo__descricao": "PARECER", "assunto": "Parecer Jur\u00eddico - Presta\u00e7\u00e3o de Contas do Exerc\u00edcio Financeiro do ano de 2022. presta\u00e7\u00e3o de contas 2022"}, {"id": "9578", "ano": "2025", "numero": "108", "tipo__sigla": "OFEXP", "tipo__descricao": "Of\u00edcio Expedido", "assunto": "Convida para participar de reuni\u00e3o ordin\u00e1ria no dia 11 de agosto de 2025"}, {"id": "9595", "ano": "2025", "numero": "108", "tipo__sigla": "OR", "tipo__descricao": "OF\u00cdCIOS RECEBIDOS", "assunto": "Encaminha balancetes de Receitas e Despesas referentes ao m\u00eas de junho de 2025"}, {"id": "9727", "ano": "2025", "numero": "108", "tipo__sigla": "REV", "tipo__descricao": "Relat\u00f3rios de rodagem do ve\u00edculo e outros", "assunto": "Cheklist de Inspe\u00e7\u00e3o do Ve\u00edculo Placa TDS4D99"}, {"id": "9312", "ano": "2025", "numero": "109", "tipo__sigla": "PARE", "tipo__descricao": "PARECER", "assunto": "Parecer Jur\u00eddico - Projeto de Lei Ordin\u00e1ria do Legislativo n. 9 - 2025 - Insere a cl\u00e1usula de vig\u00eancia na Lei Ordin\u00e1ria Municipal n. 1.882 de 23 de maio de 2025."}, {"id": "9579", "ano": "2025", "numero": "109", "tipo__sigla": "OFEXP", "tipo__descricao": "Of\u00edcio Expedido", "assunto": "Encaminha bandeiras oficiais"}, {"id": "9597", "ano": "2025", "numero": "109", "tipo__sigla": "OR", "tipo__descricao": "OF\u00cdCIOS RECEBIDOS", "assunto": "Convida para audi\u00eancia p\u00fablica para elabora\u00e7\u00e3o da Lei Or\u00e7ament\u00e1ria Anual para o exerc\u00edcio de 2026"}, {"id": "9732", "ano": "2025", "numero": "109", "tipo__sigla": "REV", "tipo__descricao": "Relat\u00f3rios de rodagem do ve\u00edculo e outros", "assunto": "Relat\u00f3rio de rodagem ve\u00edculo oficial\r\nData: 11/09/2025\r\nLocal: Santana da Vargem\r\nLevar diretor Rafael para discutir assunto com fornecedores"}, {"id": "9317", "ano": "2025", "numero": "110", "tipo__sigla": "PARE", "tipo__descricao": "PARECER", "assunto": "Parecer Jur\u00eddico - Projeto de Lei Complementar n. 01 - 2025 - Redu\u00e7\u00e3o de carga hor\u00e1ria do cargo de Controlador Interno."}, {"id": "9602", "ano": "2025", "numero": "110", "tipo__sigla": "OFEXP", "tipo__descricao": "Of\u00edcio Expedido", "assunto": "Encaminha Projeto de Lei Ordin\u00e1rio n\u00ba 068/2025"}, {"id": "9604", "ano": "2025", "numero": "110", "tipo__sigla": "OR", "tipo__descricao": "OF\u00cdCIOS RECEBIDOS", "assunto": "Resposta ao of\u00edcio n\u00ba 016 do vereador Paulo Jos\u00e9 Barbosa"}, {"id": "9738", "ano": "2025", "numero": "110", "tipo__sigla": "REV", "tipo__descricao": "Relat\u00f3rios de rodagem do ve\u00edculo e outros", "assunto": "Relat\u00f3rio de Rodagem do Ve\u00edculo Oficial \r\nData: 12/09/2025\r\nLocal: Santana da Vargem\r\nLevar diretor Rafael para discutir assuntos com fornecedores"}, {"id": "9343", "ano": "2025", "numero": "111", "tipo__sigla": "PARE", "tipo__descricao": "PARECER", "assunto": "Parecer Jur\u00eddico - Inexigibilidade - Curso - \u201cCurso Pr\u00e1tico de CPI e Comiss\u00e3o Processante: Instrumentos de fiscaliza\u00e7\u00e3o e San\u00e7\u00e3o Parlamentar\""}, {"id": "9605", "ano": "2025", "numero": "111", "tipo__sigla": "OR", "tipo__descricao": "OF\u00cdCIOS RECEBIDOS", "assunto": "Resposta ao of\u00edcio 017 do vereador Paulo Jos\u00e9 Barbosa"}, {"id": "9610", "ano": "2025", "numero": "111", "tipo__sigla": "OFEXP", "tipo__descricao": "Of\u00edcio Expedido", "assunto": "Convoca para reuni\u00e3o extraordin\u00e1ria a ser realizada no dia 18 de agosto de 2025, ap\u00f3s a realiza\u00e7\u00e3o da sess\u00e3o ordin\u00e1ria semanal"}, {"id": "9834", "ano": "2025", "numero": "111", "tipo__sigla": "REV", "tipo__descricao": "Relat\u00f3rios de rodagem do ve\u00edculo e outros", "assunto": "Relat\u00f3rio de rodagem do veiculo oficial \r\nData: 12/09/2025 \r\nLevar diretor Rafael para discutir assunto com fornecedores"}, {"id": "9345", "ano": "2025", "numero": "112", "tipo__sigla": "PARE", "tipo__descricao": "PARECER", "assunto": "Parecer - Dispensa - Aquisi\u00e7\u00e3o de refil purificador de \u00e1gua."}, {"id": "9606", "ano": "2025", "numero": "112", "tipo__sigla": "OR", "tipo__descricao": "OF\u00cdCIOS RECEBIDOS", "assunto": "Resposta ao of\u00edcio 019 do vereador Paulo Jos\u00e9 Barbosa"}, {"id": "9611", "ano": "2025", "numero": "112", "tipo__sigla": "OFEXP", "tipo__descricao": "Of\u00edcio Expedido", "assunto": "Convoca para reuni\u00e3o extraordin\u00e1ria a ser realizada no dia 18 de agosto de 2025, ap\u00f3s a realiza\u00e7\u00e3o da sess\u00e3o ordin\u00e1ria semanal"}, {"id": "9835", "ano": "2025", "numero": "112", "tipo__sigla": "REV", "tipo__descricao": "Relat\u00f3rios de rodagem do ve\u00edculo e outros", "assunto": "Relat\u00f3rio de rodagem do ve\u00edculo oficial \r\nData: 16/09/2025 a 19/09/2025\r\nLocal: Belo Horizonte \r\nLevar diretor Rafael e funcion\u00e1rio Ruiter para fazer curso de Capacita\u00e7\u00e3o"}, {"id": "9346", "ano": "2025", "numero": "113", "tipo__sigla": "PARE", "tipo__descricao": "PARECER", "assunto": "Parecer Jur\u00eddico - Dispensa - Contrata\u00e7\u00e3o de empresa para fornecimento e instala\u00e7\u00e3o de sistema de videomonitoramento interno e externo."}, {"id": "9607", "ano": "2025", "numero": "113", "tipo__sigla": "OR", "tipo__descricao": "OF\u00cdCIOS RECEBIDOS", "assunto": "Resposta ao of\u00edcio 109 da presidente da C\u00e2mara Bruna Renata Teodoro Silva"}, {"id": "9612", "ano": "2025", "numero": "113", "tipo__sigla": "OFEXP", "tipo__descricao": "Of\u00edcio Expedido", "assunto": "Convoca para reuni\u00e3o extraordin\u00e1ria a ser realizada no dia 18 de agosto de 2025, ap\u00f3s a realiza\u00e7\u00e3o da sess\u00e3o ordin\u00e1ria semanal"}, {"id": "9836", "ano": "2025", "numero": "113", "tipo__sigla": "REV", "tipo__descricao": "Relat\u00f3rios de rodagem do ve\u00edculo e outros", "assunto": "Relat\u00f3rio de rodagem do ve\u00edculo oficial\r\nData: 20/09/2025 \r\nLocal: Varginha\r\nLevar Presidente Bruna Renata e vereador Jackson para reuni\u00e3o na C\u00e2mara Municipal de Varginha"}, {"id": "9363", "ano": "2025", "numero": "114", "tipo__sigla": "PARE", "tipo__descricao": "PARECER", "assunto": "Parecer jur\u00eddico - Projeto de Lei Ordin\u00e1ria n. 66 - 2025 - Abertura de Cr\u00e9dito Adicional Especial - R$ 24.000,00 (vinte e quatro mil reais) - Super\u00e1vit"}, {"id": "9608", "ano": "2025", "numero": "114", "tipo__sigla": "OR", "tipo__descricao": "OF\u00cdCIOS RECEBIDOS", "assunto": "Solicita retirada de tramita\u00e7\u00e3o do Projeto de Lei 075/2025"}, {"id": "9613", "ano": "2025", "numero": "114", "tipo__sigla": "OFEXP", "tipo__descricao": "Of\u00edcio Expedido", "assunto": "Convoca para reuni\u00e3o extraordin\u00e1ria a ser realizada no dia 18 de agosto de 2025, ap\u00f3s a realiza\u00e7\u00e3o da sess\u00e3o ordin\u00e1ria semanal"}, {"id": "9845", "ano": "2025", "numero": "114", "tipo__sigla": "REV", "tipo__descricao": "Relat\u00f3rios de rodagem do ve\u00edculo e outros", "assunto": "Checklist de inspe\u00e7\u00e3o ve\u00edculo automotor"}, {"id": "9370", "ano": "2025", "numero": "115", "tipo__sigla": "PARE", "tipo__descricao": "PARECER", "assunto": "Parecer Jur\u00eddico - Projeto de Lei Ordin\u00e1rio n\u00ba 64 - 2025 - Altera a Lei do Conselho Tutelar + abertura de cr\u00e9dito adicional especial por anula\u00e7\u00e3o de dota\u00e7\u00e3o or\u00e7ament\u00e1ria - R$ 154.769,86 (cento e cinquenta e quatro mil setecentos e sessenta e nove reais e oitenta e seis centavos)"}, {"id": "9614", "ano": "2025", "numero": "115", "tipo__sigla": "OFEXP", "tipo__descricao": "Of\u00edcio Expedido", "assunto": "Convoca para reuni\u00e3o extraordin\u00e1ria a ser realizada no dia 18 de agosto de 2025, ap\u00f3s a realiza\u00e7\u00e3o da sess\u00e3o ordin\u00e1ria semanal"}, {"id": "9635", "ano": "2025", "numero": "115", "tipo__sigla": "OR", "tipo__descricao": "OF\u00cdCIOS RECEBIDOS", "assunto": "Resposta ao of\u00edcio 07/2025 do vereador Everton Paulo Ara\u00fajo - Destina\u00e7\u00e3o emenda parlamentar"}, {"id": "9964", "ano": "2025", "numero": "115", "tipo__sigla": "REV", "tipo__descricao": "Relat\u00f3rios de rodagem do ve\u00edculo e outros", "assunto": "Relat\u00f3rio de Rodagem do ve\u00edculo oficial\r\nData: 11/11/2025\r\nCidade: Belo Horizonte\r\nMeio de Transporte: ve\u00edculo cedido pela prefeitura\r\nLevar o diretor Rafael Teixeira, funcion\u00e1rios Ruiter de Oliveira e Cleber de Brito no curso de capacita\u00e7\u00e3o na Escola do Legislativo na Assembleia de Minas e para procurar hotel e hospedagem"}, {"id": "9371", "ano": "2025", "numero": "116", "tipo__sigla": "PARE", "tipo__descricao": "PARECER", "assunto": "Parecer Jur\u00eddico - Projeto de Lei Complementar n\u00ba 09 - 2025 - Criar o cargo,  de provimento efetivo, de T\u00e9cnico em Seguran\u00e7a do Trabalho e ampliar o n\u00famero de vagas dos cargos, de provimento efetivo, de Assistente Administrativo, Motorista e Psic\u00f3logo I."}, {"id": "9615", "ano": "2025", "numero": "116", "tipo__sigla": "OFEXP", "tipo__descricao": "Of\u00edcio Expedido", "assunto": "Convoca para reuni\u00e3o extraordin\u00e1ria a ser realizada no dia 18 de agosto de 2025, ap\u00f3s a realiza\u00e7\u00e3o da sess\u00e3o ordin\u00e1ria semanal"}, {"id": "9636", "ano": "2025", "numero": "116", "tipo__sigla": "OR", "tipo__descricao": "OF\u00cdCIOS RECEBIDOS", "assunto": "Resposta ao of\u00edcio do vereador Jackson Luiz Ven\u00e2ncio de Souza - Emenda parlamentar no valor de R$60.000,00 (sessenta mil)"}, {"id": "9971", "ano": "2025", "numero": "116", "tipo__sigla": "REV", "tipo__descricao": "Relat\u00f3rios de rodagem do ve\u00edculo e outros", "assunto": "Relat\u00f3rio de rodagem do ve\u00edculo oficial\r\nLocalidade: Santana da Vargem\r\nData: 13/11/2025\r\nLevar veiculo para lavar no auto posto APS e a tarde levar documento para despachar com a presidente e levar o carro para calibrar pneus"}, {"id": "9410", "ano": "2025", "numero": "117", "tipo__sigla": "PARE", "tipo__descricao": "PARECER", "assunto": "Parecer Jur\u00eddico - Projeto de Lei Ordin\u00e1ria n. 66 - 2025 - Altera\u00e7\u00e3o na Lei Ordin\u00e1ria Municipal n\u00ba 1.837-2025 e abertura de cr\u00e9dito suplementar por anula\u00e7\u00e3o de dota\u00e7\u00e3o or\u00e7ament\u00e1ria - R$ 430.704,01 (quatrocentos e trinta mil setecentos e quatro reais e um centavo)."}, {"id": "9616", "ano": "2025", "numero": "117", "tipo__sigla": "OFEXP", "tipo__descricao": "Of\u00edcio Expedido", "assunto": "Convoca para reuni\u00e3o extraordin\u00e1ria a ser realizada no dia 18 de agosto de 2025, ap\u00f3s a realiza\u00e7\u00e3o da sess\u00e3o ordin\u00e1ria semanal"}, {"id": "9637", "ano": "2025", "numero": "117", "tipo__sigla": "OR", "tipo__descricao": "OF\u00cdCIOS RECEBIDOS", "assunto": "Resposta ao requerimento n\u00ba 02/2025 do vereador Luiz Felipe Mendon\u00e7a Rodrigues"}, {"id": "9972", "ano": "2025", "numero": "117", "tipo__sigla": "REV", "tipo__descricao": "Relat\u00f3rios de rodagem do ve\u00edculo e outros", "assunto": "Relat\u00f3rio de rodagem do ve\u00edculo oficial \r\nLocalidade: Belo Horizonte\r\nData: 14/11/2025\r\nLevar diretor Rafael e funcion\u00e1rio Ruiter e Cleber para fazer curso de Capacita\u00e7\u00e3o"}, {"id": "9414", "ano": "2025", "numero": "118", "tipo__sigla": "PARE", "tipo__descricao": "PARECER", "assunto": "Parecer Jur\u00eddico - Projeto de Lei Ordin\u00e1ria do Legislativo n\u00ba 10 - 2025 - Institui e regulamento o uso de uniforme na C\u00e2mara Municipal."}, {"id": "9617", "ano": "2025", "numero": "118", "tipo__sigla": "OFEXP", "tipo__descricao": "Of\u00edcio Expedido", "assunto": "Convoca para reuni\u00e3o extraordin\u00e1ria a ser realizada no dia 18 de agosto de 2025, ap\u00f3s a realiza\u00e7\u00e3o da sess\u00e3o ordin\u00e1ria semanal"}, {"id": "9642", "ano": "2025", "numero": "118", "tipo__sigla": "OR", "tipo__descricao": "OF\u00cdCIOS RECEBIDOS", "assunto": "Informa que a inclus\u00e3o da reten\u00e7\u00e3o do imposto de renda na fatura do im\u00f3vel foi efetuada em 20/08/2025"}, {"id": "9990", "ano": "2025", "numero": "118", "tipo__sigla": "REV", "tipo__descricao": "Relat\u00f3rios de rodagem do ve\u00edculo e outros", "assunto": "Relat\u00f3rio de rodagem do ve\u00edculo oficial \r\nLocalidade de Destino: Santana da Vargem\r\nData: 17/11/2025\r\nLevar diretor Rafael para discutir assunto com fornecedores"}, {"id": "9417", "ano": "2025", "numero": "119", "tipo__sigla": "PARE", "tipo__descricao": "PARECER", "assunto": "Parecer Jur\u00eddico - Projeto de Lei Ordin\u00e1ria do Legislativo n\u00ba 11 - 2025 - Doa\u00e7\u00e3o de medicamentos ao Executivo."}, {"id": "9626", "ano": "2025", "numero": "119", "tipo__sigla": "OFEXP", "tipo__descricao": "Of\u00edcio Expedido", "assunto": "Notifica\u00e7\u00e3o COPASA SIMPLES NACIONAL"}, {"id": "9663", "ano": "2025", "numero": "119", "tipo__sigla": "OR", "tipo__descricao": "OF\u00cdCIOS RECEBIDOS", "assunto": "Documenta\u00e7\u00e3o complementar para o projeto de lei n\u00ba 65/2025"}, {"id": "10077", "ano": "2025", "numero": "119", "tipo__sigla": "REV", "tipo__descricao": "Relat\u00f3rios de rodagem do ve\u00edculo e outros", "assunto": "Checklist de inspe\u00e7\u00e3o ve\u00edculo Emerson Silva Ara\u00fajo"}, {"id": "9427", "ano": "2025", "numero": "120", "tipo__sigla": "PARE", "tipo__descricao": "PARECER", "assunto": "Resposta ao of\u00edcio 79/2025 da Presid\u00eancia - Projeto de Lei 64 - 2025"}, {"id": "9632", "ano": "2025", "numero": "120", "tipo__sigla": "OFEXP", "tipo__descricao": "Of\u00edcio Expedido", "assunto": "Encaminha a Reda\u00e7\u00e3o Final do Projeto de lei ordin\u00e1rio do legislativo 011 de 2025"}, {"id": "9676", "ano": "2025", "numero": "120", "tipo__sigla": "OR", "tipo__descricao": "OF\u00cdCIOS RECEBIDOS", "assunto": "Encaminha os balancetes de receitas e despesas referentes ao m\u00eas de julho/2025 nos termos da lei"}, {"id": "10079", "ano": "2025", "numero": "120", "tipo__sigla": "REV", "tipo__descricao": "Relat\u00f3rios de rodagem do ve\u00edculo e outros", "assunto": "Localidade: Bras\u00edlia \r\nData: 01/12/2025 retorno 06/12/2025\r\nLevar vereadores Paulinho e Jackson para o 18\u00ba congresso brasileiro  de c\u00e2maras municipais"}, {"id": "9429", "ano": "2025", "numero": "121", "tipo__sigla": "PARE", "tipo__descricao": "PARECER", "assunto": "Parecer Jur\u00eddico - Projeto de Lei Complementar n\u00ba 10 - 2025 - Altera o Estatuto dos Servidores P\u00fablicos Municipais (Comiss\u00f5es)"}, {"id": "9633", "ano": "2025", "numero": "121", "tipo__sigla": "OFEXP", "tipo__descricao": "Of\u00edcio Expedido", "assunto": "Encaminha a indica\u00e7\u00e3o 011/2025 do vereador Luiz Felipe Mendon\u00e7a Rodrigues e Everton Paulo Ara\u00fajo"}, {"id": "9677", "ano": "2025", "numero": "121", "tipo__sigla": "OR", "tipo__descricao": "OF\u00cdCIOS RECEBIDOS", "assunto": "Resposta indica\u00e7\u00e3o 07 do vereador Everton Pulo de Ara\u00fajo"}, {"id": "10080", "ano": "2025", "numero": "121", "tipo__sigla": "REV", "tipo__descricao": "Relat\u00f3rios de rodagem do ve\u00edculo e outros", "assunto": "Relat\u00f3rio de rodagem do ve\u00edculo oficial\r\nLocalidade: Santana da Vargem \r\nData: 10/12/2025\r\nlevar funcion\u00e1rios para discutir com fornecedores"}, {"id": "9455", "ano": "2025", "numero": "122", "tipo__sigla": "PARE", "tipo__descricao": "PARECER", "assunto": "Parecer Jur\u00eddico - Dispensa - Cart\u00f3rio."}, {"id": "9634", "ano": "2025", "numero": "122", "tipo__sigla": "OFEXP", "tipo__descricao": "Of\u00edcio Expedido", "assunto": "Encaminha a Lei Complementar 70 de 2025 promulgada pela C\u00e2mara Municipal de Santana da Vargem"}, {"id": "9678", "ano": "2025", "numero": "122", "tipo__sigla": "OR", "tipo__descricao": "OF\u00cdCIOS RECEBIDOS", "assunto": "Resposta ao of\u00edcio do vereador Everton Paulo Ara\u00fajo"}, {"id": "10087", "ano": "2025", "numero": "122", "tipo__sigla": "REV", "tipo__descricao": "Relat\u00f3rios de rodagem do ve\u00edculo e outros", "assunto": "Relat\u00f3rio de rodagem do ve\u00edculo oficial \r\nLocalidade: Divin\u00f3polis -MG\r\nData: 11/12/2025 \r\nLevar diretor Rafael para buscar placas de homenagem"}, {"id": "9467", "ano": "2025", "numero": "123", "tipo__sigla": "PARE", "tipo__descricao": "PARECER", "assunto": "Parecer Jur\u00eddico - Inexigibilidade - Curso - \u201cForma\u00e7\u00e3o Avan\u00e7ada em Assessoria Jur\u00eddica e Legislativa\u201d."}, {"id": "9644", "ano": "2025", "numero": "123", "tipo__sigla": "OFEXP", "tipo__descricao": "Of\u00edcio Expedido", "assunto": "Solicita a exclus\u00e3o da servidora Wiliane Aparecida Delc\u00eddio do plano de sa\u00fade em raz\u00e3o de rescis\u00e3o"}, {"id": "9698", "ano": "2025", "numero": "123", "tipo__sigla": "OR", "tipo__descricao": "OF\u00cdCIOS RECEBIDOS", "assunto": "Solicita certid\u00e3o de tempo de servi\u00e7o Silvio C\u00e9sar Miranda 02 de janeiro de 2011 a 31 de dezembro de 2011"}, {"id": "10106", "ano": "2025", "numero": "123", "tipo__sigla": "REV", "tipo__descricao": "Relat\u00f3rios de rodagem do ve\u00edculo e outros", "assunto": "Relat\u00f3rio de rodagem do ve\u00edculo oficial\r\nLocalidade: Santana da Vargem\r\nData: 15/11/2025\r\nLevar diretor Rafael para abastecer o ve\u00edculo"}, {"id": "9468", "ano": "2025", "numero": "124", "tipo__sigla": "PARE", "tipo__descricao": "PARECER", "assunto": "Parecer Jur\u00eddico - Inexigibilidade -  Curso \u201cPortal de Transpar\u00eancia, LGPD e Ourvidoria P\u00fablica\u201d"}, {"id": "9665", "ano": "2025", "numero": "124", "tipo__sigla": "OFEXP", "tipo__descricao": "Of\u00edcio Expedido", "assunto": "Informa que a mensagem de veto 003/2025 foi rejeitado  pelo plen\u00e1rio da C\u00e2mara Municipal de Santana da Vargem"}, {"id": "9703", "ano": "2025", "numero": "124", "tipo__sigla": "OR", "tipo__descricao": "OF\u00cdCIOS RECEBIDOS", "assunto": "Of\u00edcio recebido Receita Federal Orienta\u00e7\u00f5es DIRF e e-social"}, {"id": "10107", "ano": "2025", "numero": "124", "tipo__sigla": "REV", "tipo__descricao": "Relat\u00f3rios de rodagem do ve\u00edculo e outros", "assunto": "Relat\u00f3rio de rodagem ve\u00edculo do oficial \r\nLocal: Santana da Vargem\r\nData: 16/12/2025\r\nLevar diretor Rafael para despachar com presidente"}, {"id": "9479", "ano": "2025", "numero": "125", "tipo__sigla": "PARE", "tipo__descricao": "PARECER", "assunto": "Parecer Jur\u00eddico - Inexigibilidade - \u201cSemin\u00e1rio de Forma\u00e7\u00e3o Legislativa para Parlamentares, Servidores, Contadores, Procuradores Jur\u00eddicos e Assessores Parlamentares\u201d."}, {"id": "9673", "ano": "2025", "numero": "125", "tipo__sigla": "OFEXP", "tipo__descricao": "Of\u00edcio Expedido", "assunto": "Informa que a C\u00e2mara Municipal de Santana da Vargem, por interm\u00e9dio do setor cont\u00e1bil, analisou os valores apresentados pelo poder executivo referentes ao Plano Plurianual - PPA 2026/2029"}, {"id": "9716", "ano": "2025", "numero": "125", "tipo__sigla": "OR", "tipo__descricao": "OF\u00cdCIOS RECEBIDOS", "assunto": "Encaminhamento de mo\u00e7\u00e3o de rep\u00fadio n\u00ba 36/2025 - Centraliza\u00e7\u00e3o das provas de habilita\u00e7\u00e3o para CNH em Varginha"}, {"id": "10122", "ano": "2025", "numero": "125", "tipo__sigla": "REV", "tipo__descricao": "Relat\u00f3rios de rodagem do ve\u00edculo e outros", "assunto": "Relat\u00f3rio de Rodagem do ve\u00edculo oficial\r\nlocalidade: Santana da Vargem\r\nData: 17/12/2025\r\nLevar diretor Rafael para despachar com presidente"}, {"id": "9480", "ano": "2025", "numero": "126", "tipo__sigla": "PARE", "tipo__descricao": "PARECER", "assunto": "Parecer Jur\u00eddico - Dispensa -contratar empresa para instala\u00e7\u00e3o de ares-condicionados."}, {"id": "9674", "ano": "2025", "numero": "126", "tipo__sigla": "OFEXP", "tipo__descricao": "Of\u00edcio Expedido", "assunto": "Encaminha o projeto de lei n\u00ba 69/2025, o projeto de lei ordin\u00e1ria n\u00ba 080/2025 e projeto de lei ordin\u00e1ria n\u00ba 81/2025 aprovados na reuni\u00e3o realizada no dia 25 de agosto de  2025"}, {"id": "9730", "ano": "2025", "numero": "126", "tipo__sigla": "OR", "tipo__descricao": "OF\u00cdCIOS RECEBIDOS", "assunto": "Resposta ao of\u00edcio 011/2025 do vereador Luiz Felipe Mendon\u00e7a Rodrigues"}, {"id": "10123", "ano": "2025", "numero": "126", "tipo__sigla": "REV", "tipo__descricao": "Relat\u00f3rios de rodagem do ve\u00edculo e outros", "assunto": "Relat\u00f3rio de Rodagem do ve\u00edculo oficial\r\nlocalidade: Santana da Vargem\r\nData: 18/12/2025\r\nLevar diretor Rafael para despachar com presidente"}, {"id": "9488", "ano": "2025", "numero": "127", "tipo__sigla": "PARE", "tipo__descricao": "PARECER", "assunto": "Parecer Jur\u00eddico - Projeto de Lei Ordin\u00e1ria n\u00ba 68 -2025 - Abertura de Cr\u00e9dito Adicional Especial R$ 12.000,00 (doze mil reais) - Super\u00e1vit"}, {"id": "9675", "ano": "2025", "numero": "127", "tipo__sigla": "OFEXP", "tipo__descricao": "Of\u00edcio Expedido", "assunto": "Encaminha os projetos de lei ordin\u00e1ria n\u00ba 072/2025,   n\u00ba 073/2025, n\u00ba 074/2025, n\u00ba 076/2025, n\u00ba 078/2025, n\u00ba 079/2025, o projeto de lei complementar n\u00ba 10/2025, o projeto de lei ordin\u00e1rio do legislativo n\u00ba 014/2025 aprovados na reuni\u00e3o ordin\u00e1ria realizada no dia 25 de agosto de 2025"}, {"id": "9742", "ano": "2025", "numero": "127", "tipo__sigla": "OR", "tipo__descricao": "OF\u00cdCIOS RECEBIDOS", "assunto": "Of\u00edcio para anexar ao projeto de lei complementar n\u00ba 12 e 14 de 2025"}, {"id": "10124", "ano": "2025", "numero": "127", "tipo__sigla": "REV", "tipo__descricao": "Relat\u00f3rios de rodagem do ve\u00edculo e outros", "assunto": "Relat\u00f3rio de Rodagem do ve\u00edculo oficial\r\nlocalidade: Santana da Vargem\r\nData: 18/11/2025\r\nLevar diretor Rafael para despachar com presidente e vereador Jackson"}, {"id": "9489", "ano": "2025", "numero": "128", "tipo__sigla": "PARE", "tipo__descricao": "PARECER", "assunto": "Parecer Jur\u00eddico - Projeto de Lei Ordin\u00e1ria n\u00ba 65 - 2025 - Bolsa Trabalho."}, {"id": "9695", "ano": "2025", "numero": "128", "tipo__sigla": "OFEXP", "tipo__descricao": "Of\u00edcio Expedido", "assunto": "Solicita emiss\u00e3o de guias conforme of\u00edcio 044/2025 da contabilidade"}, {"id": "9743", "ano": "2025", "numero": "128", "tipo__sigla": "OR", "tipo__descricao": "OF\u00cdCIOS RECEBIDOS", "assunto": "of\u00edcio para anexar ao projeto de lei ordin\u00e1ria 82/2025"}, {"id": "10125", "ano": "2025", "numero": "128", "tipo__sigla": "REV", "tipo__descricao": "Relat\u00f3rios de rodagem do ve\u00edculo e outros", "assunto": "Relat\u00f3rio de Rodagem do ve\u00edculo oficial\r\nlocalidade: Santana da Vargem\r\nData: 18/12/2025\r\nLevar servidor Ruiter no cart\u00f3rio"}, {"id": "9490", "ano": "2025", "numero": "129", "tipo__sigla": "PARE", "tipo__descricao": "PARECER", "assunto": "Parecer Jur\u00eddico - Projeto de Lei Complementar n\u00ba 11 - 2025 - Altera o Estatuto dos Servidores P\u00fablicos Municipais - Forma de pagamento de aux\u00edlio alimenta\u00e7\u00e3o, assiduidade e validade de laudo m\u00e9dico."}, {"id": "9700", "ano": "2025", "numero": "129", "tipo__sigla": "OFEXP", "tipo__descricao": "Of\u00edcio Expedido", "assunto": "Informa destina\u00e7\u00e3o de emenda impositiva 100% para a \u00e1rea da sa\u00fade (consulta/exame/procedimentos)"}, {"id": "9750", "ano": "2025", "numero": "129", "tipo__sigla": "OR", "tipo__descricao": "OF\u00cdCIOS RECEBIDOS", "assunto": "Of\u00edcio copasa resposta of\u00edcio presid\u00eancia"}, {"id": "10126", "ano": "2025", "numero": "129", "tipo__sigla": "REV", "tipo__descricao": "Relat\u00f3rios de rodagem do ve\u00edculo e outros", "assunto": "Relat\u00f3rio de Rodagem do ve\u00edculo oficial\r\nlocalidade: Santana da Vargem\r\nData: 18/12/2025\r\nLevar funcion\u00e1rio Ruiter no cart\u00f3rio"}, {"id": "9516", "ano": "2025", "numero": "130", "tipo__sigla": "PARE", "tipo__descricao": "PARECER", "assunto": "Parecer Jur\u00eddico - Inexigibilidade - Curso - Gest\u00e3o Democr\u00e1tica do Patrim\u00f4nio P\u00fablico e o Interesse Coletivo: O papel do Legislativo na fiscaliza\u00e7\u00e3o e os limites da interven\u00e7\u00e3o estatal na propriedade privada."}, {"id": "9701", "ano": "2025", "numero": "130", "tipo__sigla": "OFEXP", "tipo__descricao": "Of\u00edcio Expedido", "assunto": "Solicita esclarecimentos e complementa\u00e7\u00f5es t\u00e9cnicas a respeito do Projeto de Lei Complementar do Executivo n\u00ba 012/2025  e projeto de lei complementar do executivo n\u00ba 014/2025"}, {"id": "9755", "ano": "2025", "numero": "130", "tipo__sigla": "OR", "tipo__descricao": "OF\u00cdCIOS RECEBIDOS", "assunto": "Resposta ao of\u00edcio n\u00ba 139 - documenta\u00e7\u00e3o para o projeto de lei ordin\u00e1rio n\u00ba 82  de 2025"}, {"id": "10130", "ano": "2025", "numero": "130", "tipo__sigla": "REV", "tipo__descricao": "Relat\u00f3rios de rodagem do ve\u00edculo e outros", "assunto": "Relat\u00f3rio de rodagem ve\u00edculo oficial \r\nLocalidade: Santana da Vargem\r\nData: 19/12/2025\r\nLevar funcion\u00e1rio Ruiter para despachar com vereadores Paulinho, Silmara e  Gilson"}, {"id": "9517", "ano": "2025", "numero": "131", "tipo__sigla": "PARE", "tipo__descricao": "PARECER", "assunto": "Parecer jur\u00eddico - Projeto de Lei Ordin\u00e1ria n\u00ba 69 - 2025 - Abertura de Cr\u00e9dito Adicional Especial - Superavit Financeiro - R$ 9.473,40 (nove mil quatrocentos e setenta e tr\u00eas reais e quarenta centavos"}, {"id": "9704", "ano": "2025", "numero": "131", "tipo__sigla": "OFEXP", "tipo__descricao": "Of\u00edcio Expedido", "assunto": "Solicita\u00e7\u00e3o \u00e1gua pot\u00e1vel para utiliza\u00e7\u00e3o em barracas durante evento"}, {"id": "9774", "ano": "2025", "numero": "131", "tipo__sigla": "OR", "tipo__descricao": "OF\u00cdCIOS RECEBIDOS", "assunto": "Encaminha os balancetes de Receitas e despesas referentes ao m\u00eas de Agosto de 2025"}, {"id": "10131", "ano": "2025", "numero": "131", "tipo__sigla": "REV", "tipo__descricao": "Relat\u00f3rios de rodagem do ve\u00edculo e outros", "assunto": "Relat\u00f3rio de rodagem do ve\u00edculo oficial \r\nLocalidade: Santana da Vargem \r\nData: 19/12/2025"}, {"id": "9543", "ano": "2025", "numero": "132", "tipo__sigla": "PARE", "tipo__descricao": "PARECER", "assunto": "Parecer jur\u00eddico - Projeto de Lei Ordin\u00e1ria n\u00ba 72 - 2025 - Abertura de Cr\u00e9dito Adicional Especial - Excesso de Arrecada\u00e7\u00e3o - R$ 20.000,00"}, {"id": "9705", "ano": "2025", "numero": "132", "tipo__sigla": "OFEXP", "tipo__descricao": "Of\u00edcio Expedido", "assunto": "Encaminha projeto de lei ordin\u00e1ria do Executivo n\u00ba 077/2025 aprovado em reuni\u00e3o ordin\u00e1ria"}, {"id": "9777", "ano": "2025", "numero": "132", "tipo__sigla": "OR", "tipo__descricao": "OF\u00cdCIOS RECEBIDOS", "assunto": "Resposta ao Of\u00edcio n\u00ba. 003/2025 - utiliza\u00e7\u00e3o do transporte esportivo"}, {"id": "10132", "ano": "2025", "numero": "132", "tipo__sigla": "REV", "tipo__descricao": "Relat\u00f3rios de rodagem do ve\u00edculo e outros", "assunto": "Relat\u00f3rio de rodagem do ve\u00edculo oficial\r\nLocalidade: Santana da Vargem\r\nData: 19/12/2025\r\nLevar diretor Rafael para despachar com a presidente"}, {"id": "9544", "ano": "2025", "numero": "133", "tipo__sigla": "PARE", "tipo__descricao": "PARECER", "assunto": "Parecer jur\u00eddico - Projeto de Lei Ordin\u00e1ria n\u00ba 73 - 2025 - Abertura de Cr\u00e9dito Adicional Especial - Excesso de Arrecada\u00e7\u00e3o - R$ 324.000,00 (Trezentos e vinte e quatro mil reais)"}, {"id": "9713", "ano": "2025", "numero": "133", "tipo__sigla": "OFEXP", "tipo__descricao": "Of\u00edcio Expedido", "assunto": "Encaminha a reda\u00e7\u00e3o final do Projeto de Lei Complementar do Executivo n\u00ba 11 de 2025"}, {"id": "9778", "ano": "2025", "numero": "133", "tipo__sigla": "OR", "tipo__descricao": "OF\u00cdCIOS RECEBIDOS", "assunto": "Resposta ao of\u00edcio n\u00ba. 008/2025 do vereador Everton Paulo Ara\u00fajo - informa\u00e7\u00f5es sobre monumentos tombados"}, {"id": "10134", "ano": "2025", "numero": "133", "tipo__sigla": "REV", "tipo__descricao": "Relat\u00f3rios de rodagem do ve\u00edculo e outros", "assunto": "Relat\u00f3rio de rodagem ve\u00edculo oficial\r\nLocalidade: Santana da Vargem \r\nData: 22/12/2025\r\nLevar diretor Rafael para despachar com a presidente"}, {"id": "9545", "ano": "2025", "numero": "134", "tipo__sigla": "PARE", "tipo__descricao": "PARECER", "assunto": "Parecer jur\u00eddico - Projeto de Lei Ordin\u00e1ria n\u00ba 74 - 2025 - Abertura de Cr\u00e9dito Adicional Especial - Excesso de Arrecada\u00e7\u00e3o - R$ 102.000,00 (cento e dois mil reais)"}, {"id": "9715", "ano": "2025", "numero": "134", "tipo__sigla": "OFEXP", "tipo__descricao": "Of\u00edcio Expedido", "assunto": "Encaminha certid\u00e3o de tempo de servi\u00e7o Silvio C\u00e9sar Miranda (doc anexo)"}, {"id": "9779", "ano": "2025", "numero": "134", "tipo__sigla": "OR", "tipo__descricao": "OF\u00cdCIOS RECEBIDOS", "assunto": "Of\u00edcio n\u00ba. 288/2025 do Poder Executivo - Justificativa ao Projeto de Lei n\u00ba. 087/2025"}, {"id": "10135", "ano": "2025", "numero": "134", "tipo__sigla": "REV", "tipo__descricao": "Relat\u00f3rios de rodagem do ve\u00edculo e outros", "assunto": "Relat\u00f3rio de rodagem do ve\u00edculo oficial \r\nLocalidade: Santana da Vargem\r\nData: 23/12/2025\r\nLevar funcion\u00e1rio Ruiter para despachar com a vereadora Silmara"}, {"id": "9546", "ano": "2025", "numero": "135", "tipo__sigla": "PARE", "tipo__descricao": "PARECER", "assunto": "Parecer Jur\u00eddico - Projeto de Lei Ordin\u00e1ria n\u00ba 75 - 2025 - Abertura de Cr\u00e9dito Adicional Especial - Super\u00e1vit Financeiro - R$ 189.000,00 (cento e oitenta e nove mil reais)."}, {"id": "9723", "ano": "2025", "numero": "135", "tipo__sigla": "OFEXP", "tipo__descricao": "Of\u00edcio Expedido", "assunto": "Encaminha os projetos de lei ordin\u00e1ria  n\u00ba 083/2025, a reda\u00e7\u00e3o final do projeto de lei ordin\u00e1ria do legislativo n\u00ba 14 de 2025 e a reda\u00e7\u00e3o final do projeto de  lei ordin\u00e1ria 65/2025"}, {"id": "9797", "ano": "2025", "numero": "135", "tipo__sigla": "OR", "tipo__descricao": "OF\u00cdCIOS RECEBIDOS", "assunto": "Convite"}, {"id": "9547", "ano": "2025", "numero": "136", "tipo__sigla": "PARE", "tipo__descricao": "PARECER", "assunto": "Parecer Jur\u00eddico - Projeto de Lei Ordin\u00e1ria n\u00ba 76 - 2025 - Abertura de Cr\u00e9dito Adicional Especial - Super\u00e1vit Financeiro - R$ 1.354,80 (mil trezentos e cinquenta quatro reais e oitenta centavos)."}, {"id": "9728", "ano": "2025", "numero": "136", "tipo__sigla": "OFEXP", "tipo__descricao": "Of\u00edcio Expedido", "assunto": "Solicita a disponibiliza\u00e7\u00e3o de \u00f4nibus para o Munic\u00edpio de Santana da Vargem -MG (Vice-Governador Mateus Sim\u00f5es de Almeida)"}, {"id": "9823", "ano": "2025", "numero": "136", "tipo__sigla": "OR", "tipo__descricao": "OF\u00cdCIOS RECEBIDOS", "assunto": "Comunica\u00e7\u00e3o ao Poder Legislativo perante o Plano de Sustentabilidade - proposta 040020/2025 (protocolado posteriormente em raz\u00e3o de f\u00e9rias da servidora respons\u00e1vel pela secretaria)"}, {"id": "9548", "ano": "2025", "numero": "137", "tipo__sigla": "PARE", "tipo__descricao": "PARECER", "assunto": "Parecer Jur\u00eddico - Projeto de Lei Ordin\u00e1rio n\u00ba 77 - 2025 - Abertura de Cr\u00e9dito Adicional Especial - Super\u00e1vit Financeiro - R$ 24.000,00 (vinte e quatro mil reais)."}, {"id": "9731", "ano": "2025", "numero": "137", "tipo__sigla": "OFEXP", "tipo__descricao": "Of\u00edcio Expedido", "assunto": "Solicita esclarecimentos e complementa\u00e7\u00f5es t\u00e9cnicas a respeito do Projeto de Lei Ordin\u00e1ria n\u00ba082/2025"}, {"id": "9829", "ano": "2025", "numero": "137", "tipo__sigla": "OR", "tipo__descricao": "OF\u00cdCIOS RECEBIDOS", "assunto": "Encaminha documenta\u00e7\u00f5es referentes aos projetos de lei complementar n\u00ba 15 e 016"}, {"id": "9549", "ano": "2025", "numero": "138", "tipo__sigla": "PARE", "tipo__descricao": "PARECER", "assunto": "Parecer Jur\u00eddico - Projeto de Lei Ordin\u00e1rio n\u00ba 78 - 2025 - Abertura de Cr\u00e9dito Adicional Especial - Super\u00e1vit Financeiro - R$ 29.000,00 (vinte e nove mil reais)."}, {"id": "9751", "ano": "2025", "numero": "138", "tipo__sigla": "OFEXP", "tipo__descricao": "Of\u00edcio Expedido", "assunto": "Encaminha a portaria n\u00ba 63 de 2025  - Cancelamento de restos a pagar da C\u00e2mara Municipal de Santana da Vargem"}, {"id": "9833", "ano": "2025", "numero": "138", "tipo__sigla": "OR", "tipo__descricao": "OF\u00cdCIOS RECEBIDOS", "assunto": "Resposta ao of\u00edcio do vereador Luiz Felipe Mendon\u00e7a Rodrigues"}, {"id": "9550", "ano": "2025", "numero": "139", "tipo__sigla": "PARE", "tipo__descricao": "PARECER", "assunto": "Parecer Jur\u00eddico - Projeto de Lei Ordin\u00e1rio n\u00ba 79 - 2025 - Abertura de Cr\u00e9dito Adicional Especial - Excesso de Arrecada\u00e7\u00e3o - R$ 401.859,00 (quatrocentos e um mil oitocentos e cinquenta e nove reais)."}, {"id": "9752", "ano": "2025", "numero": "139", "tipo__sigla": "OFEXP", "tipo__descricao": "Of\u00edcio Expedido", "assunto": "Resposta ao of\u00edcio 278/2025 do Executivo - PLO 82 - 2025 - Programa de Exonera\u00e7\u00e3o volunt\u00e1ria."}, {"id": "9846", "ano": "2025", "numero": "139", "tipo__sigla": "OR", "tipo__descricao": "OF\u00cdCIOS RECEBIDOS", "assunto": "Encaminha balancetes de Receitas e Despesas referentes ao m\u00eas de Setembro de 2025"}, {"id": "9551", "ano": "2025", "numero": "140", "tipo__sigla": "PARE", "tipo__descricao": "PARECER", "assunto": "Parecer Jur\u00eddico - Projeto de Lei Ordin\u00e1rio n\u00ba 80 - 2025 - Abertura de Cr\u00e9dito Adicional Especial - Super\u00e1vit Financeiro - R$ 150.000,00 (cento e cinquenta mil reais)"}, {"id": "9764", "ano": "2025", "numero": "140", "tipo__sigla": "OFEXP", "tipo__descricao": "Of\u00edcio Expedido", "assunto": "Determina comparecimento na sess\u00e3o ordin\u00e1ria a ser realizada no dia 22/09/2025"}, {"id": "9857", "ano": "2025", "numero": "140", "tipo__sigla": "OR", "tipo__descricao": "OF\u00cdCIOS RECEBIDOS", "assunto": "Solicita retirada de tramita\u00e7\u00e3o do Projeto de Lei Complementar n\u00ba 016 de 2025"}, {"id": "9564", "ano": "2025", "numero": "141", "tipo__sigla": "PARE", "tipo__descricao": "PARECER", "assunto": "Parecer Jur\u00eddico - Projeto de Lei Ordin\u00e1ria do Legislativo n\u00ba 12 - 2025 - Institui no calend\u00e1rio oficial de festividades do munic\u00edpio os eventos \u201cCavalgada\u201d e \u201cPoeir\u00e3o\u201d."}, {"id": "9765", "ano": "2025", "numero": "141", "tipo__sigla": "OFEXP", "tipo__descricao": "Of\u00edcio Expedido", "assunto": "Encaminha a indica\u00e7\u00e3o 012 e o of\u00edcio 003 do vereador Luiz Felipe Mendon\u00e7a Rodrigues e o of\u00edcio n\u00ba 008/2025 do vereador Everton Paulo Ara\u00fajo"}, {"id": "9867", "ano": "2025", "numero": "141", "tipo__sigla": "OR", "tipo__descricao": "OF\u00cdCIOS RECEBIDOS", "assunto": "Resposta ao requerimento n\u00ba 04 do vereador Luiz Felipe Mendon\u00e7a Rodrigues - solicita informa\u00e7\u00f5es acercado do n\u00famero de mun\u00edcipes que fazem tratamento de hemodi\u00e1lise"}, {"id": "9582", "ano": "2025", "numero": "142", "tipo__sigla": "PARE", "tipo__descricao": "PARECER", "assunto": "Parecer Jur\u00eddico - Projeto de Lei Ordin\u00e1ria n\u00ba 81 - 2025 - Abertura de Cr\u00e9dito Adicional Especial - Super\u00e1vit Financeiro - R$ 12.000,00 (doze mil reais)."}, {"id": "9781", "ano": "2025", "numero": "142", "tipo__sigla": "OFEXP", "tipo__descricao": "Of\u00edcio Expedido", "assunto": "Resposta ao Of\u00edcio n\u00ba. 116/2025 do Poder Legislativo do Munic\u00edpio de Boa Esperan\u00e7a/MG"}, {"id": "9868", "ano": "2025", "numero": "142", "tipo__sigla": "OR", "tipo__descricao": "OF\u00cdCIOS RECEBIDOS", "assunto": "Resposta a indica\u00e7\u00e3o n\u00ba 14 de 2025 do vereador Luiz Felipe Mendon\u00e7a Rodrigues - Constru\u00e7\u00e3o de queba-molas na Avenida Nelson Pereira"}, {"id": "9585", "ano": "2025", "numero": "143", "tipo__sigla": "PARE", "tipo__descricao": "PARECER", "assunto": "Parecer jur\u00eddico - Projeto de Lei Ordin\u00e1ria do Legislativo n\u00ba 13 - 2025 - institui a concess\u00e3o e utiliza\u00e7\u00e3o do cord\u00e3o de girassol no munic\u00edpio de Santana da Vargem \u2013 MG."}, {"id": "9782", "ano": "2025", "numero": "143", "tipo__sigla": "OFEXP", "tipo__descricao": "Of\u00edcio Expedido", "assunto": "Resposta ao Of\u00edcio n\u00ba. 046/2025 do controle interno da C\u00e2mara Municipal de Santana da Vargem/MG"}, {"id": "9869", "ano": "2025", "numero": "143", "tipo__sigla": "OR", "tipo__descricao": "OF\u00cdCIOS RECEBIDOS", "assunto": "Resposta indica\u00e7\u00e3o n\u00ba 13/2025 do vereador Luiz Felipe Mendon\u00e7a Rodrigues - quebra molas rua Edson de Figueiredo"}, {"id": "9586", "ano": "2025", "numero": "144", "tipo__sigla": "PARE", "tipo__descricao": "PARECER", "assunto": "Parecer Jur\u00eddico - Projeto de Lei Ordin\u00e1ria do Legislativo n\u00ba 14 - 2025 - visa reconhecer a festa dos barraqueiros como evento oficial do calend\u00e1rio do munic\u00edpio de Santana da Vargem \u2013 MG."}, {"id": "9790", "ano": "2025", "numero": "144", "tipo__sigla": "OFEXP", "tipo__descricao": "Of\u00edcio Expedido", "assunto": "Encaminha Projeto de Lei aprovado"}, {"id": "9870", "ano": "2025", "numero": "144", "tipo__sigla": "OR", "tipo__descricao": "OF\u00cdCIOS RECEBIDOS", "assunto": "Resposta a indica\u00e7\u00e3o n\u00ba 15/2025 do vereador Luiz Felipe Mendon\u00e7a Rodrigues -limpeza urbana"}, {"id": "9592", "ano": "2025", "numero": "145", "tipo__sigla": "PARE", "tipo__descricao": "PARECER", "assunto": "Parecer Jur\u00eddico - Veto - Emendas aditivas 1 e 2 da LDO."}, {"id": "9791", "ano": "2025", "numero": "145", "tipo__sigla": "OFEXP", "tipo__descricao": "Of\u00edcio Expedido", "assunto": "Encaminha Of\u00edcios e Pedidos de Indica\u00e7\u00f5es"}, {"id": "9871", "ano": "2025", "numero": "145", "tipo__sigla": "OR", "tipo__descricao": "OF\u00cdCIOS RECEBIDOS", "assunto": "Resposta of\u00edcio 10/2025 do vereador Everton Paulo de Ara\u00fajo - cobertura do campo de futebol e da quadra poliesportiva do Bairro Padre Victor"}, {"id": "9618", "ano": "2025", "numero": "146", "tipo__sigla": "PARE", "tipo__descricao": "PARECER", "assunto": "Parecer Jur\u00eddico - Projeto de Lei Ordin\u00e1ria n\u00ba 17/2025 - Visa conceder descontos de 50% no IPTU aos aposentados por invalidez no Munic\u00edpio de Santana da Vargem \u2013 MG."}, {"id": "9792", "ano": "2025", "numero": "146", "tipo__sigla": "OFEXP", "tipo__descricao": "Of\u00edcio Expedido", "assunto": "Resposta ao Controle Interno"}, {"id": "9888", "ano": "2025", "numero": "146", "tipo__sigla": "OR", "tipo__descricao": "OF\u00cdCIOS RECEBIDOS", "assunto": "Encaminha documenta\u00e7\u00e3o referente aos projetos de lei complementar n\u00ba 12 014 e 015 de 2025, conforme solicitado"}, {"id": "9620", "ano": "2025", "numero": "147", "tipo__sigla": "PARE", "tipo__descricao": "PARECER", "assunto": "Parecer Jur\u00eddico - Projeto de Lei Ordin\u00e1ria do Legislativo - n\u00ba 18 -2025 - Autoriza o executivo a transportar gratuitamente cidad\u00e3os para doar sangue."}, {"id": "9793", "ano": "2025", "numero": "147", "tipo__sigla": "OFEXP", "tipo__descricao": "Of\u00edcio Expedido", "assunto": "Solicita emiss\u00e3o de guias junto ao Setor Tribut\u00e1rio do Munic\u00edpio de Santana da Vargem/MG"}, {"id": "9949", "ano": "2025", "numero": "147", "tipo__sigla": "OR", "tipo__descricao": "OF\u00cdCIOS RECEBIDOS", "assunto": "Resposta ao of\u00edcio 11/2025 referente ao pl 87  de 2025"}, {"id": "9627", "ano": "2025", "numero": "148", "tipo__sigla": "PARE", "tipo__descricao": "PARECER", "assunto": "Parecer Jur\u00eddico - Projeto de Lei Ordin\u00e1ria n. 71 - 2025 - Versa acerca do pedido do Poder Executivo para instituir o servi\u00e7o de inspe\u00e7\u00e3o sanit\u00e1ria e industrial de produtos de origem animal e criar a taxa de inspe\u00e7\u00e3o e fiscaliza\u00e7\u00e3o sanit\u00e1ria."}, {"id": "9794", "ano": "2025", "numero": "148", "tipo__sigla": "OFEXP", "tipo__descricao": "Of\u00edcio Expedido", "assunto": "Encaminha Comprovante \u00e0 Secret\u00e1ria Municipal de Finan\u00e7as"}, {"id": "9962", "ano": "2025", "numero": "148", "tipo__sigla": "OR", "tipo__descricao": "OF\u00cdCIOS RECEBIDOS", "assunto": "Solicita a retirada de projetos de lei complementar 13 e complementar 23"}, {"id": "9628", "ano": "2025", "numero": "149", "tipo__sigla": "PARE", "tipo__descricao": "PARECER", "assunto": "Parecer Jur\u00eddico - Dispensa - Produtos Aliment\u00edcios."}, {"id": "9826", "ano": "2025", "numero": "149", "tipo__sigla": "OFEXP", "tipo__descricao": "Of\u00edcio Expedido", "assunto": "Solicita que seja adicionado saldo em ficha or\u00e7ament\u00e1ria e anulado saldo em ficha or\u00e7ament\u00e1ria (protocolado posteriormente em raz\u00e3o de f\u00e9rias da servidora respons\u00e1vel pela secretaria)"}, {"id": "9986", "ano": "2025", "numero": "149", "tipo__sigla": "OR", "tipo__descricao": "OF\u00cdCIOS RECEBIDOS", "assunto": "Adequa\u00e7\u00e3o no Or\u00e7amento Municipal"}, {"id": "9630", "ano": "2025", "numero": "150", "tipo__sigla": "PARE", "tipo__descricao": "PARECER", "assunto": "Parecer Jur\u00eddico - Projeto de Lei Ordin\u00e1ria n\u00ba 83 - 2025 - Abertura de Cr\u00e9dito Adicional Especial - Excesso de Arrecada\u00e7\u00e3o - R$ 189.000,00 (cento e oitenta e nove mil reais)"}, {"id": "9828", "ano": "2025", "numero": "150", "tipo__sigla": "OFEXP", "tipo__descricao": "Of\u00edcio Expedido", "assunto": "Encaminha a reda\u00e7\u00e3o final do projeto de lei ordin\u00e1ria do legislativo n\u00ba 13 de 2025"}, {"id": "9987", "ano": "2025", "numero": "150", "tipo__sigla": "OR", "tipo__descricao": "OF\u00cdCIOS RECEBIDOS", "assunto": "Solicita autoriza\u00e7\u00e3o para uso do audit\u00f3rio da C\u00e2mara Municipal no dia 27 de Novembro de 2025"}, {"id": "9650", "ano": "2025", "numero": "151", "tipo__sigla": "PARE", "tipo__descricao": "PARECER", "assunto": "Parecer Jur\u00eddico - Projeto de Lei Ordin\u00e1ria do Legislativo n\u00ba 16 - 2025 - Institui o atendimento via Whatzapp."}, {"id": "9827", "ano": "2025", "numero": "151", "tipo__sigla": "OFEXP", "tipo__descricao": "Of\u00edcio Expedido", "assunto": "Solicita informa\u00e7\u00f5es e documentos a respeito do projeto de lei complementar 015/2025"}, {"id": "10003", "ano": "2025", "numero": "151", "tipo__sigla": "OR", "tipo__descricao": "OF\u00cdCIOS RECEBIDOS", "assunto": "Encaminha balancetes de Receitas e Despesas referentes ao m\u00eas de Outubro de 2025 nos termos da lei"}, {"id": "9651", "ano": "2025", "numero": "152", "tipo__sigla": "PARE", "tipo__descricao": "PARECER", "assunto": "Parecer sobre o Veto n\u00ba 04 - 2025"}, {"id": "9830", "ano": "2025", "numero": "152", "tipo__sigla": "OFEXP", "tipo__descricao": "Of\u00edcio Expedido", "assunto": "Encaminha of\u00edcio n] 11 de 2025 do vereador Everton Paulo Ara\u00fajo"}, {"id": "10019", "ano": "2025", "numero": "152", "tipo__sigla": "OR", "tipo__descricao": "OF\u00cdCIOS RECEBIDOS", "assunto": "Encaminhamento de documenta\u00e7\u00e3o para projeto de lei complementar n\u00ba 19/2025"}, {"id": "9654", "ano": "2025", "numero": "153", "tipo__sigla": "PARE", "tipo__descricao": "PARECER", "assunto": "Resposta - Solicita\u00e7\u00e3o de An\u00e1lise sobre a possibilidade de haver compensa\u00e7\u00e3o de horas extras  para servidor ocupante de cargo comissionado."}, {"id": "9850", "ano": "2025", "numero": "153", "tipo__sigla": "OFEXP", "tipo__descricao": "Of\u00edcio Expedido", "assunto": "Encaminha o projeto de lei ordin\u00e1rio n\u00ba 88/2025, o projeto de lei ordin\u00e1rio n\u00ba 89/2025, projeto de lei ordin\u00e1rio n\u00ba 90/2025"}, {"id": "10024", "ano": "2025", "numero": "153", "tipo__sigla": "OR", "tipo__descricao": "OF\u00cdCIOS RECEBIDOS", "assunto": "Presta informa\u00e7\u00f5es of\u00edcio 173 da presidente da C\u00e2mara"}, {"id": "9661", "ano": "2025", "numero": "154", "tipo__sigla": "PARE", "tipo__descricao": "PARECER", "assunto": "Parecer Jur\u00eddico - Projeto de Lei Complementar n\u00ba 13 - 2025 - Insere o Cargo Comissionado de Ouvidor-Geral no Plano de Cargos e Sal\u00e1rios do Executivo."}, {"id": "9851", "ano": "2025", "numero": "154", "tipo__sigla": "OFEXP", "tipo__descricao": "Of\u00edcio Expedido", "assunto": "Encaminha a reda\u00e7\u00e3o final do projeto de lei ordin\u00e1rio do executivo n\u00ba 82 de 2025"}, {"id": "10041", "ano": "2025", "numero": "154", "tipo__sigla": "OR", "tipo__descricao": "OF\u00cdCIOS RECEBIDOS", "assunto": "Encaminha minuta de edital de credenciamento em complementa\u00e7\u00e3o \u00e0 documenta\u00e7\u00e3o exigida para a an\u00e1lise do projeto de lei n\u00ba 095/2025"}, {"id": "9662", "ano": "2025", "numero": "155", "tipo__sigla": "PARE", "tipo__descricao": "PARECER", "assunto": "Parecer Jur\u00eddico - Projeto de Lei Ordin\u00e1ria n\u00ba 84 -2025 - Torna o Cargo Efetivo de Ouvidor-Geral em Cargo Comissionado."}, {"id": "9854", "ano": "2025", "numero": "155", "tipo__sigla": "OFEXP", "tipo__descricao": "Of\u00edcio Expedido", "assunto": "Solicita a elabora\u00e7\u00e3o de impacto or\u00e7ament\u00e1rio financeiro"}, {"id": "10053", "ano": "2025", "numero": "155", "tipo__sigla": "OR", "tipo__descricao": "OF\u00cdCIOS RECEBIDOS", "assunto": "Resposta ao of\u00edcio 011 do vereador Jackson Luiz Ven\u00e2ncio de Souza -Programa mais gen\u00e9tica"}, {"id": "9664", "ano": "2025", "numero": "156", "tipo__sigla": "PARE", "tipo__descricao": "PARECER", "assunto": "Parecer Jur\u00eddico - Projeto de Lei Complementar n\u00ba 12 - 2025 - Cria o cargo de Auxiliar de Apoio \u00e0 Educa\u00e7\u00e3o Especial e ampliar o n\u00famero de vagas para Professor de Educa\u00e7\u00e3o Infantil."}, {"id": "9887", "ano": "2025", "numero": "156", "tipo__sigla": "OFEXP", "tipo__descricao": "Of\u00edcio Expedido", "assunto": "Solicita que seja adicionado saldo em ficha e anulado saldo em ficha"}, {"id": "10054", "ano": "2025", "numero": "156", "tipo__sigla": "OR", "tipo__descricao": "OF\u00cdCIOS RECEBIDOS", "assunto": "Resposta of\u00edcio vereador Everton Paulo Ara\u00fajo - contrato com empresa agropet"}, {"id": "9681", "ano": "2025", "numero": "157", "tipo__sigla": "PARE", "tipo__descricao": "PARECER", "assunto": "Parecer Jur\u00eddico - Projeto de Lei Complementar n\u00ba 12 - 2025 - visa alterar a Lei Complementar n. 23/2022 (Plano de cargos e sal\u00e1rios do Executivo) para criar o cargo efetivo de auxiliar de apoio \u00e0 educa\u00e7\u00e3o especial e ampliar o n\u00famero de vagas de professor de educa\u00e7\u00e3o infantil."}, {"id": "9883", "ano": "2025", "numero": "157", "tipo__sigla": "OFEXP", "tipo__descricao": "Of\u00edcio Expedido", "assunto": "Solicita a disponibiliza\u00e7\u00e3o de 08 oito horas t\u00e9cnicas junto \u00e0 empresa Solu\u00e7\u00e3o Tecnologia de Gest\u00e3o P\u00fablico ME respons\u00e1vel pelo suporte t\u00e9cnico Betha"}, {"id": "10055", "ano": "2025", "numero": "157", "tipo__sigla": "OR", "tipo__descricao": "OF\u00cdCIOS RECEBIDOS", "assunto": "Resposta of\u00edcio vereador Everton Paulo Ara\u00fajo"}, {"id": "9683", "ano": "2025", "numero": "158", "tipo__sigla": "PARE", "tipo__descricao": "PARECER", "assunto": "Parecer Jur\u00eddico - Projeto de Lei Complementar n\u00ba 14 - 2025 - visa alterar a Lei Complementar n. 23/2022 (Plano de cargos e sal\u00e1rios do Executivo) para ampliar o n\u00famero de vagas para o cargo efetivo de auxiliar de servi\u00e7os p\u00fablicos de 31 para 33."}, {"id": "9889", "ano": "2025", "numero": "158", "tipo__sigla": "OFEXP", "tipo__descricao": "Of\u00edcio Expedido", "assunto": "Convoca Vereadores para Reuni\u00e3o Extraordin\u00e1ria"}, {"id": "10056", "ano": "2025", "numero": "158", "tipo__sigla": "OR", "tipo__descricao": "OF\u00cdCIOS RECEBIDOS", "assunto": "Resposta ao of\u00edcio 003 do vereador Ant\u00f4nio Afonso de Oliveira"}, {"id": "9707", "ano": "2025", "numero": "159", "tipo__sigla": "PARE", "tipo__descricao": "PARECER", "assunto": "Parecer Jur\u00eddico - Projeto de Lei Complementar do Legislativo n\u00ba 03 - 2025 - Altera a jornada de trabalho do cargo de Diretor as segundas-feiras."}, {"id": "9891", "ano": "2025", "numero": "159", "tipo__sigla": "OFEXP", "tipo__descricao": "Of\u00edcio Expedido", "assunto": "Convoca\u00e7\u00e3o para sess\u00e3o extraordin\u00e1ria no dia 03 de novembro de 2025"}, {"id": "10090", "ano": "2025", "numero": "159", "tipo__sigla": "OR", "tipo__descricao": "OF\u00cdCIOS RECEBIDOS", "assunto": "Resposta ao Parecer Jur\u00eddico do PL 086/2025"}, {"id": "9708", "ano": "2025", "numero": "160", "tipo__sigla": "PARE", "tipo__descricao": "PARECER", "assunto": "Parecer Jur\u00eddico - Projeto de Lei Complementar do Legislativo n\u00ba 02 - 2025 - Possibilita o pagamento de 13\u00ba e 1/3 de f\u00e9rias para os Secret\u00e1rios Municipais."}, {"id": "9892", "ano": "2025", "numero": "160", "tipo__sigla": "OFEXP", "tipo__descricao": "Of\u00edcio Expedido", "assunto": "Solicita emiss\u00e3o de guias conforme of\u00edcio 053 da contabilidade"}, {"id": "10111", "ano": "2025", "numero": "160", "tipo__sigla": "OR", "tipo__descricao": "OF\u00cdCIOS RECEBIDOS", "assunto": "Resposta ao Pedido de Provid\u00eancia vereador Everton Paulo Ara\u00fajo - Solicita\u00e7\u00e3o para utiliza\u00e7\u00e3o do duod\u00e9cimo na complementa\u00e7\u00e3o do Piso salarial dos professores e agentes de sa\u00fade municipais"}, {"id": "9709", "ano": "2025", "numero": "161", "tipo__sigla": "PARE", "tipo__descricao": "PARECER", "assunto": "Parecer jur\u00eddico - Projeto de Lei Ordin\u00e1rio do Legislativo n\u00ba 19 -2025 - Visa alterar os incisos I, II e III da Lei Ordin\u00e1ria Municipal n\u00ba 1.343 de 28 de mar\u00e7o de 2014 (Aux\u00edlio \u2013 Transporte)."}, {"id": "9908", "ano": "2025", "numero": "161", "tipo__sigla": "OFEXP", "tipo__descricao": "Of\u00edcio Expedido", "assunto": "Encaminha projetos de lei aprovados em sess\u00e3o extraordin\u00e1ria realizada no dia 03 de novembro"}, {"id": "10112", "ano": "2025", "numero": "161", "tipo__sigla": "OR", "tipo__descricao": "OF\u00cdCIOS RECEBIDOS", "assunto": "Resposta of\u00edcio 28/2025 vereador Paulo Jos\u00e9 Barbosa- Resposta ao pedido de esclarecimento - Recurso para aquisi\u00e7\u00e3o de van com Acessibilidade"}, {"id": "9719", "ano": "2025", "numero": "162", "tipo__sigla": "PARE", "tipo__descricao": "PARECER", "assunto": "Parecer Jur\u00eddico - Projeto de Lei Ordin\u00e1ria n\u00ba 82 - 2025 - Institui o programa de exonera\u00e7\u00e3o volunt\u00e1ria \u2013 PEV no munic\u00edpio de Santana da Vargem \u2013 MG."}, {"id": "9911", "ano": "2025", "numero": "162", "tipo__sigla": "OFEXP", "tipo__descricao": "Of\u00edcio Expedido", "assunto": "Solicita avalia\u00e7\u00e3o da sede da C\u00e2mara Municipal de Santana da Vargem"}, {"id": "10121", "ano": "2025", "numero": "162", "tipo__sigla": "OR", "tipo__descricao": "OF\u00cdCIOS RECEBIDOS", "assunto": "Solicita indica\u00e7\u00e3o de dois membros da C\u00e2mara Municipal para comporem o comit\u00ea intersetorial da primeira inf\u00e2ncia do Munic\u00edpio de Santana da Vargem"}, {"id": "9720", "ano": "2025", "numero": "163", "tipo__sigla": "PARE", "tipo__descricao": "PARECER", "assunto": "Oficio Procuradoria n\u00ba 16 - 2025 - Adicional de Assiduidade."}, {"id": "9954", "ano": "2025", "numero": "163", "tipo__sigla": "OFEXP", "tipo__descricao": "Of\u00edcio Expedido", "assunto": "Convida professores e alunos do 3\u00ba ano para palestra que ser\u00e1 ministrada na c\u00e2mara municipal de Santana da Vargem"}, {"id": "10133", "ano": "2025", "numero": "163", "tipo__sigla": "OR", "tipo__descricao": "OF\u00cdCIOS RECEBIDOS", "assunto": "Of\u00edcio recebido Documenta\u00e7\u00e3o para projeto de lei 020/2025"}, {"id": "9721", "ano": "2025", "numero": "164", "tipo__sigla": "PARE", "tipo__descricao": "PARECER", "assunto": "Parecer Jur\u00eddico - Dispensa - Cobertura para garagem do Legislativo."}, {"id": "9955", "ano": "2025", "numero": "164", "tipo__sigla": "OFEXP", "tipo__descricao": "Of\u00edcio Expedido", "assunto": "Convoca motorista para viagem para Belo Horizonte"}, {"id": "10154", "ano": "2025", "numero": "164", "tipo__sigla": "OR", "tipo__descricao": "OF\u00cdCIOS RECEBIDOS", "assunto": "Encaminha laudo de avalia\u00e7\u00e3o emitido pela Comiss\u00e3o Especial Permanente de Avalia\u00e7\u00e3o de Bens M\u00f3veis e Im\u00f3veis"}, {"id": "9722", "ano": "2025", "numero": "165", "tipo__sigla": "PARE", "tipo__descricao": "PARECER", "assunto": "Parecer Jur\u00eddico - Inexigibilidade - Curso \u201cUso das Intelig\u00eancias artificiais pelos Vereadores e Assessores do Legislativo\u201d."}, {"id": "9956", "ano": "2025", "numero": "165", "tipo__sigla": "OFEXP", "tipo__descricao": "Of\u00edcio Expedido", "assunto": "Resposta of\u00edcio 51 da controladoria interna"}, {"id": "9749", "ano": "2025", "numero": "166", "tipo__sigla": "PARE", "tipo__descricao": "PARECER", "assunto": "Parecer Jur\u00eddico - Inexigibilidade - Curso - Sistema Betha Cloud."}, {"id": "9957", "ano": "2025", "numero": "166", "tipo__sigla": "OFEXP", "tipo__descricao": "Of\u00edcio Expedido", "assunto": "Encaminha of\u00edcio 012 do vereador Everton Paulo Ara\u00fajo, of\u00edcio 29 do vereador Paulo Jos\u00e9 Barbosa e of\u00edcio 011 do vereador Jackson Luiz Ven\u00e2ncio de Souza"}, {"id": "9756", "ano": "2025", "numero": "167", "tipo__sigla": "PARE", "tipo__descricao": "PARECER", "assunto": "Parecer jur\u00eddico - Dispensa - Manuten\u00e7\u00e3o de Port\u00e3o Eletr\u00f4nico."}, {"id": "9959", "ano": "2025", "numero": "167", "tipo__sigla": "OFEXP", "tipo__descricao": "Of\u00edcio Expedido", "assunto": "Solicita cess\u00e3o de um ve\u00edculo e motorista para levar os servidores Ruiter Silva de Oliveira, Cleber de Brito e Rafael Teixeira Nogueira para participar de curso"}, {"id": "9757", "ano": "2025", "numero": "168", "tipo__sigla": "PARE", "tipo__descricao": "PARECER", "assunto": "Parecer Jur\u00eddico - Dispensa - Concurso P\u00fablico."}, {"id": "9985", "ano": "2025", "numero": "168", "tipo__sigla": "OFEXP", "tipo__descricao": "Of\u00edcio Expedido", "assunto": "Resposta o of\u00edcio 337 do Gabinete do Prefeito"}, {"id": "9761", "ano": "2025", "numero": "169", "tipo__sigla": "PARE", "tipo__descricao": "PARECER", "assunto": "Parecer Jur\u00eddico - Projeto de Lei Ordin\u00e1ria n\u00ba 87 - 2025 - Autoriza\u00e7\u00e3o para pagamento de d\u00e9bitos previdenci\u00e1rios"}, {"id": "9988", "ano": "2025", "numero": "169", "tipo__sigla": "OFEXP", "tipo__descricao": "Of\u00edcio Expedido", "assunto": "Encaminha a reda\u00e7\u00e3o do projeto de lei complementar n\u00ba 12 de 2025"}, {"id": "9763", "ano": "2025", "numero": "170", "tipo__sigla": "PARE", "tipo__descricao": "PARECER", "assunto": "Parecer Jur\u00eddico - Dispensa - Aquisi\u00e7\u00e3o de quadro, placas de legislatura e placas de homenagem."}, {"id": "9993", "ano": "2025", "numero": "170", "tipo__sigla": "OFEXP", "tipo__descricao": "Of\u00edcio Expedido", "assunto": "Encaminha o projeto de lei complementar n\u00ba 15 de 2025"}, {"id": "9773", "ano": "2025", "numero": "171", "tipo__sigla": "PARE", "tipo__descricao": "PARECER", "assunto": "Parecer jur\u00eddico - Dispensa - Servi\u00e7o de Buffet."}, {"id": "9994", "ano": "2025", "numero": "171", "tipo__sigla": "OFEXP", "tipo__descricao": "Of\u00edcio Expedido", "assunto": "Informa per\u00edodo de f\u00e9rias do servidor Emerson Silva Ara\u00fajo"}, {"id": "9798", "ano": "2025", "numero": "172", "tipo__sigla": "PARE", "tipo__descricao": "PARECER", "assunto": "Parecer Jur\u00eddico - Projeto de Lei Ordin\u00e1ria n. 88 - 2025 - Abertura de Cr\u00e9dito Adicional Especial - Super\u00e1vit - R$ 3.600,00 (tr\u00eas mil e seiscentos reais)"}, {"id": "10001", "ano": "2025", "numero": "172", "tipo__sigla": "OFEXP", "tipo__descricao": "Of\u00edcio Expedido", "assunto": "Resposta ao of\u00edcio 128/2025 do prefeito municipal"}, {"id": "9799", "ano": "2025", "numero": "173", "tipo__sigla": "PARE", "tipo__descricao": "PARECER", "assunto": "Parecer Jur\u00eddico - Projeto de Lei Ordin\u00e1ria n. 89 - 2025 - Abertura de Cr\u00e9dito Adicional Especial - Excesso de Arrecada\u00e7\u00e3o - R$ 200.000,00 (duzentos mil reais)"}, {"id": "10018", "ano": "2025", "numero": "173", "tipo__sigla": "OFEXP", "tipo__descricao": "Of\u00edcio Expedido", "assunto": "Encaminha o pedido de provid\u00eancias do vereador Everton Paulo Ara\u00fajo e o requerimento n\u00ba 005 de 2025 do vereador Jackson Luiz Ven\u00e2ncio de Souza"}, {"id": "9800", "ano": "2025", "numero": "174", "tipo__sigla": "PARE", "tipo__descricao": "PARECER", "assunto": "Parecer Jur\u00eddico - Projeto de Lei Ordin\u00e1ria n. 90 - 2025 - Abertura de Cr\u00e9dito Adicional Especial - Excesso de Arrecada\u00e7\u00e3o - R$ 150.000,00 (cento e cinquenta mil reais)."}, {"id": "10022", "ano": "2025", "numero": "174", "tipo__sigla": "OFEXP", "tipo__descricao": "Of\u00edcio Expedido", "assunto": "Encaminha projeto de lei ordin\u00e1ria do legislativo n\u00ba 12 de 2025"}, {"id": "9801", "ano": "2025", "numero": "175", "tipo__sigla": "PARE", "tipo__descricao": "PARECER", "assunto": "Parecer Jur\u00eddico - Projeto de Lei Ordin\u00e1ria n. 91 - 2025 - Abertura de Cr\u00e9dito Adicional Especial - Excesso de Arrecada\u00e7\u00e3o - R$ 360.000,00 (Trezentos e sessenta mil reais)"}, {"id": "10042", "ano": "2025", "numero": "175", "tipo__sigla": "OFEXP", "tipo__descricao": "Of\u00edcio Expedido", "assunto": "Convoca\u00e7\u00e3o para levar vereadores Jackson e Everton Paulo para participarem de congresso"}, {"id": "9802", "ano": "2025", "numero": "176", "tipo__sigla": "PARE", "tipo__descricao": "PARECER", "assunto": "Parecer Jur\u00eddico - Projeto de Lei Ordin\u00e1ria n. 92 - 2025 - Revoga\u00e7\u00e3o da Lei Ordin\u00e1ria Municipal n\u02da 1.370 de 11 de dezembro de 2014."}, {"id": "10043", "ano": "2025", "numero": "176", "tipo__sigla": "OFEXP", "tipo__descricao": "Of\u00edcio Expedido", "assunto": "Encaminha projeto de lei ordin\u00e1ria n\u00ba 99/2025 aprovado em sess\u00e3o ordin\u00e1ria do dia 1 de Dezembro de 2025"}, {"id": "9803", "ano": "2025", "numero": "177", "tipo__sigla": "PARE", "tipo__descricao": "PARECER", "assunto": "Parecer Jur\u00eddico - Projeto de Lei Complementar n. 15 - Altera a Lei Complementar n. 23/2022 (Plano de cargos e sal\u00e1rios do Executivo) para criar o cargo efetivo de dentista II e uma vaga para auxiliar de dentista."}, {"id": "10057", "ano": "2025", "numero": "177", "tipo__sigla": "OFEXP", "tipo__descricao": "Of\u00edcio Expedido", "assunto": "Informa que o Processo n\u00ba 009/2024, Preg\u00e3o presencial n\u00ba 001/2024 n\u00e3o foi prorrogado"}, {"id": "9804", "ano": "2025", "numero": "178", "tipo__sigla": "PARE", "tipo__descricao": "PARECER", "assunto": "Parecer Jur\u00eddico - Projeto de Lei Complementar 16 - 2025 - Isentar a taxa de licen\u00e7a para execu\u00e7\u00e3o de obras, as constru\u00e7\u00f5es vinculadas a programas habitacionais de interesse social, implementados no munic\u00edpio de Santana da Vargem, promovidos ou subsidiados por entes do governo federal ou mediante conv\u00eanios, contratos ou instrumentos cong\u00eaneres com o munic\u00edpio."}, {"id": "10058", "ano": "2025", "numero": "178", "tipo__sigla": "OFEXP", "tipo__descricao": "Of\u00edcio Expedido", "assunto": "Solicita emiss\u00e3o de guias conforme of\u00edcio do setor de contabilidade"}, {"id": "9811", "ano": "2025", "numero": "179", "tipo__sigla": "PARE", "tipo__descricao": "PARECER", "assunto": "Parecer Jur\u00eddico - Projeto de Lei Ordin\u00e1ria n\u00ba 94 - 2025 - Revoga a Lei Ordin\u00e1ria Municipal n\u00ba 1.245 - 2011 - Doa\u00e7\u00e3o de Terreno."}, {"id": "10060", "ano": "2025", "numero": "179", "tipo__sigla": "OFEXP", "tipo__descricao": "Of\u00edcio Expedido", "assunto": "Convoca servidores para comparecer no dia 12 de dezembro de 2025"}, {"id": "9812", "ano": "2025", "numero": "180", "tipo__sigla": "PARE", "tipo__descricao": "PARECER", "assunto": "Parecer Jur\u00eddico - Projeto de Lei Ordin\u00e1ria n\u00ba 93 - 2025 - Altera o Prazo do Plano Municipal de Educa\u00e7\u00e3o - PME"}, {"id": "10061", "ano": "2025", "numero": "180", "tipo__sigla": "OFEXP", "tipo__descricao": "Of\u00edcio Expedido", "assunto": "Formaliza a determina\u00e7\u00e3o  realizada verbalmente para comparecimento do servidor Ruiter Silva de Oliveira no dia 05/12/2025 em sess\u00e3o ordin\u00e1ria"}, {"id": "9819", "ano": "2025", "numero": "181", "tipo__sigla": "PARE", "tipo__descricao": "PARECER", "assunto": "Parecer Jur\u00eddico - Projeto de Lei Ordin\u00e1ria do Legislativo n\u00ba 20 -2025 - Declara a utilidade p\u00fablica do SEC - Santana Esporte Clube."}, {"id": "10062", "ano": "2025", "numero": "181", "tipo__sigla": "OFEXP", "tipo__descricao": "Of\u00edcio Expedido", "assunto": "Solicita ao setor cont\u00e1bil emiss\u00e3o de parecer referente ao Projeto de Lei Ordin\u00e1ria n\u00ba 85/2025"}, {"id": "9820", "ano": "2025", "numero": "182", "tipo__sigla": "PARE", "tipo__descricao": "PARECER", "assunto": "Parecer Jur\u00eddico - Projeto de Lei Ordin\u00e1ria do Legislativo n\u00ba 21 - 2025 - Institui o dia do trabalhador rural."}, {"id": "10063", "ano": "2025", "numero": "182", "tipo__sigla": "OFEXP", "tipo__descricao": "Of\u00edcio Expedido", "assunto": "Encaminha os projetos de lei ordin\u00e1rias n\u00ba 100, n\u00ba 104, n\u00ba 105, n\u00ba 106 e n\u00ba 107 aprovados na reuni\u00e3o realizada no dia 09 de dezembro de 2025"}, {"id": "9824", "ano": "2025", "numero": "183", "tipo__sigla": "PARE", "tipo__descricao": "PARECER", "assunto": "Parecer jur\u00eddico - Projeto de Lei Ordin\u00e1ria do Legislativo n\u00ba 23 - 2025 - Possibilita a realiza\u00e7\u00e3o da matr\u00edcula online nas escolas da rede municipal"}, {"id": "10050", "ano": "2025", "numero": "183", "tipo__sigla": "OFEXP", "tipo__descricao": "Of\u00edcio Expedido", "assunto": "Resposta a Not\u00edcia de Fato n\u00ba 02.16.0694.0312758.2025-09"}, {"id": "9838", "ano": "2025", "numero": "184", "tipo__sigla": "PARE", "tipo__descricao": "PARECER", "assunto": "Parecer Jur\u00eddico - Projeto de Lei Ordin\u00e1ria n\u00ba 96 - Abertura de Cr\u00e9dito Adicional Especial - Super\u00e1vit Financeiro -R$ 83.272,60 (oitenta e tr\u00eas mil duzentos e setenta e dois reais e sessenta centavos"}, {"id": "10066", "ano": "2025", "numero": "184", "tipo__sigla": "OFEXP", "tipo__descricao": "Of\u00edcio Expedido", "assunto": "Convoca para reuni\u00e3o extraordin\u00e1ria no dia 11 de dezembro de 2025 as 19h"}, {"id": "9839", "ano": "2025", "numero": "185", "tipo__sigla": "PARE", "tipo__descricao": "PARECER", "assunto": "Parecer jur\u00eddico - Projeto de Lei Ordin\u00e1ria n. 98 - 2025 - Estende o prazo do Prorefis."}, {"id": "10067", "ano": "2025", "numero": "185", "tipo__sigla": "OFEXP", "tipo__descricao": "Of\u00edcio Expedido", "assunto": "Convoca para reuni\u00e3o extraordin\u00e1ria no dia 11 de dezembro de 2025 as 19h"}, {"id": "9842", "ano": "2025", "numero": "186", "tipo__sigla": "PARE", "tipo__descricao": "PARECER", "assunto": "Parecer Jur\u00eddico - Projeto de Lei Ordin\u00e1ria do Legislativo n. 22 - 2025 - Institui a doa\u00e7\u00e3o de pr\u00f3teses dent\u00e1rias no munic\u00edpio."}, {"id": "10068", "ano": "2025", "numero": "186", "tipo__sigla": "OFEXP", "tipo__descricao": "Of\u00edcio Expedido", "assunto": "Convoca para reuni\u00e3o extraordin\u00e1ria no dia 11 de dezembro de 2025 as 19h"}, {"id": "9872", "ano": "2025", "numero": "187", "tipo__sigla": "PARE", "tipo__descricao": "PARECER", "assunto": "Parecer Jur\u00eddico - Projeto de Lei Ordin\u00e1ria n\u00ba 99 - 2025 - Altera a LDO para permitir altera\u00e7\u00f5es tribut\u00e1rias."}, {"id": "10069", "ano": "2025", "numero": "187", "tipo__sigla": "OFEXP", "tipo__descricao": "Of\u00edcio Expedido", "assunto": "Convoca para reuni\u00e3o extraordin\u00e1ria no dia 11 de dezembro de 2025 as 19h"}, {"id": "9894", "ano": "2025", "numero": "188", "tipo__sigla": "PARE", "tipo__descricao": "PARECER", "assunto": "Parecer Jur\u00eddico - Projeto de Lei Ordin\u00e1ria n\u00ba 95 - 2025 - Visa Conceder o Uso do Vel\u00f3rio Municipal. (Concess\u00e3o de Uso de Bem P\u00fablico Municipal)"}, {"id": "10070", "ano": "2025", "numero": "188", "tipo__sigla": "OFEXP", "tipo__descricao": "Of\u00edcio Expedido", "assunto": "Convoca para reuni\u00e3o extraordin\u00e1ria no dia 11 de dezembro de 2025 as 19h"}, {"id": "9937", "ano": "2025", "numero": "189", "tipo__sigla": "PARE", "tipo__descricao": "PARECER", "assunto": "Parecer Jur\u00eddico - Seguro de Ve\u00edculo Oficial da C\u00e2mara."}, {"id": "10071", "ano": "2025", "numero": "189", "tipo__sigla": "OFEXP", "tipo__descricao": "Of\u00edcio Expedido", "assunto": "Convoca para reuni\u00e3o extraordin\u00e1ria no dia 11 de dezembro de 2025 as 19h"}, {"id": "9953", "ano": "2025", "numero": "190", "tipo__sigla": "PARE", "tipo__descricao": "PARECER", "assunto": "Parecer Jur\u00eddico - 145\u02da semin\u00e1rio brasileiro para Prefeitas, Prefeitos, Vereadores, Assessores, Procuradores e Controladores Internos."}, {"id": "10072", "ano": "2025", "numero": "190", "tipo__sigla": "OFEXP", "tipo__descricao": "Of\u00edcio Expedido", "assunto": "Convoca para reuni\u00e3o extraordin\u00e1ria no dia 11 de dezembro de 2025 as 19h"}, {"id": "9998", "ano": "2025", "numero": "191", "tipo__sigla": "PARE", "tipo__descricao": "PARECER", "assunto": "Parecer Jur\u00eddico - Projeto de Decreto Legislativo - Honrarias"}, {"id": "10073", "ano": "2025", "numero": "191", "tipo__sigla": "OFEXP", "tipo__descricao": "Of\u00edcio Expedido", "assunto": "Convoca para reuni\u00e3o extraordin\u00e1ria no dia 11 de dezembro de 2025 as 19h"}, {"id": "10004", "ano": "2025", "numero": "192", "tipo__sigla": "PARE", "tipo__descricao": "PARECER", "assunto": "Parecer jur\u00eddico - Dispensa - Aquisi\u00e7\u00e3o de Toner para impressora."}, {"id": "10074", "ano": "2025", "numero": "192", "tipo__sigla": "OFEXP", "tipo__descricao": "Of\u00edcio Expedido", "assunto": "Convoca servidor Ruiter para reuni\u00e3o extraordin\u00e1ria no dia 11 de dezembro de 2025 as 19h e autoriza pagamento de horas extras"}, {"id": "10005", "ano": "2025", "numero": "193", "tipo__sigla": "PARE", "tipo__descricao": "PARECER", "assunto": "Parecer Jur\u00eddico - Dispensa - Aquisi\u00e7\u00e3o de equipamentos audiovisuais e acess\u00f3rios para grava\u00e7\u00e3o e transmiss\u00e3o de reuni\u00f5es da C\u00e2mara."}, {"id": "10083", "ano": "2025", "numero": "193", "tipo__sigla": "OFEXP", "tipo__descricao": "Of\u00edcio Expedido", "assunto": "Manifesta\u00e7\u00e3o em not\u00edcia de fato n\u00ba 02.16.0694.0313293.2025-17"}, {"id": "10020", "ano": "2025", "numero": "194", "tipo__sigla": "PARE", "tipo__descricao": "PARECER", "assunto": "Parecer Jur\u00eddico - Inexigibilidade - 18\u02da Congresso Brasileiro de C\u00e2maras Municipais."}, {"id": "10084", "ano": "2025", "numero": "194", "tipo__sigla": "OFEXP", "tipo__descricao": "Of\u00edcio Expedido", "assunto": "Solicita autoriza\u00e7\u00e3o para fechamento de vias p\u00fablicas"}, {"id": "10027", "ano": "2025", "numero": "195", "tipo__sigla": "PARE", "tipo__descricao": "PARECER", "assunto": "Parecer Jur\u00eddico - Dispensa - Contrata\u00e7\u00e3o de empresa especializada em seguran\u00e7a e engenharia do trabalho."}, {"id": "10085", "ano": "2025", "numero": "195", "tipo__sigla": "OFEXP", "tipo__descricao": "Of\u00edcio Expedido", "assunto": "Encaminha projetos de lei aprovados na sess\u00e3o ordin\u00e1ria do dia 12 de dezembro de 2025"}, {"id": "10028", "ano": "2025", "numero": "196", "tipo__sigla": "PARE", "tipo__descricao": "PARECER", "assunto": "Parecer Jur\u00eddico - Projeto de Lei Ordin\u00e1ria n. 86 - 2025 - Lei Or\u00e7ament\u00e1ria Anual para o exerc\u00edcio financeiro de 2026."}, {"id": "10102", "ano": "2025", "numero": "196", "tipo__sigla": "OFEXP", "tipo__descricao": "Of\u00edcio Expedido", "assunto": "Encaminha o Projeto de Lei Ordin\u00e1rio do Legislativo n\u00ba 021/2025 aprovado"}, {"id": "10029", "ano": "2025", "numero": "197", "tipo__sigla": "PARE", "tipo__descricao": "PARECER", "assunto": "Parecer Jur\u00eddico - Projeto de Lei 85 - 2025 - Estabelece o plano plurianual 2026 - 2029."}, {"id": "10103", "ano": "2025", "numero": "197", "tipo__sigla": "OFEXP", "tipo__descricao": "Of\u00edcio Expedido", "assunto": "Encaminha o projeto de lei ordin\u00e1ria 071 e o projeto de lei ordin\u00e1ria 097 aprovados"}, {"id": "10030", "ano": "2025", "numero": "198", "tipo__sigla": "PARE", "tipo__descricao": "PARECER", "assunto": "Parecer Jur\u00eddico - Projeto de Lei Ordin\u00e1ria n\u00ba 104/2025 - Abertura de Cr\u00e9dito Adicional Especial por excesso de arrecada\u00e7\u00e3o - R$ 50.000,00 (cinquenta mil reais)."}, {"id": "10116", "ano": "2025", "numero": "198", "tipo__sigla": "OFEXP", "tipo__descricao": "Of\u00edcio Expedido", "assunto": "Encaminha a reda\u00e7\u00e3o final do projeto de lei complementar n\u00ba 19"}, {"id": "10031", "ano": "2025", "numero": "199", "tipo__sigla": "PARE", "tipo__descricao": "PARECER", "assunto": "Parecer Jur\u00eddico - Projeto de Lei Ordin\u00e1ria n\u00ba 105/2025 - Abertura de Cr\u00e9dito Adicional Especial por excesso de arrecada\u00e7\u00e3o - R$ 200.000,00 (duzentos mil reais)."}, {"id": "10117", "ano": "2025", "numero": "199", "tipo__sigla": "OFEXP", "tipo__descricao": "Of\u00edcio Expedido", "assunto": "Determina o pagamento de horas extras ao Sr. Felipe Tom\u00e9 Mota e Silva no dia 02 de Dezembro de 2025"}, {"id": "10032", "ano": "2025", "numero": "200", "tipo__sigla": "PARE", "tipo__descricao": "PARECER", "assunto": "Parecer Jur\u00eddico - Projeto de Lei Ordin\u00e1ria n\u00ba 106/2025 - Abertura de Cr\u00e9dito Adicional Especial por excesso de arrecada\u00e7\u00e3o - R$ 73.009,10 (setenta e tr\u00eas mil nove reais e dez centavos)."}, {"id": "10118", "ano": "2025", "numero": "200", "tipo__sigla": "OFEXP", "tipo__descricao": "Of\u00edcio Expedido", "assunto": "Convoca para sess\u00e3o extraordin\u00e1ria a ser realizada no dia 19 de dezembro de 2025 as 19h"}, {"id": "10033", "ano": "2025", "numero": "201", "tipo__sigla": "PARE", "tipo__descricao": "PARECER", "assunto": "Parecer Jur\u00eddico - Projeto de Lei Ordin\u00e1ria n\u00ba 107/2025 - Abertura de Cr\u00e9dito Adicional Especial por excesso de arrecada\u00e7\u00e3o - R$ 396.000,00 (trezentos e noventa e seis mil reais)."}, {"id": "10119", "ano": "2025", "numero": "201", "tipo__sigla": "OFEXP", "tipo__descricao": "Of\u00edcio Expedido", "assunto": "Convoca\u00e7\u00e3o para sess\u00e3o ordin\u00e1ria no dia 19/12/2025"}, {"id": "10034", "ano": "2025", "numero": "202", "tipo__sigla": "PARE", "tipo__descricao": "PARECER", "assunto": "Parecer Jur\u00eddico - Projeto de Lei Ordin\u00e1ria n\u00ba 100/2025 - Altera o contrato do CIMBASP. Teto remunerat\u00f3rio."}, {"id": "10136", "ano": "2025", "numero": "202", "tipo__sigla": "OFEXP", "tipo__descricao": "Of\u00edcio Expedido", "assunto": "Encaminha os projetos de lei 111, 112 aprovados na reuni\u00e3o extraordin\u00e1ria realizada no dia 19 de dezembro"}, {"id": "10035", "ano": "2025", "numero": "203", "tipo__sigla": "PARE", "tipo__descricao": "PARECER", "assunto": "Parecer Jur\u00eddico - Lei Ordin\u00e1ria n. 103 - 2025 - Concess\u00e3o da Revis\u00e3o Anual para o exerc\u00edcio financeiro de 2025."}, {"id": "10137", "ano": "2025", "numero": "203", "tipo__sigla": "OFEXP", "tipo__descricao": "Of\u00edcio Expedido", "assunto": "Encaminha os projetos de lei 85 e 101 aprovados na sess\u00e3o extraordin\u00e1ria realizada no dia 19 de dezembro de 2025 e o veto n\u00ba 005/2025 mantido"}, {"id": "10036", "ano": "2025", "numero": "204", "tipo__sigla": "PARE", "tipo__descricao": "PARECER", "assunto": "Parecer Jur\u00eddico - Dispensa - Contrata\u00e7\u00e3o de servi\u00e7o especializado em emiss\u00e3o de certificado digital para pessoa f\u00edsica tipo A1 e pessoa jur\u00eddica tipo A1."}, {"id": "10138", "ano": "2025", "numero": "204", "tipo__sigla": "OFEXP", "tipo__descricao": "Of\u00edcio Expedido", "assunto": "Encaminha reda\u00e7\u00f5es finais de projetos aprovados ordin\u00e1rias do legislativo 18 e 22 e projetos de lei ordin\u00e1rias 86 e 103"}, {"id": "10037", "ano": "2025", "numero": "205", "tipo__sigla": "PARE", "tipo__descricao": "PARECER", "assunto": "Parecer jur\u00eddico - Dispensa - Aquisi\u00e7\u00e3o de rel\u00f3gio de ponto, treinamento, software e etc."}, {"id": "10143", "ano": "2025", "numero": "205", "tipo__sigla": "OFEXP", "tipo__descricao": "Of\u00edcio Expedido", "assunto": "Encaminha despacho de arquivamento do projeto de lei ordin\u00e1ria n\u00ba 87 de 2025"}, {"id": "10038", "ano": "2025", "numero": "206", "tipo__sigla": "PARE", "tipo__descricao": "PARECER", "assunto": "Parecer jur\u00eddico - Projeto de Lei Ordin\u00e1ria n\u00ba 101 - 2025 - Altera o organograma do Executivo para inclus\u00e3o da Ouvidoria-Geral."}, {"id": "10148", "ano": "2025", "numero": "206", "tipo__sigla": "OFEXP", "tipo__descricao": "Of\u00edcio Expedido", "assunto": "Solicita ao setor de tributa\u00e7\u00e3o que seja emitida uma guia de IRRF referente \u00e0 reten\u00e7\u00e3o na folha dos servidores/vereadores mensal e 13\u00aa e guia de rendimentos referente \u00e0 reten\u00e7\u00e3o de imposto de renda de fornecedores"}, {"id": "10044", "ano": "2025", "numero": "207", "tipo__sigla": "PARE", "tipo__descricao": "PARECER", "assunto": "Parecer Jur\u00eddico - Projeto de Lei Ordin\u00e1ria n. 110 -2025 - Abertura de Cr\u00e9dito Adicional Especial - Excesso de Arrecada\u00e7\u00e3o - R$ 1.449.753,48 (um milh\u00e3o quatrocentos e quarenta e nove mil setecentos e cinquenta e tr\u00eas reais e quarenta e oito centavos)"}, {"id": "10155", "ano": "2025", "numero": "207", "tipo__sigla": "OFEXP", "tipo__descricao": "Of\u00edcio Expedido", "assunto": "Encaminha projetos de lei aprovados na 9\u00aa reuni\u00e3o ordin\u00e1ria"}, {"id": "10045", "ano": "2025", "numero": "208", "tipo__sigla": "PARE", "tipo__descricao": "PARECER", "assunto": "Parecer Jur\u00eddico - Projeto de Lei Ordin\u00e1ria n\u00ba 97 - 2025 - Abertura de Cr\u00e9dito Adicional Especial - Excesso de Arrecada\u00e7\u00e3o - R$ 316.800,00 (trezentos e dezesseis mil e oitocentos reais)"}, {"id": "10156", "ano": "2025", "numero": "208", "tipo__sigla": "OFEXP", "tipo__descricao": "Of\u00edcio Expedido", "assunto": "Informa transfer\u00eancia realizada referente aos rendimentos do m\u00eas de dezembro de 2025"}, {"id": "10046", "ano": "2025", "numero": "209", "tipo__sigla": "PARE", "tipo__descricao": "PARECER", "assunto": "Parecer Jur\u00eddico - Projeto de Lei Ordin\u00e1ria n\u00ba 108 - 2025 - Abertura de Cr\u00e9dito Adicional Especial - Excesso de Arrecada\u00e7\u00e3o + Anula\u00e7\u00e3o de Dota\u00e7\u00e3o Or\u00e7ament\u00e1ria - R$ 181.444,44 (cento e oitenta e um mil quatrocentos e quarenta e quatro reais e quarenta e quatro centavos)"}, {"id": "10157", "ano": "2025", "numero": "209", "tipo__sigla": "OFEXP", "tipo__descricao": "Of\u00edcio Expedido", "assunto": "Informa devolu\u00e7\u00e3o de valores referentes ao duod\u00e9cimo do exerc\u00edcio financeiro 2025"}, {"id": "10047", "ano": "2025", "numero": "210", "tipo__sigla": "PARE", "tipo__descricao": "PARECER", "assunto": "Parecer Jur\u00eddico - Projeto de Lei Complementar n\u00ba 19 - 2025 - Altera o Estatuto dos Servidores - Forma de pagamento do aux\u00edlio alimenta\u00e7\u00e3o em dezembro."}, {"id": "10158", "ano": "2025", "numero": "210", "tipo__sigla": "OFEXP", "tipo__descricao": "Of\u00edcio Expedido", "assunto": "Encaminha objetos que sofrer\u00e3o baixa de patrim\u00f4nio"}, {"id": "10048", "ano": "2025", "numero": "211", "tipo__sigla": "PARE", "tipo__descricao": "PARECER", "assunto": "Parecer Jur\u00eddico - Projeto de Lei Ordin\u00e1rio n\u00ba 71 - 2025 - Instituir o servi\u00e7o de inspe\u00e7\u00e3o sanit\u00e1ria e industrial de produtos de origem animal e criar a taxa de inspe\u00e7\u00e3o e fiscaliza\u00e7\u00e3o sanit\u00e1ria. (Analise ap\u00f3s o advento da Lei Ordin\u00e1ria Municipal n\u00ba 1.920/2025)."}, {"id": "10052", "ano": "2025", "numero": "212", "tipo__sigla": "PARE", "tipo__descricao": "PARECER", "assunto": "Resposta ao of\u00edcio de n\u02da 1.000/2025/3\u02daPJ-TP da Not\u00edcia de Fato n\u00ba 02.16.0694.0313293.2025-17."}, {"id": "10064", "ano": "2025", "numero": "213", "tipo__sigla": "PARE", "tipo__descricao": "PARECER", "assunto": "Parecer cont\u00e1bil ao projeto de lei n\u00ba 085/2025 - PPA 2026-2029"}, {"id": "10086", "ano": "2025", "numero": "214", "tipo__sigla": "PARE", "tipo__descricao": "PARECER", "assunto": "Impacto or\u00e7ament\u00e1rio projeto de lei ordin\u00e1rio do legislativo n\u00ba 26 de 2025"}, {"id": "10091", "ano": "2025", "numero": "215", "tipo__sigla": "PARE", "tipo__descricao": "PARECER", "assunto": "Parecer Jur\u00eddico - Projeto de Lei Complementar n\u00ba 17 -2025 - Cria o Cargo Comissionado de Ouvidor-Geral do Munic\u00edpio."}, {"id": "10092", "ano": "2025", "numero": "216", "tipo__sigla": "PARE", "tipo__descricao": "PARECER", "assunto": "Parecer Jur\u00eddico - Projeto de Lei Ordin\u00e1ria do Legislativo - 26 - Doa\u00e7\u00e3o de Mudas."}, {"id": "10093", "ano": "2025", "numero": "217", "tipo__sigla": "PARE", "tipo__descricao": "PARECER", "assunto": "Parecer Jur\u00eddico - Veto n\u00ba 05 - 2025"}, {"id": "10095", "ano": "2025", "numero": "218", "tipo__sigla": "PARE", "tipo__descricao": "PARECER", "assunto": "Parecer Jur\u00eddico - Projeto de Lei Ordin\u00e1ria n\u00ba 109 - 2025 - Permuta de Im\u00f3veis."}, {"id": "10096", "ano": "2025", "numero": "219", "tipo__sigla": "PARE", "tipo__descricao": "PARECER", "assunto": "Parecer Jur\u00eddico - Projeto de lei ordin\u00e1ria n\u00ba 102 - 2025 - Institui a Ouvidoria"}, {"id": "10097", "ano": "2025", "numero": "220", "tipo__sigla": "PARE", "tipo__descricao": "PARECER", "assunto": "Parecer Jur\u00eddico - Projeto de Lei Ordin\u00e1ria n\u00ba 111 - 2025 - Abertura de Cr\u00e9dito Especial por excesso de arrecada\u00e7\u00e3o - R$ 28.000,00 (vinte e oito mil reais)."}, {"id": "10109", "ano": "2025", "numero": "221", "tipo__sigla": "PARE", "tipo__descricao": "PARECER", "assunto": "Parecer Jur\u00eddico - Projeto de Lei Ordin\u00e1ria n\u00ba 112 de 2025 - Abertura de Cr\u00e9dito Adicional Especial - Excesso de Arrecada\u00e7\u00e3o - R$ 33.885,40 (trinta e tr\u00eas mil oitocentos e oitenta e cinco reais e quarenta centavos)"}, {"id": "10110", "ano": "2025", "numero": "222", "tipo__sigla": "PARE", "tipo__descricao": "PARECER", "assunto": "Parecer Jur\u00eddico - Projeto de Lei Complementar n\u00ba 20 - 2025 - Reformula o Programa Construindo Sonhos."}, {"id": "10115", "ano": "2025", "numero": "223", "tipo__sigla": "PARE", "tipo__descricao": "PARECER", "assunto": "Parecer Jur\u00eddico - Dispensa - G\u00e1s de Cozinha (GLP)"}, {"id": "10149", "ano": "2025", "numero": "224", "tipo__sigla": "PARE", "tipo__descricao": "PARECER", "assunto": "Parecer Jur\u00eddico - Projeto de Lei Complementar n\u00ba 18 - 2025 - Cria 6 (seis) cargos comissionados no Executivo."}, {"id": "10150", "ano": "2025", "numero": "225", "tipo__sigla": "PARE", "tipo__descricao": "PARECER", "assunto": "Parecer Jur\u00eddico - Projeto de Lei Ordin\u00e1ria do Legislativo n\u00ba 24 - 2025 - Identifica\u00e7\u00e3o de Im\u00f3veis Tombados"}, {"id": "10151", "ano": "2025", "numero": "226", "tipo__sigla": "PARE", "tipo__descricao": "PARECER", "assunto": "Parecer Jur\u00eddico - Projeto de Lei Ordin\u00e1ria do Legislativo n\u00ba 27 - 2025 - Divulga\u00e7\u00e3o de Hor\u00e1rio de Atendimento na Sa\u00fade."}, {"id": "10152", "ano": "2025", "numero": "227", "tipo__sigla": "PARE", "tipo__descricao": "PARECER", "assunto": "Parecer Jur\u00eddico - Projeto de Lei Ordin\u00e1ria do Legislativo n\u00ba 25 - 2025 - Institui o Estatuto Municipal de Doen\u00e7as Raras"}, {"id": "10153", "ano": "2025", "numero": "228", "tipo__sigla": "PARE", "tipo__descricao": "PARECER", "assunto": "Parecer Jur\u00eddico - Dispensa - Produtos de Panifica\u00e7\u00e3o."}, {"id": "10161", "ano": "2026", "numero": "1", "tipo__sigla": "DMP", "tipo__descricao": "Documentos de tribunais e do Minist\u00e9rio P\u00fablico", "assunto": "Not\u00edcia de Fato 02.16.0694.0312758.2025-09 (controlador interno )"}, {"id": "10162", "ano": "2026", "numero": "1", "tipo__sigla": "PARE", "tipo__descricao": "PARECER", "assunto": "Parecer jur\u00eddico - Projeto de Lei Ordin\u00e1ria n. 02 - 2026 - Altera a LOA 2026. Porcentagem de abertura de cr\u00e9dito adicional suplementar."}, {"id": "10163", "ano": "2026", "numero": "1", "tipo__sigla": "AT", "tipo__descricao": "ATESTADO", "assunto": "Atestado de sa\u00fade ocupacional Admissional Viviane Martins Scalioni Oliveira"}, {"id": "10165", "ano": "2026", "numero": "1", "tipo__sigla": "MEM", "tipo__descricao": "Memorando", "assunto": "Solicita autoriza\u00e7\u00e3o para levar o notebook da C\u00e2mara para dar continuidade \u00e0 realiza\u00e7\u00e3o dos trabalhos"}, {"id": "10166", "ano": "2026", "numero": "1", "tipo__sigla": "REDF", "tipo__descricao": "Reda\u00e7\u00e3o Final", "assunto": "Reda\u00e7\u00e3o Final do Projeto de Decreto Legislativo n\u00b0 002/2025"}, {"id": "10167", "ano": "2026", "numero": "1", "tipo__sigla": "COMDE", "tipo__descricao": "COMUNICADO/DESPACHO", "assunto": "Despacho 1 de 2026 encaminhamento dos projetos de lei \u00e0s Comiss\u00f5es Permanentes"}, {"id": "10168", "ano": "2026", "numero": "1", "tipo__sigla": "DD", "tipo__descricao": "Documentos da Diretoria", "assunto": "Solicita ao setor de TI aux\u00edlio do servidor para manuten\u00e7\u00e3o dos computadores e impressora da diretoria"}, {"id": "10169", "ano": "2026", "numero": "1", "tipo__sigla": "OR", "tipo__descricao": "OF\u00cdCIOS RECEBIDOS", "assunto": "Encaminha balancetes de Receitas e Despesas referentes ao m\u00eas de Novembro/2025"}, {"id": "10173", "ano": "2026", "numero": "1", "tipo__sigla": "REV", "tipo__descricao": "Relat\u00f3rios de rodagem do ve\u00edculo e outros", "assunto": "Relat\u00f3rio de rodagem do ve\u00edculo oficial \r\nLocalidade: Santana da Vargem\r\nData: 21/01/2026\r\nIr no mercado do cavalo buscar coador de caf\u00e9"}, {"id": "10174", "ano": "2026", "numero": "1", "tipo__sigla": "OFEXP", "tipo__descricao": "Of\u00edcio Expedido", "assunto": "Encaminha a indica\u00e7\u00e3o de dois membros para comporem o Comit\u00ea Intersetorial da Primeira Inf\u00e2ncia do Munic\u00edpio de Santana da Vargem : Ant\u00f4nio Afonso de Oliveira e Viviane Martins Scalioni Oliveira"}, {"id": "10175", "ano": "2026", "numero": "1", "tipo__sigla": "RCI", "tipo__descricao": "Relat\u00f3rios da Controladoria Interna", "assunto": "Relat\u00f3rio Gest\u00e3o - Relat\u00f3rio Anual do Controle Interno"}, {"id": "10176", "ano": "2026", "numero": "1", "tipo__sigla": "OCI", "tipo__descricao": "Of\u00edcios da Controladoria Interna", "assunto": "OF\u00cdCIO DA CONTROLADORIA INTERNA N.\u00ba 01/2026\r\nSantana da Vargem, 23 de janeiro de 2026.\r\nASSUNTO: RELAT\u00d3RIO ANUAL 2025\r\nAo Excelent\u00edssimo Sr. Antonio Afonso de Oliveira,\r\nCumprimentando-a cordialmente, venho por meio deste apresentar RELAT\u00d3RIO ANUAL REF. ANO DE 2025, para seu conhecimento e provid\u00eancias.\r\nRessalto que o mesmo foi protocolado TCEMG e ser\u00e1 enviado ao executivo, para anexar a presta\u00e7\u00e3o de contas anual."}, {"id": "10229", "ano": "2026", "numero": "1", "tipo__sigla": "CTCE", "tipo__descricao": "Correspond\u00eancias do Tribunal de Contas de MG", "assunto": "Recomenda\u00e7\u00e3o MPC-MG n\u00ba 01, de 18 de novembro de 2025"}, {"id": "10236", "ano": "2026", "numero": "1", "tipo__sigla": "TERM", "tipo__descricao": "Termos de licita\u00e7\u00e3o", "assunto": "Relat\u00f3rio de Rodagem do ve\u00edculo oficial \r\nLocalidade: Santana da Vargem-MG\r\nData de ida: 28/01/2026\r\nLevar funcion\u00e1rio Ruiter para entregar o convite para a reuni\u00e3o da sess\u00e3o de inaugura\u00e7\u00e3o da legislatura 2026 \u00e0 Pol\u00edcia Civil, Pol\u00edcia Militar, Sindicato dos Produtores Rurais, Associa\u00e7\u00e3o Copasv, Associa\u00e7\u00e3o Comercial e pegar assinatura  nos pareceres da vereadora Silmara"}, {"id": "10241", "ano": "2026", "numero": "1", "tipo__sigla": "IOF", "tipo__descricao": "Impacto Or\u00e7ament\u00e1rio-Financeiro", "assunto": "Estimativa de Impacto Or\u00e7ament\u00e1rio- Financeiro"}, {"id": "10247", "ano": "2026", "numero": "1", "tipo__sigla": "JUST", "tipo__descricao": "Justificativas", "assunto": "Autoriza\u00e7\u00e3o para jornada divergente Larissa Oliveira Naves em 04/02/2026"}, {"id": "10253", "ano": "2026", "numero": "1", "tipo__sigla": "ODC", "tipo__descricao": "Of\u00edcio/documento Cont\u00e1bil", "assunto": "Solicita guias junto a Prefeitura de Santana da Vargem para recolhimento de IRRF e aplica\u00e7\u00f5es auferidas da Conta da C\u00e2mara Municipal"}, {"id": "10257", "ano": "2026", "numero": "1", "tipo__sigla": "DEC", "tipo__descricao": "Declara\u00e7\u00e3o", "assunto": "Declara\u00e7\u00e3o de bens e valores Viviane Martins Scalioni Oliveira - exerc\u00edcio 2025"}, {"id": "10258", "ano": "2026", "numero": "1", "tipo__sigla": "CERT", "tipo__descricao": "CERTIFICADO", "assunto": "A Escola Nacional de Administra\u00e7\u00e3o P\u00fablica - Enap certifica que LARISSA OLIVEIRA NAVES concluiu o curso Licita\u00e7\u00e3o por concorr\u00eancia, concurso, leil\u00e3o e di\u00e1logo competitivo (Turma FEV/2026), com carga hor\u00e1ria de 20 horas, in\u00edcio em 29/01/2026, t\u00e9rmino em 04/02/2026 e nota final 95"}, {"id": "10265", "ano": "2026", "numero": "1", "tipo__sigla": "OVC", "tipo__descricao": "Of\u00edcio de Vereador/Comiss\u00e3o", "assunto": "Solicita a viabiliza\u00e7\u00e3o de duas viaturas para a Policia Militar de Santana da Vargem"}, {"id": "10270", "ano": "2026", "numero": "1", "tipo__sigla": "PRC", "tipo__descricao": "PAUTAS DAS REUNI\u00d5ES DAS COMISS\u00d5ES PERMANENTES", "assunto": "Pauta da reuni\u00e3o da comiss\u00e3o de Educa\u00e7\u00e3o, Sa\u00fade e assist\u00eancia social do dia 09 de Fevereiro de 2026"}, {"id": "10272", "ano": "2026", "numero": "1", "tipo__sigla": "ARO", "tipo__descricao": "ATAS DAS REUNI\u00d5ES ORDIN\u00c1RIAS", "assunto": "Ata da 1\u00aa reuni\u00e3o ordin\u00e1ria da 2\u00aa Sess\u00e3o Legislativa da 16\u00aa Legislatura da C\u00e2mara Municipal de Santana da Vagem realizada dois de fevereiros de dois mil e vinte e seis"}, {"id": "10280", "ano": "2026", "numero": "1", "tipo__sigla": "OFP", "tipo__descricao": "Of\u00edcio da Procuradoria", "assunto": "Of\u00edcio n\u00ba 01 - 2026 - Altera\u00e7\u00e3o das f\u00e9rias"}, {"id": "10286", "ano": "2026", "numero": "1", "tipo__sigla": "DI", "tipo__descricao": "Di\u00e1rias e documentos relativos", "assunto": "Requerimento de Di\u00e1rias Ruiter Silva de Oliveira - Varginha (20 de fevereiro)"}, {"id": "10293", "ano": "2026", "numero": "1", "tipo__sigla": "DRF", "tipo__descricao": "Documentos Relativos a F\u00e9rias", "assunto": "Solicita a altera\u00e7\u00e3o da data de concess\u00e3o de f\u00e9rias"}, {"id": "10304", "ano": "2026", "numero": "1", "tipo__sigla": "ATACP", "tipo__descricao": "Ata das Comiss\u00f5es Permanentes", "assunto": "Ata de reuni\u00e3o da comiss\u00e3o de Legisla\u00e7\u00e3o, Justi\u00e7a e Reda\u00e7\u00e3o Final realizada no dia 26 de janeiro de 2026"}, {"id": "10345", "ano": "2026", "numero": "1", "tipo__sigla": "AAPOS", "tipo__descricao": "Atas de audi\u00eancia p\u00fablica e outras sess\u00f5es", "assunto": "Ata da Sess\u00e3o Solene de Inaugura\u00e7\u00e3o da 2\u00aa Sess\u00e3o Legislativa da 16\u00aa legislatura do ano de 2026 da C\u00e2mara Municipal de Santana da Vargem realizada no dia 1\u00ba de fevereiro de 2026"}, {"id": "10376", "ano": "2026", "numero": "1", "tipo__sigla": "SO", "tipo__descricao": "SOLICITA\u00c7\u00c3O", "assunto": "Solicita\u00e7\u00e3o de jornada divergente e imagens de camera para comprova\u00e7\u00e3o de ponto."}, {"id": "10381", "ano": "2026", "numero": "1", "tipo__sigla": "DDCI", "tipo__descricao": "Documentos Diversos da Controladoria Interna", "assunto": "CHECKLIST N.\u00ba 01/2026 -      DATA: 10/03/2026\r\nPROCESSO N \u00ba:01/2026\r\nSINTESE DO OBJETO: Revis\u00e3o veicular \r\nMODALIDADE: Inexigibilidade 01"}, {"id": "10406", "ano": "2026", "numero": "1", "tipo__sigla": "IN", "tipo__descricao": "Instru\u00e7\u00e3o Normativa", "assunto": "INSTRU\u00c7\u00c3O NORMATIVA 02/2026\r\nDisp\u00f5e sobre rotinas padronizadas para as atividades de limpeza, conserva\u00e7\u00e3o, organiza\u00e7\u00e3o e apoio administrativo da C\u00e2mara Municipal, a serem cumpridas pelo cargo de Auxiliar Legislativo, de segunda a sexta-feira, garantindo ambiente limpo, higienizado, organizado e funcional para o desempenho das atividades legislativas e administrativas."}, {"id": "10510", "ano": "2026", "numero": "1", "tipo__sigla": "DA", "tipo__descricao": "Documento Avulso", "assunto": "Decreto legislativo - presta\u00e7\u00e3o de contas 2022"}, {"id": "10583", "ano": "2026", "numero": "1", "tipo__sigla": "AREO", "tipo__descricao": "ATAS DAS REUNI\u00d5ES EXTRAORDIN\u00c1RIAS", "assunto": "Ata da 1\u00aa reuni\u00e3o extraordin\u00e1ria da 2\u00aa sess\u00e3o legislativa da 16\u00aa Legislatura da C\u00e2mara Municipal de Santana da Vargem realizada no dia seis de abril de dois mil e vinte e seis"}, {"id": "10600", "ano": "2026", "numero": "1", "tipo__sigla": "DPA", "tipo__descricao": "Documento de Processo Administrativo", "assunto": "Termo de compromisso de Sigilo, Confidencialidade e Responsabilidade de Acesso a sistemas - Processo de Reestrutura\u00e7\u00e3o do Site TI"}, {"id": "10645", "ano": "2026", "numero": "1", "tipo__sigla": "PB", "tipo__descricao": "Projeto b\u00e1sico", "assunto": "Checklist de inspe\u00e7\u00e3o do ve\u00edculo automotor 24/04/2026"}, {"id": "10164", "ano": "2026", "numero": "2", "tipo__sigla": "AT", "tipo__descricao": "ATESTADO", "assunto": "Atestado de Cumprimento dos Requisitos Legais"}, {"id": "10170", "ano": "2026", "numero": "2", "tipo__sigla": "OR", "tipo__descricao": "OF\u00cdCIOS RECEBIDOS", "assunto": "Encaminha os balancetes de Receitas e Despesas referentes ao m\u00eas de Dezembro de 2025"}, {"id": "10178", "ano": "2026", "numero": "2", "tipo__sigla": "OFEXP", "tipo__descricao": "Of\u00edcio Expedido", "assunto": "Convida para sess\u00e3o solene de inaugura\u00e7\u00e3o de sess\u00e3o legislativa que ocorrer\u00e1 \u00e0s 9h do dia 01 de fevereiro"}, {"id": "10181", "ano": "2026", "numero": "2", "tipo__sigla": "PARE", "tipo__descricao": "PARECER", "assunto": "Parecer Jur\u00eddico - Projeto de Lei Ordin\u00e1ria n. 03 - 2026 - Abertura de Cr\u00e9dito Adicional Especial - Super\u00e1vit Financeiro - R$ 52,015,16 (cinquenta e dois mil quinze reais e dezesseis centavos)"}, {"id": "10233", "ano": "2026", "numero": "2", "tipo__sigla": "DMP", "tipo__descricao": "Documentos de tribunais e do Minist\u00e9rio P\u00fablico", "assunto": "Recomenda\u00e7\u00e3o Minist\u00e9rio P\u00fablico 34.16.094.0333851.2026-20"}, {"id": "10235", "ano": "2026", "numero": "2", "tipo__sigla": "OCI", "tipo__descricao": "Of\u00edcios da Controladoria Interna", "assunto": "OF\u00cdCIO DA CONTROLADORIA INTERNA N.\u00ba 02/2026\r\n\r\n\r\nSantana da Vargem, 28 de janeiro de 2026.\r\n\r\nASSUNTO: Provid\u00eancias quanto \u00e0s emendas impositivas e atendimento \u00e0 IN n\u00ba 05/2025 \u2013 TCEMG\r\n\r\nSenhor Presidente,"}, {"id": "10237", "ano": "2026", "numero": "2", "tipo__sigla": "MEM", "tipo__descricao": "Memorando", "assunto": "Informa\u00e7\u00f5es sobre a situa\u00e7\u00e3o dos projetos com ressalvas e procedimentos par a inclus\u00e3o na Ordem do Dia"}, {"id": "10240", "ano": "2026", "numero": "2", "tipo__sigla": "REV", "tipo__descricao": "Relat\u00f3rios de rodagem do ve\u00edculo e outros", "assunto": "Relat\u00f3rio de Rodagem do ve\u00edculo \r\nLocalidade: Santana da Vargem \r\nData: 29/01/2026 \r\nLevar convite para a reuni\u00e3o  de sess\u00e3o de inaugura\u00e7\u00e3o da legislatura de 2026, Sindicato dos Produtores, Sindicato dos Trabalhadores Rurais"}, {"id": "10242", "ano": "2026", "numero": "2", "tipo__sigla": "DD", "tipo__descricao": "Documentos da Diretoria", "assunto": "Solicita as imagens da C\u00e2mera de seguran\u00e7a do dia 29/01/2026 - verifica\u00e7\u00e3o de presen\u00e7a- ponto eletr\u00f4nico"}, {"id": "10248", "ano": "2026", "numero": "2", "tipo__sigla": "REDF", "tipo__descricao": "Reda\u00e7\u00e3o Final", "assunto": "Reda\u00e7\u00e3o final do Projeto de Lei Ordin\u00e1ria do Legislativo n\u00ba 19, de 20 de agosto de 2025"}, {"id": "10264", "ano": "2026", "numero": "2", "tipo__sigla": "JUST", "tipo__descricao": "Justificativas", "assunto": "Autoriza\u00e7\u00e3o para jornada divergente Viviane Scalioni Oliveira"}, {"id": "10273", "ano": "2026", "numero": "2", "tipo__sigla": "RCI", "tipo__descricao": "Relat\u00f3rios da Controladoria Interna", "assunto": "RELAT\u00d3RIO DO CONTROLE INTERNO\r\nASSUNTO: RELAT\u00d3RIO DO CONTROLE INTERNO N.\u00ba 01\r\nPER\u00cdODO 01.01.2026 A 31.01.2026"}, {"id": "10296", "ano": "2026", "numero": "2", "tipo__sigla": "DRF", "tipo__descricao": "Documentos Relativos a F\u00e9rias", "assunto": "Portaria de escala de f\u00e9rias para o exerc\u00edcio 2026"}, {"id": "10302", "ano": "2026", "numero": "2", "tipo__sigla": "ARO", "tipo__descricao": "ATAS DAS REUNI\u00d5ES ORDIN\u00c1RIAS", "assunto": "Ata da 2\u00aa reuni\u00e3o ordin\u00e1ria da 2\u00aa Sess\u00e3o Legislativa da 16\u00aa Legislatura da C\u00e2mara Municipal de Santana da Vargem, realizada no dia nove de fevereiro de 2026"}, {"id": "10306", "ano": "2026", "numero": "2", "tipo__sigla": "ATACP", "tipo__descricao": "Ata das Comiss\u00f5es Permanentes", "assunto": "Ata de reuni\u00e3o da comiss\u00e3o de Legisla\u00e7\u00e3o, Justi\u00e7a e Reda\u00e7\u00e3o Final realizada no dia 09 de fevereiro de 2026"}, {"id": "10318", "ano": "2026", "numero": "2", "tipo__sigla": "OVC", "tipo__descricao": "Of\u00edcio de Vereador/Comiss\u00e3o", "assunto": "Convida os membros do conselho tutelar, vereadores e procurador legislativa para participar de reuni\u00e3o no dia  02/03/2026"}, {"id": "10335", "ano": "2026", "numero": "2", "tipo__sigla": "PRC", "tipo__descricao": "PAUTAS DAS REUNI\u00d5ES DAS COMISS\u00d5ES PERMANENTES", "assunto": "Pauta da Reuni\u00e3o da Comiss\u00e3o de Educa\u00e7\u00e3o, Sa\u00fade e Assist\u00eancia Social do dia 02 de Mar\u00e7o de 2026"}, {"id": "10338", "ano": "2026", "numero": "2", "tipo__sigla": "ODC", "tipo__descricao": "Of\u00edcio/documento Cont\u00e1bil", "assunto": "Solicita emiss\u00e3o de guias junto \u00e0 Prefeitura Municipal de Santana da Vargem para recolhimento de IRRF e aplica\u00e7\u00f5es da conta da C\u00e2mara"}, {"id": "10340", "ano": "2026", "numero": "2", "tipo__sigla": "OFP", "tipo__descricao": "Of\u00edcio da Procuradoria", "assunto": "Hor\u00e1rio intrajornada"}, {"id": "10347", "ano": "2026", "numero": "2", "tipo__sigla": "DI", "tipo__descricao": "Di\u00e1rias e documentos relativos", "assunto": "Requisi\u00e7\u00e3o de di\u00e1rias Jackson Luiz Ven\u00e2ncio de Souza  (Belo Horizonte - 10/03/2026 a 13/03/2026)"}, {"id": "10351", "ano": "2026", "numero": "2", "tipo__sigla": "IOF", "tipo__descricao": "Impacto Or\u00e7ament\u00e1rio-Financeiro", "assunto": "Impacto or\u00e7ament\u00e1rio e financeiro para atualiza\u00e7\u00e3o do sal\u00e1rio do cargo de diretor"}, {"id": "10378", "ano": "2026", "numero": "2", "tipo__sigla": "SO", "tipo__descricao": "SOLICITA\u00c7\u00c3O", "assunto": "Requerimento de acesso ao processo legislativo que originou a Lei Municipal n\u00ba 1.576 de 16 de novembro de 2021, que denomina a Avenida Prefeito M\u00e1rio Pereira."}, {"id": "10382", "ano": "2026", "numero": "2", "tipo__sigla": "DDCI", "tipo__descricao": "Documentos Diversos da Controladoria Interna", "assunto": "CHECKLIST N.\u00ba 02/2026 - DATA: 11/03/2026\r\nPROCESSO N \u00ba: 14/2026\r\nSINTESE DO OBJETO: Curso\r\nMODALIDADE: Inexigibilidade 02"}, {"id": "10509", "ano": "2026", "numero": "2", "tipo__sigla": "CERT", "tipo__descricao": "CERTIFICADO", "assunto": "Certifica que Cleber de Brito participou do curso \"Dados P\u00fablicos, open government LGPD\" realizado nos dias 24 a 27 de mar\u00e7o de 2026"}, {"id": "10611", "ano": "2026", "numero": "2", "tipo__sigla": "DPA", "tipo__descricao": "Documento de Processo Administrativo", "assunto": "Termo de compromisso de sigilo, confidencialidade e responsabilidade de acesso a sistemas"}, {"id": "10671", "ano": "2026", "numero": "2", "tipo__sigla": "AREO", "tipo__descricao": "ATAS DAS REUNI\u00d5ES EXTRAORDIN\u00c1RIAS", "assunto": "Ata da reuni\u00e3o extraordin\u00e1ria da 2\u00aa sess\u00e3o legislativa da 16\u00aa legislatura da C\u00e2mara Municipal de Santana da Vargem"}, {"id": "10684", "ano": "2026", "numero": "2", "tipo__sigla": "DEC", "tipo__descricao": "Declara\u00e7\u00e3o", "assunto": "Declara\u00e7\u00e3o anual de bens e valores ano calend\u00e1rio 2025 - Cleber de Brito"}, {"id": "10171", "ano": "2026", "numero": "3", "tipo__sigla": "OR", "tipo__descricao": "OF\u00cdCIOS RECEBIDOS", "assunto": "Solicita certid\u00e3o de tempo de contribui\u00e7\u00e3o - Tarcisio Walkimar Batista"}, {"id": "10179", "ano": "2026", "numero": "3", "tipo__sigla": "OFEXP", "tipo__descricao": "Of\u00edcio Expedido", "assunto": "Convida para sess\u00e3o solene de inaugura\u00e7\u00e3o de sess\u00e3o legislativa que ocorrer\u00e1 \u00e0s 9h do dia 01 de fevereiro"}, {"id": "10182", "ano": "2026", "numero": "3", "tipo__sigla": "PARE", "tipo__descricao": "PARECER", "assunto": "Parecer Jur\u00eddico - Projeto de Lei Ordin\u00e1ria n. 04 - 2026 - Abertura de Cr\u00e9dito Adicional Especial - Super\u00e1vit Financeiro - de R$ 2,592,00 (dois mil quinhentos e noventa e dois reais)"}, {"id": "10220", "ano": "2026", "numero": "3", "tipo__sigla": "DMP", "tipo__descricao": "Documentos de tribunais e do Minist\u00e9rio P\u00fablico", "assunto": "Not\u00edcia de Fato n\u00ba 02.16.0694.0333092.2026-08 - informa\u00e7\u00f5es a respeito de Emenda \u00e0 Lei Org\u00e2nica n\u00ba 001/2025"}, {"id": "10243", "ano": "2026", "numero": "3", "tipo__sigla": "MEM", "tipo__descricao": "Memorando", "assunto": "Solicita\u00e7\u00e3o de Contrata\u00e7\u00e3o de Plataforma de Banco de Pre\u00e7os"}, {"id": "10246", "ano": "2026", "numero": "3", "tipo__sigla": "AT", "tipo__descricao": "ATESTADO", "assunto": "Atesta que Ruiter Silva de Oliveira esteve em consult\u00f3rio m\u00e9dico para fins de consulta m\u00e9dica"}, {"id": "10249", "ano": "2026", "numero": "3", "tipo__sigla": "REDF", "tipo__descricao": "Reda\u00e7\u00e3o Final", "assunto": "Reda\u00e7\u00e3o final do projeto de lei ordin\u00e1ria do legislativo n\u00ba 26 de de novembro de 2025"}, {"id": "10281", "ano": "2026", "numero": "3", "tipo__sigla": "REV", "tipo__descricao": "Relat\u00f3rios de rodagem do ve\u00edculo e outros", "assunto": "Relat\u00f3rio de Rodagem do Ve\u00edculo Oficial Emerson Silva Ara\u00fajo \r\nLocalidade: Tr\u00eas Pontas\r\nData: 09/02/2026\r\nLevar vereadora Bruna na Caixa Econ\u00f4mica"}, {"id": "10291", "ano": "2026", "numero": "3", "tipo__sigla": "JUST", "tipo__descricao": "Justificativas", "assunto": "Autoriza\u00e7\u00e3o para jornada divergente 19/02/2026 - Viviane Scalioni Oliveira"}, {"id": "10303", "ano": "2026", "numero": "3", "tipo__sigla": "ARO", "tipo__descricao": "ATAS DAS REUNI\u00d5ES ORDIN\u00c1RIAS", "assunto": "Ata da 3\u00aa reuni\u00e3o ordin\u00e1ria da 2\u00aa sess\u00e3o legislativa da 16\u00aa legislatura da C\u00e2mara Municipal de Santana da Vargem realizada no dia dezenove de fevereiro de 2026"}, {"id": "10307", "ano": "2026", "numero": "3", "tipo__sigla": "ATACP", "tipo__descricao": "Ata das Comiss\u00f5es Permanentes", "assunto": "Ata da Comiss\u00e3o de Finan\u00e7as e Or\u00e7amento realizada no dia 26 de janeiro de 2026"}, {"id": "10321", "ano": "2026", "numero": "3", "tipo__sigla": "DRF", "tipo__descricao": "Documentos Relativos a F\u00e9rias", "assunto": "Aviso de f\u00e9rias Larissa Oliveira Naves \r\nPer\u00edodo de gozo: 09/03/2026 a 18/03/2026\r\nPer\u00edodo aquisitivo: 21/10/2026 a 20/10/2025"}, {"id": "10324", "ano": "2026", "numero": "3", "tipo__sigla": "RCI", "tipo__descricao": "Relat\u00f3rios da Controladoria Interna", "assunto": "RELAT\u00d3RIO DE AUDITORIA INTERNA N.\u00ba 01/2026\r\nPLANO ANUAL DE AUDITORIA - Fevereiro/2026\r\nSantana da Vargem, 19 de fevereiro de 2026.\r\nAssunto: Auditoria em F\u00e9rias dos servidores;\r\n\u00d3rg\u00e3o Audit\u00e1vel: C\u00e2mara Municipal de Santana da Vargem/MG;Per\u00edodo de Execu\u00e7\u00e3o da Auditoria: 01 de janeiro de 2025 a 31 de janeiro de 2026;"}, {"id": "10337", "ano": "2026", "numero": "3", "tipo__sigla": "OVC", "tipo__descricao": "Of\u00edcio de Vereador/Comiss\u00e3o", "assunto": "Solicita inscri\u00e7\u00e3o em curso, motorista, ve\u00edculo legislativo e di\u00e1rias correspondentes"}, {"id": "10348", "ano": "2026", "numero": "3", "tipo__sigla": "DI", "tipo__descricao": "Di\u00e1rias e documentos relativos", "assunto": "Requisi\u00e7\u00e3o de di\u00e1rias Everton Paulo Ara\u00fajo (Belo Horizonte- 10/03/2026 a 13/03/2026)"}, {"id": "10361", "ano": "2026", "numero": "3", "tipo__sigla": "ODC", "tipo__descricao": "Of\u00edcio/documento Cont\u00e1bil", "assunto": "Solicita participa\u00e7\u00e3o no curso \"Auditoria, conformidade e atualiza\u00e7\u00e3o no e-social dos \u00f3rg\u00e3os p\u00fablicos , atualiza\u00e7\u00e3o no leiaute S-1.3, autorregulariza\u00e7\u00e3o, fiscaliza\u00e7\u00e3o eletr\u00f4nica oficina pr\u00e1tica de auditoria dos eventos no e-social e revis\u00e3o de eventos no sst -riscos psicossociais\""}, {"id": "10367", "ano": "2026", "numero": "3", "tipo__sigla": "OFP", "tipo__descricao": "Of\u00edcio da Procuradoria", "assunto": "Solicita\u00e7\u00e3o de Curso"}, {"id": "10398", "ano": "2026", "numero": "3", "tipo__sigla": "PRC", "tipo__descricao": "PAUTAS DAS REUNI\u00d5ES DAS COMISS\u00d5ES PERMANENTES", "assunto": "Pauta da Reuni\u00e3o da Comiss\u00e3o de Educa\u00e7\u00e3o, Sa\u00fade e Assist\u00eancia Social"}, {"id": "10430", "ano": "2026", "numero": "3", "tipo__sigla": "IOF", "tipo__descricao": "Impacto Or\u00e7ament\u00e1rio-Financeiro", "assunto": "Declara\u00e7\u00e3o de Adequa\u00e7\u00e3o Or\u00e7ament\u00e1ria e Financeira"}, {"id": "10432", "ano": "2026", "numero": "3", "tipo__sigla": "DD", "tipo__descricao": "Documentos da Diretoria", "assunto": "Encaminha Of\u00edcio Contadora para analise de pedido de reajuste da empresa Auto Posto Teomara Maise Correa."}, {"id": "10475", "ano": "2026", "numero": "3", "tipo__sigla": "DDCI", "tipo__descricao": "Documentos Diversos da Controladoria Interna", "assunto": "CHECKLIST N.\u00ba 02/2026 - DATA: 25/03/2026\r\nPROCESSO N \u00ba: 02/2026\r\nSINTESE DO OBJETO: TI \u2013 Reestrutura\u00e7\u00e3o Site\r\nMODALIDADE: Dispensa 01"}, {"id": "10172", "ano": "2026", "numero": "4", "tipo__sigla": "OR", "tipo__descricao": "OF\u00cdCIOS RECEBIDOS", "assunto": "Reitera of\u00edcio 185/2025 solicitando a indica\u00e7\u00e3o de dois membros da C\u00e2mara Municipal para comporem o Comit\u00ea Intersetorial da Primeira Inf\u00e2ncia do Munic\u00edpio de Santana da Vargem"}, {"id": "10180", "ano": "2026", "numero": "4", "tipo__sigla": "OFEXP", "tipo__descricao": "Of\u00edcio Expedido", "assunto": "Convida para sess\u00e3o solene de inaugura\u00e7\u00e3o de sess\u00e3o legislativa que ocorrer\u00e1 \u00e0s 9h do dia 01 de fevereiro"}, {"id": "10183", "ano": "2026", "numero": "4", "tipo__sigla": "PARE", "tipo__descricao": "PARECER", "assunto": "Parecer Jur\u00eddico - Projeto de Lei Ordin\u00e1ria n. 05 - 2026 - Abertura de Cr\u00e9dito Adicional Especial - Super\u00e1vit Financeiro - R$ 76,856,36."}, {"id": "10244", "ano": "2026", "numero": "4", "tipo__sigla": "MEM", "tipo__descricao": "Memorando", "assunto": "Solicita autoriza\u00e7\u00e3o para realiza\u00e7\u00e3o de jornada divergente nos dias 03/02/2026 e 04/02/2026"}, {"id": "10250", "ano": "2026", "numero": "4", "tipo__sigla": "REDF", "tipo__descricao": "Reda\u00e7\u00e3o Final", "assunto": "Reda\u00e7\u00e3o Final do Projeto de Lei Ordin\u00e1ria do Legislativo n\u00ba 18 de 13 de Agosto de 2025"}, {"id": "10254", "ano": "2026", "numero": "4", "tipo__sigla": "DMP", "tipo__descricao": "Documentos de tribunais e do Minist\u00e9rio P\u00fablico", "assunto": "Promo\u00e7\u00e3o de arquivamento not\u00edcia de fato n\u00ba 02.16.0694.0322548.2025-04"}, {"id": "10255", "ano": "2026", "numero": "4", "tipo__sigla": "OCI", "tipo__descricao": "Of\u00edcios da Controladoria Interna", "assunto": "OF\u00cdCIO DA CONTROLADORIA INTERNA N.\u00ba 04/2026\r\nSantana da Vargem, 04 de fevereiro de 2026.\r\nAssunto: Recomenda observ\u00e2ncia do Regimento Interno quanto \u00e0 tramita\u00e7\u00e3o de Indica\u00e7\u00f5es e Requerimentos\r\nAo Excelent\u00edssimo"}, {"id": "10292", "ano": "2026", "numero": "4", "tipo__sigla": "AT", "tipo__descricao": "ATESTADO", "assunto": "Declara que Larissa Oliveira Naves compareceu na unidade de sa\u00fade no dia 19 de fevereiro de 2026"}, {"id": "10297", "ano": "2026", "numero": "4", "tipo__sigla": "REV", "tipo__descricao": "Relat\u00f3rios de rodagem do ve\u00edculo e outros", "assunto": "Relat\u00f3rio de rodagem do ve\u00edculo oficial \r\nLocalidade: Santana da Vargem \r\nData: 19/02/2025\r\nLevar documento para pegar assinatura da vereadora Silmara no Sindicato"}, {"id": "10308", "ano": "2026", "numero": "4", "tipo__sigla": "ATACP", "tipo__descricao": "Ata das Comiss\u00f5es Permanentes", "assunto": "Ata da Comiss\u00e3o de Finan\u00e7as e Or\u00e7amento realizada no dia 09 de fevereiro de 2026"}, {"id": "10331", "ano": "2026", "numero": "4", "tipo__sigla": "JUST", "tipo__descricao": "Justificativas", "assunto": "Autoriza\u00e7\u00e3o para jornada divergente Isabela Louren\u00e7\u00e3o Messias 02/03/2026"}, {"id": "10346", "ano": "2026", "numero": "4", "tipo__sigla": "ARO", "tipo__descricao": "ATAS DAS REUNI\u00d5ES ORDIN\u00c1RIAS", "assunto": "Ata da 4\u00aa reuni\u00e3o ordin\u00e1ria da 2\u00aa sess\u00e3o legislativa da 16\u00aa legislatura da C\u00e2mara Municipal de Santana da Vargem realizada no dia vinte e tr\u00eas de fevereiro de 2026"}, {"id": "10352", "ano": "2026", "numero": "4", "tipo__sigla": "DI", "tipo__descricao": "Di\u00e1rias e documentos relativos", "assunto": "Relat\u00f3rio e presta\u00e7\u00e3o de contas Ruiter Silva de Oliveira - Varginha 20/02/2026"}, {"id": "10392", "ano": "2026", "numero": "4", "tipo__sigla": "ODC", "tipo__descricao": "Of\u00edcio/documento Cont\u00e1bil", "assunto": "Solicita\u00e7\u00e3o de confer\u00eancia de imagens para comprova\u00e7\u00e3o de hor\u00e1rio de sa\u00edda devido a aus\u00eancia de registro de ponto."}, {"id": "10402", "ano": "2026", "numero": "4", "tipo__sigla": "OVC", "tipo__descricao": "Of\u00edcio de Vereador/Comiss\u00e3o", "assunto": "Solicita\u00e7\u00e3o de Transporte e Concess\u00e3o de Bolsa Atleta."}, {"id": "10410", "ano": "2026", "numero": "4", "tipo__sigla": "DRF", "tipo__descricao": "Documentos Relativos a F\u00e9rias", "assunto": "Solicita a concess\u00e3o de 10 (dez) dias de f\u00e9rias, referentes ao per\u00edodo aquisitivo 02/08/2024 at\u00e9 01/08/2025."}, {"id": "10447", "ano": "2026", "numero": "4", "tipo__sigla": "DD", "tipo__descricao": "Documentos da Diretoria", "assunto": "Solicita imagens das c\u00e2maras de seguran\u00e7a nos dias 13/03/2026, 18/03/2026 e 19/03/2026"}, {"id": "10455", "ano": "2026", "numero": "4", "tipo__sigla": "PRC", "tipo__descricao": "PAUTAS DAS REUNI\u00d5ES DAS COMISS\u00d5ES PERMANENTES", "assunto": "Pauta da reuni\u00e3o da comiss\u00e3o de educa\u00e7\u00e3o, sa\u00fade e assist\u00eancia social do dia 23 de mar\u00e7o de 2026"}, {"id": "10461", "ano": "2026", "numero": "4", "tipo__sigla": "RCI", "tipo__descricao": "Relat\u00f3rios da Controladoria Interna", "assunto": "RELAT\u00d3RIO DE AUDITORIA INTERNA N.\u00ba 02/2026\r\nPLANO ANUAL DE AUDITORIA \u2013 MAR\u00c7O /2026\r\nSantana da Vargem, 23 de mar\u00e7o de 2026.\r\nAssunto: Auditoria Interna Gest\u00e3o de Estoque e Gest\u00e3o de Patrim\u00f4nio;\r\n\u00d3rg\u00e3o Audit\u00e1vel: C\u00e2mara Municipal de Santana da Vargem/MG;Per\u00edodo de Execu\u00e7\u00e3o da Auditoria: 01/02/2025 a 28/02/2026;"}, {"id": "10471", "ano": "2026", "numero": "4", "tipo__sigla": "OFP", "tipo__descricao": "Of\u00edcio da Procuradoria", "assunto": "Of\u00edcio n\u00ba 4 - 2026 - Controle de Ponto - Intrajornada."}, {"id": "10513", "ano": "2026", "numero": "4", "tipo__sigla": "IOF", "tipo__descricao": "Impacto Or\u00e7ament\u00e1rio-Financeiro", "assunto": "Estimativa de Impacto Or\u00e7ament\u00e1rio - Financeiro"}, {"id": "10551", "ano": "2026", "numero": "4", "tipo__sigla": "DDCI", "tipo__descricao": "Documentos Diversos da Controladoria Interna", "assunto": "CHECKLIST N.\u00ba 04/2026 - DATA: 09/04/2026\r\nPROCESSO N \u00ba: 07/2026\r\nSINTESE DO OBJETO: material de expediente/escrit\u00f3rio\r\nMODALIDADE: Dispensa 06"}, {"id": "10177", "ano": "2026", "numero": "5", "tipo__sigla": "OR", "tipo__descricao": "OF\u00cdCIOS RECEBIDOS", "assunto": "Responde indica\u00e7\u00e3o do vereador Jackson Luiz Ven\u00e2ncio de Souza - Limpeza da Avenida H\u00e9lio Terra e do Loteamento Mario Alves de Carvalho"}, {"id": "10184", "ano": "2026", "numero": "5", "tipo__sigla": "PARE", "tipo__descricao": "PARECER", "assunto": "Parecer Jur\u00eddico - Projeto de Lei Ordin\u00e1ria n. 06 - 2026 - Abertura de Cr\u00e9dito Adicional Especial - Super\u00e1vit Financeiro - R$ 36,081,96"}, {"id": "10222", "ano": "2026", "numero": "5", "tipo__sigla": "OFEXP", "tipo__descricao": "Of\u00edcio Expedido", "assunto": "Convida para sess\u00e3o solene de Inaugura\u00e7\u00e3o de Sess\u00e3o Legislativa 9h, 01 de Fevereiro de 2026 - Dr. Gustavo Gomes"}, {"id": "10256", "ano": "2026", "numero": "5", "tipo__sigla": "OCI", "tipo__descricao": "Of\u00edcios da Controladoria Interna", "assunto": "Assunto: Requisi\u00e7\u00e3o de Provid\u00eancias \u2013 Transpar\u00eancia, LGPD, Ouvidoria e Adequa\u00e7\u00e3o do Site Institucional"}, {"id": "10260", "ano": "2026", "numero": "5", "tipo__sigla": "MEM", "tipo__descricao": "Memorando", "assunto": "Solicita autoriza\u00e7\u00e3o para participa\u00e7\u00e3o em curso de capacita\u00e7\u00e3o e concess\u00e3o de di\u00e1rias, ve\u00edculo e motorista . Curso no entre os dias 25 a 27 de fevereiro de 2026  na cidade de Belo Horizonte"}, {"id": "10261", "ano": "2026", "numero": "5", "tipo__sigla": "DMP", "tipo__descricao": "Documentos de tribunais e do Minist\u00e9rio P\u00fablico", "assunto": "Recomenda\u00e7\u00e3o n\u00famero 03 3\u00aa Promotoria de Justi\u00e7a da Comarca de Tr\u00eas Pontas Curadoria de Defesa do Patrim\u00f4nio P\u00fablico"}, {"id": "10298", "ano": "2026", "numero": "5", "tipo__sigla": "REV", "tipo__descricao": "Relat\u00f3rios de rodagem do ve\u00edculo e outros", "assunto": "Relat\u00f3rio de rodagem do ve\u00edculo oficial \r\nLocalidade: Varginha\r\nData: 20/02/2026\r\nLevar funcion\u00e1rio Ruiter de Oliveira Para pegar cota\u00e7\u00f5es e no corpo de bombeiros"}, {"id": "10309", "ano": "2026", "numero": "5", "tipo__sigla": "ATACP", "tipo__descricao": "Ata das Comiss\u00f5es Permanentes", "assunto": "Ata da Comiss\u00e3o de Finan\u00e7as e Or\u00e7amento realizada no dia 19 de fevereiro de 2026"}, {"id": "10332", "ano": "2026", "numero": "5", "tipo__sigla": "AT", "tipo__descricao": "ATESTADO", "assunto": "Atesta que Viviane Scalioni necessita se ausentar de suas atividades no per\u00edodo da manh\u00e3 do dia 27/02/2026"}, {"id": "10359", "ano": "2026", "numero": "5", "tipo__sigla": "DI", "tipo__descricao": "Di\u00e1rias e documentos relativos", "assunto": "Requisi\u00e7\u00e3o de di\u00e1rias Ruiter Silva de Oliveira (Tr\u00eas Pontas e Varginha - 06/03/2026)"}, {"id": "10377", "ano": "2026", "numero": "5", "tipo__sigla": "REDF", "tipo__descricao": "Reda\u00e7\u00e3o Final", "assunto": "Reda\u00e7\u00e3o Final do Projeto de Lei Ordin\u00e1ria do Legislativo n\u00ba 24/2025"}, {"id": "10379", "ano": "2026", "numero": "5", "tipo__sigla": "ARO", "tipo__descricao": "ATAS DAS REUNI\u00d5ES ORDIN\u00c1RIAS", "assunto": "Ata da 5\u00aa Reuni\u00e3o ordin\u00e1ria da 2\u00aa Sess\u00e3o Legislativa da 16\u00aa Legislatura da C\u00e2mara Municipal de Santana da Vargem, realizada no dia 02 de mar\u00e7o de 2026."}, {"id": "10403", "ano": "2026", "numero": "5", "tipo__sigla": "OVC", "tipo__descricao": "Of\u00edcio de Vereador/Comiss\u00e3o", "assunto": "Reitera e complementa o Requerimento n\u00ba 03/2026."}, {"id": "10409", "ano": "2026", "numero": "5", "tipo__sigla": "ODC", "tipo__descricao": "Of\u00edcio/documento Cont\u00e1bil", "assunto": "Solicita a concess\u00e3o de 10 (dez) dias de f\u00e9rias, referentes ao per\u00edodo aquisitivo 02/08/2024 at\u00e9 01/08/2025."}, {"id": "10411", "ano": "2026", "numero": "5", "tipo__sigla": "DRF", "tipo__descricao": "Documentos Relativos a F\u00e9rias", "assunto": "Aviso de f\u00e9rias Isabela Louren\u00e7\u00e3o Messias - Per\u00edodo de gozo: 06/04/2026 a 15/04/2026 Per\u00edodo aquisitivo: 02/08/2024 at\u00e9 01/08/2025."}, {"id": "10479", "ano": "2026", "numero": "5", "tipo__sigla": "PRC", "tipo__descricao": "PAUTAS DAS REUNI\u00d5ES DAS COMISS\u00d5ES PERMANENTES", "assunto": "Pauta da reuni\u00e3o da comiss\u00e3o de finan\u00e7as e or\u00e7amentos do dia 23 de mar\u00e7o de 2026"}, {"id": "10504", "ano": "2026", "numero": "5", "tipo__sigla": "JUST", "tipo__descricao": "Justificativas", "assunto": "Autoriza\u00e7\u00e3o para jornada divergente Emerson Silva Ara\u00fajo - (Data da ocorr\u00eancia: 01/04/2026)"}, {"id": "10505", "ano": "2026", "numero": "5", "tipo__sigla": "OFP", "tipo__descricao": "Of\u00edcio da Procuradoria", "assunto": "Of\u00edcio n. 05 - 2026 - Resposta ao Vereador Everton Paulo - PLC 01/2026 - Emenda teria o cond\u00e3o de afastar a ilegalidade mencionada no parecer jur\u00eddico."}, {"id": "10553", "ano": "2026", "numero": "5", "tipo__sigla": "DDCI", "tipo__descricao": "Documentos Diversos da Controladoria Interna", "assunto": "CHECKLIST N.\u00ba 05/2026 - DATA: 09/04/2026\r\nPROCESSO N \u00ba: 06/2026\r\nSINTESE DO OBJETO: Materiais de Limpeza e Higiene\r\nMODALIDADE: Dispensa 05"}, {"id": "10556", "ano": "2026", "numero": "5", "tipo__sigla": "DD", "tipo__descricao": "Documentos da Diretoria", "assunto": "Solicita imagens da c\u00e2mera de seguran\u00e7a no dia 09/04/2026"}, {"id": "10584", "ano": "2026", "numero": "5", "tipo__sigla": "RCI", "tipo__descricao": "Relat\u00f3rios da Controladoria Interna", "assunto": "RELAT\u00d3RIO DO CONTROLE INTERNO\r\nASSUNTO: RELAT\u00d3RIO DO CONTROLE INTERNO N.\u00ba 03\r\nPER\u00cdODO 01.03.2026 A 31.03.2026\r\nSantana da Vargem, 09 de abril de 2026.\r\n1 \u2013 INTRODU\u00c7\u00c3O\r\nEste Controle Interno, nomeada pela Portaria 51 de 18 de setembro de 2023, considerando o disposto no artigo 1\u00ba da Lei Municipal 1.562 de 02 de setembro de 2021, onde o Controle Interno do poder Legislativo, \u201cvisa assegurar a fiscaliza\u00e7\u00e3o cont\u00e1bil, financeira, patrimonial, or\u00e7ament\u00e1ria, operacional e de pessoal de seus atos, quanto a legalidade, legitimidade e economicidade na gest\u00e3o dos recursos p\u00fablicos\u201d, apresenta neste relat\u00f3rio o resultado decorrente da avalia\u00e7\u00e3o mensal do m\u00eas de mar\u00e7o/2026, inclusive resultado das auditorias \u201cin locco\u201d nas \u00e1reas descritas abaixo, feita pela Controladora Interna da C\u00e2mara Municipal de Santana da Vargem/MG"}, {"id": "10185", "ano": "2026", "numero": "6", "tipo__sigla": "PARE", "tipo__descricao": "PARECER", "assunto": "Parecer Jur\u00eddico - Projeto de Lei Ordin\u00e1ria n. 07 - 2026 - Abertura de Cr\u00e9dito Adicional Especial - Super\u00e1vit Financeiro - R$ 49,785,34"}, {"id": "10223", "ano": "2026", "numero": "6", "tipo__sigla": "OFEXP", "tipo__descricao": "Of\u00edcio Expedido", "assunto": "Convida para sess\u00e3o solene de Inaugura\u00e7\u00e3o de Sess\u00e3o Legislativa 9h, 01 de Fevereiro de 2026 - 1\u00ba Tenente Jo\u00e3o Evangelista Monteiro Junior"}, {"id": "10259", "ano": "2026", "numero": "6", "tipo__sigla": "OCI", "tipo__descricao": "Of\u00edcios da Controladoria Interna", "assunto": "Recomenda\u00e7\u00e3o de adequa\u00e7\u00e3o normativa \u2013 Publica\u00e7\u00e3o pr\u00e9via das pautas das sess\u00f5es e reuni\u00f5es de comiss\u00e3o"}, {"id": "10282", "ano": "2026", "numero": "6", "tipo__sigla": "MEM", "tipo__descricao": "Memorando", "assunto": "Solicita 1 (um) dia para realiza\u00e7\u00e3o de exames preventivos de c\u00e2ncer, conforme artigo 124, \u00a7 1\u00ba , inciso XII da Lei complementar n\u00ba 22 de 31 de mar\u00e7o de 2022"}, {"id": "10295", "ano": "2026", "numero": "6", "tipo__sigla": "DMP", "tipo__descricao": "Documentos de tribunais e do Minist\u00e9rio P\u00fablico", "assunto": "Not\u00edcia de Fato n\u00ba 02.16.0694.0341656.2026-28"}, {"id": "10305", "ano": "2026", "numero": "6", "tipo__sigla": "ATACP", "tipo__descricao": "Ata das Comiss\u00f5es Permanentes", "assunto": "Ata de reuni\u00e3o da comiss\u00e3o de Legisla\u00e7\u00e3o, Justi\u00e7a e Reda\u00e7\u00e3o Final realizada no dia 19 de fevereiro"}, {"id": "10330", "ano": "2026", "numero": "6", "tipo__sigla": "REV", "tipo__descricao": "Relat\u00f3rios de rodagem do ve\u00edculo e outros", "assunto": "Relat\u00f3rio de rodagem do ve\u00edculo oficial \r\nTr\u00eas Pontas \r\nData: 26/02/2026\r\nLevar diretora Viviane, vereadora Silmara e presidente Ant\u00f4nio para participar de reuni\u00e3o no Minist\u00e9rio P\u00fablico"}, {"id": "10365", "ano": "2026", "numero": "6", "tipo__sigla": "DI", "tipo__descricao": "Di\u00e1rias e documentos relativos", "assunto": "Presta\u00e7\u00e3o de contas de viagem para pesquisas de pre\u00e7os em Tr\u00eas Pontas e Varginha servidor Ruiter Silva de Oliveira"}, {"id": "10366", "ano": "2026", "numero": "6", "tipo__sigla": "AT", "tipo__descricao": "ATESTADO", "assunto": "Atesta que Larissa Oliveira Naves acompanhou Elis Oliveira Naves em tratamento m\u00e9dico no dia 06/03/2026 ."}, {"id": "10415", "ano": "2026", "numero": "6", "tipo__sigla": "OVC", "tipo__descricao": "Of\u00edcio de Vereador/Comiss\u00e3o", "assunto": "Solicita\u00e7\u00e3o de retirada de Projeto de Resolu\u00e7\u00e3o."}, {"id": "10416", "ano": "2026", "numero": "6", "tipo__sigla": "REDF", "tipo__descricao": "Reda\u00e7\u00e3o Final", "assunto": "Reda\u00e7\u00e3o Final do Projeto de Lei Ordin\u00e1ria do Legislativo n\u00ba 25 de 26 de Novembro de 2025."}, {"id": "10431", "ano": "2026", "numero": "6", "tipo__sigla": "ARO", "tipo__descricao": "ATAS DAS REUNI\u00d5ES ORDIN\u00c1RIAS", "assunto": "Ata da 6\u00aa Reuni\u00e3o Ordin\u00e1ria da 2\u00aa Sess\u00e3o Legislativa da 16\u00aa Legislatura da C\u00e2mara Municipal de Santana da Vargem-MG."}, {"id": "10480", "ano": "2026", "numero": "6", "tipo__sigla": "PRC", "tipo__descricao": "PAUTAS DAS REUNI\u00d5ES DAS COMISS\u00d5ES PERMANENTES", "assunto": "Pauta da reuni\u00e3o da comiss\u00e3o de legisla\u00e7\u00e3o, justi\u00e7a e reda\u00e7\u00e3o final do dia 23 de mar\u00e7o de 2026"}, {"id": "10515", "ano": "2026", "numero": "6", "tipo__sigla": "ODC", "tipo__descricao": "Of\u00edcio/documento Cont\u00e1bil", "assunto": "Solicita emiss\u00e3o de guias junto a  Prefeitura Municipal de Santana da Vargem para recolhimento de IRRF e aplica\u00e7\u00f5es auferidas da conta da C\u00e2mara Municipal e Santana da Vargem"}, {"id": "10555", "ano": "2026", "numero": "6", "tipo__sigla": "JUST", "tipo__descricao": "Justificativas", "assunto": "Autoriza\u00e7\u00e3o para jornada divergente Viviane Scalioni Oliveira 07/04/2026"}, {"id": "10574", "ano": "2026", "numero": "6", "tipo__sigla": "DD", "tipo__descricao": "Documentos da Diretoria", "assunto": "Solicita participa\u00e7\u00e3o em curso de capacita\u00e7\u00e3o e treinamento"}, {"id": "10588", "ano": "2026", "numero": "6", "tipo__sigla": "DDCI", "tipo__descricao": "Documentos Diversos da Controladoria Interna", "assunto": "CHECKLIST N.\u00ba 06/2026 -      DATA: 15/04/2026\r\nPROCESSO N \u00ba: 17/2026\r\nSINTESE DO OBJETO: Curso E-Social \r\nMODALIDADE: Dispensa 05"}, {"id": "10595", "ano": "2026", "numero": "6", "tipo__sigla": "OFP", "tipo__descricao": "Of\u00edcio da Procuradoria", "assunto": "Solicita\u00e7\u00e3o de Licen\u00e7a-Paternidade"}, {"id": "10186", "ano": "2026", "numero": "7", "tipo__sigla": "PARE", "tipo__descricao": "PARECER", "assunto": "Parecer Jur\u00eddico - Projeto de Lei Ordin\u00e1ria n. 08 - 2026 - Abertura de Cr\u00e9dito Adicional Especial - Super\u00e1vit Financeiro - R$ 113,808,50"}, {"id": "10221", "ano": "2026", "numero": "7", "tipo__sigla": "OR", "tipo__descricao": "OF\u00cdCIOS RECEBIDOS", "assunto": "Solicita informa\u00e7\u00f5es a respeito dos projetos de lei 18/2025  e 25/2025"}, {"id": "10224", "ano": "2026", "numero": "7", "tipo__sigla": "OFEXP", "tipo__descricao": "Of\u00edcio Expedido", "assunto": "Convida para sess\u00e3o solene de Inaugura\u00e7\u00e3o de Sess\u00e3o Legislativa 9h, 01 de Fevereiro de 2026 - Presidente do Sindicato dos Produtores Rurais"}, {"id": "10274", "ano": "2026", "numero": "7", "tipo__sigla": "OCI", "tipo__descricao": "Of\u00edcios da Controladoria Interna", "assunto": "OF\u00cdCIO DA CONTROLADORIA INTERNA N.\u00ba 07/2026\r\nSantana da Vargem, 10 de fevereiro de 2026.\r\nASSUNTO: RELAT\u00d3RIO MENSAL JANEIRO/ 2026\r\nAo Excelent\u00edssimo Sr. Antonio Afonso Oliveira\r\n\u00c0 Contabilidade\r\nCumprimentando-as cordialmente, venho por meio deste apresentar RELAT\u00d3RIO MENSAL JANEIRO/2025, para vosso conhecimento e provid\u00eancias EM RELA\u00c7\u00c3O \u00c0S RECOMENDA\u00c7\u00d5ES FEITAS."}, {"id": "10284", "ano": "2026", "numero": "7", "tipo__sigla": "MEM", "tipo__descricao": "Memorando", "assunto": "Reserva do ve\u00edculo oficial e concess\u00e3o de di\u00e1rias para deslocamento para Varginha/MG"}, {"id": "10328", "ano": "2026", "numero": "7", "tipo__sigla": "ATACP", "tipo__descricao": "Ata das Comiss\u00f5es Permanentes", "assunto": "Ata da Comiss\u00e3o de Obras, Servi\u00e7os P\u00fablicos, Agroind\u00fastria, Com\u00e9rcio e Turismo realizada no dia 03 de fevereiro de 2026"}, {"id": "10333", "ano": "2026", "numero": "7", "tipo__sigla": "DMP", "tipo__descricao": "Documentos de tribunais e do Minist\u00e9rio P\u00fablico", "assunto": "Inqu\u00e9rito Civil n\u00ba 04.16.0694.0259817.2025-87"}, {"id": "10369", "ano": "2026", "numero": "7", "tipo__sigla": "AT", "tipo__descricao": "ATESTADO", "assunto": "Atestado de Ruiter Silva de Oliveira, emitido em 09 de mar\u00e7o de 2026 pelo Dr. Alexandre Ara\u00fajo Ribeiro."}, {"id": "10373", "ano": "2026", "numero": "7", "tipo__sigla": "DI", "tipo__descricao": "Di\u00e1rias e documentos relativos", "assunto": "Requerimento de adiantamento para abastecimento e estacionamento quanto em deslocamento - Belo Horizonte-MG 10/03/2026 a 13/03/2026."}, {"id": "10417", "ano": "2026", "numero": "7", "tipo__sigla": "REDF", "tipo__descricao": "Reda\u00e7\u00e3o Final", "assunto": "Reda\u00e7\u00e3o Final do Projeto de Lei Ordin\u00e1ria do Legislativo n\u00ba 27/2025."}, {"id": "10421", "ano": "2026", "numero": "7", "tipo__sigla": "OVC", "tipo__descricao": "Of\u00edcio de Vereador/Comiss\u00e3o", "assunto": "Piso Salarial dos profissionais de Odontologia."}, {"id": "10438", "ano": "2026", "numero": "7", "tipo__sigla": "REV", "tipo__descricao": "Relat\u00f3rios de rodagem do ve\u00edculo e outros", "assunto": "Checklist de inspe\u00e7\u00e3o do ve\u00edculo placa TDS4D99"}, {"id": "10470", "ano": "2026", "numero": "7", "tipo__sigla": "ARO", "tipo__descricao": "ATAS DAS REUNI\u00d5ES ORDIN\u00c1RIAS", "assunto": "Ata da 7\u00aa reuni\u00e3o ordin\u00e1ria da 2\u00aa Sess\u00e3o Legislativa da 16\u00aa Legislatura da C\u00e2mara Municipal de Santana da Vargem"}, {"id": "10488", "ano": "2026", "numero": "7", "tipo__sigla": "PRC", "tipo__descricao": "PAUTAS DAS REUNI\u00d5ES DAS COMISS\u00d5ES PERMANENTES", "assunto": "Pauta reuni\u00e3o da comiss\u00e3o de Legisla\u00e7\u00e3o, Justi\u00e7a e Reda\u00e7\u00e3o Final 23/03/2026"}, {"id": "10552", "ano": "2026", "numero": "7", "tipo__sigla": "ODC", "tipo__descricao": "Of\u00edcio/documento Cont\u00e1bil", "assunto": "Encaminha demandas- per\u00edodo de f\u00e9rias da Contadora Legislativa"}, {"id": "10591", "ano": "2026", "numero": "7", "tipo__sigla": "JUST", "tipo__descricao": "Justificativas", "assunto": "Justificativa de n\u00e3o marca\u00e7\u00e3o de ponto em raz\u00e3o de falha mec\u00e2nica do ponto (aus\u00eancia de papel nos dias 14/04/2026 e 15/04/2026)"}, {"id": "10633", "ano": "2026", "numero": "7", "tipo__sigla": "DD", "tipo__descricao": "Documentos da Diretoria", "assunto": "Solicita\u00e7\u00e3o de jornada divergente 22 de Abril de 2026"}, {"id": "10651", "ano": "2026", "numero": "7", "tipo__sigla": "OFP", "tipo__descricao": "Of\u00edcio da Procuradoria", "assunto": "Of\u00edcio 07 - 2026 - Solicita\u00e7\u00e3o de F\u00e9rias."}, {"id": "10686", "ano": "2026", "numero": "7", "tipo__sigla": "DDCI", "tipo__descricao": "Documentos Diversos da Controladoria Interna", "assunto": "CHECKLIST N.\u00ba 07/2026 - DATA: 29/04/2026\r\nPROCESSO N \u00ba: 05/2026\r\nSINTESE DO OBJETO: Gasolina e Etanol\r\nMODALIDADE: Dispensa 04"}, {"id": "10187", "ano": "2026", "numero": "8", "tipo__sigla": "PARE", "tipo__descricao": "PARECER", "assunto": "Parecer Jur\u00eddico - Projeto de Lei Ordin\u00e1ria n. 09 - 2026 - Abertura de Cr\u00e9dito Adicional Especial - Super\u00e1vit Financeiro - 98,282,10"}, {"id": "10225", "ano": "2026", "numero": "8", "tipo__sigla": "OFEXP", "tipo__descricao": "Of\u00edcio Expedido", "assunto": "Convida para sess\u00e3o solene de Inaugura\u00e7\u00e3o de Sess\u00e3o Legislativa 9h, 01 de Fevereiro de 2026 - Presidente da Associa\u00e7\u00e3o Comercial de Santana da Vargem"}, {"id": "10266", "ano": "2026", "numero": "8", "tipo__sigla": "OR", "tipo__descricao": "OF\u00cdCIOS RECEBIDOS", "assunto": "Solicita informa\u00e7\u00f5es projeto de lei sobre os valores atrasados de pens\u00e3o - presidente da c\u00e2mara"}, {"id": "10283", "ano": "2026", "numero": "8", "tipo__sigla": "OCI", "tipo__descricao": "Of\u00edcios da Controladoria Interna", "assunto": "Encaminha Relat\u00f3rio Anual de Gest\u00e3o da C\u00e2mara Municipal de Santana da Vargem, referente ao exerc\u00edcio de 2025- Ao poder executivo"}, {"id": "10285", "ano": "2026", "numero": "8", "tipo__sigla": "MEM", "tipo__descricao": "Memorando", "assunto": "Solicita autoriza\u00e7\u00e3o para levar notebook da C\u00e2mara no final de semana para dar continuidade \u00e0 realiza\u00e7\u00e3o dos trabalhos"}, {"id": "10329", "ano": "2026", "numero": "8", "tipo__sigla": "ATACP", "tipo__descricao": "Ata das Comiss\u00f5es Permanentes", "assunto": "Ata da Comiss\u00e3o de Obras, Servi\u00e7os P\u00fablicos, Agroind\u00fastria, Com\u00e9rcio e Turismo realizada no dia 03 de fevereiro de 2026"}, {"id": "10350", "ano": "2026", "numero": "8", "tipo__sigla": "DMP", "tipo__descricao": "Documentos de tribunais e do Minist\u00e9rio P\u00fablico", "assunto": "Not\u00edcia de Fato n\u00ba 02.16.0694.0333092.2026-08 - promo\u00e7\u00e3o de arquivamento"}, {"id": "10374", "ano": "2026", "numero": "8", "tipo__sigla": "DI", "tipo__descricao": "Di\u00e1rias e documentos relativos", "assunto": "Requisi\u00e7\u00e3o de di\u00e1rias Felipe Tom\u00e9 Mota e Silva (Belo Horizonte- 10/03/2026 a 13/03/2026)"}, {"id": "10418", "ano": "2026", "numero": "8", "tipo__sigla": "REDF", "tipo__descricao": "Reda\u00e7\u00e3o Final", "assunto": "Reda\u00e7\u00e3o Final do Projeto de Lei Ordin\u00e1ria do Legislativo n\u00ba 25/2025."}, {"id": "10429", "ano": "2026", "numero": "8", "tipo__sigla": "AT", "tipo__descricao": "ATESTADO", "assunto": "Atestado de acompanhamento da m\u00e3e em consulta ao Oftalmologista, do servidor Ruiter Silva de Oliveira."}, {"id": "10439", "ano": "2026", "numero": "8", "tipo__sigla": "REV", "tipo__descricao": "Relat\u00f3rios de rodagem do ve\u00edculo e outros", "assunto": "Relat\u00f3rio de rodagem ve\u00edculo \r\nLocalidade: Santana da Vargem\r\nData: 02/03/2026\r\nIr na padaria buscar bolos para servir na reuni\u00e3o de vereadores e servidores da C\u00e2mara"}, {"id": "10496", "ano": "2026", "numero": "8", "tipo__sigla": "OVC", "tipo__descricao": "Of\u00edcio de Vereador/Comiss\u00e3o", "assunto": "Indica\u00e7\u00e3o de emendas parlamentares para o munic\u00edpio de Santana da Vargem - Ione Pinheiro"}, {"id": "10497", "ano": "2026", "numero": "8", "tipo__sigla": "PRC", "tipo__descricao": "PAUTAS DAS REUNI\u00d5ES DAS COMISS\u00d5ES PERMANENTES", "assunto": "Pauta da Reuni\u00e3o da Comiss\u00e3o de Educa\u00e7\u00e3o, Sa\u00fade e Assist\u00eancia Social do dia 30 de Mar\u00e7o de 2026"}, {"id": "10506", "ano": "2026", "numero": "8", "tipo__sigla": "ARO", "tipo__descricao": "ATAS DAS REUNI\u00d5ES ORDIN\u00c1RIAS", "assunto": "Ata da 8\u00aa reuni\u00e3o ordin\u00e1ria da 2\u00aa Sess\u00e3o Legislativa da 16\u00aa Legislatura da C\u00e2mara Municipal de Santana da Vargem, realizada no dia vinte e tr\u00eas de mar\u00e7o de dois mil e vinte e seis"}, {"id": "10592", "ano": "2026", "numero": "8", "tipo__sigla": "JUST", "tipo__descricao": "Justificativas", "assunto": "Justificativa de n\u00e3o marca\u00e7\u00e3o de ponto em raz\u00e3o de falha mec\u00e2nica do ponto (aus\u00eancia de papel nos dias  15/04/2026)"}, {"id": "10618", "ano": "2026", "numero": "8", "tipo__sigla": "ODC", "tipo__descricao": "Of\u00edcio/documento Cont\u00e1bil", "assunto": "Solicita\u00e7\u00e3o de provid\u00eancias para regulariza\u00e7\u00e3o e im\u00f3vel"}, {"id": "10687", "ano": "2026", "numero": "8", "tipo__sigla": "DDCI", "tipo__descricao": "Documentos Diversos da Controladoria Interna", "assunto": "CHECKLIST N.\u00ba 08/2026 - DATA: 29/04/2026\r\nPROCESSO N \u00ba: 21/2026\r\nSINTESE DO OBJETO: Curso procurador Juridico\r\nMODALIDADE: Inexigibilidade 5"}, {"id": "10188", "ano": "2026", "numero": "9", "tipo__sigla": "PARE", "tipo__descricao": "PARECER", "assunto": "Parecer Jur\u00eddico - Projeto de Lei Ordin\u00e1ria n. 10 - 2026 - Abertura de Cr\u00e9dito Adicional Especial - Super\u00e1vit Financeiro - R$ 20.213,78"}, {"id": "10226", "ano": "2026", "numero": "9", "tipo__sigla": "OFEXP", "tipo__descricao": "Of\u00edcio Expedido", "assunto": "Convida para sess\u00e3o solene de Inaugura\u00e7\u00e3o de Sess\u00e3o Legislativa 9h, 01 de Fevereiro de 2026- Cooperativa de Cr\u00e9dito Sicoob"}, {"id": "10267", "ano": "2026", "numero": "9", "tipo__sigla": "OR", "tipo__descricao": "OF\u00cdCIOS RECEBIDOS", "assunto": "Solicita informa\u00e7\u00f5es projeto de lei sobre os valores atrasados de pens\u00e3o -c\u00f3pia procurador"}, {"id": "10289", "ano": "2026", "numero": "9", "tipo__sigla": "MEM", "tipo__descricao": "Memorando", "assunto": "Solicita autoriza\u00e7\u00e3o para cumprimento de hor\u00e1rio divergente 19/02/2026"}, {"id": "10327", "ano": "2026", "numero": "9", "tipo__sigla": "OCI", "tipo__descricao": "Of\u00edcios da Controladoria Interna", "assunto": "OF\u00cdCIO DA CONTROLADORIA INTERNA N.\u00ba 09/2026\r\nSantana da Vargem, 26 de fevereiro de 2026.\r\nASSUNTO: Auditoria em F\u00e9rias dos servidores\r\nAo Excelent\u00edssimo Sr. Antonio Afonso de Oliveira\r\nCumprimentando-o cordialmente, venho por meio deste apresentar resultado da auditoria Interna em F\u00e9rias dos servidores, em cumprimento ao plano anual de auditoria, para vosso conhecimento e provid\u00eancias.\r\nAtenciosamente."}, {"id": "10360", "ano": "2026", "numero": "9", "tipo__sigla": "DMP", "tipo__descricao": "Documentos de tribunais e do Minist\u00e9rio P\u00fablico", "assunto": "Inqu\u00e9rito civil n\u00ba 04..16.0694.0243710.2025-28"}, {"id": "10389", "ano": "2026", "numero": "9", "tipo__sigla": "DI", "tipo__descricao": "Di\u00e1rias e documentos relativos", "assunto": "Solicita\u00e7\u00e3o de curso em BH, curso Dados p\u00fablicos, Open Government e LGPD | 24 a 27/Mar\u00e7o \u2013 Belo Horizonte/ MG."}, {"id": "10440", "ano": "2026", "numero": "9", "tipo__sigla": "REV", "tipo__descricao": "Relat\u00f3rios de rodagem do ve\u00edculo e outros", "assunto": "Relat\u00f3rio de rodagem ve\u00edculo \r\nLocalidade: Tr\u00eas Pontas\r\nData: 04/03/2026"}, {"id": "10481", "ano": "2026", "numero": "9", "tipo__sigla": "ATACP", "tipo__descricao": "Ata das Comiss\u00f5es Permanentes", "assunto": "Ata da reuni\u00e3o da Comiss\u00e3o de Legisla\u00e7\u00e3o, Justi\u00e7a e Reda\u00e7\u00e3o Final - 16/03/2026"}, {"id": "10522", "ano": "2026", "numero": "9", "tipo__sigla": "PRC", "tipo__descricao": "PAUTAS DAS REUNI\u00d5ES DAS COMISS\u00d5ES PERMANENTES", "assunto": "Pauta da reuni\u00e3o da Comiss\u00e3o de Educa\u00e7\u00e3o, Sa\u00fade e Assist\u00eancia Social do dia 06 de Abril de 2026"}, {"id": "10523", "ano": "2026", "numero": "9", "tipo__sigla": "OVC", "tipo__descricao": "Of\u00edcio de Vereador/Comiss\u00e3o", "assunto": "Solicita\u00e7\u00e3o de informa\u00e7\u00f5es sobre a ilumina\u00e7\u00e3o p\u00fablica da Avenida M\u00e1rio Pereira ( Avenida do Ribeir\u00e3o Santana)."}, {"id": "10539", "ano": "2026", "numero": "9", "tipo__sigla": "REDF", "tipo__descricao": "Reda\u00e7\u00e3o Final", "assunto": "Reda\u00e7\u00e3o Final do projeto de Lei Complementar 02 de 06 de janeiro de 2026"}, {"id": "10540", "ano": "2026", "numero": "9", "tipo__sigla": "ARO", "tipo__descricao": "ATAS DAS REUNI\u00d5ES ORDIN\u00c1RIAS", "assunto": "Ata da 9\u00aa reuni\u00e3o ordin\u00e1ria da 2\u00aa Sess\u00e3o Legislativa da 16\u00aa Legislatura da C\u00e2mara Municipal de Santana da Vargem realizada no dia trinta de mar\u00e7o de 2026"}, {"id": "10542", "ano": "2026", "numero": "9", "tipo__sigla": "AT", "tipo__descricao": "ATESTADO", "assunto": "Atesta que Laidia Mesquita de Souza Barbosa necessita de afastamento das atividades por 1 dia - 08/04/2026"}, {"id": "10664", "ano": "2026", "numero": "9", "tipo__sigla": "JUST", "tipo__descricao": "Justificativas", "assunto": "Justificativa de n\u00e3o marca\u00e7\u00e3o de ponto nos dias 14/04/2026 e 15/04/2026 por motivos de aus\u00eancia de papel no ponto eletr\u00f4nico - Emerson Silva Ara\u00fajo"}, {"id": "10189", "ano": "2026", "numero": "10", "tipo__sigla": "PARE", "tipo__descricao": "PARECER", "assunto": "Parecer Jur\u00eddico - Projeto de Lei Ordin\u00e1ria n. 11 - 2026 - Abertura de Cr\u00e9dito Adicional Especial - Super\u00e1vit Financeiro - R$ 19.215,08"}, {"id": "10227", "ano": "2026", "numero": "10", "tipo__sigla": "OFEXP", "tipo__descricao": "Of\u00edcio Expedido", "assunto": "Convida para sess\u00e3o solene de Inaugura\u00e7\u00e3o de Sess\u00e3o Legislativa 9h, 01 de Fevereiro de 2026- Gerente do Sicredi Sementes"}, {"id": "10271", "ano": "2026", "numero": "10", "tipo__sigla": "OR", "tipo__descricao": "OF\u00cdCIOS RECEBIDOS", "assunto": "Inscri\u00e7\u00e3o na Tribuna Livre.\r\nAssunto: Desfecho do Projeto de Lei 87/2025"}, {"id": "10294", "ano": "2026", "numero": "10", "tipo__sigla": "MEM", "tipo__descricao": "Memorando", "assunto": "Solicita levar o notebook para casa"}, {"id": "10336", "ano": "2026", "numero": "10", "tipo__sigla": "OCI", "tipo__descricao": "Of\u00edcios da Controladoria Interna", "assunto": "OF\u00cdCIO DA CONTROLADORIA INTERNA N.\u00ba 10/2026\r\n\r\n\r\nSantana da Vargem, 02 de mar\u00e7o de 2026.\r\nASSUNTO:   Instru\u00e7\u00e3o Normativa Limpeza - 02/2026\r\n\r\nAo  Excelent\u00edssimo Sr. Antonio Afonso de Oliveira\r\n\r\n\r\nCumprimentando-o cordialmente, venho por meio deste apresentar sugest\u00e3o de Instru\u00e7\u00e3o Normatival dispondo sobre rotinas padronizadas para as atividades de limpeza, conserva\u00e7\u00e3o, organiza\u00e7\u00e3o e apoio administrativo a serem cumpridos pelo cargo de AUXILIAR LEGISLATIVO, para vosso conhecimento, sugest\u00e3o e aprova\u00e7\u00e3o.\r\n\r\nA aus\u00eancia de manifesta\u00e7\u00e3o at\u00e9 o dia 09/03/2026 ser\u00e1 considerada como anu\u00eancia t\u00e1cita, implicando a aprova\u00e7\u00e3o do referido ato e seu consequente encaminhamento para publica\u00e7\u00e3o no Di\u00e1rio Oficial da C\u00e2mara Municipal de Santana da Vargem/MG. \r\n\r\n Atenciosamente."}, {"id": "10408", "ano": "2026", "numero": "10", "tipo__sigla": "DI", "tipo__descricao": "Di\u00e1rias e documentos relativos", "assunto": "Relat\u00f3rio e presta\u00e7\u00e3o de contas Emerson Silva Ara\u00fajo (Belo Horizonte-MG 10/03/2026 a 13/03/2026)"}, {"id": "10442", "ano": "2026", "numero": "10", "tipo__sigla": "REV", "tipo__descricao": "Relat\u00f3rios de rodagem do ve\u00edculo e outros", "assunto": "Relat\u00f3rio de rodagem ve\u00edculo \r\nLocalidade: Tr\u00eas Pontas e Varginha\r\nData: 06/03/2026"}, {"id": "10460", "ano": "2026", "numero": "10", "tipo__sigla": "DMP", "tipo__descricao": "Documentos de tribunais e do Minist\u00e9rio P\u00fablico", "assunto": "Procedimento administrativo n\u00ba 34.16.0024.0314498.2025-74"}, {"id": "10482", "ano": "2026", "numero": "10", "tipo__sigla": "ATACP", "tipo__descricao": "Ata das Comiss\u00f5es Permanentes", "assunto": "Ata Reuni\u00e3o da Comiss\u00e3o de Legisla\u00e7\u00e3o, Justi\u00e7a e Reda\u00e7\u00e3o final - 25/02/2026"}, {"id": "10524", "ano": "2026", "numero": "10", "tipo__sigla": "OVC", "tipo__descricao": "Of\u00edcio de Vereador/Comiss\u00e3o", "assunto": "Solicita\u00e7\u00e3o de convoca\u00e7\u00e3o de servidores da C\u00e2mara Municipal de Santana da Vargem"}, {"id": "10532", "ano": "2026", "numero": "10", "tipo__sigla": "PRC", "tipo__descricao": "PAUTAS DAS REUNI\u00d5ES DAS COMISS\u00d5ES PERMANENTES", "assunto": "Pauta da Reuni\u00e3o da Comiss\u00e3o de Finan\u00e7as e Or\u00e7amento do dia 30 de mar\u00e7o de 2026."}, {"id": "10566", "ano": "2026", "numero": "10", "tipo__sigla": "REDF", "tipo__descricao": "Reda\u00e7\u00e3o Final", "assunto": "Reda\u00e7\u00e3o Final do Projeto de Lei Complementar n\u00ba 01 de 06 de janeiro de 2026"}, {"id": "10581", "ano": "2026", "numero": "10", "tipo__sigla": "ARO", "tipo__descricao": "ATAS DAS REUNI\u00d5ES ORDIN\u00c1RIAS", "assunto": "Ata da 10\u00aa (d\u00e9cima) reuni\u00e3o ordin\u00e1ria da 2\u00aa Sess\u00e3o Legislativa da 16\u00aa Legislatura da C\u00e2mara Municipal de Santana da Vargem realizada no dia seis de abril de dois mil e vinte e seis."}, {"id": "10594", "ano": "2026", "numero": "10", "tipo__sigla": "AT", "tipo__descricao": "ATESTADO", "assunto": "Atestado M\u00e9dico - Acompanhamento - 13-04-2026"}, {"id": "10665", "ano": "2026", "numero": "10", "tipo__sigla": "JUST", "tipo__descricao": "Justificativas", "assunto": "Justificativa de n\u00e3o marca\u00e7\u00e3o de ponto nos dias 14/04/2026 e 15/04/2026 por motivos de aus\u00eancia de papel no ponto eletr\u00f4nico - Ruiter Silva de Oliveira"}, {"id": "10190", "ano": "2026", "numero": "11", "tipo__sigla": "PARE", "tipo__descricao": "PARECER", "assunto": "Parecer Jur\u00eddico - Projeto de Lei Ordin\u00e1ria n. 12 - 2026 - Abertura de Cr\u00e9dito Adicional Especial - Super\u00e1vit Financeiro - R$ 59.079,25"}, {"id": "10228", "ano": "2026", "numero": "11", "tipo__sigla": "OFEXP", "tipo__descricao": "Of\u00edcio Expedido", "assunto": "Convida para sess\u00e3o solene de Inaugura\u00e7\u00e3o de Sess\u00e3o Legislativa 9h, 01 de Fevereiro de 2026 - Gilmar Donizetti Presidente da Coopasv"}, {"id": "10279", "ano": "2026", "numero": "11", "tipo__sigla": "OR", "tipo__descricao": "OF\u00cdCIOS RECEBIDOS", "assunto": "Convida para participar das festividades de Carnaval realizadas junto aos usu\u00e1rios do CRAS e SCFV"}, {"id": "10300", "ano": "2026", "numero": "11", "tipo__sigla": "MEM", "tipo__descricao": "Memorando", "assunto": "Solicita\u00e7\u00e3o de autoriza\u00e7\u00e3o para realiza\u00e7\u00e3o de hor\u00e1rio divergente"}, {"id": "10375", "ano": "2026", "numero": "11", "tipo__sigla": "OCI", "tipo__descricao": "Of\u00edcios da Controladoria Interna", "assunto": "OF\u00cdCIO DA CONTROLADORIA INTERNA N.\u00ba 11/2026\r\nSantana da Vargem, 10 de mar\u00e7o de 2026.\r\nASSUNTO: RELAT\u00d3RIO MENSAL FEVEREIRO/ 2026\r\nAo Excelent\u00edssimo Sr. Antonio Afonso Oliveira\r\n\u00c0 Contabilidade\r\nCumprimentando-as cordialmente, venho por meio deste apresentar RELAT\u00d3RIO MENSAL FEVEREIRO/2025, para vosso conhecimento e provid\u00eancias EM RELA\u00c7\u00c3O \u00c0S RECOMENDA\u00c7\u00d5ES FEITAS."}, {"id": "10412", "ano": "2026", "numero": "11", "tipo__sigla": "DI", "tipo__descricao": "Di\u00e1rias e documentos relativos", "assunto": "Solicita\u00e7\u00e3o de Di\u00e1ria para curso em BH nos dia 24 a 27 de mar\u00e7o de 2026."}, {"id": "10443", "ano": "2026", "numero": "11", "tipo__sigla": "REV", "tipo__descricao": "Relat\u00f3rios de rodagem do ve\u00edculo e outros", "assunto": "Relat\u00f3rio de rodagem ve\u00edculo \r\nLocalidade: Belo Horizonte \r\nData: 13/03/2026"}, {"id": "10483", "ano": "2026", "numero": "11", "tipo__sigla": "ATACP", "tipo__descricao": "Ata das Comiss\u00f5es Permanentes", "assunto": "Ata Reuni\u00e3o da Comiss\u00e3o de Legisla\u00e7\u00e3o, Justi\u00e7a e Reda\u00e7\u00e3o final -09/03/2026"}, {"id": "10525", "ano": "2026", "numero": "11", "tipo__sigla": "OVC", "tipo__descricao": "Of\u00edcio de Vereador/Comiss\u00e3o", "assunto": "Solicita\u00e7\u00e3o de convoca\u00e7\u00e3o de Secretaria Municipal de Finan\u00e7as"}, {"id": "10533", "ano": "2026", "numero": "11", "tipo__sigla": "PRC", "tipo__descricao": "PAUTAS DAS REUNI\u00d5ES DAS COMISS\u00d5ES PERMANENTES", "assunto": "Pauta da Reuni\u00e3o da Comiss\u00e3o de Finan\u00e7as e Or\u00e7amento do dia 06 de abril de 2026."}, {"id": "10567", "ano": "2026", "numero": "11", "tipo__sigla": "REDF", "tipo__descricao": "Reda\u00e7\u00e3o Final", "assunto": "Reda\u00e7\u00e3o final do projeto de lei municipal n\u00ba 55 de mar\u00e7o de 2026"}, {"id": "10635", "ano": "2026", "numero": "11", "tipo__sigla": "ARO", "tipo__descricao": "ATAS DAS REUNI\u00d5ES ORDIN\u00c1RIAS", "assunto": "Ata da 11\u00aa reuni\u00e3o ordin\u00e1ria da 2\u00aa Sess\u00e3o Legislativa da 16\u00aa Legislatura da C\u00e2mara Municipal de Santana da Vargem"}, {"id": "10666", "ano": "2026", "numero": "11", "tipo__sigla": "JUST", "tipo__descricao": "Justificativas", "assunto": "Justificativa de n\u00e3o marca\u00e7\u00e3o de ponto nos dias 14/04/2026 e 15/04/2026 por motivos de aus\u00eancia de papel no ponto eletr\u00f4nico - Laidia Mesquita de Souza Barbosa"}, {"id": "10191", "ano": "2026", "numero": "12", "tipo__sigla": "PARE", "tipo__descricao": "PARECER", "assunto": "Parecer Jur\u00eddico - Projeto de Lei Ordin\u00e1ria n. 13 - 2026 - Abertura de Cr\u00e9dito Adicional Especial - Super\u00e1vit Financeiro - R$ 156.359,05"}, {"id": "10230", "ano": "2026", "numero": "12", "tipo__sigla": "OFEXP", "tipo__descricao": "Of\u00edcio Expedido", "assunto": "Convida para sess\u00e3o solene de Inaugura\u00e7\u00e3o de Sess\u00e3o Legislativa 9h, 01 de Fevereiro de 2026 - Presidente da Cooapsul"}, {"id": "10301", "ano": "2026", "numero": "12", "tipo__sigla": "MEM", "tipo__descricao": "Memorando", "assunto": "Solicita\u00e7\u00e3o de restitui\u00e7\u00e3o de adicional de assiduidade - dezembro de 2025"}, {"id": "10323", "ano": "2026", "numero": "12", "tipo__sigla": "OR", "tipo__descricao": "OF\u00cdCIOS RECEBIDOS", "assunto": "Resposta ao of\u00edcio 24 da presid\u00eancia - encaminhamento para promulga\u00e7\u00e3o projeto de lei ordin\u00e1ria do legislativo 24 vereador Everton"}, {"id": "10425", "ano": "2026", "numero": "12", "tipo__sigla": "DI", "tipo__descricao": "Di\u00e1rias e documentos relativos", "assunto": "Requisi\u00e7\u00e3o de di\u00e1rias Cleber de Brito (Belo Horizonte- 24/03/2026 a 27/03/2026)."}, {"id": "10444", "ano": "2026", "numero": "12", "tipo__sigla": "REV", "tipo__descricao": "Relat\u00f3rios de rodagem do ve\u00edculo e outros", "assunto": "Relat\u00f3rio de rodagem ve\u00edculo \r\nLocalidade: Santana da Vargem\r\nData: 18/03/2026"}, {"id": "10462", "ano": "2026", "numero": "12", "tipo__sigla": "OCI", "tipo__descricao": "Of\u00edcios da Controladoria Interna", "assunto": "OF\u00cdCIO DA CONTROLADORIA INTERNA N.\u00ba 12/2026\r\nSantana da Vargem, 24 de mar\u00e7o de 2026.\r\nASSUNTO: Auditoria em F\u00e9rias dos servidores\r\nAo Excelent\u00edssimo Sr. Antonio Afonso de Oliveira\r\nCumprimentando-o cordialmente, venho por meio deste apresentar resultado da auditoria Interna Gest\u00e3o de Esqtoque e Gest\u00e3o de Patrim\u00f4nio, em cumprimento ao plano anual de auditoria, para vosso conhecimento e provid\u00eancias.\r\nAtenciosamente.\r\nSRA."}, {"id": "10484", "ano": "2026", "numero": "12", "tipo__sigla": "ATACP", "tipo__descricao": "Ata das Comiss\u00f5es Permanentes", "assunto": "Ata de reuni\u00e3o da Comiss\u00e3o de Finan\u00e7as e Or\u00e7amento - 16/03/2026"}, {"id": "10531", "ano": "2026", "numero": "12", "tipo__sigla": "OVC", "tipo__descricao": "Of\u00edcio de Vereador/Comiss\u00e3o", "assunto": "Solicita\u00e7\u00e3o de informa\u00e7\u00f5es sobre m\u00e1quina de fabrica\u00e7\u00e3o de fraldas descart\u00e1veis pertencentes ao Munic\u00edpio."}, {"id": "10536", "ano": "2026", "numero": "12", "tipo__sigla": "PRC", "tipo__descricao": "PAUTAS DAS REUNI\u00d5ES DAS COMISS\u00d5ES PERMANENTES", "assunto": "Pauta da reuni\u00e3o da Comiss\u00e3o de Legisla\u00e7\u00e3o, Justi\u00e7a e Reda\u00e7\u00e3o Final do dia 06 de Abril de 2026"}, {"id": "10568", "ano": "2026", "numero": "12", "tipo__sigla": "REDF", "tipo__descricao": "Reda\u00e7\u00e3o Final", "assunto": "Reda\u00e7\u00e3o final do projeto de lei ordin\u00e1ria do legislativo n\u00ba 2 de 16 de janeiro de 2025"}, {"id": "10667", "ano": "2026", "numero": "12", "tipo__sigla": "JUST", "tipo__descricao": "Justificativas", "assunto": "Justificativa de n\u00e3o marca\u00e7\u00e3o de ponto nos dias 14/04/2026 e 15/04/2026 por motivos de aus\u00eancia de papel no ponto eletr\u00f4nico Viviane Scalioni Oliveira"}, {"id": "10672", "ano": "2026", "numero": "12", "tipo__sigla": "ARO", "tipo__descricao": "ATAS DAS REUNI\u00d5ES ORDIN\u00c1RIAS", "assunto": "Ata da 12\u00aa reuni\u00e3o ordin\u00e1ria da 2\u00aa sess\u00e3o legislativa da 16\u00aa legislatura da C\u00e2mara Municipal de Santana da Vargem realizada no dia 22 de abril de 2026"}, {"id": "10192", "ano": "2026", "numero": "13", "tipo__sigla": "PARE", "tipo__descricao": "PARECER", "assunto": "Parecer Jur\u00eddico - Projeto de Lei Ordin\u00e1ria n. 14 - 2026 - Abertura de Cr\u00e9dito Adicional Especial - Super\u00e1vit Financeiro - R$ 31.963,55"}, {"id": "10231", "ano": "2026", "numero": "13", "tipo__sigla": "OFEXP", "tipo__descricao": "Of\u00edcio Expedido", "assunto": "Convida para sess\u00e3o solene de Inaugura\u00e7\u00e3o de Sess\u00e3o Legislativa 9h, 01 de Fevereiro de 2026 - Vice prefeito Renato Teodoro Silva"}, {"id": "10317", "ano": "2026", "numero": "13", "tipo__sigla": "MEM", "tipo__descricao": "Memorando", "assunto": "Solicita autoriza\u00e7\u00e3o para realiza\u00e7\u00e3o de jornada divergente na presente data."}, {"id": "10326", "ano": "2026", "numero": "13", "tipo__sigla": "OR", "tipo__descricao": "OF\u00cdCIOS RECEBIDOS", "assunto": "Convida para Audi\u00eancia P\u00fablica referente ao Terceiro Quadrimestre de 2025 no dia 27 de fevereiro de 2026"}, {"id": "10435", "ano": "2026", "numero": "13", "tipo__sigla": "DI", "tipo__descricao": "Di\u00e1rias e documentos relativos", "assunto": "Relat\u00f3rio  e presta\u00e7\u00e3o de contas Everton Paulo Ara\u00fajo (Belo Horizonte - 10/03/2026 a 13/03/2026)"}, {"id": "10445", "ano": "2026", "numero": "13", "tipo__sigla": "REV", "tipo__descricao": "Relat\u00f3rios de rodagem do ve\u00edculo e outros", "assunto": "Relat\u00f3rio de rodagem ve\u00edculo \r\nLocalidade: Tr\u00eas Pontas \r\nData: 19/03/2026"}, {"id": "10474", "ano": "2026", "numero": "13", "tipo__sigla": "OCI", "tipo__descricao": "Of\u00edcios da Controladoria Interna", "assunto": "OF\u00cdCIO DA CONTROLADORIA INTERNA N.\u00ba 13/2026\r\nSantana da Vargem, 25 de mar\u00e7o de 2026.\r\nASSUNTO: Resposta ao Oficio 019/2026 \u2013 Assistente Legislativo \u2013 Conflito de Atribui\u00e7\u00f5es\r\nAo Sr. Ruiter"}, {"id": "10485", "ano": "2026", "numero": "13", "tipo__sigla": "ATACP", "tipo__descricao": "Ata das Comiss\u00f5es Permanentes", "assunto": "Ata de reuni\u00e3o da Comiss\u00e3o de Finan\u00e7as e Or\u00e7amento - 09/03/2026"}, {"id": "10534", "ano": "2026", "numero": "13", "tipo__sigla": "OVC", "tipo__descricao": "Of\u00edcio de Vereador/Comiss\u00e3o", "assunto": "Requerimento de Informa\u00e7\u00f5es em carater de urg\u00eancia, referente ao Projeto de Lei n\u00ba 60/2026."}, {"id": "10537", "ano": "2026", "numero": "13", "tipo__sigla": "PRC", "tipo__descricao": "PAUTAS DAS REUNI\u00d5ES DAS COMISS\u00d5ES PERMANENTES", "assunto": "Pauta da Reuni\u00e3o de Legisla\u00e7\u00e3o, Justi\u00e7a e Reda\u00e7\u00e3o Final do dia 30 de mar\u00e7o de 2026 - Pauta protocolada na secretaria em 07/04/2026"}, {"id": "10571", "ano": "2026", "numero": "13", "tipo__sigla": "REDF", "tipo__descricao": "Reda\u00e7\u00e3o Final", "assunto": "Reda\u00e7\u00e3o Final do Projeto de Lei Complementar 018/2025"}, {"id": "10683", "ano": "2026", "numero": "13", "tipo__sigla": "JUST", "tipo__descricao": "Justificativas", "assunto": "Solicita\u00e7\u00e3o de jornada divergente Larissa Oliveira Naves 29/04/2026 - iniciar as 6h e terminar as 15h - Deferida"}, {"id": "10193", "ano": "2026", "numero": "14", "tipo__sigla": "PARE", "tipo__descricao": "PARECER", "assunto": "Parecer Jur\u00eddico - Projeto de Lei Ordin\u00e1ria n. 15 - 2026 - Abertura de Cr\u00e9dito Adicional Especial - Super\u00e1vit Financeiro - R$ 375.545,00"}, {"id": "10232", "ano": "2026", "numero": "14", "tipo__sigla": "OFEXP", "tipo__descricao": "Of\u00edcio Expedido", "assunto": "Convoca para sess\u00e3o solene de Inaugura\u00e7\u00e3o de Sess\u00e3o Legislativa 9h, 01 de Fevereiro de 2026 - Servidores Larissa, Laidia, Ruiter e Viviane"}, {"id": "10319", "ano": "2026", "numero": "14", "tipo__sigla": "MEM", "tipo__descricao": "Memorando", "assunto": "Solicita\u00e7\u00e3o de autoriza\u00e7\u00e3o para realiza\u00e7\u00e3o de hor\u00e1rio divergente 25/02/2026"}, {"id": "10334", "ano": "2026", "numero": "14", "tipo__sigla": "OR", "tipo__descricao": "OF\u00cdCIOS RECEBIDOS", "assunto": "Informa que a Lei complementar n\u00ba 22/2025 compilada estava dispon\u00edvel na aba Legisla\u00e7\u00e3o Municipal"}, {"id": "10436", "ano": "2026", "numero": "14", "tipo__sigla": "DI", "tipo__descricao": "Di\u00e1rias e documentos relativos", "assunto": "Relat\u00f3rio e presta\u00e7\u00e3o de contas Jackson Luiz Ven\u00e2ncio de Souza (Belo Horizonte - 10/03/2026 a 13/03/2026)"}, {"id": "10448", "ano": "2026", "numero": "14", "tipo__sigla": "REV", "tipo__descricao": "Relat\u00f3rios de rodagem do ve\u00edculo e outros", "assunto": "Relat\u00f3rio de rodagem ve\u00edculo \r\n19/03/2026\r\nSantana da Vargem \r\nLevar documentos no sindicato para assinatura da vereadora Silmara"}, {"id": "10486", "ano": "2026", "numero": "14", "tipo__sigla": "ATACP", "tipo__descricao": "Ata das Comiss\u00f5es Permanentes", "assunto": "Ata de reuni\u00e3o da Comiss\u00e3o de Finan\u00e7as e Or\u00e7amento - -25/02/2026"}, {"id": "10495", "ano": "2026", "numero": "14", "tipo__sigla": "OCI", "tipo__descricao": "Of\u00edcios da Controladoria Interna", "assunto": "OF\u00cdCIO DA CONTROLADORIA INTERNA N.\u00ba 14/2026\r\n\r\nSantana da Vargem, 30 de mar\u00e7o de 2026.\r\nASSUNTO:   Resposta ao Oficio 033/2026 \u2013  Vereador Paulo Jos\u00e9  \u2013  Informa\u00e7\u00f5es/Transpar\u00eancia\r\n\r\n\r\nPrezado Senhor,\r\nEm aten\u00e7\u00e3o ao Requerimento n\u00ba 33/2026, a Controladoria Interna, em conjunto com o Setor Cont\u00e1bil e a Diretoria Administrativa da C\u00e2mara Municipal, procedeu \u00e0 an\u00e1lise das informa\u00e7\u00f5es disponibilizadas no Portal da Transpar\u00eancia do Munic\u00edpio, prestando suporte t\u00e9cnico ao Vereador solicitante, com base em conhecimentos espec\u00edficos da \u00e1rea cont\u00e1bil e administrativa, com o objetivo de subsidiar o exerc\u00edcio de sua fun\u00e7\u00e3o legislativa de fiscaliza\u00e7\u00e3o e acompanhamento or\u00e7ament\u00e1rio."}, {"id": "10575", "ano": "2026", "numero": "14", "tipo__sigla": "PRC", "tipo__descricao": "PAUTAS DAS REUNI\u00d5ES DAS COMISS\u00d5ES PERMANENTES", "assunto": "Pauta da reuni\u00e3o da comiss\u00e3o de sa\u00fade do dia 13 de Abril de 2026"}, {"id": "10590", "ano": "2026", "numero": "14", "tipo__sigla": "OVC", "tipo__descricao": "Of\u00edcio de Vereador/Comiss\u00e3o", "assunto": "Solicita autoriza\u00e7\u00e3o para participa\u00e7\u00e3o em curso, inscri\u00e7\u00e3o, motorista: Gest\u00e3o e Fiscaliza\u00e7\u00e3o de Contratos com Uso da IA"}, {"id": "10597", "ano": "2026", "numero": "14", "tipo__sigla": "REDF", "tipo__descricao": "Reda\u00e7\u00e3o Final", "assunto": "Reda\u00e7\u00e3o Final do Projeto de lei n\u00ba 43, de 04 de Fevereiro de 2026"}, {"id": "10194", "ano": "2026", "numero": "15", "tipo__sigla": "PARE", "tipo__descricao": "PARECER", "assunto": "Parecer Jur\u00eddico - Projeto de Lei Ordin\u00e1ria n. 16 - 2026 - Abertura de Cr\u00e9dito Adicional Especial - Super\u00e1vit Financeiro - R$ 25.003,83"}, {"id": "10234", "ano": "2026", "numero": "15", "tipo__sigla": "OFEXP", "tipo__descricao": "Of\u00edcio Expedido", "assunto": "Convida para Sess\u00e3o Ordin\u00e1ria do dia 02 de fevereiro de 2026"}, {"id": "10322", "ano": "2026", "numero": "15", "tipo__sigla": "MEM", "tipo__descricao": "Memorando", "assunto": "Solicita imagens das c\u00e2meras de seguran\u00e7a referentes ao dia 12 de fevereiro de 2026"}, {"id": "10355", "ano": "2026", "numero": "15", "tipo__sigla": "OR", "tipo__descricao": "OF\u00cdCIOS RECEBIDOS", "assunto": "Encaminha os balancetes de Receitas e despesas referentes ao m\u00eas de janeiro de 2026"}, {"id": "10437", "ano": "2026", "numero": "15", "tipo__sigla": "DI", "tipo__descricao": "Di\u00e1rias e documentos relativos", "assunto": "Relat\u00f3rio e presta\u00e7\u00e3o de contas Felipe Tom\u00e9 Mota e Silva (Belo Horizonte - 10/03/2026 a 13/03/2026)"}, {"id": "10449", "ano": "2026", "numero": "15", "tipo__sigla": "REV", "tipo__descricao": "Relat\u00f3rios de rodagem do ve\u00edculo e outros", "assunto": "Relat\u00f3rio de Rodagem do ve\u00edculo oficial \r\nLocal: Tr\u00eas Pontas\r\nData: 20/03/2026\r\nLevar funcion\u00e1ria Laidia no Cart\u00f3rio"}, {"id": "10489", "ano": "2026", "numero": "15", "tipo__sigla": "ATACP", "tipo__descricao": "Ata das Comiss\u00f5es Permanentes", "assunto": "Ata da Comiss\u00e3o de Finan\u00e7as e Or\u00e7amento 23/03/2026"}, {"id": "10521", "ano": "2026", "numero": "15", "tipo__sigla": "OCI", "tipo__descricao": "Of\u00edcios da Controladoria Interna", "assunto": "OF\u00cdCIO DA CONTROLADORIA INTERNA N.\u00ba 15/2026\r\nSantana da Vargem, 06 de abril de 2026.\r\nASSUNTO: Atendimento aos quesitos da ATRICON \u2013 Relat\u00f3rio de Gest\u00e3o/Atividades e Plano Estrat\u00e9gico\r\nSenhor Presidente,\r\nCumprimentando-o cordialmente, venho por meio deste refor\u00e7ar que, conforme j\u00e1 explanado verbalmente e tamb\u00e9m em reuni\u00e3o realizada no dia 25/02/2026, h\u00e1 a necessidade de atendimento aos quesitos estabelecidos pela Associa\u00e7\u00e3o dos Membros dos Tribunais de Contas do Brasil (ATRICON), no que se refere \u00e0s boas pr\u00e1ticas de transpar\u00eancia e controle da gest\u00e3o p\u00fablica.\r\nDentre os crit\u00e9rios avaliados, destacam-se dois itens cuja compet\u00eancia \u00e9 exclusiva da Presid\u00eancia desta Casa Legislativa, sendo eles o Relat\u00f3rio de Gest\u00e3o ou de Atividades e o Plano Estrat\u00e9gico."}, {"id": "10579", "ano": "2026", "numero": "15", "tipo__sigla": "PRC", "tipo__descricao": "PAUTAS DAS REUNI\u00d5ES DAS COMISS\u00d5ES PERMANENTES", "assunto": "Pauta da Reuni\u00e3o da Comiss\u00e3o de Legisla\u00e7\u00e3o, Justi\u00e7a e Reda\u00e7\u00e3o Final do dia 13 de Abril de 2026"}, {"id": "10596", "ano": "2026", "numero": "15", "tipo__sigla": "OVC", "tipo__descricao": "Of\u00edcio de Vereador/Comiss\u00e3o", "assunto": "Solicita\u00e7\u00e3o de Aux\u00edlio T\u00e9cnico e Fiscaliza\u00e7\u00e3o Possivel descumprimento dos requerimentos 03, 06 e 09 de 2026"}, {"id": "10673", "ano": "2026", "numero": "15", "tipo__sigla": "REDF", "tipo__descricao": "Reda\u00e7\u00e3o Final", "assunto": "Reda\u00e7\u00e3o final do projeto de lei complementar 03/2026"}, {"id": "10195", "ano": "2026", "numero": "16", "tipo__sigla": "PARE", "tipo__descricao": "PARECER", "assunto": "Parecer Jur\u00eddico - Projeto de Lei Ordin\u00e1ria n. 17 - 2026 - Abertura de Cr\u00e9dito Adicional Especial - Super\u00e1vit Financeiro - R$ 77.352,71"}, {"id": "10238", "ano": "2026", "numero": "16", "tipo__sigla": "OFEXP", "tipo__descricao": "Of\u00edcio Expedido", "assunto": "Convida para Sess\u00e3o Solene Legislativa Anual que ocorrer\u00e1 no dia 01/02/2026 \u00e0s 9h - Presidente do Sindicato dos Trabalhadores Rurais"}, {"id": "10325", "ano": "2026", "numero": "16", "tipo__sigla": "MEM", "tipo__descricao": "Memorando", "assunto": "Solicita o pagamento de horas extras realizadas no dia 02/02 e no dia 09/02"}, {"id": "10356", "ano": "2026", "numero": "16", "tipo__sigla": "OR", "tipo__descricao": "OF\u00cdCIOS RECEBIDOS", "assunto": "Responde requerimento 04/2026 do vereador Everton Paulo Ara\u00fajo"}, {"id": "10441", "ano": "2026", "numero": "16", "tipo__sigla": "DI", "tipo__descricao": "Di\u00e1rias e documentos relativos", "assunto": "Relat\u00f3rio de rodagem ve\u00edculo \r\nLocalidade: Santana da Vargem\r\nData: 05/03/2026"}, {"id": "10450", "ano": "2026", "numero": "16", "tipo__sigla": "REV", "tipo__descricao": "Relat\u00f3rios de rodagem do ve\u00edculo e outros", "assunto": "Relat\u00f3rio de rodagem do ve\u00edculo oficial\r\nLocal: Tr\u00eas Pontas\r\nData: 20/03/2026\r\nLevar funcion\u00e1rio Ruiter em v\u00e1rios com\u00e9rcios em Tr\u00eas Pontas"}, {"id": "10498", "ano": "2026", "numero": "16", "tipo__sigla": "ATACP", "tipo__descricao": "Ata das Comiss\u00f5es Permanentes", "assunto": "Ata da Reuni\u00e3o da Comiss\u00e3o de Obras, Servi\u00e7os P\u00fablicos, Agroind\u00fastria e Com\u00e9rcio e Turismo - 02/03/2026"}, {"id": "10580", "ano": "2026", "numero": "16", "tipo__sigla": "PRC", "tipo__descricao": "PAUTAS DAS REUNI\u00d5ES DAS COMISS\u00d5ES PERMANENTES", "assunto": "Pauta da reuni\u00e3o da Comiss\u00e3o de Finan\u00e7as e Or\u00e7amento do dia 13 de Abril de 2026"}, {"id": "10585", "ano": "2026", "numero": "16", "tipo__sigla": "OCI", "tipo__descricao": "Of\u00edcios da Controladoria Interna", "assunto": "OF\u00cdCIO DA CONTROLADORIA INTERNA N.\u00ba 16/2026\r\nSantana da Vargem, 14 de abril de 2026.\r\nASSUNTO: RELAT\u00d3RIO MENSAL MAR\u00c7O/ 2026\r\nAo Excelent\u00edssimo Sr. Antonio Afonso Oliveira\r\n\u00c0 Contabilidade\r\nCumprimentando-as cordialmente, venho por meio deste apresentar RELAT\u00d3RIO MENSAL MAR\u00c7O/2026, para vosso conhecimento e provid\u00eancias EM RELA\u00c7\u00c3O \u00c0S RECOMENDA\u00c7\u00d5ES FEITAS."}, {"id": "10598", "ano": "2026", "numero": "16", "tipo__sigla": "OVC", "tipo__descricao": "Of\u00edcio de Vereador/Comiss\u00e3o", "assunto": "Resposta ao requerimento n\u00ba09/2026 da C\u00e2mara Municipal - Vereador Everton Paulo Ara\u00fajo"}, {"id": "10674", "ano": "2026", "numero": "16", "tipo__sigla": "REDF", "tipo__descricao": "Reda\u00e7\u00e3o Final", "assunto": "Reda\u00e7\u00e3o final do projeto de lei ordin\u00e1rio do legislativo n\u00ba 26 de 05 de dezembro de 2025"}, {"id": "10196", "ano": "2026", "numero": "17", "tipo__sigla": "PARE", "tipo__descricao": "PARECER", "assunto": "Parecer Jur\u00eddico - Projeto de Lei Ordin\u00e1ria n. 18 - 2026 - Abertura de Cr\u00e9dito Adicional Especial - Super\u00e1vit Financeiro - R$ 110.894,95"}, {"id": "10239", "ano": "2026", "numero": "17", "tipo__sigla": "OFEXP", "tipo__descricao": "Of\u00edcio Expedido", "assunto": "Solicita informa\u00e7\u00f5es a respeito de provid\u00eancia quanto ao atendimento da IN n\u00ba 05/2025 - TCE MG"}, {"id": "10357", "ano": "2026", "numero": "17", "tipo__sigla": "OR", "tipo__descricao": "OF\u00cdCIOS RECEBIDOS", "assunto": "Responde requerimento 01/2026 do vereador Luiz Felipe Mendon\u00e7a Rodrigues"}, {"id": "10362", "ano": "2026", "numero": "17", "tipo__sigla": "MEM", "tipo__descricao": "Memorando", "assunto": "Solicita autoriza\u00e7\u00e3o para realiza\u00e7\u00e3o de hor\u00e1rio divergente no dia 09/03/2026"}, {"id": "10459", "ano": "2026", "numero": "17", "tipo__sigla": "DI", "tipo__descricao": "Di\u00e1rias e documentos relativos", "assunto": "Requerimento de adiantamento para abastecimento e estacionamento quanto em deslocamento Emerson Silva Ara\u00fajo (Belo Horizonte - 24/03/2026  27/03/2026)"}, {"id": "10490", "ano": "2026", "numero": "17", "tipo__sigla": "REV", "tipo__descricao": "Relat\u00f3rios de rodagem do ve\u00edculo e outros", "assunto": "Relat\u00f3rio de rodagem do ve\u00edculo oficial\r\nLocalidade: Santana da Vargem\r\nData: 24/03/2026\r\nIr posto Teomara Maise Correa para abastecer o carro"}, {"id": "10499", "ano": "2026", "numero": "17", "tipo__sigla": "ATACP", "tipo__descricao": "Ata das Comiss\u00f5es Permanentes", "assunto": "Ata da Reuni\u00e3o da Comiss\u00e3o de Obras, Servi\u00e7os P\u00fablicos, Agroind\u00fastria e Com\u00e9rcio e Turismo - 09/03/2026"}, {"id": "10587", "ano": "2026", "numero": "17", "tipo__sigla": "OCI", "tipo__descricao": "Of\u00edcios da Controladoria Interna", "assunto": "OF\u00cdCIO DA CONTROLADORIA INTERNA N.\u00ba 17/2026\r\nSantana da Vargem, 14 de abril de 2026.\r\nASSUNTO: Comunica\u00e7\u00e3o de In\u00edcio de Auditoria \u2013 Transpar\u00eancia P\u00fablica e Solicita\u00e7\u00e3o de Informa\u00e7\u00f5es \r\n\r\nAo  Excelent\u00edssimo Sr. Antonio Afonso Oliveira"}, {"id": "10605", "ano": "2026", "numero": "17", "tipo__sigla": "OVC", "tipo__descricao": "Of\u00edcio de Vereador/Comiss\u00e3o", "assunto": "Destina\u00e7\u00e3o de recurso para complemento na aquisi\u00e7\u00e3o de v\u00e9\u00edculo van para APAE"}, {"id": "10620", "ano": "2026", "numero": "17", "tipo__sigla": "PRC", "tipo__descricao": "PAUTAS DAS REUNI\u00d5ES DAS COMISS\u00d5ES PERMANENTES", "assunto": "Pauta da reuni\u00e3o da Comiss\u00e3o de educa\u00e7\u00e3o, sa\u00fade e assist\u00eancia social do dia 22 de abril de 2026"}, {"id": "10197", "ano": "2026", "numero": "18", "tipo__sigla": "PARE", "tipo__descricao": "PARECER", "assunto": "Parecer Jur\u00eddico - Projeto de Lei Ordin\u00e1ria n. 19 - 2026 - Abertura de Cr\u00e9dito Adicional Especial - Super\u00e1vit Financeiro - R$ 90.141,56"}, {"id": "10245", "ano": "2026", "numero": "18", "tipo__sigla": "OFEXP", "tipo__descricao": "Of\u00edcio Expedido", "assunto": "Resposta ao of\u00edcio 04 - 2025 do Executivo - Informa\u00e7\u00f5es sobre o projeto de lei do legislativo 22 de 2025."}, {"id": "10358", "ano": "2026", "numero": "18", "tipo__sigla": "OR", "tipo__descricao": "OF\u00cdCIOS RECEBIDOS", "assunto": "Responde requerimento do vereador Everton Paulo Ara\u00fajo - Avenida H\u00e9lio Terra"}, {"id": "10363", "ano": "2026", "numero": "18", "tipo__sigla": "MEM", "tipo__descricao": "Memorando", "assunto": "Comunica\u00e7\u00e3o de f\u00e9rias e responsabilidade sobre itens patrimoniais"}, {"id": "10491", "ano": "2026", "numero": "18", "tipo__sigla": "REV", "tipo__descricao": "Relat\u00f3rios de rodagem do ve\u00edculo e outros", "assunto": "Relat\u00f3rio de rodagem do ve\u00edculo oficial\r\nLocalidade: Belo Horizonte\r\nData: 24/03/2026\r\nRetorno: 27/03/2026\r\nLevar funcion\u00e1rios Ruiter e Cleber para fazer curso de capacita\u00e7\u00e3o."}, {"id": "10493", "ano": "2026", "numero": "18", "tipo__sigla": "DI", "tipo__descricao": "Di\u00e1rias e documentos relativos", "assunto": "Relat\u00f3rio e presta\u00e7\u00e3o de contas Cleber de Brito (Belo Horizonte - 24/03/2026 a 27/03/2026)"}, {"id": "10500", "ano": "2026", "numero": "18", "tipo__sigla": "ATACP", "tipo__descricao": "Ata das Comiss\u00f5es Permanentes", "assunto": "Ata da Reuni\u00e3o da Comiss\u00e3o de Obras, Servi\u00e7os P\u00fablicos, Agroind\u00fastria e Com\u00e9rcio e Turismo - 19/03/2026"}, {"id": "10619", "ano": "2026", "numero": "18", "tipo__sigla": "OCI", "tipo__descricao": "Of\u00edcios da Controladoria Interna", "assunto": "OF\u00cdCIO DO CONTROLE INTERNO N.\u00ba 18/2026\r\n\r\nSantana da Vargem, 22 de abril  de 2026.\r\n\r\nASSUNTO:   Resposta ao Oficio 03/2026 \u2013  Vereador Everton Paulo  \u2013  Informa\u00e7\u00f5es/Transpar\u00eancia\r\n\r\n\r\nAo\r\nIlustr\u00edssimo Senhor\r\nVereador Everton Paulo\r\nC\u00e2mara Municipal de Santana da Vargem/MG"}, {"id": "10631", "ano": "2026", "numero": "18", "tipo__sigla": "PRC", "tipo__descricao": "PAUTAS DAS REUNI\u00d5ES DAS COMISS\u00d5ES PERMANENTES", "assunto": "Pauta da reuni\u00e3o da Comiss\u00e3o de Finan\u00e7as e Or\u00e7amento do dia 22 de Abril de 2026"}, {"id": "10668", "ano": "2026", "numero": "18", "tipo__sigla": "OVC", "tipo__descricao": "Of\u00edcio de Vereador/Comiss\u00e3o", "assunto": "Solicita a retirada do projeto de lei ordin\u00e1ria do legislativo n\u00ba 1 - Paulo Jos\u00e9"}, {"id": "10198", "ano": "2026", "numero": "19", "tipo__sigla": "PARE", "tipo__descricao": "PARECER", "assunto": "Parecer Jur\u00eddico - Projeto de Lei Ordin\u00e1ria n. 20 - 2026 - Abertura de Cr\u00e9dito Adicional Especial - Super\u00e1vit Financeiro - R$ 11.032,66"}, {"id": "10252", "ano": "2026", "numero": "19", "tipo__sigla": "OFEXP", "tipo__descricao": "Of\u00edcio Expedido", "assunto": "Of\u00edcio - Resposta ao MPMG - Den\u00fancia - Veto a Emenda de Bancada."}, {"id": "10364", "ano": "2026", "numero": "19", "tipo__sigla": "MEM", "tipo__descricao": "Memorando", "assunto": "Comunicado de f\u00e9rias e responsabilidade sobre itens patrimoniais e entrega do item patrimonial 247 para a diretora geral da C\u00e2mara"}, {"id": "10395", "ano": "2026", "numero": "19", "tipo__sigla": "OR", "tipo__descricao": "OF\u00cdCIOS RECEBIDOS", "assunto": "Solicita retirada do PL n\u00ba 047/2026."}, {"id": "10492", "ano": "2026", "numero": "19", "tipo__sigla": "REV", "tipo__descricao": "Relat\u00f3rios de rodagem do ve\u00edculo e outros", "assunto": "Checkliste de inspe\u00e7\u00e3o ve\u00edculo - 30/03/2026"}, {"id": "10494", "ano": "2026", "numero": "19", "tipo__sigla": "DI", "tipo__descricao": "Di\u00e1rias e documentos relativos", "assunto": "Relat\u00f3rio e presta\u00e7\u00e3o de contas Emerson Silva Ara\u00fajo (Belo Horizonte- 24/03/2026 a 27/03/2026)"}, {"id": "10501", "ano": "2026", "numero": "19", "tipo__sigla": "ATACP", "tipo__descricao": "Ata das Comiss\u00f5es Permanentes", "assunto": "Ata da Reuni\u00e3o da Comiss\u00e3o de Obras, Servi\u00e7os P\u00fablicos, Agroind\u00fastria e Com\u00e9rcio e Turismo - 23/03/2026"}, {"id": "10632", "ano": "2026", "numero": "19", "tipo__sigla": "PRC", "tipo__descricao": "PAUTAS DAS REUNI\u00d5ES DAS COMISS\u00d5ES PERMANENTES", "assunto": "Pauta da Reuni\u00e3o da Comiss\u00e3o de Legisla\u00e7\u00e3o, Justi\u00e7a e Reda\u00e7\u00e3o Final do dia 22 de abril de 2026"}, {"id": "10682", "ano": "2026", "numero": "19", "tipo__sigla": "OVC", "tipo__descricao": "Of\u00edcio de Vereador/Comiss\u00e3o", "assunto": "Solicita inscri\u00e7\u00e3o na 27\u00aa marcha \u00e0 Bras\u00edlia em defesa dos munic\u00edpios que ser\u00e1 realizada do dia 18 a 21 de maio em Bras\u00edlia"}, {"id": "10685", "ano": "2026", "numero": "19", "tipo__sigla": "OCI", "tipo__descricao": "Of\u00edcios da Controladoria Interna", "assunto": "OF\u00cdCIO DA CONTROLADORIA INTERNA N.\u00ba 19/2026\r\nSantana da Vargem, 29 de abril de 2026.\r\nASSUNTO: Solicita\u00e7\u00e3o dia para realiza\u00e7\u00e3o de exames preventivo\r\n\r\nAo  Excelent\u00edssimo Sr. Antonio Afonso Oliveira\r\n\r\nVenho respeitosamente solicitar autoriza\u00e7\u00e3o para ausentar-me do servi\u00e7o no dia 04 de maio de 2026, a fim de realizar exames preventivos de c\u00e2ncer, sem preju\u00edzo do adicional de assiduidade, conforme disp\u00f5e o artigo 124, \u00a7 1\u00ba, inciso XII, da Lei Complementar n\u00ba 22, de 31 de mar\u00e7o de 2022.\r\n\r\nNos termos da referida legisla\u00e7\u00e3o:\r\n\u201cArt. 124. O servidor far\u00e1 jus ao recebimento do adicional de assiduidade quando, no m\u00eas, n\u00e3o houver nenhuma aus\u00eancia.\r\n\u00a7 1\u00ba Para an\u00e1lise da concess\u00e3o do adicional de assiduidade, computar-se-\u00e1 como aus\u00eancia a falta ao trabalho, independentemente de ser justificada ou decorrer de licen\u00e7a ou concess\u00e3o de qualquer natureza, exceto nos casos de: [...]\r\nXII \u2013 01 (um) dia por ano, para realiza\u00e7\u00e3o de exames preventivos de c\u00e2ncer, devidamente comprovados e mediante comunica\u00e7\u00e3o pr\u00e9via de 10 (dez) dias \u00e0 Secretaria de lota\u00e7\u00e3o.\u201d"}, {"id": "10199", "ano": "2026", "numero": "20", "tipo__sigla": "PARE", "tipo__descricao": "PARECER", "assunto": "Parecer Jur\u00eddico - Projeto de Lei Ordin\u00e1ria n. 21 - 2026 - Abertura de Cr\u00e9dito Adicional Especial - Super\u00e1vit Financeiro - R$ 1.206,94"}, {"id": "10262", "ano": "2026", "numero": "20", "tipo__sigla": "OFEXP", "tipo__descricao": "Of\u00edcio Expedido", "assunto": "Solicita emiss\u00e3o de guias de IRRF referente a reten\u00e7\u00e3o na folha,  reten\u00e7\u00e3o de fornecedores , rendimentos de aplica\u00e7\u00e3o e rendimentos de dezembro de 2025"}, {"id": "10380", "ano": "2026", "numero": "20", "tipo__sigla": "MEM", "tipo__descricao": "Memorando", "assunto": "Solicita\u00e7\u00e3o de autoriza\u00e7\u00e3o para realiza\u00e7\u00e3o de hor\u00e1rio divergente."}, {"id": "10399", "ano": "2026", "numero": "20", "tipo__sigla": "OR", "tipo__descricao": "OF\u00cdCIOS RECEBIDOS", "assunto": "Encaminha Termo Aditivo e solicita juntada ao PLC n\u00ba 018/2026."}, {"id": "10502", "ano": "2026", "numero": "20", "tipo__sigla": "ATACP", "tipo__descricao": "Ata das Comiss\u00f5es Permanentes", "assunto": "Atas a Comiss\u00e3o de Educa\u00e7\u00e3o, Sa\u00fade e Assist\u00eancia Social do dia 26/01/2026 a 23/03/2026"}, {"id": "10503", "ano": "2026", "numero": "20", "tipo__sigla": "DI", "tipo__descricao": "Di\u00e1rias e documentos relativos", "assunto": "Relat\u00f3rio e presta\u00e7\u00e3o de Contas Ruiter Silva de Oliveira (Belo Horizonte- 24/03/2026 a 27/03/2026)"}, {"id": "10572", "ano": "2026", "numero": "20", "tipo__sigla": "REV", "tipo__descricao": "Relat\u00f3rios de rodagem do ve\u00edculo e outros", "assunto": "Relat\u00f3rio rodagem \r\nSantana da Vargem \r\n01/04/2026\r\nLevar o carro para lavar e calibrar os pneus"}, {"id": "10649", "ano": "2026", "numero": "20", "tipo__sigla": "PRC", "tipo__descricao": "PAUTAS DAS REUNI\u00d5ES DAS COMISS\u00d5ES PERMANENTES", "assunto": "Pauta da comiss\u00e3o de educa\u00e7\u00e3o sa\u00fade e assist\u00eancia social do dia 27 de abril de 2026"}, {"id": "10200", "ano": "2026", "numero": "21", "tipo__sigla": "PARE", "tipo__descricao": "PARECER", "assunto": "Parecer Jur\u00eddico - Projeto de Lei Ordin\u00e1ria n. 22 - 2026 - Abertura de Cr\u00e9dito Adicional Especial - Super\u00e1vit Financeiro - R$ 14.966,60"}, {"id": "10263", "ano": "2026", "numero": "21", "tipo__sigla": "OFEXP", "tipo__descricao": "Of\u00edcio Expedido", "assunto": "Encaminha projetos de lei aprovados 18, 19 e 26 do legislativo"}, {"id": "10407", "ano": "2026", "numero": "21", "tipo__sigla": "MEM", "tipo__descricao": "Memorando", "assunto": "Solicita autoriza\u00e7\u00e3o para realiza\u00e7\u00e3o de hor\u00e1rio divergente."}, {"id": "10426", "ano": "2026", "numero": "21", "tipo__sigla": "OR", "tipo__descricao": "OF\u00cdCIOS RECEBIDOS", "assunto": "Resposta ao requerimento n\u00ba 03/2026 Jackson Luiz Venancio de Souza."}, {"id": "10507", "ano": "2026", "numero": "21", "tipo__sigla": "ATACP", "tipo__descricao": "Ata das Comiss\u00f5es Permanentes", "assunto": "Ata de reuni\u00e3o da Comiss\u00e3o de Legisla\u00e7\u00e3o, Justi\u00e7a e Reda\u00e7\u00e3o Final 23/03/2026"}, {"id": "10514", "ano": "2026", "numero": "21", "tipo__sigla": "DI", "tipo__descricao": "Di\u00e1rias e documentos relativos", "assunto": "Requisi\u00e7\u00e3o di\u00e1rias Isabela Louren\u00e7\u00e3o Messias (Belo Horizonte - 15/04/2026 a 17/04/2026)"}, {"id": "10573", "ano": "2026", "numero": "21", "tipo__sigla": "REV", "tipo__descricao": "Relat\u00f3rios de rodagem do ve\u00edculo e outros", "assunto": "Relat\u00f3rio de rodagem \r\nSantana da Vargem \r\n06/04/2026\r\nLevar documentos para pegar assinatura com a vereadora Silmara"}, {"id": "10657", "ano": "2026", "numero": "21", "tipo__sigla": "PRC", "tipo__descricao": "PAUTAS DAS REUNI\u00d5ES DAS COMISS\u00d5ES PERMANENTES", "assunto": "Ata da Reuni\u00e3o da Comiss\u00e3o de Obras, Servi\u00e7os P\u00fablicos, Agroind\u00fastria e Com\u00e9rcio e Turismo do dia 22 de Abril"}, {"id": "10201", "ano": "2026", "numero": "22", "tipo__sigla": "PARE", "tipo__descricao": "PARECER", "assunto": "Parecer Jur\u00eddico - Projeto de Lei Ordin\u00e1ria n. 23 - 2026 - Abertura de Cr\u00e9dito Adicional Especial - Super\u00e1vit Financeiro - R$ 1.253,44"}, {"id": "10275", "ano": "2026", "numero": "22", "tipo__sigla": "OFEXP", "tipo__descricao": "Of\u00edcio Expedido", "assunto": "Encaminha \u00e0s comiss\u00f5es o PLO n\u00ba 109/2025 para aprecia\u00e7\u00e3o"}, {"id": "10419", "ano": "2026", "numero": "22", "tipo__sigla": "MEM", "tipo__descricao": "Memorando", "assunto": "Solicita\u00e7\u00e3o de autoriza\u00e7\u00e3o para realiza\u00e7\u00e3o de hor\u00e1rio divergente."}, {"id": "10427", "ano": "2026", "numero": "22", "tipo__sigla": "OR", "tipo__descricao": "OF\u00cdCIOS RECEBIDOS", "assunto": "Resposta ao requerimento n\u00ba 03/2026 Everton Paulo Ara\u00fajo - C\u00e2mara Municipal."}, {"id": "10538", "ano": "2026", "numero": "22", "tipo__sigla": "ATACP", "tipo__descricao": "Ata das Comiss\u00f5es Permanentes", "assunto": "Ata da Reuni\u00e3o da Comiss\u00e3o de Obras, Servi\u00e7os P\u00fablicos, Agroind\u00fastria e Com\u00e9rcio e Turismo do dia 30 de mar\u00e7o de 2026 - Ata protocolada na secretaria em 07/04/2026"}, {"id": "10589", "ano": "2026", "numero": "22", "tipo__sigla": "DI", "tipo__descricao": "Di\u00e1rias e documentos relativos", "assunto": "Requisi\u00e7\u00e3o de di\u00e1rias Jackson Luiz Ven\u00e2ncio de Souza (Belo Horizonte- 05/05/2026)"}, {"id": "10601", "ano": "2026", "numero": "22", "tipo__sigla": "REV", "tipo__descricao": "Relat\u00f3rios de rodagem do ve\u00edculo e outros", "assunto": "Relat\u00f3rio de rodagem do ve\u00edculo oficial \r\nLocal: Santana da Vargem\r\nData: 10/04/2026\r\nLevar documentos para pegar assinatura da vereadora Silmara"}, {"id": "10669", "ano": "2026", "numero": "22", "tipo__sigla": "PRC", "tipo__descricao": "PAUTAS DAS REUNI\u00d5ES DAS COMISS\u00d5ES PERMANENTES", "assunto": "Pauta da reuni\u00e3o da Comiss\u00e3o de Finan\u00e7as e Or\u00e7amento do dia 27 de abril de 2026"}, {"id": "10202", "ano": "2026", "numero": "23", "tipo__sigla": "PARE", "tipo__descricao": "PARECER", "assunto": "Parecer Jur\u00eddico - Projeto de Lei Ordin\u00e1ria n. 24 - 2026 - Abertura de Cr\u00e9dito Adicional Especial - Super\u00e1vit Financeiro - R$ 4.746,90"}, {"id": "10276", "ano": "2026", "numero": "23", "tipo__sigla": "OFEXP", "tipo__descricao": "Of\u00edcio Expedido", "assunto": "Encaminha os projetos de lei aprovados na 2\u00aa Sess\u00e3o Ordin\u00e1ria"}, {"id": "10428", "ano": "2026", "numero": "23", "tipo__sigla": "OR", "tipo__descricao": "OF\u00cdCIOS RECEBIDOS", "assunto": "Resposta ao requerimento n\u00ba 02/2026 Jackson Luiz Ven\u00e2ncio de Souza"}, {"id": "10456", "ano": "2026", "numero": "23", "tipo__sigla": "MEM", "tipo__descricao": "Memorando", "assunto": "Solicita autoriza\u00e7\u00e3o para levar notebookk da c\u00e2mara neste final de semana para dar continuidade aos trabalhos"}, {"id": "10578", "ano": "2026", "numero": "23", "tipo__sigla": "ATACP", "tipo__descricao": "Ata das Comiss\u00f5es Permanentes", "assunto": "Ata Comiss\u00e3o de Obras, Servi\u00e7os P\u00fablicos, Agroindustriais e Com\u00e9rcio e Turismo do dia 13 de Abril de 2026"}, {"id": "10602", "ano": "2026", "numero": "23", "tipo__sigla": "REV", "tipo__descricao": "Relat\u00f3rios de rodagem do ve\u00edculo e outros", "assunto": "Relat\u00f3rio de rodagem do ve\u00edculo oficial \r\nLocalidade: Tr\u00eas Pontas\r\nData: 15/04/2026\r\nIr na casa da funcion\u00e1ria Isabela para pegar chave"}, {"id": "10670", "ano": "2026", "numero": "23", "tipo__sigla": "PRC", "tipo__descricao": "PAUTAS DAS REUNI\u00d5ES DAS COMISS\u00d5ES PERMANENTES", "assunto": "Pauta da reuni\u00e3o da comiss\u00e3o de legisla\u00e7\u00e3o, justi\u00e7a e reda\u00e7\u00e3o final do dia 27 de abril de 2026"}, {"id": "10688", "ano": "2026", "numero": "23", "tipo__sigla": "DI", "tipo__descricao": "Di\u00e1rias e documentos relativos", "assunto": "Requisi\u00e7\u00e3o de di\u00e1rias Ant\u00f4nio Afonso de Oliveira (Belo Horizonte- 05/05/2026 a 06/05/2026)"}, {"id": "10203", "ano": "2026", "numero": "24", "tipo__sigla": "PARE", "tipo__descricao": "PARECER", "assunto": "Parecer Jur\u00eddico - Projeto de Lei Ordin\u00e1ria n. 25 - 2026 - Abertura de Cr\u00e9dito Adicional Especial - Super\u00e1vit Financeiro - R$ 1.586,23"}, {"id": "10277", "ano": "2026", "numero": "24", "tipo__sigla": "OFEXP", "tipo__descricao": "Of\u00edcio Expedido", "assunto": "Encaminha Projeto de lei complementar 18/2025 para aprecia\u00e7\u00e3o das comiss\u00f5es"}, {"id": "10446", "ano": "2026", "numero": "24", "tipo__sigla": "OR", "tipo__descricao": "OF\u00cdCIOS RECEBIDOS", "assunto": "Encaminha balancetes de receitas e despesas referentes ao m\u00eas de fevereiro de 2026"}, {"id": "10457", "ano": "2026", "numero": "24", "tipo__sigla": "MEM", "tipo__descricao": "Memorando", "assunto": "Reda\u00e7\u00e3o final do projeto de lei ordin\u00e1ria do legislativo n\u00ba 2 de 16 de janeiro de 2025"}, {"id": "10603", "ano": "2026", "numero": "24", "tipo__sigla": "REV", "tipo__descricao": "Relat\u00f3rios de rodagem do ve\u00edculo e outros", "assunto": "Relat\u00f3rio de rodagem ve\u00edculo\r\nLocalidade: Santana da Vargem\r\nData: 16/04/2026\r\nLevar funcion\u00e1rio Ruiter  para fazer cota\u00e7\u00e3o nos com\u00e9rcios local"}, {"id": "10653", "ano": "2026", "numero": "24", "tipo__sigla": "ATACP", "tipo__descricao": "Ata das Comiss\u00f5es Permanentes", "assunto": "Ata da reuni\u00e3o da Comiss\u00e3o de Legisla\u00e7\u00e3o, Justi\u00e7a e Reda\u00e7\u00e3o Final do dia 30 de mar\u00e7o de 2026"}, {"id": "10204", "ano": "2026", "numero": "25", "tipo__sigla": "PARE", "tipo__descricao": "PARECER", "assunto": "Parecer Jur\u00eddico - Projeto de Lei Ordin\u00e1ria n. 26 - 2026 - Abertura de Cr\u00e9dito Adicional Especial - Super\u00e1vit Financeiro - R$19.313,85"}, {"id": "10278", "ano": "2026", "numero": "25", "tipo__sigla": "OFEXP", "tipo__descricao": "Of\u00edcio Expedido", "assunto": "Encaminha para an\u00e1lise das comiss\u00f5es o projeto de lei complementar 03/2026"}, {"id": "10469", "ano": "2026", "numero": "25", "tipo__sigla": "OR", "tipo__descricao": "OF\u00cdCIOS RECEBIDOS", "assunto": "Solicita envio do arquivo formato PDF da lei complementar n\u00ba 22 de 31 de abril de 2022"}, {"id": "10472", "ano": "2026", "numero": "25", "tipo__sigla": "MEM", "tipo__descricao": "Memorando", "assunto": "Solicita orienta\u00e7\u00e3o dos limites de execu\u00e7\u00e3o das fun\u00e7\u00f5es administrativas entre os cargos classe secret\u00e1ria e classe assistente legislativo"}, {"id": "10604", "ano": "2026", "numero": "25", "tipo__sigla": "REV", "tipo__descricao": "Relat\u00f3rios de rodagem do ve\u00edculo e outros", "assunto": "Relat\u00f3rio de rodagem do ve\u00edculo oficial \r\nLocalidade: Santana da Vargem\r\nData: 15/04/2026\r\nLevar funcion\u00e1rio Ruiter para fazer cota\u00e7\u00e3o em com\u00e9rcios local"}, {"id": "10654", "ano": "2026", "numero": "25", "tipo__sigla": "ATACP", "tipo__descricao": "Ata das Comiss\u00f5es Permanentes", "assunto": "Ata da reuni\u00e3o da Comiss\u00e3o de Legisla\u00e7\u00e3o, Justi\u00e7a e Reda\u00e7\u00e3o Final do dia 13 de abril de 2026"}, {"id": "10205", "ano": "2026", "numero": "26", "tipo__sigla": "PARE", "tipo__descricao": "PARECER", "assunto": "Parecer Jur\u00eddico - Projeto de Lei Ordin\u00e1ria n. 27 - 2026 - Abertura de Cr\u00e9dito Adicional Especial - Super\u00e1vit Financeiro - R$ 46.513,33"}, {"id": "10287", "ano": "2026", "numero": "26", "tipo__sigla": "OFEXP", "tipo__descricao": "Of\u00edcio Expedido", "assunto": "Solicita esclarecimentos t\u00e9cnicos a fim de subsidiar procedimentos administrativos - Corpo de bombeiros"}, {"id": "10476", "ano": "2026", "numero": "26", "tipo__sigla": "OR", "tipo__descricao": "OF\u00cdCIOS RECEBIDOS", "assunto": "Resposta ao of\u00edcio 02/2026 do vereador Everton Paulo Ara\u00fajo - Bolsa atleta"}, {"id": "10593", "ano": "2026", "numero": "26", "tipo__sigla": "MEM", "tipo__descricao": "Memorando", "assunto": "Informe sobre a situa\u00e7\u00e3o das proposi\u00e7\u00f5es legislativas em tramita\u00e7\u00e3o"}, {"id": "10634", "ano": "2026", "numero": "26", "tipo__sigla": "REV", "tipo__descricao": "Relat\u00f3rios de rodagem do ve\u00edculo e outros", "assunto": "Relat\u00f3rio de rodagem do ve\u00edculo oficial \r\nLocalidade: Tr\u00eas Pontas \r\nData: 22/04/2026\r\nLocalidade: Ir na papelaria buscar material para C\u00e2mara"}, {"id": "10655", "ano": "2026", "numero": "26", "tipo__sigla": "ATACP", "tipo__descricao": "Ata das Comiss\u00f5es Permanentes", "assunto": "Ata da reuni\u00e3o da Comiss\u00e3o de Legisla\u00e7\u00e3o, Justi\u00e7a e Reda\u00e7\u00e3o Final do dia 6 de abril de 2026"}, {"id": "10206", "ano": "2026", "numero": "27", "tipo__sigla": "PARE", "tipo__descricao": "PARECER", "assunto": "Parecer Jur\u00eddico - Projeto de Lei Ordin\u00e1ria n. 28 - 2026 - Abertura de Cr\u00e9dito Adicional Especial - Super\u00e1vit Financeiro - R$ 37.819,74"}, {"id": "10288", "ano": "2026", "numero": "27", "tipo__sigla": "OFEXP", "tipo__descricao": "Of\u00edcio Expedido", "assunto": "Solicita documenta\u00e7\u00e3o para subsidiar processo administrativo - concession\u00e1ria"}, {"id": "10487", "ano": "2026", "numero": "27", "tipo__sigla": "OR", "tipo__descricao": "OF\u00cdCIOS RECEBIDOS", "assunto": "Resposta of\u00edcio 004 do vereador Jackson Luiz Ven\u00e2ncio de Souza"}, {"id": "10637", "ano": "2026", "numero": "27", "tipo__sigla": "MEM", "tipo__descricao": "Memorando", "assunto": "Solicita autoriza\u00e7\u00e3o para exclus\u00e3o de contas de e-mail institucionais inativas"}, {"id": "10639", "ano": "2026", "numero": "27", "tipo__sigla": "REV", "tipo__descricao": "Relat\u00f3rios de rodagem do ve\u00edculo e outros", "assunto": "Departamento de Estradas de Rodagem do Estado de Minas Gerais - Notifica\u00e7\u00e3o de Autua\u00e7\u00e3o de Infra\u00e7\u00e3o de Tr\u00e2nsito"}, {"id": "10656", "ano": "2026", "numero": "27", "tipo__sigla": "ATACP", "tipo__descricao": "Ata das Comiss\u00f5es Permanentes", "assunto": "Ata da reuni\u00e3o da Comiss\u00e3o de Legisla\u00e7\u00e3o, Justi\u00e7a e Reda\u00e7\u00e3o Final do dia 22 de abril"}, {"id": "10207", "ano": "2026", "numero": "28", "tipo__sigla": "PARE", "tipo__descricao": "PARECER", "assunto": "Parecer Jur\u00eddico - Projeto de Lei Ordin\u00e1ria n. 29 - 2026 - Abertura de Cr\u00e9dito Adicional Especial - Super\u00e1vit Financeiro - R$ 23.297,23"}, {"id": "10290", "ano": "2026", "numero": "28", "tipo__sigla": "OFEXP", "tipo__descricao": "Of\u00edcio Expedido", "assunto": "Encaminha projetos de lei aprovados na reuni\u00e3o do dia 20 de Fevereiro de 2026"}, {"id": "10511", "ano": "2026", "numero": "28", "tipo__sigla": "OR", "tipo__descricao": "OF\u00cdCIOS RECEBIDOS", "assunto": "Solicita rescis\u00e3o amig\u00e1vel de contrato administrativo"}, {"id": "10646", "ano": "2026", "numero": "28", "tipo__sigla": "REV", "tipo__descricao": "Relat\u00f3rios de rodagem do ve\u00edculo e outros", "assunto": "Relat\u00f3rio de rodagem do ve\u00edculo oficial \r\nLocalidade: Santana da Vargem\r\nData de ida: 24/04/2026\r\nIr no sindicato dos trabalhadores rurais pegar assinatura da vereadora Silmara em documento"}, {"id": "10658", "ano": "2026", "numero": "28", "tipo__sigla": "ATACP", "tipo__descricao": "Ata das Comiss\u00f5es Permanentes", "assunto": "Ata da Reuni\u00e3o da Comiss\u00e3o de Obras, Servi\u00e7os P\u00fablicos, Agroind\u00fastria e Com\u00e9rcio e Turismo do dia 27 de Abril"}, {"id": "10208", "ano": "2026", "numero": "29", "tipo__sigla": "PARE", "tipo__descricao": "PARECER", "assunto": "Parecer Jur\u00eddico - Projeto de Lei Ordin\u00e1ria n. 30 - 2026 - Abertura de Cr\u00e9dito Adicional Especial - Super\u00e1vit Financeiro - R$ 41.196,81"}, {"id": "10299", "ano": "2026", "numero": "29", "tipo__sigla": "OFEXP", "tipo__descricao": "Of\u00edcio Expedido", "assunto": "Solicita que determine a compila\u00e7\u00e3o dos projetos de lei atinentes ao Estatuto"}, {"id": "10512", "ano": "2026", "numero": "29", "tipo__sigla": "OR", "tipo__descricao": "OF\u00cdCIOS RECEBIDOS", "assunto": "Of\u00edcio 76/2026- Prefeito resposta ao of\u00edcio da presid\u00eancia a respeito da LOA - reda\u00e7\u00e3o final"}, {"id": "10650", "ano": "2026", "numero": "29", "tipo__sigla": "REV", "tipo__descricao": "Relat\u00f3rios de rodagem do ve\u00edculo e outros", "assunto": "Relat\u00f3rio de rodagem do ve\u00edculo automotor\r\nLocalidade Santana da Vargem\r\nData 27/04/2026\r\nPegar assinaturas da vereadora silmara em documento na sua casa"}, {"id": "10659", "ano": "2026", "numero": "29", "tipo__sigla": "ATACP", "tipo__descricao": "Ata das Comiss\u00f5es Permanentes", "assunto": "Ata da Reuni\u00e3o da Comiss\u00e3o de Finan\u00e7as e Or\u00e7amento do dia  27 de abril de 2026"}, {"id": "10209", "ano": "2026", "numero": "30", "tipo__sigla": "PARE", "tipo__descricao": "PARECER", "assunto": "Parecer Jur\u00eddico - Projeto de Lei Ordin\u00e1ria n. 31 - 2026 - Abertura de Cr\u00e9dito Adicional Especial - Super\u00e1vit Financeiro - R$ 52.770,98"}, {"id": "10310", "ano": "2026", "numero": "30", "tipo__sigla": "OFEXP", "tipo__descricao": "Of\u00edcio Expedido", "assunto": "Encaminha o requerimento 03/2026 do vereador Everton Paulo Ara\u00fajo"}, {"id": "10526", "ano": "2026", "numero": "30", "tipo__sigla": "OR", "tipo__descricao": "OF\u00cdCIOS RECEBIDOS", "assunto": "Justificativa Projeto de Lei n\u00ba 60 de 25 de mar\u00e7o de 2026"}, {"id": "10660", "ano": "2026", "numero": "30", "tipo__sigla": "ATACP", "tipo__descricao": "Ata das Comiss\u00f5es Permanentes", "assunto": "Ata da Reuni\u00e3o da Comiss\u00e3o de Finan\u00e7as e Or\u00e7amento do dia  22 de abril"}, {"id": "10210", "ano": "2026", "numero": "31", "tipo__sigla": "PARE", "tipo__descricao": "PARECER", "assunto": "Parecer Jur\u00eddico - Projeto de Lei Ordin\u00e1ria n. 32 - 2026 - Abertura de Cr\u00e9dito Adicional Especial - Super\u00e1vit Financeiro - R$200.271,79"}, {"id": "10320", "ano": "2026", "numero": "31", "tipo__sigla": "OFEXP", "tipo__descricao": "Of\u00edcio Expedido", "assunto": "Encaminha os projetos de lei ordin\u00e1ria n\u00ba 42, n\u00ba 44, n\u00ba 45, n\u00ba 48 e n\u00ba 49"}, {"id": "10527", "ano": "2026", "numero": "31", "tipo__sigla": "OR", "tipo__descricao": "OF\u00cdCIOS RECEBIDOS", "assunto": "Encaminha relat\u00f3rio de estimativa de impacto or\u00e7ament\u00e1rio, declara\u00e7\u00e3o de adequa\u00e7\u00e3o or\u00e7ament\u00e1ria e financeira e demonstrativo de metas fiscais atuais para compor o projeto de lei n\u00ba 55 de 2026"}, {"id": "10661", "ano": "2026", "numero": "31", "tipo__sigla": "ATACP", "tipo__descricao": "Ata das Comiss\u00f5es Permanentes", "assunto": "Ata da Reuni\u00e3o da Comiss\u00e3o de Finan\u00e7as e Or\u00e7amento do dia 13 de abril"}, {"id": "10211", "ano": "2026", "numero": "32", "tipo__sigla": "PARE", "tipo__descricao": "PARECER", "assunto": "Parecer Jur\u00eddico - Projeto de Lei Ordin\u00e1ria n. 33 - 2026 - Abertura de Cr\u00e9dito Adicional Especial - Super\u00e1vit Financeiro - 14.623,32"}, {"id": "10341", "ano": "2026", "numero": "32", "tipo__sigla": "OFEXP", "tipo__descricao": "Of\u00edcio Expedido", "assunto": "Encaminha indica\u00e7\u00f5es 01/2026, 02/2026, 03/2026 e 04/2026 do Vereador Jackson Luiz Venancio Souza."}, {"id": "10529", "ano": "2026", "numero": "32", "tipo__sigla": "OR", "tipo__descricao": "OF\u00cdCIOS RECEBIDOS", "assunto": "Convida Vereadores e Presidente da C\u00e2mara para participar de Audi\u00eancia P\u00fablica para Elabora\u00e7\u00e3o da Lei de Diretrizes Or\u00e7ament\u00e1rias - LDO 2027 que ser\u00e1 realizada no dia 10 de abril de 2026"}, {"id": "10662", "ano": "2026", "numero": "32", "tipo__sigla": "ATACP", "tipo__descricao": "Ata das Comiss\u00f5es Permanentes", "assunto": "Ata da Reuni\u00e3o da Comiss\u00e3o de Finan\u00e7as e Or\u00e7amento do dia 30 de mar\u00e7o de 2026"}, {"id": "10212", "ano": "2026", "numero": "33", "tipo__sigla": "PARE", "tipo__descricao": "PARECER", "assunto": "Parecer Jur\u00eddico - Projeto de Lei Ordin\u00e1ria n. 34 - 2026 - Abertura de Cr\u00e9dito Adicional Especial - Super\u00e1vit Financeiro - 24.273,43"}, {"id": "10342", "ano": "2026", "numero": "33", "tipo__sigla": "OFEXP", "tipo__descricao": "Of\u00edcio Expedido", "assunto": "Encaminha requerimento n\u00ba 29/2026 do vereador Paulo Jos\u00e9 Barbosa."}, {"id": "10535", "ano": "2026", "numero": "33", "tipo__sigla": "OR", "tipo__descricao": "OF\u00cdCIOS RECEBIDOS", "assunto": "Indica\u00e7\u00e3o de Emenda Individual Impositiva - 2026 - Deputado Federal Dr. Frederico - Vereador Paulo Jos\u00e9 Barbosa"}, {"id": "10663", "ano": "2026", "numero": "33", "tipo__sigla": "ATACP", "tipo__descricao": "Ata das Comiss\u00f5es Permanentes", "assunto": "Ata da Reuni\u00e3o da Comiss\u00e3o de Finan\u00e7as e Or\u00e7amento do dia 06 de abril de 2026"}, {"id": "10213", "ano": "2026", "numero": "34", "tipo__sigla": "PARE", "tipo__descricao": "PARECER", "assunto": "Parecer Jur\u00eddico - Projeto de Lei Ordin\u00e1ria n. 35 - 2026 - Abertura de Cr\u00e9dito Adicional Especial - Super\u00e1vit Financeiro - 29.699,89"}, {"id": "10343", "ano": "2026", "numero": "34", "tipo__sigla": "OFEXP", "tipo__descricao": "Of\u00edcio Expedido", "assunto": "Encaminha Indica\u00e7\u00e3o 01/2026, 02/2026, 03/2026, 04/2026 e 05/2026 do Vereador Gleyton de Oliveira."}, {"id": "10557", "ano": "2026", "numero": "34", "tipo__sigla": "OR", "tipo__descricao": "OF\u00cdCIOS RECEBIDOS", "assunto": "Resposta ao of\u00edcio da vereadora Silmara Girlaine Hon\u00f3rio - rampa acessibilidade"}, {"id": "10690", "ano": "2026", "numero": "34", "tipo__sigla": "ATACP", "tipo__descricao": "Ata das Comiss\u00f5es Permanentes", "assunto": "Ata de reuni\u00e3o da Comiss\u00e3o de Obras e Servi\u00e7os P\u00fablicos, Agroindustriais e Com\u00e9rcio e Turismo do dia 06 de abril"}, {"id": "10214", "ano": "2026", "numero": "35", "tipo__sigla": "PARE", "tipo__descricao": "PARECER", "assunto": "Parecer Jur\u00eddico - Projeto de Lei Ordin\u00e1ria n. 36 - 2026 - Abertura de Cr\u00e9dito Adicional Especial - Super\u00e1vit Financeiro - 158.604,59"}, {"id": "10344", "ano": "2026", "numero": "35", "tipo__sigla": "OFEXP", "tipo__descricao": "Of\u00edcio Expedido", "assunto": "Encaminha requerimento n\u00ba 04/2026 do vereador Everton Paulo Ara\u00fajo."}, {"id": "10558", "ano": "2026", "numero": "35", "tipo__sigla": "OR", "tipo__descricao": "OF\u00cdCIOS RECEBIDOS", "assunto": "Resposta ao of\u00edcio da vereadora Bruna Renata - Of\u00edcio Ione Pinheiro"}, {"id": "10215", "ano": "2026", "numero": "36", "tipo__sigla": "PARE", "tipo__descricao": "PARECER", "assunto": "Parecer Jur\u00eddico - Projeto de Lei Ordin\u00e1ria n. 37 - 2026 - Abertura de Cr\u00e9dito Adicional Especial - Super\u00e1vit Financeiro - 95.928,61"}, {"id": "10349", "ano": "2026", "numero": "36", "tipo__sigla": "OFEXP", "tipo__descricao": "Of\u00edcio Expedido", "assunto": "Solicita emiss\u00e3o de guias de IRRF da folha IRRF de fornecedores e de rendimentos de aplica\u00e7\u00e3o auferidos no m\u00eas de fevereiro de 2026"}, {"id": "10559", "ano": "2026", "numero": "36", "tipo__sigla": "OR", "tipo__descricao": "OF\u00cdCIOS RECEBIDOS", "assunto": "Resposta ao of\u00edcio do vereador Paulo Jos\u00e9 Barbosa- Emenda Dr. Frederico"}, {"id": "10216", "ano": "2026", "numero": "37", "tipo__sigla": "PARE", "tipo__descricao": "PARECER", "assunto": "Parecer Jur\u00eddico - Projeto de Lei Ordin\u00e1ria n. 38 - 2026 - Abertura de Cr\u00e9dito Adicional Especial - Super\u00e1vit Financeiro - 107.925,15"}, {"id": "10353", "ano": "2026", "numero": "37", "tipo__sigla": "OFEXP", "tipo__descricao": "Of\u00edcio Expedido", "assunto": "Resposta ao Of\u00edcio: n\u00ba 118/2026/3\u02da PJ-TP"}, {"id": "10560", "ano": "2026", "numero": "37", "tipo__sigla": "OR", "tipo__descricao": "OF\u00cdCIOS RECEBIDOS", "assunto": "Resposta indica\u00e7\u00e3o da vereadora Silmara Girlaine Hon\u00f3rio - sinaliza\u00e7\u00e3o vertical PCD"}, {"id": "10217", "ano": "2026", "numero": "38", "tipo__sigla": "PARE", "tipo__descricao": "PARECER", "assunto": "Parecer Jur\u00eddico - Projeto de Lei Ordin\u00e1ria n. 39 - 2026 - Abertura de Cr\u00e9dito Adicional Especial - Super\u00e1vit Financeiro - 40.287,37"}, {"id": "10354", "ano": "2026", "numero": "38", "tipo__sigla": "OFEXP", "tipo__descricao": "Of\u00edcio Expedido", "assunto": "Resposta of\u00edcio 153/2026 3\u00aa PJ-TP"}, {"id": "10561", "ano": "2026", "numero": "38", "tipo__sigla": "OR", "tipo__descricao": "OF\u00cdCIOS RECEBIDOS", "assunto": "Resposta ao requerimento do vereador Jackson Luiz - sistema de ilumina\u00e7\u00e3o p\u00fablica"}, {"id": "10218", "ano": "2026", "numero": "39", "tipo__sigla": "PARE", "tipo__descricao": "PARECER", "assunto": "Parecer Jur\u00eddico - Projeto de Lei Ordin\u00e1ria n. 40 - 2026 - Abertura de Cr\u00e9dito Adicional Especial - Super\u00e1vit Financeiro - 74.022,46"}, {"id": "10370", "ano": "2026", "numero": "39", "tipo__sigla": "OFEXP", "tipo__descricao": "Of\u00edcio Expedido", "assunto": "Resposta ao MP - Of\u00edcio n. 93/2026/3PJ-TP"}, {"id": "10562", "ano": "2026", "numero": "39", "tipo__sigla": "OR", "tipo__descricao": "OF\u00cdCIOS RECEBIDOS", "assunto": "Resposta ao requerimento do vereador Everton Paulo - pagamentos de di\u00e1rias ao prefeito"}, {"id": "10219", "ano": "2026", "numero": "40", "tipo__sigla": "PARE", "tipo__descricao": "PARECER", "assunto": "Parecer Jur\u00eddico - Projeto de Lei Ordin\u00e1ria n. 41 - 2026 - Abertura de Cr\u00e9dito Adicional Especial - Super\u00e1vit Financeiro - 20.065,73"}, {"id": "10386", "ano": "2026", "numero": "40", "tipo__sigla": "OFEXP", "tipo__descricao": "Of\u00edcio Expedido", "assunto": "Encaminha requerimento n\u00ba 05/2026 do vereador Everton Paulo Ara\u00fajo"}, {"id": "10563", "ano": "2026", "numero": "40", "tipo__sigla": "OR", "tipo__descricao": "OF\u00cdCIOS RECEBIDOS", "assunto": "Resposta ao of\u00edcio do vereador Everton Paulo - refletores nos mastros da prefeitura"}, {"id": "10268", "ano": "2026", "numero": "41", "tipo__sigla": "PARE", "tipo__descricao": "PARECER", "assunto": "Parecer Jur\u00eddico - Projeto de Lei Complementar n\u00ba 04 - 2026 - Cria o cargo efetivo de Auxiliar de apoio \u00e0 educa\u00e7\u00e3o especial e amplia o n\u00famero de vagas de Professor."}, {"id": "10387", "ano": "2026", "numero": "41", "tipo__sigla": "OFEXP", "tipo__descricao": "Of\u00edcio Expedido", "assunto": "Encaminha indica\u00e7\u00f5es n\u00ba 01/2026 e 02/2026 da vereadora Silmara Girlaine Hon\u00f3rio."}, {"id": "10564", "ano": "2026", "numero": "41", "tipo__sigla": "OR", "tipo__descricao": "OF\u00cdCIOS RECEBIDOS", "assunto": "Resposta ao requerimento n\u00ba7/2026 do vereador Everton Paulo - auxilio transporte estudantil"}, {"id": "10269", "ano": "2026", "numero": "42", "tipo__sigla": "PARE", "tipo__descricao": "PARECER", "assunto": "Parecer jur\u00eddico - Projeto de Lei Complementar n\u00ba 03 - 2026 - Aumenta o n\u00famero de vagas para o cargos efetivo de auxiliar de servi\u00e7os gerais."}, {"id": "10388", "ano": "2026", "numero": "42", "tipo__sigla": "OFEXP", "tipo__descricao": "Of\u00edcio Expedido", "assunto": "Encaminha Projeto de Lei Ordin\u00e1ria n\u00ba 109/2025, aprovado."}, {"id": "10599", "ano": "2026", "numero": "42", "tipo__sigla": "OR", "tipo__descricao": "OF\u00cdCIOS RECEBIDOS", "assunto": "Resposta ao requerimento n\u00ba 01/2026 do vereador Luiz Felipe"}, {"id": "10311", "ano": "2026", "numero": "43", "tipo__sigla": "PARE", "tipo__descricao": "PARECER", "assunto": "Parecer jur\u00eddico - Projeto de Lei Ordin\u00e1ria n. 44 - 2026 - Altera o hor\u00e1rio de funcionamento do Conselho Tutelar."}, {"id": "10607", "ano": "2026", "numero": "43", "tipo__sigla": "OR", "tipo__descricao": "OF\u00cdCIOS RECEBIDOS", "assunto": "Resposta ao requerimento 05/2026 do vereador Jackson Luiz Ven\u00e2ncio de Souza - ilumina\u00e7\u00e3o p\u00fablica Avenida Mario Pereira"}, {"id": "10312", "ano": "2026", "numero": "44", "tipo__sigla": "PARE", "tipo__descricao": "PARECER", "assunto": "Parecer Jur\u00eddico - Projeto de Lei Ordin\u00e1ria n\u00ba 42 - 2026 - Abertura de Cr\u00e9dito Especial - Anula\u00e7\u00e3o de Dota\u00e7\u00e3o - R$ 2.000,00"}, {"id": "10390", "ano": "2026", "numero": "44", "tipo__sigla": "OFEXP", "tipo__descricao": "Of\u00edcio Expedido", "assunto": "Encaminha Reda\u00e7\u00e3o Final do Projeto de Lei Ordin\u00e1ria do Legislativo n\u00ba 024/2025."}, {"id": "10608", "ano": "2026", "numero": "44", "tipo__sigla": "OR", "tipo__descricao": "OF\u00cdCIOS RECEBIDOS", "assunto": "Resposta \u00e0 indica\u00e7\u00e3o n\u00ba 03/2026 da vereadora Silmara Girlaine Hon\u00f3rio - parquinho da pra\u00e7a Jo\u00e3o Maciel Neiva"}, {"id": "10313", "ano": "2026", "numero": "45", "tipo__sigla": "PARE", "tipo__descricao": "PARECER", "assunto": "Parecer Jur\u00eddico - Projeto de Lei Ordin\u00e1ria n\u00ba 45 - 2026 - Abertura de Cr\u00e9dito Especial - Excesso de Arrecada\u00e7\u00e3o - R$ 107.368,85 (cento e sete mil trezentos e sessenta e oito reais oitenta e cinco centavos)"}, {"id": "10391", "ano": "2026", "numero": "45", "tipo__sigla": "OFEXP", "tipo__descricao": "Of\u00edcio Expedido", "assunto": "Encaminha certid\u00f5es de invent\u00e1rio f\u00edsico e financeiro e Notas Explicativas - exerc\u00edcio de 2025."}, {"id": "10609", "ano": "2026", "numero": "45", "tipo__sigla": "OR", "tipo__descricao": "OF\u00cdCIOS RECEBIDOS", "assunto": "Resposta ao requerimento n\u00ba32/2026 do vereador Paulo Jos\u00e9 - Conselheiros Tutelares"}, {"id": "10314", "ano": "2026", "numero": "46", "tipo__sigla": "PARE", "tipo__descricao": "PARECER", "assunto": "Parecer Jur\u00eddico - Projeto de Lei Ordin\u00e1ria n\u00ba 46 - 2026 - Abertura de Cr\u00e9dito Especial - Excesso de Arrecada\u00e7\u00e3o - R$ 493.903,54 (quatrocentos e noventa e tr\u00eas mil novecentos e tr\u00eas reais e cinquenta e quatro centavos)."}, {"id": "10414", "ano": "2026", "numero": "46", "tipo__sigla": "OFEXP", "tipo__descricao": "Of\u00edcio Expedido", "assunto": "Encaminha requerimento e solicita\u00e7\u00e3o do vereador Everton Paulo Ara\u00fajo."}, {"id": "10630", "ano": "2026", "numero": "46", "tipo__sigla": "OR", "tipo__descricao": "OF\u00cdCIOS RECEBIDOS", "assunto": "Resposta ao of\u00edcio 79 presta esclarecimentos a respeito de Projeto de Lei"}, {"id": "10315", "ano": "2026", "numero": "47", "tipo__sigla": "PARE", "tipo__descricao": "PARECER", "assunto": "Parecer Jur\u00eddico - Projeto de Lei Ordin\u00e1ria n\u00ba 48 - 2026 - Abertura de Cr\u00e9dito Especial - Super\u00e1vit - R$ 49.785,34 (quarenta e nove mil setecentos e oitenta e cinco reais e trinta e quatro centavos)."}, {"id": "10422", "ano": "2026", "numero": "47", "tipo__sigla": "OFEXP", "tipo__descricao": "Of\u00edcio Expedido", "assunto": "Ecaminhamento de Projetos Aprovados."}, {"id": "10638", "ano": "2026", "numero": "47", "tipo__sigla": "OR", "tipo__descricao": "OF\u00cdCIOS RECEBIDOS", "assunto": "Resposta ao of\u00edcio do vereador Jackson Luiz Ven\u00e2ncio de Souza - maquina de fraldas"}, {"id": "10316", "ano": "2026", "numero": "48", "tipo__sigla": "PARE", "tipo__descricao": "PARECER", "assunto": "Parecer Jur\u00eddico - Projeto de Lei Ordin\u00e1ria n\u00ba 49 - 2026 - Abertura de Cr\u00e9dito Especial - Super\u00e1vit - R$ 52.015,16 (cinquenta e dois mil e quinze reais e dezesseis centavos)."}, {"id": "10423", "ano": "2026", "numero": "48", "tipo__sigla": "OFEXP", "tipo__descricao": "Of\u00edcio Expedido", "assunto": "Encaminhamento de Reda\u00e7\u00e3o Final de Projetos aprovados."}, {"id": "10644", "ano": "2026", "numero": "48", "tipo__sigla": "OR", "tipo__descricao": "OF\u00cdCIOS RECEBIDOS", "assunto": "Resposta ao of\u00edcio do 08 do vereador Everton Silva Ara\u00fajo"}, {"id": "10339", "ano": "2026", "numero": "49", "tipo__sigla": "PARE", "tipo__descricao": "PARECER", "assunto": "Parecer Jur\u00eddico - Inexigibilidade - Revis\u00e3o Ve\u00edculo Oficial."}, {"id": "10424", "ano": "2026", "numero": "49", "tipo__sigla": "OFEXP", "tipo__descricao": "Of\u00edcio Expedido", "assunto": "Encaminhamento de Requerimento do Vereador Paulo Jos\u00e9 Barbosa."}, {"id": "10647", "ano": "2026", "numero": "49", "tipo__sigla": "OR", "tipo__descricao": "OF\u00cdCIOS RECEBIDOS", "assunto": "Resposta ao of\u00edcio 33 do vereador Paulo Jos\u00e9"}, {"id": "10368", "ano": "2026", "numero": "50", "tipo__sigla": "PARE", "tipo__descricao": "PARECER", "assunto": "Parecer Jur\u00eddico - Inexigibilidade - Curso - Fiscaliza\u00e7\u00e3o sem segredos controle externo, controle interno e LGPD na atua\u00e7\u00e3o dos vereadores."}, {"id": "10433", "ano": "2026", "numero": "50", "tipo__sigla": "OFEXP", "tipo__descricao": "Of\u00edcio Expedido", "assunto": "Encaminhamento de Reda\u00e7\u00e3o Final de Projeto Aprovado."}, {"id": "10648", "ano": "2026", "numero": "50", "tipo__sigla": "OR", "tipo__descricao": "OF\u00cdCIOS RECEBIDOS", "assunto": "Resposta ao of\u00edcio 52 do vereador Jackson Luiz Ven\u00e2ncio de Souza"}, {"id": "10371", "ano": "2026", "numero": "51", "tipo__sigla": "PARE", "tipo__descricao": "PARECER", "assunto": "Parecer Jur\u00eddico - Projeto de Ordin\u00e1ria n. 50 -2026 - Acordo Administrativo a exce\u00e7\u00e3o da lei municipal 1.602/2021."}, {"id": "10434", "ano": "2026", "numero": "51", "tipo__sigla": "OFEXP", "tipo__descricao": "Of\u00edcio Expedido", "assunto": "Encaminhamento de Folder para divulga\u00e7\u00e3o de Concurso P\u00fablico."}, {"id": "10372", "ano": "2026", "numero": "52", "tipo__sigla": "PARE", "tipo__descricao": "PARECER", "assunto": "Parecer Jur\u00eddico - Veto ao Projeto de Lei Ordin\u00e1ria do Legislativo n 19-2025 - Aux\u00edlio Transporte aos Estudantes."}, {"id": "10464", "ano": "2026", "numero": "52", "tipo__sigla": "OFEXP", "tipo__descricao": "Of\u00edcio Expedido", "assunto": "Encaminha o requerimento n\u00ba 07/2026 do vereador Everton Paulo Ara\u00fajo"}, {"id": "10383", "ano": "2026", "numero": "53", "tipo__sigla": "PARE", "tipo__descricao": "PARECER", "assunto": "Parecer Jur\u00eddico - Veto n 01 - 2025 - Vetando o PLO 18 - 2025."}, {"id": "10465", "ano": "2026", "numero": "53", "tipo__sigla": "OFEXP", "tipo__descricao": "Of\u00edcio Expedido", "assunto": "Encaminha o requerimento n\u00ba 32 do vereador Paulo Jos\u00e9 Barbosa"}, {"id": "10384", "ano": "2026", "numero": "54", "tipo__sigla": "PARE", "tipo__descricao": "PARECER", "assunto": "Parecer Jur\u00eddico - Veto n 02 - 2025 - Vetando o PLO 19 - 2025."}, {"id": "10466", "ano": "2026", "numero": "54", "tipo__sigla": "OFEXP", "tipo__descricao": "Of\u00edcio Expedido", "assunto": "Encaminha o requerimento n\u00ba 04 do vereador Jackson Luiz Ven\u00e2ncio de Souza"}, {"id": "10385", "ano": "2026", "numero": "55", "tipo__sigla": "PARE", "tipo__descricao": "PARECER", "assunto": "Parecer Jur\u00eddico - Veto n 03 - 2025 - Vetando o PLO 26 - 2025."}, {"id": "10467", "ano": "2026", "numero": "55", "tipo__sigla": "OFEXP", "tipo__descricao": "Of\u00edcio Expedido", "assunto": "Encaminha os projetos de lei aprovados na 8\u00aa sess\u00e3o legislativa"}, {"id": "10393", "ano": "2026", "numero": "56", "tipo__sigla": "PARE", "tipo__descricao": "PARECER", "assunto": "Parecer Jur\u00eddico - Projeto de Lei Ordin\u00e1ria n. 52 -2026 - Abertura de Cr\u00e9dito Especial - R$ 76.856,36 (setenta e seis mil oitocentos e cinquenta e seis reais e trinta e seis centavos)."}, {"id": "10468", "ano": "2026", "numero": "56", "tipo__sigla": "OFEXP", "tipo__descricao": "Of\u00edcio Expedido", "assunto": "Entrega de documenta\u00e7\u00e3o solicitada pela mun\u00edcipe  Jorgelane Talma Caires Miranda"}, {"id": "10394", "ano": "2026", "numero": "57", "tipo__sigla": "PARE", "tipo__descricao": "PARECER", "assunto": "Parecer Jur\u00eddico - Projeto de Lei Ordin\u00e1ria n. 53 -2026 - Abertura de Cr\u00e9dito Especial - R$ 36.081,96."}, {"id": "10477", "ano": "2026", "numero": "57", "tipo__sigla": "OFEXP", "tipo__descricao": "Of\u00edcio Expedido", "assunto": "Solicita\u00e7\u00e3o de republica\u00e7\u00e3o da Lei Or\u00e7ament\u00e1ria Anual \u2013 LOA, com anexos e corre\u00e7\u00e3o de inconsist\u00eancia legislativa."}, {"id": "10396", "ano": "2026", "numero": "58", "tipo__sigla": "PARE", "tipo__descricao": "PARECER", "assunto": "Parecer Jur\u00eddico - Projeto de Lei Ordin\u00e1ria n. 54 -2026 - Abertura de Cr\u00e9dito Especial - de R$ 2.592,00."}, {"id": "10478", "ano": "2026", "numero": "58", "tipo__sigla": "OFEXP", "tipo__descricao": "Of\u00edcio Expedido", "assunto": "Encaminhamento de Vetos"}, {"id": "10397", "ano": "2026", "numero": "59", "tipo__sigla": "PARE", "tipo__descricao": "PARECER", "assunto": "Parecer Jur\u00eddico - Projeto de Lei Ordin\u00e1ria n. 51-2026 - Altera a LDO vigente para permitir altera\u00e7\u00e3o tribut\u00e1ria."}, {"id": "10516", "ano": "2026", "numero": "59", "tipo__sigla": "OFEXP", "tipo__descricao": "Of\u00edcio Expedido", "assunto": "Encaminha projetos de lei aprovados"}, {"id": "10400", "ano": "2026", "numero": "60", "tipo__sigla": "PARE", "tipo__descricao": "PARECER", "assunto": "Parecer Jur\u00eddico - Projeto de Lei Complementar n. 05-2026 - Cria vantagem para assegurar a efetividade da revis\u00e3o geral anual a servidores que recebem um sal\u00e1rio m\u00ednimo."}, {"id": "10517", "ano": "2026", "numero": "60", "tipo__sigla": "OFEXP", "tipo__descricao": "Of\u00edcio Expedido", "assunto": "Encaminha o requerimento n\u00ba 05 do vereador Jackson Luiz Ven\u00e2ncio de Souza"}, {"id": "10401", "ano": "2026", "numero": "61", "tipo__sigla": "PARE", "tipo__descricao": "PARECER", "assunto": "Parecer jur\u00eddico - Projeto de Lei Complementar do Legislativo n. 01 - 2026 - Aumenta o Vencimento do Cargo de Diretor da C\u00e2mara e acrescenta atribui\u00e7\u00f5es relativas a implementa\u00e7\u00e3o da LGPD."}, {"id": "10518", "ano": "2026", "numero": "61", "tipo__sigla": "OFEXP", "tipo__descricao": "Of\u00edcio Expedido", "assunto": "Encaminha of\u00edcio 84/2026 Gabinete Deputada Ione Pinheiro"}, {"id": "10404", "ano": "2026", "numero": "62", "tipo__sigla": "PARE", "tipo__descricao": "PARECER", "assunto": "Parecer Jur\u00eddico - Projeto de Lei Complementar 02 - 2026 - Perda de dias nas f\u00e9rias por faltas injustificadas."}, {"id": "10519", "ano": "2026", "numero": "62", "tipo__sigla": "OFEXP", "tipo__descricao": "Of\u00edcio Expedido", "assunto": "Solicita emiss\u00e3o de guias junto ao setor de tributa\u00e7\u00e3o, Guias de IRRF e rendimentos de aplica\u00e7\u00e3o auferidos"}, {"id": "10405", "ano": "2026", "numero": "63", "tipo__sigla": "PARE", "tipo__descricao": "PARECER", "assunto": "Parecer Jur\u00eddico Projeto de Lei  01 - 2026  - Institui o programa de regulariza\u00e7\u00e3o de ocupa\u00e7\u00f5es consolidadas em lotes p\u00fablicos isolados PROCLI"}, {"id": "10541", "ano": "2026", "numero": "63", "tipo__sigla": "OFEXP", "tipo__descricao": "Of\u00edcio Expedido", "assunto": "Convoca Secret\u00e1ria de Finan\u00e7as do Munic\u00edpio - Lilian Fernanda Rodrigues"}, {"id": "10413", "ano": "2026", "numero": "64", "tipo__sigla": "PARE", "tipo__descricao": "PARECER", "assunto": "Parecer Jur\u00eddico Projeto de Lei Ordin\u00e1ria 43- 2026 - Estabelece os crit\u00e9rios para avalia\u00e7\u00e3o do desempenho do servidor para aquisi\u00e7\u00e3o da estabilidade."}, {"id": "10543", "ano": "2026", "numero": "64", "tipo__sigla": "OFEXP", "tipo__descricao": "Of\u00edcio Expedido", "assunto": "Encaminha o requerimento 06/2026 do vereador Jackson Luiz Ven\u00e2ncio de Souza"}, {"id": "10420", "ano": "2026", "numero": "65", "tipo__sigla": "PARE", "tipo__descricao": "PARECER", "assunto": "Parecer jur\u00eddico - Projeto de Lei Complementar n. 01 - 2026 - Cria a Taxa de Utiliza\u00e7\u00e3o de Servi\u00e7os de Maquin\u00e1rio."}, {"id": "10544", "ano": "2026", "numero": "65", "tipo__sigla": "OFEXP", "tipo__descricao": "Of\u00edcio Expedido", "assunto": "Encaminha o requerimento 08/2026  do vereador Everton Paulo Ara\u00fajo"}, {"id": "10451", "ano": "2026", "numero": "66", "tipo__sigla": "PARE", "tipo__descricao": "PARECER", "assunto": "Parecer Jur\u00eddico Projeto de Lei 56 - 2026 - Abertura de Cr\u00e9dito Especial + altera\u00e7\u00e3o da PPA -Super\u00e1vit - R$ 456.024,58 (quatrocentos e cinquenta e seis mil vinte e quatro reais e cinquenta e oito centavos)."}, {"id": "10545", "ano": "2026", "numero": "66", "tipo__sigla": "OFEXP", "tipo__descricao": "Of\u00edcio Expedido", "assunto": "Encaminha o requerimento do vereador Jackson Luiz Ven\u00e2ncio de Souza - m\u00e1quina de fraldas descart\u00e1veis"}, {"id": "10452", "ano": "2026", "numero": "67", "tipo__sigla": "PARE", "tipo__descricao": "PARECER", "assunto": "Parecer Jur\u00eddico Projeto de Lei 57 - 2026 - Abertura de Cr\u00e9dito Especial + altera\u00e7\u00e3o da PPA -Super\u00e1vit - R$ 17.659,79 (Dezessete mil seiscentos e cinquenta e nove reais e setenta e nove centavos)."}, {"id": "10546", "ano": "2026", "numero": "67", "tipo__sigla": "OFEXP", "tipo__descricao": "Of\u00edcio Expedido", "assunto": "Encaminha o of\u00edcio do vereador Paulo Jos\u00e9 Barbosa - emenda parlamente deputado Federal Dr Frederico"}, {"id": "10453", "ano": "2026", "numero": "68", "tipo__sigla": "PARE", "tipo__descricao": "PARECER", "assunto": "Parecer Jur\u00eddico Projeto de Lei 58 - 2026 - Abertura de Cr\u00e9dito Especial + altera\u00e7\u00e3o da PPA -Super\u00e1vit -R$ 192.964,33 (Cento e noventa e dois mil novecentos e sessenta q quatro reais e trinta e tr\u00eas centavos)."}, {"id": "10547", "ano": "2026", "numero": "68", "tipo__sigla": "OFEXP", "tipo__descricao": "Of\u00edcio Expedido", "assunto": "Encaminha reda\u00e7\u00e3o final do projeto de lei complementar 02/2026"}, {"id": "10454", "ano": "2026", "numero": "69", "tipo__sigla": "PARE", "tipo__descricao": "PARECER", "assunto": "Parecer Jur\u00eddico Projeto de Lei 59 - 2026 - Abertura de Cr\u00e9dito Especial + altera\u00e7\u00e3o da PPA -Super\u00e1vit -R$ 335.327.02 (Trezentos e trinta cinco mil trezentos e vinte e sete reais e dois centavos)"}, {"id": "10554", "ano": "2026", "numero": "69", "tipo__sigla": "OFEXP", "tipo__descricao": "Of\u00edcio Expedido", "assunto": "Resposta ao of\u00edcio n\u00ba 249/2026 da 3\u00aa PJ - TP"}, {"id": "10458", "ano": "2026", "numero": "70", "tipo__sigla": "PARE", "tipo__descricao": "PARECER", "assunto": "Parecer Jur\u00eddico - Curso LGPD - Servidores"}, {"id": "10565", "ano": "2026", "numero": "70", "tipo__sigla": "OFEXP", "tipo__descricao": "Of\u00edcio Expedido", "assunto": "Resposta a Solicita\u00e7\u00e3o de Protocolo n\u00ba 0637/2026 Kainne Delfino Joanas"}, {"id": "10463", "ano": "2026", "numero": "71", "tipo__sigla": "PARE", "tipo__descricao": "PARECER", "assunto": "Parecer Jur\u00eddico - Contrata\u00e7\u00e3o de empresa de TI para gest\u00e3o do site da C\u00e2mara e etc."}, {"id": "10569", "ano": "2026", "numero": "71", "tipo__sigla": "OFEXP", "tipo__descricao": "Of\u00edcio Expedido", "assunto": "Encaminha a reda\u00e7\u00e3o final dos projetos aprovados, projeto de lei complementar 01 e projeto de lei ordin\u00e1ria 55"}, {"id": "10473", "ano": "2026", "numero": "72", "tipo__sigla": "PARE", "tipo__descricao": "PARECER", "assunto": "Parecer realinhamento de pre\u00e7os gasolina e etanol 24/03/2026"}, {"id": "10570", "ano": "2026", "numero": "72", "tipo__sigla": "OFEXP", "tipo__descricao": "Of\u00edcio Expedido", "assunto": "informar que, a partir desta data, n\u00e3o ser\u00e1 admitido o protocolo de of\u00edcios, requerimentos, indica\u00e7\u00f5es ou quaisquer outras proposi\u00e7\u00f5es fora do prazo previamente estipulado."}, {"id": "10508", "ano": "2026", "numero": "73", "tipo__sigla": "PARE", "tipo__descricao": "PARECER", "assunto": "Parecer Jur\u00eddico - Combust\u00edvel - Realinhamento de Pre\u00e7o."}, {"id": "10577", "ano": "2026", "numero": "73", "tipo__sigla": "OFEXP", "tipo__descricao": "Of\u00edcio Expedido", "assunto": "Encaminha a indica\u00e7\u00e3o da vereadora Silmara Girlaine Hon\u00f3rio"}, {"id": "10520", "ano": "2026", "numero": "74", "tipo__sigla": "PARE", "tipo__descricao": "PARECER", "assunto": "Parecer Jur\u00eddico - Projeto de Lei Ordin\u00e1ria n. 55 - 2026 - Cria o Aux\u00edlio-Transporte e derroga a lei vigente que regulamenta a mesma mat\u00e9ria."}, {"id": "10576", "ano": "2026", "numero": "74", "tipo__sigla": "OFEXP", "tipo__descricao": "Of\u00edcio Expedido", "assunto": "Encaminha requerimento 09 de 2026 do vereador Everton Paulo  Ara\u00fajo"}, {"id": "10528", "ano": "2026", "numero": "75", "tipo__sigla": "PARE", "tipo__descricao": "PARECER", "assunto": "Parecer Jur\u00eddico - Projeto de Lei Complementar do Legislativo n. 02 - 2026 - Cria a ouvidoria no Legislativo Municipal."}, {"id": "10582", "ano": "2026", "numero": "75", "tipo__sigla": "OFEXP", "tipo__descricao": "Of\u00edcio Expedido", "assunto": "Encaminha os projetos de lei aprovados na 10\u00aa Sess\u00e3o Ordin\u00e1ria da 2\u00aa Sess\u00e3o Legislativa da 16\u00aa Legislatura"}, {"id": "10530", "ano": "2026", "numero": "76", "tipo__sigla": "PARE", "tipo__descricao": "PARECER", "assunto": "Parecer Jur\u00eddico - Projeto de Lei Complementar do Legislativo n. 03 - 2026 - Substitui\u00e7\u00e3o tempor\u00e1ria de servidor efetivo do legislativo."}, {"id": "10586", "ano": "2026", "numero": "76", "tipo__sigla": "OFEXP", "tipo__descricao": "Of\u00edcio Expedido", "assunto": "Solicita\u00e7\u00e3o que servidor Ruiter Silva de Oliveira realize  jornada divergente no dia 22/04/2026"}, {"id": "10548", "ano": "2026", "numero": "77", "tipo__sigla": "PARE", "tipo__descricao": "PARECER", "assunto": "Parecer Jur\u00eddico - Veto n. 04 - Projeto de Lei Ordin\u00e1ria do Legislativo n. 02 - 2025 - Pr\u00eamio - Aluno Destaque do Ano."}, {"id": "10606", "ano": "2026", "numero": "77", "tipo__sigla": "OFEXP", "tipo__descricao": "Of\u00edcio Expedido", "assunto": "Encaminha reda\u00e7\u00e3o final de projeto de lei aprovado 43/2026"}, {"id": "10549", "ano": "2026", "numero": "78", "tipo__sigla": "PARE", "tipo__descricao": "PARECER", "assunto": "Parecer Jur\u00eddico - Dispensa - Material de Expediente - Escrit\u00f3rio."}, {"id": "10610", "ano": "2026", "numero": "78", "tipo__sigla": "OFEXP", "tipo__descricao": "Of\u00edcio Expedido", "assunto": "Convoca para reuni\u00e3o extraordin\u00e1ria no dia 06 de abril de 2026 as 20h"}, {"id": "10550", "ano": "2026", "numero": "79", "tipo__sigla": "PARE", "tipo__descricao": "PARECER", "assunto": "Parecer Jur\u00eddico - Dispensa - Material de Limpeza e Higiene."}, {"id": "10614", "ano": "2026", "numero": "79", "tipo__sigla": "OFEXP", "tipo__descricao": "Of\u00edcio Expedido", "assunto": "Solicita\u00e7\u00e3o de informa\u00e7\u00f5es sobre o PL 60/2026."}, {"id": "10612", "ano": "2026", "numero": "80", "tipo__sigla": "PARE", "tipo__descricao": "PARECER", "assunto": "Parecer jur\u00eddico - Projeto de Lei Ordin\u00e1ria n. 60 - 2026 - Autoriza\u00e7\u00e3o para Empr\u00e9stimo de 3.3 milh\u00f5es de reais."}, {"id": "10615", "ano": "2026", "numero": "80", "tipo__sigla": "OFEXP", "tipo__descricao": "Of\u00edcio Expedido", "assunto": "Convoca\u00e7\u00e3o Ruiter para sess\u00e3o extraordin\u00e1ria 22/04/2026."}, {"id": "10613", "ano": "2026", "numero": "81", "tipo__sigla": "PARE", "tipo__descricao": "PARECER", "assunto": "Parecer jur\u00eddico - Projeto de Lei Ordin\u00e1ria n. 61 - 2026 - Abertura de Cr\u00e9dito Adicional Especial - Super\u00e1vit - R$ 76.231,80 (setenta e seis mil duzentos e trinta e um reais e oitenta centavos)"}, {"id": "10621", "ano": "2026", "numero": "81", "tipo__sigla": "OFEXP", "tipo__descricao": "Of\u00edcio Expedido", "assunto": "Encaminhamento de Requerimento n\u00ba 07/2026 do Vereador Jackson Luiz Ven\u00e2ncio de Souza."}, {"id": "10616", "ano": "2026", "numero": "82", "tipo__sigla": "PARE", "tipo__descricao": "PARECER", "assunto": "Parecer Jur\u00eddico - Projeto de Lei Ordin\u00e1ria n. 62 - 2026 - Lei de Diretrizes Or\u00e7ament\u00e1rias para o exerc\u00edcio financeiro de 202."}, {"id": "10622", "ano": "2026", "numero": "82", "tipo__sigla": "OFEXP", "tipo__descricao": "Of\u00edcio Expedido", "assunto": "Encaminhamento de Indica\u00e7\u00e3o n\u00ba 01/2026 do Vereador Everton Paulo Ara\u00fajo."}, {"id": "10617", "ano": "2026", "numero": "83", "tipo__sigla": "PARE", "tipo__descricao": "PARECER", "assunto": "Parecer - Veto n 05 - PLO do Legislativo 25 - 2025 - Estatuto das doen\u00e7as raras"}, {"id": "10623", "ano": "2026", "numero": "83", "tipo__sigla": "OFEXP", "tipo__descricao": "Of\u00edcio Expedido", "assunto": "Encaminhamento de PL 01/2026 aprovado."}, {"id": "10624", "ano": "2026", "numero": "84", "tipo__sigla": "OFEXP", "tipo__descricao": "Of\u00edcio Expedido", "assunto": "Encaminhamento de Veto 04/2026 rejeitado."}, {"id": "10625", "ano": "2026", "numero": "84", "tipo__sigla": "PARE", "tipo__descricao": "PARECER", "assunto": "Parecer jur\u00eddico - Projeto de Resolu\u00e7\u00e3o 01 - 2026 - Recebimento e Tramita\u00e7\u00e3o das Leis Or\u00e7ament\u00e1rias e Emendas Discricion\u00e1rias."}, {"id": "10626", "ano": "2026", "numero": "85", "tipo__sigla": "PARE", "tipo__descricao": "PARECER", "assunto": "Parecer jur\u00eddico - Projeto de Resolu\u00e7\u00e3o 02 - 2026 - Regulamenta as Emendas Impositivas no \u00c2mbito Legislativo."}, {"id": "10636", "ano": "2026", "numero": "85", "tipo__sigla": "OFEXP", "tipo__descricao": "Of\u00edcio Expedido", "assunto": "Solicita\u00e7\u00e3o de informa\u00e7\u00f5es sobre PL 062/2026 - LDO"}, {"id": "10627", "ano": "2026", "numero": "86", "tipo__sigla": "PARE", "tipo__descricao": "PARECER", "assunto": "Parecer Jur\u00eddico - Emenda a Lei Org\u00e2nica - Emenda de Bancada e Aumento da Emenda Individual."}, {"id": "10641", "ano": "2026", "numero": "86", "tipo__sigla": "OFEXP", "tipo__descricao": "Of\u00edcio Expedido", "assunto": "Convoca\u00e7\u00e3o para reuni\u00e3o extraordin\u00e1ria a ser realizada no dia 27 de abril de 2026 as 20h"}, {"id": "10628", "ano": "2026", "numero": "87", "tipo__sigla": "PARE", "tipo__descricao": "PARECER", "assunto": "Parecer Jur\u00eddico - Projeto de Lei Ordin\u00e1ria n. 63 - 2026 - Aumento do n\u00famero de Agentes Comunit\u00e1rios de Sa\u00fade e Agentes de Combate \u00e0s Endemias"}, {"id": "10642", "ano": "2026", "numero": "87", "tipo__sigla": "OFEXP", "tipo__descricao": "Of\u00edcio Expedido", "assunto": "Reencaminha a reda\u00e7\u00e3o final do projeto de lei ordin\u00e1ria do legislativo n\u00ba 26"}, {"id": "10629", "ano": "2026", "numero": "88", "tipo__sigla": "PARE", "tipo__descricao": "PARECER", "assunto": "Parecer Jur\u00eddico - Projeto de Lei Ordin\u00e1ria n. 64 - 2026 - Abertura de Cr\u00e9dito Especial - Excesso de Arrecada\u00e7\u00e3o - R$ 66.541,74 (sessenta e seis mil quinhentos e quarenta e um reais e setenta e quatro centavos)."}, {"id": "10643", "ano": "2026", "numero": "88", "tipo__sigla": "OFEXP", "tipo__descricao": "Of\u00edcio Expedido", "assunto": "Convoca servidor Ruiter Silva de Oliveira para reuni\u00e3o extraordin\u00e1ria no dia 27/04/2026 as 20h"}, {"id": "10652", "ano": "2026", "numero": "89", "tipo__sigla": "OFEXP", "tipo__descricao": "Of\u00edcio Expedido", "assunto": "Resposta a Not\u00edcia de Fato n\u00ba 02.16.0694.0375501.2026-50 \u2013 Of\u00edcio 306/206/3\u00aa PJ-TP - Den\u00fancia - PLO do Legislativo 19-2025 - Aux\u00edlio Transporte dos Estudantes."}, {"id": "10675", "ano": "2026", "numero": "90", "tipo__sigla": "OFEXP", "tipo__descricao": "Of\u00edcio Expedido", "assunto": "Encaminha o requerimento n\u00ba 10 do vereador Everton Paulo Ara\u00fajo"}, {"id": "10676", "ano": "2026", "numero": "91", "tipo__sigla": "OFEXP", "tipo__descricao": "Of\u00edcio Expedido", "assunto": "Encaminha o requerimento n\u00ba 3 do vereador Paulo Jos\u00e9 Barbosa"}, {"id": "10677", "ano": "2026", "numero": "92", "tipo__sigla": "OFEXP", "tipo__descricao": "Of\u00edcio Expedido", "assunto": "Encaminha o requerimento n\u00ba 7 do vereador Jackson Luiz Ven\u00e2ncio de Souza"}, {"id": "10678", "ano": "2026", "numero": "93", "tipo__sigla": "OFEXP", "tipo__descricao": "Of\u00edcio Expedido", "assunto": "Encaminha o requerimento n\u00ba 2 do vereador Luiz Felipe Mendon\u00e7a Rodrigues"}, {"id": "10679", "ano": "2026", "numero": "94", "tipo__sigla": "OFEXP", "tipo__descricao": "Of\u00edcio Expedido", "assunto": "Encaminha a reda\u00e7\u00e3o final do projeto de lei complementar do legislativo 03/2026"}, {"id": "10680", "ano": "2026", "numero": "95", "tipo__sigla": "OFEXP", "tipo__descricao": "Of\u00edcio Expedido", "assunto": "Encaminha o projeto de lei 61 aprovado na 13\u00aa reuni\u00e3o ordin\u00e1ria"}, {"id": "10681", "ano": "2026", "numero": "96", "tipo__sigla": "OFEXP", "tipo__descricao": "Of\u00edcio Expedido", "assunto": "Encaminha o projeto de lei 60 aprovado na 3\u00aa extraordin\u00e1ria"}, {"id": "10689", "ano": "2026", "numero": "97", "tipo__sigla": "OFEXP", "tipo__descricao": "Of\u00edcio Expedido", "assunto": "encaminhar a V.Ex.\u00aa, o Veto n\u00ba 05/2026 rejeitado pela maioria absoluta na 13\u00aa Ordin\u00e1ria"}]}