{"headers": {"id": "ID", "ano": "Ano", "numero": "N\u00famero", "tipo__sigla": "Tipo Documento/Sigla", "tipo__descricao": "Tipo Documento/Descri\u00e7\u00e3o", "assunto": "Assunto"}, "results": [{"id": "1924", "ano": "2020", "numero": "1", "tipo__sigla": "AAPOS", "tipo__descricao": "Atas de audi\u00eancia p\u00fablica e outras sess\u00f5es", "assunto": "Ata da Audi\u00eancia Publica do dia 29 de setembro de 2020 - LOA 2020"}, {"id": "2111", "ano": "2021", "numero": "1", "tipo__sigla": "AAPOS", "tipo__descricao": "Atas de audi\u00eancia p\u00fablica e outras sess\u00f5es", "assunto": "01/01/2021 Ata da Sess\u00e3o Solene para Instala\u00e7\u00e3o da C\u00e2mara Municipal para dar posse aos vereadores, Prefeito e Vice Prefeito."}, {"id": "2120", "ano": "2021", "numero": "2", "tipo__sigla": "AAPOS", "tipo__descricao": "Atas de audi\u00eancia p\u00fablica e outras sess\u00f5es", "assunto": "Ata sess\u00e3o solene de instala\u00e7\u00e3o e posse, 01/01/2021."}, {"id": "4078", "ano": "2021", "numero": "3", "tipo__sigla": "AAPOS", "tipo__descricao": "Atas de audi\u00eancia p\u00fablica e outras sess\u00f5es", "assunto": "Ata da audi\u00eancia p\u00fablica da C\u00e2mara Municipal de Santana da Vargem realizada no dia 16 de dezembro de 2021"}, {"id": "4264", "ano": "2022", "numero": "1", "tipo__sigla": "AAPOS", "tipo__descricao": "Atas de audi\u00eancia p\u00fablica e outras sess\u00f5es", "assunto": "Ata da reuni\u00e3o solene de inaugura\u00e7\u00e3o da 2\u00aa Sess\u00e3o Legislativa da 15\u00aa Legislatura realizada no dia primeiro de fevereiro de 2022"}, {"id": "5099", "ano": "2022", "numero": "2", "tipo__sigla": "AAPOS", "tipo__descricao": "Atas de audi\u00eancia p\u00fablica e outras sess\u00f5es", "assunto": "Ata da Audi\u00eancia P\u00fablica para aprecia\u00e7\u00e3o do Projeto de Lei Ordin\u00e1ria 21/2022"}, {"id": "5953", "ano": "2023", "numero": "1", "tipo__sigla": "AAPOS", "tipo__descricao": "Atas de audi\u00eancia p\u00fablica e outras sess\u00f5es", "assunto": "Ata da reuni\u00e3o solene de inaugura\u00e7\u00e3o da 3\u00aa Sess\u00e3o Legislativa da 15\u00aa legislatura"}, {"id": "6045", "ano": "2023", "numero": "2", "tipo__sigla": "AAPOS", "tipo__descricao": "Atas de audi\u00eancia p\u00fablica e outras sess\u00f5es", "assunto": "Ata da reuni\u00e3o do dia 16 de fevereiro de 2023 (prefeito e vereadores/ concurso p\u00fablico)"}, {"id": "7500", "ano": "2024", "numero": "1", "tipo__sigla": "AAPOS", "tipo__descricao": "Atas de audi\u00eancia p\u00fablica e outras sess\u00f5es", "assunto": "Ata da reuni\u00e3o de inaugura\u00e7\u00e3o da 4\u00aa Sess\u00e3o Legislativa da 15\u00aa Legislatura"}, {"id": "8150", "ano": "2024", "numero": "2", "tipo__sigla": "AAPOS", "tipo__descricao": "Atas de audi\u00eancia p\u00fablica e outras sess\u00f5es", "assunto": "Ata de audi\u00eancia P\u00fablica do Legislativo 05 de Julho de 2024"}, {"id": "8638", "ano": "2025", "numero": "1", "tipo__sigla": "AAPOS", "tipo__descricao": "Atas de audi\u00eancia p\u00fablica e outras sess\u00f5es", "assunto": "Ata da Sess\u00e3o de Instala\u00e7\u00e3o da C\u00e2mara Municipal de Santana da Vargem da 16\u00aa Legislatura do ano de 2025"}, {"id": "9220", "ano": "2025", "numero": "2", "tipo__sigla": "AAPOS", "tipo__descricao": "Atas de audi\u00eancia p\u00fablica e outras sess\u00f5es", "assunto": "Ata da Audi\u00eancia P\u00fablica n\u00ba 01 de 2025 para tratar Projeto de Lei Ordin\u00e1ria n\u00ba 34 de 2025"}, {"id": "9553", "ano": "2025", "numero": "3", "tipo__sigla": "AAPOS", "tipo__descricao": "Atas de audi\u00eancia p\u00fablica e outras sess\u00f5es", "assunto": "Ata da Audi\u00eancia P\u00fablica pra an\u00e1lise do Projeto de Lei de Diretrizes Or\u00e7ament\u00e1rias para o ano de 2026 realizada no dia trinta de julho de 2025"}, {"id": "10345", "ano": "2026", "numero": "1", "tipo__sigla": "AAPOS", "tipo__descricao": "Atas de audi\u00eancia p\u00fablica e outras sess\u00f5es", "assunto": "Ata da Sess\u00e3o Solene de Inaugura\u00e7\u00e3o da 2\u00aa Sess\u00e3o Legislativa da 16\u00aa legislatura do ano de 2026 da C\u00e2mara Municipal de Santana da Vargem realizada no dia 1\u00ba de fevereiro de 2026"}]}