{"headers": {"id": "ID", "ano": "Ano", "numero": "N\u00famero", "tipo__sigla": "Tipo de Mat\u00e9ria Legislativa/Sigla", "tipo__descricao": "Tipo de Mat\u00e9ria Legislativa/Descri\u00e7\u00e3o", "autoria": "Autorias", "texto_original": "Texto Original", "ementa": "Ementa"}, "results": [{"id": "14", "ano": "2018", "numero": "1", "tipo__sigla": "EM", "tipo__descricao": "Emenda e subemenda", "autoria": "Rodrigo Scalioni", "texto_original": "http://sapl.santanadavargem.mg.leg.br/media/sapl/public/materialegislativa/2018/14/emenda_loa_2019_digitalizado.pdf", "ementa": "Emenda modificativa ao projeto de Lei 029/2018 que Projeto de Lei n\u00b0 029/2018 (Autoria do Executivo) \"Estima a receita e fixa a despesa do Munic\u00edpio de Santana da Vargem-MG para o exerc\u00edcio financeiro de 2019\""}, {"id": "1", "ano": "2018", "numero": "5", "tipo__sigla": "IND", "tipo__descricao": "Indica\u00e7\u00e3o", "autoria": "Luiz Felipe", "texto_original": "http://sapl.santanadavargem.mg.leg.br/media/sapl/public/materialegislativa/2018/1/indicacao_05_felipao.pdf", "ementa": "\"INDICA A PREMENTE NECESSIDADE DE COLOCA\u00c7\u00c3O DE UMA DEFENSA MET\u00c1LICA\"."}, {"id": "12", "ano": "2018", "numero": "1", "tipo__sigla": "PCP", "tipo__descricao": "Parecer das Comiss\u00f5es Permanentes", "autoria": "CFO - COMISS\u00c3O DE FINAN\u00c7AS E OR\u00c7AMENTO", "texto_original": "http://sapl.santanadavargem.mg.leg.br/media/", "ementa": "DISP\u00d5E SOBRE  DI\u00c1RIA PARA COBERTURA DE DESPESAS DE VIAGENS DOS VEREADORES E SERVIDORES DA C\u00c2MARA MUNICIPAL DE SANTANA DA VARGEM - MG"}, {"id": "39", "ano": "2018", "numero": "5", "tipo__sigla": "PCP", "tipo__descricao": "Parecer das Comiss\u00f5es Permanentes", "autoria": "Rodrigo Scalioni, Jo\u00e3o Martins, Luiz Felipe", "texto_original": "http://sapl.santanadavargem.mg.leg.br/media/", "ementa": "Parecer 005/2018 da Comiss\u00e3o de Finan\u00e7as e Or\u00e7amento"}, {"id": "38", "ano": "2018", "numero": "7", "tipo__sigla": "PCP", "tipo__descricao": "Parecer das Comiss\u00f5es Permanentes", "autoria": "CFO - COMISS\u00c3O DE FINAN\u00c7AS E OR\u00c7AMENTO", "texto_original": "http://sapl.santanadavargem.mg.leg.br/media/", "ementa": "Parecer desfavor\u00e1vel ao projeto 007/2018"}, {"id": "52", "ano": "2018", "numero": "8", "tipo__sigla": "PCP", "tipo__descricao": "Parecer das Comiss\u00f5es Permanentes", "autoria": "CFO - COMISS\u00c3O DE FINAN\u00c7AS E OR\u00c7AMENTO", "texto_original": "http://sapl.santanadavargem.mg.leg.br/media/", "ementa": "Parecer do projeto n\u00ba 36/2018"}, {"id": "54", "ano": "2018", "numero": "9", "tipo__sigla": "PCP", "tipo__descricao": "Parecer das Comiss\u00f5es Permanentes", "autoria": "CFO - COMISS\u00c3O DE FINAN\u00c7AS E OR\u00c7AMENTO", "texto_original": "http://sapl.santanadavargem.mg.leg.br/media/sapl/public/materialegislativa/2018/54/parecer_p._29.pdf", "ementa": "Parecer do projeto de Lei n\u00ba 29/2018 - LOA 2019"}, {"id": "63", "ano": "2018", "numero": "10", "tipo__sigla": "PCP", "tipo__descricao": "Parecer das Comiss\u00f5es Permanentes", "autoria": "CFO - COMISS\u00c3O DE FINAN\u00c7AS E OR\u00c7AMENTO", "texto_original": "http://sapl.santanadavargem.mg.leg.br/media/sapl/public/materialegislativa/2018/63/parecer_lei_38_-_2018.docx", "ementa": "Autoriza aliena\u00e7\u00e3o de im\u00f3vel"}, {"id": "64", "ano": "2018", "numero": "11", "tipo__sigla": "PCP", "tipo__descricao": "Parecer das Comiss\u00f5es Permanentes", "autoria": "CFO - COMISS\u00c3O DE FINAN\u00c7AS E OR\u00c7AMENTO", "texto_original": "http://sapl.santanadavargem.mg.leg.br/media/sapl/public/materialegislativa/2018/64/parecer_lei_37-2018.docx", "ementa": "Autoriza o munic\u00edpio de Santana da Vargem a realizar concess\u00e3o de uso com encargos do im\u00f3vel que especifica e d\u00e1 outras providencias"}, {"id": "67", "ano": "2018", "numero": "12", "tipo__sigla": "PCP", "tipo__descricao": "Parecer das Comiss\u00f5es Permanentes", "autoria": "CLJRF - Comiss\u00e3o de Legisla\u00e7\u00e3o, Justi\u00e7a e Reda\u00e7\u00e3o Final", "texto_original": "http://sapl.santanadavargem.mg.leg.br/media/sapl/public/materialegislativa/2018/67/parecer_da_c.l.j.rf.pdf", "ementa": "Autoriza o munic\u00edpio de Santana da Vargem a realizar concess\u00e3o de uso com encargos do im\u00f3vel que especifica e d\u00e1 outras providencias."}, {"id": "68", "ano": "2018", "numero": "31", "tipo__sigla": "PCP", "tipo__descricao": "Parecer das Comiss\u00f5es Permanentes", "autoria": "CFO - COMISS\u00c3O DE FINAN\u00c7AS E OR\u00c7AMENTO", "texto_original": "http://sapl.santanadavargem.mg.leg.br/media/sapl/public/materialegislativa/2018/68/02_parecer_cfo.pdf", "ementa": "Parecer da Comiss\u00e3o de Finan\u00e7as e Or\u00e7amento ao Projeto de Lei ordin\u00e1ria 31/2018."}, {"id": "69", "ano": "2018", "numero": "32", "tipo__sigla": "PCP", "tipo__descricao": "Parecer das Comiss\u00f5es Permanentes", "autoria": "CLJRF - Comiss\u00e3o de Legisla\u00e7\u00e3o, Justi\u00e7a e Reda\u00e7\u00e3o Final", "texto_original": "http://sapl.santanadavargem.mg.leg.br/media/sapl/public/materialegislativa/2018/69/03_pare_cljrf.pdf", "ementa": "Parecer da Comiss\u00e3o de Legisla\u00e7\u00e3o, Justi\u00e7a e Reda\u00e7\u00e3o Final para o Projeto de Lei 31"}, {"id": "48", "ano": "2018", "numero": "24", "tipo__sigla": "PO", "tipo__descricao": "Portaria", "autoria": "Carlos Cezar", "texto_original": "http://sapl.santanadavargem.mg.leg.br/media/sapl/public/materialegislativa/2018/48/024-2018_abre_proc_julg_cont_2016.pdf", "ementa": "Determina a abertura de processo administrativo para o julgamento de contas do Exerc\u00edcio Financeiro de 2016 e d\u00e1 outras provid\u00eancias."}, {"id": "649", "ano": "2018", "numero": "25", "tipo__sigla": "PO", "tipo__descricao": "Portaria", "autoria": "", "texto_original": "http://sapl.santanadavargem.mg.leg.br/media/sapl/public/materialegislativa/2018/649/portaria_025-2018_aquisicao_de_cartuchos.pdf", "ementa": "Determina a abertura de processo licitat\u00f3rio para aquisi\u00e7\u00e3o de cartuchos para tonners de impressoras"}, {"id": "2", "ano": "2018", "numero": "26", "tipo__sigla": "PO", "tipo__descricao": "Portaria", "autoria": "Carlos Cezar", "texto_original": "http://sapl.santanadavargem.mg.leg.br/media/sapl/public/materialegislativa/2018/2/026_2018_aut_serv.pdf", "ementa": "Autoriza Servidor a conduzir o ve\u00edculo do Legislativo"}, {"id": "648", "ano": "2018", "numero": "27", "tipo__sigla": "PO", "tipo__descricao": "Portaria", "autoria": "", "texto_original": "http://sapl.santanadavargem.mg.leg.br/media/sapl/public/materialegislativa/2018/648/portaria_27_exonera_maisa_expedita_da_silva.pdf", "ementa": "Exonera servidora ocupante de cargo comissionado, seret\u00e1ria"}, {"id": "8", "ano": "2018", "numero": "29", "tipo__sigla": "PO", "tipo__descricao": "Portaria", "autoria": "Carlos Cezar", "texto_original": "http://sapl.santanadavargem.mg.leg.br/media/sapl/public/materialegislativa/2018/8/29_portaria_contratacao_contabil.docx", "ementa": "Determina a abertura de processo licitat\u00f3rio para contrata\u00e7\u00e3o de servi\u00e7o de Assessoria Cont\u00e1bil por tempo determinado"}, {"id": "11", "ano": "2018", "numero": "30", "tipo__sigla": "PO", "tipo__descricao": "Portaria", "autoria": "Carlos Cezar", "texto_original": "http://sapl.santanadavargem.mg.leg.br/media/sapl/public/materialegislativa/2018/11/portaria_30.pdf", "ementa": "\"DISP\u00d5E SOBRE RECESSO NO \u00c2MBITO DAS ATIVIDADES DA C\u00c2MARA MUNICIPAL DE SANTANA DA VARGEM E D\u00c1 OUTRAS PROVIDENCIAS\""}, {"id": "10", "ano": "2018", "numero": "31", "tipo__sigla": "PO", "tipo__descricao": "Portaria", "autoria": "Carlos Cezar", "texto_original": "http://sapl.santanadavargem.mg.leg.br/media/sapl/public/materialegislativa/2018/10/31_recesso_ponto_facultativo.pdf", "ementa": "\u201cDisp\u00f5e sobre recesso no \u00c2mbito das atividades da C\u00e2mara Municipal de Santana da Vargem, e d\u00e1 outras provid\u00eancias\u201d\r\nDIA DO SERVIDOR PUBLICO"}, {"id": "49", "ano": "2018", "numero": "32", "tipo__sigla": "PO", "tipo__descricao": "Portaria", "autoria": "Carlos Cezar", "texto_original": "http://sapl.santanadavargem.mg.leg.br/media/sapl/public/materialegislativa/2018/49/portaria_32.pdf", "ementa": "Determina abertura de processo administrativo disciplinar para apurar eventuais irregularidades cometidas pela Auxiliar Legislativa"}, {"id": "59", "ano": "2018", "numero": "33", "tipo__sigla": "PO", "tipo__descricao": "Portaria", "autoria": "Carlos Cezar", "texto_original": "http://sapl.santanadavargem.mg.leg.br/media/sapl/public/materialegislativa/2018/59/portaria_33.pdf", "ementa": "Ratifica o processo de dispensa de licita\u00e7\u00e3o de n\u00ba 006/2018 para aquisi\u00e7\u00e3o de objetos da portaria 025/2018"}, {"id": "57", "ano": "2018", "numero": "34", "tipo__sigla": "PO", "tipo__descricao": "Portaria", "autoria": "Carlos Cezar", "texto_original": "http://sapl.santanadavargem.mg.leg.br/media/sapl/public/materialegislativa/2018/57/34_nomea_jamile.pdf", "ementa": "Disp\u00f5e sobre nomea\u00e7\u00e3o de servidora para ocupar cargo em comiss\u00e3o (secret\u00e1ria)."}, {"id": "58", "ano": "2018", "numero": "35", "tipo__sigla": "PO", "tipo__descricao": "Portaria", "autoria": "Carlos Cezar", "texto_original": "http://sapl.santanadavargem.mg.leg.br/media/sapl/public/materialegislativa/2018/58/01_portaria_35_aquisicao_placas_e_carteiras_uqM1E3I.pdf", "ementa": "determina abertura de processo licitat\u00f3rio para a aquisi\u00e7\u00e3o de objetos descriminados na tabela abaixo."}, {"id": "71", "ano": "2018", "numero": "36", "tipo__sigla": "PO", "tipo__descricao": "Portaria", "autoria": "Carlos Cezar", "texto_original": "http://sapl.santanadavargem.mg.leg.br/media/sapl/public/materialegislativa/2018/71/36_exonera.pdf", "ementa": "EXONERA CARGOS EM COMISS\u00c3O"}, {"id": "74", "ano": "2018", "numero": "37", "tipo__sigla": "PO", "tipo__descricao": "Portaria", "autoria": "Carlos Cezar", "texto_original": "http://sapl.santanadavargem.mg.leg.br/media/sapl/public/materialegislativa/2018/74/portaria_37.pdf", "ementa": "\u201cDisp\u00f5e sobre recesso no \u00c2mbito das atividades da C\u00e2mara Municipal de Santana da Vargem, e d\u00e1 outras providencias\u201d"}, {"id": "13", "ano": "2018", "numero": "1", "tipo__sigla": "PDL", "tipo__descricao": "Projeto de Decreto Legislativo", "autoria": "CFO - COMISS\u00c3O DE FINAN\u00c7AS E OR\u00c7AMENTO", "texto_original": "http://sapl.santanadavargem.mg.leg.br/media/", "ementa": "DISP\u00d5E SOBRE A REJEI\u00c7\u00c3O DE CONTAS DA PREFEITURA DO MUNIC\u00cdPIO DE SANTANA DA VARGEM, REFERENTE AO EXERC\u00cdCIO DE 2014\""}, {"id": "675", "ano": "2018", "numero": "1", "tipo__sigla": "PLC", "tipo__descricao": "Projeto de Lei Complementar", "autoria": "Renato Theodoro da Silva", "texto_original": "http://sapl.santanadavargem.mg.leg.br/media/", "ementa": "\u201cDisp\u00f5e sobre revoga\u00e7\u00e3o da Lei Complementar 005 de 28 de dezembro de 2017, e d\u00e1 outras provid\u00eancias\u201d"}, {"id": "370", "ano": "2018", "numero": "3", "tipo__sigla": "PLC", "tipo__descricao": "Projeto de Lei Complementar", "autoria": "Renato Theodoro da Silva", "texto_original": "http://sapl.santanadavargem.mg.leg.br/media/sapl/public/materialegislativa/2018/370/lei-complementar-10-2018.pdf", "ementa": "\u201cDisp\u00f5e sobre altera\u00e7\u00e3o da nomenclatura do Procurador Geral do Munic\u00edpio constante na Lei Municipal n\u00ba.1.119, de 02 de mar\u00e7o de 2009 e d\u00e1 outras provid\u00eancias\u201d"}, {"id": "41", "ano": "2018", "numero": "4", "tipo__sigla": "PLC", "tipo__descricao": "Projeto de Lei Complementar", "autoria": "Renato Theodoro da Silva", "texto_original": "http://sapl.santanadavargem.mg.leg.br/media/", "ementa": "\u201cCria Projeto/Atividade no PPA e autoriza abertura de cr\u00e9dito especial que especifica e d\u00e1 outras provid\u00eancias\u201d"}, {"id": "47", "ano": "2018", "numero": "9", "tipo__sigla": "PLC", "tipo__descricao": "Projeto de Lei Complementar", "autoria": "Renato Theodoro da Silva", "texto_original": "http://sapl.santanadavargem.mg.leg.br/media/", "ementa": "\"Disp\u00f5e sobre permiss\u00e3o de uso de bem publico e da outras provid\u00eancias\""}, {"id": "43", "ano": "2018", "numero": "102", "tipo__sigla": "PLC", "tipo__descricao": "Projeto de Lei Complementar", "autoria": "Renato Theodoro da Silva", "texto_original": "http://sapl.santanadavargem.mg.leg.br/media/", "ementa": "\"Disp\u00f5e sobre a revoga\u00e7\u00e3o do inciso V do artigo 55 da Lei n\u00b0 770/02 'Disp\u00f5e sobre legisla\u00e7\u00e3o tribut\u00e1ria do Munic\u00edpio de Santana da Vargem-MG'.\""}, {"id": "46", "ano": "2018", "numero": "1", "tipo__sigla": "PLCLe", "tipo__descricao": "Projeto de Lei Complementar do Legislativo", "autoria": "Marcos Roberto, Carlos Cezar, Silmara Girlaine", "texto_original": "http://sapl.santanadavargem.mg.leg.br/media/", "ementa": "\"Autoriza a revis\u00e3o geral anual da remunera\u00e7\u00e3o dos servidores do Poder Legislativo Municipal\""}, {"id": "33", "ano": "2018", "numero": "2", "tipo__sigla": "PLCLe", "tipo__descricao": "Projeto de Lei Complementar do Legislativo", "autoria": "Rodrigo Scalioni", "texto_original": "http://sapl.santanadavargem.mg.leg.br/media/", "ementa": "\u201cInstitui no \u00e2mbito da Administra\u00e7\u00e3o P\u00fablica Municipal a Semana da Consci\u00eancia Negra, a ser realizada anualmente no m\u00eas de novembro, na semana que recair o dia 20 de novembro, \u2018Dia Nacional da Consci\u00eancia Negra\u2019, data que lembra o dia em que foi assassinado, em 1695, o l\u00edder Zumbi, do Quilombo dos Palmares, um dos principais s\u00edmbolos da resist\u00eancia negra \u00e0 escravid\u00e3o.\u201d"}, {"id": "676", "ano": "2018", "numero": "4", "tipo__sigla": "PLCLe", "tipo__descricao": "Projeto de Lei Complementar do Legislativo", "autoria": "Rodrigo Scalioni", "texto_original": "http://sapl.santanadavargem.mg.leg.br/media/", "ementa": "\"D\u00e1 se o nome de Rua Varne de Carvalho \u00c1vila, ao logradouro p\u00fablico Rua Tr\u00eas, localizado no bairro S\u00e3o Luiz, deste munic\u00edpio."}, {"id": "40", "ano": "2018", "numero": "5", "tipo__sigla": "PLCLe", "tipo__descricao": "Projeto de Lei Complementar do Legislativo", "autoria": "Rodrigo Scalioni", "texto_original": "http://sapl.santanadavargem.mg.leg.br/media/", "ementa": "\"Altera o caput e o \u00a7 2\u00b0 do Art. 86 da Lei Municipal n\u00b0 249 de 13 de Setembro de 1985, que Institui o c\u00f3digo de Posturas do Munic\u00edpio de Santana da Vargem e d\u00e1 outras provid\u00eancias.\""}, {"id": "44", "ano": "2018", "numero": "6", "tipo__sigla": "PLCLe", "tipo__descricao": "Projeto de Lei Complementar do Legislativo", "autoria": "Rodrigo Scalioni", "texto_original": "http://sapl.santanadavargem.mg.leg.br/media/", "ementa": "\"Revoga em todo o seus termos,a Lei n 1,398/2015 que denominou a Rua ALVARO AUGUSTO DE OLIVEIRA ,localizada no Bairro Sao Luiz neste munic\u00edpio e dar outras providencias\""}, {"id": "28", "ano": "2018", "numero": "7", "tipo__sigla": "PLCLe", "tipo__descricao": "Projeto de Lei Complementar do Legislativo", "autoria": "Jos\u00e9 Elias Figueiredo, Carlos Cezar, Marcos Roberto, Silmara Girlaine", "texto_original": "http://sapl.santanadavargem.mg.leg.br/media/", "ementa": "\"DISP\u00d5E SOBRE A REVOGA\u00c7\u00c3O DO ART 2\u00b0 DA LEI COMPLEMENTAR N\u00b0006/2017.\""}, {"id": "674", "ano": "2018", "numero": "2", "tipo__sigla": "PLO", "tipo__descricao": "Projeto de Lei Ordin\u00e1ria", "autoria": "Renato Theodoro da Silva", "texto_original": "http://sapl.santanadavargem.mg.leg.br/media/", "ementa": "\u201cCria Programa de Atividade no PPA e autoriza abertura de cr\u00e9dito especial que especifica e d\u00e1 outras provid\u00eancias\u201d"}, {"id": "16", "ano": "2018", "numero": "4", "tipo__sigla": "PLO", "tipo__descricao": "Projeto de Lei Ordin\u00e1ria", "autoria": "Renato Theodoro da Silva", "texto_original": "http://sapl.santanadavargem.mg.leg.br/media/sapl/public/materialegislativa/2018/16/lei-1454-2018.pdf", "ementa": "\"Cria projeto/atividade no PPA e autoriza abertura de cr\u00e9dito especial que especifica e d\u00e1 outras provid\u00eancias\""}, {"id": "23", "ano": "2018", "numero": "5", "tipo__sigla": "PLO", "tipo__descricao": "Projeto de Lei Ordin\u00e1ria", "autoria": "Renato Theodoro da Silva", "texto_original": "http://sapl.santanadavargem.mg.leg.br/media/sapl/public/materialegislativa/2018/23/lei-1461-2018.pdf", "ementa": "\"Cria projeto/atividade no PPA e autoriza abertura de cr\u00e9dito especial que especifica e d\u00e1 outras provid\u00eancias\""}, {"id": "670", "ano": "2018", "numero": "6", "tipo__sigla": "PLO", "tipo__descricao": "Projeto de Lei Ordin\u00e1ria", "autoria": "", "texto_original": "http://sapl.santanadavargem.mg.leg.br/media/", "ementa": "\"Disp\u00f5e sobre conv\u00eanio de coopera\u00e7\u00e3o t\u00e9cnica e financeira entre entes p\u00fablicos visando o cofinanciamento da Santa Casa de Miseric\u00f3rdia do Hospital S\u00e3o Francisco de Assis e d\u00e1 outras provid\u00eancias.\""}, {"id": "37", "ano": "2018", "numero": "7", "tipo__sigla": "PLO", "tipo__descricao": "Projeto de Lei Ordin\u00e1ria", "autoria": "", "texto_original": "http://sapl.santanadavargem.mg.leg.br/media/", "ementa": "\"Altera o inciso I do artigo 31 da Lei Municipal n\u00b0 1.235 de 21 de fevereiro de 2011 que 'Institui a Lei Geral Municipal da microempresa, da empresa de pequeno porte e do microempreendedor individual e d\u00e1 outras provid\u00eancias.' \""}, {"id": "36", "ano": "2018", "numero": "8", "tipo__sigla": "PLO", "tipo__descricao": "Projeto de Lei Ordin\u00e1ria", "autoria": "Renato Theodoro da Silva", "texto_original": "http://sapl.santanadavargem.mg.leg.br/media/", "ementa": "\"Disp\u00f5e sobre permiss\u00e3o de uso de bem publico e da outras provid\u00eancias.\""}, {"id": "671", "ano": "2018", "numero": "9", "tipo__sigla": "PLO", "tipo__descricao": "Projeto de Lei Ordin\u00e1ria", "autoria": "Renato Theodoro da Silva", "texto_original": "http://sapl.santanadavargem.mg.leg.br/media/", "ementa": "\"Disp\u00f5e sobre permiss\u00e3o de uso de bem P\u00fablico e d\u00e1 outras provid\u00eancias.\""}, {"id": "672", "ano": "2018", "numero": "10", "tipo__sigla": "PLO", "tipo__descricao": "Projeto de Lei Ordin\u00e1ria", "autoria": "Renato Theodoro da Silva", "texto_original": "http://sapl.santanadavargem.mg.leg.br/media/", "ementa": "\"Disp\u00f5e sobre a altera\u00e7\u00e3o do Art. 4\u00b0 e Art. 10 da Lei 1.350 de 10 de Junho de 2014 que \"Disp\u00f5e sobre a organiza\u00e7\u00e3o do Sistema Municipal de Defesa do Consumidor - SMDC - Institui a Coordenadoria Municipal de Prote\u00e7\u00e3o e Defesa do Consumidor - PROCON, o Concelho Municipal de Prote\u00e7\u00e3o e Defesa do Consumidor - CONDECON, e institui o Fundo Municipal de Prote\u00e7\u00e3o e Defesa do Consumidor - FMPDC.\""}, {"id": "673", "ano": "2018", "numero": "11", "tipo__sigla": "PLO", "tipo__descricao": "Projeto de Lei Ordin\u00e1ria", "autoria": "Renato Theodoro da Silva", "texto_original": "http://sapl.santanadavargem.mg.leg.br/media/", "ementa": "\"Cria projetos/atividades no PPA, autoriza abertura de cr\u00e9ditos especiais que especifica, adequa or\u00e7amento da Secretaria de A\u00e7\u00e3o Social e d\u00e1 outras provid\u00eancias.\""}, {"id": "34", "ano": "2018", "numero": "12", "tipo__sigla": "PLO", "tipo__descricao": "Projeto de Lei Ordin\u00e1ria", "autoria": "Renato Theodoro da Silva", "texto_original": "http://sapl.santanadavargem.mg.leg.br/media/", "ementa": "\"Disp\u00f5e sobre as diretrizes para elabora\u00e7\u00e3o da Lei Or\u00e7ament\u00e1ria de 2019 e d\u00e1 outras provid\u00eancias.\""}, {"id": "360", "ano": "2018", "numero": "13", "tipo__sigla": "PLO", "tipo__descricao": "Projeto de Lei Ordin\u00e1ria", "autoria": "Renato Theodoro da Silva", "texto_original": "http://sapl.santanadavargem.mg.leg.br/media/sapl/public/materialegislativa/2018/360/013_2018_plo_exc.pdf", "ementa": "\"Cria projetos/atividades no PPA, autoriza abertura de cr\u00e9ditos especiais e suplementares que especifica, adequa or\u00e7amento da Secretaria de A\u00e7\u00e3o Social e d\u00e1 outras provid\u00eancias\""}, {"id": "358", "ano": "2018", "numero": "14", "tipo__sigla": "PLO", "tipo__descricao": "Projeto de Lei Ordin\u00e1ria", "autoria": "Renato Theodoro da Silva", "texto_original": "http://sapl.santanadavargem.mg.leg.br/media/", "ementa": "\"Cria projeto/atividade no PPA e autoriza abertura de cr\u00e9dito especial que especifica e d\u00e1 outras provid\u00eancias\""}, {"id": "364", "ano": "2018", "numero": "15", "tipo__sigla": "PLO", "tipo__descricao": "Projeto de Lei Ordin\u00e1ria", "autoria": "Renato Theodoro da Silva", "texto_original": "http://sapl.santanadavargem.mg.leg.br/media/sapl/public/materialegislativa/2018/364/lei-1452-2018.pdf", "ementa": "\"Altera reda\u00e7\u00e3o da lei 1451/2018 quanto a inclus\u00e3o de fonte de recursos e d\u00e1 outras provid\u00eancias\""}, {"id": "365", "ano": "2018", "numero": "16", "tipo__sigla": "PLO", "tipo__descricao": "Projeto de Lei Ordin\u00e1ria", "autoria": "Renato Theodoro da Silva", "texto_original": "http://sapl.santanadavargem.mg.leg.br/media/sapl/public/materialegislativa/2018/365/lei-1457-2018_1.pdf", "ementa": "\"Altera reda\u00e7\u00e3o da lei 1453/2018 quanto a inclus\u00e3o de fonte de recursos e d\u00e1 outras provid\u00eancias\""}, {"id": "366", "ano": "2018", "numero": "17", "tipo__sigla": "PLO", "tipo__descricao": "Projeto de Lei Ordin\u00e1ria", "autoria": "Renato Theodoro da Silva", "texto_original": "http://sapl.santanadavargem.mg.leg.br/media/sapl/public/materialegislativa/2018/366/lei-1458-2018.pdf", "ementa": "\"D\u00e1 nova reda\u00e7\u00e3o ao artigo 3\u00b0 da lei 1454/2018 e d\u00e1 outras provid\u00eancias\""}, {"id": "368", "ano": "2018", "numero": "18", "tipo__sigla": "PLO", "tipo__descricao": "Projeto de Lei Ordin\u00e1ria", "autoria": "Renato Theodoro da Silva", "texto_original": "http://sapl.santanadavargem.mg.leg.br/media/sapl/public/materialegislativa/2018/368/lei-1460-2018.pdf", "ementa": "\"Cria projetos/atividades no PPA, autoriza abertura de cr\u00e9ditos especiais e d\u00e1 outras provid\u00eancias.\""}, {"id": "367", "ano": "2018", "numero": "19", "tipo__sigla": "PLO", "tipo__descricao": "Projeto de Lei Ordin\u00e1ria", "autoria": "Renato Theodoro da Silva", "texto_original": "http://sapl.santanadavargem.mg.leg.br/media/sapl/public/materialegislativa/2018/367/lei-1461-2018.pdf", "ementa": "\"Cria projetos/atividades no PPA, autoriza abertura de cr\u00e9ditos suplementares e especiais que especifica, e d\u00e1 outras provid\u00eancias. \u201c"}, {"id": "361", "ano": "2018", "numero": "20", "tipo__sigla": "PLO", "tipo__descricao": "Projeto de Lei Ordin\u00e1ria", "autoria": "Renato Theodoro da Silva", "texto_original": "http://sapl.santanadavargem.mg.leg.br/media/sapl/public/materialegislativa/2018/361/lei-1462-2018.pdf", "ementa": "\"Autoriza a inclus\u00e3o de projeto/atividade (Fomento \u00e1 organiza\u00e7\u00e3o e integra\u00e7\u00e3o das A\u00e7\u00f5es e Servi\u00e7os de Sa\u00fade em rede regionalizada e hierarquizada) na lei 1442 de 2017, (PPA 2018/2021) e abertura de cr\u00e9dito especial que especifica e d\u00e1 outras provid\u00eancias\""}, {"id": "359", "ano": "2018", "numero": "21", "tipo__sigla": "PLO", "tipo__descricao": "Projeto de Lei Ordin\u00e1ria", "autoria": "Renato Theodoro da Silva", "texto_original": "http://sapl.santanadavargem.mg.leg.br/media/sapl/public/materialegislativa/2018/359/01_021_2018_plo_exc.pdf", "ementa": "\"Disp\u00f5e sobre permiss\u00e3o de uso de bem p\u00fablico para a realiza\u00e7\u00e3o da festa do pe\u00e3o e d\u00e1 outras provid\u00eancias\""}, {"id": "669", "ano": "2018", "numero": "22", "tipo__sigla": "PLO", "tipo__descricao": "Projeto de Lei Ordin\u00e1ria", "autoria": "Renato Theodoro da Silva", "texto_original": "http://sapl.santanadavargem.mg.leg.br/media/", "ementa": "Projeto de Lei n\u00b0 022/2018 (Autoria do Executivo) \"Cria Projeto/Atividade no PPA, autoriza abertura do cr\u00e9dito especial, com fim de pactua\u00e7\u00e3o de Coopera\u00e7\u00e3o Financeira Entre entes P\u00fablicos, para disponibiliza\u00e7\u00e3o de servi\u00e7os do PROCON aos mun\u00edcipes de Santana da Vargem-MG e d\u00e1 outras provid\u00eancias.\""}, {"id": "668", "ano": "2018", "numero": "23", "tipo__sigla": "PLO", "tipo__descricao": "Projeto de Lei Ordin\u00e1ria", "autoria": "Renato Theodoro da Silva", "texto_original": "http://sapl.santanadavargem.mg.leg.br/media/", "ementa": "\"Cria/Projeto no PPA, autoriza abertura de cr\u00e9dito especial, com a finalidade de execu\u00e7\u00e3o de recurso oriundo de emenda parlamentar FNS 3155007 - incremento PAB e d\u00e1 outras provid\u00eancia.\""}, {"id": "31", "ano": "2018", "numero": "24", "tipo__sigla": "PLO", "tipo__descricao": "Projeto de Lei Ordin\u00e1ria", "autoria": "Renato Theodoro da Silva", "texto_original": "http://sapl.santanadavargem.mg.leg.br/media/", "ementa": "\"Cria/Projeto no PPA, autoriza abertura de cr\u00e9dito especial, com a finalidade de execu\u00e7\u00e3o de recurso oriundo de emenda parlamentar FNS 315507 - incremento PAB e d\u00e1 outras provid\u00eancia.\""}, {"id": "19", "ano": "2018", "numero": "25", "tipo__sigla": "PLO", "tipo__descricao": "Projeto de Lei Ordin\u00e1ria", "autoria": "Renato Theodoro da Silva", "texto_original": "http://sapl.santanadavargem.mg.leg.br/media/sapl/public/materialegislativa/2018/19/01_025-18_plo_exc.pdf", "ementa": "\"DISP\u00d5E SOBRE AUTORIZA\u00c7\u00c3O AO PODER EXECUTIVO MUNICIPAL A EFETIVAR A DESAPROPRIA\u00c7\u00c3O AMIG\u00c1VEL OU JUDICIAL DA \u00c1REA QUE MENCIONA, E D\u00c1 OUTRAS PROVID\u00caNCIAS \"."}, {"id": "18", "ano": "2018", "numero": "26", "tipo__sigla": "PLO", "tipo__descricao": "Projeto de Lei Ordin\u00e1ria", "autoria": "Renato Theodoro da Silva", "texto_original": "http://sapl.santanadavargem.mg.leg.br/media/", "ementa": "\"Cria a coordenadoria Municipal de Prote\u00e7\u00e3o e Defesa Civil (COMPDEC),do Munic\u00edpio  de Santana da Vargem e da outras provid\u00eancias.\""}, {"id": "17", "ano": "2018", "numero": "27", "tipo__sigla": "PLO", "tipo__descricao": "Projeto de Lei Ordin\u00e1ria", "autoria": "Renato Theodoro da Silva", "texto_original": "http://sapl.santanadavargem.mg.leg.br/media/", "ementa": "\"Acrescenta a al\u00ednea \"g\"no inciso II,do artigo 2\u00b0 da lei Municipal n\u00b0630-B,de setembro de 1997 e d\u00e1 outras provid\u00eancias \"."}, {"id": "666", "ano": "2018", "numero": "28", "tipo__sigla": "PLO", "tipo__descricao": "Projeto de Lei Ordin\u00e1ria", "autoria": "Renato Theodoro da Silva", "texto_original": "http://sapl.santanadavargem.mg.leg.br/media/", "ementa": "\"Disp\u00f5e sobre a cria\u00e7\u00e3o do Conselho Municipal de Esportes\"."}, {"id": "667", "ano": "2018", "numero": "29", "tipo__sigla": "PLO", "tipo__descricao": "Projeto de Lei Ordin\u00e1ria", "autoria": "Renato Theodoro da Silva", "texto_original": "http://sapl.santanadavargem.mg.leg.br/media/", "ementa": "\"Estima a receita e fixa a despesa do Munic\u00edpio de Santana da Vargem-MG para o exerc\u00edcio financeiro de 2019\"."}, {"id": "26", "ano": "2018", "numero": "30", "tipo__sigla": "PLO", "tipo__descricao": "Projeto de Lei Ordin\u00e1ria", "autoria": "Renato Theodoro da Silva", "texto_original": "http://sapl.santanadavargem.mg.leg.br/media/", "ementa": "\"ALTERA E ACRESCENTA DISPOSITIVO \u00c0 LEI MUNICIPAL N\u00b01.466 DE 27 DE SETEMBRO DE 2018 DISP\u00d5E SOBRE AUTORIZA\u00c7\u00c3O AO PODER EXECUTIVO MUNICIPAL A EFETIVAR A DESAPROPRIA\u00c7\u00c3O AMIG\u00c1VEL OU JUDICIAL DA \u00c1REA QUE MENCIONA E DA OUTRAS PROVID\u00caNCIAS.\""}, {"id": "15", "ano": "2018", "numero": "32", "tipo__sigla": "PLO", "tipo__descricao": "Projeto de Lei Ordin\u00e1ria", "autoria": "Renato Theodoro da Silva", "texto_original": "http://sapl.santanadavargem.mg.leg.br/media/", "ementa": "Projeto de Lei n\u00b0 032/2018 (Autoria do Executivo) \"Disp\u00f5e sobre altera\u00e7\u00e3o da reda\u00e7\u00e3o do art. 1\u00b0 da Lei Municipal n\u00b0 1.118 de Fevereiro de 2009 e d\u00e1 outras provid\u00eancias\"."}, {"id": "3", "ano": "2018", "numero": "33", "tipo__sigla": "PLO", "tipo__descricao": "Projeto de Lei Ordin\u00e1ria", "autoria": "Renato Theodoro da Silva", "texto_original": "http://sapl.santanadavargem.mg.leg.br/media/sapl/public/materialegislativa/2018/3/01_033-2018.pdf", "ementa": "\"Institui o regime de di\u00e1rias para agentes pol\u00edticos, no \u00e2mbito do poder executivo, e d\u00e1 outras provid\u00eancias\""}, {"id": "6", "ano": "2018", "numero": "34", "tipo__sigla": "PLO", "tipo__descricao": "Projeto de Lei Ordin\u00e1ria", "autoria": "Renato Theodoro da Silva", "texto_original": "http://sapl.santanadavargem.mg.leg.br/media/", "ementa": "Disp\u00f5e sobre a altera\u00e7\u00e3o al\u00ednea \"a\" do artigo 3\u00b0 da Lei Municipal n\u00ba 1.282 de 28 de dezembro de 2011 que \"Autoriza o Executivo Municipal a adquirir e doar im\u00f3vel do patrim\u00f4nio publico municipal e d\u00e1 outras providencias"}, {"id": "7", "ano": "2018", "numero": "35", "tipo__sigla": "PLO", "tipo__descricao": "Projeto de Lei Ordin\u00e1ria", "autoria": "Renato Theodoro da Silva", "texto_original": "http://sapl.santanadavargem.mg.leg.br/media/", "ementa": "Proj. de Lei n\u00ba 35/2018 \"Institui o regime de di\u00e1rias para agentes pol\u00edticos , no \u00e2mbito do poder executivo e d\u00e1 outras providencias\""}, {"id": "55", "ano": "2018", "numero": "39", "tipo__sigla": "PLO", "tipo__descricao": "Projeto de Lei Ordin\u00e1ria", "autoria": "Renato Theodoro da Silva", "texto_original": "http://sapl.santanadavargem.mg.leg.br/media/sapl/public/materialegislativa/2018/55/sem_titulo_1.pdf", "ementa": "Disp\u00f5e sobre a concess\u00e3o e presta\u00e7\u00e3o de contas de adiantamentos para a realiza\u00e7\u00e3o de despesas urgentes e de pequeno vulto no \u00e2mbito do Munic\u00edpio de \r\nSantana da Vargem"}, {"id": "42", "ano": "2018", "numero": "43", "tipo__sigla": "PLO", "tipo__descricao": "Projeto de Lei Ordin\u00e1ria", "autoria": "Renato Theodoro da Silva", "texto_original": "http://sapl.santanadavargem.mg.leg.br/media/", "ementa": "\u201cCria Projeto/Atividade no PPA e autoriza abertura de cr\u00e9dito especial que especifica e d\u00e1 outras provid\u00eancias\u201d"}, {"id": "369", "ano": "2018", "numero": "4", "tipo__sigla": "PLOLe", "tipo__descricao": "Projeto de Lei Ordin\u00e1ria do Legislativo", "autoria": "Jo\u00e3o Martins, Carlos Cezar", "texto_original": "http://sapl.santanadavargem.mg.leg.br/media/sapl/public/materialegislativa/2018/369/lei-1482-2019-estabelece-a-instalacao-de-grades-em-agencias-bancarias-e-similares.pdf", "ementa": "\u201cEstabelece a instala\u00e7\u00e3o de grades em ag\u00eancias banc\u00e1rias e similares\u201d."}, {"id": "27", "ano": "2018", "numero": "2", "tipo__sigla": "PR", "tipo__descricao": "Projeto de Resolu\u00e7\u00e3o", "autoria": "Expedito, Carlos Cezar, Silmara Girlaine", "texto_original": "http://sapl.santanadavargem.mg.leg.br/media/", "ementa": "\"ESTABELECE OS REQUISITOS PARA CONCESS\u00c3O DE ESTABILIDADE DO SERVIDOR EFETIVO DO PODER LEGISLATIVO MUNICIPAL.\""}, {"id": "9", "ano": "2018", "numero": "1", "tipo__sigla": "REQ", "tipo__descricao": "Requerimento", "autoria": "Silmara Girlaine, Expedito, Marcos Roberto", "texto_original": "http://sapl.santanadavargem.mg.leg.br/media/sapl/public/materialegislativa/2018/9/requerimento_cpi.pdf", "ementa": "REQUERIMENTO PARA ABERTURA DE CPI - SILMARA GIRLAINE, EXPEDITO ALVES E MARCOS ROBERTO"}]}