{"headers": {"id": "ID", "ano": "Ano", "numero": "N\u00famero", "tipo__sigla": "Tipo de Mat\u00e9ria Legislativa/Sigla", "tipo__descricao": "Tipo de Mat\u00e9ria Legislativa/Descri\u00e7\u00e3o", "autoria": "Autorias", "texto_original": "Texto Original", "ementa": "Ementa"}, "results": [{"id": "289", "ano": "2019", "numero": "2", "tipo__sigla": "PLCLe", "tipo__descricao": "Projeto de Lei Complementar do Legislativo", "autoria": "Expedito, Luiz Felipe, Silmara Girlaine", "texto_original": "http://sapl.santanadavargem.mg.leg.br/media/sapl/public/materialegislativa/2019/289/002-2019.pdf", "ementa": "Disp\u00f5e sobre a concess\u00e3o de auxilio-alimenta\u00e7\u00e3o aos servidores do Poder Legislativo do Munic\u00edpio de Santana da Vargem"}, {"id": "292", "ano": "2019", "numero": "1", "tipo__sigla": "PR", "tipo__descricao": "Projeto de Resolu\u00e7\u00e3o", "autoria": "Jo\u00e3o Martins, Carlos Cezar, Rodrigo Scalioni", "texto_original": "http://sapl.santanadavargem.mg.leg.br/media/sapl/public/materialegislativa/2019/292/resolucao_modifica_regimento_-_joao.pdf", "ementa": "Disp\u00f5e sobre a altera\u00e7\u00e3o do inciso II do art. 33 do Regimento Interno da C\u00e2mara Municipal de Santana da Vargem-MG."}, {"id": "276", "ano": "2019", "numero": "2", "tipo__sigla": "PR", "tipo__descricao": "Projeto de Resolu\u00e7\u00e3o", "autoria": "Jos\u00e9 Elias Figueiredo", "texto_original": "http://sapl.santanadavargem.mg.leg.br/media/sapl/public/materialegislativa/2019/276/lei_ao_regimento_interno.pdf", "ementa": "Altera o caput do art. 33 do regimento interno da C\u00e2mara de Santana da Vargem"}]}