{"headers": {"id": "ID", "ano": "Ano", "numero": "N\u00famero", "tipo__sigla": "Tipo de Mat\u00e9ria Legislativa/Sigla", "tipo__descricao": "Tipo de Mat\u00e9ria Legislativa/Descri\u00e7\u00e3o", "autoria": "Autorias", "texto_original": "Texto Original", "ementa": "Ementa"}, "results": [{"id": "407", "ano": "2020", "numero": "1", "tipo__sigla": "EM", "tipo__descricao": "Emenda e subemenda", "autoria": "CLJRF - Comiss\u00e3o de Legisla\u00e7\u00e3o, Justi\u00e7a e Reda\u00e7\u00e3o Final", "texto_original": "http://sapl.santanadavargem.mg.leg.br/media/sapl/public/materialegislativa/2020/407/emenda_modif_plc04-2020.pdf", "ementa": "Disp\u00f5e sobre a altera\u00e7\u00e3o do \u00a72\u00ba, do artigo 67; do artigo 74; do caput do artigo 156, todos da Lei Municipal n\u00ba 249 de 13 de setembro de 1985 que \"INSTITUI O C\u00d3DIGO DE POSTURAS DO MUNIC\u00cdPIO DE SANTANA DA VARGEM E D\u00c1 OUTRAS PROVIDENCIAS\""}, {"id": "408", "ano": "2020", "numero": "2", "tipo__sigla": "EM", "tipo__descricao": "Emenda e subemenda", "autoria": "CLJRF - Comiss\u00e3o de Legisla\u00e7\u00e3o, Justi\u00e7a e Reda\u00e7\u00e3o Final", "texto_original": "http://sapl.santanadavargem.mg.leg.br/media/sapl/public/materialegislativa/2020/408/emenda_supressiva_01-2020_plc_04.pdf", "ementa": "Disp\u00f5e sobre a altera\u00e7\u00e3o do \u00a72\u00ba, do artigo 67; do artigo 74; do caput do artigo 156, todos da Lei Municipal n\u00ba 249 de 13 de setembro de 1985 que \"INSTITUI O C\u00d3DIGO DE POSTURAS DO MUNIC\u00cdPIO DE SANTANA DA VARGEM E D\u00c1 OUTRAS PROVIDENCIAS\""}, {"id": "442", "ano": "2020", "numero": "3", "tipo__sigla": "EM", "tipo__descricao": "Emenda e subemenda", "autoria": "Carlos Cezar", "texto_original": "http://sapl.santanadavargem.mg.leg.br/media/sapl/public/materialegislativa/2020/442/emenda_modificativa_08-2020.pdf", "ementa": "Emenda modificativa ao projeto de lei ordin\u00e1ria 008/2020."}, {"id": "444", "ano": "2020", "numero": "4", "tipo__sigla": "EM", "tipo__descricao": "Emenda e subemenda", "autoria": "Jos\u00e9 Elias Figueiredo", "texto_original": "http://sapl.santanadavargem.mg.leg.br/media/sapl/public/materialegislativa/2020/444/emenda_modificativa_08-2020.pdf", "ementa": "\u201cCria Projetos/Atividades no PPA, autoriza abertura de cr\u00e9ditos especiais no or\u00e7amento 2020, com a finalidade de execu\u00e7\u00e3o de recursos oriundos de emendas parlamentares e d\u00e1 outras providencias.\u201d"}, {"id": "460", "ano": "2020", "numero": "5", "tipo__sigla": "EM", "tipo__descricao": "Emenda e subemenda", "autoria": "Jos\u00e9 Elias", "texto_original": "http://sapl.santanadavargem.mg.leg.br/media/sapl/public/materialegislativa/2020/460/emenda_modificativa_-_projeto_de_lei_11_-_2020_-_multa_covid.pdf", "ementa": "EMENDA MODIFICATIVA N\u00ba 01.-AO PROJETO DE LEI ORDIN\u00c1RIA  N\u00ba: 11/2020."}, {"id": "462", "ano": "2020", "numero": "6", "tipo__sigla": "EM", "tipo__descricao": "Emenda e subemenda", "autoria": "Jos\u00e9 Elias", "texto_original": "http://sapl.santanadavargem.mg.leg.br/media/sapl/public/materialegislativa/2020/462/emenda_modificativa_-_projeto_de_lei_11_-_2020_-_multa_covid2.pdf", "ementa": "Emenda modificariva 02 ao projeto de lei 011/2020"}, {"id": "475", "ano": "2020", "numero": "7", "tipo__sigla": "EM", "tipo__descricao": "Emenda e subemenda", "autoria": "Jos\u00e9 Elias Figueiredo", "texto_original": "http://sapl.santanadavargem.mg.leg.br/media/sapl/public/materialegislativa/2020/475/emenda_modificativa_-_projeto_de_lei_07_-_2020_-_cria_10_vagas_de_agente_de_saude.pdf", "ementa": "Emenda modificativa ao projeto de lei 07/2020."}, {"id": "529", "ano": "2020", "numero": "8", "tipo__sigla": "EM", "tipo__descricao": "Emenda e subemenda", "autoria": "Jo\u00e3o Martins", "texto_original": "http://sapl.santanadavargem.mg.leg.br/media/sapl/public/materialegislativa/2020/529/emenda_modificativa_24-08-2020.pdf", "ementa": "Altera o art. 15 e 16 da Lei N\u00ba 249 de 13 de setembro de 1985"}, {"id": "533", "ano": "2020", "numero": "9", "tipo__sigla": "EM", "tipo__descricao": "Emenda e subemenda", "autoria": "Luiz Felipe", "texto_original": "http://sapl.santanadavargem.mg.leg.br/media/", "ementa": "Altera o art. 15 e 16 da Lei N\u00ba 249 de 13 de setembro de 1985"}, {"id": "585", "ano": "2020", "numero": "10", "tipo__sigla": "EM", "tipo__descricao": "Emenda e subemenda", "autoria": "Rodrigo Scalioni", "texto_original": "http://sapl.santanadavargem.mg.leg.br/media/sapl/public/materialegislativa/2020/585/emenda_loa_2021.pdf", "ementa": "Emenda Modificativa: Estima Receita e fixa despesas do munic\u00edpio de Santana da Vargem -MG para o exerc\u00edcio de 2020"}, {"id": "601", "ano": "2020", "numero": "11", "tipo__sigla": "EM", "tipo__descricao": "Emenda e subemenda", "autoria": "Jos\u00e9 Elias Figueiredo", "texto_original": "http://sapl.santanadavargem.mg.leg.br/media/sapl/public/materialegislativa/2020/601/emenda_aditiva_no_02_plc_leg_17-2020.pdf", "ementa": "EMENDA MODIFICATIVA N\u00ba 02 PROJETO DE LEI ORDIN\u00c1RIA N\u00ba 017/2020  ASSUNTO: \u201cEstima receita e fixa despesas do munic\u00edpio de Santana da Vargem -MG para o Exerc\u00edcio Financeiro de 2021\u201d."}, {"id": "385", "ano": "2020", "numero": "1", "tipo__sigla": "IND", "tipo__descricao": "Indica\u00e7\u00e3o", "autoria": "Rodrigo Scalioni", "texto_original": "http://sapl.santanadavargem.mg.leg.br/media/sapl/public/materialegislativa/2020/385/indicacao_n_001-2020.pdf", "ementa": "Providenciar a poda das \u00e1rvores localizadas na Rua Geraldo Machadinho, no bairro Padre Vitor, neste munic\u00edpio."}, {"id": "386", "ano": "2020", "numero": "2", "tipo__sigla": "IND", "tipo__descricao": "Indica\u00e7\u00e3o", "autoria": "Rodrigo Scalioni", "texto_original": "http://sapl.santanadavargem.mg.leg.br/media/sapl/public/materialegislativa/2020/386/indicacao_n_002-2020.pdf", "ementa": "Providenciar a constru\u00e7\u00e3o de meio fio no in\u00edcio da Rua Vicente Teodoro da Silva, no bairro Padre Vitor, neste munic\u00edpio."}, {"id": "387", "ano": "2020", "numero": "3", "tipo__sigla": "IND", "tipo__descricao": "Indica\u00e7\u00e3o", "autoria": "Luiz Felipe", "texto_original": "http://sapl.santanadavargem.mg.leg.br/media/sapl/public/materialegislativa/2020/387/indicacao_1-2020felipao.pdf", "ementa": "Indico ao Exm\u00b0 Sr. Renato Teodoro da Silva, prefeito municipal, a manuten\u00e7\u00e3o nas estradas rurais localizadas no S\u00edtio C\u00f3rrego Moinho, neste munic\u00edpio."}, {"id": "394", "ano": "2020", "numero": "4", "tipo__sigla": "IND", "tipo__descricao": "Indica\u00e7\u00e3o", "autoria": "Luiz Felipe", "texto_original": "http://sapl.santanadavargem.mg.leg.br/media/sapl/public/materialegislativa/2020/394/02-2020_indicacao.pdf", "ementa": "Indico ao Exm\u00b0 Sr. Renato Teodoro da Silva, prefeito municipal, a necessidade de providenciar a troca da l\u00e2mpada do poste localizado no trevo com sa\u00edda para o munic\u00edpio de Tr\u00eas Pontas."}, {"id": "404", "ano": "2020", "numero": "5", "tipo__sigla": "IND", "tipo__descricao": "Indica\u00e7\u00e3o", "autoria": "Luiz Felipe", "texto_original": "http://sapl.santanadavargem.mg.leg.br/media/sapl/public/materialegislativa/2020/404/indicacao_felipao03.pdf", "ementa": "INDICA\u00c7\u00c3O N\u00b0 03/2020\r\nLimpeza dos terrenos que foram doados aos mun\u00edcipes,  atrav\u00e9s da Lei n\u00ba 1504/2019 que \u201cDISP\u00d5E SOBRE A CRIA\u00c7\u00c3O DO PROGRAMA HABITACIONAL REALIZANDO SONHOS, AUTORIZA A DOA\u00c7\u00c3O DE TERRENOS DO MUNIC\u00cdPIO DE SANTANA DA VARGEM PARA FINS DE MORADIA, DEFINE OS CRIT\u00c9RIOS PERTINENTES E D\u00c1 OUTRAS PROVIDENCIAS.\u201d"}, {"id": "410", "ano": "2020", "numero": "6", "tipo__sigla": "IND", "tipo__descricao": "Indica\u00e7\u00e3o", "autoria": "Rodrigo Scalioni", "texto_original": "http://sapl.santanadavargem.mg.leg.br/media/sapl/public/materialegislativa/2020/410/indicacao_n_004-2020_2.pdf", "ementa": "Promove a presente INDICA\u00c7\u00c3O, a qual possui cunho legislativo e dever\u00e1 ser endere\u00e7ada ao conhecimento do Excelent\u00edssimo Senhor Prefeito Municipal, tendo por finalidade formalizar esta recomenda\u00e7\u00e3o para que sejam promovidas determina\u00e7\u00f5es ao setor competente para providenciar a instala\u00e7\u00e3o de grade no bueiro e/ou boca de lobo na Travessa Ant\u00f4nio Geraldo de Figueiredo, no centro, deste munic\u00edpio."}, {"id": "411", "ano": "2020", "numero": "7", "tipo__sigla": "IND", "tipo__descricao": "Indica\u00e7\u00e3o", "autoria": "Rodrigo Scalioni", "texto_original": "http://sapl.santanadavargem.mg.leg.br/media/sapl/public/materialegislativa/2020/411/indicacao_n_003-2020.pdf", "ementa": "Promove a presente INDICA\u00c7\u00c3O, a qual possui cunho legislativo e dever\u00e1 ser endere\u00e7ada ao conhecimento do Excelent\u00edssimo Senhor Prefeito Municipal, tendo por finalidade formalizar esta recomenda\u00e7\u00e3o para que sejam promovidas determina\u00e7\u00f5es ao setor competente para providenciar a Instala\u00e7\u00e3o de cabine fechada na retroescavadeira do munic\u00edpio."}, {"id": "424", "ano": "2020", "numero": "8", "tipo__sigla": "IND", "tipo__descricao": "Indica\u00e7\u00e3o", "autoria": "Rodrigo Scalioni", "texto_original": "http://sapl.santanadavargem.mg.leg.br/media/sapl/public/materialegislativa/2020/424/indicacao_n_006-2020.pdf", "ementa": "Indica que sejam promovidas determina\u00e7\u00f5es ao setor competente para providenciar, em car\u00e1ter de urg\u00eancia, a pulveriza\u00e7\u00e3o das ruas de nossa cidade (fumac\u00ea) contra os pernilongos e mosquitos da Dengue, com refor\u00e7o nas \u00e1reas de grande prolifera\u00e7\u00e3o, que s\u00e3o as margens dos c\u00f3rregos e ribeir\u00f5es, deste munic\u00edpio."}, {"id": "425", "ano": "2020", "numero": "9", "tipo__sigla": "IND", "tipo__descricao": "Indica\u00e7\u00e3o", "autoria": "Rodrigo Scalioni", "texto_original": "http://sapl.santanadavargem.mg.leg.br/media/sapl/public/materialegislativa/2020/425/indicacao_n_005-2020.pdf", "ementa": "Indica a execu\u00e7\u00e3o de opera\u00e7\u00e3o tapa-buracos da via p\u00fablica Jos\u00e9 Silv\u00e9rio de Mendon\u00e7a, no centro, deste munic\u00edpio."}, {"id": "451", "ano": "2020", "numero": "10", "tipo__sigla": "IND", "tipo__descricao": "Indica\u00e7\u00e3o", "autoria": "Rodrigo Scalioni", "texto_original": "http://sapl.santanadavargem.mg.leg.br/media/sapl/public/materialegislativa/2020/451/indicacao_n_010-2020.pdf", "ementa": "Indica\u00e7\u00e3o 10 - formalizar esta recomenda\u00e7\u00e3o para que sejam promovidas determina\u00e7\u00f5es ao setor competente para providenciar a divulga\u00e7\u00e3o, por meio de \u201cplaca informativa\u201d instalada na Avenida H\u00e9lio Terra em local vis\u00edvel, da natureza da melhoria, o prazo previsto para conclus\u00e3o, o nome do respons\u00e1vel t\u00e9cnico, a fonte e o valor dos recursos empregados."}, {"id": "452", "ano": "2020", "numero": "11", "tipo__sigla": "IND", "tipo__descricao": "Indica\u00e7\u00e3o", "autoria": "Rodrigo Scalioni", "texto_original": "http://sapl.santanadavargem.mg.leg.br/media/sapl/public/materialegislativa/2020/452/indicacao_n_009-2020_1.pdf", "ementa": "Indica\u00e7\u00e3o 09 - que seja estudada a possibilidade de designar mais dois servidores garis para fazer a varri\u00e7\u00e3o nas ruas mais afastadas do Centro como a Rua Estev\u00e3o de Abreu Salgado, Egidio Pedro da Silva e final da Trajano Caetano de Faria no bairro Padre Vitor e final da Rua Antonio Carlos da Silva, neste Munic\u00edpio"}, {"id": "453", "ano": "2020", "numero": "12", "tipo__sigla": "IND", "tipo__descricao": "Indica\u00e7\u00e3o", "autoria": "Rodrigo Scalioni", "texto_original": "http://sapl.santanadavargem.mg.leg.br/media/sapl/public/materialegislativa/2020/453/indicacao_n_008-2020.pdf", "ementa": "Indica\u00e7\u00e3o 08 - que sejam promovidas determina\u00e7\u00f5es ao setor competente para providenciar a manuten\u00e7\u00e3o e substitui\u00e7\u00e3o da placa de orienta\u00e7\u00e3o de utiliza\u00e7\u00e3o dos aparelhos de exerc\u00edcios f\u00edsicos  da \u201cAcademia ao ar Livre\u201d da Pra\u00e7a Theomara Maise Corr\u00eaa, no centro, deste munic\u00edpio"}, {"id": "454", "ano": "2020", "numero": "13", "tipo__sigla": "IND", "tipo__descricao": "Indica\u00e7\u00e3o", "autoria": "Rodrigo Scalioni", "texto_original": "http://sapl.santanadavargem.mg.leg.br/media/sapl/public/materialegislativa/2020/454/indicacao_n_007-2020.pdf", "ementa": "Indica\u00e7\u00e3o 07 - que sejam promovidas determina\u00e7\u00f5es ao setor competente para providenciar a disponibiliza\u00e7\u00e3o de \u201cplantas populares de im\u00f3veis\u201d a pessoas que comprovadamente possu\u00edrem baixa renda, neste munic\u00edpio"}, {"id": "474", "ano": "2020", "numero": "14", "tipo__sigla": "IND", "tipo__descricao": "Indica\u00e7\u00e3o", "autoria": "Rodrigo Scalioni", "texto_original": "http://sapl.santanadavargem.mg.leg.br/media/", "ementa": "Tem por finalidade formalizar esta recomenda\u00e7\u00e3o para que sejam promovidas determina\u00e7\u00f5es ao setor competente para providenciar a compra de kits para testa r\u00e1pidos do novo Coronav\u00edrus (Covid-19) para realizar a triagem preliminar em menos tempo e custo."}, {"id": "484", "ano": "2020", "numero": "15", "tipo__sigla": "IND", "tipo__descricao": "Indica\u00e7\u00e3o", "autoria": "Rodrigo Scalioni", "texto_original": "http://sapl.santanadavargem.mg.leg.br/media/sapl/public/materialegislativa/2020/484/indicacao_n_012-2020.pdf", "ementa": "Providenciar a implementa\u00e7\u00e3o de adicional de insalubridade emergencial no GRAU M\u00c1XIMO (40%) \u00e0 categoria dos agentes comunit\u00e1rios de sa\u00fade e enfermeiros, durante o per\u00edodo de Situa\u00e7\u00e3o Emergencial em Sa\u00fade P\u00fablica provocada pela COVID-19"}, {"id": "485", "ano": "2020", "numero": "16", "tipo__sigla": "IND", "tipo__descricao": "Indica\u00e7\u00e3o", "autoria": "Rodrigo Scalioni", "texto_original": "http://sapl.santanadavargem.mg.leg.br/media/sapl/public/materialegislativa/2020/485/indicacao_n_013-2020_2.pdf", "ementa": "Providenciar a abertura de uma conta banc\u00e1ria espec\u00edfica , para o repasse do Governo Federal com base na Lei Complementar n\u00ba173/2020, principalmente aqueles destinados as \u00e1reas de Assist\u00eancia Social e Sa\u00fade"}, {"id": "486", "ano": "2020", "numero": "17", "tipo__sigla": "IND", "tipo__descricao": "Indica\u00e7\u00e3o", "autoria": "Rodrigo Scalioni", "texto_original": "http://sapl.santanadavargem.mg.leg.br/media/sapl/public/materialegislativa/2020/486/indicacao_n_014-2020.pdf", "ementa": "Indica\u00e7\u00e3o 14/2020: Providenciar a limpeza e capina na Marginal Ribeir\u00e3o Santana , no centro, deste munic\u00edpio"}, {"id": "487", "ano": "2020", "numero": "18", "tipo__sigla": "IND", "tipo__descricao": "Indica\u00e7\u00e3o", "autoria": "Rodrigo Scalioni", "texto_original": "http://sapl.santanadavargem.mg.leg.br/media/sapl/public/materialegislativa/2020/487/indicacao_n_015-2020.pdf", "ementa": "Indica\u00e7\u00e3o 15/2020: providenciar a retirada de um maquin\u00e1rio da prefeitura que se encontra abandonado na Rua Juca Francisco, no bairro S\u00e3o Domingos, deste munic\u00edpio."}, {"id": "492", "ano": "2020", "numero": "19", "tipo__sigla": "IND", "tipo__descricao": "Indica\u00e7\u00e3o", "autoria": "Rodrigo Scalioni", "texto_original": "http://sapl.santanadavargem.mg.leg.br/media/sapl/public/materialegislativa/2020/492/indicacao_n_016-2020.pdf", "ementa": "Providenciar TOTENS de \u00e1lcool em gel (dispenser de \u00e1lcool em gel no modelo pedal) para a Unidade de Pronto Atendimento, Programa Sa\u00fade da Fam\u00edlia (PSF) e Centro Odontol\u00f3gico, para facilitar o acesso da popula\u00e7\u00e3o \u00e0s medidas corretas de higiene das m\u00e3os."}, {"id": "495", "ano": "2020", "numero": "20", "tipo__sigla": "IND", "tipo__descricao": "Indica\u00e7\u00e3o", "autoria": "Silmara Girlaine", "texto_original": "http://sapl.santanadavargem.mg.leg.br/media/sapl/public/materialegislativa/2020/495/indicacao_01-2020_silmara.pdf", "ementa": "Implanta\u00e7\u00e3o de um bra\u00e7o de luz no poste da Rua  Eg\u00eddio  Pedro da Silva, pr\u00f3ximo ao n\u00famero 90."}, {"id": "496", "ano": "2020", "numero": "21", "tipo__sigla": "IND", "tipo__descricao": "Indica\u00e7\u00e3o", "autoria": "Silmara Girlaine", "texto_original": "http://sapl.santanadavargem.mg.leg.br/media/sapl/public/materialegislativa/2020/496/indicacao_02-2020_silmara.pdf", "ementa": "\u201cColoca\u00e7\u00e3o de um poste com bra\u00e7o de luz na Avenida Nelson Pereira Vilela\u201d"}, {"id": "497", "ano": "2020", "numero": "22", "tipo__sigla": "IND", "tipo__descricao": "Indica\u00e7\u00e3o", "autoria": "Silmara Girlaine", "texto_original": "http://sapl.santanadavargem.mg.leg.br/media/sapl/public/materialegislativa/2020/497/indicacao_03-2020_silmara.pdf", "ementa": "\u201cLombada ou redutor de velocidade, na Rua  Jo\u00e3o  Rossi de Figueiredo \u201d"}, {"id": "500", "ano": "2020", "numero": "23", "tipo__sigla": "IND", "tipo__descricao": "Indica\u00e7\u00e3o", "autoria": "Rodrigo Scalioni", "texto_original": "http://sapl.santanadavargem.mg.leg.br/media/sapl/public/materialegislativa/2020/500/indicacao_n_017-2020_1.pdf", "ementa": "Providenciar a coloca\u00e7\u00e3o de FAIXAS nas entradas do munic\u00edpio, proibindo os vendedores ambulantes de outras regi\u00f5es, no per\u00edodo da pandemia de ficar vendendo produtos de porta em porta, assegurando a preven\u00e7\u00e3o e o controle da pandemia em nosso munic\u00edpio."}, {"id": "502", "ano": "2020", "numero": "24", "tipo__sigla": "IND", "tipo__descricao": "Indica\u00e7\u00e3o", "autoria": "Rodrigo Scalioni", "texto_original": "http://sapl.santanadavargem.mg.leg.br/media/sapl/public/materialegislativa/2020/502/indicacao_18-2020.pdf", "ementa": "Providenciar melhoria das estradas rurais em seus pontos cr\u00edticos (Cajuru dos Britos, Pe\u00e3o e Morro Cavado) com o reaproveitamento do asfalto que esta sendo extra\u00eddo da BR 265, neste munic\u00edpio."}, {"id": "517", "ano": "2020", "numero": "25", "tipo__sigla": "IND", "tipo__descricao": "Indica\u00e7\u00e3o", "autoria": "Rodrigo Scalioni", "texto_original": "http://sapl.santanadavargem.mg.leg.br/media/sapl/public/materialegislativa/2020/517/indicacao_n_018-2020.pdf", "ementa": "Indica a coloca\u00e7\u00e3o de placa indicativa com o nome da \u201cPra\u00e7a Nossa Senhora Aparecida\u201d , localizada ao lado da Rua Jos\u00e9 Barbara, neste munic\u00edpio."}, {"id": "518", "ano": "2020", "numero": "26", "tipo__sigla": "IND", "tipo__descricao": "Indica\u00e7\u00e3o", "autoria": "Rodrigo Scalioni", "texto_original": "http://sapl.santanadavargem.mg.leg.br/media/sapl/public/materialegislativa/2020/518/indicacao_n_019-2020.pdf", "ementa": "Indica a coloca\u00e7\u00e3o de bancos e o plantio de \u00e1rvores na \u201cPra\u00e7a Nossa Senhora Aparecida\u201d , localizada ao lado da Rua Jos\u00e9 Barbara, neste munic\u00edpio."}, {"id": "519", "ano": "2020", "numero": "27", "tipo__sigla": "IND", "tipo__descricao": "Indica\u00e7\u00e3o", "autoria": "Luiz Felipe", "texto_original": "http://sapl.santanadavargem.mg.leg.br/media/sapl/public/materialegislativa/2020/519/indicacao_004-2020_felipao-.pdf", "ementa": "Indica ao Exm\u00b0 Sr. Renato Teodoro da Silva, prefeito municipal, a necessidade de realiza\u00e7\u00e3o de limpeza em todos os bueiros da Avenida Tr\u00eas Pontas. Tamb\u00e9m solicito que orientem os servidores que realizam a varri\u00e7\u00e3o do local a n\u00e3o jogarem a sujeira dentro dos bueiros."}, {"id": "520", "ano": "2020", "numero": "28", "tipo__sigla": "IND", "tipo__descricao": "Indica\u00e7\u00e3o", "autoria": "Luiz Felipe", "texto_original": "http://sapl.santanadavargem.mg.leg.br/media/sapl/public/materialegislativa/2020/520/indicacao_005-2020_felipao.pdf", "ementa": "Indica ao Exm\u00b0 Sr. Renato Teodoro da Silva, prefeito municipal, a necessidade de voltar a montar as barracas de feiras para auxiliar os feirantes vargenses."}, {"id": "526", "ano": "2020", "numero": "29", "tipo__sigla": "IND", "tipo__descricao": "Indica\u00e7\u00e3o", "autoria": "Rodrigo Scalioni", "texto_original": "http://sapl.santanadavargem.mg.leg.br/media/sapl/public/materialegislativa/2020/526/indicacao_n_21_-_2020.pdf", "ementa": "Indica\u00e7\u00e3o 21/2020: indica que o Executivo regulamente a comercializa\u00e7\u00e3o de alimentos na modalidade \u201cFood Truck\u201d, uma vez que a Lei Org\u00e2nica do Munic\u00edpio determina que \u00e9 de iniciativa privativa do Prefeito a elabora\u00e7\u00e3o de leis que tratem da organiza\u00e7\u00e3o administrativa, mat\u00e9ria or\u00e7ament\u00e1ria e pessoal da administra\u00e7\u00e3o"}, {"id": "532", "ano": "2020", "numero": "30", "tipo__sigla": "IND", "tipo__descricao": "Indica\u00e7\u00e3o", "autoria": "Silmara Girlaine", "texto_original": "http://sapl.santanadavargem.mg.leg.br/media/sapl/public/materialegislativa/2020/532/indicacao_04-2020_silmara.pdf", "ementa": "Melhorias na sinaliza\u00e7\u00e3o de solo (Pare, faixa de pedestre e faixa de seguran\u00e7a)  do cruzamento da Rua Domingos vieira de Lima com a Pra\u00e7a Prefeito Hernani Pereira Scatolino"}, {"id": "593", "ano": "2020", "numero": "31", "tipo__sigla": "IND", "tipo__descricao": "Indica\u00e7\u00e3o", "autoria": "Rodrigo Scalioni", "texto_original": "http://sapl.santanadavargem.mg.leg.br/media/sapl/public/materialegislativa/2020/593/indicacao_n_022-2020.pdf", "ementa": "Indica\u00e7\u00e3o n\u00ba 22/2020: Indica ao setor competente para providenciar um Projeto de Lei que \u201cAutoriza o Poder Executivo \u00e0 instituir Campanha de Controle Populacional de C\u00e3es e Gatos no Munic\u00edpio de Santana da Vargem/MG, e d\u00e1 outras provid\u00eancias\u201d."}, {"id": "603", "ano": "2020", "numero": "32", "tipo__sigla": "IND", "tipo__descricao": "Indica\u00e7\u00e3o", "autoria": "Luiz Felipe", "texto_original": "http://sapl.santanadavargem.mg.leg.br/media/sapl/public/materialegislativa/2020/603/06-2020_indicacao-.pdf", "ementa": "Indica ao Exm\u00b0 Sr. Renato Teodoro da Silva, prefeito municipal, a necessidade de coloca\u00e7\u00e3o de quebra-molas na marginal Ribeir\u00e3o Santana."}, {"id": "604", "ano": "2020", "numero": "33", "tipo__sigla": "IND", "tipo__descricao": "Indica\u00e7\u00e3o", "autoria": "Luiz Felipe", "texto_original": "http://sapl.santanadavargem.mg.leg.br/media/sapl/public/materialegislativa/2020/604/07-2020_indicacao.pdf", "ementa": "Indica a necessidade de evitar a coloca\u00e7\u00e3o de lixo na esquina da Rua Jos\u00e9 Silv\u00e9rio de Mendon\u00e7a com a Domingos Vieira de Lima."}, {"id": "611", "ano": "2020", "numero": "34", "tipo__sigla": "IND", "tipo__descricao": "Indica\u00e7\u00e3o", "autoria": "Luiz Felipe", "texto_original": "http://sapl.santanadavargem.mg.leg.br/media/sapl/public/materialegislativa/2020/611/indicacao_8-2020_felipao.pdf", "ementa": "Indica ao Exm\u00b0 Sr. Renato Teodoro da Silva, prefeito municipal, a necessidade de colocar uma tenda ou algum tipo de guarda sol nos parquinhos municipais."}, {"id": "613", "ano": "2020", "numero": "35", "tipo__sigla": "IND", "tipo__descricao": "Indica\u00e7\u00e3o", "autoria": "Luiz Felipe", "texto_original": "http://sapl.santanadavargem.mg.leg.br/media/sapl/public/materialegislativa/2020/613/indicacao_009-2020_felipao.pdf", "ementa": "Indica ao Exm\u00b0 Sr. Renato Teodoro da Silva, prefeito municipal, a necessidade de coloca\u00e7\u00e3o de quebra-molas na Rua Alfredo Pereira Gomes nas imedia\u00e7\u00f5es em frente \u00e0 pracinha, perto do parquinho."}, {"id": "618", "ano": "2020", "numero": "36", "tipo__sigla": "IND", "tipo__descricao": "Indica\u00e7\u00e3o", "autoria": "Rodrigo Scalioni", "texto_original": "http://sapl.santanadavargem.mg.leg.br/media/sapl/public/materialegislativa/2020/618/indicacao_n_023-2020_1.pdf", "ementa": "Indica\u00e7\u00f5es 23-2020 troca dos computadores do laborat\u00f3rio de Inform\u00e1tica da Escola Municipal Doralice Mendon\u00e7a Reis, deste munic\u00edpio."}, {"id": "624", "ano": "2020", "numero": "37", "tipo__sigla": "IND", "tipo__descricao": "Indica\u00e7\u00e3o", "autoria": "Rodrigo Scalioni", "texto_original": "http://sapl.santanadavargem.mg.leg.br/media/sapl/public/materialegislativa/2020/624/indicacao_n020-2020.pdf", "ementa": "Indica\u00e7\u00e3o para a instala\u00e7\u00e3o de Parque Infantil na Pra\u00e7a Pedro Eg\u00eddio Filho ,no centro do munic\u00edpio."}, {"id": "628", "ano": "2020", "numero": "38", "tipo__sigla": "IND", "tipo__descricao": "Indica\u00e7\u00e3o", "autoria": "Rodrigo Scalioni", "texto_original": "http://sapl.santanadavargem.mg.leg.br/media/sapl/public/materialegislativa/2020/628/indicacao_n_025-2020.pdf", "ementa": "Indica  a instala\u00e7\u00e3o de grades no entorno do Parque Infantil, localizado enfrente  ao PET, no bairro S\u00e3o Lu\u00eds, neste municipio."}, {"id": "631", "ano": "2020", "numero": "39", "tipo__sigla": "IND", "tipo__descricao": "Indica\u00e7\u00e3o", "autoria": "Luiz Felipe", "texto_original": "http://sapl.santanadavargem.mg.leg.br/media/sapl/public/materialegislativa/2020/631/indicacao_10-2020_felipao.pdf", "ementa": "Indica ao Exm\u00b0 Sr. Renato Teodoro da Silva, prefeito municipal, a necessidade de providenciar uma limpeza na escola do Morro Cavado e consertar a bomba do posto no local, que est\u00e1 queimada."}, {"id": "633", "ano": "2020", "numero": "40", "tipo__sigla": "IND", "tipo__descricao": "Indica\u00e7\u00e3o", "autoria": "Luiz Felipe", "texto_original": "http://sapl.santanadavargem.mg.leg.br/media/sapl/public/materialegislativa/2020/633/indicacao_11-2020_felipao.pdf", "ementa": "Indico ao Exm\u00b0 Sr. Renato Teodoro da Silva, prefeito municipal, a necessidade de asfaltar a rua Dona Calira no bairro S\u00e3o Domingos."}, {"id": "635", "ano": "2020", "numero": "41", "tipo__sigla": "IND", "tipo__descricao": "Indica\u00e7\u00e3o", "autoria": "Luiz Felipe", "texto_original": "http://sapl.santanadavargem.mg.leg.br/media/sapl/public/materialegislativa/2020/635/indicacao_12-2020_felipao_pdf.pdf", "ementa": "Indico ao Exm\u00b0 Sr. Renato Teodoro da Silva, prefeito municipal, a necessidade de desobstruir o boeiro da rua Domingos Vieira de Lima nas imedia\u00e7\u00f5es da casa n\u00ba 882."}, {"id": "636", "ano": "2020", "numero": "42", "tipo__sigla": "IND", "tipo__descricao": "Indica\u00e7\u00e3o", "autoria": "Luiz Felipe", "texto_original": "http://sapl.santanadavargem.mg.leg.br/media/sapl/public/materialegislativa/2020/636/indicacao_13-2020_felipao.pdf", "ementa": "Indico ao Exm\u00b0 Sr. Renato Teodoro da Silva, prefeito municipal, a necessidade de consertar a ponte do morro cavado nas imedia\u00e7\u00f5es da casa do Mauri\u00e7\u00e3o."}, {"id": "639", "ano": "2020", "numero": "43", "tipo__sigla": "IND", "tipo__descricao": "Indica\u00e7\u00e3o", "autoria": "Luiz Felipe", "texto_original": "http://sapl.santanadavargem.mg.leg.br/media/sapl/public/materialegislativa/2020/639/indicacao_14-2020_felipao.pdf", "ementa": "Indico ao Exm\u00b0 Sr. Renato Teodoro da Silva, prefeito municipal, a necessidade de divulgar \u00e0 popula\u00e7\u00e3o por meio de cartazes ou outros meios apropriados a informa\u00e7\u00e3o acerca da necessidade de agendamento do atendimento para tirar fichas para consulta m\u00e9dica no posto de sa\u00fade."}, {"id": "640", "ano": "2020", "numero": "44", "tipo__sigla": "IND", "tipo__descricao": "Indica\u00e7\u00e3o", "autoria": "Rodrigo Scalioni", "texto_original": "http://sapl.santanadavargem.mg.leg.br/media/sapl/public/materialegislativa/2020/640/indicacao_n_026-2020.pdf", "ementa": "Indica\u00e7\u00e3o para providenciar a sinaliza\u00e7\u00e3o proibindo o estacionamento na via (outro lado da rua) na Rua Jos\u00e9 Ven\u00e2ncio Miranda"}, {"id": "642", "ano": "2020", "numero": "45", "tipo__sigla": "IND", "tipo__descricao": "Indica\u00e7\u00e3o", "autoria": "Silmara Girlaine", "texto_original": "http://sapl.santanadavargem.mg.leg.br/media/sapl/public/materialegislativa/2020/642/indicacao_05-2020_silmara.pdf", "ementa": "Indico ao Exm\u00b0 Sr. Renato Teodoro da Silva, prefeito municipal, a necessidade de providenciar uma ambul\u00e2ncia e um motorista que possam ficar dispon\u00edveis para os moradores da \u00e1rea rural."}, {"id": "647", "ano": "2020", "numero": "46", "tipo__sigla": "IND", "tipo__descricao": "Indica\u00e7\u00e3o", "autoria": "Luiz Felipe", "texto_original": "http://sapl.santanadavargem.mg.leg.br/media/sapl/public/materialegislativa/2020/647/indicacao_15-2020_felipao.pdf", "ementa": "Indico ao Exm\u00b0 Sr. Renato Teodoro da Silva, prefeito municipal, a necessidade de promover a limpeza da Avenida Tr\u00eas Pontas."}, {"id": "373", "ano": "2020", "numero": "1", "tipo__sigla": "PCP", "tipo__descricao": "Parecer das Comiss\u00f5es Permanentes", "autoria": "CFO - COMISS\u00c3O DE FINAN\u00c7AS E OR\u00c7AMENTO", "texto_original": "http://sapl.santanadavargem.mg.leg.br/media/sapl/public/materialegislativa/2020/373/parecer_lei_031-2019.pdf", "ementa": "Disp\u00f5e sobre a altera\u00e7\u00e3o do artigo 6\u00ba, da Lei Municipal n\u00ba 1.280/2011 que, \u201cAutoriza o Executivo Municipal a doar im\u00f3vel do patrim\u00f4nio p\u00fablico municipal e d\u00e1 outras provid\u00eancias\u201d"}, {"id": "374", "ano": "2020", "numero": "2", "tipo__sigla": "PCP", "tipo__descricao": "Parecer das Comiss\u00f5es Permanentes", "autoria": "CFO - COMISS\u00c3O DE FINAN\u00c7AS E OR\u00c7AMENTO", "texto_original": "http://sapl.santanadavargem.mg.leg.br/media/sapl/public/materialegislativa/2020/374/parecer_lei_032-2019.pdf", "ementa": "Disp\u00f5e sobre a altera\u00e7\u00e3o do artigo 5\u00ba, da Lei Municipal n\u00ba 1.248/2011 que, \u201cAutoriza o Executivo Municipal a doar im\u00f3vel do patrim\u00f4nio p\u00fablico municipal e d\u00e1 outras provid\u00eancias\u201d"}, {"id": "375", "ano": "2020", "numero": "3", "tipo__sigla": "PCP", "tipo__descricao": "Parecer das Comiss\u00f5es Permanentes", "autoria": "CFO - COMISS\u00c3O DE FINAN\u00c7AS E OR\u00c7AMENTO", "texto_original": "http://sapl.santanadavargem.mg.leg.br/media/sapl/public/materialegislativa/2020/375/parecer_lei_033-2019.pdf", "ementa": "Disp\u00f5e sobre a altera\u00e7\u00e3o do artigo 5\u00ba, da Lei Municipal n\u00ba 1.244/2011 que, \u201cAutoriza o Executivo Municipal a doar im\u00f3vel do patrim\u00f4nio p\u00fablico municipal e d\u00e1 outras provid\u00eancias\u201d"}, {"id": "376", "ano": "2020", "numero": "4", "tipo__sigla": "PCP", "tipo__descricao": "Parecer das Comiss\u00f5es Permanentes", "autoria": "CFO - COMISS\u00c3O DE FINAN\u00c7AS E OR\u00c7AMENTO", "texto_original": "http://sapl.santanadavargem.mg.leg.br/media/sapl/public/materialegislativa/2020/376/parecer_lei_034-2019.pdf", "ementa": "Disp\u00f5e sobre a altera\u00e7\u00e3o do artigo 5\u00ba, da Lei Municipal n\u00ba 1.245/2011 que, \u201cAutoriza o Executivo Municipal a doar im\u00f3vel do patrim\u00f4nio p\u00fablico municipal e d\u00e1 outras provid\u00eancias\u201d"}, {"id": "377", "ano": "2020", "numero": "5", "tipo__sigla": "PCP", "tipo__descricao": "Parecer das Comiss\u00f5es Permanentes", "autoria": "CFO - COMISS\u00c3O DE FINAN\u00c7AS E OR\u00c7AMENTO", "texto_original": "http://sapl.santanadavargem.mg.leg.br/media/sapl/public/materialegislativa/2020/377/parecer_lei_035-2019.pdf", "ementa": "Disp\u00f5e sobre \u201cAutoriza o Executivo Municipal a doar im\u00f3vel do patrim\u00f4nio p\u00fablico municipal e d\u00e1 outras provid\u00eancias\u201d"}, {"id": "382", "ano": "2020", "numero": "6", "tipo__sigla": "PCP", "tipo__descricao": "Parecer das Comiss\u00f5es Permanentes", "autoria": "COSPAC - COMISS\u00c3O DE OBRAS S. P\u00daBLICOS AGROINDUSTRIAIS E COM\u00c9RCIO", "texto_original": "http://sapl.santanadavargem.mg.leg.br/media/sapl/public/materialegislativa/2020/382/parecer_27-2019.pdf", "ementa": "\"Disp\u00f5e sobre a cria\u00e7\u00e3o do Programa Habitacional realizando sonhos, autoriza a doa\u00e7\u00e3o de terrenos do munic\u00edpio de Santana da Vargem para fins de moradia, define os crit\u00e9rios pertinentes e d\u00e1 outras providencias\""}, {"id": "383", "ano": "2020", "numero": "7", "tipo__sigla": "PCP", "tipo__descricao": "Parecer das Comiss\u00f5es Permanentes", "autoria": "CLJRF - Comiss\u00e3o de Legisla\u00e7\u00e3o, Justi\u00e7a e Reda\u00e7\u00e3o Final", "texto_original": "http://sapl.santanadavargem.mg.leg.br/media/sapl/public/materialegislativa/2020/383/parecer_c.l.j.rf_27-2019.pdf", "ementa": "\"Disp\u00f5e sobre a cria\u00e7\u00e3o do Programa Habitacional realizando sonhos, autoriza a doa\u00e7\u00e3o de terrenos do munic\u00edpio de Santana da Vargem para fins de moradia, define os crit\u00e9rios pertinentes e d\u00e1 outras providencias\""}, {"id": "393", "ano": "2020", "numero": "8", "tipo__sigla": "PCP", "tipo__descricao": "Parecer das Comiss\u00f5es Permanentes", "autoria": "CFO - COMISS\u00c3O DE FINAN\u00c7AS E OR\u00c7AMENTO", "texto_original": "http://sapl.santanadavargem.mg.leg.br/media/sapl/public/materialegislativa/2020/393/parecer_revisao_2020.docx", "ementa": "Autoriza a revis\u00e3o geral anual da remunera\u00e7\u00e3o dos servidores do Poder Legislativo Municipal"}, {"id": "396", "ano": "2020", "numero": "9", "tipo__sigla": "PCP", "tipo__descricao": "Parecer das Comiss\u00f5es Permanentes", "autoria": "CESAS - COMISS\u00c3O DE EDUCA\u00c7\u00c3O SA\u00daDE E ASSIST\u00caNCIA SOCIAL", "texto_original": "http://sapl.santanadavargem.mg.leg.br/media/sapl/public/materialegislativa/2020/396/parecer_comissao_de_educacao_saude_e_assistencia_social.pdf", "ementa": "Disp\u00f5e sobre a altera\u00e7\u00e3o do caput do artigo 41 da Lei Municipal n\u00ba 1483, de 10 de maio de 2019"}, {"id": "397", "ano": "2020", "numero": "10", "tipo__sigla": "PCP", "tipo__descricao": "Parecer das Comiss\u00f5es Permanentes", "autoria": "COSPAC - COMISS\u00c3O DE OBRAS S. P\u00daBLICOS AGROINDUSTRIAIS E COM\u00c9RCIO", "texto_original": "http://sapl.santanadavargem.mg.leg.br/media/sapl/public/materialegislativa/2020/397/parecer_cospact_002-2020.pdf", "ementa": "Parecer da COMISS\u00c3O DE OBRAS S. P\u00daBLICOS AGROINDUSTRIAIS E COM\u00c9RCIO ao PROJETO DE LEI ORDIN\u00c1RIA DO LEGISLATIVO N\u00ba 002/2020 ASSUNTO: \u201cDisp\u00f5e sobre a altera\u00e7\u00e3o do caput do artigo 41 da Lei Municipal n\u00ba 1483, de 10 de maio de 2019\u201d."}, {"id": "398", "ano": "2020", "numero": "11", "tipo__sigla": "PCP", "tipo__descricao": "Parecer das Comiss\u00f5es Permanentes", "autoria": "CFO - COMISS\u00c3O DE FINAN\u00c7AS E OR\u00c7AMENTO", "texto_original": "http://sapl.santanadavargem.mg.leg.br/media/sapl/public/materialegislativa/2020/398/parecer_lei_004_-_2020.pdf", "ementa": "Cria Projeto/Atividade no PPA, autoriza abertura de credito especial, com a finalidade de execu\u00e7\u00e3o de recursos oriundos de repasse/proposta do Fundo Nacional de Sa\u00fade/MS e d\u00e1 outras providencias"}, {"id": "399", "ano": "2020", "numero": "12", "tipo__sigla": "PCP", "tipo__descricao": "Parecer das Comiss\u00f5es Permanentes", "autoria": "CLJRF - Comiss\u00e3o de Legisla\u00e7\u00e3o, Justi\u00e7a e Reda\u00e7\u00e3o Final", "texto_original": "http://sapl.santanadavargem.mg.leg.br/media/sapl/public/materialegislativa/2020/399/parecer_cljrf_01-2020_leg_rev.pdf", "ementa": "PARECER DA COMISS\u00c3O DE LEGISLA\u00c7\u00c3O, JUSTI\u00c7A E REDA\u00c7\u00c3O FINAL - PROJETO DE LEI ORDIN\u00c1RIA N\u00ba 001/2019 - ASSUNTO: \u201cAutoriza a revis\u00e3o geral anual da remunera\u00e7\u00e3o dos servidores do Poder Legislativo Municipal\u201d."}, {"id": "400", "ano": "2020", "numero": "13", "tipo__sigla": "PCP", "tipo__descricao": "Parecer das Comiss\u00f5es Permanentes", "autoria": "CLJRF - Comiss\u00e3o de Legisla\u00e7\u00e3o, Justi\u00e7a e Reda\u00e7\u00e3o Final", "texto_original": "http://sapl.santanadavargem.mg.leg.br/media/sapl/public/materialegislativa/2020/400/parecer_cljrf_03-2020_alt_ppa.pdf", "ementa": "PARECER DA COMISS\u00c3O DE LEGISLA\u00c7\u00c3O, JUSTI\u00c7A E REDA\u00c7\u00c3O FINAL - PROJETO DE LEI ORDIN\u00c1RIA N\u00ba 003/2020\r\nASSUNTO: \u201cAltera a denomina\u00e7\u00e3o de projeto/atividade do PPA, LDO e da Lei Or\u00e7amentaria e d\u00e1 outras provid\u00eancias\u201d."}, {"id": "401", "ano": "2020", "numero": "14", "tipo__sigla": "PCP", "tipo__descricao": "Parecer das Comiss\u00f5es Permanentes", "autoria": "CFO - COMISS\u00c3O DE FINAN\u00c7AS E OR\u00c7AMENTO", "texto_original": "http://sapl.santanadavargem.mg.leg.br/media/sapl/public/materialegislativa/2020/401/parecer_cfo_03-2020_alt_ppa.pdf", "ementa": "PARECER DA COMISS\u00c3O DE FINAN\u00c7AS E OR\u00c7AMENTO  - PROJETO DE LEI ORDIN\u00c1RIA N\u00ba 003/2020 - ASSUNTO: \u201cAltera a denomina\u00e7\u00e3o de projeto/atividade do PPA, LDO e da Lei Or\u00e7amentaria e d\u00e1 outras provid\u00eancias\u201d."}, {"id": "405", "ano": "2020", "numero": "15", "tipo__sigla": "PCP", "tipo__descricao": "Parecer das Comiss\u00f5es Permanentes", "autoria": "CLJRF - Comiss\u00e3o de Legisla\u00e7\u00e3o, Justi\u00e7a e Reda\u00e7\u00e3o Final", "texto_original": "http://sapl.santanadavargem.mg.leg.br/media/", "ementa": "Parecer da comiss\u00e3o de Legisla\u00e7\u00e3o,justi\u00e7a e Reda\u00e7\u00e3o Final."}, {"id": "406", "ano": "2020", "numero": "16", "tipo__sigla": "PCP", "tipo__descricao": "Parecer das Comiss\u00f5es Permanentes", "autoria": "CLJRF - Comiss\u00e3o de Legisla\u00e7\u00e3o, Justi\u00e7a e Reda\u00e7\u00e3o Final", "texto_original": "http://sapl.santanadavargem.mg.leg.br/media/sapl/public/materialegislativa/2020/406/013-2019_parecer.pdf", "ementa": "Projetos de Lei ordin\u00e1ria do Legislativo n\u00ba 013/2019"}, {"id": "409", "ano": "2020", "numero": "17", "tipo__sigla": "PCP", "tipo__descricao": "Parecer das Comiss\u00f5es Permanentes", "autoria": "CLJRF - Comiss\u00e3o de Legisla\u00e7\u00e3o, Justi\u00e7a e Reda\u00e7\u00e3o Final", "texto_original": "http://sapl.santanadavargem.mg.leg.br/media/sapl/public/materialegislativa/2020/409/parecer_plc_04-2020.pdf", "ementa": "Disp\u00f5e sobre a altera\u00e7\u00e3o do \u00a72\u00ba, do artigo 67; do artigo 74; do caput do artigo 156, todos da Lei Municipal n\u00ba 249 de 13 de setembro de 1985 que \"INSTITUI O C\u00d3DIGO DE POSTURAS DO MUNIC\u00cdPIO DE SANTANA DA VARGEM E D\u00c1 OUTRAS PROVIDENCIAS\""}, {"id": "414", "ano": "2020", "numero": "18", "tipo__sigla": "PCP", "tipo__descricao": "Parecer das Comiss\u00f5es Permanentes", "autoria": "COSPAC - COMISS\u00c3O DE OBRAS S. P\u00daBLICOS AGROINDUSTRIAIS E COM\u00c9RCIO", "texto_original": "http://sapl.santanadavargem.mg.leg.br/media/sapl/public/materialegislativa/2020/414/parecer_cospact_004-2019_plc.pdf", "ementa": "Parecer da COSPACT ao projeto de lei complementar 04/2019."}, {"id": "415", "ano": "2020", "numero": "19", "tipo__sigla": "PCP", "tipo__descricao": "Parecer das Comiss\u00f5es Permanentes", "autoria": "CLJRF - Comiss\u00e3o de Legisla\u00e7\u00e3o, Justi\u00e7a e Reda\u00e7\u00e3o Final", "texto_original": "http://sapl.santanadavargem.mg.leg.br/media/sapl/public/materialegislativa/2020/415/parecer_cljrf_005-2020.pdf", "ementa": "Parecer da CLJRF ao projeto de lei ordin\u00e1ria 05/2020."}, {"id": "416", "ano": "2020", "numero": "20", "tipo__sigla": "PCP", "tipo__descricao": "Parecer das Comiss\u00f5es Permanentes", "autoria": "COSPAC - COMISS\u00c3O DE OBRAS S. P\u00daBLICOS AGROINDUSTRIAIS E COM\u00c9RCIO", "texto_original": "http://sapl.santanadavargem.mg.leg.br/media/sapl/public/materialegislativa/2020/416/parecer_cospact_005-2020.pdf", "ementa": "Parecer da COSPACT ao projeto de lei Ordin\u00e1ria 05/2020."}, {"id": "423", "ano": "2020", "numero": "21", "tipo__sigla": "PCP", "tipo__descricao": "Parecer das Comiss\u00f5es Permanentes", "autoria": "CLJRF - Comiss\u00e3o de Legisla\u00e7\u00e3o, Justi\u00e7a e Reda\u00e7\u00e3o Final", "texto_original": "http://sapl.santanadavargem.mg.leg.br/media/sapl/public/materialegislativa/2020/423/par_cljrf_02-20_compl.pdf", "ementa": "PARECER DA COMISS\u00c3O DE LEGISLA\u00c7\u00c3O, JUSTI\u00c7A E REDA\u00c7\u00c3O FINAL - PROJETO DE LEI COMPLEMENTAR N\u00ba 002/2020."}, {"id": "426", "ano": "2020", "numero": "22", "tipo__sigla": "PCP", "tipo__descricao": "Parecer das Comiss\u00f5es Permanentes", "autoria": "CFO - COMISS\u00c3O DE FINAN\u00c7AS E OR\u00c7AMENTO", "texto_original": "http://sapl.santanadavargem.mg.leg.br/media/sapl/public/materialegislativa/2020/426/parecer_tecnico_da_comissao_de_financas_e_orcamentos_2017_2.pdf", "ementa": "Parecer sobre processo de julgamento das Contas de Governo do Prefeito Renato Teodoro da Silva."}, {"id": "430", "ano": "2020", "numero": "23", "tipo__sigla": "PCP", "tipo__descricao": "Parecer das Comiss\u00f5es Permanentes", "autoria": "CFO - COMISS\u00c3O DE FINAN\u00c7AS E OR\u00c7AMENTO", "texto_original": "http://sapl.santanadavargem.mg.leg.br/media/sapl/public/materialegislativa/2020/430/parecer_lei_06-2020_1.pdf", "ementa": "Cria Projetos/Atividades no PPA, autoriza abertura de cr\u00e9ditos especiais no or\u00e7amento 2020, com a finalidade de execu\u00e7\u00e3o de recursos oriundos de emendas parlamentares e d\u00e1 outras provid\u00eancias."}, {"id": "431", "ano": "2020", "numero": "24", "tipo__sigla": "PCP", "tipo__descricao": "Parecer das Comiss\u00f5es Permanentes", "autoria": "CFO - COMISS\u00c3O DE FINAN\u00c7AS E OR\u00c7AMENTO", "texto_original": "http://sapl.santanadavargem.mg.leg.br/media/sapl/public/materialegislativa/2020/431/parecer_lei_07-2020_1.pdf", "ementa": "Disp\u00f5e sobre o acr\u00e9scimo do par\u00e1grafo \u00fanico ao artigo 2\u00ba da Lei\r\nMunicipal n\u00ba1385, de 22 de abril de 2015"}, {"id": "432", "ano": "2020", "numero": "25", "tipo__sigla": "PCP", "tipo__descricao": "Parecer das Comiss\u00f5es Permanentes", "autoria": "CFO - COMISS\u00c3O DE FINAN\u00c7AS E OR\u00c7AMENTO", "texto_original": "http://sapl.santanadavargem.mg.leg.br/media/sapl/public/materialegislativa/2020/432/parecer_lei_008-2020.pdf", "ementa": "Cria Projetos/Atividades no PPA, autoriza abertura de cr\u00e9ditos\r\nespeciais no or\u00e7amento 2020, com a finalidade de execu\u00e7\u00e3o de recursos\r\noriundos de emendas parlamentares e d\u00e1 outras provid\u00eancias"}, {"id": "435", "ano": "2020", "numero": "26", "tipo__sigla": "PCP", "tipo__descricao": "Parecer das Comiss\u00f5es Permanentes", "autoria": "CLJRF - Comiss\u00e3o de Legisla\u00e7\u00e3o, Justi\u00e7a e Reda\u00e7\u00e3o Final", "texto_original": "http://sapl.santanadavargem.mg.leg.br/media/sapl/public/materialegislativa/2020/435/par_cljrf_6-20.pdf", "ementa": "PARECER DA COMISS\u00c3O DE LEGISLA\u00c7\u00c3O, JUSTI\u00c7A E REDA\u00c7\u00c3O FINAL  - PROJETO DE LEI ORDIN\u00c1RIA N\u00ba 006/2020 - ASSUNTO: \u201cAutoriza a abertura de cr\u00e9ditos especiais, com a finalidade de execu\u00e7\u00e3o de recursos oriundos da Secretaria de Estado da Sa\u00fade (RES SES 3152/4321) e d\u00e1 outras provid\u00eancias\u201d."}, {"id": "441", "ano": "2020", "numero": "27", "tipo__sigla": "PCP", "tipo__descricao": "Parecer das Comiss\u00f5es Permanentes", "autoria": "CLJRF - Comiss\u00e3o de Legisla\u00e7\u00e3o, Justi\u00e7a e Reda\u00e7\u00e3o Final", "texto_original": "http://sapl.santanadavargem.mg.leg.br/media/", "ementa": "Disp\u00f5e sobre a altera\u00e7\u00e3o do caput do artigo 41 da Lei Municipal n\u00ba 1483, de 10 de maio de 2019"}, {"id": "443", "ano": "2020", "numero": "28", "tipo__sigla": "PCP", "tipo__descricao": "Parecer das Comiss\u00f5es Permanentes", "autoria": "CLJRF - Comiss\u00e3o de Legisla\u00e7\u00e3o, Justi\u00e7a e Reda\u00e7\u00e3o Final", "texto_original": "http://sapl.santanadavargem.mg.leg.br/media/sapl/public/materialegislativa/2020/443/parecer_08-2020_cljrf.pdf", "ementa": "\u201cCria Projetos/Atividades no PPA, autoriza abertura de cr\u00e9ditos especiais no or\u00e7amento 2020, com a finalidade de execu\u00e7\u00e3o de recursos oriundos de emendas parlamentares e d\u00e1 outras providencias.\u201d"}, {"id": "448", "ano": "2020", "numero": "29", "tipo__sigla": "PCP", "tipo__descricao": "Parecer das Comiss\u00f5es Permanentes", "autoria": "CLJRF - Comiss\u00e3o de Legisla\u00e7\u00e3o, Justi\u00e7a e Reda\u00e7\u00e3o Final", "texto_original": "http://sapl.santanadavargem.mg.leg.br/media/sapl/public/materialegislativa/2020/448/par_cljrf_plo_36-19.pdf", "ementa": "PARECER DA COMISS\u00c3O DE LEGISLA\u00c7\u00c3O, JUSTI\u00c7A E REDA\u00c7\u00c3O FINAL - PROJETO DE LEI ORDIN\u00c1RIA N\u00ba 036/2019  \r\nASSUNTO: \u201cDisp\u00f5e sobre a revoga\u00e7\u00e3o da Lei Municipal n\u00b0 1481/2019 que \" Disp\u00f5e sobre a concess\u00e3o de direito de uso com possibilidade convers\u00e3o de doa\u00e7\u00e3o e d\u00e1 outras provid\u00eancias\u201d."}, {"id": "449", "ano": "2020", "numero": "30", "tipo__sigla": "PCP", "tipo__descricao": "Parecer das Comiss\u00f5es Permanentes", "autoria": "CFO - COMISS\u00c3O DE FINAN\u00c7AS E OR\u00c7AMENTO", "texto_original": "http://sapl.santanadavargem.mg.leg.br/media/sapl/public/materialegislativa/2020/449/parecer_lei_36_-_2019_cfo.pdf", "ementa": "Disp\u00f5e sobre a revoga\u00e7\u00e3o da Lei Municipal n\u00b0 1481/2019 que \"Disp\u00f5e sobre a concess\u00e3o de direito real de uso com possibilidade convers\u00e3o de doa\u00e7\u00e3o e d\u00e1 outras provid\u00eancias"}, {"id": "450", "ano": "2020", "numero": "31", "tipo__sigla": "PCP", "tipo__descricao": "Parecer das Comiss\u00f5es Permanentes", "autoria": "CLJRF - Comiss\u00e3o de Legisla\u00e7\u00e3o, Justi\u00e7a e Reda\u00e7\u00e3o Final", "texto_original": "http://sapl.santanadavargem.mg.leg.br/media/sapl/public/materialegislativa/2020/450/parecer_cljrf_03-2019_leg.pdf", "ementa": "PARECER DA COMISS\u00c3O DE LEGISLA\u00c7\u00c3O, JUSTI\u00c7A E REDA\u00c7\u00c3O FINAL - PROJETO DE LEI ORDIN\u00c1RIA DO LEGISLATIVO N\u00ba  03/2019 - ASSUNTO: \u201cDeclara de Utilidade P\u00fablica Municipal o Conselho Comunit\u00e1rio de Seguran\u00e7a P\u00fablica, CONSEP, com sede no munic\u00edpio de Santana da Vargem - MG, e d\u00e1 outras provid\u00eancias\u201d."}, {"id": "457", "ano": "2020", "numero": "32", "tipo__sigla": "PCP", "tipo__descricao": "Parecer das Comiss\u00f5es Permanentes", "autoria": "CFO - COMISS\u00c3O DE FINAN\u00c7AS E OR\u00c7AMENTO", "texto_original": "http://sapl.santanadavargem.mg.leg.br/media/sapl/public/materialegislativa/2020/457/parecer_lei_011-2020.pdf", "ementa": "Disp\u00f5e sobre a fixa\u00e7\u00e3o de penalidades para os mun\u00edcipes em caso de descumprimento de medidas de conten\u00e7\u00e3o ao coronav\u00edrus (SARS-CoV-2) e d\u00e1 outras provid\u00eancias."}, {"id": "459", "ano": "2020", "numero": "33", "tipo__sigla": "PCP", "tipo__descricao": "Parecer das Comiss\u00f5es Permanentes", "autoria": "CLJRF - Comiss\u00e3o de Legisla\u00e7\u00e3o, Justi\u00e7a e Reda\u00e7\u00e3o Final", "texto_original": "http://sapl.santanadavargem.mg.leg.br/media/sapl/public/materialegislativa/2020/459/parecer_cljrf.pdf", "ementa": "PARECER DA COMISS\u00c3O DE LEGISLA\u00c7\u00c3O, JUSTI\u00c7A E REDA\u00c7\u00c3O FINAL - PROJETO DE LEI ORDIN\u00c1RIA N\u00ba 011/2020 - ASSUNTO: \u201cDisp\u00f5e sobre a fixa\u00e7\u00e3o de penalidades para os mun\u00edcipes em caso de descumprimento de medidas de conten\u00e7\u00e3o ao coronav\u00edrus (SARS-Cov-2)e d\u00e1 outras provid\u00eancias\u201d."}, {"id": "469", "ano": "2020", "numero": "34", "tipo__sigla": "PCP", "tipo__descricao": "Parecer das Comiss\u00f5es Permanentes", "autoria": "CFO - COMISS\u00c3O DE FINAN\u00c7AS E OR\u00c7AMENTO", "texto_original": "http://sapl.santanadavargem.mg.leg.br/media/", "ementa": "Fixa o subs\u00eddio do Prefeito, Vice-Prefeito, Secret\u00e1rios e Vereadores do Munic\u00edpio de Santana da Vargem para a pr\u00f3xima legislatura (2021 a 2024)."}, {"id": "471", "ano": "2020", "numero": "35", "tipo__sigla": "PCP", "tipo__descricao": "Parecer das Comiss\u00f5es Permanentes", "autoria": "CFO - COMISS\u00c3O DE FINAN\u00c7AS E OR\u00c7AMENTO", "texto_original": "http://sapl.santanadavargem.mg.leg.br/media/sapl/public/materialegislativa/2020/471/parecer_lei_complementar_04-2020_executivo.pdf", "ementa": "\u201cDisp\u00f5e sobre a altera\u00e7\u00e3o do Anexo II da Lei Municipal n\u00ba 770/2002 que \u2018Disp\u00f5e sobre a Legisla\u00e7\u00e3o Tribut\u00e1ria do Munic\u00edpio de Santana da Vargem-MG\u2019 e d\u00e1 outras provid\u00eancias.\u201d"}, {"id": "472", "ano": "2020", "numero": "36", "tipo__sigla": "PCP", "tipo__descricao": "Parecer das Comiss\u00f5es Permanentes", "autoria": "CFO - COMISS\u00c3O DE FINAN\u00c7AS E OR\u00c7AMENTO", "texto_original": "http://sapl.santanadavargem.mg.leg.br/media/sapl/public/materialegislativa/2020/472/parecer_lei_09-2020_ldo.pdf", "ementa": "Disp\u00f5e sobre as Diretrizes para a elabora\u00e7\u00e3o da Lei Or\u00e7ament\u00e1ria de 2021 e da outras provid\u00eancias."}, {"id": "473", "ano": "2020", "numero": "37", "tipo__sigla": "PCP", "tipo__descricao": "Parecer das Comiss\u00f5es Permanentes", "autoria": "CLJRF - Comiss\u00e3o de Legisla\u00e7\u00e3o, Justi\u00e7a e Reda\u00e7\u00e3o Final", "texto_original": "http://sapl.santanadavargem.mg.leg.br/media/sapl/public/materialegislativa/2020/473/parecer_cljrf_9-20.pdf", "ementa": "PARECER DA COMISS\u00c3O DE LEGISLA\u00c7\u00c3O, JUSTI\u00c7A E REDA\u00c7\u00c3O FINAL - PROJETO DE LEI ORDIN\u00c1RIA N\u00ba 009/2020  - ASSUNTO: \u201cDisp\u00f5e sobre as Diretrizes para a elabora\u00e7\u00e3o da Lei Or\u00e7amentaria de 2021, e d\u00e1 outras provid\u00eancias\u201d."}, {"id": "476", "ano": "2020", "numero": "38", "tipo__sigla": "PCP", "tipo__descricao": "Parecer das Comiss\u00f5es Permanentes", "autoria": "CLJRF - Comiss\u00e3o de Legisla\u00e7\u00e3o, Justi\u00e7a e Reda\u00e7\u00e3o Final", "texto_original": "http://sapl.santanadavargem.mg.leg.br/media/sapl/public/materialegislativa/2020/476/parecer_cljrf07.pdf", "ementa": "PARECER DA COMISS\u00c3O DE LEGISLA\u00c7\u00c3O, JUSTI\u00c7A E REDA\u00c7\u00c3O FINAL - PROJETO DE LEI ORDIN\u00c1RIA N\u00ba 007/2020 - ASSUNTO: \u201cDisp\u00f5e sobre o acr\u00e9scimo do par\u00e1grafo \u00fanico ao artigo 2\u00ba da Lei Municipal n\u00ba 1385, de 22 de abril de 2015\u201d."}, {"id": "478", "ano": "2020", "numero": "39", "tipo__sigla": "PCP", "tipo__descricao": "Parecer das Comiss\u00f5es Permanentes", "autoria": "CFO - COMISS\u00c3O DE FINAN\u00c7AS E OR\u00c7AMENTO", "texto_original": "http://sapl.santanadavargem.mg.leg.br/media/sapl/public/materialegislativa/2020/478/parecer_lei_012_-_2020.pdf", "ementa": "Cria Projetos/Atividades no PPA, autoriza abertura de cr\u00e9ditos especiais no or\u00e7amento 2020, com a finalidade de execu\u00e7\u00e3o de recursos oriundos de transfer\u00eancias estadual e federal e d\u00e1 outras provid\u00eancias"}, {"id": "479", "ano": "2020", "numero": "40", "tipo__sigla": "PCP", "tipo__descricao": "Parecer das Comiss\u00f5es Permanentes", "autoria": "CFO - COMISS\u00c3O DE FINAN\u00c7AS E OR\u00c7AMENTO", "texto_original": "http://sapl.santanadavargem.mg.leg.br/media/sapl/public/materialegislativa/2020/479/parecer_lei_014_-_2020.pdf", "ementa": "Disp\u00f5e sobre a altera\u00e7\u00e3o do artigo 2\u00ba da Lei Municipal n\u00ba 1.517/2020 e d\u00e1 outras provid\u00eancias."}, {"id": "480", "ano": "2020", "numero": "41", "tipo__sigla": "PCP", "tipo__descricao": "Parecer das Comiss\u00f5es Permanentes", "autoria": "COSPAC - COMISS\u00c3O DE OBRAS S. P\u00daBLICOS AGROINDUSTRIAIS E COM\u00c9RCIO", "texto_original": "http://sapl.santanadavargem.mg.leg.br/media/sapl/public/materialegislativa/2020/480/parecer_cospact.pdf", "ementa": "PARECER DA COMISS\u00c3O DE OBRAS, S. P\u00daBLICOS, AGROINDUSTRIAIS E COM\u00c9RCIO - PROJETO DE LEI ORDIN\u00c1RIA N\u00ba 010/2020 - \r\nASSUNTO: \u201cDisp\u00f5e sobre a desafeta\u00e7\u00e3o de bem p\u00fablico de uso comum, Matr\u00edcula n\u00ba R.01.M.35.293, com \u00e1rea de 1.099,71 m\u00b2, localizado no Bairro S\u00e3o Luiz, Santana da Vargem.\u201d."}, {"id": "481", "ano": "2020", "numero": "42", "tipo__sigla": "PCP", "tipo__descricao": "Parecer das Comiss\u00f5es Permanentes", "autoria": "CFO - COMISS\u00c3O DE FINAN\u00c7AS E OR\u00c7AMENTO", "texto_original": "http://sapl.santanadavargem.mg.leg.br/media/sapl/public/materialegislativa/2020/481/parecer_lei_003_-_2020_legislativo.pdf", "ementa": "Disp\u00f5e sobre a instala\u00e7\u00e3o de equipamento eliminador de ar na tubula\u00e7\u00e3o do sistema de abastecimento de \u00e1gua no \u00e2mbito do munic\u00edpio de Santana da Vargem e d\u00e1 outras provid\u00eancias"}, {"id": "483", "ano": "2020", "numero": "43", "tipo__sigla": "PCP", "tipo__descricao": "Parecer das Comiss\u00f5es Permanentes", "autoria": "CLJRF - Comiss\u00e3o de Legisla\u00e7\u00e3o, Justi\u00e7a e Reda\u00e7\u00e3o Final", "texto_original": "http://sapl.santanadavargem.mg.leg.br/media/sapl/public/materialegislativa/2020/483/parecer_cljrf_plo_exc_14-20.pdf", "ementa": "PARECER DA COMISS\u00c3O DE LEGISLA\u00c7\u00c3O, JUSTI\u00c7A E REDA\u00c7\u00c3O FINAL - PROJETO DE LEI ORDIN\u00c1RIA N\u00ba 014/2020 - ASSUNTO: \u201cDisp\u00f5e sobre a altera\u00e7\u00e3o do art. 2\u00ba da Lei Municipal n\u00ba 1.517/2020 e d\u00e1 outras providencias\u201d."}, {"id": "488", "ano": "2020", "numero": "44", "tipo__sigla": "PCP", "tipo__descricao": "Parecer das Comiss\u00f5es Permanentes", "autoria": "CLJRF - Comiss\u00e3o de Legisla\u00e7\u00e3o, Justi\u00e7a e Reda\u00e7\u00e3o Final", "texto_original": "http://sapl.santanadavargem.mg.leg.br/media/sapl/public/materialegislativa/2020/488/parecer_cljrf_12-2020.pdf", "ementa": "Cria projeto/Atividades no PPA, autoriza abertura de cr\u00e9ditos especiais no or\u00e7amento de 2020, com finalidade de execu\u00e7\u00e3o de recursos oriundos de transfer\u00eancia estadual e federal e da outras providencias"}, {"id": "489", "ano": "2020", "numero": "45", "tipo__sigla": "PCP", "tipo__descricao": "Parecer das Comiss\u00f5es Permanentes", "autoria": "Jo\u00e3o Martins", "texto_original": "http://sapl.santanadavargem.mg.leg.br/media/sapl/public/materialegislativa/2020/489/parecer_joao_cfo.pdf", "ementa": "Disp\u00f5e sobre instala\u00e7\u00e3o de equipamento eliminador de ar na tubula\u00e7\u00e3o do sistema de abastecimento de \u00e1gua do mun\u00edcipio e dar outras provid\u00eancias"}, {"id": "490", "ano": "2020", "numero": "46", "tipo__sigla": "PCP", "tipo__descricao": "Parecer das Comiss\u00f5es Permanentes", "autoria": "Jo\u00e3o Martins", "texto_original": "http://sapl.santanadavargem.mg.leg.br/media/sapl/public/materialegislativa/2020/490/parecer_joao_cljrf.pdf", "ementa": "Disp\u00f5e sobre instala\u00e7\u00e3o de equipamento eliminador de ar na tubula\u00e7\u00e3o do sistema de abastecimento de \u00e1gua do mun\u00edcipio e dar outras provid\u00eancias"}, {"id": "493", "ano": "2020", "numero": "47", "tipo__sigla": "PCP", "tipo__descricao": "Parecer das Comiss\u00f5es Permanentes", "autoria": "CLJRF - Comiss\u00e3o de Legisla\u00e7\u00e3o, Justi\u00e7a e Reda\u00e7\u00e3o Final", "texto_original": "http://sapl.santanadavargem.mg.leg.br/media/sapl/public/materialegislativa/2020/493/parecer_cljrf_13-2020.pdf", "ementa": "PROJETO DE LEI 13/2020: Autoriza a abertura de cr\u00e9ditos suplementares no or\u00e7amento de 2020, com finalidade de execu\u00e7\u00e3o de recursos oriundos de transfer\u00eancias federais - LC 173-2020 e d\u00e1 outras providencias."}, {"id": "494", "ano": "2020", "numero": "48", "tipo__sigla": "PCP", "tipo__descricao": "Parecer das Comiss\u00f5es Permanentes", "autoria": "CFO - COMISS\u00c3O DE FINAN\u00c7AS E OR\u00c7AMENTO", "texto_original": "http://sapl.santanadavargem.mg.leg.br/media/sapl/public/materialegislativa/2020/494/parecer_lei_013_-_2020.pdf", "ementa": "PROJETO DE LEI 013-2020: Autoriza abertura de cr\u00e9ditos suplementares no or\u00e7amento 2020, com a finalidade de execu\u00e7\u00e3o de recursos oriundos de transfer\u00eancias federais LC \u2013 173-2020 e d\u00e1 outras provid\u00eancias."}, {"id": "506", "ano": "2020", "numero": "49", "tipo__sigla": "PCP", "tipo__descricao": "Parecer das Comiss\u00f5es Permanentes", "autoria": "Luiz Felipe", "texto_original": "http://sapl.santanadavargem.mg.leg.br/media/sapl/public/materialegislativa/2020/506/parecer_cljrf_plc_4-20_exc.pdf", "ementa": "PARECER DA COMISS\u00c3O DE LEGISLA\u00c7\u00c3O, JUSTI\u00c7A E REDA\u00c7\u00c3O FINAL - PROJETO DE LEI COMPLEMENTAR N\u00ba 004/2020 - ASSUNTO: \"Disp\u00f5e sobre a Legisla\u00e7\u00e3o Tribut\u00e1ria do Anexo II da Lei Municipal n\u00ba 770/2002 que 'Disp\u00f5e sobre a Legisla\u00e7\u00e3o do Munic\u00edpio de Santana da Vargem - MG' e da outras providencias\"."}, {"id": "507", "ano": "2020", "numero": "50", "tipo__sigla": "PCP", "tipo__descricao": "Parecer das Comiss\u00f5es Permanentes", "autoria": "CLJRF - Comiss\u00e3o de Legisla\u00e7\u00e3o, Justi\u00e7a e Reda\u00e7\u00e3o Final", "texto_original": "http://sapl.santanadavargem.mg.leg.br/media/sapl/public/materialegislativa/2020/507/02-2020_cljrf.pdf", "ementa": "Fixa o subs\u00eddio do Prefeito, Vice Prefeito, Secret\u00e1rio e Vereadores do Munic\u00edpio de Santana da Vargem para a pr\u00f3xima legislatura (2021-2014)"}, {"id": "508", "ano": "2020", "numero": "51", "tipo__sigla": "PCP", "tipo__descricao": "Parecer das Comiss\u00f5es Permanentes", "autoria": "Luiz Felipe", "texto_original": "http://sapl.santanadavargem.mg.leg.br/media/sapl/public/materialegislativa/2020/508/parecer_cljrf_plo_leg_04-20_-.pdf", "ementa": "PARECER DA COMISS\u00c3O DE LEGISLA\u00c7\u00c3O, JUSTI\u00c7A E REDA\u00c7\u00c3O FINAL - PROJETO DE LEI ORDIN\u00c1RIA DO LEGISLATIVON\u00ba 004/2020 - ASSUNTO: \u201cInstitui medidas de transpar\u00eancia ativa no Munic\u00edpio de Santana da Vargem referentes \u00e0s a\u00e7\u00f5es de enfrentamento da COVID-19 (Coronav\u00edrus)\u201d."}, {"id": "512", "ano": "2020", "numero": "52", "tipo__sigla": "PCP", "tipo__descricao": "Parecer das Comiss\u00f5es Permanentes", "autoria": "COSPAC - COMISS\u00c3O DE OBRAS S. P\u00daBLICOS AGROINDUSTRIAIS E COM\u00c9RCIO", "texto_original": "http://sapl.santanadavargem.mg.leg.br/media/sapl/public/materialegislativa/2020/512/parecer_2_-_projeto_de_lei_ordinaria_complementar_do_legislativo_no01-2020_1.pdf", "ementa": "Altera o art. 15 e 16 da Lei n\u00ba 249 de 13 de setembro de 1985"}, {"id": "514", "ano": "2020", "numero": "53", "tipo__sigla": "PCP", "tipo__descricao": "Parecer das Comiss\u00f5es Permanentes", "autoria": "CLJRF - Comiss\u00e3o de Legisla\u00e7\u00e3o, Justi\u00e7a e Reda\u00e7\u00e3o Final", "texto_original": "http://sapl.santanadavargem.mg.leg.br/media/sapl/public/materialegislativa/2020/514/paracer_011-2020.pdf", "ementa": "Altera o art 15 e 16 da lei n\u00ba 249 de 13 de setembro de 1985"}, {"id": "521", "ano": "2020", "numero": "54", "tipo__sigla": "PCP", "tipo__descricao": "Parecer das Comiss\u00f5es Permanentes", "autoria": "CLJRF - Comiss\u00e3o de Legisla\u00e7\u00e3o, Justi\u00e7a e Reda\u00e7\u00e3o Final", "texto_original": "http://sapl.santanadavargem.mg.leg.br/media/sapl/public/materialegislativa/2020/521/parecer_cljrf_plo__15-20.pdf", "ementa": "PARECER DA COMISS\u00c3O DE LEGISLA\u00c7\u00c3O, JUSTI\u00c7A E REDA\u00c7\u00c3O FINAL - PROJETO DE LEI ORDIN\u00c1RIA N\u00ba 015/2020 - ASSUNTO: \u201cDisp\u00f5e sobre a altera\u00e7\u00e3o do artigo 1\u00ba da Lei Municipal n\u00ba 1417 de 17 de dezembro de 2018 que Cria a Coordenadoria Municipal de Prote\u00e7\u00e3o e Defesa Civil do Munic\u00edpio de Santana da Vargem e d\u00e1 outras provid\u00eancias\u201d."}, {"id": "524", "ano": "2020", "numero": "55", "tipo__sigla": "PCP", "tipo__descricao": "Parecer das Comiss\u00f5es Permanentes", "autoria": "CFO - COMISS\u00c3O DE FINAN\u00c7AS E OR\u00c7AMENTO", "texto_original": "http://sapl.santanadavargem.mg.leg.br/media/sapl/public/materialegislativa/2020/524/parecer_lei_016_-_2020.pdf", "ementa": "Disp\u00f5e sobre a altera\u00e7\u00e3o do inciso II, artigo 2\u00ba da Lei Municipal n\u00ba 1.517 de 15 de junho de 2020 e d\u00e1 outras provid\u00eancias."}, {"id": "527", "ano": "2020", "numero": "56", "tipo__sigla": "PCP", "tipo__descricao": "Parecer das Comiss\u00f5es Permanentes", "autoria": "COSPAC - COMISS\u00c3O DE OBRAS S. P\u00daBLICOS AGROINDUSTRIAIS E COM\u00c9RCIO", "texto_original": "http://sapl.santanadavargem.mg.leg.br/media/sapl/public/materialegislativa/2020/527/parecer_16-2020.pdf", "ementa": "\"Disp\u00f5e sobre a altera\u00e7\u00e3o do inciso II, artigo 2\u00ba da Lei Municipal n\u00b0 1.517, de 15 de junho de 2020 e d\u00e1 outras provid\u00eancias\""}, {"id": "528", "ano": "2020", "numero": "57", "tipo__sigla": "PCP", "tipo__descricao": "Parecer das Comiss\u00f5es Permanentes", "autoria": "CLJRF - Comiss\u00e3o de Legisla\u00e7\u00e3o, Justi\u00e7a e Reda\u00e7\u00e3o Final", "texto_original": "http://sapl.santanadavargem.mg.leg.br/media/sapl/public/materialegislativa/2020/528/parecer_cljrf_plo_16-20.pdf", "ementa": "PARECER DA COMISS\u00c3O DE LEGISLA\u00c7\u00c3O, JUSTI\u00c7A E REDA\u00c7\u00c3O FINAL - PROJETO DE LEI ORDIN\u00c1RIA N\u00ba 016/2020 - ASSUNTO: que \u201cDisp\u00f5e sobre a altera\u00e7\u00e3o do inciso II, artigo 2\u00ba da Lei Municipal n\u00b0 1.517, de 15 de junho de 2020 e d\u00e1 outras provid\u00eancias\u201d."}, {"id": "530", "ano": "2020", "numero": "58", "tipo__sigla": "PCP", "tipo__descricao": "Parecer das Comiss\u00f5es Permanentes", "autoria": "CESAS - COMISS\u00c3O DE EDUCA\u00c7\u00c3O SA\u00daDE E ASSIST\u00caNCIA SOCIAL", "texto_original": "http://sapl.santanadavargem.mg.leg.br/media/sapl/public/materialegislativa/2020/530/parecer_cesas_plo_16-20.pdf", "ementa": "PARECER DA EDUCA\u00c7\u00c3O SA\u00daDE E ASSIST\u00caNCIA SOCIAL - PROJETO DE LEI ORDIN\u00c1RIA N\u00ba 016/2020 - ASSUNTO: que \u201cDisp\u00f5e sobre a altera\u00e7\u00e3o do inciso II, artigo 2\u00ba da Lei Municipal n\u00b0 1.517, de 15 de junho de 2020 e d\u00e1 outras provid\u00eancias\u201d."}, {"id": "531", "ano": "2020", "numero": "59", "tipo__sigla": "PCP", "tipo__descricao": "Parecer das Comiss\u00f5es Permanentes", "autoria": "COSPAC - COMISS\u00c3O DE OBRAS S. P\u00daBLICOS AGROINDUSTRIAIS E COM\u00c9RCIO", "texto_original": "http://sapl.santanadavargem.mg.leg.br/media/sapl/public/materialegislativa/2020/531/parecer_25-08-2020.pdf", "ementa": "Institui medidas de transpar\u00eancia ativa no Munic\u00edpio de Santana da Vargem referentes \u00e0s a\u00e7\u00f5es de enfrentamento da COVID-19 (Coronav\u00edrus)"}, {"id": "549", "ano": "2020", "numero": "60", "tipo__sigla": "PCP", "tipo__descricao": "Parecer das Comiss\u00f5es Permanentes", "autoria": "CFO - COMISS\u00c3O DE FINAN\u00c7AS E OR\u00c7AMENTO", "texto_original": "http://sapl.santanadavargem.mg.leg.br/media/sapl/public/materialegislativa/2020/549/parecer_tecnico_da_comissao_de_financas_e_orcamentos_2018.pdf", "ementa": "Parecer sobre processo de julgamento das Contas de Governo do Prefeito Renato Teodoro da Silva. 2018"}, {"id": "584", "ano": "2020", "numero": "61", "tipo__sigla": "PCP", "tipo__descricao": "Parecer das Comiss\u00f5es Permanentes", "autoria": "CFO - COMISS\u00c3O DE FINAN\u00c7AS E OR\u00c7AMENTO", "texto_original": "http://sapl.santanadavargem.mg.leg.br/media/sapl/public/materialegislativa/2020/584/parecer_loa_2021.pdf", "ementa": "Estima Receita e fixa despesas do munic\u00edpio de Santana da Vargem -MG para o exerc\u00edcio de 2020"}, {"id": "592", "ano": "2020", "numero": "62", "tipo__sigla": "PCP", "tipo__descricao": "Parecer das Comiss\u00f5es Permanentes", "autoria": "CLJRF - Comiss\u00e3o de Legisla\u00e7\u00e3o, Justi\u00e7a e Reda\u00e7\u00e3o Final", "texto_original": "http://sapl.santanadavargem.mg.leg.br/media/sapl/public/materialegislativa/2020/592/parecer_cljrf_plo_17-20_loa.pdf", "ementa": "PARECER DA COMISS\u00c3O DE LEGISLA\u00c7\u00c3O, JUSTI\u00c7A E REDA\u00c7\u00c3O FINAL - PROJETO DE LEI ORDIN\u00c1RIA N\u00ba 017/2020 - ASSUNTO: \u201cEstima receita e fixa despesas do munic\u00edpio de Santana da Vargem -MG para o Exerc\u00edcio Financeiro de 2021\u201d."}, {"id": "599", "ano": "2020", "numero": "63", "tipo__sigla": "PCP", "tipo__descricao": "Parecer das Comiss\u00f5es Permanentes", "autoria": "CLJRF - Comiss\u00e3o de Legisla\u00e7\u00e3o, Justi\u00e7a e Reda\u00e7\u00e3o Final", "texto_original": "http://sapl.santanadavargem.mg.leg.br/media/sapl/public/materialegislativa/2020/599/parecer_cljrf_19-20.pdf", "ementa": "PARECER DA COMISS\u00c3O DE LEGISLA\u00c7\u00c3O, JUSTI\u00c7A E REDA\u00c7\u00c3O FINAL - PROJETO DE LEI ORDIN\u00c1RIA N\u00ba 019/2020 - ASSUNTO: \u201cCria Projeto/Atividades no PPA, autoriza abertura de Cr\u00e9ditos especiais no or\u00e7amento de 2020, com finalidade de execu\u00e7\u00e3o de recursos oriundos de transfer\u00eancia estaduais e d\u00e1 outras provid\u00eancias\u201d."}, {"id": "600", "ano": "2020", "numero": "64", "tipo__sigla": "PCP", "tipo__descricao": "Parecer das Comiss\u00f5es Permanentes", "autoria": "CFO - COMISS\u00c3O DE FINAN\u00c7AS E OR\u00c7AMENTO", "texto_original": "http://sapl.santanadavargem.mg.leg.br/media/sapl/public/materialegislativa/2020/600/parecer_lei_019_-_2020_1.pdf", "ementa": "Cria Projetos/Atividades no PPA, autoriza abertura de cr\u00e9ditos especiais no or\u00e7amento 2020, com a finalidade de execu\u00e7\u00e3o de recursos oriundos de transfer\u00eancias estaduais e d\u00e1 outras provid\u00eancias"}, {"id": "602", "ano": "2020", "numero": "65", "tipo__sigla": "PCP", "tipo__descricao": "Parecer das Comiss\u00f5es Permanentes", "autoria": "CESAS - COMISS\u00c3O DE EDUCA\u00c7\u00c3O SA\u00daDE E ASSIST\u00caNCIA SOCIAL", "texto_original": "http://sapl.santanadavargem.mg.leg.br/media/sapl/public/materialegislativa/2020/602/parecer_cesas_19-20.pdf", "ementa": "PARECER DA EDUCA\u00c7\u00c3O SA\u00daDE E ASSIST\u00caNCIA SOCIAL - PROJETO DE LEI ORDIN\u00c1RIA N\u00ba 019/2020 - ASSUNTO: \u201cCria Projeto/Atividades no PPA, autoriza abertura de Cr\u00e9ditos especiais no or\u00e7amento de 2020, com finalidade de execu\u00e7\u00e3o de recursos oriundos de transfer\u00eancia estaduais e d\u00e1 outras provid\u00eancias\u201d."}, {"id": "616", "ano": "2020", "numero": "66", "tipo__sigla": "PCP", "tipo__descricao": "Parecer das Comiss\u00f5es Permanentes", "autoria": "CLJRF - Comiss\u00e3o de Legisla\u00e7\u00e3o, Justi\u00e7a e Reda\u00e7\u00e3o Final", "texto_original": "http://sapl.santanadavargem.mg.leg.br/media/sapl/public/materialegislativa/2020/616/parecer_cljrf_pelo_1-20.pdf", "ementa": "PARECER DA COMISS\u00c3O DE LEGISLA\u00c7\u00c3O, JUSTI\u00c7A E REDA\u00c7\u00c3O FINAL - PROPOSTA DE EMENDA \u00c0 LEI ORG\u00c2NICA N\u00ba 01/2020 - ASSUNTO: \u201cDisp\u00f5e sobre a altera\u00e7\u00e3o da dura\u00e7\u00e3o do mandato eletivo da Mesa Diretora\u201d."}, {"id": "617", "ano": "2020", "numero": "67", "tipo__sigla": "PCP", "tipo__descricao": "Parecer das Comiss\u00f5es Permanentes", "autoria": "CLJRF - Comiss\u00e3o de Legisla\u00e7\u00e3o, Justi\u00e7a e Reda\u00e7\u00e3o Final", "texto_original": "http://sapl.santanadavargem.mg.leg.br/media/sapl/public/materialegislativa/2020/617/parecer_cljrf_plo_20-20.pdf", "ementa": "PARECER DA COMISS\u00c3O DE LEGISLA\u00c7\u00c3O, JUSTI\u00c7A E REDA\u00c7\u00c3O FINAL - PROJETO DE LEI ORDIN\u00c1RIA N\u00ba 20/2020 - ASSUNTO: \u201cDisp\u00f5e sobre a autoriza\u00e7\u00e3o da aliena\u00e7\u00e3o de bem dominical do munic\u00edpio de Matricula n\u00ba R.01.M.35.293, com \u00e1rea de 1.099,71m\u00b2, localizado no Bairro S\u00e3o Luiz, Santana da Vargem\u201d."}, {"id": "619", "ano": "2020", "numero": "68", "tipo__sigla": "PCP", "tipo__descricao": "Parecer das Comiss\u00f5es Permanentes", "autoria": "CFO - COMISS\u00c3O DE FINAN\u00c7AS E OR\u00c7AMENTO", "texto_original": "http://sapl.santanadavargem.mg.leg.br/media/sapl/public/materialegislativa/2020/619/parecer_lei_020_-_2020.pdf", "ementa": "Ementa: Disp\u00f5e autoriza\u00e7\u00e3o da aliena\u00e7\u00e3o de bem dominical do munic\u00edpio de Matr\u00edcula N\u00ba R.01.M.35.293, com \u00e1rea de 1.099,71 m\u00b2, localizado no bairro S\u00e3o Luiz, Santana da Vargem."}, {"id": "620", "ano": "2020", "numero": "69", "tipo__sigla": "PCP", "tipo__descricao": "Parecer das Comiss\u00f5es Permanentes", "autoria": "COSPAC - COMISS\u00c3O DE OBRAS S. P\u00daBLICOS AGROINDUSTRIAIS E COM\u00c9RCIO", "texto_original": "http://sapl.santanadavargem.mg.leg.br/media/sapl/public/materialegislativa/2020/620/parecer_cospact_020-2020.pdf", "ementa": "COMISS\u00c3O DE OBRAS S. P\u00daBLICOS AGROINDUSTRIAIS E COM\u00c9RCIO - PROJETO DE LEI ORDIN\u00c1RIA N\u00ba 20/2020 - ASSUNTO: \u201cDisp\u00f5e sobre a autoriza\u00e7\u00e3o da aliena\u00e7\u00e3o de bem dominical do munic\u00edpio de Matricula n\u00ba R.01.M.35.293, com \u00e1rea de 1.099,71m\u00b2, localizado no Bairro S\u00e3o Luiz, Santana da Vargem\u201d."}, {"id": "622", "ano": "2020", "numero": "70", "tipo__sigla": "PCP", "tipo__descricao": "Parecer das Comiss\u00f5es Permanentes", "autoria": "CLJRF - Comiss\u00e3o de Legisla\u00e7\u00e3o, Justi\u00e7a e Reda\u00e7\u00e3o Final", "texto_original": "http://sapl.santanadavargem.mg.leg.br/media/sapl/public/materialegislativa/2020/622/parecer_cljrf_-21-20.pdf", "ementa": "PARECER DA COMISS\u00c3O DE LEGISLA\u00c7\u00c3O, JUSTI\u00c7A E REDA\u00c7\u00c3O FINAL - PROJETO DE LEI ORDIN\u00c1RIA N\u00ba 021/2020 - ASSUNTO: \"Altera reda\u00e7\u00e3o dos Artigos 1\u00b0 e 2\u00b0 da Lei 1521/2020 que Cria Projetos/Atividades no PPA, autoriza abertura de cr\u00e9ditos especiais no or\u00e7amento 2020, com a finalidade de execu\u00e7\u00e3o de recursos oriundos de transfer\u00eancias estadual e federal e da as outras providencias \"."}, {"id": "629", "ano": "2020", "numero": "71", "tipo__sigla": "PCP", "tipo__descricao": "Parecer das Comiss\u00f5es Permanentes", "autoria": "CFO - COMISS\u00c3O DE FINAN\u00c7AS E OR\u00c7AMENTO", "texto_original": "http://sapl.santanadavargem.mg.leg.br/media/sapl/public/materialegislativa/2020/629/veto_ao_projeto_de_lei_ordinaria_n17-2020.pdf", "ementa": "Veto ao Projeto de Lei Ordin\u00e1io n\u00b017/2020."}, {"id": "630", "ano": "2020", "numero": "72", "tipo__sigla": "PCP", "tipo__descricao": "Parecer das Comiss\u00f5es Permanentes", "autoria": "CLJRF - Comiss\u00e3o de Legisla\u00e7\u00e3o, Justi\u00e7a e Reda\u00e7\u00e3o Final", "texto_original": "http://sapl.santanadavargem.mg.leg.br/media/sapl/public/materialegislativa/2020/630/parecer_cljrf_veto_plo_17-20_loa.pdf", "ementa": "Parecer da CLJRF ao Veto 001/2020 ao Projeto de Lei Ordin\u00e1ria n\u00b0 017/2020."}, {"id": "637", "ano": "2020", "numero": "73", "tipo__sigla": "PCP", "tipo__descricao": "Parecer das Comiss\u00f5es Permanentes", "autoria": "CLJRF - Comiss\u00e3o de Legisla\u00e7\u00e3o, Justi\u00e7a e Reda\u00e7\u00e3o Final", "texto_original": "http://sapl.santanadavargem.mg.leg.br/media/sapl/public/materialegislativa/2020/637/parecer_cljrf_plo_7-20_leg.pdf", "ementa": "PARECER DA COMISS\u00c3O DE LEGISLA\u00c7\u00c3O, JUSTI\u00c7A E REDA\u00c7\u00c3O FINAL - PROJETO DE LEI ORDIN\u00c1RIA DO LEGISLATIVO N\u00ba 007/2020 - ASSUNTO: \u201cDisp\u00f5e sobre a abertura de cr\u00e9dito adicional suplementar\u201d."}, {"id": "638", "ano": "2020", "numero": "74", "tipo__sigla": "PCP", "tipo__descricao": "Parecer das Comiss\u00f5es Permanentes", "autoria": "CFO - COMISS\u00c3O DE FINAN\u00c7AS E OR\u00c7AMENTO", "texto_original": "http://sapl.santanadavargem.mg.leg.br/media/sapl/public/materialegislativa/2020/638/parecer_cfo07-2020.pdf", "ementa": "Disp\u00f5e sobre abertura de cr\u00e9dito adicional suplementar."}, {"id": "644", "ano": "2020", "numero": "75", "tipo__sigla": "PCP", "tipo__descricao": "Parecer das Comiss\u00f5es Permanentes", "autoria": "CFO - COMISS\u00c3O DE FINAN\u00c7AS E OR\u00c7AMENTO", "texto_original": "http://sapl.santanadavargem.mg.leg.br/media/sapl/public/materialegislativa/2020/644/parecer_lei_22-2020.pdf", "ementa": "Autoriza a abertura de cr\u00e9ditos suplementares e da outras provid\u00eancias"}, {"id": "646", "ano": "2020", "numero": "76", "tipo__sigla": "PCP", "tipo__descricao": "Parecer das Comiss\u00f5es Permanentes", "autoria": "CLJRF - Comiss\u00e3o de Legisla\u00e7\u00e3o, Justi\u00e7a e Reda\u00e7\u00e3o Final", "texto_original": "http://sapl.santanadavargem.mg.leg.br/media/sapl/public/materialegislativa/2020/646/parecer_cljrf_22-20.pdf", "ementa": "PARECER DA COMISS\u00c3O DE LEGISLA\u00c7\u00c3O, JUSTI\u00c7A E REDA\u00c7\u00c3O FINAL - PROJETO DE LEI ORDIN\u00c1RIA N\u00ba 022/2020 - ASSUNTO: \u201cAutoriza a abertura de cr\u00e9ditos suplementares e d\u00e1 outras provid\u00eancias\u201d."}, {"id": "663", "ano": "2020", "numero": "77", "tipo__sigla": "PCP", "tipo__descricao": "Parecer das Comiss\u00f5es Permanentes", "autoria": "CFO - COMISS\u00c3O DE FINAN\u00c7AS E OR\u00c7AMENTO", "texto_original": "http://sapl.santanadavargem.mg.leg.br/media/sapl/public/materialegislativa/2020/663/parecer_lei_23-2020_a.pdf", "ementa": "Altera reda\u00e7\u00e3o do inciso I, artigo 4\u00b0 da Lei n\u00b0 1.508/2019 e da outras provid\u00eancias"}, {"id": "664", "ano": "2020", "numero": "78", "tipo__sigla": "PCP", "tipo__descricao": "Parecer das Comiss\u00f5es Permanentes", "autoria": "CLJRF - Comiss\u00e3o de Legisla\u00e7\u00e3o, Justi\u00e7a e Reda\u00e7\u00e3o Final", "texto_original": "http://sapl.santanadavargem.mg.leg.br/media/sapl/public/materialegislativa/2020/664/parecer_cljrf_23-20.pdf", "ementa": "PARECER DA COMISS\u00c3O DE LEGISLA\u00c7\u00c3O, JUSTI\u00c7A E REDA\u00c7\u00c3O FINAL - PROJETO DE LEI ORDIN\u00c1RIA N\u00ba 023/2020 - ASSUNTO: \u201cAltera a reda\u00e7\u00e3o do inciso I, artigo 4\u00b0da Lei 1.508/2019 e d\u00e1 outras provid\u00eancias\u201d."}, {"id": "771", "ano": "2020", "numero": "79", "tipo__sigla": "PCP", "tipo__descricao": "Parecer das Comiss\u00f5es Permanentes", "autoria": "CLJRF - Comiss\u00e3o de Legisla\u00e7\u00e3o, Justi\u00e7a e Reda\u00e7\u00e3o Final", "texto_original": "http://sapl.santanadavargem.mg.leg.br/media/sapl/public/materialegislativa/2020/771/parecer_cljrf.pdf", "ementa": "Parecer da Comiss\u00e3o de Legisla\u00e7\u00e3o, Justi\u00e7a e Reda\u00e7\u00e3o Final ao projeto de lei ordin\u00e1ria n\u00b0 10/2020 que \"Disp\u00f5e sobre a desafeta\u00e7\u00e3o de bem p\u00fablico de uso comum, Matr\u00edcula n\u00ba R.01.M.35.293, com \u00e1rea de 1.099,71 m\u00b2, localizado no Bairro S\u00e3o Luiz, Santana da Vargem. \""}, {"id": "780", "ano": "2020", "numero": "80", "tipo__sigla": "PCP", "tipo__descricao": "Parecer das Comiss\u00f5es Permanentes", "autoria": "CESAS - COMISS\u00c3O DE EDUCA\u00c7\u00c3O SA\u00daDE E ASSIST\u00caNCIA SOCIAL", "texto_original": "http://sapl.santanadavargem.mg.leg.br/media/sapl/public/materialegislativa/2020/780/parecer_cesas_plo_exc_12-20.pdf", "ementa": "Cria projeto/Atividades no PPA, autoriza abertura de cr\u00e9ditos especiais no or\u00e7amento de 2020, com finalidade de execu\u00e7\u00e3o de recursos oriundos de transfer\u00eancia estadual e federal e da outras providencias"}, {"id": "379", "ano": "2020", "numero": "1", "tipo__sigla": "PO", "tipo__descricao": "Portaria", "autoria": "Jos\u00e9 Elias", "texto_original": "http://sapl.santanadavargem.mg.leg.br/media/sapl/public/materialegislativa/2020/379/designa_1_secretario_1.pdf", "ementa": "\u201cDisp\u00f5e sobre a designa\u00e7\u00e3o do 1\u00ba Secret\u00e1rio para assinatura em conta corrente da C\u00e2mara Municipal de Santana da Vargem, e d\u00e1 outras provid\u00eancias\u201d"}, {"id": "380", "ano": "2020", "numero": "2", "tipo__sigla": "PO", "tipo__descricao": "Portaria", "autoria": "Jos\u00e9 Elias", "texto_original": "http://sapl.santanadavargem.mg.leg.br/media/sapl/public/materialegislativa/2020/380/portaria_02-2020.pdf", "ementa": "\u201cDisp\u00f5e sobre a nomea\u00e7\u00e3o de  servidor para ocupar cargo em  comiss\u00e3o, Diretor Geral."}, {"id": "381", "ano": "2020", "numero": "3", "tipo__sigla": "PO", "tipo__descricao": "Portaria", "autoria": "Jos\u00e9 Elias", "texto_original": "http://sapl.santanadavargem.mg.leg.br/media/sapl/public/materialegislativa/2020/381/portaria_03-2020.pdf", "ementa": "NOMEIA PREGOEIRO E  COMISS\u00c3O DE LICITA\u00c7\u00c3O"}, {"id": "390", "ano": "2020", "numero": "4", "tipo__sigla": "PO", "tipo__descricao": "Portaria", "autoria": "Jos\u00e9 Elias", "texto_original": "http://sapl.santanadavargem.mg.leg.br/media/sapl/public/materialegislativa/2020/390/portaria_04-2020_2013.pdf", "ementa": "Determina a abertura de processo administrativo para o julgamento de contas do Exerc\u00edcio Financeiro de 2013 e d\u00e1 outras provid\u00eancias"}, {"id": "391", "ano": "2020", "numero": "5", "tipo__sigla": "PO", "tipo__descricao": "Portaria", "autoria": "Jos\u00e9 Elias", "texto_original": "http://sapl.santanadavargem.mg.leg.br/media/", "ementa": "Determina a abertura de processo licitat\u00f3rio para a contrata\u00e7\u00e3o de servi\u00e7os de engenharia"}, {"id": "412", "ano": "2020", "numero": "6", "tipo__sigla": "PO", "tipo__descricao": "Portaria", "autoria": "Jos\u00e9 Elias", "texto_original": "http://sapl.santanadavargem.mg.leg.br/media/sapl/public/materialegislativa/2020/412/portaria_6-2020.pdf", "ementa": "Disp\u00f5e sobre a nomea\u00e7\u00e3o da Comiss\u00e3o\r\nde Inventario F\u00edsico e Financeiro dos\r\nBens Patrimoniais."}, {"id": "413", "ano": "2020", "numero": "7", "tipo__sigla": "PO", "tipo__descricao": "Portaria", "autoria": "Jos\u00e9 Elias", "texto_original": "http://sapl.santanadavargem.mg.leg.br/media/sapl/public/materialegislativa/2020/413/portaria_07-2020.pdf", "ementa": "\u201cAutoriza Servidor a conduzir a conduzir o veiculo do legislativo\u201d"}, {"id": "419", "ano": "2020", "numero": "8", "tipo__sigla": "PO", "tipo__descricao": "Portaria", "autoria": "Jos\u00e9 Elias", "texto_original": "http://sapl.santanadavargem.mg.leg.br/media/sapl/public/materialegislativa/2020/419/portaria_08-2020.pdf", "ementa": "\u201cSuspende o atendimento externo em car\u00e1ter tempor\u00e1rio, a fim de mitigar os riscos decorrentes do avan\u00e7o do Novo Coronavirus (COVID-19). \u201d"}, {"id": "421", "ano": "2020", "numero": "10", "tipo__sigla": "PO", "tipo__descricao": "Portaria", "autoria": "Jos\u00e9 Elias", "texto_original": "http://sapl.santanadavargem.mg.leg.br/media/sapl/public/materialegislativa/2020/421/portaria_08-2020_2.pdf", "ementa": "\u201cDisp\u00f5e sobre expediente administrativo e legislativo, em per\u00edodo espec\u00edfico e diante de situa\u00e7\u00e3o de pandemia, no \u00e2mbito  e no interesse do Poder Legislativo Municipal \u201d"}, {"id": "422", "ano": "2020", "numero": "11", "tipo__sigla": "PO", "tipo__descricao": "Portaria", "autoria": "Jos\u00e9 Elias", "texto_original": "http://sapl.santanadavargem.mg.leg.br/media/sapl/public/materialegislativa/2020/422/portaria_11-2020.pdf", "ementa": "\u201cDisp\u00f5e sobre a utiliza\u00e7\u00e3o de equipamento m\u00f3vel de computa\u00e7\u00e3o, notebook,  no \u00e2mbito e no interesse do Poder Legislativo Municipal \u201d"}, {"id": "427", "ano": "2020", "numero": "12", "tipo__sigla": "PO", "tipo__descricao": "Portaria", "autoria": "Jos\u00e9 Elias", "texto_original": "http://sapl.santanadavargem.mg.leg.br/media/sapl/public/materialegislativa/2020/427/portaria_12-2020.pdf", "ementa": "\u201cDisp\u00f5e sobre expediente administrativo e legislativo, em per\u00edodo espec\u00edfico e diante de situa\u00e7\u00e3o de pandemia, no \u00e2mbito e no interesse do Poder Legislativo Municipal \u201d"}, {"id": "428", "ano": "2020", "numero": "13", "tipo__sigla": "PO", "tipo__descricao": "Portaria", "autoria": "Jos\u00e9 Elias", "texto_original": "http://sapl.santanadavargem.mg.leg.br/media/sapl/public/materialegislativa/2020/428/portaria_13-2020_2018.pdf", "ementa": "\u201cDetermina abertura de processo administrativo para o julgamento de contas do exerc\u00edcio financeiro de 2018 e d\u00e1 outras provid\u00eancias\u201d"}, {"id": "438", "ano": "2020", "numero": "14", "tipo__sigla": "PO", "tipo__descricao": "Portaria", "autoria": "Jos\u00e9 Elias", "texto_original": "http://sapl.santanadavargem.mg.leg.br/media/sapl/public/materialegislativa/2020/438/portaria_14-2020.pdf", "ementa": "\u201cDisp\u00f5e sobre a homologa\u00e7\u00e3o do Concurso\r\nPublico\u201d"}, {"id": "436", "ano": "2020", "numero": "15", "tipo__sigla": "PO", "tipo__descricao": "Portaria", "autoria": "Jos\u00e9 Elias", "texto_original": "http://sapl.santanadavargem.mg.leg.br/media/sapl/public/materialegislativa/2020/436/portaria_15-2020_2.pdf", "ementa": "\u201cDisp\u00f5e sobre expediente administrativo e legislativo, em per\u00edodo espec\u00edfico e diante de situa\u00e7\u00e3o de pandemia, no \u00e2mbito e no interesse do Poder Legislativo Municipal \u201d"}, {"id": "437", "ano": "2020", "numero": "16", "tipo__sigla": "PO", "tipo__descricao": "Portaria", "autoria": "Jos\u00e9 Elias", "texto_original": "http://sapl.santanadavargem.mg.leg.br/media/sapl/public/materialegislativa/2020/437/portaria_16.pdf", "ementa": "PONTO FACULTATIVO NO \u00c2MBITO DO PODER LEGISLATIVO DO MUNIC\u00cdPIO DE SANTANA DA VARGEM - MG, NO DIA 20 DE ABRIL DE 2020."}, {"id": "440", "ano": "2020", "numero": "17", "tipo__sigla": "PO", "tipo__descricao": "Portaria", "autoria": "Jos\u00e9 Elias", "texto_original": "http://sapl.santanadavargem.mg.leg.br/media/sapl/public/materialegislativa/2020/440/17-2020.pdf", "ementa": "Determina a abertura de processo licitat\u00f3rio para aquisi\u00e7\u00e3o de gasolina comum e etanol."}, {"id": "445", "ano": "2020", "numero": "18", "tipo__sigla": "PO", "tipo__descricao": "Portaria", "autoria": "Jos\u00e9 Elias", "texto_original": "http://sapl.santanadavargem.mg.leg.br/media/sapl/public/materialegislativa/2020/445/portaria_18-2020.pdf", "ementa": "\u201cDisp\u00f5e sobre expediente administrativo e legislativo, em per\u00edodo espec\u00edfico e diante de situa\u00e7\u00e3o de pandemia, no \u00e2mbito e no interesse do Poder Legislativo Municipal \u201d"}, {"id": "463", "ano": "2020", "numero": "19", "tipo__sigla": "PO", "tipo__descricao": "Portaria", "autoria": "Jos\u00e9 Elias", "texto_original": "http://sapl.santanadavargem.mg.leg.br/media/sapl/public/materialegislativa/2020/463/portaria_19-2020.pdf", "ementa": "\u201cDetermina a abertura de processo administrativo para\r\napurar supostas verbas irregulares recebidas pelo Sr. Paulo\r\nHenrique Freitas, feitas pela C\u00e2mara nos anos de 2017,\r\n2018 e 2019 e a eventual conduta dos agentes pol\u00edticos\r\nque efetuaram os pagamentos\u201d"}, {"id": "464", "ano": "2020", "numero": "20", "tipo__sigla": "PO", "tipo__descricao": "Portaria", "autoria": "Jos\u00e9 Elias", "texto_original": "http://sapl.santanadavargem.mg.leg.br/media/sapl/public/materialegislativa/2020/464/portaria_20-2020.pdf", "ementa": "\u201cPONTO FACULTATIVO NO \u00c2MBITO DO PODER\r\nLEGISLATIVO DO MUNIC\u00cdPIO DE SANTANA DA\r\nVARGEM - MG, NO DIA 12 DE JUNHO DE 2020.\u201d"}, {"id": "465", "ano": "2020", "numero": "21", "tipo__sigla": "PO", "tipo__descricao": "Portaria", "autoria": "Jos\u00e9 Elias", "texto_original": "http://sapl.santanadavargem.mg.leg.br/media/sapl/public/materialegislativa/2020/465/portaria_21-2020.pdf", "ementa": "Determina a abertura de processo licitat\u00f3rio para aquisi\u00e7\u00e3o de toner similar para Multifuncional Kyocera ecosys M3145"}, {"id": "468", "ano": "2020", "numero": "22", "tipo__sigla": "PO", "tipo__descricao": "Portaria", "autoria": "Jos\u00e9 Elias", "texto_original": "http://sapl.santanadavargem.mg.leg.br/media/sapl/public/materialegislativa/2020/468/portaria_22-2020.pdf", "ementa": "\u201cDisp\u00f5e sobre expediente administrativo e legislativo, em per\u00edodo espec\u00edfico e diante de situa\u00e7\u00e3o de pandemia, no \u00e2mbito e no interesse do Poder Legislativo Municipal \u201d"}, {"id": "482", "ano": "2020", "numero": "23", "tipo__sigla": "PO", "tipo__descricao": "Portaria", "autoria": "Jos\u00e9 Elias", "texto_original": "http://sapl.santanadavargem.mg.leg.br/media/sapl/public/materialegislativa/2020/482/portaria_23-2020.pdf", "ementa": "\u201cDetermina a abertura de processo administrativo para apurar a restitui\u00e7\u00e3o financeira feita aos cofres p\u00fablicos\u201d"}, {"id": "491", "ano": "2020", "numero": "24", "tipo__sigla": "PO", "tipo__descricao": "Portaria", "autoria": "Jos\u00e9 Elias", "texto_original": "http://sapl.santanadavargem.mg.leg.br/media/sapl/public/materialegislativa/2020/491/portaria_-_alteracao_da_data_da_sessao_ordinaria.pdf", "ementa": "Altera a data da sess\u00e3o ordin\u00e1ria do dia 14 de julho de 2020."}, {"id": "499", "ano": "2020", "numero": "25", "tipo__sigla": "PO", "tipo__descricao": "Portaria", "autoria": "Jos\u00e9 Elias", "texto_original": "http://sapl.santanadavargem.mg.leg.br/media/sapl/public/materialegislativa/2020/499/portaria_25_-_alteracao_da_data_da_sessao_ordinaria.pdf", "ementa": "Altera a data da sess\u00e3o ordin\u00e1ria do dia 21 de julho de 2020."}, {"id": "509", "ano": "2020", "numero": "26", "tipo__sigla": "PO", "tipo__descricao": "Portaria", "autoria": "Jos\u00e9 Elias", "texto_original": "http://sapl.santanadavargem.mg.leg.br/media/sapl/public/materialegislativa/2020/509/portaria_26-2020.pdf", "ementa": "Determina encerramento de processo licitat\u00f3rio para a aquisi\u00e7\u00e3o de toner similar para Multifuncional Kyocera ecosys M3145"}, {"id": "510", "ano": "2020", "numero": "27", "tipo__sigla": "PO", "tipo__descricao": "Portaria", "autoria": "Jos\u00e9 Elias", "texto_original": "http://sapl.santanadavargem.mg.leg.br/media/sapl/public/materialegislativa/2020/510/portaria_27-2020.pdf", "ementa": "Determina abertura de processo licitat\u00f3rio para a aquisi\u00e7\u00e3o de toner similar para Multifuncional Kyocera ecosys M3145"}, {"id": "511", "ano": "2020", "numero": "28", "tipo__sigla": "PO", "tipo__descricao": "Portaria", "autoria": "Jos\u00e9 Elias", "texto_original": "http://sapl.santanadavargem.mg.leg.br/media/sapl/public/materialegislativa/2020/511/portaria_28-2020.pdf", "ementa": "\u201cDetermina a abertura de processo administrativo para apurar supostas verbas irregulares recebidas pelo Sr. Paulo Henrique Freitas, feitas pela C\u00e2mara nos anos de 2017, 2018 e 2019 e a eventual conduta dos agentes pol\u00edticos que efetuaram os pagamentos\u201d"}, {"id": "513", "ano": "2020", "numero": "29", "tipo__sigla": "PO", "tipo__descricao": "Portaria", "autoria": "Jos\u00e9 Elias", "texto_original": "http://sapl.santanadavargem.mg.leg.br/media/sapl/public/materialegislativa/2020/513/portaria_29-2020.pdf", "ementa": "\u201cDetermina a abertura de processo licitatorio para aquisi\u00e7\u00e3o de toner original para a Impressora Multifuncional Kyocera ecosys M3145\u201d"}, {"id": "522", "ano": "2020", "numero": "30", "tipo__sigla": "PO", "tipo__descricao": "Portaria", "autoria": "Jos\u00e9 Elias", "texto_original": "http://sapl.santanadavargem.mg.leg.br/media/sapl/public/materialegislativa/2020/522/portaria_30-2020.pdf", "ementa": "\u201cDetermina abertura de processo administrativo para o julgamento de contas do exerc\u00edcio financeiro de 2017 e d\u00e1 outras provid\u00eancias\u201d"}, {"id": "523", "ano": "2020", "numero": "31", "tipo__sigla": "PO", "tipo__descricao": "Portaria", "autoria": "Jos\u00e9 Elias", "texto_original": "http://sapl.santanadavargem.mg.leg.br/media/sapl/public/materialegislativa/2020/523/portaria_31-2020_1.pdf", "ementa": "\u201cAutoriza Servidor a conduzir a conduzir o veiculo do legislativo\u201d"}, {"id": "525", "ano": "2020", "numero": "32", "tipo__sigla": "PO", "tipo__descricao": "Portaria", "autoria": "Jos\u00e9 Elias", "texto_original": "http://sapl.santanadavargem.mg.leg.br/media/sapl/public/materialegislativa/2020/525/portaria_32-2020.pdf", "ementa": "\u201cDisp\u00f5e sobre a volta das Sess\u00f5es Ordin\u00e1rias do Poder Legislativo Municipal\u201d"}, {"id": "568", "ano": "2020", "numero": "33", "tipo__sigla": "PO", "tipo__descricao": "Portaria", "autoria": "Jos\u00e9 Elias", "texto_original": "http://sapl.santanadavargem.mg.leg.br/media/sapl/public/materialegislativa/2020/568/portaria_33-2020.pdf", "ementa": "\u201cDisp\u00f5e sobre expediente administrativo e legislativo, em per\u00edodo espec\u00edfico diante de situa\u00e7\u00e3o de pandemia, no \u00e2mbito e no interesse do Poder Legislativo Municipal \u201d"}, {"id": "586", "ano": "2020", "numero": "34", "tipo__sigla": "PO", "tipo__descricao": "Portaria", "autoria": "Jos\u00e9 Elias", "texto_original": "http://sapl.santanadavargem.mg.leg.br/media/sapl/public/materialegislativa/2020/586/portaria_34-2020.pdf", "ementa": "Determina a abertura de processo administrativo para aquisi\u00e7\u00e3o de produtos de panifica\u00e7\u00e3o, leite e derivados."}, {"id": "588", "ano": "2020", "numero": "35", "tipo__sigla": "PO", "tipo__descricao": "Portaria", "autoria": "Jos\u00e9 Elias", "texto_original": "http://sapl.santanadavargem.mg.leg.br/media/sapl/public/materialegislativa/2020/588/portaria_35-2020.pdf", "ementa": "Determina a abertura de processo administrativo para aquisi\u00e7\u00e3o de mini salgados e mini p\u00e3es de queijo para eventos."}, {"id": "589", "ano": "2020", "numero": "36", "tipo__sigla": "PO", "tipo__descricao": "Portaria", "autoria": "Jos\u00e9 Elias", "texto_original": "http://sapl.santanadavargem.mg.leg.br/media/sapl/public/materialegislativa/2020/589/portaria_36-2020.pdf", "ementa": "Determina a abertura de processo administrativo para aquisi\u00e7\u00e3o de materiais de limpeza, higiene e utilidades dom\u00e9sticas."}, {"id": "590", "ano": "2020", "numero": "37", "tipo__sigla": "PO", "tipo__descricao": "Portaria", "autoria": "Jos\u00e9 Elias", "texto_original": "http://sapl.santanadavargem.mg.leg.br/media/sapl/public/materialegislativa/2020/590/portaria_37-2020.pdf", "ementa": "Determina a abertura de processo administrativo para aquisi\u00e7\u00e3o de material de expediente."}, {"id": "591", "ano": "2020", "numero": "38", "tipo__sigla": "PO", "tipo__descricao": "Portaria", "autoria": "Jos\u00e9 Elias", "texto_original": "http://sapl.santanadavargem.mg.leg.br/media/sapl/public/materialegislativa/2020/591/portaria_38-2020.pdf", "ementa": "Determina a abertura de processo administrativo para  aquisi\u00e7\u00e3o de g\u00eaneros aliment\u00edcios."}, {"id": "594", "ano": "2020", "numero": "39", "tipo__sigla": "PO", "tipo__descricao": "Portaria", "autoria": "Jos\u00e9 Elias", "texto_original": "http://sapl.santanadavargem.mg.leg.br/media/sapl/public/materialegislativa/2020/594/portaria_39-2020.pdf", "ementa": "ALTERA MEMBRO DA COMISS\u00c3O DE LICITA\u00c7\u00c3O"}, {"id": "595", "ano": "2020", "numero": "40", "tipo__sigla": "PO", "tipo__descricao": "Portaria", "autoria": "Jos\u00e9 Elias", "texto_original": "http://sapl.santanadavargem.mg.leg.br/media/", "ementa": "Disp\u00f5e sobre a volta das Sess\u00f5es Ordin\u00e1rias do Poder Legislativo Municipal"}, {"id": "605", "ano": "2020", "numero": "41", "tipo__sigla": "PO", "tipo__descricao": "Portaria", "autoria": "Jos\u00e9 Elias", "texto_original": "http://sapl.santanadavargem.mg.leg.br/media/sapl/public/materialegislativa/2020/605/portaria_41-2020_-_carlos_casagrande.pdf", "ementa": "Nomeia aprovado em concurso p\u00fablico"}, {"id": "606", "ano": "2020", "numero": "42", "tipo__sigla": "PO", "tipo__descricao": "Portaria", "autoria": "Jos\u00e9 Elias", "texto_original": "http://sapl.santanadavargem.mg.leg.br/media/sapl/public/materialegislativa/2020/606/portaria_42-2020_-_maria_dos_santos.pdf", "ementa": "Nomeia aprovado em concurso p\u00fablico"}, {"id": "607", "ano": "2020", "numero": "43", "tipo__sigla": "PO", "tipo__descricao": "Portaria", "autoria": "Jos\u00e9 Elias", "texto_original": "http://sapl.santanadavargem.mg.leg.br/media/sapl/public/materialegislativa/2020/607/portaria_43-2020_-_alanis_carolina_2020.pdf", "ementa": "Nomeia aprovado em concurso p\u00fablico"}, {"id": "608", "ano": "2020", "numero": "44", "tipo__sigla": "PO", "tipo__descricao": "Portaria", "autoria": "Jos\u00e9 Elias", "texto_original": "http://sapl.santanadavargem.mg.leg.br/media/sapl/public/materialegislativa/2020/608/portaria_43-2020_-_larissa_naves.pdf", "ementa": "Nomeia aprovado em concurso p\u00fablico"}, {"id": "621", "ano": "2020", "numero": "45", "tipo__sigla": "PO", "tipo__descricao": "Portaria", "autoria": "Jos\u00e9 Elias", "texto_original": "http://sapl.santanadavargem.mg.leg.br/media/sapl/public/materialegislativa/2020/621/portaria_45-2020.pdf", "ementa": "\u201cPONTO FACULTATIVO NO \u00c2MBITO DO PODER LEGISLATIVO DO MUNIC\u00cdPIO DE SANTANA DA VARGEM - MG, NO DIA 30 DE OUTUBRO DE 2020.\u201d"}, {"id": "632", "ano": "2020", "numero": "46", "tipo__sigla": "PO", "tipo__descricao": "Portaria", "autoria": "Jos\u00e9 Elias", "texto_original": "http://sapl.santanadavargem.mg.leg.br/media/sapl/public/materialegislativa/2020/632/portaria_n046-2020.pdf", "ementa": "Determina a abertura de processo licitat\u00f3rio para a aquisi\u00e7\u00e3o de livros para o setor jur\u00eddico e para o setor de controle interno."}, {"id": "643", "ano": "2020", "numero": "47", "tipo__sigla": "PO", "tipo__descricao": "Portaria", "autoria": "Jos\u00e9 Elias Figueiredo", "texto_original": "http://sapl.santanadavargem.mg.leg.br/media/sapl/public/materialegislativa/2020/643/portaria_47-2020.pdf", "ementa": "Autoriza Servidor a conduzir o ve\u00edculo do legislativo"}, {"id": "645", "ano": "2020", "numero": "48", "tipo__sigla": "PO", "tipo__descricao": "Portaria", "autoria": "Jos\u00e9 Elias", "texto_original": "http://sapl.santanadavargem.mg.leg.br/media/sapl/public/materialegislativa/2020/645/portaria_48-2020.pdf", "ementa": "Disp\u00f5e sobre a altera\u00e7\u00e3o da data da 22\u00aa reuni\u00e3o ordin\u00e1ria da C\u00e2mara Municipal"}, {"id": "655", "ano": "2020", "numero": "49", "tipo__sigla": "PO", "tipo__descricao": "Portaria", "autoria": "Jos\u00e9 Elias", "texto_original": "http://sapl.santanadavargem.mg.leg.br/media/sapl/public/materialegislativa/2020/655/portaria_49_de_2020.pdf", "ementa": "Disp\u00f5e sobre a altera\u00e7\u00e3o da data da 23\u00aa reuni\u00e3o ordin\u00e1ria da C\u00e2mara Municipal"}, {"id": "656", "ano": "2020", "numero": "50", "tipo__sigla": "PO", "tipo__descricao": "Portaria", "autoria": "Jos\u00e9 Elias", "texto_original": "http://sapl.santanadavargem.mg.leg.br/media/sapl/public/materialegislativa/2020/656/nomeacao_da_comissao_de_licitacao_-_2020.pdf", "ementa": "Nomear comiss\u00e3o de licita\u00e7\u00e3o - 2020"}, {"id": "657", "ano": "2020", "numero": "51", "tipo__sigla": "PO", "tipo__descricao": "Portaria", "autoria": "Jos\u00e9 Elias Figueiredo", "texto_original": "http://sapl.santanadavargem.mg.leg.br/media/sapl/public/materialegislativa/2020/657/portaria_51-2020.pdf", "ementa": "Determinar a abertura de processo administrativo para aquisi\u00e7\u00e3o de aparelhos ar condicionado"}, {"id": "658", "ano": "2020", "numero": "52", "tipo__sigla": "PO", "tipo__descricao": "Portaria", "autoria": "Jos\u00e9 Elias Figueiredo", "texto_original": "http://sapl.santanadavargem.mg.leg.br/media/sapl/public/materialegislativa/2020/658/portaria_52-2020.pdf", "ementa": "Determina a abertura de processo administrativo para aquisi\u00e7\u00e3o de uniformes"}, {"id": "659", "ano": "2020", "numero": "53", "tipo__sigla": "PO", "tipo__descricao": "Portaria", "autoria": "Jos\u00e9 Elias Figueiredo", "texto_original": "http://sapl.santanadavargem.mg.leg.br/media/sapl/public/materialegislativa/2020/659/portaria_53-2020.pdf", "ementa": "Determinar a abertura de processo administrativo para aquisi\u00e7\u00e3o de c\u00e2mera digital de filmagem com trip\u00e9"}, {"id": "660", "ano": "2020", "numero": "54", "tipo__sigla": "PO", "tipo__descricao": "Portaria", "autoria": "Jos\u00e9 Elias Figueiredo", "texto_original": "http://sapl.santanadavargem.mg.leg.br/media/sapl/public/materialegislativa/2020/660/portaria_54-2020.pdf", "ementa": "Determinar a abertura de processo administrativo para aquisi\u00e7\u00e3o de aparelho telef\u00f4nico PABX"}, {"id": "661", "ano": "2020", "numero": "55", "tipo__sigla": "PO", "tipo__descricao": "Portaria", "autoria": "Jos\u00e9 Elias Figueiredo", "texto_original": "http://sapl.santanadavargem.mg.leg.br/media/sapl/public/materialegislativa/2020/661/portaria_55-2020.pdf", "ementa": "Determina a abertura de processo administrativo para aquisi\u00e7\u00e3o de g\u00e1s de cozinha"}, {"id": "662", "ano": "2020", "numero": "56", "tipo__sigla": "PO", "tipo__descricao": "Portaria", "autoria": "Jos\u00e9 Elias Figueiredo", "texto_original": "http://sapl.santanadavargem.mg.leg.br/media/sapl/public/materialegislativa/2020/662/portaria_56-2020.pdf", "ementa": "Determinar a abertura de processo administrativo para aquisi\u00e7\u00e3o de seguro para autos"}, {"id": "665", "ano": "2020", "numero": "57", "tipo__sigla": "PO", "tipo__descricao": "Portaria", "autoria": "Jos\u00e9 Elias Figueiredo", "texto_original": "http://sapl.santanadavargem.mg.leg.br/media/sapl/public/materialegislativa/2020/665/portaria_57_de_23_de_dezembro_de_2020.pdf", "ementa": "Ponto facultativo no \u00e2mbito do poder legislativo do munic\u00edpio de Santana da Vargem-MG no dia 24 de dezembro de 2020"}, {"id": "1561", "ano": "2020", "numero": "58", "tipo__sigla": "PO", "tipo__descricao": "Portaria", "autoria": "Luiz Felipe", "texto_original": "http://sapl.santanadavargem.mg.leg.br/media/", "ementa": "Exonera servidor ocupante de cargo comissionado, Diretor Geral"}, {"id": "503", "ano": "2020", "numero": "1", "tipo__sigla": "PDL", "tipo__descricao": "Projeto de Decreto Legislativo", "autoria": "CFO - COMISS\u00c3O DE FINAN\u00c7AS E OR\u00c7AMENTO", "texto_original": "http://sapl.santanadavargem.mg.leg.br/media/sapl/public/materialegislativa/2020/503/projeto_de_decreto_legislativo_n_01-2020_1.pdf", "ementa": "\u201cDisp\u00f5e sobre a aprova\u00e7\u00e3o das contas da Prefeitura do Munic\u00edpio de Santana da Vargem, referente ao exerc\u00edcio de 2013\u201d"}, {"id": "609", "ano": "2020", "numero": "2", "tipo__sigla": "PDL", "tipo__descricao": "Projeto de Decreto Legislativo", "autoria": "CFO - COMISS\u00c3O DE FINAN\u00c7AS E OR\u00c7AMENTO", "texto_original": "http://sapl.santanadavargem.mg.leg.br/media/sapl/public/materialegislativa/2020/609/projeto_de_decreto_legislativo_n_002-2020.pdf", "ementa": "\u201cDisp\u00f5e sobre a aprova\u00e7\u00e3o das contas da Prefeitura do Munic\u00edpio de Santana da Vargem, referente ao exerc\u00edcio de 2017\u201d"}, {"id": "610", "ano": "2020", "numero": "3", "tipo__sigla": "PDL", "tipo__descricao": "Projeto de Decreto Legislativo", "autoria": "CLJRF - Comiss\u00e3o de Legisla\u00e7\u00e3o, Justi\u00e7a e Reda\u00e7\u00e3o Final", "texto_original": "http://sapl.santanadavargem.mg.leg.br/media/sapl/public/materialegislativa/2020/610/projeto_de_decreto_legislativo_n_003-2020.pdf", "ementa": "\u201cDisp\u00f5e sobre a aprova\u00e7\u00e3o das contas da Prefeitura do Munic\u00edpio de Santana da Vargem, referente ao exerc\u00edcio de 2018\u201d"}, {"id": "498", "ano": "2020", "numero": "15", "tipo__sigla": "PLO", "tipo__descricao": "Projeto de Lei Ordin\u00e1ria", "autoria": "Renato Theodoro da Silva", "texto_original": "http://sapl.santanadavargem.mg.leg.br/media/sapl/public/materialegislativa/2020/498/plo_15-2020.pdf", "ementa": "Disp\u00f5e sobre a altera\u00e7\u00e3o do artigo 1\u00ba da Lei Municipal n\u00ba 1471, de 17 de dezembro de 2018 que \"Cria a Coordenadoria Municipal de Prote\u00e7\u00e3o e Defesa Civil (COMPDEC), disp\u00f5e sobre o conselho municipal de prote\u00e7\u00e3o e Defesa Civil  do Munic\u00edpio de Santana da Vargem e d\u00e1 outras provid\u00eancias."}, {"id": "614", "ano": "2020", "numero": "20", "tipo__sigla": "PLO", "tipo__descricao": "Projeto de Lei Ordin\u00e1ria", "autoria": "Renato Theodoro da Silva", "texto_original": "http://sapl.santanadavargem.mg.leg.br/media/sapl/public/materialegislativa/2020/614/plo_20-2020.pdf", "ementa": "Disp\u00f5e sobre a autoriza\u00e7\u00e3o da aliena\u00e7\u00e3o de bem dominical do munic\u00edpio de Matricula n\u00ba R.01.M.35.293, com \u00e1rea de 1.099,71m\u00b2, localizado no Bairro S\u00e3o Luiz, Santana da Vargem"}, {"id": "641", "ano": "2020", "numero": "22", "tipo__sigla": "PLO", "tipo__descricao": "Projeto de Lei Ordin\u00e1ria", "autoria": "Renato Theodoro da Silva", "texto_original": "http://sapl.santanadavargem.mg.leg.br/media/sapl/public/materialegislativa/2020/641/encaminhamento_projeto_lei.pdf", "ementa": "Autoriza a abertura de cr\u00e9ditos suplementares e d\u00e1 outras provid\u00eancias"}, {"id": "634", "ano": "2020", "numero": "7", "tipo__sigla": "PLOLe", "tipo__descricao": "Projeto de Lei Ordin\u00e1ria do Legislativo", "autoria": "Jos\u00e9 Elias", "texto_original": "http://sapl.santanadavargem.mg.leg.br/media/sapl/public/materialegislativa/2020/634/007-2020_plo_exc.pdf", "ementa": "Disp\u00f5e sobre a abertura de cr\u00e9ditos adicional suplementar."}, {"id": "470", "ano": "2020", "numero": "1", "tipo__sigla": "REQ", "tipo__descricao": "Requerimento", "autoria": "Rodrigo Scalioni", "texto_original": "http://sapl.santanadavargem.mg.leg.br/media/sapl/public/materialegislativa/2020/470/requerimento_n01-2020.pdf", "ementa": "Solicita informa\u00e7\u00f5es ao Chefe do Executivo sobre a Unidade B\u00e1sica de Sa\u00fade (UBS) da Comunidade do Pe\u00e3o, neste munic\u00edpio."}, {"id": "627", "ano": "2020", "numero": "1", "tipo__sigla": "VETO", "tipo__descricao": "Veto", "autoria": "Renato Theodoro da Silva", "texto_original": "http://sapl.santanadavargem.mg.leg.br/media/sapl/public/materialegislativa/2020/627/veto_n001-21-10-2020.pdf", "ementa": "Veto n\u00b0001,de 21 de outubro ao projeto de lei ordin\u00e1ria n\u00b0017/2020."}]}