{"headers": {"id": "ID", "ano": "Ano", "numero": "N\u00famero", "tipo__sigla": "Tipo de Mat\u00e9ria Legislativa/Sigla", "tipo__descricao": "Tipo de Mat\u00e9ria Legislativa/Descri\u00e7\u00e3o", "autoria": "Autorias", "texto_original": "Texto Original", "ementa": "Ementa"}, "results": [{"id": "866", "ano": "2021", "numero": "16", "tipo__sigla": "PLO", "tipo__descricao": "Projeto de Lei Ordin\u00e1ria", "autoria": "Jos\u00e9 Elias Figueiredo", "texto_original": "http://sapl.santanadavargem.mg.leg.br/media/sapl/public/materialegislativa/2021/866/2021-03-18_12-31_1.pdf", "ementa": "Disp\u00f5e sobre a cria\u00e7\u00e3o do Conselho Municipal de Acompanhamento e Controle Social do Fundo de Manuten\u00e7\u00e3o e Desenvolvimento da Educa\u00e7\u00e3o B\u00e1sica e de Valoriza\u00e7\u00e3o dos Profissionais do Educa\u00e7\u00e3o- CACS/FUNDEB"}, {"id": "1049", "ano": "2021", "numero": "37", "tipo__sigla": "PLO", "tipo__descricao": "Projeto de Lei Ordin\u00e1ria", "autoria": "Jos\u00e9 Elias Figueiredo", "texto_original": "http://sapl.santanadavargem.mg.leg.br/media/sapl/public/materialegislativa/2021/1049/18-05-2021_projeto_de_lei_37-2021.pdf", "ementa": "Cria o Conselho Municipal de Educa\u00e7\u00e3o, integrando o Conselho do FUNDEB como C\u00e2mara e revoga a Lei Municipal 630-B de 1997"}, {"id": "908", "ano": "2021", "numero": "5", "tipo__sigla": "PLOLe", "tipo__descricao": "Projeto de Lei Ordin\u00e1ria do Legislativo", "autoria": "Juninho", "texto_original": "http://sapl.santanadavargem.mg.leg.br/media/sapl/public/materialegislativa/2021/908/29-03-2021_projeto_de_lei_ordinaria_do_legislativo_05-2021.pdf", "ementa": "Disp\u00f5e sobre a preferencia na matr\u00edcula ou transfer\u00eancia nas creches e institui\u00e7\u00f5es de ensino infantil e fundamental do munic\u00edpio de Santana da Vargem, e d\u00e1 outras provid\u00eancias"}, {"id": "1232", "ano": "2021", "numero": "14", "tipo__sigla": "PLOLe", "tipo__descricao": "Projeto de Lei Ordin\u00e1ria do Legislativo", "autoria": "Ronalthe", "texto_original": "http://sapl.santanadavargem.mg.leg.br/media/sapl/public/materialegislativa/2021/1232/10-08-2021_projeto_014_-_ronalthe_rocha_1.pdf", "ementa": "Disp\u00f5e sobre a cria\u00e7\u00e3o do Projeto \"Educando para o Futuro\" no Munic\u00edpio de Santana da Vargem"}, {"id": "1235", "ano": "2021", "numero": "15", "tipo__sigla": "PLOLe", "tipo__descricao": "Projeto de Lei Ordin\u00e1ria do Legislativo", "autoria": "Luiz Felipe", "texto_original": "http://sapl.santanadavargem.mg.leg.br/media/sapl/public/materialegislativa/2021/1235/12-08-2021_projeto_de_lei_ordinaria_do_legislativo_15-21.pdf", "ementa": "Disp\u00f5e sobre a presta\u00e7\u00e3o de servi\u00e7os de psicologia e de servi\u00e7o social nas redes p\u00fablicas de educa\u00e7\u00e3o"}, {"id": "1304", "ano": "2021", "numero": "29", "tipo__sigla": "PLOLe", "tipo__descricao": "Projeto de Lei Ordin\u00e1ria do Legislativo", "autoria": "Luiz Felipe", "texto_original": "http://sapl.santanadavargem.mg.leg.br/media/sapl/public/materialegislativa/2021/1304/03-09-2021_plo_leg_29-2021_1.pdf", "ementa": "Institui a semana municipal de  conscientiza\u00e7\u00e3o, preven\u00e7\u00e3o e combate ao suic\u00eddio e d\u00e1 outras provid\u00eancias"}, {"id": "1305", "ano": "2021", "numero": "30", "tipo__sigla": "PLOLe", "tipo__descricao": "Projeto de Lei Ordin\u00e1ria do Legislativo", "autoria": "Luiz Felipe", "texto_original": "http://sapl.santanadavargem.mg.leg.br/media/sapl/public/materialegislativa/2021/1305/03-09-2021_plo_leg_30-2021.pdf", "ementa": "Institui a semana municipal de conscientiza\u00e7\u00e3o, preven\u00e7\u00e3o e combate \u00e0 viol\u00eancia contra a mulher e d\u00e1 outras provid\u00eancias"}]}