{"headers": {"id": "ID", "ano": "Ano", "numero": "N\u00famero", "tipo__sigla": "Tipo de Mat\u00e9ria Legislativa/Sigla", "tipo__descricao": "Tipo de Mat\u00e9ria Legislativa/Descri\u00e7\u00e3o", "autoria": "Autorias", "texto_original": "Texto Original", "ementa": "Ementa"}, "results": [{"id": "737", "ano": "2021", "numero": "4", "tipo__sigla": "PLO", "tipo__descricao": "Projeto de Lei Ordin\u00e1ria", "autoria": "Jos\u00e9 Elias Figueiredo", "texto_original": "http://sapl.santanadavargem.mg.leg.br/media/sapl/public/materialegislativa/2021/737/projeto_de_lei_04-2021_executivo.pdf", "ementa": "Revoga a  Lei Municipal 1.468, 12 de novembro de 2018 e concede efeito repristinat\u00f3rio ao artigo 1\u00b0 da Lei Municipal 1.118, de 11 de Fevereiro de 2009, que autoriza o Munic\u00edpio de Santana da Vargem a participar do Cons\u00f3rcio Intermunicipal de Sa\u00fade Sulmineiro-CISSUL, e d\u00e1 outras provid\u00eancias"}, {"id": "738", "ano": "2021", "numero": "5", "tipo__sigla": "PLO", "tipo__descricao": "Projeto de Lei Ordin\u00e1ria", "autoria": "Jos\u00e9 Elias Figueiredo", "texto_original": "http://sapl.santanadavargem.mg.leg.br/media/sapl/public/materialegislativa/2021/738/projeto_de_lei_05-2021_executivo.pdf", "ementa": "Altera a Lei Municipal 1.494, de 20 de Agosto de 2019 que autoriza filia\u00e7\u00e3o ao CISLAGOS- Cons\u00f3rcio Intermunicipal de Sa\u00fade da Regi\u00e3o dos Lagos do Sul de Minas"}, {"id": "790", "ano": "2021", "numero": "9", "tipo__sigla": "PLO", "tipo__descricao": "Projeto de Lei Ordin\u00e1ria", "autoria": "Jos\u00e9 Elias Figueiredo", "texto_original": "http://sapl.santanadavargem.mg.leg.br/media/sapl/public/materialegislativa/2021/790/projeto_de_lei_ordinaria_n_09__executivo.pdf", "ementa": "Altera o artigo 1\u00b0 da Lei municipal 1.118, de 11 de fevereiro de 2009, que autoriza o munic\u00edpio de Santana da Vargem a participar do Cons\u00f3rcio Intermunicipal de Sa\u00fade Sulmineiro -CISSUL e revoga a lei municipal 1.468, de 12 de novembro de 2018 e d\u00e1 outras provid\u00eancias"}, {"id": "791", "ano": "2021", "numero": "10", "tipo__sigla": "PLO", "tipo__descricao": "Projeto de Lei Ordin\u00e1ria", "autoria": "Jos\u00e9 Elias Figueiredo", "texto_original": "http://sapl.santanadavargem.mg.leg.br/media/sapl/public/materialegislativa/2021/791/projeto_de_lei_ordinaria_n_10_executivo.pdf", "ementa": "Altera a Lei Municipal 1.494, de 20 de Agosto de 2019 que autoriza filia\u00e7\u00e3o ao CISLAGOS- Cons\u00f3rcio Intermunicipal de Sa\u00fade da Regi\u00e3o dos Lagos do Sul de Minas"}, {"id": "987", "ano": "2021", "numero": "31", "tipo__sigla": "PLO", "tipo__descricao": "Projeto de Lei Ordin\u00e1ria", "autoria": "Jos\u00e9 Elias Figueiredo", "texto_original": "http://sapl.santanadavargem.mg.leg.br/media/sapl/public/materialegislativa/2021/987/projeto_de_lei_31-2021.pdf", "ementa": "Disp\u00f5e sobre abertura de credito adicional especial por super\u00e1vit financeiro visando o cofinanciamento da Santa Casa de Miseric\u00f3rdia do Hospital S\u00e3o Francisco de Assis para manuten\u00e7\u00e3o de leitos da UTI COVID-19 e d\u00e1 outras provid\u00eancias"}, {"id": "991", "ano": "2021", "numero": "32", "tipo__sigla": "PLO", "tipo__descricao": "Projeto de Lei Ordin\u00e1ria", "autoria": "Jos\u00e9 Elias Figueiredo", "texto_original": "http://sapl.santanadavargem.mg.leg.br/media/sapl/public/materialegislativa/2021/991/30-04-2021_projeto_de_lei_32_-2021.pdf", "ementa": "Regulamenta no munic\u00edpio de Santana da Vargem, a lei Federal n\u00b0 13.977, de 8 de Janeiro de 2020, que institui a Carteira de Identifica\u00e7\u00e3o da Pessoa com Transtorno do Espectro Autista (Ciptea) e outras provid\u00eancias"}, {"id": "1051", "ano": "2021", "numero": "38", "tipo__sigla": "PLO", "tipo__descricao": "Projeto de Lei Ordin\u00e1ria", "autoria": "Jos\u00e9 Elias Figueiredo", "texto_original": "http://sapl.santanadavargem.mg.leg.br/media/sapl/public/materialegislativa/2021/1051/20-05-2021_projeto_de_lei_38_2021.pdf", "ementa": "Autoriza a abertura de cr\u00e9dito adicional especial por excesso de arrecada\u00e7\u00e3o, verificado na fonte de recurso 155 (transfer\u00eancias de recursos do Fundo Estadual de Sa\u00fade), referente a resolu\u00e7\u00e3o SES/MG (Secretaria de Estado de Sa\u00fade de Minas Gerais)  n\u00b07.150, de 13 de julho de 2020, no \u00e2mbito da Secretaria Municipal de Sa\u00fade e d\u00e1 outras provid\u00eancias."}, {"id": "1079", "ano": "2021", "numero": "40", "tipo__sigla": "PLO", "tipo__descricao": "Projeto de Lei Ordin\u00e1ria", "autoria": "Jos\u00e9 Elias Figueiredo", "texto_original": "http://sapl.santanadavargem.mg.leg.br/media/sapl/public/materialegislativa/2021/1079/plo_40-2021.pdf", "ementa": "Disp\u00f5e sobre altera\u00e7\u00e3o da Lei Municipal n\u00ba 1.549, de 18 de maio de 2021 e d\u00e1 outras provid\u00eancias."}, {"id": "1375", "ano": "2021", "numero": "56", "tipo__sigla": "PLO", "tipo__descricao": "Projeto de Lei Ordin\u00e1ria", "autoria": "Jos\u00e9 Elias Figueiredo", "texto_original": "http://sapl.santanadavargem.mg.leg.br/media/sapl/public/materialegislativa/2021/1375/24-09-2021_projeto_de_lei_56-2021.pdf", "ementa": "Institui e regulamenta a distribui\u00e7\u00e3o de lanches, a usu\u00e1rios do Sistema \u00fanico de Sa\u00fade, que fazem consultas, procedimentos  e exames fora do Munic\u00edpio de Santana da vargem"}, {"id": "1541", "ano": "2021", "numero": "69", "tipo__sigla": "PLO", "tipo__descricao": "Projeto de Lei Ordin\u00e1ria", "autoria": "Jos\u00e9 Elias Figueiredo", "texto_original": "http://sapl.santanadavargem.mg.leg.br/media/sapl/public/materialegislativa/2021/1541/pl_69-2021.pdf", "ementa": "Institui o Plano Municipal de Saneamento B\u00e1sico de Santana da Vargem, comando da Pol\u00edtica Nacional de Saneamento B\u00e1sico e d\u00e1 outras provid\u00eancias"}, {"id": "1045", "ano": "2021", "numero": "8", "tipo__sigla": "PLOLe", "tipo__descricao": "Projeto de Lei Ordin\u00e1ria do Legislativo", "autoria": "Juninho", "texto_original": "http://sapl.santanadavargem.mg.leg.br/media/sapl/public/materialegislativa/2021/1045/17-05-2021_projeto_de_lei_ordinaria_08-2021_legislativo.pdf", "ementa": "Institui a divulga\u00e7\u00e3o da listagem dos medicamentos dispon\u00edveis em falta na rede p\u00fablica municipal de Sa\u00fade"}, {"id": "1067", "ano": "2021", "numero": "9", "tipo__sigla": "PLOLe", "tipo__descricao": "Projeto de Lei Ordin\u00e1ria do Legislativo", "autoria": "Ronalthe", "texto_original": "http://sapl.santanadavargem.mg.leg.br/media/sapl/public/materialegislativa/2021/1067/01-06-2021_pl_cvd_-_ver.ronaltherocha.pdf", "ementa": "\"Disp\u00f5e sobre a divulga\u00e7\u00e3o dos gastos do Poder P\u00fablico do Munic\u00edpio de Santana da Vargem em rela\u00e7\u00e3o \u00e0 preven\u00e7\u00e3o e ao enfrentamento do novo Coronav\u00edrus e d\u00e1 outras provid\u00eancias\""}, {"id": "1200", "ano": "2021", "numero": "11", "tipo__sigla": "PLOLe", "tipo__descricao": "Projeto de Lei Ordin\u00e1ria do Legislativo", "autoria": "Juninho", "texto_original": "http://sapl.santanadavargem.mg.leg.br/media/sapl/public/materialegislativa/2021/1200/02-08-2021_projeto_de_lei_juninho.pdf", "ementa": "Institui o dia municipal da conscientiza\u00e7\u00e3o, preven\u00e7\u00e3o e combate \u00e0 depress\u00e3o, ansiedade e s\u00edndrome do p\u00e2nico e d\u00e1 outras provid\u00eancias."}, {"id": "1216", "ano": "2021", "numero": "13", "tipo__sigla": "PLOLe", "tipo__descricao": "Projeto de Lei Ordin\u00e1ria do Legislativo", "autoria": "Jackson Luiz", "texto_original": "http://sapl.santanadavargem.mg.leg.br/media/sapl/public/materialegislativa/2021/1216/06-08-2021_projeto_de_lei_medico_nas_creches.pdf", "ementa": "Institui o Programa de Atendimento M\u00e9dico Pediatra, na (s) creche municipais de Santana da Vargem, e d\u00e1 outras provid\u00eancias"}, {"id": "1235", "ano": "2021", "numero": "15", "tipo__sigla": "PLOLe", "tipo__descricao": "Projeto de Lei Ordin\u00e1ria do Legislativo", "autoria": "Luiz Felipe", "texto_original": "http://sapl.santanadavargem.mg.leg.br/media/sapl/public/materialegislativa/2021/1235/12-08-2021_projeto_de_lei_ordinaria_do_legislativo_15-21.pdf", "ementa": "Disp\u00f5e sobre a presta\u00e7\u00e3o de servi\u00e7os de psicologia e de servi\u00e7o social nas redes p\u00fablicas de educa\u00e7\u00e3o"}, {"id": "1304", "ano": "2021", "numero": "29", "tipo__sigla": "PLOLe", "tipo__descricao": "Projeto de Lei Ordin\u00e1ria do Legislativo", "autoria": "Luiz Felipe", "texto_original": "http://sapl.santanadavargem.mg.leg.br/media/sapl/public/materialegislativa/2021/1304/03-09-2021_plo_leg_29-2021_1.pdf", "ementa": "Institui a semana municipal de  conscientiza\u00e7\u00e3o, preven\u00e7\u00e3o e combate ao suic\u00eddio e d\u00e1 outras provid\u00eancias"}, {"id": "1307", "ano": "2021", "numero": "31", "tipo__sigla": "PLOLe", "tipo__descricao": "Projeto de Lei Ordin\u00e1ria do Legislativo", "autoria": "Luiz Felipe", "texto_original": "http://sapl.santanadavargem.mg.leg.br/media/sapl/public/materialegislativa/2021/1307/03-09-2021_projeto_de_lei_ordinaria_do_legislativo_31-21.pdf", "ementa": "Disp\u00f5e sobre a presta\u00e7\u00e3o de servi\u00e7os de odontologia nas redes p\u00fablicas de educa\u00e7\u00e3o"}, {"id": "1508", "ano": "2021", "numero": "40", "tipo__sigla": "PLOLe", "tipo__descricao": "Projeto de Lei Ordin\u00e1ria do Legislativo", "autoria": "Luiz Felipe", "texto_original": "http://sapl.santanadavargem.mg.leg.br/media/sapl/public/materialegislativa/2021/1508/projeto_de_lei_40-2021_do_legislativo_-_fonaudiologia.pdf", "ementa": "Disp\u00f5e sobre a presta\u00e7\u00e3o de servi\u00e7os de fonoaudiologia nas redes p\u00fablicas de educa\u00e7\u00e3o"}]}