{"headers": {"id": "ID", "ano": "Ano", "numero": "N\u00famero", "tipo__sigla": "Tipo de Mat\u00e9ria Legislativa/Sigla", "tipo__descricao": "Tipo de Mat\u00e9ria Legislativa/Descri\u00e7\u00e3o", "autoria": "Autorias", "texto_original": "Texto Original", "ementa": "Ementa"}, "results": [{"id": "951", "ano": "2021", "numero": "1", "tipo__sigla": "PELO", "tipo__descricao": "Proposta de Emenda \u00e0 Lei Org\u00e2nica", "autoria": "Jos\u00e9 Elias Figueiredo", "texto_original": "http://sapl.santanadavargem.mg.leg.br/media/sapl/public/materialegislativa/2021/951/19-04-2021_projeto_de_emenda_a_lei_organica.pdf", "ementa": "Disp\u00f5e sobre a altera\u00e7\u00e3o do inciso IV, do artigo 8\u00b0 da Lei Org\u00e2nica do Munic\u00edpio de Santana da Vargem, que disp\u00f5e sobre as veda\u00e7\u00f5es impostas ao Munic\u00edpio e d\u00e1 outras provid\u00eancias"}, {"id": "1080", "ano": "2021", "numero": "4", "tipo__sigla": "PELO", "tipo__descricao": "Proposta de Emenda \u00e0 Lei Org\u00e2nica", "autoria": "Ezequiel, Jackson Luiz, Juninho, Ronalthe", "texto_original": "http://sapl.santanadavargem.mg.leg.br/media/sapl/public/materialegislativa/2021/1080/pelo_-4-21_atualizado.pdf", "ementa": "Acrescenta o Art. 113-A, na Lei Org\u00e2nica do Munic\u00edpio de Santana da Vargem, que institui o Or\u00e7amento Impositivo e disp\u00f5e sobre a execu\u00e7\u00e3o or\u00e7ament\u00e1ria e financeira da programa\u00e7\u00e3o inclu\u00edda por emendas individuais do Legislativo Municipal em Lei Or\u00e7ament\u00e1ria Anual"}, {"id": "1088", "ano": "2021", "numero": "1", "tipo__sigla": "PDL", "tipo__descricao": "Projeto de Decreto Legislativo", "autoria": "Silmara Girlaine, Luiz Felipe", "texto_original": "http://sapl.santanadavargem.mg.leg.br/media/sapl/public/materialegislativa/2021/1088/01_decreto_contabil_projeto.pdf", "ementa": "Abre cr\u00e9dito adicional suplementar."}, {"id": "695", "ano": "2021", "numero": "1", "tipo__sigla": "PLO", "tipo__descricao": "Projeto de Lei Ordin\u00e1ria", "autoria": "Jos\u00e9 Elias Figueiredo", "texto_original": "http://sapl.santanadavargem.mg.leg.br/media/sapl/public/materialegislativa/2021/695/projeto_de_lei_01-2021_executivo.pdf", "ementa": "Cria Projeto/Atividade no PPA, autoriza abertura de cr\u00e9ditos especiais no or\u00e7amento 2021, com a finalidade de execu\u00e7\u00e3o de recursos oriundos de transfer\u00eancia estadual e d\u00e1 outras provid\u00eancias"}, {"id": "735", "ano": "2021", "numero": "2", "tipo__sigla": "PLO", "tipo__descricao": "Projeto de Lei Ordin\u00e1ria", "autoria": "Jos\u00e9 Elias Figueiredo", "texto_original": "http://sapl.santanadavargem.mg.leg.br/media/sapl/public/materialegislativa/2021/735/projeto_de_lei_02-2021_executivo.pdf", "ementa": "Cria Projetos/Atividades no PPA, autoriza a abertura de cr\u00e9ditos especiais no or\u00e7amento 2021, com a finalidade de execu\u00e7\u00e3o de recursos oriundos de transfer\u00eancias federais e d\u00e1 outras provid\u00eancias."}, {"id": "736", "ano": "2021", "numero": "3", "tipo__sigla": "PLO", "tipo__descricao": "Projeto de Lei Ordin\u00e1ria", "autoria": "Jos\u00e9 Elias Figueiredo", "texto_original": "http://sapl.santanadavargem.mg.leg.br/media/sapl/public/materialegislativa/2021/736/projeto_de_lei_03-2021_executivo.pdf", "ementa": "Altera reda\u00e7\u00e3o do inciso I, artigo 4\u00b0 da Lei n\u00b0 1.532/2020 e d\u00e1 outras provid\u00eancias."}, {"id": "759", "ano": "2021", "numero": "6", "tipo__sigla": "PLO", "tipo__descricao": "Projeto de Lei Ordin\u00e1ria", "autoria": "Jos\u00e9 Elias Figueiredo", "texto_original": "http://sapl.santanadavargem.mg.leg.br/media/sapl/public/materialegislativa/2021/759/projeto_de_lei_06-2021_executivo.pdf", "ementa": "Disp\u00f5e sobre a concess\u00e3o e presta\u00e7\u00e3o de contas de adiantamentos para realiza\u00e7\u00e3o de despesas urgentes e de pequeno vulto no \u00e2mbito do Munic\u00edpio de Santana da Vargem"}, {"id": "783", "ano": "2021", "numero": "8", "tipo__sigla": "PLO", "tipo__descricao": "Projeto de Lei Ordin\u00e1ria", "autoria": "Jos\u00e9 Elias Figueiredo", "texto_original": "http://sapl.santanadavargem.mg.leg.br/media/sapl/public/materialegislativa/2021/783/12-02-2021_projeto_de_lei_ordinaria_08-2021.pdf", "ementa": "Abertura de Cr\u00e9dito Especial por super\u00e1vit financeiro, referente a resolu\u00e7\u00e3o estatal RES SES 7112 e d\u00e1 outras provid\u00eancias."}, {"id": "912", "ano": "2021", "numero": "23", "tipo__sigla": "PLO", "tipo__descricao": "Projeto de Lei Ordin\u00e1ria", "autoria": "Jos\u00e9 Elias Figueiredo", "texto_original": "http://sapl.santanadavargem.mg.leg.br/media/sapl/public/materialegislativa/2021/912/plo_23-2021.pdf", "ementa": "Autoriza a cria\u00e7\u00e3o de sub-elemento de despesa na Lei n\u00ba 1.532, de 16 de novembro de 2020 (Estima receita e fixa despesas do munic\u00edpio de Santana da Vargem - MG para o exerc\u00edcio financeiro de 2021) e d\u00e1 outras providencias"}, {"id": "940", "ano": "2021", "numero": "25", "tipo__sigla": "PLO", "tipo__descricao": "Projeto de Lei Ordin\u00e1ria", "autoria": "Jos\u00e9 Elias Figueiredo", "texto_original": "http://sapl.santanadavargem.mg.leg.br/media/sapl/public/materialegislativa/2021/940/15-04-2021_projeto_de_lei_25-2021_2.pdf", "ementa": "Disp\u00f5e sobre as diretrizes para a elabora\u00e7\u00e3o da lei or\u00e7ament\u00e1ria de 2022 e d\u00e1 outras provid\u00eancias."}, {"id": "959", "ano": "2021", "numero": "27", "tipo__sigla": "PLO", "tipo__descricao": "Projeto de Lei Ordin\u00e1ria", "autoria": "Jos\u00e9 Elias Figueiredo", "texto_original": "http://sapl.santanadavargem.mg.leg.br/media/sapl/public/materialegislativa/2021/959/22-04-2021_projeto_de_lei_ordinaria_27.pdf", "ementa": "\"Abertura de Cr\u00e9ditos Especiais por excesso de arrecada\u00e7\u00e3o e por super\u00e1vit financeiro, referente \u00e0s resolu\u00e7\u00f5es estaduais SES/MG 5225/2016, 5797/2017, 6206/2018 e 6617/2019 e d\u00e1 outras provid\u00eancias"}, {"id": "960", "ano": "2021", "numero": "28", "tipo__sigla": "PLO", "tipo__descricao": "Projeto de Lei Ordin\u00e1ria", "autoria": "Jos\u00e9 Elias Figueiredo", "texto_original": "http://sapl.santanadavargem.mg.leg.br/media/sapl/public/materialegislativa/2021/960/22-04-2021_projeto_de_lei_ordinaria_28.pdf", "ementa": "\"Autoriza abertura de cr\u00e9dito adicional especial para atender despesas referente a parceria firmada entre o Munic\u00edpio de Santana da Vargem e a ACILAGO- Associa\u00e7\u00e3o do Circuito Tur\u00edstico do Lago de Furnas"}, {"id": "987", "ano": "2021", "numero": "31", "tipo__sigla": "PLO", "tipo__descricao": "Projeto de Lei Ordin\u00e1ria", "autoria": "Jos\u00e9 Elias Figueiredo", "texto_original": "http://sapl.santanadavargem.mg.leg.br/media/sapl/public/materialegislativa/2021/987/projeto_de_lei_31-2021.pdf", "ementa": "Disp\u00f5e sobre abertura de credito adicional especial por super\u00e1vit financeiro visando o cofinanciamento da Santa Casa de Miseric\u00f3rdia do Hospital S\u00e3o Francisco de Assis para manuten\u00e7\u00e3o de leitos da UTI COVID-19 e d\u00e1 outras provid\u00eancias"}, {"id": "1026", "ano": "2021", "numero": "36", "tipo__sigla": "PLO", "tipo__descricao": "Projeto de Lei Ordin\u00e1ria", "autoria": "Jos\u00e9 Elias Figueiredo", "texto_original": "http://sapl.santanadavargem.mg.leg.br/media/sapl/public/materialegislativa/2021/1026/11-05-2021_projeto_de_lei_36-2021.pdf", "ementa": "\"Autoriza abertura de cr\u00e9ditos especiais por super\u00e1vit financeiro no or\u00e7amento 2021, com a finalidade de execu\u00e7\u00e3o de recursos oriundos das portarias MS (Minist\u00e9rio da Sa\u00fade) 3049/2019, 2627/20212, proposta MS 1285 e resolu\u00e7\u00e3o SES/MG (Secretaria de Estado da Sa\u00fade de Minas Gerais) 6820/2019 e d\u00e1 outras provid\u00eancias\""}, {"id": "1051", "ano": "2021", "numero": "38", "tipo__sigla": "PLO", "tipo__descricao": "Projeto de Lei Ordin\u00e1ria", "autoria": "Jos\u00e9 Elias Figueiredo", "texto_original": "http://sapl.santanadavargem.mg.leg.br/media/sapl/public/materialegislativa/2021/1051/20-05-2021_projeto_de_lei_38_2021.pdf", "ementa": "Autoriza a abertura de cr\u00e9dito adicional especial por excesso de arrecada\u00e7\u00e3o, verificado na fonte de recurso 155 (transfer\u00eancias de recursos do Fundo Estadual de Sa\u00fade), referente a resolu\u00e7\u00e3o SES/MG (Secretaria de Estado de Sa\u00fade de Minas Gerais)  n\u00b07.150, de 13 de julho de 2020, no \u00e2mbito da Secretaria Municipal de Sa\u00fade e d\u00e1 outras provid\u00eancias."}, {"id": "1079", "ano": "2021", "numero": "40", "tipo__sigla": "PLO", "tipo__descricao": "Projeto de Lei Ordin\u00e1ria", "autoria": "Jos\u00e9 Elias Figueiredo", "texto_original": "http://sapl.santanadavargem.mg.leg.br/media/sapl/public/materialegislativa/2021/1079/plo_40-2021.pdf", "ementa": "Disp\u00f5e sobre altera\u00e7\u00e3o da Lei Municipal n\u00ba 1.549, de 18 de maio de 2021 e d\u00e1 outras provid\u00eancias."}, {"id": "1117", "ano": "2021", "numero": "42", "tipo__sigla": "PLO", "tipo__descricao": "Projeto de Lei Ordin\u00e1ria", "autoria": "Jos\u00e9 Elias Figueiredo", "texto_original": "http://sapl.santanadavargem.mg.leg.br/media/sapl/public/materialegislativa/2021/1117/projeto_de_lei_ordinaria_42.pdf", "ementa": "Cria Projeto/Atividade no PPA, autoriza abertura de cr\u00e9dito especial por excesso de arrecada\u00e7\u00e3o no or\u00e7amento 2021, com a finalidade de execu\u00e7\u00e3o de recursos oriundos de transfer\u00eancia estadual, resolu\u00e7\u00e3o SES/MG (Secretaria de Estado de Minas Gerais) 6.286, de 25 de junho de 2018 e d\u00e1 outras provid\u00eancias."}, {"id": "1179", "ano": "2021", "numero": "46", "tipo__sigla": "PLO", "tipo__descricao": "Projeto de Lei Ordin\u00e1ria", "autoria": "Jos\u00e9 Elias Figueiredo", "texto_original": "http://sapl.santanadavargem.mg.leg.br/media/sapl/public/materialegislativa/2021/1179/16-07-2021_projeto_de_lei_46-2021.pdf", "ementa": "Autoriza abertura de Cr\u00e9dito Adicional Especial por excesso de arrecada\u00e7\u00e3o para atender despesas referentes \u00e0 Resolu\u00e7\u00e3o SEGOV (Secretaria de Estado de Governo) n\u00ba 011/2021"}, {"id": "1199", "ano": "2021", "numero": "50", "tipo__sigla": "PLO", "tipo__descricao": "Projeto de Lei Ordin\u00e1ria", "autoria": "Jos\u00e9 Elias Figueiredo", "texto_original": "http://sapl.santanadavargem.mg.leg.br/media/sapl/public/materialegislativa/2021/1199/28-07-2021_projeto_de_lei_50-2021.pdf", "ementa": "Disp\u00f5e sobre a concess\u00e3o e presta\u00e7\u00e3o de contas de adiantamentos para realiza\u00e7\u00e3o de despesas urgentes e de pequeno vulto no \u00e2mbito do Poder Executivo de Santana da Vargem e d\u00e1 outras provid\u00eancias"}, {"id": "1295", "ano": "2021", "numero": "54", "tipo__sigla": "PLO", "tipo__descricao": "Projeto de Lei Ordin\u00e1ria", "autoria": "Jos\u00e9 Elias Figueiredo", "texto_original": "http://sapl.santanadavargem.mg.leg.br/media/sapl/public/materialegislativa/2021/1295/31-08-2021_projteto_de_lei_54.pdf", "ementa": "Cria Projeto/Atividade no PPA, autoriza abertura de cr\u00e9dito adicional especial por excesso de arrecada\u00e7\u00e3o no or\u00e7amento 2021, referente a transfer\u00eancia Especial do Estado- Acordo Judicial de Repara\u00e7\u00e3o dos Impactos Socioecon\u00f4micos e Ambientais e d\u00e1 outras provid\u00eancias."}, {"id": "1385", "ano": "2021", "numero": "57", "tipo__sigla": "PLO", "tipo__descricao": "Projeto de Lei Ordin\u00e1ria", "autoria": "Jos\u00e9 Elias Figueiredo", "texto_original": "http://sapl.santanadavargem.mg.leg.br/media/sapl/public/materialegislativa/2021/1385/28-09-2021projeto_de_lei_57-2021.pdf", "ementa": "Cria Projeto/Atividade no PPA, autoriza abertura de cr\u00e9dito adicional especial por excesso de arrecada\u00e7\u00e3o no or\u00e7amento 2021, para atender as despesas referentes \u00e0 Resolu\u00e7\u00e3o SES (Secretaria de Estado de Sa\u00fade) n\u00b0 7.555/2021"}, {"id": "1386", "ano": "2021", "numero": "58", "tipo__sigla": "PLO", "tipo__descricao": "Projeto de Lei Ordin\u00e1ria", "autoria": "Jos\u00e9 Elias Figueiredo", "texto_original": "http://sapl.santanadavargem.mg.leg.br/media/sapl/public/materialegislativa/2021/1386/28-09-2021_projeto_de_lei_58.pdf", "ementa": "Cria Projetos/Atividades no PPA, autoriza abertura de cr\u00e9ditos adicionais especiais por excesso de arrecada\u00e7\u00e3o no or\u00e7amento 2021, para atender as despesas referentes \u00e0 Resolu\u00e7\u00e3o SES (Secretaria de Estado de Sa\u00fade) n\u00b0 7.553/2021"}, {"id": "1398", "ano": "2021", "numero": "60", "tipo__sigla": "PLO", "tipo__descricao": "Projeto de Lei Ordin\u00e1ria", "autoria": "Jos\u00e9 Elias Figueiredo", "texto_original": "http://sapl.santanadavargem.mg.leg.br/media/sapl/public/materialegislativa/2021/1398/13-10-2021_projeto_de_lei_60-2021.pdf", "ementa": "Cria Projeto/Atividades no PPA, autoriza abertura de cr\u00e9dito adicional especial por anula\u00e7\u00e3o e por excesso de arrecada\u00e7\u00e3o no or\u00e7amento 2021, para atender as despesas referentes ao conv\u00eanio 1491000043/2021"}, {"id": "1399", "ano": "2021", "numero": "61", "tipo__sigla": "PLO", "tipo__descricao": "Projeto de Lei Ordin\u00e1ria", "autoria": "Jos\u00e9 Elias Figueiredo", "texto_original": "http://sapl.santanadavargem.mg.leg.br/media/sapl/public/materialegislativa/2021/1399/projeto_de_lei_61.pdf", "ementa": "Autoriza abertura de Cr\u00e9dito adicional Especial por anula\u00e7\u00e3o parcial, par atender as despesas do conv\u00eanio n\u00ba 82/2021 firmado entre o Estado de Minas Gerais, por interm\u00e9dio da Pol\u00edcia Militar e o Munic\u00edpio de Santana da Vargem"}, {"id": "1530", "ano": "2021", "numero": "67", "tipo__sigla": "PLO", "tipo__descricao": "Projeto de Lei Ordin\u00e1ria", "autoria": "Jos\u00e9 Elias Figueiredo", "texto_original": "http://sapl.santanadavargem.mg.leg.br/media/sapl/public/materialegislativa/2021/1530/projeto_de_lei_67-2021.pdf", "ementa": "Cria Projetos/Atividades no PPA, autoriza abertura de cr\u00e9ditos adicionais especiais por excesso de arrecada\u00e7\u00e3o na fonte de recurso 155, no or\u00e7amento para o exerc\u00edcio 2021, para atender despesas referentes \u00e0 Resolu\u00e7\u00e3o SES/MG (Secretaria de Estado de Sa\u00fade) n\u00ba 7554-21, 14 de junho de 2021)"}]}