{"headers": {"id": "ID", "ano": "Ano", "numero": "N\u00famero", "tipo__sigla": "Tipo de Mat\u00e9ria Legislativa/Sigla", "tipo__descricao": "Tipo de Mat\u00e9ria Legislativa/Descri\u00e7\u00e3o", "autoria": "Autorias", "texto_original": "Texto Original", "ementa": "Ementa"}, "results": [{"id": "803", "ano": "2021", "numero": "1", "tipo__sigla": "EM", "tipo__descricao": "Emenda e subemenda", "autoria": "Luiz Felipe", "texto_original": "http://sapl.santanadavargem.mg.leg.br/media/sapl/public/materialegislativa/2021/803/emenda_aditiva_n01_ao_projeto_de_lei_ordinaria_n09-2021.pdf", "ementa": "Emenda aditiva n\u00b0 01 ao projeto de lei ordin\u00e1ria n\u00b009/2021"}, {"id": "805", "ano": "2021", "numero": "2", "tipo__sigla": "EM", "tipo__descricao": "Emenda e subemenda", "autoria": "Luiz Felipe", "texto_original": "http://sapl.santanadavargem.mg.leg.br/media/sapl/public/materialegislativa/2021/805/emenda_aditiva_no_01_ao_projeto_de_lei_ordinaria_n10-2021.pdf", "ementa": "Emenda aditiva n\u00b0 01 ao projeto de lei ordin\u00e1ria n\u00b010/2021"}, {"id": "808", "ano": "2021", "numero": "3", "tipo__sigla": "EM", "tipo__descricao": "Emenda e subemenda", "autoria": "Juninho", "texto_original": "http://sapl.santanadavargem.mg.leg.br/media/sapl/public/materialegislativa/2021/808/emenda_substitutiva_01.pdf", "ementa": "Institui o Programa de Recupera\u00e7\u00e3o de Cr\u00e9ditos  Tribut\u00e1rios \u2013 PROREFIS \u2013 no \u00e2mbito do Munic\u00edpio de Santana da Vargem e d\u00e1 outras provid\u00eancias"}, {"id": "870", "ano": "2021", "numero": "4", "tipo__sigla": "EM", "tipo__descricao": "Emenda e subemenda", "autoria": "Juninho, Jackson Luiz", "texto_original": "http://sapl.santanadavargem.mg.leg.br/media/sapl/public/materialegislativa/2021/870/emenda_aditiva.pdf", "ementa": "Disp\u00f5e sobre a cria\u00e7\u00e3o do Conselho Municipal de Acompanhamento e Controle Social do Fundo de Manuten\u00e7\u00e3o e Desenvolvimento da Educa\u00e7\u00e3o B\u00e1sica e de Valoriza\u00e7\u00e3o dos Profissionais da Educa\u00e7\u00e3o- CACS/FUNDEB"}, {"id": "871", "ano": "2021", "numero": "5", "tipo__sigla": "EM", "tipo__descricao": "Emenda e subemenda", "autoria": "Juninho", "texto_original": "http://sapl.santanadavargem.mg.leg.br/media/sapl/public/materialegislativa/2021/871/emenda_modificativa.pdf", "ementa": "Emenda modificativa n\u00ba01/2021 projeto de lei ordin\u00e1ria n\u00ba16/2021"}, {"id": "874", "ano": "2021", "numero": "6", "tipo__sigla": "EM", "tipo__descricao": "Emenda e subemenda", "autoria": "Juninho", "texto_original": "http://sapl.santanadavargem.mg.leg.br/media/sapl/public/materialegislativa/2021/874/23-03-2021_emenda_substitutiva_02-2021.pdf", "ementa": "Emenda substitutiva 02/2021 ao projeto de lei 15 de 2021"}, {"id": "888", "ano": "2021", "numero": "7", "tipo__sigla": "EM", "tipo__descricao": "Emenda e subemenda", "autoria": "CFO - Comiss\u00e3o de Finan\u00e7as e Or\u00e7amento 2021-2024", "texto_original": "http://sapl.santanadavargem.mg.leg.br/media/sapl/public/materialegislativa/2021/888/scannerlens_03-26-2021_01.pdf", "ementa": "Disp\u00f5e sobre a cria\u00e7\u00e3o do Conselho Municipal de Acompanhamento e Controle Social do Fundo de Manuten\u00e7\u00e3o e Desenvolvimento da Educa\u00e7\u00e3o B\u00e1sica e de Valoriza\u00e7\u00e3o dos Profissionais do Educa\u00e7\u00e3o- CACS/FUNDEB"}, {"id": "889", "ano": "2021", "numero": "8", "tipo__sigla": "EM", "tipo__descricao": "Emenda e subemenda", "autoria": "Juninho", "texto_original": "http://sapl.santanadavargem.mg.leg.br/media/sapl/public/materialegislativa/2021/889/scannerlens_03-26-2021_02.pdf", "ementa": "Emenda Modificativa 02: Disp\u00f5e sobre a cria\u00e7\u00e3o do Conselho Municipal de Acompanhamento e Controle Social do Fundo de Manuten\u00e7\u00e3o e Desenvolvimento da Educa\u00e7\u00e3o B\u00e1sica e de Valoriza\u00e7\u00e3o dos Profissionais do Educa\u00e7\u00e3o- CACS/FUNDEB"}, {"id": "890", "ano": "2021", "numero": "9", "tipo__sigla": "EM", "tipo__descricao": "Emenda e subemenda", "autoria": "Juninho", "texto_original": "http://sapl.santanadavargem.mg.leg.br/media/sapl/public/materialegislativa/2021/890/emenda_modificativa_3_16-21.pdf", "ementa": "Emenda modificativa 3: Disp\u00f5e sobre a cria\u00e7\u00e3o do Conselho Municipal de Acompanhamento e Controle Social do Fundo de Manuten\u00e7\u00e3o e Desenvolvimento da Educa\u00e7\u00e3o B\u00e1sica e de Valoriza\u00e7\u00e3o dos Profissionais do Educa\u00e7\u00e3o- CACS/FUNDEB"}, {"id": "891", "ano": "2021", "numero": "10", "tipo__sigla": "EM", "tipo__descricao": "Emenda e subemenda", "autoria": "Juninho", "texto_original": "http://sapl.santanadavargem.mg.leg.br/media/sapl/public/materialegislativa/2021/891/scannerlens_03-26-2021_04.pdf", "ementa": "Emenda supressiva 01: Disp\u00f5e sobre a cria\u00e7\u00e3o do Conselho Municipal de Acompanhamento e Controle Social do Fundo de Manuten\u00e7\u00e3o e Desenvolvimento da Educa\u00e7\u00e3o B\u00e1sica e de Valoriza\u00e7\u00e3o dos Profissionais do Educa\u00e7\u00e3o- CACS/FUNDEB"}, {"id": "892", "ano": "2021", "numero": "11", "tipo__sigla": "EM", "tipo__descricao": "Emenda e subemenda", "autoria": "Juninho", "texto_original": "http://sapl.santanadavargem.mg.leg.br/media/sapl/public/materialegislativa/2021/892/scannerlens_03-26-2021_05.pdf", "ementa": "Emenda aditiva 01: Disp\u00f5e sobre a cria\u00e7\u00e3o do Conselho Municipal de Acompanhamento e Controle Social do Fundo de Manuten\u00e7\u00e3o e Desenvolvimento da Educa\u00e7\u00e3o B\u00e1sica e de Valoriza\u00e7\u00e3o dos Profissionais do Educa\u00e7\u00e3o- CACS/FUNDEB"}, {"id": "895", "ano": "2021", "numero": "12", "tipo__sigla": "EM", "tipo__descricao": "Emenda e subemenda", "autoria": "Luiz Felipe", "texto_original": "http://sapl.santanadavargem.mg.leg.br/media/sapl/public/materialegislativa/2021/895/26-03-2021_emenda_modificativa_ao_projeto_de_lei_09_2021.pdf", "ementa": "Emenda modificativa ao projeto de lei n\u00b0 09, de 12 de fevereiro de 2021"}, {"id": "896", "ano": "2021", "numero": "13", "tipo__sigla": "EM", "tipo__descricao": "Emenda e subemenda", "autoria": "Luiz Felipe", "texto_original": "http://sapl.santanadavargem.mg.leg.br/media/sapl/public/materialegislativa/2021/896/26-03-2021_emenda_modificativa_ao_projeto_de_lei_010-2021.pdf", "ementa": "Emenda modificativa ao projeto de lei n\u00b0 10, de 12 de fevereiro de 2021"}, {"id": "899", "ano": "2021", "numero": "14", "tipo__sigla": "EM", "tipo__descricao": "Emenda e subemenda", "autoria": "Jackson Luiz", "texto_original": "http://sapl.santanadavargem.mg.leg.br/media/sapl/public/materialegislativa/2021/899/emenda_modificativa_complementar_01-2021.pdf", "ementa": "emenda modificativa 01-2021- PLC 01/2021 - Altera o anexo da Lei Municipal 1.083, de 02 de julho de 2008, referente \r\naos requisitos e escolaridades do cargo de operador de maquinas pesadas"}, {"id": "907", "ano": "2021", "numero": "15", "tipo__sigla": "EM", "tipo__descricao": "Emenda e subemenda", "autoria": "Luiz Felipe", "texto_original": "http://sapl.santanadavargem.mg.leg.br/media/sapl/public/materialegislativa/2021/907/29-03-2021_projeto_de_lei_substitutivo_01-2021.pdf", "ementa": "Emenda substitutiva ao projeto de lei n\u00ba19 de 23 de mar\u00e7o de 2021 que cria o conselho municipal de turismo, o fundo municipal de turismo e d\u00e1 outras provid\u00eancias"}, {"id": "917", "ano": "2021", "numero": "16", "tipo__sigla": "EM", "tipo__descricao": "Emenda e subemenda", "autoria": "Luiz Felipe", "texto_original": "http://sapl.santanadavargem.mg.leg.br/media/sapl/public/materialegislativa/2021/917/05-04-2021_emenda_modificativa__10-2021.pdf", "ementa": "Emenda modificativa ao projeto de lei n\u00ba 10/2021: \"Altera a Lei municipal  1.494, de 20 de agosto de 2019 que autoriza a filia\u00e7\u00e3o ao CISLAGOS- Cons\u00f3rcio Intermunicipal de Sa\u00fade da Regi\u00e3o dos Lagos do Sul de Minas\"."}, {"id": "918", "ano": "2021", "numero": "17", "tipo__sigla": "EM", "tipo__descricao": "Emenda e subemenda", "autoria": "Luiz Felipe", "texto_original": "http://sapl.santanadavargem.mg.leg.br/media/sapl/public/materialegislativa/2021/918/05-04-2021emenda_modificativa_pl09.pdf", "ementa": "Emenda modificativa ao projeto de lei 09/2021 \"Altera o artigo 1\u00ba da Lei Municipal 1.118, de 11 de fevereiro de 2009, que autoriza o Munic\u00edpio de Santana da Vargem a participar do Cons\u00f3rcio Intermunicipal de Sa\u00fade- CISSUL e revoga a Lei Municipal 1.468, de 12 de novembro de 2018 e d\u00e1 outras provid\u00eancias"}, {"id": "919", "ano": "2021", "numero": "18", "tipo__sigla": "EM", "tipo__descricao": "Emenda e subemenda", "autoria": "Luiz Felipe", "texto_original": "http://sapl.santanadavargem.mg.leg.br/media/sapl/public/materialegislativa/2021/919/05-04-2021_emenda_aditiva_09.pdf", "ementa": "Emenda aditiva ao projeto de lei 09/2021 : \"Altera o artigo 1\u00ba da Lei 1.118, de 11 de fevereiro de 2009, que autoriza o Munic\u00edpio de Santana da Vargem a participar do cons\u00f3rcio Intermunicipal de Sa\u00fade Sulmineiro- CISSUL e revoga a lei municipal 1.468 de 12 de novembro de 2018 e d\u00e1 outras provid\u00eancias\""}, {"id": "920", "ano": "2021", "numero": "19", "tipo__sigla": "EM", "tipo__descricao": "Emenda e subemenda", "autoria": "Juninho", "texto_original": "http://sapl.santanadavargem.mg.leg.br/media/sapl/public/materialegislativa/2021/920/06-04-2021_emenda_modificativa_02_projeto_de_lei_complementar_01-2021.pdf", "ementa": "Emenda modificativa n\u00ba02/2021 ao projeto de lei complementar 01/2021: \"Altera o anexo da Lei Municipal 1.083, de 02 de julho de 2008, referente aos requisitos escolaridade do cargo de operador de m\u00e1quinas pesadas"}, {"id": "929", "ano": "2021", "numero": "20", "tipo__sigla": "EM", "tipo__descricao": "Emenda e subemenda", "autoria": "Silmara Girlaine", "texto_original": "http://sapl.santanadavargem.mg.leg.br/media/sapl/public/materialegislativa/2021/929/projeto_de_lei_substitutivo_01_12-2021.pdf", "ementa": "PROJETO DE LEI SUBSTITUTIVO N\u00ba. 01, DE 08 DE ABRIL DE 2021\r\n\"Altera a Lei Municipal n\u00ba 1.103 de 13 de janeiro de 2009, e d\u00e1 outras providencias\""}, {"id": "942", "ano": "2021", "numero": "21", "tipo__sigla": "EM", "tipo__descricao": "Emenda e subemenda", "autoria": "Ronalthe", "texto_original": "http://sapl.santanadavargem.mg.leg.br/media/sapl/public/materialegislativa/2021/942/15-04-2021_emenda_modificativa_01-2021_ao_projeto_de_lei_12.pdf", "ementa": "Emenda modificativa n\u00ba01/2021 ao projeto de lei ordin\u00e1ria n\u00ba12/2021: \"Disp\u00f5e sobre a Altera\u00e7\u00e3o da Lei Municipal n\u00ba 1.103 de 13 de janeiro de 2009 e d\u00e1 outras provid\u00eancias"}, {"id": "943", "ano": "2021", "numero": "22", "tipo__sigla": "EM", "tipo__descricao": "Emenda e subemenda", "autoria": "Ronalthe", "texto_original": "http://sapl.santanadavargem.mg.leg.br/media/sapl/public/materialegislativa/2021/943/15-04-2021_emenda_aditiva_01_ao_projeto_de_lei_12.pdf", "ementa": "Emenda aditiva n\u00ba 01/2021 ao projeto de lei n\u00ba 012/2021: \"Disp\u00f5e sobre a Altera\u00e7\u00e3o da Lei Municipal n\u00ba 1.103, de 13 de janeiro de 2009 e d\u00e1 outras provid\u00eancias"}, {"id": "944", "ano": "2021", "numero": "23", "tipo__sigla": "EM", "tipo__descricao": "Emenda e subemenda", "autoria": "Ronalthe", "texto_original": "http://sapl.santanadavargem.mg.leg.br/media/sapl/public/materialegislativa/2021/944/15-04-2021_emenda_aditiva_02-2021_projeto_de_lei_012.pdf", "ementa": "Emenda aditiva n \u00ba02 ao projeto de lei ordin\u00e1ria n\u00ba 12/2021: \"Disp\u00f5e sobre a Altera\u00e7\u00e3o da Lei municipal n\u00ba 13 de janeiro de 2009 e d\u00e1 outras provid\u00eancias"}, {"id": "970", "ano": "2021", "numero": "24", "tipo__sigla": "EM", "tipo__descricao": "Emenda e subemenda", "autoria": "Juninho", "texto_original": "http://sapl.santanadavargem.mg.leg.br/media/sapl/public/materialegislativa/2021/970/27-04-2021_emenda_aditiva_01-2021_projeto_de_lei_05-2021-_legislativp.pdf", "ementa": "Emenda aditiva 01/2021, projeto de lei ordin\u00e1ria 05/2021: \"Disp\u00f5e sobre a preferencia na matricula ou transfer\u00eancia nas creches e institui\u00e7\u00f5es de ensino infantil e fundamental do munic\u00edpio de Santana da Vargem, e d\u00e1 outras provid\u00eancias\""}, {"id": "971", "ano": "2021", "numero": "25", "tipo__sigla": "EM", "tipo__descricao": "Emenda e subemenda", "autoria": "Juninho", "texto_original": "http://sapl.santanadavargem.mg.leg.br/media/sapl/public/materialegislativa/2021/971/27-04-2021_emenda_aditiva_02-2021_projeto_de_lei_05-2021.pdf", "ementa": "Emenda aditiva 02/2021, projeto de lei 05/2021: \"Disp\u00f5e sobre a preferencia na matricula ou transfer\u00eancia nas creches e institui\u00e7\u00f5es de ensino infantil e fundamental do munic\u00edpio de Santana da Vargem, e d\u00e1 outras provid\u00eancias"}, {"id": "972", "ano": "2021", "numero": "26", "tipo__sigla": "EM", "tipo__descricao": "Emenda e subemenda", "autoria": "Juninho", "texto_original": "http://sapl.santanadavargem.mg.leg.br/media/sapl/public/materialegislativa/2021/972/27-04-2021_emenda_aditiva_03-2021_projeto_de_lei_05-2021-_legislativo.pdf", "ementa": "Emenda aditiva 03/2021, projeto de lei 05/2021 \"Disp\u00f5e sobre a preferencia na matricula ou transfer\u00eancia nas creches e institui\u00e7\u00f5es de ensino infantil e fundamental do munic\u00edpio de Santana da Vargem, e d\u00e1 outras provid\u00eancias"}, {"id": "973", "ano": "2021", "numero": "27", "tipo__sigla": "EM", "tipo__descricao": "Emenda e subemenda", "autoria": "Juninho", "texto_original": "http://sapl.santanadavargem.mg.leg.br/media/sapl/public/materialegislativa/2021/973/27-04-2021_emenda_aditiva_04-2021-_projeto_de_lei_05-2021_-_legislativo.pdf", "ementa": "Emenda aditiva 04/2021, projeto de lei 05/2021 \"Disp\u00f5e sobre a preferencia na matricula ou transfer\u00eancia nas creches e institui\u00e7\u00f5es de ensino infantil e fundamental do munic\u00edpio de Santana da Vargem, e d\u00e1 outras provid\u00eancias\""}, {"id": "974", "ano": "2021", "numero": "28", "tipo__sigla": "EM", "tipo__descricao": "Emenda e subemenda", "autoria": "Juninho", "texto_original": "http://sapl.santanadavargem.mg.leg.br/media/sapl/public/materialegislativa/2021/974/27-04-2021_emenda_modificativa_01-2021_projeto_de_lei_05-2021-_legislativo.pdf", "ementa": "Emenda modificativa 01/2021, projeto de lei 05/2021 \"Disp\u00f5e sobre a preferencia na matricula ou transfer\u00eancia nas creches e institui\u00e7\u00f5es de ensino infantil e fundamental do munic\u00edpio de Santana da Vargem, e d\u00e1 outras provid\u00eancias\""}, {"id": "975", "ano": "2021", "numero": "29", "tipo__sigla": "EM", "tipo__descricao": "Emenda e subemenda", "autoria": "Juninho", "texto_original": "http://sapl.santanadavargem.mg.leg.br/media/sapl/public/materialegislativa/2021/975/27-04-2021_emenda_modificativa_02-2021_projeto_de_lei_5-2021-_legislativo.pdf", "ementa": "Emenda modificativa 02/2021, projeto de lei 05/2021 \"Disp\u00f5e sobre a preferencia na matricula ou transfer\u00eancia nas creches e institui\u00e7\u00f5es de ensino infantil e fundamental do munic\u00edpio de Santana da Vargem, e d\u00e1 outras provid\u00eancias"}, {"id": "976", "ano": "2021", "numero": "30", "tipo__sigla": "EM", "tipo__descricao": "Emenda e subemenda", "autoria": "Juninho", "texto_original": "http://sapl.santanadavargem.mg.leg.br/media/sapl/public/materialegislativa/2021/976/27-04-2021_emenda_modificativa_03-2021-_projeto_de_lei_05-2021-_legislativo.pdf", "ementa": "Emenda modificativa 03/2021, projeto de lei 05/2021 \"Disp\u00f5e sobre a preferencia na matricula ou transfer\u00eancia nas creches e institui\u00e7\u00f5es de ensino infantil e fundamental do munic\u00edpio de Santana da Vargem, e d\u00e1 outras provid\u00eancias\""}, {"id": "977", "ano": "2021", "numero": "31", "tipo__sigla": "EM", "tipo__descricao": "Emenda e subemenda", "autoria": "Juninho", "texto_original": "http://sapl.santanadavargem.mg.leg.br/media/sapl/public/materialegislativa/2021/977/27-04-2021_emenda_supressiva_01-2021-_projeto_de_lei_05-2021_-_legislativo.pdf", "ementa": "Emenda supressiva 01/2021, projeto de lei 05/2021 \"Disp\u00f5e sobre a preferencia na matricula ou transfer\u00eancia nas creches e institui\u00e7\u00f5es de ensino infantil e fundamental do munic\u00edpio de Santana da Vargem, e d\u00e1 outras provid\u00eancias"}, {"id": "988", "ano": "2021", "numero": "32", "tipo__sigla": "EM", "tipo__descricao": "Emenda e subemenda", "autoria": "Juninho", "texto_original": "http://sapl.santanadavargem.mg.leg.br/media/sapl/public/materialegislativa/2021/988/29-04-2021_emenda_substitutiva_01-2021_projeto_de_lei_24-2021.pdf", "ementa": "Emenda substitutiva n\u00ba 01, de 29 de abril de 20201/Projeto de lei 24/2021: \"Autoriza o munic\u00edpio de Santana da Vargem a instituir a pol\u00edtica municipal de incentivo ao desenvolvimento econ\u00f4mico e d\u00e1 outras provid\u00eancias\""}, {"id": "1001", "ano": "2021", "numero": "33", "tipo__sigla": "EM", "tipo__descricao": "Emenda e subemenda", "autoria": "Lia Ara\u00fajo", "texto_original": "http://sapl.santanadavargem.mg.leg.br/media/sapl/public/materialegislativa/2021/1001/03-01-2021_emenda_aditiva_01-2021_ao_projeto_de_lei_05-2021.pdf", "ementa": "Emenda aditiva 01/2021 ao projeto de lei 05/221: \"Disp\u00f5e sobre a prefer\u00eancia na matr\u00edcula ou transfer\u00eancias  nas creches e institui\u00e7\u00f5es de ensino infantil  e fundamental do munic\u00edpio de Santana da Vargem, e d\u00e1 outras provid\u00eancias\""}, {"id": "1002", "ano": "2021", "numero": "34", "tipo__sigla": "EM", "tipo__descricao": "Emenda e subemenda", "autoria": "Lia Ara\u00fajo", "texto_original": "http://sapl.santanadavargem.mg.leg.br/media/sapl/public/materialegislativa/2021/1002/03-05-2021_emenda_supersiva_01-2021_ao_projeto_de_lei_05-2021.pdf", "ementa": "Emenda supressiva 01/2021 ao projeto de lei 05/221: \"Disp\u00f5e sobre a prefer\u00eancia na matr\u00edcula ou transfer\u00eancias  nas creches e institui\u00e7\u00f5es de ensino infantil  e fundamental do munic\u00edpio de Santana da Vargem, e d\u00e1 outras provid\u00eancias\""}, {"id": "1003", "ano": "2021", "numero": "35", "tipo__sigla": "EM", "tipo__descricao": "Emenda e subemenda", "autoria": "Lia Ara\u00fajo", "texto_original": "http://sapl.santanadavargem.mg.leg.br/media/sapl/public/materialegislativa/2021/1003/03-05-2021_emenda_modificativa_01_ao_projeto_de_lei_05-2021.pdf", "ementa": "Emenda modificativa 01/2021 ao projeto de lei 05/221: \"Disp\u00f5e sobre a prefer\u00eancia na matr\u00edcula ou transfer\u00eancias  nas creches e institui\u00e7\u00f5es de ensino infantil  e fundamental do munic\u00edpio de Santana da Vargem, e d\u00e1 outras provid\u00eancias\""}, {"id": "1010", "ano": "2021", "numero": "36", "tipo__sigla": "EM", "tipo__descricao": "Emenda e subemenda", "autoria": "Juninho", "texto_original": "http://sapl.santanadavargem.mg.leg.br/media/sapl/public/materialegislativa/2021/1010/emenda_substitutiva.pdf", "ementa": "Emenda Substitutiva ao Projeto de Lei Ordin\u00e1ria n\u00b0 06/2021."}, {"id": "1028", "ano": "2021", "numero": "37", "tipo__sigla": "EM", "tipo__descricao": "Emenda e subemenda", "autoria": "Juninho", "texto_original": "http://sapl.santanadavargem.mg.leg.br/media/sapl/public/materialegislativa/2021/1028/11-05-2021_emenda_subsitutiva_02-2021_projeto_de_lei_06.pdf", "ementa": "Emenda substitutiva 02/2021 projeto de lei 06/2021: Disp\u00f5e sobre a concess\u00e3o de regime de suprimentos de fundo, para realiza\u00e7\u00e3o de despesas urgentes e de pequeno vulto no \u00e2mbito do Munic\u00edpio de Santana da Vargem"}, {"id": "1029", "ano": "2021", "numero": "38", "tipo__sigla": "EM", "tipo__descricao": "Emenda e subemenda", "autoria": "Lia Ara\u00fajo", "texto_original": "http://sapl.santanadavargem.mg.leg.br/media/sapl/public/materialegislativa/2021/1029/12-05-2021_emenda_supressiva_01-2021_ao_projeto_substitutivo.pdf", "ementa": "Emenda supressiva n\u00famero 01/2021 ao projeto de lei substitutivo ao projeto de lei ordin\u00e1ria 06/2021"}, {"id": "1031", "ano": "2021", "numero": "40", "tipo__sigla": "EM", "tipo__descricao": "Emenda e subemenda", "autoria": "Lia Ara\u00fajo", "texto_original": "http://sapl.santanadavargem.mg.leg.br/media/sapl/public/materialegislativa/2021/1031/12-05-2021_emenda_modificativa_01-2021_ao_projeto_de_lei_substituto.pdf", "ementa": "Emenda Modificativa n\u00b0 01/2021 ao projeto de lei substitutivo ao projeto de lei ordin\u00e1ria 06/2021"}, {"id": "1136", "ano": "2021", "numero": "41", "tipo__sigla": "EM", "tipo__descricao": "Emenda e subemenda", "autoria": "Ronalthe", "texto_original": "http://sapl.santanadavargem.mg.leg.br/media/sapl/public/materialegislativa/2021/1136/01-07-2021_emenda_modificativa_no_01-12021_projeto_de_lei_ordinaria_25-2021.pdf", "ementa": "Emenda modificativa n\u00ba 1 ao projeto de lei ordin\u00e1ria 25/2021: \"Disp\u00f5e sobre as diretrizes para elabora\u00e7\u00e3o da Lei Or\u00e7ament\u00e1ria de 2022 e d\u00e1 outras provid\u00eancias"}, {"id": "1137", "ano": "2021", "numero": "42", "tipo__sigla": "EM", "tipo__descricao": "Emenda e subemenda", "autoria": "Ezequiel, Juninho", "texto_original": "http://sapl.santanadavargem.mg.leg.br/media/sapl/public/materialegislativa/2021/1137/01-07-2021_emenda_aditiva_no_01-2021_projeto_de_lei_ordinaria_do_executivo_25-2021.pdf", "ementa": "Emenda aditiva n\u00ba 1 ao projeto de lei ordin\u00e1ria 25/2021: \"Disp\u00f5e sobre as diretrizes para elabora\u00e7\u00e3o da Lei Or\u00e7ament\u00e1ria de 2022 e d\u00e1 outras provid\u00eancias"}, {"id": "1138", "ano": "2021", "numero": "43", "tipo__sigla": "EM", "tipo__descricao": "Emenda e subemenda", "autoria": "Ezequiel, Juninho", "texto_original": "http://sapl.santanadavargem.mg.leg.br/media/sapl/public/materialegislativa/2021/1138/01-01-2021_emenda_aditiva_02-2021_projeto_de_lei_ordiaria_do_executivo_25-2021.pdf", "ementa": "Emenda aditiva n\u00ba 2 ao projeto de lei ordin\u00e1ria 25/2021: \"Disp\u00f5e sobre as diretrizes para elabora\u00e7\u00e3o da Lei Or\u00e7ament\u00e1ria de 2022 e d\u00e1 outras provid\u00eancias"}, {"id": "1160", "ano": "2021", "numero": "44", "tipo__sigla": "EM", "tipo__descricao": "Emenda e subemenda", "autoria": "Silmara Girlaine", "texto_original": "http://sapl.santanadavargem.mg.leg.br/media/sapl/public/materialegislativa/2021/1160/emenda_modificativa_no_02_plo_25-21_1.pdf", "ementa": "Emenda modificativa 02 ao projeto de lei n\u00ba 25/2021 \u201cDisp\u00f5e sobre as diretrizes para a elabora\u00e7\u00e3o da lei or\u00e7ament\u00e1ria de 2022 e d\u00e1 outras provid\u00eancias\u201d."}, {"id": "1161", "ano": "2021", "numero": "45", "tipo__sigla": "EM", "tipo__descricao": "Emenda e subemenda", "autoria": "Silmara Girlaine", "texto_original": "http://sapl.santanadavargem.mg.leg.br/media/sapl/public/materialegislativa/2021/1161/emenda_modificativa_no_03_plo_25-21_1.pdf", "ementa": "Emenda modificativa n\u00ba 03 ao projeto de lei n\u00ba 25/2021 \u201cDisp\u00f5e sobre as diretrizes para a elabora\u00e7\u00e3o da lei or\u00e7ament\u00e1ria de 2022 e d\u00e1 outras provid\u00eancias\u201d."}, {"id": "1162", "ano": "2021", "numero": "46", "tipo__sigla": "EM", "tipo__descricao": "Emenda e subemenda", "autoria": "Silmara Girlaine", "texto_original": "http://sapl.santanadavargem.mg.leg.br/media/sapl/public/materialegislativa/2021/1162/emenda_aditiva_no_03_plo_25-21.pdf", "ementa": "Emenda aditiva 03 ao projeto de lei n\u00b0 25/2021 \u201cDisp\u00f5e sobre as diretrizes para a elabora\u00e7\u00e3o da lei or\u00e7ament\u00e1ria de 2022 e d\u00e1 outras provid\u00eancias\u201d."}, {"id": "1224", "ano": "2021", "numero": "47", "tipo__sigla": "EM", "tipo__descricao": "Emenda e subemenda", "autoria": "Juninho", "texto_original": "http://sapl.santanadavargem.mg.leg.br/media/sapl/public/materialegislativa/2021/1224/emenda_substitutiva_01-2021_projeto_de_lei_08-2021.pdf", "ementa": "Emenda Substitutiva n\u00b0 01 de 10 de agosto de 2021 ao projeto de lei 08/2021: \"Institui a divulga\u00e7\u00e3o da listagem dos medicamentos dispon\u00edveis e em falta na rede p\u00fablica municipal de Sa\u00fade\""}, {"id": "1229", "ano": "2021", "numero": "48", "tipo__sigla": "EM", "tipo__descricao": "Emenda e subemenda", "autoria": "Ronalthe", "texto_original": "http://sapl.santanadavargem.mg.leg.br/media/sapl/public/materialegislativa/2021/1229/10-08-2021_emenda_substitutiva_ao_projeto_09.pdf", "ementa": "Emenda substitutiva n\u00b0 01 de 10 de agosto de 2021 ao projeto de lei ordin\u00e1ria do legislativo 06/2021: \"Disp\u00f5e sobre a divulga\u00e7\u00e3o dos gastos do Poder P\u00fablico do Munic\u00edpio de Santana da Vargem-MG em rela\u00e7\u00e3o \u00e0 preven\u00e7\u00e3o e ao enfrentamento do novo coronav\u00edrus e d\u00e1 outras provid\u00eancias"}, {"id": "1262", "ano": "2021", "numero": "49", "tipo__sigla": "EM", "tipo__descricao": "Emenda e subemenda", "autoria": "Juninho", "texto_original": "http://sapl.santanadavargem.mg.leg.br/media/sapl/public/materialegislativa/2021/1262/17-08-2021_emenda_modificativa_01-2021_projeto_de_lei_ordinaria_do_legislativo_11-2021.pdf", "ementa": "Emenda modificativa 01/2021 Projeto de lei ordin\u00e1ria do legislativo 11/2021: \"Institui o dia municipal de conscientiza\u00e7\u00e3o, preven\u00e7\u00e3o e combate \u00e0 depress\u00e3o, ansiedade e s\u00edndrome do p\u00e2nico e d\u00e1 outras provid\u00eancias"}, {"id": "1273", "ano": "2021", "numero": "50", "tipo__sigla": "EM", "tipo__descricao": "Emenda e subemenda", "autoria": "Jackson Luiz", "texto_original": "http://sapl.santanadavargem.mg.leg.br/media/sapl/public/materialegislativa/2021/1273/19-08-2021_emenda_substitutiva_ao_projeto_de_lei_26-2021.pdf", "ementa": "Emenda Substitutiva ao projeto de lei 26-2021: \"Disp\u00f5e sobre \u00e1reas especiais, locais de interesse tur\u00edstico e invent\u00e1rio dos bens de valor cultural e natural do munic\u00edpio de Santana da Vargem e d\u00e1 outras provid\u00eancias"}, {"id": "1357", "ano": "2021", "numero": "51", "tipo__sigla": "EM", "tipo__descricao": "Emenda e subemenda", "autoria": "Jackson Luiz", "texto_original": "http://sapl.santanadavargem.mg.leg.br/media/sapl/public/materialegislativa/2021/1357/20-09-2021_emenda_substitutiva_plol_13-2021.pdf", "ementa": "Emenda substitutiva ao projeto de lei ordin\u00e1ria do legislativo 13/2021 \"Institui o Programa de Atendimento m\u00e9dico Pediatra, nas creches municipais de Santana da Vargem e d\u00e1 outras provid\u00eancias"}, {"id": "1396", "ano": "2021", "numero": "52", "tipo__sigla": "EM", "tipo__descricao": "Emenda e subemenda", "autoria": "Juninho", "texto_original": "http://sapl.santanadavargem.mg.leg.br/media/sapl/public/materialegislativa/2021/1396/emenda_modificativa_ao_projeto_de_lei_55-2021_contratacao_temporaria_1.pdf", "ementa": "Emenda modificativa n\u00ba 01 ao projeto de lei ordin\u00e1rio 055/2021"}, {"id": "1397", "ano": "2021", "numero": "53", "tipo__sigla": "EM", "tipo__descricao": "Emenda e subemenda", "autoria": "Juninho", "texto_original": "http://sapl.santanadavargem.mg.leg.br/media/sapl/public/materialegislativa/2021/1397/emenda_aditiva_ao_projeto_de_lei_55-2021_contratacao_temporaria.pdf", "ementa": "Emenda aditiva 01 ao projeto de lei ordin\u00e1rio 55/2021"}, {"id": "1409", "ano": "2021", "numero": "54", "tipo__sigla": "EM", "tipo__descricao": "Emenda e subemenda", "autoria": "Luiz Felipe", "texto_original": "http://sapl.santanadavargem.mg.leg.br/media/sapl/public/materialegislativa/2021/1409/emenda_pl_20-2021_s.pdf", "ementa": "Emenda modificativa 01/2021 ao projeto de lei ordin\u00e1ria do legislativo 20/2021"}, {"id": "1411", "ano": "2021", "numero": "55", "tipo__sigla": "EM", "tipo__descricao": "Emenda e subemenda", "autoria": "Luiz Felipe", "texto_original": "http://sapl.santanadavargem.mg.leg.br/media/sapl/public/materialegislativa/2021/1411/emenda_pl_19-2021.pdf", "ementa": "Emenda modificativa 01/2021 ao projeto de lei ordin\u00e1ria do legislativo 19/2022 \"D\u00e1 o nome de Rua Dorvino Martins de Oliveira ao logradouro  p\u00fablico Rua 07 localizado no Loteamento Mario Alves de Carvalho\""}, {"id": "1413", "ano": "2021", "numero": "56", "tipo__sigla": "EM", "tipo__descricao": "Emenda e subemenda", "autoria": "Luiz Felipe", "texto_original": "http://sapl.santanadavargem.mg.leg.br/media/sapl/public/materialegislativa/2021/1413/emenda_pl_18-2021.pdf", "ementa": "Emenda modificativa 01/2021 ao projeto de lei ordin\u00e1ria do legislativo 18/2021: D\u00e1 o nome de Rua Mateus Isac ao logradouro p\u00fablico Rua 05 localizado no Loteamento Marne Teodoro da Silva e Loteamento Mario Alves de Carvalho"}, {"id": "1415", "ano": "2021", "numero": "57", "tipo__sigla": "EM", "tipo__descricao": "Emenda e subemenda", "autoria": "Luiz Felipe", "texto_original": "http://sapl.santanadavargem.mg.leg.br/media/sapl/public/materialegislativa/2021/1415/emenda_pl_17-2021.pdf", "ementa": "Emenda modificativa 01/2021 ao projeto de lei ordin\u00e1ria do legislativo 17/2021: D\u00e1 o nome de Rua Bruno Tinano ao logradouro p\u00fablico Rua 06 localizado no Loteamento Marne Teodoro da Silva e Loteamento Mario Alves de Carvalho"}, {"id": "1442", "ano": "2021", "numero": "58", "tipo__sigla": "EM", "tipo__descricao": "Emenda e subemenda", "autoria": "Jackson Luiz", "texto_original": "http://sapl.santanadavargem.mg.leg.br/media/sapl/public/materialegislativa/2021/1442/emenda_projeto_21.pdf", "ementa": "Emenda modificativa 01/2021 ao projeto de lei ordin\u00e1ria do legislativo 21/2021"}, {"id": "1443", "ano": "2021", "numero": "59", "tipo__sigla": "EM", "tipo__descricao": "Emenda e subemenda", "autoria": "Juninho", "texto_original": "http://sapl.santanadavargem.mg.leg.br/media/sapl/public/materialegislativa/2021/1443/emenda_modificativa_-_projeto_61_-_policia_militar_-_credito_especial_1.pdf", "ementa": "EMENDA MODIFICATIVA N\u00ba01, AO PROJETO DE LEI N\u00ba61, DE 26 DE OUTUBRO DE 2021"}, {"id": "1513", "ano": "2021", "numero": "60", "tipo__sigla": "EM", "tipo__descricao": "Emenda e subemenda", "autoria": "Juninho", "texto_original": "http://sapl.santanadavargem.mg.leg.br/media/sapl/public/materialegislativa/2021/1513/emenda_moidificativa_ao_pl38-2021.pdf", "ementa": "Emendo modificativa n\u00ba 01/2021 ao projeto de lei ordin\u00e1ria do legislativo n\u00ba 38/2021"}, {"id": "1522", "ano": "2021", "numero": "61", "tipo__sigla": "EM", "tipo__descricao": "Emenda e subemenda", "autoria": "Silmara Girlaine", "texto_original": "http://sapl.santanadavargem.mg.leg.br/media/sapl/public/materialegislativa/2021/1522/emenda_modificativa_01_pl_52--2021.pdf", "ementa": "emenda modificativa ao n\u00ba 01/2021 ao projeto de lei n\u00ba 52/2021"}, {"id": "1531", "ano": "2021", "numero": "62", "tipo__sigla": "EM", "tipo__descricao": "Emenda e subemenda", "autoria": "Silmara Girlaine", "texto_original": "http://sapl.santanadavargem.mg.leg.br/media/sapl/public/materialegislativa/2021/1531/emenda_aditiva_aoo_projeto_de_lei_53-2021.pdf", "ementa": "Emenda aditiva n\u00ba01/2021 ao projeto de lei n\u00ba 53/2021"}, {"id": "1532", "ano": "2021", "numero": "63", "tipo__sigla": "EM", "tipo__descricao": "Emenda e subemenda", "autoria": "Silmara Girlaine", "texto_original": "http://sapl.santanadavargem.mg.leg.br/media/sapl/public/materialegislativa/2021/1532/emenda_aditiva_ao_projeto_de_lei_52-2021.pdf", "ementa": "Emenda aditiva n\u00ba 01/2021 ao projeto de lei 52/2021"}, {"id": "1545", "ano": "2021", "numero": "64", "tipo__sigla": "EM", "tipo__descricao": "Emenda e subemenda", "autoria": "Ronalthe", "texto_original": "http://sapl.santanadavargem.mg.leg.br/media/sapl/public/materialegislativa/2021/1545/emenda_modificativa_ppa__ronalthe_53.pdf", "ementa": "Emenda Modificativa n\u00ba 01 ao projeto de Lei n\u00ba 53 de 30 agosto de 2021"}, {"id": "1546", "ano": "2021", "numero": "65", "tipo__sigla": "EM", "tipo__descricao": "Emenda e subemenda", "autoria": "Ronalthe", "texto_original": "http://sapl.santanadavargem.mg.leg.br/media/sapl/public/materialegislativa/2021/1546/emenda_modificativa_ronalthe_52.pdf", "ementa": "Emenda Modificativa n\u00ba 02 ao projeto de lei 52 de 30 de agosto de 2021"}, {"id": "962", "ano": "2021", "numero": "2", "tipo__sigla": "PELO", "tipo__descricao": "Proposta de Emenda \u00e0 Lei Org\u00e2nica", "autoria": "Jos\u00e9 Elias Figueiredo", "texto_original": "http://sapl.santanadavargem.mg.leg.br/media/sapl/public/materialegislativa/2021/962/26-04-2021_projeto_de_emenda_a_lei_organica_02-2021.pdf", "ementa": "\"Disp\u00f5e sobre as altera\u00e7\u00f5es da Lei Org\u00e2nica do Munic\u00edpio de Santana da Vargem, e d\u00e1 outras provid\u00eancias\""}, {"id": "1350", "ano": "2021", "numero": "5", "tipo__sigla": "PELO", "tipo__descricao": "Proposta de Emenda \u00e0 Lei Org\u00e2nica", "autoria": "Jos\u00e9 Elias Figueiredo", "texto_original": "http://sapl.santanadavargem.mg.leg.br/media/sapl/public/materialegislativa/2021/1350/17-09-2021_proposta_de_emenda_a_lei_organica_05.pdf", "ementa": "Disp\u00f5e sobre a altera\u00e7\u00e3o do artigo 88 da Lei Org\u00e2nica Municipal que define a permiss\u00e3o de uso para atividades comerciais nas pra\u00e7as p\u00fablicas  do Munic\u00edpio."}, {"id": "685", "ano": "2021", "numero": "1", "tipo__sigla": "IND", "tipo__descricao": "Indica\u00e7\u00e3o", "autoria": "Luiz Felipe", "texto_original": "http://sapl.santanadavargem.mg.leg.br/media/sapl/public/materialegislativa/2021/685/indicacao_001-2021_felipao.pdf", "ementa": "Indico ao Exm\u00b0 Sr. Jos\u00e9 Elias Figueiredo, prefeito municipal, a necessidade de consertar a ponte Z\u00e9 Rum\u00e3o da comunidade do Pe\u00e3o."}, {"id": "697", "ano": "2021", "numero": "2", "tipo__sigla": "IND", "tipo__descricao": "Indica\u00e7\u00e3o", "autoria": "Lia Ara\u00fajo", "texto_original": "http://sapl.santanadavargem.mg.leg.br/media/sapl/public/materialegislativa/2021/697/01-2021_lia_araujo.pdf", "ementa": "Indica ao Exm Sr. Jos\u00e9 Elias Figueiredo a necessidade de limpeza, manuten\u00e7\u00e3o e obras no Ribeir\u00e3o Santana em seu territ\u00f3rio total e tamb\u00e9m das Ruas do bairro Centro (Zarraia)"}, {"id": "698", "ano": "2021", "numero": "3", "tipo__sigla": "IND", "tipo__descricao": "Indica\u00e7\u00e3o", "autoria": "Luiz Felipe", "texto_original": "http://sapl.santanadavargem.mg.leg.br/media/sapl/public/materialegislativa/2021/698/02-2021_luiz_felipe.pdf", "ementa": "Indico ao Exm Sr. Jos\u00e9 Elias Figueiredo, prefeito municipal, a necessidade de providenciar a drenagem da Rua Ant\u00f4nio Carlos Silva, nas imedia\u00e7\u00f5es do n\u00famero 271 a 525 no Centro de Santana da Vargem"}, {"id": "699", "ano": "2021", "numero": "4", "tipo__sigla": "IND", "tipo__descricao": "Indica\u00e7\u00e3o", "autoria": "Luiz Felipe", "texto_original": "http://sapl.santanadavargem.mg.leg.br/media/sapl/public/materialegislativa/2021/699/indicacao_004-2021_felipao.pdf", "ementa": "Indica-se providenciar Placa de Proibido o Tr\u00e1fego de Caminh\u00f5es no trecho da Avenida Marginal Ribeir\u00e3o Santana sentido a Rua Miguel Antonio da Silva."}, {"id": "700", "ano": "2021", "numero": "5", "tipo__sigla": "IND", "tipo__descricao": "Indica\u00e7\u00e3o", "autoria": "Ronalthe", "texto_original": "http://sapl.santanadavargem.mg.leg.br/media/sapl/public/materialegislativa/2021/700/indicacao_1-2021_ronalthe.pdf", "ementa": "Indico ao Exm\u00b0 Sr. Jos\u00e9 Elias Figueiredo, prefeito municipal, a necessidade de providenciar ilumina\u00e7\u00e3o para o segundo trevo da BR-265 sentido Coqueiral."}, {"id": "706", "ano": "2021", "numero": "6", "tipo__sigla": "IND", "tipo__descricao": "Indica\u00e7\u00e3o", "autoria": "Juninho", "texto_original": "http://sapl.santanadavargem.mg.leg.br/media/sapl/public/materialegislativa/2021/706/indicacao_01_juninho.pdf", "ementa": "Indico ao Exm\u00ba Sr. Jos\u00e9 Elias Figueiredo, prefeito municipal, a necessidade de resolver o problema de enchentes nas casas da Sra. Magna Helena Botelho, situado a rua Nelson Pereira Vilela, n\u00b0 95 e Jos\u00e9 Ant\u00f4nio Lino (Toninho da Vita), situado a rua Nelson Pereira Vilela n\u00b083."}, {"id": "708", "ano": "2021", "numero": "7", "tipo__sigla": "IND", "tipo__descricao": "Indica\u00e7\u00e3o", "autoria": "Luiz Felipe", "texto_original": "http://sapl.santanadavargem.mg.leg.br/media/sapl/public/materialegislativa/2021/708/005-2021_luiz_felipe.pdf", "ementa": "Indico ao Exm\u00ba Sr. Jos\u00e9 Elias Figueiredo, prefeito municipal, a necessidade de providenciar a instala\u00e7\u00e3o de quebras-molas na rua Jos\u00e9 Ven\u00e2ncio de Miranda nas imedia\u00e7\u00f5es do n\u00famero 282 at\u00e9 a sa\u00edda para a avenida Nelson Pereira Vilela"}, {"id": "709", "ano": "2021", "numero": "8", "tipo__sigla": "IND", "tipo__descricao": "Indica\u00e7\u00e3o", "autoria": "Luiz Felipe", "texto_original": "http://sapl.santanadavargem.mg.leg.br/media/sapl/public/materialegislativa/2021/709/006-2021_luiz_felipe.pdf", "ementa": "Indico ao Exm\u00ba Sr. Jos\u00e9 Elias Figueiredo, prefeito municipal, a necessidade de, assim que passar o per\u00edodo chuvoso, providenciar a restaura\u00e7\u00e3o e a manuten\u00e7\u00e3o peri\u00f3dica da estrada da comunidade do \"Morro Cavado e Pe\u00e3o\"."}, {"id": "710", "ano": "2021", "numero": "9", "tipo__sigla": "IND", "tipo__descricao": "Indica\u00e7\u00e3o", "autoria": "Luiz Felipe", "texto_original": "http://sapl.santanadavargem.mg.leg.br/media/sapl/public/materialegislativa/2021/710/007-2021_luis_felipe.pdf", "ementa": "Indico ao Exm\u00b0 Sr. Jos\u00e9 Elias Figueiredo, prefeito municipal, a necessidade de providenciar manuten\u00e7\u00e3o na ponte da Comunidade Floresta ap\u00f3s o per\u00edodo de chuvas."}, {"id": "711", "ano": "2021", "numero": "10", "tipo__sigla": "IND", "tipo__descricao": "Indica\u00e7\u00e3o", "autoria": "Luiz Felipe", "texto_original": "http://sapl.santanadavargem.mg.leg.br/media/sapl/public/materialegislativa/2021/711/008-2021_luiz_felipe.pdf", "ementa": "Indico ao Exm\u00ba Sr. Jos\u00e9 Elias Figueiredo, prefeito municipal, a necessidade de providenciar medidas para solucionar o problema com os c\u00e3es de rua do munic\u00edpio."}, {"id": "712", "ano": "2021", "numero": "11", "tipo__sigla": "IND", "tipo__descricao": "Indica\u00e7\u00e3o", "autoria": "Luiz Felipe", "texto_original": "http://sapl.santanadavargem.mg.leg.br/media/sapl/public/materialegislativa/2021/712/009-2021_luiz_felipe.pdf", "ementa": "Indico ai Exm\u00ba Sr. Jos\u00e9 Elias Figueiredo, prefeito municipal, a necessidade de providenciar a instala\u00e7\u00e3o de um quebra molas na rua Domingos Vieira de Lima nas imedia\u00e7\u00f5es do n\u00famero 1072 no centro de Santana da Vargem."}, {"id": "713", "ano": "2021", "numero": "12", "tipo__sigla": "IND", "tipo__descricao": "Indica\u00e7\u00e3o", "autoria": "Luiz Felipe", "texto_original": "http://sapl.santanadavargem.mg.leg.br/media/sapl/public/materialegislativa/2021/713/010-2021_luiz_felipe.pdf", "ementa": "Indico ao Exm\u00ba Sr. Jos\u00e9 Elias Figueiredo, prefeito municipal, a necessidade de providenciar a drenagem pluvial na Rua Domingos Vieira de Lima nas imedia\u00e7\u00f5es do n\u00famero 1070 at\u00e9 o cemit\u00e9rio municipal no centro de Santana da Vargem"}, {"id": "714", "ano": "2021", "numero": "13", "tipo__sigla": "IND", "tipo__descricao": "Indica\u00e7\u00e3o", "autoria": "Luiz Felipe", "texto_original": "http://sapl.santanadavargem.mg.leg.br/media/sapl/public/materialegislativa/2021/714/011-2021_luiz_felipe.pdf", "ementa": "Indico ao Exm\u00ba Sr. Jos\u00e9 Elias Figueiredo, prefeito municipal, a necessidade de providenciar a limpeza geral das ruas do munic\u00edpio."}, {"id": "717", "ano": "2021", "numero": "14", "tipo__sigla": "IND", "tipo__descricao": "Indica\u00e7\u00e3o", "autoria": "Luiz Felipe", "texto_original": "http://sapl.santanadavargem.mg.leg.br/media/sapl/public/materialegislativa/2021/717/12-2021_luiz_felipe.pdf", "ementa": "Indico ao EXm\u00ba Sr. Jos\u00e9 Elias Figueiredo, prefeito municipal, a necessidade de providenciar a limpeza dos terrenos abaixo do n\u00famero 558 na rua Alfredo Pereira Gomes no bairro Padre Victor ou a notifica\u00e7\u00e3o do propriet\u00e1rio para que limpe esse terreno"}, {"id": "718", "ano": "2021", "numero": "15", "tipo__sigla": "IND", "tipo__descricao": "Indica\u00e7\u00e3o", "autoria": "Luiz Felipe", "texto_original": "http://sapl.santanadavargem.mg.leg.br/media/sapl/public/materialegislativa/2021/718/013-2021_luiz_felipe.pdf", "ementa": "Indico ao Exm\u00ba Sr. Jos\u00e9 Elias Figueiredo, prefeito municipal, a necessidade de providenciar a instala\u00e7\u00e3o de uma placa proibindo o tr\u00e2nsito de caminh\u00f5es na Avenida Marginal Ribeir\u00e3o Santana at\u00e9 o cruzamento com a rua C\u00f4nego Jos\u00e9 Rabelo. Solicito que a placa seja colocada em frente ao n\u00famero 600 e que seja impedido at\u00e9 o n\u00famero 235"}, {"id": "723", "ano": "2021", "numero": "16", "tipo__sigla": "IND", "tipo__descricao": "Indica\u00e7\u00e3o", "autoria": "Luiz Felipe", "texto_original": "http://sapl.santanadavargem.mg.leg.br/media/sapl/public/materialegislativa/2021/723/014-2021_luiz_felipe.pdf", "ementa": "Indico ao Exm\u00ba Sr. Jos\u00e9 Elias Figueiredo, prefeito municipal, a necessidade de providenciar asfaltamento para a parte da avenida H\u00e9lio Terra, depois do parquinho e tamb\u00e9m a limpeza daquele trecho."}, {"id": "724", "ano": "2021", "numero": "17", "tipo__sigla": "IND", "tipo__descricao": "Indica\u00e7\u00e3o", "autoria": "Luiz Felipe", "texto_original": "http://sapl.santanadavargem.mg.leg.br/media/sapl/public/materialegislativa/2021/724/015-2021_luiz_felipe.pdf", "ementa": "Indico ao Exm\u00ba Sr. Jos\u00e9 Elias Figueiredo, prefeito municipal, a necessidade de criar programa de incentivo ao esporte e cultura."}, {"id": "726", "ano": "2021", "numero": "18", "tipo__sigla": "IND", "tipo__descricao": "Indica\u00e7\u00e3o", "autoria": "Luiz Felipe", "texto_original": "http://sapl.santanadavargem.mg.leg.br/media/sapl/public/materialegislativa/2021/726/016-2021_luiz_felipe.pdf", "ementa": "Indico ao Exm\u00ba Sr. Jos\u00e9 Elias Figueiredo, prefeito municipal, a necessidade de providenciar a limpeza da avenida H\u00e9lio Terra e at\u00e9 o trecho depois do parquinho."}, {"id": "727", "ano": "2021", "numero": "19", "tipo__sigla": "IND", "tipo__descricao": "Indica\u00e7\u00e3o", "autoria": "Luiz Felipe", "texto_original": "http://sapl.santanadavargem.mg.leg.br/media/sapl/public/materialegislativa/2021/727/017-2021_luiz_felipe.pdf", "ementa": "Indico ao Exm\u00b0 Sr. Jos\u00e9 Elias Figueiredo, prefeito municipal, a necessidade de criar um projeto que altere o c\u00f3digo tribut\u00e1rio para estabelecer multa para os propriet\u00e1rios que, ap\u00f3s serem notificados para realizarem a limpeza de seus terrenos, n\u00e3o o fizerem em determinado prazo"}, {"id": "728", "ano": "2021", "numero": "20", "tipo__sigla": "IND", "tipo__descricao": "Indica\u00e7\u00e3o", "autoria": "Luiz Felipe", "texto_original": "http://sapl.santanadavargem.mg.leg.br/media/sapl/public/materialegislativa/2021/728/018-2021_luiz_felipe.pdf", "ementa": "Indico ao Exm\u00b0 Sr. Jos\u00e9 Elias Figueiredo, prefeito municipal, a necessidade de providenciar a instala\u00e7\u00e3o de um quebra-molas na rua Miguel Alves de Carvalho nas imedia\u00e7\u00f5es do n\u00famero 19"}, {"id": "729", "ano": "2021", "numero": "21", "tipo__sigla": "IND", "tipo__descricao": "Indica\u00e7\u00e3o", "autoria": "Luiz Felipe", "texto_original": "http://sapl.santanadavargem.mg.leg.br/media/sapl/public/materialegislativa/2021/729/019-2021_luiz_felipe.pdf", "ementa": "Indico ao Exm\u00b0 Sr. Jos\u00e9 Elias Figueiredo, prefeito municipal, a necessidade de providenciar a instala\u00e7\u00e3o de uma mureta (guard rail) no trevo com sa\u00edda para a rodovia 265."}, {"id": "730", "ano": "2021", "numero": "22", "tipo__sigla": "IND", "tipo__descricao": "Indica\u00e7\u00e3o", "autoria": "Luiz Felipe", "texto_original": "http://sapl.santanadavargem.mg.leg.br/media/sapl/public/materialegislativa/2021/730/020-2021_luiz_felipe.pdf", "ementa": "Indico ao Exm\u00ba Sr. Jos\u00e9 Elias Figueiredo, prefeito municipal, a necessidade de providenciar a canaliza\u00e7\u00e3o da mina em frente a Academia Box Fit localizada na Avenida H\u00e9lio Terra e a instala\u00e7\u00e3o de um bebedouro com a \u00e1gua que vem dessa mina para os mun\u00edcipes que fazem caminhada e praticam esportes no local"}, {"id": "731", "ano": "2021", "numero": "23", "tipo__sigla": "IND", "tipo__descricao": "Indica\u00e7\u00e3o", "autoria": "Lia Ara\u00fajo", "texto_original": "http://sapl.santanadavargem.mg.leg.br/media/sapl/public/materialegislativa/2021/731/002-2021_lia_araujo.pdf", "ementa": "Indico ao Exm\u00b0 Sr. Jos\u00e9 Elias Figueiredo, prefeito municipal, a necessidade de elabora\u00e7\u00e3o de um projeto de lei prevendo a concess\u00e3o tempor\u00e1ria de uma gratifica\u00e7\u00e3o para profissionais que atuam no enfrentamento, preven\u00e7\u00e3o e combate \u00e0 Covid-19."}, {"id": "732", "ano": "2021", "numero": "24", "tipo__sigla": "IND", "tipo__descricao": "Indica\u00e7\u00e3o", "autoria": "Luiz Felipe", "texto_original": "http://sapl.santanadavargem.mg.leg.br/media/sapl/public/materialegislativa/2021/732/21-2021_luiz_felipe.pdf", "ementa": "Indico ao Exm\u00b0 Sr. Jos\u00e9 Elias Figueiredo, prefeito municipal, a necessidade de providenciar a constru\u00e7\u00e3o de uma ciclovia na Avenida H\u00e9lio Terra e uma, na Marginal Ribeir\u00e3o Santana"}, {"id": "733", "ano": "2021", "numero": "25", "tipo__sigla": "IND", "tipo__descricao": "Indica\u00e7\u00e3o", "autoria": "Juninho", "texto_original": "http://sapl.santanadavargem.mg.leg.br/media/sapl/public/materialegislativa/2021/733/indicacao_03_juninho.pdf", "ementa": "Indico ao Exm\u00b0 Sr. Jos\u00e9 Elias Figueiredo, prefeito municipal, a necessidade de limpeza no terreno situado a rua Gabriel Jos\u00e9 dos Reis, em frente a casa do Tiburcio, nas proximidades do Est\u00e1dio Municipal"}, {"id": "734", "ano": "2021", "numero": "26", "tipo__sigla": "IND", "tipo__descricao": "Indica\u00e7\u00e3o", "autoria": "Juninho", "texto_original": "http://sapl.santanadavargem.mg.leg.br/media/sapl/public/materialegislativa/2021/734/indicacao_02_juninho.pdf", "ementa": "Indico ao Exm\u00b0 Sr. Jos\u00e9 Elias Figueiredo, prefeito municipal, a necessidade de limpeza no terreno ao final da rua Vitor Francisco de Paula, centro de Santana da Vargem. Sendo este terreno \u00e0s margens do Ribeir\u00e3o Santana."}, {"id": "739", "ano": "2021", "numero": "27", "tipo__sigla": "IND", "tipo__descricao": "Indica\u00e7\u00e3o", "autoria": "Ezequiel", "texto_original": "http://sapl.santanadavargem.mg.leg.br/media/sapl/public/materialegislativa/2021/739/01-2021_ezequiel.pdf", "ementa": "Indico ao Exm\u00b0 Sr. Jos\u00e9 Elias Figueiredo, prefeito municipal, a necessidade de providenciar lixeiras na Avenida H\u00e9lio Terra e bancos onde poss\u00edvel"}, {"id": "740", "ano": "2021", "numero": "28", "tipo__sigla": "IND", "tipo__descricao": "Indica\u00e7\u00e3o", "autoria": "Ezequiel", "texto_original": "http://sapl.santanadavargem.mg.leg.br/media/sapl/public/materialegislativa/2021/740/02-2021_ezequiel.pdf", "ementa": "Indico ao Exm\u00b0 Sr. Jos\u00e9 Elias Figueiredo, Prefeito Municipal, a necessidade de quebra-molas na Rua Coronel Licas entre os n\u00fameros 33 a 190, a quantidade de quebra-molas deve ser estudada por este executivo"}, {"id": "741", "ano": "2021", "numero": "29", "tipo__sigla": "IND", "tipo__descricao": "Indica\u00e7\u00e3o", "autoria": "Ezequiel", "texto_original": "http://sapl.santanadavargem.mg.leg.br/media/sapl/public/materialegislativa/2021/741/03-2021_ezequiel.pdf", "ementa": "Indico ao Exm Sr. Jos\u00e9 Elias Figueiredo, prefeito municipal, a necessidade de providenciar ilumina\u00e7\u00e3o p\u00fablica na Rua Jos\u00e9 Paix\u00e3o, bairro S\u00e3o Domingos"}, {"id": "742", "ano": "2021", "numero": "30", "tipo__sigla": "IND", "tipo__descricao": "Indica\u00e7\u00e3o", "autoria": "Ezequiel", "texto_original": "http://sapl.santanadavargem.mg.leg.br/media/sapl/public/materialegislativa/2021/742/04-2021_ezequiel.pdf", "ementa": "Indico ao Exm\u00b0 Sr. Jos\u00e9 Elias Figueiredo, prefeito municipal, a necessidade de dar maior prazo para o pagamento do IPTU 2021 para as fam\u00edlias carentes e tamb\u00e9m dos propriet\u00e1rios dos com\u00e9rcios que tiveram a necessidade de fechamento de seus estabelecimentos de acordo com a exig\u00eancia do decreto n\u00b0 005 de janeiro de 2021; os crit\u00e9rios de fam\u00edlias carentes devem seriam estipulados pela Secretaria de Assist\u00eancia Social."}, {"id": "743", "ano": "2021", "numero": "31", "tipo__sigla": "IND", "tipo__descricao": "Indica\u00e7\u00e3o", "autoria": "Ronalthe", "texto_original": "http://sapl.santanadavargem.mg.leg.br/media/sapl/public/materialegislativa/2021/743/indicacao_2-2021_ronalthe.pdf", "ementa": "Indico ao Exm\u00b0 Sr. Jos\u00e9 Elias Figueiredo, prefeito municipal, a necessidade de providenciar redutores de velocidade (quebra-molas) na Avenida Marginal Ribeir\u00e3o Santana, ficando a quantidade de redutores a crit\u00e9rio da necessidade do local e das normas de tr\u00e2nsito."}, {"id": "744", "ano": "2021", "numero": "32", "tipo__sigla": "IND", "tipo__descricao": "Indica\u00e7\u00e3o", "autoria": "Ronalthe", "texto_original": "http://sapl.santanadavargem.mg.leg.br/media/sapl/public/materialegislativa/2021/744/indicacao_3-2021_ronalthe.pdf", "ementa": "Indico ao Exm\u00b0 Sr. Jos\u00e9 Elias Figueiredo, prefeito municipal, a necessidade de providenciar o correto escoamento das \u00e1guas na jun\u00e7\u00e3o da Rua Tentente Pereira com a Avenida Marginal Ribeir\u00e3o Santana, instalando no local 2 bueiros para que as \u00e1guas das chuvas sejam drenadas para \u00e0s galerias pluviais."}, {"id": "747", "ano": "2021", "numero": "33", "tipo__sigla": "IND", "tipo__descricao": "Indica\u00e7\u00e3o", "autoria": "Luiz Felipe", "texto_original": "http://sapl.santanadavargem.mg.leg.br/media/sapl/public/materialegislativa/2021/747/23-2021_luiz_felipe.pdf", "ementa": "Indico ao Exm\u00ba Sr. Jos\u00e9 Elias Figueiredo, prefeito municipal, a necessidade de providenciar a instala\u00e7\u00e3o de um quebra-molas subindo a rua Olinda de Jesus nas imedia\u00e7\u00f5es antes do parquinho, perto do PET."}, {"id": "749", "ano": "2021", "numero": "35", "tipo__sigla": "IND", "tipo__descricao": "Indica\u00e7\u00e3o", "autoria": "Luiz Felipe", "texto_original": "http://sapl.santanadavargem.mg.leg.br/media/sapl/public/materialegislativa/2021/749/24-2021_luiz_felipe.pdf", "ementa": "Indico ao Exm\u00b0 Sr. Jos\u00e9 Elias Figueiredo, prefeito municipal, a necessidade de providenciar a instala\u00e7\u00e3o de um quebra-molas na Rua Pedro Martins de Oliveira nas imedia\u00e7\u00f5es da metade da rua, no bairro Padre Victor."}, {"id": "750", "ano": "2021", "numero": "36", "tipo__sigla": "IND", "tipo__descricao": "Indica\u00e7\u00e3o", "autoria": "Luiz Felipe", "texto_original": "http://sapl.santanadavargem.mg.leg.br/media/sapl/public/materialegislativa/2021/750/22-2021_luiz_felipe.pdf", "ementa": "Indico ao Exm\u00b0 Sr. Jos\u00e9 Elias Figueiredo, prefeito municipal, a necessidade de providenciar, se poss\u00edvel, a poda de uma \u00e1rvore na rua Alfredo Gomes e a planta\u00e7\u00e3o de quatro novas mudas de \u00e1rvore em locais que n\u00e3o ir\u00e3o causar nenhum transtorno \u00e0 popula\u00e7\u00e3o."}, {"id": "751", "ano": "2021", "numero": "37", "tipo__sigla": "IND", "tipo__descricao": "Indica\u00e7\u00e3o", "autoria": "Luiz Felipe", "texto_original": "http://sapl.santanadavargem.mg.leg.br/media/sapl/public/materialegislativa/2021/751/025-2021_luiz_felipe.pdf", "ementa": "Indico ao Exm\u00b0 Sr. Jos\u00e9 Elias Figueiredo, prefeito municipal, a necessidade de providenciar a instala\u00e7\u00e3o de um bueiro na Rua Alfredo Pereira Gomes em frente ao n\u00famero 311"}, {"id": "752", "ano": "2021", "numero": "38", "tipo__sigla": "IND", "tipo__descricao": "Indica\u00e7\u00e3o", "autoria": "Luiz Felipe", "texto_original": "http://sapl.santanadavargem.mg.leg.br/media/sapl/public/materialegislativa/2021/752/026-2021_luiz_felipe.pdf", "ementa": "Indico ao Exm\u00b0 Sr. Jos\u00e9 Elias Figueiredo, prefeito municipal, a necessidade de providenciar a instala\u00e7\u00e3o do bra\u00e7o do poste na Rua Nelson Pereira Vilela em frente ao n\u00famero 64"}, {"id": "753", "ano": "2021", "numero": "39", "tipo__sigla": "IND", "tipo__descricao": "Indica\u00e7\u00e3o", "autoria": "Luiz Felipe", "texto_original": "http://sapl.santanadavargem.mg.leg.br/media/sapl/public/materialegislativa/2021/753/27-2021_luiz_felipe.pdf", "ementa": "Indico ao Exm\u00b0 Sr. Jos\u00e9 Elias Figueiredo, prefeito municipal, a necessidade de providenciar a cria\u00e7\u00e3o de uma lei que regulamente a coleta o transporte e a destina\u00e7\u00e3o final de entulhos, terras e materiais de constru\u00e7\u00e3o (areia, brita, cimento, etc.)"}, {"id": "754", "ano": "2021", "numero": "40", "tipo__sigla": "IND", "tipo__descricao": "Indica\u00e7\u00e3o", "autoria": "Luiz Felipe", "texto_original": "http://sapl.santanadavargem.mg.leg.br/media/sapl/public/materialegislativa/2021/754/028-2021_luiz_felipe.pdf", "ementa": "Indico ao Exm\u00b0 Sr. Jos\u00e9 Elias Figueiredo, prefeito municipal, a necessidade de providenciar a cria\u00e7\u00e3o de uma lei que estabele\u00e7a regras para que todo propriet\u00e1rio de terreno urbano situado no munic\u00edpio seja obrigado a construir, reconstruir e a reparar os passeios fronteiros \u00e0 testada dos respectivos im\u00f3veis"}, {"id": "755", "ano": "2021", "numero": "41", "tipo__sigla": "IND", "tipo__descricao": "Indica\u00e7\u00e3o", "autoria": "Jackson Luiz", "texto_original": "http://sapl.santanadavargem.mg.leg.br/media/sapl/public/materialegislativa/2021/755/001-2021_jackson.pdf", "ementa": "Indico ao Exm\u00b0 Sr. Jos\u00e9 Elias Figueiredo, prefeito municipal, a necessidade de cria\u00e7\u00e3o de estacionamento para motocicletas na pra\u00e7a da matriz nas imedia\u00e7\u00f5es entre o BANCO DO BRASIL  e a PREFEITURA MUNICIPAL"}, {"id": "756", "ano": "2021", "numero": "42", "tipo__sigla": "IND", "tipo__descricao": "Indica\u00e7\u00e3o", "autoria": "Jackson Luiz", "texto_original": "http://sapl.santanadavargem.mg.leg.br/media/sapl/public/materialegislativa/2021/756/002-2021_jackson.pdf", "ementa": "Indico ao Exm\u00b0 Sr. Jos\u00e9 Elias Figueiredo, prefeito municipal, a necessidade de providenciar a restri\u00e7\u00e3o de estacionamento nos dois sentidos na rua Jos\u00e9 Ven\u00e2ncio Miranda, Bairro S\u00e3o Luiz, nas imedia\u00e7\u00f5es entre o pr\u00e9dio do \"Centro Administrativo Alexandrina Antonia de Abreu (Dona Nin\u00e1) e o pr\u00e9dio \"Projeto Crian\u00e7as do Futuro\", com sinaliza\u00e7\u00e3o e implanta\u00e7\u00e3o de placas adequadas"}, {"id": "757", "ano": "2021", "numero": "43", "tipo__sigla": "IND", "tipo__descricao": "Indica\u00e7\u00e3o", "autoria": "Jackson Luiz", "texto_original": "http://sapl.santanadavargem.mg.leg.br/media/sapl/public/materialegislativa/2021/757/003-2021_jackson.pdf", "ementa": "Indico ao Exm\u00b0 Sr. Jos\u00e9 Elias Figueiredo, prefeito municipal, a necessidade de implementa\u00e7\u00e3o de cerca ou grades de prote\u00e7\u00e3o para restringir o acesso noturno ao parquinho infantil situado na \u00e1rea externa do pr\u00e9dio \"PROJETO CRIAN\u00c7AS DO FUTURO\" na rua Jos\u00e9 Ven\u00e2ncio Miranda, bairro S\u00e3o Luiz, ou por op\u00e7\u00e3o a instala\u00e7\u00e3o de refletores ou qualquer outro tipo de ilumina\u00e7\u00e3o na \u00e1rea que corresponde ao parquinho infantil."}, {"id": "764", "ano": "2021", "numero": "44", "tipo__sigla": "IND", "tipo__descricao": "Indica\u00e7\u00e3o", "autoria": "Ezequiel", "texto_original": "http://sapl.santanadavargem.mg.leg.br/media/sapl/public/materialegislativa/2021/764/005-2021_ezequiel.pdf", "ementa": "Indico ao Exm\u00b0 Sr. Jos\u00e9 Elias Figueiredo, prefeito municipal, a necessidade de reforma e investimento em seguran\u00e7a na rodovi\u00e1ria de Santana da Vargem"}, {"id": "765", "ano": "2021", "numero": "45", "tipo__sigla": "IND", "tipo__descricao": "Indica\u00e7\u00e3o", "autoria": "Juninho", "texto_original": "http://sapl.santanadavargem.mg.leg.br/media/sapl/public/materialegislativa/2021/765/004_-juninho.pdf", "ementa": "Indico ao Exm\u00ba Sr. Jos\u00e9 Elias Figueiredo, prefeito municipal, a necessidade de colocar uma placa proibindo o tr\u00e1fego de caminho e \u00f4nibus na Rua Luzia Lima Scalione, no bairro Tr\u00eas Poderes."}, {"id": "767", "ano": "2021", "numero": "47", "tipo__sigla": "IND", "tipo__descricao": "Indica\u00e7\u00e3o", "autoria": "Juninho", "texto_original": "http://sapl.santanadavargem.mg.leg.br/media/sapl/public/materialegislativa/2021/767/005-2021_juninho.pdf", "ementa": "Indico ao Exm\u00ba Sr. Jos\u00e9 Elias Figueiredo, prefeito municipal, a necessidade de colocar dois bueiros na rua Luzia Lima Scalione em frente as resid\u00eancias n\u00b0 233 e n\u00b0 243."}, {"id": "768", "ano": "2021", "numero": "48", "tipo__sigla": "IND", "tipo__descricao": "Indica\u00e7\u00e3o", "autoria": "Luiz Felipe", "texto_original": "http://sapl.santanadavargem.mg.leg.br/media/sapl/public/materialegislativa/2021/768/indicacao_029-2021_felipao.pdf", "ementa": "Indico ao Exm\u00ba Sr. Jos\u00e9 Elias Figueiredo, prefeito municipal, a necessidade de providenciar a troca do poste de madeira localizado na rua Sebasti\u00e3o Ferreira Cardoso nas imedia\u00e7\u00f5es do n\u00famero 181."}, {"id": "769", "ano": "2021", "numero": "49", "tipo__sigla": "IND", "tipo__descricao": "Indica\u00e7\u00e3o", "autoria": "Luiz Felipe", "texto_original": "http://sapl.santanadavargem.mg.leg.br/media/sapl/public/materialegislativa/2021/769/indicacao_030-2021_felipao.pdf", "ementa": "Indico ao Exm\u00b0 Sr. Jos\u00e9 Elias Figueiredo, prefeito municipal, a necessidade de providenciar a manuten\u00e7\u00e3o da estrada da fazenda Floresta na regi\u00e3o da Mantiqueira, onde era do Luiz Eug\u00eanio, primeiro s\u00edtio antes de chegar no Dairto Furtado, \u00e0 direita"}, {"id": "770", "ano": "2021", "numero": "50", "tipo__sigla": "IND", "tipo__descricao": "Indica\u00e7\u00e3o", "autoria": "Luiz Felipe", "texto_original": "http://sapl.santanadavargem.mg.leg.br/media/sapl/public/materialegislativa/2021/770/indicacao_032-2021_felipao.pdf", "ementa": "Indico ao Exm\u00b0 Sr. Jos\u00e9 Elias Figueiredo, prefeito municipal, a necessidade de providenciar a coloca\u00e7\u00e3o placas de sinaliza\u00e7\u00e3o de velocidade e remodelagem dos quebra-molas na Avenida Tr\u00eas Pontas"}, {"id": "772", "ano": "2021", "numero": "51", "tipo__sigla": "IND", "tipo__descricao": "Indica\u00e7\u00e3o", "autoria": "Luiz Felipe", "texto_original": "http://sapl.santanadavargem.mg.leg.br/media/sapl/public/materialegislativa/2021/772/indicacao_032-2021_felipao.pdf", "ementa": "Indico ao Exm\u00b0 Sr. Jos\u00e9 Elias Figueiredo, prefeito municipal, a necessidade de providenciar o fechamento do trecho do gin\u00e1sio ao grupo quando voltarem as aulas presenciais"}, {"id": "773", "ano": "2021", "numero": "52", "tipo__sigla": "IND", "tipo__descricao": "Indica\u00e7\u00e3o", "autoria": "Luiz Felipe", "texto_original": "http://sapl.santanadavargem.mg.leg.br/media/sapl/public/materialegislativa/2021/773/indicacao_033-2021_felipao.pdf", "ementa": "Indico ao Exm\u00b0 Sr. Jos\u00e9 Elias Figueiredo, prefeito municipal, a necessidade de providenciar o Coloca\u00e7\u00e3o de faixas de pedestres na porta das escolas e placas de proibido parar/estacionar."}, {"id": "774", "ano": "2021", "numero": "53", "tipo__sigla": "IND", "tipo__descricao": "Indica\u00e7\u00e3o", "autoria": "Luiz Felipe", "texto_original": "http://sapl.santanadavargem.mg.leg.br/media/sapl/public/materialegislativa/2021/774/indicacao_034-2021_felipao.pdf", "ementa": "Indico ao Exm\u00b0 Sr. Jos\u00e9 Elias Figueiredo, prefeito municipal, a necessidade de providenciar a instala\u00e7\u00e3o de um parquinho na pra\u00e7a do Esquin\u00e3o"}, {"id": "784", "ano": "2021", "numero": "54", "tipo__sigla": "IND", "tipo__descricao": "Indica\u00e7\u00e3o", "autoria": "Luiz Felipe", "texto_original": "http://sapl.santanadavargem.mg.leg.br/media/sapl/public/materialegislativa/2021/784/indicacao_037-2021_felipao.pdf", "ementa": "Indico ao Exm\u00ba Sr. Jos\u00e9 Elias Figueiredo, prefeito municipal, a necessidade de preparar as escolas rurais para que os atendimentos m\u00e9dicos do PSF sejam realizados l\u00e1 nesses locais."}, {"id": "785", "ano": "2021", "numero": "55", "tipo__sigla": "IND", "tipo__descricao": "Indica\u00e7\u00e3o", "autoria": "Luiz Felipe", "texto_original": "http://sapl.santanadavargem.mg.leg.br/media/sapl/public/materialegislativa/2021/785/indicacao_035-2021_felipao.pdf", "ementa": "Indico ao Exm\u00ba Sr. Jos\u00e9 Elias Figueiredo, prefeito municipal, a necessidade de providenciar a instala\u00e7\u00e3o de um bueiro na rua Pedro Martins de Oliveira nas imedia\u00e7\u00f5es do n\u00famero 42"}, {"id": "786", "ano": "2021", "numero": "56", "tipo__sigla": "IND", "tipo__descricao": "Indica\u00e7\u00e3o", "autoria": "Luiz Felipe", "texto_original": "http://sapl.santanadavargem.mg.leg.br/media/sapl/public/materialegislativa/2021/786/indicacao_036-2021_felipao.pdf", "ementa": "Indico ao Exm\u00ba Sr. Jos\u00e9 Elias Figueiredo, prefeito municipal, a necessidade de providenciar a instala\u00e7\u00e3o de um poste na rua Miguel Ant\u00f4nio da Silva"}, {"id": "788", "ano": "2021", "numero": "57", "tipo__sigla": "IND", "tipo__descricao": "Indica\u00e7\u00e3o", "autoria": "Luiz Felipe", "texto_original": "http://sapl.santanadavargem.mg.leg.br/media/sapl/public/materialegislativa/2021/788/indicacao_038-2021_felipao.pdf", "ementa": "Indico ao Exm\u00b0 Sr. Jos\u00e9 Elias Figueiredo, prefeito municipal, a necessidade de providenciar a limpeza geral peri\u00f3dica do bairro s\u00e3o domingos."}, {"id": "789", "ano": "2021", "numero": "58", "tipo__sigla": "IND", "tipo__descricao": "Indica\u00e7\u00e3o", "autoria": "Luiz Felipe", "texto_original": "http://sapl.santanadavargem.mg.leg.br/media/sapl/public/materialegislativa/2021/789/indicacao_039-2021_felipao.pdf", "ementa": "Indico ao Exm\u00b0 Sr. Jos\u00e9 Elias Figueiredo, prefeito municipal, a necessidade de providenciar a instala\u00e7\u00e3o de um quebra-molas na Rua 5 no bairro Tr\u00eas Poderes"}, {"id": "795", "ano": "2021", "numero": "59", "tipo__sigla": "IND", "tipo__descricao": "Indica\u00e7\u00e3o", "autoria": "Jackson Luiz", "texto_original": "http://sapl.santanadavargem.mg.leg.br/media/sapl/public/materialegislativa/2021/795/limpeza_ruas_s._domingos_e_ribeirao_jackson.pdf", "ementa": "Indica a necessidade de realizar a limpeza das ruas de todo o bairro S\u00e3o Domingos e aos arredores do Ribeir\u00e3o Santana neste munic\u00edpio"}, {"id": "798", "ano": "2021", "numero": "60", "tipo__sigla": "IND", "tipo__descricao": "Indica\u00e7\u00e3o", "autoria": "Ezequiel", "texto_original": "http://sapl.santanadavargem.mg.leg.br/media/sapl/public/materialegislativa/2021/798/006-2021_indicacao-_ezequiel.pdf", "ementa": "Indico ao Exm. Sr. Jos\u00e9 Elias Figueiredo, prefeito municipal, a necessidade de por c\u00e2meras de seguran\u00e7a nos pontos estrat\u00e9gicos de Santana da Vargem."}, {"id": "799", "ano": "2021", "numero": "61", "tipo__sigla": "IND", "tipo__descricao": "Indica\u00e7\u00e3o", "autoria": "Luiz Felipe", "texto_original": "http://sapl.santanadavargem.mg.leg.br/media/sapl/public/materialegislativa/2021/799/indicacao_040-2021_felipao.pdf", "ementa": "Indico ao Exm\u00b0 Sr. Jos\u00e9 Elias Figueiredo, prefeito municipal, a necessidade de verificar a possibilidade de aumentar o valor do aux\u00edlio transporte para os alunos que se deslocam para outros munic\u00edpios para fazer faculdade quando retornarem as aulas presencias"}, {"id": "800", "ano": "2021", "numero": "62", "tipo__sigla": "IND", "tipo__descricao": "Indica\u00e7\u00e3o", "autoria": "Luiz Felipe", "texto_original": "http://sapl.santanadavargem.mg.leg.br/media/sapl/public/materialegislativa/2021/800/indicacao_041-2021_felipao.pdf", "ementa": "Indico ao Exm\u00ba Sr. Jos\u00e9 Elias Figueiredo, prefeito municipal, a necessidade de colocar uma lixeira na esquina da Rua Jo\u00e3o Rossi com a Rua Geni Borges"}, {"id": "801", "ano": "2021", "numero": "63", "tipo__sigla": "IND", "tipo__descricao": "Indica\u00e7\u00e3o", "autoria": "Luiz Felipe", "texto_original": "http://sapl.santanadavargem.mg.leg.br/media/sapl/public/materialegislativa/2021/801/indicacao_042-2021_felipao.pdf", "ementa": "Indico ao Exm\u00b0 Sr. Jos\u00e9 Elias Figueiredo, prefeito municipal a necessidade de providenciar limpeza da Rua Jos\u00e9 Justino"}, {"id": "802", "ano": "2021", "numero": "64", "tipo__sigla": "IND", "tipo__descricao": "Indica\u00e7\u00e3o", "autoria": "Luiz Felipe", "texto_original": "http://sapl.santanadavargem.mg.leg.br/media/sapl/public/materialegislativa/2021/802/indicacao_043-2021_felipao.pdf", "ementa": "Indico ao Exm\u00b0 Sr. Jos\u00e9 Elias Figueiredo, prefeito municipal , a necessidade de providenciar a instala\u00e7\u00e3o de um quebra-molas na rua Jos\u00e9 Ribeiro nas imedia\u00e7\u00f5es do n\u00famero 372."}, {"id": "806", "ano": "2021", "numero": "65", "tipo__sigla": "IND", "tipo__descricao": "Indica\u00e7\u00e3o", "autoria": "Luiz Felipe", "texto_original": "http://sapl.santanadavargem.mg.leg.br/media/sapl/public/materialegislativa/2021/806/indicacao_044-2021_felipao.pdf", "ementa": "Indico ao Exm\u00b0 Sr. Jos\u00e9 Elias Figueiredo, prefeito municipal, a necessidade de criar um programa de bolsas para auxiliar financeiramente os estudantes carentes do munic\u00edpio que fazem curso superior ou curso t\u00e9cnico."}, {"id": "807", "ano": "2021", "numero": "66", "tipo__sigla": "IND", "tipo__descricao": "Indica\u00e7\u00e3o", "autoria": "Luiz Felipe", "texto_original": "http://sapl.santanadavargem.mg.leg.br/media/sapl/public/materialegislativa/2021/807/indicacao_045-2021_felipao.pdf", "ementa": "Indico ao Exm\u00b0 Sr. Jos\u00e9 Elias Figueiredo, prefeito municipal, a necessidade de criar um programa de parcerias com institui\u00e7\u00f5es de ensino t\u00e9cnico e superior para conceder bolsas totais ou parciais para incentivar a melhoria da educa\u00e7\u00e3o do munic\u00edpio."}, {"id": "816", "ano": "2021", "numero": "67", "tipo__sigla": "IND", "tipo__descricao": "Indica\u00e7\u00e3o", "autoria": "Luiz Felipe", "texto_original": "http://sapl.santanadavargem.mg.leg.br/media/sapl/public/materialegislativa/2021/816/46_indicacao.pdf", "ementa": "Indico ao Exm\u00b0 Sr. Jos\u00e9 Elias Figueiredo, prefeito municipal, a\r\nnecessidade de manuten\u00e7\u00e3o da ponte da Fazenda da Prata, zona rural deste\r\nmunic\u00edpio"}, {"id": "817", "ano": "2021", "numero": "68", "tipo__sigla": "IND", "tipo__descricao": "Indica\u00e7\u00e3o", "autoria": "Luiz Felipe", "texto_original": "http://sapl.santanadavargem.mg.leg.br/media/sapl/public/materialegislativa/2021/817/47_indicacao.pdf", "ementa": "Indico ao Exm\u00b0 Sr. Jos\u00e9 Elias Figueiredo, prefeito municipal, a\r\nnecessidade de patrolamento como manuten\u00e7\u00e3o das estradas do Cajuru dos\r\nFrancisco, zona rural."}, {"id": "818", "ano": "2021", "numero": "69", "tipo__sigla": "IND", "tipo__descricao": "Indica\u00e7\u00e3o", "autoria": "Luiz Felipe", "texto_original": "http://sapl.santanadavargem.mg.leg.br/media/sapl/public/materialegislativa/2021/818/48_indicacao.pdf", "ementa": "Indico ao Exm\u00b0 Sr. Jos\u00e9 Elias Figueiredo, prefeito municipal, a necessidade de viabiliza\u00e7\u00e3o de uniformes e equipamentos de seguran\u00e7a para os servidores p\u00fablicos municipais"}, {"id": "819", "ano": "2021", "numero": "70", "tipo__sigla": "IND", "tipo__descricao": "Indica\u00e7\u00e3o", "autoria": "Silmara Girlaine", "texto_original": "http://sapl.santanadavargem.mg.leg.br/media/sapl/public/materialegislativa/2021/819/01_indicacao.pdf", "ementa": "Indico ao Exm\u00b0 Sr. Jos\u00e9 Elias Figueiredo, prefeito municipal, a\r\nnecessidade de aquisi\u00e7\u00e3o de uma ambul\u00e2ncia que seja para uso exclusivo da\r\nzona rural."}, {"id": "820", "ano": "2021", "numero": "71", "tipo__sigla": "IND", "tipo__descricao": "Indica\u00e7\u00e3o", "autoria": "Silmara Girlaine", "texto_original": "http://sapl.santanadavargem.mg.leg.br/media/sapl/public/materialegislativa/2021/820/02_indicacao.pdf", "ementa": "Indico ao Exm\u00b0 Sr. Jos\u00e9 Elias Figueiredo, prefeito municipal, a\r\nnecessidade de instala\u00e7\u00e3o de um interfone na UBS Evaldo Campos Moura,\r\nneste municipio"}, {"id": "821", "ano": "2021", "numero": "72", "tipo__sigla": "IND", "tipo__descricao": "Indica\u00e7\u00e3o", "autoria": "Ezequiel", "texto_original": "http://sapl.santanadavargem.mg.leg.br/media/sapl/public/materialegislativa/2021/821/05-03_indicacao_ezequiel.pdf", "ementa": "indica a coloca\u00e7\u00e3o de placa indicando o nome de rua"}, {"id": "828", "ano": "2021", "numero": "73", "tipo__sigla": "IND", "tipo__descricao": "Indica\u00e7\u00e3o", "autoria": "Luiz Felipe", "texto_original": "http://sapl.santanadavargem.mg.leg.br/media/sapl/public/materialegislativa/2021/828/indicacao_0049-2021_felipao.pdf", "ementa": "Indico ao Exm\u00b0 Sr. Jos\u00e9 Elias Figueiredo, prefeito municipal, a\r\nnecessidade de tomar providencias quanto as constru\u00e7\u00f5es paralisadas no\r\nBairro S\u00e3o Luiz, pr\u00f3ximo \u00e0 APAE, neste municipio."}, {"id": "829", "ano": "2021", "numero": "74", "tipo__sigla": "IND", "tipo__descricao": "Indica\u00e7\u00e3o", "autoria": "Ezequiel", "texto_original": "http://sapl.santanadavargem.mg.leg.br/media/sapl/public/materialegislativa/2021/829/indicacao_ezequiel_08-2021.pdf", "ementa": "Indico ao Exm\u00b0 Sr. Jos\u00e9 Elias Figueiredo, prefeito municipal, que\r\nproceda a coloca\u00e7\u00e3o de lixeiras na rua Colotario Afonso de Paula, no centro\r\ndeste munic\u00edpio."}, {"id": "832", "ano": "2021", "numero": "75", "tipo__sigla": "IND", "tipo__descricao": "Indica\u00e7\u00e3o", "autoria": "Juninho", "texto_original": "http://sapl.santanadavargem.mg.leg.br/media/sapl/public/materialegislativa/2021/832/indicacao_006_juninho.pdf", "ementa": "Indico ao Exm\u00ba Sr. Jos\u00e9 Elias Figueiredo, prefeito municipal, a necessidade de colocar ESTACIONAMENTO  de um lado \u00fanico na rua Boa Esperan\u00e7a, centro (zarraia) de Santana da Vargem"}, {"id": "833", "ano": "2021", "numero": "76", "tipo__sigla": "IND", "tipo__descricao": "Indica\u00e7\u00e3o", "autoria": "Juninho", "texto_original": "http://sapl.santanadavargem.mg.leg.br/media/sapl/public/materialegislativa/2021/833/indicacao_007_juninho.pdf", "ementa": "Indico ao Exm\u00ba Sr. Jos\u00e9 Elias Figueiredo, prefeito municipal, a necessidade do setor de engenharia do munic\u00edpio, realizar uma an\u00e1lise sobre o que foi feito na obra creche Pr\u00f3-Inf\u00e2ncia T2. Posteriormente fazer um cronograma propondo a conclus\u00e3o da obra e apresentar o mesmo no sistema do FNDE (Senha SIMEC j\u00e1 dispon\u00edvel a administra\u00e7\u00e3o municipal), e pedir a repactua\u00e7\u00e3o do conv\u00eanio."}, {"id": "834", "ano": "2021", "numero": "77", "tipo__sigla": "IND", "tipo__descricao": "Indica\u00e7\u00e3o", "autoria": "Ezequiel", "texto_original": "http://sapl.santanadavargem.mg.leg.br/media/sapl/public/materialegislativa/2021/834/indicacao_009_ezequiel.pdf", "ementa": "Indico ao Exm\u00ba Sr. Jos\u00e9 Elias Figueiredo, prefeito municipal, que proceda a limpeza do terreno localizado na Rua Leda Voz Tote na esquina com a Rua Luiz Furtado de Abreu, no centro deste munic\u00edpio."}, {"id": "835", "ano": "2021", "numero": "78", "tipo__sigla": "IND", "tipo__descricao": "Indica\u00e7\u00e3o", "autoria": "Luiz Felipe", "texto_original": "http://sapl.santanadavargem.mg.leg.br/media/sapl/public/materialegislativa/2021/835/indicacao_050_felipao.pdf", "ementa": "Indico ao Exm\u00b0 Sr. Jos\u00e9 Elias Figueiredo, prefeito municipal, a necessidade de tomar provid\u00eancias quanto as constru\u00e7\u00f5es paralisadas no Bairro S\u00e3o Luiz, pr\u00f3ximo a APAE, neste munic\u00edpio"}, {"id": "836", "ano": "2021", "numero": "79", "tipo__sigla": "IND", "tipo__descricao": "Indica\u00e7\u00e3o", "autoria": "Waltinho", "texto_original": "http://sapl.santanadavargem.mg.leg.br/media/sapl/public/materialegislativa/2021/836/indicacao_001_waltinho.pdf", "ementa": "Indica ao Exm\u00ba Sr. Jos\u00e9 Elias Figueiredo, prefeito municipal, a necessidade URGENTE de patrolamento como manuten\u00e7\u00e3o das estradas que d\u00e3o acesso ao Sitio do Marcelino Agnelo, zona rural."}, {"id": "837", "ano": "2021", "numero": "80", "tipo__sigla": "IND", "tipo__descricao": "Indica\u00e7\u00e3o", "autoria": "Ronalthe", "texto_original": "http://sapl.santanadavargem.mg.leg.br/media/sapl/public/materialegislativa/2021/837/indicacao_004_ronalthe.pdf", "ementa": "Indico ao Exm\u00ba Sr. Jos\u00e9 Elias Figueiredo, prefeito municipal, a necessidade de manuten\u00e7\u00e3o nas podas das \u00e1rvores do cemit\u00e9rio deste munic\u00edpio"}, {"id": "838", "ano": "2021", "numero": "81", "tipo__sigla": "IND", "tipo__descricao": "Indica\u00e7\u00e3o", "autoria": "Ronalthe", "texto_original": "http://sapl.santanadavargem.mg.leg.br/media/sapl/public/materialegislativa/2021/838/indicacao_005_ronatlhe.pdf", "ementa": "Indico ao Exm\u00ba Sr. Jos\u00e9 Elias Figueiredo, prefeito municipal, a necessidade de providenciar a limpeza no terreno municipal na Rua Trajano Caetano de Faria, na altura do n\u00famero 11, neste munic\u00edpio."}, {"id": "839", "ano": "2021", "numero": "82", "tipo__sigla": "IND", "tipo__descricao": "Indica\u00e7\u00e3o", "autoria": "Ronalthe", "texto_original": "http://sapl.santanadavargem.mg.leg.br/media/sapl/public/materialegislativa/2021/839/indicacao_006_ronalthe.pdf", "ementa": "Indico ao Exm\u00b0 Sr. Jos\u00e9 Elias Figueiredo, prefeito municipal, a necessidade de instala\u00e7\u00e3o de uma lombada ou redutor de velocidade na Rua Coronel Licas na altura do n\u00famero 161, neste munic\u00edpio."}, {"id": "840", "ano": "2021", "numero": "83", "tipo__sigla": "IND", "tipo__descricao": "Indica\u00e7\u00e3o", "autoria": "Ronalthe", "texto_original": "http://sapl.santanadavargem.mg.leg.br/media/sapl/public/materialegislativa/2021/840/indicacao_007_ronalthe.pdf", "ementa": "Indico ao Exm\u00ba Sr. Jos\u00e9 Elias Figueiredo, prefeito municipal, a necessidade de refor\u00e7ar as sinaliza\u00e7\u00f5es horizontais de tr\u00e2nsito feitas nas esquinas do munic\u00edpio"}, {"id": "842", "ano": "2021", "numero": "84", "tipo__sigla": "IND", "tipo__descricao": "Indica\u00e7\u00e3o", "autoria": "Ronalthe", "texto_original": "http://sapl.santanadavargem.mg.leg.br/media/sapl/public/materialegislativa/2021/842/indicacao_8-2021_ronalthe.pdf", "ementa": "Indico ao Exm\u00b0 Sr. Jos\u00e9 Elias Figueiredo, prefeito municipal, a necessidade de providenciar a sinaliza\u00e7\u00e3o de tr\u00e2nsito \u201cPARE\u201d na horizontal e/ou\r\nvertical do cruzamento da Avenida Brasil com a Pra\u00e7a Pe. Jo\u00e3o Maciel Neiva, especificamente na esquina do Pa\u00e7o Municipal."}, {"id": "845", "ano": "2021", "numero": "85", "tipo__sigla": "IND", "tipo__descricao": "Indica\u00e7\u00e3o", "autoria": "Jackson Luiz", "texto_original": "http://sapl.santanadavargem.mg.leg.br/media/sapl/public/materialegislativa/2021/845/16-03-2021_indicacao_005-2021_jackson.pdf", "ementa": "Indico ao Exm\u00b0 Sr. Jos\u00e9 Elias Figueiredo, prefeito municipal, a constru\u00e7\u00e3o de uma cal\u00e7ada no pequeno trecho do Ribeir\u00e3o Santana at\u00e9 o trevo sentido Tr\u00eas Pontas"}, {"id": "846", "ano": "2021", "numero": "86", "tipo__sigla": "IND", "tipo__descricao": "Indica\u00e7\u00e3o", "autoria": "Jackson Luiz", "texto_original": "http://sapl.santanadavargem.mg.leg.br/media/sapl/public/materialegislativa/2021/846/16-03-2021_indicacao_006_jackoson.pdf", "ementa": "Indico ao Exm\u00b0 Sr. Jos\u00e9 Elias de Figueiredo, prefeito municipal, a realiza\u00e7\u00e3o peri\u00f3dica da limpeza da quadra do pr\u00e9dio \"Crian\u00e7as do Futuro\" (PET). n\u00e3o s\u00f3 aos arredores da quadra cujo mato ao lado das arquibancadas est\u00e3o muito altos, mas tamb\u00e9m a pr\u00f3pria quadra, que \u00e9 frequentemente utilizada pelas crian\u00e7as."}, {"id": "847", "ano": "2021", "numero": "87", "tipo__sigla": "IND", "tipo__descricao": "Indica\u00e7\u00e3o", "autoria": "Jackson Luiz", "texto_original": "http://sapl.santanadavargem.mg.leg.br/media/sapl/public/materialegislativa/2021/847/16-03-2021_indicacao_007-2021_jakson.pdf", "ementa": "Indico ao Exm\u00ba Sr. Jos\u00e9 Elias, prefeito municipal, a efetua\u00e7\u00e3o de um estudo das condi\u00e7\u00f5es das \u00e1rvores existentes no per\u00edmetro urbano de nosso munic\u00edpio"}, {"id": "848", "ano": "2021", "numero": "88", "tipo__sigla": "IND", "tipo__descricao": "Indica\u00e7\u00e3o", "autoria": "Jackson Luiz", "texto_original": "http://sapl.santanadavargem.mg.leg.br/media/sapl/public/materialegislativa/2021/848/16-03-2021_indicacao_008_jackson.pdf", "ementa": "Indico ao Exm\u00b0 Sr. Jos\u00e9 Elias de Figueiredo, prefeito municipal, a urgente necessidade de reformar ou construir uma nova ponde de acesso a fazenda Bela Vista e outras, pr\u00f3ximo ao s\u00edtio Coimbra. \u00c9 de conhecimento deste vereador que essa ponte n\u00e3o faz parte da zona rural do munic\u00edpio, mas \u00e9 de suma import\u00e2ncia para os cidad\u00e3os vargenses que moram ou cultivam de suas terras nas media\u00e7\u00f5es da fazenda e utilizam da ponte.\r\nPe\u00e7o a prefeitura desta cidade e ao secret\u00e1rio de obras que tomem a iniciativa de evidenciar a prefeitura de Coqueiral o problema citado acima, visto que a fazenda \u00e9 munic\u00edpio da cidade vizinha, assim podem promover uma opera\u00e7\u00e3o em conjunto para tratar o problema."}, {"id": "849", "ano": "2021", "numero": "89", "tipo__sigla": "IND", "tipo__descricao": "Indica\u00e7\u00e3o", "autoria": "Luiz Felipe", "texto_original": "http://sapl.santanadavargem.mg.leg.br/media/sapl/public/materialegislativa/2021/849/indicacao_051_felipao.pdf", "ementa": "Indico ao Exm\u00b0 Sr. Jos\u00e9 Elias Figueiredo, prefeito municipal, a necessidade de coloca\u00e7\u00e3o de lixeiras, na Avenida H\u00e9lio Terra, centro, neste munic\u00edpio."}, {"id": "850", "ano": "2021", "numero": "90", "tipo__sigla": "IND", "tipo__descricao": "Indica\u00e7\u00e3o", "autoria": "Luiz Felipe", "texto_original": "http://sapl.santanadavargem.mg.leg.br/media/sapl/public/materialegislativa/2021/850/indicacao_052_felipao.pdf", "ementa": "Indico ao Exm\u00b0 Sr. Jos\u00e9 Elias Figueiredo, prefeito municipal, a necessidade de instala\u00e7\u00f5es de c\u00e2mera de monitoramento nos trevos de nosso munic\u00edpio"}, {"id": "851", "ano": "2021", "numero": "91", "tipo__sigla": "IND", "tipo__descricao": "Indica\u00e7\u00e3o", "autoria": "Luiz Felipe", "texto_original": "http://sapl.santanadavargem.mg.leg.br/media/sapl/public/materialegislativa/2021/851/indicacao_053-2021_felipao.pdf", "ementa": "Indico ao Exm\u00b0 Sr. Jos\u00e9 Elias Figueiredo, prefeito municipal, a realiza\u00e7\u00e3o de estudos para a troca de para a troca de paralelep\u00edpedos por pavimenta\u00e7\u00e3o asf\u00e1ltica das ruas deste munic\u00edpio"}, {"id": "852", "ano": "2021", "numero": "92", "tipo__sigla": "IND", "tipo__descricao": "Indica\u00e7\u00e3o", "autoria": "Luiz Felipe", "texto_original": "http://sapl.santanadavargem.mg.leg.br/media/sapl/public/materialegislativa/2021/852/indicacao_054-2021_felipao.pdf", "ementa": "Indico ao Exm\u00b0 Sr. Jos\u00e9 Elias Figueiredo, prefeito municipal, a necessidade de manuten\u00e7\u00e3o e troca das l\u00e2mpadas dos postes de ilumina\u00e7\u00e3o p\u00fablica na Rua Jo\u00e3o Dias Ara\u00fajo, neste munic\u00edpio"}, {"id": "853", "ano": "2021", "numero": "93", "tipo__sigla": "IND", "tipo__descricao": "Indica\u00e7\u00e3o", "autoria": "Luiz Felipe", "texto_original": "http://sapl.santanadavargem.mg.leg.br/media/sapl/public/materialegislativa/2021/853/indicacao_055-_2021_felipao.pdf", "ementa": "Indico ao Exm\u00b0 Sr. Jos\u00e9 Elias Figueiredo, prefeito municipal, a necessidade de manter a ilumina\u00e7\u00e3o da Pra\u00e7a do bairro Padre Victor ligada neste municipio"}, {"id": "854", "ano": "2021", "numero": "94", "tipo__sigla": "IND", "tipo__descricao": "Indica\u00e7\u00e3o", "autoria": "Luiz Felipe", "texto_original": "http://sapl.santanadavargem.mg.leg.br/media/sapl/public/materialegislativa/2021/854/indicacao_056-2021_felipao.pdf", "ementa": "Indico ao Exm\u00b0 Sr. Jos\u00e9 Elias Figueiredo, prefeito municipal, a necessidade de renovar o termo de Coopera\u00e7\u00e3o T\u00e9cnica entre munic\u00edpios de Santana da vargem e Boa Esperan\u00e7a"}, {"id": "855", "ano": "2021", "numero": "95", "tipo__sigla": "IND", "tipo__descricao": "Indica\u00e7\u00e3o", "autoria": "Ronalthe", "texto_original": "http://sapl.santanadavargem.mg.leg.br/media/sapl/public/materialegislativa/2021/855/indicacao_08-2021_ronalthe.pdf", "ementa": "Indico ao Exm\u00ba Sr. Jos\u00e9 Elias Figueiredo, prefeito municipal, a necessidade de providenciar a sinaliza\u00e7\u00e3o de tr\u00e2nsito \"PARE\" na horizontal e/ou vertical do cruzamento da Avenida Brasil com a Pra\u00e7a Pe. Jo\u00e3o Maciel Neiva, especificamente na esquina do Pa\u00e7o Municipal"}, {"id": "856", "ano": "2021", "numero": "96", "tipo__sigla": "IND", "tipo__descricao": "Indica\u00e7\u00e3o", "autoria": "Ronalthe", "texto_original": "http://sapl.santanadavargem.mg.leg.br/media/sapl/public/materialegislativa/2021/856/indicacao_09-2021_ronalthe.pdf", "ementa": "Indico ao Exm\u00ba Sr. Jos\u00e9 Elias Figueiredo, prefeito municipal, a necessidade de providenciar a troca de um poste de ilumina\u00e7\u00e3o na Rua Quatro, altura do n\u00famero 253, no Bairro Tr\u00eas Poderes."}, {"id": "857", "ano": "2021", "numero": "97", "tipo__sigla": "IND", "tipo__descricao": "Indica\u00e7\u00e3o", "autoria": "Ronalthe", "texto_original": "http://sapl.santanadavargem.mg.leg.br/media/sapl/public/materialegislativa/2021/857/indicacao_010-_ronalthe.pdf", "ementa": "Indico ao Exm\u00ba Sr. Jos\u00e9 Elias Figueiredo, prefeito municipal, a necessidade de providenciar o correto escoamento das \u00e1guas no Bairro Tr\u00eas Poderes, na altura da Travessa que liga a Rua Luzia Lima Scalione com a rua Sebasti\u00e3o Ferreira Cardoso, instalando no local 2 bueiros para que as \u00e1guas das chuvas sejam drenadas para \u00e0s galerias pluviais."}, {"id": "858", "ano": "2021", "numero": "98", "tipo__sigla": "IND", "tipo__descricao": "Indica\u00e7\u00e3o", "autoria": "Ronalthe", "texto_original": "http://sapl.santanadavargem.mg.leg.br/media/sapl/public/materialegislativa/2021/858/indicacao_011_ronalthe.pdf", "ementa": "Indico ao Exm\u00b0 Sr. Jos\u00e9 Elias Figueiredo, prefeito municipal, a necessidade de providenciar a manuten\u00e7\u00e3o b\u00e1sica de limpeza do caminh\u00e3o de coleta de lixo"}, {"id": "859", "ano": "2021", "numero": "99", "tipo__sigla": "IND", "tipo__descricao": "Indica\u00e7\u00e3o", "autoria": "Ezequiel", "texto_original": "http://sapl.santanadavargem.mg.leg.br/media/sapl/public/materialegislativa/2021/859/indicacao_011_ezequiel.pdf", "ementa": "Indico ao Exm\u00b0 Sr. Jos\u00e9 Elias Figueiredo, prefeito municipal, a necessidade de implanta\u00e7\u00e3o/constru\u00e7\u00e3o de ondula\u00e7\u00f5es transversais \"quebra molas\" na Rua Ant\u00f4nio Carlos da Silva, nas imedia\u00e7\u00f5es 318 at\u00e9 451, neste munic\u00edpio."}, {"id": "860", "ano": "2021", "numero": "100", "tipo__sigla": "IND", "tipo__descricao": "Indica\u00e7\u00e3o", "autoria": "Ezequiel", "texto_original": "http://sapl.santanadavargem.mg.leg.br/media/sapl/public/materialegislativa/2021/860/indicacao_010-2021_ezequiel.pdf", "ementa": "Indico ao Exm\u00b0 Sr. Jos\u00e9 Elias Figueiredo, prefeito municipal, a necessidade de limpeza do terreno localizado na Rua Juca com esquina Dona Calira, bairro S\u00e3o Domingos, neste munic\u00edpio"}, {"id": "861", "ano": "2021", "numero": "101", "tipo__sigla": "IND", "tipo__descricao": "Indica\u00e7\u00e3o", "autoria": "Ezequiel", "texto_original": "http://sapl.santanadavargem.mg.leg.br/media/sapl/public/materialegislativa/2021/861/indicacao_012-2021_ezequiel.pdf", "ementa": "Indico ao Exm\u00b0 Sr. Jos\u00e9 Elias Figueiredo, prefeito municipal, a necessidade de retorno dos quebra molas na BR 365 nos antigos radares"}, {"id": "862", "ano": "2021", "numero": "102", "tipo__sigla": "IND", "tipo__descricao": "Indica\u00e7\u00e3o", "autoria": "Ezequiel", "texto_original": "http://sapl.santanadavargem.mg.leg.br/media/sapl/public/materialegislativa/2021/862/indicacao_013-2021_ezequiel.pdf", "ementa": "Indico ao Exm\u00b0 Sr. Jos\u00e9 Elias Figueiredo, prefeito municipal, a necessidade URGENTE de patrolamento como manuten\u00e7\u00e3o das estradas rurais que d\u00e3o acesso ao Pe\u00e3o zona deste munic\u00edpio"}, {"id": "863", "ano": "2021", "numero": "103", "tipo__sigla": "IND", "tipo__descricao": "Indica\u00e7\u00e3o", "autoria": "Ezequiel", "texto_original": "http://sapl.santanadavargem.mg.leg.br/media/sapl/public/materialegislativa/2021/863/indicacao_014-2021_ezequiel.pdf", "ementa": "Indico ao Exm\u00b0 Sr. Jos\u00e9 Elias Figueiredo, prefeito municipal, a necessidade de patrolamento da Avenida Ribeir\u00e3o Santana  e limpeza das margens da mesma, neste munic\u00edpio"}, {"id": "865", "ano": "2021", "numero": "104", "tipo__sigla": "IND", "tipo__descricao": "Indica\u00e7\u00e3o", "autoria": "Juninho", "texto_original": "http://sapl.santanadavargem.mg.leg.br/media/sapl/public/materialegislativa/2021/865/jr.pdf", "ementa": "Indico ao Exm\u00ba Sr. Jos\u00e9 Elias Figueiredo, prefeito municipal, a necessidade de definir uma semana do m\u00eas de agosto como \"semana do aleitamento materno\" e implantar campanhas p\u00fablicas de conscientiza\u00e7\u00e3o e esclarecimentos sobre os benef\u00edcios do aleitamento materno , neste munic\u00edpio."}, {"id": "867", "ano": "2021", "numero": "105", "tipo__sigla": "IND", "tipo__descricao": "Indica\u00e7\u00e3o", "autoria": "Ronalthe", "texto_original": "http://sapl.santanadavargem.mg.leg.br/media/sapl/public/materialegislativa/2021/867/indicacao_12-2021_ronalthe.pdf", "ementa": "Indico ao Exm\u00ba Sr. Jos\u00e9 Elias Figueiredo, prefeito municipal, que entre em entendimento com a Secretaria de Sa\u00fade a fim de solicitar ado\u00e7\u00e3o do \"tratamento precoce\", ainda, que seja feito um protocolo de preven\u00e7\u00e3o e que seja estudada a viabilidade do fornecimento dos medicamentos ivermectina, vitamina D, Azitromicina, hidroxicloroquina, Dexametasona, Zinco, Heparina e outros, como tratamento profil\u00e1tico aos vargenses que desejarem."}, {"id": "875", "ano": "2021", "numero": "106", "tipo__sigla": "IND", "tipo__descricao": "Indica\u00e7\u00e3o", "autoria": "Jackson Luiz", "texto_original": "http://sapl.santanadavargem.mg.leg.br/media/sapl/public/materialegislativa/2021/875/indicacao_15-2021_-camara_municipal_de_santana_da_vargem.pdf", "ementa": "INDICA\u00c7\u00c3O N\u00b0 15/2021 \u2013 Ver. Ezequiel da Silva\r\nINDICO ao Exmo. Sr. Jos\u00e9 Elias Figueiredo, Prefeito municipal, \u00e9 de suma import\u00e2ncia a altera\u00e7\u00e3o na CL\u00c1USULA SEGUNDA - DOS PRAZOS PARA PAGAMENTO do DECRETO N\u00ba 008 DE 22 DE JANEIRO DE 2021, Decreto este que regulamenta a cobran\u00e7a do IPTU no exerc\u00edcio de 2021, para que fa\u00e7a o adiamento inicial que ser\u00e1 de 14/05/2021 para os \u00faltimos meses do ano corrente.\r\nObs: Esta solicita\u00e7\u00e3o \u00e9 para TODOS e n\u00e3o se enquadra no projeto de lei ordin\u00e1ria \u2013 PLO 7/2021 que atender\u00e1 apensas aos inclu\u00eddos na d\u00edvida ativa do munic\u00edpio."}, {"id": "878", "ano": "2021", "numero": "107", "tipo__sigla": "IND", "tipo__descricao": "Indica\u00e7\u00e3o", "autoria": "Ronalthe", "texto_original": "http://sapl.santanadavargem.mg.leg.br/media/sapl/public/materialegislativa/2021/878/indicacao_13-2021_ronalthe.pdf", "ementa": "Indico ao Exm\u00ba Sr. Jos\u00e9 Elias Figueiredo, prefeito municipal, a necessidade de providenciar o t\u00e9rmino da cal\u00e7ada da Avenida H\u00e9lio Terra"}, {"id": "879", "ano": "2021", "numero": "108", "tipo__sigla": "IND", "tipo__descricao": "Indica\u00e7\u00e3o", "autoria": "Luiz Felipe", "texto_original": "http://sapl.santanadavargem.mg.leg.br/media/sapl/public/materialegislativa/2021/879/operacao_tapa_buracos.pdf", "ementa": "Indico ao Exm\u00b0 Sr. Jos\u00e9 Elias Figueiredo, na forma regimental,\r\ndeterminar ao setor competente que proceda a opera\u00e7\u00e3o tapa buracos nas Ruas\r\nFrancisco de Brito, Jos\u00e9 Ven\u00e2ncio e Jos\u00e9 Ribeiro, no bairro S\u00e3o Luiz, neste\r\nmunic\u00edpio."}, {"id": "880", "ano": "2021", "numero": "109", "tipo__sigla": "IND", "tipo__descricao": "Indica\u00e7\u00e3o", "autoria": "Silmara Girlaine", "texto_original": "http://sapl.santanadavargem.mg.leg.br/media/sapl/public/materialegislativa/2021/880/mao_inglesa.pdf", "ementa": "Indico ao Exm\u00b0 Sr. Jos\u00e9 Elias Figueiredo, na forma regimental, atrav\u00e9s\r\ndo setor competente, que realize um estudo de viabilidade para alterar o\r\ntr\u00e1fego da Pra\u00e7a Jo\u00e3o Maciel Neiva, Centro, neste munic\u00edpio para o sistema\r\nde m\u00e3o-inglesa."}, {"id": "881", "ano": "2021", "numero": "110", "tipo__sigla": "IND", "tipo__descricao": "Indica\u00e7\u00e3o", "autoria": "Ronalthe", "texto_original": "http://sapl.santanadavargem.mg.leg.br/media/", "ementa": "Indico ao Exm\u00ba Sr. Jos\u00e9 Elias Figueiredo, prefeito municipal, a necessidade de providenciar a limpeza do terreno localizado na Rua Jo\u00e3o Rossi de Figueiredo, Bairro S\u00e3o Luiz, na altura do n\u00famero 527, deste munic\u00edpio"}, {"id": "882", "ano": "2021", "numero": "111", "tipo__sigla": "IND", "tipo__descricao": "Indica\u00e7\u00e3o", "autoria": "Ronalthe", "texto_original": "http://sapl.santanadavargem.mg.leg.br/media/sapl/public/materialegislativa/2021/882/indicacao_15-2021_ronalthe.pdf", "ementa": "Indico ao Exm\u00ba Sr. Jos\u00e9 Elias, prefeito municipal, a necessidade de providenciar urgentemente aos Garis do nosso munic\u00edpio EPIs (Equipamentos de prote\u00e7\u00e3o Individual). Sendo eles: bon\u00e9 com touca \u00e1rabe, protetor solar fator 50, luvas de seguran\u00e7a, bota de couro e fardamento de trabalho composto por cal\u00e7as e camisas manga longa"}, {"id": "883", "ano": "2021", "numero": "112", "tipo__sigla": "IND", "tipo__descricao": "Indica\u00e7\u00e3o", "autoria": "Ezequiel", "texto_original": "http://sapl.santanadavargem.mg.leg.br/media/sapl/public/materialegislativa/2021/883/indicacao_15-2021_-camara_municipal_de_santana_da_vargem.pdf", "ementa": "INDICA\u00c7\u00c3O N\u00b0 15/2021 \u2013 Ver. Ezequiel da Silva INDICO ao Exmo. Sr. Jos\u00e9 Elias Figueiredo, Prefeito municipal, \u00e9 de suma import\u00e2ncia a altera\u00e7\u00e3o na CL\u00c1USULA SEGUNDA - DOS PRAZOS PARA PAGAMENTO do DECRETO N\u00ba 008 DE 22 DE JANEIRO DE 2021, Decreto este que regulamenta a cobran\u00e7a do IPTU no exerc\u00edcio de 2021, para que fa\u00e7a o adiamento inicial que ser\u00e1 de 14/05/2021 para os \u00faltimos meses do ano corrente. Obs: Esta solicita\u00e7\u00e3o \u00e9 para TODOS e n\u00e3o se enquadra no projeto de lei ordin\u00e1ria \u2013 PLO 7/2021 que atender\u00e1 apensas aos inclu\u00eddos na d\u00edvida ativa do munic\u00edpio."}, {"id": "884", "ano": "2021", "numero": "113", "tipo__sigla": "IND", "tipo__descricao": "Indica\u00e7\u00e3o", "autoria": "Luiz Felipe", "texto_original": "http://sapl.santanadavargem.mg.leg.br/media/sapl/public/materialegislativa/2021/884/indicacao_057-2021_felipao.pdf", "ementa": "Indico ao Exm\u00b0 Sr. Jos\u00e9 Elias Figueiredo, prefeito municipal, a necessidade de aquisi\u00e7\u00e3o de capacete elmo para utiliza\u00e7\u00e3o contra a Covid-19."}, {"id": "885", "ano": "2021", "numero": "114", "tipo__sigla": "IND", "tipo__descricao": "Indica\u00e7\u00e3o", "autoria": "Luiz Felipe", "texto_original": "http://sapl.santanadavargem.mg.leg.br/media/sapl/public/materialegislativa/2021/885/indicacao_058-2021_felipao.pdf", "ementa": "Indico ao Exm\u00b0 Sr. Jos\u00e9 Elias Figueiredo, prefeito municipal, a necessidade de providenciar a manuten\u00e7\u00e3o da rua C\u00f4nego Jos\u00e9 Maria Rabelo no bairro S\u00e3o Domingos."}, {"id": "900", "ano": "2021", "numero": "115", "tipo__sigla": "IND", "tipo__descricao": "Indica\u00e7\u00e3o", "autoria": "Luiz Felipe", "texto_original": "http://sapl.santanadavargem.mg.leg.br/media/sapl/public/materialegislativa/2021/900/indicacao_059-2021_felipao.pdf", "ementa": "Indico ao Exm\u00ba Sr, Jos\u00e9 Elias Figueiredo, prefeito municipal, a necessidade de colocar uma placa de proibido caminh\u00f5es na rua Miguel Ant\u00f4nio da Silva"}, {"id": "901", "ano": "2021", "numero": "116", "tipo__sigla": "IND", "tipo__descricao": "Indica\u00e7\u00e3o", "autoria": "Luiz Felipe", "texto_original": "http://sapl.santanadavargem.mg.leg.br/media/sapl/public/materialegislativa/2021/901/indicacao_060-2021_felipao.pdf", "ementa": "Indico ao Exm\u00ba Sr. Jos\u00e9 Elias Figueiredo, prefeito municipal, a necessidade de manuten\u00e7\u00e3o nas estradas rurais da comunidade do Pe\u00e3o e do Morro Cavado"}, {"id": "902", "ano": "2021", "numero": "117", "tipo__sigla": "IND", "tipo__descricao": "Indica\u00e7\u00e3o", "autoria": "Luiz Felipe", "texto_original": "http://sapl.santanadavargem.mg.leg.br/media/sapl/public/materialegislativa/2021/902/indicacao_061-2021_felipao.pdf", "ementa": "Indico ao Exm\u00ba Sr. Jos\u00e9 Elias Figueiredo, prefeito, municipal, a necessidade de divulgar nas redes sociais administradas pela prefeitura como Instagram e Facebook informa\u00e7\u00f5es acerca da vacina\u00e7\u00e3o no munic\u00edpio. Estou encaminhando um modelo de planilha como sugest\u00e3o."}, {"id": "903", "ano": "2021", "numero": "118", "tipo__sigla": "IND", "tipo__descricao": "Indica\u00e7\u00e3o", "autoria": "Luiz Felipe", "texto_original": "http://sapl.santanadavargem.mg.leg.br/media/sapl/public/materialegislativa/2021/903/indicacao_062-2021_felipao.pdf", "ementa": "Indico ao Exm\u00ba Sr. Jos\u00e9 Elias Figueiredo, prefeito municipal, a necessidade de criar um programa de Aux\u00edlio Emergencial Municipal para os mun\u00edcipes carentes do munic\u00edpio de Santana da Vargem"}, {"id": "904", "ano": "2021", "numero": "119", "tipo__sigla": "IND", "tipo__descricao": "Indica\u00e7\u00e3o", "autoria": "Luiz Felipe", "texto_original": "http://sapl.santanadavargem.mg.leg.br/media/sapl/public/materialegislativa/2021/904/indicacao_063-2021_felipao.pdf", "ementa": "Indico ao Exm\u00ba Sr. Jos\u00e9 Elias Figueiredo, prefeito municipal, a necessidade de providenciar a instala\u00e7\u00e3o de pontos de coleta de lixos que prejudicam o meio ambiente, como pilhas, baterias, bateria de celular, l\u00e2mpadas, dentre outros e tamb\u00e9m um programa de conscientiza\u00e7\u00e3o popular para que os mun\u00edcipes saibam onde descartar esse lixo e a import\u00e2ncia de descart\u00e1-lo no lugar correto"}, {"id": "905", "ano": "2021", "numero": "120", "tipo__sigla": "IND", "tipo__descricao": "Indica\u00e7\u00e3o", "autoria": "Luiz Felipe", "texto_original": "http://sapl.santanadavargem.mg.leg.br/media/sapl/public/materialegislativa/2021/905/indicacao_064-2021_felipao.pdf", "ementa": "Indico ao Exm\u00ba Sr. Jos\u00e9 Elias Figueiredo, prefeito municipal, a necessidade de providenciar a instala\u00e7\u00e3o de \"Esta\u00e7\u00f5es de Sustentabilidade\" em pontos estrat\u00e9gicos da cidade"}, {"id": "906", "ano": "2021", "numero": "121", "tipo__sigla": "IND", "tipo__descricao": "Indica\u00e7\u00e3o", "autoria": "Lia Ara\u00fajo", "texto_original": "http://sapl.santanadavargem.mg.leg.br/media/sapl/public/materialegislativa/2021/906/29-03-2021_indicacao_03_lia.pdf", "ementa": "Indico ao Exm\u00ba Sr. Jos\u00e9 Elias Figueiredo, prefeito municipal, a necessidade de limpeza no Vel\u00f3rio Municipal juntamente com materiais de necessidade b\u00e1sica como bebedouro, ar condicionado, ventiladores, sabonetes l\u00edquidos, \u00e1lcool em gel, papel toalha, papel higi\u00eanico e um zelador no local para conserva\u00e7\u00e3o. Providenciar tamb\u00e9m para o coveiro os EPI (Equipamentos de Prote\u00e7\u00e3o Individual). Protetor solar  (com repelente de insetos): Prote\u00e7\u00e3o contra a radia\u00e7\u00e3o UVA e UVB e picada de insetos, luvas de seguran\u00e7a (latex) cano longo e n\u00e3o cir\u00fargica, bota de couro, uniforme de trabalho (Avental Babeiro PVC), capa de chuva conjunto imperme\u00e1vel, respirador purificador de ar tipo pe\u00e7a semifacial filtrante para part\u00edculas (PFF-VO), bon\u00e9 \u00e1rabe, mascaras N95, \u00f3culos de prote\u00e7\u00e3o 3M e prote\u00e7\u00e3o escura"}, {"id": "924", "ano": "2021", "numero": "122", "tipo__sigla": "IND", "tipo__descricao": "Indica\u00e7\u00e3o", "autoria": "Lia Ara\u00fajo", "texto_original": "http://sapl.santanadavargem.mg.leg.br/media/sapl/public/materialegislativa/2021/924/07-04-2021_indicacao_04_lia_araujo.pdf", "ementa": "Indico ao Exm\u00ba Sr. Jos\u00e9 Elias Figueiredo, prefeito municipal, a necessidade de obras de emerg\u00eancias no Bairro S\u00e3o Luiz mas precisamente na Rua Geny Borges de Souza onde parte da Rua encontra-se sem cal\u00e7amento e sem manuten\u00e7\u00e3o de limpeza."}, {"id": "925", "ano": "2021", "numero": "123", "tipo__sigla": "IND", "tipo__descricao": "Indica\u00e7\u00e3o", "autoria": "Juninho", "texto_original": "http://sapl.santanadavargem.mg.leg.br/media/sapl/public/materialegislativa/2021/925/07-04-2021_indicacao_juninho.pdf", "ementa": "Indico ao Exm\u00ba Sr. Jos\u00e9 Elias Figueiredo, prefeito municipal, a necessidade de manuten\u00e7\u00e3o e preserva\u00e7\u00e3o da estrada vicinal da Santa F\u00e9, que liga Santana da Vargem a Tr\u00eas Pontas."}, {"id": "926", "ano": "2021", "numero": "124", "tipo__sigla": "IND", "tipo__descricao": "Indica\u00e7\u00e3o", "autoria": "Juninho", "texto_original": "http://sapl.santanadavargem.mg.leg.br/media/sapl/public/materialegislativa/2021/926/07-04-2021_indicacao_010_juninho.pdf", "ementa": "Indico ao Exm\u00ba Sr. Jos\u00e9 Elias Figueiredo, prefeito municipal, a necessidade da revitaliza\u00e7\u00e3o e preserva\u00e7\u00e3o da pracinha e quadra do bairro Padre Victor"}, {"id": "930", "ano": "2021", "numero": "125", "tipo__sigla": "IND", "tipo__descricao": "Indica\u00e7\u00e3o", "autoria": "Juninho", "texto_original": "http://sapl.santanadavargem.mg.leg.br/media/sapl/public/materialegislativa/2021/930/09-04-2021_indicacao_11_juninho.pdf", "ementa": "Indico ao Exm\u00ba Sr. Jos\u00e9 Elias Figueiredo, prefeito municipal, a necessidade de implantar vagas de estacionamento para motos na Pra\u00e7a Jo\u00e3o Maciel Neiva"}, {"id": "931", "ano": "2021", "numero": "126", "tipo__sigla": "IND", "tipo__descricao": "Indica\u00e7\u00e3o", "autoria": "Juninho", "texto_original": "http://sapl.santanadavargem.mg.leg.br/media/sapl/public/materialegislativa/2021/931/09-04-2021_indicacao_12_juninho.pdf", "ementa": "Indico ao Exm\u00ba Sr. Jos\u00e9 Elias Figueiredo, prefeito municipal, a necessidade de realizar a troca de l\u00e2mpadas tradicionais por LED em toda ilumina\u00e7\u00e3o p\u00fablica do munic\u00edpio"}, {"id": "935", "ano": "2021", "numero": "127", "tipo__sigla": "IND", "tipo__descricao": "Indica\u00e7\u00e3o", "autoria": "Luiz Felipe", "texto_original": "http://sapl.santanadavargem.mg.leg.br/media/sapl/public/materialegislativa/2021/935/14-04-2021_indicacao_065_luiz_felipe.pdf", "ementa": "Indico ao EXm\u00ba Sr. Jos\u00e9 Elias Figueiredo, prefeito municipal, a necessidade de providenciar a instala\u00e7\u00e3o de traves na quadra do bairro Padre Victor"}, {"id": "936", "ano": "2021", "numero": "128", "tipo__sigla": "IND", "tipo__descricao": "Indica\u00e7\u00e3o", "autoria": "Luiz Felipe", "texto_original": "http://sapl.santanadavargem.mg.leg.br/media/sapl/public/materialegislativa/2021/936/14-04-2021_indicacao_066_luiz_felipe.pdf", "ementa": "Indico ao Exm\u00ba Sr. Jos\u00e9 Elias Figueiredo, prefeito municipal, a necessidade de providenciar a constru\u00e7\u00e3o de uma horta comunit\u00e1ria"}, {"id": "937", "ano": "2021", "numero": "129", "tipo__sigla": "IND", "tipo__descricao": "Indica\u00e7\u00e3o", "autoria": "Luiz Felipe", "texto_original": "http://sapl.santanadavargem.mg.leg.br/media/sapl/public/materialegislativa/2021/937/14-04-2021_indicacao_067_luiz_felipe.pdf", "ementa": "Indico ao Exm\u00ba Sr.Jos\u00e9 Elias Figueiredo, prefeito municipal, a necessidade de providenciar a cria\u00e7\u00e3o de um programa de capacita\u00e7\u00e3o profissional com a possibilidade de que o munic\u00edpio coloque \u00e0 disposi\u00e7\u00e3o dos mun\u00edcipes acesso gratuito a cursos profissionalizantes como corte e costura, operador de m\u00e1quinas, etc"}, {"id": "938", "ano": "2021", "numero": "130", "tipo__sigla": "IND", "tipo__descricao": "Indica\u00e7\u00e3o", "autoria": "Luiz Felipe", "texto_original": "http://sapl.santanadavargem.mg.leg.br/media/sapl/public/materialegislativa/2021/938/14-04-2021_indicacao_068_luiz_felipe.pdf", "ementa": "Indico ao Exm\u00ba Sr. Jos\u00e9 Elias Figueiredo, prefeito municipal , a necessidade de providenciar a instala\u00e7\u00e3o de um caixa eletr\u00f4nico, 24 horas no munic\u00edpio que aceite todas as bandeiras de cart\u00f5es, como a imagem."}, {"id": "939", "ano": "2021", "numero": "131", "tipo__sigla": "IND", "tipo__descricao": "Indica\u00e7\u00e3o", "autoria": "Juninho", "texto_original": "http://sapl.santanadavargem.mg.leg.br/media/sapl/public/materialegislativa/2021/939/14-04-2021_indicacao_013-2021_juninho.pdf", "ementa": "Indico ao Exm\u00ba Sr. Jos\u00e9 Elias Figueiredo, prefeito municipal, a necessidade de criar um Projeto de Lei prevendo aux\u00edlio emergencial para os com\u00e9rcios e prestadores de servi\u00e7os considerados \"n\u00e3o essenciais\" que ficaram impedidos de funcionarem normalmente devido a onda roxa em nosso munic\u00edpio"}, {"id": "947", "ano": "2021", "numero": "133", "tipo__sigla": "IND", "tipo__descricao": "Indica\u00e7\u00e3o", "autoria": "Luiz Felipe", "texto_original": "http://sapl.santanadavargem.mg.leg.br/media/sapl/public/materialegislativa/2021/947/indicacao_069-2021_felipao.pdf", "ementa": "Indico ao Exm\u00b0 Sr. Jos\u00e9 Elias Figueiredo, prefeito municipal, a necessidade de providenciar a instala\u00e7\u00e3o de pain\u00e9is de energia fotovoltaica nos pr\u00e9dios p\u00fablicos para haver economia de energia el\u00e9trica para o munic\u00edpio."}, {"id": "948", "ano": "2021", "numero": "134", "tipo__sigla": "IND", "tipo__descricao": "Indica\u00e7\u00e3o", "autoria": "Luiz Felipe", "texto_original": "http://sapl.santanadavargem.mg.leg.br/media/sapl/public/materialegislativa/2021/948/indicacao_070-2021_felipao.pdf", "ementa": "Indico ao Exm\u00b0 Sr. Jos\u00e9 Elias Figueiredo, prefeito municipal, a necessidade de criar um programa municipal de incentivo \u00e0 sa\u00fade do cidad\u00e3o por meio da promo\u00e7\u00e3o da pr\u00e1tica de exerc\u00edcios f\u00edsicos e do h\u00e1bito a alimenta\u00e7\u00e3o saud\u00e1vel."}, {"id": "952", "ano": "2021", "numero": "135", "tipo__sigla": "IND", "tipo__descricao": "Indica\u00e7\u00e3o", "autoria": "Juninho", "texto_original": "http://sapl.santanadavargem.mg.leg.br/media/sapl/public/materialegislativa/2021/952/20-04-2021_indicacao_015_vitor.pdf", "ementa": "Indico ao Exm\u00b0 Sr. Jos\u00e9 Elias Figueiredo, prefeito municipal , a necessidade de um estudo no sentido disponibilizar um acompanhamento psicol\u00f3gico aos familiares de pacientes internados, bem como, a todos os profissionais de sa\u00fade que est\u00e3o na linha de frente em decorr\u00eancia do novo coronav\u00edrus (COVID-19)"}, {"id": "953", "ano": "2021", "numero": "136", "tipo__sigla": "IND", "tipo__descricao": "Indica\u00e7\u00e3o", "autoria": "Juninho", "texto_original": "http://sapl.santanadavargem.mg.leg.br/media/sapl/public/materialegislativa/2021/953/20-04-2021_indicacao_014_juninho.pdf", "ementa": "Indico ao Exm\u00b0 Sr. Jos\u00e9 Elias Figueiredo, prefeito municipal, a necessidade de adotar o uso de m\u00e1quinas de cart\u00e3o, para facilitar aos contribuintes o pagamento dos impostos, taxas e outras contribui\u00e7\u00f5es, por meio de cart\u00e3o de cr\u00e9dito e d\u00e9bito"}, {"id": "954", "ano": "2021", "numero": "137", "tipo__sigla": "IND", "tipo__descricao": "Indica\u00e7\u00e3o", "autoria": "Juninho", "texto_original": "http://sapl.santanadavargem.mg.leg.br/media/sapl/public/materialegislativa/2021/954/20-04-2021_indicacao_016_juninho.pdf", "ementa": "Indico ao Exm\u00b0 Sr. Jos\u00e9 Elias Figueiredo, prefeito municipal, a necessidade de criar um conselho dos Direitos das Pessoas com Defici\u00eancia-CMPD"}, {"id": "956", "ano": "2021", "numero": "138", "tipo__sigla": "IND", "tipo__descricao": "Indica\u00e7\u00e3o", "autoria": "Ezequiel", "texto_original": "http://sapl.santanadavargem.mg.leg.br/media/sapl/public/materialegislativa/2021/956/20-04-2021_indicacao_015-2021_ezequiel.pdf", "ementa": "Indico ao Exm\u00b0 Sr. Jos\u00e9 Elias Figueiredo, prefeito municipal, \u00e9 de suma import\u00e2ncia a altera\u00e7\u00e3o do local de atendimento em refer\u00eancia ao COVID-19, este atendimento deve ser em local exclusivo para o atendimento de todas as fases do COVID-19"}, {"id": "957", "ano": "2021", "numero": "139", "tipo__sigla": "IND", "tipo__descricao": "Indica\u00e7\u00e3o", "autoria": "Ezequiel", "texto_original": "http://sapl.santanadavargem.mg.leg.br/media/sapl/public/materialegislativa/2021/957/20-04-2021_indicacao_017_ezequiel.pdf", "ementa": "Indico ao Exm\u00b0 Sr. Jos\u00e9 Elias Figueiredo, prefeito municipal, a necessidade de reparo na estrada do cruzeiro, no \"alto do morro do Deusdete\""}, {"id": "958", "ano": "2021", "numero": "140", "tipo__sigla": "IND", "tipo__descricao": "Indica\u00e7\u00e3o", "autoria": "Juninho", "texto_original": "http://sapl.santanadavargem.mg.leg.br/media/sapl/public/materialegislativa/2021/958/20-04-2021_indicacao_017-2021_juninho.pdf", "ementa": "Indico ao Exm\u00ba Sr. Jos\u00e9 Elias Figueiredo, prefeito municipal, a necessidade de criar um projeto de lei que institua o programa \"Meu primeiro emprego\". Que atrav\u00e9s de uma parceria entre o munic\u00edpio e empresas privadas, destine vagas exclusivas para jovens de 16 a 22 anos (sendo est\u00e1gio remunerado, jovem aprendiz remunerado ou contrato de trabalho com carteira assinada) que buscam a primeira oportunidade de emprego no mercado de trabalho, sendo oferecido em contrapartida benef\u00edcios fiscais por parte do munic\u00edpio."}, {"id": "961", "ano": "2021", "numero": "141", "tipo__sigla": "IND", "tipo__descricao": "Indica\u00e7\u00e3o", "autoria": "Luiz Felipe", "texto_original": "http://sapl.santanadavargem.mg.leg.br/media/sapl/public/materialegislativa/2021/961/23-04-2021_indicacao_071_felipao.pdf", "ementa": "Indico ao Exm\u00ba Sr. Jos\u00e9 Elias Figueiredo, prefeito municipal, a necessidade de estender o hor\u00e1rio de atendimento ao p\u00fablico de alguns servi\u00e7os p\u00fablicos como por exemplo o centro odontol\u00f3gico, os servi\u00e7os de emiss\u00e3o de carteira de identidade etc. Essa medida poderia ocorrer por meio de revezamento dos hor\u00e1rios dos servidores"}, {"id": "964", "ano": "2021", "numero": "142", "tipo__sigla": "IND", "tipo__descricao": "Indica\u00e7\u00e3o", "autoria": "Juninho", "texto_original": "http://sapl.santanadavargem.mg.leg.br/media/sapl/public/materialegislativa/2021/964/27-04-2021_indicacao_18_juninho.pdf", "ementa": "Indico ao Exm\u00b0 Sr. Jos\u00e9 Elias Figueiredo, prefeito municipal, a necessidade de criar o projeto Ca\u00e7amba social, que disponibiliza uma ca\u00e7amba de entulho em cada bairro do munic\u00edpio"}, {"id": "965", "ano": "2021", "numero": "143", "tipo__sigla": "IND", "tipo__descricao": "Indica\u00e7\u00e3o", "autoria": "Juninho", "texto_original": "http://sapl.santanadavargem.mg.leg.br/media/sapl/public/materialegislativa/2021/965/27-04-2021_indicacao_19_juninho.pdf", "ementa": "Indico ao Exm\u00b0 Sr. Jos\u00e9 Elias Figueiredo, prefeito municipal, a necessidade de manuten\u00e7\u00e3o das ruas Luiz Furtado de Abreu e Domingos Vieira de Lima"}, {"id": "966", "ano": "2021", "numero": "144", "tipo__sigla": "IND", "tipo__descricao": "Indica\u00e7\u00e3o", "autoria": "Juninho", "texto_original": "http://sapl.santanadavargem.mg.leg.br/media/sapl/public/materialegislativa/2021/966/27-04-2021_indicacao_20_juninho.pdf", "ementa": "Indico  ao Exm\u00b0 Sr. Jos\u00e9 Elias Figueiredo, prefeito municipal, a necessidade de um repasse monet\u00e1rio trimestral ou semestral aos times de futebol amador do munic\u00edpio, bem como o investimento nas demais modalidade"}, {"id": "967", "ano": "2021", "numero": "145", "tipo__sigla": "IND", "tipo__descricao": "Indica\u00e7\u00e3o", "autoria": "Juninho", "texto_original": "http://sapl.santanadavargem.mg.leg.br/media/sapl/public/materialegislativa/2021/967/27-04-2021_indicacao_21_juninho.pdf", "ementa": "Indico ao Exm\u00b0 Sr. Jos\u00e9 Elias Figueiredo, prefeito municipal, a necessidade de retornar o programa coleta seletiva, que funcionou no munic\u00edpio entre 2015 e 2016"}, {"id": "968", "ano": "2021", "numero": "146", "tipo__sigla": "IND", "tipo__descricao": "Indica\u00e7\u00e3o", "autoria": "Jackson Luiz", "texto_original": "http://sapl.santanadavargem.mg.leg.br/media/sapl/public/materialegislativa/2021/968/27-04-2021_indicacao_09_jackson.pdf", "ementa": "Indico ao Exm\u00b0 Sr. Jos\u00e9 Elias Figueiredo, prefeito municipal, a realiza\u00e7\u00e3o de uma parceria com as institui\u00e7\u00f5es de ensino presentes em nossa cidade, Est\u00e1cio e Mix Cursos."}, {"id": "969", "ano": "2021", "numero": "147", "tipo__sigla": "IND", "tipo__descricao": "Indica\u00e7\u00e3o", "autoria": "Luiz Felipe", "texto_original": "http://sapl.santanadavargem.mg.leg.br/media/sapl/public/materialegislativa/2021/969/27-04-2021_indicacao_72_felipao.pdf", "ementa": "Indico ao Exm\u00b0 Sr. Jos\u00e9 Elias Figueiredo, prefeito municipal, a necessidade de criar um centro oftalmol\u00f3gico no munic\u00edpio que tenha hor\u00e1rio de atendimento ao p\u00fablico estendido"}, {"id": "978", "ano": "2021", "numero": "148", "tipo__sigla": "IND", "tipo__descricao": "Indica\u00e7\u00e3o", "autoria": "Juninho", "texto_original": "http://sapl.santanadavargem.mg.leg.br/media/sapl/public/materialegislativa/2021/978/29-04-2021_indicacao_022_juninho.pdf", "ementa": "Indico ao Exm\u00ba Sr. Jos\u00e9 Elias Figueiredo, prefeito municipal, a necessidade da FARM\u00c1CIA B\u00c1SICA do munic\u00edpio permanecer aberta durante 07 (sete) dias das semana, funcionando nos finais de semana e feriados em regime de plant\u00e3o"}, {"id": "993", "ano": "2021", "numero": "149", "tipo__sigla": "IND", "tipo__descricao": "Indica\u00e7\u00e3o", "autoria": "Ezequiel", "texto_original": "http://sapl.santanadavargem.mg.leg.br/media/sapl/public/materialegislativa/2021/993/30-04-2021_indicacao_018_ezequiel.pdf", "ementa": "Indico ao Exm\u00b0 Sr. Jos\u00e9 Elias Figueiredo, prefeito municipal, \u00e9 de suma import\u00e2ncia a retomada das aulas presencias e da Creche que s\u00e3o de responsabilidade municipal, logicamente com os devidos cuidados a serem estabelecidos e seguidos em rela\u00e7\u00e3o ao COVID-19"}, {"id": "994", "ano": "2021", "numero": "150", "tipo__sigla": "IND", "tipo__descricao": "Indica\u00e7\u00e3o", "autoria": "Luiz Felipe", "texto_original": "http://sapl.santanadavargem.mg.leg.br/media/sapl/public/materialegislativa/2021/994/30-4-2021_indicacao_073_felipao.pdf", "ementa": "Indico ao Exm\u00b0 Sr. Jos\u00e9 Elias Figueiredo, prefeito municipal, a necessidade de coloca\u00e7\u00e3o de pequenas ca\u00e7ambas de recolhimento de lixo nos pontos onde os coletores de lixo da prefeitura deixam as sacolas, conforme imagem abaixo."}, {"id": "995", "ano": "2021", "numero": "151", "tipo__sigla": "IND", "tipo__descricao": "Indica\u00e7\u00e3o", "autoria": "Juninho", "texto_original": "http://sapl.santanadavargem.mg.leg.br/media/sapl/public/materialegislativa/2021/995/03-05-2021_indicacao_23_juninho.pdf", "ementa": "Indico ao Exm\u00b0 Sr. Jos\u00e9 Elias Figueiredo, prefeito municipal, a necessidade de incluir no grupo priorit\u00e1rio de vacina\u00e7\u00e3o contra a COVID-19 os portadores de SINDROME DE DOWN"}, {"id": "996", "ano": "2021", "numero": "152", "tipo__sigla": "IND", "tipo__descricao": "Indica\u00e7\u00e3o", "autoria": "Juninho", "texto_original": "http://sapl.santanadavargem.mg.leg.br/media/sapl/public/materialegislativa/2021/996/03-05-2021_indicacao_24_juninho.pdf", "ementa": "Indico ao Exm\u00ba Sr. Jos\u00e9 Elias Figueiredo, prefeito municipal, a necessidade de colocar um redutor de velocidade (quebra-molas) na Rua Pedro Martins de Oliveira no bairro Padre Victor"}, {"id": "997", "ano": "2021", "numero": "153", "tipo__sigla": "IND", "tipo__descricao": "Indica\u00e7\u00e3o", "autoria": "Juninho", "texto_original": "http://sapl.santanadavargem.mg.leg.br/media/sapl/public/materialegislativa/2021/997/03-05-2021_indicacao_25_juninho.pdf", "ementa": "Indico ao Exm\u00ba Sr. Jos\u00e9 Elias Figueiredo, prefeito municipal, a necessidade do Poder Executivo atrav\u00e9s da Secretaria Municipal de Sa\u00fade, viabilizar estudos no sentido de disponibilizar cursos de aperfei\u00e7oamento de atendimento aos servidores da \u00e1rea da sa\u00fade, no intuito de oferecerem um atendimento melhor e mais humano aos mun\u00edcipes, levando em considera\u00e7\u00e3o todo o processo e n\u00e3o apenas o resultado final."}, {"id": "998", "ano": "2021", "numero": "154", "tipo__sigla": "IND", "tipo__descricao": "Indica\u00e7\u00e3o", "autoria": "Juninho", "texto_original": "http://sapl.santanadavargem.mg.leg.br/media/sapl/public/materialegislativa/2021/998/03-05-2021_indicacao_27_juninho.pdf", "ementa": "Indico ao Exm\u00b0  Sr. Jos\u00e9 Elias Figueiredo, prefeito municipal, a necessidade de estudar junto a Secretaria de Educa\u00e7\u00e3o a possibilidade de inclus\u00e3o de semanas pedag\u00f3gicas no calend\u00e1rio escolar"}, {"id": "999", "ano": "2021", "numero": "155", "tipo__sigla": "IND", "tipo__descricao": "Indica\u00e7\u00e3o", "autoria": "Ezequiel", "texto_original": "http://sapl.santanadavargem.mg.leg.br/media/sapl/public/materialegislativa/2021/999/19-2021_quebra_molas.pdf", "ementa": "Indico ao Exm\u00b0 Sr. Jos\u00e9 Elias Figueiredo, prefeito municipal, a necessidade de implanta\u00e7\u00e3o/constru\u00e7\u00e3o de ondula\u00e7\u00f5es transversais \u201cquebra-molas\u201d nas imedia\u00e7\u00f5es da Rua Iota Lima, n\u00ba 61 at\u00e9 as imedia\u00e7\u00f5es da Avenida Helio Terra, no Bairro S\u00e3o Luiz Centro,  neste munic\u00edpio"}, {"id": "1000", "ano": "2021", "numero": "156", "tipo__sigla": "IND", "tipo__descricao": "Indica\u00e7\u00e3o", "autoria": "Silmara Girlaine", "texto_original": "http://sapl.santanadavargem.mg.leg.br/media/sapl/public/materialegislativa/2021/1000/prioridade_na_vacinacao.pdf", "ementa": "Indico ao Exm\u00b0 Sr. Jos\u00e9 Elias Figueiredo, na forma regimental, atrav\u00e9s do setor competente, que inclua as pessoas com defici\u00eancia no grupo que ter\u00e1 prioridade na vacina\u00e7\u00e3o contra a Covid-19 no munic\u00edpio."}, {"id": "1007", "ano": "2021", "numero": "157", "tipo__sigla": "IND", "tipo__descricao": "Indica\u00e7\u00e3o", "autoria": "Juninho", "texto_original": "http://sapl.santanadavargem.mg.leg.br/media/sapl/public/materialegislativa/2021/1007/04-03-2021_indicacao_26_juninho.pdf", "ementa": "Indico ao Exm\u00b0 Sr. Jos\u00e9 Elias Figueiredo, prefeito municipal, a necessidade de trocar do letreiro da placa de inaugura\u00e7\u00e3o da Avenida H\u00e9lio Terra"}, {"id": "1008", "ano": "2021", "numero": "158", "tipo__sigla": "IND", "tipo__descricao": "Indica\u00e7\u00e3o", "autoria": "Juninho", "texto_original": "http://sapl.santanadavargem.mg.leg.br/media/sapl/public/materialegislativa/2021/1008/04-05-2021indicacao_28_juninho.pdf", "ementa": "Indico ao Exm\u00b0 Sr. Jos\u00e9 Elias Figueiredo, prefeito municipal, a necessidade solicitar junto a CEMIG uma autoriza\u00e7\u00e3o para implantar lixeiras aos Postes de energia el\u00e9trica."}, {"id": "1011", "ano": "2021", "numero": "159", "tipo__sigla": "IND", "tipo__descricao": "Indica\u00e7\u00e3o", "autoria": "Lia Ara\u00fajo", "texto_original": "http://sapl.santanadavargem.mg.leg.br/media/sapl/public/materialegislativa/2021/1011/05-05-2021_indicacao_05_lia_araujo.pdf", "ementa": "Indico ao Exm\u00b0 Sr. Jos\u00e9 Elias Figueiredo, prefeito municipal, a necessidade de obras de emerg\u00eancia 2 (duas) lombadas na Rua Boa Esperan\u00e7a e 2 (duas) na Avenida Ribeir\u00e3o Santana"}, {"id": "1016", "ano": "2021", "numero": "160", "tipo__sigla": "IND", "tipo__descricao": "Indica\u00e7\u00e3o", "autoria": "Juninho", "texto_original": "http://sapl.santanadavargem.mg.leg.br/media/sapl/public/materialegislativa/2021/1016/07-05-2021_indicacao_29_juninho.pdf", "ementa": "Indico ao Exm\u00b0 Sr. Jos\u00e9 Elias Figueiredo, prefeito municipal, analisar a possibilidade de efetuar uma fiscaliza\u00e7\u00e3o severa a cerca do mau uso dos ve\u00edculos da Prefeitura Municipal de Santana da Vargem (principalmente da educa\u00e7\u00e3o)"}, {"id": "1020", "ano": "2021", "numero": "161", "tipo__sigla": "IND", "tipo__descricao": "Indica\u00e7\u00e3o", "autoria": "Juninho", "texto_original": "http://sapl.santanadavargem.mg.leg.br/media/sapl/public/materialegislativa/2021/1020/10-05-2021_indicacao_30-2021_juninho.pdf", "ementa": "Indico ao Exm\u00ba Sr. Jos\u00e9 Elias Figueiredo, prefeito municipal, analisar a possibilidade de asfaltar a rua dentro do Cemit\u00e9rio Municipal que d\u00e1 acesso aos t\u00famulos"}, {"id": "1021", "ano": "2021", "numero": "162", "tipo__sigla": "IND", "tipo__descricao": "Indica\u00e7\u00e3o", "autoria": "Luiz Felipe", "texto_original": "http://sapl.santanadavargem.mg.leg.br/media/sapl/public/materialegislativa/2021/1021/10-05-2021_indicacao_075_felipao.pdf", "ementa": "Indico ao Exm\u00ba Sr. Jos\u00e9 Elias Figueiredo, prefeito municipal, a necessidade de providenciar a divulga\u00e7\u00e3o no site da prefeitura municipal do nome de quais rem\u00e9dios est\u00e3o tendo na farmacinha"}, {"id": "1022", "ano": "2021", "numero": "163", "tipo__sigla": "IND", "tipo__descricao": "Indica\u00e7\u00e3o", "autoria": "Luiz Felipe", "texto_original": "http://sapl.santanadavargem.mg.leg.br/media/sapl/public/materialegislativa/2021/1022/10-05-2021_indicacao_074_felipao.pdf", "ementa": "Indico ao Exm\u00ba Sr. Jos\u00e9 Elias Figueiredo, prefeito municipal, a necessidade de providenciar a arboriza\u00e7\u00e3o na Avenida Nelson Pereira Vilela, na Avenida H\u00e9lio Terra e da Avenida Marginal Ribeir\u00e3o Santana com \u00e1rvores que n\u00e3o prejudiquem o terreno para que depois n\u00e3o precisem ser cortadas"}, {"id": "1024", "ano": "2021", "numero": "164", "tipo__sigla": "IND", "tipo__descricao": "Indica\u00e7\u00e3o", "autoria": "Ezequiel", "texto_original": "http://sapl.santanadavargem.mg.leg.br/media/sapl/public/materialegislativa/2021/1024/20-2021_patrolamento_estrada_rural.pdf", "ementa": "Indico ao Exm\u00b0 Sr. Jos\u00e9 Elias Figueiredo, prefeito municipal, a necessidade de patrolamento como manuten\u00e7\u00e3o das estradas rurais pr\u00f3ximas do Pesqueiro Atr\u00e1s do Morro, neste munic\u00edpio."}, {"id": "1025", "ano": "2021", "numero": "165", "tipo__sigla": "IND", "tipo__descricao": "Indica\u00e7\u00e3o", "autoria": "Ezequiel", "texto_original": "http://sapl.santanadavargem.mg.leg.br/media/", "ementa": "Indico ao Exm\u00b0 Sr. Jos\u00e9 Elias Figueiredo, prefeito municipal, a necessidade de patrolamento da Avenida Ribeir\u00e3o Santana, neste munic\u00edpio."}, {"id": "1027", "ano": "2021", "numero": "166", "tipo__sigla": "IND", "tipo__descricao": "Indica\u00e7\u00e3o", "autoria": "Juninho", "texto_original": "http://sapl.santanadavargem.mg.leg.br/media/sapl/public/materialegislativa/2021/1027/11-05-2021_indicacao_31_juninho.pdf", "ementa": "Indico ao Exm\u00b0 Sr. Jos\u00e9 Elias Figueiredo, prefeito municipal, a necessidade de providenciar o devido escoamento da \u00e1gua ao fim da Rua Totonho Machado, nas proximidades da mercearia Ferreira."}, {"id": "1034", "ano": "2021", "numero": "167", "tipo__sigla": "IND", "tipo__descricao": "Indica\u00e7\u00e3o", "autoria": "Luiz Felipe", "texto_original": "http://sapl.santanadavargem.mg.leg.br/media/sapl/public/materialegislativa/2021/1034/13-05-2021_indicacao_76_felipao.pdf", "ementa": "Indico ao Exm\u00b0. Sr. Jos\u00e9 Elias Figueiredo, prefeito municipal, a necessidade de ampliar a vacina\u00e7\u00e3o no munic\u00edpio colocando o pessoal da sa\u00fade que aplicam as vacinas para ir at\u00e9 as resid\u00eancias vacinar as pessoas no hor\u00e1rio que elas j\u00e1 estivessem em casa ou que fosse estendido o hor\u00e1rio de aplica\u00e7\u00e3o das vacinas no posto de sa\u00fade."}, {"id": "1035", "ano": "2021", "numero": "168", "tipo__sigla": "IND", "tipo__descricao": "Indica\u00e7\u00e3o", "autoria": "Luiz Felipe", "texto_original": "http://sapl.santanadavargem.mg.leg.br/media/sapl/public/materialegislativa/2021/1035/13-05-2021_indicacao_77_felipao.pdf", "ementa": "Indico ao Exm\u00b0. Sr. Jos\u00e9 Elias Figueiredo, prefeito municipal, a necessidade de providenciar manuten\u00e7\u00e3o na rua Dr. Jo\u00e3o Corr\u00eaa."}, {"id": "1036", "ano": "2021", "numero": "169", "tipo__sigla": "IND", "tipo__descricao": "Indica\u00e7\u00e3o", "autoria": "Luiz Felipe", "texto_original": "http://sapl.santanadavargem.mg.leg.br/media/sapl/public/materialegislativa/2021/1036/13-05-2021_indicacao_78_felipao.pdf", "ementa": "Indico ao Exm\u00b0. Sr. Jos\u00e9 Elias Figueiredo, prefeito municipal, a necessidade de providenciar a divulga\u00e7\u00e3o semanal no site da prefeitura municipal do nome, a especialidade e os hor\u00e1rios de atendimento dos m\u00e9dicos e que est\u00e3o atendendo no munic\u00edpio, tanto no posto quanto no pronto socorro."}, {"id": "1037", "ano": "2021", "numero": "170", "tipo__sigla": "IND", "tipo__descricao": "Indica\u00e7\u00e3o", "autoria": "Luiz Felipe", "texto_original": "http://sapl.santanadavargem.mg.leg.br/media/sapl/public/materialegislativa/2021/1037/13-05-2021_indicacao_79_felipao.pdf", "ementa": "Indico ao Exm\u00b0. Sr. Jos\u00e9 Elias Figueiredo, prefeito municipal, a necessidade de aderir ao programa Brasil Sorridente."}, {"id": "1039", "ano": "2021", "numero": "171", "tipo__sigla": "IND", "tipo__descricao": "Indica\u00e7\u00e3o", "autoria": "Juninho", "texto_original": "http://sapl.santanadavargem.mg.leg.br/media/sapl/public/materialegislativa/2021/1039/14-05-2021_indicacao_32_juninho.pdf", "ementa": "Indico ao Exm\u00b0  Sr. Jos\u00e9 Elias Figueiredo, prefeito municipal, a necessidade de providenciar grades de prote\u00e7\u00e3o nas pontes da Avenida H\u00e9lio Terra e no parquinho da mesma avenida"}, {"id": "1040", "ano": "2021", "numero": "172", "tipo__sigla": "IND", "tipo__descricao": "Indica\u00e7\u00e3o", "autoria": "Waltinho", "texto_original": "http://sapl.santanadavargem.mg.leg.br/media/sapl/public/materialegislativa/2021/1040/indicacao_waltinho02.pdf", "ementa": "Indico ao Exm\u00b0 Sr. Jos\u00e9 Elias Figueiredo, prefeito municipal, a necessidade de cria\u00e7\u00e3o de um Centro de Conviv\u00eancia do Idoso."}, {"id": "1041", "ano": "2021", "numero": "173", "tipo__sigla": "IND", "tipo__descricao": "Indica\u00e7\u00e3o", "autoria": "Ronalthe", "texto_original": "http://sapl.santanadavargem.mg.leg.br/media/sapl/public/materialegislativa/2021/1041/17-05-2021_indicacao_17_ronalthe.pdf", "ementa": "Indico ao Exm\u00b0 Sr. Jos\u00e9 Elias Figueiredo, prefeito municipal, a necessidade de providenciar o correto escoamento das \u00e1guas na jun\u00e7\u00e3o da Rua Luzia Lima Scalioni com a Avenida H\u00e9lio Terra, na altura do n\u00famero 189, instalando no local um bueiro para que as \u00e1guas das chuvas sejam drenadas para \u00e0s galerias pluviais"}, {"id": "1043", "ano": "2021", "numero": "174", "tipo__sigla": "IND", "tipo__descricao": "Indica\u00e7\u00e3o", "autoria": "Ronalthe", "texto_original": "http://sapl.santanadavargem.mg.leg.br/media/sapl/public/materialegislativa/2021/1043/17-06-2021_indicacao_16_ronalthe.pdf", "ementa": "Indico ao Exm\u00ba Sr. Jos\u00e9 Elias Figueiredo, prefeito municipal, a necessidade de providenciar urgentemente a aquisi\u00e7\u00e3o e instala\u00e7\u00e3o de uma lavadora de roupas Unidade B\u00e1sica de Sa\u00fade \"Evaldo Campos Moura\""}, {"id": "1044", "ano": "2021", "numero": "175", "tipo__sigla": "IND", "tipo__descricao": "Indica\u00e7\u00e3o", "autoria": "Juninho", "texto_original": "http://sapl.santanadavargem.mg.leg.br/media/sapl/public/materialegislativa/2021/1044/17-05-2021_indicacao_33-2021.pdf", "ementa": "Indico ao Exm\u00b0 Sr. Jos\u00e9 Elias Figueiredo, prefeito municipal, analisar a possibilidade de ciar a premia\u00e7\u00e3o \"Aluno nota 10\" ap\u00f3s a volta das aulas presenciais. Sendo essa para estudantes do ensino fundamental e m\u00e9dio das redes municipais e Estadual"}, {"id": "1053", "ano": "2021", "numero": "176", "tipo__sigla": "IND", "tipo__descricao": "Indica\u00e7\u00e3o", "autoria": "Luiz Felipe", "texto_original": "http://sapl.santanadavargem.mg.leg.br/media/sapl/public/materialegislativa/2021/1053/21-05-2021_indicacao_080_felipao.pdf", "ementa": "Indico ao Exm\u00ba Sr. Jos\u00e9 Elias Figueiredo, prefeito municipal, a necessidade de providenciar o in\u00edcio das obras de infraestrutura dos lotes que foram doados para que as pessoas possam come\u00e7ar a construir as casas."}, {"id": "1054", "ano": "2021", "numero": "177", "tipo__sigla": "IND", "tipo__descricao": "Indica\u00e7\u00e3o", "autoria": "Juninho", "texto_original": "http://sapl.santanadavargem.mg.leg.br/media/sapl/public/materialegislativa/2021/1054/24-05-2021_indicacao_034_juninho.pdf", "ementa": "Indico ao Exm\u00b0 Sr. Jos\u00e9 Elias Figueiredo, prefeito municipal, a necessidade de adquirir materiais e equipamentos para o setor de fisioterapia do munic\u00edpio"}, {"id": "1057", "ano": "2021", "numero": "178", "tipo__sigla": "IND", "tipo__descricao": "Indica\u00e7\u00e3o", "autoria": "Juninho", "texto_original": "http://sapl.santanadavargem.mg.leg.br/media/sapl/public/materialegislativa/2021/1057/26-5-2021indicacao_35_juninho_1.pdf", "ementa": "Indico ao Exm\u00ba Sr. Jos\u00e9 Elias Figueiredo, prefeito municipal, a necessidade de Instituir a Semana Municipal de Incentivo \u00e0 Doa\u00e7\u00e3o de Sangue no Munic\u00edpio de Santana da Vargem"}, {"id": "1059", "ano": "2021", "numero": "179", "tipo__sigla": "IND", "tipo__descricao": "Indica\u00e7\u00e3o", "autoria": "Ezequiel", "texto_original": "http://sapl.santanadavargem.mg.leg.br/media/", "ementa": "Indico ao Exm\u00b0 Sr. Jos\u00e9 Elias Figueiredo, prefeito municipal, a necessidade de priorizar, no plano de vacina\u00e7\u00e3o contra a Covid-19, os profissionais que colaboram na limpeza urbana e na coleta de lixo deste munic\u00edpio."}, {"id": "1060", "ano": "2021", "numero": "180", "tipo__sigla": "IND", "tipo__descricao": "Indica\u00e7\u00e3o", "autoria": "Ezequiel", "texto_original": "http://sapl.santanadavargem.mg.leg.br/media/sapl/public/materialegislativa/2021/1060/26-05-2021_indicacao_023_ezequiel.pdf", "ementa": "Indico ao Exm\u00ba Sr. Jos\u00e9 Elias Figueiredo, prefeito municipal, a necessidade de reforma e investimento em seguran\u00e7a na rodovi\u00e1ria de Santana da Vargem"}, {"id": "1063", "ano": "2021", "numero": "181", "tipo__sigla": "IND", "tipo__descricao": "Indica\u00e7\u00e3o", "autoria": "Juninho", "texto_original": "http://sapl.santanadavargem.mg.leg.br/media/sapl/public/materialegislativa/2021/1063/28-05-2021_indicacao_36_juninho_1_1.pdf", "ementa": "Indico ao Exm\u00ba Sr. Jos\u00e9 Elias Figueiredo, prefeito municipal, a necessidade de criar linhas de cr\u00e9dito e substitui\u00e7\u00e3o de d\u00edvidas de empresas por doa\u00e7\u00f5es de materiais e equipamentos para a sa\u00fade de forma a suprir a demanda de equipamentos durante a pandemia, bem como doa\u00e7\u00f5es de cestas b\u00e1sicas, para que sejam encaminhadas para as fam\u00edlias de baixa renda que est\u00e3o em quarentena devido \u00e0 pandemia da COVID-19"}, {"id": "1065", "ano": "2021", "numero": "182", "tipo__sigla": "IND", "tipo__descricao": "Indica\u00e7\u00e3o", "autoria": "Juninho", "texto_original": "http://sapl.santanadavargem.mg.leg.br/media/sapl/public/materialegislativa/2021/1065/31-05-2021_indicacao_37_juninho_1.pdf", "ementa": "Indico ao Exm\u00b0 Sr. Jos\u00e9 Elias Figueiredo, prefeito municipal, a necessidade de criar o programa social VALE G\u00c1S."}, {"id": "1066", "ano": "2021", "numero": "183", "tipo__sigla": "IND", "tipo__descricao": "Indica\u00e7\u00e3o", "autoria": "Ezequiel", "texto_original": "http://sapl.santanadavargem.mg.leg.br/media/sapl/public/materialegislativa/2021/1066/27-2021.pdf", "ementa": "Indico ao Exm\u00b0 Sr. Jos\u00e9 Elias Figueiredo, prefeito municipal, a necessidade de limpeza geral, recapeamento em camada asf\u00e1ltica, ilumina\u00e7\u00e3o e placas indicativas sobre ao acesso ao distrito de Santana da Vargem no trevo que d\u00e1 acesso a MG-167, neste munic\u00edpio."}, {"id": "1068", "ano": "2021", "numero": "184", "tipo__sigla": "IND", "tipo__descricao": "Indica\u00e7\u00e3o", "autoria": "Ronalthe", "texto_original": "http://sapl.santanadavargem.mg.leg.br/media/sapl/public/materialegislativa/2021/1068/01-06-2021_indicacao_18-2021_ronalthe_1.pdf", "ementa": "Indico ao Exm\u00b0 Sr. Jos\u00e9 Elias Figueiredo, prefeito municipal, a necessidade de providenciar atendimento 24 horas (plant\u00e3o) na Unidade B\u00e1sica de Sa\u00fade \u201cEvaldo Campos Moura\u201d especificamente no setor de combate ao Covid-19 todos os dias no per\u00edodo de 15 dias conforme justificativa."}, {"id": "1069", "ano": "2021", "numero": "185", "tipo__sigla": "IND", "tipo__descricao": "Indica\u00e7\u00e3o", "autoria": "Ronalthe", "texto_original": "http://sapl.santanadavargem.mg.leg.br/media/sapl/public/materialegislativa/2021/1069/01-06-2021_indicacao_19-2021_ronalthe_1.pdf", "ementa": "Indico ao Exm\u00b0 Sr. Jos\u00e9 Elias Figueiredo, prefeito municipal, a necessidade do poder p\u00fablico assumir a restaura\u00e7\u00e3o das vias p\u00fablicas ap\u00f3s a COPASA fazer suas instala\u00e7\u00f5es e/ou manuten\u00e7\u00f5es no munic\u00edpio."}, {"id": "1070", "ano": "2021", "numero": "186", "tipo__sigla": "IND", "tipo__descricao": "Indica\u00e7\u00e3o", "autoria": "Ronalthe", "texto_original": "http://sapl.santanadavargem.mg.leg.br/media/sapl/public/materialegislativa/2021/1070/01-06-2021_indicacao_20-2021_ronalthe_1.pdf", "ementa": "Indico ao Exm\u00b0 Sr. Jos\u00e9 Elias Figueiredo, prefeito municipal, a necessidade do munic\u00edpio fornecer gratuitamente os cursos de reciclagem ESCOLAR e de EMERG\u00caNCIA, para os motoristas que atuam na \u00e1rea da sa\u00fade e na \u00e1rea escolar."}, {"id": "1071", "ano": "2021", "numero": "187", "tipo__sigla": "IND", "tipo__descricao": "Indica\u00e7\u00e3o", "autoria": "Luiz Felipe", "texto_original": "http://sapl.santanadavargem.mg.leg.br/media/sapl/public/materialegislativa/2021/1071/01-06-2021_indicacao_081-2021_felipao.pdf", "ementa": "Indico ao Exm\u00b0. Sr. Jos\u00e9 Elias Figueiredo, prefeito municipal, a necessidade de criar um aux\u00edlio municipal aos microempres\u00e1rios."}, {"id": "1072", "ano": "2021", "numero": "188", "tipo__sigla": "IND", "tipo__descricao": "Indica\u00e7\u00e3o", "autoria": "Luiz Felipe", "texto_original": "http://sapl.santanadavargem.mg.leg.br/media/sapl/public/materialegislativa/2021/1072/01-06-2021_indicacao_082-2021_felipao.pdf", "ementa": "Indico ao Exm\u00b0. Sr. Jos\u00e9 Elias Figueiredo, prefeito municipal a necessidade de criar um aux\u00edlio municipal aos mun\u00edcipes carentes do munic\u00edpio."}, {"id": "1084", "ano": "2021", "numero": "189", "tipo__sigla": "IND", "tipo__descricao": "Indica\u00e7\u00e3o", "autoria": "Juninho", "texto_original": "http://sapl.santanadavargem.mg.leg.br/media/sapl/public/materialegislativa/2021/1084/indicacao_38_juninho_1.pdf", "ementa": "Indico ao Exm\u00b0 Sr. Jos\u00e9 Elias Figueiredo, prefeito municipal, para que atrav\u00e9s da Secretaria Municipal de Obras, que seja firmado convenio com o Conselho Regional de Engenharia, Arquitetura e Agronomia de Minas Gerais\u2013CREA/MG, para disponibiliza\u00e7\u00e3o de projetos padr\u00e3o \u2013 Moradia Econ\u00f4mica."}, {"id": "1089", "ano": "2021", "numero": "190", "tipo__sigla": "IND", "tipo__descricao": "Indica\u00e7\u00e3o", "autoria": "Juninho", "texto_original": "http://sapl.santanadavargem.mg.leg.br/media/sapl/public/materialegislativa/2021/1089/indicacao_41_juninho_1.pdf", "ementa": "indica\u00e7\u00e3o 41/2021 - Indico ao Exm\u00b0 Sr. Jos\u00e9 Elias Figueiredo, prefeito municipal, a necessidade de colocar a UBS do Pe\u00e3o para funcionar. Bem como colocar uma Ambul\u00e2ncia no referido pr\u00e9dio para servir a popula\u00e7\u00e3o local, at\u00e9 que a UBS comece a funcionar."}, {"id": "1090", "ano": "2021", "numero": "191", "tipo__sigla": "IND", "tipo__descricao": "Indica\u00e7\u00e3o", "autoria": "Juninho", "texto_original": "http://sapl.santanadavargem.mg.leg.br/media/sapl/public/materialegislativa/2021/1090/indicacao_39_juninho_1.pdf", "ementa": "Indica\u00e7\u00e3o 39/2021 - Indico ao Exm\u00b0 Sr. Jos\u00e9 Elias Figueiredo, prefeito municipal, a necessidade de implantar lixeiras de coleta seletiva no bairo Padre Victor."}, {"id": "1091", "ano": "2021", "numero": "192", "tipo__sigla": "IND", "tipo__descricao": "Indica\u00e7\u00e3o", "autoria": "Juninho", "texto_original": "http://sapl.santanadavargem.mg.leg.br/media/sapl/public/materialegislativa/2021/1091/indicacao_40_juninho_1.pdf", "ementa": "Indica\u00e7\u00e3o 40/2021  - Indico ao Exm\u00b0 Sr. Jos\u00e9 Elias Figueiredo, prefeito municipal, a necessidade de colocar ESTACIONAMENTO de lado \u00fanico da Rua boa Esperan\u00e7a, Centro (Zarraia) de Santana da Vargem."}, {"id": "1092", "ano": "2021", "numero": "193", "tipo__sigla": "IND", "tipo__descricao": "Indica\u00e7\u00e3o", "autoria": "Ezequiel", "texto_original": "http://sapl.santanadavargem.mg.leg.br/media/sapl/public/materialegislativa/2021/1092/28-2021_quebra_molas.pdf", "ementa": "Indica\u00e7\u00e3o 28/2021 - Indico ao Exm\u00b0 Sr. Jos\u00e9 Elias Figueiredo, prefeito municipal, a necessidade de implanta\u00e7\u00e3o/constru\u00e7\u00e3o de ondula\u00e7\u00f5es transversais \u201cquebra-molas\u201d nas imedia\u00e7\u00f5es da Avenida Ribeir\u00e3o Santana,  neste munic\u00edpio."}, {"id": "1093", "ano": "2021", "numero": "194", "tipo__sigla": "IND", "tipo__descricao": "Indica\u00e7\u00e3o", "autoria": "Ezequiel", "texto_original": "http://sapl.santanadavargem.mg.leg.br/media/sapl/public/materialegislativa/2021/1093/29-2021.pdf", "ementa": "Indica\u00e7\u00e3o 29-2021  - Indico ao Exm\u00b0 Sr. Jos\u00e9 Elias Figueiredo, prefeito municipal, a necessidade de providenciar ilumina\u00e7\u00e3o p\u00fablica na  Marginal Ribeir\u00e3o Santana,  neste munic\u00edpio."}, {"id": "1105", "ano": "2021", "numero": "195", "tipo__sigla": "IND", "tipo__descricao": "Indica\u00e7\u00e3o", "autoria": "Luiz Felipe", "texto_original": "http://sapl.santanadavargem.mg.leg.br/media/sapl/public/materialegislativa/2021/1105/16-06-2021_indicacao_87_felipao.pdf", "ementa": "Indico ao Exm\u00ba Sr. Jos\u00e9 Elias Figueiredo, prefeito municipal, a necessidade de criar um parque ecol\u00f3gico de preserva\u00e7\u00e3o do meio ambiente aberto \u00e0 visita\u00e7\u00e3o no munic\u00edpio para atra\u00e7\u00e3o de turistas e para lazer do povo vargense"}, {"id": "1106", "ano": "2021", "numero": "196", "tipo__sigla": "IND", "tipo__descricao": "Indica\u00e7\u00e3o", "autoria": "Luiz Felipe", "texto_original": "http://sapl.santanadavargem.mg.leg.br/media/sapl/public/materialegislativa/2021/1106/16-06-2021_indicacao_88_felipao.pdf", "ementa": "Indico ao Exm\u00ba Sr. Jos\u00e9 Elias Figueiredo, prefeito municipal, a necessidade de criar um represamento de \u00e1gua para servir como reservat\u00f3rio reserva caso venha a faltar"}, {"id": "1107", "ano": "2021", "numero": "197", "tipo__sigla": "IND", "tipo__descricao": "Indica\u00e7\u00e3o", "autoria": "Luiz Felipe", "texto_original": "http://sapl.santanadavargem.mg.leg.br/media/sapl/public/materialegislativa/2021/1107/16-06-2021_indicacao_089_felipao.pdf", "ementa": "Indico ao Exm\u00ba sr. Jos\u00e9 Elias Figueiredo, prefeito municipal, a necessidade de tomar algumas provid\u00eancias como a coloca\u00e7\u00e3o de uma placa para que os caminh\u00f5es n\u00e3o transitem na rua Jos\u00e9 Justino, no bairro Zarraia"}, {"id": "1108", "ano": "2021", "numero": "198", "tipo__sigla": "IND", "tipo__descricao": "Indica\u00e7\u00e3o", "autoria": "Luiz Felipe", "texto_original": "http://sapl.santanadavargem.mg.leg.br/media/sapl/public/materialegislativa/2021/1108/16-06-2021_indicqacao_090_felipao.pdf", "ementa": "Indico ao Exm\u00ba Sr. Jos\u00e9 Elias Figueiredo, prefeito municipal, a necessidade de colocar uma placa de proibido o tr\u00e2nsito de caminh\u00f5es pesados na Rua Miguel Ant\u00f4nio da Silva"}, {"id": "1109", "ano": "2021", "numero": "199", "tipo__sigla": "IND", "tipo__descricao": "Indica\u00e7\u00e3o", "autoria": "Luiz Felipe", "texto_original": "http://sapl.santanadavargem.mg.leg.br/media/sapl/public/materialegislativa/2021/1109/18-06-2021_indicacao_91_felipao.pdf", "ementa": "Indico ao Exm\u00ba Sr. Jos\u00e9 Elias Figueiredo, prefeito municipal, a necessidade de entrar em contato com a Assembleia Legislativa para trazer para um castra-m\u00f3vel para castrar os animais de rua"}, {"id": "1110", "ano": "2021", "numero": "200", "tipo__sigla": "IND", "tipo__descricao": "Indica\u00e7\u00e3o", "autoria": "Luiz Felipe", "texto_original": "http://sapl.santanadavargem.mg.leg.br/media/sapl/public/materialegislativa/2021/1110/18-06-2021_indicacao_092_-_2021_felipao.pdf", "ementa": "Reiterando a indica\u00e7\u00e3o 064/2021 indico ao Exm\u00ba Sr. Jos\u00e9 Elias Figueiredo, prefeito municipal, a necessidade de providenciar a instala\u00e7\u00e3o de \"Esta\u00e7\u00f5es de Sustentabilidade\" em pontos estrat\u00e9gicos da cidade, conforme a foto que segue em anexo."}, {"id": "1111", "ano": "2021", "numero": "201", "tipo__sigla": "IND", "tipo__descricao": "Indica\u00e7\u00e3o", "autoria": "Luiz Felipe", "texto_original": "http://sapl.santanadavargem.mg.leg.br/media/sapl/public/materialegislativa/2021/1111/18-06-2021indicacao_093_-_2021_felipao.pdf", "ementa": "Indico ao Exm\u00ba Sr. Jos\u00e9 Elias Figueiredo, prefeito municipal, a necessidade de providenciar a manuten\u00e7\u00e3o e realizar uma drenagem na rua Tenente Pereira."}, {"id": "1113", "ano": "2021", "numero": "202", "tipo__sigla": "IND", "tipo__descricao": "Indica\u00e7\u00e3o", "autoria": "Juninho", "texto_original": "http://sapl.santanadavargem.mg.leg.br/media/sapl/public/materialegislativa/2021/1113/indicacao_43_juninho_1.pdf", "ementa": "Indica\u00e7\u00e3o 43/2021 - Indico ao Exm\u00b0 Sr. Jos\u00e9 Elias Figueiredo, prefeito municipal, a necessidade de resolver o problema de enchentes nas casas da Sra. Magna Helena Botelho, situado a rua Nelson Pereira Vilela, n\u00b0 95 e Jos\u00e9 Ant\u00f4nio Lino (Toninho da Vita), situado a rua Nelson Pereira Vilela n\u00b083."}, {"id": "1114", "ano": "2021", "numero": "203", "tipo__sigla": "IND", "tipo__descricao": "Indica\u00e7\u00e3o", "autoria": "Juninho", "texto_original": "http://sapl.santanadavargem.mg.leg.br/media/sapl/public/materialegislativa/2021/1114/indicacao_44_juninho_1.pdf", "ementa": "Indica\u00e7\u00e3o 44/221 - Indico ao Exm\u00b0 Sr. Jos\u00e9 Elias Figueiredo, prefeito municipal, a necessidade de criar nas escolas da Rede Municipal de Ensino um programa que visa apresentar a import\u00e2ncia da doa\u00e7\u00e3o de medula, de \u00f3rg\u00e3os e de sangue aos alunos."}, {"id": "1115", "ano": "2021", "numero": "204", "tipo__sigla": "IND", "tipo__descricao": "Indica\u00e7\u00e3o", "autoria": "Ezequiel", "texto_original": "http://sapl.santanadavargem.mg.leg.br/media/sapl/public/materialegislativa/2021/1115/30-2021_limpeza_de_terreno.pdf", "ementa": "Indica\u00e7\u00e3o 30/2021 - Indico ao Exm\u00b0 Sr. Jos\u00e9 Elias Figueiredo, prefeito municipal, a necessidade de limpeza do terreno localizado na Rua Jo\u00e3o Rossi de Figueiredo, pr\u00f3ximo ao Bairro Novo, neste munic\u00edpio."}, {"id": "1116", "ano": "2021", "numero": "205", "tipo__sigla": "IND", "tipo__descricao": "Indica\u00e7\u00e3o", "autoria": "Ezequiel", "texto_original": "http://sapl.santanadavargem.mg.leg.br/media/sapl/public/materialegislativa/2021/1116/31-2021_limpeza_de_terreno.pdf", "ementa": "Indica\u00e7\u00e3o 31/2021 - Indico ao Exm\u00b0 Sr. Jos\u00e9 Elias Figueiredo, prefeito municipal, tome provid\u00eancias quanto \u00e0 limpeza e manuten\u00e7\u00e3o de bueiro, na Avenida Nelson Pereira Vilela, ao lado da COOPAV, neste munic\u00edpio."}, {"id": "1118", "ano": "2021", "numero": "206", "tipo__sigla": "IND", "tipo__descricao": "Indica\u00e7\u00e3o", "autoria": "Luiz Felipe", "texto_original": "http://sapl.santanadavargem.mg.leg.br/media/sapl/public/materialegislativa/2021/1118/21-06-2021_indicacao_094_-_2021_felipao.pdf", "ementa": "Indico ao Exm\u00ba Sr. Jos\u00e9 Elias Figueiredo, prefeito municipal, a necessidade de providenciar a limpeza \"desinfec\u00e7\u00e3o\" dos locais onde houve aglomera\u00e7\u00f5es como em frente a mercados, pra\u00e7as, ou qualquer outro lugar de grande movimenta\u00e7\u00e3o"}, {"id": "1124", "ano": "2021", "numero": "207", "tipo__sigla": "IND", "tipo__descricao": "Indica\u00e7\u00e3o", "autoria": "Luiz Felipe", "texto_original": "http://sapl.santanadavargem.mg.leg.br/media/sapl/public/materialegislativa/2021/1124/28-06-2021_indicacao_095_-_2021_felipao.pdf", "ementa": "Indico ao Exm\u00ba Sr. Jos\u00e9 Elias Figueiredo, prefeito municipal, a necessidade de providenciar a conclus\u00e3o da obra ao lado do PET."}, {"id": "1125", "ano": "2021", "numero": "208", "tipo__sigla": "IND", "tipo__descricao": "Indica\u00e7\u00e3o", "autoria": "Luiz Felipe", "texto_original": "http://sapl.santanadavargem.mg.leg.br/media/sapl/public/materialegislativa/2021/1125/28-06-2021_indicacao_096_-_2021_felipao.pdf", "ementa": "Indico ao Exm\u00b0 Sr. Jos\u00e9 Elias Figueiredo, prefeito municipal a necessidade de criar um cart\u00e3o de cr\u00e9dito no valor R$100,00 para contribuir com as despesas das fam\u00edlias carentes para ser utilizado nos com\u00e9rcios do munic\u00edpio"}, {"id": "1126", "ano": "2021", "numero": "209", "tipo__sigla": "IND", "tipo__descricao": "Indica\u00e7\u00e3o", "autoria": "Luiz Felipe", "texto_original": "http://sapl.santanadavargem.mg.leg.br/media/sapl/public/materialegislativa/2021/1126/28-06-2021_indicacao_097_-_2021_felipao_1.pdf", "ementa": "Indico ao Exm\u00ba Sr. Jos\u00e9 Elias Figueiredos, prefeito municipal, a necessidade de verificar a possibilidade de realizar processo seletivo ou concurso p\u00fablico"}, {"id": "1127", "ano": "2021", "numero": "210", "tipo__sigla": "IND", "tipo__descricao": "Indica\u00e7\u00e3o", "autoria": "Luiz Felipe", "texto_original": "http://sapl.santanadavargem.mg.leg.br/media/sapl/public/materialegislativa/2021/1127/28-06-2021_indicacao_098_-_2021_felipao_1.pdf", "ementa": "Indico ao Exm\u00b0 Sr. Jos\u00e9 Elias Figueiredo, prefeito municipal a necessidade de providenciar a manuten\u00e7\u00e3o e a drenagem da rua Sebasti\u00e3o Manuel Bento nas imedia\u00e7\u00f5es do n\u00ba 50, centro"}, {"id": "1128", "ano": "2021", "numero": "211", "tipo__sigla": "IND", "tipo__descricao": "Indica\u00e7\u00e3o", "autoria": "Juninho", "texto_original": "http://sapl.santanadavargem.mg.leg.br/media/sapl/public/materialegislativa/2021/1128/indicacao_45_juninho_1.pdf", "ementa": "INDICA\u00c7\u00c3O N\u00b0 45/2021 - Indico ao Exm\u00b0 Sr. Jos\u00e9 Elias Figueiredo, prefeito municipal, a necessidade de manuten\u00e7\u00e3o na ilumina\u00e7\u00e3o da Avenida H\u00e9lio Terra."}, {"id": "1129", "ano": "2021", "numero": "212", "tipo__sigla": "IND", "tipo__descricao": "Indica\u00e7\u00e3o", "autoria": "Juninho", "texto_original": "http://sapl.santanadavargem.mg.leg.br/media/sapl/public/materialegislativa/2021/1129/indicacao_46_juninho_1.pdf", "ementa": "INDICA\u00c7\u00c3O N\u00b0 46/2021-Indico ao Exm\u00b0 Sr. Jos\u00e9 Elias Figueiredo, prefeito municipal, a necessidade de instalar grades de prote\u00e7\u00e3o nas pontes e no parquinho da Avenida H\u00e9lio Terra."}, {"id": "1130", "ano": "2021", "numero": "213", "tipo__sigla": "IND", "tipo__descricao": "Indica\u00e7\u00e3o", "autoria": "Ezequiel", "texto_original": "http://sapl.santanadavargem.mg.leg.br/media/sapl/public/materialegislativa/2021/1130/indicacao_32-2021_insalubridade_servidores_da_saude_-camara_municipal_de_santana_da_vargem.pdf", "ementa": "INDICA\u00c7\u00c3O N\u00b0 32/2021 -      INDICO ao Exmo. Sr. Jos\u00e9 Elias Figueiredo, Prefeito municipal, a elabora\u00e7\u00e3o de um projeto de lei que disponha sobre o pagamento de adicional de insalubridade no percentual de 40%aos trabalhadores da sa\u00fade do munic\u00edpio de Santana da Vargem."}, {"id": "1131", "ano": "2021", "numero": "214", "tipo__sigla": "IND", "tipo__descricao": "Indica\u00e7\u00e3o", "autoria": "Ezequiel", "texto_original": "http://sapl.santanadavargem.mg.leg.br/media/sapl/public/materialegislativa/2021/1131/indicacao33-2021_placa_de_pare_-camara_municipal_de_santana_da_vargem.pdf", "ementa": "INDICA\u00c7\u00c3O N\u00b0   33/2021   INDICO ao Exmo. Sr. Jos\u00e9 Elias Figueiredo, Prefeito municipal, indico que instale uma  placa de PARE ou um sinal semaf\u00f3rico entre a travessa da Rua Domingos Viera de Lima juntamente com a Avenida Prefeito Hernani Pereira Scatolino, nas imedia\u00e7\u00f5es do supermercado SW."}, {"id": "1133", "ano": "2021", "numero": "215", "tipo__sigla": "IND", "tipo__descricao": "Indica\u00e7\u00e3o", "autoria": "Juninho", "texto_original": "http://sapl.santanadavargem.mg.leg.br/media/sapl/public/materialegislativa/2021/1133/indicacao_47_juninho_1.pdf", "ementa": "Indica\u00e7\u00e3o 47-2021 - Indico ao Exm\u00b0 Sr. Jos\u00e9 Elias Figueiredo, prefeito municipal, a necessidade da secretaria de sa\u00fade realizar um acompanhamento com m\u00e9dico, psic\u00f3logo e fisioterapeuta  aos pacientes recuperados que foram internados com a Covid-19 e acompanhamento  psicol\u00f3gico aos mun\u00edcipes que perderam um familiar devido a  Covid-19."}, {"id": "1139", "ano": "2021", "numero": "216", "tipo__sigla": "IND", "tipo__descricao": "Indica\u00e7\u00e3o", "autoria": "Ronalthe", "texto_original": "http://sapl.santanadavargem.mg.leg.br/media/sapl/public/materialegislativa/2021/1139/05-07-2021_indicacao_22-2021_ronalthe_1.pdf", "ementa": "Indico ao Exm\u00ba Sr. Jos\u00e9 Elias Figueiredo, prefeito municipal, que an\u00e1lise com disposi\u00e7\u00e3o a possibilidade do poder p\u00fablico em conjunto com parceiros do setor privado, confeccionar e doar \"carrinhos de coleta\" aos coletores de lixo recicl\u00e1vel do nosso munic\u00edpio."}, {"id": "1140", "ano": "2021", "numero": "217", "tipo__sigla": "IND", "tipo__descricao": "Indica\u00e7\u00e3o", "autoria": "Ronalthe", "texto_original": "http://sapl.santanadavargem.mg.leg.br/media/sapl/public/materialegislativa/2021/1140/05-07-2021_indicacao_23-2021_ronalthe.pdf", "ementa": "Indico ao Exm\u00ba Sr. Jos\u00e9 Elias Figueiredo, prefeito municipal, a necessidade de realizar a troca t\u00eanue grade pela constru\u00e7\u00e3o de um muro em frente do Destacamento da Pol\u00edcia Militar do nosso munic\u00edpio conforme justificativa"}, {"id": "1141", "ano": "2021", "numero": "218", "tipo__sigla": "IND", "tipo__descricao": "Indica\u00e7\u00e3o", "autoria": "Luiz Felipe", "texto_original": "http://sapl.santanadavargem.mg.leg.br/media/sapl/public/materialegislativa/2021/1141/05-07-2021_indicacao_099_-_2021_felipao.pdf", "ementa": "Indico ao Exm\u00b0 Sr. Jos\u00e9 Elias Figueiredo, prefeito municipal a necessidade de equilibrar a doa\u00e7\u00e3o de fraudas em quantidades suficientes \u00e0s demandas dos mun\u00edcipes que necessitam"}, {"id": "1142", "ano": "2021", "numero": "219", "tipo__sigla": "IND", "tipo__descricao": "Indica\u00e7\u00e3o", "autoria": "Luiz Felipe", "texto_original": "http://sapl.santanadavargem.mg.leg.br/media/sapl/public/materialegislativa/2021/1142/05-7-2021indicacao_100_-_2021_felipao.pdf", "ementa": "Indico ao Exm\u00ba Sr. Jos\u00e9 Elias Figueiredo, prefeito municipal a necessidade de providenciar a manuten\u00e7\u00e3o e a drenagem da rua Totonho Machado"}, {"id": "1143", "ano": "2021", "numero": "220", "tipo__sigla": "IND", "tipo__descricao": "Indica\u00e7\u00e3o", "autoria": "Luiz Felipe", "texto_original": "http://sapl.santanadavargem.mg.leg.br/media/sapl/public/materialegislativa/2021/1143/05-07-2021_indicacao_101-2021_felipao_1.pdf", "ementa": "Indico ao Exm\u00ba Sr. Jos\u00e9 Elias Figueiredo, prefeito municipal, a necessidade de custear integralmente o transporte dos estudantes carentes do munic\u00edpio que fazem curso superior ou curso t\u00e9cnico e precisam se deslocar a outros munic\u00edpios."}, {"id": "1144", "ano": "2021", "numero": "221", "tipo__sigla": "IND", "tipo__descricao": "Indica\u00e7\u00e3o", "autoria": "Luiz Felipe", "texto_original": "http://sapl.santanadavargem.mg.leg.br/media/sapl/public/materialegislativa/2021/1144/05-072021indicacao_102-2021_felipao.pdf", "ementa": "Indico ao Exm\u00ba Sr. Jos\u00e9 Elias Figueiredo, prefeito municipal, a necessidade de providenciar um trator comunit\u00e1rio e um ro\u00e7adeira para ajudar os pequenos produtores nas zonas rurais a fazer um plantio e ro\u00e7ar seus terrenos"}, {"id": "1147", "ano": "2021", "numero": "222", "tipo__sigla": "IND", "tipo__descricao": "Indica\u00e7\u00e3o", "autoria": "Luiz Felipe", "texto_original": "http://sapl.santanadavargem.mg.leg.br/media/sapl/public/materialegislativa/2021/1147/05-07-2021_indicacao_103-2021_felipao.pdf", "ementa": "Indico ao Exm\u00b0 Sr. Jos\u00e9 Elias Figueiredo, prefeito municipal, a\r\nnecessidade de providenciar a vistoria das \u00e1rvores da Avenida Brasil e verificar\r\na situa\u00e7\u00e3o de uma \u00e1rvore com a raiz aparentemente apodrecida em frente ao\r\nn\u00famero 163 pertencente \u00e0 Papelaria do Z\u00e9 Domingos."}, {"id": "1148", "ano": "2021", "numero": "223", "tipo__sigla": "IND", "tipo__descricao": "Indica\u00e7\u00e3o", "autoria": "Luiz Felipe", "texto_original": "http://sapl.santanadavargem.mg.leg.br/media/sapl/public/materialegislativa/2021/1148/05-07-2021indicacao_104-2021_felipao.pdf", "ementa": "Indico ao Exm\u00b0 Sr. Jos\u00e9 Elias Figueiredo, prefeito municipal, a necessidade\r\nde providenciar o concerto da ponte do S\u00edtio Bela vista e da Fazenda da Prata,\r\nambas na divisa com o munic\u00edpio de Coqueiral."}, {"id": "1149", "ano": "2021", "numero": "224", "tipo__sigla": "IND", "tipo__descricao": "Indica\u00e7\u00e3o", "autoria": "Luiz Felipe", "texto_original": "http://sapl.santanadavargem.mg.leg.br/media/sapl/public/materialegislativa/2021/1149/05-07-2021_indicacao_105-2021_felipao.pdf", "ementa": "Indico ao Exm\u00b0 Sr. Jos\u00e9 Elias Figueiredo, prefeito municipal, a\r\nnecessidade de abrir o PSF mais cedo para que as pessoas possam tirar a ficha,\r\nprincipalmente as que moram ou trabalham na zona rural. O hor\u00e1rio poderia ser\r\na partir das 6 horas da manh\u00e3."}, {"id": "1150", "ano": "2021", "numero": "225", "tipo__sigla": "IND", "tipo__descricao": "Indica\u00e7\u00e3o", "autoria": "Juninho", "texto_original": "http://sapl.santanadavargem.mg.leg.br/media/sapl/public/materialegislativa/2021/1150/indicacao_49_juninho_1.pdf", "ementa": "Indica\u00e7\u00e3o 49/2021 - Indico ao Exm\u00b0 Sr. Jos\u00e9 Elias Figueiredo, prefeito municipal, a necessidade de analisar a possibilidade de realizar o projeto de Lei est\u00e1gio legal, que visa incentiva as empresas a contratar estagi\u00e1rios e em contrapartida receber benef\u00edcios fiscais do executivo."}, {"id": "1151", "ano": "2021", "numero": "226", "tipo__sigla": "IND", "tipo__descricao": "Indica\u00e7\u00e3o", "autoria": "Juninho", "texto_original": "http://sapl.santanadavargem.mg.leg.br/media/sapl/public/materialegislativa/2021/1151/indicacao_48_juninho_1.pdf", "ementa": "INDICA\u00c7\u00c3O N\u00b0 48/2021 - Indico ao Exm\u00b0 Sr. Jos\u00e9 Elias Figueiredo, prefeito municipal, a necessidade de manuten\u00e7\u00e3o de todas as ruas do Bairro S\u00e3o Domingos."}, {"id": "1152", "ano": "2021", "numero": "227", "tipo__sigla": "IND", "tipo__descricao": "Indica\u00e7\u00e3o", "autoria": "Juninho", "texto_original": "http://sapl.santanadavargem.mg.leg.br/media/sapl/public/materialegislativa/2021/1152/indicacao_50_juninho_1.pdf", "ementa": "INDICA\u00c7\u00c3O N\u00b0 50/2021 - Indico ao Exm\u00b0 Sr. Jos\u00e9 Elias Figueiredo, prefeito municipal, a necessidade de implantar placas de \u201cProibido jogar lixo\u201d, na marginal Ribeir\u00e3o Santana e Avenida H\u00e9lio Terra."}, {"id": "1154", "ano": "2021", "numero": "228", "tipo__sigla": "IND", "tipo__descricao": "Indica\u00e7\u00e3o", "autoria": "Ronalthe", "texto_original": "http://sapl.santanadavargem.mg.leg.br/media/sapl/public/materialegislativa/2021/1154/indicacao_24-2021_ronalthe_3.pdf", "ementa": "Indico ao Exm\u00ba Sr. Jos\u00e9 Elias Figueiredo, prefeito municipal, a necessidade do pagamento do atual adicional de insalubridade no percentual de 20% do sal\u00e1rio espec\u00edfico aos colaboradores que atual nas recep\u00e7\u00f5es das \u00e1reas afins da sa\u00fade do nosso munic\u00edpio"}, {"id": "1155", "ano": "2021", "numero": "229", "tipo__sigla": "IND", "tipo__descricao": "Indica\u00e7\u00e3o", "autoria": "Ezequiel", "texto_original": "http://sapl.santanadavargem.mg.leg.br/media/sapl/public/materialegislativa/2021/1155/33-2021_placa.pdf", "ementa": "INDICA\u00c7\u00c3O N\u00b0 33/2021 \u2013 Indico ao Exm\u00b0 Sr. Jos\u00e9 Elias Figueiredo, prefeito municipal, a coloca\u00e7\u00e3o de uma placa de proibido o tr\u00e1fego de caminh\u00f5es e m\u00e1quinas pesadas, com inicicio na Rua Colotario Afonso de Paula com termino na Travessa com Domingos Vieira de Lima, neste munic\u00edpio."}, {"id": "1156", "ano": "2021", "numero": "230", "tipo__sigla": "IND", "tipo__descricao": "Indica\u00e7\u00e3o", "autoria": "Ezequiel", "texto_original": "http://sapl.santanadavargem.mg.leg.br/media/sapl/public/materialegislativa/2021/1156/32-2021.pdf", "ementa": "INDICA\u00c7\u00c3O N\u00b0 32/2021 \u2013 Indico ao Exm\u00b0 Sr. Jos\u00e9 Elias Figueiredo, prefeito municipal, a melhoria nas redes de esgoto e \u00e1gua pluvial da Rua Ant\u00f4nio Carlos da Silva, neste munic\u00edpio, com urg\u00eancia antes do per\u00edodo chuvoso."}, {"id": "1157", "ano": "2021", "numero": "231", "tipo__sigla": "IND", "tipo__descricao": "Indica\u00e7\u00e3o", "autoria": "Ezequiel", "texto_original": "http://sapl.santanadavargem.mg.leg.br/media/sapl/public/materialegislativa/2021/1157/34-2021_caminhao_pipa.pdf", "ementa": "INDICA\u00c7\u00c3O N\u00b0 34/2021 \u2013 Indico ao Exm\u00b0 Sr. Jos\u00e9 Elias Figueiredo, prefeito municipal, necessidade da passagem do caminh\u00e3o pipa para molhar a estrada, com regularidade, no m\u00ednimo duas vezes por semana no bairro S\u00e3o Louren\u00e7o, neste munic\u00edpio."}, {"id": "1158", "ano": "2021", "numero": "232", "tipo__sigla": "IND", "tipo__descricao": "Indica\u00e7\u00e3o", "autoria": "Ezequiel", "texto_original": "http://sapl.santanadavargem.mg.leg.br/media/sapl/public/materialegislativa/2021/1158/indicacao_06-2021_-camara_municipal_de_santana_da_vargem.docx_catadores_de_lixo_reciclaveis.pdf", "ementa": "INDICA\u00c7\u00c3O N\u00b0    35/2021 \u2013   INDICO ao Exmo. Sr. Jos\u00e9 Elias Figueiredo, Prefeito municipal, a necessidade de dar apoio e inclus\u00e3o dos catadores de materiais recicl\u00e1veis do munic\u00edpio de Santana da Vargem."}, {"id": "1163", "ano": "2021", "numero": "233", "tipo__sigla": "IND", "tipo__descricao": "Indica\u00e7\u00e3o", "autoria": "Luiz Felipe", "texto_original": "http://sapl.santanadavargem.mg.leg.br/media/sapl/public/materialegislativa/2021/1163/07-07-2021_indicacao_106-2021_felipao.pdf", "ementa": "Indico ao Exm\u00b0 Sr. Jos\u00e9 Elias Figueiredo, prefeito municipal, a necessidade de providenciar a instala\u00e7\u00e3o de parquinhos em todas as comunidades rurais."}, {"id": "1165", "ano": "2021", "numero": "234", "tipo__sigla": "IND", "tipo__descricao": "Indica\u00e7\u00e3o", "autoria": "Luiz Felipe", "texto_original": "http://sapl.santanadavargem.mg.leg.br/media/sapl/public/materialegislativa/2021/1165/09-07-2021_indicacao_107-2021_felipao.pdf", "ementa": "Indico ao Exm\u00ba Sr. Jos\u00e9 Elias Figueiredo, prefeito municipal, a necessidade de providenciar a reconstru\u00e7\u00e3o da rede pluvial em toda a extens\u00e3o da Rua Domingos Vieira de Lima"}, {"id": "1166", "ano": "2021", "numero": "235", "tipo__sigla": "IND", "tipo__descricao": "Indica\u00e7\u00e3o", "autoria": "Juninho", "texto_original": "http://sapl.santanadavargem.mg.leg.br/media/sapl/public/materialegislativa/2021/1166/indicacao_51_juninho_1.docx", "ementa": "INDICA\u00c7\u00c3O N\u00b0 51/2021 \u2013 Indico ao Exm\u00b0 Sr. Jos\u00e9 Elias Figueiredo, prefeito municipal, a necessidade de criar um projeto de incentivo \u00e0 pr\u00e1tica espotiva de idosos."}, {"id": "1167", "ano": "2021", "numero": "236", "tipo__sigla": "IND", "tipo__descricao": "Indica\u00e7\u00e3o", "autoria": "Juninho", "texto_original": "http://sapl.santanadavargem.mg.leg.br/media/sapl/public/materialegislativa/2021/1167/indicacao_52_juninho_1.pdf", "ementa": "INDICA\u00c7\u00c3O N\u00b0 52/2021 \u2013Indico ao Exm\u00b0 Sr. Jos\u00e9 Elias Figueiredo, prefeito municipal, a necessidade de alterar o hor\u00e1rio da coleta de lixo para o per\u00edodo da tarde. Sendo das 16:00 \u00e0s 20:00 por exemplo."}, {"id": "1168", "ano": "2021", "numero": "237", "tipo__sigla": "IND", "tipo__descricao": "Indica\u00e7\u00e3o", "autoria": "Juninho", "texto_original": "http://sapl.santanadavargem.mg.leg.br/media/sapl/public/materialegislativa/2021/1168/indicacao_53_juninho_1.pdf", "ementa": "INDICA\u00c7\u00c3O N\u00b0 53/2021 \u2013 Indico ao Exm\u00b0 Sr. Jos\u00e9 Elias Figueiredo, prefeito municipal, a necessidade de colocar lixeiras nas ruas do munic\u00edpio, para facilitar a coleta e contribuir muito com a limpeza da cidade."}, {"id": "1169", "ano": "2021", "numero": "238", "tipo__sigla": "IND", "tipo__descricao": "Indica\u00e7\u00e3o", "autoria": "Juninho", "texto_original": "http://sapl.santanadavargem.mg.leg.br/media/sapl/public/materialegislativa/2021/1169/indicacao_54_juninho_1.pdf", "ementa": "INDICA\u00c7\u00c3O N\u00b0 54/2021 \u2013Indico ao Exm\u00b0 Sr. Jos\u00e9 Elias Figueiredo, prefeito municipal, a necessidade de realizar o curso de primeiros socorros aos servidores e professores da creche Doce Vida e Escolas de educa\u00e7\u00e3o infantil."}, {"id": "1170", "ano": "2021", "numero": "239", "tipo__sigla": "IND", "tipo__descricao": "Indica\u00e7\u00e3o", "autoria": "Luiz Felipe", "texto_original": "http://sapl.santanadavargem.mg.leg.br/media/sapl/public/materialegislativa/2021/1170/13-07-2021_indicacao_108-2021_felipao.pdf", "ementa": "Indico ao Exm\u00b0 Sr. Jos\u00e9 Elias Figueiredo, prefeito municipal, a necessidade de que no ano que vem o poder p\u00fablico municipal possa fornecer uniformes e material escolar para os alunos que retornar\u00e3o \u00e0s aulas presenciais."}, {"id": "1171", "ano": "2021", "numero": "240", "tipo__sigla": "IND", "tipo__descricao": "Indica\u00e7\u00e3o", "autoria": "Luiz Felipe", "texto_original": "http://sapl.santanadavargem.mg.leg.br/media/sapl/public/materialegislativa/2021/1171/13-07-2021_indicacao_109-2021_felipao.pdf", "ementa": "Indico ao Exm\u00b0 Sr. Jos\u00e9 Elias Figueiredo, prefeito municipal, a necessidade de que o poder p\u00fablico municipal possa fornecer tablets para os alunos mediante termo de responsabilidade."}, {"id": "1172", "ano": "2021", "numero": "241", "tipo__sigla": "IND", "tipo__descricao": "Indica\u00e7\u00e3o", "autoria": "Luiz Felipe", "texto_original": "http://sapl.santanadavargem.mg.leg.br/media/sapl/public/materialegislativa/2021/1172/13-07-1990_indicacao_110-2021_felipao.pdf", "ementa": "Indico ao Exm\u00b0 Sr. Jos\u00e9 Elias Figueiredo, prefeito municipal, a necessidade de providenciar a instala\u00e7\u00e3o de uma lixeira na esquina da rua Jo\u00e3o Rossi, perto do n\u00b0 520."}, {"id": "1189", "ano": "2021", "numero": "242", "tipo__sigla": "IND", "tipo__descricao": "Indica\u00e7\u00e3o", "autoria": "Luiz Felipe", "texto_original": "http://sapl.santanadavargem.mg.leg.br/media/sapl/public/materialegislativa/2021/1189/21-07-2021_indicacao_111-2021_felipao.pdf", "ementa": "Indico ao Exm\u00ba Sr. Jos\u00e9 Elias Figueiredo, prefeito municipal, a necessidade de providenciar a manuten\u00e7\u00e3o da ponte do pe\u00e3o"}, {"id": "1190", "ano": "2021", "numero": "243", "tipo__sigla": "IND", "tipo__descricao": "Indica\u00e7\u00e3o", "autoria": "Luiz Felipe", "texto_original": "http://sapl.santanadavargem.mg.leg.br/media/sapl/public/materialegislativa/2021/1190/21-07-2021_indicacao_112-2021_felipao.pdf", "ementa": "Indico ao Exm\u00b0 Sr. Jos\u00e9 Elias Figueiredo, prefeito municipal, a necessidade de providenciar a marca\u00e7\u00e3o de alguns lugares para estacionamento para idosos no entorno das pra\u00e7as"}, {"id": "1192", "ano": "2021", "numero": "244", "tipo__sigla": "IND", "tipo__descricao": "Indica\u00e7\u00e3o", "autoria": "Luiz Felipe", "texto_original": "http://sapl.santanadavargem.mg.leg.br/media/sapl/public/materialegislativa/2021/1192/22-07-2021_indicacao_113-2021_felipao.pdf", "ementa": "Indico ao Exm\u00b0 Sr. Jos\u00e9 Elias Figueiredo, prefeito municipal, a necessidade de estudar em meio, junto aos sindicatos, de providenciar apoio aos produtores e trabalhadores rurais que devido \u00e0 ocorr\u00eancia de geadas tiveram suas planta\u00e7\u00f5es (caf\u00e9, verduras, etc) prejudicadas"}, {"id": "1193", "ano": "2021", "numero": "245", "tipo__sigla": "IND", "tipo__descricao": "Indica\u00e7\u00e3o", "autoria": "Jackson Luiz", "texto_original": "http://sapl.santanadavargem.mg.leg.br/media/sapl/public/materialegislativa/2021/1193/10_escorpioes.pdf", "ementa": "Indico ao Exm\u00b0 Sr. Jos\u00e9 Elias de Figueiredo, prefeito municipal, a realiza\u00e7\u00e3o de uma for\u00e7a tarefa junto \u00e0 vigil\u00e2ncia sanit\u00e1ria com intuito de combater e sanar o problema de surgimento de escorpi\u00f5es nas media\u00e7\u00f5es da rua Domingos Vieira de Lima com a rua Jos\u00e9 dos Santos Maganha."}, {"id": "1196", "ano": "2021", "numero": "246", "tipo__sigla": "IND", "tipo__descricao": "Indica\u00e7\u00e3o", "autoria": "Luiz Felipe", "texto_original": "http://sapl.santanadavargem.mg.leg.br/media/sapl/public/materialegislativa/2021/1196/indicacao_114-2021_felipao.pdf", "ementa": "Indico ao Exm\u00b0 Sr. Jos\u00e9 Elias Figueiredo, prefeito municipal, a necessidade de providenciar a pavimenta\u00e7\u00e3o da rua Dona Calira no Bairro S\u00e3o  Domingos"}, {"id": "1197", "ano": "2021", "numero": "247", "tipo__sigla": "IND", "tipo__descricao": "Indica\u00e7\u00e3o", "autoria": "Luiz Felipe", "texto_original": "http://sapl.santanadavargem.mg.leg.br/media/sapl/public/materialegislativa/2021/1197/indicacao_115-2021_felipao_1.pdf", "ementa": "Indico ao Exm\u00b0 Sr. Jos\u00e9 Elias Figueiredo, prefeito municipal, a  necessidade de providenciar a instala\u00e7\u00e3o de uma academia de barras"}, {"id": "1201", "ano": "2021", "numero": "248", "tipo__sigla": "IND", "tipo__descricao": "Indica\u00e7\u00e3o", "autoria": "Juninho", "texto_original": "http://sapl.santanadavargem.mg.leg.br/media/sapl/public/materialegislativa/2021/1201/02-08-2021_indicacao_55_juninho_1_1.pdf", "ementa": "Indico ao Exm\u00ba Sr. Jos\u00e9 Elias Figueiredo, prefeito municipal, a necessidade de instalar caixas de conten\u00e7\u00e3o de lixo nos bueiros do munic\u00edpio, que permite a passagem de \u00e1gua e ret\u00e9m os res\u00edduos s\u00f3lidos"}, {"id": "1202", "ano": "2021", "numero": "249", "tipo__sigla": "IND", "tipo__descricao": "Indica\u00e7\u00e3o", "autoria": "Silmara Girlaine", "texto_original": "http://sapl.santanadavargem.mg.leg.br/media/sapl/public/materialegislativa/2021/1202/02-08-2021_indicacao_56_juninho_1.pdf", "ementa": "Indico ao Exm\u00ba Sr. Jos\u00e9 Elias Figueiredo, prefeito municipal, a necessidade de um repasse monet\u00e1rio trimestral ou semestral aos times de futebol amados do munic\u00edpio. Bem como o investimento nas demais modalidades"}, {"id": "1203", "ano": "2021", "numero": "250", "tipo__sigla": "IND", "tipo__descricao": "Indica\u00e7\u00e3o", "autoria": "Juninho", "texto_original": "http://sapl.santanadavargem.mg.leg.br/media/sapl/public/materialegislativa/2021/1203/03-08-2021_indicacao_57_juninho_1.pdf", "ementa": "Indico ao Exm\u00b0 Sr. Jos\u00e9 Elias Figueiredo, prefeito municipal, a necessidade de o exemplo da prefeitura de Alfenas e alocar casinhas com cobertores para animais de rua do munic\u00edpio afim de proteg\u00ea-los do frio"}, {"id": "1204", "ano": "2021", "numero": "251", "tipo__sigla": "IND", "tipo__descricao": "Indica\u00e7\u00e3o", "autoria": "Ronalthe", "texto_original": "http://sapl.santanadavargem.mg.leg.br/media/sapl/public/materialegislativa/2021/1204/03-08-2021_indicacao_25-2021_ronalthe.pdf", "ementa": "Indico ao Exm\u00ba Sr. Jos\u00e9 Elias, prefeito municipal, a necessidade de providenciar a contrata\u00e7\u00e3o de uma empresa privada para que realize uma minuciosa an\u00e1lise da qualidade da \u00e1gua fornecida pela Copasa no munic\u00edpio de Santana da Vargem"}, {"id": "1210", "ano": "2021", "numero": "252", "tipo__sigla": "IND", "tipo__descricao": "Indica\u00e7\u00e3o", "autoria": "Ezequiel", "texto_original": "http://sapl.santanadavargem.mg.leg.br/media/sapl/public/materialegislativa/2021/1210/36-2021.pdf", "ementa": "Indica\u00e7\u00e3o 36/2021 - Indico ao Exm\u00b0 Sr. Jos\u00e9 Elias Figueiredo, junto ao setor competente, que estude a possibilidade de implementa\u00e7\u00e3o de ilumina\u00e7\u00e3o p\u00fablica no  Parquinho, na rua Jos\u00e9 Ven\u00e2ncio Miranda, bairro S\u00e3o Luiz, neste munic\u00edpio."}, {"id": "1214", "ano": "2021", "numero": "253", "tipo__sigla": "IND", "tipo__descricao": "Indica\u00e7\u00e3o", "autoria": "Lia Ara\u00fajo", "texto_original": "http://sapl.santanadavargem.mg.leg.br/media/sapl/public/materialegislativa/2021/1214/05-08-2021_indicacao_07_lia.pdf", "ementa": "Indico ao Exm\u00ba Sr. Jos\u00e9 Elias Figueiredo, prefeito municipal, a necessidade de instituir o Programa MENINA FLOR"}, {"id": "1215", "ano": "2021", "numero": "254", "tipo__sigla": "IND", "tipo__descricao": "Indica\u00e7\u00e3o", "autoria": "Lia Ara\u00fajo", "texto_original": "http://sapl.santanadavargem.mg.leg.br/media/sapl/public/materialegislativa/2021/1215/05-08-2021_indicacao_08-2021.pdf", "ementa": "Indico ao Exm\u00ba Sr. Jos\u00e9 Elias Figueiredo, prefeito municipal, a necessidade de instituir o Programa Bolsa Universit\u00e1ria Municipal"}, {"id": "1217", "ano": "2021", "numero": "255", "tipo__sigla": "IND", "tipo__descricao": "Indica\u00e7\u00e3o", "autoria": "Luiz Felipe", "texto_original": "http://sapl.santanadavargem.mg.leg.br/media/sapl/public/materialegislativa/2021/1217/06-08-2021_indicacao_116-2021_felipao_2.pdf", "ementa": "Indico ao Exm\u00b0 Sr. Jos\u00e9 Elias Figueiredo, prefeito municipal, a necessidade de solicitar ao propriet\u00e1rio do lote ao lado da Escola Municipal Doralice Mendon\u00e7a Reis que promova a limpeza do seu terreno."}, {"id": "1218", "ano": "2021", "numero": "256", "tipo__sigla": "IND", "tipo__descricao": "Indica\u00e7\u00e3o", "autoria": "Luiz Felipe", "texto_original": "http://sapl.santanadavargem.mg.leg.br/media/sapl/public/materialegislativa/2021/1218/06-08-2021_indicacao_117-2021_felipao_1.pdf", "ementa": "Indico ao Exm\u00b0 Sr. Jos\u00e9 Elias Figueiredo, prefeito municipal, a necessidade de providenciar a liga\u00e7\u00e3o das luzes de todas as quadras poliesportivas do munic\u00edpio."}, {"id": "1219", "ano": "2021", "numero": "257", "tipo__sigla": "IND", "tipo__descricao": "Indica\u00e7\u00e3o", "autoria": "Luiz Felipe", "texto_original": "http://sapl.santanadavargem.mg.leg.br/media/sapl/public/materialegislativa/2021/1219/06-08-2021_indicacao_118-2021_felipao_1.pdf", "ementa": "Indico ao Exm\u00b0 Sr. Jos\u00e9 Elias Figueiredo, prefeito municipal, a necessidade de que a prefeitura tome provid\u00eancias para coibir a a\u00e7\u00e3o de pessoas que est\u00e3o envenenando os c\u00e3es no munic\u00edpio"}, {"id": "1220", "ano": "2021", "numero": "258", "tipo__sigla": "IND", "tipo__descricao": "Indica\u00e7\u00e3o", "autoria": "Juninho", "texto_original": "http://sapl.santanadavargem.mg.leg.br/media/sapl/public/materialegislativa/2021/1220/09-08-2021_indicacao_58_juninho_1.pdf", "ementa": "Indico ao Exm\u00b0 Sr. Jos\u00e9 Elias Figueiredo, prefeito municipal, a necessidade de criar a educa\u00e7\u00e3o f\u00edsica adaptada nas escolas do munic\u00edpio."}, {"id": "1221", "ano": "2021", "numero": "259", "tipo__sigla": "IND", "tipo__descricao": "Indica\u00e7\u00e3o", "autoria": "Juninho", "texto_original": "http://sapl.santanadavargem.mg.leg.br/media/sapl/public/materialegislativa/2021/1221/09-08-2021_indicacao_59_juninho_1.pdf", "ementa": "Indico ao Exm\u00b0 Sr. Jos\u00e9 Elias Figueiredo, prefeito municipal, a necessidade de colocar lixeiras nas ruas do bairro Padre Vitor, e demais bairros que tamb\u00e9m n\u00e3o possuem."}, {"id": "1222", "ano": "2021", "numero": "260", "tipo__sigla": "IND", "tipo__descricao": "Indica\u00e7\u00e3o", "autoria": "Juninho", "texto_original": "http://sapl.santanadavargem.mg.leg.br/media/sapl/public/materialegislativa/2021/1222/09-08-2021_indicacao_60_juninho_1.pdf", "ementa": "Indico ao Exm\u00b0 Sr. Jos\u00e9 Elias Figueiredo, prefeito municipal, a necessidade da urbaniza\u00e7\u00e3o e arboriza\u00e7\u00e3o da Avenida Ribeir\u00e3o Santana."}, {"id": "1223", "ano": "2021", "numero": "261", "tipo__sigla": "IND", "tipo__descricao": "Indica\u00e7\u00e3o", "autoria": "Juninho", "texto_original": "http://sapl.santanadavargem.mg.leg.br/media/sapl/public/materialegislativa/2021/1223/09-08-2021_indicacao_61_juninho_1.pdf", "ementa": "Indico ao Exm\u00b0 Sr. Jos\u00e9 Elias Figueiredo, prefeito municipal, que interceda junto \u00e0 Secretaria Municipal de Sa\u00fade a fim de implantar no Munic\u00edpio uma lista de espera das pessoas que poder\u00e3o receber a sobra da Vacina Covid19, ao fim de cada dia, realizando um pr\u00e9-cadastro das doses que sobrarem para vacinar as classes que tem muito contato com o p\u00fablico, mas n\u00e3o se encontram em grupos priorit\u00e1rios, como atendentes de farm\u00e1cia, motoristas e banc\u00e1rios. Realizando vacina\u00e7\u00e3o aos s\u00e1bados, domingos e feriados."}, {"id": "1240", "ano": "2021", "numero": "262", "tipo__sigla": "IND", "tipo__descricao": "Indica\u00e7\u00e3o", "autoria": "Luiz Felipe", "texto_original": "http://sapl.santanadavargem.mg.leg.br/media/sapl/public/materialegislativa/2021/1240/13-08-2021_indicacao_119-2021_felipao.pdf", "ementa": "Indico ao Exm\u00b0 Sr. Jos\u00e9 Elias Figueiredo, prefeito municipal, a necessidade de melhorar os sal\u00e1rios dos professores."}, {"id": "1241", "ano": "2021", "numero": "263", "tipo__sigla": "IND", "tipo__descricao": "Indica\u00e7\u00e3o", "autoria": "Luiz Felipe", "texto_original": "http://sapl.santanadavargem.mg.leg.br/media/sapl/public/materialegislativa/2021/1241/13-08-2021_indicacao_120-2021_felipao.pdf", "ementa": "Indico ao Exm\u00b0 Sr. Jos\u00e9 Elias Figueiredo, prefeito municipal, a necessidade de melhorar os sal\u00e1rios de todos os servidores p\u00fablicos do munic\u00edpio."}, {"id": "1242", "ano": "2021", "numero": "264", "tipo__sigla": "IND", "tipo__descricao": "Indica\u00e7\u00e3o", "autoria": "Luiz Felipe", "texto_original": "http://sapl.santanadavargem.mg.leg.br/media/sapl/public/materialegislativa/2021/1242/13-08-2021_indicacao_121-2021_felipao.pdf", "ementa": "Indico ao Exm\u00b0 Sr. Jos\u00e9 Elias Figueiredo, prefeito municipal, a necessidade de providenciar a contrata\u00e7\u00e3o de um psic\u00f3logo para acompanhar todos os alunos de Santana da vargem desde a creche at\u00e9 o ensino m\u00e9dio"}, {"id": "1243", "ano": "2021", "numero": "265", "tipo__sigla": "IND", "tipo__descricao": "Indica\u00e7\u00e3o", "autoria": "Luiz Felipe", "texto_original": "http://sapl.santanadavargem.mg.leg.br/media/sapl/public/materialegislativa/2021/1243/13-08-2021_indicacao_122-2021_felipao.pdf", "ementa": "Indico ao Exm\u00b0 Sr. Jos\u00e9 Elias Figueiredo, prefeito municipal, a necessidade de providenciar a contrata\u00e7\u00e3o de um psic\u00f3logo para acompanhar todos os alunos de Santana da vargem desde a creche at\u00e9 o ensino m\u00e9dio"}, {"id": "1254", "ano": "2021", "numero": "266", "tipo__sigla": "IND", "tipo__descricao": "Indica\u00e7\u00e3o", "autoria": "Ronalthe", "texto_original": "http://sapl.santanadavargem.mg.leg.br/media/sapl/public/materialegislativa/2021/1254/indicacao_26-2021_ronalthe.pdf", "ementa": "Indica\u00e7\u00e3o 26-2021 Indico ao Exm\u00b0 Sr. Jos\u00e9 Elias Figueiredo, a necessidade de realizar a regulariza\u00e7\u00e3o do piso salarial dos professores p\u00fablicos da rede Municipal de Santana da Vargem."}, {"id": "1266", "ano": "2021", "numero": "267", "tipo__sigla": "IND", "tipo__descricao": "Indica\u00e7\u00e3o", "autoria": "Ezequiel", "texto_original": "http://sapl.santanadavargem.mg.leg.br/media/sapl/public/materialegislativa/2021/1266/37-2021_iluminacao_publica.pdf", "ementa": "Indica\u00e7\u00e3o 37-2021 - Indico ao Exm\u00b0 Sr. Jos\u00e9 Elias Figueiredo, junto ao setor competente, que estude a possibilidade de implementa\u00e7\u00e3o de ilumina\u00e7\u00e3o p\u00fablica na quadra, na rua Trajano Caetano Faria, bairro Padre Vitor, neste munic\u00edpio."}, {"id": "1271", "ano": "2021", "numero": "268", "tipo__sigla": "IND", "tipo__descricao": "Indica\u00e7\u00e3o", "autoria": "Luiz Felipe", "texto_original": "http://sapl.santanadavargem.mg.leg.br/media/sapl/public/materialegislativa/2021/1271/indicacao_123-2021_felipao.pdf", "ementa": "Indica\u00e7\u00e3o 123/2021 - Indico ao Exm\u00b0 Sr. Jos\u00e9 Elias Figueiredo, prefeito municipal, a necessidade de disponibiliza\u00e7\u00e3o de telefones com \u201cwhatsapp\u201d em diversos setores, neste munic\u00edpio."}, {"id": "1274", "ano": "2021", "numero": "269", "tipo__sigla": "IND", "tipo__descricao": "Indica\u00e7\u00e3o", "autoria": "Juninho", "texto_original": "http://sapl.santanadavargem.mg.leg.br/media/sapl/public/materialegislativa/2021/1274/19-08-2021_indicacao_62_juninho_1.pdf", "ementa": "Indico ao Exm\u00b0 Sr. Jos\u00e9 Elias Figueiredo, prefeito municipal, a necessidade de realizar a sinaliza\u00e7\u00e3o de tr\u00e2nsito do Trevo em frente ao Auto Posto Santana , nas Ruas Domingos Vieira de Lima e Avenida Brasil"}, {"id": "1275", "ano": "2021", "numero": "270", "tipo__sigla": "IND", "tipo__descricao": "Indica\u00e7\u00e3o", "autoria": "Luiz Felipe", "texto_original": "http://sapl.santanadavargem.mg.leg.br/media/sapl/public/materialegislativa/2021/1275/23-08-2021_indicacao_124-2021_felipao.pdf", "ementa": "Indico ao Exm\u00b0 Sr. Jos\u00e9 Elias Figueiredo, prefeito municipal, a necessidade de providenciar a limpeza dos bueiros do munic\u00edpio"}, {"id": "1276", "ano": "2021", "numero": "271", "tipo__sigla": "IND", "tipo__descricao": "Indica\u00e7\u00e3o", "autoria": "Luiz Felipe", "texto_original": "http://sapl.santanadavargem.mg.leg.br/media/sapl/public/materialegislativa/2021/1276/23-08-2021_indicacao_125-2021_felipao.pdf", "ementa": "Indico ao Exm\u00b0 Sr. Jos\u00e9 Elias Figueiredo, prefeito municipal, a necessidade de providenciar a contrata\u00e7\u00e3o de mais fiscais no combate \u00e0 pandemia nomunic\u00edpio"}, {"id": "1277", "ano": "2021", "numero": "272", "tipo__sigla": "IND", "tipo__descricao": "Indica\u00e7\u00e3o", "autoria": "Luiz Felipe", "texto_original": "http://sapl.santanadavargem.mg.leg.br/media/sapl/public/materialegislativa/2021/1277/23-08-2021_indicacao_126-2021_felipao.pdf", "ementa": "Indico ao Exm\u00ba Sr. Jos\u00e9 Elias Figueiredo, prefeito municipal, a necessidade de preparar a escola no Cajuru dos Britos para que a comunidade possa estar utilizando o local."}, {"id": "1280", "ano": "2021", "numero": "273", "tipo__sigla": "IND", "tipo__descricao": "Indica\u00e7\u00e3o", "autoria": "Ezequiel", "texto_original": "http://sapl.santanadavargem.mg.leg.br/media/sapl/public/materialegislativa/2021/1280/23-08-2021_indicacao_38-2021_ezequiel.pdf", "ementa": "Indico ao Exm\u00b0 Sr. Jos\u00e9 Elias Figueiredo, prefeito municipal, a necessidade da travessia do caminh\u00e3o de lixo, entre o S\u00e3o Luiz e o Loteamento Marne Teodoro da Silva, EM PRINCIPAL, nas Ruas Jos\u00e9 Ven\u00e2ncio, Francisco de Brito e Jo\u00e3o Rossi, neste munic\u00edpio"}, {"id": "1281", "ano": "2021", "numero": "274", "tipo__sigla": "IND", "tipo__descricao": "Indica\u00e7\u00e3o", "autoria": "Juninho", "texto_original": "http://sapl.santanadavargem.mg.leg.br/media/sapl/public/materialegislativa/2021/1281/23-08-2021_indicacao_63_juninho.pdf", "ementa": "Indico ao Exm\u00ba Sr. Jos\u00e9 Elias Figueiredo, prefeito municipal, a necessidade de um repasse monet\u00e1rio trimestral ou semestral aos times de futebol amador do munic\u00edpio. Bem como o investimento nas demais modalidades."}, {"id": "1282", "ano": "2021", "numero": "275", "tipo__sigla": "IND", "tipo__descricao": "Indica\u00e7\u00e3o", "autoria": "Juninho", "texto_original": "http://sapl.santanadavargem.mg.leg.br/media/sapl/public/materialegislativa/2021/1282/23-08-2021_indicacao_64_juninho.pdf", "ementa": "Indico ao Exm\u00b0 Sr. Jos\u00e9 Elias Figueiredo, prefeito municipal, a necessidade de realizar a troca de l\u00e2mpadas tradicionais por LED em toda ilumina\u00e7\u00e3o p\u00fablica do munic\u00edpio"}, {"id": "1285", "ano": "2021", "numero": "276", "tipo__sigla": "IND", "tipo__descricao": "Indica\u00e7\u00e3o", "autoria": "Luiz Felipe", "texto_original": "http://sapl.santanadavargem.mg.leg.br/media/sapl/public/materialegislativa/2021/1285/25-08-2021_indicacao_felipao_20.pdf", "ementa": "Indico ao Exm\u00b0 Sr. Jos\u00e9 Elias Figueiredo, prefeito municipal, que caso  exista base legal para retirar os 20% referentes a insalubridade dos servidores, crie um projeto de lei que institua um aux\u00edlio, bonifica\u00e7\u00e3o ou vale alimenta\u00e7\u00e3o que possa suprir o valor dos 20% que foram retirados ."}, {"id": "1289", "ano": "2021", "numero": "277", "tipo__sigla": "IND", "tipo__descricao": "Indica\u00e7\u00e3o", "autoria": "Luiz Felipe", "texto_original": "http://sapl.santanadavargem.mg.leg.br/media/sapl/public/materialegislativa/2021/1289/31-08-2021_indicacao_128_felipao.pdf", "ementa": "Indico ao Exm\u00b0 Sr. Jos\u00e9 Elias Figueiredo, prefeito municipal, que estude a possibilidade de instalar c\u00e2meras de seguran\u00e7a e aumentar a ilumina\u00e7\u00e3o na pracinha e quadra do bairro Padre Victor"}, {"id": "1290", "ano": "2021", "numero": "278", "tipo__sigla": "IND", "tipo__descricao": "Indica\u00e7\u00e3o", "autoria": "Ezequiel", "texto_original": "http://sapl.santanadavargem.mg.leg.br/media/sapl/public/materialegislativa/2021/1290/31-08-2021_indicacao_39-2021.pdf", "ementa": "Indico ao Exm\u00b0 Sr. Jos\u00e9 Elias Figueiredo, prefeito municipal, a necessidade de coloca\u00e7\u00e3o de poste de ilumina\u00e7\u00e3o p\u00fablica na Rua Alfredo Pereira Gomes nas imedia\u00e7\u00f5es dos n\u00ba 498 ao n\u00ba 518, em frente \u00e0 mercearia Padre Vitor, no bairro Padre Vitor, neste munic\u00edpio."}, {"id": "1291", "ano": "2021", "numero": "279", "tipo__sigla": "IND", "tipo__descricao": "Indica\u00e7\u00e3o", "autoria": "Ezequiel", "texto_original": "http://sapl.santanadavargem.mg.leg.br/media/sapl/public/materialegislativa/2021/1291/31-08-2021_indicacao_40-2021.pdf", "ementa": "Indico ao Exm\u00b0 Sr. Jos\u00e9 Elias Figueiredo, prefeito municipal, juntamente com secretaria de obras, a necessidade de patrolamento no alto do C\u00e9sar da r\u00e1dio, neste munic\u00edpio"}, {"id": "1294", "ano": "2021", "numero": "280", "tipo__sigla": "IND", "tipo__descricao": "Indica\u00e7\u00e3o", "autoria": "Ronalthe", "texto_original": "http://sapl.santanadavargem.mg.leg.br/media/sapl/public/materialegislativa/2021/1294/31-08-2021_indicacao_26-2021_ronalthe.pdf", "ementa": "Indico ao Exm\u00b0 Sr. Jos\u00e9 Elias Figueiredo, prefeito municipal, a necessidade de providenciar urgentemente a aquisi\u00e7\u00e3o e instala\u00e7\u00e3o de um aparelho de ultrassonografia ou caso o munic\u00edpio j\u00e1 tenha o determinado aparelho que o mesmo seja colocado em funcionamento urgentemente\u201d."}, {"id": "1296", "ano": "2021", "numero": "281", "tipo__sigla": "IND", "tipo__descricao": "Indica\u00e7\u00e3o", "autoria": "Ronalthe", "texto_original": "http://sapl.santanadavargem.mg.leg.br/media/sapl/public/materialegislativa/2021/1296/31-08-2021_indicacao_27-2021_ronalthe.pdf", "ementa": "Indico ao Exm\u00b0 Sr. Jos\u00e9 Elias Figueiredo, prefeito municipal, a necessidade de providenciar urgentemente a instala\u00e7\u00e3o de lixeiras na Rua Luis Furtado de Abreu, especificamente no lado externo do muro do estadio municipal Hernani Pereira Scatolino\u201d."}, {"id": "1297", "ano": "2021", "numero": "282", "tipo__sigla": "IND", "tipo__descricao": "Indica\u00e7\u00e3o", "autoria": "Ronalthe", "texto_original": "http://sapl.santanadavargem.mg.leg.br/media/sapl/public/materialegislativa/2021/1297/01-09-2021_indicacao_28-2021_ronalthe-convertido.pdf", "ementa": "Indico ao Exm\u00b0 Sr. Jos\u00e9 Elias Figueiredo, prefeito municipal, a necessidade de providenciar urgentemente a instala\u00e7\u00e3o de um redutor de velocidade (quebra-molas) na Avenida H\u00e9lio Terra na altura do n\u00famero 54."}, {"id": "1298", "ano": "2021", "numero": "283", "tipo__sigla": "IND", "tipo__descricao": "Indica\u00e7\u00e3o", "autoria": "Luiz Felipe", "texto_original": "http://sapl.santanadavargem.mg.leg.br/media/sapl/public/materialegislativa/2021/1298/01-09-2021_indicacao_129-2021_felipao.pdf", "ementa": "Indico ao Exm\u00b0 Sr. Jos\u00e9 Elias Figueiredo, prefeito municipal, a necessidade de substituir por outras mais ventiladas as janelas das salas de aula da Escola Municipal Doralice Mendon\u00e7a Reis."}, {"id": "1299", "ano": "2021", "numero": "284", "tipo__sigla": "IND", "tipo__descricao": "Indica\u00e7\u00e3o", "autoria": "Silmara Girlaine", "texto_original": "http://sapl.santanadavargem.mg.leg.br/media/sapl/public/materialegislativa/2021/1299/01-09-2021_in_dicacao_003_silmara.pdf", "ementa": "Indico ao Exm\u00ba Sr. Jos\u00e9 Elias Figueiredo, prefeito municipal, a necessidade de instala\u00e7\u00e3o de uma academia ao ar livre, na comunidade dos Furtados na zona rural deste munic\u00edpio"}, {"id": "1319", "ano": "2021", "numero": "285", "tipo__sigla": "IND", "tipo__descricao": "Indica\u00e7\u00e3o", "autoria": "Juninho", "texto_original": "http://sapl.santanadavargem.mg.leg.br/media/sapl/public/materialegislativa/2021/1319/09-09-2021_indicacao_65_2.pdf", "ementa": "ndico ao Exm\u00b0 Sr. Jos\u00e9 Elias Figueiredo, prefeito municipal, a necessidade de providenciar junto ao setor competente uma solu\u00e7\u00e3o para os problemas de escoamento de \u00e1gua por falta de bueiro na Rua Ant\u00f4nio Carlos Silva, pr\u00f3ximo ao n\u00ba 474, Centro."}, {"id": "1320", "ano": "2021", "numero": "286", "tipo__sigla": "IND", "tipo__descricao": "Indica\u00e7\u00e3o", "autoria": "Juninho", "texto_original": "http://sapl.santanadavargem.mg.leg.br/media/sapl/public/materialegislativa/2021/1320/09-09-2021_indicacao_66.pdf", "ementa": "Indico ao Exm\u00b0 Sr. Jos\u00e9 Elias Figueiredo, prefeito municipal, a necessidade de construir um quebra-molas na Rua Ant\u00f4nio Carlos Silva, Centro de Santana da Vargem."}, {"id": "1321", "ano": "2021", "numero": "287", "tipo__sigla": "IND", "tipo__descricao": "Indica\u00e7\u00e3o", "autoria": "Luiz Felipe", "texto_original": "http://sapl.santanadavargem.mg.leg.br/media/sapl/public/materialegislativa/2021/1321/10-09-2021_indicacao_130_-_2021_felipao.pdf", "ementa": "Reiterando a indica\u00e7\u00e3o n\u00b0 \u00b0 88/2021, de 14 de julho deste ano, indico ao Exm\u00b0. Sr. Jos\u00e9 Elias Figueiredo, prefeito municipal a necessidade de criar um represamento de \u00e1gua para servir como reservat\u00f3rio reserva caso venha a faltar, ou acionar \u00e0 COPASA para que o fa\u00e7a, caso tenha essa cl\u00e1usula expressa no contrato."}, {"id": "1329", "ano": "2021", "numero": "288", "tipo__sigla": "IND", "tipo__descricao": "Indica\u00e7\u00e3o", "autoria": "Juninho", "texto_original": "http://sapl.santanadavargem.mg.leg.br/media/sapl/public/materialegislativa/2021/1329/13-09-2021_indicacao_67_1.pdf", "ementa": "Indico ao Exm\u00b0 Sr. Jos\u00e9 Elias Figueiredo, prefeito municipal, a necessidade de realizar a troca das l\u00e2mpadas queimadas na Rua Jos\u00e9 dos Santos Maganha, nas proximidades da casa de n\u00famero 21, Centro."}, {"id": "1330", "ano": "2021", "numero": "289", "tipo__sigla": "IND", "tipo__descricao": "Indica\u00e7\u00e3o", "autoria": "Juninho", "texto_original": "http://sapl.santanadavargem.mg.leg.br/media/sapl/public/materialegislativa/2021/1330/13-09-2021_indicacao_68.pdf", "ementa": "Indico ao Exm\u00b0 Sr. Jos\u00e9 Elias Figueiredo, prefeito municipal, a necessidade de realizar a manuten\u00e7\u00e3o e na cal\u00e7ada e rua da Avenida H\u00e9lio Terra."}, {"id": "1332", "ano": "2021", "numero": "290", "tipo__sigla": "IND", "tipo__descricao": "Indica\u00e7\u00e3o", "autoria": "Luiz Felipe", "texto_original": "http://sapl.santanadavargem.mg.leg.br/media/sapl/public/materialegislativa/2021/1332/13-09-2021_indicacao_131_-_2021_felipao.pdf", "ementa": "Indico ao Exm\u00b0. Sr. Jos\u00e9 Elias Figueiredo, prefeito municipal a necessidade de instalar uma lixeira na rua Coronel Licas nas imedia\u00e7\u00f5es do n\u00ba400."}, {"id": "1333", "ano": "2021", "numero": "291", "tipo__sigla": "IND", "tipo__descricao": "Indica\u00e7\u00e3o", "autoria": "Luiz Felipe", "texto_original": "http://sapl.santanadavargem.mg.leg.br/media/sapl/public/materialegislativa/2021/1333/13-09-2021_indicacao_132_-_2021_felipao.pdf", "ementa": "Indico ao Exm\u00b0. Sr. Jos\u00e9 Elias Figueiredo, prefeito municipal a necessidade de instalar uma lixeira na esquina entre a rua Jos\u00e9 Silv\u00e9rio de Mendon\u00e7a e a Avenida Domingos Vieira de Lima."}, {"id": "1334", "ano": "2021", "numero": "292", "tipo__sigla": "IND", "tipo__descricao": "Indica\u00e7\u00e3o", "autoria": "Luiz Felipe", "texto_original": "http://sapl.santanadavargem.mg.leg.br/media/sapl/public/materialegislativa/2021/1334/13-09-2021_indicacao_133_-_2021_felipao.pdf", "ementa": "Indico ao Exm\u00b0. Sr. Jos\u00e9 Elias Figueiredo, prefeito municipal a necessidade de providenciar a varri\u00e7\u00e3o e a retirada do lixo da rua Jos\u00e9 Theodoro da Silva."}, {"id": "1335", "ano": "2021", "numero": "293", "tipo__sigla": "IND", "tipo__descricao": "Indica\u00e7\u00e3o", "autoria": "Luiz Felipe", "texto_original": "http://sapl.santanadavargem.mg.leg.br/media/sapl/public/materialegislativa/2021/1335/13-09-2021_indicacao_134_-_2021_felipao.pdf", "ementa": "Indico ao Exm\u00b0. Sr. Jos\u00e9 Elias Figueiredo, prefeito municipal a necessidade de providenciar a manuten\u00e7\u00e3o das escolas das comunidades rurais para que os alunos e a comunidade em geral possam utiliz\u00e1-las."}, {"id": "1336", "ano": "2021", "numero": "294", "tipo__sigla": "IND", "tipo__descricao": "Indica\u00e7\u00e3o", "autoria": "Luiz Felipe", "texto_original": "http://sapl.santanadavargem.mg.leg.br/media/sapl/public/materialegislativa/2021/1336/13-09-2021_indicacao_135_-_2021_felipao.pdf", "ementa": "Indico ao Exm\u00b0. Sr. Jos\u00e9 Elias Figueiredo, prefeito municipal a necessidade de providenciar a manuten\u00e7\u00e3o e limpeza dos bueiros do munic\u00edpio."}, {"id": "1344", "ano": "2021", "numero": "295", "tipo__sigla": "IND", "tipo__descricao": "Indica\u00e7\u00e3o", "autoria": "Jackson Luiz", "texto_original": "http://sapl.santanadavargem.mg.leg.br/media/sapl/public/materialegislativa/2021/1344/15-09-2021_indicacao_11-2021.pdf", "ementa": "Indico ao Exm\u00ba Sr. Jos\u00e9 Elias Figueiredo, prefeito municipal, a instala\u00e7\u00e3o de lixeiras na entrada da comunidade do Cajuru dos Franciscos"}, {"id": "1345", "ano": "2021", "numero": "296", "tipo__sigla": "IND", "tipo__descricao": "Indica\u00e7\u00e3o", "autoria": "Jackson Luiz", "texto_original": "http://sapl.santanadavargem.mg.leg.br/media/sapl/public/materialegislativa/2021/1345/15-09-2021_indicacao_12-2021.pdf", "ementa": "Indico ao Exm\u00ba Sr. Jos\u00e9 Elias Figueiredo, prefeito municipal, a instala\u00e7\u00e3o de um novo mataburro pr\u00f3ximo a entrada do trevo do Governador, sentido \u00e0 Escola Floresta"}, {"id": "1346", "ano": "2021", "numero": "297", "tipo__sigla": "IND", "tipo__descricao": "Indica\u00e7\u00e3o", "autoria": "Jackson Luiz", "texto_original": "http://sapl.santanadavargem.mg.leg.br/media/sapl/public/materialegislativa/2021/1346/15-09-2021_indicacao_13-2021.pdf", "ementa": "Indico ao Exm\u00ba  Sr. Jos\u00e9 Elias Figueiredo, prefeito municipal, a instala\u00e7\u00e3o de uma placa \"proibido tr\u00e2nsito de caminh\u00f5es\" no trecho da rua Jos\u00e9 Teodoro da Silva entre a Rua Luiz Furtado de Abreu e a Avenida Tr\u00eas Pontas"}, {"id": "1347", "ano": "2021", "numero": "298", "tipo__sigla": "IND", "tipo__descricao": "Indica\u00e7\u00e3o", "autoria": "Jackson Luiz", "texto_original": "http://sapl.santanadavargem.mg.leg.br/media/sapl/public/materialegislativa/2021/1347/15-09-2021_indicacao_14-2021.pdf", "ementa": "Indico ao Exm\u00ba Sr. Jos\u00e9 Elias  Figueiredo, prefeito municipal, a instala\u00e7\u00e3o de placas de tr\u00e2nsito proibindo o estacionamento de um dos lados da Rua Domingos Vieira de Lima, no trecho entre a Rua Jos\u00e9 B. de Figueiredo e a Rua Nelson Pereira Vilela"}, {"id": "1348", "ano": "2021", "numero": "299", "tipo__sigla": "IND", "tipo__descricao": "Indica\u00e7\u00e3o", "autoria": "Jackson Luiz", "texto_original": "http://sapl.santanadavargem.mg.leg.br/media/sapl/public/materialegislativa/2021/1348/16-09-2021_inficacao_15_jackson.pdf", "ementa": "Indico ao Exm\u00b0 Sr. Jos\u00e9 Elias de Figueiredo, prefeito municipal, o impedimento do tr\u00e1fego de ve\u00edculos na rua Boa Esperan\u00e7a no trecho  entre a rua Luiz Furtado de Abreu sentido \u00e0 rua Miguel Ant\u00f4nio da Silva. Sugiro tamb\u00e9m a constru\u00e7\u00e3o de uma lombada pr\u00f3xima ao Centro Educacional Infantil Espa\u00e7o da Crian\u00e7a com o objetivo de reduzir a velocidade. Refor\u00e7o tamb\u00e9m que o estacionamento dos ve\u00edculos dever\u00e3o ser somente em um dos lados da rua com todas as sinaliza\u00e7\u00f5es adequadas."}, {"id": "1352", "ano": "2021", "numero": "300", "tipo__sigla": "IND", "tipo__descricao": "Indica\u00e7\u00e3o", "autoria": "Ezequiel", "texto_original": "http://sapl.santanadavargem.mg.leg.br/media/sapl/public/materialegislativa/2021/1352/indicacao_41-2021.pdf", "ementa": "Indico ao Exm\u00ba Sr. Jos\u00e9 Elias Figueiredo, prefeito municipal, junto \u00e0 Secretaria competente o estudo que viabilize a constru\u00e7\u00e3o de bueiros/bocas de lobo na Rua Ant\u00f4nio Carlos da Silva, pr\u00f3ximo ao n\u00famero 429, centro, neste munic\u00edpio"}, {"id": "1353", "ano": "2021", "numero": "301", "tipo__sigla": "IND", "tipo__descricao": "Indica\u00e7\u00e3o", "autoria": "Ezequiel", "texto_original": "http://sapl.santanadavargem.mg.leg.br/media/sapl/public/materialegislativa/2021/1353/indicacao_42-2021.pdf", "ementa": "Indico ao Exm\u00ba Sr, Jos\u00e9 Elias Figueiredo, prefeito municipal, junto \u00e0 Secretaria competente, o estudo que viabilize a constru\u00e7\u00e3o de bueiros/bocas de lobo na Rua Jos\u00e9 Justino, pr\u00f3ximo a resid\u00eancia da mun\u00edcipe  Angela, na Zarraia, neste munic\u00edpio"}, {"id": "1361", "ano": "2021", "numero": "303", "tipo__sigla": "IND", "tipo__descricao": "Indica\u00e7\u00e3o", "autoria": "Juninho", "texto_original": "http://sapl.santanadavargem.mg.leg.br/media/sapl/public/materialegislativa/2021/1361/21-09-2021_indicacao_069-2021.pdf", "ementa": "Indico ao Exm\u00b0 Sr. Jos\u00e9 Elias Figueiredo, prefeito municipal, necessidade de colocar dois bueiros na rua Luzia Lima Scalione em frente as resid\u00eancias N\u00b0 233 e N\u00b0243"}, {"id": "1362", "ano": "2021", "numero": "304", "tipo__sigla": "IND", "tipo__descricao": "Indica\u00e7\u00e3o", "autoria": "Juninho", "texto_original": "http://sapl.santanadavargem.mg.leg.br/media/sapl/public/materialegislativa/2021/1362/21-09-2021_indicacao_70.pdf", "ementa": "Indico ao Exm\u00b0 Sr. Jos\u00e9 Elias Figueiredo, prefeito municipal, a necessidade de colocar uma placa proibindo o tr\u00e1fego de caminh\u00e3o e \u00f4nibus na Rua Luzia Lima Scalione, no bairro Tr\u00eas Poderes."}, {"id": "1363", "ano": "2021", "numero": "305", "tipo__sigla": "IND", "tipo__descricao": "Indica\u00e7\u00e3o", "autoria": "Juninho", "texto_original": "http://sapl.santanadavargem.mg.leg.br/media/sapl/public/materialegislativa/2021/1363/21-09-2021_indicacao_71.pdf", "ementa": "Indico ao Exm\u00b0 Sr. Jos\u00e9 Elias Figueiredo, prefeito municipal, a necessidade de implantar lixeiras de coleta seletiva nos bairo Padre Victor, S\u00e3o Domingos, S\u00e3o Luiz e Tr\u00eas Poderes e zarraia, ou seja,em todos os bairros da cidade, n\u00e3o apenas no centro."}, {"id": "1364", "ano": "2021", "numero": "306", "tipo__sigla": "IND", "tipo__descricao": "Indica\u00e7\u00e3o", "autoria": "Juninho", "texto_original": "http://sapl.santanadavargem.mg.leg.br/media/sapl/public/materialegislativa/2021/1364/21-09-2021-_indicacao_72.pdf", "ementa": "Indico ao Exm\u00b0 Sr. Jos\u00e9 Elias Figueiredo, prefeito municipal, a necessidade de elaborar um projeto de lei que institua o programa \u201cincentivo e valoriza\u00e7\u00e3o do com\u00e9rcio, ind\u00fastria e presta\u00e7\u00e3o de servi\u00e7o \u2018 Nota fiscal cidad\u00e3\u201d."}, {"id": "1365", "ano": "2021", "numero": "307", "tipo__sigla": "IND", "tipo__descricao": "Indica\u00e7\u00e3o", "autoria": "Ezequiel", "texto_original": "http://sapl.santanadavargem.mg.leg.br/media/sapl/public/materialegislativa/2021/1365/indicacao_43-2021_1.pdf", "ementa": "Indico ao Exm\u00ba Sr. Jos\u00e9 Elias Figueiredo, prefeito municipal, que tome as devidas provid\u00eancias junto ao setor competente, no sentido de proceder melhorias na sinaliza\u00e7\u00e3o do solo das ruas do munic\u00edpio"}, {"id": "1366", "ano": "2021", "numero": "308", "tipo__sigla": "IND", "tipo__descricao": "Indica\u00e7\u00e3o", "autoria": "Lia Ara\u00fajo", "texto_original": "http://sapl.santanadavargem.mg.leg.br/media/sapl/public/materialegislativa/2021/1366/21-09-2021_indicacao_09-2021_lia.pdf", "ementa": "Indico ao Exm\u00ba Sr. Jos\u00e9 Elias Figueiredo, prefeito municipal, a necessidade de uma FAIXA AMARELA E PLACA DE PROIBIR PARAR E ESTACIONAR na Rua Boa Esperan\u00e7a no dom\u00ednio entre uma esquina  perto da Escolinha at\u00e9 outra esquina sentido lado da entrada da Escola. Tamb\u00e9m pedir para a propriet\u00e1ria da Escola uso obrigat\u00f3rio de cones para o  impedimento do transito durante o per\u00edodo de entrada e sa\u00edda de alunos."}, {"id": "1367", "ano": "2021", "numero": "309", "tipo__sigla": "IND", "tipo__descricao": "Indica\u00e7\u00e3o", "autoria": "Lia Ara\u00fajo", "texto_original": "http://sapl.santanadavargem.mg.leg.br/media/sapl/public/materialegislativa/2021/1367/indicacao_10_lia.pdf", "ementa": "Indico ao Exm\u00b0 Sr. Jos\u00e9 Elias Figueiredo, prefeito municipal, a necessidade do aumento do valor do aux\u00edlio-alimenta\u00e7\u00e3o dos servidores do executivo, conforme o modelo de projeto de lei em anexo."}, {"id": "1374", "ano": "2021", "numero": "310", "tipo__sigla": "IND", "tipo__descricao": "Indica\u00e7\u00e3o", "autoria": "Luiz Felipe", "texto_original": "http://sapl.santanadavargem.mg.leg.br/media/sapl/public/materialegislativa/2021/1374/13-09-2021_indicacao_135_-_2021_felipao_1.pdf", "ementa": "Indico ao Exm\u00b0. Sr. Jos\u00e9 Elias Figueiredo, prefeito municipal a necessidade de providenciar o fornecimento de lanche a todos os pacientes que forem fazer tratamento nas cidades vizinhas."}, {"id": "1376", "ano": "2021", "numero": "311", "tipo__sigla": "IND", "tipo__descricao": "Indica\u00e7\u00e3o", "autoria": "Luiz Felipe", "texto_original": "http://sapl.santanadavargem.mg.leg.br/media/sapl/public/materialegislativa/2021/1376/24-09-2021_indicacao_137_felipao.pdf", "ementa": "Indico ao Exm\u00ba Sr. Jos\u00e9 Elias Figueiredo, prefeito municipal, a necessidade de reativa\u00e7\u00e3o do banheiro p\u00fablico"}, {"id": "1378", "ano": "2021", "numero": "312", "tipo__sigla": "IND", "tipo__descricao": "Indica\u00e7\u00e3o", "autoria": "Juninho", "texto_original": "http://sapl.santanadavargem.mg.leg.br/media/sapl/public/materialegislativa/2021/1378/27-09-2021_indicacao_73_1.pdf", "ementa": "Indico ao Exm\u00b0 Sr. Jos\u00e9 Elias Figueiredo, prefeito municipal, a necessidade de colocar uma TV na sala de medica\u00e7\u00e3o da UBS Evaldo Campos Moura."}, {"id": "1379", "ano": "2021", "numero": "313", "tipo__sigla": "IND", "tipo__descricao": "Indica\u00e7\u00e3o", "autoria": "Juninho", "texto_original": "http://sapl.santanadavargem.mg.leg.br/media/sapl/public/materialegislativa/2021/1379/27-09-2021_indicacao_74.pdf", "ementa": "Indico ao Exm\u00b0 Sr. Jos\u00e9 Elias Figueiredo, prefeito municipal, a necessidade de realizar uma manuten\u00e7\u00e3o definitiva nas Ruas Domingos Vieira de Lima e Luiz Furtado de Abreu."}, {"id": "1380", "ano": "2021", "numero": "314", "tipo__sigla": "IND", "tipo__descricao": "Indica\u00e7\u00e3o", "autoria": "Juninho", "texto_original": "http://sapl.santanadavargem.mg.leg.br/media/sapl/public/materialegislativa/2021/1380/27-09-2021_indicacao_75.pdf", "ementa": "Indico ao Exm\u00b0 Sr. Jos\u00e9 Elias Figueiredo, prefeito municipal, a necessidade de realizar troca de lampadas queimadas na rua Alfredo Pereira Gomes."}, {"id": "1381", "ano": "2021", "numero": "315", "tipo__sigla": "IND", "tipo__descricao": "Indica\u00e7\u00e3o", "autoria": "Juninho", "texto_original": "http://sapl.santanadavargem.mg.leg.br/media/sapl/public/materialegislativa/2021/1381/27-09-2021_indicacao_76.pdf", "ementa": "Indico ao Exm\u00b0 Sr. Jos\u00e9 Elias Figueiredo, prefeito municipal, a necessidade de fornecer protetor solar de qualidade aos servidores p\u00fablicos que trabalham em locais expostos ao sol."}, {"id": "1382", "ano": "2021", "numero": "316", "tipo__sigla": "IND", "tipo__descricao": "Indica\u00e7\u00e3o", "autoria": "Ezequiel", "texto_original": "http://sapl.santanadavargem.mg.leg.br/media/sapl/public/materialegislativa/2021/1382/28-09-2021_indicacao_44-2021_ezequiel.pdf", "ementa": "Indico ao Exm\u00b0 Sr. Jos\u00e9 Elias Figueiredo, que solicite ao setor competente a coloca\u00e7\u00e3o de ca\u00e7ambas para coleta do lixo nas Comunidades Rurais deste munic\u00edpio."}, {"id": "1383", "ano": "2021", "numero": "317", "tipo__sigla": "IND", "tipo__descricao": "Indica\u00e7\u00e3o", "autoria": "Ezequiel", "texto_original": "http://sapl.santanadavargem.mg.leg.br/media/sapl/public/materialegislativa/2021/1383/28-09-2021_indicacao_45-2021_ezequiel.pdf", "ementa": "Indico ao Exm\u00b0 Sr. Jos\u00e9 Elias Figueiredo, que solicite ao setor competente que providencie a realiza\u00e7\u00e3o de limpeza geral com recolhimento de entulhos nas via p\u00fablicas das margens da Avenida Ribeir\u00e3o Santana, neste munic\u00edpio."}, {"id": "1384", "ano": "2021", "numero": "318", "tipo__sigla": "IND", "tipo__descricao": "Indica\u00e7\u00e3o", "autoria": "Waltinho", "texto_original": "http://sapl.santanadavargem.mg.leg.br/media/sapl/public/materialegislativa/2021/1384/28-09-2021_indicacao_waltinho_03.pdf", "ementa": "Indico ao Exm\u00b0 Sr. Jos\u00e9 Elias Figueiredo, prefeito municipal, a necessidade da constru\u00e7\u00e3o de quebra-molas, na Rua Conego Jos\u00e9 Maria Rabelo, nas proximidades da resid\u00eancia n\u00ba 94, centro, neste munic\u00edpio."}, {"id": "1387", "ano": "2021", "numero": "319", "tipo__sigla": "IND", "tipo__descricao": "Indica\u00e7\u00e3o", "autoria": "Luiz Felipe", "texto_original": "http://sapl.santanadavargem.mg.leg.br/media/sapl/public/materialegislativa/2021/1387/28-09-2021_indicacao_138_-_2021_felipao.pdf", "ementa": "Indico ao Exm\u00b0. Sr. Jos\u00e9 Elias Figueiredo, prefeito municipal a necessidade de providenciar a manuten\u00e7\u00e3o da estrada do pesqueiro que fica atr\u00e1s do morro e tamb\u00e9m providenciar a manuten\u00e7\u00e3o das caixas secas no s\u00edtio Po\u00e7o Grande"}, {"id": "1388", "ano": "2021", "numero": "320", "tipo__sigla": "IND", "tipo__descricao": "Indica\u00e7\u00e3o", "autoria": "Ronalthe", "texto_original": "http://sapl.santanadavargem.mg.leg.br/media/sapl/public/materialegislativa/2021/1388/28-09-2021_indicacao_31-2021.pdf", "ementa": "Indico ao Exm\u00b0 Sr. Jos\u00e9 Elias Figueiredo, prefeito municipal, a necessidade de instala\u00e7\u00e3o de um Quebra-Molas, na Rua Domingos Vieira deLima, na altura do n\u00famero 970, centro, neste munic\u00edpio."}, {"id": "1392", "ano": "2021", "numero": "321", "tipo__sigla": "IND", "tipo__descricao": "Indica\u00e7\u00e3o", "autoria": "Luiz Felipe", "texto_original": "http://sapl.santanadavargem.mg.leg.br/media/sapl/public/materialegislativa/2021/1392/indicacao_139_-_2021_felipao.pdf", "ementa": "Indico ao Exm\u00b0. Sr. Jos\u00e9 Elias Figueiredo, prefeito municipal a necessidade de que a vigil\u00e2ncia sanit\u00e1ria passe em todas as casas do munic\u00edpio para fazer uma vistoria nos quintais para evitar a prolifera\u00e7\u00e3o de animais pe\u00e7onhentos"}, {"id": "1402", "ano": "2021", "numero": "322", "tipo__sigla": "IND", "tipo__descricao": "Indica\u00e7\u00e3o", "autoria": "Waltinho", "texto_original": "http://sapl.santanadavargem.mg.leg.br/media/sapl/public/materialegislativa/2021/1402/indicacao_waltinho_04.pdf", "ementa": "Indico ao Exm\u00ba Sr. Jos\u00e9 Elias Figueiredo, prefeito municipal, a necessidade da cria\u00e7\u00e3o de um projeto de lei que visa proteger e recuperar nascentes e \u00e1reas  de preserva\u00e7\u00e3o permanente (APP) de cursos d'\u00e1gua neste munic\u00edpio"}, {"id": "1403", "ano": "2021", "numero": "323", "tipo__sigla": "IND", "tipo__descricao": "Indica\u00e7\u00e3o", "autoria": "Ezequiel", "texto_original": "http://sapl.santanadavargem.mg.leg.br/media/sapl/public/materialegislativa/2021/1403/indicacao_47-2021.pdf", "ementa": "Indico ao Exm\u00ba Sr. Jos\u00e9 Elias Figueiredo, prefeito municipal, que solicite ao setor competente que proceda a constru\u00e7\u00e3o de um Bueiro e Boca de Lobo e o rebaixamento do n\u00edvel da Rua Jos\u00e9 Afonso de Paula, na altura do n\u00famero 43"}, {"id": "1404", "ano": "2021", "numero": "324", "tipo__sigla": "IND", "tipo__descricao": "Indica\u00e7\u00e3o", "autoria": "Ezequiel", "texto_original": "http://sapl.santanadavargem.mg.leg.br/media/sapl/public/materialegislativa/2021/1404/indicacao_46-2021.pdf", "ementa": "Indico ao Exm\u00ba Sr. Jos\u00e9 Elias Figueiredo, que solicite ao setor competente que providencie a extra\u00e7\u00e3o ou poda em \u00e1rvore na Pra\u00e7a da Matriz, de frente ao Banco do Brasil, neste munic\u00edpio"}, {"id": "1426", "ano": "2021", "numero": "325", "tipo__sigla": "IND", "tipo__descricao": "Indica\u00e7\u00e3o", "autoria": "Luiz Felipe", "texto_original": "http://sapl.santanadavargem.mg.leg.br/media/sapl/public/materialegislativa/2021/1426/indicacao_140_-_2021_felipao.pdf", "ementa": "Indico ao Exm\u00b0. Sr. Jos\u00e9 Elias Figueiredo, prefeito municipal a necessidade de instalar um quebra-molas na rua Domingos Vieira de Lima em frente ao n\u00famero 957."}, {"id": "1427", "ano": "2021", "numero": "326", "tipo__sigla": "IND", "tipo__descricao": "Indica\u00e7\u00e3o", "autoria": "Luiz Felipe", "texto_original": "http://sapl.santanadavargem.mg.leg.br/media/sapl/public/materialegislativa/2021/1427/indicacao_141_-_2021_felipao.pdf", "ementa": "Indico ao Exm\u00b0. Sr. Jos\u00e9 Elias Figueiredo, prefeito municipal a necessidade de criar uma lei que permita ao Executivo ceder servidores do seu quadro efetivo para trabalhar em associa\u00e7\u00f5es sem fins lucrativos que prestam servi\u00e7os ao mun\u00edcipio, como \u00e9 o caso da APAE."}, {"id": "1428", "ano": "2021", "numero": "327", "tipo__sigla": "IND", "tipo__descricao": "Indica\u00e7\u00e3o", "autoria": "Luiz Felipe", "texto_original": "http://sapl.santanadavargem.mg.leg.br/media/sapl/public/materialegislativa/2021/1428/indicacao_142_-_2021_felipao.pdf", "ementa": "Indico ao Exm\u00b0. Sr. Jos\u00e9 Elias Figueiredo, prefeito municipal a\r\nnecessidade de colocar uma placa proibindo o transito de caminh\u00f5es na rua\r\nAnt\u00f4nio Miguel da Silva"}, {"id": "1429", "ano": "2021", "numero": "328", "tipo__sigla": "IND", "tipo__descricao": "Indica\u00e7\u00e3o", "autoria": "Luiz Felipe", "texto_original": "http://sapl.santanadavargem.mg.leg.br/media/sapl/public/materialegislativa/2021/1429/indicacao_143_-_2021_felipao.pdf", "ementa": "Indico ao Exm\u00b0. Sr. Jos\u00e9 Elias Figueiredo, prefeito municipal a\r\nnecessidade de instalar uma c\u00e2mera onde fica atualmente o conselho tutelar\r\npara monitorar a avenida Ribeir\u00e3o Santana e o Campinho."}, {"id": "1431", "ano": "2021", "numero": "329", "tipo__sigla": "IND", "tipo__descricao": "Indica\u00e7\u00e3o", "autoria": "Luiz Felipe", "texto_original": "http://sapl.santanadavargem.mg.leg.br/media/sapl/public/materialegislativa/2021/1431/indicacao_144_-_2021_felipao.pdf", "ementa": "Indico ao Exm\u00b0. Sr. Jos\u00e9 Elias Figueiredo, prefeito municipal a necessidade de instalar um bra\u00e7o de poste na rua Nelson Pereira Vilela em frente ao n\u00b0 61."}, {"id": "1432", "ano": "2021", "numero": "330", "tipo__sigla": "IND", "tipo__descricao": "Indica\u00e7\u00e3o", "autoria": "Luiz Felipe", "texto_original": "http://sapl.santanadavargem.mg.leg.br/media/sapl/public/materialegislativa/2021/1432/indicacao_145_-_2021_felipao.pdf", "ementa": "Indico ao Exm\u00b0. Sr. Jos\u00e9 Elias Figueiredo, prefeito municipal a necessidade de tomar provid\u00eancias a respeito da entrada do S\u00edtio Samambaia."}, {"id": "1438", "ano": "2021", "numero": "332", "tipo__sigla": "IND", "tipo__descricao": "Indica\u00e7\u00e3o", "autoria": "Juninho", "texto_original": "http://sapl.santanadavargem.mg.leg.br/media/sapl/public/materialegislativa/2021/1438/indicacao_78_25-10-2021.pdf", "ementa": "Indico ao Exm\u00b0 Sr. Jos\u00e9 Elias Figueiredo, prefeito municipal, a necessidade de realizar a sinaliza\u00e7\u00e3o de transito o Trevo em frente ao Auto Posto Santana, nas Ruas Domingos Vieira de Lima e Avenida Brasil."}, {"id": "1448", "ano": "2021", "numero": "333", "tipo__sigla": "IND", "tipo__descricao": "Indica\u00e7\u00e3o", "autoria": "Luiz Felipe", "texto_original": "http://sapl.santanadavargem.mg.leg.br/media/sapl/public/materialegislativa/2021/1448/indicacao_146_luiz_felipe.pdf", "ementa": "Indico ao Exm\u00ba Sr. Jos\u00e9 Elias Figueiredo, prefeito municipal, a necessidade de que o executivo estude a possibilidade de realizar cursinho preparat\u00f3rio pr\u00e9 vestibular (ENEM) popular destinado a alunos de baixa renda"}, {"id": "1449", "ano": "2021", "numero": "334", "tipo__sigla": "IND", "tipo__descricao": "Indica\u00e7\u00e3o", "autoria": "Luiz Felipe", "texto_original": "http://sapl.santanadavargem.mg.leg.br/media/sapl/public/materialegislativa/2021/1449/indicacao_147_luiz_felipe.pdf", "ementa": "Indico ao Exm\u00ba Sr. Jos\u00e9 Elias Figueiredo, prefeito municipal, a necessidade de providenciar a instala\u00e7\u00e3o de uma placa de pare e a pintura de sinaliza\u00e7\u00e3o na Avenida Brasil em frente a \u00f3tica , ao lado da prefeitura"}, {"id": "1450", "ano": "2021", "numero": "335", "tipo__sigla": "IND", "tipo__descricao": "Indica\u00e7\u00e3o", "autoria": "Luiz Felipe", "texto_original": "http://sapl.santanadavargem.mg.leg.br/media/sapl/public/materialegislativa/2021/1450/indicacao_148_luiz_felipe.pdf", "ementa": "Indico ao Exm\u00ba Sr. Jos\u00e9 Elias Figueiredo, prefeito municipal, a necessidade de providenciar a instala\u00e7\u00e3o de um quebra-molas na Rua 5 no Bairro Tr\u00eas Poderes entre os n\u00ba 88 e 89"}, {"id": "1451", "ano": "2021", "numero": "336", "tipo__sigla": "IND", "tipo__descricao": "Indica\u00e7\u00e3o", "autoria": "Luiz Felipe", "texto_original": "http://sapl.santanadavargem.mg.leg.br/media/sapl/public/materialegislativa/2021/1451/indicacao_149_luiz_felipe.pdf", "ementa": "Indico ao Exm\u00ba Sr. Jos\u00e9 Elias Figueiredo, prefeito municipal, a necessidade de providenciar a manuten\u00e7\u00e3o na Rua Domingo Vieira de Lima devido \u00e0s \u00e1guas  que est\u00e3o escorrendo no local causando mal cheiro nas casas"}, {"id": "1463", "ano": "2021", "numero": "337", "tipo__sigla": "IND", "tipo__descricao": "Indica\u00e7\u00e3o", "autoria": "Juninho", "texto_original": "http://sapl.santanadavargem.mg.leg.br/media/sapl/public/materialegislativa/2021/1463/indicacao_79_juninho.pdf", "ementa": "Indico ao Exm\u00b0 Sr. Jos\u00e9 Elias Figueiredo, prefeito municipal, a necessidade de realizar o auxilio geada para os pequenos produtores."}, {"id": "1464", "ano": "2021", "numero": "338", "tipo__sigla": "IND", "tipo__descricao": "Indica\u00e7\u00e3o", "autoria": "Luiz Felipe", "texto_original": "http://sapl.santanadavargem.mg.leg.br/media/sapl/public/materialegislativa/2021/1464/indicacao_150_-_2021_felipao_1.pdf", "ementa": "Indico ao Exm\u00b0. Sr. Jos\u00e9 Elias Figueiredo, prefeito municipal a necessidade de providenciar a interdi\u00e7\u00e3o das ruas na frente do grupo durante os hor\u00e1rios de entrada e sa\u00edda das aulas, assim como \u00e9 feito na Escola Estadual Doralice Mendon\u00e7a Reis."}, {"id": "1465", "ano": "2021", "numero": "339", "tipo__sigla": "IND", "tipo__descricao": "Indica\u00e7\u00e3o", "autoria": "Luiz Felipe", "texto_original": "http://sapl.santanadavargem.mg.leg.br/media/sapl/public/materialegislativa/2021/1465/indicacao_151_-_2021_felipao.pdf", "ementa": "Indico ao Exm\u00b0. Sr. Jos\u00e9 Elias Figueiredo, prefeito municipal a necessidade de providenciar a instala\u00e7\u00e3o de um quebra-molas na Rua Domingos Vieira de Lima, pr\u00f3ximo ao Cemit\u00e9rio Municipal."}, {"id": "1468", "ano": "2021", "numero": "340", "tipo__sigla": "IND", "tipo__descricao": "Indica\u00e7\u00e3o", "autoria": "Lia Ara\u00fajo", "texto_original": "http://sapl.santanadavargem.mg.leg.br/media/sapl/public/materialegislativa/2021/1468/indicacao_11_lia.pdf", "ementa": "Indico ao Exm\u00b0 Sr. Jos\u00e9 Elias Figueiredo, prefeito municipal, a contrata\u00e7\u00e3o de mais um m\u00e9dico (a) ginecologista para atendimento no Centro de Especialidades do Munic\u00edpio de Santana da Vargem."}, {"id": "1505", "ano": "2021", "numero": "341", "tipo__sigla": "IND", "tipo__descricao": "Indica\u00e7\u00e3o", "autoria": "Juninho", "texto_original": "http://sapl.santanadavargem.mg.leg.br/media/sapl/public/materialegislativa/2021/1505/indicacao_80.pdf", "ementa": "Indico ao Exm\u00b0 Sr. Jos\u00e9 Elias Figueiredo, prefeito municipal, a necessidade de realizar a manuten\u00e7\u00e3o da academia ao Ar livre da pra\u00e7a Pedro Eg\u00eddio Filho (Pracinha do Skin\u00e3o), bem como em todas academias da cidade."}, {"id": "1506", "ano": "2021", "numero": "342", "tipo__sigla": "IND", "tipo__descricao": "Indica\u00e7\u00e3o", "autoria": "Juninho", "texto_original": "http://sapl.santanadavargem.mg.leg.br/media/sapl/public/materialegislativa/2021/1506/indicacao_81.pdf", "ementa": "Indico ao Exm\u00b0 Sr. Jos\u00e9 Elias Figueiredo, prefeito municipal, a necessidade de realizar o devido escoamento de \u00e1gua na rua Luiz Furtado de Abreu, frente a academia evoution."}, {"id": "1517", "ano": "2021", "numero": "343", "tipo__sigla": "IND", "tipo__descricao": "Indica\u00e7\u00e3o", "autoria": "Luiz Felipe", "texto_original": "http://sapl.santanadavargem.mg.leg.br/media/sapl/public/materialegislativa/2021/1517/indicacao_152_-_2021_felipao.pdf", "ementa": "Indico ao Exm\u00b0. Sr. Jos\u00e9 Elias Figueiredo, prefeito municipal a\r\nnecessidade de providenciar a instala\u00e7\u00e3o de uma grade cercando a fonte da\r\npra\u00e7a."}, {"id": "1518", "ano": "2021", "numero": "344", "tipo__sigla": "IND", "tipo__descricao": "Indica\u00e7\u00e3o", "autoria": "Luiz Felipe", "texto_original": "http://sapl.santanadavargem.mg.leg.br/media/sapl/public/materialegislativa/2021/1518/indicacao_153_-_2021_felipao.pdf", "ementa": "Indico ao Exm\u00b0. Sr. Jos\u00e9 Elias Figueiredo, prefeito municipal a\r\nnecessidade de criar um projeto que promova a inclus\u00e3o das pessoas deficientes\r\nno mercado de trabalho por meio de incentivos \u00e0s empresas que contratarem\r\nfuncion\u00e1rios com essa condi\u00e7\u00e3o."}, {"id": "1519", "ano": "2021", "numero": "345", "tipo__sigla": "IND", "tipo__descricao": "Indica\u00e7\u00e3o", "autoria": "Luiz Felipe", "texto_original": "http://sapl.santanadavargem.mg.leg.br/media/sapl/public/materialegislativa/2021/1519/indicacao_154_-_2021_felipao.pdf", "ementa": "Indico ao Exm\u00b0. Sr. Jos\u00e9 Elias Figueiredo, prefeito municipal a\r\nnecessidade de criar um projeto que promova a inclus\u00e3o no mercado de trabalho\r\ndas pessoas que nunca assinaram a carteira por meio de incentivos \u00e0s empresas\r\nque contratarem funcion\u00e1rios com essa condi\u00e7\u00e3o."}, {"id": "1524", "ano": "2021", "numero": "346", "tipo__sigla": "IND", "tipo__descricao": "Indica\u00e7\u00e3o", "autoria": "Ezequiel", "texto_original": "http://sapl.santanadavargem.mg.leg.br/media/", "ementa": "Indico ao Exm\u00ba Sr. Jos\u00e9 Elias Figueiredo, a necessidade de implanta\u00e7\u00e3o/constru\u00e7\u00e3o de ondula\u00e7\u00f5es transversais \"quebra molas! nas imedia\u00e7\u00f5es da Rua Coronel Licas , pr\u00f3ximo ao numero 162, neste munic\u00edpio"}, {"id": "1525", "ano": "2021", "numero": "347", "tipo__sigla": "IND", "tipo__descricao": "Indica\u00e7\u00e3o", "autoria": "Ezequiel", "texto_original": "http://sapl.santanadavargem.mg.leg.br/media/", "ementa": "Indico ao Exm\u00ba Senhor Jos\u00e9 Elias Figueiredo, que solicite ao setor competente que proceda a limpeza das margens da Avenida H\u00e9lio Terra, na divisa do Bairro novo, neste munic\u00edpio"}, {"id": "1527", "ano": "2021", "numero": "348", "tipo__sigla": "IND", "tipo__descricao": "Indica\u00e7\u00e3o", "autoria": "Juninho", "texto_original": "http://sapl.santanadavargem.mg.leg.br/media/sapl/public/materialegislativa/2021/1527/indicacao_82_juninho.pdf", "ementa": "Indico ao Exm\u00b0 Sr. Jos\u00e9 Elias Figueiredo, prefeito municipal, a necessidade de realizar a manuten\u00e7\u00e3o das ruas do bairro S\u00e3o Domingos."}, {"id": "1528", "ano": "2021", "numero": "349", "tipo__sigla": "IND", "tipo__descricao": "Indica\u00e7\u00e3o", "autoria": "Juninho", "texto_original": "http://sapl.santanadavargem.mg.leg.br/media/sapl/public/materialegislativa/2021/1528/indicacao_83_juninho.pdf", "ementa": "Indico ao Exm\u00b0 Sr. Jos\u00e9 Elias Figueiredo, prefeito municipal, a necessidade de realizar a manuten\u00e7\u00e3o da cal\u00e7ada da Avenida H\u00e9lio Terra."}, {"id": "1529", "ano": "2021", "numero": "350", "tipo__sigla": "IND", "tipo__descricao": "Indica\u00e7\u00e3o", "autoria": "Luiz Felipe", "texto_original": "http://sapl.santanadavargem.mg.leg.br/media/sapl/public/materialegislativa/2021/1529/indicacao_155_-_2021_felipao_1.pdf", "ementa": "Indico ao Exm\u00b0. Sr. Jos\u00e9 Elias Figueiredo, prefeito municipal a necessidade de dar manuten\u00e7\u00e3o na estrada do S\u00edtio Fidelis."}, {"id": "1544", "ano": "2021", "numero": "351", "tipo__sigla": "IND", "tipo__descricao": "Indica\u00e7\u00e3o", "autoria": "Luiz Felipe", "texto_original": "http://sapl.santanadavargem.mg.leg.br/media/sapl/public/materialegislativa/2021/1544/indicacao_156_-_2021_felipao_1.pdf", "ementa": "Indico ao Exm\u00ba Sr. Jos\u00e9 Elias Figueiredo, prefeito municipal, a necessidade de promover neste munic\u00edpio a CNH social para que pessoas de baixa renda tenham a possibilidade de tirar carteira de motorista  e se inserir no mercado de trabalho"}, {"id": "1554", "ano": "2021", "numero": "352", "tipo__sigla": "IND", "tipo__descricao": "Indica\u00e7\u00e3o", "autoria": "Luiz Felipe", "texto_original": "http://sapl.santanadavargem.mg.leg.br/media/sapl/public/materialegislativa/2021/1554/indicacao_157_-_2021_felipao.pdf", "ementa": "Indico ao Exm\u00ba Sr. Jos\u00e9 Elias Figueiredo, prefeito municipal, a necessidade de providenciar manuten\u00e7\u00e3o tapando um buraco no local da Rua Jos\u00e9 Ven\u00e2ncio de Miranda em frente a casa 632, bairro S\u00e3o Luiz"}, {"id": "707", "ano": "2021", "numero": "1", "tipo__sigla": "PCP", "tipo__descricao": "Parecer das Comiss\u00f5es Permanentes", "autoria": "CESAS - Comiss\u00e3o de Educa\u00e7\u00e3o, Sa\u00fade e Assist\u00eancia Social 2021-2024", "texto_original": "http://sapl.santanadavargem.mg.leg.br/media/sapl/public/materialegislativa/2021/707/parecer_de_comissao_021-2020.pdf", "ementa": "Altera reda\u00e7\u00e3o dos artigos 1\u00b0 e 2\u00b0 da Lei 1521/2020 que cria Projetos/Atividades no PPA, autorizas abertura de cr\u00e9ditos especiais no or\u00e7amento 2020, com finalidade de execu\u00e7\u00e3o de recursos oriundos de transfer\u00eancia estadual e federal e da as outras provid\u00eancias."}, {"id": "716", "ano": "2021", "numero": "2", "tipo__sigla": "PCP", "tipo__descricao": "Parecer das Comiss\u00f5es Permanentes", "autoria": "CFO - Comiss\u00e3o de Finan\u00e7as e Or\u00e7amento 2021-2024", "texto_original": "http://sapl.santanadavargem.mg.leg.br/media/sapl/public/materialegislativa/2021/716/projeto_de_lei_01-2021_comissao_de_financas_e_orcamento.pdf", "ementa": "Autoriza a revis\u00e3o geral anual da remunera\u00e7\u00e3o dos servidores e agentes pol\u00edticos do Poder Legislativo Municipal"}, {"id": "746", "ano": "2021", "numero": "3", "tipo__sigla": "PCP", "tipo__descricao": "Parecer das Comiss\u00f5es Permanentes", "autoria": "CLJRF - Comiss\u00e3o de Legisla\u00e7\u00e3o, Justi\u00e7a e Reda\u00e7\u00e3o Final 2021-2024", "texto_original": "http://sapl.santanadavargem.mg.leg.br/media/sapl/public/materialegislativa/2021/746/parecer_da_comissao_de_legislacao_justica_e_redacao_final.pdf", "ementa": "Autoriza a revis\u00e3o geral anual da remunera\u00e7\u00e3o dos servidores e agentes pol\u00edticos do Poder Legislativo Municipal"}, {"id": "775", "ano": "2021", "numero": "4", "tipo__sigla": "PCP", "tipo__descricao": "Parecer das Comiss\u00f5es Permanentes", "autoria": "CFO - Comiss\u00e3o de Finan\u00e7as e Or\u00e7amento 2021-2024", "texto_original": "http://sapl.santanadavargem.mg.leg.br/media/sapl/public/materialegislativa/2021/775/parecer_da_comissao_de_financas_e_orcamento_projeto_de_lei_ordinaria_no3-2021.pdf", "ementa": "Altera a reda\u00e7\u00e3o do inciso I, Art.4 da Lei n\u00b0 1532/2020 e da outras providencias"}, {"id": "776", "ano": "2021", "numero": "5", "tipo__sigla": "PCP", "tipo__descricao": "Parecer das Comiss\u00f5es Permanentes", "autoria": "CLJRF - Comiss\u00e3o de Legisla\u00e7\u00e3o, Justi\u00e7a e Reda\u00e7\u00e3o Final 2021-2024", "texto_original": "http://sapl.santanadavargem.mg.leg.br/media/sapl/public/materialegislativa/2021/776/parecer_da_comissao_de_legislacao_justica_e_redacao_final_projeto_de_lei_no03-2021.pdf", "ementa": "Altera reda\u00e7\u00e3o do inciso I, artigo 4\u00ba da Lei n\u00ba 1.532/2020 e d\u00e1 outras provid\u00eancias"}, {"id": "777", "ano": "2021", "numero": "6", "tipo__sigla": "PCP", "tipo__descricao": "Parecer das Comiss\u00f5es Permanentes", "autoria": "CFO - Comiss\u00e3o de Finan\u00e7as e Or\u00e7amento 2021-2024", "texto_original": "http://sapl.santanadavargem.mg.leg.br/media/sapl/public/materialegislativa/2021/777/parecer_da_comissao_de_financas_e_orcamentos_projeto_de_lei_02-2021.pdf", "ementa": "Cria Projetos/Atividades no PPA, autoriza a abertura de cr\u00e9ditos especiais no or\u00e7amento 2021, com a finalidade de execu\u00e7\u00e3o de recursos oriundos de transfer\u00eancias federais e d\u00e1 outras provid\u00eancias"}, {"id": "778", "ano": "2021", "numero": "7", "tipo__sigla": "PCP", "tipo__descricao": "Parecer das Comiss\u00f5es Permanentes", "autoria": "CESAS - Comiss\u00e3o de Educa\u00e7\u00e3o, Sa\u00fade e Assist\u00eancia Social 2021-2024", "texto_original": "http://sapl.santanadavargem.mg.leg.br/media/sapl/public/materialegislativa/2021/778/parecer_da_comissao_de_educacao_saude_e_assistencia_social_projeto_de_lei_no_2-2021.pdf", "ementa": "Cria Projetos/Atividades no PPA, autoriza a abertura de cr\u00e9ditos especiais no or\u00e7amento 2021, com a finalidade de execu\u00e7\u00e3o de recursos oriundos de transfer\u00eancias federais e d\u00e1 outras provid\u00eancias"}, {"id": "779", "ano": "2021", "numero": "8", "tipo__sigla": "PCP", "tipo__descricao": "Parecer das Comiss\u00f5es Permanentes", "autoria": "CLJRF - Comiss\u00e3o de Legisla\u00e7\u00e3o, Justi\u00e7a e Reda\u00e7\u00e3o Final 2021-2024", "texto_original": "http://sapl.santanadavargem.mg.leg.br/media/sapl/public/materialegislativa/2021/779/parecer_da_comissao_de_legislacao_justica_e_redacao_final_projeto_de_lei_no_02-2021.pdf", "ementa": "Cria Projetos/Atividades no PPA, autoriza a abertura de cr\u00e9ditos no or\u00e7amento 2021, com a finalidade de execu\u00e7\u00e3o de recursos oriundos de transfer\u00eancias federais e d\u00e1 outras provid\u00eancias"}, {"id": "809", "ano": "2021", "numero": "9", "tipo__sigla": "PCP", "tipo__descricao": "Parecer das Comiss\u00f5es Permanentes", "autoria": "CLJRF - Comiss\u00e3o de Legisla\u00e7\u00e3o, Justi\u00e7a e Reda\u00e7\u00e3o Final 2021-2024", "texto_original": "http://sapl.santanadavargem.mg.leg.br/media/sapl/public/materialegislativa/2021/809/03-03_parecer_cljrf.pdf", "ementa": "Altera dispositivos da Lei Municipal, 1.396 de 29 de outubro de 2015, que estabelece regras, n\u00edvel municipal, pelas quais s\u00e3o a sociedade e/ou entidade declaradas de utilidade p\u00fablica e d\u00e1 outras provid\u00eancias."}, {"id": "811", "ano": "2021", "numero": "10", "tipo__sigla": "PCP", "tipo__descricao": "Parecer das Comiss\u00f5es Permanentes", "autoria": "CFO - Comiss\u00e3o de Finan\u00e7as e Or\u00e7amento 2021-2024", "texto_original": "http://sapl.santanadavargem.mg.leg.br/media/sapl/public/materialegislativa/2021/811/03-03_comissao_f.o.pdf", "ementa": "Altera dispositivos da Lei Municipal, 1.396 de 29 de outubro de 2015, que estabelece regras, n\u00edvel municipal, pelas quais s\u00e3o a sociedade e/ou entidade declaradas de utilidade p\u00fablica e d\u00e1 outras provid\u00eancias."}, {"id": "812", "ano": "2021", "numero": "11", "tipo__sigla": "PCP", "tipo__descricao": "Parecer das Comiss\u00f5es Permanentes", "autoria": "CLJRF - Comiss\u00e3o de Legisla\u00e7\u00e3o, Justi\u00e7a e Reda\u00e7\u00e3o Final 2021-2024", "texto_original": "http://sapl.santanadavargem.mg.leg.br/media/sapl/public/materialegislativa/2021/812/03-03_parecer_cljrf_11-2021.pdf", "ementa": "Altera a Lei Municipal n\u00b01.473, de 17 de dezembro de 2018 que disp\u00f5e sobre a cria\u00e7\u00e3o do Conselho Municipal de Esportes e d\u00e1 outras provid\u00eancias"}, {"id": "813", "ano": "2021", "numero": "12", "tipo__sigla": "PCP", "tipo__descricao": "Parecer das Comiss\u00f5es Permanentes", "autoria": "CFO - Comiss\u00e3o de Finan\u00e7as e Or\u00e7amento 2021-2024", "texto_original": "http://sapl.santanadavargem.mg.leg.br/media/sapl/public/materialegislativa/2021/813/03-03_comissao_f.o_11-2021.pdf", "ementa": "Altera a Lei Municipal n\u00b01.473, de 17 de dezembro de 2018 que disp\u00f5e sobre a cria\u00e7\u00e3o do Conselho Municipal de Esportes e d\u00e1 outras provid\u00eancias"}, {"id": "814", "ano": "2021", "numero": "13", "tipo__sigla": "PCP", "tipo__descricao": "Parecer das Comiss\u00f5es Permanentes", "autoria": "CLJRF - Comiss\u00e3o de Legisla\u00e7\u00e3o, Justi\u00e7a e Reda\u00e7\u00e3o Final 2021-2024", "texto_original": "http://sapl.santanadavargem.mg.leg.br/media/sapl/public/materialegislativa/2021/814/03-03_parecer_cljrf_08-2021.pdf", "ementa": "Abertura de Cr\u00e9dito Especial por super\u00e1vit financeiro, referente a resolu\u00e7\u00e3o estatal RES SES 7112 e d\u00e1 outras provid\u00eancias"}, {"id": "815", "ano": "2021", "numero": "14", "tipo__sigla": "PCP", "tipo__descricao": "Parecer das Comiss\u00f5es Permanentes", "autoria": "CFO - Comiss\u00e3o de Finan\u00e7as e Or\u00e7amento 2021-2024", "texto_original": "http://sapl.santanadavargem.mg.leg.br/media/sapl/public/materialegislativa/2021/815/03-03_comissao_f.o_08-2021.pdf", "ementa": "Abertura de Cr\u00e9dito Especial por super\u00e1vit financeiro, referente a resolu\u00e7\u00e3o estatal RES SES 7112 e d\u00e1 outras provid\u00eancias"}, {"id": "886", "ano": "2021", "numero": "15", "tipo__sigla": "PCP", "tipo__descricao": "Parecer das Comiss\u00f5es Permanentes", "autoria": "CLJRF - Comiss\u00e3o de Legisla\u00e7\u00e3o, Justi\u00e7a e Reda\u00e7\u00e3o Final 2021-2024", "texto_original": "http://sapl.santanadavargem.mg.leg.br/media/sapl/public/materialegislativa/2021/886/parecer_cljrf_plo_16.pdf", "ementa": "Disp\u00f5e sobre a cria\u00e7\u00e3o do Conselho Municipal de Acompanhamento e Controle Social do Fundo de Manuten\u00e7\u00e3o e Desenvolvimento da Educa\u00e7\u00e3o B\u00e1sica e de Valoriza\u00e7\u00e3o dos Profissionais do Educa\u00e7\u00e3o- CACS/FUNDEB"}, {"id": "887", "ano": "2021", "numero": "16", "tipo__sigla": "PCP", "tipo__descricao": "Parecer das Comiss\u00f5es Permanentes", "autoria": "CFO - Comiss\u00e3o de Finan\u00e7as e Or\u00e7amento 2021-2024", "texto_original": "http://sapl.santanadavargem.mg.leg.br/media/sapl/public/materialegislativa/2021/887/parecer_cfo_plo_16.pdf", "ementa": "PARECER DA COMISS\u00c3O DE FINAN\u00c7AS E OR\u00c7AMENTO - PROJETO DE LEI ORDIN\u00c1RIA N\u00ba 016/2021 - ASSUNTO: \u201cDisp\u00f5e sobre a cria\u00e7\u00e3o do Conselho Municipal de Acompanhamento e Controle Social do Fundo de Manuten\u00e7\u00e3o e Desenvolvimento da Educa\u00e7\u00e3o B\u00e1sica e de Valoriza\u00e7\u00e3o dos Profissionais do Educa\u00e7\u00e3o- CACS/FUNDEB\u201d."}, {"id": "894", "ano": "2021", "numero": "17", "tipo__sigla": "PCP", "tipo__descricao": "Parecer das Comiss\u00f5es Permanentes", "autoria": "CLJRF - Comiss\u00e3o de Legisla\u00e7\u00e3o, Justi\u00e7a e Reda\u00e7\u00e3o Final 2021-2024", "texto_original": "http://sapl.santanadavargem.mg.leg.br/media/sapl/public/materialegislativa/2021/894/26-03-2021_parecer_comissao_de_legislacao_justica_e_redacao_final.pdf", "ementa": "Disp\u00f5e sobre a cria\u00e7\u00e3o do Conselho Municipal de Acompanhamento e Controle Social do Fundo de Manuten\u00e7\u00e3o e Desenvolvimento da Educa\u00e7\u00e3o B\u00e1sica e de Valoriza\u00e7\u00e3o dos Profissionais do Educa\u00e7\u00e3o- CAS/FUNDEB"}, {"id": "911", "ano": "2021", "numero": "18", "tipo__sigla": "PCP", "tipo__descricao": "Parecer das Comiss\u00f5es Permanentes", "autoria": "CLJRF - Comiss\u00e3o de Legisla\u00e7\u00e3o, Justi\u00e7a e Reda\u00e7\u00e3o Final 2021-2024", "texto_original": "http://sapl.santanadavargem.mg.leg.br/media/sapl/public/materialegislativa/2021/911/31-03-2021_parecer_da_comissao_de_legislacao_justica_e_redacao_final_ao_projeto_de_lei_19-2021.pdf", "ementa": "Parecer da Comiss\u00e3o de Legisla\u00e7\u00e3o, Justi\u00e7a e reda\u00e7\u00e3o final ao projeto de lei ordin\u00e1ria n\u00ba 19/2021"}, {"id": "915", "ano": "2021", "numero": "19", "tipo__sigla": "PCP", "tipo__descricao": "Parecer das Comiss\u00f5es Permanentes", "autoria": "CFO - Comiss\u00e3o de Finan\u00e7as e Or\u00e7amento 2021-2024", "texto_original": "http://sapl.santanadavargem.mg.leg.br/media/sapl/public/materialegislativa/2021/915/05-04-2021_parecer_comissao_de_financas_e_orcamento.pdf", "ementa": "Projeto de lei n\u00ba 10/2021: Altera a Lei municipal 1.494, de 20 de agosto de 2019 que autoriza a filia\u00e7\u00e3o ao CISLAGOS- Cons\u00f3rcio Intermunicipal de Sa\u00fade da Regi\u00e3o dos Lagos do Sul de Minas"}, {"id": "916", "ano": "2021", "numero": "20", "tipo__sigla": "PCP", "tipo__descricao": "Parecer das Comiss\u00f5es Permanentes", "autoria": "CFO - Comiss\u00e3o de Finan\u00e7as e Or\u00e7amento 2021-2024", "texto_original": "http://sapl.santanadavargem.mg.leg.br/media/sapl/public/materialegislativa/2021/916/05-04-2021_pareceer_comissao_de_financas_e_orcamento_pl_09.pdf", "ementa": "Projeto de lei 09/2021: Altera o artigo 1\u00ba da lei municipal 1.118 de 11 de fevereiro de 2009, que autoriza o Munic\u00edpio de Santana da Vargem a participar do Cons\u00f3rcio Intermunicipal de Sa\u00fade Sulmineiro- CISSUL e revoga a Lei Municipal 1.468 de 12 de novembro de 2018 e d\u00e1 outras provid\u00eancias."}, {"id": "922", "ano": "2021", "numero": "22", "tipo__sigla": "PCP", "tipo__descricao": "Parecer das Comiss\u00f5es Permanentes", "autoria": "CLJRF - Comiss\u00e3o de Legisla\u00e7\u00e3o, Justi\u00e7a e Reda\u00e7\u00e3o Final 2021-2024", "texto_original": "http://sapl.santanadavargem.mg.leg.br/media/sapl/public/materialegislativa/2021/922/06-04-2021_parecer_da_comissao_de_legislacao_justica_e_redacao_final.pdf", "ementa": "Altera o anexo da lei municipal 1.038, de 02 de julho de 2008, referente aos requisitos e escolaridade do cargo de operador de m\u00e1quinas pesadas"}, {"id": "923", "ano": "2021", "numero": "23", "tipo__sigla": "PCP", "tipo__descricao": "Parecer das Comiss\u00f5es Permanentes", "autoria": "CLJRF - Comiss\u00e3o de Legisla\u00e7\u00e3o, Justi\u00e7a e Reda\u00e7\u00e3o Final 2021-2024", "texto_original": "http://sapl.santanadavargem.mg.leg.br/media/sapl/public/materialegislativa/2021/923/07-04-2021_parecer_comissao_de_legislacao_justica_e_redacao_final.pdf", "ementa": "Institui o programa de recupera\u00e7\u00e3o de cr\u00e9ditos- PROREFIS- no \u00e2mbito do munic\u00edpio de Santana da Vargem e da outras provid\u00eancias"}, {"id": "927", "ano": "2021", "numero": "24", "tipo__sigla": "PCP", "tipo__descricao": "Parecer das Comiss\u00f5es Permanentes", "autoria": "CFO - Comiss\u00e3o de Finan\u00e7as e Or\u00e7amento 2021-2024", "texto_original": "http://sapl.santanadavargem.mg.leg.br/media/sapl/public/materialegislativa/2021/927/08-04-2021_parecer_da_comissao_de_financas_e_orcamento_projeto_de_lei_023-2021.pdf", "ementa": "Autoriza\u00e7\u00e3o a cria\u00e7\u00e3o de sub-elemento de despesas na Lei n\u00ba 1.532, de 16 de novembro de 2020 (Estima a receita e fixa despesas do munic\u00edpio de Santana da Vargem-MG para o exerc\u00edcio financeiro de 2021) e d\u00e1 outras provid\u00eancias"}, {"id": "928", "ano": "2021", "numero": "25", "tipo__sigla": "PCP", "tipo__descricao": "Parecer das Comiss\u00f5es Permanentes", "autoria": "CLJRF - Comiss\u00e3o de Legisla\u00e7\u00e3o, Justi\u00e7a e Reda\u00e7\u00e3o Final 2021-2024", "texto_original": "http://sapl.santanadavargem.mg.leg.br/media/sapl/public/materialegislativa/2021/928/08-04-2021_parecer_da_comissao_de_legislacao_justica_e_redacao_final_projeto_de_lei_23.pdf", "ementa": "Autoriza a cria\u00e7\u00e3o de sub-elemento de despesa na lei n\u00ba 1.532, de 16 de novembro de 2020 (estima receita e fixa despesas do munic\u00edpio de Santana da Vargem-MG para o exerc\u00edcio financeiro de 2021) e d\u00e1 outras provid\u00eancias"}, {"id": "933", "ano": "2021", "numero": "26", "tipo__sigla": "PCP", "tipo__descricao": "Parecer das Comiss\u00f5es Permanentes", "autoria": "CLJRF - Comiss\u00e3o de Legisla\u00e7\u00e3o, Justi\u00e7a e Reda\u00e7\u00e3o Final 2021-2024", "texto_original": "http://sapl.santanadavargem.mg.leg.br/media/sapl/public/materialegislativa/2021/933/12-04-2021_parecer_da_comissao_justica_e_redacao_final.pdf", "ementa": "Parecer ao projeto de lei ordin\u00e1ria 012/2021: \"Disp\u00f5e sobre a altera\u00e7\u00e3o da lei municipal n\u00ba 1.103, de 13 de janeiro de 2009 e d\u00e1 outras provid\u00eancias\""}, {"id": "934", "ano": "2021", "numero": "27", "tipo__sigla": "PCP", "tipo__descricao": "Parecer das Comiss\u00f5es Permanentes", "autoria": "CESAS - Comiss\u00e3o de Educa\u00e7\u00e3o, Sa\u00fade e Assist\u00eancia Social 2021-2024", "texto_original": "http://sapl.santanadavargem.mg.leg.br/media/sapl/public/materialegislativa/2021/934/13-04-2021_parecer_da_comissao_de_educacao_saude_e_assistencia_social_ao_pl12.pdf", "ementa": "Parecer ao projeto de lei 12/2021: \"Disp\u00f5e sobre a altera\u00e7\u00e3o da lei municipal n\u00ba1.103, de 13 de janeiro de 2009 e d\u00e1 outras provid\u00eancias"}, {"id": "945", "ano": "2021", "numero": "28", "tipo__sigla": "PCP", "tipo__descricao": "Parecer das Comiss\u00f5es Permanentes", "autoria": "CFO - Comiss\u00e3o de Finan\u00e7as e Or\u00e7amento 2021-2024", "texto_original": "http://sapl.santanadavargem.mg.leg.br/media/sapl/public/materialegislativa/2021/945/15-04-2021_parecer_da_comissao_de_financas_e_orcamento_ao_projeto_de_lei_12-2021.pdf", "ementa": "Parecer ao projeto de lei ordin\u00e1ria n\u00ba12/2021: \"Disp\u00f5e sobre a Altera\u00e7\u00e3o da Lei Municipal n\u00ba1.103 de 13 de janeiro de 2009 e d\u00e1 outras provid\u00eancias"}, {"id": "955", "ano": "2021", "numero": "29", "tipo__sigla": "PCP", "tipo__descricao": "Parecer das Comiss\u00f5es Permanentes", "autoria": "CLJRF - Comiss\u00e3o de Legisla\u00e7\u00e3o, Justi\u00e7a e Reda\u00e7\u00e3o Final 2021-2024", "texto_original": "http://sapl.santanadavargem.mg.leg.br/media/sapl/public/materialegislativa/2021/955/20-04-2021_parecer_da_comissao_de_legislacao_justica_e_redacao_final_ao_projeto_de_lei_05-2021_legislativo.pdf", "ementa": "Parecer ao projeto de lei ordin\u00e1ria do legislativo n\u00ba05/2021: \"Disp\u00f5e sobre a prefer\u00eancia na matr\u00edcula nas creches e institui\u00e7\u00f5es de ensino infantil e fundamental do munic\u00edpio de Santana da Vargem, e d\u00e1 outras provid\u00eancias\""}, {"id": "981", "ano": "2021", "numero": "31", "tipo__sigla": "PCP", "tipo__descricao": "Parecer das Comiss\u00f5es Permanentes", "autoria": "CLJRF - Comiss\u00e3o de Legisla\u00e7\u00e3o, Justi\u00e7a e Reda\u00e7\u00e3o Final 2021-2024", "texto_original": "http://sapl.santanadavargem.mg.leg.br/media/sapl/public/materialegislativa/2021/981/29-04-2021_parecer_do_projeto_de_lei_21-2021_cljrf.pdf", "ementa": "Parecer do projeto de lei ordin\u00e1ria 24/2021: \"Autoriza o munic\u00edpio de Santana da Vargem a instituir a pol\u00edtica municipal de incentivo ao desenvolvimento econ\u00f4mico e d\u00e1 outras provid\u00eancias\""}, {"id": "982", "ano": "2021", "numero": "32", "tipo__sigla": "PCP", "tipo__descricao": "Parecer das Comiss\u00f5es Permanentes", "autoria": "CLJRF - Comiss\u00e3o de Legisla\u00e7\u00e3o, Justi\u00e7a e Reda\u00e7\u00e3o Final 2021-2024", "texto_original": "http://sapl.santanadavargem.mg.leg.br/media/sapl/public/materialegislativa/2021/982/29-04-2021_parecer_do_projeto_de_lei_21-2021_cljrf.pdf", "ementa": "\"Parecer projeto de emenda a lei org\u00e2nica 01/2021: \"Disp\u00f5e sobre altera\u00e7\u00e3o inciso IV, do artigo 8\u00ba da Lei Org\u00e2nica do munic\u00edpio de Santana da Vargem que disp\u00f5e sobre as veda\u00e7\u00f5es impostas ao munic\u00edpio e d\u00e1 outras provid\u00eancias\""}, {"id": "983", "ano": "2021", "numero": "33", "tipo__sigla": "PCP", "tipo__descricao": "Parecer das Comiss\u00f5es Permanentes", "autoria": "CFO - Comiss\u00e3o de Finan\u00e7as e Or\u00e7amento 2021-2024", "texto_original": "http://sapl.santanadavargem.mg.leg.br/media/sapl/public/materialegislativa/2021/983/29-04-2021_parcer_do_projeto_de_lei_24-2021_cfo.pdf", "ementa": "Parecer do projeto de lei 24/2021: \"Autoriza o munic\u00edpio de Santana da Vargem a instituir a pol\u00edtica municipal de incentivo econ\u00f4mico e d\u00e1 outras provid\u00eancias\""}, {"id": "984", "ano": "2021", "numero": "34", "tipo__sigla": "PCP", "tipo__descricao": "Parecer das Comiss\u00f5es Permanentes", "autoria": "CFO - Comiss\u00e3o de Finan\u00e7as e Or\u00e7amento 2021-2024", "texto_original": "http://sapl.santanadavargem.mg.leg.br/media/sapl/public/materialegislativa/2021/984/29-04-2021_parecer_do_projeto_de_emenda_a_lei_organica_01-2021_cfo.pdf", "ementa": "Parecer do projeto de emenda a lei org\u00e2nica 01/2021: \"Disp\u00f5e sobre as altera\u00e7\u00f5es da Lei Org\u00e2nica do Munic\u00edpio de Santana da Vargem e d\u00e1 outras provid\u00eancias"}, {"id": "1004", "ano": "2021", "numero": "35", "tipo__sigla": "PCP", "tipo__descricao": "Parecer das Comiss\u00f5es Permanentes", "autoria": "COSPAC - Comiss\u00e3o de Obras, Servi\u00e7os P\u00fablicos, Agroind\u00fastria, Com\u00e9rcio e Turismo 2021-2024", "texto_original": "http://sapl.santanadavargem.mg.leg.br/media/sapl/public/materialegislativa/2021/1004/03-05-2021_parecer_comissao_de_obras_servicos_publicos_plo24-2021.pdf", "ementa": "Parecer do projeto de lei ordin\u00e1ria 24/2021: \u201cAutoriza o munic\u00edpio de Santana da Vargem a instituir a pol\u00edtica municipal de incentivo ao desenvolvimento econ\u00f4mico e d\u00e1 outras provid\u00eancias .\u201d"}, {"id": "1005", "ano": "2021", "numero": "36", "tipo__sigla": "PCP", "tipo__descricao": "Parecer das Comiss\u00f5es Permanentes", "autoria": "COSPAC - Comiss\u00e3o de Obras, Servi\u00e7os P\u00fablicos, Agroind\u00fastria, Com\u00e9rcio e Turismo 2021-2024", "texto_original": "http://sapl.santanadavargem.mg.leg.br/media/sapl/public/materialegislativa/2021/1005/pareccer_comisscao_obras._pl_06_1.pdf", "ementa": "Parecer do Projeto de Lei 06/2021:  \u201cDisp\u00f5es sobre a concess\u00e3o e  presta\u00e7\u00e3o de contas de adiantamentos para realiza\u00e7\u00e3o de despesas urgentes e de pequeno vulto no \u00e2mbito do munic\u00edpio de Santana da vargem .\u201d"}, {"id": "1006", "ano": "2021", "numero": "37", "tipo__sigla": "PCP", "tipo__descricao": "Parecer das Comiss\u00f5es Permanentes", "autoria": "CLJRF - Comiss\u00e3o de Legisla\u00e7\u00e3o, Justi\u00e7a e Reda\u00e7\u00e3o Final 2021-2024", "texto_original": "http://sapl.santanadavargem.mg.leg.br/media/sapl/public/materialegislativa/2021/1006/04-05-2021_parecer_projeto_de_lei_06-2021_cljrf.pdf", "ementa": "Parecer ao projeto de lei 06/2021: \"Disp\u00f5e sobre a concess\u00e3o e presta\u00e7\u00e3o de contas de adiantamentos para realiza\u00e7\u00e3o de despesas urgentes e de pequeno vulto no \u00e2mbito do munic\u00edpio de Santana da Vargem\""}, {"id": "1009", "ano": "2021", "numero": "38", "tipo__sigla": "PCP", "tipo__descricao": "Parecer das Comiss\u00f5es Permanentes", "autoria": "CFO - Comiss\u00e3o de Finan\u00e7as e Or\u00e7amento 2021-2024", "texto_original": "http://sapl.santanadavargem.mg.leg.br/media/sapl/public/materialegislativa/2021/1009/04-03-2021_parecer_ao_projeto_de_lei_006-2021_cfo.pdf", "ementa": "Parecer ao projeto de lei 06/2021: \u201cDisp\u00f5e sobre a concess\u00e3o e presta\u00e7\u00e3o e presta\u00e7\u00e3o de contas de adiantamentos para realiza\u00e7\u00e3o de despesas urgentes e de pequeno vulto no \u00e2mbito do munic\u00edpio de Santana da Vargem.\u201d"}, {"id": "1017", "ano": "2021", "numero": "39", "tipo__sigla": "PCP", "tipo__descricao": "Parecer das Comiss\u00f5es Permanentes", "autoria": "CFO - Comiss\u00e3o de Finan\u00e7as e Or\u00e7amento 2021-2024", "texto_original": "http://sapl.santanadavargem.mg.leg.br/media/sapl/public/materialegislativa/2021/1017/10-05-2021_parecer_da_comissao_de_financas_e_orcamento_projeto_de_lei_31-2021.pdf", "ementa": "Parecer ao projeto de lei 31/2021: \"Disp\u00f5e sobre abertura de cr\u00e9dito especial por super\u00e1vit financeiro visando o cofinanciamento da Santa Casa de Miseric\u00f3rdia do Hospital S\u00e3o Francisco de Assis para a manuten\u00e7\u00e3o de leitos da UTI COVID-19 e d\u00e1 outras provid\u00eancias"}, {"id": "1032", "ano": "2021", "numero": "40", "tipo__sigla": "PCP", "tipo__descricao": "Parecer das Comiss\u00f5es Permanentes", "autoria": "CLJRF - Comiss\u00e3o de Legisla\u00e7\u00e3o, Justi\u00e7a e Reda\u00e7\u00e3o Final 2021-2024", "texto_original": "http://sapl.santanadavargem.mg.leg.br/media/sapl/public/materialegislativa/2021/1032/parecer_da_comissao_legislacao_justica_e_redacao_final.pdf", "ementa": "Parecer ao projeto de lei 31/2021: \"Disp\u00f5e sobre abertura de cr\u00e9dito adicional especial por super\u00e1vit financeiro visando o cofinanciamento da Santa Casa de Miseric\u00f3rdia do Hospital S\u00e3o Fancisco de Assis para manuten\u00e7\u00e3o de leitos da UTI COVID-19 e d\u00e1 outras provid\u00eancias\""}, {"id": "1046", "ano": "2021", "numero": "41", "tipo__sigla": "PCP", "tipo__descricao": "Parecer das Comiss\u00f5es Permanentes", "autoria": "CFO - Comiss\u00e3o de Finan\u00e7as e Or\u00e7amento 2021-2024", "texto_original": "http://sapl.santanadavargem.mg.leg.br/media/sapl/public/materialegislativa/2021/1046/18-05-2021_parecer_da_comissao_de_orcamento_2-2021.pdf", "ementa": "Parecer projeto de lei 27/2021: \"Abertura de Cr\u00e9ditos Especiais por excesso de arrecada\u00e7\u00e3o e por super\u00e1vit financeiro, referente \u00e0s resolu\u00e7\u00f5es estaduais SES/MG 5225/2016, 5225/2016, 5797/2017, 6206/2018 e 6617/2019 e d\u00e1 outras provid\u00eancias"}, {"id": "1047", "ano": "2021", "numero": "42", "tipo__sigla": "PCP", "tipo__descricao": "Parecer das Comiss\u00f5es Permanentes", "autoria": "CLJRF - Comiss\u00e3o de Legisla\u00e7\u00e3o, Justi\u00e7a e Reda\u00e7\u00e3o Final 2021-2024", "texto_original": "http://sapl.santanadavargem.mg.leg.br/media/sapl/public/materialegislativa/2021/1047/18-05-2021_parecer_da_comissao_de_legislacao_justica_e_redacao_final_27-2021.pdf", "ementa": "Parecer projeto de lei 27/2021: \"Abertura de Cr\u00e9ditos Especiais por excesso de arrecada\u00e7\u00e3o e por super\u00e1vit financeiro, referente \u00e0s resolu\u00e7\u00f5es estaduais SES/MG 5225/2016, 5225/2016, 5797/2017, 6206/2018 e 6617/2019 e d\u00e1 outras provid\u00eancias\""}, {"id": "1048", "ano": "2021", "numero": "43", "tipo__sigla": "PCP", "tipo__descricao": "Parecer das Comiss\u00f5es Permanentes", "autoria": "CESAS - Comiss\u00e3o de Educa\u00e7\u00e3o, Sa\u00fade e Assist\u00eancia Social 2021-2024", "texto_original": "http://sapl.santanadavargem.mg.leg.br/media/sapl/public/materialegislativa/2021/1048/18-05-2021_parecer_da_comissao_de_saude_e_assistencia_social_27-2021.pdf", "ementa": "Parecer projeto de lei 27/2021: \"Abertura de Cr\u00e9ditos Especiais por excesso de arrecada\u00e7\u00e3o e por super\u00e1vit financeiro, referente \u00e0s resolu\u00e7\u00f5es estaduais SES/MG 5225/2016, 5225/2016, 5797/2017, 6206/2018 e 6617/2019 e d\u00e1 outras provid\u00eancias"}, {"id": "1056", "ano": "2021", "numero": "44", "tipo__sigla": "PCP", "tipo__descricao": "Parecer das Comiss\u00f5es Permanentes", "autoria": "CLJRF - Comiss\u00e3o de Legisla\u00e7\u00e3o, Justi\u00e7a e Reda\u00e7\u00e3o Final 2021-2024", "texto_original": "http://sapl.santanadavargem.mg.leg.br/media/sapl/public/materialegislativa/2021/1056/25-05-2021_pareccer_comisscao_ljr_2505t.pdf", "ementa": "PARECER DA COMISS\u00c3O LEGISLA\u00c7\u00c3O, JUSTI\u00c7A E REDA\u00c7\u00c3O FINAL PROJETO DE LEI ORDIN\u00c1RIA DO LEGISLATIVO  N\u00ba 03/2021"}, {"id": "1074", "ano": "2021", "numero": "45", "tipo__sigla": "PCP", "tipo__descricao": "Parecer das Comiss\u00f5es Permanentes", "autoria": "CESAS - Comiss\u00e3o de Educa\u00e7\u00e3o, Sa\u00fade e Assist\u00eancia Social 2021-2024", "texto_original": "http://sapl.santanadavargem.mg.leg.br/media/sapl/public/materialegislativa/2021/1074/02-06-2021_parecer_cesas_36-21.pdf", "ementa": "Parecer da comiss\u00e3o de educa\u00e7\u00e3o, sa\u00fade e assist\u00eancia social ao projeto de lei ordin\u00e1ria do legislativo 36/2021"}, {"id": "1075", "ano": "2021", "numero": "46", "tipo__sigla": "PCP", "tipo__descricao": "Parecer das Comiss\u00f5es Permanentes", "autoria": "CLJRF - Comiss\u00e3o de Legisla\u00e7\u00e3o, Justi\u00e7a e Reda\u00e7\u00e3o Final 2021-2024", "texto_original": "http://sapl.santanadavargem.mg.leg.br/media/", "ementa": "Parecer da Comiss\u00e3o de Legisla\u00e7\u00e3o Justi\u00e7a e reda\u00e7\u00e3o final ao projeto de lei ordin\u00e1ria do legislativo 36/2021"}, {"id": "1076", "ano": "2021", "numero": "47", "tipo__sigla": "PCP", "tipo__descricao": "Parecer das Comiss\u00f5es Permanentes", "autoria": "CFO - Comiss\u00e3o de Finan\u00e7as e Or\u00e7amento 2021-2024", "texto_original": "http://sapl.santanadavargem.mg.leg.br/media/sapl/public/materialegislativa/2021/1076/02-06-2021_parecer_cesas_36-21.pdf", "ementa": "Parecer da Comiss\u00e3o de Finan\u00e7as e Or\u00e7amento ao projeto de lei ordin\u00e1ria 36/2021"}, {"id": "1077", "ano": "2021", "numero": "48", "tipo__sigla": "PCP", "tipo__descricao": "Parecer das Comiss\u00f5es Permanentes", "autoria": "CESAS - Comiss\u00e3o de Educa\u00e7\u00e3o, Sa\u00fade e Assist\u00eancia Social 2021-2024", "texto_original": "http://sapl.santanadavargem.mg.leg.br/media/", "ementa": "Parecer da Comiss\u00e3o de Educa\u00e7\u00e3o, sa\u00fade e assist\u00eancia social ao projeto de lei ordin\u00e1ria do legislativo 03/2021"}, {"id": "1094", "ano": "2021", "numero": "49", "tipo__sigla": "PCP", "tipo__descricao": "Parecer das Comiss\u00f5es Permanentes", "autoria": "COSPAC - Comiss\u00e3o de Obras, Servi\u00e7os P\u00fablicos, Agroind\u00fastria, Com\u00e9rcio e Turismo 2021-2024", "texto_original": "http://sapl.santanadavargem.mg.leg.br/media/sapl/public/materialegislativa/2021/1094/parecer__obras_desapropriacao.pdf", "ementa": "PROJETO DE LEI ORDIN\u00c1RIA N\u00ba 34/2021\r\nASSUNTO: \u201cDisp\u00f5e sobre autoriza\u00e7\u00e3o ao poder executivo municipal a efetivar a desapropria\u00e7\u00e3o amig\u00e1vel ou judicial da \u00e1rea que menciona, e d\u00e1 outras provid\u00eancias\u201d."}, {"id": "1095", "ano": "2021", "numero": "50", "tipo__sigla": "PCP", "tipo__descricao": "Parecer das Comiss\u00f5es Permanentes", "autoria": "CFO - Comiss\u00e3o de Finan\u00e7as e Or\u00e7amento 2021-2024", "texto_original": "http://sapl.santanadavargem.mg.leg.br/media/sapl/public/materialegislativa/2021/1095/parecer_cfo.pdf", "ementa": "PROJETO DE LEI ORDIN\u00c1RIA N\u00ba 34/2021\r\nASSUNTO: \u201cDisp\u00f5e sobre autoriza\u00e7\u00e3o ao poder executivo municipal a efetivar a desapropria\u00e7\u00e3o amig\u00e1vel ou judicial da \u00e1rea que menciona e d\u00e1 outras providencias.\u201d"}, {"id": "1096", "ano": "2021", "numero": "51", "tipo__sigla": "PCP", "tipo__descricao": "Parecer das Comiss\u00f5es Permanentes", "autoria": "CFO - Comiss\u00e3o de Finan\u00e7as e Or\u00e7amento 2021-2024", "texto_original": "http://sapl.santanadavargem.mg.leg.br/media/sapl/public/materialegislativa/2021/1096/parecer_pl_13-2021_1.pdf", "ementa": "PROJETO DE LEI ORDIN\u00c1RIA N\u00ba 13/2021\r\nASSUNTO: \u201cInstitui no Munic\u00edpio de Santana da Vargem o tratamento diferenciado e favorecido\r\n\u00e0s microempresas e Empresas de Pequeno Porte, aos Microempreendedores Individuais e\r\nempreendimentos econ\u00f4micos solid\u00e1rios, revoga a Lei Municipal 1.235 de 21 de fevereiro de\r\n2011 e da outras provid\u00eancias.\u201d"}, {"id": "1097", "ano": "2021", "numero": "52", "tipo__sigla": "PCP", "tipo__descricao": "Parecer das Comiss\u00f5es Permanentes", "autoria": "CLJRF - Comiss\u00e3o de Legisla\u00e7\u00e3o, Justi\u00e7a e Reda\u00e7\u00e3o Final 2021-2024", "texto_original": "http://sapl.santanadavargem.mg.leg.br/media/sapl/public/materialegislativa/2021/1097/16-06-2021_parecer_comissao_ljrf_pl_34-2021_juninho_e_jackson.pdf", "ementa": "Parecer ao projeto de lei ordin\u00e1ria 34-2021 \"Disp\u00f5e sobre a autoriza\u00e7\u00e3o ao poder executivo municipal a efetivar a desapropria\u00e7\u00e3o amig\u00e1vel ou judicial da \u00e1rea que menciona, e d\u00e1 outras provid\u00eancias"}, {"id": "1098", "ano": "2021", "numero": "53", "tipo__sigla": "PCP", "tipo__descricao": "Parecer das Comiss\u00f5es Permanentes", "autoria": "CLJRF - Comiss\u00e3o de Legisla\u00e7\u00e3o, Justi\u00e7a e Reda\u00e7\u00e3o Final 2021-2024", "texto_original": "http://sapl.santanadavargem.mg.leg.br/media/sapl/public/materialegislativa/2021/1098/16-06-2021_parecer_da_comissao_ljrf_pl34-2021_felipao.pdf", "ementa": "Parecer ao projeto de lei ordin\u00e1ria 34-2021 \"Disp\u00f5e sobre a autoriza\u00e7\u00e3o ao poder executivo municipal a efetivar a desapropria\u00e7\u00e3o amig\u00e1vel ou judicial da \u00e1rea que menciona, e d\u00e1 outras provid\u00eancias"}, {"id": "1100", "ano": "2021", "numero": "54", "tipo__sigla": "PCP", "tipo__descricao": "Parecer das Comiss\u00f5es Permanentes", "autoria": "CESAS - Comiss\u00e3o de Educa\u00e7\u00e3o, Sa\u00fade e Assist\u00eancia Social 2021-2024", "texto_original": "http://sapl.santanadavargem.mg.leg.br/media/sapl/public/materialegislativa/2021/1100/16-06-2021_parecer_cesas_pl40-2021.pdf", "ementa": "Parecer Projeto de lei 40/2021: \"Disp\u00f5e sobre a altera\u00e7\u00e3o da Lei Municipal n\u00ba 1.549, de 18 de maio de 2021 e d\u00e1 outras provid\u00eancias"}, {"id": "1101", "ano": "2021", "numero": "55", "tipo__sigla": "PCP", "tipo__descricao": "Parecer das Comiss\u00f5es Permanentes", "autoria": "CLJRF - Comiss\u00e3o de Legisla\u00e7\u00e3o, Justi\u00e7a e Reda\u00e7\u00e3o Final 2021-2024", "texto_original": "http://sapl.santanadavargem.mg.leg.br/media/sapl/public/materialegislativa/2021/1101/16-06-2021_parecer_cljrf_pl_40-2021.pdf", "ementa": "Parecer Projeto de lei 40/2021: \"Disp\u00f5e sobre a altera\u00e7\u00e3o da Lei Municipal n\u00ba 1.549, de 18 de maio de 2021 e d\u00e1 outras provid\u00eancias\""}, {"id": "1102", "ano": "2021", "numero": "56", "tipo__sigla": "PCP", "tipo__descricao": "Parecer das Comiss\u00f5es Permanentes", "autoria": "CFO - Comiss\u00e3o de Finan\u00e7as e Or\u00e7amento 2021-2024", "texto_original": "http://sapl.santanadavargem.mg.leg.br/media/sapl/public/materialegislativa/2021/1102/16-06-2021_parecer_da_cfo_ao_projeto_de__lei_40-2021.pdf", "ementa": "Parecer Projeto de lei 40/2021: \"Disp\u00f5e sobre a altera\u00e7\u00e3o da Lei Municipal n\u00ba 1.549, de 18 de maio de 2021 e d\u00e1 outras provid\u00eancias\""}, {"id": "1103", "ano": "2021", "numero": "57", "tipo__sigla": "PCP", "tipo__descricao": "Parecer das Comiss\u00f5es Permanentes", "autoria": "CLJRF - Comiss\u00e3o de Legisla\u00e7\u00e3o, Justi\u00e7a e Reda\u00e7\u00e3o Final 2021-2024", "texto_original": "http://sapl.santanadavargem.mg.leg.br/media/sapl/public/materialegislativa/2021/1103/16-06-2021_pasrecer_cljrf_projeto_de_lei_13-2021.pdf", "ementa": "Parecer Projeto de lei 13/2021: \"Institui no Munic\u00edpio de Santana da Vargem o tratamento diferenciado e favorecido \u00e0s microempresas e Empresas de Pequeno Porte, aos Microempreendedores Individuais e empreendimentos econ\u00f4micos solid\u00e1rios, revoga a Lei Municipal 1.235 de 21 de fevereiro de 2011 e da outras provid\u00eancias\"."}, {"id": "1119", "ano": "2021", "numero": "58", "tipo__sigla": "PCP", "tipo__descricao": "Parecer das Comiss\u00f5es Permanentes", "autoria": "CLJRF - Comiss\u00e3o de Legisla\u00e7\u00e3o, Justi\u00e7a e Reda\u00e7\u00e3o Final 2021-2024", "texto_original": "http://sapl.santanadavargem.mg.leg.br/media/sapl/public/materialegislativa/2021/1119/21-06-2021_parecer_da_cljrf_lei_complementar_05-2021.pdf", "ementa": "Parecer ao projeto de lei complementar 05/2021: \"Disp\u00f5e sobre a altera\u00e7\u00e3o da Lei Municipal 1.228-A, de 20 de dezembro de 2010, altera o anexo III da Lei Municipal n\u00b0 1.083, de 02 de julho de 2008 e d\u00e1 outras provid\u00eancias \""}, {"id": "1120", "ano": "2021", "numero": "59", "tipo__sigla": "PCP", "tipo__descricao": "Parecer das Comiss\u00f5es Permanentes", "autoria": "COSPAC - Comiss\u00e3o de Obras, Servi\u00e7os P\u00fablicos, Agroind\u00fastria, Com\u00e9rcio e Turismo 2021-2024", "texto_original": "http://sapl.santanadavargem.mg.leg.br/media/sapl/public/materialegislativa/2021/1120/21-06-2021_paracer_cosact_04-2021.pdf", "ementa": "Parecer a proposta de emenda \u00e0 lei org\u00e2nica n \u00ba 04/2021: \"Acrescenta o art. 113-A, na Lei Org\u00e2nica do Munic\u00edpio de Santana da Vargem, que institui o Or\u00e7amento Impositivo e disp\u00f5e sobre a execu\u00e7\u00e3o or\u00e7ament\u00e1ria e financeira da programa\u00e7\u00e3o inclu\u00edda por emendas individuais do Legislativo Municipal em Lei Or\u00e7ament\u00e1ria Anual"}, {"id": "1121", "ano": "2021", "numero": "60", "tipo__sigla": "PCP", "tipo__descricao": "Parecer das Comiss\u00f5es Permanentes", "autoria": "CFO - Comiss\u00e3o de Finan\u00e7as e Or\u00e7amento 2021-2024", "texto_original": "http://sapl.santanadavargem.mg.leg.br/media/sapl/public/materialegislativa/2021/1121/21-06-2021_parecer_cfo_projeto_de_lei_04-2021.pdf", "ementa": "Parecer \u00e0 proposta de emenda \u00e0 lei org\u00e2nica: \"Acrescenta o art. 113-A, na lei Org\u00e2nica do Munic\u00edpio de Santana da Vargem, que institui o Or\u00e7amento Impositivo e disp\u00f5e sobre a execu\u00e7\u00e3o or\u00e7ament\u00e1ria e financeira da programa\u00e7\u00e3o inclu\u00edda por emendas individuais do Legislativo Municipal em Lei Or\u00e7ament\u00e1ria Anual"}, {"id": "1122", "ano": "2021", "numero": "61", "tipo__sigla": "PCP", "tipo__descricao": "Parecer das Comiss\u00f5es Permanentes", "autoria": "CFO - Comiss\u00e3o de Finan\u00e7as e Or\u00e7amento 2021-2024", "texto_original": "http://sapl.santanadavargem.mg.leg.br/media/sapl/public/materialegislativa/2021/1122/21-06-2021_parecer_ao_projeto_de_lei_complementar_05-2021_cfo.pdf", "ementa": "Parecer  ao projeto de lei complementar n\u00b0 05/2021: Disp\u00f5e sobre a altera\u00e7\u00e3o da Lei Municipal n\u00b0 1.228-A, de 20 de dezembro de 2010, altera o anexo III da Lei Municipal n\u00b0 1.083, de 02 de julho de 2008 e d\u00e1 outras provid\u00eancias\""}, {"id": "1123", "ano": "2021", "numero": "62", "tipo__sigla": "PCP", "tipo__descricao": "Parecer das Comiss\u00f5es Permanentes", "autoria": "CLJRF - Comiss\u00e3o de Legisla\u00e7\u00e3o, Justi\u00e7a e Reda\u00e7\u00e3o Final 2021-2024", "texto_original": "http://sapl.santanadavargem.mg.leg.br/media/sapl/public/materialegislativa/2021/1123/21-06-2021_paracer_cljrf_pl_04-2021.pdf", "ementa": "Parecer \u00e0 proposta de emenda \u00e0 lei org\u00e2nica: \"Acrescenta o Art. 113-A, na Lei Org\u00e2nica do Munic\u00edpio de Santana da Vargem, que institui o Or\u00e7amento Impositivo e disp\u00f5e sobre a execu\u00e7\u00e3o or\u00e7ament\u00e1ria e financeira da programa\u00e7\u00e3o inclu\u00edda por emendas individuais do Legislativo Municipal em Lei Or\u00e7ament\u00e1ria Anual\""}, {"id": "1132", "ano": "2021", "numero": "63", "tipo__sigla": "PCP", "tipo__descricao": "Parecer das Comiss\u00f5es Permanentes", "autoria": "CLJRF - Comiss\u00e3o de Legisla\u00e7\u00e3o, Justi\u00e7a e Reda\u00e7\u00e3o Final 2021-2024", "texto_original": "http://sapl.santanadavargem.mg.leg.br/media/sapl/public/materialegislativa/2021/1132/parecer_cljrf_veto_1.pdf", "ementa": "PARECER DA COMISS\u00c3O DE LEGISLA\u00c7\u00c3O, JUSTI\u00c7A E\r\nREDA\u00c7\u00c3O FINAL\r\nVETO n\u00b0 01/2021\r\n\u201cVeta integralmente o projeto de lei n\u00ba 05/2021 de 14 de maio\r\nde 2021, na C\u00e2mara Municipal, que \" Disp\u00f5e sobre a prefer\u00eancia na matr\u00edcula\r\nou transfer\u00eancia nas creches e institui\u00e7\u00f5es de ensino infantil e fundamental\r\ndo munic\u00edpio de Santana da Vargem, e d\u00e1 outras provid\u00eancias\u201d."}, {"id": "1134", "ano": "2021", "numero": "64", "tipo__sigla": "PCP", "tipo__descricao": "Parecer das Comiss\u00f5es Permanentes", "autoria": "CFO - Comiss\u00e3o de Finan\u00e7as e Or\u00e7amento 2021-2024", "texto_original": "http://sapl.santanadavargem.mg.leg.br/media/sapl/public/materialegislativa/2021/1134/01-07-2021_parecer_da_comissao_de_financas_e_orcamento_projeto_de_lei_25-2021.pdf", "ementa": "Projeto de lei ordin\u00e1ria 25/2021: Disp\u00f5e sobre as diretrizes para a elabora\u00e7\u00e3o da Lei Or\u00e7ament\u00e1ria de 2022 e d\u00e1 outras provid\u00eancias"}, {"id": "1135", "ano": "2021", "numero": "65", "tipo__sigla": "PCP", "tipo__descricao": "Parecer das Comiss\u00f5es Permanentes", "autoria": "COSPAC - Comiss\u00e3o de Obras, Servi\u00e7os P\u00fablicos, Agroind\u00fastria, Com\u00e9rcio e Turismo 2021-2024", "texto_original": "http://sapl.santanadavargem.mg.leg.br/media/sapl/public/materialegislativa/2021/1135/01-07-2021_parecer_comissao_de_obras_servicos_publicos_agroindustria_comercio_e_turismo.pdf", "ementa": "Projeto de lei 25/2021: \"Disp\u00f5e sobre as diretrizes para a elabora\u00e7\u00e3o da lei or\u00e7ament\u00e1ria 2022 e d\u00e1 outras provid\u00eancias"}, {"id": "1145", "ano": "2021", "numero": "66", "tipo__sigla": "PCP", "tipo__descricao": "Parecer das Comiss\u00f5es Permanentes", "autoria": "CLJRF - Comiss\u00e3o de Legisla\u00e7\u00e3o, Justi\u00e7a e Reda\u00e7\u00e3o Final 2021-2024", "texto_original": "http://sapl.santanadavargem.mg.leg.br/media/sapl/public/materialegislativa/2021/1145/05-07-2021_parecer_39_cljrf.pdf", "ementa": "Parecer ao projeto de lei 039/2021 \"Autoriza o munic\u00edpio de Santana da Vargem a contratar com o Banco de Desenvolvimento de Minas Gerais -BDMG, opera\u00e7\u00f5es de cr\u00e9dito com outorga de garantia para implanta\u00e7\u00e3o de energia solar renov\u00e1vel fotovoltaicas e d\u00e1 outras provid\u00eancias"}, {"id": "1146", "ano": "2021", "numero": "67", "tipo__sigla": "PCP", "tipo__descricao": "Parecer das Comiss\u00f5es Permanentes", "autoria": "CLJRF - Comiss\u00e3o de Legisla\u00e7\u00e3o, Justi\u00e7a e Reda\u00e7\u00e3o Final 2021-2024", "texto_original": "http://sapl.santanadavargem.mg.leg.br/media/sapl/public/materialegislativa/2021/1146/05-07-2021_parecer_25_cljrf.pdf", "ementa": "Parecer ao projeto de lei n\u00ba 25/2021 \"Disp\u00f5e sobre as diretrizes para a elabora\u00e7\u00e3o da lei\r\nor\u00e7ament\u00e1ria de 2022 e da outras provid\u00eancias\""}, {"id": "1153", "ano": "2021", "numero": "68", "tipo__sigla": "PCP", "tipo__descricao": "Parecer das Comiss\u00f5es Permanentes", "autoria": "COSPAC - Comiss\u00e3o de Obras, Servi\u00e7os P\u00fablicos, Agroind\u00fastria, Com\u00e9rcio e Turismo 2021-2024", "texto_original": "http://sapl.santanadavargem.mg.leg.br/media/sapl/public/materialegislativa/2021/1153/paracer_comissao_obras_pl_39.pdf", "ementa": "PROJETO DE LEI ORDIN\u00c1RIA DO EXECUTIVO  N\u00ba 39/2021\r\nASSUNTO: \u201cAutoriza o munic\u00edpio de Santana da Vargem a contratar com Banco de Desenvolvimento de Minas Gerais S/A-BDMG, opera\u00e7\u00f5es de cr\u00e9dito com outorga de garantia para implanta\u00e7\u00e3o de energia solar renov\u00e1vel fotovolt\u00e1ica e da outras provid\u00eancias\u201d."}, {"id": "1159", "ano": "2021", "numero": "69", "tipo__sigla": "PCP", "tipo__descricao": "Parecer das Comiss\u00f5es Permanentes", "autoria": "CLJRF - Comiss\u00e3o de Legisla\u00e7\u00e3o, Justi\u00e7a e Reda\u00e7\u00e3o Final 2021-2024", "texto_original": "http://sapl.santanadavargem.mg.leg.br/media/sapl/public/materialegislativa/2021/1159/paracer_comissao_lllf_fotovo.pdf", "ementa": "PARECER DA COMISS\u00c3O LEGISLA\u00c7\u00c3O, JUSTI\u00c7A E REDA\u00c7\u00c3O FINAL\r\nPROJETO DE LEI ORDIN\u00c1RIA N\u00ba 39/21\r\nASSUNTO: \u201cAutoriza o munic\u00edpio de Santana da Vargem a contratar com Banco de Desenvolvimento de Minas Gerais S/A-BDMG, opera\u00e7\u00f5es de cr\u00e9dito com outorga de garantia para implanta\u00e7\u00e3o de energia solar renov\u00e1vel fotovolt\u00e1ica e da outras provid\u00eancias\u201d."}, {"id": "1175", "ano": "2021", "numero": "70", "tipo__sigla": "PCP", "tipo__descricao": "Parecer das Comiss\u00f5es Permanentes", "autoria": "CFO - Comiss\u00e3o de Finan\u00e7as e Or\u00e7amento 2021-2024", "texto_original": "http://sapl.santanadavargem.mg.leg.br/media/sapl/public/materialegislativa/2021/1175/15-07-2021_parecer_39_cfo.pdf", "ementa": "Parecer da comiss\u00e3o de finan\u00e7as e or\u00e7amento ao projeto de lei 39/2021: \"Autoriza o munic\u00edpio de Santana da Vargem a contratar com o Banco de Desenvolvimento de Minas Gerais S/-BDMG, opera\u00e7\u00f5es de cr\u00e9dito com outorga de garantia para implementa\u00e7\u00e3o de energia solar renov\u00e1vel fotovolt\u00e1tica e d\u00e1 outras provid\u00eancias\""}, {"id": "1176", "ano": "2021", "numero": "71", "tipo__sigla": "PCP", "tipo__descricao": "Parecer das Comiss\u00f5es Permanentes", "autoria": "CLJRF - Comiss\u00e3o de Legisla\u00e7\u00e3o, Justi\u00e7a e Reda\u00e7\u00e3o Final 2021-2024", "texto_original": "http://sapl.santanadavargem.mg.leg.br/media/sapl/public/materialegislativa/2021/1176/15-07-2021_parecer_32_cljrf.pdf", "ementa": "Parecer da Comiss\u00e3o de legisla\u00e7\u00e3o, justi\u00e7a e reda\u00e7\u00e3o final projeto de lei 32/2021: Regulamenta no munic\u00edpio de Santana da Vargem, a lei Federal n\u00ba 13.977, de 8 de janeiro de 2020, que institui a Carteira de Identifica\u00e7\u00e3o da Pessoa com Transtorno do Espectro Autista (Cipetea) e d\u00e1 outras provid\u00eancias"}, {"id": "1183", "ano": "2021", "numero": "72", "tipo__sigla": "PCP", "tipo__descricao": "Parecer das Comiss\u00f5es Permanentes", "autoria": "CESAS - Comiss\u00e3o de Educa\u00e7\u00e3o, Sa\u00fade e Assist\u00eancia Social 2021-2024", "texto_original": "http://sapl.santanadavargem.mg.leg.br/media/sapl/public/materialegislativa/2021/1183/20-07-2021_parecer_comissao_educacao_saude.pdf", "ementa": "Altera a Lei Municipal 1.494, de 20 de Agosto de 2019 que autoriza filia\u00e7\u00e3o ao CISLAGOS- Cons\u00f3rcio Intermunicipal de Sa\u00fade da Regi\u00e3o dos Lagos do Sul de Minas"}, {"id": "1184", "ano": "2021", "numero": "73", "tipo__sigla": "PCP", "tipo__descricao": "Parecer das Comiss\u00f5es Permanentes", "autoria": "CLJRF - Comiss\u00e3o de Legisla\u00e7\u00e3o, Justi\u00e7a e Reda\u00e7\u00e3o Final 2021-2024", "texto_original": "http://sapl.santanadavargem.mg.leg.br/media/sapl/public/materialegislativa/2021/1184/20-07-2021_parecer_comissao_legislacao_justica_e_redacao_final.pdf", "ementa": "Altera a Lei Municipal 1.494, de 20 de Agosto de 2019 que autoriza filia\u00e7\u00e3o ao CISLAGOS- Cons\u00f3rcio Intermunicipal de Sa\u00fade da Regi\u00e3o dos Lagos do Sul de Minas"}, {"id": "1185", "ano": "2021", "numero": "74", "tipo__sigla": "PCP", "tipo__descricao": "Parecer das Comiss\u00f5es Permanentes", "autoria": "CLJRF - Comiss\u00e3o de Legisla\u00e7\u00e3o, Justi\u00e7a e Reda\u00e7\u00e3o Final 2021-2024", "texto_original": "http://sapl.santanadavargem.mg.leg.br/media/sapl/public/materialegislativa/2021/1185/20-07-2021_projeto_de_lei_09-2021_parecer_cljrf.pdf", "ementa": "Altera o artigo 1\u00b0 da Lei municipal 1.118, de 11 de fevereiro de 2009, que autoriza o munic\u00edpio de Santana da Vargem a participar do Cons\u00f3rcio Intermunicipal de Sa\u00fade Sulmineiro -CISSUL e revoga a lei municipal 1.468, de 12 de novembro de 2018 e d\u00e1 outras provid\u00eancias"}, {"id": "1186", "ano": "2021", "numero": "75", "tipo__sigla": "PCP", "tipo__descricao": "Parecer das Comiss\u00f5es Permanentes", "autoria": "CESAS - Comiss\u00e3o de Educa\u00e7\u00e3o, Sa\u00fade e Assist\u00eancia Social 2021-2024", "texto_original": "http://sapl.santanadavargem.mg.leg.br/media/sapl/public/materialegislativa/2021/1186/20-07-2021_projeto_de_lei_09-2021_csas.pdf", "ementa": "Altera o artigo 1\u00b0 da Lei municipal 1.118, de 11 de fevereiro de 2009, que autoriza o munic\u00edpio de Santana da Vargem a participar do Cons\u00f3rcio Intermunicipal de Sa\u00fade Sulmineiro -CISSUL e revoga a lei municipal 1.468, de 12 de novembro de 2018 e d\u00e1 outras provid\u00eancias"}, {"id": "1225", "ano": "2021", "numero": "76", "tipo__sigla": "PCP", "tipo__descricao": "Parecer das Comiss\u00f5es Permanentes", "autoria": "CLJRF - Comiss\u00e3o de Legisla\u00e7\u00e3o, Justi\u00e7a e Reda\u00e7\u00e3o Final 2021-2024", "texto_original": "http://sapl.santanadavargem.mg.leg.br/media/sapl/public/materialegislativa/2021/1225/10-08-2021_parecer_da_comissao_de_legislacao_justica_e_redacao_final__ao_projeto_de_lei_26-21.pdf", "ementa": "Parecer ao projeto de lei 26/2021: \"Define a pol\u00edtica municipal de turismo e disp\u00f5e sobre as \u00e1reas especiais, locais de interesse e invent\u00e1rio dos bens de valor cultural e natural e d\u00e1 outras provid\u00eancias\"."}, {"id": "1226", "ano": "2021", "numero": "77", "tipo__sigla": "PCP", "tipo__descricao": "Parecer das Comiss\u00f5es Permanentes", "autoria": "CLJRF - Comiss\u00e3o de Legisla\u00e7\u00e3o, Justi\u00e7a e Reda\u00e7\u00e3o Final 2021-2024", "texto_original": "http://sapl.santanadavargem.mg.leg.br/media/sapl/public/materialegislativa/2021/1226/10-08-2021_parecer_cljrf_projeto_de_lei_28.pdf", "ementa": "Parecer ao projeto de lei 28/2021 \"Abertura de Cr\u00e9dito Especial, para atender despesas referentes a parceria firmada entre o Munic\u00edpio de Santana da Vargem e a ACILAGO-Associa\u00e7\u00e3o do circuito Tur\u00edstico do Lago de Furnas\""}, {"id": "1227", "ano": "2021", "numero": "78", "tipo__sigla": "PCP", "tipo__descricao": "Parecer das Comiss\u00f5es Permanentes", "autoria": "CLJRF - Comiss\u00e3o de Legisla\u00e7\u00e3o, Justi\u00e7a e Reda\u00e7\u00e3o Final 2021-2024", "texto_original": "http://sapl.santanadavargem.mg.leg.br/media/sapl/public/materialegislativa/2021/1227/10-08-2021_paracer_cljrf_lista_covid.pdf", "ementa": "Parecer ao projeto de lei ordin\u00e1ria do legislativo 09/2021: \"Disp\u00f5e sobre a divulga\u00e7\u00e3o dos gastos do Poder P\u00fablico do Munic\u00edpio de Santana da Vargem-MG em rela\u00e7\u00e3o \u00e0 preven\u00e7\u00e3o e ao enfrentamento do novo Coronav\u00edrus e d\u00e1 outras provid\u00eancias\""}, {"id": "1228", "ano": "2021", "numero": "79", "tipo__sigla": "PCP", "tipo__descricao": "Parecer das Comiss\u00f5es Permanentes", "autoria": "CLJRF - Comiss\u00e3o de Legisla\u00e7\u00e3o, Justi\u00e7a e Reda\u00e7\u00e3o Final 2021-2024", "texto_original": "http://sapl.santanadavargem.mg.leg.br/media/sapl/public/materialegislativa/2021/1228/10-08-2021_paracer_cljrf_farmacinha_1.pdf", "ementa": "Parecer ao projeto de lei ordin\u00e1ria do legislativo 08/2021: \"Institui a divulga\u00e7\u00e3o da listagem dos medicamentos dispon\u00edveis na rede p\u00fablica municipal de Sa\u00fade\""}, {"id": "1236", "ano": "2021", "numero": "80", "tipo__sigla": "PCP", "tipo__descricao": "Parecer das Comiss\u00f5es Permanentes", "autoria": "CLJRF - Comiss\u00e3o de Legisla\u00e7\u00e3o, Justi\u00e7a e Reda\u00e7\u00e3o Final 2021-2024", "texto_original": "http://sapl.santanadavargem.mg.leg.br/media/sapl/public/materialegislativa/2021/1236/12-08-2021_parecer_cljrf_plo_leg_12-21.pdf", "ementa": "Parecer ao projeto de lei 12/2021: \"Ab-roga a Lei Ordin\u00e1ria n\u00ba 1.347/2014\""}, {"id": "1237", "ano": "2021", "numero": "81", "tipo__sigla": "PCP", "tipo__descricao": "Parecer das Comiss\u00f5es Permanentes", "autoria": "CESAS - Comiss\u00e3o de Educa\u00e7\u00e3o, Sa\u00fade e Assist\u00eancia Social 2021-2024", "texto_original": "http://sapl.santanadavargem.mg.leg.br/media/sapl/public/materialegislativa/2021/1237/parecer_28-2021.pdf", "ementa": "Autoriza abertura de cr\u00e9dito adicional especial para atender despesas referente a parceria firmada entre o Munic\u00edpio de Santana da Vargem e a ACILAGO- Associa\u00e7\u00e3o do Circuito Tur\u00edstico do Lago de Furnas"}, {"id": "1238", "ano": "2021", "numero": "82", "tipo__sigla": "PCP", "tipo__descricao": "Parecer das Comiss\u00f5es Permanentes", "autoria": "CESAS - Comiss\u00e3o de Educa\u00e7\u00e3o, Sa\u00fade e Assist\u00eancia Social 2021-2024", "texto_original": "http://sapl.santanadavargem.mg.leg.br/media/sapl/public/materialegislativa/2021/1238/parecer_09-2021.pdf", "ementa": "\"Disp\u00f5e sobre a divulga\u00e7\u00e3o dos gastos do Poder P\u00fablico do Munic\u00edpio de Santana da Vargem em rela\u00e7\u00e3o \u00e0 preven\u00e7\u00e3o e ao enfrentamento do novo Coronav\u00edrus e d\u00e1 outras provid\u00eancias\""}, {"id": "1239", "ano": "2021", "numero": "83", "tipo__sigla": "PCP", "tipo__descricao": "Parecer das Comiss\u00f5es Permanentes", "autoria": "CESAS - Comiss\u00e3o de Educa\u00e7\u00e3o, Sa\u00fade e Assist\u00eancia Social 2021-2024", "texto_original": "http://sapl.santanadavargem.mg.leg.br/media/sapl/public/materialegislativa/2021/1239/parecer_08-2021.pdf", "ementa": "Institui a divulga\u00e7\u00e3o da listagem dos medicamentos dispon\u00edveis em falta na rede p\u00fablica municipal de Sa\u00fade"}, {"id": "1244", "ano": "2021", "numero": "84", "tipo__sigla": "PCP", "tipo__descricao": "Parecer das Comiss\u00f5es Permanentes", "autoria": "COSPAC - Comiss\u00e3o de Obras, Servi\u00e7os P\u00fablicos, Agroind\u00fastria, Com\u00e9rcio e Turismo 2021-2024", "texto_original": "http://sapl.santanadavargem.mg.leg.br/media/sapl/public/materialegislativa/2021/1244/16-08-2021_parecer_comissao_obras_projeto_de_lei_12-2021.pdf", "ementa": "Parecer ao projeto de lei 12/2021: \"Ab-roga a Lei Ordin\u00e1ria 1.347/2014\""}, {"id": "1245", "ano": "2021", "numero": "85", "tipo__sigla": "PCP", "tipo__descricao": "Parecer das Comiss\u00f5es Permanentes", "autoria": "CFO - Comiss\u00e3o de Finan\u00e7as e Or\u00e7amento 2021-2024", "texto_original": "http://sapl.santanadavargem.mg.leg.br/media/sapl/public/materialegislativa/2021/1245/16-08-2021_parecer_da_comissao_de_financas_e_orcamento_projeto_de_lei_28-2021.pdf", "ementa": "Parecer da Comiss\u00e3o de Finan\u00e7as e Or\u00e7amento ao projeto de lei ordin\u00e1ria 28/2021: \"Autoriza abertura de cr\u00e9dito adicional especial para atender despesas referente a parceria firmada entre o munic\u00edpio de Santana da Vargem e a ACILAGO- Associa\u00e7\u00e3o do Circuito Tur\u00edstico do Lago de Furnas\"."}, {"id": "1253", "ano": "2021", "numero": "86", "tipo__sigla": "PCP", "tipo__descricao": "Parecer das Comiss\u00f5es Permanentes", "autoria": "COSPAC - Comiss\u00e3o de Obras, Servi\u00e7os P\u00fablicos, Agroind\u00fastria, Com\u00e9rcio e Turismo 2021-2024", "texto_original": "http://sapl.santanadavargem.mg.leg.br/media/sapl/public/materialegislativa/2021/1253/16-08-2021_parecer_da_comissao_de_obras_projeto_de_lei_26.pdf", "ementa": "Parecer ao projeto de lei 26/2021: \"Define a pol\u00edtica municipal de turismo e disp\u00f5e sobre \u00e1reas especiais, locais de interesse tur\u00edstico e invent\u00e1rio dos bens de valor cultural e natural e d\u00e1 outras provid\u00eancias\""}, {"id": "1255", "ano": "2021", "numero": "87", "tipo__sigla": "PCP", "tipo__descricao": "Parecer das Comiss\u00f5es Permanentes", "autoria": "CESAS - Comiss\u00e3o de Educa\u00e7\u00e3o, Sa\u00fade e Assist\u00eancia Social 2021-2024", "texto_original": "http://sapl.santanadavargem.mg.leg.br/media/sapl/public/materialegislativa/2021/1255/16-08-2021_parecer_da_comissao_de_educacao_saide_projeto_de_lei_26-2021.pdf", "ementa": "Parecer do projeto de lei 26/2021: Define a pol\u00edtica municipal de turismo e disp\u00f5e  sobre \u00e1reas especiais, locais de interesse tur\u00edstico e invent\u00e1rio de bens de valor cultural e natural e d\u00e1 outras provid\u00eancias"}, {"id": "1261", "ano": "2021", "numero": "88", "tipo__sigla": "PCP", "tipo__descricao": "Parecer das Comiss\u00f5es Permanentes", "autoria": "CLJRF - Comiss\u00e3o de Legisla\u00e7\u00e3o, Justi\u00e7a e Reda\u00e7\u00e3o Final 2021-2024", "texto_original": "http://sapl.santanadavargem.mg.leg.br/media/sapl/public/materialegislativa/2021/1261/17-08-2021_parecer_comissao_legislacao_justica_redacao_final_projeto_07.pdf", "ementa": "Parecer projeto de lei 07/2021: Estabelece as Igrejas, Templos Religiosos de qualquer culto e as Comunidades Mission\u00e1rias como Atividade Essencial no Munic\u00edpio de Santana da Vargem-MG e d\u00e1 outras provid\u00eancias"}, {"id": "1263", "ano": "2021", "numero": "89", "tipo__sigla": "PCP", "tipo__descricao": "Parecer das Comiss\u00f5es Permanentes", "autoria": "CLJRF - Comiss\u00e3o de Legisla\u00e7\u00e3o, Justi\u00e7a e Reda\u00e7\u00e3o Final 2021-2024", "texto_original": "http://sapl.santanadavargem.mg.leg.br/media/sapl/public/materialegislativa/2021/1263/17-08-2021_parecer_cljrf_11-2021.pdf", "ementa": "Parecer do projeto de lei 11/2021: Institui o dia municipal de conscientiza\u00e7\u00e3o, preven\u00e7\u00e3o e combate \u00e0 depress\u00e3o, ansiedade e s\u00edndrome do p\u00e2nico e d\u00e1 outras provid\u00eancias"}, {"id": "1264", "ano": "2021", "numero": "90", "tipo__sigla": "PCP", "tipo__descricao": "Parecer das Comiss\u00f5es Permanentes", "autoria": "CLJRF - Comiss\u00e3o de Legisla\u00e7\u00e3o, Justi\u00e7a e Reda\u00e7\u00e3o Final 2021-2024", "texto_original": "http://sapl.santanadavargem.mg.leg.br/media/sapl/public/materialegislativa/2021/1264/17-08-2021_parecer_coljrf_projeto_de_lei_10-2021.pdf", "ementa": "Parecer ao projeto de lei 10/2021: Regulamenta o Sistema de Controle Interno do Poder Legislativo Municipal de Santana da Vargem e d\u00e1 outras provid\u00eancias"}, {"id": "1265", "ano": "2021", "numero": "91", "tipo__sigla": "PCP", "tipo__descricao": "Parecer das Comiss\u00f5es Permanentes", "autoria": "COSPAC - Comiss\u00e3o de Obras, Servi\u00e7os P\u00fablicos, Agroind\u00fastria, Com\u00e9rcio e Turismo 2021-2024", "texto_original": "http://sapl.santanadavargem.mg.leg.br/media/sapl/public/materialegislativa/2021/1265/17-08-20210_parecer_comissao_de_obras_projeto_10-2021.pdf", "ementa": "Parecer ao projeto de  lei ordin\u00e1ria do legislativo 10/2021: Regulamenta o sistema de controle interno do poder legislativo do munic\u00edpio de Santana da Vargem , e d\u00e1 outras provid\u00eancias"}, {"id": "1267", "ano": "2021", "numero": "92", "tipo__sigla": "PCP", "tipo__descricao": "Parecer das Comiss\u00f5es Permanentes", "autoria": "CLJRF - Comiss\u00e3o de Legisla\u00e7\u00e3o, Justi\u00e7a e Reda\u00e7\u00e3o Final 2021-2024", "texto_original": "http://sapl.santanadavargem.mg.leg.br/media/sapl/public/materialegislativa/2021/1267/17-08-2021_parecer_cljrf_plo_leg_12-21_1.pdf", "ementa": "Parecer ao projeto de lei 12/2021: \"Ab-roga a Lei Ordin\u00e1ria n\u00ba1347/2021"}, {"id": "1269", "ano": "2021", "numero": "93", "tipo__sigla": "PCP", "tipo__descricao": "Parecer das Comiss\u00f5es Permanentes", "autoria": "COSPAC - Comiss\u00e3o de Obras, Servi\u00e7os P\u00fablicos, Agroind\u00fastria, Com\u00e9rcio e Turismo 2021-2024", "texto_original": "http://sapl.santanadavargem.mg.leg.br/media/sapl/public/materialegislativa/2021/1269/parecer_comissao_de_obras_08-2021.pdf", "ementa": "\u201cInstitui a divulga\u00e7\u00e3o da listagem dos medicamentos dispon\u00edveis em falta na rede p\u00fablica municipal de Sa\u00fade\u201d"}, {"id": "1270", "ano": "2021", "numero": "94", "tipo__sigla": "PCP", "tipo__descricao": "Parecer das Comiss\u00f5es Permanentes", "autoria": "COSPAC - Comiss\u00e3o de Obras, Servi\u00e7os P\u00fablicos, Agroind\u00fastria, Com\u00e9rcio e Turismo 2021-2024", "texto_original": "http://sapl.santanadavargem.mg.leg.br/media/sapl/public/materialegislativa/2021/1270/parecer_comissao_de_obras_09-2021.pdf", "ementa": "\"Disp\u00f5e sobre a divulga\u00e7\u00e3o dos gastos do Poder P\u00fablico do Munic\u00edpio de Santana da Vargem em rela\u00e7\u00e3o \u00e0 preven\u00e7\u00e3o e ao enfrentamento do novo Coronav\u00edrus e d\u00e1 outras provid\u00eancias\""}, {"id": "1313", "ano": "2021", "numero": "95", "tipo__sigla": "PCP", "tipo__descricao": "Parecer das Comiss\u00f5es Permanentes", "autoria": "CLJRF - Comiss\u00e3o de Legisla\u00e7\u00e3o, Justi\u00e7a e Reda\u00e7\u00e3o Final 2021-2024", "texto_original": "http://sapl.santanadavargem.mg.leg.br/media/sapl/public/materialegislativa/2021/1313/09-09-2021_parecer_clrjf_plo_38-21_1.pdf", "ementa": "\u201cAutoriza a abertura de cr\u00e9dito adicional especial por  excesso de arrecada\u00e7\u00e3o, verificado na fonte de recurso 155 (transfer\u00eancias de recursos do Fundo Estadual de Sa\u00fade), referente a  resolu\u00e7\u00e3o SES/MG (Secretaria de Estado de Sa\u00fade de Minas Gerais)  n\u00b07.150, de 13 de julho de 2020, no \u00e2mbito da Secretaria Municipal de  Sa\u00fade e d\u00e1 outras provid\u00eancias\u201d."}, {"id": "1314", "ano": "2021", "numero": "96", "tipo__sigla": "PCP", "tipo__descricao": "Parecer das Comiss\u00f5es Permanentes", "autoria": "CLJRF - Comiss\u00e3o de Legisla\u00e7\u00e3o, Justi\u00e7a e Reda\u00e7\u00e3o Final 2021-2024", "texto_original": "http://sapl.santanadavargem.mg.leg.br/media/sapl/public/materialegislativa/2021/1314/09-09-2021_parecer_clrjf_plo_42-21_1.pdf", "ementa": "\u201cCria Projeto/Atividade no PPA, autoriza abertura de  cr\u00e9dito especial por excesso de arrecada\u00e7\u00e3o no or\u00e7amento 2021, com a \r\nfinalidade de execu\u00e7\u00e3o de recursos oriundos de transfer\u00eancia estadual,  resolu\u00e7\u00e3o SES/MG (Secretaria de Estado de Minas Gerais) 6.282, de 25 de junho de 2018 e d\u00e1 outras provid\u00eancias\u201d"}, {"id": "1315", "ano": "2021", "numero": "97", "tipo__sigla": "PCP", "tipo__descricao": "Parecer das Comiss\u00f5es Permanentes", "autoria": "CLJRF - Comiss\u00e3o de Legisla\u00e7\u00e3o, Justi\u00e7a e Reda\u00e7\u00e3o Final 2021-2024", "texto_original": "http://sapl.santanadavargem.mg.leg.br/media/sapl/public/materialegislativa/2021/1315/09-09-2021_parecer_clrjf_plo_46-21.pdf", "ementa": "\u201cAutoriza abertura de Cr\u00e9dito Adicional Especial por  excesso de arrecada\u00e7\u00e3o para atender despesas referentes \u00e0 Resolu\u00e7\u00e3o SEGOV (Secretaria de Estado de Governo) n\u00ba 011/2021"}, {"id": "1316", "ano": "2021", "numero": "98", "tipo__sigla": "PCP", "tipo__descricao": "Parecer das Comiss\u00f5es Permanentes", "autoria": "CLJRF - Comiss\u00e3o de Legisla\u00e7\u00e3o, Justi\u00e7a e Reda\u00e7\u00e3o Final 2021-2024", "texto_original": "http://sapl.santanadavargem.mg.leg.br/media/sapl/public/materialegislativa/2021/1316/09-09-2021_parecer_clrjf_plo_48-21.pdf", "ementa": "\u201cAutoriza abertura de Cr\u00e9dito Adicional Especial por anula\u00e7\u00e3o parcial, para atender despesas referentes \u00e0 ades\u00e3o ao Cons\u00f3rcio P\u00fablico para o Desenvolvimento do Caf\u00e9- CONCAF\u00c9"}, {"id": "1317", "ano": "2021", "numero": "99", "tipo__sigla": "PCP", "tipo__descricao": "Parecer das Comiss\u00f5es Permanentes", "autoria": "CLJRF - Comiss\u00e3o de Legisla\u00e7\u00e3o, Justi\u00e7a e Reda\u00e7\u00e3o Final 2021-2024", "texto_original": "http://sapl.santanadavargem.mg.leg.br/media/sapl/public/materialegislativa/2021/1317/09-09-2021_parecer_clrjf_plo_49-21.pdf", "ementa": "\u201cDisp\u00f5e sobre autoriza\u00e7\u00e3o ao poder executivo municipal a  efetivar a desapropria\u00e7\u00e3o amig\u00e1vel ou judicial da \u00e1rea que menciona, e  d\u00e1 outras provid\u00eancias\u201d"}, {"id": "1318", "ano": "2021", "numero": "100", "tipo__sigla": "PCP", "tipo__descricao": "Parecer das Comiss\u00f5es Permanentes", "autoria": "COSPAC - Comiss\u00e3o de Obras, Servi\u00e7os P\u00fablicos, Agroind\u00fastria, Com\u00e9rcio e Turismo 2021-2024", "texto_original": "http://sapl.santanadavargem.mg.leg.br/media/sapl/public/materialegislativa/2021/1318/09-09-2021_paracer_comissao_obras_pl_49docx_1.pdf", "ementa": "\u201cDisp\u00f5e sobre a autoriza\u00e7\u00e3o ao poder executivo municipal a efetivar a desapropria\u00e7\u00e3o amig\u00e1vel ou judicial da \u00e1rea que menciona, e d\u00e1 outras provid\u00eancias\u201d."}, {"id": "1322", "ano": "2021", "numero": "101", "tipo__sigla": "PCP", "tipo__descricao": "Parecer das Comiss\u00f5es Permanentes", "autoria": "CFO - Comiss\u00e3o de Finan\u00e7as e Or\u00e7amento 2021-2024", "texto_original": "http://sapl.santanadavargem.mg.leg.br/media/sapl/public/materialegislativa/2021/1322/10-09-2021_cfo_38-2021.pdf", "ementa": "Autoriza a abertura de cr\u00e9dito adicional especial por excesso de arrecada\u00e7\u00e3o, verificado na fonte de recurso 155 (transfer\u00eancias de recurso do fundo Estadual de Sa\u00fade) referente \u00e0 resolu\u00e7\u00e3o SES/MG (secretaria de Estado de Sa\u00fade de Minas Gerais) n\u00ba 7.150, de 13 de julho de 2020, no \u00e2mbito da Secretaria Municipal de Sa\u00fade e d\u00e1 outras provid\u00eancias"}, {"id": "1323", "ano": "2021", "numero": "102", "tipo__sigla": "PCP", "tipo__descricao": "Parecer das Comiss\u00f5es Permanentes", "autoria": "CFO - Comiss\u00e3o de Finan\u00e7as e Or\u00e7amento 2021-2024", "texto_original": "http://sapl.santanadavargem.mg.leg.br/media/sapl/public/materialegislativa/2021/1323/10-09-2022_parecer_cfo_46-2021.pdf", "ementa": "Autoriza abertura de Cr\u00e9dito Adicional Especial por excesso de arrecada\u00e7\u00e3o para atender despesas referentes \u00e0 Resolu\u00e7\u00e3o SEGOV (Secretaria de Estado de Governo) n\u00b0 011/2021"}, {"id": "1324", "ano": "2021", "numero": "103", "tipo__sigla": "PCP", "tipo__descricao": "Parecer das Comiss\u00f5es Permanentes", "autoria": "CFO - Comiss\u00e3o de Finan\u00e7as e Or\u00e7amento 2021-2024", "texto_original": "http://sapl.santanadavargem.mg.leg.br/media/sapl/public/materialegislativa/2021/1324/10-09-2021_parecer_cfo_48-2021.pdf", "ementa": "Autoriza abertura de Cr\u00e9dito Adicional Especial por anula\u00e7\u00e3o parcial para atender despesas referentes \u00e0 ades\u00e3o ao Cons\u00f3rcio P\u00fablico para Desenvolvimento do Caf\u00e9- CONCAF\u00c9"}, {"id": "1325", "ano": "2021", "numero": "104", "tipo__sigla": "PCP", "tipo__descricao": "Parecer das Comiss\u00f5es Permanentes", "autoria": "CFO - Comiss\u00e3o de Finan\u00e7as e Or\u00e7amento 2021-2024", "texto_original": "http://sapl.santanadavargem.mg.leg.br/media/sapl/public/materialegislativa/2021/1325/10-09-2021_parecer_cfo_49-2021.pdf", "ementa": "Disp\u00f5e sobre autoriza\u00e7\u00e3o ao poder executivo municipal a efetivar a desapropria\u00e7\u00e3o amig\u00e1vel ou judicial da \u00e1rea que menciona, e d\u00e1 outras provid\u00eancias"}, {"id": "1326", "ano": "2021", "numero": "105", "tipo__sigla": "PCP", "tipo__descricao": "Parecer das Comiss\u00f5es Permanentes", "autoria": "CFO - Comiss\u00e3o de Finan\u00e7as e Or\u00e7amento 2021-2024", "texto_original": "http://sapl.santanadavargem.mg.leg.br/media/sapl/public/materialegislativa/2021/1326/10-09-2021_parecer_cfo_projeto_de_lei_42.pdf", "ementa": "Cria Projeto/Atividade no PPA, autoriza abertura de cr\u00e9dito especial para excesso de arrecada\u00e7\u00e3o no or\u00e7amento 2021, com a finalidade de execu\u00e7\u00e3o de recursos oriundos de transfer\u00eancia estadual, resolu\u00e7\u00e3o SES/MG (Secretaria de Estado de Minas Gerais) 6.282, de 25 de junho de 2018, e d\u00e1 outras provid\u00eancias"}, {"id": "1354", "ano": "2021", "numero": "106", "tipo__sigla": "PCP", "tipo__descricao": "Parecer das Comiss\u00f5es Permanentes", "autoria": "CLJRF - Comiss\u00e3o de Legisla\u00e7\u00e3o, Justi\u00e7a e Reda\u00e7\u00e3o Final 2021-2024", "texto_original": "http://sapl.santanadavargem.mg.leg.br/media/sapl/public/materialegislativa/2021/1354/20-09-2021_parecer_crjrf_54.pdf", "ementa": "Cria projeto/atividade PPA, autoriza abertura de cr\u00e9dito adicional especial por excesso de arrecada\u00e7\u00e3o no or\u00e7amento de 2021, referente \u00e0 transfer\u00eancia especial do Estado- acordo judicial de repara\u00e7\u00e3o dos impactos socioecon\u00f4micos e ambientais e d\u00e1 outras provid\u00eancias"}, {"id": "1355", "ano": "2021", "numero": "107", "tipo__sigla": "PCP", "tipo__descricao": "Parecer das Comiss\u00f5es Permanentes", "autoria": "CLJRF - Comiss\u00e3o de Legisla\u00e7\u00e3o, Justi\u00e7a e Reda\u00e7\u00e3o Final 2021-2024", "texto_original": "http://sapl.santanadavargem.mg.leg.br/media/sapl/public/materialegislativa/2021/1355/20-09-2021_cljrf_13-2021.pdf", "ementa": "institui o Programa de Atendimento M\u00e9dico Pediatra, nas Creches Munic\u00edpios de Santana da Vargem, e d\u00e1 outras provid\u00eancias"}, {"id": "1368", "ano": "2021", "numero": "108", "tipo__sigla": "PCP", "tipo__descricao": "Parecer das Comiss\u00f5es Permanentes", "autoria": "CFO - Comiss\u00e3o de Finan\u00e7as e Or\u00e7amento 2021-2024", "texto_original": "http://sapl.santanadavargem.mg.leg.br/media/sapl/public/materialegislativa/2021/1368/22-09-2021_cfo_54-2021.pdf", "ementa": "Cria Projeto/Atividade no PPA, autoriza abertura de cr\u00e9dito adicional especial por excesso de arrecada\u00e7\u00e3o no or\u00e7amento 2021, referente a transfer\u00eancia Especial do Estado-Acordo Judicial de Repara\u00e7\u00e3o de Impactos Socioecon\u00f4micos e Ambientais e d\u00e1 outras provid\u00eancias"}, {"id": "1369", "ano": "2021", "numero": "109", "tipo__sigla": "PCP", "tipo__descricao": "Parecer das Comiss\u00f5es Permanentes", "autoria": "CFO - Comiss\u00e3o de Finan\u00e7as e Or\u00e7amento 2021-2024", "texto_original": "http://sapl.santanadavargem.mg.leg.br/media/sapl/public/materialegislativa/2021/1369/22-09-2021_cfo_14-2021.pdf", "ementa": "Disp\u00f5e sobre a cria\u00e7\u00e3o do Projeto \"Educando para o Futuro\" no munic\u00edpio de Santana da Vargem"}, {"id": "1370", "ano": "2021", "numero": "110", "tipo__sigla": "PCP", "tipo__descricao": "Parecer das Comiss\u00f5es Permanentes", "autoria": "CFO - Comiss\u00e3o de Finan\u00e7as e Or\u00e7amento 2021-2024", "texto_original": "http://sapl.santanadavargem.mg.leg.br/media/sapl/public/materialegislativa/2021/1370/22-09-2021_cfo_pl13-2021.pdf", "ementa": "Institui o Programa de Atendimento M\u00e9dico Pediatra, na (s) creches municipais de Santana da Vargem e d\u00e1 outras provid\u00eancias"}, {"id": "1371", "ano": "2021", "numero": "111", "tipo__sigla": "PCP", "tipo__descricao": "Parecer das Comiss\u00f5es Permanentes", "autoria": "COSPAC - Comiss\u00e3o de Obras, Servi\u00e7os P\u00fablicos, Agroind\u00fastria, Com\u00e9rcio e Turismo 2021-2024", "texto_original": "http://sapl.santanadavargem.mg.leg.br/media/sapl/public/materialegislativa/2021/1371/22-09-2021_cospact_pl_13-2021.pdf", "ementa": "Institui o Programa de Atendimento M\u00e9dico Pediatra, na (s) creches municipais de Santana da Vargem e d\u00e1 outras provid\u00eancias"}, {"id": "1372", "ano": "2021", "numero": "112", "tipo__sigla": "PCP", "tipo__descricao": "Parecer das Comiss\u00f5es Permanentes", "autoria": "COSPAC - Comiss\u00e3o de Obras, Servi\u00e7os P\u00fablicos, Agroind\u00fastria, Com\u00e9rcio e Turismo 2021-2024", "texto_original": "http://sapl.santanadavargem.mg.leg.br/media/sapl/public/materialegislativa/2021/1372/22-09-2021_cospact_pl54-2021.pdf", "ementa": "Cria projeto/atividade PPA, autoriza abertura de cr\u00e9dito adicional especial por excesso de arrecada\u00e7\u00e3o no or\u00e7amento de 2021, referente \u00e0 transfer\u00eancia especial do Estado-acordo judicial de repara\u00e7\u00e3o dos impactos socioecon\u00f4micos e ambientais e d\u00e1 outras provid\u00eancias"}, {"id": "1356", "ano": "2021", "numero": "113", "tipo__sigla": "PCP", "tipo__descricao": "Parecer das Comiss\u00f5es Permanentes", "autoria": "CLJRF - Comiss\u00e3o de Legisla\u00e7\u00e3o, Justi\u00e7a e Reda\u00e7\u00e3o Final 2021-2024", "texto_original": "http://sapl.santanadavargem.mg.leg.br/media/sapl/public/materialegislativa/2021/1356/20-09-2021_parecer_cljrf_14-2021.pdf", "ementa": "Disp\u00f5e sobre a cria\u00e7\u00e3o de Projeto Educa\u00e7\u00e3o para o Futuro no munic\u00edpio de Santana da Vargem"}, {"id": "1406", "ano": "2021", "numero": "114", "tipo__sigla": "PCP", "tipo__descricao": "Parecer das Comiss\u00f5es Permanentes", "autoria": "CLJRF - Comiss\u00e3o de Legisla\u00e7\u00e3o, Justi\u00e7a e Reda\u00e7\u00e3o Final 2021-2024", "texto_original": "http://sapl.santanadavargem.mg.leg.br/media/sapl/public/materialegislativa/2021/1406/parecer_da_cljrf_27-2021.pdf", "ementa": "Parecer ao projeto de lei  ordin\u00e1ria do legislativo 27/2021 \"Disp\u00f5e sobre denomina\u00e7\u00e3o de logradouro p\u00fablico de Rua El\u00f3i de Siqueira \"Ti L\u00f3i\""}, {"id": "1407", "ano": "2021", "numero": "115", "tipo__sigla": "PCP", "tipo__descricao": "Parecer das Comiss\u00f5es Permanentes", "autoria": "CLJRF - Comiss\u00e3o de Legisla\u00e7\u00e3o, Justi\u00e7a e Reda\u00e7\u00e3o Final 2021-2024", "texto_original": "http://sapl.santanadavargem.mg.leg.br/media/sapl/public/materialegislativa/2021/1407/parecer_da_cljrf_32-2021.pdf", "ementa": "Parecer ao projeto de lei ordin\u00e1ria 32/2021: \"Disp\u00f5e sobre denomina\u00e7\u00e3o de logradouro p\u00fablico\""}, {"id": "1408", "ano": "2021", "numero": "116", "tipo__sigla": "PCP", "tipo__descricao": "Parecer das Comiss\u00f5es Permanentes", "autoria": "CLJRF - Comiss\u00e3o de Legisla\u00e7\u00e3o, Justi\u00e7a e Reda\u00e7\u00e3o Final 2021-2024", "texto_original": "http://sapl.santanadavargem.mg.leg.br/media/sapl/public/materialegislativa/2021/1408/parecer_da_cljrf_20-2021.pdf", "ementa": "Parecer ao projeto de lei ordin\u00e1ria do legislativo 20/2021: \"D\u00e1 o nome de Rua Jos\u00e9 Joana ao logradouro p\u00fablico Rua 02 localizado no Loteamento Marne Teodoro da Silva e Loteamento Mario Alves de Carvalho\""}, {"id": "1410", "ano": "2021", "numero": "117", "tipo__sigla": "PCP", "tipo__descricao": "Parecer das Comiss\u00f5es Permanentes", "autoria": "CLJRF - Comiss\u00e3o de Legisla\u00e7\u00e3o, Justi\u00e7a e Reda\u00e7\u00e3o Final 2021-2024", "texto_original": "http://sapl.santanadavargem.mg.leg.br/media/sapl/public/materialegislativa/2021/1410/parecer_da_cljrf_19-2021.pdf", "ementa": "Parecer ao projeto de lei ordin\u00e1ria do legislativo 19/2021: \"D\u00e1 o nome de Rua Dorvino Martins de Oliveira ao logradouro p\u00fablico Rua 07 localizado no Loteamento Mario Alves de Carvalho"}, {"id": "1412", "ano": "2021", "numero": "118", "tipo__sigla": "PCP", "tipo__descricao": "Parecer das Comiss\u00f5es Permanentes", "autoria": "CLJRF - Comiss\u00e3o de Legisla\u00e7\u00e3o, Justi\u00e7a e Reda\u00e7\u00e3o Final 2021-2024", "texto_original": "http://sapl.santanadavargem.mg.leg.br/media/sapl/public/materialegislativa/2021/1412/parecer_da_cljrf_18-2021.pdf", "ementa": "Parecer ao projeto de lei ordin\u00e1ria do legislativo 18/2021: D\u00e1 o nome de Rua Mateus Isac ao logradouro p\u00fablico Rua 05 localizado no Loteamento Marne Teodoro da Silva e Loteamento Mario Alves de Carvalho"}, {"id": "1414", "ano": "2021", "numero": "119", "tipo__sigla": "PCP", "tipo__descricao": "Parecer das Comiss\u00f5es Permanentes", "autoria": "CLJRF - Comiss\u00e3o de Legisla\u00e7\u00e3o, Justi\u00e7a e Reda\u00e7\u00e3o Final 2021-2024", "texto_original": "http://sapl.santanadavargem.mg.leg.br/media/sapl/public/materialegislativa/2021/1414/parecer_da_cljrf_17-2021.pdf", "ementa": "Parecer ao projeto de lei ordin\u00e1ria do legislativo 17/2021: D\u00e1 o nome de Rua Bruno Tinano ao logradouro p\u00fablico Rua 06 localizada no Loteamento Marne Teodoro da Silva e Loteamento Mario Alves de Carvalho"}, {"id": "1416", "ano": "2021", "numero": "120", "tipo__sigla": "PCP", "tipo__descricao": "Parecer das Comiss\u00f5es Permanentes", "autoria": "CESAS - Comiss\u00e3o de Educa\u00e7\u00e3o, Sa\u00fade e Assist\u00eancia Social 2021-2024", "texto_original": "http://sapl.santanadavargem.mg.leg.br/media/sapl/public/materialegislativa/2021/1416/parecer_cesas_57-2021.pdf", "ementa": "Parecer da comiss\u00e3o de educa\u00e7\u00e3o, sa\u00fade e assist\u00eancia social  ao projeto de lei ordin\u00e1ria 57/2021"}, {"id": "1417", "ano": "2021", "numero": "121", "tipo__sigla": "PCP", "tipo__descricao": "Parecer das Comiss\u00f5es Permanentes", "autoria": "CLJRF - Comiss\u00e3o de Legisla\u00e7\u00e3o, Justi\u00e7a e Reda\u00e7\u00e3o Final 2021-2024", "texto_original": "http://sapl.santanadavargem.mg.leg.br/media/sapl/public/materialegislativa/2021/1417/parecer_cljrf_57-2021.pdf", "ementa": "Parecer da comiss\u00e3o de legisla\u00e7\u00e3o, justi\u00e7a e reda\u00e7\u00e3o final ao projeto de lei ordin\u00e1ria n\u00ba 57/2021"}, {"id": "1418", "ano": "2021", "numero": "122", "tipo__sigla": "PCP", "tipo__descricao": "Parecer das Comiss\u00f5es Permanentes", "autoria": "CFO - Comiss\u00e3o de Finan\u00e7as e Or\u00e7amento 2021-2024", "texto_original": "http://sapl.santanadavargem.mg.leg.br/media/sapl/public/materialegislativa/2021/1418/parecer_cof_57-2021.pdf", "ementa": "Parecer da comiss\u00e3o de finan\u00e7as e or\u00e7amento ao projeto de lei ordin\u00e1ria 057/2021"}, {"id": "1419", "ano": "2021", "numero": "123", "tipo__sigla": "PCP", "tipo__descricao": "Parecer das Comiss\u00f5es Permanentes", "autoria": "CFO - Comiss\u00e3o de Finan\u00e7as e Or\u00e7amento 2021-2024", "texto_original": "http://sapl.santanadavargem.mg.leg.br/media/sapl/public/materialegislativa/2021/1419/parecer_cfo_058-2021.pdf", "ementa": "Parecer da comiss\u00e3o de finan\u00e7as e or\u00e7amento ao projeto de lei ordin\u00e1ria 58/2021"}, {"id": "1420", "ano": "2021", "numero": "124", "tipo__sigla": "PCP", "tipo__descricao": "Parecer das Comiss\u00f5es Permanentes", "autoria": "CLJRF - Comiss\u00e3o de Legisla\u00e7\u00e3o, Justi\u00e7a e Reda\u00e7\u00e3o Final 2021-2024", "texto_original": "http://sapl.santanadavargem.mg.leg.br/media/sapl/public/materialegislativa/2021/1420/parecer_cljrf_58-2021.pdf", "ementa": "Parecer da comiss\u00e3o de legisla\u00e7\u00e3o, justi\u00e7a e reda\u00e7\u00e3o final ao projeto de lei ordin\u00e1ria 58/2021"}, {"id": "1421", "ano": "2021", "numero": "125", "tipo__sigla": "PCP", "tipo__descricao": "Parecer das Comiss\u00f5es Permanentes", "autoria": "CESAS - Comiss\u00e3o de Educa\u00e7\u00e3o, Sa\u00fade e Assist\u00eancia Social 2021-2024", "texto_original": "http://sapl.santanadavargem.mg.leg.br/media/sapl/public/materialegislativa/2021/1421/parecer_cesas_58-2021.pdf", "ementa": "Parecer da comiss\u00e3o de educa\u00e7\u00e3o, sa\u00fade e assist\u00eancia social"}, {"id": "1422", "ano": "2021", "numero": "126", "tipo__sigla": "PCP", "tipo__descricao": "Parecer das Comiss\u00f5es Permanentes", "autoria": "CFO - Comiss\u00e3o de Finan\u00e7as e Or\u00e7amento 2021-2024", "texto_original": "http://sapl.santanadavargem.mg.leg.br/media/sapl/public/materialegislativa/2021/1422/parecer_cfo_55-2021.pdf", "ementa": "Parecer da Comiss\u00e3o de Finan\u00e7as e Or\u00e7amentos ao projeto de lei 55-2021"}, {"id": "1423", "ano": "2021", "numero": "127", "tipo__sigla": "PCP", "tipo__descricao": "Parecer das Comiss\u00f5es Permanentes", "autoria": "COSPAC - Comiss\u00e3o de Obras, Servi\u00e7os P\u00fablicos, Agroind\u00fastria, Com\u00e9rcio e Turismo 2021-2024", "texto_original": "http://sapl.santanadavargem.mg.leg.br/media/sapl/public/materialegislativa/2021/1423/parecer_cosact_55-2021.pdf", "ementa": "Parecer da comiss\u00e3o de Obras, Servi\u00e7os P\u00fablicos, Agroind\u00fastria, Com\u00e9rcio e Turismo ao projeto de lei ordin\u00e1ria 55/2021"}, {"id": "1424", "ano": "2021", "numero": "128", "tipo__sigla": "PCP", "tipo__descricao": "Parecer das Comiss\u00f5es Permanentes", "autoria": "CLJRF - Comiss\u00e3o de Legisla\u00e7\u00e3o, Justi\u00e7a e Reda\u00e7\u00e3o Final 2021-2024", "texto_original": "http://sapl.santanadavargem.mg.leg.br/media/sapl/public/materialegislativa/2021/1424/parecer_cljrf_55-2021.pdf", "ementa": "Parecer da Comiss\u00e3o Legisla\u00e7\u00e3o, Justi\u00e7a e reda\u00e7\u00e3o final ao projeto de lei ordin\u00e1ria 55/2021"}, {"id": "1437", "ano": "2021", "numero": "129", "tipo__sigla": "PCP", "tipo__descricao": "Parecer das Comiss\u00f5es Permanentes", "autoria": "CLJRF - Comiss\u00e3o de Legisla\u00e7\u00e3o, Justi\u00e7a e Reda\u00e7\u00e3o Final 2021-2024", "texto_original": "http://sapl.santanadavargem.mg.leg.br/media/sapl/public/materialegislativa/2021/1437/comissao_legislacao.pdf", "ementa": "Parecer da comiss\u00e3o legisla\u00e7\u00e3o, justi\u00e7a e reda\u00e7\u00e3o final ao projeto de lei ordin\u00e1ria do legislativo 21/2021"}, {"id": "1439", "ano": "2021", "numero": "130", "tipo__sigla": "PCP", "tipo__descricao": "Parecer das Comiss\u00f5es Permanentes", "autoria": "CLJRF - Comiss\u00e3o de Legisla\u00e7\u00e3o, Justi\u00e7a e Reda\u00e7\u00e3o Final 2021-2024", "texto_original": "http://sapl.santanadavargem.mg.leg.br/media/sapl/public/materialegislativa/2021/1439/pareccer_cljrf_pl_59-2021.pdf", "ementa": "Parecer ao projeto de lei ordin\u00e1ria 59/2021 \"Disp\u00f5e sobre a altera\u00e7\u00e3o da lei Municipal n 1.570, de 21 de setembro de 2021 e d\u00e1 outras provid\u00eancias"}, {"id": "1440", "ano": "2021", "numero": "131", "tipo__sigla": "PCP", "tipo__descricao": "Parecer das Comiss\u00f5es Permanentes", "autoria": "COSPAC - Comiss\u00e3o de Obras, Servi\u00e7os P\u00fablicos, Agroind\u00fastria, Com\u00e9rcio e Turismo 2021-2024", "texto_original": "http://sapl.santanadavargem.mg.leg.br/media/sapl/public/materialegislativa/2021/1440/parecer_cospact_59-2021.pdf", "ementa": "Parecer ao projeto de lei 59/2021 \"Disp\u00f5e sobre a altera\u00e7\u00e3o da lei municipal n 1570, de 21 de setembro de 2021 e d\u00e1 outras provid\u00eancias\""}, {"id": "1444", "ano": "2021", "numero": "132", "tipo__sigla": "PCP", "tipo__descricao": "Parecer das Comiss\u00f5es Permanentes", "autoria": "CLJRF - Comiss\u00e3o de Legisla\u00e7\u00e3o, Justi\u00e7a e Reda\u00e7\u00e3o Final 2021-2024", "texto_original": "http://sapl.santanadavargem.mg.leg.br/media/sapl/public/materialegislativa/2021/1444/parecer_cljrf_60-2021.pdf", "ementa": "Parecer ao projeto de lei ordin\u00e1ria 060/2021"}, {"id": "1445", "ano": "2021", "numero": "133", "tipo__sigla": "PCP", "tipo__descricao": "Parecer das Comiss\u00f5es Permanentes", "autoria": "CFO - Comiss\u00e3o de Finan\u00e7as e Or\u00e7amento 2021-2024", "texto_original": "http://sapl.santanadavargem.mg.leg.br/media/sapl/public/materialegislativa/2021/1445/parecer_cfo_61-2021.pdf", "ementa": "Parecer ao projeto de lei ordin\u00e1ria 061/2021"}, {"id": "1446", "ano": "2021", "numero": "134", "tipo__sigla": "PCP", "tipo__descricao": "Parecer das Comiss\u00f5es Permanentes", "autoria": "CFO - Comiss\u00e3o de Finan\u00e7as e Or\u00e7amento 2021-2024", "texto_original": "http://sapl.santanadavargem.mg.leg.br/media/sapl/public/materialegislativa/2021/1446/parecer_cfo_60-2021.pdf", "ementa": "Parecer ao projeto de lei ordin\u00e1ria 060/2021"}, {"id": "1447", "ano": "2021", "numero": "135", "tipo__sigla": "PCP", "tipo__descricao": "Parecer das Comiss\u00f5es Permanentes", "autoria": "CLJRF - Comiss\u00e3o de Legisla\u00e7\u00e3o, Justi\u00e7a e Reda\u00e7\u00e3o Final 2021-2024", "texto_original": "http://sapl.santanadavargem.mg.leg.br/media/sapl/public/materialegislativa/2021/1447/parecer_cjrf_61-2021.pdf", "ementa": "Parecer ao projeto de lei ordin\u00e1ria 61/2021"}, {"id": "1454", "ano": "2021", "numero": "136", "tipo__sigla": "PCP", "tipo__descricao": "Parecer das Comiss\u00f5es Permanentes", "autoria": "COSPAC - Comiss\u00e3o de Obras, Servi\u00e7os P\u00fablicos, Agroind\u00fastria, Com\u00e9rcio e Turismo 2021-2024", "texto_original": "http://sapl.santanadavargem.mg.leg.br/media/sapl/public/materialegislativa/2021/1454/parecer_comissao_de_obras__projeto_de_resolucao_01-2021.pdf", "ementa": "Parecer da Comiss\u00e3o Obras, Servi\u00e7os P\u00fablicos, Agroind\u00fastria, Com\u00e9rcio e Turismo ao projeto de resolu\u00e7\u00e3o 01/2021"}, {"id": "1456", "ano": "2021", "numero": "137", "tipo__sigla": "PCP", "tipo__descricao": "Parecer das Comiss\u00f5es Permanentes", "autoria": "COSPAC - Comiss\u00e3o de Obras, Servi\u00e7os P\u00fablicos, Agroind\u00fastria, Com\u00e9rcio e Turismo 2021-2024", "texto_original": "http://sapl.santanadavargem.mg.leg.br/media/sapl/public/materialegislativa/2021/1456/parecer_comissao_de_obras_projeto_de_lei_ordinaria_do_legislativo_33-2021.pdf", "ementa": "Parecer da Comiss\u00e3o Obras, Servi\u00e7os P\u00fablicos, Agroind\u00fastria, Com\u00e9rcio e Turismo ao projeto de lei ordin\u00e1ria do legislativo 33/2021"}, {"id": "1457", "ano": "2021", "numero": "138", "tipo__sigla": "PCP", "tipo__descricao": "Parecer das Comiss\u00f5es Permanentes", "autoria": "COSPAC - Comiss\u00e3o de Obras, Servi\u00e7os P\u00fablicos, Agroind\u00fastria, Com\u00e9rcio e Turismo 2021-2024", "texto_original": "http://sapl.santanadavargem.mg.leg.br/media/sapl/public/materialegislativa/2021/1457/parecer_comissao_de_obras_projeto_de_lei_14-2021.pdf", "ementa": "Parecer da Comiss\u00e3o Obras, Servi\u00e7os P\u00fablicos, Agroind\u00fastria, Com\u00e9rcio e Turismo ao projeto de lei ordin\u00e1ria 14/2021"}, {"id": "1458", "ano": "2021", "numero": "139", "tipo__sigla": "PCP", "tipo__descricao": "Parecer das Comiss\u00f5es Permanentes", "autoria": "COSPAC - Comiss\u00e3o de Obras, Servi\u00e7os P\u00fablicos, Agroind\u00fastria, Com\u00e9rcio e Turismo 2021-2024", "texto_original": "http://sapl.santanadavargem.mg.leg.br/media/sapl/public/materialegislativa/2021/1458/parecer_comissao_de_obras_projeto_de_lei_31-2021.pdf", "ementa": "Parecer da Comiss\u00e3o Obras, Servi\u00e7os P\u00fablicos, Agroind\u00fastria, Com\u00e9rcio e Turismo ao projeto de lei 31/2021"}, {"id": "1459", "ano": "2021", "numero": "140", "tipo__sigla": "PCP", "tipo__descricao": "Parecer das Comiss\u00f5es Permanentes", "autoria": "COSPAC - Comiss\u00e3o de Obras, Servi\u00e7os P\u00fablicos, Agroind\u00fastria, Com\u00e9rcio e Turismo 2021-2024", "texto_original": "http://sapl.santanadavargem.mg.leg.br/media/sapl/public/materialegislativa/2021/1459/parecer__comissao_de_obras_projeto_de_lei_50-2021.pdf", "ementa": "Parecer da Comiss\u00e3o Obras, Servi\u00e7os P\u00fablicos, Agroind\u00fastria, Com\u00e9rcio e Turismo ao projeto de lei ordin\u00e1ria 50/2021"}, {"id": "1460", "ano": "2021", "numero": "141", "tipo__sigla": "PCP", "tipo__descricao": "Parecer das Comiss\u00f5es Permanentes", "autoria": "COSPAC - Comiss\u00e3o de Obras, Servi\u00e7os P\u00fablicos, Agroind\u00fastria, Com\u00e9rcio e Turismo 2021-2024", "texto_original": "http://sapl.santanadavargem.mg.leg.br/media/sapl/public/materialegislativa/2021/1460/parecer_da_comissao_de_obras_projeto_de_lei_15-2021.pdf", "ementa": "Parecer da Comiss\u00e3o Obras, Servi\u00e7os P\u00fablicos, Agroind\u00fastria, Com\u00e9rcio e Turismo ao projeto de lei 15/2021"}, {"id": "1469", "ano": "2021", "numero": "142", "tipo__sigla": "PCP", "tipo__descricao": "Parecer das Comiss\u00f5es Permanentes", "autoria": "CLJRF - Comiss\u00e3o de Legisla\u00e7\u00e3o, Justi\u00e7a e Reda\u00e7\u00e3o Final 2021-2024", "texto_original": "http://sapl.santanadavargem.mg.leg.br/media/sapl/public/materialegislativa/2021/1469/17-11-2021_parecer_cljrf_plo_56-21.pdf", "ementa": "\" Institui e regulamenta a distribui\u00e7\u00e3o de lanches, a usu\u00e1rios \r\ndo Sistema \u00fanico de Sa\u00fade, que fazem consultas, procedimentos e \r\nexames fora do Munic\u00edpio de Santana da vargem\"."}, {"id": "1470", "ano": "2021", "numero": "143", "tipo__sigla": "PCP", "tipo__descricao": "Parecer das Comiss\u00f5es Permanentes", "autoria": "CLJRF - Comiss\u00e3o de Legisla\u00e7\u00e3o, Justi\u00e7a e Reda\u00e7\u00e3o Final 2021-2024", "texto_original": "http://sapl.santanadavargem.mg.leg.br/media/sapl/public/materialegislativa/2021/1470/17-11-2021_parecer_cljrf_plo_62-21.pdf", "ementa": "\" Cria no \u00e2mbito do Munic\u00edpio de Santana da Vargem a \r\nBiblioteca Municipal\""}, {"id": "1471", "ano": "2021", "numero": "144", "tipo__sigla": "PCP", "tipo__descricao": "Parecer das Comiss\u00f5es Permanentes", "autoria": "CLJRF - Comiss\u00e3o de Legisla\u00e7\u00e3o, Justi\u00e7a e Reda\u00e7\u00e3o Final 2021-2024", "texto_original": "http://sapl.santanadavargem.mg.leg.br/media/sapl/public/materialegislativa/2021/1471/17-11-2021_parecer_cljrf_plo_43-21.pdf", "ementa": "\" Autoriza o Munic\u00edpio de Santana da Vargem a firmar \r\ncontrato de concess\u00e3o de uso do est\u00e1dio Municipal Hernani Pereira \r\nScatolino \u00e0s pessoas f\u00edsicas e ou jur\u00eddicas, com a finalidade de explora\u00e7\u00e3o \r\nremunerada da pr\u00e1tica desportiva e o desenvolvimento de atividades \r\nf\u00edsicas e d[a outras provid\u00eancias\"."}, {"id": "1472", "ano": "2021", "numero": "145", "tipo__sigla": "PCP", "tipo__descricao": "Parecer das Comiss\u00f5es Permanentes", "autoria": "CFO - Comiss\u00e3o de Finan\u00e7as e Or\u00e7amento 2021-2024", "texto_original": "http://sapl.santanadavargem.mg.leg.br/media/sapl/public/materialegislativa/2021/1472/17-11-2021_parecer_cfo_plo_43-21.pdf", "ementa": "\" Autoriza o Munic\u00edpio de Santana da Vargem a firmar \r\ncontrato de concess\u00e3o de uso do est\u00e1dio Municipal Hernani Pereira \r\nScatolino \u00e0s pessoas f\u00edsicas e ou jur\u00eddicas, com a finalidade de explora\u00e7\u00e3o \r\nremunerada da pr\u00e1tica desportiva e o desenvolvimento de atividades \r\nf\u00edsicas e d[a outras provid\u00eancias\"."}, {"id": "1473", "ano": "2021", "numero": "146", "tipo__sigla": "PCP", "tipo__descricao": "Parecer das Comiss\u00f5es Permanentes", "autoria": "CLJRF - Comiss\u00e3o de Legisla\u00e7\u00e3o, Justi\u00e7a e Reda\u00e7\u00e3o Final 2021-2024", "texto_original": "http://sapl.santanadavargem.mg.leg.br/media/sapl/public/materialegislativa/2021/1473/17-11-2021_parecer_cljrf_plo_leg_22-21.pdf", "ementa": "\" Disp\u00f5e sobre a concilia\u00e7\u00e3o, as hip\u00f3teses de acordo, \r\ntransa\u00e7\u00e3o, dispensa ou desist\u00eancia recursal e de contesta\u00e7\u00e3o nas a\u00e7\u00f5es \r\njudiciais em que o Munic\u00edpio de Santana da Vargem \u00e9 parte\"."}, {"id": "1474", "ano": "2021", "numero": "147", "tipo__sigla": "PCP", "tipo__descricao": "Parecer das Comiss\u00f5es Permanentes", "autoria": "CLJRF - Comiss\u00e3o de Legisla\u00e7\u00e3o, Justi\u00e7a e Reda\u00e7\u00e3o Final 2021-2024", "texto_original": "http://sapl.santanadavargem.mg.leg.br/media/sapl/public/materialegislativa/2021/1474/17-11-2021_parecer_cljrf_plo_leg_29-21.pdf", "ementa": "\" Institui a semana municipal de conscientiza\u00e7\u00e3o, \r\npreven\u00e7\u00e3o e combate ao suic\u00eddio e d\u00e1 outras provid\u00eancias\"."}, {"id": "1475", "ano": "2021", "numero": "148", "tipo__sigla": "PCP", "tipo__descricao": "Parecer das Comiss\u00f5es Permanentes", "autoria": "CLJRF - Comiss\u00e3o de Legisla\u00e7\u00e3o, Justi\u00e7a e Reda\u00e7\u00e3o Final 2021-2024", "texto_original": "http://sapl.santanadavargem.mg.leg.br/media/sapl/public/materialegislativa/2021/1475/17-11-2021_parecer_cljrf_plo_leg_16-21.pdf", "ementa": "\" D\u00e1 se o nome da rua Laudormira Efig\u00eania \"Sakika\" ao \r\nlogradouro p\u00fablico rua 03 localizada no Loteamento Marne Teodoro \r\nda Silva e no Loteamento Mario Alves de Carvalho, neste munic\u00edpio\""}, {"id": "1476", "ano": "2021", "numero": "149", "tipo__sigla": "PCP", "tipo__descricao": "Parecer das Comiss\u00f5es Permanentes", "autoria": "CLJRF - Comiss\u00e3o de Legisla\u00e7\u00e3o, Justi\u00e7a e Reda\u00e7\u00e3o Final 2021-2024", "texto_original": "http://sapl.santanadavargem.mg.leg.br/media/sapl/public/materialegislativa/2021/1476/17-11-2021_parecer_cljrf_plo_leg_25-21.pdf", "ementa": ": \"Disp\u00f5e sobre denomina\u00e7\u00e3o de logradouro p\u00fablico de \r\nAvenida Antonio Pedro\"."}, {"id": "1477", "ano": "2021", "numero": "150", "tipo__sigla": "PCP", "tipo__descricao": "Parecer das Comiss\u00f5es Permanentes", "autoria": "CLJRF - Comiss\u00e3o de Legisla\u00e7\u00e3o, Justi\u00e7a e Reda\u00e7\u00e3o Final 2021-2024", "texto_original": "http://sapl.santanadavargem.mg.leg.br/media/sapl/public/materialegislativa/2021/1477/17-11-2021_parecer_cljrf_plr_1.pdf", "ementa": "\"Altera o Art. 130 do Regimento Interno da C\u00e2mara Municipal de\r\nSantana da Vargem- MG \"."}, {"id": "1478", "ano": "2021", "numero": "151", "tipo__sigla": "PCP", "tipo__descricao": "Parecer das Comiss\u00f5es Permanentes", "autoria": "CLJRF - Comiss\u00e3o de Legisla\u00e7\u00e3o, Justi\u00e7a e Reda\u00e7\u00e3o Final 2021-2024", "texto_original": "http://sapl.santanadavargem.mg.leg.br/media/sapl/public/materialegislativa/2021/1478/17-11-2021_parecer_cljrf_plo_leg_26-21.pdf", "ementa": ": \" D\u00e1 se o nome de Rua Jorge Cust\u00f3dio da Silva \"Jorge do \r\nTininho\" ao logradouro p\u00fablico Rua 07 localizado no Loteamento \r\nMario Alves de Carvalho, neste munic\u00edpio\""}, {"id": "1479", "ano": "2021", "numero": "152", "tipo__sigla": "PCP", "tipo__descricao": "Parecer das Comiss\u00f5es Permanentes", "autoria": "CLJRF - Comiss\u00e3o de Legisla\u00e7\u00e3o, Justi\u00e7a e Reda\u00e7\u00e3o Final 2021-2024", "texto_original": "http://sapl.santanadavargem.mg.leg.br/media/sapl/public/materialegislativa/2021/1479/17-11-2021parecer_cljrf_plo_20-21.pdf", "ementa": "\" Disp\u00f5e sobre a concilia\u00e7\u00e3o, as hip\u00f3teses de acordo, \r\ntransa\u00e7\u00e3o, dispensa ou desist\u00eancia recursal e de contesta\u00e7\u00e3o nas a\u00e7\u00f5es \r\njudiciais em que o Munic\u00edpio de Santana da Vargem \u00e9 parte\""}, {"id": "1480", "ano": "2021", "numero": "153", "tipo__sigla": "PCP", "tipo__descricao": "Parecer das Comiss\u00f5es Permanentes", "autoria": "CLJRF - Comiss\u00e3o de Legisla\u00e7\u00e3o, Justi\u00e7a e Reda\u00e7\u00e3o Final 2021-2024", "texto_original": "http://sapl.santanadavargem.mg.leg.br/media/sapl/public/materialegislativa/2021/1480/17-11-2021_parecer_cljrf_plo_14-21.pdf", "ementa": "\" Autoriza o chefe do poder executivo a outorgar,  mediante procedimento licitat\u00f3rio, concess\u00e3o de direito real de uso de \r\nbem im\u00f3vel e d\u00e1 outras provid\u00eancias\"."}, {"id": "1481", "ano": "2021", "numero": "154", "tipo__sigla": "PCP", "tipo__descricao": "Parecer das Comiss\u00f5es Permanentes", "autoria": "CLJRF - Comiss\u00e3o de Legisla\u00e7\u00e3o, Justi\u00e7a e Reda\u00e7\u00e3o Final 2021-2024", "texto_original": "http://sapl.santanadavargem.mg.leg.br/media/sapl/public/materialegislativa/2021/1481/1-11-2021_parecer_cljrf_plo_63-21.pdf", "ementa": "Reduz a extens\u00e3o da faixa n\u00e3o edific\u00e1vel cont\u00edgua \u00e0s\r\nfaixas de dom\u00ednio p\u00fablico de rodovias no \u00e2mbito do Munic\u00edpio de\r\nSantana da Vargem\""}, {"id": "1482", "ano": "2021", "numero": "155", "tipo__sigla": "PCP", "tipo__descricao": "Parecer das Comiss\u00f5es Permanentes", "autoria": "CFO - Comiss\u00e3o de Finan\u00e7as e Or\u00e7amento 2021-2024", "texto_original": "http://sapl.santanadavargem.mg.leg.br/media/sapl/public/materialegislativa/2021/1482/17-11-2021_parecer_cljrf_plo_56-21.pdf", "ementa": "\" Institui e regulamenta a distribui\u00e7\u00e3o de lanches, a usu\u00e1rios \r\ndo Sistema \u00fanico de Sa\u00fade, que fazem consultas, procedimentos e \r\nexames fora do Munic\u00edpio de Santana da vargem\""}, {"id": "1483", "ano": "2021", "numero": "156", "tipo__sigla": "PCP", "tipo__descricao": "Parecer das Comiss\u00f5es Permanentes", "autoria": "CLJRF - Comiss\u00e3o de Legisla\u00e7\u00e3o, Justi\u00e7a e Reda\u00e7\u00e3o Final 2021-2024", "texto_original": "http://sapl.santanadavargem.mg.leg.br/media/sapl/public/materialegislativa/2021/1483/17-11-2021_parecer_cljrf_plo_65-21.pdf", "ementa": "\" Cria Projeto/Atividades no PPA, autoriza abertura de \r\ncr\u00e9ditos adicionais especiais por excesso de arrecada\u00e7\u00e3o no or\u00e7amento \r\n2021, para atender despesas referentes \u00e0 Resolu\u00e7\u00e3o SES/MG n\u00ba 7.627, de \r\n03 de agosto de 2021\""}, {"id": "1484", "ano": "2021", "numero": "157", "tipo__sigla": "PCP", "tipo__descricao": "Parecer das Comiss\u00f5es Permanentes", "autoria": "CFO - Comiss\u00e3o de Finan\u00e7as e Or\u00e7amento 2021-2024", "texto_original": "http://sapl.santanadavargem.mg.leg.br/media/sapl/public/materialegislativa/2021/1484/17-11-2021_parecer_cfo_plo_65-21.pdf", "ementa": "\" Cria Projeto/Atividades no PPA, autoriza abertura de \r\ncr\u00e9ditos adicionais especiais por excesso de arrecada\u00e7\u00e3o no or\u00e7amento \r\n2021, para atender despesas referentes \u00e0 Resolu\u00e7\u00e3o SES/MG n\u00ba 7.627, de \r\n03 de agosto de 2021\""}, {"id": "1485", "ano": "2021", "numero": "158", "tipo__sigla": "PCP", "tipo__descricao": "Parecer das Comiss\u00f5es Permanentes", "autoria": "CLJRF - Comiss\u00e3o de Legisla\u00e7\u00e3o, Justi\u00e7a e Reda\u00e7\u00e3o Final 2021-2024", "texto_original": "http://sapl.santanadavargem.mg.leg.br/media/sapl/public/materialegislativa/2021/1485/17-11-2021parecer_cljrf_plo_leg_30-21.pdf", "ementa": "\" Institui a semana municipal de conscientiza\u00e7\u00e3o, preven\u00e7\u00e3o \r\ne combate \u00e0 viol\u00eancia contra a mulher e d\u00e1 outras provid\u00eancias\""}, {"id": "1486", "ano": "2021", "numero": "159", "tipo__sigla": "PCP", "tipo__descricao": "Parecer das Comiss\u00f5es Permanentes", "autoria": "CLJRF - Comiss\u00e3o de Legisla\u00e7\u00e3o, Justi\u00e7a e Reda\u00e7\u00e3o Final 2021-2024", "texto_original": "http://sapl.santanadavargem.mg.leg.br/media/sapl/public/materialegislativa/2021/1486/17-11-2021_parecer_cljrf_plo_leg_31-21.pdf", "ementa": "\"Disp\u00f5e sobre a presta\u00e7\u00e3o de servi\u00e7os de odontologia nas \r\nredes p\u00fablicas de educa\u00e7\u00e3o\"."}, {"id": "1487", "ano": "2021", "numero": "160", "tipo__sigla": "PCP", "tipo__descricao": "Parecer das Comiss\u00f5es Permanentes", "autoria": "CLJRF - Comiss\u00e3o de Legisla\u00e7\u00e3o, Justi\u00e7a e Reda\u00e7\u00e3o Final 2021-2024", "texto_original": "http://sapl.santanadavargem.mg.leg.br/media/sapl/public/materialegislativa/2021/1487/17-11-2021_parecer_cljrf_plo_15-21.pdf", "ementa": "\" Disp\u00f5e sobre a presta\u00e7\u00e3o de servi\u00e7os de psicologia e de \r\nservi\u00e7o social nas redes p\u00fablicas de educa\u00e7\u00e3o\"."}, {"id": "1488", "ano": "2021", "numero": "161", "tipo__sigla": "PCP", "tipo__descricao": "Parecer das Comiss\u00f5es Permanentes", "autoria": "CLJRF - Comiss\u00e3o de Legisla\u00e7\u00e3o, Justi\u00e7a e Reda\u00e7\u00e3o Final 2021-2024", "texto_original": "http://sapl.santanadavargem.mg.leg.br/media/sapl/public/materialegislativa/2021/1488/17-11-2021parecer_cljrf_plo_64-21.pdf", "ementa": "\"Disp\u00f5e sobre a autoriza\u00e7\u00e3o para participa\u00e7\u00e3o do Munic\u00edpio \r\nde Santana da Vargem/MG no Cons\u00f3rcio Intermunicipal Multifinalit\u00e1rio \r\ndo Baixo Sapuca\u00ed e d\u00e1 outras provid\u00eancias\""}, {"id": "1489", "ano": "2021", "numero": "162", "tipo__sigla": "PCP", "tipo__descricao": "Parecer das Comiss\u00f5es Permanentes", "autoria": "CLJRF - Comiss\u00e3o de Legisla\u00e7\u00e3o, Justi\u00e7a e Reda\u00e7\u00e3o Final 2021-2024", "texto_original": "http://sapl.santanadavargem.mg.leg.br/media/sapl/public/materialegislativa/2021/1489/17-11-2021_parecer_cljrf_plo_47-21.pdf", "ementa": "\" Disp\u00f5e sobre o servi\u00e7o volunt\u00e1rio no \u00e2mbito da\r\nAdministra\u00e7\u00e3o Direta e Indireta de Santana da Vargem e d\u00e1 outras provid\u00eancias"}, {"id": "1490", "ano": "2021", "numero": "163", "tipo__sigla": "PCP", "tipo__descricao": "Parecer das Comiss\u00f5es Permanentes", "autoria": "CLJRF - Comiss\u00e3o de Legisla\u00e7\u00e3o, Justi\u00e7a e Reda\u00e7\u00e3o Final 2021-2024", "texto_original": "http://sapl.santanadavargem.mg.leg.br/media/sapl/public/materialegislativa/2021/1490/17-11-2021_parecer_cljrf_plo_leg_23-21.pdf", "ementa": "\" Institui a Semana do Esporte e Sa\u00fade no \u00e2mbito do \r\nMunic\u00edpio de Santana da Vargem e da outras provid\u00eancias\"."}, {"id": "1491", "ano": "2021", "numero": "164", "tipo__sigla": "PCP", "tipo__descricao": "Parecer das Comiss\u00f5es Permanentes", "autoria": "CLJRF - Comiss\u00e3o de Legisla\u00e7\u00e3o, Justi\u00e7a e Reda\u00e7\u00e3o Final 2021-2024", "texto_original": "http://sapl.santanadavargem.mg.leg.br/media/sapl/public/materialegislativa/2021/1491/17-11-2021_parecer_cljrf_plo_50_subst_1.pdf", "ementa": "\"Disp\u00f5e sobre a concess\u00e3o e presta\u00e7\u00e3o de contas de\r\nadiantamentos para realiza\u00e7\u00e3o de despesas urgentes e de pequeno vulto\r\nno \u00e2mbito do Poder Executivo de Santana da Vargem e d\u00e1 outras\r\nprovid\u00eancias\"."}, {"id": "1492", "ano": "2021", "numero": "165", "tipo__sigla": "PCP", "tipo__descricao": "Parecer das Comiss\u00f5es Permanentes", "autoria": "CESAS - Comiss\u00e3o de Educa\u00e7\u00e3o, Sa\u00fade e Assist\u00eancia Social 2021-2024", "texto_original": "http://sapl.santanadavargem.mg.leg.br/media/sapl/public/materialegislativa/2021/1492/cseas_64-2021.pdf", "ementa": "Disp\u00f5e sobre a autoriza\u00e7\u00e3o para participa\u00e7\u00e3o do Munic\u00edpio de Santana da Vargem/MG Cons\u00f3rcio Intermunicipal Multifinalit\u00e1rio do Baixo Sapuca\u00ed e d\u00e1 outas provid\u00eancias"}, {"id": "1493", "ano": "2021", "numero": "166", "tipo__sigla": "PCP", "tipo__descricao": "Parecer das Comiss\u00f5es Permanentes", "autoria": "CESAS - Comiss\u00e3o de Educa\u00e7\u00e3o, Sa\u00fade e Assist\u00eancia Social 2021-2024", "texto_original": "http://sapl.santanadavargem.mg.leg.br/media/sapl/public/materialegislativa/2021/1493/cesas_047-2021.pdf", "ementa": "Disp\u00f5e sobre o servi\u00e7o volunt\u00e1rio no \u00e2mbito da Administra\u00e7\u00e3o Direta e Indireta de Santana da Vargem e d\u00e1 outras provid\u00eancias"}, {"id": "1494", "ano": "2021", "numero": "167", "tipo__sigla": "PCP", "tipo__descricao": "Parecer das Comiss\u00f5es Permanentes", "autoria": "CESAS - Comiss\u00e3o de Educa\u00e7\u00e3o, Sa\u00fade e Assist\u00eancia Social 2021-2024", "texto_original": "http://sapl.santanadavargem.mg.leg.br/media/sapl/public/materialegislativa/2021/1494/cseas_031-2021.pdf", "ementa": "Disp\u00f5e sobre a presta\u00e7\u00e3o de servi\u00e7os de odontologia nas redes p\u00fablicas de educa\u00e7\u00e3o"}, {"id": "1495", "ano": "2021", "numero": "168", "tipo__sigla": "PCP", "tipo__descricao": "Parecer das Comiss\u00f5es Permanentes", "autoria": "CESAS - Comiss\u00e3o de Educa\u00e7\u00e3o, Sa\u00fade e Assist\u00eancia Social 2021-2024", "texto_original": "http://sapl.santanadavargem.mg.leg.br/media/sapl/public/materialegislativa/2021/1495/cseas_015-2021.pdf", "ementa": "Disp\u00f5e sobre a presta\u00e7\u00e3o de servi\u00e7os de psicologia e de servi\u00e7o social nas redes p\u00fablicas de educa\u00e7\u00e3o"}, {"id": "1497", "ano": "2021", "numero": "169", "tipo__sigla": "PCP", "tipo__descricao": "Parecer das Comiss\u00f5es Permanentes", "autoria": "CESAS - Comiss\u00e3o de Educa\u00e7\u00e3o, Sa\u00fade e Assist\u00eancia Social 2021-2024", "texto_original": "http://sapl.santanadavargem.mg.leg.br/media/sapl/public/materialegislativa/2021/1497/comissao_edsas_63.pdf", "ementa": "Reduz a extens\u00e3o da faixa n\u00e3o edific\u00e1vel cont\u00edgua \u00e0s faixas de dom\u00ednio p\u00fablico de rodovias no \u00e2mbito do Munic\u00edpio de Santana da Vargem"}, {"id": "1498", "ano": "2021", "numero": "170", "tipo__sigla": "PCP", "tipo__descricao": "Parecer das Comiss\u00f5es Permanentes", "autoria": "CESAS - Comiss\u00e3o de Educa\u00e7\u00e3o, Sa\u00fade e Assist\u00eancia Social 2021-2024", "texto_original": "http://sapl.santanadavargem.mg.leg.br/media/sapl/public/materialegislativa/2021/1498/parecer_esas_30.pdf", "ementa": "Institui a semana municipal de conscientiza\u00e7\u00e3o, preven\u00e7\u00e3o, e combate \u00e0 viol\u00eancia contra a mulher e d\u00e1 outras provid\u00eancias"}, {"id": "1499", "ano": "2021", "numero": "171", "tipo__sigla": "PCP", "tipo__descricao": "Parecer das Comiss\u00f5es Permanentes", "autoria": "CLJRF - Comiss\u00e3o de Legisla\u00e7\u00e3o, Justi\u00e7a e Reda\u00e7\u00e3o Final 2021-2024", "texto_original": "http://sapl.santanadavargem.mg.leg.br/media/sapl/public/materialegislativa/2021/1499/parecer_ao_ljrf_33.pdf", "ementa": "Institui a Pol\u00edtica Municipal de Linguagem Simples nos \u00f3rg\u00e3os da administra\u00e7\u00e3o p\u00fablica municipal"}, {"id": "1500", "ano": "2021", "numero": "172", "tipo__sigla": "PCP", "tipo__descricao": "Parecer das Comiss\u00f5es Permanentes", "autoria": "CESAS - Comiss\u00e3o de Educa\u00e7\u00e3o, Sa\u00fade e Assist\u00eancia Social 2021-2024", "texto_original": "http://sapl.santanadavargem.mg.leg.br/media/sapl/public/materialegislativa/2021/1500/parecer_edsas_56.pdf", "ementa": "Institui e regulamenta a distribui\u00e7\u00e3o de lanches, a usu\u00e1rios do Sistema \u00fanico de Sa\u00fade, que fazem procedimentos e exames fora do Munic\u00edpio de Santana da Vargem"}, {"id": "1501", "ano": "2021", "numero": "173", "tipo__sigla": "PCP", "tipo__descricao": "Parecer das Comiss\u00f5es Permanentes", "autoria": "CFO - Comiss\u00e3o de Finan\u00e7as e Or\u00e7amento 2021-2024", "texto_original": "http://sapl.santanadavargem.mg.leg.br/media/sapl/public/materialegislativa/2021/1501/parecer_50-2021.pdf", "ementa": "Disp\u00f5e sobre a concess\u00e3o e presta\u00e7\u00e3o de contas de adiantamentos para realiza\u00e7\u00e3o de despesas urgentes e de pequeno vulto no \u00e2mbito do Poder Executivo de Santana da Vargem e d\u00e1 outras provid\u00eancias"}, {"id": "1502", "ano": "2021", "numero": "174", "tipo__sigla": "PCP", "tipo__descricao": "Parecer das Comiss\u00f5es Permanentes", "autoria": "CFO - Comiss\u00e3o de Finan\u00e7as e Or\u00e7amento 2021-2024", "texto_original": "http://sapl.santanadavargem.mg.leg.br/media/sapl/public/materialegislativa/2021/1502/parecer_20-2021.pdf", "ementa": "Disp\u00f5e sobre a concilia\u00e7\u00e3o, as hip\u00f3teses de acordo, transa\u00e7\u00e3o dispensa ou desist\u00eancia recursal e de contesta\u00e7\u00e3o nas a\u00e7\u00f5es judiciais em que o Munic\u00edpio de Santana da Vargem \u00e9 parte."}, {"id": "1503", "ano": "2021", "numero": "175", "tipo__sigla": "PCP", "tipo__descricao": "Parecer das Comiss\u00f5es Permanentes", "autoria": "CESAS - Comiss\u00e3o de Educa\u00e7\u00e3o, Sa\u00fade e Assist\u00eancia Social 2021-2024", "texto_original": "http://sapl.santanadavargem.mg.leg.br/media/sapl/public/materialegislativa/2021/1503/doc01647320211119195307.pdf", "ementa": "Autoriza o Munic\u00edpio de Santana da Vargem a firma contrato de concess\u00e3o de uso do est\u00e1dio Municipal Hernani Pereira Scatolino \u00e0s pessoas f\u00edsicas e ou jur\u00eddicas, com a finalidade de explora\u00e7\u00e3o remunerada da pr\u00e1tica desportiva e o desenvolvimento de atividades fiscais e d\u00e1 outras provid\u00eancias"}, {"id": "1509", "ano": "2021", "numero": "176", "tipo__sigla": "PCP", "tipo__descricao": "Parecer das Comiss\u00f5es Permanentes", "autoria": "CLJRF - Comiss\u00e3o de Legisla\u00e7\u00e3o, Justi\u00e7a e Reda\u00e7\u00e3o Final 2021-2024", "texto_original": "http://sapl.santanadavargem.mg.leg.br/media/sapl/public/materialegislativa/2021/1509/parecer_comissao_legislacao_justica_pl38.pdf", "ementa": "Pro\u00edbe a inaugura\u00e7\u00e3o de obras p\u00fablicas municipais inacabadas ou que n\u00e3o possam ser usufru\u00eddas de imediato pela popula\u00e7\u00e3o"}, {"id": "1510", "ano": "2021", "numero": "177", "tipo__sigla": "PCP", "tipo__descricao": "Parecer das Comiss\u00f5es Permanentes", "autoria": "COSPAC - Comiss\u00e3o de Obras, Servi\u00e7os P\u00fablicos, Agroind\u00fastria, Com\u00e9rcio e Turismo 2021-2024", "texto_original": "http://sapl.santanadavargem.mg.leg.br/media/sapl/public/materialegislativa/2021/1510/parecer_comissao_obras_serv_publ_pl38.pdf", "ementa": "Pro\u00edbe a inaugura\u00e7\u00e3o de obras p\u00fablicas municipais inacabadas ou que n\u00e3o possam ser usufru\u00eddas de imediato pela popula\u00e7\u00e3o"}, {"id": "1511", "ano": "2021", "numero": "178", "tipo__sigla": "PCP", "tipo__descricao": "Parecer das Comiss\u00f5es Permanentes", "autoria": "COSPAC - Comiss\u00e3o de Obras, Servi\u00e7os P\u00fablicos, Agroind\u00fastria, Com\u00e9rcio e Turismo 2021-2024", "texto_original": "http://sapl.santanadavargem.mg.leg.br/media/sapl/public/materialegislativa/2021/1511/parecer_comissao_obras_serv_publ_pl_47-2021.pdf", "ementa": "Disp\u00f5e sobre o servi\u00e7o volunt\u00e1rio no \u00e2mbito da administra\u00e7\u00e3o Direta e Indireta de Santana da Vargem e d\u00e1 outras provid\u00eancias"}, {"id": "1512", "ano": "2021", "numero": "179", "tipo__sigla": "PCP", "tipo__descricao": "Parecer das Comiss\u00f5es Permanentes", "autoria": "COSPAC - Comiss\u00e3o de Obras, Servi\u00e7os P\u00fablicos, Agroind\u00fastria, Com\u00e9rcio e Turismo 2021-2024", "texto_original": "http://sapl.santanadavargem.mg.leg.br/media/sapl/public/materialegislativa/2021/1512/parecer_comissao_obras_sev_publ_63-2021.pdf", "ementa": "Reduz a extens\u00e3o da faixa n\u00e3o edific\u00e1vel cont\u00edgua \u00e0s faixas de dom\u00ednio p\u00fablico de rodovias no \u00e2mbito do munic\u00edpio de Santana da Vargem"}, {"id": "1514", "ano": "2021", "numero": "180", "tipo__sigla": "PCP", "tipo__descricao": "Parecer das Comiss\u00f5es Permanentes", "autoria": "CFO - Comiss\u00e3o de Finan\u00e7as e Or\u00e7amento 2021-2024", "texto_original": "http://sapl.santanadavargem.mg.leg.br/media/sapl/public/materialegislativa/2021/1514/parecer_cfo_pl_02_ao_pl_20.pdf", "ementa": "Disp\u00f5e sobre as hip\u00f3teses de realiza\u00e7\u00e3o de acordo judicial ou administrativo, desist\u00eancia recursal e outros em que o Munic\u00edpio de Santana da Vargem \u00e9 parte ou interessado"}, {"id": "1515", "ano": "2021", "numero": "181", "tipo__sigla": "PCP", "tipo__descricao": "Parecer das Comiss\u00f5es Permanentes", "autoria": "CLJRF - Comiss\u00e3o de Legisla\u00e7\u00e3o, Justi\u00e7a e Reda\u00e7\u00e3o Final 2021-2024", "texto_original": "http://sapl.santanadavargem.mg.leg.br/media/sapl/public/materialegislativa/2021/1515/parecer_cljrf_pl_sub_2_ao_pl20.pdf", "ementa": "Disp\u00f5e sobre as hip\u00f3teses de realiza\u00e7\u00e3o de acordo judicial ou administrativo, desist\u00eancia recursal e outros em que o Munic\u00edpio de Santana da Vargem \u00e9 parte ou interessado"}, {"id": "1535", "ano": "2021", "numero": "182", "tipo__sigla": "PCP", "tipo__descricao": "Parecer das Comiss\u00f5es Permanentes", "autoria": "CESAS - Comiss\u00e3o de Educa\u00e7\u00e3o, Sa\u00fade e Assist\u00eancia Social 2021-2024", "texto_original": "http://sapl.santanadavargem.mg.leg.br/media/sapl/public/materialegislativa/2021/1535/parecer_cesas_66-2021.pdf", "ementa": "Altera o Art 4\u00ba da Lei 1532 de 16 de novembro de 2020- Lei Or\u00e7ament\u00e1ria Anual- LOA e d\u00e1 outras provid\u00eancias"}, {"id": "1536", "ano": "2021", "numero": "183", "tipo__sigla": "PCP", "tipo__descricao": "Parecer das Comiss\u00f5es Permanentes", "autoria": "CFO - Comiss\u00e3o de Finan\u00e7as e Or\u00e7amento 2021-2024", "texto_original": "http://sapl.santanadavargem.mg.leg.br/media/sapl/public/materialegislativa/2021/1536/parecer_cfo_66-2021.pdf", "ementa": "Altera o Art 4\u00ba da Lei 1532 de 16 de novembro de 2020- Lei Or\u00e7ament\u00e1ria Anual- LOA e d\u00e1 outras provid\u00eancias"}, {"id": "1537", "ano": "2021", "numero": "184", "tipo__sigla": "PCP", "tipo__descricao": "Parecer das Comiss\u00f5es Permanentes", "autoria": "CLJRF - Comiss\u00e3o de Legisla\u00e7\u00e3o, Justi\u00e7a e Reda\u00e7\u00e3o Final 2021-2024", "texto_original": "http://sapl.santanadavargem.mg.leg.br/media/sapl/public/materialegislativa/2021/1537/parecer_cljrf_66-2021.pdf", "ementa": "Altera o Art 4\u00ba da Lei 1532 de 16 de novembro de 2020- Lei Or\u00e7ament\u00e1ria Anual- LOA e d\u00e1 outras provid\u00eancias"}, {"id": "1538", "ano": "2021", "numero": "185", "tipo__sigla": "PCP", "tipo__descricao": "Parecer das Comiss\u00f5es Permanentes", "autoria": "CESAS - Comiss\u00e3o de Educa\u00e7\u00e3o, Sa\u00fade e Assist\u00eancia Social 2021-2024", "texto_original": "http://sapl.santanadavargem.mg.leg.br/media/sapl/public/materialegislativa/2021/1538/parecer_cesas_68-2021.pdf", "ementa": "Disp\u00f5e sobre abertura de cr\u00e9dito adicional suplementar, na fonte do recurso 259 para atendimento das despesas na manuten\u00e7\u00e3o de atividade da Sa\u00fade B\u00e1sica e d\u00e1 outras provid\u00eancias"}, {"id": "1539", "ano": "2021", "numero": "186", "tipo__sigla": "PCP", "tipo__descricao": "Parecer das Comiss\u00f5es Permanentes", "autoria": "CLJRF - Comiss\u00e3o de Legisla\u00e7\u00e3o, Justi\u00e7a e Reda\u00e7\u00e3o Final 2021-2024", "texto_original": "http://sapl.santanadavargem.mg.leg.br/media/sapl/public/materialegislativa/2021/1539/parecer_cljrf_68-2021.pdf", "ementa": "Disp\u00f5e sobre abertura de cr\u00e9dito adicional suplementar, na fonte do recurso 259 para atendimento das despesas na manuten\u00e7\u00e3o de atividade da Sa\u00fade B\u00e1sica e d\u00e1 outras provid\u00eancias"}, {"id": "1540", "ano": "2021", "numero": "187", "tipo__sigla": "PCP", "tipo__descricao": "Parecer das Comiss\u00f5es Permanentes", "autoria": "CFO - Comiss\u00e3o de Finan\u00e7as e Or\u00e7amento 2021-2024", "texto_original": "http://sapl.santanadavargem.mg.leg.br/media/sapl/public/materialegislativa/2021/1540/parecer_cfo_68-2021.pdf", "ementa": "Disp\u00f5e sobre abertura de cr\u00e9dito adicional suplementar, na fonte do recurso 259 para atendimento das despesas na manuten\u00e7\u00e3o de atividade da Sa\u00fade B\u00e1sica e d\u00e1 outras provid\u00eancias"}, {"id": "1549", "ano": "2021", "numero": "188", "tipo__sigla": "PCP", "tipo__descricao": "Parecer das Comiss\u00f5es Permanentes", "autoria": "CFO - Comiss\u00e3o de Finan\u00e7as e Or\u00e7amento 2021-2024", "texto_original": "http://sapl.santanadavargem.mg.leg.br/media/sapl/public/materialegislativa/2021/1549/parecer_cfo_67.pdf", "ementa": "Cria Projetos/Atividades no PPA, autoriza abertura de cr\u00e9ditos especiais por excesso de arrecada\u00e7\u00e3o na fonte de recurso 155, no or\u00e7amento para o exerc\u00edcio 2021, para atender despesas referentes \u00e0 Resolu\u00e7\u00e3o SES/MG (Secretaria de Estado de Sa\u00fade) n\u00ba 7554-21, 14 de junho de 2021)"}, {"id": "1550", "ano": "2021", "numero": "189", "tipo__sigla": "PCP", "tipo__descricao": "Parecer das Comiss\u00f5es Permanentes", "autoria": "CESAS - Comiss\u00e3o de Educa\u00e7\u00e3o, Sa\u00fade e Assist\u00eancia Social 2021-2024", "texto_original": "http://sapl.santanadavargem.mg.leg.br/media/sapl/public/materialegislativa/2021/1550/parecer_cas_67.pdf", "ementa": "Cria Projetos/Atividades no PPA, autoriza abertura de cr\u00e9ditos especiais por excesso de arrecada\u00e7\u00e3o na fonte de recurso 155, no or\u00e7amento para o exerc\u00edcio 2021, para atender despesas referentes \u00e0 Resolu\u00e7\u00e3o SES/MG (Secretaria de Estado de Sa\u00fade) n\u00ba 7554-21, 14 de junho de 2021)"}, {"id": "1551", "ano": "2021", "numero": "190", "tipo__sigla": "PCP", "tipo__descricao": "Parecer das Comiss\u00f5es Permanentes", "autoria": "CLJRF - Comiss\u00e3o de Legisla\u00e7\u00e3o, Justi\u00e7a e Reda\u00e7\u00e3o Final 2021-2024", "texto_original": "http://sapl.santanadavargem.mg.leg.br/media/sapl/public/materialegislativa/2021/1551/parecer_cljrf_67.pdf", "ementa": "Cria Projetos/Atividades no PPA, autoriza abertura de cr\u00e9ditos especiais por excesso de arrecada\u00e7\u00e3o na fonte de recurso 155, no or\u00e7amento para o exerc\u00edcio 2021, para atender despesas referentes \u00e0 Resolu\u00e7\u00e3o SES/MG (Secretaria de Estado de Sa\u00fade) n\u00ba 7554-21, 14 de junho de 2021)"}, {"id": "1556", "ano": "2021", "numero": "191", "tipo__sigla": "PCP", "tipo__descricao": "Parecer das Comiss\u00f5es Permanentes", "autoria": "CLJRF - Comiss\u00e3o de Legisla\u00e7\u00e3o, Justi\u00e7a e Reda\u00e7\u00e3o Final 2021-2024", "texto_original": "http://sapl.santanadavargem.mg.leg.br/media/sapl/public/materialegislativa/2021/1556/parecer_comissao_educacao_plsb14.pdf", "ementa": "Parecer ao projeto de lei 14/2021: \"Disp\u00f5e sobre a cria\u00e7\u00e3o do Projeto \"Educando para o Futuro\" no Munic\u00edpio de Santana da Vargem"}, {"id": "1557", "ano": "2021", "numero": "192", "tipo__sigla": "PCP", "tipo__descricao": "Parecer das Comiss\u00f5es Permanentes", "autoria": "CLJRF - Comiss\u00e3o de Legisla\u00e7\u00e3o, Justi\u00e7a e Reda\u00e7\u00e3o Final 2021-2024", "texto_original": "http://sapl.santanadavargem.mg.leg.br/media/sapl/public/materialegislativa/2021/1557/parecer_comissao_obras_53.pdf", "ementa": "Parecer ao projeto de lei ordin\u00e1ria 53/2021: \"Disp\u00f5e sobre o plano plurianual par  exerc\u00edcio 2022-2025"}, {"id": "1558", "ano": "2021", "numero": "193", "tipo__sigla": "PCP", "tipo__descricao": "Parecer das Comiss\u00f5es Permanentes", "autoria": "CFO - Comiss\u00e3o de Finan\u00e7as e Or\u00e7amento 2021-2024", "texto_original": "http://sapl.santanadavargem.mg.leg.br/media/sapl/public/materialegislativa/2021/1558/parecer_cfo_plsb_14.pdf", "ementa": "Parecer ao projeto de lei substitutivo 03 ao projeto de lei 14/2021: \"Disp\u00f5e sobre a cria\u00e7\u00e3o do Projeto \"Educando para o Futuro\" no munic\u00edpio de Santana da Vargem"}, {"id": "1559", "ano": "2021", "numero": "194", "tipo__sigla": "PCP", "tipo__descricao": "Parecer das Comiss\u00f5es Permanentes", "autoria": "CFO - Comiss\u00e3o de Finan\u00e7as e Or\u00e7amento 2021-2024", "texto_original": "http://sapl.santanadavargem.mg.leg.br/media/sapl/public/materialegislativa/2021/1559/parecer_comissao_obras_pl_52.pdf", "ementa": "Parecer ao projeto de lei ordin\u00e1ria 52/2021: \"Estima receita fixa despesas do munic\u00edpio de Santana da Vargem-MG para exerc\u00edcio financeiro de 2022\""}, {"id": "1560", "ano": "2021", "numero": "195", "tipo__sigla": "PCP", "tipo__descricao": "Parecer das Comiss\u00f5es Permanentes", "autoria": "CESAS - Comiss\u00e3o de Educa\u00e7\u00e3o, Sa\u00fade e Assist\u00eancia Social 2021-2024", "texto_original": "http://sapl.santanadavargem.mg.leg.br/media/sapl/public/materialegislativa/2021/1560/parecer_comissao_educacao_plsb14.pdf", "ementa": "Parecer ao projeto de lei 03 substitutivo ao projeto de lei 14/2021: Disp\u00f5e sobre a cria\u00e7\u00e3o do Projeto \"Educando para o Futuro\" no Munic\u00edpio de Santana da Vargem"}, {"id": "680", "ano": "2021", "numero": "1", "tipo__sigla": "PO", "tipo__descricao": "Portaria", "autoria": "Silmara Girlaine", "texto_original": "http://sapl.santanadavargem.mg.leg.br/media/sapl/public/materialegislativa/2021/680/portaria_01-2021.pdf", "ementa": "\u201cDisp\u00f5e sobre a designa\u00e7\u00e3o do 1\u00ba Secret\u00e1rio para assinatura em conta corrente da C\u00e2mara Municipal de Santana da Vargem, e d\u00e1 outras provid\u00eancias\u201d"}, {"id": "679", "ano": "2021", "numero": "2", "tipo__sigla": "PO", "tipo__descricao": "Portaria", "autoria": "Silmara Girlaine", "texto_original": "http://sapl.santanadavargem.mg.leg.br/media/sapl/public/materialegislativa/2021/679/portaria_02-2021.pdf", "ementa": "\u201cDisp\u00f5e sobre a nomea\u00e7\u00e3o de servidor para ocupar cargo em comiss\u00e3o, Diretor Geral."}, {"id": "678", "ano": "2021", "numero": "3", "tipo__sigla": "PO", "tipo__descricao": "Portaria", "autoria": "Silmara Girlaine", "texto_original": "http://sapl.santanadavargem.mg.leg.br/media/sapl/public/materialegislativa/2021/678/portaria_03_nomeando_pregoeiro_e_comissao_de_licitacao.pdf", "ementa": "Nomea\u00e7\u00e3o do Pregoeiro e da comiss\u00e3o de licita\u00e7\u00e3o."}, {"id": "681", "ano": "2021", "numero": "4", "tipo__sigla": "PO", "tipo__descricao": "Portaria", "autoria": "Silmara Girlaine", "texto_original": "http://sapl.santanadavargem.mg.leg.br/media/sapl/public/materialegislativa/2021/681/portaria_04-2021.pdf", "ementa": "\u201cContrata\u00e7\u00e3o de empresa especializada em abastecimento de \u00e1guas e esgotos\u201d"}, {"id": "682", "ano": "2021", "numero": "5", "tipo__sigla": "PO", "tipo__descricao": "Portaria", "autoria": "Silmara Girlaine", "texto_original": "http://sapl.santanadavargem.mg.leg.br/media/sapl/public/materialegislativa/2021/682/portaria_05_nomeando_pregoeiro_e_comissao_de_licitacao.pdf", "ementa": "Nomeia Pregoeiro e Comiss\u00e3o de Licita\u00e7\u00e3o"}, {"id": "688", "ano": "2021", "numero": "6", "tipo__sigla": "PO", "tipo__descricao": "Portaria", "autoria": "Silmara Girlaine", "texto_original": "http://sapl.santanadavargem.mg.leg.br/media/sapl/public/materialegislativa/2021/688/06-2021_determina_contratacao_de_servicos_de_energia_eletrica.pdf", "ementa": "Contrata\u00e7\u00e3o de servi\u00e7os de energia el\u00e9trica"}, {"id": "689", "ano": "2021", "numero": "7", "tipo__sigla": "PO", "tipo__descricao": "Portaria", "autoria": "Silmara Girlaine", "texto_original": "http://sapl.santanadavargem.mg.leg.br/media/sapl/public/materialegislativa/2021/689/07-2021_determina_a_contratacao_de_servicos_de_telefonia_fixa.pdf", "ementa": "Contrata\u00e7\u00e3o de empresa especializada em telefonia fixa"}, {"id": "690", "ano": "2021", "numero": "8", "tipo__sigla": "PO", "tipo__descricao": "Portaria", "autoria": "Silmara Girlaine", "texto_original": "http://sapl.santanadavargem.mg.leg.br/media/sapl/public/materialegislativa/2021/690/08-2021determina_contratacao_de_empresa_especializada_em_fornecimento_de_sistema_informatizado_de_gestao_publica.pdf", "ementa": "Contrata\u00e7\u00e3o de empresa especializada para fornecimento de sistema informatizado de gest\u00e3o p\u00fablica"}, {"id": "691", "ano": "2021", "numero": "9", "tipo__sigla": "PO", "tipo__descricao": "Portaria", "autoria": "Silmara Girlaine", "texto_original": "http://sapl.santanadavargem.mg.leg.br/media/sapl/public/materialegislativa/2021/691/09-2021_determina_contratacao_de_empresa_especializada_em_prestacao_de_servico_de_acesso_a_internet.pdf", "ementa": "Contrata\u00e7\u00e3o de empresa especializada em presta\u00e7\u00e3o de servi\u00e7o de acesso \u00e0 internet"}, {"id": "701", "ano": "2021", "numero": "10", "tipo__sigla": "PO", "tipo__descricao": "Portaria", "autoria": "Silmara Girlaine", "texto_original": "http://sapl.santanadavargem.mg.leg.br/media/sapl/public/materialegislativa/2021/701/portaria_10.pdf", "ementa": "Aquisi\u00e7\u00e3o de uniformes para os servidores da C\u00e2mara Municipal de Santana da Vargem"}, {"id": "702", "ano": "2021", "numero": "11", "tipo__sigla": "PO", "tipo__descricao": "Portaria", "autoria": "Silmara Girlaine", "texto_original": "http://sapl.santanadavargem.mg.leg.br/media/sapl/public/materialegislativa/2021/702/portaria_11.pdf", "ementa": "aquisi\u00e7\u00e3o de central PABX e terminal inteligente"}, {"id": "703", "ano": "2021", "numero": "12", "tipo__sigla": "PO", "tipo__descricao": "Portaria", "autoria": "Silmara Girlaine", "texto_original": "http://sapl.santanadavargem.mg.leg.br/media/sapl/public/materialegislativa/2021/703/portaria_12.pdf", "ementa": "Aquisi\u00e7\u00e3o de produtos de panifica\u00e7\u00e3o, leite e derivados"}, {"id": "704", "ano": "2021", "numero": "13", "tipo__sigla": "PO", "tipo__descricao": "Portaria", "autoria": "Silmara Girlaine", "texto_original": "http://sapl.santanadavargem.mg.leg.br/media/sapl/public/materialegislativa/2021/704/portaria_13.pdf", "ementa": "Aquisi\u00e7\u00e3o de g\u00eaneros aliment\u00edcios"}, {"id": "705", "ano": "2021", "numero": "14", "tipo__sigla": "PO", "tipo__descricao": "Portaria", "autoria": "Silmara Girlaine", "texto_original": "http://sapl.santanadavargem.mg.leg.br/media/sapl/public/materialegislativa/2021/705/portaria_14.pdf", "ementa": "Aquisi\u00e7\u00e3o de produtos de limpeza e higiene e utilidades dom\u00e9sticas para a C\u00e2mara Municipal de Santana da Vargem"}, {"id": "715", "ano": "2021", "numero": "15", "tipo__sigla": "PO", "tipo__descricao": "Portaria", "autoria": "Silmara Girlaine", "texto_original": "http://sapl.santanadavargem.mg.leg.br/media/sapl/public/materialegislativa/2021/715/portaria_15-2021.pdf", "ementa": "\u201cDisp\u00f5e sobre expediente administrativo e legislativo, em per\u00edodo espec\u00edfico diante de situa\u00e7\u00e3o de pandemia, no \u00e2mbito e no interesse do Poder Legislativo Municipal \u201d"}, {"id": "719", "ano": "2021", "numero": "16", "tipo__sigla": "PO", "tipo__descricao": "Portaria", "autoria": "Silmara Girlaine", "texto_original": "http://sapl.santanadavargem.mg.leg.br/media/sapl/public/materialegislativa/2021/719/portaria_16.pdf", "ementa": "\u201cDisp\u00f5e sobre a utiliza\u00e7\u00e3o de equipamento m\u00f3vel de computa\u00e7\u00e3o, notebook, no \u00e2mbito e no interesse do Poder Legislativo Municipal \u201d"}, {"id": "720", "ano": "2021", "numero": "17", "tipo__sigla": "PO", "tipo__descricao": "Portaria", "autoria": "Silmara Girlaine", "texto_original": "http://sapl.santanadavargem.mg.leg.br/media/sapl/public/materialegislativa/2021/720/portaria_17.pdf", "ementa": "\u201cDisp\u00f5e sobre a utiliza\u00e7\u00e3o de equipamento m\u00f3vel de computa\u00e7\u00e3o, notebook, no \u00e2mbito e no interesse do Poder Legislativo Municipal \u201d"}, {"id": "721", "ano": "2021", "numero": "18", "tipo__sigla": "PO", "tipo__descricao": "Portaria", "autoria": "Silmara Girlaine", "texto_original": "http://sapl.santanadavargem.mg.leg.br/media/sapl/public/materialegislativa/2021/721/portaria_18.pdf", "ementa": "\u201cDisp\u00f5e sobre a utiliza\u00e7\u00e3o de equipamento m\u00f3vel de computa\u00e7\u00e3o, notebook, no \u00e2mbito e no interesse do Poder Legislativo Municipal \u201d"}, {"id": "725", "ano": "2021", "numero": "19", "tipo__sigla": "PO", "tipo__descricao": "Portaria", "autoria": "Silmara Girlaine", "texto_original": "http://sapl.santanadavargem.mg.leg.br/media/sapl/public/materialegislativa/2021/725/portaria_19-2021.pdf", "ementa": "Contrata\u00e7\u00e3o de servi\u00e7os de emiss\u00e3o de certificados digitais"}, {"id": "745", "ano": "2021", "numero": "20", "tipo__sigla": "PO", "tipo__descricao": "Portaria", "autoria": "Silmara Girlaine", "texto_original": "http://sapl.santanadavargem.mg.leg.br/media/sapl/public/materialegislativa/2021/745/20-2021.pdf", "ementa": "\u201cDisp\u00f5e sobre a revoga\u00e7\u00e3o da Portaria n\u00ba 15-2021"}, {"id": "761", "ano": "2021", "numero": "21", "tipo__sigla": "PO", "tipo__descricao": "Portaria", "autoria": "Silmara Girlaine", "texto_original": "http://sapl.santanadavargem.mg.leg.br/media/sapl/public/materialegislativa/2021/761/portaria_21-2021.pdf", "ementa": "\u201cDetermina a abertura de processo licitat\u00f3rio\r\npara aquisi\u00e7\u00e3o de seguro para o carro oficial da\r\nC\u00e2mara Municipal\u201d"}, {"id": "762", "ano": "2021", "numero": "22", "tipo__sigla": "PO", "tipo__descricao": "Portaria", "autoria": "Silmara Girlaine", "texto_original": "http://sapl.santanadavargem.mg.leg.br/media/sapl/public/materialegislativa/2021/762/portaria_22-2021.pdf", "ementa": "\u201cDetermina a abertura de processo licitat\u00f3rio\r\npara aquisi\u00e7\u00e3o de gasolina comum e etanol\u201d"}, {"id": "763", "ano": "2021", "numero": "23", "tipo__sigla": "PO", "tipo__descricao": "Portaria", "autoria": "Silmara Girlaine", "texto_original": "http://sapl.santanadavargem.mg.leg.br/media/sapl/public/materialegislativa/2021/763/portaria_23_de_05_de_fevereiro_de_2021.pdf", "ementa": "Regulamenta o hor\u00e1rio de funcionamento da C\u00e2mara Municipal de Santana da Vargem e d\u00e1 outras provid\u00eancias"}, {"id": "787", "ano": "2021", "numero": "24", "tipo__sigla": "PO", "tipo__descricao": "Portaria", "autoria": "Silmara Girlaine", "texto_original": "http://sapl.santanadavargem.mg.leg.br/media/sapl/public/materialegislativa/2021/787/portaria_24_-_nao_expediente_em_16_de_fevereiro.pdf", "ementa": "Determina aus\u00eancia de expediente no dia 16 de fevereiro"}, {"id": "794", "ano": "2021", "numero": "25", "tipo__sigla": "PO", "tipo__descricao": "Portaria", "autoria": "Silmara Girlaine Hon\u00f3rio", "texto_original": "http://sapl.santanadavargem.mg.leg.br/media/", "ementa": "Determina a abertura de processo administrativo para aquisi\u00e7\u00e3o de material de expediente"}, {"id": "824", "ano": "2021", "numero": "26", "tipo__sigla": "PO", "tipo__descricao": "Portaria", "autoria": "Silmara Girlaine", "texto_original": "http://sapl.santanadavargem.mg.leg.br/media/sapl/public/materialegislativa/2021/824/2_-_portaria_gas_gpl.pdf", "ementa": "\u201cDetermina a abertura de processo licitat\u00f3rio para\r\naquisi\u00e7\u00e3o de g\u00e1s (GLP) e afins\u201d"}, {"id": "825", "ano": "2021", "numero": "27", "tipo__sigla": "PO", "tipo__descricao": "Portaria", "autoria": "Silmara Girlaine", "texto_original": "http://sapl.santanadavargem.mg.leg.br/media/sapl/public/materialegislativa/2021/825/2_-_portaria_cartorio.pdf", "ementa": "\u201cDetermina a abertura de processo licitat\u00f3rio para contrata\u00e7\u00e3o de presta\u00e7\u00e3o de servi\u00e7os de cart\u00f3rio\u201d"}, {"id": "826", "ano": "2021", "numero": "28", "tipo__sigla": "PO", "tipo__descricao": "Portaria", "autoria": "Silmara Girlaine", "texto_original": "http://sapl.santanadavargem.mg.leg.br/media/sapl/public/materialegislativa/2021/826/2_-_portaria_cartorio.pdf", "ementa": "\u201cDetermina a abertura de processo licitat\u00f3rio para contrata\u00e7\u00e3o de empresa especializada para presta\u00e7\u00e3o de servi\u00e7os de correios\u201d"}, {"id": "872", "ano": "2021", "numero": "29", "tipo__sigla": "PO", "tipo__descricao": "Portaria", "autoria": "Silmara Girlaine", "texto_original": "http://sapl.santanadavargem.mg.leg.br/media/sapl/public/materialegislativa/2021/872/portaria__29-2021.pdf", "ementa": "\u201cDisp\u00f5e sobre a nomea\u00e7\u00e3o da Comiss\u00e3o de\r\nInventario F\u00edsico e Financeiro dos Bens\r\nPatrimoniais\u201d"}, {"id": "873", "ano": "2021", "numero": "30", "tipo__sigla": "PO", "tipo__descricao": "Portaria", "autoria": "Silmara Girlaine", "texto_original": "http://sapl.santanadavargem.mg.leg.br/media/sapl/public/materialegislativa/2021/873/30-2021.pdf", "ementa": "\u201cDisp\u00f5e sobre a forma de execu\u00e7\u00e3o das sess\u00f5es legislativas durante a onda roxa\u201d"}, {"id": "897", "ano": "2021", "numero": "31", "tipo__sigla": "PO", "tipo__descricao": "Portaria", "autoria": "Silmara Girlaine", "texto_original": "http://sapl.santanadavargem.mg.leg.br/media/sapl/public/materialegislativa/2021/897/2_-_portaria.pdf", "ementa": "Aquisi\u00e7\u00e3o de produtos de panifica\u00e7\u00e3o, leite e derivados"}, {"id": "909", "ano": "2021", "numero": "32", "tipo__sigla": "PO", "tipo__descricao": "Portaria", "autoria": "Silmara Girlaine", "texto_original": "http://sapl.santanadavargem.mg.leg.br/media/sapl/public/materialegislativa/2021/909/32_ponto_facultativo.pdf", "ementa": "\u201cPONTO FACULTATIVO NO \u00c2MBITO DO PODER LEGISLATIVO DO MUNIC\u00cdPIO DE SANTANA DA VARGEM - MG, NO DIA 01 DE ABRIL DE 2021.\u201d"}, {"id": "914", "ano": "2021", "numero": "33", "tipo__sigla": "PO", "tipo__descricao": "Portaria", "autoria": "Silmara Girlaine", "texto_original": "http://sapl.santanadavargem.mg.leg.br/media/sapl/public/materialegislativa/2021/914/1_portaria.pdf", "ementa": "\u201cContrata\u00e7\u00e3o de servi\u00e7o especializado em capacita\u00e7\u00e3o para o Poder Legislativo\u201d"}, {"id": "949", "ano": "2021", "numero": "34", "tipo__sigla": "PO", "tipo__descricao": "Portaria", "autoria": "Silmara Girlaine", "texto_original": "http://sapl.santanadavargem.mg.leg.br/media/sapl/public/materialegislativa/2021/949/2_-_portaria.pdf", "ementa": "\u201cDetermina a abertura de processo licitat\u00f3rio para a aquisi\u00e7\u00e3o de livros para o setor jur\u00eddico e para o setor de controle interno\u201d"}, {"id": "1012", "ano": "2021", "numero": "35", "tipo__sigla": "PO", "tipo__descricao": "Portaria", "autoria": "Silmara Girlaine", "texto_original": "http://sapl.santanadavargem.mg.leg.br/media/sapl/public/materialegislativa/2021/1012/portaria_de_encerramento.pdf", "ementa": "\u201cDetermina encerramento de processo  licitat\u00f3rio para contrata\u00e7\u00e3o de empresa para consultoria e treinamentos\u201d"}, {"id": "1014", "ano": "2021", "numero": "36", "tipo__sigla": "PO", "tipo__descricao": "Portaria", "autoria": "Silmara Girlaine", "texto_original": "http://sapl.santanadavargem.mg.leg.br/media/sapl/public/materialegislativa/2021/1014/2_-_portaria.pdf", "ementa": "\u201cDetermina abertura de processo licitat\u00f3rio para aquisi\u00e7\u00e3o de bandeiras: oficial do Brasil, oficial do Estado de Minas Gerais e oficial do munic\u00edpio de Santana da Vargem\u201d"}, {"id": "1015", "ano": "2021", "numero": "37", "tipo__sigla": "PO", "tipo__descricao": "Portaria", "autoria": "Silmara Girlaine", "texto_original": "http://sapl.santanadavargem.mg.leg.br/media/sapl/public/materialegislativa/2021/1015/2_-_portaria.pdf", "ementa": "\u201cDetermina abertura de processo licitat\u00f3rio para contrata\u00e7\u00e3o de empresa especializada em recarga e manuten\u00e7\u00e3o em extintores de inc\u00eandio\u201d"}, {"id": "1019", "ano": "2021", "numero": "38", "tipo__sigla": "PO", "tipo__descricao": "Portaria", "autoria": "Silmara Girlaine", "texto_original": "http://sapl.santanadavargem.mg.leg.br/media/sapl/public/materialegislativa/2021/1019/2_-_portaria.pdf", "ementa": "\u201cContrata\u00e7\u00e3o de servi\u00e7o especializado em capacita\u00e7\u00e3o para o Poder Legislativo\u201d"}, {"id": "1033", "ano": "2021", "numero": "39", "tipo__sigla": "PO", "tipo__descricao": "Portaria", "autoria": "Silmara Girlaine", "texto_original": "http://sapl.santanadavargem.mg.leg.br/media/sapl/public/materialegislativa/2021/1033/2_-_portaria.pdf", "ementa": "\u201cContrata\u00e7\u00e3o de servi\u00e7o especializado em capacita\u00e7\u00e3o\r\npara o Poder Legislativo\u201d"}, {"id": "1038", "ano": "2021", "numero": "40", "tipo__sigla": "PO", "tipo__descricao": "Portaria", "autoria": "Silmara Girlaine", "texto_original": "http://sapl.santanadavargem.mg.leg.br/media/sapl/public/materialegislativa/2021/1038/14-05-2021_portaria_40_de_2021.pdf", "ementa": "Altera a data da sess\u00e3o ordin\u00e1ria do dia 18 de maio de 2021"}, {"id": "1050", "ano": "2021", "numero": "41", "tipo__sigla": "PO", "tipo__descricao": "Portaria", "autoria": "Silmara Girlaine", "texto_original": "http://sapl.santanadavargem.mg.leg.br/media/sapl/public/materialegislativa/2021/1050/portaria.pdf", "ementa": "\u201cDetermina abertura de processo administrativo para\r\no julgamento de contas do exerc\u00edcio financeiro de\r\n2019 e d\u00e1 outras provid\u00eancias\u201d"}, {"id": "1052", "ano": "2021", "numero": "42", "tipo__sigla": "PO", "tipo__descricao": "Portaria", "autoria": "Silmara Girlaine", "texto_original": "http://sapl.santanadavargem.mg.leg.br/media/sapl/public/materialegislativa/2021/1052/1_portaria.pdf", "ementa": "\u201cContrata\u00e7\u00e3o de servi\u00e7o especializado em capacita\u00e7\u00e3o para o Poder Legislativo\u201d"}, {"id": "1061", "ano": "2021", "numero": "43", "tipo__sigla": "PO", "tipo__descricao": "Portaria", "autoria": "Silmara Girlaine", "texto_original": "http://sapl.santanadavargem.mg.leg.br/media/sapl/public/materialegislativa/2021/1061/ponto_facultativo.pdf", "ementa": "\u201cPONTO FACULTATIVO NO \u00c2MBITO DO PODER LEGISLATIVO DO MUNIC\u00cdPIO DE SANTANA DA VARGEM - MG, NO DIA 04 DE JUNHO DE 2021.\u201d"}, {"id": "1062", "ano": "2021", "numero": "44", "tipo__sigla": "PO", "tipo__descricao": "Portaria", "autoria": "Silmara Girlaine", "texto_original": "http://sapl.santanadavargem.mg.leg.br/media/sapl/public/materialegislativa/2021/1062/portaria.pdf", "ementa": "\u201cDetermina a abertura de processo licitat\u00f3rio para aquisi\u00e7\u00e3o de placas, medalhas para homenagens, quadro do presidente e carteira de identifica\u00e7\u00e3o e funcional\u201d"}, {"id": "1073", "ano": "2021", "numero": "45", "tipo__sigla": "PO", "tipo__descricao": "Portaria", "autoria": "Silmara Girlaine", "texto_original": "http://sapl.santanadavargem.mg.leg.br/media/sapl/public/materialegislativa/2021/1073/2_-_portaria.pdf", "ementa": "\u201cDetermina a abertura de processo licitat\u00f3rio para a aquisi\u00e7\u00e3o de  Totem dispensador de \u00e1lcool em gel com acionamento por pedal, m\u00e1scara cir\u00fargica descart\u00e1vel e  m\u00e1scara de prote\u00e7\u00e3o facial lav\u00e1vel\u201d"}, {"id": "1078", "ano": "2021", "numero": "46", "tipo__sigla": "PO", "tipo__descricao": "Portaria", "autoria": "Silmara Girlaine", "texto_original": "http://sapl.santanadavargem.mg.leg.br/media/sapl/public/materialegislativa/2021/1078/2_-_portaria.pdf", "ementa": "\u201cDetermina a abertura de processo licitat\u00f3rio para a aquisi\u00e7\u00e3o de computadores do tipo Desktop\u201d"}, {"id": "1081", "ano": "2021", "numero": "47", "tipo__sigla": "PO", "tipo__descricao": "Portaria", "autoria": "Silmara Girlaine", "texto_original": "http://sapl.santanadavargem.mg.leg.br/media/sapl/public/materialegislativa/2021/1081/portaria_de_encerramento.pdf", "ementa": "\u201cDetermina encerramento de processo  licitat\u00f3rio para contrata\u00e7\u00e3o de servi\u00e7o especializado em capacita\u00e7\u00e3o para o Poder Legislativo\u201d"}, {"id": "1082", "ano": "2021", "numero": "48", "tipo__sigla": "PO", "tipo__descricao": "Portaria", "autoria": "Silmara Girlaine", "texto_original": "http://sapl.santanadavargem.mg.leg.br/media/sapl/public/materialegislativa/2021/1082/2_-_portaria.pdf", "ementa": "\u201cContrata\u00e7\u00e3o de servi\u00e7o especializado em capacita\u00e7\u00e3o para o Poder Legislativo\u201d"}, {"id": "1083", "ano": "2021", "numero": "49", "tipo__sigla": "PO", "tipo__descricao": "Portaria", "autoria": "Silmara Girlaine", "texto_original": "http://sapl.santanadavargem.mg.leg.br/media/sapl/public/materialegislativa/2021/1083/2_-_portaria.pdf", "ementa": "\u201cContrata\u00e7\u00e3o de servi\u00e7o especializado em capacita\u00e7\u00e3o para o Poder Legislativo\u201d"}, {"id": "1099", "ano": "2021", "numero": "50", "tipo__sigla": "PO", "tipo__descricao": "Portaria", "autoria": "Silmara Girlaine", "texto_original": "http://sapl.santanadavargem.mg.leg.br/media/sapl/public/materialegislativa/2021/1099/altera_data.pdf", "ementa": "\u201cDisp\u00f5e sobre a altera\u00e7\u00e3o da data da reuni\u00e3o\r\nordin\u00e1ria do dia 22 de junho de 2021\u201d"}, {"id": "1173", "ano": "2021", "numero": "51", "tipo__sigla": "PO", "tipo__descricao": "Portaria", "autoria": "Silmara Girlaine", "texto_original": "http://sapl.santanadavargem.mg.leg.br/media/sapl/public/materialegislativa/2021/1173/portaria_de_encerramento.pdf", "ementa": "\u201cDetermina encerramento de processo  administrativo para  aquisi\u00e7\u00e3o de material de expediente\u201d"}, {"id": "1174", "ano": "2021", "numero": "52", "tipo__sigla": "PO", "tipo__descricao": "Portaria", "autoria": "Silmara Girlaine", "texto_original": "http://sapl.santanadavargem.mg.leg.br/media/sapl/public/materialegislativa/2021/1174/portaria_de_encerramento.pdf", "ementa": "\u201cDetermina encerramento de processo  administrativo para  contrata\u00e7\u00e3o de empresa especializada em assist\u00eancia de suporte t\u00e9cnica para manuten\u00e7\u00e3o do rel\u00f3gio de ponto\u201d"}, {"id": "1180", "ano": "2021", "numero": "53", "tipo__sigla": "PO", "tipo__descricao": "Portaria", "autoria": "Silmara Girlaine", "texto_original": "http://sapl.santanadavargem.mg.leg.br/media/sapl/public/materialegislativa/2021/1180/16-07-2021_portaria_53.pdf", "ementa": "Disp\u00f5e sobre a exonera\u00e7\u00e3o de servidor efetivo a pedido do mesmo"}, {"id": "1181", "ano": "2021", "numero": "54", "tipo__sigla": "PO", "tipo__descricao": "Portaria", "autoria": "Silmara Girlaine", "texto_original": "http://sapl.santanadavargem.mg.leg.br/media/sapl/public/materialegislativa/2021/1181/54-2021_nomeia_servidor.pdf", "ementa": "Disp\u00f5e sobre a nomea\u00e7\u00e3o de aprovado em concurso p\u00fablico"}, {"id": "1187", "ano": "2021", "numero": "55", "tipo__sigla": "PO", "tipo__descricao": "Portaria", "autoria": "Silmara Girlaine", "texto_original": "http://sapl.santanadavargem.mg.leg.br/media/sapl/public/materialegislativa/2021/1187/portaria_de_encerramento.pdf", "ementa": "\u201cDetermina encerramento de processo  administrativo para contrata\u00e7\u00e3o de empresa especializada em fornecimento de sistema informatizado de gest\u00e3o publica\u201d"}, {"id": "1182", "ano": "2021", "numero": "56", "tipo__sigla": "PO", "tipo__descricao": "Portaria", "autoria": "Silmara Girlaine", "texto_original": "http://sapl.santanadavargem.mg.leg.br/media/sapl/public/materialegislativa/2021/1182/20-07-2021_portaria_nomecao_servidor.pdf", "ementa": "Disp\u00f5e sobre a nomea\u00e7\u00e3o de aprovado em concurso p\u00fablico"}, {"id": "1188", "ano": "2021", "numero": "57", "tipo__sigla": "PO", "tipo__descricao": "Portaria", "autoria": "Silmara Girlaine", "texto_original": "http://sapl.santanadavargem.mg.leg.br/media/sapl/public/materialegislativa/2021/1188/2_-_portaria_ponto.pdf", "ementa": "\u201cDetermina a abertura de processo licitat\u00f3rio para contrata\u00e7\u00e3o de empresa especializada em assist\u00eancia de suporte t\u00e9cnica para manuten\u00e7\u00e3o do rel\u00f3gio de ponto\u201d"}, {"id": "1191", "ano": "2021", "numero": "58", "tipo__sigla": "PO", "tipo__descricao": "Portaria", "autoria": "Silmara Girlaine", "texto_original": "http://sapl.santanadavargem.mg.leg.br/media/sapl/public/materialegislativa/2021/1191/2_-_portaria.pdf", "ementa": "\u201cContrata\u00e7\u00e3o de servi\u00e7o especializado em capacita\u00e7\u00e3o para o Poder Legislativo\u201d"}, {"id": "1205", "ano": "2021", "numero": "59", "tipo__sigla": "PO", "tipo__descricao": "Portaria", "autoria": "Silmara Girlaine", "texto_original": "http://sapl.santanadavargem.mg.leg.br/media/sapl/public/materialegislativa/2021/1205/53-2021_exonera_servido_efetivo_daniel.pdf", "ementa": "\u201cDisp\u00f5e sobre exonera\u00e7\u00e3o de servidor efetivo a pedido do mesmo\u201d"}, {"id": "1206", "ano": "2021", "numero": "60", "tipo__sigla": "PO", "tipo__descricao": "Portaria", "autoria": "Silmara Girlaine", "texto_original": "http://sapl.santanadavargem.mg.leg.br/media/sapl/public/materialegislativa/2021/1206/portaria_59_-_aprovar_as_instrucoes_normativas_01_e_02_do_controle_interno.pdf", "ementa": "\u201cAprova as instru\u00e7\u00f5es normativas n\u00ba 01 e 02 do Controle Interno.\u201d"}, {"id": "1209", "ano": "2021", "numero": "61", "tipo__sigla": "PO", "tipo__descricao": "Portaria", "autoria": "Silmara Girlaine", "texto_original": "http://sapl.santanadavargem.mg.leg.br/media/sapl/public/materialegislativa/2021/1209/6_nomeia_servidor.pdf", "ementa": "\u201cDisp\u00f5e sobre a nomea\u00e7\u00e3o de aprovado em concurso p\u00fablico.\u201d"}, {"id": "1211", "ano": "2021", "numero": "62", "tipo__sigla": "PO", "tipo__descricao": "Portaria", "autoria": "Silmara Girlaine", "texto_original": "http://sapl.santanadavargem.mg.leg.br/media/sapl/public/materialegislativa/2021/1211/nomeia_comissao_de_licitacao.pdf", "ementa": "\u201cNomeia Pregoeiro e Comiss\u00e3o de Licita\u00e7\u00e3o\u201d"}, {"id": "1231", "ano": "2021", "numero": "63", "tipo__sigla": "PO", "tipo__descricao": "Portaria", "autoria": "Silmara Girlaine", "texto_original": "http://sapl.santanadavargem.mg.leg.br/media/sapl/public/materialegislativa/2021/1231/2_-_portaria.pdf", "ementa": "\u201cContrata\u00e7\u00e3o de servi\u00e7o especializado em capacita\u00e7\u00e3o para o Poder Legislativo\u201d"}, {"id": "1256", "ano": "2021", "numero": "64", "tipo__sigla": "PO", "tipo__descricao": "Portaria", "autoria": "Silmara Girlaine", "texto_original": "http://sapl.santanadavargem.mg.leg.br/media/sapl/public/materialegislativa/2021/1256/portaria_de_encerramento.pdf", "ementa": "\u201cDetermina encerramento de processo  administrativo para  aquisi\u00e7\u00e3o de produtos de panifica\u00e7\u00e3o, leite e derivados\u201d"}, {"id": "1257", "ano": "2021", "numero": "65", "tipo__sigla": "PO", "tipo__descricao": "Portaria", "autoria": "Silmara Girlaine", "texto_original": "http://sapl.santanadavargem.mg.leg.br/media/sapl/public/materialegislativa/2021/1257/2_-_portaria.pdf", "ementa": "\u201cAquisi\u00e7\u00e3o de produtos de panifica\u00e7\u00e3o, leite e derivados\u201d"}, {"id": "1258", "ano": "2021", "numero": "66", "tipo__sigla": "PO", "tipo__descricao": "Portaria", "autoria": "Silmara Girlaine", "texto_original": "http://sapl.santanadavargem.mg.leg.br/media/sapl/public/materialegislativa/2021/1258/portaria_66.pdf", "ementa": "\u201cDetermina a abertura de processo administrativo para aquisi\u00e7\u00e3o de material de expediente\u201d"}, {"id": "1259", "ano": "2021", "numero": "67", "tipo__sigla": "PO", "tipo__descricao": "Portaria", "autoria": "Silmara Girlaine", "texto_original": "http://sapl.santanadavargem.mg.leg.br/media/sapl/public/materialegislativa/2021/1259/portaria_67-2021.pdf", "ementa": "\u201cDetermina a abertura de processo administrativo para aquisi\u00e7\u00e3o de arm\u00e1rios, mesas e cadeiras\u201d"}, {"id": "1260", "ano": "2021", "numero": "68", "tipo__sigla": "PO", "tipo__descricao": "Portaria", "autoria": "Silmara Girlaine", "texto_original": "http://sapl.santanadavargem.mg.leg.br/media/sapl/public/materialegislativa/2021/1260/portaria_68-2021.pdf", "ementa": "\u201cDetermina a abertura de processo administrativo para \r\ncontrata\u00e7\u00e3o de servi\u00e7os de jardineiro\u201d"}, {"id": "1272", "ano": "2021", "numero": "69", "tipo__sigla": "PO", "tipo__descricao": "Portaria", "autoria": "Silmara Girlaine", "texto_original": "http://sapl.santanadavargem.mg.leg.br/media/sapl/public/materialegislativa/2021/1272/2_-_portaria.pdf", "ementa": "\u201cContrata\u00e7\u00e3o de servi\u00e7o especializado em capacita\u00e7\u00e3o para o Poder Legislativo\u201d"}, {"id": "1300", "ano": "2021", "numero": "70", "tipo__sigla": "PO", "tipo__descricao": "Portaria", "autoria": "Silmara Girlaine", "texto_original": "http://sapl.santanadavargem.mg.leg.br/media/sapl/public/materialegislativa/2021/1300/portaria_70-2021.pdf", "ementa": "\u201cDetermina a abertura de processo administrativo para \r\ncontrata\u00e7\u00e3o de servi\u00e7os m\u00e3o de obra de encanador\u201d"}, {"id": "1301", "ano": "2021", "numero": "71", "tipo__sigla": "PO", "tipo__descricao": "Portaria", "autoria": "Silmara Girlaine", "texto_original": "http://sapl.santanadavargem.mg.leg.br/media/sapl/public/materialegislativa/2021/1301/ponto_facultativo_06-09.pdf", "ementa": "\u201cPONTO FACULTATIVO NO \u00c2MBITO DO PODER LEGISLATIVO DO MUNIC\u00cdPIO DE SANTANA DA VARGEM - MG, NO DIA 06 DE SETEMBRO DE 2021.\u201d"}, {"id": "1308", "ano": "2021", "numero": "72", "tipo__sigla": "PO", "tipo__descricao": "Portaria", "autoria": "Silmara Girlaine", "texto_original": "http://sapl.santanadavargem.mg.leg.br/media/sapl/public/materialegislativa/2021/1308/2_-_portaria.pdf", "ementa": "\u201cContrata\u00e7\u00e3o de servi\u00e7o especializado em capacita\u00e7\u00e3o para o Poder Legislativo\u201d"}, {"id": "1310", "ano": "2021", "numero": "73", "tipo__sigla": "PO", "tipo__descricao": "Portaria", "autoria": "Silmara Girlaine", "texto_original": "http://sapl.santanadavargem.mg.leg.br/media/sapl/public/materialegislativa/2021/1310/portaria_73_-_autoriza_horas_extras.pdf", "ementa": "Autoriza horas extras \u00e0 Procuradoria Legislativa Municipal"}, {"id": "1312", "ano": "2021", "numero": "74", "tipo__sigla": "PO", "tipo__descricao": "Portaria", "autoria": "Silmara Girlaine", "texto_original": "http://sapl.santanadavargem.mg.leg.br/media/sapl/public/materialegislativa/2021/1312/09-09-2021_portaria_073.pdf", "ementa": "Autoriza realiza\u00e7\u00e3o de horas extras"}, {"id": "1327", "ano": "2021", "numero": "75", "tipo__sigla": "PO", "tipo__descricao": "Portaria", "autoria": "Silmara Girlaine", "texto_original": "http://sapl.santanadavargem.mg.leg.br/media/sapl/public/materialegislativa/2021/1327/10-09-2021_portaria_74_de_setembro.pdf", "ementa": "Disp\u00f5e sobre a altera\u00e7\u00e3o da data da reuni\u00e3o ordin\u00e1ria do dia 14 de setembro de 2021"}, {"id": "1331", "ano": "2021", "numero": "76", "tipo__sigla": "PO", "tipo__descricao": "Portaria", "autoria": "Silmara Girlaine", "texto_original": "http://sapl.santanadavargem.mg.leg.br/media/sapl/public/materialegislativa/2021/1331/portaria.pdf", "ementa": "\u201cAquisi\u00e7\u00e3o de moveis (bancada) a serem utilizados no plen\u00e1rio da C\u00e2mara Municipal de Santana da Vargem\u201d"}, {"id": "1328", "ano": "2021", "numero": "77", "tipo__sigla": "PO", "tipo__descricao": "Portaria", "autoria": "Silmara Girlaine", "texto_original": "http://sapl.santanadavargem.mg.leg.br/media/sapl/public/materialegislativa/2021/1328/3_portaria.pdf", "ementa": "\u201cContrata\u00e7\u00e3o de servi\u00e7o especializado\r\nem capacita\u00e7\u00e3o para o Poder\r\nLegislativo\u201d"}, {"id": "1337", "ano": "2021", "numero": "78", "tipo__sigla": "PO", "tipo__descricao": "Portaria", "autoria": "Silmara Girlaine", "texto_original": "http://sapl.santanadavargem.mg.leg.br/media/sapl/public/materialegislativa/2021/1337/portaria_78_abertura_de_processo_de_ares_condicionados.pdf", "ementa": "\u201cDetermina a abertura de processo administrativo para aquisi\u00e7\u00e3o de aparelhos ares-condicionados\u201d"}, {"id": "1338", "ano": "2021", "numero": "79", "tipo__sigla": "PO", "tipo__descricao": "Portaria", "autoria": "Silmara Girlaine", "texto_original": "http://sapl.santanadavargem.mg.leg.br/media/sapl/public/materialegislativa/2021/1338/potaria_79_abertura_de_processo_de_tanquinho_filtro_de_agua_e_lavadora_de_alta_pressao.pdf", "ementa": "\u201cDetermina a abertura de processo administrativo para  aquisi\u00e7\u00e3o de filtro de \u00e1gua, tanquinho de lavar roupas e m\u00e1quina de lavar de alta press\u00e3o\u201d"}, {"id": "1339", "ano": "2021", "numero": "80", "tipo__sigla": "PO", "tipo__descricao": "Portaria", "autoria": "Silmara Girlaine", "texto_original": "http://sapl.santanadavargem.mg.leg.br/media/sapl/public/materialegislativa/2021/1339/portaria_80_abertura_de_processo_de_aquisicao_de_enfeites_natalinos.pdf", "ementa": "\u201cDetermina a abertura de processo administrativo para  aquisi\u00e7\u00e3o enfeites natalinos\u201d"}, {"id": "1340", "ano": "2021", "numero": "81", "tipo__sigla": "PO", "tipo__descricao": "Portaria", "autoria": "Silmara Girlaine", "texto_original": "http://sapl.santanadavargem.mg.leg.br/media/sapl/public/materialegislativa/2021/1340/portaria_81_abertura_de_processo_de_contratacao_de_empresa_prestadora_de_servico_de_buffet.pdf", "ementa": "\u201cDetermina a abertura de processo administrativo para contrata\u00e7\u00e3o de empresa prestadora de servi\u00e7os de buffet para a realiza\u00e7\u00e3o da 2\u00aa Sess\u00e3o Solene\u201d"}, {"id": "1341", "ano": "2021", "numero": "82", "tipo__sigla": "PO", "tipo__descricao": "Portaria", "autoria": "Silmara Girlaine", "texto_original": "http://sapl.santanadavargem.mg.leg.br/media/sapl/public/materialegislativa/2021/1341/portaria_82_abertura_de_processo_para_aquisicao_de_cadeiras_de_escritorio.pdf", "ementa": "\u201cDetermina a abertura de processo administrativo para  aquisi\u00e7\u00e3o de cadeiras de escrit\u00f3rio\u201d"}, {"id": "1343", "ano": "2021", "numero": "83", "tipo__sigla": "PO", "tipo__descricao": "Portaria", "autoria": "Silmara Girlaine", "texto_original": "http://sapl.santanadavargem.mg.leg.br/media/sapl/public/materialegislativa/2021/1343/portaria_83_-_nao_expediente_em_23_de_setembro.pdf", "ementa": "Determina aus\u00eancia de expediente no dia 23 de setembro."}, {"id": "1359", "ano": "2021", "numero": "84", "tipo__sigla": "PO", "tipo__descricao": "Portaria", "autoria": "Silmara Girlaine", "texto_original": "http://sapl.santanadavargem.mg.leg.br/media/sapl/public/materialegislativa/2021/1359/portaria.pdf", "ementa": "\u201cManuten\u00e7\u00e3o preventiva e corretiva para os equipamentos que comp\u00f5em os sistemas de sonoriza\u00e7\u00e3o da C\u00e2mara Municipal de Santana da Vargem\u201d"}, {"id": "1360", "ano": "2021", "numero": "85", "tipo__sigla": "PO", "tipo__descricao": "Portaria", "autoria": "Silmara Girlaine", "texto_original": "http://sapl.santanadavargem.mg.leg.br/media/sapl/public/materialegislativa/2021/1360/2_-_portaria.pdf", "ementa": "\u201cContrata\u00e7\u00e3o de servi\u00e7o especializado em capacita\u00e7\u00e3o para o Poder Legislativo\u201d"}, {"id": "1389", "ano": "2021", "numero": "86", "tipo__sigla": "PO", "tipo__descricao": "Portaria", "autoria": "Silmara Girlaine", "texto_original": "http://sapl.santanadavargem.mg.leg.br/media/sapl/public/materialegislativa/2021/1389/04-10-2021_portaria_contratacao_de_servico_especializado_em_capacitacao.pdf", "ementa": "Contrata\u00e7\u00e3o de servi\u00e7o especializado em capacita\u00e7\u00e3o para o Poder Legislativo"}, {"id": "1390", "ano": "2021", "numero": "87", "tipo__sigla": "PO", "tipo__descricao": "Portaria", "autoria": "Silmara Girlaine", "texto_original": "http://sapl.santanadavargem.mg.leg.br/media/sapl/public/materialegislativa/2021/1390/04-10-2021_abertura_de_processo_licitatorio_para_aquisicao_de_placas_de_fibra_mineral.pdf", "ementa": "Determina a abertura de processo licitat\u00f3rio para aquisi\u00e7\u00e3o de placas de fibra mineral"}, {"id": "1395", "ano": "2021", "numero": "88", "tipo__sigla": "PO", "tipo__descricao": "Portaria", "autoria": "Silmara Girlaine", "texto_original": "http://sapl.santanadavargem.mg.leg.br/media/sapl/public/materialegislativa/2021/1395/ponto_facultativo_11-10.pdf", "ementa": "\u201cPONTO FACULTATIVO NO \u00c2MBITO DO PODER LEGISLATIVO DO MUNIC\u00cdPIO DE SANTANA DA VARGEM - MG, NO DIA 11 DE OUTUBRO DE 2021.\u201d"}, {"id": "1425", "ano": "2021", "numero": "89", "tipo__sigla": "PO", "tipo__descricao": "Portaria", "autoria": "Silmara Girlaine", "texto_original": "http://sapl.santanadavargem.mg.leg.br/media/sapl/public/materialegislativa/2021/1425/portaria_89.pdf", "ementa": "\u201cContrata\u00e7\u00e3o de empresa especializada para execu\u00e7\u00e3o de servi\u00e7os, para Reforma do Plen\u00e1rio da C\u00e2mara Municipal de Santana da Vargem\u201d"}, {"id": "1436", "ano": "2021", "numero": "90", "tipo__sigla": "PO", "tipo__descricao": "Portaria", "autoria": "Silmara Girlaine", "texto_original": "http://sapl.santanadavargem.mg.leg.br/media/sapl/public/materialegislativa/2021/1436/2_-_portaria.pdf", "ementa": "\u201cContrata\u00e7\u00e3o de consultoria para o setor de Controle Interno da C\u00e2mara Municipal de Santana da Vargem\u201d"}, {"id": "1452", "ano": "2021", "numero": "91", "tipo__sigla": "PO", "tipo__descricao": "Portaria", "autoria": "Silmara Girlaine", "texto_original": "http://sapl.santanadavargem.mg.leg.br/media/sapl/public/materialegislativa/2021/1452/2_-_portaria.pdf", "ementa": "\u201cContrata\u00e7\u00e3o de servi\u00e7o especializado em capacita\u00e7\u00e3o para o Poder Legislativo\u201d"}, {"id": "1453", "ano": "2021", "numero": "92", "tipo__sigla": "PO", "tipo__descricao": "Portaria", "autoria": "Silmara Girlaine", "texto_original": "http://sapl.santanadavargem.mg.leg.br/media/sapl/public/materialegislativa/2021/1453/nao_expediente_92.pdf", "ementa": "Determina aus\u00eancia de expediente nos dias 29 de outubro e 1\u00ba de novembro de 2021"}, {"id": "1461", "ano": "2021", "numero": "93", "tipo__sigla": "PO", "tipo__descricao": "Portaria", "autoria": "Silmara Girlaine", "texto_original": "http://sapl.santanadavargem.mg.leg.br/media/sapl/public/materialegislativa/2021/1461/2_-_portaria.pdf", "ementa": "\u201cContrata\u00e7\u00e3o de servi\u00e7o especializado em capacita\u00e7\u00e3o\r\npara os servidores do Poder Legislativo\u201d"}, {"id": "1462", "ano": "2021", "numero": "94", "tipo__sigla": "PO", "tipo__descricao": "Portaria", "autoria": "Silmara Girlaine", "texto_original": "http://sapl.santanadavargem.mg.leg.br/media/sapl/public/materialegislativa/2021/1462/2_-_portaria.pdf", "ementa": "contrata\u00e7\u00e3o de servi\u00e7os em instala\u00e7\u00e3o de aparelhos de ares condicionados"}, {"id": "1466", "ano": "2021", "numero": "95", "tipo__sigla": "PO", "tipo__descricao": "Portaria", "autoria": "Silmara Girlaine", "texto_original": "http://sapl.santanadavargem.mg.leg.br/media/sapl/public/materialegislativa/2021/1466/2_portaria.pdf", "ementa": "\u201cDetermina a abertura de processo licitat\u00f3rio para aquisi\u00e7\u00e3o de placas/medalhas para homenagens e quadro da Legislatura 2021/2024\u201d"}, {"id": "1504", "ano": "2021", "numero": "96", "tipo__sigla": "PO", "tipo__descricao": "Portaria", "autoria": "Silmara Girlaine", "texto_original": "http://sapl.santanadavargem.mg.leg.br/media/sapl/public/materialegislativa/2021/1504/2_-_portaria.pdf", "ementa": "\u201cContrata\u00e7\u00e3o de servi\u00e7o especializado em capacita\u00e7\u00e3o para o Poder Legislativo\u201d"}, {"id": "1516", "ano": "2021", "numero": "97", "tipo__sigla": "PO", "tipo__descricao": "Portaria", "autoria": "Silmara Girlaine", "texto_original": "http://sapl.santanadavargem.mg.leg.br/media/sapl/public/materialegislativa/2021/1516/portaria_97-2021_2.pdf", "ementa": "Disp\u00f5e sobre a altera\u00e7\u00e3o da data da reuni\u00e3o ordin\u00e1ria do dia 30 de novembro para o dia 29 de novembro de 2021"}, {"id": "1526", "ano": "2021", "numero": "98", "tipo__sigla": "PO", "tipo__descricao": "Portaria", "autoria": "Silmara Girlaine", "texto_original": "http://sapl.santanadavargem.mg.leg.br/media/sapl/public/materialegislativa/2021/1526/2_-_portaria.pdf", "ementa": "\u201cContrata\u00e7\u00e3o de servi\u00e7o especializado em capacita\u00e7\u00e3o para o Poder Legislativo\u201d"}, {"id": "1534", "ano": "2021", "numero": "99", "tipo__sigla": "PO", "tipo__descricao": "Portaria", "autoria": "Silmara Girlaine", "texto_original": "http://sapl.santanadavargem.mg.leg.br/media/sapl/public/materialegislativa/2021/1534/99-2021.pdf", "ementa": "\u201cDisp\u00f5e sobre o atendimento ao p\u00fablico externo no \u00e2mbito da C\u00e2mara Municipal de Santana da Vargem nos dias 09 e 10 de dezembro de 2021\u201d"}, {"id": "1542", "ano": "2021", "numero": "100", "tipo__sigla": "PO", "tipo__descricao": "Portaria", "autoria": "Silmara Girlaine", "texto_original": "http://sapl.santanadavargem.mg.leg.br/media/sapl/public/materialegislativa/2021/1542/autoriza_coduzir_veiculo.pdf", "ementa": "\u201cAutoriza Servidor a conduzir o ve\u00edculo do legislativo\u201d"}, {"id": "1543", "ano": "2021", "numero": "101", "tipo__sigla": "PO", "tipo__descricao": "Portaria", "autoria": "Silmara Girlaine", "texto_original": "http://sapl.santanadavargem.mg.leg.br/media/sapl/public/materialegislativa/2021/1543/portaria_-_prorroga_o_concurso_publico_da_camara.pdf", "ementa": "\u201cProrroga a vig\u00eancia do concurso p\u00fablico n\u00ba 01/2019\u201d"}, {"id": "1553", "ano": "2021", "numero": "102", "tipo__sigla": "PO", "tipo__descricao": "Portaria", "autoria": "Silmara Girlaine", "texto_original": "http://sapl.santanadavargem.mg.leg.br/media/sapl/public/materialegislativa/2021/1553/portaria_102_de_dezembro_de_2021.pdf", "ementa": "Disp\u00f5e sobre o expediente administrativo e o atendimento ao p\u00fablico externo da C\u00e2mara Municipal de Santana da Vargem-MG"}, {"id": "1562", "ano": "2021", "numero": "103", "tipo__sigla": "PO", "tipo__descricao": "Portaria", "autoria": "Silmara Girlaine", "texto_original": "http://sapl.santanadavargem.mg.leg.br/media/sapl/public/materialegislativa/2021/1562/103_exonera.pdf", "ementa": "\u201cDisp\u00f5e sobre exonera\u00e7\u00e3o de cargo comissionado\u201d"}, {"id": "1563", "ano": "2021", "numero": "104", "tipo__sigla": "PO", "tipo__descricao": "Portaria", "autoria": "Silmara Girlaine", "texto_original": "http://sapl.santanadavargem.mg.leg.br/media/sapl/public/materialegislativa/2021/1563/portaria_de_encerramento.pdf", "ementa": "\u201cDetermina encerramento de processo  para contrata\u00e7\u00e3o de empresa especializada em recarga e manuten\u00e7\u00e3o em extintores de inc\u00eandio\u201d"}, {"id": "1564", "ano": "2021", "numero": "105", "tipo__sigla": "PO", "tipo__descricao": "Portaria", "autoria": "Silmara Girlaine", "texto_original": "http://sapl.santanadavargem.mg.leg.br/media/sapl/public/materialegislativa/2021/1564/portaria_de_encerramento.pdf", "ementa": "\u201cDetermina encerramento de processo  para  aquisi\u00e7\u00e3o de  Totem dispensador de \u00e1lcool em gel com acionamento por pedal, m\u00e1scara cir\u00fargica descart\u00e1vel e  m\u00e1scara de prote\u00e7\u00e3o facial lav\u00e1vel\u201d"}, {"id": "1565", "ano": "2021", "numero": "106", "tipo__sigla": "PO", "tipo__descricao": "Portaria", "autoria": "Silmara Girlaine", "texto_original": "http://sapl.santanadavargem.mg.leg.br/media/sapl/public/materialegislativa/2021/1565/portaria_de_encerramento.pdf", "ementa": "\u201cDetermina encerramento de processo  para  contrata\u00e7\u00e3o de servi\u00e7os de jardineiro\u201d"}, {"id": "1393", "ano": "2021", "numero": "2", "tipo__sigla": "PDL", "tipo__descricao": "Projeto de Decreto Legislativo", "autoria": "Silmara Girlaine Hon\u00f3rio", "texto_original": "http://sapl.santanadavargem.mg.leg.br/media/sapl/public/materialegislativa/2021/1393/07-10-2021_decreto_legislativo.pdf", "ementa": "Disp\u00f5e sobre a aprova\u00e7\u00e3o das contas da Prefeitura do Munic\u00edpio de Santana da Vargem, referente ao exerc\u00edcio 2019"}, {"id": "841", "ano": "2021", "numero": "5", "tipo__sigla": "PLC", "tipo__descricao": "Projeto de Lei Complementar", "autoria": "Jos\u00e9 Elias Figueiredo", "texto_original": "http://sapl.santanadavargem.mg.leg.br/media/sapl/public/materialegislativa/2021/841/12-03-2021_projeto_de_lei_complementar_05-2021.pdf", "ementa": "Disp\u00f5e sobre a altera\u00e7\u00e3o da Lei Municipal n\u00b0 1.228-A, de 20 de dezembro de 2010, altera o anexo III da Lei Municipal n\u00b0 1.083, de 02 de julho de 2008 e d\u00e1 outras provid\u00eancias"}, {"id": "985", "ano": "2021", "numero": "6", "tipo__sigla": "PLC", "tipo__descricao": "Projeto de Lei Complementar", "autoria": "Jos\u00e9 Elias Figueiredo", "texto_original": "http://sapl.santanadavargem.mg.leg.br/media/sapl/public/materialegislativa/2021/985/29-04-2021_projeto_de_lei_complementar_06-2021.pdf", "ementa": "\"Institui a Contribui\u00e7\u00e3o de ilumina\u00e7\u00e3o p\u00fablica e d\u00e1 outras provid\u00eancias\""}, {"id": "1351", "ano": "2021", "numero": "7", "tipo__sigla": "PLC", "tipo__descricao": "Projeto de Lei Complementar", "autoria": "Jos\u00e9 Elias Figueiredo", "texto_original": "http://sapl.santanadavargem.mg.leg.br/media/sapl/public/materialegislativa/2021/1351/17-09-2021_prrojeto_de_emennda_a_lei_complementar.pdf", "ementa": "\"Altera o artigo 16, da Lei Municipal n\u00ba 249, de 13 de Setembro de 1985, que institui o C\u00f3digo de Postura Municipal, referente a permiss\u00e3o de uso de pra\u00e7as e logradouros p\u00fablicos para explora\u00e7\u00e3o de atividades comercias\"."}, {"id": "1292", "ano": "2021", "numero": "52", "tipo__sigla": "PLO", "tipo__descricao": "Projeto de Lei Ordin\u00e1ria", "autoria": "Jos\u00e9 Elias Figueiredo", "texto_original": "http://sapl.santanadavargem.mg.leg.br/media/sapl/public/materialegislativa/2021/1292/31-08-2021_projeto_de_lei_60-2021.pdf", "ementa": "Estima receita fixa despesas do munic\u00edpio de Santana da Vargem-MG para o exerc\u00edcio financeiro de 2022"}, {"id": "1293", "ano": "2021", "numero": "53", "tipo__sigla": "PLO", "tipo__descricao": "Projeto de Lei Ordin\u00e1ria", "autoria": "Jos\u00e9 Elias Figueiredo", "texto_original": "http://sapl.santanadavargem.mg.leg.br/media/sapl/public/materialegislativa/2021/1293/31-08-2021_projeto_de_lei_53.pdf", "ementa": "Disp\u00f5e sobre o plano plurianual para o per\u00edodo 2022-2025"}, {"id": "1435", "ano": "2021", "numero": "64", "tipo__sigla": "PLO", "tipo__descricao": "Projeto de Lei Ordin\u00e1ria", "autoria": "Jos\u00e9 Elias Figueiredo", "texto_original": "http://sapl.santanadavargem.mg.leg.br/media/sapl/public/materialegislativa/2021/1435/projeto_de_lei_64-2021.pdf", "ementa": "Disp\u00f5e sobre a autoriza\u00e7\u00e3o para participa\u00e7\u00e3o do Munic\u00edpio de Santana da Vargem/MG no Cons\u00f3rcio Intermunicipal Multifinalit\u00e1rio do Baixo Sapuca\u00ed e d\u00e1 outras provid\u00eancias"}, {"id": "1467", "ano": "2021", "numero": "65", "tipo__sigla": "PLO", "tipo__descricao": "Projeto de Lei Ordin\u00e1ria", "autoria": "Jos\u00e9 Elias Figueiredo", "texto_original": "http://sapl.santanadavargem.mg.leg.br/media/sapl/public/materialegislativa/2021/1467/projeto_de_lei_ordinaria_65-2021_1.pdf", "ementa": "Cria Projeto/Atividades no PPA, autoriza abertura de cr\u00e9ditos adicionais especiais por excesso de arrecada\u00e7\u00e3o no or\u00e7amento 2021, para atender despesas referentes \u00e0 Resolu\u00e7\u00e3o SES/MG n\u00ba 7.627, de 03 de agosto de 2021"}, {"id": "1520", "ano": "2021", "numero": "66", "tipo__sigla": "PLO", "tipo__descricao": "Projeto de Lei Ordin\u00e1ria", "autoria": "Jos\u00e9 Elias Figueiredo", "texto_original": "http://sapl.santanadavargem.mg.leg.br/media/sapl/public/materialegislativa/2021/1520/projeto_de_lei_66-2021.pdf", "ementa": "Altera o Art 4\u00ba da Lei 1532 de 16 de novembro de 2020- Lei Or\u00e7ament\u00e1ria Anual- LOA e d\u00e1 outras provid\u00eancias"}, {"id": "1533", "ano": "2021", "numero": "68", "tipo__sigla": "PLO", "tipo__descricao": "Projeto de Lei Ordin\u00e1ria", "autoria": "Jos\u00e9 Elias Figueiredo", "texto_original": "http://sapl.santanadavargem.mg.leg.br/media/sapl/public/materialegislativa/2021/1533/plo_68-2021.pdf", "ementa": "Disp\u00f5e sobre abertura de cr\u00e9dito adicional suplementar, na fonte de recurso 259, para atendimento das despesas da manuten\u00e7\u00e3o de atividade da Sa\u00fade B\u00e1sica e d\u00e1 outras provid\u00eancias"}, {"id": "843", "ano": "2021", "numero": "3", "tipo__sigla": "PLOLe", "tipo__descricao": "Projeto de Lei Ordin\u00e1ria do Legislativo", "autoria": "Ronalthe", "texto_original": "http://sapl.santanadavargem.mg.leg.br/media/sapl/public/materialegislativa/2021/843/pl_03-21_-_ver.ronaltherocha.pdf", "ementa": "Declara a Utilidade P\u00fablica Municipal o \"Conselho Comunit\u00e1rio de Seguran\u00e7a P\u00fablica, CONSEP\", com sede no Munic\u00edpio de Santana da Vargem-MG e d\u00e1 outras provid\u00eancias\"."}, {"id": "869", "ano": "2021", "numero": "4", "tipo__sigla": "PLOLe", "tipo__descricao": "Projeto de Lei Ordin\u00e1ria do Legislativo", "autoria": "Juninho", "texto_original": "http://sapl.santanadavargem.mg.leg.br/media/sapl/public/materialegislativa/2021/869/pl_juninho_-_le.pdf", "ementa": "Disp\u00f5e sobre a implanta\u00e7\u00e3o do programa \"Meu Primeiro Emprego\" no munic\u00edpio de Santana da Vargem -MG e d\u00e1 outras provid\u00eancias"}, {"id": "1284", "ano": "2021", "numero": "24", "tipo__sigla": "PLOLe", "tipo__descricao": "Projeto de Lei Ordin\u00e1ria do Legislativo", "autoria": "Silmara Girlaine", "texto_original": "http://sapl.santanadavargem.mg.leg.br/media/sapl/public/materialegislativa/2021/1284/24-08-2021_projeto_de_lei_24-2021_silmara.pdf", "ementa": "\u201cD\u00e1 se o nome de Rua Natal Alaercio Sabatin ao logradouro p\u00fablico Rua Projetada- Rua sem sa\u00edda que confronta com a rua Pedro Vicente Ferreira localizado no Centro, neste munic\u00edpio\u201d"}, {"id": "1349", "ano": "2021", "numero": "35", "tipo__sigla": "PLOLe", "tipo__descricao": "Projeto de Lei Ordin\u00e1ria do Legislativo", "autoria": "Jackson Luiz", "texto_original": "http://sapl.santanadavargem.mg.leg.br/media/sapl/public/materialegislativa/2021/1349/16-09-2021_porjeto_de_lei_35-2021_jackson.pdf", "ementa": "Institui o programa \u201cOftalmologista na Escola\u201d no Munic\u00edpio de Santana da Vargem, dispondo sobre a realiza\u00e7\u00e3o de exames oftalmol\u00f3gicos para alunos das escolas p\u00fablicas municipais e d\u00e1 outras provid\u00eancias."}, {"id": "1430", "ano": "2021", "numero": "37", "tipo__sigla": "PLOLe", "tipo__descricao": "Projeto de Lei Ordin\u00e1ria do Legislativo", "autoria": "Luiz Felipe", "texto_original": "http://sapl.santanadavargem.mg.leg.br/media/sapl/public/materialegislativa/2021/1430/plo_leg_37-21.pdf", "ementa": "Cria o Fundo Municipal de Saneamento B\u00e1sico- FMSB e d\u00e1 outras provid\u00eancias"}, {"id": "693", "ano": "2021", "numero": "2", "tipo__sigla": "REQ", "tipo__descricao": "Requerimento", "autoria": "Juninho", "texto_original": "http://sapl.santanadavargem.mg.leg.br/media/", "ementa": "Requer informa\u00e7\u00f5es sobre a creche Pr\u00f3 Inf\u00e2ncia T-2."}, {"id": "694", "ano": "2021", "numero": "3", "tipo__sigla": "REQ", "tipo__descricao": "Requerimento", "autoria": "Juninho", "texto_original": "http://sapl.santanadavargem.mg.leg.br/media/", "ementa": "Requer informa\u00e7\u00f5es sobre as doa\u00e7\u00f5es de terrenos a empresas no distrito industrial , que foram doados no mandato 2013/2016."}, {"id": "758", "ano": "2021", "numero": "4", "tipo__sigla": "REQ", "tipo__descricao": "Requerimento", "autoria": "Jackson Luiz", "texto_original": "http://sapl.santanadavargem.mg.leg.br/media/sapl/public/materialegislativa/2021/758/004-2021_jackson.pdf", "ementa": "Cumprimentando-a cordialmente venho por meio deste, solicitar informa\u00e7\u00f5es e presta\u00e7\u00e3o de contas sobre o fundo especial de natureza cont\u00e1bil e de \u00e2mbito estadual FUNDEB (Fundo de Manuten\u00e7\u00e3o e Desenvolvimento de Educa\u00e7\u00e3o B\u00e1sica e de Valoriza\u00e7\u00e3o dos Profissionais de Educa\u00e7\u00e3o), do ano de 2020"}, {"id": "793", "ano": "2021", "numero": "5", "tipo__sigla": "REQ", "tipo__descricao": "Requerimento", "autoria": "Juninho", "texto_original": "http://sapl.santanadavargem.mg.leg.br/media/sapl/public/materialegislativa/2021/793/requerimento_003-2021_juninho.pdf", "ementa": "Requer do Exm\u00b0Sr. Jos\u00e9 Elias Figueiredo, prefeito municipal, c\u00f3pias de todos os processos licitat\u00f3rios de 2013 a 2016 (m\u00eddia digital)"}, {"id": "796", "ano": "2021", "numero": "6", "tipo__sigla": "REQ", "tipo__descricao": "Requerimento", "autoria": "Juninho", "texto_original": "http://sapl.santanadavargem.mg.leg.br/media/sapl/public/materialegislativa/2021/796/18-02-2021_requerimento_004-2021_juninho.pdf", "ementa": "Requer do Exm\u00b0 Sr. Jos\u00e9 Elias Figueiredo, prefeito municipal, c\u00f3pias de todos os projetos de lei encaminhados a casa legislativa do munic\u00edpio entre os anos de 2013 a 2016"}, {"id": "797", "ano": "2021", "numero": "7", "tipo__sigla": "REQ", "tipo__descricao": "Requerimento", "autoria": "Juninho", "texto_original": "http://sapl.santanadavargem.mg.leg.br/media/sapl/public/materialegislativa/2021/797/18-02-2021_requerimento_005-2021_juninho.pdf", "ementa": "Requer do Exm\u00b0 Sr. Jos\u00e9 Elias Figueiredo, prefeito municipal, um relat\u00f3rio contendo os nomes e as portarias das secret\u00e1rias de a\u00e7\u00e3o social do munic\u00edpio nos \u00faltimos 20 anos"}, {"id": "1018", "ano": "2021", "numero": "8", "tipo__sigla": "REQ", "tipo__descricao": "Requerimento", "autoria": "Ezequiel, Juninho", "texto_original": "http://sapl.santanadavargem.mg.leg.br/media/sapl/public/materialegislativa/2021/1018/10-05-2021_requerimento_01-2021_vitor_donizzetti_e_ezequiel.pdf", "ementa": "Requeremos \u00e0 Vossa Excel\u00eancia, nos termos do art. 38, inciso X, do Regimento Interno, ouvido o Plen\u00e1rio, seja registrada nos Anais dessa Casa, mo\u00e7\u00e3o de aplausos a empresa Agro CP, na pessoa do Sr. Marcos Jos\u00e9 Lucas (Ch\u00e9), Sra. Suzana Maria Lucas e Sr. Marcio Vinicius Lucas, em reconhecimento dos seus relevantes servi\u00e7os prestados ao desenvolvimento social e gera\u00e7\u00e3o de emprego e renda nesta cidade"}, {"id": "1042", "ano": "2021", "numero": "9", "tipo__sigla": "REQ", "tipo__descricao": "Requerimento", "autoria": "Ronalthe", "texto_original": "http://sapl.santanadavargem.mg.leg.br/media/sapl/public/materialegislativa/2021/1042/17-05-2021_requerimento_ronalthe.pdf", "ementa": "Requeremos de V. Ex\u00aa, nos termos do inciso X do par\u00e1grafo \u00fanico do art. 38 do Regimento interno, ouvido o Plen\u00e1rio, seja registrada nos Anais dessa casa, mo\u00e7\u00e3o de aplausos para os m\u00e9dicos (as), enfermeiras (os) e os servidores que trabalham na \u00e1rea da sa\u00fade do munic\u00edpio, em reconhecimento aos seus relevantes servi\u00e7os prestados no combate \u00e0 pandemia e na promo\u00e7\u00e3o da sa\u00fade e do bem estar dos cidad\u00e3os vargenses"}, {"id": "1055", "ano": "2021", "numero": "10", "tipo__sigla": "REQ", "tipo__descricao": "Requerimento", "autoria": "Juninho", "texto_original": "http://sapl.santanadavargem.mg.leg.br/media/sapl/public/materialegislativa/2021/1055/24-05-2021_requerimeto_006_juninho.pdf", "ementa": "Requer ao Exm\u00ba Sr. Jos\u00e9 Elias Figueiredo, prefeito municipal, atrav\u00e9s da secretaria de sa\u00fade, um relat\u00f3rio contendo a quantidade de pessoas que est\u00e3o em tratamento oncol\u00f3gico no munic\u00edpio"}, {"id": "1058", "ano": "2021", "numero": "11", "tipo__sigla": "REQ", "tipo__descricao": "Requerimento", "autoria": "Juninho", "texto_original": "http://sapl.santanadavargem.mg.leg.br/media/sapl/public/materialegislativa/2021/1058/26-05-2021_requerimento_01_jackson_e_juninho.pdf", "ementa": "Requer do Exm\u00ba Sr. Jos\u00e9 Elias Figueiredo, prefeito municipal, informa\u00e7\u00f5es sobre a instala\u00e7\u00e3o da empresa TECNOTEXTIL no munic\u00edpio, e se h\u00e1 algum im\u00f3vel locado para instala\u00e7\u00e3o da mesma"}, {"id": "1104", "ano": "2021", "numero": "12", "tipo__sigla": "REQ", "tipo__descricao": "Requerimento", "autoria": "Juninho", "texto_original": "http://sapl.santanadavargem.mg.leg.br/media/sapl/public/materialegislativa/2021/1104/16-06-2021_requerimento_008-2021_juninho.pdf", "ementa": "Requer do Exm\u00ba Sr. Jos\u00e9 Elias Figueiredo, prefeito municipal, atrav\u00e9s da secretaria de a\u00e7\u00e3o social um relat\u00f3rio de quantas pessoas foram beneficiadas com a doa\u00e7\u00e3o de cestas b\u00e1sicas at\u00e9 a presente data, bem como, um relat\u00f3rio de doa\u00e7\u00e3o dos \u00faltimos 8 anos."}, {"id": "1207", "ano": "2021", "numero": "13", "tipo__sigla": "REQ", "tipo__descricao": "Requerimento", "autoria": "Luiz Felipe", "texto_original": "http://sapl.santanadavargem.mg.leg.br/media/sapl/public/materialegislativa/2021/1207/requerimento_01-2021_felipao_2.pdf", "ementa": "Requeiro de V. Ex\u00aa, nos termos do inciso XI do art. 38 do Regimento Interno, Informa\u00e7\u00f5es acerca dos gols da quadra do bairro Padre Victor que foram retirados e at\u00e9 o momento n\u00e3o foram recolocados"}, {"id": "1208", "ano": "2021", "numero": "14", "tipo__sigla": "REQ", "tipo__descricao": "Requerimento", "autoria": "Luiz Felipe", "texto_original": "http://sapl.santanadavargem.mg.leg.br/media/sapl/public/materialegislativa/2021/1208/requerimento_02-2021_felipao_1.pdf", "ementa": "Requeiro de V. Ex\u00aa nos termos do inciso XI do art. 38 do Regimento Interno, informa\u00e7\u00f5es acerca da possibilidade de o munic\u00edpio disponibilizar o atendimento aos cidad\u00e3os no centro de sa\u00fade 24 horas por dia, durante todos os dias da semana."}, {"id": "1278", "ano": "2021", "numero": "15", "tipo__sigla": "REQ", "tipo__descricao": "Requerimento", "autoria": "Luiz Felipe", "texto_original": "http://sapl.santanadavargem.mg.leg.br/media/sapl/public/materialegislativa/2021/1278/23-08-2021_requerimento_03-2021_felipao_1.pdf", "ementa": "Requeiro de V. Ex\u00aa, nos termos do inciso XI do art. 38 do Regimento interno, informa\u00e7\u00f5es sobre a situa\u00e7\u00e3o do munic\u00edpio em rela\u00e7\u00e3o \u00e0 disponibilidade do soro antiof\u00eddico, antiescorpi\u00f4nico ou qualquer outro animal pe\u00e7onhento"}, {"id": "1279", "ano": "2021", "numero": "16", "tipo__sigla": "REQ", "tipo__descricao": "Requerimento", "autoria": "Luiz Felipe", "texto_original": "http://sapl.santanadavargem.mg.leg.br/media/sapl/public/materialegislativa/2021/1279/23-08-2021_requerimento_04-2021_felipao.pdf", "ementa": "Requeiro de V.Ex\u00aa, nos termos do inciso XI do art. 38 do Regimento Interno, informa\u00e7\u00f5es sobre a situa\u00e7\u00e3o dos trabalhadores do almoxarifado. Mais especificamente eu gostaria de saber por que foi cortado 20% do sal\u00e1rio que recebiam a mais pela insalubridade."}, {"id": "1303", "ano": "2021", "numero": "17", "tipo__sigla": "REQ", "tipo__descricao": "Requerimento", "autoria": "Luiz Felipe", "texto_original": "http://sapl.santanadavargem.mg.leg.br/media/sapl/public/materialegislativa/2021/1303/03-09-2021_requerimento_05-2021_felipao.pdf", "ementa": "Requeiro de V.Ex\u00aa, nos termos do inciso XI do art. 38 do Regimento Interno, informa\u00e7\u00f5es sobre a destina\u00e7\u00e3o da verba recebida (ou a receber) pelo munic\u00edpio de Santana da Vargem em decorr\u00eancia de decis\u00e3o da Assembleia de Minas Gerais em destinar parte da indeniza\u00e7\u00e3o da Vale do Rio Doce aos munic\u00edpios mineiros."}, {"id": "1086", "ano": "2021", "numero": "1", "tipo__sigla": "VETO", "tipo__descricao": "Veto", "autoria": "Jos\u00e9 Elias Figueiredo", "texto_original": "http://sapl.santanadavargem.mg.leg.br/media/sapl/public/materialegislativa/2021/1086/veto_01.pdf", "ementa": "Veta integralmente o projeto de lei n\u00ba 05/2021 de 14 de maio de 2021, na C\u00e2mara Municipal, que \" Disp\u00f5e sobre a preferencia na matr\u00edcula ou transfer\u00eancia nas creches e institui\u00e7\u00f5es de ensino infantil e fundamental do munic\u00edpio de Santana da Vargem, e d\u00e1 outras provid\u00eancias\""}, {"id": "1523", "ano": "2021", "numero": "2", "tipo__sigla": "VETO", "tipo__descricao": "Veto", "autoria": "Jos\u00e9 Elias Figueiredo", "texto_original": "http://sapl.santanadavargem.mg.leg.br/media/sapl/public/materialegislativa/2021/1523/veto_ao_projeto_de_lei_do_legislativo_13_-1-5.pdf", "ementa": "Veto Integral ao Projeto de Lei Ordin\u00e1rio do Legislativo n\u00ba 13, de 02 de Julho de 2021, que \"Institui o Programa de Atendimento M\u00e9dico Pediatra, na (s) creches municipais de Santana da Vargem e d\u00e1 outras provid\u00eancias"}, {"id": "1555", "ano": "2021", "numero": "3", "tipo__sigla": "VETO", "tipo__descricao": "Veto", "autoria": "Jos\u00e9 Elias Figueiredo", "texto_original": "http://sapl.santanadavargem.mg.leg.br/media/sapl/public/materialegislativa/2021/1555/veto_ao_projeto_de_lei.pdf", "ementa": "\"Veto integral ao Projeto de Lei Ordin\u00e1ria do Legislativo n\u00ba 31 de 03 de novembro de 2021 que: \"Disp\u00f5e sobre a presta\u00e7\u00e3o de servi\u00e7os de odontologia nas redes p\u00fablicas de educa\u00e7\u00e3o\"."}, {"id": "1391", "ano": "2021", "numero": "1", "tipo__sigla": "PCE", "tipo__descricao": "Presta\u00e7\u00e3o de Contas do Executivo", "autoria": "CFO - Comiss\u00e3o de Finan\u00e7as e Or\u00e7amento 2021-2024", "texto_original": "http://sapl.santanadavargem.mg.leg.br/media/", "ementa": "Julgamento de contas de 2019."}, {"id": "1405", "ano": "2021", "numero": "1", "tipo__sigla": "PS", "tipo__descricao": "Projeto Substitutivo", "autoria": "Luiz Felipe", "texto_original": "http://sapl.santanadavargem.mg.leg.br/media/sapl/public/materialegislativa/2021/1405/alteracao__lei_suprimento_de_fundos.pdf", "ementa": "\u201cDisp\u00f5e sobre a concess\u00e3o e presta\u00e7\u00e3o de contas do suprimento de fundos no \u00e2mbito do Munic\u00edpio de Santana da Vargem.\u201d"}, {"id": "1496", "ano": "2021", "numero": "2", "tipo__sigla": "PS", "tipo__descricao": "Projeto Substitutivo", "autoria": "Silmara Girlaine", "texto_original": "http://sapl.santanadavargem.mg.leg.br/media/sapl/public/materialegislativa/2021/1496/projeto_substitutivo_02.pdf", "ementa": "Disp\u00f5e sobre as hip\u00f3teses de realiza\u00e7\u00e3o de acordo judicial ou administrativo, desist\u00eancia recursal, e outros em que o Munic\u00edpio de Santana da Vargem \u00e9 parte ou interessado"}, {"id": "1521", "ano": "2021", "numero": "3", "tipo__sigla": "PS", "tipo__descricao": "Projeto Substitutivo", "autoria": "Ronalthe", "texto_original": "http://sapl.santanadavargem.mg.leg.br/media/sapl/public/materialegislativa/2021/1521/projeto_de_lei_substitutivo_03-2021.pdf", "ementa": "\"Disp\u00f5e sobre a cria\u00e7\u00e3o do Projeto \"Educando para o Futuro\"  no munic\u00edpio de Santana da Vargem\"."}]}